{"id":9788,"date":"2016-07-11T12:00:21","date_gmt":"2016-07-11T10:00:21","guid":{"rendered":"http:\/\/1001voyagesgourmands.com\/?p=9788"},"modified":"2016-07-11T19:10:52","modified_gmt":"2016-07-11T17:10:52","slug":"salar-de-uyun-nejvetsi-solna-plan","status":"publish","type":"post","link":"https:\/\/1001voyagesgourmands.com\/cs\/salar-de-uyun-nejvetsi-solna-plan\/","title":{"rendered":"Salar de Uyuni: nejv\u011bt\u0161\u00ed soln\u00e1 pl\u00e1\u0148 na sv\u011bt\u011b"},"content":{"rendered":"<p style=\"text-align: justify;\">Salar de Uyuni je se svou rozlohou 10 582 km\u00b2 nejv\u011bt\u0161\u00ed soln\u00e1 pl\u00e1\u0148 na sv\u011bt\u011b a d\u00edky sv\u00e9 nadmo\u0159sk\u00e9 v\u00fd\u0161ce 3 650 m se tak\u00e9 jedn\u00e1 o nejv\u00fd\u0161e polo\u017eenou solnou pl\u00e1\u0148 na sv\u011bt\u011b, nach\u00e1zej\u00edc\u00ed se na jihoz\u00e1pad\u011b Bol\u00edvie. Kr\u00e1sa surov\u00e9 krajiny d\u011bl\u00e1 ze Salaru jednu z&nbsp;nejkr\u00e1sn\u011bj\u0161\u00edch pod\u00edvan\u00fdch v&nbsp;Ji\u017en\u00ed Americe a m\u00edsto, kter\u00e9 v\u00e1m vyraz\u00ed dech. Salar de Uyuni je poz\u016fstatkem obrovsk\u00e9ho slan\u00e9ho jezera Lago Minchin z&nbsp;dob pleistoc\u00e9nu a dnes jde o nekone\u010dn\u011b rovnou krajinu pokrytou solnou krustou, na kter\u00e9 se sem tam vyno\u0159\u00fd mal\u00fd ostr\u016fvek. Kilometry rovn\u00e9 b\u00edl\u00e9 krajiny p\u0159ipom\u00ednaj\u00ed za sucha cestu na severn\u00ed p\u00f3l a pokud se tam vyd\u00e1te po de\u0161ti, m\u016f\u017eete tu za\u017e\u00edt nejv\u011bt\u0161\u00ed p\u0159\u00edrodn\u00ed zrcadlo na sv\u011bt\u011b, kdy se obloha odr\u00e1\u017e\u00ed ve vrstv\u011b vody na soln\u00e9m povrchu. Jak vypadal prvn\u00ed den na\u0161eho t\u0159\u00eddenn\u00edho v\u00fdletu s&nbsp;agenturou Salt Andes Expedition v listopadu 2015, a co skr\u00fdv\u00e1 magick\u00fd Salar de Uyuni, se do\u010dtete v&nbsp;tomto \u010dl\u00e1nku.&nbsp;Pokud hled\u00e1te praktick\u00e9 informace&nbsp;o tom, jak se tam dostat, kdy &nbsp;jet, co s sebou, jak si vybrat agenturu a na co si d\u00e1t pozor, p\u0159e\u010dt\u011bte si m\u00e9ho <strong><a href=\"http:\/\/1001voyagesgourmands.com\/2016\/06\/27\/rychly-pruvodce-vylety-na-salar-de-uyuni\/\">Rychl\u00e9ho pr\u016fvodce v\u00fdlety na bolivijsk\u00fd Salar<\/a><\/strong>.<\/p>\n<p style=\"text-align: justify;\"><img loading=\"lazy\" decoding=\"async\" class=\"aligncenter wp-image-9969\" src=\"http:\/\/1001voyagesgourmands.com\/wp-content\/uploads\/2016\/07\/Salar_de_Uyuni_nejvetsi_solna_plan-titulek.jpg\" alt=\"Salar de Uyuni je nejv\u011bt\u0161\u00ed soln\u00e1 pl\u00e1\u0148 na sv\u011bt\u011b, nach\u00e1zej\u00edc\u00ed se v jihoz\u00e1padn\u00ed Bol\u00edvii. Vydejte se s n\u00e1mi na neskute\u010dn\u00fd v\u00fdlet na nekone\u010dn\u011b plochou b\u00edlou pou\u0161\u0165\" width=\"871\" height=\"603\" srcset=\"https:\/\/1001voyagesgourmands.com\/wp-content\/uploads\/2016\/07\/Salar_de_Uyuni_nejvetsi_solna_plan-titulek.jpg 737w, https:\/\/1001voyagesgourmands.com\/wp-content\/uploads\/2016\/07\/Salar_de_Uyuni_nejvetsi_solna_plan-titulek-300x208.jpg 300w, https:\/\/1001voyagesgourmands.com\/wp-content\/uploads\/2016\/07\/Salar_de_Uyuni_nejvetsi_solna_plan-titulek-585x405.jpg 585w\" sizes=\"auto, (max-width: 871px) 100vw, 871px\" \/><\/p>\n<p style=\"text-align: justify;\">&nbsp;<\/p>\n<div style=\"display: none;\"><img loading=\"lazy\" decoding=\"async\" class=\"aligncenter size-large wp-image-9859\" src=\"http:\/\/1001voyagesgourmands.com\/wp-content\/uploads\/2016\/06\/Salar_de_Uyuni_PIN-683x1024.jpg\" alt=\"Jak vypadal prvn\u00ed den na\u0161eho t\u0159\u00eddenn\u00edho v\u00fdletu s agenturou Salt Andes Expedition, a co skr\u00fdv\u00e1 magick\u00fd Salar de Uyuni, se do\u010dtete v tomto \u010dl\u00e1nku.\" width=\"683\" height=\"1024\" srcset=\"https:\/\/1001voyagesgourmands.com\/wp-content\/uploads\/2016\/06\/Salar_de_Uyuni_PIN-683x1024.jpg 683w, https:\/\/1001voyagesgourmands.com\/wp-content\/uploads\/2016\/06\/Salar_de_Uyuni_PIN-200x300.jpg 200w, https:\/\/1001voyagesgourmands.com\/wp-content\/uploads\/2016\/06\/Salar_de_Uyuni_PIN-585x877.jpg 585w, https:\/\/1001voyagesgourmands.com\/wp-content\/uploads\/2016\/06\/Salar_de_Uyuni_PIN.jpg 735w\" sizes=\"auto, (max-width: 683px) 100vw, 683px\" \/><\/div>\n<h2 style=\"text-align: justify;\">P\u0159\u00edjezd od Uyuni<\/h2>\n<p style=\"text-align: justify;\">Po celono\u010dn\u00ed j\u00edzd\u011b autobusem z&nbsp;La Paz jsme v&nbsp;6 r\u00e1no p\u0159ijeli do Uyuni. V&nbsp;pr\u016fvodci n\u00e1m to naserv\u00edrovali jako p\u0159\u00edjezd do <em>apokalyptick\u00e9 vesnice, ze kter\u00e9 nen\u00ed n\u00e1vratu<\/em>. \u0158\u00edkali jsme si, \u017ee Routard ob\u010das p\u0159eh\u00e1n\u00ed, ale mus\u00edm \u0159\u00edct, \u017ee v&nbsp;6 hodin r\u00e1no vypad\u00e1 Uyuni jako m\u00edsto, kde se zastavil \u010das. P\u0159edstavte si zch\u00e1tralou vesnici, kde se po lidech slehla zem. B\u011bhem&nbsp;noci tu p\u011bkn\u011b tuhne a to i v&nbsp;l\u00e9t\u011b &#8211; Uyuni se toti\u017e nach\u00e1z\u00ed ve v\u00fd\u0161ce 3 650 m nad mo\u0159em. Po p\u0159\u00edjezdu se cel\u00fd rozespal\u00fd autobus vyd\u00e1 do jedin\u00e9 otev\u0159en\u00e9 kav\u00e1rny, kde v\u00e1m za turistick\u00e9 ceny p\u0159iprav\u00ed tepl\u00e9 n\u00e1poje a n\u011bco k sn\u00eddani. Kancel\u00e1\u0159e tour oper\u00e1tor\u016f, kter\u00e9 po\u0159\u00e1daj\u00ed exkurze na Salar, tu otev\u00edraj\u00ed dve\u0159e mezi 8-9. hodinou, a tak si tu lid\u00e9 alespo\u0148 trochu zkr\u00e1t\u00ed \u010dek\u00e1n\u00ed.<\/p>\n<p style=\"text-align: justify;\">Po sn\u00eddani se vyd\u00e1me se jako prvn\u00ed do <a href=\"http:\/\/www.andes-salt-uyuni.com.bo\/\" target=\"_blank\"><strong>Andes&nbsp;Salt Expedition<\/strong><\/a>, kde jsou velice p\u0159\u00edjemn\u00ed a nav\u00edc se tam ve stejn\u00fd \u010das uk\u00e1\u017eou lid\u00e9, se kter\u00fdma jsme se sezn\u00e1mili ji\u017e v&nbsp;autobusu z&nbsp;La Paz. Jeden francouzsk\u00fd p\u00e1r Helene a Pierre, jeden Angli\u010dan \u017eij\u00edc\u00ed v&nbsp;Bruselu a nakonec p\u0159ijde je\u0161t\u011b jedna Portugalka, kter\u00e1 si v\u00fdlet zarezervovala p\u0159es internet. A tak utvo\u0159\u00edme \u0161estici a fajn partu pro n\u00e1\u0161 t\u0159\u00eddenn\u00ed v\u00fdlet na Salar a Sud-L\u00edpez.<\/p>\n<p style=\"text-align: justify;\">N\u00e1\u0161 pr\u016fvodce, \u0159idi\u010d, mechanik, kucha\u0159 a b\u016fh v\u00ed co je\u0161t\u011b, prost\u011b <strong>Lorenzo<\/strong>, p\u0159ijel asi v&nbsp;10:30 v&nbsp;\u010derven\u00e9m d\u017e\u00edpu, na kter\u00fd jsme na st\u0159echu nalo\u017eili b\u00e1gly, vt\u011bsnali se dovnit\u0159 a vydali se sm\u011brem h\u0159bitov vlak\u016f. Zd\u00e1l se b\u00fdt pohod\u00e1\u0159em, kter\u00fd se po\u0159\u00e1d usm\u00edval a ob\u010das i po\u0159\u00e1dn\u011b sm\u00e1l a to zejm\u00e9na, kdy\u017e mu nikdo nerozum\u011bl nebo kdy\u017e vypustil ducha a my vzadu v&nbsp;aut\u011b padali om\u00e1meni smradem. Lorenzo m\u011bl na CD\u010dku v\u00fdb\u011br 7-10 let star\u00fdch disko hit\u016f, kter\u00e9 jsme byli nuceni poslouchat dokola cel\u00e9 t\u0159i dny, jeliko\u017e krom\u011b \u0159\u00edzen\u00ed v&nbsp;aut\u011b nic nefungovalo. Jinak byl Lorenzo vynikaj\u00edc\u00ed pr\u016fvodce \u2013 v\u00fdborn\u011b va\u0159il, v\u0161ude n\u00e1m stav\u011bl a m\u011bl s&nbsp;n\u00e1mi ohromnou trp\u011blivost (krom\u011b momentu, kdy n\u00e1s v&nbsp;brzk\u00fdch hodin\u00e1ch tahal z&nbsp;postele a sv\u00edtil ka\u017ed\u00e9mu baterkou do o\u010d\u00ed). \ud83d\ude42<\/p>\n<p style=\"text-align: justify;\"><img loading=\"lazy\" decoding=\"async\" class=\"aligncenter size-full wp-image-9791\" src=\"http:\/\/1001voyagesgourmands.com\/wp-content\/uploads\/2016\/06\/Salar_de_Uyuni_nejvetsi_solna_plan-6.jpg\" alt=\"Salar de Uyuni je nejv\u011bt\u0161\u00ed soln\u00e1 pl\u00e1\u0148 na sv\u011bt\u011b, nach\u00e1zej\u00edc\u00ed se v jihoz\u00e1padn\u00ed Bol\u00edvii. Vydejte se s n\u00e1mi na neskute\u010dn\u00fd v\u00fdlet na nekone\u010dn\u011b plochou b\u00edlou pou\u0161\u0165\" width=\"800\" height=\"530\" srcset=\"https:\/\/1001voyagesgourmands.com\/wp-content\/uploads\/2016\/06\/Salar_de_Uyuni_nejvetsi_solna_plan-6.jpg 800w, https:\/\/1001voyagesgourmands.com\/wp-content\/uploads\/2016\/06\/Salar_de_Uyuni_nejvetsi_solna_plan-6-300x199.jpg 300w, https:\/\/1001voyagesgourmands.com\/wp-content\/uploads\/2016\/06\/Salar_de_Uyuni_nejvetsi_solna_plan-6-768x509.jpg 768w, https:\/\/1001voyagesgourmands.com\/wp-content\/uploads\/2016\/06\/Salar_de_Uyuni_nejvetsi_solna_plan-6-780x516.jpg 780w, https:\/\/1001voyagesgourmands.com\/wp-content\/uploads\/2016\/06\/Salar_de_Uyuni_nejvetsi_solna_plan-6-585x388.jpg 585w, https:\/\/1001voyagesgourmands.com\/wp-content\/uploads\/2016\/06\/Salar_de_Uyuni_nejvetsi_solna_plan-6-263x175.jpg 263w\" sizes=\"auto, (max-width: 800px) 100vw, 800px\" \/><\/p>\n<p style=\"text-align: justify;\">&nbsp;<\/p>\n<h2 style=\"text-align: justify;\"><strong>Vlakov\u00fd h\u0159bitov (Cementario de trenes)<\/strong><\/h2>\n<p style=\"text-align: justify;\">Necel\u00e93 km od Uyuni se v rozprost\u00edraj\u00edc\u00ed pou\u0161tn\u00ed krajin\u011b nach\u00e1z\u00ed p\u00e1r zch\u00e1tral\u00fdch a zrezav\u011bl\u00fdch parn\u00edch lokomotiv, kter\u00e9 mezi l\u00e9ty 1930 a 1940 transportovaly vyt\u011b\u017een\u00fd materi\u00e1l do Chile a Braz\u00edlie. Routard to op\u011bt zabil term\u00ednem <em>n\u011bco na zp\u016fsob Mad Max<\/em>. \ud83d\ude42 M\u011b sice n\u011bjak\u00fd h\u0159bitov nezaj\u00edmal, ale lokomotivy jsou dost fotogenick\u00e9, tak po nich turist\u00e9 lezou a r\u016fzn\u011b je prol\u00e9zaj\u00ed a maj\u00ed z&nbsp;toho ohromnou radost a j\u00e1 ji m\u011bla nakonec taky.<\/p>\n<p style=\"text-align: justify;\"><img loading=\"lazy\" decoding=\"async\" class=\"aligncenter size-full wp-image-9798\" src=\"http:\/\/1001voyagesgourmands.com\/wp-content\/uploads\/2016\/06\/Salar_de_Uyuni_nejvetsi_solna_plan-3.jpg\" alt=\"Salar de Uyuni je nejv\u011bt\u0161\u00ed soln\u00e1 pl\u00e1\u0148 na sv\u011bt\u011b, nach\u00e1zej\u00edc\u00ed se v jihoz\u00e1padn\u00ed Bol\u00edvii. Vydejte se s n\u00e1mi na neskute\u010dn\u00fd v\u00fdlet na nekone\u010dn\u011b plochou b\u00edlou pou\u0161\u0165\" width=\"800\" height=\"530\" srcset=\"https:\/\/1001voyagesgourmands.com\/wp-content\/uploads\/2016\/06\/Salar_de_Uyuni_nejvetsi_solna_plan-3.jpg 800w, https:\/\/1001voyagesgourmands.com\/wp-content\/uploads\/2016\/06\/Salar_de_Uyuni_nejvetsi_solna_plan-3-300x199.jpg 300w, https:\/\/1001voyagesgourmands.com\/wp-content\/uploads\/2016\/06\/Salar_de_Uyuni_nejvetsi_solna_plan-3-768x509.jpg 768w, https:\/\/1001voyagesgourmands.com\/wp-content\/uploads\/2016\/06\/Salar_de_Uyuni_nejvetsi_solna_plan-3-780x516.jpg 780w, https:\/\/1001voyagesgourmands.com\/wp-content\/uploads\/2016\/06\/Salar_de_Uyuni_nejvetsi_solna_plan-3-585x388.jpg 585w, https:\/\/1001voyagesgourmands.com\/wp-content\/uploads\/2016\/06\/Salar_de_Uyuni_nejvetsi_solna_plan-3-263x175.jpg 263w\" sizes=\"auto, (max-width: 800px) 100vw, 800px\" \/><img loading=\"lazy\" decoding=\"async\" class=\"aligncenter size-full wp-image-9794\" src=\"http:\/\/1001voyagesgourmands.com\/wp-content\/uploads\/2016\/06\/Salar_de_Uyuni_nejvetsi_solna_plan-1.jpg\" alt=\"Salar de Uyuni je nejv\u011bt\u0161\u00ed soln\u00e1 pl\u00e1\u0148 na sv\u011bt\u011b, nach\u00e1zej\u00edc\u00ed se v jihoz\u00e1padn\u00ed Bol\u00edvii. Vydejte se s n\u00e1mi na neskute\u010dn\u00fd v\u00fdlet na nekone\u010dn\u011b plochou b\u00edlou pou\u0161\u0165\" width=\"800\" height=\"530\" srcset=\"https:\/\/1001voyagesgourmands.com\/wp-content\/uploads\/2016\/06\/Salar_de_Uyuni_nejvetsi_solna_plan-1.jpg 800w, https:\/\/1001voyagesgourmands.com\/wp-content\/uploads\/2016\/06\/Salar_de_Uyuni_nejvetsi_solna_plan-1-300x199.jpg 300w, https:\/\/1001voyagesgourmands.com\/wp-content\/uploads\/2016\/06\/Salar_de_Uyuni_nejvetsi_solna_plan-1-768x509.jpg 768w, https:\/\/1001voyagesgourmands.com\/wp-content\/uploads\/2016\/06\/Salar_de_Uyuni_nejvetsi_solna_plan-1-780x516.jpg 780w, https:\/\/1001voyagesgourmands.com\/wp-content\/uploads\/2016\/06\/Salar_de_Uyuni_nejvetsi_solna_plan-1-585x388.jpg 585w, https:\/\/1001voyagesgourmands.com\/wp-content\/uploads\/2016\/06\/Salar_de_Uyuni_nejvetsi_solna_plan-1-263x175.jpg 263w\" sizes=\"auto, (max-width: 800px) 100vw, 800px\" \/><\/p>\n<p style=\"text-align: justify;\">&nbsp;<\/p>\n<h2 style=\"text-align: justify;\"><strong>Colchani<\/strong><\/h2>\n<p style=\"text-align: justify;\">Pokra\u010dujeme do dal\u0161\u00ed vesni\u010dky, kde se zastavil \u010das. Je tu nicm\u00e9n\u011b jak\u00e9si minimuzeum se sochami ze soli a cesta k n\u011bmu je lemov\u00e1na st\u00e1nky prodejc\u016f s ru\u010dn\u011b vyr\u00e1b\u011bn\u00fdmi p\u0159edm\u011bty od oble\u010den\u00ed po mal\u00e9 suven\u00fdry. A tak\u00e9 auta, kter\u00e1 p\u0159ev\u00e1\u017eej\u00ed s\u016fl.<\/p>\n<h2 style=\"text-align: justify;\"><img loading=\"lazy\" decoding=\"async\" class=\"aligncenter size-full wp-image-9796\" src=\"http:\/\/1001voyagesgourmands.com\/wp-content\/uploads\/2016\/06\/Salar_de_Uyuni_nejvetsi_solna_plan-2.jpg\" alt=\"Salar de Uyuni je nejv\u011bt\u0161\u00ed soln\u00e1 pl\u00e1\u0148 na sv\u011bt\u011b, nach\u00e1zej\u00edc\u00ed se v jihoz\u00e1padn\u00ed Bol\u00edvii. Vydejte se s n\u00e1mi na neskute\u010dn\u00fd v\u00fdlet na nekone\u010dn\u011b plochou b\u00edlou pou\u0161\u0165\" width=\"800\" height=\"530\" srcset=\"https:\/\/1001voyagesgourmands.com\/wp-content\/uploads\/2016\/06\/Salar_de_Uyuni_nejvetsi_solna_plan-2.jpg 800w, https:\/\/1001voyagesgourmands.com\/wp-content\/uploads\/2016\/06\/Salar_de_Uyuni_nejvetsi_solna_plan-2-300x199.jpg 300w, https:\/\/1001voyagesgourmands.com\/wp-content\/uploads\/2016\/06\/Salar_de_Uyuni_nejvetsi_solna_plan-2-768x509.jpg 768w, https:\/\/1001voyagesgourmands.com\/wp-content\/uploads\/2016\/06\/Salar_de_Uyuni_nejvetsi_solna_plan-2-780x516.jpg 780w, https:\/\/1001voyagesgourmands.com\/wp-content\/uploads\/2016\/06\/Salar_de_Uyuni_nejvetsi_solna_plan-2-585x388.jpg 585w, https:\/\/1001voyagesgourmands.com\/wp-content\/uploads\/2016\/06\/Salar_de_Uyuni_nejvetsi_solna_plan-2-263x175.jpg 263w\" sizes=\"auto, (max-width: 800px) 100vw, 800px\" \/><\/h2>\n<h2 style=\"text-align: justify;\">&nbsp;<\/h2>\n<h2 style=\"text-align: justify;\"><strong>Soln\u00e1 pl\u00e1\u0148 Salar de Uyuni<\/strong><\/h2>\n<p style=\"text-align: justify;\">P\u00edse\u010dn\u00e1 krajina se pomalu p\u0159em\u011b\u0148uje na&nbsp;solnou plochu, i kdy\u017e zat\u00edm ne tak \u010dist\u011b b\u00edlou, jak jsme si p\u0159edstavovali. To proto, \u017ee za posledn\u00ed dny sem v\u00edtr nafoukal p\u00edsek z&nbsp;nedalek\u00e9 pou\u0161t\u011b.&nbsp;<strong>B\u00edl\u00e9 ku\u017eely soli<\/strong> jsou v\u00fdsledek pr\u00e1ce d\u011bln\u00edk\u016f, kte\u0159\u00ed pracn\u011b s\u016fl doluj\u00ed a jsou za to mizern\u011b placeni. Jsou placeni tak m\u00e1lo, \u017ee si to leckdo z&nbsp;n\u00e1s, kdo to te\u010f \u010dte, nedok\u00e1\u017ee p\u0159edstavit &#8211; dost\u00e1vaj\u00ed 6 Bs za tunu soli. Kv\u016fli slunci, kter\u00e9 tu nesm\u00edrn\u011b pra\u017e\u00ed, si mus\u00ed si zakr\u00fdvat hlavu a nosit \u010dern\u00e9 br\u00fdle, maj\u00ed sp\u00e1len\u00e9 ruce a nohy, tak\u00e9 dost rozleptan\u00e9 od soli. Je to p\u0159\u00ed\u0161ern\u00e9. Tyhle ku\u017eely stav\u011bj\u00ed proto, aby se s\u016fl alespo\u0148 \u010d\u00e1ste\u010dn\u011b vysu\u0161ila, ne\u017e p\u016fjde na transport.&nbsp;<\/p>\n<p style=\"text-align: justify;\"><img loading=\"lazy\" decoding=\"async\" class=\"aligncenter size-full wp-image-9800\" src=\"http:\/\/1001voyagesgourmands.com\/wp-content\/uploads\/2016\/06\/Salar_de_Uyuni_nejvetsi_solna_plan-4.jpg\" alt=\"Salar de Uyuni je nejv\u011bt\u0161\u00ed soln\u00e1 pl\u00e1\u0148 na sv\u011bt\u011b, nach\u00e1zej\u00edc\u00ed se v jihoz\u00e1padn\u00ed Bol\u00edvii. Vydejte se s n\u00e1mi na neskute\u010dn\u00fd v\u00fdlet na nekone\u010dn\u011b plochou b\u00edlou pou\u0161\u0165\" width=\"791\" height=\"530\" srcset=\"https:\/\/1001voyagesgourmands.com\/wp-content\/uploads\/2016\/06\/Salar_de_Uyuni_nejvetsi_solna_plan-4.jpg 791w, https:\/\/1001voyagesgourmands.com\/wp-content\/uploads\/2016\/06\/Salar_de_Uyuni_nejvetsi_solna_plan-4-300x201.jpg 300w, https:\/\/1001voyagesgourmands.com\/wp-content\/uploads\/2016\/06\/Salar_de_Uyuni_nejvetsi_solna_plan-4-768x515.jpg 768w, https:\/\/1001voyagesgourmands.com\/wp-content\/uploads\/2016\/06\/Salar_de_Uyuni_nejvetsi_solna_plan-4-585x392.jpg 585w, https:\/\/1001voyagesgourmands.com\/wp-content\/uploads\/2016\/06\/Salar_de_Uyuni_nejvetsi_solna_plan-4-263x175.jpg 263w\" sizes=\"auto, (max-width: 791px) 100vw, 791px\" \/> <img loading=\"lazy\" decoding=\"async\" class=\"aligncenter size-full wp-image-9802\" src=\"http:\/\/1001voyagesgourmands.com\/wp-content\/uploads\/2016\/06\/Salar_de_Uyuni_nejvetsi_solna_plan-5.jpg\" alt=\"Salar de Uyuni je nejv\u011bt\u0161\u00ed soln\u00e1 pl\u00e1\u0148 na sv\u011bt\u011b, nach\u00e1zej\u00edc\u00ed se v jihoz\u00e1padn\u00ed Bol\u00edvii. Vydejte se s n\u00e1mi na neskute\u010dn\u00fd v\u00fdlet na nekone\u010dn\u011b plochou b\u00edlou pou\u0161\u0165\" width=\"795\" height=\"530\" srcset=\"https:\/\/1001voyagesgourmands.com\/wp-content\/uploads\/2016\/06\/Salar_de_Uyuni_nejvetsi_solna_plan-5.jpg 795w, https:\/\/1001voyagesgourmands.com\/wp-content\/uploads\/2016\/06\/Salar_de_Uyuni_nejvetsi_solna_plan-5-300x200.jpg 300w, https:\/\/1001voyagesgourmands.com\/wp-content\/uploads\/2016\/06\/Salar_de_Uyuni_nejvetsi_solna_plan-5-768x512.jpg 768w, https:\/\/1001voyagesgourmands.com\/wp-content\/uploads\/2016\/06\/Salar_de_Uyuni_nejvetsi_solna_plan-5-585x390.jpg 585w, https:\/\/1001voyagesgourmands.com\/wp-content\/uploads\/2016\/06\/Salar_de_Uyuni_nejvetsi_solna_plan-5-263x175.jpg 263w\" sizes=\"auto, (max-width: 795px) 100vw, 795px\" \/><\/p>\n<p style=\"text-align: justify;\">Nedaleko jsou tzv. <strong>ojos de sal<\/strong> \u2013 hlubok\u00e9 otvory, odkud unik\u00e1 s\u00edra z&nbsp;vulk\u00e1n\u016f.<\/p>\n<p style=\"text-align: justify;\"><img loading=\"lazy\" decoding=\"async\" class=\"aligncenter size-full wp-image-9806\" src=\"http:\/\/1001voyagesgourmands.com\/wp-content\/uploads\/2016\/06\/Salar_de_Uyuni_nejvetsi_solna_plan-23.jpg\" alt=\"Salar de Uyuni je nejv\u011bt\u0161\u00ed soln\u00e1 pl\u00e1\u0148 na sv\u011bt\u011b, nach\u00e1zej\u00edc\u00ed se v jihoz\u00e1padn\u00ed Bol\u00edvii. Vydejte se s n\u00e1mi na neskute\u010dn\u00fd v\u00fdlet na nekone\u010dn\u011b plochou b\u00edlou pou\u0161\u0165\" width=\"795\" height=\"530\" srcset=\"https:\/\/1001voyagesgourmands.com\/wp-content\/uploads\/2016\/06\/Salar_de_Uyuni_nejvetsi_solna_plan-23.jpg 795w, https:\/\/1001voyagesgourmands.com\/wp-content\/uploads\/2016\/06\/Salar_de_Uyuni_nejvetsi_solna_plan-23-300x200.jpg 300w, https:\/\/1001voyagesgourmands.com\/wp-content\/uploads\/2016\/06\/Salar_de_Uyuni_nejvetsi_solna_plan-23-768x512.jpg 768w, https:\/\/1001voyagesgourmands.com\/wp-content\/uploads\/2016\/06\/Salar_de_Uyuni_nejvetsi_solna_plan-23-585x390.jpg 585w, https:\/\/1001voyagesgourmands.com\/wp-content\/uploads\/2016\/06\/Salar_de_Uyuni_nejvetsi_solna_plan-23-263x175.jpg 263w\" sizes=\"auto, (max-width: 795px) 100vw, 795px\" \/><\/p>\n<p style=\"text-align: justify;\">Popoj\u00ed\u017ed\u00edme d\u00e1l, kde u\u017e nevid\u00edme nic jin\u00e9ho, ne\u017e neskute\u010dn\u011b plochou b\u00edlou plochu a horizont t\u00e9m\u011b\u0159 v nekone\u010dnu. Zem\u011b se prom\u011bnila v halucinuj\u00edc\u00ed solnou desku, kter\u00e1 v\u00e1m pod nohama k\u0159upe jako sn\u011bhov\u00e1 krusta na ledem zamrzl\u00e9 \u0159ece. Na povrch use vytv\u00e1\u0159ej\u00ed p\u0159en\u00e1dhern\u00e9 geometrick\u00e9 obrazce.<\/p>\n<p style=\"text-align: justify;\"><img loading=\"lazy\" decoding=\"async\" class=\"aligncenter size-full wp-image-9820\" src=\"http:\/\/1001voyagesgourmands.com\/wp-content\/uploads\/2016\/06\/Salar_de_Uyuni_nejvetsi_solna_plan-21.jpg\" alt=\"Salar de Uyuni je nejv\u011bt\u0161\u00ed soln\u00e1 pl\u00e1\u0148 na sv\u011bt\u011b, nach\u00e1zej\u00edc\u00ed se v jihoz\u00e1padn\u00ed Bol\u00edvii. Vydejte se s n\u00e1mi na neskute\u010dn\u00fd v\u00fdlet na nekone\u010dn\u011b plochou b\u00edlou pou\u0161\u0165\" width=\"795\" height=\"530\" srcset=\"https:\/\/1001voyagesgourmands.com\/wp-content\/uploads\/2016\/06\/Salar_de_Uyuni_nejvetsi_solna_plan-21.jpg 795w, https:\/\/1001voyagesgourmands.com\/wp-content\/uploads\/2016\/06\/Salar_de_Uyuni_nejvetsi_solna_plan-21-300x200.jpg 300w, https:\/\/1001voyagesgourmands.com\/wp-content\/uploads\/2016\/06\/Salar_de_Uyuni_nejvetsi_solna_plan-21-768x512.jpg 768w, https:\/\/1001voyagesgourmands.com\/wp-content\/uploads\/2016\/06\/Salar_de_Uyuni_nejvetsi_solna_plan-21-585x390.jpg 585w, https:\/\/1001voyagesgourmands.com\/wp-content\/uploads\/2016\/06\/Salar_de_Uyuni_nejvetsi_solna_plan-21-263x175.jpg 263w\" sizes=\"auto, (max-width: 795px) 100vw, 795px\" \/> <img loading=\"lazy\" decoding=\"async\" class=\"aligncenter size-full wp-image-9932\" src=\"http:\/\/1001voyagesgourmands.com\/wp-content\/uploads\/2016\/07\/Salar_de_Uyuni-10.jpg\" alt=\"Salar de Uyuni je nejv\u011bt\u0161\u00ed soln\u00e1 pl\u00e1\u0148 na sv\u011bt\u011b, nach\u00e1zej\u00edc\u00ed se v jihoz\u00e1padn\u00ed Bol\u00edvii. Vydejte se s n\u00e1mi na neskute\u010dn\u00fd v\u00fdlet na nekone\u010dn\u011b plochou b\u00edlou pou\u0161\u0165\" width=\"796\" height=\"530\" srcset=\"https:\/\/1001voyagesgourmands.com\/wp-content\/uploads\/2016\/07\/Salar_de_Uyuni-10.jpg 796w, https:\/\/1001voyagesgourmands.com\/wp-content\/uploads\/2016\/07\/Salar_de_Uyuni-10-300x200.jpg 300w, https:\/\/1001voyagesgourmands.com\/wp-content\/uploads\/2016\/07\/Salar_de_Uyuni-10-768x511.jpg 768w, https:\/\/1001voyagesgourmands.com\/wp-content\/uploads\/2016\/07\/Salar_de_Uyuni-10-585x390.jpg 585w, https:\/\/1001voyagesgourmands.com\/wp-content\/uploads\/2016\/07\/Salar_de_Uyuni-10-263x175.jpg 263w\" sizes=\"auto, (max-width: 796px) 100vw, 796px\" \/> <img loading=\"lazy\" decoding=\"async\" class=\"aligncenter size-full wp-image-9936\" src=\"http:\/\/1001voyagesgourmands.com\/wp-content\/uploads\/2016\/07\/Salar_de_Uyuni-12.jpg\" alt=\"Salar de Uyuni je nejv\u011bt\u0161\u00ed soln\u00e1 pl\u00e1\u0148 na sv\u011bt\u011b, nach\u00e1zej\u00edc\u00ed se v jihoz\u00e1padn\u00ed Bol\u00edvii. Vydejte se s n\u00e1mi na neskute\u010dn\u00fd v\u00fdlet na nekone\u010dn\u011b plochou b\u00edlou pou\u0161\u0165\" width=\"795\" height=\"530\" srcset=\"https:\/\/1001voyagesgourmands.com\/wp-content\/uploads\/2016\/07\/Salar_de_Uyuni-12.jpg 795w, https:\/\/1001voyagesgourmands.com\/wp-content\/uploads\/2016\/07\/Salar_de_Uyuni-12-300x200.jpg 300w, https:\/\/1001voyagesgourmands.com\/wp-content\/uploads\/2016\/07\/Salar_de_Uyuni-12-768x512.jpg 768w, https:\/\/1001voyagesgourmands.com\/wp-content\/uploads\/2016\/07\/Salar_de_Uyuni-12-585x390.jpg 585w, https:\/\/1001voyagesgourmands.com\/wp-content\/uploads\/2016\/07\/Salar_de_Uyuni-12-263x175.jpg 263w\" sizes=\"auto, (max-width: 795px) 100vw, 795px\" \/><img loading=\"lazy\" decoding=\"async\" class=\"aligncenter size-full wp-image-9822\" src=\"http:\/\/1001voyagesgourmands.com\/wp-content\/uploads\/2016\/06\/Salar_de_Uyuni_nejvetsi_solna_plan-24.jpg\" alt=\"Salar de Uyuni je nejv\u011bt\u0161\u00ed soln\u00e1 pl\u00e1\u0148 na sv\u011bt\u011b, nach\u00e1zej\u00edc\u00ed se v jihoz\u00e1padn\u00ed Bol\u00edvii. Vydejte se s n\u00e1mi na neskute\u010dn\u00fd v\u00fdlet na nekone\u010dn\u011b plochou b\u00edlou pou\u0161\u0165\" width=\"795\" height=\"530\" srcset=\"https:\/\/1001voyagesgourmands.com\/wp-content\/uploads\/2016\/06\/Salar_de_Uyuni_nejvetsi_solna_plan-24.jpg 795w, https:\/\/1001voyagesgourmands.com\/wp-content\/uploads\/2016\/06\/Salar_de_Uyuni_nejvetsi_solna_plan-24-300x200.jpg 300w, https:\/\/1001voyagesgourmands.com\/wp-content\/uploads\/2016\/06\/Salar_de_Uyuni_nejvetsi_solna_plan-24-768x512.jpg 768w, https:\/\/1001voyagesgourmands.com\/wp-content\/uploads\/2016\/06\/Salar_de_Uyuni_nejvetsi_solna_plan-24-585x390.jpg 585w, https:\/\/1001voyagesgourmands.com\/wp-content\/uploads\/2016\/06\/Salar_de_Uyuni_nejvetsi_solna_plan-24-263x175.jpg 263w\" sizes=\"auto, (max-width: 795px) 100vw, 795px\" \/><\/p>\n<p style=\"text-align: justify;\">Tady Lorenzo otev\u00edr\u00e1 kufr, kter\u00fd je pln\u00fd j\u00eddla, a serv\u00edruje n\u00e1m prvn\u00ed chod. V\u0161ichni m\u011bli lamu a\u017e na m\u011b \u2013 j\u00e1 m\u011bla vaje\u010dnou omeletu s&nbsp;quinoou a zeleninou. Jako dezert byl ban\u00e1n. V\u0161em n\u00e1m chutn\u00e1 a Lorenzo se \u010derven\u00e1. \ud83d\ude42<\/p>\n<p style=\"text-align: justify;\"><img loading=\"lazy\" decoding=\"async\" class=\"aligncenter size-full wp-image-9826\" src=\"http:\/\/1001voyagesgourmands.com\/wp-content\/uploads\/2016\/06\/Salar_de_Uyuni_nejvetsi_solna_plan-22.jpg\" alt=\"Salar de Uyuni je nejv\u011bt\u0161\u00ed soln\u00e1 pl\u00e1\u0148 na sv\u011bt\u011b, nach\u00e1zej\u00edc\u00ed se v jihoz\u00e1padn\u00ed Bol\u00edvii. Vydejte se s n\u00e1mi na neskute\u010dn\u00fd v\u00fdlet na nekone\u010dn\u011b plochou b\u00edlou pou\u0161\u0165\" width=\"796\" height=\"530\" srcset=\"https:\/\/1001voyagesgourmands.com\/wp-content\/uploads\/2016\/06\/Salar_de_Uyuni_nejvetsi_solna_plan-22.jpg 796w, https:\/\/1001voyagesgourmands.com\/wp-content\/uploads\/2016\/06\/Salar_de_Uyuni_nejvetsi_solna_plan-22-300x200.jpg 300w, https:\/\/1001voyagesgourmands.com\/wp-content\/uploads\/2016\/06\/Salar_de_Uyuni_nejvetsi_solna_plan-22-768x511.jpg 768w, https:\/\/1001voyagesgourmands.com\/wp-content\/uploads\/2016\/06\/Salar_de_Uyuni_nejvetsi_solna_plan-22-585x390.jpg 585w, https:\/\/1001voyagesgourmands.com\/wp-content\/uploads\/2016\/06\/Salar_de_Uyuni_nejvetsi_solna_plan-22-263x175.jpg 263w\" sizes=\"auto, (max-width: 796px) 100vw, 796px\" \/><\/p>\n<p style=\"text-align: justify;\">&nbsp;<\/p>\n<h2 style=\"text-align: justify;\"><strong>Isla Inca Huasi<\/strong><\/h2>\n<p style=\"text-align: justify;\">Rozlehl\u00e1 b\u00edl\u00e1 plocha je poz\u016fstatkem jezera z&nbsp;dob pleistoc\u00e9nu Lago Minchin a tak se ob\u010das na t\u00e9 obrovsk\u00e9 b\u00edl\u00e9 plo\u0161e objev\u00ed n\u011bjak\u00fd ostr\u016fvek. Z&nbsp;nenad\u00e1n\u00ed se p\u0159ed n\u00e1mi vyno\u0159uje ostr\u016fvek Inca Huasi porostl\u00fd kaktusy a kameny, je\u017e jsou poz\u016fstatky kor\u00e1l\u016f z&nbsp;dob, kdy byl Salar velik\u00fdm slan\u00fdm jezerem. Po uhrazen\u00ed vstupn\u00e9ho 30 Bs si m\u016f\u017eeme ud\u011blat men\u0161\u00ed 45-minutovou proch\u00e1zku a nav\u0161t\u00edvit t\u0159eba malink\u00e9 muzeum tradi\u010dn\u00edch ceremoni\u00e1l\u016f. Ale p\u0159edev\u0161\u00edm je odsud n\u00e1dhern\u00fd v\u00fdhled na nekon\u010d\u00edc\u00ed b\u00edlou pl\u00e1\u0148.<\/p>\n<p style=\"text-align: justify;\"><img loading=\"lazy\" decoding=\"async\" class=\"aligncenter size-full wp-image-9812\" src=\"http:\/\/1001voyagesgourmands.com\/wp-content\/uploads\/2016\/06\/Salar_de_Uyuni_nejvetsi_solna_plan-12.jpg\" alt=\"Salar de Uyuni je nejv\u011bt\u0161\u00ed soln\u00e1 pl\u00e1\u0148 na sv\u011bt\u011b, nach\u00e1zej\u00edc\u00ed se v jihoz\u00e1padn\u00ed Bol\u00edvii. Vydejte se s n\u00e1mi na neskute\u010dn\u00fd v\u00fdlet na nekone\u010dn\u011b plochou b\u00edlou pou\u0161\u0165\" width=\"800\" height=\"530\" srcset=\"https:\/\/1001voyagesgourmands.com\/wp-content\/uploads\/2016\/06\/Salar_de_Uyuni_nejvetsi_solna_plan-12.jpg 800w, https:\/\/1001voyagesgourmands.com\/wp-content\/uploads\/2016\/06\/Salar_de_Uyuni_nejvetsi_solna_plan-12-300x199.jpg 300w, https:\/\/1001voyagesgourmands.com\/wp-content\/uploads\/2016\/06\/Salar_de_Uyuni_nejvetsi_solna_plan-12-768x509.jpg 768w, https:\/\/1001voyagesgourmands.com\/wp-content\/uploads\/2016\/06\/Salar_de_Uyuni_nejvetsi_solna_plan-12-780x516.jpg 780w, https:\/\/1001voyagesgourmands.com\/wp-content\/uploads\/2016\/06\/Salar_de_Uyuni_nejvetsi_solna_plan-12-585x388.jpg 585w, https:\/\/1001voyagesgourmands.com\/wp-content\/uploads\/2016\/06\/Salar_de_Uyuni_nejvetsi_solna_plan-12-263x175.jpg 263w\" sizes=\"auto, (max-width: 800px) 100vw, 800px\" \/> <img loading=\"lazy\" decoding=\"async\" class=\"aligncenter size-full wp-image-9818\" src=\"http:\/\/1001voyagesgourmands.com\/wp-content\/uploads\/2016\/06\/Salar_de_Uyuni_nejvetsi_solna_plan-15.jpg\" alt=\"Salar de Uyuni je nejv\u011bt\u0161\u00ed soln\u00e1 pl\u00e1\u0148 na sv\u011bt\u011b, nach\u00e1zej\u00edc\u00ed se v jihoz\u00e1padn\u00ed Bol\u00edvii. Vydejte se s n\u00e1mi na neskute\u010dn\u00fd v\u00fdlet na nekone\u010dn\u011b plochou b\u00edlou pou\u0161\u0165\" width=\"796\" height=\"530\" srcset=\"https:\/\/1001voyagesgourmands.com\/wp-content\/uploads\/2016\/06\/Salar_de_Uyuni_nejvetsi_solna_plan-15.jpg 796w, https:\/\/1001voyagesgourmands.com\/wp-content\/uploads\/2016\/06\/Salar_de_Uyuni_nejvetsi_solna_plan-15-300x200.jpg 300w, https:\/\/1001voyagesgourmands.com\/wp-content\/uploads\/2016\/06\/Salar_de_Uyuni_nejvetsi_solna_plan-15-768x511.jpg 768w, https:\/\/1001voyagesgourmands.com\/wp-content\/uploads\/2016\/06\/Salar_de_Uyuni_nejvetsi_solna_plan-15-585x390.jpg 585w, https:\/\/1001voyagesgourmands.com\/wp-content\/uploads\/2016\/06\/Salar_de_Uyuni_nejvetsi_solna_plan-15-263x175.jpg 263w\" sizes=\"auto, (max-width: 796px) 100vw, 796px\" \/> <img loading=\"lazy\" decoding=\"async\" class=\"aligncenter size-full wp-image-9836\" src=\"http:\/\/1001voyagesgourmands.com\/wp-content\/uploads\/2016\/06\/Salar_de_Uyuni_nejvetsi_solna_plan-29.jpg\" alt=\"Salar de Uyuni je nejv\u011bt\u0161\u00ed soln\u00e1 pl\u00e1\u0148 na sv\u011bt\u011b, nach\u00e1zej\u00edc\u00ed se v jihoz\u00e1padn\u00ed Bol\u00edvii. Vydejte se s n\u00e1mi na neskute\u010dn\u00fd v\u00fdlet na nekone\u010dn\u011b plochou b\u00edlou pou\u0161\u0165\" width=\"796\" height=\"530\" srcset=\"https:\/\/1001voyagesgourmands.com\/wp-content\/uploads\/2016\/06\/Salar_de_Uyuni_nejvetsi_solna_plan-29.jpg 796w, https:\/\/1001voyagesgourmands.com\/wp-content\/uploads\/2016\/06\/Salar_de_Uyuni_nejvetsi_solna_plan-29-300x200.jpg 300w, https:\/\/1001voyagesgourmands.com\/wp-content\/uploads\/2016\/06\/Salar_de_Uyuni_nejvetsi_solna_plan-29-768x511.jpg 768w, https:\/\/1001voyagesgourmands.com\/wp-content\/uploads\/2016\/06\/Salar_de_Uyuni_nejvetsi_solna_plan-29-585x390.jpg 585w, https:\/\/1001voyagesgourmands.com\/wp-content\/uploads\/2016\/06\/Salar_de_Uyuni_nejvetsi_solna_plan-29-263x175.jpg 263w\" sizes=\"auto, (max-width: 796px) 100vw, 796px\" \/> <img loading=\"lazy\" decoding=\"async\" class=\"aligncenter size-full wp-image-9816\" src=\"http:\/\/1001voyagesgourmands.com\/wp-content\/uploads\/2016\/06\/Salar_de_Uyuni_nejvetsi_solna_plan-14.jpg\" alt=\"Salar de Uyuni je nejv\u011bt\u0161\u00ed soln\u00e1 pl\u00e1\u0148 na sv\u011bt\u011b, nach\u00e1zej\u00edc\u00ed se v jihoz\u00e1padn\u00ed Bol\u00edvii. Vydejte se s n\u00e1mi na neskute\u010dn\u00fd v\u00fdlet na nekone\u010dn\u011b plochou b\u00edlou pou\u0161\u0165\" width=\"800\" height=\"530\" srcset=\"https:\/\/1001voyagesgourmands.com\/wp-content\/uploads\/2016\/06\/Salar_de_Uyuni_nejvetsi_solna_plan-14.jpg 800w, https:\/\/1001voyagesgourmands.com\/wp-content\/uploads\/2016\/06\/Salar_de_Uyuni_nejvetsi_solna_plan-14-300x199.jpg 300w, https:\/\/1001voyagesgourmands.com\/wp-content\/uploads\/2016\/06\/Salar_de_Uyuni_nejvetsi_solna_plan-14-768x509.jpg 768w, https:\/\/1001voyagesgourmands.com\/wp-content\/uploads\/2016\/06\/Salar_de_Uyuni_nejvetsi_solna_plan-14-780x516.jpg 780w, https:\/\/1001voyagesgourmands.com\/wp-content\/uploads\/2016\/06\/Salar_de_Uyuni_nejvetsi_solna_plan-14-585x388.jpg 585w, https:\/\/1001voyagesgourmands.com\/wp-content\/uploads\/2016\/06\/Salar_de_Uyuni_nejvetsi_solna_plan-14-263x175.jpg 263w\" sizes=\"auto, (max-width: 800px) 100vw, 800px\" \/><\/p>\n<p style=\"text-align: justify;\">Lorenzo n\u00e1s bere na dal\u0161\u00ed kr\u00e1sn\u00e1 m\u00edsta uprost\u0159ed Salaru, kde ohromeni \u00fa\u017easem fot\u00edme jak div\u00ed. Je to tady, kde m\u016f\u017eete za\u017e\u00edt nejv\u011bt\u0161\u00ed p\u0159\u00edrodn\u00ed zrcadlo na sv\u011bt\u011b, pokud se sem dostanete v dob\u011b, kdy tu pr\u0161\u00ed. To pak m\u00e1 Salar de Uyuni \u00fapln\u011b jin\u00fd n\u00e1dech!<\/p>\n<p style=\"text-align: justify;\"><img loading=\"lazy\" decoding=\"async\" class=\"aligncenter size-full wp-image-9832\" src=\"http:\/\/1001voyagesgourmands.com\/wp-content\/uploads\/2016\/06\/Salar_de_Uyuni_nejvetsi_solna_plan-7.jpg\" alt=\"Salar de Uyuni je nejv\u011bt\u0161\u00ed soln\u00e1 pl\u00e1\u0148 na sv\u011bt\u011b, nach\u00e1zej\u00edc\u00ed se v jihoz\u00e1padn\u00ed Bol\u00edvii. Vydejte se s n\u00e1mi na neskute\u010dn\u00fd v\u00fdlet na nekone\u010dn\u011b plochou b\u00edlou pou\u0161\u0165\" width=\"795\" height=\"530\" srcset=\"https:\/\/1001voyagesgourmands.com\/wp-content\/uploads\/2016\/06\/Salar_de_Uyuni_nejvetsi_solna_plan-7.jpg 795w, https:\/\/1001voyagesgourmands.com\/wp-content\/uploads\/2016\/06\/Salar_de_Uyuni_nejvetsi_solna_plan-7-300x200.jpg 300w, https:\/\/1001voyagesgourmands.com\/wp-content\/uploads\/2016\/06\/Salar_de_Uyuni_nejvetsi_solna_plan-7-768x512.jpg 768w, https:\/\/1001voyagesgourmands.com\/wp-content\/uploads\/2016\/06\/Salar_de_Uyuni_nejvetsi_solna_plan-7-585x390.jpg 585w, https:\/\/1001voyagesgourmands.com\/wp-content\/uploads\/2016\/06\/Salar_de_Uyuni_nejvetsi_solna_plan-7-263x175.jpg 263w\" sizes=\"auto, (max-width: 795px) 100vw, 795px\" \/> <img loading=\"lazy\" decoding=\"async\" class=\"aligncenter size-full wp-image-9838\" src=\"http:\/\/1001voyagesgourmands.com\/wp-content\/uploads\/2016\/06\/Salar_de_Uyuni_nejvetsi_solna_plan-31.jpg\" alt=\"Salar de Uyuni je nejv\u011bt\u0161\u00ed soln\u00e1 pl\u00e1\u0148 na sv\u011bt\u011b, nach\u00e1zej\u00edc\u00ed se v jihoz\u00e1padn\u00ed Bol\u00edvii. Vydejte se s n\u00e1mi na neskute\u010dn\u00fd v\u00fdlet na nekone\u010dn\u011b plochou b\u00edlou pou\u0161\u0165\" width=\"800\" height=\"530\" srcset=\"https:\/\/1001voyagesgourmands.com\/wp-content\/uploads\/2016\/06\/Salar_de_Uyuni_nejvetsi_solna_plan-31.jpg 800w, https:\/\/1001voyagesgourmands.com\/wp-content\/uploads\/2016\/06\/Salar_de_Uyuni_nejvetsi_solna_plan-31-300x199.jpg 300w, https:\/\/1001voyagesgourmands.com\/wp-content\/uploads\/2016\/06\/Salar_de_Uyuni_nejvetsi_solna_plan-31-768x509.jpg 768w, https:\/\/1001voyagesgourmands.com\/wp-content\/uploads\/2016\/06\/Salar_de_Uyuni_nejvetsi_solna_plan-31-780x516.jpg 780w, https:\/\/1001voyagesgourmands.com\/wp-content\/uploads\/2016\/06\/Salar_de_Uyuni_nejvetsi_solna_plan-31-585x388.jpg 585w, https:\/\/1001voyagesgourmands.com\/wp-content\/uploads\/2016\/06\/Salar_de_Uyuni_nejvetsi_solna_plan-31-263x175.jpg 263w\" sizes=\"auto, (max-width: 800px) 100vw, 800px\" \/><img loading=\"lazy\" decoding=\"async\" class=\"aligncenter size-full wp-image-9955\" src=\"http:\/\/1001voyagesgourmands.com\/wp-content\/uploads\/2016\/07\/Salar_de_Uyuni-20.jpg\" alt=\"Salar de Uyuni je nejv\u011bt\u0161\u00ed soln\u00e1 pl\u00e1\u0148 na sv\u011bt\u011b, nach\u00e1zej\u00edc\u00ed se v jihoz\u00e1padn\u00ed Bol\u00edvii. Vydejte se s n\u00e1mi na neskute\u010dn\u00fd v\u00fdlet na nekone\u010dn\u011b plochou b\u00edlou pou\u0161\u0165\" width=\"796\" height=\"530\" srcset=\"https:\/\/1001voyagesgourmands.com\/wp-content\/uploads\/2016\/07\/Salar_de_Uyuni-20.jpg 796w, https:\/\/1001voyagesgourmands.com\/wp-content\/uploads\/2016\/07\/Salar_de_Uyuni-20-300x200.jpg 300w, https:\/\/1001voyagesgourmands.com\/wp-content\/uploads\/2016\/07\/Salar_de_Uyuni-20-768x511.jpg 768w, https:\/\/1001voyagesgourmands.com\/wp-content\/uploads\/2016\/07\/Salar_de_Uyuni-20-585x390.jpg 585w, https:\/\/1001voyagesgourmands.com\/wp-content\/uploads\/2016\/07\/Salar_de_Uyuni-20-263x175.jpg 263w\" sizes=\"auto, (max-width: 796px) 100vw, 796px\" \/> <img loading=\"lazy\" decoding=\"async\" class=\"aligncenter wp-image-10000\" src=\"http:\/\/1001voyagesgourmands.com\/wp-content\/uploads\/2016\/07\/Salar_de_Uyuni-1-1.jpg\" alt=\"Salar de Uyuni je nejv\u011bt\u0161\u00ed soln\u00e1 pl\u00e1\u0148 na sv\u011bt\u011b, nach\u00e1zej\u00edc\u00ed se v jihoz\u00e1padn\u00ed Bol\u00edvii. Vydejte se s n\u00e1mi na neskute\u010dn\u00fd v\u00fdlet na nekone\u010dn\u011b plochou b\u00edlou pou\u0161\u0165\" width=\"918\" height=\"640\" srcset=\"https:\/\/1001voyagesgourmands.com\/wp-content\/uploads\/2016\/07\/Salar_de_Uyuni-1-1.jpg 760w, https:\/\/1001voyagesgourmands.com\/wp-content\/uploads\/2016\/07\/Salar_de_Uyuni-1-1-300x209.jpg 300w, https:\/\/1001voyagesgourmands.com\/wp-content\/uploads\/2016\/07\/Salar_de_Uyuni-1-1-585x408.jpg 585w\" sizes=\"auto, (max-width: 918px) 100vw, 918px\" \/><img loading=\"lazy\" decoding=\"async\" class=\"aligncenter size-full wp-image-9830\" src=\"http:\/\/1001voyagesgourmands.com\/wp-content\/uploads\/2016\/06\/Salar_de_Uyuni_nejvetsi_solna_plan-27.jpg\" alt=\"Salar de Uyuni je nejv\u011bt\u0161\u00ed soln\u00e1 pl\u00e1\u0148 na sv\u011bt\u011b, nach\u00e1zej\u00edc\u00ed se v jihoz\u00e1padn\u00ed Bol\u00edvii. Vydejte se s n\u00e1mi na neskute\u010dn\u00fd v\u00fdlet na nekone\u010dn\u011b plochou b\u00edlou pou\u0161\u0165\" width=\"793\" height=\"530\" srcset=\"https:\/\/1001voyagesgourmands.com\/wp-content\/uploads\/2016\/06\/Salar_de_Uyuni_nejvetsi_solna_plan-27.jpg 793w, https:\/\/1001voyagesgourmands.com\/wp-content\/uploads\/2016\/06\/Salar_de_Uyuni_nejvetsi_solna_plan-27-300x201.jpg 300w, https:\/\/1001voyagesgourmands.com\/wp-content\/uploads\/2016\/06\/Salar_de_Uyuni_nejvetsi_solna_plan-27-768x513.jpg 768w, https:\/\/1001voyagesgourmands.com\/wp-content\/uploads\/2016\/06\/Salar_de_Uyuni_nejvetsi_solna_plan-27-585x391.jpg 585w, https:\/\/1001voyagesgourmands.com\/wp-content\/uploads\/2016\/06\/Salar_de_Uyuni_nejvetsi_solna_plan-27-263x175.jpg 263w\" sizes=\"auto, (max-width: 793px) 100vw, 793px\" \/> <img loading=\"lazy\" decoding=\"async\" class=\"aligncenter wp-image-9846\" src=\"http:\/\/1001voyagesgourmands.com\/wp-content\/uploads\/2016\/06\/Salar_de_Uyuni_nejvetsi_solna_plan-34.jpg\" alt=\"Salar de Uyuni je nejv\u011bt\u0161\u00ed soln\u00e1 pl\u00e1\u0148 na sv\u011bt\u011b, nach\u00e1zej\u00edc\u00ed se v jihoz\u00e1padn\u00ed Bol\u00edvii. Vydejte se s n\u00e1mi na neskute\u010dn\u00fd v\u00fdlet na nekone\u010dn\u011b plochou b\u00edlou pou\u0161\u0165\" width=\"918\" height=\"689\" srcset=\"https:\/\/1001voyagesgourmands.com\/wp-content\/uploads\/2016\/06\/Salar_de_Uyuni_nejvetsi_solna_plan-34.jpg 707w, https:\/\/1001voyagesgourmands.com\/wp-content\/uploads\/2016\/06\/Salar_de_Uyuni_nejvetsi_solna_plan-34-300x225.jpg 300w, https:\/\/1001voyagesgourmands.com\/wp-content\/uploads\/2016\/06\/Salar_de_Uyuni_nejvetsi_solna_plan-34-585x439.jpg 585w\" sizes=\"auto, (max-width: 918px) 100vw, 918px\" \/><\/p>\n<p style=\"text-align: justify;\">Opou\u0161t\u00edme solnou pl\u00e1\u0148 Salar de Uyuni a po cest\u011b autem vid\u00edme okoln\u00ed kopce jakoby se vyno\u0159ovaly z vodn\u00ed hladiny a odr\u00e1\u017eely se na n\u00ed. Soln\u00e1 ploch\u00e1 krajina se pomalu m\u011bn\u00ed na pou\u0161tn\u00ed krajinu s vulk\u00e1ny a ztr\u00e1c\u00ed na b\u011blosti.<\/p>\n<p style=\"text-align: justify;\"><img loading=\"lazy\" decoding=\"async\" class=\"aligncenter size-full wp-image-9824\" src=\"http:\/\/1001voyagesgourmands.com\/wp-content\/uploads\/2016\/06\/Salar_de_Uyuni_nejvetsi_solna_plan-19-1.jpg\" alt=\"Salar de Uyuni je nejv\u011bt\u0161\u00ed soln\u00e1 pl\u00e1\u0148 na sv\u011bt\u011b, nach\u00e1zej\u00edc\u00ed se v jihoz\u00e1padn\u00ed Bol\u00edvii. Vydejte se s n\u00e1mi na neskute\u010dn\u00fd v\u00fdlet na nekone\u010dn\u011b plochou b\u00edlou pou\u0161\u0165\" width=\"800\" height=\"530\" srcset=\"https:\/\/1001voyagesgourmands.com\/wp-content\/uploads\/2016\/06\/Salar_de_Uyuni_nejvetsi_solna_plan-19-1.jpg 800w, https:\/\/1001voyagesgourmands.com\/wp-content\/uploads\/2016\/06\/Salar_de_Uyuni_nejvetsi_solna_plan-19-1-300x199.jpg 300w, https:\/\/1001voyagesgourmands.com\/wp-content\/uploads\/2016\/06\/Salar_de_Uyuni_nejvetsi_solna_plan-19-1-768x509.jpg 768w, https:\/\/1001voyagesgourmands.com\/wp-content\/uploads\/2016\/06\/Salar_de_Uyuni_nejvetsi_solna_plan-19-1-780x516.jpg 780w, https:\/\/1001voyagesgourmands.com\/wp-content\/uploads\/2016\/06\/Salar_de_Uyuni_nejvetsi_solna_plan-19-1-585x388.jpg 585w, https:\/\/1001voyagesgourmands.com\/wp-content\/uploads\/2016\/06\/Salar_de_Uyuni_nejvetsi_solna_plan-19-1-263x175.jpg 263w\" sizes=\"auto, (max-width: 800px) 100vw, 800px\" \/> <img loading=\"lazy\" decoding=\"async\" class=\"aligncenter size-full wp-image-9828\" src=\"http:\/\/1001voyagesgourmands.com\/wp-content\/uploads\/2016\/06\/Salar_de_Uyuni_nejvetsi_solna_plan-26.jpg\" alt=\"Salar de Uyuni je nejv\u011bt\u0161\u00ed soln\u00e1 pl\u00e1\u0148 na sv\u011bt\u011b, nach\u00e1zej\u00edc\u00ed se v jihoz\u00e1padn\u00ed Bol\u00edvii. Vydejte se s n\u00e1mi na neskute\u010dn\u00fd v\u00fdlet na nekone\u010dn\u011b plochou b\u00edlou pou\u0161\u0165\" width=\"794\" height=\"530\" srcset=\"https:\/\/1001voyagesgourmands.com\/wp-content\/uploads\/2016\/06\/Salar_de_Uyuni_nejvetsi_solna_plan-26.jpg 794w, https:\/\/1001voyagesgourmands.com\/wp-content\/uploads\/2016\/06\/Salar_de_Uyuni_nejvetsi_solna_plan-26-300x200.jpg 300w, https:\/\/1001voyagesgourmands.com\/wp-content\/uploads\/2016\/06\/Salar_de_Uyuni_nejvetsi_solna_plan-26-768x513.jpg 768w, https:\/\/1001voyagesgourmands.com\/wp-content\/uploads\/2016\/06\/Salar_de_Uyuni_nejvetsi_solna_plan-26-585x390.jpg 585w, https:\/\/1001voyagesgourmands.com\/wp-content\/uploads\/2016\/06\/Salar_de_Uyuni_nejvetsi_solna_plan-26-263x175.jpg 263w\" sizes=\"auto, (max-width: 794px) 100vw, 794px\" \/><\/p>\n<p style=\"text-align: justify;\">Ve\u010der p\u0159ij\u00ed\u017ed\u00edme do jak\u00e9hosi soln\u00e9ho hostelu v&nbsp;San Juan, kde jsou st\u011bny i podlaha ze soli. Uv\u00edtaj\u00ed n\u00e1s tu \u010dajem a su\u0161enkami. Po ve\u010de\u0159i se vyd\u00e1v\u00e1me hledat n\u011bjak\u00fd bar, kter\u00fd ov\u0161em nenajdeme. Ka\u017ed\u00fd, koho se zept\u00e1me, n\u00e1s pos\u00edl\u00e1 jinam. Je ji\u017e \u00fapln\u00e1 tma a tak alespo\u0148 p\u0159i na\u0161em vandrov\u00e1n\u00ed pozorujeme hv\u011bzdy \u2013 jsme v&nbsp;nadmo\u0159sk\u00e9 v\u00fd\u0161ce zhruba 3650 m a hv\u011bzdy se zdaj\u00ed b\u00fdt tak bl\u00edzko \u2013 je to n\u00e1dhera. Nakonec se p\u0159eci jen vr\u00e1t\u00edme v\u010das a jdeme sp\u00e1t. R\u00e1no n\u00e1s toti\u017e \u010dek\u00e1 dal\u0161\u00ed dobrodru\u017estv\u00ed v&nbsp;oblasti Sud-L\u00edpez, ale o tom a\u017e v p\u0159\u00ed\u0161t\u00edm \u010dl\u00e1nku! \ud83d\ude42<\/p>\n<p style=\"text-align: justify;\">V\u00fdlet na Salar n\u00e1s ohromil &#8211; tis\u00edce kilometr\u016f rovn\u00e9 soln\u00e9 krajiny, kde sn\u011bhov\u011b b\u00edl\u00e1 kontrastuje se syt\u011b modrou oblohou, ostrov porostl\u00fd kaktusy, zch\u00e1tral\u00e9 parn\u00ed lokomotivy, koleje vedouc\u00ed do nekone\u010dna, to v\u0161e n\u00e1m z\u016fstane v kr\u00e1sn\u00fdch vzpom\u00ednk\u00e1ch. B\u00edlou poh\u00e1dku naru\u0161uje jen fakt, \u017ee krajin\u011b soln\u00fdch pl\u00e1n\u00ed Salar de Uyuni hroz\u00ed nebezpe\u010d\u00ed. Pod solnou krustou se toti\u017e nach\u00e1z\u00ed nejv\u011bt\u0161\u00ed z\u00e1soby lithia na sv\u011bt\u011b, mo\u017en\u00e1 nad\u011bje na lep\u0161\u00ed z\u00edt\u0159ky zem\u011b. Vzhledem k&nbsp;tomu, \u017ee se jedn\u00e1 o chr\u00e1n\u011bnou oblast, pot\u0159ebn\u00e1 infrastruktura na t\u011b\u017eebn\u00ed pr\u00e1ce zde zat\u00edm nebyla vybudov\u00e1na, nicm\u00e9n\u011b sou\u010dasn\u00e1 vl\u00e1da pl\u00e1nuje ter\u00e9n po\u0159\u00e1dn\u011b prozkoumat. Je jasn\u00e9, \u017ee a\u017e dostane povolen\u00ed a poda\u0159\u00ed se j\u00ed m\u00edstn\u00ed p\u0159esv\u011bd\u010dit, jak\u00e9 bohatstv\u00ed se tam skr\u00fdv\u00e1, vyrostou tu s&nbsp;nejv\u011bt\u0161\u00ed pravd\u011bpodobnost\u00ed tov\u00e1rny a silnice, co\u017e zni\u010d\u00ed kr\u00e1su t\u00e9to magick\u00e9 krajiny.<\/p>\n<p style=\"text-align: justify;\"><strong>Nav\u0161t\u00edvili jste Salar de Uyuni? Jak\u00e9 byly va\u0161e dojmy?&nbsp;<\/strong><\/p>\n","protected":false},"excerpt":{"rendered":"<p>Salar de Uyuni je se svou rozlohou 10 582 km\u00b2 nejv\u011bt\u0161\u00ed soln\u00e1 pl\u00e1\u0148 na sv\u011bt\u011b a d\u00edky sv\u00e9 nadmo\u0159sk\u00e9 v\u00fd\u0161ce 3 650 m se tak\u00e9 jedn\u00e1 o nejv\u00fd\u0161e polo\u017eenou solnou pl\u00e1\u0148 na sv\u011bt\u011b, nach\u00e1zej\u00edc\u00ed se na jihoz\u00e1pad\u011b Bol\u00edvie. Kr\u00e1sa surov\u00e9 krajiny d\u011bl\u00e1 ze Salaru jednu z&nbsp;nejkr\u00e1sn\u011bj\u0161\u00edch pod\u00edvan\u00fdch v&nbsp;Ji\u017en\u00ed Americe a&hellip;<\/p>\n","protected":false},"author":1,"featured_media":9951,"comment_status":"open","ping_status":"open","sticky":false,"template":"","format":"standard","meta":{"_exactmetrics_skip_tracking":false,"_exactmetrics_sitenote_active":false,"_exactmetrics_sitenote_note":"","_exactmetrics_sitenote_category":0,"_lmt_disableupdate":"","_lmt_disable":"","footnotes":""},"categories":[389,4],"tags":[390,376,372],"class_list":["post-9788","post","type-post","status-publish","format-standard","has-post-thumbnail","hentry","category-bolivie","category-cestovani","tag-bolivie","tag-jizni-amerika","tag-vylety-do-prirody"],"yoast_head":"<!-- This site is optimized with the Yoast SEO plugin v26.1.1 - https:\/\/yoast.com\/wordpress\/plugins\/seo\/ -->\n<title>Salar de Uyuni: nejv\u011bt\u0161\u00ed soln\u00e1 pl\u00e1\u0148 na sv\u011bt\u011b - 1001 Voyages Gourmands<\/title>\n<meta name=\"description\" content=\"Salar de Uyuni je nejv\u011bt\u0161\u00ed soln\u00e1 pl\u00e1\u0148 na sv\u011bt\u011b, nach\u00e1zej\u00edc\u00ed se v jihoz\u00e1padn\u00ed Bol\u00edvii. Vydejte se s n\u00e1mi na v\u00fdlet na slanou pou\u0161\u0165, je\u017e v\u00e1m vyraz\u00ed dech.\" \/>\n<meta name=\"robots\" content=\"index, follow, max-snippet:-1, max-image-preview:large, max-video-preview:-1\" \/>\n<link rel=\"canonical\" href=\"https:\/\/1001voyagesgourmands.com\/cs\/salar-de-uyun-nejvetsi-solna-plan\/\" \/>\n<meta property=\"og:locale\" content=\"cs_CZ\" \/>\n<meta property=\"og:type\" content=\"article\" \/>\n<meta property=\"og:title\" content=\"Salar de Uyuni: nejv\u011bt\u0161\u00ed soln\u00e1 pl\u00e1\u0148 na sv\u011bt\u011b\" \/>\n<meta property=\"og:description\" content=\"Salar de Uyuni je nejv\u011bt\u0161\u00ed soln\u00e1 pl\u00e1\u0148 na sv\u011bt\u011b, nach\u00e1zej\u00edc\u00ed se v jihoz\u00e1padn\u00ed Bol\u00edvii. Vydejte se s n\u00e1mi na v\u00fdlet na slanou pou\u0161\u0165, je\u017e v\u00e1m vyraz\u00ed dech.\" \/>\n<meta property=\"og:url\" content=\"https:\/\/1001voyagesgourmands.com\/cs\/salar-de-uyun-nejvetsi-solna-plan\/\" \/>\n<meta property=\"og:site_name\" content=\"1001 Voyages Gourmands\" \/>\n<meta property=\"article:publisher\" content=\"https:\/\/www.facebook.com\/1001voyagesgourmands\" \/>\n<meta property=\"article:published_time\" content=\"2016-07-11T10:00:21+00:00\" \/>\n<meta property=\"article:modified_time\" content=\"2016-07-11T17:10:52+00:00\" \/>\n<meta property=\"og:image\" content=\"https:\/\/1001voyagesgourmands.com\/wp-content\/uploads\/2016\/07\/Salar_de_Uyuni_nejvetsi_solna_plan-titulek.jpg\" \/>\n\t<meta property=\"og:image:width\" content=\"737\" \/>\n\t<meta property=\"og:image:height\" content=\"510\" \/>\n\t<meta property=\"og:image:type\" content=\"image\/jpeg\" \/>\n<meta name=\"author\" content=\"Michaela\" \/>\n<meta name=\"twitter:card\" content=\"summary_large_image\" \/>\n<meta name=\"twitter:title\" content=\"Salar de Uyuni: nejv\u011bt\u0161\u00ed soln\u00e1 pl\u00e1\u0148 na sv\u011bt\u011b\" \/>\n<meta name=\"twitter:description\" content=\"V\u00fdlet na bolivijsk\u00fd Salar, jen\u017e v\u00e1m vyraz\u00ed dech\" \/>\n<meta name=\"twitter:image\" content=\"http:\/\/1001voyagesgourmands.com\/wp-content\/uploads\/2016\/06\/Salar_de_Uyuni_twitter.jpg\" \/>\n<meta name=\"twitter:creator\" content=\"@michaela_1001vg\" \/>\n<meta name=\"twitter:site\" content=\"@michaela_1001vg\" \/>\n<meta name=\"twitter:label1\" content=\"Napsal(a)\" \/>\n\t<meta name=\"twitter:data1\" content=\"Michaela\" \/>\n\t<meta name=\"twitter:label2\" content=\"Odhadovan\u00e1 doba \u010dten\u00ed\" \/>\n\t<meta name=\"twitter:data2\" content=\"8 minut\" \/>\n<script type=\"application\/ld+json\" class=\"yoast-schema-graph\">{\"@context\":\"https:\/\/schema.org\",\"@graph\":[{\"@type\":\"WebPage\",\"@id\":\"https:\/\/1001voyagesgourmands.com\/cs\/salar-de-uyun-nejvetsi-solna-plan\/\",\"url\":\"https:\/\/1001voyagesgourmands.com\/cs\/salar-de-uyun-nejvetsi-solna-plan\/\",\"name\":\"Salar de Uyuni: nejv\u011bt\u0161\u00ed soln\u00e1 pl\u00e1\u0148 na sv\u011bt\u011b - 1001 Voyages Gourmands\",\"isPartOf\":{\"@id\":\"https:\/\/1001voyagesgourmands.com\/cs\/#website\"},\"primaryImageOfPage\":{\"@id\":\"https:\/\/1001voyagesgourmands.com\/cs\/salar-de-uyun-nejvetsi-solna-plan\/#primaryimage\"},\"image\":{\"@id\":\"https:\/\/1001voyagesgourmands.com\/cs\/salar-de-uyun-nejvetsi-solna-plan\/#primaryimage\"},\"thumbnailUrl\":\"https:\/\/1001voyagesgourmands.com\/wp-content\/uploads\/2016\/07\/Salar_de_Uyuni-18.jpg\",\"datePublished\":\"2016-07-11T10:00:21+00:00\",\"dateModified\":\"2016-07-11T17:10:52+00:00\",\"author\":{\"@id\":\"https:\/\/1001voyagesgourmands.com\/cs\/#\/schema\/person\/62e0e7238fcf7482b23bf83e1b72ff1b\"},\"description\":\"Salar de Uyuni je nejv\u011bt\u0161\u00ed soln\u00e1 pl\u00e1\u0148 na sv\u011bt\u011b, nach\u00e1zej\u00edc\u00ed se v jihoz\u00e1padn\u00ed Bol\u00edvii. Vydejte se s n\u00e1mi na v\u00fdlet na slanou pou\u0161\u0165, je\u017e v\u00e1m vyraz\u00ed dech.\",\"breadcrumb\":{\"@id\":\"https:\/\/1001voyagesgourmands.com\/cs\/salar-de-uyun-nejvetsi-solna-plan\/#breadcrumb\"},\"inLanguage\":\"cs\",\"potentialAction\":[{\"@type\":\"ReadAction\",\"target\":[\"https:\/\/1001voyagesgourmands.com\/cs\/salar-de-uyun-nejvetsi-solna-plan\/\"]}]},{\"@type\":\"ImageObject\",\"inLanguage\":\"cs\",\"@id\":\"https:\/\/1001voyagesgourmands.com\/cs\/salar-de-uyun-nejvetsi-solna-plan\/#primaryimage\",\"url\":\"https:\/\/1001voyagesgourmands.com\/wp-content\/uploads\/2016\/07\/Salar_de_Uyuni-18.jpg\",\"contentUrl\":\"https:\/\/1001voyagesgourmands.com\/wp-content\/uploads\/2016\/07\/Salar_de_Uyuni-18.jpg\",\"width\":800,\"height\":530},{\"@type\":\"BreadcrumbList\",\"@id\":\"https:\/\/1001voyagesgourmands.com\/cs\/salar-de-uyun-nejvetsi-solna-plan\/#breadcrumb\",\"itemListElement\":[{\"@type\":\"ListItem\",\"position\":1,\"name\":\"Dom\u016f\",\"item\":\"https:\/\/1001voyagesgourmands.com\/cs\/\"},{\"@type\":\"ListItem\",\"position\":2,\"name\":\"Salar de Uyuni: nejv\u011bt\u0161\u00ed soln\u00e1 pl\u00e1\u0148 na sv\u011bt\u011b\"}]},{\"@type\":\"WebSite\",\"@id\":\"https:\/\/1001voyagesgourmands.com\/cs\/#website\",\"url\":\"https:\/\/1001voyagesgourmands.com\/cs\/\",\"name\":\"1001 Voyages Gourmands\",\"description\":\"Food | Travel | Photography\",\"potentialAction\":[{\"@type\":\"SearchAction\",\"target\":{\"@type\":\"EntryPoint\",\"urlTemplate\":\"https:\/\/1001voyagesgourmands.com\/cs\/?s={search_term_string}\"},\"query-input\":{\"@type\":\"PropertyValueSpecification\",\"valueRequired\":true,\"valueName\":\"search_term_string\"}}],\"inLanguage\":\"cs\"},{\"@type\":\"Person\",\"@id\":\"https:\/\/1001voyagesgourmands.com\/cs\/#\/schema\/person\/62e0e7238fcf7482b23bf83e1b72ff1b\",\"name\":\"Michaela\",\"image\":{\"@type\":\"ImageObject\",\"inLanguage\":\"cs\",\"@id\":\"https:\/\/1001voyagesgourmands.com\/cs\/#\/schema\/person\/image\/\",\"url\":\"https:\/\/secure.gravatar.com\/avatar\/73fa562a5b0ce269ca480f67de504b8ecac054a121d170e226f1b79e02024cb8?s=96&d=mm&r=g\",\"contentUrl\":\"https:\/\/secure.gravatar.com\/avatar\/73fa562a5b0ce269ca480f67de504b8ecac054a121d170e226f1b79e02024cb8?s=96&d=mm&r=g\",\"caption\":\"Michaela\"},\"sameAs\":[\"http:\/\/1001voyagesgourmands.com\"]}]}<\/script>\n<!-- \/ Yoast SEO plugin. -->","yoast_head_json":{"title":"Salar de Uyuni: nejv\u011bt\u0161\u00ed soln\u00e1 pl\u00e1\u0148 na sv\u011bt\u011b - 1001 Voyages Gourmands","description":"Salar de Uyuni je nejv\u011bt\u0161\u00ed soln\u00e1 pl\u00e1\u0148 na sv\u011bt\u011b, nach\u00e1zej\u00edc\u00ed se v jihoz\u00e1padn\u00ed Bol\u00edvii. Vydejte se s n\u00e1mi na v\u00fdlet na slanou pou\u0161\u0165, je\u017e v\u00e1m vyraz\u00ed dech.","robots":{"index":"index","follow":"follow","max-snippet":"max-snippet:-1","max-image-preview":"max-image-preview:large","max-video-preview":"max-video-preview:-1"},"canonical":"https:\/\/1001voyagesgourmands.com\/cs\/salar-de-uyun-nejvetsi-solna-plan\/","og_locale":"cs_CZ","og_type":"article","og_title":"Salar de Uyuni: nejv\u011bt\u0161\u00ed soln\u00e1 pl\u00e1\u0148 na sv\u011bt\u011b","og_description":"Salar de Uyuni je nejv\u011bt\u0161\u00ed soln\u00e1 pl\u00e1\u0148 na sv\u011bt\u011b, nach\u00e1zej\u00edc\u00ed se v jihoz\u00e1padn\u00ed Bol\u00edvii. Vydejte se s n\u00e1mi na v\u00fdlet na slanou pou\u0161\u0165, je\u017e v\u00e1m vyraz\u00ed dech.","og_url":"https:\/\/1001voyagesgourmands.com\/cs\/salar-de-uyun-nejvetsi-solna-plan\/","og_site_name":"1001 Voyages Gourmands","article_publisher":"https:\/\/www.facebook.com\/1001voyagesgourmands","article_published_time":"2016-07-11T10:00:21+00:00","article_modified_time":"2016-07-11T17:10:52+00:00","og_image":[{"width":737,"height":510,"url":"https:\/\/1001voyagesgourmands.com\/wp-content\/uploads\/2016\/07\/Salar_de_Uyuni_nejvetsi_solna_plan-titulek.jpg","type":"image\/jpeg"}],"author":"Michaela","twitter_card":"summary_large_image","twitter_title":"Salar de Uyuni: nejv\u011bt\u0161\u00ed soln\u00e1 pl\u00e1\u0148 na sv\u011bt\u011b","twitter_description":"V\u00fdlet na bolivijsk\u00fd Salar, jen\u017e v\u00e1m vyraz\u00ed dech","twitter_image":"http:\/\/1001voyagesgourmands.com\/wp-content\/uploads\/2016\/06\/Salar_de_Uyuni_twitter.jpg","twitter_creator":"@michaela_1001vg","twitter_site":"@michaela_1001vg","twitter_misc":{"Napsal(a)":"Michaela","Odhadovan\u00e1 doba \u010dten\u00ed":"8 minut"},"schema":{"@context":"https:\/\/schema.org","@graph":[{"@type":"WebPage","@id":"https:\/\/1001voyagesgourmands.com\/cs\/salar-de-uyun-nejvetsi-solna-plan\/","url":"https:\/\/1001voyagesgourmands.com\/cs\/salar-de-uyun-nejvetsi-solna-plan\/","name":"Salar de Uyuni: nejv\u011bt\u0161\u00ed soln\u00e1 pl\u00e1\u0148 na sv\u011bt\u011b - 1001 Voyages Gourmands","isPartOf":{"@id":"https:\/\/1001voyagesgourmands.com\/cs\/#website"},"primaryImageOfPage":{"@id":"https:\/\/1001voyagesgourmands.com\/cs\/salar-de-uyun-nejvetsi-solna-plan\/#primaryimage"},"image":{"@id":"https:\/\/1001voyagesgourmands.com\/cs\/salar-de-uyun-nejvetsi-solna-plan\/#primaryimage"},"thumbnailUrl":"https:\/\/1001voyagesgourmands.com\/wp-content\/uploads\/2016\/07\/Salar_de_Uyuni-18.jpg","datePublished":"2016-07-11T10:00:21+00:00","dateModified":"2016-07-11T17:10:52+00:00","author":{"@id":"https:\/\/1001voyagesgourmands.com\/cs\/#\/schema\/person\/62e0e7238fcf7482b23bf83e1b72ff1b"},"description":"Salar de Uyuni je nejv\u011bt\u0161\u00ed soln\u00e1 pl\u00e1\u0148 na sv\u011bt\u011b, nach\u00e1zej\u00edc\u00ed se v jihoz\u00e1padn\u00ed Bol\u00edvii. Vydejte se s n\u00e1mi na v\u00fdlet na slanou pou\u0161\u0165, je\u017e v\u00e1m vyraz\u00ed dech.","breadcrumb":{"@id":"https:\/\/1001voyagesgourmands.com\/cs\/salar-de-uyun-nejvetsi-solna-plan\/#breadcrumb"},"inLanguage":"cs","potentialAction":[{"@type":"ReadAction","target":["https:\/\/1001voyagesgourmands.com\/cs\/salar-de-uyun-nejvetsi-solna-plan\/"]}]},{"@type":"ImageObject","inLanguage":"cs","@id":"https:\/\/1001voyagesgourmands.com\/cs\/salar-de-uyun-nejvetsi-solna-plan\/#primaryimage","url":"https:\/\/1001voyagesgourmands.com\/wp-content\/uploads\/2016\/07\/Salar_de_Uyuni-18.jpg","contentUrl":"https:\/\/1001voyagesgourmands.com\/wp-content\/uploads\/2016\/07\/Salar_de_Uyuni-18.jpg","width":800,"height":530},{"@type":"BreadcrumbList","@id":"https:\/\/1001voyagesgourmands.com\/cs\/salar-de-uyun-nejvetsi-solna-plan\/#breadcrumb","itemListElement":[{"@type":"ListItem","position":1,"name":"Dom\u016f","item":"https:\/\/1001voyagesgourmands.com\/cs\/"},{"@type":"ListItem","position":2,"name":"Salar de Uyuni: nejv\u011bt\u0161\u00ed soln\u00e1 pl\u00e1\u0148 na sv\u011bt\u011b"}]},{"@type":"WebSite","@id":"https:\/\/1001voyagesgourmands.com\/cs\/#website","url":"https:\/\/1001voyagesgourmands.com\/cs\/","name":"1001 Voyages Gourmands","description":"Food | Travel | Photography","potentialAction":[{"@type":"SearchAction","target":{"@type":"EntryPoint","urlTemplate":"https:\/\/1001voyagesgourmands.com\/cs\/?s={search_term_string}"},"query-input":{"@type":"PropertyValueSpecification","valueRequired":true,"valueName":"search_term_string"}}],"inLanguage":"cs"},{"@type":"Person","@id":"https:\/\/1001voyagesgourmands.com\/cs\/#\/schema\/person\/62e0e7238fcf7482b23bf83e1b72ff1b","name":"Michaela","image":{"@type":"ImageObject","inLanguage":"cs","@id":"https:\/\/1001voyagesgourmands.com\/cs\/#\/schema\/person\/image\/","url":"https:\/\/secure.gravatar.com\/avatar\/73fa562a5b0ce269ca480f67de504b8ecac054a121d170e226f1b79e02024cb8?s=96&d=mm&r=g","contentUrl":"https:\/\/secure.gravatar.com\/avatar\/73fa562a5b0ce269ca480f67de504b8ecac054a121d170e226f1b79e02024cb8?s=96&d=mm&r=g","caption":"Michaela"},"sameAs":["http:\/\/1001voyagesgourmands.com"]}]}},"_links":{"self":[{"href":"https:\/\/1001voyagesgourmands.com\/cs\/wp-json\/wp\/v2\/posts\/9788","targetHints":{"allow":["GET"]}}],"collection":[{"href":"https:\/\/1001voyagesgourmands.com\/cs\/wp-json\/wp\/v2\/posts"}],"about":[{"href":"https:\/\/1001voyagesgourmands.com\/cs\/wp-json\/wp\/v2\/types\/post"}],"author":[{"embeddable":true,"href":"https:\/\/1001voyagesgourmands.com\/cs\/wp-json\/wp\/v2\/users\/1"}],"replies":[{"embeddable":true,"href":"https:\/\/1001voyagesgourmands.com\/cs\/wp-json\/wp\/v2\/comments?post=9788"}],"version-history":[{"count":0,"href":"https:\/\/1001voyagesgourmands.com\/cs\/wp-json\/wp\/v2\/posts\/9788\/revisions"}],"wp:featuredmedia":[{"embeddable":true,"href":"https:\/\/1001voyagesgourmands.com\/cs\/wp-json\/wp\/v2\/media\/9951"}],"wp:attachment":[{"href":"https:\/\/1001voyagesgourmands.com\/cs\/wp-json\/wp\/v2\/media?parent=9788"}],"wp:term":[{"taxonomy":"category","embeddable":true,"href":"https:\/\/1001voyagesgourmands.com\/cs\/wp-json\/wp\/v2\/categories?post=9788"},{"taxonomy":"post_tag","embeddable":true,"href":"https:\/\/1001voyagesgourmands.com\/cs\/wp-json\/wp\/v2\/tags?post=9788"}],"curies":[{"name":"wp","href":"https:\/\/api.w.org\/{rel}","templated":true}]}}