{"id":936,"date":"2015-04-06T18:27:31","date_gmt":"2015-04-06T18:27:31","guid":{"rendered":"http:\/\/voyagegourmand.org\/?p=936"},"modified":"2017-05-14T00:21:54","modified_gmt":"2017-05-13T22:21:54","slug":"le-mont-saint-michel","status":"publish","type":"post","link":"https:\/\/1001voyagesgourmands.com\/cs\/le-mont-saint-michel\/","title":{"rendered":"Le Mont Saint Michel"},"content":{"rendered":"<p style=\"text-align: justify;\"><span style=\"color: #000000;\">Le Mont Saint Michel je jedno z nejkr\u00e1sn\u011bj\u0161\u00edch a nejnav\u0161t\u011bvovan\u011bj\u0161\u00edch m\u00edst ve Francii, nach\u00e1zej\u00edc\u00ed se mezi Bretan\u00ed a Normandi\u00ed.&nbsp;\u017dulov\u00fd ostr\u016fvek s impozantn\u00edm gotick\u00fdm kl\u00e1\u0161terem, kter\u00fd ro\u010dn\u011b nav\u0161t\u00edv\u00ed na 3 mili\u00f3ny lid\u00ed, je situov\u00e1n ve stejnojmenn\u00e9 z\u00e1toce,&nbsp;kde doch\u00e1z\u00ed k nejv\u011bt\u0161\u00edmu p\u0159\u00edlivu a odlivu v Evrop\u011b (rozd\u00edl hladin je cca 14 metr\u016f a za odlivu mo\u0159e ustoup\u00ed a\u017e na 15 kilometr\u016f).<\/span><\/p>\n<p style=\"text-align: justify;\"><span style=\"color: #000000;\"><a style=\"color: #000000;\" href=\"http:\/\/1001voyagesgourmands.com\/?p=936\"><img loading=\"lazy\" decoding=\"async\" class=\"aligncenter wp-image-956 \" src=\"http:\/\/1001voyagesgourmands.com\/wp-content\/uploads\/2015\/04\/dsc_0461-1024x678.jpg\" alt=\"\" width=\"1159\" height=\"767\"><\/a><\/span><br \/>\n<span style=\"color: #000000;\"> <strong>N\u011bco m\u00e1lo z historie:<\/strong> O jeho p\u016fvodu se traduje, \u017ee ho nechal v roce 709 postavit Aubert, biskup z Avranches, kter\u00e9mu se n\u011bkolikr\u00e1t ve snu zjevil archand\u011bl Michael s p\u0159\u00e1n\u00edm vystavit kostel&nbsp;na vr\u0161ku ostrova. Stavba kl\u00e1\u0161teru dne\u0161n\u00ed podoby&nbsp;ale zapo\u010dala a\u017e po roce 966, kdy se tu na p\u0159\u00edkaz v\u00e9vody z Normandie us\u00eddlili beneditkini. V 11. stolet\u00ed vznikly&nbsp;rom\u00e1nsk\u00e9 krypty, pozd\u011bji ve 13. stolet\u00ed po dobyt\u00ed Normandie francouzsk\u00fd kr\u00e1l Philippe Auguste nechal postavit gotick\u00e9 opatstv\u00ed v\u010detn\u011b kl\u00e1\u0161t\u011bra Merveille. V 15. a 16. stolet\u00ed za stolet\u00e9 v\u00e1lky bylo opatstv\u00ed opevn\u011bno hradbami a pozd\u011bji za francouzsk\u00e9 revoluce slou\u017eilo jako v\u011bzen\u00ed pro odp\u016frce revoluce. Od roku 1979 je zaps\u00e1no na&nbsp;seznamu&nbsp;UNESCO.<\/span><\/p>\n<p style=\"text-align: justify;\"><span style=\"color: #000000;\"><strong>Jak se tam dostat?<\/strong>&nbsp;Ostr\u016fvek je spojen\u00fd s pevninou silnic\u00ed&nbsp;a od vesni\u010dky Pontorson jezd\u00ed kyvadlov\u00e1 doprava p\u0159\u00edmo k Mont Saint Michel.&nbsp;Autobus v\u00e1s vyhod\u00ed&nbsp;t\u011bsn\u011b&nbsp;p\u0159ed vchodem&nbsp;do are\u00e1lu. Za odlivu je mo\u017eno si najmout pr\u016fvodce a proj\u00edt se kolem ostr\u016fvku bu\u010f p\u011b\u0161ky, nebo na kon\u00edch. Na <a style=\"color: #000000;\" href=\"http:\/\/www.ot-montsaintmichel.com\/index.htm?lang=fr\">ofici\u00e1ln\u00edch str\u00e1nk\u00e1ch<\/a> turistick\u00e9 informa\u010dn\u00ed kancel\u00e1\u0159e maj\u00ed seznam partnersk\u00fdch pr\u016fvodc\u016f a tak\u00e9 rozvrh odliv\u016f a p\u0159\u00edliv\u016f, kdybyste si cht\u011bli n\u00e1v\u0161t\u011bvu monumentu spojit s pozorov\u00e1n\u00edm slapov\u00fdch jev\u016f. V \u017e\u00e1dn\u00e9m p\u0159\u00edpad\u011b neriskujte a necho\u010fte bez pr\u016fvodce nebo se koupat za p\u0159\u00edlivu, voda se vrac\u00ed dost rychle a ned\u00e1vno tam n\u011bkolik Francouz\u016f takto zahynulo.<\/span><\/p>\n<div id=\"attachment_968\" style=\"width: 891px\" class=\"wp-caption aligncenter\"><img loading=\"lazy\" decoding=\"async\" aria-describedby=\"caption-attachment-968\" class=\"wp-image-968 \" src=\"https:\/\/voyagegourmanddotorg.files.wordpress.com\/2015\/04\/dsc_0582.jpg?w=660\" alt=\"\" width=\"881\" height=\"583\"><p id=\"caption-attachment-968\" class=\"wp-caption-text\"><\/span> <span style=\"color: #000000;\">z\u00e1toka za odlivu<\/span><\/p><\/div>\n<p style=\"text-align: justify;\"><span style=\"color: #000000;\"><strong>Kde bydlet?<\/strong> V Pontorson najdete i mnoho ubytovac\u00edch a stravovac\u00edch za\u0159\u00edzen\u00ed, av\u0161ak p\u0159epln\u011bno asijsk\u00fdmi turisty. V sousedn\u00edch vesnic\u00edch a m\u011bstech t\u00e9\u017e najdete nem\u00e1lo &#8222;g\u00eetes&#8220;, neboli velice obl\u00edben\u00fdch francouzsk\u00fdch pension\u016f.<\/span><\/p>\n<hr>\n<p style=\"text-align: justify;\"><span style=\"color: #000000;\">My se vydali na tohle magick\u00e9 m\u00edsto v kv\u011btnu 2013, odsko\u010dili jsme si tam na dva dny p\u0159i n\u00e1v\u0161t\u011bv\u011b Normandie. Ji\u017e z d\u00e1lky vid\u00edte pasouc\u00ed se ovce a kr\u00e1vy, a za nimi se v mlze ty\u010d\u00ed tento magick\u00fd ostrov s kl\u00e1\u0161terem.<\/span><\/p>\n<p style=\"text-align: justify;\"><span style=\"color: #000000;\"><a style=\"color: #000000;\" href=\"http:\/\/voyagegourmand.org\/?attachment_id=940\" rel=\"attachment wp-att-940\"><img loading=\"lazy\" decoding=\"async\" class=\"aligncenter wp-image-940\" src=\"https:\/\/voyagegourmanddotorg.files.wordpress.com\/2015\/04\/dsc_0180a.jpg?w=660\" alt=\"Mont Saint Michel\" width=\"1021\" height=\"1474\"><\/a><\/span><\/p>\n<p style=\"text-align: justify;\"><span style=\"color: #000000;\">\u010c\u00edm jsme se bl\u00ed\u017eili, t\u00edm v\u00edce jsme si v\u0161\u00edmali jednotliv\u00fdch budov a \u010d\u00e1st\u00ed komplexu. Ano, pod opatstv\u00edm je mal\u00e9 m\u011bste\u010dko se zhruba 40 obyvateli.<\/span><\/p>\n<p style=\"text-align: justify;\"><span style=\"color: #000000;\"><img loading=\"lazy\" decoding=\"async\" class=\"aligncenter wp-image-955\" src=\"https:\/\/voyagegourmanddotorg.files.wordpress.com\/2015\/04\/dsc_0450.jpg?w=660\" alt=\"Le Mont Saint Michel je jedno z nejkr\u00e1sn\u011bj\u0161\u00edch a nejnav\u0161t\u011bvovan\u011bj\u0161\u00edch m\u00edst ve Francii, nach\u00e1zej\u00edc\u00ed se mezi Bretan\u00ed a Normandi\u00ed.\" width=\"867\" height=\"574\"><\/span><\/p>\n<p style=\"text-align: justify;\"><span style=\"color: #000000;\">Hned u vchodu mi to p\u0159ipomn\u011blo cestu na Karl\u0161tejn. V\u0161ude sam\u00fd obch\u016fdek, restaurace, kav\u00e1rna, hotel. A plno turist\u016f.<\/span><\/p>\n<p><span style=\"color: #000000;\"><img loading=\"lazy\" decoding=\"async\" class=\"aligncenter wp-image-8426\" src=\"http:\/\/1001voyagesgourmands.com\/wp-content\/uploads\/2015\/04\/DSC_0348_postcard.jpg\" alt=\"DSC_0348_postcard\" width=\"826\" height=\"547\" srcset=\"https:\/\/1001voyagesgourmands.com\/wp-content\/uploads\/2015\/04\/DSC_0348_postcard.jpg 800w, https:\/\/1001voyagesgourmands.com\/wp-content\/uploads\/2015\/04\/DSC_0348_postcard-300x199.jpg 300w, https:\/\/1001voyagesgourmands.com\/wp-content\/uploads\/2015\/04\/DSC_0348_postcard-768x509.jpg 768w, https:\/\/1001voyagesgourmands.com\/wp-content\/uploads\/2015\/04\/DSC_0348_postcard-780x516.jpg 780w, https:\/\/1001voyagesgourmands.com\/wp-content\/uploads\/2015\/04\/DSC_0348_postcard-585x388.jpg 585w, https:\/\/1001voyagesgourmands.com\/wp-content\/uploads\/2015\/04\/DSC_0348_postcard-263x175.jpg 263w\" sizes=\"auto, (max-width: 826px) 100vw, 826px\" \/><\/span><\/p>\n<p style=\"text-align: justify;\"><span style=\"color: #000000;\">Ostrov m\u00e1 rozlohu necel\u00fd kilometr \u010dtvere\u010dn\u00ed, tak\u017ee m\u00edsta nebylo nazbyt a uli\u010dky jsou uzounk\u00e9, je to bar\u00e1\u010dek na bar\u00e1\u010dku.<\/span><\/p>\n<p style=\"text-align: justify;\"><span style=\"color: #000000;\"><img loading=\"lazy\" decoding=\"async\" class=\"aligncenter wp-image-952\" src=\"https:\/\/voyagegourmanddotorg.files.wordpress.com\/2015\/04\/dsc_0438.jpg?w=660\" alt=\"Le Mont Saint Michel je jedno z nejkr\u00e1sn\u011bj\u0161\u00edch a nejnav\u0161t\u011bvovan\u011bj\u0161\u00edch m\u00edst ve Francii, nach\u00e1zej\u00edc\u00ed se mezi Bretan\u00ed a Normandi\u00ed.\" width=\"906\" height=\"600\"><\/span><\/p>\n<p style=\"text-align: justify;\"><span style=\"color: #000000;\">M\u00edj\u00edme h\u0159bitov&#8230; za p\u0159edpokladu, \u017ee v t\u011bch dome\u010dk\u00e1ch bydl\u00ed lid\u00e9, se nask\u00fdt\u00e1 ot\u00e1zka, jak se asi c\u00edt\u00ed p\u0159i probuzen\u00ed s v\u00fdhledem na h\u0159bitov?<\/span><\/p>\n<p style=\"text-align: justify;\"><span style=\"color: #000000;\"><img loading=\"lazy\" decoding=\"async\" class=\"aligncenter wp-image-944\" src=\"https:\/\/voyagegourmanddotorg.files.wordpress.com\/2015\/04\/dsc_0243.jpg?w=660\" alt=\"Le Mont Saint Michel je jedno z nejkr\u00e1sn\u011bj\u0161\u00edch a nejnav\u0161t\u011bvovan\u011bj\u0161\u00edch m\u00edst ve Francii, nach\u00e1zej\u00edc\u00ed se mezi Bretan\u00ed a Normandi\u00ed.\" width=\"921\" height=\"610\"><\/span><\/p>\n<p style=\"text-align: justify;\"><span style=\"color: #000000;\">Jak stoup\u00e1me po cest\u011b k opatstv\u00ed, za\u010d\u00edn\u00e1 se n\u00e1m otv\u00edrat pohled na pr\u00e1zdn\u00fd z\u00e1liv a i skupinku lid\u00ed, co se tam dole proch\u00e1z\u00ed, z t\u00e9 v\u00fd\u0161ky se zdaj\u00ed jak mravenci.<\/span><\/p>\n<p style=\"text-align: justify;\"><span style=\"color: #000000;\"><img loading=\"lazy\" decoding=\"async\" class=\"aligncenter wp-image-945\" src=\"https:\/\/voyagegourmanddotorg.files.wordpress.com\/2015\/04\/dsc_0274.jpg?w=660\" alt=\"\" width=\"933\" height=\"618\"><\/span><\/p>\n<p style=\"text-align: justify;\"><span style=\"color: #000000;\">Rackov\u00e9 jsou v\u0161udyp\u0159\u00edtomn\u00ed.<\/span><\/p>\n<p style=\"text-align: justify;\"><span style=\"color: #000000;\"><img loading=\"lazy\" decoding=\"async\" class=\"aligncenter wp-image-941\" src=\"https:\/\/voyagegourmanddotorg.files.wordpress.com\/2015\/04\/dsc_0203.jpg?w=660\" alt=\"\" width=\"1003\" height=\"392\"><\/span><\/p>\n<p style=\"text-align: justify;\"><span style=\"color: #000000;\">Kone\u010dn\u011b se p\u0159ed n\u00e1mi (nebo sp\u00ed\u0161e nad n\u00e1mi) objevuje ten z\u00e1zra\u010dn\u00fd kl\u00e1\u0161ter (La Merveille). U\u017e nem\u016f\u017eeme b\u00fdt daleko &#8211; zd\u00e1 se n\u00e1m.<\/span><\/p>\n<p style=\"text-align: justify;\"><span style=\"color: #000000;\"><img loading=\"lazy\" decoding=\"async\" class=\"aligncenter wp-image-948\" src=\"https:\/\/voyagegourmanddotorg.files.wordpress.com\/2015\/04\/dsc_0345.jpg?w=660\" alt=\"\" width=\"924\" height=\"612\"><\/span><\/p>\n<p style=\"text-align: justify;\"><span style=\"color: #000000;\">Ono to nen\u00ed daleko, jen to chce trochu stoupat a vyl\u00e9zt p\u00e1r schod\u016f \ud83d\ude42<\/span><\/p>\n<p style=\"text-align: justify;\"><span style=\"color: #000000;\"><img loading=\"lazy\" decoding=\"async\" class=\"aligncenter wp-image-946\" src=\"https:\/\/voyagegourmanddotorg.files.wordpress.com\/2015\/04\/dsc_0291.jpg?w=660\" alt=\"Le Mont Saint Michel je jedno z nejkr\u00e1sn\u011bj\u0161\u00edch a nejnav\u0161t\u011bvovan\u011bj\u0161\u00edch m\u00edst ve Francii, nach\u00e1zej\u00edc\u00ed se mezi Bretan\u00ed a Normandi\u00ed.\" width=\"964\" height=\"1456\"><\/span><\/p>\n<p style=\"text-align: justify;\"><span style=\"color: #000000;\">Vstupujeme do opatstv\u00ed La Merveille (Z\u00e1zrak) a s pr\u016fvodcem si ho jdeme prohl\u00e9dnout zevnit\u0159&nbsp;panorama&nbsp;st\u0159edov\u011bk\u00e9 architektury 11.-16. stolet\u00ed. Tady je mal\u00e1 uk\u00e1zka:<\/span><\/p>\n<p style=\"text-align: justify;\"><span style=\"color: #000000;\"><img loading=\"lazy\" decoding=\"async\" class=\"aligncenter size-full wp-image-8428\" src=\"http:\/\/1001voyagesgourmands.com\/wp-content\/uploads\/2015\/04\/DSC_0528-1.jpg\" alt=\"DSC_0528\" width=\"800\" height=\"530\" srcset=\"https:\/\/1001voyagesgourmands.com\/wp-content\/uploads\/2015\/04\/DSC_0528-1.jpg 800w, https:\/\/1001voyagesgourmands.com\/wp-content\/uploads\/2015\/04\/DSC_0528-1-300x199.jpg 300w, https:\/\/1001voyagesgourmands.com\/wp-content\/uploads\/2015\/04\/DSC_0528-1-768x509.jpg 768w, https:\/\/1001voyagesgourmands.com\/wp-content\/uploads\/2015\/04\/DSC_0528-1-780x516.jpg 780w, https:\/\/1001voyagesgourmands.com\/wp-content\/uploads\/2015\/04\/DSC_0528-1-585x388.jpg 585w, https:\/\/1001voyagesgourmands.com\/wp-content\/uploads\/2015\/04\/DSC_0528-1-263x175.jpg 263w\" sizes=\"auto, (max-width: 800px) 100vw, 800px\" \/><\/span><\/p>\n<p style=\"text-align: justify;\"><span style=\"color: #000000;\"><img loading=\"lazy\" decoding=\"async\" class=\"aligncenter size-full wp-image-8434\" src=\"http:\/\/1001voyagesgourmands.com\/wp-content\/uploads\/2015\/04\/DSC_0510_postcard.jpg\" alt=\"DSC_0510_postcard\" width=\"800\" height=\"530\" srcset=\"https:\/\/1001voyagesgourmands.com\/wp-content\/uploads\/2015\/04\/DSC_0510_postcard.jpg 800w, https:\/\/1001voyagesgourmands.com\/wp-content\/uploads\/2015\/04\/DSC_0510_postcard-300x199.jpg 300w, https:\/\/1001voyagesgourmands.com\/wp-content\/uploads\/2015\/04\/DSC_0510_postcard-768x509.jpg 768w, https:\/\/1001voyagesgourmands.com\/wp-content\/uploads\/2015\/04\/DSC_0510_postcard-780x516.jpg 780w, https:\/\/1001voyagesgourmands.com\/wp-content\/uploads\/2015\/04\/DSC_0510_postcard-585x388.jpg 585w, https:\/\/1001voyagesgourmands.com\/wp-content\/uploads\/2015\/04\/DSC_0510_postcard-263x175.jpg 263w\" sizes=\"auto, (max-width: 800px) 100vw, 800px\" \/><\/span><\/p>\n<p><span style=\"color: #000000;\"><img loading=\"lazy\" decoding=\"async\" class=\"aligncenter size-full wp-image-8432\" src=\"http:\/\/1001voyagesgourmands.com\/wp-content\/uploads\/2015\/04\/DSC_0546-1.jpg\" alt=\"DSC_0546\" width=\"800\" height=\"530\" srcset=\"https:\/\/1001voyagesgourmands.com\/wp-content\/uploads\/2015\/04\/DSC_0546-1.jpg 800w, https:\/\/1001voyagesgourmands.com\/wp-content\/uploads\/2015\/04\/DSC_0546-1-300x199.jpg 300w, https:\/\/1001voyagesgourmands.com\/wp-content\/uploads\/2015\/04\/DSC_0546-1-768x509.jpg 768w, https:\/\/1001voyagesgourmands.com\/wp-content\/uploads\/2015\/04\/DSC_0546-1-780x516.jpg 780w, https:\/\/1001voyagesgourmands.com\/wp-content\/uploads\/2015\/04\/DSC_0546-1-585x388.jpg 585w, https:\/\/1001voyagesgourmands.com\/wp-content\/uploads\/2015\/04\/DSC_0546-1-263x175.jpg 263w\" sizes=\"auto, (max-width: 800px) 100vw, 800px\" \/><\/span><\/p>\n<p style=\"text-align: justify;\"><span style=\"color: #000000;\">Vych\u00e1z\u00edme z opatstv\u00ed ohromeni a je\u0161t\u011b chv\u00edli si pohl\u00ed\u017e\u00edme pr\u00e1zdn\u00fd z\u00e1liv, je vid\u011bt na kilometry daleko.<\/span><\/p>\n<p style=\"text-align: justify;\"><span style=\"color: #000000;\"><img loading=\"lazy\" decoding=\"async\" class=\"aligncenter wp-image-1832\" src=\"http:\/\/1001voyagesgourmands.com\/wp-content\/uploads\/2015\/04\/DSC_0581-1024x678.jpg\" alt=\"DSC_0581\" width=\"871\" height=\"576\" srcset=\"https:\/\/1001voyagesgourmands.com\/wp-content\/uploads\/2015\/04\/DSC_0581-1024x678.jpg 1024w, https:\/\/1001voyagesgourmands.com\/wp-content\/uploads\/2015\/04\/DSC_0581-800x530.jpg 800w, https:\/\/1001voyagesgourmands.com\/wp-content\/uploads\/2015\/04\/DSC_0581-300x199.jpg 300w, https:\/\/1001voyagesgourmands.com\/wp-content\/uploads\/2015\/04\/DSC_0581-768x509.jpg 768w, https:\/\/1001voyagesgourmands.com\/wp-content\/uploads\/2015\/04\/DSC_0581-1170x775.jpg 1170w, https:\/\/1001voyagesgourmands.com\/wp-content\/uploads\/2015\/04\/DSC_0581-780x516.jpg 780w, https:\/\/1001voyagesgourmands.com\/wp-content\/uploads\/2015\/04\/DSC_0581-1920x1272.jpg 1920w, https:\/\/1001voyagesgourmands.com\/wp-content\/uploads\/2015\/04\/DSC_0581-585x388.jpg 585w, https:\/\/1001voyagesgourmands.com\/wp-content\/uploads\/2015\/04\/DSC_0581-263x175.jpg 263w, https:\/\/1001voyagesgourmands.com\/wp-content\/uploads\/2015\/04\/DSC_0581.jpg 2000w\" sizes=\"auto, (max-width: 871px) 100vw, 871px\" \/><\/span><\/p>\n<p style=\"text-align: justify;\"><span style=\"color: #000000;\">Cestou dol\u016f do vesnice dost\u00e1v\u00e1me hlad a tak m\u00ed\u0159\u00edme k M\u00e8re Poulard, restauraci, co n\u00e1m byla doporu\u010dena zn\u00e1m\u00fdmi, na vyhl\u00e1\u0161enou omeletu matky Poulard. I kdy\u017e to vypad\u00e1 l\u00e1kav\u011b, nedoporu\u010duji v\u00e1m tam na j\u00eddlo&#8230; n\u00ed\u017ee vysv\u011btl\u00edm pro\u010d.<\/span><\/p>\n<p style=\"text-align: justify;\"><span style=\"color: #000000;\"><img loading=\"lazy\" decoding=\"async\" class=\"aligncenter wp-image-972\" src=\"https:\/\/voyagegourmanddotorg.files.wordpress.com\/2015\/04\/dsc_0597.jpg?w=660\" alt=\"\" width=\"1069\" height=\"708\"><\/span><\/p>\n<p style=\"text-align: justify;\"><span style=\"color: #000000;\">Vchod do restaurace je lemov\u00e1n fotkami zn\u00e1m\u00fdch lid\u00ed, co sem kdy zav\u00edtali. V\u00edtaj\u00ed v\u00e1s kucha\u0159i a kucha\u0159inky rytmicky m\u00edchaj\u00edc\u00ed vejce na onu vyhl\u00e1\u0161enou omeletu podle matky Poulard. Nevypadaj\u00ed moc nad\u0161en\u011b, ono kdy\u017e si je prohl\u00ed\u017e\u00ed turist\u00e9 jak n\u00e1v\u0161t\u011bvn\u00edci v zoo opice, se asi ned\u00e1 vydr\u017eet dlouho&#8230;<\/span><\/p>\n<p style=\"text-align: justify;\"><span style=\"color: #000000;\"><img loading=\"lazy\" decoding=\"async\" class=\"aligncenter wp-image-969\" src=\"https:\/\/voyagegourmanddotorg.files.wordpress.com\/2015\/04\/dsc_0588.jpg?w=660\" alt=\"\" width=\"903\" height=\"598\"><\/span><\/p>\n<p style=\"text-align: justify;\"><span style=\"color: #000000;\">Co si budeme pov\u00eddat, je to turistick\u00e1 lapa\u010dka. Omeleta byla tro\u0161ku p\u0159edra\u017een\u00e1 &#8211; byla to oby\u010dejn\u00e1 vaje\u010dn\u00e1 omeleta, akor\u00e1t pe\u010den\u00e1 v troub\u011b, a o po\u010dtu vejc\u00edch v\u00e1m toho moc ne\u0159eknu, ale na pohled sr\u0161\u00ed LDL cholesterolem. Vypadala asi takto:<\/span><\/p>\n<p style=\"text-align: justify;\"><span style=\"color: #000000;\"><img loading=\"lazy\" decoding=\"async\" class=\"aligncenter wp-image-971 \" src=\"https:\/\/voyagegourmanddotorg.files.wordpress.com\/2015\/04\/dsc_0594.jpg?w=660\" alt=\"omeleta matky Poulard\" width=\"967\" height=\"640\"><\/span><\/p>\n<p style=\"text-align: justify;\"><span style=\"color: #000000;\">M\u011b se to zd\u00e1lo divn\u00e9 a drah\u00e9, tak jsem si rad\u011bji dala vegetari\u00e1nsk\u00e9 menu a mus\u00edm \u0159\u00edct, \u017ee jsem m\u011bla za chv\u00edli hlad, jeliko\u017e moje j\u00eddlo se skl\u00e1dalo z jak\u00e9si malink\u00e9 pol\u00edv\u010di\u010dky, \u017eel\u00e9 se zeleninou (ruku do ohn\u011b na to, \u017ee nepou\u017eili zv\u00ed\u0159ec\u00ed \u017eelatinu, bych nedala), mrkvov\u00fd kr\u00e9m se \u0161leha\u010dkou a mini sal\u00e1t. Dod\u00e1v\u00e1m, v\u0161e t\u00e9m\u011b\u0159 bez chuti:<\/span><\/p>\n<p style=\"text-align: justify;\"><span style=\"color: #000000;\"><img loading=\"lazy\" decoding=\"async\" class=\"aligncenter wp-image-970\" src=\"https:\/\/voyagegourmanddotorg.files.wordpress.com\/2015\/04\/dsc_0593.jpg?w=660\" alt=\"\" width=\"1152\" height=\"763\"><\/span><\/p>\n<p style=\"text-align: justify;\"><span style=\"color: #000000;\">Tak\u017ee asi takto. Navzdory tomu \u0161patn\u00e9mu j\u00eddlu se tam i v okol\u00ed plno v\u011bc\u00ed jmenuje po matce Poulard, proto\u017ee zejm\u00e9na asij\u0161t\u00ed turist\u00e9 na to let\u00ed. My jsme si pro soukrom\u00e9 \u00fa\u010dely v\u00fdlet pojmenovali Mont M\u00e8re Poulard&#8230; \ud83d\ude42<\/span><\/p>\n<p style=\"text-align: justify;\"><span style=\"color: #000000;\">Jdeme sp\u00e1t a z okna d\u00e1v\u00e1me dobrou noc Mont Saint Michel. \ud83d\ude42<\/span><\/p>\n<p style=\"text-align: justify;\"><span style=\"color: #000000;\"><img loading=\"lazy\" decoding=\"async\" class=\" wp-image-957 aligncenter\" src=\"https:\/\/voyagegourmanddotorg.files.wordpress.com\/2015\/04\/dsc_0480.jpg?w=660\" alt=\"\" width=\"991\" height=\"656\"><\/span><\/p>\n","protected":false},"excerpt":{"rendered":"<p>Le Mont Saint Michel je jedno z nejkr\u00e1sn\u011bj\u0161\u00edch a nejnav\u0161t\u011bvovan\u011bj\u0161\u00edch m\u00edst ve Francii, nach\u00e1zej\u00edc\u00ed se mezi Bretan\u00ed a Normandi\u00ed.&nbsp;\u017dulov\u00fd ostr\u016fvek s impozantn\u00edm gotick\u00fdm kl\u00e1\u0161terem, kter\u00fd ro\u010dn\u011b nav\u0161t\u00edv\u00ed na 3 mili\u00f3ny lid\u00ed, je situov\u00e1n ve stejnojmenn\u00e9 z\u00e1toce,&nbsp;kde doch\u00e1z\u00ed k nejv\u011bt\u0161\u00edmu p\u0159\u00edlivu a odlivu v Evrop\u011b (rozd\u00edl hladin je cca 14 metr\u016f&hellip;<\/p>\n","protected":false},"author":1,"featured_media":2359,"comment_status":"open","ping_status":"open","sticky":false,"template":"","format":"standard","meta":{"_exactmetrics_skip_tracking":false,"_exactmetrics_sitenote_active":false,"_exactmetrics_sitenote_note":"","_exactmetrics_sitenote_category":0,"_lmt_disableupdate":"","_lmt_disable":"","footnotes":""},"categories":[4,7],"tags":[40,368],"class_list":["post-936","post","type-post","status-publish","format-standard","has-post-thumbnail","hentry","category-cestovani","category-francie","tag-francie","tag-vylety-z-bruselu"],"yoast_head":"<!-- This site is optimized with the Yoast SEO plugin v26.1.1 - https:\/\/yoast.com\/wordpress\/plugins\/seo\/ -->\n<title>Le Mont Saint Michel - 1001 Voyages Gourmands<\/title>\n<meta name=\"description\" content=\"Le Mont Saint Michel je jedno z nejkr\u00e1sn\u011bj\u0161\u00edch a nejnav\u0161t\u011bvovan\u011bj\u0161\u00edch m\u00edst ve Francii, nach\u00e1zej\u00edc\u00ed se mezi Bretan\u00ed a Normandi\u00ed.\" \/>\n<meta name=\"robots\" content=\"index, follow, max-snippet:-1, max-image-preview:large, max-video-preview:-1\" \/>\n<link rel=\"canonical\" href=\"https:\/\/1001voyagesgourmands.com\/cs\/le-mont-saint-michel\/\" \/>\n<meta property=\"og:locale\" content=\"cs_CZ\" \/>\n<meta property=\"og:type\" content=\"article\" \/>\n<meta property=\"og:title\" content=\"Le Mont Saint Michel - 1001 Voyages Gourmands\" \/>\n<meta property=\"og:description\" content=\"Le Mont Saint Michel je jedno z nejkr\u00e1sn\u011bj\u0161\u00edch a nejnav\u0161t\u011bvovan\u011bj\u0161\u00edch m\u00edst ve Francii, nach\u00e1zej\u00edc\u00ed se mezi Bretan\u00ed a Normandi\u00ed.\" \/>\n<meta property=\"og:url\" content=\"https:\/\/1001voyagesgourmands.com\/cs\/le-mont-saint-michel\/\" \/>\n<meta property=\"og:site_name\" content=\"1001 Voyages Gourmands\" \/>\n<meta property=\"article:publisher\" content=\"https:\/\/www.facebook.com\/1001voyagesgourmands\" \/>\n<meta property=\"article:published_time\" content=\"2015-04-06T18:27:31+00:00\" \/>\n<meta property=\"article:modified_time\" content=\"2017-05-13T22:21:54+00:00\" \/>\n<meta property=\"og:image\" content=\"https:\/\/1001voyagesgourmands.com\/wp-content\/uploads\/2015\/04\/DSC_0180a.jpg\" \/>\n\t<meta property=\"og:image:width\" content=\"2000\" \/>\n\t<meta property=\"og:image:height\" content=\"2888\" \/>\n\t<meta property=\"og:image:type\" content=\"image\/jpeg\" \/>\n<meta name=\"author\" content=\"Michaela\" \/>\n<meta name=\"twitter:card\" content=\"summary_large_image\" \/>\n<meta name=\"twitter:creator\" content=\"@michaela_1001vg\" \/>\n<meta name=\"twitter:site\" content=\"@michaela_1001vg\" \/>\n<meta name=\"twitter:label1\" content=\"Napsal(a)\" \/>\n\t<meta name=\"twitter:data1\" content=\"Michaela\" \/>\n\t<meta name=\"twitter:label2\" content=\"Odhadovan\u00e1 doba \u010dten\u00ed\" \/>\n\t<meta name=\"twitter:data2\" content=\"5 minut\" \/>\n<script type=\"application\/ld+json\" class=\"yoast-schema-graph\">{\"@context\":\"https:\/\/schema.org\",\"@graph\":[{\"@type\":\"WebPage\",\"@id\":\"https:\/\/1001voyagesgourmands.com\/cs\/le-mont-saint-michel\/\",\"url\":\"https:\/\/1001voyagesgourmands.com\/cs\/le-mont-saint-michel\/\",\"name\":\"Le Mont Saint Michel - 1001 Voyages Gourmands\",\"isPartOf\":{\"@id\":\"https:\/\/1001voyagesgourmands.com\/cs\/#website\"},\"primaryImageOfPage\":{\"@id\":\"https:\/\/1001voyagesgourmands.com\/cs\/le-mont-saint-michel\/#primaryimage\"},\"image\":{\"@id\":\"https:\/\/1001voyagesgourmands.com\/cs\/le-mont-saint-michel\/#primaryimage\"},\"thumbnailUrl\":\"https:\/\/1001voyagesgourmands.com\/wp-content\/uploads\/2015\/04\/DSC_0180a.jpg\",\"datePublished\":\"2015-04-06T18:27:31+00:00\",\"dateModified\":\"2017-05-13T22:21:54+00:00\",\"author\":{\"@id\":\"https:\/\/1001voyagesgourmands.com\/cs\/#\/schema\/person\/62e0e7238fcf7482b23bf83e1b72ff1b\"},\"description\":\"Le Mont Saint Michel je jedno z nejkr\u00e1sn\u011bj\u0161\u00edch a nejnav\u0161t\u011bvovan\u011bj\u0161\u00edch m\u00edst ve Francii, nach\u00e1zej\u00edc\u00ed se mezi Bretan\u00ed a Normandi\u00ed.\",\"breadcrumb\":{\"@id\":\"https:\/\/1001voyagesgourmands.com\/cs\/le-mont-saint-michel\/#breadcrumb\"},\"inLanguage\":\"cs\",\"potentialAction\":[{\"@type\":\"ReadAction\",\"target\":[\"https:\/\/1001voyagesgourmands.com\/cs\/le-mont-saint-michel\/\"]}]},{\"@type\":\"ImageObject\",\"inLanguage\":\"cs\",\"@id\":\"https:\/\/1001voyagesgourmands.com\/cs\/le-mont-saint-michel\/#primaryimage\",\"url\":\"https:\/\/1001voyagesgourmands.com\/wp-content\/uploads\/2015\/04\/DSC_0180a.jpg\",\"contentUrl\":\"https:\/\/1001voyagesgourmands.com\/wp-content\/uploads\/2015\/04\/DSC_0180a.jpg\",\"width\":2000,\"height\":2888,\"caption\":\"Le Mont Saint Michel je jedno z nejkr\u00e1sn\u011bj\u0161\u00edch a nejnav\u0161t\u011bvovan\u011bj\u0161\u00edch m\u00edst ve Francii, nach\u00e1zej\u00edc\u00ed se mezi Bretan\u00ed a Normandi\u00ed.\"},{\"@type\":\"BreadcrumbList\",\"@id\":\"https:\/\/1001voyagesgourmands.com\/cs\/le-mont-saint-michel\/#breadcrumb\",\"itemListElement\":[{\"@type\":\"ListItem\",\"position\":1,\"name\":\"Dom\u016f\",\"item\":\"https:\/\/1001voyagesgourmands.com\/cs\/\"},{\"@type\":\"ListItem\",\"position\":2,\"name\":\"Le Mont Saint Michel\"}]},{\"@type\":\"WebSite\",\"@id\":\"https:\/\/1001voyagesgourmands.com\/cs\/#website\",\"url\":\"https:\/\/1001voyagesgourmands.com\/cs\/\",\"name\":\"1001 Voyages Gourmands\",\"description\":\"Food | Travel | Photography\",\"potentialAction\":[{\"@type\":\"SearchAction\",\"target\":{\"@type\":\"EntryPoint\",\"urlTemplate\":\"https:\/\/1001voyagesgourmands.com\/cs\/?s={search_term_string}\"},\"query-input\":{\"@type\":\"PropertyValueSpecification\",\"valueRequired\":true,\"valueName\":\"search_term_string\"}}],\"inLanguage\":\"cs\"},{\"@type\":\"Person\",\"@id\":\"https:\/\/1001voyagesgourmands.com\/cs\/#\/schema\/person\/62e0e7238fcf7482b23bf83e1b72ff1b\",\"name\":\"Michaela\",\"image\":{\"@type\":\"ImageObject\",\"inLanguage\":\"cs\",\"@id\":\"https:\/\/1001voyagesgourmands.com\/cs\/#\/schema\/person\/image\/\",\"url\":\"https:\/\/secure.gravatar.com\/avatar\/73fa562a5b0ce269ca480f67de504b8ecac054a121d170e226f1b79e02024cb8?s=96&d=mm&r=g\",\"contentUrl\":\"https:\/\/secure.gravatar.com\/avatar\/73fa562a5b0ce269ca480f67de504b8ecac054a121d170e226f1b79e02024cb8?s=96&d=mm&r=g\",\"caption\":\"Michaela\"},\"sameAs\":[\"http:\/\/1001voyagesgourmands.com\"]}]}<\/script>\n<!-- \/ Yoast SEO plugin. -->","yoast_head_json":{"title":"Le Mont Saint Michel - 1001 Voyages Gourmands","description":"Le Mont Saint Michel je jedno z nejkr\u00e1sn\u011bj\u0161\u00edch a nejnav\u0161t\u011bvovan\u011bj\u0161\u00edch m\u00edst ve Francii, nach\u00e1zej\u00edc\u00ed se mezi Bretan\u00ed a Normandi\u00ed.","robots":{"index":"index","follow":"follow","max-snippet":"max-snippet:-1","max-image-preview":"max-image-preview:large","max-video-preview":"max-video-preview:-1"},"canonical":"https:\/\/1001voyagesgourmands.com\/cs\/le-mont-saint-michel\/","og_locale":"cs_CZ","og_type":"article","og_title":"Le Mont Saint Michel - 1001 Voyages Gourmands","og_description":"Le Mont Saint Michel je jedno z nejkr\u00e1sn\u011bj\u0161\u00edch a nejnav\u0161t\u011bvovan\u011bj\u0161\u00edch m\u00edst ve Francii, nach\u00e1zej\u00edc\u00ed se mezi Bretan\u00ed a Normandi\u00ed.","og_url":"https:\/\/1001voyagesgourmands.com\/cs\/le-mont-saint-michel\/","og_site_name":"1001 Voyages Gourmands","article_publisher":"https:\/\/www.facebook.com\/1001voyagesgourmands","article_published_time":"2015-04-06T18:27:31+00:00","article_modified_time":"2017-05-13T22:21:54+00:00","og_image":[{"width":2000,"height":2888,"url":"https:\/\/1001voyagesgourmands.com\/wp-content\/uploads\/2015\/04\/DSC_0180a.jpg","type":"image\/jpeg"}],"author":"Michaela","twitter_card":"summary_large_image","twitter_creator":"@michaela_1001vg","twitter_site":"@michaela_1001vg","twitter_misc":{"Napsal(a)":"Michaela","Odhadovan\u00e1 doba \u010dten\u00ed":"5 minut"},"schema":{"@context":"https:\/\/schema.org","@graph":[{"@type":"WebPage","@id":"https:\/\/1001voyagesgourmands.com\/cs\/le-mont-saint-michel\/","url":"https:\/\/1001voyagesgourmands.com\/cs\/le-mont-saint-michel\/","name":"Le Mont Saint Michel - 1001 Voyages Gourmands","isPartOf":{"@id":"https:\/\/1001voyagesgourmands.com\/cs\/#website"},"primaryImageOfPage":{"@id":"https:\/\/1001voyagesgourmands.com\/cs\/le-mont-saint-michel\/#primaryimage"},"image":{"@id":"https:\/\/1001voyagesgourmands.com\/cs\/le-mont-saint-michel\/#primaryimage"},"thumbnailUrl":"https:\/\/1001voyagesgourmands.com\/wp-content\/uploads\/2015\/04\/DSC_0180a.jpg","datePublished":"2015-04-06T18:27:31+00:00","dateModified":"2017-05-13T22:21:54+00:00","author":{"@id":"https:\/\/1001voyagesgourmands.com\/cs\/#\/schema\/person\/62e0e7238fcf7482b23bf83e1b72ff1b"},"description":"Le Mont Saint Michel je jedno z nejkr\u00e1sn\u011bj\u0161\u00edch a nejnav\u0161t\u011bvovan\u011bj\u0161\u00edch m\u00edst ve Francii, nach\u00e1zej\u00edc\u00ed se mezi Bretan\u00ed a Normandi\u00ed.","breadcrumb":{"@id":"https:\/\/1001voyagesgourmands.com\/cs\/le-mont-saint-michel\/#breadcrumb"},"inLanguage":"cs","potentialAction":[{"@type":"ReadAction","target":["https:\/\/1001voyagesgourmands.com\/cs\/le-mont-saint-michel\/"]}]},{"@type":"ImageObject","inLanguage":"cs","@id":"https:\/\/1001voyagesgourmands.com\/cs\/le-mont-saint-michel\/#primaryimage","url":"https:\/\/1001voyagesgourmands.com\/wp-content\/uploads\/2015\/04\/DSC_0180a.jpg","contentUrl":"https:\/\/1001voyagesgourmands.com\/wp-content\/uploads\/2015\/04\/DSC_0180a.jpg","width":2000,"height":2888,"caption":"Le Mont Saint Michel je jedno z nejkr\u00e1sn\u011bj\u0161\u00edch a nejnav\u0161t\u011bvovan\u011bj\u0161\u00edch m\u00edst ve Francii, nach\u00e1zej\u00edc\u00ed se mezi Bretan\u00ed a Normandi\u00ed."},{"@type":"BreadcrumbList","@id":"https:\/\/1001voyagesgourmands.com\/cs\/le-mont-saint-michel\/#breadcrumb","itemListElement":[{"@type":"ListItem","position":1,"name":"Dom\u016f","item":"https:\/\/1001voyagesgourmands.com\/cs\/"},{"@type":"ListItem","position":2,"name":"Le Mont Saint Michel"}]},{"@type":"WebSite","@id":"https:\/\/1001voyagesgourmands.com\/cs\/#website","url":"https:\/\/1001voyagesgourmands.com\/cs\/","name":"1001 Voyages Gourmands","description":"Food | Travel | Photography","potentialAction":[{"@type":"SearchAction","target":{"@type":"EntryPoint","urlTemplate":"https:\/\/1001voyagesgourmands.com\/cs\/?s={search_term_string}"},"query-input":{"@type":"PropertyValueSpecification","valueRequired":true,"valueName":"search_term_string"}}],"inLanguage":"cs"},{"@type":"Person","@id":"https:\/\/1001voyagesgourmands.com\/cs\/#\/schema\/person\/62e0e7238fcf7482b23bf83e1b72ff1b","name":"Michaela","image":{"@type":"ImageObject","inLanguage":"cs","@id":"https:\/\/1001voyagesgourmands.com\/cs\/#\/schema\/person\/image\/","url":"https:\/\/secure.gravatar.com\/avatar\/73fa562a5b0ce269ca480f67de504b8ecac054a121d170e226f1b79e02024cb8?s=96&d=mm&r=g","contentUrl":"https:\/\/secure.gravatar.com\/avatar\/73fa562a5b0ce269ca480f67de504b8ecac054a121d170e226f1b79e02024cb8?s=96&d=mm&r=g","caption":"Michaela"},"sameAs":["http:\/\/1001voyagesgourmands.com"]}]}},"_links":{"self":[{"href":"https:\/\/1001voyagesgourmands.com\/cs\/wp-json\/wp\/v2\/posts\/936","targetHints":{"allow":["GET"]}}],"collection":[{"href":"https:\/\/1001voyagesgourmands.com\/cs\/wp-json\/wp\/v2\/posts"}],"about":[{"href":"https:\/\/1001voyagesgourmands.com\/cs\/wp-json\/wp\/v2\/types\/post"}],"author":[{"embeddable":true,"href":"https:\/\/1001voyagesgourmands.com\/cs\/wp-json\/wp\/v2\/users\/1"}],"replies":[{"embeddable":true,"href":"https:\/\/1001voyagesgourmands.com\/cs\/wp-json\/wp\/v2\/comments?post=936"}],"version-history":[{"count":0,"href":"https:\/\/1001voyagesgourmands.com\/cs\/wp-json\/wp\/v2\/posts\/936\/revisions"}],"wp:featuredmedia":[{"embeddable":true,"href":"https:\/\/1001voyagesgourmands.com\/cs\/wp-json\/wp\/v2\/media\/2359"}],"wp:attachment":[{"href":"https:\/\/1001voyagesgourmands.com\/cs\/wp-json\/wp\/v2\/media?parent=936"}],"wp:term":[{"taxonomy":"category","embeddable":true,"href":"https:\/\/1001voyagesgourmands.com\/cs\/wp-json\/wp\/v2\/categories?post=936"},{"taxonomy":"post_tag","embeddable":true,"href":"https:\/\/1001voyagesgourmands.com\/cs\/wp-json\/wp\/v2\/tags?post=936"}],"curies":[{"name":"wp","href":"https:\/\/api.w.org\/{rel}","templated":true}]}}