{"id":8764,"date":"2016-04-30T15:00:22","date_gmt":"2016-04-30T13:00:22","guid":{"rendered":"http:\/\/1001voyagesgourmands.com\/?p=8764&#038;lang=en"},"modified":"2016-10-13T23:34:33","modified_gmt":"2016-10-13T21:34:33","slug":"versailleske-zahrady","status":"publish","type":"post","link":"https:\/\/1001voyagesgourmands.com\/cs\/versailleske-zahrady\/","title":{"rendered":"Versaillesk\u00e9 zahrady"},"content":{"rendered":"<p style=\"text-align: justify;\">Versailles, jeden z nejskvostn\u011bj\u0161\u00edch z\u00e1mk\u016f v\u0161ech dob a d\u016fle\u017eit\u00e9 s\u00eddlo francouzsk\u00fdch kr\u00e1l\u016f po n\u011bkolik stalet\u00ed, se nach\u00e1z\u00ed p\u0159ibli\u017en\u011b 20 km na jihoz\u00e1pad od Pa\u0159\u00ed\u017ee. Nyn\u011bj\u0161\u00ed podoba z\u00e1mku vd\u011b\u010d\u00ed za svou existenci Ludv\u00edku XIV., \u0159e\u010den\u00e9mu Kr\u00e1li Slunce, kter\u00fd nechal p\u0159estavit p\u016fvodn\u00ed loveck\u00fd z\u00e1me\u010dek na honosn\u00fd pal\u00e1c.&nbsp;Versaillesk\u00e9 zahrady byly navr\u017eeny slavn\u00fdm zahradn\u00edm architektem Andr\u00e9 Le N\u00f4tre, kter\u00fd tak p\u0159etvo\u0159il mo\u010d\u00e1lov\u00e9 \u00fazem\u00ed na syst\u00e9m kan\u00e1l\u016f, jez\u00edrek a font\u00e1n &#8211; p\u0159esn\u011b tak, jak si to tenkr\u00e1t Kr\u00e1l Slunce p\u0159\u00e1l. V parku najdete mnoho soch a font\u00e1n r\u016fzn\u00fdch tvar\u016f, na kter\u00fdch se pod\u00edleli um\u011blci jako mal\u00ed\u0159 Charles Le Brun nebo architekt Jules Hardouin-Mansart.&nbsp;<\/p>\n<div style=\"display: none;\"><img loading=\"lazy\" decoding=\"async\" class=\"aligncenter wp-image-9006\" src=\"http:\/\/1001voyagesgourmands.com\/wp-content\/uploads\/2016\/04\/Versailleske_zahrady_pin.jpg\" alt=\"Versaillesk\u00e9 zahrady byly navr\u017eeny slavn\u00fdm zahradn\u00edm architektem Andr\u00e9 Le N\u00f4tre, kter\u00fd tak p\u0159etvo\u0159il mo\u010d\u00e1lov\u00e9 \u00fazem\u00ed na syst\u00e9m kan\u00e1l\u016f, jez\u00edrek a font\u00e1n.\" width=\"926\" height=\"521\" srcset=\"https:\/\/1001voyagesgourmands.com\/wp-content\/uploads\/2016\/04\/Versailleske_zahrady_pin.jpg 560w, https:\/\/1001voyagesgourmands.com\/wp-content\/uploads\/2016\/04\/Versailleske_zahrady_pin-300x169.jpg 300w\" sizes=\"auto, (max-width: 926px) 100vw, 926px\" \/><\/div>\n<p><img loading=\"lazy\" decoding=\"async\" class=\"aligncenter size-full wp-image-8872\" src=\"http:\/\/1001voyagesgourmands.com\/wp-content\/uploads\/2016\/04\/Versailleske_zahrady-14.jpg\" alt=\"Versailleske_zahrady-14\" width=\"798\" height=\"530\" srcset=\"https:\/\/1001voyagesgourmands.com\/wp-content\/uploads\/2016\/04\/Versailleske_zahrady-14.jpg 798w, https:\/\/1001voyagesgourmands.com\/wp-content\/uploads\/2016\/04\/Versailleske_zahrady-14-300x199.jpg 300w, https:\/\/1001voyagesgourmands.com\/wp-content\/uploads\/2016\/04\/Versailleske_zahrady-14-768x510.jpg 768w, https:\/\/1001voyagesgourmands.com\/wp-content\/uploads\/2016\/04\/Versailleske_zahrady-14-585x389.jpg 585w, https:\/\/1001voyagesgourmands.com\/wp-content\/uploads\/2016\/04\/Versailleske_zahrady-14-263x175.jpg 263w\" sizes=\"auto, (max-width: 798px) 100vw, 798px\" \/> <img loading=\"lazy\" decoding=\"async\" class=\"aligncenter size-full wp-image-8874\" src=\"http:\/\/1001voyagesgourmands.com\/wp-content\/uploads\/2016\/04\/Versailleske_zahrady-15.jpg\" alt=\"Versailleske_zahrady-15\" width=\"800\" height=\"530\" srcset=\"https:\/\/1001voyagesgourmands.com\/wp-content\/uploads\/2016\/04\/Versailleske_zahrady-15.jpg 800w, https:\/\/1001voyagesgourmands.com\/wp-content\/uploads\/2016\/04\/Versailleske_zahrady-15-300x199.jpg 300w, https:\/\/1001voyagesgourmands.com\/wp-content\/uploads\/2016\/04\/Versailleske_zahrady-15-768x509.jpg 768w, https:\/\/1001voyagesgourmands.com\/wp-content\/uploads\/2016\/04\/Versailleske_zahrady-15-780x516.jpg 780w, https:\/\/1001voyagesgourmands.com\/wp-content\/uploads\/2016\/04\/Versailleske_zahrady-15-585x388.jpg 585w, https:\/\/1001voyagesgourmands.com\/wp-content\/uploads\/2016\/04\/Versailleske_zahrady-15-263x175.jpg 263w\" sizes=\"auto, (max-width: 800px) 100vw, 800px\" \/><img loading=\"lazy\" decoding=\"async\" class=\"aligncenter size-full wp-image-8878\" src=\"http:\/\/1001voyagesgourmands.com\/wp-content\/uploads\/2016\/04\/Versailleske_zahrady-17.jpg\" alt=\"Versailleske_zahrady-17\" width=\"800\" height=\"530\" srcset=\"https:\/\/1001voyagesgourmands.com\/wp-content\/uploads\/2016\/04\/Versailleske_zahrady-17.jpg 800w, https:\/\/1001voyagesgourmands.com\/wp-content\/uploads\/2016\/04\/Versailleske_zahrady-17-300x199.jpg 300w, https:\/\/1001voyagesgourmands.com\/wp-content\/uploads\/2016\/04\/Versailleske_zahrady-17-768x509.jpg 768w, https:\/\/1001voyagesgourmands.com\/wp-content\/uploads\/2016\/04\/Versailleske_zahrady-17-780x516.jpg 780w, https:\/\/1001voyagesgourmands.com\/wp-content\/uploads\/2016\/04\/Versailleske_zahrady-17-585x388.jpg 585w, https:\/\/1001voyagesgourmands.com\/wp-content\/uploads\/2016\/04\/Versailleske_zahrady-17-263x175.jpg 263w\" sizes=\"auto, (max-width: 800px) 100vw, 800px\" \/> <img loading=\"lazy\" decoding=\"async\" class=\"aligncenter size-full wp-image-8888\" src=\"http:\/\/1001voyagesgourmands.com\/wp-content\/uploads\/2016\/04\/Versailleske_zahrady-22.jpg\" alt=\"Versailleske_zahrady-22\" width=\"800\" height=\"530\" srcset=\"https:\/\/1001voyagesgourmands.com\/wp-content\/uploads\/2016\/04\/Versailleske_zahrady-22.jpg 800w, https:\/\/1001voyagesgourmands.com\/wp-content\/uploads\/2016\/04\/Versailleske_zahrady-22-300x199.jpg 300w, https:\/\/1001voyagesgourmands.com\/wp-content\/uploads\/2016\/04\/Versailleske_zahrady-22-768x509.jpg 768w, https:\/\/1001voyagesgourmands.com\/wp-content\/uploads\/2016\/04\/Versailleske_zahrady-22-780x516.jpg 780w, https:\/\/1001voyagesgourmands.com\/wp-content\/uploads\/2016\/04\/Versailleske_zahrady-22-585x388.jpg 585w\" sizes=\"auto, (max-width: 800px) 100vw, 800px\" \/><img loading=\"lazy\" decoding=\"async\" class=\"aligncenter size-full wp-image-8882\" src=\"http:\/\/1001voyagesgourmands.com\/wp-content\/uploads\/2016\/04\/Versailleske_zahrady-19.jpg\" alt=\"Versailleske_zahrady-19\" width=\"800\" height=\"530\" srcset=\"https:\/\/1001voyagesgourmands.com\/wp-content\/uploads\/2016\/04\/Versailleske_zahrady-19.jpg 800w, https:\/\/1001voyagesgourmands.com\/wp-content\/uploads\/2016\/04\/Versailleske_zahrady-19-300x199.jpg 300w, https:\/\/1001voyagesgourmands.com\/wp-content\/uploads\/2016\/04\/Versailleske_zahrady-19-768x509.jpg 768w, https:\/\/1001voyagesgourmands.com\/wp-content\/uploads\/2016\/04\/Versailleske_zahrady-19-780x516.jpg 780w, https:\/\/1001voyagesgourmands.com\/wp-content\/uploads\/2016\/04\/Versailleske_zahrady-19-585x388.jpg 585w, https:\/\/1001voyagesgourmands.com\/wp-content\/uploads\/2016\/04\/Versailleske_zahrady-19-263x175.jpg 263w\" sizes=\"auto, (max-width: 800px) 100vw, 800px\" \/> <img loading=\"lazy\" decoding=\"async\" class=\"aligncenter size-full wp-image-8910\" src=\"http:\/\/1001voyagesgourmands.com\/wp-content\/uploads\/2016\/04\/Versailleske_zahrady-33.jpg\" alt=\"Versailleske_zahrady-33\" width=\"800\" height=\"530\" srcset=\"https:\/\/1001voyagesgourmands.com\/wp-content\/uploads\/2016\/04\/Versailleske_zahrady-33.jpg 800w, https:\/\/1001voyagesgourmands.com\/wp-content\/uploads\/2016\/04\/Versailleske_zahrady-33-300x199.jpg 300w, https:\/\/1001voyagesgourmands.com\/wp-content\/uploads\/2016\/04\/Versailleske_zahrady-33-768x509.jpg 768w, https:\/\/1001voyagesgourmands.com\/wp-content\/uploads\/2016\/04\/Versailleske_zahrady-33-780x516.jpg 780w, https:\/\/1001voyagesgourmands.com\/wp-content\/uploads\/2016\/04\/Versailleske_zahrady-33-585x388.jpg 585w\" sizes=\"auto, (max-width: 800px) 100vw, 800px\" \/> <img loading=\"lazy\" decoding=\"async\" class=\"aligncenter size-full wp-image-8848\" src=\"http:\/\/1001voyagesgourmands.com\/wp-content\/uploads\/2016\/04\/Versailleske_zahrady-2.jpg\" alt=\"Versailleske_zahrady-2\" width=\"800\" height=\"530\" srcset=\"https:\/\/1001voyagesgourmands.com\/wp-content\/uploads\/2016\/04\/Versailleske_zahrady-2.jpg 800w, https:\/\/1001voyagesgourmands.com\/wp-content\/uploads\/2016\/04\/Versailleske_zahrady-2-300x199.jpg 300w, https:\/\/1001voyagesgourmands.com\/wp-content\/uploads\/2016\/04\/Versailleske_zahrady-2-768x509.jpg 768w, https:\/\/1001voyagesgourmands.com\/wp-content\/uploads\/2016\/04\/Versailleske_zahrady-2-780x516.jpg 780w, https:\/\/1001voyagesgourmands.com\/wp-content\/uploads\/2016\/04\/Versailleske_zahrady-2-585x388.jpg 585w, https:\/\/1001voyagesgourmands.com\/wp-content\/uploads\/2016\/04\/Versailleske_zahrady-2-263x175.jpg 263w\" sizes=\"auto, (max-width: 800px) 100vw, 800px\" \/> <img loading=\"lazy\" decoding=\"async\" class=\"aligncenter size-full wp-image-8912\" src=\"http:\/\/1001voyagesgourmands.com\/wp-content\/uploads\/2016\/04\/Versailleske_zahrady-34.jpg\" alt=\"Versailleske_zahrady-34\" width=\"800\" height=\"530\" srcset=\"https:\/\/1001voyagesgourmands.com\/wp-content\/uploads\/2016\/04\/Versailleske_zahrady-34.jpg 800w, https:\/\/1001voyagesgourmands.com\/wp-content\/uploads\/2016\/04\/Versailleske_zahrady-34-300x199.jpg 300w, https:\/\/1001voyagesgourmands.com\/wp-content\/uploads\/2016\/04\/Versailleske_zahrady-34-768x509.jpg 768w, https:\/\/1001voyagesgourmands.com\/wp-content\/uploads\/2016\/04\/Versailleske_zahrady-34-780x516.jpg 780w, https:\/\/1001voyagesgourmands.com\/wp-content\/uploads\/2016\/04\/Versailleske_zahrady-34-585x388.jpg 585w\" sizes=\"auto, (max-width: 800px) 100vw, 800px\" \/><\/p>\n<p style=\"text-align: justify;\">&nbsp;<\/p>\n<p style=\"text-align: justify;\">Loni v kv\u011btnu jsme se vydali na prodlou\u017een\u00fd v\u00edkend do oblasti z\u00e1mk\u016f na Loi\u0159e, o kter\u00fdch si m\u016f\u017eete p\u0159e\u010d\u00edst <a href=\"http:\/\/1001voyagesgourmands.com\/2015\/05\/20\/zamky-na-loire\/\">zde<\/a>. Cestou z Bruselu jsme to vzali oklikou kolem Pa\u0159\u00ed\u017ee, \u017ee nav\u0161t\u00edv\u00edme Versaillesk\u00e9 zahrady, kde str\u00e1v\u00edme odpoledne (komplex z\u00e1mku a zahrad Versailles je toti\u017e velice rozlehl\u00fd a za p\u016flden se v\u0161e ned\u00e1 stihnout, tak\u017ee jsme pal\u00e1c vynechali). Takov\u00e1 jarn\u00ed nad\u0161enost &#8211; u\u017e\u00edt si venku kr\u00e1sn\u00e9 po\u010das\u00ed. To jsme se bohu\u017eel m\u00fdlili. Kdy\u017e jsme vstoupili do parku, za\u010dalo jakoby n\u00e1hodou pr\u0161et. \ud83d\ude42<\/p>\n<p style=\"text-align: justify;\">Zahrady&nbsp;se rozkl\u00e1daj\u00ed na 800 hektarech a jsou rozd\u011bleny na n\u011bkolik \u010d\u00e1st\u00ed: Oran\u017eerie, upraven\u00e9 zahrady a uzav\u0159en\u00e9 les\u00edky, v nich\u017e se nach\u00e1zej\u00ed&nbsp;jez\u00edrka&nbsp;a font\u00e1ny, Velk\u00fd kan\u00e1l &nbsp;a &nbsp;pak je tu je\u0161t\u011b vesni\u010dka Marie-Antoinetty.<\/p>\n<p style=\"text-align: justify;\">&nbsp;<\/p>\n<h2 style=\"text-align: justify;\">Versaillesk\u00e1 Oran\u017eerie<\/h2>\n<p style=\"text-align: justify;\">Za jednu z nejkr\u00e1sn\u011bj\u0161\u00edch \u010d\u00e1st\u00ed pova\u017euji Mansartovu Oran\u017eerii, kde se m\u00eds\u00ed citrusov\u00e9 stromy s r\u016f\u017eemi a palmami. Kr\u00e1sn\u00e1 zahrada tvarovan\u00e1 do ornament\u016f je obklopena galeri\u00ed, na kterou m\u016f\u017eete vystoupat&nbsp;po 100 schodech a kochat se tak pohledem se shora. Uvid\u00edte odsud i \u0160v\u00fdcarsk\u00e9 vodn\u00ed plochy.<\/p>\n<p style=\"text-align: justify;\"><img loading=\"lazy\" decoding=\"async\" class=\"aligncenter size-full wp-image-8866\" src=\"http:\/\/1001voyagesgourmands.com\/wp-content\/uploads\/2016\/04\/Versailleske_zahrady-11.jpg\" alt=\"Versailleske_zahrady-11\" width=\"800\" height=\"530\" srcset=\"https:\/\/1001voyagesgourmands.com\/wp-content\/uploads\/2016\/04\/Versailleske_zahrady-11.jpg 800w, https:\/\/1001voyagesgourmands.com\/wp-content\/uploads\/2016\/04\/Versailleske_zahrady-11-300x199.jpg 300w, https:\/\/1001voyagesgourmands.com\/wp-content\/uploads\/2016\/04\/Versailleske_zahrady-11-768x509.jpg 768w, https:\/\/1001voyagesgourmands.com\/wp-content\/uploads\/2016\/04\/Versailleske_zahrady-11-780x516.jpg 780w, https:\/\/1001voyagesgourmands.com\/wp-content\/uploads\/2016\/04\/Versailleske_zahrady-11-585x388.jpg 585w, https:\/\/1001voyagesgourmands.com\/wp-content\/uploads\/2016\/04\/Versailleske_zahrady-11-263x175.jpg 263w\" sizes=\"auto, (max-width: 800px) 100vw, 800px\" \/> <img loading=\"lazy\" decoding=\"async\" class=\"aligncenter size-full wp-image-8836\" src=\"http:\/\/1001voyagesgourmands.com\/wp-content\/uploads\/2016\/04\/Pohlednice_z_Versailles-8_postcard.jpg\" alt=\"Pohlednice_z_Versailles-8_postcard\" width=\"800\" height=\"530\" srcset=\"https:\/\/1001voyagesgourmands.com\/wp-content\/uploads\/2016\/04\/Pohlednice_z_Versailles-8_postcard.jpg 800w, https:\/\/1001voyagesgourmands.com\/wp-content\/uploads\/2016\/04\/Pohlednice_z_Versailles-8_postcard-300x199.jpg 300w, https:\/\/1001voyagesgourmands.com\/wp-content\/uploads\/2016\/04\/Pohlednice_z_Versailles-8_postcard-768x509.jpg 768w, https:\/\/1001voyagesgourmands.com\/wp-content\/uploads\/2016\/04\/Pohlednice_z_Versailles-8_postcard-780x516.jpg 780w, https:\/\/1001voyagesgourmands.com\/wp-content\/uploads\/2016\/04\/Pohlednice_z_Versailles-8_postcard-585x388.jpg 585w, https:\/\/1001voyagesgourmands.com\/wp-content\/uploads\/2016\/04\/Pohlednice_z_Versailles-8_postcard-263x175.jpg 263w\" sizes=\"auto, (max-width: 800px) 100vw, 800px\" \/><img loading=\"lazy\" decoding=\"async\" class=\"aligncenter size-full wp-image-8868\" src=\"http:\/\/1001voyagesgourmands.com\/wp-content\/uploads\/2016\/04\/Versailleske_zahrady-12.jpg\" alt=\"Versaillesk\u00e9 zahrady byly navr\u017eeny slavn\u00fdm zahradn\u00edm architektem Andr\u00e9 Le N\u00f4tre, kter\u00fd tak p\u0159etvo\u0159il mo\u010d\u00e1lov\u00e9 \u00fazem\u00ed na syst\u00e9m kan\u00e1l\u016f, jez\u00edrek a font\u00e1n.\" width=\"800\" height=\"530\" srcset=\"https:\/\/1001voyagesgourmands.com\/wp-content\/uploads\/2016\/04\/Versailleske_zahrady-12.jpg 800w, https:\/\/1001voyagesgourmands.com\/wp-content\/uploads\/2016\/04\/Versailleske_zahrady-12-300x199.jpg 300w, https:\/\/1001voyagesgourmands.com\/wp-content\/uploads\/2016\/04\/Versailleske_zahrady-12-768x509.jpg 768w, https:\/\/1001voyagesgourmands.com\/wp-content\/uploads\/2016\/04\/Versailleske_zahrady-12-780x516.jpg 780w, https:\/\/1001voyagesgourmands.com\/wp-content\/uploads\/2016\/04\/Versailleske_zahrady-12-585x388.jpg 585w, https:\/\/1001voyagesgourmands.com\/wp-content\/uploads\/2016\/04\/Versailleske_zahrady-12-263x175.jpg 263w\" sizes=\"auto, (max-width: 800px) 100vw, 800px\" \/><img loading=\"lazy\" decoding=\"async\" class=\"aligncenter size-full wp-image-8862\" src=\"http:\/\/1001voyagesgourmands.com\/wp-content\/uploads\/2016\/04\/Versailleske_zahrady-9.jpg\" alt=\"Versailleske_zahrady-9\" width=\"800\" height=\"530\" srcset=\"https:\/\/1001voyagesgourmands.com\/wp-content\/uploads\/2016\/04\/Versailleske_zahrady-9.jpg 800w, https:\/\/1001voyagesgourmands.com\/wp-content\/uploads\/2016\/04\/Versailleske_zahrady-9-300x199.jpg 300w, https:\/\/1001voyagesgourmands.com\/wp-content\/uploads\/2016\/04\/Versailleske_zahrady-9-768x509.jpg 768w, https:\/\/1001voyagesgourmands.com\/wp-content\/uploads\/2016\/04\/Versailleske_zahrady-9-780x516.jpg 780w, https:\/\/1001voyagesgourmands.com\/wp-content\/uploads\/2016\/04\/Versailleske_zahrady-9-585x388.jpg 585w\" sizes=\"auto, (max-width: 800px) 100vw, 800px\" \/><\/p>\n<h2 style=\"text-align: justify;\">&nbsp;<\/h2>\n<h2 style=\"text-align: justify;\">Font\u00e1ny a jez\u00edrka ve Versaillesk\u00fdch zahrad\u00e1ch<\/h2>\n<p style=\"text-align: justify;\">V centr\u00e1ln\u00ed \u010d\u00e1sti Versaillesk\u00fdch zahrad&nbsp;se nach\u00e1zej\u00ed uzav\u0159en\u00e9 les\u00edky a upraven\u00e9 zahrady, ve kter\u00fdch najdete krom\u011b soch des\u00edtky r\u016fzn\u00fdch jez\u00edrek \u010di baz\u00e9n\u016f a font\u00e1n, z nich\u017e asi nejslavn\u011bj\u0161\u00ed je Neptunova \u010di Apollonova font\u00e1na.&nbsp;<\/p>\n<p style=\"text-align: justify;\"><img loading=\"lazy\" decoding=\"async\" class=\"aligncenter size-full wp-image-8846\" src=\"http:\/\/1001voyagesgourmands.com\/wp-content\/uploads\/2016\/04\/Versailleske_zahrady-1.jpg\" alt=\"Versailleske_zahrady-1\" width=\"800\" height=\"530\" srcset=\"https:\/\/1001voyagesgourmands.com\/wp-content\/uploads\/2016\/04\/Versailleske_zahrady-1.jpg 800w, https:\/\/1001voyagesgourmands.com\/wp-content\/uploads\/2016\/04\/Versailleske_zahrady-1-300x199.jpg 300w, https:\/\/1001voyagesgourmands.com\/wp-content\/uploads\/2016\/04\/Versailleske_zahrady-1-768x509.jpg 768w, https:\/\/1001voyagesgourmands.com\/wp-content\/uploads\/2016\/04\/Versailleske_zahrady-1-780x516.jpg 780w, https:\/\/1001voyagesgourmands.com\/wp-content\/uploads\/2016\/04\/Versailleske_zahrady-1-585x388.jpg 585w, https:\/\/1001voyagesgourmands.com\/wp-content\/uploads\/2016\/04\/Versailleske_zahrady-1-263x175.jpg 263w\" sizes=\"auto, (max-width: 800px) 100vw, 800px\" \/><\/p>\n<p style=\"text-align: justify;\"><strong>Apollonova font\u00e1na<\/strong>&nbsp;navr\u017een\u00e1 slavn\u00fdm mal\u00ed\u0159em Charles Le Brunem je inspirov\u00e1na bohem Slunce Apollonem, embl\u00e9mem Kr\u00e1le Slunce.<\/p>\n<p><img loading=\"lazy\" decoding=\"async\" class=\"aligncenter size-full wp-image-8850\" src=\"http:\/\/1001voyagesgourmands.com\/wp-content\/uploads\/2016\/04\/Versailleske_zahrady-3.jpg\" alt=\"Versailleske_zahrady-3\" width=\"800\" height=\"530\" srcset=\"https:\/\/1001voyagesgourmands.com\/wp-content\/uploads\/2016\/04\/Versailleske_zahrady-3.jpg 800w, https:\/\/1001voyagesgourmands.com\/wp-content\/uploads\/2016\/04\/Versailleske_zahrady-3-300x199.jpg 300w, https:\/\/1001voyagesgourmands.com\/wp-content\/uploads\/2016\/04\/Versailleske_zahrady-3-768x509.jpg 768w, https:\/\/1001voyagesgourmands.com\/wp-content\/uploads\/2016\/04\/Versailleske_zahrady-3-780x516.jpg 780w, https:\/\/1001voyagesgourmands.com\/wp-content\/uploads\/2016\/04\/Versailleske_zahrady-3-585x388.jpg 585w\" sizes=\"auto, (max-width: 800px) 100vw, 800px\" \/><\/p>\n<p style=\"text-align: justify;\"><strong>Font\u00e1na se sochou Enkylada<\/strong> z \u010d\u00e1sti zasypan\u00e9ho kamen\u00edm. Jde o jednoho z Tit\u00e1n\u016f, kte\u0159\u00ed&nbsp;cht\u011bli vyl\u00e9zt na horu Olymp navzdory z\u00e1kazu Jupitera.<\/p>\n<p><img loading=\"lazy\" decoding=\"async\" class=\"aligncenter size-full wp-image-8852\" src=\"http:\/\/1001voyagesgourmands.com\/wp-content\/uploads\/2016\/04\/Versailleske_zahrady-4.jpg\" alt=\"Versailleske_zahrady-4\" width=\"792\" height=\"530\" srcset=\"https:\/\/1001voyagesgourmands.com\/wp-content\/uploads\/2016\/04\/Versailleske_zahrady-4.jpg 792w, https:\/\/1001voyagesgourmands.com\/wp-content\/uploads\/2016\/04\/Versailleske_zahrady-4-300x201.jpg 300w, https:\/\/1001voyagesgourmands.com\/wp-content\/uploads\/2016\/04\/Versailleske_zahrady-4-768x514.jpg 768w, https:\/\/1001voyagesgourmands.com\/wp-content\/uploads\/2016\/04\/Versailleske_zahrady-4-585x391.jpg 585w\" sizes=\"auto, (max-width: 792px) 100vw, 792px\" \/><\/p>\n<p style=\"text-align: justify;\"><strong>Mansartova kolon\u00e1da<\/strong> se skl\u00e1d\u00e1 ze 23 mramorov\u00fdch sloup\u016f, obklopuj\u00edc\u00edch sochu zn\u00e1zor\u0148uj\u00edc\u00ed unesen\u00ed Prosepiny Plutem.<\/p>\n<p><img loading=\"lazy\" decoding=\"async\" class=\"aligncenter size-full wp-image-8856\" src=\"http:\/\/1001voyagesgourmands.com\/wp-content\/uploads\/2016\/04\/Versailleske_zahrady-6.jpg\" alt=\"Versailleske_zahrady-6\" width=\"790\" height=\"530\" srcset=\"https:\/\/1001voyagesgourmands.com\/wp-content\/uploads\/2016\/04\/Versailleske_zahrady-6.jpg 790w, https:\/\/1001voyagesgourmands.com\/wp-content\/uploads\/2016\/04\/Versailleske_zahrady-6-300x201.jpg 300w, https:\/\/1001voyagesgourmands.com\/wp-content\/uploads\/2016\/04\/Versailleske_zahrady-6-768x515.jpg 768w, https:\/\/1001voyagesgourmands.com\/wp-content\/uploads\/2016\/04\/Versailleske_zahrady-6-585x392.jpg 585w\" sizes=\"auto, (max-width: 790px) 100vw, 790px\" \/><\/p>\n<p style=\"text-align: justify;\"><strong>Font\u00e1na Latone<\/strong> je mramorov\u00e1 font\u00e1na zdoben\u00e1 pozlacen\u00fdmi sochami, kterou najdete hned pod schody p\u0159ed vchodem do pal\u00e1ce. Je inspirov\u00e1na&nbsp;p\u0159\u00edb\u011bhem Ovidiov\u00fdch Prom\u011bn, kdy bohyn\u011b Let\u00f3 sna\u017eila ochr\u00e1nit sv\u00e9 d\u011bti Apoll\u00f3na a Dianu. Autory font\u00e1ny jsou brat\u0159i Marsyov\u00e9.<\/p>\n<p><img loading=\"lazy\" decoding=\"async\" class=\"aligncenter size-large wp-image-8799\" src=\"http:\/\/1001voyagesgourmands.com\/wp-content\/uploads\/2016\/04\/Pohlednice_z_Versailles-18.jpg\" alt=\"Pohlednice_z_Versailles-18\" width=\"800\" height=\"530\" srcset=\"https:\/\/1001voyagesgourmands.com\/wp-content\/uploads\/2016\/04\/Pohlednice_z_Versailles-18.jpg 800w, https:\/\/1001voyagesgourmands.com\/wp-content\/uploads\/2016\/04\/Pohlednice_z_Versailles-18-300x199.jpg 300w, https:\/\/1001voyagesgourmands.com\/wp-content\/uploads\/2016\/04\/Pohlednice_z_Versailles-18-768x509.jpg 768w, https:\/\/1001voyagesgourmands.com\/wp-content\/uploads\/2016\/04\/Pohlednice_z_Versailles-18-780x516.jpg 780w, https:\/\/1001voyagesgourmands.com\/wp-content\/uploads\/2016\/04\/Pohlednice_z_Versailles-18-585x388.jpg 585w\" sizes=\"auto, (max-width: 800px) 100vw, 800px\" \/><\/p>\n<p>Kdy\u017e se vyd\u00e1te od pal\u00e1ce doprava, doraz\u00edte k <strong>Neptunov\u011b font\u00e1n\u011b<\/strong>, kter\u00e1 \u010d\u00edt\u00e1 na 99 syst\u00e9m\u016f vrhaj\u00edc\u00edch vodu.<br \/>\n<img loading=\"lazy\" decoding=\"async\" class=\"aligncenter size-full wp-image-8916\" src=\"http:\/\/1001voyagesgourmands.com\/wp-content\/uploads\/2016\/04\/Versailleske_zahrady-21-1.jpg\" alt=\"Versailleske_zahrady-21\" width=\"800\" height=\"530\" srcset=\"https:\/\/1001voyagesgourmands.com\/wp-content\/uploads\/2016\/04\/Versailleske_zahrady-21-1.jpg 800w, https:\/\/1001voyagesgourmands.com\/wp-content\/uploads\/2016\/04\/Versailleske_zahrady-21-1-300x199.jpg 300w, https:\/\/1001voyagesgourmands.com\/wp-content\/uploads\/2016\/04\/Versailleske_zahrady-21-1-768x509.jpg 768w, https:\/\/1001voyagesgourmands.com\/wp-content\/uploads\/2016\/04\/Versailleske_zahrady-21-1-780x516.jpg 780w, https:\/\/1001voyagesgourmands.com\/wp-content\/uploads\/2016\/04\/Versailleske_zahrady-21-1-585x388.jpg 585w, https:\/\/1001voyagesgourmands.com\/wp-content\/uploads\/2016\/04\/Versailleske_zahrady-21-1-263x175.jpg 263w\" sizes=\"auto, (max-width: 800px) 100vw, 800px\" \/> <img loading=\"lazy\" decoding=\"async\" class=\"aligncenter size-full wp-image-8890\" src=\"http:\/\/1001voyagesgourmands.com\/wp-content\/uploads\/2016\/04\/Versailleske_zahrady-23.jpg\" alt=\"Versailleske_zahrady-23\" width=\"800\" height=\"530\" srcset=\"https:\/\/1001voyagesgourmands.com\/wp-content\/uploads\/2016\/04\/Versailleske_zahrady-23.jpg 800w, https:\/\/1001voyagesgourmands.com\/wp-content\/uploads\/2016\/04\/Versailleske_zahrady-23-300x199.jpg 300w, https:\/\/1001voyagesgourmands.com\/wp-content\/uploads\/2016\/04\/Versailleske_zahrady-23-768x509.jpg 768w, https:\/\/1001voyagesgourmands.com\/wp-content\/uploads\/2016\/04\/Versailleske_zahrady-23-780x516.jpg 780w, https:\/\/1001voyagesgourmands.com\/wp-content\/uploads\/2016\/04\/Versailleske_zahrady-23-585x388.jpg 585w\" sizes=\"auto, (max-width: 800px) 100vw, 800px\" \/><img loading=\"lazy\" decoding=\"async\" class=\"aligncenter size-full wp-image-8894\" src=\"http:\/\/1001voyagesgourmands.com\/wp-content\/uploads\/2016\/04\/Versailleske_zahrady-25.jpg\" alt=\"Versailleske_zahrady-25\" width=\"800\" height=\"530\" srcset=\"https:\/\/1001voyagesgourmands.com\/wp-content\/uploads\/2016\/04\/Versailleske_zahrady-25.jpg 800w, https:\/\/1001voyagesgourmands.com\/wp-content\/uploads\/2016\/04\/Versailleske_zahrady-25-300x199.jpg 300w, https:\/\/1001voyagesgourmands.com\/wp-content\/uploads\/2016\/04\/Versailleske_zahrady-25-768x509.jpg 768w, https:\/\/1001voyagesgourmands.com\/wp-content\/uploads\/2016\/04\/Versailleske_zahrady-25-780x516.jpg 780w, https:\/\/1001voyagesgourmands.com\/wp-content\/uploads\/2016\/04\/Versailleske_zahrady-25-585x388.jpg 585w\" sizes=\"auto, (max-width: 800px) 100vw, 800px\" \/><\/p>\n<p><strong>Les\u00edk t\u0159\u00ed font\u00e1n<\/strong> se skl\u00e1d\u00e1 ze t\u0159\u00ed teras a ka\u017ed\u00e1 m\u00e1 svou font\u00e1nu.<br \/>\n<img loading=\"lazy\" decoding=\"async\" class=\"aligncenter size-full wp-image-8902\" src=\"http:\/\/1001voyagesgourmands.com\/wp-content\/uploads\/2016\/04\/Versailleske_zahrady-29.jpg\" alt=\"Versailleske_zahrady-29\" width=\"800\" height=\"530\" srcset=\"https:\/\/1001voyagesgourmands.com\/wp-content\/uploads\/2016\/04\/Versailleske_zahrady-29.jpg 800w, https:\/\/1001voyagesgourmands.com\/wp-content\/uploads\/2016\/04\/Versailleske_zahrady-29-300x199.jpg 300w, https:\/\/1001voyagesgourmands.com\/wp-content\/uploads\/2016\/04\/Versailleske_zahrady-29-768x509.jpg 768w, https:\/\/1001voyagesgourmands.com\/wp-content\/uploads\/2016\/04\/Versailleske_zahrady-29-780x516.jpg 780w, https:\/\/1001voyagesgourmands.com\/wp-content\/uploads\/2016\/04\/Versailleske_zahrady-29-585x388.jpg 585w\" sizes=\"auto, (max-width: 800px) 100vw, 800px\" \/> <img loading=\"lazy\" decoding=\"async\" class=\"aligncenter size-full wp-image-8900\" src=\"http:\/\/1001voyagesgourmands.com\/wp-content\/uploads\/2016\/04\/Versailleske_zahrady-28.jpg\" alt=\"Versailleske_zahrady-28\" width=\"800\" height=\"530\" srcset=\"https:\/\/1001voyagesgourmands.com\/wp-content\/uploads\/2016\/04\/Versailleske_zahrady-28.jpg 800w, https:\/\/1001voyagesgourmands.com\/wp-content\/uploads\/2016\/04\/Versailleske_zahrady-28-300x199.jpg 300w, https:\/\/1001voyagesgourmands.com\/wp-content\/uploads\/2016\/04\/Versailleske_zahrady-28-768x509.jpg 768w, https:\/\/1001voyagesgourmands.com\/wp-content\/uploads\/2016\/04\/Versailleske_zahrady-28-780x516.jpg 780w, https:\/\/1001voyagesgourmands.com\/wp-content\/uploads\/2016\/04\/Versailleske_zahrady-28-585x388.jpg 585w\" sizes=\"auto, (max-width: 800px) 100vw, 800px\" \/> <img loading=\"lazy\" decoding=\"async\" class=\"aligncenter size-full wp-image-8898\" src=\"http:\/\/1001voyagesgourmands.com\/wp-content\/uploads\/2016\/04\/Versailleske_zahrady-27.jpg\" alt=\"Versailleske_zahrady-27\" width=\"800\" height=\"530\" srcset=\"https:\/\/1001voyagesgourmands.com\/wp-content\/uploads\/2016\/04\/Versailleske_zahrady-27.jpg 800w, https:\/\/1001voyagesgourmands.com\/wp-content\/uploads\/2016\/04\/Versailleske_zahrady-27-300x199.jpg 300w, https:\/\/1001voyagesgourmands.com\/wp-content\/uploads\/2016\/04\/Versailleske_zahrady-27-768x509.jpg 768w, https:\/\/1001voyagesgourmands.com\/wp-content\/uploads\/2016\/04\/Versailleske_zahrady-27-780x516.jpg 780w, https:\/\/1001voyagesgourmands.com\/wp-content\/uploads\/2016\/04\/Versailleske_zahrady-27-585x388.jpg 585w\" sizes=\"auto, (max-width: 800px) 100vw, 800px\" \/> <img loading=\"lazy\" decoding=\"async\" class=\"aligncenter size-full wp-image-8896\" src=\"http:\/\/1001voyagesgourmands.com\/wp-content\/uploads\/2016\/04\/Versailleske_zahrady-26.jpg\" alt=\"Versailleske_zahrady-26\" width=\"800\" height=\"530\" srcset=\"https:\/\/1001voyagesgourmands.com\/wp-content\/uploads\/2016\/04\/Versailleske_zahrady-26.jpg 800w, https:\/\/1001voyagesgourmands.com\/wp-content\/uploads\/2016\/04\/Versailleske_zahrady-26-300x199.jpg 300w, https:\/\/1001voyagesgourmands.com\/wp-content\/uploads\/2016\/04\/Versailleske_zahrady-26-768x509.jpg 768w, https:\/\/1001voyagesgourmands.com\/wp-content\/uploads\/2016\/04\/Versailleske_zahrady-26-780x516.jpg 780w, https:\/\/1001voyagesgourmands.com\/wp-content\/uploads\/2016\/04\/Versailleske_zahrady-26-585x388.jpg 585w\" sizes=\"auto, (max-width: 800px) 100vw, 800px\" \/><\/p>\n<p>V<strong>&nbsp;Les\u00edku s vodn\u00edm divadlem<\/strong>&nbsp;jsou k vid\u011bn\u00ed novodob\u00e9 instalace autora Jean-Michel Othoniel, je\u017e symbolizuj\u00ed tane\u010dn\u00ed kroky Kr\u00e1le Slunce.<img loading=\"lazy\" decoding=\"async\" class=\"aligncenter size-full wp-image-8908\" src=\"http:\/\/1001voyagesgourmands.com\/wp-content\/uploads\/2016\/04\/Versailleske_zahrady-32.jpg\" alt=\"Versailleske_zahrady-32\" width=\"800\" height=\"530\" srcset=\"https:\/\/1001voyagesgourmands.com\/wp-content\/uploads\/2016\/04\/Versailleske_zahrady-32.jpg 800w, https:\/\/1001voyagesgourmands.com\/wp-content\/uploads\/2016\/04\/Versailleske_zahrady-32-300x199.jpg 300w, https:\/\/1001voyagesgourmands.com\/wp-content\/uploads\/2016\/04\/Versailleske_zahrady-32-768x509.jpg 768w, https:\/\/1001voyagesgourmands.com\/wp-content\/uploads\/2016\/04\/Versailleske_zahrady-32-780x516.jpg 780w, https:\/\/1001voyagesgourmands.com\/wp-content\/uploads\/2016\/04\/Versailleske_zahrady-32-585x388.jpg 585w\" sizes=\"auto, (max-width: 800px) 100vw, 800px\" \/> <img loading=\"lazy\" decoding=\"async\" class=\"aligncenter size-full wp-image-8906\" src=\"http:\/\/1001voyagesgourmands.com\/wp-content\/uploads\/2016\/04\/Versailleske_zahrady-31.jpg\" alt=\"Versailleske_zahrady-31\" width=\"800\" height=\"530\" srcset=\"https:\/\/1001voyagesgourmands.com\/wp-content\/uploads\/2016\/04\/Versailleske_zahrady-31.jpg 800w, https:\/\/1001voyagesgourmands.com\/wp-content\/uploads\/2016\/04\/Versailleske_zahrady-31-300x199.jpg 300w, https:\/\/1001voyagesgourmands.com\/wp-content\/uploads\/2016\/04\/Versailleske_zahrady-31-768x509.jpg 768w, https:\/\/1001voyagesgourmands.com\/wp-content\/uploads\/2016\/04\/Versailleske_zahrady-31-780x516.jpg 780w, https:\/\/1001voyagesgourmands.com\/wp-content\/uploads\/2016\/04\/Versailleske_zahrady-31-585x388.jpg 585w\" sizes=\"auto, (max-width: 800px) 100vw, 800px\" \/><\/p>\n<h2>&nbsp;<\/h2>\n<h2>Velk\u00fd kan\u00e1l ve Versaillesk\u00fdch zahrad\u00e1ch<\/h2>\n<p style=\"text-align: justify;\">Velk\u00fd kan\u00e1l neboli Grand canal je rozs\u00e1hl\u00e1 vodn\u00ed plocha ve tvaru k\u0159\u00ed\u017ee o d\u00e9lce 1,5 km, je\u017e prodlu\u017euje z\u00e1meckou zahradu do nekone\u010dna. U jeho za\u010d\u00e1tku najdete p\u016fj\u010dovnu lodi\u010dek a kdy\u017e je hezky, m\u016f\u017eete se po kan\u00e1lu projet. Pro l\u00edn\u00e9 \u010di unaven\u00e9 turisty odsud jezd\u00ed vl\u00e1\u010dek, kter\u00fd v\u00e1s proveze zahradami. Jsou tu tak\u00e9 dv\u011b restaurace, n\u011bkolik ob\u010derstven\u00ed, p\u016fj\u010dovna kol&nbsp;a obchod se suven\u00fdry.&nbsp;<\/p>\n<p>&nbsp;<\/p>\n<h2>Vesni\u010dka Marie-Antoinetty<\/h2>\n<p style=\"text-align: justify;\">Pokud m\u00e1te na Versailles v\u00edce \u010dasu, m\u016f\u017eete tak\u00e9 nav\u0161t\u00edvit vesni\u010dku Marie-Antoinetty, kter\u00e1 se nachz\u00ed napravo od Velk\u00e9ho kan\u00e1lu. Komplex je otev\u0159en\u00fd od \u00faterka do ned\u011ble od 12:00 do 18:30 a na n\u00e1v\u0161t\u011bvu po\u010d\u00edtejte minim\u00e1ln\u011b&nbsp;3 hodiny. Vstupn\u00e9 se zde plat\u00ed zvl\u00e1\u0161\u0165.<\/p>\n<p>&nbsp;<\/p>\n<h2>Praktick\u00e9 informace pro n\u00e1v\u0161t\u011bvu Versaillesk\u00fdch zahrad<\/h2>\n<p style=\"text-align: justify;\">Nejlep\u0161\u00ed doba pro n\u00e1v\u0161t\u011bvu Versaillesk\u00fdch zahrad je mezi kv\u011btnem a z\u00e1\u0159\u00edm, kdy jsou zahrady denn\u011b otev\u0159en\u00e9 od 8 do 20:30. O v\u00edkendu jsou tu font\u00e1ny v provozu, ale tak\u00e9 po\u010d\u00edtejte s obrovsk\u00fdm n\u00e1porem turist\u016f. Nejv\u00edce lid\u00ed je tu speci\u00e1ln\u011b v ned\u011bli tak\u00e9 proto, \u017ee v Pa\u0159\u00ed\u017ei je v\u0161e zav\u0159en\u00e9, a tak se organizovan\u00e9 z\u00e1jezdy v tento den soust\u0159ed\u00ed na nedalekou Versailles. U vchodu je zvl\u00e1\u0161\u0165 fronta na l\u00edstky a zvl\u00e1\u0161\u0165 fronta na vstup. Nezapome\u0148te si u vchodu \u010di v info centru vz\u00edt mapu, jeliko\u017e bez n\u00ed by byla prohl\u00eddka velice zmaten\u00e1.&nbsp;<\/p>\n<p><strong>Ofici\u00e1ln\u00ed web Versailles<\/strong>:&nbsp;<a href=\"http:\/\/en.chateauversailles.fr\/homepage\" target=\"_blank\">http:\/\/en.chateauversailles.fr<\/a><\/p>\n<p>&nbsp;<\/p>\n<h2><img loading=\"lazy\" decoding=\"async\" class=\"aligncenter size-full wp-image-8914\" src=\"http:\/\/1001voyagesgourmands.com\/wp-content\/uploads\/2016\/04\/Versailleske_zahrady-35.jpg\" alt=\"Versailleske_zahrady-35\" width=\"800\" height=\"530\" srcset=\"https:\/\/1001voyagesgourmands.com\/wp-content\/uploads\/2016\/04\/Versailleske_zahrady-35.jpg 800w, https:\/\/1001voyagesgourmands.com\/wp-content\/uploads\/2016\/04\/Versailleske_zahrady-35-300x199.jpg 300w, https:\/\/1001voyagesgourmands.com\/wp-content\/uploads\/2016\/04\/Versailleske_zahrady-35-768x509.jpg 768w, https:\/\/1001voyagesgourmands.com\/wp-content\/uploads\/2016\/04\/Versailleske_zahrady-35-780x516.jpg 780w, https:\/\/1001voyagesgourmands.com\/wp-content\/uploads\/2016\/04\/Versailleske_zahrady-35-585x388.jpg 585w\" sizes=\"auto, (max-width: 800px) 100vw, 800px\" \/><\/h2>\n<p style=\"text-align: justify;\">&nbsp;<\/p>\n<p style=\"text-align: justify;\">\u0158\u00edk\u00e1 se, \u017ee n\u00e1v\u0161t\u011bva pouze z\u00e1mku Versailles bez zahrad a naopak zahrad bez z\u00e1mku nen\u00ed dosta\u010duj\u00edc\u00ed. &nbsp;M\u011b v\u0161ak Versaillesk\u00e9 zahrady nadchly, nato\u017e kdy\u017e si p\u0159edstav\u00edm, jak\u00e9 to je za slunn\u00e9ho dne&#8230;. Zaj\u00edmalo by m\u011b, zda jste byli jste ve Versailles a co jste tam nav\u0161t\u00edvili, co v\u00e1s nejv\u00edce nadchlo, zda z\u00e1mek \u010di zahrady?<\/p>\n","protected":false},"excerpt":{"rendered":"<p>Versailles, jeden z nejskvostn\u011bj\u0161\u00edch z\u00e1mk\u016f v\u0161ech dob a d\u016fle\u017eit\u00e9 s\u00eddlo francouzsk\u00fdch kr\u00e1l\u016f po n\u011bkolik stalet\u00ed, se nach\u00e1z\u00ed p\u0159ibli\u017en\u011b 20 km na jihoz\u00e1pad od Pa\u0159\u00ed\u017ee. Nyn\u011bj\u0161\u00ed podoba z\u00e1mku vd\u011b\u010d\u00ed za svou existenci Ludv\u00edku XIV., \u0159e\u010den\u00e9mu Kr\u00e1li Slunce, kter\u00fd nechal p\u0159estavit p\u016fvodn\u00ed loveck\u00fd z\u00e1me\u010dek na honosn\u00fd pal\u00e1c.&nbsp;Versaillesk\u00e9 zahrady byly navr\u017eeny slavn\u00fdm zahradn\u00edm&hellip;<\/p>\n","protected":false},"author":1,"featured_media":8866,"comment_status":"open","ping_status":"open","sticky":false,"template":"","format":"standard","meta":{"_exactmetrics_skip_tracking":false,"_exactmetrics_sitenote_active":false,"_exactmetrics_sitenote_note":"","_exactmetrics_sitenote_category":0,"_lmt_disableupdate":"","_lmt_disable":"","footnotes":""},"categories":[4,7],"tags":[40,488,257,368],"class_list":["post-8764","post","type-post","status-publish","format-standard","has-post-thumbnail","hentry","category-cestovani","category-francie","tag-francie","tag-hrady-a-zamky","tag-vikendove-vylety","tag-vylety-z-bruselu"],"yoast_head":"<!-- This site is optimized with the Yoast SEO plugin v26.1.1 - https:\/\/yoast.com\/wordpress\/plugins\/seo\/ -->\n<title>Versaillesk\u00e9 zahrady - 1001 Voyages Gourmands<\/title>\n<meta name=\"description\" content=\"Versaillesk\u00e9 zahrady byly navr\u017eeny slavn\u00fdm zahradn\u00edm architektem Andr\u00e9 Le N\u00f4tre, kter\u00fd tak p\u0159etvo\u0159il mo\u010d\u00e1lov\u00e9 \u00fazem\u00ed na syst\u00e9m kan\u00e1l\u016f, jez\u00edrek a font\u00e1n.\" \/>\n<meta name=\"robots\" content=\"index, follow, max-snippet:-1, max-image-preview:large, max-video-preview:-1\" \/>\n<link rel=\"canonical\" href=\"https:\/\/1001voyagesgourmands.com\/cs\/versailleske-zahrady\/\" \/>\n<meta property=\"og:locale\" content=\"cs_CZ\" \/>\n<meta property=\"og:type\" content=\"article\" \/>\n<meta property=\"og:title\" content=\"Versaillesk\u00e9 zahrady - 1001 Voyages Gourmands\" \/>\n<meta property=\"og:description\" content=\"Versaillesk\u00e9 zahrady byly navr\u017eeny slavn\u00fdm zahradn\u00edm architektem Andr\u00e9 Le N\u00f4tre, kter\u00fd tak p\u0159etvo\u0159il mo\u010d\u00e1lov\u00e9 \u00fazem\u00ed na syst\u00e9m kan\u00e1l\u016f, jez\u00edrek a font\u00e1n.\" \/>\n<meta property=\"og:url\" content=\"https:\/\/1001voyagesgourmands.com\/cs\/versailleske-zahrady\/\" \/>\n<meta property=\"og:site_name\" content=\"1001 Voyages Gourmands\" \/>\n<meta property=\"article:publisher\" content=\"https:\/\/www.facebook.com\/1001voyagesgourmands\" \/>\n<meta property=\"article:published_time\" content=\"2016-04-30T13:00:22+00:00\" \/>\n<meta property=\"article:modified_time\" content=\"2016-10-13T21:34:33+00:00\" \/>\n<meta property=\"og:image\" content=\"https:\/\/1001voyagesgourmands.com\/wp-content\/uploads\/2016\/04\/Versailleske_zahrady-11.jpg\" \/>\n\t<meta property=\"og:image:width\" content=\"800\" \/>\n\t<meta property=\"og:image:height\" content=\"530\" \/>\n\t<meta property=\"og:image:type\" content=\"image\/jpeg\" \/>\n<meta name=\"author\" content=\"Michaela\" \/>\n<meta name=\"twitter:card\" content=\"summary_large_image\" \/>\n<meta name=\"twitter:creator\" content=\"@michaela_1001vg\" \/>\n<meta name=\"twitter:site\" content=\"@michaela_1001vg\" \/>\n<meta name=\"twitter:label1\" content=\"Napsal(a)\" \/>\n\t<meta name=\"twitter:data1\" content=\"Michaela\" \/>\n\t<meta name=\"twitter:label2\" content=\"Odhadovan\u00e1 doba \u010dten\u00ed\" \/>\n\t<meta name=\"twitter:data2\" content=\"5 minut\" \/>\n<script type=\"application\/ld+json\" class=\"yoast-schema-graph\">{\"@context\":\"https:\/\/schema.org\",\"@graph\":[{\"@type\":\"WebPage\",\"@id\":\"https:\/\/1001voyagesgourmands.com\/cs\/versailleske-zahrady\/\",\"url\":\"https:\/\/1001voyagesgourmands.com\/cs\/versailleske-zahrady\/\",\"name\":\"Versaillesk\u00e9 zahrady - 1001 Voyages Gourmands\",\"isPartOf\":{\"@id\":\"https:\/\/1001voyagesgourmands.com\/cs\/#website\"},\"primaryImageOfPage\":{\"@id\":\"https:\/\/1001voyagesgourmands.com\/cs\/versailleske-zahrady\/#primaryimage\"},\"image\":{\"@id\":\"https:\/\/1001voyagesgourmands.com\/cs\/versailleske-zahrady\/#primaryimage\"},\"thumbnailUrl\":\"https:\/\/1001voyagesgourmands.com\/wp-content\/uploads\/2016\/04\/Versailleske_zahrady-11.jpg\",\"datePublished\":\"2016-04-30T13:00:22+00:00\",\"dateModified\":\"2016-10-13T21:34:33+00:00\",\"author\":{\"@id\":\"https:\/\/1001voyagesgourmands.com\/cs\/#\/schema\/person\/62e0e7238fcf7482b23bf83e1b72ff1b\"},\"description\":\"Versaillesk\u00e9 zahrady byly navr\u017eeny slavn\u00fdm zahradn\u00edm architektem Andr\u00e9 Le N\u00f4tre, kter\u00fd tak p\u0159etvo\u0159il mo\u010d\u00e1lov\u00e9 \u00fazem\u00ed na syst\u00e9m kan\u00e1l\u016f, jez\u00edrek a font\u00e1n.\",\"breadcrumb\":{\"@id\":\"https:\/\/1001voyagesgourmands.com\/cs\/versailleske-zahrady\/#breadcrumb\"},\"inLanguage\":\"cs\",\"potentialAction\":[{\"@type\":\"ReadAction\",\"target\":[\"https:\/\/1001voyagesgourmands.com\/cs\/versailleske-zahrady\/\"]}]},{\"@type\":\"ImageObject\",\"inLanguage\":\"cs\",\"@id\":\"https:\/\/1001voyagesgourmands.com\/cs\/versailleske-zahrady\/#primaryimage\",\"url\":\"https:\/\/1001voyagesgourmands.com\/wp-content\/uploads\/2016\/04\/Versailleske_zahrady-11.jpg\",\"contentUrl\":\"https:\/\/1001voyagesgourmands.com\/wp-content\/uploads\/2016\/04\/Versailleske_zahrady-11.jpg\",\"width\":800,\"height\":530,\"caption\":\"Versaillesk\u00e9 zahrady byly navr\u017eeny slavn\u00fdm zahradn\u00edm architektem Andr\u00e9 Le N\u00f4tre, kter\u00fd tak p\u0159etvo\u0159il mo\u010d\u00e1lov\u00e9 \u00fazem\u00ed na syst\u00e9m kan\u00e1l\u016f, jez\u00edrek a font\u00e1n.\"},{\"@type\":\"BreadcrumbList\",\"@id\":\"https:\/\/1001voyagesgourmands.com\/cs\/versailleske-zahrady\/#breadcrumb\",\"itemListElement\":[{\"@type\":\"ListItem\",\"position\":1,\"name\":\"Dom\u016f\",\"item\":\"https:\/\/1001voyagesgourmands.com\/cs\/\"},{\"@type\":\"ListItem\",\"position\":2,\"name\":\"Versaillesk\u00e9 zahrady\"}]},{\"@type\":\"WebSite\",\"@id\":\"https:\/\/1001voyagesgourmands.com\/cs\/#website\",\"url\":\"https:\/\/1001voyagesgourmands.com\/cs\/\",\"name\":\"1001 Voyages Gourmands\",\"description\":\"Food | Travel | Photography\",\"potentialAction\":[{\"@type\":\"SearchAction\",\"target\":{\"@type\":\"EntryPoint\",\"urlTemplate\":\"https:\/\/1001voyagesgourmands.com\/cs\/?s={search_term_string}\"},\"query-input\":{\"@type\":\"PropertyValueSpecification\",\"valueRequired\":true,\"valueName\":\"search_term_string\"}}],\"inLanguage\":\"cs\"},{\"@type\":\"Person\",\"@id\":\"https:\/\/1001voyagesgourmands.com\/cs\/#\/schema\/person\/62e0e7238fcf7482b23bf83e1b72ff1b\",\"name\":\"Michaela\",\"image\":{\"@type\":\"ImageObject\",\"inLanguage\":\"cs\",\"@id\":\"https:\/\/1001voyagesgourmands.com\/cs\/#\/schema\/person\/image\/\",\"url\":\"https:\/\/secure.gravatar.com\/avatar\/73fa562a5b0ce269ca480f67de504b8ecac054a121d170e226f1b79e02024cb8?s=96&d=mm&r=g\",\"contentUrl\":\"https:\/\/secure.gravatar.com\/avatar\/73fa562a5b0ce269ca480f67de504b8ecac054a121d170e226f1b79e02024cb8?s=96&d=mm&r=g\",\"caption\":\"Michaela\"},\"sameAs\":[\"http:\/\/1001voyagesgourmands.com\"]}]}<\/script>\n<!-- \/ Yoast SEO plugin. -->","yoast_head_json":{"title":"Versaillesk\u00e9 zahrady - 1001 Voyages Gourmands","description":"Versaillesk\u00e9 zahrady byly navr\u017eeny slavn\u00fdm zahradn\u00edm architektem Andr\u00e9 Le N\u00f4tre, kter\u00fd tak p\u0159etvo\u0159il mo\u010d\u00e1lov\u00e9 \u00fazem\u00ed na syst\u00e9m kan\u00e1l\u016f, jez\u00edrek a font\u00e1n.","robots":{"index":"index","follow":"follow","max-snippet":"max-snippet:-1","max-image-preview":"max-image-preview:large","max-video-preview":"max-video-preview:-1"},"canonical":"https:\/\/1001voyagesgourmands.com\/cs\/versailleske-zahrady\/","og_locale":"cs_CZ","og_type":"article","og_title":"Versaillesk\u00e9 zahrady - 1001 Voyages Gourmands","og_description":"Versaillesk\u00e9 zahrady byly navr\u017eeny slavn\u00fdm zahradn\u00edm architektem Andr\u00e9 Le N\u00f4tre, kter\u00fd tak p\u0159etvo\u0159il mo\u010d\u00e1lov\u00e9 \u00fazem\u00ed na syst\u00e9m kan\u00e1l\u016f, jez\u00edrek a font\u00e1n.","og_url":"https:\/\/1001voyagesgourmands.com\/cs\/versailleske-zahrady\/","og_site_name":"1001 Voyages Gourmands","article_publisher":"https:\/\/www.facebook.com\/1001voyagesgourmands","article_published_time":"2016-04-30T13:00:22+00:00","article_modified_time":"2016-10-13T21:34:33+00:00","og_image":[{"width":800,"height":530,"url":"https:\/\/1001voyagesgourmands.com\/wp-content\/uploads\/2016\/04\/Versailleske_zahrady-11.jpg","type":"image\/jpeg"}],"author":"Michaela","twitter_card":"summary_large_image","twitter_creator":"@michaela_1001vg","twitter_site":"@michaela_1001vg","twitter_misc":{"Napsal(a)":"Michaela","Odhadovan\u00e1 doba \u010dten\u00ed":"5 minut"},"schema":{"@context":"https:\/\/schema.org","@graph":[{"@type":"WebPage","@id":"https:\/\/1001voyagesgourmands.com\/cs\/versailleske-zahrady\/","url":"https:\/\/1001voyagesgourmands.com\/cs\/versailleske-zahrady\/","name":"Versaillesk\u00e9 zahrady - 1001 Voyages Gourmands","isPartOf":{"@id":"https:\/\/1001voyagesgourmands.com\/cs\/#website"},"primaryImageOfPage":{"@id":"https:\/\/1001voyagesgourmands.com\/cs\/versailleske-zahrady\/#primaryimage"},"image":{"@id":"https:\/\/1001voyagesgourmands.com\/cs\/versailleske-zahrady\/#primaryimage"},"thumbnailUrl":"https:\/\/1001voyagesgourmands.com\/wp-content\/uploads\/2016\/04\/Versailleske_zahrady-11.jpg","datePublished":"2016-04-30T13:00:22+00:00","dateModified":"2016-10-13T21:34:33+00:00","author":{"@id":"https:\/\/1001voyagesgourmands.com\/cs\/#\/schema\/person\/62e0e7238fcf7482b23bf83e1b72ff1b"},"description":"Versaillesk\u00e9 zahrady byly navr\u017eeny slavn\u00fdm zahradn\u00edm architektem Andr\u00e9 Le N\u00f4tre, kter\u00fd tak p\u0159etvo\u0159il mo\u010d\u00e1lov\u00e9 \u00fazem\u00ed na syst\u00e9m kan\u00e1l\u016f, jez\u00edrek a font\u00e1n.","breadcrumb":{"@id":"https:\/\/1001voyagesgourmands.com\/cs\/versailleske-zahrady\/#breadcrumb"},"inLanguage":"cs","potentialAction":[{"@type":"ReadAction","target":["https:\/\/1001voyagesgourmands.com\/cs\/versailleske-zahrady\/"]}]},{"@type":"ImageObject","inLanguage":"cs","@id":"https:\/\/1001voyagesgourmands.com\/cs\/versailleske-zahrady\/#primaryimage","url":"https:\/\/1001voyagesgourmands.com\/wp-content\/uploads\/2016\/04\/Versailleske_zahrady-11.jpg","contentUrl":"https:\/\/1001voyagesgourmands.com\/wp-content\/uploads\/2016\/04\/Versailleske_zahrady-11.jpg","width":800,"height":530,"caption":"Versaillesk\u00e9 zahrady byly navr\u017eeny slavn\u00fdm zahradn\u00edm architektem Andr\u00e9 Le N\u00f4tre, kter\u00fd tak p\u0159etvo\u0159il mo\u010d\u00e1lov\u00e9 \u00fazem\u00ed na syst\u00e9m kan\u00e1l\u016f, jez\u00edrek a font\u00e1n."},{"@type":"BreadcrumbList","@id":"https:\/\/1001voyagesgourmands.com\/cs\/versailleske-zahrady\/#breadcrumb","itemListElement":[{"@type":"ListItem","position":1,"name":"Dom\u016f","item":"https:\/\/1001voyagesgourmands.com\/cs\/"},{"@type":"ListItem","position":2,"name":"Versaillesk\u00e9 zahrady"}]},{"@type":"WebSite","@id":"https:\/\/1001voyagesgourmands.com\/cs\/#website","url":"https:\/\/1001voyagesgourmands.com\/cs\/","name":"1001 Voyages Gourmands","description":"Food | Travel | Photography","potentialAction":[{"@type":"SearchAction","target":{"@type":"EntryPoint","urlTemplate":"https:\/\/1001voyagesgourmands.com\/cs\/?s={search_term_string}"},"query-input":{"@type":"PropertyValueSpecification","valueRequired":true,"valueName":"search_term_string"}}],"inLanguage":"cs"},{"@type":"Person","@id":"https:\/\/1001voyagesgourmands.com\/cs\/#\/schema\/person\/62e0e7238fcf7482b23bf83e1b72ff1b","name":"Michaela","image":{"@type":"ImageObject","inLanguage":"cs","@id":"https:\/\/1001voyagesgourmands.com\/cs\/#\/schema\/person\/image\/","url":"https:\/\/secure.gravatar.com\/avatar\/73fa562a5b0ce269ca480f67de504b8ecac054a121d170e226f1b79e02024cb8?s=96&d=mm&r=g","contentUrl":"https:\/\/secure.gravatar.com\/avatar\/73fa562a5b0ce269ca480f67de504b8ecac054a121d170e226f1b79e02024cb8?s=96&d=mm&r=g","caption":"Michaela"},"sameAs":["http:\/\/1001voyagesgourmands.com"]}]}},"_links":{"self":[{"href":"https:\/\/1001voyagesgourmands.com\/cs\/wp-json\/wp\/v2\/posts\/8764","targetHints":{"allow":["GET"]}}],"collection":[{"href":"https:\/\/1001voyagesgourmands.com\/cs\/wp-json\/wp\/v2\/posts"}],"about":[{"href":"https:\/\/1001voyagesgourmands.com\/cs\/wp-json\/wp\/v2\/types\/post"}],"author":[{"embeddable":true,"href":"https:\/\/1001voyagesgourmands.com\/cs\/wp-json\/wp\/v2\/users\/1"}],"replies":[{"embeddable":true,"href":"https:\/\/1001voyagesgourmands.com\/cs\/wp-json\/wp\/v2\/comments?post=8764"}],"version-history":[{"count":0,"href":"https:\/\/1001voyagesgourmands.com\/cs\/wp-json\/wp\/v2\/posts\/8764\/revisions"}],"wp:featuredmedia":[{"embeddable":true,"href":"https:\/\/1001voyagesgourmands.com\/cs\/wp-json\/wp\/v2\/media\/8866"}],"wp:attachment":[{"href":"https:\/\/1001voyagesgourmands.com\/cs\/wp-json\/wp\/v2\/media?parent=8764"}],"wp:term":[{"taxonomy":"category","embeddable":true,"href":"https:\/\/1001voyagesgourmands.com\/cs\/wp-json\/wp\/v2\/categories?post=8764"},{"taxonomy":"post_tag","embeddable":true,"href":"https:\/\/1001voyagesgourmands.com\/cs\/wp-json\/wp\/v2\/tags?post=8764"}],"curies":[{"name":"wp","href":"https:\/\/api.w.org\/{rel}","templated":true}]}}