{"id":8378,"date":"2016-04-25T20:18:20","date_gmt":"2016-04-25T18:18:20","guid":{"rendered":"http:\/\/1001voyagesgourmands.com\/?p=8378"},"modified":"2020-12-02T12:17:02","modified_gmt":"2020-12-02T11:17:02","slug":"mysticky-les-bois-de-hal","status":"publish","type":"post","link":"https:\/\/1001voyagesgourmands.com\/cs\/mysticky-les-bois-de-hal\/","title":{"rendered":"Mystick\u00fd les Bois de Hal"},"content":{"rendered":"<p style=\"text-align: justify;\">Nedaleko Bruselu najdete les&nbsp;<strong>Bois de Hal<\/strong>, kter\u00fd se na konci dubna m\u011bn\u00ed v mystick\u00e9 m\u00edsto &#8211; tis\u00edce rozkvetl\u00fdch zvonk\u016f tu vytvo\u0159\u00ed modr\u00fd kv\u011btinov\u00fd koberec. Bois de Hal (francouzsky) neboli Hallerbos (vl\u00e1msky) se rozkl\u00e1d\u00e1 na&nbsp;555 hektarech a je tvo\u0159en n\u011bkolika men\u0161\u00edmi \u00fadol\u00ed\u010dky poset\u00fdmi divok\u00fdmi hyacinty a ob\u0159\u00edmi sekvojemi, kolem kter\u00fdch se t\u00e1hne stezka pro p\u011b\u0161\u00ed.&nbsp;Z fl\u00f3ry tu v Bois de Hal&nbsp;uvid\u00edte krom\u011b modr\u00fdch divok\u00fdch&nbsp;hyacint\u016f tak\u00e9 narcisy, lesn\u00ed sasanky, prysky\u0159n\u00edk a medv\u011bd\u00ed \u010desnek. V lese \u017eij\u00ed veverky, srnky, mloci, \u017eluny a vz\u00e1cn\u00e9 druhy netop\u00fdr\u016f, tak\u017ee pokud budete m\u00edt \u0161t\u011bst\u00ed (obzvl\u00e1\u0161\u0165 v rann\u00edch \u010di ve\u010dern\u00edch hodin\u00e1ch, kdy je tu m\u00e9n\u011b lid\u00ed), m\u016f\u017ee v\u00e1s p\u0159ekvapit mil\u00e9 setk\u00e1n\u00ed.&nbsp;<\/p>\n<p style=\"text-align: justify;\">V ned\u011bli po poledn\u00edm brunchi jsme se vydali do modr\u00e9ho lesa Bois de Hal a ud\u011blali jsme si tu p\u0159\u00edjemnou&nbsp;odpoledn\u00ed&nbsp;proch\u00e1zku. Z vlastn\u00ed zku\u0161enosti potvrzuji, \u017ee &#8222;modr\u00fd les&#8220; na\u017eivo p\u016fsob\u00ed magicky &#8211; kombinace modrofialov\u00fdch zvonk\u016f spolu se sv\u011btlou zelenou mlad\u00fdch buk\u016f vytv\u00e1\u0159\u00ed kr\u00e1sn\u00fd kontrast.&nbsp;Pokud m\u00e1te r\u00e1di kv\u011btiny, jaro, p\u0159\u00edrodu, a nach\u00e1z\u00edte se v t\u00e9to dob\u011b v Belgii, tak sem prost\u011b mus\u00edte! Obzvl\u00e1\u0161\u0165 r\u00e1no a ve\u010der je pr\u00fd n\u00e1lada v lese t\u00e9m\u011b\u0159 surrealistick\u00e1.<\/p>\n<p style=\"text-align: justify;\">V\u00fdletn\u00edci si mohou vybrat ze t\u0159\u00ed stezek: 4 km, 7 km, nebo pouze 1,8 km, ov\u0161em jeliko\u017e \u010d\u00e1st lesa tvo\u0159\u00ed p\u0159\u00edrodn\u00ed rezervaci, ze stezek se nesm\u00ed sch\u00e1zet. Jsou zde mo\u017en\u00e9 i proch\u00e1zky na kon\u00edch \u010di kolech tam, kde je to indikovan\u00e9.&nbsp;<\/p>\n<p style=\"text-align: justify;\"><strong>Jak se dostanete do Bois de Hal<\/strong>: nutno dodat, \u017ee zna\u010den\u00ed jednak pro p\u0159\u00edjezd do lesa, tak i v lese, je nedostate\u010dn\u00e9&#8230;<\/p>\n<p style=\"text-align: justify;\">Z Bruselu se vyd\u00e1te p\u0159es Ring R0 po d\u00e1lnici E19 sm\u011brem na Halle (v\u00fdjezd 21).&nbsp;V Halle pak hledejte indikaci na Hallerbos. P\u0159esn\u011bj\u0161\u00ed instrukce najdete na <a href=\"http:\/\/www.hallerbos.be\/en\/visitors-info\/car\/\"><strong>ofici\u00e1ln\u00edm webu lesa<\/strong><\/a>. Jako men\u0161\u00ed \u0161vindlova\u010dku m\u016f\u017eete do GPS m\u016f\u017eete zadat &#8222;Hallerbosstraat&#8220;, kde jsme parkovali, jeliko\u017e to vypadalo, \u017ee je parkovi\u0161t\u011b p\u0159epln\u011bn\u00e9. Je to mal\u00e1 uli\u010dka nedaleko vjezdu na parkovi\u0161t\u011b. Pokud budete m\u00edt \u0161t\u011bst\u00ed a najdete parkovi\u0161t\u011b bez t\u00e9to alternativy, t\u00edm l\u00e9pe.&nbsp;<\/p>\n<p style=\"text-align: justify;\"><strong>V\u00edce informac\u00ed o lese Bois de Hal<\/strong> najdete <strong><a href=\"http:\/\/www.hallerbos.be\/en\/\">zde<\/a><\/strong>.<\/p>\n<p style=\"text-align: justify;\">Pokud m\u00e1te r\u00e1di kv\u011btiny, tak si nenechte uj\u00edt ani <strong><a href=\"http:\/\/1001voyagesgourmands.com\/2015\/04\/21\/floralia-brusel\/\">Floraliu Brussels<\/a><\/strong>.<\/p>\n<p style=\"text-align: justify;\"><img loading=\"lazy\" decoding=\"async\" class=\"aligncenter size-full wp-image-8383\" src=\"http:\/\/1001voyagesgourmands.com\/wp-content\/uploads\/2016\/04\/Bois_de_Hal-2.jpg\" alt=\"Modr\u00fd les Hallerbos neboli Bois de Hal p\u0159itahuje n\u00e1v\u0161t\u011bvn\u00edky zejm\u00e9na na konci dubna, kdy je tu k vid\u011bn\u00ed kr\u00e1sn\u00fd modr\u00fd koberec tvo\u0159en\u00fd rozkvetl\u00fdmi hyacinty.\" width=\"800\" height=\"530\" srcset=\"https:\/\/1001voyagesgourmands.com\/wp-content\/uploads\/2016\/04\/Bois_de_Hal-2.jpg 800w, https:\/\/1001voyagesgourmands.com\/wp-content\/uploads\/2016\/04\/Bois_de_Hal-2-300x199.jpg 300w, https:\/\/1001voyagesgourmands.com\/wp-content\/uploads\/2016\/04\/Bois_de_Hal-2-768x509.jpg 768w, https:\/\/1001voyagesgourmands.com\/wp-content\/uploads\/2016\/04\/Bois_de_Hal-2-780x516.jpg 780w, https:\/\/1001voyagesgourmands.com\/wp-content\/uploads\/2016\/04\/Bois_de_Hal-2-585x388.jpg 585w, https:\/\/1001voyagesgourmands.com\/wp-content\/uploads\/2016\/04\/Bois_de_Hal-2-263x175.jpg 263w\" sizes=\"auto, (max-width: 800px) 100vw, 800px\" \/><\/p>\n<p style=\"text-align: justify;\"><img loading=\"lazy\" decoding=\"async\" class=\"aligncenter size-full wp-image-8389\" src=\"http:\/\/1001voyagesgourmands.com\/wp-content\/uploads\/2016\/04\/Bois_de_Hal-5.jpg\" alt=\"P\u00e1r kilometr\u016f od Bruselu najdete jedine\u010dn\u00fd les Hallerbos (holandsky) neboli Bois de Hal (francouzsky), kter\u00fd se na konci dubna m\u011bn\u00ed v mystick\u00e9 m\u00edsto - tis\u00edce modr\u00fdch zvonk\u016f tu vytvo\u0159\u00ed modr\u00fd kv\u011btinov\u00fd koberec.\" width=\"800\" height=\"530\" srcset=\"https:\/\/1001voyagesgourmands.com\/wp-content\/uploads\/2016\/04\/Bois_de_Hal-5.jpg 800w, https:\/\/1001voyagesgourmands.com\/wp-content\/uploads\/2016\/04\/Bois_de_Hal-5-300x199.jpg 300w, https:\/\/1001voyagesgourmands.com\/wp-content\/uploads\/2016\/04\/Bois_de_Hal-5-768x509.jpg 768w, https:\/\/1001voyagesgourmands.com\/wp-content\/uploads\/2016\/04\/Bois_de_Hal-5-780x516.jpg 780w, https:\/\/1001voyagesgourmands.com\/wp-content\/uploads\/2016\/04\/Bois_de_Hal-5-585x388.jpg 585w, https:\/\/1001voyagesgourmands.com\/wp-content\/uploads\/2016\/04\/Bois_de_Hal-5-263x175.jpg 263w\" sizes=\"auto, (max-width: 800px) 100vw, 800px\" \/><\/p>\n<p style=\"text-align: justify;\"><img loading=\"lazy\" decoding=\"async\" class=\"aligncenter size-full wp-image-8405\" src=\"http:\/\/1001voyagesgourmands.com\/wp-content\/uploads\/2016\/04\/Bois_de_Hal-13_postcard.jpg\" alt=\"Modr\u00fd les Hallerbos neboli Bois de Hal p\u0159itahuje n\u00e1v\u0161t\u011bvn\u00edky zejm\u00e9na na konci dubna, kdy je tu k vid\u011bn\u00ed kr\u00e1sn\u00fd modr\u00fd koberec tvo\u0159en\u00fd rozkvetl\u00fdmi hyacinty.\" width=\"800\" height=\"530\" srcset=\"https:\/\/1001voyagesgourmands.com\/wp-content\/uploads\/2016\/04\/Bois_de_Hal-13_postcard.jpg 800w, https:\/\/1001voyagesgourmands.com\/wp-content\/uploads\/2016\/04\/Bois_de_Hal-13_postcard-300x199.jpg 300w, https:\/\/1001voyagesgourmands.com\/wp-content\/uploads\/2016\/04\/Bois_de_Hal-13_postcard-768x509.jpg 768w, https:\/\/1001voyagesgourmands.com\/wp-content\/uploads\/2016\/04\/Bois_de_Hal-13_postcard-780x516.jpg 780w, https:\/\/1001voyagesgourmands.com\/wp-content\/uploads\/2016\/04\/Bois_de_Hal-13_postcard-585x388.jpg 585w, https:\/\/1001voyagesgourmands.com\/wp-content\/uploads\/2016\/04\/Bois_de_Hal-13_postcard-263x175.jpg 263w\" sizes=\"auto, (max-width: 800px) 100vw, 800px\" \/><\/p>\n<p style=\"text-align: justify;\"><img loading=\"lazy\" decoding=\"async\" class=\"aligncenter size-full wp-image-8387\" src=\"http:\/\/1001voyagesgourmands.com\/wp-content\/uploads\/2016\/04\/Bois_de_Hal-4.jpg\" alt=\"Modr\u00fd les Hallerbos neboli Bois de Hal p\u0159itahuje n\u00e1v\u0161t\u011bvn\u00edky zejm\u00e9na na konci dubna, kdy je tu k vid\u011bn\u00ed kr\u00e1sn\u00fd modr\u00fd koberec tvo\u0159en\u00fd rozkvetl\u00fdmi hyacinty.\" width=\"800\" height=\"530\" srcset=\"https:\/\/1001voyagesgourmands.com\/wp-content\/uploads\/2016\/04\/Bois_de_Hal-4.jpg 800w, https:\/\/1001voyagesgourmands.com\/wp-content\/uploads\/2016\/04\/Bois_de_Hal-4-300x199.jpg 300w, https:\/\/1001voyagesgourmands.com\/wp-content\/uploads\/2016\/04\/Bois_de_Hal-4-768x509.jpg 768w, https:\/\/1001voyagesgourmands.com\/wp-content\/uploads\/2016\/04\/Bois_de_Hal-4-780x516.jpg 780w, https:\/\/1001voyagesgourmands.com\/wp-content\/uploads\/2016\/04\/Bois_de_Hal-4-585x388.jpg 585w, https:\/\/1001voyagesgourmands.com\/wp-content\/uploads\/2016\/04\/Bois_de_Hal-4-263x175.jpg 263w\" sizes=\"auto, (max-width: 800px) 100vw, 800px\" \/><\/p>\n<p style=\"text-align: justify;\"><img loading=\"lazy\" decoding=\"async\" class=\"aligncenter wp-image-8411\" src=\"http:\/\/1001voyagesgourmands.com\/wp-content\/uploads\/2016\/04\/Bois_de_Hal-13-678x1024.jpg\" alt=\"Modr\u00fd les Hallerbos neboli Bois de Hal p\u0159itahuje n\u00e1v\u0161t\u011bvn\u00edky zejm\u00e9na na konci dubna, kdy je tu k vid\u011bn\u00ed kr\u00e1sn\u00fd modr\u00fd koberec tvo\u0159en\u00fd rozkvetl\u00fdmi hyacinty.\" width=\"785\" height=\"1186\" srcset=\"https:\/\/1001voyagesgourmands.com\/wp-content\/uploads\/2016\/04\/Bois_de_Hal-13-678x1024.jpg 678w, https:\/\/1001voyagesgourmands.com\/wp-content\/uploads\/2016\/04\/Bois_de_Hal-13-199x300.jpg 199w, https:\/\/1001voyagesgourmands.com\/wp-content\/uploads\/2016\/04\/Bois_de_Hal-13-768x1159.jpg 768w, https:\/\/1001voyagesgourmands.com\/wp-content\/uploads\/2016\/04\/Bois_de_Hal-13-585x883.jpg 585w, https:\/\/1001voyagesgourmands.com\/wp-content\/uploads\/2016\/04\/Bois_de_Hal-13.jpg 795w\" sizes=\"auto, (max-width: 785px) 100vw, 785px\" \/><\/p>\n<p style=\"text-align: justify;\"><img loading=\"lazy\" decoding=\"async\" class=\"aligncenter size-full wp-image-8407\" src=\"http:\/\/1001voyagesgourmands.com\/wp-content\/uploads\/2016\/04\/Bois_de_Hal-14_postcard.jpg\" alt=\"Modr\u00fd les Hallerbos neboli Bois de Hal p\u0159itahuje n\u00e1v\u0161t\u011bvn\u00edky zejm\u00e9na na konci dubna, kdy je tu k vid\u011bn\u00ed kr\u00e1sn\u00fd modr\u00fd koberec tvo\u0159en\u00fd rozkvetl\u00fdmi hyacinty.\" width=\"800\" height=\"530\" srcset=\"https:\/\/1001voyagesgourmands.com\/wp-content\/uploads\/2016\/04\/Bois_de_Hal-14_postcard.jpg 800w, https:\/\/1001voyagesgourmands.com\/wp-content\/uploads\/2016\/04\/Bois_de_Hal-14_postcard-300x199.jpg 300w, https:\/\/1001voyagesgourmands.com\/wp-content\/uploads\/2016\/04\/Bois_de_Hal-14_postcard-768x509.jpg 768w, https:\/\/1001voyagesgourmands.com\/wp-content\/uploads\/2016\/04\/Bois_de_Hal-14_postcard-780x516.jpg 780w, https:\/\/1001voyagesgourmands.com\/wp-content\/uploads\/2016\/04\/Bois_de_Hal-14_postcard-585x388.jpg 585w, https:\/\/1001voyagesgourmands.com\/wp-content\/uploads\/2016\/04\/Bois_de_Hal-14_postcard-263x175.jpg 263w\" sizes=\"auto, (max-width: 800px) 100vw, 800px\" \/><\/p>\n<p style=\"text-align: justify;\"><img loading=\"lazy\" decoding=\"async\" class=\"aligncenter size-full wp-image-8391\" src=\"http:\/\/1001voyagesgourmands.com\/wp-content\/uploads\/2016\/04\/Bois_de_Hal-6.jpg\" alt=\"Modr\u00fd les Hallerbos neboli Bois de Hal p\u0159itahuje n\u00e1v\u0161t\u011bvn\u00edky zejm\u00e9na na konci dubna, kdy je tu k vid\u011bn\u00ed kr\u00e1sn\u00fd modr\u00fd koberec tvo\u0159en\u00fd rozkvetl\u00fdmi hyacinty.\" width=\"800\" height=\"530\" srcset=\"https:\/\/1001voyagesgourmands.com\/wp-content\/uploads\/2016\/04\/Bois_de_Hal-6.jpg 800w, https:\/\/1001voyagesgourmands.com\/wp-content\/uploads\/2016\/04\/Bois_de_Hal-6-300x199.jpg 300w, https:\/\/1001voyagesgourmands.com\/wp-content\/uploads\/2016\/04\/Bois_de_Hal-6-768x509.jpg 768w, https:\/\/1001voyagesgourmands.com\/wp-content\/uploads\/2016\/04\/Bois_de_Hal-6-780x516.jpg 780w, https:\/\/1001voyagesgourmands.com\/wp-content\/uploads\/2016\/04\/Bois_de_Hal-6-585x388.jpg 585w, https:\/\/1001voyagesgourmands.com\/wp-content\/uploads\/2016\/04\/Bois_de_Hal-6-263x175.jpg 263w\" sizes=\"auto, (max-width: 800px) 100vw, 800px\" \/><\/p>\n<p style=\"text-align: justify;\"><img loading=\"lazy\" decoding=\"async\" class=\"aligncenter size-full wp-image-8393\" src=\"http:\/\/1001voyagesgourmands.com\/wp-content\/uploads\/2016\/04\/Bois_de_Hal-7.jpg\" alt=\"Modr\u00fd les Hallerbos neboli Bois de Hal p\u0159itahuje n\u00e1v\u0161t\u011bvn\u00edky zejm\u00e9na na konci dubna, kdy je tu k vid\u011bn\u00ed kr\u00e1sn\u00fd modr\u00fd koberec tvo\u0159en\u00fd rozkvetl\u00fdmi hyacinty.\" width=\"800\" height=\"530\" srcset=\"https:\/\/1001voyagesgourmands.com\/wp-content\/uploads\/2016\/04\/Bois_de_Hal-7.jpg 800w, https:\/\/1001voyagesgourmands.com\/wp-content\/uploads\/2016\/04\/Bois_de_Hal-7-300x199.jpg 300w, https:\/\/1001voyagesgourmands.com\/wp-content\/uploads\/2016\/04\/Bois_de_Hal-7-768x509.jpg 768w, https:\/\/1001voyagesgourmands.com\/wp-content\/uploads\/2016\/04\/Bois_de_Hal-7-780x516.jpg 780w, https:\/\/1001voyagesgourmands.com\/wp-content\/uploads\/2016\/04\/Bois_de_Hal-7-585x388.jpg 585w, https:\/\/1001voyagesgourmands.com\/wp-content\/uploads\/2016\/04\/Bois_de_Hal-7-263x175.jpg 263w\" sizes=\"auto, (max-width: 800px) 100vw, 800px\" \/><\/p>\n<p style=\"text-align: justify;\"><img loading=\"lazy\" decoding=\"async\" class=\"aligncenter size-full wp-image-8401\" src=\"http:\/\/1001voyagesgourmands.com\/wp-content\/uploads\/2016\/04\/Bois_de_Hal-11.jpg\" alt=\"Modr\u00fd les Hallerbos neboli Bois de Hal p\u0159itahuje n\u00e1v\u0161t\u011bvn\u00edky zejm\u00e9na na konci dubna, kdy je tu k vid\u011bn\u00ed kr\u00e1sn\u00fd modr\u00fd koberec tvo\u0159en\u00fd rozkvetl\u00fdmi hyacinty.\" width=\"800\" height=\"530\" srcset=\"https:\/\/1001voyagesgourmands.com\/wp-content\/uploads\/2016\/04\/Bois_de_Hal-11.jpg 800w, https:\/\/1001voyagesgourmands.com\/wp-content\/uploads\/2016\/04\/Bois_de_Hal-11-300x199.jpg 300w, https:\/\/1001voyagesgourmands.com\/wp-content\/uploads\/2016\/04\/Bois_de_Hal-11-768x509.jpg 768w, https:\/\/1001voyagesgourmands.com\/wp-content\/uploads\/2016\/04\/Bois_de_Hal-11-780x516.jpg 780w, https:\/\/1001voyagesgourmands.com\/wp-content\/uploads\/2016\/04\/Bois_de_Hal-11-585x388.jpg 585w, https:\/\/1001voyagesgourmands.com\/wp-content\/uploads\/2016\/04\/Bois_de_Hal-11-263x175.jpg 263w\" sizes=\"auto, (max-width: 800px) 100vw, 800px\" \/><\/p>\n<p style=\"text-align: justify;\"><img loading=\"lazy\" decoding=\"async\" class=\"aligncenter size-full wp-image-8395\" src=\"http:\/\/1001voyagesgourmands.com\/wp-content\/uploads\/2016\/04\/Bois_de_Hal-8.jpg\" alt=\"Modr\u00fd les Hallerbos neboli Bois de Hal p\u0159itahuje n\u00e1v\u0161t\u011bvn\u00edky zejm\u00e9na na konci dubna, kdy je tu k vid\u011bn\u00ed kr\u00e1sn\u00fd modr\u00fd koberec tvo\u0159en\u00fd rozkvetl\u00fdmi hyacinty.\" width=\"800\" height=\"530\" srcset=\"https:\/\/1001voyagesgourmands.com\/wp-content\/uploads\/2016\/04\/Bois_de_Hal-8.jpg 800w, https:\/\/1001voyagesgourmands.com\/wp-content\/uploads\/2016\/04\/Bois_de_Hal-8-300x199.jpg 300w, https:\/\/1001voyagesgourmands.com\/wp-content\/uploads\/2016\/04\/Bois_de_Hal-8-768x509.jpg 768w, https:\/\/1001voyagesgourmands.com\/wp-content\/uploads\/2016\/04\/Bois_de_Hal-8-780x516.jpg 780w, https:\/\/1001voyagesgourmands.com\/wp-content\/uploads\/2016\/04\/Bois_de_Hal-8-585x388.jpg 585w, https:\/\/1001voyagesgourmands.com\/wp-content\/uploads\/2016\/04\/Bois_de_Hal-8-263x175.jpg 263w\" sizes=\"auto, (max-width: 800px) 100vw, 800px\" \/><\/p>\n<p style=\"text-align: justify;\"><img loading=\"lazy\" decoding=\"async\" class=\"aligncenter size-full wp-image-8399\" src=\"http:\/\/1001voyagesgourmands.com\/wp-content\/uploads\/2016\/04\/Bois_de_Hal-10.jpg\" alt=\"Modr\u00fd les Hallerbos neboli Bois de Hal p\u0159itahuje n\u00e1v\u0161t\u011bvn\u00edky zejm\u00e9na na konci dubna, kdy je tu k vid\u011bn\u00ed kr\u00e1sn\u00fd modr\u00fd koberec tvo\u0159en\u00fd rozkvetl\u00fdmi hyacinty.\" width=\"800\" height=\"530\" srcset=\"https:\/\/1001voyagesgourmands.com\/wp-content\/uploads\/2016\/04\/Bois_de_Hal-10.jpg 800w, https:\/\/1001voyagesgourmands.com\/wp-content\/uploads\/2016\/04\/Bois_de_Hal-10-300x199.jpg 300w, https:\/\/1001voyagesgourmands.com\/wp-content\/uploads\/2016\/04\/Bois_de_Hal-10-768x509.jpg 768w, https:\/\/1001voyagesgourmands.com\/wp-content\/uploads\/2016\/04\/Bois_de_Hal-10-780x516.jpg 780w, https:\/\/1001voyagesgourmands.com\/wp-content\/uploads\/2016\/04\/Bois_de_Hal-10-585x388.jpg 585w, https:\/\/1001voyagesgourmands.com\/wp-content\/uploads\/2016\/04\/Bois_de_Hal-10-263x175.jpg 263w\" sizes=\"auto, (max-width: 800px) 100vw, 800px\" \/><\/p>\n<p style=\"text-align: justify;\"><img loading=\"lazy\" decoding=\"async\" class=\"aligncenter size-full wp-image-8403\" src=\"http:\/\/1001voyagesgourmands.com\/wp-content\/uploads\/2016\/04\/Bois_de_Hal-12.jpg\" alt=\"Modr\u00fd les Hallerbos neboli Bois de Hal p\u0159itahuje n\u00e1v\u0161t\u011bvn\u00edky zejm\u00e9na na konci dubna, kdy je tu k vid\u011bn\u00ed kr\u00e1sn\u00fd modr\u00fd koberec tvo\u0159en\u00fd rozkvetl\u00fdmi hyacinty.\" width=\"800\" height=\"530\" srcset=\"https:\/\/1001voyagesgourmands.com\/wp-content\/uploads\/2016\/04\/Bois_de_Hal-12.jpg 800w, https:\/\/1001voyagesgourmands.com\/wp-content\/uploads\/2016\/04\/Bois_de_Hal-12-300x199.jpg 300w, https:\/\/1001voyagesgourmands.com\/wp-content\/uploads\/2016\/04\/Bois_de_Hal-12-768x509.jpg 768w, https:\/\/1001voyagesgourmands.com\/wp-content\/uploads\/2016\/04\/Bois_de_Hal-12-780x516.jpg 780w, https:\/\/1001voyagesgourmands.com\/wp-content\/uploads\/2016\/04\/Bois_de_Hal-12-585x388.jpg 585w, https:\/\/1001voyagesgourmands.com\/wp-content\/uploads\/2016\/04\/Bois_de_Hal-12-263x175.jpg 263w\" sizes=\"auto, (max-width: 800px) 100vw, 800px\" \/><\/p>\n","protected":false},"excerpt":{"rendered":"<p>Nedaleko Bruselu najdete les&nbsp;Bois de Hal, kter\u00fd se na konci dubna m\u011bn\u00ed v mystick\u00e9 m\u00edsto &#8211; tis\u00edce rozkvetl\u00fdch zvonk\u016f tu vytvo\u0159\u00ed modr\u00fd kv\u011btinov\u00fd koberec. Bois de Hal (francouzsky) neboli Hallerbos (vl\u00e1msky) se rozkl\u00e1d\u00e1 na&nbsp;555 hektarech a je tvo\u0159en n\u011bkolika men\u0161\u00edmi \u00fadol\u00ed\u010dky poset\u00fdmi divok\u00fdmi hyacinty a ob\u0159\u00edmi sekvojemi, kolem kter\u00fdch se&hellip;<\/p>\n","protected":false},"author":1,"featured_media":8391,"comment_status":"open","ping_status":"open","sticky":false,"template":"","format":"standard","meta":{"_exactmetrics_skip_tracking":false,"_exactmetrics_sitenote_active":false,"_exactmetrics_sitenote_note":"","_exactmetrics_sitenote_category":0,"_lmt_disableupdate":"","_lmt_disable":"","footnotes":""},"categories":[362,4],"tags":[309,372,368],"class_list":["post-8378","post","type-post","status-publish","format-standard","has-post-thumbnail","hentry","category-belgie","category-cestovani","tag-belgie","tag-vylety-do-prirody","tag-vylety-z-bruselu"],"yoast_head":"<!-- This site is optimized with the Yoast SEO plugin v26.1.1 - https:\/\/yoast.com\/wordpress\/plugins\/seo\/ -->\n<title>Mystick\u00fd les Bois de Hal - 1001 Voyages Gourmands<\/title>\n<meta name=\"description\" content=\"Nedaleko Bruselu najdete les Bois de Hal, kter\u00fd se na konci dubna m\u011bn\u00ed v mystick\u00e9 m\u00edsto - tis\u00edce rozkvetl\u00fdch zvonk\u016f tu vytvo\u0159\u00ed modr\u00fd kv\u011btinov\u00fd koberec.\" \/>\n<meta name=\"robots\" content=\"index, follow, max-snippet:-1, max-image-preview:large, max-video-preview:-1\" \/>\n<link rel=\"canonical\" href=\"https:\/\/1001voyagesgourmands.com\/cs\/mysticky-les-bois-de-hal\/\" \/>\n<meta property=\"og:locale\" content=\"cs_CZ\" \/>\n<meta property=\"og:type\" content=\"article\" \/>\n<meta property=\"og:title\" content=\"Mystick\u00fd les Bois de Hal - 1001 Voyages Gourmands\" \/>\n<meta property=\"og:description\" content=\"Nedaleko Bruselu najdete les Bois de Hal, kter\u00fd se na konci dubna m\u011bn\u00ed v mystick\u00e9 m\u00edsto - tis\u00edce rozkvetl\u00fdch zvonk\u016f tu vytvo\u0159\u00ed modr\u00fd kv\u011btinov\u00fd koberec.\" \/>\n<meta property=\"og:url\" content=\"https:\/\/1001voyagesgourmands.com\/cs\/mysticky-les-bois-de-hal\/\" \/>\n<meta property=\"og:site_name\" content=\"1001 Voyages Gourmands\" \/>\n<meta property=\"article:publisher\" content=\"https:\/\/www.facebook.com\/1001voyagesgourmands\" \/>\n<meta property=\"article:published_time\" content=\"2016-04-25T18:18:20+00:00\" \/>\n<meta property=\"article:modified_time\" content=\"2020-12-02T11:17:02+00:00\" \/>\n<meta property=\"og:image\" content=\"https:\/\/1001voyagesgourmands.com\/wp-content\/uploads\/2016\/04\/Bois_de_Hal-6.jpg\" \/>\n\t<meta property=\"og:image:width\" content=\"800\" \/>\n\t<meta property=\"og:image:height\" content=\"530\" \/>\n\t<meta property=\"og:image:type\" content=\"image\/jpeg\" \/>\n<meta name=\"author\" content=\"Michaela\" \/>\n<meta name=\"twitter:card\" content=\"summary_large_image\" \/>\n<meta name=\"twitter:creator\" content=\"@michaela_1001vg\" \/>\n<meta name=\"twitter:site\" content=\"@michaela_1001vg\" \/>\n<meta name=\"twitter:label1\" content=\"Napsal(a)\" \/>\n\t<meta name=\"twitter:data1\" content=\"Michaela\" \/>\n\t<meta name=\"twitter:label2\" content=\"Odhadovan\u00e1 doba \u010dten\u00ed\" \/>\n\t<meta name=\"twitter:data2\" content=\"2 minuty\" \/>\n<script type=\"application\/ld+json\" class=\"yoast-schema-graph\">{\"@context\":\"https:\/\/schema.org\",\"@graph\":[{\"@type\":\"WebPage\",\"@id\":\"https:\/\/1001voyagesgourmands.com\/cs\/mysticky-les-bois-de-hal\/\",\"url\":\"https:\/\/1001voyagesgourmands.com\/cs\/mysticky-les-bois-de-hal\/\",\"name\":\"Mystick\u00fd les Bois de Hal - 1001 Voyages Gourmands\",\"isPartOf\":{\"@id\":\"https:\/\/1001voyagesgourmands.com\/cs\/#website\"},\"primaryImageOfPage\":{\"@id\":\"https:\/\/1001voyagesgourmands.com\/cs\/mysticky-les-bois-de-hal\/#primaryimage\"},\"image\":{\"@id\":\"https:\/\/1001voyagesgourmands.com\/cs\/mysticky-les-bois-de-hal\/#primaryimage\"},\"thumbnailUrl\":\"https:\/\/1001voyagesgourmands.com\/wp-content\/uploads\/2016\/04\/Bois_de_Hal-6.jpg\",\"datePublished\":\"2016-04-25T18:18:20+00:00\",\"dateModified\":\"2020-12-02T11:17:02+00:00\",\"author\":{\"@id\":\"https:\/\/1001voyagesgourmands.com\/cs\/#\/schema\/person\/62e0e7238fcf7482b23bf83e1b72ff1b\"},\"description\":\"Nedaleko Bruselu najdete les Bois de Hal, kter\u00fd se na konci dubna m\u011bn\u00ed v mystick\u00e9 m\u00edsto - tis\u00edce rozkvetl\u00fdch zvonk\u016f tu vytvo\u0159\u00ed modr\u00fd kv\u011btinov\u00fd koberec.\",\"breadcrumb\":{\"@id\":\"https:\/\/1001voyagesgourmands.com\/cs\/mysticky-les-bois-de-hal\/#breadcrumb\"},\"inLanguage\":\"cs\",\"potentialAction\":[{\"@type\":\"ReadAction\",\"target\":[\"https:\/\/1001voyagesgourmands.com\/cs\/mysticky-les-bois-de-hal\/\"]}]},{\"@type\":\"ImageObject\",\"inLanguage\":\"cs\",\"@id\":\"https:\/\/1001voyagesgourmands.com\/cs\/mysticky-les-bois-de-hal\/#primaryimage\",\"url\":\"https:\/\/1001voyagesgourmands.com\/wp-content\/uploads\/2016\/04\/Bois_de_Hal-6.jpg\",\"contentUrl\":\"https:\/\/1001voyagesgourmands.com\/wp-content\/uploads\/2016\/04\/Bois_de_Hal-6.jpg\",\"width\":800,\"height\":530,\"caption\":\"P\u00e1r kilometr\u016f od Bruselu najdete jedine\u010dn\u00fd les Hallerbos (holandsky) neboli Bois de Hal (francouzsky), kter\u00fd se na konci dubna m\u011bn\u00ed v mystick\u00e9 m\u00edsto - tis\u00edce modr\u00fdch zvonk\u016f tu vytvo\u0159\u00ed modr\u00fd kv\u011btinov\u00fd koberec.\"},{\"@type\":\"BreadcrumbList\",\"@id\":\"https:\/\/1001voyagesgourmands.com\/cs\/mysticky-les-bois-de-hal\/#breadcrumb\",\"itemListElement\":[{\"@type\":\"ListItem\",\"position\":1,\"name\":\"Dom\u016f\",\"item\":\"https:\/\/1001voyagesgourmands.com\/cs\/\"},{\"@type\":\"ListItem\",\"position\":2,\"name\":\"Mystick\u00fd les Bois de Hal\"}]},{\"@type\":\"WebSite\",\"@id\":\"https:\/\/1001voyagesgourmands.com\/cs\/#website\",\"url\":\"https:\/\/1001voyagesgourmands.com\/cs\/\",\"name\":\"1001 Voyages Gourmands\",\"description\":\"Food | Travel | Photography\",\"potentialAction\":[{\"@type\":\"SearchAction\",\"target\":{\"@type\":\"EntryPoint\",\"urlTemplate\":\"https:\/\/1001voyagesgourmands.com\/cs\/?s={search_term_string}\"},\"query-input\":{\"@type\":\"PropertyValueSpecification\",\"valueRequired\":true,\"valueName\":\"search_term_string\"}}],\"inLanguage\":\"cs\"},{\"@type\":\"Person\",\"@id\":\"https:\/\/1001voyagesgourmands.com\/cs\/#\/schema\/person\/62e0e7238fcf7482b23bf83e1b72ff1b\",\"name\":\"Michaela\",\"image\":{\"@type\":\"ImageObject\",\"inLanguage\":\"cs\",\"@id\":\"https:\/\/1001voyagesgourmands.com\/cs\/#\/schema\/person\/image\/\",\"url\":\"https:\/\/secure.gravatar.com\/avatar\/73fa562a5b0ce269ca480f67de504b8ecac054a121d170e226f1b79e02024cb8?s=96&d=mm&r=g\",\"contentUrl\":\"https:\/\/secure.gravatar.com\/avatar\/73fa562a5b0ce269ca480f67de504b8ecac054a121d170e226f1b79e02024cb8?s=96&d=mm&r=g\",\"caption\":\"Michaela\"},\"sameAs\":[\"http:\/\/1001voyagesgourmands.com\"]}]}<\/script>\n<!-- \/ Yoast SEO plugin. -->","yoast_head_json":{"title":"Mystick\u00fd les Bois de Hal - 1001 Voyages Gourmands","description":"Nedaleko Bruselu najdete les Bois de Hal, kter\u00fd se na konci dubna m\u011bn\u00ed v mystick\u00e9 m\u00edsto - tis\u00edce rozkvetl\u00fdch zvonk\u016f tu vytvo\u0159\u00ed modr\u00fd kv\u011btinov\u00fd koberec.","robots":{"index":"index","follow":"follow","max-snippet":"max-snippet:-1","max-image-preview":"max-image-preview:large","max-video-preview":"max-video-preview:-1"},"canonical":"https:\/\/1001voyagesgourmands.com\/cs\/mysticky-les-bois-de-hal\/","og_locale":"cs_CZ","og_type":"article","og_title":"Mystick\u00fd les Bois de Hal - 1001 Voyages Gourmands","og_description":"Nedaleko Bruselu najdete les Bois de Hal, kter\u00fd se na konci dubna m\u011bn\u00ed v mystick\u00e9 m\u00edsto - tis\u00edce rozkvetl\u00fdch zvonk\u016f tu vytvo\u0159\u00ed modr\u00fd kv\u011btinov\u00fd koberec.","og_url":"https:\/\/1001voyagesgourmands.com\/cs\/mysticky-les-bois-de-hal\/","og_site_name":"1001 Voyages Gourmands","article_publisher":"https:\/\/www.facebook.com\/1001voyagesgourmands","article_published_time":"2016-04-25T18:18:20+00:00","article_modified_time":"2020-12-02T11:17:02+00:00","og_image":[{"width":800,"height":530,"url":"https:\/\/1001voyagesgourmands.com\/wp-content\/uploads\/2016\/04\/Bois_de_Hal-6.jpg","type":"image\/jpeg"}],"author":"Michaela","twitter_card":"summary_large_image","twitter_creator":"@michaela_1001vg","twitter_site":"@michaela_1001vg","twitter_misc":{"Napsal(a)":"Michaela","Odhadovan\u00e1 doba \u010dten\u00ed":"2 minuty"},"schema":{"@context":"https:\/\/schema.org","@graph":[{"@type":"WebPage","@id":"https:\/\/1001voyagesgourmands.com\/cs\/mysticky-les-bois-de-hal\/","url":"https:\/\/1001voyagesgourmands.com\/cs\/mysticky-les-bois-de-hal\/","name":"Mystick\u00fd les Bois de Hal - 1001 Voyages Gourmands","isPartOf":{"@id":"https:\/\/1001voyagesgourmands.com\/cs\/#website"},"primaryImageOfPage":{"@id":"https:\/\/1001voyagesgourmands.com\/cs\/mysticky-les-bois-de-hal\/#primaryimage"},"image":{"@id":"https:\/\/1001voyagesgourmands.com\/cs\/mysticky-les-bois-de-hal\/#primaryimage"},"thumbnailUrl":"https:\/\/1001voyagesgourmands.com\/wp-content\/uploads\/2016\/04\/Bois_de_Hal-6.jpg","datePublished":"2016-04-25T18:18:20+00:00","dateModified":"2020-12-02T11:17:02+00:00","author":{"@id":"https:\/\/1001voyagesgourmands.com\/cs\/#\/schema\/person\/62e0e7238fcf7482b23bf83e1b72ff1b"},"description":"Nedaleko Bruselu najdete les Bois de Hal, kter\u00fd se na konci dubna m\u011bn\u00ed v mystick\u00e9 m\u00edsto - tis\u00edce rozkvetl\u00fdch zvonk\u016f tu vytvo\u0159\u00ed modr\u00fd kv\u011btinov\u00fd koberec.","breadcrumb":{"@id":"https:\/\/1001voyagesgourmands.com\/cs\/mysticky-les-bois-de-hal\/#breadcrumb"},"inLanguage":"cs","potentialAction":[{"@type":"ReadAction","target":["https:\/\/1001voyagesgourmands.com\/cs\/mysticky-les-bois-de-hal\/"]}]},{"@type":"ImageObject","inLanguage":"cs","@id":"https:\/\/1001voyagesgourmands.com\/cs\/mysticky-les-bois-de-hal\/#primaryimage","url":"https:\/\/1001voyagesgourmands.com\/wp-content\/uploads\/2016\/04\/Bois_de_Hal-6.jpg","contentUrl":"https:\/\/1001voyagesgourmands.com\/wp-content\/uploads\/2016\/04\/Bois_de_Hal-6.jpg","width":800,"height":530,"caption":"P\u00e1r kilometr\u016f od Bruselu najdete jedine\u010dn\u00fd les Hallerbos (holandsky) neboli Bois de Hal (francouzsky), kter\u00fd se na konci dubna m\u011bn\u00ed v mystick\u00e9 m\u00edsto - tis\u00edce modr\u00fdch zvonk\u016f tu vytvo\u0159\u00ed modr\u00fd kv\u011btinov\u00fd koberec."},{"@type":"BreadcrumbList","@id":"https:\/\/1001voyagesgourmands.com\/cs\/mysticky-les-bois-de-hal\/#breadcrumb","itemListElement":[{"@type":"ListItem","position":1,"name":"Dom\u016f","item":"https:\/\/1001voyagesgourmands.com\/cs\/"},{"@type":"ListItem","position":2,"name":"Mystick\u00fd les Bois de Hal"}]},{"@type":"WebSite","@id":"https:\/\/1001voyagesgourmands.com\/cs\/#website","url":"https:\/\/1001voyagesgourmands.com\/cs\/","name":"1001 Voyages Gourmands","description":"Food | Travel | Photography","potentialAction":[{"@type":"SearchAction","target":{"@type":"EntryPoint","urlTemplate":"https:\/\/1001voyagesgourmands.com\/cs\/?s={search_term_string}"},"query-input":{"@type":"PropertyValueSpecification","valueRequired":true,"valueName":"search_term_string"}}],"inLanguage":"cs"},{"@type":"Person","@id":"https:\/\/1001voyagesgourmands.com\/cs\/#\/schema\/person\/62e0e7238fcf7482b23bf83e1b72ff1b","name":"Michaela","image":{"@type":"ImageObject","inLanguage":"cs","@id":"https:\/\/1001voyagesgourmands.com\/cs\/#\/schema\/person\/image\/","url":"https:\/\/secure.gravatar.com\/avatar\/73fa562a5b0ce269ca480f67de504b8ecac054a121d170e226f1b79e02024cb8?s=96&d=mm&r=g","contentUrl":"https:\/\/secure.gravatar.com\/avatar\/73fa562a5b0ce269ca480f67de504b8ecac054a121d170e226f1b79e02024cb8?s=96&d=mm&r=g","caption":"Michaela"},"sameAs":["http:\/\/1001voyagesgourmands.com"]}]}},"_links":{"self":[{"href":"https:\/\/1001voyagesgourmands.com\/cs\/wp-json\/wp\/v2\/posts\/8378","targetHints":{"allow":["GET"]}}],"collection":[{"href":"https:\/\/1001voyagesgourmands.com\/cs\/wp-json\/wp\/v2\/posts"}],"about":[{"href":"https:\/\/1001voyagesgourmands.com\/cs\/wp-json\/wp\/v2\/types\/post"}],"author":[{"embeddable":true,"href":"https:\/\/1001voyagesgourmands.com\/cs\/wp-json\/wp\/v2\/users\/1"}],"replies":[{"embeddable":true,"href":"https:\/\/1001voyagesgourmands.com\/cs\/wp-json\/wp\/v2\/comments?post=8378"}],"version-history":[{"count":1,"href":"https:\/\/1001voyagesgourmands.com\/cs\/wp-json\/wp\/v2\/posts\/8378\/revisions"}],"predecessor-version":[{"id":28164,"href":"https:\/\/1001voyagesgourmands.com\/cs\/wp-json\/wp\/v2\/posts\/8378\/revisions\/28164"}],"wp:featuredmedia":[{"embeddable":true,"href":"https:\/\/1001voyagesgourmands.com\/cs\/wp-json\/wp\/v2\/media\/8391"}],"wp:attachment":[{"href":"https:\/\/1001voyagesgourmands.com\/cs\/wp-json\/wp\/v2\/media?parent=8378"}],"wp:term":[{"taxonomy":"category","embeddable":true,"href":"https:\/\/1001voyagesgourmands.com\/cs\/wp-json\/wp\/v2\/categories?post=8378"},{"taxonomy":"post_tag","embeddable":true,"href":"https:\/\/1001voyagesgourmands.com\/cs\/wp-json\/wp\/v2\/tags?post=8378"}],"curies":[{"name":"wp","href":"https:\/\/api.w.org\/{rel}","templated":true}]}}