{"id":7592,"date":"2016-04-03T23:25:48","date_gmt":"2016-04-03T21:25:48","guid":{"rendered":"http:\/\/1001voyagesgourmands.com\/?p=7592"},"modified":"2016-04-17T16:35:39","modified_gmt":"2016-04-17T14:35:39","slug":"velikonocni-pohlednice-z-prahy","status":"publish","type":"post","link":"https:\/\/1001voyagesgourmands.com\/cs\/velikonocni-pohlednice-z-prahy\/","title":{"rendered":"Velikono\u010dn\u00ed pohlednice z Prahy"},"content":{"rendered":"<p style=\"text-align: justify;\">Letos jsem se n\u011bjak n\u00e1hodou dostala po dlouh\u00e9 dob\u011b na Velikonoce do milovan\u00e9 Prahy. Jela jsem si sice jen n\u011bco rychle za\u0159\u00eddit p\u0159es v\u00edkend, ale mus\u00edm \u0159\u00edct, \u017ee mi to nakonec po \u00fatern\u00edch atent\u00e1tech v Bruselu a bl\u00e1zinci s nimi spojen\u00fdm trochu pro\u010distilo hlavu. Za 10 hodin j\u00edzdy autem jsme cel\u00e9 auto pln\u00e9 4 \u010cech\u016f byli r\u00e1di, \u017ee jsme &#8222;doma&#8220;. Jako v\u017edy jde o rychlovku to jak s rodinou, tak s p\u0159\u00e1teli, ov\u0161em nesm\u00ed chyb\u011bt proch\u00e1zka Prahou a pokud se to m\u016f\u017ee spojit s vid\u011bn\u00edm p\u0159\u00e1tel, tak je to to nejlep\u0161\u00ed. Tady je ochutn\u00e1vka z na\u0161\u00ed proch\u00e1zky velikono\u010dn\u00ed Prahou&nbsp;na Hrad a na Pet\u0159\u00edn&#8230;<\/p>\n<p><img loading=\"lazy\" decoding=\"async\" class=\" wp-image-7595 aligncenter\" src=\"http:\/\/1001voyagesgourmands.com\/wp-content\/uploads\/2016\/04\/velikonocni_pohlednice_z_Prahy_1-1024x678.jpg\" alt=\"velikonocni_pohlednice_z_Prahy_1\" width=\"790\" height=\"523\" srcset=\"https:\/\/1001voyagesgourmands.com\/wp-content\/uploads\/2016\/04\/velikonocni_pohlednice_z_Prahy_1.jpg 1024w, https:\/\/1001voyagesgourmands.com\/wp-content\/uploads\/2016\/04\/velikonocni_pohlednice_z_Prahy_1-800x530.jpg 800w, https:\/\/1001voyagesgourmands.com\/wp-content\/uploads\/2016\/04\/velikonocni_pohlednice_z_Prahy_1-300x199.jpg 300w, https:\/\/1001voyagesgourmands.com\/wp-content\/uploads\/2016\/04\/velikonocni_pohlednice_z_Prahy_1-768x509.jpg 768w, https:\/\/1001voyagesgourmands.com\/wp-content\/uploads\/2016\/04\/velikonocni_pohlednice_z_Prahy_1-780x516.jpg 780w, https:\/\/1001voyagesgourmands.com\/wp-content\/uploads\/2016\/04\/velikonocni_pohlednice_z_Prahy_1-585x387.jpg 585w\" sizes=\"auto, (max-width: 790px) 100vw, 790px\" \/><\/p>\n<p><img loading=\"lazy\" decoding=\"async\" class=\"aligncenter wp-image-7597 \" src=\"http:\/\/1001voyagesgourmands.com\/wp-content\/uploads\/2016\/04\/velikonocni_pohlednice_z_Prahy_2-1024x678.jpg\" alt=\"velikonocni_pohlednice_z_Prahy_1\" width=\"790\" height=\"523\" srcset=\"https:\/\/1001voyagesgourmands.com\/wp-content\/uploads\/2016\/04\/velikonocni_pohlednice_z_Prahy_2.jpg 1024w, https:\/\/1001voyagesgourmands.com\/wp-content\/uploads\/2016\/04\/velikonocni_pohlednice_z_Prahy_2-800x530.jpg 800w, https:\/\/1001voyagesgourmands.com\/wp-content\/uploads\/2016\/04\/velikonocni_pohlednice_z_Prahy_2-300x199.jpg 300w, https:\/\/1001voyagesgourmands.com\/wp-content\/uploads\/2016\/04\/velikonocni_pohlednice_z_Prahy_2-768x509.jpg 768w, https:\/\/1001voyagesgourmands.com\/wp-content\/uploads\/2016\/04\/velikonocni_pohlednice_z_Prahy_2-780x516.jpg 780w, https:\/\/1001voyagesgourmands.com\/wp-content\/uploads\/2016\/04\/velikonocni_pohlednice_z_Prahy_2-585x387.jpg 585w\" sizes=\"auto, (max-width: 790px) 100vw, 790px\" \/><\/p>\n<p><img loading=\"lazy\" decoding=\"async\" class=\"aligncenter size-full wp-image-7599\" src=\"http:\/\/1001voyagesgourmands.com\/wp-content\/uploads\/2016\/04\/velikonocni_pohlednice_z_Prahy_3.jpg\" alt=\"velikonocni_pohlednice_z_Prahy_3\" width=\"1017\" height=\"678\" srcset=\"https:\/\/1001voyagesgourmands.com\/wp-content\/uploads\/2016\/04\/velikonocni_pohlednice_z_Prahy_3.jpg 1017w, https:\/\/1001voyagesgourmands.com\/wp-content\/uploads\/2016\/04\/velikonocni_pohlednice_z_Prahy_3-300x200.jpg 300w, https:\/\/1001voyagesgourmands.com\/wp-content\/uploads\/2016\/04\/velikonocni_pohlednice_z_Prahy_3-768x512.jpg 768w, https:\/\/1001voyagesgourmands.com\/wp-content\/uploads\/2016\/04\/velikonocni_pohlednice_z_Prahy_3-585x390.jpg 585w\" sizes=\"auto, (max-width: 1017px) 100vw, 1017px\" \/><\/p>\n<p>Zlat\u00e1 uli\u010dka byla zp\u0159\u00edstupn\u011bna, a\u010d pln\u00e1 dav\u016f, kouzeln\u00e1 jako v\u017edy.<\/p>\n<p><img loading=\"lazy\" decoding=\"async\" class=\"aligncenter size-full wp-image-7601\" src=\"http:\/\/1001voyagesgourmands.com\/wp-content\/uploads\/2016\/04\/velikonocni_pohlednice_z_Prahy_4.jpg\" alt=\"velikonocni_pohlednice_z_Prahy_4\" width=\"819\" height=\"614\" srcset=\"https:\/\/1001voyagesgourmands.com\/wp-content\/uploads\/2016\/04\/velikonocni_pohlednice_z_Prahy_4.jpg 819w, https:\/\/1001voyagesgourmands.com\/wp-content\/uploads\/2016\/04\/velikonocni_pohlednice_z_Prahy_4-300x225.jpg 300w, https:\/\/1001voyagesgourmands.com\/wp-content\/uploads\/2016\/04\/velikonocni_pohlednice_z_Prahy_4-768x576.jpg 768w, https:\/\/1001voyagesgourmands.com\/wp-content\/uploads\/2016\/04\/velikonocni_pohlednice_z_Prahy_4-585x439.jpg 585w\" sizes=\"auto, (max-width: 819px) 100vw, 819px\" \/><\/p>\n<p><img loading=\"lazy\" decoding=\"async\" class=\"aligncenter size-full wp-image-7603\" src=\"http:\/\/1001voyagesgourmands.com\/wp-content\/uploads\/2016\/04\/velikonocni_pohlednice_z_Prahy_5.jpg\" alt=\"velikonocni_pohlednice_z_Prahy_5\" width=\"819\" height=\"614\" srcset=\"https:\/\/1001voyagesgourmands.com\/wp-content\/uploads\/2016\/04\/velikonocni_pohlednice_z_Prahy_5.jpg 819w, https:\/\/1001voyagesgourmands.com\/wp-content\/uploads\/2016\/04\/velikonocni_pohlednice_z_Prahy_5-300x225.jpg 300w, https:\/\/1001voyagesgourmands.com\/wp-content\/uploads\/2016\/04\/velikonocni_pohlednice_z_Prahy_5-768x576.jpg 768w, https:\/\/1001voyagesgourmands.com\/wp-content\/uploads\/2016\/04\/velikonocni_pohlednice_z_Prahy_5-585x439.jpg 585w\" sizes=\"auto, (max-width: 819px) 100vw, 819px\" \/><\/p>\n<p>Na Hrad\u011b se op\u011bt jako o V\u00e1noc\u00edch konaly trhy s d\u00e1rkov\u00fdmi p\u0159edm\u011bty, j\u00eddlem i pit\u00edm. Z j\u00eddla nechyb\u011bly brambor\u00e1ky, halu\u0161ky, ani trdlo.<\/p>\n<p><img loading=\"lazy\" decoding=\"async\" class=\"aligncenter size-full wp-image-7605\" src=\"http:\/\/1001voyagesgourmands.com\/wp-content\/uploads\/2016\/04\/velikonocni_pohlednice_z_Prahy_6.jpg\" alt=\"velikonocni_pohlednice_z_Prahy_6\" width=\"819\" height=\"614\" srcset=\"https:\/\/1001voyagesgourmands.com\/wp-content\/uploads\/2016\/04\/velikonocni_pohlednice_z_Prahy_6.jpg 819w, https:\/\/1001voyagesgourmands.com\/wp-content\/uploads\/2016\/04\/velikonocni_pohlednice_z_Prahy_6-300x225.jpg 300w, https:\/\/1001voyagesgourmands.com\/wp-content\/uploads\/2016\/04\/velikonocni_pohlednice_z_Prahy_6-768x576.jpg 768w, https:\/\/1001voyagesgourmands.com\/wp-content\/uploads\/2016\/04\/velikonocni_pohlednice_z_Prahy_6-585x439.jpg 585w\" sizes=\"auto, (max-width: 819px) 100vw, 819px\" \/><\/p>\n<p><img loading=\"lazy\" decoding=\"async\" class=\"aligncenter size-full wp-image-7607\" src=\"http:\/\/1001voyagesgourmands.com\/wp-content\/uploads\/2016\/04\/velikonocni_pohlednice_z_Prahy_7.jpg\" alt=\"velikonocni_pohlednice_z_Prahy_7\" width=\"819\" height=\"614\" srcset=\"https:\/\/1001voyagesgourmands.com\/wp-content\/uploads\/2016\/04\/velikonocni_pohlednice_z_Prahy_7.jpg 819w, https:\/\/1001voyagesgourmands.com\/wp-content\/uploads\/2016\/04\/velikonocni_pohlednice_z_Prahy_7-300x225.jpg 300w, https:\/\/1001voyagesgourmands.com\/wp-content\/uploads\/2016\/04\/velikonocni_pohlednice_z_Prahy_7-768x576.jpg 768w, https:\/\/1001voyagesgourmands.com\/wp-content\/uploads\/2016\/04\/velikonocni_pohlednice_z_Prahy_7-585x439.jpg 585w\" sizes=\"auto, (max-width: 819px) 100vw, 819px\" \/><\/p>\n<p><img loading=\"lazy\" decoding=\"async\" class=\"aligncenter size-full wp-image-7611\" src=\"http:\/\/1001voyagesgourmands.com\/wp-content\/uploads\/2016\/04\/velikonocni_pohlednice_z_Prahy_9.jpg\" alt=\"velikonocni_pohlednice_z_Prahy_9\" width=\"819\" height=\"614\" srcset=\"https:\/\/1001voyagesgourmands.com\/wp-content\/uploads\/2016\/04\/velikonocni_pohlednice_z_Prahy_9.jpg 819w, https:\/\/1001voyagesgourmands.com\/wp-content\/uploads\/2016\/04\/velikonocni_pohlednice_z_Prahy_9-300x225.jpg 300w, https:\/\/1001voyagesgourmands.com\/wp-content\/uploads\/2016\/04\/velikonocni_pohlednice_z_Prahy_9-768x576.jpg 768w, https:\/\/1001voyagesgourmands.com\/wp-content\/uploads\/2016\/04\/velikonocni_pohlednice_z_Prahy_9-585x439.jpg 585w\" sizes=\"auto, (max-width: 819px) 100vw, 819px\" \/><\/p>\n<p><img loading=\"lazy\" decoding=\"async\" class=\"aligncenter size-full wp-image-7609\" src=\"http:\/\/1001voyagesgourmands.com\/wp-content\/uploads\/2016\/04\/velikonocni_pohlednice_z_Prahy_8.jpg\" alt=\"velikonocni_pohlednice_z_Prahy_8\" width=\"1017\" height=\"678\" srcset=\"https:\/\/1001voyagesgourmands.com\/wp-content\/uploads\/2016\/04\/velikonocni_pohlednice_z_Prahy_8.jpg 1017w, https:\/\/1001voyagesgourmands.com\/wp-content\/uploads\/2016\/04\/velikonocni_pohlednice_z_Prahy_8-300x200.jpg 300w, https:\/\/1001voyagesgourmands.com\/wp-content\/uploads\/2016\/04\/velikonocni_pohlednice_z_Prahy_8-768x512.jpg 768w, https:\/\/1001voyagesgourmands.com\/wp-content\/uploads\/2016\/04\/velikonocni_pohlednice_z_Prahy_8-585x390.jpg 585w\" sizes=\"auto, (max-width: 1017px) 100vw, 1017px\" \/><\/p>\n<p><img loading=\"lazy\" decoding=\"async\" class=\"aligncenter  wp-image-7593\" src=\"http:\/\/1001voyagesgourmands.com\/wp-content\/uploads\/2016\/04\/velikonocni_pohlednice_z_prahy-1024x678.jpg\" alt=\"velikonocni_pohlednice_z_prahy\" width=\"790\" height=\"523\" srcset=\"https:\/\/1001voyagesgourmands.com\/wp-content\/uploads\/2016\/04\/velikonocni_pohlednice_z_prahy.jpg 1024w, https:\/\/1001voyagesgourmands.com\/wp-content\/uploads\/2016\/04\/velikonocni_pohlednice_z_prahy-800x530.jpg 800w, https:\/\/1001voyagesgourmands.com\/wp-content\/uploads\/2016\/04\/velikonocni_pohlednice_z_prahy-300x199.jpg 300w, https:\/\/1001voyagesgourmands.com\/wp-content\/uploads\/2016\/04\/velikonocni_pohlednice_z_prahy-768x509.jpg 768w, https:\/\/1001voyagesgourmands.com\/wp-content\/uploads\/2016\/04\/velikonocni_pohlednice_z_prahy-780x516.jpg 780w, https:\/\/1001voyagesgourmands.com\/wp-content\/uploads\/2016\/04\/velikonocni_pohlednice_z_prahy-585x387.jpg 585w\" sizes=\"auto, (max-width: 790px) 100vw, 790px\" \/><\/p>\n<p><img loading=\"lazy\" decoding=\"async\" class=\"aligncenter size-full wp-image-7615\" src=\"http:\/\/1001voyagesgourmands.com\/wp-content\/uploads\/2016\/04\/velikonocni_pohlednice_z_Prahy_11.jpg\" alt=\"velikonocni_pohlednice_z_Prahy_11\" width=\"819\" height=\"614\" srcset=\"https:\/\/1001voyagesgourmands.com\/wp-content\/uploads\/2016\/04\/velikonocni_pohlednice_z_Prahy_11.jpg 819w, https:\/\/1001voyagesgourmands.com\/wp-content\/uploads\/2016\/04\/velikonocni_pohlednice_z_Prahy_11-300x225.jpg 300w, https:\/\/1001voyagesgourmands.com\/wp-content\/uploads\/2016\/04\/velikonocni_pohlednice_z_Prahy_11-768x576.jpg 768w, https:\/\/1001voyagesgourmands.com\/wp-content\/uploads\/2016\/04\/velikonocni_pohlednice_z_Prahy_11-585x439.jpg 585w\" sizes=\"auto, (max-width: 819px) 100vw, 819px\" \/><\/p>\n<p><img loading=\"lazy\" decoding=\"async\" class=\"aligncenter size-full wp-image-7617\" src=\"http:\/\/1001voyagesgourmands.com\/wp-content\/uploads\/2016\/04\/velikonocni_pohlednice_z_Prahy_12.jpg\" alt=\"velikonocni_pohlednice_z_Prahy_12\" width=\"819\" height=\"614\" srcset=\"https:\/\/1001voyagesgourmands.com\/wp-content\/uploads\/2016\/04\/velikonocni_pohlednice_z_Prahy_12.jpg 819w, https:\/\/1001voyagesgourmands.com\/wp-content\/uploads\/2016\/04\/velikonocni_pohlednice_z_Prahy_12-300x225.jpg 300w, https:\/\/1001voyagesgourmands.com\/wp-content\/uploads\/2016\/04\/velikonocni_pohlednice_z_Prahy_12-768x576.jpg 768w, https:\/\/1001voyagesgourmands.com\/wp-content\/uploads\/2016\/04\/velikonocni_pohlednice_z_Prahy_12-585x439.jpg 585w\" sizes=\"auto, (max-width: 819px) 100vw, 819px\" \/><\/p>\n<p style=\"text-align: justify;\">Objevila jsem na trz\u00edch&nbsp;belgickou \u010dokol\u00e1du, tedy jde o <strong><a href=\"http:\/\/www.prazskacokolada.cz\/prazska-cokolada\" target=\"_blank\">Pra\u017eskou \u010dokol\u00e1du<\/a><\/strong>, kter\u00e1 k v\u00fdrob\u011b pou\u017e\u00edv\u00e1 \u010dokol\u00e1du hmotu vyrobenou v Belgii (od firmy Barry Callebaut), z kakaov\u00fdch bob\u016f p\u016fvodem z Ekv\u00e1doru. D\u011blaj\u00ed vynikaj\u00edc\u00ed mandli\u010dky v \u010dokol\u00e1d\u011b, kter\u00e9 m\u016f\u017eete m\u00edt obalen\u00e9 bu\u010f ve sko\u0159ici, v chilli, v z\u00e1zvoru, nebo jen tak v kakau. Poprv\u00e9 jsem ochutnala jejich sko\u0159icov\u00e9 jako v\u00e1no\u010dn\u00ed d\u00e1rek od kamar\u00e1dky, a te\u010f jsem oko\u0161tovala je\u0161t\u011b ty ostatn\u00ed druhy &#8211; t\u0159eba chu\u0165 z\u00e1zvorov\u00fdch mi p\u0159i\u0161la zaj\u00edmav\u00e1, kamar\u00e1dka propadla t\u011bm v chilli, ale j\u00e1 bych asi z\u016fstala op\u011bt u&nbsp;t\u011bch&nbsp;sko\u0159icov\u00fdch &#8211; m\u00e1m pro sko\u0159ici holt slabost. Proto\u017ee na st\u00e1nku ji\u017e nem\u011bli horkou \u010dokol\u00e1du, na kterou se t\u011b\u0161ili p\u0159edev\u0161\u00edm moji spole\u010dn\u00edci, na\u0161e stopy vedly posl\u00e9ze do jejich kamenn\u00e9ho obchodu v Nerudovce.&nbsp;Nakonec jsem si dala taky, a mus\u00edm uznat,&nbsp;\u017ee jejich hork\u00e1 \u010dokol\u00e1da je vynikaj\u00edc\u00ed &#8211; jde o pravou poctivou \u010dokol\u00e1du se smetanou, kr\u00e1sn\u011b sametov\u011b hustou, tak\u017ee t\u00e9m\u011b\u0159 nest\u00e9kala z prstu.&nbsp;<\/p>\n<p style=\"text-align: justify;\"><img loading=\"lazy\" decoding=\"async\" class=\"aligncenter size-full wp-image-7613\" src=\"http:\/\/1001voyagesgourmands.com\/wp-content\/uploads\/2016\/04\/velikonocni_pohlednice_z_Prahy_10.jpg\" alt=\"velikonocni_pohlednice_z_Prahy_10\" width=\"819\" height=\"614\" srcset=\"https:\/\/1001voyagesgourmands.com\/wp-content\/uploads\/2016\/04\/velikonocni_pohlednice_z_Prahy_10.jpg 819w, https:\/\/1001voyagesgourmands.com\/wp-content\/uploads\/2016\/04\/velikonocni_pohlednice_z_Prahy_10-300x225.jpg 300w, https:\/\/1001voyagesgourmands.com\/wp-content\/uploads\/2016\/04\/velikonocni_pohlednice_z_Prahy_10-768x576.jpg 768w, https:\/\/1001voyagesgourmands.com\/wp-content\/uploads\/2016\/04\/velikonocni_pohlednice_z_Prahy_10-585x439.jpg 585w\" sizes=\"auto, (max-width: 819px) 100vw, 819px\" \/><\/p>\n<p style=\"text-align: justify;\"><img loading=\"lazy\" decoding=\"async\" class=\"aligncenter size-full wp-image-7621\" src=\"http:\/\/1001voyagesgourmands.com\/wp-content\/uploads\/2016\/04\/velikonocni_pohlednice_z_Prahy_14.jpg\" alt=\"velikonocni_pohlednice_z_Prahy_14\" width=\"819\" height=\"614\" srcset=\"https:\/\/1001voyagesgourmands.com\/wp-content\/uploads\/2016\/04\/velikonocni_pohlednice_z_Prahy_14.jpg 819w, https:\/\/1001voyagesgourmands.com\/wp-content\/uploads\/2016\/04\/velikonocni_pohlednice_z_Prahy_14-300x225.jpg 300w, https:\/\/1001voyagesgourmands.com\/wp-content\/uploads\/2016\/04\/velikonocni_pohlednice_z_Prahy_14-768x576.jpg 768w, https:\/\/1001voyagesgourmands.com\/wp-content\/uploads\/2016\/04\/velikonocni_pohlednice_z_Prahy_14-585x439.jpg 585w\" sizes=\"auto, (max-width: 819px) 100vw, 819px\" \/><\/p>\n<p style=\"text-align: justify;\">Z Hradu jsme to vzali je\u0161t\u011b do kamenn\u00e9ho obchodu s tou Pra\u017eskou \u010dokol\u00e1dou, kter\u00fd se nach\u00e1z\u00ed hned v Nerudovce a pot\u00e9 p\u0159i stm\u00edv\u00e1n\u00ed na Pet\u0159\u00edn. Par\u00e1da, vid\u00edte celou Prahu, kde se postupn\u011b rozsv\u011bc\u00ed sv\u011bt\u00e9lka.<\/p>\n<p style=\"text-align: justify;\"><img loading=\"lazy\" decoding=\"async\" class=\"aligncenter size-full wp-image-7619\" src=\"http:\/\/1001voyagesgourmands.com\/wp-content\/uploads\/2016\/04\/velikonocni_pohlednice_z_Prahy_13.jpg\" alt=\"velikonocni_pohlednice_z_Prahy_13\" width=\"819\" height=\"614\" srcset=\"https:\/\/1001voyagesgourmands.com\/wp-content\/uploads\/2016\/04\/velikonocni_pohlednice_z_Prahy_13.jpg 819w, https:\/\/1001voyagesgourmands.com\/wp-content\/uploads\/2016\/04\/velikonocni_pohlednice_z_Prahy_13-300x225.jpg 300w, https:\/\/1001voyagesgourmands.com\/wp-content\/uploads\/2016\/04\/velikonocni_pohlednice_z_Prahy_13-768x576.jpg 768w, https:\/\/1001voyagesgourmands.com\/wp-content\/uploads\/2016\/04\/velikonocni_pohlednice_z_Prahy_13-585x439.jpg 585w\" sizes=\"auto, (max-width: 819px) 100vw, 819px\" \/> <img loading=\"lazy\" decoding=\"async\" class=\"aligncenter  wp-image-7623\" src=\"http:\/\/1001voyagesgourmands.com\/wp-content\/uploads\/2016\/04\/velikonocni_pohlednice_z_Prahy_15-1024x678.jpg\" alt=\"velikonocni_pohlednice_z_Prahy_15\" width=\"790\" height=\"523\" srcset=\"https:\/\/1001voyagesgourmands.com\/wp-content\/uploads\/2016\/04\/velikonocni_pohlednice_z_Prahy_15.jpg 1024w, https:\/\/1001voyagesgourmands.com\/wp-content\/uploads\/2016\/04\/velikonocni_pohlednice_z_Prahy_15-263x175.jpg 263w, https:\/\/1001voyagesgourmands.com\/wp-content\/uploads\/2016\/04\/velikonocni_pohlednice_z_Prahy_15-800x530.jpg 800w, https:\/\/1001voyagesgourmands.com\/wp-content\/uploads\/2016\/04\/velikonocni_pohlednice_z_Prahy_15-300x199.jpg 300w, https:\/\/1001voyagesgourmands.com\/wp-content\/uploads\/2016\/04\/velikonocni_pohlednice_z_Prahy_15-768x509.jpg 768w, https:\/\/1001voyagesgourmands.com\/wp-content\/uploads\/2016\/04\/velikonocni_pohlednice_z_Prahy_15-780x516.jpg 780w, https:\/\/1001voyagesgourmands.com\/wp-content\/uploads\/2016\/04\/velikonocni_pohlednice_z_Prahy_15-585x387.jpg 585w\" sizes=\"auto, (max-width: 790px) 100vw, 790px\" \/><\/p>\n<p style=\"text-align: justify;\">Cesta n\u00e1s zavedla k jak\u00e9si vilce v kopci, kde se nach\u00e1z\u00ed tajemn\u00e1 galerie <strong>Magick\u00e1 jeskyn\u011b<\/strong> jist\u00e9ho um\u011blce <strong><a href=\"http:\/\/reon.cz\/\" target=\"_blank\">Reona<\/a><\/strong>. Malby opravdu zaj\u00edmav\u00e9, n\u011bkdy a\u017e stra\u0161ideln\u00e9, le\u010d barevn\u011b bohat\u00e9. Jeskyn\u011b m\u00e1 3 patra pln\u00e1 obraz\u016f ale i soch dr\u00e1\u010dk\u016f, med\u00faz a r\u016fzn\u00fdch trol\u016f&nbsp;z Reonovy vysn\u011bn\u00e9 zem\u011b Argondie. Galerie je sama o sob\u011b um\u011bleck\u00fdm d\u00edlem &#8211; jde opravdu o jeskyni se s\u00e1drov\u00fdmi&nbsp;kr\u00e1pn\u00edky nebo podmo\u0159sk\u00fdm k\u0159ov\u00edm. Dole v p\u0159\u00edzem\u00ed si n\u00e1v\u0161t\u011bvn\u00edci mohou naserv\u00edrovat sangrii \u010di sva\u0159\u00e1k tu\u0161\u00edm &#8211; my si tedy nic nenaserv\u00edrovali, proto\u017ee tu nebyly \u010dist\u00e9 skleni\u010dky. Ale jinak to byla fajn pod\u00edvan\u00e1 a ur\u010dit\u011b, pokud p\u016fjdete kolem, tak se tam stavte.<\/p>\n<p style=\"text-align: justify;\"><img loading=\"lazy\" decoding=\"async\" class=\"aligncenter size-full wp-image-7625\" src=\"http:\/\/1001voyagesgourmands.com\/wp-content\/uploads\/2016\/04\/velikonocni_pohlednice_z_Prahy_16.jpg\" alt=\"velikonocni_pohlednice_z_Prahy_16\" width=\"819\" height=\"614\" srcset=\"https:\/\/1001voyagesgourmands.com\/wp-content\/uploads\/2016\/04\/velikonocni_pohlednice_z_Prahy_16.jpg 819w, https:\/\/1001voyagesgourmands.com\/wp-content\/uploads\/2016\/04\/velikonocni_pohlednice_z_Prahy_16-300x225.jpg 300w, https:\/\/1001voyagesgourmands.com\/wp-content\/uploads\/2016\/04\/velikonocni_pohlednice_z_Prahy_16-768x576.jpg 768w, https:\/\/1001voyagesgourmands.com\/wp-content\/uploads\/2016\/04\/velikonocni_pohlednice_z_Prahy_16-585x439.jpg 585w\" sizes=\"auto, (max-width: 819px) 100vw, 819px\" \/><\/p>\n<p style=\"text-align: justify;\"><img loading=\"lazy\" decoding=\"async\" class=\"aligncenter  wp-image-7631\" src=\"http:\/\/1001voyagesgourmands.com\/wp-content\/uploads\/2016\/04\/velikonocni_pohlednice_z_Prahy_19-1024x678.jpg\" alt=\"velikonocni_pohlednice_z_Prahy_19\" width=\"790\" height=\"523\" srcset=\"https:\/\/1001voyagesgourmands.com\/wp-content\/uploads\/2016\/04\/velikonocni_pohlednice_z_Prahy_19.jpg 1024w, https:\/\/1001voyagesgourmands.com\/wp-content\/uploads\/2016\/04\/velikonocni_pohlednice_z_Prahy_19-800x530.jpg 800w, https:\/\/1001voyagesgourmands.com\/wp-content\/uploads\/2016\/04\/velikonocni_pohlednice_z_Prahy_19-300x199.jpg 300w, https:\/\/1001voyagesgourmands.com\/wp-content\/uploads\/2016\/04\/velikonocni_pohlednice_z_Prahy_19-768x509.jpg 768w, https:\/\/1001voyagesgourmands.com\/wp-content\/uploads\/2016\/04\/velikonocni_pohlednice_z_Prahy_19-780x516.jpg 780w, https:\/\/1001voyagesgourmands.com\/wp-content\/uploads\/2016\/04\/velikonocni_pohlednice_z_Prahy_19-585x387.jpg 585w\" sizes=\"auto, (max-width: 790px) 100vw, 790px\" \/><\/p>\n<p style=\"text-align: justify;\"><img loading=\"lazy\" decoding=\"async\" class=\"aligncenter size-full wp-image-7627\" src=\"http:\/\/1001voyagesgourmands.com\/wp-content\/uploads\/2016\/04\/velikonocni_pohlednice_z_Prahy_17.jpg\" alt=\"velikonocni_pohlednice_z_Prahy_17\" width=\"819\" height=\"614\" srcset=\"https:\/\/1001voyagesgourmands.com\/wp-content\/uploads\/2016\/04\/velikonocni_pohlednice_z_Prahy_17.jpg 819w, https:\/\/1001voyagesgourmands.com\/wp-content\/uploads\/2016\/04\/velikonocni_pohlednice_z_Prahy_17-300x225.jpg 300w, https:\/\/1001voyagesgourmands.com\/wp-content\/uploads\/2016\/04\/velikonocni_pohlednice_z_Prahy_17-768x576.jpg 768w, https:\/\/1001voyagesgourmands.com\/wp-content\/uploads\/2016\/04\/velikonocni_pohlednice_z_Prahy_17-585x439.jpg 585w\" sizes=\"auto, (max-width: 819px) 100vw, 819px\" \/><\/p>\n<p style=\"text-align: justify;\"><img loading=\"lazy\" decoding=\"async\" class=\"aligncenter size-full wp-image-7635\" src=\"http:\/\/1001voyagesgourmands.com\/wp-content\/uploads\/2016\/04\/velikonocni_pohlednice_z_Prahy_21.jpg\" alt=\"velikonocni_pohlednice_z_Prahy_21\" width=\"819\" height=\"614\" srcset=\"https:\/\/1001voyagesgourmands.com\/wp-content\/uploads\/2016\/04\/velikonocni_pohlednice_z_Prahy_21.jpg 819w, https:\/\/1001voyagesgourmands.com\/wp-content\/uploads\/2016\/04\/velikonocni_pohlednice_z_Prahy_21-300x225.jpg 300w, https:\/\/1001voyagesgourmands.com\/wp-content\/uploads\/2016\/04\/velikonocni_pohlednice_z_Prahy_21-768x576.jpg 768w, https:\/\/1001voyagesgourmands.com\/wp-content\/uploads\/2016\/04\/velikonocni_pohlednice_z_Prahy_21-585x439.jpg 585w\" sizes=\"auto, (max-width: 819px) 100vw, 819px\" \/><\/p>\n<p style=\"text-align: justify;\"><img loading=\"lazy\" decoding=\"async\" class=\"aligncenter  wp-image-7629\" src=\"http:\/\/1001voyagesgourmands.com\/wp-content\/uploads\/2016\/04\/velikonocni_pohlednice_z_Prahy_18-1024x678.jpg\" alt=\"velikonocni_pohlednice_z_Prahy_18\" width=\"790\" height=\"523\" srcset=\"https:\/\/1001voyagesgourmands.com\/wp-content\/uploads\/2016\/04\/velikonocni_pohlednice_z_Prahy_18.jpg 1024w, https:\/\/1001voyagesgourmands.com\/wp-content\/uploads\/2016\/04\/velikonocni_pohlednice_z_Prahy_18-800x530.jpg 800w, https:\/\/1001voyagesgourmands.com\/wp-content\/uploads\/2016\/04\/velikonocni_pohlednice_z_Prahy_18-300x199.jpg 300w, https:\/\/1001voyagesgourmands.com\/wp-content\/uploads\/2016\/04\/velikonocni_pohlednice_z_Prahy_18-768x509.jpg 768w, https:\/\/1001voyagesgourmands.com\/wp-content\/uploads\/2016\/04\/velikonocni_pohlednice_z_Prahy_18-780x516.jpg 780w, https:\/\/1001voyagesgourmands.com\/wp-content\/uploads\/2016\/04\/velikonocni_pohlednice_z_Prahy_18-585x387.jpg 585w\" sizes=\"auto, (max-width: 790px) 100vw, 790px\" \/><\/p>\n<p style=\"text-align: justify;\"><img loading=\"lazy\" decoding=\"async\" class=\"aligncenter size-full wp-image-7633\" src=\"http:\/\/1001voyagesgourmands.com\/wp-content\/uploads\/2016\/04\/velikonocni_pohlednice_z_Prahy_20.jpg\" alt=\"velikonocni_pohlednice_z_Prahy_20\" width=\"819\" height=\"614\" srcset=\"https:\/\/1001voyagesgourmands.com\/wp-content\/uploads\/2016\/04\/velikonocni_pohlednice_z_Prahy_20.jpg 819w, https:\/\/1001voyagesgourmands.com\/wp-content\/uploads\/2016\/04\/velikonocni_pohlednice_z_Prahy_20-300x225.jpg 300w, https:\/\/1001voyagesgourmands.com\/wp-content\/uploads\/2016\/04\/velikonocni_pohlednice_z_Prahy_20-768x576.jpg 768w, https:\/\/1001voyagesgourmands.com\/wp-content\/uploads\/2016\/04\/velikonocni_pohlednice_z_Prahy_20-585x439.jpg 585w\" sizes=\"auto, (max-width: 819px) 100vw, 819px\" \/><\/p>\n<p style=\"text-align: justify;\">V\u00edkendy v Praze m\u00e1m obzvl\u00e1\u0161\u0165 r\u00e1da v jarn\u00ed n\u00e1lad\u011b &#8211; v\u0161ude to kvete, dny se prodlu\u017euj\u00ed a lid\u00e9 maj\u00ed lep\u0161\u00ed n\u00e1ladu. Kdy\u017e se k tomu p\u0159idaj\u00ed je\u0161t\u011b oslavy Velikonoc, kter\u00e9 jsou st\u00e1le v \u010cech\u00e1ch tradi\u010dn\u00ed, tak to m\u00e1 ohromn\u00e9 kouzlo.&nbsp;<\/p>\n<p style=\"text-align: justify;\"><img loading=\"lazy\" decoding=\"async\" class=\"aligncenter size-full wp-image-7637\" src=\"http:\/\/1001voyagesgourmands.com\/wp-content\/uploads\/2016\/04\/velikonocni_pohlednice_z_Prahy_22.jpg\" alt=\"velikonocni_pohlednice_z_Prahy_22\" width=\"1017\" height=\"678\" srcset=\"https:\/\/1001voyagesgourmands.com\/wp-content\/uploads\/2016\/04\/velikonocni_pohlednice_z_Prahy_22.jpg 1017w, https:\/\/1001voyagesgourmands.com\/wp-content\/uploads\/2016\/04\/velikonocni_pohlednice_z_Prahy_22-300x200.jpg 300w, https:\/\/1001voyagesgourmands.com\/wp-content\/uploads\/2016\/04\/velikonocni_pohlednice_z_Prahy_22-768x512.jpg 768w, https:\/\/1001voyagesgourmands.com\/wp-content\/uploads\/2016\/04\/velikonocni_pohlednice_z_Prahy_22-585x390.jpg 585w\" sizes=\"auto, (max-width: 1017px) 100vw, 1017px\" \/><\/p>\n<p style=\"text-align: justify;\">Kde jste letos byli na Velikonoce vy?<\/p>\n","protected":false},"excerpt":{"rendered":"<p>Letos jsem se n\u011bjak n\u00e1hodou dostala po dlouh\u00e9 dob\u011b na Velikonoce do milovan\u00e9 Prahy. Jela jsem si sice jen n\u011bco rychle za\u0159\u00eddit p\u0159es v\u00edkend, ale mus\u00edm \u0159\u00edct, \u017ee mi to nakonec po \u00fatern\u00edch atent\u00e1tech v Bruselu a bl\u00e1zinci s nimi spojen\u00fdm trochu pro\u010distilo hlavu. Za 10 hodin j\u00edzdy autem jsme&hellip;<\/p>\n","protected":false},"author":1,"featured_media":7623,"comment_status":"open","ping_status":"open","sticky":false,"template":"","format":"standard","meta":{"_exactmetrics_skip_tracking":false,"_exactmetrics_sitenote_active":false,"_exactmetrics_sitenote_note":"","_exactmetrics_sitenote_category":0,"_lmt_disableupdate":"","_lmt_disable":"","footnotes":""},"categories":[422,4],"tags":[423,328],"class_list":["post-7592","post","type-post","status-publish","format-standard","has-post-thumbnail","hentry","category-cechy-2","category-cestovani","tag-cechy","tag-vylety-do-mesta"],"yoast_head":"<!-- This site is optimized with the Yoast SEO plugin v26.1.1 - https:\/\/yoast.com\/wordpress\/plugins\/seo\/ -->\n<title>Velikono\u010dn\u00ed pohlednice z Prahy - 1001 Voyages Gourmands<\/title>\n<meta name=\"description\" content=\"ochutn\u00e1vka z na\u0161\u00ed proch\u00e1zky velikono\u010dn\u00ed Prahou na Hrad a na Pet\u0159\u00edn\" \/>\n<meta name=\"robots\" content=\"index, follow, max-snippet:-1, max-image-preview:large, max-video-preview:-1\" \/>\n<link rel=\"canonical\" href=\"https:\/\/1001voyagesgourmands.com\/cs\/velikonocni-pohlednice-z-prahy\/\" \/>\n<meta property=\"og:locale\" content=\"cs_CZ\" \/>\n<meta property=\"og:type\" content=\"article\" \/>\n<meta property=\"og:title\" content=\"Velikono\u010dn\u00ed pohlednice z Prahy - 1001 Voyages Gourmands\" \/>\n<meta property=\"og:description\" content=\"ochutn\u00e1vka z na\u0161\u00ed proch\u00e1zky velikono\u010dn\u00ed Prahou na Hrad a na Pet\u0159\u00edn\" \/>\n<meta property=\"og:url\" content=\"https:\/\/1001voyagesgourmands.com\/cs\/velikonocni-pohlednice-z-prahy\/\" \/>\n<meta property=\"og:site_name\" content=\"1001 Voyages Gourmands\" \/>\n<meta property=\"article:publisher\" content=\"https:\/\/www.facebook.com\/1001voyagesgourmands\" \/>\n<meta property=\"article:published_time\" content=\"2016-04-03T21:25:48+00:00\" \/>\n<meta property=\"article:modified_time\" content=\"2016-04-17T14:35:39+00:00\" \/>\n<meta property=\"og:image\" content=\"https:\/\/1001voyagesgourmands.com\/wp-content\/uploads\/2016\/04\/velikonocni_pohlednice_z_Prahy_15.jpg\" \/>\n\t<meta property=\"og:image:width\" content=\"1024\" \/>\n\t<meta property=\"og:image:height\" content=\"678\" \/>\n\t<meta property=\"og:image:type\" content=\"image\/jpeg\" \/>\n<meta name=\"author\" content=\"Michaela\" \/>\n<meta name=\"twitter:card\" content=\"summary_large_image\" \/>\n<meta name=\"twitter:creator\" content=\"@michaela_1001vg\" \/>\n<meta name=\"twitter:site\" content=\"@michaela_1001vg\" \/>\n<meta name=\"twitter:label1\" content=\"Napsal(a)\" \/>\n\t<meta name=\"twitter:data1\" content=\"Michaela\" \/>\n\t<meta name=\"twitter:label2\" content=\"Odhadovan\u00e1 doba \u010dten\u00ed\" \/>\n\t<meta name=\"twitter:data2\" content=\"3 minuty\" \/>\n<script type=\"application\/ld+json\" class=\"yoast-schema-graph\">{\"@context\":\"https:\/\/schema.org\",\"@graph\":[{\"@type\":\"WebPage\",\"@id\":\"https:\/\/1001voyagesgourmands.com\/cs\/velikonocni-pohlednice-z-prahy\/\",\"url\":\"https:\/\/1001voyagesgourmands.com\/cs\/velikonocni-pohlednice-z-prahy\/\",\"name\":\"Velikono\u010dn\u00ed pohlednice z Prahy - 1001 Voyages Gourmands\",\"isPartOf\":{\"@id\":\"https:\/\/1001voyagesgourmands.com\/cs\/#website\"},\"primaryImageOfPage\":{\"@id\":\"https:\/\/1001voyagesgourmands.com\/cs\/velikonocni-pohlednice-z-prahy\/#primaryimage\"},\"image\":{\"@id\":\"https:\/\/1001voyagesgourmands.com\/cs\/velikonocni-pohlednice-z-prahy\/#primaryimage\"},\"thumbnailUrl\":\"https:\/\/1001voyagesgourmands.com\/wp-content\/uploads\/2016\/04\/velikonocni_pohlednice_z_Prahy_15.jpg\",\"datePublished\":\"2016-04-03T21:25:48+00:00\",\"dateModified\":\"2016-04-17T14:35:39+00:00\",\"author\":{\"@id\":\"https:\/\/1001voyagesgourmands.com\/cs\/#\/schema\/person\/62e0e7238fcf7482b23bf83e1b72ff1b\"},\"description\":\"ochutn\u00e1vka z na\u0161\u00ed proch\u00e1zky velikono\u010dn\u00ed Prahou na Hrad a na Pet\u0159\u00edn\",\"breadcrumb\":{\"@id\":\"https:\/\/1001voyagesgourmands.com\/cs\/velikonocni-pohlednice-z-prahy\/#breadcrumb\"},\"inLanguage\":\"cs\",\"potentialAction\":[{\"@type\":\"ReadAction\",\"target\":[\"https:\/\/1001voyagesgourmands.com\/cs\/velikonocni-pohlednice-z-prahy\/\"]}]},{\"@type\":\"ImageObject\",\"inLanguage\":\"cs\",\"@id\":\"https:\/\/1001voyagesgourmands.com\/cs\/velikonocni-pohlednice-z-prahy\/#primaryimage\",\"url\":\"https:\/\/1001voyagesgourmands.com\/wp-content\/uploads\/2016\/04\/velikonocni_pohlednice_z_Prahy_15.jpg\",\"contentUrl\":\"https:\/\/1001voyagesgourmands.com\/wp-content\/uploads\/2016\/04\/velikonocni_pohlednice_z_Prahy_15.jpg\",\"width\":1024,\"height\":678,\"caption\":\"ochutn\u00e1vka z na\u0161\u00ed proch\u00e1zky velikono\u010dn\u00ed Prahou na Hrad a na Pet\u0159\u00edn\"},{\"@type\":\"BreadcrumbList\",\"@id\":\"https:\/\/1001voyagesgourmands.com\/cs\/velikonocni-pohlednice-z-prahy\/#breadcrumb\",\"itemListElement\":[{\"@type\":\"ListItem\",\"position\":1,\"name\":\"Dom\u016f\",\"item\":\"https:\/\/1001voyagesgourmands.com\/cs\/\"},{\"@type\":\"ListItem\",\"position\":2,\"name\":\"Velikono\u010dn\u00ed pohlednice z Prahy\"}]},{\"@type\":\"WebSite\",\"@id\":\"https:\/\/1001voyagesgourmands.com\/cs\/#website\",\"url\":\"https:\/\/1001voyagesgourmands.com\/cs\/\",\"name\":\"1001 Voyages Gourmands\",\"description\":\"Food | Travel | Photography\",\"potentialAction\":[{\"@type\":\"SearchAction\",\"target\":{\"@type\":\"EntryPoint\",\"urlTemplate\":\"https:\/\/1001voyagesgourmands.com\/cs\/?s={search_term_string}\"},\"query-input\":{\"@type\":\"PropertyValueSpecification\",\"valueRequired\":true,\"valueName\":\"search_term_string\"}}],\"inLanguage\":\"cs\"},{\"@type\":\"Person\",\"@id\":\"https:\/\/1001voyagesgourmands.com\/cs\/#\/schema\/person\/62e0e7238fcf7482b23bf83e1b72ff1b\",\"name\":\"Michaela\",\"image\":{\"@type\":\"ImageObject\",\"inLanguage\":\"cs\",\"@id\":\"https:\/\/1001voyagesgourmands.com\/cs\/#\/schema\/person\/image\/\",\"url\":\"https:\/\/secure.gravatar.com\/avatar\/73fa562a5b0ce269ca480f67de504b8ecac054a121d170e226f1b79e02024cb8?s=96&d=mm&r=g\",\"contentUrl\":\"https:\/\/secure.gravatar.com\/avatar\/73fa562a5b0ce269ca480f67de504b8ecac054a121d170e226f1b79e02024cb8?s=96&d=mm&r=g\",\"caption\":\"Michaela\"},\"sameAs\":[\"http:\/\/1001voyagesgourmands.com\"]}]}<\/script>\n<!-- \/ Yoast SEO plugin. -->","yoast_head_json":{"title":"Velikono\u010dn\u00ed pohlednice z Prahy - 1001 Voyages Gourmands","description":"ochutn\u00e1vka z na\u0161\u00ed proch\u00e1zky velikono\u010dn\u00ed Prahou na Hrad a na Pet\u0159\u00edn","robots":{"index":"index","follow":"follow","max-snippet":"max-snippet:-1","max-image-preview":"max-image-preview:large","max-video-preview":"max-video-preview:-1"},"canonical":"https:\/\/1001voyagesgourmands.com\/cs\/velikonocni-pohlednice-z-prahy\/","og_locale":"cs_CZ","og_type":"article","og_title":"Velikono\u010dn\u00ed pohlednice z Prahy - 1001 Voyages Gourmands","og_description":"ochutn\u00e1vka z na\u0161\u00ed proch\u00e1zky velikono\u010dn\u00ed Prahou na Hrad a na Pet\u0159\u00edn","og_url":"https:\/\/1001voyagesgourmands.com\/cs\/velikonocni-pohlednice-z-prahy\/","og_site_name":"1001 Voyages Gourmands","article_publisher":"https:\/\/www.facebook.com\/1001voyagesgourmands","article_published_time":"2016-04-03T21:25:48+00:00","article_modified_time":"2016-04-17T14:35:39+00:00","og_image":[{"width":1024,"height":678,"url":"https:\/\/1001voyagesgourmands.com\/wp-content\/uploads\/2016\/04\/velikonocni_pohlednice_z_Prahy_15.jpg","type":"image\/jpeg"}],"author":"Michaela","twitter_card":"summary_large_image","twitter_creator":"@michaela_1001vg","twitter_site":"@michaela_1001vg","twitter_misc":{"Napsal(a)":"Michaela","Odhadovan\u00e1 doba \u010dten\u00ed":"3 minuty"},"schema":{"@context":"https:\/\/schema.org","@graph":[{"@type":"WebPage","@id":"https:\/\/1001voyagesgourmands.com\/cs\/velikonocni-pohlednice-z-prahy\/","url":"https:\/\/1001voyagesgourmands.com\/cs\/velikonocni-pohlednice-z-prahy\/","name":"Velikono\u010dn\u00ed pohlednice z Prahy - 1001 Voyages Gourmands","isPartOf":{"@id":"https:\/\/1001voyagesgourmands.com\/cs\/#website"},"primaryImageOfPage":{"@id":"https:\/\/1001voyagesgourmands.com\/cs\/velikonocni-pohlednice-z-prahy\/#primaryimage"},"image":{"@id":"https:\/\/1001voyagesgourmands.com\/cs\/velikonocni-pohlednice-z-prahy\/#primaryimage"},"thumbnailUrl":"https:\/\/1001voyagesgourmands.com\/wp-content\/uploads\/2016\/04\/velikonocni_pohlednice_z_Prahy_15.jpg","datePublished":"2016-04-03T21:25:48+00:00","dateModified":"2016-04-17T14:35:39+00:00","author":{"@id":"https:\/\/1001voyagesgourmands.com\/cs\/#\/schema\/person\/62e0e7238fcf7482b23bf83e1b72ff1b"},"description":"ochutn\u00e1vka z na\u0161\u00ed proch\u00e1zky velikono\u010dn\u00ed Prahou na Hrad a na Pet\u0159\u00edn","breadcrumb":{"@id":"https:\/\/1001voyagesgourmands.com\/cs\/velikonocni-pohlednice-z-prahy\/#breadcrumb"},"inLanguage":"cs","potentialAction":[{"@type":"ReadAction","target":["https:\/\/1001voyagesgourmands.com\/cs\/velikonocni-pohlednice-z-prahy\/"]}]},{"@type":"ImageObject","inLanguage":"cs","@id":"https:\/\/1001voyagesgourmands.com\/cs\/velikonocni-pohlednice-z-prahy\/#primaryimage","url":"https:\/\/1001voyagesgourmands.com\/wp-content\/uploads\/2016\/04\/velikonocni_pohlednice_z_Prahy_15.jpg","contentUrl":"https:\/\/1001voyagesgourmands.com\/wp-content\/uploads\/2016\/04\/velikonocni_pohlednice_z_Prahy_15.jpg","width":1024,"height":678,"caption":"ochutn\u00e1vka z na\u0161\u00ed proch\u00e1zky velikono\u010dn\u00ed Prahou na Hrad a na Pet\u0159\u00edn"},{"@type":"BreadcrumbList","@id":"https:\/\/1001voyagesgourmands.com\/cs\/velikonocni-pohlednice-z-prahy\/#breadcrumb","itemListElement":[{"@type":"ListItem","position":1,"name":"Dom\u016f","item":"https:\/\/1001voyagesgourmands.com\/cs\/"},{"@type":"ListItem","position":2,"name":"Velikono\u010dn\u00ed pohlednice z Prahy"}]},{"@type":"WebSite","@id":"https:\/\/1001voyagesgourmands.com\/cs\/#website","url":"https:\/\/1001voyagesgourmands.com\/cs\/","name":"1001 Voyages Gourmands","description":"Food | Travel | Photography","potentialAction":[{"@type":"SearchAction","target":{"@type":"EntryPoint","urlTemplate":"https:\/\/1001voyagesgourmands.com\/cs\/?s={search_term_string}"},"query-input":{"@type":"PropertyValueSpecification","valueRequired":true,"valueName":"search_term_string"}}],"inLanguage":"cs"},{"@type":"Person","@id":"https:\/\/1001voyagesgourmands.com\/cs\/#\/schema\/person\/62e0e7238fcf7482b23bf83e1b72ff1b","name":"Michaela","image":{"@type":"ImageObject","inLanguage":"cs","@id":"https:\/\/1001voyagesgourmands.com\/cs\/#\/schema\/person\/image\/","url":"https:\/\/secure.gravatar.com\/avatar\/73fa562a5b0ce269ca480f67de504b8ecac054a121d170e226f1b79e02024cb8?s=96&d=mm&r=g","contentUrl":"https:\/\/secure.gravatar.com\/avatar\/73fa562a5b0ce269ca480f67de504b8ecac054a121d170e226f1b79e02024cb8?s=96&d=mm&r=g","caption":"Michaela"},"sameAs":["http:\/\/1001voyagesgourmands.com"]}]}},"_links":{"self":[{"href":"https:\/\/1001voyagesgourmands.com\/cs\/wp-json\/wp\/v2\/posts\/7592","targetHints":{"allow":["GET"]}}],"collection":[{"href":"https:\/\/1001voyagesgourmands.com\/cs\/wp-json\/wp\/v2\/posts"}],"about":[{"href":"https:\/\/1001voyagesgourmands.com\/cs\/wp-json\/wp\/v2\/types\/post"}],"author":[{"embeddable":true,"href":"https:\/\/1001voyagesgourmands.com\/cs\/wp-json\/wp\/v2\/users\/1"}],"replies":[{"embeddable":true,"href":"https:\/\/1001voyagesgourmands.com\/cs\/wp-json\/wp\/v2\/comments?post=7592"}],"version-history":[{"count":0,"href":"https:\/\/1001voyagesgourmands.com\/cs\/wp-json\/wp\/v2\/posts\/7592\/revisions"}],"wp:featuredmedia":[{"embeddable":true,"href":"https:\/\/1001voyagesgourmands.com\/cs\/wp-json\/wp\/v2\/media\/7623"}],"wp:attachment":[{"href":"https:\/\/1001voyagesgourmands.com\/cs\/wp-json\/wp\/v2\/media?parent=7592"}],"wp:term":[{"taxonomy":"category","embeddable":true,"href":"https:\/\/1001voyagesgourmands.com\/cs\/wp-json\/wp\/v2\/categories?post=7592"},{"taxonomy":"post_tag","embeddable":true,"href":"https:\/\/1001voyagesgourmands.com\/cs\/wp-json\/wp\/v2\/tags?post=7592"}],"curies":[{"name":"wp","href":"https:\/\/api.w.org\/{rel}","templated":true}]}}