{"id":7400,"date":"2016-03-30T10:00:50","date_gmt":"2016-03-30T08:00:50","guid":{"rendered":"http:\/\/1001voyagesgourmands.com\/?p=7400"},"modified":"2017-01-31T21:12:14","modified_gmt":"2017-01-31T20:12:14","slug":"posvatny-ostrov-isla-del-sol","status":"publish","type":"post","link":"https:\/\/1001voyagesgourmands.com\/cs\/posvatny-ostrov-isla-del-sol\/","title":{"rendered":"Posv\u00e1tn\u00fd ostrov Isla del Sol"},"content":{"rendered":"<p style=\"text-align: justify;\">Isla del Sol je n\u00e1dhern\u00fd ostrov na bolivijsk\u00e9 stran\u011b jezera <strong>Titicaca<\/strong>, nejv\u00fd\u0161e polo\u017een\u00e9ho splavn\u00e9ho jezera na sv\u011bt\u011b. Ostrov je pova\u017eov\u00e1n za svat\u00fd proto\u017ee podle inck\u00e9 legendy se tu zrodilo slunce (jak ji\u017e jeho n\u00e1zev napov\u00edd\u00e1) a tak\u00e9 odsud pr\u00fd poch\u00e1zeli prvn\u00ed Inkov\u00e9. Pokud m\u00e1te r\u00e1di v\u00fdlety do p\u0159\u00edrody s n\u00e1dhern\u00fdmi scen\u00e9riemi,&nbsp;kde se tmav\u00e1 voda jezera Titicaca setk\u00e1v\u00e1 s oblohou a kde tradi\u010dn\u00ed kultura p\u0159e\u017eila po stalet\u00ed t\u00e9m\u011b\u0159 nedot\u010den\u00e1, tak si nezapome\u0148te p\u0159idat Isla del Sol na v\u00e1\u0161 seznam m\u00edst k nav\u0161t\u00edven\u00ed v Bol\u00edvii.<\/p>\n<p style=\"text-align: justify;\"><img loading=\"lazy\" decoding=\"async\" class=\"aligncenter size-full wp-image-7448\" src=\"http:\/\/1001voyagesgourmands.com\/wp-content\/uploads\/2016\/03\/DSC_0966.jpg\" alt=\"Isla del Sol\" width=\"1000\" height=\"662\" srcset=\"https:\/\/1001voyagesgourmands.com\/wp-content\/uploads\/2016\/03\/DSC_0966.jpg 1000w, https:\/\/1001voyagesgourmands.com\/wp-content\/uploads\/2016\/03\/DSC_0966-800x530.jpg 800w, https:\/\/1001voyagesgourmands.com\/wp-content\/uploads\/2016\/03\/DSC_0966-300x199.jpg 300w, https:\/\/1001voyagesgourmands.com\/wp-content\/uploads\/2016\/03\/DSC_0966-768x508.jpg 768w, https:\/\/1001voyagesgourmands.com\/wp-content\/uploads\/2016\/03\/DSC_0966-780x516.jpg 780w, https:\/\/1001voyagesgourmands.com\/wp-content\/uploads\/2016\/03\/DSC_0966-585x387.jpg 585w, https:\/\/1001voyagesgourmands.com\/wp-content\/uploads\/2016\/03\/DSC_0966-263x175.jpg 263w\" sizes=\"auto, (max-width: 1000px) 100vw, 1000px\" \/><\/p>\n<p style=\"text-align: justify;\">Na Isla del Sol jsme se dostali b\u011bhem na\u0161eho pobytu v Copacaban\u011b, odkud na ostrov r\u00e1no vyplouvaj\u00ed lo\u010fky a b\u011bhem odpoledne se vrac\u00ed. Po vystoupen\u00ed z lo\u010fky v mini&nbsp;p\u0159\u00edstavu jsme se ocitli na velice poklidn\u00e9m m\u00edst\u011b.&nbsp;Na ostrov\u011b o velikosti 70 km \u010dtvere\u010dn\u00edch s n\u011bjak\u00fdmi 5 tis\u00edci obyvateli toti\u017e nepotk\u00e1te jedin\u00e9 auto, ani motorky &#8211; jedin\u00e1 mo\u017enost, jak prozkoumat ostrov, jsou tedy pouze va\u0161e nohy a s\u00ed\u0165 p\u011b\u0161\u00edch cest, z nich\u017e n\u011bkter\u00e9 kamenn\u00e9 cesty jsou je\u0161t\u011b z doby, kdy ostrov os\u00eddlovali Inkov\u00e9.&nbsp;<\/p>\n<p style=\"text-align: justify;\"><img loading=\"lazy\" decoding=\"async\" class=\"aligncenter size-full wp-image-7444\" src=\"http:\/\/1001voyagesgourmands.com\/wp-content\/uploads\/2016\/03\/DSC_0890.jpg\" alt=\"Isla del Sol\" width=\"1000\" height=\"662\" srcset=\"https:\/\/1001voyagesgourmands.com\/wp-content\/uploads\/2016\/03\/DSC_0890.jpg 1000w, https:\/\/1001voyagesgourmands.com\/wp-content\/uploads\/2016\/03\/DSC_0890-800x530.jpg 800w, https:\/\/1001voyagesgourmands.com\/wp-content\/uploads\/2016\/03\/DSC_0890-300x199.jpg 300w, https:\/\/1001voyagesgourmands.com\/wp-content\/uploads\/2016\/03\/DSC_0890-768x508.jpg 768w, https:\/\/1001voyagesgourmands.com\/wp-content\/uploads\/2016\/03\/DSC_0890-780x516.jpg 780w, https:\/\/1001voyagesgourmands.com\/wp-content\/uploads\/2016\/03\/DSC_0890-585x387.jpg 585w, https:\/\/1001voyagesgourmands.com\/wp-content\/uploads\/2016\/03\/DSC_0890-263x175.jpg 263w\" sizes=\"auto, (max-width: 1000px) 100vw, 1000px\" \/><\/p>\n<p style=\"text-align: justify;\">S pr\u016fvodcem, kter\u00fd na n\u00e1s \u010dekal v m\u00edstn\u00edm mini p\u0159\u00edstavu, jsme se vydali na sever ostrova. Pro\u0161li jsme pl\u00e1\u017e\u00ed, kde se rochnila&nbsp;prasata dom\u00e1c\u00ed, k&nbsp;jak\u00e9si men\u0161\u00ed brance, u kter\u00e9 jsme zaplatili vstupn\u00e9 jedn\u00e9 postar\u0161\u00ed pan\u00ed. Pomysleli jsme si sice n\u011bco o &#8222;vyd\u0159idu\u0161\u00edch&#8220;, jeliko\u017e to nebyl nijak\u00fd ofici\u00e1ln\u00ed poplatek, ale na druhou stranu \u010d\u00e1stka nebyla nijak z\u00e1vratn\u00e1, tak jsme j\u00ed to ml\u010dky dali. Pokra\u010dovali jsme cestou do kopce, kter\u00e1 se t\u00e1hla mezi dome\u010dky m\u00edstn\u00edch, kde na zahr\u00e1dk\u00e1ch pracovali m\u00edstn\u00ed a p\u00e1sly se tam ovce, prasata a sem tam p\u00e1r osl\u016f, dokonce jsme vid\u011bli i jednu kr\u00e1vu v jednom nedostav\u011bn\u00e9m domku. Ve svaz\u00edch&nbsp;na zem\u011bd\u011blsk\u00fdch teras\u00e1ch, kter\u00e9 pravd\u011bpodobn\u011b takt\u00e9\u017e poch\u00e1zej\u00ed z dob Ink\u016f,&nbsp;m\u00edstn\u00ed p\u011bstuj\u00ed quinou, brambory a dal\u0161\u00ed d\u016fle\u017eit\u00e9 plodiny pro m\u00edstn\u00ed ob\u017eivu.<\/p>\n<p style=\"text-align: justify;\"><img loading=\"lazy\" decoding=\"async\" class=\"aligncenter size-full wp-image-7438\" src=\"http:\/\/1001voyagesgourmands.com\/wp-content\/uploads\/2016\/03\/DSC_0874.jpg\" alt=\"Isla del Sol\" width=\"1000\" height=\"662\" srcset=\"https:\/\/1001voyagesgourmands.com\/wp-content\/uploads\/2016\/03\/DSC_0874.jpg 1000w, https:\/\/1001voyagesgourmands.com\/wp-content\/uploads\/2016\/03\/DSC_0874-800x530.jpg 800w, https:\/\/1001voyagesgourmands.com\/wp-content\/uploads\/2016\/03\/DSC_0874-300x199.jpg 300w, https:\/\/1001voyagesgourmands.com\/wp-content\/uploads\/2016\/03\/DSC_0874-768x508.jpg 768w, https:\/\/1001voyagesgourmands.com\/wp-content\/uploads\/2016\/03\/DSC_0874-780x516.jpg 780w, https:\/\/1001voyagesgourmands.com\/wp-content\/uploads\/2016\/03\/DSC_0874-585x387.jpg 585w, https:\/\/1001voyagesgourmands.com\/wp-content\/uploads\/2016\/03\/DSC_0874-263x175.jpg 263w\" sizes=\"auto, (max-width: 1000px) 100vw, 1000px\" \/><\/p>\n<p style=\"text-align: justify;\"><img loading=\"lazy\" decoding=\"async\" class=\"aligncenter size-full wp-image-7460\" src=\"http:\/\/1001voyagesgourmands.com\/wp-content\/uploads\/2016\/03\/DSC_0883.jpg\" alt=\"Isla del Sol\" width=\"1000\" height=\"662\" srcset=\"https:\/\/1001voyagesgourmands.com\/wp-content\/uploads\/2016\/03\/DSC_0883.jpg 1000w, https:\/\/1001voyagesgourmands.com\/wp-content\/uploads\/2016\/03\/DSC_0883-800x530.jpg 800w, https:\/\/1001voyagesgourmands.com\/wp-content\/uploads\/2016\/03\/DSC_0883-300x199.jpg 300w, https:\/\/1001voyagesgourmands.com\/wp-content\/uploads\/2016\/03\/DSC_0883-768x508.jpg 768w, https:\/\/1001voyagesgourmands.com\/wp-content\/uploads\/2016\/03\/DSC_0883-780x516.jpg 780w, https:\/\/1001voyagesgourmands.com\/wp-content\/uploads\/2016\/03\/DSC_0883-585x387.jpg 585w, https:\/\/1001voyagesgourmands.com\/wp-content\/uploads\/2016\/03\/DSC_0883-263x175.jpg 263w\" sizes=\"auto, (max-width: 1000px) 100vw, 1000px\" \/><\/p>\n<p style=\"text-align: justify;\"><img loading=\"lazy\" decoding=\"async\" class=\"aligncenter size-full wp-image-7478\" src=\"http:\/\/1001voyagesgourmands.com\/wp-content\/uploads\/2016\/03\/DSC_0888-1.jpg\" alt=\"Isla del Sol\" width=\"993\" height=\"662\" srcset=\"https:\/\/1001voyagesgourmands.com\/wp-content\/uploads\/2016\/03\/DSC_0888-1.jpg 993w, https:\/\/1001voyagesgourmands.com\/wp-content\/uploads\/2016\/03\/DSC_0888-1-300x200.jpg 300w, https:\/\/1001voyagesgourmands.com\/wp-content\/uploads\/2016\/03\/DSC_0888-1-768x512.jpg 768w, https:\/\/1001voyagesgourmands.com\/wp-content\/uploads\/2016\/03\/DSC_0888-1-585x390.jpg 585w, https:\/\/1001voyagesgourmands.com\/wp-content\/uploads\/2016\/03\/DSC_0888-1-263x175.jpg 263w\" sizes=\"auto, (max-width: 993px) 100vw, 993px\" \/><\/p>\n<p style=\"text-align: justify;\"><img loading=\"lazy\" decoding=\"async\" class=\"aligncenter size-full wp-image-7440\" src=\"http:\/\/1001voyagesgourmands.com\/wp-content\/uploads\/2016\/03\/DSC_0879.jpg\" alt=\"Isla del Sol\" width=\"1000\" height=\"662\" srcset=\"https:\/\/1001voyagesgourmands.com\/wp-content\/uploads\/2016\/03\/DSC_0879.jpg 1000w, https:\/\/1001voyagesgourmands.com\/wp-content\/uploads\/2016\/03\/DSC_0879-800x530.jpg 800w, https:\/\/1001voyagesgourmands.com\/wp-content\/uploads\/2016\/03\/DSC_0879-300x199.jpg 300w, https:\/\/1001voyagesgourmands.com\/wp-content\/uploads\/2016\/03\/DSC_0879-768x508.jpg 768w, https:\/\/1001voyagesgourmands.com\/wp-content\/uploads\/2016\/03\/DSC_0879-780x516.jpg 780w, https:\/\/1001voyagesgourmands.com\/wp-content\/uploads\/2016\/03\/DSC_0879-585x387.jpg 585w, https:\/\/1001voyagesgourmands.com\/wp-content\/uploads\/2016\/03\/DSC_0879-263x175.jpg 263w\" sizes=\"auto, (max-width: 1000px) 100vw, 1000px\" \/><\/p>\n<p style=\"text-align: justify;\">Cel\u00fd ostrov je \u00fa\u017easnou hrou barev p\u0159\u00edrody &#8211; tmav\u011b modr\u00e1 voda jezera Titicaca vytv\u00e1\u0159\u00ed p\u011bkn\u00fd kontrast se zelenou a okrovou barvou p\u016fdy a v n\u011bkter\u00fdch z\u00e1tok\u00e1ch p\u0159ech\u00e1z\u00ed v t\u00e9m\u011b\u0159 tyrkysovou barvu a t\u00edm p\u0159ipom\u00edn\u00e1 ostrovy v evropsk\u00e9m St\u0159edozemn\u00edm mo\u0159i.<\/p>\n<p style=\"text-align: justify;\"><img loading=\"lazy\" decoding=\"async\" class=\"aligncenter wp-image-7427\" src=\"http:\/\/1001voyagesgourmands.com\/wp-content\/uploads\/2016\/03\/Isla_del_Sol_4-1024x678.jpg\" alt=\"Isla_del_Sol_4\" width=\"821\" height=\"543\" srcset=\"https:\/\/1001voyagesgourmands.com\/wp-content\/uploads\/2016\/03\/Isla_del_Sol_4.jpg 1024w, https:\/\/1001voyagesgourmands.com\/wp-content\/uploads\/2016\/03\/Isla_del_Sol_4-800x530.jpg 800w, https:\/\/1001voyagesgourmands.com\/wp-content\/uploads\/2016\/03\/Isla_del_Sol_4-300x199.jpg 300w, https:\/\/1001voyagesgourmands.com\/wp-content\/uploads\/2016\/03\/Isla_del_Sol_4-768x509.jpg 768w, https:\/\/1001voyagesgourmands.com\/wp-content\/uploads\/2016\/03\/Isla_del_Sol_4-780x516.jpg 780w, https:\/\/1001voyagesgourmands.com\/wp-content\/uploads\/2016\/03\/Isla_del_Sol_4-585x387.jpg 585w, https:\/\/1001voyagesgourmands.com\/wp-content\/uploads\/2016\/03\/Isla_del_Sol_4-263x175.jpg 263w\" sizes=\"auto, (max-width: 821px) 100vw, 821px\" \/><\/p>\n<p style=\"text-align: justify;\"><img loading=\"lazy\" decoding=\"async\" class=\"aligncenter size-full wp-image-7450\" src=\"http:\/\/1001voyagesgourmands.com\/wp-content\/uploads\/2016\/03\/DSC_0971.jpg\" alt=\"Isla del Sol\" width=\"1000\" height=\"662\" srcset=\"https:\/\/1001voyagesgourmands.com\/wp-content\/uploads\/2016\/03\/DSC_0971.jpg 1000w, https:\/\/1001voyagesgourmands.com\/wp-content\/uploads\/2016\/03\/DSC_0971-800x530.jpg 800w, https:\/\/1001voyagesgourmands.com\/wp-content\/uploads\/2016\/03\/DSC_0971-300x199.jpg 300w, https:\/\/1001voyagesgourmands.com\/wp-content\/uploads\/2016\/03\/DSC_0971-768x508.jpg 768w, https:\/\/1001voyagesgourmands.com\/wp-content\/uploads\/2016\/03\/DSC_0971-780x516.jpg 780w, https:\/\/1001voyagesgourmands.com\/wp-content\/uploads\/2016\/03\/DSC_0971-585x387.jpg 585w, https:\/\/1001voyagesgourmands.com\/wp-content\/uploads\/2016\/03\/DSC_0971-263x175.jpg 263w\" sizes=\"auto, (max-width: 1000px) 100vw, 1000px\" \/><\/p>\n<p style=\"text-align: justify;\">Ostrov se nach\u00e1z\u00ed v nadmo\u0159sk\u00e9 v\u00fd\u0161ce kolem 4.000 m a je celkem hornat\u00fd a kamenit\u00fd, tud\u00ed\u017e&nbsp;pohyb po ostrov\u011b byl n\u00e1ro\u010dn\u011bj\u0161\u00ed, ne\u017e jsme si mysleli &#8211;&nbsp;p\u0159i ka\u017ed\u00e9m rychlej\u0161\u00edm pohybu jsme se dost zad\u00fdchali nebo se n\u00e1m motala hlava.&nbsp;V takov\u00fdchto v\u00fd\u0161in\u00e1ch jsme si v\u017edy pom\u00e1hali \u017ev\u00fdk\u00e1n\u00edm kokov\u00fdch list\u016f a men\u0161\u00ed hlad jsme zah\u00e1n\u011bli kokov\u00fdmi su\u0161enkami.<\/p>\n<p style=\"text-align: justify;\"><img loading=\"lazy\" decoding=\"async\" class=\"aligncenter wp-image-7429\" src=\"http:\/\/1001voyagesgourmands.com\/wp-content\/uploads\/2016\/03\/Isla_del_Sol_5-1024x678.jpg\" alt=\"Isla_del_Sol_5\" width=\"874\" height=\"578\" srcset=\"https:\/\/1001voyagesgourmands.com\/wp-content\/uploads\/2016\/03\/Isla_del_Sol_5.jpg 1024w, https:\/\/1001voyagesgourmands.com\/wp-content\/uploads\/2016\/03\/Isla_del_Sol_5-800x530.jpg 800w, https:\/\/1001voyagesgourmands.com\/wp-content\/uploads\/2016\/03\/Isla_del_Sol_5-300x199.jpg 300w, https:\/\/1001voyagesgourmands.com\/wp-content\/uploads\/2016\/03\/Isla_del_Sol_5-768x509.jpg 768w, https:\/\/1001voyagesgourmands.com\/wp-content\/uploads\/2016\/03\/Isla_del_Sol_5-780x516.jpg 780w, https:\/\/1001voyagesgourmands.com\/wp-content\/uploads\/2016\/03\/Isla_del_Sol_5-585x387.jpg 585w, https:\/\/1001voyagesgourmands.com\/wp-content\/uploads\/2016\/03\/Isla_del_Sol_5-263x175.jpg 263w\" sizes=\"auto, (max-width: 874px) 100vw, 874px\" \/><\/p>\n<p style=\"text-align: justify;\"><img loading=\"lazy\" decoding=\"async\" class=\"aligncenter size-full wp-image-7452\" src=\"http:\/\/1001voyagesgourmands.com\/wp-content\/uploads\/2016\/03\/DSC_0973.jpg\" alt=\"Isla del Sol\" width=\"1000\" height=\"662\" srcset=\"https:\/\/1001voyagesgourmands.com\/wp-content\/uploads\/2016\/03\/DSC_0973.jpg 1000w, https:\/\/1001voyagesgourmands.com\/wp-content\/uploads\/2016\/03\/DSC_0973-800x530.jpg 800w, https:\/\/1001voyagesgourmands.com\/wp-content\/uploads\/2016\/03\/DSC_0973-300x199.jpg 300w, https:\/\/1001voyagesgourmands.com\/wp-content\/uploads\/2016\/03\/DSC_0973-768x508.jpg 768w, https:\/\/1001voyagesgourmands.com\/wp-content\/uploads\/2016\/03\/DSC_0973-780x516.jpg 780w, https:\/\/1001voyagesgourmands.com\/wp-content\/uploads\/2016\/03\/DSC_0973-585x387.jpg 585w, https:\/\/1001voyagesgourmands.com\/wp-content\/uploads\/2016\/03\/DSC_0973-263x175.jpg 263w\" sizes=\"auto, (max-width: 1000px) 100vw, 1000px\" \/><\/p>\n<p style=\"text-align: justify;\">Kone\u010dn\u011b jsme vylezli na jeden z nejvy\u0161\u0161\u00edch bod\u016f na severu ostrova, kde se nach\u00e1z\u00ed kamenn\u00fd st\u016fl obklopen\u00fd p\u00e1r balvany na sezen\u00ed. <strong>Mesa Cerem\u00f3nica<\/strong>, jak se tak\u00e9 m\u00edstu \u0159\u00edk\u00e1, Ink\u016fm&nbsp;kdysi slou\u017eil jako ob\u0159adn\u00ed m\u00edsto, kde se ob\u011btovala zv\u00ed\u0159ata a lid\u00e9. Dnes&nbsp;tu \u010dasto&nbsp;poklidn\u011b sed\u00ed sva\u010d\u00edc\u00ed turist\u00e9 a kolem na tr\u00e1v\u011b se pasou ovce.<\/p>\n<p style=\"text-align: justify;\"><img loading=\"lazy\" decoding=\"async\" class=\"aligncenter wp-image-7419\" src=\"http:\/\/1001voyagesgourmands.com\/wp-content\/uploads\/2016\/03\/Isla_del_Sol_6-1024x678.jpg\" alt=\"Isla_del_Sol_6\" width=\"866\" height=\"573\" srcset=\"https:\/\/1001voyagesgourmands.com\/wp-content\/uploads\/2016\/03\/Isla_del_Sol_6.jpg 1024w, https:\/\/1001voyagesgourmands.com\/wp-content\/uploads\/2016\/03\/Isla_del_Sol_6-800x530.jpg 800w, https:\/\/1001voyagesgourmands.com\/wp-content\/uploads\/2016\/03\/Isla_del_Sol_6-300x199.jpg 300w, https:\/\/1001voyagesgourmands.com\/wp-content\/uploads\/2016\/03\/Isla_del_Sol_6-768x509.jpg 768w, https:\/\/1001voyagesgourmands.com\/wp-content\/uploads\/2016\/03\/Isla_del_Sol_6-780x516.jpg 780w, https:\/\/1001voyagesgourmands.com\/wp-content\/uploads\/2016\/03\/Isla_del_Sol_6-585x387.jpg 585w, https:\/\/1001voyagesgourmands.com\/wp-content\/uploads\/2016\/03\/Isla_del_Sol_6-263x175.jpg 263w\" sizes=\"auto, (max-width: 866px) 100vw, 866px\" \/><\/p>\n<p style=\"text-align: justify;\"><img loading=\"lazy\" decoding=\"async\" class=\"aligncenter wp-image-7413\" src=\"http:\/\/1001voyagesgourmands.com\/wp-content\/uploads\/2016\/03\/Isla_del_Sol_1-1024x678.jpg\" alt=\"Isla_del_Sol_1\" width=\"781\" height=\"517\" srcset=\"https:\/\/1001voyagesgourmands.com\/wp-content\/uploads\/2016\/03\/Isla_del_Sol_1.jpg 1024w, https:\/\/1001voyagesgourmands.com\/wp-content\/uploads\/2016\/03\/Isla_del_Sol_1-800x530.jpg 800w, https:\/\/1001voyagesgourmands.com\/wp-content\/uploads\/2016\/03\/Isla_del_Sol_1-300x199.jpg 300w, https:\/\/1001voyagesgourmands.com\/wp-content\/uploads\/2016\/03\/Isla_del_Sol_1-768x509.jpg 768w, https:\/\/1001voyagesgourmands.com\/wp-content\/uploads\/2016\/03\/Isla_del_Sol_1-780x516.jpg 780w, https:\/\/1001voyagesgourmands.com\/wp-content\/uploads\/2016\/03\/Isla_del_Sol_1-585x387.jpg 585w, https:\/\/1001voyagesgourmands.com\/wp-content\/uploads\/2016\/03\/Isla_del_Sol_1-263x175.jpg 263w\" sizes=\"auto, (max-width: 781px) 100vw, 781px\" \/><\/p>\n<p style=\"text-align: justify;\">Nedaleko Mesa Cerem\u00f3nica se nach\u00e1z\u00ed&nbsp;jak\u00e1si&nbsp;kamenn\u00e1 sk\u00e1la naz\u00fdvan\u00e1 <strong>Titi Khar&#8217;ka<\/strong> (tak\u00e9 zn\u00e1m\u00e1 jako&nbsp;Sk\u00e1la Pumy), po kter\u00e9 bylo pojmenovan\u00e9 cel\u00e9 jezero Titicaca. N\u00e1\u0161 pr\u016fvodce v n\u00ed tedy vid\u011bl sp\u00ed\u0161e \u017e\u00e1bu a tak\u00e9 mluvil n\u011bco o v\u00fdm\u011bn\u011b energie na tomto m\u00edst\u011b. Tak jsme se ka\u017ed\u00fd op\u0159eli a \u010derpali onu energii. \ud83d\ude42<\/p>\n<p style=\"text-align: justify;\"><img loading=\"lazy\" decoding=\"async\" class=\"aligncenter wp-image-7421\" src=\"http:\/\/1001voyagesgourmands.com\/wp-content\/uploads\/2016\/03\/Isla_del_Sol_7-1024x678.jpg\" alt=\"Isla_del_Sol_7\" width=\"970\" height=\"642\" srcset=\"https:\/\/1001voyagesgourmands.com\/wp-content\/uploads\/2016\/03\/Isla_del_Sol_7.jpg 1024w, https:\/\/1001voyagesgourmands.com\/wp-content\/uploads\/2016\/03\/Isla_del_Sol_7-800x530.jpg 800w, https:\/\/1001voyagesgourmands.com\/wp-content\/uploads\/2016\/03\/Isla_del_Sol_7-300x199.jpg 300w, https:\/\/1001voyagesgourmands.com\/wp-content\/uploads\/2016\/03\/Isla_del_Sol_7-768x509.jpg 768w, https:\/\/1001voyagesgourmands.com\/wp-content\/uploads\/2016\/03\/Isla_del_Sol_7-780x516.jpg 780w, https:\/\/1001voyagesgourmands.com\/wp-content\/uploads\/2016\/03\/Isla_del_Sol_7-585x387.jpg 585w, https:\/\/1001voyagesgourmands.com\/wp-content\/uploads\/2016\/03\/Isla_del_Sol_7-263x175.jpg 263w\" sizes=\"auto, (max-width: 970px) 100vw, 970px\" \/><\/p>\n<p style=\"text-align: justify;\">Od posv\u00e1tn\u00e9 sk\u00e1ly jsme pokra\u010dovali d\u00e1le k ruin\u00e1m <strong>Chinkana<\/strong> (tak\u00e9 zn\u00e1m\u00e9 jako <strong>El Laberinto<\/strong>), kter\u00e9 za Ink\u016f b\u00fdvaly pal\u00e1cem p\u0159\u00edstupn\u00fdm pouze vyvolen\u00fdm a nebo t\u011bm, kte\u0159\u00ed zkr\u00e1tka p\u0159inesli kokov\u00e9 listy (co\u017e by znamenalo, \u017ee korupce existovala i ve vysp\u011bl\u00e9 inck\u00e9 civilizaci). Tekl tu ze zdi mal\u00fd pram\u00ednek, u kter\u00e9ho pr\u016fvodce tvrdil, \u017ee ta voda z v\u00e1s smyje v\u0161e \u0161patn\u00e9. Naplnil tedy jednu lahev a postupn\u011b n\u00e1m ka\u017ed\u00e9mu nalil trochu do dlan\u00ed, abychom si omyli obli\u010dej.&nbsp;\ud83d\ude42<\/p>\n<p style=\"text-align: justify;\"><img loading=\"lazy\" decoding=\"async\" class=\"aligncenter wp-image-7482\" src=\"http:\/\/1001voyagesgourmands.com\/wp-content\/uploads\/2016\/03\/DSC_0923_postcard-1024x711.jpg\" alt=\"Isla del Sol\" width=\"791\" height=\"550\" srcset=\"https:\/\/1001voyagesgourmands.com\/wp-content\/uploads\/2016\/03\/DSC_0923_postcard-1024x711.jpg 1024w, https:\/\/1001voyagesgourmands.com\/wp-content\/uploads\/2016\/03\/DSC_0923_postcard-300x208.jpg 300w, https:\/\/1001voyagesgourmands.com\/wp-content\/uploads\/2016\/03\/DSC_0923_postcard-768x533.jpg 768w, https:\/\/1001voyagesgourmands.com\/wp-content\/uploads\/2016\/03\/DSC_0923_postcard-1170x813.jpg 1170w, https:\/\/1001voyagesgourmands.com\/wp-content\/uploads\/2016\/03\/DSC_0923_postcard-1920x1333.jpg 1920w, https:\/\/1001voyagesgourmands.com\/wp-content\/uploads\/2016\/03\/DSC_0923_postcard-585x406.jpg 585w, https:\/\/1001voyagesgourmands.com\/wp-content\/uploads\/2016\/03\/DSC_0923_postcard.jpg 2016w\" sizes=\"auto, (max-width: 791px) 100vw, 791px\" \/><\/p>\n<p style=\"text-align: justify;\"><img loading=\"lazy\" decoding=\"async\" class=\"aligncenter wp-image-7423\" src=\"http:\/\/1001voyagesgourmands.com\/wp-content\/uploads\/2016\/03\/Isla_del_Sol_8-1024x678.jpg\" alt=\"Isla_del_Sol_8\" width=\"868\" height=\"574\" srcset=\"https:\/\/1001voyagesgourmands.com\/wp-content\/uploads\/2016\/03\/Isla_del_Sol_8.jpg 1024w, https:\/\/1001voyagesgourmands.com\/wp-content\/uploads\/2016\/03\/Isla_del_Sol_8-800x530.jpg 800w, https:\/\/1001voyagesgourmands.com\/wp-content\/uploads\/2016\/03\/Isla_del_Sol_8-300x199.jpg 300w, https:\/\/1001voyagesgourmands.com\/wp-content\/uploads\/2016\/03\/Isla_del_Sol_8-768x509.jpg 768w, https:\/\/1001voyagesgourmands.com\/wp-content\/uploads\/2016\/03\/Isla_del_Sol_8-780x516.jpg 780w, https:\/\/1001voyagesgourmands.com\/wp-content\/uploads\/2016\/03\/Isla_del_Sol_8-585x387.jpg 585w, https:\/\/1001voyagesgourmands.com\/wp-content\/uploads\/2016\/03\/Isla_del_Sol_8-263x175.jpg 263w\" sizes=\"auto, (max-width: 868px) 100vw, 868px\" \/><\/p>\n<p style=\"text-align: justify;\">Pot\u00e9 jsme m\u011bli na v\u00fdb\u011br: bu\u010f si d\u00e1me t\u0159\u00edhodinov\u00fd pochod na jih ostrova, kde n\u00e1s lo\u010f vyzvedne za 2 a p\u016fl hodiny, nebo se se klidn\u011b a kochaj\u00edce s krajinou vr\u00e1tit do p\u0159\u00edstavu, odkud m\u011bla vyplout lo\u010fka na jih ostrova a posb\u00edrat ostatn\u00ed, kte\u0159\u00ed se rozhodli pro&nbsp;t\u0159\u00edhodinov\u00fd&nbsp;pochod zkr\u00e1cen\u00fd do dvou a p\u016fl hodiny. S v\u011bt\u0161inou ze skupiny jsme volili druhou mo\u017enost m\u00edsto riskov\u00e1n\u00ed, \u017ee n\u00e1m lo\u010f ujede (to jsme je\u0161t\u011b nev\u011bd\u011bli, \u017ee osud tomu cht\u011bl a lo\u010f n\u00e1m m\u011bla ujet tak&nbsp;jako tak). A tak jsme se ve dvou kochali krajinou, fotili a pozorovali \u017eivot ve vesni\u010dce <strong>Challapampa<\/strong>.<\/p>\n<p style=\"text-align: justify;\"><img loading=\"lazy\" decoding=\"async\" class=\"aligncenter size-full wp-image-7468\" src=\"http:\/\/1001voyagesgourmands.com\/wp-content\/uploads\/2016\/03\/DSC_0959.jpg\" alt=\"Isla del Sol\" width=\"971\" height=\"662\" srcset=\"https:\/\/1001voyagesgourmands.com\/wp-content\/uploads\/2016\/03\/DSC_0959.jpg 971w, https:\/\/1001voyagesgourmands.com\/wp-content\/uploads\/2016\/03\/DSC_0959-300x205.jpg 300w, https:\/\/1001voyagesgourmands.com\/wp-content\/uploads\/2016\/03\/DSC_0959-768x524.jpg 768w, https:\/\/1001voyagesgourmands.com\/wp-content\/uploads\/2016\/03\/DSC_0959-585x399.jpg 585w\" sizes=\"auto, (max-width: 971px) 100vw, 971px\" \/><\/p>\n<p style=\"text-align: justify;\"><img loading=\"lazy\" decoding=\"async\" class=\"aligncenter wp-image-7431\" src=\"http:\/\/1001voyagesgourmands.com\/wp-content\/uploads\/2016\/03\/Isla_del_Sol_2-1024x678.jpg\" alt=\"Isla_del_Sol_2\" width=\"883\" height=\"584\" srcset=\"https:\/\/1001voyagesgourmands.com\/wp-content\/uploads\/2016\/03\/Isla_del_Sol_2.jpg 1024w, https:\/\/1001voyagesgourmands.com\/wp-content\/uploads\/2016\/03\/Isla_del_Sol_2-800x530.jpg 800w, https:\/\/1001voyagesgourmands.com\/wp-content\/uploads\/2016\/03\/Isla_del_Sol_2-300x199.jpg 300w, https:\/\/1001voyagesgourmands.com\/wp-content\/uploads\/2016\/03\/Isla_del_Sol_2-768x509.jpg 768w, https:\/\/1001voyagesgourmands.com\/wp-content\/uploads\/2016\/03\/Isla_del_Sol_2-780x516.jpg 780w, https:\/\/1001voyagesgourmands.com\/wp-content\/uploads\/2016\/03\/Isla_del_Sol_2-585x387.jpg 585w, https:\/\/1001voyagesgourmands.com\/wp-content\/uploads\/2016\/03\/Isla_del_Sol_2-263x175.jpg 263w\" sizes=\"auto, (max-width: 883px) 100vw, 883px\" \/><\/p>\n<p style=\"text-align: justify;\">Cestou jsme potkali p\u00e1r m\u00edstn\u00edch &#8211; \u017eeny nesouc\u00ed na z\u00e1dech barevn\u00e9 deky napln\u011bn\u00e9 nejsp\u00ed\u0161 vlnou nebo j\u00eddlem a za ch\u016fze p\u0159edouc\u00edch vlnu, mu\u017ee pracuj\u00edc\u00ed na zahrad\u00e1ch a staraj\u00edc\u00ed se o zv\u00ed\u0159ata. Ve vesni\u010dce jsme pak zkou\u0161eli pou\u017e\u00edvat nau\u010den\u00e9 aymarsk\u00e9 fr\u00e1ze od pr\u016fvodce, \u010d\u00edm\u017e jsme m\u00edstn\u00ed trochu zasko\u010dili. Nicm\u00e9n\u011b&nbsp;byli velice mil\u00ed a odpov\u00eddali nazp\u00e1tek, to jsme se v\u0161ak ji\u017e nechytali, tak jsme se usm\u00e1li, rozlou\u010dili a \u0161li d\u00e1l&#8230;<\/p>\n<p style=\"text-align: justify;\"><img loading=\"lazy\" decoding=\"async\" class=\"aligncenter wp-image-7415\" src=\"http:\/\/1001voyagesgourmands.com\/wp-content\/uploads\/2016\/03\/Isla_del_Sol_9-1024x678.jpg\" alt=\"Isla_del_Sol_9\" width=\"902\" height=\"597\" srcset=\"https:\/\/1001voyagesgourmands.com\/wp-content\/uploads\/2016\/03\/Isla_del_Sol_9.jpg 1024w, https:\/\/1001voyagesgourmands.com\/wp-content\/uploads\/2016\/03\/Isla_del_Sol_9-800x530.jpg 800w, https:\/\/1001voyagesgourmands.com\/wp-content\/uploads\/2016\/03\/Isla_del_Sol_9-300x199.jpg 300w, https:\/\/1001voyagesgourmands.com\/wp-content\/uploads\/2016\/03\/Isla_del_Sol_9-768x509.jpg 768w, https:\/\/1001voyagesgourmands.com\/wp-content\/uploads\/2016\/03\/Isla_del_Sol_9-780x516.jpg 780w, https:\/\/1001voyagesgourmands.com\/wp-content\/uploads\/2016\/03\/Isla_del_Sol_9-585x387.jpg 585w, https:\/\/1001voyagesgourmands.com\/wp-content\/uploads\/2016\/03\/Isla_del_Sol_9-263x175.jpg 263w\" sizes=\"auto, (max-width: 902px) 100vw, 902px\" \/><\/p>\n<p style=\"text-align: justify;\"><img loading=\"lazy\" decoding=\"async\" class=\"aligncenter size-full wp-image-7470\" src=\"http:\/\/1001voyagesgourmands.com\/wp-content\/uploads\/2016\/03\/DSC_0993-1.jpg\" alt=\"Isla del Sol\" width=\"1000\" height=\"662\" srcset=\"https:\/\/1001voyagesgourmands.com\/wp-content\/uploads\/2016\/03\/DSC_0993-1.jpg 1000w, https:\/\/1001voyagesgourmands.com\/wp-content\/uploads\/2016\/03\/DSC_0993-1-800x530.jpg 800w, https:\/\/1001voyagesgourmands.com\/wp-content\/uploads\/2016\/03\/DSC_0993-1-300x199.jpg 300w, https:\/\/1001voyagesgourmands.com\/wp-content\/uploads\/2016\/03\/DSC_0993-1-768x508.jpg 768w, https:\/\/1001voyagesgourmands.com\/wp-content\/uploads\/2016\/03\/DSC_0993-1-780x516.jpg 780w, https:\/\/1001voyagesgourmands.com\/wp-content\/uploads\/2016\/03\/DSC_0993-1-585x387.jpg 585w, https:\/\/1001voyagesgourmands.com\/wp-content\/uploads\/2016\/03\/DSC_0993-1-263x175.jpg 263w\" sizes=\"auto, (max-width: 1000px) 100vw, 1000px\" \/><\/p>\n<p style=\"text-align: justify;\"><img loading=\"lazy\" decoding=\"async\" class=\"aligncenter wp-image-7474\" src=\"http:\/\/1001voyagesgourmands.com\/wp-content\/uploads\/2016\/03\/DSC_0853_postcard-1024x711.jpg\" alt=\"Isla del Sol\" width=\"873\" height=\"607\" srcset=\"https:\/\/1001voyagesgourmands.com\/wp-content\/uploads\/2016\/03\/DSC_0853_postcard-1024x711.jpg 1024w, https:\/\/1001voyagesgourmands.com\/wp-content\/uploads\/2016\/03\/DSC_0853_postcard-300x208.jpg 300w, https:\/\/1001voyagesgourmands.com\/wp-content\/uploads\/2016\/03\/DSC_0853_postcard-768x533.jpg 768w, https:\/\/1001voyagesgourmands.com\/wp-content\/uploads\/2016\/03\/DSC_0853_postcard-1170x813.jpg 1170w, https:\/\/1001voyagesgourmands.com\/wp-content\/uploads\/2016\/03\/DSC_0853_postcard-1920x1333.jpg 1920w, https:\/\/1001voyagesgourmands.com\/wp-content\/uploads\/2016\/03\/DSC_0853_postcard-585x406.jpg 585w, https:\/\/1001voyagesgourmands.com\/wp-content\/uploads\/2016\/03\/DSC_0853_postcard.jpg 2016w\" sizes=\"auto, (max-width: 873px) 100vw, 873px\" \/><\/p>\n<p style=\"text-align: justify;\">&#8230;A\u017e jsme do\u0161li do p\u0159\u00edstavu, kde ji\u017e nikdo ze skupinky nebyl, pouze n\u011bkolik pr\u00e1zdn\u00fdch b\u00e1rek. Bylo n\u00e1m to divn\u00e9, a tak jsme zkontrolovali na tabuli hodiny odjezdu lod\u00ed a zjistili jsme, \u017ee ta na\u0161e odsud ji\u017e odjela a v hodinu odjezdu, se kterou jsme p\u016fvodn\u011b po\u010d\u00edtali, m\u011bla ji\u017e odj\u00ed\u017ed\u011bt z jihu ostrova a ne ze severu, co\u017e jsme tedy n\u011bjak popletli. Nikde nikdo, a tak jsme se rozhodli nav\u0161t\u00edvit p\u00e1r m\u00edstn\u00edch a poprosit je, zda by n\u00e1s n\u011bkdo neodvezl svou b\u00e1rkou na jih ostrova. V jedn\u00e9 restauraci sed\u011bl p\u00e1n, kter\u00fd kv\u016fli n\u00e1m ani nedojedl svou pol\u00e9vku, a za n\u011bjak\u00fdch 200 bolivian\u016f se vydal pro svou lo\u010fku, aby n\u00e1s v rychlosti dopravil na jih, kde jsme jen tak tak stihli na\u0161\u00ed lo\u010f zp\u011bt do Copacabany.<\/p>\n<p><img loading=\"lazy\" decoding=\"async\" class=\"aligncenter size-full wp-image-7456\" src=\"http:\/\/1001voyagesgourmands.com\/wp-content\/uploads\/2016\/03\/DSC_1000.jpg\" alt=\"Isla del Sol\" width=\"1000\" height=\"662\" srcset=\"https:\/\/1001voyagesgourmands.com\/wp-content\/uploads\/2016\/03\/DSC_1000.jpg 1000w, https:\/\/1001voyagesgourmands.com\/wp-content\/uploads\/2016\/03\/DSC_1000-800x530.jpg 800w, https:\/\/1001voyagesgourmands.com\/wp-content\/uploads\/2016\/03\/DSC_1000-300x199.jpg 300w, https:\/\/1001voyagesgourmands.com\/wp-content\/uploads\/2016\/03\/DSC_1000-768x508.jpg 768w, https:\/\/1001voyagesgourmands.com\/wp-content\/uploads\/2016\/03\/DSC_1000-780x516.jpg 780w, https:\/\/1001voyagesgourmands.com\/wp-content\/uploads\/2016\/03\/DSC_1000-585x387.jpg 585w, https:\/\/1001voyagesgourmands.com\/wp-content\/uploads\/2016\/03\/DSC_1000-263x175.jpg 263w\" sizes=\"auto, (max-width: 1000px) 100vw, 1000px\" \/><\/p>\n<p style=\"text-align: justify;\">Hlavn\u00ed ekonomickou aktivitou ostrova Isla del Sol je farma\u0159en\u00ed, rybolov a ru\u010dn\u011b vyr\u00e1b\u011bn\u00e9 p\u0159edm\u011bty, ale v posledn\u00ed dob\u011b i cestovn\u00ed ruch. Je tu p\u00e1r restaurac\u00ed, kde m\u016f\u017eete ochutnat zdej\u0161\u00ed typick\u00e9 pokrmy jako <strong>pol\u00e9vku z quinoi<\/strong> nebo velik\u00e9ho <strong>pstruha<\/strong> vyloven\u00e9ho p\u0159\u00edmo v jeze\u0159e Titicaca. Ur\u010dit\u011b si dejte \u010daj z koky (zde se mu \u0159\u00edk\u00e1 &#8222;<strong>soroche<\/strong>&#8222;), kter\u00fd pom\u00e1h\u00e1 p\u0159i nemoci z v\u00fd\u0161ek. Pokud byste tu r\u00e1di str\u00e1vili cel\u00fd den \u010di dva a m\u00edt tak dostatek \u010dasu na prozkoum\u00e1n\u00ed cel\u00e9ho ostrova a dal\u0161\u00edch inck\u00fdch ruin (kter\u00fdch tu je&nbsp;n\u011bkolik des\u00edtek), najdete tu dokonce n\u011bkolik ubytovac\u00edch za\u0159\u00edzen\u00ed.&nbsp;<\/p>\n<p style=\"text-align: justify;\"><img loading=\"lazy\" decoding=\"async\" class=\"aligncenter wp-image-7417\" src=\"http:\/\/1001voyagesgourmands.com\/wp-content\/uploads\/2016\/03\/Isla_del_Sol_10-1024x678.jpg\" alt=\"Isla_del_Sol_10\" width=\"851\" height=\"563\" srcset=\"https:\/\/1001voyagesgourmands.com\/wp-content\/uploads\/2016\/03\/Isla_del_Sol_10.jpg 1024w, https:\/\/1001voyagesgourmands.com\/wp-content\/uploads\/2016\/03\/Isla_del_Sol_10-800x530.jpg 800w, https:\/\/1001voyagesgourmands.com\/wp-content\/uploads\/2016\/03\/Isla_del_Sol_10-300x199.jpg 300w, https:\/\/1001voyagesgourmands.com\/wp-content\/uploads\/2016\/03\/Isla_del_Sol_10-768x509.jpg 768w, https:\/\/1001voyagesgourmands.com\/wp-content\/uploads\/2016\/03\/Isla_del_Sol_10-780x516.jpg 780w, https:\/\/1001voyagesgourmands.com\/wp-content\/uploads\/2016\/03\/Isla_del_Sol_10-585x387.jpg 585w, https:\/\/1001voyagesgourmands.com\/wp-content\/uploads\/2016\/03\/Isla_del_Sol_10-263x175.jpg 263w\" sizes=\"auto, (max-width: 851px) 100vw, 851px\" \/><\/p>\n<p style=\"text-align: justify;\"><img loading=\"lazy\" decoding=\"async\" class=\"aligncenter size-full wp-image-7480\" src=\"http:\/\/1001voyagesgourmands.com\/wp-content\/uploads\/2016\/03\/DSC_1005.jpg\" alt=\"Isla del Sol\" width=\"1000\" height=\"662\" srcset=\"https:\/\/1001voyagesgourmands.com\/wp-content\/uploads\/2016\/03\/DSC_1005.jpg 1000w, https:\/\/1001voyagesgourmands.com\/wp-content\/uploads\/2016\/03\/DSC_1005-800x530.jpg 800w, https:\/\/1001voyagesgourmands.com\/wp-content\/uploads\/2016\/03\/DSC_1005-300x199.jpg 300w, https:\/\/1001voyagesgourmands.com\/wp-content\/uploads\/2016\/03\/DSC_1005-768x508.jpg 768w, https:\/\/1001voyagesgourmands.com\/wp-content\/uploads\/2016\/03\/DSC_1005-780x516.jpg 780w, https:\/\/1001voyagesgourmands.com\/wp-content\/uploads\/2016\/03\/DSC_1005-585x387.jpg 585w, https:\/\/1001voyagesgourmands.com\/wp-content\/uploads\/2016\/03\/DSC_1005-263x175.jpg 263w\" sizes=\"auto, (max-width: 1000px) 100vw, 1000px\" \/><\/p>\n<p style=\"text-align: justify;\">I kdy\u017e jsme nem\u011bli mo\u017enost porovnat s peru\u00e1nskou stranou jezera Titicaca, z Isla del Sol jsme byli nad\u0161en\u00ed. Byl to kr\u00e1sn\u011b str\u00e1ven\u00fd den v p\u0159\u00edrod\u011b s p\u0159\u00edjemn\u00fdmi lidmi nezka\u017een\u00fdmi civilizac\u00ed.<\/p>\n<p style=\"text-align: justify;\"><em>Nem\u011bl jste n\u011bkdo mo\u017enost nav\u0161t\u00edvit ob\u011b strany jezera Titicaca &#8211; peru\u00e1nskou i bolivijskou? Zaj\u00edmalo by m\u011b, jak\u00e1 se v\u00e1m v\u00edce l\u00edbila a pro\u010d?&nbsp;<\/em><\/p>\n<p style=\"text-align: center;\"><strong>L\u00edbil se v\u00e1m \u010dl\u00e1nek? <\/strong><\/p>\n<p style=\"text-align: center;\"><strong>Ulo\u017ete si ho na Pinterestu nebo ho sd\u00edlejte na soci\u00e1ln\u00edch s\u00edt\u00edch! \ud83d\ude42&nbsp;<\/strong><\/p>\n<p style=\"text-align: justify;\"><img loading=\"lazy\" decoding=\"async\" class=\"aligncenter  wp-image-14962\" src=\"http:\/\/1001voyagesgourmands.com\/wp-content\/uploads\/2016\/03\/Isla-del-Sol_PIN-683x1024.jpg\" alt=\"Ostrov Isla del Sol je pova\u017eov\u00e1n za svat\u00fd proto\u017ee podle inck\u00e9 legendy se tu zrodilo slunce a tak\u00e9 odsud pr\u00fd poch\u00e1zeli prvn\u00ed inkov\u00e9.\" width=\"499\" height=\"748\" srcset=\"https:\/\/1001voyagesgourmands.com\/wp-content\/uploads\/2016\/03\/Isla-del-Sol_PIN-683x1024.jpg 683w, https:\/\/1001voyagesgourmands.com\/wp-content\/uploads\/2016\/03\/Isla-del-Sol_PIN-200x300.jpg 200w, https:\/\/1001voyagesgourmands.com\/wp-content\/uploads\/2016\/03\/Isla-del-Sol_PIN-585x877.jpg 585w, https:\/\/1001voyagesgourmands.com\/wp-content\/uploads\/2016\/03\/Isla-del-Sol_PIN.jpg 735w\" sizes=\"auto, (max-width: 499px) 100vw, 499px\" \/><\/p>\n","protected":false},"excerpt":{"rendered":"<p>Isla del Sol je n\u00e1dhern\u00fd ostrov na bolivijsk\u00e9 stran\u011b jezera Titicaca, nejv\u00fd\u0161e polo\u017een\u00e9ho splavn\u00e9ho jezera na sv\u011bt\u011b. Ostrov je pova\u017eov\u00e1n za svat\u00fd proto\u017ee podle inck\u00e9 legendy se tu zrodilo slunce (jak ji\u017e jeho n\u00e1zev napov\u00edd\u00e1) a tak\u00e9 odsud pr\u00fd poch\u00e1zeli prvn\u00ed Inkov\u00e9. Pokud m\u00e1te r\u00e1di v\u00fdlety do p\u0159\u00edrody s n\u00e1dhern\u00fdmi&hellip;<\/p>\n","protected":false},"author":1,"featured_media":7487,"comment_status":"open","ping_status":"open","sticky":false,"template":"","format":"standard","meta":{"_exactmetrics_skip_tracking":false,"_exactmetrics_sitenote_active":false,"_exactmetrics_sitenote_note":"","_exactmetrics_sitenote_category":0,"_lmt_disableupdate":"","_lmt_disable":"","footnotes":""},"categories":[389,4],"tags":[390,421,376,372],"class_list":["post-7400","post","type-post","status-publish","format-standard","has-post-thumbnail","hentry","category-bolivie","category-cestovani","tag-bolivie","tag-jezero-titicaca","tag-jizni-amerika","tag-vylety-do-prirody"],"yoast_head":"<!-- This site is optimized with the Yoast SEO plugin v26.1.1 - https:\/\/yoast.com\/wordpress\/plugins\/seo\/ -->\n<title>Posv\u00e1tn\u00fd ostrov Isla del Sol - 1001 Voyages Gourmands<\/title>\n<meta name=\"description\" content=\"Ostrov Isla del Sol je pova\u017eov\u00e1n za svat\u00fd proto\u017ee podle inck\u00e9 legendy se tu zrodilo slunce a tak\u00e9 odsud pr\u00fd poch\u00e1zeli prvn\u00ed inkov\u00e9.\" \/>\n<meta name=\"robots\" content=\"index, follow, max-snippet:-1, max-image-preview:large, max-video-preview:-1\" \/>\n<link rel=\"canonical\" href=\"https:\/\/1001voyagesgourmands.com\/cs\/posvatny-ostrov-isla-del-sol\/\" \/>\n<meta property=\"og:locale\" content=\"cs_CZ\" \/>\n<meta property=\"og:type\" content=\"article\" \/>\n<meta property=\"og:title\" content=\"Posv\u00e1tn\u00fd ostrov Isla del Sol - 1001 Voyages Gourmands\" \/>\n<meta property=\"og:description\" content=\"Ostrov Isla del Sol je pova\u017eov\u00e1n za svat\u00fd proto\u017ee podle inck\u00e9 legendy se tu zrodilo slunce a tak\u00e9 odsud pr\u00fd poch\u00e1zeli prvn\u00ed inkov\u00e9.\" \/>\n<meta property=\"og:url\" content=\"https:\/\/1001voyagesgourmands.com\/cs\/posvatny-ostrov-isla-del-sol\/\" \/>\n<meta property=\"og:site_name\" content=\"1001 Voyages Gourmands\" \/>\n<meta property=\"article:publisher\" content=\"https:\/\/www.facebook.com\/1001voyagesgourmands\" \/>\n<meta property=\"article:published_time\" content=\"2016-03-30T08:00:50+00:00\" \/>\n<meta property=\"article:modified_time\" content=\"2017-01-31T20:12:14+00:00\" \/>\n<meta property=\"og:image\" content=\"https:\/\/1001voyagesgourmands.com\/wp-content\/uploads\/2016\/03\/DSC_0897.jpg\" \/>\n\t<meta property=\"og:image:width\" content=\"1000\" \/>\n\t<meta property=\"og:image:height\" content=\"662\" \/>\n\t<meta property=\"og:image:type\" content=\"image\/jpeg\" \/>\n<meta name=\"author\" content=\"Michaela\" \/>\n<meta name=\"twitter:card\" content=\"summary_large_image\" \/>\n<meta name=\"twitter:creator\" content=\"@michaela_1001vg\" \/>\n<meta name=\"twitter:site\" content=\"@michaela_1001vg\" \/>\n<meta name=\"twitter:label1\" content=\"Napsal(a)\" \/>\n\t<meta name=\"twitter:data1\" content=\"Michaela\" \/>\n\t<meta name=\"twitter:label2\" content=\"Odhadovan\u00e1 doba \u010dten\u00ed\" \/>\n\t<meta name=\"twitter:data2\" content=\"7 minut\" \/>\n<script type=\"application\/ld+json\" class=\"yoast-schema-graph\">{\"@context\":\"https:\/\/schema.org\",\"@graph\":[{\"@type\":\"WebPage\",\"@id\":\"https:\/\/1001voyagesgourmands.com\/cs\/posvatny-ostrov-isla-del-sol\/\",\"url\":\"https:\/\/1001voyagesgourmands.com\/cs\/posvatny-ostrov-isla-del-sol\/\",\"name\":\"Posv\u00e1tn\u00fd ostrov Isla del Sol - 1001 Voyages Gourmands\",\"isPartOf\":{\"@id\":\"https:\/\/1001voyagesgourmands.com\/cs\/#website\"},\"primaryImageOfPage\":{\"@id\":\"https:\/\/1001voyagesgourmands.com\/cs\/posvatny-ostrov-isla-del-sol\/#primaryimage\"},\"image\":{\"@id\":\"https:\/\/1001voyagesgourmands.com\/cs\/posvatny-ostrov-isla-del-sol\/#primaryimage\"},\"thumbnailUrl\":\"https:\/\/1001voyagesgourmands.com\/wp-content\/uploads\/2016\/03\/DSC_0897.jpg\",\"datePublished\":\"2016-03-30T08:00:50+00:00\",\"dateModified\":\"2017-01-31T20:12:14+00:00\",\"author\":{\"@id\":\"https:\/\/1001voyagesgourmands.com\/cs\/#\/schema\/person\/62e0e7238fcf7482b23bf83e1b72ff1b\"},\"description\":\"Ostrov Isla del Sol je pova\u017eov\u00e1n za svat\u00fd proto\u017ee podle inck\u00e9 legendy se tu zrodilo slunce a tak\u00e9 odsud pr\u00fd poch\u00e1zeli prvn\u00ed inkov\u00e9.\",\"breadcrumb\":{\"@id\":\"https:\/\/1001voyagesgourmands.com\/cs\/posvatny-ostrov-isla-del-sol\/#breadcrumb\"},\"inLanguage\":\"cs\",\"potentialAction\":[{\"@type\":\"ReadAction\",\"target\":[\"https:\/\/1001voyagesgourmands.com\/cs\/posvatny-ostrov-isla-del-sol\/\"]}]},{\"@type\":\"ImageObject\",\"inLanguage\":\"cs\",\"@id\":\"https:\/\/1001voyagesgourmands.com\/cs\/posvatny-ostrov-isla-del-sol\/#primaryimage\",\"url\":\"https:\/\/1001voyagesgourmands.com\/wp-content\/uploads\/2016\/03\/DSC_0897.jpg\",\"contentUrl\":\"https:\/\/1001voyagesgourmands.com\/wp-content\/uploads\/2016\/03\/DSC_0897.jpg\",\"width\":1000,\"height\":662,\"caption\":\"Ostrov Isla del Sol je pova\u017eov\u00e1n za svat\u00fd proto\u017ee podle inck\u00e9 legendy se tu zrodilo slunce a tak\u00e9 odsud pr\u00fd poch\u00e1zeli prvn\u00ed inkov\u00e9.\"},{\"@type\":\"BreadcrumbList\",\"@id\":\"https:\/\/1001voyagesgourmands.com\/cs\/posvatny-ostrov-isla-del-sol\/#breadcrumb\",\"itemListElement\":[{\"@type\":\"ListItem\",\"position\":1,\"name\":\"Dom\u016f\",\"item\":\"https:\/\/1001voyagesgourmands.com\/cs\/\"},{\"@type\":\"ListItem\",\"position\":2,\"name\":\"Posv\u00e1tn\u00fd ostrov Isla del Sol\"}]},{\"@type\":\"WebSite\",\"@id\":\"https:\/\/1001voyagesgourmands.com\/cs\/#website\",\"url\":\"https:\/\/1001voyagesgourmands.com\/cs\/\",\"name\":\"1001 Voyages Gourmands\",\"description\":\"Food | Travel | Photography\",\"potentialAction\":[{\"@type\":\"SearchAction\",\"target\":{\"@type\":\"EntryPoint\",\"urlTemplate\":\"https:\/\/1001voyagesgourmands.com\/cs\/?s={search_term_string}\"},\"query-input\":{\"@type\":\"PropertyValueSpecification\",\"valueRequired\":true,\"valueName\":\"search_term_string\"}}],\"inLanguage\":\"cs\"},{\"@type\":\"Person\",\"@id\":\"https:\/\/1001voyagesgourmands.com\/cs\/#\/schema\/person\/62e0e7238fcf7482b23bf83e1b72ff1b\",\"name\":\"Michaela\",\"image\":{\"@type\":\"ImageObject\",\"inLanguage\":\"cs\",\"@id\":\"https:\/\/1001voyagesgourmands.com\/cs\/#\/schema\/person\/image\/\",\"url\":\"https:\/\/secure.gravatar.com\/avatar\/73fa562a5b0ce269ca480f67de504b8ecac054a121d170e226f1b79e02024cb8?s=96&d=mm&r=g\",\"contentUrl\":\"https:\/\/secure.gravatar.com\/avatar\/73fa562a5b0ce269ca480f67de504b8ecac054a121d170e226f1b79e02024cb8?s=96&d=mm&r=g\",\"caption\":\"Michaela\"},\"sameAs\":[\"http:\/\/1001voyagesgourmands.com\"]}]}<\/script>\n<!-- \/ Yoast SEO plugin. -->","yoast_head_json":{"title":"Posv\u00e1tn\u00fd ostrov Isla del Sol - 1001 Voyages Gourmands","description":"Ostrov Isla del Sol je pova\u017eov\u00e1n za svat\u00fd proto\u017ee podle inck\u00e9 legendy se tu zrodilo slunce a tak\u00e9 odsud pr\u00fd poch\u00e1zeli prvn\u00ed inkov\u00e9.","robots":{"index":"index","follow":"follow","max-snippet":"max-snippet:-1","max-image-preview":"max-image-preview:large","max-video-preview":"max-video-preview:-1"},"canonical":"https:\/\/1001voyagesgourmands.com\/cs\/posvatny-ostrov-isla-del-sol\/","og_locale":"cs_CZ","og_type":"article","og_title":"Posv\u00e1tn\u00fd ostrov Isla del Sol - 1001 Voyages Gourmands","og_description":"Ostrov Isla del Sol je pova\u017eov\u00e1n za svat\u00fd proto\u017ee podle inck\u00e9 legendy se tu zrodilo slunce a tak\u00e9 odsud pr\u00fd poch\u00e1zeli prvn\u00ed inkov\u00e9.","og_url":"https:\/\/1001voyagesgourmands.com\/cs\/posvatny-ostrov-isla-del-sol\/","og_site_name":"1001 Voyages Gourmands","article_publisher":"https:\/\/www.facebook.com\/1001voyagesgourmands","article_published_time":"2016-03-30T08:00:50+00:00","article_modified_time":"2017-01-31T20:12:14+00:00","og_image":[{"width":1000,"height":662,"url":"https:\/\/1001voyagesgourmands.com\/wp-content\/uploads\/2016\/03\/DSC_0897.jpg","type":"image\/jpeg"}],"author":"Michaela","twitter_card":"summary_large_image","twitter_creator":"@michaela_1001vg","twitter_site":"@michaela_1001vg","twitter_misc":{"Napsal(a)":"Michaela","Odhadovan\u00e1 doba \u010dten\u00ed":"7 minut"},"schema":{"@context":"https:\/\/schema.org","@graph":[{"@type":"WebPage","@id":"https:\/\/1001voyagesgourmands.com\/cs\/posvatny-ostrov-isla-del-sol\/","url":"https:\/\/1001voyagesgourmands.com\/cs\/posvatny-ostrov-isla-del-sol\/","name":"Posv\u00e1tn\u00fd ostrov Isla del Sol - 1001 Voyages Gourmands","isPartOf":{"@id":"https:\/\/1001voyagesgourmands.com\/cs\/#website"},"primaryImageOfPage":{"@id":"https:\/\/1001voyagesgourmands.com\/cs\/posvatny-ostrov-isla-del-sol\/#primaryimage"},"image":{"@id":"https:\/\/1001voyagesgourmands.com\/cs\/posvatny-ostrov-isla-del-sol\/#primaryimage"},"thumbnailUrl":"https:\/\/1001voyagesgourmands.com\/wp-content\/uploads\/2016\/03\/DSC_0897.jpg","datePublished":"2016-03-30T08:00:50+00:00","dateModified":"2017-01-31T20:12:14+00:00","author":{"@id":"https:\/\/1001voyagesgourmands.com\/cs\/#\/schema\/person\/62e0e7238fcf7482b23bf83e1b72ff1b"},"description":"Ostrov Isla del Sol je pova\u017eov\u00e1n za svat\u00fd proto\u017ee podle inck\u00e9 legendy se tu zrodilo slunce a tak\u00e9 odsud pr\u00fd poch\u00e1zeli prvn\u00ed inkov\u00e9.","breadcrumb":{"@id":"https:\/\/1001voyagesgourmands.com\/cs\/posvatny-ostrov-isla-del-sol\/#breadcrumb"},"inLanguage":"cs","potentialAction":[{"@type":"ReadAction","target":["https:\/\/1001voyagesgourmands.com\/cs\/posvatny-ostrov-isla-del-sol\/"]}]},{"@type":"ImageObject","inLanguage":"cs","@id":"https:\/\/1001voyagesgourmands.com\/cs\/posvatny-ostrov-isla-del-sol\/#primaryimage","url":"https:\/\/1001voyagesgourmands.com\/wp-content\/uploads\/2016\/03\/DSC_0897.jpg","contentUrl":"https:\/\/1001voyagesgourmands.com\/wp-content\/uploads\/2016\/03\/DSC_0897.jpg","width":1000,"height":662,"caption":"Ostrov Isla del Sol je pova\u017eov\u00e1n za svat\u00fd proto\u017ee podle inck\u00e9 legendy se tu zrodilo slunce a tak\u00e9 odsud pr\u00fd poch\u00e1zeli prvn\u00ed inkov\u00e9."},{"@type":"BreadcrumbList","@id":"https:\/\/1001voyagesgourmands.com\/cs\/posvatny-ostrov-isla-del-sol\/#breadcrumb","itemListElement":[{"@type":"ListItem","position":1,"name":"Dom\u016f","item":"https:\/\/1001voyagesgourmands.com\/cs\/"},{"@type":"ListItem","position":2,"name":"Posv\u00e1tn\u00fd ostrov Isla del Sol"}]},{"@type":"WebSite","@id":"https:\/\/1001voyagesgourmands.com\/cs\/#website","url":"https:\/\/1001voyagesgourmands.com\/cs\/","name":"1001 Voyages Gourmands","description":"Food | Travel | Photography","potentialAction":[{"@type":"SearchAction","target":{"@type":"EntryPoint","urlTemplate":"https:\/\/1001voyagesgourmands.com\/cs\/?s={search_term_string}"},"query-input":{"@type":"PropertyValueSpecification","valueRequired":true,"valueName":"search_term_string"}}],"inLanguage":"cs"},{"@type":"Person","@id":"https:\/\/1001voyagesgourmands.com\/cs\/#\/schema\/person\/62e0e7238fcf7482b23bf83e1b72ff1b","name":"Michaela","image":{"@type":"ImageObject","inLanguage":"cs","@id":"https:\/\/1001voyagesgourmands.com\/cs\/#\/schema\/person\/image\/","url":"https:\/\/secure.gravatar.com\/avatar\/73fa562a5b0ce269ca480f67de504b8ecac054a121d170e226f1b79e02024cb8?s=96&d=mm&r=g","contentUrl":"https:\/\/secure.gravatar.com\/avatar\/73fa562a5b0ce269ca480f67de504b8ecac054a121d170e226f1b79e02024cb8?s=96&d=mm&r=g","caption":"Michaela"},"sameAs":["http:\/\/1001voyagesgourmands.com"]}]}},"_links":{"self":[{"href":"https:\/\/1001voyagesgourmands.com\/cs\/wp-json\/wp\/v2\/posts\/7400","targetHints":{"allow":["GET"]}}],"collection":[{"href":"https:\/\/1001voyagesgourmands.com\/cs\/wp-json\/wp\/v2\/posts"}],"about":[{"href":"https:\/\/1001voyagesgourmands.com\/cs\/wp-json\/wp\/v2\/types\/post"}],"author":[{"embeddable":true,"href":"https:\/\/1001voyagesgourmands.com\/cs\/wp-json\/wp\/v2\/users\/1"}],"replies":[{"embeddable":true,"href":"https:\/\/1001voyagesgourmands.com\/cs\/wp-json\/wp\/v2\/comments?post=7400"}],"version-history":[{"count":0,"href":"https:\/\/1001voyagesgourmands.com\/cs\/wp-json\/wp\/v2\/posts\/7400\/revisions"}],"wp:featuredmedia":[{"embeddable":true,"href":"https:\/\/1001voyagesgourmands.com\/cs\/wp-json\/wp\/v2\/media\/7487"}],"wp:attachment":[{"href":"https:\/\/1001voyagesgourmands.com\/cs\/wp-json\/wp\/v2\/media?parent=7400"}],"wp:term":[{"taxonomy":"category","embeddable":true,"href":"https:\/\/1001voyagesgourmands.com\/cs\/wp-json\/wp\/v2\/categories?post=7400"},{"taxonomy":"post_tag","embeddable":true,"href":"https:\/\/1001voyagesgourmands.com\/cs\/wp-json\/wp\/v2\/tags?post=7400"}],"curies":[{"name":"wp","href":"https:\/\/api.w.org\/{rel}","templated":true}]}}