{"id":7297,"date":"2016-03-20T22:22:07","date_gmt":"2016-03-20T21:22:07","guid":{"rendered":"http:\/\/1001voyagesgourmands.com\/?p=7297"},"modified":"2020-12-02T12:23:44","modified_gmt":"2020-12-02T11:23:44","slug":"czech-fashion-and-design-weekend-v-bruselu","status":"publish","type":"post","link":"https:\/\/1001voyagesgourmands.com\/cs\/czech-fashion-and-design-weekend-v-bruselu\/","title":{"rendered":"Czech Fashion and Design Weekend v Bruselu"},"content":{"rendered":"<p style=\"text-align: justify; line-height: 18.0pt;\">Ve dnech 4. &#8211; 6. b\u0159ezna 2016 se v Plze\u0148sk\u00e9m dom\u011b v Bruselu konal Czech Fashion and Design Weekend, po\u0159\u00e1dan\u00fd \u010cesk\u00fdm centrem v Bruselu ve spolupr\u00e1ci se Zastoupen\u00edm Plze\u0148sk\u00e9ho&nbsp;a Jihomoravsk\u00e9ho kraje. Akce, b\u011bhem kter\u00e9 maj\u00ed brusel\u0161t\u00ed mo\u017enost nakoupit n\u011bjakou origin\u00e1ln\u00ed m\u00f3du, \u0161perky, dopl\u0148ky, p\u0159\u00edrodn\u00ed kosmetiku nebo designov\u00e9 v\u00fdrobky od \u010desk\u00fdch n\u00e1vrh\u00e1\u0159\u016f p\u0159\u00edmo v Bruselu, se ji\u017e p\u00e1r let tradi\u010dn\u011b po\u0159\u00e1d\u00e1 v listopadu, av\u0161ak 4. ro\u010dn\u00edk byl v\u00fdjime\u010dn\u011b p\u0159esunut na b\u0159ezen. Krom\u011b \u010cech\u016f zav\u00edtali t\u00e9\u017e Belgi\u010dan\u00e9, Italov\u00e9, nebo t\u0159eba N\u011bmci.<\/p>\n<p style=\"text-align: justify;\">M\u011bla jsem tu \u010dest se takt\u00e9\u017e z\u00fa\u010dastnit a se sv\u00fdmi dobrotami pot\u011b\u0161it n\u00e1v\u0161t\u011bvn\u00edky. T\u00edmto je\u0161t\u011b jednou d\u011bkuji <a href=\"http:\/\/brussels.czechcentres.cz\/cs\/\" target=\"_blank\" rel=\"noopener noreferrer\">\u010cesk\u00e9mu centru v Bruselu<\/a>,&nbsp;<a href=\"https:\/\/www.facebook.com\/Representation-of-the-South-Moravian-Region-to-the-EU-1632849483616453\/\" target=\"_blank\" rel=\"noopener noreferrer\">Zastoupen\u00ed Jihomoravsk\u00e9ho&nbsp;kraje<\/a> a <a href=\"http:\/\/www.plzensky-kraj.cz\/cs\/kategorie\/evropska-kancelar-plzenskeho-kraje-v-bruselu\" target=\"_blank\" rel=\"noopener noreferrer\">Zastoupen\u00ed Plze\u0148sk\u00e9ho kraje<\/a>, byl to velice p\u0159\u00edjemn\u011b str\u00e1ven\u00fd v\u00edkend a tady je p\u00e1r fotek z akce, kter\u00e9 jsem stihla ud\u011blat.<\/p>\n<p style=\"text-align: justify;\">Co v\u0161echno se ned\u00e1 z porcel\u00e1nu vyrobit! <strong><a href=\"http:\/\/www.stehlikdesign.com\/\" target=\"_blank\" rel=\"noopener noreferrer\">Stehl\u00edk design<\/a><\/strong>&nbsp;se na Czech Fashion and Design Weekendu prezentoval s kr\u00e1sn\u00fdmi porcel\u00e1nov\u00fdmi bro\u017eemi ve stylu origami, stylov\u00fdmi porcel\u00e1nov\u00fdmi mot\u00fdlky, kor\u00e1lky a n\u00e1u\u0161nicemi. Zaujal tak\u00e9 origin\u00e1ln\u00edmi hrne\u010dky, kter\u00e9 maj\u00ed protiskluzov\u00e9 ucho a jsou tvarovan\u00e9 tak, \u017ee se v\u00e1m do nich p\u0159i pit\u00ed vejde&nbsp;i nos! \ud83d\ude42<\/p>\n<p><img loading=\"lazy\" decoding=\"async\" class=\"aligncenter wp-image-7326 size-full\" title=\"Stehl\u00edk design\" src=\"http:\/\/1001voyagesgourmands.com\/wp-content\/uploads\/2016\/03\/Porcelan.jpg\" alt=\"Stehl\u00edk design\" width=\"1000\" height=\"663\" srcset=\"https:\/\/1001voyagesgourmands.com\/wp-content\/uploads\/2016\/03\/Porcelan.jpg 1000w, https:\/\/1001voyagesgourmands.com\/wp-content\/uploads\/2016\/03\/Porcelan-800x530.jpg 800w, https:\/\/1001voyagesgourmands.com\/wp-content\/uploads\/2016\/03\/Porcelan-300x199.jpg 300w, https:\/\/1001voyagesgourmands.com\/wp-content\/uploads\/2016\/03\/Porcelan-768x509.jpg 768w, https:\/\/1001voyagesgourmands.com\/wp-content\/uploads\/2016\/03\/Porcelan-780x516.jpg 780w, https:\/\/1001voyagesgourmands.com\/wp-content\/uploads\/2016\/03\/Porcelan-585x388.jpg 585w, https:\/\/1001voyagesgourmands.com\/wp-content\/uploads\/2016\/03\/Porcelan-263x175.jpg 263w\" sizes=\"auto, (max-width: 1000px) 100vw, 1000px\" \/><\/p>\n<p><img loading=\"lazy\" decoding=\"async\" class=\"aligncenter wp-image-7344 size-full\" title=\"Stehl\u00edk design\" src=\"http:\/\/1001voyagesgourmands.com\/wp-content\/uploads\/2016\/03\/Porcelan-2-1.jpg\" alt=\"Stehl\u00edk design\" width=\"1000\" height=\"663\" srcset=\"https:\/\/1001voyagesgourmands.com\/wp-content\/uploads\/2016\/03\/Porcelan-2-1.jpg 1000w, https:\/\/1001voyagesgourmands.com\/wp-content\/uploads\/2016\/03\/Porcelan-2-1-800x530.jpg 800w, https:\/\/1001voyagesgourmands.com\/wp-content\/uploads\/2016\/03\/Porcelan-2-1-300x199.jpg 300w, https:\/\/1001voyagesgourmands.com\/wp-content\/uploads\/2016\/03\/Porcelan-2-1-768x509.jpg 768w, https:\/\/1001voyagesgourmands.com\/wp-content\/uploads\/2016\/03\/Porcelan-2-1-780x516.jpg 780w, https:\/\/1001voyagesgourmands.com\/wp-content\/uploads\/2016\/03\/Porcelan-2-1-585x388.jpg 585w, https:\/\/1001voyagesgourmands.com\/wp-content\/uploads\/2016\/03\/Porcelan-2-1-263x175.jpg 263w\" sizes=\"auto, (max-width: 1000px) 100vw, 1000px\" \/><\/p>\n<p>Velice jemn\u00e9 a minimalistick\u00e9 \u0161perky <strong><a href=\"http:\/\/www.kristynamalovana.com\/\" target=\"_blank\" rel=\"noopener noreferrer\">Krist\u00fdn<\/a><a href=\"http:\/\/www.kristynamalovana.com\/\" target=\"_blank\" rel=\"noopener noreferrer\">y<\/a><a href=\"http:\/\/www.kristynamalovana.com\/\" target=\"_blank\" rel=\"noopener noreferrer\"> Malovan\u00e9<\/a><\/strong>, vyroben\u00e9 ze zlata a st\u0159\u00edbra.<\/p>\n<p><img loading=\"lazy\" decoding=\"async\" class=\"aligncenter wp-image-7350 \" title=\"Krist\u00fdna Malovan\u00e1\" src=\"http:\/\/1001voyagesgourmands.com\/wp-content\/uploads\/2016\/03\/Kristina-Malovana-1-1024x711.jpg\" alt=\"Krist\u00fdna Malovan\u00e1\" width=\"932\" height=\"648\" srcset=\"https:\/\/1001voyagesgourmands.com\/wp-content\/uploads\/2016\/03\/Kristina-Malovana-1-1024x711.jpg 1024w, https:\/\/1001voyagesgourmands.com\/wp-content\/uploads\/2016\/03\/Kristina-Malovana-1-300x208.jpg 300w, https:\/\/1001voyagesgourmands.com\/wp-content\/uploads\/2016\/03\/Kristina-Malovana-1-768x533.jpg 768w, https:\/\/1001voyagesgourmands.com\/wp-content\/uploads\/2016\/03\/Kristina-Malovana-1-1170x813.jpg 1170w, https:\/\/1001voyagesgourmands.com\/wp-content\/uploads\/2016\/03\/Kristina-Malovana-1-1920x1333.jpg 1920w, https:\/\/1001voyagesgourmands.com\/wp-content\/uploads\/2016\/03\/Kristina-Malovana-1-585x406.jpg 585w, https:\/\/1001voyagesgourmands.com\/wp-content\/uploads\/2016\/03\/Kristina-Malovana-1.jpg 2016w\" sizes=\"auto, (max-width: 932px) 100vw, 932px\" \/><\/p>\n<p style=\"text-align: justify;\"><strong><a href=\"http:\/\/www.pokojik.com\/\" target=\"_blank\" rel=\"noopener noreferrer\">Pokoj\u00edk<\/a><\/strong> je concept store z Brna, kter\u00fd p\u0159ijel s v\u00fdb\u011brem oble\u010den\u00ed, \u0161perk\u016f, kosmetiky, bytov\u00fdch dopl\u0148k\u016f nebo t\u0159eba i kvalitn\u00ed \u010dokol\u00e1dy.<\/p>\n<p><img loading=\"lazy\" decoding=\"async\" class=\"aligncenter wp-image-7316 size-full\" title=\"Pokoj\u00edk\" src=\"http:\/\/1001voyagesgourmands.com\/wp-content\/uploads\/2016\/03\/Pokojik-3.jpg\" alt=\"Pokojik 3\" width=\"1000\" height=\"663\" srcset=\"https:\/\/1001voyagesgourmands.com\/wp-content\/uploads\/2016\/03\/Pokojik-3.jpg 1000w, https:\/\/1001voyagesgourmands.com\/wp-content\/uploads\/2016\/03\/Pokojik-3-800x530.jpg 800w, https:\/\/1001voyagesgourmands.com\/wp-content\/uploads\/2016\/03\/Pokojik-3-300x199.jpg 300w, https:\/\/1001voyagesgourmands.com\/wp-content\/uploads\/2016\/03\/Pokojik-3-768x509.jpg 768w, https:\/\/1001voyagesgourmands.com\/wp-content\/uploads\/2016\/03\/Pokojik-3-780x516.jpg 780w, https:\/\/1001voyagesgourmands.com\/wp-content\/uploads\/2016\/03\/Pokojik-3-585x388.jpg 585w, https:\/\/1001voyagesgourmands.com\/wp-content\/uploads\/2016\/03\/Pokojik-3-263x175.jpg 263w\" sizes=\"auto, (max-width: 1000px) 100vw, 1000px\" \/><\/p>\n<p><img loading=\"lazy\" decoding=\"async\" class=\"aligncenter wp-image-7320 \" title=\"Pokoj\u00edk\" src=\"http:\/\/1001voyagesgourmands.com\/wp-content\/uploads\/2016\/03\/Pokojik-1024x711.jpg\" alt=\"Pokojik\" width=\"866\" height=\"602\" srcset=\"https:\/\/1001voyagesgourmands.com\/wp-content\/uploads\/2016\/03\/Pokojik-1024x711.jpg 1024w, https:\/\/1001voyagesgourmands.com\/wp-content\/uploads\/2016\/03\/Pokojik-300x208.jpg 300w, https:\/\/1001voyagesgourmands.com\/wp-content\/uploads\/2016\/03\/Pokojik-768x533.jpg 768w, https:\/\/1001voyagesgourmands.com\/wp-content\/uploads\/2016\/03\/Pokojik-1170x813.jpg 1170w, https:\/\/1001voyagesgourmands.com\/wp-content\/uploads\/2016\/03\/Pokojik-1920x1333.jpg 1920w, https:\/\/1001voyagesgourmands.com\/wp-content\/uploads\/2016\/03\/Pokojik-585x406.jpg 585w, https:\/\/1001voyagesgourmands.com\/wp-content\/uploads\/2016\/03\/Pokojik.jpg 2016w\" sizes=\"auto, (max-width: 866px) 100vw, 866px\" \/><\/p>\n<p><img loading=\"lazy\" decoding=\"async\" class=\"aligncenter wp-image-7342 size-full\" title=\"Pokoj\u00edk\" src=\"http:\/\/1001voyagesgourmands.com\/wp-content\/uploads\/2016\/03\/Pokojjik-1-1.jpg\" alt=\"Pokojjik 1\" width=\"1000\" height=\"663\" srcset=\"https:\/\/1001voyagesgourmands.com\/wp-content\/uploads\/2016\/03\/Pokojjik-1-1.jpg 1000w, https:\/\/1001voyagesgourmands.com\/wp-content\/uploads\/2016\/03\/Pokojjik-1-1-800x530.jpg 800w, https:\/\/1001voyagesgourmands.com\/wp-content\/uploads\/2016\/03\/Pokojjik-1-1-300x199.jpg 300w, https:\/\/1001voyagesgourmands.com\/wp-content\/uploads\/2016\/03\/Pokojjik-1-1-768x509.jpg 768w, https:\/\/1001voyagesgourmands.com\/wp-content\/uploads\/2016\/03\/Pokojjik-1-1-780x516.jpg 780w, https:\/\/1001voyagesgourmands.com\/wp-content\/uploads\/2016\/03\/Pokojjik-1-1-585x388.jpg 585w, https:\/\/1001voyagesgourmands.com\/wp-content\/uploads\/2016\/03\/Pokojjik-1-1-263x175.jpg 263w\" sizes=\"auto, (max-width: 1000px) 100vw, 1000px\" \/><\/p>\n<p><img loading=\"lazy\" decoding=\"async\" class=\"aligncenter wp-image-7318 \" title=\"Pokoj\u00edk\" src=\"http:\/\/1001voyagesgourmands.com\/wp-content\/uploads\/2016\/03\/Pokojik-4-1024x711.jpg\" alt=\"Pokojik 4\" width=\"859\" height=\"597\" srcset=\"https:\/\/1001voyagesgourmands.com\/wp-content\/uploads\/2016\/03\/Pokojik-4-1024x711.jpg 1024w, https:\/\/1001voyagesgourmands.com\/wp-content\/uploads\/2016\/03\/Pokojik-4-300x208.jpg 300w, https:\/\/1001voyagesgourmands.com\/wp-content\/uploads\/2016\/03\/Pokojik-4-768x533.jpg 768w, https:\/\/1001voyagesgourmands.com\/wp-content\/uploads\/2016\/03\/Pokojik-4-1170x813.jpg 1170w, https:\/\/1001voyagesgourmands.com\/wp-content\/uploads\/2016\/03\/Pokojik-4-1920x1333.jpg 1920w, https:\/\/1001voyagesgourmands.com\/wp-content\/uploads\/2016\/03\/Pokojik-4-585x406.jpg 585w, https:\/\/1001voyagesgourmands.com\/wp-content\/uploads\/2016\/03\/Pokojik-4.jpg 2016w\" sizes=\"auto, (max-width: 859px) 100vw, 859px\" \/><\/p>\n<p><img loading=\"lazy\" decoding=\"async\" class=\"aligncenter wp-image-7314 size-full\" title=\"Pokoj\u00edk\" src=\"http:\/\/1001voyagesgourmands.com\/wp-content\/uploads\/2016\/03\/Pokojik-2.jpg\" alt=\"Pokojik 2\" width=\"1000\" height=\"663\" srcset=\"https:\/\/1001voyagesgourmands.com\/wp-content\/uploads\/2016\/03\/Pokojik-2.jpg 1000w, https:\/\/1001voyagesgourmands.com\/wp-content\/uploads\/2016\/03\/Pokojik-2-800x530.jpg 800w, https:\/\/1001voyagesgourmands.com\/wp-content\/uploads\/2016\/03\/Pokojik-2-300x199.jpg 300w, https:\/\/1001voyagesgourmands.com\/wp-content\/uploads\/2016\/03\/Pokojik-2-768x509.jpg 768w, https:\/\/1001voyagesgourmands.com\/wp-content\/uploads\/2016\/03\/Pokojik-2-780x516.jpg 780w, https:\/\/1001voyagesgourmands.com\/wp-content\/uploads\/2016\/03\/Pokojik-2-585x388.jpg 585w, https:\/\/1001voyagesgourmands.com\/wp-content\/uploads\/2016\/03\/Pokojik-2-263x175.jpg 263w\" sizes=\"auto, (max-width: 1000px) 100vw, 1000px\" \/><\/p>\n<p><img loading=\"lazy\" decoding=\"async\" class=\"aligncenter wp-image-7328 size-full\" title=\"Pokoj\u00edk\" src=\"http:\/\/1001voyagesgourmands.com\/wp-content\/uploads\/2016\/03\/Prochazka.jpg\" alt=\"Prochazka\" width=\"1000\" height=\"663\" srcset=\"https:\/\/1001voyagesgourmands.com\/wp-content\/uploads\/2016\/03\/Prochazka.jpg 1000w, https:\/\/1001voyagesgourmands.com\/wp-content\/uploads\/2016\/03\/Prochazka-800x530.jpg 800w, https:\/\/1001voyagesgourmands.com\/wp-content\/uploads\/2016\/03\/Prochazka-300x199.jpg 300w, https:\/\/1001voyagesgourmands.com\/wp-content\/uploads\/2016\/03\/Prochazka-768x509.jpg 768w, https:\/\/1001voyagesgourmands.com\/wp-content\/uploads\/2016\/03\/Prochazka-780x516.jpg 780w, https:\/\/1001voyagesgourmands.com\/wp-content\/uploads\/2016\/03\/Prochazka-585x388.jpg 585w, https:\/\/1001voyagesgourmands.com\/wp-content\/uploads\/2016\/03\/Prochazka-263x175.jpg 263w\" sizes=\"auto, (max-width: 1000px) 100vw, 1000px\" \/><\/p>\n<p>Z nab\u00eddky n\u00e1dhern\u00fdch sukn\u00ed <strong><a href=\"http:\/\/chci.akari.cz\/cs\/\" target=\"_blank\" rel=\"noopener noreferrer\">Akari<\/a><\/strong> si vybere snad ka\u017ed\u00e1 \u017eena. Tolik barev, materi\u00e1l\u016f a kr\u00e1sn\u00fdch vzor\u016f, a\u017e z toho o\u010di p\u0159ech\u00e1zely. \ud83d\ude42 &nbsp;<\/p>\n<p><img loading=\"lazy\" decoding=\"async\" class=\"aligncenter wp-image-7300 size-full\" title=\"Akari\" src=\"http:\/\/1001voyagesgourmands.com\/wp-content\/uploads\/2016\/03\/Akari.jpg\" alt=\"Akari\" width=\"1000\" height=\"663\" srcset=\"https:\/\/1001voyagesgourmands.com\/wp-content\/uploads\/2016\/03\/Akari.jpg 1000w, https:\/\/1001voyagesgourmands.com\/wp-content\/uploads\/2016\/03\/Akari-800x530.jpg 800w, https:\/\/1001voyagesgourmands.com\/wp-content\/uploads\/2016\/03\/Akari-300x199.jpg 300w, https:\/\/1001voyagesgourmands.com\/wp-content\/uploads\/2016\/03\/Akari-768x509.jpg 768w, https:\/\/1001voyagesgourmands.com\/wp-content\/uploads\/2016\/03\/Akari-780x516.jpg 780w, https:\/\/1001voyagesgourmands.com\/wp-content\/uploads\/2016\/03\/Akari-585x388.jpg 585w, https:\/\/1001voyagesgourmands.com\/wp-content\/uploads\/2016\/03\/Akari-263x175.jpg 263w\" sizes=\"auto, (max-width: 1000px) 100vw, 1000px\" \/><\/p>\n<p style=\"text-align: justify;\"><strong><a href=\"http:\/\/www.cityfolklore.com\/\" target=\"_blank\" rel=\"noopener noreferrer\">City Folklore<\/a><\/strong>&nbsp;p\u0159ijel s origin\u00e1ln\u00ed m\u00f3dou z Ostravy, inspirovanou graffiti, komiksy, tradi\u010dn\u00edm folklorem a dal\u0161\u00edmi impulsy.<\/p>\n<p><img loading=\"lazy\" decoding=\"async\" class=\"aligncenter wp-image-7304 \" title=\"City Folklore\" src=\"http:\/\/1001voyagesgourmands.com\/wp-content\/uploads\/2016\/03\/Cityfolklore-1024x711.jpg\" alt=\"Cityfolklore\" width=\"968\" height=\"673\" srcset=\"https:\/\/1001voyagesgourmands.com\/wp-content\/uploads\/2016\/03\/Cityfolklore-1024x711.jpg 1024w, https:\/\/1001voyagesgourmands.com\/wp-content\/uploads\/2016\/03\/Cityfolklore-300x208.jpg 300w, https:\/\/1001voyagesgourmands.com\/wp-content\/uploads\/2016\/03\/Cityfolklore-768x533.jpg 768w, https:\/\/1001voyagesgourmands.com\/wp-content\/uploads\/2016\/03\/Cityfolklore-1170x813.jpg 1170w, https:\/\/1001voyagesgourmands.com\/wp-content\/uploads\/2016\/03\/Cityfolklore-1920x1333.jpg 1920w, https:\/\/1001voyagesgourmands.com\/wp-content\/uploads\/2016\/03\/Cityfolklore-585x406.jpg 585w, https:\/\/1001voyagesgourmands.com\/wp-content\/uploads\/2016\/03\/Cityfolklore.jpg 2016w\" sizes=\"auto, (max-width: 968px) 100vw, 968px\" \/><\/p>\n<p style=\"text-align: justify;\"><strong><a href=\"https:\/\/www.facebook.com\/skloSRNA\/\" target=\"_blank\" rel=\"noopener noreferrer\">SRNA<\/a><\/strong>&nbsp;z Brna, to je <strong>S<\/strong>klo, <strong>R<\/strong>ecyklace, <strong>N<\/strong>\u00e1pad,<strong> A<\/strong>lchymie. Vdechuj\u00ed druh\u00fd \u017eivot ji\u017e pou\u017eit\u00fdm lahv\u00edm a sklenic\u00edm. Sklo \u0159e\u017eou za pomoci fascinuj\u00edc\u00ed&nbsp;metody puk\u00e1n\u00ed skla,&nbsp;kterou t\u00e9\u017e p\u0159edv\u00e1d\u011bli na m\u00edst\u011b. Jako v\u00fdsledek tu prezentovali sklenice, misti\u010dky, velk\u00e9 misky, v\u00e1zy a karafy.<\/p>\n<p><img loading=\"lazy\" decoding=\"async\" class=\"aligncenter wp-image-7332 \" title=\"SRNA\" src=\"http:\/\/1001voyagesgourmands.com\/wp-content\/uploads\/2016\/03\/Srna-3-1024x678.jpg\" alt=\"Srna 3\" width=\"849\" height=\"562\" srcset=\"https:\/\/1001voyagesgourmands.com\/wp-content\/uploads\/2016\/03\/Srna-3-1024x678.jpg 1024w, https:\/\/1001voyagesgourmands.com\/wp-content\/uploads\/2016\/03\/Srna-3-800x530.jpg 800w, https:\/\/1001voyagesgourmands.com\/wp-content\/uploads\/2016\/03\/Srna-3-300x199.jpg 300w, https:\/\/1001voyagesgourmands.com\/wp-content\/uploads\/2016\/03\/Srna-3-768x509.jpg 768w, https:\/\/1001voyagesgourmands.com\/wp-content\/uploads\/2016\/03\/Srna-3-1170x775.jpg 1170w, https:\/\/1001voyagesgourmands.com\/wp-content\/uploads\/2016\/03\/Srna-3-780x516.jpg 780w, https:\/\/1001voyagesgourmands.com\/wp-content\/uploads\/2016\/03\/Srna-3-1920x1272.jpg 1920w, https:\/\/1001voyagesgourmands.com\/wp-content\/uploads\/2016\/03\/Srna-3-585x387.jpg 585w, https:\/\/1001voyagesgourmands.com\/wp-content\/uploads\/2016\/03\/Srna-3-263x175.jpg 263w\" sizes=\"auto, (max-width: 849px) 100vw, 849px\" \/><\/p>\n<p><img loading=\"lazy\" decoding=\"async\" class=\"aligncenter wp-image-7346 \" title=\"SRNA\" src=\"http:\/\/1001voyagesgourmands.com\/wp-content\/uploads\/2016\/03\/Srna-4-1-1024x711.jpg\" alt=\"Srna 4\" width=\"958\" height=\"666\" srcset=\"https:\/\/1001voyagesgourmands.com\/wp-content\/uploads\/2016\/03\/Srna-4-1-1024x711.jpg 1024w, https:\/\/1001voyagesgourmands.com\/wp-content\/uploads\/2016\/03\/Srna-4-1-300x208.jpg 300w, https:\/\/1001voyagesgourmands.com\/wp-content\/uploads\/2016\/03\/Srna-4-1-768x533.jpg 768w, https:\/\/1001voyagesgourmands.com\/wp-content\/uploads\/2016\/03\/Srna-4-1-1170x813.jpg 1170w, https:\/\/1001voyagesgourmands.com\/wp-content\/uploads\/2016\/03\/Srna-4-1-1920x1333.jpg 1920w, https:\/\/1001voyagesgourmands.com\/wp-content\/uploads\/2016\/03\/Srna-4-1-585x406.jpg 585w, https:\/\/1001voyagesgourmands.com\/wp-content\/uploads\/2016\/03\/Srna-4-1.jpg 2016w\" sizes=\"auto, (max-width: 958px) 100vw, 958px\" \/><\/p>\n<p><img loading=\"lazy\" decoding=\"async\" class=\"aligncenter wp-image-7348 \" title=\"SRNA\" src=\"http:\/\/1001voyagesgourmands.com\/wp-content\/uploads\/2016\/03\/Srna-1-1024x678.jpg\" alt=\"Srna\" width=\"803\" height=\"531\" srcset=\"https:\/\/1001voyagesgourmands.com\/wp-content\/uploads\/2016\/03\/Srna-1-1024x678.jpg 1024w, https:\/\/1001voyagesgourmands.com\/wp-content\/uploads\/2016\/03\/Srna-1-800x530.jpg 800w, https:\/\/1001voyagesgourmands.com\/wp-content\/uploads\/2016\/03\/Srna-1-300x199.jpg 300w, https:\/\/1001voyagesgourmands.com\/wp-content\/uploads\/2016\/03\/Srna-1-768x509.jpg 768w, https:\/\/1001voyagesgourmands.com\/wp-content\/uploads\/2016\/03\/Srna-1-1170x775.jpg 1170w, https:\/\/1001voyagesgourmands.com\/wp-content\/uploads\/2016\/03\/Srna-1-780x516.jpg 780w, https:\/\/1001voyagesgourmands.com\/wp-content\/uploads\/2016\/03\/Srna-1-1920x1272.jpg 1920w, https:\/\/1001voyagesgourmands.com\/wp-content\/uploads\/2016\/03\/Srna-1-585x387.jpg 585w, https:\/\/1001voyagesgourmands.com\/wp-content\/uploads\/2016\/03\/Srna-1-263x175.jpg 263w\" sizes=\"auto, (max-width: 803px) 100vw, 803px\" \/><\/p>\n<p><img loading=\"lazy\" decoding=\"async\" class=\"aligncenter wp-image-7376 \" title=\"SRNA\" src=\"http:\/\/1001voyagesgourmands.com\/wp-content\/uploads\/2016\/03\/Srna-5-1024x711.jpg\" alt=\"Srna 5\" width=\"896\" height=\"623\" srcset=\"https:\/\/1001voyagesgourmands.com\/wp-content\/uploads\/2016\/03\/Srna-5-1024x711.jpg 1024w, https:\/\/1001voyagesgourmands.com\/wp-content\/uploads\/2016\/03\/Srna-5-300x208.jpg 300w, https:\/\/1001voyagesgourmands.com\/wp-content\/uploads\/2016\/03\/Srna-5-768x533.jpg 768w, https:\/\/1001voyagesgourmands.com\/wp-content\/uploads\/2016\/03\/Srna-5-1170x813.jpg 1170w, https:\/\/1001voyagesgourmands.com\/wp-content\/uploads\/2016\/03\/Srna-5-1920x1333.jpg 1920w, https:\/\/1001voyagesgourmands.com\/wp-content\/uploads\/2016\/03\/Srna-5-585x406.jpg 585w, https:\/\/1001voyagesgourmands.com\/wp-content\/uploads\/2016\/03\/Srna-5.jpg 2016w\" sizes=\"auto, (max-width: 896px) 100vw, 896px\" \/><\/p>\n<p style=\"text-align: justify;\">D\u00e1le tu byl <strong><a href=\"http:\/\/rychterd.bigcartel.com\/\" target=\"_blank\" rel=\"noopener noreferrer\">Rychter_D<\/a><\/strong> s elegantn\u00edmi a minimalistick\u00fdmi ko\u017een\u00fdmi v\u00fdrobky a <strong><a href=\"http:\/\/www.soolista.cz\/\" target=\"_blank\" rel=\"noopener noreferrer\">SOOLISTA<\/a><\/strong> s d\u00e1msk\u00fdmi ko\u0161ilemi, kter\u00e9 rozhodn\u011b nejsou uniformn\u00ed a f\u00e1dn\u00ed.<\/p>\n<p style=\"text-align: justify;\">No a te\u010f k j\u00eddlu \ud83d\ude42<\/p>\n<p style=\"text-align: justify;\">Nejv\u011bt\u0161\u00ed \u00fasp\u011bch z m\u00fdch dobrot m\u011bl asi \u010desk\u00fd <a href=\"http:\/\/1001voyagesgourmands.com\/kokosovy-pernik-polity-cokoladou\/\">pern\u00edk<\/a>, do kter\u00e9ho p\u0159id\u00e1v\u00e1m kokos, povidla s rumem a pol\u00e9v\u00e1m \u010dokol\u00e1dovou polevou, <a href=\"http:\/\/1001voyagesgourmands.com\/2015\/03\/02\/cokoladovy-fondan\/\" target=\"_blank\" rel=\"noopener noreferrer\">\u010dokol\u00e1dovo-ban\u00e1nov\u00fd fondant<\/a>, <a href=\"http:\/\/1001voyagesgourmands.com\/2015\/10\/01\/brownies-z-cervene-repy\/\" target=\"_blank\" rel=\"noopener noreferrer\">brownies z \u010derven\u00e9 \u0159epy<\/a> a ze slan\u00e9ho pak <a href=\"http:\/\/1001voyagesgourmands.com\/2015\/03\/28\/vegetarianske-trojuhelnicky-samosa\/\" target=\"_blank\" rel=\"noopener noreferrer\">vegetari\u00e1nsk\u00e9 samosy<\/a>, <a href=\"http:\/\/1001voyagesgourmands.com\/rajcatovy-quiche-gruyerem-mozzarellou\/\">quiche s raj\u010daty, gruy\u00e9rem a mozzarellou<\/a> a <a href=\"http:\/\/1001voyagesgourmands.com\/2015\/06\/09\/cuketovy-quiche-s-kozim-syrem\/\" target=\"_blank\" rel=\"noopener noreferrer\">cuketov\u00fd quiche s koz\u00edm s\u00fdrem<\/a>.&nbsp;<\/p>\n<p><img loading=\"lazy\" decoding=\"async\" class=\"aligncenter wp-image-7312 size-full\" title=\"Pern\u00edk\" src=\"http:\/\/1001voyagesgourmands.com\/wp-content\/uploads\/2016\/03\/Pernik.jpg\" alt=\"Pernik\" width=\"1000\" height=\"663\" srcset=\"https:\/\/1001voyagesgourmands.com\/wp-content\/uploads\/2016\/03\/Pernik.jpg 1000w, https:\/\/1001voyagesgourmands.com\/wp-content\/uploads\/2016\/03\/Pernik-800x530.jpg 800w, https:\/\/1001voyagesgourmands.com\/wp-content\/uploads\/2016\/03\/Pernik-300x199.jpg 300w, https:\/\/1001voyagesgourmands.com\/wp-content\/uploads\/2016\/03\/Pernik-768x509.jpg 768w, https:\/\/1001voyagesgourmands.com\/wp-content\/uploads\/2016\/03\/Pernik-780x516.jpg 780w, https:\/\/1001voyagesgourmands.com\/wp-content\/uploads\/2016\/03\/Pernik-585x388.jpg 585w, https:\/\/1001voyagesgourmands.com\/wp-content\/uploads\/2016\/03\/Pernik-263x175.jpg 263w\" sizes=\"auto, (max-width: 1000px) 100vw, 1000px\" \/><\/p>\n<p style=\"text-align: justify;\">Muffiny jsem d\u011blala ka\u017ed\u00fd den jin\u00fd: spekulkov\u00e9 muffiny (spekulky jsou ty su\u0161enky v \u010cech\u00e1ch zn\u00e1m\u00e9 sp\u00ed\u0161e jako Lotusky, jak m\u011b kolegyn\u011b ze SRNA opravila), ban\u00e1nov\u00e9 muffiny dle receptu na <a href=\"http:\/\/1001voyagesgourmands.com\/2015\/05\/30\/bananovy-chleb-s-datlovym-sirupem\/\" target=\"_blank\" rel=\"noopener noreferrer\">ban\u00e1nov\u00fd chl\u00e9b<\/a> s p\u0159idanou \u010dokol\u00e1dovou pomaz\u00e1nkou (bio a bez palmov\u00e9ho oleje).&nbsp;Dokonce jsem si p\u0159ed akc\u00ed vychytala a sepsala&nbsp;recept\u00edky na <a href=\"http:\/\/1001voyagesgourmands.com\/citronove-muffiny-s-makem\/\">lehk\u00e9 citronov\u00e9 muffiny s \u0159eck\u00fdm jogurtem<\/a> a na&nbsp;<a href=\"http:\/\/1001voyagesgourmands.com\/skoricove-muffiny-jablky\/\">sko\u0159icov\u00e9 muffiny s jablky v calvadosu a kardamomovou \u017emolenkou<\/a>.&nbsp;<\/p>\n<p><img loading=\"lazy\" decoding=\"async\" class=\"aligncenter wp-image-7310 size-full\" title=\"Muffiny s jablky v Calvadosu a kardamovou \u017emolenkou, ban\u00e1nov\u00e9 muffiny s \u010dokol\u00e1dou a spekulkov\u00e9 muffiny\" src=\"http:\/\/1001voyagesgourmands.com\/wp-content\/uploads\/2016\/03\/Muffiny.jpg\" alt=\"Muffiny\" width=\"1000\" height=\"663\" srcset=\"https:\/\/1001voyagesgourmands.com\/wp-content\/uploads\/2016\/03\/Muffiny.jpg 1000w, https:\/\/1001voyagesgourmands.com\/wp-content\/uploads\/2016\/03\/Muffiny-800x530.jpg 800w, https:\/\/1001voyagesgourmands.com\/wp-content\/uploads\/2016\/03\/Muffiny-300x199.jpg 300w, https:\/\/1001voyagesgourmands.com\/wp-content\/uploads\/2016\/03\/Muffiny-768x509.jpg 768w, https:\/\/1001voyagesgourmands.com\/wp-content\/uploads\/2016\/03\/Muffiny-780x516.jpg 780w, https:\/\/1001voyagesgourmands.com\/wp-content\/uploads\/2016\/03\/Muffiny-585x388.jpg 585w, https:\/\/1001voyagesgourmands.com\/wp-content\/uploads\/2016\/03\/Muffiny-263x175.jpg 263w\" sizes=\"auto, (max-width: 1000px) 100vw, 1000px\" \/><\/p>\n<p><img loading=\"lazy\" decoding=\"async\" class=\"aligncenter wp-image-7302 size-full\" title=\"Citronov\u00e9 muffiny s m\u00e1kem a \u0159eck\u00fdm jogurtem\" src=\"http:\/\/1001voyagesgourmands.com\/wp-content\/uploads\/2016\/03\/Citronove-muffiny.jpg\" alt=\"Citronove muffiny\" width=\"1000\" height=\"663\" srcset=\"https:\/\/1001voyagesgourmands.com\/wp-content\/uploads\/2016\/03\/Citronove-muffiny.jpg 1000w, https:\/\/1001voyagesgourmands.com\/wp-content\/uploads\/2016\/03\/Citronove-muffiny-800x530.jpg 800w, https:\/\/1001voyagesgourmands.com\/wp-content\/uploads\/2016\/03\/Citronove-muffiny-300x199.jpg 300w, https:\/\/1001voyagesgourmands.com\/wp-content\/uploads\/2016\/03\/Citronove-muffiny-768x509.jpg 768w, https:\/\/1001voyagesgourmands.com\/wp-content\/uploads\/2016\/03\/Citronove-muffiny-780x516.jpg 780w, https:\/\/1001voyagesgourmands.com\/wp-content\/uploads\/2016\/03\/Citronove-muffiny-585x388.jpg 585w, https:\/\/1001voyagesgourmands.com\/wp-content\/uploads\/2016\/03\/Citronove-muffiny-263x175.jpg 263w\" sizes=\"auto, (max-width: 1000px) 100vw, 1000px\" \/><\/p>\n<p>No a nechyb\u011bly ani <a href=\"http:\/\/1001voyagesgourmands.com\/2015\/03\/24\/alfajores-argentinos\/\" target=\"_blank\" rel=\"noopener noreferrer\">argentinsk\u00e9 su\u0161enky Alfajores<\/a> s dulce de leche nebo <a href=\"http:\/\/1001voyagesgourmands.com\/2015\/10\/09\/mekounke-dynovo-ovesne-cookies-s-brusinkami-a-kousky-bile-cokolady-plus-bezlepkova-varianta\/\" target=\"_blank\" rel=\"noopener noreferrer\">d\u00fd\u0148ovo-ovesn\u00e9 cookies s brusinkami a kouskami b\u00edl\u00e9 \u010dokol\u00e1dy<\/a>.<\/p>\n<p><img loading=\"lazy\" decoding=\"async\" class=\"aligncenter wp-image-7352 size-full\" title=\"Alfajores a d\u00fd\u0148ovo-ovesn\u00e9 cookies\" src=\"http:\/\/1001voyagesgourmands.com\/wp-content\/uploads\/2016\/03\/Alfajores.jpg\" alt=\"Alfajores\" width=\"1000\" height=\"663\" srcset=\"https:\/\/1001voyagesgourmands.com\/wp-content\/uploads\/2016\/03\/Alfajores.jpg 1000w, https:\/\/1001voyagesgourmands.com\/wp-content\/uploads\/2016\/03\/Alfajores-800x530.jpg 800w, https:\/\/1001voyagesgourmands.com\/wp-content\/uploads\/2016\/03\/Alfajores-300x199.jpg 300w, https:\/\/1001voyagesgourmands.com\/wp-content\/uploads\/2016\/03\/Alfajores-768x509.jpg 768w, https:\/\/1001voyagesgourmands.com\/wp-content\/uploads\/2016\/03\/Alfajores-780x516.jpg 780w, https:\/\/1001voyagesgourmands.com\/wp-content\/uploads\/2016\/03\/Alfajores-585x388.jpg 585w, https:\/\/1001voyagesgourmands.com\/wp-content\/uploads\/2016\/03\/Alfajores-263x175.jpg 263w\" sizes=\"auto, (max-width: 1000px) 100vw, 1000px\" \/><\/p>\n<p style=\"text-align: justify;\">A co jsem si donesla dom\u016f?<\/p>\n<p style=\"text-align: justify;\"><strong>Suk\u00fdnku Akari<\/strong> &#8211; rozhodovala jsem se mezi takovou modrob\u00edlou s obl\u00e1\u010dky a touhle zelenou. Nakonec zelen\u00e1 vyhr\u00e1la &#8211; tohle je prost\u011b moje barva a sukn\u011b je bo\u017e\u00ed a u\u017e se nem\u016f\u017eu do\u010dkat tepla!&nbsp;<\/p>\n<p style=\"text-align: justify;\"><img loading=\"lazy\" decoding=\"async\" class=\"aligncenter wp-image-7308 size-full\" title=\"sukn\u011b Akari\" src=\"http:\/\/1001voyagesgourmands.com\/wp-content\/uploads\/2016\/03\/Moje.jpg\" alt=\"Moje\" width=\"1000\" height=\"663\" srcset=\"https:\/\/1001voyagesgourmands.com\/wp-content\/uploads\/2016\/03\/Moje.jpg 1000w, https:\/\/1001voyagesgourmands.com\/wp-content\/uploads\/2016\/03\/Moje-800x530.jpg 800w, https:\/\/1001voyagesgourmands.com\/wp-content\/uploads\/2016\/03\/Moje-300x199.jpg 300w, https:\/\/1001voyagesgourmands.com\/wp-content\/uploads\/2016\/03\/Moje-768x509.jpg 768w, https:\/\/1001voyagesgourmands.com\/wp-content\/uploads\/2016\/03\/Moje-780x516.jpg 780w, https:\/\/1001voyagesgourmands.com\/wp-content\/uploads\/2016\/03\/Moje-585x388.jpg 585w, https:\/\/1001voyagesgourmands.com\/wp-content\/uploads\/2016\/03\/Moje-263x175.jpg 263w\" sizes=\"auto, (max-width: 1000px) 100vw, 1000px\" \/><\/p>\n<p style=\"text-align: justify;\">V Pokoj\u00edku jsem objevila&nbsp;<strong>73%&nbsp;tmavou \u010dokol\u00e1du z Peru<\/strong> <strong><a href=\"http:\/\/www.pokojik.com\/shop-catalogue\/kategorie\/jidlo\/ajla-tmava-cokolada\" target=\"_blank\" rel=\"noopener noreferrer\">Ajala<\/a><\/strong>, vyr\u00e1b\u011bnou z vz\u00e1cn\u00e9 odr\u016fdy kakaov\u00fdch bob\u016f Criollo dle majsk\u00e9 receptury. Delikatesa! M\u00e1 jemn\u011b ovocnou chu\u0165 a po kous\u00ed\u010dk\u00e1ch u\u017e ji t\u00fdden u\u017edibuji v pr\u00e1ci po ob\u011bd\u011b.&nbsp;45 g za 95 korun, \u0159eknete si mo\u017en\u00e1, \u017ee je to vyhazov\u00e1n\u00ed pen\u011bz, tak j\u00e1 v\u00e1m potvrd\u00edm, \u017ee ta cena rozhodn\u011b odpov\u00edd\u00e1 kvalit\u011b a po\u017eitku! Nav\u00edc je zabalena do ru\u010dn\u011b ti\u0161t\u011bn\u00e9ho tvrd\u0161\u00edho pap\u00edru a p\u0159i jej\u00edm rozbalov\u00e1n\u00ed jsem si p\u0159ipadala trochu jako Karl\u00edk ve filmu Karl\u00edk a tov\u00e1rna na \u010dokol\u00e1du. \ud83d\ude42<\/p>\n<p style=\"text-align: justify; line-height: 18.0pt;\">D\u00e1le m\u011b v Pokoj\u00edku okouzlily <strong>slovensk\u00e9 ru\u010dn\u011b vyr\u00e1b\u011bn\u00e9 ple\u0165ov\u00e9 olej\u00ed\u010dky<\/strong>. Pro sebe jsem si koupila olej na suchou ple\u0165 a jeden pro maminku jako d\u00e1rek.<\/p>\n<p style=\"text-align: justify;\"><img loading=\"lazy\" decoding=\"async\" class=\"aligncenter wp-image-7355 size-full\" title=\"Mylo olej\u00ed\u010dek na suchou ple\u0165\" src=\"http:\/\/1001voyagesgourmands.com\/wp-content\/uploads\/2016\/03\/Mylo-olejicek.jpg\" alt=\"Mylo olejicek\" width=\"1000\" height=\"662\" srcset=\"https:\/\/1001voyagesgourmands.com\/wp-content\/uploads\/2016\/03\/Mylo-olejicek.jpg 1000w, https:\/\/1001voyagesgourmands.com\/wp-content\/uploads\/2016\/03\/Mylo-olejicek-800x530.jpg 800w, https:\/\/1001voyagesgourmands.com\/wp-content\/uploads\/2016\/03\/Mylo-olejicek-300x199.jpg 300w, https:\/\/1001voyagesgourmands.com\/wp-content\/uploads\/2016\/03\/Mylo-olejicek-768x508.jpg 768w, https:\/\/1001voyagesgourmands.com\/wp-content\/uploads\/2016\/03\/Mylo-olejicek-780x516.jpg 780w, https:\/\/1001voyagesgourmands.com\/wp-content\/uploads\/2016\/03\/Mylo-olejicek-585x387.jpg 585w, https:\/\/1001voyagesgourmands.com\/wp-content\/uploads\/2016\/03\/Mylo-olejicek-263x175.jpg 263w\" sizes=\"auto, (max-width: 1000px) 100vw, 1000px\" \/><\/p>\n<p style=\"text-align: justify;\">No a od soused\u016f SRNA m\u00e1m <strong>dv\u011b misti\u010dky ze sklenic na okurky&nbsp;<\/strong>a<strong> malou v\u00e1zi\u010dku z lahve od Oranginy<\/strong>. Kr\u00e1sn\u011b v nich ho\u0159\u00ed sv\u00ed\u010dky, ale na o\u0159\u00ed\u0161ky je taky fajn. \ud83d\ude09<\/p>\n<p style=\"text-align: justify;\"><img loading=\"lazy\" decoding=\"async\" class=\"aligncenter wp-image-7306 size-full\" title=\"misti\u010dka od SRNA\" src=\"http:\/\/1001voyagesgourmands.com\/wp-content\/uploads\/2016\/03\/Moje-2.jpg\" alt=\"misticka od SRNA\" width=\"1000\" height=\"663\" srcset=\"https:\/\/1001voyagesgourmands.com\/wp-content\/uploads\/2016\/03\/Moje-2.jpg 1000w, https:\/\/1001voyagesgourmands.com\/wp-content\/uploads\/2016\/03\/Moje-2-800x530.jpg 800w, https:\/\/1001voyagesgourmands.com\/wp-content\/uploads\/2016\/03\/Moje-2-300x199.jpg 300w, https:\/\/1001voyagesgourmands.com\/wp-content\/uploads\/2016\/03\/Moje-2-768x509.jpg 768w, https:\/\/1001voyagesgourmands.com\/wp-content\/uploads\/2016\/03\/Moje-2-780x516.jpg 780w, https:\/\/1001voyagesgourmands.com\/wp-content\/uploads\/2016\/03\/Moje-2-585x388.jpg 585w, https:\/\/1001voyagesgourmands.com\/wp-content\/uploads\/2016\/03\/Moje-2-263x175.jpg 263w\" sizes=\"auto, (max-width: 1000px) 100vw, 1000px\" \/><\/p>\n<p style=\"text-align: justify;\">Pokud se v\u00e1m koncept akce l\u00edb\u00ed a cht\u011bli byste p\u0159\u00ed\u0161t\u011b p\u0159ij\u00edt, sledujte Czech Fashion and Design Weekend na <a href=\"https:\/\/www.facebook.com\/CzechFashionDesignWeekend\/?fref=ts\" target=\"_blank\" rel=\"noopener noreferrer\">FB str\u00e1nk\u00e1ch<\/a>.<\/p>\n","protected":false},"excerpt":{"rendered":"<p>Ve dnech 4. &#8211; 6. b\u0159ezna 2016 se v Plze\u0148sk\u00e9m dom\u011b v Bruselu konal Czech Fashion and Design Weekend, po\u0159\u00e1dan\u00fd \u010cesk\u00fdm centrem v Bruselu ve spolupr\u00e1ci se Zastoupen\u00edm Plze\u0148sk\u00e9ho&nbsp;a Jihomoravsk\u00e9ho kraje. Akce, b\u011bhem kter\u00e9 maj\u00ed brusel\u0161t\u00ed mo\u017enost nakoupit n\u011bjakou origin\u00e1ln\u00ed m\u00f3du, \u0161perky, dopl\u0148ky, p\u0159\u00edrodn\u00ed kosmetiku nebo designov\u00e9 v\u00fdrobky od \u010desk\u00fdch&hellip;<\/p>\n","protected":false},"author":1,"featured_media":7326,"comment_status":"open","ping_status":"open","sticky":false,"template":"","format":"standard","meta":{"_exactmetrics_skip_tracking":false,"_exactmetrics_sitenote_active":false,"_exactmetrics_sitenote_note":"","_exactmetrics_sitenote_category":0,"_lmt_disableupdate":"","_lmt_disable":"","footnotes":""},"categories":[362,527,4,641,19],"tags":[524,396],"class_list":["post-7297","post","type-post","status-publish","format-standard","has-post-thumbnail","hentry","category-belgie","category-brusel","category-cestovani","category-journal-cz","category-zivot-v-belgii","tag-food-akce","tag-zivot-v-belgii"],"yoast_head":"<!-- This site is optimized with the Yoast SEO plugin v26.1.1 - https:\/\/yoast.com\/wordpress\/plugins\/seo\/ -->\n<title>Czech Fashion and Design Weekend v Bruselu - 1001 Voyages Gourmands<\/title>\n<meta name=\"description\" content=\"Akce, b\u011bhem kter\u00e9 maj\u00ed brusel\u0161t\u00ed mo\u017enost nakoupit n\u011bjakou origin\u00e1ln\u00ed m\u00f3du, \u0161perky, dopl\u0148ky, p\u0159\u00edrodn\u00ed kosmetiku nebo designov\u00e9 v\u00fdrobky od \u010desk\u00fdch n\u00e1vrh\u00e1\u0159\u016f\" \/>\n<meta name=\"robots\" content=\"index, follow, max-snippet:-1, max-image-preview:large, max-video-preview:-1\" \/>\n<link rel=\"canonical\" href=\"https:\/\/1001voyagesgourmands.com\/cs\/czech-fashion-and-design-weekend-v-bruselu\/\" \/>\n<meta property=\"og:locale\" content=\"cs_CZ\" \/>\n<meta property=\"og:type\" content=\"article\" \/>\n<meta property=\"og:title\" content=\"Czech Fashion and Design Weekend v Bruselu - 1001 Voyages Gourmands\" \/>\n<meta property=\"og:description\" content=\"Akce, b\u011bhem kter\u00e9 maj\u00ed brusel\u0161t\u00ed mo\u017enost nakoupit n\u011bjakou origin\u00e1ln\u00ed m\u00f3du, \u0161perky, dopl\u0148ky, p\u0159\u00edrodn\u00ed kosmetiku nebo designov\u00e9 v\u00fdrobky od \u010desk\u00fdch n\u00e1vrh\u00e1\u0159\u016f\" \/>\n<meta property=\"og:url\" content=\"https:\/\/1001voyagesgourmands.com\/cs\/czech-fashion-and-design-weekend-v-bruselu\/\" \/>\n<meta property=\"og:site_name\" content=\"1001 Voyages Gourmands\" \/>\n<meta property=\"article:publisher\" content=\"https:\/\/www.facebook.com\/1001voyagesgourmands\" \/>\n<meta property=\"article:published_time\" content=\"2016-03-20T21:22:07+00:00\" \/>\n<meta property=\"article:modified_time\" content=\"2020-12-02T11:23:44+00:00\" \/>\n<meta property=\"og:image\" content=\"https:\/\/1001voyagesgourmands.com\/wp-content\/uploads\/2016\/03\/Porcelan.jpg\" \/>\n\t<meta property=\"og:image:width\" content=\"1000\" \/>\n\t<meta property=\"og:image:height\" content=\"663\" \/>\n\t<meta property=\"og:image:type\" content=\"image\/jpeg\" \/>\n<meta name=\"author\" content=\"Michaela\" \/>\n<meta name=\"twitter:card\" content=\"summary_large_image\" \/>\n<meta name=\"twitter:creator\" content=\"@michaela_1001vg\" \/>\n<meta name=\"twitter:site\" content=\"@michaela_1001vg\" \/>\n<meta name=\"twitter:label1\" content=\"Napsal(a)\" \/>\n\t<meta name=\"twitter:data1\" content=\"Michaela\" \/>\n\t<meta name=\"twitter:label2\" content=\"Odhadovan\u00e1 doba \u010dten\u00ed\" \/>\n\t<meta name=\"twitter:data2\" content=\"4 minuty\" \/>\n<script type=\"application\/ld+json\" class=\"yoast-schema-graph\">{\"@context\":\"https:\/\/schema.org\",\"@graph\":[{\"@type\":\"WebPage\",\"@id\":\"https:\/\/1001voyagesgourmands.com\/cs\/czech-fashion-and-design-weekend-v-bruselu\/\",\"url\":\"https:\/\/1001voyagesgourmands.com\/cs\/czech-fashion-and-design-weekend-v-bruselu\/\",\"name\":\"Czech Fashion and Design Weekend v Bruselu - 1001 Voyages Gourmands\",\"isPartOf\":{\"@id\":\"https:\/\/1001voyagesgourmands.com\/cs\/#website\"},\"primaryImageOfPage\":{\"@id\":\"https:\/\/1001voyagesgourmands.com\/cs\/czech-fashion-and-design-weekend-v-bruselu\/#primaryimage\"},\"image\":{\"@id\":\"https:\/\/1001voyagesgourmands.com\/cs\/czech-fashion-and-design-weekend-v-bruselu\/#primaryimage\"},\"thumbnailUrl\":\"https:\/\/1001voyagesgourmands.com\/wp-content\/uploads\/2016\/03\/Porcelan.jpg\",\"datePublished\":\"2016-03-20T21:22:07+00:00\",\"dateModified\":\"2020-12-02T11:23:44+00:00\",\"author\":{\"@id\":\"https:\/\/1001voyagesgourmands.com\/cs\/#\/schema\/person\/62e0e7238fcf7482b23bf83e1b72ff1b\"},\"description\":\"Akce, b\u011bhem kter\u00e9 maj\u00ed brusel\u0161t\u00ed mo\u017enost nakoupit n\u011bjakou origin\u00e1ln\u00ed m\u00f3du, \u0161perky, dopl\u0148ky, p\u0159\u00edrodn\u00ed kosmetiku nebo designov\u00e9 v\u00fdrobky od \u010desk\u00fdch n\u00e1vrh\u00e1\u0159\u016f\",\"breadcrumb\":{\"@id\":\"https:\/\/1001voyagesgourmands.com\/cs\/czech-fashion-and-design-weekend-v-bruselu\/#breadcrumb\"},\"inLanguage\":\"cs\",\"potentialAction\":[{\"@type\":\"ReadAction\",\"target\":[\"https:\/\/1001voyagesgourmands.com\/cs\/czech-fashion-and-design-weekend-v-bruselu\/\"]}]},{\"@type\":\"ImageObject\",\"inLanguage\":\"cs\",\"@id\":\"https:\/\/1001voyagesgourmands.com\/cs\/czech-fashion-and-design-weekend-v-bruselu\/#primaryimage\",\"url\":\"https:\/\/1001voyagesgourmands.com\/wp-content\/uploads\/2016\/03\/Porcelan.jpg\",\"contentUrl\":\"https:\/\/1001voyagesgourmands.com\/wp-content\/uploads\/2016\/03\/Porcelan.jpg\",\"width\":1000,\"height\":663,\"caption\":\"Stehl\u00edk design\"},{\"@type\":\"BreadcrumbList\",\"@id\":\"https:\/\/1001voyagesgourmands.com\/cs\/czech-fashion-and-design-weekend-v-bruselu\/#breadcrumb\",\"itemListElement\":[{\"@type\":\"ListItem\",\"position\":1,\"name\":\"Dom\u016f\",\"item\":\"https:\/\/1001voyagesgourmands.com\/cs\/\"},{\"@type\":\"ListItem\",\"position\":2,\"name\":\"Czech Fashion and Design Weekend v Bruselu\"}]},{\"@type\":\"WebSite\",\"@id\":\"https:\/\/1001voyagesgourmands.com\/cs\/#website\",\"url\":\"https:\/\/1001voyagesgourmands.com\/cs\/\",\"name\":\"1001 Voyages Gourmands\",\"description\":\"Food | Travel | Photography\",\"potentialAction\":[{\"@type\":\"SearchAction\",\"target\":{\"@type\":\"EntryPoint\",\"urlTemplate\":\"https:\/\/1001voyagesgourmands.com\/cs\/?s={search_term_string}\"},\"query-input\":{\"@type\":\"PropertyValueSpecification\",\"valueRequired\":true,\"valueName\":\"search_term_string\"}}],\"inLanguage\":\"cs\"},{\"@type\":\"Person\",\"@id\":\"https:\/\/1001voyagesgourmands.com\/cs\/#\/schema\/person\/62e0e7238fcf7482b23bf83e1b72ff1b\",\"name\":\"Michaela\",\"image\":{\"@type\":\"ImageObject\",\"inLanguage\":\"cs\",\"@id\":\"https:\/\/1001voyagesgourmands.com\/cs\/#\/schema\/person\/image\/\",\"url\":\"https:\/\/secure.gravatar.com\/avatar\/73fa562a5b0ce269ca480f67de504b8ecac054a121d170e226f1b79e02024cb8?s=96&d=mm&r=g\",\"contentUrl\":\"https:\/\/secure.gravatar.com\/avatar\/73fa562a5b0ce269ca480f67de504b8ecac054a121d170e226f1b79e02024cb8?s=96&d=mm&r=g\",\"caption\":\"Michaela\"},\"sameAs\":[\"http:\/\/1001voyagesgourmands.com\"]}]}<\/script>\n<!-- \/ Yoast SEO plugin. -->","yoast_head_json":{"title":"Czech Fashion and Design Weekend v Bruselu - 1001 Voyages Gourmands","description":"Akce, b\u011bhem kter\u00e9 maj\u00ed brusel\u0161t\u00ed mo\u017enost nakoupit n\u011bjakou origin\u00e1ln\u00ed m\u00f3du, \u0161perky, dopl\u0148ky, p\u0159\u00edrodn\u00ed kosmetiku nebo designov\u00e9 v\u00fdrobky od \u010desk\u00fdch n\u00e1vrh\u00e1\u0159\u016f","robots":{"index":"index","follow":"follow","max-snippet":"max-snippet:-1","max-image-preview":"max-image-preview:large","max-video-preview":"max-video-preview:-1"},"canonical":"https:\/\/1001voyagesgourmands.com\/cs\/czech-fashion-and-design-weekend-v-bruselu\/","og_locale":"cs_CZ","og_type":"article","og_title":"Czech Fashion and Design Weekend v Bruselu - 1001 Voyages Gourmands","og_description":"Akce, b\u011bhem kter\u00e9 maj\u00ed brusel\u0161t\u00ed mo\u017enost nakoupit n\u011bjakou origin\u00e1ln\u00ed m\u00f3du, \u0161perky, dopl\u0148ky, p\u0159\u00edrodn\u00ed kosmetiku nebo designov\u00e9 v\u00fdrobky od \u010desk\u00fdch n\u00e1vrh\u00e1\u0159\u016f","og_url":"https:\/\/1001voyagesgourmands.com\/cs\/czech-fashion-and-design-weekend-v-bruselu\/","og_site_name":"1001 Voyages Gourmands","article_publisher":"https:\/\/www.facebook.com\/1001voyagesgourmands","article_published_time":"2016-03-20T21:22:07+00:00","article_modified_time":"2020-12-02T11:23:44+00:00","og_image":[{"width":1000,"height":663,"url":"https:\/\/1001voyagesgourmands.com\/wp-content\/uploads\/2016\/03\/Porcelan.jpg","type":"image\/jpeg"}],"author":"Michaela","twitter_card":"summary_large_image","twitter_creator":"@michaela_1001vg","twitter_site":"@michaela_1001vg","twitter_misc":{"Napsal(a)":"Michaela","Odhadovan\u00e1 doba \u010dten\u00ed":"4 minuty"},"schema":{"@context":"https:\/\/schema.org","@graph":[{"@type":"WebPage","@id":"https:\/\/1001voyagesgourmands.com\/cs\/czech-fashion-and-design-weekend-v-bruselu\/","url":"https:\/\/1001voyagesgourmands.com\/cs\/czech-fashion-and-design-weekend-v-bruselu\/","name":"Czech Fashion and Design Weekend v Bruselu - 1001 Voyages Gourmands","isPartOf":{"@id":"https:\/\/1001voyagesgourmands.com\/cs\/#website"},"primaryImageOfPage":{"@id":"https:\/\/1001voyagesgourmands.com\/cs\/czech-fashion-and-design-weekend-v-bruselu\/#primaryimage"},"image":{"@id":"https:\/\/1001voyagesgourmands.com\/cs\/czech-fashion-and-design-weekend-v-bruselu\/#primaryimage"},"thumbnailUrl":"https:\/\/1001voyagesgourmands.com\/wp-content\/uploads\/2016\/03\/Porcelan.jpg","datePublished":"2016-03-20T21:22:07+00:00","dateModified":"2020-12-02T11:23:44+00:00","author":{"@id":"https:\/\/1001voyagesgourmands.com\/cs\/#\/schema\/person\/62e0e7238fcf7482b23bf83e1b72ff1b"},"description":"Akce, b\u011bhem kter\u00e9 maj\u00ed brusel\u0161t\u00ed mo\u017enost nakoupit n\u011bjakou origin\u00e1ln\u00ed m\u00f3du, \u0161perky, dopl\u0148ky, p\u0159\u00edrodn\u00ed kosmetiku nebo designov\u00e9 v\u00fdrobky od \u010desk\u00fdch n\u00e1vrh\u00e1\u0159\u016f","breadcrumb":{"@id":"https:\/\/1001voyagesgourmands.com\/cs\/czech-fashion-and-design-weekend-v-bruselu\/#breadcrumb"},"inLanguage":"cs","potentialAction":[{"@type":"ReadAction","target":["https:\/\/1001voyagesgourmands.com\/cs\/czech-fashion-and-design-weekend-v-bruselu\/"]}]},{"@type":"ImageObject","inLanguage":"cs","@id":"https:\/\/1001voyagesgourmands.com\/cs\/czech-fashion-and-design-weekend-v-bruselu\/#primaryimage","url":"https:\/\/1001voyagesgourmands.com\/wp-content\/uploads\/2016\/03\/Porcelan.jpg","contentUrl":"https:\/\/1001voyagesgourmands.com\/wp-content\/uploads\/2016\/03\/Porcelan.jpg","width":1000,"height":663,"caption":"Stehl\u00edk design"},{"@type":"BreadcrumbList","@id":"https:\/\/1001voyagesgourmands.com\/cs\/czech-fashion-and-design-weekend-v-bruselu\/#breadcrumb","itemListElement":[{"@type":"ListItem","position":1,"name":"Dom\u016f","item":"https:\/\/1001voyagesgourmands.com\/cs\/"},{"@type":"ListItem","position":2,"name":"Czech Fashion and Design Weekend v Bruselu"}]},{"@type":"WebSite","@id":"https:\/\/1001voyagesgourmands.com\/cs\/#website","url":"https:\/\/1001voyagesgourmands.com\/cs\/","name":"1001 Voyages Gourmands","description":"Food | Travel | Photography","potentialAction":[{"@type":"SearchAction","target":{"@type":"EntryPoint","urlTemplate":"https:\/\/1001voyagesgourmands.com\/cs\/?s={search_term_string}"},"query-input":{"@type":"PropertyValueSpecification","valueRequired":true,"valueName":"search_term_string"}}],"inLanguage":"cs"},{"@type":"Person","@id":"https:\/\/1001voyagesgourmands.com\/cs\/#\/schema\/person\/62e0e7238fcf7482b23bf83e1b72ff1b","name":"Michaela","image":{"@type":"ImageObject","inLanguage":"cs","@id":"https:\/\/1001voyagesgourmands.com\/cs\/#\/schema\/person\/image\/","url":"https:\/\/secure.gravatar.com\/avatar\/73fa562a5b0ce269ca480f67de504b8ecac054a121d170e226f1b79e02024cb8?s=96&d=mm&r=g","contentUrl":"https:\/\/secure.gravatar.com\/avatar\/73fa562a5b0ce269ca480f67de504b8ecac054a121d170e226f1b79e02024cb8?s=96&d=mm&r=g","caption":"Michaela"},"sameAs":["http:\/\/1001voyagesgourmands.com"]}]}},"_links":{"self":[{"href":"https:\/\/1001voyagesgourmands.com\/cs\/wp-json\/wp\/v2\/posts\/7297","targetHints":{"allow":["GET"]}}],"collection":[{"href":"https:\/\/1001voyagesgourmands.com\/cs\/wp-json\/wp\/v2\/posts"}],"about":[{"href":"https:\/\/1001voyagesgourmands.com\/cs\/wp-json\/wp\/v2\/types\/post"}],"author":[{"embeddable":true,"href":"https:\/\/1001voyagesgourmands.com\/cs\/wp-json\/wp\/v2\/users\/1"}],"replies":[{"embeddable":true,"href":"https:\/\/1001voyagesgourmands.com\/cs\/wp-json\/wp\/v2\/comments?post=7297"}],"version-history":[{"count":1,"href":"https:\/\/1001voyagesgourmands.com\/cs\/wp-json\/wp\/v2\/posts\/7297\/revisions"}],"predecessor-version":[{"id":28179,"href":"https:\/\/1001voyagesgourmands.com\/cs\/wp-json\/wp\/v2\/posts\/7297\/revisions\/28179"}],"wp:featuredmedia":[{"embeddable":true,"href":"https:\/\/1001voyagesgourmands.com\/cs\/wp-json\/wp\/v2\/media\/7326"}],"wp:attachment":[{"href":"https:\/\/1001voyagesgourmands.com\/cs\/wp-json\/wp\/v2\/media?parent=7297"}],"wp:term":[{"taxonomy":"category","embeddable":true,"href":"https:\/\/1001voyagesgourmands.com\/cs\/wp-json\/wp\/v2\/categories?post=7297"},{"taxonomy":"post_tag","embeddable":true,"href":"https:\/\/1001voyagesgourmands.com\/cs\/wp-json\/wp\/v2\/tags?post=7297"}],"curies":[{"name":"wp","href":"https:\/\/api.w.org\/{rel}","templated":true}]}}