{"id":6705,"date":"2016-01-31T13:48:03","date_gmt":"2016-01-31T12:48:03","guid":{"rendered":"http:\/\/1001voyagesgourmands.com\/?p=6705"},"modified":"2017-12-05T23:30:34","modified_gmt":"2017-12-05T22:30:34","slug":"zapecene-cekanky-belgicka-klasika","status":"publish","type":"post","link":"https:\/\/1001voyagesgourmands.com\/cs\/zapecene-cekanky-belgicka-klasika\/","title":{"rendered":"Zape\u010den\u00e9 \u010dekanky &#8211; belgick\u00e1 klasika"},"content":{"rendered":"<p style=\"text-align: justify;\">Na typick\u00e9 belgick\u00e9 j\u00eddlo, jako jsou zape\u010den\u00e9 \u010dekanky (francouzsky chicon au gratin) tu v&nbsp;Bruselu naraz\u00edte v&nbsp;belgick\u00fdch hospod\u00e1ch typu \u201ebrasserie\u201c dost \u010dasto. V kostce jde o va\u0159en\u00e9 \u010dekanky zabalen\u00e9 v \u0161unce a zape\u010den\u00e9 spolu s be\u0161amelovou om\u00e1\u010dkou a s\u00fdrem. M\u00e1m tohle j\u00eddlo moc&nbsp;r\u00e1da, ale venku si ho bohu\u017eel d\u00e1t nem\u016f\u017eu a to proto, \u017ee vegetari\u00e1nskou variantu jsem je\u0161t\u011b nikde nevid\u011bla. Z toho vypl\u00fdv\u00e1, \u017ee ho \u010dasto va\u0159\u00edm doma, jednodu\u0161e s vegetari\u00e1nskou &#8222;\u0161unkou&#8220;. Naposledy jsem to d\u011blala z&nbsp;quornov\u00e9 (quorn = houbov\u00e1 b\u00edlkovina), jinak&nbsp;v&nbsp;\u010cech\u00e1ch je plno dobr\u00fdch variac\u00ed vegetari\u00e1nsk\u00e9 \u201e\u0161unky\u201c. Tak\u017ee si&nbsp;se\u017ee\u0148te v&nbsp;obchodech se zdravou v\u00fd\u017eivou n\u011bjakou, kterou m\u00e1te r\u00e1di, a \u0161up vyzkou\u0161et tuhle moc dobrou v\u011bc! Maso\u017eravci pou\u017eij\u00ed \u0161unku dle libosti.<\/p>\n<p style=\"text-align: justify;\"><img loading=\"lazy\" decoding=\"async\" class=\"aligncenter wp-image-6980\" src=\"http:\/\/1001voyagesgourmands.com\/wp-content\/uploads\/2016\/01\/Zape\u010den\u00e9-\u010dekanky-2-678x1024.jpg\" alt=\"Moc dobr\u00fd vegetari\u00e1nsk\u00fd recept na zape\u010den\u00e9 \u010dekanky, neboli belgickou klasiku chicon au gratin.\" width=\"775\" height=\"1170\" srcset=\"https:\/\/1001voyagesgourmands.com\/wp-content\/uploads\/2016\/01\/Zape\u010den\u00e9-\u010dekanky-2-678x1024.jpg 678w, https:\/\/1001voyagesgourmands.com\/wp-content\/uploads\/2016\/01\/Zape\u010den\u00e9-\u010dekanky-2-199x300.jpg 199w, https:\/\/1001voyagesgourmands.com\/wp-content\/uploads\/2016\/01\/Zape\u010den\u00e9-\u010dekanky-2-768x1160.jpg 768w, https:\/\/1001voyagesgourmands.com\/wp-content\/uploads\/2016\/01\/Zape\u010den\u00e9-\u010dekanky-2-1170x1767.jpg 1170w, https:\/\/1001voyagesgourmands.com\/wp-content\/uploads\/2016\/01\/Zape\u010den\u00e9-\u010dekanky-2-1920x2899.jpg 1920w, https:\/\/1001voyagesgourmands.com\/wp-content\/uploads\/2016\/01\/Zape\u010den\u00e9-\u010dekanky-2-585x883.jpg 585w, https:\/\/1001voyagesgourmands.com\/wp-content\/uploads\/2016\/01\/Zape\u010den\u00e9-\u010dekanky-2.jpg 2000w\" sizes=\"auto, (max-width: 775px) 100vw, 775px\" \/><\/p>\n<p style=\"text-align: justify;\">Te\u010f b\u011bhem zimn\u00edch m\u011bs\u00edc\u016f je \u010dekanka v\u0161ude k&nbsp;dost\u00e1n\u00ed, tak\u017ee pokud kolem n\u00ed chod\u00edte v&nbsp;obchodech, r\u00e1di byste ji vyzkou\u0161eli a nev\u00edte co s&nbsp;n\u00ed, tady je jeden zaru\u010den\u011b dobr\u00fd recept!&nbsp;<\/p>\n<p style=\"text-align: justify;\"><img loading=\"lazy\" decoding=\"async\" class=\"aligncenter wp-image-6970\" src=\"http:\/\/1001voyagesgourmands.com\/wp-content\/uploads\/2016\/01\/Zapecene_cekanky-10-1024x681.jpg\" alt=\"Moc dobr\u00fd vegetari\u00e1nsk\u00fd recept na zape\u010den\u00e9 \u010dekanky, neboli belgickou klasiku chicon au gratin. \" width=\"853\" height=\"567\" srcset=\"https:\/\/1001voyagesgourmands.com\/wp-content\/uploads\/2016\/01\/Zapecene_cekanky-10-1024x681.jpg 1024w, https:\/\/1001voyagesgourmands.com\/wp-content\/uploads\/2016\/01\/Zapecene_cekanky-10-300x200.jpg 300w, https:\/\/1001voyagesgourmands.com\/wp-content\/uploads\/2016\/01\/Zapecene_cekanky-10-768x511.jpg 768w, https:\/\/1001voyagesgourmands.com\/wp-content\/uploads\/2016\/01\/Zapecene_cekanky-10-1170x778.jpg 1170w, https:\/\/1001voyagesgourmands.com\/wp-content\/uploads\/2016\/01\/Zapecene_cekanky-10-1920x1277.jpg 1920w, https:\/\/1001voyagesgourmands.com\/wp-content\/uploads\/2016\/01\/Zapecene_cekanky-10-585x389.jpg 585w, https:\/\/1001voyagesgourmands.com\/wp-content\/uploads\/2016\/01\/Zapecene_cekanky-10-263x175.jpg 263w, https:\/\/1001voyagesgourmands.com\/wp-content\/uploads\/2016\/01\/Zapecene_cekanky-10.jpg 2000w\" sizes=\"auto, (max-width: 853px) 100vw, 853px\" \/><\/p>\n<p style=\"text-align: justify;\"><strong>P\u0159\u00edprava zape\u010den\u00fdch \u010dekanek je dost jednoduch\u00e1<\/strong>&nbsp;(pod \u010dl\u00e1nkem m\u00e1te cel\u00fd recept, ale tady jen pro zn\u00e1zorn\u011bn\u00ed): p\u0159ipraven\u00e9&nbsp;\u010dekankov\u00e9 puky ope\u010deme na p\u00e1nvi s m\u00e1slem, \u010desnekem a cukrem, podlijeme trochou vody, aby se nep\u0159ip\u00e9kaly. Za ob\u010dasn\u00e9ho obracen\u00ed je nech\u00e1me je zezl\u00e1tnout po dobu 15 minut.&nbsp;<\/p>\n<p style=\"text-align: justify;\"><img loading=\"lazy\" decoding=\"async\" class=\"aligncenter wp-image-6954\" src=\"http:\/\/1001voyagesgourmands.com\/wp-content\/uploads\/2016\/01\/Zapecene_cekanky-2-1024x678.jpg\" alt=\"Moc dobr\u00fd vegetari\u00e1nsk\u00fd recept na zape\u010den\u00e9 \u010dekanky, neboli belgickou klasiku chicon au gratin.\" width=\"937\" height=\"620\" srcset=\"https:\/\/1001voyagesgourmands.com\/wp-content\/uploads\/2016\/01\/Zapecene_cekanky-2-1024x678.jpg 1024w, https:\/\/1001voyagesgourmands.com\/wp-content\/uploads\/2016\/01\/Zapecene_cekanky-2-800x530.jpg 800w, https:\/\/1001voyagesgourmands.com\/wp-content\/uploads\/2016\/01\/Zapecene_cekanky-2-300x199.jpg 300w, https:\/\/1001voyagesgourmands.com\/wp-content\/uploads\/2016\/01\/Zapecene_cekanky-2-768x509.jpg 768w, https:\/\/1001voyagesgourmands.com\/wp-content\/uploads\/2016\/01\/Zapecene_cekanky-2-1170x775.jpg 1170w, https:\/\/1001voyagesgourmands.com\/wp-content\/uploads\/2016\/01\/Zapecene_cekanky-2-780x516.jpg 780w, https:\/\/1001voyagesgourmands.com\/wp-content\/uploads\/2016\/01\/Zapecene_cekanky-2-1920x1272.jpg 1920w, https:\/\/1001voyagesgourmands.com\/wp-content\/uploads\/2016\/01\/Zapecene_cekanky-2-585x388.jpg 585w, https:\/\/1001voyagesgourmands.com\/wp-content\/uploads\/2016\/01\/Zapecene_cekanky-2-263x175.jpg 263w, https:\/\/1001voyagesgourmands.com\/wp-content\/uploads\/2016\/01\/Zapecene_cekanky-2.jpg 2000w\" sizes=\"auto, (max-width: 937px) 100vw, 937px\" \/><\/p>\n<p style=\"text-align: justify;\">Pot\u00e9 obal\u00edme \u010dekanky v pl\u00e1tc\u00edch vegetari\u00e1nsk\u00e9 \u0161unky (klidn\u011b pou\u017eijte 2 pl\u00e1tky, aby byly cel\u00e9 \u010dekankov\u00e9 puky zabalen\u00e9) a klademe je jednu po druh\u00e9 do zap\u00e9kac\u00ed m\u00edsy.<\/p>\n<p style=\"text-align: justify;\"><img loading=\"lazy\" decoding=\"async\" class=\"aligncenter wp-image-6972\" src=\"http:\/\/1001voyagesgourmands.com\/wp-content\/uploads\/2016\/01\/Zapecene_cekanky-1024x678.jpg\" alt=\"Moc dobr\u00fd vegetari\u00e1nsk\u00fd recept na zape\u010den\u00e9 \u010dekanky, neboli belgickou klasiku chicon au gratin.\" width=\"790\" height=\"523\" srcset=\"https:\/\/1001voyagesgourmands.com\/wp-content\/uploads\/2016\/01\/Zapecene_cekanky-1024x678.jpg 1024w, https:\/\/1001voyagesgourmands.com\/wp-content\/uploads\/2016\/01\/Zapecene_cekanky-800x530.jpg 800w, https:\/\/1001voyagesgourmands.com\/wp-content\/uploads\/2016\/01\/Zapecene_cekanky-300x199.jpg 300w, https:\/\/1001voyagesgourmands.com\/wp-content\/uploads\/2016\/01\/Zapecene_cekanky-768x509.jpg 768w, https:\/\/1001voyagesgourmands.com\/wp-content\/uploads\/2016\/01\/Zapecene_cekanky-1170x775.jpg 1170w, https:\/\/1001voyagesgourmands.com\/wp-content\/uploads\/2016\/01\/Zapecene_cekanky-780x516.jpg 780w, https:\/\/1001voyagesgourmands.com\/wp-content\/uploads\/2016\/01\/Zapecene_cekanky-1920x1272.jpg 1920w, https:\/\/1001voyagesgourmands.com\/wp-content\/uploads\/2016\/01\/Zapecene_cekanky-585x388.jpg 585w, https:\/\/1001voyagesgourmands.com\/wp-content\/uploads\/2016\/01\/Zapecene_cekanky-263x175.jpg 263w, https:\/\/1001voyagesgourmands.com\/wp-content\/uploads\/2016\/01\/Zapecene_cekanky.jpg 2000w\" sizes=\"auto, (max-width: 790px) 100vw, 790px\" \/><\/p>\n<p style=\"text-align: justify;\">P\u0159elijeme be\u0161amelovou om\u00e1\u010dkou, posypeme s\u00fdrem a pe\u010deme v p\u0159edeh\u0159\u00e1t\u00e9 troub\u011b 20 minut.<\/p>\n<p style=\"text-align: justify;\"><img loading=\"lazy\" decoding=\"async\" class=\"aligncenter wp-image-6964\" src=\"http:\/\/1001voyagesgourmands.com\/wp-content\/uploads\/2016\/01\/Zapecene_cekanky-7-1024x678.jpg\" alt=\"Moc dobr\u00fd vegetari\u00e1nsk\u00fd recept na zape\u010den\u00e9 \u010dekanky, neboli belgickou klasiku chicon au gratin.\" width=\"997\" height=\"660\" srcset=\"https:\/\/1001voyagesgourmands.com\/wp-content\/uploads\/2016\/01\/Zapecene_cekanky-7-1024x678.jpg 1024w, https:\/\/1001voyagesgourmands.com\/wp-content\/uploads\/2016\/01\/Zapecene_cekanky-7-800x530.jpg 800w, https:\/\/1001voyagesgourmands.com\/wp-content\/uploads\/2016\/01\/Zapecene_cekanky-7-300x199.jpg 300w, https:\/\/1001voyagesgourmands.com\/wp-content\/uploads\/2016\/01\/Zapecene_cekanky-7-768x509.jpg 768w, https:\/\/1001voyagesgourmands.com\/wp-content\/uploads\/2016\/01\/Zapecene_cekanky-7-1170x775.jpg 1170w, https:\/\/1001voyagesgourmands.com\/wp-content\/uploads\/2016\/01\/Zapecene_cekanky-7-780x516.jpg 780w, https:\/\/1001voyagesgourmands.com\/wp-content\/uploads\/2016\/01\/Zapecene_cekanky-7-1920x1272.jpg 1920w, https:\/\/1001voyagesgourmands.com\/wp-content\/uploads\/2016\/01\/Zapecene_cekanky-7-585x388.jpg 585w, https:\/\/1001voyagesgourmands.com\/wp-content\/uploads\/2016\/01\/Zapecene_cekanky-7-263x175.jpg 263w, https:\/\/1001voyagesgourmands.com\/wp-content\/uploads\/2016\/01\/Zapecene_cekanky-7.jpg 2000w\" sizes=\"auto, (max-width: 997px) 100vw, 997px\" \/><\/p>\n<p>    <div class=\"blog-yumprint-recipe blog-yumprint-standard   blog-yumprint-numbered-methods \" yumprintrecipe=\"wCjf\" itemscope itemtype=\"http:\/\/schema.org\/Recipe\">    <img decoding=\"async\" class=\"blog-yumprint-google-image\" src=\"http:\/\/1001voyagesgourmands.com\/wp-content\/uploads\/2016\/01\/Zapecene_cekanky-10-1024x681.jpg\" style=\"display:block;position:absolute;left:-10000px;top:-10000px;\" itemprop=\"image\" \/>\t\t<div class=\"blog-yumprint-photo-top\" style=\"background-image: url(http:\/\/1001voyagesgourmands.com\/wp-content\/uploads\/2016\/01\/Zapecene_cekanky-10-1024x681.jpg)\"><\/div>\t<div class=\"blog-yumprint-recipe-title\" itemprop=\"name\">Zape\u010den\u00e9 \u010dekanky - belgick\u00e1 klasika<\/div>\t<div class=\"blog-yumprint-recipe-published\" itemprop=\"datePublished\">2016-01-31 13:30:34<\/div>\t\t<img decoding=\"async\" class=\"blog-yumprint-photo-top-large\" src=\"http:\/\/1001voyagesgourmands.com\/wp-content\/uploads\/2016\/01\/Zapecene_cekanky-10-1024x681.jpg\" \/>    <div class=\"blog-yumprint-serves\">Porc\u00ed 2<\/div>\t<div class=\"blog-yumprint-header\">\t\t<div class='blog-yumprint-stars-reviews' itemprop=\"aggregateRating\" itemscope itemtype=\"http:\/\/schema.org\/AggregateRating\" color=\"#D6D2D3\" highlightcolor=\"#b0acad\" emptycolor=\"#D6D2D3\" rating=\"0\" count=\"0\">\r\n\t\t\t<div class='blog-yumprint-star-wrapper'>\r\n\t\t\t\t<div class='blog-yumprint-star-container'><\/div>\r\n\t\t\t\t<meta itemprop=\"ratingValue\" content=\"0\" \/>\r\n\t\t\t\t<meta itemprop=\"bestRating\" content=\"4\" \/>\r\n\t\t\t\t<div class=\"blog-yumprint-review-count\" itemprop=\"reviewCount\" content=\"0\"><\/div>\r\n\t\t\t<\/div>\r\n\t\t\t<div class='blog-yumprint-write-review'>Ohodno\u0165te<\/div>\r\n\t\t<\/div>\t\t<div class=\"blog-yumprint-save blog-yumprint-action\"><a href=\"http:\/\/yumprint.com\/app\/object\/wCjf\">Ulo\u017eit recept<\/a><\/div>\t\t<div class=\"blog-yumprint-print blog-yumprint-action\">Vytisknout<\/div>\t<\/div>\t<div class=\"blog-yumprint-spacer\"><\/div>\t<div class=\"blog-yumprint-info-bar\">\t\t<div class=\"blog-yumprint-infobar-section\">\r\n\t\t\t<div class=\"blog-yumprint-infobar-section-title\">Doba p\u0159\u00edpravy<\/div>\r\n\t\t\t<div class=\"blog-yumprint-infobar-section-data\" itemprop=\"prepTime\" datetime=\"PT15M\">15 min <span class=\"value-title\" title=\"PT15M\"><\/span><\/div>\r\n\t\t<\/div>\t\t<div class=\"blog-yumprint-infobar-section\">\r\n\t\t\t<div class=\"blog-yumprint-infobar-section-title\">Doba va\u0159en\u00ed<\/div>\r\n\t\t\t<div class=\"blog-yumprint-infobar-section-data\" itemprop=\"cookTime\" datetime=\"PT40M\">40 min <span class=\"value-title\" title=\"PT40M\"><\/span><\/div>\r\n\t\t<\/div>\t\t<div class=\"blog-yumprint-infobar-section\">\r\n\t\t\t<div class=\"blog-yumprint-infobar-section-title\">Celkov\u00e1 doba<\/div>\r\n\t\t\t<div class=\"blog-yumprint-infobar-section-data\" itemprop=\"totalTime\" datetime=\"PT55M\">55 min <span class=\"value-title\" title=\"PT55M\"><\/span><\/div>\r\n\t\t<\/div>\t<\/div>\t<div class=\"blog-yumprint-recipe-contents\">\t\t<div class=\"blog-yumprint-photo-middle\" style=\"background-image: url(http:\/\/1001voyagesgourmands.com\/wp-content\/uploads\/2016\/01\/Zapecene_cekanky-10-1024x681.jpg)\"><\/div>\t\t<div class=\"blog-yumprint-info-box\">\t\t<div class=\"blog-yumprint-infobox-section\">\r\n\t\t\t<div class=\"blog-yumprint-infobox-section-title\">Doba p\u0159\u00edpravy<\/div>\r\n\t\t\t<div class=\"duration blog-yumprint-infobox-section-data\" itemprop=\"prepTime\" dateTime=\"PT15M\">15 min <span class=\"value-title\" title=\"PT15M\"><\/span><\/div>\r\n\t\t<\/div>\t\t<div class=\"blog-yumprint-infobox-section\">\r\n\t\t\t<div class=\"blog-yumprint-infobox-section-title\">Doba va\u0159en\u00ed<\/div>\r\n\t\t\t<div class=\"duration blog-yumprint-infobox-section-data\" itemprop=\"cookTime\" dateTime=\"PT40M\">40 min <span class=\"value-title\" title=\"PT40M\"><\/span><\/div>\r\n\t\t<\/div>\t\t<div class=\"blog-yumprint-infobox-section\">\r\n\t\t\t<div class=\"blog-yumprint-infobox-section-title\">Celkov\u00e1 doba<\/div>\r\n\t\t\t<div class=\"duration blog-yumprint-infobox-section-data\" itemprop=\"totalTime\" datetime=\"PT55M\">55 min <span class=\"value-title\" title=\"PT55M\"><\/span><\/div>\r\n\t\t<\/div>\t<\/div>\t\t<div class=\"blog-yumprint-ingredient-section\" yumprintsection=\"0\">                <div class=\"blog-yumprint-subheader\">Suroviny<\/div>\t\t\t<ol class='blog-yumprint-ingredients'>\t\t\t\t<li class=\"blog-yumprint-ingredient-item\" yumprintitem=\"0\" itemprop=\"ingredients\">4 \u010dekankov\u00e9 puky<\/li>\t\t\t\t<li class=\"blog-yumprint-ingredient-item\" yumprintitem=\"1\" itemprop=\"ingredients\">25 g m\u00e1sla<\/li>\t\t\t\t<li class=\"blog-yumprint-ingredient-item\" yumprintitem=\"2\" itemprop=\"ingredients\">1 l\u017ei\u010dka cukru<\/li>\t\t\t\t<li class=\"blog-yumprint-ingredient-item\" yumprintitem=\"3\" itemprop=\"ingredients\">1 strou\u017eek \u010desneku<\/li>\t\t\t\t<li class=\"blog-yumprint-ingredient-item\" yumprintitem=\"4\" itemprop=\"ingredients\">4-8 kole\u010dek vegetari\u00e1nsk\u00e9 \u0161unky (z\u00e1le\u017e\u00ed na velikosti - tak abyste do n\u00ed obalily cel\u00e9 \u010dekanky)<\/li>\t\t\t\t<li class=\"blog-yumprint-ingredient-item\" yumprintitem=\"5\" itemprop=\"ingredients\">20 g m\u00e1sla<\/li>\t\t\t\t<li class=\"blog-yumprint-ingredient-item\" yumprintitem=\"6\" itemprop=\"ingredients\">2 l\u017e\u00edce mouky<\/li>\t\t\t\t<li class=\"blog-yumprint-ingredient-item\" yumprintitem=\"7\" itemprop=\"ingredients\">250 ml ml\u00e9ka<\/li>\t\t\t\t<li class=\"blog-yumprint-ingredient-item\" yumprintitem=\"8\" itemprop=\"ingredients\">1 l\u017e\u00edce smetany<\/li>\t\t\t\t<li class=\"blog-yumprint-ingredient-item\" yumprintitem=\"9\" itemprop=\"ingredients\">S\u016fl, pep\u0159<\/li>\t\t\t\t<li class=\"blog-yumprint-ingredient-item\" yumprintitem=\"10\" itemprop=\"ingredients\">\u00bc l\u017ei\u010dky mu\u0161k\u00e1tov\u00e9ho o\u0159\u00ed\u0161ku<\/li>\t\t\t\t<li class=\"blog-yumprint-ingredient-item\" yumprintitem=\"11\" itemprop=\"ingredients\">\u0160petka papriky<\/li>\t\t\t\t<li class=\"blog-yumprint-ingredient-item\" yumprintitem=\"12\" itemprop=\"ingredients\">100 g strouhan\u00e9ho s\u00fdra gruy\u00e8re<\/li>\t\t\t<\/ol>\r\n\t\t<\/div>\t\t<div class=\"blog-yumprint-method-section\" yumprintsection=\"1\">\t\t\t<div class=\"blog-yumprint-subheader\">Postup p\u0159\u00edpravy<\/div>\t\t\t<ol class=\"blog-yumprint-methods\" itemprop=\"recipeInstructions\">\t\t\t\t<li class=\"blog-yumprint-method-item\" yumprintitem=\"0\">\u010cekankov\u00e9 puky omyjeme, odkroj\u00edme konce a odebereme vn\u011bj\u0161\u00ed listy. Oloupeme a nasek\u00e1me \u010desnek.<\/li>\t\t\t\t<li class=\"blog-yumprint-method-item\" yumprintitem=\"1\">V hlubok\u00e9 p\u00e1nvi na na st\u0159edn\u00ed teplot\u011b rozeh\u0159ejeme 25 g m\u00e1sla a orestujeme na n\u011bm \u010desnek, p\u0159id\u00e1me cel\u00e9 \u010dekanky. Podlijeme vodou, p\u0159isypeme l\u017ei\u010dku cukru a nech\u00e1me \u010dekanky zl\u00e1tnout po dobu 15 minut. \u010cekanky m\u00edch\u00e1me a ob\u010das je oto\u010d\u00edme, aby ve \u0161\u0165\u00e1v\u011b zezl\u00e1tly z v\u00edce stran. Pokud doch\u00e1z\u00ed voda, je\u0161t\u011b trochu dolijeme, aby se nep\u0159ip\u00e1lily. \u010cekanky pot\u00e9 d\u00e1me do cedn\u00edku okapat a zbylou \u0161\u0165\u00e1vu z p\u00e1nve si d\u00e1me stranou, proto\u017ee ji pou\u017eijeme pozd\u011bji do be\u0161amelov\u00e9 om\u00e1\u010dky.<\/li>\t\t\t\t<li class=\"blog-yumprint-method-item\" yumprintitem=\"2\">Troubu p\u0159edeh\u0159ejeme na 225\u00b0C.<\/li>\t\t\t\t<li class=\"blog-yumprint-method-item\" yumprintitem=\"3\">P\u0159\u00edprava be\u0161amelov\u00e9 om\u00e1\u010dky: v hrnci rozeh\u0159ejeme m\u00e1slo a kdy\u017e je rozpu\u0161t\u011bn\u00e9, sund\u00e1me z plotny a p\u0159ihod\u00edme mouku, dob\u0159e prom\u00edch\u00e1me a nech\u00e1me trochu zezl\u00e1tnout za st\u00e1l\u00e9ho m\u00edch\u00e1n\u00ed. Pot\u00e9 p\u0159ilijeme ml\u00e9ko, d\u00e1me zp\u011bt na plotnu a za st\u00e1l\u00e9ho m\u00edch\u00e1n\u00ed p\u0159ivedeme k varu. Sn\u00ed\u017e\u00edme teplotu, p\u0159id\u00e1me smetanu, opep\u0159\u00edme a osol\u00edme, ochut\u00edme mu\u0161k\u00e1tov\u00fdm o\u0159\u00ed\u0161kem, paprikou, p\u0159ilijeme \u0161\u0165\u00e1vu z \u010dekanek a nakonec do om\u00e1\u010dky zam\u00edch\u00e1me polovinu s\u00fdra. Pova\u0159\u00edme je\u0161t\u011b p\u00e1r minutek na slab\u00e9m plameni, a\u017e om\u00e1\u010dka trochu zhoustne.<\/li>\t\t\t\t<li class=\"blog-yumprint-method-item\" yumprintitem=\"4\">Okapan\u00e9 \u010dekanky zabal\u00edme do pl\u00e1tk\u016f \u0161unky (pokud pl\u00e1tek nezabal\u00ed celou \u010dekanku, obal\u00edme ho ve dvou) a klademe vedle sebe do zap\u00e9kac\u00ed m\u00edsy.<\/li>\t\t\t\t<li class=\"blog-yumprint-method-item\" yumprintitem=\"5\">\u010cekanky pot\u00e9 polijeme be\u0161amelovou om\u00e1\u010dkou a nech\u00e1me zap\u00e9ct v p\u0159edeh\u0159\u00e1t\u00e9 troub\u011b po dobu 20 minut.<\/li>\t\t\t<\/ol>\r\n\t\t<\/div>\t\t<div class=\"blog-yumprint-note-section\" yumprintsection=\"2\">\t\t\t<div class=\"blog-yumprint-subheader\">Pozn\u00e1mky<\/div>\t\t\t<ol class='blog-yumprint-notes'>\t\t\t\t<li class=\"blog-yumprint-note-item\" yumprintitem=\"0\">Gratinovan\u00e9 \u010dekanky serv\u00edrujeme s va\u0159en\u00fdm bramborem, bramborovou ka\u0161\u00ed nebo hranolky, pop\u0159\u00edpad\u011b pro leh\u010d\u00ed variantu se sal\u00e1tem.<\/li>\t\t\t<\/ol>\r\n\t\t<\/div>    <div class=\"blog-yumprint-recipe-source\">1001 Voyages Gourmands https:\/\/1001voyagesgourmands.com\/<\/div>\t\t<\/div>\r\n\t<\/div><img loading=\"lazy\" decoding=\"async\" class=\"aligncenter wp-image-6960\" src=\"http:\/\/1001voyagesgourmands.com\/wp-content\/uploads\/2016\/01\/Zapecene_cekanky-5-678x1024.jpg\" alt=\"Moc dobr\u00fd vegetari\u00e1nsk\u00fd recept na zape\u010den\u00e9 \u010dekanky, neboli belgickou klasiku chicon au gratin.\" width=\"788\" height=\"1190\" srcset=\"https:\/\/1001voyagesgourmands.com\/wp-content\/uploads\/2016\/01\/Zapecene_cekanky-5-678x1024.jpg 678w, https:\/\/1001voyagesgourmands.com\/wp-content\/uploads\/2016\/01\/Zapecene_cekanky-5-199x300.jpg 199w, https:\/\/1001voyagesgourmands.com\/wp-content\/uploads\/2016\/01\/Zapecene_cekanky-5-768x1160.jpg 768w, https:\/\/1001voyagesgourmands.com\/wp-content\/uploads\/2016\/01\/Zapecene_cekanky-5-1170x1767.jpg 1170w, https:\/\/1001voyagesgourmands.com\/wp-content\/uploads\/2016\/01\/Zapecene_cekanky-5-1920x2899.jpg 1920w, https:\/\/1001voyagesgourmands.com\/wp-content\/uploads\/2016\/01\/Zapecene_cekanky-5-585x883.jpg 585w, https:\/\/1001voyagesgourmands.com\/wp-content\/uploads\/2016\/01\/Zapecene_cekanky-5.jpg 2000w\" sizes=\"auto, (max-width: 788px) 100vw, 788px\" \/><\/p>\n","protected":false},"excerpt":{"rendered":"<p>Na typick\u00e9 belgick\u00e9 j\u00eddlo, jako jsou zape\u010den\u00e9 \u010dekanky (francouzsky chicon au gratin) tu v&nbsp;Bruselu naraz\u00edte v&nbsp;belgick\u00fdch hospod\u00e1ch typu \u201ebrasserie\u201c dost \u010dasto. V kostce jde o va\u0159en\u00e9 \u010dekanky zabalen\u00e9 v \u0161unce a zape\u010den\u00e9 spolu s be\u0161amelovou om\u00e1\u010dkou a s\u00fdrem. M\u00e1m tohle j\u00eddlo moc&nbsp;r\u00e1da, ale venku si ho bohu\u017eel d\u00e1t nem\u016f\u017eu a&hellip;<\/p>\n","protected":false},"author":1,"featured_media":6970,"comment_status":"open","ping_status":"open","sticky":false,"template":"","format":"standard","meta":{"_exactmetrics_skip_tracking":false,"_exactmetrics_sitenote_active":false,"_exactmetrics_sitenote_note":"","_exactmetrics_sitenote_category":0,"_lmt_disableupdate":"","_lmt_disable":"","footnotes":""},"categories":[8,12],"tags":[404,272],"class_list":["post-6705","post","type-post","status-publish","format-standard","has-post-thumbnail","hentry","category-hlavni-jidla","category-recepty","tag-cekanky","tag-zelenina"],"yoast_head":"<!-- This site is optimized with the Yoast SEO plugin v26.1.1 - https:\/\/yoast.com\/wordpress\/plugins\/seo\/ -->\n<title>Zape\u010den\u00e9 \u010dekanky - belgick\u00e1 klasika - 1001 Voyages Gourmands<\/title>\n<meta name=\"description\" content=\"Moc dobr\u00fd vegetari\u00e1nsk\u00fd recept na zape\u010den\u00e9 \u010dekanky, neboli belgickou klasiku chicon au gratin.\u00a0\" \/>\n<meta name=\"robots\" content=\"index, follow, max-snippet:-1, max-image-preview:large, max-video-preview:-1\" \/>\n<link rel=\"canonical\" href=\"https:\/\/1001voyagesgourmands.com\/cs\/zapecene-cekanky-belgicka-klasika\/\" \/>\n<meta property=\"og:locale\" content=\"cs_CZ\" \/>\n<meta property=\"og:type\" content=\"article\" \/>\n<meta property=\"og:title\" content=\"Zape\u010den\u00e9 \u010dekanky - belgick\u00e1 klasika - 1001 Voyages Gourmands\" \/>\n<meta property=\"og:description\" content=\"Moc dobr\u00fd vegetari\u00e1nsk\u00fd recept na zape\u010den\u00e9 \u010dekanky, neboli belgickou klasiku chicon au gratin.\u00a0\" \/>\n<meta property=\"og:url\" content=\"https:\/\/1001voyagesgourmands.com\/cs\/zapecene-cekanky-belgicka-klasika\/\" \/>\n<meta property=\"og:site_name\" content=\"1001 Voyages Gourmands\" \/>\n<meta property=\"article:publisher\" content=\"https:\/\/www.facebook.com\/1001voyagesgourmands\" \/>\n<meta property=\"article:published_time\" content=\"2016-01-31T12:48:03+00:00\" \/>\n<meta property=\"article:modified_time\" content=\"2017-12-05T22:30:34+00:00\" \/>\n<meta property=\"og:image\" content=\"https:\/\/1001voyagesgourmands.com\/wp-content\/uploads\/2016\/01\/Zapecene_cekanky-10.jpg\" \/>\n\t<meta property=\"og:image:width\" content=\"2000\" \/>\n\t<meta property=\"og:image:height\" content=\"1330\" \/>\n\t<meta property=\"og:image:type\" content=\"image\/jpeg\" \/>\n<meta name=\"author\" content=\"Michaela\" \/>\n<meta name=\"twitter:card\" content=\"summary_large_image\" \/>\n<meta name=\"twitter:creator\" content=\"@michaela_1001vg\" \/>\n<meta name=\"twitter:site\" content=\"@michaela_1001vg\" \/>\n<meta name=\"twitter:label1\" content=\"Napsal(a)\" \/>\n\t<meta name=\"twitter:data1\" content=\"Michaela\" \/>\n\t<meta name=\"twitter:label2\" content=\"Odhadovan\u00e1 doba \u010dten\u00ed\" \/>\n\t<meta name=\"twitter:data2\" content=\"2 minuty\" \/>\n<script type=\"application\/ld+json\" class=\"yoast-schema-graph\">{\"@context\":\"https:\/\/schema.org\",\"@graph\":[{\"@type\":\"WebPage\",\"@id\":\"https:\/\/1001voyagesgourmands.com\/cs\/zapecene-cekanky-belgicka-klasika\/\",\"url\":\"https:\/\/1001voyagesgourmands.com\/cs\/zapecene-cekanky-belgicka-klasika\/\",\"name\":\"Zape\u010den\u00e9 \u010dekanky - belgick\u00e1 klasika - 1001 Voyages Gourmands\",\"isPartOf\":{\"@id\":\"https:\/\/1001voyagesgourmands.com\/cs\/#website\"},\"primaryImageOfPage\":{\"@id\":\"https:\/\/1001voyagesgourmands.com\/cs\/zapecene-cekanky-belgicka-klasika\/#primaryimage\"},\"image\":{\"@id\":\"https:\/\/1001voyagesgourmands.com\/cs\/zapecene-cekanky-belgicka-klasika\/#primaryimage\"},\"thumbnailUrl\":\"https:\/\/1001voyagesgourmands.com\/wp-content\/uploads\/2016\/01\/Zapecene_cekanky-10.jpg\",\"datePublished\":\"2016-01-31T12:48:03+00:00\",\"dateModified\":\"2017-12-05T22:30:34+00:00\",\"author\":{\"@id\":\"https:\/\/1001voyagesgourmands.com\/cs\/#\/schema\/person\/62e0e7238fcf7482b23bf83e1b72ff1b\"},\"description\":\"Moc dobr\u00fd vegetari\u00e1nsk\u00fd recept na zape\u010den\u00e9 \u010dekanky, neboli belgickou klasiku chicon au gratin.\u00a0\",\"breadcrumb\":{\"@id\":\"https:\/\/1001voyagesgourmands.com\/cs\/zapecene-cekanky-belgicka-klasika\/#breadcrumb\"},\"inLanguage\":\"cs\",\"potentialAction\":[{\"@type\":\"ReadAction\",\"target\":[\"https:\/\/1001voyagesgourmands.com\/cs\/zapecene-cekanky-belgicka-klasika\/\"]}]},{\"@type\":\"ImageObject\",\"inLanguage\":\"cs\",\"@id\":\"https:\/\/1001voyagesgourmands.com\/cs\/zapecene-cekanky-belgicka-klasika\/#primaryimage\",\"url\":\"https:\/\/1001voyagesgourmands.com\/wp-content\/uploads\/2016\/01\/Zapecene_cekanky-10.jpg\",\"contentUrl\":\"https:\/\/1001voyagesgourmands.com\/wp-content\/uploads\/2016\/01\/Zapecene_cekanky-10.jpg\",\"width\":2000,\"height\":1330,\"caption\":\"Moc dobr\u00fd vegetari\u00e1nsk\u00fd recept na zape\u010den\u00e9 \u010dekanky, neboli belgickou klasiku chicon au gratin.\"},{\"@type\":\"BreadcrumbList\",\"@id\":\"https:\/\/1001voyagesgourmands.com\/cs\/zapecene-cekanky-belgicka-klasika\/#breadcrumb\",\"itemListElement\":[{\"@type\":\"ListItem\",\"position\":1,\"name\":\"Dom\u016f\",\"item\":\"https:\/\/1001voyagesgourmands.com\/cs\/\"},{\"@type\":\"ListItem\",\"position\":2,\"name\":\"Zape\u010den\u00e9 \u010dekanky &#8211; belgick\u00e1 klasika\"}]},{\"@type\":\"WebSite\",\"@id\":\"https:\/\/1001voyagesgourmands.com\/cs\/#website\",\"url\":\"https:\/\/1001voyagesgourmands.com\/cs\/\",\"name\":\"1001 Voyages Gourmands\",\"description\":\"Food | Travel | Photography\",\"potentialAction\":[{\"@type\":\"SearchAction\",\"target\":{\"@type\":\"EntryPoint\",\"urlTemplate\":\"https:\/\/1001voyagesgourmands.com\/cs\/?s={search_term_string}\"},\"query-input\":{\"@type\":\"PropertyValueSpecification\",\"valueRequired\":true,\"valueName\":\"search_term_string\"}}],\"inLanguage\":\"cs\"},{\"@type\":\"Person\",\"@id\":\"https:\/\/1001voyagesgourmands.com\/cs\/#\/schema\/person\/62e0e7238fcf7482b23bf83e1b72ff1b\",\"name\":\"Michaela\",\"image\":{\"@type\":\"ImageObject\",\"inLanguage\":\"cs\",\"@id\":\"https:\/\/1001voyagesgourmands.com\/cs\/#\/schema\/person\/image\/\",\"url\":\"https:\/\/secure.gravatar.com\/avatar\/73fa562a5b0ce269ca480f67de504b8ecac054a121d170e226f1b79e02024cb8?s=96&d=mm&r=g\",\"contentUrl\":\"https:\/\/secure.gravatar.com\/avatar\/73fa562a5b0ce269ca480f67de504b8ecac054a121d170e226f1b79e02024cb8?s=96&d=mm&r=g\",\"caption\":\"Michaela\"},\"sameAs\":[\"http:\/\/1001voyagesgourmands.com\"]}]}<\/script>\n<!-- \/ Yoast SEO plugin. -->","yoast_head_json":{"title":"Zape\u010den\u00e9 \u010dekanky - belgick\u00e1 klasika - 1001 Voyages Gourmands","description":"Moc dobr\u00fd vegetari\u00e1nsk\u00fd recept na zape\u010den\u00e9 \u010dekanky, neboli belgickou klasiku chicon au gratin.\u00a0","robots":{"index":"index","follow":"follow","max-snippet":"max-snippet:-1","max-image-preview":"max-image-preview:large","max-video-preview":"max-video-preview:-1"},"canonical":"https:\/\/1001voyagesgourmands.com\/cs\/zapecene-cekanky-belgicka-klasika\/","og_locale":"cs_CZ","og_type":"article","og_title":"Zape\u010den\u00e9 \u010dekanky - belgick\u00e1 klasika - 1001 Voyages Gourmands","og_description":"Moc dobr\u00fd vegetari\u00e1nsk\u00fd recept na zape\u010den\u00e9 \u010dekanky, neboli belgickou klasiku chicon au gratin.\u00a0","og_url":"https:\/\/1001voyagesgourmands.com\/cs\/zapecene-cekanky-belgicka-klasika\/","og_site_name":"1001 Voyages Gourmands","article_publisher":"https:\/\/www.facebook.com\/1001voyagesgourmands","article_published_time":"2016-01-31T12:48:03+00:00","article_modified_time":"2017-12-05T22:30:34+00:00","og_image":[{"width":2000,"height":1330,"url":"https:\/\/1001voyagesgourmands.com\/wp-content\/uploads\/2016\/01\/Zapecene_cekanky-10.jpg","type":"image\/jpeg"}],"author":"Michaela","twitter_card":"summary_large_image","twitter_creator":"@michaela_1001vg","twitter_site":"@michaela_1001vg","twitter_misc":{"Napsal(a)":"Michaela","Odhadovan\u00e1 doba \u010dten\u00ed":"2 minuty"},"schema":{"@context":"https:\/\/schema.org","@graph":[{"@type":"WebPage","@id":"https:\/\/1001voyagesgourmands.com\/cs\/zapecene-cekanky-belgicka-klasika\/","url":"https:\/\/1001voyagesgourmands.com\/cs\/zapecene-cekanky-belgicka-klasika\/","name":"Zape\u010den\u00e9 \u010dekanky - belgick\u00e1 klasika - 1001 Voyages Gourmands","isPartOf":{"@id":"https:\/\/1001voyagesgourmands.com\/cs\/#website"},"primaryImageOfPage":{"@id":"https:\/\/1001voyagesgourmands.com\/cs\/zapecene-cekanky-belgicka-klasika\/#primaryimage"},"image":{"@id":"https:\/\/1001voyagesgourmands.com\/cs\/zapecene-cekanky-belgicka-klasika\/#primaryimage"},"thumbnailUrl":"https:\/\/1001voyagesgourmands.com\/wp-content\/uploads\/2016\/01\/Zapecene_cekanky-10.jpg","datePublished":"2016-01-31T12:48:03+00:00","dateModified":"2017-12-05T22:30:34+00:00","author":{"@id":"https:\/\/1001voyagesgourmands.com\/cs\/#\/schema\/person\/62e0e7238fcf7482b23bf83e1b72ff1b"},"description":"Moc dobr\u00fd vegetari\u00e1nsk\u00fd recept na zape\u010den\u00e9 \u010dekanky, neboli belgickou klasiku chicon au gratin.\u00a0","breadcrumb":{"@id":"https:\/\/1001voyagesgourmands.com\/cs\/zapecene-cekanky-belgicka-klasika\/#breadcrumb"},"inLanguage":"cs","potentialAction":[{"@type":"ReadAction","target":["https:\/\/1001voyagesgourmands.com\/cs\/zapecene-cekanky-belgicka-klasika\/"]}]},{"@type":"ImageObject","inLanguage":"cs","@id":"https:\/\/1001voyagesgourmands.com\/cs\/zapecene-cekanky-belgicka-klasika\/#primaryimage","url":"https:\/\/1001voyagesgourmands.com\/wp-content\/uploads\/2016\/01\/Zapecene_cekanky-10.jpg","contentUrl":"https:\/\/1001voyagesgourmands.com\/wp-content\/uploads\/2016\/01\/Zapecene_cekanky-10.jpg","width":2000,"height":1330,"caption":"Moc dobr\u00fd vegetari\u00e1nsk\u00fd recept na zape\u010den\u00e9 \u010dekanky, neboli belgickou klasiku chicon au gratin."},{"@type":"BreadcrumbList","@id":"https:\/\/1001voyagesgourmands.com\/cs\/zapecene-cekanky-belgicka-klasika\/#breadcrumb","itemListElement":[{"@type":"ListItem","position":1,"name":"Dom\u016f","item":"https:\/\/1001voyagesgourmands.com\/cs\/"},{"@type":"ListItem","position":2,"name":"Zape\u010den\u00e9 \u010dekanky &#8211; belgick\u00e1 klasika"}]},{"@type":"WebSite","@id":"https:\/\/1001voyagesgourmands.com\/cs\/#website","url":"https:\/\/1001voyagesgourmands.com\/cs\/","name":"1001 Voyages Gourmands","description":"Food | Travel | Photography","potentialAction":[{"@type":"SearchAction","target":{"@type":"EntryPoint","urlTemplate":"https:\/\/1001voyagesgourmands.com\/cs\/?s={search_term_string}"},"query-input":{"@type":"PropertyValueSpecification","valueRequired":true,"valueName":"search_term_string"}}],"inLanguage":"cs"},{"@type":"Person","@id":"https:\/\/1001voyagesgourmands.com\/cs\/#\/schema\/person\/62e0e7238fcf7482b23bf83e1b72ff1b","name":"Michaela","image":{"@type":"ImageObject","inLanguage":"cs","@id":"https:\/\/1001voyagesgourmands.com\/cs\/#\/schema\/person\/image\/","url":"https:\/\/secure.gravatar.com\/avatar\/73fa562a5b0ce269ca480f67de504b8ecac054a121d170e226f1b79e02024cb8?s=96&d=mm&r=g","contentUrl":"https:\/\/secure.gravatar.com\/avatar\/73fa562a5b0ce269ca480f67de504b8ecac054a121d170e226f1b79e02024cb8?s=96&d=mm&r=g","caption":"Michaela"},"sameAs":["http:\/\/1001voyagesgourmands.com"]}]}},"_links":{"self":[{"href":"https:\/\/1001voyagesgourmands.com\/cs\/wp-json\/wp\/v2\/posts\/6705","targetHints":{"allow":["GET"]}}],"collection":[{"href":"https:\/\/1001voyagesgourmands.com\/cs\/wp-json\/wp\/v2\/posts"}],"about":[{"href":"https:\/\/1001voyagesgourmands.com\/cs\/wp-json\/wp\/v2\/types\/post"}],"author":[{"embeddable":true,"href":"https:\/\/1001voyagesgourmands.com\/cs\/wp-json\/wp\/v2\/users\/1"}],"replies":[{"embeddable":true,"href":"https:\/\/1001voyagesgourmands.com\/cs\/wp-json\/wp\/v2\/comments?post=6705"}],"version-history":[{"count":0,"href":"https:\/\/1001voyagesgourmands.com\/cs\/wp-json\/wp\/v2\/posts\/6705\/revisions"}],"wp:featuredmedia":[{"embeddable":true,"href":"https:\/\/1001voyagesgourmands.com\/cs\/wp-json\/wp\/v2\/media\/6970"}],"wp:attachment":[{"href":"https:\/\/1001voyagesgourmands.com\/cs\/wp-json\/wp\/v2\/media?parent=6705"}],"wp:term":[{"taxonomy":"category","embeddable":true,"href":"https:\/\/1001voyagesgourmands.com\/cs\/wp-json\/wp\/v2\/categories?post=6705"},{"taxonomy":"post_tag","embeddable":true,"href":"https:\/\/1001voyagesgourmands.com\/cs\/wp-json\/wp\/v2\/tags?post=6705"}],"curies":[{"name":"wp","href":"https:\/\/api.w.org\/{rel}","templated":true}]}}