{"id":568,"date":"2015-03-27T21:00:00","date_gmt":"2015-03-27T21:00:00","guid":{"rendered":"http:\/\/voyagegourmand.org\/?p=568"},"modified":"2019-03-30T17:08:11","modified_gmt":"2019-03-30T16:08:11","slug":"chut-istanbulu","status":"publish","type":"post","link":"https:\/\/1001voyagesgourmands.com\/cs\/chut-istanbulu\/","title":{"rendered":"Chu\u0165 Istanbulu"},"content":{"rendered":"<p style=\"text-align: justify;\"><span style=\"color: #000000;\">N\u00e1v\u0161t\u011bva Istanbulu byla dlouho pl\u00e1novan\u00e1, ale kone\u010dn\u011b v listopadu se n\u00e1m poda\u0159ilo d\u00e1t dohromady skupinku 5 lid\u00ed, z nich\u017e jeden byl p\u016fvodem Turek. To n\u00e1m uleh\u010dilo situaci &#8211; m\u00edt n\u011bkoho, kdo to m\u011bsto zn\u00e1 a porad\u00ed, kam j\u00edt a kam ne, na co si d\u00e1t pozor, atd. Tak jsme koupili letenky a t\u011b\u0161ili se na 4 dny z\u00e1\u017eitk\u016f ve m\u011bst\u011b, ve kter\u00e9m se m\u00edch\u00e1 Z\u00e1pad s Orientem.<\/span><\/p>\n<p style=\"text-align: justify;\"><span style=\"color: #000000;\"><a style=\"color: #000000;\" href=\"http:\/\/1001voyagesgourmands.com\/2015\/03\/27\/chut-istanbulu-2\/\"><img loading=\"lazy\" decoding=\"async\" class=\"aligncenter wp-image-611 size-full\" src=\"http:\/\/1001voyagesgourmands.com\/wp-content\/uploads\/2015\/03\/dsc_0597.jpg\" alt=\"Istanbul\" width=\"806\" height=\"534\"><\/a><\/span><\/p>\n<p style=\"text-align: justify;\"><span style=\"color: #000000;\"><strong> Let<\/strong> s Turkish Airlines nebyl \u0161patn\u00fd, j\u00eddlo n\u00e1s hned posunulo kousek bl\u00ed\u017ee do Turecka.&nbsp;Cesta tax\u00edkem z leti\u0161t\u011b byla velice dobrodru\u017en\u00e1, jeliko\u017e n\u00e1rodn\u00edm sportem Turk\u016f je z\u0159ejm\u011b troubit (a to v\u017edy a v\u0161ude a pokud mo\u017eno co nejd\u00e9le to p\u016fjde) a jezdit stylem asi jako tenkr\u00e1t p\u0159i n\u00e1jezdech. Pasy na zadn\u00edch seda\u010dk\u00e1ch bohu\u017eel nem\u011bl, tak\u017ee adrenalin mi stoupal.<\/span><\/p>\n<p style=\"text-align: justify;\"><span style=\"color: #000000;\"><strong>Bydlen\u00ed <\/strong>jsme m\u011bli nedaleko od n\u00e1m\u011bst\u00ed Taksim. I kdy\u017e jsme bydleli v centru m\u011bsta, p\u0159eci jen na star\u00e9 m\u011bsto \u010di do p\u0159\u00edstavu je to d\u00e1l, a proto jsme pro pohyb po m\u011bst\u011b&nbsp;vyu\u017e\u00edvali&nbsp;tax\u00edky. Je to pohodln\u00e9, jsou v\u0161ude, a cenov\u00e9 v\u00e1s to vyjde nastejno jako l\u00edstek na metro \u010di tramvaj (pokud je v\u00e1s 2 a v\u00edc). Pokud p\u0159esto chcete vyzkou\u0161et metro, je to trochu komplikovan\u011bj\u0161\u00ed ne\u017e v Praze (ano, i to je mo\u017en\u00e9). Na ka\u017edou cestu mus\u00edte pou\u017e\u00edt zvl\u00e1\u0161\u0165 \u017eeton (tak\u017ee \u010d\u00edm v\u00edce p\u0159estupujete, t\u00edm v\u00e1s to vyjde dr\u00e1\u017e).<\/span><\/p>\n<p style=\"text-align: justify;\"><span style=\"color: #000000;\"><strong>Po\u010das\u00ed<\/strong> bylo kolem poloviny listopadu p\u0159\u00edjemn\u00e9, p\u0159es den kolem 15-17 stup\u0148\u016f, nicm\u00e9n\u011b v noci ji\u017e zima a zvl\u00e1\u0161\u0165 u Bosporu foukal v\u00edtr. Asi bych sp\u00ed\u0161e doporu\u010dovala jaro \u010di pozdn\u00ed l\u00e9to, to m\u00e1 m\u011bsto jina\u010d\u00ed n\u00e1dech.<\/span><\/p>\n<p style=\"text-align: justify;\"><span style=\"color: #000000;\"><strong>Prvn\u00ed dojmy:<\/strong> vzhledem k tomu, \u017ee jsem na Turky zvykl\u00e1 z Bruselu, m\u011b ob\u010das p\u0159i\u0161lo, \u017ee se proch\u00e1z\u00edm po ulici doma. Ale&nbsp;Istanbul d\u00fdch\u00e1 nefal\u0161ovanou isl\u00e1mskou a arabskou kulturou, architekturou, a lid\u00e9 jsou tu v pr\u016fm\u011bru zdvo\u0159ilej\u0161\u00ed a civilizovan\u011bj\u0161\u00ed, ne\u017eli v Bruselu.<\/span><\/p>\n<p style=\"text-align: justify;\"><span style=\"color: #000000;\"><strong>K j\u00eddlu:&nbsp;<\/strong>V Turecku se j\u00ed strava pestr\u00e1, bohat\u00e1 na zeleninu, co\u017e m\u011b, jako vegetari\u00e1nce v\u00edce ne\u017e vyhovovalo! \ud83d\ude09 Kupodivu i v oby\u010dejn\u00e9m bistru dostaneme v\u00fdborn\u00e9 j\u00eddlo &#8211; m\u00e1 prost\u011b chu\u0165! M\u00fdm favoritem z\u016fst\u00e1v\u00e1 divok\u00e1 r\u00fd\u017ee,&nbsp;bulgur,&nbsp;sm\u011bs lilk\u016f, cuket a fazol\u00ed. Nutno \u0159\u00edct, \u017ee lilek jsem tam jedla na r\u016fzn\u00e9 zp\u016fsoby ka\u017ed\u00fd den a poka\u017ed\u00e9 jsem si to j\u00eddlo vychutnala!&nbsp;Mezi \u010dast\u00e9 pouli\u010dn\u00ed j\u00eddlo pat\u0159\u00ed p\u0159edev\u0161\u00edm Simit (sezamov\u00e9 pe\u010divo ve tvaru donut), pe\u010den\u00e9 ka\u0161tany, sl\u00e1vky a kuku\u0159ice.<\/span><\/p>\n<div id=\"attachment_2170\" style=\"width: 816px\" class=\"wp-caption aligncenter\"><img loading=\"lazy\" decoding=\"async\" aria-describedby=\"caption-attachment-2170\" class=\"size-full wp-image-2170\" src=\"http:\/\/1001voyagesgourmands.com\/wp-content\/uploads\/2015\/03\/CSC_0399.jpg\" alt=\"pouli\u010dn\u00ed prodejce kuku\u0159ice\" width=\"806\" height=\"534\" srcset=\"https:\/\/1001voyagesgourmands.com\/wp-content\/uploads\/2015\/03\/CSC_0399.jpg 806w, https:\/\/1001voyagesgourmands.com\/wp-content\/uploads\/2015\/03\/CSC_0399-800x530.jpg 800w, https:\/\/1001voyagesgourmands.com\/wp-content\/uploads\/2015\/03\/CSC_0399-300x199.jpg 300w, https:\/\/1001voyagesgourmands.com\/wp-content\/uploads\/2015\/03\/CSC_0399-768x509.jpg 768w, https:\/\/1001voyagesgourmands.com\/wp-content\/uploads\/2015\/03\/CSC_0399-780x516.jpg 780w, https:\/\/1001voyagesgourmands.com\/wp-content\/uploads\/2015\/03\/CSC_0399-585x388.jpg 585w, https:\/\/1001voyagesgourmands.com\/wp-content\/uploads\/2015\/03\/CSC_0399-263x175.jpg 263w\" sizes=\"auto, (max-width: 806px) 100vw, 806px\" \/><p id=\"caption-attachment-2170\" class=\"wp-caption-text\"><span style=\"color: #000000;\">pouli\u010dn\u00ed prodejce kuku\u0159ice<\/span><\/p><\/div>\n<div id=\"attachment_2180\" style=\"width: 947px\" class=\"wp-caption aligncenter\"><img loading=\"lazy\" decoding=\"async\" aria-describedby=\"caption-attachment-2180\" class=\" wp-image-2180\" src=\"http:\/\/1001voyagesgourmands.com\/wp-content\/uploads\/2015\/03\/DSC_0561.jpg\" alt=\"tureck\u00e9 typick\u00e9 sezamov\u00e9 pe\u010divo (Simit)\" width=\"937\" height=\"621\" srcset=\"https:\/\/1001voyagesgourmands.com\/wp-content\/uploads\/2015\/03\/DSC_0561.jpg 806w, https:\/\/1001voyagesgourmands.com\/wp-content\/uploads\/2015\/03\/DSC_0561-800x530.jpg 800w, https:\/\/1001voyagesgourmands.com\/wp-content\/uploads\/2015\/03\/DSC_0561-300x199.jpg 300w, https:\/\/1001voyagesgourmands.com\/wp-content\/uploads\/2015\/03\/DSC_0561-768x509.jpg 768w, https:\/\/1001voyagesgourmands.com\/wp-content\/uploads\/2015\/03\/DSC_0561-780x516.jpg 780w, https:\/\/1001voyagesgourmands.com\/wp-content\/uploads\/2015\/03\/DSC_0561-585x388.jpg 585w, https:\/\/1001voyagesgourmands.com\/wp-content\/uploads\/2015\/03\/DSC_0561-263x175.jpg 263w\" sizes=\"auto, (max-width: 937px) 100vw, 937px\" \/><p id=\"caption-attachment-2180\" class=\"wp-caption-text\"><span style=\"color: #000000;\">tureck\u00e9 typick\u00e9 sezamov\u00e9 pe\u010divo (Simit)<\/span><\/p><\/div>\n<p>&nbsp;<\/p>\n<p style=\"text-align: justify;\"><span style=\"color: #000000;\">Tureck\u00e1 sn\u00eddan\u011b je p\u0159ev\u00e1\u017en\u011b slan\u00e1, pe\u010divo je bu\u010f neutr\u00e1ln\u00ed \u010di slan\u00e9, k&nbsp;n\u011bmu se pod\u00e1vaj\u00ed s\u00fdry a sal\u00e1m, doprov\u00e1z\u00ed je zelenina. V&nbsp;nab\u00eddce jsou i v\u0161udyp\u0159\u00edtomn\u00e1 m\u00edchan\u00e1 vaj\u00ed\u010dka a p\u00e1rky. Tureck\u00e1 marmel\u00e1da je p\u0159eslazen\u00e1 a hodn\u011b tekut\u00e1, a mysl\u00edm, \u017ee jsem vid\u011bla i med. \u010caj se pije \u010dern\u00fd, k\u00e1va se li\u0161\u00ed od na\u0161eho turka&nbsp;a d\u017eusy leckdy \u010derstv\u011b vyma\u010dkan\u00e9.<\/span><\/p>\n<div id=\"attachment_2174\" style=\"width: 816px\" class=\"wp-caption aligncenter\"><img loading=\"lazy\" decoding=\"async\" aria-describedby=\"caption-attachment-2174\" class=\"size-full wp-image-2174\" src=\"http:\/\/1001voyagesgourmands.com\/wp-content\/uploads\/2015\/03\/DSC_0095.jpg\" alt=\"typick\u00e9 skleni\u010dky na \u010daj (cay)\" width=\"806\" height=\"534\" srcset=\"https:\/\/1001voyagesgourmands.com\/wp-content\/uploads\/2015\/03\/DSC_0095.jpg 806w, https:\/\/1001voyagesgourmands.com\/wp-content\/uploads\/2015\/03\/DSC_0095-800x530.jpg 800w, https:\/\/1001voyagesgourmands.com\/wp-content\/uploads\/2015\/03\/DSC_0095-300x199.jpg 300w, https:\/\/1001voyagesgourmands.com\/wp-content\/uploads\/2015\/03\/DSC_0095-768x509.jpg 768w, https:\/\/1001voyagesgourmands.com\/wp-content\/uploads\/2015\/03\/DSC_0095-780x516.jpg 780w, https:\/\/1001voyagesgourmands.com\/wp-content\/uploads\/2015\/03\/DSC_0095-585x388.jpg 585w, https:\/\/1001voyagesgourmands.com\/wp-content\/uploads\/2015\/03\/DSC_0095-263x175.jpg 263w\" sizes=\"auto, (max-width: 806px) 100vw, 806px\" \/><p id=\"caption-attachment-2174\" class=\"wp-caption-text\"><span style=\"color: #000000;\">typick\u00e9 skleni\u010dky na \u010daj (cay)<\/span><\/p><\/div>\n<div id=\"attachment_2172\" style=\"width: 816px\" class=\"wp-caption aligncenter\"><img loading=\"lazy\" decoding=\"async\" aria-describedby=\"caption-attachment-2172\" class=\"size-full wp-image-2172\" src=\"http:\/\/1001voyagesgourmands.com\/wp-content\/uploads\/2015\/03\/DSC_0010.jpg\" alt=\"gran\u00e1tov\u00e1 jablka, grepy a pomeran\u010de, ze kter\u00fdch v\u00e1m na ulici vyma\u010dkaj\u00ed \u010derstv\u00fd d\u017eus na po\u010dk\u00e1n\u00ed\" width=\"806\" height=\"534\" srcset=\"https:\/\/1001voyagesgourmands.com\/wp-content\/uploads\/2015\/03\/DSC_0010.jpg 806w, https:\/\/1001voyagesgourmands.com\/wp-content\/uploads\/2015\/03\/DSC_0010-800x530.jpg 800w, https:\/\/1001voyagesgourmands.com\/wp-content\/uploads\/2015\/03\/DSC_0010-300x199.jpg 300w, https:\/\/1001voyagesgourmands.com\/wp-content\/uploads\/2015\/03\/DSC_0010-768x509.jpg 768w, https:\/\/1001voyagesgourmands.com\/wp-content\/uploads\/2015\/03\/DSC_0010-780x516.jpg 780w, https:\/\/1001voyagesgourmands.com\/wp-content\/uploads\/2015\/03\/DSC_0010-585x388.jpg 585w, https:\/\/1001voyagesgourmands.com\/wp-content\/uploads\/2015\/03\/DSC_0010-263x175.jpg 263w\" sizes=\"auto, (max-width: 806px) 100vw, 806px\" \/><p id=\"caption-attachment-2172\" class=\"wp-caption-text\"><span style=\"color: #000000;\">gran\u00e1tov\u00e1 jablka, grepy a pomeran\u010de, ze kter\u00fdch v\u00e1m na ulici vyma\u010dkaj\u00ed \u010derstv\u00fd d\u017eus na po\u010dk\u00e1n\u00ed<\/span><\/p><\/div>\n<p style=\"text-align: justify;\"><span style=\"color: #000000;\">Jako dezerty najdete loukum, co\u017e je cukrovinka z bramborov\u00e9ho \u0161krobu a cukru, a je dostupn\u00e1 v mnoha p\u0159\u00edchut\u00edch a barv\u00e1ch, s o\u0159\u00ed\u0161ky, mandlemi \u010di pist\u00e1ciemi. D\u00e1le pak baklawa, kter\u00e1 u\u017e je tu\u010dn\u011bj\u0161\u00ed a na m\u011b dost sladk\u00e1 &#8211; ta se skl\u00e1d\u00e1 z t\u011bsta filo a nasekan\u00fdch o\u0159\u00ed\u0161k\u016f, slazen\u00e1 sirupem. Mo\u017en\u00e1 ji zn\u00e1te i z Balk\u00e1nu \u010di jin\u00fdch arabsk\u00fdch zem\u00ed.<\/span><\/p>\n<div id=\"attachment_2178\" style=\"width: 819px\" class=\"wp-caption aligncenter\"><img loading=\"lazy\" decoding=\"async\" aria-describedby=\"caption-attachment-2178\" class=\" wp-image-2178\" src=\"http:\/\/1001voyagesgourmands.com\/wp-content\/uploads\/2015\/03\/DSC_0566.jpg\" alt=\"Loukum\" width=\"809\" height=\"536\" srcset=\"https:\/\/1001voyagesgourmands.com\/wp-content\/uploads\/2015\/03\/DSC_0566.jpg 806w, https:\/\/1001voyagesgourmands.com\/wp-content\/uploads\/2015\/03\/DSC_0566-800x530.jpg 800w, https:\/\/1001voyagesgourmands.com\/wp-content\/uploads\/2015\/03\/DSC_0566-300x199.jpg 300w, https:\/\/1001voyagesgourmands.com\/wp-content\/uploads\/2015\/03\/DSC_0566-768x509.jpg 768w, https:\/\/1001voyagesgourmands.com\/wp-content\/uploads\/2015\/03\/DSC_0566-780x516.jpg 780w, https:\/\/1001voyagesgourmands.com\/wp-content\/uploads\/2015\/03\/DSC_0566-585x388.jpg 585w, https:\/\/1001voyagesgourmands.com\/wp-content\/uploads\/2015\/03\/DSC_0566-263x175.jpg 263w\" sizes=\"auto, (max-width: 809px) 100vw, 809px\" \/><p id=\"caption-attachment-2178\" class=\"wp-caption-text\"><span style=\"color: #000000;\">Loukum<\/span><\/p><\/div>\n<p><span style=\"color: #000000;\"><img loading=\"lazy\" decoding=\"async\" class=\"aligncenter wp-image-2182\" src=\"http:\/\/1001voyagesgourmands.com\/wp-content\/uploads\/2015\/03\/DSC_0722-678x1024.jpg\" alt=\"\" width=\"880\" height=\"1330\" srcset=\"https:\/\/1001voyagesgourmands.com\/wp-content\/uploads\/2015\/03\/DSC_0722-678x1024.jpg 678w, https:\/\/1001voyagesgourmands.com\/wp-content\/uploads\/2015\/03\/DSC_0722-199x300.jpg 199w, https:\/\/1001voyagesgourmands.com\/wp-content\/uploads\/2015\/03\/DSC_0722-768x1160.jpg 768w, https:\/\/1001voyagesgourmands.com\/wp-content\/uploads\/2015\/03\/DSC_0722-585x883.jpg 585w, https:\/\/1001voyagesgourmands.com\/wp-content\/uploads\/2015\/03\/DSC_0722.jpg 796w\" sizes=\"auto, (max-width: 880px) 100vw, 880px\" \/><\/span><\/p>\n<p style=\"text-align: justify;\"><span style=\"color: #000000;\">&nbsp;<\/span><\/p>\n<p style=\"text-align: justify;\"><span style=\"color: #000000;\">Restaurace, kterou mohu doporu\u010dit se jmenuje&nbsp;<strong>Tarihi Cumhuriyet Meyhanesi<\/strong>, nach\u00e1z\u00ed se ve \u010dtvrti Beyoglu.&nbsp;Vynikaj\u00edc\u00ed j\u00eddlo serv\u00edrovan\u00e9 v mal\u00fdch porc\u00edch, kter\u00e9 se sd\u00edl\u00ed s p\u0159\u00e1teli.<\/span><\/p>\n<p style=\"text-align: justify;\"><span style=\"color: #000000;\">&nbsp;<\/span><\/p>\n<hr>\n<p style=\"text-align: justify;\"><span style=\"color: #000000;\">&nbsp;<\/span><\/p>\n<p style=\"text-align: justify;\"><span style=\"color: #000000;\">Istanbul, nebo tak\u00e9 Konstantinopol \u010di Ca\u0159ihrad, m\u00edsto st\u0159etu v\u00fdchodn\u00ed a z\u00e1padn\u00ed kultury. Aglomerace o 13 mil. obyvatel je nejv\u011bt\u0161\u00edm tureck\u00fdm m\u011bstem a le\u017e\u00ed jak na Evropsk\u00e9m, tak na Asijsk\u00e9m kontinentu. Oba kontinenty od sebe odd\u011bluje strategick\u00e1 dopravn\u00ed k\u0159i\u017eovatka&nbsp;Bospor, kter\u00fd spojuje Marmarsk\u00e9 mo\u0159e s \u010cern\u00fdm mo\u0159em. V\u011bt\u0161ina pam\u00e1tek z byzanstk\u00e9 \u0159\u00ed\u0161e i z dob \u0159\u00ed\u0161e \u0159\u00edmsk\u00e9 se nach\u00e1z\u00ed v Evropsk\u00e9 \u010d\u00e1sti.<\/span><\/p>\n<h4 style=\"text-align: justify;\"><span style=\"color: #000000;\">&nbsp;<\/span><\/h4>\n<h2 style=\"text-align: justify;\"><span style=\"text-decoration: underline;\"><span style=\"color: #000000; text-decoration: underline;\">Co si nenechte uj\u00edt na Star\u00e9m m\u011bst\u011b (Sultanahmet):<\/span><\/span><\/h2>\n<h4 style=\"text-align: justify;\"><span style=\"color: #000000;\">&nbsp;<\/span><\/h4>\n<h3 style=\"text-align: justify;\"><span style=\"color: #000000;\">Modr\u00e1 me\u0161ita (Me\u0161ita sult\u00e1na Ahmeda)<\/span><\/h3>\n<p style=\"text-align: justify;\"><span style=\"color: #000000;\">N\u00e1dhern\u00e1 me\u0161ita ze 17 stolet\u00ed, inspirovan\u00e1 Hafii Sofii, jen o n\u011bco men\u0161\u00ed a modern\u011bj\u0161\u00ed. M\u00e1 6 minaret\u016f (standard je 4!) a je to jedna z nejslavn\u011bj\u0161\u00edch me\u0161it muslimsk\u00e9ho sv\u011bta. Na rozd\u00edl od Hag\u00edi slou\u017e\u00ed st\u00e1le jako me\u0161ita. Interi\u00e9r je extr\u00e9mn\u011b prosv\u011btlen\u00fd d\u00edky 260 okn\u016fm a pr\u00e1v\u011b vevnit\u0159 pochop\u00edte, pro\u010d se j\u00ed \u0159\u00edk\u00e1 \u201eModr\u00e1 me\u0161ita\u201c.<\/span><\/p>\n<p style=\"text-align: justify;\"><span style=\"color: #000000;\">Me\u0161ita je zav\u0159ena v p\u00e1tek r\u00e1no. Vstup do me\u0161ity je zezadu a fronta jde celkem rychle. Vstupn\u00e9 se neplat\u00ed. Pro vstup se \u017eeny mus\u00ed zahalit do \u0161\u00e1tku a v\u0161ichni se mus\u00ed zout. Pokud se nechcete modlit, d\u00e1vejte pozor, abyste nevlezli na m\u00edsta vyhrazena k modlen\u00ed.<\/span><\/p>\n<p><span style=\"color: #000000;\"><img loading=\"lazy\" decoding=\"async\" class=\"aligncenter size-full wp-image-2189\" src=\"http:\/\/1001voyagesgourmands.com\/wp-content\/uploads\/2015\/03\/DSC_0431.jpg\" alt=\"\" width=\"806\" height=\"534\" srcset=\"https:\/\/1001voyagesgourmands.com\/wp-content\/uploads\/2015\/03\/DSC_0431.jpg 806w, https:\/\/1001voyagesgourmands.com\/wp-content\/uploads\/2015\/03\/DSC_0431-800x530.jpg 800w, https:\/\/1001voyagesgourmands.com\/wp-content\/uploads\/2015\/03\/DSC_0431-300x199.jpg 300w, https:\/\/1001voyagesgourmands.com\/wp-content\/uploads\/2015\/03\/DSC_0431-768x509.jpg 768w, https:\/\/1001voyagesgourmands.com\/wp-content\/uploads\/2015\/03\/DSC_0431-780x516.jpg 780w, https:\/\/1001voyagesgourmands.com\/wp-content\/uploads\/2015\/03\/DSC_0431-585x388.jpg 585w, https:\/\/1001voyagesgourmands.com\/wp-content\/uploads\/2015\/03\/DSC_0431-263x175.jpg 263w\" sizes=\"auto, (max-width: 806px) 100vw, 806px\" \/> <img loading=\"lazy\" decoding=\"async\" class=\"aligncenter size-full wp-image-2187\" src=\"http:\/\/1001voyagesgourmands.com\/wp-content\/uploads\/2015\/03\/DSC_0408.jpg\" alt=\"\" width=\"806\" height=\"534\" srcset=\"https:\/\/1001voyagesgourmands.com\/wp-content\/uploads\/2015\/03\/DSC_0408.jpg 806w, https:\/\/1001voyagesgourmands.com\/wp-content\/uploads\/2015\/03\/DSC_0408-800x530.jpg 800w, https:\/\/1001voyagesgourmands.com\/wp-content\/uploads\/2015\/03\/DSC_0408-300x199.jpg 300w, https:\/\/1001voyagesgourmands.com\/wp-content\/uploads\/2015\/03\/DSC_0408-768x509.jpg 768w, https:\/\/1001voyagesgourmands.com\/wp-content\/uploads\/2015\/03\/DSC_0408-780x516.jpg 780w, https:\/\/1001voyagesgourmands.com\/wp-content\/uploads\/2015\/03\/DSC_0408-585x388.jpg 585w, https:\/\/1001voyagesgourmands.com\/wp-content\/uploads\/2015\/03\/DSC_0408-263x175.jpg 263w\" sizes=\"auto, (max-width: 806px) 100vw, 806px\" \/> <img loading=\"lazy\" decoding=\"async\" class=\"aligncenter size-full wp-image-2191\" src=\"http:\/\/1001voyagesgourmands.com\/wp-content\/uploads\/2015\/03\/DSC_0510.jpg\" alt=\"\" width=\"806\" height=\"534\" srcset=\"https:\/\/1001voyagesgourmands.com\/wp-content\/uploads\/2015\/03\/DSC_0510.jpg 806w, https:\/\/1001voyagesgourmands.com\/wp-content\/uploads\/2015\/03\/DSC_0510-800x530.jpg 800w, https:\/\/1001voyagesgourmands.com\/wp-content\/uploads\/2015\/03\/DSC_0510-300x199.jpg 300w, https:\/\/1001voyagesgourmands.com\/wp-content\/uploads\/2015\/03\/DSC_0510-768x509.jpg 768w, https:\/\/1001voyagesgourmands.com\/wp-content\/uploads\/2015\/03\/DSC_0510-780x516.jpg 780w, https:\/\/1001voyagesgourmands.com\/wp-content\/uploads\/2015\/03\/DSC_0510-585x388.jpg 585w, https:\/\/1001voyagesgourmands.com\/wp-content\/uploads\/2015\/03\/DSC_0510-263x175.jpg 263w\" sizes=\"auto, (max-width: 806px) 100vw, 806px\" \/><\/span><\/p>\n<h4 style=\"text-align: justify;\"><span style=\"color: #000000;\">&nbsp;<\/span><\/h4>\n<h3 style=\"text-align: justify;\"><span style=\"color: #000000;\">Hagia Sofia<\/span><\/h3>\n<p style=\"text-align: justify;\"><span style=\"color: #000000;\">Coby kamenem dohodil od Modr\u00e9 me\u0161ity se nach\u00e1z\u00ed jeden z nejv\u011bt\u0161\u00edch skvost\u016f Istanbulu, byzantsk\u00e1 katedr\u00e1la z 6. stolet\u00ed, naz\u00fdv\u00e1na tak\u00e9 dal\u0161\u00edm divem&nbsp;sv\u011bta. Hned po Pantheonu v \u0158\u00edm\u011b m\u00e1 Hagia druhy nejv\u011bt\u0161\u00ed d\u00f3m na sv\u011bt\u011b. Zvenku opr\u00fdskan\u00e1, \u0159eklo by se o\u0161kliv\u00e1, me\u0161ita je vevnit\u0159 je dekorovan\u00e1 zlatou mozaikou pokr\u00fdvaj\u00edc\u00ed 16 000 m\u00b2. Hagia Sofia byla postavena v roce 325 pod vl\u00e1dou Konstantina a slou\u017eila 916 let jako chr\u00e1m pro \u0159eckou ortodoxn\u00ed c\u00edrkev, po dobyt\u00ed Konstantinopole Turky dal\u0161\u00edch&nbsp;482 let jako me\u0161ita a od roku 1935 slou\u017e\u00ed jako muzeum, ve kter\u00e9m se m\u00edchaj\u00ed k\u0159es\u0165ansk\u00e9 a muslimsk\u00e9 prvky a budete se tam c\u00edtit magicky.<\/span><\/p>\n<p style=\"text-align: justify;\"><span style=\"color: #000000;\">Pokud pl\u00e1nujete del\u0161\u00ed v\u00edkend v Istanbulu, napl\u00e1nujte si n\u00e1v\u0161t\u011bvu Hafii na jin\u00fd den ne\u017e pond\u011bl\u00ed, to je toti\u017e zav\u0159ena.<\/span><\/p>\n<p style=\"text-align: justify;\"><span style=\"color: #000000;\"><img loading=\"lazy\" decoding=\"async\" class=\"aligncenter size-full wp-image-2194\" src=\"http:\/\/1001voyagesgourmands.com\/wp-content\/uploads\/2015\/03\/DSC_0428.jpg\" alt=\"\" width=\"806\" height=\"539\" srcset=\"https:\/\/1001voyagesgourmands.com\/wp-content\/uploads\/2015\/03\/DSC_0428.jpg 806w, https:\/\/1001voyagesgourmands.com\/wp-content\/uploads\/2015\/03\/DSC_0428-300x201.jpg 300w, https:\/\/1001voyagesgourmands.com\/wp-content\/uploads\/2015\/03\/DSC_0428-768x514.jpg 768w, https:\/\/1001voyagesgourmands.com\/wp-content\/uploads\/2015\/03\/DSC_0428-585x391.jpg 585w, https:\/\/1001voyagesgourmands.com\/wp-content\/uploads\/2015\/03\/DSC_0428-263x175.jpg 263w\" sizes=\"auto, (max-width: 806px) 100vw, 806px\" \/> <img loading=\"lazy\" decoding=\"async\" class=\"aligncenter wp-image-2200\" src=\"http:\/\/1001voyagesgourmands.com\/wp-content\/uploads\/2015\/03\/DSC_0699-678x1024.jpg\" alt=\"\" width=\"850\" height=\"1284\" srcset=\"https:\/\/1001voyagesgourmands.com\/wp-content\/uploads\/2015\/03\/DSC_0699-678x1024.jpg 678w, https:\/\/1001voyagesgourmands.com\/wp-content\/uploads\/2015\/03\/DSC_0699-199x300.jpg 199w, https:\/\/1001voyagesgourmands.com\/wp-content\/uploads\/2015\/03\/DSC_0699-768x1160.jpg 768w, https:\/\/1001voyagesgourmands.com\/wp-content\/uploads\/2015\/03\/DSC_0699-585x883.jpg 585w, https:\/\/1001voyagesgourmands.com\/wp-content\/uploads\/2015\/03\/DSC_0699.jpg 796w\" sizes=\"auto, (max-width: 850px) 100vw, 850px\" \/> <img loading=\"lazy\" decoding=\"async\" class=\"aligncenter wp-image-2196\" src=\"http:\/\/1001voyagesgourmands.com\/wp-content\/uploads\/2015\/03\/DSC_0659-678x1024.jpg\" alt=\"\" width=\"828\" height=\"1251\" srcset=\"https:\/\/1001voyagesgourmands.com\/wp-content\/uploads\/2015\/03\/DSC_0659-678x1024.jpg 678w, https:\/\/1001voyagesgourmands.com\/wp-content\/uploads\/2015\/03\/DSC_0659-199x300.jpg 199w, https:\/\/1001voyagesgourmands.com\/wp-content\/uploads\/2015\/03\/DSC_0659-768x1160.jpg 768w, https:\/\/1001voyagesgourmands.com\/wp-content\/uploads\/2015\/03\/DSC_0659-585x883.jpg 585w, https:\/\/1001voyagesgourmands.com\/wp-content\/uploads\/2015\/03\/DSC_0659.jpg 796w\" sizes=\"auto, (max-width: 828px) 100vw, 828px\" \/> <img loading=\"lazy\" decoding=\"async\" class=\"aligncenter size-full wp-image-2198\" src=\"http:\/\/1001voyagesgourmands.com\/wp-content\/uploads\/2015\/03\/DSC_0671.jpg\" alt=\"\" width=\"806\" height=\"534\" srcset=\"https:\/\/1001voyagesgourmands.com\/wp-content\/uploads\/2015\/03\/DSC_0671.jpg 806w, https:\/\/1001voyagesgourmands.com\/wp-content\/uploads\/2015\/03\/DSC_0671-800x530.jpg 800w, https:\/\/1001voyagesgourmands.com\/wp-content\/uploads\/2015\/03\/DSC_0671-300x199.jpg 300w, https:\/\/1001voyagesgourmands.com\/wp-content\/uploads\/2015\/03\/DSC_0671-768x509.jpg 768w, https:\/\/1001voyagesgourmands.com\/wp-content\/uploads\/2015\/03\/DSC_0671-780x516.jpg 780w, https:\/\/1001voyagesgourmands.com\/wp-content\/uploads\/2015\/03\/DSC_0671-585x388.jpg 585w, https:\/\/1001voyagesgourmands.com\/wp-content\/uploads\/2015\/03\/DSC_0671-263x175.jpg 263w\" sizes=\"auto, (max-width: 806px) 100vw, 806px\" \/> <img loading=\"lazy\" decoding=\"async\" class=\"aligncenter size-full wp-image-2202\" src=\"http:\/\/1001voyagesgourmands.com\/wp-content\/uploads\/2015\/03\/DSC_0700.jpg\" alt=\"\" width=\"806\" height=\"534\" srcset=\"https:\/\/1001voyagesgourmands.com\/wp-content\/uploads\/2015\/03\/DSC_0700.jpg 806w, https:\/\/1001voyagesgourmands.com\/wp-content\/uploads\/2015\/03\/DSC_0700-800x530.jpg 800w, https:\/\/1001voyagesgourmands.com\/wp-content\/uploads\/2015\/03\/DSC_0700-300x199.jpg 300w, https:\/\/1001voyagesgourmands.com\/wp-content\/uploads\/2015\/03\/DSC_0700-768x509.jpg 768w, https:\/\/1001voyagesgourmands.com\/wp-content\/uploads\/2015\/03\/DSC_0700-780x516.jpg 780w, https:\/\/1001voyagesgourmands.com\/wp-content\/uploads\/2015\/03\/DSC_0700-585x388.jpg 585w, https:\/\/1001voyagesgourmands.com\/wp-content\/uploads\/2015\/03\/DSC_0700-263x175.jpg 263w\" sizes=\"auto, (max-width: 806px) 100vw, 806px\" \/><\/span><\/p>\n<h4 style=\"text-align: justify;\"><span style=\"color: #000000;\">&nbsp;<\/span><\/h4>\n<h3 style=\"text-align: justify;\"><span style=\"color: #000000;\">Byzantsk\u00e1 cisterna (Yerebatan Sarn\u0131\u00e7\u0131)<\/span><\/h3>\n<p style=\"text-align: justify;\"><span style=\"color: #000000;\">Dob\u0159e zachoval\u00fd podzemn\u00ed labyrint vodn\u00edch n\u00e1dr\u017e\u00ed o velikosti cca 140 x 70, postaven\u00fd za vl\u00e1dy Konstantina ve 4. stolet\u00ed a roz\u0161\u00ed\u0159en\u00fd pozd\u011bji v 6. stolet\u00ed, kter\u00fd se nach\u00e1z\u00ed p\u00e1k krok\u016f od Hagia Sofia. D\u0159\u00edve z\u00e1soboval pitnou vodou Kr\u00e1lovsk\u00fd pal\u00e1c a l\u00e1zn\u011b. Dnes m\u016f\u017eete na d\u0159ev\u011bn\u00fdch chodn\u00edc\u00edch proj\u00edt cel\u00fd osv\u011btlen\u00fd komplex a obdivovat jak 336 sloup\u016f o v\u00fd\u0161ce 8 metr\u016f podp\u00edraj\u00edc\u00edch strop, poslouchat p\u0159i tom hudbu a pozorovat mal\u00e9 rybky, kter\u00e9 v n\u00e1dr\u017ei plavou. Nenechte si uj\u00edt kamennou hlavu med\u00fazy, kter\u00e1 na v\u00e1s \u010dek\u00e1 na konci.<\/span><\/p>\n<p style=\"text-align: justify;\"><span style=\"color: #000000;\">Cisterna je otev\u0159en\u00e1 n\u00e1v\u0161t\u011bv\u00e1m ka\u017ed\u00fd den.<\/span><\/p>\n<p><span style=\"color: #000000;\"><img loading=\"lazy\" decoding=\"async\" class=\"aligncenter size-large wp-image-2279\" src=\"http:\/\/1001voyagesgourmands.com\/wp-content\/uploads\/2015\/03\/DSC_0457-1024x683.jpg\" alt=\"\" width=\"1024\" height=\"683\" srcset=\"https:\/\/1001voyagesgourmands.com\/wp-content\/uploads\/2015\/03\/DSC_0457-1024x683.jpg 1024w, https:\/\/1001voyagesgourmands.com\/wp-content\/uploads\/2015\/03\/DSC_0457-300x200.jpg 300w, https:\/\/1001voyagesgourmands.com\/wp-content\/uploads\/2015\/03\/DSC_0457-768x513.jpg 768w, https:\/\/1001voyagesgourmands.com\/wp-content\/uploads\/2015\/03\/DSC_0457-1170x781.jpg 1170w, https:\/\/1001voyagesgourmands.com\/wp-content\/uploads\/2015\/03\/DSC_0457-1920x1281.jpg 1920w, https:\/\/1001voyagesgourmands.com\/wp-content\/uploads\/2015\/03\/DSC_0457-585x390.jpg 585w, https:\/\/1001voyagesgourmands.com\/wp-content\/uploads\/2015\/03\/DSC_0457-263x175.jpg 263w\" sizes=\"auto, (max-width: 1024px) 100vw, 1024px\" \/> <img loading=\"lazy\" decoding=\"async\" class=\"aligncenter wp-image-2206\" src=\"http:\/\/1001voyagesgourmands.com\/wp-content\/uploads\/2015\/03\/DSC_0486-678x1024.jpg\" alt=\"\" width=\"819\" height=\"1237\" srcset=\"https:\/\/1001voyagesgourmands.com\/wp-content\/uploads\/2015\/03\/DSC_0486-678x1024.jpg 678w, https:\/\/1001voyagesgourmands.com\/wp-content\/uploads\/2015\/03\/DSC_0486-199x300.jpg 199w, https:\/\/1001voyagesgourmands.com\/wp-content\/uploads\/2015\/03\/DSC_0486-768x1160.jpg 768w, https:\/\/1001voyagesgourmands.com\/wp-content\/uploads\/2015\/03\/DSC_0486-585x883.jpg 585w, https:\/\/1001voyagesgourmands.com\/wp-content\/uploads\/2015\/03\/DSC_0486.jpg 796w\" sizes=\"auto, (max-width: 819px) 100vw, 819px\" \/><\/span><\/p>\n<p style=\"text-align: justify;\"><span style=\"color: #000000;\">&nbsp;<\/span><\/p>\n<h3 style=\"text-align: justify;\"><span style=\"color: #000000;\">Velk\u00fd bazar (Kapal\u0131 \u00c7ar\u015f\u0131)<\/span><\/h3>\n<p style=\"text-align: justify;\"><span style=\"color: #000000;\">Ohromn\u00e9 zast\u0159e\u0161en\u00e9 tr\u017ei\u0161t\u011b, kde najdete zbo\u017e\u00ed od bi\u017euterie po koberce \u010di keramiku. Trhovci tu diskutuj\u00ed, pij\u00ed \u010daj a \u010dtou noviny.<\/span><\/p>\n<p style=\"text-align: justify;\"><span style=\"color: #000000;\"><img loading=\"lazy\" decoding=\"async\" class=\"aligncenter size-full wp-image-2211\" src=\"http:\/\/1001voyagesgourmands.com\/wp-content\/uploads\/2015\/03\/DSC_0543.jpg\" alt=\"\" width=\"806\" height=\"534\" srcset=\"https:\/\/1001voyagesgourmands.com\/wp-content\/uploads\/2015\/03\/DSC_0543.jpg 806w, https:\/\/1001voyagesgourmands.com\/wp-content\/uploads\/2015\/03\/DSC_0543-800x530.jpg 800w, https:\/\/1001voyagesgourmands.com\/wp-content\/uploads\/2015\/03\/DSC_0543-300x199.jpg 300w, https:\/\/1001voyagesgourmands.com\/wp-content\/uploads\/2015\/03\/DSC_0543-768x509.jpg 768w, https:\/\/1001voyagesgourmands.com\/wp-content\/uploads\/2015\/03\/DSC_0543-780x516.jpg 780w, https:\/\/1001voyagesgourmands.com\/wp-content\/uploads\/2015\/03\/DSC_0543-585x388.jpg 585w, https:\/\/1001voyagesgourmands.com\/wp-content\/uploads\/2015\/03\/DSC_0543-263x175.jpg 263w\" sizes=\"auto, (max-width: 806px) 100vw, 806px\" \/> <img loading=\"lazy\" decoding=\"async\" class=\"aligncenter size-full wp-image-2215\" src=\"http:\/\/1001voyagesgourmands.com\/wp-content\/uploads\/2015\/03\/DSC_0551.jpg\" alt=\"\" width=\"806\" height=\"534\" srcset=\"https:\/\/1001voyagesgourmands.com\/wp-content\/uploads\/2015\/03\/DSC_0551.jpg 806w, https:\/\/1001voyagesgourmands.com\/wp-content\/uploads\/2015\/03\/DSC_0551-800x530.jpg 800w, https:\/\/1001voyagesgourmands.com\/wp-content\/uploads\/2015\/03\/DSC_0551-300x199.jpg 300w, https:\/\/1001voyagesgourmands.com\/wp-content\/uploads\/2015\/03\/DSC_0551-768x509.jpg 768w, https:\/\/1001voyagesgourmands.com\/wp-content\/uploads\/2015\/03\/DSC_0551-780x516.jpg 780w, https:\/\/1001voyagesgourmands.com\/wp-content\/uploads\/2015\/03\/DSC_0551-585x388.jpg 585w, https:\/\/1001voyagesgourmands.com\/wp-content\/uploads\/2015\/03\/DSC_0551-263x175.jpg 263w\" sizes=\"auto, (max-width: 806px) 100vw, 806px\" \/> <img loading=\"lazy\" decoding=\"async\" class=\"aligncenter size-full wp-image-2213\" src=\"http:\/\/1001voyagesgourmands.com\/wp-content\/uploads\/2015\/03\/DSC_0550.jpg\" alt=\"\" width=\"806\" height=\"534\" srcset=\"https:\/\/1001voyagesgourmands.com\/wp-content\/uploads\/2015\/03\/DSC_0550.jpg 806w, https:\/\/1001voyagesgourmands.com\/wp-content\/uploads\/2015\/03\/DSC_0550-800x530.jpg 800w, https:\/\/1001voyagesgourmands.com\/wp-content\/uploads\/2015\/03\/DSC_0550-300x199.jpg 300w, https:\/\/1001voyagesgourmands.com\/wp-content\/uploads\/2015\/03\/DSC_0550-768x509.jpg 768w, https:\/\/1001voyagesgourmands.com\/wp-content\/uploads\/2015\/03\/DSC_0550-780x516.jpg 780w, https:\/\/1001voyagesgourmands.com\/wp-content\/uploads\/2015\/03\/DSC_0550-585x388.jpg 585w, https:\/\/1001voyagesgourmands.com\/wp-content\/uploads\/2015\/03\/DSC_0550-263x175.jpg 263w\" sizes=\"auto, (max-width: 806px) 100vw, 806px\" \/> <img loading=\"lazy\" decoding=\"async\" class=\"aligncenter wp-image-2209\" src=\"http:\/\/1001voyagesgourmands.com\/wp-content\/uploads\/2015\/03\/DSC_0533-678x1024.jpg\" alt=\"\" width=\"826\" height=\"1248\" srcset=\"https:\/\/1001voyagesgourmands.com\/wp-content\/uploads\/2015\/03\/DSC_0533-678x1024.jpg 678w, https:\/\/1001voyagesgourmands.com\/wp-content\/uploads\/2015\/03\/DSC_0533-199x300.jpg 199w, https:\/\/1001voyagesgourmands.com\/wp-content\/uploads\/2015\/03\/DSC_0533-768x1160.jpg 768w, https:\/\/1001voyagesgourmands.com\/wp-content\/uploads\/2015\/03\/DSC_0533-585x883.jpg 585w, https:\/\/1001voyagesgourmands.com\/wp-content\/uploads\/2015\/03\/DSC_0533.jpg 796w\" sizes=\"auto, (max-width: 826px) 100vw, 826px\" \/><\/span><\/p>\n<p style=\"text-align: justify;\"><span style=\"color: #000000;\">&nbsp;<\/span><\/p>\n<h3 style=\"text-align: justify;\"><span style=\"color: #000000;\">Trh s ko\u0159en\u00edm (Egyptsk\u00fd bazar) <\/span><\/h3>\n<p style=\"text-align: justify;\"><span style=\"color: #000000;\">Na men\u0161\u00edm trhu, kter\u00fd se nach\u00e1z\u00ed v bl\u00edzkosti Velk\u00e9ho bazaru, se\u017eenete zvl\u00e1\u0161t\u011b ko\u0159en\u00ed a bylinky, \u010daje, su\u0161en\u00e9 ovoce a o\u0159echy, loukum a dal\u0161\u00ed pochoutky.<\/span><\/p>\n<p><img loading=\"lazy\" decoding=\"async\" class=\"aligncenter wp-image-2221\" src=\"http:\/\/1001voyagesgourmands.com\/wp-content\/uploads\/2015\/03\/DSC_0565-678x1024.jpg\" alt=\"\" width=\"895\" height=\"1352\" srcset=\"https:\/\/1001voyagesgourmands.com\/wp-content\/uploads\/2015\/03\/DSC_0565-678x1024.jpg 678w, https:\/\/1001voyagesgourmands.com\/wp-content\/uploads\/2015\/03\/DSC_0565-199x300.jpg 199w, https:\/\/1001voyagesgourmands.com\/wp-content\/uploads\/2015\/03\/DSC_0565-768x1160.jpg 768w, https:\/\/1001voyagesgourmands.com\/wp-content\/uploads\/2015\/03\/DSC_0565-585x883.jpg 585w, https:\/\/1001voyagesgourmands.com\/wp-content\/uploads\/2015\/03\/DSC_0565.jpg 796w\" sizes=\"auto, (max-width: 895px) 100vw, 895px\" \/> <img loading=\"lazy\" decoding=\"async\" class=\"aligncenter size-full wp-image-2217\" src=\"http:\/\/1001voyagesgourmands.com\/wp-content\/uploads\/2015\/03\/DSC_0518.jpg\" alt=\"\" width=\"806\" height=\"534\" srcset=\"https:\/\/1001voyagesgourmands.com\/wp-content\/uploads\/2015\/03\/DSC_0518.jpg 806w, https:\/\/1001voyagesgourmands.com\/wp-content\/uploads\/2015\/03\/DSC_0518-800x530.jpg 800w, https:\/\/1001voyagesgourmands.com\/wp-content\/uploads\/2015\/03\/DSC_0518-300x199.jpg 300w, https:\/\/1001voyagesgourmands.com\/wp-content\/uploads\/2015\/03\/DSC_0518-768x509.jpg 768w, https:\/\/1001voyagesgourmands.com\/wp-content\/uploads\/2015\/03\/DSC_0518-780x516.jpg 780w, https:\/\/1001voyagesgourmands.com\/wp-content\/uploads\/2015\/03\/DSC_0518-585x388.jpg 585w, https:\/\/1001voyagesgourmands.com\/wp-content\/uploads\/2015\/03\/DSC_0518-263x175.jpg 263w\" sizes=\"auto, (max-width: 806px) 100vw, 806px\" \/> <img loading=\"lazy\" decoding=\"async\" class=\"aligncenter size-full wp-image-2219\" src=\"http:\/\/1001voyagesgourmands.com\/wp-content\/uploads\/2015\/03\/DSC_0563.jpg\" alt=\"\" width=\"806\" height=\"534\" srcset=\"https:\/\/1001voyagesgourmands.com\/wp-content\/uploads\/2015\/03\/DSC_0563.jpg 806w, https:\/\/1001voyagesgourmands.com\/wp-content\/uploads\/2015\/03\/DSC_0563-800x530.jpg 800w, https:\/\/1001voyagesgourmands.com\/wp-content\/uploads\/2015\/03\/DSC_0563-300x199.jpg 300w, https:\/\/1001voyagesgourmands.com\/wp-content\/uploads\/2015\/03\/DSC_0563-768x509.jpg 768w, https:\/\/1001voyagesgourmands.com\/wp-content\/uploads\/2015\/03\/DSC_0563-780x516.jpg 780w, https:\/\/1001voyagesgourmands.com\/wp-content\/uploads\/2015\/03\/DSC_0563-585x388.jpg 585w, https:\/\/1001voyagesgourmands.com\/wp-content\/uploads\/2015\/03\/DSC_0563-263x175.jpg 263w\" sizes=\"auto, (max-width: 806px) 100vw, 806px\" \/><\/p>\n<p style=\"text-align: justify;\">&nbsp;<\/p>\n<p style=\"text-align: justify;\"><span style=\"color: #000000;\"><strong>Pal\u00e1c Topkapi<\/strong> jsme nemohli nav\u0161t\u00edvit, proto\u017ee jsme si dop\u0159edu neov\u011b\u0159ili otev\u00edrac\u00ed dobu a p\u0159i\u0161li posledn\u00ed den na\u0161eho pobytu, kdy bylo zav\u0159eno. Nicm\u00e9n\u011b jsou tam pr\u00fd v\u017edy davy turist\u016f, tak\u017ee pokud jste sv\u011b\u017e\u00ed, vsta\u0148te brzy a jd\u011bte tam p\u0159ed otev\u00edrac\u00ed dobou, abyste byli mezi prvn\u00edmi uvnit\u0159, jinak riskujete, \u017ee v\u00e1m n\u00e1v\u0161t\u011bva i s \u010dek\u00e1n\u00edm to zabere v\u011bt\u0161inu dne. Pokud v\u00e1m sta\u010d\u00ed n\u011bco m\u00e9n\u011b vyhl\u00e1\u0161en\u00e9ho, jd\u011bte (jako my) m\u00edsto pal\u00e1ce Topkapi nav\u0161t\u00edvit pal\u00e1c Dolmabahce.<\/span><\/p>\n<p style=\"text-align: justify;\"><span style=\"color: #000000;\">&nbsp;<\/span><\/p>\n<h2 style=\"text-align: justify;\"><span style=\"text-decoration: underline;\"><span style=\"color: #000000; text-decoration: underline;\">Co si nenechte uj\u00edt ve zbytku Evropsk\u00e9 \u010d\u00e1st<\/span><\/span><span style=\"color: #000000;\"><span style=\"text-decoration: underline;\">i<\/span>:<\/span><\/h2>\n<h4 style=\"text-align: justify;\"><span style=\"color: #000000;\">&nbsp;<\/span><\/h4>\n<h3 style=\"text-align: justify;\"><span style=\"color: #000000;\">\u010ctvr\u0165 Beyoglu<\/span><\/h3>\n<p style=\"text-align: justify;\"><span style=\"color: #000000;\">Je to malebn\u00e1 \u010dtvr\u0165, kde je plno obchod\u016f, bar\u016f a restaurac\u00ed. Hlavn\u00ed t\u0159\u00edda Istikal je pln\u00e1 obchod\u016f, kter\u00e9 zn\u00e1te i z \u010cech, poka\u017ed\u00e9 jsou tu ale davy lid\u00ed, zvl\u00e1\u0161\u0165 k ve\u010deru &#8211; n\u011bkter\u00e9 obchody jsou otev\u0159en\u00e9 a\u017e do 23 hodin. Nach\u00e1z\u00ed se tu v\u0161ak i galerie a pokud m\u00e1te \u0161t\u011bst\u00ed, m\u016f\u017eete stihnout i n\u011bjakou tu v\u00fdstavu modern\u00edho um\u011bn\u00ed. Po t\u00e9to t\u0159\u00edd\u011b jezd\u00ed star\u00e1&nbsp;tramvaj a\u017e na n\u00e1m\u011bst\u00ed Taksim, jen\u017e je centrem shrom\u00e1\u017ed\u011bn\u00ed m\u00edstn\u00edch p\u0159i r\u016fzn\u00fdch demonstrac\u00edch, konaj\u00ed se tam denn\u00ed i no\u010dn\u00ed slavnosti.<\/span><\/p>\n<div id=\"attachment_613\" style=\"width: 946px\" class=\"wp-caption aligncenter\"><a style=\"color: #000000;\" href=\"https:\/\/voyagegourmanddotorg.files.wordpress.com\/2015\/03\/dsc_0640.jpg\" data-rel=\"penci-gallery-image-content\" ><img loading=\"lazy\" decoding=\"async\" aria-describedby=\"caption-attachment-613\" class=\" wp-image-613\" src=\"https:\/\/voyagegourmanddotorg.files.wordpress.com\/2015\/03\/dsc_0640.jpg?w=660\" alt=\"Tramvaj na n\u00e1m\u011bst\u00ed Taksim\" width=\"936\" height=\"620\"><\/a><p id=\"caption-attachment-613\" class=\"wp-caption-text\"><span style=\"color: #000000;\">Tramvaj na n\u00e1m\u011bst\u00ed Taksim<\/span><\/p><\/div>\n<p style=\"text-align: justify;\"><span style=\"color: #000000;\">&nbsp;<\/span><\/p>\n<h3 style=\"text-align: justify;\"><span style=\"color: #000000;\">V\u011b\u017e Galata <\/span><\/h3>\n<p style=\"text-align: justify;\"><span style=\"color: #000000;\">Monument ze 14. stolet\u00ed,&nbsp;na kter\u00fd stoj\u00ed za to vyl\u00e9zt (nahoru v\u00e1s vezme v\u00fdtah), pokud m\u00e1te chu\u0165 vid\u011bt Istanbul z pta\u010d\u00ed perspektivy.<\/span><\/p>\n<p style=\"text-align: justify;\"><span style=\"color: #000000;\"><img loading=\"lazy\" decoding=\"async\" class=\"aligncenter size-full wp-image-2231\" src=\"http:\/\/1001voyagesgourmands.com\/wp-content\/uploads\/2015\/03\/DSC_0577.jpg\" alt=\"\" width=\"806\" height=\"534\" srcset=\"https:\/\/1001voyagesgourmands.com\/wp-content\/uploads\/2015\/03\/DSC_0577.jpg 806w, https:\/\/1001voyagesgourmands.com\/wp-content\/uploads\/2015\/03\/DSC_0577-800x530.jpg 800w, https:\/\/1001voyagesgourmands.com\/wp-content\/uploads\/2015\/03\/DSC_0577-300x199.jpg 300w, https:\/\/1001voyagesgourmands.com\/wp-content\/uploads\/2015\/03\/DSC_0577-768x509.jpg 768w, https:\/\/1001voyagesgourmands.com\/wp-content\/uploads\/2015\/03\/DSC_0577-780x516.jpg 780w, https:\/\/1001voyagesgourmands.com\/wp-content\/uploads\/2015\/03\/DSC_0577-585x388.jpg 585w, https:\/\/1001voyagesgourmands.com\/wp-content\/uploads\/2015\/03\/DSC_0577-263x175.jpg 263w\" sizes=\"auto, (max-width: 806px) 100vw, 806px\" \/> <img loading=\"lazy\" decoding=\"async\" class=\"aligncenter size-full wp-image-2227\" src=\"http:\/\/1001voyagesgourmands.com\/wp-content\/uploads\/2015\/03\/DSC_0373.jpg\" alt=\"\" width=\"806\" height=\"534\" srcset=\"https:\/\/1001voyagesgourmands.com\/wp-content\/uploads\/2015\/03\/DSC_0373.jpg 806w, https:\/\/1001voyagesgourmands.com\/wp-content\/uploads\/2015\/03\/DSC_0373-800x530.jpg 800w, https:\/\/1001voyagesgourmands.com\/wp-content\/uploads\/2015\/03\/DSC_0373-300x199.jpg 300w, https:\/\/1001voyagesgourmands.com\/wp-content\/uploads\/2015\/03\/DSC_0373-768x509.jpg 768w, https:\/\/1001voyagesgourmands.com\/wp-content\/uploads\/2015\/03\/DSC_0373-780x516.jpg 780w, https:\/\/1001voyagesgourmands.com\/wp-content\/uploads\/2015\/03\/DSC_0373-585x388.jpg 585w, https:\/\/1001voyagesgourmands.com\/wp-content\/uploads\/2015\/03\/DSC_0373-263x175.jpg 263w\" sizes=\"auto, (max-width: 806px) 100vw, 806px\" \/> <img loading=\"lazy\" decoding=\"async\" class=\"aligncenter size-full wp-image-2229\" src=\"http:\/\/1001voyagesgourmands.com\/wp-content\/uploads\/2015\/03\/DSC_0379.jpg\" alt=\"\" width=\"806\" height=\"534\" srcset=\"https:\/\/1001voyagesgourmands.com\/wp-content\/uploads\/2015\/03\/DSC_0379.jpg 806w, https:\/\/1001voyagesgourmands.com\/wp-content\/uploads\/2015\/03\/DSC_0379-800x530.jpg 800w, https:\/\/1001voyagesgourmands.com\/wp-content\/uploads\/2015\/03\/DSC_0379-300x199.jpg 300w, https:\/\/1001voyagesgourmands.com\/wp-content\/uploads\/2015\/03\/DSC_0379-768x509.jpg 768w, https:\/\/1001voyagesgourmands.com\/wp-content\/uploads\/2015\/03\/DSC_0379-780x516.jpg 780w, https:\/\/1001voyagesgourmands.com\/wp-content\/uploads\/2015\/03\/DSC_0379-585x388.jpg 585w, https:\/\/1001voyagesgourmands.com\/wp-content\/uploads\/2015\/03\/DSC_0379-263x175.jpg 263w\" sizes=\"auto, (max-width: 806px) 100vw, 806px\" \/><\/span><\/p>\n<p style=\"text-align: justify;\"><span style=\"color: #000000;\">&nbsp;<\/span><\/p>\n<h3 style=\"text-align: justify;\"><span style=\"color: #000000;\">Most Galata<\/span><\/h3>\n<p style=\"text-align: justify;\"><span style=\"color: #000000;\">Kdy\u017e sejdete od v\u011b\u017ee sm\u011brem k Bosporu, dostanete se na most Galata, odkud m\u00e1te jedno z nejhez\u010d\u00edch panoramatick\u00fdch pohled\u016f na Star\u00e9 m\u011bsto. Na mostu je plno ryb\u00e1\u0159\u016f a uvnit\u0159 najdete plno restaurac\u00ed. Pokud m\u00e1te v\u0161ak chu\u0165 na \u010derstv\u00e9 ryby, je lep\u0161\u00ed si je d\u00e1t ve \u010dtvrti Kumkapi, kter\u00e1 je hned vedle mostu &#8211; tam mate zaru\u010deno, \u017ee se jedn\u00e1 o ryby \u010derstv\u00e9.<\/span><\/p>\n<div id=\"attachment_586\" style=\"width: 868px\" class=\"wp-caption aligncenter\"><a style=\"color: #000000;\" href=\"https:\/\/voyagegourmanddotorg.files.wordpress.com\/2015\/03\/dsc_0309.jpg\" data-rel=\"penci-gallery-image-content\" ><img loading=\"lazy\" decoding=\"async\" aria-describedby=\"caption-attachment-586\" class=\" wp-image-586\" src=\"https:\/\/voyagegourmanddotorg.files.wordpress.com\/2015\/03\/dsc_0309.jpg?w=660\" alt=\"Pohled na Novou me\u0161itu z mostu Galata\" width=\"858\" height=\"568\"><\/a><p id=\"caption-attachment-586\" class=\"wp-caption-text\"><span style=\"color: #000000;\">Pohled na Novou me\u0161itu z mostu Galata<\/span><\/p><\/div>\n<p style=\"text-align: justify;\"><span style=\"color: #000000;\">&nbsp;<\/span><\/p>\n<h3 style=\"text-align: justify;\"><span style=\"color: #000000;\">\u010ctvr\u0165 Cukurcuma <\/span><\/h3>\n<p style=\"text-align: justify;\"><span style=\"color: #000000;\">Boh\u00e9msk\u00e1 \u010dtvr\u0165, kde najdete&nbsp;plno kav\u00e1rni\u010dek, obchod\u016f se staro\u017eitnostmi, vintage obch\u016fdk\u016f, galeri\u00ed s um\u011bn\u00edm a obchod\u016f se starobyl\u00fdm n\u00e1bytkem. \u017dij\u00ed zde jak cizinci, tak Stambulit\u00e9. Ur\u010dit\u011b zajd\u011bte na kafe!<\/span><\/p>\n<p style=\"text-align: justify;\"><span style=\"color: #000000;\">&nbsp;<\/span><\/p>\n<h3 style=\"text-align: justify;\"><span style=\"color: #000000;\">Plavba po Bosporu<\/span><\/h3>\n<p style=\"text-align: justify;\"><span style=\"color: #000000;\">Nenechte si uniknout plavbu po Bosporu, kter\u00fd spojuje \u010cern\u00e9 a Marmansk\u00e9 mo\u0159e a odd\u011bluje Evropskou a Asijskou \u010d\u00e1st m\u011bsta. Uvid\u00edte tak m\u011bsto z jin\u00e9 perspektivy. Plavbu muzete zapo\u010d\u00edt treba u mostu Galata, nebo jako my, v p\u0159\u00edstavu Emin\u00f6n\u00fc. Plavba trv\u00e1 p\u0159ibli\u017en\u011b 90 minut a m\u016f\u017eete p\u0159i n\u00ed&nbsp;z lodi obdivovat kr\u00e1sn\u00e9 dome\u010dky, me\u0161ity a pal\u00e1ce na obou b\u0159ez\u00edch &#8211; Asijsk\u00e9m i Evropsk\u00e9m, ryb\u00e1\u0159e na mostech, nebo si jen tak d\u00e1t \u010daj a krmit racky. P\u0159ipom\u00edn\u00e1m, \u017ee proj\u00ed\u017e\u010fka trv\u00e1 hodinu a p\u016fl, l\u00edstek stoj\u00ed cca 15 eur a na lodi fouk\u00e1 v\u00edtr (d\u00e1 se i zal\u00e9zt dovnit\u0159, pokud je m\u00edsto), tak\u017ee zva\u017ete dvakr\u00e1t,&nbsp;ne\u017e na lo\u010f vlezete.<\/span><\/p>\n<p style=\"text-align: justify;\"><span style=\"color: #000000;\"><img loading=\"lazy\" decoding=\"async\" class=\"aligncenter size-full wp-image-2233\" src=\"http:\/\/1001voyagesgourmands.com\/wp-content\/uploads\/2015\/03\/CSC_0813.jpg\" alt=\"\" width=\"806\" height=\"534\" srcset=\"https:\/\/1001voyagesgourmands.com\/wp-content\/uploads\/2015\/03\/CSC_0813.jpg 806w, https:\/\/1001voyagesgourmands.com\/wp-content\/uploads\/2015\/03\/CSC_0813-800x530.jpg 800w, https:\/\/1001voyagesgourmands.com\/wp-content\/uploads\/2015\/03\/CSC_0813-300x199.jpg 300w, https:\/\/1001voyagesgourmands.com\/wp-content\/uploads\/2015\/03\/CSC_0813-768x509.jpg 768w, https:\/\/1001voyagesgourmands.com\/wp-content\/uploads\/2015\/03\/CSC_0813-780x516.jpg 780w, https:\/\/1001voyagesgourmands.com\/wp-content\/uploads\/2015\/03\/CSC_0813-585x388.jpg 585w, https:\/\/1001voyagesgourmands.com\/wp-content\/uploads\/2015\/03\/CSC_0813-263x175.jpg 263w\" sizes=\"auto, (max-width: 806px) 100vw, 806px\" \/> <img loading=\"lazy\" decoding=\"async\" class=\"aligncenter size-full wp-image-2237\" src=\"http:\/\/1001voyagesgourmands.com\/wp-content\/uploads\/2015\/03\/DSC_0078.jpg\" alt=\"\" width=\"806\" height=\"534\" srcset=\"https:\/\/1001voyagesgourmands.com\/wp-content\/uploads\/2015\/03\/DSC_0078.jpg 806w, https:\/\/1001voyagesgourmands.com\/wp-content\/uploads\/2015\/03\/DSC_0078-800x530.jpg 800w, https:\/\/1001voyagesgourmands.com\/wp-content\/uploads\/2015\/03\/DSC_0078-300x199.jpg 300w, https:\/\/1001voyagesgourmands.com\/wp-content\/uploads\/2015\/03\/DSC_0078-768x509.jpg 768w, https:\/\/1001voyagesgourmands.com\/wp-content\/uploads\/2015\/03\/DSC_0078-780x516.jpg 780w, https:\/\/1001voyagesgourmands.com\/wp-content\/uploads\/2015\/03\/DSC_0078-585x388.jpg 585w, https:\/\/1001voyagesgourmands.com\/wp-content\/uploads\/2015\/03\/DSC_0078-263x175.jpg 263w\" sizes=\"auto, (max-width: 806px) 100vw, 806px\" \/> <img loading=\"lazy\" decoding=\"async\" class=\"aligncenter size-full wp-image-2241\" src=\"http:\/\/1001voyagesgourmands.com\/wp-content\/uploads\/2015\/03\/DSC_0115.jpg\" alt=\"\" width=\"806\" height=\"450\" srcset=\"https:\/\/1001voyagesgourmands.com\/wp-content\/uploads\/2015\/03\/DSC_0115.jpg 806w, https:\/\/1001voyagesgourmands.com\/wp-content\/uploads\/2015\/03\/DSC_0115-300x167.jpg 300w, https:\/\/1001voyagesgourmands.com\/wp-content\/uploads\/2015\/03\/DSC_0115-768x429.jpg 768w, https:\/\/1001voyagesgourmands.com\/wp-content\/uploads\/2015\/03\/DSC_0115-585x327.jpg 585w\" sizes=\"auto, (max-width: 806px) 100vw, 806px\" \/> <img loading=\"lazy\" decoding=\"async\" class=\"aligncenter size-full wp-image-2243\" src=\"http:\/\/1001voyagesgourmands.com\/wp-content\/uploads\/2015\/03\/DSC_0135.jpg\" alt=\"\" width=\"806\" height=\"534\" srcset=\"https:\/\/1001voyagesgourmands.com\/wp-content\/uploads\/2015\/03\/DSC_0135.jpg 806w, https:\/\/1001voyagesgourmands.com\/wp-content\/uploads\/2015\/03\/DSC_0135-800x530.jpg 800w, https:\/\/1001voyagesgourmands.com\/wp-content\/uploads\/2015\/03\/DSC_0135-300x199.jpg 300w, https:\/\/1001voyagesgourmands.com\/wp-content\/uploads\/2015\/03\/DSC_0135-768x509.jpg 768w, https:\/\/1001voyagesgourmands.com\/wp-content\/uploads\/2015\/03\/DSC_0135-780x516.jpg 780w, https:\/\/1001voyagesgourmands.com\/wp-content\/uploads\/2015\/03\/DSC_0135-585x388.jpg 585w, https:\/\/1001voyagesgourmands.com\/wp-content\/uploads\/2015\/03\/DSC_0135-263x175.jpg 263w\" sizes=\"auto, (max-width: 806px) 100vw, 806px\" \/> <img loading=\"lazy\" decoding=\"async\" class=\"aligncenter size-full wp-image-2245\" src=\"http:\/\/1001voyagesgourmands.com\/wp-content\/uploads\/2015\/03\/DSC_0153.jpg\" alt=\"\" width=\"806\" height=\"534\" srcset=\"https:\/\/1001voyagesgourmands.com\/wp-content\/uploads\/2015\/03\/DSC_0153.jpg 806w, https:\/\/1001voyagesgourmands.com\/wp-content\/uploads\/2015\/03\/DSC_0153-800x530.jpg 800w, https:\/\/1001voyagesgourmands.com\/wp-content\/uploads\/2015\/03\/DSC_0153-300x199.jpg 300w, https:\/\/1001voyagesgourmands.com\/wp-content\/uploads\/2015\/03\/DSC_0153-768x509.jpg 768w, https:\/\/1001voyagesgourmands.com\/wp-content\/uploads\/2015\/03\/DSC_0153-780x516.jpg 780w, https:\/\/1001voyagesgourmands.com\/wp-content\/uploads\/2015\/03\/DSC_0153-585x388.jpg 585w, https:\/\/1001voyagesgourmands.com\/wp-content\/uploads\/2015\/03\/DSC_0153-263x175.jpg 263w\" sizes=\"auto, (max-width: 806px) 100vw, 806px\" \/> <img loading=\"lazy\" decoding=\"async\" class=\"aligncenter size-full wp-image-2247\" src=\"http:\/\/1001voyagesgourmands.com\/wp-content\/uploads\/2015\/03\/DSC_0161.jpg\" alt=\"\" width=\"806\" height=\"534\" srcset=\"https:\/\/1001voyagesgourmands.com\/wp-content\/uploads\/2015\/03\/DSC_0161.jpg 806w, https:\/\/1001voyagesgourmands.com\/wp-content\/uploads\/2015\/03\/DSC_0161-800x530.jpg 800w, https:\/\/1001voyagesgourmands.com\/wp-content\/uploads\/2015\/03\/DSC_0161-300x199.jpg 300w, https:\/\/1001voyagesgourmands.com\/wp-content\/uploads\/2015\/03\/DSC_0161-768x509.jpg 768w, https:\/\/1001voyagesgourmands.com\/wp-content\/uploads\/2015\/03\/DSC_0161-780x516.jpg 780w, https:\/\/1001voyagesgourmands.com\/wp-content\/uploads\/2015\/03\/DSC_0161-585x388.jpg 585w, https:\/\/1001voyagesgourmands.com\/wp-content\/uploads\/2015\/03\/DSC_0161-263x175.jpg 263w\" sizes=\"auto, (max-width: 806px) 100vw, 806px\" \/> <img loading=\"lazy\" decoding=\"async\" class=\"aligncenter size-full wp-image-2251\" src=\"http:\/\/1001voyagesgourmands.com\/wp-content\/uploads\/2015\/03\/DSC_0612.jpg\" alt=\"\" width=\"806\" height=\"542\" srcset=\"https:\/\/1001voyagesgourmands.com\/wp-content\/uploads\/2015\/03\/DSC_0612.jpg 806w, https:\/\/1001voyagesgourmands.com\/wp-content\/uploads\/2015\/03\/DSC_0612-300x202.jpg 300w, https:\/\/1001voyagesgourmands.com\/wp-content\/uploads\/2015\/03\/DSC_0612-768x516.jpg 768w, https:\/\/1001voyagesgourmands.com\/wp-content\/uploads\/2015\/03\/DSC_0612-585x393.jpg 585w\" sizes=\"auto, (max-width: 806px) 100vw, 806px\" \/> <img loading=\"lazy\" decoding=\"async\" class=\"aligncenter size-large wp-image-2253\" src=\"http:\/\/1001voyagesgourmands.com\/wp-content\/uploads\/2015\/03\/DSC_0180-1024x678.jpg\" alt=\"\" width=\"1024\" height=\"678\" srcset=\"https:\/\/1001voyagesgourmands.com\/wp-content\/uploads\/2015\/03\/DSC_0180-1024x678.jpg 1024w, https:\/\/1001voyagesgourmands.com\/wp-content\/uploads\/2015\/03\/DSC_0180-800x530.jpg 800w, https:\/\/1001voyagesgourmands.com\/wp-content\/uploads\/2015\/03\/DSC_0180-300x199.jpg 300w, https:\/\/1001voyagesgourmands.com\/wp-content\/uploads\/2015\/03\/DSC_0180-768x509.jpg 768w, https:\/\/1001voyagesgourmands.com\/wp-content\/uploads\/2015\/03\/DSC_0180-1170x775.jpg 1170w, https:\/\/1001voyagesgourmands.com\/wp-content\/uploads\/2015\/03\/DSC_0180-780x516.jpg 780w, https:\/\/1001voyagesgourmands.com\/wp-content\/uploads\/2015\/03\/DSC_0180-1920x1272.jpg 1920w, https:\/\/1001voyagesgourmands.com\/wp-content\/uploads\/2015\/03\/DSC_0180-585x387.jpg 585w, https:\/\/1001voyagesgourmands.com\/wp-content\/uploads\/2015\/03\/DSC_0180-263x175.jpg 263w\" sizes=\"auto, (max-width: 1024px) 100vw, 1024px\" \/> <img loading=\"lazy\" decoding=\"async\" class=\"aligncenter size-large wp-image-2255\" src=\"http:\/\/1001voyagesgourmands.com\/wp-content\/uploads\/2015\/03\/DSC_0204-1024x685.jpg\" alt=\"\" width=\"1024\" height=\"685\" srcset=\"https:\/\/1001voyagesgourmands.com\/wp-content\/uploads\/2015\/03\/DSC_0204-1024x685.jpg 1024w, https:\/\/1001voyagesgourmands.com\/wp-content\/uploads\/2015\/03\/DSC_0204-300x201.jpg 300w, https:\/\/1001voyagesgourmands.com\/wp-content\/uploads\/2015\/03\/DSC_0204-768x514.jpg 768w, https:\/\/1001voyagesgourmands.com\/wp-content\/uploads\/2015\/03\/DSC_0204-1170x783.jpg 1170w, https:\/\/1001voyagesgourmands.com\/wp-content\/uploads\/2015\/03\/DSC_0204-1920x1284.jpg 1920w, https:\/\/1001voyagesgourmands.com\/wp-content\/uploads\/2015\/03\/DSC_0204-585x391.jpg 585w, https:\/\/1001voyagesgourmands.com\/wp-content\/uploads\/2015\/03\/DSC_0204-263x175.jpg 263w\" sizes=\"auto, (max-width: 1024px) 100vw, 1024px\" \/><\/span><\/p>\n<p style=\"text-align: justify;\"><span style=\"color: #000000;\">U p\u0159\u00edstavu Emin\u00f6n\u00fc najdete spoustu kav\u00e1rni\u010dek, st\u00e1nk\u016f s ob\u010derstven\u00edm a trhovc\u016f s bi\u017euteri\u00ed. V Istanbulu je plno kav\u00e1ren Starbucks, a pokud si tam koup\u00edte drink, m\u016f\u017eete si vz\u00edt s sebou j\u00eddlo t\u0159eba ze st\u00e1nku. To jsme p\u0159esn\u011b ud\u011blali my &#8211; koupili jsme si horkou pln\u011bnou bramboru a \u0161li ji sn\u00edst do Starbucks, proto\u017ee venku byla zima.<\/span><\/p>\n<p style=\"text-align: justify;\"><span style=\"color: #000000;\">&nbsp;<\/span><\/p>\n<h3 style=\"text-align: justify;\"><span style=\"color: #000000;\">Pal\u00e1c Dolmabahce <\/span><\/h3>\n<p style=\"text-align: justify;\"><span style=\"color: #000000;\">Pal\u00e1c z 19. stolet\u00ed, kde \u017eilo 6 posledn\u00edch sult\u00e1n\u016f. Po prohl\u00e1\u0161en\u00ed Turecka republikou (1923) tu \u017eil a zem\u0159el prvn\u00ed prezident, Mustafa Kemal Atat\u00fcrk. Od roku 1984 je pal\u00e1c otev\u0159en\u00fd pro ve\u0159ejnost jako muzeum origin\u00e1ln\u00edho n\u00e1bytku Ottomansk\u00e9 \u0159\u00ed\u0161e. V interi\u00e9ru o 300 m\u00edstnostech se m\u00eds\u00ed&nbsp;kulturn\u00ed a um\u011bleck\u00e9 prvky Ottomansk\u00fdch tradic se z\u00e1padn\u00edmi styly &#8211; p\u0159edev\u0161\u00edm barokem a rokokem, ale tak\u00e9 neoklasicismem. Nach\u00e1z\u00ed se v n\u011bm &#8222;pouze&#8220; 68 koupelen. Mne nejv\u00edce zaujal lustr, kter\u00fd je vyroben z \u010cesk\u00e9ho k\u0159i\u0161\u0165\u00e1lu. Sou\u010d\u00e1st\u00ed komplexu je i sult\u00e1n\u016fv har\u00e9m, muzeum hodin, hodinov\u00e1 v\u011b\u017e a krystalov\u00fd pavilon.<\/span><\/p>\n<p style=\"text-align: justify;\"><span style=\"color: #000000;\">Pal\u00e1c je zav\u0159en v pond\u011bl\u00ed a ve \u010dtvrtek. N\u00e1v\u0161t\u011bvy jsou jedin\u011b s pr\u016fvodcem a vyplat\u00ed se p\u0159ij\u00edt nejpozd\u011bji do p\u016fl \u010dtvrt\u00e9, jinak riskujete, \u017ee u\u017e se nevejdete do posledn\u00ed skupinky. Uvnit\u0159 je zak\u00e1z\u00e1no fotografovat a filmovat, takt\u00e9\u017e je zak\u00e1zan\u00fd vstup s alkoholem &#8211; kv\u016fli tomu n\u00e1\u0161 Tureck\u00fd p\u0159\u00edtel z\u016fstal venku na k\u00e1v\u011b &#8211; nesl s sebou toti\u017e fla\u0161ku francouzsk\u00e9ho v\u00edna pro svou tureckou p\u0159\u00edtelkyni.<\/span><\/p>\n<p style=\"text-align: justify;\"><span style=\"color: #000000;\"><img loading=\"lazy\" decoding=\"async\" class=\"aligncenter wp-image-2262\" src=\"http:\/\/1001voyagesgourmands.com\/wp-content\/uploads\/2015\/03\/CSC_0745-678x1024.jpg\" alt=\"\" width=\"824\" height=\"1245\" srcset=\"https:\/\/1001voyagesgourmands.com\/wp-content\/uploads\/2015\/03\/CSC_0745-678x1024.jpg 678w, https:\/\/1001voyagesgourmands.com\/wp-content\/uploads\/2015\/03\/CSC_0745-199x300.jpg 199w, https:\/\/1001voyagesgourmands.com\/wp-content\/uploads\/2015\/03\/CSC_0745-768x1160.jpg 768w, https:\/\/1001voyagesgourmands.com\/wp-content\/uploads\/2015\/03\/CSC_0745-585x883.jpg 585w, https:\/\/1001voyagesgourmands.com\/wp-content\/uploads\/2015\/03\/CSC_0745.jpg 796w\" sizes=\"auto, (max-width: 824px) 100vw, 824px\" \/> <img loading=\"lazy\" decoding=\"async\" class=\"aligncenter size-full wp-image-2264\" src=\"http:\/\/1001voyagesgourmands.com\/wp-content\/uploads\/2015\/03\/DSC_0734.jpg\" alt=\"\" width=\"806\" height=\"534\" srcset=\"https:\/\/1001voyagesgourmands.com\/wp-content\/uploads\/2015\/03\/DSC_0734.jpg 806w, https:\/\/1001voyagesgourmands.com\/wp-content\/uploads\/2015\/03\/DSC_0734-800x530.jpg 800w, https:\/\/1001voyagesgourmands.com\/wp-content\/uploads\/2015\/03\/DSC_0734-300x199.jpg 300w, https:\/\/1001voyagesgourmands.com\/wp-content\/uploads\/2015\/03\/DSC_0734-768x509.jpg 768w, https:\/\/1001voyagesgourmands.com\/wp-content\/uploads\/2015\/03\/DSC_0734-780x516.jpg 780w, https:\/\/1001voyagesgourmands.com\/wp-content\/uploads\/2015\/03\/DSC_0734-585x388.jpg 585w, https:\/\/1001voyagesgourmands.com\/wp-content\/uploads\/2015\/03\/DSC_0734-263x175.jpg 263w\" sizes=\"auto, (max-width: 806px) 100vw, 806px\" \/> <img loading=\"lazy\" decoding=\"async\" class=\"aligncenter size-full wp-image-2266\" src=\"http:\/\/1001voyagesgourmands.com\/wp-content\/uploads\/2015\/03\/DSC_0737.jpg\" alt=\"\" width=\"806\" height=\"539\" srcset=\"https:\/\/1001voyagesgourmands.com\/wp-content\/uploads\/2015\/03\/DSC_0737.jpg 806w, https:\/\/1001voyagesgourmands.com\/wp-content\/uploads\/2015\/03\/DSC_0737-300x201.jpg 300w, https:\/\/1001voyagesgourmands.com\/wp-content\/uploads\/2015\/03\/DSC_0737-768x514.jpg 768w, https:\/\/1001voyagesgourmands.com\/wp-content\/uploads\/2015\/03\/DSC_0737-585x391.jpg 585w, https:\/\/1001voyagesgourmands.com\/wp-content\/uploads\/2015\/03\/DSC_0737-263x175.jpg 263w\" sizes=\"auto, (max-width: 806px) 100vw, 806px\" \/> <img loading=\"lazy\" decoding=\"async\" class=\"aligncenter size-full wp-image-2270\" src=\"http:\/\/1001voyagesgourmands.com\/wp-content\/uploads\/2015\/03\/DSC_0752.jpg\" alt=\"\" width=\"806\" height=\"534\" srcset=\"https:\/\/1001voyagesgourmands.com\/wp-content\/uploads\/2015\/03\/DSC_0752.jpg 806w, https:\/\/1001voyagesgourmands.com\/wp-content\/uploads\/2015\/03\/DSC_0752-800x530.jpg 800w, https:\/\/1001voyagesgourmands.com\/wp-content\/uploads\/2015\/03\/DSC_0752-300x199.jpg 300w, https:\/\/1001voyagesgourmands.com\/wp-content\/uploads\/2015\/03\/DSC_0752-768x509.jpg 768w, https:\/\/1001voyagesgourmands.com\/wp-content\/uploads\/2015\/03\/DSC_0752-780x516.jpg 780w, https:\/\/1001voyagesgourmands.com\/wp-content\/uploads\/2015\/03\/DSC_0752-585x388.jpg 585w, https:\/\/1001voyagesgourmands.com\/wp-content\/uploads\/2015\/03\/DSC_0752-263x175.jpg 263w\" sizes=\"auto, (max-width: 806px) 100vw, 806px\" \/> <img loading=\"lazy\" decoding=\"async\" class=\"aligncenter size-full wp-image-2268\" src=\"http:\/\/1001voyagesgourmands.com\/wp-content\/uploads\/2015\/03\/DSC_0739.jpg\" alt=\"\" width=\"806\" height=\"534\" srcset=\"https:\/\/1001voyagesgourmands.com\/wp-content\/uploads\/2015\/03\/DSC_0739.jpg 806w, https:\/\/1001voyagesgourmands.com\/wp-content\/uploads\/2015\/03\/DSC_0739-800x530.jpg 800w, https:\/\/1001voyagesgourmands.com\/wp-content\/uploads\/2015\/03\/DSC_0739-300x199.jpg 300w, https:\/\/1001voyagesgourmands.com\/wp-content\/uploads\/2015\/03\/DSC_0739-768x509.jpg 768w, https:\/\/1001voyagesgourmands.com\/wp-content\/uploads\/2015\/03\/DSC_0739-780x516.jpg 780w, https:\/\/1001voyagesgourmands.com\/wp-content\/uploads\/2015\/03\/DSC_0739-585x388.jpg 585w, https:\/\/1001voyagesgourmands.com\/wp-content\/uploads\/2015\/03\/DSC_0739-263x175.jpg 263w\" sizes=\"auto, (max-width: 806px) 100vw, 806px\" \/><img loading=\"lazy\" decoding=\"async\" class=\"aligncenter wp-image-8680\" src=\"http:\/\/1001voyagesgourmands.com\/wp-content\/uploads\/2015\/03\/CSC_0796-1-678x1024.jpg\" alt=\"CSC_0796\" width=\"834\" height=\"1260\" srcset=\"https:\/\/1001voyagesgourmands.com\/wp-content\/uploads\/2015\/03\/CSC_0796-1-678x1024.jpg 678w, https:\/\/1001voyagesgourmands.com\/wp-content\/uploads\/2015\/03\/CSC_0796-1-199x300.jpg 199w, https:\/\/1001voyagesgourmands.com\/wp-content\/uploads\/2015\/03\/CSC_0796-1-768x1160.jpg 768w, https:\/\/1001voyagesgourmands.com\/wp-content\/uploads\/2015\/03\/CSC_0796-1-585x883.jpg 585w, https:\/\/1001voyagesgourmands.com\/wp-content\/uploads\/2015\/03\/CSC_0796-1.jpg 800w\" sizes=\"auto, (max-width: 834px) 100vw, 834px\" \/>&nbsp;<\/span><\/p>\n<h2 style=\"text-align: justify;\"><span style=\"text-decoration: underline; color: #000000;\">Asijsk\u00e1 \u010d\u00e1st<\/span><\/h2>\n<p style=\"text-align: justify;\"><span style=\"color: #000000;\">M\u016f\u017eete se zajet pod\u00edvat i do Asijsk\u00e9 \u010d\u00e1sti, ale zdaleka tam neuvid\u00edte tolik, co v Evropsk\u00e9. Na prvn\u00ed pohled je tam v\u011bt\u0161\u00ed bordel (mo\u017en\u00e1 jen n\u00e1\u0161 dojem). My tam jeli trajektem a pak tax\u00edkem n\u011bkam k pob\u0159e\u017e\u00ed, kde jsme si dali \u010daj (byla u\u017e dost zima, tak jsme se vr\u00e1tili). Asijskou \u010d\u00e1st doporu\u010duji pouze pokud se chcete projet lod\u00ed, anebo u\u017e jste vid\u011bli z Evropsk\u00e9 \u010d\u00e1sti v\u0161e podstatn\u00e9. Cesta tam lodi a tax\u00edkem n\u00e1m trvala cca hodinu.<\/span><\/p>\n<p style=\"text-align: justify;\"><span style=\"color: #000000;\">&nbsp;<\/span><\/p>\n<p style=\"text-align: justify;\"><span style=\"color: #000000;\">Tak\u017ee toto jsme stihli my za necel\u00e9&nbsp;4 dny v Istanbulu.&nbsp;Co vy, m\u00e1te chu\u0165 nav\u0161t\u00edvit Istanbul? Nebo jste tam ji\u017e byli? Co v\u00e1s tam nadchlo, nebo naopak zklamalo?<\/span><\/p>\n","protected":false},"excerpt":{"rendered":"<p>N\u00e1v\u0161t\u011bva Istanbulu byla dlouho pl\u00e1novan\u00e1, ale kone\u010dn\u011b v listopadu se n\u00e1m poda\u0159ilo d\u00e1t dohromady skupinku 5 lid\u00ed, z nich\u017e jeden byl p\u016fvodem Turek. To n\u00e1m uleh\u010dilo situaci &#8211; m\u00edt n\u011bkoho, kdo to m\u011bsto zn\u00e1 a porad\u00ed, kam j\u00edt a kam ne, na co si d\u00e1t pozor, atd. Tak jsme koupili&hellip;<\/p>\n","protected":false},"author":1,"featured_media":2358,"comment_status":"open","ping_status":"open","sticky":false,"template":"","format":"standard","meta":{"_exactmetrics_skip_tracking":false,"_exactmetrics_sitenote_active":false,"_exactmetrics_sitenote_note":"","_exactmetrics_sitenote_category":0,"_lmt_disableupdate":"","_lmt_disable":"","footnotes":""},"categories":[4,17],"tags":[77,257,328],"class_list":["post-568","post","type-post","status-publish","format-standard","has-post-thumbnail","hentry","category-cestovani","category-turecko","tag-turecko","tag-vikendove-vylety","tag-vylety-do-mesta"],"yoast_head":"<!-- This site is optimized with the Yoast SEO plugin v26.1.1 - https:\/\/yoast.com\/wordpress\/plugins\/seo\/ -->\n<title>Chu\u0165 Istanbulu - 1001 Voyages Gourmands<\/title>\n<meta name=\"robots\" content=\"index, follow, max-snippet:-1, max-image-preview:large, max-video-preview:-1\" \/>\n<link rel=\"canonical\" href=\"https:\/\/1001voyagesgourmands.com\/cs\/chut-istanbulu\/\" \/>\n<meta property=\"og:locale\" content=\"cs_CZ\" \/>\n<meta property=\"og:type\" content=\"article\" \/>\n<meta property=\"og:title\" content=\"Chu\u0165 Istanbulu - 1001 Voyages Gourmands\" \/>\n<meta property=\"og:description\" content=\"N\u00e1v\u0161t\u011bva Istanbulu byla dlouho pl\u00e1novan\u00e1, ale kone\u010dn\u011b v listopadu se n\u00e1m poda\u0159ilo d\u00e1t dohromady skupinku 5 lid\u00ed, z nich\u017e jeden byl p\u016fvodem Turek. To n\u00e1m uleh\u010dilo situaci &#8211; m\u00edt n\u011bkoho, kdo to m\u011bsto zn\u00e1 a porad\u00ed, kam j\u00edt a kam ne, na co si d\u00e1t pozor, atd. Tak jsme koupili&hellip;\" \/>\n<meta property=\"og:url\" content=\"https:\/\/1001voyagesgourmands.com\/cs\/chut-istanbulu\/\" \/>\n<meta property=\"og:site_name\" content=\"1001 Voyages Gourmands\" \/>\n<meta property=\"article:publisher\" content=\"https:\/\/www.facebook.com\/1001voyagesgourmands\" \/>\n<meta property=\"article:published_time\" content=\"2015-03-27T21:00:00+00:00\" \/>\n<meta property=\"article:modified_time\" content=\"2019-03-30T16:08:11+00:00\" \/>\n<meta property=\"og:image\" content=\"https:\/\/1001voyagesgourmands.com\/wp-content\/uploads\/2015\/03\/DSC_0597.jpg\" \/>\n\t<meta property=\"og:image:width\" content=\"806\" \/>\n\t<meta property=\"og:image:height\" content=\"534\" \/>\n\t<meta property=\"og:image:type\" content=\"image\/jpeg\" \/>\n<meta name=\"author\" content=\"Michaela\" \/>\n<meta name=\"twitter:card\" content=\"summary_large_image\" \/>\n<meta name=\"twitter:creator\" content=\"@michaela_1001vg\" \/>\n<meta name=\"twitter:site\" content=\"@michaela_1001vg\" \/>\n<meta name=\"twitter:label1\" content=\"Napsal(a)\" \/>\n\t<meta name=\"twitter:data1\" content=\"Michaela\" \/>\n\t<meta name=\"twitter:label2\" content=\"Odhadovan\u00e1 doba \u010dten\u00ed\" \/>\n\t<meta name=\"twitter:data2\" content=\"12 minut\" \/>\n<script type=\"application\/ld+json\" class=\"yoast-schema-graph\">{\"@context\":\"https:\/\/schema.org\",\"@graph\":[{\"@type\":\"WebPage\",\"@id\":\"https:\/\/1001voyagesgourmands.com\/cs\/chut-istanbulu\/\",\"url\":\"https:\/\/1001voyagesgourmands.com\/cs\/chut-istanbulu\/\",\"name\":\"Chu\u0165 Istanbulu - 1001 Voyages Gourmands\",\"isPartOf\":{\"@id\":\"https:\/\/1001voyagesgourmands.com\/cs\/#website\"},\"primaryImageOfPage\":{\"@id\":\"https:\/\/1001voyagesgourmands.com\/cs\/chut-istanbulu\/#primaryimage\"},\"image\":{\"@id\":\"https:\/\/1001voyagesgourmands.com\/cs\/chut-istanbulu\/#primaryimage\"},\"thumbnailUrl\":\"https:\/\/1001voyagesgourmands.com\/wp-content\/uploads\/2015\/03\/DSC_0597.jpg\",\"datePublished\":\"2015-03-27T21:00:00+00:00\",\"dateModified\":\"2019-03-30T16:08:11+00:00\",\"author\":{\"@id\":\"https:\/\/1001voyagesgourmands.com\/cs\/#\/schema\/person\/62e0e7238fcf7482b23bf83e1b72ff1b\"},\"breadcrumb\":{\"@id\":\"https:\/\/1001voyagesgourmands.com\/cs\/chut-istanbulu\/#breadcrumb\"},\"inLanguage\":\"cs\",\"potentialAction\":[{\"@type\":\"ReadAction\",\"target\":[\"https:\/\/1001voyagesgourmands.com\/cs\/chut-istanbulu\/\"]}]},{\"@type\":\"ImageObject\",\"inLanguage\":\"cs\",\"@id\":\"https:\/\/1001voyagesgourmands.com\/cs\/chut-istanbulu\/#primaryimage\",\"url\":\"https:\/\/1001voyagesgourmands.com\/wp-content\/uploads\/2015\/03\/DSC_0597.jpg\",\"contentUrl\":\"https:\/\/1001voyagesgourmands.com\/wp-content\/uploads\/2015\/03\/DSC_0597.jpg\",\"width\":806,\"height\":534},{\"@type\":\"BreadcrumbList\",\"@id\":\"https:\/\/1001voyagesgourmands.com\/cs\/chut-istanbulu\/#breadcrumb\",\"itemListElement\":[{\"@type\":\"ListItem\",\"position\":1,\"name\":\"Dom\u016f\",\"item\":\"https:\/\/1001voyagesgourmands.com\/cs\/\"},{\"@type\":\"ListItem\",\"position\":2,\"name\":\"Chu\u0165 Istanbulu\"}]},{\"@type\":\"WebSite\",\"@id\":\"https:\/\/1001voyagesgourmands.com\/cs\/#website\",\"url\":\"https:\/\/1001voyagesgourmands.com\/cs\/\",\"name\":\"1001 Voyages Gourmands\",\"description\":\"Food | Travel | Photography\",\"potentialAction\":[{\"@type\":\"SearchAction\",\"target\":{\"@type\":\"EntryPoint\",\"urlTemplate\":\"https:\/\/1001voyagesgourmands.com\/cs\/?s={search_term_string}\"},\"query-input\":{\"@type\":\"PropertyValueSpecification\",\"valueRequired\":true,\"valueName\":\"search_term_string\"}}],\"inLanguage\":\"cs\"},{\"@type\":\"Person\",\"@id\":\"https:\/\/1001voyagesgourmands.com\/cs\/#\/schema\/person\/62e0e7238fcf7482b23bf83e1b72ff1b\",\"name\":\"Michaela\",\"image\":{\"@type\":\"ImageObject\",\"inLanguage\":\"cs\",\"@id\":\"https:\/\/1001voyagesgourmands.com\/cs\/#\/schema\/person\/image\/\",\"url\":\"https:\/\/secure.gravatar.com\/avatar\/73fa562a5b0ce269ca480f67de504b8ecac054a121d170e226f1b79e02024cb8?s=96&d=mm&r=g\",\"contentUrl\":\"https:\/\/secure.gravatar.com\/avatar\/73fa562a5b0ce269ca480f67de504b8ecac054a121d170e226f1b79e02024cb8?s=96&d=mm&r=g\",\"caption\":\"Michaela\"},\"sameAs\":[\"http:\/\/1001voyagesgourmands.com\"]}]}<\/script>\n<!-- \/ Yoast SEO plugin. -->","yoast_head_json":{"title":"Chu\u0165 Istanbulu - 1001 Voyages Gourmands","robots":{"index":"index","follow":"follow","max-snippet":"max-snippet:-1","max-image-preview":"max-image-preview:large","max-video-preview":"max-video-preview:-1"},"canonical":"https:\/\/1001voyagesgourmands.com\/cs\/chut-istanbulu\/","og_locale":"cs_CZ","og_type":"article","og_title":"Chu\u0165 Istanbulu - 1001 Voyages Gourmands","og_description":"N\u00e1v\u0161t\u011bva Istanbulu byla dlouho pl\u00e1novan\u00e1, ale kone\u010dn\u011b v listopadu se n\u00e1m poda\u0159ilo d\u00e1t dohromady skupinku 5 lid\u00ed, z nich\u017e jeden byl p\u016fvodem Turek. To n\u00e1m uleh\u010dilo situaci &#8211; m\u00edt n\u011bkoho, kdo to m\u011bsto zn\u00e1 a porad\u00ed, kam j\u00edt a kam ne, na co si d\u00e1t pozor, atd. Tak jsme koupili&hellip;","og_url":"https:\/\/1001voyagesgourmands.com\/cs\/chut-istanbulu\/","og_site_name":"1001 Voyages Gourmands","article_publisher":"https:\/\/www.facebook.com\/1001voyagesgourmands","article_published_time":"2015-03-27T21:00:00+00:00","article_modified_time":"2019-03-30T16:08:11+00:00","og_image":[{"width":806,"height":534,"url":"https:\/\/1001voyagesgourmands.com\/wp-content\/uploads\/2015\/03\/DSC_0597.jpg","type":"image\/jpeg"}],"author":"Michaela","twitter_card":"summary_large_image","twitter_creator":"@michaela_1001vg","twitter_site":"@michaela_1001vg","twitter_misc":{"Napsal(a)":"Michaela","Odhadovan\u00e1 doba \u010dten\u00ed":"12 minut"},"schema":{"@context":"https:\/\/schema.org","@graph":[{"@type":"WebPage","@id":"https:\/\/1001voyagesgourmands.com\/cs\/chut-istanbulu\/","url":"https:\/\/1001voyagesgourmands.com\/cs\/chut-istanbulu\/","name":"Chu\u0165 Istanbulu - 1001 Voyages Gourmands","isPartOf":{"@id":"https:\/\/1001voyagesgourmands.com\/cs\/#website"},"primaryImageOfPage":{"@id":"https:\/\/1001voyagesgourmands.com\/cs\/chut-istanbulu\/#primaryimage"},"image":{"@id":"https:\/\/1001voyagesgourmands.com\/cs\/chut-istanbulu\/#primaryimage"},"thumbnailUrl":"https:\/\/1001voyagesgourmands.com\/wp-content\/uploads\/2015\/03\/DSC_0597.jpg","datePublished":"2015-03-27T21:00:00+00:00","dateModified":"2019-03-30T16:08:11+00:00","author":{"@id":"https:\/\/1001voyagesgourmands.com\/cs\/#\/schema\/person\/62e0e7238fcf7482b23bf83e1b72ff1b"},"breadcrumb":{"@id":"https:\/\/1001voyagesgourmands.com\/cs\/chut-istanbulu\/#breadcrumb"},"inLanguage":"cs","potentialAction":[{"@type":"ReadAction","target":["https:\/\/1001voyagesgourmands.com\/cs\/chut-istanbulu\/"]}]},{"@type":"ImageObject","inLanguage":"cs","@id":"https:\/\/1001voyagesgourmands.com\/cs\/chut-istanbulu\/#primaryimage","url":"https:\/\/1001voyagesgourmands.com\/wp-content\/uploads\/2015\/03\/DSC_0597.jpg","contentUrl":"https:\/\/1001voyagesgourmands.com\/wp-content\/uploads\/2015\/03\/DSC_0597.jpg","width":806,"height":534},{"@type":"BreadcrumbList","@id":"https:\/\/1001voyagesgourmands.com\/cs\/chut-istanbulu\/#breadcrumb","itemListElement":[{"@type":"ListItem","position":1,"name":"Dom\u016f","item":"https:\/\/1001voyagesgourmands.com\/cs\/"},{"@type":"ListItem","position":2,"name":"Chu\u0165 Istanbulu"}]},{"@type":"WebSite","@id":"https:\/\/1001voyagesgourmands.com\/cs\/#website","url":"https:\/\/1001voyagesgourmands.com\/cs\/","name":"1001 Voyages Gourmands","description":"Food | Travel | Photography","potentialAction":[{"@type":"SearchAction","target":{"@type":"EntryPoint","urlTemplate":"https:\/\/1001voyagesgourmands.com\/cs\/?s={search_term_string}"},"query-input":{"@type":"PropertyValueSpecification","valueRequired":true,"valueName":"search_term_string"}}],"inLanguage":"cs"},{"@type":"Person","@id":"https:\/\/1001voyagesgourmands.com\/cs\/#\/schema\/person\/62e0e7238fcf7482b23bf83e1b72ff1b","name":"Michaela","image":{"@type":"ImageObject","inLanguage":"cs","@id":"https:\/\/1001voyagesgourmands.com\/cs\/#\/schema\/person\/image\/","url":"https:\/\/secure.gravatar.com\/avatar\/73fa562a5b0ce269ca480f67de504b8ecac054a121d170e226f1b79e02024cb8?s=96&d=mm&r=g","contentUrl":"https:\/\/secure.gravatar.com\/avatar\/73fa562a5b0ce269ca480f67de504b8ecac054a121d170e226f1b79e02024cb8?s=96&d=mm&r=g","caption":"Michaela"},"sameAs":["http:\/\/1001voyagesgourmands.com"]}]}},"_links":{"self":[{"href":"https:\/\/1001voyagesgourmands.com\/cs\/wp-json\/wp\/v2\/posts\/568","targetHints":{"allow":["GET"]}}],"collection":[{"href":"https:\/\/1001voyagesgourmands.com\/cs\/wp-json\/wp\/v2\/posts"}],"about":[{"href":"https:\/\/1001voyagesgourmands.com\/cs\/wp-json\/wp\/v2\/types\/post"}],"author":[{"embeddable":true,"href":"https:\/\/1001voyagesgourmands.com\/cs\/wp-json\/wp\/v2\/users\/1"}],"replies":[{"embeddable":true,"href":"https:\/\/1001voyagesgourmands.com\/cs\/wp-json\/wp\/v2\/comments?post=568"}],"version-history":[{"count":1,"href":"https:\/\/1001voyagesgourmands.com\/cs\/wp-json\/wp\/v2\/posts\/568\/revisions"}],"predecessor-version":[{"id":24718,"href":"https:\/\/1001voyagesgourmands.com\/cs\/wp-json\/wp\/v2\/posts\/568\/revisions\/24718"}],"wp:featuredmedia":[{"embeddable":true,"href":"https:\/\/1001voyagesgourmands.com\/cs\/wp-json\/wp\/v2\/media\/2358"}],"wp:attachment":[{"href":"https:\/\/1001voyagesgourmands.com\/cs\/wp-json\/wp\/v2\/media?parent=568"}],"wp:term":[{"taxonomy":"category","embeddable":true,"href":"https:\/\/1001voyagesgourmands.com\/cs\/wp-json\/wp\/v2\/categories?post=568"},{"taxonomy":"post_tag","embeddable":true,"href":"https:\/\/1001voyagesgourmands.com\/cs\/wp-json\/wp\/v2\/tags?post=568"}],"curies":[{"name":"wp","href":"https:\/\/api.w.org\/{rel}","templated":true}]}}