{"id":5519,"date":"2016-07-28T08:00:35","date_gmt":"2016-07-28T06:00:35","guid":{"rendered":"http:\/\/1001voyagesgourmands.com\/?p=5519&#038;lang=en"},"modified":"2020-12-02T12:37:30","modified_gmt":"2020-12-02T11:37:30","slug":"belgicke-restaurace-v-centru-bruselu","status":"publish","type":"post","link":"https:\/\/1001voyagesgourmands.com\/cs\/belgicke-restaurace-v-centru-bruselu\/","title":{"rendered":"M\u00e9 obl\u00edben\u00e9 belgick\u00e9 restaurace v centru Bruselu"},"content":{"rendered":"<p style=\"text-align: justify;\">Pokud m\u00e1te cestu do Bruselu, ur\u010dit\u011b si krom\u011b pam\u00e1tek, piva, pralinek a hranolek ud\u011blejte \u010das na n\u011bjakou dobrou restauraci, kde m\u016f\u017eete ochutnat speciality belgick\u00e9 kuchyn\u011b. Byla by \u0161koda jet do Bruselu&nbsp;a stravovat se pouze vyhl\u00e1\u0161en\u00fdmi hranolkami, v\u0161udyp\u0159\u00edtomn\u00fdm kebabem na ulici, \u010di v turistick\u00fdch lapa\u010dk\u00e1ch v rue de Bouchers.&nbsp;Typicky belgick\u00e1 j\u00eddla najdete p\u0159edev\u0161\u00edm v podnic\u00edch zvan\u00fdch b<em>rasserie<\/em>, co\u017e&nbsp;je doslova pivovar, nicm\u00e9n\u011b se pod t\u00edmto pojmem ch\u00e1pe restaurace typu na\u0161\u00ed hospody, ov\u0161em na velice slu\u0161n\u00e9 \u00farovni, kde se serv\u00edruj\u00ed velice chutn\u00e1 (v\u011bt\u0161inou typicky belgick\u00e1) j\u00eddla dobr\u00e9 kvality za slu\u0161nou cenu. Pokud zrovna hled\u00e1te, kam do belgick\u00e9 restaurace v centru Bruselu, a pokud chcete ochutnat n\u011bco z belgick\u00e9 kuchyn\u011b a naj\u00edst se za dobr\u00fd pom\u011br cena\/kvalita tam, kam chod\u00ed m\u00edstn\u00ed ji\u017e l\u00e9ta, pak se v\u00e1m jist\u011b budou hodit m\u00e9 tipy na belgick\u00e9 restaurace v centru Bruselu.<\/p>\n<p style=\"text-align: justify;\"><img loading=\"lazy\" decoding=\"async\" class=\"aligncenter size-full wp-image-10299\" src=\"http:\/\/1001voyagesgourmands.com\/wp-content\/uploads\/2016\/07\/Belgicke_restaurace_v_centru_Bruselu-title-1.jpg\" alt=\"Kam na j\u00eddlo v centru Bruselu, pokud chcete ochutnat n\u011bco z belgick\u00e9 kuchyn\u011b a naj\u00edst se za dobr\u00fd pom\u011br cena\/kvalita tam, kam chod\u00ed m\u00edstn\u00ed ji\u017e l\u00e9ta.\" width=\"768\" height=\"512\" srcset=\"https:\/\/1001voyagesgourmands.com\/wp-content\/uploads\/2016\/07\/Belgicke_restaurace_v_centru_Bruselu-title-1.jpg 768w, https:\/\/1001voyagesgourmands.com\/wp-content\/uploads\/2016\/07\/Belgicke_restaurace_v_centru_Bruselu-title-1-300x200.jpg 300w, https:\/\/1001voyagesgourmands.com\/wp-content\/uploads\/2016\/07\/Belgicke_restaurace_v_centru_Bruselu-title-1-585x390.jpg 585w, https:\/\/1001voyagesgourmands.com\/wp-content\/uploads\/2016\/07\/Belgicke_restaurace_v_centru_Bruselu-title-1-263x175.jpg 263w\" sizes=\"auto, (max-width: 768px) 100vw, 768px\" \/><\/p>\n<h2>&nbsp;<\/h2>\n<h2><strong>Fin de Si\u00e8cle<\/strong><\/h2>\n<p style=\"text-align: justify;\">Nedaleko St. G\u00e9ry, velmi \u017eiv\u00e9ho centra Bruselu, se nach\u00e1z\u00ed dobr\u00e1 brasserie nesouc\u00ed jm\u00e9no Fin de Si\u00e8cle. Dekor v secesn\u00edm stylu, jednoduch\u00e9 stoly a \u017eidle, p\u0159\u00edjemn\u00fd person\u00e1l a klasick\u00e1 j\u00eddla belgick\u00e9 kuchyn\u011b. V t\u00e9to belgick\u00e9 restauraci v centru Bruselu maj\u00ed v\u011bt\u0161inou plno a chv\u00edli si jak na st\u016fl, tak na j\u00eddlo po\u010dk\u00e1te, ale \u010dek\u00e1n\u00ed za to stoj\u00ed. Jejich porce jsou bohat\u00e9 a krom\u011b <strong>typick\u00fdch belgick\u00fdch masov\u00fdch j\u00eddel<\/strong> v\u017edy maj\u00ed alespo\u0148 dv\u011b j\u00eddla bezmas\u00e1 (zamilovala jsem si jejich <strong>vegansk\u00e9 lasagne<\/strong>). P\u0159ed j\u00eddlem v\u00e1m tu daj\u00ed na st\u016fl <strong>dom\u00e1c\u00ed chl\u00e9b<\/strong>, kter\u00fd je zde jeden z nejlep\u0161\u00edch v bruselsk\u00fdch restaurac\u00edch! Nen\u00ed zde klasick\u00e9 men\u00ed\u010dko, ale jejich denn\u00ed nab\u00eddku najdete na tabuli za barem. Dezert jsem tu zat\u00edm nezkou\u0161ela, ale co jsem m\u011bla p\u0159\u00edle\u017eitost vid\u011bt, tak vypadaj\u00ed l\u00e1kav\u011b a dom\u00e1cky. Z piv tu maj\u00ed velice obl\u00edben\u00e9 <strong>Tripple Karmeliet<\/strong>, krer\u00e9 v\u00e1m rozhodn\u011b doporu\u010duji vyzkou\u0161et.<\/p>\n<p><img loading=\"lazy\" decoding=\"async\" class=\"aligncenter size-full wp-image-10285\" src=\"http:\/\/1001voyagesgourmands.com\/wp-content\/uploads\/2016\/07\/Belgicke_restaurace_v_centru_Bruselu-4.jpg\" alt=\"Kam na j\u00eddlo v centru Bruselu, pokud chcete ochutnat n\u011bco z belgick\u00e9 kuchyn\u011b a naj\u00edst se za dobr\u00fd pom\u011br cena\/kvalita tam, kam chod\u00ed m\u00edstn\u00ed ji\u017e l\u00e9ta.\" width=\"800\" height=\"533\" srcset=\"https:\/\/1001voyagesgourmands.com\/wp-content\/uploads\/2016\/07\/Belgicke_restaurace_v_centru_Bruselu-4.jpg 800w, https:\/\/1001voyagesgourmands.com\/wp-content\/uploads\/2016\/07\/Belgicke_restaurace_v_centru_Bruselu-4-300x200.jpg 300w, https:\/\/1001voyagesgourmands.com\/wp-content\/uploads\/2016\/07\/Belgicke_restaurace_v_centru_Bruselu-4-768x512.jpg 768w, https:\/\/1001voyagesgourmands.com\/wp-content\/uploads\/2016\/07\/Belgicke_restaurace_v_centru_Bruselu-4-585x390.jpg 585w, https:\/\/1001voyagesgourmands.com\/wp-content\/uploads\/2016\/07\/Belgicke_restaurace_v_centru_Bruselu-4-263x175.jpg 263w\" sizes=\"auto, (max-width: 800px) 100vw, 800px\" \/><\/p>\n<p><em><a href=\"http:\/\/www.tripadvisor.cz\/Restaurant_Review-g188644-d1852850-Reviews-Fin_de_Siecle-Brussels.html\">Fin de Si\u00e8cle<\/a><\/em><\/p>\n<p><em><span class=\"street-address\">Adresa: Rue des Chartreux 9<\/span>, <span class=\"locality\">1000 Bruxelles<\/span><\/em><\/p>\n<p><em>Telefon: +32 2 512 51 23<\/em><\/p>\n<p><em>Otev\u0159eno: denn\u011b 12:15 &#8211; 00:30<\/em><\/p>\n<h2>&nbsp;<\/h2>\n<h2><strong>9 et Voisins<\/strong><\/h2>\n<p style=\"text-align: justify;\">Nedaleko Fin de Si\u00e8cle se nach\u00e1z\u00ed dal\u0161\u00ed mal\u00e1 belgick\u00e1 restaurace v centru Bruselu, nesouc\u00ed se v podobn\u00e9m duchu. Dekor je velice jednoduch\u00fd, ale fajn &#8211; co st\u016fl a \u017eidle, to jin\u00fd model, ale to jen p\u0159id\u00e1v\u00e1 na kouzlu. Takt\u00e9\u017e ani zde nemaj\u00ed klasick\u00e1 men\u00ed\u010dka a nab\u00eddku najdete na tabuli uvnit\u0159. Chod\u00edme sem ob\u010das o v\u00edkendu na ob\u011bd, kdy\u017e chceme str\u00e1vit den v centru m\u011bsta anebo si prost\u011b jen tak vyj\u00edt na ob\u011bd a nemuset va\u0159it. Maj\u00ed tu toti\u017e o v\u00edkendu mezi 12. a 14. hodinou formuli <strong>hlavn\u00ed chod + dezert s \u010dajem za 12,50 EUR<\/strong> a v\u017edy se tu dob\u0159e naj\u00edme. Z typick\u00fdch belgick\u00fdch j\u00eddel tu najdete t\u0159eba <strong>carbonnades flamandes, jambonneau,<\/strong> \u010di <strong>stoemp,<\/strong> d\u00e1le pak <strong>steaky<\/strong>, n\u011bjakou <strong>rybu<\/strong> jsem tu vid\u011bla, ale i <strong>sal\u00e1ty<\/strong>. Dezert zahrnut\u00fd ve formuli je \u010dasto n\u011bjak\u00fd <strong>dom\u00e1c\u00ed kol\u00e1\u010d.<\/strong> Jen mal\u00e1 &nbsp;pozn\u00e1mka k placen\u00ed &#8211; chce to m\u00edt cash, proto\u017ee co si pamatuji, nikdy tu nebrali platebn\u00ed karty.<\/p>\n<div id=\"attachment_10283\" style=\"width: 934px\" class=\"wp-caption aligncenter\"><img loading=\"lazy\" decoding=\"async\" aria-describedby=\"caption-attachment-10283\" class=\"wp-image-10283 \" src=\"http:\/\/1001voyagesgourmands.com\/wp-content\/uploads\/2016\/07\/Belgicke_restaurace_v_centru_Bruselu-3.jpg\" alt=\"Kam na j\u00eddlo v centru Bruselu, pokud chcete ochutnat n\u011bco z belgick\u00e9 kuchyn\u011b a naj\u00edst se za dobr\u00fd pom\u011br cena\/kvalita tam, kam chod\u00ed m\u00edstn\u00ed ji\u017e l\u00e9ta.\" width=\"924\" height=\"615\" srcset=\"https:\/\/1001voyagesgourmands.com\/wp-content\/uploads\/2016\/07\/Belgicke_restaurace_v_centru_Bruselu-3.jpg 800w, https:\/\/1001voyagesgourmands.com\/wp-content\/uploads\/2016\/07\/Belgicke_restaurace_v_centru_Bruselu-3-300x200.jpg 300w, https:\/\/1001voyagesgourmands.com\/wp-content\/uploads\/2016\/07\/Belgicke_restaurace_v_centru_Bruselu-3-768x512.jpg 768w, https:\/\/1001voyagesgourmands.com\/wp-content\/uploads\/2016\/07\/Belgicke_restaurace_v_centru_Bruselu-3-585x390.jpg 585w, https:\/\/1001voyagesgourmands.com\/wp-content\/uploads\/2016\/07\/Belgicke_restaurace_v_centru_Bruselu-3-263x175.jpg 263w\" sizes=\"auto, (max-width: 924px) 100vw, 924px\" \/><p id=\"caption-attachment-10283\" class=\"wp-caption-text\">Photo by Alan (via Flickr)<\/p><\/div>\n<p style=\"text-align: justify;\"><em><a href=\"https:\/\/www.facebook.com\/9-voisins-680440888643628\/\" target=\"_blank\" rel=\"noopener noreferrer\">9 et Voisins<\/a><\/em><\/p>\n<p style=\"text-align: justify;\"><em>Adresa:&nbsp;Rue Van Artevelde 1, 1000 Bruxelles<\/em><\/p>\n<p style=\"text-align: justify;\"><em>Telefon: +32 2 512 90 49<\/em><\/p>\n<p style=\"text-align: justify;\"><em>Otev\u0159eno: denn\u011b od 18 &#8211; 00:00, na ob\u011bd maj\u00ed otev\u0159eno pouze od p\u00e1tku do ned\u011ble<\/em><\/p>\n<p>&nbsp;<\/p>\n<h2>Skievelat Sablon&nbsp;<\/h2>\n<p style=\"text-align: justify;\">Skievelat na n\u00e1m\u011bst\u00ed Sablon je zhruba 10 minut p\u011b\u0161ky od Grand Place a je to m\u00edsto, kam chod\u00edme s p\u0159\u00e1teli a kolegy celkem \u010dasto ve\u010der na j\u00eddlo.&nbsp;Je tam \u017eivo, maj\u00ed \u0161irokou nab\u00eddku belgick\u00fdch a evropsk\u00fdch j\u00eddel od <strong>sal\u00e1tu Caesar, krevetov\u00fdch kroket, ryb<\/strong>, slavn\u00e9ho <strong>Am\u00e9ricain<\/strong> (syrov\u00e9 mlet\u00e9 hov\u011bz\u00ed maso s r\u016fzn\u00fdm ko\u0159en\u00edm, bez kter\u00e9ho si v\u011bt\u0161ina Belgi\u010dan\u016f nedok\u00e1\u017ee p\u0159edstavit \u017eivot), <strong>carbonnades flamandes<\/strong> (sladkokysel\u00e9 hov\u011bz\u00ed na pivu) \u010di <strong>boulettes sauce tomate<\/strong> (masov\u00e9 kuli\u010dky v raj\u010datov\u00e9 om\u00e1\u010dce) a\u017e po <strong>t\u011bstoviny<\/strong>. Pro vegetari\u00e1ny se tu najde <strong>sal\u00e1t s koz\u00edm s\u00fdrem<\/strong>&nbsp;\u010di <strong>vegetari\u00e1nsk\u00e9 lasagne<\/strong> nebo m\u016fj obl\u00edben\u00fd <strong>zape\u010den\u00fd lilek s cuketou a mozzarelou.<\/strong> Maj\u00ed tu celkem dobr\u00fd v\u00fdb\u011br piv &#8211; krom\u011b klasick\u00e9ho to\u010den\u00e9ho tu najdete&nbsp;lahvov\u00e9 pivo jako <strong>Omer, Kriek,<\/strong>&nbsp;d\u00e1le pak Trappist piva jako <strong>Chimay bleu, Orval<\/strong> a <strong>Westmalle<\/strong>. D\u00e1le tu maj\u00ed dobrou nab\u00eddku su\u0161\u0161\u00edch v\u00edn, ze kter\u00e9 jsou zaj\u00edmav\u00e1 p\u0159edev\u0161\u00edm ta \u010derven\u00e1 jako nap\u0159\u00edklad m\u016fj obl\u00edben\u00fd jihofrancouzsk\u00fd <strong>Pic St. Loup<\/strong> nebo <strong>argentinsk\u00fd<\/strong> <strong>Malbec<\/strong>. A jako t\u0159e\u0161ni\u010dka na dortu: nechyb\u00ed dezerty jako <strong>tarte tatin<\/strong> (kol\u00e1\u010d s karamelizovan\u00fdmi jablky), <strong>\u010dokol\u00e1dov\u00e1 p\u011bna<\/strong>, \u010di <strong>moeleux au chocolat<\/strong> (l\u00e1va cake) aj.<\/p>\n<p><img loading=\"lazy\" decoding=\"async\" class=\"aligncenter size-full wp-image-10281\" src=\"http:\/\/1001voyagesgourmands.com\/wp-content\/uploads\/2016\/07\/Belgicke_restaurace_v_centru_Bruselu-1.jpg\" alt=\"Kam na j\u00eddlo v centru Bruselu, pokud chcete ochutnat n\u011bco z belgick\u00e9 kuchyn\u011b a naj\u00edst se za dobr\u00fd pom\u011br cena\/kvalita tam, kam chod\u00ed m\u00edstn\u00ed ji\u017e l\u00e9ta.\" width=\"800\" height=\"530\" srcset=\"https:\/\/1001voyagesgourmands.com\/wp-content\/uploads\/2016\/07\/Belgicke_restaurace_v_centru_Bruselu-1.jpg 800w, https:\/\/1001voyagesgourmands.com\/wp-content\/uploads\/2016\/07\/Belgicke_restaurace_v_centru_Bruselu-1-300x199.jpg 300w, https:\/\/1001voyagesgourmands.com\/wp-content\/uploads\/2016\/07\/Belgicke_restaurace_v_centru_Bruselu-1-768x509.jpg 768w, https:\/\/1001voyagesgourmands.com\/wp-content\/uploads\/2016\/07\/Belgicke_restaurace_v_centru_Bruselu-1-780x516.jpg 780w, https:\/\/1001voyagesgourmands.com\/wp-content\/uploads\/2016\/07\/Belgicke_restaurace_v_centru_Bruselu-1-585x388.jpg 585w, https:\/\/1001voyagesgourmands.com\/wp-content\/uploads\/2016\/07\/Belgicke_restaurace_v_centru_Bruselu-1-263x175.jpg 263w\" sizes=\"auto, (max-width: 800px) 100vw, 800px\" \/><\/p>\n<p><em><a href=\"http:\/\/www.skievelat.be\/\" target=\"_blank\" rel=\"noopener noreferrer\">Skievelat Sablon<\/a><\/em><\/p>\n<p><em>Adresa:&nbsp;Rue Joseph Stevens 18, 1000 Bruxelles<\/em><\/p>\n<p><em>Telefon: +32 2 502 25 12<\/em><\/p>\n<p><em>Otev\u0159eno: denn\u011b 18:30 &#8211; 24:00, o v\u00edkendu&nbsp;<\/em><\/p>\n<h2>&nbsp;<\/h2>\n<h2>Madame Chapeau*<\/h2>\n<p style=\"text-align: justify;\">Madame Chapeau je vynikaj\u00edc\u00ed m\u00edsto nedaleko Burzy, kter\u00e9 je pojmenov\u00e1no podle sochy postar\u0161\u00ed d\u00e1my&nbsp;<em>Madame Chapeau<\/em>&nbsp;(postavi\u010dka bruselsk\u00e9 divadeln\u00ed hry ze 30. let, kterou najdete za rohem p\u00e1r krok\u016f od restaurace). M\u00edstn\u00ed specialitou je p\u0159edev\u0161\u00edm klasick\u00fd belgick\u00fd<strong> stoemp<\/strong>, co\u017e je vlastn\u011b bramborov\u00e1 ka\u0161e s kousky zeleniny. Co je fajn na bistru Madame Chapeau, je \u017ee si m\u016f\u017eete sestavit sv\u016fj chod od A do Z.&nbsp;Nejprve si vyberete stoemp (na v\u00fdb\u011br m\u00e1te z <strong>mrkvov\u00e9ho, p\u00f3rkov\u00e9ho, \u0161pen\u00e1tov\u00e9ho a \u010dekankov\u00e9ho<\/strong>), k tomu <strong>klob\u00e1su,&nbsp;maso<\/strong>, <strong>fil\u00e9 \u010di fetu<\/strong>&nbsp;a nakonec si vyberete om\u00e1\u010dku dle chuti. Pokud n\u011bkdo stoempu p\u0159\u00edli\u0161 neholduje, m\u016f\u017ee si tu d\u00e1t t\u0159eba <strong>pol\u00e9vku<\/strong> nebo <strong>sal\u00e1t.<\/strong>&nbsp;Jako dezert Madame Chapeau nab\u00edz\u00ed <strong>zmrzlinu<\/strong> nebo <strong>bruselsk\u00e9 vafle<\/strong>. Maj\u00ed tu i slu\u0161n\u00fd v\u00fdb\u011br belgick\u00fdch piv, bez kter\u00fdch se belgick\u00e1 j\u00eddla neobejdou takt\u00e9\u017e jako na\u0161e knedl\u00edky.<\/p>\n<p style=\"text-align: justify;\"><img loading=\"lazy\" decoding=\"async\" class=\"aligncenter size-full wp-image-10305\" src=\"http:\/\/1001voyagesgourmands.com\/wp-content\/uploads\/2016\/07\/Belgicke_restaurace_v_centru_Bruselu-6.jpg\" alt=\"Kam na j\u00eddlo v centru Bruselu, pokud chcete ochutnat n\u011bco z belgick\u00e9 kuchyn\u011b a naj\u00edst se za dobr\u00fd pom\u011br cena\/kvalita tam, kam chod\u00ed m\u00edstn\u00ed ji\u017e l\u00e9ta.\" width=\"800\" height=\"463\" srcset=\"https:\/\/1001voyagesgourmands.com\/wp-content\/uploads\/2016\/07\/Belgicke_restaurace_v_centru_Bruselu-6.jpg 800w, https:\/\/1001voyagesgourmands.com\/wp-content\/uploads\/2016\/07\/Belgicke_restaurace_v_centru_Bruselu-6-300x174.jpg 300w, https:\/\/1001voyagesgourmands.com\/wp-content\/uploads\/2016\/07\/Belgicke_restaurace_v_centru_Bruselu-6-768x444.jpg 768w, https:\/\/1001voyagesgourmands.com\/wp-content\/uploads\/2016\/07\/Belgicke_restaurace_v_centru_Bruselu-6-585x339.jpg 585w\" sizes=\"auto, (max-width: 800px) 100vw, 800px\" \/><\/p>\n<p style=\"text-align: justify;\"><em><a href=\"http:\/\/www.madamechapeau.be\/\" target=\"_blank\" rel=\"noopener noreferrer\">Madame Chapeau<\/a><\/em><\/p>\n<p style=\"text-align: justify;\"><em>Adresa:&nbsp;Rue march\u00e9 au charbon 94, 1000&nbsp;Bruxelles<\/em><\/p>\n<p style=\"text-align: justify;\"><i>*restaurace ji\u017e bohu\u017eel neexistuje &#8211; brzy dopln\u00edm o dal\u0161\u00ed tip<\/i><\/p>\n<p style=\"text-align: justify;\">&nbsp;&nbsp;<\/p>\n<h2 style=\"text-align: justify;\">Le Grand Caf\u00e9<\/h2>\n<p style=\"text-align: justify;\">Le Grand Caf\u00e9 je klasick\u00e1 brasserie se secesn\u00edm interi\u00e9rem a klasicky od\u011bn\u00fdmi \u010d\u00ed\u0161n\u00edky hned vedle Burzy. Kv\u016fli sv\u00e9 atmosf\u00e9\u0159e a poloze je jednou z m\u00fdch obl\u00edben\u00fdch belgick\u00fdch restaurac\u00ed, p\u0159ipad\u00e1m si tu v\u017edy jako bych se p\u0159enesla o n\u011bkolik des\u00edtek let nazp\u011bt. K j\u00eddlu tu najdete p\u0159edev\u0161\u00edm <strong>sl\u00e1vky<\/strong> na n\u011bkolik zp\u016fsob\u016f,<strong> ryby, t\u011bstoviny, sal\u00e1ty, pol\u00e9vky,<\/strong> a belgick\u00e9 speciality jako <strong>waterzooi<\/strong>, <strong>gratinovan\u00e9 \u010dekanky<\/strong>, <strong>carbonades flamandes<\/strong>, <strong>vol-au-vent<\/strong>, <strong>jambonneau<\/strong> nebo <strong>stoemp<\/strong>. Z nab\u00eddky n\u00e1poj\u016f si jist\u011b vyberete a\u0165 ji\u017e z francouzsk\u00fdch v\u00edn, nebo z belgick\u00fdch piv jako nap\u0159\u00edklad klasick\u00e1 <strong>Stella, Leffe&nbsp;<\/strong>\u010di<strong>&nbsp;Hoegaarden<\/strong>, d\u00e1le pak <strong>malinov\u00e9 Belle-vue <\/strong>\u010di<strong> t\u0159e\u0161\u0148ov\u00fd Kriek,&nbsp;<\/strong>nebo vyhl\u00e1\u0161en\u00fdch piv Trappist jako <strong>Chimay, Orval, Rochefort,<\/strong> \u010di&nbsp;<strong>Westmalle.<\/strong><\/p>\n<p style=\"text-align: justify;\"><img loading=\"lazy\" decoding=\"async\" class=\"aligncenter size-full wp-image-10287\" src=\"http:\/\/1001voyagesgourmands.com\/wp-content\/uploads\/2016\/07\/Belgicke_restaurace_v_centru_Bruselu-5.jpg\" alt=\"Kam na j\u00eddlo v centru Bruselu, pokud chcete ochutnat n\u011bco z belgick\u00e9 kuchyn\u011b a naj\u00edst se za dobr\u00fd pom\u011br cena\/kvalita tam, kam chod\u00ed m\u00edstn\u00ed ji\u017e l\u00e9ta.\" width=\"800\" height=\"530\" srcset=\"https:\/\/1001voyagesgourmands.com\/wp-content\/uploads\/2016\/07\/Belgicke_restaurace_v_centru_Bruselu-5.jpg 800w, https:\/\/1001voyagesgourmands.com\/wp-content\/uploads\/2016\/07\/Belgicke_restaurace_v_centru_Bruselu-5-300x199.jpg 300w, https:\/\/1001voyagesgourmands.com\/wp-content\/uploads\/2016\/07\/Belgicke_restaurace_v_centru_Bruselu-5-768x509.jpg 768w, https:\/\/1001voyagesgourmands.com\/wp-content\/uploads\/2016\/07\/Belgicke_restaurace_v_centru_Bruselu-5-780x516.jpg 780w, https:\/\/1001voyagesgourmands.com\/wp-content\/uploads\/2016\/07\/Belgicke_restaurace_v_centru_Bruselu-5-585x388.jpg 585w, https:\/\/1001voyagesgourmands.com\/wp-content\/uploads\/2016\/07\/Belgicke_restaurace_v_centru_Bruselu-5-263x175.jpg 263w\" sizes=\"auto, (max-width: 800px) 100vw, 800px\" \/><\/p>\n<p style=\"text-align: justify;\"><em><a href=\"http:\/\/www.legrandcafe.be\/legrandcafe\/en\" target=\"_blank\" rel=\"noopener noreferrer\">Le Grand Caf\u00e9<\/a><\/em><\/p>\n<p style=\"text-align: justify;\"><em>Adresa: Boulevard Anspach 78, 1000 Bruxelles<\/em><\/p>\n<p style=\"text-align: justify;\"><em>Telefon: +32 2 513 02 03<\/em><\/p>\n<p style=\"text-align: justify;\"><em>Otev\u0159eno: denn\u011b 10:00-00:00<\/em><\/p>\n<p style=\"text-align: justify;\">&nbsp;<\/p>\n<p style=\"text-align: justify;\">I p\u0159es m\u00e9 vegetari\u00e1nstv\u00ed mn\u011b belgick\u00e1 kuchyn\u011b a tyhle belgick\u00e9 restaurace v centru Bruselu nadchly. Ve v\u00fd\u0161e uveden\u00fdch restaurac\u00edch nen\u00ed s v\u00fdb\u011brem pro vegetari\u00e1ny men\u0161\u00ed probl\u00e9m. Nejlep\u0161\u00ed na chozen\u00ed do restaurac\u00ed v Bruselu je to, s jakou chut\u00ed v\u00e1m tu j\u00eddlo naserv\u00edruj\u00ed, nebo d\u00edky n\u00e1lad\u011b v takov\u00fdch hospod\u00e1ch &#8211; lid\u00e9 si tu j\u00eddlo u\u017e\u00edvaj\u00ed, sd\u00edlej\u00ed mezi p\u0159\u00e1teli a rodinou. A te\u010f ot\u00e1zka pro v\u00e1s, kdo jste ji\u017e do Bruselu zav\u00edtali, \u017eijete tu nebo sem jezd\u00edte pravideln\u011b:&nbsp;<strong>M\u00e1te n\u011bjak\u00e9 zku\u0161enosti s bruselsk\u00fdmi restauracemi? M\u00e1te tu n\u011bjak\u00e9 obl\u00edben\u00e9 a naopak, nebyli jste tu naopak n\u011bkdy zklaman\u00ed?<\/strong><\/p>\n<p style=\"text-align: justify;\">Nem\u00e1te zrovna cestu do Bruselu? Ulo\u017ete si \u010dl\u00e1nek na Pinterestu, kdyby se v\u00e1m n\u011bkdy v budoucnu hodil!<\/p>\n<p style=\"text-align: justify;\"><img loading=\"lazy\" decoding=\"async\" class=\"aligncenter wp-image-10290\" src=\"http:\/\/1001voyagesgourmands.com\/wp-content\/uploads\/2016\/07\/Belgicke_restaurace_v_centru_Bruselu-PIN-683x1024.jpg\" alt=\"Kam na j\u00eddlo v centru Bruselu, pokud chcete ochutnat n\u011bco z belgick\u00e9 kuchyn\u011b a naj\u00edst se za dobr\u00fd pom\u011br cena\/kvalita tam, kam chod\u00ed m\u00edstn\u00ed ji\u017e l\u00e9ta.\" width=\"550\" height=\"825\" srcset=\"https:\/\/1001voyagesgourmands.com\/wp-content\/uploads\/2016\/07\/Belgicke_restaurace_v_centru_Bruselu-PIN-683x1024.jpg 683w, https:\/\/1001voyagesgourmands.com\/wp-content\/uploads\/2016\/07\/Belgicke_restaurace_v_centru_Bruselu-PIN-200x300.jpg 200w, https:\/\/1001voyagesgourmands.com\/wp-content\/uploads\/2016\/07\/Belgicke_restaurace_v_centru_Bruselu-PIN-585x877.jpg 585w, https:\/\/1001voyagesgourmands.com\/wp-content\/uploads\/2016\/07\/Belgicke_restaurace_v_centru_Bruselu-PIN.jpg 735w\" sizes=\"auto, (max-width: 550px) 100vw, 550px\" \/><\/p>\n","protected":false},"excerpt":{"rendered":"<p>Pokud m\u00e1te cestu do Bruselu, ur\u010dit\u011b si krom\u011b pam\u00e1tek, piva, pralinek a hranolek ud\u011blejte \u010das na n\u011bjakou dobrou restauraci, kde m\u016f\u017eete ochutnat speciality belgick\u00e9 kuchyn\u011b. Byla by \u0161koda jet do Bruselu&nbsp;a stravovat se pouze vyhl\u00e1\u0161en\u00fdmi hranolkami, v\u0161udyp\u0159\u00edtomn\u00fdm kebabem na ulici, \u010di v turistick\u00fdch lapa\u010dk\u00e1ch v rue de Bouchers.&nbsp;Typicky belgick\u00e1 j\u00eddla&hellip;<\/p>\n","protected":false},"author":1,"featured_media":10281,"comment_status":"open","ping_status":"open","sticky":false,"template":"","format":"standard","meta":{"_exactmetrics_skip_tracking":false,"_exactmetrics_sitenote_active":false,"_exactmetrics_sitenote_note":"","_exactmetrics_sitenote_category":0,"_lmt_disableupdate":"","_lmt_disable":"","footnotes":""},"categories":[362,527,4],"tags":[396],"class_list":["post-5519","post","type-post","status-publish","format-standard","has-post-thumbnail","hentry","category-belgie","category-brusel","category-cestovani","tag-zivot-v-belgii"],"yoast_head":"<!-- This site is optimized with the Yoast SEO plugin v26.1.1 - https:\/\/yoast.com\/wordpress\/plugins\/seo\/ -->\n<title>M\u00e9 obl\u00edben\u00e9 belgick\u00e9 restaurace v centru Bruselu - 1001 Voyages Gourmands<\/title>\n<meta name=\"description\" content=\"Kam do belgick\u00e9 restaurace v centru Bruselu, pokud chcete ochutnat n\u011bco m\u00edstn\u00edho a naj\u00edst se za dobr\u00fd pom\u011br cena\/kvalita tam, kam chod\u00ed m\u00edstn\u00ed ji\u017e l\u00e9ta.\" \/>\n<meta name=\"robots\" content=\"index, follow, max-snippet:-1, max-image-preview:large, max-video-preview:-1\" \/>\n<link rel=\"canonical\" href=\"https:\/\/1001voyagesgourmands.com\/cs\/belgicke-restaurace-v-centru-bruselu\/\" \/>\n<meta property=\"og:locale\" content=\"cs_CZ\" \/>\n<meta property=\"og:type\" content=\"article\" \/>\n<meta property=\"og:title\" content=\"M\u00e9 obl\u00edben\u00e9 belgick\u00e9 restaurace v centru Bruselu - 1001 Voyages Gourmands\" \/>\n<meta property=\"og:description\" content=\"Kam do belgick\u00e9 restaurace v centru Bruselu, pokud chcete ochutnat n\u011bco m\u00edstn\u00edho a naj\u00edst se za dobr\u00fd pom\u011br cena\/kvalita tam, kam chod\u00ed m\u00edstn\u00ed ji\u017e l\u00e9ta.\" \/>\n<meta property=\"og:url\" content=\"https:\/\/1001voyagesgourmands.com\/cs\/belgicke-restaurace-v-centru-bruselu\/\" \/>\n<meta property=\"og:site_name\" content=\"1001 Voyages Gourmands\" \/>\n<meta property=\"article:publisher\" content=\"https:\/\/www.facebook.com\/1001voyagesgourmands\" \/>\n<meta property=\"article:published_time\" content=\"2016-07-28T06:00:35+00:00\" \/>\n<meta property=\"article:modified_time\" content=\"2020-12-02T11:37:30+00:00\" \/>\n<meta property=\"og:image\" content=\"https:\/\/1001voyagesgourmands.com\/wp-content\/uploads\/2016\/07\/Belgicke_restaurace_v_centru_Bruselu-1.jpg\" \/>\n\t<meta property=\"og:image:width\" content=\"800\" \/>\n\t<meta property=\"og:image:height\" content=\"530\" \/>\n\t<meta property=\"og:image:type\" content=\"image\/jpeg\" \/>\n<meta name=\"author\" content=\"Michaela\" \/>\n<meta name=\"twitter:card\" content=\"summary_large_image\" \/>\n<meta name=\"twitter:creator\" content=\"@michaela_1001vg\" \/>\n<meta name=\"twitter:site\" content=\"@michaela_1001vg\" \/>\n<meta name=\"twitter:label1\" content=\"Napsal(a)\" \/>\n\t<meta name=\"twitter:data1\" content=\"Michaela\" \/>\n\t<meta name=\"twitter:label2\" content=\"Odhadovan\u00e1 doba \u010dten\u00ed\" \/>\n\t<meta name=\"twitter:data2\" content=\"7 minut\" \/>\n<script type=\"application\/ld+json\" class=\"yoast-schema-graph\">{\"@context\":\"https:\/\/schema.org\",\"@graph\":[{\"@type\":\"WebPage\",\"@id\":\"https:\/\/1001voyagesgourmands.com\/cs\/belgicke-restaurace-v-centru-bruselu\/\",\"url\":\"https:\/\/1001voyagesgourmands.com\/cs\/belgicke-restaurace-v-centru-bruselu\/\",\"name\":\"M\u00e9 obl\u00edben\u00e9 belgick\u00e9 restaurace v centru Bruselu - 1001 Voyages Gourmands\",\"isPartOf\":{\"@id\":\"https:\/\/1001voyagesgourmands.com\/cs\/#website\"},\"primaryImageOfPage\":{\"@id\":\"https:\/\/1001voyagesgourmands.com\/cs\/belgicke-restaurace-v-centru-bruselu\/#primaryimage\"},\"image\":{\"@id\":\"https:\/\/1001voyagesgourmands.com\/cs\/belgicke-restaurace-v-centru-bruselu\/#primaryimage\"},\"thumbnailUrl\":\"https:\/\/1001voyagesgourmands.com\/wp-content\/uploads\/2016\/07\/Belgicke_restaurace_v_centru_Bruselu-1.jpg\",\"datePublished\":\"2016-07-28T06:00:35+00:00\",\"dateModified\":\"2020-12-02T11:37:30+00:00\",\"author\":{\"@id\":\"https:\/\/1001voyagesgourmands.com\/cs\/#\/schema\/person\/62e0e7238fcf7482b23bf83e1b72ff1b\"},\"description\":\"Kam do belgick\u00e9 restaurace v centru Bruselu, pokud chcete ochutnat n\u011bco m\u00edstn\u00edho a naj\u00edst se za dobr\u00fd pom\u011br cena\/kvalita tam, kam chod\u00ed m\u00edstn\u00ed ji\u017e l\u00e9ta.\",\"breadcrumb\":{\"@id\":\"https:\/\/1001voyagesgourmands.com\/cs\/belgicke-restaurace-v-centru-bruselu\/#breadcrumb\"},\"inLanguage\":\"cs\",\"potentialAction\":[{\"@type\":\"ReadAction\",\"target\":[\"https:\/\/1001voyagesgourmands.com\/cs\/belgicke-restaurace-v-centru-bruselu\/\"]}]},{\"@type\":\"ImageObject\",\"inLanguage\":\"cs\",\"@id\":\"https:\/\/1001voyagesgourmands.com\/cs\/belgicke-restaurace-v-centru-bruselu\/#primaryimage\",\"url\":\"https:\/\/1001voyagesgourmands.com\/wp-content\/uploads\/2016\/07\/Belgicke_restaurace_v_centru_Bruselu-1.jpg\",\"contentUrl\":\"https:\/\/1001voyagesgourmands.com\/wp-content\/uploads\/2016\/07\/Belgicke_restaurace_v_centru_Bruselu-1.jpg\",\"width\":800,\"height\":530,\"caption\":\"Kam na j\u00eddlo v centru Bruselu, pokud chcete ochutnat n\u011bco z belgick\u00e9 kuchyn\u011b a naj\u00edst se za dobr\u00fd pom\u011br cena\/kvalita tam, kam chod\u00ed m\u00edstn\u00ed ji\u017e l\u00e9ta.\"},{\"@type\":\"BreadcrumbList\",\"@id\":\"https:\/\/1001voyagesgourmands.com\/cs\/belgicke-restaurace-v-centru-bruselu\/#breadcrumb\",\"itemListElement\":[{\"@type\":\"ListItem\",\"position\":1,\"name\":\"Dom\u016f\",\"item\":\"https:\/\/1001voyagesgourmands.com\/cs\/\"},{\"@type\":\"ListItem\",\"position\":2,\"name\":\"M\u00e9 obl\u00edben\u00e9 belgick\u00e9 restaurace v centru Bruselu\"}]},{\"@type\":\"WebSite\",\"@id\":\"https:\/\/1001voyagesgourmands.com\/cs\/#website\",\"url\":\"https:\/\/1001voyagesgourmands.com\/cs\/\",\"name\":\"1001 Voyages Gourmands\",\"description\":\"Food | Travel | Photography\",\"potentialAction\":[{\"@type\":\"SearchAction\",\"target\":{\"@type\":\"EntryPoint\",\"urlTemplate\":\"https:\/\/1001voyagesgourmands.com\/cs\/?s={search_term_string}\"},\"query-input\":{\"@type\":\"PropertyValueSpecification\",\"valueRequired\":true,\"valueName\":\"search_term_string\"}}],\"inLanguage\":\"cs\"},{\"@type\":\"Person\",\"@id\":\"https:\/\/1001voyagesgourmands.com\/cs\/#\/schema\/person\/62e0e7238fcf7482b23bf83e1b72ff1b\",\"name\":\"Michaela\",\"image\":{\"@type\":\"ImageObject\",\"inLanguage\":\"cs\",\"@id\":\"https:\/\/1001voyagesgourmands.com\/cs\/#\/schema\/person\/image\/\",\"url\":\"https:\/\/secure.gravatar.com\/avatar\/73fa562a5b0ce269ca480f67de504b8ecac054a121d170e226f1b79e02024cb8?s=96&d=mm&r=g\",\"contentUrl\":\"https:\/\/secure.gravatar.com\/avatar\/73fa562a5b0ce269ca480f67de504b8ecac054a121d170e226f1b79e02024cb8?s=96&d=mm&r=g\",\"caption\":\"Michaela\"},\"sameAs\":[\"http:\/\/1001voyagesgourmands.com\"]}]}<\/script>\n<!-- \/ Yoast SEO plugin. -->","yoast_head_json":{"title":"M\u00e9 obl\u00edben\u00e9 belgick\u00e9 restaurace v centru Bruselu - 1001 Voyages Gourmands","description":"Kam do belgick\u00e9 restaurace v centru Bruselu, pokud chcete ochutnat n\u011bco m\u00edstn\u00edho a naj\u00edst se za dobr\u00fd pom\u011br cena\/kvalita tam, kam chod\u00ed m\u00edstn\u00ed ji\u017e l\u00e9ta.","robots":{"index":"index","follow":"follow","max-snippet":"max-snippet:-1","max-image-preview":"max-image-preview:large","max-video-preview":"max-video-preview:-1"},"canonical":"https:\/\/1001voyagesgourmands.com\/cs\/belgicke-restaurace-v-centru-bruselu\/","og_locale":"cs_CZ","og_type":"article","og_title":"M\u00e9 obl\u00edben\u00e9 belgick\u00e9 restaurace v centru Bruselu - 1001 Voyages Gourmands","og_description":"Kam do belgick\u00e9 restaurace v centru Bruselu, pokud chcete ochutnat n\u011bco m\u00edstn\u00edho a naj\u00edst se za dobr\u00fd pom\u011br cena\/kvalita tam, kam chod\u00ed m\u00edstn\u00ed ji\u017e l\u00e9ta.","og_url":"https:\/\/1001voyagesgourmands.com\/cs\/belgicke-restaurace-v-centru-bruselu\/","og_site_name":"1001 Voyages Gourmands","article_publisher":"https:\/\/www.facebook.com\/1001voyagesgourmands","article_published_time":"2016-07-28T06:00:35+00:00","article_modified_time":"2020-12-02T11:37:30+00:00","og_image":[{"width":800,"height":530,"url":"https:\/\/1001voyagesgourmands.com\/wp-content\/uploads\/2016\/07\/Belgicke_restaurace_v_centru_Bruselu-1.jpg","type":"image\/jpeg"}],"author":"Michaela","twitter_card":"summary_large_image","twitter_creator":"@michaela_1001vg","twitter_site":"@michaela_1001vg","twitter_misc":{"Napsal(a)":"Michaela","Odhadovan\u00e1 doba \u010dten\u00ed":"7 minut"},"schema":{"@context":"https:\/\/schema.org","@graph":[{"@type":"WebPage","@id":"https:\/\/1001voyagesgourmands.com\/cs\/belgicke-restaurace-v-centru-bruselu\/","url":"https:\/\/1001voyagesgourmands.com\/cs\/belgicke-restaurace-v-centru-bruselu\/","name":"M\u00e9 obl\u00edben\u00e9 belgick\u00e9 restaurace v centru Bruselu - 1001 Voyages Gourmands","isPartOf":{"@id":"https:\/\/1001voyagesgourmands.com\/cs\/#website"},"primaryImageOfPage":{"@id":"https:\/\/1001voyagesgourmands.com\/cs\/belgicke-restaurace-v-centru-bruselu\/#primaryimage"},"image":{"@id":"https:\/\/1001voyagesgourmands.com\/cs\/belgicke-restaurace-v-centru-bruselu\/#primaryimage"},"thumbnailUrl":"https:\/\/1001voyagesgourmands.com\/wp-content\/uploads\/2016\/07\/Belgicke_restaurace_v_centru_Bruselu-1.jpg","datePublished":"2016-07-28T06:00:35+00:00","dateModified":"2020-12-02T11:37:30+00:00","author":{"@id":"https:\/\/1001voyagesgourmands.com\/cs\/#\/schema\/person\/62e0e7238fcf7482b23bf83e1b72ff1b"},"description":"Kam do belgick\u00e9 restaurace v centru Bruselu, pokud chcete ochutnat n\u011bco m\u00edstn\u00edho a naj\u00edst se za dobr\u00fd pom\u011br cena\/kvalita tam, kam chod\u00ed m\u00edstn\u00ed ji\u017e l\u00e9ta.","breadcrumb":{"@id":"https:\/\/1001voyagesgourmands.com\/cs\/belgicke-restaurace-v-centru-bruselu\/#breadcrumb"},"inLanguage":"cs","potentialAction":[{"@type":"ReadAction","target":["https:\/\/1001voyagesgourmands.com\/cs\/belgicke-restaurace-v-centru-bruselu\/"]}]},{"@type":"ImageObject","inLanguage":"cs","@id":"https:\/\/1001voyagesgourmands.com\/cs\/belgicke-restaurace-v-centru-bruselu\/#primaryimage","url":"https:\/\/1001voyagesgourmands.com\/wp-content\/uploads\/2016\/07\/Belgicke_restaurace_v_centru_Bruselu-1.jpg","contentUrl":"https:\/\/1001voyagesgourmands.com\/wp-content\/uploads\/2016\/07\/Belgicke_restaurace_v_centru_Bruselu-1.jpg","width":800,"height":530,"caption":"Kam na j\u00eddlo v centru Bruselu, pokud chcete ochutnat n\u011bco z belgick\u00e9 kuchyn\u011b a naj\u00edst se za dobr\u00fd pom\u011br cena\/kvalita tam, kam chod\u00ed m\u00edstn\u00ed ji\u017e l\u00e9ta."},{"@type":"BreadcrumbList","@id":"https:\/\/1001voyagesgourmands.com\/cs\/belgicke-restaurace-v-centru-bruselu\/#breadcrumb","itemListElement":[{"@type":"ListItem","position":1,"name":"Dom\u016f","item":"https:\/\/1001voyagesgourmands.com\/cs\/"},{"@type":"ListItem","position":2,"name":"M\u00e9 obl\u00edben\u00e9 belgick\u00e9 restaurace v centru Bruselu"}]},{"@type":"WebSite","@id":"https:\/\/1001voyagesgourmands.com\/cs\/#website","url":"https:\/\/1001voyagesgourmands.com\/cs\/","name":"1001 Voyages Gourmands","description":"Food | Travel | Photography","potentialAction":[{"@type":"SearchAction","target":{"@type":"EntryPoint","urlTemplate":"https:\/\/1001voyagesgourmands.com\/cs\/?s={search_term_string}"},"query-input":{"@type":"PropertyValueSpecification","valueRequired":true,"valueName":"search_term_string"}}],"inLanguage":"cs"},{"@type":"Person","@id":"https:\/\/1001voyagesgourmands.com\/cs\/#\/schema\/person\/62e0e7238fcf7482b23bf83e1b72ff1b","name":"Michaela","image":{"@type":"ImageObject","inLanguage":"cs","@id":"https:\/\/1001voyagesgourmands.com\/cs\/#\/schema\/person\/image\/","url":"https:\/\/secure.gravatar.com\/avatar\/73fa562a5b0ce269ca480f67de504b8ecac054a121d170e226f1b79e02024cb8?s=96&d=mm&r=g","contentUrl":"https:\/\/secure.gravatar.com\/avatar\/73fa562a5b0ce269ca480f67de504b8ecac054a121d170e226f1b79e02024cb8?s=96&d=mm&r=g","caption":"Michaela"},"sameAs":["http:\/\/1001voyagesgourmands.com"]}]}},"_links":{"self":[{"href":"https:\/\/1001voyagesgourmands.com\/cs\/wp-json\/wp\/v2\/posts\/5519","targetHints":{"allow":["GET"]}}],"collection":[{"href":"https:\/\/1001voyagesgourmands.com\/cs\/wp-json\/wp\/v2\/posts"}],"about":[{"href":"https:\/\/1001voyagesgourmands.com\/cs\/wp-json\/wp\/v2\/types\/post"}],"author":[{"embeddable":true,"href":"https:\/\/1001voyagesgourmands.com\/cs\/wp-json\/wp\/v2\/users\/1"}],"replies":[{"embeddable":true,"href":"https:\/\/1001voyagesgourmands.com\/cs\/wp-json\/wp\/v2\/comments?post=5519"}],"version-history":[{"count":1,"href":"https:\/\/1001voyagesgourmands.com\/cs\/wp-json\/wp\/v2\/posts\/5519\/revisions"}],"predecessor-version":[{"id":28163,"href":"https:\/\/1001voyagesgourmands.com\/cs\/wp-json\/wp\/v2\/posts\/5519\/revisions\/28163"}],"wp:featuredmedia":[{"embeddable":true,"href":"https:\/\/1001voyagesgourmands.com\/cs\/wp-json\/wp\/v2\/media\/10281"}],"wp:attachment":[{"href":"https:\/\/1001voyagesgourmands.com\/cs\/wp-json\/wp\/v2\/media?parent=5519"}],"wp:term":[{"taxonomy":"category","embeddable":true,"href":"https:\/\/1001voyagesgourmands.com\/cs\/wp-json\/wp\/v2\/categories?post=5519"},{"taxonomy":"post_tag","embeddable":true,"href":"https:\/\/1001voyagesgourmands.com\/cs\/wp-json\/wp\/v2\/tags?post=5519"}],"curies":[{"name":"wp","href":"https:\/\/api.w.org\/{rel}","templated":true}]}}