{"id":4489,"date":"2015-09-14T20:23:59","date_gmt":"2015-09-14T20:23:59","guid":{"rendered":"http:\/\/1001voyagesgourmands.com\/?p=4489"},"modified":"2016-04-26T21:43:10","modified_gmt":"2016-04-26T19:43:10","slug":"jeden-vecer-v-montpellier","status":"publish","type":"post","link":"https:\/\/1001voyagesgourmands.com\/cs\/jeden-vecer-v-montpellier\/","title":{"rendered":"Jeden ve\u010der v Montpellier"},"content":{"rendered":"<p style=\"text-align: justify;\">Sou\u010d\u00e1st\u00ed na\u0161\u00ed letn\u00ed dovolen\u00e9 minul\u00fd m\u011bs\u00edc v ji\u017en\u00ed Francii byl v\u00fdlet do hlavn\u00edho m\u011bsta regionu Languedoc-Rousillon. Montpellier je mlad\u00e9, vibruj\u00edc\u00ed a nejrychleji rostouc\u00ed m\u011bsto regionu. Str\u00e1vili jsme tam p\u0159\u00edjemn\u00fd ve\u010der a prohl\u00eddli jsme si centrum m\u011bsta. Tady je p\u00e1r fotek, kter\u00e9 jsem jak\u017e tak\u017e stihla v rychlosti ud\u011blat.<\/p>\n<div id=\"attachment_4461\" style=\"width: 985px\" class=\"wp-caption aligncenter\"><img loading=\"lazy\" decoding=\"async\" aria-describedby=\"caption-attachment-4461\" class=\"wp-image-4461 \" src=\"http:\/\/1001voyagesgourmands.com\/wp-content\/uploads\/2015\/09\/DSC_0240-1024x678.jpg\" alt=\"Montpellier\" width=\"975\" height=\"645\" srcset=\"https:\/\/1001voyagesgourmands.com\/wp-content\/uploads\/2015\/09\/DSC_0240-1024x678.jpg 1024w, https:\/\/1001voyagesgourmands.com\/wp-content\/uploads\/2015\/09\/DSC_0240-800x530.jpg 800w, https:\/\/1001voyagesgourmands.com\/wp-content\/uploads\/2015\/09\/DSC_0240-300x199.jpg 300w, https:\/\/1001voyagesgourmands.com\/wp-content\/uploads\/2015\/09\/DSC_0240-768x509.jpg 768w, https:\/\/1001voyagesgourmands.com\/wp-content\/uploads\/2015\/09\/DSC_0240-1170x775.jpg 1170w, https:\/\/1001voyagesgourmands.com\/wp-content\/uploads\/2015\/09\/DSC_0240-780x516.jpg 780w, https:\/\/1001voyagesgourmands.com\/wp-content\/uploads\/2015\/09\/DSC_0240-1920x1272.jpg 1920w, https:\/\/1001voyagesgourmands.com\/wp-content\/uploads\/2015\/09\/DSC_0240-585x388.jpg 585w, https:\/\/1001voyagesgourmands.com\/wp-content\/uploads\/2015\/09\/DSC_0240-263x175.jpg 263w, https:\/\/1001voyagesgourmands.com\/wp-content\/uploads\/2015\/09\/DSC_0240.jpg 2000w\" sizes=\"auto, (max-width: 975px) 100vw, 975px\" \/><p id=\"caption-attachment-4461\" class=\"wp-caption-text\">Place de la Com\u00e9die je hlavn\u00ed n\u00e1m\u011bst\u00ed&nbsp;m\u011bsta, pln\u00e9 kav\u00e1rni\u010dek a restaurac\u00ed, kter\u00e9mu dominuje Opera z 18. stolet\u00ed<\/p><\/div>\n<div id=\"attachment_4556\" style=\"width: 948px\" class=\"wp-caption aligncenter\"><img loading=\"lazy\" decoding=\"async\" aria-describedby=\"caption-attachment-4556\" class=\" wp-image-4556\" src=\"http:\/\/1001voyagesgourmands.com\/wp-content\/uploads\/2015\/09\/DSC_0268-1024x678.jpg\" alt=\"Nebylo by to spr\u00e1vn\u00e9 francouzsk\u00e9 m\u011bsto, kdyby tu nebyl koloto\u010d :)\" width=\"938\" height=\"621\" srcset=\"https:\/\/1001voyagesgourmands.com\/wp-content\/uploads\/2015\/09\/DSC_0268-1024x678.jpg 1024w, https:\/\/1001voyagesgourmands.com\/wp-content\/uploads\/2015\/09\/DSC_0268-800x530.jpg 800w, https:\/\/1001voyagesgourmands.com\/wp-content\/uploads\/2015\/09\/DSC_0268-300x199.jpg 300w, https:\/\/1001voyagesgourmands.com\/wp-content\/uploads\/2015\/09\/DSC_0268-768x509.jpg 768w, https:\/\/1001voyagesgourmands.com\/wp-content\/uploads\/2015\/09\/DSC_0268-1170x775.jpg 1170w, https:\/\/1001voyagesgourmands.com\/wp-content\/uploads\/2015\/09\/DSC_0268-780x516.jpg 780w, https:\/\/1001voyagesgourmands.com\/wp-content\/uploads\/2015\/09\/DSC_0268-1920x1272.jpg 1920w, https:\/\/1001voyagesgourmands.com\/wp-content\/uploads\/2015\/09\/DSC_0268-585x387.jpg 585w, https:\/\/1001voyagesgourmands.com\/wp-content\/uploads\/2015\/09\/DSC_0268-263x175.jpg 263w\" sizes=\"auto, (max-width: 938px) 100vw, 938px\" \/><p id=\"caption-attachment-4556\" class=\"wp-caption-text\">Nebylo by to spr\u00e1vn\u00e9 francouzsk\u00e9 m\u011bsto, kdyby tu nebyl koloto\u010d \ud83d\ude42<\/p><\/div>\n<div id=\"attachment_4494\" style=\"width: 928px\" class=\"wp-caption aligncenter\"><img loading=\"lazy\" decoding=\"async\" aria-describedby=\"caption-attachment-4494\" class=\" wp-image-4494\" src=\"http:\/\/1001voyagesgourmands.com\/wp-content\/uploads\/2015\/09\/DSC_0260-1024x678.jpg\" alt=\"rambla lemovan\u00e1 platany\" width=\"918\" height=\"608\" srcset=\"https:\/\/1001voyagesgourmands.com\/wp-content\/uploads\/2015\/09\/DSC_0260-1024x678.jpg 1024w, https:\/\/1001voyagesgourmands.com\/wp-content\/uploads\/2015\/09\/DSC_0260-800x530.jpg 800w, https:\/\/1001voyagesgourmands.com\/wp-content\/uploads\/2015\/09\/DSC_0260-300x199.jpg 300w, https:\/\/1001voyagesgourmands.com\/wp-content\/uploads\/2015\/09\/DSC_0260-768x509.jpg 768w, https:\/\/1001voyagesgourmands.com\/wp-content\/uploads\/2015\/09\/DSC_0260-1170x775.jpg 1170w, https:\/\/1001voyagesgourmands.com\/wp-content\/uploads\/2015\/09\/DSC_0260-780x516.jpg 780w, https:\/\/1001voyagesgourmands.com\/wp-content\/uploads\/2015\/09\/DSC_0260-1920x1272.jpg 1920w, https:\/\/1001voyagesgourmands.com\/wp-content\/uploads\/2015\/09\/DSC_0260-585x388.jpg 585w, https:\/\/1001voyagesgourmands.com\/wp-content\/uploads\/2015\/09\/DSC_0260-263x175.jpg 263w, https:\/\/1001voyagesgourmands.com\/wp-content\/uploads\/2015\/09\/DSC_0260.jpg 2000w\" sizes=\"auto, (max-width: 918px) 100vw, 918px\" \/><p id=\"caption-attachment-4494\" class=\"wp-caption-text\">Esplan\u00e1da&nbsp;lemovan\u00e1 platany<\/p><\/div>\n<div id=\"attachment_4492\" style=\"width: 1070px\" class=\"wp-caption aligncenter\"><img loading=\"lazy\" decoding=\"async\" aria-describedby=\"caption-attachment-4492\" class=\"wp-image-4492 \" src=\"http:\/\/1001voyagesgourmands.com\/wp-content\/uploads\/2015\/09\/DSC_0244-1024x678.jpg\" alt=\"Montpellier\" width=\"1060\" height=\"702\" srcset=\"https:\/\/1001voyagesgourmands.com\/wp-content\/uploads\/2015\/09\/DSC_0244-1024x678.jpg 1024w, https:\/\/1001voyagesgourmands.com\/wp-content\/uploads\/2015\/09\/DSC_0244-800x530.jpg 800w, https:\/\/1001voyagesgourmands.com\/wp-content\/uploads\/2015\/09\/DSC_0244-300x199.jpg 300w, https:\/\/1001voyagesgourmands.com\/wp-content\/uploads\/2015\/09\/DSC_0244-768x509.jpg 768w, https:\/\/1001voyagesgourmands.com\/wp-content\/uploads\/2015\/09\/DSC_0244-1170x775.jpg 1170w, https:\/\/1001voyagesgourmands.com\/wp-content\/uploads\/2015\/09\/DSC_0244-780x516.jpg 780w, https:\/\/1001voyagesgourmands.com\/wp-content\/uploads\/2015\/09\/DSC_0244-1920x1272.jpg 1920w, https:\/\/1001voyagesgourmands.com\/wp-content\/uploads\/2015\/09\/DSC_0244-585x388.jpg 585w, https:\/\/1001voyagesgourmands.com\/wp-content\/uploads\/2015\/09\/DSC_0244-263x175.jpg 263w, https:\/\/1001voyagesgourmands.com\/wp-content\/uploads\/2015\/09\/DSC_0244.jpg 2000w\" sizes=\"auto, (max-width: 1060px) 100vw, 1060px\" \/><p id=\"caption-attachment-4492\" class=\"wp-caption-text\">V\u00fdhled na m\u011bsto na konci esplan\u00e1dy<\/p><\/div>\n<div id=\"attachment_4496\" style=\"width: 1028px\" class=\"wp-caption aligncenter\"><img loading=\"lazy\" decoding=\"async\" aria-describedby=\"caption-attachment-4496\" class=\"wp-image-4496 \" src=\"http:\/\/1001voyagesgourmands.com\/wp-content\/uploads\/2015\/09\/DSC_0263-1024x678.jpg\" alt=\"kav\u00e1rni\u010dky pod\u00e9l esplan\u00e1dy, Montpellier\" width=\"1018\" height=\"674\" srcset=\"https:\/\/1001voyagesgourmands.com\/wp-content\/uploads\/2015\/09\/DSC_0263-1024x678.jpg 1024w, https:\/\/1001voyagesgourmands.com\/wp-content\/uploads\/2015\/09\/DSC_0263-800x530.jpg 800w, https:\/\/1001voyagesgourmands.com\/wp-content\/uploads\/2015\/09\/DSC_0263-300x199.jpg 300w, https:\/\/1001voyagesgourmands.com\/wp-content\/uploads\/2015\/09\/DSC_0263-768x509.jpg 768w, https:\/\/1001voyagesgourmands.com\/wp-content\/uploads\/2015\/09\/DSC_0263-1170x775.jpg 1170w, https:\/\/1001voyagesgourmands.com\/wp-content\/uploads\/2015\/09\/DSC_0263-780x516.jpg 780w, https:\/\/1001voyagesgourmands.com\/wp-content\/uploads\/2015\/09\/DSC_0263-1920x1272.jpg 1920w, https:\/\/1001voyagesgourmands.com\/wp-content\/uploads\/2015\/09\/DSC_0263-585x388.jpg 585w, https:\/\/1001voyagesgourmands.com\/wp-content\/uploads\/2015\/09\/DSC_0263-263x175.jpg 263w, https:\/\/1001voyagesgourmands.com\/wp-content\/uploads\/2015\/09\/DSC_0263.jpg 2000w\" sizes=\"auto, (max-width: 1018px) 100vw, 1018px\" \/><p id=\"caption-attachment-4496\" class=\"wp-caption-text\">Kav\u00e1rni\u010dky pod\u00e9l esplan\u00e1dy<\/p><\/div>\n<div id=\"attachment_4502\" style=\"width: 1216px\" class=\"wp-caption aligncenter\"><img loading=\"lazy\" decoding=\"async\" aria-describedby=\"caption-attachment-4502\" class=\"wp-image-4502 \" src=\"http:\/\/1001voyagesgourmands.com\/wp-content\/uploads\/2015\/09\/DSC_0291-1024x678.jpg\" alt=\"V\u00edt\u011bzn\u00fd oblouk, Montpellier\" width=\"1206\" height=\"799\" srcset=\"https:\/\/1001voyagesgourmands.com\/wp-content\/uploads\/2015\/09\/DSC_0291-1024x678.jpg 1024w, https:\/\/1001voyagesgourmands.com\/wp-content\/uploads\/2015\/09\/DSC_0291-800x530.jpg 800w, https:\/\/1001voyagesgourmands.com\/wp-content\/uploads\/2015\/09\/DSC_0291-300x199.jpg 300w, https:\/\/1001voyagesgourmands.com\/wp-content\/uploads\/2015\/09\/DSC_0291-768x509.jpg 768w, https:\/\/1001voyagesgourmands.com\/wp-content\/uploads\/2015\/09\/DSC_0291-1170x775.jpg 1170w, https:\/\/1001voyagesgourmands.com\/wp-content\/uploads\/2015\/09\/DSC_0291-780x516.jpg 780w, https:\/\/1001voyagesgourmands.com\/wp-content\/uploads\/2015\/09\/DSC_0291-1920x1272.jpg 1920w, https:\/\/1001voyagesgourmands.com\/wp-content\/uploads\/2015\/09\/DSC_0291-585x388.jpg 585w, https:\/\/1001voyagesgourmands.com\/wp-content\/uploads\/2015\/09\/DSC_0291-263x175.jpg 263w, https:\/\/1001voyagesgourmands.com\/wp-content\/uploads\/2015\/09\/DSC_0291.jpg 2000w\" sizes=\"auto, (max-width: 1206px) 100vw, 1206px\" \/><p id=\"caption-attachment-4502\" class=\"wp-caption-text\">V\u00edt\u011bzn\u00fd oblouk postaven\u00fd v 17. stolet\u00ed na po\u010dest Ludv\u00edka XIV. stoj\u00ed na m\u00edst\u011b, kde st\u00e1vala br\u00e1na do tehdej\u0161\u00edho opevn\u011bn\u00e9ho m\u011bsta<\/p><\/div>\n<div id=\"attachment_4506\" style=\"width: 1195px\" class=\"wp-caption aligncenter\"><img loading=\"lazy\" decoding=\"async\" aria-describedby=\"caption-attachment-4506\" class=\"wp-image-4506 \" src=\"http:\/\/1001voyagesgourmands.com\/wp-content\/uploads\/2015\/09\/DSC_0296-1024x678.jpg\" alt=\"Promenade du Peyrou se sochou Ludv\u00edka XIV.\" width=\"1185\" height=\"785\" srcset=\"https:\/\/1001voyagesgourmands.com\/wp-content\/uploads\/2015\/09\/DSC_0296-1024x678.jpg 1024w, https:\/\/1001voyagesgourmands.com\/wp-content\/uploads\/2015\/09\/DSC_0296-800x530.jpg 800w, https:\/\/1001voyagesgourmands.com\/wp-content\/uploads\/2015\/09\/DSC_0296-300x199.jpg 300w, https:\/\/1001voyagesgourmands.com\/wp-content\/uploads\/2015\/09\/DSC_0296-768x509.jpg 768w, https:\/\/1001voyagesgourmands.com\/wp-content\/uploads\/2015\/09\/DSC_0296-1170x775.jpg 1170w, https:\/\/1001voyagesgourmands.com\/wp-content\/uploads\/2015\/09\/DSC_0296-780x516.jpg 780w, https:\/\/1001voyagesgourmands.com\/wp-content\/uploads\/2015\/09\/DSC_0296-1920x1272.jpg 1920w, https:\/\/1001voyagesgourmands.com\/wp-content\/uploads\/2015\/09\/DSC_0296-585x388.jpg 585w, https:\/\/1001voyagesgourmands.com\/wp-content\/uploads\/2015\/09\/DSC_0296-263x175.jpg 263w, https:\/\/1001voyagesgourmands.com\/wp-content\/uploads\/2015\/09\/DSC_0296.jpg 2000w\" sizes=\"auto, (max-width: 1185px) 100vw, 1185px\" \/><p id=\"caption-attachment-4506\" class=\"wp-caption-text\">Par\u010d\u00edk &#8222;Promenade du Peyrou&#8220; se sochou Ludv\u00edka XIV.<\/p><\/div>\n<div id=\"attachment_4510\" style=\"width: 1007px\" class=\"wp-caption aligncenter\"><img loading=\"lazy\" decoding=\"async\" aria-describedby=\"caption-attachment-4510\" class=\"wp-image-4510 \" src=\"http:\/\/1001voyagesgourmands.com\/wp-content\/uploads\/2015\/09\/DSC_0310-1024x678.jpg\" alt=\"Vodn\u00ed hr\u00e1dek v Promenade du Peyrou\" width=\"997\" height=\"660\" srcset=\"https:\/\/1001voyagesgourmands.com\/wp-content\/uploads\/2015\/09\/DSC_0310-1024x678.jpg 1024w, https:\/\/1001voyagesgourmands.com\/wp-content\/uploads\/2015\/09\/DSC_0310-800x530.jpg 800w, https:\/\/1001voyagesgourmands.com\/wp-content\/uploads\/2015\/09\/DSC_0310-300x199.jpg 300w, https:\/\/1001voyagesgourmands.com\/wp-content\/uploads\/2015\/09\/DSC_0310-768x509.jpg 768w, https:\/\/1001voyagesgourmands.com\/wp-content\/uploads\/2015\/09\/DSC_0310-1170x775.jpg 1170w, https:\/\/1001voyagesgourmands.com\/wp-content\/uploads\/2015\/09\/DSC_0310-780x516.jpg 780w, https:\/\/1001voyagesgourmands.com\/wp-content\/uploads\/2015\/09\/DSC_0310-1920x1272.jpg 1920w, https:\/\/1001voyagesgourmands.com\/wp-content\/uploads\/2015\/09\/DSC_0310-585x388.jpg 585w, https:\/\/1001voyagesgourmands.com\/wp-content\/uploads\/2015\/09\/DSC_0310-263x175.jpg 263w, https:\/\/1001voyagesgourmands.com\/wp-content\/uploads\/2015\/09\/DSC_0310.jpg 2000w\" sizes=\"auto, (max-width: 997px) 100vw, 997px\" \/><p id=\"caption-attachment-4510\" class=\"wp-caption-text\">Vodn\u00ed hr\u00e1dek v Promenade du Peyrou<\/p><\/div>\n<div id=\"attachment_4445\" style=\"width: 1059px\" class=\"wp-caption aligncenter\"><img loading=\"lazy\" decoding=\"async\" aria-describedby=\"caption-attachment-4445\" class=\"wp-image-4445 \" src=\"http:\/\/1001voyagesgourmands.com\/wp-content\/uploads\/2015\/09\/DSC_03061-1024x678.jpg\" alt=\"akvadukt, kter\u00fd z\u00e1soboval vodou vodn\u00ed hr\u00e1dek\" width=\"1049\" height=\"695\" srcset=\"https:\/\/1001voyagesgourmands.com\/wp-content\/uploads\/2015\/09\/DSC_03061-1024x678.jpg 1024w, https:\/\/1001voyagesgourmands.com\/wp-content\/uploads\/2015\/09\/DSC_03061-800x530.jpg 800w, https:\/\/1001voyagesgourmands.com\/wp-content\/uploads\/2015\/09\/DSC_03061-300x199.jpg 300w, https:\/\/1001voyagesgourmands.com\/wp-content\/uploads\/2015\/09\/DSC_03061-768x509.jpg 768w, https:\/\/1001voyagesgourmands.com\/wp-content\/uploads\/2015\/09\/DSC_03061-1170x775.jpg 1170w, https:\/\/1001voyagesgourmands.com\/wp-content\/uploads\/2015\/09\/DSC_03061-780x516.jpg 780w, https:\/\/1001voyagesgourmands.com\/wp-content\/uploads\/2015\/09\/DSC_03061-1920x1272.jpg 1920w, https:\/\/1001voyagesgourmands.com\/wp-content\/uploads\/2015\/09\/DSC_03061-585x388.jpg 585w, https:\/\/1001voyagesgourmands.com\/wp-content\/uploads\/2015\/09\/DSC_03061-263x175.jpg 263w, https:\/\/1001voyagesgourmands.com\/wp-content\/uploads\/2015\/09\/DSC_03061.jpg 2000w\" sizes=\"auto, (max-width: 1049px) 100vw, 1049px\" \/><p id=\"caption-attachment-4445\" class=\"wp-caption-text\">Akvadukt, kter\u00fd z\u00e1soboval vodou vodn\u00ed hr\u00e1dek<\/p><\/div>\n<div id=\"attachment_4508\" style=\"width: 1253px\" class=\"wp-caption aligncenter\"><img loading=\"lazy\" decoding=\"async\" aria-describedby=\"caption-attachment-4508\" class=\"wp-image-4508 \" src=\"http:\/\/1001voyagesgourmands.com\/wp-content\/uploads\/2015\/09\/DSC_0297-1024x678.jpg\" alt=\"v\u00fdhled na Pic St. Loup\" width=\"1243\" height=\"823\" srcset=\"https:\/\/1001voyagesgourmands.com\/wp-content\/uploads\/2015\/09\/DSC_0297-1024x678.jpg 1024w, https:\/\/1001voyagesgourmands.com\/wp-content\/uploads\/2015\/09\/DSC_0297-800x530.jpg 800w, https:\/\/1001voyagesgourmands.com\/wp-content\/uploads\/2015\/09\/DSC_0297-300x199.jpg 300w, https:\/\/1001voyagesgourmands.com\/wp-content\/uploads\/2015\/09\/DSC_0297-768x509.jpg 768w, https:\/\/1001voyagesgourmands.com\/wp-content\/uploads\/2015\/09\/DSC_0297-1170x775.jpg 1170w, https:\/\/1001voyagesgourmands.com\/wp-content\/uploads\/2015\/09\/DSC_0297-780x516.jpg 780w, https:\/\/1001voyagesgourmands.com\/wp-content\/uploads\/2015\/09\/DSC_0297-1920x1272.jpg 1920w, https:\/\/1001voyagesgourmands.com\/wp-content\/uploads\/2015\/09\/DSC_0297-585x388.jpg 585w, https:\/\/1001voyagesgourmands.com\/wp-content\/uploads\/2015\/09\/DSC_0297-263x175.jpg 263w, https:\/\/1001voyagesgourmands.com\/wp-content\/uploads\/2015\/09\/DSC_0297.jpg 2000w\" sizes=\"auto, (max-width: 1243px) 100vw, 1243px\" \/><p id=\"caption-attachment-4508\" class=\"wp-caption-text\">V\u00fdhled na Pic St. Loup z Promenade du Peyrou<\/p><\/div>\n<div id=\"attachment_4560\" style=\"width: 1100px\" class=\"wp-caption aligncenter\"><img loading=\"lazy\" decoding=\"async\" aria-describedby=\"caption-attachment-4560\" class=\"wp-image-4560 \" src=\"http:\/\/1001voyagesgourmands.com\/wp-content\/uploads\/2015\/09\/DSC_0302-1024x678.jpg\" alt=\"V\u00fdhled na katedr\u00e1lu Saint Pierre z Promenade du Peyrou\" width=\"1090\" height=\"722\" srcset=\"https:\/\/1001voyagesgourmands.com\/wp-content\/uploads\/2015\/09\/DSC_0302-1024x678.jpg 1024w, https:\/\/1001voyagesgourmands.com\/wp-content\/uploads\/2015\/09\/DSC_0302-800x530.jpg 800w, https:\/\/1001voyagesgourmands.com\/wp-content\/uploads\/2015\/09\/DSC_0302-300x199.jpg 300w, https:\/\/1001voyagesgourmands.com\/wp-content\/uploads\/2015\/09\/DSC_0302-768x509.jpg 768w, https:\/\/1001voyagesgourmands.com\/wp-content\/uploads\/2015\/09\/DSC_0302-1170x775.jpg 1170w, https:\/\/1001voyagesgourmands.com\/wp-content\/uploads\/2015\/09\/DSC_0302-780x516.jpg 780w, https:\/\/1001voyagesgourmands.com\/wp-content\/uploads\/2015\/09\/DSC_0302-1920x1272.jpg 1920w, https:\/\/1001voyagesgourmands.com\/wp-content\/uploads\/2015\/09\/DSC_0302-585x387.jpg 585w, https:\/\/1001voyagesgourmands.com\/wp-content\/uploads\/2015\/09\/DSC_0302-263x175.jpg 263w\" sizes=\"auto, (max-width: 1090px) 100vw, 1090px\" \/><p id=\"caption-attachment-4560\" class=\"wp-caption-text\">V\u00fdhled na katedr\u00e1lu Saint Pierre z Promenade du Peyrou<\/p><\/div>\n<div id=\"attachment_4562\" style=\"width: 1158px\" class=\"wp-caption aligncenter\"><img loading=\"lazy\" decoding=\"async\" aria-describedby=\"caption-attachment-4562\" class=\"wp-image-4562 \" src=\"http:\/\/1001voyagesgourmands.com\/wp-content\/uploads\/2015\/09\/DSC_0319-1024x678.jpg\" alt=\"zvl\u00e1\u0161tn\u00ed stromy v Peyrou\" width=\"1148\" height=\"760\" srcset=\"https:\/\/1001voyagesgourmands.com\/wp-content\/uploads\/2015\/09\/DSC_0319-1024x678.jpg 1024w, https:\/\/1001voyagesgourmands.com\/wp-content\/uploads\/2015\/09\/DSC_0319-800x530.jpg 800w, https:\/\/1001voyagesgourmands.com\/wp-content\/uploads\/2015\/09\/DSC_0319-300x199.jpg 300w, https:\/\/1001voyagesgourmands.com\/wp-content\/uploads\/2015\/09\/DSC_0319-768x509.jpg 768w, https:\/\/1001voyagesgourmands.com\/wp-content\/uploads\/2015\/09\/DSC_0319-1170x775.jpg 1170w, https:\/\/1001voyagesgourmands.com\/wp-content\/uploads\/2015\/09\/DSC_0319-780x516.jpg 780w, https:\/\/1001voyagesgourmands.com\/wp-content\/uploads\/2015\/09\/DSC_0319-1920x1272.jpg 1920w, https:\/\/1001voyagesgourmands.com\/wp-content\/uploads\/2015\/09\/DSC_0319-585x387.jpg 585w, https:\/\/1001voyagesgourmands.com\/wp-content\/uploads\/2015\/09\/DSC_0319-263x175.jpg 263w\" sizes=\"auto, (max-width: 1148px) 100vw, 1148px\" \/><p id=\"caption-attachment-4562\" class=\"wp-caption-text\">Tyhle stromy m\u011b zaujaly&#8230;<\/p><\/div>\n<div id=\"attachment_4535\" style=\"width: 1102px\" class=\"wp-caption aligncenter\"><img loading=\"lazy\" decoding=\"async\" aria-describedby=\"caption-attachment-4535\" class=\"wp-image-4535 \" src=\"http:\/\/1001voyagesgourmands.com\/wp-content\/uploads\/2015\/09\/PicMonkey-Collage11-1024x725.jpg\" alt=\"ztra\u0165te se v uli\u010dk\u00e1ch\" width=\"1092\" height=\"773\" srcset=\"https:\/\/1001voyagesgourmands.com\/wp-content\/uploads\/2015\/09\/PicMonkey-Collage11-1024x725.jpg 1024w, https:\/\/1001voyagesgourmands.com\/wp-content\/uploads\/2015\/09\/PicMonkey-Collage11-300x213.jpg 300w, https:\/\/1001voyagesgourmands.com\/wp-content\/uploads\/2015\/09\/PicMonkey-Collage11-768x544.jpg 768w, https:\/\/1001voyagesgourmands.com\/wp-content\/uploads\/2015\/09\/PicMonkey-Collage11-1170x829.jpg 1170w, https:\/\/1001voyagesgourmands.com\/wp-content\/uploads\/2015\/09\/PicMonkey-Collage11-585x414.jpg 585w, https:\/\/1001voyagesgourmands.com\/wp-content\/uploads\/2015\/09\/PicMonkey-Collage11.jpg 1694w\" sizes=\"auto, (max-width: 1092px) 100vw, 1092px\" \/><p id=\"caption-attachment-4535\" class=\"wp-caption-text\">Nejkr\u00e1sn\u011bj\u0161\u00ed je ztratit se v&nbsp;mal\u00fdch&nbsp;uli\u010dk\u00e1ch a &#8222;d\u00fdchat m\u00edstn\u00ed atmosf\u00e9ru&#8220;<\/p><\/div>\n<div id=\"attachment_4533\" style=\"width: 981px\" class=\"wp-caption aligncenter\"><img loading=\"lazy\" decoding=\"async\" aria-describedby=\"caption-attachment-4533\" class=\"wp-image-4533 \" src=\"http:\/\/1001voyagesgourmands.com\/wp-content\/uploads\/2015\/09\/PicMonkey-Collage4-1024x725.jpg\" alt=\"kola v montpellier\" width=\"971\" height=\"688\" srcset=\"https:\/\/1001voyagesgourmands.com\/wp-content\/uploads\/2015\/09\/PicMonkey-Collage4-1024x725.jpg 1024w, https:\/\/1001voyagesgourmands.com\/wp-content\/uploads\/2015\/09\/PicMonkey-Collage4-300x213.jpg 300w, https:\/\/1001voyagesgourmands.com\/wp-content\/uploads\/2015\/09\/PicMonkey-Collage4-768x544.jpg 768w, https:\/\/1001voyagesgourmands.com\/wp-content\/uploads\/2015\/09\/PicMonkey-Collage4-1170x829.jpg 1170w, https:\/\/1001voyagesgourmands.com\/wp-content\/uploads\/2015\/09\/PicMonkey-Collage4-585x414.jpg 585w, https:\/\/1001voyagesgourmands.com\/wp-content\/uploads\/2015\/09\/PicMonkey-Collage4.jpg 1694w\" sizes=\"auto, (max-width: 971px) 100vw, 971px\" \/><p id=\"caption-attachment-4533\" class=\"wp-caption-text\">Lid\u00e9 tu parkuj\u00ed kola kam je napadne&#8230; \ud83d\ude42<\/p><\/div>\n<p style=\"text-align: justify;\">Dejte si n\u011bco k pit\u00ed nebo sn\u011bdku v uli\u010dk\u00e1ch star\u00e9ho m\u011bsta. Ve\u010der to tu \u017eije a je tu p\u0159\u00e1telsk\u00e1 atmosf\u00e9ra. Doporu\u010duji tapas bar <a href=\"http:\/\/www.takefive-bar-tapas.fr\/\" target=\"_blank\">Take five<\/a>, kde maj\u00ed prima servis a p\u00e1n majitel v\u00e1m s\u00e1m vysv\u011btl\u00ed, kter\u00e9 bylinky p\u0159esn\u011b jsou v jak\u00e9m j\u00eddle a povypr\u00e1v\u00ed i o v\u00ednech z regionu, kter\u00e9 nab\u00edz\u00ed a jen\u017e s\u00e1m vyb\u00edr\u00e1.<\/p>\n<div id=\"attachment_4516\" style=\"width: 1102px\" class=\"wp-caption aligncenter\"><img loading=\"lazy\" decoding=\"async\" aria-describedby=\"caption-attachment-4516\" class=\" wp-image-4516\" src=\"http:\/\/1001voyagesgourmands.com\/wp-content\/uploads\/2015\/09\/DSC_0325-1024x678.jpg\" alt=\"Tapas v Take five\" width=\"1092\" height=\"723\" srcset=\"https:\/\/1001voyagesgourmands.com\/wp-content\/uploads\/2015\/09\/DSC_0325-1024x678.jpg 1024w, https:\/\/1001voyagesgourmands.com\/wp-content\/uploads\/2015\/09\/DSC_0325-800x530.jpg 800w, https:\/\/1001voyagesgourmands.com\/wp-content\/uploads\/2015\/09\/DSC_0325-300x199.jpg 300w, https:\/\/1001voyagesgourmands.com\/wp-content\/uploads\/2015\/09\/DSC_0325-768x509.jpg 768w, https:\/\/1001voyagesgourmands.com\/wp-content\/uploads\/2015\/09\/DSC_0325-1170x775.jpg 1170w, https:\/\/1001voyagesgourmands.com\/wp-content\/uploads\/2015\/09\/DSC_0325-780x516.jpg 780w, https:\/\/1001voyagesgourmands.com\/wp-content\/uploads\/2015\/09\/DSC_0325-1920x1272.jpg 1920w, https:\/\/1001voyagesgourmands.com\/wp-content\/uploads\/2015\/09\/DSC_0325-585x388.jpg 585w, https:\/\/1001voyagesgourmands.com\/wp-content\/uploads\/2015\/09\/DSC_0325-263x175.jpg 263w, https:\/\/1001voyagesgourmands.com\/wp-content\/uploads\/2015\/09\/DSC_0325.jpg 2000w\" sizes=\"auto, (max-width: 1092px) 100vw, 1092px\" \/><p id=\"caption-attachment-4516\" class=\"wp-caption-text\">M\u00edstn\u00ed tapas v baru Take five<\/p><\/div>\n<div id=\"attachment_4514\" style=\"width: 1227px\" class=\"wp-caption aligncenter\"><img loading=\"lazy\" decoding=\"async\" aria-describedby=\"caption-attachment-4514\" class=\"wp-image-4514 \" src=\"http:\/\/1001voyagesgourmands.com\/wp-content\/uploads\/2015\/09\/DSC_0323-678x1024.jpg\" alt=\"kostel sv. Anny\" width=\"1217\" height=\"1837\" srcset=\"https:\/\/1001voyagesgourmands.com\/wp-content\/uploads\/2015\/09\/DSC_0323-678x1024.jpg 678w, https:\/\/1001voyagesgourmands.com\/wp-content\/uploads\/2015\/09\/DSC_0323-199x300.jpg 199w, https:\/\/1001voyagesgourmands.com\/wp-content\/uploads\/2015\/09\/DSC_0323-768x1160.jpg 768w, https:\/\/1001voyagesgourmands.com\/wp-content\/uploads\/2015\/09\/DSC_0323-1170x1767.jpg 1170w, https:\/\/1001voyagesgourmands.com\/wp-content\/uploads\/2015\/09\/DSC_0323-585x883.jpg 585w, https:\/\/1001voyagesgourmands.com\/wp-content\/uploads\/2015\/09\/DSC_0323.jpg 1913w\" sizes=\"auto, (max-width: 1217px) 100vw, 1217px\" \/><p id=\"caption-attachment-4514\" class=\"wp-caption-text\">kostel sv. Anny<\/p><\/div>\n<p style=\"text-align: justify;\">Proch\u00e1zka v uli\u010dk\u00e1ch m\u011bsta Montpellier n\u00e1m romanticky zakon\u010dila hezk\u00fd den v hezk\u00e9m m\u011bst\u011b. Atmosf\u00e9rou mi pozdn\u011b ve\u010dern\u00ed Montpellier p\u0159ipom\u00ednal Barcelonu &#8211; v 11 ve\u010der plno lid\u00ed venku v barech, restaurac\u00edch. Pr\u00e1zdnotou to tu rozhodn\u011b nezeje.<\/p>\n<p style=\"text-align: justify;\"><img loading=\"lazy\" decoding=\"async\" class=\"aligncenter  wp-image-4522\" src=\"http:\/\/1001voyagesgourmands.com\/wp-content\/uploads\/2015\/09\/DSC_0342-1024x678.jpg\" alt=\"DSC_0342\" width=\"1179\" height=\"780\" srcset=\"https:\/\/1001voyagesgourmands.com\/wp-content\/uploads\/2015\/09\/DSC_0342-1024x678.jpg 1024w, https:\/\/1001voyagesgourmands.com\/wp-content\/uploads\/2015\/09\/DSC_0342-800x530.jpg 800w, https:\/\/1001voyagesgourmands.com\/wp-content\/uploads\/2015\/09\/DSC_0342-300x199.jpg 300w, https:\/\/1001voyagesgourmands.com\/wp-content\/uploads\/2015\/09\/DSC_0342-768x509.jpg 768w, https:\/\/1001voyagesgourmands.com\/wp-content\/uploads\/2015\/09\/DSC_0342-1170x775.jpg 1170w, https:\/\/1001voyagesgourmands.com\/wp-content\/uploads\/2015\/09\/DSC_0342-780x516.jpg 780w, https:\/\/1001voyagesgourmands.com\/wp-content\/uploads\/2015\/09\/DSC_0342-1920x1272.jpg 1920w, https:\/\/1001voyagesgourmands.com\/wp-content\/uploads\/2015\/09\/DSC_0342-585x388.jpg 585w, https:\/\/1001voyagesgourmands.com\/wp-content\/uploads\/2015\/09\/DSC_0342-263x175.jpg 263w, https:\/\/1001voyagesgourmands.com\/wp-content\/uploads\/2015\/09\/DSC_0342.jpg 2000w\" sizes=\"auto, (max-width: 1179px) 100vw, 1179px\" \/><\/p>\n<p style=\"text-align: justify;\"><img loading=\"lazy\" decoding=\"async\" class=\"aligncenter  wp-image-4518\" src=\"http:\/\/1001voyagesgourmands.com\/wp-content\/uploads\/2015\/09\/DSC_0327-1024x678.jpg\" alt=\"DSC_0327\" width=\"1173\" height=\"776\" srcset=\"https:\/\/1001voyagesgourmands.com\/wp-content\/uploads\/2015\/09\/DSC_0327-1024x678.jpg 1024w, https:\/\/1001voyagesgourmands.com\/wp-content\/uploads\/2015\/09\/DSC_0327-800x530.jpg 800w, https:\/\/1001voyagesgourmands.com\/wp-content\/uploads\/2015\/09\/DSC_0327-300x199.jpg 300w, https:\/\/1001voyagesgourmands.com\/wp-content\/uploads\/2015\/09\/DSC_0327-768x509.jpg 768w, https:\/\/1001voyagesgourmands.com\/wp-content\/uploads\/2015\/09\/DSC_0327-1170x775.jpg 1170w, https:\/\/1001voyagesgourmands.com\/wp-content\/uploads\/2015\/09\/DSC_0327-780x516.jpg 780w, https:\/\/1001voyagesgourmands.com\/wp-content\/uploads\/2015\/09\/DSC_0327-1920x1272.jpg 1920w, https:\/\/1001voyagesgourmands.com\/wp-content\/uploads\/2015\/09\/DSC_0327-585x388.jpg 585w, https:\/\/1001voyagesgourmands.com\/wp-content\/uploads\/2015\/09\/DSC_0327-263x175.jpg 263w, https:\/\/1001voyagesgourmands.com\/wp-content\/uploads\/2015\/09\/DSC_0327.jpg 2000w\" sizes=\"auto, (max-width: 1173px) 100vw, 1173px\" \/><\/p>\n<p><img loading=\"lazy\" decoding=\"async\" class=\"aligncenter  wp-image-4547\" src=\"http:\/\/1001voyagesgourmands.com\/wp-content\/uploads\/2015\/09\/DSC_0331-1024x678.jpg\" alt=\"DSC_0331\" width=\"1082\" height=\"716\" srcset=\"https:\/\/1001voyagesgourmands.com\/wp-content\/uploads\/2015\/09\/DSC_0331-1024x678.jpg 1024w, https:\/\/1001voyagesgourmands.com\/wp-content\/uploads\/2015\/09\/DSC_0331-800x530.jpg 800w, https:\/\/1001voyagesgourmands.com\/wp-content\/uploads\/2015\/09\/DSC_0331-300x199.jpg 300w, https:\/\/1001voyagesgourmands.com\/wp-content\/uploads\/2015\/09\/DSC_0331-768x509.jpg 768w, https:\/\/1001voyagesgourmands.com\/wp-content\/uploads\/2015\/09\/DSC_0331-1170x775.jpg 1170w, https:\/\/1001voyagesgourmands.com\/wp-content\/uploads\/2015\/09\/DSC_0331-780x516.jpg 780w, https:\/\/1001voyagesgourmands.com\/wp-content\/uploads\/2015\/09\/DSC_0331-1920x1272.jpg 1920w, https:\/\/1001voyagesgourmands.com\/wp-content\/uploads\/2015\/09\/DSC_0331-585x387.jpg 585w, https:\/\/1001voyagesgourmands.com\/wp-content\/uploads\/2015\/09\/DSC_0331-263x175.jpg 263w\" sizes=\"auto, (max-width: 1082px) 100vw, 1082px\" \/><\/p>\n<p><img loading=\"lazy\" decoding=\"async\" class=\"aligncenter  wp-image-4564\" src=\"http:\/\/1001voyagesgourmands.com\/wp-content\/uploads\/2015\/09\/DSC_0341-e1442264124132-678x1024.jpg\" alt=\"DSC_0341\" width=\"1030\" height=\"1555\" srcset=\"https:\/\/1001voyagesgourmands.com\/wp-content\/uploads\/2015\/09\/DSC_0341-e1442264124132-678x1024.jpg 678w, https:\/\/1001voyagesgourmands.com\/wp-content\/uploads\/2015\/09\/DSC_0341-e1442264124132-199x300.jpg 199w, https:\/\/1001voyagesgourmands.com\/wp-content\/uploads\/2015\/09\/DSC_0341-e1442264124132-768x1160.jpg 768w, https:\/\/1001voyagesgourmands.com\/wp-content\/uploads\/2015\/09\/DSC_0341-e1442264124132-1170x1766.jpg 1170w, https:\/\/1001voyagesgourmands.com\/wp-content\/uploads\/2015\/09\/DSC_0341-e1442264124132-1920x2899.jpg 1920w, https:\/\/1001voyagesgourmands.com\/wp-content\/uploads\/2015\/09\/DSC_0341-e1442264124132-585x883.jpg 585w\" sizes=\"auto, (max-width: 1030px) 100vw, 1030px\" \/><\/p>\n<p><img loading=\"lazy\" decoding=\"async\" class=\"aligncenter  wp-image-4551\" src=\"http:\/\/1001voyagesgourmands.com\/wp-content\/uploads\/2015\/09\/DSC_0345-\u2013-kopie-678x1024.jpg\" alt=\"DSC_0345 \u2013 kopie\" width=\"1012\" height=\"1528\" srcset=\"https:\/\/1001voyagesgourmands.com\/wp-content\/uploads\/2015\/09\/DSC_0345-\u2013-kopie-678x1024.jpg 678w, https:\/\/1001voyagesgourmands.com\/wp-content\/uploads\/2015\/09\/DSC_0345-\u2013-kopie-199x300.jpg 199w, https:\/\/1001voyagesgourmands.com\/wp-content\/uploads\/2015\/09\/DSC_0345-\u2013-kopie-768x1159.jpg 768w, https:\/\/1001voyagesgourmands.com\/wp-content\/uploads\/2015\/09\/DSC_0345-\u2013-kopie-1170x1766.jpg 1170w, https:\/\/1001voyagesgourmands.com\/wp-content\/uploads\/2015\/09\/DSC_0345-\u2013-kopie-1920x2899.jpg 1920w, https:\/\/1001voyagesgourmands.com\/wp-content\/uploads\/2015\/09\/DSC_0345-\u2013-kopie-585x883.jpg 585w\" sizes=\"auto, (max-width: 1012px) 100vw, 1012px\" \/><\/p>\n<div id=\"attachment_4553\" style=\"width: 973px\" class=\"wp-caption aligncenter\"><img loading=\"lazy\" decoding=\"async\" aria-describedby=\"caption-attachment-4553\" class=\"wp-image-4553 \" src=\"http:\/\/1001voyagesgourmands.com\/wp-content\/uploads\/2015\/09\/PicMonkey-Collage41-1024x728.jpg\" alt=\"Um\u011bleck\u00fd duch je tu c\u00edtit...\" width=\"963\" height=\"685\" srcset=\"https:\/\/1001voyagesgourmands.com\/wp-content\/uploads\/2015\/09\/PicMonkey-Collage41-1024x728.jpg 1024w, https:\/\/1001voyagesgourmands.com\/wp-content\/uploads\/2015\/09\/PicMonkey-Collage41-300x213.jpg 300w, https:\/\/1001voyagesgourmands.com\/wp-content\/uploads\/2015\/09\/PicMonkey-Collage41-768x546.jpg 768w, https:\/\/1001voyagesgourmands.com\/wp-content\/uploads\/2015\/09\/PicMonkey-Collage41-1170x832.jpg 1170w, https:\/\/1001voyagesgourmands.com\/wp-content\/uploads\/2015\/09\/PicMonkey-Collage41-585x416.jpg 585w, https:\/\/1001voyagesgourmands.com\/wp-content\/uploads\/2015\/09\/PicMonkey-Collage41.jpg 1688w\" sizes=\"auto, (max-width: 963px) 100vw, 963px\" \/><p id=\"caption-attachment-4553\" class=\"wp-caption-text\">Um\u011bleck\u00fd duch je tu c\u00edtit&#8230;<\/p><\/div>\n<div id=\"attachment_4528\" style=\"width: 985px\" class=\"wp-caption aligncenter\"><img loading=\"lazy\" decoding=\"async\" aria-describedby=\"caption-attachment-4528\" class=\" wp-image-4528\" src=\"http:\/\/1001voyagesgourmands.com\/wp-content\/uploads\/2015\/09\/DSC_0348-1024x678.jpg\" alt=\"Place de la Comedie\" width=\"975\" height=\"646\" srcset=\"https:\/\/1001voyagesgourmands.com\/wp-content\/uploads\/2015\/09\/DSC_0348-1024x678.jpg 1024w, https:\/\/1001voyagesgourmands.com\/wp-content\/uploads\/2015\/09\/DSC_0348-800x530.jpg 800w, https:\/\/1001voyagesgourmands.com\/wp-content\/uploads\/2015\/09\/DSC_0348-300x199.jpg 300w, https:\/\/1001voyagesgourmands.com\/wp-content\/uploads\/2015\/09\/DSC_0348-768x509.jpg 768w, https:\/\/1001voyagesgourmands.com\/wp-content\/uploads\/2015\/09\/DSC_0348-1170x775.jpg 1170w, https:\/\/1001voyagesgourmands.com\/wp-content\/uploads\/2015\/09\/DSC_0348-780x516.jpg 780w, https:\/\/1001voyagesgourmands.com\/wp-content\/uploads\/2015\/09\/DSC_0348-1920x1272.jpg 1920w, https:\/\/1001voyagesgourmands.com\/wp-content\/uploads\/2015\/09\/DSC_0348-585x388.jpg 585w, https:\/\/1001voyagesgourmands.com\/wp-content\/uploads\/2015\/09\/DSC_0348-263x175.jpg 263w, https:\/\/1001voyagesgourmands.com\/wp-content\/uploads\/2015\/09\/DSC_0348.jpg 2000w\" sizes=\"auto, (max-width: 975px) 100vw, 975px\" \/><p id=\"caption-attachment-4528\" class=\"wp-caption-text\">Place de la Com\u00e9die za pozdn\u00edho ve\u010dera<\/p><\/div>\n<p>&nbsp;<\/p>\n","protected":false},"excerpt":{"rendered":"<p>Sou\u010d\u00e1st\u00ed na\u0161\u00ed letn\u00ed dovolen\u00e9 minul\u00fd m\u011bs\u00edc v ji\u017en\u00ed Francii byl v\u00fdlet do hlavn\u00edho m\u011bsta regionu Languedoc-Rousillon. Montpellier je mlad\u00e9, vibruj\u00edc\u00ed a nejrychleji rostouc\u00ed m\u011bsto regionu. Str\u00e1vili jsme tam p\u0159\u00edjemn\u00fd ve\u010der a prohl\u00eddli jsme si centrum m\u011bsta. Tady je p\u00e1r fotek, kter\u00e9 jsem jak\u017e tak\u017e stihla v rychlosti ud\u011blat. Dejte si&hellip;<\/p>\n","protected":false},"author":1,"featured_media":4502,"comment_status":"open","ping_status":"open","sticky":false,"template":"","format":"standard","meta":{"_exactmetrics_skip_tracking":false,"_exactmetrics_sitenote_active":false,"_exactmetrics_sitenote_note":"","_exactmetrics_sitenote_category":0,"_lmt_disableupdate":"","_lmt_disable":"","footnotes":""},"categories":[4,7],"tags":[40,257,328],"class_list":["post-4489","post","type-post","status-publish","format-standard","has-post-thumbnail","hentry","category-cestovani","category-francie","tag-francie","tag-vikendove-vylety","tag-vylety-do-mesta"],"yoast_head":"<!-- This site is optimized with the Yoast SEO plugin v26.1.1 - https:\/\/yoast.com\/wordpress\/plugins\/seo\/ -->\n<title>Jeden ve\u010der v Montpellier - 1001 Voyages Gourmands<\/title>\n<meta name=\"robots\" content=\"index, follow, max-snippet:-1, max-image-preview:large, max-video-preview:-1\" \/>\n<link rel=\"canonical\" href=\"https:\/\/1001voyagesgourmands.com\/cs\/jeden-vecer-v-montpellier\/\" \/>\n<meta property=\"og:locale\" content=\"cs_CZ\" \/>\n<meta property=\"og:type\" content=\"article\" \/>\n<meta property=\"og:title\" content=\"Jeden ve\u010der v Montpellier - 1001 Voyages Gourmands\" \/>\n<meta property=\"og:description\" content=\"Sou\u010d\u00e1st\u00ed na\u0161\u00ed letn\u00ed dovolen\u00e9 minul\u00fd m\u011bs\u00edc v ji\u017en\u00ed Francii byl v\u00fdlet do hlavn\u00edho m\u011bsta regionu Languedoc-Rousillon. Montpellier je mlad\u00e9, vibruj\u00edc\u00ed a nejrychleji rostouc\u00ed m\u011bsto regionu. Str\u00e1vili jsme tam p\u0159\u00edjemn\u00fd ve\u010der a prohl\u00eddli jsme si centrum m\u011bsta. Tady je p\u00e1r fotek, kter\u00e9 jsem jak\u017e tak\u017e stihla v rychlosti ud\u011blat. Dejte si&hellip;\" \/>\n<meta property=\"og:url\" content=\"https:\/\/1001voyagesgourmands.com\/cs\/jeden-vecer-v-montpellier\/\" \/>\n<meta property=\"og:site_name\" content=\"1001 Voyages Gourmands\" \/>\n<meta property=\"article:publisher\" content=\"https:\/\/www.facebook.com\/1001voyagesgourmands\" \/>\n<meta property=\"article:published_time\" content=\"2015-09-14T20:23:59+00:00\" \/>\n<meta property=\"article:modified_time\" content=\"2016-04-26T19:43:10+00:00\" \/>\n<meta property=\"og:image\" content=\"https:\/\/1001voyagesgourmands.com\/wp-content\/uploads\/2015\/09\/DSC_0291.jpg\" \/>\n\t<meta property=\"og:image:width\" content=\"2000\" \/>\n\t<meta property=\"og:image:height\" content=\"1325\" \/>\n\t<meta property=\"og:image:type\" content=\"image\/jpeg\" \/>\n<meta name=\"author\" content=\"Michaela\" \/>\n<meta name=\"twitter:card\" content=\"summary_large_image\" \/>\n<meta name=\"twitter:creator\" content=\"@michaela_1001vg\" \/>\n<meta name=\"twitter:site\" content=\"@michaela_1001vg\" \/>\n<meta name=\"twitter:label1\" content=\"Napsal(a)\" \/>\n\t<meta name=\"twitter:data1\" content=\"Michaela\" \/>\n\t<meta name=\"twitter:label2\" content=\"Odhadovan\u00e1 doba \u010dten\u00ed\" \/>\n\t<meta name=\"twitter:data2\" content=\"3 minuty\" \/>\n<script type=\"application\/ld+json\" class=\"yoast-schema-graph\">{\"@context\":\"https:\/\/schema.org\",\"@graph\":[{\"@type\":\"WebPage\",\"@id\":\"https:\/\/1001voyagesgourmands.com\/cs\/jeden-vecer-v-montpellier\/\",\"url\":\"https:\/\/1001voyagesgourmands.com\/cs\/jeden-vecer-v-montpellier\/\",\"name\":\"Jeden ve\u010der v Montpellier - 1001 Voyages Gourmands\",\"isPartOf\":{\"@id\":\"https:\/\/1001voyagesgourmands.com\/cs\/#website\"},\"primaryImageOfPage\":{\"@id\":\"https:\/\/1001voyagesgourmands.com\/cs\/jeden-vecer-v-montpellier\/#primaryimage\"},\"image\":{\"@id\":\"https:\/\/1001voyagesgourmands.com\/cs\/jeden-vecer-v-montpellier\/#primaryimage\"},\"thumbnailUrl\":\"https:\/\/1001voyagesgourmands.com\/wp-content\/uploads\/2015\/09\/DSC_0291.jpg\",\"datePublished\":\"2015-09-14T20:23:59+00:00\",\"dateModified\":\"2016-04-26T19:43:10+00:00\",\"author\":{\"@id\":\"https:\/\/1001voyagesgourmands.com\/cs\/#\/schema\/person\/62e0e7238fcf7482b23bf83e1b72ff1b\"},\"breadcrumb\":{\"@id\":\"https:\/\/1001voyagesgourmands.com\/cs\/jeden-vecer-v-montpellier\/#breadcrumb\"},\"inLanguage\":\"cs\",\"potentialAction\":[{\"@type\":\"ReadAction\",\"target\":[\"https:\/\/1001voyagesgourmands.com\/cs\/jeden-vecer-v-montpellier\/\"]}]},{\"@type\":\"ImageObject\",\"inLanguage\":\"cs\",\"@id\":\"https:\/\/1001voyagesgourmands.com\/cs\/jeden-vecer-v-montpellier\/#primaryimage\",\"url\":\"https:\/\/1001voyagesgourmands.com\/wp-content\/uploads\/2015\/09\/DSC_0291.jpg\",\"contentUrl\":\"https:\/\/1001voyagesgourmands.com\/wp-content\/uploads\/2015\/09\/DSC_0291.jpg\",\"width\":2000,\"height\":1325,\"caption\":\"V\u00edt\u011bzn\u00fd oblouk v Montpellier\"},{\"@type\":\"BreadcrumbList\",\"@id\":\"https:\/\/1001voyagesgourmands.com\/cs\/jeden-vecer-v-montpellier\/#breadcrumb\",\"itemListElement\":[{\"@type\":\"ListItem\",\"position\":1,\"name\":\"Dom\u016f\",\"item\":\"https:\/\/1001voyagesgourmands.com\/cs\/\"},{\"@type\":\"ListItem\",\"position\":2,\"name\":\"Jeden ve\u010der v Montpellier\"}]},{\"@type\":\"WebSite\",\"@id\":\"https:\/\/1001voyagesgourmands.com\/cs\/#website\",\"url\":\"https:\/\/1001voyagesgourmands.com\/cs\/\",\"name\":\"1001 Voyages Gourmands\",\"description\":\"Food | Travel | Photography\",\"potentialAction\":[{\"@type\":\"SearchAction\",\"target\":{\"@type\":\"EntryPoint\",\"urlTemplate\":\"https:\/\/1001voyagesgourmands.com\/cs\/?s={search_term_string}\"},\"query-input\":{\"@type\":\"PropertyValueSpecification\",\"valueRequired\":true,\"valueName\":\"search_term_string\"}}],\"inLanguage\":\"cs\"},{\"@type\":\"Person\",\"@id\":\"https:\/\/1001voyagesgourmands.com\/cs\/#\/schema\/person\/62e0e7238fcf7482b23bf83e1b72ff1b\",\"name\":\"Michaela\",\"image\":{\"@type\":\"ImageObject\",\"inLanguage\":\"cs\",\"@id\":\"https:\/\/1001voyagesgourmands.com\/cs\/#\/schema\/person\/image\/\",\"url\":\"https:\/\/secure.gravatar.com\/avatar\/73fa562a5b0ce269ca480f67de504b8ecac054a121d170e226f1b79e02024cb8?s=96&d=mm&r=g\",\"contentUrl\":\"https:\/\/secure.gravatar.com\/avatar\/73fa562a5b0ce269ca480f67de504b8ecac054a121d170e226f1b79e02024cb8?s=96&d=mm&r=g\",\"caption\":\"Michaela\"},\"sameAs\":[\"http:\/\/1001voyagesgourmands.com\"]}]}<\/script>\n<!-- \/ Yoast SEO plugin. -->","yoast_head_json":{"title":"Jeden ve\u010der v Montpellier - 1001 Voyages Gourmands","robots":{"index":"index","follow":"follow","max-snippet":"max-snippet:-1","max-image-preview":"max-image-preview:large","max-video-preview":"max-video-preview:-1"},"canonical":"https:\/\/1001voyagesgourmands.com\/cs\/jeden-vecer-v-montpellier\/","og_locale":"cs_CZ","og_type":"article","og_title":"Jeden ve\u010der v Montpellier - 1001 Voyages Gourmands","og_description":"Sou\u010d\u00e1st\u00ed na\u0161\u00ed letn\u00ed dovolen\u00e9 minul\u00fd m\u011bs\u00edc v ji\u017en\u00ed Francii byl v\u00fdlet do hlavn\u00edho m\u011bsta regionu Languedoc-Rousillon. Montpellier je mlad\u00e9, vibruj\u00edc\u00ed a nejrychleji rostouc\u00ed m\u011bsto regionu. Str\u00e1vili jsme tam p\u0159\u00edjemn\u00fd ve\u010der a prohl\u00eddli jsme si centrum m\u011bsta. Tady je p\u00e1r fotek, kter\u00e9 jsem jak\u017e tak\u017e stihla v rychlosti ud\u011blat. Dejte si&hellip;","og_url":"https:\/\/1001voyagesgourmands.com\/cs\/jeden-vecer-v-montpellier\/","og_site_name":"1001 Voyages Gourmands","article_publisher":"https:\/\/www.facebook.com\/1001voyagesgourmands","article_published_time":"2015-09-14T20:23:59+00:00","article_modified_time":"2016-04-26T19:43:10+00:00","og_image":[{"width":2000,"height":1325,"url":"https:\/\/1001voyagesgourmands.com\/wp-content\/uploads\/2015\/09\/DSC_0291.jpg","type":"image\/jpeg"}],"author":"Michaela","twitter_card":"summary_large_image","twitter_creator":"@michaela_1001vg","twitter_site":"@michaela_1001vg","twitter_misc":{"Napsal(a)":"Michaela","Odhadovan\u00e1 doba \u010dten\u00ed":"3 minuty"},"schema":{"@context":"https:\/\/schema.org","@graph":[{"@type":"WebPage","@id":"https:\/\/1001voyagesgourmands.com\/cs\/jeden-vecer-v-montpellier\/","url":"https:\/\/1001voyagesgourmands.com\/cs\/jeden-vecer-v-montpellier\/","name":"Jeden ve\u010der v Montpellier - 1001 Voyages Gourmands","isPartOf":{"@id":"https:\/\/1001voyagesgourmands.com\/cs\/#website"},"primaryImageOfPage":{"@id":"https:\/\/1001voyagesgourmands.com\/cs\/jeden-vecer-v-montpellier\/#primaryimage"},"image":{"@id":"https:\/\/1001voyagesgourmands.com\/cs\/jeden-vecer-v-montpellier\/#primaryimage"},"thumbnailUrl":"https:\/\/1001voyagesgourmands.com\/wp-content\/uploads\/2015\/09\/DSC_0291.jpg","datePublished":"2015-09-14T20:23:59+00:00","dateModified":"2016-04-26T19:43:10+00:00","author":{"@id":"https:\/\/1001voyagesgourmands.com\/cs\/#\/schema\/person\/62e0e7238fcf7482b23bf83e1b72ff1b"},"breadcrumb":{"@id":"https:\/\/1001voyagesgourmands.com\/cs\/jeden-vecer-v-montpellier\/#breadcrumb"},"inLanguage":"cs","potentialAction":[{"@type":"ReadAction","target":["https:\/\/1001voyagesgourmands.com\/cs\/jeden-vecer-v-montpellier\/"]}]},{"@type":"ImageObject","inLanguage":"cs","@id":"https:\/\/1001voyagesgourmands.com\/cs\/jeden-vecer-v-montpellier\/#primaryimage","url":"https:\/\/1001voyagesgourmands.com\/wp-content\/uploads\/2015\/09\/DSC_0291.jpg","contentUrl":"https:\/\/1001voyagesgourmands.com\/wp-content\/uploads\/2015\/09\/DSC_0291.jpg","width":2000,"height":1325,"caption":"V\u00edt\u011bzn\u00fd oblouk v Montpellier"},{"@type":"BreadcrumbList","@id":"https:\/\/1001voyagesgourmands.com\/cs\/jeden-vecer-v-montpellier\/#breadcrumb","itemListElement":[{"@type":"ListItem","position":1,"name":"Dom\u016f","item":"https:\/\/1001voyagesgourmands.com\/cs\/"},{"@type":"ListItem","position":2,"name":"Jeden ve\u010der v Montpellier"}]},{"@type":"WebSite","@id":"https:\/\/1001voyagesgourmands.com\/cs\/#website","url":"https:\/\/1001voyagesgourmands.com\/cs\/","name":"1001 Voyages Gourmands","description":"Food | Travel | Photography","potentialAction":[{"@type":"SearchAction","target":{"@type":"EntryPoint","urlTemplate":"https:\/\/1001voyagesgourmands.com\/cs\/?s={search_term_string}"},"query-input":{"@type":"PropertyValueSpecification","valueRequired":true,"valueName":"search_term_string"}}],"inLanguage":"cs"},{"@type":"Person","@id":"https:\/\/1001voyagesgourmands.com\/cs\/#\/schema\/person\/62e0e7238fcf7482b23bf83e1b72ff1b","name":"Michaela","image":{"@type":"ImageObject","inLanguage":"cs","@id":"https:\/\/1001voyagesgourmands.com\/cs\/#\/schema\/person\/image\/","url":"https:\/\/secure.gravatar.com\/avatar\/73fa562a5b0ce269ca480f67de504b8ecac054a121d170e226f1b79e02024cb8?s=96&d=mm&r=g","contentUrl":"https:\/\/secure.gravatar.com\/avatar\/73fa562a5b0ce269ca480f67de504b8ecac054a121d170e226f1b79e02024cb8?s=96&d=mm&r=g","caption":"Michaela"},"sameAs":["http:\/\/1001voyagesgourmands.com"]}]}},"_links":{"self":[{"href":"https:\/\/1001voyagesgourmands.com\/cs\/wp-json\/wp\/v2\/posts\/4489","targetHints":{"allow":["GET"]}}],"collection":[{"href":"https:\/\/1001voyagesgourmands.com\/cs\/wp-json\/wp\/v2\/posts"}],"about":[{"href":"https:\/\/1001voyagesgourmands.com\/cs\/wp-json\/wp\/v2\/types\/post"}],"author":[{"embeddable":true,"href":"https:\/\/1001voyagesgourmands.com\/cs\/wp-json\/wp\/v2\/users\/1"}],"replies":[{"embeddable":true,"href":"https:\/\/1001voyagesgourmands.com\/cs\/wp-json\/wp\/v2\/comments?post=4489"}],"version-history":[{"count":0,"href":"https:\/\/1001voyagesgourmands.com\/cs\/wp-json\/wp\/v2\/posts\/4489\/revisions"}],"wp:featuredmedia":[{"embeddable":true,"href":"https:\/\/1001voyagesgourmands.com\/cs\/wp-json\/wp\/v2\/media\/4502"}],"wp:attachment":[{"href":"https:\/\/1001voyagesgourmands.com\/cs\/wp-json\/wp\/v2\/media?parent=4489"}],"wp:term":[{"taxonomy":"category","embeddable":true,"href":"https:\/\/1001voyagesgourmands.com\/cs\/wp-json\/wp\/v2\/categories?post=4489"},{"taxonomy":"post_tag","embeddable":true,"href":"https:\/\/1001voyagesgourmands.com\/cs\/wp-json\/wp\/v2\/tags?post=4489"}],"curies":[{"name":"wp","href":"https:\/\/api.w.org\/{rel}","templated":true}]}}