{"id":4300,"date":"2015-09-06T19:46:34","date_gmt":"2015-09-06T17:46:34","guid":{"rendered":"http:\/\/1001voyagesgourmands.com\/?p=4300"},"modified":"2020-12-02T12:37:22","modified_gmt":"2020-12-02T11:37:22","slug":"vikend-belgickeho-piva-v-bruselu","status":"publish","type":"post","link":"https:\/\/1001voyagesgourmands.com\/cs\/vikend-belgickeho-piva-v-bruselu\/","title":{"rendered":"V\u00edkend belgick\u00e9ho piva v Bruselu"},"content":{"rendered":"<p style=\"text-align: justify;\">N\u011bjak m\u00e1m v hlav\u011b uhle akci nazvanou V\u00edkend belgick\u00e9ho piva v Bruselu zak\u00f3dovan\u00fd, jeliko\u017e se v\u017edy na za\u010d\u00e1tku&nbsp;z\u00e1\u0159\u00ed opakuje. Nicm\u00e9n\u011b letos jsem tento v\u00edkend doh\u00e1n\u011bla dost v\u011bc\u00ed, jeliko\u017e jsem posledn\u00ed 3 v\u00edkendy byla mimo Brusel. Kdybychom dnes ne\u0161li na ob\u011bd v centru do <a href=\"http:\/\/www.tripadvisor.fr\/Restaurant_Review-g188644-d1852850-Reviews-Fin_de_Siecle-Brussels.html\" target=\"_blank\" rel=\"noopener noreferrer\">Brasserie&nbsp;Fin du Si\u00e8cle<\/a> (vynikaj\u00edc\u00ed a ne\u0161izen\u00e1 belgick\u00e1 kuchyn\u011b za slu\u0161n\u00e9 ceny &#8211; pokud jste v centru m\u011bsta, v\u0159ele doporu\u010duji!!),&nbsp;tak to asi pro\u0161vihnu. Tady je p\u00e1r fotek, sice jen z telefonu, ale pro p\u0159edstavu sta\u010d\u00ed.<\/p>\n<p style=\"text-align: justify;\"><img loading=\"lazy\" decoding=\"async\" class=\"aligncenter wp-image-4321\" src=\"http:\/\/1001voyagesgourmands.com\/wp-content\/uploads\/2015\/09\/20150906_142548-1024x576.jpg\" alt=\"Akce je hodn\u011b fajn, jeliko\u017e se m\u016f\u017eete n\u011bco p\u0159iu\u010dit p\u0159\u00edmo od piva\u0159\u016f, ochutn\u00e1te p\u00e1r belgick\u00fdch piv a str\u00e1v\u00edte hezk\u00e9 chv\u00edle s p\u0159\u00e1teli \/ rodinou. B\u011bhem v\u00edkendu tu v ur\u010dit\u00fdch hodin\u00e1ch naraz\u00edte i na r\u016fzn\u00e1 proces\u00ed. Nav\u00edc se m\u016f\u017eete kochat nejkr\u00e1sn\u011bj\u0161\u00edm n\u00e1m\u011bst\u00edm na sv\u011bt\u011b.\" width=\"1079\" height=\"606\" srcset=\"https:\/\/1001voyagesgourmands.com\/wp-content\/uploads\/2015\/09\/20150906_142548-1024x576.jpg 1024w, https:\/\/1001voyagesgourmands.com\/wp-content\/uploads\/2015\/09\/20150906_142548-300x169.jpg 300w, https:\/\/1001voyagesgourmands.com\/wp-content\/uploads\/2015\/09\/20150906_142548-768x432.jpg 768w, https:\/\/1001voyagesgourmands.com\/wp-content\/uploads\/2015\/09\/20150906_142548-1170x658.jpg 1170w, https:\/\/1001voyagesgourmands.com\/wp-content\/uploads\/2015\/09\/20150906_142548-1920x1080.jpg 1920w, https:\/\/1001voyagesgourmands.com\/wp-content\/uploads\/2015\/09\/20150906_142548-585x329.jpg 585w\" sizes=\"auto, (max-width: 1079px) 100vw, 1079px\" \/><\/p>\n<p>Akce je hodn\u011b fajn, jeliko\u017e se m\u016f\u017eete n\u011bco p\u0159iu\u010dit p\u0159\u00edmo od piva\u0159\u016f, ochutn\u00e1te p\u00e1r belgick\u00fdch piv a str\u00e1v\u00edte hezk\u00e9 chv\u00edle s p\u0159\u00e1teli\/rodinou. B\u011bhem v\u00edkendu tu v ur\u010dit\u00fdch hodin\u00e1ch naraz\u00edte i na r\u016fzn\u00e1 proces\u00ed. Nav\u00edc se m\u016f\u017eete kochat nejkr\u00e1sn\u011bj\u0161\u00edm st\u0159edov\u011bk\u00fdm n\u00e1m\u011bst\u00edm v Evrop\u011b.<\/p>\n<p><img loading=\"lazy\" decoding=\"async\" class=\"aligncenter wp-image-4315\" src=\"http:\/\/1001voyagesgourmands.com\/wp-content\/uploads\/2015\/09\/PicMonkey-Collage21-1024x595.jpg\" alt=\"V\u00edkend belgick\u00e9ho piva v Bruselu\" width=\"1016\" height=\"591\" srcset=\"https:\/\/1001voyagesgourmands.com\/wp-content\/uploads\/2015\/09\/PicMonkey-Collage21-1024x595.jpg 1024w, https:\/\/1001voyagesgourmands.com\/wp-content\/uploads\/2015\/09\/PicMonkey-Collage21-300x174.jpg 300w, https:\/\/1001voyagesgourmands.com\/wp-content\/uploads\/2015\/09\/PicMonkey-Collage21-768x446.jpg 768w, https:\/\/1001voyagesgourmands.com\/wp-content\/uploads\/2015\/09\/PicMonkey-Collage21-1170x680.jpg 1170w, https:\/\/1001voyagesgourmands.com\/wp-content\/uploads\/2015\/09\/PicMonkey-Collage21-1920x1115.jpg 1920w, https:\/\/1001voyagesgourmands.com\/wp-content\/uploads\/2015\/09\/PicMonkey-Collage21-585x340.jpg 585w\" sizes=\"auto, (max-width: 1016px) 100vw, 1016px\" \/><\/p>\n<p style=\"text-align: justify;\">Na Grand Place jsou instalovan\u00e9 st\u00e1nky jednotliv\u00fdch pivovar\u016f, kde si m\u016f\u017eete ochutnat nem\u00e1lo z jejich produkce a objevit tak, jak\u00e1 rozmanitost se nach\u00e1z\u00ed v belgick\u00e9m n\u00e1rodn\u00edm n\u00e1poji.&nbsp;<\/p>\n<p style=\"text-align: justify;\"><img loading=\"lazy\" decoding=\"async\" class=\"aligncenter wp-image-4323\" src=\"http:\/\/1001voyagesgourmands.com\/wp-content\/uploads\/2015\/09\/20150906_142922-1024x576.jpg\" alt=\"Vstup je zdarma, kupujete si \u017eetony, za kter\u00e9 si vyb\u00edr\u00e1te pivo na st\u00e1nc\u00edch.\" width=\"1004\" height=\"564\" srcset=\"https:\/\/1001voyagesgourmands.com\/wp-content\/uploads\/2015\/09\/20150906_142922-1024x576.jpg 1024w, https:\/\/1001voyagesgourmands.com\/wp-content\/uploads\/2015\/09\/20150906_142922-300x169.jpg 300w, https:\/\/1001voyagesgourmands.com\/wp-content\/uploads\/2015\/09\/20150906_142922-768x432.jpg 768w, https:\/\/1001voyagesgourmands.com\/wp-content\/uploads\/2015\/09\/20150906_142922-1170x658.jpg 1170w, https:\/\/1001voyagesgourmands.com\/wp-content\/uploads\/2015\/09\/20150906_142922-1920x1080.jpg 1920w, https:\/\/1001voyagesgourmands.com\/wp-content\/uploads\/2015\/09\/20150906_142922-585x329.jpg 585w\" sizes=\"auto, (max-width: 1004px) 100vw, 1004px\" \/><\/p>\n<p style=\"text-align: justify;\">Krom\u011b AB Inbev tu natref\u00edte na pivovary jako Lindemans (slavn\u00fd pro sv\u00e1 ovocn\u00e1 piva), Duvel Moortgat (popul\u00e1rn\u00ed velice siln\u00e9 a ho\u0159k\u00e9 pivo Duvel), Bosteels (co vyr\u00e1b\u00ed slavn\u00fd Kwak v n\u00e1dob\u011b podobaj\u00edc\u00ed se p\u0159es\u00fdpac\u00edm hodin\u00e1m) \u010di Sint-Bernardus (chut\u00ed se podob\u00e1 nejlep\u0161\u00edmu pivu sv\u011bta &#8211; Westvleteren).&nbsp;Za zkou\u0161ku belgick\u00fdch piv stoj\u00ed rozhodn\u011b skupina piv &#8222;trappistes&#8220; (piv vyr\u00e1b\u011bn\u00fdch mnichy v opatstv\u00edch, dle p\u0159\u00edsn\u00fdch pravidel) jako Chimay, Westmalle \u010di Orval.<\/p>\n<p style=\"text-align: justify;\"><img loading=\"lazy\" decoding=\"async\" class=\"aligncenter wp-image-4319\" src=\"http:\/\/1001voyagesgourmands.com\/wp-content\/uploads\/2015\/09\/20150906_143430-1024x576.jpg\" alt=\"Akce je hodn\u011b fajn, jeliko\u017e se m\u016f\u017eete n\u011bco p\u0159iu\u010dit p\u0159\u00edmo od piva\u0159\u016f, ochutn\u00e1te p\u00e1r belgick\u00fdch piv a str\u00e1v\u00edte hezk\u00e9 chv\u00edle s p\u0159\u00e1teli \/ rodinou. B\u011bhem v\u00edkendu tu v ur\u010dit\u00fdch hodin\u00e1ch naraz\u00edte i na r\u016fzn\u00e1 proces\u00ed. Nav\u00edc se m\u016f\u017eete kochat nejkr\u00e1sn\u011bj\u0161\u00edm n\u00e1m\u011bst\u00edm na sv\u011bt\u011b.\" width=\"974\" height=\"547\" srcset=\"https:\/\/1001voyagesgourmands.com\/wp-content\/uploads\/2015\/09\/20150906_143430-1024x576.jpg 1024w, https:\/\/1001voyagesgourmands.com\/wp-content\/uploads\/2015\/09\/20150906_143430-300x169.jpg 300w, https:\/\/1001voyagesgourmands.com\/wp-content\/uploads\/2015\/09\/20150906_143430-768x432.jpg 768w, https:\/\/1001voyagesgourmands.com\/wp-content\/uploads\/2015\/09\/20150906_143430-1170x658.jpg 1170w, https:\/\/1001voyagesgourmands.com\/wp-content\/uploads\/2015\/09\/20150906_143430-1920x1080.jpg 1920w, https:\/\/1001voyagesgourmands.com\/wp-content\/uploads\/2015\/09\/20150906_143430-585x329.jpg 585w\" sizes=\"auto, (max-width: 974px) 100vw, 974px\" \/><\/p>\n<p style=\"text-align: justify;\"><img loading=\"lazy\" decoding=\"async\" class=\"aligncenter wp-image-4331\" src=\"http:\/\/1001voyagesgourmands.com\/wp-content\/uploads\/2015\/09\/20150906_142643-1024x576.jpg\" alt=\"V\u00edkend belgick\u00e9ho piva v Bruselu\" width=\"963\" height=\"541\" srcset=\"https:\/\/1001voyagesgourmands.com\/wp-content\/uploads\/2015\/09\/20150906_142643-1024x576.jpg 1024w, https:\/\/1001voyagesgourmands.com\/wp-content\/uploads\/2015\/09\/20150906_142643-300x169.jpg 300w, https:\/\/1001voyagesgourmands.com\/wp-content\/uploads\/2015\/09\/20150906_142643-768x432.jpg 768w, https:\/\/1001voyagesgourmands.com\/wp-content\/uploads\/2015\/09\/20150906_142643-1170x658.jpg 1170w, https:\/\/1001voyagesgourmands.com\/wp-content\/uploads\/2015\/09\/20150906_142643-1920x1080.jpg 1920w, https:\/\/1001voyagesgourmands.com\/wp-content\/uploads\/2015\/09\/20150906_142643-585x329.jpg 585w\" sizes=\"auto, (max-width: 963px) 100vw, 963px\" \/><\/p>\n<p style=\"text-align: justify;\">Vstup je zdarma, kupujete si \u017eetony, za kter\u00e9 si vyb\u00edr\u00e1te pivo na st\u00e1nc\u00edch.<\/p>\n<p style=\"text-align: justify;\">Orientaci v\u00e1m usnadn\u00ed jednak mapa st\u00e1nk\u016f&#8230;<\/p>\n<p style=\"text-align: justify;\"><img loading=\"lazy\" decoding=\"async\" class=\"aligncenter wp-image-4303\" src=\"http:\/\/1001voyagesgourmands.com\/wp-content\/uploads\/2015\/09\/20150906_143039-1024x576.jpg\" alt=\"V\u00edkend belgick\u00e9ho piva v Bruselu\" width=\"947\" height=\"532\" srcset=\"https:\/\/1001voyagesgourmands.com\/wp-content\/uploads\/2015\/09\/20150906_143039-1024x576.jpg 1024w, https:\/\/1001voyagesgourmands.com\/wp-content\/uploads\/2015\/09\/20150906_143039-300x169.jpg 300w, https:\/\/1001voyagesgourmands.com\/wp-content\/uploads\/2015\/09\/20150906_143039-768x432.jpg 768w, https:\/\/1001voyagesgourmands.com\/wp-content\/uploads\/2015\/09\/20150906_143039-1170x658.jpg 1170w, https:\/\/1001voyagesgourmands.com\/wp-content\/uploads\/2015\/09\/20150906_143039-1920x1080.jpg 1920w, https:\/\/1001voyagesgourmands.com\/wp-content\/uploads\/2015\/09\/20150906_143039-585x329.jpg 585w\" sizes=\"auto, (max-width: 947px) 100vw, 947px\" \/><\/p>\n<p style=\"text-align: justify;\">&#8230;tak i sch\u00e9ma&nbsp;chut\u00ed &#8211; kde jsou chut\u011b barevn\u011b odli\u0161eny, tak\u017ee si vyberete tu svou, zapamatujete barvu a jdete si za n\u00ed. Jenom si vybrat&#8230; \ud83d\ude42<\/p>\n<p style=\"text-align: justify;\"><img loading=\"lazy\" decoding=\"async\" class=\"aligncenter wp-image-4305\" src=\"http:\/\/1001voyagesgourmands.com\/wp-content\/uploads\/2015\/09\/20150906_143904-e1441563980552-576x1024.jpg\" alt=\"V\u00edkend belgick\u00e9ho piva v Bruselu\" width=\"908\" height=\"1614\" srcset=\"https:\/\/1001voyagesgourmands.com\/wp-content\/uploads\/2015\/09\/20150906_143904-e1441563980552-576x1024.jpg 576w, https:\/\/1001voyagesgourmands.com\/wp-content\/uploads\/2015\/09\/20150906_143904-e1441563980552-169x300.jpg 169w, https:\/\/1001voyagesgourmands.com\/wp-content\/uploads\/2015\/09\/20150906_143904-e1441563980552-768x1365.jpg 768w, https:\/\/1001voyagesgourmands.com\/wp-content\/uploads\/2015\/09\/20150906_143904-e1441563980552-1170x2080.jpg 1170w, https:\/\/1001voyagesgourmands.com\/wp-content\/uploads\/2015\/09\/20150906_143904-e1441563980552-1920x3413.jpg 1920w, https:\/\/1001voyagesgourmands.com\/wp-content\/uploads\/2015\/09\/20150906_143904-e1441563980552-585x1040.jpg 585w\" sizes=\"auto, (max-width: 908px) 100vw, 908px\" \/><\/p>\n<p style=\"text-align: justify;\">Akce je pro mal\u00e9, velk\u00e9 i star\u0161\u00ed.<\/p>\n<p style=\"text-align: justify;\"><img loading=\"lazy\" decoding=\"async\" class=\"aligncenter wp-image-4313\" src=\"http:\/\/1001voyagesgourmands.com\/wp-content\/uploads\/2015\/09\/PicMonkey-Collage3-1024x606.jpg\" alt=\"V\u00edkend belgick\u00e9ho piva v Bruselu\" width=\"1239\" height=\"733\" srcset=\"https:\/\/1001voyagesgourmands.com\/wp-content\/uploads\/2015\/09\/PicMonkey-Collage3-1024x606.jpg 1024w, https:\/\/1001voyagesgourmands.com\/wp-content\/uploads\/2015\/09\/PicMonkey-Collage3-300x178.jpg 300w, https:\/\/1001voyagesgourmands.com\/wp-content\/uploads\/2015\/09\/PicMonkey-Collage3-768x455.jpg 768w, https:\/\/1001voyagesgourmands.com\/wp-content\/uploads\/2015\/09\/PicMonkey-Collage3-1170x693.jpg 1170w, https:\/\/1001voyagesgourmands.com\/wp-content\/uploads\/2015\/09\/PicMonkey-Collage3-1920x1137.jpg 1920w, https:\/\/1001voyagesgourmands.com\/wp-content\/uploads\/2015\/09\/PicMonkey-Collage3-585x346.jpg 585w, https:\/\/1001voyagesgourmands.com\/wp-content\/uploads\/2015\/09\/PicMonkey-Collage3.jpg 2027w\" sizes=\"auto, (max-width: 1239px) 100vw, 1239px\" \/><\/p>\n<p style=\"text-align: justify;\">Akce pokra\u010duje u Burzy s barem National a hudbou. Vychutnat si tu m\u016f\u017eete rovnou&nbsp;75 cl lahve, co\u017e by \u010cesk\u00fdm milovn\u00edk\u016fm piva mohlo sta\u010dit &#8211; pozor ale na jejich vysok\u00fd obsah alkoholu!&nbsp;<\/p>\n<p style=\"text-align: justify;\"><img loading=\"lazy\" decoding=\"async\" class=\"aligncenter wp-image-4311\" src=\"http:\/\/1001voyagesgourmands.com\/wp-content\/uploads\/2015\/09\/20150906_1423041-1024x576.jpg\" alt=\"Vstup je zdarma, kupujete si \u017eetony, za kter\u00e9 si vyb\u00edr\u00e1te pivo na st\u00e1nc\u00edch.\" width=\"1070\" height=\"601\" srcset=\"https:\/\/1001voyagesgourmands.com\/wp-content\/uploads\/2015\/09\/20150906_1423041-1024x576.jpg 1024w, https:\/\/1001voyagesgourmands.com\/wp-content\/uploads\/2015\/09\/20150906_1423041-300x169.jpg 300w, https:\/\/1001voyagesgourmands.com\/wp-content\/uploads\/2015\/09\/20150906_1423041-768x432.jpg 768w, https:\/\/1001voyagesgourmands.com\/wp-content\/uploads\/2015\/09\/20150906_1423041-1170x658.jpg 1170w, https:\/\/1001voyagesgourmands.com\/wp-content\/uploads\/2015\/09\/20150906_1423041-1920x1080.jpg 1920w, https:\/\/1001voyagesgourmands.com\/wp-content\/uploads\/2015\/09\/20150906_1423041-585x329.jpg 585w\" sizes=\"auto, (max-width: 1070px) 100vw, 1070px\" \/><\/p>\n<p style=\"text-align: justify;\">Nakonec zjist\u00edte, \u017ee Belgi\u010dan\u00e9 jsou pr\u00e1vem&nbsp;hrd\u00ed na sv\u00e9 pivn\u00ed bohatstv\u00ed a rozmanitost.<\/p>\n<p style=\"text-align: justify;\"><img loading=\"lazy\" decoding=\"async\" class=\"aligncenter wp-image-4301\" src=\"http:\/\/1001voyagesgourmands.com\/wp-content\/uploads\/2015\/09\/20150906_142848-1024x576.jpg\" alt=\"V\u00edkend belgick\u00e9ho piva v Bruselu\" width=\"1049\" height=\"589\" srcset=\"https:\/\/1001voyagesgourmands.com\/wp-content\/uploads\/2015\/09\/20150906_142848-1024x576.jpg 1024w, https:\/\/1001voyagesgourmands.com\/wp-content\/uploads\/2015\/09\/20150906_142848-300x169.jpg 300w, https:\/\/1001voyagesgourmands.com\/wp-content\/uploads\/2015\/09\/20150906_142848-768x432.jpg 768w, https:\/\/1001voyagesgourmands.com\/wp-content\/uploads\/2015\/09\/20150906_142848-1170x658.jpg 1170w, https:\/\/1001voyagesgourmands.com\/wp-content\/uploads\/2015\/09\/20150906_142848-1920x1080.jpg 1920w, https:\/\/1001voyagesgourmands.com\/wp-content\/uploads\/2015\/09\/20150906_142848-585x329.jpg 585w\" sizes=\"auto, (max-width: 1049px) 100vw, 1049px\" \/><\/p>\n<p style=\"text-align: justify;\">Pokud se tedy koncem l\u00e9ta chyst\u00e1te na n\u00e1v\u0161t\u011bvu Bruselu, m\u016f\u017ee tahle akce b\u00fdt jako zaj\u00edmav\u00e1 vsuvka, kde trochu v\u00edce p\u0159i\u010dichnete k belgick\u00e9 kultu\u0159e. V\u00edce informac\u00ed o akci (jako datum a program na p\u0159\u00ed\u0161t\u00ed rok) najdete <a href=\"http:\/\/www.belgianbrewers.be\/en\/events\/\" target=\"_blank\" rel=\"noopener noreferrer\">na ofici\u00e1ln\u00edch str\u00e1nk\u00e1ch Belgick\u00fdch piva\u0159\u016f<\/a>.<\/p>\n<p style=\"text-align: justify;\"><img loading=\"lazy\" decoding=\"async\" class=\"aligncenter wp-image-4327\" src=\"http:\/\/1001voyagesgourmands.com\/wp-content\/uploads\/2015\/09\/20150906_142658-e1441565853420-576x1024.jpg\" alt=\"http:\/\/www.belgianbrewers.be\/en\/events\/belgian-beer-weekend-171\/\" width=\"1170\" height=\"2080\" srcset=\"https:\/\/1001voyagesgourmands.com\/wp-content\/uploads\/2015\/09\/20150906_142658-e1441565853420-576x1024.jpg 576w, https:\/\/1001voyagesgourmands.com\/wp-content\/uploads\/2015\/09\/20150906_142658-e1441565853420-169x300.jpg 169w, https:\/\/1001voyagesgourmands.com\/wp-content\/uploads\/2015\/09\/20150906_142658-e1441565853420-768x1365.jpg 768w, https:\/\/1001voyagesgourmands.com\/wp-content\/uploads\/2015\/09\/20150906_142658-e1441565853420-1170x2080.jpg 1170w, https:\/\/1001voyagesgourmands.com\/wp-content\/uploads\/2015\/09\/20150906_142658-e1441565853420-1920x3413.jpg 1920w, https:\/\/1001voyagesgourmands.com\/wp-content\/uploads\/2015\/09\/20150906_142658-e1441565853420-585x1040.jpg 585w\" sizes=\"auto, (max-width: 1170px) 100vw, 1170px\" \/><\/p>\n","protected":false},"excerpt":{"rendered":"<p>N\u011bjak m\u00e1m v hlav\u011b uhle akci nazvanou V\u00edkend belgick\u00e9ho piva v Bruselu zak\u00f3dovan\u00fd, jeliko\u017e se v\u017edy na za\u010d\u00e1tku&nbsp;z\u00e1\u0159\u00ed opakuje. Nicm\u00e9n\u011b letos jsem tento v\u00edkend doh\u00e1n\u011bla dost v\u011bc\u00ed, jeliko\u017e jsem posledn\u00ed 3 v\u00edkendy byla mimo Brusel. Kdybychom dnes ne\u0161li na ob\u011bd v centru do Brasserie&nbsp;Fin du Si\u00e8cle (vynikaj\u00edc\u00ed a ne\u0161izen\u00e1 belgick\u00e1&hellip;<\/p>\n","protected":false},"author":1,"featured_media":4331,"comment_status":"open","ping_status":"open","sticky":false,"template":"","format":"standard","meta":{"_exactmetrics_skip_tracking":false,"_exactmetrics_sitenote_active":false,"_exactmetrics_sitenote_note":"","_exactmetrics_sitenote_category":0,"_lmt_disableupdate":"","_lmt_disable":"","footnotes":""},"categories":[362,527,4],"tags":[309,30,396],"class_list":["post-4300","post","type-post","status-publish","format-standard","has-post-thumbnail","hentry","category-belgie","category-brusel","category-cestovani","tag-belgie","tag-brusel","tag-zivot-v-belgii"],"yoast_head":"<!-- This site is optimized with the Yoast SEO plugin v26.1.1 - https:\/\/yoast.com\/wordpress\/plugins\/seo\/ -->\n<title>V\u00edkend belgick\u00e9ho piva v Bruselu - 1001 Voyages Gourmands<\/title>\n<meta name=\"description\" content=\"Kdy jindy ochutnat nem\u00e1lo z produkce belgick\u00fdch pivovar\u016f ne\u017e b\u011bhem akce V\u00edkend belgick\u00e9ho piva v Bruselu, kter\u00e1 se tu kon\u00e1 ka\u017ed\u00fdm rokem na za\u010d\u00e1tku z\u00e1\u0159\u00ed.\" \/>\n<meta name=\"robots\" content=\"index, follow, max-snippet:-1, max-image-preview:large, max-video-preview:-1\" \/>\n<link rel=\"canonical\" href=\"https:\/\/1001voyagesgourmands.com\/cs\/vikend-belgickeho-piva-v-bruselu\/\" \/>\n<meta property=\"og:locale\" content=\"cs_CZ\" \/>\n<meta property=\"og:type\" content=\"article\" \/>\n<meta property=\"og:title\" content=\"V\u00edkend belgick\u00e9ho piva v Bruselu - 1001 Voyages Gourmands\" \/>\n<meta property=\"og:description\" content=\"Kdy jindy ochutnat nem\u00e1lo z produkce belgick\u00fdch pivovar\u016f ne\u017e b\u011bhem akce V\u00edkend belgick\u00e9ho piva v Bruselu, kter\u00e1 se tu kon\u00e1 ka\u017ed\u00fdm rokem na za\u010d\u00e1tku z\u00e1\u0159\u00ed.\" \/>\n<meta property=\"og:url\" content=\"https:\/\/1001voyagesgourmands.com\/cs\/vikend-belgickeho-piva-v-bruselu\/\" \/>\n<meta property=\"og:site_name\" content=\"1001 Voyages Gourmands\" \/>\n<meta property=\"article:publisher\" content=\"https:\/\/www.facebook.com\/1001voyagesgourmands\" \/>\n<meta property=\"article:published_time\" content=\"2015-09-06T17:46:34+00:00\" \/>\n<meta property=\"article:modified_time\" content=\"2020-12-02T11:37:22+00:00\" \/>\n<meta property=\"og:image\" content=\"https:\/\/1001voyagesgourmands.com\/wp-content\/uploads\/2015\/09\/20150906_142643.jpg\" \/>\n\t<meta property=\"og:image:width\" content=\"4128\" \/>\n\t<meta property=\"og:image:height\" content=\"2322\" \/>\n\t<meta property=\"og:image:type\" content=\"image\/jpeg\" \/>\n<meta name=\"author\" content=\"Michaela\" \/>\n<meta name=\"twitter:card\" content=\"summary_large_image\" \/>\n<meta name=\"twitter:creator\" content=\"@michaela_1001vg\" \/>\n<meta name=\"twitter:site\" content=\"@michaela_1001vg\" \/>\n<meta name=\"twitter:label1\" content=\"Napsal(a)\" \/>\n\t<meta name=\"twitter:data1\" content=\"Michaela\" \/>\n\t<meta name=\"twitter:label2\" content=\"Odhadovan\u00e1 doba \u010dten\u00ed\" \/>\n\t<meta name=\"twitter:data2\" content=\"2 minuty\" \/>\n<script type=\"application\/ld+json\" class=\"yoast-schema-graph\">{\"@context\":\"https:\/\/schema.org\",\"@graph\":[{\"@type\":\"WebPage\",\"@id\":\"https:\/\/1001voyagesgourmands.com\/cs\/vikend-belgickeho-piva-v-bruselu\/\",\"url\":\"https:\/\/1001voyagesgourmands.com\/cs\/vikend-belgickeho-piva-v-bruselu\/\",\"name\":\"V\u00edkend belgick\u00e9ho piva v Bruselu - 1001 Voyages Gourmands\",\"isPartOf\":{\"@id\":\"https:\/\/1001voyagesgourmands.com\/cs\/#website\"},\"primaryImageOfPage\":{\"@id\":\"https:\/\/1001voyagesgourmands.com\/cs\/vikend-belgickeho-piva-v-bruselu\/#primaryimage\"},\"image\":{\"@id\":\"https:\/\/1001voyagesgourmands.com\/cs\/vikend-belgickeho-piva-v-bruselu\/#primaryimage\"},\"thumbnailUrl\":\"https:\/\/1001voyagesgourmands.com\/wp-content\/uploads\/2015\/09\/20150906_142643.jpg\",\"datePublished\":\"2015-09-06T17:46:34+00:00\",\"dateModified\":\"2020-12-02T11:37:22+00:00\",\"author\":{\"@id\":\"https:\/\/1001voyagesgourmands.com\/cs\/#\/schema\/person\/62e0e7238fcf7482b23bf83e1b72ff1b\"},\"description\":\"Kdy jindy ochutnat nem\u00e1lo z produkce belgick\u00fdch pivovar\u016f ne\u017e b\u011bhem akce V\u00edkend belgick\u00e9ho piva v Bruselu, kter\u00e1 se tu kon\u00e1 ka\u017ed\u00fdm rokem na za\u010d\u00e1tku z\u00e1\u0159\u00ed.\",\"breadcrumb\":{\"@id\":\"https:\/\/1001voyagesgourmands.com\/cs\/vikend-belgickeho-piva-v-bruselu\/#breadcrumb\"},\"inLanguage\":\"cs\",\"potentialAction\":[{\"@type\":\"ReadAction\",\"target\":[\"https:\/\/1001voyagesgourmands.com\/cs\/vikend-belgickeho-piva-v-bruselu\/\"]}]},{\"@type\":\"ImageObject\",\"inLanguage\":\"cs\",\"@id\":\"https:\/\/1001voyagesgourmands.com\/cs\/vikend-belgickeho-piva-v-bruselu\/#primaryimage\",\"url\":\"https:\/\/1001voyagesgourmands.com\/wp-content\/uploads\/2015\/09\/20150906_142643.jpg\",\"contentUrl\":\"https:\/\/1001voyagesgourmands.com\/wp-content\/uploads\/2015\/09\/20150906_142643.jpg\",\"width\":4128,\"height\":2322,\"caption\":\"V\u00edkend belgick\u00e9ho piva v Bruselu\"},{\"@type\":\"BreadcrumbList\",\"@id\":\"https:\/\/1001voyagesgourmands.com\/cs\/vikend-belgickeho-piva-v-bruselu\/#breadcrumb\",\"itemListElement\":[{\"@type\":\"ListItem\",\"position\":1,\"name\":\"Dom\u016f\",\"item\":\"https:\/\/1001voyagesgourmands.com\/cs\/\"},{\"@type\":\"ListItem\",\"position\":2,\"name\":\"V\u00edkend belgick\u00e9ho piva v Bruselu\"}]},{\"@type\":\"WebSite\",\"@id\":\"https:\/\/1001voyagesgourmands.com\/cs\/#website\",\"url\":\"https:\/\/1001voyagesgourmands.com\/cs\/\",\"name\":\"1001 Voyages Gourmands\",\"description\":\"Food | Travel | Photography\",\"potentialAction\":[{\"@type\":\"SearchAction\",\"target\":{\"@type\":\"EntryPoint\",\"urlTemplate\":\"https:\/\/1001voyagesgourmands.com\/cs\/?s={search_term_string}\"},\"query-input\":{\"@type\":\"PropertyValueSpecification\",\"valueRequired\":true,\"valueName\":\"search_term_string\"}}],\"inLanguage\":\"cs\"},{\"@type\":\"Person\",\"@id\":\"https:\/\/1001voyagesgourmands.com\/cs\/#\/schema\/person\/62e0e7238fcf7482b23bf83e1b72ff1b\",\"name\":\"Michaela\",\"image\":{\"@type\":\"ImageObject\",\"inLanguage\":\"cs\",\"@id\":\"https:\/\/1001voyagesgourmands.com\/cs\/#\/schema\/person\/image\/\",\"url\":\"https:\/\/secure.gravatar.com\/avatar\/73fa562a5b0ce269ca480f67de504b8ecac054a121d170e226f1b79e02024cb8?s=96&d=mm&r=g\",\"contentUrl\":\"https:\/\/secure.gravatar.com\/avatar\/73fa562a5b0ce269ca480f67de504b8ecac054a121d170e226f1b79e02024cb8?s=96&d=mm&r=g\",\"caption\":\"Michaela\"},\"sameAs\":[\"http:\/\/1001voyagesgourmands.com\"]}]}<\/script>\n<!-- \/ Yoast SEO plugin. -->","yoast_head_json":{"title":"V\u00edkend belgick\u00e9ho piva v Bruselu - 1001 Voyages Gourmands","description":"Kdy jindy ochutnat nem\u00e1lo z produkce belgick\u00fdch pivovar\u016f ne\u017e b\u011bhem akce V\u00edkend belgick\u00e9ho piva v Bruselu, kter\u00e1 se tu kon\u00e1 ka\u017ed\u00fdm rokem na za\u010d\u00e1tku z\u00e1\u0159\u00ed.","robots":{"index":"index","follow":"follow","max-snippet":"max-snippet:-1","max-image-preview":"max-image-preview:large","max-video-preview":"max-video-preview:-1"},"canonical":"https:\/\/1001voyagesgourmands.com\/cs\/vikend-belgickeho-piva-v-bruselu\/","og_locale":"cs_CZ","og_type":"article","og_title":"V\u00edkend belgick\u00e9ho piva v Bruselu - 1001 Voyages Gourmands","og_description":"Kdy jindy ochutnat nem\u00e1lo z produkce belgick\u00fdch pivovar\u016f ne\u017e b\u011bhem akce V\u00edkend belgick\u00e9ho piva v Bruselu, kter\u00e1 se tu kon\u00e1 ka\u017ed\u00fdm rokem na za\u010d\u00e1tku z\u00e1\u0159\u00ed.","og_url":"https:\/\/1001voyagesgourmands.com\/cs\/vikend-belgickeho-piva-v-bruselu\/","og_site_name":"1001 Voyages Gourmands","article_publisher":"https:\/\/www.facebook.com\/1001voyagesgourmands","article_published_time":"2015-09-06T17:46:34+00:00","article_modified_time":"2020-12-02T11:37:22+00:00","og_image":[{"width":4128,"height":2322,"url":"https:\/\/1001voyagesgourmands.com\/wp-content\/uploads\/2015\/09\/20150906_142643.jpg","type":"image\/jpeg"}],"author":"Michaela","twitter_card":"summary_large_image","twitter_creator":"@michaela_1001vg","twitter_site":"@michaela_1001vg","twitter_misc":{"Napsal(a)":"Michaela","Odhadovan\u00e1 doba \u010dten\u00ed":"2 minuty"},"schema":{"@context":"https:\/\/schema.org","@graph":[{"@type":"WebPage","@id":"https:\/\/1001voyagesgourmands.com\/cs\/vikend-belgickeho-piva-v-bruselu\/","url":"https:\/\/1001voyagesgourmands.com\/cs\/vikend-belgickeho-piva-v-bruselu\/","name":"V\u00edkend belgick\u00e9ho piva v Bruselu - 1001 Voyages Gourmands","isPartOf":{"@id":"https:\/\/1001voyagesgourmands.com\/cs\/#website"},"primaryImageOfPage":{"@id":"https:\/\/1001voyagesgourmands.com\/cs\/vikend-belgickeho-piva-v-bruselu\/#primaryimage"},"image":{"@id":"https:\/\/1001voyagesgourmands.com\/cs\/vikend-belgickeho-piva-v-bruselu\/#primaryimage"},"thumbnailUrl":"https:\/\/1001voyagesgourmands.com\/wp-content\/uploads\/2015\/09\/20150906_142643.jpg","datePublished":"2015-09-06T17:46:34+00:00","dateModified":"2020-12-02T11:37:22+00:00","author":{"@id":"https:\/\/1001voyagesgourmands.com\/cs\/#\/schema\/person\/62e0e7238fcf7482b23bf83e1b72ff1b"},"description":"Kdy jindy ochutnat nem\u00e1lo z produkce belgick\u00fdch pivovar\u016f ne\u017e b\u011bhem akce V\u00edkend belgick\u00e9ho piva v Bruselu, kter\u00e1 se tu kon\u00e1 ka\u017ed\u00fdm rokem na za\u010d\u00e1tku z\u00e1\u0159\u00ed.","breadcrumb":{"@id":"https:\/\/1001voyagesgourmands.com\/cs\/vikend-belgickeho-piva-v-bruselu\/#breadcrumb"},"inLanguage":"cs","potentialAction":[{"@type":"ReadAction","target":["https:\/\/1001voyagesgourmands.com\/cs\/vikend-belgickeho-piva-v-bruselu\/"]}]},{"@type":"ImageObject","inLanguage":"cs","@id":"https:\/\/1001voyagesgourmands.com\/cs\/vikend-belgickeho-piva-v-bruselu\/#primaryimage","url":"https:\/\/1001voyagesgourmands.com\/wp-content\/uploads\/2015\/09\/20150906_142643.jpg","contentUrl":"https:\/\/1001voyagesgourmands.com\/wp-content\/uploads\/2015\/09\/20150906_142643.jpg","width":4128,"height":2322,"caption":"V\u00edkend belgick\u00e9ho piva v Bruselu"},{"@type":"BreadcrumbList","@id":"https:\/\/1001voyagesgourmands.com\/cs\/vikend-belgickeho-piva-v-bruselu\/#breadcrumb","itemListElement":[{"@type":"ListItem","position":1,"name":"Dom\u016f","item":"https:\/\/1001voyagesgourmands.com\/cs\/"},{"@type":"ListItem","position":2,"name":"V\u00edkend belgick\u00e9ho piva v Bruselu"}]},{"@type":"WebSite","@id":"https:\/\/1001voyagesgourmands.com\/cs\/#website","url":"https:\/\/1001voyagesgourmands.com\/cs\/","name":"1001 Voyages Gourmands","description":"Food | Travel | Photography","potentialAction":[{"@type":"SearchAction","target":{"@type":"EntryPoint","urlTemplate":"https:\/\/1001voyagesgourmands.com\/cs\/?s={search_term_string}"},"query-input":{"@type":"PropertyValueSpecification","valueRequired":true,"valueName":"search_term_string"}}],"inLanguage":"cs"},{"@type":"Person","@id":"https:\/\/1001voyagesgourmands.com\/cs\/#\/schema\/person\/62e0e7238fcf7482b23bf83e1b72ff1b","name":"Michaela","image":{"@type":"ImageObject","inLanguage":"cs","@id":"https:\/\/1001voyagesgourmands.com\/cs\/#\/schema\/person\/image\/","url":"https:\/\/secure.gravatar.com\/avatar\/73fa562a5b0ce269ca480f67de504b8ecac054a121d170e226f1b79e02024cb8?s=96&d=mm&r=g","contentUrl":"https:\/\/secure.gravatar.com\/avatar\/73fa562a5b0ce269ca480f67de504b8ecac054a121d170e226f1b79e02024cb8?s=96&d=mm&r=g","caption":"Michaela"},"sameAs":["http:\/\/1001voyagesgourmands.com"]}]}},"_links":{"self":[{"href":"https:\/\/1001voyagesgourmands.com\/cs\/wp-json\/wp\/v2\/posts\/4300","targetHints":{"allow":["GET"]}}],"collection":[{"href":"https:\/\/1001voyagesgourmands.com\/cs\/wp-json\/wp\/v2\/posts"}],"about":[{"href":"https:\/\/1001voyagesgourmands.com\/cs\/wp-json\/wp\/v2\/types\/post"}],"author":[{"embeddable":true,"href":"https:\/\/1001voyagesgourmands.com\/cs\/wp-json\/wp\/v2\/users\/1"}],"replies":[{"embeddable":true,"href":"https:\/\/1001voyagesgourmands.com\/cs\/wp-json\/wp\/v2\/comments?post=4300"}],"version-history":[{"count":1,"href":"https:\/\/1001voyagesgourmands.com\/cs\/wp-json\/wp\/v2\/posts\/4300\/revisions"}],"predecessor-version":[{"id":28181,"href":"https:\/\/1001voyagesgourmands.com\/cs\/wp-json\/wp\/v2\/posts\/4300\/revisions\/28181"}],"wp:featuredmedia":[{"embeddable":true,"href":"https:\/\/1001voyagesgourmands.com\/cs\/wp-json\/wp\/v2\/media\/4331"}],"wp:attachment":[{"href":"https:\/\/1001voyagesgourmands.com\/cs\/wp-json\/wp\/v2\/media?parent=4300"}],"wp:term":[{"taxonomy":"category","embeddable":true,"href":"https:\/\/1001voyagesgourmands.com\/cs\/wp-json\/wp\/v2\/categories?post=4300"},{"taxonomy":"post_tag","embeddable":true,"href":"https:\/\/1001voyagesgourmands.com\/cs\/wp-json\/wp\/v2\/tags?post=4300"}],"curies":[{"name":"wp","href":"https:\/\/api.w.org\/{rel}","templated":true}]}}