{"id":4172,"date":"2015-08-27T20:21:01","date_gmt":"2015-08-27T18:21:01","guid":{"rendered":"http:\/\/1001voyagesgourmands.com\/?p=4172"},"modified":"2016-08-24T23:39:55","modified_gmt":"2016-08-24T21:39:55","slug":"francouzsky-tian-s-letni-zeleninou","status":"publish","type":"post","link":"https:\/\/1001voyagesgourmands.com\/cs\/francouzsky-tian-s-letni-zeleninou\/","title":{"rendered":"Francouzsk\u00fd tian s letn\u00ed zeleninou"},"content":{"rendered":"<p style=\"text-align: justify;\">N\u011bkdy je fajn b\u00fdt doma z pr\u00e1zdnin, co\u017e si pr\u00e1v\u011b te\u010f uv\u011bdomuji. Jsem r\u00e1da doma, zp\u011bt v kuchyni, kde mohu zkou\u0161et ingredience a m\u00edstn\u00ed produkty, kter\u00e9 jsem si dovezla. A tak\u00e9 experimentovat s recepty, kter\u00e9 jsem si vytipovala b\u011bhem v\u00e1len\u00ed na pl\u00e1\u017ei v m\u00fdch obl\u00edben\u00fdch&nbsp;francouzsk\u00fdch magaz\u00ednech o j\u00eddle. Jedn\u00edm takov\u00fdm je i tenhle francouzsk\u00fd letn\u00ed tian s letn\u00ed zeleninou, co\u017e jsou vlastn\u011b zape\u010den\u00e9 pl\u00e1tky lilku, cukety a raj\u010dat, posypan\u00e9 hrubou \u010desnekovou sol\u00ed, strouhankou a tymi\u00e1nem.<\/p>\n<p style=\"text-align: justify;\"><a href=\"http:\/\/1001voyagesgourmands.com\/2015\/08\/27\/francouzsky-tian-s-letni-zeleninou\/dsc_0499\/#main\"><img loading=\"lazy\" decoding=\"async\" class=\"aligncenter wp-image-4195 \" src=\"http:\/\/1001voyagesgourmands.com\/wp-content\/uploads\/2015\/08\/DSC_04991-1024x678.jpg\" alt=\"Francouzsk\u00fd tian s letn\u00ed zeleninou\" width=\"1025\" height=\"678\" srcset=\"https:\/\/1001voyagesgourmands.com\/wp-content\/uploads\/2015\/08\/DSC_04991-1024x678.jpg 1024w, https:\/\/1001voyagesgourmands.com\/wp-content\/uploads\/2015\/08\/DSC_04991-800x530.jpg 800w, https:\/\/1001voyagesgourmands.com\/wp-content\/uploads\/2015\/08\/DSC_04991-300x199.jpg 300w, https:\/\/1001voyagesgourmands.com\/wp-content\/uploads\/2015\/08\/DSC_04991-768x509.jpg 768w, https:\/\/1001voyagesgourmands.com\/wp-content\/uploads\/2015\/08\/DSC_04991-1170x775.jpg 1170w, https:\/\/1001voyagesgourmands.com\/wp-content\/uploads\/2015\/08\/DSC_04991-780x516.jpg 780w, https:\/\/1001voyagesgourmands.com\/wp-content\/uploads\/2015\/08\/DSC_04991-1920x1272.jpg 1920w, https:\/\/1001voyagesgourmands.com\/wp-content\/uploads\/2015\/08\/DSC_04991-585x388.jpg 585w, https:\/\/1001voyagesgourmands.com\/wp-content\/uploads\/2015\/08\/DSC_04991-263x175.jpg 263w, https:\/\/1001voyagesgourmands.com\/wp-content\/uploads\/2015\/08\/DSC_04991.jpg 2000w\" sizes=\"auto, (max-width: 1025px) 100vw, 1025px\" \/><\/a><\/p>\n<p style=\"text-align: justify;\">Jak v\u00edte (vy, co m\u011b sledujete na Instagramu), tento t\u00fdden jsem se vr\u00e1tila z ji\u017en\u00ed Francie, kde jsme si p\u0159es t\u00fdden u\u017e\u00edvali chutnou zeleninou vyprodukovanou v oblasti Languedoc Rousillon a Provence. Doslova uj\u00ed\u017ed\u00edm na t\u011bch raj\u010datech, co jsme&nbsp;si tam dop\u0159\u00e1vali, tak\u017ee po na\u0161\u00ed cest\u011b zp\u011bt jsem si n\u011bjak\u00e9 nakoupila s sebou (ano, budete si myslet, \u017ee jsem bu\u010f bl\u00e1zen, nebo \u017ee v Belgii se n\u00e1m asi nedost\u00e1v\u00e1 pestr\u00e9 stravy&nbsp;&#8211; oboj\u00ed je tak trochu pravda). Zamilovala jsem se do jejich v\u016fn\u011b, chuti a barvy uvnit\u0159 (nen\u00ed to takov\u00e1 ta vodov\u00e1 napumpovan\u00e1 de\u0161\u0165ov\u00e1 n\u00e1pl\u0148 jako z raj\u010dat vyp\u011bstovan\u00fdch ve &#8222;slunn\u00e9&#8220; Belgii).&nbsp;<\/p>\n<p style=\"text-align: justify;\">Tak\u00e9 jsem si p\u0159ivezla suven\u00fdr do kuchyn\u011b v podob\u011b soli z Camargue (Camargue je n\u00e1rodn\u00ed park s divokou p\u0159\u00edrodou v ji\u017en\u00ed Francii, le\u017e\u00edc\u00ed&nbsp;mezi Rhonou a St\u0159edomo\u0159\u00edm, a velk\u00e1 \u010d\u00e1st jeho povrchu je pokryta slanou vodou). S\u016fl odsud je toti\u017e pova\u017eov\u00e1na za jednu z nejlep\u0161\u00edch sol\u00ed na sv\u011bt\u011b. M\u00e1m fleur du sel, kter\u00e1 je v\u00fdborn\u00e1 na stoln\u00ed dochucov\u00e1n\u00ed, hrubou s\u016fl s provens\u00e1lsk\u00fdmi bylinkami a pak \u010desnekovou hrubou s\u016fl. Nemohla jsem se do\u010dkat, a\u017e je vyzkou\u0161\u00edm a pro tento tian jsem zvolila \u010desnekovou.<\/p>\n<p style=\"text-align: justify;\"><img loading=\"lazy\" decoding=\"async\" class=\"aligncenter wp-image-4197\" src=\"http:\/\/1001voyagesgourmands.com\/wp-content\/uploads\/2015\/08\/DSC_0472-1024x678.jpg\" alt=\"s\u016fl z Camargue\" width=\"1044\" height=\"691\" srcset=\"https:\/\/1001voyagesgourmands.com\/wp-content\/uploads\/2015\/08\/DSC_0472-1024x678.jpg 1024w, https:\/\/1001voyagesgourmands.com\/wp-content\/uploads\/2015\/08\/DSC_0472-800x530.jpg 800w, https:\/\/1001voyagesgourmands.com\/wp-content\/uploads\/2015\/08\/DSC_0472-300x199.jpg 300w, https:\/\/1001voyagesgourmands.com\/wp-content\/uploads\/2015\/08\/DSC_0472-768x509.jpg 768w, https:\/\/1001voyagesgourmands.com\/wp-content\/uploads\/2015\/08\/DSC_0472-1170x775.jpg 1170w, https:\/\/1001voyagesgourmands.com\/wp-content\/uploads\/2015\/08\/DSC_0472-780x516.jpg 780w, https:\/\/1001voyagesgourmands.com\/wp-content\/uploads\/2015\/08\/DSC_0472-1920x1272.jpg 1920w, https:\/\/1001voyagesgourmands.com\/wp-content\/uploads\/2015\/08\/DSC_0472-585x387.jpg 585w, https:\/\/1001voyagesgourmands.com\/wp-content\/uploads\/2015\/08\/DSC_0472-263x175.jpg 263w\" sizes=\"auto, (max-width: 1044px) 100vw, 1044px\" \/><\/p>\n<p style=\"text-align: justify;\">Tenhle zeleninov\u00fd tian nen\u00ed nic slo\u017eit\u00e9ho, jen budete pot\u0159ebovat v\u00edce \u010dasu ne\u017e na rychlou ve\u010de\u0159i &#8211; n\u011bjakou necelou p\u016flhodinku na p\u0159\u00edpravu zeleniny a pak se p\u016fl hodiny zap\u00e9k\u00e1. A v\u00fdsledek? Vynikaj\u00edc\u00ed! Dokonce m\u016fj maso\u017erav\u00fd p\u0159\u00edtel mi sd\u011blil, \u017ee to m\u016f\u017eu d\u011blat bez omezen\u00ed, kdy budu cht\u00edt, a to u n\u011bj n\u011bco znamen\u00e1! \ud83d\ude42<\/p>\n<p style=\"text-align: justify;\"><img loading=\"lazy\" decoding=\"async\" class=\"aligncenter wp-image-4191\" src=\"http:\/\/1001voyagesgourmands.com\/wp-content\/uploads\/2015\/08\/DSC_04871-1024x678.jpg\" alt=\"Francouzsk\u00fd tian s letn\u00ed zeleninou\" width=\"1094\" height=\"724\" srcset=\"https:\/\/1001voyagesgourmands.com\/wp-content\/uploads\/2015\/08\/DSC_04871-1024x678.jpg 1024w, https:\/\/1001voyagesgourmands.com\/wp-content\/uploads\/2015\/08\/DSC_04871-800x530.jpg 800w, https:\/\/1001voyagesgourmands.com\/wp-content\/uploads\/2015\/08\/DSC_04871-300x199.jpg 300w, https:\/\/1001voyagesgourmands.com\/wp-content\/uploads\/2015\/08\/DSC_04871-768x509.jpg 768w, https:\/\/1001voyagesgourmands.com\/wp-content\/uploads\/2015\/08\/DSC_04871-1170x775.jpg 1170w, https:\/\/1001voyagesgourmands.com\/wp-content\/uploads\/2015\/08\/DSC_04871-780x516.jpg 780w, https:\/\/1001voyagesgourmands.com\/wp-content\/uploads\/2015\/08\/DSC_04871-1920x1272.jpg 1920w, https:\/\/1001voyagesgourmands.com\/wp-content\/uploads\/2015\/08\/DSC_04871-585x388.jpg 585w, https:\/\/1001voyagesgourmands.com\/wp-content\/uploads\/2015\/08\/DSC_04871-263x175.jpg 263w, https:\/\/1001voyagesgourmands.com\/wp-content\/uploads\/2015\/08\/DSC_04871.jpg 2000w\" sizes=\"auto, (max-width: 1094px) 100vw, 1094px\" \/><\/p>\n<p style=\"text-align: justify;\">A co vy, kde jste byli na pr\u00e1zdnin\u00e1ch a co jste si p\u0159ivezli dobr\u00e9ho? Sem s inspirac\u00ed pro m\u011b na p\u0159\u00ed\u0161t\u00ed pr\u00e1zdniny, pros\u00edm! \ud83d\ude42<\/p>\n<p>    <div class=\"blog-yumprint-recipe blog-yumprint-standard   blog-yumprint-numbered-methods \" yumprintrecipe=\"sLjx\" itemscope itemtype=\"http:\/\/schema.org\/Recipe\">    <img decoding=\"async\" class=\"blog-yumprint-google-image\" src=\"http:\/\/1001voyagesgourmands.com\/wp-content\/uploads\/2015\/08\/DSC_04871-1024x678.jpg\" style=\"display:block;position:absolute;left:-10000px;top:-10000px;\" itemprop=\"image\" \/>\t\t<div class=\"blog-yumprint-photo-top\" style=\"background-image: url(http:\/\/1001voyagesgourmands.com\/wp-content\/uploads\/2015\/08\/DSC_04871-1024x678.jpg)\"><\/div>\t<div class=\"blog-yumprint-recipe-title\" itemprop=\"name\">FRANCOUZSK\u00dd TIAN S LETN\u00cd ZELENINOU<\/div>\t<div class=\"blog-yumprint-recipe-published\" itemprop=\"datePublished\">2015-08-27 22:18:18<\/div>\t\t<img decoding=\"async\" class=\"blog-yumprint-photo-top-large\" src=\"http:\/\/1001voyagesgourmands.com\/wp-content\/uploads\/2015\/08\/DSC_04871-1024x678.jpg\" \/>    <div class=\"blog-yumprint-serves\">Porc\u00ed 4<\/div>\t<div class=\"blog-yumprint-header\">\t\t<div class='blog-yumprint-stars-reviews' itemprop=\"aggregateRating\" itemscope itemtype=\"http:\/\/schema.org\/AggregateRating\" color=\"#D6D2D3\" highlightcolor=\"#b0acad\" emptycolor=\"#D6D2D3\" rating=\"0\" count=\"0\">\r\n\t\t\t<div class='blog-yumprint-star-wrapper'>\r\n\t\t\t\t<div class='blog-yumprint-star-container'><\/div>\r\n\t\t\t\t<meta itemprop=\"ratingValue\" content=\"0\" \/>\r\n\t\t\t\t<meta itemprop=\"bestRating\" content=\"4\" \/>\r\n\t\t\t\t<div class=\"blog-yumprint-review-count\" itemprop=\"reviewCount\" content=\"0\"><\/div>\r\n\t\t\t<\/div>\r\n\t\t\t<div class='blog-yumprint-write-review'>Ohodno\u0165te<\/div>\r\n\t\t<\/div>\t\t<div class=\"blog-yumprint-save blog-yumprint-action\"><a href=\"http:\/\/yumprint.com\/app\/object\/sLjx\">Ulo\u017eit recept<\/a><\/div>\t\t<div class=\"blog-yumprint-print blog-yumprint-action\">Vytisknout<\/div>\t<\/div>\t<div class=\"blog-yumprint-spacer\"><\/div>\t<div class=\"blog-yumprint-info-bar\">\t\t<div class=\"blog-yumprint-infobar-section\">\r\n\t\t\t<div class=\"blog-yumprint-infobar-section-title\">Doba p\u0159\u00edpravy<\/div>\r\n\t\t\t<div class=\"blog-yumprint-infobar-section-data\" itemprop=\"prepTime\" datetime=\"PT25M\">25 min <span class=\"value-title\" title=\"PT25M\"><\/span><\/div>\r\n\t\t<\/div>\t\t<div class=\"blog-yumprint-infobar-section\">\r\n\t\t\t<div class=\"blog-yumprint-infobar-section-title\">Doba va\u0159en\u00ed<\/div>\r\n\t\t\t<div class=\"blog-yumprint-infobar-section-data\" itemprop=\"cookTime\" datetime=\"PT30M\">30 min <span class=\"value-title\" title=\"PT30M\"><\/span><\/div>\r\n\t\t<\/div>\t\t<div class=\"blog-yumprint-infobar-section\">\r\n\t\t\t<div class=\"blog-yumprint-infobar-section-title\">Celkov\u00e1 doba<\/div>\r\n\t\t\t<div class=\"blog-yumprint-infobar-section-data\" itemprop=\"totalTime\" datetime=\"PT55M\">55 min <span class=\"value-title\" title=\"PT55M\"><\/span><\/div>\r\n\t\t<\/div>\t<\/div>\t<div class=\"blog-yumprint-recipe-contents\">\t\t<div class=\"blog-yumprint-photo-middle\" style=\"background-image: url(http:\/\/1001voyagesgourmands.com\/wp-content\/uploads\/2015\/08\/DSC_04871-1024x678.jpg)\"><\/div>\t\t<div class=\"blog-yumprint-info-box\">\t\t<div class=\"blog-yumprint-infobox-section\">\r\n\t\t\t<div class=\"blog-yumprint-infobox-section-title\">Doba p\u0159\u00edpravy<\/div>\r\n\t\t\t<div class=\"duration blog-yumprint-infobox-section-data\" itemprop=\"prepTime\" dateTime=\"PT25M\">25 min <span class=\"value-title\" title=\"PT25M\"><\/span><\/div>\r\n\t\t<\/div>\t\t<div class=\"blog-yumprint-infobox-section\">\r\n\t\t\t<div class=\"blog-yumprint-infobox-section-title\">Doba va\u0159en\u00ed<\/div>\r\n\t\t\t<div class=\"duration blog-yumprint-infobox-section-data\" itemprop=\"cookTime\" dateTime=\"PT30M\">30 min <span class=\"value-title\" title=\"PT30M\"><\/span><\/div>\r\n\t\t<\/div>\t\t<div class=\"blog-yumprint-infobox-section\">\r\n\t\t\t<div class=\"blog-yumprint-infobox-section-title\">Celkov\u00e1 doba<\/div>\r\n\t\t\t<div class=\"duration blog-yumprint-infobox-section-data\" itemprop=\"totalTime\" datetime=\"PT55M\">55 min <span class=\"value-title\" title=\"PT55M\"><\/span><\/div>\r\n\t\t<\/div>\t<\/div>\t\t<div class=\"blog-yumprint-ingredient-section\" yumprintsection=\"0\">                <div class=\"blog-yumprint-subheader\">Suroviny<\/div>\t\t\t<ol class='blog-yumprint-ingredients'>\t\t\t\t<li class=\"blog-yumprint-ingredient-item\" yumprintitem=\"0\" itemprop=\"ingredients\">2 velk\u00e1 raj\u010data<\/li>\t\t\t\t<li class=\"blog-yumprint-ingredient-item\" yumprintitem=\"1\" itemprop=\"ingredients\">1 lilek<\/li>\t\t\t\t<li class=\"blog-yumprint-ingredient-item\" yumprintitem=\"2\" itemprop=\"ingredients\">1 cuketa<\/li>\t\t\t\t<li class=\"blog-yumprint-ingredient-item\" yumprintitem=\"3\" itemprop=\"ingredients\">olivov\u00fd olej<\/li>\t\t\t\t<li class=\"blog-yumprint-ingredient-item\" yumprintitem=\"4\" itemprop=\"ingredients\">hrub\u00e1 \u010desnekov\u00e1 s\u016fl<\/li>\t\t\t\t<li class=\"blog-yumprint-ingredient-item\" yumprintitem=\"5\" itemprop=\"ingredients\">\u010derstv\u00fd tymi\u00e1n<\/li>\t\t\t\t<li class=\"blog-yumprint-ingredient-item\" yumprintitem=\"6\" itemprop=\"ingredients\">2 pl\u00e1tky celozrnn\u00e9ho toastov\u00e9ho chleba<\/li>\t\t\t<\/ol>\r\n\t\t<\/div>\t\t<div class=\"blog-yumprint-method-section\" yumprintsection=\"1\">\t\t\t<div class=\"blog-yumprint-subheader\">Postup p\u0159\u00edpravy<\/div>\t\t\t<ol class=\"blog-yumprint-methods\" itemprop=\"recipeInstructions\">\t\t\t\t<li class=\"blog-yumprint-method-item\" yumprintitem=\"0\">P\u0159edeh\u0159ejeme troubu na 180\u00b0C.<\/li>\t\t\t\t<li class=\"blog-yumprint-method-item\" yumprintitem=\"1\">Toastov\u00fd chl\u00e9b rozmixujeme na drobe\u010dky.<\/li>\t\t\t\t<li class=\"blog-yumprint-method-item\" yumprintitem=\"2\">Omyjeme raj\u010data, rozp\u016fl\u00edme je a nakr\u00e1j\u00edme je na tenk\u00e9 pl\u00e1tky.<\/li>\t\t\t\t<li class=\"blog-yumprint-method-item\" yumprintitem=\"3\">Omyjeme lilek a rozkroj\u00edme ho pod\u00e9ln\u011b. Ob\u011b p\u016flky nakr\u00e1j\u00edme na tenk\u00e9 pl\u00e1tky. Ve v\u011bt\u0161\u00ed p\u00e1nvi rozeh\u0159ejeme olivov\u00fd olej a osmahneme na n\u011bm kr\u00e1tce pl\u00e1tky lilku (cca 3 min.). P\u0159end\u00e1me je na tal\u00ed\u0159 a nech\u00e1me trochu vychladnout.<\/li>\t\t\t\t<li class=\"blog-yumprint-method-item\" yumprintitem=\"4\">Omyjeme i cuketu a nakr\u00e1j\u00edme ji na tenk\u00e9 pl\u00e1tky. Stejn\u011b jako pl\u00e1tky lilku, osmahneme i cuketu a odlo\u017e\u00edme stranou.<\/li>\t\t\t\t<li class=\"blog-yumprint-method-item\" yumprintitem=\"5\">Vyma\u017eeme zap\u00e9kac\u00ed m\u00edsu trochou oleje a postupn\u011b do n\u00ed naskl\u00e1d\u00e1me pl\u00e1tky zeleniny - st\u0159\u00eddav\u011b, v\u017edy \u0159adu lilku, \u0159adu cukety a \u0159adu raj\u010dat a opakujeme, dokud se m\u00edsa nezapln\u00ed.<\/li>\t\t\t\t<li class=\"blog-yumprint-method-item\" yumprintitem=\"6\">Posypeme hrubou \u010desnekovou sol\u00ed a l\u00edstky \u010derstv\u00e9ho tymi\u00e1nu, nakonec posypeme chlebov\u00fdmi drobe\u010dky.<\/li>\t\t\t\t<li class=\"blog-yumprint-method-item\" yumprintitem=\"7\">Pe\u010deme cca 30 minut ve vyh\u0159\u00e1t\u00e9 troub\u011b.<\/li>\t\t\t<\/ol>\r\n\t\t<\/div>    <div class=\"blog-yumprint-adapted\">\r\n    Adaptov\u00e1no z    magaz\u00edn 750g, \u010d\u00edslo 12    <\/div>        <div class=\"blog-yumprint-adapted-print\">\r\n        Adaptov\u00e1no z magaz\u00edn 750g, \u010d\u00edslo 12\r\n        <\/div>    <div class=\"blog-yumprint-recipe-source\">1001 Voyages Gourmands https:\/\/1001voyagesgourmands.com\/<\/div>\t\t<\/div>\r\n\t<\/div><img loading=\"lazy\" decoding=\"async\" class=\"aligncenter wp-image-4193\" src=\"http:\/\/1001voyagesgourmands.com\/wp-content\/uploads\/2015\/08\/DSC_0487a1-709x1024.jpg\" alt=\"Francouzsk\u00fd tian s letn\u00ed zeleninou\" width=\"978\" height=\"1413\" srcset=\"https:\/\/1001voyagesgourmands.com\/wp-content\/uploads\/2015\/08\/DSC_0487a1-709x1024.jpg 709w, https:\/\/1001voyagesgourmands.com\/wp-content\/uploads\/2015\/08\/DSC_0487a1-208x300.jpg 208w, https:\/\/1001voyagesgourmands.com\/wp-content\/uploads\/2015\/08\/DSC_0487a1-768x1109.jpg 768w, https:\/\/1001voyagesgourmands.com\/wp-content\/uploads\/2015\/08\/DSC_0487a1-1170x1690.jpg 1170w, https:\/\/1001voyagesgourmands.com\/wp-content\/uploads\/2015\/08\/DSC_0487a1-585x845.jpg 585w, https:\/\/1001voyagesgourmands.com\/wp-content\/uploads\/2015\/08\/DSC_0487a1.jpg 1385w\" sizes=\"auto, (max-width: 978px) 100vw, 978px\" \/><\/p>\n<p>&nbsp;<\/p>\n","protected":false},"excerpt":{"rendered":"<p>N\u011bkdy je fajn b\u00fdt doma z pr\u00e1zdnin, co\u017e si pr\u00e1v\u011b te\u010f uv\u011bdomuji. Jsem r\u00e1da doma, zp\u011bt v kuchyni, kde mohu zkou\u0161et ingredience a m\u00edstn\u00ed produkty, kter\u00e9 jsem si dovezla. A tak\u00e9 experimentovat s recepty, kter\u00e9 jsem si vytipovala b\u011bhem v\u00e1len\u00ed na pl\u00e1\u017ei v m\u00fdch obl\u00edben\u00fdch&nbsp;francouzsk\u00fdch magaz\u00ednech o j\u00eddle. Jedn\u00edm takov\u00fdm&hellip;<\/p>\n","protected":false},"author":1,"featured_media":4191,"comment_status":"open","ping_status":"open","sticky":false,"template":"","format":"standard","meta":{"_exactmetrics_skip_tracking":false,"_exactmetrics_sitenote_active":false,"_exactmetrics_sitenote_note":"","_exactmetrics_sitenote_category":0,"_lmt_disableupdate":"","_lmt_disable":"","footnotes":""},"categories":[8,12],"tags":[245,274,143,273,272],"class_list":["post-4172","post","type-post","status-publish","format-standard","has-post-thumbnail","hentry","category-hlavni-jidla","category-recepty","tag-cuketa","tag-francouzska-kuchyne","tag-lilek","tag-rajcata","tag-zelenina"],"yoast_head":"<!-- This site is optimized with the Yoast SEO plugin v26.1.1 - https:\/\/yoast.com\/wordpress\/plugins\/seo\/ -->\n<title>Francouzsk\u00fd tian s letn\u00ed zeleninou - 1001 Voyages Gourmands<\/title>\n<meta name=\"description\" content=\"francouzsk\u00fd letn\u00ed tian s letn\u00ed zeleninou, co\u017e jsou vlastn\u011b zape\u010den\u00e9 pl\u00e1tky lilku, cukety a raj\u010dat, posypan\u00e9 hrubou \u010desnekovou sol\u00ed, strouhankou a tymi\u00e1nem.\" \/>\n<meta name=\"robots\" content=\"index, follow, max-snippet:-1, max-image-preview:large, max-video-preview:-1\" \/>\n<link rel=\"canonical\" href=\"https:\/\/1001voyagesgourmands.com\/cs\/francouzsky-tian-s-letni-zeleninou\/\" \/>\n<meta property=\"og:locale\" content=\"cs_CZ\" \/>\n<meta property=\"og:type\" content=\"article\" \/>\n<meta property=\"og:title\" content=\"Francouzsk\u00fd tian s letn\u00ed zeleninou - 1001 Voyages Gourmands\" \/>\n<meta property=\"og:description\" content=\"francouzsk\u00fd letn\u00ed tian s letn\u00ed zeleninou, co\u017e jsou vlastn\u011b zape\u010den\u00e9 pl\u00e1tky lilku, cukety a raj\u010dat, posypan\u00e9 hrubou \u010desnekovou sol\u00ed, strouhankou a tymi\u00e1nem.\" \/>\n<meta property=\"og:url\" content=\"https:\/\/1001voyagesgourmands.com\/cs\/francouzsky-tian-s-letni-zeleninou\/\" \/>\n<meta property=\"og:site_name\" content=\"1001 Voyages Gourmands\" \/>\n<meta property=\"article:publisher\" content=\"https:\/\/www.facebook.com\/1001voyagesgourmands\" \/>\n<meta property=\"article:published_time\" content=\"2015-08-27T18:21:01+00:00\" \/>\n<meta property=\"article:modified_time\" content=\"2016-08-24T21:39:55+00:00\" \/>\n<meta property=\"og:image\" content=\"https:\/\/1001voyagesgourmands.com\/wp-content\/uploads\/2015\/08\/DSC_04871.jpg\" \/>\n\t<meta property=\"og:image:width\" content=\"2000\" \/>\n\t<meta property=\"og:image:height\" content=\"1325\" \/>\n\t<meta property=\"og:image:type\" content=\"image\/jpeg\" \/>\n<meta name=\"author\" content=\"Michaela\" \/>\n<meta name=\"twitter:card\" content=\"summary_large_image\" \/>\n<meta name=\"twitter:creator\" content=\"@michaela_1001vg\" \/>\n<meta name=\"twitter:site\" content=\"@michaela_1001vg\" \/>\n<meta name=\"twitter:label1\" content=\"Napsal(a)\" \/>\n\t<meta name=\"twitter:data1\" content=\"Michaela\" \/>\n\t<meta name=\"twitter:label2\" content=\"Odhadovan\u00e1 doba \u010dten\u00ed\" \/>\n\t<meta name=\"twitter:data2\" content=\"2 minuty\" \/>\n<script type=\"application\/ld+json\" class=\"yoast-schema-graph\">{\"@context\":\"https:\/\/schema.org\",\"@graph\":[{\"@type\":\"WebPage\",\"@id\":\"https:\/\/1001voyagesgourmands.com\/cs\/francouzsky-tian-s-letni-zeleninou\/\",\"url\":\"https:\/\/1001voyagesgourmands.com\/cs\/francouzsky-tian-s-letni-zeleninou\/\",\"name\":\"Francouzsk\u00fd tian s letn\u00ed zeleninou - 1001 Voyages Gourmands\",\"isPartOf\":{\"@id\":\"https:\/\/1001voyagesgourmands.com\/cs\/#website\"},\"primaryImageOfPage\":{\"@id\":\"https:\/\/1001voyagesgourmands.com\/cs\/francouzsky-tian-s-letni-zeleninou\/#primaryimage\"},\"image\":{\"@id\":\"https:\/\/1001voyagesgourmands.com\/cs\/francouzsky-tian-s-letni-zeleninou\/#primaryimage\"},\"thumbnailUrl\":\"https:\/\/1001voyagesgourmands.com\/wp-content\/uploads\/2015\/08\/DSC_04871.jpg\",\"datePublished\":\"2015-08-27T18:21:01+00:00\",\"dateModified\":\"2016-08-24T21:39:55+00:00\",\"author\":{\"@id\":\"https:\/\/1001voyagesgourmands.com\/cs\/#\/schema\/person\/62e0e7238fcf7482b23bf83e1b72ff1b\"},\"description\":\"francouzsk\u00fd letn\u00ed tian s letn\u00ed zeleninou, co\u017e jsou vlastn\u011b zape\u010den\u00e9 pl\u00e1tky lilku, cukety a raj\u010dat, posypan\u00e9 hrubou \u010desnekovou sol\u00ed, strouhankou a tymi\u00e1nem.\",\"breadcrumb\":{\"@id\":\"https:\/\/1001voyagesgourmands.com\/cs\/francouzsky-tian-s-letni-zeleninou\/#breadcrumb\"},\"inLanguage\":\"cs\",\"potentialAction\":[{\"@type\":\"ReadAction\",\"target\":[\"https:\/\/1001voyagesgourmands.com\/cs\/francouzsky-tian-s-letni-zeleninou\/\"]}]},{\"@type\":\"ImageObject\",\"inLanguage\":\"cs\",\"@id\":\"https:\/\/1001voyagesgourmands.com\/cs\/francouzsky-tian-s-letni-zeleninou\/#primaryimage\",\"url\":\"https:\/\/1001voyagesgourmands.com\/wp-content\/uploads\/2015\/08\/DSC_04871.jpg\",\"contentUrl\":\"https:\/\/1001voyagesgourmands.com\/wp-content\/uploads\/2015\/08\/DSC_04871.jpg\",\"width\":2000,\"height\":1325,\"caption\":\"Francouzsk\u00fd tian s letn\u00ed zeleninou\"},{\"@type\":\"BreadcrumbList\",\"@id\":\"https:\/\/1001voyagesgourmands.com\/cs\/francouzsky-tian-s-letni-zeleninou\/#breadcrumb\",\"itemListElement\":[{\"@type\":\"ListItem\",\"position\":1,\"name\":\"Dom\u016f\",\"item\":\"https:\/\/1001voyagesgourmands.com\/cs\/\"},{\"@type\":\"ListItem\",\"position\":2,\"name\":\"Francouzsk\u00fd tian s letn\u00ed zeleninou\"}]},{\"@type\":\"WebSite\",\"@id\":\"https:\/\/1001voyagesgourmands.com\/cs\/#website\",\"url\":\"https:\/\/1001voyagesgourmands.com\/cs\/\",\"name\":\"1001 Voyages Gourmands\",\"description\":\"Food | Travel | Photography\",\"potentialAction\":[{\"@type\":\"SearchAction\",\"target\":{\"@type\":\"EntryPoint\",\"urlTemplate\":\"https:\/\/1001voyagesgourmands.com\/cs\/?s={search_term_string}\"},\"query-input\":{\"@type\":\"PropertyValueSpecification\",\"valueRequired\":true,\"valueName\":\"search_term_string\"}}],\"inLanguage\":\"cs\"},{\"@type\":\"Person\",\"@id\":\"https:\/\/1001voyagesgourmands.com\/cs\/#\/schema\/person\/62e0e7238fcf7482b23bf83e1b72ff1b\",\"name\":\"Michaela\",\"image\":{\"@type\":\"ImageObject\",\"inLanguage\":\"cs\",\"@id\":\"https:\/\/1001voyagesgourmands.com\/cs\/#\/schema\/person\/image\/\",\"url\":\"https:\/\/secure.gravatar.com\/avatar\/73fa562a5b0ce269ca480f67de504b8ecac054a121d170e226f1b79e02024cb8?s=96&d=mm&r=g\",\"contentUrl\":\"https:\/\/secure.gravatar.com\/avatar\/73fa562a5b0ce269ca480f67de504b8ecac054a121d170e226f1b79e02024cb8?s=96&d=mm&r=g\",\"caption\":\"Michaela\"},\"sameAs\":[\"http:\/\/1001voyagesgourmands.com\"]}]}<\/script>\n<!-- \/ Yoast SEO plugin. -->","yoast_head_json":{"title":"Francouzsk\u00fd tian s letn\u00ed zeleninou - 1001 Voyages Gourmands","description":"francouzsk\u00fd letn\u00ed tian s letn\u00ed zeleninou, co\u017e jsou vlastn\u011b zape\u010den\u00e9 pl\u00e1tky lilku, cukety a raj\u010dat, posypan\u00e9 hrubou \u010desnekovou sol\u00ed, strouhankou a tymi\u00e1nem.","robots":{"index":"index","follow":"follow","max-snippet":"max-snippet:-1","max-image-preview":"max-image-preview:large","max-video-preview":"max-video-preview:-1"},"canonical":"https:\/\/1001voyagesgourmands.com\/cs\/francouzsky-tian-s-letni-zeleninou\/","og_locale":"cs_CZ","og_type":"article","og_title":"Francouzsk\u00fd tian s letn\u00ed zeleninou - 1001 Voyages Gourmands","og_description":"francouzsk\u00fd letn\u00ed tian s letn\u00ed zeleninou, co\u017e jsou vlastn\u011b zape\u010den\u00e9 pl\u00e1tky lilku, cukety a raj\u010dat, posypan\u00e9 hrubou \u010desnekovou sol\u00ed, strouhankou a tymi\u00e1nem.","og_url":"https:\/\/1001voyagesgourmands.com\/cs\/francouzsky-tian-s-letni-zeleninou\/","og_site_name":"1001 Voyages Gourmands","article_publisher":"https:\/\/www.facebook.com\/1001voyagesgourmands","article_published_time":"2015-08-27T18:21:01+00:00","article_modified_time":"2016-08-24T21:39:55+00:00","og_image":[{"width":2000,"height":1325,"url":"https:\/\/1001voyagesgourmands.com\/wp-content\/uploads\/2015\/08\/DSC_04871.jpg","type":"image\/jpeg"}],"author":"Michaela","twitter_card":"summary_large_image","twitter_creator":"@michaela_1001vg","twitter_site":"@michaela_1001vg","twitter_misc":{"Napsal(a)":"Michaela","Odhadovan\u00e1 doba \u010dten\u00ed":"2 minuty"},"schema":{"@context":"https:\/\/schema.org","@graph":[{"@type":"WebPage","@id":"https:\/\/1001voyagesgourmands.com\/cs\/francouzsky-tian-s-letni-zeleninou\/","url":"https:\/\/1001voyagesgourmands.com\/cs\/francouzsky-tian-s-letni-zeleninou\/","name":"Francouzsk\u00fd tian s letn\u00ed zeleninou - 1001 Voyages Gourmands","isPartOf":{"@id":"https:\/\/1001voyagesgourmands.com\/cs\/#website"},"primaryImageOfPage":{"@id":"https:\/\/1001voyagesgourmands.com\/cs\/francouzsky-tian-s-letni-zeleninou\/#primaryimage"},"image":{"@id":"https:\/\/1001voyagesgourmands.com\/cs\/francouzsky-tian-s-letni-zeleninou\/#primaryimage"},"thumbnailUrl":"https:\/\/1001voyagesgourmands.com\/wp-content\/uploads\/2015\/08\/DSC_04871.jpg","datePublished":"2015-08-27T18:21:01+00:00","dateModified":"2016-08-24T21:39:55+00:00","author":{"@id":"https:\/\/1001voyagesgourmands.com\/cs\/#\/schema\/person\/62e0e7238fcf7482b23bf83e1b72ff1b"},"description":"francouzsk\u00fd letn\u00ed tian s letn\u00ed zeleninou, co\u017e jsou vlastn\u011b zape\u010den\u00e9 pl\u00e1tky lilku, cukety a raj\u010dat, posypan\u00e9 hrubou \u010desnekovou sol\u00ed, strouhankou a tymi\u00e1nem.","breadcrumb":{"@id":"https:\/\/1001voyagesgourmands.com\/cs\/francouzsky-tian-s-letni-zeleninou\/#breadcrumb"},"inLanguage":"cs","potentialAction":[{"@type":"ReadAction","target":["https:\/\/1001voyagesgourmands.com\/cs\/francouzsky-tian-s-letni-zeleninou\/"]}]},{"@type":"ImageObject","inLanguage":"cs","@id":"https:\/\/1001voyagesgourmands.com\/cs\/francouzsky-tian-s-letni-zeleninou\/#primaryimage","url":"https:\/\/1001voyagesgourmands.com\/wp-content\/uploads\/2015\/08\/DSC_04871.jpg","contentUrl":"https:\/\/1001voyagesgourmands.com\/wp-content\/uploads\/2015\/08\/DSC_04871.jpg","width":2000,"height":1325,"caption":"Francouzsk\u00fd tian s letn\u00ed zeleninou"},{"@type":"BreadcrumbList","@id":"https:\/\/1001voyagesgourmands.com\/cs\/francouzsky-tian-s-letni-zeleninou\/#breadcrumb","itemListElement":[{"@type":"ListItem","position":1,"name":"Dom\u016f","item":"https:\/\/1001voyagesgourmands.com\/cs\/"},{"@type":"ListItem","position":2,"name":"Francouzsk\u00fd tian s letn\u00ed zeleninou"}]},{"@type":"WebSite","@id":"https:\/\/1001voyagesgourmands.com\/cs\/#website","url":"https:\/\/1001voyagesgourmands.com\/cs\/","name":"1001 Voyages Gourmands","description":"Food | Travel | Photography","potentialAction":[{"@type":"SearchAction","target":{"@type":"EntryPoint","urlTemplate":"https:\/\/1001voyagesgourmands.com\/cs\/?s={search_term_string}"},"query-input":{"@type":"PropertyValueSpecification","valueRequired":true,"valueName":"search_term_string"}}],"inLanguage":"cs"},{"@type":"Person","@id":"https:\/\/1001voyagesgourmands.com\/cs\/#\/schema\/person\/62e0e7238fcf7482b23bf83e1b72ff1b","name":"Michaela","image":{"@type":"ImageObject","inLanguage":"cs","@id":"https:\/\/1001voyagesgourmands.com\/cs\/#\/schema\/person\/image\/","url":"https:\/\/secure.gravatar.com\/avatar\/73fa562a5b0ce269ca480f67de504b8ecac054a121d170e226f1b79e02024cb8?s=96&d=mm&r=g","contentUrl":"https:\/\/secure.gravatar.com\/avatar\/73fa562a5b0ce269ca480f67de504b8ecac054a121d170e226f1b79e02024cb8?s=96&d=mm&r=g","caption":"Michaela"},"sameAs":["http:\/\/1001voyagesgourmands.com"]}]}},"_links":{"self":[{"href":"https:\/\/1001voyagesgourmands.com\/cs\/wp-json\/wp\/v2\/posts\/4172","targetHints":{"allow":["GET"]}}],"collection":[{"href":"https:\/\/1001voyagesgourmands.com\/cs\/wp-json\/wp\/v2\/posts"}],"about":[{"href":"https:\/\/1001voyagesgourmands.com\/cs\/wp-json\/wp\/v2\/types\/post"}],"author":[{"embeddable":true,"href":"https:\/\/1001voyagesgourmands.com\/cs\/wp-json\/wp\/v2\/users\/1"}],"replies":[{"embeddable":true,"href":"https:\/\/1001voyagesgourmands.com\/cs\/wp-json\/wp\/v2\/comments?post=4172"}],"version-history":[{"count":0,"href":"https:\/\/1001voyagesgourmands.com\/cs\/wp-json\/wp\/v2\/posts\/4172\/revisions"}],"wp:featuredmedia":[{"embeddable":true,"href":"https:\/\/1001voyagesgourmands.com\/cs\/wp-json\/wp\/v2\/media\/4191"}],"wp:attachment":[{"href":"https:\/\/1001voyagesgourmands.com\/cs\/wp-json\/wp\/v2\/media?parent=4172"}],"wp:term":[{"taxonomy":"category","embeddable":true,"href":"https:\/\/1001voyagesgourmands.com\/cs\/wp-json\/wp\/v2\/categories?post=4172"},{"taxonomy":"post_tag","embeddable":true,"href":"https:\/\/1001voyagesgourmands.com\/cs\/wp-json\/wp\/v2\/tags?post=4172"}],"curies":[{"name":"wp","href":"https:\/\/api.w.org\/{rel}","templated":true}]}}