{"id":3968,"date":"2015-08-23T18:03:06","date_gmt":"2015-08-23T16:03:06","guid":{"rendered":"http:\/\/1001voyagesgourmands.com\/?p=3968"},"modified":"2017-02-02T21:56:30","modified_gmt":"2017-02-02T20:56:30","slug":"champagne-cote-des-blancs","status":"publish","type":"post","link":"https:\/\/1001voyagesgourmands.com\/cs\/champagne-cote-des-blancs\/","title":{"rendered":"V\u00fdlet do Champagne &#8211; C\u00f4te des Blancs a m\u011bsto \u00c9pernay"},"content":{"rendered":"<p style=\"text-align: justify;\">Champagne jsem nav\u0161t\u00edvila ji\u017e dvakr\u00e1t. Poprv\u00e9 jsme s kamar\u00e1dkou projely nejji\u017en\u011bj\u0161\u00ed \u010d\u00e1st Champagne<strong> <a href=\"http:\/\/1001voyagesgourmands.com\/2015\/07\/27\/champagne-cote-des-bar\/\" target=\"_blank\">C\u00f4te des Bars<\/a>&nbsp;<\/strong>v z\u00e1\u0159\u00ed 2014 a letos v \u010dervenci jsme podnikli druh\u00fd v\u00fdlet do Champagne, tentokr\u00e1t do oblasti C\u00f4te des Blancs. Sestra tu byla na n\u00e1v\u0161t\u011bv\u011b v Belgii, a tak jsme ji &nbsp;s m\u00fdm Belgi\u010danem vyt\u00e1hli na francouzsk\u00fd venkov. Nakonec se z n\u00ed stal tak\u00e9 milovn\u00edk \u0161ampa\u0148sk\u00e9ho. \ud83d\ude42 V\u0161em se n\u00e1m tam dost l\u00edbilo (jako v\u017edy ve Francii) a tady je v\u00fdtah toho, co jsme stihli nav\u0161t\u00edvit, ochutnat a dozv\u011bd\u011bt se.&nbsp;<\/p>\n<p style=\"text-align: justify;\"><img loading=\"lazy\" decoding=\"async\" class=\"aligncenter size-large wp-image-15029\" src=\"http:\/\/1001voyagesgourmands.com\/wp-content\/uploads\/2015\/08\/Champagne_Cote_des_blancs_Epernay-5-1024x678.jpg\" alt=\"O tom, jak\u00fd byl n\u00e1\u0161 v\u00fdlet do Champagne - tentokr\u00e1t do oblasti C\u00f4te des Blancs s n\u00e1v\u0161t\u011bvou m\u011bsta \u00c9pernay a za zkroucen\u00fdmi stromy do Faux de Verzy.\" width=\"1024\" height=\"678\" srcset=\"https:\/\/1001voyagesgourmands.com\/wp-content\/uploads\/2015\/08\/Champagne_Cote_des_blancs_Epernay-5-1024x678.jpg 1024w, https:\/\/1001voyagesgourmands.com\/wp-content\/uploads\/2015\/08\/Champagne_Cote_des_blancs_Epernay-5-263x175.jpg 263w, https:\/\/1001voyagesgourmands.com\/wp-content\/uploads\/2015\/08\/Champagne_Cote_des_blancs_Epernay-5-800x530.jpg 800w, https:\/\/1001voyagesgourmands.com\/wp-content\/uploads\/2015\/08\/Champagne_Cote_des_blancs_Epernay-5-300x199.jpg 300w, https:\/\/1001voyagesgourmands.com\/wp-content\/uploads\/2015\/08\/Champagne_Cote_des_blancs_Epernay-5-768x509.jpg 768w, https:\/\/1001voyagesgourmands.com\/wp-content\/uploads\/2015\/08\/Champagne_Cote_des_blancs_Epernay-5-1170x775.jpg 1170w, https:\/\/1001voyagesgourmands.com\/wp-content\/uploads\/2015\/08\/Champagne_Cote_des_blancs_Epernay-5-780x516.jpg 780w, https:\/\/1001voyagesgourmands.com\/wp-content\/uploads\/2015\/08\/Champagne_Cote_des_blancs_Epernay-5-585x388.jpg 585w, https:\/\/1001voyagesgourmands.com\/wp-content\/uploads\/2015\/08\/Champagne_Cote_des_blancs_Epernay-5.jpg 1600w\" sizes=\"auto, (max-width: 1024px) 100vw, 1024px\" \/><\/p>\n<p style=\"text-align: justify;\">&nbsp;<\/p>\n<h3 style=\"text-align: justify;\">Champagne &#8211;&nbsp;C\u00f4te des Blancs<\/h3>\n<p style=\"text-align: justify;\">C\u00f4te des Blancs je p\u00e1s dlouh\u00fd&nbsp;p\u0159ibli\u017en\u011b 20 km le\u017e\u00edc\u00ed&nbsp;ji\u017en\u011b od&nbsp;\u00c9pernay, jeho\u017e rozloha vinic \u010d\u00edt\u00e1 3,313 hektar\u016f.&nbsp;Jak bylo ji\u017e zm\u00edn\u011bno v obecn\u00e9m \u010dl\u00e1nku o tom, co byste m\u011bli v\u011bd\u011bt, ne\u017e podniknete v\u00fdlet do Champagne,&nbsp;na C\u00f4te des Blancs si p\u0159ijdou na sv\u00e9 p\u0159edev\u0161\u00edm milovn\u00edci Chardonnay: <strong>95% zdej\u0161\u00ed produkce tvo\u0159\u00ed hrozny<\/strong> <strong>Chardonnay<\/strong> &#8211; jedin\u00e9 b\u00edl\u00e9 hrozny u\u017eit\u00e9 p\u0159i v\u00fdrob\u011b \u0161ampa\u0148sk\u00e9ho. \u0160ampa\u0148sk\u00e9 zde vyprodukovan\u00e9 nese n\u00e1zev <strong>&#8222;blancs des blancs&#8220;<\/strong> a jedn\u00e1 se o \u017eiv\u00e1 a elegantn\u00ed v\u00edna s lehk\u00fdm a delik\u00e1tn\u00edm aroma.<\/p>\n<p style=\"text-align: justify;\"><strong>\u010c\u00edst d\u00e1le: <a href=\"http:\/\/1001voyagesgourmands.com\/2015\/07\/25\/co-vedet-nez-se-vydate-do-champagne\/\">Co v\u011bd\u011bt, ne\u017e se vyd\u00e1te do Champagne<\/a><\/strong><\/p>\n<p style=\"text-align: justify;\"><img loading=\"lazy\" decoding=\"async\" class=\"aligncenter size-large wp-image-15037\" src=\"http:\/\/1001voyagesgourmands.com\/wp-content\/uploads\/2015\/08\/Champagne_Cote_des_blancs_Epernay-11-1024x678.jpg\" alt=\"O tom, jak\u00fd byl n\u00e1\u0161 v\u00fdlet do Champagne - tentokr\u00e1t do oblasti C\u00f4te des Blancs s n\u00e1v\u0161t\u011bvou m\u011bsta \u00c9pernay a za zkroucen\u00fdmi stromy do Faux de Verzy.\" width=\"1024\" height=\"678\" srcset=\"https:\/\/1001voyagesgourmands.com\/wp-content\/uploads\/2015\/08\/Champagne_Cote_des_blancs_Epernay-11-1024x678.jpg 1024w, https:\/\/1001voyagesgourmands.com\/wp-content\/uploads\/2015\/08\/Champagne_Cote_des_blancs_Epernay-11-263x175.jpg 263w, https:\/\/1001voyagesgourmands.com\/wp-content\/uploads\/2015\/08\/Champagne_Cote_des_blancs_Epernay-11-800x530.jpg 800w, https:\/\/1001voyagesgourmands.com\/wp-content\/uploads\/2015\/08\/Champagne_Cote_des_blancs_Epernay-11-300x199.jpg 300w, https:\/\/1001voyagesgourmands.com\/wp-content\/uploads\/2015\/08\/Champagne_Cote_des_blancs_Epernay-11-768x509.jpg 768w, https:\/\/1001voyagesgourmands.com\/wp-content\/uploads\/2015\/08\/Champagne_Cote_des_blancs_Epernay-11-1170x775.jpg 1170w, https:\/\/1001voyagesgourmands.com\/wp-content\/uploads\/2015\/08\/Champagne_Cote_des_blancs_Epernay-11-780x516.jpg 780w, https:\/\/1001voyagesgourmands.com\/wp-content\/uploads\/2015\/08\/Champagne_Cote_des_blancs_Epernay-11-585x388.jpg 585w, https:\/\/1001voyagesgourmands.com\/wp-content\/uploads\/2015\/08\/Champagne_Cote_des_blancs_Epernay-11.jpg 1600w\" sizes=\"auto, (max-width: 1024px) 100vw, 1024px\" \/><img loading=\"lazy\" decoding=\"async\" class=\"aligncenter wp-image-15027\" src=\"http:\/\/1001voyagesgourmands.com\/wp-content\/uploads\/2015\/08\/Champagne_Cote_des_blancs_Epernay-4-678x1024.jpg\" alt=\"O tom, jak\u00fd byl n\u00e1\u0161 v\u00fdlet do Champagne - tentokr\u00e1t do oblasti C\u00f4te des Blancs s n\u00e1v\u0161t\u011bvou m\u011bsta \u00c9pernay a za zkroucen\u00fdmi stromy do Faux de Verzy.\" width=\"803\" height=\"1213\" srcset=\"https:\/\/1001voyagesgourmands.com\/wp-content\/uploads\/2015\/08\/Champagne_Cote_des_blancs_Epernay-4-678x1024.jpg 678w, https:\/\/1001voyagesgourmands.com\/wp-content\/uploads\/2015\/08\/Champagne_Cote_des_blancs_Epernay-4-199x300.jpg 199w, https:\/\/1001voyagesgourmands.com\/wp-content\/uploads\/2015\/08\/Champagne_Cote_des_blancs_Epernay-4-768x1160.jpg 768w, https:\/\/1001voyagesgourmands.com\/wp-content\/uploads\/2015\/08\/Champagne_Cote_des_blancs_Epernay-4-1170x1767.jpg 1170w, https:\/\/1001voyagesgourmands.com\/wp-content\/uploads\/2015\/08\/Champagne_Cote_des_blancs_Epernay-4-585x883.jpg 585w, https:\/\/1001voyagesgourmands.com\/wp-content\/uploads\/2015\/08\/Champagne_Cote_des_blancs_Epernay-4.jpg 1600w\" sizes=\"auto, (max-width: 803px) 100vw, 803px\" \/><img loading=\"lazy\" decoding=\"async\" class=\"aligncenter size-large wp-image-15035\" src=\"http:\/\/1001voyagesgourmands.com\/wp-content\/uploads\/2015\/08\/Champagne_Cote_des_blancs_Epernay-10-1024x678.jpg\" alt=\"O tom, jak\u00fd byl n\u00e1\u0161 v\u00fdlet do Champagne - tentokr\u00e1t do oblasti C\u00f4te des Blancs s n\u00e1v\u0161t\u011bvou m\u011bsta \u00c9pernay a za zkroucen\u00fdmi stromy do Faux de Verzy.\" width=\"1024\" height=\"678\" srcset=\"https:\/\/1001voyagesgourmands.com\/wp-content\/uploads\/2015\/08\/Champagne_Cote_des_blancs_Epernay-10-1024x678.jpg 1024w, https:\/\/1001voyagesgourmands.com\/wp-content\/uploads\/2015\/08\/Champagne_Cote_des_blancs_Epernay-10-263x175.jpg 263w, https:\/\/1001voyagesgourmands.com\/wp-content\/uploads\/2015\/08\/Champagne_Cote_des_blancs_Epernay-10-800x530.jpg 800w, https:\/\/1001voyagesgourmands.com\/wp-content\/uploads\/2015\/08\/Champagne_Cote_des_blancs_Epernay-10-300x199.jpg 300w, https:\/\/1001voyagesgourmands.com\/wp-content\/uploads\/2015\/08\/Champagne_Cote_des_blancs_Epernay-10-768x509.jpg 768w, https:\/\/1001voyagesgourmands.com\/wp-content\/uploads\/2015\/08\/Champagne_Cote_des_blancs_Epernay-10-1170x775.jpg 1170w, https:\/\/1001voyagesgourmands.com\/wp-content\/uploads\/2015\/08\/Champagne_Cote_des_blancs_Epernay-10-780x516.jpg 780w, https:\/\/1001voyagesgourmands.com\/wp-content\/uploads\/2015\/08\/Champagne_Cote_des_blancs_Epernay-10-585x388.jpg 585w, https:\/\/1001voyagesgourmands.com\/wp-content\/uploads\/2015\/08\/Champagne_Cote_des_blancs_Epernay-10.jpg 1600w\" sizes=\"auto, (max-width: 1024px) 100vw, 1024px\" \/><\/p>\n<p style=\"text-align: justify;\">Ubytov\u00e1n\u00ed jsme m\u011bli zaji\u0161t\u011bn\u00e9 na farm\u011b <strong><a href=\"http:\/\/www.chambresdhotes.org\/english\/Detailed\/77504.html\" target=\"_blank\">Les Chambres de Muguette<\/a><\/strong> v Bannay. Je to staven\u00ed&nbsp;ze 17. stolet\u00ed, jeho\u017e pokoje jsou vybaven\u00e9 v \u0161armantn\u00edm venkovsk\u00e9m stylu. K dispozici je i zahr\u00e1dka&nbsp;pln\u00e1 kv\u011btin. Pan\u00ed dom\u00e1c\u00ed je velice mil\u00e1 a pohostinn\u00e1. Sn\u00eddan\u011b se konala u dlouh\u00e9ho stolu spolu s ostatn\u00edmi hosty a bylo tu plno dobrot na v\u00fdb\u011br.<\/p>\n<p><img loading=\"lazy\" decoding=\"async\" class=\"aligncenter size-large wp-image-14969\" src=\"http:\/\/1001voyagesgourmands.com\/wp-content\/uploads\/2015\/08\/Champagne_Cote_des_blancs_Epernay-23-1024x678.jpg\" alt=\"O tom, jak\u00fd byl n\u00e1\u0161 v\u00fdlet do Champagne - tentokr\u00e1t do oblasti C\u00f4te des Blancs s n\u00e1v\u0161t\u011bvou m\u011bsta \u00c9pernay a za zkroucen\u00fdmi stromy do Faux de Verzy.\" width=\"1024\" height=\"678\" srcset=\"https:\/\/1001voyagesgourmands.com\/wp-content\/uploads\/2015\/08\/Champagne_Cote_des_blancs_Epernay-23-1024x678.jpg 1024w, https:\/\/1001voyagesgourmands.com\/wp-content\/uploads\/2015\/08\/Champagne_Cote_des_blancs_Epernay-23-263x175.jpg 263w, https:\/\/1001voyagesgourmands.com\/wp-content\/uploads\/2015\/08\/Champagne_Cote_des_blancs_Epernay-23-800x530.jpg 800w, https:\/\/1001voyagesgourmands.com\/wp-content\/uploads\/2015\/08\/Champagne_Cote_des_blancs_Epernay-23-300x199.jpg 300w, https:\/\/1001voyagesgourmands.com\/wp-content\/uploads\/2015\/08\/Champagne_Cote_des_blancs_Epernay-23-768x509.jpg 768w, https:\/\/1001voyagesgourmands.com\/wp-content\/uploads\/2015\/08\/Champagne_Cote_des_blancs_Epernay-23-1170x775.jpg 1170w, https:\/\/1001voyagesgourmands.com\/wp-content\/uploads\/2015\/08\/Champagne_Cote_des_blancs_Epernay-23-780x516.jpg 780w, https:\/\/1001voyagesgourmands.com\/wp-content\/uploads\/2015\/08\/Champagne_Cote_des_blancs_Epernay-23-585x388.jpg 585w, https:\/\/1001voyagesgourmands.com\/wp-content\/uploads\/2015\/08\/Champagne_Cote_des_blancs_Epernay-23.jpg 1600w\" sizes=\"auto, (max-width: 1024px) 100vw, 1024px\" \/><img loading=\"lazy\" decoding=\"async\" class=\"aligncenter size-large wp-image-14967\" src=\"http:\/\/1001voyagesgourmands.com\/wp-content\/uploads\/2015\/08\/Champagne_Cote_des_blancs_Epernay-22-1024x678.jpg\" alt=\"O tom, jak\u00fd byl n\u00e1\u0161 v\u00fdlet do Champagne - tentokr\u00e1t do oblasti C\u00f4te des Blancs s n\u00e1v\u0161t\u011bvou m\u011bsta \u00c9pernay a za zkroucen\u00fdmi stromy do Faux de Verzy.\" width=\"1024\" height=\"678\" srcset=\"https:\/\/1001voyagesgourmands.com\/wp-content\/uploads\/2015\/08\/Champagne_Cote_des_blancs_Epernay-22-1024x678.jpg 1024w, https:\/\/1001voyagesgourmands.com\/wp-content\/uploads\/2015\/08\/Champagne_Cote_des_blancs_Epernay-22-263x175.jpg 263w, https:\/\/1001voyagesgourmands.com\/wp-content\/uploads\/2015\/08\/Champagne_Cote_des_blancs_Epernay-22-800x530.jpg 800w, https:\/\/1001voyagesgourmands.com\/wp-content\/uploads\/2015\/08\/Champagne_Cote_des_blancs_Epernay-22-300x199.jpg 300w, https:\/\/1001voyagesgourmands.com\/wp-content\/uploads\/2015\/08\/Champagne_Cote_des_blancs_Epernay-22-768x509.jpg 768w, https:\/\/1001voyagesgourmands.com\/wp-content\/uploads\/2015\/08\/Champagne_Cote_des_blancs_Epernay-22-1170x775.jpg 1170w, https:\/\/1001voyagesgourmands.com\/wp-content\/uploads\/2015\/08\/Champagne_Cote_des_blancs_Epernay-22-780x516.jpg 780w, https:\/\/1001voyagesgourmands.com\/wp-content\/uploads\/2015\/08\/Champagne_Cote_des_blancs_Epernay-22-585x388.jpg 585w, https:\/\/1001voyagesgourmands.com\/wp-content\/uploads\/2015\/08\/Champagne_Cote_des_blancs_Epernay-22.jpg 1600w\" sizes=\"auto, (max-width: 1024px) 100vw, 1024px\" \/><\/p>\n<p style=\"text-align: justify;\">Cestou z Bannay do \u00c9pernay jsme minuli osam\u011bl\u00fd rom\u00e1nsk\u00fd kostel\u00edk <strong>Saint-Martin de Chavot-Courcourt<\/strong> ze 12. stolet\u00ed, kter\u00fd dominuje m\u00edstn\u00edm vinic\u00edm. Za n\u00e1bo\u017eensk\u00fdch v\u00e1lek a pozd\u011bji za Revoluce byl po\u0161kozen, av\u0161ak pr\u016fb\u011b\u017en\u011b opravov\u00e1n. Najdete ho v \u00fadol\u00ed Cubry u vesni\u010dky Courcourt.<\/p>\n<p><img loading=\"lazy\" decoding=\"async\" class=\"aligncenter size-large wp-image-14973\" src=\"http:\/\/1001voyagesgourmands.com\/wp-content\/uploads\/2015\/08\/Champagne_Cote_des_blancs_Epernay-25-1024x678.jpg\" alt=\"O tom, jak\u00fd byl n\u00e1\u0161 v\u00fdlet do Champagne - tentokr\u00e1t do oblasti C\u00f4te des Blancs s n\u00e1v\u0161t\u011bvou m\u011bsta \u00c9pernay a za zkroucen\u00fdmi stromy do Faux de Verzy.\" width=\"1024\" height=\"678\" srcset=\"https:\/\/1001voyagesgourmands.com\/wp-content\/uploads\/2015\/08\/Champagne_Cote_des_blancs_Epernay-25-1024x678.jpg 1024w, https:\/\/1001voyagesgourmands.com\/wp-content\/uploads\/2015\/08\/Champagne_Cote_des_blancs_Epernay-25-263x175.jpg 263w, https:\/\/1001voyagesgourmands.com\/wp-content\/uploads\/2015\/08\/Champagne_Cote_des_blancs_Epernay-25-800x530.jpg 800w, https:\/\/1001voyagesgourmands.com\/wp-content\/uploads\/2015\/08\/Champagne_Cote_des_blancs_Epernay-25-300x199.jpg 300w, https:\/\/1001voyagesgourmands.com\/wp-content\/uploads\/2015\/08\/Champagne_Cote_des_blancs_Epernay-25-768x509.jpg 768w, https:\/\/1001voyagesgourmands.com\/wp-content\/uploads\/2015\/08\/Champagne_Cote_des_blancs_Epernay-25-1170x775.jpg 1170w, https:\/\/1001voyagesgourmands.com\/wp-content\/uploads\/2015\/08\/Champagne_Cote_des_blancs_Epernay-25-780x516.jpg 780w, https:\/\/1001voyagesgourmands.com\/wp-content\/uploads\/2015\/08\/Champagne_Cote_des_blancs_Epernay-25-585x388.jpg 585w, https:\/\/1001voyagesgourmands.com\/wp-content\/uploads\/2015\/08\/Champagne_Cote_des_blancs_Epernay-25.jpg 1600w\" sizes=\"auto, (max-width: 1024px) 100vw, 1024px\" \/><\/p>\n<p style=\"text-align: justify;\">Dal\u0161\u00ed zaj\u00edmavost\u00ed, kterou jsme minuli po cest\u011b a stoj\u00ed za zm\u00ednku, je m\u00edstn\u00ed producent \u0161ampa\u0148sk\u00e9ho v Berg\u00e8res-les-Vertus, pan <strong><a href=\"http:\/\/www.champagne-vallois-francois.com\/\" target=\"_blank\">Francois Vallois<\/a><\/strong>, velik\u00fd sympa\u0165\u00e1k. Jeho pr\u00e1ce je pro n\u011bj v\u00e1\u0161n\u00ed&nbsp;a um\u00ed o n\u00ed zaj\u00edmav\u011b pov\u00eddat, nav\u00edc se o vinice se star\u00e1 v r\u00e1mci respektov\u00e1n\u00ed \u017eivotn\u00edho prost\u0159ed\u00ed. Asi hodinu s n\u00e1mi sed\u011bl u stolu a pov\u00eddal si s n\u00e1mi, odpov\u00eddal na (p\u0159ev\u00e1\u017en\u011b Sebovy trefn\u00e9) ot\u00e1zky a dal n\u00e1m ochutnat v\u011bt\u0161inu sv\u00e9 produkce. Najdete u n\u011bj Brut Blanc de Blancs, Brut Tradition, Mill\u00e9sime, Extra Brut, Brut Ros\u00e9, Ros\u00e9 de Saign\u00e9e, Demi-Sec, i m\u00edstn\u00ed specialitu Ratafia (aperitif na b\u00e1zi v\u00edna). Francois m\u00e1 tak\u00e9 lahve d\u011blan\u00e9 speci\u00e1ln\u011b pro Seversk\u00fd trh, kam vyv\u00e1\u017e\u00ed. Prost\u011b chlap na sv\u00e9m m\u00edst\u011b.<\/p>\n<p><img loading=\"lazy\" decoding=\"async\" class=\"aligncenter size-large wp-image-15019\" src=\"http:\/\/1001voyagesgourmands.com\/wp-content\/uploads\/2015\/08\/Champagne_Cote_des_blancs_Epernay-1024x724.jpg\" alt=\"O tom, jak\u00fd byl n\u00e1\u0161 v\u00fdlet do Champagne - tentokr\u00e1t do oblasti C\u00f4te des Blancs s n\u00e1v\u0161t\u011bvou m\u011bsta \u00c9pernay a za zkroucen\u00fdmi stromy do Faux de Verzy.\" width=\"1024\" height=\"724\" srcset=\"https:\/\/1001voyagesgourmands.com\/wp-content\/uploads\/2015\/08\/Champagne_Cote_des_blancs_Epernay-1024x724.jpg 1024w, https:\/\/1001voyagesgourmands.com\/wp-content\/uploads\/2015\/08\/Champagne_Cote_des_blancs_Epernay-300x212.jpg 300w, https:\/\/1001voyagesgourmands.com\/wp-content\/uploads\/2015\/08\/Champagne_Cote_des_blancs_Epernay-768x543.jpg 768w, https:\/\/1001voyagesgourmands.com\/wp-content\/uploads\/2015\/08\/Champagne_Cote_des_blancs_Epernay-1170x827.jpg 1170w, https:\/\/1001voyagesgourmands.com\/wp-content\/uploads\/2015\/08\/Champagne_Cote_des_blancs_Epernay-585x413.jpg 585w, https:\/\/1001voyagesgourmands.com\/wp-content\/uploads\/2015\/08\/Champagne_Cote_des_blancs_Epernay.jpg 1500w\" sizes=\"auto, (max-width: 1024px) 100vw, 1024px\" \/><\/p>\n<p style=\"text-align: justify;\">My jsme si od n\u011bj p\u0159ivezli jeden Exta Brut, jedno ros\u00e9, p\u00e1r Brut Blanc de Blancs, a hlavn\u011b krabici v\u00fdte\u010dn\u00e9ho <strong>Cuv\u00e9e vielle vigne <\/strong>(ta r\u016f\u017eov\u00e1 lahev z horn\u00edho obr\u00e1zku)&nbsp;&#8211; 100% Chardonnay z vinic star\u00fdch 60 let, kter\u00e9 n\u00e1dhern\u011b von\u00ed po broskv\u00edch a su\u0161en\u00fdch meru\u0148k\u00e1ch. Jde o jedno z nejlep\u0161\u00edch \u0161ampa\u0148sk\u00fdch, jak\u00e9 jsem kdy pila. V\u0159ele doporu\u010duji, pokud budete m\u00edt cestu do Berg\u00e8res-les-Vertus, stavte se pro n\u011b!<\/p>\n<p style=\"text-align: justify;\">&nbsp;<\/p>\n<h3><strong>M\u011bsto \u00c9pernay<\/strong><\/h3>\n<p><img loading=\"lazy\" decoding=\"async\" class=\"aligncenter size-large wp-image-14993\" src=\"http:\/\/1001voyagesgourmands.com\/wp-content\/uploads\/2015\/08\/Champagne_Cote_des_blancs_Epernay-35-1024x709.jpg\" alt=\"O tom, jak\u00fd byl n\u00e1\u0161 v\u00fdlet do Champagne - tentokr\u00e1t do oblasti C\u00f4te des Blancs s n\u00e1v\u0161t\u011bvou m\u011bsta \u00c9pernay a za zkroucen\u00fdmi stromy do Faux de Verzy.\" width=\"1024\" height=\"709\" srcset=\"https:\/\/1001voyagesgourmands.com\/wp-content\/uploads\/2015\/08\/Champagne_Cote_des_blancs_Epernay-35-1024x709.jpg 1024w, https:\/\/1001voyagesgourmands.com\/wp-content\/uploads\/2015\/08\/Champagne_Cote_des_blancs_Epernay-35-300x208.jpg 300w, https:\/\/1001voyagesgourmands.com\/wp-content\/uploads\/2015\/08\/Champagne_Cote_des_blancs_Epernay-35-768x532.jpg 768w, https:\/\/1001voyagesgourmands.com\/wp-content\/uploads\/2015\/08\/Champagne_Cote_des_blancs_Epernay-35-1170x810.jpg 1170w, https:\/\/1001voyagesgourmands.com\/wp-content\/uploads\/2015\/08\/Champagne_Cote_des_blancs_Epernay-35-585x405.jpg 585w, https:\/\/1001voyagesgourmands.com\/wp-content\/uploads\/2015\/08\/Champagne_Cote_des_blancs_Epernay-35.jpg 1531w\" sizes=\"auto, (max-width: 1024px) 100vw, 1024px\" \/><\/p>\n<p style=\"text-align: justify;\">M\u011bsto le\u017e\u00ed v srdci Champagne a jedn\u00e1 se o hlavn\u00ed m\u011bsto a ekonomick\u00e9 centrum regionu. To bysme ale nebyly my dv\u011b se s\u00e9grou, kdyby n\u00e1m unikly m\u00edstn\u00ed dorty. N\u011bkdo se vyd\u00e1 na v\u00fdlet do Champagne za v\u00ednem, n\u011bkdo to vezme i s dezertem. \ud83d\ude42 Ne\u017e jsme si toti\u017e stihli m\u011bsto proj\u00edt, hned u m\u00edsta, kde jsme zaparkovali, jsme natrefili na par\u00e1dn\u00ed pek\u00e1rnu-cukr\u00e1rnu &#8222;<strong>Les Gourmandises d&#8217;Amaelle<\/strong>&#8222;. Asi 15 minut jsme tu se sestrou z\u00edraly na p\u0159\u00edtomn\u00e9 dorty, ne\u017e jsme si nechaly dva zabalit na pozd\u011bj\u0161\u00ed piknik v parku. Volba padla na \u010dokol\u00e1dovou polokouli pln\u011bnou p\u011bnou z \u010dokol\u00e1dy tmav\u00e9, ml\u00e9\u010dn\u00e9 i b\u00edl\u00e9 a dort\u00edk z jahodov\u00e9 p\u011bny a pist\u00e1ciov\u00e9ho t\u011bsta. Prost\u011b luxusn\u00ed, a\u017e to byla \u0161koda j\u00edst.&nbsp;<br \/>\n<img loading=\"lazy\" decoding=\"async\" class=\"aligncenter size-large wp-image-14977\" src=\"http:\/\/1001voyagesgourmands.com\/wp-content\/uploads\/2015\/08\/Champagne_Cote_des_blancs_Epernay-27-1024x720.jpg\" alt=\"O tom, jak\u00fd byl n\u00e1\u0161 v\u00fdlet do Champagne - tentokr\u00e1t do oblasti C\u00f4te des Blancs s n\u00e1v\u0161t\u011bvou m\u011bsta \u00c9pernay a za zkroucen\u00fdmi stromy do Faux de Verzy.\" width=\"1024\" height=\"720\" srcset=\"https:\/\/1001voyagesgourmands.com\/wp-content\/uploads\/2015\/08\/Champagne_Cote_des_blancs_Epernay-27-1024x720.jpg 1024w, https:\/\/1001voyagesgourmands.com\/wp-content\/uploads\/2015\/08\/Champagne_Cote_des_blancs_Epernay-27-300x211.jpg 300w, https:\/\/1001voyagesgourmands.com\/wp-content\/uploads\/2015\/08\/Champagne_Cote_des_blancs_Epernay-27-768x540.jpg 768w, https:\/\/1001voyagesgourmands.com\/wp-content\/uploads\/2015\/08\/Champagne_Cote_des_blancs_Epernay-27-1170x823.jpg 1170w, https:\/\/1001voyagesgourmands.com\/wp-content\/uploads\/2015\/08\/Champagne_Cote_des_blancs_Epernay-27-585x411.jpg 585w, https:\/\/1001voyagesgourmands.com\/wp-content\/uploads\/2015\/08\/Champagne_Cote_des_blancs_Epernay-27.jpg 1507w\" sizes=\"auto, (max-width: 1024px) 100vw, 1024px\" \/> <img loading=\"lazy\" decoding=\"async\" class=\"aligncenter size-large wp-image-14995\" src=\"http:\/\/1001voyagesgourmands.com\/wp-content\/uploads\/2015\/08\/Champagne_Cote_des_blancs_Epernay-36-1024x678.jpg\" alt=\"O tom, jak\u00fd byl n\u00e1\u0161 v\u00fdlet do Champagne - tentokr\u00e1t do oblasti C\u00f4te des Blancs s n\u00e1v\u0161t\u011bvou m\u011bsta \u00c9pernay a za zkroucen\u00fdmi stromy do Faux de Verzy.\" width=\"1024\" height=\"678\" srcset=\"https:\/\/1001voyagesgourmands.com\/wp-content\/uploads\/2015\/08\/Champagne_Cote_des_blancs_Epernay-36-1024x678.jpg 1024w, https:\/\/1001voyagesgourmands.com\/wp-content\/uploads\/2015\/08\/Champagne_Cote_des_blancs_Epernay-36-263x175.jpg 263w, https:\/\/1001voyagesgourmands.com\/wp-content\/uploads\/2015\/08\/Champagne_Cote_des_blancs_Epernay-36-800x530.jpg 800w, https:\/\/1001voyagesgourmands.com\/wp-content\/uploads\/2015\/08\/Champagne_Cote_des_blancs_Epernay-36-300x199.jpg 300w, https:\/\/1001voyagesgourmands.com\/wp-content\/uploads\/2015\/08\/Champagne_Cote_des_blancs_Epernay-36-768x509.jpg 768w, https:\/\/1001voyagesgourmands.com\/wp-content\/uploads\/2015\/08\/Champagne_Cote_des_blancs_Epernay-36-1170x775.jpg 1170w, https:\/\/1001voyagesgourmands.com\/wp-content\/uploads\/2015\/08\/Champagne_Cote_des_blancs_Epernay-36-780x516.jpg 780w, https:\/\/1001voyagesgourmands.com\/wp-content\/uploads\/2015\/08\/Champagne_Cote_des_blancs_Epernay-36-585x388.jpg 585w, https:\/\/1001voyagesgourmands.com\/wp-content\/uploads\/2015\/08\/Champagne_Cote_des_blancs_Epernay-36.jpg 1600w\" sizes=\"auto, (max-width: 1024px) 100vw, 1024px\" \/> <img loading=\"lazy\" decoding=\"async\" class=\"aligncenter size-large wp-image-14975\" src=\"http:\/\/1001voyagesgourmands.com\/wp-content\/uploads\/2015\/08\/Champagne_Cote_des_blancs_Epernay-26-1024x678.jpg\" alt=\"O tom, jak\u00fd byl n\u00e1\u0161 v\u00fdlet do Champagne - tentokr\u00e1t do oblasti C\u00f4te des Blancs s n\u00e1v\u0161t\u011bvou m\u011bsta \u00c9pernay a za zkroucen\u00fdmi stromy do Faux de Verzy.\" width=\"1024\" height=\"678\" srcset=\"https:\/\/1001voyagesgourmands.com\/wp-content\/uploads\/2015\/08\/Champagne_Cote_des_blancs_Epernay-26-1024x678.jpg 1024w, https:\/\/1001voyagesgourmands.com\/wp-content\/uploads\/2015\/08\/Champagne_Cote_des_blancs_Epernay-26-263x175.jpg 263w, https:\/\/1001voyagesgourmands.com\/wp-content\/uploads\/2015\/08\/Champagne_Cote_des_blancs_Epernay-26-800x530.jpg 800w, https:\/\/1001voyagesgourmands.com\/wp-content\/uploads\/2015\/08\/Champagne_Cote_des_blancs_Epernay-26-300x199.jpg 300w, https:\/\/1001voyagesgourmands.com\/wp-content\/uploads\/2015\/08\/Champagne_Cote_des_blancs_Epernay-26-768x509.jpg 768w, https:\/\/1001voyagesgourmands.com\/wp-content\/uploads\/2015\/08\/Champagne_Cote_des_blancs_Epernay-26-1170x775.jpg 1170w, https:\/\/1001voyagesgourmands.com\/wp-content\/uploads\/2015\/08\/Champagne_Cote_des_blancs_Epernay-26-780x516.jpg 780w, https:\/\/1001voyagesgourmands.com\/wp-content\/uploads\/2015\/08\/Champagne_Cote_des_blancs_Epernay-26-585x388.jpg 585w, https:\/\/1001voyagesgourmands.com\/wp-content\/uploads\/2015\/08\/Champagne_Cote_des_blancs_Epernay-26.jpg 1600w\" sizes=\"auto, (max-width: 1024px) 100vw, 1024px\" \/><img loading=\"lazy\" decoding=\"async\" class=\"aligncenter size-large wp-image-15023\" src=\"http:\/\/1001voyagesgourmands.com\/wp-content\/uploads\/2015\/08\/Champagne_Cote_des_blancs_Epernay-2-1024x724.jpg\" alt=\"O tom, jak\u00fd byl n\u00e1\u0161 v\u00fdlet do Champagne - tentokr\u00e1t do oblasti C\u00f4te des Blancs s n\u00e1v\u0161t\u011bvou m\u011bsta \u00c9pernay a za zkroucen\u00fdmi stromy do Faux de Verzy.\" width=\"1024\" height=\"724\" srcset=\"https:\/\/1001voyagesgourmands.com\/wp-content\/uploads\/2015\/08\/Champagne_Cote_des_blancs_Epernay-2-1024x724.jpg 1024w, https:\/\/1001voyagesgourmands.com\/wp-content\/uploads\/2015\/08\/Champagne_Cote_des_blancs_Epernay-2-300x212.jpg 300w, https:\/\/1001voyagesgourmands.com\/wp-content\/uploads\/2015\/08\/Champagne_Cote_des_blancs_Epernay-2-768x543.jpg 768w, https:\/\/1001voyagesgourmands.com\/wp-content\/uploads\/2015\/08\/Champagne_Cote_des_blancs_Epernay-2-1170x827.jpg 1170w, https:\/\/1001voyagesgourmands.com\/wp-content\/uploads\/2015\/08\/Champagne_Cote_des_blancs_Epernay-2-585x413.jpg 585w, https:\/\/1001voyagesgourmands.com\/wp-content\/uploads\/2015\/08\/Champagne_Cote_des_blancs_Epernay-2.jpg 1500w\" sizes=\"auto, (max-width: 1024px) 100vw, 1024px\" \/><\/p>\n<p style=\"text-align: justify;\">Po p\u0159\u00edjezdu do m\u011bsta v\u00e1m jist\u011b neunikne kostel&nbsp;<strong>Notre-Dame.&nbsp;<\/strong>P\u016fvodem je z p\u0159elomu 19. a 20. stolet\u00ed, ale pozd\u011bji musel b\u00fdt opraven pot\u00e9, co byl&nbsp;za v\u00e1lky bombardov\u00e1n N\u011bmci.<\/p>\n<p style=\"text-align: justify;\">Za pov\u0161imnut\u00ed tak\u00e9 stoj\u00ed<strong> radnice m\u011bsta \u00c9pernay<\/strong>, kter\u00e1 se nach\u00e1z\u00ed ve vile, je\u017e d\u0159\u00edve pat\u0159ila Mo\u00ebt &amp; Chandon. Najdete ji na Avenue du Champagne ve voln\u011b p\u0159\u00edstupn\u00e9, kr\u00e1sn\u011b rozkvetl\u00e9 zahrad\u011b.&nbsp;<img loading=\"lazy\" decoding=\"async\" class=\"aligncenter size-large wp-image-15043\" src=\"http:\/\/1001voyagesgourmands.com\/wp-content\/uploads\/2015\/08\/Champagne_Cote_des_blancs_Epernay-14-1024x678.jpg\" alt=\"O tom, jak\u00fd byl n\u00e1\u0161 v\u00fdlet do Champagne - tentokr\u00e1t do oblasti C\u00f4te des Blancs s n\u00e1v\u0161t\u011bvou m\u011bsta \u00c9pernay a za zkroucen\u00fdmi stromy do Faux de Verzy.\" width=\"1024\" height=\"678\" srcset=\"https:\/\/1001voyagesgourmands.com\/wp-content\/uploads\/2015\/08\/Champagne_Cote_des_blancs_Epernay-14-1024x678.jpg 1024w, https:\/\/1001voyagesgourmands.com\/wp-content\/uploads\/2015\/08\/Champagne_Cote_des_blancs_Epernay-14-263x175.jpg 263w, https:\/\/1001voyagesgourmands.com\/wp-content\/uploads\/2015\/08\/Champagne_Cote_des_blancs_Epernay-14-800x530.jpg 800w, https:\/\/1001voyagesgourmands.com\/wp-content\/uploads\/2015\/08\/Champagne_Cote_des_blancs_Epernay-14-300x199.jpg 300w, https:\/\/1001voyagesgourmands.com\/wp-content\/uploads\/2015\/08\/Champagne_Cote_des_blancs_Epernay-14-768x509.jpg 768w, https:\/\/1001voyagesgourmands.com\/wp-content\/uploads\/2015\/08\/Champagne_Cote_des_blancs_Epernay-14-1170x775.jpg 1170w, https:\/\/1001voyagesgourmands.com\/wp-content\/uploads\/2015\/08\/Champagne_Cote_des_blancs_Epernay-14-780x516.jpg 780w, https:\/\/1001voyagesgourmands.com\/wp-content\/uploads\/2015\/08\/Champagne_Cote_des_blancs_Epernay-14-585x388.jpg 585w, https:\/\/1001voyagesgourmands.com\/wp-content\/uploads\/2015\/08\/Champagne_Cote_des_blancs_Epernay-14.jpg 1600w\" sizes=\"auto, (max-width: 1024px) 100vw, 1024px\" \/><img loading=\"lazy\" decoding=\"async\" class=\"aligncenter size-large wp-image-15041\" src=\"http:\/\/1001voyagesgourmands.com\/wp-content\/uploads\/2015\/08\/Champagne_Cote_des_blancs_Epernay-13-1024x678.jpg\" alt=\"O tom, jak\u00fd byl n\u00e1\u0161 v\u00fdlet do Champagne - tentokr\u00e1t do oblasti C\u00f4te des Blancs s n\u00e1v\u0161t\u011bvou m\u011bsta \u00c9pernay a za zkroucen\u00fdmi stromy do Faux de Verzy.\" width=\"1024\" height=\"678\" srcset=\"https:\/\/1001voyagesgourmands.com\/wp-content\/uploads\/2015\/08\/Champagne_Cote_des_blancs_Epernay-13-1024x678.jpg 1024w, https:\/\/1001voyagesgourmands.com\/wp-content\/uploads\/2015\/08\/Champagne_Cote_des_blancs_Epernay-13-263x175.jpg 263w, https:\/\/1001voyagesgourmands.com\/wp-content\/uploads\/2015\/08\/Champagne_Cote_des_blancs_Epernay-13-800x530.jpg 800w, https:\/\/1001voyagesgourmands.com\/wp-content\/uploads\/2015\/08\/Champagne_Cote_des_blancs_Epernay-13-300x199.jpg 300w, https:\/\/1001voyagesgourmands.com\/wp-content\/uploads\/2015\/08\/Champagne_Cote_des_blancs_Epernay-13-768x509.jpg 768w, https:\/\/1001voyagesgourmands.com\/wp-content\/uploads\/2015\/08\/Champagne_Cote_des_blancs_Epernay-13-1170x775.jpg 1170w, https:\/\/1001voyagesgourmands.com\/wp-content\/uploads\/2015\/08\/Champagne_Cote_des_blancs_Epernay-13-780x516.jpg 780w, https:\/\/1001voyagesgourmands.com\/wp-content\/uploads\/2015\/08\/Champagne_Cote_des_blancs_Epernay-13-585x388.jpg 585w, https:\/\/1001voyagesgourmands.com\/wp-content\/uploads\/2015\/08\/Champagne_Cote_des_blancs_Epernay-13.jpg 1600w\" sizes=\"auto, (max-width: 1024px) 100vw, 1024px\" \/><\/p>\n<p style=\"text-align: justify;\">V\u00fdlet do Champagne a \u00c9pernay se nesm\u00ed obej\u00edt bez slavn\u00e9&nbsp;<strong>Avenue du Champagne<\/strong>. Najdeme tu vily sv\u011btozn\u00e1m\u00fdch producent\u016f \u0161ampa\u0148sk\u00e9ho jako&nbsp;<strong>Mo\u00ebt &amp; Chandon, Perrier-Jou\u00ebt, Mercier, De Castellane, Demoiselle, Esterlin, Comtesse Lafond, Boizel<\/strong>, a&nbsp;dal\u0161\u00ed, ale tak\u00e9 t\u0159eba i budouc\u00ed<strong> muzeum archeologie<\/strong> m\u011bsta \u00c9pernay, kter\u00e9 by m\u011blo b\u00fdt otev\u0159eno v roce 2019. V\u0161echny ty vily jsou architektonick\u00e9 skvosty, a pr\u00e1v\u011b d\u00edky nim je Avenue du Champagne ozna\u010dov\u00e1na za jednu z&nbsp;nejpresti\u017en\u011bj\u0161\u00edch Avenue na sv\u011bt\u011b. Ale tak\u00e9 nejdra\u017e\u0161\u00ed &#8211; pod zem\u00ed se toti\u017e ve skl\u00edpc\u00edch o celkov\u00e9 d\u00e9lce 110 km a hloubce&nbsp;a\u017e ke 40 m skladuje n\u011bco kolem 200 milionu lahv\u00ed!<\/p>\n<p style=\"text-align: justify;\"><img loading=\"lazy\" decoding=\"async\" class=\"aligncenter size-large wp-image-15033\" src=\"http:\/\/1001voyagesgourmands.com\/wp-content\/uploads\/2015\/08\/Champagne_Cote_des_blancs_Epernay-9-1024x678.jpg\" alt=\"O tom, jak\u00fd byl n\u00e1\u0161 v\u00fdlet do Champagne - tentokr\u00e1t do oblasti C\u00f4te des Blancs s n\u00e1v\u0161t\u011bvou m\u011bsta \u00c9pernay a za zkroucen\u00fdmi stromy do Faux de Verzy.\" width=\"1024\" height=\"678\" srcset=\"https:\/\/1001voyagesgourmands.com\/wp-content\/uploads\/2015\/08\/Champagne_Cote_des_blancs_Epernay-9-1024x678.jpg 1024w, https:\/\/1001voyagesgourmands.com\/wp-content\/uploads\/2015\/08\/Champagne_Cote_des_blancs_Epernay-9-263x175.jpg 263w, https:\/\/1001voyagesgourmands.com\/wp-content\/uploads\/2015\/08\/Champagne_Cote_des_blancs_Epernay-9-800x530.jpg 800w, https:\/\/1001voyagesgourmands.com\/wp-content\/uploads\/2015\/08\/Champagne_Cote_des_blancs_Epernay-9-300x199.jpg 300w, https:\/\/1001voyagesgourmands.com\/wp-content\/uploads\/2015\/08\/Champagne_Cote_des_blancs_Epernay-9-768x509.jpg 768w, https:\/\/1001voyagesgourmands.com\/wp-content\/uploads\/2015\/08\/Champagne_Cote_des_blancs_Epernay-9-1170x775.jpg 1170w, https:\/\/1001voyagesgourmands.com\/wp-content\/uploads\/2015\/08\/Champagne_Cote_des_blancs_Epernay-9-780x516.jpg 780w, https:\/\/1001voyagesgourmands.com\/wp-content\/uploads\/2015\/08\/Champagne_Cote_des_blancs_Epernay-9-585x388.jpg 585w, https:\/\/1001voyagesgourmands.com\/wp-content\/uploads\/2015\/08\/Champagne_Cote_des_blancs_Epernay-9.jpg 1600w\" sizes=\"auto, (max-width: 1024px) 100vw, 1024px\" \/><img loading=\"lazy\" decoding=\"async\" class=\"aligncenter size-large wp-image-15047\" src=\"http:\/\/1001voyagesgourmands.com\/wp-content\/uploads\/2015\/08\/Champagne_Cote_des_blancs_Epernay-16-1024x678.jpg\" alt=\"O tom, jak\u00fd byl n\u00e1\u0161 v\u00fdlet do Champagne - tentokr\u00e1t do oblasti C\u00f4te des Blancs s n\u00e1v\u0161t\u011bvou m\u011bsta \u00c9pernay a za zkroucen\u00fdmi stromy do Faux de Verzy.\" width=\"1024\" height=\"678\" srcset=\"https:\/\/1001voyagesgourmands.com\/wp-content\/uploads\/2015\/08\/Champagne_Cote_des_blancs_Epernay-16-1024x678.jpg 1024w, https:\/\/1001voyagesgourmands.com\/wp-content\/uploads\/2015\/08\/Champagne_Cote_des_blancs_Epernay-16-263x175.jpg 263w, https:\/\/1001voyagesgourmands.com\/wp-content\/uploads\/2015\/08\/Champagne_Cote_des_blancs_Epernay-16-800x530.jpg 800w, https:\/\/1001voyagesgourmands.com\/wp-content\/uploads\/2015\/08\/Champagne_Cote_des_blancs_Epernay-16-300x199.jpg 300w, https:\/\/1001voyagesgourmands.com\/wp-content\/uploads\/2015\/08\/Champagne_Cote_des_blancs_Epernay-16-768x509.jpg 768w, https:\/\/1001voyagesgourmands.com\/wp-content\/uploads\/2015\/08\/Champagne_Cote_des_blancs_Epernay-16-1170x775.jpg 1170w, https:\/\/1001voyagesgourmands.com\/wp-content\/uploads\/2015\/08\/Champagne_Cote_des_blancs_Epernay-16-780x516.jpg 780w, https:\/\/1001voyagesgourmands.com\/wp-content\/uploads\/2015\/08\/Champagne_Cote_des_blancs_Epernay-16-585x388.jpg 585w, https:\/\/1001voyagesgourmands.com\/wp-content\/uploads\/2015\/08\/Champagne_Cote_des_blancs_Epernay-16.jpg 1600w\" sizes=\"auto, (max-width: 1024px) 100vw, 1024px\" \/> <img loading=\"lazy\" decoding=\"async\" class=\"aligncenter size-large wp-image-15049\" src=\"http:\/\/1001voyagesgourmands.com\/wp-content\/uploads\/2015\/08\/Champagne_Cote_des_blancs_Epernay-17-1024x683.jpg\" alt=\"O tom, jak\u00fd byl n\u00e1\u0161 v\u00fdlet do Champagne - tentokr\u00e1t do oblasti C\u00f4te des Blancs s n\u00e1v\u0161t\u011bvou m\u011bsta \u00c9pernay a za zkroucen\u00fdmi stromy do Faux de Verzy.\" width=\"1024\" height=\"683\" srcset=\"https:\/\/1001voyagesgourmands.com\/wp-content\/uploads\/2015\/08\/Champagne_Cote_des_blancs_Epernay-17-1024x683.jpg 1024w, https:\/\/1001voyagesgourmands.com\/wp-content\/uploads\/2015\/08\/Champagne_Cote_des_blancs_Epernay-17-263x175.jpg 263w, https:\/\/1001voyagesgourmands.com\/wp-content\/uploads\/2015\/08\/Champagne_Cote_des_blancs_Epernay-17-300x200.jpg 300w, https:\/\/1001voyagesgourmands.com\/wp-content\/uploads\/2015\/08\/Champagne_Cote_des_blancs_Epernay-17-768x512.jpg 768w, https:\/\/1001voyagesgourmands.com\/wp-content\/uploads\/2015\/08\/Champagne_Cote_des_blancs_Epernay-17-1170x780.jpg 1170w, https:\/\/1001voyagesgourmands.com\/wp-content\/uploads\/2015\/08\/Champagne_Cote_des_blancs_Epernay-17-585x390.jpg 585w, https:\/\/1001voyagesgourmands.com\/wp-content\/uploads\/2015\/08\/Champagne_Cote_des_blancs_Epernay-17.jpg 1589w\" sizes=\"auto, (max-width: 1024px) 100vw, 1024px\" \/><img loading=\"lazy\" decoding=\"async\" class=\"aligncenter size-large wp-image-15053\" src=\"http:\/\/1001voyagesgourmands.com\/wp-content\/uploads\/2015\/08\/Champagne_Cote_des_blancs_Epernay-19-1024x678.jpg\" alt=\"O tom, jak\u00fd byl n\u00e1\u0161 v\u00fdlet do Champagne - tentokr\u00e1t do oblasti C\u00f4te des Blancs s n\u00e1v\u0161t\u011bvou m\u011bsta \u00c9pernay a za zkroucen\u00fdmi stromy do Faux de Verzy.\" width=\"1024\" height=\"678\" srcset=\"https:\/\/1001voyagesgourmands.com\/wp-content\/uploads\/2015\/08\/Champagne_Cote_des_blancs_Epernay-19-1024x678.jpg 1024w, https:\/\/1001voyagesgourmands.com\/wp-content\/uploads\/2015\/08\/Champagne_Cote_des_blancs_Epernay-19-263x175.jpg 263w, https:\/\/1001voyagesgourmands.com\/wp-content\/uploads\/2015\/08\/Champagne_Cote_des_blancs_Epernay-19-800x530.jpg 800w, https:\/\/1001voyagesgourmands.com\/wp-content\/uploads\/2015\/08\/Champagne_Cote_des_blancs_Epernay-19-300x199.jpg 300w, https:\/\/1001voyagesgourmands.com\/wp-content\/uploads\/2015\/08\/Champagne_Cote_des_blancs_Epernay-19-768x509.jpg 768w, https:\/\/1001voyagesgourmands.com\/wp-content\/uploads\/2015\/08\/Champagne_Cote_des_blancs_Epernay-19-1170x775.jpg 1170w, https:\/\/1001voyagesgourmands.com\/wp-content\/uploads\/2015\/08\/Champagne_Cote_des_blancs_Epernay-19-780x516.jpg 780w, https:\/\/1001voyagesgourmands.com\/wp-content\/uploads\/2015\/08\/Champagne_Cote_des_blancs_Epernay-19-585x388.jpg 585w, https:\/\/1001voyagesgourmands.com\/wp-content\/uploads\/2015\/08\/Champagne_Cote_des_blancs_Epernay-19.jpg 1600w\" sizes=\"auto, (max-width: 1024px) 100vw, 1024px\" \/><img loading=\"lazy\" decoding=\"async\" class=\"aligncenter size-large wp-image-15055\" src=\"http:\/\/1001voyagesgourmands.com\/wp-content\/uploads\/2015\/08\/Champagne_Cote_des_blancs_Epernay-20-1024x678.jpg\" alt=\"O tom, jak\u00fd byl n\u00e1\u0161 v\u00fdlet do Champagne - tentokr\u00e1t do oblasti C\u00f4te des Blancs s n\u00e1v\u0161t\u011bvou m\u011bsta \u00c9pernay a za zkroucen\u00fdmi stromy do Faux de Verzy.\" width=\"1024\" height=\"678\" srcset=\"https:\/\/1001voyagesgourmands.com\/wp-content\/uploads\/2015\/08\/Champagne_Cote_des_blancs_Epernay-20-1024x678.jpg 1024w, https:\/\/1001voyagesgourmands.com\/wp-content\/uploads\/2015\/08\/Champagne_Cote_des_blancs_Epernay-20-263x175.jpg 263w, https:\/\/1001voyagesgourmands.com\/wp-content\/uploads\/2015\/08\/Champagne_Cote_des_blancs_Epernay-20-800x530.jpg 800w, https:\/\/1001voyagesgourmands.com\/wp-content\/uploads\/2015\/08\/Champagne_Cote_des_blancs_Epernay-20-300x199.jpg 300w, https:\/\/1001voyagesgourmands.com\/wp-content\/uploads\/2015\/08\/Champagne_Cote_des_blancs_Epernay-20-768x509.jpg 768w, https:\/\/1001voyagesgourmands.com\/wp-content\/uploads\/2015\/08\/Champagne_Cote_des_blancs_Epernay-20-1170x775.jpg 1170w, https:\/\/1001voyagesgourmands.com\/wp-content\/uploads\/2015\/08\/Champagne_Cote_des_blancs_Epernay-20-780x516.jpg 780w, https:\/\/1001voyagesgourmands.com\/wp-content\/uploads\/2015\/08\/Champagne_Cote_des_blancs_Epernay-20-585x388.jpg 585w, https:\/\/1001voyagesgourmands.com\/wp-content\/uploads\/2015\/08\/Champagne_Cote_des_blancs_Epernay-20.jpg 1600w\" sizes=\"auto, (max-width: 1024px) 100vw, 1024px\" \/><\/p>\n<p style=\"text-align: justify;\">V jedn\u00e9 z vil&nbsp;<strong>Mo\u00ebt &amp; Chandon&nbsp;<\/strong>se nach\u00e1z\u00ed&nbsp;men\u0161\u00ed &#8222;obch\u016fdek se suven\u00fdry&#8220;. Presti\u017en\u00ed sv\u011btozn\u00e1m\u00e9 \u0161ampa\u0148sk\u00e9 pomalu nesta\u010d\u00ed pokr\u00fdt popt\u00e1vku svou vlastn\u00ed produkc\u00ed, a tak skupuje hrozny od men\u0161\u00edch p\u011bstitel\u016f. Osobn\u011b ho moc nemus\u00edm, jeliko\u017e mi p\u0159ijde, \u017ee tam \u010dlov\u011bk plat\u00ed hlavn\u011b za zna\u010dku. Ale design lahv\u00ed maj\u00ed p\u011bkn\u00fd, a tak jsme sem vlezli, abychom polichotili o\u010d\u00edm a tak\u00e9 se n\u011bco nau\u010dili. Jako t\u0159eba n\u00e1zvy v\u0161ech mo\u017en\u00fdch velikosti lahv\u00ed.&nbsp;Z leva do prava: <strong>Nabuchodonosor<\/strong> (20 lahv\u00ed),<strong> Baltazar<\/strong> (16 lahv\u00ed), <strong>Salmanazar<\/strong> (12 lahv\u00ed), <strong>Mathusalem<\/strong> (8 lahv\u00ed),<strong> Jeroboam<\/strong> (4 lahve).<\/p>\n<p style=\"text-align: justify;\"><img loading=\"lazy\" decoding=\"async\" class=\"aligncenter size-large wp-image-14987\" src=\"http:\/\/1001voyagesgourmands.com\/wp-content\/uploads\/2015\/08\/Champagne_Cote_des_blancs_Epernay-32-1024x678.jpg\" alt=\"O tom, jak\u00fd byl n\u00e1\u0161 v\u00fdlet do Champagne - tentokr\u00e1t do oblasti C\u00f4te des Blancs s n\u00e1v\u0161t\u011bvou m\u011bsta \u00c9pernay a za zkroucen\u00fdmi stromy do Faux de Verzy.\" width=\"1024\" height=\"678\" srcset=\"https:\/\/1001voyagesgourmands.com\/wp-content\/uploads\/2015\/08\/Champagne_Cote_des_blancs_Epernay-32-1024x678.jpg 1024w, https:\/\/1001voyagesgourmands.com\/wp-content\/uploads\/2015\/08\/Champagne_Cote_des_blancs_Epernay-32-263x175.jpg 263w, https:\/\/1001voyagesgourmands.com\/wp-content\/uploads\/2015\/08\/Champagne_Cote_des_blancs_Epernay-32-800x530.jpg 800w, https:\/\/1001voyagesgourmands.com\/wp-content\/uploads\/2015\/08\/Champagne_Cote_des_blancs_Epernay-32-300x199.jpg 300w, https:\/\/1001voyagesgourmands.com\/wp-content\/uploads\/2015\/08\/Champagne_Cote_des_blancs_Epernay-32-768x509.jpg 768w, https:\/\/1001voyagesgourmands.com\/wp-content\/uploads\/2015\/08\/Champagne_Cote_des_blancs_Epernay-32-1170x775.jpg 1170w, https:\/\/1001voyagesgourmands.com\/wp-content\/uploads\/2015\/08\/Champagne_Cote_des_blancs_Epernay-32-780x516.jpg 780w, https:\/\/1001voyagesgourmands.com\/wp-content\/uploads\/2015\/08\/Champagne_Cote_des_blancs_Epernay-32-585x388.jpg 585w, https:\/\/1001voyagesgourmands.com\/wp-content\/uploads\/2015\/08\/Champagne_Cote_des_blancs_Epernay-32.jpg 1600w\" sizes=\"auto, (max-width: 1024px) 100vw, 1024px\" \/> <img loading=\"lazy\" decoding=\"async\" class=\"aligncenter size-large wp-image-14985\" src=\"http:\/\/1001voyagesgourmands.com\/wp-content\/uploads\/2015\/08\/Champagne_Cote_des_blancs_Epernay-31-1024x678.jpg\" alt=\"O tom, jak\u00fd byl n\u00e1\u0161 v\u00fdlet do Champagne - tentokr\u00e1t do oblasti C\u00f4te des Blancs s n\u00e1v\u0161t\u011bvou m\u011bsta \u00c9pernay a za zkroucen\u00fdmi stromy do Faux de Verzy.\" width=\"1024\" height=\"678\" srcset=\"https:\/\/1001voyagesgourmands.com\/wp-content\/uploads\/2015\/08\/Champagne_Cote_des_blancs_Epernay-31-1024x678.jpg 1024w, https:\/\/1001voyagesgourmands.com\/wp-content\/uploads\/2015\/08\/Champagne_Cote_des_blancs_Epernay-31-263x175.jpg 263w, https:\/\/1001voyagesgourmands.com\/wp-content\/uploads\/2015\/08\/Champagne_Cote_des_blancs_Epernay-31-800x530.jpg 800w, https:\/\/1001voyagesgourmands.com\/wp-content\/uploads\/2015\/08\/Champagne_Cote_des_blancs_Epernay-31-300x199.jpg 300w, https:\/\/1001voyagesgourmands.com\/wp-content\/uploads\/2015\/08\/Champagne_Cote_des_blancs_Epernay-31-768x509.jpg 768w, https:\/\/1001voyagesgourmands.com\/wp-content\/uploads\/2015\/08\/Champagne_Cote_des_blancs_Epernay-31-1170x775.jpg 1170w, https:\/\/1001voyagesgourmands.com\/wp-content\/uploads\/2015\/08\/Champagne_Cote_des_blancs_Epernay-31-780x516.jpg 780w, https:\/\/1001voyagesgourmands.com\/wp-content\/uploads\/2015\/08\/Champagne_Cote_des_blancs_Epernay-31-585x388.jpg 585w, https:\/\/1001voyagesgourmands.com\/wp-content\/uploads\/2015\/08\/Champagne_Cote_des_blancs_Epernay-31.jpg 1600w\" sizes=\"auto, (max-width: 1024px) 100vw, 1024px\" \/> <img loading=\"lazy\" decoding=\"async\" class=\"aligncenter size-large wp-image-14989\" src=\"http:\/\/1001voyagesgourmands.com\/wp-content\/uploads\/2015\/08\/Champagne_Cote_des_blancs_Epernay-33-1024x678.jpg\" alt=\"O tom, jak\u00fd byl n\u00e1\u0161 v\u00fdlet do Champagne - tentokr\u00e1t do oblasti C\u00f4te des Blancs s n\u00e1v\u0161t\u011bvou m\u011bsta \u00c9pernay a za zkroucen\u00fdmi stromy do Faux de Verzy.\" width=\"1024\" height=\"678\" srcset=\"https:\/\/1001voyagesgourmands.com\/wp-content\/uploads\/2015\/08\/Champagne_Cote_des_blancs_Epernay-33-1024x678.jpg 1024w, https:\/\/1001voyagesgourmands.com\/wp-content\/uploads\/2015\/08\/Champagne_Cote_des_blancs_Epernay-33-263x175.jpg 263w, https:\/\/1001voyagesgourmands.com\/wp-content\/uploads\/2015\/08\/Champagne_Cote_des_blancs_Epernay-33-800x530.jpg 800w, https:\/\/1001voyagesgourmands.com\/wp-content\/uploads\/2015\/08\/Champagne_Cote_des_blancs_Epernay-33-300x199.jpg 300w, https:\/\/1001voyagesgourmands.com\/wp-content\/uploads\/2015\/08\/Champagne_Cote_des_blancs_Epernay-33-768x509.jpg 768w, https:\/\/1001voyagesgourmands.com\/wp-content\/uploads\/2015\/08\/Champagne_Cote_des_blancs_Epernay-33-1170x775.jpg 1170w, https:\/\/1001voyagesgourmands.com\/wp-content\/uploads\/2015\/08\/Champagne_Cote_des_blancs_Epernay-33-780x516.jpg 780w, https:\/\/1001voyagesgourmands.com\/wp-content\/uploads\/2015\/08\/Champagne_Cote_des_blancs_Epernay-33-585x388.jpg 585w, https:\/\/1001voyagesgourmands.com\/wp-content\/uploads\/2015\/08\/Champagne_Cote_des_blancs_Epernay-33.jpg 1600w\" sizes=\"auto, (max-width: 1024px) 100vw, 1024px\" \/><img loading=\"lazy\" decoding=\"async\" class=\"aligncenter size-large wp-image-14983\" src=\"http:\/\/1001voyagesgourmands.com\/wp-content\/uploads\/2015\/08\/Champagne_Cote_des_blancs_Epernay-30-1024x678.jpg\" alt=\"O tom, jak\u00fd byl n\u00e1\u0161 v\u00fdlet do Champagne - tentokr\u00e1t do oblasti C\u00f4te des Blancs s n\u00e1v\u0161t\u011bvou m\u011bsta \u00c9pernay a za zkroucen\u00fdmi stromy do Faux de Verzy.\" width=\"1024\" height=\"678\" srcset=\"https:\/\/1001voyagesgourmands.com\/wp-content\/uploads\/2015\/08\/Champagne_Cote_des_blancs_Epernay-30-1024x678.jpg 1024w, https:\/\/1001voyagesgourmands.com\/wp-content\/uploads\/2015\/08\/Champagne_Cote_des_blancs_Epernay-30-263x175.jpg 263w, https:\/\/1001voyagesgourmands.com\/wp-content\/uploads\/2015\/08\/Champagne_Cote_des_blancs_Epernay-30-800x530.jpg 800w, https:\/\/1001voyagesgourmands.com\/wp-content\/uploads\/2015\/08\/Champagne_Cote_des_blancs_Epernay-30-300x199.jpg 300w, https:\/\/1001voyagesgourmands.com\/wp-content\/uploads\/2015\/08\/Champagne_Cote_des_blancs_Epernay-30-768x509.jpg 768w, https:\/\/1001voyagesgourmands.com\/wp-content\/uploads\/2015\/08\/Champagne_Cote_des_blancs_Epernay-30-1170x775.jpg 1170w, https:\/\/1001voyagesgourmands.com\/wp-content\/uploads\/2015\/08\/Champagne_Cote_des_blancs_Epernay-30-780x516.jpg 780w, https:\/\/1001voyagesgourmands.com\/wp-content\/uploads\/2015\/08\/Champagne_Cote_des_blancs_Epernay-30-585x388.jpg 585w, https:\/\/1001voyagesgourmands.com\/wp-content\/uploads\/2015\/08\/Champagne_Cote_des_blancs_Epernay-30.jpg 1600w\" sizes=\"auto, (max-width: 1024px) 100vw, 1024px\" \/><\/p>\n<p style=\"text-align: justify;\"><strong>Dom P\u00e9rignon<\/strong> je zna\u010dka \u0161ampa\u0148sk\u00e9ho vyr\u00e1b\u011bn\u00e1 firmou Mo\u00ebt &amp; Chandon a jedn\u00e1 se o nejlep\u0161\u00ed ro\u010dn\u00edky. Jm\u00e9no m\u00e1 po benediktinsk\u00e9m mnichu, kter\u00fd pozm\u011bnil techniku v\u00fdroby tehdej\u0161\u00edch r\u016f\u017eov\u00fdch v\u00edn na v\u00edna b\u00edl\u00e1 a \u0161umiv\u00e1.<\/p>\n<p style=\"text-align: justify;\"><img loading=\"lazy\" decoding=\"async\" class=\"aligncenter size-large wp-image-15021\" src=\"http:\/\/1001voyagesgourmands.com\/wp-content\/uploads\/2015\/08\/Champagne_Cote_des_blancs_Epernay-1-1024x724.jpg\" alt=\"O tom, jak\u00fd byl n\u00e1\u0161 v\u00fdlet do Champagne - tentokr\u00e1t do oblasti C\u00f4te des Blancs s n\u00e1v\u0161t\u011bvou m\u011bsta \u00c9pernay a za zkroucen\u00fdmi stromy do Faux de Verzy.\" width=\"1024\" height=\"724\" srcset=\"https:\/\/1001voyagesgourmands.com\/wp-content\/uploads\/2015\/08\/Champagne_Cote_des_blancs_Epernay-1-1024x724.jpg 1024w, https:\/\/1001voyagesgourmands.com\/wp-content\/uploads\/2015\/08\/Champagne_Cote_des_blancs_Epernay-1-300x212.jpg 300w, https:\/\/1001voyagesgourmands.com\/wp-content\/uploads\/2015\/08\/Champagne_Cote_des_blancs_Epernay-1-768x543.jpg 768w, https:\/\/1001voyagesgourmands.com\/wp-content\/uploads\/2015\/08\/Champagne_Cote_des_blancs_Epernay-1-1170x827.jpg 1170w, https:\/\/1001voyagesgourmands.com\/wp-content\/uploads\/2015\/08\/Champagne_Cote_des_blancs_Epernay-1-585x413.jpg 585w, https:\/\/1001voyagesgourmands.com\/wp-content\/uploads\/2015\/08\/Champagne_Cote_des_blancs_Epernay-1.jpg 1500w\" sizes=\"auto, (max-width: 1024px) 100vw, 1024px\" \/><\/p>\n<p>&nbsp;<\/p>\n<h3 style=\"text-align: justify;\">Prohl\u00eddka domu Champagne De Castellane<\/h3>\n<p style=\"text-align: justify;\">My jsme nav\u0161t\u00edvili <strong>Champagne de Castellane<\/strong> a mohu jen doporu\u010dit. Nav\u0161t\u00edvit zde m\u016f\u017eete men\u0161\u00ed muzeum&nbsp;historie tradi\u010dn\u00ed v\u00fdroby \u0161ampa\u0148sk\u00e9ho s n\u00e1zornou uk\u00e1zkou &#8211; i kdy\u017e je text pouze ve francouz\u0161tin\u011b a angli\u010dtin\u011b, n\u011bco m\u00e1lo pochop\u00edte i d\u00edky demonstruj\u00edc\u00edm figur\u00edn\u00e1m pracant\u016f.&nbsp;Pot\u00e9 za\u010d\u00edn\u00e1 prohl\u00eddka skl\u00edpk\u016f a v\u00fdroby s pr\u016fvodkyn\u00ed a v\u00fdkladem bu\u010f ve francouz\u0161tin\u011b, \u010di v angli\u010dtin\u011b.&nbsp;Nakonec se m\u016f\u017eete vy\u0161plhat to\u010den\u00fdmi schody do v\u011b\u017ee (b\u00fdval\u00fd vodn\u00ed hr\u00e1dek), odkud se nask\u00fdt\u00e1 pohled na cel\u00e9 \u00c9pernay i okol\u00ed, je tu v\u00fdhled i na&nbsp;Avenue du Champagne a vily vina\u0159sk\u00fdch dom\u016f.<br \/>\n<img loading=\"lazy\" decoding=\"async\" class=\"aligncenter size-large wp-image-15003\" src=\"http:\/\/1001voyagesgourmands.com\/wp-content\/uploads\/2015\/08\/Champagne_Cote_des_blancs_Epernay-40-1024x678.jpg\" alt=\"O tom, jak\u00fd byl n\u00e1\u0161 v\u00fdlet do Champagne - tentokr\u00e1t do oblasti C\u00f4te des Blancs s n\u00e1v\u0161t\u011bvou m\u011bsta \u00c9pernay a za zkroucen\u00fdmi stromy do Faux de Verzy.\" width=\"1024\" height=\"678\" srcset=\"https:\/\/1001voyagesgourmands.com\/wp-content\/uploads\/2015\/08\/Champagne_Cote_des_blancs_Epernay-40-1024x678.jpg 1024w, https:\/\/1001voyagesgourmands.com\/wp-content\/uploads\/2015\/08\/Champagne_Cote_des_blancs_Epernay-40-263x175.jpg 263w, https:\/\/1001voyagesgourmands.com\/wp-content\/uploads\/2015\/08\/Champagne_Cote_des_blancs_Epernay-40-800x530.jpg 800w, https:\/\/1001voyagesgourmands.com\/wp-content\/uploads\/2015\/08\/Champagne_Cote_des_blancs_Epernay-40-300x199.jpg 300w, https:\/\/1001voyagesgourmands.com\/wp-content\/uploads\/2015\/08\/Champagne_Cote_des_blancs_Epernay-40-768x509.jpg 768w, https:\/\/1001voyagesgourmands.com\/wp-content\/uploads\/2015\/08\/Champagne_Cote_des_blancs_Epernay-40-1170x775.jpg 1170w, https:\/\/1001voyagesgourmands.com\/wp-content\/uploads\/2015\/08\/Champagne_Cote_des_blancs_Epernay-40-780x516.jpg 780w, https:\/\/1001voyagesgourmands.com\/wp-content\/uploads\/2015\/08\/Champagne_Cote_des_blancs_Epernay-40-585x388.jpg 585w, https:\/\/1001voyagesgourmands.com\/wp-content\/uploads\/2015\/08\/Champagne_Cote_des_blancs_Epernay-40.jpg 1600w\" sizes=\"auto, (max-width: 1024px) 100vw, 1024px\" \/><img loading=\"lazy\" decoding=\"async\" class=\"aligncenter size-large wp-image-14999\" src=\"http:\/\/1001voyagesgourmands.com\/wp-content\/uploads\/2015\/08\/Champagne_Cote_des_blancs_Epernay-38-1024x678.jpg\" alt=\"O tom, jak\u00fd byl n\u00e1\u0161 v\u00fdlet do Champagne - tentokr\u00e1t do oblasti C\u00f4te des Blancs s n\u00e1v\u0161t\u011bvou m\u011bsta \u00c9pernay a za zkroucen\u00fdmi stromy do Faux de Verzy.\" width=\"1024\" height=\"678\" srcset=\"https:\/\/1001voyagesgourmands.com\/wp-content\/uploads\/2015\/08\/Champagne_Cote_des_blancs_Epernay-38-1024x678.jpg 1024w, https:\/\/1001voyagesgourmands.com\/wp-content\/uploads\/2015\/08\/Champagne_Cote_des_blancs_Epernay-38-263x175.jpg 263w, https:\/\/1001voyagesgourmands.com\/wp-content\/uploads\/2015\/08\/Champagne_Cote_des_blancs_Epernay-38-800x530.jpg 800w, https:\/\/1001voyagesgourmands.com\/wp-content\/uploads\/2015\/08\/Champagne_Cote_des_blancs_Epernay-38-300x199.jpg 300w, https:\/\/1001voyagesgourmands.com\/wp-content\/uploads\/2015\/08\/Champagne_Cote_des_blancs_Epernay-38-768x509.jpg 768w, https:\/\/1001voyagesgourmands.com\/wp-content\/uploads\/2015\/08\/Champagne_Cote_des_blancs_Epernay-38-1170x775.jpg 1170w, https:\/\/1001voyagesgourmands.com\/wp-content\/uploads\/2015\/08\/Champagne_Cote_des_blancs_Epernay-38-780x516.jpg 780w, https:\/\/1001voyagesgourmands.com\/wp-content\/uploads\/2015\/08\/Champagne_Cote_des_blancs_Epernay-38-585x388.jpg 585w, https:\/\/1001voyagesgourmands.com\/wp-content\/uploads\/2015\/08\/Champagne_Cote_des_blancs_Epernay-38.jpg 1600w\" sizes=\"auto, (max-width: 1024px) 100vw, 1024px\" \/><img loading=\"lazy\" decoding=\"async\" class=\"aligncenter size-large wp-image-15001\" src=\"http:\/\/1001voyagesgourmands.com\/wp-content\/uploads\/2015\/08\/Champagne_Cote_des_blancs_Epernay-39-1024x678.jpg\" alt=\"O tom, jak\u00fd byl n\u00e1\u0161 v\u00fdlet do Champagne - tentokr\u00e1t do oblasti C\u00f4te des Blancs s n\u00e1v\u0161t\u011bvou m\u011bsta \u00c9pernay a za zkroucen\u00fdmi stromy do Faux de Verzy.\" width=\"1024\" height=\"678\" srcset=\"https:\/\/1001voyagesgourmands.com\/wp-content\/uploads\/2015\/08\/Champagne_Cote_des_blancs_Epernay-39-1024x678.jpg 1024w, https:\/\/1001voyagesgourmands.com\/wp-content\/uploads\/2015\/08\/Champagne_Cote_des_blancs_Epernay-39-263x175.jpg 263w, https:\/\/1001voyagesgourmands.com\/wp-content\/uploads\/2015\/08\/Champagne_Cote_des_blancs_Epernay-39-800x530.jpg 800w, https:\/\/1001voyagesgourmands.com\/wp-content\/uploads\/2015\/08\/Champagne_Cote_des_blancs_Epernay-39-300x199.jpg 300w, https:\/\/1001voyagesgourmands.com\/wp-content\/uploads\/2015\/08\/Champagne_Cote_des_blancs_Epernay-39-768x509.jpg 768w, https:\/\/1001voyagesgourmands.com\/wp-content\/uploads\/2015\/08\/Champagne_Cote_des_blancs_Epernay-39-1170x775.jpg 1170w, https:\/\/1001voyagesgourmands.com\/wp-content\/uploads\/2015\/08\/Champagne_Cote_des_blancs_Epernay-39-780x516.jpg 780w, https:\/\/1001voyagesgourmands.com\/wp-content\/uploads\/2015\/08\/Champagne_Cote_des_blancs_Epernay-39-585x388.jpg 585w, https:\/\/1001voyagesgourmands.com\/wp-content\/uploads\/2015\/08\/Champagne_Cote_des_blancs_Epernay-39.jpg 1600w\" sizes=\"auto, (max-width: 1024px) 100vw, 1024px\" \/> <img loading=\"lazy\" decoding=\"async\" class=\"aligncenter size-large wp-image-15025\" src=\"http:\/\/1001voyagesgourmands.com\/wp-content\/uploads\/2015\/08\/Champagne_Cote_des_blancs_Epernay-3-1024x724.jpg\" alt=\"O tom, jak\u00fd byl n\u00e1\u0161 v\u00fdlet do Champagne - tentokr\u00e1t do oblasti C\u00f4te des Blancs s n\u00e1v\u0161t\u011bvou m\u011bsta \u00c9pernay a za zkroucen\u00fdmi stromy do Faux de Verzy.\" width=\"1024\" height=\"724\" srcset=\"https:\/\/1001voyagesgourmands.com\/wp-content\/uploads\/2015\/08\/Champagne_Cote_des_blancs_Epernay-3-1024x724.jpg 1024w, https:\/\/1001voyagesgourmands.com\/wp-content\/uploads\/2015\/08\/Champagne_Cote_des_blancs_Epernay-3-300x212.jpg 300w, https:\/\/1001voyagesgourmands.com\/wp-content\/uploads\/2015\/08\/Champagne_Cote_des_blancs_Epernay-3-768x543.jpg 768w, https:\/\/1001voyagesgourmands.com\/wp-content\/uploads\/2015\/08\/Champagne_Cote_des_blancs_Epernay-3-1170x827.jpg 1170w, https:\/\/1001voyagesgourmands.com\/wp-content\/uploads\/2015\/08\/Champagne_Cote_des_blancs_Epernay-3-585x413.jpg 585w, https:\/\/1001voyagesgourmands.com\/wp-content\/uploads\/2015\/08\/Champagne_Cote_des_blancs_Epernay-3.jpg 1500w\" sizes=\"auto, (max-width: 1024px) 100vw, 1024px\" \/> <img loading=\"lazy\" decoding=\"async\" class=\"aligncenter size-large wp-image-15005\" src=\"http:\/\/1001voyagesgourmands.com\/wp-content\/uploads\/2015\/08\/Champagne_Cote_des_blancs_Epernay-41-1024x678.jpg\" alt=\"O tom, jak\u00fd byl n\u00e1\u0161 v\u00fdlet do Champagne - tentokr\u00e1t do oblasti C\u00f4te des Blancs s n\u00e1v\u0161t\u011bvou m\u011bsta \u00c9pernay a za zkroucen\u00fdmi stromy do Faux de Verzy.\" width=\"1024\" height=\"678\" srcset=\"https:\/\/1001voyagesgourmands.com\/wp-content\/uploads\/2015\/08\/Champagne_Cote_des_blancs_Epernay-41-1024x678.jpg 1024w, https:\/\/1001voyagesgourmands.com\/wp-content\/uploads\/2015\/08\/Champagne_Cote_des_blancs_Epernay-41-263x175.jpg 263w, https:\/\/1001voyagesgourmands.com\/wp-content\/uploads\/2015\/08\/Champagne_Cote_des_blancs_Epernay-41-800x530.jpg 800w, https:\/\/1001voyagesgourmands.com\/wp-content\/uploads\/2015\/08\/Champagne_Cote_des_blancs_Epernay-41-300x199.jpg 300w, https:\/\/1001voyagesgourmands.com\/wp-content\/uploads\/2015\/08\/Champagne_Cote_des_blancs_Epernay-41-768x509.jpg 768w, https:\/\/1001voyagesgourmands.com\/wp-content\/uploads\/2015\/08\/Champagne_Cote_des_blancs_Epernay-41-1170x775.jpg 1170w, https:\/\/1001voyagesgourmands.com\/wp-content\/uploads\/2015\/08\/Champagne_Cote_des_blancs_Epernay-41-780x516.jpg 780w, https:\/\/1001voyagesgourmands.com\/wp-content\/uploads\/2015\/08\/Champagne_Cote_des_blancs_Epernay-41-585x388.jpg 585w, https:\/\/1001voyagesgourmands.com\/wp-content\/uploads\/2015\/08\/Champagne_Cote_des_blancs_Epernay-41.jpg 1600w\" sizes=\"auto, (max-width: 1024px) 100vw, 1024px\" \/><\/p>\n<p style=\"text-align: justify;\">&nbsp;<\/p>\n<h3 style=\"text-align: justify;\">Les Faux de Verzy<\/h3>\n<p style=\"text-align: justify;\">V\u00edkend jsme zakon\u010dili proch\u00e1zkou v p\u0159\u00edrodn\u00ed&nbsp;rezervaci&nbsp;<strong>Les Faux de Verzy<\/strong>, kousek od m\u011bsta Verzy v n\u00e1rodn\u00edm parku La Montagne de Reims. P\u0159ibli\u017en\u011b hodinku dlouh\u00e1 proch\u00e1zka lesem, kde najdete zvl\u00e1\u0161tn\u011b spleten\u00e9 a zauzlovan\u00e9 stromy, jejich\u017e p\u016fvod je pro v\u011bdce st\u00e1le enigmou. Les Faux de Verzy \u010d\u00edt\u00e1 na v\u00edce ne\u017e 1000 deformovan\u00fdch strom\u016f a jde tak o nejv\u011bt\u0161\u00ed rezervaci tohoto druhu na sv\u011bt\u011b.&nbsp;Stezka je p\u0159\u00edstupn\u00e1 z parkingu Les Pins nebo parkingu les Faux.&nbsp;<\/p>\n<p style=\"text-align: justify;\"><img loading=\"lazy\" decoding=\"async\" class=\"aligncenter size-large wp-image-15009\" src=\"http:\/\/1001voyagesgourmands.com\/wp-content\/uploads\/2015\/08\/Champagne_Cote_des_blancs_Epernay-43-1024x678.jpg\" alt=\"O tom, jak\u00fd byl n\u00e1\u0161 v\u00fdlet do Champagne - tentokr\u00e1t do oblasti C\u00f4te des Blancs s n\u00e1v\u0161t\u011bvou m\u011bsta \u00c9pernay a za zkroucen\u00fdmi stromy do Faux de Verzy.\" width=\"1024\" height=\"678\" srcset=\"https:\/\/1001voyagesgourmands.com\/wp-content\/uploads\/2015\/08\/Champagne_Cote_des_blancs_Epernay-43-1024x678.jpg 1024w, https:\/\/1001voyagesgourmands.com\/wp-content\/uploads\/2015\/08\/Champagne_Cote_des_blancs_Epernay-43-263x175.jpg 263w, https:\/\/1001voyagesgourmands.com\/wp-content\/uploads\/2015\/08\/Champagne_Cote_des_blancs_Epernay-43-800x530.jpg 800w, https:\/\/1001voyagesgourmands.com\/wp-content\/uploads\/2015\/08\/Champagne_Cote_des_blancs_Epernay-43-300x199.jpg 300w, https:\/\/1001voyagesgourmands.com\/wp-content\/uploads\/2015\/08\/Champagne_Cote_des_blancs_Epernay-43-768x509.jpg 768w, https:\/\/1001voyagesgourmands.com\/wp-content\/uploads\/2015\/08\/Champagne_Cote_des_blancs_Epernay-43-1170x775.jpg 1170w, https:\/\/1001voyagesgourmands.com\/wp-content\/uploads\/2015\/08\/Champagne_Cote_des_blancs_Epernay-43-780x516.jpg 780w, https:\/\/1001voyagesgourmands.com\/wp-content\/uploads\/2015\/08\/Champagne_Cote_des_blancs_Epernay-43-585x388.jpg 585w, https:\/\/1001voyagesgourmands.com\/wp-content\/uploads\/2015\/08\/Champagne_Cote_des_blancs_Epernay-43.jpg 1600w\" sizes=\"auto, (max-width: 1024px) 100vw, 1024px\" \/> <img loading=\"lazy\" decoding=\"async\" class=\"aligncenter size-large wp-image-15007\" src=\"http:\/\/1001voyagesgourmands.com\/wp-content\/uploads\/2015\/08\/Champagne_Cote_des_blancs_Epernay-42-1024x678.jpg\" alt=\"O tom, jak\u00fd byl n\u00e1\u0161 v\u00fdlet do Champagne - tentokr\u00e1t do oblasti C\u00f4te des Blancs s n\u00e1v\u0161t\u011bvou m\u011bsta \u00c9pernay a za zkroucen\u00fdmi stromy do Faux de Verzy.\" width=\"1024\" height=\"678\" srcset=\"https:\/\/1001voyagesgourmands.com\/wp-content\/uploads\/2015\/08\/Champagne_Cote_des_blancs_Epernay-42-1024x678.jpg 1024w, https:\/\/1001voyagesgourmands.com\/wp-content\/uploads\/2015\/08\/Champagne_Cote_des_blancs_Epernay-42-263x175.jpg 263w, https:\/\/1001voyagesgourmands.com\/wp-content\/uploads\/2015\/08\/Champagne_Cote_des_blancs_Epernay-42-800x530.jpg 800w, https:\/\/1001voyagesgourmands.com\/wp-content\/uploads\/2015\/08\/Champagne_Cote_des_blancs_Epernay-42-300x199.jpg 300w, https:\/\/1001voyagesgourmands.com\/wp-content\/uploads\/2015\/08\/Champagne_Cote_des_blancs_Epernay-42-768x509.jpg 768w, https:\/\/1001voyagesgourmands.com\/wp-content\/uploads\/2015\/08\/Champagne_Cote_des_blancs_Epernay-42-1170x775.jpg 1170w, https:\/\/1001voyagesgourmands.com\/wp-content\/uploads\/2015\/08\/Champagne_Cote_des_blancs_Epernay-42-780x516.jpg 780w, https:\/\/1001voyagesgourmands.com\/wp-content\/uploads\/2015\/08\/Champagne_Cote_des_blancs_Epernay-42-585x388.jpg 585w, https:\/\/1001voyagesgourmands.com\/wp-content\/uploads\/2015\/08\/Champagne_Cote_des_blancs_Epernay-42.jpg 1600w\" sizes=\"auto, (max-width: 1024px) 100vw, 1024px\" \/> <img loading=\"lazy\" decoding=\"async\" class=\"aligncenter wp-image-15013\" src=\"http:\/\/1001voyagesgourmands.com\/wp-content\/uploads\/2015\/08\/Champagne_Cote_des_blancs_Epernay-45-678x1024.jpg\" alt=\"O tom, jak\u00fd byl n\u00e1\u0161 v\u00fdlet do Champagne - tentokr\u00e1t do oblasti C\u00f4te des Blancs s n\u00e1v\u0161t\u011bvou m\u011bsta \u00c9pernay a za zkroucen\u00fdmi stromy do Faux de Verzy.\" width=\"890\" height=\"1344\" srcset=\"https:\/\/1001voyagesgourmands.com\/wp-content\/uploads\/2015\/08\/Champagne_Cote_des_blancs_Epernay-45-678x1024.jpg 678w, https:\/\/1001voyagesgourmands.com\/wp-content\/uploads\/2015\/08\/Champagne_Cote_des_blancs_Epernay-45-199x300.jpg 199w, https:\/\/1001voyagesgourmands.com\/wp-content\/uploads\/2015\/08\/Champagne_Cote_des_blancs_Epernay-45-768x1160.jpg 768w, https:\/\/1001voyagesgourmands.com\/wp-content\/uploads\/2015\/08\/Champagne_Cote_des_blancs_Epernay-45-1170x1767.jpg 1170w, https:\/\/1001voyagesgourmands.com\/wp-content\/uploads\/2015\/08\/Champagne_Cote_des_blancs_Epernay-45-585x883.jpg 585w, https:\/\/1001voyagesgourmands.com\/wp-content\/uploads\/2015\/08\/Champagne_Cote_des_blancs_Epernay-45.jpg 1600w\" sizes=\"auto, (max-width: 890px) 100vw, 890px\" \/> <img loading=\"lazy\" decoding=\"async\" class=\"aligncenter size-large wp-image-15011\" src=\"http:\/\/1001voyagesgourmands.com\/wp-content\/uploads\/2015\/08\/Champagne_Cote_des_blancs_Epernay-44-1024x678.jpg\" alt=\"O tom, jak\u00fd byl n\u00e1\u0161 v\u00fdlet do Champagne - tentokr\u00e1t do oblasti C\u00f4te des Blancs s n\u00e1v\u0161t\u011bvou m\u011bsta \u00c9pernay a za zkroucen\u00fdmi stromy do Faux de Verzy.\" width=\"1024\" height=\"678\" srcset=\"https:\/\/1001voyagesgourmands.com\/wp-content\/uploads\/2015\/08\/Champagne_Cote_des_blancs_Epernay-44-1024x678.jpg 1024w, https:\/\/1001voyagesgourmands.com\/wp-content\/uploads\/2015\/08\/Champagne_Cote_des_blancs_Epernay-44-263x175.jpg 263w, https:\/\/1001voyagesgourmands.com\/wp-content\/uploads\/2015\/08\/Champagne_Cote_des_blancs_Epernay-44-800x530.jpg 800w, https:\/\/1001voyagesgourmands.com\/wp-content\/uploads\/2015\/08\/Champagne_Cote_des_blancs_Epernay-44-300x199.jpg 300w, https:\/\/1001voyagesgourmands.com\/wp-content\/uploads\/2015\/08\/Champagne_Cote_des_blancs_Epernay-44-768x509.jpg 768w, https:\/\/1001voyagesgourmands.com\/wp-content\/uploads\/2015\/08\/Champagne_Cote_des_blancs_Epernay-44-1170x775.jpg 1170w, https:\/\/1001voyagesgourmands.com\/wp-content\/uploads\/2015\/08\/Champagne_Cote_des_blancs_Epernay-44-780x516.jpg 780w, https:\/\/1001voyagesgourmands.com\/wp-content\/uploads\/2015\/08\/Champagne_Cote_des_blancs_Epernay-44-585x388.jpg 585w, https:\/\/1001voyagesgourmands.com\/wp-content\/uploads\/2015\/08\/Champagne_Cote_des_blancs_Epernay-44.jpg 1600w\" sizes=\"auto, (max-width: 1024px) 100vw, 1024px\" \/> <img loading=\"lazy\" decoding=\"async\" class=\"aligncenter size-large wp-image-15015\" src=\"http:\/\/1001voyagesgourmands.com\/wp-content\/uploads\/2015\/08\/Champagne_Cote_des_blancs_Epernay-46-1024x678.jpg\" alt=\"O tom, jak\u00fd byl n\u00e1\u0161 v\u00fdlet do Champagne - tentokr\u00e1t do oblasti C\u00f4te des Blancs s n\u00e1v\u0161t\u011bvou m\u011bsta \u00c9pernay a za zkroucen\u00fdmi stromy do Faux de Verzy.\" width=\"1024\" height=\"678\" srcset=\"https:\/\/1001voyagesgourmands.com\/wp-content\/uploads\/2015\/08\/Champagne_Cote_des_blancs_Epernay-46-1024x678.jpg 1024w, https:\/\/1001voyagesgourmands.com\/wp-content\/uploads\/2015\/08\/Champagne_Cote_des_blancs_Epernay-46-263x175.jpg 263w, https:\/\/1001voyagesgourmands.com\/wp-content\/uploads\/2015\/08\/Champagne_Cote_des_blancs_Epernay-46-800x530.jpg 800w, https:\/\/1001voyagesgourmands.com\/wp-content\/uploads\/2015\/08\/Champagne_Cote_des_blancs_Epernay-46-300x199.jpg 300w, https:\/\/1001voyagesgourmands.com\/wp-content\/uploads\/2015\/08\/Champagne_Cote_des_blancs_Epernay-46-768x509.jpg 768w, https:\/\/1001voyagesgourmands.com\/wp-content\/uploads\/2015\/08\/Champagne_Cote_des_blancs_Epernay-46-1170x775.jpg 1170w, https:\/\/1001voyagesgourmands.com\/wp-content\/uploads\/2015\/08\/Champagne_Cote_des_blancs_Epernay-46-780x516.jpg 780w, https:\/\/1001voyagesgourmands.com\/wp-content\/uploads\/2015\/08\/Champagne_Cote_des_blancs_Epernay-46-585x388.jpg 585w, https:\/\/1001voyagesgourmands.com\/wp-content\/uploads\/2015\/08\/Champagne_Cote_des_blancs_Epernay-46.jpg 1600w\" sizes=\"auto, (max-width: 1024px) 100vw, 1024px\" \/> <img loading=\"lazy\" decoding=\"async\" class=\"aligncenter size-large wp-image-15017\" src=\"http:\/\/1001voyagesgourmands.com\/wp-content\/uploads\/2015\/08\/Champagne_Cote_des_blancs_Epernay-47-1024x678.jpg\" alt=\"O tom, jak\u00fd byl n\u00e1\u0161 v\u00fdlet do Champagne - tentokr\u00e1t do oblasti C\u00f4te des Blancs s n\u00e1v\u0161t\u011bvou m\u011bsta \u00c9pernay a za zkroucen\u00fdmi stromy do Faux de Verzy.\" width=\"1024\" height=\"678\" srcset=\"https:\/\/1001voyagesgourmands.com\/wp-content\/uploads\/2015\/08\/Champagne_Cote_des_blancs_Epernay-47-1024x678.jpg 1024w, https:\/\/1001voyagesgourmands.com\/wp-content\/uploads\/2015\/08\/Champagne_Cote_des_blancs_Epernay-47-263x175.jpg 263w, https:\/\/1001voyagesgourmands.com\/wp-content\/uploads\/2015\/08\/Champagne_Cote_des_blancs_Epernay-47-800x530.jpg 800w, https:\/\/1001voyagesgourmands.com\/wp-content\/uploads\/2015\/08\/Champagne_Cote_des_blancs_Epernay-47-300x199.jpg 300w, https:\/\/1001voyagesgourmands.com\/wp-content\/uploads\/2015\/08\/Champagne_Cote_des_blancs_Epernay-47-768x509.jpg 768w, https:\/\/1001voyagesgourmands.com\/wp-content\/uploads\/2015\/08\/Champagne_Cote_des_blancs_Epernay-47-1170x775.jpg 1170w, https:\/\/1001voyagesgourmands.com\/wp-content\/uploads\/2015\/08\/Champagne_Cote_des_blancs_Epernay-47-780x516.jpg 780w, https:\/\/1001voyagesgourmands.com\/wp-content\/uploads\/2015\/08\/Champagne_Cote_des_blancs_Epernay-47-585x388.jpg 585w, https:\/\/1001voyagesgourmands.com\/wp-content\/uploads\/2015\/08\/Champagne_Cote_des_blancs_Epernay-47.jpg 1600w\" sizes=\"auto, (max-width: 1024px) 100vw, 1024px\" \/><\/p>\n<p>&nbsp;<\/p>\n<p><em>A co vy, m\u00e1te r\u00e1di v\u00fdlety za v\u00ednem? Zaj\u00edmalo by m\u011b, kde se v\u00e1m l\u00edbilo a zda nem\u00e1te n\u011bjak\u00e9 tipy na oblasti a m\u00edsta, kter\u00e9 stoj\u00ed za to prozkoumat. Pokud ano, pod\u011blte se s nimi prost\u0159ednictv\u00edm koment\u00e1\u0159\u016f! Ud\u011blali jste si n\u011bkdo v\u00fdlet do Champagne? Pokud ano, kam a co v\u00e1s tu zaujalo?<\/em><\/p>\n<p>&nbsp;<\/p>\n<p style=\"text-align: center;\"><strong>L\u00edbil se \u010dl\u00e1nek? Ulo\u017ete si ho na Pinterest na pozd\u011bj\u0161\u00ed vyu\u017eit\u00ed!<\/strong><\/p>\n<p><img loading=\"lazy\" decoding=\"async\" class=\"aligncenter wp-image-15063\" src=\"http:\/\/1001voyagesgourmands.com\/wp-content\/uploads\/2015\/08\/Champagne_Cote_des_blancs_Epernay_PIN2-683x1024.jpg\" alt=\"O tom, jak\u00fd byl n\u00e1\u0161 v\u00fdlet do Champagne - tentokr\u00e1t do oblasti C\u00f4te des Blancs s n\u00e1v\u0161t\u011bvou m\u011bsta \u00c9pernay a za zkroucen\u00fdmi stromy do Faux de Verzy.\" width=\"499\" height=\"748\" srcset=\"https:\/\/1001voyagesgourmands.com\/wp-content\/uploads\/2015\/08\/Champagne_Cote_des_blancs_Epernay_PIN2-683x1024.jpg 683w, https:\/\/1001voyagesgourmands.com\/wp-content\/uploads\/2015\/08\/Champagne_Cote_des_blancs_Epernay_PIN2-200x300.jpg 200w, https:\/\/1001voyagesgourmands.com\/wp-content\/uploads\/2015\/08\/Champagne_Cote_des_blancs_Epernay_PIN2-585x877.jpg 585w, https:\/\/1001voyagesgourmands.com\/wp-content\/uploads\/2015\/08\/Champagne_Cote_des_blancs_Epernay_PIN2.jpg 735w\" sizes=\"auto, (max-width: 499px) 100vw, 499px\" \/><\/p>\n","protected":false},"excerpt":{"rendered":"<p>Champagne jsem nav\u0161t\u00edvila ji\u017e dvakr\u00e1t. Poprv\u00e9 jsme s kamar\u00e1dkou projely nejji\u017en\u011bj\u0161\u00ed \u010d\u00e1st Champagne C\u00f4te des Bars&nbsp;v z\u00e1\u0159\u00ed 2014 a letos v \u010dervenci jsme podnikli druh\u00fd v\u00fdlet do Champagne, tentokr\u00e1t do oblasti C\u00f4te des Blancs. Sestra tu byla na n\u00e1v\u0161t\u011bv\u011b v Belgii, a tak jsme ji &nbsp;s m\u00fdm Belgi\u010danem vyt\u00e1hli na&hellip;<\/p>\n","protected":false},"author":1,"featured_media":14973,"comment_status":"open","ping_status":"open","sticky":false,"template":"","format":"standard","meta":{"_exactmetrics_skip_tracking":false,"_exactmetrics_sitenote_active":false,"_exactmetrics_sitenote_note":"","_exactmetrics_sitenote_category":0,"_lmt_disableupdate":"","_lmt_disable":"","footnotes":""},"categories":[4,7],"tags":[40,256,257,255,368,339],"class_list":["post-3968","post","type-post","status-publish","format-standard","has-post-thumbnail","hentry","category-cestovani","category-francie","tag-francie","tag-sampanske","tag-vikendove-vylety","tag-vino","tag-vylety-z-bruselu","tag-vylety-za-vinem"],"yoast_head":"<!-- This site is optimized with the Yoast SEO plugin v26.1.1 - https:\/\/yoast.com\/wordpress\/plugins\/seo\/ -->\n<title>V\u00fdlet do Champagne - C\u00f4te des Blancs a m\u011bsto \u00c9pernay - 1001 Voyages Gourmands<\/title>\n<meta name=\"description\" content=\"O tom, jak\u00fd byl n\u00e1\u0161 v\u00fdlet do Champagne - tentokr\u00e1t do oblasti C\u00f4te des Blancs s n\u00e1v\u0161t\u011bvou m\u011bsta \u00c9pernay a za zkroucen\u00fdmi stromy do Faux de Verzy.\" \/>\n<meta name=\"robots\" content=\"index, follow, max-snippet:-1, max-image-preview:large, max-video-preview:-1\" \/>\n<link rel=\"canonical\" href=\"https:\/\/1001voyagesgourmands.com\/cs\/champagne-cote-des-blancs\/\" \/>\n<meta property=\"og:locale\" content=\"cs_CZ\" \/>\n<meta property=\"og:type\" content=\"article\" \/>\n<meta property=\"og:title\" content=\"V\u00fdlet do Champagne - C\u00f4te des Blancs a m\u011bsto \u00c9pernay - 1001 Voyages Gourmands\" \/>\n<meta property=\"og:description\" content=\"O tom, jak\u00fd byl n\u00e1\u0161 v\u00fdlet do Champagne - tentokr\u00e1t do oblasti C\u00f4te des Blancs s n\u00e1v\u0161t\u011bvou m\u011bsta \u00c9pernay a za zkroucen\u00fdmi stromy do Faux de Verzy.\" \/>\n<meta property=\"og:url\" content=\"https:\/\/1001voyagesgourmands.com\/cs\/champagne-cote-des-blancs\/\" \/>\n<meta property=\"og:site_name\" content=\"1001 Voyages Gourmands\" \/>\n<meta property=\"article:publisher\" content=\"https:\/\/www.facebook.com\/1001voyagesgourmands\" \/>\n<meta property=\"article:published_time\" content=\"2015-08-23T16:03:06+00:00\" \/>\n<meta property=\"article:modified_time\" content=\"2017-02-02T20:56:30+00:00\" \/>\n<meta property=\"og:image\" content=\"https:\/\/1001voyagesgourmands.com\/wp-content\/uploads\/2015\/08\/Champagne_Cote_des_blancs_Epernay-25.jpg\" \/>\n\t<meta property=\"og:image:width\" content=\"1600\" \/>\n\t<meta property=\"og:image:height\" content=\"1060\" \/>\n\t<meta property=\"og:image:type\" content=\"image\/jpeg\" \/>\n<meta name=\"author\" content=\"Michaela\" \/>\n<meta name=\"twitter:card\" content=\"summary_large_image\" \/>\n<meta name=\"twitter:creator\" content=\"@michaela_1001vg\" \/>\n<meta name=\"twitter:site\" content=\"@michaela_1001vg\" \/>\n<meta name=\"twitter:label1\" content=\"Napsal(a)\" \/>\n\t<meta name=\"twitter:data1\" content=\"Michaela\" \/>\n\t<meta name=\"twitter:label2\" content=\"Odhadovan\u00e1 doba \u010dten\u00ed\" \/>\n\t<meta name=\"twitter:data2\" content=\"7 minut\" \/>\n<script type=\"application\/ld+json\" class=\"yoast-schema-graph\">{\"@context\":\"https:\/\/schema.org\",\"@graph\":[{\"@type\":\"WebPage\",\"@id\":\"https:\/\/1001voyagesgourmands.com\/cs\/champagne-cote-des-blancs\/\",\"url\":\"https:\/\/1001voyagesgourmands.com\/cs\/champagne-cote-des-blancs\/\",\"name\":\"V\u00fdlet do Champagne - C\u00f4te des Blancs a m\u011bsto \u00c9pernay - 1001 Voyages Gourmands\",\"isPartOf\":{\"@id\":\"https:\/\/1001voyagesgourmands.com\/cs\/#website\"},\"primaryImageOfPage\":{\"@id\":\"https:\/\/1001voyagesgourmands.com\/cs\/champagne-cote-des-blancs\/#primaryimage\"},\"image\":{\"@id\":\"https:\/\/1001voyagesgourmands.com\/cs\/champagne-cote-des-blancs\/#primaryimage\"},\"thumbnailUrl\":\"https:\/\/1001voyagesgourmands.com\/wp-content\/uploads\/2015\/08\/Champagne_Cote_des_blancs_Epernay-25.jpg\",\"datePublished\":\"2015-08-23T16:03:06+00:00\",\"dateModified\":\"2017-02-02T20:56:30+00:00\",\"author\":{\"@id\":\"https:\/\/1001voyagesgourmands.com\/cs\/#\/schema\/person\/62e0e7238fcf7482b23bf83e1b72ff1b\"},\"description\":\"O tom, jak\u00fd byl n\u00e1\u0161 v\u00fdlet do Champagne - tentokr\u00e1t do oblasti C\u00f4te des Blancs s n\u00e1v\u0161t\u011bvou m\u011bsta \u00c9pernay a za zkroucen\u00fdmi stromy do Faux de Verzy.\",\"breadcrumb\":{\"@id\":\"https:\/\/1001voyagesgourmands.com\/cs\/champagne-cote-des-blancs\/#breadcrumb\"},\"inLanguage\":\"cs\",\"potentialAction\":[{\"@type\":\"ReadAction\",\"target\":[\"https:\/\/1001voyagesgourmands.com\/cs\/champagne-cote-des-blancs\/\"]}]},{\"@type\":\"ImageObject\",\"inLanguage\":\"cs\",\"@id\":\"https:\/\/1001voyagesgourmands.com\/cs\/champagne-cote-des-blancs\/#primaryimage\",\"url\":\"https:\/\/1001voyagesgourmands.com\/wp-content\/uploads\/2015\/08\/Champagne_Cote_des_blancs_Epernay-25.jpg\",\"contentUrl\":\"https:\/\/1001voyagesgourmands.com\/wp-content\/uploads\/2015\/08\/Champagne_Cote_des_blancs_Epernay-25.jpg\",\"width\":1600,\"height\":1060,\"caption\":\"O tom, jak\u00fd byl n\u00e1\u0161 v\u00fdlet do Champagne - tentokr\u00e1t do oblasti C\u00f4te des Blancs s n\u00e1v\u0161t\u011bvou m\u011bsta \u00c9pernay a za zkroucen\u00fdmi stromy do Faux de Verzy.\"},{\"@type\":\"BreadcrumbList\",\"@id\":\"https:\/\/1001voyagesgourmands.com\/cs\/champagne-cote-des-blancs\/#breadcrumb\",\"itemListElement\":[{\"@type\":\"ListItem\",\"position\":1,\"name\":\"Dom\u016f\",\"item\":\"https:\/\/1001voyagesgourmands.com\/cs\/\"},{\"@type\":\"ListItem\",\"position\":2,\"name\":\"V\u00fdlet do Champagne &#8211; C\u00f4te des Blancs a m\u011bsto \u00c9pernay\"}]},{\"@type\":\"WebSite\",\"@id\":\"https:\/\/1001voyagesgourmands.com\/cs\/#website\",\"url\":\"https:\/\/1001voyagesgourmands.com\/cs\/\",\"name\":\"1001 Voyages Gourmands\",\"description\":\"Food | Travel | Photography\",\"potentialAction\":[{\"@type\":\"SearchAction\",\"target\":{\"@type\":\"EntryPoint\",\"urlTemplate\":\"https:\/\/1001voyagesgourmands.com\/cs\/?s={search_term_string}\"},\"query-input\":{\"@type\":\"PropertyValueSpecification\",\"valueRequired\":true,\"valueName\":\"search_term_string\"}}],\"inLanguage\":\"cs\"},{\"@type\":\"Person\",\"@id\":\"https:\/\/1001voyagesgourmands.com\/cs\/#\/schema\/person\/62e0e7238fcf7482b23bf83e1b72ff1b\",\"name\":\"Michaela\",\"image\":{\"@type\":\"ImageObject\",\"inLanguage\":\"cs\",\"@id\":\"https:\/\/1001voyagesgourmands.com\/cs\/#\/schema\/person\/image\/\",\"url\":\"https:\/\/secure.gravatar.com\/avatar\/73fa562a5b0ce269ca480f67de504b8ecac054a121d170e226f1b79e02024cb8?s=96&d=mm&r=g\",\"contentUrl\":\"https:\/\/secure.gravatar.com\/avatar\/73fa562a5b0ce269ca480f67de504b8ecac054a121d170e226f1b79e02024cb8?s=96&d=mm&r=g\",\"caption\":\"Michaela\"},\"sameAs\":[\"http:\/\/1001voyagesgourmands.com\"]}]}<\/script>\n<!-- \/ Yoast SEO plugin. -->","yoast_head_json":{"title":"V\u00fdlet do Champagne - C\u00f4te des Blancs a m\u011bsto \u00c9pernay - 1001 Voyages Gourmands","description":"O tom, jak\u00fd byl n\u00e1\u0161 v\u00fdlet do Champagne - tentokr\u00e1t do oblasti C\u00f4te des Blancs s n\u00e1v\u0161t\u011bvou m\u011bsta \u00c9pernay a za zkroucen\u00fdmi stromy do Faux de Verzy.","robots":{"index":"index","follow":"follow","max-snippet":"max-snippet:-1","max-image-preview":"max-image-preview:large","max-video-preview":"max-video-preview:-1"},"canonical":"https:\/\/1001voyagesgourmands.com\/cs\/champagne-cote-des-blancs\/","og_locale":"cs_CZ","og_type":"article","og_title":"V\u00fdlet do Champagne - C\u00f4te des Blancs a m\u011bsto \u00c9pernay - 1001 Voyages Gourmands","og_description":"O tom, jak\u00fd byl n\u00e1\u0161 v\u00fdlet do Champagne - tentokr\u00e1t do oblasti C\u00f4te des Blancs s n\u00e1v\u0161t\u011bvou m\u011bsta \u00c9pernay a za zkroucen\u00fdmi stromy do Faux de Verzy.","og_url":"https:\/\/1001voyagesgourmands.com\/cs\/champagne-cote-des-blancs\/","og_site_name":"1001 Voyages Gourmands","article_publisher":"https:\/\/www.facebook.com\/1001voyagesgourmands","article_published_time":"2015-08-23T16:03:06+00:00","article_modified_time":"2017-02-02T20:56:30+00:00","og_image":[{"width":1600,"height":1060,"url":"https:\/\/1001voyagesgourmands.com\/wp-content\/uploads\/2015\/08\/Champagne_Cote_des_blancs_Epernay-25.jpg","type":"image\/jpeg"}],"author":"Michaela","twitter_card":"summary_large_image","twitter_creator":"@michaela_1001vg","twitter_site":"@michaela_1001vg","twitter_misc":{"Napsal(a)":"Michaela","Odhadovan\u00e1 doba \u010dten\u00ed":"7 minut"},"schema":{"@context":"https:\/\/schema.org","@graph":[{"@type":"WebPage","@id":"https:\/\/1001voyagesgourmands.com\/cs\/champagne-cote-des-blancs\/","url":"https:\/\/1001voyagesgourmands.com\/cs\/champagne-cote-des-blancs\/","name":"V\u00fdlet do Champagne - C\u00f4te des Blancs a m\u011bsto \u00c9pernay - 1001 Voyages Gourmands","isPartOf":{"@id":"https:\/\/1001voyagesgourmands.com\/cs\/#website"},"primaryImageOfPage":{"@id":"https:\/\/1001voyagesgourmands.com\/cs\/champagne-cote-des-blancs\/#primaryimage"},"image":{"@id":"https:\/\/1001voyagesgourmands.com\/cs\/champagne-cote-des-blancs\/#primaryimage"},"thumbnailUrl":"https:\/\/1001voyagesgourmands.com\/wp-content\/uploads\/2015\/08\/Champagne_Cote_des_blancs_Epernay-25.jpg","datePublished":"2015-08-23T16:03:06+00:00","dateModified":"2017-02-02T20:56:30+00:00","author":{"@id":"https:\/\/1001voyagesgourmands.com\/cs\/#\/schema\/person\/62e0e7238fcf7482b23bf83e1b72ff1b"},"description":"O tom, jak\u00fd byl n\u00e1\u0161 v\u00fdlet do Champagne - tentokr\u00e1t do oblasti C\u00f4te des Blancs s n\u00e1v\u0161t\u011bvou m\u011bsta \u00c9pernay a za zkroucen\u00fdmi stromy do Faux de Verzy.","breadcrumb":{"@id":"https:\/\/1001voyagesgourmands.com\/cs\/champagne-cote-des-blancs\/#breadcrumb"},"inLanguage":"cs","potentialAction":[{"@type":"ReadAction","target":["https:\/\/1001voyagesgourmands.com\/cs\/champagne-cote-des-blancs\/"]}]},{"@type":"ImageObject","inLanguage":"cs","@id":"https:\/\/1001voyagesgourmands.com\/cs\/champagne-cote-des-blancs\/#primaryimage","url":"https:\/\/1001voyagesgourmands.com\/wp-content\/uploads\/2015\/08\/Champagne_Cote_des_blancs_Epernay-25.jpg","contentUrl":"https:\/\/1001voyagesgourmands.com\/wp-content\/uploads\/2015\/08\/Champagne_Cote_des_blancs_Epernay-25.jpg","width":1600,"height":1060,"caption":"O tom, jak\u00fd byl n\u00e1\u0161 v\u00fdlet do Champagne - tentokr\u00e1t do oblasti C\u00f4te des Blancs s n\u00e1v\u0161t\u011bvou m\u011bsta \u00c9pernay a za zkroucen\u00fdmi stromy do Faux de Verzy."},{"@type":"BreadcrumbList","@id":"https:\/\/1001voyagesgourmands.com\/cs\/champagne-cote-des-blancs\/#breadcrumb","itemListElement":[{"@type":"ListItem","position":1,"name":"Dom\u016f","item":"https:\/\/1001voyagesgourmands.com\/cs\/"},{"@type":"ListItem","position":2,"name":"V\u00fdlet do Champagne &#8211; C\u00f4te des Blancs a m\u011bsto \u00c9pernay"}]},{"@type":"WebSite","@id":"https:\/\/1001voyagesgourmands.com\/cs\/#website","url":"https:\/\/1001voyagesgourmands.com\/cs\/","name":"1001 Voyages Gourmands","description":"Food | Travel | Photography","potentialAction":[{"@type":"SearchAction","target":{"@type":"EntryPoint","urlTemplate":"https:\/\/1001voyagesgourmands.com\/cs\/?s={search_term_string}"},"query-input":{"@type":"PropertyValueSpecification","valueRequired":true,"valueName":"search_term_string"}}],"inLanguage":"cs"},{"@type":"Person","@id":"https:\/\/1001voyagesgourmands.com\/cs\/#\/schema\/person\/62e0e7238fcf7482b23bf83e1b72ff1b","name":"Michaela","image":{"@type":"ImageObject","inLanguage":"cs","@id":"https:\/\/1001voyagesgourmands.com\/cs\/#\/schema\/person\/image\/","url":"https:\/\/secure.gravatar.com\/avatar\/73fa562a5b0ce269ca480f67de504b8ecac054a121d170e226f1b79e02024cb8?s=96&d=mm&r=g","contentUrl":"https:\/\/secure.gravatar.com\/avatar\/73fa562a5b0ce269ca480f67de504b8ecac054a121d170e226f1b79e02024cb8?s=96&d=mm&r=g","caption":"Michaela"},"sameAs":["http:\/\/1001voyagesgourmands.com"]}]}},"_links":{"self":[{"href":"https:\/\/1001voyagesgourmands.com\/cs\/wp-json\/wp\/v2\/posts\/3968","targetHints":{"allow":["GET"]}}],"collection":[{"href":"https:\/\/1001voyagesgourmands.com\/cs\/wp-json\/wp\/v2\/posts"}],"about":[{"href":"https:\/\/1001voyagesgourmands.com\/cs\/wp-json\/wp\/v2\/types\/post"}],"author":[{"embeddable":true,"href":"https:\/\/1001voyagesgourmands.com\/cs\/wp-json\/wp\/v2\/users\/1"}],"replies":[{"embeddable":true,"href":"https:\/\/1001voyagesgourmands.com\/cs\/wp-json\/wp\/v2\/comments?post=3968"}],"version-history":[{"count":0,"href":"https:\/\/1001voyagesgourmands.com\/cs\/wp-json\/wp\/v2\/posts\/3968\/revisions"}],"wp:featuredmedia":[{"embeddable":true,"href":"https:\/\/1001voyagesgourmands.com\/cs\/wp-json\/wp\/v2\/media\/14973"}],"wp:attachment":[{"href":"https:\/\/1001voyagesgourmands.com\/cs\/wp-json\/wp\/v2\/media?parent=3968"}],"wp:term":[{"taxonomy":"category","embeddable":true,"href":"https:\/\/1001voyagesgourmands.com\/cs\/wp-json\/wp\/v2\/categories?post=3968"},{"taxonomy":"post_tag","embeddable":true,"href":"https:\/\/1001voyagesgourmands.com\/cs\/wp-json\/wp\/v2\/tags?post=3968"}],"curies":[{"name":"wp","href":"https:\/\/api.w.org\/{rel}","templated":true}]}}