{"id":3661,"date":"2015-07-12T19:07:59","date_gmt":"2015-07-12T17:07:59","guid":{"rendered":"http:\/\/1001voyagesgourmands.com\/?p=3661"},"modified":"2020-12-02T12:24:37","modified_gmt":"2020-12-02T11:24:37","slug":"belgicke-pobrezi","status":"publish","type":"post","link":"https:\/\/1001voyagesgourmands.com\/cs\/belgicke-pobrezi\/","title":{"rendered":"Belgick\u00e9 pob\u0159e\u017e\u00ed"},"content":{"rendered":"<p style=\"text-align: justify;\">Pokud v Belgii tr\u00e1v\u00edte l\u00e9to, mohlo by v\u00e1s zaj\u00edmat, jak to vypad\u00e1 na pob\u0159e\u017e\u00ed. I kdy\u017e je Severn\u00ed mo\u0159e k\u0159i\u017eovatkou rybolovu a ropn\u00e9ho pr\u016fmyslu, a t\u00edm p\u00e1dem mo\u0159e nen\u00ed nej\u010dist\u011bj\u0161\u00ed, ani nejhez\u010d\u00ed \u010di nejteplej\u0161\u00ed, belgick\u00e9 pob\u0159e\u017e\u00ed stoj\u00ed i tak za n\u00e1v\u0161t\u011bvu. B\u011bhem hork\u00fdch letn\u00edch dn\u00ed m\u016f\u017ee b\u00fdt osv\u011b\u017euj\u00edc\u00ed mo\u0159sk\u00fd v\u00e1nek u Severn\u00edho mo\u0159e p\u0159\u00edjemn\u00fdm zp\u016fsobem, jak uniknout horku a vlhkosti v belgick\u00fdch m\u011bstech. Jak vypad\u00e1 belgick\u00e9 pob\u0159e\u017e\u00ed,&nbsp;co se kde d\u00e1 d\u011blat a jak se tam dostat se dozv\u00edte v tomto \u010dl\u00e1nku.<\/p>\n<p style=\"text-align: justify;\"><img loading=\"lazy\" decoding=\"async\" class=\"aligncenter wp-image-10199\" src=\"http:\/\/1001voyagesgourmands.com\/wp-content\/uploads\/2015\/07\/belgicke_pobrezi_pin-683x1024.jpg\" alt=\"Tr\u00e1v\u00edte l\u00e9to v Belgii nebo pobl\u00ed\u017e? Jak vypad\u00e1 belgick\u00e9 pob\u0159e\u017e\u00ed, co se kde d\u00e1 d\u011blat a jak se tam dostat se dozv\u00edte v tomto \u010dl\u00e1nku.\" width=\"550\" height=\"826\" srcset=\"https:\/\/1001voyagesgourmands.com\/wp-content\/uploads\/2015\/07\/belgicke_pobrezi_pin-683x1024.jpg 683w, https:\/\/1001voyagesgourmands.com\/wp-content\/uploads\/2015\/07\/belgicke_pobrezi_pin-200x300.jpg 200w, https:\/\/1001voyagesgourmands.com\/wp-content\/uploads\/2015\/07\/belgicke_pobrezi_pin-585x877.jpg 585w, https:\/\/1001voyagesgourmands.com\/wp-content\/uploads\/2015\/07\/belgicke_pobrezi_pin.jpg 735w\" sizes=\"auto, (max-width: 550px) 100vw, 550px\" \/><\/p>\n<p style=\"text-align: justify;\">&nbsp;<\/p>\n<h2 style=\"text-align: justify;\">Co mus\u00edte v\u011bd\u011bt, ne\u017e se vyd\u00e1te na belgick\u00e9 pob\u0159e\u017e\u00ed<\/h2>\n<p style=\"text-align: justify;\"><em><strong>Pravidlo&nbsp;#1: Slunce se v Belgii nevid\u00ed \u010dasto, a kdy\u017e u\u017e se uk\u00e1\u017ee, mus\u00ed se toho vyu\u017e\u00edt a cca 90 % populace migruje na pob\u0159e\u017e\u00ed. O\u010dek\u00e1vejte velk\u00e9 z\u00e1cpy na silnic\u00edch a vlaky pln\u00e9 lid\u00ed.&nbsp;<\/strong><\/em><\/p>\n<p style=\"text-align: justify;\">V p\u0159\u00edpad\u011b, \u017ee m\u00e1te \u0161t\u011bst\u00ed a nejste ob\u011bt\u00ed dopravn\u00ed z\u00e1cpy, m\u016f\u017eete b\u00fdt na pob\u0159e\u017e\u00ed za 1-2 hodiny j\u00edzd&nbsp;autem z Bruselu. Pokud se chcete vyhnout dopravn\u00edm z\u00e1cp\u00e1m najisto a nem\u00edt probl\u00e9my s parkov\u00e1n\u00edm na m\u00edst\u011b, a nevad\u00ed v\u00e1m ani si post\u00e1t ve vlaku, volte ve\u0159ejnou dopravu. Letoviska jsou dost dob\u0159e spojen\u00e1 s hlavn\u00edm m\u011bstem. V p\u0159\u00edpad\u011b, \u017ee byste se cht\u011bli p\u0159em\u00edstit z jednoho letoviska do druh\u00e9ho, m\u016f\u017eete nasednout na pob\u0159e\u017en\u00ed tramvaj&nbsp;(\u2018Kusttram\u2019), co\u017e je nejdel\u0161\u00ed tramvajov\u00e1 linka na sv\u011bt\u011b (m\u00e1 68 zast\u00e1vek), kter\u00e1 jezd\u00ed pod\u00e9l belgick\u00e9ho pob\u0159e\u017e\u00ed &#8211; mezi m\u011bsty De Panne (bl\u00edzko&nbsp;hranic s Franci\u00ed) a Knokke (bl\u00edzko hranic s Holandskem). V\u00edce informac\u00ed o pob\u0159e\u017en\u00ed tramvaji&nbsp;<a href=\"https:\/\/www.delijn.be\/en\/kusttram\/?vertaling=true\" target=\"_blank\" rel=\"noopener noreferrer\">zde<\/a>.<\/p>\n<p style=\"text-align: justify;\"><em><strong>Pravidlo #2: Po\u010das\u00ed na pob\u0159e\u017e\u00ed se siln\u011b li\u0161\u00ed od po\u010das\u00ed v Bruselu a ostatn\u00edch vnitrozemn\u00edch m\u011bstech. Zkoukn\u011bte proto p\u0159edpov\u011b\u010f p\u0159esn\u011b na m\u00edst\u011b, kam chcete jet.<\/strong> <\/em><\/p>\n<p style=\"text-align: justify;\">Stalo se mi, \u017ee jednou bylo v Bruselu 30\u00b0C, tak jsme se automaticky rozhodly s kamar\u00e1dkou, \u017ee si to nam\u00ed\u0159\u00edme k mo\u0159i. Bylo kolem&nbsp;19\u00b0C a foukal studen\u00fd v\u00edtr. Fajn, ud\u011blaly jsme si alespo\u0148 piknik na pl\u00e1\u017ei a \u010dekaly na slunce p\u0159ibli\u017en\u011b 3 hodiny. Kdy\u017e za\u010dalo pr\u0161et, okam\u017eit\u011b jsme to sbalily a vr\u00e1tily se do Bruselu, kde jsme str\u00e1vily kr\u00e1sn\u00fd ve\u010der s&nbsp;25\u00b0C. Jak ironick\u00e9.<\/p>\n<p style=\"text-align: justify;\"><img loading=\"lazy\" decoding=\"async\" class=\"aligncenter size-large wp-image-3676\" src=\"http:\/\/1001voyagesgourmands.com\/wp-content\/uploads\/2015\/07\/DSC_0336-1024x678.jpg\" alt=\"Tr\u00e1v\u00edte l\u00e9to v Belgii nebo pobl\u00ed\u017e? Jak vypad\u00e1 belgick\u00e9 pob\u0159e\u017e\u00ed, co se kde d\u00e1 d\u011blat a jak se tam dostat se dozv\u00edte v tomto \u010dl\u00e1nku.\" width=\"1024\" height=\"678\" srcset=\"https:\/\/1001voyagesgourmands.com\/wp-content\/uploads\/2015\/07\/DSC_0336-1024x678.jpg 1024w, https:\/\/1001voyagesgourmands.com\/wp-content\/uploads\/2015\/07\/DSC_0336-800x530.jpg 800w, https:\/\/1001voyagesgourmands.com\/wp-content\/uploads\/2015\/07\/DSC_0336-300x199.jpg 300w, https:\/\/1001voyagesgourmands.com\/wp-content\/uploads\/2015\/07\/DSC_0336-768x509.jpg 768w, https:\/\/1001voyagesgourmands.com\/wp-content\/uploads\/2015\/07\/DSC_0336-1170x775.jpg 1170w, https:\/\/1001voyagesgourmands.com\/wp-content\/uploads\/2015\/07\/DSC_0336-780x516.jpg 780w, https:\/\/1001voyagesgourmands.com\/wp-content\/uploads\/2015\/07\/DSC_0336-1920x1272.jpg 1920w, https:\/\/1001voyagesgourmands.com\/wp-content\/uploads\/2015\/07\/DSC_0336-585x387.jpg 585w, https:\/\/1001voyagesgourmands.com\/wp-content\/uploads\/2015\/07\/DSC_0336-263x175.jpg 263w\" sizes=\"auto, (max-width: 1024px) 100vw, 1024px\" \/><\/p>\n<p style=\"text-align: justify;\">&nbsp;<\/p>\n<h2 style=\"text-align: justify;\">Nej destinace na belgick\u00e9m pob\u0159e\u017e\u00ed<\/h2>\n<p style=\"text-align: justify;\">Belgick\u00e9 pob\u0159e\u017e\u00ed je dlouh\u00e9 65 km a najdete tu&nbsp;14 resort\u016f. Krom\u011b slun\u011bn\u00ed a p\u0159\u00edpadn\u00e9ho koup\u00e1n\u00ed tu m\u016f\u017eete za\u017e\u00edt pr\u00e1zdninovou atmosf\u00e9ru na pl\u00e1\u017eov\u00fdch promen\u00e1d\u00e1ch, d\u00e1t si \u010derstv\u00e9 mo\u0159sk\u00e9 plody a ryby, projet se v okol\u00ed na kole \u010di na koni, nebo se proch\u00e1zet pod\u00e9l&nbsp;mo\u0159e \u010di v dun\u00e1ch.<\/p>\n<p><img loading=\"lazy\" decoding=\"async\" class=\"aligncenter\" src=\"http:\/\/www.lacotebelge.be\/photos\/cotebelge2.gif\" alt=\"map\" width=\"611\" height=\"335\"><\/p>\n<p style=\"text-align: center;\"><em>Zdroj fotografie:&nbsp;www.lacotebelge.be<\/em><\/p>\n<p style=\"text-align: justify;\">&nbsp;&nbsp;&nbsp;<\/p>\n<h3 style=\"text-align: justify;\">Oostende: Kosmopolitn\u00ed m\u011bsto s p\u0159\u00edstavem<\/h3>\n<p style=\"text-align: justify;\">Pravd\u011bpodobn\u011b nejzn\u00e1m\u011bj\u0161\u00ed a nejv\u011bt\u0161\u00ed letovisko na belgick\u00e9m pob\u0159e\u017e\u00ed nab\u00edz\u00ed 9 km dlouhou pl\u00e1\u017e s p\u0159\u00edstavn\u00ed atmosf\u00e9rou a dlouhou promen\u00e1dou. Jedn\u00e1 se ale tak\u00e9 o kosmopolitn\u00ed m\u011bsto s vysok\u00fdmi budovami, je\u017e je r\u00e1jem sportovn\u00edch i kulturn\u00edch aktivit &#8211; m\u016f\u017eete tu nav\u0161t\u00edvit muzea, relaxovat v l\u00e1zn\u00edch, nakupovat nebo zaj\u00edt na koncert \u010di festival. Nap\u0159\u00ed\u010d cel\u00fdm m\u011bstem najdete st\u00e1nky s mo\u0159sk\u00fdmi plody p\u0159ipraven\u00e9 k okam\u017eit\u00e9 spot\u0159eb\u011b, kter\u00e9 si m\u016f\u017eete vz\u00edt t\u0159eba na pl\u00e1\u017e na piknik. Pl\u00e1\u017e je zde \u0161irok\u00e1, dob\u0159e vybaven\u00e1, a snadno dostupn\u00e1 od vlakov\u00e9 stanice.<\/p>\n<p style=\"text-align: center;\"><img loading=\"lazy\" decoding=\"async\" class=\"aligncenter\" src=\"http:\/\/static.skynetblogs.be\/media\/21938\/dyn007_original_800_533_pjpeg_11875_12f923c8c8db506ef284cb3a92d242ec.2.jpg\" alt=\"\" width=\"906\" height=\"603\"><em>Zdroj fotografie: http:\/\/pieterbie.skynetblogs.be<\/em><img loading=\"lazy\" decoding=\"async\" class=\"aligncenter\" src=\"http:\/\/goista.com\/wp-content\/uploads\/2015\/06\/The-Central-Railway-Station-in-Oostende-Belgium.jpg\" alt=\"\" width=\"845\" height=\"564\"><em>Zdroj fotografie: www.cruisingexcursions.com<\/em><img loading=\"lazy\" decoding=\"async\" class=\"aligncenter wp-image-3646\" src=\"http:\/\/1001voyagesgourmands.com\/wp-content\/uploads\/2015\/07\/11715295_10207313906474966_204770017_o-1024x680.jpg\" alt=\"Oostende\" width=\"926\" height=\"614\" srcset=\"https:\/\/1001voyagesgourmands.com\/wp-content\/uploads\/2015\/07\/11715295_10207313906474966_204770017_o-1024x680.jpg 1024w, https:\/\/1001voyagesgourmands.com\/wp-content\/uploads\/2015\/07\/11715295_10207313906474966_204770017_o-800x530.jpg 800w, https:\/\/1001voyagesgourmands.com\/wp-content\/uploads\/2015\/07\/11715295_10207313906474966_204770017_o-300x199.jpg 300w, https:\/\/1001voyagesgourmands.com\/wp-content\/uploads\/2015\/07\/11715295_10207313906474966_204770017_o-768x510.jpg 768w, https:\/\/1001voyagesgourmands.com\/wp-content\/uploads\/2015\/07\/11715295_10207313906474966_204770017_o-1170x777.jpg 1170w, https:\/\/1001voyagesgourmands.com\/wp-content\/uploads\/2015\/07\/11715295_10207313906474966_204770017_o-780x516.jpg 780w, https:\/\/1001voyagesgourmands.com\/wp-content\/uploads\/2015\/07\/11715295_10207313906474966_204770017_o-1920x1275.jpg 1920w, https:\/\/1001voyagesgourmands.com\/wp-content\/uploads\/2015\/07\/11715295_10207313906474966_204770017_o-585x388.jpg 585w, https:\/\/1001voyagesgourmands.com\/wp-content\/uploads\/2015\/07\/11715295_10207313906474966_204770017_o-263x175.jpg 263w, https:\/\/1001voyagesgourmands.com\/wp-content\/uploads\/2015\/07\/11715295_10207313906474966_204770017_o.jpg 2048w\" sizes=\"auto, (max-width: 926px) 100vw, 926px\" \/><img loading=\"lazy\" decoding=\"async\" class=\"aligncenter\" src=\"http:\/\/images.vliz.be\/resized\/52635_viskraampje.jpg\" alt=\"\" width=\"918\" height=\"609\"><em>Zdroj fotografie:&nbsp;http:\/\/www.vliz.be<\/em><\/p>\n<p style=\"text-align: justify;\">&nbsp;<\/p>\n<h3 style=\"text-align: justify;\">Knokke:&nbsp;\u0160ik resort<\/h3>\n<p style=\"text-align: justify;\">B\u00edl\u00e9 vily, luxusn\u00ed auta, m\u00f3dn\u00ed butiky, \u0161ik restaurace a bary, dob\u0159e oble\u010dn\u00ed lid\u00e9 &#8211; to je Knokke, velice popul\u00e1rn\u00ed letn\u00ed destinace v Belgii. Najdete tu 5 r\u016fzn\u00fdch a dob\u0159e vybaven\u00fdch pl\u00e1\u017e\u00ed (bary, zahr\u00e1dky s postel\u00ed, volejbal, etc.). M\u011bsto nab\u00edz\u00ed takt\u00e9\u017e plno obchod\u016f, kulturn\u00edch a sportovn\u00edch aktivit. Zamilujete si i zdej\u0161\u00ed autentickou architekturu. Knokke je jedno z nejhez\u010d\u00edch m\u00edst&nbsp;kam se m\u016f\u017eete v Belgii vydat, jeliko\u017e se tu st\u00e1le n\u011bco d\u011bje, tak\u017ee i zde o\u010dek\u00e1vejte plno lid\u00ed.<\/p>\n<p><img loading=\"lazy\" decoding=\"async\" class=\"aligncenter wp-image-3630\" src=\"http:\/\/1001voyagesgourmands.com\/wp-content\/uploads\/2015\/07\/DSCN3167-1024x768.jpg\" alt=\"Knokke\" width=\"1081\" height=\"811\" srcset=\"https:\/\/1001voyagesgourmands.com\/wp-content\/uploads\/2015\/07\/DSCN3167-1024x768.jpg 1024w, https:\/\/1001voyagesgourmands.com\/wp-content\/uploads\/2015\/07\/DSCN3167-300x225.jpg 300w, https:\/\/1001voyagesgourmands.com\/wp-content\/uploads\/2015\/07\/DSCN3167-768x576.jpg 768w, https:\/\/1001voyagesgourmands.com\/wp-content\/uploads\/2015\/07\/DSCN3167-1170x878.jpg 1170w, https:\/\/1001voyagesgourmands.com\/wp-content\/uploads\/2015\/07\/DSCN3167-1920x1440.jpg 1920w, https:\/\/1001voyagesgourmands.com\/wp-content\/uploads\/2015\/07\/DSCN3167-585x439.jpg 585w\" sizes=\"auto, (max-width: 1081px) 100vw, 1081px\" \/><img loading=\"lazy\" decoding=\"async\" class=\"aligncenter wp-image-3636\" src=\"http:\/\/1001voyagesgourmands.com\/wp-content\/uploads\/2015\/07\/DSCN3210-1024x768.jpg\" alt=\"Knokke\" width=\"840\" height=\"630\" srcset=\"https:\/\/1001voyagesgourmands.com\/wp-content\/uploads\/2015\/07\/DSCN3210-1024x768.jpg 1024w, https:\/\/1001voyagesgourmands.com\/wp-content\/uploads\/2015\/07\/DSCN3210-300x225.jpg 300w, https:\/\/1001voyagesgourmands.com\/wp-content\/uploads\/2015\/07\/DSCN3210-768x576.jpg 768w, https:\/\/1001voyagesgourmands.com\/wp-content\/uploads\/2015\/07\/DSCN3210-1170x878.jpg 1170w, https:\/\/1001voyagesgourmands.com\/wp-content\/uploads\/2015\/07\/DSCN3210-1920x1440.jpg 1920w, https:\/\/1001voyagesgourmands.com\/wp-content\/uploads\/2015\/07\/DSCN3210-585x439.jpg 585w\" sizes=\"auto, (max-width: 840px) 100vw, 840px\" \/><img loading=\"lazy\" decoding=\"async\" class=\"aligncenter wp-image-3634\" src=\"http:\/\/1001voyagesgourmands.com\/wp-content\/uploads\/2015\/07\/DSCN3207-1024x768.jpg\" alt=\"Knokke\" width=\"932\" height=\"699\" srcset=\"https:\/\/1001voyagesgourmands.com\/wp-content\/uploads\/2015\/07\/DSCN3207-1024x768.jpg 1024w, https:\/\/1001voyagesgourmands.com\/wp-content\/uploads\/2015\/07\/DSCN3207-300x225.jpg 300w, https:\/\/1001voyagesgourmands.com\/wp-content\/uploads\/2015\/07\/DSCN3207-768x576.jpg 768w, https:\/\/1001voyagesgourmands.com\/wp-content\/uploads\/2015\/07\/DSCN3207-1170x878.jpg 1170w, https:\/\/1001voyagesgourmands.com\/wp-content\/uploads\/2015\/07\/DSCN3207-1920x1440.jpg 1920w, https:\/\/1001voyagesgourmands.com\/wp-content\/uploads\/2015\/07\/DSCN3207-585x439.jpg 585w\" sizes=\"auto, (max-width: 932px) 100vw, 932px\" \/><img loading=\"lazy\" decoding=\"async\" class=\"aligncenter wp-image-3632\" src=\"http:\/\/1001voyagesgourmands.com\/wp-content\/uploads\/2015\/07\/DSCN3195-1024x768.jpg\" alt=\"Knokke\" width=\"923\" height=\"692\" srcset=\"https:\/\/1001voyagesgourmands.com\/wp-content\/uploads\/2015\/07\/DSCN3195-1024x768.jpg 1024w, https:\/\/1001voyagesgourmands.com\/wp-content\/uploads\/2015\/07\/DSCN3195-300x225.jpg 300w, https:\/\/1001voyagesgourmands.com\/wp-content\/uploads\/2015\/07\/DSCN3195-768x576.jpg 768w, https:\/\/1001voyagesgourmands.com\/wp-content\/uploads\/2015\/07\/DSCN3195-1170x878.jpg 1170w, https:\/\/1001voyagesgourmands.com\/wp-content\/uploads\/2015\/07\/DSCN3195-1920x1440.jpg 1920w, https:\/\/1001voyagesgourmands.com\/wp-content\/uploads\/2015\/07\/DSCN3195-585x439.jpg 585w\" sizes=\"auto, (max-width: 923px) 100vw, 923px\" \/><img loading=\"lazy\" decoding=\"async\" class=\"aligncenter wp-image-3638\" src=\"http:\/\/1001voyagesgourmands.com\/wp-content\/uploads\/2015\/07\/DSCN3213-1024x768.jpg\" alt=\"Knokke\" width=\"907\" height=\"680\" srcset=\"https:\/\/1001voyagesgourmands.com\/wp-content\/uploads\/2015\/07\/DSCN3213-1024x768.jpg 1024w, https:\/\/1001voyagesgourmands.com\/wp-content\/uploads\/2015\/07\/DSCN3213-300x225.jpg 300w, https:\/\/1001voyagesgourmands.com\/wp-content\/uploads\/2015\/07\/DSCN3213-768x576.jpg 768w, https:\/\/1001voyagesgourmands.com\/wp-content\/uploads\/2015\/07\/DSCN3213-1170x878.jpg 1170w, https:\/\/1001voyagesgourmands.com\/wp-content\/uploads\/2015\/07\/DSCN3213-1920x1440.jpg 1920w, https:\/\/1001voyagesgourmands.com\/wp-content\/uploads\/2015\/07\/DSCN3213-585x439.jpg 585w\" sizes=\"auto, (max-width: 907px) 100vw, 907px\" \/> &nbsp;<\/p>\n<h3>De Haan &#8211; P\u016fvabn\u00e9 a klidn\u00e9 letovisko<\/h3>\n<p style=\"text-align: justify;\">P\u016fvabn\u00e9 letovisko pln\u00e9 dome\u010dk\u016f v Anglonormansk\u00e9m stylu s absenc\u00ed v\u00fd\u0161kov\u00fdch budov, jak tomu je nap\u0159\u00edklad ve velk\u00fdch m\u011bstech jako Oostende.&nbsp;De Haan le\u017e\u00ed bl\u00edzko p\u0159\u00edrodn\u00ed rezervace, kterou se m\u016f\u017eete vydat prozkoumat jak p\u011b\u0161ky, tak na kole &#8211; na v\u00fdb\u011br m\u00e1te plno cyklostezek a proch\u00e1zkov\u00fdch okruh\u016f. Pokud byste rad\u011bji projeli pob\u0159e\u017e\u00ed na koni, De Haan je k tomu ide\u00e1ln\u00ed m\u00edsto. Vych\u00e1zka na kon\u00edch v\u00e1s krom\u011b pob\u0159e\u017e\u00ed provede i dunov\u00fdm lesem.<\/p>\n<p style=\"text-align: justify;\"><img loading=\"lazy\" decoding=\"async\" class=\"aligncenter wp-image-3596 \" src=\"http:\/\/1001voyagesgourmands.com\/wp-content\/uploads\/2015\/07\/DSCN2764-1024x683.jpg\" alt=\"De Haan\" width=\"872\" height=\"581\" srcset=\"https:\/\/1001voyagesgourmands.com\/wp-content\/uploads\/2015\/07\/DSCN2764-1024x683.jpg 1024w, https:\/\/1001voyagesgourmands.com\/wp-content\/uploads\/2015\/07\/DSCN2764-300x200.jpg 300w, https:\/\/1001voyagesgourmands.com\/wp-content\/uploads\/2015\/07\/DSCN2764-768x512.jpg 768w, https:\/\/1001voyagesgourmands.com\/wp-content\/uploads\/2015\/07\/DSCN2764-1170x780.jpg 1170w, https:\/\/1001voyagesgourmands.com\/wp-content\/uploads\/2015\/07\/DSCN2764-1920x1280.jpg 1920w, https:\/\/1001voyagesgourmands.com\/wp-content\/uploads\/2015\/07\/DSCN2764-585x390.jpg 585w, https:\/\/1001voyagesgourmands.com\/wp-content\/uploads\/2015\/07\/DSCN2764-263x175.jpg 263w\" sizes=\"auto, (max-width: 872px) 100vw, 872px\" \/><img loading=\"lazy\" decoding=\"async\" class=\"aligncenter wp-image-3602 \" src=\"http:\/\/1001voyagesgourmands.com\/wp-content\/uploads\/2015\/07\/DSCN2785-1024x683.jpg\" alt=\"De Haan\" width=\"974\" height=\"649\" srcset=\"https:\/\/1001voyagesgourmands.com\/wp-content\/uploads\/2015\/07\/DSCN2785-1024x683.jpg 1024w, https:\/\/1001voyagesgourmands.com\/wp-content\/uploads\/2015\/07\/DSCN2785-300x200.jpg 300w, https:\/\/1001voyagesgourmands.com\/wp-content\/uploads\/2015\/07\/DSCN2785-768x512.jpg 768w, https:\/\/1001voyagesgourmands.com\/wp-content\/uploads\/2015\/07\/DSCN2785-1170x780.jpg 1170w, https:\/\/1001voyagesgourmands.com\/wp-content\/uploads\/2015\/07\/DSCN2785-1920x1280.jpg 1920w, https:\/\/1001voyagesgourmands.com\/wp-content\/uploads\/2015\/07\/DSCN2785-585x390.jpg 585w, https:\/\/1001voyagesgourmands.com\/wp-content\/uploads\/2015\/07\/DSCN2785-263x175.jpg 263w\" sizes=\"auto, (max-width: 974px) 100vw, 974px\" \/><img loading=\"lazy\" decoding=\"async\" class=\"aligncenter wp-image-3594 \" src=\"http:\/\/1001voyagesgourmands.com\/wp-content\/uploads\/2015\/07\/DSC_0343-1024x678.jpg\" alt=\"De Haan\" width=\"963\" height=\"637\" srcset=\"https:\/\/1001voyagesgourmands.com\/wp-content\/uploads\/2015\/07\/DSC_0343-1024x678.jpg 1024w, https:\/\/1001voyagesgourmands.com\/wp-content\/uploads\/2015\/07\/DSC_0343-800x530.jpg 800w, https:\/\/1001voyagesgourmands.com\/wp-content\/uploads\/2015\/07\/DSC_0343-300x199.jpg 300w, https:\/\/1001voyagesgourmands.com\/wp-content\/uploads\/2015\/07\/DSC_0343-768x509.jpg 768w, https:\/\/1001voyagesgourmands.com\/wp-content\/uploads\/2015\/07\/DSC_0343-1170x775.jpg 1170w, https:\/\/1001voyagesgourmands.com\/wp-content\/uploads\/2015\/07\/DSC_0343-780x516.jpg 780w, https:\/\/1001voyagesgourmands.com\/wp-content\/uploads\/2015\/07\/DSC_0343-1920x1272.jpg 1920w, https:\/\/1001voyagesgourmands.com\/wp-content\/uploads\/2015\/07\/DSC_0343-585x387.jpg 585w, https:\/\/1001voyagesgourmands.com\/wp-content\/uploads\/2015\/07\/DSC_0343-263x175.jpg 263w\" sizes=\"auto, (max-width: 963px) 100vw, 963px\" \/><img loading=\"lazy\" decoding=\"async\" class=\"aligncenter wp-image-3598\" src=\"http:\/\/1001voyagesgourmands.com\/wp-content\/uploads\/2015\/07\/DSCN2772-1024x683.jpg\" alt=\"De Haan\" width=\"1160\" height=\"773\" srcset=\"https:\/\/1001voyagesgourmands.com\/wp-content\/uploads\/2015\/07\/DSCN2772-1024x683.jpg 1024w, https:\/\/1001voyagesgourmands.com\/wp-content\/uploads\/2015\/07\/DSCN2772-300x200.jpg 300w, https:\/\/1001voyagesgourmands.com\/wp-content\/uploads\/2015\/07\/DSCN2772-768x512.jpg 768w, https:\/\/1001voyagesgourmands.com\/wp-content\/uploads\/2015\/07\/DSCN2772-1170x780.jpg 1170w, https:\/\/1001voyagesgourmands.com\/wp-content\/uploads\/2015\/07\/DSCN2772-1920x1280.jpg 1920w, https:\/\/1001voyagesgourmands.com\/wp-content\/uploads\/2015\/07\/DSCN2772-585x390.jpg 585w, https:\/\/1001voyagesgourmands.com\/wp-content\/uploads\/2015\/07\/DSCN2772-263x175.jpg 263w\" sizes=\"auto, (max-width: 1160px) 100vw, 1160px\" \/><img loading=\"lazy\" decoding=\"async\" class=\"aligncenter wp-image-3600 \" src=\"http:\/\/1001voyagesgourmands.com\/wp-content\/uploads\/2015\/07\/DSCN2775-1024x768.jpg\" alt=\"De Haan\" width=\"1059\" height=\"794\" srcset=\"https:\/\/1001voyagesgourmands.com\/wp-content\/uploads\/2015\/07\/DSCN2775-1024x768.jpg 1024w, https:\/\/1001voyagesgourmands.com\/wp-content\/uploads\/2015\/07\/DSCN2775-300x225.jpg 300w, https:\/\/1001voyagesgourmands.com\/wp-content\/uploads\/2015\/07\/DSCN2775-768x576.jpg 768w, https:\/\/1001voyagesgourmands.com\/wp-content\/uploads\/2015\/07\/DSCN2775-1170x878.jpg 1170w, https:\/\/1001voyagesgourmands.com\/wp-content\/uploads\/2015\/07\/DSCN2775-1920x1440.jpg 1920w, https:\/\/1001voyagesgourmands.com\/wp-content\/uploads\/2015\/07\/DSCN2775-585x439.jpg 585w\" sizes=\"auto, (max-width: 1059px) 100vw, 1059px\" \/><\/p>\n<p style=\"text-align: justify;\">&nbsp;<\/p>\n<h3 style=\"text-align: justify;\">Koksijde:&nbsp;Duny a p\u0159\u00edrodn\u00ed r\u00e1j<\/h3>\n<p style=\"text-align: justify;\">V Koksijde najdete p\u00e1r \u00fatuln\u00fdch restaurac\u00ed s v\u00fdhledem na mo\u0159e, mal\u00e1 t\u00e9matick\u00e1 muzea, kulturn\u00ed akce a sportovn\u00ed aktivity.&nbsp;J\u00e1 m\u00e1m ale v&nbsp;Koksijde nejrad\u011bji vysok\u00e9&nbsp;duny a rozs\u00e1hl\u00e9 p\u0159\u00edrodn\u00ed rezervace, kter\u00e9 jsou pobl\u00ed\u017e. Pokud se v\u00e1m nechce na zalidn\u011bnou pl\u00e1\u017e, m\u016f\u017eete si naj\u00edt \u00fatuln\u00e9 m\u00edste\u010dko v nejvy\u0161\u0161\u00edch dun\u00e1ch na belgick\u00e9m pob\u0159e\u017e\u00ed (nejvy\u0161\u0161\u00ed duna m\u011b\u0159\u00ed 30 m). Okol\u00ed Koksijde nab\u00edz\u00ed p\u0159ibli\u017en\u011b 10 v\u00fdletn\u00edch p\u011b\u0161\u00edch okruh\u016f a n\u011bkolik cyklostezek a kolo si tu m\u016f\u017eete t\u00e9\u017e na n\u011bkolika m\u00edstech pronajmout. Dal\u0161\u00ed zaj\u00edmavost\u00ed je, \u017ee se tu n\u011bkdy za p\u0159\u00edlivu objevuj\u00ed tuleni. &nbsp;<\/p>\n<p><img loading=\"lazy\" decoding=\"async\" class=\"aligncenter wp-image-3615\" src=\"http:\/\/1001voyagesgourmands.com\/wp-content\/uploads\/2015\/07\/DSC_1494-1024x678.jpg\" alt=\"Koksijde\" width=\"1061\" height=\"702\" srcset=\"https:\/\/1001voyagesgourmands.com\/wp-content\/uploads\/2015\/07\/DSC_1494-1024x678.jpg 1024w, https:\/\/1001voyagesgourmands.com\/wp-content\/uploads\/2015\/07\/DSC_1494-800x530.jpg 800w, https:\/\/1001voyagesgourmands.com\/wp-content\/uploads\/2015\/07\/DSC_1494-300x199.jpg 300w, https:\/\/1001voyagesgourmands.com\/wp-content\/uploads\/2015\/07\/DSC_1494-768x509.jpg 768w, https:\/\/1001voyagesgourmands.com\/wp-content\/uploads\/2015\/07\/DSC_1494-1170x775.jpg 1170w, https:\/\/1001voyagesgourmands.com\/wp-content\/uploads\/2015\/07\/DSC_1494-780x516.jpg 780w, https:\/\/1001voyagesgourmands.com\/wp-content\/uploads\/2015\/07\/DSC_1494-1920x1272.jpg 1920w, https:\/\/1001voyagesgourmands.com\/wp-content\/uploads\/2015\/07\/DSC_1494-585x388.jpg 585w, https:\/\/1001voyagesgourmands.com\/wp-content\/uploads\/2015\/07\/DSC_1494-263x175.jpg 263w, https:\/\/1001voyagesgourmands.com\/wp-content\/uploads\/2015\/07\/DSC_1494.jpg 2000w\" sizes=\"auto, (max-width: 1061px) 100vw, 1061px\" \/><img loading=\"lazy\" decoding=\"async\" class=\"aligncenter wp-image-3605\" src=\"http:\/\/1001voyagesgourmands.com\/wp-content\/uploads\/2015\/07\/DSC_1474-1024x678.jpg\" alt=\"Koksijde\" width=\"1040\" height=\"688\" srcset=\"https:\/\/1001voyagesgourmands.com\/wp-content\/uploads\/2015\/07\/DSC_1474-1024x678.jpg 1024w, https:\/\/1001voyagesgourmands.com\/wp-content\/uploads\/2015\/07\/DSC_1474-800x530.jpg 800w, https:\/\/1001voyagesgourmands.com\/wp-content\/uploads\/2015\/07\/DSC_1474-300x199.jpg 300w, https:\/\/1001voyagesgourmands.com\/wp-content\/uploads\/2015\/07\/DSC_1474-768x509.jpg 768w, https:\/\/1001voyagesgourmands.com\/wp-content\/uploads\/2015\/07\/DSC_1474-1170x775.jpg 1170w, https:\/\/1001voyagesgourmands.com\/wp-content\/uploads\/2015\/07\/DSC_1474-780x516.jpg 780w, https:\/\/1001voyagesgourmands.com\/wp-content\/uploads\/2015\/07\/DSC_1474-1920x1272.jpg 1920w, https:\/\/1001voyagesgourmands.com\/wp-content\/uploads\/2015\/07\/DSC_1474-585x388.jpg 585w, https:\/\/1001voyagesgourmands.com\/wp-content\/uploads\/2015\/07\/DSC_1474-263x175.jpg 263w, https:\/\/1001voyagesgourmands.com\/wp-content\/uploads\/2015\/07\/DSC_1474.jpg 2000w\" sizes=\"auto, (max-width: 1040px) 100vw, 1040px\" \/><img loading=\"lazy\" decoding=\"async\" class=\"aligncenter wp-image-3611\" src=\"http:\/\/1001voyagesgourmands.com\/wp-content\/uploads\/2015\/07\/DSC_1489-1024x678.jpg\" alt=\"Koksijde\" width=\"916\" height=\"606\" srcset=\"https:\/\/1001voyagesgourmands.com\/wp-content\/uploads\/2015\/07\/DSC_1489-1024x678.jpg 1024w, https:\/\/1001voyagesgourmands.com\/wp-content\/uploads\/2015\/07\/DSC_1489-800x530.jpg 800w, https:\/\/1001voyagesgourmands.com\/wp-content\/uploads\/2015\/07\/DSC_1489-300x199.jpg 300w, https:\/\/1001voyagesgourmands.com\/wp-content\/uploads\/2015\/07\/DSC_1489-768x509.jpg 768w, https:\/\/1001voyagesgourmands.com\/wp-content\/uploads\/2015\/07\/DSC_1489-1170x775.jpg 1170w, https:\/\/1001voyagesgourmands.com\/wp-content\/uploads\/2015\/07\/DSC_1489-780x516.jpg 780w, https:\/\/1001voyagesgourmands.com\/wp-content\/uploads\/2015\/07\/DSC_1489-1920x1272.jpg 1920w, https:\/\/1001voyagesgourmands.com\/wp-content\/uploads\/2015\/07\/DSC_1489-585x388.jpg 585w, https:\/\/1001voyagesgourmands.com\/wp-content\/uploads\/2015\/07\/DSC_1489-263x175.jpg 263w, https:\/\/1001voyagesgourmands.com\/wp-content\/uploads\/2015\/07\/DSC_1489.jpg 2000w\" sizes=\"auto, (max-width: 916px) 100vw, 916px\" \/><img loading=\"lazy\" decoding=\"async\" class=\"aligncenter wp-image-3613\" src=\"http:\/\/1001voyagesgourmands.com\/wp-content\/uploads\/2015\/07\/DSC_1490-1024x678.jpg\" alt=\"Koksijde\" width=\"1130\" height=\"748\" srcset=\"https:\/\/1001voyagesgourmands.com\/wp-content\/uploads\/2015\/07\/DSC_1490-1024x678.jpg 1024w, https:\/\/1001voyagesgourmands.com\/wp-content\/uploads\/2015\/07\/DSC_1490-800x530.jpg 800w, https:\/\/1001voyagesgourmands.com\/wp-content\/uploads\/2015\/07\/DSC_1490-300x199.jpg 300w, https:\/\/1001voyagesgourmands.com\/wp-content\/uploads\/2015\/07\/DSC_1490-768x509.jpg 768w, https:\/\/1001voyagesgourmands.com\/wp-content\/uploads\/2015\/07\/DSC_1490-1170x775.jpg 1170w, https:\/\/1001voyagesgourmands.com\/wp-content\/uploads\/2015\/07\/DSC_1490-780x516.jpg 780w, https:\/\/1001voyagesgourmands.com\/wp-content\/uploads\/2015\/07\/DSC_1490-1920x1272.jpg 1920w, https:\/\/1001voyagesgourmands.com\/wp-content\/uploads\/2015\/07\/DSC_1490-585x388.jpg 585w, https:\/\/1001voyagesgourmands.com\/wp-content\/uploads\/2015\/07\/DSC_1490-263x175.jpg 263w, https:\/\/1001voyagesgourmands.com\/wp-content\/uploads\/2015\/07\/DSC_1490.jpg 2000w\" sizes=\"auto, (max-width: 1130px) 100vw, 1130px\" \/><\/p>\n<p style=\"text-align: justify;\">&nbsp;<\/p>\n<p style=\"text-align: justify;\">Jedna v\u011bc, kterou m\u016f\u017eete zkusit t\u00e9m\u011b\u0159 ve v\u0161ech rezortech, je si pronajmout<strong> kvistax<\/strong> a u\u017e\u00edt si p\u0159\u00edmo\u0159skou promen\u00e1du na 4 kolech s kamar\u00e1dy, va\u0161\u00ed polovi\u010dkou \u010di rodinou.<\/p>\n<p style=\"text-align: justify;\"><img loading=\"lazy\" decoding=\"async\" class=\"aligncenter wp-image-3644\" src=\"http:\/\/1001voyagesgourmands.com\/wp-content\/uploads\/2015\/07\/11713152_10207313906674971_1249806244_o-1024x680.jpg\" alt=\"Oostende\" width=\"1177\" height=\"781\" srcset=\"https:\/\/1001voyagesgourmands.com\/wp-content\/uploads\/2015\/07\/11713152_10207313906674971_1249806244_o-1024x680.jpg 1024w, https:\/\/1001voyagesgourmands.com\/wp-content\/uploads\/2015\/07\/11713152_10207313906674971_1249806244_o-800x530.jpg 800w, https:\/\/1001voyagesgourmands.com\/wp-content\/uploads\/2015\/07\/11713152_10207313906674971_1249806244_o-300x199.jpg 300w, https:\/\/1001voyagesgourmands.com\/wp-content\/uploads\/2015\/07\/11713152_10207313906674971_1249806244_o-768x510.jpg 768w, https:\/\/1001voyagesgourmands.com\/wp-content\/uploads\/2015\/07\/11713152_10207313906674971_1249806244_o-1170x777.jpg 1170w, https:\/\/1001voyagesgourmands.com\/wp-content\/uploads\/2015\/07\/11713152_10207313906674971_1249806244_o-1920x1275.jpg 1920w, https:\/\/1001voyagesgourmands.com\/wp-content\/uploads\/2015\/07\/11713152_10207313906674971_1249806244_o-585x388.jpg 585w, https:\/\/1001voyagesgourmands.com\/wp-content\/uploads\/2015\/07\/11713152_10207313906674971_1249806244_o-263x175.jpg 263w, https:\/\/1001voyagesgourmands.com\/wp-content\/uploads\/2015\/07\/11713152_10207313906674971_1249806244_o.jpg 2048w\" sizes=\"auto, (max-width: 1177px) 100vw, 1177px\" \/><\/p>\n<p style=\"text-align: justify;\">Pokud se nechcete tr\u00e1pit v dopravn\u00edch z\u00e1cp\u00e1ch, nebo tla\u010dit v p\u0159elidn\u011bn\u00e9m vlaku, mohlo by se v\u00e1m l\u00edbit t\u0159eba v letovisku Zoutelande v ji\u017en\u00edm Holandsku, kter\u00e9 se nach\u00e1z\u00ed rovn\u011b\u017e 1h 20min j\u00edzdy autem z Bruselu, a trasa je daleko l\u00e9pe pr\u016fjezdn\u011bj\u0161\u00ed ne\u017e sm\u011brem na belgick\u00e9 pob\u0159e\u017e\u00ed. V\u00edce o Zoutelande v n\u011bjak\u00e9m z dal\u0161\u00edch post\u016f!<\/p>\n<p style=\"text-align: justify;\">Nav\u0161t\u00edvili jste belgick\u00e9 pob\u0159e\u017e\u00ed? Pokud ano, sem s koment\u00e1\u0159em a a pod\u011blte se s va\u0161imi dojmy &#8211; jak se v\u00e1m tam l\u00edbilo a jak\u00e1 jin\u00e1 m\u00edsta ne\u017e ta v\u00fd\u0161e zm\u00edn\u011bn\u00e1 jste nav\u0161t\u00edvili?&nbsp;<\/p>\n","protected":false},"excerpt":{"rendered":"<p>Pokud v Belgii tr\u00e1v\u00edte l\u00e9to, mohlo by v\u00e1s zaj\u00edmat, jak to vypad\u00e1 na pob\u0159e\u017e\u00ed. I kdy\u017e je Severn\u00ed mo\u0159e k\u0159i\u017eovatkou rybolovu a ropn\u00e9ho pr\u016fmyslu, a t\u00edm p\u00e1dem mo\u0159e nen\u00ed nej\u010dist\u011bj\u0161\u00ed, ani nejhez\u010d\u00ed \u010di nejteplej\u0161\u00ed, belgick\u00e9 pob\u0159e\u017e\u00ed stoj\u00ed i tak za n\u00e1v\u0161t\u011bvu. B\u011bhem hork\u00fdch letn\u00edch dn\u00ed m\u016f\u017ee b\u00fdt osv\u011b\u017euj\u00edc\u00ed mo\u0159sk\u00fd v\u00e1nek&hellip;<\/p>\n","protected":false},"author":1,"featured_media":10198,"comment_status":"open","ping_status":"open","sticky":false,"template":"","format":"standard","meta":{"_exactmetrics_skip_tracking":false,"_exactmetrics_sitenote_active":false,"_exactmetrics_sitenote_note":"","_exactmetrics_sitenote_category":0,"_lmt_disableupdate":"","_lmt_disable":"","footnotes":""},"categories":[362,4],"tags":[309,372,368,396],"class_list":["post-3661","post","type-post","status-publish","format-standard","has-post-thumbnail","hentry","category-belgie","category-cestovani","tag-belgie","tag-vylety-do-prirody","tag-vylety-z-bruselu","tag-zivot-v-belgii"],"yoast_head":"<!-- This site is optimized with the Yoast SEO plugin v26.1.1 - https:\/\/yoast.com\/wordpress\/plugins\/seo\/ -->\n<title>Belgick\u00e9 pob\u0159e\u017e\u00ed - 1001 Voyages Gourmands<\/title>\n<meta name=\"description\" content=\"Tr\u00e1v\u00edte l\u00e9to v Belgii nebo pobl\u00ed\u017e? Jak vypad\u00e1 belgick\u00e9 pob\u0159e\u017e\u00ed, co se kde d\u00e1 d\u011blat a jak se tam dostat se dozv\u00edte v tomto \u010dl\u00e1nku.\" \/>\n<meta name=\"robots\" content=\"index, follow, max-snippet:-1, max-image-preview:large, max-video-preview:-1\" \/>\n<link rel=\"canonical\" href=\"https:\/\/1001voyagesgourmands.com\/cs\/belgicke-pobrezi\/\" \/>\n<meta property=\"og:locale\" content=\"cs_CZ\" \/>\n<meta property=\"og:type\" content=\"article\" \/>\n<meta property=\"og:title\" content=\"Belgick\u00e9 pob\u0159e\u017e\u00ed - 1001 Voyages Gourmands\" \/>\n<meta property=\"og:description\" content=\"Tr\u00e1v\u00edte l\u00e9to v Belgii nebo pobl\u00ed\u017e? Jak vypad\u00e1 belgick\u00e9 pob\u0159e\u017e\u00ed, co se kde d\u00e1 d\u011blat a jak se tam dostat se dozv\u00edte v tomto \u010dl\u00e1nku.\" \/>\n<meta property=\"og:url\" content=\"https:\/\/1001voyagesgourmands.com\/cs\/belgicke-pobrezi\/\" \/>\n<meta property=\"og:site_name\" content=\"1001 Voyages Gourmands\" \/>\n<meta property=\"article:publisher\" content=\"https:\/\/www.facebook.com\/1001voyagesgourmands\" \/>\n<meta property=\"article:published_time\" content=\"2015-07-12T17:07:59+00:00\" \/>\n<meta property=\"article:modified_time\" content=\"2020-12-02T11:24:37+00:00\" \/>\n<meta property=\"og:image\" content=\"https:\/\/1001voyagesgourmands.com\/wp-content\/uploads\/2015\/07\/DSC_1970-1.jpg\" \/>\n\t<meta property=\"og:image:width\" content=\"1200\" \/>\n\t<meta property=\"og:image:height\" content=\"804\" \/>\n\t<meta property=\"og:image:type\" content=\"image\/jpeg\" \/>\n<meta name=\"author\" content=\"Michaela\" \/>\n<meta name=\"twitter:card\" content=\"summary_large_image\" \/>\n<meta name=\"twitter:creator\" content=\"@michaela_1001vg\" \/>\n<meta name=\"twitter:site\" content=\"@michaela_1001vg\" \/>\n<meta name=\"twitter:label1\" content=\"Napsal(a)\" \/>\n\t<meta name=\"twitter:data1\" content=\"Michaela\" \/>\n\t<meta name=\"twitter:label2\" content=\"Odhadovan\u00e1 doba \u010dten\u00ed\" \/>\n\t<meta name=\"twitter:data2\" content=\"6 minut\" \/>\n<script type=\"application\/ld+json\" class=\"yoast-schema-graph\">{\"@context\":\"https:\/\/schema.org\",\"@graph\":[{\"@type\":\"WebPage\",\"@id\":\"https:\/\/1001voyagesgourmands.com\/cs\/belgicke-pobrezi\/\",\"url\":\"https:\/\/1001voyagesgourmands.com\/cs\/belgicke-pobrezi\/\",\"name\":\"Belgick\u00e9 pob\u0159e\u017e\u00ed - 1001 Voyages Gourmands\",\"isPartOf\":{\"@id\":\"https:\/\/1001voyagesgourmands.com\/cs\/#website\"},\"primaryImageOfPage\":{\"@id\":\"https:\/\/1001voyagesgourmands.com\/cs\/belgicke-pobrezi\/#primaryimage\"},\"image\":{\"@id\":\"https:\/\/1001voyagesgourmands.com\/cs\/belgicke-pobrezi\/#primaryimage\"},\"thumbnailUrl\":\"https:\/\/1001voyagesgourmands.com\/wp-content\/uploads\/2015\/07\/DSC_1970-1.jpg\",\"datePublished\":\"2015-07-12T17:07:59+00:00\",\"dateModified\":\"2020-12-02T11:24:37+00:00\",\"author\":{\"@id\":\"https:\/\/1001voyagesgourmands.com\/cs\/#\/schema\/person\/62e0e7238fcf7482b23bf83e1b72ff1b\"},\"description\":\"Tr\u00e1v\u00edte l\u00e9to v Belgii nebo pobl\u00ed\u017e? Jak vypad\u00e1 belgick\u00e9 pob\u0159e\u017e\u00ed, co se kde d\u00e1 d\u011blat a jak se tam dostat se dozv\u00edte v tomto \u010dl\u00e1nku.\",\"breadcrumb\":{\"@id\":\"https:\/\/1001voyagesgourmands.com\/cs\/belgicke-pobrezi\/#breadcrumb\"},\"inLanguage\":\"cs\",\"potentialAction\":[{\"@type\":\"ReadAction\",\"target\":[\"https:\/\/1001voyagesgourmands.com\/cs\/belgicke-pobrezi\/\"]}]},{\"@type\":\"ImageObject\",\"inLanguage\":\"cs\",\"@id\":\"https:\/\/1001voyagesgourmands.com\/cs\/belgicke-pobrezi\/#primaryimage\",\"url\":\"https:\/\/1001voyagesgourmands.com\/wp-content\/uploads\/2015\/07\/DSC_1970-1.jpg\",\"contentUrl\":\"https:\/\/1001voyagesgourmands.com\/wp-content\/uploads\/2015\/07\/DSC_1970-1.jpg\",\"width\":1200,\"height\":804,\"caption\":\"Tr\u00e1v\u00edte l\u00e9to v Belgii nebo pobl\u00ed\u017e? Jak vypad\u00e1 belgick\u00e9 pob\u0159e\u017e\u00ed, co se kde d\u00e1 d\u011blat a jak se tam dostat se dozv\u00edte v tomto \u010dl\u00e1nku.\"},{\"@type\":\"BreadcrumbList\",\"@id\":\"https:\/\/1001voyagesgourmands.com\/cs\/belgicke-pobrezi\/#breadcrumb\",\"itemListElement\":[{\"@type\":\"ListItem\",\"position\":1,\"name\":\"Dom\u016f\",\"item\":\"https:\/\/1001voyagesgourmands.com\/cs\/\"},{\"@type\":\"ListItem\",\"position\":2,\"name\":\"Belgick\u00e9 pob\u0159e\u017e\u00ed\"}]},{\"@type\":\"WebSite\",\"@id\":\"https:\/\/1001voyagesgourmands.com\/cs\/#website\",\"url\":\"https:\/\/1001voyagesgourmands.com\/cs\/\",\"name\":\"1001 Voyages Gourmands\",\"description\":\"Food | Travel | Photography\",\"potentialAction\":[{\"@type\":\"SearchAction\",\"target\":{\"@type\":\"EntryPoint\",\"urlTemplate\":\"https:\/\/1001voyagesgourmands.com\/cs\/?s={search_term_string}\"},\"query-input\":{\"@type\":\"PropertyValueSpecification\",\"valueRequired\":true,\"valueName\":\"search_term_string\"}}],\"inLanguage\":\"cs\"},{\"@type\":\"Person\",\"@id\":\"https:\/\/1001voyagesgourmands.com\/cs\/#\/schema\/person\/62e0e7238fcf7482b23bf83e1b72ff1b\",\"name\":\"Michaela\",\"image\":{\"@type\":\"ImageObject\",\"inLanguage\":\"cs\",\"@id\":\"https:\/\/1001voyagesgourmands.com\/cs\/#\/schema\/person\/image\/\",\"url\":\"https:\/\/secure.gravatar.com\/avatar\/73fa562a5b0ce269ca480f67de504b8ecac054a121d170e226f1b79e02024cb8?s=96&d=mm&r=g\",\"contentUrl\":\"https:\/\/secure.gravatar.com\/avatar\/73fa562a5b0ce269ca480f67de504b8ecac054a121d170e226f1b79e02024cb8?s=96&d=mm&r=g\",\"caption\":\"Michaela\"},\"sameAs\":[\"http:\/\/1001voyagesgourmands.com\"]}]}<\/script>\n<!-- \/ Yoast SEO plugin. -->","yoast_head_json":{"title":"Belgick\u00e9 pob\u0159e\u017e\u00ed - 1001 Voyages Gourmands","description":"Tr\u00e1v\u00edte l\u00e9to v Belgii nebo pobl\u00ed\u017e? Jak vypad\u00e1 belgick\u00e9 pob\u0159e\u017e\u00ed, co se kde d\u00e1 d\u011blat a jak se tam dostat se dozv\u00edte v tomto \u010dl\u00e1nku.","robots":{"index":"index","follow":"follow","max-snippet":"max-snippet:-1","max-image-preview":"max-image-preview:large","max-video-preview":"max-video-preview:-1"},"canonical":"https:\/\/1001voyagesgourmands.com\/cs\/belgicke-pobrezi\/","og_locale":"cs_CZ","og_type":"article","og_title":"Belgick\u00e9 pob\u0159e\u017e\u00ed - 1001 Voyages Gourmands","og_description":"Tr\u00e1v\u00edte l\u00e9to v Belgii nebo pobl\u00ed\u017e? Jak vypad\u00e1 belgick\u00e9 pob\u0159e\u017e\u00ed, co se kde d\u00e1 d\u011blat a jak se tam dostat se dozv\u00edte v tomto \u010dl\u00e1nku.","og_url":"https:\/\/1001voyagesgourmands.com\/cs\/belgicke-pobrezi\/","og_site_name":"1001 Voyages Gourmands","article_publisher":"https:\/\/www.facebook.com\/1001voyagesgourmands","article_published_time":"2015-07-12T17:07:59+00:00","article_modified_time":"2020-12-02T11:24:37+00:00","og_image":[{"width":1200,"height":804,"url":"https:\/\/1001voyagesgourmands.com\/wp-content\/uploads\/2015\/07\/DSC_1970-1.jpg","type":"image\/jpeg"}],"author":"Michaela","twitter_card":"summary_large_image","twitter_creator":"@michaela_1001vg","twitter_site":"@michaela_1001vg","twitter_misc":{"Napsal(a)":"Michaela","Odhadovan\u00e1 doba \u010dten\u00ed":"6 minut"},"schema":{"@context":"https:\/\/schema.org","@graph":[{"@type":"WebPage","@id":"https:\/\/1001voyagesgourmands.com\/cs\/belgicke-pobrezi\/","url":"https:\/\/1001voyagesgourmands.com\/cs\/belgicke-pobrezi\/","name":"Belgick\u00e9 pob\u0159e\u017e\u00ed - 1001 Voyages Gourmands","isPartOf":{"@id":"https:\/\/1001voyagesgourmands.com\/cs\/#website"},"primaryImageOfPage":{"@id":"https:\/\/1001voyagesgourmands.com\/cs\/belgicke-pobrezi\/#primaryimage"},"image":{"@id":"https:\/\/1001voyagesgourmands.com\/cs\/belgicke-pobrezi\/#primaryimage"},"thumbnailUrl":"https:\/\/1001voyagesgourmands.com\/wp-content\/uploads\/2015\/07\/DSC_1970-1.jpg","datePublished":"2015-07-12T17:07:59+00:00","dateModified":"2020-12-02T11:24:37+00:00","author":{"@id":"https:\/\/1001voyagesgourmands.com\/cs\/#\/schema\/person\/62e0e7238fcf7482b23bf83e1b72ff1b"},"description":"Tr\u00e1v\u00edte l\u00e9to v Belgii nebo pobl\u00ed\u017e? Jak vypad\u00e1 belgick\u00e9 pob\u0159e\u017e\u00ed, co se kde d\u00e1 d\u011blat a jak se tam dostat se dozv\u00edte v tomto \u010dl\u00e1nku.","breadcrumb":{"@id":"https:\/\/1001voyagesgourmands.com\/cs\/belgicke-pobrezi\/#breadcrumb"},"inLanguage":"cs","potentialAction":[{"@type":"ReadAction","target":["https:\/\/1001voyagesgourmands.com\/cs\/belgicke-pobrezi\/"]}]},{"@type":"ImageObject","inLanguage":"cs","@id":"https:\/\/1001voyagesgourmands.com\/cs\/belgicke-pobrezi\/#primaryimage","url":"https:\/\/1001voyagesgourmands.com\/wp-content\/uploads\/2015\/07\/DSC_1970-1.jpg","contentUrl":"https:\/\/1001voyagesgourmands.com\/wp-content\/uploads\/2015\/07\/DSC_1970-1.jpg","width":1200,"height":804,"caption":"Tr\u00e1v\u00edte l\u00e9to v Belgii nebo pobl\u00ed\u017e? Jak vypad\u00e1 belgick\u00e9 pob\u0159e\u017e\u00ed, co se kde d\u00e1 d\u011blat a jak se tam dostat se dozv\u00edte v tomto \u010dl\u00e1nku."},{"@type":"BreadcrumbList","@id":"https:\/\/1001voyagesgourmands.com\/cs\/belgicke-pobrezi\/#breadcrumb","itemListElement":[{"@type":"ListItem","position":1,"name":"Dom\u016f","item":"https:\/\/1001voyagesgourmands.com\/cs\/"},{"@type":"ListItem","position":2,"name":"Belgick\u00e9 pob\u0159e\u017e\u00ed"}]},{"@type":"WebSite","@id":"https:\/\/1001voyagesgourmands.com\/cs\/#website","url":"https:\/\/1001voyagesgourmands.com\/cs\/","name":"1001 Voyages Gourmands","description":"Food | Travel | Photography","potentialAction":[{"@type":"SearchAction","target":{"@type":"EntryPoint","urlTemplate":"https:\/\/1001voyagesgourmands.com\/cs\/?s={search_term_string}"},"query-input":{"@type":"PropertyValueSpecification","valueRequired":true,"valueName":"search_term_string"}}],"inLanguage":"cs"},{"@type":"Person","@id":"https:\/\/1001voyagesgourmands.com\/cs\/#\/schema\/person\/62e0e7238fcf7482b23bf83e1b72ff1b","name":"Michaela","image":{"@type":"ImageObject","inLanguage":"cs","@id":"https:\/\/1001voyagesgourmands.com\/cs\/#\/schema\/person\/image\/","url":"https:\/\/secure.gravatar.com\/avatar\/73fa562a5b0ce269ca480f67de504b8ecac054a121d170e226f1b79e02024cb8?s=96&d=mm&r=g","contentUrl":"https:\/\/secure.gravatar.com\/avatar\/73fa562a5b0ce269ca480f67de504b8ecac054a121d170e226f1b79e02024cb8?s=96&d=mm&r=g","caption":"Michaela"},"sameAs":["http:\/\/1001voyagesgourmands.com"]}]}},"_links":{"self":[{"href":"https:\/\/1001voyagesgourmands.com\/cs\/wp-json\/wp\/v2\/posts\/3661","targetHints":{"allow":["GET"]}}],"collection":[{"href":"https:\/\/1001voyagesgourmands.com\/cs\/wp-json\/wp\/v2\/posts"}],"about":[{"href":"https:\/\/1001voyagesgourmands.com\/cs\/wp-json\/wp\/v2\/types\/post"}],"author":[{"embeddable":true,"href":"https:\/\/1001voyagesgourmands.com\/cs\/wp-json\/wp\/v2\/users\/1"}],"replies":[{"embeddable":true,"href":"https:\/\/1001voyagesgourmands.com\/cs\/wp-json\/wp\/v2\/comments?post=3661"}],"version-history":[{"count":1,"href":"https:\/\/1001voyagesgourmands.com\/cs\/wp-json\/wp\/v2\/posts\/3661\/revisions"}],"predecessor-version":[{"id":28182,"href":"https:\/\/1001voyagesgourmands.com\/cs\/wp-json\/wp\/v2\/posts\/3661\/revisions\/28182"}],"wp:featuredmedia":[{"embeddable":true,"href":"https:\/\/1001voyagesgourmands.com\/cs\/wp-json\/wp\/v2\/media\/10198"}],"wp:attachment":[{"href":"https:\/\/1001voyagesgourmands.com\/cs\/wp-json\/wp\/v2\/media?parent=3661"}],"wp:term":[{"taxonomy":"category","embeddable":true,"href":"https:\/\/1001voyagesgourmands.com\/cs\/wp-json\/wp\/v2\/categories?post=3661"},{"taxonomy":"post_tag","embeddable":true,"href":"https:\/\/1001voyagesgourmands.com\/cs\/wp-json\/wp\/v2\/tags?post=3661"}],"curies":[{"name":"wp","href":"https:\/\/api.w.org\/{rel}","templated":true}]}}