{"id":32388,"date":"2025-06-12T00:06:34","date_gmt":"2025-06-11T22:06:34","guid":{"rendered":"https:\/\/1001voyagesgourmands.com\/?p=32388"},"modified":"2025-06-12T00:09:12","modified_gmt":"2025-06-11T22:09:12","slug":"nas-pobyt-v-borgo-villa-certano-a-vylet-do-monteriggioni","status":"publish","type":"post","link":"https:\/\/1001voyagesgourmands.com\/cs\/nas-pobyt-v-borgo-villa-certano-a-vylet-do-monteriggioni\/","title":{"rendered":"N\u00e1\u0161 pobyt v Borgo Villa Certano a v\u00fdlet do Monteriggioni"},"content":{"rendered":"<p style=\"text-align: justify;\">Je\u0161t\u011b ne\u017e za\u010dnou pr\u00e1zdniny, m\u00e1m pro v\u00e1s p\u00e1r tip\u016f pokud se chyst\u00e1te do Tosk\u00e1nska, pop\u0159\u00edpad\u011b r\u00e1di byste n\u011bkam k mo\u0159i i za kulturou, ale je\u0161t\u011b nev\u00edte kam &#8211; pak u\u017e nehledejte a \u010dt\u011bte d\u00e1le. V n\u00e1sleduj\u00edc\u00ed s\u00e9rii p\u0159\u00edsp\u011bvk\u016f v\u00e1s vezmu do n\u00e1dhern\u00e9 \u010d\u00e1sti ji\u017en\u00edho Tosk\u00e1nska, kterou jsme m\u011bli tu \u010dest nav\u0161t\u00edvit minul\u00e9 l\u00e9to. Op\u011bt to byla skv\u011bl\u00e1 dovolen\u00e1 i s na\u0161\u00ed tehdy \u010dty\u0159letou dcerkou. N\u00e1\u0161 p\u016fvodn\u00ed pl\u00e1n byl stanovat v kempu v okol\u00ed Grosetta &#8211; u\u017e\u00edt si pl\u00e1\u017e, ale tak\u00e9 kr\u00e1sy ji\u017en\u00edho Tosk\u00e1nska. Nicm\u00e9n\u011b n\u00e1s na posledn\u00ed chv\u00edli napadlo str\u00e1vit t\u0159i noci v okol\u00ed Sienny. O tom, jak\u00fd byl n\u00e1\u0161 pobyt v kr\u00e1sn\u00e9 vile <strong><a href=\"https:\/\/borgovillacertano.com\" target=\"_blank\" rel=\"noopener\">Borgo Villa Certano<\/a><\/strong> a v\u00fdlet do Monteriggioni, je prvn\u00ed ze s\u00e9rie p\u0159\u00edsp\u011bvk\u016f o Ji\u017en\u00edm Tosk\u00e1nsku.<\/p>\n<p style=\"text-align: justify;\">Dnes to tedy bude o t\u00e9to kr\u00e1sn\u00e9 vile a na konci se do\u010dtete tak\u00e9, jakou souvislost to m\u011blo s n\u00e1v\u0161t\u011bvou Monteriggioni <em>(napov\u00edm v\u00e1m: n\u011bkdy n\u00e1m ty nejlep\u0161\u00ed cestovatelsk\u00e9 z\u00e1\u017eitky p\u0159inesou lid\u00e9, kter\u00e9 potk\u00e1me po cest\u011b)<\/em>. <em>\ud83d\ude09 <\/em>Pokud hled\u00e1te hezk\u00e9 ubytov\u00e1n\u00ed s du\u0161\u00ed a histori\u00ed v sam\u00e9m centru Tosk\u00e1nska, jako\u017eto z\u00e1kladnu pro v\u00fdlety do okol\u00ed a kde m\u016f\u017eete z\u00e1rove\u0148 relaxovat v p\u0159\u00edrod\u011b, pokud zrovna nevyletujete, mohlo by to b\u00fdt pro v\u00e1s to prav\u00e9. My si to m\u00edsto nem\u016f\u017eeme vynachv\u00e1lit, n\u011bjak\u00fdm z\u00e1zrakem jsme se tu c\u00edtili jako doma.<\/p>\n<p style=\"text-align: justify;\">N\u00e1\u0161 pobyt v kr\u00e1sn\u00e9&nbsp;Borgo Villa Certano byl kouzeln\u00fd. Dorazili jsme v noci, tak\u017ee alej vedouc\u00ed k vile jsme objevili a\u017e druh\u00fd den r\u00e1no. Kl\u00ed\u010de k na\u0161emu apartm\u00e1nu <em>Granaino<\/em> jsme m\u011bli schovan\u00e9 v bezpe\u010dnostn\u00ed schr\u00e1nce. Byt byl ve druh\u00e9m poschod\u00ed a pr\u00fd v n\u011bm v 15. stolet\u00ed pob\u00fdval zn\u00e1m\u00fd mal\u00ed\u0159 Lorenzo di Pietro, zn\u00e1m\u00fd jako Il Vecchietta. Byla tam jedna lo\u017enice pro dva s typick\u00fdm tosk\u00e1nsk\u00fdm d\u0159ev\u011bno-terakotov\u00fdm stropem a kovovou tosk\u00e1nskou postel\u00ed, ob\u00fdvac\u00ed pokoj s mo\u017enost\u00ed p\u0159ist\u00fdlek (Adeline si u\u017eila span\u00ed na pohovce!), vybaven\u00e1 kuchy\u0148 a koupelna.&nbsp;<\/p>\n<p style=\"text-align: justify;\">R\u00e1no po dlouh\u00e9 cest\u011b jsme se probudili za zvuku kropen\u00ed zahr\u00e1dky a kdy\u017e jsme vykoukly z okna, po okn\u011b v prvn\u00edm pat\u0159e se promen\u00e1dovala ko\u010dka, jakmile n\u00e1s zahl\u00eddla, sedla si a p\u00f3zovala. Zat\u00edmco jsme s Adelinkou p\u0159ipravily st\u016fl, \u010daj a k\u00e1vu, Steven sjel do m\u00edstn\u00ed pek\u00e1rny pro n\u011bjak\u00fd ten \u0159emesln\u00fd chl\u00e9b a h\u0159\u00ed\u0161n\u00e9 dobroty (<em>dlouho jsme se nevid\u011bli, pist\u00e1ciov\u00e9 pe\u010divo!<\/em>). P\u0159i myt\u00ed n\u00e1dob\u00ed jsme se kochali v\u00fdhledy do krajiny s cyp\u0159i\u0161i a vinicemi (to je na\u0161e) a vila si n\u00e1s postupn\u011b z\u00edsk\u00e1vala.&nbsp;<\/p>\n<p style=\"text-align: justify;\">B\u011bhem na\u0161eho pobytu zde jsme nav\u0161t\u00edvili Sienu, Volterru, San Gimignano a Monteriggioni. O prvn\u00edch t\u0159ech zm\u00edn\u011bn\u00fdch se do\u010dtete v dal\u0161\u00edm \u010dl\u00e1nku, ale Monteriggioni jsme zde nechala speci\u00e1ln\u00ed prostor, v druh\u00e9 p\u016flce tohoto p\u0159\u00edsp\u011bvku.<\/p>\n<p style=\"text-align: justify;\">A pokud jsme zrovna nikde nejezdili, tr\u00e1vili jsme \u010das (zvl\u00e1\u0161t\u011b pozdn\u00ed poledne a brzk\u00e9 dopoledne, kdy bylo siln\u00e9 slunce) relaxov\u00e1n\u00edm ve st\u00ednu mod\u0159\u00ednu a olivovn\u00edk\u016f na rozlehl\u00e9 zahrad\u011b, a kochali se v\u00fdhledem do na\u0161\u00ed obl\u00edben\u00e9 scen\u00e9rie = krajiny poset\u00e9 olivovn\u00edky a vinicemi. Tak poklidn\u00e9 m\u00edsto, tolik ticha &#8211; tak dob\u00edjej\u00edc\u00ed. M\u011bli jsme tak\u00e9 kn\u00ed\u017eky a piknikov\u00e9 vybaven\u00ed s sebou, a nic v\u00edc jsme nepot\u0159ebovali. Ve\u010der jsme si sem vy\u0161li se sklenkou organick\u00e9ho Chianti, kter\u00e9 na n\u00e1s \u010dekalo v ubytov\u00e1n\u00ed jako pozornost, a pozorovali hv\u011bzdy, kter\u00e9 zrovna padaly. \u017d\u00e1dn\u00fd sv\u011bteln\u00fd smog, jen p\u0159\u00edroda kolem, tak\u017ee viditelnost byla skv\u011bl\u00e1, a Adeline byla z hv\u011bzd une\u0161en\u00e1. M\u011bly jsme pak dlouh\u00e9 rozhovory na t\u00e9ma padaj\u00edc\u00edch hv\u011bzd. \ud83d\ude42&nbsp;<\/p>\n<p style=\"text-align: justify;\">A te\u010f k tomu, pro\u010d jsme se zde c\u00edtili jako doma. Zarezervovali jsme si nocleh na t\u0159i noci, nicm\u00e9n\u011b pan\u00ed majitelka m\u011bla voln\u00fd apartm\u00e1n jen na prvn\u00ed dv\u011b noci, ale vy\u0161la n\u00e1m vst\u0159\u00edc a za\u0159\u00eddila n\u00e1m p\u0159esp\u00e1n\u00ed i na tu t\u0159et\u00ed noc (to v\u0161e s n\u00ed Steven za\u0159izoval p\u0159es Watsup). T\u0159et\u00ed den jsme se tedy p\u0159est\u011bhovali do je\u0161t\u011b kr\u00e1sn\u011bj\u0161\u00edho pokoje &#8211; z\u0159ejm\u011b velice cen\u011bn\u00e9ho v rodin\u011b &#8211; p\u0159i\u0161lo mi, jako by byl pln\u00fd vzpom\u00ednek&#8230; knihovna byla pln\u00e1 zaj\u00edmav\u00fdch nau\u010dn\u00fdch knih, povle\u010den\u00ed jemn\u011b modr\u00e9 a b\u00edl\u00e9 barvy citliv\u011b ladilo s tmav\u00fdm d\u0159ev\u011bn\u00fdm historick\u00fdm n\u00e1bytkem, na pr\u00e1deln\u00edku n\u011bjak\u00e9 krabi\u010dky a dekorativn\u00ed p\u0159edm\u011bty s tematikou Sieny.<\/p>\n<p style=\"text-align: justify;\">M\u011bli jsme k tomu pokoji velk\u00fd respekt, a moc jsme si v\u00e1\u017eili, \u017ee n\u00e1s sem v\u016fbec pustili. Ten den, kdy jsme se st\u011bhovali, jsme si tak\u00e9 pov\u00eddali s tou milou star\u0161\u00ed pan\u00ed, kter\u00e1 tam p\u0159evl\u00e9k\u00e1 postele, pere a p\u0159ipravuje pokoje a byty pro dal\u0161\u00ed hosty. Zrovna p\u0159ipravovala ten n\u00e1\u0161 pokoj, ale mezit\u00edm n\u00e1m nab\u00eddla, \u017ee n\u00e1m vypere i n\u011bjak\u00e9 pr\u00e1dlo, kdy\u017e m\u011b vid\u011bla, jak jsem se v umyvadle sna\u017eila vyprat skvrnu od melounu na Ad\u00e9lky \u0161ati\u010dk\u00e1ch. Vyprala a dokonce vy\u017eehlila, a\u017e mi to bylo blb\u00e9, \u017ee s n\u00e1mi m\u011bla tolik pr\u00e1ce&#8230; ale ona v\u0161e d\u011blala s \u00fasm\u011bvem &#8211; st\u00e1le ho vid\u00edm&#8230;&nbsp;<\/p>\n<p style=\"text-align: justify;\">U\u017e jsem v\u00e1m popsala tu ohromnou zahradu, ale n\u00e1v\u0161t\u011bvn\u00edci maj\u00ed p\u0159\u00edstup i do jin\u00fdch m\u00edst pat\u0159\u00edc\u00ed k pozemku a otev\u0159en\u00fdch \u010d\u00e1st\u00ed vily. A tak jsme objevili kapli\u010dku a nebo vinn\u00fd skl\u00edpek pln\u00fd obrovsk\u00fdch dubov\u00fdch sud\u016f. U\u017e to taky vid\u00edte, tu svatbu tady? \ud83d\ude00 Ta mil\u00e1 star\u0161\u00ed pan\u00ed n\u00e1m tak\u00e9 uk\u00e1zala z\u0159ejm\u011b tu nejkr\u00e1sn\u011bj\u0161\u00ed m\u00edstnost v cel\u00e9 vile, evokuj\u00edc\u00ed takovou magickou zahradu &#8211; jsou tam n\u00e1dhern\u00e9 ru\u010dn\u011b malovan\u00e9 st\u011bny, po kter\u00fdch se linuly stromy, r\u016f\u017ee, \u0161\u00edpky, m\u00e1ky a lu\u010dn\u00ed kv\u00edt\u00ed, poletuj\u00edc\u00ed mot\u00fdli, pt\u00e1\u010dci a hmyz. Ad\u00e9lka, ale i j\u00e1, jsme se tu c\u00edtily jak Alenka v \u0159\u00ed\u0161i div\u016f. Bylo tam je\u0161t\u011b p\u00e1r b\u00edl\u00fdch balonku z oslavy narozenin, a tak jsme se tu s n\u00ed zabavily celkem dlouho. U recepce je malink\u00fd obch\u016fdek, kde m\u016f\u017eete zakoupit m\u00edstn\u00ed produkty jako\u017eto v\u00edno a olivov\u00fd olej p\u016fvodem z Certana. J\u00e1 si zde koupila ru\u010dn\u011b \u0161it\u00e9 pytl\u00ed\u010dky s levandul\u00ed, kter\u00fd n\u00e1m vis\u00ed ve sk\u0159\u00edn\u00edch a p\u0159ipom\u00edn\u00e1 n\u00e1m tohle kr\u00e1sn\u00e9 m\u00edsto po cel\u00fd rok. A mo\u017en\u00e1 se sem n\u011bkdy vr\u00e1t\u00edme!<\/p>\n<p><img loading=\"lazy\" decoding=\"async\" class=\"aligncenter wp-image-32137 size-large\" src=\"https:\/\/1001voyagesgourmands.com\/wp-content\/uploads\/2025\/06\/Borgo-Villa-Certano-2-1170x1753.jpg\" alt=\"O tom, jak\u00fd byl n\u00e1\u0161 pobyt v kr\u00e1sn\u00e9 vile Borgo Villa Certano a v\u00fdlet do Monteriggioni, je prvn\u00ed ze s\u00e9rie p\u0159\u00edsp\u011bvk\u016f o Ji\u017en\u00edm Tosk\u00e1nsku.\" width=\"1170\" height=\"1753\" srcset=\"https:\/\/1001voyagesgourmands.com\/wp-content\/uploads\/2025\/06\/Borgo-Villa-Certano-2-1170x1753.jpg 1170w, https:\/\/1001voyagesgourmands.com\/wp-content\/uploads\/2025\/06\/Borgo-Villa-Certano-2-200x300.jpg 200w, https:\/\/1001voyagesgourmands.com\/wp-content\/uploads\/2025\/06\/Borgo-Villa-Certano-2-768x1151.jpg 768w, https:\/\/1001voyagesgourmands.com\/wp-content\/uploads\/2025\/06\/Borgo-Villa-Certano-2-1025x1536.jpg 1025w, https:\/\/1001voyagesgourmands.com\/wp-content\/uploads\/2025\/06\/Borgo-Villa-Certano-2-585x876.jpg 585w, https:\/\/1001voyagesgourmands.com\/wp-content\/uploads\/2025\/06\/Borgo-Villa-Certano-2.jpg 1367w\" sizes=\"auto, (max-width: 1170px) 100vw, 1170px\" \/><\/p>\n<p><img loading=\"lazy\" decoding=\"async\" class=\"aligncenter wp-image-32143 size-large\" src=\"https:\/\/1001voyagesgourmands.com\/wp-content\/uploads\/2025\/06\/Borgo-Villa-Certano-5-1170x1753.jpg\" alt=\"O tom, jak\u00fd byl n\u00e1\u0161 pobyt v kr\u00e1sn\u00e9 vile Borgo Villa Certano a v\u00fdlet do Monteriggioni, je prvn\u00ed ze s\u00e9rie p\u0159\u00edsp\u011bvk\u016f o Ji\u017en\u00edm Tosk\u00e1nsku.\" width=\"1170\" height=\"1753\" srcset=\"https:\/\/1001voyagesgourmands.com\/wp-content\/uploads\/2025\/06\/Borgo-Villa-Certano-5-1170x1753.jpg 1170w, https:\/\/1001voyagesgourmands.com\/wp-content\/uploads\/2025\/06\/Borgo-Villa-Certano-5-200x300.jpg 200w, https:\/\/1001voyagesgourmands.com\/wp-content\/uploads\/2025\/06\/Borgo-Villa-Certano-5-768x1151.jpg 768w, https:\/\/1001voyagesgourmands.com\/wp-content\/uploads\/2025\/06\/Borgo-Villa-Certano-5-1025x1536.jpg 1025w, https:\/\/1001voyagesgourmands.com\/wp-content\/uploads\/2025\/06\/Borgo-Villa-Certano-5-585x876.jpg 585w, https:\/\/1001voyagesgourmands.com\/wp-content\/uploads\/2025\/06\/Borgo-Villa-Certano-5.jpg 1367w\" sizes=\"auto, (max-width: 1170px) 100vw, 1170px\" \/><\/p>\n<p><img loading=\"lazy\" decoding=\"async\" class=\"aligncenter size-large wp-image-32149\" src=\"https:\/\/1001voyagesgourmands.com\/wp-content\/uploads\/2025\/06\/Borgo-Villa-Certano-8-1170x1753.jpg\" alt=\"\" width=\"1170\" height=\"1753\" srcset=\"https:\/\/1001voyagesgourmands.com\/wp-content\/uploads\/2025\/06\/Borgo-Villa-Certano-8-1170x1753.jpg 1170w, https:\/\/1001voyagesgourmands.com\/wp-content\/uploads\/2025\/06\/Borgo-Villa-Certano-8-200x300.jpg 200w, https:\/\/1001voyagesgourmands.com\/wp-content\/uploads\/2025\/06\/Borgo-Villa-Certano-8-768x1151.jpg 768w, https:\/\/1001voyagesgourmands.com\/wp-content\/uploads\/2025\/06\/Borgo-Villa-Certano-8-1025x1536.jpg 1025w, https:\/\/1001voyagesgourmands.com\/wp-content\/uploads\/2025\/06\/Borgo-Villa-Certano-8-585x876.jpg 585w, https:\/\/1001voyagesgourmands.com\/wp-content\/uploads\/2025\/06\/Borgo-Villa-Certano-8.jpg 1367w\" sizes=\"auto, (max-width: 1170px) 100vw, 1170px\" \/><\/p>\n<p><img loading=\"lazy\" decoding=\"async\" class=\"aligncenter wp-image-32139 size-large\" src=\"https:\/\/1001voyagesgourmands.com\/wp-content\/uploads\/2025\/06\/Borgo-Villa-Certano-3-1170x1753.jpg\" alt=\"O tom, jak\u00fd byl n\u00e1\u0161 pobyt v kr\u00e1sn\u00e9 vile Borgo Villa Certano a v\u00fdlet do Monteriggioni, je prvn\u00ed ze s\u00e9rie p\u0159\u00edsp\u011bvk\u016f o Ji\u017en\u00edm Tosk\u00e1nsku.\" width=\"1170\" height=\"1753\" srcset=\"https:\/\/1001voyagesgourmands.com\/wp-content\/uploads\/2025\/06\/Borgo-Villa-Certano-3-1170x1753.jpg 1170w, https:\/\/1001voyagesgourmands.com\/wp-content\/uploads\/2025\/06\/Borgo-Villa-Certano-3-200x300.jpg 200w, https:\/\/1001voyagesgourmands.com\/wp-content\/uploads\/2025\/06\/Borgo-Villa-Certano-3-768x1151.jpg 768w, https:\/\/1001voyagesgourmands.com\/wp-content\/uploads\/2025\/06\/Borgo-Villa-Certano-3-1025x1536.jpg 1025w, https:\/\/1001voyagesgourmands.com\/wp-content\/uploads\/2025\/06\/Borgo-Villa-Certano-3-585x876.jpg 585w, https:\/\/1001voyagesgourmands.com\/wp-content\/uploads\/2025\/06\/Borgo-Villa-Certano-3.jpg 1367w\" sizes=\"auto, (max-width: 1170px) 100vw, 1170px\" \/><\/p>\n<p><img loading=\"lazy\" decoding=\"async\" class=\"aligncenter wp-image-32141 size-large\" src=\"https:\/\/1001voyagesgourmands.com\/wp-content\/uploads\/2025\/06\/Borgo-Villa-Certano-4-1170x1753.jpg\" alt=\"O tom, jak\u00fd byl n\u00e1\u0161 pobyt v kr\u00e1sn\u00e9 vile Borgo Villa Certano a v\u00fdlet do Monteriggioni, je prvn\u00ed ze s\u00e9rie p\u0159\u00edsp\u011bvk\u016f o Ji\u017en\u00edm Tosk\u00e1nsku.\" width=\"1170\" height=\"1753\" srcset=\"https:\/\/1001voyagesgourmands.com\/wp-content\/uploads\/2025\/06\/Borgo-Villa-Certano-4-1170x1753.jpg 1170w, https:\/\/1001voyagesgourmands.com\/wp-content\/uploads\/2025\/06\/Borgo-Villa-Certano-4-200x300.jpg 200w, https:\/\/1001voyagesgourmands.com\/wp-content\/uploads\/2025\/06\/Borgo-Villa-Certano-4-768x1151.jpg 768w, https:\/\/1001voyagesgourmands.com\/wp-content\/uploads\/2025\/06\/Borgo-Villa-Certano-4-1025x1536.jpg 1025w, https:\/\/1001voyagesgourmands.com\/wp-content\/uploads\/2025\/06\/Borgo-Villa-Certano-4-585x876.jpg 585w, https:\/\/1001voyagesgourmands.com\/wp-content\/uploads\/2025\/06\/Borgo-Villa-Certano-4.jpg 1367w\" sizes=\"auto, (max-width: 1170px) 100vw, 1170px\" \/><\/p>\n<p><img loading=\"lazy\" decoding=\"async\" class=\"aligncenter size-full wp-image-32243\" src=\"https:\/\/1001voyagesgourmands.com\/wp-content\/uploads\/2025\/06\/Borgo-Villa-Certano-collage-3-1.jpg\" alt=\"\" width=\"842\" height=\"595\" srcset=\"https:\/\/1001voyagesgourmands.com\/wp-content\/uploads\/2025\/06\/Borgo-Villa-Certano-collage-3-1.jpg 842w, https:\/\/1001voyagesgourmands.com\/wp-content\/uploads\/2025\/06\/Borgo-Villa-Certano-collage-3-1-300x212.jpg 300w, https:\/\/1001voyagesgourmands.com\/wp-content\/uploads\/2025\/06\/Borgo-Villa-Certano-collage-3-1-768x543.jpg 768w, https:\/\/1001voyagesgourmands.com\/wp-content\/uploads\/2025\/06\/Borgo-Villa-Certano-collage-3-1-585x413.jpg 585w\" sizes=\"auto, (max-width: 842px) 100vw, 842px\" \/><\/p>\n<p><img loading=\"lazy\" decoding=\"async\" class=\"aligncenter size-large wp-image-32201\" src=\"https:\/\/1001voyagesgourmands.com\/wp-content\/uploads\/2025\/06\/Borgo-Villa-Certano-34-1170x1753.jpg\" alt=\"\" width=\"1170\" height=\"1753\" srcset=\"https:\/\/1001voyagesgourmands.com\/wp-content\/uploads\/2025\/06\/Borgo-Villa-Certano-34-1170x1753.jpg 1170w, https:\/\/1001voyagesgourmands.com\/wp-content\/uploads\/2025\/06\/Borgo-Villa-Certano-34-200x300.jpg 200w, https:\/\/1001voyagesgourmands.com\/wp-content\/uploads\/2025\/06\/Borgo-Villa-Certano-34-768x1151.jpg 768w, https:\/\/1001voyagesgourmands.com\/wp-content\/uploads\/2025\/06\/Borgo-Villa-Certano-34-1025x1536.jpg 1025w, https:\/\/1001voyagesgourmands.com\/wp-content\/uploads\/2025\/06\/Borgo-Villa-Certano-34-585x876.jpg 585w, https:\/\/1001voyagesgourmands.com\/wp-content\/uploads\/2025\/06\/Borgo-Villa-Certano-34.jpg 1367w\" sizes=\"auto, (max-width: 1170px) 100vw, 1170px\" \/><\/p>\n<p><img loading=\"lazy\" decoding=\"async\" class=\"aligncenter size-full wp-image-32237\" src=\"https:\/\/1001voyagesgourmands.com\/wp-content\/uploads\/2025\/06\/Borgo-Villa-Certano-collage-6-1.jpg\" alt=\"\" width=\"842\" height=\"595\" srcset=\"https:\/\/1001voyagesgourmands.com\/wp-content\/uploads\/2025\/06\/Borgo-Villa-Certano-collage-6-1.jpg 842w, https:\/\/1001voyagesgourmands.com\/wp-content\/uploads\/2025\/06\/Borgo-Villa-Certano-collage-6-1-300x212.jpg 300w, https:\/\/1001voyagesgourmands.com\/wp-content\/uploads\/2025\/06\/Borgo-Villa-Certano-collage-6-1-768x543.jpg 768w, https:\/\/1001voyagesgourmands.com\/wp-content\/uploads\/2025\/06\/Borgo-Villa-Certano-collage-6-1-585x413.jpg 585w\" sizes=\"auto, (max-width: 842px) 100vw, 842px\" \/><\/p>\n<p><img loading=\"lazy\" decoding=\"async\" class=\"aligncenter wp-image-32187 size-large\" src=\"https:\/\/1001voyagesgourmands.com\/wp-content\/uploads\/2025\/06\/Borgo-Villa-Certano-27-1170x1753.jpg\" alt=\"O tom, jak\u00fd byl n\u00e1\u0161 pobyt v kr\u00e1sn\u00e9 vile Borgo Villa Certano a v\u00fdlet do Monteriggioni, je prvn\u00ed ze s\u00e9rie p\u0159\u00edsp\u011bvk\u016f o Ji\u017en\u00edm Tosk\u00e1nsku.\" width=\"1170\" height=\"1753\" srcset=\"https:\/\/1001voyagesgourmands.com\/wp-content\/uploads\/2025\/06\/Borgo-Villa-Certano-27-1170x1753.jpg 1170w, https:\/\/1001voyagesgourmands.com\/wp-content\/uploads\/2025\/06\/Borgo-Villa-Certano-27-200x300.jpg 200w, https:\/\/1001voyagesgourmands.com\/wp-content\/uploads\/2025\/06\/Borgo-Villa-Certano-27-768x1151.jpg 768w, https:\/\/1001voyagesgourmands.com\/wp-content\/uploads\/2025\/06\/Borgo-Villa-Certano-27-1025x1536.jpg 1025w, https:\/\/1001voyagesgourmands.com\/wp-content\/uploads\/2025\/06\/Borgo-Villa-Certano-27-585x876.jpg 585w, https:\/\/1001voyagesgourmands.com\/wp-content\/uploads\/2025\/06\/Borgo-Villa-Certano-27.jpg 1367w\" sizes=\"auto, (max-width: 1170px) 100vw, 1170px\" \/><\/p>\n<p><img loading=\"lazy\" decoding=\"async\" class=\"aligncenter size-full wp-image-32245\" src=\"https:\/\/1001voyagesgourmands.com\/wp-content\/uploads\/2025\/06\/Borgo-Villa-Certano-collage-5-1.jpg\" alt=\"\" width=\"842\" height=\"595\" srcset=\"https:\/\/1001voyagesgourmands.com\/wp-content\/uploads\/2025\/06\/Borgo-Villa-Certano-collage-5-1.jpg 842w, https:\/\/1001voyagesgourmands.com\/wp-content\/uploads\/2025\/06\/Borgo-Villa-Certano-collage-5-1-300x212.jpg 300w, https:\/\/1001voyagesgourmands.com\/wp-content\/uploads\/2025\/06\/Borgo-Villa-Certano-collage-5-1-768x543.jpg 768w, https:\/\/1001voyagesgourmands.com\/wp-content\/uploads\/2025\/06\/Borgo-Villa-Certano-collage-5-1-585x413.jpg 585w\" sizes=\"auto, (max-width: 842px) 100vw, 842px\" \/><\/p>\n<p><img loading=\"lazy\" decoding=\"async\" class=\"aligncenter size-large wp-image-32189\" src=\"https:\/\/1001voyagesgourmands.com\/wp-content\/uploads\/2025\/06\/Borgo-Villa-Certano-28-1170x1753.jpg\" alt=\"\" width=\"1170\" height=\"1753\" srcset=\"https:\/\/1001voyagesgourmands.com\/wp-content\/uploads\/2025\/06\/Borgo-Villa-Certano-28-1170x1753.jpg 1170w, https:\/\/1001voyagesgourmands.com\/wp-content\/uploads\/2025\/06\/Borgo-Villa-Certano-28-200x300.jpg 200w, https:\/\/1001voyagesgourmands.com\/wp-content\/uploads\/2025\/06\/Borgo-Villa-Certano-28-768x1151.jpg 768w, https:\/\/1001voyagesgourmands.com\/wp-content\/uploads\/2025\/06\/Borgo-Villa-Certano-28-1025x1536.jpg 1025w, https:\/\/1001voyagesgourmands.com\/wp-content\/uploads\/2025\/06\/Borgo-Villa-Certano-28-585x876.jpg 585w, https:\/\/1001voyagesgourmands.com\/wp-content\/uploads\/2025\/06\/Borgo-Villa-Certano-28.jpg 1367w\" sizes=\"auto, (max-width: 1170px) 100vw, 1170px\" \/><\/p>\n<p><img loading=\"lazy\" decoding=\"async\" class=\"aligncenter size-large wp-image-32135\" src=\"https:\/\/1001voyagesgourmands.com\/wp-content\/uploads\/2025\/06\/Borgo-Villa-Certano-1-1170x1560.jpg\" alt=\"\" width=\"1170\" height=\"1560\" srcset=\"https:\/\/1001voyagesgourmands.com\/wp-content\/uploads\/2025\/06\/Borgo-Villa-Certano-1-1170x1560.jpg 1170w, https:\/\/1001voyagesgourmands.com\/wp-content\/uploads\/2025\/06\/Borgo-Villa-Certano-1-225x300.jpg 225w, https:\/\/1001voyagesgourmands.com\/wp-content\/uploads\/2025\/06\/Borgo-Villa-Certano-1-768x1024.jpg 768w, https:\/\/1001voyagesgourmands.com\/wp-content\/uploads\/2025\/06\/Borgo-Villa-Certano-1-1152x1536.jpg 1152w, https:\/\/1001voyagesgourmands.com\/wp-content\/uploads\/2025\/06\/Borgo-Villa-Certano-1-585x780.jpg 585w, https:\/\/1001voyagesgourmands.com\/wp-content\/uploads\/2025\/06\/Borgo-Villa-Certano-1.jpg 1536w\" sizes=\"auto, (max-width: 1170px) 100vw, 1170px\" \/><\/p>\n<p><img loading=\"lazy\" decoding=\"async\" class=\"aligncenter wp-image-32209 size-large\" src=\"https:\/\/1001voyagesgourmands.com\/wp-content\/uploads\/2025\/06\/Borgo-Villa-Certano-38-1170x1753.jpg\" alt=\"O tom, jak\u00fd byl n\u00e1\u0161 pobyt v kr\u00e1sn\u00e9 vile Borgo Villa Certano a v\u00fdlet do Monteriggioni, je prvn\u00ed ze s\u00e9rie p\u0159\u00edsp\u011bvk\u016f o Ji\u017en\u00edm Tosk\u00e1nsku.\" width=\"1170\" height=\"1753\" srcset=\"https:\/\/1001voyagesgourmands.com\/wp-content\/uploads\/2025\/06\/Borgo-Villa-Certano-38-1170x1753.jpg 1170w, https:\/\/1001voyagesgourmands.com\/wp-content\/uploads\/2025\/06\/Borgo-Villa-Certano-38-200x300.jpg 200w, https:\/\/1001voyagesgourmands.com\/wp-content\/uploads\/2025\/06\/Borgo-Villa-Certano-38-768x1151.jpg 768w, https:\/\/1001voyagesgourmands.com\/wp-content\/uploads\/2025\/06\/Borgo-Villa-Certano-38-1025x1536.jpg 1025w, https:\/\/1001voyagesgourmands.com\/wp-content\/uploads\/2025\/06\/Borgo-Villa-Certano-38-585x876.jpg 585w, https:\/\/1001voyagesgourmands.com\/wp-content\/uploads\/2025\/06\/Borgo-Villa-Certano-38.jpg 1367w\" sizes=\"auto, (max-width: 1170px) 100vw, 1170px\" \/><\/p>\n<p><img loading=\"lazy\" decoding=\"async\" class=\"aligncenter size-full wp-image-32233\" src=\"https:\/\/1001voyagesgourmands.com\/wp-content\/uploads\/2025\/06\/Borgo-Villa-Certano-collage-8-1.jpg\" alt=\"\" width=\"842\" height=\"595\" srcset=\"https:\/\/1001voyagesgourmands.com\/wp-content\/uploads\/2025\/06\/Borgo-Villa-Certano-collage-8-1.jpg 842w, https:\/\/1001voyagesgourmands.com\/wp-content\/uploads\/2025\/06\/Borgo-Villa-Certano-collage-8-1-300x212.jpg 300w, https:\/\/1001voyagesgourmands.com\/wp-content\/uploads\/2025\/06\/Borgo-Villa-Certano-collage-8-1-768x543.jpg 768w, https:\/\/1001voyagesgourmands.com\/wp-content\/uploads\/2025\/06\/Borgo-Villa-Certano-collage-8-1-585x413.jpg 585w\" sizes=\"auto, (max-width: 842px) 100vw, 842px\" \/><\/p>\n<p><img loading=\"lazy\" decoding=\"async\" class=\"aligncenter wp-image-32211 size-large\" src=\"https:\/\/1001voyagesgourmands.com\/wp-content\/uploads\/2025\/06\/Borgo-Villa-Certano-39-1170x1753.jpg\" alt=\"O tom, jak\u00fd byl n\u00e1\u0161 pobyt v kr\u00e1sn\u00e9 vile Borgo Villa Certano a v\u00fdlet do Monteriggioni, je prvn\u00ed ze s\u00e9rie p\u0159\u00edsp\u011bvk\u016f o Ji\u017en\u00edm Tosk\u00e1nsku.\" width=\"1170\" height=\"1753\" srcset=\"https:\/\/1001voyagesgourmands.com\/wp-content\/uploads\/2025\/06\/Borgo-Villa-Certano-39-1170x1753.jpg 1170w, https:\/\/1001voyagesgourmands.com\/wp-content\/uploads\/2025\/06\/Borgo-Villa-Certano-39-200x300.jpg 200w, https:\/\/1001voyagesgourmands.com\/wp-content\/uploads\/2025\/06\/Borgo-Villa-Certano-39-768x1151.jpg 768w, https:\/\/1001voyagesgourmands.com\/wp-content\/uploads\/2025\/06\/Borgo-Villa-Certano-39-1025x1536.jpg 1025w, https:\/\/1001voyagesgourmands.com\/wp-content\/uploads\/2025\/06\/Borgo-Villa-Certano-39-585x876.jpg 585w, https:\/\/1001voyagesgourmands.com\/wp-content\/uploads\/2025\/06\/Borgo-Villa-Certano-39.jpg 1367w\" sizes=\"auto, (max-width: 1170px) 100vw, 1170px\" \/><\/p>\n<p><img loading=\"lazy\" decoding=\"async\" class=\"aligncenter size-full wp-image-32231\" src=\"https:\/\/1001voyagesgourmands.com\/wp-content\/uploads\/2025\/06\/Borgo-Villa-Certano-collage-9-1.jpg\" alt=\"\" width=\"842\" height=\"595\" srcset=\"https:\/\/1001voyagesgourmands.com\/wp-content\/uploads\/2025\/06\/Borgo-Villa-Certano-collage-9-1.jpg 842w, https:\/\/1001voyagesgourmands.com\/wp-content\/uploads\/2025\/06\/Borgo-Villa-Certano-collage-9-1-300x212.jpg 300w, https:\/\/1001voyagesgourmands.com\/wp-content\/uploads\/2025\/06\/Borgo-Villa-Certano-collage-9-1-768x543.jpg 768w, https:\/\/1001voyagesgourmands.com\/wp-content\/uploads\/2025\/06\/Borgo-Villa-Certano-collage-9-1-585x413.jpg 585w\" sizes=\"auto, (max-width: 842px) 100vw, 842px\" \/><\/p>\n<p><img loading=\"lazy\" decoding=\"async\" class=\"aligncenter size-large wp-image-32161\" src=\"https:\/\/1001voyagesgourmands.com\/wp-content\/uploads\/2025\/06\/Borgo-Villa-Certano-14-1170x781.jpg\" alt=\"\" width=\"1170\" height=\"781\" srcset=\"https:\/\/1001voyagesgourmands.com\/wp-content\/uploads\/2025\/06\/Borgo-Villa-Certano-14-1170x781.jpg 1170w, https:\/\/1001voyagesgourmands.com\/wp-content\/uploads\/2025\/06\/Borgo-Villa-Certano-14-300x200.jpg 300w, https:\/\/1001voyagesgourmands.com\/wp-content\/uploads\/2025\/06\/Borgo-Villa-Certano-14-768x513.jpg 768w, https:\/\/1001voyagesgourmands.com\/wp-content\/uploads\/2025\/06\/Borgo-Villa-Certano-14-1536x1025.jpg 1536w, https:\/\/1001voyagesgourmands.com\/wp-content\/uploads\/2025\/06\/Borgo-Villa-Certano-14-1920x1282.jpg 1920w, https:\/\/1001voyagesgourmands.com\/wp-content\/uploads\/2025\/06\/Borgo-Villa-Certano-14-585x390.jpg 585w, https:\/\/1001voyagesgourmands.com\/wp-content\/uploads\/2025\/06\/Borgo-Villa-Certano-14-263x175.jpg 263w, https:\/\/1001voyagesgourmands.com\/wp-content\/uploads\/2025\/06\/Borgo-Villa-Certano-14.jpg 2048w\" sizes=\"auto, (max-width: 1170px) 100vw, 1170px\" \/><\/p>\n<p><img loading=\"lazy\" decoding=\"async\" class=\"aligncenter size-large wp-image-32163\" src=\"https:\/\/1001voyagesgourmands.com\/wp-content\/uploads\/2025\/06\/Borgo-Villa-Certano-15-1170x1753.jpg\" alt=\"\" width=\"1170\" height=\"1753\" srcset=\"https:\/\/1001voyagesgourmands.com\/wp-content\/uploads\/2025\/06\/Borgo-Villa-Certano-15-1170x1753.jpg 1170w, https:\/\/1001voyagesgourmands.com\/wp-content\/uploads\/2025\/06\/Borgo-Villa-Certano-15-200x300.jpg 200w, https:\/\/1001voyagesgourmands.com\/wp-content\/uploads\/2025\/06\/Borgo-Villa-Certano-15-768x1151.jpg 768w, https:\/\/1001voyagesgourmands.com\/wp-content\/uploads\/2025\/06\/Borgo-Villa-Certano-15-1025x1536.jpg 1025w, https:\/\/1001voyagesgourmands.com\/wp-content\/uploads\/2025\/06\/Borgo-Villa-Certano-15-585x876.jpg 585w, https:\/\/1001voyagesgourmands.com\/wp-content\/uploads\/2025\/06\/Borgo-Villa-Certano-15.jpg 1367w\" sizes=\"auto, (max-width: 1170px) 100vw, 1170px\" \/><\/p>\n<p><img loading=\"lazy\" decoding=\"async\" class=\"aligncenter size-large wp-image-32165\" src=\"https:\/\/1001voyagesgourmands.com\/wp-content\/uploads\/2025\/06\/Borgo-Villa-Certano-16-1170x781.jpg\" alt=\"\" width=\"1170\" height=\"781\" srcset=\"https:\/\/1001voyagesgourmands.com\/wp-content\/uploads\/2025\/06\/Borgo-Villa-Certano-16-1170x781.jpg 1170w, https:\/\/1001voyagesgourmands.com\/wp-content\/uploads\/2025\/06\/Borgo-Villa-Certano-16-300x200.jpg 300w, https:\/\/1001voyagesgourmands.com\/wp-content\/uploads\/2025\/06\/Borgo-Villa-Certano-16-768x513.jpg 768w, https:\/\/1001voyagesgourmands.com\/wp-content\/uploads\/2025\/06\/Borgo-Villa-Certano-16-1536x1025.jpg 1536w, https:\/\/1001voyagesgourmands.com\/wp-content\/uploads\/2025\/06\/Borgo-Villa-Certano-16-1920x1282.jpg 1920w, https:\/\/1001voyagesgourmands.com\/wp-content\/uploads\/2025\/06\/Borgo-Villa-Certano-16-585x390.jpg 585w, https:\/\/1001voyagesgourmands.com\/wp-content\/uploads\/2025\/06\/Borgo-Villa-Certano-16-263x175.jpg 263w, https:\/\/1001voyagesgourmands.com\/wp-content\/uploads\/2025\/06\/Borgo-Villa-Certano-16.jpg 2048w\" sizes=\"auto, (max-width: 1170px) 100vw, 1170px\" \/><\/p>\n<p><img loading=\"lazy\" decoding=\"async\" class=\"aligncenter size-full wp-image-32241\" src=\"https:\/\/1001voyagesgourmands.com\/wp-content\/uploads\/2025\/06\/Borgo-Villa-Certano-collage-2-1.jpg\" alt=\"\" width=\"842\" height=\"595\" srcset=\"https:\/\/1001voyagesgourmands.com\/wp-content\/uploads\/2025\/06\/Borgo-Villa-Certano-collage-2-1.jpg 842w, https:\/\/1001voyagesgourmands.com\/wp-content\/uploads\/2025\/06\/Borgo-Villa-Certano-collage-2-1-300x212.jpg 300w, https:\/\/1001voyagesgourmands.com\/wp-content\/uploads\/2025\/06\/Borgo-Villa-Certano-collage-2-1-768x543.jpg 768w, https:\/\/1001voyagesgourmands.com\/wp-content\/uploads\/2025\/06\/Borgo-Villa-Certano-collage-2-1-585x413.jpg 585w\" sizes=\"auto, (max-width: 842px) 100vw, 842px\" \/><\/p>\n<p><img loading=\"lazy\" decoding=\"async\" class=\"aligncenter size-large wp-image-32175\" src=\"https:\/\/1001voyagesgourmands.com\/wp-content\/uploads\/2025\/06\/Borgo-Villa-Certano-21-1170x1753.jpg\" alt=\"\" width=\"1170\" height=\"1753\" srcset=\"https:\/\/1001voyagesgourmands.com\/wp-content\/uploads\/2025\/06\/Borgo-Villa-Certano-21-1170x1753.jpg 1170w, https:\/\/1001voyagesgourmands.com\/wp-content\/uploads\/2025\/06\/Borgo-Villa-Certano-21-200x300.jpg 200w, https:\/\/1001voyagesgourmands.com\/wp-content\/uploads\/2025\/06\/Borgo-Villa-Certano-21-768x1151.jpg 768w, https:\/\/1001voyagesgourmands.com\/wp-content\/uploads\/2025\/06\/Borgo-Villa-Certano-21-1025x1536.jpg 1025w, https:\/\/1001voyagesgourmands.com\/wp-content\/uploads\/2025\/06\/Borgo-Villa-Certano-21-585x876.jpg 585w, https:\/\/1001voyagesgourmands.com\/wp-content\/uploads\/2025\/06\/Borgo-Villa-Certano-21.jpg 1367w\" sizes=\"auto, (max-width: 1170px) 100vw, 1170px\" \/><\/p>\n<p><img loading=\"lazy\" decoding=\"async\" class=\"aligncenter wp-image-32239 size-full\" src=\"https:\/\/1001voyagesgourmands.com\/wp-content\/uploads\/2025\/06\/Borgo-Villa-Certano-collage-1-1.jpg\" alt=\"O tom, jak\u00fd byl n\u00e1\u0161 pobyt v kr\u00e1sn\u00e9 vile Borgo Villa Certano a v\u00fdlet do Monteriggioni, je prvn\u00ed ze s\u00e9rie p\u0159\u00edsp\u011bvk\u016f o Ji\u017en\u00edm Tosk\u00e1nsku.\" width=\"842\" height=\"595\" srcset=\"https:\/\/1001voyagesgourmands.com\/wp-content\/uploads\/2025\/06\/Borgo-Villa-Certano-collage-1-1.jpg 842w, https:\/\/1001voyagesgourmands.com\/wp-content\/uploads\/2025\/06\/Borgo-Villa-Certano-collage-1-1-300x212.jpg 300w, https:\/\/1001voyagesgourmands.com\/wp-content\/uploads\/2025\/06\/Borgo-Villa-Certano-collage-1-1-768x543.jpg 768w, https:\/\/1001voyagesgourmands.com\/wp-content\/uploads\/2025\/06\/Borgo-Villa-Certano-collage-1-1-585x413.jpg 585w\" sizes=\"auto, (max-width: 842px) 100vw, 842px\" \/><\/p>\n<p><img loading=\"lazy\" decoding=\"async\" class=\"aligncenter size-large wp-image-32159\" src=\"https:\/\/1001voyagesgourmands.com\/wp-content\/uploads\/2025\/06\/Borgo-Villa-Certano-13-1170x1596.jpg\" alt=\"\" width=\"1170\" height=\"1596\" srcset=\"https:\/\/1001voyagesgourmands.com\/wp-content\/uploads\/2025\/06\/Borgo-Villa-Certano-13-1170x1596.jpg 1170w, https:\/\/1001voyagesgourmands.com\/wp-content\/uploads\/2025\/06\/Borgo-Villa-Certano-13-220x300.jpg 220w, https:\/\/1001voyagesgourmands.com\/wp-content\/uploads\/2025\/06\/Borgo-Villa-Certano-13-768x1048.jpg 768w, https:\/\/1001voyagesgourmands.com\/wp-content\/uploads\/2025\/06\/Borgo-Villa-Certano-13-1126x1536.jpg 1126w, https:\/\/1001voyagesgourmands.com\/wp-content\/uploads\/2025\/06\/Borgo-Villa-Certano-13-585x798.jpg 585w, https:\/\/1001voyagesgourmands.com\/wp-content\/uploads\/2025\/06\/Borgo-Villa-Certano-13.jpg 1501w\" sizes=\"auto, (max-width: 1170px) 100vw, 1170px\" \/><\/p>\n<p><img loading=\"lazy\" decoding=\"async\" class=\"aligncenter wp-image-32195 size-large\" src=\"https:\/\/1001voyagesgourmands.com\/wp-content\/uploads\/2025\/06\/Borgo-Villa-Certano-31-1170x781.jpg\" alt=\"O tom, jak\u00fd byl n\u00e1\u0161 pobyt v kr\u00e1sn\u00e9 vile Borgo Villa Certano a v\u00fdlet do Monteriggioni, je prvn\u00ed ze s\u00e9rie p\u0159\u00edsp\u011bvk\u016f o Ji\u017en\u00edm Tosk\u00e1nsku.\" width=\"1170\" height=\"781\" srcset=\"https:\/\/1001voyagesgourmands.com\/wp-content\/uploads\/2025\/06\/Borgo-Villa-Certano-31-1170x781.jpg 1170w, https:\/\/1001voyagesgourmands.com\/wp-content\/uploads\/2025\/06\/Borgo-Villa-Certano-31-300x200.jpg 300w, https:\/\/1001voyagesgourmands.com\/wp-content\/uploads\/2025\/06\/Borgo-Villa-Certano-31-768x513.jpg 768w, https:\/\/1001voyagesgourmands.com\/wp-content\/uploads\/2025\/06\/Borgo-Villa-Certano-31-1536x1025.jpg 1536w, https:\/\/1001voyagesgourmands.com\/wp-content\/uploads\/2025\/06\/Borgo-Villa-Certano-31-1920x1282.jpg 1920w, https:\/\/1001voyagesgourmands.com\/wp-content\/uploads\/2025\/06\/Borgo-Villa-Certano-31-585x390.jpg 585w, https:\/\/1001voyagesgourmands.com\/wp-content\/uploads\/2025\/06\/Borgo-Villa-Certano-31-263x175.jpg 263w, https:\/\/1001voyagesgourmands.com\/wp-content\/uploads\/2025\/06\/Borgo-Villa-Certano-31.jpg 2048w\" sizes=\"auto, (max-width: 1170px) 100vw, 1170px\" \/><\/p>\n<p><img loading=\"lazy\" decoding=\"async\" class=\"aligncenter size-large wp-image-32197\" src=\"https:\/\/1001voyagesgourmands.com\/wp-content\/uploads\/2025\/06\/Borgo-Villa-Certano-32-1170x1753.jpg\" alt=\"\" width=\"1170\" height=\"1753\" srcset=\"https:\/\/1001voyagesgourmands.com\/wp-content\/uploads\/2025\/06\/Borgo-Villa-Certano-32-1170x1753.jpg 1170w, https:\/\/1001voyagesgourmands.com\/wp-content\/uploads\/2025\/06\/Borgo-Villa-Certano-32-200x300.jpg 200w, https:\/\/1001voyagesgourmands.com\/wp-content\/uploads\/2025\/06\/Borgo-Villa-Certano-32-768x1151.jpg 768w, https:\/\/1001voyagesgourmands.com\/wp-content\/uploads\/2025\/06\/Borgo-Villa-Certano-32-1025x1536.jpg 1025w, https:\/\/1001voyagesgourmands.com\/wp-content\/uploads\/2025\/06\/Borgo-Villa-Certano-32-585x876.jpg 585w, https:\/\/1001voyagesgourmands.com\/wp-content\/uploads\/2025\/06\/Borgo-Villa-Certano-32.jpg 1367w\" sizes=\"auto, (max-width: 1170px) 100vw, 1170px\" \/><\/p>\n<p>&nbsp;<\/p>\n<p>&nbsp;<\/p>\n<h4>Monteriggioni<\/h4>\n<p style=\"text-align: justify;\">V\u00fd\u0161e jsem psala o t\u00e9 mil\u00e9 pan\u00ed, co n\u00e1m b\u011bhem na\u0161eho pobytu v Borgo Villa Certano p\u0159ipravila druh\u00fd pokoj na dal\u0161\u00ed noc. B\u011bhem na\u0161eho rozhovoru jsme se j\u00ed ptali, jestli by n\u00e1m nedoporu\u010dila n\u011bjak\u00e9 m\u00e9n\u011b zn\u00e1m\u00e9 m\u00edsto pobl\u00ed\u017e, kter\u00e9 by st\u00e1lo za n\u00e1v\u0161t\u011bvu. N\u011bco, co ona sama m\u00e1 moc r\u00e1da. A ona bez v\u00e1h\u00e1n\u00ed odpov\u011bd\u011bla jedn\u00edm slovem, jedn\u00edm dechem a s dlouh\u00fdm srde\u010dn\u00fdm \u00fasm\u011bvem: <em>Monteriggioni.<\/em> St\u00e1le si pamatuji ten \u00fasm\u011bv, kter\u00fd hovo\u0159il za tis\u00edc slov. A nebyli jsme zklaman\u00ed.<\/p>\n<p style=\"text-align: justify;\">Monteriggioni je opevn\u011bn\u00e9 m\u011bsto nedaleko Sieny. Bylo postaveno na za\u010d\u00e1tku 13. stolet\u00ed za obrann\u00fdm \u00fa\u010delem na kopci. A jde o klenot mezi men\u0161\u00edmi st\u0159edov\u011bk\u00fdmi m\u011bste\u010dky v okol\u00ed. Pro\u0161li jsme si ho celkem rychle, je malink\u00e9, ale dal\u0161\u00ed rozm\u011br tomu dala proch\u00e1zka po hradb\u00e1ch, odkud vid\u00edte v\u0161ude do okol\u00ed. Uvnit\u0159 je kostel, men\u0161\u00ed uli\u010dky s obch\u016fdky a p\u00e1r restaurac\u00ed, kde se m\u016f\u017eete stavit na n\u011bjak\u00e9m osv\u011b\u017een\u00ed \u010di j\u00eddle.<\/p>\n<p><img loading=\"lazy\" decoding=\"async\" class=\"aligncenter wp-image-32275 size-large\" src=\"https:\/\/1001voyagesgourmands.com\/wp-content\/uploads\/2025\/06\/Monteriggioni-11-1170x1753.jpg\" alt=\"O tom, jak\u00fd byl n\u00e1\u0161 pobyt v kr\u00e1sn\u00e9 vile Borgo Villa Certano a v\u00fdlet do Monteriggioni, je prvn\u00ed ze s\u00e9rie p\u0159\u00edsp\u011bvk\u016f o Ji\u017en\u00edm Tosk\u00e1nsku.\" width=\"1170\" height=\"1753\" srcset=\"https:\/\/1001voyagesgourmands.com\/wp-content\/uploads\/2025\/06\/Monteriggioni-11-1170x1753.jpg 1170w, https:\/\/1001voyagesgourmands.com\/wp-content\/uploads\/2025\/06\/Monteriggioni-11-200x300.jpg 200w, https:\/\/1001voyagesgourmands.com\/wp-content\/uploads\/2025\/06\/Monteriggioni-11-768x1151.jpg 768w, https:\/\/1001voyagesgourmands.com\/wp-content\/uploads\/2025\/06\/Monteriggioni-11-1025x1536.jpg 1025w, https:\/\/1001voyagesgourmands.com\/wp-content\/uploads\/2025\/06\/Monteriggioni-11-585x876.jpg 585w, https:\/\/1001voyagesgourmands.com\/wp-content\/uploads\/2025\/06\/Monteriggioni-11.jpg 1367w\" sizes=\"auto, (max-width: 1170px) 100vw, 1170px\" \/><\/p>\n<p><img loading=\"lazy\" decoding=\"async\" class=\"aligncenter size-large wp-image-32287\" src=\"https:\/\/1001voyagesgourmands.com\/wp-content\/uploads\/2025\/06\/Monteriggioni-22-1170x781.jpg\" alt=\"\" width=\"1170\" height=\"781\" srcset=\"https:\/\/1001voyagesgourmands.com\/wp-content\/uploads\/2025\/06\/Monteriggioni-22-1170x781.jpg 1170w, https:\/\/1001voyagesgourmands.com\/wp-content\/uploads\/2025\/06\/Monteriggioni-22-300x200.jpg 300w, https:\/\/1001voyagesgourmands.com\/wp-content\/uploads\/2025\/06\/Monteriggioni-22-768x513.jpg 768w, https:\/\/1001voyagesgourmands.com\/wp-content\/uploads\/2025\/06\/Monteriggioni-22-1536x1025.jpg 1536w, https:\/\/1001voyagesgourmands.com\/wp-content\/uploads\/2025\/06\/Monteriggioni-22-1920x1282.jpg 1920w, https:\/\/1001voyagesgourmands.com\/wp-content\/uploads\/2025\/06\/Monteriggioni-22-585x390.jpg 585w, https:\/\/1001voyagesgourmands.com\/wp-content\/uploads\/2025\/06\/Monteriggioni-22-263x175.jpg 263w, https:\/\/1001voyagesgourmands.com\/wp-content\/uploads\/2025\/06\/Monteriggioni-22.jpg 2048w\" sizes=\"auto, (max-width: 1170px) 100vw, 1170px\" \/><\/p>\n<p><img loading=\"lazy\" decoding=\"async\" class=\"aligncenter wp-image-32293 size-large\" src=\"https:\/\/1001voyagesgourmands.com\/wp-content\/uploads\/2025\/06\/Monteriggioni-10-1170x1753.jpg\" alt=\"O tom, jak\u00fd byl n\u00e1\u0161 pobyt v kr\u00e1sn\u00e9 vile Borgo Villa Certano a v\u00fdlet do Monteriggioni, je prvn\u00ed ze s\u00e9rie p\u0159\u00edsp\u011bvk\u016f o Ji\u017en\u00edm Tosk\u00e1nsku.\" width=\"1170\" height=\"1753\" srcset=\"https:\/\/1001voyagesgourmands.com\/wp-content\/uploads\/2025\/06\/Monteriggioni-10-1170x1753.jpg 1170w, https:\/\/1001voyagesgourmands.com\/wp-content\/uploads\/2025\/06\/Monteriggioni-10-200x300.jpg 200w, https:\/\/1001voyagesgourmands.com\/wp-content\/uploads\/2025\/06\/Monteriggioni-10-768x1151.jpg 768w, https:\/\/1001voyagesgourmands.com\/wp-content\/uploads\/2025\/06\/Monteriggioni-10-1025x1536.jpg 1025w, https:\/\/1001voyagesgourmands.com\/wp-content\/uploads\/2025\/06\/Monteriggioni-10-585x876.jpg 585w, https:\/\/1001voyagesgourmands.com\/wp-content\/uploads\/2025\/06\/Monteriggioni-10.jpg 1367w\" sizes=\"auto, (max-width: 1170px) 100vw, 1170px\" \/><\/p>\n<p><img loading=\"lazy\" decoding=\"async\" class=\"aligncenter wp-image-32267 size-large\" src=\"https:\/\/1001voyagesgourmands.com\/wp-content\/uploads\/2025\/06\/Monteriggioni-6-1-1170x1753.jpg\" alt=\"O tom, jak\u00fd byl n\u00e1\u0161 pobyt v kr\u00e1sn\u00e9 vile Borgo Villa Certano a v\u00fdlet do Monteriggioni, je prvn\u00ed ze s\u00e9rie p\u0159\u00edsp\u011bvk\u016f o Ji\u017en\u00edm Tosk\u00e1nsku.\" width=\"1170\" height=\"1753\" srcset=\"https:\/\/1001voyagesgourmands.com\/wp-content\/uploads\/2025\/06\/Monteriggioni-6-1-1170x1753.jpg 1170w, https:\/\/1001voyagesgourmands.com\/wp-content\/uploads\/2025\/06\/Monteriggioni-6-1-200x300.jpg 200w, https:\/\/1001voyagesgourmands.com\/wp-content\/uploads\/2025\/06\/Monteriggioni-6-1-768x1151.jpg 768w, https:\/\/1001voyagesgourmands.com\/wp-content\/uploads\/2025\/06\/Monteriggioni-6-1-1025x1536.jpg 1025w, https:\/\/1001voyagesgourmands.com\/wp-content\/uploads\/2025\/06\/Monteriggioni-6-1-585x876.jpg 585w, https:\/\/1001voyagesgourmands.com\/wp-content\/uploads\/2025\/06\/Monteriggioni-6-1.jpg 1367w\" sizes=\"auto, (max-width: 1170px) 100vw, 1170px\" \/><\/p>\n<p><img loading=\"lazy\" decoding=\"async\" class=\"aligncenter wp-image-32281 size-large\" src=\"https:\/\/1001voyagesgourmands.com\/wp-content\/uploads\/2025\/06\/Monteriggioni-15-1170x1753.jpg\" alt=\"O tom, jak\u00fd byl n\u00e1\u0161 pobyt v kr\u00e1sn\u00e9 vile Borgo Villa Certano a v\u00fdlet do Monteriggioni, je prvn\u00ed ze s\u00e9rie p\u0159\u00edsp\u011bvk\u016f o Ji\u017en\u00edm Tosk\u00e1nsku.\" width=\"1170\" height=\"1753\" srcset=\"https:\/\/1001voyagesgourmands.com\/wp-content\/uploads\/2025\/06\/Monteriggioni-15-1170x1753.jpg 1170w, https:\/\/1001voyagesgourmands.com\/wp-content\/uploads\/2025\/06\/Monteriggioni-15-200x300.jpg 200w, https:\/\/1001voyagesgourmands.com\/wp-content\/uploads\/2025\/06\/Monteriggioni-15-768x1151.jpg 768w, https:\/\/1001voyagesgourmands.com\/wp-content\/uploads\/2025\/06\/Monteriggioni-15-1025x1536.jpg 1025w, https:\/\/1001voyagesgourmands.com\/wp-content\/uploads\/2025\/06\/Monteriggioni-15-585x876.jpg 585w, https:\/\/1001voyagesgourmands.com\/wp-content\/uploads\/2025\/06\/Monteriggioni-15.jpg 1367w\" sizes=\"auto, (max-width: 1170px) 100vw, 1170px\" \/><\/p>\n<p><img loading=\"lazy\" decoding=\"async\" class=\"aligncenter wp-image-32279 size-large\" src=\"https:\/\/1001voyagesgourmands.com\/wp-content\/uploads\/2025\/06\/Monteriggioni-13-1170x781.jpg\" alt=\"O tom, jak\u00fd byl n\u00e1\u0161 pobyt v kr\u00e1sn\u00e9 vile Borgo Villa Certano a v\u00fdlet do Monteriggioni, je prvn\u00ed ze s\u00e9rie p\u0159\u00edsp\u011bvk\u016f o Ji\u017en\u00edm Tosk\u00e1nsku.\" width=\"1170\" height=\"781\" srcset=\"https:\/\/1001voyagesgourmands.com\/wp-content\/uploads\/2025\/06\/Monteriggioni-13-1170x781.jpg 1170w, https:\/\/1001voyagesgourmands.com\/wp-content\/uploads\/2025\/06\/Monteriggioni-13-300x200.jpg 300w, https:\/\/1001voyagesgourmands.com\/wp-content\/uploads\/2025\/06\/Monteriggioni-13-768x513.jpg 768w, https:\/\/1001voyagesgourmands.com\/wp-content\/uploads\/2025\/06\/Monteriggioni-13-1536x1025.jpg 1536w, https:\/\/1001voyagesgourmands.com\/wp-content\/uploads\/2025\/06\/Monteriggioni-13-1920x1282.jpg 1920w, https:\/\/1001voyagesgourmands.com\/wp-content\/uploads\/2025\/06\/Monteriggioni-13-585x390.jpg 585w, https:\/\/1001voyagesgourmands.com\/wp-content\/uploads\/2025\/06\/Monteriggioni-13-263x175.jpg 263w, https:\/\/1001voyagesgourmands.com\/wp-content\/uploads\/2025\/06\/Monteriggioni-13.jpg 2048w\" sizes=\"auto, (max-width: 1170px) 100vw, 1170px\" \/><\/p>\n<p><img loading=\"lazy\" decoding=\"async\" class=\"aligncenter size-large wp-image-32277\" src=\"https:\/\/1001voyagesgourmands.com\/wp-content\/uploads\/2025\/06\/Monteriggioni-12-1170x1753.jpg\" alt=\"\" width=\"1170\" height=\"1753\" srcset=\"https:\/\/1001voyagesgourmands.com\/wp-content\/uploads\/2025\/06\/Monteriggioni-12-1170x1753.jpg 1170w, https:\/\/1001voyagesgourmands.com\/wp-content\/uploads\/2025\/06\/Monteriggioni-12-200x300.jpg 200w, https:\/\/1001voyagesgourmands.com\/wp-content\/uploads\/2025\/06\/Monteriggioni-12-768x1151.jpg 768w, https:\/\/1001voyagesgourmands.com\/wp-content\/uploads\/2025\/06\/Monteriggioni-12-1025x1536.jpg 1025w, https:\/\/1001voyagesgourmands.com\/wp-content\/uploads\/2025\/06\/Monteriggioni-12-585x876.jpg 585w, https:\/\/1001voyagesgourmands.com\/wp-content\/uploads\/2025\/06\/Monteriggioni-12.jpg 1367w\" sizes=\"auto, (max-width: 1170px) 100vw, 1170px\" \/><\/p>\n<p><img loading=\"lazy\" decoding=\"async\" class=\"aligncenter size-full wp-image-32263\" src=\"https:\/\/1001voyagesgourmands.com\/wp-content\/uploads\/2025\/06\/Monteriggioni-6.jpg\" alt=\"\" width=\"842\" height=\"595\" srcset=\"https:\/\/1001voyagesgourmands.com\/wp-content\/uploads\/2025\/06\/Monteriggioni-6.jpg 842w, https:\/\/1001voyagesgourmands.com\/wp-content\/uploads\/2025\/06\/Monteriggioni-6-300x212.jpg 300w, https:\/\/1001voyagesgourmands.com\/wp-content\/uploads\/2025\/06\/Monteriggioni-6-768x543.jpg 768w, https:\/\/1001voyagesgourmands.com\/wp-content\/uploads\/2025\/06\/Monteriggioni-6-585x413.jpg 585w\" sizes=\"auto, (max-width: 842px) 100vw, 842px\" \/><\/p>\n<p><img loading=\"lazy\" decoding=\"async\" class=\"aligncenter size-large wp-image-32265\" src=\"https:\/\/1001voyagesgourmands.com\/wp-content\/uploads\/2025\/06\/Monteriggioni-5-1-1170x1560.jpg\" alt=\"\" width=\"1170\" height=\"1560\" srcset=\"https:\/\/1001voyagesgourmands.com\/wp-content\/uploads\/2025\/06\/Monteriggioni-5-1-1170x1560.jpg 1170w, https:\/\/1001voyagesgourmands.com\/wp-content\/uploads\/2025\/06\/Monteriggioni-5-1-225x300.jpg 225w, https:\/\/1001voyagesgourmands.com\/wp-content\/uploads\/2025\/06\/Monteriggioni-5-1-768x1024.jpg 768w, https:\/\/1001voyagesgourmands.com\/wp-content\/uploads\/2025\/06\/Monteriggioni-5-1-1152x1536.jpg 1152w, https:\/\/1001voyagesgourmands.com\/wp-content\/uploads\/2025\/06\/Monteriggioni-5-1-585x780.jpg 585w, https:\/\/1001voyagesgourmands.com\/wp-content\/uploads\/2025\/06\/Monteriggioni-5-1.jpg 1536w\" sizes=\"auto, (max-width: 1170px) 100vw, 1170px\" \/><\/p>\n<p><img loading=\"lazy\" decoding=\"async\" class=\"aligncenter size-full wp-image-32257\" src=\"https:\/\/1001voyagesgourmands.com\/wp-content\/uploads\/2025\/06\/Monteriggioni-3.jpg\" alt=\"\" width=\"842\" height=\"595\" srcset=\"https:\/\/1001voyagesgourmands.com\/wp-content\/uploads\/2025\/06\/Monteriggioni-3.jpg 842w, https:\/\/1001voyagesgourmands.com\/wp-content\/uploads\/2025\/06\/Monteriggioni-3-300x212.jpg 300w, https:\/\/1001voyagesgourmands.com\/wp-content\/uploads\/2025\/06\/Monteriggioni-3-768x543.jpg 768w, https:\/\/1001voyagesgourmands.com\/wp-content\/uploads\/2025\/06\/Monteriggioni-3-585x413.jpg 585w\" sizes=\"auto, (max-width: 842px) 100vw, 842px\" \/><\/p>\n<p><img loading=\"lazy\" decoding=\"async\" class=\"aligncenter wp-image-32269 size-large\" src=\"https:\/\/1001voyagesgourmands.com\/wp-content\/uploads\/2025\/06\/Monteriggioni-7-1170x781.jpg\" alt=\"O tom, jak\u00fd byl n\u00e1\u0161 pobyt v kr\u00e1sn\u00e9 vile Borgo Villa Certano a v\u00fdlet do Monteriggioni, je prvn\u00ed ze s\u00e9rie p\u0159\u00edsp\u011bvk\u016f o Ji\u017en\u00edm Tosk\u00e1nsku.\" width=\"1170\" height=\"781\" srcset=\"https:\/\/1001voyagesgourmands.com\/wp-content\/uploads\/2025\/06\/Monteriggioni-7-1170x781.jpg 1170w, https:\/\/1001voyagesgourmands.com\/wp-content\/uploads\/2025\/06\/Monteriggioni-7-300x200.jpg 300w, https:\/\/1001voyagesgourmands.com\/wp-content\/uploads\/2025\/06\/Monteriggioni-7-768x513.jpg 768w, https:\/\/1001voyagesgourmands.com\/wp-content\/uploads\/2025\/06\/Monteriggioni-7-1536x1025.jpg 1536w, https:\/\/1001voyagesgourmands.com\/wp-content\/uploads\/2025\/06\/Monteriggioni-7-1920x1282.jpg 1920w, https:\/\/1001voyagesgourmands.com\/wp-content\/uploads\/2025\/06\/Monteriggioni-7-585x390.jpg 585w, https:\/\/1001voyagesgourmands.com\/wp-content\/uploads\/2025\/06\/Monteriggioni-7-263x175.jpg 263w, https:\/\/1001voyagesgourmands.com\/wp-content\/uploads\/2025\/06\/Monteriggioni-7.jpg 2048w\" sizes=\"auto, (max-width: 1170px) 100vw, 1170px\" \/><\/p>\n<h4><img loading=\"lazy\" decoding=\"async\" class=\"aligncenter size-full wp-image-32261\" src=\"https:\/\/1001voyagesgourmands.com\/wp-content\/uploads\/2025\/06\/Monteriggioni-5.jpg\" alt=\"\" width=\"842\" height=\"595\" srcset=\"https:\/\/1001voyagesgourmands.com\/wp-content\/uploads\/2025\/06\/Monteriggioni-5.jpg 842w, https:\/\/1001voyagesgourmands.com\/wp-content\/uploads\/2025\/06\/Monteriggioni-5-300x212.jpg 300w, https:\/\/1001voyagesgourmands.com\/wp-content\/uploads\/2025\/06\/Monteriggioni-5-768x543.jpg 768w, https:\/\/1001voyagesgourmands.com\/wp-content\/uploads\/2025\/06\/Monteriggioni-5-585x413.jpg 585w\" sizes=\"auto, (max-width: 842px) 100vw, 842px\" \/><\/h4>\n<p>&nbsp;<\/p>\n<p style=\"text-align: justify;\">D\u011bkuji, \u017ee jste do\u010detli a\u017e sem a douf\u00e1m, \u017ee na v\u00e1s alespo\u0148 trochu d\u00fdchla atmosf\u00e9ra tohoto skv\u011bl\u00e9ho m\u00edsta. V p\u0159\u00ed\u0161t\u00edm \u010dl\u00e1nku se m\u016f\u017eete t\u011b\u0161it na slavnosti, kter\u00e9 n\u00e1m cvrnkly do nosu b\u011bhem n\u00e1v\u0161t\u011bvy ji\u017en\u00edho Tosk\u00e1nska. Pokud pl\u00e1nujete dovolenou v Tosk\u00e1nsku a r\u00e1di byste m\u00e9 tipy dostali p\u0159\u00edmo do emailu, nev\u00e1hejte se mi upsat k <strong><a href=\"https:\/\/1001voyagesgourmands.us13.list-manage.com\/subscribe?u=bb87b96544563a1782228d31c&amp;id=35ed3dedf7\" target=\"_blank\" rel=\"noopener\">odb\u011bru novinek<\/a><\/strong> (\u017e\u00e1dn\u00e9 zbyte\u010dn\u00e9 maily, jen kvalitn\u00ed \u010dl\u00e1nky). Nov\u011b mne tak\u00e9 najdete na <strong><a href=\"https:\/\/voyagesgourmands.substack.com\" target=\"_blank\" rel=\"noopener\">Substack<\/a><\/strong>!<\/p>\n","protected":false},"excerpt":{"rendered":"<p>Je\u0161t\u011b ne\u017e za\u010dnou pr\u00e1zdniny, m\u00e1m pro v\u00e1s p\u00e1r tip\u016f pokud se chyst\u00e1te do Tosk\u00e1nska, pop\u0159\u00edpad\u011b r\u00e1di byste n\u011bkam k mo\u0159i i za kulturou, ale je\u0161t\u011b nev\u00edte kam &#8211; pak u\u017e nehledejte a \u010dt\u011bte d\u00e1le. V n\u00e1sleduj\u00edc\u00ed s\u00e9rii p\u0159\u00edsp\u011bvk\u016f v\u00e1s vezmu do n\u00e1dhern\u00e9 \u010d\u00e1sti ji\u017en\u00edho Tosk\u00e1nska, kterou jsme m\u011bli tu \u010dest&hellip;<\/p>\n","protected":false},"author":1,"featured_media":32212,"comment_status":"open","ping_status":"open","sticky":false,"template":"","format":"standard","meta":{"_exactmetrics_skip_tracking":false,"_exactmetrics_sitenote_active":false,"_exactmetrics_sitenote_note":"","_exactmetrics_sitenote_category":0,"_lmt_disableupdate":"","_lmt_disable":"","footnotes":""},"categories":[4,593],"tags":[],"class_list":["post-32388","post","type-post","status-publish","format-standard","has-post-thumbnail","hentry","category-cestovani","category-italie"],"yoast_head":"<!-- This site is optimized with the Yoast SEO plugin v26.1.1 - https:\/\/yoast.com\/wordpress\/plugins\/seo\/ -->\n<title>N\u00e1\u0161 pobyt v Borgo Villa Certano a v\u00fdlet do Monteriggioni - 1001 Voyages Gourmands<\/title>\n<meta name=\"description\" content=\"O tom, jak\u00fd byl n\u00e1\u0161 pobyt v kr\u00e1sn\u00e9 vile Borgo Villa Certano a v\u00fdlet do Monteriggioni, je prvn\u00ed ze s\u00e9rie p\u0159\u00edsp\u011bvk\u016f o Ji\u017en\u00edm Tosk\u00e1nsku.\" \/>\n<meta name=\"robots\" content=\"index, follow, max-snippet:-1, max-image-preview:large, max-video-preview:-1\" \/>\n<link rel=\"canonical\" href=\"https:\/\/1001voyagesgourmands.com\/cs\/nas-pobyt-v-borgo-villa-certano-a-vylet-do-monteriggioni\/\" \/>\n<meta property=\"og:locale\" content=\"cs_CZ\" \/>\n<meta property=\"og:type\" content=\"article\" \/>\n<meta property=\"og:title\" content=\"N\u00e1\u0161 pobyt v Borgo Villa Certano a v\u00fdlet do Monteriggioni - 1001 Voyages Gourmands\" \/>\n<meta property=\"og:description\" content=\"O tom, jak\u00fd byl n\u00e1\u0161 pobyt v kr\u00e1sn\u00e9 vile Borgo Villa Certano a v\u00fdlet do Monteriggioni, je prvn\u00ed ze s\u00e9rie p\u0159\u00edsp\u011bvk\u016f o Ji\u017en\u00edm Tosk\u00e1nsku.\" \/>\n<meta property=\"og:url\" content=\"https:\/\/1001voyagesgourmands.com\/cs\/nas-pobyt-v-borgo-villa-certano-a-vylet-do-monteriggioni\/\" \/>\n<meta property=\"og:site_name\" content=\"1001 Voyages Gourmands\" \/>\n<meta property=\"article:publisher\" content=\"https:\/\/www.facebook.com\/1001voyagesgourmands\" \/>\n<meta property=\"article:published_time\" content=\"2025-06-11T22:06:34+00:00\" \/>\n<meta property=\"article:modified_time\" content=\"2025-06-11T22:09:12+00:00\" \/>\n<meta property=\"og:image\" content=\"https:\/\/1001voyagesgourmands.com\/wp-content\/uploads\/2025\/06\/Borgo-Villa-Certano-39.jpg\" \/>\n\t<meta property=\"og:image:width\" content=\"1367\" \/>\n\t<meta property=\"og:image:height\" content=\"2048\" \/>\n\t<meta property=\"og:image:type\" content=\"image\/jpeg\" \/>\n<meta name=\"author\" content=\"Michaela\" \/>\n<meta name=\"twitter:card\" content=\"summary_large_image\" \/>\n<meta name=\"twitter:creator\" content=\"@michaela_1001vg\" \/>\n<meta name=\"twitter:site\" content=\"@michaela_1001vg\" \/>\n<meta name=\"twitter:label1\" content=\"Napsal(a)\" \/>\n\t<meta name=\"twitter:data1\" content=\"Michaela\" \/>\n\t<meta name=\"twitter:label2\" content=\"Odhadovan\u00e1 doba \u010dten\u00ed\" \/>\n\t<meta name=\"twitter:data2\" content=\"14 minut\" \/>\n<script type=\"application\/ld+json\" class=\"yoast-schema-graph\">{\"@context\":\"https:\/\/schema.org\",\"@graph\":[{\"@type\":\"WebPage\",\"@id\":\"https:\/\/1001voyagesgourmands.com\/cs\/nas-pobyt-v-borgo-villa-certano-a-vylet-do-monteriggioni\/\",\"url\":\"https:\/\/1001voyagesgourmands.com\/cs\/nas-pobyt-v-borgo-villa-certano-a-vylet-do-monteriggioni\/\",\"name\":\"N\u00e1\u0161 pobyt v Borgo Villa Certano a v\u00fdlet do Monteriggioni - 1001 Voyages Gourmands\",\"isPartOf\":{\"@id\":\"https:\/\/1001voyagesgourmands.com\/cs\/#website\"},\"primaryImageOfPage\":{\"@id\":\"https:\/\/1001voyagesgourmands.com\/cs\/nas-pobyt-v-borgo-villa-certano-a-vylet-do-monteriggioni\/#primaryimage\"},\"image\":{\"@id\":\"https:\/\/1001voyagesgourmands.com\/cs\/nas-pobyt-v-borgo-villa-certano-a-vylet-do-monteriggioni\/#primaryimage\"},\"thumbnailUrl\":\"https:\/\/1001voyagesgourmands.com\/wp-content\/uploads\/2025\/06\/Borgo-Villa-Certano-39.jpg\",\"datePublished\":\"2025-06-11T22:06:34+00:00\",\"dateModified\":\"2025-06-11T22:09:12+00:00\",\"author\":{\"@id\":\"https:\/\/1001voyagesgourmands.com\/cs\/#\/schema\/person\/62e0e7238fcf7482b23bf83e1b72ff1b\"},\"description\":\"O tom, jak\u00fd byl n\u00e1\u0161 pobyt v kr\u00e1sn\u00e9 vile Borgo Villa Certano a v\u00fdlet do Monteriggioni, je prvn\u00ed ze s\u00e9rie p\u0159\u00edsp\u011bvk\u016f o Ji\u017en\u00edm Tosk\u00e1nsku.\",\"breadcrumb\":{\"@id\":\"https:\/\/1001voyagesgourmands.com\/cs\/nas-pobyt-v-borgo-villa-certano-a-vylet-do-monteriggioni\/#breadcrumb\"},\"inLanguage\":\"cs\",\"potentialAction\":[{\"@type\":\"ReadAction\",\"target\":[\"https:\/\/1001voyagesgourmands.com\/cs\/nas-pobyt-v-borgo-villa-certano-a-vylet-do-monteriggioni\/\"]}]},{\"@type\":\"ImageObject\",\"inLanguage\":\"cs\",\"@id\":\"https:\/\/1001voyagesgourmands.com\/cs\/nas-pobyt-v-borgo-villa-certano-a-vylet-do-monteriggioni\/#primaryimage\",\"url\":\"https:\/\/1001voyagesgourmands.com\/wp-content\/uploads\/2025\/06\/Borgo-Villa-Certano-39.jpg\",\"contentUrl\":\"https:\/\/1001voyagesgourmands.com\/wp-content\/uploads\/2025\/06\/Borgo-Villa-Certano-39.jpg\",\"width\":1367,\"height\":2048,\"caption\":\"But as we also wanted to visit Siena this time, and so we booked a few nights in the charming Borgo Villa Certano situated nearby.\u00a0\"},{\"@type\":\"BreadcrumbList\",\"@id\":\"https:\/\/1001voyagesgourmands.com\/cs\/nas-pobyt-v-borgo-villa-certano-a-vylet-do-monteriggioni\/#breadcrumb\",\"itemListElement\":[{\"@type\":\"ListItem\",\"position\":1,\"name\":\"Dom\u016f\",\"item\":\"https:\/\/1001voyagesgourmands.com\/cs\/\"},{\"@type\":\"ListItem\",\"position\":2,\"name\":\"N\u00e1\u0161 pobyt v Borgo Villa Certano a v\u00fdlet do Monteriggioni\"}]},{\"@type\":\"WebSite\",\"@id\":\"https:\/\/1001voyagesgourmands.com\/cs\/#website\",\"url\":\"https:\/\/1001voyagesgourmands.com\/cs\/\",\"name\":\"1001 Voyages Gourmands\",\"description\":\"Food | Travel | Photography\",\"potentialAction\":[{\"@type\":\"SearchAction\",\"target\":{\"@type\":\"EntryPoint\",\"urlTemplate\":\"https:\/\/1001voyagesgourmands.com\/cs\/?s={search_term_string}\"},\"query-input\":{\"@type\":\"PropertyValueSpecification\",\"valueRequired\":true,\"valueName\":\"search_term_string\"}}],\"inLanguage\":\"cs\"},{\"@type\":\"Person\",\"@id\":\"https:\/\/1001voyagesgourmands.com\/cs\/#\/schema\/person\/62e0e7238fcf7482b23bf83e1b72ff1b\",\"name\":\"Michaela\",\"image\":{\"@type\":\"ImageObject\",\"inLanguage\":\"cs\",\"@id\":\"https:\/\/1001voyagesgourmands.com\/cs\/#\/schema\/person\/image\/\",\"url\":\"https:\/\/secure.gravatar.com\/avatar\/73fa562a5b0ce269ca480f67de504b8ecac054a121d170e226f1b79e02024cb8?s=96&d=mm&r=g\",\"contentUrl\":\"https:\/\/secure.gravatar.com\/avatar\/73fa562a5b0ce269ca480f67de504b8ecac054a121d170e226f1b79e02024cb8?s=96&d=mm&r=g\",\"caption\":\"Michaela\"},\"sameAs\":[\"http:\/\/1001voyagesgourmands.com\"]}]}<\/script>\n<!-- \/ Yoast SEO plugin. -->","yoast_head_json":{"title":"N\u00e1\u0161 pobyt v Borgo Villa Certano a v\u00fdlet do Monteriggioni - 1001 Voyages Gourmands","description":"O tom, jak\u00fd byl n\u00e1\u0161 pobyt v kr\u00e1sn\u00e9 vile Borgo Villa Certano a v\u00fdlet do Monteriggioni, je prvn\u00ed ze s\u00e9rie p\u0159\u00edsp\u011bvk\u016f o Ji\u017en\u00edm Tosk\u00e1nsku.","robots":{"index":"index","follow":"follow","max-snippet":"max-snippet:-1","max-image-preview":"max-image-preview:large","max-video-preview":"max-video-preview:-1"},"canonical":"https:\/\/1001voyagesgourmands.com\/cs\/nas-pobyt-v-borgo-villa-certano-a-vylet-do-monteriggioni\/","og_locale":"cs_CZ","og_type":"article","og_title":"N\u00e1\u0161 pobyt v Borgo Villa Certano a v\u00fdlet do Monteriggioni - 1001 Voyages Gourmands","og_description":"O tom, jak\u00fd byl n\u00e1\u0161 pobyt v kr\u00e1sn\u00e9 vile Borgo Villa Certano a v\u00fdlet do Monteriggioni, je prvn\u00ed ze s\u00e9rie p\u0159\u00edsp\u011bvk\u016f o Ji\u017en\u00edm Tosk\u00e1nsku.","og_url":"https:\/\/1001voyagesgourmands.com\/cs\/nas-pobyt-v-borgo-villa-certano-a-vylet-do-monteriggioni\/","og_site_name":"1001 Voyages Gourmands","article_publisher":"https:\/\/www.facebook.com\/1001voyagesgourmands","article_published_time":"2025-06-11T22:06:34+00:00","article_modified_time":"2025-06-11T22:09:12+00:00","og_image":[{"width":1367,"height":2048,"url":"https:\/\/1001voyagesgourmands.com\/wp-content\/uploads\/2025\/06\/Borgo-Villa-Certano-39.jpg","type":"image\/jpeg"}],"author":"Michaela","twitter_card":"summary_large_image","twitter_creator":"@michaela_1001vg","twitter_site":"@michaela_1001vg","twitter_misc":{"Napsal(a)":"Michaela","Odhadovan\u00e1 doba \u010dten\u00ed":"14 minut"},"schema":{"@context":"https:\/\/schema.org","@graph":[{"@type":"WebPage","@id":"https:\/\/1001voyagesgourmands.com\/cs\/nas-pobyt-v-borgo-villa-certano-a-vylet-do-monteriggioni\/","url":"https:\/\/1001voyagesgourmands.com\/cs\/nas-pobyt-v-borgo-villa-certano-a-vylet-do-monteriggioni\/","name":"N\u00e1\u0161 pobyt v Borgo Villa Certano a v\u00fdlet do Monteriggioni - 1001 Voyages Gourmands","isPartOf":{"@id":"https:\/\/1001voyagesgourmands.com\/cs\/#website"},"primaryImageOfPage":{"@id":"https:\/\/1001voyagesgourmands.com\/cs\/nas-pobyt-v-borgo-villa-certano-a-vylet-do-monteriggioni\/#primaryimage"},"image":{"@id":"https:\/\/1001voyagesgourmands.com\/cs\/nas-pobyt-v-borgo-villa-certano-a-vylet-do-monteriggioni\/#primaryimage"},"thumbnailUrl":"https:\/\/1001voyagesgourmands.com\/wp-content\/uploads\/2025\/06\/Borgo-Villa-Certano-39.jpg","datePublished":"2025-06-11T22:06:34+00:00","dateModified":"2025-06-11T22:09:12+00:00","author":{"@id":"https:\/\/1001voyagesgourmands.com\/cs\/#\/schema\/person\/62e0e7238fcf7482b23bf83e1b72ff1b"},"description":"O tom, jak\u00fd byl n\u00e1\u0161 pobyt v kr\u00e1sn\u00e9 vile Borgo Villa Certano a v\u00fdlet do Monteriggioni, je prvn\u00ed ze s\u00e9rie p\u0159\u00edsp\u011bvk\u016f o Ji\u017en\u00edm Tosk\u00e1nsku.","breadcrumb":{"@id":"https:\/\/1001voyagesgourmands.com\/cs\/nas-pobyt-v-borgo-villa-certano-a-vylet-do-monteriggioni\/#breadcrumb"},"inLanguage":"cs","potentialAction":[{"@type":"ReadAction","target":["https:\/\/1001voyagesgourmands.com\/cs\/nas-pobyt-v-borgo-villa-certano-a-vylet-do-monteriggioni\/"]}]},{"@type":"ImageObject","inLanguage":"cs","@id":"https:\/\/1001voyagesgourmands.com\/cs\/nas-pobyt-v-borgo-villa-certano-a-vylet-do-monteriggioni\/#primaryimage","url":"https:\/\/1001voyagesgourmands.com\/wp-content\/uploads\/2025\/06\/Borgo-Villa-Certano-39.jpg","contentUrl":"https:\/\/1001voyagesgourmands.com\/wp-content\/uploads\/2025\/06\/Borgo-Villa-Certano-39.jpg","width":1367,"height":2048,"caption":"But as we also wanted to visit Siena this time, and so we booked a few nights in the charming Borgo Villa Certano situated nearby.\u00a0"},{"@type":"BreadcrumbList","@id":"https:\/\/1001voyagesgourmands.com\/cs\/nas-pobyt-v-borgo-villa-certano-a-vylet-do-monteriggioni\/#breadcrumb","itemListElement":[{"@type":"ListItem","position":1,"name":"Dom\u016f","item":"https:\/\/1001voyagesgourmands.com\/cs\/"},{"@type":"ListItem","position":2,"name":"N\u00e1\u0161 pobyt v Borgo Villa Certano a v\u00fdlet do Monteriggioni"}]},{"@type":"WebSite","@id":"https:\/\/1001voyagesgourmands.com\/cs\/#website","url":"https:\/\/1001voyagesgourmands.com\/cs\/","name":"1001 Voyages Gourmands","description":"Food | Travel | Photography","potentialAction":[{"@type":"SearchAction","target":{"@type":"EntryPoint","urlTemplate":"https:\/\/1001voyagesgourmands.com\/cs\/?s={search_term_string}"},"query-input":{"@type":"PropertyValueSpecification","valueRequired":true,"valueName":"search_term_string"}}],"inLanguage":"cs"},{"@type":"Person","@id":"https:\/\/1001voyagesgourmands.com\/cs\/#\/schema\/person\/62e0e7238fcf7482b23bf83e1b72ff1b","name":"Michaela","image":{"@type":"ImageObject","inLanguage":"cs","@id":"https:\/\/1001voyagesgourmands.com\/cs\/#\/schema\/person\/image\/","url":"https:\/\/secure.gravatar.com\/avatar\/73fa562a5b0ce269ca480f67de504b8ecac054a121d170e226f1b79e02024cb8?s=96&d=mm&r=g","contentUrl":"https:\/\/secure.gravatar.com\/avatar\/73fa562a5b0ce269ca480f67de504b8ecac054a121d170e226f1b79e02024cb8?s=96&d=mm&r=g","caption":"Michaela"},"sameAs":["http:\/\/1001voyagesgourmands.com"]}]}},"_links":{"self":[{"href":"https:\/\/1001voyagesgourmands.com\/cs\/wp-json\/wp\/v2\/posts\/32388","targetHints":{"allow":["GET"]}}],"collection":[{"href":"https:\/\/1001voyagesgourmands.com\/cs\/wp-json\/wp\/v2\/posts"}],"about":[{"href":"https:\/\/1001voyagesgourmands.com\/cs\/wp-json\/wp\/v2\/types\/post"}],"author":[{"embeddable":true,"href":"https:\/\/1001voyagesgourmands.com\/cs\/wp-json\/wp\/v2\/users\/1"}],"replies":[{"embeddable":true,"href":"https:\/\/1001voyagesgourmands.com\/cs\/wp-json\/wp\/v2\/comments?post=32388"}],"version-history":[{"count":10,"href":"https:\/\/1001voyagesgourmands.com\/cs\/wp-json\/wp\/v2\/posts\/32388\/revisions"}],"predecessor-version":[{"id":32411,"href":"https:\/\/1001voyagesgourmands.com\/cs\/wp-json\/wp\/v2\/posts\/32388\/revisions\/32411"}],"wp:featuredmedia":[{"embeddable":true,"href":"https:\/\/1001voyagesgourmands.com\/cs\/wp-json\/wp\/v2\/media\/32212"}],"wp:attachment":[{"href":"https:\/\/1001voyagesgourmands.com\/cs\/wp-json\/wp\/v2\/media?parent=32388"}],"wp:term":[{"taxonomy":"category","embeddable":true,"href":"https:\/\/1001voyagesgourmands.com\/cs\/wp-json\/wp\/v2\/categories?post=32388"},{"taxonomy":"post_tag","embeddable":true,"href":"https:\/\/1001voyagesgourmands.com\/cs\/wp-json\/wp\/v2\/tags?post=32388"}],"curies":[{"name":"wp","href":"https:\/\/api.w.org\/{rel}","templated":true}]}}