{"id":32352,"date":"2025-06-26T00:10:13","date_gmt":"2025-06-25T22:10:13","guid":{"rendered":"https:\/\/1001voyagesgourmands.com\/?p=32352"},"modified":"2025-06-26T13:43:57","modified_gmt":"2025-06-26T11:43:57","slug":"svatecni-srpen-v-jiznim-toskansku","status":"publish","type":"post","link":"https:\/\/1001voyagesgourmands.com\/cs\/svatecni-srpen-v-jiznim-toskansku\/","title":{"rendered":"Sv\u00e1te\u010dn\u00ed srpen v Ji\u017en\u00edm Tosk\u00e1nsku"},"content":{"rendered":"<p style=\"text-align: justify;\">Je\u0161t\u011b p\u0159edt\u00edm, ne\u017e za\u010dnou pr\u00e1zdniny, tu m\u00e1m pro v\u00e1s p\u00e1r n\u00e1pad\u016f ohledn\u011b Tosk\u00e1nska. Tentokr\u00e1t se pod\u00edv\u00e1me do ji\u017en\u00ed poloviny tohoto malebn\u00e9ho regionu a do m\u00edst, kter\u00e1 jsme nav\u0161t\u00edvili p\u0159i na\u0161\u00ed posledn\u00ed cest\u011b tam. V srpnu se ve st\u0159edov\u011bk\u00fdch m\u011bstech v ji\u017en\u00edm Tosk\u00e1nsku kon\u00e1 n\u011bkolik st\u0159edov\u011bk\u00fdch slavnost\u00ed, je\u017e daj\u00ed speci\u00e1ln\u00ed atmosf\u00e9ru ji\u017e tak p\u011bkn\u00fdm m\u00edst\u016fm. A j\u00e1 se s v\u00e1mi dnes pod\u011bl\u00edm o na\u0161e z\u00e1\u017eitky.<\/p>\n<p style=\"text-align: justify;\">Jen zm\u00edn\u00edm, \u017ee toto nen\u00ed n\u011bjak\u00fd seznam, jen v\u00fd\u010det p\u00e1r m\u00edst a slavnost\u00ed, na kter\u00fdch jsme se a\u0165 u\u017e pl\u00e1novan\u011b nebo s p\u0159ekvapen\u00edm ocitli. Adeline byly tehdy 4 roky a vzhledem k tomu, \u017ee je \u010dasto na takov\u00fdch oslav\u00e1ch spousta hluku, n\u011bkde jsme rad\u011bji do centra d\u011bn\u00ed nevstupovali. T\u0159eba n\u011bkdy jindy. Nicm\u00e9n\u011b program najdete t\u0159eba na str\u00e1nk\u00e1ch <strong><a href=\"https:\/\/www.visittuscany.com\/en\/events\" target=\"_blank\" rel=\"noopener\">Tosk\u00e1nsk\u00e9 agentury pro podporu turismu<\/a>.<\/strong><\/p>\n<p style=\"text-align: justify;\">My jsme do Tosk\u00e1nska p\u0159ijeli autem z Belgie, ale pokud se v\u00e1m nechce \u0159\u00eddit celou cestu a\u017e sem a pak je\u0161t\u011b mezi jednotliv\u00fdmi m\u00edsty, doporu\u010duji let\u011bt t\u0159eba do Florencie nebo Pisy a pot\u00e9 si <strong><a href=\"https:\/\/www.discovercars.com\/cz\/italy-mainland?a_aid=1001voyagesgourmands\" target=\"_blank\" rel=\"noopener\">pronajmout auto na m\u00edst\u011b<\/a><\/strong>.<\/p>\n<p>Co se t\u00fdk\u00e1 m\u00edsta pobytu, my jsme si zamilovali <strong><a href=\"https:\/\/borgovillacertano.com\" target=\"_blank\" rel=\"noopener\">Borgo Villu Certano<\/a><\/strong>, o kter\u00e9 jsem ji\u017e psala <a href=\"https:\/\/1001voyagesgourmands.com\/cs\/nas-pobyt-v-borgo-villa-certano-a-vylet-do-monteriggioni\/\" target=\"_blank\" rel=\"noopener\"><strong>zde<\/strong><\/a>.<\/p>\n<p>Tak a te\u010f u\u017e jdeme na ty sv\u00e1tku v ji\u017en\u00edm Tosk\u00e1nsku! \ud83d\ude42<\/p>\n<p>&nbsp;<\/p>\n<h4>Siena a jej\u00ed slavn\u00e9 Palio<\/h4>\n<p style=\"text-align: justify;\">V sam\u00e9m srdci Tosk\u00e1nska najdete st\u0159edov\u011bk\u00e9 m\u011bsto Siena, jen\u017e je i jedno z nejkr\u00e1sn\u011bj\u0161\u00edch m\u00edst v It\u00e1lii a domovem nejstar\u0161\u00ed bance na sv\u011bt\u011b &#8211; <em>Banca Monte Die Paschi di Siena<\/em>. Kdy\u017e jsme byli poprv\u00e9 jako rodina v Tosk\u00e1nsku, cht\u011bli jsme tam zajet, ale n\u011bjak n\u00e1m to nevy\u0161lo. O to v\u00edce jsme se t\u011b\u0161ili te\u010f, dokonce tak moc, \u017ee jsme si nedaleko rezervovali ubytov\u00e1n\u00ed hned na t\u0159i noci. Prvn\u00ed den na\u0161\u00ed n\u00e1v\u0161t\u011bvy se zde konalo Palio. Pokud m\u00e1te r\u00e1di ko\u0148sk\u00e9 z\u00e1vody, tak tohle je pro v\u00e1s.<\/p>\n<p style=\"text-align: justify;\">Jde o nejslavn\u011bj\u0161\u00ed z\u00e1vod kon\u00ed v It\u00e1lii a nejv\u00edce o\u010dek\u00e1van\u00e1 letn\u00ed ud\u00e1lost v Tosk\u00e1nsku. Jej\u00ed ko\u0159eny sahaj\u00ed a\u017e do st\u0159edov\u011bku. <a href=\"https:\/\/paliodisiena.tickets\" target=\"_blank\" rel=\"noopener\"><strong>Palio<\/strong><\/a> se v Sien\u011b kon\u00e1 dvakr\u00e1t ro\u010dn\u011b a trv\u00e1 4 dny (29. \u010dervna &#8211; 2. \u010dervence &nbsp;a 13. &#8211; 16. srpna). Hlavn\u00ed z\u00e1vod se kon\u00e1 na hlavn\u00edm n\u00e1m\u011bst\u00ed Piazza del Campo, kde stoj\u00ed dokola tribuny a obchody i restaurace jsou tam po dobu kon\u00e1n\u00ed z\u00e1vod\u016f zav\u0159en\u00e9. Nicm\u00e9n\u011b hlavn\u00edmu z\u00e1vodu v\u017edy p\u0159edch\u00e1z\u00ed proces\u00ed a pot\u00e9 komunitn\u00ed ve\u010de\u0159e v ulic\u00edch. M\u011bsto je vyzdoben\u00e9 vlaje\u010dkami \u010dtvrt\u00ed (neboli contradas) a lid\u00e9 takt\u00e9\u017e nos\u00ed r\u016fzn\u00e9 \u0161\u00e1tky s embl\u00e9my. To proto, \u017ee jde o sout\u011b\u017e mezi jednotliv\u00fdmi \u010dtvrt\u011bmi m\u011bsta &#8211; ka\u017ed\u00fd rok se z\u00e1vodu z\u00fa\u010dastn\u00ed 10 ze 17 \u010dtvrt\u00ed. Jak si asi dok\u00e1\u017eete p\u0159edstavit, v historick\u00e9m j\u00e1dru Sieny je tedy b\u011bhem t\u011bchto 4 dn\u00ed velmi ru\u0161no. Naj\u00edst se ve\u010der v restauraci bez rezervace bylo celkem nemo\u017en\u00e9, jedin\u011b pak kus d\u00e1l od centra.<\/p>\n<p style=\"text-align: justify;\">My jsme se pak do Sieny je\u0161t\u011b vr\u00e1tili b\u011bhem jednoho z posledn\u00edch dn\u00ed pr\u00e1zdnin, abychom si m\u011bsto pro\u0161li v klidu. Na pam\u00e1tku jsme si koupili t\u0159i \u0161\u00e1tky s embl\u00e9mem dikobraze, proto\u017ee ten sam\u00fd m\u011bli ve ville, kde jsme spali, a tak\u00e9 proto, \u017ee se n\u00e1m barevn\u011b nejv\u00edce l\u00edbil a Adelinku to zv\u00ed\u0159e fascinuje.&nbsp;A tady je p\u00e1r m\u00edst, kter\u00e1 mohu doporu\u010dit: <strong><a href=\"https:\/\/www.erbolario.com\/en\/camelia-camellia\/perfume-camellia-2688.html\" target=\"_blank\" rel=\"noopener\">obchod L\u2019Eerborario<\/a><\/strong> kde najdete \u00fa\u017easn\u00e9 parf\u00e9my a fytokosmetiku vyrobenou v It\u00e1lii, do pek\u00e1rny a cukr\u00e1rny <strong><a href=\"https:\/\/pasticceriabuti.it\" target=\"_blank\" rel=\"noopener\">Buti pasticceria<\/a><\/strong> na n\u011bco hodn\u011b dobr\u00e9ho k sn\u00eddani a nebo na n\u011bco sladk\u00e9ho ke k\u00e1v\u011b, a d\u00e1le pak restaurace<strong> <a href=\"https:\/\/www.tavernasangiuseppe.it\" target=\"_blank\" rel=\"noopener\">La Taverna di Giuseppe<\/a><\/strong> na typickou tosk\u00e1nskou ve\u010de\u0159i v kr\u00e1sn\u00fdch autentick\u00fdch prostor\u00e1ch star\u00e9 Sieny z dob Etrusk\u016f.&nbsp;<\/p>\n<p><img loading=\"lazy\" decoding=\"async\" class=\"aligncenter size-large wp-image-31760\" src=\"https:\/\/1001voyagesgourmands.com\/wp-content\/uploads\/2025\/05\/Sienna-and-South-Tuscany-42-1170x1753.jpg\" alt=\"\" width=\"1170\" height=\"1753\" srcset=\"https:\/\/1001voyagesgourmands.com\/wp-content\/uploads\/2025\/05\/Sienna-and-South-Tuscany-42-1170x1753.jpg 1170w, https:\/\/1001voyagesgourmands.com\/wp-content\/uploads\/2025\/05\/Sienna-and-South-Tuscany-42-200x300.jpg 200w, https:\/\/1001voyagesgourmands.com\/wp-content\/uploads\/2025\/05\/Sienna-and-South-Tuscany-42-768x1151.jpg 768w, https:\/\/1001voyagesgourmands.com\/wp-content\/uploads\/2025\/05\/Sienna-and-South-Tuscany-42-1025x1536.jpg 1025w, https:\/\/1001voyagesgourmands.com\/wp-content\/uploads\/2025\/05\/Sienna-and-South-Tuscany-42-585x876.jpg 585w, https:\/\/1001voyagesgourmands.com\/wp-content\/uploads\/2025\/05\/Sienna-and-South-Tuscany-42.jpg 1367w\" sizes=\"auto, (max-width: 1170px) 100vw, 1170px\" \/><\/p>\n<p><img loading=\"lazy\" decoding=\"async\" class=\"aligncenter size-large wp-image-31762\" src=\"https:\/\/1001voyagesgourmands.com\/wp-content\/uploads\/2025\/05\/Sienna-and-South-Tuscany-43-1170x1753.jpg\" alt=\"\" width=\"1170\" height=\"1753\" srcset=\"https:\/\/1001voyagesgourmands.com\/wp-content\/uploads\/2025\/05\/Sienna-and-South-Tuscany-43-1170x1753.jpg 1170w, https:\/\/1001voyagesgourmands.com\/wp-content\/uploads\/2025\/05\/Sienna-and-South-Tuscany-43-200x300.jpg 200w, https:\/\/1001voyagesgourmands.com\/wp-content\/uploads\/2025\/05\/Sienna-and-South-Tuscany-43-768x1151.jpg 768w, https:\/\/1001voyagesgourmands.com\/wp-content\/uploads\/2025\/05\/Sienna-and-South-Tuscany-43-1025x1536.jpg 1025w, https:\/\/1001voyagesgourmands.com\/wp-content\/uploads\/2025\/05\/Sienna-and-South-Tuscany-43-585x876.jpg 585w, https:\/\/1001voyagesgourmands.com\/wp-content\/uploads\/2025\/05\/Sienna-and-South-Tuscany-43.jpg 1367w\" sizes=\"auto, (max-width: 1170px) 100vw, 1170px\" \/><\/p>\n<p><img loading=\"lazy\" decoding=\"async\" class=\"aligncenter size-large wp-image-31764\" src=\"https:\/\/1001voyagesgourmands.com\/wp-content\/uploads\/2025\/05\/Sienna-and-South-Tuscany-44-1170x1753.jpg\" alt=\"\" width=\"1170\" height=\"1753\" srcset=\"https:\/\/1001voyagesgourmands.com\/wp-content\/uploads\/2025\/05\/Sienna-and-South-Tuscany-44-1170x1753.jpg 1170w, https:\/\/1001voyagesgourmands.com\/wp-content\/uploads\/2025\/05\/Sienna-and-South-Tuscany-44-200x300.jpg 200w, https:\/\/1001voyagesgourmands.com\/wp-content\/uploads\/2025\/05\/Sienna-and-South-Tuscany-44-768x1151.jpg 768w, https:\/\/1001voyagesgourmands.com\/wp-content\/uploads\/2025\/05\/Sienna-and-South-Tuscany-44-1025x1536.jpg 1025w, https:\/\/1001voyagesgourmands.com\/wp-content\/uploads\/2025\/05\/Sienna-and-South-Tuscany-44-585x876.jpg 585w, https:\/\/1001voyagesgourmands.com\/wp-content\/uploads\/2025\/05\/Sienna-and-South-Tuscany-44.jpg 1367w\" sizes=\"auto, (max-width: 1170px) 100vw, 1170px\" \/><\/p>\n<p><img loading=\"lazy\" decoding=\"async\" class=\"aligncenter size-large wp-image-31766\" src=\"https:\/\/1001voyagesgourmands.com\/wp-content\/uploads\/2025\/05\/Sienna-and-South-Tuscany-45-1170x781.jpg\" alt=\"\" width=\"1170\" height=\"781\" srcset=\"https:\/\/1001voyagesgourmands.com\/wp-content\/uploads\/2025\/05\/Sienna-and-South-Tuscany-45-1170x781.jpg 1170w, https:\/\/1001voyagesgourmands.com\/wp-content\/uploads\/2025\/05\/Sienna-and-South-Tuscany-45-300x200.jpg 300w, https:\/\/1001voyagesgourmands.com\/wp-content\/uploads\/2025\/05\/Sienna-and-South-Tuscany-45-768x513.jpg 768w, https:\/\/1001voyagesgourmands.com\/wp-content\/uploads\/2025\/05\/Sienna-and-South-Tuscany-45-1536x1025.jpg 1536w, https:\/\/1001voyagesgourmands.com\/wp-content\/uploads\/2025\/05\/Sienna-and-South-Tuscany-45-1920x1282.jpg 1920w, https:\/\/1001voyagesgourmands.com\/wp-content\/uploads\/2025\/05\/Sienna-and-South-Tuscany-45-585x390.jpg 585w, https:\/\/1001voyagesgourmands.com\/wp-content\/uploads\/2025\/05\/Sienna-and-South-Tuscany-45-263x175.jpg 263w, https:\/\/1001voyagesgourmands.com\/wp-content\/uploads\/2025\/05\/Sienna-and-South-Tuscany-45.jpg 2048w\" sizes=\"auto, (max-width: 1170px) 100vw, 1170px\" \/><\/p>\n<p><img loading=\"lazy\" decoding=\"async\" class=\"aligncenter size-large wp-image-31770\" src=\"https:\/\/1001voyagesgourmands.com\/wp-content\/uploads\/2025\/05\/Sienna-and-South-Tuscany-47-1170x1560.jpg\" alt=\"\" width=\"1170\" height=\"1560\" srcset=\"https:\/\/1001voyagesgourmands.com\/wp-content\/uploads\/2025\/05\/Sienna-and-South-Tuscany-47-1170x1560.jpg 1170w, https:\/\/1001voyagesgourmands.com\/wp-content\/uploads\/2025\/05\/Sienna-and-South-Tuscany-47-225x300.jpg 225w, https:\/\/1001voyagesgourmands.com\/wp-content\/uploads\/2025\/05\/Sienna-and-South-Tuscany-47-768x1024.jpg 768w, https:\/\/1001voyagesgourmands.com\/wp-content\/uploads\/2025\/05\/Sienna-and-South-Tuscany-47-1152x1536.jpg 1152w, https:\/\/1001voyagesgourmands.com\/wp-content\/uploads\/2025\/05\/Sienna-and-South-Tuscany-47-585x780.jpg 585w, https:\/\/1001voyagesgourmands.com\/wp-content\/uploads\/2025\/05\/Sienna-and-South-Tuscany-47.jpg 1536w\" sizes=\"auto, (max-width: 1170px) 100vw, 1170px\" \/><\/p>\n<p><img loading=\"lazy\" decoding=\"async\" class=\"aligncenter size-large wp-image-31985\" src=\"https:\/\/1001voyagesgourmands.com\/wp-content\/uploads\/2025\/05\/Sienna-and-South-Tuscany-142-1170x1753.jpg\" alt=\"This time, I will take you to all the beautiful places in Sienna and South Tuscany we had a chance to visit during the lat summer holidays.\" width=\"1170\" height=\"1753\" srcset=\"https:\/\/1001voyagesgourmands.com\/wp-content\/uploads\/2025\/05\/Sienna-and-South-Tuscany-142-1170x1753.jpg 1170w, https:\/\/1001voyagesgourmands.com\/wp-content\/uploads\/2025\/05\/Sienna-and-South-Tuscany-142-200x300.jpg 200w, https:\/\/1001voyagesgourmands.com\/wp-content\/uploads\/2025\/05\/Sienna-and-South-Tuscany-142-768x1151.jpg 768w, https:\/\/1001voyagesgourmands.com\/wp-content\/uploads\/2025\/05\/Sienna-and-South-Tuscany-142-1025x1536.jpg 1025w, https:\/\/1001voyagesgourmands.com\/wp-content\/uploads\/2025\/05\/Sienna-and-South-Tuscany-142-585x876.jpg 585w, https:\/\/1001voyagesgourmands.com\/wp-content\/uploads\/2025\/05\/Sienna-and-South-Tuscany-142.jpg 1367w\" sizes=\"auto, (max-width: 1170px) 100vw, 1170px\" \/><\/p>\n<p><img loading=\"lazy\" decoding=\"async\" class=\"aligncenter size-large wp-image-32021\" src=\"https:\/\/1001voyagesgourmands.com\/wp-content\/uploads\/2025\/05\/Sienna-and-South-Tuscany-132-1170x781.jpg\" alt=\"\" width=\"1170\" height=\"781\" srcset=\"https:\/\/1001voyagesgourmands.com\/wp-content\/uploads\/2025\/05\/Sienna-and-South-Tuscany-132-1170x781.jpg 1170w, https:\/\/1001voyagesgourmands.com\/wp-content\/uploads\/2025\/05\/Sienna-and-South-Tuscany-132-300x200.jpg 300w, https:\/\/1001voyagesgourmands.com\/wp-content\/uploads\/2025\/05\/Sienna-and-South-Tuscany-132-768x513.jpg 768w, https:\/\/1001voyagesgourmands.com\/wp-content\/uploads\/2025\/05\/Sienna-and-South-Tuscany-132-1536x1025.jpg 1536w, https:\/\/1001voyagesgourmands.com\/wp-content\/uploads\/2025\/05\/Sienna-and-South-Tuscany-132-1920x1282.jpg 1920w, https:\/\/1001voyagesgourmands.com\/wp-content\/uploads\/2025\/05\/Sienna-and-South-Tuscany-132-585x390.jpg 585w, https:\/\/1001voyagesgourmands.com\/wp-content\/uploads\/2025\/05\/Sienna-and-South-Tuscany-132-263x175.jpg 263w, https:\/\/1001voyagesgourmands.com\/wp-content\/uploads\/2025\/05\/Sienna-and-South-Tuscany-132.jpg 2048w\" sizes=\"auto, (max-width: 1170px) 100vw, 1170px\" \/><\/p>\n<p><img loading=\"lazy\" decoding=\"async\" class=\"aligncenter size-large wp-image-32003\" src=\"https:\/\/1001voyagesgourmands.com\/wp-content\/uploads\/2025\/05\/Sienna-and-South-Tuscany-135-1170x1753.jpg\" alt=\"\" width=\"1170\" height=\"1753\" srcset=\"https:\/\/1001voyagesgourmands.com\/wp-content\/uploads\/2025\/05\/Sienna-and-South-Tuscany-135-1170x1753.jpg 1170w, https:\/\/1001voyagesgourmands.com\/wp-content\/uploads\/2025\/05\/Sienna-and-South-Tuscany-135-200x300.jpg 200w, https:\/\/1001voyagesgourmands.com\/wp-content\/uploads\/2025\/05\/Sienna-and-South-Tuscany-135-768x1151.jpg 768w, https:\/\/1001voyagesgourmands.com\/wp-content\/uploads\/2025\/05\/Sienna-and-South-Tuscany-135-1025x1536.jpg 1025w, https:\/\/1001voyagesgourmands.com\/wp-content\/uploads\/2025\/05\/Sienna-and-South-Tuscany-135-585x876.jpg 585w, https:\/\/1001voyagesgourmands.com\/wp-content\/uploads\/2025\/05\/Sienna-and-South-Tuscany-135.jpg 1367w\" sizes=\"auto, (max-width: 1170px) 100vw, 1170px\" \/><\/p>\n<p><img loading=\"lazy\" decoding=\"async\" class=\"aligncenter size-large wp-image-32019\" src=\"https:\/\/1001voyagesgourmands.com\/wp-content\/uploads\/2025\/05\/Sienna-and-South-Tuscany-131-1170x1753.jpg\" alt=\"\" width=\"1170\" height=\"1753\" srcset=\"https:\/\/1001voyagesgourmands.com\/wp-content\/uploads\/2025\/05\/Sienna-and-South-Tuscany-131-1170x1753.jpg 1170w, https:\/\/1001voyagesgourmands.com\/wp-content\/uploads\/2025\/05\/Sienna-and-South-Tuscany-131-200x300.jpg 200w, https:\/\/1001voyagesgourmands.com\/wp-content\/uploads\/2025\/05\/Sienna-and-South-Tuscany-131-768x1151.jpg 768w, https:\/\/1001voyagesgourmands.com\/wp-content\/uploads\/2025\/05\/Sienna-and-South-Tuscany-131-1025x1536.jpg 1025w, https:\/\/1001voyagesgourmands.com\/wp-content\/uploads\/2025\/05\/Sienna-and-South-Tuscany-131-585x876.jpg 585w, https:\/\/1001voyagesgourmands.com\/wp-content\/uploads\/2025\/05\/Sienna-and-South-Tuscany-131.jpg 1367w\" sizes=\"auto, (max-width: 1170px) 100vw, 1170px\" \/><\/p>\n<p><img loading=\"lazy\" decoding=\"async\" class=\"aligncenter size-full wp-image-32299\" src=\"https:\/\/1001voyagesgourmands.com\/wp-content\/uploads\/2025\/06\/Siena-2.jpg\" alt=\"August in South Tuscany is filled with festivities and here are some ideas if you'd like to add the local folklore to your Tuscany experience.\" width=\"842\" height=\"595\" srcset=\"https:\/\/1001voyagesgourmands.com\/wp-content\/uploads\/2025\/06\/Siena-2.jpg 842w, https:\/\/1001voyagesgourmands.com\/wp-content\/uploads\/2025\/06\/Siena-2-300x212.jpg 300w, https:\/\/1001voyagesgourmands.com\/wp-content\/uploads\/2025\/06\/Siena-2-768x543.jpg 768w, https:\/\/1001voyagesgourmands.com\/wp-content\/uploads\/2025\/06\/Siena-2-585x413.jpg 585w\" sizes=\"auto, (max-width: 842px) 100vw, 842px\" \/><\/p>\n<p><img loading=\"lazy\" decoding=\"async\" class=\"aligncenter size-full wp-image-32297\" src=\"https:\/\/1001voyagesgourmands.com\/wp-content\/uploads\/2025\/06\/Siena-1.jpg\" alt=\"August in South Tuscany is filled with festivities and here are some ideas if you'd like to add the local folklore to your Tuscany experience.\" width=\"842\" height=\"595\" srcset=\"https:\/\/1001voyagesgourmands.com\/wp-content\/uploads\/2025\/06\/Siena-1.jpg 842w, https:\/\/1001voyagesgourmands.com\/wp-content\/uploads\/2025\/06\/Siena-1-300x212.jpg 300w, https:\/\/1001voyagesgourmands.com\/wp-content\/uploads\/2025\/06\/Siena-1-768x543.jpg 768w, https:\/\/1001voyagesgourmands.com\/wp-content\/uploads\/2025\/06\/Siena-1-585x413.jpg 585w\" sizes=\"auto, (max-width: 842px) 100vw, 842px\" \/><\/p>\n<p><img loading=\"lazy\" decoding=\"async\" class=\"aligncenter size-large wp-image-32009\" src=\"https:\/\/1001voyagesgourmands.com\/wp-content\/uploads\/2025\/05\/Sienna-and-South-Tuscany-138-1170x1753.jpg\" alt=\"\" width=\"1170\" height=\"1753\" srcset=\"https:\/\/1001voyagesgourmands.com\/wp-content\/uploads\/2025\/05\/Sienna-and-South-Tuscany-138-1170x1753.jpg 1170w, https:\/\/1001voyagesgourmands.com\/wp-content\/uploads\/2025\/05\/Sienna-and-South-Tuscany-138-200x300.jpg 200w, https:\/\/1001voyagesgourmands.com\/wp-content\/uploads\/2025\/05\/Sienna-and-South-Tuscany-138-768x1151.jpg 768w, https:\/\/1001voyagesgourmands.com\/wp-content\/uploads\/2025\/05\/Sienna-and-South-Tuscany-138-1025x1536.jpg 1025w, https:\/\/1001voyagesgourmands.com\/wp-content\/uploads\/2025\/05\/Sienna-and-South-Tuscany-138-585x876.jpg 585w, https:\/\/1001voyagesgourmands.com\/wp-content\/uploads\/2025\/05\/Sienna-and-South-Tuscany-138.jpg 1367w\" sizes=\"auto, (max-width: 1170px) 100vw, 1170px\" \/><\/p>\n<p><img loading=\"lazy\" decoding=\"async\" class=\"aligncenter size-large wp-image-32017\" src=\"https:\/\/1001voyagesgourmands.com\/wp-content\/uploads\/2025\/05\/Sienna-and-South-Tuscany-130-1170x1753.jpg\" alt=\"\" width=\"1170\" height=\"1753\" srcset=\"https:\/\/1001voyagesgourmands.com\/wp-content\/uploads\/2025\/05\/Sienna-and-South-Tuscany-130-1170x1753.jpg 1170w, https:\/\/1001voyagesgourmands.com\/wp-content\/uploads\/2025\/05\/Sienna-and-South-Tuscany-130-200x300.jpg 200w, https:\/\/1001voyagesgourmands.com\/wp-content\/uploads\/2025\/05\/Sienna-and-South-Tuscany-130-768x1151.jpg 768w, https:\/\/1001voyagesgourmands.com\/wp-content\/uploads\/2025\/05\/Sienna-and-South-Tuscany-130-1025x1536.jpg 1025w, https:\/\/1001voyagesgourmands.com\/wp-content\/uploads\/2025\/05\/Sienna-and-South-Tuscany-130-585x876.jpg 585w, https:\/\/1001voyagesgourmands.com\/wp-content\/uploads\/2025\/05\/Sienna-and-South-Tuscany-130.jpg 1367w\" sizes=\"auto, (max-width: 1170px) 100vw, 1170px\" \/><\/p>\n<p><img loading=\"lazy\" decoding=\"async\" class=\"aligncenter size-full wp-image-32301\" src=\"https:\/\/1001voyagesgourmands.com\/wp-content\/uploads\/2025\/06\/Siena-3.jpg\" alt=\"\" width=\"842\" height=\"595\" srcset=\"https:\/\/1001voyagesgourmands.com\/wp-content\/uploads\/2025\/06\/Siena-3.jpg 842w, https:\/\/1001voyagesgourmands.com\/wp-content\/uploads\/2025\/06\/Siena-3-300x212.jpg 300w, https:\/\/1001voyagesgourmands.com\/wp-content\/uploads\/2025\/06\/Siena-3-768x543.jpg 768w, https:\/\/1001voyagesgourmands.com\/wp-content\/uploads\/2025\/06\/Siena-3-585x413.jpg 585w\" sizes=\"auto, (max-width: 842px) 100vw, 842px\" \/><\/p>\n<p><img loading=\"lazy\" decoding=\"async\" class=\"aligncenter size-large wp-image-31989\" src=\"https:\/\/1001voyagesgourmands.com\/wp-content\/uploads\/2025\/05\/Sienna-and-South-Tuscany-144-1170x1753.jpg\" alt=\"This time, I will take you to all the beautiful places in Sienna and South Tuscany we had a chance to visit during the lat summer holidays.\" width=\"1170\" height=\"1753\" srcset=\"https:\/\/1001voyagesgourmands.com\/wp-content\/uploads\/2025\/05\/Sienna-and-South-Tuscany-144-1170x1753.jpg 1170w, https:\/\/1001voyagesgourmands.com\/wp-content\/uploads\/2025\/05\/Sienna-and-South-Tuscany-144-200x300.jpg 200w, https:\/\/1001voyagesgourmands.com\/wp-content\/uploads\/2025\/05\/Sienna-and-South-Tuscany-144-768x1151.jpg 768w, https:\/\/1001voyagesgourmands.com\/wp-content\/uploads\/2025\/05\/Sienna-and-South-Tuscany-144-1025x1536.jpg 1025w, https:\/\/1001voyagesgourmands.com\/wp-content\/uploads\/2025\/05\/Sienna-and-South-Tuscany-144-585x876.jpg 585w, https:\/\/1001voyagesgourmands.com\/wp-content\/uploads\/2025\/05\/Sienna-and-South-Tuscany-144.jpg 1367w\" sizes=\"auto, (max-width: 1170px) 100vw, 1170px\" \/><\/p>\n<p><img loading=\"lazy\" decoding=\"async\" class=\"aligncenter size-large wp-image-32015\" src=\"https:\/\/1001voyagesgourmands.com\/wp-content\/uploads\/2025\/05\/Sienna-and-South-Tuscany-141-1170x1753.jpg\" alt=\"\" width=\"1170\" height=\"1753\" srcset=\"https:\/\/1001voyagesgourmands.com\/wp-content\/uploads\/2025\/05\/Sienna-and-South-Tuscany-141-1170x1753.jpg 1170w, https:\/\/1001voyagesgourmands.com\/wp-content\/uploads\/2025\/05\/Sienna-and-South-Tuscany-141-200x300.jpg 200w, https:\/\/1001voyagesgourmands.com\/wp-content\/uploads\/2025\/05\/Sienna-and-South-Tuscany-141-768x1151.jpg 768w, https:\/\/1001voyagesgourmands.com\/wp-content\/uploads\/2025\/05\/Sienna-and-South-Tuscany-141-1025x1536.jpg 1025w, https:\/\/1001voyagesgourmands.com\/wp-content\/uploads\/2025\/05\/Sienna-and-South-Tuscany-141-585x876.jpg 585w, https:\/\/1001voyagesgourmands.com\/wp-content\/uploads\/2025\/05\/Sienna-and-South-Tuscany-141.jpg 1367w\" sizes=\"auto, (max-width: 1170px) 100vw, 1170px\" \/><\/p>\n<p><img loading=\"lazy\" decoding=\"async\" class=\"aligncenter size-large wp-image-31999\" src=\"https:\/\/1001voyagesgourmands.com\/wp-content\/uploads\/2025\/05\/Sienna-and-South-Tuscany-149-1170x1753.jpg\" alt=\"\" width=\"1170\" height=\"1753\" srcset=\"https:\/\/1001voyagesgourmands.com\/wp-content\/uploads\/2025\/05\/Sienna-and-South-Tuscany-149-1170x1753.jpg 1170w, https:\/\/1001voyagesgourmands.com\/wp-content\/uploads\/2025\/05\/Sienna-and-South-Tuscany-149-200x300.jpg 200w, https:\/\/1001voyagesgourmands.com\/wp-content\/uploads\/2025\/05\/Sienna-and-South-Tuscany-149-768x1151.jpg 768w, https:\/\/1001voyagesgourmands.com\/wp-content\/uploads\/2025\/05\/Sienna-and-South-Tuscany-149-1025x1536.jpg 1025w, https:\/\/1001voyagesgourmands.com\/wp-content\/uploads\/2025\/05\/Sienna-and-South-Tuscany-149-585x876.jpg 585w, https:\/\/1001voyagesgourmands.com\/wp-content\/uploads\/2025\/05\/Sienna-and-South-Tuscany-149.jpg 1367w\" sizes=\"auto, (max-width: 1170px) 100vw, 1170px\" \/><\/p>\n<p><img loading=\"lazy\" decoding=\"async\" class=\"aligncenter size-large wp-image-31979\" src=\"https:\/\/1001voyagesgourmands.com\/wp-content\/uploads\/2025\/05\/Sienna-and-South-Tuscany-152-1170x781.jpg\" alt=\"\" width=\"1170\" height=\"781\" srcset=\"https:\/\/1001voyagesgourmands.com\/wp-content\/uploads\/2025\/05\/Sienna-and-South-Tuscany-152-1170x781.jpg 1170w, https:\/\/1001voyagesgourmands.com\/wp-content\/uploads\/2025\/05\/Sienna-and-South-Tuscany-152-300x200.jpg 300w, https:\/\/1001voyagesgourmands.com\/wp-content\/uploads\/2025\/05\/Sienna-and-South-Tuscany-152-768x513.jpg 768w, https:\/\/1001voyagesgourmands.com\/wp-content\/uploads\/2025\/05\/Sienna-and-South-Tuscany-152-1536x1025.jpg 1536w, https:\/\/1001voyagesgourmands.com\/wp-content\/uploads\/2025\/05\/Sienna-and-South-Tuscany-152-1920x1282.jpg 1920w, https:\/\/1001voyagesgourmands.com\/wp-content\/uploads\/2025\/05\/Sienna-and-South-Tuscany-152-585x390.jpg 585w, https:\/\/1001voyagesgourmands.com\/wp-content\/uploads\/2025\/05\/Sienna-and-South-Tuscany-152-263x175.jpg 263w, https:\/\/1001voyagesgourmands.com\/wp-content\/uploads\/2025\/05\/Sienna-and-South-Tuscany-152.jpg 2048w\" sizes=\"auto, (max-width: 1170px) 100vw, 1170px\" \/><\/p>\n<p><img loading=\"lazy\" decoding=\"async\" class=\"aligncenter size-large wp-image-31983\" src=\"https:\/\/1001voyagesgourmands.com\/wp-content\/uploads\/2025\/05\/Sienna-and-South-Tuscany-150-1170x1753.jpg\" alt=\"This time, I will take you to all the beautiful places in Sienna and South Tuscany we had a chance to visit during the lat summer holidays.\" width=\"1170\" height=\"1753\" srcset=\"https:\/\/1001voyagesgourmands.com\/wp-content\/uploads\/2025\/05\/Sienna-and-South-Tuscany-150-1170x1753.jpg 1170w, https:\/\/1001voyagesgourmands.com\/wp-content\/uploads\/2025\/05\/Sienna-and-South-Tuscany-150-200x300.jpg 200w, https:\/\/1001voyagesgourmands.com\/wp-content\/uploads\/2025\/05\/Sienna-and-South-Tuscany-150-768x1151.jpg 768w, https:\/\/1001voyagesgourmands.com\/wp-content\/uploads\/2025\/05\/Sienna-and-South-Tuscany-150-1025x1536.jpg 1025w, https:\/\/1001voyagesgourmands.com\/wp-content\/uploads\/2025\/05\/Sienna-and-South-Tuscany-150-585x876.jpg 585w, https:\/\/1001voyagesgourmands.com\/wp-content\/uploads\/2025\/05\/Sienna-and-South-Tuscany-150.jpg 1367w\" sizes=\"auto, (max-width: 1170px) 100vw, 1170px\" \/><\/p>\n<h4>&nbsp;<\/h4>\n<p>&nbsp;<\/p>\n<h4>&nbsp;<\/h4>\n<h4>Zp\u00e1tky do minulosti v pr\u016fb\u011bhu slavnosti Volterra AD 1398<\/h4>\n<p style=\"text-align: justify;\">Volterra je zn\u00e1m\u00e1 jako m\u011bsto alabastru a takt\u00e9\u017e m\u00edsto s v\u00fdznamn\u00fdm d\u011bdictv\u00ed po Etrusc\u00edch &#8211; najdete tu i muzeum tomu zasv\u011bcen\u00e9 &#8211; <em>Museo Etrusco Guarnacci<\/em>. Ka\u017edou druhou a t\u0159et\u00ed ned\u011bli v srpnu se tu kon\u00e1 slavnost <strong><a href=\"https:\/\/volterra1398.it\" target=\"_blank\" rel=\"noopener\">Volterra AD 1398<\/a><\/strong>, kdy se Volterra vr\u00e1t\u00ed zp\u011bt do st\u0159edov\u011bku. M\u011bstem proch\u00e1zej\u00ed proces\u00ed ryt\u00ed\u0159\u016f, dam, \u017eongler\u016f, sokoln\u00edk\u016f, muzikant\u016f, obchodn\u00edk\u016f, ale i poddan\u00fdch. M\u016f\u017eete si zakoupit vstupenky a z\u00fa\u010dastnit se r\u016fzn\u00fdch workshop\u016f, prohl\u00eddek a turnaj\u016f. Hodn\u011b toho je na hlavn\u00edm n\u00e1m\u011bst\u00ed, kam v\u00e1s bez vstupenky nepust\u00ed. A tak\u00e9 si mus\u00edte zakoupit st\u0159edov\u011bkou m\u011bnu &#8222;grosso&#8220; za kterou si m\u016f\u017eete koupit j\u00eddlo a pit\u00ed p\u0159\u00edmo na slavnostech (v restaurac\u00edch a barech v\u00e1m sta\u010d\u00ed eura).<\/p>\n<p style=\"text-align: justify;\">My jsme se sem dostali a\u017e pozd\u011bji odpoledne &#8211; bylo tu u\u017e dost hlu\u010dno, Ad\u00e9l byla trochu unaven\u00e1 a bylo horko, tak jsme si m\u011bsto pouze pro\u0161li a nas\u00e1vali atmosf\u00e9ru kdykoliv jsme potkali proces\u00ed. P\u0159i nejbli\u017e\u0161\u00ed p\u0159\u00edle\u017eitosti jsme zapluli na drink nebo na zmrzlinu, a tak\u00e9 nakoupili n\u011bjak\u00e9 mali\u010dkosti z alabastru. Ale i tak to bylo moc fajn!&nbsp;<\/p>\n<p><img loading=\"lazy\" decoding=\"async\" class=\"aligncenter size-large wp-image-31680\" src=\"https:\/\/1001voyagesgourmands.com\/wp-content\/uploads\/2025\/05\/Sienna-and-South-Tuscany-2-1170x1753.jpg\" alt=\"\" width=\"1170\" height=\"1753\" srcset=\"https:\/\/1001voyagesgourmands.com\/wp-content\/uploads\/2025\/05\/Sienna-and-South-Tuscany-2-1170x1753.jpg 1170w, https:\/\/1001voyagesgourmands.com\/wp-content\/uploads\/2025\/05\/Sienna-and-South-Tuscany-2-200x300.jpg 200w, https:\/\/1001voyagesgourmands.com\/wp-content\/uploads\/2025\/05\/Sienna-and-South-Tuscany-2-768x1151.jpg 768w, https:\/\/1001voyagesgourmands.com\/wp-content\/uploads\/2025\/05\/Sienna-and-South-Tuscany-2-1025x1536.jpg 1025w, https:\/\/1001voyagesgourmands.com\/wp-content\/uploads\/2025\/05\/Sienna-and-South-Tuscany-2-585x876.jpg 585w, https:\/\/1001voyagesgourmands.com\/wp-content\/uploads\/2025\/05\/Sienna-and-South-Tuscany-2.jpg 1367w\" sizes=\"auto, (max-width: 1170px) 100vw, 1170px\" \/><\/p>\n<p><img loading=\"lazy\" decoding=\"async\" class=\"aligncenter size-large wp-image-31684\" src=\"https:\/\/1001voyagesgourmands.com\/wp-content\/uploads\/2025\/05\/Sienna-and-South-Tuscany-4-1170x781.jpg\" alt=\"This time, I will take you to all the beautiful places in Sienna and South Tuscany we had a chance to visit during the lat summer holidays.\" width=\"1170\" height=\"781\" srcset=\"https:\/\/1001voyagesgourmands.com\/wp-content\/uploads\/2025\/05\/Sienna-and-South-Tuscany-4-1170x781.jpg 1170w, https:\/\/1001voyagesgourmands.com\/wp-content\/uploads\/2025\/05\/Sienna-and-South-Tuscany-4-300x200.jpg 300w, https:\/\/1001voyagesgourmands.com\/wp-content\/uploads\/2025\/05\/Sienna-and-South-Tuscany-4-768x513.jpg 768w, https:\/\/1001voyagesgourmands.com\/wp-content\/uploads\/2025\/05\/Sienna-and-South-Tuscany-4-1536x1025.jpg 1536w, https:\/\/1001voyagesgourmands.com\/wp-content\/uploads\/2025\/05\/Sienna-and-South-Tuscany-4-1920x1282.jpg 1920w, https:\/\/1001voyagesgourmands.com\/wp-content\/uploads\/2025\/05\/Sienna-and-South-Tuscany-4-585x390.jpg 585w, https:\/\/1001voyagesgourmands.com\/wp-content\/uploads\/2025\/05\/Sienna-and-South-Tuscany-4-263x175.jpg 263w, https:\/\/1001voyagesgourmands.com\/wp-content\/uploads\/2025\/05\/Sienna-and-South-Tuscany-4.jpg 2048w\" sizes=\"auto, (max-width: 1170px) 100vw, 1170px\" \/><\/p>\n<p><img loading=\"lazy\" decoding=\"async\" class=\"aligncenter size-large wp-image-31682\" src=\"https:\/\/1001voyagesgourmands.com\/wp-content\/uploads\/2025\/05\/Sienna-and-South-Tuscany-3-1170x1753.jpg\" alt=\"\" width=\"1170\" height=\"1753\" srcset=\"https:\/\/1001voyagesgourmands.com\/wp-content\/uploads\/2025\/05\/Sienna-and-South-Tuscany-3-1170x1753.jpg 1170w, https:\/\/1001voyagesgourmands.com\/wp-content\/uploads\/2025\/05\/Sienna-and-South-Tuscany-3-200x300.jpg 200w, https:\/\/1001voyagesgourmands.com\/wp-content\/uploads\/2025\/05\/Sienna-and-South-Tuscany-3-768x1151.jpg 768w, https:\/\/1001voyagesgourmands.com\/wp-content\/uploads\/2025\/05\/Sienna-and-South-Tuscany-3-1025x1536.jpg 1025w, https:\/\/1001voyagesgourmands.com\/wp-content\/uploads\/2025\/05\/Sienna-and-South-Tuscany-3-585x876.jpg 585w, https:\/\/1001voyagesgourmands.com\/wp-content\/uploads\/2025\/05\/Sienna-and-South-Tuscany-3.jpg 1367w\" sizes=\"auto, (max-width: 1170px) 100vw, 1170px\" \/><\/p>\n<p><img loading=\"lazy\" decoding=\"async\" class=\"aligncenter size-full wp-image-32314\" src=\"https:\/\/1001voyagesgourmands.com\/wp-content\/uploads\/2025\/06\/Volterra-1.jpg\" alt=\"August in South Tuscany is filled with festivities and here are some ideas if you'd like to add the local folklore to your Tuscany experience.\" width=\"842\" height=\"595\" srcset=\"https:\/\/1001voyagesgourmands.com\/wp-content\/uploads\/2025\/06\/Volterra-1.jpg 842w, https:\/\/1001voyagesgourmands.com\/wp-content\/uploads\/2025\/06\/Volterra-1-300x212.jpg 300w, https:\/\/1001voyagesgourmands.com\/wp-content\/uploads\/2025\/06\/Volterra-1-768x543.jpg 768w, https:\/\/1001voyagesgourmands.com\/wp-content\/uploads\/2025\/06\/Volterra-1-585x413.jpg 585w\" sizes=\"auto, (max-width: 842px) 100vw, 842px\" \/><\/p>\n<p><img loading=\"lazy\" decoding=\"async\" class=\"aligncenter size-large wp-image-31686\" src=\"https:\/\/1001voyagesgourmands.com\/wp-content\/uploads\/2025\/05\/Sienna-and-South-Tuscany-5-1170x1753.jpg\" alt=\"\" width=\"1170\" height=\"1753\" srcset=\"https:\/\/1001voyagesgourmands.com\/wp-content\/uploads\/2025\/05\/Sienna-and-South-Tuscany-5-1170x1753.jpg 1170w, https:\/\/1001voyagesgourmands.com\/wp-content\/uploads\/2025\/05\/Sienna-and-South-Tuscany-5-200x300.jpg 200w, https:\/\/1001voyagesgourmands.com\/wp-content\/uploads\/2025\/05\/Sienna-and-South-Tuscany-5-768x1151.jpg 768w, https:\/\/1001voyagesgourmands.com\/wp-content\/uploads\/2025\/05\/Sienna-and-South-Tuscany-5-1025x1536.jpg 1025w, https:\/\/1001voyagesgourmands.com\/wp-content\/uploads\/2025\/05\/Sienna-and-South-Tuscany-5-585x876.jpg 585w, https:\/\/1001voyagesgourmands.com\/wp-content\/uploads\/2025\/05\/Sienna-and-South-Tuscany-5.jpg 1367w\" sizes=\"auto, (max-width: 1170px) 100vw, 1170px\" \/><\/p>\n<p><img loading=\"lazy\" decoding=\"async\" class=\"aligncenter size-large wp-image-31690\" src=\"https:\/\/1001voyagesgourmands.com\/wp-content\/uploads\/2025\/05\/Sienna-and-South-Tuscany-7-1170x1753.jpg\" alt=\"\" width=\"1170\" height=\"1753\" srcset=\"https:\/\/1001voyagesgourmands.com\/wp-content\/uploads\/2025\/05\/Sienna-and-South-Tuscany-7-1170x1753.jpg 1170w, https:\/\/1001voyagesgourmands.com\/wp-content\/uploads\/2025\/05\/Sienna-and-South-Tuscany-7-200x300.jpg 200w, https:\/\/1001voyagesgourmands.com\/wp-content\/uploads\/2025\/05\/Sienna-and-South-Tuscany-7-768x1151.jpg 768w, https:\/\/1001voyagesgourmands.com\/wp-content\/uploads\/2025\/05\/Sienna-and-South-Tuscany-7-1025x1536.jpg 1025w, https:\/\/1001voyagesgourmands.com\/wp-content\/uploads\/2025\/05\/Sienna-and-South-Tuscany-7-585x876.jpg 585w, https:\/\/1001voyagesgourmands.com\/wp-content\/uploads\/2025\/05\/Sienna-and-South-Tuscany-7.jpg 1367w\" sizes=\"auto, (max-width: 1170px) 100vw, 1170px\" \/><\/p>\n<p><img loading=\"lazy\" decoding=\"async\" class=\"aligncenter size-large wp-image-31692\" src=\"https:\/\/1001voyagesgourmands.com\/wp-content\/uploads\/2025\/05\/Sienna-and-South-Tuscany-8-1170x1753.jpg\" alt=\"\" width=\"1170\" height=\"1753\" srcset=\"https:\/\/1001voyagesgourmands.com\/wp-content\/uploads\/2025\/05\/Sienna-and-South-Tuscany-8-1170x1753.jpg 1170w, https:\/\/1001voyagesgourmands.com\/wp-content\/uploads\/2025\/05\/Sienna-and-South-Tuscany-8-200x300.jpg 200w, https:\/\/1001voyagesgourmands.com\/wp-content\/uploads\/2025\/05\/Sienna-and-South-Tuscany-8-768x1151.jpg 768w, https:\/\/1001voyagesgourmands.com\/wp-content\/uploads\/2025\/05\/Sienna-and-South-Tuscany-8-1025x1536.jpg 1025w, https:\/\/1001voyagesgourmands.com\/wp-content\/uploads\/2025\/05\/Sienna-and-South-Tuscany-8-585x876.jpg 585w, https:\/\/1001voyagesgourmands.com\/wp-content\/uploads\/2025\/05\/Sienna-and-South-Tuscany-8.jpg 1367w\" sizes=\"auto, (max-width: 1170px) 100vw, 1170px\" \/><\/p>\n<p><img loading=\"lazy\" decoding=\"async\" class=\"aligncenter size-full wp-image-32320\" src=\"https:\/\/1001voyagesgourmands.com\/wp-content\/uploads\/2025\/06\/Volterra-3-1.jpg\" alt=\"\" width=\"842\" height=\"595\" srcset=\"https:\/\/1001voyagesgourmands.com\/wp-content\/uploads\/2025\/06\/Volterra-3-1.jpg 842w, https:\/\/1001voyagesgourmands.com\/wp-content\/uploads\/2025\/06\/Volterra-3-1-300x212.jpg 300w, https:\/\/1001voyagesgourmands.com\/wp-content\/uploads\/2025\/06\/Volterra-3-1-768x543.jpg 768w, https:\/\/1001voyagesgourmands.com\/wp-content\/uploads\/2025\/06\/Volterra-3-1-585x413.jpg 585w\" sizes=\"auto, (max-width: 842px) 100vw, 842px\" \/><\/p>\n<p><img loading=\"lazy\" decoding=\"async\" class=\"aligncenter size-large wp-image-31694\" src=\"https:\/\/1001voyagesgourmands.com\/wp-content\/uploads\/2025\/05\/Sienna-and-South-Tuscany-9-1170x1753.jpg\" alt=\"\" width=\"1170\" height=\"1753\" srcset=\"https:\/\/1001voyagesgourmands.com\/wp-content\/uploads\/2025\/05\/Sienna-and-South-Tuscany-9-1170x1753.jpg 1170w, https:\/\/1001voyagesgourmands.com\/wp-content\/uploads\/2025\/05\/Sienna-and-South-Tuscany-9-200x300.jpg 200w, https:\/\/1001voyagesgourmands.com\/wp-content\/uploads\/2025\/05\/Sienna-and-South-Tuscany-9-768x1151.jpg 768w, https:\/\/1001voyagesgourmands.com\/wp-content\/uploads\/2025\/05\/Sienna-and-South-Tuscany-9-1025x1536.jpg 1025w, https:\/\/1001voyagesgourmands.com\/wp-content\/uploads\/2025\/05\/Sienna-and-South-Tuscany-9-585x876.jpg 585w, https:\/\/1001voyagesgourmands.com\/wp-content\/uploads\/2025\/05\/Sienna-and-South-Tuscany-9.jpg 1367w\" sizes=\"auto, (max-width: 1170px) 100vw, 1170px\" \/><\/p>\n<p><img loading=\"lazy\" decoding=\"async\" class=\"aligncenter size-large wp-image-31698\" src=\"https:\/\/1001voyagesgourmands.com\/wp-content\/uploads\/2025\/05\/Sienna-and-South-Tuscany-11-1170x781.jpg\" alt=\"\" width=\"1170\" height=\"781\" srcset=\"https:\/\/1001voyagesgourmands.com\/wp-content\/uploads\/2025\/05\/Sienna-and-South-Tuscany-11-1170x781.jpg 1170w, https:\/\/1001voyagesgourmands.com\/wp-content\/uploads\/2025\/05\/Sienna-and-South-Tuscany-11-300x200.jpg 300w, https:\/\/1001voyagesgourmands.com\/wp-content\/uploads\/2025\/05\/Sienna-and-South-Tuscany-11-768x513.jpg 768w, https:\/\/1001voyagesgourmands.com\/wp-content\/uploads\/2025\/05\/Sienna-and-South-Tuscany-11-1536x1025.jpg 1536w, https:\/\/1001voyagesgourmands.com\/wp-content\/uploads\/2025\/05\/Sienna-and-South-Tuscany-11-1920x1282.jpg 1920w, https:\/\/1001voyagesgourmands.com\/wp-content\/uploads\/2025\/05\/Sienna-and-South-Tuscany-11-585x390.jpg 585w, https:\/\/1001voyagesgourmands.com\/wp-content\/uploads\/2025\/05\/Sienna-and-South-Tuscany-11-263x175.jpg 263w, https:\/\/1001voyagesgourmands.com\/wp-content\/uploads\/2025\/05\/Sienna-and-South-Tuscany-11.jpg 2048w\" sizes=\"auto, (max-width: 1170px) 100vw, 1170px\" \/><\/p>\n<p>&nbsp;<\/p>\n<p>&nbsp;<\/p>\n<h4>Rychl\u00e1 zast\u00e1vka v San Gimignano<\/h4>\n<p style=\"text-align: justify;\">Mal\u00e9 st\u0159edov\u011bk\u00e9 m\u011bsto na kopci s ikonick\u00fdm panor\u00e1ma p\u011bti v\u011b\u017e\u00ed a rom\u00e1nskou a gotickou architekturou le\u017e\u00ed nedaleko Volterry a tak jsme sem najeli je\u0161t\u011b t\u00e9\u017e den. Tady se zrovna \u017e\u00e1dn\u00fd sv\u00e1tek nekonal, a tak jsme si dali sklenku v\u00edna na jednom poklidn\u00e9m n\u00e1m\u011bst\u00ed mimo ru\u0161nou z\u00f3nu a pot\u00e9 proch\u00e1zku na hlavn\u00ed n\u00e1m\u011bst\u00ed, kde jsme se i nave\u010de\u0159eli. Nicm\u00e9n\u011b na to, \u017ee se tu zrovna nic nekonalo, tu bylo ru\u0161n\u011bji ne\u017e ve slavnostn\u011b od\u011bn\u00e9 Volte\u0159e.&nbsp;<\/p>\n<p><img loading=\"lazy\" decoding=\"async\" class=\"aligncenter size-full wp-image-32372\" src=\"https:\/\/1001voyagesgourmands.com\/wp-content\/uploads\/2025\/06\/San-Gimignano-s.jpg\" alt=\"\" width=\"842\" height=\"595\" srcset=\"https:\/\/1001voyagesgourmands.com\/wp-content\/uploads\/2025\/06\/San-Gimignano-s.jpg 842w, https:\/\/1001voyagesgourmands.com\/wp-content\/uploads\/2025\/06\/San-Gimignano-s-300x212.jpg 300w, https:\/\/1001voyagesgourmands.com\/wp-content\/uploads\/2025\/06\/San-Gimignano-s-768x543.jpg 768w, https:\/\/1001voyagesgourmands.com\/wp-content\/uploads\/2025\/06\/San-Gimignano-s-585x413.jpg 585w\" sizes=\"auto, (max-width: 842px) 100vw, 842px\" \/><\/p>\n<p><img loading=\"lazy\" decoding=\"async\" class=\"aligncenter size-large wp-image-31702\" src=\"https:\/\/1001voyagesgourmands.com\/wp-content\/uploads\/2025\/05\/Sienna-and-South-Tuscany-13-1170x1753.jpg\" alt=\"This time, I will take you to all the beautiful places in Sienna and South Tuscany we had a chance to visit during the lat summer holidays.\" width=\"1170\" height=\"1753\" srcset=\"https:\/\/1001voyagesgourmands.com\/wp-content\/uploads\/2025\/05\/Sienna-and-South-Tuscany-13-1170x1753.jpg 1170w, https:\/\/1001voyagesgourmands.com\/wp-content\/uploads\/2025\/05\/Sienna-and-South-Tuscany-13-200x300.jpg 200w, https:\/\/1001voyagesgourmands.com\/wp-content\/uploads\/2025\/05\/Sienna-and-South-Tuscany-13-768x1151.jpg 768w, https:\/\/1001voyagesgourmands.com\/wp-content\/uploads\/2025\/05\/Sienna-and-South-Tuscany-13-1025x1536.jpg 1025w, https:\/\/1001voyagesgourmands.com\/wp-content\/uploads\/2025\/05\/Sienna-and-South-Tuscany-13-585x876.jpg 585w, https:\/\/1001voyagesgourmands.com\/wp-content\/uploads\/2025\/05\/Sienna-and-South-Tuscany-13.jpg 1367w\" sizes=\"auto, (max-width: 1170px) 100vw, 1170px\" \/><\/p>\n<p><img loading=\"lazy\" decoding=\"async\" class=\"aligncenter size-full wp-image-32303\" src=\"https:\/\/1001voyagesgourmands.com\/wp-content\/uploads\/2025\/06\/San-Gimiano-1.jpg\" alt=\"\" width=\"842\" height=\"595\" srcset=\"https:\/\/1001voyagesgourmands.com\/wp-content\/uploads\/2025\/06\/San-Gimiano-1.jpg 842w, https:\/\/1001voyagesgourmands.com\/wp-content\/uploads\/2025\/06\/San-Gimiano-1-300x212.jpg 300w, https:\/\/1001voyagesgourmands.com\/wp-content\/uploads\/2025\/06\/San-Gimiano-1-768x543.jpg 768w, https:\/\/1001voyagesgourmands.com\/wp-content\/uploads\/2025\/06\/San-Gimiano-1-585x413.jpg 585w\" sizes=\"auto, (max-width: 842px) 100vw, 842px\" \/><\/p>\n<p>&nbsp;<\/p>\n<p>&nbsp;<\/p>\n<h4>V\u00e1len\u00ed sud\u016f do kopce a chu\u0165 Montepulciana b\u011bhem Il Brav\u00eco delle Botti<\/h4>\n<p style=\"text-align: justify;\">Tak\u00e9 si p\u0159edstav\u00edte lahev \u010derven\u00e9ho v\u00edna kdy\u017e sly\u0161\u00edte Montepulciano? To proto, \u017ee odsud poch\u00e1z\u00ed <em>Vino Nobile di Montepulciano&nbsp;<\/em>zn\u00e1m\u00e9 p\u0159edev\u0161\u00edm d\u00edky siln\u00fdm t\u0159e\u0161\u0148ov\u00fdm a \u0161vestkov\u00fdm podt\u00f3n\u016fm m\u00edstn\u00ed odr\u016fdy Sangiovese. Ano pros\u00edm! Nicm\u00e9n\u011b Montepulciano je velice bohat\u00e9 nejen co se t\u00fdk\u00e1 v\u00edna, ale i historie a um\u011bn\u00ed, jeho z\u00e1klady sahaj\u00ed do dob Etrusk\u016f. Od dob st\u0159edov\u011bk\u00fdch si vyslou\u017eilo d\u016fle\u017eit\u00e9 m\u00edsto v regionu co se t\u00fdk\u00e1 kultury a architektury.&nbsp;<\/p>\n<p style=\"text-align: justify;\">Podobn\u011b jako v Sien\u011b a Volte\u0159e, i zde jsme se mohli pono\u0159it do d\u00e1vn\u00fdch dob d\u00edky m\u00edstn\u00edm slavnostem. Posledn\u00ed srpnovou ned\u011bli se tu toti\u017e kon\u00e1 <strong><a href=\"https:\/\/www.braviodellebotti.com\/en\/home\/\" target=\"_blank\" rel=\"noopener\">Il Brav\u00eco delle Botti di Montepulciano<\/a><\/strong>. Podobn\u011b jako siensk\u00e9 Palio, i zde jde o z\u00e1vod mezi \u010dtvrt\u011bmi m\u011bsta &#8211; jen se nejedn\u00e1 o ko\u0148sk\u00e9 z\u00e1vody, ale atleti zde sout\u011b\u017e\u00ed v b\u011bhu strm\u00fdmi ulicemi historick\u00e9ho centra ve skupink\u00e1ch po dvou a p\u0159ed sebou val\u00ed sudy v\u00e1\u017e\u00edc\u00ed 80 kg (to pr\u00fd nahradilo d\u0159\u00edv\u011bj\u0161\u00ed ko\u0148sk\u00e9 z\u00e1vody) a\u017e do c\u00edlov\u00e9 linie p\u0159ed katedr\u00e1lou na hlavn\u00edm n\u00e1m\u011bst\u00ed. P\u0159ed z\u00e1vodem tak\u00e9 t\u00edmto malebn\u00fdm star\u00fdm m\u011bstem proch\u00e1z\u00ed historick\u00e9 proces\u00ed.<\/p>\n<p style=\"text-align: justify;\">My jsme se p\u0159ijeli v brzk\u00e9m ve\u010deru a jeliko\u017e jsme m\u011bli hlad, n\u011bjak\u00fdm zp\u016fsobem jsme se ocitli na ulici u jednoho velk\u00e9ho stolu spolu s m\u00edstn\u00edmi. Vym\u011bnili jsme eura za n\u011bjak\u00e9 \u017eetony a najedli se z v\u00fdb\u011bru va\u0159en\u00fdch j\u00eddel. Atmosf\u00e9ra byla nej\u00fa\u017easn\u011bj\u0161\u00ed. Pak jsme si pro\u0161li zbytek m\u011bsta a\u017e nahoru na n\u00e1m\u011bst\u00ed, kam p\u0159ib\u00edhali posledn\u00ed sout\u011b\u017e\u00edc\u00ed se sudy. Cestou nahoru i dol\u016f bylo sem tam sly\u0161et val\u00edc\u00ed se sud s b\u011b\u017eci, no co v\u00e1m budu pov\u00eddat &#8211; origin\u00e1ln\u00ed a z\u00e1bavn\u00e1 pod\u00edvan\u00e1!<\/p>\n<p><img loading=\"lazy\" decoding=\"async\" class=\"aligncenter size-large wp-image-31957\" src=\"https:\/\/1001voyagesgourmands.com\/wp-content\/uploads\/2025\/05\/Sienna-and-South-Tuscany-120-1170x1560.jpg\" alt=\"\" width=\"1170\" height=\"1560\" srcset=\"https:\/\/1001voyagesgourmands.com\/wp-content\/uploads\/2025\/05\/Sienna-and-South-Tuscany-120-1170x1560.jpg 1170w, https:\/\/1001voyagesgourmands.com\/wp-content\/uploads\/2025\/05\/Sienna-and-South-Tuscany-120-225x300.jpg 225w, https:\/\/1001voyagesgourmands.com\/wp-content\/uploads\/2025\/05\/Sienna-and-South-Tuscany-120-768x1024.jpg 768w, https:\/\/1001voyagesgourmands.com\/wp-content\/uploads\/2025\/05\/Sienna-and-South-Tuscany-120-1152x1536.jpg 1152w, https:\/\/1001voyagesgourmands.com\/wp-content\/uploads\/2025\/05\/Sienna-and-South-Tuscany-120-585x780.jpg 585w, https:\/\/1001voyagesgourmands.com\/wp-content\/uploads\/2025\/05\/Sienna-and-South-Tuscany-120.jpg 1536w\" sizes=\"auto, (max-width: 1170px) 100vw, 1170px\" \/><\/p>\n<p><img loading=\"lazy\" decoding=\"async\" class=\"aligncenter size-large wp-image-31959\" src=\"https:\/\/1001voyagesgourmands.com\/wp-content\/uploads\/2025\/05\/Sienna-and-South-Tuscany-121-1170x878.jpg\" alt=\"\" width=\"1170\" height=\"878\" srcset=\"https:\/\/1001voyagesgourmands.com\/wp-content\/uploads\/2025\/05\/Sienna-and-South-Tuscany-121-1170x878.jpg 1170w, https:\/\/1001voyagesgourmands.com\/wp-content\/uploads\/2025\/05\/Sienna-and-South-Tuscany-121-300x225.jpg 300w, https:\/\/1001voyagesgourmands.com\/wp-content\/uploads\/2025\/05\/Sienna-and-South-Tuscany-121-768x576.jpg 768w, https:\/\/1001voyagesgourmands.com\/wp-content\/uploads\/2025\/05\/Sienna-and-South-Tuscany-121-1536x1152.jpg 1536w, https:\/\/1001voyagesgourmands.com\/wp-content\/uploads\/2025\/05\/Sienna-and-South-Tuscany-121-1920x1440.jpg 1920w, https:\/\/1001voyagesgourmands.com\/wp-content\/uploads\/2025\/05\/Sienna-and-South-Tuscany-121-585x439.jpg 585w, https:\/\/1001voyagesgourmands.com\/wp-content\/uploads\/2025\/05\/Sienna-and-South-Tuscany-121.jpg 2048w\" sizes=\"auto, (max-width: 1170px) 100vw, 1170px\" \/><\/p>\n<p><img loading=\"lazy\" decoding=\"async\" class=\"aligncenter size-large wp-image-31963\" src=\"https:\/\/1001voyagesgourmands.com\/wp-content\/uploads\/2025\/05\/Sienna-and-South-Tuscany-123-1170x781.jpg\" alt=\"This time, I will take you to all the beautiful places in Sienna and South Tuscany we had a chance to visit during the lat summer holidays.\" width=\"1170\" height=\"781\" srcset=\"https:\/\/1001voyagesgourmands.com\/wp-content\/uploads\/2025\/05\/Sienna-and-South-Tuscany-123-1170x781.jpg 1170w, https:\/\/1001voyagesgourmands.com\/wp-content\/uploads\/2025\/05\/Sienna-and-South-Tuscany-123-300x200.jpg 300w, https:\/\/1001voyagesgourmands.com\/wp-content\/uploads\/2025\/05\/Sienna-and-South-Tuscany-123-768x513.jpg 768w, https:\/\/1001voyagesgourmands.com\/wp-content\/uploads\/2025\/05\/Sienna-and-South-Tuscany-123-1536x1025.jpg 1536w, https:\/\/1001voyagesgourmands.com\/wp-content\/uploads\/2025\/05\/Sienna-and-South-Tuscany-123-1920x1282.jpg 1920w, https:\/\/1001voyagesgourmands.com\/wp-content\/uploads\/2025\/05\/Sienna-and-South-Tuscany-123-585x390.jpg 585w, https:\/\/1001voyagesgourmands.com\/wp-content\/uploads\/2025\/05\/Sienna-and-South-Tuscany-123-263x175.jpg 263w, https:\/\/1001voyagesgourmands.com\/wp-content\/uploads\/2025\/05\/Sienna-and-South-Tuscany-123.jpg 2048w\" sizes=\"auto, (max-width: 1170px) 100vw, 1170px\" \/><\/p>\n<p><img loading=\"lazy\" decoding=\"async\" class=\"aligncenter size-large wp-image-31965\" src=\"https:\/\/1001voyagesgourmands.com\/wp-content\/uploads\/2025\/05\/Sienna-and-South-Tuscany-124-1170x1753.jpg\" alt=\"This time, I will take you to all the beautiful places in Sienna and South Tuscany we had a chance to visit during the lat summer holidays.\" width=\"1170\" height=\"1753\" srcset=\"https:\/\/1001voyagesgourmands.com\/wp-content\/uploads\/2025\/05\/Sienna-and-South-Tuscany-124-1170x1753.jpg 1170w, https:\/\/1001voyagesgourmands.com\/wp-content\/uploads\/2025\/05\/Sienna-and-South-Tuscany-124-200x300.jpg 200w, https:\/\/1001voyagesgourmands.com\/wp-content\/uploads\/2025\/05\/Sienna-and-South-Tuscany-124-768x1151.jpg 768w, https:\/\/1001voyagesgourmands.com\/wp-content\/uploads\/2025\/05\/Sienna-and-South-Tuscany-124-1025x1536.jpg 1025w, https:\/\/1001voyagesgourmands.com\/wp-content\/uploads\/2025\/05\/Sienna-and-South-Tuscany-124-585x876.jpg 585w, https:\/\/1001voyagesgourmands.com\/wp-content\/uploads\/2025\/05\/Sienna-and-South-Tuscany-124.jpg 1367w\" sizes=\"auto, (max-width: 1170px) 100vw, 1170px\" \/><\/p>\n<p><img loading=\"lazy\" decoding=\"async\" class=\"aligncenter size-full wp-image-32311\" src=\"https:\/\/1001voyagesgourmands.com\/wp-content\/uploads\/2025\/06\/Montepulciano-2.jpg\" alt=\"August in South Tuscany is filled with festivities and here are some ideas if you'd like to add the local folklore to your Tuscany experience.\" width=\"842\" height=\"595\" srcset=\"https:\/\/1001voyagesgourmands.com\/wp-content\/uploads\/2025\/06\/Montepulciano-2.jpg 842w, https:\/\/1001voyagesgourmands.com\/wp-content\/uploads\/2025\/06\/Montepulciano-2-300x212.jpg 300w, https:\/\/1001voyagesgourmands.com\/wp-content\/uploads\/2025\/06\/Montepulciano-2-768x543.jpg 768w, https:\/\/1001voyagesgourmands.com\/wp-content\/uploads\/2025\/06\/Montepulciano-2-585x413.jpg 585w\" sizes=\"auto, (max-width: 842px) 100vw, 842px\" \/><\/p>\n<p><img loading=\"lazy\" decoding=\"async\" class=\"aligncenter size-large wp-image-31972\" src=\"https:\/\/1001voyagesgourmands.com\/wp-content\/uploads\/2025\/05\/Sienna-and-South-Tuscany-127-1170x1753.jpg\" alt=\"\" width=\"1170\" height=\"1753\" srcset=\"https:\/\/1001voyagesgourmands.com\/wp-content\/uploads\/2025\/05\/Sienna-and-South-Tuscany-127-1170x1753.jpg 1170w, https:\/\/1001voyagesgourmands.com\/wp-content\/uploads\/2025\/05\/Sienna-and-South-Tuscany-127-200x300.jpg 200w, https:\/\/1001voyagesgourmands.com\/wp-content\/uploads\/2025\/05\/Sienna-and-South-Tuscany-127-768x1151.jpg 768w, https:\/\/1001voyagesgourmands.com\/wp-content\/uploads\/2025\/05\/Sienna-and-South-Tuscany-127-1025x1536.jpg 1025w, https:\/\/1001voyagesgourmands.com\/wp-content\/uploads\/2025\/05\/Sienna-and-South-Tuscany-127-585x876.jpg 585w, https:\/\/1001voyagesgourmands.com\/wp-content\/uploads\/2025\/05\/Sienna-and-South-Tuscany-127.jpg 1367w\" sizes=\"auto, (max-width: 1170px) 100vw, 1170px\" \/><\/p>\n<p><img loading=\"lazy\" decoding=\"async\" class=\"aligncenter size-full wp-image-32309\" src=\"https:\/\/1001voyagesgourmands.com\/wp-content\/uploads\/2025\/06\/Montepulciano-1.jpg\" alt=\"\" width=\"842\" height=\"595\" srcset=\"https:\/\/1001voyagesgourmands.com\/wp-content\/uploads\/2025\/06\/Montepulciano-1.jpg 842w, https:\/\/1001voyagesgourmands.com\/wp-content\/uploads\/2025\/06\/Montepulciano-1-300x212.jpg 300w, https:\/\/1001voyagesgourmands.com\/wp-content\/uploads\/2025\/06\/Montepulciano-1-768x543.jpg 768w, https:\/\/1001voyagesgourmands.com\/wp-content\/uploads\/2025\/06\/Montepulciano-1-585x413.jpg 585w\" sizes=\"auto, (max-width: 842px) 100vw, 842px\" \/><\/p>\n<p>&nbsp;<\/p>\n<p>&nbsp;<\/p>\n<h4>Renesan\u010dn\u00ed o\u017eiven\u00ed Pitigliana b\u011bhem Festa della Contea<\/h4>\n<p style=\"text-align: justify;\">Tohle m\u011bste\u010dko bylo pro n\u00e1s samo o sob\u011b takov\u00e1 t\u0159e\u0161ni\u010dka na dortu &#8211; jedno z nejkr\u00e1sn\u011bj\u0161\u00edch, kter\u00e9 jsme v cel\u00e9m Tosk\u00e1nsku vid\u011bli. St\u0159edov\u011bk\u00e9 m\u011bsto postaven\u00e9 na sam\u00e9m vrcholu sope\u010dn\u00e9 horniny p\u016fsob\u00ed ji\u017e z d\u00e1lky t\u00e9m\u011b\u0159 neskute\u010dn\u011b. \u00dazk\u00e9 uli\u010dky s domy star\u00fdmi tak, \u017ee by mohly vypr\u00e1v\u011bt tis\u00edc p\u0159\u00edb\u011bh\u016f. V\u00fdhledy do okoln\u00ed vlnit\u00e9 krajiny s cyp\u0159i\u0161i, mal\u00e9 obch\u016fdky s unik\u00e1tn\u00edmi \u0159emesln\u00fdmi v\u00fdrobky a kr\u00e1sn\u00fdmi v\u011bcmi, restaurace s lok\u00e1ln\u00ed tosk\u00e1nskou kuchyn\u00ed, a v\u0161ichni ti lid\u00e9 \u017eij\u00edc\u00ed v obci, kde to vypad\u00e1, \u017ee se tak trochu zastavil \u010das&#8230; ach, co v\u00e1m budu vypr\u00e1v\u011bt, byli jsme tu hned dvakr\u00e1t. \ud83d\ude00&nbsp;<\/p>\n<p style=\"text-align: justify;\">Kdy\u017e jsme sem poprv\u00e9 p\u0159ijeli, vypadalo to, \u017ee jsme se probudili v \u010dasech Renesance. Jak jsme se p\u0159ibli\u017eovali k br\u00e1n\u011b do star\u00e9ho m\u011bsta, \u0161el n\u00e1m naproti pr\u016fvod s elegantn\u011b oble\u010den\u00fdmi p\u00e1ny a d\u00e1mami. N\u00e1sledovali je muzikanti, \u017eongle\u0159i, \u0161a\u0161ci a tane\u010dn\u00edci. Ti se pak v\u0161ichni zastavili v kruhu a b\u0159i\u0161n\u00ed tane\u010dnice za\u010dala tan\u010dit, pot\u00e9 kejkl\u00ed\u0159i p\u0159edv\u00e1d\u011bli r\u016fzn\u00e9 kousky, a do toho hr\u00e1la \u017eiv\u00e1 hudba. Kdy\u017e jsme pot\u00e9 pro\u0161li br\u00e1nou dovnit\u0159, proces\u00ed se rozestoupilo na hlavn\u00edm n\u00e1m\u011bst\u00ed p\u0159ed pal\u00e1cem a d\u00e1my s p\u00e1ny za\u010dali tan\u010dit. Lid\u00e9 op\u011bt tleskali. Ale bylo jich tu podstatn\u011b m\u00e9n\u011b ne\u017e ve Volte\u0159e \u010di Sien\u011b. Od jednoho z obchodn\u00edk\u016f na trhu jsme se dozv\u011bd\u011bli, \u017ee se tam pr\u00e1v\u011b konala <strong>Festa della Contea<\/strong> &#8211; slavnost opakuj\u00edc\u00ed se v Pitiglianu ka\u017edou druhou p\u016flku srpna po dobu t\u0159\u00ed dn\u016f. Sou\u010d\u00e1st\u00ed je proces\u00ed a folklorn\u00ed vystoupen\u00ed s \u017eivou hudbou jemu\u017e jsme byli sv\u011bdky, trhy s dobovou kulturn\u00ed a um\u011bleckou tematikou, banket s ochutn\u00e1vkami v\u00edna a m\u00edstn\u00edch specialit, a turnaj Palio Dei Rioni kdy proti sob\u011b sout\u011b\u017e\u00ed op\u011bt jednotliv\u00e9 \u010d\u00e1sti m\u011bsta.<\/p>\n<p style=\"text-align: justify;\">Nave\u010de\u0159eli jsme se v<strong> <a href=\"https:\/\/www.iltufoallegro.it\" target=\"_blank\" rel=\"noopener\">Il Tufo Allegro<\/a><\/strong> coz nebula \u0161patn\u00e9, ale trochu p\u0159edra\u017een\u00e9 vzhledem k tomu co bylo na tal\u00ed\u0159i. Ale cht\u011bli jsme j\u00edst venku a to moc v\u00fdb\u011br nebyl, nicm\u00e9n\u011b jejich interi\u00e9r mi p\u0159i\u0161el tak\u00e9 l\u00e1kav\u00fd &#8211; zvl\u00e1\u0161\u0165 ta \u010d\u00e1st, kter\u00e1 vypadala jako vinn\u00fd skl\u00edpek. Kdy\u017e jsme tu byli podruh\u00e9, sedli jsme si na j\u00eddlo do prvn\u00ed restaurace, kde m\u011bli m\u00e9 obl\u00edben\u00e9 ravioli s m\u00e1slovo-\u0161alv\u011bjovou om\u00e1\u010dkou &#8211; <strong><a href=\"https:\/\/angiolinas.wordpress.com\" target=\"_blank\" rel=\"noopener\">Angiolina<\/a><\/strong> se jmenovala, a to bylo p\u0159\u00edjemn\u00e9.&nbsp;<\/p>\n<p><img loading=\"lazy\" decoding=\"async\" class=\"aligncenter size-large wp-image-32053\" src=\"https:\/\/1001voyagesgourmands.com\/wp-content\/uploads\/2025\/06\/Sienna-and-South-Tuscany-153-1170x781.jpg\" alt=\"This time, I will take you to all the beautiful places in Sienna and South Tuscany we had a chance to visit during the lat summer holidays.\" width=\"1170\" height=\"781\" srcset=\"https:\/\/1001voyagesgourmands.com\/wp-content\/uploads\/2025\/06\/Sienna-and-South-Tuscany-153-1170x781.jpg 1170w, https:\/\/1001voyagesgourmands.com\/wp-content\/uploads\/2025\/06\/Sienna-and-South-Tuscany-153-300x200.jpg 300w, https:\/\/1001voyagesgourmands.com\/wp-content\/uploads\/2025\/06\/Sienna-and-South-Tuscany-153-768x513.jpg 768w, https:\/\/1001voyagesgourmands.com\/wp-content\/uploads\/2025\/06\/Sienna-and-South-Tuscany-153-1536x1025.jpg 1536w, https:\/\/1001voyagesgourmands.com\/wp-content\/uploads\/2025\/06\/Sienna-and-South-Tuscany-153-1920x1282.jpg 1920w, https:\/\/1001voyagesgourmands.com\/wp-content\/uploads\/2025\/06\/Sienna-and-South-Tuscany-153-585x390.jpg 585w, https:\/\/1001voyagesgourmands.com\/wp-content\/uploads\/2025\/06\/Sienna-and-South-Tuscany-153-263x175.jpg 263w, https:\/\/1001voyagesgourmands.com\/wp-content\/uploads\/2025\/06\/Sienna-and-South-Tuscany-153.jpg 2048w\" sizes=\"auto, (max-width: 1170px) 100vw, 1170px\" \/><\/p>\n<p><img loading=\"lazy\" decoding=\"async\" class=\"aligncenter size-full wp-image-32322\" src=\"https:\/\/1001voyagesgourmands.com\/wp-content\/uploads\/2025\/06\/Pitigliano-1.jpg\" alt=\"August in South Tuscany is filled with festivities and here are some ideas if you'd like to add the local folklore to your Tuscany experience.\" width=\"842\" height=\"595\" srcset=\"https:\/\/1001voyagesgourmands.com\/wp-content\/uploads\/2025\/06\/Pitigliano-1.jpg 842w, https:\/\/1001voyagesgourmands.com\/wp-content\/uploads\/2025\/06\/Pitigliano-1-300x212.jpg 300w, https:\/\/1001voyagesgourmands.com\/wp-content\/uploads\/2025\/06\/Pitigliano-1-768x543.jpg 768w, https:\/\/1001voyagesgourmands.com\/wp-content\/uploads\/2025\/06\/Pitigliano-1-585x413.jpg 585w\" sizes=\"auto, (max-width: 842px) 100vw, 842px\" \/><\/p>\n<p><img loading=\"lazy\" decoding=\"async\" class=\"aligncenter size-large wp-image-32059\" src=\"https:\/\/1001voyagesgourmands.com\/wp-content\/uploads\/2025\/06\/Sienna-and-South-Tuscany-156-1170x1753.jpg\" alt=\"This time, I will take you to all the beautiful places in Sienna and South Tuscany we had a chance to visit during the lat summer holidays.\" width=\"1170\" height=\"1753\" srcset=\"https:\/\/1001voyagesgourmands.com\/wp-content\/uploads\/2025\/06\/Sienna-and-South-Tuscany-156-1170x1753.jpg 1170w, https:\/\/1001voyagesgourmands.com\/wp-content\/uploads\/2025\/06\/Sienna-and-South-Tuscany-156-200x300.jpg 200w, https:\/\/1001voyagesgourmands.com\/wp-content\/uploads\/2025\/06\/Sienna-and-South-Tuscany-156-768x1151.jpg 768w, https:\/\/1001voyagesgourmands.com\/wp-content\/uploads\/2025\/06\/Sienna-and-South-Tuscany-156-1025x1536.jpg 1025w, https:\/\/1001voyagesgourmands.com\/wp-content\/uploads\/2025\/06\/Sienna-and-South-Tuscany-156-585x876.jpg 585w, https:\/\/1001voyagesgourmands.com\/wp-content\/uploads\/2025\/06\/Sienna-and-South-Tuscany-156.jpg 1367w\" sizes=\"auto, (max-width: 1170px) 100vw, 1170px\" \/><\/p>\n<p><img loading=\"lazy\" decoding=\"async\" class=\"aligncenter size-large wp-image-32061\" src=\"https:\/\/1001voyagesgourmands.com\/wp-content\/uploads\/2025\/06\/Sienna-and-South-Tuscany-157-1170x1753.jpg\" alt=\"This time, I will take you to all the beautiful places in Sienna and South Tuscany we had a chance to visit during the lat summer holidays.\" width=\"1170\" height=\"1753\" srcset=\"https:\/\/1001voyagesgourmands.com\/wp-content\/uploads\/2025\/06\/Sienna-and-South-Tuscany-157-1170x1753.jpg 1170w, https:\/\/1001voyagesgourmands.com\/wp-content\/uploads\/2025\/06\/Sienna-and-South-Tuscany-157-200x300.jpg 200w, https:\/\/1001voyagesgourmands.com\/wp-content\/uploads\/2025\/06\/Sienna-and-South-Tuscany-157-768x1151.jpg 768w, https:\/\/1001voyagesgourmands.com\/wp-content\/uploads\/2025\/06\/Sienna-and-South-Tuscany-157-1025x1536.jpg 1025w, https:\/\/1001voyagesgourmands.com\/wp-content\/uploads\/2025\/06\/Sienna-and-South-Tuscany-157-585x876.jpg 585w, https:\/\/1001voyagesgourmands.com\/wp-content\/uploads\/2025\/06\/Sienna-and-South-Tuscany-157.jpg 1367w\" sizes=\"auto, (max-width: 1170px) 100vw, 1170px\" \/><\/p>\n<p><img loading=\"lazy\" decoding=\"async\" class=\"aligncenter size-large wp-image-32063\" src=\"https:\/\/1001voyagesgourmands.com\/wp-content\/uploads\/2025\/06\/Sienna-and-South-Tuscany-158-1170x1753.jpg\" alt=\"\" width=\"1170\" height=\"1753\" srcset=\"https:\/\/1001voyagesgourmands.com\/wp-content\/uploads\/2025\/06\/Sienna-and-South-Tuscany-158-1170x1753.jpg 1170w, https:\/\/1001voyagesgourmands.com\/wp-content\/uploads\/2025\/06\/Sienna-and-South-Tuscany-158-200x300.jpg 200w, https:\/\/1001voyagesgourmands.com\/wp-content\/uploads\/2025\/06\/Sienna-and-South-Tuscany-158-768x1151.jpg 768w, https:\/\/1001voyagesgourmands.com\/wp-content\/uploads\/2025\/06\/Sienna-and-South-Tuscany-158-1025x1536.jpg 1025w, https:\/\/1001voyagesgourmands.com\/wp-content\/uploads\/2025\/06\/Sienna-and-South-Tuscany-158-585x876.jpg 585w, https:\/\/1001voyagesgourmands.com\/wp-content\/uploads\/2025\/06\/Sienna-and-South-Tuscany-158.jpg 1367w\" sizes=\"auto, (max-width: 1170px) 100vw, 1170px\" \/><\/p>\n<p><img loading=\"lazy\" decoding=\"async\" class=\"aligncenter size-large wp-image-32066\" src=\"https:\/\/1001voyagesgourmands.com\/wp-content\/uploads\/2025\/06\/Sienna-and-South-Tuscany-159-1170x1753.jpg\" alt=\"This time, I will take you to all the beautiful places in Sienna and South Tuscany we had a chance to visit during the lat summer holidays.\" width=\"1170\" height=\"1753\" srcset=\"https:\/\/1001voyagesgourmands.com\/wp-content\/uploads\/2025\/06\/Sienna-and-South-Tuscany-159-1170x1753.jpg 1170w, https:\/\/1001voyagesgourmands.com\/wp-content\/uploads\/2025\/06\/Sienna-and-South-Tuscany-159-200x300.jpg 200w, https:\/\/1001voyagesgourmands.com\/wp-content\/uploads\/2025\/06\/Sienna-and-South-Tuscany-159-768x1151.jpg 768w, https:\/\/1001voyagesgourmands.com\/wp-content\/uploads\/2025\/06\/Sienna-and-South-Tuscany-159-1025x1536.jpg 1025w, https:\/\/1001voyagesgourmands.com\/wp-content\/uploads\/2025\/06\/Sienna-and-South-Tuscany-159-585x876.jpg 585w, https:\/\/1001voyagesgourmands.com\/wp-content\/uploads\/2025\/06\/Sienna-and-South-Tuscany-159.jpg 1367w\" sizes=\"auto, (max-width: 1170px) 100vw, 1170px\" \/><\/p>\n<p><img loading=\"lazy\" decoding=\"async\" class=\"aligncenter size-large wp-image-32068\" src=\"https:\/\/1001voyagesgourmands.com\/wp-content\/uploads\/2025\/06\/Sienna-and-South-Tuscany-160-1170x1753.jpg\" alt=\"\" width=\"1170\" height=\"1753\" srcset=\"https:\/\/1001voyagesgourmands.com\/wp-content\/uploads\/2025\/06\/Sienna-and-South-Tuscany-160-1170x1753.jpg 1170w, https:\/\/1001voyagesgourmands.com\/wp-content\/uploads\/2025\/06\/Sienna-and-South-Tuscany-160-200x300.jpg 200w, https:\/\/1001voyagesgourmands.com\/wp-content\/uploads\/2025\/06\/Sienna-and-South-Tuscany-160-768x1151.jpg 768w, https:\/\/1001voyagesgourmands.com\/wp-content\/uploads\/2025\/06\/Sienna-and-South-Tuscany-160-1025x1536.jpg 1025w, https:\/\/1001voyagesgourmands.com\/wp-content\/uploads\/2025\/06\/Sienna-and-South-Tuscany-160-585x876.jpg 585w, https:\/\/1001voyagesgourmands.com\/wp-content\/uploads\/2025\/06\/Sienna-and-South-Tuscany-160.jpg 1367w\" sizes=\"auto, (max-width: 1170px) 100vw, 1170px\" \/><\/p>\n<p><img loading=\"lazy\" decoding=\"async\" class=\"aligncenter size-full wp-image-32332\" src=\"https:\/\/1001voyagesgourmands.com\/wp-content\/uploads\/2025\/06\/Pitigliano-7.jpg\" alt=\"\" width=\"842\" height=\"595\" srcset=\"https:\/\/1001voyagesgourmands.com\/wp-content\/uploads\/2025\/06\/Pitigliano-7.jpg 842w, https:\/\/1001voyagesgourmands.com\/wp-content\/uploads\/2025\/06\/Pitigliano-7-300x212.jpg 300w, https:\/\/1001voyagesgourmands.com\/wp-content\/uploads\/2025\/06\/Pitigliano-7-768x543.jpg 768w, https:\/\/1001voyagesgourmands.com\/wp-content\/uploads\/2025\/06\/Pitigliano-7-585x413.jpg 585w\" sizes=\"auto, (max-width: 842px) 100vw, 842px\" \/><\/p>\n<p><img loading=\"lazy\" decoding=\"async\" class=\"aligncenter size-large wp-image-32076\" src=\"https:\/\/1001voyagesgourmands.com\/wp-content\/uploads\/2025\/06\/Sienna-and-South-Tuscany-164-1170x781.jpg\" alt=\"\" width=\"1170\" height=\"781\" srcset=\"https:\/\/1001voyagesgourmands.com\/wp-content\/uploads\/2025\/06\/Sienna-and-South-Tuscany-164-1170x781.jpg 1170w, https:\/\/1001voyagesgourmands.com\/wp-content\/uploads\/2025\/06\/Sienna-and-South-Tuscany-164-300x200.jpg 300w, https:\/\/1001voyagesgourmands.com\/wp-content\/uploads\/2025\/06\/Sienna-and-South-Tuscany-164-768x513.jpg 768w, https:\/\/1001voyagesgourmands.com\/wp-content\/uploads\/2025\/06\/Sienna-and-South-Tuscany-164-1536x1025.jpg 1536w, https:\/\/1001voyagesgourmands.com\/wp-content\/uploads\/2025\/06\/Sienna-and-South-Tuscany-164-1920x1282.jpg 1920w, https:\/\/1001voyagesgourmands.com\/wp-content\/uploads\/2025\/06\/Sienna-and-South-Tuscany-164-585x390.jpg 585w, https:\/\/1001voyagesgourmands.com\/wp-content\/uploads\/2025\/06\/Sienna-and-South-Tuscany-164-263x175.jpg 263w, https:\/\/1001voyagesgourmands.com\/wp-content\/uploads\/2025\/06\/Sienna-and-South-Tuscany-164.jpg 2048w\" sizes=\"auto, (max-width: 1170px) 100vw, 1170px\" \/><\/p>\n<p><img loading=\"lazy\" decoding=\"async\" class=\"aligncenter size-large wp-image-32078\" src=\"https:\/\/1001voyagesgourmands.com\/wp-content\/uploads\/2025\/06\/Sienna-and-South-Tuscany-165-1170x781.jpg\" alt=\"\" width=\"1170\" height=\"781\" srcset=\"https:\/\/1001voyagesgourmands.com\/wp-content\/uploads\/2025\/06\/Sienna-and-South-Tuscany-165-1170x781.jpg 1170w, https:\/\/1001voyagesgourmands.com\/wp-content\/uploads\/2025\/06\/Sienna-and-South-Tuscany-165-300x200.jpg 300w, https:\/\/1001voyagesgourmands.com\/wp-content\/uploads\/2025\/06\/Sienna-and-South-Tuscany-165-768x513.jpg 768w, https:\/\/1001voyagesgourmands.com\/wp-content\/uploads\/2025\/06\/Sienna-and-South-Tuscany-165-1536x1025.jpg 1536w, https:\/\/1001voyagesgourmands.com\/wp-content\/uploads\/2025\/06\/Sienna-and-South-Tuscany-165-1920x1282.jpg 1920w, https:\/\/1001voyagesgourmands.com\/wp-content\/uploads\/2025\/06\/Sienna-and-South-Tuscany-165-585x390.jpg 585w, https:\/\/1001voyagesgourmands.com\/wp-content\/uploads\/2025\/06\/Sienna-and-South-Tuscany-165-263x175.jpg 263w, https:\/\/1001voyagesgourmands.com\/wp-content\/uploads\/2025\/06\/Sienna-and-South-Tuscany-165.jpg 2048w\" sizes=\"auto, (max-width: 1170px) 100vw, 1170px\" \/><\/p>\n<p><img loading=\"lazy\" decoding=\"async\" class=\"aligncenter size-full wp-image-32348\" src=\"https:\/\/1001voyagesgourmands.com\/wp-content\/uploads\/2025\/06\/Pitigliano-12.jpg\" alt=\"\" width=\"842\" height=\"595\" srcset=\"https:\/\/1001voyagesgourmands.com\/wp-content\/uploads\/2025\/06\/Pitigliano-12.jpg 842w, https:\/\/1001voyagesgourmands.com\/wp-content\/uploads\/2025\/06\/Pitigliano-12-300x212.jpg 300w, https:\/\/1001voyagesgourmands.com\/wp-content\/uploads\/2025\/06\/Pitigliano-12-768x543.jpg 768w, https:\/\/1001voyagesgourmands.com\/wp-content\/uploads\/2025\/06\/Pitigliano-12-585x413.jpg 585w\" sizes=\"auto, (max-width: 842px) 100vw, 842px\" \/><\/p>\n<p><img loading=\"lazy\" decoding=\"async\" class=\"aligncenter size-large wp-image-32094\" src=\"https:\/\/1001voyagesgourmands.com\/wp-content\/uploads\/2025\/06\/Sienna-and-South-Tuscany-173-1170x1753.jpg\" alt=\"This time, I will take you to all the beautiful places in Sienna and South Tuscany we had a chance to visit during the lat summer holidays.\" width=\"1170\" height=\"1753\" srcset=\"https:\/\/1001voyagesgourmands.com\/wp-content\/uploads\/2025\/06\/Sienna-and-South-Tuscany-173-1170x1753.jpg 1170w, https:\/\/1001voyagesgourmands.com\/wp-content\/uploads\/2025\/06\/Sienna-and-South-Tuscany-173-200x300.jpg 200w, https:\/\/1001voyagesgourmands.com\/wp-content\/uploads\/2025\/06\/Sienna-and-South-Tuscany-173-768x1151.jpg 768w, https:\/\/1001voyagesgourmands.com\/wp-content\/uploads\/2025\/06\/Sienna-and-South-Tuscany-173-1025x1536.jpg 1025w, https:\/\/1001voyagesgourmands.com\/wp-content\/uploads\/2025\/06\/Sienna-and-South-Tuscany-173-585x876.jpg 585w, https:\/\/1001voyagesgourmands.com\/wp-content\/uploads\/2025\/06\/Sienna-and-South-Tuscany-173.jpg 1367w\" sizes=\"auto, (max-width: 1170px) 100vw, 1170px\" \/><\/p>\n<p><img loading=\"lazy\" decoding=\"async\" class=\"aligncenter size-large wp-image-32086\" src=\"https:\/\/1001voyagesgourmands.com\/wp-content\/uploads\/2025\/06\/Sienna-and-South-Tuscany-169-1170x1753.jpg\" alt=\"\" width=\"1170\" height=\"1753\" srcset=\"https:\/\/1001voyagesgourmands.com\/wp-content\/uploads\/2025\/06\/Sienna-and-South-Tuscany-169-1170x1753.jpg 1170w, https:\/\/1001voyagesgourmands.com\/wp-content\/uploads\/2025\/06\/Sienna-and-South-Tuscany-169-200x300.jpg 200w, https:\/\/1001voyagesgourmands.com\/wp-content\/uploads\/2025\/06\/Sienna-and-South-Tuscany-169-768x1151.jpg 768w, https:\/\/1001voyagesgourmands.com\/wp-content\/uploads\/2025\/06\/Sienna-and-South-Tuscany-169-1025x1536.jpg 1025w, https:\/\/1001voyagesgourmands.com\/wp-content\/uploads\/2025\/06\/Sienna-and-South-Tuscany-169-585x876.jpg 585w, https:\/\/1001voyagesgourmands.com\/wp-content\/uploads\/2025\/06\/Sienna-and-South-Tuscany-169.jpg 1367w\" sizes=\"auto, (max-width: 1170px) 100vw, 1170px\" \/><\/p>\n<p><img loading=\"lazy\" decoding=\"async\" class=\"aligncenter size-full wp-image-32328\" src=\"https:\/\/1001voyagesgourmands.com\/wp-content\/uploads\/2025\/06\/Pitigliano-4.jpg\" alt=\"August in South Tuscany is filled with festivities and here are some ideas if you'd like to add the local folklore to your Tuscany experience.\" width=\"842\" height=\"595\" srcset=\"https:\/\/1001voyagesgourmands.com\/wp-content\/uploads\/2025\/06\/Pitigliano-4.jpg 842w, https:\/\/1001voyagesgourmands.com\/wp-content\/uploads\/2025\/06\/Pitigliano-4-300x212.jpg 300w, https:\/\/1001voyagesgourmands.com\/wp-content\/uploads\/2025\/06\/Pitigliano-4-768x543.jpg 768w, https:\/\/1001voyagesgourmands.com\/wp-content\/uploads\/2025\/06\/Pitigliano-4-585x413.jpg 585w\" sizes=\"auto, (max-width: 842px) 100vw, 842px\" \/><\/p>\n<p><img loading=\"lazy\" decoding=\"async\" class=\"aligncenter size-large wp-image-32090\" src=\"https:\/\/1001voyagesgourmands.com\/wp-content\/uploads\/2025\/06\/Sienna-and-South-Tuscany-171-1170x1753.jpg\" alt=\"This time, I will take you to all the beautiful places in Sienna and South Tuscany we had a chance to visit during the lat summer holidays.\" width=\"1170\" height=\"1753\" srcset=\"https:\/\/1001voyagesgourmands.com\/wp-content\/uploads\/2025\/06\/Sienna-and-South-Tuscany-171-1170x1753.jpg 1170w, https:\/\/1001voyagesgourmands.com\/wp-content\/uploads\/2025\/06\/Sienna-and-South-Tuscany-171-200x300.jpg 200w, https:\/\/1001voyagesgourmands.com\/wp-content\/uploads\/2025\/06\/Sienna-and-South-Tuscany-171-768x1151.jpg 768w, https:\/\/1001voyagesgourmands.com\/wp-content\/uploads\/2025\/06\/Sienna-and-South-Tuscany-171-1025x1536.jpg 1025w, https:\/\/1001voyagesgourmands.com\/wp-content\/uploads\/2025\/06\/Sienna-and-South-Tuscany-171-585x876.jpg 585w, https:\/\/1001voyagesgourmands.com\/wp-content\/uploads\/2025\/06\/Sienna-and-South-Tuscany-171.jpg 1367w\" sizes=\"auto, (max-width: 1170px) 100vw, 1170px\" \/><\/p>\n<p><img loading=\"lazy\" decoding=\"async\" class=\"aligncenter size-large wp-image-32096\" src=\"https:\/\/1001voyagesgourmands.com\/wp-content\/uploads\/2025\/06\/Sienna-and-South-Tuscany-174-1170x1753.jpg\" alt=\"This time, I will take you to all the beautiful places in Sienna and South Tuscany we had a chance to visit during the lat summer holidays.\" width=\"1170\" height=\"1753\" srcset=\"https:\/\/1001voyagesgourmands.com\/wp-content\/uploads\/2025\/06\/Sienna-and-South-Tuscany-174-1170x1753.jpg 1170w, https:\/\/1001voyagesgourmands.com\/wp-content\/uploads\/2025\/06\/Sienna-and-South-Tuscany-174-200x300.jpg 200w, https:\/\/1001voyagesgourmands.com\/wp-content\/uploads\/2025\/06\/Sienna-and-South-Tuscany-174-768x1151.jpg 768w, https:\/\/1001voyagesgourmands.com\/wp-content\/uploads\/2025\/06\/Sienna-and-South-Tuscany-174-1025x1536.jpg 1025w, https:\/\/1001voyagesgourmands.com\/wp-content\/uploads\/2025\/06\/Sienna-and-South-Tuscany-174-585x876.jpg 585w, https:\/\/1001voyagesgourmands.com\/wp-content\/uploads\/2025\/06\/Sienna-and-South-Tuscany-174.jpg 1367w\" sizes=\"auto, (max-width: 1170px) 100vw, 1170px\" \/><\/p>\n<p><img loading=\"lazy\" decoding=\"async\" class=\"aligncenter size-full wp-image-32330\" src=\"https:\/\/1001voyagesgourmands.com\/wp-content\/uploads\/2025\/06\/Pitigliano-5.jpg\" alt=\"\" width=\"842\" height=\"595\" srcset=\"https:\/\/1001voyagesgourmands.com\/wp-content\/uploads\/2025\/06\/Pitigliano-5.jpg 842w, https:\/\/1001voyagesgourmands.com\/wp-content\/uploads\/2025\/06\/Pitigliano-5-300x212.jpg 300w, https:\/\/1001voyagesgourmands.com\/wp-content\/uploads\/2025\/06\/Pitigliano-5-768x543.jpg 768w, https:\/\/1001voyagesgourmands.com\/wp-content\/uploads\/2025\/06\/Pitigliano-5-585x413.jpg 585w\" sizes=\"auto, (max-width: 842px) 100vw, 842px\" \/><\/p>\n<p><img loading=\"lazy\" decoding=\"async\" class=\"aligncenter size-large wp-image-32104\" src=\"https:\/\/1001voyagesgourmands.com\/wp-content\/uploads\/2025\/06\/Sienna-and-South-Tuscany-178-1170x1753.jpg\" alt=\"This time, I will take you to all the beautiful places in Sienna and South Tuscany we had a chance to visit during the lat summer holidays.\" width=\"1170\" height=\"1753\" srcset=\"https:\/\/1001voyagesgourmands.com\/wp-content\/uploads\/2025\/06\/Sienna-and-South-Tuscany-178-1170x1753.jpg 1170w, https:\/\/1001voyagesgourmands.com\/wp-content\/uploads\/2025\/06\/Sienna-and-South-Tuscany-178-200x300.jpg 200w, https:\/\/1001voyagesgourmands.com\/wp-content\/uploads\/2025\/06\/Sienna-and-South-Tuscany-178-768x1151.jpg 768w, https:\/\/1001voyagesgourmands.com\/wp-content\/uploads\/2025\/06\/Sienna-and-South-Tuscany-178-1025x1536.jpg 1025w, https:\/\/1001voyagesgourmands.com\/wp-content\/uploads\/2025\/06\/Sienna-and-South-Tuscany-178-585x876.jpg 585w, https:\/\/1001voyagesgourmands.com\/wp-content\/uploads\/2025\/06\/Sienna-and-South-Tuscany-178.jpg 1367w\" sizes=\"auto, (max-width: 1170px) 100vw, 1170px\" \/><\/p>\n<p><img loading=\"lazy\" decoding=\"async\" class=\"aligncenter size-large wp-image-32106\" src=\"https:\/\/1001voyagesgourmands.com\/wp-content\/uploads\/2025\/06\/Sienna-and-South-Tuscany-179-1170x1753.jpg\" alt=\"\" width=\"1170\" height=\"1753\" srcset=\"https:\/\/1001voyagesgourmands.com\/wp-content\/uploads\/2025\/06\/Sienna-and-South-Tuscany-179-1170x1753.jpg 1170w, https:\/\/1001voyagesgourmands.com\/wp-content\/uploads\/2025\/06\/Sienna-and-South-Tuscany-179-200x300.jpg 200w, https:\/\/1001voyagesgourmands.com\/wp-content\/uploads\/2025\/06\/Sienna-and-South-Tuscany-179-768x1151.jpg 768w, https:\/\/1001voyagesgourmands.com\/wp-content\/uploads\/2025\/06\/Sienna-and-South-Tuscany-179-1025x1536.jpg 1025w, https:\/\/1001voyagesgourmands.com\/wp-content\/uploads\/2025\/06\/Sienna-and-South-Tuscany-179-585x876.jpg 585w, https:\/\/1001voyagesgourmands.com\/wp-content\/uploads\/2025\/06\/Sienna-and-South-Tuscany-179.jpg 1367w\" sizes=\"auto, (max-width: 1170px) 100vw, 1170px\" \/><\/p>\n<p><img loading=\"lazy\" decoding=\"async\" class=\"aligncenter size-full wp-image-32344\" src=\"https:\/\/1001voyagesgourmands.com\/wp-content\/uploads\/2025\/06\/Pitigliano-13.jpg\" alt=\"\" width=\"842\" height=\"595\" srcset=\"https:\/\/1001voyagesgourmands.com\/wp-content\/uploads\/2025\/06\/Pitigliano-13.jpg 842w, https:\/\/1001voyagesgourmands.com\/wp-content\/uploads\/2025\/06\/Pitigliano-13-300x212.jpg 300w, https:\/\/1001voyagesgourmands.com\/wp-content\/uploads\/2025\/06\/Pitigliano-13-768x543.jpg 768w, https:\/\/1001voyagesgourmands.com\/wp-content\/uploads\/2025\/06\/Pitigliano-13-585x413.jpg 585w\" sizes=\"auto, (max-width: 842px) 100vw, 842px\" \/><\/p>\n<p><img loading=\"lazy\" decoding=\"async\" class=\"aligncenter size-large wp-image-32112\" src=\"https:\/\/1001voyagesgourmands.com\/wp-content\/uploads\/2025\/06\/Sienna-and-South-Tuscany-182-1170x1753.jpg\" alt=\"\" width=\"1170\" height=\"1753\" srcset=\"https:\/\/1001voyagesgourmands.com\/wp-content\/uploads\/2025\/06\/Sienna-and-South-Tuscany-182-1170x1753.jpg 1170w, https:\/\/1001voyagesgourmands.com\/wp-content\/uploads\/2025\/06\/Sienna-and-South-Tuscany-182-200x300.jpg 200w, https:\/\/1001voyagesgourmands.com\/wp-content\/uploads\/2025\/06\/Sienna-and-South-Tuscany-182-768x1151.jpg 768w, https:\/\/1001voyagesgourmands.com\/wp-content\/uploads\/2025\/06\/Sienna-and-South-Tuscany-182-1025x1536.jpg 1025w, https:\/\/1001voyagesgourmands.com\/wp-content\/uploads\/2025\/06\/Sienna-and-South-Tuscany-182-585x876.jpg 585w, https:\/\/1001voyagesgourmands.com\/wp-content\/uploads\/2025\/06\/Sienna-and-South-Tuscany-182.jpg 1367w\" sizes=\"auto, (max-width: 1170px) 100vw, 1170px\" \/><\/p>\n<p><img loading=\"lazy\" decoding=\"async\" class=\"aligncenter size-full wp-image-32346\" src=\"https:\/\/1001voyagesgourmands.com\/wp-content\/uploads\/2025\/06\/Pitigliano-15.jpg\" alt=\"\" width=\"842\" height=\"595\" srcset=\"https:\/\/1001voyagesgourmands.com\/wp-content\/uploads\/2025\/06\/Pitigliano-15.jpg 842w, https:\/\/1001voyagesgourmands.com\/wp-content\/uploads\/2025\/06\/Pitigliano-15-300x212.jpg 300w, https:\/\/1001voyagesgourmands.com\/wp-content\/uploads\/2025\/06\/Pitigliano-15-768x543.jpg 768w, https:\/\/1001voyagesgourmands.com\/wp-content\/uploads\/2025\/06\/Pitigliano-15-585x413.jpg 585w\" sizes=\"auto, (max-width: 842px) 100vw, 842px\" \/><\/p>\n<p><img loading=\"lazy\" decoding=\"async\" class=\"aligncenter size-large wp-image-32110\" src=\"https:\/\/1001voyagesgourmands.com\/wp-content\/uploads\/2025\/06\/Sienna-and-South-Tuscany-181-1170x1753.jpg\" alt=\"\" width=\"1170\" height=\"1753\" srcset=\"https:\/\/1001voyagesgourmands.com\/wp-content\/uploads\/2025\/06\/Sienna-and-South-Tuscany-181-1170x1753.jpg 1170w, https:\/\/1001voyagesgourmands.com\/wp-content\/uploads\/2025\/06\/Sienna-and-South-Tuscany-181-200x300.jpg 200w, https:\/\/1001voyagesgourmands.com\/wp-content\/uploads\/2025\/06\/Sienna-and-South-Tuscany-181-768x1151.jpg 768w, https:\/\/1001voyagesgourmands.com\/wp-content\/uploads\/2025\/06\/Sienna-and-South-Tuscany-181-1025x1536.jpg 1025w, https:\/\/1001voyagesgourmands.com\/wp-content\/uploads\/2025\/06\/Sienna-and-South-Tuscany-181-585x876.jpg 585w, https:\/\/1001voyagesgourmands.com\/wp-content\/uploads\/2025\/06\/Sienna-and-South-Tuscany-181.jpg 1367w\" sizes=\"auto, (max-width: 1170px) 100vw, 1170px\" \/><\/p>\n<p><img loading=\"lazy\" decoding=\"async\" class=\"aligncenter size-large wp-image-32082\" src=\"https:\/\/1001voyagesgourmands.com\/wp-content\/uploads\/2025\/06\/Sienna-and-South-Tuscany-167-1170x1753.jpg\" alt=\"\" width=\"1170\" height=\"1753\" srcset=\"https:\/\/1001voyagesgourmands.com\/wp-content\/uploads\/2025\/06\/Sienna-and-South-Tuscany-167-1170x1753.jpg 1170w, https:\/\/1001voyagesgourmands.com\/wp-content\/uploads\/2025\/06\/Sienna-and-South-Tuscany-167-200x300.jpg 200w, https:\/\/1001voyagesgourmands.com\/wp-content\/uploads\/2025\/06\/Sienna-and-South-Tuscany-167-768x1151.jpg 768w, https:\/\/1001voyagesgourmands.com\/wp-content\/uploads\/2025\/06\/Sienna-and-South-Tuscany-167-1025x1536.jpg 1025w, https:\/\/1001voyagesgourmands.com\/wp-content\/uploads\/2025\/06\/Sienna-and-South-Tuscany-167-585x876.jpg 585w, https:\/\/1001voyagesgourmands.com\/wp-content\/uploads\/2025\/06\/Sienna-and-South-Tuscany-167.jpg 1367w\" sizes=\"auto, (max-width: 1170px) 100vw, 1170px\" \/><\/p>\n<p><img loading=\"lazy\" decoding=\"async\" class=\"aligncenter size-full wp-image-32326\" src=\"https:\/\/1001voyagesgourmands.com\/wp-content\/uploads\/2025\/06\/Pitigliano-3.jpg\" alt=\"August in South Tuscany is filled with festivities and here are some ideas if you'd like to add the local folklore to your Tuscany experience.\" width=\"842\" height=\"595\" srcset=\"https:\/\/1001voyagesgourmands.com\/wp-content\/uploads\/2025\/06\/Pitigliano-3.jpg 842w, https:\/\/1001voyagesgourmands.com\/wp-content\/uploads\/2025\/06\/Pitigliano-3-300x212.jpg 300w, https:\/\/1001voyagesgourmands.com\/wp-content\/uploads\/2025\/06\/Pitigliano-3-768x543.jpg 768w, https:\/\/1001voyagesgourmands.com\/wp-content\/uploads\/2025\/06\/Pitigliano-3-585x413.jpg 585w\" sizes=\"auto, (max-width: 842px) 100vw, 842px\" \/><\/p>\n<p><img loading=\"lazy\" decoding=\"async\" class=\"aligncenter size-large wp-image-32117\" src=\"https:\/\/1001voyagesgourmands.com\/wp-content\/uploads\/2025\/06\/Sienna-and-South-Tuscany-184-1170x1753.jpg\" alt=\"This time, I will take you to all the beautiful places in Sienna and South Tuscany we had a chance to visit during the lat summer holidays.\" width=\"1170\" height=\"1753\" srcset=\"https:\/\/1001voyagesgourmands.com\/wp-content\/uploads\/2025\/06\/Sienna-and-South-Tuscany-184-1170x1753.jpg 1170w, https:\/\/1001voyagesgourmands.com\/wp-content\/uploads\/2025\/06\/Sienna-and-South-Tuscany-184-200x300.jpg 200w, https:\/\/1001voyagesgourmands.com\/wp-content\/uploads\/2025\/06\/Sienna-and-South-Tuscany-184-768x1151.jpg 768w, https:\/\/1001voyagesgourmands.com\/wp-content\/uploads\/2025\/06\/Sienna-and-South-Tuscany-184-1025x1536.jpg 1025w, https:\/\/1001voyagesgourmands.com\/wp-content\/uploads\/2025\/06\/Sienna-and-South-Tuscany-184-585x876.jpg 585w, https:\/\/1001voyagesgourmands.com\/wp-content\/uploads\/2025\/06\/Sienna-and-South-Tuscany-184.jpg 1367w\" sizes=\"auto, (max-width: 1170px) 100vw, 1170px\" \/><\/p>\n<p><img loading=\"lazy\" decoding=\"async\" class=\"aligncenter size-full wp-image-32336\" src=\"https:\/\/1001voyagesgourmands.com\/wp-content\/uploads\/2025\/06\/Pitigliano-9.jpg\" alt=\"\" width=\"842\" height=\"595\" srcset=\"https:\/\/1001voyagesgourmands.com\/wp-content\/uploads\/2025\/06\/Pitigliano-9.jpg 842w, https:\/\/1001voyagesgourmands.com\/wp-content\/uploads\/2025\/06\/Pitigliano-9-300x212.jpg 300w, https:\/\/1001voyagesgourmands.com\/wp-content\/uploads\/2025\/06\/Pitigliano-9-768x543.jpg 768w, https:\/\/1001voyagesgourmands.com\/wp-content\/uploads\/2025\/06\/Pitigliano-9-585x413.jpg 585w\" sizes=\"auto, (max-width: 842px) 100vw, 842px\" \/><\/p>\n<p>&nbsp;<\/p>\n<p style=\"text-align: justify;\">D\u011bkuji, \u017ee jste do\u010detli a\u017e sem a douf\u00e1m, \u017ee se v\u00e1m dne\u0161n\u00ed p\u0159\u00edsp\u011bvek l\u00edbil. A jak\u00e9 slavnosti uchv\u00e1tili v ji\u017en\u00edm Tosk\u00e1nsku v\u00e1m? Dejte mi v\u011bd\u011bt do koment\u00e1\u0159e a prosp\u011bjete tak i ostatn\u00edm \u010dten\u00e1\u0159\u016fm. D\u011bkuji p\u0159edem za sd\u00edlen\u00ed va\u0161ich zku\u0161enost\u00ed \ud83d\ude42<\/p>\n<p style=\"text-align: justify;\">V tomto \u010dl\u00e1nku si projdeme Sienu, Volterru, San Gimiano, Montepulciano a Pitigliano. V dal\u0161\u00edch postech v\u00e1m pak sep\u00ed\u0161u n\u011bco o v\u00fdletu do Val d\u2019Orcia a pobytu v Maremma. Pokud pl\u00e1nujete dovolenou v Tosk\u00e1nsku a r\u00e1di byste m\u00e9 tipy dostali p\u0159\u00edmo do emailu, nev\u00e1hejte se mi upsat k <strong><a href=\"https:\/\/1001voyagesgourmands.us13.list-manage.com\/subscribe?u=bb87b96544563a1782228d31c&amp;id=35ed3dedf7\" target=\"_blank\" rel=\"noopener\">odb\u011bru novinek<\/a><\/strong> (\u017e\u00e1dn\u00e9 zbyte\u010dn\u00e9 maily, jen kvalitn\u00ed \u010dl\u00e1nky). Nov\u011b mne tak\u00e9 najdete na <strong><a href=\"https:\/\/voyagesgourmands.substack.com\" target=\"_blank\" rel=\"noopener\">Substack<\/a><\/strong>!<\/p>\n","protected":false},"excerpt":{"rendered":"<p>Je\u0161t\u011b p\u0159edt\u00edm, ne\u017e za\u010dnou pr\u00e1zdniny, tu m\u00e1m pro v\u00e1s p\u00e1r n\u00e1pad\u016f ohledn\u011b Tosk\u00e1nska. Tentokr\u00e1t se pod\u00edv\u00e1me do ji\u017en\u00ed poloviny tohoto malebn\u00e9ho regionu a do m\u00edst, kter\u00e1 jsme nav\u0161t\u00edvili p\u0159i na\u0161\u00ed posledn\u00ed cest\u011b tam. V srpnu se ve st\u0159edov\u011bk\u00fdch m\u011bstech v ji\u017en\u00edm Tosk\u00e1nsku kon\u00e1 n\u011bkolik st\u0159edov\u011bk\u00fdch slavnost\u00ed, je\u017e daj\u00ed speci\u00e1ln\u00ed atmosf\u00e9ru&hellip;<\/p>\n","protected":false},"author":1,"featured_media":31986,"comment_status":"open","ping_status":"open","sticky":false,"template":"","format":"standard","meta":{"_exactmetrics_skip_tracking":false,"_exactmetrics_sitenote_active":false,"_exactmetrics_sitenote_note":"","_exactmetrics_sitenote_category":0,"_lmt_disableupdate":"no","_lmt_disable":"","footnotes":""},"categories":[4,593],"tags":[],"class_list":["post-32352","post","type-post","status-publish","format-standard","has-post-thumbnail","hentry","category-cestovani","category-italie"],"yoast_head":"<!-- This site is optimized with the Yoast SEO plugin v26.1.1 - https:\/\/yoast.com\/wordpress\/plugins\/seo\/ -->\n<title>Sv\u00e1te\u010dn\u00ed srpen v Ji\u017en\u00edm Tosk\u00e1nsku - 1001 Voyages Gourmands<\/title>\n<meta name=\"description\" content=\"V srpnu se ve st\u0159edov\u011bk\u00fdch m\u011bstech v ji\u017en\u00edm Tosk\u00e1nsku kon\u00e1 n\u011bkolik st\u0159edov\u011bk\u00fdch slavnost\u00ed, je\u017e daj\u00ed speci\u00e1ln\u00ed atmosf\u00e9ru ji\u017e tak p\u011bkn\u00fdm m\u00edst\u016fm.\" \/>\n<meta name=\"robots\" content=\"index, follow, max-snippet:-1, max-image-preview:large, max-video-preview:-1\" \/>\n<link rel=\"canonical\" href=\"https:\/\/1001voyagesgourmands.com\/cs\/svatecni-srpen-v-jiznim-toskansku\/\" \/>\n<meta property=\"og:locale\" content=\"cs_CZ\" \/>\n<meta property=\"og:type\" content=\"article\" \/>\n<meta property=\"og:title\" content=\"Sv\u00e1te\u010dn\u00ed srpen v Ji\u017en\u00edm Tosk\u00e1nsku - 1001 Voyages Gourmands\" \/>\n<meta property=\"og:description\" content=\"V srpnu se ve st\u0159edov\u011bk\u00fdch m\u011bstech v ji\u017en\u00edm Tosk\u00e1nsku kon\u00e1 n\u011bkolik st\u0159edov\u011bk\u00fdch slavnost\u00ed, je\u017e daj\u00ed speci\u00e1ln\u00ed atmosf\u00e9ru ji\u017e tak p\u011bkn\u00fdm m\u00edst\u016fm.\" \/>\n<meta property=\"og:url\" content=\"https:\/\/1001voyagesgourmands.com\/cs\/svatecni-srpen-v-jiznim-toskansku\/\" \/>\n<meta property=\"og:site_name\" content=\"1001 Voyages Gourmands\" \/>\n<meta property=\"article:publisher\" content=\"https:\/\/www.facebook.com\/1001voyagesgourmands\" \/>\n<meta property=\"article:published_time\" content=\"2025-06-25T22:10:13+00:00\" \/>\n<meta property=\"article:modified_time\" content=\"2025-06-26T11:43:57+00:00\" \/>\n<meta property=\"og:image\" content=\"https:\/\/1001voyagesgourmands.com\/wp-content\/uploads\/2025\/05\/Sienna-and-South-Tuscany-142.jpg\" \/>\n\t<meta property=\"og:image:width\" content=\"1367\" \/>\n\t<meta property=\"og:image:height\" content=\"2048\" \/>\n\t<meta property=\"og:image:type\" content=\"image\/jpeg\" \/>\n<meta name=\"author\" content=\"Michaela\" \/>\n<meta name=\"twitter:card\" content=\"summary_large_image\" \/>\n<meta name=\"twitter:creator\" content=\"@michaela_1001vg\" \/>\n<meta name=\"twitter:site\" content=\"@michaela_1001vg\" \/>\n<meta name=\"twitter:label1\" content=\"Napsal(a)\" \/>\n\t<meta name=\"twitter:data1\" content=\"Michaela\" \/>\n\t<meta name=\"twitter:label2\" content=\"Odhadovan\u00e1 doba \u010dten\u00ed\" \/>\n\t<meta name=\"twitter:data2\" content=\"22 minut\" \/>\n<script type=\"application\/ld+json\" class=\"yoast-schema-graph\">{\"@context\":\"https:\/\/schema.org\",\"@graph\":[{\"@type\":\"WebPage\",\"@id\":\"https:\/\/1001voyagesgourmands.com\/cs\/svatecni-srpen-v-jiznim-toskansku\/\",\"url\":\"https:\/\/1001voyagesgourmands.com\/cs\/svatecni-srpen-v-jiznim-toskansku\/\",\"name\":\"Sv\u00e1te\u010dn\u00ed srpen v Ji\u017en\u00edm Tosk\u00e1nsku - 1001 Voyages Gourmands\",\"isPartOf\":{\"@id\":\"https:\/\/1001voyagesgourmands.com\/cs\/#website\"},\"primaryImageOfPage\":{\"@id\":\"https:\/\/1001voyagesgourmands.com\/cs\/svatecni-srpen-v-jiznim-toskansku\/#primaryimage\"},\"image\":{\"@id\":\"https:\/\/1001voyagesgourmands.com\/cs\/svatecni-srpen-v-jiznim-toskansku\/#primaryimage\"},\"thumbnailUrl\":\"https:\/\/1001voyagesgourmands.com\/wp-content\/uploads\/2025\/05\/Sienna-and-South-Tuscany-142.jpg\",\"datePublished\":\"2025-06-25T22:10:13+00:00\",\"dateModified\":\"2025-06-26T11:43:57+00:00\",\"author\":{\"@id\":\"https:\/\/1001voyagesgourmands.com\/cs\/#\/schema\/person\/62e0e7238fcf7482b23bf83e1b72ff1b\"},\"description\":\"V srpnu se ve st\u0159edov\u011bk\u00fdch m\u011bstech v ji\u017en\u00edm Tosk\u00e1nsku kon\u00e1 n\u011bkolik st\u0159edov\u011bk\u00fdch slavnost\u00ed, je\u017e daj\u00ed speci\u00e1ln\u00ed atmosf\u00e9ru ji\u017e tak p\u011bkn\u00fdm m\u00edst\u016fm.\",\"breadcrumb\":{\"@id\":\"https:\/\/1001voyagesgourmands.com\/cs\/svatecni-srpen-v-jiznim-toskansku\/#breadcrumb\"},\"inLanguage\":\"cs\",\"potentialAction\":[{\"@type\":\"ReadAction\",\"target\":[\"https:\/\/1001voyagesgourmands.com\/cs\/svatecni-srpen-v-jiznim-toskansku\/\"]}]},{\"@type\":\"ImageObject\",\"inLanguage\":\"cs\",\"@id\":\"https:\/\/1001voyagesgourmands.com\/cs\/svatecni-srpen-v-jiznim-toskansku\/#primaryimage\",\"url\":\"https:\/\/1001voyagesgourmands.com\/wp-content\/uploads\/2025\/05\/Sienna-and-South-Tuscany-142.jpg\",\"contentUrl\":\"https:\/\/1001voyagesgourmands.com\/wp-content\/uploads\/2025\/05\/Sienna-and-South-Tuscany-142.jpg\",\"width\":1367,\"height\":2048,\"caption\":\"This time, I will take you to all the beautiful places in Sienna and South Tuscany we had a chance to visit during the lat summer holidays.\"},{\"@type\":\"BreadcrumbList\",\"@id\":\"https:\/\/1001voyagesgourmands.com\/cs\/svatecni-srpen-v-jiznim-toskansku\/#breadcrumb\",\"itemListElement\":[{\"@type\":\"ListItem\",\"position\":1,\"name\":\"Dom\u016f\",\"item\":\"https:\/\/1001voyagesgourmands.com\/cs\/\"},{\"@type\":\"ListItem\",\"position\":2,\"name\":\"Sv\u00e1te\u010dn\u00ed srpen v Ji\u017en\u00edm Tosk\u00e1nsku\"}]},{\"@type\":\"WebSite\",\"@id\":\"https:\/\/1001voyagesgourmands.com\/cs\/#website\",\"url\":\"https:\/\/1001voyagesgourmands.com\/cs\/\",\"name\":\"1001 Voyages Gourmands\",\"description\":\"Food | Travel | Photography\",\"potentialAction\":[{\"@type\":\"SearchAction\",\"target\":{\"@type\":\"EntryPoint\",\"urlTemplate\":\"https:\/\/1001voyagesgourmands.com\/cs\/?s={search_term_string}\"},\"query-input\":{\"@type\":\"PropertyValueSpecification\",\"valueRequired\":true,\"valueName\":\"search_term_string\"}}],\"inLanguage\":\"cs\"},{\"@type\":\"Person\",\"@id\":\"https:\/\/1001voyagesgourmands.com\/cs\/#\/schema\/person\/62e0e7238fcf7482b23bf83e1b72ff1b\",\"name\":\"Michaela\",\"image\":{\"@type\":\"ImageObject\",\"inLanguage\":\"cs\",\"@id\":\"https:\/\/1001voyagesgourmands.com\/cs\/#\/schema\/person\/image\/\",\"url\":\"https:\/\/secure.gravatar.com\/avatar\/73fa562a5b0ce269ca480f67de504b8ecac054a121d170e226f1b79e02024cb8?s=96&d=mm&r=g\",\"contentUrl\":\"https:\/\/secure.gravatar.com\/avatar\/73fa562a5b0ce269ca480f67de504b8ecac054a121d170e226f1b79e02024cb8?s=96&d=mm&r=g\",\"caption\":\"Michaela\"},\"sameAs\":[\"http:\/\/1001voyagesgourmands.com\"]}]}<\/script>\n<!-- \/ Yoast SEO plugin. -->","yoast_head_json":{"title":"Sv\u00e1te\u010dn\u00ed srpen v Ji\u017en\u00edm Tosk\u00e1nsku - 1001 Voyages Gourmands","description":"V srpnu se ve st\u0159edov\u011bk\u00fdch m\u011bstech v ji\u017en\u00edm Tosk\u00e1nsku kon\u00e1 n\u011bkolik st\u0159edov\u011bk\u00fdch slavnost\u00ed, je\u017e daj\u00ed speci\u00e1ln\u00ed atmosf\u00e9ru ji\u017e tak p\u011bkn\u00fdm m\u00edst\u016fm.","robots":{"index":"index","follow":"follow","max-snippet":"max-snippet:-1","max-image-preview":"max-image-preview:large","max-video-preview":"max-video-preview:-1"},"canonical":"https:\/\/1001voyagesgourmands.com\/cs\/svatecni-srpen-v-jiznim-toskansku\/","og_locale":"cs_CZ","og_type":"article","og_title":"Sv\u00e1te\u010dn\u00ed srpen v Ji\u017en\u00edm Tosk\u00e1nsku - 1001 Voyages Gourmands","og_description":"V srpnu se ve st\u0159edov\u011bk\u00fdch m\u011bstech v ji\u017en\u00edm Tosk\u00e1nsku kon\u00e1 n\u011bkolik st\u0159edov\u011bk\u00fdch slavnost\u00ed, je\u017e daj\u00ed speci\u00e1ln\u00ed atmosf\u00e9ru ji\u017e tak p\u011bkn\u00fdm m\u00edst\u016fm.","og_url":"https:\/\/1001voyagesgourmands.com\/cs\/svatecni-srpen-v-jiznim-toskansku\/","og_site_name":"1001 Voyages Gourmands","article_publisher":"https:\/\/www.facebook.com\/1001voyagesgourmands","article_published_time":"2025-06-25T22:10:13+00:00","article_modified_time":"2025-06-26T11:43:57+00:00","og_image":[{"width":1367,"height":2048,"url":"https:\/\/1001voyagesgourmands.com\/wp-content\/uploads\/2025\/05\/Sienna-and-South-Tuscany-142.jpg","type":"image\/jpeg"}],"author":"Michaela","twitter_card":"summary_large_image","twitter_creator":"@michaela_1001vg","twitter_site":"@michaela_1001vg","twitter_misc":{"Napsal(a)":"Michaela","Odhadovan\u00e1 doba \u010dten\u00ed":"22 minut"},"schema":{"@context":"https:\/\/schema.org","@graph":[{"@type":"WebPage","@id":"https:\/\/1001voyagesgourmands.com\/cs\/svatecni-srpen-v-jiznim-toskansku\/","url":"https:\/\/1001voyagesgourmands.com\/cs\/svatecni-srpen-v-jiznim-toskansku\/","name":"Sv\u00e1te\u010dn\u00ed srpen v Ji\u017en\u00edm Tosk\u00e1nsku - 1001 Voyages Gourmands","isPartOf":{"@id":"https:\/\/1001voyagesgourmands.com\/cs\/#website"},"primaryImageOfPage":{"@id":"https:\/\/1001voyagesgourmands.com\/cs\/svatecni-srpen-v-jiznim-toskansku\/#primaryimage"},"image":{"@id":"https:\/\/1001voyagesgourmands.com\/cs\/svatecni-srpen-v-jiznim-toskansku\/#primaryimage"},"thumbnailUrl":"https:\/\/1001voyagesgourmands.com\/wp-content\/uploads\/2025\/05\/Sienna-and-South-Tuscany-142.jpg","datePublished":"2025-06-25T22:10:13+00:00","dateModified":"2025-06-26T11:43:57+00:00","author":{"@id":"https:\/\/1001voyagesgourmands.com\/cs\/#\/schema\/person\/62e0e7238fcf7482b23bf83e1b72ff1b"},"description":"V srpnu se ve st\u0159edov\u011bk\u00fdch m\u011bstech v ji\u017en\u00edm Tosk\u00e1nsku kon\u00e1 n\u011bkolik st\u0159edov\u011bk\u00fdch slavnost\u00ed, je\u017e daj\u00ed speci\u00e1ln\u00ed atmosf\u00e9ru ji\u017e tak p\u011bkn\u00fdm m\u00edst\u016fm.","breadcrumb":{"@id":"https:\/\/1001voyagesgourmands.com\/cs\/svatecni-srpen-v-jiznim-toskansku\/#breadcrumb"},"inLanguage":"cs","potentialAction":[{"@type":"ReadAction","target":["https:\/\/1001voyagesgourmands.com\/cs\/svatecni-srpen-v-jiznim-toskansku\/"]}]},{"@type":"ImageObject","inLanguage":"cs","@id":"https:\/\/1001voyagesgourmands.com\/cs\/svatecni-srpen-v-jiznim-toskansku\/#primaryimage","url":"https:\/\/1001voyagesgourmands.com\/wp-content\/uploads\/2025\/05\/Sienna-and-South-Tuscany-142.jpg","contentUrl":"https:\/\/1001voyagesgourmands.com\/wp-content\/uploads\/2025\/05\/Sienna-and-South-Tuscany-142.jpg","width":1367,"height":2048,"caption":"This time, I will take you to all the beautiful places in Sienna and South Tuscany we had a chance to visit during the lat summer holidays."},{"@type":"BreadcrumbList","@id":"https:\/\/1001voyagesgourmands.com\/cs\/svatecni-srpen-v-jiznim-toskansku\/#breadcrumb","itemListElement":[{"@type":"ListItem","position":1,"name":"Dom\u016f","item":"https:\/\/1001voyagesgourmands.com\/cs\/"},{"@type":"ListItem","position":2,"name":"Sv\u00e1te\u010dn\u00ed srpen v Ji\u017en\u00edm Tosk\u00e1nsku"}]},{"@type":"WebSite","@id":"https:\/\/1001voyagesgourmands.com\/cs\/#website","url":"https:\/\/1001voyagesgourmands.com\/cs\/","name":"1001 Voyages Gourmands","description":"Food | Travel | Photography","potentialAction":[{"@type":"SearchAction","target":{"@type":"EntryPoint","urlTemplate":"https:\/\/1001voyagesgourmands.com\/cs\/?s={search_term_string}"},"query-input":{"@type":"PropertyValueSpecification","valueRequired":true,"valueName":"search_term_string"}}],"inLanguage":"cs"},{"@type":"Person","@id":"https:\/\/1001voyagesgourmands.com\/cs\/#\/schema\/person\/62e0e7238fcf7482b23bf83e1b72ff1b","name":"Michaela","image":{"@type":"ImageObject","inLanguage":"cs","@id":"https:\/\/1001voyagesgourmands.com\/cs\/#\/schema\/person\/image\/","url":"https:\/\/secure.gravatar.com\/avatar\/73fa562a5b0ce269ca480f67de504b8ecac054a121d170e226f1b79e02024cb8?s=96&d=mm&r=g","contentUrl":"https:\/\/secure.gravatar.com\/avatar\/73fa562a5b0ce269ca480f67de504b8ecac054a121d170e226f1b79e02024cb8?s=96&d=mm&r=g","caption":"Michaela"},"sameAs":["http:\/\/1001voyagesgourmands.com"]}]}},"_links":{"self":[{"href":"https:\/\/1001voyagesgourmands.com\/cs\/wp-json\/wp\/v2\/posts\/32352","targetHints":{"allow":["GET"]}}],"collection":[{"href":"https:\/\/1001voyagesgourmands.com\/cs\/wp-json\/wp\/v2\/posts"}],"about":[{"href":"https:\/\/1001voyagesgourmands.com\/cs\/wp-json\/wp\/v2\/types\/post"}],"author":[{"embeddable":true,"href":"https:\/\/1001voyagesgourmands.com\/cs\/wp-json\/wp\/v2\/users\/1"}],"replies":[{"embeddable":true,"href":"https:\/\/1001voyagesgourmands.com\/cs\/wp-json\/wp\/v2\/comments?post=32352"}],"version-history":[{"count":16,"href":"https:\/\/1001voyagesgourmands.com\/cs\/wp-json\/wp\/v2\/posts\/32352\/revisions"}],"predecessor-version":[{"id":32425,"href":"https:\/\/1001voyagesgourmands.com\/cs\/wp-json\/wp\/v2\/posts\/32352\/revisions\/32425"}],"wp:featuredmedia":[{"embeddable":true,"href":"https:\/\/1001voyagesgourmands.com\/cs\/wp-json\/wp\/v2\/media\/31986"}],"wp:attachment":[{"href":"https:\/\/1001voyagesgourmands.com\/cs\/wp-json\/wp\/v2\/media?parent=32352"}],"wp:term":[{"taxonomy":"category","embeddable":true,"href":"https:\/\/1001voyagesgourmands.com\/cs\/wp-json\/wp\/v2\/categories?post=32352"},{"taxonomy":"post_tag","embeddable":true,"href":"https:\/\/1001voyagesgourmands.com\/cs\/wp-json\/wp\/v2\/tags?post=32352"}],"curies":[{"name":"wp","href":"https:\/\/api.w.org\/{rel}","templated":true}]}}