{"id":31548,"date":"2024-09-17T21:57:55","date_gmt":"2024-09-17T19:57:55","guid":{"rendered":"https:\/\/1001voyagesgourmands.com\/?p=31548"},"modified":"2024-09-17T21:59:08","modified_gmt":"2024-09-17T19:59:08","slug":"oud-rekem-jedna-z-nejkrasnejcich-vlamskych-vesnic","status":"publish","type":"post","link":"https:\/\/1001voyagesgourmands.com\/cs\/oud-rekem-jedna-z-nejkrasnejcich-vlamskych-vesnic\/","title":{"rendered":"Oud-Rekem &#8211; Jedna z nejkr\u00e1sn\u011bjc\u00edch vl\u00e1msk\u00fdch vesnic"},"content":{"rendered":"<p style=\"text-align: justify;\">Dnes v\u00e1s vezmu do jedn\u00e9 z nejautenti\u010dt\u011bj\u0161\u00edch vesnic ve Vl\u00e1msku (nizozemsky mluv\u00edc\u00ed \u010d\u00e1st Belgie), kde se pono\u0159\u00edte nazp\u011bt v \u010dase o n\u011bjak\u00fdch p\u00e1r set let. Najdete tu starou muzejn\u00ed l\u00e9k\u00e1rnu, n\u011bkolik kostel\u016f a z\u00e1mek. Oud-Rekem byla dokonce v roce 2008 vyhl\u00e1\u0161en\u00e1 nejhez\u010d\u00ed vesnic\u00ed Vl\u00e1mska, tak\u017ee na proch\u00e1zku uli\u010dkami si vymezte tak\u00e9 n\u011bjak\u00fd ten \u010das.<\/p>\n<p style=\"text-align: justify;\">Za\u010dn\u011bte n\u00e1v\u0161t\u011bvou <strong>kosteln\u00edho muzea Sint Peter<\/strong> kter\u00fd najdete na n\u00e1m\u011bst\u00ed Groenplaats. Byl postaven v prvn\u00ed polovin\u011b 18. stolet\u00ed a pozd\u011bji po po\u017e\u00e1ru rekonstruov\u00e1n. Doporu\u010duji vyl\u00e9zt po d\u0159ev\u011bn\u00fdch schodech do kosteln\u00ed v\u011b\u017ee odkud se v\u00e1m naskytne pohled na Oud-Rekem z pta\u010d\u00ed perspektivy a uvid\u00edte tak\u00e9 mechanick\u00e9 hodiny kosteln\u00edho zvonu. Kostel je otev\u0159en\u00fd ka\u017ed\u00fd v\u00edkend odpoledne a ka\u017ed\u00fd den b\u011bhem letn\u00edch m\u011bs\u00edc\u016f.<\/p>\n<p style=\"text-align: justify;\">Na stejn\u00e9m n\u00e1m\u011bst\u00ed o p\u00e1r krok\u016f d\u00e1le najdete takt\u00e9\u017e dal\u0161\u00ed zaj\u00edmavost, a sice <strong>muzejn\u00ed l\u00e9k\u00e1rnu s doktorskou ordinac\u00ed z roku 1820<\/strong>, kde si m\u016f\u017eete prohl\u00e9dnout autentick\u00e9 produkty, bylinky a oleje, pipety a dal\u0161\u00ed zdravotnick\u00fd materi\u00e1l z ordinace jako nap\u0159\u00edklad dobov\u00e9 porodn\u00ed nebo zuba\u0159sk\u00e9 k\u0159eslo \u010di r\u016fzn\u00e9 medic\u00ednsk\u00e9 knihy.<\/p>\n<p style=\"text-align: justify;\"><strong>Z\u00e1mek Aspremont-Lynden z konce 16. stolet\u00ed<\/strong> je b\u00fdval\u00e9 s\u00eddlo hrab\u011bc\u00ed rodiny Rekem. B\u011bhem francouzk\u00e9 \u00e9ry na konci 18. stolet\u00ed slou\u017eil jako v\u00e1le\u010dn\u00e1 nemocnice, pozd\u011bji jako azyl pro \u017eebr\u00e1ky a ve 20. stolet\u00ed jako\u017eto psychiatrick\u00e1 l\u00e9\u010debna. Dnes jde o chr\u00e1n\u011bn\u00fd monument.<\/p>\n<p style=\"text-align: justify;\">V jeho st\u00ednu na mal\u00e9m n\u00e1m\u011bst\u00ed najdete p\u00e1r m\u00edst kde si m\u016f\u017eete d\u00e1t <strong>n\u011bco k pit\u00ed nebo sn\u011bdku<\/strong> &#8211; my si tu na zahr\u00e1dce jednoho bistra dali v\u00fdborn\u00fd avok\u00e1dov\u00fd toast a Ad\u00e9lka klasick\u00fd d\u011btsk\u00fd s\u00fdrovo-\u0161unkov\u00fd toasti.&nbsp;<\/p>\n<p style=\"text-align: justify;\">Za vstupn\u00edmi branami do Oud-Rekem se m\u016f\u017eete napojit na proch\u00e1zkov\u00e9 \u010di cyklistick\u00e9 trasy vedouc\u00ed nap\u0159\u00ed\u010d p\u0159\u00edrodn\u00ed <strong>p\u0159\u00edrodn\u00ed rezervac\u00ed Oude Weerd nebo Hochterbampd<\/strong>. Co se t\u00fdk\u00e1 cyklov\u00fdlet\u016f, Limburg je vzhledem k relativn\u011b rovn\u00e9mu ter\u00e9nu k jejich realizaci ide\u00e1ln\u00ed i pro nen\u00e1ro\u010dn\u00e9 cyklisty.<\/p>\n<p><img loading=\"lazy\" decoding=\"async\" class=\"aligncenter wp-image-31530 size-large\" src=\"https:\/\/1001voyagesgourmands.com\/wp-content\/uploads\/2024\/06\/202306_Oude-Rekem-33-1170x781.jpg\" alt=\"Dnes v\u00e1s vezmu do jedn\u00e9 z nejautenti\u010dt\u011bj\u0161\u00edch vesnic ve Vl\u00e1msku, kde se pono\u0159\u00edte nazp\u011bt v \u010dase o n\u011bjak\u00fdch p\u00e1r set let - Oud-Rekem.\" width=\"1170\" height=\"781\" srcset=\"https:\/\/1001voyagesgourmands.com\/wp-content\/uploads\/2024\/06\/202306_Oude-Rekem-33-1170x781.jpg 1170w, https:\/\/1001voyagesgourmands.com\/wp-content\/uploads\/2024\/06\/202306_Oude-Rekem-33-300x200.jpg 300w, https:\/\/1001voyagesgourmands.com\/wp-content\/uploads\/2024\/06\/202306_Oude-Rekem-33-768x513.jpg 768w, https:\/\/1001voyagesgourmands.com\/wp-content\/uploads\/2024\/06\/202306_Oude-Rekem-33-1536x1026.jpg 1536w, https:\/\/1001voyagesgourmands.com\/wp-content\/uploads\/2024\/06\/202306_Oude-Rekem-33-585x391.jpg 585w, https:\/\/1001voyagesgourmands.com\/wp-content\/uploads\/2024\/06\/202306_Oude-Rekem-33-263x175.jpg 263w, https:\/\/1001voyagesgourmands.com\/wp-content\/uploads\/2024\/06\/202306_Oude-Rekem-33.jpg 1700w\" sizes=\"auto, (max-width: 1170px) 100vw, 1170px\" \/><img loading=\"lazy\" decoding=\"async\" class=\"aligncenter size-full wp-image-31476\" src=\"https:\/\/1001voyagesgourmands.com\/wp-content\/uploads\/2024\/06\/202306_Oude-Rekem-6.jpg\" alt=\"\" width=\"1135\" height=\"1700\" srcset=\"https:\/\/1001voyagesgourmands.com\/wp-content\/uploads\/2024\/06\/202306_Oude-Rekem-6.jpg 1135w, https:\/\/1001voyagesgourmands.com\/wp-content\/uploads\/2024\/06\/202306_Oude-Rekem-6-200x300.jpg 200w, https:\/\/1001voyagesgourmands.com\/wp-content\/uploads\/2024\/06\/202306_Oude-Rekem-6-768x1150.jpg 768w, https:\/\/1001voyagesgourmands.com\/wp-content\/uploads\/2024\/06\/202306_Oude-Rekem-6-1026x1536.jpg 1026w, https:\/\/1001voyagesgourmands.com\/wp-content\/uploads\/2024\/06\/202306_Oude-Rekem-6-585x876.jpg 585w\" sizes=\"auto, (max-width: 1135px) 100vw, 1135px\" \/><img loading=\"lazy\" decoding=\"async\" class=\"aligncenter wp-image-31522 size-full\" src=\"https:\/\/1001voyagesgourmands.com\/wp-content\/uploads\/2024\/06\/202306_Oude-Rekem-29.jpg\" alt=\"Dnes v\u00e1s vezmu do jedn\u00e9 z nejautenti\u010dt\u011bj\u0161\u00edch vesnic ve Vl\u00e1msku, kde se pono\u0159\u00edte nazp\u011bt v \u010dase o n\u011bjak\u00fdch p\u00e1r set let - Oud-Rekem.\" width=\"1135\" height=\"1700\" srcset=\"https:\/\/1001voyagesgourmands.com\/wp-content\/uploads\/2024\/06\/202306_Oude-Rekem-29.jpg 1135w, https:\/\/1001voyagesgourmands.com\/wp-content\/uploads\/2024\/06\/202306_Oude-Rekem-29-200x300.jpg 200w, https:\/\/1001voyagesgourmands.com\/wp-content\/uploads\/2024\/06\/202306_Oude-Rekem-29-768x1150.jpg 768w, https:\/\/1001voyagesgourmands.com\/wp-content\/uploads\/2024\/06\/202306_Oude-Rekem-29-1026x1536.jpg 1026w, https:\/\/1001voyagesgourmands.com\/wp-content\/uploads\/2024\/06\/202306_Oude-Rekem-29-585x876.jpg 585w\" sizes=\"auto, (max-width: 1135px) 100vw, 1135px\" \/><img loading=\"lazy\" decoding=\"async\" class=\"aligncenter size-full wp-image-31468\" src=\"https:\/\/1001voyagesgourmands.com\/wp-content\/uploads\/2024\/06\/202306_Oude-Rekem-2-2.jpg\" alt=\"Today I will take you to one of the most authentic villages in Flanders which brings you back in time a few hundreds years - Oud-Rekem.\" width=\"1135\" height=\"1700\" srcset=\"https:\/\/1001voyagesgourmands.com\/wp-content\/uploads\/2024\/06\/202306_Oude-Rekem-2-2.jpg 1135w, https:\/\/1001voyagesgourmands.com\/wp-content\/uploads\/2024\/06\/202306_Oude-Rekem-2-2-200x300.jpg 200w, https:\/\/1001voyagesgourmands.com\/wp-content\/uploads\/2024\/06\/202306_Oude-Rekem-2-2-768x1150.jpg 768w, https:\/\/1001voyagesgourmands.com\/wp-content\/uploads\/2024\/06\/202306_Oude-Rekem-2-2-1026x1536.jpg 1026w, https:\/\/1001voyagesgourmands.com\/wp-content\/uploads\/2024\/06\/202306_Oude-Rekem-2-2-585x876.jpg 585w\" sizes=\"auto, (max-width: 1135px) 100vw, 1135px\" \/> <img loading=\"lazy\" decoding=\"async\" class=\"aligncenter size-full wp-image-31466\" src=\"https:\/\/1001voyagesgourmands.com\/wp-content\/uploads\/2024\/06\/202306_Oude-Rekem-1-1.jpg\" alt=\"Today I will take you to one of the most authentic villages in Flanders which brings you back in time a few hundreds years - Oud-Rekem.\" width=\"1135\" height=\"1700\" srcset=\"https:\/\/1001voyagesgourmands.com\/wp-content\/uploads\/2024\/06\/202306_Oude-Rekem-1-1.jpg 1135w, https:\/\/1001voyagesgourmands.com\/wp-content\/uploads\/2024\/06\/202306_Oude-Rekem-1-1-200x300.jpg 200w, https:\/\/1001voyagesgourmands.com\/wp-content\/uploads\/2024\/06\/202306_Oude-Rekem-1-1-768x1150.jpg 768w, https:\/\/1001voyagesgourmands.com\/wp-content\/uploads\/2024\/06\/202306_Oude-Rekem-1-1-1026x1536.jpg 1026w, https:\/\/1001voyagesgourmands.com\/wp-content\/uploads\/2024\/06\/202306_Oude-Rekem-1-1-585x876.jpg 585w\" sizes=\"auto, (max-width: 1135px) 100vw, 1135px\" \/><img loading=\"lazy\" decoding=\"async\" class=\"aligncenter size-large wp-image-31524\" src=\"https:\/\/1001voyagesgourmands.com\/wp-content\/uploads\/2024\/06\/202306_Oude-Rekem-30-1170x781.jpg\" alt=\"\" width=\"1170\" height=\"781\" srcset=\"https:\/\/1001voyagesgourmands.com\/wp-content\/uploads\/2024\/06\/202306_Oude-Rekem-30-1170x781.jpg 1170w, https:\/\/1001voyagesgourmands.com\/wp-content\/uploads\/2024\/06\/202306_Oude-Rekem-30-300x200.jpg 300w, https:\/\/1001voyagesgourmands.com\/wp-content\/uploads\/2024\/06\/202306_Oude-Rekem-30-768x513.jpg 768w, https:\/\/1001voyagesgourmands.com\/wp-content\/uploads\/2024\/06\/202306_Oude-Rekem-30-1536x1026.jpg 1536w, https:\/\/1001voyagesgourmands.com\/wp-content\/uploads\/2024\/06\/202306_Oude-Rekem-30-585x391.jpg 585w, https:\/\/1001voyagesgourmands.com\/wp-content\/uploads\/2024\/06\/202306_Oude-Rekem-30-263x175.jpg 263w, https:\/\/1001voyagesgourmands.com\/wp-content\/uploads\/2024\/06\/202306_Oude-Rekem-30.jpg 1700w\" sizes=\"auto, (max-width: 1170px) 100vw, 1170px\" \/><img loading=\"lazy\" decoding=\"async\" class=\"aligncenter wp-image-31470 size-full\" src=\"https:\/\/1001voyagesgourmands.com\/wp-content\/uploads\/2024\/06\/202306_Oude-Rekem-3.jpg\" alt=\"Dnes v\u00e1s vezmu do jedn\u00e9 z nejautenti\u010dt\u011bj\u0161\u00edch vesnic ve Vl\u00e1msku, kde se pono\u0159\u00edte nazp\u011bt v \u010dase o n\u011bjak\u00fdch p\u00e1r set let - Oud-Rekem.\" width=\"1135\" height=\"1700\" srcset=\"https:\/\/1001voyagesgourmands.com\/wp-content\/uploads\/2024\/06\/202306_Oude-Rekem-3.jpg 1135w, https:\/\/1001voyagesgourmands.com\/wp-content\/uploads\/2024\/06\/202306_Oude-Rekem-3-200x300.jpg 200w, https:\/\/1001voyagesgourmands.com\/wp-content\/uploads\/2024\/06\/202306_Oude-Rekem-3-768x1150.jpg 768w, https:\/\/1001voyagesgourmands.com\/wp-content\/uploads\/2024\/06\/202306_Oude-Rekem-3-1026x1536.jpg 1026w, https:\/\/1001voyagesgourmands.com\/wp-content\/uploads\/2024\/06\/202306_Oude-Rekem-3-585x876.jpg 585w\" sizes=\"auto, (max-width: 1135px) 100vw, 1135px\" \/><img loading=\"lazy\" decoding=\"async\" class=\"aligncenter wp-image-31478 size-large\" src=\"https:\/\/1001voyagesgourmands.com\/wp-content\/uploads\/2024\/06\/202306_Oude-Rekem-7-1170x781.jpg\" alt=\"Dnes v\u00e1s vezmu do jedn\u00e9 z nejautenti\u010dt\u011bj\u0161\u00edch vesnic ve Vl\u00e1msku, kde se pono\u0159\u00edte nazp\u011bt v \u010dase o n\u011bjak\u00fdch p\u00e1r set let - Oud-Rekem.\" width=\"1170\" height=\"781\" srcset=\"https:\/\/1001voyagesgourmands.com\/wp-content\/uploads\/2024\/06\/202306_Oude-Rekem-7-1170x781.jpg 1170w, https:\/\/1001voyagesgourmands.com\/wp-content\/uploads\/2024\/06\/202306_Oude-Rekem-7-300x200.jpg 300w, https:\/\/1001voyagesgourmands.com\/wp-content\/uploads\/2024\/06\/202306_Oude-Rekem-7-768x513.jpg 768w, https:\/\/1001voyagesgourmands.com\/wp-content\/uploads\/2024\/06\/202306_Oude-Rekem-7-1536x1026.jpg 1536w, https:\/\/1001voyagesgourmands.com\/wp-content\/uploads\/2024\/06\/202306_Oude-Rekem-7-585x391.jpg 585w, https:\/\/1001voyagesgourmands.com\/wp-content\/uploads\/2024\/06\/202306_Oude-Rekem-7-263x175.jpg 263w, https:\/\/1001voyagesgourmands.com\/wp-content\/uploads\/2024\/06\/202306_Oude-Rekem-7.jpg 1700w\" sizes=\"auto, (max-width: 1170px) 100vw, 1170px\" \/><img loading=\"lazy\" decoding=\"async\" class=\"aligncenter wp-image-31480 size-large\" src=\"https:\/\/1001voyagesgourmands.com\/wp-content\/uploads\/2024\/06\/202306_Oude-Rekem-8-1170x781.jpg\" alt=\"Dnes v\u00e1s vezmu do jedn\u00e9 z nejautenti\u010dt\u011bj\u0161\u00edch vesnic ve Vl\u00e1msku, kde se pono\u0159\u00edte nazp\u011bt v \u010dase o n\u011bjak\u00fdch p\u00e1r set let - Oud-Rekem.\" width=\"1170\" height=\"781\" srcset=\"https:\/\/1001voyagesgourmands.com\/wp-content\/uploads\/2024\/06\/202306_Oude-Rekem-8-1170x781.jpg 1170w, https:\/\/1001voyagesgourmands.com\/wp-content\/uploads\/2024\/06\/202306_Oude-Rekem-8-300x200.jpg 300w, https:\/\/1001voyagesgourmands.com\/wp-content\/uploads\/2024\/06\/202306_Oude-Rekem-8-768x513.jpg 768w, https:\/\/1001voyagesgourmands.com\/wp-content\/uploads\/2024\/06\/202306_Oude-Rekem-8-1536x1026.jpg 1536w, https:\/\/1001voyagesgourmands.com\/wp-content\/uploads\/2024\/06\/202306_Oude-Rekem-8-585x391.jpg 585w, https:\/\/1001voyagesgourmands.com\/wp-content\/uploads\/2024\/06\/202306_Oude-Rekem-8-263x175.jpg 263w, https:\/\/1001voyagesgourmands.com\/wp-content\/uploads\/2024\/06\/202306_Oude-Rekem-8.jpg 1700w\" sizes=\"auto, (max-width: 1170px) 100vw, 1170px\" \/><img loading=\"lazy\" decoding=\"async\" class=\"aligncenter size-full wp-image-31534\" src=\"https:\/\/1001voyagesgourmands.com\/wp-content\/uploads\/2024\/06\/202306_Oude-Rekem-35.jpg\" alt=\"\" width=\"1135\" height=\"1700\" srcset=\"https:\/\/1001voyagesgourmands.com\/wp-content\/uploads\/2024\/06\/202306_Oude-Rekem-35.jpg 1135w, https:\/\/1001voyagesgourmands.com\/wp-content\/uploads\/2024\/06\/202306_Oude-Rekem-35-200x300.jpg 200w, https:\/\/1001voyagesgourmands.com\/wp-content\/uploads\/2024\/06\/202306_Oude-Rekem-35-768x1150.jpg 768w, https:\/\/1001voyagesgourmands.com\/wp-content\/uploads\/2024\/06\/202306_Oude-Rekem-35-1026x1536.jpg 1026w, https:\/\/1001voyagesgourmands.com\/wp-content\/uploads\/2024\/06\/202306_Oude-Rekem-35-585x876.jpg 585w\" sizes=\"auto, (max-width: 1135px) 100vw, 1135px\" \/><img loading=\"lazy\" decoding=\"async\" class=\"aligncenter size-full wp-image-31486\" src=\"https:\/\/1001voyagesgourmands.com\/wp-content\/uploads\/2024\/06\/202306_Oude-Rekem-11.jpg\" alt=\"\" width=\"1135\" height=\"1700\" srcset=\"https:\/\/1001voyagesgourmands.com\/wp-content\/uploads\/2024\/06\/202306_Oude-Rekem-11.jpg 1135w, https:\/\/1001voyagesgourmands.com\/wp-content\/uploads\/2024\/06\/202306_Oude-Rekem-11-200x300.jpg 200w, https:\/\/1001voyagesgourmands.com\/wp-content\/uploads\/2024\/06\/202306_Oude-Rekem-11-768x1150.jpg 768w, https:\/\/1001voyagesgourmands.com\/wp-content\/uploads\/2024\/06\/202306_Oude-Rekem-11-1026x1536.jpg 1026w, https:\/\/1001voyagesgourmands.com\/wp-content\/uploads\/2024\/06\/202306_Oude-Rekem-11-585x876.jpg 585w\" sizes=\"auto, (max-width: 1135px) 100vw, 1135px\" \/> <img loading=\"lazy\" decoding=\"async\" class=\"aligncenter size-full wp-image-31484\" src=\"https:\/\/1001voyagesgourmands.com\/wp-content\/uploads\/2024\/06\/202306_Oude-Rekem-10.jpg\" alt=\"\" width=\"1135\" height=\"1700\" srcset=\"https:\/\/1001voyagesgourmands.com\/wp-content\/uploads\/2024\/06\/202306_Oude-Rekem-10.jpg 1135w, https:\/\/1001voyagesgourmands.com\/wp-content\/uploads\/2024\/06\/202306_Oude-Rekem-10-200x300.jpg 200w, https:\/\/1001voyagesgourmands.com\/wp-content\/uploads\/2024\/06\/202306_Oude-Rekem-10-768x1150.jpg 768w, https:\/\/1001voyagesgourmands.com\/wp-content\/uploads\/2024\/06\/202306_Oude-Rekem-10-1026x1536.jpg 1026w, https:\/\/1001voyagesgourmands.com\/wp-content\/uploads\/2024\/06\/202306_Oude-Rekem-10-585x876.jpg 585w\" sizes=\"auto, (max-width: 1135px) 100vw, 1135px\" \/> <img loading=\"lazy\" decoding=\"async\" class=\"aligncenter size-large wp-image-31482\" src=\"https:\/\/1001voyagesgourmands.com\/wp-content\/uploads\/2024\/06\/202306_Oude-Rekem-9-1170x781.jpg\" alt=\"\" width=\"1170\" height=\"781\" srcset=\"https:\/\/1001voyagesgourmands.com\/wp-content\/uploads\/2024\/06\/202306_Oude-Rekem-9-1170x781.jpg 1170w, https:\/\/1001voyagesgourmands.com\/wp-content\/uploads\/2024\/06\/202306_Oude-Rekem-9-300x200.jpg 300w, https:\/\/1001voyagesgourmands.com\/wp-content\/uploads\/2024\/06\/202306_Oude-Rekem-9-768x513.jpg 768w, https:\/\/1001voyagesgourmands.com\/wp-content\/uploads\/2024\/06\/202306_Oude-Rekem-9-1536x1026.jpg 1536w, https:\/\/1001voyagesgourmands.com\/wp-content\/uploads\/2024\/06\/202306_Oude-Rekem-9-585x391.jpg 585w, https:\/\/1001voyagesgourmands.com\/wp-content\/uploads\/2024\/06\/202306_Oude-Rekem-9-263x175.jpg 263w, https:\/\/1001voyagesgourmands.com\/wp-content\/uploads\/2024\/06\/202306_Oude-Rekem-9.jpg 1700w\" sizes=\"auto, (max-width: 1170px) 100vw, 1170px\" \/><img loading=\"lazy\" decoding=\"async\" class=\"aligncenter size-large wp-image-31488\" src=\"https:\/\/1001voyagesgourmands.com\/wp-content\/uploads\/2024\/06\/202306_Oude-Rekem-12-1170x781.jpg\" alt=\"Today I will take you to one of the most authentic villages in Flanders which brings you back in time a few hundreds years - Oud-Rekem.\" width=\"1170\" height=\"781\" srcset=\"https:\/\/1001voyagesgourmands.com\/wp-content\/uploads\/2024\/06\/202306_Oude-Rekem-12-1170x781.jpg 1170w, https:\/\/1001voyagesgourmands.com\/wp-content\/uploads\/2024\/06\/202306_Oude-Rekem-12-300x200.jpg 300w, https:\/\/1001voyagesgourmands.com\/wp-content\/uploads\/2024\/06\/202306_Oude-Rekem-12-768x513.jpg 768w, https:\/\/1001voyagesgourmands.com\/wp-content\/uploads\/2024\/06\/202306_Oude-Rekem-12-1536x1026.jpg 1536w, https:\/\/1001voyagesgourmands.com\/wp-content\/uploads\/2024\/06\/202306_Oude-Rekem-12-585x391.jpg 585w, https:\/\/1001voyagesgourmands.com\/wp-content\/uploads\/2024\/06\/202306_Oude-Rekem-12-263x175.jpg 263w, https:\/\/1001voyagesgourmands.com\/wp-content\/uploads\/2024\/06\/202306_Oude-Rekem-12.jpg 1700w\" sizes=\"auto, (max-width: 1170px) 100vw, 1170px\" \/> <img loading=\"lazy\" decoding=\"async\" class=\"aligncenter size-full wp-image-31490\" src=\"https:\/\/1001voyagesgourmands.com\/wp-content\/uploads\/2024\/06\/202306_Oude-Rekem-13.jpg\" alt=\"\" width=\"1135\" height=\"1700\" srcset=\"https:\/\/1001voyagesgourmands.com\/wp-content\/uploads\/2024\/06\/202306_Oude-Rekem-13.jpg 1135w, https:\/\/1001voyagesgourmands.com\/wp-content\/uploads\/2024\/06\/202306_Oude-Rekem-13-200x300.jpg 200w, https:\/\/1001voyagesgourmands.com\/wp-content\/uploads\/2024\/06\/202306_Oude-Rekem-13-768x1150.jpg 768w, https:\/\/1001voyagesgourmands.com\/wp-content\/uploads\/2024\/06\/202306_Oude-Rekem-13-1026x1536.jpg 1026w, https:\/\/1001voyagesgourmands.com\/wp-content\/uploads\/2024\/06\/202306_Oude-Rekem-13-585x876.jpg 585w\" sizes=\"auto, (max-width: 1135px) 100vw, 1135px\" \/> <img loading=\"lazy\" decoding=\"async\" class=\"aligncenter size-full wp-image-31492\" src=\"https:\/\/1001voyagesgourmands.com\/wp-content\/uploads\/2024\/06\/202306_Oude-Rekem-14.jpg\" alt=\"\" width=\"1135\" height=\"1700\" srcset=\"https:\/\/1001voyagesgourmands.com\/wp-content\/uploads\/2024\/06\/202306_Oude-Rekem-14.jpg 1135w, https:\/\/1001voyagesgourmands.com\/wp-content\/uploads\/2024\/06\/202306_Oude-Rekem-14-200x300.jpg 200w, https:\/\/1001voyagesgourmands.com\/wp-content\/uploads\/2024\/06\/202306_Oude-Rekem-14-768x1150.jpg 768w, https:\/\/1001voyagesgourmands.com\/wp-content\/uploads\/2024\/06\/202306_Oude-Rekem-14-1026x1536.jpg 1026w, https:\/\/1001voyagesgourmands.com\/wp-content\/uploads\/2024\/06\/202306_Oude-Rekem-14-585x876.jpg 585w\" sizes=\"auto, (max-width: 1135px) 100vw, 1135px\" \/><img loading=\"lazy\" decoding=\"async\" class=\"aligncenter wp-image-31536 size-full\" src=\"https:\/\/1001voyagesgourmands.com\/wp-content\/uploads\/2024\/06\/202306_Oude-Rekem-36.jpg\" alt=\"Dnes v\u00e1s vezmu do jedn\u00e9 z nejautenti\u010dt\u011bj\u0161\u00edch vesnic ve Vl\u00e1msku, kde se pono\u0159\u00edte nazp\u011bt v \u010dase o n\u011bjak\u00fdch p\u00e1r set let - Oud-Rekem.\" width=\"1135\" height=\"1700\" srcset=\"https:\/\/1001voyagesgourmands.com\/wp-content\/uploads\/2024\/06\/202306_Oude-Rekem-36.jpg 1135w, https:\/\/1001voyagesgourmands.com\/wp-content\/uploads\/2024\/06\/202306_Oude-Rekem-36-200x300.jpg 200w, https:\/\/1001voyagesgourmands.com\/wp-content\/uploads\/2024\/06\/202306_Oude-Rekem-36-768x1150.jpg 768w, https:\/\/1001voyagesgourmands.com\/wp-content\/uploads\/2024\/06\/202306_Oude-Rekem-36-1026x1536.jpg 1026w, https:\/\/1001voyagesgourmands.com\/wp-content\/uploads\/2024\/06\/202306_Oude-Rekem-36-585x876.jpg 585w\" sizes=\"auto, (max-width: 1135px) 100vw, 1135px\" \/><img loading=\"lazy\" decoding=\"async\" class=\"aligncenter size-full wp-image-31538\" src=\"https:\/\/1001voyagesgourmands.com\/wp-content\/uploads\/2024\/06\/202306_Oude-Rekem-37.jpg\" alt=\"\" width=\"1135\" height=\"1700\" srcset=\"https:\/\/1001voyagesgourmands.com\/wp-content\/uploads\/2024\/06\/202306_Oude-Rekem-37.jpg 1135w, https:\/\/1001voyagesgourmands.com\/wp-content\/uploads\/2024\/06\/202306_Oude-Rekem-37-200x300.jpg 200w, https:\/\/1001voyagesgourmands.com\/wp-content\/uploads\/2024\/06\/202306_Oude-Rekem-37-768x1150.jpg 768w, https:\/\/1001voyagesgourmands.com\/wp-content\/uploads\/2024\/06\/202306_Oude-Rekem-37-1026x1536.jpg 1026w, https:\/\/1001voyagesgourmands.com\/wp-content\/uploads\/2024\/06\/202306_Oude-Rekem-37-585x876.jpg 585w\" sizes=\"auto, (max-width: 1135px) 100vw, 1135px\" \/><img loading=\"lazy\" decoding=\"async\" class=\"aligncenter wp-image-31494 size-full\" src=\"https:\/\/1001voyagesgourmands.com\/wp-content\/uploads\/2024\/06\/202306_Oude-Rekem-15.jpg\" alt=\"Dnes v\u00e1s vezmu do jedn\u00e9 z nejautenti\u010dt\u011bj\u0161\u00edch vesnic ve Vl\u00e1msku, kde se pono\u0159\u00edte nazp\u011bt v \u010dase o n\u011bjak\u00fdch p\u00e1r set let - Oud-Rekem.\" width=\"1135\" height=\"1700\" srcset=\"https:\/\/1001voyagesgourmands.com\/wp-content\/uploads\/2024\/06\/202306_Oude-Rekem-15.jpg 1135w, https:\/\/1001voyagesgourmands.com\/wp-content\/uploads\/2024\/06\/202306_Oude-Rekem-15-200x300.jpg 200w, https:\/\/1001voyagesgourmands.com\/wp-content\/uploads\/2024\/06\/202306_Oude-Rekem-15-768x1150.jpg 768w, https:\/\/1001voyagesgourmands.com\/wp-content\/uploads\/2024\/06\/202306_Oude-Rekem-15-1026x1536.jpg 1026w, https:\/\/1001voyagesgourmands.com\/wp-content\/uploads\/2024\/06\/202306_Oude-Rekem-15-585x876.jpg 585w\" sizes=\"auto, (max-width: 1135px) 100vw, 1135px\" \/> <img loading=\"lazy\" decoding=\"async\" class=\"aligncenter size-full wp-image-31540\" src=\"https:\/\/1001voyagesgourmands.com\/wp-content\/uploads\/2024\/06\/202306_Oude-Rekem-38.jpg\" alt=\"\" width=\"1135\" height=\"1700\" srcset=\"https:\/\/1001voyagesgourmands.com\/wp-content\/uploads\/2024\/06\/202306_Oude-Rekem-38.jpg 1135w, https:\/\/1001voyagesgourmands.com\/wp-content\/uploads\/2024\/06\/202306_Oude-Rekem-38-200x300.jpg 200w, https:\/\/1001voyagesgourmands.com\/wp-content\/uploads\/2024\/06\/202306_Oude-Rekem-38-768x1150.jpg 768w, https:\/\/1001voyagesgourmands.com\/wp-content\/uploads\/2024\/06\/202306_Oude-Rekem-38-1026x1536.jpg 1026w, https:\/\/1001voyagesgourmands.com\/wp-content\/uploads\/2024\/06\/202306_Oude-Rekem-38-585x876.jpg 585w\" sizes=\"auto, (max-width: 1135px) 100vw, 1135px\" \/><img loading=\"lazy\" decoding=\"async\" class=\"aligncenter size-large wp-image-31502\" src=\"https:\/\/1001voyagesgourmands.com\/wp-content\/uploads\/2024\/06\/202306_Oude-Rekem-19-1170x781.jpg\" alt=\"\" width=\"1170\" height=\"781\" srcset=\"https:\/\/1001voyagesgourmands.com\/wp-content\/uploads\/2024\/06\/202306_Oude-Rekem-19-1170x781.jpg 1170w, https:\/\/1001voyagesgourmands.com\/wp-content\/uploads\/2024\/06\/202306_Oude-Rekem-19-300x200.jpg 300w, https:\/\/1001voyagesgourmands.com\/wp-content\/uploads\/2024\/06\/202306_Oude-Rekem-19-768x513.jpg 768w, https:\/\/1001voyagesgourmands.com\/wp-content\/uploads\/2024\/06\/202306_Oude-Rekem-19-1536x1026.jpg 1536w, https:\/\/1001voyagesgourmands.com\/wp-content\/uploads\/2024\/06\/202306_Oude-Rekem-19-585x391.jpg 585w, https:\/\/1001voyagesgourmands.com\/wp-content\/uploads\/2024\/06\/202306_Oude-Rekem-19-263x175.jpg 263w, https:\/\/1001voyagesgourmands.com\/wp-content\/uploads\/2024\/06\/202306_Oude-Rekem-19.jpg 1700w\" sizes=\"auto, (max-width: 1170px) 100vw, 1170px\" \/><img loading=\"lazy\" decoding=\"async\" class=\"aligncenter size-full wp-image-31498\" src=\"https:\/\/1001voyagesgourmands.com\/wp-content\/uploads\/2024\/06\/202306_Oude-Rekem-17.jpg\" alt=\"\" width=\"1135\" height=\"1700\" srcset=\"https:\/\/1001voyagesgourmands.com\/wp-content\/uploads\/2024\/06\/202306_Oude-Rekem-17.jpg 1135w, https:\/\/1001voyagesgourmands.com\/wp-content\/uploads\/2024\/06\/202306_Oude-Rekem-17-200x300.jpg 200w, https:\/\/1001voyagesgourmands.com\/wp-content\/uploads\/2024\/06\/202306_Oude-Rekem-17-768x1150.jpg 768w, https:\/\/1001voyagesgourmands.com\/wp-content\/uploads\/2024\/06\/202306_Oude-Rekem-17-1026x1536.jpg 1026w, https:\/\/1001voyagesgourmands.com\/wp-content\/uploads\/2024\/06\/202306_Oude-Rekem-17-585x876.jpg 585w\" sizes=\"auto, (max-width: 1135px) 100vw, 1135px\" \/> <img loading=\"lazy\" decoding=\"async\" class=\"aligncenter wp-image-31496 size-full\" src=\"https:\/\/1001voyagesgourmands.com\/wp-content\/uploads\/2024\/06\/202306_Oude-Rekem-16.jpg\" alt=\"Dnes v\u00e1s vezmu do jedn\u00e9 z nejautenti\u010dt\u011bj\u0161\u00edch vesnic ve Vl\u00e1msku, kde se pono\u0159\u00edte nazp\u011bt v \u010dase o n\u011bjak\u00fdch p\u00e1r set let - Oud-Rekem.\" width=\"1135\" height=\"1700\" srcset=\"https:\/\/1001voyagesgourmands.com\/wp-content\/uploads\/2024\/06\/202306_Oude-Rekem-16.jpg 1135w, https:\/\/1001voyagesgourmands.com\/wp-content\/uploads\/2024\/06\/202306_Oude-Rekem-16-200x300.jpg 200w, https:\/\/1001voyagesgourmands.com\/wp-content\/uploads\/2024\/06\/202306_Oude-Rekem-16-768x1150.jpg 768w, https:\/\/1001voyagesgourmands.com\/wp-content\/uploads\/2024\/06\/202306_Oude-Rekem-16-1026x1536.jpg 1026w, https:\/\/1001voyagesgourmands.com\/wp-content\/uploads\/2024\/06\/202306_Oude-Rekem-16-585x876.jpg 585w\" sizes=\"auto, (max-width: 1135px) 100vw, 1135px\" \/><img loading=\"lazy\" decoding=\"async\" class=\"aligncenter size-full wp-image-31500\" src=\"https:\/\/1001voyagesgourmands.com\/wp-content\/uploads\/2024\/06\/202306_Oude-Rekem-18.jpg\" alt=\"\" width=\"1135\" height=\"1700\" srcset=\"https:\/\/1001voyagesgourmands.com\/wp-content\/uploads\/2024\/06\/202306_Oude-Rekem-18.jpg 1135w, https:\/\/1001voyagesgourmands.com\/wp-content\/uploads\/2024\/06\/202306_Oude-Rekem-18-200x300.jpg 200w, https:\/\/1001voyagesgourmands.com\/wp-content\/uploads\/2024\/06\/202306_Oude-Rekem-18-768x1150.jpg 768w, https:\/\/1001voyagesgourmands.com\/wp-content\/uploads\/2024\/06\/202306_Oude-Rekem-18-1026x1536.jpg 1026w, https:\/\/1001voyagesgourmands.com\/wp-content\/uploads\/2024\/06\/202306_Oude-Rekem-18-585x876.jpg 585w\" sizes=\"auto, (max-width: 1135px) 100vw, 1135px\" \/> <img loading=\"lazy\" decoding=\"async\" class=\"aligncenter size-full wp-image-31504\" src=\"https:\/\/1001voyagesgourmands.com\/wp-content\/uploads\/2024\/06\/202306_Oude-Rekem-20.jpg\" alt=\"\" width=\"1135\" height=\"1700\" srcset=\"https:\/\/1001voyagesgourmands.com\/wp-content\/uploads\/2024\/06\/202306_Oude-Rekem-20.jpg 1135w, https:\/\/1001voyagesgourmands.com\/wp-content\/uploads\/2024\/06\/202306_Oude-Rekem-20-200x300.jpg 200w, https:\/\/1001voyagesgourmands.com\/wp-content\/uploads\/2024\/06\/202306_Oude-Rekem-20-768x1150.jpg 768w, https:\/\/1001voyagesgourmands.com\/wp-content\/uploads\/2024\/06\/202306_Oude-Rekem-20-1026x1536.jpg 1026w, https:\/\/1001voyagesgourmands.com\/wp-content\/uploads\/2024\/06\/202306_Oude-Rekem-20-585x876.jpg 585w\" sizes=\"auto, (max-width: 1135px) 100vw, 1135px\" \/><img loading=\"lazy\" decoding=\"async\" class=\"aligncenter size-full wp-image-31506\" src=\"https:\/\/1001voyagesgourmands.com\/wp-content\/uploads\/2024\/06\/202306_Oude-Rekem-21.jpg\" alt=\"\" width=\"1135\" height=\"1700\" srcset=\"https:\/\/1001voyagesgourmands.com\/wp-content\/uploads\/2024\/06\/202306_Oude-Rekem-21.jpg 1135w, https:\/\/1001voyagesgourmands.com\/wp-content\/uploads\/2024\/06\/202306_Oude-Rekem-21-200x300.jpg 200w, https:\/\/1001voyagesgourmands.com\/wp-content\/uploads\/2024\/06\/202306_Oude-Rekem-21-768x1150.jpg 768w, https:\/\/1001voyagesgourmands.com\/wp-content\/uploads\/2024\/06\/202306_Oude-Rekem-21-1026x1536.jpg 1026w, https:\/\/1001voyagesgourmands.com\/wp-content\/uploads\/2024\/06\/202306_Oude-Rekem-21-585x876.jpg 585w\" sizes=\"auto, (max-width: 1135px) 100vw, 1135px\" \/> <img loading=\"lazy\" decoding=\"async\" class=\"aligncenter size-full wp-image-31508\" src=\"https:\/\/1001voyagesgourmands.com\/wp-content\/uploads\/2024\/06\/202306_Oude-Rekem-22.jpg\" alt=\"\" width=\"1135\" height=\"1700\" srcset=\"https:\/\/1001voyagesgourmands.com\/wp-content\/uploads\/2024\/06\/202306_Oude-Rekem-22.jpg 1135w, https:\/\/1001voyagesgourmands.com\/wp-content\/uploads\/2024\/06\/202306_Oude-Rekem-22-200x300.jpg 200w, https:\/\/1001voyagesgourmands.com\/wp-content\/uploads\/2024\/06\/202306_Oude-Rekem-22-768x1150.jpg 768w, https:\/\/1001voyagesgourmands.com\/wp-content\/uploads\/2024\/06\/202306_Oude-Rekem-22-1026x1536.jpg 1026w, https:\/\/1001voyagesgourmands.com\/wp-content\/uploads\/2024\/06\/202306_Oude-Rekem-22-585x876.jpg 585w\" sizes=\"auto, (max-width: 1135px) 100vw, 1135px\" \/> <img loading=\"lazy\" decoding=\"async\" class=\"aligncenter size-full wp-image-31510\" src=\"https:\/\/1001voyagesgourmands.com\/wp-content\/uploads\/2024\/06\/202306_Oude-Rekem-23.jpg\" alt=\"\" width=\"1135\" height=\"1700\" srcset=\"https:\/\/1001voyagesgourmands.com\/wp-content\/uploads\/2024\/06\/202306_Oude-Rekem-23.jpg 1135w, https:\/\/1001voyagesgourmands.com\/wp-content\/uploads\/2024\/06\/202306_Oude-Rekem-23-200x300.jpg 200w, https:\/\/1001voyagesgourmands.com\/wp-content\/uploads\/2024\/06\/202306_Oude-Rekem-23-768x1150.jpg 768w, https:\/\/1001voyagesgourmands.com\/wp-content\/uploads\/2024\/06\/202306_Oude-Rekem-23-1026x1536.jpg 1026w, https:\/\/1001voyagesgourmands.com\/wp-content\/uploads\/2024\/06\/202306_Oude-Rekem-23-585x876.jpg 585w\" sizes=\"auto, (max-width: 1135px) 100vw, 1135px\" \/> <img loading=\"lazy\" decoding=\"async\" class=\"aligncenter size-full wp-image-31512\" src=\"https:\/\/1001voyagesgourmands.com\/wp-content\/uploads\/2024\/06\/202306_Oude-Rekem-24.jpg\" alt=\"\" width=\"1135\" height=\"1700\" srcset=\"https:\/\/1001voyagesgourmands.com\/wp-content\/uploads\/2024\/06\/202306_Oude-Rekem-24.jpg 1135w, https:\/\/1001voyagesgourmands.com\/wp-content\/uploads\/2024\/06\/202306_Oude-Rekem-24-200x300.jpg 200w, https:\/\/1001voyagesgourmands.com\/wp-content\/uploads\/2024\/06\/202306_Oude-Rekem-24-768x1150.jpg 768w, https:\/\/1001voyagesgourmands.com\/wp-content\/uploads\/2024\/06\/202306_Oude-Rekem-24-1026x1536.jpg 1026w, https:\/\/1001voyagesgourmands.com\/wp-content\/uploads\/2024\/06\/202306_Oude-Rekem-24-585x876.jpg 585w\" sizes=\"auto, (max-width: 1135px) 100vw, 1135px\" \/> <img loading=\"lazy\" decoding=\"async\" class=\"aligncenter size-large wp-image-31516\" src=\"https:\/\/1001voyagesgourmands.com\/wp-content\/uploads\/2024\/06\/202306_Oude-Rekem-26-1170x781.jpg\" alt=\"\" width=\"1170\" height=\"781\" srcset=\"https:\/\/1001voyagesgourmands.com\/wp-content\/uploads\/2024\/06\/202306_Oude-Rekem-26-1170x781.jpg 1170w, https:\/\/1001voyagesgourmands.com\/wp-content\/uploads\/2024\/06\/202306_Oude-Rekem-26-300x200.jpg 300w, https:\/\/1001voyagesgourmands.com\/wp-content\/uploads\/2024\/06\/202306_Oude-Rekem-26-768x513.jpg 768w, https:\/\/1001voyagesgourmands.com\/wp-content\/uploads\/2024\/06\/202306_Oude-Rekem-26-1536x1026.jpg 1536w, https:\/\/1001voyagesgourmands.com\/wp-content\/uploads\/2024\/06\/202306_Oude-Rekem-26-585x391.jpg 585w, https:\/\/1001voyagesgourmands.com\/wp-content\/uploads\/2024\/06\/202306_Oude-Rekem-26-263x175.jpg 263w, https:\/\/1001voyagesgourmands.com\/wp-content\/uploads\/2024\/06\/202306_Oude-Rekem-26.jpg 1700w\" sizes=\"auto, (max-width: 1170px) 100vw, 1170px\" \/> <img loading=\"lazy\" decoding=\"async\" class=\"aligncenter size-large wp-image-31518\" src=\"https:\/\/1001voyagesgourmands.com\/wp-content\/uploads\/2024\/06\/202306_Oude-Rekem-27-1170x781.jpg\" alt=\"\" width=\"1170\" height=\"781\" srcset=\"https:\/\/1001voyagesgourmands.com\/wp-content\/uploads\/2024\/06\/202306_Oude-Rekem-27-1170x781.jpg 1170w, https:\/\/1001voyagesgourmands.com\/wp-content\/uploads\/2024\/06\/202306_Oude-Rekem-27-300x200.jpg 300w, https:\/\/1001voyagesgourmands.com\/wp-content\/uploads\/2024\/06\/202306_Oude-Rekem-27-768x513.jpg 768w, https:\/\/1001voyagesgourmands.com\/wp-content\/uploads\/2024\/06\/202306_Oude-Rekem-27-1536x1026.jpg 1536w, https:\/\/1001voyagesgourmands.com\/wp-content\/uploads\/2024\/06\/202306_Oude-Rekem-27-585x391.jpg 585w, https:\/\/1001voyagesgourmands.com\/wp-content\/uploads\/2024\/06\/202306_Oude-Rekem-27-263x175.jpg 263w, https:\/\/1001voyagesgourmands.com\/wp-content\/uploads\/2024\/06\/202306_Oude-Rekem-27.jpg 1700w\" sizes=\"auto, (max-width: 1170px) 100vw, 1170px\" \/> <img loading=\"lazy\" decoding=\"async\" class=\"aligncenter size-full wp-image-31520\" src=\"https:\/\/1001voyagesgourmands.com\/wp-content\/uploads\/2024\/06\/202306_Oude-Rekem-28.jpg\" alt=\"\" width=\"1135\" height=\"1700\" srcset=\"https:\/\/1001voyagesgourmands.com\/wp-content\/uploads\/2024\/06\/202306_Oude-Rekem-28.jpg 1135w, https:\/\/1001voyagesgourmands.com\/wp-content\/uploads\/2024\/06\/202306_Oude-Rekem-28-200x300.jpg 200w, https:\/\/1001voyagesgourmands.com\/wp-content\/uploads\/2024\/06\/202306_Oude-Rekem-28-768x1150.jpg 768w, https:\/\/1001voyagesgourmands.com\/wp-content\/uploads\/2024\/06\/202306_Oude-Rekem-28-1026x1536.jpg 1026w, https:\/\/1001voyagesgourmands.com\/wp-content\/uploads\/2024\/06\/202306_Oude-Rekem-28-585x876.jpg 585w\" sizes=\"auto, (max-width: 1135px) 100vw, 1135px\" \/> <img loading=\"lazy\" decoding=\"async\" class=\"aligncenter size-large wp-image-31528\" src=\"https:\/\/1001voyagesgourmands.com\/wp-content\/uploads\/2024\/06\/202306_Oude-Rekem-32-1170x781.jpg\" alt=\"\" width=\"1170\" height=\"781\" srcset=\"https:\/\/1001voyagesgourmands.com\/wp-content\/uploads\/2024\/06\/202306_Oude-Rekem-32-1170x781.jpg 1170w, https:\/\/1001voyagesgourmands.com\/wp-content\/uploads\/2024\/06\/202306_Oude-Rekem-32-300x200.jpg 300w, https:\/\/1001voyagesgourmands.com\/wp-content\/uploads\/2024\/06\/202306_Oude-Rekem-32-768x513.jpg 768w, https:\/\/1001voyagesgourmands.com\/wp-content\/uploads\/2024\/06\/202306_Oude-Rekem-32-1536x1026.jpg 1536w, https:\/\/1001voyagesgourmands.com\/wp-content\/uploads\/2024\/06\/202306_Oude-Rekem-32-585x391.jpg 585w, https:\/\/1001voyagesgourmands.com\/wp-content\/uploads\/2024\/06\/202306_Oude-Rekem-32-263x175.jpg 263w, https:\/\/1001voyagesgourmands.com\/wp-content\/uploads\/2024\/06\/202306_Oude-Rekem-32.jpg 1700w\" sizes=\"auto, (max-width: 1170px) 100vw, 1170px\" \/> <img loading=\"lazy\" decoding=\"async\" class=\"aligncenter size-full wp-image-31526\" src=\"https:\/\/1001voyagesgourmands.com\/wp-content\/uploads\/2024\/06\/202306_Oude-Rekem-31.jpg\" alt=\"\" width=\"1135\" height=\"1700\" srcset=\"https:\/\/1001voyagesgourmands.com\/wp-content\/uploads\/2024\/06\/202306_Oude-Rekem-31.jpg 1135w, https:\/\/1001voyagesgourmands.com\/wp-content\/uploads\/2024\/06\/202306_Oude-Rekem-31-200x300.jpg 200w, https:\/\/1001voyagesgourmands.com\/wp-content\/uploads\/2024\/06\/202306_Oude-Rekem-31-768x1150.jpg 768w, https:\/\/1001voyagesgourmands.com\/wp-content\/uploads\/2024\/06\/202306_Oude-Rekem-31-1026x1536.jpg 1026w, https:\/\/1001voyagesgourmands.com\/wp-content\/uploads\/2024\/06\/202306_Oude-Rekem-31-585x876.jpg 585w\" sizes=\"auto, (max-width: 1135px) 100vw, 1135px\" \/><img loading=\"lazy\" decoding=\"async\" class=\"aligncenter size-large wp-image-31532\" src=\"https:\/\/1001voyagesgourmands.com\/wp-content\/uploads\/2024\/06\/202306_Oude-Rekem-34-1170x781.jpg\" alt=\"\" width=\"1170\" height=\"781\" srcset=\"https:\/\/1001voyagesgourmands.com\/wp-content\/uploads\/2024\/06\/202306_Oude-Rekem-34-1170x781.jpg 1170w, https:\/\/1001voyagesgourmands.com\/wp-content\/uploads\/2024\/06\/202306_Oude-Rekem-34-300x200.jpg 300w, https:\/\/1001voyagesgourmands.com\/wp-content\/uploads\/2024\/06\/202306_Oude-Rekem-34-768x513.jpg 768w, https:\/\/1001voyagesgourmands.com\/wp-content\/uploads\/2024\/06\/202306_Oude-Rekem-34-1536x1026.jpg 1536w, https:\/\/1001voyagesgourmands.com\/wp-content\/uploads\/2024\/06\/202306_Oude-Rekem-34-585x391.jpg 585w, https:\/\/1001voyagesgourmands.com\/wp-content\/uploads\/2024\/06\/202306_Oude-Rekem-34-263x175.jpg 263w, https:\/\/1001voyagesgourmands.com\/wp-content\/uploads\/2024\/06\/202306_Oude-Rekem-34.jpg 1700w\" sizes=\"auto, (max-width: 1170px) 100vw, 1170px\" \/><img loading=\"lazy\" decoding=\"async\" class=\"aligncenter size-full wp-image-31542\" src=\"https:\/\/1001voyagesgourmands.com\/wp-content\/uploads\/2024\/06\/202306_Oude-Rekem-39.jpg\" alt=\"\" width=\"1135\" height=\"1700\" srcset=\"https:\/\/1001voyagesgourmands.com\/wp-content\/uploads\/2024\/06\/202306_Oude-Rekem-39.jpg 1135w, https:\/\/1001voyagesgourmands.com\/wp-content\/uploads\/2024\/06\/202306_Oude-Rekem-39-200x300.jpg 200w, https:\/\/1001voyagesgourmands.com\/wp-content\/uploads\/2024\/06\/202306_Oude-Rekem-39-768x1150.jpg 768w, https:\/\/1001voyagesgourmands.com\/wp-content\/uploads\/2024\/06\/202306_Oude-Rekem-39-1026x1536.jpg 1026w, https:\/\/1001voyagesgourmands.com\/wp-content\/uploads\/2024\/06\/202306_Oude-Rekem-39-585x876.jpg 585w\" sizes=\"auto, (max-width: 1135px) 100vw, 1135px\" \/><\/p>\n","protected":false},"excerpt":{"rendered":"<p>Dnes v\u00e1s vezmu do jedn\u00e9 z nejautenti\u010dt\u011bj\u0161\u00edch vesnic ve Vl\u00e1msku (nizozemsky mluv\u00edc\u00ed \u010d\u00e1st Belgie), kde se pono\u0159\u00edte nazp\u011bt v \u010dase o n\u011bjak\u00fdch p\u00e1r set let. Najdete tu starou muzejn\u00ed l\u00e9k\u00e1rnu, n\u011bkolik kostel\u016f a z\u00e1mek. Oud-Rekem byla dokonce v roce 2008 vyhl\u00e1\u0161en\u00e1 nejhez\u010d\u00ed vesnic\u00ed Vl\u00e1mska, tak\u017ee na proch\u00e1zku uli\u010dkami si vymezte&hellip;<\/p>\n","protected":false},"author":1,"featured_media":31471,"comment_status":"open","ping_status":"open","sticky":false,"template":"","format":"standard","meta":{"_exactmetrics_skip_tracking":false,"_exactmetrics_sitenote_active":false,"_exactmetrics_sitenote_note":"","_exactmetrics_sitenote_category":0,"_lmt_disableupdate":"","_lmt_disable":"","footnotes":""},"categories":[362,4],"tags":[],"class_list":["post-31548","post","type-post","status-publish","format-standard","has-post-thumbnail","hentry","category-belgie","category-cestovani"],"yoast_head":"<!-- This site is optimized with the Yoast SEO plugin v26.1.1 - https:\/\/yoast.com\/wordpress\/plugins\/seo\/ -->\n<title>Oud-Rekem - Jedna z nejkr\u00e1sn\u011bjc\u00edch vl\u00e1msk\u00fdch vesnic - 1001 Voyages Gourmands<\/title>\n<meta name=\"description\" content=\"Dnes v\u00e1s vezmu do jedn\u00e9 z nejautenti\u010dt\u011bj\u0161\u00edch vesnic ve Vl\u00e1msku, kde se pono\u0159\u00edte nazp\u011bt v \u010dase o n\u011bjak\u00fdch p\u00e1r set let - Oud-Rekem.\" \/>\n<meta name=\"robots\" content=\"index, follow, max-snippet:-1, max-image-preview:large, max-video-preview:-1\" \/>\n<link rel=\"canonical\" href=\"https:\/\/1001voyagesgourmands.com\/cs\/oud-rekem-jedna-z-nejkrasnejcich-vlamskych-vesnic\/\" \/>\n<meta property=\"og:locale\" content=\"cs_CZ\" \/>\n<meta property=\"og:type\" content=\"article\" \/>\n<meta property=\"og:title\" content=\"Oud-Rekem - Jedna z nejkr\u00e1sn\u011bjc\u00edch vl\u00e1msk\u00fdch vesnic - 1001 Voyages Gourmands\" \/>\n<meta property=\"og:description\" content=\"Dnes v\u00e1s vezmu do jedn\u00e9 z nejautenti\u010dt\u011bj\u0161\u00edch vesnic ve Vl\u00e1msku, kde se pono\u0159\u00edte nazp\u011bt v \u010dase o n\u011bjak\u00fdch p\u00e1r set let - Oud-Rekem.\" \/>\n<meta property=\"og:url\" content=\"https:\/\/1001voyagesgourmands.com\/cs\/oud-rekem-jedna-z-nejkrasnejcich-vlamskych-vesnic\/\" \/>\n<meta property=\"og:site_name\" content=\"1001 Voyages Gourmands\" \/>\n<meta property=\"article:publisher\" content=\"https:\/\/www.facebook.com\/1001voyagesgourmands\" \/>\n<meta property=\"article:published_time\" content=\"2024-09-17T19:57:55+00:00\" \/>\n<meta property=\"article:modified_time\" content=\"2024-09-17T19:59:08+00:00\" \/>\n<meta property=\"og:image\" content=\"https:\/\/1001voyagesgourmands.com\/wp-content\/uploads\/2024\/06\/202306_Oude-Rekem-3.jpg\" \/>\n\t<meta property=\"og:image:width\" content=\"1135\" \/>\n\t<meta property=\"og:image:height\" content=\"1700\" \/>\n\t<meta property=\"og:image:type\" content=\"image\/jpeg\" \/>\n<meta name=\"author\" content=\"Michaela\" \/>\n<meta name=\"twitter:card\" content=\"summary_large_image\" \/>\n<meta name=\"twitter:creator\" content=\"@michaela_1001vg\" \/>\n<meta name=\"twitter:site\" content=\"@michaela_1001vg\" \/>\n<meta name=\"twitter:label1\" content=\"Napsal(a)\" \/>\n\t<meta name=\"twitter:data1\" content=\"Michaela\" \/>\n\t<meta name=\"twitter:label2\" content=\"Odhadovan\u00e1 doba \u010dten\u00ed\" \/>\n\t<meta name=\"twitter:data2\" content=\"9 minut\" \/>\n<script type=\"application\/ld+json\" class=\"yoast-schema-graph\">{\"@context\":\"https:\/\/schema.org\",\"@graph\":[{\"@type\":\"WebPage\",\"@id\":\"https:\/\/1001voyagesgourmands.com\/cs\/oud-rekem-jedna-z-nejkrasnejcich-vlamskych-vesnic\/\",\"url\":\"https:\/\/1001voyagesgourmands.com\/cs\/oud-rekem-jedna-z-nejkrasnejcich-vlamskych-vesnic\/\",\"name\":\"Oud-Rekem - Jedna z nejkr\u00e1sn\u011bjc\u00edch vl\u00e1msk\u00fdch vesnic - 1001 Voyages Gourmands\",\"isPartOf\":{\"@id\":\"https:\/\/1001voyagesgourmands.com\/cs\/#website\"},\"primaryImageOfPage\":{\"@id\":\"https:\/\/1001voyagesgourmands.com\/cs\/oud-rekem-jedna-z-nejkrasnejcich-vlamskych-vesnic\/#primaryimage\"},\"image\":{\"@id\":\"https:\/\/1001voyagesgourmands.com\/cs\/oud-rekem-jedna-z-nejkrasnejcich-vlamskych-vesnic\/#primaryimage\"},\"thumbnailUrl\":\"https:\/\/1001voyagesgourmands.com\/wp-content\/uploads\/2024\/06\/202306_Oude-Rekem-3.jpg\",\"datePublished\":\"2024-09-17T19:57:55+00:00\",\"dateModified\":\"2024-09-17T19:59:08+00:00\",\"author\":{\"@id\":\"https:\/\/1001voyagesgourmands.com\/cs\/#\/schema\/person\/62e0e7238fcf7482b23bf83e1b72ff1b\"},\"description\":\"Dnes v\u00e1s vezmu do jedn\u00e9 z nejautenti\u010dt\u011bj\u0161\u00edch vesnic ve Vl\u00e1msku, kde se pono\u0159\u00edte nazp\u011bt v \u010dase o n\u011bjak\u00fdch p\u00e1r set let - Oud-Rekem.\",\"breadcrumb\":{\"@id\":\"https:\/\/1001voyagesgourmands.com\/cs\/oud-rekem-jedna-z-nejkrasnejcich-vlamskych-vesnic\/#breadcrumb\"},\"inLanguage\":\"cs\",\"potentialAction\":[{\"@type\":\"ReadAction\",\"target\":[\"https:\/\/1001voyagesgourmands.com\/cs\/oud-rekem-jedna-z-nejkrasnejcich-vlamskych-vesnic\/\"]}]},{\"@type\":\"ImageObject\",\"inLanguage\":\"cs\",\"@id\":\"https:\/\/1001voyagesgourmands.com\/cs\/oud-rekem-jedna-z-nejkrasnejcich-vlamskych-vesnic\/#primaryimage\",\"url\":\"https:\/\/1001voyagesgourmands.com\/wp-content\/uploads\/2024\/06\/202306_Oude-Rekem-3.jpg\",\"contentUrl\":\"https:\/\/1001voyagesgourmands.com\/wp-content\/uploads\/2024\/06\/202306_Oude-Rekem-3.jpg\",\"width\":1135,\"height\":1700,\"caption\":\"Today I will take you to one of the most authentic villages in Flanders which brings you back in time a few hundreds years - Oud-Rekem.\"},{\"@type\":\"BreadcrumbList\",\"@id\":\"https:\/\/1001voyagesgourmands.com\/cs\/oud-rekem-jedna-z-nejkrasnejcich-vlamskych-vesnic\/#breadcrumb\",\"itemListElement\":[{\"@type\":\"ListItem\",\"position\":1,\"name\":\"Dom\u016f\",\"item\":\"https:\/\/1001voyagesgourmands.com\/cs\/\"},{\"@type\":\"ListItem\",\"position\":2,\"name\":\"Oud-Rekem &#8211; Jedna z nejkr\u00e1sn\u011bjc\u00edch vl\u00e1msk\u00fdch vesnic\"}]},{\"@type\":\"WebSite\",\"@id\":\"https:\/\/1001voyagesgourmands.com\/cs\/#website\",\"url\":\"https:\/\/1001voyagesgourmands.com\/cs\/\",\"name\":\"1001 Voyages Gourmands\",\"description\":\"Food | Travel | Photography\",\"potentialAction\":[{\"@type\":\"SearchAction\",\"target\":{\"@type\":\"EntryPoint\",\"urlTemplate\":\"https:\/\/1001voyagesgourmands.com\/cs\/?s={search_term_string}\"},\"query-input\":{\"@type\":\"PropertyValueSpecification\",\"valueRequired\":true,\"valueName\":\"search_term_string\"}}],\"inLanguage\":\"cs\"},{\"@type\":\"Person\",\"@id\":\"https:\/\/1001voyagesgourmands.com\/cs\/#\/schema\/person\/62e0e7238fcf7482b23bf83e1b72ff1b\",\"name\":\"Michaela\",\"image\":{\"@type\":\"ImageObject\",\"inLanguage\":\"cs\",\"@id\":\"https:\/\/1001voyagesgourmands.com\/cs\/#\/schema\/person\/image\/\",\"url\":\"https:\/\/secure.gravatar.com\/avatar\/73fa562a5b0ce269ca480f67de504b8ecac054a121d170e226f1b79e02024cb8?s=96&d=mm&r=g\",\"contentUrl\":\"https:\/\/secure.gravatar.com\/avatar\/73fa562a5b0ce269ca480f67de504b8ecac054a121d170e226f1b79e02024cb8?s=96&d=mm&r=g\",\"caption\":\"Michaela\"},\"sameAs\":[\"http:\/\/1001voyagesgourmands.com\"]}]}<\/script>\n<!-- \/ Yoast SEO plugin. -->","yoast_head_json":{"title":"Oud-Rekem - Jedna z nejkr\u00e1sn\u011bjc\u00edch vl\u00e1msk\u00fdch vesnic - 1001 Voyages Gourmands","description":"Dnes v\u00e1s vezmu do jedn\u00e9 z nejautenti\u010dt\u011bj\u0161\u00edch vesnic ve Vl\u00e1msku, kde se pono\u0159\u00edte nazp\u011bt v \u010dase o n\u011bjak\u00fdch p\u00e1r set let - Oud-Rekem.","robots":{"index":"index","follow":"follow","max-snippet":"max-snippet:-1","max-image-preview":"max-image-preview:large","max-video-preview":"max-video-preview:-1"},"canonical":"https:\/\/1001voyagesgourmands.com\/cs\/oud-rekem-jedna-z-nejkrasnejcich-vlamskych-vesnic\/","og_locale":"cs_CZ","og_type":"article","og_title":"Oud-Rekem - Jedna z nejkr\u00e1sn\u011bjc\u00edch vl\u00e1msk\u00fdch vesnic - 1001 Voyages Gourmands","og_description":"Dnes v\u00e1s vezmu do jedn\u00e9 z nejautenti\u010dt\u011bj\u0161\u00edch vesnic ve Vl\u00e1msku, kde se pono\u0159\u00edte nazp\u011bt v \u010dase o n\u011bjak\u00fdch p\u00e1r set let - Oud-Rekem.","og_url":"https:\/\/1001voyagesgourmands.com\/cs\/oud-rekem-jedna-z-nejkrasnejcich-vlamskych-vesnic\/","og_site_name":"1001 Voyages Gourmands","article_publisher":"https:\/\/www.facebook.com\/1001voyagesgourmands","article_published_time":"2024-09-17T19:57:55+00:00","article_modified_time":"2024-09-17T19:59:08+00:00","og_image":[{"width":1135,"height":1700,"url":"https:\/\/1001voyagesgourmands.com\/wp-content\/uploads\/2024\/06\/202306_Oude-Rekem-3.jpg","type":"image\/jpeg"}],"author":"Michaela","twitter_card":"summary_large_image","twitter_creator":"@michaela_1001vg","twitter_site":"@michaela_1001vg","twitter_misc":{"Napsal(a)":"Michaela","Odhadovan\u00e1 doba \u010dten\u00ed":"9 minut"},"schema":{"@context":"https:\/\/schema.org","@graph":[{"@type":"WebPage","@id":"https:\/\/1001voyagesgourmands.com\/cs\/oud-rekem-jedna-z-nejkrasnejcich-vlamskych-vesnic\/","url":"https:\/\/1001voyagesgourmands.com\/cs\/oud-rekem-jedna-z-nejkrasnejcich-vlamskych-vesnic\/","name":"Oud-Rekem - Jedna z nejkr\u00e1sn\u011bjc\u00edch vl\u00e1msk\u00fdch vesnic - 1001 Voyages Gourmands","isPartOf":{"@id":"https:\/\/1001voyagesgourmands.com\/cs\/#website"},"primaryImageOfPage":{"@id":"https:\/\/1001voyagesgourmands.com\/cs\/oud-rekem-jedna-z-nejkrasnejcich-vlamskych-vesnic\/#primaryimage"},"image":{"@id":"https:\/\/1001voyagesgourmands.com\/cs\/oud-rekem-jedna-z-nejkrasnejcich-vlamskych-vesnic\/#primaryimage"},"thumbnailUrl":"https:\/\/1001voyagesgourmands.com\/wp-content\/uploads\/2024\/06\/202306_Oude-Rekem-3.jpg","datePublished":"2024-09-17T19:57:55+00:00","dateModified":"2024-09-17T19:59:08+00:00","author":{"@id":"https:\/\/1001voyagesgourmands.com\/cs\/#\/schema\/person\/62e0e7238fcf7482b23bf83e1b72ff1b"},"description":"Dnes v\u00e1s vezmu do jedn\u00e9 z nejautenti\u010dt\u011bj\u0161\u00edch vesnic ve Vl\u00e1msku, kde se pono\u0159\u00edte nazp\u011bt v \u010dase o n\u011bjak\u00fdch p\u00e1r set let - Oud-Rekem.","breadcrumb":{"@id":"https:\/\/1001voyagesgourmands.com\/cs\/oud-rekem-jedna-z-nejkrasnejcich-vlamskych-vesnic\/#breadcrumb"},"inLanguage":"cs","potentialAction":[{"@type":"ReadAction","target":["https:\/\/1001voyagesgourmands.com\/cs\/oud-rekem-jedna-z-nejkrasnejcich-vlamskych-vesnic\/"]}]},{"@type":"ImageObject","inLanguage":"cs","@id":"https:\/\/1001voyagesgourmands.com\/cs\/oud-rekem-jedna-z-nejkrasnejcich-vlamskych-vesnic\/#primaryimage","url":"https:\/\/1001voyagesgourmands.com\/wp-content\/uploads\/2024\/06\/202306_Oude-Rekem-3.jpg","contentUrl":"https:\/\/1001voyagesgourmands.com\/wp-content\/uploads\/2024\/06\/202306_Oude-Rekem-3.jpg","width":1135,"height":1700,"caption":"Today I will take you to one of the most authentic villages in Flanders which brings you back in time a few hundreds years - Oud-Rekem."},{"@type":"BreadcrumbList","@id":"https:\/\/1001voyagesgourmands.com\/cs\/oud-rekem-jedna-z-nejkrasnejcich-vlamskych-vesnic\/#breadcrumb","itemListElement":[{"@type":"ListItem","position":1,"name":"Dom\u016f","item":"https:\/\/1001voyagesgourmands.com\/cs\/"},{"@type":"ListItem","position":2,"name":"Oud-Rekem &#8211; Jedna z nejkr\u00e1sn\u011bjc\u00edch vl\u00e1msk\u00fdch vesnic"}]},{"@type":"WebSite","@id":"https:\/\/1001voyagesgourmands.com\/cs\/#website","url":"https:\/\/1001voyagesgourmands.com\/cs\/","name":"1001 Voyages Gourmands","description":"Food | Travel | Photography","potentialAction":[{"@type":"SearchAction","target":{"@type":"EntryPoint","urlTemplate":"https:\/\/1001voyagesgourmands.com\/cs\/?s={search_term_string}"},"query-input":{"@type":"PropertyValueSpecification","valueRequired":true,"valueName":"search_term_string"}}],"inLanguage":"cs"},{"@type":"Person","@id":"https:\/\/1001voyagesgourmands.com\/cs\/#\/schema\/person\/62e0e7238fcf7482b23bf83e1b72ff1b","name":"Michaela","image":{"@type":"ImageObject","inLanguage":"cs","@id":"https:\/\/1001voyagesgourmands.com\/cs\/#\/schema\/person\/image\/","url":"https:\/\/secure.gravatar.com\/avatar\/73fa562a5b0ce269ca480f67de504b8ecac054a121d170e226f1b79e02024cb8?s=96&d=mm&r=g","contentUrl":"https:\/\/secure.gravatar.com\/avatar\/73fa562a5b0ce269ca480f67de504b8ecac054a121d170e226f1b79e02024cb8?s=96&d=mm&r=g","caption":"Michaela"},"sameAs":["http:\/\/1001voyagesgourmands.com"]}]}},"_links":{"self":[{"href":"https:\/\/1001voyagesgourmands.com\/cs\/wp-json\/wp\/v2\/posts\/31548","targetHints":{"allow":["GET"]}}],"collection":[{"href":"https:\/\/1001voyagesgourmands.com\/cs\/wp-json\/wp\/v2\/posts"}],"about":[{"href":"https:\/\/1001voyagesgourmands.com\/cs\/wp-json\/wp\/v2\/types\/post"}],"author":[{"embeddable":true,"href":"https:\/\/1001voyagesgourmands.com\/cs\/wp-json\/wp\/v2\/users\/1"}],"replies":[{"embeddable":true,"href":"https:\/\/1001voyagesgourmands.com\/cs\/wp-json\/wp\/v2\/comments?post=31548"}],"version-history":[{"count":7,"href":"https:\/\/1001voyagesgourmands.com\/cs\/wp-json\/wp\/v2\/posts\/31548\/revisions"}],"predecessor-version":[{"id":31598,"href":"https:\/\/1001voyagesgourmands.com\/cs\/wp-json\/wp\/v2\/posts\/31548\/revisions\/31598"}],"wp:featuredmedia":[{"embeddable":true,"href":"https:\/\/1001voyagesgourmands.com\/cs\/wp-json\/wp\/v2\/media\/31471"}],"wp:attachment":[{"href":"https:\/\/1001voyagesgourmands.com\/cs\/wp-json\/wp\/v2\/media?parent=31548"}],"wp:term":[{"taxonomy":"category","embeddable":true,"href":"https:\/\/1001voyagesgourmands.com\/cs\/wp-json\/wp\/v2\/categories?post=31548"},{"taxonomy":"post_tag","embeddable":true,"href":"https:\/\/1001voyagesgourmands.com\/cs\/wp-json\/wp\/v2\/tags?post=31548"}],"curies":[{"name":"wp","href":"https:\/\/api.w.org\/{rel}","templated":true}]}}