{"id":31230,"date":"2024-02-26T22:45:10","date_gmt":"2024-02-26T21:45:10","guid":{"rendered":"https:\/\/1001voyagesgourmands.com\/?p=31230"},"modified":"2024-02-26T22:49:04","modified_gmt":"2024-02-26T21:49:04","slug":"nase-dojmy-z-emilia-romagna","status":"publish","type":"post","link":"https:\/\/1001voyagesgourmands.com\/cs\/nase-dojmy-z-emilia-romagna\/","title":{"rendered":"Na\u0161e dojmy z Emilia Romagna"},"content":{"rendered":"<p style=\"font-weight: 400; text-align: justify;\">Po letn\u00edm pobytu na <a href=\"https:\/\/1001voyagesgourmands.com\/northern-tuscany-versilia-and-beyond-part-ii\/\">pob\u0159e\u017e\u00ed severn\u00edho Tosk\u00e1nska<\/a> jsme to vzali zp\u011bt p\u0159ed region Emilia Romagna. Jen tak na skok, dva dny, p\u0159ed p\u0159esp\u00e1n\u00edm v Como a cestou p\u0159es \u0160v\u00fdcarsko a Francii zp\u011bt do Belgie. Byly to relativn\u011b poklidn\u00e9 dva dny pln\u00e9 hezk\u00fdch dojm\u016f ze \u010dty\u0159 m\u00edst v It\u00e1lii, kde se rozhodn\u011b dob\u0159e naj\u00edte, j\u00e1 tedy jedla rychleji, ne\u017e jsem si to stihla vyfotit.<\/p>\n<p style=\"font-weight: 400; text-align: justify;\">&nbsp;<\/p>\n<h4 style=\"font-weight: 400; text-align: justify;\">Modena<\/h4>\n<p style=\"font-weight: 400; text-align: justify;\">Prvn\u00ed den po p\u0159\u00edjezdu do Modeny ze Seravezzy jsme nav\u0161t\u00edvili centrum Modeny, m\u011bstu zn\u00e1m\u00e9mu p\u0159edev\u0161\u00edm d\u00edky sv\u00e9mu balsamikov\u00e9ho octu nebo sportovn\u00edm aut\u016fm jako Ferrari nebo Lamborghini. Byl tam tehdy celkem klid, bylo to v srpnov\u00e9m t\u00fddnu, kdy m\u00e1 v\u011bt\u0161ina Ital\u016f dovolenou a m\u011bsta jsou tak trochu pr\u00e1zdn\u011bj\u0161\u00ed, hodn\u011b obchod\u016f zav\u0159en\u00fdch. N\u00e1m to ale nevadilo, ostatn\u011b, vcelku jsme takov\u00e1 m\u00edsta s oblibou vyhled\u00e1vali po <a href=\"https:\/\/1001voyagesgourmands.com\/cs\/den-v-cinque-terre\/\">v\u00fdletu do Cinque Terre<\/a>, a to po cel\u00fd zbytek pobytu v It\u00e1lii. V Moden\u011b jsme od m\u00edsta parkov\u00e1n\u00ed do\u0161li na n\u00e1m\u011bst\u00ed s katedr\u00e1lou (Duomo di Modena), kter\u00e1 n\u00e1s okouzlila, a to jak z venku, tak zevnit\u0159. Pro\u0161li jsme si p\u0159ilehl\u00e9 ulice, kter\u00e9 hr\u00e1ly pastelov\u00fdmi barvami, p\u00e1r podloub\u00ed, a pot\u00e9 jsme se vydali do Regio Emilia. Cestou jsme se stavili v m\u011bste\u010dku Maranello kde je tov\u00e1rna Ferrari, a nedaleko jsme se tak\u00e9 ve\u010der najedli v restauraci <a href=\"https:\/\/www.ristorantelagazzella.com\/\" target=\"_blank\" rel=\"noopener\">La Gazzella<\/a> &#8211; maj\u00ed velkou zahr\u00e1dku a nach\u00e1z\u00ed se v poklidn\u00e9m m\u00edst\u011b.<\/p>\n<p><img loading=\"lazy\" decoding=\"async\" class=\"aligncenter size-large wp-image-31134\" src=\"https:\/\/1001voyagesgourmands.com\/wp-content\/uploads\/2024\/02\/Emilia-Romagna-21-1170x1753.jpg\" alt=\"After the holiday stay on the Tuscan coast in August, we made a two-day stop in the region of Emilia Romagna, and here are our impressions.\" width=\"1170\" height=\"1753\" srcset=\"https:\/\/1001voyagesgourmands.com\/wp-content\/uploads\/2024\/02\/Emilia-Romagna-21-1170x1753.jpg 1170w, https:\/\/1001voyagesgourmands.com\/wp-content\/uploads\/2024\/02\/Emilia-Romagna-21-200x300.jpg 200w, https:\/\/1001voyagesgourmands.com\/wp-content\/uploads\/2024\/02\/Emilia-Romagna-21-768x1151.jpg 768w, https:\/\/1001voyagesgourmands.com\/wp-content\/uploads\/2024\/02\/Emilia-Romagna-21-1025x1536.jpg 1025w, https:\/\/1001voyagesgourmands.com\/wp-content\/uploads\/2024\/02\/Emilia-Romagna-21-1367x2048.jpg 1367w, https:\/\/1001voyagesgourmands.com\/wp-content\/uploads\/2024\/02\/Emilia-Romagna-21-585x877.jpg 585w, https:\/\/1001voyagesgourmands.com\/wp-content\/uploads\/2024\/02\/Emilia-Romagna-21-scaled.jpg 1709w\" sizes=\"auto, (max-width: 1170px) 100vw, 1170px\" \/> <img loading=\"lazy\" decoding=\"async\" class=\"aligncenter size-large wp-image-31132\" src=\"https:\/\/1001voyagesgourmands.com\/wp-content\/uploads\/2024\/02\/Emilia-Romagna-20-1170x781.jpg\" alt=\"\" width=\"1170\" height=\"781\" srcset=\"https:\/\/1001voyagesgourmands.com\/wp-content\/uploads\/2024\/02\/Emilia-Romagna-20-1170x781.jpg 1170w, https:\/\/1001voyagesgourmands.com\/wp-content\/uploads\/2024\/02\/Emilia-Romagna-20-300x200.jpg 300w, https:\/\/1001voyagesgourmands.com\/wp-content\/uploads\/2024\/02\/Emilia-Romagna-20-768x513.jpg 768w, https:\/\/1001voyagesgourmands.com\/wp-content\/uploads\/2024\/02\/Emilia-Romagna-20-1536x1025.jpg 1536w, https:\/\/1001voyagesgourmands.com\/wp-content\/uploads\/2024\/02\/Emilia-Romagna-20-2048x1367.jpg 2048w, https:\/\/1001voyagesgourmands.com\/wp-content\/uploads\/2024\/02\/Emilia-Romagna-20-1920x1281.jpg 1920w, https:\/\/1001voyagesgourmands.com\/wp-content\/uploads\/2024\/02\/Emilia-Romagna-20-585x390.jpg 585w, https:\/\/1001voyagesgourmands.com\/wp-content\/uploads\/2024\/02\/Emilia-Romagna-20-263x175.jpg 263w\" sizes=\"auto, (max-width: 1170px) 100vw, 1170px\" \/> <img loading=\"lazy\" decoding=\"async\" class=\"aligncenter size-large wp-image-31130\" src=\"https:\/\/1001voyagesgourmands.com\/wp-content\/uploads\/2024\/02\/Emilia-Romagna-19-1170x781.jpg\" alt=\"After the holiday stay on the Tuscan coast in August, we made a two-day stop in the region of Emilia Romagna, and here are our impressions.\" width=\"1170\" height=\"781\" srcset=\"https:\/\/1001voyagesgourmands.com\/wp-content\/uploads\/2024\/02\/Emilia-Romagna-19-1170x781.jpg 1170w, https:\/\/1001voyagesgourmands.com\/wp-content\/uploads\/2024\/02\/Emilia-Romagna-19-300x200.jpg 300w, https:\/\/1001voyagesgourmands.com\/wp-content\/uploads\/2024\/02\/Emilia-Romagna-19-768x513.jpg 768w, https:\/\/1001voyagesgourmands.com\/wp-content\/uploads\/2024\/02\/Emilia-Romagna-19-1536x1025.jpg 1536w, https:\/\/1001voyagesgourmands.com\/wp-content\/uploads\/2024\/02\/Emilia-Romagna-19-2048x1367.jpg 2048w, https:\/\/1001voyagesgourmands.com\/wp-content\/uploads\/2024\/02\/Emilia-Romagna-19-1920x1281.jpg 1920w, https:\/\/1001voyagesgourmands.com\/wp-content\/uploads\/2024\/02\/Emilia-Romagna-19-585x390.jpg 585w, https:\/\/1001voyagesgourmands.com\/wp-content\/uploads\/2024\/02\/Emilia-Romagna-19-263x175.jpg 263w\" sizes=\"auto, (max-width: 1170px) 100vw, 1170px\" \/> <img loading=\"lazy\" decoding=\"async\" class=\"aligncenter size-large wp-image-31128\" src=\"https:\/\/1001voyagesgourmands.com\/wp-content\/uploads\/2024\/02\/Emilia-Romagna-18-1170x781.jpg\" alt=\"After the holiday stay on the Tuscan coast in August, we made a two-day stop in the region of Emilia Romagna, and here are our impressions.\" width=\"1170\" height=\"781\" srcset=\"https:\/\/1001voyagesgourmands.com\/wp-content\/uploads\/2024\/02\/Emilia-Romagna-18-1170x781.jpg 1170w, https:\/\/1001voyagesgourmands.com\/wp-content\/uploads\/2024\/02\/Emilia-Romagna-18-300x200.jpg 300w, https:\/\/1001voyagesgourmands.com\/wp-content\/uploads\/2024\/02\/Emilia-Romagna-18-768x513.jpg 768w, https:\/\/1001voyagesgourmands.com\/wp-content\/uploads\/2024\/02\/Emilia-Romagna-18-1536x1025.jpg 1536w, https:\/\/1001voyagesgourmands.com\/wp-content\/uploads\/2024\/02\/Emilia-Romagna-18-2048x1367.jpg 2048w, https:\/\/1001voyagesgourmands.com\/wp-content\/uploads\/2024\/02\/Emilia-Romagna-18-1920x1281.jpg 1920w, https:\/\/1001voyagesgourmands.com\/wp-content\/uploads\/2024\/02\/Emilia-Romagna-18-585x390.jpg 585w, https:\/\/1001voyagesgourmands.com\/wp-content\/uploads\/2024\/02\/Emilia-Romagna-18-263x175.jpg 263w\" sizes=\"auto, (max-width: 1170px) 100vw, 1170px\" \/> <img loading=\"lazy\" decoding=\"async\" class=\"aligncenter size-large wp-image-31122\" src=\"https:\/\/1001voyagesgourmands.com\/wp-content\/uploads\/2024\/02\/Emilia-Romagna-14-1170x1753.jpg\" alt=\"\" width=\"1170\" height=\"1753\" srcset=\"https:\/\/1001voyagesgourmands.com\/wp-content\/uploads\/2024\/02\/Emilia-Romagna-14-1170x1753.jpg 1170w, https:\/\/1001voyagesgourmands.com\/wp-content\/uploads\/2024\/02\/Emilia-Romagna-14-200x300.jpg 200w, https:\/\/1001voyagesgourmands.com\/wp-content\/uploads\/2024\/02\/Emilia-Romagna-14-768x1151.jpg 768w, https:\/\/1001voyagesgourmands.com\/wp-content\/uploads\/2024\/02\/Emilia-Romagna-14-1025x1536.jpg 1025w, https:\/\/1001voyagesgourmands.com\/wp-content\/uploads\/2024\/02\/Emilia-Romagna-14-1367x2048.jpg 1367w, https:\/\/1001voyagesgourmands.com\/wp-content\/uploads\/2024\/02\/Emilia-Romagna-14-585x877.jpg 585w, https:\/\/1001voyagesgourmands.com\/wp-content\/uploads\/2024\/02\/Emilia-Romagna-14-scaled.jpg 1709w\" sizes=\"auto, (max-width: 1170px) 100vw, 1170px\" \/> <img loading=\"lazy\" decoding=\"async\" class=\"aligncenter size-large wp-image-31124\" src=\"https:\/\/1001voyagesgourmands.com\/wp-content\/uploads\/2024\/02\/Emilia-Romagna-15-1170x781.jpg\" alt=\"After the holiday stay on the Tuscan coast in August, we made a two-day stop in the region of Emilia Romagna, and here are our impressions.\" width=\"1170\" height=\"781\" srcset=\"https:\/\/1001voyagesgourmands.com\/wp-content\/uploads\/2024\/02\/Emilia-Romagna-15-1170x781.jpg 1170w, https:\/\/1001voyagesgourmands.com\/wp-content\/uploads\/2024\/02\/Emilia-Romagna-15-300x200.jpg 300w, https:\/\/1001voyagesgourmands.com\/wp-content\/uploads\/2024\/02\/Emilia-Romagna-15-768x513.jpg 768w, https:\/\/1001voyagesgourmands.com\/wp-content\/uploads\/2024\/02\/Emilia-Romagna-15-1536x1025.jpg 1536w, https:\/\/1001voyagesgourmands.com\/wp-content\/uploads\/2024\/02\/Emilia-Romagna-15-2048x1367.jpg 2048w, https:\/\/1001voyagesgourmands.com\/wp-content\/uploads\/2024\/02\/Emilia-Romagna-15-1920x1281.jpg 1920w, https:\/\/1001voyagesgourmands.com\/wp-content\/uploads\/2024\/02\/Emilia-Romagna-15-585x390.jpg 585w, https:\/\/1001voyagesgourmands.com\/wp-content\/uploads\/2024\/02\/Emilia-Romagna-15-263x175.jpg 263w\" sizes=\"auto, (max-width: 1170px) 100vw, 1170px\" \/><img loading=\"lazy\" decoding=\"async\" class=\"aligncenter size-large wp-image-31120\" src=\"https:\/\/1001voyagesgourmands.com\/wp-content\/uploads\/2024\/02\/Emilia-Romagna-13-1170x1753.jpg\" alt=\"\" width=\"1170\" height=\"1753\" srcset=\"https:\/\/1001voyagesgourmands.com\/wp-content\/uploads\/2024\/02\/Emilia-Romagna-13-1170x1753.jpg 1170w, https:\/\/1001voyagesgourmands.com\/wp-content\/uploads\/2024\/02\/Emilia-Romagna-13-200x300.jpg 200w, https:\/\/1001voyagesgourmands.com\/wp-content\/uploads\/2024\/02\/Emilia-Romagna-13-768x1151.jpg 768w, https:\/\/1001voyagesgourmands.com\/wp-content\/uploads\/2024\/02\/Emilia-Romagna-13-1025x1536.jpg 1025w, https:\/\/1001voyagesgourmands.com\/wp-content\/uploads\/2024\/02\/Emilia-Romagna-13-1367x2048.jpg 1367w, https:\/\/1001voyagesgourmands.com\/wp-content\/uploads\/2024\/02\/Emilia-Romagna-13-585x877.jpg 585w, https:\/\/1001voyagesgourmands.com\/wp-content\/uploads\/2024\/02\/Emilia-Romagna-13-scaled.jpg 1709w\" sizes=\"auto, (max-width: 1170px) 100vw, 1170px\" \/> <img loading=\"lazy\" decoding=\"async\" class=\"aligncenter size-large wp-image-31118\" src=\"https:\/\/1001voyagesgourmands.com\/wp-content\/uploads\/2024\/02\/Emilia-Romagna-11-1170x1753.jpg\" alt=\"\" width=\"1170\" height=\"1753\" srcset=\"https:\/\/1001voyagesgourmands.com\/wp-content\/uploads\/2024\/02\/Emilia-Romagna-11-1170x1753.jpg 1170w, https:\/\/1001voyagesgourmands.com\/wp-content\/uploads\/2024\/02\/Emilia-Romagna-11-200x300.jpg 200w, https:\/\/1001voyagesgourmands.com\/wp-content\/uploads\/2024\/02\/Emilia-Romagna-11-768x1151.jpg 768w, https:\/\/1001voyagesgourmands.com\/wp-content\/uploads\/2024\/02\/Emilia-Romagna-11-1025x1536.jpg 1025w, https:\/\/1001voyagesgourmands.com\/wp-content\/uploads\/2024\/02\/Emilia-Romagna-11-1367x2048.jpg 1367w, https:\/\/1001voyagesgourmands.com\/wp-content\/uploads\/2024\/02\/Emilia-Romagna-11-585x877.jpg 585w, https:\/\/1001voyagesgourmands.com\/wp-content\/uploads\/2024\/02\/Emilia-Romagna-11-scaled.jpg 1709w\" sizes=\"auto, (max-width: 1170px) 100vw, 1170px\" \/> <img loading=\"lazy\" decoding=\"async\" class=\"aligncenter size-large wp-image-31116\" src=\"https:\/\/1001voyagesgourmands.com\/wp-content\/uploads\/2024\/02\/Emilia-Romagna-10-1170x1753.jpg\" alt=\"After the holiday stay on the Tuscan coast in August, we made a two-day stop in the region of Emilia Romagna, and here are our impressions.\" width=\"1170\" height=\"1753\" srcset=\"https:\/\/1001voyagesgourmands.com\/wp-content\/uploads\/2024\/02\/Emilia-Romagna-10-1170x1753.jpg 1170w, https:\/\/1001voyagesgourmands.com\/wp-content\/uploads\/2024\/02\/Emilia-Romagna-10-200x300.jpg 200w, https:\/\/1001voyagesgourmands.com\/wp-content\/uploads\/2024\/02\/Emilia-Romagna-10-768x1151.jpg 768w, https:\/\/1001voyagesgourmands.com\/wp-content\/uploads\/2024\/02\/Emilia-Romagna-10-1025x1536.jpg 1025w, https:\/\/1001voyagesgourmands.com\/wp-content\/uploads\/2024\/02\/Emilia-Romagna-10-1367x2048.jpg 1367w, https:\/\/1001voyagesgourmands.com\/wp-content\/uploads\/2024\/02\/Emilia-Romagna-10-585x877.jpg 585w, https:\/\/1001voyagesgourmands.com\/wp-content\/uploads\/2024\/02\/Emilia-Romagna-10-scaled.jpg 1709w\" sizes=\"auto, (max-width: 1170px) 100vw, 1170px\" \/> <img loading=\"lazy\" decoding=\"async\" class=\"aligncenter size-large wp-image-31102\" src=\"https:\/\/1001voyagesgourmands.com\/wp-content\/uploads\/2024\/02\/Emilia-Romagna-3-1170x1753.jpg\" alt=\"After the holiday stay on the Tuscan coast in August, we made a two-day stop in the region of Emilia Romagna, and here are our impressions.\" width=\"1170\" height=\"1753\" srcset=\"https:\/\/1001voyagesgourmands.com\/wp-content\/uploads\/2024\/02\/Emilia-Romagna-3-1170x1753.jpg 1170w, https:\/\/1001voyagesgourmands.com\/wp-content\/uploads\/2024\/02\/Emilia-Romagna-3-200x300.jpg 200w, https:\/\/1001voyagesgourmands.com\/wp-content\/uploads\/2024\/02\/Emilia-Romagna-3-768x1151.jpg 768w, https:\/\/1001voyagesgourmands.com\/wp-content\/uploads\/2024\/02\/Emilia-Romagna-3-1025x1536.jpg 1025w, https:\/\/1001voyagesgourmands.com\/wp-content\/uploads\/2024\/02\/Emilia-Romagna-3-1367x2048.jpg 1367w, https:\/\/1001voyagesgourmands.com\/wp-content\/uploads\/2024\/02\/Emilia-Romagna-3-585x877.jpg 585w, https:\/\/1001voyagesgourmands.com\/wp-content\/uploads\/2024\/02\/Emilia-Romagna-3-scaled.jpg 1709w\" sizes=\"auto, (max-width: 1170px) 100vw, 1170px\" \/><img loading=\"lazy\" decoding=\"async\" class=\"aligncenter size-large wp-image-31112\" src=\"https:\/\/1001voyagesgourmands.com\/wp-content\/uploads\/2024\/02\/Emilia-Romagna-8-1170x1753.jpg\" alt=\"\" width=\"1170\" height=\"1753\" srcset=\"https:\/\/1001voyagesgourmands.com\/wp-content\/uploads\/2024\/02\/Emilia-Romagna-8-1170x1753.jpg 1170w, https:\/\/1001voyagesgourmands.com\/wp-content\/uploads\/2024\/02\/Emilia-Romagna-8-200x300.jpg 200w, https:\/\/1001voyagesgourmands.com\/wp-content\/uploads\/2024\/02\/Emilia-Romagna-8-768x1151.jpg 768w, https:\/\/1001voyagesgourmands.com\/wp-content\/uploads\/2024\/02\/Emilia-Romagna-8-1025x1536.jpg 1025w, https:\/\/1001voyagesgourmands.com\/wp-content\/uploads\/2024\/02\/Emilia-Romagna-8-1367x2048.jpg 1367w, https:\/\/1001voyagesgourmands.com\/wp-content\/uploads\/2024\/02\/Emilia-Romagna-8-585x877.jpg 585w, https:\/\/1001voyagesgourmands.com\/wp-content\/uploads\/2024\/02\/Emilia-Romagna-8-scaled.jpg 1709w\" sizes=\"auto, (max-width: 1170px) 100vw, 1170px\" \/> <img loading=\"lazy\" decoding=\"async\" class=\"aligncenter size-large wp-image-31108\" src=\"https:\/\/1001voyagesgourmands.com\/wp-content\/uploads\/2024\/02\/Emilia-Romagna-6-1170x781.jpg\" alt=\"\" width=\"1170\" height=\"781\" srcset=\"https:\/\/1001voyagesgourmands.com\/wp-content\/uploads\/2024\/02\/Emilia-Romagna-6-1170x781.jpg 1170w, https:\/\/1001voyagesgourmands.com\/wp-content\/uploads\/2024\/02\/Emilia-Romagna-6-300x200.jpg 300w, https:\/\/1001voyagesgourmands.com\/wp-content\/uploads\/2024\/02\/Emilia-Romagna-6-768x513.jpg 768w, https:\/\/1001voyagesgourmands.com\/wp-content\/uploads\/2024\/02\/Emilia-Romagna-6-1536x1025.jpg 1536w, https:\/\/1001voyagesgourmands.com\/wp-content\/uploads\/2024\/02\/Emilia-Romagna-6-2048x1367.jpg 2048w, https:\/\/1001voyagesgourmands.com\/wp-content\/uploads\/2024\/02\/Emilia-Romagna-6-1920x1281.jpg 1920w, https:\/\/1001voyagesgourmands.com\/wp-content\/uploads\/2024\/02\/Emilia-Romagna-6-585x390.jpg 585w, https:\/\/1001voyagesgourmands.com\/wp-content\/uploads\/2024\/02\/Emilia-Romagna-6-263x175.jpg 263w\" sizes=\"auto, (max-width: 1170px) 100vw, 1170px\" \/> <img loading=\"lazy\" decoding=\"async\" class=\"aligncenter size-large wp-image-31110\" src=\"https:\/\/1001voyagesgourmands.com\/wp-content\/uploads\/2024\/02\/Emilia-Romagna-7-1170x1753.jpg\" alt=\"After the holiday stay on the Tuscan coast in August, we made a two-day stop in the region of Emilia Romagna, and here are our impressions.\" width=\"1170\" height=\"1753\" srcset=\"https:\/\/1001voyagesgourmands.com\/wp-content\/uploads\/2024\/02\/Emilia-Romagna-7-1170x1753.jpg 1170w, https:\/\/1001voyagesgourmands.com\/wp-content\/uploads\/2024\/02\/Emilia-Romagna-7-200x300.jpg 200w, https:\/\/1001voyagesgourmands.com\/wp-content\/uploads\/2024\/02\/Emilia-Romagna-7-768x1151.jpg 768w, https:\/\/1001voyagesgourmands.com\/wp-content\/uploads\/2024\/02\/Emilia-Romagna-7-1025x1536.jpg 1025w, https:\/\/1001voyagesgourmands.com\/wp-content\/uploads\/2024\/02\/Emilia-Romagna-7-1367x2048.jpg 1367w, https:\/\/1001voyagesgourmands.com\/wp-content\/uploads\/2024\/02\/Emilia-Romagna-7-585x877.jpg 585w, https:\/\/1001voyagesgourmands.com\/wp-content\/uploads\/2024\/02\/Emilia-Romagna-7-scaled.jpg 1709w\" sizes=\"auto, (max-width: 1170px) 100vw, 1170px\" \/> <img loading=\"lazy\" decoding=\"async\" class=\"aligncenter size-large wp-image-31106\" src=\"https:\/\/1001voyagesgourmands.com\/wp-content\/uploads\/2024\/02\/Emilia-Romagna-5-1170x1753.jpg\" alt=\"\" width=\"1170\" height=\"1753\" srcset=\"https:\/\/1001voyagesgourmands.com\/wp-content\/uploads\/2024\/02\/Emilia-Romagna-5-1170x1753.jpg 1170w, https:\/\/1001voyagesgourmands.com\/wp-content\/uploads\/2024\/02\/Emilia-Romagna-5-200x300.jpg 200w, https:\/\/1001voyagesgourmands.com\/wp-content\/uploads\/2024\/02\/Emilia-Romagna-5-768x1151.jpg 768w, https:\/\/1001voyagesgourmands.com\/wp-content\/uploads\/2024\/02\/Emilia-Romagna-5-1025x1536.jpg 1025w, https:\/\/1001voyagesgourmands.com\/wp-content\/uploads\/2024\/02\/Emilia-Romagna-5-1367x2048.jpg 1367w, https:\/\/1001voyagesgourmands.com\/wp-content\/uploads\/2024\/02\/Emilia-Romagna-5-585x877.jpg 585w, https:\/\/1001voyagesgourmands.com\/wp-content\/uploads\/2024\/02\/Emilia-Romagna-5-scaled.jpg 1709w\" sizes=\"auto, (max-width: 1170px) 100vw, 1170px\" \/> <img loading=\"lazy\" decoding=\"async\" class=\"aligncenter size-large wp-image-31104\" src=\"https:\/\/1001voyagesgourmands.com\/wp-content\/uploads\/2024\/02\/Emilia-Romagna-4-1170x1753.jpg\" alt=\"\" width=\"1170\" height=\"1753\" srcset=\"https:\/\/1001voyagesgourmands.com\/wp-content\/uploads\/2024\/02\/Emilia-Romagna-4-1170x1753.jpg 1170w, https:\/\/1001voyagesgourmands.com\/wp-content\/uploads\/2024\/02\/Emilia-Romagna-4-200x300.jpg 200w, https:\/\/1001voyagesgourmands.com\/wp-content\/uploads\/2024\/02\/Emilia-Romagna-4-768x1151.jpg 768w, https:\/\/1001voyagesgourmands.com\/wp-content\/uploads\/2024\/02\/Emilia-Romagna-4-1025x1536.jpg 1025w, https:\/\/1001voyagesgourmands.com\/wp-content\/uploads\/2024\/02\/Emilia-Romagna-4-1367x2048.jpg 1367w, https:\/\/1001voyagesgourmands.com\/wp-content\/uploads\/2024\/02\/Emilia-Romagna-4-585x877.jpg 585w, https:\/\/1001voyagesgourmands.com\/wp-content\/uploads\/2024\/02\/Emilia-Romagna-4-scaled.jpg 1709w\" sizes=\"auto, (max-width: 1170px) 100vw, 1170px\" \/> <img loading=\"lazy\" decoding=\"async\" class=\"aligncenter size-large wp-image-31114\" src=\"https:\/\/1001voyagesgourmands.com\/wp-content\/uploads\/2024\/02\/Emilia-Romagna-9-1170x1753.jpg\" alt=\"\" width=\"1170\" height=\"1753\" srcset=\"https:\/\/1001voyagesgourmands.com\/wp-content\/uploads\/2024\/02\/Emilia-Romagna-9-1170x1753.jpg 1170w, https:\/\/1001voyagesgourmands.com\/wp-content\/uploads\/2024\/02\/Emilia-Romagna-9-200x300.jpg 200w, https:\/\/1001voyagesgourmands.com\/wp-content\/uploads\/2024\/02\/Emilia-Romagna-9-768x1151.jpg 768w, https:\/\/1001voyagesgourmands.com\/wp-content\/uploads\/2024\/02\/Emilia-Romagna-9-1025x1536.jpg 1025w, https:\/\/1001voyagesgourmands.com\/wp-content\/uploads\/2024\/02\/Emilia-Romagna-9-1367x2048.jpg 1367w, https:\/\/1001voyagesgourmands.com\/wp-content\/uploads\/2024\/02\/Emilia-Romagna-9-585x877.jpg 585w, https:\/\/1001voyagesgourmands.com\/wp-content\/uploads\/2024\/02\/Emilia-Romagna-9-scaled.jpg 1709w\" sizes=\"auto, (max-width: 1170px) 100vw, 1170px\" \/><img loading=\"lazy\" decoding=\"async\" class=\"aligncenter size-large wp-image-31124\" src=\"https:\/\/1001voyagesgourmands.com\/wp-content\/uploads\/2024\/02\/Emilia-Romagna-15-1170x781.jpg\" alt=\"After the holiday stay on the Tuscan coast in August, we made a two-day stop in the region of Emilia Romagna, and here are our impressions.\" width=\"1170\" height=\"781\" srcset=\"https:\/\/1001voyagesgourmands.com\/wp-content\/uploads\/2024\/02\/Emilia-Romagna-15-1170x781.jpg 1170w, https:\/\/1001voyagesgourmands.com\/wp-content\/uploads\/2024\/02\/Emilia-Romagna-15-300x200.jpg 300w, https:\/\/1001voyagesgourmands.com\/wp-content\/uploads\/2024\/02\/Emilia-Romagna-15-768x513.jpg 768w, https:\/\/1001voyagesgourmands.com\/wp-content\/uploads\/2024\/02\/Emilia-Romagna-15-1536x1025.jpg 1536w, https:\/\/1001voyagesgourmands.com\/wp-content\/uploads\/2024\/02\/Emilia-Romagna-15-2048x1367.jpg 2048w, https:\/\/1001voyagesgourmands.com\/wp-content\/uploads\/2024\/02\/Emilia-Romagna-15-1920x1281.jpg 1920w, https:\/\/1001voyagesgourmands.com\/wp-content\/uploads\/2024\/02\/Emilia-Romagna-15-585x390.jpg 585w, https:\/\/1001voyagesgourmands.com\/wp-content\/uploads\/2024\/02\/Emilia-Romagna-15-263x175.jpg 263w\" sizes=\"auto, (max-width: 1170px) 100vw, 1170px\" \/><\/p>\n<p>&nbsp;<\/p>\n<h4 style=\"font-weight: 400; text-align: justify;\">Reggio Emilia<\/h4>\n<p style=\"font-weight: 400; text-align: justify;\">Krom\u011b v\u011bt\u0161\u00edch m\u011bst jsme cht\u011bli take n\u011bco m\u00e9n\u011b profl\u00e1kl\u00e9ho a kdy\u017e se n\u00e1m na map\u011b uk\u00e1zalo tohle m\u011bste\u010dko, \u0159ekli jsme si pro\u010d si tam nezasko\u010dit na proch\u00e1zku. Jak v Moden\u011b, tak i zde panoval slu\u0161n\u00fd klid, ne-li v\u011bt\u0161\u00ed. Potkali jsme tu snad jen p\u00e1r m\u00edstn\u00edch, star\u0161\u00edch lid\u00ed, kte\u0159\u00ed se jen tak proch\u00e1zeli, ale vice m\u00e9n\u011b byly ulice lidupr\u00e1zdn\u00e9. Jen v n\u011bkolika kav\u00e1rn\u00e1ch a restaurac\u00edch sem tam posed\u00e1vali lid\u00e9. M\u011bste\u010dko na m\u011b p\u016fsobilo velice mile, bylo tam nem\u00e1lo hezk\u00fdch z\u00e1kout\u00ed a Ad\u00e9lce se nejv\u00edce l\u00edbila ka\u0161na, ve kter\u00e9 si osv\u011b\u017eila ruce kr\u00e1tce po poledni.<\/p>\n<p style=\"font-weight: 400; text-align: justify;\">Reggio Emilia je jinak zn\u00e1m\u00e9 pro svou gastronomii, um\u011bn\u00ed, ale tak\u00e9 nejlep\u0161\u00ed \u0161kolky na sv\u011bt\u011b.<\/p>\n<p style=\"font-weight: 400; text-align: justify;\"><img loading=\"lazy\" decoding=\"async\" class=\"aligncenter size-large wp-image-31138\" src=\"https:\/\/1001voyagesgourmands.com\/wp-content\/uploads\/2024\/02\/Emilia-Romagna-38-1170x1753.jpg\" alt=\"\" width=\"1170\" height=\"1753\" srcset=\"https:\/\/1001voyagesgourmands.com\/wp-content\/uploads\/2024\/02\/Emilia-Romagna-38-1170x1753.jpg 1170w, https:\/\/1001voyagesgourmands.com\/wp-content\/uploads\/2024\/02\/Emilia-Romagna-38-200x300.jpg 200w, https:\/\/1001voyagesgourmands.com\/wp-content\/uploads\/2024\/02\/Emilia-Romagna-38-768x1151.jpg 768w, https:\/\/1001voyagesgourmands.com\/wp-content\/uploads\/2024\/02\/Emilia-Romagna-38-1025x1536.jpg 1025w, https:\/\/1001voyagesgourmands.com\/wp-content\/uploads\/2024\/02\/Emilia-Romagna-38-1367x2048.jpg 1367w, https:\/\/1001voyagesgourmands.com\/wp-content\/uploads\/2024\/02\/Emilia-Romagna-38-585x877.jpg 585w, https:\/\/1001voyagesgourmands.com\/wp-content\/uploads\/2024\/02\/Emilia-Romagna-38-scaled.jpg 1709w\" sizes=\"auto, (max-width: 1170px) 100vw, 1170px\" \/> <img loading=\"lazy\" decoding=\"async\" class=\"aligncenter size-large wp-image-31141\" src=\"https:\/\/1001voyagesgourmands.com\/wp-content\/uploads\/2024\/02\/Emilia-Romagna-39-1170x1753.jpg\" alt=\"\" width=\"1170\" height=\"1753\" srcset=\"https:\/\/1001voyagesgourmands.com\/wp-content\/uploads\/2024\/02\/Emilia-Romagna-39-1170x1753.jpg 1170w, https:\/\/1001voyagesgourmands.com\/wp-content\/uploads\/2024\/02\/Emilia-Romagna-39-200x300.jpg 200w, https:\/\/1001voyagesgourmands.com\/wp-content\/uploads\/2024\/02\/Emilia-Romagna-39-768x1151.jpg 768w, https:\/\/1001voyagesgourmands.com\/wp-content\/uploads\/2024\/02\/Emilia-Romagna-39-1025x1536.jpg 1025w, https:\/\/1001voyagesgourmands.com\/wp-content\/uploads\/2024\/02\/Emilia-Romagna-39-1367x2048.jpg 1367w, https:\/\/1001voyagesgourmands.com\/wp-content\/uploads\/2024\/02\/Emilia-Romagna-39-585x877.jpg 585w, https:\/\/1001voyagesgourmands.com\/wp-content\/uploads\/2024\/02\/Emilia-Romagna-39-scaled.jpg 1709w\" sizes=\"auto, (max-width: 1170px) 100vw, 1170px\" \/> <img loading=\"lazy\" decoding=\"async\" class=\"aligncenter size-large wp-image-31143\" src=\"https:\/\/1001voyagesgourmands.com\/wp-content\/uploads\/2024\/02\/Emilia-Romagna-40-1170x1753.jpg\" alt=\"\" width=\"1170\" height=\"1753\" srcset=\"https:\/\/1001voyagesgourmands.com\/wp-content\/uploads\/2024\/02\/Emilia-Romagna-40-1170x1753.jpg 1170w, https:\/\/1001voyagesgourmands.com\/wp-content\/uploads\/2024\/02\/Emilia-Romagna-40-200x300.jpg 200w, https:\/\/1001voyagesgourmands.com\/wp-content\/uploads\/2024\/02\/Emilia-Romagna-40-768x1151.jpg 768w, https:\/\/1001voyagesgourmands.com\/wp-content\/uploads\/2024\/02\/Emilia-Romagna-40-1025x1536.jpg 1025w, https:\/\/1001voyagesgourmands.com\/wp-content\/uploads\/2024\/02\/Emilia-Romagna-40-1367x2048.jpg 1367w, https:\/\/1001voyagesgourmands.com\/wp-content\/uploads\/2024\/02\/Emilia-Romagna-40-585x877.jpg 585w, https:\/\/1001voyagesgourmands.com\/wp-content\/uploads\/2024\/02\/Emilia-Romagna-40-scaled.jpg 1709w\" sizes=\"auto, (max-width: 1170px) 100vw, 1170px\" \/> <img loading=\"lazy\" decoding=\"async\" class=\"aligncenter size-large wp-image-31145\" src=\"https:\/\/1001voyagesgourmands.com\/wp-content\/uploads\/2024\/02\/Emilia-Romagna-41-1170x1753.jpg\" alt=\"After the holiday stay on the Tuscan coast in August, we made a two-day stop in the region of Emilia Romagna, and here are our impressions.\" width=\"1170\" height=\"1753\" srcset=\"https:\/\/1001voyagesgourmands.com\/wp-content\/uploads\/2024\/02\/Emilia-Romagna-41-1170x1753.jpg 1170w, https:\/\/1001voyagesgourmands.com\/wp-content\/uploads\/2024\/02\/Emilia-Romagna-41-200x300.jpg 200w, https:\/\/1001voyagesgourmands.com\/wp-content\/uploads\/2024\/02\/Emilia-Romagna-41-768x1151.jpg 768w, https:\/\/1001voyagesgourmands.com\/wp-content\/uploads\/2024\/02\/Emilia-Romagna-41-1025x1536.jpg 1025w, https:\/\/1001voyagesgourmands.com\/wp-content\/uploads\/2024\/02\/Emilia-Romagna-41-1367x2048.jpg 1367w, https:\/\/1001voyagesgourmands.com\/wp-content\/uploads\/2024\/02\/Emilia-Romagna-41-585x877.jpg 585w, https:\/\/1001voyagesgourmands.com\/wp-content\/uploads\/2024\/02\/Emilia-Romagna-41-scaled.jpg 1709w\" sizes=\"auto, (max-width: 1170px) 100vw, 1170px\" \/> <img loading=\"lazy\" decoding=\"async\" class=\"aligncenter size-large wp-image-31149\" src=\"https:\/\/1001voyagesgourmands.com\/wp-content\/uploads\/2024\/02\/Emilia-Romagna-43-1170x1753.jpg\" alt=\"\" width=\"1170\" height=\"1753\" srcset=\"https:\/\/1001voyagesgourmands.com\/wp-content\/uploads\/2024\/02\/Emilia-Romagna-43-1170x1753.jpg 1170w, https:\/\/1001voyagesgourmands.com\/wp-content\/uploads\/2024\/02\/Emilia-Romagna-43-200x300.jpg 200w, https:\/\/1001voyagesgourmands.com\/wp-content\/uploads\/2024\/02\/Emilia-Romagna-43-768x1151.jpg 768w, https:\/\/1001voyagesgourmands.com\/wp-content\/uploads\/2024\/02\/Emilia-Romagna-43-1025x1536.jpg 1025w, https:\/\/1001voyagesgourmands.com\/wp-content\/uploads\/2024\/02\/Emilia-Romagna-43-1367x2048.jpg 1367w, https:\/\/1001voyagesgourmands.com\/wp-content\/uploads\/2024\/02\/Emilia-Romagna-43-585x877.jpg 585w, https:\/\/1001voyagesgourmands.com\/wp-content\/uploads\/2024\/02\/Emilia-Romagna-43-scaled.jpg 1709w\" sizes=\"auto, (max-width: 1170px) 100vw, 1170px\" \/><img loading=\"lazy\" decoding=\"async\" class=\"aligncenter size-large wp-image-31147\" src=\"https:\/\/1001voyagesgourmands.com\/wp-content\/uploads\/2024\/02\/Emilia-Romagna-42-1170x781.jpg\" alt=\"\" width=\"1170\" height=\"781\" srcset=\"https:\/\/1001voyagesgourmands.com\/wp-content\/uploads\/2024\/02\/Emilia-Romagna-42-1170x781.jpg 1170w, https:\/\/1001voyagesgourmands.com\/wp-content\/uploads\/2024\/02\/Emilia-Romagna-42-300x200.jpg 300w, https:\/\/1001voyagesgourmands.com\/wp-content\/uploads\/2024\/02\/Emilia-Romagna-42-768x513.jpg 768w, https:\/\/1001voyagesgourmands.com\/wp-content\/uploads\/2024\/02\/Emilia-Romagna-42-1536x1025.jpg 1536w, https:\/\/1001voyagesgourmands.com\/wp-content\/uploads\/2024\/02\/Emilia-Romagna-42-2048x1367.jpg 2048w, https:\/\/1001voyagesgourmands.com\/wp-content\/uploads\/2024\/02\/Emilia-Romagna-42-1920x1281.jpg 1920w, https:\/\/1001voyagesgourmands.com\/wp-content\/uploads\/2024\/02\/Emilia-Romagna-42-585x390.jpg 585w, https:\/\/1001voyagesgourmands.com\/wp-content\/uploads\/2024\/02\/Emilia-Romagna-42-263x175.jpg 263w\" sizes=\"auto, (max-width: 1170px) 100vw, 1170px\" \/><img loading=\"lazy\" decoding=\"async\" class=\"aligncenter size-large wp-image-31153\" src=\"https:\/\/1001voyagesgourmands.com\/wp-content\/uploads\/2024\/02\/Emilia-Romagna-45-1170x1753.jpg\" alt=\"\" width=\"1170\" height=\"1753\" srcset=\"https:\/\/1001voyagesgourmands.com\/wp-content\/uploads\/2024\/02\/Emilia-Romagna-45-1170x1753.jpg 1170w, https:\/\/1001voyagesgourmands.com\/wp-content\/uploads\/2024\/02\/Emilia-Romagna-45-200x300.jpg 200w, https:\/\/1001voyagesgourmands.com\/wp-content\/uploads\/2024\/02\/Emilia-Romagna-45-768x1151.jpg 768w, https:\/\/1001voyagesgourmands.com\/wp-content\/uploads\/2024\/02\/Emilia-Romagna-45-1025x1536.jpg 1025w, https:\/\/1001voyagesgourmands.com\/wp-content\/uploads\/2024\/02\/Emilia-Romagna-45-1367x2048.jpg 1367w, https:\/\/1001voyagesgourmands.com\/wp-content\/uploads\/2024\/02\/Emilia-Romagna-45-585x877.jpg 585w, https:\/\/1001voyagesgourmands.com\/wp-content\/uploads\/2024\/02\/Emilia-Romagna-45-scaled.jpg 1709w\" sizes=\"auto, (max-width: 1170px) 100vw, 1170px\" \/> <img loading=\"lazy\" decoding=\"async\" class=\"aligncenter size-large wp-image-31155\" src=\"https:\/\/1001voyagesgourmands.com\/wp-content\/uploads\/2024\/02\/Emilia-Romagna-46-1170x1755.jpg\" alt=\"After the holiday stay on the Tuscan coast in August, we made a two-day stop in the region of Emilia Romagna, and here are our impressions.\" width=\"1170\" height=\"1755\" srcset=\"https:\/\/1001voyagesgourmands.com\/wp-content\/uploads\/2024\/02\/Emilia-Romagna-46-1170x1755.jpg 1170w, https:\/\/1001voyagesgourmands.com\/wp-content\/uploads\/2024\/02\/Emilia-Romagna-46-200x300.jpg 200w, https:\/\/1001voyagesgourmands.com\/wp-content\/uploads\/2024\/02\/Emilia-Romagna-46-768x1152.jpg 768w, https:\/\/1001voyagesgourmands.com\/wp-content\/uploads\/2024\/02\/Emilia-Romagna-46-1024x1536.jpg 1024w, https:\/\/1001voyagesgourmands.com\/wp-content\/uploads\/2024\/02\/Emilia-Romagna-46-1365x2048.jpg 1365w, https:\/\/1001voyagesgourmands.com\/wp-content\/uploads\/2024\/02\/Emilia-Romagna-46-585x878.jpg 585w, https:\/\/1001voyagesgourmands.com\/wp-content\/uploads\/2024\/02\/Emilia-Romagna-46-scaled.jpg 1707w\" sizes=\"auto, (max-width: 1170px) 100vw, 1170px\" \/> <img loading=\"lazy\" decoding=\"async\" class=\"aligncenter size-large wp-image-31157\" src=\"https:\/\/1001voyagesgourmands.com\/wp-content\/uploads\/2024\/02\/Emilia-Romagna-47-1170x1753.jpg\" alt=\"\" width=\"1170\" height=\"1753\" srcset=\"https:\/\/1001voyagesgourmands.com\/wp-content\/uploads\/2024\/02\/Emilia-Romagna-47-1170x1753.jpg 1170w, https:\/\/1001voyagesgourmands.com\/wp-content\/uploads\/2024\/02\/Emilia-Romagna-47-200x300.jpg 200w, https:\/\/1001voyagesgourmands.com\/wp-content\/uploads\/2024\/02\/Emilia-Romagna-47-768x1151.jpg 768w, https:\/\/1001voyagesgourmands.com\/wp-content\/uploads\/2024\/02\/Emilia-Romagna-47-1025x1536.jpg 1025w, https:\/\/1001voyagesgourmands.com\/wp-content\/uploads\/2024\/02\/Emilia-Romagna-47-1367x2048.jpg 1367w, https:\/\/1001voyagesgourmands.com\/wp-content\/uploads\/2024\/02\/Emilia-Romagna-47-585x877.jpg 585w, https:\/\/1001voyagesgourmands.com\/wp-content\/uploads\/2024\/02\/Emilia-Romagna-47-scaled.jpg 1709w\" sizes=\"auto, (max-width: 1170px) 100vw, 1170px\" \/> <img loading=\"lazy\" decoding=\"async\" class=\"aligncenter size-large wp-image-31169\" src=\"https:\/\/1001voyagesgourmands.com\/wp-content\/uploads\/2024\/02\/Emilia-Romagna-53-1170x781.jpg\" alt=\"After the holiday stay on the Tuscan coast in August, we made a two-day stop in the region of Emilia Romagna, and here are our impressions.\" width=\"1170\" height=\"781\" srcset=\"https:\/\/1001voyagesgourmands.com\/wp-content\/uploads\/2024\/02\/Emilia-Romagna-53-1170x781.jpg 1170w, https:\/\/1001voyagesgourmands.com\/wp-content\/uploads\/2024\/02\/Emilia-Romagna-53-300x200.jpg 300w, https:\/\/1001voyagesgourmands.com\/wp-content\/uploads\/2024\/02\/Emilia-Romagna-53-768x513.jpg 768w, https:\/\/1001voyagesgourmands.com\/wp-content\/uploads\/2024\/02\/Emilia-Romagna-53-1536x1025.jpg 1536w, https:\/\/1001voyagesgourmands.com\/wp-content\/uploads\/2024\/02\/Emilia-Romagna-53-2048x1367.jpg 2048w, https:\/\/1001voyagesgourmands.com\/wp-content\/uploads\/2024\/02\/Emilia-Romagna-53-1920x1281.jpg 1920w, https:\/\/1001voyagesgourmands.com\/wp-content\/uploads\/2024\/02\/Emilia-Romagna-53-585x390.jpg 585w, https:\/\/1001voyagesgourmands.com\/wp-content\/uploads\/2024\/02\/Emilia-Romagna-53-263x175.jpg 263w\" sizes=\"auto, (max-width: 1170px) 100vw, 1170px\" \/><img loading=\"lazy\" decoding=\"async\" class=\"aligncenter size-large wp-image-31159\" src=\"https:\/\/1001voyagesgourmands.com\/wp-content\/uploads\/2024\/02\/Emilia-Romagna-48-1170x1753.jpg\" alt=\"After the holiday stay on the Tuscan coast in August, we made a two-day stop in the region of Emilia Romagna, and here are our impressions.\" width=\"1170\" height=\"1753\" srcset=\"https:\/\/1001voyagesgourmands.com\/wp-content\/uploads\/2024\/02\/Emilia-Romagna-48-1170x1753.jpg 1170w, https:\/\/1001voyagesgourmands.com\/wp-content\/uploads\/2024\/02\/Emilia-Romagna-48-200x300.jpg 200w, https:\/\/1001voyagesgourmands.com\/wp-content\/uploads\/2024\/02\/Emilia-Romagna-48-768x1151.jpg 768w, https:\/\/1001voyagesgourmands.com\/wp-content\/uploads\/2024\/02\/Emilia-Romagna-48-1025x1536.jpg 1025w, https:\/\/1001voyagesgourmands.com\/wp-content\/uploads\/2024\/02\/Emilia-Romagna-48-1367x2048.jpg 1367w, https:\/\/1001voyagesgourmands.com\/wp-content\/uploads\/2024\/02\/Emilia-Romagna-48-585x877.jpg 585w, https:\/\/1001voyagesgourmands.com\/wp-content\/uploads\/2024\/02\/Emilia-Romagna-48-scaled.jpg 1709w\" sizes=\"auto, (max-width: 1170px) 100vw, 1170px\" \/> <img loading=\"lazy\" decoding=\"async\" class=\"aligncenter size-large wp-image-31161\" src=\"https:\/\/1001voyagesgourmands.com\/wp-content\/uploads\/2024\/02\/Emilia-Romagna-49-1170x1753.jpg\" alt=\"\" width=\"1170\" height=\"1753\" srcset=\"https:\/\/1001voyagesgourmands.com\/wp-content\/uploads\/2024\/02\/Emilia-Romagna-49-1170x1753.jpg 1170w, https:\/\/1001voyagesgourmands.com\/wp-content\/uploads\/2024\/02\/Emilia-Romagna-49-200x300.jpg 200w, https:\/\/1001voyagesgourmands.com\/wp-content\/uploads\/2024\/02\/Emilia-Romagna-49-768x1151.jpg 768w, https:\/\/1001voyagesgourmands.com\/wp-content\/uploads\/2024\/02\/Emilia-Romagna-49-1025x1536.jpg 1025w, https:\/\/1001voyagesgourmands.com\/wp-content\/uploads\/2024\/02\/Emilia-Romagna-49-1367x2048.jpg 1367w, https:\/\/1001voyagesgourmands.com\/wp-content\/uploads\/2024\/02\/Emilia-Romagna-49-585x877.jpg 585w, https:\/\/1001voyagesgourmands.com\/wp-content\/uploads\/2024\/02\/Emilia-Romagna-49-scaled.jpg 1709w\" sizes=\"auto, (max-width: 1170px) 100vw, 1170px\" \/> <img loading=\"lazy\" decoding=\"async\" class=\"aligncenter size-large wp-image-31163\" src=\"https:\/\/1001voyagesgourmands.com\/wp-content\/uploads\/2024\/02\/Emilia-Romagna-50-1170x1753.jpg\" alt=\"\" width=\"1170\" height=\"1753\" srcset=\"https:\/\/1001voyagesgourmands.com\/wp-content\/uploads\/2024\/02\/Emilia-Romagna-50-1170x1753.jpg 1170w, https:\/\/1001voyagesgourmands.com\/wp-content\/uploads\/2024\/02\/Emilia-Romagna-50-200x300.jpg 200w, https:\/\/1001voyagesgourmands.com\/wp-content\/uploads\/2024\/02\/Emilia-Romagna-50-768x1151.jpg 768w, https:\/\/1001voyagesgourmands.com\/wp-content\/uploads\/2024\/02\/Emilia-Romagna-50-1025x1536.jpg 1025w, https:\/\/1001voyagesgourmands.com\/wp-content\/uploads\/2024\/02\/Emilia-Romagna-50-1367x2048.jpg 1367w, https:\/\/1001voyagesgourmands.com\/wp-content\/uploads\/2024\/02\/Emilia-Romagna-50-585x877.jpg 585w, https:\/\/1001voyagesgourmands.com\/wp-content\/uploads\/2024\/02\/Emilia-Romagna-50-scaled.jpg 1709w\" sizes=\"auto, (max-width: 1170px) 100vw, 1170px\" \/><img loading=\"lazy\" decoding=\"async\" class=\"aligncenter size-large wp-image-31167\" src=\"https:\/\/1001voyagesgourmands.com\/wp-content\/uploads\/2024\/02\/Emilia-Romagna-52-1170x1753.jpg\" alt=\"\" width=\"1170\" height=\"1753\" srcset=\"https:\/\/1001voyagesgourmands.com\/wp-content\/uploads\/2024\/02\/Emilia-Romagna-52-1170x1753.jpg 1170w, https:\/\/1001voyagesgourmands.com\/wp-content\/uploads\/2024\/02\/Emilia-Romagna-52-200x300.jpg 200w, https:\/\/1001voyagesgourmands.com\/wp-content\/uploads\/2024\/02\/Emilia-Romagna-52-768x1151.jpg 768w, https:\/\/1001voyagesgourmands.com\/wp-content\/uploads\/2024\/02\/Emilia-Romagna-52-1025x1536.jpg 1025w, https:\/\/1001voyagesgourmands.com\/wp-content\/uploads\/2024\/02\/Emilia-Romagna-52-1367x2048.jpg 1367w, https:\/\/1001voyagesgourmands.com\/wp-content\/uploads\/2024\/02\/Emilia-Romagna-52-585x877.jpg 585w, https:\/\/1001voyagesgourmands.com\/wp-content\/uploads\/2024\/02\/Emilia-Romagna-52-scaled.jpg 1709w\" sizes=\"auto, (max-width: 1170px) 100vw, 1170px\" \/><img loading=\"lazy\" decoding=\"async\" class=\"aligncenter size-large wp-image-31165\" src=\"https:\/\/1001voyagesgourmands.com\/wp-content\/uploads\/2024\/02\/Emilia-Romagna-51-1170x781.jpg\" alt=\"After the holiday stay on the Tuscan coast in August, we made a two-day stop in the region of Emilia Romagna, and here are our impressions.\" width=\"1170\" height=\"781\" srcset=\"https:\/\/1001voyagesgourmands.com\/wp-content\/uploads\/2024\/02\/Emilia-Romagna-51-1170x781.jpg 1170w, https:\/\/1001voyagesgourmands.com\/wp-content\/uploads\/2024\/02\/Emilia-Romagna-51-300x200.jpg 300w, https:\/\/1001voyagesgourmands.com\/wp-content\/uploads\/2024\/02\/Emilia-Romagna-51-768x513.jpg 768w, https:\/\/1001voyagesgourmands.com\/wp-content\/uploads\/2024\/02\/Emilia-Romagna-51-1536x1025.jpg 1536w, https:\/\/1001voyagesgourmands.com\/wp-content\/uploads\/2024\/02\/Emilia-Romagna-51-2048x1367.jpg 2048w, https:\/\/1001voyagesgourmands.com\/wp-content\/uploads\/2024\/02\/Emilia-Romagna-51-1920x1281.jpg 1920w, https:\/\/1001voyagesgourmands.com\/wp-content\/uploads\/2024\/02\/Emilia-Romagna-51-585x390.jpg 585w, https:\/\/1001voyagesgourmands.com\/wp-content\/uploads\/2024\/02\/Emilia-Romagna-51-263x175.jpg 263w\" sizes=\"auto, (max-width: 1170px) 100vw, 1170px\" \/><img loading=\"lazy\" decoding=\"async\" class=\"aligncenter size-large wp-image-31171\" src=\"https:\/\/1001voyagesgourmands.com\/wp-content\/uploads\/2024\/02\/Emilia-Romagna-54-1170x1755.jpg\" alt=\"After the holiday stay on the Tuscan coast in August, we made a two-day stop in the region of Emilia Romagna, and here are our impressions.\" width=\"1170\" height=\"1755\" srcset=\"https:\/\/1001voyagesgourmands.com\/wp-content\/uploads\/2024\/02\/Emilia-Romagna-54-1170x1755.jpg 1170w, https:\/\/1001voyagesgourmands.com\/wp-content\/uploads\/2024\/02\/Emilia-Romagna-54-200x300.jpg 200w, https:\/\/1001voyagesgourmands.com\/wp-content\/uploads\/2024\/02\/Emilia-Romagna-54-768x1152.jpg 768w, https:\/\/1001voyagesgourmands.com\/wp-content\/uploads\/2024\/02\/Emilia-Romagna-54-1024x1536.jpg 1024w, https:\/\/1001voyagesgourmands.com\/wp-content\/uploads\/2024\/02\/Emilia-Romagna-54-1365x2048.jpg 1365w, https:\/\/1001voyagesgourmands.com\/wp-content\/uploads\/2024\/02\/Emilia-Romagna-54-585x878.jpg 585w, https:\/\/1001voyagesgourmands.com\/wp-content\/uploads\/2024\/02\/Emilia-Romagna-54-scaled.jpg 1707w\" sizes=\"auto, (max-width: 1170px) 100vw, 1170px\" \/><img loading=\"lazy\" decoding=\"async\" class=\"aligncenter size-large wp-image-31175\" src=\"https:\/\/1001voyagesgourmands.com\/wp-content\/uploads\/2024\/02\/Emilia-Romagna-56-1170x781.jpg\" alt=\"\" width=\"1170\" height=\"781\" srcset=\"https:\/\/1001voyagesgourmands.com\/wp-content\/uploads\/2024\/02\/Emilia-Romagna-56-1170x781.jpg 1170w, https:\/\/1001voyagesgourmands.com\/wp-content\/uploads\/2024\/02\/Emilia-Romagna-56-300x200.jpg 300w, https:\/\/1001voyagesgourmands.com\/wp-content\/uploads\/2024\/02\/Emilia-Romagna-56-768x513.jpg 768w, https:\/\/1001voyagesgourmands.com\/wp-content\/uploads\/2024\/02\/Emilia-Romagna-56-1536x1025.jpg 1536w, https:\/\/1001voyagesgourmands.com\/wp-content\/uploads\/2024\/02\/Emilia-Romagna-56-2048x1367.jpg 2048w, https:\/\/1001voyagesgourmands.com\/wp-content\/uploads\/2024\/02\/Emilia-Romagna-56-1920x1281.jpg 1920w, https:\/\/1001voyagesgourmands.com\/wp-content\/uploads\/2024\/02\/Emilia-Romagna-56-585x390.jpg 585w, https:\/\/1001voyagesgourmands.com\/wp-content\/uploads\/2024\/02\/Emilia-Romagna-56-263x175.jpg 263w\" sizes=\"auto, (max-width: 1170px) 100vw, 1170px\" \/><\/p>\n<p>&nbsp;<\/p>\n<h4 style=\"font-weight: 400; text-align: justify;\">Bologna<\/h4>\n<p style=\"font-weight: 400; text-align: justify;\">Hlavn\u00ed m\u011bsto region Emilia Romagna a jedno z nejzalidn\u011bn\u011bj\u0161\u00edch italsk\u00fdch m\u011bst. \u017dije tu n\u011bco kolem 150 n\u00e1rodnost\u00ed, z\u0159ejm\u011b d\u00edky vyhl\u00e1\u0161en\u00e9 univerzit\u011b je\u017e je nejstar\u0161\u00ed na sv\u011bt\u011b. Navzrody bombardov\u00e1n\u00ed za druh\u00e9 sv\u011btov\u00e9 v\u00e1lky, je jej\u00ed historick\u00e9 centrum je velice zachoval\u00e9 a malebn\u00e9. Odsycen\u00e1 krvav\u011b \u010derven\u00e1 mi vyvstane na mysli, kdy\u017e si vzpomenu na Bolognu. Tahle barva se tam objevuje \u010dasto na fas\u00e1d\u00e1ch dom\u016f a d\u00e1v\u00e1 tak tomuto italsk\u00e9mu m\u011bstu sv\u00e9 specifikum. Jak si m\u016f\u017eete domyslit, je pln\u00e1 mlad\u00fdch lid\u00ed, student\u016f zdej\u0161\u00ed university, a&nbsp;\u017eilo to tu i navzdory srpnov\u00e9mu volnu. Za vid\u011bn\u00ed zde rozhodn\u011b stoj\u00ed Neptunova font\u00e1na, Piazza Maggiore a bazilika San Pietronio, Piazza Santo Stefano a dv\u011b v\u011b\u017ee (Due Torri) jako\u017eto symbol m\u011bsta.<\/p>\n<p><img loading=\"lazy\" decoding=\"async\" class=\"aligncenter size-large wp-image-31185\" src=\"https:\/\/1001voyagesgourmands.com\/wp-content\/uploads\/2024\/02\/Emilia-Romagna-27-1170x1753.jpg\" alt=\"After the holiday stay on the Tuscan coast in August, we made a two-day stop in the region of Emilia Romagna, and here are our impressions.\" width=\"1170\" height=\"1753\" srcset=\"https:\/\/1001voyagesgourmands.com\/wp-content\/uploads\/2024\/02\/Emilia-Romagna-27-1170x1753.jpg 1170w, https:\/\/1001voyagesgourmands.com\/wp-content\/uploads\/2024\/02\/Emilia-Romagna-27-200x300.jpg 200w, https:\/\/1001voyagesgourmands.com\/wp-content\/uploads\/2024\/02\/Emilia-Romagna-27-768x1151.jpg 768w, https:\/\/1001voyagesgourmands.com\/wp-content\/uploads\/2024\/02\/Emilia-Romagna-27-1025x1536.jpg 1025w, https:\/\/1001voyagesgourmands.com\/wp-content\/uploads\/2024\/02\/Emilia-Romagna-27-1367x2048.jpg 1367w, https:\/\/1001voyagesgourmands.com\/wp-content\/uploads\/2024\/02\/Emilia-Romagna-27-585x877.jpg 585w, https:\/\/1001voyagesgourmands.com\/wp-content\/uploads\/2024\/02\/Emilia-Romagna-27-scaled.jpg 1709w\" sizes=\"auto, (max-width: 1170px) 100vw, 1170px\" \/><img loading=\"lazy\" decoding=\"async\" class=\"aligncenter size-large wp-image-31177\" src=\"https:\/\/1001voyagesgourmands.com\/wp-content\/uploads\/2024\/02\/Emilia-Romagna-23-1170x1753.jpg\" alt=\"After the holiday stay on the Tuscan coast in August, we made a two-day stop in the region of Emilia Romagna, and here are our impressions.\" width=\"1170\" height=\"1753\" srcset=\"https:\/\/1001voyagesgourmands.com\/wp-content\/uploads\/2024\/02\/Emilia-Romagna-23-1170x1753.jpg 1170w, https:\/\/1001voyagesgourmands.com\/wp-content\/uploads\/2024\/02\/Emilia-Romagna-23-200x300.jpg 200w, https:\/\/1001voyagesgourmands.com\/wp-content\/uploads\/2024\/02\/Emilia-Romagna-23-768x1151.jpg 768w, https:\/\/1001voyagesgourmands.com\/wp-content\/uploads\/2024\/02\/Emilia-Romagna-23-1025x1536.jpg 1025w, https:\/\/1001voyagesgourmands.com\/wp-content\/uploads\/2024\/02\/Emilia-Romagna-23-1367x2048.jpg 1367w, https:\/\/1001voyagesgourmands.com\/wp-content\/uploads\/2024\/02\/Emilia-Romagna-23-585x877.jpg 585w, https:\/\/1001voyagesgourmands.com\/wp-content\/uploads\/2024\/02\/Emilia-Romagna-23-scaled.jpg 1709w\" sizes=\"auto, (max-width: 1170px) 100vw, 1170px\" \/> <img loading=\"lazy\" decoding=\"async\" class=\"aligncenter size-large wp-image-31181\" src=\"https:\/\/1001voyagesgourmands.com\/wp-content\/uploads\/2024\/02\/Emilia-Romagna-25-1170x1753.jpg\" alt=\"After the holiday stay on the Tuscan coast in August, we made a two-day stop in the region of Emilia Romagna, and here are our impressions.\" width=\"1170\" height=\"1753\" srcset=\"https:\/\/1001voyagesgourmands.com\/wp-content\/uploads\/2024\/02\/Emilia-Romagna-25-1170x1753.jpg 1170w, https:\/\/1001voyagesgourmands.com\/wp-content\/uploads\/2024\/02\/Emilia-Romagna-25-200x300.jpg 200w, https:\/\/1001voyagesgourmands.com\/wp-content\/uploads\/2024\/02\/Emilia-Romagna-25-768x1151.jpg 768w, https:\/\/1001voyagesgourmands.com\/wp-content\/uploads\/2024\/02\/Emilia-Romagna-25-1025x1536.jpg 1025w, https:\/\/1001voyagesgourmands.com\/wp-content\/uploads\/2024\/02\/Emilia-Romagna-25-1367x2048.jpg 1367w, https:\/\/1001voyagesgourmands.com\/wp-content\/uploads\/2024\/02\/Emilia-Romagna-25-585x877.jpg 585w, https:\/\/1001voyagesgourmands.com\/wp-content\/uploads\/2024\/02\/Emilia-Romagna-25-scaled.jpg 1709w\" sizes=\"auto, (max-width: 1170px) 100vw, 1170px\" \/> <img loading=\"lazy\" decoding=\"async\" class=\"aligncenter size-large wp-image-31179\" src=\"https:\/\/1001voyagesgourmands.com\/wp-content\/uploads\/2024\/02\/Emilia-Romagna-24-1170x1753.jpg\" alt=\"\" width=\"1170\" height=\"1753\" srcset=\"https:\/\/1001voyagesgourmands.com\/wp-content\/uploads\/2024\/02\/Emilia-Romagna-24-1170x1753.jpg 1170w, https:\/\/1001voyagesgourmands.com\/wp-content\/uploads\/2024\/02\/Emilia-Romagna-24-200x300.jpg 200w, https:\/\/1001voyagesgourmands.com\/wp-content\/uploads\/2024\/02\/Emilia-Romagna-24-768x1151.jpg 768w, https:\/\/1001voyagesgourmands.com\/wp-content\/uploads\/2024\/02\/Emilia-Romagna-24-1025x1536.jpg 1025w, https:\/\/1001voyagesgourmands.com\/wp-content\/uploads\/2024\/02\/Emilia-Romagna-24-1367x2048.jpg 1367w, https:\/\/1001voyagesgourmands.com\/wp-content\/uploads\/2024\/02\/Emilia-Romagna-24-585x877.jpg 585w, https:\/\/1001voyagesgourmands.com\/wp-content\/uploads\/2024\/02\/Emilia-Romagna-24-scaled.jpg 1709w\" sizes=\"auto, (max-width: 1170px) 100vw, 1170px\" \/><img loading=\"lazy\" decoding=\"async\" class=\"aligncenter size-large wp-image-31183\" src=\"https:\/\/1001voyagesgourmands.com\/wp-content\/uploads\/2024\/02\/Emilia-Romagna-26-1170x1753.jpg\" alt=\"After the holiday stay on the Tuscan coast in August, we made a two-day stop in the region of Emilia Romagna, and here are our impressions.\" width=\"1170\" height=\"1753\" srcset=\"https:\/\/1001voyagesgourmands.com\/wp-content\/uploads\/2024\/02\/Emilia-Romagna-26-1170x1753.jpg 1170w, https:\/\/1001voyagesgourmands.com\/wp-content\/uploads\/2024\/02\/Emilia-Romagna-26-200x300.jpg 200w, https:\/\/1001voyagesgourmands.com\/wp-content\/uploads\/2024\/02\/Emilia-Romagna-26-768x1151.jpg 768w, https:\/\/1001voyagesgourmands.com\/wp-content\/uploads\/2024\/02\/Emilia-Romagna-26-1025x1536.jpg 1025w, https:\/\/1001voyagesgourmands.com\/wp-content\/uploads\/2024\/02\/Emilia-Romagna-26-1367x2048.jpg 1367w, https:\/\/1001voyagesgourmands.com\/wp-content\/uploads\/2024\/02\/Emilia-Romagna-26-585x877.jpg 585w, https:\/\/1001voyagesgourmands.com\/wp-content\/uploads\/2024\/02\/Emilia-Romagna-26-scaled.jpg 1709w\" sizes=\"auto, (max-width: 1170px) 100vw, 1170px\" \/> <img loading=\"lazy\" decoding=\"async\" class=\"aligncenter size-large wp-image-31187\" src=\"https:\/\/1001voyagesgourmands.com\/wp-content\/uploads\/2024\/02\/Emilia-Romagna-28-1170x1755.jpg\" alt=\"\" width=\"1170\" height=\"1755\" srcset=\"https:\/\/1001voyagesgourmands.com\/wp-content\/uploads\/2024\/02\/Emilia-Romagna-28-1170x1755.jpg 1170w, https:\/\/1001voyagesgourmands.com\/wp-content\/uploads\/2024\/02\/Emilia-Romagna-28-200x300.jpg 200w, https:\/\/1001voyagesgourmands.com\/wp-content\/uploads\/2024\/02\/Emilia-Romagna-28-768x1152.jpg 768w, https:\/\/1001voyagesgourmands.com\/wp-content\/uploads\/2024\/02\/Emilia-Romagna-28-1024x1536.jpg 1024w, https:\/\/1001voyagesgourmands.com\/wp-content\/uploads\/2024\/02\/Emilia-Romagna-28-1365x2048.jpg 1365w, https:\/\/1001voyagesgourmands.com\/wp-content\/uploads\/2024\/02\/Emilia-Romagna-28-585x878.jpg 585w, https:\/\/1001voyagesgourmands.com\/wp-content\/uploads\/2024\/02\/Emilia-Romagna-28-scaled.jpg 1707w\" sizes=\"auto, (max-width: 1170px) 100vw, 1170px\" \/> <img loading=\"lazy\" decoding=\"async\" class=\"aligncenter size-large wp-image-31189\" src=\"https:\/\/1001voyagesgourmands.com\/wp-content\/uploads\/2024\/02\/Emilia-Romagna-29-1170x1753.jpg\" alt=\"\" width=\"1170\" height=\"1753\" srcset=\"https:\/\/1001voyagesgourmands.com\/wp-content\/uploads\/2024\/02\/Emilia-Romagna-29-1170x1753.jpg 1170w, https:\/\/1001voyagesgourmands.com\/wp-content\/uploads\/2024\/02\/Emilia-Romagna-29-200x300.jpg 200w, https:\/\/1001voyagesgourmands.com\/wp-content\/uploads\/2024\/02\/Emilia-Romagna-29-768x1151.jpg 768w, https:\/\/1001voyagesgourmands.com\/wp-content\/uploads\/2024\/02\/Emilia-Romagna-29-1025x1536.jpg 1025w, https:\/\/1001voyagesgourmands.com\/wp-content\/uploads\/2024\/02\/Emilia-Romagna-29-1367x2048.jpg 1367w, https:\/\/1001voyagesgourmands.com\/wp-content\/uploads\/2024\/02\/Emilia-Romagna-29-585x877.jpg 585w, https:\/\/1001voyagesgourmands.com\/wp-content\/uploads\/2024\/02\/Emilia-Romagna-29-scaled.jpg 1709w\" sizes=\"auto, (max-width: 1170px) 100vw, 1170px\" \/> <img loading=\"lazy\" decoding=\"async\" class=\"aligncenter size-large wp-image-31191\" src=\"https:\/\/1001voyagesgourmands.com\/wp-content\/uploads\/2024\/02\/Emilia-Romagna-30-1170x1753.jpg\" alt=\"After the holiday stay on the Tuscan coast in August, we made a two-day stop in the region of Emilia Romagna, and here are our impressions.\" width=\"1170\" height=\"1753\" srcset=\"https:\/\/1001voyagesgourmands.com\/wp-content\/uploads\/2024\/02\/Emilia-Romagna-30-1170x1753.jpg 1170w, https:\/\/1001voyagesgourmands.com\/wp-content\/uploads\/2024\/02\/Emilia-Romagna-30-200x300.jpg 200w, https:\/\/1001voyagesgourmands.com\/wp-content\/uploads\/2024\/02\/Emilia-Romagna-30-768x1151.jpg 768w, https:\/\/1001voyagesgourmands.com\/wp-content\/uploads\/2024\/02\/Emilia-Romagna-30-1025x1536.jpg 1025w, https:\/\/1001voyagesgourmands.com\/wp-content\/uploads\/2024\/02\/Emilia-Romagna-30-1367x2048.jpg 1367w, https:\/\/1001voyagesgourmands.com\/wp-content\/uploads\/2024\/02\/Emilia-Romagna-30-585x877.jpg 585w, https:\/\/1001voyagesgourmands.com\/wp-content\/uploads\/2024\/02\/Emilia-Romagna-30-scaled.jpg 1709w\" sizes=\"auto, (max-width: 1170px) 100vw, 1170px\" \/> <img loading=\"lazy\" decoding=\"async\" class=\"aligncenter size-large wp-image-31193\" src=\"https:\/\/1001voyagesgourmands.com\/wp-content\/uploads\/2024\/02\/Emilia-Romagna-31-1170x1753.jpg\" alt=\"\" width=\"1170\" height=\"1753\" srcset=\"https:\/\/1001voyagesgourmands.com\/wp-content\/uploads\/2024\/02\/Emilia-Romagna-31-1170x1753.jpg 1170w, https:\/\/1001voyagesgourmands.com\/wp-content\/uploads\/2024\/02\/Emilia-Romagna-31-200x300.jpg 200w, https:\/\/1001voyagesgourmands.com\/wp-content\/uploads\/2024\/02\/Emilia-Romagna-31-768x1151.jpg 768w, https:\/\/1001voyagesgourmands.com\/wp-content\/uploads\/2024\/02\/Emilia-Romagna-31-1025x1536.jpg 1025w, https:\/\/1001voyagesgourmands.com\/wp-content\/uploads\/2024\/02\/Emilia-Romagna-31-1367x2048.jpg 1367w, https:\/\/1001voyagesgourmands.com\/wp-content\/uploads\/2024\/02\/Emilia-Romagna-31-585x877.jpg 585w, https:\/\/1001voyagesgourmands.com\/wp-content\/uploads\/2024\/02\/Emilia-Romagna-31-scaled.jpg 1709w\" sizes=\"auto, (max-width: 1170px) 100vw, 1170px\" \/> <img loading=\"lazy\" decoding=\"async\" class=\"aligncenter size-large wp-image-31195\" src=\"https:\/\/1001voyagesgourmands.com\/wp-content\/uploads\/2024\/02\/Emilia-Romagna-32-1170x1753.jpg\" alt=\"\" width=\"1170\" height=\"1753\" srcset=\"https:\/\/1001voyagesgourmands.com\/wp-content\/uploads\/2024\/02\/Emilia-Romagna-32-1170x1753.jpg 1170w, https:\/\/1001voyagesgourmands.com\/wp-content\/uploads\/2024\/02\/Emilia-Romagna-32-200x300.jpg 200w, https:\/\/1001voyagesgourmands.com\/wp-content\/uploads\/2024\/02\/Emilia-Romagna-32-768x1151.jpg 768w, https:\/\/1001voyagesgourmands.com\/wp-content\/uploads\/2024\/02\/Emilia-Romagna-32-1025x1536.jpg 1025w, https:\/\/1001voyagesgourmands.com\/wp-content\/uploads\/2024\/02\/Emilia-Romagna-32-1367x2048.jpg 1367w, https:\/\/1001voyagesgourmands.com\/wp-content\/uploads\/2024\/02\/Emilia-Romagna-32-585x877.jpg 585w, https:\/\/1001voyagesgourmands.com\/wp-content\/uploads\/2024\/02\/Emilia-Romagna-32-scaled.jpg 1709w\" sizes=\"auto, (max-width: 1170px) 100vw, 1170px\" \/> <img loading=\"lazy\" decoding=\"async\" class=\"aligncenter size-large wp-image-31197\" src=\"https:\/\/1001voyagesgourmands.com\/wp-content\/uploads\/2024\/02\/Emilia-Romagna-33-1170x781.jpg\" alt=\"After the holiday stay on the Tuscan coast in August, we made a two-day stop in the region of Emilia Romagna, and here are our impressions.\" width=\"1170\" height=\"781\" srcset=\"https:\/\/1001voyagesgourmands.com\/wp-content\/uploads\/2024\/02\/Emilia-Romagna-33-1170x781.jpg 1170w, https:\/\/1001voyagesgourmands.com\/wp-content\/uploads\/2024\/02\/Emilia-Romagna-33-300x200.jpg 300w, https:\/\/1001voyagesgourmands.com\/wp-content\/uploads\/2024\/02\/Emilia-Romagna-33-768x513.jpg 768w, https:\/\/1001voyagesgourmands.com\/wp-content\/uploads\/2024\/02\/Emilia-Romagna-33-1536x1025.jpg 1536w, https:\/\/1001voyagesgourmands.com\/wp-content\/uploads\/2024\/02\/Emilia-Romagna-33-2048x1367.jpg 2048w, https:\/\/1001voyagesgourmands.com\/wp-content\/uploads\/2024\/02\/Emilia-Romagna-33-1920x1281.jpg 1920w, https:\/\/1001voyagesgourmands.com\/wp-content\/uploads\/2024\/02\/Emilia-Romagna-33-585x390.jpg 585w, https:\/\/1001voyagesgourmands.com\/wp-content\/uploads\/2024\/02\/Emilia-Romagna-33-263x175.jpg 263w\" sizes=\"auto, (max-width: 1170px) 100vw, 1170px\" \/> <img loading=\"lazy\" decoding=\"async\" class=\"aligncenter size-large wp-image-31199\" src=\"https:\/\/1001voyagesgourmands.com\/wp-content\/uploads\/2024\/02\/Emilia-Romagna-34-1170x1753.jpg\" alt=\"\" width=\"1170\" height=\"1753\" srcset=\"https:\/\/1001voyagesgourmands.com\/wp-content\/uploads\/2024\/02\/Emilia-Romagna-34-1170x1753.jpg 1170w, https:\/\/1001voyagesgourmands.com\/wp-content\/uploads\/2024\/02\/Emilia-Romagna-34-200x300.jpg 200w, https:\/\/1001voyagesgourmands.com\/wp-content\/uploads\/2024\/02\/Emilia-Romagna-34-768x1151.jpg 768w, https:\/\/1001voyagesgourmands.com\/wp-content\/uploads\/2024\/02\/Emilia-Romagna-34-1025x1536.jpg 1025w, https:\/\/1001voyagesgourmands.com\/wp-content\/uploads\/2024\/02\/Emilia-Romagna-34-1367x2048.jpg 1367w, https:\/\/1001voyagesgourmands.com\/wp-content\/uploads\/2024\/02\/Emilia-Romagna-34-585x877.jpg 585w, https:\/\/1001voyagesgourmands.com\/wp-content\/uploads\/2024\/02\/Emilia-Romagna-34-scaled.jpg 1709w\" sizes=\"auto, (max-width: 1170px) 100vw, 1170px\" \/> <img loading=\"lazy\" decoding=\"async\" class=\"aligncenter size-large wp-image-31201\" src=\"https:\/\/1001voyagesgourmands.com\/wp-content\/uploads\/2024\/02\/Emilia-Romagna-35-1170x1753.jpg\" alt=\"After the holiday stay on the Tuscan coast in August, we made a two-day stop in the region of Emilia Romagna, and here are our impressions.\" width=\"1170\" height=\"1753\" srcset=\"https:\/\/1001voyagesgourmands.com\/wp-content\/uploads\/2024\/02\/Emilia-Romagna-35-1170x1753.jpg 1170w, https:\/\/1001voyagesgourmands.com\/wp-content\/uploads\/2024\/02\/Emilia-Romagna-35-200x300.jpg 200w, https:\/\/1001voyagesgourmands.com\/wp-content\/uploads\/2024\/02\/Emilia-Romagna-35-768x1151.jpg 768w, https:\/\/1001voyagesgourmands.com\/wp-content\/uploads\/2024\/02\/Emilia-Romagna-35-1025x1536.jpg 1025w, https:\/\/1001voyagesgourmands.com\/wp-content\/uploads\/2024\/02\/Emilia-Romagna-35-1367x2048.jpg 1367w, https:\/\/1001voyagesgourmands.com\/wp-content\/uploads\/2024\/02\/Emilia-Romagna-35-585x877.jpg 585w, https:\/\/1001voyagesgourmands.com\/wp-content\/uploads\/2024\/02\/Emilia-Romagna-35-scaled.jpg 1709w\" sizes=\"auto, (max-width: 1170px) 100vw, 1170px\" \/> <img loading=\"lazy\" decoding=\"async\" class=\"aligncenter size-large wp-image-31203\" src=\"https:\/\/1001voyagesgourmands.com\/wp-content\/uploads\/2024\/02\/Emilia-Romagna-36-1170x1753.jpg\" alt=\"\" width=\"1170\" height=\"1753\" srcset=\"https:\/\/1001voyagesgourmands.com\/wp-content\/uploads\/2024\/02\/Emilia-Romagna-36-1170x1753.jpg 1170w, https:\/\/1001voyagesgourmands.com\/wp-content\/uploads\/2024\/02\/Emilia-Romagna-36-200x300.jpg 200w, https:\/\/1001voyagesgourmands.com\/wp-content\/uploads\/2024\/02\/Emilia-Romagna-36-768x1151.jpg 768w, https:\/\/1001voyagesgourmands.com\/wp-content\/uploads\/2024\/02\/Emilia-Romagna-36-1025x1536.jpg 1025w, https:\/\/1001voyagesgourmands.com\/wp-content\/uploads\/2024\/02\/Emilia-Romagna-36-1367x2048.jpg 1367w, https:\/\/1001voyagesgourmands.com\/wp-content\/uploads\/2024\/02\/Emilia-Romagna-36-585x877.jpg 585w, https:\/\/1001voyagesgourmands.com\/wp-content\/uploads\/2024\/02\/Emilia-Romagna-36-scaled.jpg 1709w\" sizes=\"auto, (max-width: 1170px) 100vw, 1170px\" \/><\/p>\n<p>&nbsp;<\/p>\n<h4 style=\"font-weight: 400; text-align: justify;\">Parma<\/h4>\n<p style=\"font-weight: 400; text-align: justify;\"><span lang=\"CS\">Jedna kolegyn\u011b, kdy\u017e jsem se j\u00ed sv\u011b\u0159ila, \u017ee se ur\u010dit\u011b stav\u00edme v Parm\u011b, m\u011b varovala, \u017ee tam nic zaj\u00edmav\u00e9ho nen\u00ed, a tak jsme mo\u017en\u00e1 nem\u011bli velk\u00e1 o\u010dek\u00e1v\u00e1n\u00ed, nicm\u00e9n\u011b jsem se o tom cht\u011bla p\u0159esv\u011bd\u010dit sama. Je domovem dal\u0161\u00ed star\u00e9 university, tak\u017ee by v tom byl \u010dert, aby tam nebylo nic zaj\u00edmav\u00e9ho, alespo\u0148 co se architektury t\u00fdk\u00e1. Za p\u016flden jsme toho sice moc nestihli, ale co mohu soudit, tak minim\u00e1ln\u011b katedr\u00e1la je n\u00e1dhern\u00e1 a budova Baptisteria stoj\u00ed t\u00e9\u017e za pov\u0161imnut\u00ed. Parmskou \u0161unku nej\u00edm, ale Steven si s n\u00ed dal alespo\u0148 sal\u00e1t, jo a maj\u00ed tam dobrou zmrzku vedle obchodu Bialetti! \ud83d\ude09<\/span><\/p>\n<p style=\"font-weight: 400; text-align: justify;\"><img loading=\"lazy\" decoding=\"async\" class=\"aligncenter size-large wp-image-31207\" src=\"https:\/\/1001voyagesgourmands.com\/wp-content\/uploads\/2024\/02\/Emilia-Romagna-58-1170x1753.jpg\" alt=\"After the holiday stay on the Tuscan coast in August, we made a two-day stop in the region of Emilia Romagna, and here are our impressions.\" width=\"1170\" height=\"1753\" srcset=\"https:\/\/1001voyagesgourmands.com\/wp-content\/uploads\/2024\/02\/Emilia-Romagna-58-1170x1753.jpg 1170w, https:\/\/1001voyagesgourmands.com\/wp-content\/uploads\/2024\/02\/Emilia-Romagna-58-200x300.jpg 200w, https:\/\/1001voyagesgourmands.com\/wp-content\/uploads\/2024\/02\/Emilia-Romagna-58-768x1151.jpg 768w, https:\/\/1001voyagesgourmands.com\/wp-content\/uploads\/2024\/02\/Emilia-Romagna-58-1025x1536.jpg 1025w, https:\/\/1001voyagesgourmands.com\/wp-content\/uploads\/2024\/02\/Emilia-Romagna-58-1367x2048.jpg 1367w, https:\/\/1001voyagesgourmands.com\/wp-content\/uploads\/2024\/02\/Emilia-Romagna-58-585x877.jpg 585w, https:\/\/1001voyagesgourmands.com\/wp-content\/uploads\/2024\/02\/Emilia-Romagna-58-scaled.jpg 1709w\" sizes=\"auto, (max-width: 1170px) 100vw, 1170px\" \/><img loading=\"lazy\" decoding=\"async\" class=\"aligncenter size-large wp-image-31209\" src=\"https:\/\/1001voyagesgourmands.com\/wp-content\/uploads\/2024\/02\/Emilia-Romagna-59-1170x1753.jpg\" alt=\"\" width=\"1170\" height=\"1753\" srcset=\"https:\/\/1001voyagesgourmands.com\/wp-content\/uploads\/2024\/02\/Emilia-Romagna-59-1170x1753.jpg 1170w, https:\/\/1001voyagesgourmands.com\/wp-content\/uploads\/2024\/02\/Emilia-Romagna-59-200x300.jpg 200w, https:\/\/1001voyagesgourmands.com\/wp-content\/uploads\/2024\/02\/Emilia-Romagna-59-768x1151.jpg 768w, https:\/\/1001voyagesgourmands.com\/wp-content\/uploads\/2024\/02\/Emilia-Romagna-59-1025x1536.jpg 1025w, https:\/\/1001voyagesgourmands.com\/wp-content\/uploads\/2024\/02\/Emilia-Romagna-59-1367x2048.jpg 1367w, https:\/\/1001voyagesgourmands.com\/wp-content\/uploads\/2024\/02\/Emilia-Romagna-59-585x877.jpg 585w, https:\/\/1001voyagesgourmands.com\/wp-content\/uploads\/2024\/02\/Emilia-Romagna-59-scaled.jpg 1709w\" sizes=\"auto, (max-width: 1170px) 100vw, 1170px\" \/> <img loading=\"lazy\" decoding=\"async\" class=\"aligncenter size-large wp-image-31211\" src=\"https:\/\/1001voyagesgourmands.com\/wp-content\/uploads\/2024\/02\/Emilia-Romagna-60-1170x781.jpg\" alt=\"\" width=\"1170\" height=\"781\" srcset=\"https:\/\/1001voyagesgourmands.com\/wp-content\/uploads\/2024\/02\/Emilia-Romagna-60-1170x781.jpg 1170w, https:\/\/1001voyagesgourmands.com\/wp-content\/uploads\/2024\/02\/Emilia-Romagna-60-300x200.jpg 300w, https:\/\/1001voyagesgourmands.com\/wp-content\/uploads\/2024\/02\/Emilia-Romagna-60-768x513.jpg 768w, https:\/\/1001voyagesgourmands.com\/wp-content\/uploads\/2024\/02\/Emilia-Romagna-60-1536x1025.jpg 1536w, https:\/\/1001voyagesgourmands.com\/wp-content\/uploads\/2024\/02\/Emilia-Romagna-60-2048x1367.jpg 2048w, https:\/\/1001voyagesgourmands.com\/wp-content\/uploads\/2024\/02\/Emilia-Romagna-60-1920x1281.jpg 1920w, https:\/\/1001voyagesgourmands.com\/wp-content\/uploads\/2024\/02\/Emilia-Romagna-60-585x390.jpg 585w, https:\/\/1001voyagesgourmands.com\/wp-content\/uploads\/2024\/02\/Emilia-Romagna-60-263x175.jpg 263w\" sizes=\"auto, (max-width: 1170px) 100vw, 1170px\" \/> <img loading=\"lazy\" decoding=\"async\" class=\"aligncenter size-large wp-image-31215\" src=\"https:\/\/1001voyagesgourmands.com\/wp-content\/uploads\/2024\/02\/Emilia-Romagna-62-1170x1753.jpg\" alt=\"\" width=\"1170\" height=\"1753\" srcset=\"https:\/\/1001voyagesgourmands.com\/wp-content\/uploads\/2024\/02\/Emilia-Romagna-62-1170x1753.jpg 1170w, https:\/\/1001voyagesgourmands.com\/wp-content\/uploads\/2024\/02\/Emilia-Romagna-62-200x300.jpg 200w, https:\/\/1001voyagesgourmands.com\/wp-content\/uploads\/2024\/02\/Emilia-Romagna-62-768x1151.jpg 768w, https:\/\/1001voyagesgourmands.com\/wp-content\/uploads\/2024\/02\/Emilia-Romagna-62-1025x1536.jpg 1025w, https:\/\/1001voyagesgourmands.com\/wp-content\/uploads\/2024\/02\/Emilia-Romagna-62-1367x2048.jpg 1367w, https:\/\/1001voyagesgourmands.com\/wp-content\/uploads\/2024\/02\/Emilia-Romagna-62-585x877.jpg 585w, https:\/\/1001voyagesgourmands.com\/wp-content\/uploads\/2024\/02\/Emilia-Romagna-62-scaled.jpg 1709w\" sizes=\"auto, (max-width: 1170px) 100vw, 1170px\" \/><img loading=\"lazy\" decoding=\"async\" class=\"aligncenter size-large wp-image-31213\" src=\"https:\/\/1001voyagesgourmands.com\/wp-content\/uploads\/2024\/02\/Emilia-Romagna-61-1170x781.jpg\" alt=\"\" width=\"1170\" height=\"781\" srcset=\"https:\/\/1001voyagesgourmands.com\/wp-content\/uploads\/2024\/02\/Emilia-Romagna-61-1170x781.jpg 1170w, https:\/\/1001voyagesgourmands.com\/wp-content\/uploads\/2024\/02\/Emilia-Romagna-61-300x200.jpg 300w, https:\/\/1001voyagesgourmands.com\/wp-content\/uploads\/2024\/02\/Emilia-Romagna-61-768x513.jpg 768w, https:\/\/1001voyagesgourmands.com\/wp-content\/uploads\/2024\/02\/Emilia-Romagna-61-1536x1025.jpg 1536w, https:\/\/1001voyagesgourmands.com\/wp-content\/uploads\/2024\/02\/Emilia-Romagna-61-2048x1367.jpg 2048w, https:\/\/1001voyagesgourmands.com\/wp-content\/uploads\/2024\/02\/Emilia-Romagna-61-1920x1281.jpg 1920w, https:\/\/1001voyagesgourmands.com\/wp-content\/uploads\/2024\/02\/Emilia-Romagna-61-585x390.jpg 585w, https:\/\/1001voyagesgourmands.com\/wp-content\/uploads\/2024\/02\/Emilia-Romagna-61-263x175.jpg 263w\" sizes=\"auto, (max-width: 1170px) 100vw, 1170px\" \/><img loading=\"lazy\" decoding=\"async\" class=\"aligncenter size-large wp-image-31217\" src=\"https:\/\/1001voyagesgourmands.com\/wp-content\/uploads\/2024\/02\/Emilia-Romagna-63-1170x781.jpg\" alt=\"\" width=\"1170\" height=\"781\" srcset=\"https:\/\/1001voyagesgourmands.com\/wp-content\/uploads\/2024\/02\/Emilia-Romagna-63-1170x781.jpg 1170w, https:\/\/1001voyagesgourmands.com\/wp-content\/uploads\/2024\/02\/Emilia-Romagna-63-300x200.jpg 300w, https:\/\/1001voyagesgourmands.com\/wp-content\/uploads\/2024\/02\/Emilia-Romagna-63-768x513.jpg 768w, https:\/\/1001voyagesgourmands.com\/wp-content\/uploads\/2024\/02\/Emilia-Romagna-63-1536x1025.jpg 1536w, https:\/\/1001voyagesgourmands.com\/wp-content\/uploads\/2024\/02\/Emilia-Romagna-63-2048x1367.jpg 2048w, https:\/\/1001voyagesgourmands.com\/wp-content\/uploads\/2024\/02\/Emilia-Romagna-63-1920x1281.jpg 1920w, https:\/\/1001voyagesgourmands.com\/wp-content\/uploads\/2024\/02\/Emilia-Romagna-63-585x390.jpg 585w, https:\/\/1001voyagesgourmands.com\/wp-content\/uploads\/2024\/02\/Emilia-Romagna-63-263x175.jpg 263w\" sizes=\"auto, (max-width: 1170px) 100vw, 1170px\" \/><img loading=\"lazy\" decoding=\"async\" class=\"aligncenter size-large wp-image-31223\" src=\"https:\/\/1001voyagesgourmands.com\/wp-content\/uploads\/2024\/02\/Emilia-Romagna-66-1170x1753.jpg\" alt=\"\" width=\"1170\" height=\"1753\" srcset=\"https:\/\/1001voyagesgourmands.com\/wp-content\/uploads\/2024\/02\/Emilia-Romagna-66-1170x1753.jpg 1170w, https:\/\/1001voyagesgourmands.com\/wp-content\/uploads\/2024\/02\/Emilia-Romagna-66-200x300.jpg 200w, https:\/\/1001voyagesgourmands.com\/wp-content\/uploads\/2024\/02\/Emilia-Romagna-66-768x1151.jpg 768w, https:\/\/1001voyagesgourmands.com\/wp-content\/uploads\/2024\/02\/Emilia-Romagna-66-1025x1536.jpg 1025w, https:\/\/1001voyagesgourmands.com\/wp-content\/uploads\/2024\/02\/Emilia-Romagna-66-1367x2048.jpg 1367w, https:\/\/1001voyagesgourmands.com\/wp-content\/uploads\/2024\/02\/Emilia-Romagna-66-585x877.jpg 585w, https:\/\/1001voyagesgourmands.com\/wp-content\/uploads\/2024\/02\/Emilia-Romagna-66-scaled.jpg 1709w\" sizes=\"auto, (max-width: 1170px) 100vw, 1170px\" \/> <img loading=\"lazy\" decoding=\"async\" class=\"aligncenter size-large wp-image-31225\" src=\"https:\/\/1001voyagesgourmands.com\/wp-content\/uploads\/2024\/02\/Emilia-Romagna-67-1170x1753.jpg\" alt=\"\" width=\"1170\" height=\"1753\" srcset=\"https:\/\/1001voyagesgourmands.com\/wp-content\/uploads\/2024\/02\/Emilia-Romagna-67-1170x1753.jpg 1170w, https:\/\/1001voyagesgourmands.com\/wp-content\/uploads\/2024\/02\/Emilia-Romagna-67-200x300.jpg 200w, https:\/\/1001voyagesgourmands.com\/wp-content\/uploads\/2024\/02\/Emilia-Romagna-67-768x1151.jpg 768w, https:\/\/1001voyagesgourmands.com\/wp-content\/uploads\/2024\/02\/Emilia-Romagna-67-1025x1536.jpg 1025w, https:\/\/1001voyagesgourmands.com\/wp-content\/uploads\/2024\/02\/Emilia-Romagna-67-1367x2048.jpg 1367w, https:\/\/1001voyagesgourmands.com\/wp-content\/uploads\/2024\/02\/Emilia-Romagna-67-585x877.jpg 585w, https:\/\/1001voyagesgourmands.com\/wp-content\/uploads\/2024\/02\/Emilia-Romagna-67-scaled.jpg 1709w\" sizes=\"auto, (max-width: 1170px) 100vw, 1170px\" \/><img loading=\"lazy\" decoding=\"async\" class=\"aligncenter size-large wp-image-31221\" src=\"https:\/\/1001voyagesgourmands.com\/wp-content\/uploads\/2024\/02\/Emilia-Romagna-65-1170x781.jpg\" alt=\"\" width=\"1170\" height=\"781\" srcset=\"https:\/\/1001voyagesgourmands.com\/wp-content\/uploads\/2024\/02\/Emilia-Romagna-65-1170x781.jpg 1170w, https:\/\/1001voyagesgourmands.com\/wp-content\/uploads\/2024\/02\/Emilia-Romagna-65-300x200.jpg 300w, https:\/\/1001voyagesgourmands.com\/wp-content\/uploads\/2024\/02\/Emilia-Romagna-65-768x513.jpg 768w, https:\/\/1001voyagesgourmands.com\/wp-content\/uploads\/2024\/02\/Emilia-Romagna-65-1536x1025.jpg 1536w, https:\/\/1001voyagesgourmands.com\/wp-content\/uploads\/2024\/02\/Emilia-Romagna-65-2048x1367.jpg 2048w, https:\/\/1001voyagesgourmands.com\/wp-content\/uploads\/2024\/02\/Emilia-Romagna-65-1920x1281.jpg 1920w, https:\/\/1001voyagesgourmands.com\/wp-content\/uploads\/2024\/02\/Emilia-Romagna-65-585x390.jpg 585w, https:\/\/1001voyagesgourmands.com\/wp-content\/uploads\/2024\/02\/Emilia-Romagna-65-263x175.jpg 263w\" sizes=\"auto, (max-width: 1170px) 100vw, 1170px\" \/><img loading=\"lazy\" decoding=\"async\" class=\"aligncenter size-large wp-image-31205\" src=\"https:\/\/1001voyagesgourmands.com\/wp-content\/uploads\/2024\/02\/Emilia-Romagna-57-1170x1753.jpg\" alt=\"\" width=\"1170\" height=\"1753\" srcset=\"https:\/\/1001voyagesgourmands.com\/wp-content\/uploads\/2024\/02\/Emilia-Romagna-57-1170x1753.jpg 1170w, https:\/\/1001voyagesgourmands.com\/wp-content\/uploads\/2024\/02\/Emilia-Romagna-57-200x300.jpg 200w, https:\/\/1001voyagesgourmands.com\/wp-content\/uploads\/2024\/02\/Emilia-Romagna-57-768x1151.jpg 768w, https:\/\/1001voyagesgourmands.com\/wp-content\/uploads\/2024\/02\/Emilia-Romagna-57-1025x1536.jpg 1025w, https:\/\/1001voyagesgourmands.com\/wp-content\/uploads\/2024\/02\/Emilia-Romagna-57-1367x2048.jpg 1367w, https:\/\/1001voyagesgourmands.com\/wp-content\/uploads\/2024\/02\/Emilia-Romagna-57-585x877.jpg 585w, https:\/\/1001voyagesgourmands.com\/wp-content\/uploads\/2024\/02\/Emilia-Romagna-57-scaled.jpg 1709w\" sizes=\"auto, (max-width: 1170px) 100vw, 1170px\" \/><img loading=\"lazy\" decoding=\"async\" class=\"aligncenter size-large wp-image-31219\" src=\"https:\/\/1001voyagesgourmands.com\/wp-content\/uploads\/2024\/02\/Emilia-Romagna-64-1170x1560.jpg\" alt=\"\" width=\"1170\" height=\"1560\" srcset=\"https:\/\/1001voyagesgourmands.com\/wp-content\/uploads\/2024\/02\/Emilia-Romagna-64-1170x1560.jpg 1170w, https:\/\/1001voyagesgourmands.com\/wp-content\/uploads\/2024\/02\/Emilia-Romagna-64-225x300.jpg 225w, https:\/\/1001voyagesgourmands.com\/wp-content\/uploads\/2024\/02\/Emilia-Romagna-64-768x1024.jpg 768w, https:\/\/1001voyagesgourmands.com\/wp-content\/uploads\/2024\/02\/Emilia-Romagna-64-1152x1536.jpg 1152w, https:\/\/1001voyagesgourmands.com\/wp-content\/uploads\/2024\/02\/Emilia-Romagna-64-1536x2048.jpg 1536w, https:\/\/1001voyagesgourmands.com\/wp-content\/uploads\/2024\/02\/Emilia-Romagna-64-scaled.jpg 1920w, https:\/\/1001voyagesgourmands.com\/wp-content\/uploads\/2024\/02\/Emilia-Romagna-64-585x780.jpg 585w\" sizes=\"auto, (max-width: 1170px) 100vw, 1170px\" \/> <img loading=\"lazy\" decoding=\"async\" class=\"aligncenter size-large wp-image-31227\" src=\"https:\/\/1001voyagesgourmands.com\/wp-content\/uploads\/2024\/02\/Emilia-Romagna-68-1170x1560.jpg\" alt=\"\" width=\"1170\" height=\"1560\" srcset=\"https:\/\/1001voyagesgourmands.com\/wp-content\/uploads\/2024\/02\/Emilia-Romagna-68-1170x1560.jpg 1170w, https:\/\/1001voyagesgourmands.com\/wp-content\/uploads\/2024\/02\/Emilia-Romagna-68-225x300.jpg 225w, https:\/\/1001voyagesgourmands.com\/wp-content\/uploads\/2024\/02\/Emilia-Romagna-68-768x1024.jpg 768w, https:\/\/1001voyagesgourmands.com\/wp-content\/uploads\/2024\/02\/Emilia-Romagna-68-1152x1536.jpg 1152w, https:\/\/1001voyagesgourmands.com\/wp-content\/uploads\/2024\/02\/Emilia-Romagna-68-1536x2048.jpg 1536w, https:\/\/1001voyagesgourmands.com\/wp-content\/uploads\/2024\/02\/Emilia-Romagna-68-scaled.jpg 1920w, https:\/\/1001voyagesgourmands.com\/wp-content\/uploads\/2024\/02\/Emilia-Romagna-68-585x780.jpg 585w\" sizes=\"auto, (max-width: 1170px) 100vw, 1170px\" \/><\/p>\n<p>&nbsp;<\/p>\n<p style=\"font-weight: 400; text-align: justify;\">Co vy, byli jste v t\u00e9to oblasti? Kter\u00e1 (dal\u0161\u00ed) m\u00edsta nebo zdej\u0161\u00ed j\u00eddla v\u00e1s nadchla? Dejte mi v\u011bd\u011bt v koment\u00e1\u0159\u00edch.<\/p>\n","protected":false},"excerpt":{"rendered":"<p>Po letn\u00edm pobytu na pob\u0159e\u017e\u00ed severn\u00edho Tosk\u00e1nska jsme to vzali zp\u011bt p\u0159ed region Emilia Romagna. Jen tak na skok, dva dny, p\u0159ed p\u0159esp\u00e1n\u00edm v Como a cestou p\u0159es \u0160v\u00fdcarsko a Francii zp\u011bt do Belgie. Byly to relativn\u011b poklidn\u00e9 dva dny pln\u00e9 hezk\u00fdch dojm\u016f ze \u010dty\u0159 m\u00edst v It\u00e1lii, kde se&hellip;<\/p>\n","protected":false},"author":1,"featured_media":31121,"comment_status":"open","ping_status":"open","sticky":false,"template":"","format":"standard","meta":{"_exactmetrics_skip_tracking":false,"_exactmetrics_sitenote_active":false,"_exactmetrics_sitenote_note":"","_exactmetrics_sitenote_category":0,"_lmt_disableupdate":"","_lmt_disable":"","footnotes":""},"categories":[4,593],"tags":[],"class_list":["post-31230","post","type-post","status-publish","format-standard","has-post-thumbnail","hentry","category-cestovani","category-italie"],"yoast_head":"<!-- This site is optimized with the Yoast SEO plugin v26.1.1 - https:\/\/yoast.com\/wordpress\/plugins\/seo\/ -->\n<title>Na\u0161e dojmy z Emilia Romagna - 1001 Voyages Gourmands<\/title>\n<meta name=\"description\" content=\"Po letn\u00edm pobytu na pob\u0159e\u017e\u00ed severn\u00edho Tosk\u00e1nska jsme to vzali zp\u011bt p\u0159ed region Emilia Romagna a tady jsou na\u0161e dojmy z nav\u0161t\u00edven\u00fdch m\u00edst.\" \/>\n<meta name=\"robots\" content=\"index, follow, max-snippet:-1, max-image-preview:large, max-video-preview:-1\" \/>\n<link rel=\"canonical\" href=\"https:\/\/1001voyagesgourmands.com\/cs\/nase-dojmy-z-emilia-romagna\/\" \/>\n<meta property=\"og:locale\" content=\"cs_CZ\" \/>\n<meta property=\"og:type\" content=\"article\" \/>\n<meta property=\"og:title\" content=\"Na\u0161e dojmy z Emilia Romagna - 1001 Voyages Gourmands\" \/>\n<meta property=\"og:description\" content=\"Po letn\u00edm pobytu na pob\u0159e\u017e\u00ed severn\u00edho Tosk\u00e1nska jsme to vzali zp\u011bt p\u0159ed region Emilia Romagna a tady jsou na\u0161e dojmy z nav\u0161t\u00edven\u00fdch m\u00edst.\" \/>\n<meta property=\"og:url\" content=\"https:\/\/1001voyagesgourmands.com\/cs\/nase-dojmy-z-emilia-romagna\/\" \/>\n<meta property=\"og:site_name\" content=\"1001 Voyages Gourmands\" \/>\n<meta property=\"article:publisher\" content=\"https:\/\/www.facebook.com\/1001voyagesgourmands\" \/>\n<meta property=\"article:published_time\" content=\"2024-02-26T21:45:10+00:00\" \/>\n<meta property=\"article:modified_time\" content=\"2024-02-26T21:49:04+00:00\" \/>\n<meta property=\"og:image\" content=\"https:\/\/1001voyagesgourmands.com\/wp-content\/uploads\/2024\/02\/Emilia-Romagna-13-scaled.jpg\" \/>\n\t<meta property=\"og:image:width\" content=\"1709\" \/>\n\t<meta property=\"og:image:height\" content=\"2560\" \/>\n\t<meta property=\"og:image:type\" content=\"image\/jpeg\" \/>\n<meta name=\"author\" content=\"Michaela\" \/>\n<meta name=\"twitter:card\" content=\"summary_large_image\" \/>\n<meta name=\"twitter:creator\" content=\"@michaela_1001vg\" \/>\n<meta name=\"twitter:site\" content=\"@michaela_1001vg\" \/>\n<meta name=\"twitter:label1\" content=\"Napsal(a)\" \/>\n\t<meta name=\"twitter:data1\" content=\"Michaela\" \/>\n\t<meta name=\"twitter:label2\" content=\"Odhadovan\u00e1 doba \u010dten\u00ed\" \/>\n\t<meta name=\"twitter:data2\" content=\"16 minut\" \/>\n<script type=\"application\/ld+json\" class=\"yoast-schema-graph\">{\"@context\":\"https:\/\/schema.org\",\"@graph\":[{\"@type\":\"WebPage\",\"@id\":\"https:\/\/1001voyagesgourmands.com\/cs\/nase-dojmy-z-emilia-romagna\/\",\"url\":\"https:\/\/1001voyagesgourmands.com\/cs\/nase-dojmy-z-emilia-romagna\/\",\"name\":\"Na\u0161e dojmy z Emilia Romagna - 1001 Voyages Gourmands\",\"isPartOf\":{\"@id\":\"https:\/\/1001voyagesgourmands.com\/cs\/#website\"},\"primaryImageOfPage\":{\"@id\":\"https:\/\/1001voyagesgourmands.com\/cs\/nase-dojmy-z-emilia-romagna\/#primaryimage\"},\"image\":{\"@id\":\"https:\/\/1001voyagesgourmands.com\/cs\/nase-dojmy-z-emilia-romagna\/#primaryimage\"},\"thumbnailUrl\":\"https:\/\/1001voyagesgourmands.com\/wp-content\/uploads\/2024\/02\/Emilia-Romagna-13-scaled.jpg\",\"datePublished\":\"2024-02-26T21:45:10+00:00\",\"dateModified\":\"2024-02-26T21:49:04+00:00\",\"author\":{\"@id\":\"https:\/\/1001voyagesgourmands.com\/cs\/#\/schema\/person\/62e0e7238fcf7482b23bf83e1b72ff1b\"},\"description\":\"Po letn\u00edm pobytu na pob\u0159e\u017e\u00ed severn\u00edho Tosk\u00e1nska jsme to vzali zp\u011bt p\u0159ed region Emilia Romagna a tady jsou na\u0161e dojmy z nav\u0161t\u00edven\u00fdch m\u00edst.\",\"breadcrumb\":{\"@id\":\"https:\/\/1001voyagesgourmands.com\/cs\/nase-dojmy-z-emilia-romagna\/#breadcrumb\"},\"inLanguage\":\"cs\",\"potentialAction\":[{\"@type\":\"ReadAction\",\"target\":[\"https:\/\/1001voyagesgourmands.com\/cs\/nase-dojmy-z-emilia-romagna\/\"]}]},{\"@type\":\"ImageObject\",\"inLanguage\":\"cs\",\"@id\":\"https:\/\/1001voyagesgourmands.com\/cs\/nase-dojmy-z-emilia-romagna\/#primaryimage\",\"url\":\"https:\/\/1001voyagesgourmands.com\/wp-content\/uploads\/2024\/02\/Emilia-Romagna-13-scaled.jpg\",\"contentUrl\":\"https:\/\/1001voyagesgourmands.com\/wp-content\/uploads\/2024\/02\/Emilia-Romagna-13-scaled.jpg\",\"width\":1709,\"height\":2560,\"caption\":\"Po letn\u00edm pobytu na pob\u0159e\u017e\u00ed severn\u00edho Tosk\u00e1nska jsme to vzali zp\u011bt p\u0159ed region Emilia Romagna a tady jsou na\u0161e dojmy z nav\u0161t\u00edven\u00fdch m\u00edst.\"},{\"@type\":\"BreadcrumbList\",\"@id\":\"https:\/\/1001voyagesgourmands.com\/cs\/nase-dojmy-z-emilia-romagna\/#breadcrumb\",\"itemListElement\":[{\"@type\":\"ListItem\",\"position\":1,\"name\":\"Dom\u016f\",\"item\":\"https:\/\/1001voyagesgourmands.com\/cs\/\"},{\"@type\":\"ListItem\",\"position\":2,\"name\":\"Na\u0161e dojmy z Emilia Romagna\"}]},{\"@type\":\"WebSite\",\"@id\":\"https:\/\/1001voyagesgourmands.com\/cs\/#website\",\"url\":\"https:\/\/1001voyagesgourmands.com\/cs\/\",\"name\":\"1001 Voyages Gourmands\",\"description\":\"Food | Travel | Photography\",\"potentialAction\":[{\"@type\":\"SearchAction\",\"target\":{\"@type\":\"EntryPoint\",\"urlTemplate\":\"https:\/\/1001voyagesgourmands.com\/cs\/?s={search_term_string}\"},\"query-input\":{\"@type\":\"PropertyValueSpecification\",\"valueRequired\":true,\"valueName\":\"search_term_string\"}}],\"inLanguage\":\"cs\"},{\"@type\":\"Person\",\"@id\":\"https:\/\/1001voyagesgourmands.com\/cs\/#\/schema\/person\/62e0e7238fcf7482b23bf83e1b72ff1b\",\"name\":\"Michaela\",\"image\":{\"@type\":\"ImageObject\",\"inLanguage\":\"cs\",\"@id\":\"https:\/\/1001voyagesgourmands.com\/cs\/#\/schema\/person\/image\/\",\"url\":\"https:\/\/secure.gravatar.com\/avatar\/73fa562a5b0ce269ca480f67de504b8ecac054a121d170e226f1b79e02024cb8?s=96&d=mm&r=g\",\"contentUrl\":\"https:\/\/secure.gravatar.com\/avatar\/73fa562a5b0ce269ca480f67de504b8ecac054a121d170e226f1b79e02024cb8?s=96&d=mm&r=g\",\"caption\":\"Michaela\"},\"sameAs\":[\"http:\/\/1001voyagesgourmands.com\"]}]}<\/script>\n<!-- \/ Yoast SEO plugin. -->","yoast_head_json":{"title":"Na\u0161e dojmy z Emilia Romagna - 1001 Voyages Gourmands","description":"Po letn\u00edm pobytu na pob\u0159e\u017e\u00ed severn\u00edho Tosk\u00e1nska jsme to vzali zp\u011bt p\u0159ed region Emilia Romagna a tady jsou na\u0161e dojmy z nav\u0161t\u00edven\u00fdch m\u00edst.","robots":{"index":"index","follow":"follow","max-snippet":"max-snippet:-1","max-image-preview":"max-image-preview:large","max-video-preview":"max-video-preview:-1"},"canonical":"https:\/\/1001voyagesgourmands.com\/cs\/nase-dojmy-z-emilia-romagna\/","og_locale":"cs_CZ","og_type":"article","og_title":"Na\u0161e dojmy z Emilia Romagna - 1001 Voyages Gourmands","og_description":"Po letn\u00edm pobytu na pob\u0159e\u017e\u00ed severn\u00edho Tosk\u00e1nska jsme to vzali zp\u011bt p\u0159ed region Emilia Romagna a tady jsou na\u0161e dojmy z nav\u0161t\u00edven\u00fdch m\u00edst.","og_url":"https:\/\/1001voyagesgourmands.com\/cs\/nase-dojmy-z-emilia-romagna\/","og_site_name":"1001 Voyages Gourmands","article_publisher":"https:\/\/www.facebook.com\/1001voyagesgourmands","article_published_time":"2024-02-26T21:45:10+00:00","article_modified_time":"2024-02-26T21:49:04+00:00","og_image":[{"width":1709,"height":2560,"url":"https:\/\/1001voyagesgourmands.com\/wp-content\/uploads\/2024\/02\/Emilia-Romagna-13-scaled.jpg","type":"image\/jpeg"}],"author":"Michaela","twitter_card":"summary_large_image","twitter_creator":"@michaela_1001vg","twitter_site":"@michaela_1001vg","twitter_misc":{"Napsal(a)":"Michaela","Odhadovan\u00e1 doba \u010dten\u00ed":"16 minut"},"schema":{"@context":"https:\/\/schema.org","@graph":[{"@type":"WebPage","@id":"https:\/\/1001voyagesgourmands.com\/cs\/nase-dojmy-z-emilia-romagna\/","url":"https:\/\/1001voyagesgourmands.com\/cs\/nase-dojmy-z-emilia-romagna\/","name":"Na\u0161e dojmy z Emilia Romagna - 1001 Voyages Gourmands","isPartOf":{"@id":"https:\/\/1001voyagesgourmands.com\/cs\/#website"},"primaryImageOfPage":{"@id":"https:\/\/1001voyagesgourmands.com\/cs\/nase-dojmy-z-emilia-romagna\/#primaryimage"},"image":{"@id":"https:\/\/1001voyagesgourmands.com\/cs\/nase-dojmy-z-emilia-romagna\/#primaryimage"},"thumbnailUrl":"https:\/\/1001voyagesgourmands.com\/wp-content\/uploads\/2024\/02\/Emilia-Romagna-13-scaled.jpg","datePublished":"2024-02-26T21:45:10+00:00","dateModified":"2024-02-26T21:49:04+00:00","author":{"@id":"https:\/\/1001voyagesgourmands.com\/cs\/#\/schema\/person\/62e0e7238fcf7482b23bf83e1b72ff1b"},"description":"Po letn\u00edm pobytu na pob\u0159e\u017e\u00ed severn\u00edho Tosk\u00e1nska jsme to vzali zp\u011bt p\u0159ed region Emilia Romagna a tady jsou na\u0161e dojmy z nav\u0161t\u00edven\u00fdch m\u00edst.","breadcrumb":{"@id":"https:\/\/1001voyagesgourmands.com\/cs\/nase-dojmy-z-emilia-romagna\/#breadcrumb"},"inLanguage":"cs","potentialAction":[{"@type":"ReadAction","target":["https:\/\/1001voyagesgourmands.com\/cs\/nase-dojmy-z-emilia-romagna\/"]}]},{"@type":"ImageObject","inLanguage":"cs","@id":"https:\/\/1001voyagesgourmands.com\/cs\/nase-dojmy-z-emilia-romagna\/#primaryimage","url":"https:\/\/1001voyagesgourmands.com\/wp-content\/uploads\/2024\/02\/Emilia-Romagna-13-scaled.jpg","contentUrl":"https:\/\/1001voyagesgourmands.com\/wp-content\/uploads\/2024\/02\/Emilia-Romagna-13-scaled.jpg","width":1709,"height":2560,"caption":"Po letn\u00edm pobytu na pob\u0159e\u017e\u00ed severn\u00edho Tosk\u00e1nska jsme to vzali zp\u011bt p\u0159ed region Emilia Romagna a tady jsou na\u0161e dojmy z nav\u0161t\u00edven\u00fdch m\u00edst."},{"@type":"BreadcrumbList","@id":"https:\/\/1001voyagesgourmands.com\/cs\/nase-dojmy-z-emilia-romagna\/#breadcrumb","itemListElement":[{"@type":"ListItem","position":1,"name":"Dom\u016f","item":"https:\/\/1001voyagesgourmands.com\/cs\/"},{"@type":"ListItem","position":2,"name":"Na\u0161e dojmy z Emilia Romagna"}]},{"@type":"WebSite","@id":"https:\/\/1001voyagesgourmands.com\/cs\/#website","url":"https:\/\/1001voyagesgourmands.com\/cs\/","name":"1001 Voyages Gourmands","description":"Food | Travel | Photography","potentialAction":[{"@type":"SearchAction","target":{"@type":"EntryPoint","urlTemplate":"https:\/\/1001voyagesgourmands.com\/cs\/?s={search_term_string}"},"query-input":{"@type":"PropertyValueSpecification","valueRequired":true,"valueName":"search_term_string"}}],"inLanguage":"cs"},{"@type":"Person","@id":"https:\/\/1001voyagesgourmands.com\/cs\/#\/schema\/person\/62e0e7238fcf7482b23bf83e1b72ff1b","name":"Michaela","image":{"@type":"ImageObject","inLanguage":"cs","@id":"https:\/\/1001voyagesgourmands.com\/cs\/#\/schema\/person\/image\/","url":"https:\/\/secure.gravatar.com\/avatar\/73fa562a5b0ce269ca480f67de504b8ecac054a121d170e226f1b79e02024cb8?s=96&d=mm&r=g","contentUrl":"https:\/\/secure.gravatar.com\/avatar\/73fa562a5b0ce269ca480f67de504b8ecac054a121d170e226f1b79e02024cb8?s=96&d=mm&r=g","caption":"Michaela"},"sameAs":["http:\/\/1001voyagesgourmands.com"]}]}},"_links":{"self":[{"href":"https:\/\/1001voyagesgourmands.com\/cs\/wp-json\/wp\/v2\/posts\/31230","targetHints":{"allow":["GET"]}}],"collection":[{"href":"https:\/\/1001voyagesgourmands.com\/cs\/wp-json\/wp\/v2\/posts"}],"about":[{"href":"https:\/\/1001voyagesgourmands.com\/cs\/wp-json\/wp\/v2\/types\/post"}],"author":[{"embeddable":true,"href":"https:\/\/1001voyagesgourmands.com\/cs\/wp-json\/wp\/v2\/users\/1"}],"replies":[{"embeddable":true,"href":"https:\/\/1001voyagesgourmands.com\/cs\/wp-json\/wp\/v2\/comments?post=31230"}],"version-history":[{"count":7,"href":"https:\/\/1001voyagesgourmands.com\/cs\/wp-json\/wp\/v2\/posts\/31230\/revisions"}],"predecessor-version":[{"id":31239,"href":"https:\/\/1001voyagesgourmands.com\/cs\/wp-json\/wp\/v2\/posts\/31230\/revisions\/31239"}],"wp:featuredmedia":[{"embeddable":true,"href":"https:\/\/1001voyagesgourmands.com\/cs\/wp-json\/wp\/v2\/media\/31121"}],"wp:attachment":[{"href":"https:\/\/1001voyagesgourmands.com\/cs\/wp-json\/wp\/v2\/media?parent=31230"}],"wp:term":[{"taxonomy":"category","embeddable":true,"href":"https:\/\/1001voyagesgourmands.com\/cs\/wp-json\/wp\/v2\/categories?post=31230"},{"taxonomy":"post_tag","embeddable":true,"href":"https:\/\/1001voyagesgourmands.com\/cs\/wp-json\/wp\/v2\/tags?post=31230"}],"curies":[{"name":"wp","href":"https:\/\/api.w.org\/{rel}","templated":true}]}}