{"id":30733,"date":"2023-10-01T16:44:03","date_gmt":"2023-10-01T14:44:03","guid":{"rendered":"https:\/\/1001voyagesgourmands.com\/?p=30733"},"modified":"2023-10-01T16:58:10","modified_gmt":"2023-10-01T14:58:10","slug":"den-v-cinque-terre","status":"publish","type":"post","link":"https:\/\/1001voyagesgourmands.com\/cs\/den-v-cinque-terre\/","title":{"rendered":"Den v Cinque Terre"},"content":{"rendered":"<p style=\"text-align: justify;\">Po <a href=\"https:\/\/1001voyagesgourmands.com\/cs\/vikend-u-jezera-como\/\">v\u00edkendu u jezera Como<\/a> jsme pokra\u010dovali do regionu Versilia, konkr\u00e9tn\u011b do m\u011bste\u010dka Seravezza nedaleko Forte dei Marmi, kde jsme n\u011bkde na kopci m\u011bli za\u0159\u00edzen\u00e9 fantastick\u00e9 ubytov\u00e1n\u00ed, kter\u00e9 jsme na\u0161li na posledn\u00ed chv\u00edli a o kter\u00e9m tady ur\u010dit\u011b nap\u00ed\u0161u pozd\u011bji. Ale dnes to bude o v\u00fdletu do Cinque Terre &#8211; m\u00edstu jako z pohlednice. Tak kr\u00e1sn\u00e9m a tak surrealistick\u00e9m. Tak barevn\u00e9m a tak uklid\u0148uj\u00edc\u00edm. Dome\u010dky jak malovan\u00e9 -\u00fapln\u00e1 symfonie barev &#8211; stoj\u00edc\u00ed ve skaln\u00edch kopc\u00edch ligursk\u00e9ho pob\u0159e\u017e\u00ed jako by tam odjak\u017eiva pat\u0159ily. No a tady je shrnut\u00ed na\u0161eho jednodenn\u00edho v\u00fdletu do Cinque Terre s m\u00edsty, kter\u00e9 jsme nav\u0161t\u00edvili a na\u0161imi dojmy z nich, pro p\u0159edstavu, pokud se sem chyst\u00e1te.<\/p>\n<p style=\"text-align: justify;\">Pokud vezmete v potaz n\u00e1v\u0161t\u011bvnost tohoto m\u00edsta obecn\u011b a fakt, jak kr\u00e1sn\u011b jsou jednotliv\u00e1 m\u011bste\u010dka propletena \u017eelezni\u010dn\u00edmi zast\u00e1vkami, pak v\u00e1m asi p\u0159ijde logick\u00e9, \u017ee je asi mnohem lep\u0161\u00ed se sem vydat vlakem. Pokud pojedete od jihu, pak z La Spezia, a pokud od severu, tak z Levanto. Vlaky jezd\u00ed zhruba ka\u017edou \u010dtvrt a\u017e p\u016flhodinu a cesta do prvn\u00ed zast\u00e1vky v r\u00e1mci Cinque Terre trv\u00e1 p\u00e1r minut, a pak d\u00e1le z jednoho m\u011bste\u010dka do druh\u00e9ho cca 4-6 minut. A v r\u00e1mci j\u00edzdenky m\u00e1te i vstup na v\u00fdletn\u00ed trasy mezi jednotliv\u00fdmi m\u011bsty. My jsme bohu\u017eel \u017e\u00e1dn\u00fd hike nedali, jeliko\u017e s na\u0161\u00ed tehdy t\u0159\u00edletou Adelinkou je\u0161t\u011b d\u011bl\u0161\u00ed p\u011b\u0161\u00ed v\u00fdlety v horku nep\u0159ipadaly v \u00favahu.<\/p>\n<p style=\"text-align: justify;\">My jeli z La Spezia, kde jsme nechali auto, nejd\u0159\u00edve do nejvzd\u00e1len\u011bj\u0161\u00edho m\u011bste\u010dka <strong>Monterosso<\/strong>, kde jsme v\u00fdlet zah\u00e1jili, a pot\u00e9 jsme se postupn\u011b p\u0159ibli\u017eovali zp\u00e1tky, ale m\u016f\u017eete si to d\u00e1t i opa\u010dn\u011b a nakonec se v Monterosso smo\u010dit &#8211; je tam asi nejv\u00edc m\u00edsta na pl\u00e1\u017e\u00edch a nejhez\u010d\u00ed koup\u00e1n\u00ed ze v\u0161ech t\u011bch m\u011bst. Od \u017eelezni\u010dn\u00ed zast\u00e1vky jsme se vydali pod\u00e9l pob\u0159e\u017e\u00ed, okolo v\u011b\u017ee Aurora (z\u0159\u00edcenina hradu). Pot\u00e9 n\u00e1s cesta zavedla do srdce m\u011bste\u010dka, kde stoj\u00ed za pov\u0161imnut\u00ed t\u0159eba kostel San Giovanni Battista. Pro\u0161li jsme si uli\u010dky pln\u00e9 barevn\u00fdch fas\u00e1d, restaurac\u00ed a obch\u016fdk\u016f &#8211; u\u017e tady bylo dost ru\u0161no. Pot\u00e9 zp\u00e1tky na vlak, kter\u00fd n\u00e1s zavedl a\u017e do Vernazza (vedlej\u0161\u00ed Corniglia jsme p\u0159esko\u010dili, jeliko\u017e s malou v\u0161e trvalo tak n\u011bjak trochu d\u00e9le, ne\u017e jsme pl\u00e1novali).<\/p>\n<p style=\"text-align: justify;\"><strong>Vernazza<\/strong> je moc hezk\u00e1 vesni\u010dka\/m\u011bsto? s p\u0159\u00edstavem pln\u00fdm mal\u00fdch ryb\u00e1\u0159sk\u00fdch lod\u011bk a taky malou pl\u00e1\u017ei\u010dkou, kde bylo ov\u0161em kolem t\u0159et\u00ed hodiny odpoledne nemo\u017en\u00e9 naj\u00edt m\u00edste\u010dko (co\u017e n\u00e1m vlastn\u011b ani nevadilo, jeliko\u017e jsme stejn\u011b nem\u011bli s sebou plavky \ud83d\ude42 ). Zd\u00e1la se n\u00e1m nejru\u0161n\u011bj\u0161\u00ed ze v\u0161ech, ale nen\u00ed divu &#8211; je to m\u00edsto opravdu pitoreskn\u00ed. Hned nalevo od p\u0159\u00edstavu jsme v tom vedru zahu\u010deli do gelaterie, kde n\u00e1m serv\u00edroval doslova karikaturovan\u00fd, prav\u00fd nefal\u0161ovan\u00fd italsk\u00fd prodava\u010d zmrzlin. \ud83d\ude42&nbsp;<\/p>\n<p style=\"text-align: justify;\">Z Vernazzy jsme d\u00e1le pokra\u010dovali do <strong>Manarola<\/strong>. A tady jsem si na nejkr\u00e1sn\u011bj\u0161\u00ed vyhl\u00eddce uv\u011bdomila, \u017ee je to tu hor\u0161\u00ed jak na V\u00e1clav\u00e1ku &#8211; davy lid\u00ed jeden za druh\u00fdm, jako by je tu vyplivl n\u011bjak\u00fd turistick\u00fd autobus, ale nafukovac\u00ed z\u0159ejm\u011b. Bylo zvl\u00e1\u0161tn\u00ed vychutnat si tohle m\u00edsto, ten pohled na kr\u00e1sn\u00e9 pastelov\u00e9 dome\u010dky zasazen\u00e9 do sk\u00e1ln\u00edho v\u00fdb\u011b\u017eku vyno\u0159uj\u00edc\u00edho se z tmav\u00fdch vod mo\u0159sk\u00fdch, a nenechat se odradit t\u00edm proudem dav\u016f, jeho\u017e jsme vlastn\u011b byli sou\u010d\u00e1st\u00ed. M\u00e1m pocit, \u017ee v\u0161ak ani ta masov\u00e1 n\u00e1v\u0161t\u011bvnost nem\u016f\u017ee Cinque Terre vz\u00edt v\u0161e jeho \u0161armu &#8211; n\u011bkter\u00e9 pohledy jsou opravdu dech berouc\u00ed a surrealistick\u00e9. A j\u00e1 jsem se dav\u016fm vzd\u00e1lila alespo\u0148 v mysli t\u00edm, \u017ee jsem si p\u0159enesla do d\u0159\u00edv\u011bj\u0161\u00edch \u010das\u016f, a p\u0159edstavovala si, jak\u00e9 to bylo tady \u017e\u00edt, kdy tady nebyl \u017e\u00e1dn\u00fd n\u00e1v\u0161t\u011bvn\u00edk, jen lid\u00e9, kte\u0159\u00ed zde vedli sv\u016fj celi\u010dk\u00fd \u017eivot, \u017eivili se rybolovem, nebo p\u011bstov\u00e1n\u00edm vinn\u00e9 r\u00e9vy. A jak\u00e9 to asi je, se ka\u017ed\u00e9 r\u00e1no probouzet v jednom z t\u011bch dome\u010dk\u016f, otev\u0159\u00edt okno, a d\u00edvat se na \u0161ir\u00e9 mo\u0159e&#8230;<\/p>\n<p style=\"text-align: justify;\">Na\u0161e posledn\u00ed zast\u00e1vka v Cinque Terre byla v <strong>Riomaggiore<\/strong>, kde jsme si ud\u011blali hezkou proch\u00e1zku v pr\u016fb\u011bhu zlat\u00e9 hodinky, nahoru a pod\u00e9l pob\u0159e\u017e\u00ed s kr\u00e1sn\u00fdm z\u00e1padem slunce a osv\u011b\u017een\u00edm v podob\u011b slan\u00e9ho mo\u0159sk\u00e9ho v\u00e1nku. Promen\u00e1da n\u00e1s zavedla ke kr\u00e1sn\u00e9mu star\u00e9mu kostel\u00edku na kopci, od kter\u00e9ho jsme pak zam\u00ed\u0159ili dol\u016f do ru\u0161n\u00e9ho srdce m\u011bsta, kde jsme si bl\u00e1hov\u011b mysleli, \u017ee n\u011bkde najdeme m\u00edsto a naj\u00edme se. Nakonec to byla pizza na schodech u p\u0159\u00edstavu, s posledn\u00edm pokoch\u00e1n\u00edm se pastelov\u00fdmi dome\u010dky zasazen\u00fdmi do skaln\u00edho v\u00fdb\u011b\u017eku a pohledem na m\u011bs\u00ed\u010dn\u011b t\u0159pytivou vodn\u00ed hladinu, co\u017e Cinque Terre dodalo jinou dimenzi, kterou na fotk\u00e1ch tak \u010dasto nevid\u00edte.<\/p>\n<p style=\"text-align: justify;\">A tady jsou n\u011bjak\u00e9 obr\u00e1zky, a\u0165 se l\u00edb\u00ed!<\/p>\n<p><img loading=\"lazy\" decoding=\"async\" class=\"aligncenter size-large wp-image-30641\" src=\"https:\/\/1001voyagesgourmands.com\/wp-content\/uploads\/2023\/09\/Cinque-Terre-1-1170x781.jpg\" alt=\"\" width=\"1170\" height=\"781\" srcset=\"https:\/\/1001voyagesgourmands.com\/wp-content\/uploads\/2023\/09\/Cinque-Terre-1-1170x781.jpg 1170w, https:\/\/1001voyagesgourmands.com\/wp-content\/uploads\/2023\/09\/Cinque-Terre-1-300x200.jpg 300w, https:\/\/1001voyagesgourmands.com\/wp-content\/uploads\/2023\/09\/Cinque-Terre-1-768x513.jpg 768w, https:\/\/1001voyagesgourmands.com\/wp-content\/uploads\/2023\/09\/Cinque-Terre-1-1536x1025.jpg 1536w, https:\/\/1001voyagesgourmands.com\/wp-content\/uploads\/2023\/09\/Cinque-Terre-1-2048x1367.jpg 2048w, https:\/\/1001voyagesgourmands.com\/wp-content\/uploads\/2023\/09\/Cinque-Terre-1-1920x1281.jpg 1920w, https:\/\/1001voyagesgourmands.com\/wp-content\/uploads\/2023\/09\/Cinque-Terre-1-585x390.jpg 585w, https:\/\/1001voyagesgourmands.com\/wp-content\/uploads\/2023\/09\/Cinque-Terre-1-263x175.jpg 263w\" sizes=\"auto, (max-width: 1170px) 100vw, 1170px\" \/> <img loading=\"lazy\" decoding=\"async\" class=\"aligncenter wp-image-30643 size-large\" src=\"https:\/\/1001voyagesgourmands.com\/wp-content\/uploads\/2023\/09\/Cinque-Terre-2-1170x1753.jpg\" alt=\"Shrnut\u00ed na\u0161eho jednodenn\u00edho v\u00fdletu do Cinque Terre s m\u00edsty, kter\u00e9 jsme nav\u0161t\u00edvili a na\u0161imi dojmy z nich, pro p\u0159edstavu, pokud se sem chyst\u00e1te.\" width=\"1170\" height=\"1753\" srcset=\"https:\/\/1001voyagesgourmands.com\/wp-content\/uploads\/2023\/09\/Cinque-Terre-2-1170x1753.jpg 1170w, https:\/\/1001voyagesgourmands.com\/wp-content\/uploads\/2023\/09\/Cinque-Terre-2-200x300.jpg 200w, https:\/\/1001voyagesgourmands.com\/wp-content\/uploads\/2023\/09\/Cinque-Terre-2-768x1151.jpg 768w, https:\/\/1001voyagesgourmands.com\/wp-content\/uploads\/2023\/09\/Cinque-Terre-2-1025x1536.jpg 1025w, https:\/\/1001voyagesgourmands.com\/wp-content\/uploads\/2023\/09\/Cinque-Terre-2-1367x2048.jpg 1367w, https:\/\/1001voyagesgourmands.com\/wp-content\/uploads\/2023\/09\/Cinque-Terre-2-585x877.jpg 585w, https:\/\/1001voyagesgourmands.com\/wp-content\/uploads\/2023\/09\/Cinque-Terre-2-scaled.jpg 1709w\" sizes=\"auto, (max-width: 1170px) 100vw, 1170px\" \/> <img loading=\"lazy\" decoding=\"async\" class=\"aligncenter size-large wp-image-30645\" src=\"https:\/\/1001voyagesgourmands.com\/wp-content\/uploads\/2023\/09\/Cinque-Terre-3-1170x1753.jpg\" alt=\"\" width=\"1170\" height=\"1753\" srcset=\"https:\/\/1001voyagesgourmands.com\/wp-content\/uploads\/2023\/09\/Cinque-Terre-3-1170x1753.jpg 1170w, https:\/\/1001voyagesgourmands.com\/wp-content\/uploads\/2023\/09\/Cinque-Terre-3-200x300.jpg 200w, https:\/\/1001voyagesgourmands.com\/wp-content\/uploads\/2023\/09\/Cinque-Terre-3-768x1151.jpg 768w, https:\/\/1001voyagesgourmands.com\/wp-content\/uploads\/2023\/09\/Cinque-Terre-3-1025x1536.jpg 1025w, https:\/\/1001voyagesgourmands.com\/wp-content\/uploads\/2023\/09\/Cinque-Terre-3-1367x2048.jpg 1367w, https:\/\/1001voyagesgourmands.com\/wp-content\/uploads\/2023\/09\/Cinque-Terre-3-585x877.jpg 585w, https:\/\/1001voyagesgourmands.com\/wp-content\/uploads\/2023\/09\/Cinque-Terre-3-scaled.jpg 1709w\" sizes=\"auto, (max-width: 1170px) 100vw, 1170px\" \/> <img loading=\"lazy\" decoding=\"async\" class=\"aligncenter size-large wp-image-30647\" src=\"https:\/\/1001voyagesgourmands.com\/wp-content\/uploads\/2023\/09\/Cinque-Terre-4-1170x1753.jpg\" alt=\"\" width=\"1170\" height=\"1753\" srcset=\"https:\/\/1001voyagesgourmands.com\/wp-content\/uploads\/2023\/09\/Cinque-Terre-4-1170x1753.jpg 1170w, https:\/\/1001voyagesgourmands.com\/wp-content\/uploads\/2023\/09\/Cinque-Terre-4-200x300.jpg 200w, https:\/\/1001voyagesgourmands.com\/wp-content\/uploads\/2023\/09\/Cinque-Terre-4-768x1151.jpg 768w, https:\/\/1001voyagesgourmands.com\/wp-content\/uploads\/2023\/09\/Cinque-Terre-4-1025x1536.jpg 1025w, https:\/\/1001voyagesgourmands.com\/wp-content\/uploads\/2023\/09\/Cinque-Terre-4-1367x2048.jpg 1367w, https:\/\/1001voyagesgourmands.com\/wp-content\/uploads\/2023\/09\/Cinque-Terre-4-585x877.jpg 585w, https:\/\/1001voyagesgourmands.com\/wp-content\/uploads\/2023\/09\/Cinque-Terre-4-scaled.jpg 1709w\" sizes=\"auto, (max-width: 1170px) 100vw, 1170px\" \/> <img loading=\"lazy\" decoding=\"async\" class=\"aligncenter wp-image-30649 size-large\" src=\"https:\/\/1001voyagesgourmands.com\/wp-content\/uploads\/2023\/09\/Cinque-Terre-5-1170x1753.jpg\" alt=\"Shrnut\u00ed na\u0161eho jednodenn\u00edho v\u00fdletu do Cinque Terre s m\u00edsty, kter\u00e9 jsme nav\u0161t\u00edvili a na\u0161imi dojmy z nich, pro p\u0159edstavu, pokud se sem chyst\u00e1te.\" width=\"1170\" height=\"1753\" srcset=\"https:\/\/1001voyagesgourmands.com\/wp-content\/uploads\/2023\/09\/Cinque-Terre-5-1170x1753.jpg 1170w, https:\/\/1001voyagesgourmands.com\/wp-content\/uploads\/2023\/09\/Cinque-Terre-5-200x300.jpg 200w, https:\/\/1001voyagesgourmands.com\/wp-content\/uploads\/2023\/09\/Cinque-Terre-5-768x1151.jpg 768w, https:\/\/1001voyagesgourmands.com\/wp-content\/uploads\/2023\/09\/Cinque-Terre-5-1025x1536.jpg 1025w, https:\/\/1001voyagesgourmands.com\/wp-content\/uploads\/2023\/09\/Cinque-Terre-5-1367x2048.jpg 1367w, https:\/\/1001voyagesgourmands.com\/wp-content\/uploads\/2023\/09\/Cinque-Terre-5-585x877.jpg 585w, https:\/\/1001voyagesgourmands.com\/wp-content\/uploads\/2023\/09\/Cinque-Terre-5-scaled.jpg 1709w\" sizes=\"auto, (max-width: 1170px) 100vw, 1170px\" \/> <img loading=\"lazy\" decoding=\"async\" class=\"aligncenter size-large wp-image-30651\" src=\"https:\/\/1001voyagesgourmands.com\/wp-content\/uploads\/2023\/09\/Cinque-Terre-6-1170x1753.jpg\" alt=\"\" width=\"1170\" height=\"1753\" srcset=\"https:\/\/1001voyagesgourmands.com\/wp-content\/uploads\/2023\/09\/Cinque-Terre-6-1170x1753.jpg 1170w, https:\/\/1001voyagesgourmands.com\/wp-content\/uploads\/2023\/09\/Cinque-Terre-6-200x300.jpg 200w, https:\/\/1001voyagesgourmands.com\/wp-content\/uploads\/2023\/09\/Cinque-Terre-6-768x1151.jpg 768w, https:\/\/1001voyagesgourmands.com\/wp-content\/uploads\/2023\/09\/Cinque-Terre-6-1025x1536.jpg 1025w, https:\/\/1001voyagesgourmands.com\/wp-content\/uploads\/2023\/09\/Cinque-Terre-6-1367x2048.jpg 1367w, https:\/\/1001voyagesgourmands.com\/wp-content\/uploads\/2023\/09\/Cinque-Terre-6-585x877.jpg 585w, https:\/\/1001voyagesgourmands.com\/wp-content\/uploads\/2023\/09\/Cinque-Terre-6-scaled.jpg 1709w\" sizes=\"auto, (max-width: 1170px) 100vw, 1170px\" \/> <img loading=\"lazy\" decoding=\"async\" class=\"aligncenter size-large wp-image-30653\" src=\"https:\/\/1001voyagesgourmands.com\/wp-content\/uploads\/2023\/09\/Cinque-Terre-7-1170x781.jpg\" alt=\"\" width=\"1170\" height=\"781\" srcset=\"https:\/\/1001voyagesgourmands.com\/wp-content\/uploads\/2023\/09\/Cinque-Terre-7-1170x781.jpg 1170w, https:\/\/1001voyagesgourmands.com\/wp-content\/uploads\/2023\/09\/Cinque-Terre-7-300x200.jpg 300w, https:\/\/1001voyagesgourmands.com\/wp-content\/uploads\/2023\/09\/Cinque-Terre-7-768x513.jpg 768w, https:\/\/1001voyagesgourmands.com\/wp-content\/uploads\/2023\/09\/Cinque-Terre-7-1536x1025.jpg 1536w, https:\/\/1001voyagesgourmands.com\/wp-content\/uploads\/2023\/09\/Cinque-Terre-7-2048x1367.jpg 2048w, https:\/\/1001voyagesgourmands.com\/wp-content\/uploads\/2023\/09\/Cinque-Terre-7-1920x1281.jpg 1920w, https:\/\/1001voyagesgourmands.com\/wp-content\/uploads\/2023\/09\/Cinque-Terre-7-585x390.jpg 585w, https:\/\/1001voyagesgourmands.com\/wp-content\/uploads\/2023\/09\/Cinque-Terre-7-263x175.jpg 263w\" sizes=\"auto, (max-width: 1170px) 100vw, 1170px\" \/> <img loading=\"lazy\" decoding=\"async\" class=\"aligncenter wp-image-30655 size-large\" src=\"https:\/\/1001voyagesgourmands.com\/wp-content\/uploads\/2023\/09\/Cinque-Terre-8-1170x1560.jpg\" alt=\"Shrnut\u00ed na\u0161eho jednodenn\u00edho v\u00fdletu do Cinque Terre s m\u00edsty, kter\u00e9 jsme nav\u0161t\u00edvili a na\u0161imi dojmy z nich, pro p\u0159edstavu, pokud se sem chyst\u00e1te.\" width=\"1170\" height=\"1560\" srcset=\"https:\/\/1001voyagesgourmands.com\/wp-content\/uploads\/2023\/09\/Cinque-Terre-8-1170x1560.jpg 1170w, https:\/\/1001voyagesgourmands.com\/wp-content\/uploads\/2023\/09\/Cinque-Terre-8-225x300.jpg 225w, https:\/\/1001voyagesgourmands.com\/wp-content\/uploads\/2023\/09\/Cinque-Terre-8-768x1024.jpg 768w, https:\/\/1001voyagesgourmands.com\/wp-content\/uploads\/2023\/09\/Cinque-Terre-8-1152x1536.jpg 1152w, https:\/\/1001voyagesgourmands.com\/wp-content\/uploads\/2023\/09\/Cinque-Terre-8-1536x2048.jpg 1536w, https:\/\/1001voyagesgourmands.com\/wp-content\/uploads\/2023\/09\/Cinque-Terre-8-scaled.jpg 1920w, https:\/\/1001voyagesgourmands.com\/wp-content\/uploads\/2023\/09\/Cinque-Terre-8-585x780.jpg 585w\" sizes=\"auto, (max-width: 1170px) 100vw, 1170px\" \/> <img loading=\"lazy\" decoding=\"async\" class=\"aligncenter size-large wp-image-30657\" src=\"https:\/\/1001voyagesgourmands.com\/wp-content\/uploads\/2023\/09\/Cinque-Terre-9-1170x1753.jpg\" alt=\"\" width=\"1170\" height=\"1753\" srcset=\"https:\/\/1001voyagesgourmands.com\/wp-content\/uploads\/2023\/09\/Cinque-Terre-9-1170x1753.jpg 1170w, https:\/\/1001voyagesgourmands.com\/wp-content\/uploads\/2023\/09\/Cinque-Terre-9-200x300.jpg 200w, https:\/\/1001voyagesgourmands.com\/wp-content\/uploads\/2023\/09\/Cinque-Terre-9-768x1151.jpg 768w, https:\/\/1001voyagesgourmands.com\/wp-content\/uploads\/2023\/09\/Cinque-Terre-9-1025x1536.jpg 1025w, https:\/\/1001voyagesgourmands.com\/wp-content\/uploads\/2023\/09\/Cinque-Terre-9-1367x2048.jpg 1367w, https:\/\/1001voyagesgourmands.com\/wp-content\/uploads\/2023\/09\/Cinque-Terre-9-585x877.jpg 585w, https:\/\/1001voyagesgourmands.com\/wp-content\/uploads\/2023\/09\/Cinque-Terre-9-scaled.jpg 1709w\" sizes=\"auto, (max-width: 1170px) 100vw, 1170px\" \/> <img loading=\"lazy\" decoding=\"async\" class=\"aligncenter wp-image-30659 size-large\" src=\"https:\/\/1001voyagesgourmands.com\/wp-content\/uploads\/2023\/09\/Cinque-Terre-10-1170x1753.jpg\" alt=\"Shrnut\u00ed na\u0161eho jednodenn\u00edho v\u00fdletu do Cinque Terre s m\u00edsty, kter\u00e9 jsme nav\u0161t\u00edvili a na\u0161imi dojmy z nich, pro p\u0159edstavu, pokud se sem chyst\u00e1te.\" width=\"1170\" height=\"1753\" srcset=\"https:\/\/1001voyagesgourmands.com\/wp-content\/uploads\/2023\/09\/Cinque-Terre-10-1170x1753.jpg 1170w, https:\/\/1001voyagesgourmands.com\/wp-content\/uploads\/2023\/09\/Cinque-Terre-10-200x300.jpg 200w, https:\/\/1001voyagesgourmands.com\/wp-content\/uploads\/2023\/09\/Cinque-Terre-10-768x1151.jpg 768w, https:\/\/1001voyagesgourmands.com\/wp-content\/uploads\/2023\/09\/Cinque-Terre-10-1025x1536.jpg 1025w, https:\/\/1001voyagesgourmands.com\/wp-content\/uploads\/2023\/09\/Cinque-Terre-10-1367x2048.jpg 1367w, https:\/\/1001voyagesgourmands.com\/wp-content\/uploads\/2023\/09\/Cinque-Terre-10-585x877.jpg 585w, https:\/\/1001voyagesgourmands.com\/wp-content\/uploads\/2023\/09\/Cinque-Terre-10-scaled.jpg 1709w\" sizes=\"auto, (max-width: 1170px) 100vw, 1170px\" \/> <img loading=\"lazy\" decoding=\"async\" class=\"aligncenter size-large wp-image-30721\" src=\"https:\/\/1001voyagesgourmands.com\/wp-content\/uploads\/2023\/09\/Cinque-Terre-41-1170x1560.jpg\" alt=\"\" width=\"1170\" height=\"1560\" srcset=\"https:\/\/1001voyagesgourmands.com\/wp-content\/uploads\/2023\/09\/Cinque-Terre-41-1170x1560.jpg 1170w, https:\/\/1001voyagesgourmands.com\/wp-content\/uploads\/2023\/09\/Cinque-Terre-41-225x300.jpg 225w, https:\/\/1001voyagesgourmands.com\/wp-content\/uploads\/2023\/09\/Cinque-Terre-41-768x1024.jpg 768w, https:\/\/1001voyagesgourmands.com\/wp-content\/uploads\/2023\/09\/Cinque-Terre-41-1152x1536.jpg 1152w, https:\/\/1001voyagesgourmands.com\/wp-content\/uploads\/2023\/09\/Cinque-Terre-41-1536x2048.jpg 1536w, https:\/\/1001voyagesgourmands.com\/wp-content\/uploads\/2023\/09\/Cinque-Terre-41-scaled.jpg 1920w, https:\/\/1001voyagesgourmands.com\/wp-content\/uploads\/2023\/09\/Cinque-Terre-41-585x780.jpg 585w\" sizes=\"auto, (max-width: 1170px) 100vw, 1170px\" \/><img loading=\"lazy\" decoding=\"async\" class=\"aligncenter size-large wp-image-30661\" src=\"https:\/\/1001voyagesgourmands.com\/wp-content\/uploads\/2023\/09\/Cinque-Terre-11-1170x1753.jpg\" alt=\"\" width=\"1170\" height=\"1753\" srcset=\"https:\/\/1001voyagesgourmands.com\/wp-content\/uploads\/2023\/09\/Cinque-Terre-11-1170x1753.jpg 1170w, https:\/\/1001voyagesgourmands.com\/wp-content\/uploads\/2023\/09\/Cinque-Terre-11-200x300.jpg 200w, https:\/\/1001voyagesgourmands.com\/wp-content\/uploads\/2023\/09\/Cinque-Terre-11-768x1151.jpg 768w, https:\/\/1001voyagesgourmands.com\/wp-content\/uploads\/2023\/09\/Cinque-Terre-11-1025x1536.jpg 1025w, https:\/\/1001voyagesgourmands.com\/wp-content\/uploads\/2023\/09\/Cinque-Terre-11-1367x2048.jpg 1367w, https:\/\/1001voyagesgourmands.com\/wp-content\/uploads\/2023\/09\/Cinque-Terre-11-585x877.jpg 585w, https:\/\/1001voyagesgourmands.com\/wp-content\/uploads\/2023\/09\/Cinque-Terre-11-scaled.jpg 1709w\" sizes=\"auto, (max-width: 1170px) 100vw, 1170px\" \/> <img loading=\"lazy\" decoding=\"async\" class=\"aligncenter size-large wp-image-30667\" src=\"https:\/\/1001voyagesgourmands.com\/wp-content\/uploads\/2023\/09\/Cinque-Terre-14-1170x781.jpg\" alt=\"\" width=\"1170\" height=\"781\" srcset=\"https:\/\/1001voyagesgourmands.com\/wp-content\/uploads\/2023\/09\/Cinque-Terre-14-1170x781.jpg 1170w, https:\/\/1001voyagesgourmands.com\/wp-content\/uploads\/2023\/09\/Cinque-Terre-14-300x200.jpg 300w, https:\/\/1001voyagesgourmands.com\/wp-content\/uploads\/2023\/09\/Cinque-Terre-14-768x513.jpg 768w, https:\/\/1001voyagesgourmands.com\/wp-content\/uploads\/2023\/09\/Cinque-Terre-14-1536x1025.jpg 1536w, https:\/\/1001voyagesgourmands.com\/wp-content\/uploads\/2023\/09\/Cinque-Terre-14-2048x1367.jpg 2048w, https:\/\/1001voyagesgourmands.com\/wp-content\/uploads\/2023\/09\/Cinque-Terre-14-1920x1281.jpg 1920w, https:\/\/1001voyagesgourmands.com\/wp-content\/uploads\/2023\/09\/Cinque-Terre-14-585x390.jpg 585w, https:\/\/1001voyagesgourmands.com\/wp-content\/uploads\/2023\/09\/Cinque-Terre-14-263x175.jpg 263w\" sizes=\"auto, (max-width: 1170px) 100vw, 1170px\" \/><img loading=\"lazy\" decoding=\"async\" class=\"aligncenter size-large wp-image-30693\" src=\"https:\/\/1001voyagesgourmands.com\/wp-content\/uploads\/2023\/09\/Cinque-Terre-27-1170x1560.jpg\" alt=\"\" width=\"1170\" height=\"1560\" srcset=\"https:\/\/1001voyagesgourmands.com\/wp-content\/uploads\/2023\/09\/Cinque-Terre-27-1170x1560.jpg 1170w, https:\/\/1001voyagesgourmands.com\/wp-content\/uploads\/2023\/09\/Cinque-Terre-27-225x300.jpg 225w, https:\/\/1001voyagesgourmands.com\/wp-content\/uploads\/2023\/09\/Cinque-Terre-27-768x1024.jpg 768w, https:\/\/1001voyagesgourmands.com\/wp-content\/uploads\/2023\/09\/Cinque-Terre-27-1152x1536.jpg 1152w, https:\/\/1001voyagesgourmands.com\/wp-content\/uploads\/2023\/09\/Cinque-Terre-27-1536x2048.jpg 1536w, https:\/\/1001voyagesgourmands.com\/wp-content\/uploads\/2023\/09\/Cinque-Terre-27-scaled.jpg 1920w, https:\/\/1001voyagesgourmands.com\/wp-content\/uploads\/2023\/09\/Cinque-Terre-27-585x780.jpg 585w\" sizes=\"auto, (max-width: 1170px) 100vw, 1170px\" \/><img loading=\"lazy\" decoding=\"async\" class=\"aligncenter wp-image-30663 size-large\" src=\"https:\/\/1001voyagesgourmands.com\/wp-content\/uploads\/2023\/09\/Cinque-Terre-12-1170x1753.jpg\" alt=\"Shrnut\u00ed na\u0161eho jednodenn\u00edho v\u00fdletu do Cinque Terre s m\u00edsty, kter\u00e9 jsme nav\u0161t\u00edvili a na\u0161imi dojmy z nich, pro p\u0159edstavu, pokud se sem chyst\u00e1te.\" width=\"1170\" height=\"1753\" srcset=\"https:\/\/1001voyagesgourmands.com\/wp-content\/uploads\/2023\/09\/Cinque-Terre-12-1170x1753.jpg 1170w, https:\/\/1001voyagesgourmands.com\/wp-content\/uploads\/2023\/09\/Cinque-Terre-12-200x300.jpg 200w, https:\/\/1001voyagesgourmands.com\/wp-content\/uploads\/2023\/09\/Cinque-Terre-12-768x1151.jpg 768w, https:\/\/1001voyagesgourmands.com\/wp-content\/uploads\/2023\/09\/Cinque-Terre-12-1025x1536.jpg 1025w, https:\/\/1001voyagesgourmands.com\/wp-content\/uploads\/2023\/09\/Cinque-Terre-12-1367x2048.jpg 1367w, https:\/\/1001voyagesgourmands.com\/wp-content\/uploads\/2023\/09\/Cinque-Terre-12-585x877.jpg 585w, https:\/\/1001voyagesgourmands.com\/wp-content\/uploads\/2023\/09\/Cinque-Terre-12-scaled.jpg 1709w\" sizes=\"auto, (max-width: 1170px) 100vw, 1170px\" \/><img loading=\"lazy\" decoding=\"async\" class=\"aligncenter size-large wp-image-30665\" src=\"https:\/\/1001voyagesgourmands.com\/wp-content\/uploads\/2023\/09\/Cinque-Terre-13-1170x781.jpg\" alt=\"\" width=\"1170\" height=\"781\" srcset=\"https:\/\/1001voyagesgourmands.com\/wp-content\/uploads\/2023\/09\/Cinque-Terre-13-1170x781.jpg 1170w, https:\/\/1001voyagesgourmands.com\/wp-content\/uploads\/2023\/09\/Cinque-Terre-13-300x200.jpg 300w, https:\/\/1001voyagesgourmands.com\/wp-content\/uploads\/2023\/09\/Cinque-Terre-13-768x513.jpg 768w, https:\/\/1001voyagesgourmands.com\/wp-content\/uploads\/2023\/09\/Cinque-Terre-13-1536x1025.jpg 1536w, https:\/\/1001voyagesgourmands.com\/wp-content\/uploads\/2023\/09\/Cinque-Terre-13-2048x1367.jpg 2048w, https:\/\/1001voyagesgourmands.com\/wp-content\/uploads\/2023\/09\/Cinque-Terre-13-1920x1281.jpg 1920w, https:\/\/1001voyagesgourmands.com\/wp-content\/uploads\/2023\/09\/Cinque-Terre-13-585x390.jpg 585w, https:\/\/1001voyagesgourmands.com\/wp-content\/uploads\/2023\/09\/Cinque-Terre-13-263x175.jpg 263w\" sizes=\"auto, (max-width: 1170px) 100vw, 1170px\" \/> <img loading=\"lazy\" decoding=\"async\" class=\"aligncenter wp-image-30671 size-large\" src=\"https:\/\/1001voyagesgourmands.com\/wp-content\/uploads\/2023\/09\/Cinque-Terre-16-1170x1753.jpg\" alt=\"Shrnut\u00ed na\u0161eho jednodenn\u00edho v\u00fdletu do Cinque Terre s m\u00edsty, kter\u00e9 jsme nav\u0161t\u00edvili a na\u0161imi dojmy z nich, pro p\u0159edstavu, pokud se sem chyst\u00e1te.\" width=\"1170\" height=\"1753\" srcset=\"https:\/\/1001voyagesgourmands.com\/wp-content\/uploads\/2023\/09\/Cinque-Terre-16-1170x1753.jpg 1170w, https:\/\/1001voyagesgourmands.com\/wp-content\/uploads\/2023\/09\/Cinque-Terre-16-200x300.jpg 200w, https:\/\/1001voyagesgourmands.com\/wp-content\/uploads\/2023\/09\/Cinque-Terre-16-768x1151.jpg 768w, https:\/\/1001voyagesgourmands.com\/wp-content\/uploads\/2023\/09\/Cinque-Terre-16-1025x1536.jpg 1025w, https:\/\/1001voyagesgourmands.com\/wp-content\/uploads\/2023\/09\/Cinque-Terre-16-1367x2048.jpg 1367w, https:\/\/1001voyagesgourmands.com\/wp-content\/uploads\/2023\/09\/Cinque-Terre-16-585x877.jpg 585w, https:\/\/1001voyagesgourmands.com\/wp-content\/uploads\/2023\/09\/Cinque-Terre-16-scaled.jpg 1709w\" sizes=\"auto, (max-width: 1170px) 100vw, 1170px\" \/><img loading=\"lazy\" decoding=\"async\" class=\"aligncenter size-large wp-image-30673\" src=\"https:\/\/1001voyagesgourmands.com\/wp-content\/uploads\/2023\/09\/Cinque-Terre-17-1170x1753.jpg\" alt=\"\" width=\"1170\" height=\"1753\" srcset=\"https:\/\/1001voyagesgourmands.com\/wp-content\/uploads\/2023\/09\/Cinque-Terre-17-1170x1753.jpg 1170w, https:\/\/1001voyagesgourmands.com\/wp-content\/uploads\/2023\/09\/Cinque-Terre-17-200x300.jpg 200w, https:\/\/1001voyagesgourmands.com\/wp-content\/uploads\/2023\/09\/Cinque-Terre-17-768x1151.jpg 768w, https:\/\/1001voyagesgourmands.com\/wp-content\/uploads\/2023\/09\/Cinque-Terre-17-1025x1536.jpg 1025w, https:\/\/1001voyagesgourmands.com\/wp-content\/uploads\/2023\/09\/Cinque-Terre-17-1367x2048.jpg 1367w, https:\/\/1001voyagesgourmands.com\/wp-content\/uploads\/2023\/09\/Cinque-Terre-17-585x877.jpg 585w, https:\/\/1001voyagesgourmands.com\/wp-content\/uploads\/2023\/09\/Cinque-Terre-17-scaled.jpg 1709w\" sizes=\"auto, (max-width: 1170px) 100vw, 1170px\" \/> <img loading=\"lazy\" decoding=\"async\" class=\"aligncenter wp-image-30677 size-large\" src=\"https:\/\/1001voyagesgourmands.com\/wp-content\/uploads\/2023\/09\/Cinque-Terre-19-1170x1753.jpg\" alt=\"Shrnut\u00ed na\u0161eho jednodenn\u00edho v\u00fdletu do Cinque Terre s m\u00edsty, kter\u00e9 jsme nav\u0161t\u00edvili a na\u0161imi dojmy z nich, pro p\u0159edstavu, pokud se sem chyst\u00e1te.\" width=\"1170\" height=\"1753\" srcset=\"https:\/\/1001voyagesgourmands.com\/wp-content\/uploads\/2023\/09\/Cinque-Terre-19-1170x1753.jpg 1170w, https:\/\/1001voyagesgourmands.com\/wp-content\/uploads\/2023\/09\/Cinque-Terre-19-200x300.jpg 200w, https:\/\/1001voyagesgourmands.com\/wp-content\/uploads\/2023\/09\/Cinque-Terre-19-768x1151.jpg 768w, https:\/\/1001voyagesgourmands.com\/wp-content\/uploads\/2023\/09\/Cinque-Terre-19-1025x1536.jpg 1025w, https:\/\/1001voyagesgourmands.com\/wp-content\/uploads\/2023\/09\/Cinque-Terre-19-1367x2048.jpg 1367w, https:\/\/1001voyagesgourmands.com\/wp-content\/uploads\/2023\/09\/Cinque-Terre-19-585x877.jpg 585w, https:\/\/1001voyagesgourmands.com\/wp-content\/uploads\/2023\/09\/Cinque-Terre-19-scaled.jpg 1709w\" sizes=\"auto, (max-width: 1170px) 100vw, 1170px\" \/><img loading=\"lazy\" decoding=\"async\" class=\"aligncenter wp-image-30675 size-large\" src=\"https:\/\/1001voyagesgourmands.com\/wp-content\/uploads\/2023\/09\/Cinque-Terre-18-1170x1753.jpg\" alt=\"Shrnut\u00ed na\u0161eho jednodenn\u00edho v\u00fdletu do Cinque Terre s m\u00edsty, kter\u00e9 jsme nav\u0161t\u00edvili a na\u0161imi dojmy z nich, pro p\u0159edstavu, pokud se sem chyst\u00e1te.\" width=\"1170\" height=\"1753\" srcset=\"https:\/\/1001voyagesgourmands.com\/wp-content\/uploads\/2023\/09\/Cinque-Terre-18-1170x1753.jpg 1170w, https:\/\/1001voyagesgourmands.com\/wp-content\/uploads\/2023\/09\/Cinque-Terre-18-200x300.jpg 200w, https:\/\/1001voyagesgourmands.com\/wp-content\/uploads\/2023\/09\/Cinque-Terre-18-768x1151.jpg 768w, https:\/\/1001voyagesgourmands.com\/wp-content\/uploads\/2023\/09\/Cinque-Terre-18-1025x1536.jpg 1025w, https:\/\/1001voyagesgourmands.com\/wp-content\/uploads\/2023\/09\/Cinque-Terre-18-1367x2048.jpg 1367w, https:\/\/1001voyagesgourmands.com\/wp-content\/uploads\/2023\/09\/Cinque-Terre-18-585x877.jpg 585w, https:\/\/1001voyagesgourmands.com\/wp-content\/uploads\/2023\/09\/Cinque-Terre-18-scaled.jpg 1709w\" sizes=\"auto, (max-width: 1170px) 100vw, 1170px\" \/><img loading=\"lazy\" decoding=\"async\" class=\"aligncenter size-large wp-image-30679\" src=\"https:\/\/1001voyagesgourmands.com\/wp-content\/uploads\/2023\/09\/Cinque-Terre-20-1170x1753.jpg\" alt=\"\" width=\"1170\" height=\"1753\" srcset=\"https:\/\/1001voyagesgourmands.com\/wp-content\/uploads\/2023\/09\/Cinque-Terre-20-1170x1753.jpg 1170w, https:\/\/1001voyagesgourmands.com\/wp-content\/uploads\/2023\/09\/Cinque-Terre-20-200x300.jpg 200w, https:\/\/1001voyagesgourmands.com\/wp-content\/uploads\/2023\/09\/Cinque-Terre-20-768x1151.jpg 768w, https:\/\/1001voyagesgourmands.com\/wp-content\/uploads\/2023\/09\/Cinque-Terre-20-1025x1536.jpg 1025w, https:\/\/1001voyagesgourmands.com\/wp-content\/uploads\/2023\/09\/Cinque-Terre-20-1367x2048.jpg 1367w, https:\/\/1001voyagesgourmands.com\/wp-content\/uploads\/2023\/09\/Cinque-Terre-20-585x877.jpg 585w, https:\/\/1001voyagesgourmands.com\/wp-content\/uploads\/2023\/09\/Cinque-Terre-20-scaled.jpg 1709w\" sizes=\"auto, (max-width: 1170px) 100vw, 1170px\" \/> <img loading=\"lazy\" decoding=\"async\" class=\"aligncenter size-large wp-image-30715\" src=\"https:\/\/1001voyagesgourmands.com\/wp-content\/uploads\/2023\/09\/Cinque-Terre-38-1170x1560.jpg\" alt=\"\" width=\"1170\" height=\"1560\" srcset=\"https:\/\/1001voyagesgourmands.com\/wp-content\/uploads\/2023\/09\/Cinque-Terre-38-1170x1560.jpg 1170w, https:\/\/1001voyagesgourmands.com\/wp-content\/uploads\/2023\/09\/Cinque-Terre-38-225x300.jpg 225w, https:\/\/1001voyagesgourmands.com\/wp-content\/uploads\/2023\/09\/Cinque-Terre-38-768x1024.jpg 768w, https:\/\/1001voyagesgourmands.com\/wp-content\/uploads\/2023\/09\/Cinque-Terre-38-1152x1536.jpg 1152w, https:\/\/1001voyagesgourmands.com\/wp-content\/uploads\/2023\/09\/Cinque-Terre-38-1536x2048.jpg 1536w, https:\/\/1001voyagesgourmands.com\/wp-content\/uploads\/2023\/09\/Cinque-Terre-38-scaled.jpg 1920w, https:\/\/1001voyagesgourmands.com\/wp-content\/uploads\/2023\/09\/Cinque-Terre-38-585x780.jpg 585w\" sizes=\"auto, (max-width: 1170px) 100vw, 1170px\" \/><img loading=\"lazy\" decoding=\"async\" class=\"aligncenter size-large wp-image-30723\" src=\"https:\/\/1001voyagesgourmands.com\/wp-content\/uploads\/2023\/09\/Cinque-Terre-42-1170x1753.jpg\" alt=\"\" width=\"1170\" height=\"1753\" srcset=\"https:\/\/1001voyagesgourmands.com\/wp-content\/uploads\/2023\/09\/Cinque-Terre-42-1170x1753.jpg 1170w, https:\/\/1001voyagesgourmands.com\/wp-content\/uploads\/2023\/09\/Cinque-Terre-42-200x300.jpg 200w, https:\/\/1001voyagesgourmands.com\/wp-content\/uploads\/2023\/09\/Cinque-Terre-42-768x1151.jpg 768w, https:\/\/1001voyagesgourmands.com\/wp-content\/uploads\/2023\/09\/Cinque-Terre-42-1025x1536.jpg 1025w, https:\/\/1001voyagesgourmands.com\/wp-content\/uploads\/2023\/09\/Cinque-Terre-42-1367x2048.jpg 1367w, https:\/\/1001voyagesgourmands.com\/wp-content\/uploads\/2023\/09\/Cinque-Terre-42-585x877.jpg 585w, https:\/\/1001voyagesgourmands.com\/wp-content\/uploads\/2023\/09\/Cinque-Terre-42-scaled.jpg 1709w\" sizes=\"auto, (max-width: 1170px) 100vw, 1170px\" \/> <img loading=\"lazy\" decoding=\"async\" class=\"aligncenter size-large wp-image-30683\" src=\"https:\/\/1001voyagesgourmands.com\/wp-content\/uploads\/2023\/09\/Cinque-Terre-22-1170x781.jpg\" alt=\"\" width=\"1170\" height=\"781\" srcset=\"https:\/\/1001voyagesgourmands.com\/wp-content\/uploads\/2023\/09\/Cinque-Terre-22-1170x781.jpg 1170w, https:\/\/1001voyagesgourmands.com\/wp-content\/uploads\/2023\/09\/Cinque-Terre-22-300x200.jpg 300w, https:\/\/1001voyagesgourmands.com\/wp-content\/uploads\/2023\/09\/Cinque-Terre-22-768x513.jpg 768w, https:\/\/1001voyagesgourmands.com\/wp-content\/uploads\/2023\/09\/Cinque-Terre-22-1536x1025.jpg 1536w, https:\/\/1001voyagesgourmands.com\/wp-content\/uploads\/2023\/09\/Cinque-Terre-22-2048x1367.jpg 2048w, https:\/\/1001voyagesgourmands.com\/wp-content\/uploads\/2023\/09\/Cinque-Terre-22-1920x1281.jpg 1920w, https:\/\/1001voyagesgourmands.com\/wp-content\/uploads\/2023\/09\/Cinque-Terre-22-585x390.jpg 585w, https:\/\/1001voyagesgourmands.com\/wp-content\/uploads\/2023\/09\/Cinque-Terre-22-263x175.jpg 263w\" sizes=\"auto, (max-width: 1170px) 100vw, 1170px\" \/><img loading=\"lazy\" decoding=\"async\" class=\"aligncenter wp-image-30689 size-large\" src=\"https:\/\/1001voyagesgourmands.com\/wp-content\/uploads\/2023\/09\/Cinque-Terre-25-1170x1753.jpg\" alt=\"Shrnut\u00ed na\u0161eho jednodenn\u00edho v\u00fdletu do Cinque Terre s m\u00edsty, kter\u00e9 jsme nav\u0161t\u00edvili a na\u0161imi dojmy z nich, pro p\u0159edstavu, pokud se sem chyst\u00e1te.\" width=\"1170\" height=\"1753\" srcset=\"https:\/\/1001voyagesgourmands.com\/wp-content\/uploads\/2023\/09\/Cinque-Terre-25-1170x1753.jpg 1170w, https:\/\/1001voyagesgourmands.com\/wp-content\/uploads\/2023\/09\/Cinque-Terre-25-200x300.jpg 200w, https:\/\/1001voyagesgourmands.com\/wp-content\/uploads\/2023\/09\/Cinque-Terre-25-768x1151.jpg 768w, https:\/\/1001voyagesgourmands.com\/wp-content\/uploads\/2023\/09\/Cinque-Terre-25-1025x1536.jpg 1025w, https:\/\/1001voyagesgourmands.com\/wp-content\/uploads\/2023\/09\/Cinque-Terre-25-1367x2048.jpg 1367w, https:\/\/1001voyagesgourmands.com\/wp-content\/uploads\/2023\/09\/Cinque-Terre-25-585x877.jpg 585w, https:\/\/1001voyagesgourmands.com\/wp-content\/uploads\/2023\/09\/Cinque-Terre-25-scaled.jpg 1709w\" sizes=\"auto, (max-width: 1170px) 100vw, 1170px\" \/> <img loading=\"lazy\" decoding=\"async\" class=\"aligncenter size-large wp-image-30707\" src=\"https:\/\/1001voyagesgourmands.com\/wp-content\/uploads\/2023\/09\/Cinque-Terre-34-1170x781.jpg\" alt=\"Here is a summary of our day in Cinque Terre with places we visited and our impressions, to give you an idea if you are thinking of going.\" width=\"1170\" height=\"781\" srcset=\"https:\/\/1001voyagesgourmands.com\/wp-content\/uploads\/2023\/09\/Cinque-Terre-34-1170x781.jpg 1170w, https:\/\/1001voyagesgourmands.com\/wp-content\/uploads\/2023\/09\/Cinque-Terre-34-300x200.jpg 300w, https:\/\/1001voyagesgourmands.com\/wp-content\/uploads\/2023\/09\/Cinque-Terre-34-768x513.jpg 768w, https:\/\/1001voyagesgourmands.com\/wp-content\/uploads\/2023\/09\/Cinque-Terre-34-1536x1025.jpg 1536w, https:\/\/1001voyagesgourmands.com\/wp-content\/uploads\/2023\/09\/Cinque-Terre-34-2048x1367.jpg 2048w, https:\/\/1001voyagesgourmands.com\/wp-content\/uploads\/2023\/09\/Cinque-Terre-34-1920x1281.jpg 1920w, https:\/\/1001voyagesgourmands.com\/wp-content\/uploads\/2023\/09\/Cinque-Terre-34-585x390.jpg 585w, https:\/\/1001voyagesgourmands.com\/wp-content\/uploads\/2023\/09\/Cinque-Terre-34-263x175.jpg 263w\" sizes=\"auto, (max-width: 1170px) 100vw, 1170px\" \/><img loading=\"lazy\" decoding=\"async\" class=\"aligncenter size-large wp-image-30713\" src=\"https:\/\/1001voyagesgourmands.com\/wp-content\/uploads\/2023\/09\/Cinque-Terre-37-1170x1560.jpg\" alt=\"\" width=\"1170\" height=\"1560\" srcset=\"https:\/\/1001voyagesgourmands.com\/wp-content\/uploads\/2023\/09\/Cinque-Terre-37-1170x1560.jpg 1170w, https:\/\/1001voyagesgourmands.com\/wp-content\/uploads\/2023\/09\/Cinque-Terre-37-225x300.jpg 225w, https:\/\/1001voyagesgourmands.com\/wp-content\/uploads\/2023\/09\/Cinque-Terre-37-768x1024.jpg 768w, https:\/\/1001voyagesgourmands.com\/wp-content\/uploads\/2023\/09\/Cinque-Terre-37-1152x1536.jpg 1152w, https:\/\/1001voyagesgourmands.com\/wp-content\/uploads\/2023\/09\/Cinque-Terre-37-1536x2048.jpg 1536w, https:\/\/1001voyagesgourmands.com\/wp-content\/uploads\/2023\/09\/Cinque-Terre-37-scaled.jpg 1920w, https:\/\/1001voyagesgourmands.com\/wp-content\/uploads\/2023\/09\/Cinque-Terre-37-585x780.jpg 585w\" sizes=\"auto, (max-width: 1170px) 100vw, 1170px\" \/><img loading=\"lazy\" decoding=\"async\" class=\"aligncenter wp-image-30687 size-large\" src=\"https:\/\/1001voyagesgourmands.com\/wp-content\/uploads\/2023\/09\/Cinque-Terre-24-1170x1753.jpg\" alt=\"Shrnut\u00ed na\u0161eho jednodenn\u00edho v\u00fdletu do Cinque Terre s m\u00edsty, kter\u00e9 jsme nav\u0161t\u00edvili a na\u0161imi dojmy z nich, pro p\u0159edstavu, pokud se sem chyst\u00e1te.\" width=\"1170\" height=\"1753\" srcset=\"https:\/\/1001voyagesgourmands.com\/wp-content\/uploads\/2023\/09\/Cinque-Terre-24-1170x1753.jpg 1170w, https:\/\/1001voyagesgourmands.com\/wp-content\/uploads\/2023\/09\/Cinque-Terre-24-200x300.jpg 200w, https:\/\/1001voyagesgourmands.com\/wp-content\/uploads\/2023\/09\/Cinque-Terre-24-768x1151.jpg 768w, https:\/\/1001voyagesgourmands.com\/wp-content\/uploads\/2023\/09\/Cinque-Terre-24-1025x1536.jpg 1025w, https:\/\/1001voyagesgourmands.com\/wp-content\/uploads\/2023\/09\/Cinque-Terre-24-1367x2048.jpg 1367w, https:\/\/1001voyagesgourmands.com\/wp-content\/uploads\/2023\/09\/Cinque-Terre-24-585x877.jpg 585w, https:\/\/1001voyagesgourmands.com\/wp-content\/uploads\/2023\/09\/Cinque-Terre-24-scaled.jpg 1709w\" sizes=\"auto, (max-width: 1170px) 100vw, 1170px\" \/><img loading=\"lazy\" decoding=\"async\" class=\"aligncenter size-large wp-image-30691\" src=\"https:\/\/1001voyagesgourmands.com\/wp-content\/uploads\/2023\/09\/Cinque-Terre-26-1170x1753.jpg\" alt=\"\" width=\"1170\" height=\"1753\" srcset=\"https:\/\/1001voyagesgourmands.com\/wp-content\/uploads\/2023\/09\/Cinque-Terre-26-1170x1753.jpg 1170w, https:\/\/1001voyagesgourmands.com\/wp-content\/uploads\/2023\/09\/Cinque-Terre-26-200x300.jpg 200w, https:\/\/1001voyagesgourmands.com\/wp-content\/uploads\/2023\/09\/Cinque-Terre-26-768x1151.jpg 768w, https:\/\/1001voyagesgourmands.com\/wp-content\/uploads\/2023\/09\/Cinque-Terre-26-1025x1536.jpg 1025w, https:\/\/1001voyagesgourmands.com\/wp-content\/uploads\/2023\/09\/Cinque-Terre-26-1367x2048.jpg 1367w, https:\/\/1001voyagesgourmands.com\/wp-content\/uploads\/2023\/09\/Cinque-Terre-26-585x877.jpg 585w, https:\/\/1001voyagesgourmands.com\/wp-content\/uploads\/2023\/09\/Cinque-Terre-26-scaled.jpg 1709w\" sizes=\"auto, (max-width: 1170px) 100vw, 1170px\" \/> <img loading=\"lazy\" decoding=\"async\" class=\"aligncenter size-large wp-image-30697\" src=\"https:\/\/1001voyagesgourmands.com\/wp-content\/uploads\/2023\/09\/Cinque-Terre-29-1170x781.jpg\" alt=\"\" width=\"1170\" height=\"781\" srcset=\"https:\/\/1001voyagesgourmands.com\/wp-content\/uploads\/2023\/09\/Cinque-Terre-29-1170x781.jpg 1170w, https:\/\/1001voyagesgourmands.com\/wp-content\/uploads\/2023\/09\/Cinque-Terre-29-300x200.jpg 300w, https:\/\/1001voyagesgourmands.com\/wp-content\/uploads\/2023\/09\/Cinque-Terre-29-768x513.jpg 768w, https:\/\/1001voyagesgourmands.com\/wp-content\/uploads\/2023\/09\/Cinque-Terre-29-1536x1025.jpg 1536w, https:\/\/1001voyagesgourmands.com\/wp-content\/uploads\/2023\/09\/Cinque-Terre-29-2048x1367.jpg 2048w, https:\/\/1001voyagesgourmands.com\/wp-content\/uploads\/2023\/09\/Cinque-Terre-29-1920x1281.jpg 1920w, https:\/\/1001voyagesgourmands.com\/wp-content\/uploads\/2023\/09\/Cinque-Terre-29-585x390.jpg 585w, https:\/\/1001voyagesgourmands.com\/wp-content\/uploads\/2023\/09\/Cinque-Terre-29-263x175.jpg 263w\" sizes=\"auto, (max-width: 1170px) 100vw, 1170px\" \/> <img loading=\"lazy\" decoding=\"async\" class=\"aligncenter size-large wp-image-30701\" src=\"https:\/\/1001voyagesgourmands.com\/wp-content\/uploads\/2023\/09\/Cinque-Terre-31-1170x1560.jpg\" alt=\"\" width=\"1170\" height=\"1560\" srcset=\"https:\/\/1001voyagesgourmands.com\/wp-content\/uploads\/2023\/09\/Cinque-Terre-31-1170x1560.jpg 1170w, https:\/\/1001voyagesgourmands.com\/wp-content\/uploads\/2023\/09\/Cinque-Terre-31-225x300.jpg 225w, https:\/\/1001voyagesgourmands.com\/wp-content\/uploads\/2023\/09\/Cinque-Terre-31-768x1024.jpg 768w, https:\/\/1001voyagesgourmands.com\/wp-content\/uploads\/2023\/09\/Cinque-Terre-31-1152x1536.jpg 1152w, https:\/\/1001voyagesgourmands.com\/wp-content\/uploads\/2023\/09\/Cinque-Terre-31-1536x2048.jpg 1536w, https:\/\/1001voyagesgourmands.com\/wp-content\/uploads\/2023\/09\/Cinque-Terre-31-scaled.jpg 1920w, https:\/\/1001voyagesgourmands.com\/wp-content\/uploads\/2023\/09\/Cinque-Terre-31-585x780.jpg 585w\" sizes=\"auto, (max-width: 1170px) 100vw, 1170px\" \/><\/p>\n","protected":false},"excerpt":{"rendered":"<p>Po v\u00edkendu u jezera Como jsme pokra\u010dovali do regionu Versilia, konkr\u00e9tn\u011b do m\u011bste\u010dka Seravezza nedaleko Forte dei Marmi, kde jsme n\u011bkde na kopci m\u011bli za\u0159\u00edzen\u00e9 fantastick\u00e9 ubytov\u00e1n\u00ed, kter\u00e9 jsme na\u0161li na posledn\u00ed chv\u00edli a o kter\u00e9m tady ur\u010dit\u011b nap\u00ed\u0161u pozd\u011bji. Ale dnes to bude o v\u00fdletu do Cinque Terre &#8211;&hellip;<\/p>\n","protected":false},"author":1,"featured_media":30672,"comment_status":"open","ping_status":"open","sticky":false,"template":"","format":"standard","meta":{"_exactmetrics_skip_tracking":false,"_exactmetrics_sitenote_active":false,"_exactmetrics_sitenote_note":"","_exactmetrics_sitenote_category":0,"_lmt_disableupdate":"","_lmt_disable":"","footnotes":""},"categories":[4,593],"tags":[],"class_list":["post-30733","post","type-post","status-publish","format-standard","has-post-thumbnail","hentry","category-cestovani","category-italie"],"yoast_head":"<!-- This site is optimized with the Yoast SEO plugin v26.1.1 - https:\/\/yoast.com\/wordpress\/plugins\/seo\/ -->\n<title>Den v Cinque Terre - 1001 Voyages Gourmands<\/title>\n<meta name=\"description\" content=\"Shrnut\u00ed na\u0161eho jednodenn\u00edho v\u00fdletu do Cinque Terre s m\u00edsty, kter\u00e9 jsme nav\u0161t\u00edvili a na\u0161imi dojmy z nich, pro p\u0159edstavu, pokud se sem chyst\u00e1te.\" \/>\n<meta name=\"robots\" content=\"index, follow, max-snippet:-1, max-image-preview:large, max-video-preview:-1\" \/>\n<link rel=\"canonical\" href=\"https:\/\/1001voyagesgourmands.com\/cs\/den-v-cinque-terre\/\" \/>\n<meta property=\"og:locale\" content=\"cs_CZ\" \/>\n<meta property=\"og:type\" content=\"article\" \/>\n<meta property=\"og:title\" content=\"Den v Cinque Terre - 1001 Voyages Gourmands\" \/>\n<meta property=\"og:description\" content=\"Shrnut\u00ed na\u0161eho jednodenn\u00edho v\u00fdletu do Cinque Terre s m\u00edsty, kter\u00e9 jsme nav\u0161t\u00edvili a na\u0161imi dojmy z nich, pro p\u0159edstavu, pokud se sem chyst\u00e1te.\" \/>\n<meta property=\"og:url\" content=\"https:\/\/1001voyagesgourmands.com\/cs\/den-v-cinque-terre\/\" \/>\n<meta property=\"og:site_name\" content=\"1001 Voyages Gourmands\" \/>\n<meta property=\"article:publisher\" content=\"https:\/\/www.facebook.com\/1001voyagesgourmands\" \/>\n<meta property=\"article:published_time\" content=\"2023-10-01T14:44:03+00:00\" \/>\n<meta property=\"article:modified_time\" content=\"2023-10-01T14:58:10+00:00\" \/>\n<meta property=\"og:image\" content=\"https:\/\/1001voyagesgourmands.com\/wp-content\/uploads\/2023\/09\/Cinque-Terre-16-scaled.jpg\" \/>\n\t<meta property=\"og:image:width\" content=\"1709\" \/>\n\t<meta property=\"og:image:height\" content=\"2560\" \/>\n\t<meta property=\"og:image:type\" content=\"image\/jpeg\" \/>\n<meta name=\"author\" content=\"Michaela\" \/>\n<meta name=\"twitter:card\" content=\"summary_large_image\" \/>\n<meta name=\"twitter:creator\" content=\"@michaela_1001vg\" \/>\n<meta name=\"twitter:site\" content=\"@michaela_1001vg\" \/>\n<meta name=\"twitter:label1\" content=\"Napsal(a)\" \/>\n\t<meta name=\"twitter:data1\" content=\"Michaela\" \/>\n\t<meta name=\"twitter:label2\" content=\"Odhadovan\u00e1 doba \u010dten\u00ed\" \/>\n\t<meta name=\"twitter:data2\" content=\"10 minut\" \/>\n<script type=\"application\/ld+json\" class=\"yoast-schema-graph\">{\"@context\":\"https:\/\/schema.org\",\"@graph\":[{\"@type\":\"WebPage\",\"@id\":\"https:\/\/1001voyagesgourmands.com\/cs\/den-v-cinque-terre\/\",\"url\":\"https:\/\/1001voyagesgourmands.com\/cs\/den-v-cinque-terre\/\",\"name\":\"Den v Cinque Terre - 1001 Voyages Gourmands\",\"isPartOf\":{\"@id\":\"https:\/\/1001voyagesgourmands.com\/cs\/#website\"},\"primaryImageOfPage\":{\"@id\":\"https:\/\/1001voyagesgourmands.com\/cs\/den-v-cinque-terre\/#primaryimage\"},\"image\":{\"@id\":\"https:\/\/1001voyagesgourmands.com\/cs\/den-v-cinque-terre\/#primaryimage\"},\"thumbnailUrl\":\"https:\/\/1001voyagesgourmands.com\/wp-content\/uploads\/2023\/09\/Cinque-Terre-16-scaled.jpg\",\"datePublished\":\"2023-10-01T14:44:03+00:00\",\"dateModified\":\"2023-10-01T14:58:10+00:00\",\"author\":{\"@id\":\"https:\/\/1001voyagesgourmands.com\/cs\/#\/schema\/person\/62e0e7238fcf7482b23bf83e1b72ff1b\"},\"description\":\"Shrnut\u00ed na\u0161eho jednodenn\u00edho v\u00fdletu do Cinque Terre s m\u00edsty, kter\u00e9 jsme nav\u0161t\u00edvili a na\u0161imi dojmy z nich, pro p\u0159edstavu, pokud se sem chyst\u00e1te.\",\"breadcrumb\":{\"@id\":\"https:\/\/1001voyagesgourmands.com\/cs\/den-v-cinque-terre\/#breadcrumb\"},\"inLanguage\":\"cs\",\"potentialAction\":[{\"@type\":\"ReadAction\",\"target\":[\"https:\/\/1001voyagesgourmands.com\/cs\/den-v-cinque-terre\/\"]}]},{\"@type\":\"ImageObject\",\"inLanguage\":\"cs\",\"@id\":\"https:\/\/1001voyagesgourmands.com\/cs\/den-v-cinque-terre\/#primaryimage\",\"url\":\"https:\/\/1001voyagesgourmands.com\/wp-content\/uploads\/2023\/09\/Cinque-Terre-16-scaled.jpg\",\"contentUrl\":\"https:\/\/1001voyagesgourmands.com\/wp-content\/uploads\/2023\/09\/Cinque-Terre-16-scaled.jpg\",\"width\":1709,\"height\":2560,\"caption\":\"Here is a summary of our day in Cinque Terre with places we visited and our impressions, to give you an idea if you are thinking of going.\"},{\"@type\":\"BreadcrumbList\",\"@id\":\"https:\/\/1001voyagesgourmands.com\/cs\/den-v-cinque-terre\/#breadcrumb\",\"itemListElement\":[{\"@type\":\"ListItem\",\"position\":1,\"name\":\"Dom\u016f\",\"item\":\"https:\/\/1001voyagesgourmands.com\/cs\/\"},{\"@type\":\"ListItem\",\"position\":2,\"name\":\"Den v Cinque Terre\"}]},{\"@type\":\"WebSite\",\"@id\":\"https:\/\/1001voyagesgourmands.com\/cs\/#website\",\"url\":\"https:\/\/1001voyagesgourmands.com\/cs\/\",\"name\":\"1001 Voyages Gourmands\",\"description\":\"Food | Travel | Photography\",\"potentialAction\":[{\"@type\":\"SearchAction\",\"target\":{\"@type\":\"EntryPoint\",\"urlTemplate\":\"https:\/\/1001voyagesgourmands.com\/cs\/?s={search_term_string}\"},\"query-input\":{\"@type\":\"PropertyValueSpecification\",\"valueRequired\":true,\"valueName\":\"search_term_string\"}}],\"inLanguage\":\"cs\"},{\"@type\":\"Person\",\"@id\":\"https:\/\/1001voyagesgourmands.com\/cs\/#\/schema\/person\/62e0e7238fcf7482b23bf83e1b72ff1b\",\"name\":\"Michaela\",\"image\":{\"@type\":\"ImageObject\",\"inLanguage\":\"cs\",\"@id\":\"https:\/\/1001voyagesgourmands.com\/cs\/#\/schema\/person\/image\/\",\"url\":\"https:\/\/secure.gravatar.com\/avatar\/73fa562a5b0ce269ca480f67de504b8ecac054a121d170e226f1b79e02024cb8?s=96&d=mm&r=g\",\"contentUrl\":\"https:\/\/secure.gravatar.com\/avatar\/73fa562a5b0ce269ca480f67de504b8ecac054a121d170e226f1b79e02024cb8?s=96&d=mm&r=g\",\"caption\":\"Michaela\"},\"sameAs\":[\"http:\/\/1001voyagesgourmands.com\"]}]}<\/script>\n<!-- \/ Yoast SEO plugin. -->","yoast_head_json":{"title":"Den v Cinque Terre - 1001 Voyages Gourmands","description":"Shrnut\u00ed na\u0161eho jednodenn\u00edho v\u00fdletu do Cinque Terre s m\u00edsty, kter\u00e9 jsme nav\u0161t\u00edvili a na\u0161imi dojmy z nich, pro p\u0159edstavu, pokud se sem chyst\u00e1te.","robots":{"index":"index","follow":"follow","max-snippet":"max-snippet:-1","max-image-preview":"max-image-preview:large","max-video-preview":"max-video-preview:-1"},"canonical":"https:\/\/1001voyagesgourmands.com\/cs\/den-v-cinque-terre\/","og_locale":"cs_CZ","og_type":"article","og_title":"Den v Cinque Terre - 1001 Voyages Gourmands","og_description":"Shrnut\u00ed na\u0161eho jednodenn\u00edho v\u00fdletu do Cinque Terre s m\u00edsty, kter\u00e9 jsme nav\u0161t\u00edvili a na\u0161imi dojmy z nich, pro p\u0159edstavu, pokud se sem chyst\u00e1te.","og_url":"https:\/\/1001voyagesgourmands.com\/cs\/den-v-cinque-terre\/","og_site_name":"1001 Voyages Gourmands","article_publisher":"https:\/\/www.facebook.com\/1001voyagesgourmands","article_published_time":"2023-10-01T14:44:03+00:00","article_modified_time":"2023-10-01T14:58:10+00:00","og_image":[{"width":1709,"height":2560,"url":"https:\/\/1001voyagesgourmands.com\/wp-content\/uploads\/2023\/09\/Cinque-Terre-16-scaled.jpg","type":"image\/jpeg"}],"author":"Michaela","twitter_card":"summary_large_image","twitter_creator":"@michaela_1001vg","twitter_site":"@michaela_1001vg","twitter_misc":{"Napsal(a)":"Michaela","Odhadovan\u00e1 doba \u010dten\u00ed":"10 minut"},"schema":{"@context":"https:\/\/schema.org","@graph":[{"@type":"WebPage","@id":"https:\/\/1001voyagesgourmands.com\/cs\/den-v-cinque-terre\/","url":"https:\/\/1001voyagesgourmands.com\/cs\/den-v-cinque-terre\/","name":"Den v Cinque Terre - 1001 Voyages Gourmands","isPartOf":{"@id":"https:\/\/1001voyagesgourmands.com\/cs\/#website"},"primaryImageOfPage":{"@id":"https:\/\/1001voyagesgourmands.com\/cs\/den-v-cinque-terre\/#primaryimage"},"image":{"@id":"https:\/\/1001voyagesgourmands.com\/cs\/den-v-cinque-terre\/#primaryimage"},"thumbnailUrl":"https:\/\/1001voyagesgourmands.com\/wp-content\/uploads\/2023\/09\/Cinque-Terre-16-scaled.jpg","datePublished":"2023-10-01T14:44:03+00:00","dateModified":"2023-10-01T14:58:10+00:00","author":{"@id":"https:\/\/1001voyagesgourmands.com\/cs\/#\/schema\/person\/62e0e7238fcf7482b23bf83e1b72ff1b"},"description":"Shrnut\u00ed na\u0161eho jednodenn\u00edho v\u00fdletu do Cinque Terre s m\u00edsty, kter\u00e9 jsme nav\u0161t\u00edvili a na\u0161imi dojmy z nich, pro p\u0159edstavu, pokud se sem chyst\u00e1te.","breadcrumb":{"@id":"https:\/\/1001voyagesgourmands.com\/cs\/den-v-cinque-terre\/#breadcrumb"},"inLanguage":"cs","potentialAction":[{"@type":"ReadAction","target":["https:\/\/1001voyagesgourmands.com\/cs\/den-v-cinque-terre\/"]}]},{"@type":"ImageObject","inLanguage":"cs","@id":"https:\/\/1001voyagesgourmands.com\/cs\/den-v-cinque-terre\/#primaryimage","url":"https:\/\/1001voyagesgourmands.com\/wp-content\/uploads\/2023\/09\/Cinque-Terre-16-scaled.jpg","contentUrl":"https:\/\/1001voyagesgourmands.com\/wp-content\/uploads\/2023\/09\/Cinque-Terre-16-scaled.jpg","width":1709,"height":2560,"caption":"Here is a summary of our day in Cinque Terre with places we visited and our impressions, to give you an idea if you are thinking of going."},{"@type":"BreadcrumbList","@id":"https:\/\/1001voyagesgourmands.com\/cs\/den-v-cinque-terre\/#breadcrumb","itemListElement":[{"@type":"ListItem","position":1,"name":"Dom\u016f","item":"https:\/\/1001voyagesgourmands.com\/cs\/"},{"@type":"ListItem","position":2,"name":"Den v Cinque Terre"}]},{"@type":"WebSite","@id":"https:\/\/1001voyagesgourmands.com\/cs\/#website","url":"https:\/\/1001voyagesgourmands.com\/cs\/","name":"1001 Voyages Gourmands","description":"Food | Travel | Photography","potentialAction":[{"@type":"SearchAction","target":{"@type":"EntryPoint","urlTemplate":"https:\/\/1001voyagesgourmands.com\/cs\/?s={search_term_string}"},"query-input":{"@type":"PropertyValueSpecification","valueRequired":true,"valueName":"search_term_string"}}],"inLanguage":"cs"},{"@type":"Person","@id":"https:\/\/1001voyagesgourmands.com\/cs\/#\/schema\/person\/62e0e7238fcf7482b23bf83e1b72ff1b","name":"Michaela","image":{"@type":"ImageObject","inLanguage":"cs","@id":"https:\/\/1001voyagesgourmands.com\/cs\/#\/schema\/person\/image\/","url":"https:\/\/secure.gravatar.com\/avatar\/73fa562a5b0ce269ca480f67de504b8ecac054a121d170e226f1b79e02024cb8?s=96&d=mm&r=g","contentUrl":"https:\/\/secure.gravatar.com\/avatar\/73fa562a5b0ce269ca480f67de504b8ecac054a121d170e226f1b79e02024cb8?s=96&d=mm&r=g","caption":"Michaela"},"sameAs":["http:\/\/1001voyagesgourmands.com"]}]}},"_links":{"self":[{"href":"https:\/\/1001voyagesgourmands.com\/cs\/wp-json\/wp\/v2\/posts\/30733","targetHints":{"allow":["GET"]}}],"collection":[{"href":"https:\/\/1001voyagesgourmands.com\/cs\/wp-json\/wp\/v2\/posts"}],"about":[{"href":"https:\/\/1001voyagesgourmands.com\/cs\/wp-json\/wp\/v2\/types\/post"}],"author":[{"embeddable":true,"href":"https:\/\/1001voyagesgourmands.com\/cs\/wp-json\/wp\/v2\/users\/1"}],"replies":[{"embeddable":true,"href":"https:\/\/1001voyagesgourmands.com\/cs\/wp-json\/wp\/v2\/comments?post=30733"}],"version-history":[{"count":3,"href":"https:\/\/1001voyagesgourmands.com\/cs\/wp-json\/wp\/v2\/posts\/30733\/revisions"}],"predecessor-version":[{"id":30736,"href":"https:\/\/1001voyagesgourmands.com\/cs\/wp-json\/wp\/v2\/posts\/30733\/revisions\/30736"}],"wp:featuredmedia":[{"embeddable":true,"href":"https:\/\/1001voyagesgourmands.com\/cs\/wp-json\/wp\/v2\/media\/30672"}],"wp:attachment":[{"href":"https:\/\/1001voyagesgourmands.com\/cs\/wp-json\/wp\/v2\/media?parent=30733"}],"wp:term":[{"taxonomy":"category","embeddable":true,"href":"https:\/\/1001voyagesgourmands.com\/cs\/wp-json\/wp\/v2\/categories?post=30733"},{"taxonomy":"post_tag","embeddable":true,"href":"https:\/\/1001voyagesgourmands.com\/cs\/wp-json\/wp\/v2\/tags?post=30733"}],"curies":[{"name":"wp","href":"https:\/\/api.w.org\/{rel}","templated":true}]}}