{"id":305,"date":"2015-03-08T13:36:50","date_gmt":"2015-03-08T12:36:50","guid":{"rendered":"http:\/\/voyagegourmand.org\/?p=305"},"modified":"2020-12-02T12:17:49","modified_gmt":"2020-12-02T11:17:49","slug":"kralovsky-palac-palais-royal","status":"publish","type":"post","link":"https:\/\/1001voyagesgourmands.com\/cs\/kralovsky-palac-palais-royal\/","title":{"rendered":"Kr\u00e1lovsk\u00fd Pal\u00e1c v Bruselu"},"content":{"rendered":"<p style=\"text-align: justify;\">Ka\u017ed\u00e9 l\u00e9to od \u010dervence do z\u00e1\u0159\u00ed je mo\u017en\u00e9 nav\u0161t\u00edvit Kr\u00e1lovsk\u00fd pal\u00e1c, jednu z nejhez\u010d\u00edch ofici\u00e1ln\u00edch budov v Bruselu.&nbsp;Nask\u00fdt\u00e1 se tak mo\u017enost \u0161irok\u00e9mu publiku objevit nejen monument\u00e1ln\u00ed s\u00e1ly, chodby a schodi\u0161t\u011b, ale i sb\u00edrku um\u011bleck\u00fdch d\u011bl ze v\u0161ech mo\u017en\u00fdch dob. D\u00edky pokroku modern\u00ed doby si n\u00e1v\u0161t\u011bvn\u00edci mohou prohl\u00e9dnout i fotografie pozd\u011bj\u0161\u00ed generace monarch\u016f, jako nap\u0159\u00edklad cesty do zahrani\u010d\u00ed kr\u00e1le Alberta a kr\u00e1lovny Elisabeth. (Mne zaujala nejv\u00edce&nbsp;fotka kr\u00e1le Alberta p\u0159i zimn\u00edch radov\u00e1nk\u00e1ch.)<br \/>\nJako t\u0159e\u0161ni\u010dku na dortu n\u00e1v\u0161t\u011bvy pal\u00e1ce pova\u017euji strop v s\u00e1lu Salle des Glaces. Od roku 2002 je poset\u00fd 1,4 milionem krovek thajsk\u00fdch skarabe\u016f. Tato neoklasicistn\u00ed&nbsp;budova se nach\u00e1z\u00ed v sam\u00e9m centru m\u011bsta, u Kr\u00e1lovsk\u00e9ho parku.&nbsp;Dnes slou\u017e\u00ed p\u0159ev\u00e1\u017en\u011b jako kr\u00e1lovsk\u00e1 kancel\u00e1\u0159, kde kr\u00e1l p\u0159ij\u00edm\u00e1 n\u00e1v\u0161t\u011bvy a konaj\u00ed se zde recepce a koncerty.<\/p>\n<p style=\"text-align: justify;\"><img loading=\"lazy\" decoding=\"async\" class=\"aligncenter wp-image-2354 size-full\" src=\"http:\/\/1001voyagesgourmands.com\/wp-content\/uploads\/2015\/03\/DSC_0738.jpg\" alt=\"V Kr\u00e1lovsk\u00e9m pal\u00e1ci v Bruselu objev\u00edte nejen monument\u00e1ln\u00ed s\u00e1ly, chodby a schodi\u0161t\u011b, ale i sb\u00edrku um\u011bleck\u00fdch d\u011bl ze v\u0161ech mo\u017en\u00fdch dob.\" width=\"800\" height=\"530\" srcset=\"https:\/\/1001voyagesgourmands.com\/wp-content\/uploads\/2015\/03\/DSC_0738.jpg 800w, https:\/\/1001voyagesgourmands.com\/wp-content\/uploads\/2015\/03\/DSC_0738-300x199.jpg 300w, https:\/\/1001voyagesgourmands.com\/wp-content\/uploads\/2015\/03\/DSC_0738-768x509.jpg 768w, https:\/\/1001voyagesgourmands.com\/wp-content\/uploads\/2015\/03\/DSC_0738-780x516.jpg 780w, https:\/\/1001voyagesgourmands.com\/wp-content\/uploads\/2015\/03\/DSC_0738-585x388.jpg 585w, https:\/\/1001voyagesgourmands.com\/wp-content\/uploads\/2015\/03\/DSC_0738-263x175.jpg 263w\" sizes=\"auto, (max-width: 800px) 100vw, 800px\" \/><\/p>\n<p style=\"text-align: justify;\"><img loading=\"lazy\" decoding=\"async\" class=\"aligncenter wp-image-2320 size-full\" src=\"http:\/\/1001voyagesgourmands.com\/wp-content\/uploads\/2015\/03\/DSC_07521.jpg\" alt=\"V Kr\u00e1lovsk\u00e9m pal\u00e1ci v Bruselu objev\u00edte nejen monument\u00e1ln\u00ed s\u00e1ly, chodby a schodi\u0161t\u011b, ale i sb\u00edrku um\u011bleck\u00fdch d\u011bl ze v\u0161ech mo\u017en\u00fdch dob.\" width=\"800\" height=\"530\" srcset=\"https:\/\/1001voyagesgourmands.com\/wp-content\/uploads\/2015\/03\/DSC_07521.jpg 800w, https:\/\/1001voyagesgourmands.com\/wp-content\/uploads\/2015\/03\/DSC_07521-300x199.jpg 300w, https:\/\/1001voyagesgourmands.com\/wp-content\/uploads\/2015\/03\/DSC_07521-768x509.jpg 768w, https:\/\/1001voyagesgourmands.com\/wp-content\/uploads\/2015\/03\/DSC_07521-780x516.jpg 780w, https:\/\/1001voyagesgourmands.com\/wp-content\/uploads\/2015\/03\/DSC_07521-585x388.jpg 585w, https:\/\/1001voyagesgourmands.com\/wp-content\/uploads\/2015\/03\/DSC_07521-263x175.jpg 263w\" sizes=\"auto, (max-width: 800px) 100vw, 800px\" \/><\/p>\n<p style=\"text-align: justify;\"><img loading=\"lazy\" decoding=\"async\" class=\"aligncenter wp-image-2340\" src=\"http:\/\/1001voyagesgourmands.com\/wp-content\/uploads\/2015\/03\/DSC_0802_a.jpg\" alt=\"V Kr\u00e1lovsk\u00e9m pal\u00e1ci v Bruselu objev\u00edte nejen monument\u00e1ln\u00ed s\u00e1ly, chodby a schodi\u0161t\u011b, ale i sb\u00edrku um\u011bleck\u00fdch d\u011bl ze v\u0161ech mo\u017en\u00fdch dob.\" width=\"979\" height=\"979\" srcset=\"https:\/\/1001voyagesgourmands.com\/wp-content\/uploads\/2015\/03\/DSC_0802_a.jpg 528w, https:\/\/1001voyagesgourmands.com\/wp-content\/uploads\/2015\/03\/DSC_0802_a-300x300.jpg 300w\" sizes=\"auto, (max-width: 979px) 100vw, 979px\" \/><\/p>\n<p style=\"text-align: justify;\"><img loading=\"lazy\" decoding=\"async\" class=\"aligncenter wp-image-2338\" src=\"http:\/\/1001voyagesgourmands.com\/wp-content\/uploads\/2015\/03\/DSC_0800A.jpg\" alt=\"V Kr\u00e1lovsk\u00e9m pal\u00e1ci v Bruselu objev\u00edte nejen monument\u00e1ln\u00ed s\u00e1ly, chodby a schodi\u0161t\u011b, ale i sb\u00edrku um\u011bleck\u00fdch d\u011bl ze v\u0161ech mo\u017en\u00fdch dob.\" width=\"984\" height=\"984\" srcset=\"https:\/\/1001voyagesgourmands.com\/wp-content\/uploads\/2015\/03\/DSC_0800A.jpg 530w, https:\/\/1001voyagesgourmands.com\/wp-content\/uploads\/2015\/03\/DSC_0800A-300x300.jpg 300w\" sizes=\"auto, (max-width: 984px) 100vw, 984px\" \/><\/p>\n<p style=\"text-align: justify;\"><img loading=\"lazy\" decoding=\"async\" class=\"aligncenter wp-image-2322\" src=\"http:\/\/1001voyagesgourmands.com\/wp-content\/uploads\/2015\/03\/DSC_0757.jpg\" alt=\"V Kr\u00e1lovsk\u00e9m pal\u00e1ci v Bruselu objev\u00edte nejen monument\u00e1ln\u00ed s\u00e1ly, chodby a schodi\u0161t\u011b, ale i sb\u00edrku um\u011bleck\u00fdch d\u011bl ze v\u0161ech mo\u017en\u00fdch dob.\" width=\"843\" height=\"1273\" srcset=\"https:\/\/1001voyagesgourmands.com\/wp-content\/uploads\/2015\/03\/DSC_0757.jpg 351w, https:\/\/1001voyagesgourmands.com\/wp-content\/uploads\/2015\/03\/DSC_0757-199x300.jpg 199w\" sizes=\"auto, (max-width: 843px) 100vw, 843px\" \/><\/p>\n<p style=\"text-align: justify;\"><img loading=\"lazy\" decoding=\"async\" class=\"aligncenter wp-image-2324\" src=\"http:\/\/1001voyagesgourmands.com\/wp-content\/uploads\/2015\/03\/DSC_0759A.jpg\" alt=\"V Kr\u00e1lovsk\u00e9m pal\u00e1ci v Bruselu objev\u00edte nejen monument\u00e1ln\u00ed s\u00e1ly, chodby a schodi\u0161t\u011b, ale i sb\u00edrku um\u011bleck\u00fdch d\u011bl ze v\u0161ech mo\u017en\u00fdch dob.\" width=\"831\" height=\"831\" srcset=\"https:\/\/1001voyagesgourmands.com\/wp-content\/uploads\/2015\/03\/DSC_0759A.jpg 530w, https:\/\/1001voyagesgourmands.com\/wp-content\/uploads\/2015\/03\/DSC_0759A-300x300.jpg 300w\" sizes=\"auto, (max-width: 831px) 100vw, 831px\" \/><\/p>\n<p style=\"text-align: justify;\"><img loading=\"lazy\" decoding=\"async\" class=\"aligncenter wp-image-2330\" src=\"http:\/\/1001voyagesgourmands.com\/wp-content\/uploads\/2015\/03\/DSC_0765.jpg\" alt=\"V Kr\u00e1lovsk\u00e9m pal\u00e1ci v Bruselu objev\u00edte nejen monument\u00e1ln\u00ed s\u00e1ly, chodby a schodi\u0161t\u011b, ale i sb\u00edrku um\u011bleck\u00fdch d\u011bl ze v\u0161ech mo\u017en\u00fdch dob.\" width=\"918\" height=\"664\" srcset=\"https:\/\/1001voyagesgourmands.com\/wp-content\/uploads\/2015\/03\/DSC_0765.jpg 733w, https:\/\/1001voyagesgourmands.com\/wp-content\/uploads\/2015\/03\/DSC_0765-300x217.jpg 300w, https:\/\/1001voyagesgourmands.com\/wp-content\/uploads\/2015\/03\/DSC_0765-585x423.jpg 585w\" sizes=\"auto, (max-width: 918px) 100vw, 918px\" \/><\/p>\n<p style=\"text-align: justify;\"><img loading=\"lazy\" decoding=\"async\" class=\"aligncenter wp-image-2332 size-full\" src=\"http:\/\/1001voyagesgourmands.com\/wp-content\/uploads\/2015\/03\/DSC_0788.jpg\" alt=\"V Kr\u00e1lovsk\u00e9m pal\u00e1ci v Bruselu objev\u00edte nejen monument\u00e1ln\u00ed s\u00e1ly, chodby a schodi\u0161t\u011b, ale i sb\u00edrku um\u011bleck\u00fdch d\u011bl ze v\u0161ech mo\u017en\u00fdch dob.\" width=\"800\" height=\"530\" srcset=\"https:\/\/1001voyagesgourmands.com\/wp-content\/uploads\/2015\/03\/DSC_0788.jpg 800w, https:\/\/1001voyagesgourmands.com\/wp-content\/uploads\/2015\/03\/DSC_0788-300x199.jpg 300w, https:\/\/1001voyagesgourmands.com\/wp-content\/uploads\/2015\/03\/DSC_0788-768x509.jpg 768w, https:\/\/1001voyagesgourmands.com\/wp-content\/uploads\/2015\/03\/DSC_0788-780x516.jpg 780w, https:\/\/1001voyagesgourmands.com\/wp-content\/uploads\/2015\/03\/DSC_0788-585x388.jpg 585w, https:\/\/1001voyagesgourmands.com\/wp-content\/uploads\/2015\/03\/DSC_0788-263x175.jpg 263w\" sizes=\"auto, (max-width: 800px) 100vw, 800px\" \/><\/p>\n<p style=\"text-align: justify;\"><img loading=\"lazy\" decoding=\"async\" class=\"aligncenter wp-image-2336 size-full\" src=\"http:\/\/1001voyagesgourmands.com\/wp-content\/uploads\/2015\/03\/DSC_0795.jpg\" alt=\"V Kr\u00e1lovsk\u00e9m pal\u00e1ci v Bruselu objev\u00edte nejen monument\u00e1ln\u00ed s\u00e1ly, chodby a schodi\u0161t\u011b, ale i sb\u00edrku um\u011bleck\u00fdch d\u011bl ze v\u0161ech mo\u017en\u00fdch dob.\" width=\"800\" height=\"530\" srcset=\"https:\/\/1001voyagesgourmands.com\/wp-content\/uploads\/2015\/03\/DSC_0795.jpg 800w, https:\/\/1001voyagesgourmands.com\/wp-content\/uploads\/2015\/03\/DSC_0795-300x199.jpg 300w, https:\/\/1001voyagesgourmands.com\/wp-content\/uploads\/2015\/03\/DSC_0795-768x509.jpg 768w, https:\/\/1001voyagesgourmands.com\/wp-content\/uploads\/2015\/03\/DSC_0795-780x516.jpg 780w, https:\/\/1001voyagesgourmands.com\/wp-content\/uploads\/2015\/03\/DSC_0795-585x388.jpg 585w, https:\/\/1001voyagesgourmands.com\/wp-content\/uploads\/2015\/03\/DSC_0795-263x175.jpg 263w\" sizes=\"auto, (max-width: 800px) 100vw, 800px\" \/><\/p>\n","protected":false},"excerpt":{"rendered":"<p>Ka\u017ed\u00e9 l\u00e9to od \u010dervence do z\u00e1\u0159\u00ed je mo\u017en\u00e9 nav\u0161t\u00edvit Kr\u00e1lovsk\u00fd pal\u00e1c, jednu z nejhez\u010d\u00edch ofici\u00e1ln\u00edch budov v Bruselu.&nbsp;Nask\u00fdt\u00e1 se tak mo\u017enost \u0161irok\u00e9mu publiku objevit nejen monument\u00e1ln\u00ed s\u00e1ly, chodby a schodi\u0161t\u011b, ale i sb\u00edrku um\u011bleck\u00fdch d\u011bl ze v\u0161ech mo\u017en\u00fdch dob. D\u00edky pokroku modern\u00ed doby si n\u00e1v\u0161t\u011bvn\u00edci mohou prohl\u00e9dnout i fotografie pozd\u011bj\u0161\u00ed&hellip;<\/p>\n","protected":false},"author":1,"featured_media":0,"comment_status":"open","ping_status":"open","sticky":false,"template":"","format":"gallery","meta":{"_exactmetrics_skip_tracking":false,"_exactmetrics_sitenote_active":false,"_exactmetrics_sitenote_note":"","_exactmetrics_sitenote_category":0,"_lmt_disableupdate":"","_lmt_disable":"","footnotes":""},"categories":[362,527,4],"tags":[30],"class_list":["post-305","post","type-post","status-publish","format-gallery","hentry","category-belgie","category-brusel","category-cestovani","tag-brusel","post_format-post-format-gallery"],"yoast_head":"<!-- This site is optimized with the Yoast SEO plugin v26.1.1 - https:\/\/yoast.com\/wordpress\/plugins\/seo\/ -->\n<title>Kr\u00e1lovsk\u00fd Pal\u00e1c v Bruselu - 1001 Voyages Gourmands<\/title>\n<meta name=\"description\" content=\"V Kr\u00e1lovsk\u00e9m pal\u00e1ci v Bruselu objev\u00edte nejen monument\u00e1ln\u00ed s\u00e1ly, chodby a schodi\u0161t\u011b, ale i sb\u00edrku um\u011bleck\u00fdch d\u011bl ze v\u0161ech mo\u017en\u00fdch dob.\" \/>\n<meta name=\"robots\" content=\"index, follow, max-snippet:-1, max-image-preview:large, max-video-preview:-1\" \/>\n<link rel=\"canonical\" href=\"https:\/\/1001voyagesgourmands.com\/cs\/kralovsky-palac-palais-royal\/\" \/>\n<meta property=\"og:locale\" content=\"cs_CZ\" \/>\n<meta property=\"og:type\" content=\"article\" \/>\n<meta property=\"og:title\" content=\"Kr\u00e1lovsk\u00fd Pal\u00e1c v Bruselu - 1001 Voyages Gourmands\" \/>\n<meta property=\"og:description\" content=\"V Kr\u00e1lovsk\u00e9m pal\u00e1ci v Bruselu objev\u00edte nejen monument\u00e1ln\u00ed s\u00e1ly, chodby a schodi\u0161t\u011b, ale i sb\u00edrku um\u011bleck\u00fdch d\u011bl ze v\u0161ech mo\u017en\u00fdch dob.\" \/>\n<meta property=\"og:url\" content=\"https:\/\/1001voyagesgourmands.com\/cs\/kralovsky-palac-palais-royal\/\" \/>\n<meta property=\"og:site_name\" content=\"1001 Voyages Gourmands\" \/>\n<meta property=\"article:publisher\" content=\"https:\/\/www.facebook.com\/1001voyagesgourmands\" \/>\n<meta property=\"article:published_time\" content=\"2015-03-08T12:36:50+00:00\" \/>\n<meta property=\"article:modified_time\" content=\"2020-12-02T11:17:49+00:00\" \/>\n<meta property=\"og:image\" content=\"http:\/\/1001voyagesgourmands.com\/wp-content\/uploads\/2015\/03\/DSC_0738.jpg\" \/>\n<meta name=\"author\" content=\"Michaela\" \/>\n<meta name=\"twitter:card\" content=\"summary_large_image\" \/>\n<meta name=\"twitter:creator\" content=\"@michaela_1001vg\" \/>\n<meta name=\"twitter:site\" content=\"@michaela_1001vg\" \/>\n<meta name=\"twitter:label1\" content=\"Napsal(a)\" \/>\n\t<meta name=\"twitter:data1\" content=\"Michaela\" \/>\n\t<meta name=\"twitter:label2\" content=\"Odhadovan\u00e1 doba \u010dten\u00ed\" \/>\n\t<meta name=\"twitter:data2\" content=\"1 minuta\" \/>\n<script type=\"application\/ld+json\" class=\"yoast-schema-graph\">{\"@context\":\"https:\/\/schema.org\",\"@graph\":[{\"@type\":\"WebPage\",\"@id\":\"https:\/\/1001voyagesgourmands.com\/cs\/kralovsky-palac-palais-royal\/\",\"url\":\"https:\/\/1001voyagesgourmands.com\/cs\/kralovsky-palac-palais-royal\/\",\"name\":\"Kr\u00e1lovsk\u00fd Pal\u00e1c v Bruselu - 1001 Voyages Gourmands\",\"isPartOf\":{\"@id\":\"https:\/\/1001voyagesgourmands.com\/cs\/#website\"},\"primaryImageOfPage\":{\"@id\":\"https:\/\/1001voyagesgourmands.com\/cs\/kralovsky-palac-palais-royal\/#primaryimage\"},\"image\":{\"@id\":\"https:\/\/1001voyagesgourmands.com\/cs\/kralovsky-palac-palais-royal\/#primaryimage\"},\"thumbnailUrl\":\"http:\/\/1001voyagesgourmands.com\/wp-content\/uploads\/2015\/03\/DSC_0738.jpg\",\"datePublished\":\"2015-03-08T12:36:50+00:00\",\"dateModified\":\"2020-12-02T11:17:49+00:00\",\"author\":{\"@id\":\"https:\/\/1001voyagesgourmands.com\/cs\/#\/schema\/person\/62e0e7238fcf7482b23bf83e1b72ff1b\"},\"description\":\"V Kr\u00e1lovsk\u00e9m pal\u00e1ci v Bruselu objev\u00edte nejen monument\u00e1ln\u00ed s\u00e1ly, chodby a schodi\u0161t\u011b, ale i sb\u00edrku um\u011bleck\u00fdch d\u011bl ze v\u0161ech mo\u017en\u00fdch dob.\",\"breadcrumb\":{\"@id\":\"https:\/\/1001voyagesgourmands.com\/cs\/kralovsky-palac-palais-royal\/#breadcrumb\"},\"inLanguage\":\"cs\",\"potentialAction\":[{\"@type\":\"ReadAction\",\"target\":[\"https:\/\/1001voyagesgourmands.com\/cs\/kralovsky-palac-palais-royal\/\"]}]},{\"@type\":\"ImageObject\",\"inLanguage\":\"cs\",\"@id\":\"https:\/\/1001voyagesgourmands.com\/cs\/kralovsky-palac-palais-royal\/#primaryimage\",\"url\":\"http:\/\/1001voyagesgourmands.com\/wp-content\/uploads\/2015\/03\/DSC_0738.jpg\",\"contentUrl\":\"http:\/\/1001voyagesgourmands.com\/wp-content\/uploads\/2015\/03\/DSC_0738.jpg\"},{\"@type\":\"BreadcrumbList\",\"@id\":\"https:\/\/1001voyagesgourmands.com\/cs\/kralovsky-palac-palais-royal\/#breadcrumb\",\"itemListElement\":[{\"@type\":\"ListItem\",\"position\":1,\"name\":\"Dom\u016f\",\"item\":\"https:\/\/1001voyagesgourmands.com\/cs\/\"},{\"@type\":\"ListItem\",\"position\":2,\"name\":\"Kr\u00e1lovsk\u00fd Pal\u00e1c v Bruselu\"}]},{\"@type\":\"WebSite\",\"@id\":\"https:\/\/1001voyagesgourmands.com\/cs\/#website\",\"url\":\"https:\/\/1001voyagesgourmands.com\/cs\/\",\"name\":\"1001 Voyages Gourmands\",\"description\":\"Food | Travel | Photography\",\"potentialAction\":[{\"@type\":\"SearchAction\",\"target\":{\"@type\":\"EntryPoint\",\"urlTemplate\":\"https:\/\/1001voyagesgourmands.com\/cs\/?s={search_term_string}\"},\"query-input\":{\"@type\":\"PropertyValueSpecification\",\"valueRequired\":true,\"valueName\":\"search_term_string\"}}],\"inLanguage\":\"cs\"},{\"@type\":\"Person\",\"@id\":\"https:\/\/1001voyagesgourmands.com\/cs\/#\/schema\/person\/62e0e7238fcf7482b23bf83e1b72ff1b\",\"name\":\"Michaela\",\"image\":{\"@type\":\"ImageObject\",\"inLanguage\":\"cs\",\"@id\":\"https:\/\/1001voyagesgourmands.com\/cs\/#\/schema\/person\/image\/\",\"url\":\"https:\/\/secure.gravatar.com\/avatar\/73fa562a5b0ce269ca480f67de504b8ecac054a121d170e226f1b79e02024cb8?s=96&d=mm&r=g\",\"contentUrl\":\"https:\/\/secure.gravatar.com\/avatar\/73fa562a5b0ce269ca480f67de504b8ecac054a121d170e226f1b79e02024cb8?s=96&d=mm&r=g\",\"caption\":\"Michaela\"},\"sameAs\":[\"http:\/\/1001voyagesgourmands.com\"]}]}<\/script>\n<!-- \/ Yoast SEO plugin. -->","yoast_head_json":{"title":"Kr\u00e1lovsk\u00fd Pal\u00e1c v Bruselu - 1001 Voyages Gourmands","description":"V Kr\u00e1lovsk\u00e9m pal\u00e1ci v Bruselu objev\u00edte nejen monument\u00e1ln\u00ed s\u00e1ly, chodby a schodi\u0161t\u011b, ale i sb\u00edrku um\u011bleck\u00fdch d\u011bl ze v\u0161ech mo\u017en\u00fdch dob.","robots":{"index":"index","follow":"follow","max-snippet":"max-snippet:-1","max-image-preview":"max-image-preview:large","max-video-preview":"max-video-preview:-1"},"canonical":"https:\/\/1001voyagesgourmands.com\/cs\/kralovsky-palac-palais-royal\/","og_locale":"cs_CZ","og_type":"article","og_title":"Kr\u00e1lovsk\u00fd Pal\u00e1c v Bruselu - 1001 Voyages Gourmands","og_description":"V Kr\u00e1lovsk\u00e9m pal\u00e1ci v Bruselu objev\u00edte nejen monument\u00e1ln\u00ed s\u00e1ly, chodby a schodi\u0161t\u011b, ale i sb\u00edrku um\u011bleck\u00fdch d\u011bl ze v\u0161ech mo\u017en\u00fdch dob.","og_url":"https:\/\/1001voyagesgourmands.com\/cs\/kralovsky-palac-palais-royal\/","og_site_name":"1001 Voyages Gourmands","article_publisher":"https:\/\/www.facebook.com\/1001voyagesgourmands","article_published_time":"2015-03-08T12:36:50+00:00","article_modified_time":"2020-12-02T11:17:49+00:00","og_image":[{"url":"http:\/\/1001voyagesgourmands.com\/wp-content\/uploads\/2015\/03\/DSC_0738.jpg","type":"","width":"","height":""}],"author":"Michaela","twitter_card":"summary_large_image","twitter_creator":"@michaela_1001vg","twitter_site":"@michaela_1001vg","twitter_misc":{"Napsal(a)":"Michaela","Odhadovan\u00e1 doba \u010dten\u00ed":"1 minuta"},"schema":{"@context":"https:\/\/schema.org","@graph":[{"@type":"WebPage","@id":"https:\/\/1001voyagesgourmands.com\/cs\/kralovsky-palac-palais-royal\/","url":"https:\/\/1001voyagesgourmands.com\/cs\/kralovsky-palac-palais-royal\/","name":"Kr\u00e1lovsk\u00fd Pal\u00e1c v Bruselu - 1001 Voyages Gourmands","isPartOf":{"@id":"https:\/\/1001voyagesgourmands.com\/cs\/#website"},"primaryImageOfPage":{"@id":"https:\/\/1001voyagesgourmands.com\/cs\/kralovsky-palac-palais-royal\/#primaryimage"},"image":{"@id":"https:\/\/1001voyagesgourmands.com\/cs\/kralovsky-palac-palais-royal\/#primaryimage"},"thumbnailUrl":"http:\/\/1001voyagesgourmands.com\/wp-content\/uploads\/2015\/03\/DSC_0738.jpg","datePublished":"2015-03-08T12:36:50+00:00","dateModified":"2020-12-02T11:17:49+00:00","author":{"@id":"https:\/\/1001voyagesgourmands.com\/cs\/#\/schema\/person\/62e0e7238fcf7482b23bf83e1b72ff1b"},"description":"V Kr\u00e1lovsk\u00e9m pal\u00e1ci v Bruselu objev\u00edte nejen monument\u00e1ln\u00ed s\u00e1ly, chodby a schodi\u0161t\u011b, ale i sb\u00edrku um\u011bleck\u00fdch d\u011bl ze v\u0161ech mo\u017en\u00fdch dob.","breadcrumb":{"@id":"https:\/\/1001voyagesgourmands.com\/cs\/kralovsky-palac-palais-royal\/#breadcrumb"},"inLanguage":"cs","potentialAction":[{"@type":"ReadAction","target":["https:\/\/1001voyagesgourmands.com\/cs\/kralovsky-palac-palais-royal\/"]}]},{"@type":"ImageObject","inLanguage":"cs","@id":"https:\/\/1001voyagesgourmands.com\/cs\/kralovsky-palac-palais-royal\/#primaryimage","url":"http:\/\/1001voyagesgourmands.com\/wp-content\/uploads\/2015\/03\/DSC_0738.jpg","contentUrl":"http:\/\/1001voyagesgourmands.com\/wp-content\/uploads\/2015\/03\/DSC_0738.jpg"},{"@type":"BreadcrumbList","@id":"https:\/\/1001voyagesgourmands.com\/cs\/kralovsky-palac-palais-royal\/#breadcrumb","itemListElement":[{"@type":"ListItem","position":1,"name":"Dom\u016f","item":"https:\/\/1001voyagesgourmands.com\/cs\/"},{"@type":"ListItem","position":2,"name":"Kr\u00e1lovsk\u00fd Pal\u00e1c v Bruselu"}]},{"@type":"WebSite","@id":"https:\/\/1001voyagesgourmands.com\/cs\/#website","url":"https:\/\/1001voyagesgourmands.com\/cs\/","name":"1001 Voyages Gourmands","description":"Food | Travel | Photography","potentialAction":[{"@type":"SearchAction","target":{"@type":"EntryPoint","urlTemplate":"https:\/\/1001voyagesgourmands.com\/cs\/?s={search_term_string}"},"query-input":{"@type":"PropertyValueSpecification","valueRequired":true,"valueName":"search_term_string"}}],"inLanguage":"cs"},{"@type":"Person","@id":"https:\/\/1001voyagesgourmands.com\/cs\/#\/schema\/person\/62e0e7238fcf7482b23bf83e1b72ff1b","name":"Michaela","image":{"@type":"ImageObject","inLanguage":"cs","@id":"https:\/\/1001voyagesgourmands.com\/cs\/#\/schema\/person\/image\/","url":"https:\/\/secure.gravatar.com\/avatar\/73fa562a5b0ce269ca480f67de504b8ecac054a121d170e226f1b79e02024cb8?s=96&d=mm&r=g","contentUrl":"https:\/\/secure.gravatar.com\/avatar\/73fa562a5b0ce269ca480f67de504b8ecac054a121d170e226f1b79e02024cb8?s=96&d=mm&r=g","caption":"Michaela"},"sameAs":["http:\/\/1001voyagesgourmands.com"]}]}},"_links":{"self":[{"href":"https:\/\/1001voyagesgourmands.com\/cs\/wp-json\/wp\/v2\/posts\/305","targetHints":{"allow":["GET"]}}],"collection":[{"href":"https:\/\/1001voyagesgourmands.com\/cs\/wp-json\/wp\/v2\/posts"}],"about":[{"href":"https:\/\/1001voyagesgourmands.com\/cs\/wp-json\/wp\/v2\/types\/post"}],"author":[{"embeddable":true,"href":"https:\/\/1001voyagesgourmands.com\/cs\/wp-json\/wp\/v2\/users\/1"}],"replies":[{"embeddable":true,"href":"https:\/\/1001voyagesgourmands.com\/cs\/wp-json\/wp\/v2\/comments?post=305"}],"version-history":[{"count":1,"href":"https:\/\/1001voyagesgourmands.com\/cs\/wp-json\/wp\/v2\/posts\/305\/revisions"}],"predecessor-version":[{"id":28167,"href":"https:\/\/1001voyagesgourmands.com\/cs\/wp-json\/wp\/v2\/posts\/305\/revisions\/28167"}],"wp:attachment":[{"href":"https:\/\/1001voyagesgourmands.com\/cs\/wp-json\/wp\/v2\/media?parent=305"}],"wp:term":[{"taxonomy":"category","embeddable":true,"href":"https:\/\/1001voyagesgourmands.com\/cs\/wp-json\/wp\/v2\/categories?post=305"},{"taxonomy":"post_tag","embeddable":true,"href":"https:\/\/1001voyagesgourmands.com\/cs\/wp-json\/wp\/v2\/tags?post=305"}],"curies":[{"name":"wp","href":"https:\/\/api.w.org\/{rel}","templated":true}]}}