{"id":30439,"date":"2023-09-13T23:27:55","date_gmt":"2023-09-13T21:27:55","guid":{"rendered":"https:\/\/1001voyagesgourmands.com\/?p=30439"},"modified":"2023-09-13T23:30:55","modified_gmt":"2023-09-13T21:30:55","slug":"vikend-u-jezera-como","status":"publish","type":"post","link":"https:\/\/1001voyagesgourmands.com\/cs\/vikend-u-jezera-como\/","title":{"rendered":"V\u00edkend u jezera Como"},"content":{"rendered":"<p style=\"text-align: justify;\">Na\u0161e lo\u0148sk\u00e9 letn\u00ed italsk\u00e9 pr\u00e1zdniny nemohly za\u010d\u00edt l\u00e9pe! Dnes to bude o tom, jak jsme tu str\u00e1vili v\u00edkend u jezera Como. Jeliko\u017e je vlastn\u011b i po cest\u011b z Belgie, hodilo se n\u00e1m i jako m\u00edsto pro trochu pohybu a oddechu na dlouh\u00e9 cest\u011b s Ad\u00e9l, kter\u00e1 m\u011bla tenkr\u00e1t t\u0159i roky.&nbsp;<\/p>\n<p style=\"text-align: justify;\">Tedy to byl pl\u00e1n. Ale jak u\u017e u n\u00e1s b\u00fdv\u00e1, vyjeli jsme ve \u010dtvrtek m\u00edsto v 8 r\u00e1no ve 3 odpoledne, a tak jsme je\u0161t\u011b p\u0159edt\u00edm p\u0159espali v <strong>Mulhouse<\/strong> ve Francii, ji\u017en\u00edm c\u00edpu Alsaska. Tam jsme si je\u0161t\u011b do star\u00e9ho centra za\u0161li na sn\u00eddani a pro bagetu na piknik po cest\u011b. N\u00e1m\u011bst\u00ed je kr\u00e1sn\u00e9, zbytek m\u011bsta u\u017e n\u00e1s pak moc nedojal.&nbsp;<\/p>\n<p style=\"text-align: justify;\">Po na\u0161\u00ed francouzsk\u00e9 pauze jsme se vydali p\u0159es <strong>star\u00fd Gotthard Pass<\/strong> k jezeru Como. Odtamtud jsou skvostn\u00e9 v\u00fdhledy p\u0159i cest\u011b horami. Na jednom z nejvy\u0161\u0161\u00edch bod\u016f jsme se zastavili, ud\u011blali si piknik a kochali se v\u00fdhledy do krajiny. Tohle je v\u017edy Steven\u016fv milovan\u00fd \u00fasek. Doporu\u010dujeme, obzvl\u00e1\u0161\u0165 pokud byste tudy jeli o v\u00edkendu v l\u00e9t\u011b, kdy je \u010dasto Gotthard tunel zacpan\u00fd.<\/p>\n<p style=\"text-align: justify;\">A po n\u011bkolika hodin\u00e1ch pomal\u00e9 j\u00edzdy po \u0161v\u00fdcarsk\u00e9 d\u00e1lnici jsme se dostali k jezeru Como &#8211; p\u0159esn\u011bji do Cadenabbia, odkud jsme trajektem dojeli na druhou stranu do Bellagio. Jeliko\u017e byla ale u\u017e doba ve\u010de\u0159e, nejeli jsme do hotelu, ale rovnou do Stevenovi obl\u00edben\u00e9 rodinn\u00e9 restaurace, daleko od dav\u016f. V Molina di Faggeto Lario se nach\u00e1z\u00ed <strong>Trattoria Antica Molina<\/strong>, kterou vede moc mil\u00e1 maminka s dcerou. Dali jsme si tam tresku z jezera na m\u00e1sle se \u0161alv\u011bj\u00ed a brambory, a bylo to vynikaj\u00edc\u00ed. M\u00edsto je to nesm\u00edrn\u011b autentick\u00e9 a dostalo m\u011b i to, \u017ee m\u011bli na zdech pali\u010dkovan\u00e9 obr\u00e1zky, co\u017e na m\u011b vrhlo nostalgii z dosp\u00edvaj\u00edc\u00edch let, kdy jsem se pali\u010dkov\u00e1n\u00ed ve voln\u00e9m \u010dase v\u011bnovala.<\/p>\n<p style=\"text-align: justify;\">Pot\u00e9 jsme dorazili do penzionu <strong>Albergo La Genzianella<\/strong>, nach\u00e1zej\u00edc\u00edho se v zalesn\u011bn\u00fdch kopc\u00edch nad Bellagiem. Tam jsme p\u0159espali dv\u011b noci, ne\u017e jsme pokra\u010dovali d\u00e1le na jih. Rodina, kter\u00e1 ho vedla, p\u016fsobila velice mile a p\u0159\u00e1telsky.<\/p>\n<p style=\"text-align: justify;\">V sobotu jsme se vydali str\u00e1vit den do <strong>Bellagio<\/strong>, ale naj\u00edt tu parkov\u00e1n\u00ed byl tedy kum\u0161t. M\u011bste\u010dko je to p\u011bkn\u00e9, nicm\u00e9n\u011b velice turistick\u00e9. Mal\u00e9 uli\u010dky stoupaj\u00edc\u00ed do kopce byly pln\u00e9 obch\u016fdk\u016f se suven\u00fdry od hedv\u00e1bn\u00fdch \u0161\u00e1tk\u016f po levanduli, restaurac\u00ed se sezen\u00edm na sch\u016fdk\u00e1ch, ale tak\u00e9 kr\u00e1snou promen\u00e1dou kolem jezera obrostlou kvetouc\u00edmi ke\u0159i a stromy. Na ja\u0159e se sem vr\u00e1t\u00edme, mimo pr\u00e1zdniny, to mus\u00ed b\u00fdt n\u00e1dhera!<\/p>\n<p style=\"text-align: justify;\">Odpoledne jsme pak sedli na trajekt sm\u011brem k <strong>Villa Balbianello<\/strong>. D\u00e1 se nav\u0161t\u00edvit zahrada nebo i interi\u00e9r, ov\u0161em bylo tak kr\u00e1sn\u011b a bylo tam plno lid\u00ed, \u017ee jsme z\u016fstali pouze venku a sta\u010dilo to. Je to p\u0159ekr\u00e1sn\u00e9 m\u00edsto a nen\u00ed divu, \u017ee si ho vybrali k nat\u00e1\u010den\u00ed hned n\u011bkolika film\u016f (Star Wars 2 &#8211; Klony \u00fato\u010d\u00ed nebo James Bond &#8211; Casino Royale).&nbsp;<\/p>\n<p style=\"text-align: justify;\">Odsud jsme do\u0161li do nejvli\u017e\u0161\u00ed vesnice, abychom si v tom horku smo\u010dili nohy do jezera, a pokra\u010dovali do mal\u00e9 v\u00edsky s p\u0159\u00edstavem nesouc\u00ed n\u00e1zev <strong>Torno<\/strong>. Steven m\u011bl nam\u00ed\u0159eno do restaurace Vapore, ale nem\u011bli jsme rezervaci, tak jsme si \u0159ekli, \u017ee to bude na p\u0159\u00ed\u0161t\u011b, a sedli si do vedlej\u0161\u00edho Baru Italia Tornoallariva, kde jsme si dali v\u00fdborn\u00fd sal\u00e1t a n\u011bco k pit\u00ed, a kochali se zdej\u0161\u00edm p\u0159\u00edstavem.<\/p>\n<p style=\"text-align: justify;\">V ned\u011bli jsme to vzali poklidn\u011bji, nav\u0161t\u00edvili jsme op\u011bt vesnici na kopci <strong>Molina di Faggeto Lario<\/strong> &#8211; ve tm\u011b n\u00e1s nadchla, a tak jsme si ji cht\u011bli vychutnat i za sv\u011btla, byl tam opravdu takov\u00fd klid oproti ru\u0161n\u00e9mu Bellagiu. Jsou tam neskute\u010dn\u00e9 v\u00fdhledy na jezeru i okoln\u00ed kopcovitou krajinu. A tak\u00e9 jsme na\u0161li men\u0161\u00ed h\u0159i\u0161\u0165\u00e1tko, tak\u017ee jsme byli spokojeni opravdu cel\u00e1 rodinka. \ud83d\ude00&nbsp;<\/p>\n<p>Odtud jsme se pak k ve\u010deru p\u0159esunuli trochu ji\u017en\u011bji, a sice na pob\u0159e\u017e\u00ed nedaleko Forte Dei Marmi, ale o tom a\u017e p\u0159\u00ed\u0161t\u011b.<\/p>\n<p><img loading=\"lazy\" decoding=\"async\" class=\"aligncenter size-large wp-image-30618\" src=\"https:\/\/1001voyagesgourmands.com\/wp-content\/uploads\/2023\/09\/2022008_Weekend-at-Lake-Como-85-1170x1753.jpg\" alt=\"\" width=\"1170\" height=\"1753\" srcset=\"https:\/\/1001voyagesgourmands.com\/wp-content\/uploads\/2023\/09\/2022008_Weekend-at-Lake-Como-85-1170x1753.jpg 1170w, https:\/\/1001voyagesgourmands.com\/wp-content\/uploads\/2023\/09\/2022008_Weekend-at-Lake-Como-85-200x300.jpg 200w, https:\/\/1001voyagesgourmands.com\/wp-content\/uploads\/2023\/09\/2022008_Weekend-at-Lake-Como-85-768x1151.jpg 768w, https:\/\/1001voyagesgourmands.com\/wp-content\/uploads\/2023\/09\/2022008_Weekend-at-Lake-Como-85-1025x1536.jpg 1025w, https:\/\/1001voyagesgourmands.com\/wp-content\/uploads\/2023\/09\/2022008_Weekend-at-Lake-Como-85-1367x2048.jpg 1367w, https:\/\/1001voyagesgourmands.com\/wp-content\/uploads\/2023\/09\/2022008_Weekend-at-Lake-Como-85-585x877.jpg 585w, https:\/\/1001voyagesgourmands.com\/wp-content\/uploads\/2023\/09\/2022008_Weekend-at-Lake-Como-85-scaled.jpg 1709w\" sizes=\"auto, (max-width: 1170px) 100vw, 1170px\" \/><\/p>\n<p><img loading=\"lazy\" decoding=\"async\" class=\"aligncenter size-large wp-image-30447\" src=\"https:\/\/1001voyagesgourmands.com\/wp-content\/uploads\/2023\/07\/Weekend_Como_Lake-3-1170x1753.jpg\" alt=\"\" width=\"1170\" height=\"1753\" srcset=\"https:\/\/1001voyagesgourmands.com\/wp-content\/uploads\/2023\/07\/Weekend_Como_Lake-3-1170x1753.jpg 1170w, https:\/\/1001voyagesgourmands.com\/wp-content\/uploads\/2023\/07\/Weekend_Como_Lake-3-200x300.jpg 200w, https:\/\/1001voyagesgourmands.com\/wp-content\/uploads\/2023\/07\/Weekend_Como_Lake-3-768x1151.jpg 768w, https:\/\/1001voyagesgourmands.com\/wp-content\/uploads\/2023\/07\/Weekend_Como_Lake-3-1025x1536.jpg 1025w, https:\/\/1001voyagesgourmands.com\/wp-content\/uploads\/2023\/07\/Weekend_Como_Lake-3-1367x2048.jpg 1367w, https:\/\/1001voyagesgourmands.com\/wp-content\/uploads\/2023\/07\/Weekend_Como_Lake-3-585x877.jpg 585w, https:\/\/1001voyagesgourmands.com\/wp-content\/uploads\/2023\/07\/Weekend_Como_Lake-3-scaled.jpg 1709w\" sizes=\"auto, (max-width: 1170px) 100vw, 1170px\" \/><\/p>\n<p><img loading=\"lazy\" decoding=\"async\" class=\"aligncenter size-large wp-image-30449\" src=\"https:\/\/1001voyagesgourmands.com\/wp-content\/uploads\/2023\/07\/Weekend_Como_Lake-4-1170x1560.jpg\" alt=\"\" width=\"1170\" height=\"1560\" srcset=\"https:\/\/1001voyagesgourmands.com\/wp-content\/uploads\/2023\/07\/Weekend_Como_Lake-4-1170x1560.jpg 1170w, https:\/\/1001voyagesgourmands.com\/wp-content\/uploads\/2023\/07\/Weekend_Como_Lake-4-225x300.jpg 225w, https:\/\/1001voyagesgourmands.com\/wp-content\/uploads\/2023\/07\/Weekend_Como_Lake-4-768x1024.jpg 768w, https:\/\/1001voyagesgourmands.com\/wp-content\/uploads\/2023\/07\/Weekend_Como_Lake-4-1152x1536.jpg 1152w, https:\/\/1001voyagesgourmands.com\/wp-content\/uploads\/2023\/07\/Weekend_Como_Lake-4-1536x2048.jpg 1536w, https:\/\/1001voyagesgourmands.com\/wp-content\/uploads\/2023\/07\/Weekend_Como_Lake-4-scaled.jpg 1920w, https:\/\/1001voyagesgourmands.com\/wp-content\/uploads\/2023\/07\/Weekend_Como_Lake-4-585x780.jpg 585w\" sizes=\"auto, (max-width: 1170px) 100vw, 1170px\" \/><\/p>\n<p><img loading=\"lazy\" decoding=\"async\" class=\"aligncenter size-large wp-image-30620\" src=\"https:\/\/1001voyagesgourmands.com\/wp-content\/uploads\/2023\/09\/2022008_Weekend-at-Lake-Como-86-1170x1753.jpg\" alt=\"\" width=\"1170\" height=\"1753\" srcset=\"https:\/\/1001voyagesgourmands.com\/wp-content\/uploads\/2023\/09\/2022008_Weekend-at-Lake-Como-86-1170x1753.jpg 1170w, https:\/\/1001voyagesgourmands.com\/wp-content\/uploads\/2023\/09\/2022008_Weekend-at-Lake-Como-86-200x300.jpg 200w, https:\/\/1001voyagesgourmands.com\/wp-content\/uploads\/2023\/09\/2022008_Weekend-at-Lake-Como-86-768x1151.jpg 768w, https:\/\/1001voyagesgourmands.com\/wp-content\/uploads\/2023\/09\/2022008_Weekend-at-Lake-Como-86-1025x1536.jpg 1025w, https:\/\/1001voyagesgourmands.com\/wp-content\/uploads\/2023\/09\/2022008_Weekend-at-Lake-Como-86-1367x2048.jpg 1367w, https:\/\/1001voyagesgourmands.com\/wp-content\/uploads\/2023\/09\/2022008_Weekend-at-Lake-Como-86-585x877.jpg 585w, https:\/\/1001voyagesgourmands.com\/wp-content\/uploads\/2023\/09\/2022008_Weekend-at-Lake-Como-86-scaled.jpg 1709w\" sizes=\"auto, (max-width: 1170px) 100vw, 1170px\" \/><\/p>\n<p><img loading=\"lazy\" decoding=\"async\" class=\"aligncenter size-large wp-image-30606\" src=\"https:\/\/1001voyagesgourmands.com\/wp-content\/uploads\/2023\/09\/2022008_Weekend-at-Lake-Como-81-1170x1560.jpg\" alt=\"\" width=\"1170\" height=\"1560\" srcset=\"https:\/\/1001voyagesgourmands.com\/wp-content\/uploads\/2023\/09\/2022008_Weekend-at-Lake-Como-81-1170x1560.jpg 1170w, https:\/\/1001voyagesgourmands.com\/wp-content\/uploads\/2023\/09\/2022008_Weekend-at-Lake-Como-81-225x300.jpg 225w, https:\/\/1001voyagesgourmands.com\/wp-content\/uploads\/2023\/09\/2022008_Weekend-at-Lake-Como-81-768x1024.jpg 768w, https:\/\/1001voyagesgourmands.com\/wp-content\/uploads\/2023\/09\/2022008_Weekend-at-Lake-Como-81-1152x1536.jpg 1152w, https:\/\/1001voyagesgourmands.com\/wp-content\/uploads\/2023\/09\/2022008_Weekend-at-Lake-Como-81-1536x2048.jpg 1536w, https:\/\/1001voyagesgourmands.com\/wp-content\/uploads\/2023\/09\/2022008_Weekend-at-Lake-Como-81-scaled.jpg 1920w, https:\/\/1001voyagesgourmands.com\/wp-content\/uploads\/2023\/09\/2022008_Weekend-at-Lake-Como-81-585x780.jpg 585w\" sizes=\"auto, (max-width: 1170px) 100vw, 1170px\" \/><\/p>\n<p><img loading=\"lazy\" decoding=\"async\" class=\"aligncenter size-large wp-image-30608\" src=\"https:\/\/1001voyagesgourmands.com\/wp-content\/uploads\/2023\/09\/2022008_Weekend-at-Lake-Como-82-1170x1560.jpg\" alt=\"\" width=\"1170\" height=\"1560\" srcset=\"https:\/\/1001voyagesgourmands.com\/wp-content\/uploads\/2023\/09\/2022008_Weekend-at-Lake-Como-82-1170x1560.jpg 1170w, https:\/\/1001voyagesgourmands.com\/wp-content\/uploads\/2023\/09\/2022008_Weekend-at-Lake-Como-82-225x300.jpg 225w, https:\/\/1001voyagesgourmands.com\/wp-content\/uploads\/2023\/09\/2022008_Weekend-at-Lake-Como-82-768x1024.jpg 768w, https:\/\/1001voyagesgourmands.com\/wp-content\/uploads\/2023\/09\/2022008_Weekend-at-Lake-Como-82-1152x1536.jpg 1152w, https:\/\/1001voyagesgourmands.com\/wp-content\/uploads\/2023\/09\/2022008_Weekend-at-Lake-Como-82-1536x2048.jpg 1536w, https:\/\/1001voyagesgourmands.com\/wp-content\/uploads\/2023\/09\/2022008_Weekend-at-Lake-Como-82-scaled.jpg 1920w, https:\/\/1001voyagesgourmands.com\/wp-content\/uploads\/2023\/09\/2022008_Weekend-at-Lake-Como-82-585x780.jpg 585w\" sizes=\"auto, (max-width: 1170px) 100vw, 1170px\" \/><\/p>\n<p><img loading=\"lazy\" decoding=\"async\" class=\"aligncenter size-large wp-image-30474\" src=\"https:\/\/1001voyagesgourmands.com\/wp-content\/uploads\/2023\/09\/2022008_Weekend-at-Lake-Como-1-1170x1560.jpg\" alt=\"Our summer holidays in Italy last year couldn't start better than with a weekend at Lake Como! Read more about how we spent two days here.\" width=\"1170\" height=\"1560\" srcset=\"https:\/\/1001voyagesgourmands.com\/wp-content\/uploads\/2023\/09\/2022008_Weekend-at-Lake-Como-1-1170x1560.jpg 1170w, https:\/\/1001voyagesgourmands.com\/wp-content\/uploads\/2023\/09\/2022008_Weekend-at-Lake-Como-1-225x300.jpg 225w, https:\/\/1001voyagesgourmands.com\/wp-content\/uploads\/2023\/09\/2022008_Weekend-at-Lake-Como-1-768x1024.jpg 768w, https:\/\/1001voyagesgourmands.com\/wp-content\/uploads\/2023\/09\/2022008_Weekend-at-Lake-Como-1-1152x1536.jpg 1152w, https:\/\/1001voyagesgourmands.com\/wp-content\/uploads\/2023\/09\/2022008_Weekend-at-Lake-Como-1-1536x2048.jpg 1536w, https:\/\/1001voyagesgourmands.com\/wp-content\/uploads\/2023\/09\/2022008_Weekend-at-Lake-Como-1-scaled.jpg 1920w, https:\/\/1001voyagesgourmands.com\/wp-content\/uploads\/2023\/09\/2022008_Weekend-at-Lake-Como-1-585x780.jpg 585w\" sizes=\"auto, (max-width: 1170px) 100vw, 1170px\" \/><\/p>\n<p><img loading=\"lazy\" decoding=\"async\" class=\"aligncenter size-large wp-image-30476\" src=\"https:\/\/1001voyagesgourmands.com\/wp-content\/uploads\/2023\/09\/2022008_Weekend-at-Lake-Como-2-1170x1463.jpg\" alt=\"\" width=\"1170\" height=\"1463\" srcset=\"https:\/\/1001voyagesgourmands.com\/wp-content\/uploads\/2023\/09\/2022008_Weekend-at-Lake-Como-2-1170x1463.jpg 1170w, https:\/\/1001voyagesgourmands.com\/wp-content\/uploads\/2023\/09\/2022008_Weekend-at-Lake-Como-2-240x300.jpg 240w, https:\/\/1001voyagesgourmands.com\/wp-content\/uploads\/2023\/09\/2022008_Weekend-at-Lake-Como-2-768x960.jpg 768w, https:\/\/1001voyagesgourmands.com\/wp-content\/uploads\/2023\/09\/2022008_Weekend-at-Lake-Como-2-1229x1536.jpg 1229w, https:\/\/1001voyagesgourmands.com\/wp-content\/uploads\/2023\/09\/2022008_Weekend-at-Lake-Como-2-1638x2048.jpg 1638w, https:\/\/1001voyagesgourmands.com\/wp-content\/uploads\/2023\/09\/2022008_Weekend-at-Lake-Como-2-1920x2400.jpg 1920w, https:\/\/1001voyagesgourmands.com\/wp-content\/uploads\/2023\/09\/2022008_Weekend-at-Lake-Como-2-585x731.jpg 585w, https:\/\/1001voyagesgourmands.com\/wp-content\/uploads\/2023\/09\/2022008_Weekend-at-Lake-Como-2-scaled.jpg 2048w\" sizes=\"auto, (max-width: 1170px) 100vw, 1170px\" \/><\/p>\n<p><img loading=\"lazy\" decoding=\"async\" class=\"aligncenter size-large wp-image-30604\" src=\"https:\/\/1001voyagesgourmands.com\/wp-content\/uploads\/2023\/09\/2022008_Weekend-at-Lake-Como-80-1170x1463.jpg\" alt=\"\" width=\"1170\" height=\"1463\" srcset=\"https:\/\/1001voyagesgourmands.com\/wp-content\/uploads\/2023\/09\/2022008_Weekend-at-Lake-Como-80-1170x1463.jpg 1170w, https:\/\/1001voyagesgourmands.com\/wp-content\/uploads\/2023\/09\/2022008_Weekend-at-Lake-Como-80-240x300.jpg 240w, https:\/\/1001voyagesgourmands.com\/wp-content\/uploads\/2023\/09\/2022008_Weekend-at-Lake-Como-80-768x960.jpg 768w, https:\/\/1001voyagesgourmands.com\/wp-content\/uploads\/2023\/09\/2022008_Weekend-at-Lake-Como-80-1229x1536.jpg 1229w, https:\/\/1001voyagesgourmands.com\/wp-content\/uploads\/2023\/09\/2022008_Weekend-at-Lake-Como-80-1638x2048.jpg 1638w, https:\/\/1001voyagesgourmands.com\/wp-content\/uploads\/2023\/09\/2022008_Weekend-at-Lake-Como-80-1920x2400.jpg 1920w, https:\/\/1001voyagesgourmands.com\/wp-content\/uploads\/2023\/09\/2022008_Weekend-at-Lake-Como-80-585x731.jpg 585w, https:\/\/1001voyagesgourmands.com\/wp-content\/uploads\/2023\/09\/2022008_Weekend-at-Lake-Como-80-scaled.jpg 2048w\" sizes=\"auto, (max-width: 1170px) 100vw, 1170px\" \/><\/p>\n<p><img loading=\"lazy\" decoding=\"async\" class=\"aligncenter size-large wp-image-30478\" src=\"https:\/\/1001voyagesgourmands.com\/wp-content\/uploads\/2023\/09\/2022008_Weekend-at-Lake-Como-3-1170x1463.jpg\" alt=\"\" width=\"1170\" height=\"1463\" srcset=\"https:\/\/1001voyagesgourmands.com\/wp-content\/uploads\/2023\/09\/2022008_Weekend-at-Lake-Como-3-1170x1463.jpg 1170w, https:\/\/1001voyagesgourmands.com\/wp-content\/uploads\/2023\/09\/2022008_Weekend-at-Lake-Como-3-240x300.jpg 240w, https:\/\/1001voyagesgourmands.com\/wp-content\/uploads\/2023\/09\/2022008_Weekend-at-Lake-Como-3-768x960.jpg 768w, https:\/\/1001voyagesgourmands.com\/wp-content\/uploads\/2023\/09\/2022008_Weekend-at-Lake-Como-3-1229x1536.jpg 1229w, https:\/\/1001voyagesgourmands.com\/wp-content\/uploads\/2023\/09\/2022008_Weekend-at-Lake-Como-3-1638x2048.jpg 1638w, https:\/\/1001voyagesgourmands.com\/wp-content\/uploads\/2023\/09\/2022008_Weekend-at-Lake-Como-3-1920x2400.jpg 1920w, https:\/\/1001voyagesgourmands.com\/wp-content\/uploads\/2023\/09\/2022008_Weekend-at-Lake-Como-3-585x731.jpg 585w, https:\/\/1001voyagesgourmands.com\/wp-content\/uploads\/2023\/09\/2022008_Weekend-at-Lake-Como-3-scaled.jpg 2048w\" sizes=\"auto, (max-width: 1170px) 100vw, 1170px\" \/><\/p>\n<p><img loading=\"lazy\" decoding=\"async\" class=\"aligncenter size-large wp-image-30480\" src=\"https:\/\/1001voyagesgourmands.com\/wp-content\/uploads\/2023\/09\/2022008_Weekend-at-Lake-Como-4-1170x1560.jpg\" alt=\"\" width=\"1170\" height=\"1560\" srcset=\"https:\/\/1001voyagesgourmands.com\/wp-content\/uploads\/2023\/09\/2022008_Weekend-at-Lake-Como-4-1170x1560.jpg 1170w, https:\/\/1001voyagesgourmands.com\/wp-content\/uploads\/2023\/09\/2022008_Weekend-at-Lake-Como-4-225x300.jpg 225w, https:\/\/1001voyagesgourmands.com\/wp-content\/uploads\/2023\/09\/2022008_Weekend-at-Lake-Como-4-768x1024.jpg 768w, https:\/\/1001voyagesgourmands.com\/wp-content\/uploads\/2023\/09\/2022008_Weekend-at-Lake-Como-4-1152x1536.jpg 1152w, https:\/\/1001voyagesgourmands.com\/wp-content\/uploads\/2023\/09\/2022008_Weekend-at-Lake-Como-4-1536x2048.jpg 1536w, https:\/\/1001voyagesgourmands.com\/wp-content\/uploads\/2023\/09\/2022008_Weekend-at-Lake-Como-4-scaled.jpg 1920w, https:\/\/1001voyagesgourmands.com\/wp-content\/uploads\/2023\/09\/2022008_Weekend-at-Lake-Como-4-585x780.jpg 585w\" sizes=\"auto, (max-width: 1170px) 100vw, 1170px\" \/><\/p>\n<p><img loading=\"lazy\" decoding=\"async\" class=\"aligncenter size-large wp-image-30465\" src=\"https:\/\/1001voyagesgourmands.com\/wp-content\/uploads\/2023\/07\/Weekend_Como_Lake-12-1170x781.jpg\" alt=\"\" width=\"1170\" height=\"781\" srcset=\"https:\/\/1001voyagesgourmands.com\/wp-content\/uploads\/2023\/07\/Weekend_Como_Lake-12-1170x781.jpg 1170w, https:\/\/1001voyagesgourmands.com\/wp-content\/uploads\/2023\/07\/Weekend_Como_Lake-12-300x200.jpg 300w, https:\/\/1001voyagesgourmands.com\/wp-content\/uploads\/2023\/07\/Weekend_Como_Lake-12-768x513.jpg 768w, https:\/\/1001voyagesgourmands.com\/wp-content\/uploads\/2023\/07\/Weekend_Como_Lake-12-1536x1025.jpg 1536w, https:\/\/1001voyagesgourmands.com\/wp-content\/uploads\/2023\/07\/Weekend_Como_Lake-12-2048x1367.jpg 2048w, https:\/\/1001voyagesgourmands.com\/wp-content\/uploads\/2023\/07\/Weekend_Como_Lake-12-1920x1281.jpg 1920w, https:\/\/1001voyagesgourmands.com\/wp-content\/uploads\/2023\/07\/Weekend_Como_Lake-12-585x390.jpg 585w, https:\/\/1001voyagesgourmands.com\/wp-content\/uploads\/2023\/07\/Weekend_Como_Lake-12-263x175.jpg 263w\" sizes=\"auto, (max-width: 1170px) 100vw, 1170px\" \/><\/p>\n<p><img loading=\"lazy\" decoding=\"async\" class=\"aligncenter wp-image-30522 size-large\" src=\"https:\/\/1001voyagesgourmands.com\/wp-content\/uploads\/2023\/09\/2022008_Weekend-at-Lake-Como-44-1170x1753.jpg\" alt=\"Na\u0161e lo\u0148sk\u00e9 letn\u00ed italsk\u00e9 pr\u00e1zdniny nemohly za\u010d\u00edt l\u00e9pe! Dnes to bude o tom, jak jsme tu str\u00e1vili v\u00edkend u jezera Como.\" width=\"1170\" height=\"1753\" srcset=\"https:\/\/1001voyagesgourmands.com\/wp-content\/uploads\/2023\/09\/2022008_Weekend-at-Lake-Como-44-1170x1753.jpg 1170w, https:\/\/1001voyagesgourmands.com\/wp-content\/uploads\/2023\/09\/2022008_Weekend-at-Lake-Como-44-200x300.jpg 200w, https:\/\/1001voyagesgourmands.com\/wp-content\/uploads\/2023\/09\/2022008_Weekend-at-Lake-Como-44-768x1151.jpg 768w, https:\/\/1001voyagesgourmands.com\/wp-content\/uploads\/2023\/09\/2022008_Weekend-at-Lake-Como-44-1025x1536.jpg 1025w, https:\/\/1001voyagesgourmands.com\/wp-content\/uploads\/2023\/09\/2022008_Weekend-at-Lake-Como-44-1367x2048.jpg 1367w, https:\/\/1001voyagesgourmands.com\/wp-content\/uploads\/2023\/09\/2022008_Weekend-at-Lake-Como-44-585x877.jpg 585w, https:\/\/1001voyagesgourmands.com\/wp-content\/uploads\/2023\/09\/2022008_Weekend-at-Lake-Como-44-scaled.jpg 1709w\" sizes=\"auto, (max-width: 1170px) 100vw, 1170px\" \/><\/p>\n<p><img loading=\"lazy\" decoding=\"async\" class=\"aligncenter size-large wp-image-30484\" src=\"https:\/\/1001voyagesgourmands.com\/wp-content\/uploads\/2023\/09\/2022008_Weekend-at-Lake-Como-6-1170x1753.jpg\" alt=\"Our summer holidays in Italy last year couldn't start better than with a weekend at Lake Como! Read more about how we spent two days here.\" width=\"1170\" height=\"1753\" srcset=\"https:\/\/1001voyagesgourmands.com\/wp-content\/uploads\/2023\/09\/2022008_Weekend-at-Lake-Como-6-1170x1753.jpg 1170w, https:\/\/1001voyagesgourmands.com\/wp-content\/uploads\/2023\/09\/2022008_Weekend-at-Lake-Como-6-200x300.jpg 200w, https:\/\/1001voyagesgourmands.com\/wp-content\/uploads\/2023\/09\/2022008_Weekend-at-Lake-Como-6-768x1151.jpg 768w, https:\/\/1001voyagesgourmands.com\/wp-content\/uploads\/2023\/09\/2022008_Weekend-at-Lake-Como-6-1025x1536.jpg 1025w, https:\/\/1001voyagesgourmands.com\/wp-content\/uploads\/2023\/09\/2022008_Weekend-at-Lake-Como-6-1367x2048.jpg 1367w, https:\/\/1001voyagesgourmands.com\/wp-content\/uploads\/2023\/09\/2022008_Weekend-at-Lake-Como-6-585x877.jpg 585w, https:\/\/1001voyagesgourmands.com\/wp-content\/uploads\/2023\/09\/2022008_Weekend-at-Lake-Como-6-scaled.jpg 1709w\" sizes=\"auto, (max-width: 1170px) 100vw, 1170px\" \/><\/p>\n<p><img loading=\"lazy\" decoding=\"async\" class=\"aligncenter size-large wp-image-30486\" src=\"https:\/\/1001voyagesgourmands.com\/wp-content\/uploads\/2023\/09\/2022008_Weekend-at-Lake-Como-7-1170x1753.jpg\" alt=\"\" width=\"1170\" height=\"1753\" srcset=\"https:\/\/1001voyagesgourmands.com\/wp-content\/uploads\/2023\/09\/2022008_Weekend-at-Lake-Como-7-1170x1753.jpg 1170w, https:\/\/1001voyagesgourmands.com\/wp-content\/uploads\/2023\/09\/2022008_Weekend-at-Lake-Como-7-200x300.jpg 200w, https:\/\/1001voyagesgourmands.com\/wp-content\/uploads\/2023\/09\/2022008_Weekend-at-Lake-Como-7-768x1151.jpg 768w, https:\/\/1001voyagesgourmands.com\/wp-content\/uploads\/2023\/09\/2022008_Weekend-at-Lake-Como-7-1025x1536.jpg 1025w, https:\/\/1001voyagesgourmands.com\/wp-content\/uploads\/2023\/09\/2022008_Weekend-at-Lake-Como-7-1367x2048.jpg 1367w, https:\/\/1001voyagesgourmands.com\/wp-content\/uploads\/2023\/09\/2022008_Weekend-at-Lake-Como-7-585x877.jpg 585w, https:\/\/1001voyagesgourmands.com\/wp-content\/uploads\/2023\/09\/2022008_Weekend-at-Lake-Como-7-scaled.jpg 1709w\" sizes=\"auto, (max-width: 1170px) 100vw, 1170px\" \/><\/p>\n<p><img loading=\"lazy\" decoding=\"async\" class=\"aligncenter size-large wp-image-30488\" src=\"https:\/\/1001voyagesgourmands.com\/wp-content\/uploads\/2023\/09\/2022008_Weekend-at-Lake-Como-8-1170x1753.jpg\" alt=\"\" width=\"1170\" height=\"1753\" srcset=\"https:\/\/1001voyagesgourmands.com\/wp-content\/uploads\/2023\/09\/2022008_Weekend-at-Lake-Como-8-1170x1753.jpg 1170w, https:\/\/1001voyagesgourmands.com\/wp-content\/uploads\/2023\/09\/2022008_Weekend-at-Lake-Como-8-200x300.jpg 200w, https:\/\/1001voyagesgourmands.com\/wp-content\/uploads\/2023\/09\/2022008_Weekend-at-Lake-Como-8-768x1151.jpg 768w, https:\/\/1001voyagesgourmands.com\/wp-content\/uploads\/2023\/09\/2022008_Weekend-at-Lake-Como-8-1025x1536.jpg 1025w, https:\/\/1001voyagesgourmands.com\/wp-content\/uploads\/2023\/09\/2022008_Weekend-at-Lake-Como-8-1367x2048.jpg 1367w, https:\/\/1001voyagesgourmands.com\/wp-content\/uploads\/2023\/09\/2022008_Weekend-at-Lake-Como-8-585x877.jpg 585w, https:\/\/1001voyagesgourmands.com\/wp-content\/uploads\/2023\/09\/2022008_Weekend-at-Lake-Como-8-scaled.jpg 1709w\" sizes=\"auto, (max-width: 1170px) 100vw, 1170px\" \/><\/p>\n<p><img loading=\"lazy\" decoding=\"async\" class=\"aligncenter size-large wp-image-30490\" src=\"https:\/\/1001voyagesgourmands.com\/wp-content\/uploads\/2023\/09\/2022008_Weekend-at-Lake-Como-9-1170x781.jpg\" alt=\"\" width=\"1170\" height=\"781\" srcset=\"https:\/\/1001voyagesgourmands.com\/wp-content\/uploads\/2023\/09\/2022008_Weekend-at-Lake-Como-9-1170x781.jpg 1170w, https:\/\/1001voyagesgourmands.com\/wp-content\/uploads\/2023\/09\/2022008_Weekend-at-Lake-Como-9-300x200.jpg 300w, https:\/\/1001voyagesgourmands.com\/wp-content\/uploads\/2023\/09\/2022008_Weekend-at-Lake-Como-9-768x513.jpg 768w, https:\/\/1001voyagesgourmands.com\/wp-content\/uploads\/2023\/09\/2022008_Weekend-at-Lake-Como-9-1536x1025.jpg 1536w, https:\/\/1001voyagesgourmands.com\/wp-content\/uploads\/2023\/09\/2022008_Weekend-at-Lake-Como-9-2048x1367.jpg 2048w, https:\/\/1001voyagesgourmands.com\/wp-content\/uploads\/2023\/09\/2022008_Weekend-at-Lake-Como-9-1920x1281.jpg 1920w, https:\/\/1001voyagesgourmands.com\/wp-content\/uploads\/2023\/09\/2022008_Weekend-at-Lake-Como-9-585x390.jpg 585w, https:\/\/1001voyagesgourmands.com\/wp-content\/uploads\/2023\/09\/2022008_Weekend-at-Lake-Como-9-263x175.jpg 263w\" sizes=\"auto, (max-width: 1170px) 100vw, 1170px\" \/><\/p>\n<p><img loading=\"lazy\" decoding=\"async\" class=\"aligncenter size-large wp-image-30492\" src=\"https:\/\/1001voyagesgourmands.com\/wp-content\/uploads\/2023\/09\/2022008_Weekend-at-Lake-Como-10-1170x1753.jpg\" alt=\"Our summer holidays in Italy last year couldn't start better than with a weekend at Lake Como! Read more about how we spent two days here.\" width=\"1170\" height=\"1753\" srcset=\"https:\/\/1001voyagesgourmands.com\/wp-content\/uploads\/2023\/09\/2022008_Weekend-at-Lake-Como-10-1170x1753.jpg 1170w, https:\/\/1001voyagesgourmands.com\/wp-content\/uploads\/2023\/09\/2022008_Weekend-at-Lake-Como-10-200x300.jpg 200w, https:\/\/1001voyagesgourmands.com\/wp-content\/uploads\/2023\/09\/2022008_Weekend-at-Lake-Como-10-768x1151.jpg 768w, https:\/\/1001voyagesgourmands.com\/wp-content\/uploads\/2023\/09\/2022008_Weekend-at-Lake-Como-10-1025x1536.jpg 1025w, https:\/\/1001voyagesgourmands.com\/wp-content\/uploads\/2023\/09\/2022008_Weekend-at-Lake-Como-10-1367x2048.jpg 1367w, https:\/\/1001voyagesgourmands.com\/wp-content\/uploads\/2023\/09\/2022008_Weekend-at-Lake-Como-10-585x877.jpg 585w, https:\/\/1001voyagesgourmands.com\/wp-content\/uploads\/2023\/09\/2022008_Weekend-at-Lake-Como-10-scaled.jpg 1709w\" sizes=\"auto, (max-width: 1170px) 100vw, 1170px\" \/><\/p>\n<p><img loading=\"lazy\" decoding=\"async\" class=\"aligncenter size-large wp-image-30534\" src=\"https:\/\/1001voyagesgourmands.com\/wp-content\/uploads\/2023\/09\/2022008_Weekend-at-Lake-Como-50-1170x1753.jpg\" alt=\"Our summer holidays in Italy last year couldn't start better than with a weekend at Lake Como! Read more about how we spent two days here.\" width=\"1170\" height=\"1753\" srcset=\"https:\/\/1001voyagesgourmands.com\/wp-content\/uploads\/2023\/09\/2022008_Weekend-at-Lake-Como-50-1170x1753.jpg 1170w, https:\/\/1001voyagesgourmands.com\/wp-content\/uploads\/2023\/09\/2022008_Weekend-at-Lake-Como-50-200x300.jpg 200w, https:\/\/1001voyagesgourmands.com\/wp-content\/uploads\/2023\/09\/2022008_Weekend-at-Lake-Como-50-768x1151.jpg 768w, https:\/\/1001voyagesgourmands.com\/wp-content\/uploads\/2023\/09\/2022008_Weekend-at-Lake-Como-50-1025x1536.jpg 1025w, https:\/\/1001voyagesgourmands.com\/wp-content\/uploads\/2023\/09\/2022008_Weekend-at-Lake-Como-50-1367x2048.jpg 1367w, https:\/\/1001voyagesgourmands.com\/wp-content\/uploads\/2023\/09\/2022008_Weekend-at-Lake-Como-50-585x877.jpg 585w, https:\/\/1001voyagesgourmands.com\/wp-content\/uploads\/2023\/09\/2022008_Weekend-at-Lake-Como-50-scaled.jpg 1709w\" sizes=\"auto, (max-width: 1170px) 100vw, 1170px\" \/><\/p>\n<p><img loading=\"lazy\" decoding=\"async\" class=\"aligncenter size-large wp-image-30536\" src=\"https:\/\/1001voyagesgourmands.com\/wp-content\/uploads\/2023\/09\/2022008_Weekend-at-Lake-Como-51-1170x781.jpg\" alt=\"Our summer holidays in Italy last year couldn't start better than with a weekend at Lake Como! Read more about how we spent two days here.\" width=\"1170\" height=\"781\" srcset=\"https:\/\/1001voyagesgourmands.com\/wp-content\/uploads\/2023\/09\/2022008_Weekend-at-Lake-Como-51-1170x781.jpg 1170w, https:\/\/1001voyagesgourmands.com\/wp-content\/uploads\/2023\/09\/2022008_Weekend-at-Lake-Como-51-300x200.jpg 300w, https:\/\/1001voyagesgourmands.com\/wp-content\/uploads\/2023\/09\/2022008_Weekend-at-Lake-Como-51-768x513.jpg 768w, https:\/\/1001voyagesgourmands.com\/wp-content\/uploads\/2023\/09\/2022008_Weekend-at-Lake-Como-51-1536x1025.jpg 1536w, https:\/\/1001voyagesgourmands.com\/wp-content\/uploads\/2023\/09\/2022008_Weekend-at-Lake-Como-51-2048x1367.jpg 2048w, https:\/\/1001voyagesgourmands.com\/wp-content\/uploads\/2023\/09\/2022008_Weekend-at-Lake-Como-51-1920x1281.jpg 1920w, https:\/\/1001voyagesgourmands.com\/wp-content\/uploads\/2023\/09\/2022008_Weekend-at-Lake-Como-51-585x390.jpg 585w, https:\/\/1001voyagesgourmands.com\/wp-content\/uploads\/2023\/09\/2022008_Weekend-at-Lake-Como-51-263x175.jpg 263w\" sizes=\"auto, (max-width: 1170px) 100vw, 1170px\" \/><\/p>\n<p><img loading=\"lazy\" decoding=\"async\" class=\"aligncenter size-large wp-image-30526\" src=\"https:\/\/1001voyagesgourmands.com\/wp-content\/uploads\/2023\/09\/2022008_Weekend-at-Lake-Como-46-1170x1753.jpg\" alt=\"\" width=\"1170\" height=\"1753\" srcset=\"https:\/\/1001voyagesgourmands.com\/wp-content\/uploads\/2023\/09\/2022008_Weekend-at-Lake-Como-46-1170x1753.jpg 1170w, https:\/\/1001voyagesgourmands.com\/wp-content\/uploads\/2023\/09\/2022008_Weekend-at-Lake-Como-46-200x300.jpg 200w, https:\/\/1001voyagesgourmands.com\/wp-content\/uploads\/2023\/09\/2022008_Weekend-at-Lake-Como-46-768x1151.jpg 768w, https:\/\/1001voyagesgourmands.com\/wp-content\/uploads\/2023\/09\/2022008_Weekend-at-Lake-Como-46-1025x1536.jpg 1025w, https:\/\/1001voyagesgourmands.com\/wp-content\/uploads\/2023\/09\/2022008_Weekend-at-Lake-Como-46-1367x2048.jpg 1367w, https:\/\/1001voyagesgourmands.com\/wp-content\/uploads\/2023\/09\/2022008_Weekend-at-Lake-Como-46-585x877.jpg 585w, https:\/\/1001voyagesgourmands.com\/wp-content\/uploads\/2023\/09\/2022008_Weekend-at-Lake-Como-46-scaled.jpg 1709w\" sizes=\"auto, (max-width: 1170px) 100vw, 1170px\" \/><\/p>\n<p><img loading=\"lazy\" decoding=\"async\" class=\"aligncenter size-large wp-image-30576\" src=\"https:\/\/1001voyagesgourmands.com\/wp-content\/uploads\/2023\/09\/2022008_Weekend-at-Lake-Como-20-1170x1562.jpg\" alt=\"\" width=\"1170\" height=\"1562\" srcset=\"https:\/\/1001voyagesgourmands.com\/wp-content\/uploads\/2023\/09\/2022008_Weekend-at-Lake-Como-20-1170x1562.jpg 1170w, https:\/\/1001voyagesgourmands.com\/wp-content\/uploads\/2023\/09\/2022008_Weekend-at-Lake-Como-20-225x300.jpg 225w, https:\/\/1001voyagesgourmands.com\/wp-content\/uploads\/2023\/09\/2022008_Weekend-at-Lake-Como-20-768x1026.jpg 768w, https:\/\/1001voyagesgourmands.com\/wp-content\/uploads\/2023\/09\/2022008_Weekend-at-Lake-Como-20-1150x1536.jpg 1150w, https:\/\/1001voyagesgourmands.com\/wp-content\/uploads\/2023\/09\/2022008_Weekend-at-Lake-Como-20-1534x2048.jpg 1534w, https:\/\/1001voyagesgourmands.com\/wp-content\/uploads\/2023\/09\/2022008_Weekend-at-Lake-Como-20-1920x2564.jpg 1920w, https:\/\/1001voyagesgourmands.com\/wp-content\/uploads\/2023\/09\/2022008_Weekend-at-Lake-Como-20-585x781.jpg 585w, https:\/\/1001voyagesgourmands.com\/wp-content\/uploads\/2023\/09\/2022008_Weekend-at-Lake-Como-20-scaled.jpg 1917w\" sizes=\"auto, (max-width: 1170px) 100vw, 1170px\" \/><\/p>\n<p><img loading=\"lazy\" decoding=\"async\" class=\"aligncenter wp-image-30494 size-large\" src=\"https:\/\/1001voyagesgourmands.com\/wp-content\/uploads\/2023\/09\/2022008_Weekend-at-Lake-Como-11-1170x1753.jpg\" alt=\"Na\u0161e lo\u0148sk\u00e9 letn\u00ed italsk\u00e9 pr\u00e1zdniny nemohly za\u010d\u00edt l\u00e9pe! Dnes to bude o tom, jak jsme tu str\u00e1vili v\u00edkend u jezera Como.\" width=\"1170\" height=\"1753\" srcset=\"https:\/\/1001voyagesgourmands.com\/wp-content\/uploads\/2023\/09\/2022008_Weekend-at-Lake-Como-11-1170x1753.jpg 1170w, https:\/\/1001voyagesgourmands.com\/wp-content\/uploads\/2023\/09\/2022008_Weekend-at-Lake-Como-11-200x300.jpg 200w, https:\/\/1001voyagesgourmands.com\/wp-content\/uploads\/2023\/09\/2022008_Weekend-at-Lake-Como-11-768x1151.jpg 768w, https:\/\/1001voyagesgourmands.com\/wp-content\/uploads\/2023\/09\/2022008_Weekend-at-Lake-Como-11-1025x1536.jpg 1025w, https:\/\/1001voyagesgourmands.com\/wp-content\/uploads\/2023\/09\/2022008_Weekend-at-Lake-Como-11-1367x2048.jpg 1367w, https:\/\/1001voyagesgourmands.com\/wp-content\/uploads\/2023\/09\/2022008_Weekend-at-Lake-Como-11-585x877.jpg 585w, https:\/\/1001voyagesgourmands.com\/wp-content\/uploads\/2023\/09\/2022008_Weekend-at-Lake-Como-11-scaled.jpg 1709w\" sizes=\"auto, (max-width: 1170px) 100vw, 1170px\" \/><\/p>\n<p><img loading=\"lazy\" decoding=\"async\" class=\"aligncenter size-large wp-image-30496\" src=\"https:\/\/1001voyagesgourmands.com\/wp-content\/uploads\/2023\/09\/2022008_Weekend-at-Lake-Como-12-1170x1753.jpg\" alt=\"\" width=\"1170\" height=\"1753\" srcset=\"https:\/\/1001voyagesgourmands.com\/wp-content\/uploads\/2023\/09\/2022008_Weekend-at-Lake-Como-12-1170x1753.jpg 1170w, https:\/\/1001voyagesgourmands.com\/wp-content\/uploads\/2023\/09\/2022008_Weekend-at-Lake-Como-12-200x300.jpg 200w, https:\/\/1001voyagesgourmands.com\/wp-content\/uploads\/2023\/09\/2022008_Weekend-at-Lake-Como-12-768x1151.jpg 768w, https:\/\/1001voyagesgourmands.com\/wp-content\/uploads\/2023\/09\/2022008_Weekend-at-Lake-Como-12-1025x1536.jpg 1025w, https:\/\/1001voyagesgourmands.com\/wp-content\/uploads\/2023\/09\/2022008_Weekend-at-Lake-Como-12-1367x2048.jpg 1367w, https:\/\/1001voyagesgourmands.com\/wp-content\/uploads\/2023\/09\/2022008_Weekend-at-Lake-Como-12-585x877.jpg 585w, https:\/\/1001voyagesgourmands.com\/wp-content\/uploads\/2023\/09\/2022008_Weekend-at-Lake-Como-12-scaled.jpg 1709w\" sizes=\"auto, (max-width: 1170px) 100vw, 1170px\" \/><\/p>\n<p><img loading=\"lazy\" decoding=\"async\" class=\"aligncenter size-large wp-image-30498\" src=\"https:\/\/1001voyagesgourmands.com\/wp-content\/uploads\/2023\/09\/2022008_Weekend-at-Lake-Como-13-1170x1753.jpg\" alt=\"\" width=\"1170\" height=\"1753\" srcset=\"https:\/\/1001voyagesgourmands.com\/wp-content\/uploads\/2023\/09\/2022008_Weekend-at-Lake-Como-13-1170x1753.jpg 1170w, https:\/\/1001voyagesgourmands.com\/wp-content\/uploads\/2023\/09\/2022008_Weekend-at-Lake-Como-13-200x300.jpg 200w, https:\/\/1001voyagesgourmands.com\/wp-content\/uploads\/2023\/09\/2022008_Weekend-at-Lake-Como-13-768x1151.jpg 768w, https:\/\/1001voyagesgourmands.com\/wp-content\/uploads\/2023\/09\/2022008_Weekend-at-Lake-Como-13-1025x1536.jpg 1025w, https:\/\/1001voyagesgourmands.com\/wp-content\/uploads\/2023\/09\/2022008_Weekend-at-Lake-Como-13-1367x2048.jpg 1367w, https:\/\/1001voyagesgourmands.com\/wp-content\/uploads\/2023\/09\/2022008_Weekend-at-Lake-Como-13-585x877.jpg 585w, https:\/\/1001voyagesgourmands.com\/wp-content\/uploads\/2023\/09\/2022008_Weekend-at-Lake-Como-13-scaled.jpg 1709w\" sizes=\"auto, (max-width: 1170px) 100vw, 1170px\" \/><\/p>\n<p><img loading=\"lazy\" decoding=\"async\" class=\"aligncenter size-large wp-image-30502\" src=\"https:\/\/1001voyagesgourmands.com\/wp-content\/uploads\/2023\/09\/2022008_Weekend-at-Lake-Como-15-1170x1753.jpg\" alt=\"\" width=\"1170\" height=\"1753\" srcset=\"https:\/\/1001voyagesgourmands.com\/wp-content\/uploads\/2023\/09\/2022008_Weekend-at-Lake-Como-15-1170x1753.jpg 1170w, https:\/\/1001voyagesgourmands.com\/wp-content\/uploads\/2023\/09\/2022008_Weekend-at-Lake-Como-15-200x300.jpg 200w, https:\/\/1001voyagesgourmands.com\/wp-content\/uploads\/2023\/09\/2022008_Weekend-at-Lake-Como-15-768x1151.jpg 768w, https:\/\/1001voyagesgourmands.com\/wp-content\/uploads\/2023\/09\/2022008_Weekend-at-Lake-Como-15-1025x1536.jpg 1025w, https:\/\/1001voyagesgourmands.com\/wp-content\/uploads\/2023\/09\/2022008_Weekend-at-Lake-Como-15-1367x2048.jpg 1367w, https:\/\/1001voyagesgourmands.com\/wp-content\/uploads\/2023\/09\/2022008_Weekend-at-Lake-Como-15-585x877.jpg 585w, https:\/\/1001voyagesgourmands.com\/wp-content\/uploads\/2023\/09\/2022008_Weekend-at-Lake-Como-15-scaled.jpg 1709w\" sizes=\"auto, (max-width: 1170px) 100vw, 1170px\" \/><\/p>\n<p><img loading=\"lazy\" decoding=\"async\" class=\"aligncenter size-large wp-image-30504\" src=\"https:\/\/1001voyagesgourmands.com\/wp-content\/uploads\/2023\/09\/2022008_Weekend-at-Lake-Como-16-1170x1753.jpg\" alt=\"\" width=\"1170\" height=\"1753\" srcset=\"https:\/\/1001voyagesgourmands.com\/wp-content\/uploads\/2023\/09\/2022008_Weekend-at-Lake-Como-16-1170x1753.jpg 1170w, https:\/\/1001voyagesgourmands.com\/wp-content\/uploads\/2023\/09\/2022008_Weekend-at-Lake-Como-16-200x300.jpg 200w, https:\/\/1001voyagesgourmands.com\/wp-content\/uploads\/2023\/09\/2022008_Weekend-at-Lake-Como-16-768x1151.jpg 768w, https:\/\/1001voyagesgourmands.com\/wp-content\/uploads\/2023\/09\/2022008_Weekend-at-Lake-Como-16-1025x1536.jpg 1025w, https:\/\/1001voyagesgourmands.com\/wp-content\/uploads\/2023\/09\/2022008_Weekend-at-Lake-Como-16-1367x2048.jpg 1367w, https:\/\/1001voyagesgourmands.com\/wp-content\/uploads\/2023\/09\/2022008_Weekend-at-Lake-Como-16-585x877.jpg 585w, https:\/\/1001voyagesgourmands.com\/wp-content\/uploads\/2023\/09\/2022008_Weekend-at-Lake-Como-16-scaled.jpg 1709w\" sizes=\"auto, (max-width: 1170px) 100vw, 1170px\" \/><\/p>\n<p><img loading=\"lazy\" decoding=\"async\" class=\"aligncenter size-large wp-image-30572\" src=\"https:\/\/1001voyagesgourmands.com\/wp-content\/uploads\/2023\/09\/2022008_Weekend-at-Lake-Como-18-1170x1753.jpg\" alt=\"\" width=\"1170\" height=\"1753\" srcset=\"https:\/\/1001voyagesgourmands.com\/wp-content\/uploads\/2023\/09\/2022008_Weekend-at-Lake-Como-18-1170x1753.jpg 1170w, https:\/\/1001voyagesgourmands.com\/wp-content\/uploads\/2023\/09\/2022008_Weekend-at-Lake-Como-18-200x300.jpg 200w, https:\/\/1001voyagesgourmands.com\/wp-content\/uploads\/2023\/09\/2022008_Weekend-at-Lake-Como-18-768x1151.jpg 768w, https:\/\/1001voyagesgourmands.com\/wp-content\/uploads\/2023\/09\/2022008_Weekend-at-Lake-Como-18-1025x1536.jpg 1025w, https:\/\/1001voyagesgourmands.com\/wp-content\/uploads\/2023\/09\/2022008_Weekend-at-Lake-Como-18-1367x2048.jpg 1367w, https:\/\/1001voyagesgourmands.com\/wp-content\/uploads\/2023\/09\/2022008_Weekend-at-Lake-Como-18-585x877.jpg 585w, https:\/\/1001voyagesgourmands.com\/wp-content\/uploads\/2023\/09\/2022008_Weekend-at-Lake-Como-18-scaled.jpg 1709w\" sizes=\"auto, (max-width: 1170px) 100vw, 1170px\" \/><\/p>\n<p><img loading=\"lazy\" decoding=\"async\" class=\"aligncenter size-large wp-image-30580\" src=\"https:\/\/1001voyagesgourmands.com\/wp-content\/uploads\/2023\/09\/2022008_Weekend-at-Lake-Como-23-1170x1560.jpg\" alt=\"\" width=\"1170\" height=\"1560\" srcset=\"https:\/\/1001voyagesgourmands.com\/wp-content\/uploads\/2023\/09\/2022008_Weekend-at-Lake-Como-23-1170x1560.jpg 1170w, https:\/\/1001voyagesgourmands.com\/wp-content\/uploads\/2023\/09\/2022008_Weekend-at-Lake-Como-23-225x300.jpg 225w, https:\/\/1001voyagesgourmands.com\/wp-content\/uploads\/2023\/09\/2022008_Weekend-at-Lake-Como-23-768x1024.jpg 768w, https:\/\/1001voyagesgourmands.com\/wp-content\/uploads\/2023\/09\/2022008_Weekend-at-Lake-Como-23-1152x1536.jpg 1152w, https:\/\/1001voyagesgourmands.com\/wp-content\/uploads\/2023\/09\/2022008_Weekend-at-Lake-Como-23-1536x2048.jpg 1536w, https:\/\/1001voyagesgourmands.com\/wp-content\/uploads\/2023\/09\/2022008_Weekend-at-Lake-Como-23-scaled.jpg 1920w, https:\/\/1001voyagesgourmands.com\/wp-content\/uploads\/2023\/09\/2022008_Weekend-at-Lake-Como-23-585x780.jpg 585w\" sizes=\"auto, (max-width: 1170px) 100vw, 1170px\" \/><\/p>\n<p><img loading=\"lazy\" decoding=\"async\" class=\"aligncenter size-large wp-image-30582\" src=\"https:\/\/1001voyagesgourmands.com\/wp-content\/uploads\/2023\/09\/2022008_Weekend-at-Lake-Como-24-1170x1560.jpg\" alt=\"\" width=\"1170\" height=\"1560\" srcset=\"https:\/\/1001voyagesgourmands.com\/wp-content\/uploads\/2023\/09\/2022008_Weekend-at-Lake-Como-24-1170x1560.jpg 1170w, https:\/\/1001voyagesgourmands.com\/wp-content\/uploads\/2023\/09\/2022008_Weekend-at-Lake-Como-24-225x300.jpg 225w, https:\/\/1001voyagesgourmands.com\/wp-content\/uploads\/2023\/09\/2022008_Weekend-at-Lake-Como-24-768x1024.jpg 768w, https:\/\/1001voyagesgourmands.com\/wp-content\/uploads\/2023\/09\/2022008_Weekend-at-Lake-Como-24-1152x1536.jpg 1152w, https:\/\/1001voyagesgourmands.com\/wp-content\/uploads\/2023\/09\/2022008_Weekend-at-Lake-Como-24-1536x2048.jpg 1536w, https:\/\/1001voyagesgourmands.com\/wp-content\/uploads\/2023\/09\/2022008_Weekend-at-Lake-Como-24-scaled.jpg 1920w, https:\/\/1001voyagesgourmands.com\/wp-content\/uploads\/2023\/09\/2022008_Weekend-at-Lake-Como-24-585x780.jpg 585w\" sizes=\"auto, (max-width: 1170px) 100vw, 1170px\" \/><\/p>\n<p><img loading=\"lazy\" decoding=\"async\" class=\"aligncenter size-large wp-image-30584\" src=\"https:\/\/1001voyagesgourmands.com\/wp-content\/uploads\/2023\/09\/2022008_Weekend-at-Lake-Como-25-1170x1753.jpg\" alt=\"Our summer holidays in Italy last year couldn't start better than with a weekend at Lake Como! Read more about how we spent two days here.\" width=\"1170\" height=\"1753\" srcset=\"https:\/\/1001voyagesgourmands.com\/wp-content\/uploads\/2023\/09\/2022008_Weekend-at-Lake-Como-25-1170x1753.jpg 1170w, https:\/\/1001voyagesgourmands.com\/wp-content\/uploads\/2023\/09\/2022008_Weekend-at-Lake-Como-25-200x300.jpg 200w, https:\/\/1001voyagesgourmands.com\/wp-content\/uploads\/2023\/09\/2022008_Weekend-at-Lake-Como-25-768x1151.jpg 768w, https:\/\/1001voyagesgourmands.com\/wp-content\/uploads\/2023\/09\/2022008_Weekend-at-Lake-Como-25-1025x1536.jpg 1025w, https:\/\/1001voyagesgourmands.com\/wp-content\/uploads\/2023\/09\/2022008_Weekend-at-Lake-Como-25-1367x2048.jpg 1367w, https:\/\/1001voyagesgourmands.com\/wp-content\/uploads\/2023\/09\/2022008_Weekend-at-Lake-Como-25-585x877.jpg 585w, https:\/\/1001voyagesgourmands.com\/wp-content\/uploads\/2023\/09\/2022008_Weekend-at-Lake-Como-25-scaled.jpg 1709w\" sizes=\"auto, (max-width: 1170px) 100vw, 1170px\" \/><\/p>\n<p><img loading=\"lazy\" decoding=\"async\" class=\"aligncenter size-large wp-image-30588\" src=\"https:\/\/1001voyagesgourmands.com\/wp-content\/uploads\/2023\/09\/2022008_Weekend-at-Lake-Como-27-1170x1560.jpg\" alt=\"\" width=\"1170\" height=\"1560\" srcset=\"https:\/\/1001voyagesgourmands.com\/wp-content\/uploads\/2023\/09\/2022008_Weekend-at-Lake-Como-27-1170x1560.jpg 1170w, https:\/\/1001voyagesgourmands.com\/wp-content\/uploads\/2023\/09\/2022008_Weekend-at-Lake-Como-27-225x300.jpg 225w, https:\/\/1001voyagesgourmands.com\/wp-content\/uploads\/2023\/09\/2022008_Weekend-at-Lake-Como-27-768x1024.jpg 768w, https:\/\/1001voyagesgourmands.com\/wp-content\/uploads\/2023\/09\/2022008_Weekend-at-Lake-Como-27-1152x1536.jpg 1152w, https:\/\/1001voyagesgourmands.com\/wp-content\/uploads\/2023\/09\/2022008_Weekend-at-Lake-Como-27-1536x2048.jpg 1536w, https:\/\/1001voyagesgourmands.com\/wp-content\/uploads\/2023\/09\/2022008_Weekend-at-Lake-Como-27-scaled.jpg 1920w, https:\/\/1001voyagesgourmands.com\/wp-content\/uploads\/2023\/09\/2022008_Weekend-at-Lake-Como-27-585x780.jpg 585w\" sizes=\"auto, (max-width: 1170px) 100vw, 1170px\" \/><\/p>\n<p><img loading=\"lazy\" decoding=\"async\" class=\"aligncenter size-large wp-image-30590\" src=\"https:\/\/1001voyagesgourmands.com\/wp-content\/uploads\/2023\/09\/2022008_Weekend-at-Lake-Como-28-1170x1560.jpg\" alt=\"Our summer holidays in Italy last year couldn't start better than with a weekend at Lake Como! Read more about how we spent two days here.\" width=\"1170\" height=\"1560\" srcset=\"https:\/\/1001voyagesgourmands.com\/wp-content\/uploads\/2023\/09\/2022008_Weekend-at-Lake-Como-28-1170x1560.jpg 1170w, https:\/\/1001voyagesgourmands.com\/wp-content\/uploads\/2023\/09\/2022008_Weekend-at-Lake-Como-28-225x300.jpg 225w, https:\/\/1001voyagesgourmands.com\/wp-content\/uploads\/2023\/09\/2022008_Weekend-at-Lake-Como-28-768x1024.jpg 768w, https:\/\/1001voyagesgourmands.com\/wp-content\/uploads\/2023\/09\/2022008_Weekend-at-Lake-Como-28-1152x1536.jpg 1152w, https:\/\/1001voyagesgourmands.com\/wp-content\/uploads\/2023\/09\/2022008_Weekend-at-Lake-Como-28-1536x2048.jpg 1536w, https:\/\/1001voyagesgourmands.com\/wp-content\/uploads\/2023\/09\/2022008_Weekend-at-Lake-Como-28-scaled.jpg 1920w, https:\/\/1001voyagesgourmands.com\/wp-content\/uploads\/2023\/09\/2022008_Weekend-at-Lake-Como-28-585x780.jpg 585w\" sizes=\"auto, (max-width: 1170px) 100vw, 1170px\" \/><\/p>\n<p><img loading=\"lazy\" decoding=\"async\" class=\"aligncenter size-large wp-image-30592\" src=\"https:\/\/1001voyagesgourmands.com\/wp-content\/uploads\/2023\/09\/2022008_Weekend-at-Lake-Como-29-1170x1584.jpg\" alt=\"\" width=\"1170\" height=\"1584\" srcset=\"https:\/\/1001voyagesgourmands.com\/wp-content\/uploads\/2023\/09\/2022008_Weekend-at-Lake-Como-29-1170x1584.jpg 1170w, https:\/\/1001voyagesgourmands.com\/wp-content\/uploads\/2023\/09\/2022008_Weekend-at-Lake-Como-29-222x300.jpg 222w, https:\/\/1001voyagesgourmands.com\/wp-content\/uploads\/2023\/09\/2022008_Weekend-at-Lake-Como-29-768x1040.jpg 768w, https:\/\/1001voyagesgourmands.com\/wp-content\/uploads\/2023\/09\/2022008_Weekend-at-Lake-Como-29-1134x1536.jpg 1134w, https:\/\/1001voyagesgourmands.com\/wp-content\/uploads\/2023\/09\/2022008_Weekend-at-Lake-Como-29-1512x2048.jpg 1512w, https:\/\/1001voyagesgourmands.com\/wp-content\/uploads\/2023\/09\/2022008_Weekend-at-Lake-Como-29-1920x2600.jpg 1920w, https:\/\/1001voyagesgourmands.com\/wp-content\/uploads\/2023\/09\/2022008_Weekend-at-Lake-Como-29-585x792.jpg 585w, https:\/\/1001voyagesgourmands.com\/wp-content\/uploads\/2023\/09\/2022008_Weekend-at-Lake-Como-29-480x650.jpg 480w, https:\/\/1001voyagesgourmands.com\/wp-content\/uploads\/2023\/09\/2022008_Weekend-at-Lake-Como-29-scaled.jpg 1891w\" sizes=\"auto, (max-width: 1170px) 100vw, 1170px\" \/><\/p>\n<p><img loading=\"lazy\" decoding=\"async\" class=\"aligncenter size-large wp-image-30594\" src=\"https:\/\/1001voyagesgourmands.com\/wp-content\/uploads\/2023\/09\/2022008_Weekend-at-Lake-Como-30-1170x1560.jpg\" alt=\"\" width=\"1170\" height=\"1560\" srcset=\"https:\/\/1001voyagesgourmands.com\/wp-content\/uploads\/2023\/09\/2022008_Weekend-at-Lake-Como-30-1170x1560.jpg 1170w, https:\/\/1001voyagesgourmands.com\/wp-content\/uploads\/2023\/09\/2022008_Weekend-at-Lake-Como-30-225x300.jpg 225w, https:\/\/1001voyagesgourmands.com\/wp-content\/uploads\/2023\/09\/2022008_Weekend-at-Lake-Como-30-768x1024.jpg 768w, https:\/\/1001voyagesgourmands.com\/wp-content\/uploads\/2023\/09\/2022008_Weekend-at-Lake-Como-30-1152x1536.jpg 1152w, https:\/\/1001voyagesgourmands.com\/wp-content\/uploads\/2023\/09\/2022008_Weekend-at-Lake-Como-30-1536x2048.jpg 1536w, https:\/\/1001voyagesgourmands.com\/wp-content\/uploads\/2023\/09\/2022008_Weekend-at-Lake-Como-30-scaled.jpg 1920w, https:\/\/1001voyagesgourmands.com\/wp-content\/uploads\/2023\/09\/2022008_Weekend-at-Lake-Como-30-585x780.jpg 585w\" sizes=\"auto, (max-width: 1170px) 100vw, 1170px\" \/><\/p>\n<p><img loading=\"lazy\" decoding=\"async\" class=\"aligncenter size-large wp-image-30596\" src=\"https:\/\/1001voyagesgourmands.com\/wp-content\/uploads\/2023\/09\/2022008_Weekend-at-Lake-Como-31-1170x1560.jpg\" alt=\"\" width=\"1170\" height=\"1560\" srcset=\"https:\/\/1001voyagesgourmands.com\/wp-content\/uploads\/2023\/09\/2022008_Weekend-at-Lake-Como-31-1170x1560.jpg 1170w, https:\/\/1001voyagesgourmands.com\/wp-content\/uploads\/2023\/09\/2022008_Weekend-at-Lake-Como-31-225x300.jpg 225w, https:\/\/1001voyagesgourmands.com\/wp-content\/uploads\/2023\/09\/2022008_Weekend-at-Lake-Como-31-768x1024.jpg 768w, https:\/\/1001voyagesgourmands.com\/wp-content\/uploads\/2023\/09\/2022008_Weekend-at-Lake-Como-31-1152x1536.jpg 1152w, https:\/\/1001voyagesgourmands.com\/wp-content\/uploads\/2023\/09\/2022008_Weekend-at-Lake-Como-31-1536x2048.jpg 1536w, https:\/\/1001voyagesgourmands.com\/wp-content\/uploads\/2023\/09\/2022008_Weekend-at-Lake-Como-31-scaled.jpg 1920w, https:\/\/1001voyagesgourmands.com\/wp-content\/uploads\/2023\/09\/2022008_Weekend-at-Lake-Como-31-585x780.jpg 585w\" sizes=\"auto, (max-width: 1170px) 100vw, 1170px\" \/><\/p>\n<p><img loading=\"lazy\" decoding=\"async\" class=\"aligncenter size-large wp-image-30598\" src=\"https:\/\/1001voyagesgourmands.com\/wp-content\/uploads\/2023\/09\/2022008_Weekend-at-Lake-Como-32-1170x1560.jpg\" alt=\"\" width=\"1170\" height=\"1560\" srcset=\"https:\/\/1001voyagesgourmands.com\/wp-content\/uploads\/2023\/09\/2022008_Weekend-at-Lake-Como-32-1170x1560.jpg 1170w, https:\/\/1001voyagesgourmands.com\/wp-content\/uploads\/2023\/09\/2022008_Weekend-at-Lake-Como-32-225x300.jpg 225w, https:\/\/1001voyagesgourmands.com\/wp-content\/uploads\/2023\/09\/2022008_Weekend-at-Lake-Como-32-768x1024.jpg 768w, https:\/\/1001voyagesgourmands.com\/wp-content\/uploads\/2023\/09\/2022008_Weekend-at-Lake-Como-32-1152x1536.jpg 1152w, https:\/\/1001voyagesgourmands.com\/wp-content\/uploads\/2023\/09\/2022008_Weekend-at-Lake-Como-32-1536x2048.jpg 1536w, https:\/\/1001voyagesgourmands.com\/wp-content\/uploads\/2023\/09\/2022008_Weekend-at-Lake-Como-32-scaled.jpg 1920w, https:\/\/1001voyagesgourmands.com\/wp-content\/uploads\/2023\/09\/2022008_Weekend-at-Lake-Como-32-585x780.jpg 585w\" sizes=\"auto, (max-width: 1170px) 100vw, 1170px\" \/><\/p>\n<p><img loading=\"lazy\" decoding=\"async\" class=\"aligncenter wp-image-30506 size-large\" src=\"https:\/\/1001voyagesgourmands.com\/wp-content\/uploads\/2023\/09\/2022008_Weekend-at-Lake-Como-36-1170x1753.jpg\" alt=\"Na\u0161e lo\u0148sk\u00e9 letn\u00ed italsk\u00e9 pr\u00e1zdniny nemohly za\u010d\u00edt l\u00e9pe! Dnes to bude o tom, jak jsme tu str\u00e1vili v\u00edkend u jezera Como.\" width=\"1170\" height=\"1753\" srcset=\"https:\/\/1001voyagesgourmands.com\/wp-content\/uploads\/2023\/09\/2022008_Weekend-at-Lake-Como-36-1170x1753.jpg 1170w, https:\/\/1001voyagesgourmands.com\/wp-content\/uploads\/2023\/09\/2022008_Weekend-at-Lake-Como-36-200x300.jpg 200w, https:\/\/1001voyagesgourmands.com\/wp-content\/uploads\/2023\/09\/2022008_Weekend-at-Lake-Como-36-768x1151.jpg 768w, https:\/\/1001voyagesgourmands.com\/wp-content\/uploads\/2023\/09\/2022008_Weekend-at-Lake-Como-36-1025x1536.jpg 1025w, https:\/\/1001voyagesgourmands.com\/wp-content\/uploads\/2023\/09\/2022008_Weekend-at-Lake-Como-36-1367x2048.jpg 1367w, https:\/\/1001voyagesgourmands.com\/wp-content\/uploads\/2023\/09\/2022008_Weekend-at-Lake-Como-36-585x877.jpg 585w, https:\/\/1001voyagesgourmands.com\/wp-content\/uploads\/2023\/09\/2022008_Weekend-at-Lake-Como-36-scaled.jpg 1709w\" sizes=\"auto, (max-width: 1170px) 100vw, 1170px\" \/><\/p>\n<p><img loading=\"lazy\" decoding=\"async\" class=\"aligncenter size-large wp-image-30516\" src=\"https:\/\/1001voyagesgourmands.com\/wp-content\/uploads\/2023\/09\/2022008_Weekend-at-Lake-Como-41-1170x1753.jpg\" alt=\"\" width=\"1170\" height=\"1753\" srcset=\"https:\/\/1001voyagesgourmands.com\/wp-content\/uploads\/2023\/09\/2022008_Weekend-at-Lake-Como-41-1170x1753.jpg 1170w, https:\/\/1001voyagesgourmands.com\/wp-content\/uploads\/2023\/09\/2022008_Weekend-at-Lake-Como-41-200x300.jpg 200w, https:\/\/1001voyagesgourmands.com\/wp-content\/uploads\/2023\/09\/2022008_Weekend-at-Lake-Como-41-768x1151.jpg 768w, https:\/\/1001voyagesgourmands.com\/wp-content\/uploads\/2023\/09\/2022008_Weekend-at-Lake-Como-41-1025x1536.jpg 1025w, https:\/\/1001voyagesgourmands.com\/wp-content\/uploads\/2023\/09\/2022008_Weekend-at-Lake-Como-41-1367x2048.jpg 1367w, https:\/\/1001voyagesgourmands.com\/wp-content\/uploads\/2023\/09\/2022008_Weekend-at-Lake-Como-41-585x877.jpg 585w, https:\/\/1001voyagesgourmands.com\/wp-content\/uploads\/2023\/09\/2022008_Weekend-at-Lake-Como-41-scaled.jpg 1709w\" sizes=\"auto, (max-width: 1170px) 100vw, 1170px\" \/><\/p>\n<p><img loading=\"lazy\" decoding=\"async\" class=\"aligncenter wp-image-30508 size-large\" src=\"https:\/\/1001voyagesgourmands.com\/wp-content\/uploads\/2023\/09\/2022008_Weekend-at-Lake-Como-37-1170x1753.jpg\" alt=\"Na\u0161e lo\u0148sk\u00e9 letn\u00ed italsk\u00e9 pr\u00e1zdniny nemohly za\u010d\u00edt l\u00e9pe! Dnes to bude o tom, jak jsme tu str\u00e1vili v\u00edkend u jezera Como.\" width=\"1170\" height=\"1753\" srcset=\"https:\/\/1001voyagesgourmands.com\/wp-content\/uploads\/2023\/09\/2022008_Weekend-at-Lake-Como-37-1170x1753.jpg 1170w, https:\/\/1001voyagesgourmands.com\/wp-content\/uploads\/2023\/09\/2022008_Weekend-at-Lake-Como-37-200x300.jpg 200w, https:\/\/1001voyagesgourmands.com\/wp-content\/uploads\/2023\/09\/2022008_Weekend-at-Lake-Como-37-768x1151.jpg 768w, https:\/\/1001voyagesgourmands.com\/wp-content\/uploads\/2023\/09\/2022008_Weekend-at-Lake-Como-37-1025x1536.jpg 1025w, https:\/\/1001voyagesgourmands.com\/wp-content\/uploads\/2023\/09\/2022008_Weekend-at-Lake-Como-37-1367x2048.jpg 1367w, https:\/\/1001voyagesgourmands.com\/wp-content\/uploads\/2023\/09\/2022008_Weekend-at-Lake-Como-37-585x877.jpg 585w, https:\/\/1001voyagesgourmands.com\/wp-content\/uploads\/2023\/09\/2022008_Weekend-at-Lake-Como-37-scaled.jpg 1709w\" sizes=\"auto, (max-width: 1170px) 100vw, 1170px\" \/><\/p>\n<p><img loading=\"lazy\" decoding=\"async\" class=\"aligncenter size-large wp-image-30510\" src=\"https:\/\/1001voyagesgourmands.com\/wp-content\/uploads\/2023\/09\/2022008_Weekend-at-Lake-Como-38-1170x1753.jpg\" alt=\"\" width=\"1170\" height=\"1753\" srcset=\"https:\/\/1001voyagesgourmands.com\/wp-content\/uploads\/2023\/09\/2022008_Weekend-at-Lake-Como-38-1170x1753.jpg 1170w, https:\/\/1001voyagesgourmands.com\/wp-content\/uploads\/2023\/09\/2022008_Weekend-at-Lake-Como-38-200x300.jpg 200w, https:\/\/1001voyagesgourmands.com\/wp-content\/uploads\/2023\/09\/2022008_Weekend-at-Lake-Como-38-768x1151.jpg 768w, https:\/\/1001voyagesgourmands.com\/wp-content\/uploads\/2023\/09\/2022008_Weekend-at-Lake-Como-38-1025x1536.jpg 1025w, https:\/\/1001voyagesgourmands.com\/wp-content\/uploads\/2023\/09\/2022008_Weekend-at-Lake-Como-38-1367x2048.jpg 1367w, https:\/\/1001voyagesgourmands.com\/wp-content\/uploads\/2023\/09\/2022008_Weekend-at-Lake-Como-38-585x877.jpg 585w, https:\/\/1001voyagesgourmands.com\/wp-content\/uploads\/2023\/09\/2022008_Weekend-at-Lake-Como-38-scaled.jpg 1709w\" sizes=\"auto, (max-width: 1170px) 100vw, 1170px\" \/><\/p>\n<p><img loading=\"lazy\" decoding=\"async\" class=\"aligncenter wp-image-30514 size-large\" src=\"https:\/\/1001voyagesgourmands.com\/wp-content\/uploads\/2023\/09\/2022008_Weekend-at-Lake-Como-40-1170x1753.jpg\" alt=\"Na\u0161e lo\u0148sk\u00e9 letn\u00ed italsk\u00e9 pr\u00e1zdniny nemohly za\u010d\u00edt l\u00e9pe! Dnes to bude o tom, jak jsme tu str\u00e1vili v\u00edkend u jezera Como.\" width=\"1170\" height=\"1753\" srcset=\"https:\/\/1001voyagesgourmands.com\/wp-content\/uploads\/2023\/09\/2022008_Weekend-at-Lake-Como-40-1170x1753.jpg 1170w, https:\/\/1001voyagesgourmands.com\/wp-content\/uploads\/2023\/09\/2022008_Weekend-at-Lake-Como-40-200x300.jpg 200w, https:\/\/1001voyagesgourmands.com\/wp-content\/uploads\/2023\/09\/2022008_Weekend-at-Lake-Como-40-768x1151.jpg 768w, https:\/\/1001voyagesgourmands.com\/wp-content\/uploads\/2023\/09\/2022008_Weekend-at-Lake-Como-40-1025x1536.jpg 1025w, https:\/\/1001voyagesgourmands.com\/wp-content\/uploads\/2023\/09\/2022008_Weekend-at-Lake-Como-40-1367x2048.jpg 1367w, https:\/\/1001voyagesgourmands.com\/wp-content\/uploads\/2023\/09\/2022008_Weekend-at-Lake-Como-40-585x877.jpg 585w, https:\/\/1001voyagesgourmands.com\/wp-content\/uploads\/2023\/09\/2022008_Weekend-at-Lake-Como-40-scaled.jpg 1709w\" sizes=\"auto, (max-width: 1170px) 100vw, 1170px\" \/><\/p>\n<p><img loading=\"lazy\" decoding=\"async\" class=\"aligncenter wp-image-30554 size-large\" src=\"https:\/\/1001voyagesgourmands.com\/wp-content\/uploads\/2023\/09\/2022008_Weekend-at-Lake-Como-61-1170x1753.jpg\" alt=\"Na\u0161e lo\u0148sk\u00e9 letn\u00ed italsk\u00e9 pr\u00e1zdniny nemohly za\u010d\u00edt l\u00e9pe! Dnes to bude o tom, jak jsme tu str\u00e1vili v\u00edkend u jezera Como.\" width=\"1170\" height=\"1753\" srcset=\"https:\/\/1001voyagesgourmands.com\/wp-content\/uploads\/2023\/09\/2022008_Weekend-at-Lake-Como-61-1170x1753.jpg 1170w, https:\/\/1001voyagesgourmands.com\/wp-content\/uploads\/2023\/09\/2022008_Weekend-at-Lake-Como-61-200x300.jpg 200w, https:\/\/1001voyagesgourmands.com\/wp-content\/uploads\/2023\/09\/2022008_Weekend-at-Lake-Como-61-768x1151.jpg 768w, https:\/\/1001voyagesgourmands.com\/wp-content\/uploads\/2023\/09\/2022008_Weekend-at-Lake-Como-61-1025x1536.jpg 1025w, https:\/\/1001voyagesgourmands.com\/wp-content\/uploads\/2023\/09\/2022008_Weekend-at-Lake-Como-61-1367x2048.jpg 1367w, https:\/\/1001voyagesgourmands.com\/wp-content\/uploads\/2023\/09\/2022008_Weekend-at-Lake-Como-61-585x877.jpg 585w, https:\/\/1001voyagesgourmands.com\/wp-content\/uploads\/2023\/09\/2022008_Weekend-at-Lake-Como-61-scaled.jpg 1709w\" sizes=\"auto, (max-width: 1170px) 100vw, 1170px\" \/><\/p>\n<p><img loading=\"lazy\" decoding=\"async\" class=\"aligncenter size-large wp-image-30540\" src=\"https:\/\/1001voyagesgourmands.com\/wp-content\/uploads\/2023\/09\/2022008_Weekend-at-Lake-Como-53-1170x1753.jpg\" alt=\"\" width=\"1170\" height=\"1753\" srcset=\"https:\/\/1001voyagesgourmands.com\/wp-content\/uploads\/2023\/09\/2022008_Weekend-at-Lake-Como-53-1170x1753.jpg 1170w, https:\/\/1001voyagesgourmands.com\/wp-content\/uploads\/2023\/09\/2022008_Weekend-at-Lake-Como-53-200x300.jpg 200w, https:\/\/1001voyagesgourmands.com\/wp-content\/uploads\/2023\/09\/2022008_Weekend-at-Lake-Como-53-768x1151.jpg 768w, https:\/\/1001voyagesgourmands.com\/wp-content\/uploads\/2023\/09\/2022008_Weekend-at-Lake-Como-53-1025x1536.jpg 1025w, https:\/\/1001voyagesgourmands.com\/wp-content\/uploads\/2023\/09\/2022008_Weekend-at-Lake-Como-53-1367x2048.jpg 1367w, https:\/\/1001voyagesgourmands.com\/wp-content\/uploads\/2023\/09\/2022008_Weekend-at-Lake-Como-53-585x877.jpg 585w, https:\/\/1001voyagesgourmands.com\/wp-content\/uploads\/2023\/09\/2022008_Weekend-at-Lake-Como-53-scaled.jpg 1709w\" sizes=\"auto, (max-width: 1170px) 100vw, 1170px\" \/><\/p>\n<p><img loading=\"lazy\" decoding=\"async\" class=\"aligncenter size-large wp-image-30542\" src=\"https:\/\/1001voyagesgourmands.com\/wp-content\/uploads\/2023\/09\/2022008_Weekend-at-Lake-Como-55-1170x1753.jpg\" alt=\"\" width=\"1170\" height=\"1753\" srcset=\"https:\/\/1001voyagesgourmands.com\/wp-content\/uploads\/2023\/09\/2022008_Weekend-at-Lake-Como-55-1170x1753.jpg 1170w, https:\/\/1001voyagesgourmands.com\/wp-content\/uploads\/2023\/09\/2022008_Weekend-at-Lake-Como-55-200x300.jpg 200w, https:\/\/1001voyagesgourmands.com\/wp-content\/uploads\/2023\/09\/2022008_Weekend-at-Lake-Como-55-768x1151.jpg 768w, https:\/\/1001voyagesgourmands.com\/wp-content\/uploads\/2023\/09\/2022008_Weekend-at-Lake-Como-55-1025x1536.jpg 1025w, https:\/\/1001voyagesgourmands.com\/wp-content\/uploads\/2023\/09\/2022008_Weekend-at-Lake-Como-55-1367x2048.jpg 1367w, https:\/\/1001voyagesgourmands.com\/wp-content\/uploads\/2023\/09\/2022008_Weekend-at-Lake-Como-55-585x877.jpg 585w, https:\/\/1001voyagesgourmands.com\/wp-content\/uploads\/2023\/09\/2022008_Weekend-at-Lake-Como-55-scaled.jpg 1709w\" sizes=\"auto, (max-width: 1170px) 100vw, 1170px\" \/><\/p>\n<p><img loading=\"lazy\" decoding=\"async\" class=\"aligncenter size-large wp-image-30544\" src=\"https:\/\/1001voyagesgourmands.com\/wp-content\/uploads\/2023\/09\/2022008_Weekend-at-Lake-Como-56-1170x1753.jpg\" alt=\"\" width=\"1170\" height=\"1753\" srcset=\"https:\/\/1001voyagesgourmands.com\/wp-content\/uploads\/2023\/09\/2022008_Weekend-at-Lake-Como-56-1170x1753.jpg 1170w, https:\/\/1001voyagesgourmands.com\/wp-content\/uploads\/2023\/09\/2022008_Weekend-at-Lake-Como-56-200x300.jpg 200w, https:\/\/1001voyagesgourmands.com\/wp-content\/uploads\/2023\/09\/2022008_Weekend-at-Lake-Como-56-768x1151.jpg 768w, https:\/\/1001voyagesgourmands.com\/wp-content\/uploads\/2023\/09\/2022008_Weekend-at-Lake-Como-56-1025x1536.jpg 1025w, https:\/\/1001voyagesgourmands.com\/wp-content\/uploads\/2023\/09\/2022008_Weekend-at-Lake-Como-56-1367x2048.jpg 1367w, https:\/\/1001voyagesgourmands.com\/wp-content\/uploads\/2023\/09\/2022008_Weekend-at-Lake-Como-56-585x877.jpg 585w, https:\/\/1001voyagesgourmands.com\/wp-content\/uploads\/2023\/09\/2022008_Weekend-at-Lake-Como-56-scaled.jpg 1709w\" sizes=\"auto, (max-width: 1170px) 100vw, 1170px\" \/><\/p>\n<p><img loading=\"lazy\" decoding=\"async\" class=\"aligncenter size-large wp-image-30546\" src=\"https:\/\/1001voyagesgourmands.com\/wp-content\/uploads\/2023\/09\/2022008_Weekend-at-Lake-Como-57-1170x1753.jpg\" alt=\"\" width=\"1170\" height=\"1753\" srcset=\"https:\/\/1001voyagesgourmands.com\/wp-content\/uploads\/2023\/09\/2022008_Weekend-at-Lake-Como-57-1170x1753.jpg 1170w, https:\/\/1001voyagesgourmands.com\/wp-content\/uploads\/2023\/09\/2022008_Weekend-at-Lake-Como-57-200x300.jpg 200w, https:\/\/1001voyagesgourmands.com\/wp-content\/uploads\/2023\/09\/2022008_Weekend-at-Lake-Como-57-768x1151.jpg 768w, https:\/\/1001voyagesgourmands.com\/wp-content\/uploads\/2023\/09\/2022008_Weekend-at-Lake-Como-57-1025x1536.jpg 1025w, https:\/\/1001voyagesgourmands.com\/wp-content\/uploads\/2023\/09\/2022008_Weekend-at-Lake-Como-57-1367x2048.jpg 1367w, https:\/\/1001voyagesgourmands.com\/wp-content\/uploads\/2023\/09\/2022008_Weekend-at-Lake-Como-57-585x877.jpg 585w, https:\/\/1001voyagesgourmands.com\/wp-content\/uploads\/2023\/09\/2022008_Weekend-at-Lake-Como-57-scaled.jpg 1709w\" sizes=\"auto, (max-width: 1170px) 100vw, 1170px\" \/><\/p>\n<p><img loading=\"lazy\" decoding=\"async\" class=\"aligncenter size-large wp-image-30548\" src=\"https:\/\/1001voyagesgourmands.com\/wp-content\/uploads\/2023\/09\/2022008_Weekend-at-Lake-Como-58-1170x1753.jpg\" alt=\"\" width=\"1170\" height=\"1753\" srcset=\"https:\/\/1001voyagesgourmands.com\/wp-content\/uploads\/2023\/09\/2022008_Weekend-at-Lake-Como-58-1170x1753.jpg 1170w, https:\/\/1001voyagesgourmands.com\/wp-content\/uploads\/2023\/09\/2022008_Weekend-at-Lake-Como-58-200x300.jpg 200w, https:\/\/1001voyagesgourmands.com\/wp-content\/uploads\/2023\/09\/2022008_Weekend-at-Lake-Como-58-768x1151.jpg 768w, https:\/\/1001voyagesgourmands.com\/wp-content\/uploads\/2023\/09\/2022008_Weekend-at-Lake-Como-58-1025x1536.jpg 1025w, https:\/\/1001voyagesgourmands.com\/wp-content\/uploads\/2023\/09\/2022008_Weekend-at-Lake-Como-58-1367x2048.jpg 1367w, https:\/\/1001voyagesgourmands.com\/wp-content\/uploads\/2023\/09\/2022008_Weekend-at-Lake-Como-58-585x877.jpg 585w, https:\/\/1001voyagesgourmands.com\/wp-content\/uploads\/2023\/09\/2022008_Weekend-at-Lake-Como-58-scaled.jpg 1709w\" sizes=\"auto, (max-width: 1170px) 100vw, 1170px\" \/><\/p>\n<p><img loading=\"lazy\" decoding=\"async\" class=\"aligncenter size-large wp-image-30552\" src=\"https:\/\/1001voyagesgourmands.com\/wp-content\/uploads\/2023\/09\/2022008_Weekend-at-Lake-Como-60-1170x1753.jpg\" alt=\"\" width=\"1170\" height=\"1753\" srcset=\"https:\/\/1001voyagesgourmands.com\/wp-content\/uploads\/2023\/09\/2022008_Weekend-at-Lake-Como-60-1170x1753.jpg 1170w, https:\/\/1001voyagesgourmands.com\/wp-content\/uploads\/2023\/09\/2022008_Weekend-at-Lake-Como-60-200x300.jpg 200w, https:\/\/1001voyagesgourmands.com\/wp-content\/uploads\/2023\/09\/2022008_Weekend-at-Lake-Como-60-768x1151.jpg 768w, https:\/\/1001voyagesgourmands.com\/wp-content\/uploads\/2023\/09\/2022008_Weekend-at-Lake-Como-60-1025x1536.jpg 1025w, https:\/\/1001voyagesgourmands.com\/wp-content\/uploads\/2023\/09\/2022008_Weekend-at-Lake-Como-60-1367x2048.jpg 1367w, https:\/\/1001voyagesgourmands.com\/wp-content\/uploads\/2023\/09\/2022008_Weekend-at-Lake-Como-60-585x877.jpg 585w, https:\/\/1001voyagesgourmands.com\/wp-content\/uploads\/2023\/09\/2022008_Weekend-at-Lake-Como-60-scaled.jpg 1709w\" sizes=\"auto, (max-width: 1170px) 100vw, 1170px\" \/><\/p>\n<p><img loading=\"lazy\" decoding=\"async\" class=\"aligncenter size-large wp-image-30556\" src=\"https:\/\/1001voyagesgourmands.com\/wp-content\/uploads\/2023\/09\/2022008_Weekend-at-Lake-Como-62-1170x1753.jpg\" alt=\"\" width=\"1170\" height=\"1753\" srcset=\"https:\/\/1001voyagesgourmands.com\/wp-content\/uploads\/2023\/09\/2022008_Weekend-at-Lake-Como-62-1170x1753.jpg 1170w, https:\/\/1001voyagesgourmands.com\/wp-content\/uploads\/2023\/09\/2022008_Weekend-at-Lake-Como-62-200x300.jpg 200w, https:\/\/1001voyagesgourmands.com\/wp-content\/uploads\/2023\/09\/2022008_Weekend-at-Lake-Como-62-768x1151.jpg 768w, https:\/\/1001voyagesgourmands.com\/wp-content\/uploads\/2023\/09\/2022008_Weekend-at-Lake-Como-62-1025x1536.jpg 1025w, https:\/\/1001voyagesgourmands.com\/wp-content\/uploads\/2023\/09\/2022008_Weekend-at-Lake-Como-62-1367x2048.jpg 1367w, https:\/\/1001voyagesgourmands.com\/wp-content\/uploads\/2023\/09\/2022008_Weekend-at-Lake-Como-62-585x877.jpg 585w, https:\/\/1001voyagesgourmands.com\/wp-content\/uploads\/2023\/09\/2022008_Weekend-at-Lake-Como-62-scaled.jpg 1709w\" sizes=\"auto, (max-width: 1170px) 100vw, 1170px\" \/><\/p>\n<p><img loading=\"lazy\" decoding=\"async\" class=\"aligncenter size-large wp-image-30558\" src=\"https:\/\/1001voyagesgourmands.com\/wp-content\/uploads\/2023\/09\/2022008_Weekend-at-Lake-Como-63-1170x1753.jpg\" alt=\"\" width=\"1170\" height=\"1753\" srcset=\"https:\/\/1001voyagesgourmands.com\/wp-content\/uploads\/2023\/09\/2022008_Weekend-at-Lake-Como-63-1170x1753.jpg 1170w, https:\/\/1001voyagesgourmands.com\/wp-content\/uploads\/2023\/09\/2022008_Weekend-at-Lake-Como-63-200x300.jpg 200w, https:\/\/1001voyagesgourmands.com\/wp-content\/uploads\/2023\/09\/2022008_Weekend-at-Lake-Como-63-768x1151.jpg 768w, https:\/\/1001voyagesgourmands.com\/wp-content\/uploads\/2023\/09\/2022008_Weekend-at-Lake-Como-63-1025x1536.jpg 1025w, https:\/\/1001voyagesgourmands.com\/wp-content\/uploads\/2023\/09\/2022008_Weekend-at-Lake-Como-63-1367x2048.jpg 1367w, https:\/\/1001voyagesgourmands.com\/wp-content\/uploads\/2023\/09\/2022008_Weekend-at-Lake-Como-63-585x877.jpg 585w, https:\/\/1001voyagesgourmands.com\/wp-content\/uploads\/2023\/09\/2022008_Weekend-at-Lake-Como-63-scaled.jpg 1709w\" sizes=\"auto, (max-width: 1170px) 100vw, 1170px\" \/><\/p>\n<p><img loading=\"lazy\" decoding=\"async\" class=\"aligncenter size-large wp-image-30560\" src=\"https:\/\/1001voyagesgourmands.com\/wp-content\/uploads\/2023\/09\/2022008_Weekend-at-Lake-Como-64-1170x1753.jpg\" alt=\"\" width=\"1170\" height=\"1753\" srcset=\"https:\/\/1001voyagesgourmands.com\/wp-content\/uploads\/2023\/09\/2022008_Weekend-at-Lake-Como-64-1170x1753.jpg 1170w, https:\/\/1001voyagesgourmands.com\/wp-content\/uploads\/2023\/09\/2022008_Weekend-at-Lake-Como-64-200x300.jpg 200w, https:\/\/1001voyagesgourmands.com\/wp-content\/uploads\/2023\/09\/2022008_Weekend-at-Lake-Como-64-768x1151.jpg 768w, https:\/\/1001voyagesgourmands.com\/wp-content\/uploads\/2023\/09\/2022008_Weekend-at-Lake-Como-64-1025x1536.jpg 1025w, https:\/\/1001voyagesgourmands.com\/wp-content\/uploads\/2023\/09\/2022008_Weekend-at-Lake-Como-64-1367x2048.jpg 1367w, https:\/\/1001voyagesgourmands.com\/wp-content\/uploads\/2023\/09\/2022008_Weekend-at-Lake-Como-64-585x877.jpg 585w, https:\/\/1001voyagesgourmands.com\/wp-content\/uploads\/2023\/09\/2022008_Weekend-at-Lake-Como-64-scaled.jpg 1709w\" sizes=\"auto, (max-width: 1170px) 100vw, 1170px\" \/><\/p>\n<p><img loading=\"lazy\" decoding=\"async\" class=\"aligncenter wp-image-30562 size-large\" src=\"https:\/\/1001voyagesgourmands.com\/wp-content\/uploads\/2023\/09\/2022008_Weekend-at-Lake-Como-65-1170x1753.jpg\" alt=\"Na\u0161e lo\u0148sk\u00e9 letn\u00ed italsk\u00e9 pr\u00e1zdniny nemohly za\u010d\u00edt l\u00e9pe! Dnes to bude o tom, jak jsme tu str\u00e1vili v\u00edkend u jezera Como.\" width=\"1170\" height=\"1753\" srcset=\"https:\/\/1001voyagesgourmands.com\/wp-content\/uploads\/2023\/09\/2022008_Weekend-at-Lake-Como-65-1170x1753.jpg 1170w, https:\/\/1001voyagesgourmands.com\/wp-content\/uploads\/2023\/09\/2022008_Weekend-at-Lake-Como-65-200x300.jpg 200w, https:\/\/1001voyagesgourmands.com\/wp-content\/uploads\/2023\/09\/2022008_Weekend-at-Lake-Como-65-768x1151.jpg 768w, https:\/\/1001voyagesgourmands.com\/wp-content\/uploads\/2023\/09\/2022008_Weekend-at-Lake-Como-65-1025x1536.jpg 1025w, https:\/\/1001voyagesgourmands.com\/wp-content\/uploads\/2023\/09\/2022008_Weekend-at-Lake-Como-65-1367x2048.jpg 1367w, https:\/\/1001voyagesgourmands.com\/wp-content\/uploads\/2023\/09\/2022008_Weekend-at-Lake-Como-65-585x877.jpg 585w, https:\/\/1001voyagesgourmands.com\/wp-content\/uploads\/2023\/09\/2022008_Weekend-at-Lake-Como-65-scaled.jpg 1709w\" sizes=\"auto, (max-width: 1170px) 100vw, 1170px\" \/><\/p>\n<p><img loading=\"lazy\" decoding=\"async\" class=\"aligncenter size-large wp-image-30564\" src=\"https:\/\/1001voyagesgourmands.com\/wp-content\/uploads\/2023\/09\/2022008_Weekend-at-Lake-Como-66-1170x781.jpg\" alt=\"\" width=\"1170\" height=\"781\" srcset=\"https:\/\/1001voyagesgourmands.com\/wp-content\/uploads\/2023\/09\/2022008_Weekend-at-Lake-Como-66-1170x781.jpg 1170w, https:\/\/1001voyagesgourmands.com\/wp-content\/uploads\/2023\/09\/2022008_Weekend-at-Lake-Como-66-300x200.jpg 300w, https:\/\/1001voyagesgourmands.com\/wp-content\/uploads\/2023\/09\/2022008_Weekend-at-Lake-Como-66-768x513.jpg 768w, https:\/\/1001voyagesgourmands.com\/wp-content\/uploads\/2023\/09\/2022008_Weekend-at-Lake-Como-66-1536x1025.jpg 1536w, https:\/\/1001voyagesgourmands.com\/wp-content\/uploads\/2023\/09\/2022008_Weekend-at-Lake-Como-66-2048x1367.jpg 2048w, https:\/\/1001voyagesgourmands.com\/wp-content\/uploads\/2023\/09\/2022008_Weekend-at-Lake-Como-66-1920x1281.jpg 1920w, https:\/\/1001voyagesgourmands.com\/wp-content\/uploads\/2023\/09\/2022008_Weekend-at-Lake-Como-66-585x390.jpg 585w, https:\/\/1001voyagesgourmands.com\/wp-content\/uploads\/2023\/09\/2022008_Weekend-at-Lake-Como-66-263x175.jpg 263w\" sizes=\"auto, (max-width: 1170px) 100vw, 1170px\" \/><\/p>\n<p><img loading=\"lazy\" decoding=\"async\" class=\"aligncenter size-large wp-image-30570\" src=\"https:\/\/1001voyagesgourmands.com\/wp-content\/uploads\/2023\/09\/2022008_Weekend-at-Lake-Como-69-1170x781.jpg\" alt=\"\" width=\"1170\" height=\"781\" srcset=\"https:\/\/1001voyagesgourmands.com\/wp-content\/uploads\/2023\/09\/2022008_Weekend-at-Lake-Como-69-1170x781.jpg 1170w, https:\/\/1001voyagesgourmands.com\/wp-content\/uploads\/2023\/09\/2022008_Weekend-at-Lake-Como-69-300x200.jpg 300w, https:\/\/1001voyagesgourmands.com\/wp-content\/uploads\/2023\/09\/2022008_Weekend-at-Lake-Como-69-768x513.jpg 768w, https:\/\/1001voyagesgourmands.com\/wp-content\/uploads\/2023\/09\/2022008_Weekend-at-Lake-Como-69-1536x1025.jpg 1536w, https:\/\/1001voyagesgourmands.com\/wp-content\/uploads\/2023\/09\/2022008_Weekend-at-Lake-Como-69-2048x1367.jpg 2048w, https:\/\/1001voyagesgourmands.com\/wp-content\/uploads\/2023\/09\/2022008_Weekend-at-Lake-Como-69-1920x1281.jpg 1920w, https:\/\/1001voyagesgourmands.com\/wp-content\/uploads\/2023\/09\/2022008_Weekend-at-Lake-Como-69-585x390.jpg 585w, https:\/\/1001voyagesgourmands.com\/wp-content\/uploads\/2023\/09\/2022008_Weekend-at-Lake-Como-69-263x175.jpg 263w\" sizes=\"auto, (max-width: 1170px) 100vw, 1170px\" \/><\/p>\n<p><img loading=\"lazy\" decoding=\"async\" class=\"aligncenter size-large wp-image-30482\" src=\"https:\/\/1001voyagesgourmands.com\/wp-content\/uploads\/2023\/09\/2022008_Weekend-at-Lake-Como-5-1170x1560.jpg\" alt=\"\" width=\"1170\" height=\"1560\" srcset=\"https:\/\/1001voyagesgourmands.com\/wp-content\/uploads\/2023\/09\/2022008_Weekend-at-Lake-Como-5-1170x1560.jpg 1170w, https:\/\/1001voyagesgourmands.com\/wp-content\/uploads\/2023\/09\/2022008_Weekend-at-Lake-Como-5-225x300.jpg 225w, https:\/\/1001voyagesgourmands.com\/wp-content\/uploads\/2023\/09\/2022008_Weekend-at-Lake-Como-5-768x1024.jpg 768w, https:\/\/1001voyagesgourmands.com\/wp-content\/uploads\/2023\/09\/2022008_Weekend-at-Lake-Como-5-1152x1536.jpg 1152w, https:\/\/1001voyagesgourmands.com\/wp-content\/uploads\/2023\/09\/2022008_Weekend-at-Lake-Como-5-1536x2048.jpg 1536w, https:\/\/1001voyagesgourmands.com\/wp-content\/uploads\/2023\/09\/2022008_Weekend-at-Lake-Como-5-scaled.jpg 1920w, https:\/\/1001voyagesgourmands.com\/wp-content\/uploads\/2023\/09\/2022008_Weekend-at-Lake-Como-5-585x780.jpg 585w\" sizes=\"auto, (max-width: 1170px) 100vw, 1170px\" \/><\/p>\n<p><img loading=\"lazy\" decoding=\"async\" class=\"aligncenter size-large wp-image-30518\" src=\"https:\/\/1001voyagesgourmands.com\/wp-content\/uploads\/2023\/09\/2022008_Weekend-at-Lake-Como-42-1170x1753.jpg\" alt=\"\" width=\"1170\" height=\"1753\" srcset=\"https:\/\/1001voyagesgourmands.com\/wp-content\/uploads\/2023\/09\/2022008_Weekend-at-Lake-Como-42-1170x1753.jpg 1170w, https:\/\/1001voyagesgourmands.com\/wp-content\/uploads\/2023\/09\/2022008_Weekend-at-Lake-Como-42-200x300.jpg 200w, https:\/\/1001voyagesgourmands.com\/wp-content\/uploads\/2023\/09\/2022008_Weekend-at-Lake-Como-42-768x1151.jpg 768w, https:\/\/1001voyagesgourmands.com\/wp-content\/uploads\/2023\/09\/2022008_Weekend-at-Lake-Como-42-1025x1536.jpg 1025w, https:\/\/1001voyagesgourmands.com\/wp-content\/uploads\/2023\/09\/2022008_Weekend-at-Lake-Como-42-1367x2048.jpg 1367w, https:\/\/1001voyagesgourmands.com\/wp-content\/uploads\/2023\/09\/2022008_Weekend-at-Lake-Como-42-585x877.jpg 585w, https:\/\/1001voyagesgourmands.com\/wp-content\/uploads\/2023\/09\/2022008_Weekend-at-Lake-Como-42-scaled.jpg 1709w\" sizes=\"auto, (max-width: 1170px) 100vw, 1170px\" \/><\/p>\n<p><img loading=\"lazy\" decoding=\"async\" class=\"aligncenter size-large wp-image-30520\" src=\"https:\/\/1001voyagesgourmands.com\/wp-content\/uploads\/2023\/09\/2022008_Weekend-at-Lake-Como-43-1170x1753.jpg\" alt=\"\" width=\"1170\" height=\"1753\" srcset=\"https:\/\/1001voyagesgourmands.com\/wp-content\/uploads\/2023\/09\/2022008_Weekend-at-Lake-Como-43-1170x1753.jpg 1170w, https:\/\/1001voyagesgourmands.com\/wp-content\/uploads\/2023\/09\/2022008_Weekend-at-Lake-Como-43-200x300.jpg 200w, https:\/\/1001voyagesgourmands.com\/wp-content\/uploads\/2023\/09\/2022008_Weekend-at-Lake-Como-43-768x1151.jpg 768w, https:\/\/1001voyagesgourmands.com\/wp-content\/uploads\/2023\/09\/2022008_Weekend-at-Lake-Como-43-1025x1536.jpg 1025w, https:\/\/1001voyagesgourmands.com\/wp-content\/uploads\/2023\/09\/2022008_Weekend-at-Lake-Como-43-1367x2048.jpg 1367w, https:\/\/1001voyagesgourmands.com\/wp-content\/uploads\/2023\/09\/2022008_Weekend-at-Lake-Como-43-585x877.jpg 585w, https:\/\/1001voyagesgourmands.com\/wp-content\/uploads\/2023\/09\/2022008_Weekend-at-Lake-Como-43-scaled.jpg 1709w\" sizes=\"auto, (max-width: 1170px) 100vw, 1170px\" \/><\/p>\n<p>&nbsp;<\/p>\n","protected":false},"excerpt":{"rendered":"<p>Na\u0161e lo\u0148sk\u00e9 letn\u00ed italsk\u00e9 pr\u00e1zdniny nemohly za\u010d\u00edt l\u00e9pe! Dnes to bude o tom, jak jsme tu str\u00e1vili v\u00edkend u jezera Como. Jeliko\u017e je vlastn\u011b i po cest\u011b z Belgie, hodilo se n\u00e1m i jako m\u00edsto pro trochu pohybu a oddechu na dlouh\u00e9 cest\u011b s Ad\u00e9l, kter\u00e1 m\u011bla tenkr\u00e1t t\u0159i roky.&nbsp;&hellip;<\/p>\n","protected":false},"author":1,"featured_media":30523,"comment_status":"open","ping_status":"open","sticky":false,"template":"","format":"standard","meta":{"_exactmetrics_skip_tracking":false,"_exactmetrics_sitenote_active":false,"_exactmetrics_sitenote_note":"","_exactmetrics_sitenote_category":0,"_lmt_disableupdate":"","_lmt_disable":"","footnotes":""},"categories":[4,593],"tags":[],"class_list":["post-30439","post","type-post","status-publish","format-standard","has-post-thumbnail","hentry","category-cestovani","category-italie"],"yoast_head":"<!-- This site is optimized with the Yoast SEO plugin v26.1.1 - https:\/\/yoast.com\/wordpress\/plugins\/seo\/ -->\n<title>V\u00edkend u jezera Como - 1001 Voyages Gourmands<\/title>\n<meta name=\"description\" content=\"Na\u0161e lo\u0148sk\u00e9 letn\u00ed italsk\u00e9 pr\u00e1zdniny nemohly za\u010d\u00edt l\u00e9pe! Dnes to bude o tom, jak jsme tu str\u00e1vili v\u00edkend u jezera Como.\" \/>\n<meta name=\"robots\" content=\"index, follow, max-snippet:-1, max-image-preview:large, max-video-preview:-1\" \/>\n<link rel=\"canonical\" href=\"https:\/\/1001voyagesgourmands.com\/cs\/vikend-u-jezera-como\/\" \/>\n<meta property=\"og:locale\" content=\"cs_CZ\" \/>\n<meta property=\"og:type\" content=\"article\" \/>\n<meta property=\"og:title\" content=\"V\u00edkend u jezera Como - 1001 Voyages Gourmands\" \/>\n<meta property=\"og:description\" content=\"Na\u0161e lo\u0148sk\u00e9 letn\u00ed italsk\u00e9 pr\u00e1zdniny nemohly za\u010d\u00edt l\u00e9pe! Dnes to bude o tom, jak jsme tu str\u00e1vili v\u00edkend u jezera Como.\" \/>\n<meta property=\"og:url\" content=\"https:\/\/1001voyagesgourmands.com\/cs\/vikend-u-jezera-como\/\" \/>\n<meta property=\"og:site_name\" content=\"1001 Voyages Gourmands\" \/>\n<meta property=\"article:publisher\" content=\"https:\/\/www.facebook.com\/1001voyagesgourmands\" \/>\n<meta property=\"article:published_time\" content=\"2023-09-13T21:27:55+00:00\" \/>\n<meta property=\"article:modified_time\" content=\"2023-09-13T21:30:55+00:00\" \/>\n<meta property=\"og:image\" content=\"https:\/\/1001voyagesgourmands.com\/wp-content\/uploads\/2023\/09\/2022008_Weekend-at-Lake-Como-44-scaled.jpg\" \/>\n\t<meta property=\"og:image:width\" content=\"1709\" \/>\n\t<meta property=\"og:image:height\" content=\"2560\" \/>\n\t<meta property=\"og:image:type\" content=\"image\/jpeg\" \/>\n<meta name=\"author\" content=\"Michaela\" \/>\n<meta name=\"twitter:card\" content=\"summary_large_image\" \/>\n<meta name=\"twitter:creator\" content=\"@michaela_1001vg\" \/>\n<meta name=\"twitter:site\" content=\"@michaela_1001vg\" \/>\n<meta name=\"twitter:label1\" content=\"Napsal(a)\" \/>\n\t<meta name=\"twitter:data1\" content=\"Michaela\" \/>\n\t<meta name=\"twitter:label2\" content=\"Odhadovan\u00e1 doba \u010dten\u00ed\" \/>\n\t<meta name=\"twitter:data2\" content=\"15 minut\" \/>\n<script type=\"application\/ld+json\" class=\"yoast-schema-graph\">{\"@context\":\"https:\/\/schema.org\",\"@graph\":[{\"@type\":\"WebPage\",\"@id\":\"https:\/\/1001voyagesgourmands.com\/cs\/vikend-u-jezera-como\/\",\"url\":\"https:\/\/1001voyagesgourmands.com\/cs\/vikend-u-jezera-como\/\",\"name\":\"V\u00edkend u jezera Como - 1001 Voyages Gourmands\",\"isPartOf\":{\"@id\":\"https:\/\/1001voyagesgourmands.com\/cs\/#website\"},\"primaryImageOfPage\":{\"@id\":\"https:\/\/1001voyagesgourmands.com\/cs\/vikend-u-jezera-como\/#primaryimage\"},\"image\":{\"@id\":\"https:\/\/1001voyagesgourmands.com\/cs\/vikend-u-jezera-como\/#primaryimage\"},\"thumbnailUrl\":\"https:\/\/1001voyagesgourmands.com\/wp-content\/uploads\/2023\/09\/2022008_Weekend-at-Lake-Como-44-scaled.jpg\",\"datePublished\":\"2023-09-13T21:27:55+00:00\",\"dateModified\":\"2023-09-13T21:30:55+00:00\",\"author\":{\"@id\":\"https:\/\/1001voyagesgourmands.com\/cs\/#\/schema\/person\/62e0e7238fcf7482b23bf83e1b72ff1b\"},\"description\":\"Na\u0161e lo\u0148sk\u00e9 letn\u00ed italsk\u00e9 pr\u00e1zdniny nemohly za\u010d\u00edt l\u00e9pe! Dnes to bude o tom, jak jsme tu str\u00e1vili v\u00edkend u jezera Como.\",\"breadcrumb\":{\"@id\":\"https:\/\/1001voyagesgourmands.com\/cs\/vikend-u-jezera-como\/#breadcrumb\"},\"inLanguage\":\"cs\",\"potentialAction\":[{\"@type\":\"ReadAction\",\"target\":[\"https:\/\/1001voyagesgourmands.com\/cs\/vikend-u-jezera-como\/\"]}]},{\"@type\":\"ImageObject\",\"inLanguage\":\"cs\",\"@id\":\"https:\/\/1001voyagesgourmands.com\/cs\/vikend-u-jezera-como\/#primaryimage\",\"url\":\"https:\/\/1001voyagesgourmands.com\/wp-content\/uploads\/2023\/09\/2022008_Weekend-at-Lake-Como-44-scaled.jpg\",\"contentUrl\":\"https:\/\/1001voyagesgourmands.com\/wp-content\/uploads\/2023\/09\/2022008_Weekend-at-Lake-Como-44-scaled.jpg\",\"width\":1709,\"height\":2560},{\"@type\":\"BreadcrumbList\",\"@id\":\"https:\/\/1001voyagesgourmands.com\/cs\/vikend-u-jezera-como\/#breadcrumb\",\"itemListElement\":[{\"@type\":\"ListItem\",\"position\":1,\"name\":\"Dom\u016f\",\"item\":\"https:\/\/1001voyagesgourmands.com\/cs\/\"},{\"@type\":\"ListItem\",\"position\":2,\"name\":\"V\u00edkend u jezera Como\"}]},{\"@type\":\"WebSite\",\"@id\":\"https:\/\/1001voyagesgourmands.com\/cs\/#website\",\"url\":\"https:\/\/1001voyagesgourmands.com\/cs\/\",\"name\":\"1001 Voyages Gourmands\",\"description\":\"Food | Travel | Photography\",\"potentialAction\":[{\"@type\":\"SearchAction\",\"target\":{\"@type\":\"EntryPoint\",\"urlTemplate\":\"https:\/\/1001voyagesgourmands.com\/cs\/?s={search_term_string}\"},\"query-input\":{\"@type\":\"PropertyValueSpecification\",\"valueRequired\":true,\"valueName\":\"search_term_string\"}}],\"inLanguage\":\"cs\"},{\"@type\":\"Person\",\"@id\":\"https:\/\/1001voyagesgourmands.com\/cs\/#\/schema\/person\/62e0e7238fcf7482b23bf83e1b72ff1b\",\"name\":\"Michaela\",\"image\":{\"@type\":\"ImageObject\",\"inLanguage\":\"cs\",\"@id\":\"https:\/\/1001voyagesgourmands.com\/cs\/#\/schema\/person\/image\/\",\"url\":\"https:\/\/secure.gravatar.com\/avatar\/73fa562a5b0ce269ca480f67de504b8ecac054a121d170e226f1b79e02024cb8?s=96&d=mm&r=g\",\"contentUrl\":\"https:\/\/secure.gravatar.com\/avatar\/73fa562a5b0ce269ca480f67de504b8ecac054a121d170e226f1b79e02024cb8?s=96&d=mm&r=g\",\"caption\":\"Michaela\"},\"sameAs\":[\"http:\/\/1001voyagesgourmands.com\"]}]}<\/script>\n<!-- \/ Yoast SEO plugin. -->","yoast_head_json":{"title":"V\u00edkend u jezera Como - 1001 Voyages Gourmands","description":"Na\u0161e lo\u0148sk\u00e9 letn\u00ed italsk\u00e9 pr\u00e1zdniny nemohly za\u010d\u00edt l\u00e9pe! Dnes to bude o tom, jak jsme tu str\u00e1vili v\u00edkend u jezera Como.","robots":{"index":"index","follow":"follow","max-snippet":"max-snippet:-1","max-image-preview":"max-image-preview:large","max-video-preview":"max-video-preview:-1"},"canonical":"https:\/\/1001voyagesgourmands.com\/cs\/vikend-u-jezera-como\/","og_locale":"cs_CZ","og_type":"article","og_title":"V\u00edkend u jezera Como - 1001 Voyages Gourmands","og_description":"Na\u0161e lo\u0148sk\u00e9 letn\u00ed italsk\u00e9 pr\u00e1zdniny nemohly za\u010d\u00edt l\u00e9pe! Dnes to bude o tom, jak jsme tu str\u00e1vili v\u00edkend u jezera Como.","og_url":"https:\/\/1001voyagesgourmands.com\/cs\/vikend-u-jezera-como\/","og_site_name":"1001 Voyages Gourmands","article_publisher":"https:\/\/www.facebook.com\/1001voyagesgourmands","article_published_time":"2023-09-13T21:27:55+00:00","article_modified_time":"2023-09-13T21:30:55+00:00","og_image":[{"width":1709,"height":2560,"url":"https:\/\/1001voyagesgourmands.com\/wp-content\/uploads\/2023\/09\/2022008_Weekend-at-Lake-Como-44-scaled.jpg","type":"image\/jpeg"}],"author":"Michaela","twitter_card":"summary_large_image","twitter_creator":"@michaela_1001vg","twitter_site":"@michaela_1001vg","twitter_misc":{"Napsal(a)":"Michaela","Odhadovan\u00e1 doba \u010dten\u00ed":"15 minut"},"schema":{"@context":"https:\/\/schema.org","@graph":[{"@type":"WebPage","@id":"https:\/\/1001voyagesgourmands.com\/cs\/vikend-u-jezera-como\/","url":"https:\/\/1001voyagesgourmands.com\/cs\/vikend-u-jezera-como\/","name":"V\u00edkend u jezera Como - 1001 Voyages Gourmands","isPartOf":{"@id":"https:\/\/1001voyagesgourmands.com\/cs\/#website"},"primaryImageOfPage":{"@id":"https:\/\/1001voyagesgourmands.com\/cs\/vikend-u-jezera-como\/#primaryimage"},"image":{"@id":"https:\/\/1001voyagesgourmands.com\/cs\/vikend-u-jezera-como\/#primaryimage"},"thumbnailUrl":"https:\/\/1001voyagesgourmands.com\/wp-content\/uploads\/2023\/09\/2022008_Weekend-at-Lake-Como-44-scaled.jpg","datePublished":"2023-09-13T21:27:55+00:00","dateModified":"2023-09-13T21:30:55+00:00","author":{"@id":"https:\/\/1001voyagesgourmands.com\/cs\/#\/schema\/person\/62e0e7238fcf7482b23bf83e1b72ff1b"},"description":"Na\u0161e lo\u0148sk\u00e9 letn\u00ed italsk\u00e9 pr\u00e1zdniny nemohly za\u010d\u00edt l\u00e9pe! Dnes to bude o tom, jak jsme tu str\u00e1vili v\u00edkend u jezera Como.","breadcrumb":{"@id":"https:\/\/1001voyagesgourmands.com\/cs\/vikend-u-jezera-como\/#breadcrumb"},"inLanguage":"cs","potentialAction":[{"@type":"ReadAction","target":["https:\/\/1001voyagesgourmands.com\/cs\/vikend-u-jezera-como\/"]}]},{"@type":"ImageObject","inLanguage":"cs","@id":"https:\/\/1001voyagesgourmands.com\/cs\/vikend-u-jezera-como\/#primaryimage","url":"https:\/\/1001voyagesgourmands.com\/wp-content\/uploads\/2023\/09\/2022008_Weekend-at-Lake-Como-44-scaled.jpg","contentUrl":"https:\/\/1001voyagesgourmands.com\/wp-content\/uploads\/2023\/09\/2022008_Weekend-at-Lake-Como-44-scaled.jpg","width":1709,"height":2560},{"@type":"BreadcrumbList","@id":"https:\/\/1001voyagesgourmands.com\/cs\/vikend-u-jezera-como\/#breadcrumb","itemListElement":[{"@type":"ListItem","position":1,"name":"Dom\u016f","item":"https:\/\/1001voyagesgourmands.com\/cs\/"},{"@type":"ListItem","position":2,"name":"V\u00edkend u jezera Como"}]},{"@type":"WebSite","@id":"https:\/\/1001voyagesgourmands.com\/cs\/#website","url":"https:\/\/1001voyagesgourmands.com\/cs\/","name":"1001 Voyages Gourmands","description":"Food | Travel | Photography","potentialAction":[{"@type":"SearchAction","target":{"@type":"EntryPoint","urlTemplate":"https:\/\/1001voyagesgourmands.com\/cs\/?s={search_term_string}"},"query-input":{"@type":"PropertyValueSpecification","valueRequired":true,"valueName":"search_term_string"}}],"inLanguage":"cs"},{"@type":"Person","@id":"https:\/\/1001voyagesgourmands.com\/cs\/#\/schema\/person\/62e0e7238fcf7482b23bf83e1b72ff1b","name":"Michaela","image":{"@type":"ImageObject","inLanguage":"cs","@id":"https:\/\/1001voyagesgourmands.com\/cs\/#\/schema\/person\/image\/","url":"https:\/\/secure.gravatar.com\/avatar\/73fa562a5b0ce269ca480f67de504b8ecac054a121d170e226f1b79e02024cb8?s=96&d=mm&r=g","contentUrl":"https:\/\/secure.gravatar.com\/avatar\/73fa562a5b0ce269ca480f67de504b8ecac054a121d170e226f1b79e02024cb8?s=96&d=mm&r=g","caption":"Michaela"},"sameAs":["http:\/\/1001voyagesgourmands.com"]}]}},"_links":{"self":[{"href":"https:\/\/1001voyagesgourmands.com\/cs\/wp-json\/wp\/v2\/posts\/30439","targetHints":{"allow":["GET"]}}],"collection":[{"href":"https:\/\/1001voyagesgourmands.com\/cs\/wp-json\/wp\/v2\/posts"}],"about":[{"href":"https:\/\/1001voyagesgourmands.com\/cs\/wp-json\/wp\/v2\/types\/post"}],"author":[{"embeddable":true,"href":"https:\/\/1001voyagesgourmands.com\/cs\/wp-json\/wp\/v2\/users\/1"}],"replies":[{"embeddable":true,"href":"https:\/\/1001voyagesgourmands.com\/cs\/wp-json\/wp\/v2\/comments?post=30439"}],"version-history":[{"count":7,"href":"https:\/\/1001voyagesgourmands.com\/cs\/wp-json\/wp\/v2\/posts\/30439\/revisions"}],"predecessor-version":[{"id":30623,"href":"https:\/\/1001voyagesgourmands.com\/cs\/wp-json\/wp\/v2\/posts\/30439\/revisions\/30623"}],"wp:featuredmedia":[{"embeddable":true,"href":"https:\/\/1001voyagesgourmands.com\/cs\/wp-json\/wp\/v2\/media\/30523"}],"wp:attachment":[{"href":"https:\/\/1001voyagesgourmands.com\/cs\/wp-json\/wp\/v2\/media?parent=30439"}],"wp:term":[{"taxonomy":"category","embeddable":true,"href":"https:\/\/1001voyagesgourmands.com\/cs\/wp-json\/wp\/v2\/categories?post=30439"},{"taxonomy":"post_tag","embeddable":true,"href":"https:\/\/1001voyagesgourmands.com\/cs\/wp-json\/wp\/v2\/tags?post=30439"}],"curies":[{"name":"wp","href":"https:\/\/api.w.org\/{rel}","templated":true}]}}