{"id":29787,"date":"2022-02-03T15:04:50","date_gmt":"2022-02-03T14:04:50","guid":{"rendered":"https:\/\/1001voyagesgourmands.com\/?p=29787"},"modified":"2022-02-03T15:08:53","modified_gmt":"2022-02-03T14:08:53","slug":"makovec","status":"publish","type":"post","link":"https:\/\/1001voyagesgourmands.com\/cs\/makovec\/","title":{"rendered":"Makovec"},"content":{"rendered":"<p style=\"text-align: justify;\">S lednem n\u00e1m doma ub\u00fdv\u00e1 v\u00e1no\u010dn\u00edho cukrov\u00ed a po kr\u00e1tk\u00e9 pauze je op\u011bt chu\u0165 na n\u011bjakou tu dobrotu a zas n\u011bco up\u00e9ct, m\u00e1te to tak\u00e9 tak? Jestli jo, co t\u0159eba pr\u00e1v\u011b ud\u011blat makovec, kter\u00fd nen\u00ed nijak p\u0159eslazen\u00fd, zasyt\u00ed v\u00e1s a je\u0161t\u011b dod\u00e1 v\u00e1pn\u00edk?&nbsp;<\/p>\n<p><img loading=\"lazy\" decoding=\"async\" src=\"https:\/\/1001voyagesgourmands.com\/wp-content\/uploads\/2022\/01\/Makovec-3-1170x1755.jpg\" alt=\"\" width=\"1170\" height=\"1755\"><\/p>\n<p style=\"text-align: justify;\">\u010cesk\u00e1 klasika, kterou jednou za \u010das r\u00e1da v Belgii upe\u010du. A&nbsp;zim\u011b, kdy\u017e nen\u00ed moc sez\u00f3nn\u00edho ovoce, se kter\u00fdm r\u00e1da pe\u010du kol\u00e1\u010de, se p\u0159\u00edmo &#8222;samozve&#8220;.&nbsp;M\u00e1te ji hotovou raz dva a vzhledem k mno\u017estv\u00ed pou\u017eit\u00e9ho m\u00e1sla je to celkem dietn\u00ed, jak by b\u00fdvala \u0159ekla moje babi\u010dka, nicm\u00e9n\u011b dost vl\u00e1\u010dn\u00e1 a jedl\u00e1. \ud83d\ude09<\/p>\n<p><img loading=\"lazy\" decoding=\"async\" class=\"aligncenter size-large wp-image-29796\" src=\"https:\/\/1001voyagesgourmands.com\/wp-content\/uploads\/2022\/01\/Makovec-1-1170x1755.jpg\" alt=\"\u010cesk\u00e1 klasika, kterou ob\u010das r\u00e1da v Belgii upe\u010du. A kdy\u017e nen\u00ed sez\u00f3nn\u00edho ovoce, se kter\u00fdm r\u00e1da pe\u010du kol\u00e1\u010de, tak na sebe makovec ned\u00e1 \u010dekat.\" width=\"1170\" height=\"1755\" srcset=\"https:\/\/1001voyagesgourmands.com\/wp-content\/uploads\/2022\/01\/Makovec-1-1170x1755.jpg 1170w, https:\/\/1001voyagesgourmands.com\/wp-content\/uploads\/2022\/01\/Makovec-1-200x300.jpg 200w, https:\/\/1001voyagesgourmands.com\/wp-content\/uploads\/2022\/01\/Makovec-1-768x1152.jpg 768w, https:\/\/1001voyagesgourmands.com\/wp-content\/uploads\/2022\/01\/Makovec-1-1024x1536.jpg 1024w, https:\/\/1001voyagesgourmands.com\/wp-content\/uploads\/2022\/01\/Makovec-1-1365x2048.jpg 1365w, https:\/\/1001voyagesgourmands.com\/wp-content\/uploads\/2022\/01\/Makovec-1-585x878.jpg 585w, https:\/\/1001voyagesgourmands.com\/wp-content\/uploads\/2022\/01\/Makovec-1-scaled.jpg 1707w\" sizes=\"auto, (max-width: 1170px) 100vw, 1170px\" \/><\/p>\n<p style=\"text-align: justify;\">M\u011b tahle buchta p\u0159in\u00e1\u0161\u00ed vzpom\u00ednky na d\u011btstv\u00ed, kdy jsme se \u010dasto v pond\u011bl\u00ed r\u00e1no probudily a jednu z prvn\u00edch v\u011bc\u00ed p\u0159i zav\u00edt\u00e1n\u00ed do kuchyn\u011b, jsme okoukly, co je ve \u0161pajzu \u010derstv\u011b upe\u010deno na sn\u00eddani. M\u016fj bratr byl schopen sn\u00edst p\u016flku pek\u00e1\u010de a i dnes si ho ob\u010das upe\u010de s\u00e1m od sebe. \ud83d\ude42 Prost\u011b makovec!<\/p>\n<p><img loading=\"lazy\" decoding=\"async\" src=\"https:\/\/1001voyagesgourmands.com\/wp-content\/uploads\/2022\/01\/Makovec-2-1170x1755.jpg\" alt=\"\u010cesk\u00e1 klasika, kterou ob\u010das r\u00e1da v Belgii upe\u010du. A kdy\u017e nen\u00ed sez\u00f3nn\u00edho ovoce, se kter\u00fdm r\u00e1da pe\u010du kol\u00e1\u010de, tak na sebe makovec ned\u00e1 \u010dekat.\" width=\"1170\" height=\"1755\"><\/p>\n<p style=\"text-align: justify;\">N\u011bkdy je t\u011b\u017ek\u00e9 v zahrani\u010d\u00ed sehnat m\u00e1k. T\u0159eba v belgick\u00fdch supermarketech maj\u00ed balen\u00ed m\u00e1ku po p\u00e1r zrn\u00ed\u010dk\u00e1ch, \u010dasto kolem 100g (kdy\u017e u\u017e ho tedy v\u016fbec maj\u00ed). Ov\u0161em n\u011bkdo m\u00e1 to \u0161t\u011bst\u00ed na polsk\u00e9 obchody v okol\u00ed! \ud83d\ude00 Kdy\u017e jsem bydlela v Bruselu, chodila jsem do polsk\u00fdch obchod\u016f kdy\u017e bylo pot\u0159eba &#8211; je jich tam celkem dost a jsou dob\u0159e rozm\u00edst\u011bn\u00e9. V Limburgu se jich tak\u00e9 p\u00e1r d\u00e1 naj\u00edt, nejl\u00e9pe pak za hranicemi s Holandskem v mal\u00e9m sousedn\u00edm m\u011bste\u010dku Echt m\u00e1me asi nejbli\u017e\u0161\u00ed, nebo pak rovnou do N\u011bmecka do n\u011bjak\u00e9 s\u00e1mo\u0161ky, kde m\u00e1k maj\u00ed snad v\u0161ude.&nbsp;<\/p>\n<p><img loading=\"lazy\" decoding=\"async\" src=\"https:\/\/1001voyagesgourmands.com\/wp-content\/uploads\/2022\/01\/Makovec-4-1170x1755.jpg\" alt=\"\u010cesk\u00e1 klasika, kterou ob\u010das r\u00e1da v Belgii upe\u010du. A kdy\u017e nen\u00ed sez\u00f3nn\u00edho ovoce, se kter\u00fdm r\u00e1da pe\u010du kol\u00e1\u010de, tak na sebe makovec ned\u00e1 \u010dekat.\" width=\"1170\" height=\"1755\"><\/p>\n<p style=\"text-align: justify;\">Jak u Pol\u00e1k\u016f tak v N\u011bmecku se d\u00e1 sehnat i t\u0159eba hotov\u00e1 makov\u00e1 n\u00e1pl\u0148 (na m\u016fj vkus je tam ale hodn\u011b cukru).&nbsp;Jen\u017ee i kdy\u017e u\u017e ho se\u017eenete, v\u011bt\u0161inou stejn\u011b nen\u00ed mlet\u00fd. A pr\u00e1v\u011b na makovec ho mlet\u00fd pot\u0159ebujete. N\u011bkdo to \u0159e\u0161\u00ed ml\u00fdnkem, jin\u00fd osobn\u00edm dovozem ji\u017e mlet\u00e9ho m\u00e1ku z \u010cR. J\u00e1 ho melu v p\u0159\u00edstroji Monsieur Cuisine, kter\u00fd jsme kdysi dostali.&nbsp;<\/p>\n<p><img loading=\"lazy\" decoding=\"async\" src=\"https:\/\/1001voyagesgourmands.com\/wp-content\/uploads\/2022\/01\/Makovec-5-1170x1755.jpg\" alt=\"\u010cesk\u00e1 klasika, kterou ob\u010das r\u00e1da v Belgii upe\u010du. A kdy\u017e nen\u00ed sez\u00f3nn\u00edho ovoce, se kter\u00fdm r\u00e1da pe\u010du kol\u00e1\u010de, tak na sebe makovec ned\u00e1 \u010dekat.\" width=\"1170\" height=\"1755\"><\/p>\n<p style=\"text-align: justify;\">Tak tady je m\u016fj recept, kter\u00fd pe\u010du po\u0159\u00e1d dokola, ob\u010das poleju citronovou polevou a ozdob\u00edm \u010derstv\u00fdm ryb\u00edzem, jindy ho j\u00edme jen tak nasucho a zap\u00edj\u00edme \u010dajem. Tak ho zkuste a douf\u00e1m, \u017ee v\u00e1m bude chutnat stejn\u011b tak, jako n\u00e1m. Pokud se na to vrhnete, sd\u00edlejte fotku na soci\u00e1ln\u00edch s\u00edt\u00edch a ozna\u010dte m\u011b, a\u0165 se pokoch\u00e1m! \ud83d\ude42<\/p>\n    <div id=\"penci-recipe-card\"><\/div>\r\n    <div class=\"wrapper-penci-recipe\">\r\n        <div class=\"penci-recipe penci-recipe-novertitle precipe-style-1\">\r\n            <div class=\"penci-recipe-heading\">\r\n\r\n\t\t\t\t\t\t\t\t\t                    <div class=\"penci-recipe-thumb\">\r\n\t\t\t\t\t\t                        <img decoding=\"async\" src=\"https:\/\/1001voyagesgourmands.com\/wp-content\/uploads\/2022\/01\/Makovec-3-585x585.jpg\"\r\n                             alt=\"\u010cesk\u00e1 klasika, kterou ob\u010das r\u00e1da v Belgii upe\u010du. A kdy\u017e nen\u00ed sez\u00f3nn\u00edho ovoce, se kter\u00fdm r\u00e1da pe\u010du kol\u00e1\u010de, tak na sebe makovec ned\u00e1 \u010dekat.\" title=\"Makovec-3\" \/>\r\n\t\t\t\t\t\t\t\t\t\t\t\t\t\t\t\t\t\t\t\t\t\t\t\t                    <\/div>\r\n\t\t\t\t\r\n                <div class=\"penci-recipe-metades\">\r\n\t\t\t\t\t                        <h2 class=\"recipe-title-nooverlay\">Makovec<\/h2>\r\n\t\t\t\t\t\r\n\t\t\t\t\t                        <a href=\"#\" class=\"penci-recipe-print-btn penci-recipe-print\"\r\n                           data-print=\"https:\/\/1001voyagesgourmands.com\/wp-content\/plugins\/penci-recipe\/inc\/print.css?ver=4.0\"><i class=\"penci-faicon fa fa-print\" ><\/i>Print<\/a>\r\n\t\t\t\t\t\r\n\t\t\t\t\t\r\n\t\t\t\t\t\r\n\t\t\t\t\t                        <div class=\"penci-recipe-rating penci-nutrition\">\r\n                            <i class=\"penci-ficon ficon-fire\"><\/i><span\r\n                                    class=\"nutrition-lable\">Nutrition facts:<\/span>\r\n                            <span class=\"nutrition-item\">200 calories<\/span>\r\n                            <span class=\"nutrition-item\">20 grams fat<\/span>\r\n                        <\/div>\r\n\t\t\t\t\t\r\n\t\t\t\t\t                        <div class=\"penci-recipe-rating penci-recipe-review\" data-recipe-id=\"29787\">\r\n\t\t\t\t\t\t\t<span class=\"penci-rate-text\">\r\n\t\t\t\t\t\t\t\tRating: \t\t\t\t\t\t\t\t<span class=\"penci-rate-number\">5.0<\/span>\/5\r\n\t\t\t\t\t\t\t<\/span>\r\n                            <div class=\"penci_rateyo\" id=\"penci_rateyo\" data-allow=\"1\"\r\n                                 data-rate=\"5.0\"\r\n                                 data-postid=\"29787\"\r\n                                 data-people=\"1\"\r\n                                 data-total=\"5\"><\/div>\r\n                            <span class=\"penci-numbers-rate\">( <span\r\n                                        class=\"penci-number-people\">1<\/span> voted )<\/span>\r\n                        <\/div>\r\n\t\t\t\t\t                <\/div>\r\n            <\/div>\r\n\r\n\t\t\t\r\n\t\t\t                <div class=\"penci-recipe-ingredients penci-recipe-ingre-visual\">\r\n                    <h3 class=\"penci-recipe-title\">Ingredients<\/h3>\r\n\t\t\t\t\t\t\t\t\t\t\t<p><strong>Na makovec:<\/strong><\/p>\n<p>200 g polohrub\u00e9 mouky<br \/>\n100 g mlet\u00e9ho m\u00e1ku<br \/>\n1 kyp\u0159\u00edc\u00ed pr\u00e1\u0161ek do pe\u010diva<br \/>\n3 vejce<br \/>\n160 g t\u0159tinov\u00e9ho cukru<br \/>\n1 l\u017ei\u010dka vanilkov\u00e9ho extraktu<br \/>\n2 l\u017e\u00edce povidel<br \/>\n240 ml ml\u00e9ka<\/p>\n<p><strong><br \/>\nNa polevu:<\/strong><\/p>\n<p>120 g mou\u010dkov\u00e9ho cukru<br \/>\n2-3 l\u017e\u00edce citronov\u00e9 \u0161\u0165\u00e1vy<\/p>\n\t\t\t\t\t                <\/div>\r\n\t\t\t\r\n\t\t\t                <div class=\"penci-recipe-method\">\r\n                    <h3 class=\"penci-recipe-title\">Instructions<\/h3>\r\n\t\t\t\t\t<p>Kulatou kol\u00e1\u010dovou formu vyma\u017eeme a vysypeme hrubou moukou nebo vylo\u017e\u00edme pe\u010d\u00edc\u00edm pap\u00edrem. Troubu p\u0159edeh\u0159ejeme na 170\u00b0C.<\/p>\n<p>Mouku, m\u00e1k a kyp\u0159\u00edc\u00ed pr\u00e1\u0161ek prosejeme dohromady a d\u00e1me stranou.<\/p>\n<p>Ve velk\u00e9 zad\u011bl\u00e1vac\u00ed m\u00edse \u010di m\u00edse robota vy\u0161leh\u00e1me vejce s cukrem a vanilkou, p\u0159id\u00e1me povidla a pot\u00e9 postupn\u011b p\u0159im\u00edch\u00e1me ml\u00e9ko a sypk\u00e9 suroviny.&nbsp; &nbsp;<\/p>\n<p>Pe\u010deme v p\u0159edeh\u0159\u00e1t\u00e9 troub\u011b asi 30-40 minut, nebo dokud nevyjde \u0161pejle such\u00e1.<\/p>\n<p>Vychladl\u00fd makovec m\u016f\u017eeme pot\u0159\u00edt citronovou polevou. a ozdobit ryb\u00edzem.<\/p>\n                <\/div>\r\n\t\t\t\r\n\t\t\t        <\/div>\r\n    <\/div>\r\n\t\r\n\t\n<p><img loading=\"lazy\" decoding=\"async\" src=\"https:\/\/1001voyagesgourmands.com\/wp-content\/uploads\/2022\/01\/Makovec-6-1170x1755.jpg\" alt=\"\u010cesk\u00e1 klasika, kterou ob\u010das r\u00e1da v Belgii upe\u010du. A kdy\u017e nen\u00ed sez\u00f3nn\u00edho ovoce, se kter\u00fdm r\u00e1da pe\u010du kol\u00e1\u010de, tak na sebe makovec ned\u00e1 \u010dekat.\" width=\"1170\" height=\"1755\"> <img loading=\"lazy\" decoding=\"async\" src=\"https:\/\/1001voyagesgourmands.com\/wp-content\/uploads\/2022\/01\/Makovec-7-1170x1755.jpg\" alt=\"\u010cesk\u00e1 klasika, kterou ob\u010das r\u00e1da v Belgii upe\u010du. A kdy\u017e nen\u00ed sez\u00f3nn\u00edho ovoce, se kter\u00fdm r\u00e1da pe\u010du kol\u00e1\u010de, tak na sebe makovec ned\u00e1 \u010dekat.\" width=\"1170\" height=\"1755\"><\/p>\n","protected":false},"excerpt":{"rendered":"<p>S lednem n\u00e1m doma ub\u00fdv\u00e1 v\u00e1no\u010dn\u00edho cukrov\u00ed a po kr\u00e1tk\u00e9 pauze je op\u011bt chu\u0165 na n\u011bjakou tu dobrotu a zas n\u011bco up\u00e9ct, m\u00e1te to tak\u00e9 tak? Jestli jo, co t\u0159eba pr\u00e1v\u011b ud\u011blat makovec, kter\u00fd nen\u00ed nijak p\u0159eslazen\u00fd, zasyt\u00ed v\u00e1s a je\u0161t\u011b dod\u00e1 v\u00e1pn\u00edk?&nbsp; \u010cesk\u00e1 klasika, kterou jednou za \u010das r\u00e1da&hellip;<\/p>\n","protected":false},"author":1,"featured_media":29800,"comment_status":"open","ping_status":"open","sticky":false,"template":"","format":"standard","meta":{"_exactmetrics_skip_tracking":false,"_exactmetrics_sitenote_active":false,"_exactmetrics_sitenote_note":"","_exactmetrics_sitenote_category":0,"_lmt_disableupdate":"","_lmt_disable":"","footnotes":""},"categories":[21,12],"tags":[],"class_list":["post-29787","post","type-post","status-publish","format-standard","has-post-thumbnail","hentry","category-kolace-dorty","category-recepty"],"yoast_head":"<!-- This site is optimized with the Yoast SEO plugin v26.1.1 - https:\/\/yoast.com\/wordpress\/plugins\/seo\/ -->\n<title>Makovec - 1001 Voyages Gourmands<\/title>\n<meta name=\"description\" content=\"\u010cesk\u00e1 klasika, kterou ob\u010das r\u00e1da v Belgii upe\u010du. A kdy\u017e nen\u00ed sez\u00f3nn\u00edho ovoce, se kter\u00fdm r\u00e1da pe\u010du kol\u00e1\u010de, tak na sebe makovec ned\u00e1 \u010dekat.\" \/>\n<meta name=\"robots\" content=\"index, follow, max-snippet:-1, max-image-preview:large, max-video-preview:-1\" \/>\n<link rel=\"canonical\" href=\"https:\/\/1001voyagesgourmands.com\/cs\/makovec\/\" \/>\n<meta property=\"og:locale\" content=\"cs_CZ\" \/>\n<meta property=\"og:type\" content=\"article\" \/>\n<meta property=\"og:title\" content=\"Makovec - 1001 Voyages Gourmands\" \/>\n<meta property=\"og:description\" content=\"\u010cesk\u00e1 klasika, kterou ob\u010das r\u00e1da v Belgii upe\u010du. A kdy\u017e nen\u00ed sez\u00f3nn\u00edho ovoce, se kter\u00fdm r\u00e1da pe\u010du kol\u00e1\u010de, tak na sebe makovec ned\u00e1 \u010dekat.\" \/>\n<meta property=\"og:url\" content=\"https:\/\/1001voyagesgourmands.com\/cs\/makovec\/\" \/>\n<meta property=\"og:site_name\" content=\"1001 Voyages Gourmands\" \/>\n<meta property=\"article:publisher\" content=\"https:\/\/www.facebook.com\/1001voyagesgourmands\" \/>\n<meta property=\"article:published_time\" content=\"2022-02-03T14:04:50+00:00\" \/>\n<meta property=\"article:modified_time\" content=\"2022-02-03T14:08:53+00:00\" \/>\n<meta property=\"og:image\" content=\"https:\/\/1001voyagesgourmands.com\/wp-content\/uploads\/2022\/01\/Makovec-3-scaled.jpg\" \/>\n\t<meta property=\"og:image:width\" content=\"1707\" \/>\n\t<meta property=\"og:image:height\" content=\"2560\" \/>\n\t<meta property=\"og:image:type\" content=\"image\/jpeg\" \/>\n<meta name=\"author\" content=\"Michaela\" \/>\n<meta name=\"twitter:card\" content=\"summary_large_image\" \/>\n<meta name=\"twitter:creator\" content=\"@michaela_1001vg\" \/>\n<meta name=\"twitter:site\" content=\"@michaela_1001vg\" \/>\n<meta name=\"twitter:label1\" content=\"Napsal(a)\" \/>\n\t<meta name=\"twitter:data1\" content=\"Michaela\" \/>\n\t<meta name=\"twitter:label2\" content=\"Odhadovan\u00e1 doba \u010dten\u00ed\" \/>\n\t<meta name=\"twitter:data2\" content=\"3 minuty\" \/>\n<script type=\"application\/ld+json\" class=\"yoast-schema-graph\">{\"@context\":\"https:\/\/schema.org\",\"@graph\":[{\"@type\":\"WebPage\",\"@id\":\"https:\/\/1001voyagesgourmands.com\/cs\/makovec\/\",\"url\":\"https:\/\/1001voyagesgourmands.com\/cs\/makovec\/\",\"name\":\"Makovec - 1001 Voyages Gourmands\",\"isPartOf\":{\"@id\":\"https:\/\/1001voyagesgourmands.com\/cs\/#website\"},\"primaryImageOfPage\":{\"@id\":\"https:\/\/1001voyagesgourmands.com\/cs\/makovec\/#primaryimage\"},\"image\":{\"@id\":\"https:\/\/1001voyagesgourmands.com\/cs\/makovec\/#primaryimage\"},\"thumbnailUrl\":\"https:\/\/1001voyagesgourmands.com\/wp-content\/uploads\/2022\/01\/Makovec-3-scaled.jpg\",\"datePublished\":\"2022-02-03T14:04:50+00:00\",\"dateModified\":\"2022-02-03T14:08:53+00:00\",\"author\":{\"@id\":\"https:\/\/1001voyagesgourmands.com\/cs\/#\/schema\/person\/62e0e7238fcf7482b23bf83e1b72ff1b\"},\"description\":\"\u010cesk\u00e1 klasika, kterou ob\u010das r\u00e1da v Belgii upe\u010du. A kdy\u017e nen\u00ed sez\u00f3nn\u00edho ovoce, se kter\u00fdm r\u00e1da pe\u010du kol\u00e1\u010de, tak na sebe makovec ned\u00e1 \u010dekat.\",\"breadcrumb\":{\"@id\":\"https:\/\/1001voyagesgourmands.com\/cs\/makovec\/#breadcrumb\"},\"inLanguage\":\"cs\",\"potentialAction\":[{\"@type\":\"ReadAction\",\"target\":[\"https:\/\/1001voyagesgourmands.com\/cs\/makovec\/\"]}]},{\"@type\":\"ImageObject\",\"inLanguage\":\"cs\",\"@id\":\"https:\/\/1001voyagesgourmands.com\/cs\/makovec\/#primaryimage\",\"url\":\"https:\/\/1001voyagesgourmands.com\/wp-content\/uploads\/2022\/01\/Makovec-3-scaled.jpg\",\"contentUrl\":\"https:\/\/1001voyagesgourmands.com\/wp-content\/uploads\/2022\/01\/Makovec-3-scaled.jpg\",\"width\":1707,\"height\":2560,\"caption\":\"\u010cesk\u00e1 klasika, kterou ob\u010das r\u00e1da v Belgii upe\u010du. A kdy\u017e nen\u00ed sez\u00f3nn\u00edho ovoce, se kter\u00fdm r\u00e1da pe\u010du kol\u00e1\u010de, tak na sebe makovec ned\u00e1 \u010dekat.\"},{\"@type\":\"BreadcrumbList\",\"@id\":\"https:\/\/1001voyagesgourmands.com\/cs\/makovec\/#breadcrumb\",\"itemListElement\":[{\"@type\":\"ListItem\",\"position\":1,\"name\":\"Dom\u016f\",\"item\":\"https:\/\/1001voyagesgourmands.com\/cs\/\"},{\"@type\":\"ListItem\",\"position\":2,\"name\":\"Makovec\"}]},{\"@type\":\"WebSite\",\"@id\":\"https:\/\/1001voyagesgourmands.com\/cs\/#website\",\"url\":\"https:\/\/1001voyagesgourmands.com\/cs\/\",\"name\":\"1001 Voyages Gourmands\",\"description\":\"Food | Travel | Photography\",\"potentialAction\":[{\"@type\":\"SearchAction\",\"target\":{\"@type\":\"EntryPoint\",\"urlTemplate\":\"https:\/\/1001voyagesgourmands.com\/cs\/?s={search_term_string}\"},\"query-input\":{\"@type\":\"PropertyValueSpecification\",\"valueRequired\":true,\"valueName\":\"search_term_string\"}}],\"inLanguage\":\"cs\"},{\"@type\":\"Person\",\"@id\":\"https:\/\/1001voyagesgourmands.com\/cs\/#\/schema\/person\/62e0e7238fcf7482b23bf83e1b72ff1b\",\"name\":\"Michaela\",\"image\":{\"@type\":\"ImageObject\",\"inLanguage\":\"cs\",\"@id\":\"https:\/\/1001voyagesgourmands.com\/cs\/#\/schema\/person\/image\/\",\"url\":\"https:\/\/secure.gravatar.com\/avatar\/73fa562a5b0ce269ca480f67de504b8ecac054a121d170e226f1b79e02024cb8?s=96&d=mm&r=g\",\"contentUrl\":\"https:\/\/secure.gravatar.com\/avatar\/73fa562a5b0ce269ca480f67de504b8ecac054a121d170e226f1b79e02024cb8?s=96&d=mm&r=g\",\"caption\":\"Michaela\"},\"sameAs\":[\"http:\/\/1001voyagesgourmands.com\"]}]}<\/script>\n<!-- \/ Yoast SEO plugin. -->","yoast_head_json":{"title":"Makovec - 1001 Voyages Gourmands","description":"\u010cesk\u00e1 klasika, kterou ob\u010das r\u00e1da v Belgii upe\u010du. A kdy\u017e nen\u00ed sez\u00f3nn\u00edho ovoce, se kter\u00fdm r\u00e1da pe\u010du kol\u00e1\u010de, tak na sebe makovec ned\u00e1 \u010dekat.","robots":{"index":"index","follow":"follow","max-snippet":"max-snippet:-1","max-image-preview":"max-image-preview:large","max-video-preview":"max-video-preview:-1"},"canonical":"https:\/\/1001voyagesgourmands.com\/cs\/makovec\/","og_locale":"cs_CZ","og_type":"article","og_title":"Makovec - 1001 Voyages Gourmands","og_description":"\u010cesk\u00e1 klasika, kterou ob\u010das r\u00e1da v Belgii upe\u010du. A kdy\u017e nen\u00ed sez\u00f3nn\u00edho ovoce, se kter\u00fdm r\u00e1da pe\u010du kol\u00e1\u010de, tak na sebe makovec ned\u00e1 \u010dekat.","og_url":"https:\/\/1001voyagesgourmands.com\/cs\/makovec\/","og_site_name":"1001 Voyages Gourmands","article_publisher":"https:\/\/www.facebook.com\/1001voyagesgourmands","article_published_time":"2022-02-03T14:04:50+00:00","article_modified_time":"2022-02-03T14:08:53+00:00","og_image":[{"width":1707,"height":2560,"url":"https:\/\/1001voyagesgourmands.com\/wp-content\/uploads\/2022\/01\/Makovec-3-scaled.jpg","type":"image\/jpeg"}],"author":"Michaela","twitter_card":"summary_large_image","twitter_creator":"@michaela_1001vg","twitter_site":"@michaela_1001vg","twitter_misc":{"Napsal(a)":"Michaela","Odhadovan\u00e1 doba \u010dten\u00ed":"3 minuty"},"schema":{"@context":"https:\/\/schema.org","@graph":[{"@type":"WebPage","@id":"https:\/\/1001voyagesgourmands.com\/cs\/makovec\/","url":"https:\/\/1001voyagesgourmands.com\/cs\/makovec\/","name":"Makovec - 1001 Voyages Gourmands","isPartOf":{"@id":"https:\/\/1001voyagesgourmands.com\/cs\/#website"},"primaryImageOfPage":{"@id":"https:\/\/1001voyagesgourmands.com\/cs\/makovec\/#primaryimage"},"image":{"@id":"https:\/\/1001voyagesgourmands.com\/cs\/makovec\/#primaryimage"},"thumbnailUrl":"https:\/\/1001voyagesgourmands.com\/wp-content\/uploads\/2022\/01\/Makovec-3-scaled.jpg","datePublished":"2022-02-03T14:04:50+00:00","dateModified":"2022-02-03T14:08:53+00:00","author":{"@id":"https:\/\/1001voyagesgourmands.com\/cs\/#\/schema\/person\/62e0e7238fcf7482b23bf83e1b72ff1b"},"description":"\u010cesk\u00e1 klasika, kterou ob\u010das r\u00e1da v Belgii upe\u010du. A kdy\u017e nen\u00ed sez\u00f3nn\u00edho ovoce, se kter\u00fdm r\u00e1da pe\u010du kol\u00e1\u010de, tak na sebe makovec ned\u00e1 \u010dekat.","breadcrumb":{"@id":"https:\/\/1001voyagesgourmands.com\/cs\/makovec\/#breadcrumb"},"inLanguage":"cs","potentialAction":[{"@type":"ReadAction","target":["https:\/\/1001voyagesgourmands.com\/cs\/makovec\/"]}]},{"@type":"ImageObject","inLanguage":"cs","@id":"https:\/\/1001voyagesgourmands.com\/cs\/makovec\/#primaryimage","url":"https:\/\/1001voyagesgourmands.com\/wp-content\/uploads\/2022\/01\/Makovec-3-scaled.jpg","contentUrl":"https:\/\/1001voyagesgourmands.com\/wp-content\/uploads\/2022\/01\/Makovec-3-scaled.jpg","width":1707,"height":2560,"caption":"\u010cesk\u00e1 klasika, kterou ob\u010das r\u00e1da v Belgii upe\u010du. A kdy\u017e nen\u00ed sez\u00f3nn\u00edho ovoce, se kter\u00fdm r\u00e1da pe\u010du kol\u00e1\u010de, tak na sebe makovec ned\u00e1 \u010dekat."},{"@type":"BreadcrumbList","@id":"https:\/\/1001voyagesgourmands.com\/cs\/makovec\/#breadcrumb","itemListElement":[{"@type":"ListItem","position":1,"name":"Dom\u016f","item":"https:\/\/1001voyagesgourmands.com\/cs\/"},{"@type":"ListItem","position":2,"name":"Makovec"}]},{"@type":"WebSite","@id":"https:\/\/1001voyagesgourmands.com\/cs\/#website","url":"https:\/\/1001voyagesgourmands.com\/cs\/","name":"1001 Voyages Gourmands","description":"Food | Travel | Photography","potentialAction":[{"@type":"SearchAction","target":{"@type":"EntryPoint","urlTemplate":"https:\/\/1001voyagesgourmands.com\/cs\/?s={search_term_string}"},"query-input":{"@type":"PropertyValueSpecification","valueRequired":true,"valueName":"search_term_string"}}],"inLanguage":"cs"},{"@type":"Person","@id":"https:\/\/1001voyagesgourmands.com\/cs\/#\/schema\/person\/62e0e7238fcf7482b23bf83e1b72ff1b","name":"Michaela","image":{"@type":"ImageObject","inLanguage":"cs","@id":"https:\/\/1001voyagesgourmands.com\/cs\/#\/schema\/person\/image\/","url":"https:\/\/secure.gravatar.com\/avatar\/73fa562a5b0ce269ca480f67de504b8ecac054a121d170e226f1b79e02024cb8?s=96&d=mm&r=g","contentUrl":"https:\/\/secure.gravatar.com\/avatar\/73fa562a5b0ce269ca480f67de504b8ecac054a121d170e226f1b79e02024cb8?s=96&d=mm&r=g","caption":"Michaela"},"sameAs":["http:\/\/1001voyagesgourmands.com"]}]}},"_links":{"self":[{"href":"https:\/\/1001voyagesgourmands.com\/cs\/wp-json\/wp\/v2\/posts\/29787","targetHints":{"allow":["GET"]}}],"collection":[{"href":"https:\/\/1001voyagesgourmands.com\/cs\/wp-json\/wp\/v2\/posts"}],"about":[{"href":"https:\/\/1001voyagesgourmands.com\/cs\/wp-json\/wp\/v2\/types\/post"}],"author":[{"embeddable":true,"href":"https:\/\/1001voyagesgourmands.com\/cs\/wp-json\/wp\/v2\/users\/1"}],"replies":[{"embeddable":true,"href":"https:\/\/1001voyagesgourmands.com\/cs\/wp-json\/wp\/v2\/comments?post=29787"}],"version-history":[{"count":24,"href":"https:\/\/1001voyagesgourmands.com\/cs\/wp-json\/wp\/v2\/posts\/29787\/revisions"}],"predecessor-version":[{"id":29839,"href":"https:\/\/1001voyagesgourmands.com\/cs\/wp-json\/wp\/v2\/posts\/29787\/revisions\/29839"}],"wp:featuredmedia":[{"embeddable":true,"href":"https:\/\/1001voyagesgourmands.com\/cs\/wp-json\/wp\/v2\/media\/29800"}],"wp:attachment":[{"href":"https:\/\/1001voyagesgourmands.com\/cs\/wp-json\/wp\/v2\/media?parent=29787"}],"wp:term":[{"taxonomy":"category","embeddable":true,"href":"https:\/\/1001voyagesgourmands.com\/cs\/wp-json\/wp\/v2\/categories?post=29787"},{"taxonomy":"post_tag","embeddable":true,"href":"https:\/\/1001voyagesgourmands.com\/cs\/wp-json\/wp\/v2\/tags?post=29787"}],"curies":[{"name":"wp","href":"https:\/\/api.w.org\/{rel}","templated":true}]}}