{"id":28975,"date":"2021-06-30T22:02:18","date_gmt":"2021-06-30T20:02:18","guid":{"rendered":"https:\/\/1001voyagesgourmands.com\/?p=28975"},"modified":"2021-06-30T22:02:18","modified_gmt":"2021-06-30T20:02:18","slug":"mista-ktera-jsme-si-oblibili-v-aude-languedoc-roussillon","status":"publish","type":"post","link":"https:\/\/1001voyagesgourmands.com\/cs\/mista-ktera-jsme-si-oblibili-v-aude-languedoc-roussillon\/","title":{"rendered":"M\u00edsta, kter\u00e1 jsme si obl\u00edbili v Aude, Languedoc-Roussillon"},"content":{"rendered":"<p style=\"text-align: justify;\">T\u00edmto navazuji na <a href=\"https:\/\/1001voyagesgourmands.com\/cs\/krasna-mista-v-ariege-midi-pyrenees\/\">jeden z p\u0159edchoz\u00edch \u010dl\u00e1nk\u016f o na\u0161em lo\u0148sk\u00e9m v\u00fdletov\u00e1n\u00ed po Ari\u00e8ge, m\u00e9n\u011b zn\u00e1m\u00e9m koutu ji\u017en\u00ed Francie,<\/a> b\u011bhem kter\u00e9ho jsme nav\u0161t\u00edvili tak\u00e9 p\u00e1r m\u00edst v sousedn\u00edm departmetu Aude, kter\u00fd ji\u017e pat\u0159\u00ed pod dal\u0161\u00ed kr\u00e1sn\u00fd region Languedoc-Roussillon. Zaujaly n\u00e1s zejm\u00e9na prvn\u00ed dv\u011b zast\u00e1vky, proto\u017ee jde o kr\u00e1sn\u00e9 a unik\u00e1tn\u00ed vesni\u010dky, a cht\u011bla jsem to sem hodit jako dal\u0161\u00ed tipy v oblasti, pokud n\u011bkdo pl\u00e1nujete nav\u0161t\u00edvit v l\u00e9t\u011b ji\u017en\u00ed Francii. Tak snad se bude hodit.&nbsp;<\/p>\n<p>&nbsp;<\/p>\n<h3>Montolieu<\/h3>\n<p style=\"text-align: justify;\">Ten den jsme si ud\u011blali rodinn\u00fd v\u00fdlet i s rodi\u010dema a prvn\u00ed zast\u00e1vka byla v Montolieu le\u017e\u00edc\u00ed v srdci vina\u0159sk\u00e9 oblasti Cabard\u00e8s. Tuhle v\u00edsku na\u0161el Steven a jako\u017eto prav\u00e9ho bibliofila ho nesm\u00edrn\u011b zaujala. Mluv\u00ed se o n\u00ed toti\u017e jako o &#8222;Vesnici knih&#8220; (Village du livre) &#8211; najdete tu na dv\u011b des\u00edtky obch\u016fdk\u016f s knihami, v\u011bt\u0161inou antikvari\u00e1ty, a je tu i muzeum historie knihy, tisku a typografie. Pro\u0161li jsme si j\u00ed asi za hodinku, kdy\u017e nepo\u010d\u00edt\u00e1m zast\u00e1vky v t\u011bch antikvari\u00e1tech, ze kter\u00fdch jsme neode\u0161li s pr\u00e1zdnou. \ud83d\ude42 Pak jsme pokra\u010dovali do dal\u0161\u00ed vesnice, jen na p\u016fli cesty jsme si ud\u011blali n\u011bkde u vinic piknik, kter\u00fd pro n\u00e1s rodi\u010de nachystali zat\u00edmco jsme se r\u00e1no vypravovali.<\/p>\n<p><img loading=\"lazy\" decoding=\"async\" class=\"aligncenter wp-image-28795\" src=\"https:\/\/1001voyagesgourmands.com\/wp-content\/uploads\/2021\/05\/Ariege-15-1-683x1024.jpg\" alt=\"B\u011bhem pobytu v Ari\u00e8ge jsme nav\u0161t\u00edvili i p\u00e1r m\u00edst v sousedn\u00edm departmetu Aude, kter\u00fd ji\u017e pat\u0159\u00ed pod dal\u0161\u00ed kr\u00e1sn\u00fd region Languedoc-Roussillon.\" width=\"837\" height=\"1255\" srcset=\"https:\/\/1001voyagesgourmands.com\/wp-content\/uploads\/2021\/05\/Ariege-15-1-683x1024.jpg 683w, https:\/\/1001voyagesgourmands.com\/wp-content\/uploads\/2021\/05\/Ariege-15-1-200x300.jpg 200w, https:\/\/1001voyagesgourmands.com\/wp-content\/uploads\/2021\/05\/Ariege-15-1-768x1152.jpg 768w, https:\/\/1001voyagesgourmands.com\/wp-content\/uploads\/2021\/05\/Ariege-15-1-1024x1536.jpg 1024w, https:\/\/1001voyagesgourmands.com\/wp-content\/uploads\/2021\/05\/Ariege-15-1-1365x2048.jpg 1365w, https:\/\/1001voyagesgourmands.com\/wp-content\/uploads\/2021\/05\/Ariege-15-1-1170x1755.jpg 1170w, https:\/\/1001voyagesgourmands.com\/wp-content\/uploads\/2021\/05\/Ariege-15-1-585x878.jpg 585w, https:\/\/1001voyagesgourmands.com\/wp-content\/uploads\/2021\/05\/Ariege-15-1-scaled.jpg 1707w\" sizes=\"auto, (max-width: 837px) 100vw, 837px\" \/><\/p>\n<p><img loading=\"lazy\" decoding=\"async\" class=\"aligncenter wp-image-28793\" src=\"https:\/\/1001voyagesgourmands.com\/wp-content\/uploads\/2021\/05\/Ariege-14-1-683x1024.jpg\" alt=\"\" width=\"826\" height=\"1238\" srcset=\"https:\/\/1001voyagesgourmands.com\/wp-content\/uploads\/2021\/05\/Ariege-14-1-683x1024.jpg 683w, https:\/\/1001voyagesgourmands.com\/wp-content\/uploads\/2021\/05\/Ariege-14-1-200x300.jpg 200w, https:\/\/1001voyagesgourmands.com\/wp-content\/uploads\/2021\/05\/Ariege-14-1-768x1152.jpg 768w, https:\/\/1001voyagesgourmands.com\/wp-content\/uploads\/2021\/05\/Ariege-14-1-1024x1536.jpg 1024w, https:\/\/1001voyagesgourmands.com\/wp-content\/uploads\/2021\/05\/Ariege-14-1-1365x2048.jpg 1365w, https:\/\/1001voyagesgourmands.com\/wp-content\/uploads\/2021\/05\/Ariege-14-1-1170x1755.jpg 1170w, https:\/\/1001voyagesgourmands.com\/wp-content\/uploads\/2021\/05\/Ariege-14-1-585x878.jpg 585w, https:\/\/1001voyagesgourmands.com\/wp-content\/uploads\/2021\/05\/Ariege-14-1-scaled.jpg 1707w\" sizes=\"auto, (max-width: 826px) 100vw, 826px\" \/><\/p>\n<p><img loading=\"lazy\" decoding=\"async\" class=\"aligncenter wp-image-28791\" src=\"https:\/\/1001voyagesgourmands.com\/wp-content\/uploads\/2021\/05\/Ariege-13-1-683x1024.jpg\" alt=\"B\u011bhem pobytu v Ari\u00e8ge jsme nav\u0161t\u00edvili i p\u00e1r m\u00edst v sousedn\u00edm departmetu Aude, kter\u00fd ji\u017e pat\u0159\u00ed pod dal\u0161\u00ed kr\u00e1sn\u00fd region Languedoc-Roussillon.\" width=\"838\" height=\"1256\" srcset=\"https:\/\/1001voyagesgourmands.com\/wp-content\/uploads\/2021\/05\/Ariege-13-1-683x1024.jpg 683w, https:\/\/1001voyagesgourmands.com\/wp-content\/uploads\/2021\/05\/Ariege-13-1-200x300.jpg 200w, https:\/\/1001voyagesgourmands.com\/wp-content\/uploads\/2021\/05\/Ariege-13-1-768x1152.jpg 768w, https:\/\/1001voyagesgourmands.com\/wp-content\/uploads\/2021\/05\/Ariege-13-1-1024x1536.jpg 1024w, https:\/\/1001voyagesgourmands.com\/wp-content\/uploads\/2021\/05\/Ariege-13-1-1365x2048.jpg 1365w, https:\/\/1001voyagesgourmands.com\/wp-content\/uploads\/2021\/05\/Ariege-13-1-1170x1755.jpg 1170w, https:\/\/1001voyagesgourmands.com\/wp-content\/uploads\/2021\/05\/Ariege-13-1-585x878.jpg 585w, https:\/\/1001voyagesgourmands.com\/wp-content\/uploads\/2021\/05\/Ariege-13-1-scaled.jpg 1707w\" sizes=\"auto, (max-width: 838px) 100vw, 838px\" \/><\/p>\n<p><img loading=\"lazy\" decoding=\"async\" class=\"aligncenter wp-image-28797\" src=\"https:\/\/1001voyagesgourmands.com\/wp-content\/uploads\/2021\/05\/Ariege-16-1-683x1024.jpg\" alt=\"B\u011bhem pobytu v Ari\u00e8ge jsme nav\u0161t\u00edvili i p\u00e1r m\u00edst v sousedn\u00edm departmetu Aude, kter\u00fd ji\u017e pat\u0159\u00ed pod dal\u0161\u00ed kr\u00e1sn\u00fd region Languedoc-Roussillon.\" width=\"807\" height=\"1210\" srcset=\"https:\/\/1001voyagesgourmands.com\/wp-content\/uploads\/2021\/05\/Ariege-16-1-683x1024.jpg 683w, https:\/\/1001voyagesgourmands.com\/wp-content\/uploads\/2021\/05\/Ariege-16-1-200x300.jpg 200w, https:\/\/1001voyagesgourmands.com\/wp-content\/uploads\/2021\/05\/Ariege-16-1-768x1152.jpg 768w, https:\/\/1001voyagesgourmands.com\/wp-content\/uploads\/2021\/05\/Ariege-16-1-1024x1536.jpg 1024w, https:\/\/1001voyagesgourmands.com\/wp-content\/uploads\/2021\/05\/Ariege-16-1-1365x2048.jpg 1365w, https:\/\/1001voyagesgourmands.com\/wp-content\/uploads\/2021\/05\/Ariege-16-1-1170x1755.jpg 1170w, https:\/\/1001voyagesgourmands.com\/wp-content\/uploads\/2021\/05\/Ariege-16-1-585x878.jpg 585w, https:\/\/1001voyagesgourmands.com\/wp-content\/uploads\/2021\/05\/Ariege-16-1-scaled.jpg 1707w\" sizes=\"auto, (max-width: 807px) 100vw, 807px\" \/><\/p>\n<p><img loading=\"lazy\" decoding=\"async\" class=\"aligncenter size-large wp-image-28799\" src=\"https:\/\/1001voyagesgourmands.com\/wp-content\/uploads\/2021\/05\/Ariege-17-1-1024x685.jpg\" alt=\"B\u011bhem pobytu v Ari\u00e8ge jsme nav\u0161t\u00edvili i p\u00e1r m\u00edst v sousedn\u00edm departmetu Aude, kter\u00fd ji\u017e pat\u0159\u00ed pod dal\u0161\u00ed kr\u00e1sn\u00fd region Languedoc-Roussillon.\" width=\"1024\" height=\"685\" srcset=\"https:\/\/1001voyagesgourmands.com\/wp-content\/uploads\/2021\/05\/Ariege-17-1-1024x685.jpg 1024w, https:\/\/1001voyagesgourmands.com\/wp-content\/uploads\/2021\/05\/Ariege-17-1-300x201.jpg 300w, https:\/\/1001voyagesgourmands.com\/wp-content\/uploads\/2021\/05\/Ariege-17-1-768x514.jpg 768w, https:\/\/1001voyagesgourmands.com\/wp-content\/uploads\/2021\/05\/Ariege-17-1-1536x1028.jpg 1536w, https:\/\/1001voyagesgourmands.com\/wp-content\/uploads\/2021\/05\/Ariege-17-1-2048x1371.jpg 2048w, https:\/\/1001voyagesgourmands.com\/wp-content\/uploads\/2021\/05\/Ariege-17-1-1920x1285.jpg 1920w, https:\/\/1001voyagesgourmands.com\/wp-content\/uploads\/2021\/05\/Ariege-17-1-1170x783.jpg 1170w, https:\/\/1001voyagesgourmands.com\/wp-content\/uploads\/2021\/05\/Ariege-17-1-585x392.jpg 585w, https:\/\/1001voyagesgourmands.com\/wp-content\/uploads\/2021\/05\/Ariege-17-1-263x175.jpg 263w\" sizes=\"auto, (max-width: 1024px) 100vw, 1024px\" \/><\/p>\n<p><img loading=\"lazy\" decoding=\"async\" class=\"aligncenter size-large wp-image-28805\" src=\"https:\/\/1001voyagesgourmands.com\/wp-content\/uploads\/2021\/05\/Ariege-20-1-1024x685.jpg\" alt=\"\" width=\"1024\" height=\"685\" srcset=\"https:\/\/1001voyagesgourmands.com\/wp-content\/uploads\/2021\/05\/Ariege-20-1-1024x685.jpg 1024w, https:\/\/1001voyagesgourmands.com\/wp-content\/uploads\/2021\/05\/Ariege-20-1-300x201.jpg 300w, https:\/\/1001voyagesgourmands.com\/wp-content\/uploads\/2021\/05\/Ariege-20-1-768x514.jpg 768w, https:\/\/1001voyagesgourmands.com\/wp-content\/uploads\/2021\/05\/Ariege-20-1-1536x1028.jpg 1536w, https:\/\/1001voyagesgourmands.com\/wp-content\/uploads\/2021\/05\/Ariege-20-1-2048x1371.jpg 2048w, https:\/\/1001voyagesgourmands.com\/wp-content\/uploads\/2021\/05\/Ariege-20-1-1920x1285.jpg 1920w, https:\/\/1001voyagesgourmands.com\/wp-content\/uploads\/2021\/05\/Ariege-20-1-1170x783.jpg 1170w, https:\/\/1001voyagesgourmands.com\/wp-content\/uploads\/2021\/05\/Ariege-20-1-585x392.jpg 585w, https:\/\/1001voyagesgourmands.com\/wp-content\/uploads\/2021\/05\/Ariege-20-1-263x175.jpg 263w\" sizes=\"auto, (max-width: 1024px) 100vw, 1024px\" \/><\/p>\n<p>&nbsp;<\/p>\n<h3>Lagrasse<\/h3>\n<p style=\"text-align: justify;\">Dal\u0161\u00ed st\u0159edov\u011bkk\u00e1 vesnice pat\u0159\u00edc\u00ed k t\u011bm nejkr\u00e1sn\u011bj\u0161\u00edm francouzsk\u00fdm vesni\u010dk\u00e1m. Lagrasse v\u00e9vod\u00ed impozantn\u00ed Benediktinsk\u00e9 opatstv\u00ed Ste Marie d&#8217;Orbieu z 8. stolet\u00ed na b\u0159ehu \u0159eky, je\u017e ho d\u011bl\u00ed od st\u0159edov\u011bkk\u00e9ho centra a most Pont Vieux ze 14. stolet\u00ed. V uli\u010dk\u00e1ch v centru vesnice najdete mal\u00e9 obch\u016fdky s artisan\u00e1ln\u00edmi a lok\u00e1ln\u00edmi v\u00fdrobky, vina\u0159sk\u00e9 obch\u016fdky, a star\u00e9 domy, je\u017e vesnici tak\u00e9 d\u00e1vaj\u00ed \u0161arm. Ten den bylo velk\u00e9 horko, a tak jsme to tu vzali letmo, smo\u010dili nohy v \u0159ece Orbieu, kde se tehd\u00e1 koupala asi p\u016flka vesnice. \ud83d\ude42 Jednou bych se sem r\u00e1da vr\u00e1tila a pobyla tu d\u00e9le, je\u0161t\u011b si proj\u00edt star\u00fd most ze 14. stolet\u00ed (takov\u00fd venkovsk\u00fd Karl\u016fv most), nav\u0161t\u00edvit gotick\u00fd kl\u00e1\u0161ter \u010di si prohl\u00e9dnout po\u0159\u00e1dn\u011b v\u0161echny ty kr\u00e1sn\u00e9 star\u00e9 domy. \ud83d\ude42<\/p>\n<p><img loading=\"lazy\" decoding=\"async\" class=\"aligncenter wp-image-28811\" src=\"https:\/\/1001voyagesgourmands.com\/wp-content\/uploads\/2021\/05\/Ariege-23-1-683x1024.jpg\" alt=\"B\u011bhem pobytu v Ari\u00e8ge jsme nav\u0161t\u00edvili i p\u00e1r m\u00edst v sousedn\u00edm departmetu Aude, kter\u00fd ji\u017e pat\u0159\u00ed pod dal\u0161\u00ed kr\u00e1sn\u00fd region Languedoc-Roussillon.\" width=\"826\" height=\"1238\" srcset=\"https:\/\/1001voyagesgourmands.com\/wp-content\/uploads\/2021\/05\/Ariege-23-1-683x1024.jpg 683w, https:\/\/1001voyagesgourmands.com\/wp-content\/uploads\/2021\/05\/Ariege-23-1-200x300.jpg 200w, https:\/\/1001voyagesgourmands.com\/wp-content\/uploads\/2021\/05\/Ariege-23-1-768x1152.jpg 768w, https:\/\/1001voyagesgourmands.com\/wp-content\/uploads\/2021\/05\/Ariege-23-1-1024x1536.jpg 1024w, https:\/\/1001voyagesgourmands.com\/wp-content\/uploads\/2021\/05\/Ariege-23-1-1365x2048.jpg 1365w, https:\/\/1001voyagesgourmands.com\/wp-content\/uploads\/2021\/05\/Ariege-23-1-1170x1755.jpg 1170w, https:\/\/1001voyagesgourmands.com\/wp-content\/uploads\/2021\/05\/Ariege-23-1-585x878.jpg 585w, https:\/\/1001voyagesgourmands.com\/wp-content\/uploads\/2021\/05\/Ariege-23-1-scaled.jpg 1707w\" sizes=\"auto, (max-width: 826px) 100vw, 826px\" \/><\/p>\n<p><img loading=\"lazy\" decoding=\"async\" class=\"aligncenter size-large wp-image-28813\" src=\"https:\/\/1001voyagesgourmands.com\/wp-content\/uploads\/2021\/05\/Ariege-24-1-1024x683.jpg\" alt=\"B\u011bhem pobytu v Ari\u00e8ge jsme nav\u0161t\u00edvili i p\u00e1r m\u00edst v sousedn\u00edm departmetu Aude, kter\u00fd ji\u017e pat\u0159\u00ed pod dal\u0161\u00ed kr\u00e1sn\u00fd region Languedoc-Roussillon.\" width=\"1024\" height=\"683\" srcset=\"https:\/\/1001voyagesgourmands.com\/wp-content\/uploads\/2021\/05\/Ariege-24-1-1024x683.jpg 1024w, https:\/\/1001voyagesgourmands.com\/wp-content\/uploads\/2021\/05\/Ariege-24-1-300x200.jpg 300w, https:\/\/1001voyagesgourmands.com\/wp-content\/uploads\/2021\/05\/Ariege-24-1-768x512.jpg 768w, https:\/\/1001voyagesgourmands.com\/wp-content\/uploads\/2021\/05\/Ariege-24-1-1536x1024.jpg 1536w, https:\/\/1001voyagesgourmands.com\/wp-content\/uploads\/2021\/05\/Ariege-24-1-2048x1365.jpg 2048w, https:\/\/1001voyagesgourmands.com\/wp-content\/uploads\/2021\/05\/Ariege-24-1-1920x1280.jpg 1920w, https:\/\/1001voyagesgourmands.com\/wp-content\/uploads\/2021\/05\/Ariege-24-1-1170x780.jpg 1170w, https:\/\/1001voyagesgourmands.com\/wp-content\/uploads\/2021\/05\/Ariege-24-1-585x390.jpg 585w, https:\/\/1001voyagesgourmands.com\/wp-content\/uploads\/2021\/05\/Ariege-24-1-263x175.jpg 263w\" sizes=\"auto, (max-width: 1024px) 100vw, 1024px\" \/><\/p>\n<p><img loading=\"lazy\" decoding=\"async\" class=\"aligncenter wp-image-28817\" src=\"https:\/\/1001voyagesgourmands.com\/wp-content\/uploads\/2021\/05\/Ariege-26-1-683x1024.jpg\" alt=\"B\u011bhem pobytu v Ari\u00e8ge jsme nav\u0161t\u00edvili i p\u00e1r m\u00edst v sousedn\u00edm departmetu Aude, kter\u00fd ji\u017e pat\u0159\u00ed pod dal\u0161\u00ed kr\u00e1sn\u00fd region Languedoc-Roussillon.\" width=\"860\" height=\"1289\" srcset=\"https:\/\/1001voyagesgourmands.com\/wp-content\/uploads\/2021\/05\/Ariege-26-1-683x1024.jpg 683w, https:\/\/1001voyagesgourmands.com\/wp-content\/uploads\/2021\/05\/Ariege-26-1-200x300.jpg 200w, https:\/\/1001voyagesgourmands.com\/wp-content\/uploads\/2021\/05\/Ariege-26-1-768x1152.jpg 768w, https:\/\/1001voyagesgourmands.com\/wp-content\/uploads\/2021\/05\/Ariege-26-1-1024x1536.jpg 1024w, https:\/\/1001voyagesgourmands.com\/wp-content\/uploads\/2021\/05\/Ariege-26-1-1365x2048.jpg 1365w, https:\/\/1001voyagesgourmands.com\/wp-content\/uploads\/2021\/05\/Ariege-26-1-1170x1755.jpg 1170w, https:\/\/1001voyagesgourmands.com\/wp-content\/uploads\/2021\/05\/Ariege-26-1-585x878.jpg 585w, https:\/\/1001voyagesgourmands.com\/wp-content\/uploads\/2021\/05\/Ariege-26-1-scaled.jpg 1707w\" sizes=\"auto, (max-width: 860px) 100vw, 860px\" \/><\/p>\n<p><img loading=\"lazy\" decoding=\"async\" class=\"aligncenter size-large wp-image-28929\" src=\"https:\/\/1001voyagesgourmands.com\/wp-content\/uploads\/2021\/05\/Ariege-82-1024x724.jpg\" alt=\"B\u011bhem pobytu v Ari\u00e8ge jsme nav\u0161t\u00edvili i p\u00e1r m\u00edst v sousedn\u00edm departmetu Aude, kter\u00fd ji\u017e pat\u0159\u00ed pod dal\u0161\u00ed kr\u00e1sn\u00fd region Languedoc-Roussillon.\" width=\"1024\" height=\"724\" srcset=\"https:\/\/1001voyagesgourmands.com\/wp-content\/uploads\/2021\/05\/Ariege-82-1024x724.jpg 1024w, https:\/\/1001voyagesgourmands.com\/wp-content\/uploads\/2021\/05\/Ariege-82-300x212.jpg 300w, https:\/\/1001voyagesgourmands.com\/wp-content\/uploads\/2021\/05\/Ariege-82-768x543.jpg 768w, https:\/\/1001voyagesgourmands.com\/wp-content\/uploads\/2021\/05\/Ariege-82-1536x1086.jpg 1536w, https:\/\/1001voyagesgourmands.com\/wp-content\/uploads\/2021\/05\/Ariege-82-2048x1448.jpg 2048w, https:\/\/1001voyagesgourmands.com\/wp-content\/uploads\/2021\/05\/Ariege-82-1920x1357.jpg 1920w, https:\/\/1001voyagesgourmands.com\/wp-content\/uploads\/2021\/05\/Ariege-82-1170x827.jpg 1170w, https:\/\/1001voyagesgourmands.com\/wp-content\/uploads\/2021\/05\/Ariege-82-585x413.jpg 585w\" sizes=\"auto, (max-width: 1024px) 100vw, 1024px\" \/><\/p>\n<p><img loading=\"lazy\" decoding=\"async\" class=\"aligncenter wp-image-28819\" src=\"https:\/\/1001voyagesgourmands.com\/wp-content\/uploads\/2021\/05\/Ariege-27-1-683x1024.jpg\" alt=\"B\u011bhem pobytu v Ari\u00e8ge jsme nav\u0161t\u00edvili i p\u00e1r m\u00edst v sousedn\u00edm departmetu Aude, kter\u00fd ji\u017e pat\u0159\u00ed pod dal\u0161\u00ed kr\u00e1sn\u00fd region Languedoc-Roussillon.\" width=\"785\" height=\"1177\" srcset=\"https:\/\/1001voyagesgourmands.com\/wp-content\/uploads\/2021\/05\/Ariege-27-1-683x1024.jpg 683w, https:\/\/1001voyagesgourmands.com\/wp-content\/uploads\/2021\/05\/Ariege-27-1-200x300.jpg 200w, https:\/\/1001voyagesgourmands.com\/wp-content\/uploads\/2021\/05\/Ariege-27-1-768x1152.jpg 768w, https:\/\/1001voyagesgourmands.com\/wp-content\/uploads\/2021\/05\/Ariege-27-1-1024x1536.jpg 1024w, https:\/\/1001voyagesgourmands.com\/wp-content\/uploads\/2021\/05\/Ariege-27-1-1365x2048.jpg 1365w, https:\/\/1001voyagesgourmands.com\/wp-content\/uploads\/2021\/05\/Ariege-27-1-1170x1755.jpg 1170w, https:\/\/1001voyagesgourmands.com\/wp-content\/uploads\/2021\/05\/Ariege-27-1-585x878.jpg 585w, https:\/\/1001voyagesgourmands.com\/wp-content\/uploads\/2021\/05\/Ariege-27-1-scaled.jpg 1707w\" sizes=\"auto, (max-width: 785px) 100vw, 785px\" \/><\/p>\n<p><img loading=\"lazy\" decoding=\"async\" class=\"aligncenter wp-image-28815\" src=\"https:\/\/1001voyagesgourmands.com\/wp-content\/uploads\/2021\/05\/Ariege-25-1-683x1024.jpg\" alt=\"\" width=\"938\" height=\"1406\" srcset=\"https:\/\/1001voyagesgourmands.com\/wp-content\/uploads\/2021\/05\/Ariege-25-1-683x1024.jpg 683w, https:\/\/1001voyagesgourmands.com\/wp-content\/uploads\/2021\/05\/Ariege-25-1-200x300.jpg 200w, https:\/\/1001voyagesgourmands.com\/wp-content\/uploads\/2021\/05\/Ariege-25-1-768x1152.jpg 768w, https:\/\/1001voyagesgourmands.com\/wp-content\/uploads\/2021\/05\/Ariege-25-1-1024x1536.jpg 1024w, https:\/\/1001voyagesgourmands.com\/wp-content\/uploads\/2021\/05\/Ariege-25-1-1365x2048.jpg 1365w, https:\/\/1001voyagesgourmands.com\/wp-content\/uploads\/2021\/05\/Ariege-25-1-1170x1755.jpg 1170w, https:\/\/1001voyagesgourmands.com\/wp-content\/uploads\/2021\/05\/Ariege-25-1-585x878.jpg 585w, https:\/\/1001voyagesgourmands.com\/wp-content\/uploads\/2021\/05\/Ariege-25-1-scaled.jpg 1707w\" sizes=\"auto, (max-width: 938px) 100vw, 938px\" \/><\/p>\n<p><img loading=\"lazy\" decoding=\"async\" class=\"aligncenter wp-image-28821\" src=\"https:\/\/1001voyagesgourmands.com\/wp-content\/uploads\/2021\/05\/Ariege-28-1-732x1024.jpg\" alt=\"\" width=\"787\" height=\"1101\" srcset=\"https:\/\/1001voyagesgourmands.com\/wp-content\/uploads\/2021\/05\/Ariege-28-1-732x1024.jpg 732w, https:\/\/1001voyagesgourmands.com\/wp-content\/uploads\/2021\/05\/Ariege-28-1-214x300.jpg 214w, https:\/\/1001voyagesgourmands.com\/wp-content\/uploads\/2021\/05\/Ariege-28-1-768x1075.jpg 768w, https:\/\/1001voyagesgourmands.com\/wp-content\/uploads\/2021\/05\/Ariege-28-1-1097x1536.jpg 1097w, https:\/\/1001voyagesgourmands.com\/wp-content\/uploads\/2021\/05\/Ariege-28-1-1463x2048.jpg 1463w, https:\/\/1001voyagesgourmands.com\/wp-content\/uploads\/2021\/05\/Ariege-28-1-1920x2687.jpg 1920w, https:\/\/1001voyagesgourmands.com\/wp-content\/uploads\/2021\/05\/Ariege-28-1-1170x1638.jpg 1170w, https:\/\/1001voyagesgourmands.com\/wp-content\/uploads\/2021\/05\/Ariege-28-1-585x819.jpg 585w, https:\/\/1001voyagesgourmands.com\/wp-content\/uploads\/2021\/05\/Ariege-28-1-scaled.jpg 1829w\" sizes=\"auto, (max-width: 787px) 100vw, 787px\" \/><\/p>\n<p><img loading=\"lazy\" decoding=\"async\" class=\"aligncenter wp-image-28931\" src=\"https:\/\/1001voyagesgourmands.com\/wp-content\/uploads\/2021\/05\/Ariege-83-724x1024.jpg\" alt=\"\" width=\"783\" height=\"1107\" srcset=\"https:\/\/1001voyagesgourmands.com\/wp-content\/uploads\/2021\/05\/Ariege-83-724x1024.jpg 724w, https:\/\/1001voyagesgourmands.com\/wp-content\/uploads\/2021\/05\/Ariege-83-212x300.jpg 212w, https:\/\/1001voyagesgourmands.com\/wp-content\/uploads\/2021\/05\/Ariege-83-768x1087.jpg 768w, https:\/\/1001voyagesgourmands.com\/wp-content\/uploads\/2021\/05\/Ariege-83-1086x1536.jpg 1086w, https:\/\/1001voyagesgourmands.com\/wp-content\/uploads\/2021\/05\/Ariege-83-1448x2048.jpg 1448w, https:\/\/1001voyagesgourmands.com\/wp-content\/uploads\/2021\/05\/Ariege-83-1920x2716.jpg 1920w, https:\/\/1001voyagesgourmands.com\/wp-content\/uploads\/2021\/05\/Ariege-83-1170x1655.jpg 1170w, https:\/\/1001voyagesgourmands.com\/wp-content\/uploads\/2021\/05\/Ariege-83-585x828.jpg 585w, https:\/\/1001voyagesgourmands.com\/wp-content\/uploads\/2021\/05\/Ariege-83-scaled.jpg 1809w\" sizes=\"auto, (max-width: 783px) 100vw, 783px\" \/><\/p>\n<p><img loading=\"lazy\" decoding=\"async\" class=\"aligncenter size-large wp-image-28823\" src=\"https:\/\/1001voyagesgourmands.com\/wp-content\/uploads\/2021\/05\/Ariege-29-768x1024.jpg\" alt=\"\" width=\"768\" height=\"1024\" srcset=\"https:\/\/1001voyagesgourmands.com\/wp-content\/uploads\/2021\/05\/Ariege-29-768x1024.jpg 768w, https:\/\/1001voyagesgourmands.com\/wp-content\/uploads\/2021\/05\/Ariege-29-225x300.jpg 225w, https:\/\/1001voyagesgourmands.com\/wp-content\/uploads\/2021\/05\/Ariege-29-1152x1536.jpg 1152w, https:\/\/1001voyagesgourmands.com\/wp-content\/uploads\/2021\/05\/Ariege-29-1536x2048.jpg 1536w, https:\/\/1001voyagesgourmands.com\/wp-content\/uploads\/2021\/05\/Ariege-29-scaled.jpg 1920w, https:\/\/1001voyagesgourmands.com\/wp-content\/uploads\/2021\/05\/Ariege-29-1170x1560.jpg 1170w, https:\/\/1001voyagesgourmands.com\/wp-content\/uploads\/2021\/05\/Ariege-29-585x780.jpg 585w\" sizes=\"auto, (max-width: 768px) 100vw, 768px\" \/><\/p>\n<p>&nbsp;<\/p>\n<h3>Carcassonne<\/h3>\n<p style=\"text-align: justify;\">Cestou do na\u0161ich vytipovan\u00fdch vesni\u010dek v departmentu Aude jsme projeli kolem hradu v Carcassone. Bohu\u017eel kv\u016fli covidu jsme tohle turistick\u00e9 m\u00edsto vypustili z itiner\u00e1\u0159e \u00fapln\u011b, nicm\u00e9n\u011b hrad tam stoj\u00ed stalet\u00ed, tak si mysl\u00edm, \u017ee nikam neute\u010de, ne\u017e se tam dostaneme p\u0159\u00ed\u0161t\u011b. \ud83d\ude09 Fote\u010dku jsme si ale ud\u011blali \ud83d\ude00<\/p>\n<p><img loading=\"lazy\" decoding=\"async\" class=\"aligncenter size-large wp-image-28801\" src=\"https:\/\/1001voyagesgourmands.com\/wp-content\/uploads\/2021\/05\/Ariege-18-1-1024x576.jpg\" alt=\"B\u011bhem pobytu v Ari\u00e8ge jsme nav\u0161t\u00edvili i p\u00e1r m\u00edst v sousedn\u00edm departmetu Aude, kter\u00fd ji\u017e pat\u0159\u00ed pod dal\u0161\u00ed kr\u00e1sn\u00fd region Languedoc-Roussillon.\" width=\"1024\" height=\"576\" srcset=\"https:\/\/1001voyagesgourmands.com\/wp-content\/uploads\/2021\/05\/Ariege-18-1-1024x576.jpg 1024w, https:\/\/1001voyagesgourmands.com\/wp-content\/uploads\/2021\/05\/Ariege-18-1-300x169.jpg 300w, https:\/\/1001voyagesgourmands.com\/wp-content\/uploads\/2021\/05\/Ariege-18-1-768x432.jpg 768w, https:\/\/1001voyagesgourmands.com\/wp-content\/uploads\/2021\/05\/Ariege-18-1-1536x864.jpg 1536w, https:\/\/1001voyagesgourmands.com\/wp-content\/uploads\/2021\/05\/Ariege-18-1-2048x1152.jpg 2048w, https:\/\/1001voyagesgourmands.com\/wp-content\/uploads\/2021\/05\/Ariege-18-1-1920x1080.jpg 1920w, https:\/\/1001voyagesgourmands.com\/wp-content\/uploads\/2021\/05\/Ariege-18-1-1170x658.jpg 1170w, https:\/\/1001voyagesgourmands.com\/wp-content\/uploads\/2021\/05\/Ariege-18-1-585x329.jpg 585w\" sizes=\"auto, (max-width: 1024px) 100vw, 1024px\" \/><\/p>\n<p>&nbsp;<\/p>\n<h3>Vinice a v\u00edno<\/h3>\n<p style=\"text-align: justify;\">Jeliko\u017e jsme byli ve Francii, cht\u011bli jsme se pod\u00edvat i n\u011bkam k m\u00edstn\u00edm vina\u0159\u016fm, ale bohu\u017eel jsme si n\u00e1v\u0161t\u011bvu nerezervovali dop\u0159edu (covid opat\u0159en\u00ed), tak jsme jen p\u0159ijeli k doporu\u010den\u00e9 <a href=\"https:\/\/www.domainebegude.com\/index.php\" target=\"_blank\" rel=\"noopener noreferrer\">Domaine Begude<\/a> kousek od Limoux a odjeli (bylo to tam ale kr\u00e1sn\u00e9!). Cestou jsme se courli vinicemi a sna\u017eili se Adelince vysv\u011btlit, jak\u00fd osud \u010dek\u00e1 ty hrozny. \ud83d\ude00&nbsp;<\/p>\n<p><img loading=\"lazy\" decoding=\"async\" class=\"aligncenter wp-image-28781\" src=\"https:\/\/1001voyagesgourmands.com\/wp-content\/uploads\/2021\/05\/Ariege-8-1-683x1024.jpg\" alt=\"\" width=\"887\" height=\"1330\" srcset=\"https:\/\/1001voyagesgourmands.com\/wp-content\/uploads\/2021\/05\/Ariege-8-1-683x1024.jpg 683w, https:\/\/1001voyagesgourmands.com\/wp-content\/uploads\/2021\/05\/Ariege-8-1-200x300.jpg 200w, https:\/\/1001voyagesgourmands.com\/wp-content\/uploads\/2021\/05\/Ariege-8-1-768x1152.jpg 768w, https:\/\/1001voyagesgourmands.com\/wp-content\/uploads\/2021\/05\/Ariege-8-1-1024x1536.jpg 1024w, https:\/\/1001voyagesgourmands.com\/wp-content\/uploads\/2021\/05\/Ariege-8-1-1365x2048.jpg 1365w, https:\/\/1001voyagesgourmands.com\/wp-content\/uploads\/2021\/05\/Ariege-8-1-1170x1755.jpg 1170w, https:\/\/1001voyagesgourmands.com\/wp-content\/uploads\/2021\/05\/Ariege-8-1-585x878.jpg 585w, https:\/\/1001voyagesgourmands.com\/wp-content\/uploads\/2021\/05\/Ariege-8-1-scaled.jpg 1707w\" sizes=\"auto, (max-width: 887px) 100vw, 887px\" \/><\/p>\n<p><img loading=\"lazy\" decoding=\"async\" class=\"aligncenter wp-image-28923\" src=\"https:\/\/1001voyagesgourmands.com\/wp-content\/uploads\/2021\/05\/Ariege-79-724x1024.jpg\" alt=\"\" width=\"869\" height=\"1229\" srcset=\"https:\/\/1001voyagesgourmands.com\/wp-content\/uploads\/2021\/05\/Ariege-79-724x1024.jpg 724w, https:\/\/1001voyagesgourmands.com\/wp-content\/uploads\/2021\/05\/Ariege-79-212x300.jpg 212w, https:\/\/1001voyagesgourmands.com\/wp-content\/uploads\/2021\/05\/Ariege-79-768x1087.jpg 768w, https:\/\/1001voyagesgourmands.com\/wp-content\/uploads\/2021\/05\/Ariege-79-1086x1536.jpg 1086w, https:\/\/1001voyagesgourmands.com\/wp-content\/uploads\/2021\/05\/Ariege-79-1448x2048.jpg 1448w, https:\/\/1001voyagesgourmands.com\/wp-content\/uploads\/2021\/05\/Ariege-79-1920x2716.jpg 1920w, https:\/\/1001voyagesgourmands.com\/wp-content\/uploads\/2021\/05\/Ariege-79-1170x1655.jpg 1170w, https:\/\/1001voyagesgourmands.com\/wp-content\/uploads\/2021\/05\/Ariege-79-585x828.jpg 585w, https:\/\/1001voyagesgourmands.com\/wp-content\/uploads\/2021\/05\/Ariege-79-scaled.jpg 1809w\" sizes=\"auto, (max-width: 869px) 100vw, 869px\" \/><\/p>\n<p><img loading=\"lazy\" decoding=\"async\" class=\"aligncenter wp-image-28779\" src=\"https:\/\/1001voyagesgourmands.com\/wp-content\/uploads\/2021\/05\/Ariege-7-1-683x1024.jpg\" alt=\"B\u011bhem pobytu v Ari\u00e8ge jsme nav\u0161t\u00edvili i p\u00e1r m\u00edst v sousedn\u00edm departmetu Aude, kter\u00fd ji\u017e pat\u0159\u00ed pod dal\u0161\u00ed kr\u00e1sn\u00fd region Languedoc-Roussillon.\" width=\"774\" height=\"1160\" srcset=\"https:\/\/1001voyagesgourmands.com\/wp-content\/uploads\/2021\/05\/Ariege-7-1-683x1024.jpg 683w, https:\/\/1001voyagesgourmands.com\/wp-content\/uploads\/2021\/05\/Ariege-7-1-200x300.jpg 200w, https:\/\/1001voyagesgourmands.com\/wp-content\/uploads\/2021\/05\/Ariege-7-1-768x1152.jpg 768w, https:\/\/1001voyagesgourmands.com\/wp-content\/uploads\/2021\/05\/Ariege-7-1-1024x1536.jpg 1024w, https:\/\/1001voyagesgourmands.com\/wp-content\/uploads\/2021\/05\/Ariege-7-1-1365x2048.jpg 1365w, https:\/\/1001voyagesgourmands.com\/wp-content\/uploads\/2021\/05\/Ariege-7-1-1170x1755.jpg 1170w, https:\/\/1001voyagesgourmands.com\/wp-content\/uploads\/2021\/05\/Ariege-7-1-585x878.jpg 585w, https:\/\/1001voyagesgourmands.com\/wp-content\/uploads\/2021\/05\/Ariege-7-1-scaled.jpg 1707w\" sizes=\"auto, (max-width: 774px) 100vw, 774px\" \/><\/p>\n<p>&nbsp;<\/p>\n<h3>Cailhau and Fanjeaux<\/h3>\n<p style=\"text-align: justify;\">Pro kr\u00e1sn\u00e9 v\u00fdhledy do okoln\u00ed krajiny jsme v podve\u010der zajeli do t\u011bchto dvou v\u00edsek. Vesnice byly pr\u00e1zdn\u00e9, ba pust\u00e9, pro\u0161li jsme jen na vyhl\u00eddky v\u017edy na vyv\u00fd\u0161en\u00e9m m\u00edst\u011b u kostel\u00edka naho\u0159e. V\u00e1l tu p\u0159\u00edjemn\u00fd v\u011bt\u0159\u00edk a v\u00fdhledy byly fajn. V Cailhau jsme si dali odpoledn\u00ed sva\u010dinku p\u0159\u00edmo na vyhl\u00eddce, kde n\u00e1m k tomu v\u00e1l p\u0159\u00edjemn\u00fd v\u011bt\u0159\u00edk a do Fanjeaux jsme dojeli k ve\u010deru, kdy jsme se jen kochali poetickou vln\u011bnou krajinkou s poli, lesy a vinicemi.&nbsp;&nbsp;<\/p>\n<p><img loading=\"lazy\" decoding=\"async\" class=\"aligncenter wp-image-28785\" src=\"https:\/\/1001voyagesgourmands.com\/wp-content\/uploads\/2021\/05\/Ariege-10-1-683x1024.jpg\" alt=\"B\u011bhem pobytu v Ari\u00e8ge jsme nav\u0161t\u00edvili i p\u00e1r m\u00edst v sousedn\u00edm departmetu Aude, kter\u00fd ji\u017e pat\u0159\u00ed pod dal\u0161\u00ed kr\u00e1sn\u00fd region Languedoc-Roussillon.\" width=\"867\" height=\"1300\" srcset=\"https:\/\/1001voyagesgourmands.com\/wp-content\/uploads\/2021\/05\/Ariege-10-1-683x1024.jpg 683w, https:\/\/1001voyagesgourmands.com\/wp-content\/uploads\/2021\/05\/Ariege-10-1-200x300.jpg 200w, https:\/\/1001voyagesgourmands.com\/wp-content\/uploads\/2021\/05\/Ariege-10-1-768x1152.jpg 768w, https:\/\/1001voyagesgourmands.com\/wp-content\/uploads\/2021\/05\/Ariege-10-1-1024x1536.jpg 1024w, https:\/\/1001voyagesgourmands.com\/wp-content\/uploads\/2021\/05\/Ariege-10-1-1365x2048.jpg 1365w, https:\/\/1001voyagesgourmands.com\/wp-content\/uploads\/2021\/05\/Ariege-10-1-1170x1755.jpg 1170w, https:\/\/1001voyagesgourmands.com\/wp-content\/uploads\/2021\/05\/Ariege-10-1-585x878.jpg 585w, https:\/\/1001voyagesgourmands.com\/wp-content\/uploads\/2021\/05\/Ariege-10-1-scaled.jpg 1707w\" sizes=\"auto, (max-width: 867px) 100vw, 867px\" \/><\/p>\n<p><img loading=\"lazy\" decoding=\"async\" class=\"aligncenter wp-image-28787\" src=\"https:\/\/1001voyagesgourmands.com\/wp-content\/uploads\/2021\/05\/Ariege-11-1-683x1024.jpg\" alt=\"B\u011bhem pobytu v Ari\u00e8ge jsme nav\u0161t\u00edvili i p\u00e1r m\u00edst v sousedn\u00edm departmetu Aude, kter\u00fd ji\u017e pat\u0159\u00ed pod dal\u0161\u00ed kr\u00e1sn\u00fd region Languedoc-Roussillon.\" width=\"821\" height=\"1231\" srcset=\"https:\/\/1001voyagesgourmands.com\/wp-content\/uploads\/2021\/05\/Ariege-11-1-683x1024.jpg 683w, https:\/\/1001voyagesgourmands.com\/wp-content\/uploads\/2021\/05\/Ariege-11-1-200x300.jpg 200w, https:\/\/1001voyagesgourmands.com\/wp-content\/uploads\/2021\/05\/Ariege-11-1-768x1152.jpg 768w, https:\/\/1001voyagesgourmands.com\/wp-content\/uploads\/2021\/05\/Ariege-11-1-1024x1536.jpg 1024w, https:\/\/1001voyagesgourmands.com\/wp-content\/uploads\/2021\/05\/Ariege-11-1-1365x2048.jpg 1365w, https:\/\/1001voyagesgourmands.com\/wp-content\/uploads\/2021\/05\/Ariege-11-1-1170x1755.jpg 1170w, https:\/\/1001voyagesgourmands.com\/wp-content\/uploads\/2021\/05\/Ariege-11-1-585x878.jpg 585w, https:\/\/1001voyagesgourmands.com\/wp-content\/uploads\/2021\/05\/Ariege-11-1-scaled.jpg 1707w\" sizes=\"auto, (max-width: 821px) 100vw, 821px\" \/><\/p>\n<p><img loading=\"lazy\" decoding=\"async\" class=\"aligncenter size-large wp-image-28927\" src=\"https:\/\/1001voyagesgourmands.com\/wp-content\/uploads\/2021\/05\/Ariege-81-1024x724.jpg\" alt=\"\" width=\"1024\" height=\"724\" srcset=\"https:\/\/1001voyagesgourmands.com\/wp-content\/uploads\/2021\/05\/Ariege-81-1024x724.jpg 1024w, https:\/\/1001voyagesgourmands.com\/wp-content\/uploads\/2021\/05\/Ariege-81-300x212.jpg 300w, https:\/\/1001voyagesgourmands.com\/wp-content\/uploads\/2021\/05\/Ariege-81-768x543.jpg 768w, https:\/\/1001voyagesgourmands.com\/wp-content\/uploads\/2021\/05\/Ariege-81-1536x1086.jpg 1536w, https:\/\/1001voyagesgourmands.com\/wp-content\/uploads\/2021\/05\/Ariege-81-2048x1448.jpg 2048w, https:\/\/1001voyagesgourmands.com\/wp-content\/uploads\/2021\/05\/Ariege-81-1920x1357.jpg 1920w, https:\/\/1001voyagesgourmands.com\/wp-content\/uploads\/2021\/05\/Ariege-81-1170x827.jpg 1170w, https:\/\/1001voyagesgourmands.com\/wp-content\/uploads\/2021\/05\/Ariege-81-585x413.jpg 585w\" sizes=\"auto, (max-width: 1024px) 100vw, 1024px\" \/><\/p>\n<p><img loading=\"lazy\" decoding=\"async\" class=\"aligncenter size-large wp-image-28789\" src=\"https:\/\/1001voyagesgourmands.com\/wp-content\/uploads\/2021\/05\/Ariege-12-1-1024x683.jpg\" alt=\"B\u011bhem pobytu v Ari\u00e8ge jsme nav\u0161t\u00edvili i p\u00e1r m\u00edst v sousedn\u00edm departmetu Aude, kter\u00fd ji\u017e pat\u0159\u00ed pod dal\u0161\u00ed kr\u00e1sn\u00fd region Languedoc-Roussillon.\" width=\"1024\" height=\"683\" srcset=\"https:\/\/1001voyagesgourmands.com\/wp-content\/uploads\/2021\/05\/Ariege-12-1-1024x683.jpg 1024w, https:\/\/1001voyagesgourmands.com\/wp-content\/uploads\/2021\/05\/Ariege-12-1-300x200.jpg 300w, https:\/\/1001voyagesgourmands.com\/wp-content\/uploads\/2021\/05\/Ariege-12-1-768x512.jpg 768w, https:\/\/1001voyagesgourmands.com\/wp-content\/uploads\/2021\/05\/Ariege-12-1-1536x1024.jpg 1536w, https:\/\/1001voyagesgourmands.com\/wp-content\/uploads\/2021\/05\/Ariege-12-1-2048x1365.jpg 2048w, https:\/\/1001voyagesgourmands.com\/wp-content\/uploads\/2021\/05\/Ariege-12-1-1920x1280.jpg 1920w, https:\/\/1001voyagesgourmands.com\/wp-content\/uploads\/2021\/05\/Ariege-12-1-1170x780.jpg 1170w, https:\/\/1001voyagesgourmands.com\/wp-content\/uploads\/2021\/05\/Ariege-12-1-585x390.jpg 585w, https:\/\/1001voyagesgourmands.com\/wp-content\/uploads\/2021\/05\/Ariege-12-1-263x175.jpg 263w\" sizes=\"auto, (max-width: 1024px) 100vw, 1024px\" \/><\/p>\n<p style=\"text-align: justify;\">&nbsp;<\/p>\n","protected":false},"excerpt":{"rendered":"<p>T\u00edmto navazuji na jeden z p\u0159edchoz\u00edch \u010dl\u00e1nk\u016f o na\u0161em lo\u0148sk\u00e9m v\u00fdletov\u00e1n\u00ed po Ari\u00e8ge, m\u00e9n\u011b zn\u00e1m\u00e9m koutu ji\u017en\u00ed Francie, b\u011bhem kter\u00e9ho jsme nav\u0161t\u00edvili tak\u00e9 p\u00e1r m\u00edst v sousedn\u00edm departmetu Aude, kter\u00fd ji\u017e pat\u0159\u00ed pod dal\u0161\u00ed kr\u00e1sn\u00fd region Languedoc-Roussillon. Zaujaly n\u00e1s zejm\u00e9na prvn\u00ed dv\u011b zast\u00e1vky, proto\u017ee jde o kr\u00e1sn\u00e9 a unik\u00e1tn\u00ed vesni\u010dky,&hellip;<\/p>\n","protected":false},"author":1,"featured_media":28797,"comment_status":"open","ping_status":"open","sticky":false,"template":"","format":"standard","meta":{"_exactmetrics_skip_tracking":false,"_exactmetrics_sitenote_active":false,"_exactmetrics_sitenote_note":"","_exactmetrics_sitenote_category":0,"_lmt_disableupdate":"","_lmt_disable":"","footnotes":""},"categories":[4,7],"tags":[],"class_list":["post-28975","post","type-post","status-publish","format-standard","has-post-thumbnail","hentry","category-cestovani","category-francie"],"yoast_head":"<!-- This site is optimized with the Yoast SEO plugin v26.1.1 - https:\/\/yoast.com\/wordpress\/plugins\/seo\/ -->\n<title>M\u00edsta, kter\u00e1 jsme si obl\u00edbili v Aude, Languedoc-Roussillon - 1001 Voyages Gourmands<\/title>\n<meta name=\"description\" content=\"B\u011bhem pobytu v Ari\u00e8ge jsme nav\u0161t\u00edvili i p\u00e1r m\u00edst v sousedn\u00edm departmetu Aude, kter\u00fd ji\u017e pat\u0159\u00ed pod dal\u0161\u00ed kr\u00e1sn\u00fd region Languedoc-Roussillon.\" \/>\n<meta name=\"robots\" content=\"index, follow, max-snippet:-1, max-image-preview:large, max-video-preview:-1\" \/>\n<link rel=\"canonical\" href=\"https:\/\/1001voyagesgourmands.com\/cs\/mista-ktera-jsme-si-oblibili-v-aude-languedoc-roussillon\/\" \/>\n<meta property=\"og:locale\" content=\"cs_CZ\" \/>\n<meta property=\"og:type\" content=\"article\" \/>\n<meta property=\"og:title\" content=\"M\u00edsta, kter\u00e1 jsme si obl\u00edbili v Aude, Languedoc-Roussillon - 1001 Voyages Gourmands\" \/>\n<meta property=\"og:description\" content=\"B\u011bhem pobytu v Ari\u00e8ge jsme nav\u0161t\u00edvili i p\u00e1r m\u00edst v sousedn\u00edm departmetu Aude, kter\u00fd ji\u017e pat\u0159\u00ed pod dal\u0161\u00ed kr\u00e1sn\u00fd region Languedoc-Roussillon.\" \/>\n<meta property=\"og:url\" content=\"https:\/\/1001voyagesgourmands.com\/cs\/mista-ktera-jsme-si-oblibili-v-aude-languedoc-roussillon\/\" \/>\n<meta property=\"og:site_name\" content=\"1001 Voyages Gourmands\" \/>\n<meta property=\"article:publisher\" content=\"https:\/\/www.facebook.com\/1001voyagesgourmands\" \/>\n<meta property=\"article:published_time\" content=\"2021-06-30T20:02:18+00:00\" \/>\n<meta property=\"og:image\" content=\"https:\/\/1001voyagesgourmands.com\/wp-content\/uploads\/2021\/05\/Ariege-16-1-scaled.jpg\" \/>\n\t<meta property=\"og:image:width\" content=\"1707\" \/>\n\t<meta property=\"og:image:height\" content=\"2560\" \/>\n\t<meta property=\"og:image:type\" content=\"image\/jpeg\" \/>\n<meta name=\"author\" content=\"Michaela\" \/>\n<meta name=\"twitter:card\" content=\"summary_large_image\" \/>\n<meta name=\"twitter:creator\" content=\"@michaela_1001vg\" \/>\n<meta name=\"twitter:site\" content=\"@michaela_1001vg\" \/>\n<meta name=\"twitter:label1\" content=\"Napsal(a)\" \/>\n\t<meta name=\"twitter:data1\" content=\"Michaela\" \/>\n\t<meta name=\"twitter:label2\" content=\"Odhadovan\u00e1 doba \u010dten\u00ed\" \/>\n\t<meta name=\"twitter:data2\" content=\"7 minut\" \/>\n<script type=\"application\/ld+json\" class=\"yoast-schema-graph\">{\"@context\":\"https:\/\/schema.org\",\"@graph\":[{\"@type\":\"WebPage\",\"@id\":\"https:\/\/1001voyagesgourmands.com\/cs\/mista-ktera-jsme-si-oblibili-v-aude-languedoc-roussillon\/\",\"url\":\"https:\/\/1001voyagesgourmands.com\/cs\/mista-ktera-jsme-si-oblibili-v-aude-languedoc-roussillon\/\",\"name\":\"M\u00edsta, kter\u00e1 jsme si obl\u00edbili v Aude, Languedoc-Roussillon - 1001 Voyages Gourmands\",\"isPartOf\":{\"@id\":\"https:\/\/1001voyagesgourmands.com\/cs\/#website\"},\"primaryImageOfPage\":{\"@id\":\"https:\/\/1001voyagesgourmands.com\/cs\/mista-ktera-jsme-si-oblibili-v-aude-languedoc-roussillon\/#primaryimage\"},\"image\":{\"@id\":\"https:\/\/1001voyagesgourmands.com\/cs\/mista-ktera-jsme-si-oblibili-v-aude-languedoc-roussillon\/#primaryimage\"},\"thumbnailUrl\":\"https:\/\/1001voyagesgourmands.com\/wp-content\/uploads\/2021\/05\/Ariege-16-1-scaled.jpg\",\"datePublished\":\"2021-06-30T20:02:18+00:00\",\"author\":{\"@id\":\"https:\/\/1001voyagesgourmands.com\/cs\/#\/schema\/person\/62e0e7238fcf7482b23bf83e1b72ff1b\"},\"description\":\"B\u011bhem pobytu v Ari\u00e8ge jsme nav\u0161t\u00edvili i p\u00e1r m\u00edst v sousedn\u00edm departmetu Aude, kter\u00fd ji\u017e pat\u0159\u00ed pod dal\u0161\u00ed kr\u00e1sn\u00fd region Languedoc-Roussillon.\",\"breadcrumb\":{\"@id\":\"https:\/\/1001voyagesgourmands.com\/cs\/mista-ktera-jsme-si-oblibili-v-aude-languedoc-roussillon\/#breadcrumb\"},\"inLanguage\":\"cs\",\"potentialAction\":[{\"@type\":\"ReadAction\",\"target\":[\"https:\/\/1001voyagesgourmands.com\/cs\/mista-ktera-jsme-si-oblibili-v-aude-languedoc-roussillon\/\"]}]},{\"@type\":\"ImageObject\",\"inLanguage\":\"cs\",\"@id\":\"https:\/\/1001voyagesgourmands.com\/cs\/mista-ktera-jsme-si-oblibili-v-aude-languedoc-roussillon\/#primaryimage\",\"url\":\"https:\/\/1001voyagesgourmands.com\/wp-content\/uploads\/2021\/05\/Ariege-16-1-scaled.jpg\",\"contentUrl\":\"https:\/\/1001voyagesgourmands.com\/wp-content\/uploads\/2021\/05\/Ariege-16-1-scaled.jpg\",\"width\":1707,\"height\":2560,\"caption\":\"B\u011bhem pobytu v Ari\u00e8ge jsme nav\u0161t\u00edvili i p\u00e1r m\u00edst v sousedn\u00edm departmetu Aude, kter\u00fd ji\u017e pat\u0159\u00ed pod dal\u0161\u00ed kr\u00e1sn\u00fd region Languedoc-Roussillon.\"},{\"@type\":\"BreadcrumbList\",\"@id\":\"https:\/\/1001voyagesgourmands.com\/cs\/mista-ktera-jsme-si-oblibili-v-aude-languedoc-roussillon\/#breadcrumb\",\"itemListElement\":[{\"@type\":\"ListItem\",\"position\":1,\"name\":\"Dom\u016f\",\"item\":\"https:\/\/1001voyagesgourmands.com\/cs\/\"},{\"@type\":\"ListItem\",\"position\":2,\"name\":\"M\u00edsta, kter\u00e1 jsme si obl\u00edbili v Aude, Languedoc-Roussillon\"}]},{\"@type\":\"WebSite\",\"@id\":\"https:\/\/1001voyagesgourmands.com\/cs\/#website\",\"url\":\"https:\/\/1001voyagesgourmands.com\/cs\/\",\"name\":\"1001 Voyages Gourmands\",\"description\":\"Food | Travel | Photography\",\"potentialAction\":[{\"@type\":\"SearchAction\",\"target\":{\"@type\":\"EntryPoint\",\"urlTemplate\":\"https:\/\/1001voyagesgourmands.com\/cs\/?s={search_term_string}\"},\"query-input\":{\"@type\":\"PropertyValueSpecification\",\"valueRequired\":true,\"valueName\":\"search_term_string\"}}],\"inLanguage\":\"cs\"},{\"@type\":\"Person\",\"@id\":\"https:\/\/1001voyagesgourmands.com\/cs\/#\/schema\/person\/62e0e7238fcf7482b23bf83e1b72ff1b\",\"name\":\"Michaela\",\"image\":{\"@type\":\"ImageObject\",\"inLanguage\":\"cs\",\"@id\":\"https:\/\/1001voyagesgourmands.com\/cs\/#\/schema\/person\/image\/\",\"url\":\"https:\/\/secure.gravatar.com\/avatar\/73fa562a5b0ce269ca480f67de504b8ecac054a121d170e226f1b79e02024cb8?s=96&d=mm&r=g\",\"contentUrl\":\"https:\/\/secure.gravatar.com\/avatar\/73fa562a5b0ce269ca480f67de504b8ecac054a121d170e226f1b79e02024cb8?s=96&d=mm&r=g\",\"caption\":\"Michaela\"},\"sameAs\":[\"http:\/\/1001voyagesgourmands.com\"]}]}<\/script>\n<!-- \/ Yoast SEO plugin. -->","yoast_head_json":{"title":"M\u00edsta, kter\u00e1 jsme si obl\u00edbili v Aude, Languedoc-Roussillon - 1001 Voyages Gourmands","description":"B\u011bhem pobytu v Ari\u00e8ge jsme nav\u0161t\u00edvili i p\u00e1r m\u00edst v sousedn\u00edm departmetu Aude, kter\u00fd ji\u017e pat\u0159\u00ed pod dal\u0161\u00ed kr\u00e1sn\u00fd region Languedoc-Roussillon.","robots":{"index":"index","follow":"follow","max-snippet":"max-snippet:-1","max-image-preview":"max-image-preview:large","max-video-preview":"max-video-preview:-1"},"canonical":"https:\/\/1001voyagesgourmands.com\/cs\/mista-ktera-jsme-si-oblibili-v-aude-languedoc-roussillon\/","og_locale":"cs_CZ","og_type":"article","og_title":"M\u00edsta, kter\u00e1 jsme si obl\u00edbili v Aude, Languedoc-Roussillon - 1001 Voyages Gourmands","og_description":"B\u011bhem pobytu v Ari\u00e8ge jsme nav\u0161t\u00edvili i p\u00e1r m\u00edst v sousedn\u00edm departmetu Aude, kter\u00fd ji\u017e pat\u0159\u00ed pod dal\u0161\u00ed kr\u00e1sn\u00fd region Languedoc-Roussillon.","og_url":"https:\/\/1001voyagesgourmands.com\/cs\/mista-ktera-jsme-si-oblibili-v-aude-languedoc-roussillon\/","og_site_name":"1001 Voyages Gourmands","article_publisher":"https:\/\/www.facebook.com\/1001voyagesgourmands","article_published_time":"2021-06-30T20:02:18+00:00","og_image":[{"width":1707,"height":2560,"url":"https:\/\/1001voyagesgourmands.com\/wp-content\/uploads\/2021\/05\/Ariege-16-1-scaled.jpg","type":"image\/jpeg"}],"author":"Michaela","twitter_card":"summary_large_image","twitter_creator":"@michaela_1001vg","twitter_site":"@michaela_1001vg","twitter_misc":{"Napsal(a)":"Michaela","Odhadovan\u00e1 doba \u010dten\u00ed":"7 minut"},"schema":{"@context":"https:\/\/schema.org","@graph":[{"@type":"WebPage","@id":"https:\/\/1001voyagesgourmands.com\/cs\/mista-ktera-jsme-si-oblibili-v-aude-languedoc-roussillon\/","url":"https:\/\/1001voyagesgourmands.com\/cs\/mista-ktera-jsme-si-oblibili-v-aude-languedoc-roussillon\/","name":"M\u00edsta, kter\u00e1 jsme si obl\u00edbili v Aude, Languedoc-Roussillon - 1001 Voyages Gourmands","isPartOf":{"@id":"https:\/\/1001voyagesgourmands.com\/cs\/#website"},"primaryImageOfPage":{"@id":"https:\/\/1001voyagesgourmands.com\/cs\/mista-ktera-jsme-si-oblibili-v-aude-languedoc-roussillon\/#primaryimage"},"image":{"@id":"https:\/\/1001voyagesgourmands.com\/cs\/mista-ktera-jsme-si-oblibili-v-aude-languedoc-roussillon\/#primaryimage"},"thumbnailUrl":"https:\/\/1001voyagesgourmands.com\/wp-content\/uploads\/2021\/05\/Ariege-16-1-scaled.jpg","datePublished":"2021-06-30T20:02:18+00:00","author":{"@id":"https:\/\/1001voyagesgourmands.com\/cs\/#\/schema\/person\/62e0e7238fcf7482b23bf83e1b72ff1b"},"description":"B\u011bhem pobytu v Ari\u00e8ge jsme nav\u0161t\u00edvili i p\u00e1r m\u00edst v sousedn\u00edm departmetu Aude, kter\u00fd ji\u017e pat\u0159\u00ed pod dal\u0161\u00ed kr\u00e1sn\u00fd region Languedoc-Roussillon.","breadcrumb":{"@id":"https:\/\/1001voyagesgourmands.com\/cs\/mista-ktera-jsme-si-oblibili-v-aude-languedoc-roussillon\/#breadcrumb"},"inLanguage":"cs","potentialAction":[{"@type":"ReadAction","target":["https:\/\/1001voyagesgourmands.com\/cs\/mista-ktera-jsme-si-oblibili-v-aude-languedoc-roussillon\/"]}]},{"@type":"ImageObject","inLanguage":"cs","@id":"https:\/\/1001voyagesgourmands.com\/cs\/mista-ktera-jsme-si-oblibili-v-aude-languedoc-roussillon\/#primaryimage","url":"https:\/\/1001voyagesgourmands.com\/wp-content\/uploads\/2021\/05\/Ariege-16-1-scaled.jpg","contentUrl":"https:\/\/1001voyagesgourmands.com\/wp-content\/uploads\/2021\/05\/Ariege-16-1-scaled.jpg","width":1707,"height":2560,"caption":"B\u011bhem pobytu v Ari\u00e8ge jsme nav\u0161t\u00edvili i p\u00e1r m\u00edst v sousedn\u00edm departmetu Aude, kter\u00fd ji\u017e pat\u0159\u00ed pod dal\u0161\u00ed kr\u00e1sn\u00fd region Languedoc-Roussillon."},{"@type":"BreadcrumbList","@id":"https:\/\/1001voyagesgourmands.com\/cs\/mista-ktera-jsme-si-oblibili-v-aude-languedoc-roussillon\/#breadcrumb","itemListElement":[{"@type":"ListItem","position":1,"name":"Dom\u016f","item":"https:\/\/1001voyagesgourmands.com\/cs\/"},{"@type":"ListItem","position":2,"name":"M\u00edsta, kter\u00e1 jsme si obl\u00edbili v Aude, Languedoc-Roussillon"}]},{"@type":"WebSite","@id":"https:\/\/1001voyagesgourmands.com\/cs\/#website","url":"https:\/\/1001voyagesgourmands.com\/cs\/","name":"1001 Voyages Gourmands","description":"Food | Travel | Photography","potentialAction":[{"@type":"SearchAction","target":{"@type":"EntryPoint","urlTemplate":"https:\/\/1001voyagesgourmands.com\/cs\/?s={search_term_string}"},"query-input":{"@type":"PropertyValueSpecification","valueRequired":true,"valueName":"search_term_string"}}],"inLanguage":"cs"},{"@type":"Person","@id":"https:\/\/1001voyagesgourmands.com\/cs\/#\/schema\/person\/62e0e7238fcf7482b23bf83e1b72ff1b","name":"Michaela","image":{"@type":"ImageObject","inLanguage":"cs","@id":"https:\/\/1001voyagesgourmands.com\/cs\/#\/schema\/person\/image\/","url":"https:\/\/secure.gravatar.com\/avatar\/73fa562a5b0ce269ca480f67de504b8ecac054a121d170e226f1b79e02024cb8?s=96&d=mm&r=g","contentUrl":"https:\/\/secure.gravatar.com\/avatar\/73fa562a5b0ce269ca480f67de504b8ecac054a121d170e226f1b79e02024cb8?s=96&d=mm&r=g","caption":"Michaela"},"sameAs":["http:\/\/1001voyagesgourmands.com"]}]}},"_links":{"self":[{"href":"https:\/\/1001voyagesgourmands.com\/cs\/wp-json\/wp\/v2\/posts\/28975","targetHints":{"allow":["GET"]}}],"collection":[{"href":"https:\/\/1001voyagesgourmands.com\/cs\/wp-json\/wp\/v2\/posts"}],"about":[{"href":"https:\/\/1001voyagesgourmands.com\/cs\/wp-json\/wp\/v2\/types\/post"}],"author":[{"embeddable":true,"href":"https:\/\/1001voyagesgourmands.com\/cs\/wp-json\/wp\/v2\/users\/1"}],"replies":[{"embeddable":true,"href":"https:\/\/1001voyagesgourmands.com\/cs\/wp-json\/wp\/v2\/comments?post=28975"}],"version-history":[{"count":7,"href":"https:\/\/1001voyagesgourmands.com\/cs\/wp-json\/wp\/v2\/posts\/28975\/revisions"}],"predecessor-version":[{"id":29103,"href":"https:\/\/1001voyagesgourmands.com\/cs\/wp-json\/wp\/v2\/posts\/28975\/revisions\/29103"}],"wp:featuredmedia":[{"embeddable":true,"href":"https:\/\/1001voyagesgourmands.com\/cs\/wp-json\/wp\/v2\/media\/28797"}],"wp:attachment":[{"href":"https:\/\/1001voyagesgourmands.com\/cs\/wp-json\/wp\/v2\/media?parent=28975"}],"wp:term":[{"taxonomy":"category","embeddable":true,"href":"https:\/\/1001voyagesgourmands.com\/cs\/wp-json\/wp\/v2\/categories?post=28975"},{"taxonomy":"post_tag","embeddable":true,"href":"https:\/\/1001voyagesgourmands.com\/cs\/wp-json\/wp\/v2\/tags?post=28975"}],"curies":[{"name":"wp","href":"https:\/\/api.w.org\/{rel}","templated":true}]}}