{"id":28688,"date":"2021-05-20T18:00:43","date_gmt":"2021-05-20T16:00:43","guid":{"rendered":"https:\/\/1001voyagesgourmands.com\/?p=28688"},"modified":"2021-05-27T22:12:08","modified_gmt":"2021-05-27T20:12:08","slug":"krasna-mista-v-ariege-midi-pyrenees","status":"publish","type":"post","link":"https:\/\/1001voyagesgourmands.com\/cs\/krasna-mista-v-ariege-midi-pyrenees\/","title":{"rendered":"Kr\u00e1sn\u00e1 m\u00edsta v Ari\u00e8ge, Midi-Pyr\u00e9n\u00e9es"},"content":{"rendered":"<p style=\"text-align: justify;\">Lo\u0148sk\u00e9 l\u00e9to jsme str\u00e1vili p\u00e1r dn\u00ed u Stevenov\u00fdch rodi\u010d\u016f kousek od m\u011bsta Mirepoix v Ari\u00e8ge (Midi-Pyr\u00e9n\u00e9es, dne\u0161n\u00ed region Occitanie) &#8211; jednom z ji\u017en\u00edch region\u016f Francie u hranic se \u0160pan\u011blskem. Byla to v\u00fdhra jak pro n\u00e1s, tak pro n\u011b, proto\u017ee jsme mohli projet p\u00e1r n\u00e1dhern\u00fdch m\u00edst jak cel\u00e1 rodinka nebo jen my dva, a rodi\u010de si u\u017eili malou, co\u017e pro n\u011b muselo b\u00fdt kr\u00e1sn\u00e9, po t\u011bch m\u011bs\u00edc\u00edch jarn\u00edho lockdownu, kdy se v Belgii nemohli v\u00eddat rodiny, a prarodi\u010de u\u017e v\u016fbec ne. A samoz\u0159ejm\u011b nechyb\u011bly dlouh\u00e9 letn\u00ed hork\u00e9 ve\u010dery na terase s lahv\u00ed v\u00edna za intenzivn\u00ed no\u010dn\u00ed hudby cik\u00e1d, typick\u00e9ho zvuku ji\u017en\u00ed Francie. R\u00e1da bych se s v\u00e1mi pod\u011blila o kr\u00e1sn\u00e1 m\u00edsta v Ari\u00e8ge, kter\u00e1 jsme tu b\u011bhem na\u0161eho pobytu stihli nav\u0161t\u00edvit a je\u017e se n\u00e1m moc l\u00edbila.<\/p>\n<p><img loading=\"lazy\" decoding=\"async\" class=\"aligncenter size-large wp-image-28957\" src=\"https:\/\/1001voyagesgourmands.com\/wp-content\/uploads\/2021\/05\/Ariege-96-1024x724.jpg\" alt=\"\" width=\"1024\" height=\"724\" srcset=\"https:\/\/1001voyagesgourmands.com\/wp-content\/uploads\/2021\/05\/Ariege-96-1024x724.jpg 1024w, https:\/\/1001voyagesgourmands.com\/wp-content\/uploads\/2021\/05\/Ariege-96-300x212.jpg 300w, https:\/\/1001voyagesgourmands.com\/wp-content\/uploads\/2021\/05\/Ariege-96-768x543.jpg 768w, https:\/\/1001voyagesgourmands.com\/wp-content\/uploads\/2021\/05\/Ariege-96-1536x1086.jpg 1536w, https:\/\/1001voyagesgourmands.com\/wp-content\/uploads\/2021\/05\/Ariege-96-2048x1448.jpg 2048w, https:\/\/1001voyagesgourmands.com\/wp-content\/uploads\/2021\/05\/Ariege-96-1920x1357.jpg 1920w, https:\/\/1001voyagesgourmands.com\/wp-content\/uploads\/2021\/05\/Ariege-96-1170x827.jpg 1170w, https:\/\/1001voyagesgourmands.com\/wp-content\/uploads\/2021\/05\/Ariege-96-585x413.jpg 585w\" sizes=\"auto, (max-width: 1024px) 100vw, 1024px\" \/><\/p>\n<p style=\"text-align: justify;\">Pokud v\u00e1m tahle oblast Francie nic ne\u0159\u00edk\u00e1 tak jako m\u011b p\u0159ed odjezdem, tak \u010dt\u011bte d\u00e1l. Ari\u00e8ge n\u00e1s docela p\u0159ekvapilo sv\u00fdm autentick\u00fdm \u0161armem a skromnost\u00ed (t\u0159eba oproti Azurov\u00e9mu pob\u0159e\u017e\u00ed \u010di Provence), a t\u0159eba by se zal\u00edbila i v\u00e1m! Krom\u011b kr\u00e1sn\u00fdch st\u0159edov\u011bkk\u00fdch vesni\u010dek, katarsk\u00fdch hrad\u016f, \u010di prav\u011bk\u00fdch jesky\u0148 je tu n\u00e1dhern\u00e1 p\u0159\u00edroda &#8211; \u010d\u00e1st regionu tvo\u0159\u00ed n\u00e1rodn\u00ed park s kr\u00e1snou faunou a florou jeho\u017e vrcholky na n\u011bkter\u00fdch m\u00edstech sahaj\u00ed a\u017e k 3000 m n.m. My jsme si ud\u011blali tak\u00e9 v\u00fdlet do Pyrenej\u00ed a jeden v\u00fd\u0161lap, co\u017e bylo super a naprost\u00e1 kr\u00e1sa a m\u016f\u017eete si o tom p\u0159e\u010d\u00edst <a href=\"https:\/\/1001voyagesgourmands.com\/cs\/udoli-aston-pyreneje-jezera-fontargente\/\">tady<\/a>.<\/p>\n<p style=\"text-align: justify;\">Tady jsou na\u0161e tipy, co kde v Arri\u00e8ge nav\u0161t\u00edvit, ale neomezujte se jen na n\u011b &#8211; jak jsem ji\u017e psala v\u00fd\u0161e, pokud m\u00e1te r\u00e1di t\u0159eba prehistorick\u00e9 jeskyn\u011b, v\u011bt\u0161\u00ed m\u011bsta \u010di katarsk\u00e9 z\u00e1mky, je toho zde daleko v\u00edce k prozkoum\u00e1n\u00ed. Jinak v\u00edce info o regionu najdete na <a href=\"https:\/\/www.ariege.com\/\" target=\"_blank\" rel=\"noopener noreferrer\">ofici\u00e1ln\u00edch str\u00e1nk\u00e1ch Ari\u00e8ge<\/a>. Je\u0161t\u011b dod\u00e1m, \u017ee jsme byli autem, bez kter\u00e9ho by to tady tedy ne\u0161lo.<\/p>\n<p style=\"text-align: justify;\">&nbsp;<\/p>\n<h3 style=\"text-align: justify;\">Mirepoix<\/h3>\n<p style=\"text-align: justify;\">Mirepoix je st\u0159edov\u011bkk\u00e9 m\u011bste\u010dko v Katarsk\u00fdch Pyrenej\u00edch, jedno z Velk\u00fdch M\u00edst Occit\u00e1nie. Najdete zde malebn\u00e9 historick\u00e9 centrum s ark\u00e1dov\u00fdm n\u00e1m\u011bst\u00edm obklopen\u00fdm rouben\u00fdmi domy, je\u017e si zachovalo podobu ze 13. stolet\u00ed. Zdej\u0161\u00ed katedr\u00e1la (<i>Cath\u00e9drale Saint-Maurice de Mirepoix<\/i>) je zn\u00e1m\u00e1 druh\u00fdm nej\u0161ir\u0161\u00edm gotick\u00fdm obloukem v Evrop\u011b (po Giron\u011b). Jsou tu i restaurace se zahr\u00e1dkami, pek\u00e1rny a mal\u00e9 obch\u016fdky s d\u00e1rkov\u00fdm zbo\u017e\u00edm \u010di staro\u017eitnostmi. V pond\u011bl\u00ed r\u00e1no se tu kon\u00e1 trh, kter\u00fd je v okol\u00ed vyhl\u00e1\u0161en\u00fd a kde dostanete \u010derstvou zeleninu a ovoce, s\u00fdry i pe\u010divo t\u0159eba na piknik! Trouf\u00e1m si \u0159\u00edct, \u017ee bez n\u00e1v\u0161t\u011bvy Mirepoix by v\u00e1\u0161 pobyt v Ari\u00e8ge nebyl \u00fapln\u00fd! \ud83d\ude42<\/p>\n<p><img loading=\"lazy\" decoding=\"async\" class=\"aligncenter wp-image-28841\" src=\"https:\/\/1001voyagesgourmands.com\/wp-content\/uploads\/2021\/05\/Ariege-38-683x1024.jpg\" alt=\"Lo\u0148sk\u00e9 l\u00e9to jsme str\u00e1vili n\u011bjak\u00fd \u010das na jihu Francie a tady jsou kr\u00e1sn\u00e1 m\u00edsta v Ari\u00e8ge, kter\u00e1 jsme stihli nav\u0161t\u00edvit a je\u017e se n\u00e1m moc l\u00edbila.\" width=\"916\" height=\"1373\" srcset=\"https:\/\/1001voyagesgourmands.com\/wp-content\/uploads\/2021\/05\/Ariege-38-683x1024.jpg 683w, https:\/\/1001voyagesgourmands.com\/wp-content\/uploads\/2021\/05\/Ariege-38-200x300.jpg 200w, https:\/\/1001voyagesgourmands.com\/wp-content\/uploads\/2021\/05\/Ariege-38-768x1152.jpg 768w, https:\/\/1001voyagesgourmands.com\/wp-content\/uploads\/2021\/05\/Ariege-38-1024x1536.jpg 1024w, https:\/\/1001voyagesgourmands.com\/wp-content\/uploads\/2021\/05\/Ariege-38-1365x2048.jpg 1365w, https:\/\/1001voyagesgourmands.com\/wp-content\/uploads\/2021\/05\/Ariege-38-1170x1755.jpg 1170w, https:\/\/1001voyagesgourmands.com\/wp-content\/uploads\/2021\/05\/Ariege-38-585x878.jpg 585w, https:\/\/1001voyagesgourmands.com\/wp-content\/uploads\/2021\/05\/Ariege-38-scaled.jpg 1707w\" sizes=\"auto, (max-width: 916px) 100vw, 916px\" \/><\/p>\n<p><img loading=\"lazy\" decoding=\"async\" class=\"aligncenter size-large wp-image-28933\" src=\"https:\/\/1001voyagesgourmands.com\/wp-content\/uploads\/2021\/05\/Ariege-84-1024x724.jpg\" alt=\"\" width=\"1024\" height=\"724\" srcset=\"https:\/\/1001voyagesgourmands.com\/wp-content\/uploads\/2021\/05\/Ariege-84-1024x724.jpg 1024w, https:\/\/1001voyagesgourmands.com\/wp-content\/uploads\/2021\/05\/Ariege-84-300x212.jpg 300w, https:\/\/1001voyagesgourmands.com\/wp-content\/uploads\/2021\/05\/Ariege-84-768x543.jpg 768w, https:\/\/1001voyagesgourmands.com\/wp-content\/uploads\/2021\/05\/Ariege-84-1536x1086.jpg 1536w, https:\/\/1001voyagesgourmands.com\/wp-content\/uploads\/2021\/05\/Ariege-84-2048x1448.jpg 2048w, https:\/\/1001voyagesgourmands.com\/wp-content\/uploads\/2021\/05\/Ariege-84-1920x1357.jpg 1920w, https:\/\/1001voyagesgourmands.com\/wp-content\/uploads\/2021\/05\/Ariege-84-1170x827.jpg 1170w, https:\/\/1001voyagesgourmands.com\/wp-content\/uploads\/2021\/05\/Ariege-84-585x413.jpg 585w\" sizes=\"auto, (max-width: 1024px) 100vw, 1024px\" \/><\/p>\n<p><img loading=\"lazy\" decoding=\"async\" class=\"aligncenter size-large wp-image-28935\" src=\"https:\/\/1001voyagesgourmands.com\/wp-content\/uploads\/2021\/05\/Ariege-85-1024x724.jpg\" alt=\"\" width=\"1024\" height=\"724\" srcset=\"https:\/\/1001voyagesgourmands.com\/wp-content\/uploads\/2021\/05\/Ariege-85-1024x724.jpg 1024w, https:\/\/1001voyagesgourmands.com\/wp-content\/uploads\/2021\/05\/Ariege-85-300x212.jpg 300w, https:\/\/1001voyagesgourmands.com\/wp-content\/uploads\/2021\/05\/Ariege-85-768x543.jpg 768w, https:\/\/1001voyagesgourmands.com\/wp-content\/uploads\/2021\/05\/Ariege-85-1536x1086.jpg 1536w, https:\/\/1001voyagesgourmands.com\/wp-content\/uploads\/2021\/05\/Ariege-85-2048x1448.jpg 2048w, https:\/\/1001voyagesgourmands.com\/wp-content\/uploads\/2021\/05\/Ariege-85-1920x1357.jpg 1920w, https:\/\/1001voyagesgourmands.com\/wp-content\/uploads\/2021\/05\/Ariege-85-1170x827.jpg 1170w, https:\/\/1001voyagesgourmands.com\/wp-content\/uploads\/2021\/05\/Ariege-85-585x413.jpg 585w\" sizes=\"auto, (max-width: 1024px) 100vw, 1024px\" \/><\/p>\n<p><img loading=\"lazy\" decoding=\"async\" class=\"aligncenter wp-image-28837\" src=\"https:\/\/1001voyagesgourmands.com\/wp-content\/uploads\/2021\/05\/Ariege-36-683x1024.jpg\" alt=\"\" width=\"804\" height=\"1205\" srcset=\"https:\/\/1001voyagesgourmands.com\/wp-content\/uploads\/2021\/05\/Ariege-36-683x1024.jpg 683w, https:\/\/1001voyagesgourmands.com\/wp-content\/uploads\/2021\/05\/Ariege-36-200x300.jpg 200w, https:\/\/1001voyagesgourmands.com\/wp-content\/uploads\/2021\/05\/Ariege-36-768x1152.jpg 768w, https:\/\/1001voyagesgourmands.com\/wp-content\/uploads\/2021\/05\/Ariege-36-1024x1536.jpg 1024w, https:\/\/1001voyagesgourmands.com\/wp-content\/uploads\/2021\/05\/Ariege-36-1365x2048.jpg 1365w, https:\/\/1001voyagesgourmands.com\/wp-content\/uploads\/2021\/05\/Ariege-36-1170x1755.jpg 1170w, https:\/\/1001voyagesgourmands.com\/wp-content\/uploads\/2021\/05\/Ariege-36-585x878.jpg 585w, https:\/\/1001voyagesgourmands.com\/wp-content\/uploads\/2021\/05\/Ariege-36-scaled.jpg 1707w\" sizes=\"auto, (max-width: 804px) 100vw, 804px\" \/><\/p>\n<p><img loading=\"lazy\" decoding=\"async\" class=\"aligncenter size-large wp-image-28843\" src=\"https:\/\/1001voyagesgourmands.com\/wp-content\/uploads\/2021\/05\/Ariege-39-1024x683.jpg\" alt=\"Lo\u0148sk\u00e9 l\u00e9to jsme str\u00e1vili n\u011bjak\u00fd \u010das na jihu Francie a tady jsou kr\u00e1sn\u00e1 m\u00edsta v Ari\u00e8ge, kter\u00e1 jsme stihli nav\u0161t\u00edvit a je\u017e se n\u00e1m moc l\u00edbila.\" width=\"1024\" height=\"683\" srcset=\"https:\/\/1001voyagesgourmands.com\/wp-content\/uploads\/2021\/05\/Ariege-39-1024x683.jpg 1024w, https:\/\/1001voyagesgourmands.com\/wp-content\/uploads\/2021\/05\/Ariege-39-300x200.jpg 300w, https:\/\/1001voyagesgourmands.com\/wp-content\/uploads\/2021\/05\/Ariege-39-768x512.jpg 768w, https:\/\/1001voyagesgourmands.com\/wp-content\/uploads\/2021\/05\/Ariege-39-1536x1024.jpg 1536w, https:\/\/1001voyagesgourmands.com\/wp-content\/uploads\/2021\/05\/Ariege-39-2048x1365.jpg 2048w, https:\/\/1001voyagesgourmands.com\/wp-content\/uploads\/2021\/05\/Ariege-39-1920x1280.jpg 1920w, https:\/\/1001voyagesgourmands.com\/wp-content\/uploads\/2021\/05\/Ariege-39-1170x780.jpg 1170w, https:\/\/1001voyagesgourmands.com\/wp-content\/uploads\/2021\/05\/Ariege-39-585x390.jpg 585w, https:\/\/1001voyagesgourmands.com\/wp-content\/uploads\/2021\/05\/Ariege-39-263x175.jpg 263w\" sizes=\"auto, (max-width: 1024px) 100vw, 1024px\" \/><\/p>\n<p><img loading=\"lazy\" decoding=\"async\" class=\"aligncenter wp-image-28953\" src=\"https:\/\/1001voyagesgourmands.com\/wp-content\/uploads\/2021\/05\/Ariege-94-724x1024.jpg\" alt=\"\" width=\"965\" height=\"1365\" srcset=\"https:\/\/1001voyagesgourmands.com\/wp-content\/uploads\/2021\/05\/Ariege-94-724x1024.jpg 724w, https:\/\/1001voyagesgourmands.com\/wp-content\/uploads\/2021\/05\/Ariege-94-212x300.jpg 212w, https:\/\/1001voyagesgourmands.com\/wp-content\/uploads\/2021\/05\/Ariege-94-768x1087.jpg 768w, https:\/\/1001voyagesgourmands.com\/wp-content\/uploads\/2021\/05\/Ariege-94-1086x1536.jpg 1086w, https:\/\/1001voyagesgourmands.com\/wp-content\/uploads\/2021\/05\/Ariege-94-1448x2048.jpg 1448w, https:\/\/1001voyagesgourmands.com\/wp-content\/uploads\/2021\/05\/Ariege-94-1920x2716.jpg 1920w, https:\/\/1001voyagesgourmands.com\/wp-content\/uploads\/2021\/05\/Ariege-94-1170x1655.jpg 1170w, https:\/\/1001voyagesgourmands.com\/wp-content\/uploads\/2021\/05\/Ariege-94-585x828.jpg 585w, https:\/\/1001voyagesgourmands.com\/wp-content\/uploads\/2021\/05\/Ariege-94-scaled.jpg 1809w\" sizes=\"auto, (max-width: 965px) 100vw, 965px\" \/><\/p>\n<p><img loading=\"lazy\" decoding=\"async\" class=\"aligncenter size-large wp-image-28845\" src=\"https:\/\/1001voyagesgourmands.com\/wp-content\/uploads\/2021\/05\/Ariege-40-1024x683.jpg\" alt=\"\" width=\"1024\" height=\"683\" srcset=\"https:\/\/1001voyagesgourmands.com\/wp-content\/uploads\/2021\/05\/Ariege-40-1024x683.jpg 1024w, https:\/\/1001voyagesgourmands.com\/wp-content\/uploads\/2021\/05\/Ariege-40-300x200.jpg 300w, https:\/\/1001voyagesgourmands.com\/wp-content\/uploads\/2021\/05\/Ariege-40-768x512.jpg 768w, https:\/\/1001voyagesgourmands.com\/wp-content\/uploads\/2021\/05\/Ariege-40-1536x1024.jpg 1536w, https:\/\/1001voyagesgourmands.com\/wp-content\/uploads\/2021\/05\/Ariege-40-2048x1365.jpg 2048w, https:\/\/1001voyagesgourmands.com\/wp-content\/uploads\/2021\/05\/Ariege-40-1920x1280.jpg 1920w, https:\/\/1001voyagesgourmands.com\/wp-content\/uploads\/2021\/05\/Ariege-40-1170x780.jpg 1170w, https:\/\/1001voyagesgourmands.com\/wp-content\/uploads\/2021\/05\/Ariege-40-585x390.jpg 585w, https:\/\/1001voyagesgourmands.com\/wp-content\/uploads\/2021\/05\/Ariege-40-263x175.jpg 263w\" sizes=\"auto, (max-width: 1024px) 100vw, 1024px\" \/><\/p>\n<p><img loading=\"lazy\" decoding=\"async\" class=\"aligncenter wp-image-28839\" src=\"https:\/\/1001voyagesgourmands.com\/wp-content\/uploads\/2021\/05\/Ariege-37-683x1024.jpg\" alt=\"Lo\u0148sk\u00e9 l\u00e9to jsme str\u00e1vili n\u011bjak\u00fd \u010das na jihu Francie a tady jsou kr\u00e1sn\u00e1 m\u00edsta v Ari\u00e8ge, kter\u00e1 jsme stihli nav\u0161t\u00edvit a je\u017e se n\u00e1m moc l\u00edbila.\" width=\"827\" height=\"1240\" srcset=\"https:\/\/1001voyagesgourmands.com\/wp-content\/uploads\/2021\/05\/Ariege-37-683x1024.jpg 683w, https:\/\/1001voyagesgourmands.com\/wp-content\/uploads\/2021\/05\/Ariege-37-200x300.jpg 200w, https:\/\/1001voyagesgourmands.com\/wp-content\/uploads\/2021\/05\/Ariege-37-768x1152.jpg 768w, https:\/\/1001voyagesgourmands.com\/wp-content\/uploads\/2021\/05\/Ariege-37-1024x1536.jpg 1024w, https:\/\/1001voyagesgourmands.com\/wp-content\/uploads\/2021\/05\/Ariege-37-1365x2048.jpg 1365w, https:\/\/1001voyagesgourmands.com\/wp-content\/uploads\/2021\/05\/Ariege-37-1170x1755.jpg 1170w, https:\/\/1001voyagesgourmands.com\/wp-content\/uploads\/2021\/05\/Ariege-37-585x878.jpg 585w, https:\/\/1001voyagesgourmands.com\/wp-content\/uploads\/2021\/05\/Ariege-37-scaled.jpg 1707w\" sizes=\"auto, (max-width: 827px) 100vw, 827px\" \/><\/p>\n<p><img loading=\"lazy\" decoding=\"async\" class=\"aligncenter wp-image-28847\" src=\"https:\/\/1001voyagesgourmands.com\/wp-content\/uploads\/2021\/05\/Ariege-41-683x1024.jpg\" alt=\"\" width=\"806\" height=\"1208\" srcset=\"https:\/\/1001voyagesgourmands.com\/wp-content\/uploads\/2021\/05\/Ariege-41-683x1024.jpg 683w, https:\/\/1001voyagesgourmands.com\/wp-content\/uploads\/2021\/05\/Ariege-41-200x300.jpg 200w, https:\/\/1001voyagesgourmands.com\/wp-content\/uploads\/2021\/05\/Ariege-41-768x1152.jpg 768w, https:\/\/1001voyagesgourmands.com\/wp-content\/uploads\/2021\/05\/Ariege-41-1024x1536.jpg 1024w, https:\/\/1001voyagesgourmands.com\/wp-content\/uploads\/2021\/05\/Ariege-41-1365x2048.jpg 1365w, https:\/\/1001voyagesgourmands.com\/wp-content\/uploads\/2021\/05\/Ariege-41-1170x1755.jpg 1170w, https:\/\/1001voyagesgourmands.com\/wp-content\/uploads\/2021\/05\/Ariege-41-585x878.jpg 585w, https:\/\/1001voyagesgourmands.com\/wp-content\/uploads\/2021\/05\/Ariege-41-scaled.jpg 1707w\" sizes=\"auto, (max-width: 806px) 100vw, 806px\" \/><\/p>\n<p>&nbsp;<\/p>\n<h3 style=\"text-align: justify;\">Lagarde&nbsp;<\/h3>\n<p style=\"text-align: justify;\">Lagarde je mal\u00e1 a klidn\u00e1 v\u00edska asi 8 km od Mirepoix. A tak jsme ji nav\u0161t\u00edvili b\u011bhem jednoho odpoledne. Ji\u017e z d\u00e1lky si v\u0161imnete ruin hradu, kter\u00e9 l\u00e1kaj\u00ed k letn\u00edm koncert\u016fm, farm\u00e1\u0159sk\u00fdm trh\u016fm a jin\u00fdm slavnostem. N\u00e1s bavilo se kolem proch\u00e1zet, uli\u010dky byly pr\u00e1zdn\u00e9, m\u00edsty to zde vypadalo a\u017e opu\u0161t\u011bn\u011b, ale m\u011blo to prost\u011b \u0161arm francouzsk\u00e9 venkovsk\u00e9 vesni\u010dky.<\/p>\n<p><img loading=\"lazy\" decoding=\"async\" class=\"aligncenter size-large wp-image-28909\" src=\"https:\/\/1001voyagesgourmands.com\/wp-content\/uploads\/2021\/05\/Ariege-72-1024x685.jpg\" alt=\"Lo\u0148sk\u00e9 l\u00e9to jsme str\u00e1vili n\u011bjak\u00fd \u010das na jihu Francie a tady jsou kr\u00e1sn\u00e1 m\u00edsta v Ari\u00e8ge, kter\u00e1 jsme stihli nav\u0161t\u00edvit a je\u017e se n\u00e1m moc l\u00edbila.\" width=\"1024\" height=\"685\" srcset=\"https:\/\/1001voyagesgourmands.com\/wp-content\/uploads\/2021\/05\/Ariege-72-1024x685.jpg 1024w, https:\/\/1001voyagesgourmands.com\/wp-content\/uploads\/2021\/05\/Ariege-72-300x201.jpg 300w, https:\/\/1001voyagesgourmands.com\/wp-content\/uploads\/2021\/05\/Ariege-72-768x514.jpg 768w, https:\/\/1001voyagesgourmands.com\/wp-content\/uploads\/2021\/05\/Ariege-72-1536x1028.jpg 1536w, https:\/\/1001voyagesgourmands.com\/wp-content\/uploads\/2021\/05\/Ariege-72-2048x1371.jpg 2048w, https:\/\/1001voyagesgourmands.com\/wp-content\/uploads\/2021\/05\/Ariege-72-1920x1285.jpg 1920w, https:\/\/1001voyagesgourmands.com\/wp-content\/uploads\/2021\/05\/Ariege-72-1170x783.jpg 1170w, https:\/\/1001voyagesgourmands.com\/wp-content\/uploads\/2021\/05\/Ariege-72-585x392.jpg 585w, https:\/\/1001voyagesgourmands.com\/wp-content\/uploads\/2021\/05\/Ariege-72-263x175.jpg 263w\" sizes=\"auto, (max-width: 1024px) 100vw, 1024px\" \/><\/p>\n<p><img loading=\"lazy\" decoding=\"async\" class=\"aligncenter wp-image-28913\" src=\"https:\/\/1001voyagesgourmands.com\/wp-content\/uploads\/2021\/05\/Ariege-74-683x1024.jpg\" alt=\"\" width=\"788\" height=\"1181\" srcset=\"https:\/\/1001voyagesgourmands.com\/wp-content\/uploads\/2021\/05\/Ariege-74-683x1024.jpg 683w, https:\/\/1001voyagesgourmands.com\/wp-content\/uploads\/2021\/05\/Ariege-74-200x300.jpg 200w, https:\/\/1001voyagesgourmands.com\/wp-content\/uploads\/2021\/05\/Ariege-74-768x1152.jpg 768w, https:\/\/1001voyagesgourmands.com\/wp-content\/uploads\/2021\/05\/Ariege-74-1024x1536.jpg 1024w, https:\/\/1001voyagesgourmands.com\/wp-content\/uploads\/2021\/05\/Ariege-74-1365x2048.jpg 1365w, https:\/\/1001voyagesgourmands.com\/wp-content\/uploads\/2021\/05\/Ariege-74-1170x1755.jpg 1170w, https:\/\/1001voyagesgourmands.com\/wp-content\/uploads\/2021\/05\/Ariege-74-585x878.jpg 585w, https:\/\/1001voyagesgourmands.com\/wp-content\/uploads\/2021\/05\/Ariege-74-scaled.jpg 1707w\" sizes=\"auto, (max-width: 788px) 100vw, 788px\" \/><\/p>\n<p><img loading=\"lazy\" decoding=\"async\" class=\"aligncenter size-large wp-image-28911\" src=\"https:\/\/1001voyagesgourmands.com\/wp-content\/uploads\/2021\/05\/Ariege-73-1024x683.jpg\" alt=\"\" width=\"1024\" height=\"683\" srcset=\"https:\/\/1001voyagesgourmands.com\/wp-content\/uploads\/2021\/05\/Ariege-73-1024x683.jpg 1024w, https:\/\/1001voyagesgourmands.com\/wp-content\/uploads\/2021\/05\/Ariege-73-300x200.jpg 300w, https:\/\/1001voyagesgourmands.com\/wp-content\/uploads\/2021\/05\/Ariege-73-768x512.jpg 768w, https:\/\/1001voyagesgourmands.com\/wp-content\/uploads\/2021\/05\/Ariege-73-1536x1024.jpg 1536w, https:\/\/1001voyagesgourmands.com\/wp-content\/uploads\/2021\/05\/Ariege-73-2048x1365.jpg 2048w, https:\/\/1001voyagesgourmands.com\/wp-content\/uploads\/2021\/05\/Ariege-73-1920x1280.jpg 1920w, https:\/\/1001voyagesgourmands.com\/wp-content\/uploads\/2021\/05\/Ariege-73-1170x780.jpg 1170w, https:\/\/1001voyagesgourmands.com\/wp-content\/uploads\/2021\/05\/Ariege-73-585x390.jpg 585w, https:\/\/1001voyagesgourmands.com\/wp-content\/uploads\/2021\/05\/Ariege-73-263x175.jpg 263w\" sizes=\"auto, (max-width: 1024px) 100vw, 1024px\" \/><\/p>\n<p><img loading=\"lazy\" decoding=\"async\" class=\"aligncenter wp-image-28955\" src=\"https:\/\/1001voyagesgourmands.com\/wp-content\/uploads\/2021\/05\/Ariege-95-724x1024.jpg\" alt=\"\" width=\"827\" height=\"1170\" srcset=\"https:\/\/1001voyagesgourmands.com\/wp-content\/uploads\/2021\/05\/Ariege-95-724x1024.jpg 724w, https:\/\/1001voyagesgourmands.com\/wp-content\/uploads\/2021\/05\/Ariege-95-212x300.jpg 212w, https:\/\/1001voyagesgourmands.com\/wp-content\/uploads\/2021\/05\/Ariege-95-768x1087.jpg 768w, https:\/\/1001voyagesgourmands.com\/wp-content\/uploads\/2021\/05\/Ariege-95-1086x1536.jpg 1086w, https:\/\/1001voyagesgourmands.com\/wp-content\/uploads\/2021\/05\/Ariege-95-1448x2048.jpg 1448w, https:\/\/1001voyagesgourmands.com\/wp-content\/uploads\/2021\/05\/Ariege-95-1920x2716.jpg 1920w, https:\/\/1001voyagesgourmands.com\/wp-content\/uploads\/2021\/05\/Ariege-95-1170x1655.jpg 1170w, https:\/\/1001voyagesgourmands.com\/wp-content\/uploads\/2021\/05\/Ariege-95-585x828.jpg 585w, https:\/\/1001voyagesgourmands.com\/wp-content\/uploads\/2021\/05\/Ariege-95-scaled.jpg 1809w\" sizes=\"auto, (max-width: 827px) 100vw, 827px\" \/><\/p>\n<p><img loading=\"lazy\" decoding=\"async\" class=\"aligncenter size-large wp-image-28899\" src=\"https:\/\/1001voyagesgourmands.com\/wp-content\/uploads\/2021\/05\/Ariege-67-1024x683.jpg\" alt=\"\" width=\"1024\" height=\"683\" srcset=\"https:\/\/1001voyagesgourmands.com\/wp-content\/uploads\/2021\/05\/Ariege-67-1024x683.jpg 1024w, https:\/\/1001voyagesgourmands.com\/wp-content\/uploads\/2021\/05\/Ariege-67-300x200.jpg 300w, https:\/\/1001voyagesgourmands.com\/wp-content\/uploads\/2021\/05\/Ariege-67-768x512.jpg 768w, https:\/\/1001voyagesgourmands.com\/wp-content\/uploads\/2021\/05\/Ariege-67-1536x1024.jpg 1536w, https:\/\/1001voyagesgourmands.com\/wp-content\/uploads\/2021\/05\/Ariege-67-2048x1365.jpg 2048w, https:\/\/1001voyagesgourmands.com\/wp-content\/uploads\/2021\/05\/Ariege-67-1920x1280.jpg 1920w, https:\/\/1001voyagesgourmands.com\/wp-content\/uploads\/2021\/05\/Ariege-67-1170x780.jpg 1170w, https:\/\/1001voyagesgourmands.com\/wp-content\/uploads\/2021\/05\/Ariege-67-585x390.jpg 585w, https:\/\/1001voyagesgourmands.com\/wp-content\/uploads\/2021\/05\/Ariege-67-263x175.jpg 263w\" sizes=\"auto, (max-width: 1024px) 100vw, 1024px\" \/><\/p>\n<p><img loading=\"lazy\" decoding=\"async\" class=\"aligncenter size-large wp-image-28951\" src=\"https:\/\/1001voyagesgourmands.com\/wp-content\/uploads\/2021\/05\/Ariege-93-1024x724.jpg\" alt=\"\" width=\"1024\" height=\"724\" srcset=\"https:\/\/1001voyagesgourmands.com\/wp-content\/uploads\/2021\/05\/Ariege-93-1024x724.jpg 1024w, https:\/\/1001voyagesgourmands.com\/wp-content\/uploads\/2021\/05\/Ariege-93-300x212.jpg 300w, https:\/\/1001voyagesgourmands.com\/wp-content\/uploads\/2021\/05\/Ariege-93-768x543.jpg 768w, https:\/\/1001voyagesgourmands.com\/wp-content\/uploads\/2021\/05\/Ariege-93-1536x1086.jpg 1536w, https:\/\/1001voyagesgourmands.com\/wp-content\/uploads\/2021\/05\/Ariege-93-2048x1448.jpg 2048w, https:\/\/1001voyagesgourmands.com\/wp-content\/uploads\/2021\/05\/Ariege-93-1920x1357.jpg 1920w, https:\/\/1001voyagesgourmands.com\/wp-content\/uploads\/2021\/05\/Ariege-93-1170x827.jpg 1170w, https:\/\/1001voyagesgourmands.com\/wp-content\/uploads\/2021\/05\/Ariege-93-585x413.jpg 585w\" sizes=\"auto, (max-width: 1024px) 100vw, 1024px\" \/><\/p>\n<p><img loading=\"lazy\" decoding=\"async\" class=\"aligncenter wp-image-28901\" src=\"https:\/\/1001voyagesgourmands.com\/wp-content\/uploads\/2021\/05\/Ariege-68-683x1024.jpg\" alt=\"\" width=\"812\" height=\"1217\" srcset=\"https:\/\/1001voyagesgourmands.com\/wp-content\/uploads\/2021\/05\/Ariege-68-683x1024.jpg 683w, https:\/\/1001voyagesgourmands.com\/wp-content\/uploads\/2021\/05\/Ariege-68-200x300.jpg 200w, https:\/\/1001voyagesgourmands.com\/wp-content\/uploads\/2021\/05\/Ariege-68-768x1152.jpg 768w, https:\/\/1001voyagesgourmands.com\/wp-content\/uploads\/2021\/05\/Ariege-68-1024x1536.jpg 1024w, https:\/\/1001voyagesgourmands.com\/wp-content\/uploads\/2021\/05\/Ariege-68-1365x2048.jpg 1365w, https:\/\/1001voyagesgourmands.com\/wp-content\/uploads\/2021\/05\/Ariege-68-1170x1755.jpg 1170w, https:\/\/1001voyagesgourmands.com\/wp-content\/uploads\/2021\/05\/Ariege-68-585x878.jpg 585w, https:\/\/1001voyagesgourmands.com\/wp-content\/uploads\/2021\/05\/Ariege-68-scaled.jpg 1707w\" sizes=\"auto, (max-width: 812px) 100vw, 812px\" \/><\/p>\n<p><img loading=\"lazy\" decoding=\"async\" class=\"aligncenter size-large wp-image-28949\" src=\"https:\/\/1001voyagesgourmands.com\/wp-content\/uploads\/2021\/05\/Ariege-92-1024x724.jpg\" alt=\"\" width=\"1024\" height=\"724\" srcset=\"https:\/\/1001voyagesgourmands.com\/wp-content\/uploads\/2021\/05\/Ariege-92-1024x724.jpg 1024w, https:\/\/1001voyagesgourmands.com\/wp-content\/uploads\/2021\/05\/Ariege-92-300x212.jpg 300w, https:\/\/1001voyagesgourmands.com\/wp-content\/uploads\/2021\/05\/Ariege-92-768x543.jpg 768w, https:\/\/1001voyagesgourmands.com\/wp-content\/uploads\/2021\/05\/Ariege-92-1536x1086.jpg 1536w, https:\/\/1001voyagesgourmands.com\/wp-content\/uploads\/2021\/05\/Ariege-92-2048x1448.jpg 2048w, https:\/\/1001voyagesgourmands.com\/wp-content\/uploads\/2021\/05\/Ariege-92-1920x1357.jpg 1920w, https:\/\/1001voyagesgourmands.com\/wp-content\/uploads\/2021\/05\/Ariege-92-1170x827.jpg 1170w, https:\/\/1001voyagesgourmands.com\/wp-content\/uploads\/2021\/05\/Ariege-92-585x413.jpg 585w\" sizes=\"auto, (max-width: 1024px) 100vw, 1024px\" \/><\/p>\n<p><img loading=\"lazy\" decoding=\"async\" class=\"aligncenter wp-image-28905\" src=\"https:\/\/1001voyagesgourmands.com\/wp-content\/uploads\/2021\/05\/Ariege-70-683x1024.jpg\" alt=\"\" width=\"850\" height=\"1274\" srcset=\"https:\/\/1001voyagesgourmands.com\/wp-content\/uploads\/2021\/05\/Ariege-70-683x1024.jpg 683w, https:\/\/1001voyagesgourmands.com\/wp-content\/uploads\/2021\/05\/Ariege-70-200x300.jpg 200w, https:\/\/1001voyagesgourmands.com\/wp-content\/uploads\/2021\/05\/Ariege-70-768x1152.jpg 768w, https:\/\/1001voyagesgourmands.com\/wp-content\/uploads\/2021\/05\/Ariege-70-1024x1536.jpg 1024w, https:\/\/1001voyagesgourmands.com\/wp-content\/uploads\/2021\/05\/Ariege-70-1365x2048.jpg 1365w, https:\/\/1001voyagesgourmands.com\/wp-content\/uploads\/2021\/05\/Ariege-70-1170x1755.jpg 1170w, https:\/\/1001voyagesgourmands.com\/wp-content\/uploads\/2021\/05\/Ariege-70-585x878.jpg 585w, https:\/\/1001voyagesgourmands.com\/wp-content\/uploads\/2021\/05\/Ariege-70-scaled.jpg 1707w\" sizes=\"auto, (max-width: 850px) 100vw, 850px\" \/><\/p>\n<p>&nbsp;<\/p>\n<h3 style=\"text-align: justify;\">Camon<\/h3>\n<p style=\"text-align: justify;\">Camon je takov\u00e1 mal\u00e1 vesnice, od kter\u00e9 jsme byli odrazov\u00e1ni, \u017ee tam nic nen\u00ed. Nedali jsme na to a stavili se tam. A op\u011bt, zklam\u00e1n\u00ed nebylo, naopak nad\u0161en\u00ed! Prost\u011b takov\u00e1 mal\u00e1 skromn\u00e1 malebn\u00e1 v\u00edska, kde ne\u0161et\u0159\u00ed kv\u011btinami. Ach Francie! Je tam star\u00fd z\u00e1mek, kter\u00fd koupila jedna pan\u00ed ze \u0160v\u00fdcarska a rekonstruovala ho na restauraci a ubytovac\u00ed za\u0159\u00edzen\u00ed. Pustili n\u00e1s dovnit\u0159 na \u010dumendu a tam se n\u00e1m dost l\u00edbilo.&nbsp;<\/p>\n<p><img loading=\"lazy\" decoding=\"async\" class=\"aligncenter wp-image-28775\" src=\"https:\/\/1001voyagesgourmands.com\/wp-content\/uploads\/2021\/05\/Ariege-5-2-683x1024.jpg\" alt=\"Lo\u0148sk\u00e9 l\u00e9to jsme str\u00e1vili n\u011bjak\u00fd \u010das na jihu Francie a tady jsou kr\u00e1sn\u00e1 m\u00edsta v Ari\u00e8ge, kter\u00e1 jsme stihli nav\u0161t\u00edvit a je\u017e se n\u00e1m moc l\u00edbila.\" width=\"834\" height=\"1250\" srcset=\"https:\/\/1001voyagesgourmands.com\/wp-content\/uploads\/2021\/05\/Ariege-5-2-683x1024.jpg 683w, https:\/\/1001voyagesgourmands.com\/wp-content\/uploads\/2021\/05\/Ariege-5-2-200x300.jpg 200w, https:\/\/1001voyagesgourmands.com\/wp-content\/uploads\/2021\/05\/Ariege-5-2-768x1152.jpg 768w, https:\/\/1001voyagesgourmands.com\/wp-content\/uploads\/2021\/05\/Ariege-5-2-1024x1536.jpg 1024w, https:\/\/1001voyagesgourmands.com\/wp-content\/uploads\/2021\/05\/Ariege-5-2-1365x2048.jpg 1365w, https:\/\/1001voyagesgourmands.com\/wp-content\/uploads\/2021\/05\/Ariege-5-2-1170x1755.jpg 1170w, https:\/\/1001voyagesgourmands.com\/wp-content\/uploads\/2021\/05\/Ariege-5-2-585x878.jpg 585w, https:\/\/1001voyagesgourmands.com\/wp-content\/uploads\/2021\/05\/Ariege-5-2-scaled.jpg 1707w\" sizes=\"auto, (max-width: 834px) 100vw, 834px\" \/><\/p>\n<p><img loading=\"lazy\" decoding=\"async\" class=\"aligncenter wp-image-28767\" src=\"https:\/\/1001voyagesgourmands.com\/wp-content\/uploads\/2021\/05\/Ariege-2-1-683x1024.jpg\" alt=\"Lo\u0148sk\u00e9 l\u00e9to jsme str\u00e1vili n\u011bjak\u00fd \u010das na jihu Francie a tady jsou kr\u00e1sn\u00e1 m\u00edsta v Ari\u00e8ge, kter\u00e1 jsme stihli nav\u0161t\u00edvit a je\u017e se n\u00e1m moc l\u00edbila.\" width=\"839\" height=\"1258\" srcset=\"https:\/\/1001voyagesgourmands.com\/wp-content\/uploads\/2021\/05\/Ariege-2-1-683x1024.jpg 683w, https:\/\/1001voyagesgourmands.com\/wp-content\/uploads\/2021\/05\/Ariege-2-1-200x300.jpg 200w, https:\/\/1001voyagesgourmands.com\/wp-content\/uploads\/2021\/05\/Ariege-2-1-768x1152.jpg 768w, https:\/\/1001voyagesgourmands.com\/wp-content\/uploads\/2021\/05\/Ariege-2-1-1024x1536.jpg 1024w, https:\/\/1001voyagesgourmands.com\/wp-content\/uploads\/2021\/05\/Ariege-2-1-1365x2048.jpg 1365w, https:\/\/1001voyagesgourmands.com\/wp-content\/uploads\/2021\/05\/Ariege-2-1-1170x1755.jpg 1170w, https:\/\/1001voyagesgourmands.com\/wp-content\/uploads\/2021\/05\/Ariege-2-1-585x878.jpg 585w, https:\/\/1001voyagesgourmands.com\/wp-content\/uploads\/2021\/05\/Ariege-2-1-scaled.jpg 1707w\" sizes=\"auto, (max-width: 839px) 100vw, 839px\" \/><\/p>\n<p><img loading=\"lazy\" decoding=\"async\" class=\"aligncenter wp-image-28769\" src=\"https:\/\/1001voyagesgourmands.com\/wp-content\/uploads\/2021\/05\/Ariege-3-1-683x1024.jpg\" alt=\"\" width=\"835\" height=\"1252\" srcset=\"https:\/\/1001voyagesgourmands.com\/wp-content\/uploads\/2021\/05\/Ariege-3-1-683x1024.jpg 683w, https:\/\/1001voyagesgourmands.com\/wp-content\/uploads\/2021\/05\/Ariege-3-1-200x300.jpg 200w, https:\/\/1001voyagesgourmands.com\/wp-content\/uploads\/2021\/05\/Ariege-3-1-768x1152.jpg 768w, https:\/\/1001voyagesgourmands.com\/wp-content\/uploads\/2021\/05\/Ariege-3-1-1024x1536.jpg 1024w, https:\/\/1001voyagesgourmands.com\/wp-content\/uploads\/2021\/05\/Ariege-3-1-1365x2048.jpg 1365w, https:\/\/1001voyagesgourmands.com\/wp-content\/uploads\/2021\/05\/Ariege-3-1-1170x1755.jpg 1170w, https:\/\/1001voyagesgourmands.com\/wp-content\/uploads\/2021\/05\/Ariege-3-1-585x878.jpg 585w, https:\/\/1001voyagesgourmands.com\/wp-content\/uploads\/2021\/05\/Ariege-3-1-scaled.jpg 1707w\" sizes=\"auto, (max-width: 835px) 100vw, 835px\" \/><\/p>\n<p><img loading=\"lazy\" decoding=\"async\" class=\"aligncenter wp-image-28771\" src=\"https:\/\/1001voyagesgourmands.com\/wp-content\/uploads\/2021\/05\/Ariege-4-1-683x1024.jpg\" alt=\"\" width=\"799\" height=\"1197\" srcset=\"https:\/\/1001voyagesgourmands.com\/wp-content\/uploads\/2021\/05\/Ariege-4-1-683x1024.jpg 683w, https:\/\/1001voyagesgourmands.com\/wp-content\/uploads\/2021\/05\/Ariege-4-1-200x300.jpg 200w, https:\/\/1001voyagesgourmands.com\/wp-content\/uploads\/2021\/05\/Ariege-4-1-768x1152.jpg 768w, https:\/\/1001voyagesgourmands.com\/wp-content\/uploads\/2021\/05\/Ariege-4-1-scaled.jpg 1707w\" sizes=\"auto, (max-width: 799px) 100vw, 799px\" \/><\/p>\n<p><img loading=\"lazy\" decoding=\"async\" class=\"aligncenter size-large wp-image-28925\" src=\"https:\/\/1001voyagesgourmands.com\/wp-content\/uploads\/2021\/05\/Ariege-80-1024x724.jpg\" alt=\"\" width=\"1024\" height=\"724\" srcset=\"https:\/\/1001voyagesgourmands.com\/wp-content\/uploads\/2021\/05\/Ariege-80-1024x724.jpg 1024w, https:\/\/1001voyagesgourmands.com\/wp-content\/uploads\/2021\/05\/Ariege-80-300x212.jpg 300w, https:\/\/1001voyagesgourmands.com\/wp-content\/uploads\/2021\/05\/Ariege-80-768x543.jpg 768w, https:\/\/1001voyagesgourmands.com\/wp-content\/uploads\/2021\/05\/Ariege-80-1536x1086.jpg 1536w, https:\/\/1001voyagesgourmands.com\/wp-content\/uploads\/2021\/05\/Ariege-80-2048x1448.jpg 2048w, https:\/\/1001voyagesgourmands.com\/wp-content\/uploads\/2021\/05\/Ariege-80-1920x1357.jpg 1920w, https:\/\/1001voyagesgourmands.com\/wp-content\/uploads\/2021\/05\/Ariege-80-1170x827.jpg 1170w, https:\/\/1001voyagesgourmands.com\/wp-content\/uploads\/2021\/05\/Ariege-80-585x413.jpg 585w\" sizes=\"auto, (max-width: 1024px) 100vw, 1024px\" \/><\/p>\n<p><img loading=\"lazy\" decoding=\"async\" class=\"aligncenter wp-image-28972\" src=\"https:\/\/1001voyagesgourmands.com\/wp-content\/uploads\/2021\/05\/Ariege-1-683x1024.jpg\" alt=\"\" width=\"938\" height=\"1406\" srcset=\"https:\/\/1001voyagesgourmands.com\/wp-content\/uploads\/2021\/05\/Ariege-1-683x1024.jpg 683w, https:\/\/1001voyagesgourmands.com\/wp-content\/uploads\/2021\/05\/Ariege-1-200x300.jpg 200w, https:\/\/1001voyagesgourmands.com\/wp-content\/uploads\/2021\/05\/Ariege-1-768x1152.jpg 768w, https:\/\/1001voyagesgourmands.com\/wp-content\/uploads\/2021\/05\/Ariege-1-1024x1536.jpg 1024w, https:\/\/1001voyagesgourmands.com\/wp-content\/uploads\/2021\/05\/Ariege-1-1365x2048.jpg 1365w, https:\/\/1001voyagesgourmands.com\/wp-content\/uploads\/2021\/05\/Ariege-1-1170x1755.jpg 1170w, https:\/\/1001voyagesgourmands.com\/wp-content\/uploads\/2021\/05\/Ariege-1-585x878.jpg 585w, https:\/\/1001voyagesgourmands.com\/wp-content\/uploads\/2021\/05\/Ariege-1-scaled.jpg 1707w\" sizes=\"auto, (max-width: 938px) 100vw, 938px\" \/><\/p>\n<p><img loading=\"lazy\" decoding=\"async\" class=\"aligncenter wp-image-28921\" src=\"https:\/\/1001voyagesgourmands.com\/wp-content\/uploads\/2021\/05\/Ariege-78-724x1024.jpg\" alt=\"\" width=\"876\" height=\"1239\" srcset=\"https:\/\/1001voyagesgourmands.com\/wp-content\/uploads\/2021\/05\/Ariege-78-724x1024.jpg 724w, https:\/\/1001voyagesgourmands.com\/wp-content\/uploads\/2021\/05\/Ariege-78-212x300.jpg 212w, https:\/\/1001voyagesgourmands.com\/wp-content\/uploads\/2021\/05\/Ariege-78-768x1087.jpg 768w, https:\/\/1001voyagesgourmands.com\/wp-content\/uploads\/2021\/05\/Ariege-78-1086x1536.jpg 1086w, https:\/\/1001voyagesgourmands.com\/wp-content\/uploads\/2021\/05\/Ariege-78-1448x2048.jpg 1448w, https:\/\/1001voyagesgourmands.com\/wp-content\/uploads\/2021\/05\/Ariege-78-1920x2716.jpg 1920w, https:\/\/1001voyagesgourmands.com\/wp-content\/uploads\/2021\/05\/Ariege-78-1170x1655.jpg 1170w, https:\/\/1001voyagesgourmands.com\/wp-content\/uploads\/2021\/05\/Ariege-78-585x828.jpg 585w, https:\/\/1001voyagesgourmands.com\/wp-content\/uploads\/2021\/05\/Ariege-78-scaled.jpg 1809w\" sizes=\"auto, (max-width: 876px) 100vw, 876px\" \/><\/p>\n<p><img loading=\"lazy\" decoding=\"async\" class=\"aligncenter size-large wp-image-28777\" src=\"https:\/\/1001voyagesgourmands.com\/wp-content\/uploads\/2021\/05\/Ariege-6-1-1024x685.jpg\" alt=\"\" width=\"1024\" height=\"685\" srcset=\"https:\/\/1001voyagesgourmands.com\/wp-content\/uploads\/2021\/05\/Ariege-6-1-1024x685.jpg 1024w, https:\/\/1001voyagesgourmands.com\/wp-content\/uploads\/2021\/05\/Ariege-6-1-300x201.jpg 300w, https:\/\/1001voyagesgourmands.com\/wp-content\/uploads\/2021\/05\/Ariege-6-1-768x514.jpg 768w, https:\/\/1001voyagesgourmands.com\/wp-content\/uploads\/2021\/05\/Ariege-6-1-1536x1028.jpg 1536w, https:\/\/1001voyagesgourmands.com\/wp-content\/uploads\/2021\/05\/Ariege-6-1-2048x1371.jpg 2048w, https:\/\/1001voyagesgourmands.com\/wp-content\/uploads\/2021\/05\/Ariege-6-1-1920x1285.jpg 1920w, https:\/\/1001voyagesgourmands.com\/wp-content\/uploads\/2021\/05\/Ariege-6-1-1170x783.jpg 1170w, https:\/\/1001voyagesgourmands.com\/wp-content\/uploads\/2021\/05\/Ariege-6-1-585x392.jpg 585w, https:\/\/1001voyagesgourmands.com\/wp-content\/uploads\/2021\/05\/Ariege-6-1-263x175.jpg 263w\" sizes=\"auto, (max-width: 1024px) 100vw, 1024px\" \/><\/p>\n<p>&nbsp;<\/p>\n<h3>Jezero Montbel<\/h3>\n<p style=\"text-align: justify;\">B\u011bhem hor\u00fdch dn\u00ed jsme si dali s v\u00fdletov\u00e1n\u00edm voraz a zam\u00ed\u0159ili k bl\u00edzk\u00e9mu jezeru Lac de Motbel. P\u016fvodn\u011b jsem vid\u011bla fotky jezera na Googlu a moc m\u011b to nep\u0159esv\u011bd\u010dilo, ale pak kdy\u017e za\u010dalo v\u00e1\u017en\u011b pa\u0159it, tak jsme se rozhodli tomu d\u00e1t \u0161anci a jet si tam zaplavat. Z\u016fstali jsme tam a\u017e do z\u00e1padu slunce, dali si tam v bistru i v\u00e9\u010du a v\u016fbec jsme nelitovali, ba naopak. Modr\u00e9 aruzov\u00e9 jezero je lemov\u00e1no lesy st\u0159\u00eddaj\u00edc\u00edmi se s divok\u00fdmi pl\u00e1\u017eemi \u010di loukami, na kter\u00fdch se pasou kr\u00e1vy, n\u011bkde m\u016f\u017eete za jasn\u00e9 oblohy vid\u011bt ty\u010d\u00edc\u00ed se vrcholky Pyrenej\u00ed. A ty barvi\u010dky &#8211; je to jako 50 odst\u00ednu azurov\u00e9. Dno tohodle um\u011bl\u00e9ho jezera je ze sl\u00ednu, co\u017e je pr\u00fd pro Ariege typick\u00e9, a tak to trochu klou\u017ee, kdy\u017e jdete do vody &#8211; n\u011bkde to jde docela prudce.&nbsp;<\/p>\n<p><img loading=\"lazy\" decoding=\"async\" class=\"aligncenter size-large wp-image-28825\" src=\"https:\/\/1001voyagesgourmands.com\/wp-content\/uploads\/2021\/05\/Ariege-30-1024x768.jpg\" alt=\"Lo\u0148sk\u00e9 l\u00e9to jsme str\u00e1vili n\u011bjak\u00fd \u010das na jihu Francie a tady jsou kr\u00e1sn\u00e1 m\u00edsta v Ari\u00e8ge, kter\u00e1 jsme stihli nav\u0161t\u00edvit a je\u017e se n\u00e1m moc l\u00edbila.\" width=\"1024\" height=\"768\" srcset=\"https:\/\/1001voyagesgourmands.com\/wp-content\/uploads\/2021\/05\/Ariege-30-1024x768.jpg 1024w, https:\/\/1001voyagesgourmands.com\/wp-content\/uploads\/2021\/05\/Ariege-30-300x225.jpg 300w, https:\/\/1001voyagesgourmands.com\/wp-content\/uploads\/2021\/05\/Ariege-30-768x576.jpg 768w, https:\/\/1001voyagesgourmands.com\/wp-content\/uploads\/2021\/05\/Ariege-30-1536x1152.jpg 1536w, https:\/\/1001voyagesgourmands.com\/wp-content\/uploads\/2021\/05\/Ariege-30-2048x1536.jpg 2048w, https:\/\/1001voyagesgourmands.com\/wp-content\/uploads\/2021\/05\/Ariege-30-1920x1440.jpg 1920w, https:\/\/1001voyagesgourmands.com\/wp-content\/uploads\/2021\/05\/Ariege-30-1170x878.jpg 1170w, https:\/\/1001voyagesgourmands.com\/wp-content\/uploads\/2021\/05\/Ariege-30-585x439.jpg 585w\" sizes=\"auto, (max-width: 1024px) 100vw, 1024px\" \/><\/p>\n<p><img loading=\"lazy\" decoding=\"async\" class=\"aligncenter size-large wp-image-28831\" src=\"https:\/\/1001voyagesgourmands.com\/wp-content\/uploads\/2021\/05\/Ariege-33-1024x768.jpg\" alt=\"During our summer holidays last year we had a chance to discover some beautiful places in Ari\u00e8ge in the Occitanie region. Here they are!\" width=\"1024\" height=\"768\" srcset=\"https:\/\/1001voyagesgourmands.com\/wp-content\/uploads\/2021\/05\/Ariege-33-1024x768.jpg 1024w, https:\/\/1001voyagesgourmands.com\/wp-content\/uploads\/2021\/05\/Ariege-33-300x225.jpg 300w, https:\/\/1001voyagesgourmands.com\/wp-content\/uploads\/2021\/05\/Ariege-33-768x576.jpg 768w, https:\/\/1001voyagesgourmands.com\/wp-content\/uploads\/2021\/05\/Ariege-33-1536x1152.jpg 1536w, https:\/\/1001voyagesgourmands.com\/wp-content\/uploads\/2021\/05\/Ariege-33-2048x1536.jpg 2048w, https:\/\/1001voyagesgourmands.com\/wp-content\/uploads\/2021\/05\/Ariege-33-1920x1440.jpg 1920w, https:\/\/1001voyagesgourmands.com\/wp-content\/uploads\/2021\/05\/Ariege-33-1170x878.jpg 1170w, https:\/\/1001voyagesgourmands.com\/wp-content\/uploads\/2021\/05\/Ariege-33-585x439.jpg 585w\" sizes=\"auto, (max-width: 1024px) 100vw, 1024px\" \/><\/p>\n<p><img loading=\"lazy\" decoding=\"async\" class=\"aligncenter size-large wp-image-28833\" src=\"https:\/\/1001voyagesgourmands.com\/wp-content\/uploads\/2021\/05\/Ariege-34-1024x768.jpg\" alt=\"During our summer holidays last year we had a chance to discover some beautiful places in Ari\u00e8ge in the Occitanie region. Here they are!\" width=\"1024\" height=\"768\" srcset=\"https:\/\/1001voyagesgourmands.com\/wp-content\/uploads\/2021\/05\/Ariege-34-1024x768.jpg 1024w, https:\/\/1001voyagesgourmands.com\/wp-content\/uploads\/2021\/05\/Ariege-34-300x225.jpg 300w, https:\/\/1001voyagesgourmands.com\/wp-content\/uploads\/2021\/05\/Ariege-34-768x576.jpg 768w, https:\/\/1001voyagesgourmands.com\/wp-content\/uploads\/2021\/05\/Ariege-34-1536x1152.jpg 1536w, https:\/\/1001voyagesgourmands.com\/wp-content\/uploads\/2021\/05\/Ariege-34-2048x1536.jpg 2048w, https:\/\/1001voyagesgourmands.com\/wp-content\/uploads\/2021\/05\/Ariege-34-1920x1440.jpg 1920w, https:\/\/1001voyagesgourmands.com\/wp-content\/uploads\/2021\/05\/Ariege-34-1170x878.jpg 1170w, https:\/\/1001voyagesgourmands.com\/wp-content\/uploads\/2021\/05\/Ariege-34-585x439.jpg 585w\" sizes=\"auto, (max-width: 1024px) 100vw, 1024px\" \/><\/p>\n<p><img loading=\"lazy\" decoding=\"async\" class=\"aligncenter size-large wp-image-28835\" src=\"https:\/\/1001voyagesgourmands.com\/wp-content\/uploads\/2021\/05\/Ariege-35-1024x768.jpg\" alt=\"\" width=\"1024\" height=\"768\" srcset=\"https:\/\/1001voyagesgourmands.com\/wp-content\/uploads\/2021\/05\/Ariege-35-1024x768.jpg 1024w, https:\/\/1001voyagesgourmands.com\/wp-content\/uploads\/2021\/05\/Ariege-35-300x225.jpg 300w, https:\/\/1001voyagesgourmands.com\/wp-content\/uploads\/2021\/05\/Ariege-35-768x576.jpg 768w, https:\/\/1001voyagesgourmands.com\/wp-content\/uploads\/2021\/05\/Ariege-35-1536x1152.jpg 1536w, https:\/\/1001voyagesgourmands.com\/wp-content\/uploads\/2021\/05\/Ariege-35-2048x1536.jpg 2048w, https:\/\/1001voyagesgourmands.com\/wp-content\/uploads\/2021\/05\/Ariege-35-1920x1440.jpg 1920w, https:\/\/1001voyagesgourmands.com\/wp-content\/uploads\/2021\/05\/Ariege-35-1170x878.jpg 1170w, https:\/\/1001voyagesgourmands.com\/wp-content\/uploads\/2021\/05\/Ariege-35-585x439.jpg 585w\" sizes=\"auto, (max-width: 1024px) 100vw, 1024px\" \/><\/p>\n<p><img loading=\"lazy\" decoding=\"async\" class=\"aligncenter wp-image-28827\" src=\"https:\/\/1001voyagesgourmands.com\/wp-content\/uploads\/2021\/05\/Ariege-31-768x1024.jpg\" alt=\"\" width=\"790\" height=\"1053\" srcset=\"https:\/\/1001voyagesgourmands.com\/wp-content\/uploads\/2021\/05\/Ariege-31-768x1024.jpg 768w, https:\/\/1001voyagesgourmands.com\/wp-content\/uploads\/2021\/05\/Ariege-31-225x300.jpg 225w, https:\/\/1001voyagesgourmands.com\/wp-content\/uploads\/2021\/05\/Ariege-31-1152x1536.jpg 1152w, https:\/\/1001voyagesgourmands.com\/wp-content\/uploads\/2021\/05\/Ariege-31-1536x2048.jpg 1536w, https:\/\/1001voyagesgourmands.com\/wp-content\/uploads\/2021\/05\/Ariege-31-scaled.jpg 1920w, https:\/\/1001voyagesgourmands.com\/wp-content\/uploads\/2021\/05\/Ariege-31-1170x1560.jpg 1170w, https:\/\/1001voyagesgourmands.com\/wp-content\/uploads\/2021\/05\/Ariege-31-585x780.jpg 585w\" sizes=\"auto, (max-width: 790px) 100vw, 790px\" \/><\/p>\n<p><img loading=\"lazy\" decoding=\"async\" class=\"aligncenter size-large wp-image-28829\" src=\"https:\/\/1001voyagesgourmands.com\/wp-content\/uploads\/2021\/05\/Ariege-32-1024x768.jpg\" alt=\"\" width=\"1024\" height=\"768\" srcset=\"https:\/\/1001voyagesgourmands.com\/wp-content\/uploads\/2021\/05\/Ariege-32-1024x768.jpg 1024w, https:\/\/1001voyagesgourmands.com\/wp-content\/uploads\/2021\/05\/Ariege-32-300x225.jpg 300w, https:\/\/1001voyagesgourmands.com\/wp-content\/uploads\/2021\/05\/Ariege-32-768x576.jpg 768w, https:\/\/1001voyagesgourmands.com\/wp-content\/uploads\/2021\/05\/Ariege-32-1536x1152.jpg 1536w, https:\/\/1001voyagesgourmands.com\/wp-content\/uploads\/2021\/05\/Ariege-32-2048x1536.jpg 2048w, https:\/\/1001voyagesgourmands.com\/wp-content\/uploads\/2021\/05\/Ariege-32-1920x1440.jpg 1920w, https:\/\/1001voyagesgourmands.com\/wp-content\/uploads\/2021\/05\/Ariege-32-1170x878.jpg 1170w, https:\/\/1001voyagesgourmands.com\/wp-content\/uploads\/2021\/05\/Ariege-32-585x439.jpg 585w\" sizes=\"auto, (max-width: 1024px) 100vw, 1024px\" \/><\/p>\n<p>&nbsp;<\/p>\n<h3 style=\"text-align: justify;\">Carla Bayle<\/h3>\n<p style=\"text-align: justify;\">Jeden z posledn\u00edch dn\u016f jsme str\u00e1vili roadtripem po n\u00e1sleduj\u00edc\u00edch vesni\u010dk\u00e1ch a\u017e do Andorry. P\u00e1r jsme si jich vyhledali a pak nav\u0161t\u00edvily ty, kam n\u00e1s cesta zavedla. Prvn\u00ed z nich byla pr\u00e1v\u011b Carla-Bayle &#8211; poetick\u00e1 vesnice tr\u016fn\u00edc\u00ed na kope\u010dku. Je to r\u00e1j p\u0159\u00edznivc\u016f um\u011bn\u00ed &#8211; p\u0159i proch\u00e1zce uli\u010dkami tu najdete plno galeri\u00ed a workshop\u016f. My jsme nic p\u0159edem neo\u010dek\u00e1vali, ale dost se n\u00e1m zde l\u00edbilo &#8211; bylo to tu takov\u00e9 vesel\u00e9 pastelov\u011b barevn\u00e9. \ud83d\ude42<\/p>\n<p><img loading=\"lazy\" decoding=\"async\" class=\"aligncenter wp-image-28849\" src=\"https:\/\/1001voyagesgourmands.com\/wp-content\/uploads\/2021\/05\/Ariege-42-683x1024.jpg\" alt=\"Lo\u0148sk\u00e9 l\u00e9to jsme str\u00e1vili n\u011bjak\u00fd \u010das na jihu Francie a tady jsou kr\u00e1sn\u00e1 m\u00edsta v Ari\u00e8ge, kter\u00e1 jsme stihli nav\u0161t\u00edvit a je\u017e se n\u00e1m moc l\u00edbila.\" width=\"775\" height=\"1162\" srcset=\"https:\/\/1001voyagesgourmands.com\/wp-content\/uploads\/2021\/05\/Ariege-42-683x1024.jpg 683w, https:\/\/1001voyagesgourmands.com\/wp-content\/uploads\/2021\/05\/Ariege-42-200x300.jpg 200w, https:\/\/1001voyagesgourmands.com\/wp-content\/uploads\/2021\/05\/Ariege-42-768x1152.jpg 768w, https:\/\/1001voyagesgourmands.com\/wp-content\/uploads\/2021\/05\/Ariege-42-1024x1536.jpg 1024w, https:\/\/1001voyagesgourmands.com\/wp-content\/uploads\/2021\/05\/Ariege-42-1365x2048.jpg 1365w, https:\/\/1001voyagesgourmands.com\/wp-content\/uploads\/2021\/05\/Ariege-42-1170x1755.jpg 1170w, https:\/\/1001voyagesgourmands.com\/wp-content\/uploads\/2021\/05\/Ariege-42-585x878.jpg 585w, https:\/\/1001voyagesgourmands.com\/wp-content\/uploads\/2021\/05\/Ariege-42-scaled.jpg 1707w\" sizes=\"auto, (max-width: 775px) 100vw, 775px\" \/><\/p>\n<p><img loading=\"lazy\" decoding=\"async\" class=\"aligncenter size-large wp-image-28853\" src=\"https:\/\/1001voyagesgourmands.com\/wp-content\/uploads\/2021\/05\/Ariege-44-1024x683.jpg\" alt=\"Lo\u0148sk\u00e9 l\u00e9to jsme str\u00e1vili n\u011bjak\u00fd \u010das na jihu Francie a tady jsou kr\u00e1sn\u00e1 m\u00edsta v Ari\u00e8ge, kter\u00e1 jsme stihli nav\u0161t\u00edvit a je\u017e se n\u00e1m moc l\u00edbila.\" width=\"1024\" height=\"683\" srcset=\"https:\/\/1001voyagesgourmands.com\/wp-content\/uploads\/2021\/05\/Ariege-44-1024x683.jpg 1024w, https:\/\/1001voyagesgourmands.com\/wp-content\/uploads\/2021\/05\/Ariege-44-300x200.jpg 300w, https:\/\/1001voyagesgourmands.com\/wp-content\/uploads\/2021\/05\/Ariege-44-768x512.jpg 768w, https:\/\/1001voyagesgourmands.com\/wp-content\/uploads\/2021\/05\/Ariege-44-1536x1024.jpg 1536w, https:\/\/1001voyagesgourmands.com\/wp-content\/uploads\/2021\/05\/Ariege-44-2048x1365.jpg 2048w, https:\/\/1001voyagesgourmands.com\/wp-content\/uploads\/2021\/05\/Ariege-44-1920x1280.jpg 1920w, https:\/\/1001voyagesgourmands.com\/wp-content\/uploads\/2021\/05\/Ariege-44-1170x780.jpg 1170w, https:\/\/1001voyagesgourmands.com\/wp-content\/uploads\/2021\/05\/Ariege-44-585x390.jpg 585w, https:\/\/1001voyagesgourmands.com\/wp-content\/uploads\/2021\/05\/Ariege-44-263x175.jpg 263w\" sizes=\"auto, (max-width: 1024px) 100vw, 1024px\" \/><\/p>\n<p><img loading=\"lazy\" decoding=\"async\" class=\"aligncenter size-large wp-image-28943\" src=\"https:\/\/1001voyagesgourmands.com\/wp-content\/uploads\/2021\/05\/Ariege-89-1024x724.jpg\" alt=\"\" width=\"1024\" height=\"724\" srcset=\"https:\/\/1001voyagesgourmands.com\/wp-content\/uploads\/2021\/05\/Ariege-89-1024x724.jpg 1024w, https:\/\/1001voyagesgourmands.com\/wp-content\/uploads\/2021\/05\/Ariege-89-300x212.jpg 300w, https:\/\/1001voyagesgourmands.com\/wp-content\/uploads\/2021\/05\/Ariege-89-768x543.jpg 768w, https:\/\/1001voyagesgourmands.com\/wp-content\/uploads\/2021\/05\/Ariege-89-1536x1086.jpg 1536w, https:\/\/1001voyagesgourmands.com\/wp-content\/uploads\/2021\/05\/Ariege-89-2048x1448.jpg 2048w, https:\/\/1001voyagesgourmands.com\/wp-content\/uploads\/2021\/05\/Ariege-89-1920x1357.jpg 1920w, https:\/\/1001voyagesgourmands.com\/wp-content\/uploads\/2021\/05\/Ariege-89-1170x827.jpg 1170w, https:\/\/1001voyagesgourmands.com\/wp-content\/uploads\/2021\/05\/Ariege-89-585x413.jpg 585w\" sizes=\"auto, (max-width: 1024px) 100vw, 1024px\" \/><\/p>\n<p><img loading=\"lazy\" decoding=\"async\" class=\"aligncenter size-large wp-image-28939\" src=\"https:\/\/1001voyagesgourmands.com\/wp-content\/uploads\/2021\/05\/Ariege-87-1024x724.jpg\" alt=\"\" width=\"1024\" height=\"724\" srcset=\"https:\/\/1001voyagesgourmands.com\/wp-content\/uploads\/2021\/05\/Ariege-87-1024x724.jpg 1024w, https:\/\/1001voyagesgourmands.com\/wp-content\/uploads\/2021\/05\/Ariege-87-300x212.jpg 300w, https:\/\/1001voyagesgourmands.com\/wp-content\/uploads\/2021\/05\/Ariege-87-768x543.jpg 768w, https:\/\/1001voyagesgourmands.com\/wp-content\/uploads\/2021\/05\/Ariege-87-1536x1086.jpg 1536w, https:\/\/1001voyagesgourmands.com\/wp-content\/uploads\/2021\/05\/Ariege-87-2048x1448.jpg 2048w, https:\/\/1001voyagesgourmands.com\/wp-content\/uploads\/2021\/05\/Ariege-87-1920x1357.jpg 1920w, https:\/\/1001voyagesgourmands.com\/wp-content\/uploads\/2021\/05\/Ariege-87-1170x827.jpg 1170w, https:\/\/1001voyagesgourmands.com\/wp-content\/uploads\/2021\/05\/Ariege-87-585x413.jpg 585w\" sizes=\"auto, (max-width: 1024px) 100vw, 1024px\" \/><\/p>\n<p><img loading=\"lazy\" decoding=\"async\" class=\"aligncenter wp-image-28855\" src=\"https:\/\/1001voyagesgourmands.com\/wp-content\/uploads\/2021\/05\/Ariege-45-683x1024.jpg\" alt=\"\" width=\"788\" height=\"1181\" srcset=\"https:\/\/1001voyagesgourmands.com\/wp-content\/uploads\/2021\/05\/Ariege-45-683x1024.jpg 683w, https:\/\/1001voyagesgourmands.com\/wp-content\/uploads\/2021\/05\/Ariege-45-200x300.jpg 200w, https:\/\/1001voyagesgourmands.com\/wp-content\/uploads\/2021\/05\/Ariege-45-768x1152.jpg 768w, https:\/\/1001voyagesgourmands.com\/wp-content\/uploads\/2021\/05\/Ariege-45-1024x1536.jpg 1024w, https:\/\/1001voyagesgourmands.com\/wp-content\/uploads\/2021\/05\/Ariege-45-1365x2048.jpg 1365w, https:\/\/1001voyagesgourmands.com\/wp-content\/uploads\/2021\/05\/Ariege-45-1170x1755.jpg 1170w, https:\/\/1001voyagesgourmands.com\/wp-content\/uploads\/2021\/05\/Ariege-45-585x878.jpg 585w, https:\/\/1001voyagesgourmands.com\/wp-content\/uploads\/2021\/05\/Ariege-45-scaled.jpg 1707w\" sizes=\"auto, (max-width: 788px) 100vw, 788px\" \/><\/p>\n<p><img loading=\"lazy\" decoding=\"async\" class=\"aligncenter size-large wp-image-28851\" src=\"https:\/\/1001voyagesgourmands.com\/wp-content\/uploads\/2021\/05\/Ariege-43-1024x683.jpg\" alt=\"\" width=\"1024\" height=\"683\" srcset=\"https:\/\/1001voyagesgourmands.com\/wp-content\/uploads\/2021\/05\/Ariege-43-1024x683.jpg 1024w, https:\/\/1001voyagesgourmands.com\/wp-content\/uploads\/2021\/05\/Ariege-43-300x200.jpg 300w, https:\/\/1001voyagesgourmands.com\/wp-content\/uploads\/2021\/05\/Ariege-43-768x512.jpg 768w, https:\/\/1001voyagesgourmands.com\/wp-content\/uploads\/2021\/05\/Ariege-43-1536x1024.jpg 1536w, https:\/\/1001voyagesgourmands.com\/wp-content\/uploads\/2021\/05\/Ariege-43-2048x1365.jpg 2048w, https:\/\/1001voyagesgourmands.com\/wp-content\/uploads\/2021\/05\/Ariege-43-1920x1280.jpg 1920w, https:\/\/1001voyagesgourmands.com\/wp-content\/uploads\/2021\/05\/Ariege-43-1170x780.jpg 1170w, https:\/\/1001voyagesgourmands.com\/wp-content\/uploads\/2021\/05\/Ariege-43-585x390.jpg 585w, https:\/\/1001voyagesgourmands.com\/wp-content\/uploads\/2021\/05\/Ariege-43-263x175.jpg 263w\" sizes=\"auto, (max-width: 1024px) 100vw, 1024px\" \/><\/p>\n<p><img loading=\"lazy\" decoding=\"async\" class=\"aligncenter size-large wp-image-28941\" src=\"https:\/\/1001voyagesgourmands.com\/wp-content\/uploads\/2021\/05\/Ariege-88-1024x724.jpg\" alt=\"\" width=\"1024\" height=\"724\" srcset=\"https:\/\/1001voyagesgourmands.com\/wp-content\/uploads\/2021\/05\/Ariege-88-1024x724.jpg 1024w, https:\/\/1001voyagesgourmands.com\/wp-content\/uploads\/2021\/05\/Ariege-88-300x212.jpg 300w, https:\/\/1001voyagesgourmands.com\/wp-content\/uploads\/2021\/05\/Ariege-88-768x543.jpg 768w, https:\/\/1001voyagesgourmands.com\/wp-content\/uploads\/2021\/05\/Ariege-88-1536x1086.jpg 1536w, https:\/\/1001voyagesgourmands.com\/wp-content\/uploads\/2021\/05\/Ariege-88-2048x1448.jpg 2048w, https:\/\/1001voyagesgourmands.com\/wp-content\/uploads\/2021\/05\/Ariege-88-1920x1357.jpg 1920w, https:\/\/1001voyagesgourmands.com\/wp-content\/uploads\/2021\/05\/Ariege-88-1170x827.jpg 1170w, https:\/\/1001voyagesgourmands.com\/wp-content\/uploads\/2021\/05\/Ariege-88-585x413.jpg 585w\" sizes=\"auto, (max-width: 1024px) 100vw, 1024px\" \/><\/p>\n<p><img loading=\"lazy\" decoding=\"async\" class=\"aligncenter wp-image-28857\" src=\"https:\/\/1001voyagesgourmands.com\/wp-content\/uploads\/2021\/05\/Ariege-46-683x1024.jpg\" alt=\"During our summer holidays last year we had a chance to discover some beautiful places in Ari\u00e8ge in the Occitanie region. Here they are!\" width=\"822\" height=\"1232\" srcset=\"https:\/\/1001voyagesgourmands.com\/wp-content\/uploads\/2021\/05\/Ariege-46-683x1024.jpg 683w, https:\/\/1001voyagesgourmands.com\/wp-content\/uploads\/2021\/05\/Ariege-46-200x300.jpg 200w, https:\/\/1001voyagesgourmands.com\/wp-content\/uploads\/2021\/05\/Ariege-46-768x1152.jpg 768w, https:\/\/1001voyagesgourmands.com\/wp-content\/uploads\/2021\/05\/Ariege-46-1024x1536.jpg 1024w, https:\/\/1001voyagesgourmands.com\/wp-content\/uploads\/2021\/05\/Ariege-46-1365x2048.jpg 1365w, https:\/\/1001voyagesgourmands.com\/wp-content\/uploads\/2021\/05\/Ariege-46-1170x1755.jpg 1170w, https:\/\/1001voyagesgourmands.com\/wp-content\/uploads\/2021\/05\/Ariege-46-585x878.jpg 585w, https:\/\/1001voyagesgourmands.com\/wp-content\/uploads\/2021\/05\/Ariege-46-scaled.jpg 1707w\" sizes=\"auto, (max-width: 822px) 100vw, 822px\" \/><\/p>\n<p><img loading=\"lazy\" decoding=\"async\" class=\"aligncenter size-large wp-image-28863\" src=\"https:\/\/1001voyagesgourmands.com\/wp-content\/uploads\/2021\/05\/Ariege-49-1024x683.jpg\" alt=\"\" width=\"1024\" height=\"683\" srcset=\"https:\/\/1001voyagesgourmands.com\/wp-content\/uploads\/2021\/05\/Ariege-49-1024x683.jpg 1024w, https:\/\/1001voyagesgourmands.com\/wp-content\/uploads\/2021\/05\/Ariege-49-300x200.jpg 300w, https:\/\/1001voyagesgourmands.com\/wp-content\/uploads\/2021\/05\/Ariege-49-768x512.jpg 768w, https:\/\/1001voyagesgourmands.com\/wp-content\/uploads\/2021\/05\/Ariege-49-1536x1024.jpg 1536w, https:\/\/1001voyagesgourmands.com\/wp-content\/uploads\/2021\/05\/Ariege-49-2048x1365.jpg 2048w, https:\/\/1001voyagesgourmands.com\/wp-content\/uploads\/2021\/05\/Ariege-49-1920x1280.jpg 1920w, https:\/\/1001voyagesgourmands.com\/wp-content\/uploads\/2021\/05\/Ariege-49-1170x780.jpg 1170w, https:\/\/1001voyagesgourmands.com\/wp-content\/uploads\/2021\/05\/Ariege-49-585x390.jpg 585w, https:\/\/1001voyagesgourmands.com\/wp-content\/uploads\/2021\/05\/Ariege-49-263x175.jpg 263w\" sizes=\"auto, (max-width: 1024px) 100vw, 1024px\" \/><\/p>\n<p><img loading=\"lazy\" decoding=\"async\" class=\"aligncenter wp-image-28861\" src=\"https:\/\/1001voyagesgourmands.com\/wp-content\/uploads\/2021\/05\/Ariege-48-683x1024.jpg\" alt=\"\" width=\"808\" height=\"1211\" srcset=\"https:\/\/1001voyagesgourmands.com\/wp-content\/uploads\/2021\/05\/Ariege-48-683x1024.jpg 683w, https:\/\/1001voyagesgourmands.com\/wp-content\/uploads\/2021\/05\/Ariege-48-200x300.jpg 200w, https:\/\/1001voyagesgourmands.com\/wp-content\/uploads\/2021\/05\/Ariege-48-768x1152.jpg 768w, https:\/\/1001voyagesgourmands.com\/wp-content\/uploads\/2021\/05\/Ariege-48-1024x1536.jpg 1024w, https:\/\/1001voyagesgourmands.com\/wp-content\/uploads\/2021\/05\/Ariege-48-1365x2048.jpg 1365w, https:\/\/1001voyagesgourmands.com\/wp-content\/uploads\/2021\/05\/Ariege-48-1170x1755.jpg 1170w, https:\/\/1001voyagesgourmands.com\/wp-content\/uploads\/2021\/05\/Ariege-48-585x878.jpg 585w, https:\/\/1001voyagesgourmands.com\/wp-content\/uploads\/2021\/05\/Ariege-48-scaled.jpg 1707w\" sizes=\"auto, (max-width: 808px) 100vw, 808px\" \/><\/p>\n<p><img loading=\"lazy\" decoding=\"async\" class=\"aligncenter size-large wp-image-28865\" src=\"https:\/\/1001voyagesgourmands.com\/wp-content\/uploads\/2021\/05\/Ariege-50-1024x683.jpg\" alt=\"During our summer holidays last year we had a chance to discover some beautiful places in Ari\u00e8ge in the Occitanie region. Here they are!\" width=\"1024\" height=\"683\" srcset=\"https:\/\/1001voyagesgourmands.com\/wp-content\/uploads\/2021\/05\/Ariege-50-1024x683.jpg 1024w, https:\/\/1001voyagesgourmands.com\/wp-content\/uploads\/2021\/05\/Ariege-50-300x200.jpg 300w, https:\/\/1001voyagesgourmands.com\/wp-content\/uploads\/2021\/05\/Ariege-50-768x512.jpg 768w, https:\/\/1001voyagesgourmands.com\/wp-content\/uploads\/2021\/05\/Ariege-50-1536x1024.jpg 1536w, https:\/\/1001voyagesgourmands.com\/wp-content\/uploads\/2021\/05\/Ariege-50-2048x1365.jpg 2048w, https:\/\/1001voyagesgourmands.com\/wp-content\/uploads\/2021\/05\/Ariege-50-1920x1280.jpg 1920w, https:\/\/1001voyagesgourmands.com\/wp-content\/uploads\/2021\/05\/Ariege-50-1170x780.jpg 1170w, https:\/\/1001voyagesgourmands.com\/wp-content\/uploads\/2021\/05\/Ariege-50-585x390.jpg 585w, https:\/\/1001voyagesgourmands.com\/wp-content\/uploads\/2021\/05\/Ariege-50-263x175.jpg 263w\" sizes=\"auto, (max-width: 1024px) 100vw, 1024px\" \/><\/p>\n<p style=\"text-align: justify;\">&nbsp;<\/p>\n<h3 style=\"text-align: justify;\">Saint-Lizier<\/h3>\n<p style=\"text-align: justify;\">Tahle zast\u00e1vka m\u011bla b\u00fdt vrcholem na\u0161eho roadtripu ten den a taky byla. Saint-Lizier m\u00e1 bohatou historii je\u017e sah\u00e1 a\u017e do dob galo-rom\u00e1nsk\u00fdch a je ofici\u00e1ln\u011b jednou z nejkr\u00e1sn\u011bj\u0161\u00edch vesnic Francie. Pot\u00e9, co jsme se probrali svatebn\u00edm davem u katedr\u00e1ly, jsme se vydali uzounk\u00fdma dl\u00e1\u017ed\u011bn\u00fdma uli\u010dkama nahoru k pal\u00e1ci, kter\u00fd dnes funguje jako muzeum popul\u00e1rn\u00edho um\u011bn\u00ed a tradic. Odsud byl n\u00e1dhern\u00fd pohled na tuhle st\u0159edov\u011bkou vesni\u010dku s gotickou katedr\u00e1lou a horama v pozad\u00ed. Kr\u00e1sa!<\/p>\n<p><img loading=\"lazy\" decoding=\"async\" class=\"aligncenter wp-image-28879\" src=\"https:\/\/1001voyagesgourmands.com\/wp-content\/uploads\/2021\/05\/Ariege-57-683x1024.jpg\" alt=\"Lo\u0148sk\u00e9 l\u00e9to jsme str\u00e1vili n\u011bjak\u00fd \u010das na jihu Francie a tady jsou kr\u00e1sn\u00e1 m\u00edsta v Ari\u00e8ge, kter\u00e1 jsme stihli nav\u0161t\u00edvit a je\u017e se n\u00e1m moc l\u00edbila.\" width=\"891\" height=\"1336\" srcset=\"https:\/\/1001voyagesgourmands.com\/wp-content\/uploads\/2021\/05\/Ariege-57-683x1024.jpg 683w, https:\/\/1001voyagesgourmands.com\/wp-content\/uploads\/2021\/05\/Ariege-57-200x300.jpg 200w, https:\/\/1001voyagesgourmands.com\/wp-content\/uploads\/2021\/05\/Ariege-57-768x1152.jpg 768w, https:\/\/1001voyagesgourmands.com\/wp-content\/uploads\/2021\/05\/Ariege-57-1024x1536.jpg 1024w, https:\/\/1001voyagesgourmands.com\/wp-content\/uploads\/2021\/05\/Ariege-57-1365x2048.jpg 1365w, https:\/\/1001voyagesgourmands.com\/wp-content\/uploads\/2021\/05\/Ariege-57-1170x1755.jpg 1170w, https:\/\/1001voyagesgourmands.com\/wp-content\/uploads\/2021\/05\/Ariege-57-585x878.jpg 585w, https:\/\/1001voyagesgourmands.com\/wp-content\/uploads\/2021\/05\/Ariege-57-scaled.jpg 1707w\" sizes=\"auto, (max-width: 891px) 100vw, 891px\" \/><\/p>\n<p><img loading=\"lazy\" decoding=\"async\" class=\"aligncenter wp-image-28881\" src=\"https:\/\/1001voyagesgourmands.com\/wp-content\/uploads\/2021\/05\/Ariege-58-683x1024.jpg\" alt=\"\" width=\"845\" height=\"1267\" srcset=\"https:\/\/1001voyagesgourmands.com\/wp-content\/uploads\/2021\/05\/Ariege-58-683x1024.jpg 683w, https:\/\/1001voyagesgourmands.com\/wp-content\/uploads\/2021\/05\/Ariege-58-200x300.jpg 200w, https:\/\/1001voyagesgourmands.com\/wp-content\/uploads\/2021\/05\/Ariege-58-768x1152.jpg 768w, https:\/\/1001voyagesgourmands.com\/wp-content\/uploads\/2021\/05\/Ariege-58-1024x1536.jpg 1024w, https:\/\/1001voyagesgourmands.com\/wp-content\/uploads\/2021\/05\/Ariege-58-1365x2048.jpg 1365w, https:\/\/1001voyagesgourmands.com\/wp-content\/uploads\/2021\/05\/Ariege-58-1170x1755.jpg 1170w, https:\/\/1001voyagesgourmands.com\/wp-content\/uploads\/2021\/05\/Ariege-58-585x878.jpg 585w, https:\/\/1001voyagesgourmands.com\/wp-content\/uploads\/2021\/05\/Ariege-58-scaled.jpg 1707w\" sizes=\"auto, (max-width: 845px) 100vw, 845px\" \/><\/p>\n<p><img loading=\"lazy\" decoding=\"async\" class=\"aligncenter wp-image-28873\" src=\"https:\/\/1001voyagesgourmands.com\/wp-content\/uploads\/2021\/05\/Ariege-54-683x1024.jpg\" alt=\"\" width=\"854\" height=\"1280\" srcset=\"https:\/\/1001voyagesgourmands.com\/wp-content\/uploads\/2021\/05\/Ariege-54-683x1024.jpg 683w, https:\/\/1001voyagesgourmands.com\/wp-content\/uploads\/2021\/05\/Ariege-54-200x300.jpg 200w, https:\/\/1001voyagesgourmands.com\/wp-content\/uploads\/2021\/05\/Ariege-54-768x1152.jpg 768w, https:\/\/1001voyagesgourmands.com\/wp-content\/uploads\/2021\/05\/Ariege-54-1024x1536.jpg 1024w, https:\/\/1001voyagesgourmands.com\/wp-content\/uploads\/2021\/05\/Ariege-54-1365x2048.jpg 1365w, https:\/\/1001voyagesgourmands.com\/wp-content\/uploads\/2021\/05\/Ariege-54-1170x1755.jpg 1170w, https:\/\/1001voyagesgourmands.com\/wp-content\/uploads\/2021\/05\/Ariege-54-585x878.jpg 585w, https:\/\/1001voyagesgourmands.com\/wp-content\/uploads\/2021\/05\/Ariege-54-scaled.jpg 1707w\" sizes=\"auto, (max-width: 854px) 100vw, 854px\" \/><\/p>\n<p><img loading=\"lazy\" decoding=\"async\" class=\"aligncenter wp-image-28875\" src=\"https:\/\/1001voyagesgourmands.com\/wp-content\/uploads\/2021\/05\/Ariege-55-683x1024.jpg\" alt=\"\" width=\"854\" height=\"1280\" srcset=\"https:\/\/1001voyagesgourmands.com\/wp-content\/uploads\/2021\/05\/Ariege-55-683x1024.jpg 683w, https:\/\/1001voyagesgourmands.com\/wp-content\/uploads\/2021\/05\/Ariege-55-200x300.jpg 200w, https:\/\/1001voyagesgourmands.com\/wp-content\/uploads\/2021\/05\/Ariege-55-768x1152.jpg 768w, https:\/\/1001voyagesgourmands.com\/wp-content\/uploads\/2021\/05\/Ariege-55-1024x1536.jpg 1024w, https:\/\/1001voyagesgourmands.com\/wp-content\/uploads\/2021\/05\/Ariege-55-1365x2048.jpg 1365w, https:\/\/1001voyagesgourmands.com\/wp-content\/uploads\/2021\/05\/Ariege-55-1170x1755.jpg 1170w, https:\/\/1001voyagesgourmands.com\/wp-content\/uploads\/2021\/05\/Ariege-55-585x878.jpg 585w, https:\/\/1001voyagesgourmands.com\/wp-content\/uploads\/2021\/05\/Ariege-55-scaled.jpg 1707w\" sizes=\"auto, (max-width: 854px) 100vw, 854px\" \/><\/p>\n<p style=\"text-align: justify;\"><img loading=\"lazy\" decoding=\"async\" class=\"aligncenter wp-image-28871\" src=\"https:\/\/1001voyagesgourmands.com\/wp-content\/uploads\/2021\/05\/Ariege-53-683x1024.jpg\" alt=\"Lo\u0148sk\u00e9 l\u00e9to jsme str\u00e1vili n\u011bjak\u00fd \u010das na jihu Francie a tady jsou kr\u00e1sn\u00e1 m\u00edsta v Ari\u00e8ge, kter\u00e1 jsme stihli nav\u0161t\u00edvit a je\u017e se n\u00e1m moc l\u00edbila.\" width=\"839\" height=\"1258\" srcset=\"https:\/\/1001voyagesgourmands.com\/wp-content\/uploads\/2021\/05\/Ariege-53-683x1024.jpg 683w, https:\/\/1001voyagesgourmands.com\/wp-content\/uploads\/2021\/05\/Ariege-53-200x300.jpg 200w, https:\/\/1001voyagesgourmands.com\/wp-content\/uploads\/2021\/05\/Ariege-53-768x1152.jpg 768w, https:\/\/1001voyagesgourmands.com\/wp-content\/uploads\/2021\/05\/Ariege-53-1024x1536.jpg 1024w, https:\/\/1001voyagesgourmands.com\/wp-content\/uploads\/2021\/05\/Ariege-53-1365x2048.jpg 1365w, https:\/\/1001voyagesgourmands.com\/wp-content\/uploads\/2021\/05\/Ariege-53-1170x1755.jpg 1170w, https:\/\/1001voyagesgourmands.com\/wp-content\/uploads\/2021\/05\/Ariege-53-585x878.jpg 585w, https:\/\/1001voyagesgourmands.com\/wp-content\/uploads\/2021\/05\/Ariege-53-scaled.jpg 1707w\" sizes=\"auto, (max-width: 839px) 100vw, 839px\" \/><\/p>\n<p><img loading=\"lazy\" decoding=\"async\" class=\"aligncenter wp-image-28877\" src=\"https:\/\/1001voyagesgourmands.com\/wp-content\/uploads\/2021\/05\/Ariege-56-683x1024.jpg\" alt=\"\" width=\"872\" height=\"1307\" srcset=\"https:\/\/1001voyagesgourmands.com\/wp-content\/uploads\/2021\/05\/Ariege-56-683x1024.jpg 683w, https:\/\/1001voyagesgourmands.com\/wp-content\/uploads\/2021\/05\/Ariege-56-200x300.jpg 200w, https:\/\/1001voyagesgourmands.com\/wp-content\/uploads\/2021\/05\/Ariege-56-768x1152.jpg 768w, https:\/\/1001voyagesgourmands.com\/wp-content\/uploads\/2021\/05\/Ariege-56-1024x1536.jpg 1024w, https:\/\/1001voyagesgourmands.com\/wp-content\/uploads\/2021\/05\/Ariege-56-1365x2048.jpg 1365w, https:\/\/1001voyagesgourmands.com\/wp-content\/uploads\/2021\/05\/Ariege-56-1170x1755.jpg 1170w, https:\/\/1001voyagesgourmands.com\/wp-content\/uploads\/2021\/05\/Ariege-56-585x878.jpg 585w, https:\/\/1001voyagesgourmands.com\/wp-content\/uploads\/2021\/05\/Ariege-56-scaled.jpg 1707w\" sizes=\"auto, (max-width: 872px) 100vw, 872px\" \/><\/p>\n<p>&nbsp;<\/p>\n<h3 style=\"text-align: justify;\">Seix<\/h3>\n<p style=\"text-align: justify;\">Ji\u017e po p\u0159\u00edjezdu se n\u00e1m to tu zd\u00e1lo jako typick\u00e9 ly\u017ea\u0159sk\u00e9 st\u0159edisko. Zrovna za\u010d\u00ednalo pr\u0161et a oblohu zakryly tmav\u00e9 mraky. Sice to m\u011blo svoj\u00ed zaj\u00edmavou atmosf\u00e9ru, ale dlouho jsme tu nez\u016fstali &#8211; cht\u011bli jsme dojet do Andorry je\u0161t\u011b p\u0159ed z\u00e1padem slunce. A tak jsme nez\u016fstali nijak dlouho a rovnou pokra\u010dovali p\u0159es hory do Andorry&#8230;<\/p>\n<p><img loading=\"lazy\" decoding=\"async\" class=\"aligncenter wp-image-28885\" src=\"https:\/\/1001voyagesgourmands.com\/wp-content\/uploads\/2021\/05\/Ariege-60-683x1024.jpg\" alt=\"\" width=\"846\" height=\"1268\" srcset=\"https:\/\/1001voyagesgourmands.com\/wp-content\/uploads\/2021\/05\/Ariege-60-683x1024.jpg 683w, https:\/\/1001voyagesgourmands.com\/wp-content\/uploads\/2021\/05\/Ariege-60-200x300.jpg 200w, https:\/\/1001voyagesgourmands.com\/wp-content\/uploads\/2021\/05\/Ariege-60-768x1152.jpg 768w, https:\/\/1001voyagesgourmands.com\/wp-content\/uploads\/2021\/05\/Ariege-60-1024x1536.jpg 1024w, https:\/\/1001voyagesgourmands.com\/wp-content\/uploads\/2021\/05\/Ariege-60-1365x2048.jpg 1365w, https:\/\/1001voyagesgourmands.com\/wp-content\/uploads\/2021\/05\/Ariege-60-1170x1755.jpg 1170w, https:\/\/1001voyagesgourmands.com\/wp-content\/uploads\/2021\/05\/Ariege-60-585x878.jpg 585w, https:\/\/1001voyagesgourmands.com\/wp-content\/uploads\/2021\/05\/Ariege-60-scaled.jpg 1707w\" sizes=\"auto, (max-width: 846px) 100vw, 846px\" \/><\/p>\n<p><img loading=\"lazy\" decoding=\"async\" class=\"aligncenter wp-image-28883\" src=\"https:\/\/1001voyagesgourmands.com\/wp-content\/uploads\/2021\/05\/Ariege-59-683x1024.jpg\" alt=\"\" width=\"835\" height=\"1252\" srcset=\"https:\/\/1001voyagesgourmands.com\/wp-content\/uploads\/2021\/05\/Ariege-59-683x1024.jpg 683w, https:\/\/1001voyagesgourmands.com\/wp-content\/uploads\/2021\/05\/Ariege-59-200x300.jpg 200w, https:\/\/1001voyagesgourmands.com\/wp-content\/uploads\/2021\/05\/Ariege-59-768x1152.jpg 768w, https:\/\/1001voyagesgourmands.com\/wp-content\/uploads\/2021\/05\/Ariege-59-1024x1536.jpg 1024w, https:\/\/1001voyagesgourmands.com\/wp-content\/uploads\/2021\/05\/Ariege-59-1365x2048.jpg 1365w, https:\/\/1001voyagesgourmands.com\/wp-content\/uploads\/2021\/05\/Ariege-59-1170x1755.jpg 1170w, https:\/\/1001voyagesgourmands.com\/wp-content\/uploads\/2021\/05\/Ariege-59-585x878.jpg 585w, https:\/\/1001voyagesgourmands.com\/wp-content\/uploads\/2021\/05\/Ariege-59-scaled.jpg 1707w\" sizes=\"auto, (max-width: 835px) 100vw, 835px\" \/><\/p>\n<p>&nbsp;<\/p>\n<h3>Odtamtad u\u017e jen na skok do Andorry<\/h3>\n<p style=\"text-align: justify;\">Do Andorry jsme jeli hlavn\u011b kv\u016fli n\u00e1dhern\u00e9 p\u0159\u00edjezdov\u00e9 cest\u011b. Na\u0161t\u011bst\u00ed v jednom momentu se tmav\u00e9 mraky rozestoupily a n\u00e1m se naskytly kr\u00e1sn\u00e9 pohledy na Pyreneje. Tam jsme se je\u0161t\u011b pak jeden den pod\u00edvali a ud\u011blali si p\u016fldenn\u00ed v\u00fd\u0161lap, o kter\u00e9m si m\u016f\u017eete p\u0159e\u010d\u00edst v\u00edce <a href=\"https:\/\/1001voyagesgourmands.com\/cs\/udoli-aston-pyreneje-jezera-fontargente\/\">tady<\/a>.<\/p>\n<p><img loading=\"lazy\" decoding=\"async\" class=\"aligncenter wp-image-28887\" src=\"https:\/\/1001voyagesgourmands.com\/wp-content\/uploads\/2021\/05\/Ariege-61-683x1024.jpg\" alt=\"\" width=\"844\" height=\"1265\" srcset=\"https:\/\/1001voyagesgourmands.com\/wp-content\/uploads\/2021\/05\/Ariege-61-683x1024.jpg 683w, https:\/\/1001voyagesgourmands.com\/wp-content\/uploads\/2021\/05\/Ariege-61-200x300.jpg 200w, https:\/\/1001voyagesgourmands.com\/wp-content\/uploads\/2021\/05\/Ariege-61-768x1152.jpg 768w, https:\/\/1001voyagesgourmands.com\/wp-content\/uploads\/2021\/05\/Ariege-61-1024x1536.jpg 1024w, https:\/\/1001voyagesgourmands.com\/wp-content\/uploads\/2021\/05\/Ariege-61-1365x2048.jpg 1365w, https:\/\/1001voyagesgourmands.com\/wp-content\/uploads\/2021\/05\/Ariege-61-1170x1755.jpg 1170w, https:\/\/1001voyagesgourmands.com\/wp-content\/uploads\/2021\/05\/Ariege-61-585x878.jpg 585w, https:\/\/1001voyagesgourmands.com\/wp-content\/uploads\/2021\/05\/Ariege-61-scaled.jpg 1707w\" sizes=\"auto, (max-width: 844px) 100vw, 844px\" \/><\/p>\n<p><img loading=\"lazy\" decoding=\"async\" class=\"aligncenter size-large wp-image-28889\" src=\"https:\/\/1001voyagesgourmands.com\/wp-content\/uploads\/2021\/05\/Ariege-62-1024x683.jpg\" alt=\"\" width=\"1024\" height=\"683\" srcset=\"https:\/\/1001voyagesgourmands.com\/wp-content\/uploads\/2021\/05\/Ariege-62-1024x683.jpg 1024w, https:\/\/1001voyagesgourmands.com\/wp-content\/uploads\/2021\/05\/Ariege-62-300x200.jpg 300w, https:\/\/1001voyagesgourmands.com\/wp-content\/uploads\/2021\/05\/Ariege-62-768x512.jpg 768w, https:\/\/1001voyagesgourmands.com\/wp-content\/uploads\/2021\/05\/Ariege-62-1536x1024.jpg 1536w, https:\/\/1001voyagesgourmands.com\/wp-content\/uploads\/2021\/05\/Ariege-62-2048x1365.jpg 2048w, https:\/\/1001voyagesgourmands.com\/wp-content\/uploads\/2021\/05\/Ariege-62-1920x1280.jpg 1920w, https:\/\/1001voyagesgourmands.com\/wp-content\/uploads\/2021\/05\/Ariege-62-1170x780.jpg 1170w, https:\/\/1001voyagesgourmands.com\/wp-content\/uploads\/2021\/05\/Ariege-62-585x390.jpg 585w, https:\/\/1001voyagesgourmands.com\/wp-content\/uploads\/2021\/05\/Ariege-62-263x175.jpg 263w\" sizes=\"auto, (max-width: 1024px) 100vw, 1024px\" \/><\/p>\n<p><img loading=\"lazy\" decoding=\"async\" class=\"aligncenter size-large wp-image-28891\" src=\"https:\/\/1001voyagesgourmands.com\/wp-content\/uploads\/2021\/05\/Ariege-63-1024x685.jpg\" alt=\"\" width=\"1024\" height=\"685\" srcset=\"https:\/\/1001voyagesgourmands.com\/wp-content\/uploads\/2021\/05\/Ariege-63-1024x685.jpg 1024w, https:\/\/1001voyagesgourmands.com\/wp-content\/uploads\/2021\/05\/Ariege-63-300x201.jpg 300w, https:\/\/1001voyagesgourmands.com\/wp-content\/uploads\/2021\/05\/Ariege-63-768x514.jpg 768w, https:\/\/1001voyagesgourmands.com\/wp-content\/uploads\/2021\/05\/Ariege-63-1536x1028.jpg 1536w, https:\/\/1001voyagesgourmands.com\/wp-content\/uploads\/2021\/05\/Ariege-63-2048x1371.jpg 2048w, https:\/\/1001voyagesgourmands.com\/wp-content\/uploads\/2021\/05\/Ariege-63-1920x1285.jpg 1920w, https:\/\/1001voyagesgourmands.com\/wp-content\/uploads\/2021\/05\/Ariege-63-1170x783.jpg 1170w, https:\/\/1001voyagesgourmands.com\/wp-content\/uploads\/2021\/05\/Ariege-63-585x392.jpg 585w, https:\/\/1001voyagesgourmands.com\/wp-content\/uploads\/2021\/05\/Ariege-63-263x175.jpg 263w\" sizes=\"auto, (max-width: 1024px) 100vw, 1024px\" \/><\/p>\n<p><img loading=\"lazy\" decoding=\"async\" class=\"aligncenter size-large wp-image-28895\" src=\"https:\/\/1001voyagesgourmands.com\/wp-content\/uploads\/2021\/05\/Ariege-65-1024x683.jpg\" alt=\"\" width=\"1024\" height=\"683\" srcset=\"https:\/\/1001voyagesgourmands.com\/wp-content\/uploads\/2021\/05\/Ariege-65-1024x683.jpg 1024w, https:\/\/1001voyagesgourmands.com\/wp-content\/uploads\/2021\/05\/Ariege-65-300x200.jpg 300w, https:\/\/1001voyagesgourmands.com\/wp-content\/uploads\/2021\/05\/Ariege-65-768x512.jpg 768w, https:\/\/1001voyagesgourmands.com\/wp-content\/uploads\/2021\/05\/Ariege-65-1536x1024.jpg 1536w, https:\/\/1001voyagesgourmands.com\/wp-content\/uploads\/2021\/05\/Ariege-65-2048x1365.jpg 2048w, https:\/\/1001voyagesgourmands.com\/wp-content\/uploads\/2021\/05\/Ariege-65-1920x1280.jpg 1920w, https:\/\/1001voyagesgourmands.com\/wp-content\/uploads\/2021\/05\/Ariege-65-1170x780.jpg 1170w, https:\/\/1001voyagesgourmands.com\/wp-content\/uploads\/2021\/05\/Ariege-65-585x390.jpg 585w, https:\/\/1001voyagesgourmands.com\/wp-content\/uploads\/2021\/05\/Ariege-65-263x175.jpg 263w\" sizes=\"auto, (max-width: 1024px) 100vw, 1024px\" \/><\/p>\n<p><img loading=\"lazy\" decoding=\"async\" class=\"aligncenter size-large wp-image-28897\" src=\"https:\/\/1001voyagesgourmands.com\/wp-content\/uploads\/2021\/05\/Ariege-66-768x1024.jpg\" alt=\"\" width=\"768\" height=\"1024\" srcset=\"https:\/\/1001voyagesgourmands.com\/wp-content\/uploads\/2021\/05\/Ariege-66-768x1024.jpg 768w, https:\/\/1001voyagesgourmands.com\/wp-content\/uploads\/2021\/05\/Ariege-66-225x300.jpg 225w, https:\/\/1001voyagesgourmands.com\/wp-content\/uploads\/2021\/05\/Ariege-66-1152x1536.jpg 1152w, https:\/\/1001voyagesgourmands.com\/wp-content\/uploads\/2021\/05\/Ariege-66-1536x2048.jpg 1536w, https:\/\/1001voyagesgourmands.com\/wp-content\/uploads\/2021\/05\/Ariege-66-scaled.jpg 1920w, https:\/\/1001voyagesgourmands.com\/wp-content\/uploads\/2021\/05\/Ariege-66-1170x1560.jpg 1170w, https:\/\/1001voyagesgourmands.com\/wp-content\/uploads\/2021\/05\/Ariege-66-585x780.jpg 585w\" sizes=\"auto, (max-width: 768px) 100vw, 768px\" \/><\/p>\n<p>&nbsp;<\/p>\n<hr>\n<p style=\"text-align: justify;\"><em>Tak to byly na\u0161e pr\u00e1zdniny loni v l\u00e9t\u011b v Ari\u00e8ge, za kter\u00e9 vd\u011b\u010d\u00edme Stevenov\u00fdm rodi\u010d\u016fm, \u017ee jsme jim mohli naru\u0161it dovolenou na\u0161\u00ed p\u0159\u00edtomnost\u00ed (av\u0161ak oni zas byli r\u00e1di, \u017ee si u\u017eij\u00ed malou a my si odpo\u010dineme). Co vy, byli jste n\u011bkdy v Ariege, nebo sly\u0161eli jste o tomhle francouzsk\u00e9m regionu? Jsou dal\u0161\u00ed m\u00edsta, kter\u00e1 byste r\u00e1di doporu\u010dili? Dejte mi v\u011bd\u011bt o va\u0161i zku\u0161enosti do koment\u00e1\u0159\u016f pod textem!&nbsp;<\/em><\/p>\n<p style=\"text-align: justify;\">A pokud v\u00e1s jih Francie l\u00e1k\u00e1, ale rad\u011bji byste k tomu i mo\u0159e, ale z\u00e1rove\u0148 nechcete na drah\u00e9 a ru\u0161n\u00e9 Azurov\u00e9 pob\u0159e\u017e\u00ed, pak v\u00e1m doporu\u010d\u00edm je\u0161t\u011b <a href=\"https:\/\/1001voyagesgourmands.com\/cs\/12-duvodu-proc-navstivit-languedoc-rousillon-alespon-jednou-za-zivot\/\">Languedoc-Roussillon<\/a>.<\/p>\n<p><img loading=\"lazy\" decoding=\"async\" class=\"aligncenter wp-image-28903\" src=\"https:\/\/1001voyagesgourmands.com\/wp-content\/uploads\/2021\/05\/Ariege-69-683x1024.jpg\" alt=\"\" width=\"831\" height=\"1246\" srcset=\"https:\/\/1001voyagesgourmands.com\/wp-content\/uploads\/2021\/05\/Ariege-69-683x1024.jpg 683w, https:\/\/1001voyagesgourmands.com\/wp-content\/uploads\/2021\/05\/Ariege-69-200x300.jpg 200w, https:\/\/1001voyagesgourmands.com\/wp-content\/uploads\/2021\/05\/Ariege-69-768x1152.jpg 768w, https:\/\/1001voyagesgourmands.com\/wp-content\/uploads\/2021\/05\/Ariege-69-1024x1536.jpg 1024w, https:\/\/1001voyagesgourmands.com\/wp-content\/uploads\/2021\/05\/Ariege-69-1365x2048.jpg 1365w, https:\/\/1001voyagesgourmands.com\/wp-content\/uploads\/2021\/05\/Ariege-69-1170x1755.jpg 1170w, https:\/\/1001voyagesgourmands.com\/wp-content\/uploads\/2021\/05\/Ariege-69-585x878.jpg 585w, https:\/\/1001voyagesgourmands.com\/wp-content\/uploads\/2021\/05\/Ariege-69-scaled.jpg 1707w\" sizes=\"auto, (max-width: 831px) 100vw, 831px\" \/><\/p>\n","protected":false},"excerpt":{"rendered":"<p>Lo\u0148sk\u00e9 l\u00e9to jsme str\u00e1vili p\u00e1r dn\u00ed u Stevenov\u00fdch rodi\u010d\u016f kousek od m\u011bsta Mirepoix v Ari\u00e8ge (Midi-Pyr\u00e9n\u00e9es, dne\u0161n\u00ed region Occitanie) &#8211; jednom z ji\u017en\u00edch region\u016f Francie u hranic se \u0160pan\u011blskem. Byla to v\u00fdhra jak pro n\u00e1s, tak pro n\u011b, proto\u017ee jsme mohli projet p\u00e1r n\u00e1dhern\u00fdch m\u00edst jak cel\u00e1 rodinka nebo jen&hellip;<\/p>\n","protected":false},"author":1,"featured_media":28879,"comment_status":"open","ping_status":"open","sticky":false,"template":"","format":"standard","meta":{"_exactmetrics_skip_tracking":false,"_exactmetrics_sitenote_active":false,"_exactmetrics_sitenote_note":"","_exactmetrics_sitenote_category":0,"_lmt_disableupdate":"","_lmt_disable":"","footnotes":""},"categories":[4,7],"tags":[],"class_list":["post-28688","post","type-post","status-publish","format-standard","has-post-thumbnail","hentry","category-cestovani","category-francie"],"yoast_head":"<!-- This site is optimized with the Yoast SEO plugin v26.1.1 - https:\/\/yoast.com\/wordpress\/plugins\/seo\/ -->\n<title>Kr\u00e1sn\u00e1 m\u00edsta v Ari\u00e8ge, Midi-Pyr\u00e9n\u00e9es - 1001 Voyages Gourmands<\/title>\n<meta name=\"description\" content=\"Lo\u0148sk\u00e9 l\u00e9to jsme str\u00e1vili n\u011bjak\u00fd \u010das na jihu Francie a tady jsou kr\u00e1sn\u00e1 m\u00edsta v Ari\u00e8ge, kter\u00e1 jsme stihli nav\u0161t\u00edvit a je\u017e se n\u00e1m moc l\u00edbila.\" \/>\n<meta name=\"robots\" content=\"index, follow, max-snippet:-1, max-image-preview:large, max-video-preview:-1\" \/>\n<link rel=\"canonical\" href=\"https:\/\/1001voyagesgourmands.com\/cs\/krasna-mista-v-ariege-midi-pyrenees\/\" \/>\n<meta property=\"og:locale\" content=\"cs_CZ\" \/>\n<meta property=\"og:type\" content=\"article\" \/>\n<meta property=\"og:title\" content=\"Kr\u00e1sn\u00e1 m\u00edsta v Ari\u00e8ge, Midi-Pyr\u00e9n\u00e9es - 1001 Voyages Gourmands\" \/>\n<meta property=\"og:description\" content=\"Lo\u0148sk\u00e9 l\u00e9to jsme str\u00e1vili n\u011bjak\u00fd \u010das na jihu Francie a tady jsou kr\u00e1sn\u00e1 m\u00edsta v Ari\u00e8ge, kter\u00e1 jsme stihli nav\u0161t\u00edvit a je\u017e se n\u00e1m moc l\u00edbila.\" \/>\n<meta property=\"og:url\" content=\"https:\/\/1001voyagesgourmands.com\/cs\/krasna-mista-v-ariege-midi-pyrenees\/\" \/>\n<meta property=\"og:site_name\" content=\"1001 Voyages Gourmands\" \/>\n<meta property=\"article:publisher\" content=\"https:\/\/www.facebook.com\/1001voyagesgourmands\" \/>\n<meta property=\"article:published_time\" content=\"2021-05-20T16:00:43+00:00\" \/>\n<meta property=\"article:modified_time\" content=\"2021-05-27T20:12:08+00:00\" \/>\n<meta property=\"og:image\" content=\"https:\/\/1001voyagesgourmands.com\/wp-content\/uploads\/2021\/05\/Ariege-57-scaled.jpg\" \/>\n\t<meta property=\"og:image:width\" content=\"1707\" \/>\n\t<meta property=\"og:image:height\" content=\"2560\" \/>\n\t<meta property=\"og:image:type\" content=\"image\/jpeg\" \/>\n<meta name=\"author\" content=\"Michaela\" \/>\n<meta name=\"twitter:card\" content=\"summary_large_image\" \/>\n<meta name=\"twitter:creator\" content=\"@michaela_1001vg\" \/>\n<meta name=\"twitter:site\" content=\"@michaela_1001vg\" \/>\n<meta name=\"twitter:label1\" content=\"Napsal(a)\" \/>\n\t<meta name=\"twitter:data1\" content=\"Michaela\" \/>\n\t<meta name=\"twitter:label2\" content=\"Odhadovan\u00e1 doba \u010dten\u00ed\" \/>\n\t<meta name=\"twitter:data2\" content=\"16 minut\" \/>\n<script type=\"application\/ld+json\" class=\"yoast-schema-graph\">{\"@context\":\"https:\/\/schema.org\",\"@graph\":[{\"@type\":\"WebPage\",\"@id\":\"https:\/\/1001voyagesgourmands.com\/cs\/krasna-mista-v-ariege-midi-pyrenees\/\",\"url\":\"https:\/\/1001voyagesgourmands.com\/cs\/krasna-mista-v-ariege-midi-pyrenees\/\",\"name\":\"Kr\u00e1sn\u00e1 m\u00edsta v Ari\u00e8ge, Midi-Pyr\u00e9n\u00e9es - 1001 Voyages Gourmands\",\"isPartOf\":{\"@id\":\"https:\/\/1001voyagesgourmands.com\/cs\/#website\"},\"primaryImageOfPage\":{\"@id\":\"https:\/\/1001voyagesgourmands.com\/cs\/krasna-mista-v-ariege-midi-pyrenees\/#primaryimage\"},\"image\":{\"@id\":\"https:\/\/1001voyagesgourmands.com\/cs\/krasna-mista-v-ariege-midi-pyrenees\/#primaryimage\"},\"thumbnailUrl\":\"https:\/\/1001voyagesgourmands.com\/wp-content\/uploads\/2021\/05\/Ariege-57-scaled.jpg\",\"datePublished\":\"2021-05-20T16:00:43+00:00\",\"dateModified\":\"2021-05-27T20:12:08+00:00\",\"author\":{\"@id\":\"https:\/\/1001voyagesgourmands.com\/cs\/#\/schema\/person\/62e0e7238fcf7482b23bf83e1b72ff1b\"},\"description\":\"Lo\u0148sk\u00e9 l\u00e9to jsme str\u00e1vili n\u011bjak\u00fd \u010das na jihu Francie a tady jsou kr\u00e1sn\u00e1 m\u00edsta v Ari\u00e8ge, kter\u00e1 jsme stihli nav\u0161t\u00edvit a je\u017e se n\u00e1m moc l\u00edbila.\",\"breadcrumb\":{\"@id\":\"https:\/\/1001voyagesgourmands.com\/cs\/krasna-mista-v-ariege-midi-pyrenees\/#breadcrumb\"},\"inLanguage\":\"cs\",\"potentialAction\":[{\"@type\":\"ReadAction\",\"target\":[\"https:\/\/1001voyagesgourmands.com\/cs\/krasna-mista-v-ariege-midi-pyrenees\/\"]}]},{\"@type\":\"ImageObject\",\"inLanguage\":\"cs\",\"@id\":\"https:\/\/1001voyagesgourmands.com\/cs\/krasna-mista-v-ariege-midi-pyrenees\/#primaryimage\",\"url\":\"https:\/\/1001voyagesgourmands.com\/wp-content\/uploads\/2021\/05\/Ariege-57-scaled.jpg\",\"contentUrl\":\"https:\/\/1001voyagesgourmands.com\/wp-content\/uploads\/2021\/05\/Ariege-57-scaled.jpg\",\"width\":1707,\"height\":2560,\"caption\":\"Lo\u0148sk\u00e9 l\u00e9to jsme str\u00e1vili n\u011bjak\u00fd \u010das na jihu Francie a tady jsou kr\u00e1sn\u00e1 m\u00edsta v Ari\u00e8ge, kter\u00e1 jsme stihli nav\u0161t\u00edvit a je\u017e se n\u00e1m moc l\u00edbila.\"},{\"@type\":\"BreadcrumbList\",\"@id\":\"https:\/\/1001voyagesgourmands.com\/cs\/krasna-mista-v-ariege-midi-pyrenees\/#breadcrumb\",\"itemListElement\":[{\"@type\":\"ListItem\",\"position\":1,\"name\":\"Dom\u016f\",\"item\":\"https:\/\/1001voyagesgourmands.com\/cs\/\"},{\"@type\":\"ListItem\",\"position\":2,\"name\":\"Kr\u00e1sn\u00e1 m\u00edsta v Ari\u00e8ge, Midi-Pyr\u00e9n\u00e9es\"}]},{\"@type\":\"WebSite\",\"@id\":\"https:\/\/1001voyagesgourmands.com\/cs\/#website\",\"url\":\"https:\/\/1001voyagesgourmands.com\/cs\/\",\"name\":\"1001 Voyages Gourmands\",\"description\":\"Food | Travel | Photography\",\"potentialAction\":[{\"@type\":\"SearchAction\",\"target\":{\"@type\":\"EntryPoint\",\"urlTemplate\":\"https:\/\/1001voyagesgourmands.com\/cs\/?s={search_term_string}\"},\"query-input\":{\"@type\":\"PropertyValueSpecification\",\"valueRequired\":true,\"valueName\":\"search_term_string\"}}],\"inLanguage\":\"cs\"},{\"@type\":\"Person\",\"@id\":\"https:\/\/1001voyagesgourmands.com\/cs\/#\/schema\/person\/62e0e7238fcf7482b23bf83e1b72ff1b\",\"name\":\"Michaela\",\"image\":{\"@type\":\"ImageObject\",\"inLanguage\":\"cs\",\"@id\":\"https:\/\/1001voyagesgourmands.com\/cs\/#\/schema\/person\/image\/\",\"url\":\"https:\/\/secure.gravatar.com\/avatar\/73fa562a5b0ce269ca480f67de504b8ecac054a121d170e226f1b79e02024cb8?s=96&d=mm&r=g\",\"contentUrl\":\"https:\/\/secure.gravatar.com\/avatar\/73fa562a5b0ce269ca480f67de504b8ecac054a121d170e226f1b79e02024cb8?s=96&d=mm&r=g\",\"caption\":\"Michaela\"},\"sameAs\":[\"http:\/\/1001voyagesgourmands.com\"]}]}<\/script>\n<!-- \/ Yoast SEO plugin. -->","yoast_head_json":{"title":"Kr\u00e1sn\u00e1 m\u00edsta v Ari\u00e8ge, Midi-Pyr\u00e9n\u00e9es - 1001 Voyages Gourmands","description":"Lo\u0148sk\u00e9 l\u00e9to jsme str\u00e1vili n\u011bjak\u00fd \u010das na jihu Francie a tady jsou kr\u00e1sn\u00e1 m\u00edsta v Ari\u00e8ge, kter\u00e1 jsme stihli nav\u0161t\u00edvit a je\u017e se n\u00e1m moc l\u00edbila.","robots":{"index":"index","follow":"follow","max-snippet":"max-snippet:-1","max-image-preview":"max-image-preview:large","max-video-preview":"max-video-preview:-1"},"canonical":"https:\/\/1001voyagesgourmands.com\/cs\/krasna-mista-v-ariege-midi-pyrenees\/","og_locale":"cs_CZ","og_type":"article","og_title":"Kr\u00e1sn\u00e1 m\u00edsta v Ari\u00e8ge, Midi-Pyr\u00e9n\u00e9es - 1001 Voyages Gourmands","og_description":"Lo\u0148sk\u00e9 l\u00e9to jsme str\u00e1vili n\u011bjak\u00fd \u010das na jihu Francie a tady jsou kr\u00e1sn\u00e1 m\u00edsta v Ari\u00e8ge, kter\u00e1 jsme stihli nav\u0161t\u00edvit a je\u017e se n\u00e1m moc l\u00edbila.","og_url":"https:\/\/1001voyagesgourmands.com\/cs\/krasna-mista-v-ariege-midi-pyrenees\/","og_site_name":"1001 Voyages Gourmands","article_publisher":"https:\/\/www.facebook.com\/1001voyagesgourmands","article_published_time":"2021-05-20T16:00:43+00:00","article_modified_time":"2021-05-27T20:12:08+00:00","og_image":[{"width":1707,"height":2560,"url":"https:\/\/1001voyagesgourmands.com\/wp-content\/uploads\/2021\/05\/Ariege-57-scaled.jpg","type":"image\/jpeg"}],"author":"Michaela","twitter_card":"summary_large_image","twitter_creator":"@michaela_1001vg","twitter_site":"@michaela_1001vg","twitter_misc":{"Napsal(a)":"Michaela","Odhadovan\u00e1 doba \u010dten\u00ed":"16 minut"},"schema":{"@context":"https:\/\/schema.org","@graph":[{"@type":"WebPage","@id":"https:\/\/1001voyagesgourmands.com\/cs\/krasna-mista-v-ariege-midi-pyrenees\/","url":"https:\/\/1001voyagesgourmands.com\/cs\/krasna-mista-v-ariege-midi-pyrenees\/","name":"Kr\u00e1sn\u00e1 m\u00edsta v Ari\u00e8ge, Midi-Pyr\u00e9n\u00e9es - 1001 Voyages Gourmands","isPartOf":{"@id":"https:\/\/1001voyagesgourmands.com\/cs\/#website"},"primaryImageOfPage":{"@id":"https:\/\/1001voyagesgourmands.com\/cs\/krasna-mista-v-ariege-midi-pyrenees\/#primaryimage"},"image":{"@id":"https:\/\/1001voyagesgourmands.com\/cs\/krasna-mista-v-ariege-midi-pyrenees\/#primaryimage"},"thumbnailUrl":"https:\/\/1001voyagesgourmands.com\/wp-content\/uploads\/2021\/05\/Ariege-57-scaled.jpg","datePublished":"2021-05-20T16:00:43+00:00","dateModified":"2021-05-27T20:12:08+00:00","author":{"@id":"https:\/\/1001voyagesgourmands.com\/cs\/#\/schema\/person\/62e0e7238fcf7482b23bf83e1b72ff1b"},"description":"Lo\u0148sk\u00e9 l\u00e9to jsme str\u00e1vili n\u011bjak\u00fd \u010das na jihu Francie a tady jsou kr\u00e1sn\u00e1 m\u00edsta v Ari\u00e8ge, kter\u00e1 jsme stihli nav\u0161t\u00edvit a je\u017e se n\u00e1m moc l\u00edbila.","breadcrumb":{"@id":"https:\/\/1001voyagesgourmands.com\/cs\/krasna-mista-v-ariege-midi-pyrenees\/#breadcrumb"},"inLanguage":"cs","potentialAction":[{"@type":"ReadAction","target":["https:\/\/1001voyagesgourmands.com\/cs\/krasna-mista-v-ariege-midi-pyrenees\/"]}]},{"@type":"ImageObject","inLanguage":"cs","@id":"https:\/\/1001voyagesgourmands.com\/cs\/krasna-mista-v-ariege-midi-pyrenees\/#primaryimage","url":"https:\/\/1001voyagesgourmands.com\/wp-content\/uploads\/2021\/05\/Ariege-57-scaled.jpg","contentUrl":"https:\/\/1001voyagesgourmands.com\/wp-content\/uploads\/2021\/05\/Ariege-57-scaled.jpg","width":1707,"height":2560,"caption":"Lo\u0148sk\u00e9 l\u00e9to jsme str\u00e1vili n\u011bjak\u00fd \u010das na jihu Francie a tady jsou kr\u00e1sn\u00e1 m\u00edsta v Ari\u00e8ge, kter\u00e1 jsme stihli nav\u0161t\u00edvit a je\u017e se n\u00e1m moc l\u00edbila."},{"@type":"BreadcrumbList","@id":"https:\/\/1001voyagesgourmands.com\/cs\/krasna-mista-v-ariege-midi-pyrenees\/#breadcrumb","itemListElement":[{"@type":"ListItem","position":1,"name":"Dom\u016f","item":"https:\/\/1001voyagesgourmands.com\/cs\/"},{"@type":"ListItem","position":2,"name":"Kr\u00e1sn\u00e1 m\u00edsta v Ari\u00e8ge, Midi-Pyr\u00e9n\u00e9es"}]},{"@type":"WebSite","@id":"https:\/\/1001voyagesgourmands.com\/cs\/#website","url":"https:\/\/1001voyagesgourmands.com\/cs\/","name":"1001 Voyages Gourmands","description":"Food | Travel | Photography","potentialAction":[{"@type":"SearchAction","target":{"@type":"EntryPoint","urlTemplate":"https:\/\/1001voyagesgourmands.com\/cs\/?s={search_term_string}"},"query-input":{"@type":"PropertyValueSpecification","valueRequired":true,"valueName":"search_term_string"}}],"inLanguage":"cs"},{"@type":"Person","@id":"https:\/\/1001voyagesgourmands.com\/cs\/#\/schema\/person\/62e0e7238fcf7482b23bf83e1b72ff1b","name":"Michaela","image":{"@type":"ImageObject","inLanguage":"cs","@id":"https:\/\/1001voyagesgourmands.com\/cs\/#\/schema\/person\/image\/","url":"https:\/\/secure.gravatar.com\/avatar\/73fa562a5b0ce269ca480f67de504b8ecac054a121d170e226f1b79e02024cb8?s=96&d=mm&r=g","contentUrl":"https:\/\/secure.gravatar.com\/avatar\/73fa562a5b0ce269ca480f67de504b8ecac054a121d170e226f1b79e02024cb8?s=96&d=mm&r=g","caption":"Michaela"},"sameAs":["http:\/\/1001voyagesgourmands.com"]}]}},"_links":{"self":[{"href":"https:\/\/1001voyagesgourmands.com\/cs\/wp-json\/wp\/v2\/posts\/28688","targetHints":{"allow":["GET"]}}],"collection":[{"href":"https:\/\/1001voyagesgourmands.com\/cs\/wp-json\/wp\/v2\/posts"}],"about":[{"href":"https:\/\/1001voyagesgourmands.com\/cs\/wp-json\/wp\/v2\/types\/post"}],"author":[{"embeddable":true,"href":"https:\/\/1001voyagesgourmands.com\/cs\/wp-json\/wp\/v2\/users\/1"}],"replies":[{"embeddable":true,"href":"https:\/\/1001voyagesgourmands.com\/cs\/wp-json\/wp\/v2\/comments?post=28688"}],"version-history":[{"count":22,"href":"https:\/\/1001voyagesgourmands.com\/cs\/wp-json\/wp\/v2\/posts\/28688\/revisions"}],"predecessor-version":[{"id":29089,"href":"https:\/\/1001voyagesgourmands.com\/cs\/wp-json\/wp\/v2\/posts\/28688\/revisions\/29089"}],"wp:featuredmedia":[{"embeddable":true,"href":"https:\/\/1001voyagesgourmands.com\/cs\/wp-json\/wp\/v2\/media\/28879"}],"wp:attachment":[{"href":"https:\/\/1001voyagesgourmands.com\/cs\/wp-json\/wp\/v2\/media?parent=28688"}],"wp:term":[{"taxonomy":"category","embeddable":true,"href":"https:\/\/1001voyagesgourmands.com\/cs\/wp-json\/wp\/v2\/categories?post=28688"},{"taxonomy":"post_tag","embeddable":true,"href":"https:\/\/1001voyagesgourmands.com\/cs\/wp-json\/wp\/v2\/tags?post=28688"}],"curies":[{"name":"wp","href":"https:\/\/api.w.org\/{rel}","templated":true}]}}