{"id":28347,"date":"2021-05-27T17:49:21","date_gmt":"2021-05-27T15:49:21","guid":{"rendered":"https:\/\/1001voyagesgourmands.com\/?p=28347"},"modified":"2021-05-27T21:30:38","modified_gmt":"2021-05-27T19:30:38","slug":"udoli-aston-pyreneje-jezera-fontargente","status":"publish","type":"post","link":"https:\/\/1001voyagesgourmands.com\/cs\/udoli-aston-pyreneje-jezera-fontargente\/","title":{"rendered":"V\u00fdletov\u00e1n\u00ed v \u00fadol\u00ed Aston, Pyreneje: Jezera Fontargente"},"content":{"rendered":"<p style=\"text-align: justify;\">Minul\u00e9 l\u00e9to jsme nav\u0161t\u00edvili Stevenovi rodi\u010de v kr\u00e1sn\u00e9 a m\u00e1lo zn\u00e1m\u00e9 \u010d\u00e1sti ji\u017en\u00ed Francie, v departmentu Ari\u00e8ge, o kter\u00e9m jsem psala <a href=\"https:\/\/1001voyagesgourmands.com\/cs\/krasna-mista-v-ariege-midi-pyrenees\/\">v p\u0159ede\u0161l\u00e9m \u010dl\u00e1nku<\/a>. Krom\u011b kr\u00e1sn\u00fdch vesni\u010dek a vinic tu najdete hornatou krajinu, tak\u017ee dnes to bude o tom, jak jsme si ud\u011blali v\u00fdlet do kr\u00e1sn\u00e9ho \u00fadol\u00ed Aston v Pyrenej\u00edch a str\u00e1vili tak bezva odpoledne v\u00fd\u0161lapem k jezer\u016fm Fontargente.<\/p>\n<p style=\"text-align: justify;\">Hledala jsem inspiraci na n\u011bjak\u00fd p\u011bkn\u00fd jednoduch\u00fd p\u016fldenn\u00ed jednoduch\u00fd a\u017e st\u0159edn\u011b t\u011b\u017ek\u00fd v\u00fdlet a <a href=\"https:\/\/www.instagram.com\/franceinstants\/\" target=\"_blank\" rel=\"noopener noreferrer\">jeden m\u016fj obl\u00edben\u00fd instagramov\u00fd \u00fa\u010det<\/a> m\u011b navnadil na \u00fadol\u00ed Aston. P\u0159i dal\u0161\u00edm googlov\u00e1n\u00ed jsem na\u0161la trasu k jezer\u016fm Fontargente (\u00c9tangs de Fontargente) a bylo rozhodnunto. V ned\u011bli r\u00e1no jsme se zpakovali, nechali Adelinku u rodi\u010d\u016f a vyjeli sm\u011brem Aston, kde jsme zaparkovali na m\u00edst\u011b zvan\u00e9m Pla de las Peyres, co\u017e je startovn\u00ed bod pro v\u00fdletov\u00e1n\u00ed v \u00fadol\u00ed Aston.&nbsp;<\/p>\n<p style=\"text-align: justify;\">Tenhle \u010dl\u00e1nek bych taky klkidn\u011b mohla nazvat &#8222;Kdy\u017e jdou m\u011b\u0161\u0165\u00e1ci do hor&#8220;. \ud83d\ude00 V\u00fdlet za\u010dal poklidn\u011b proch\u00e1zkou po trase kolem potoku\/\u0159eky, kter\u00e1 pak nen\u00e1padn\u011b za\u010dala stoupat a p\u0159ib\u00fdvalo kamen\u016f. Cel\u00fd v\u00fdlet m\u011bl dle informac\u00ed trvat 3,5 hodiny, ale tomu tak v na\u0161em p\u0159\u00edpad\u011b nebylo (a to ne jen d\u00edky tomu, \u017ee jsme s sebou m\u011bli fo\u0165\u00e1ky :D). K na\u0161\u00ed obhajob\u011b m\u016f\u017eu ale \u0159\u00edct, \u017ee cesta z\u0159ejm\u011b nebyla dob\u0159e zna\u010den\u00e1, jeliko\u017e jsme se asi v polovin\u011b ztratili. A nejen my. Cestou jsme potkali dal\u0161\u00ed v\u00fdletn\u00edky, kte\u0159\u00ed se zklaman\u011b vraceli dol\u016f s t\u00edm, \u017ee tam \u017e\u00e1dn\u00e1 jezera nejsou, nebo rodiny s d\u011btmi, \u017ee ten ter\u00e9n rozhodn\u011b nen\u00ed pro d\u011bti a u\u017e v\u016fbec ne jednoduch\u00fd, tak jak tomu z popisu m\u011blo b\u00fdt. To m\u011b je\u0161t\u011b n\u011bch\u00e1valo v klidu, proto\u017ee ka\u017ed\u00fd m\u00e1 jinou definici jednoduchosti. A jejich v\u00fdroky o tom, \u017ee tam \u017e\u00e1dn\u00e1 jezera nejsou, jsme naopak vid\u011bli jako v\u00fdzvu. Potkali jsme ale tak\u00e9 lidi, co \u0159\u00edkali \u017ee je to je\u0161t\u011b p\u011bkn\u00fd kus \u0161treky a sam\u00e9 stoup\u00e1n\u00ed po kamenech, a tak jsme to nevzd\u00e1vali.&nbsp;<\/p>\n<p style=\"text-align: justify;\">Kdy\u017e jsme ale vylezli na n\u011bjakou louku, kde tekla \u0159\u00ed\u010dka a p\u0159ed n\u00e1ma kopec pln\u00fd velk\u00fdch skaln\u00edch kamen\u016f a nikde ani zna\u010dka, tak jsme trochu znejistili. Na\u0161el n\u00e1s jeden chlap\u00edk se psem, kter\u00fd tak\u00e9 hledal ta sam\u00e1 jezera, a ptal se n\u00e1s, zda m\u00e1me mapu nebo sign\u00e1l. Nem\u011bli jsme nic krom\u011b pit\u00ed, sva\u010diny a opalovac\u00edho kr\u00e9mu. A fotku tvaru trasy v mobilu, kter\u00e1 v tom dan\u00e9m m\u00edst\u011b a bez dal\u0161\u00edch informac\u00ed ned\u00e1vala smysl (m\u011b\u0161\u0165\u00e1ci&#8230;). A tak jsme prost\u011b jen vylezli p\u0159es ty kameny sm\u011brem k nejvy\u0161\u0161\u00ed ho\u0159e, kde by teoreticky mohla ta jezera le\u017eet.<\/p>\n<p style=\"text-align: justify;\">A\u017e tam pak kone\u010dn\u011b po 3 a n\u011bco hodin\u00e1ch od startu se n\u00e1m tam naskytl kr\u00e1sn\u00fd pohled na jezera Fontargente. Teda jezero tam bylo jedno. A zas ty ob\u0159\u00ed kameny tam byly v\u0161ude. Za nima pak le\u017eelo dal\u0161\u00ed jezero, jak Steven zjistil, ale m\u011b u\u017e tam nedostal, jeliko\u017e jsem p\u0159ed fin\u00e1ln\u00edm v\u00fdlezem asi p\u016flku cesty nad\u00e1vala na v\u0161echny ty kameny a p\u0159edstava, \u017ee jich mus\u00edm p\u0159el\u00e9zt je\u0161t\u011b v\u00edc a zp\u00e1tky, m\u011b moc nebrala&#8230; Tak jsme tam na chv\u00edli sed\u011bli u toho velk\u00e9ho jezera a vychutn\u00e1vali si to m\u00edsto a ten moment. Nikde nikdo (krom\u011b toho chlap\u00edka se psem, kter\u00fd se z\u0159ejm\u011b vy\u017e\u00edval v t\u011bch balvanech), jen klid, ticho, a n\u00e1dhera (a\u017e na ty balvany v\u0161ude). Slunce bylo u\u017e hodn\u011b n\u00edzko a tak jsme zkontrolovali \u010das &#8211; bylo n\u011bco po \u0161est\u00e9, a tak jsme se rozhodli j\u00edt zp\u00e1tky, abychom to stihli b\u00fdt v \u00fadol\u00ed p\u0159ed setm\u011bn\u00edm.<\/p>\n<p style=\"text-align: justify;\">Cestou nazp\u00e1tek jsme fakt dodr\u017eovali zna\u010dky, ale stejn\u011b jsme se zase ztratili! Bylo asi 8:15 kdy\u017e se za\u010dala sn\u00e1\u0161et mlha a my byli po\u0159\u00e1d dost vysoko. <del>V\u016fbec jsme nepanika\u0159ili<\/del> a n\u00e1sledovali zvuk \u0159eky. Jedin\u00e9, co m\u011b uklid\u0148ovalo, byla ta n\u00e1dhera. Jak ty slab\u00e9 ve\u010dern\u00ed slune\u010dn\u00ed paprsky prostupuj\u00ed mraky a mlhou. A tak jsme si tu proch\u00e1zku u\u017eili a i nad\u00e1l fotili i p\u0159es strach, \u017ee se nedostneme dol\u016f p\u0159ed soumrakem a zmrzneme jako rampouchy (kdy\u017e m\u011b\u0161\u0165\u00e1ci jdou do hor, tak si ani nevezmou bundy \u010di dlouh\u00e9 kalhoty&#8230;). Nakonec jsme k na\u0161emu p\u0159ekvapen\u00ed sly\u0161eli \u0159eku bl\u00ed\u017ee a bl\u00ed\u017ee, a pak i zvony krav, kter\u00e9 se p\u00e1sly tam v \u00fadol\u00ed. Kr\u00e1tce na to jsme dorazili k vstupn\u00edmu m\u00edstu n\u011bco m\u00e1lo po dev\u00e1t\u00e9 ve\u010der. Byli jsme unaven\u00ed, ale nad\u0161en\u00ed, \u017ee jsme to nevzdali a do\u0161li a\u017e k jezer\u016fm Fontargente, a tak\u00e9 \u017ee jsme nakonec nemuseli sp\u00e1t n\u011bkde venku zmrzl\u00ed. \ud83d\ude42<\/p>\n<p style=\"text-align: justify;\">Pokud byste si cht\u011bli ud\u011blat stejn\u00fd v\u00fdlet, st\u00e1hn\u011bte si <a href=\"https:\/\/www.ariegepyrenees.com\/en\/itineraire\/etangs-de-fontargente\/\" target=\"_blank\" rel=\"noopener noreferrer\">tady<\/a> itiner\u00e1\u0159, abyste nedopadli jako my. \ud83d\ude42 A pokud byste cht\u011bli nav\u0161t\u00edvit Ariege, nenechte si uj\u00edt <a href=\"https:\/\/1001voyagesgourmands.com\/cs\/krasna-mista-v-ariege-midi-pyrenees\/\">tahle kr\u00e1sn\u00e1 m\u00edsta<\/a>!<\/p>\n<p>&nbsp;<\/p>\n<p><img loading=\"lazy\" decoding=\"async\" class=\"aligncenter size-large wp-image-29003\" src=\"https:\/\/1001voyagesgourmands.com\/wp-content\/uploads\/2021\/05\/Hiking-Aston-Valley-Pyrenees-3-1170x1755.jpg\" alt=\"Jak jsme si ud\u011blali v\u00fdlet do kr\u00e1sn\u00e9ho \u00fadol\u00ed Aston v Pyrenej\u00edch a str\u00e1vili tak bezva odpoledne v\u00fd\u0161lapem k jezer\u016fm Fontargente.\" width=\"1170\" height=\"1755\" srcset=\"https:\/\/1001voyagesgourmands.com\/wp-content\/uploads\/2021\/05\/Hiking-Aston-Valley-Pyrenees-3.jpg 1170w, https:\/\/1001voyagesgourmands.com\/wp-content\/uploads\/2021\/05\/Hiking-Aston-Valley-Pyrenees-3-200x300.jpg 200w, https:\/\/1001voyagesgourmands.com\/wp-content\/uploads\/2021\/05\/Hiking-Aston-Valley-Pyrenees-3-768x1152.jpg 768w, https:\/\/1001voyagesgourmands.com\/wp-content\/uploads\/2021\/05\/Hiking-Aston-Valley-Pyrenees-3-1024x1536.jpg 1024w, https:\/\/1001voyagesgourmands.com\/wp-content\/uploads\/2021\/05\/Hiking-Aston-Valley-Pyrenees-3-585x878.jpg 585w\" sizes=\"auto, (max-width: 1170px) 100vw, 1170px\" \/><\/p>\n<p><img loading=\"lazy\" decoding=\"async\" class=\"aligncenter size-large wp-image-29001\" src=\"https:\/\/1001voyagesgourmands.com\/wp-content\/uploads\/2021\/05\/Hiking-Aston-Valley-Pyrenees-2-1170x1755.jpg\" alt=\"Jak jsme si ud\u011blali v\u00fdlet do kr\u00e1sn\u00e9ho \u00fadol\u00ed Aston v Pyrenej\u00edch a str\u00e1vili tak bezva odpoledne v\u00fd\u0161lapem k jezer\u016fm Fontargente.\" width=\"1170\" height=\"1755\" srcset=\"https:\/\/1001voyagesgourmands.com\/wp-content\/uploads\/2021\/05\/Hiking-Aston-Valley-Pyrenees-2.jpg 1170w, https:\/\/1001voyagesgourmands.com\/wp-content\/uploads\/2021\/05\/Hiking-Aston-Valley-Pyrenees-2-200x300.jpg 200w, https:\/\/1001voyagesgourmands.com\/wp-content\/uploads\/2021\/05\/Hiking-Aston-Valley-Pyrenees-2-768x1152.jpg 768w, https:\/\/1001voyagesgourmands.com\/wp-content\/uploads\/2021\/05\/Hiking-Aston-Valley-Pyrenees-2-1024x1536.jpg 1024w, https:\/\/1001voyagesgourmands.com\/wp-content\/uploads\/2021\/05\/Hiking-Aston-Valley-Pyrenees-2-585x878.jpg 585w\" sizes=\"auto, (max-width: 1170px) 100vw, 1170px\" \/><\/p>\n<p style=\"text-align: justify;\"><img loading=\"lazy\" decoding=\"async\" class=\"aligncenter size-large wp-image-29005\" src=\"https:\/\/1001voyagesgourmands.com\/wp-content\/uploads\/2021\/05\/Hiking-Aston-Valley-Pyrenees-4-1170x1755.jpg\" alt=\"Jak jsme si ud\u011blali v\u00fdlet do kr\u00e1sn\u00e9ho \u00fadol\u00ed Aston v Pyrenej\u00edch a str\u00e1vili tak bezva odpoledne v\u00fd\u0161lapem k jezer\u016fm Fontargente.\" width=\"1170\" height=\"1755\" srcset=\"https:\/\/1001voyagesgourmands.com\/wp-content\/uploads\/2021\/05\/Hiking-Aston-Valley-Pyrenees-4.jpg 1170w, https:\/\/1001voyagesgourmands.com\/wp-content\/uploads\/2021\/05\/Hiking-Aston-Valley-Pyrenees-4-200x300.jpg 200w, https:\/\/1001voyagesgourmands.com\/wp-content\/uploads\/2021\/05\/Hiking-Aston-Valley-Pyrenees-4-768x1152.jpg 768w, https:\/\/1001voyagesgourmands.com\/wp-content\/uploads\/2021\/05\/Hiking-Aston-Valley-Pyrenees-4-1024x1536.jpg 1024w, https:\/\/1001voyagesgourmands.com\/wp-content\/uploads\/2021\/05\/Hiking-Aston-Valley-Pyrenees-4-585x878.jpg 585w\" sizes=\"auto, (max-width: 1170px) 100vw, 1170px\" \/><\/p>\n<p style=\"text-align: justify;\"><img loading=\"lazy\" decoding=\"async\" class=\"aligncenter size-large wp-image-29009\" src=\"https:\/\/1001voyagesgourmands.com\/wp-content\/uploads\/2021\/05\/Hiking-Aston-Valley-Pyrenees-6-1170x1755.jpg\" alt=\"\" width=\"1170\" height=\"1755\" srcset=\"https:\/\/1001voyagesgourmands.com\/wp-content\/uploads\/2021\/05\/Hiking-Aston-Valley-Pyrenees-6.jpg 1170w, https:\/\/1001voyagesgourmands.com\/wp-content\/uploads\/2021\/05\/Hiking-Aston-Valley-Pyrenees-6-200x300.jpg 200w, https:\/\/1001voyagesgourmands.com\/wp-content\/uploads\/2021\/05\/Hiking-Aston-Valley-Pyrenees-6-768x1152.jpg 768w, https:\/\/1001voyagesgourmands.com\/wp-content\/uploads\/2021\/05\/Hiking-Aston-Valley-Pyrenees-6-1024x1536.jpg 1024w, https:\/\/1001voyagesgourmands.com\/wp-content\/uploads\/2021\/05\/Hiking-Aston-Valley-Pyrenees-6-585x878.jpg 585w\" sizes=\"auto, (max-width: 1170px) 100vw, 1170px\" \/><\/p>\n<p style=\"text-align: justify;\"><img loading=\"lazy\" decoding=\"async\" class=\"aligncenter size-large wp-image-29007\" src=\"https:\/\/1001voyagesgourmands.com\/wp-content\/uploads\/2021\/05\/Hiking-Aston-Valley-Pyrenees-5-1170x1755.jpg\" alt=\"Jak jsme si ud\u011blali v\u00fdlet do kr\u00e1sn\u00e9ho \u00fadol\u00ed Aston v Pyrenej\u00edch a str\u00e1vili tak bezva odpoledne v\u00fd\u0161lapem k jezer\u016fm Fontargente.\" width=\"1170\" height=\"1755\" srcset=\"https:\/\/1001voyagesgourmands.com\/wp-content\/uploads\/2021\/05\/Hiking-Aston-Valley-Pyrenees-5.jpg 1170w, https:\/\/1001voyagesgourmands.com\/wp-content\/uploads\/2021\/05\/Hiking-Aston-Valley-Pyrenees-5-200x300.jpg 200w, https:\/\/1001voyagesgourmands.com\/wp-content\/uploads\/2021\/05\/Hiking-Aston-Valley-Pyrenees-5-768x1152.jpg 768w, https:\/\/1001voyagesgourmands.com\/wp-content\/uploads\/2021\/05\/Hiking-Aston-Valley-Pyrenees-5-1024x1536.jpg 1024w, https:\/\/1001voyagesgourmands.com\/wp-content\/uploads\/2021\/05\/Hiking-Aston-Valley-Pyrenees-5-585x878.jpg 585w\" sizes=\"auto, (max-width: 1170px) 100vw, 1170px\" \/><\/p>\n<p><img loading=\"lazy\" decoding=\"async\" class=\"aligncenter size-full wp-image-29011\" src=\"https:\/\/1001voyagesgourmands.com\/wp-content\/uploads\/2021\/05\/Hiking-Aston-Valley-Pyrenees-7.jpg\" alt=\"\" width=\"1170\" height=\"878\" srcset=\"https:\/\/1001voyagesgourmands.com\/wp-content\/uploads\/2021\/05\/Hiking-Aston-Valley-Pyrenees-7.jpg 1170w, https:\/\/1001voyagesgourmands.com\/wp-content\/uploads\/2021\/05\/Hiking-Aston-Valley-Pyrenees-7-300x225.jpg 300w, https:\/\/1001voyagesgourmands.com\/wp-content\/uploads\/2021\/05\/Hiking-Aston-Valley-Pyrenees-7-768x576.jpg 768w, https:\/\/1001voyagesgourmands.com\/wp-content\/uploads\/2021\/05\/Hiking-Aston-Valley-Pyrenees-7-585x439.jpg 585w\" sizes=\"auto, (max-width: 1170px) 100vw, 1170px\" \/><\/p>\n<p><img loading=\"lazy\" decoding=\"async\" class=\"aligncenter size-large wp-image-29013\" src=\"https:\/\/1001voyagesgourmands.com\/wp-content\/uploads\/2021\/05\/Hiking-Aston-Valley-Pyrenees-8-1170x1755.jpg\" alt=\"\" width=\"1170\" height=\"1755\" srcset=\"https:\/\/1001voyagesgourmands.com\/wp-content\/uploads\/2021\/05\/Hiking-Aston-Valley-Pyrenees-8.jpg 1170w, https:\/\/1001voyagesgourmands.com\/wp-content\/uploads\/2021\/05\/Hiking-Aston-Valley-Pyrenees-8-200x300.jpg 200w, https:\/\/1001voyagesgourmands.com\/wp-content\/uploads\/2021\/05\/Hiking-Aston-Valley-Pyrenees-8-768x1152.jpg 768w, https:\/\/1001voyagesgourmands.com\/wp-content\/uploads\/2021\/05\/Hiking-Aston-Valley-Pyrenees-8-1024x1536.jpg 1024w, https:\/\/1001voyagesgourmands.com\/wp-content\/uploads\/2021\/05\/Hiking-Aston-Valley-Pyrenees-8-585x878.jpg 585w\" sizes=\"auto, (max-width: 1170px) 100vw, 1170px\" \/><\/p>\n<p><img loading=\"lazy\" decoding=\"async\" class=\"aligncenter size-large wp-image-29015\" src=\"https:\/\/1001voyagesgourmands.com\/wp-content\/uploads\/2021\/05\/Hiking-Aston-Valley-Pyrenees-9-1170x1755.jpg\" alt=\"\" width=\"1170\" height=\"1755\" srcset=\"https:\/\/1001voyagesgourmands.com\/wp-content\/uploads\/2021\/05\/Hiking-Aston-Valley-Pyrenees-9.jpg 1170w, https:\/\/1001voyagesgourmands.com\/wp-content\/uploads\/2021\/05\/Hiking-Aston-Valley-Pyrenees-9-200x300.jpg 200w, https:\/\/1001voyagesgourmands.com\/wp-content\/uploads\/2021\/05\/Hiking-Aston-Valley-Pyrenees-9-768x1152.jpg 768w, https:\/\/1001voyagesgourmands.com\/wp-content\/uploads\/2021\/05\/Hiking-Aston-Valley-Pyrenees-9-1024x1536.jpg 1024w, https:\/\/1001voyagesgourmands.com\/wp-content\/uploads\/2021\/05\/Hiking-Aston-Valley-Pyrenees-9-585x878.jpg 585w\" sizes=\"auto, (max-width: 1170px) 100vw, 1170px\" \/><\/p>\n<p><img loading=\"lazy\" decoding=\"async\" class=\"aligncenter size-full wp-image-29019\" src=\"https:\/\/1001voyagesgourmands.com\/wp-content\/uploads\/2021\/05\/Hiking-Aston-Valley-Pyrenees-11.jpg\" alt=\"Jak jsme si ud\u011blali v\u00fdlet do kr\u00e1sn\u00e9ho \u00fadol\u00ed Aston v Pyrenej\u00edch a str\u00e1vili tak bezva odpoledne v\u00fd\u0161lapem k jezer\u016fm Fontargente.\" width=\"1170\" height=\"783\" srcset=\"https:\/\/1001voyagesgourmands.com\/wp-content\/uploads\/2021\/05\/Hiking-Aston-Valley-Pyrenees-11.jpg 1170w, https:\/\/1001voyagesgourmands.com\/wp-content\/uploads\/2021\/05\/Hiking-Aston-Valley-Pyrenees-11-300x201.jpg 300w, https:\/\/1001voyagesgourmands.com\/wp-content\/uploads\/2021\/05\/Hiking-Aston-Valley-Pyrenees-11-768x514.jpg 768w, https:\/\/1001voyagesgourmands.com\/wp-content\/uploads\/2021\/05\/Hiking-Aston-Valley-Pyrenees-11-585x392.jpg 585w, https:\/\/1001voyagesgourmands.com\/wp-content\/uploads\/2021\/05\/Hiking-Aston-Valley-Pyrenees-11-263x175.jpg 263w\" sizes=\"auto, (max-width: 1170px) 100vw, 1170px\" \/><\/p>\n<p><img loading=\"lazy\" decoding=\"async\" class=\"aligncenter size-large wp-image-29021\" src=\"https:\/\/1001voyagesgourmands.com\/wp-content\/uploads\/2021\/05\/Hiking-Aston-Valley-Pyrenees-12-1170x1755.jpg\" alt=\"Jak jsme si ud\u011blali v\u00fdlet do kr\u00e1sn\u00e9ho \u00fadol\u00ed Aston v Pyrenej\u00edch a str\u00e1vili tak bezva odpoledne v\u00fd\u0161lapem k jezer\u016fm Fontargente.\" width=\"1170\" height=\"1755\" srcset=\"https:\/\/1001voyagesgourmands.com\/wp-content\/uploads\/2021\/05\/Hiking-Aston-Valley-Pyrenees-12.jpg 1170w, https:\/\/1001voyagesgourmands.com\/wp-content\/uploads\/2021\/05\/Hiking-Aston-Valley-Pyrenees-12-200x300.jpg 200w, https:\/\/1001voyagesgourmands.com\/wp-content\/uploads\/2021\/05\/Hiking-Aston-Valley-Pyrenees-12-768x1152.jpg 768w, https:\/\/1001voyagesgourmands.com\/wp-content\/uploads\/2021\/05\/Hiking-Aston-Valley-Pyrenees-12-1024x1536.jpg 1024w, https:\/\/1001voyagesgourmands.com\/wp-content\/uploads\/2021\/05\/Hiking-Aston-Valley-Pyrenees-12-585x878.jpg 585w\" sizes=\"auto, (max-width: 1170px) 100vw, 1170px\" \/><\/p>\n<p style=\"text-align: justify;\"><img loading=\"lazy\" decoding=\"async\" class=\"aligncenter size-full wp-image-29023\" src=\"https:\/\/1001voyagesgourmands.com\/wp-content\/uploads\/2021\/05\/Hiking-Aston-Valley-Pyrenees-13.jpg\" alt=\"\" width=\"1170\" height=\"783\" srcset=\"https:\/\/1001voyagesgourmands.com\/wp-content\/uploads\/2021\/05\/Hiking-Aston-Valley-Pyrenees-13.jpg 1170w, https:\/\/1001voyagesgourmands.com\/wp-content\/uploads\/2021\/05\/Hiking-Aston-Valley-Pyrenees-13-300x201.jpg 300w, https:\/\/1001voyagesgourmands.com\/wp-content\/uploads\/2021\/05\/Hiking-Aston-Valley-Pyrenees-13-768x514.jpg 768w, https:\/\/1001voyagesgourmands.com\/wp-content\/uploads\/2021\/05\/Hiking-Aston-Valley-Pyrenees-13-585x392.jpg 585w, https:\/\/1001voyagesgourmands.com\/wp-content\/uploads\/2021\/05\/Hiking-Aston-Valley-Pyrenees-13-263x175.jpg 263w\" sizes=\"auto, (max-width: 1170px) 100vw, 1170px\" \/><\/p>\n<p style=\"text-align: justify;\"><img loading=\"lazy\" decoding=\"async\" class=\"aligncenter size-full wp-image-29025\" src=\"https:\/\/1001voyagesgourmands.com\/wp-content\/uploads\/2021\/05\/Hiking-Aston-Valley-Pyrenees-14.jpg\" alt=\"Jak jsme si ud\u011blali v\u00fdlet do kr\u00e1sn\u00e9ho \u00fadol\u00ed Aston v Pyrenej\u00edch a str\u00e1vili tak bezva odpoledne v\u00fd\u0161lapem k jezer\u016fm Fontargente.\" width=\"1170\" height=\"780\" srcset=\"https:\/\/1001voyagesgourmands.com\/wp-content\/uploads\/2021\/05\/Hiking-Aston-Valley-Pyrenees-14.jpg 1170w, https:\/\/1001voyagesgourmands.com\/wp-content\/uploads\/2021\/05\/Hiking-Aston-Valley-Pyrenees-14-300x200.jpg 300w, https:\/\/1001voyagesgourmands.com\/wp-content\/uploads\/2021\/05\/Hiking-Aston-Valley-Pyrenees-14-768x512.jpg 768w, https:\/\/1001voyagesgourmands.com\/wp-content\/uploads\/2021\/05\/Hiking-Aston-Valley-Pyrenees-14-585x390.jpg 585w, https:\/\/1001voyagesgourmands.com\/wp-content\/uploads\/2021\/05\/Hiking-Aston-Valley-Pyrenees-14-263x175.jpg 263w\" sizes=\"auto, (max-width: 1170px) 100vw, 1170px\" \/><\/p>\n<p style=\"text-align: justify;\"><img loading=\"lazy\" decoding=\"async\" class=\"aligncenter size-full wp-image-29027\" src=\"https:\/\/1001voyagesgourmands.com\/wp-content\/uploads\/2021\/05\/Hiking-Aston-Valley-Pyrenees-15.jpg\" alt=\"\" width=\"1170\" height=\"1748\" srcset=\"https:\/\/1001voyagesgourmands.com\/wp-content\/uploads\/2021\/05\/Hiking-Aston-Valley-Pyrenees-15.jpg 1170w, https:\/\/1001voyagesgourmands.com\/wp-content\/uploads\/2021\/05\/Hiking-Aston-Valley-Pyrenees-15-201x300.jpg 201w, https:\/\/1001voyagesgourmands.com\/wp-content\/uploads\/2021\/05\/Hiking-Aston-Valley-Pyrenees-15-768x1147.jpg 768w, https:\/\/1001voyagesgourmands.com\/wp-content\/uploads\/2021\/05\/Hiking-Aston-Valley-Pyrenees-15-1028x1536.jpg 1028w, https:\/\/1001voyagesgourmands.com\/wp-content\/uploads\/2021\/05\/Hiking-Aston-Valley-Pyrenees-15-585x874.jpg 585w\" sizes=\"auto, (max-width: 1170px) 100vw, 1170px\" \/><\/p>\n<p style=\"text-align: justify;\"><img loading=\"lazy\" decoding=\"async\" class=\"aligncenter size-full wp-image-29029\" src=\"https:\/\/1001voyagesgourmands.com\/wp-content\/uploads\/2021\/05\/Hiking-Aston-Valley-Pyrenees-16.jpg\" alt=\"\" width=\"1170\" height=\"780\" srcset=\"https:\/\/1001voyagesgourmands.com\/wp-content\/uploads\/2021\/05\/Hiking-Aston-Valley-Pyrenees-16.jpg 1170w, https:\/\/1001voyagesgourmands.com\/wp-content\/uploads\/2021\/05\/Hiking-Aston-Valley-Pyrenees-16-300x200.jpg 300w, https:\/\/1001voyagesgourmands.com\/wp-content\/uploads\/2021\/05\/Hiking-Aston-Valley-Pyrenees-16-768x512.jpg 768w, https:\/\/1001voyagesgourmands.com\/wp-content\/uploads\/2021\/05\/Hiking-Aston-Valley-Pyrenees-16-585x390.jpg 585w, https:\/\/1001voyagesgourmands.com\/wp-content\/uploads\/2021\/05\/Hiking-Aston-Valley-Pyrenees-16-263x175.jpg 263w\" sizes=\"auto, (max-width: 1170px) 100vw, 1170px\" \/><\/p>\n<p style=\"text-align: justify;\"><img loading=\"lazy\" decoding=\"async\" class=\"aligncenter size-full wp-image-29031\" src=\"https:\/\/1001voyagesgourmands.com\/wp-content\/uploads\/2021\/05\/Hiking-Aston-Valley-Pyrenees-17.jpg\" alt=\"Jak jsme si ud\u011blali v\u00fdlet do kr\u00e1sn\u00e9ho \u00fadol\u00ed Aston v Pyrenej\u00edch a str\u00e1vili tak bezva odpoledne v\u00fd\u0161lapem k jezer\u016fm Fontargente.\" width=\"1170\" height=\"783\" srcset=\"https:\/\/1001voyagesgourmands.com\/wp-content\/uploads\/2021\/05\/Hiking-Aston-Valley-Pyrenees-17.jpg 1170w, https:\/\/1001voyagesgourmands.com\/wp-content\/uploads\/2021\/05\/Hiking-Aston-Valley-Pyrenees-17-300x201.jpg 300w, https:\/\/1001voyagesgourmands.com\/wp-content\/uploads\/2021\/05\/Hiking-Aston-Valley-Pyrenees-17-768x514.jpg 768w, https:\/\/1001voyagesgourmands.com\/wp-content\/uploads\/2021\/05\/Hiking-Aston-Valley-Pyrenees-17-585x392.jpg 585w, https:\/\/1001voyagesgourmands.com\/wp-content\/uploads\/2021\/05\/Hiking-Aston-Valley-Pyrenees-17-263x175.jpg 263w\" sizes=\"auto, (max-width: 1170px) 100vw, 1170px\" \/><\/p>\n<p><img loading=\"lazy\" decoding=\"async\" class=\"aligncenter size-full wp-image-29035\" src=\"https:\/\/1001voyagesgourmands.com\/wp-content\/uploads\/2021\/05\/Hiking-Aston-Valley-Pyrenees-19.jpg\" alt=\"Jak jsme si ud\u011blali v\u00fdlet do kr\u00e1sn\u00e9ho \u00fadol\u00ed Aston v Pyrenej\u00edch a str\u00e1vili tak bezva odpoledne v\u00fd\u0161lapem k jezer\u016fm Fontargente.\" width=\"1170\" height=\"780\" srcset=\"https:\/\/1001voyagesgourmands.com\/wp-content\/uploads\/2021\/05\/Hiking-Aston-Valley-Pyrenees-19.jpg 1170w, https:\/\/1001voyagesgourmands.com\/wp-content\/uploads\/2021\/05\/Hiking-Aston-Valley-Pyrenees-19-300x200.jpg 300w, https:\/\/1001voyagesgourmands.com\/wp-content\/uploads\/2021\/05\/Hiking-Aston-Valley-Pyrenees-19-768x512.jpg 768w, https:\/\/1001voyagesgourmands.com\/wp-content\/uploads\/2021\/05\/Hiking-Aston-Valley-Pyrenees-19-585x390.jpg 585w, https:\/\/1001voyagesgourmands.com\/wp-content\/uploads\/2021\/05\/Hiking-Aston-Valley-Pyrenees-19-263x175.jpg 263w\" sizes=\"auto, (max-width: 1170px) 100vw, 1170px\" \/><\/p>\n<p><img loading=\"lazy\" decoding=\"async\" class=\"aligncenter size-full wp-image-29039\" src=\"https:\/\/1001voyagesgourmands.com\/wp-content\/uploads\/2021\/05\/Hiking-Aston-Valley-Pyrenees-21.jpg\" alt=\"\" width=\"1170\" height=\"780\" srcset=\"https:\/\/1001voyagesgourmands.com\/wp-content\/uploads\/2021\/05\/Hiking-Aston-Valley-Pyrenees-21.jpg 1170w, https:\/\/1001voyagesgourmands.com\/wp-content\/uploads\/2021\/05\/Hiking-Aston-Valley-Pyrenees-21-300x200.jpg 300w, https:\/\/1001voyagesgourmands.com\/wp-content\/uploads\/2021\/05\/Hiking-Aston-Valley-Pyrenees-21-768x512.jpg 768w, https:\/\/1001voyagesgourmands.com\/wp-content\/uploads\/2021\/05\/Hiking-Aston-Valley-Pyrenees-21-585x390.jpg 585w, https:\/\/1001voyagesgourmands.com\/wp-content\/uploads\/2021\/05\/Hiking-Aston-Valley-Pyrenees-21-263x175.jpg 263w\" sizes=\"auto, (max-width: 1170px) 100vw, 1170px\" \/><\/p>\n<p><img loading=\"lazy\" decoding=\"async\" class=\"aligncenter size-full wp-image-29041\" src=\"https:\/\/1001voyagesgourmands.com\/wp-content\/uploads\/2021\/05\/Hiking-Aston-Valley-Pyrenees-22.jpg\" alt=\"Jak jsme si ud\u011blali v\u00fdlet do kr\u00e1sn\u00e9ho \u00fadol\u00ed Aston v Pyrenej\u00edch a str\u00e1vili tak bezva odpoledne v\u00fd\u0161lapem k jezer\u016fm Fontargente.\" width=\"1170\" height=\"780\" srcset=\"https:\/\/1001voyagesgourmands.com\/wp-content\/uploads\/2021\/05\/Hiking-Aston-Valley-Pyrenees-22.jpg 1170w, https:\/\/1001voyagesgourmands.com\/wp-content\/uploads\/2021\/05\/Hiking-Aston-Valley-Pyrenees-22-300x200.jpg 300w, https:\/\/1001voyagesgourmands.com\/wp-content\/uploads\/2021\/05\/Hiking-Aston-Valley-Pyrenees-22-768x512.jpg 768w, https:\/\/1001voyagesgourmands.com\/wp-content\/uploads\/2021\/05\/Hiking-Aston-Valley-Pyrenees-22-585x390.jpg 585w, https:\/\/1001voyagesgourmands.com\/wp-content\/uploads\/2021\/05\/Hiking-Aston-Valley-Pyrenees-22-263x175.jpg 263w\" sizes=\"auto, (max-width: 1170px) 100vw, 1170px\" \/><\/p>\n<p><img loading=\"lazy\" decoding=\"async\" class=\"aligncenter size-full wp-image-29043\" src=\"https:\/\/1001voyagesgourmands.com\/wp-content\/uploads\/2021\/05\/Hiking-Aston-Valley-Pyrenees-23.jpg\" alt=\"\" width=\"1170\" height=\"1748\" srcset=\"https:\/\/1001voyagesgourmands.com\/wp-content\/uploads\/2021\/05\/Hiking-Aston-Valley-Pyrenees-23.jpg 1170w, https:\/\/1001voyagesgourmands.com\/wp-content\/uploads\/2021\/05\/Hiking-Aston-Valley-Pyrenees-23-201x300.jpg 201w, https:\/\/1001voyagesgourmands.com\/wp-content\/uploads\/2021\/05\/Hiking-Aston-Valley-Pyrenees-23-768x1147.jpg 768w, https:\/\/1001voyagesgourmands.com\/wp-content\/uploads\/2021\/05\/Hiking-Aston-Valley-Pyrenees-23-1028x1536.jpg 1028w, https:\/\/1001voyagesgourmands.com\/wp-content\/uploads\/2021\/05\/Hiking-Aston-Valley-Pyrenees-23-585x874.jpg 585w\" sizes=\"auto, (max-width: 1170px) 100vw, 1170px\" \/><\/p>\n<p><img loading=\"lazy\" decoding=\"async\" class=\"aligncenter size-full wp-image-29037\" src=\"https:\/\/1001voyagesgourmands.com\/wp-content\/uploads\/2021\/05\/Hiking-Aston-Valley-Pyrenees-20.jpg\" alt=\"\" width=\"1170\" height=\"780\" srcset=\"https:\/\/1001voyagesgourmands.com\/wp-content\/uploads\/2021\/05\/Hiking-Aston-Valley-Pyrenees-20.jpg 1170w, https:\/\/1001voyagesgourmands.com\/wp-content\/uploads\/2021\/05\/Hiking-Aston-Valley-Pyrenees-20-300x200.jpg 300w, https:\/\/1001voyagesgourmands.com\/wp-content\/uploads\/2021\/05\/Hiking-Aston-Valley-Pyrenees-20-768x512.jpg 768w, https:\/\/1001voyagesgourmands.com\/wp-content\/uploads\/2021\/05\/Hiking-Aston-Valley-Pyrenees-20-585x390.jpg 585w, https:\/\/1001voyagesgourmands.com\/wp-content\/uploads\/2021\/05\/Hiking-Aston-Valley-Pyrenees-20-263x175.jpg 263w\" sizes=\"auto, (max-width: 1170px) 100vw, 1170px\" \/><\/p>\n<p><img loading=\"lazy\" decoding=\"async\" class=\"aligncenter size-large wp-image-29045\" src=\"https:\/\/1001voyagesgourmands.com\/wp-content\/uploads\/2021\/05\/Hiking-Aston-Valley-Pyrenees-24-1170x1755.jpg\" alt=\"Jak jsme si ud\u011blali v\u00fdlet do kr\u00e1sn\u00e9ho \u00fadol\u00ed Aston v Pyrenej\u00edch a str\u00e1vili tak bezva odpoledne v\u00fd\u0161lapem k jezer\u016fm Fontargente.\" width=\"1170\" height=\"1755\" srcset=\"https:\/\/1001voyagesgourmands.com\/wp-content\/uploads\/2021\/05\/Hiking-Aston-Valley-Pyrenees-24.jpg 1170w, https:\/\/1001voyagesgourmands.com\/wp-content\/uploads\/2021\/05\/Hiking-Aston-Valley-Pyrenees-24-200x300.jpg 200w, https:\/\/1001voyagesgourmands.com\/wp-content\/uploads\/2021\/05\/Hiking-Aston-Valley-Pyrenees-24-768x1152.jpg 768w, https:\/\/1001voyagesgourmands.com\/wp-content\/uploads\/2021\/05\/Hiking-Aston-Valley-Pyrenees-24-1024x1536.jpg 1024w, https:\/\/1001voyagesgourmands.com\/wp-content\/uploads\/2021\/05\/Hiking-Aston-Valley-Pyrenees-24-585x878.jpg 585w\" sizes=\"auto, (max-width: 1170px) 100vw, 1170px\" \/><\/p>\n<p><img loading=\"lazy\" decoding=\"async\" class=\"aligncenter size-full wp-image-29047\" src=\"https:\/\/1001voyagesgourmands.com\/wp-content\/uploads\/2021\/05\/Hiking-Aston-Valley-Pyrenees-25.jpg\" alt=\"\" width=\"1170\" height=\"780\" srcset=\"https:\/\/1001voyagesgourmands.com\/wp-content\/uploads\/2021\/05\/Hiking-Aston-Valley-Pyrenees-25.jpg 1170w, https:\/\/1001voyagesgourmands.com\/wp-content\/uploads\/2021\/05\/Hiking-Aston-Valley-Pyrenees-25-300x200.jpg 300w, https:\/\/1001voyagesgourmands.com\/wp-content\/uploads\/2021\/05\/Hiking-Aston-Valley-Pyrenees-25-768x512.jpg 768w, https:\/\/1001voyagesgourmands.com\/wp-content\/uploads\/2021\/05\/Hiking-Aston-Valley-Pyrenees-25-585x390.jpg 585w, https:\/\/1001voyagesgourmands.com\/wp-content\/uploads\/2021\/05\/Hiking-Aston-Valley-Pyrenees-25-263x175.jpg 263w\" sizes=\"auto, (max-width: 1170px) 100vw, 1170px\" \/><\/p>\n<p><img loading=\"lazy\" decoding=\"async\" class=\"aligncenter size-large wp-image-29049\" src=\"https:\/\/1001voyagesgourmands.com\/wp-content\/uploads\/2021\/05\/Hiking-Aston-Valley-Pyrenees-26-1170x1755.jpg\" alt=\"Jak jsme si ud\u011blali v\u00fdlet do kr\u00e1sn\u00e9ho \u00fadol\u00ed Aston v Pyrenej\u00edch a str\u00e1vili tak bezva odpoledne v\u00fd\u0161lapem k jezer\u016fm Fontargente.\" width=\"1170\" height=\"1755\" srcset=\"https:\/\/1001voyagesgourmands.com\/wp-content\/uploads\/2021\/05\/Hiking-Aston-Valley-Pyrenees-26.jpg 1170w, https:\/\/1001voyagesgourmands.com\/wp-content\/uploads\/2021\/05\/Hiking-Aston-Valley-Pyrenees-26-200x300.jpg 200w, https:\/\/1001voyagesgourmands.com\/wp-content\/uploads\/2021\/05\/Hiking-Aston-Valley-Pyrenees-26-768x1152.jpg 768w, https:\/\/1001voyagesgourmands.com\/wp-content\/uploads\/2021\/05\/Hiking-Aston-Valley-Pyrenees-26-1024x1536.jpg 1024w, https:\/\/1001voyagesgourmands.com\/wp-content\/uploads\/2021\/05\/Hiking-Aston-Valley-Pyrenees-26-585x878.jpg 585w\" sizes=\"auto, (max-width: 1170px) 100vw, 1170px\" \/><\/p>\n<p style=\"text-align: justify;\"><img loading=\"lazy\" decoding=\"async\" class=\"aligncenter size-full wp-image-29051\" src=\"https:\/\/1001voyagesgourmands.com\/wp-content\/uploads\/2021\/05\/Hiking-Aston-Valley-Pyrenees-27.jpg\" alt=\"\" width=\"1170\" height=\"780\" srcset=\"https:\/\/1001voyagesgourmands.com\/wp-content\/uploads\/2021\/05\/Hiking-Aston-Valley-Pyrenees-27.jpg 1170w, https:\/\/1001voyagesgourmands.com\/wp-content\/uploads\/2021\/05\/Hiking-Aston-Valley-Pyrenees-27-300x200.jpg 300w, https:\/\/1001voyagesgourmands.com\/wp-content\/uploads\/2021\/05\/Hiking-Aston-Valley-Pyrenees-27-768x512.jpg 768w, https:\/\/1001voyagesgourmands.com\/wp-content\/uploads\/2021\/05\/Hiking-Aston-Valley-Pyrenees-27-585x390.jpg 585w, https:\/\/1001voyagesgourmands.com\/wp-content\/uploads\/2021\/05\/Hiking-Aston-Valley-Pyrenees-27-263x175.jpg 263w\" sizes=\"auto, (max-width: 1170px) 100vw, 1170px\" \/><\/p>\n<p style=\"text-align: justify;\"><img loading=\"lazy\" decoding=\"async\" class=\"aligncenter size-full wp-image-29053\" src=\"https:\/\/1001voyagesgourmands.com\/wp-content\/uploads\/2021\/05\/Hiking-Aston-Valley-Pyrenees-28.jpg\" alt=\"Jak jsme si ud\u011blali v\u00fdlet do kr\u00e1sn\u00e9ho \u00fadol\u00ed Aston v Pyrenej\u00edch a str\u00e1vili tak bezva odpoledne v\u00fd\u0161lapem k jezer\u016fm Fontargente.\" width=\"1170\" height=\"780\" srcset=\"https:\/\/1001voyagesgourmands.com\/wp-content\/uploads\/2021\/05\/Hiking-Aston-Valley-Pyrenees-28.jpg 1170w, https:\/\/1001voyagesgourmands.com\/wp-content\/uploads\/2021\/05\/Hiking-Aston-Valley-Pyrenees-28-300x200.jpg 300w, https:\/\/1001voyagesgourmands.com\/wp-content\/uploads\/2021\/05\/Hiking-Aston-Valley-Pyrenees-28-768x512.jpg 768w, https:\/\/1001voyagesgourmands.com\/wp-content\/uploads\/2021\/05\/Hiking-Aston-Valley-Pyrenees-28-585x390.jpg 585w, https:\/\/1001voyagesgourmands.com\/wp-content\/uploads\/2021\/05\/Hiking-Aston-Valley-Pyrenees-28-263x175.jpg 263w\" sizes=\"auto, (max-width: 1170px) 100vw, 1170px\" \/><\/p>\n<p style=\"text-align: justify;\"><img loading=\"lazy\" decoding=\"async\" class=\"aligncenter size-full wp-image-29055\" src=\"https:\/\/1001voyagesgourmands.com\/wp-content\/uploads\/2021\/05\/Hiking-Aston-Valley-Pyrenees-29.jpg\" alt=\"Jak jsme si ud\u011blali v\u00fdlet do kr\u00e1sn\u00e9ho \u00fadol\u00ed Aston v Pyrenej\u00edch a str\u00e1vili tak bezva odpoledne v\u00fd\u0161lapem k jezer\u016fm Fontargente.\" width=\"1170\" height=\"780\" srcset=\"https:\/\/1001voyagesgourmands.com\/wp-content\/uploads\/2021\/05\/Hiking-Aston-Valley-Pyrenees-29.jpg 1170w, https:\/\/1001voyagesgourmands.com\/wp-content\/uploads\/2021\/05\/Hiking-Aston-Valley-Pyrenees-29-300x200.jpg 300w, https:\/\/1001voyagesgourmands.com\/wp-content\/uploads\/2021\/05\/Hiking-Aston-Valley-Pyrenees-29-768x512.jpg 768w, https:\/\/1001voyagesgourmands.com\/wp-content\/uploads\/2021\/05\/Hiking-Aston-Valley-Pyrenees-29-585x390.jpg 585w, https:\/\/1001voyagesgourmands.com\/wp-content\/uploads\/2021\/05\/Hiking-Aston-Valley-Pyrenees-29-263x175.jpg 263w\" sizes=\"auto, (max-width: 1170px) 100vw, 1170px\" \/><\/p>\n<p><img loading=\"lazy\" decoding=\"async\" class=\"aligncenter size-large wp-image-29059\" src=\"https:\/\/1001voyagesgourmands.com\/wp-content\/uploads\/2021\/05\/Hiking-Aston-Valley-Pyrenees-31-1170x1755.jpg\" alt=\"Jak jsme si ud\u011blali v\u00fdlet do kr\u00e1sn\u00e9ho \u00fadol\u00ed Aston v Pyrenej\u00edch a str\u00e1vili tak bezva odpoledne v\u00fd\u0161lapem k jezer\u016fm Fontargente.\" width=\"1170\" height=\"1755\" srcset=\"https:\/\/1001voyagesgourmands.com\/wp-content\/uploads\/2021\/05\/Hiking-Aston-Valley-Pyrenees-31.jpg 1170w, https:\/\/1001voyagesgourmands.com\/wp-content\/uploads\/2021\/05\/Hiking-Aston-Valley-Pyrenees-31-200x300.jpg 200w, https:\/\/1001voyagesgourmands.com\/wp-content\/uploads\/2021\/05\/Hiking-Aston-Valley-Pyrenees-31-768x1152.jpg 768w, https:\/\/1001voyagesgourmands.com\/wp-content\/uploads\/2021\/05\/Hiking-Aston-Valley-Pyrenees-31-1024x1536.jpg 1024w, https:\/\/1001voyagesgourmands.com\/wp-content\/uploads\/2021\/05\/Hiking-Aston-Valley-Pyrenees-31-585x878.jpg 585w\" sizes=\"auto, (max-width: 1170px) 100vw, 1170px\" \/><\/p>\n<p style=\"text-align: justify;\"><img loading=\"lazy\" decoding=\"async\" class=\"aligncenter size-full wp-image-29057\" src=\"https:\/\/1001voyagesgourmands.com\/wp-content\/uploads\/2021\/05\/Hiking-Aston-Valley-Pyrenees-30.jpg\" alt=\"\" width=\"1170\" height=\"780\" srcset=\"https:\/\/1001voyagesgourmands.com\/wp-content\/uploads\/2021\/05\/Hiking-Aston-Valley-Pyrenees-30.jpg 1170w, https:\/\/1001voyagesgourmands.com\/wp-content\/uploads\/2021\/05\/Hiking-Aston-Valley-Pyrenees-30-300x200.jpg 300w, https:\/\/1001voyagesgourmands.com\/wp-content\/uploads\/2021\/05\/Hiking-Aston-Valley-Pyrenees-30-768x512.jpg 768w, https:\/\/1001voyagesgourmands.com\/wp-content\/uploads\/2021\/05\/Hiking-Aston-Valley-Pyrenees-30-585x390.jpg 585w, https:\/\/1001voyagesgourmands.com\/wp-content\/uploads\/2021\/05\/Hiking-Aston-Valley-Pyrenees-30-263x175.jpg 263w\" sizes=\"auto, (max-width: 1170px) 100vw, 1170px\" \/><\/p>\n<p style=\"text-align: justify;\"><img loading=\"lazy\" decoding=\"async\" class=\"aligncenter size-full wp-image-29063\" src=\"https:\/\/1001voyagesgourmands.com\/wp-content\/uploads\/2021\/05\/Hiking-Aston-Valley-Pyrenees-33.jpg\" alt=\"\" width=\"1170\" height=\"783\" srcset=\"https:\/\/1001voyagesgourmands.com\/wp-content\/uploads\/2021\/05\/Hiking-Aston-Valley-Pyrenees-33.jpg 1170w, https:\/\/1001voyagesgourmands.com\/wp-content\/uploads\/2021\/05\/Hiking-Aston-Valley-Pyrenees-33-300x201.jpg 300w, https:\/\/1001voyagesgourmands.com\/wp-content\/uploads\/2021\/05\/Hiking-Aston-Valley-Pyrenees-33-768x514.jpg 768w, https:\/\/1001voyagesgourmands.com\/wp-content\/uploads\/2021\/05\/Hiking-Aston-Valley-Pyrenees-33-585x392.jpg 585w, https:\/\/1001voyagesgourmands.com\/wp-content\/uploads\/2021\/05\/Hiking-Aston-Valley-Pyrenees-33-263x175.jpg 263w\" sizes=\"auto, (max-width: 1170px) 100vw, 1170px\" \/><\/p>\n<p><img loading=\"lazy\" decoding=\"async\" class=\"aligncenter size-full wp-image-29061\" src=\"https:\/\/1001voyagesgourmands.com\/wp-content\/uploads\/2021\/05\/Hiking-Aston-Valley-Pyrenees-32.jpg\" alt=\"\" width=\"1170\" height=\"1560\" srcset=\"https:\/\/1001voyagesgourmands.com\/wp-content\/uploads\/2021\/05\/Hiking-Aston-Valley-Pyrenees-32.jpg 1170w, https:\/\/1001voyagesgourmands.com\/wp-content\/uploads\/2021\/05\/Hiking-Aston-Valley-Pyrenees-32-225x300.jpg 225w, https:\/\/1001voyagesgourmands.com\/wp-content\/uploads\/2021\/05\/Hiking-Aston-Valley-Pyrenees-32-768x1024.jpg 768w, https:\/\/1001voyagesgourmands.com\/wp-content\/uploads\/2021\/05\/Hiking-Aston-Valley-Pyrenees-32-1152x1536.jpg 1152w, https:\/\/1001voyagesgourmands.com\/wp-content\/uploads\/2021\/05\/Hiking-Aston-Valley-Pyrenees-32-585x780.jpg 585w\" sizes=\"auto, (max-width: 1170px) 100vw, 1170px\" \/><\/p>\n<p style=\"text-align: justify;\"><img loading=\"lazy\" decoding=\"async\" class=\"aligncenter size-full wp-image-29067\" src=\"https:\/\/1001voyagesgourmands.com\/wp-content\/uploads\/2021\/05\/Hiking-Aston-Valley-Pyrenees-35.jpg\" alt=\"\" width=\"1170\" height=\"780\" srcset=\"https:\/\/1001voyagesgourmands.com\/wp-content\/uploads\/2021\/05\/Hiking-Aston-Valley-Pyrenees-35.jpg 1170w, https:\/\/1001voyagesgourmands.com\/wp-content\/uploads\/2021\/05\/Hiking-Aston-Valley-Pyrenees-35-300x200.jpg 300w, https:\/\/1001voyagesgourmands.com\/wp-content\/uploads\/2021\/05\/Hiking-Aston-Valley-Pyrenees-35-768x512.jpg 768w, https:\/\/1001voyagesgourmands.com\/wp-content\/uploads\/2021\/05\/Hiking-Aston-Valley-Pyrenees-35-585x390.jpg 585w, https:\/\/1001voyagesgourmands.com\/wp-content\/uploads\/2021\/05\/Hiking-Aston-Valley-Pyrenees-35-263x175.jpg 263w\" sizes=\"auto, (max-width: 1170px) 100vw, 1170px\" \/><\/p>\n<p style=\"text-align: justify;\"><img loading=\"lazy\" decoding=\"async\" class=\"aligncenter size-full wp-image-29069\" src=\"https:\/\/1001voyagesgourmands.com\/wp-content\/uploads\/2021\/05\/Hiking-Aston-Valley-Pyrenees-36.jpg\" alt=\"Jak jsme si ud\u011blali v\u00fdlet do kr\u00e1sn\u00e9ho \u00fadol\u00ed Aston v Pyrenej\u00edch a str\u00e1vili tak bezva odpoledne v\u00fd\u0161lapem k jezer\u016fm Fontargente.\" width=\"1170\" height=\"1560\" srcset=\"https:\/\/1001voyagesgourmands.com\/wp-content\/uploads\/2021\/05\/Hiking-Aston-Valley-Pyrenees-36.jpg 1170w, https:\/\/1001voyagesgourmands.com\/wp-content\/uploads\/2021\/05\/Hiking-Aston-Valley-Pyrenees-36-225x300.jpg 225w, https:\/\/1001voyagesgourmands.com\/wp-content\/uploads\/2021\/05\/Hiking-Aston-Valley-Pyrenees-36-768x1024.jpg 768w, https:\/\/1001voyagesgourmands.com\/wp-content\/uploads\/2021\/05\/Hiking-Aston-Valley-Pyrenees-36-1152x1536.jpg 1152w, https:\/\/1001voyagesgourmands.com\/wp-content\/uploads\/2021\/05\/Hiking-Aston-Valley-Pyrenees-36-585x780.jpg 585w\" sizes=\"auto, (max-width: 1170px) 100vw, 1170px\" \/><\/p>\n","protected":false},"excerpt":{"rendered":"<p>Minul\u00e9 l\u00e9to jsme nav\u0161t\u00edvili Stevenovi rodi\u010de v kr\u00e1sn\u00e9 a m\u00e1lo zn\u00e1m\u00e9 \u010d\u00e1sti ji\u017en\u00ed Francie, v departmentu Ari\u00e8ge, o kter\u00e9m jsem psala v p\u0159ede\u0161l\u00e9m \u010dl\u00e1nku. Krom\u011b kr\u00e1sn\u00fdch vesni\u010dek a vinic tu najdete hornatou krajinu, tak\u017ee dnes to bude o tom, jak jsme si ud\u011blali v\u00fdlet do kr\u00e1sn\u00e9ho \u00fadol\u00ed Aston v Pyrenej\u00edch&hellip;<\/p>\n","protected":false},"author":1,"featured_media":29007,"comment_status":"open","ping_status":"open","sticky":false,"template":"","format":"standard","meta":{"_exactmetrics_skip_tracking":false,"_exactmetrics_sitenote_active":false,"_exactmetrics_sitenote_note":"","_exactmetrics_sitenote_category":0,"_lmt_disableupdate":"","_lmt_disable":"","footnotes":""},"categories":[4,7],"tags":[],"class_list":["post-28347","post","type-post","status-publish","format-standard","has-post-thumbnail","hentry","category-cestovani","category-francie"],"yoast_head":"<!-- This site is optimized with the Yoast SEO plugin v26.1.1 - https:\/\/yoast.com\/wordpress\/plugins\/seo\/ -->\n<title>V\u00fdletov\u00e1n\u00ed v \u00fadol\u00ed Aston, Pyreneje: Jezera Fontargente - 1001 Voyages Gourmands<\/title>\n<meta name=\"description\" content=\"Jak jsme si ud\u011blali v\u00fdlet do kr\u00e1sn\u00e9ho \u00fadol\u00ed Aston v Pyrenej\u00edch a str\u00e1vili tak bezva odpoledne v\u00fd\u0161lapem k jezer\u016fm Fontargente.\" \/>\n<meta name=\"robots\" content=\"index, follow, max-snippet:-1, max-image-preview:large, max-video-preview:-1\" \/>\n<link rel=\"canonical\" href=\"https:\/\/1001voyagesgourmands.com\/cs\/udoli-aston-pyreneje-jezera-fontargente\/\" \/>\n<meta property=\"og:locale\" content=\"cs_CZ\" \/>\n<meta property=\"og:type\" content=\"article\" \/>\n<meta property=\"og:title\" content=\"V\u00fdletov\u00e1n\u00ed v \u00fadol\u00ed Aston, Pyreneje: Jezera Fontargente - 1001 Voyages Gourmands\" \/>\n<meta property=\"og:description\" content=\"Jak jsme si ud\u011blali v\u00fdlet do kr\u00e1sn\u00e9ho \u00fadol\u00ed Aston v Pyrenej\u00edch a str\u00e1vili tak bezva odpoledne v\u00fd\u0161lapem k jezer\u016fm Fontargente.\" \/>\n<meta property=\"og:url\" content=\"https:\/\/1001voyagesgourmands.com\/cs\/udoli-aston-pyreneje-jezera-fontargente\/\" \/>\n<meta property=\"og:site_name\" content=\"1001 Voyages Gourmands\" \/>\n<meta property=\"article:publisher\" content=\"https:\/\/www.facebook.com\/1001voyagesgourmands\" \/>\n<meta property=\"article:published_time\" content=\"2021-05-27T15:49:21+00:00\" \/>\n<meta property=\"article:modified_time\" content=\"2021-05-27T19:30:38+00:00\" \/>\n<meta property=\"og:image\" content=\"https:\/\/1001voyagesgourmands.com\/wp-content\/uploads\/2021\/05\/Hiking-Aston-Valley-Pyrenees-5.jpg\" \/>\n\t<meta property=\"og:image:width\" content=\"1170\" \/>\n\t<meta property=\"og:image:height\" content=\"1755\" \/>\n\t<meta property=\"og:image:type\" content=\"image\/jpeg\" \/>\n<meta name=\"author\" content=\"Michaela\" \/>\n<meta name=\"twitter:card\" content=\"summary_large_image\" \/>\n<meta name=\"twitter:creator\" content=\"@michaela_1001vg\" \/>\n<meta name=\"twitter:site\" content=\"@michaela_1001vg\" \/>\n<meta name=\"twitter:label1\" content=\"Napsal(a)\" \/>\n\t<meta name=\"twitter:data1\" content=\"Michaela\" \/>\n\t<meta name=\"twitter:label2\" content=\"Odhadovan\u00e1 doba \u010dten\u00ed\" \/>\n\t<meta name=\"twitter:data2\" content=\"10 minut\" \/>\n<script type=\"application\/ld+json\" class=\"yoast-schema-graph\">{\"@context\":\"https:\/\/schema.org\",\"@graph\":[{\"@type\":\"WebPage\",\"@id\":\"https:\/\/1001voyagesgourmands.com\/cs\/udoli-aston-pyreneje-jezera-fontargente\/\",\"url\":\"https:\/\/1001voyagesgourmands.com\/cs\/udoli-aston-pyreneje-jezera-fontargente\/\",\"name\":\"V\u00fdletov\u00e1n\u00ed v \u00fadol\u00ed Aston, Pyreneje: Jezera Fontargente - 1001 Voyages Gourmands\",\"isPartOf\":{\"@id\":\"https:\/\/1001voyagesgourmands.com\/cs\/#website\"},\"primaryImageOfPage\":{\"@id\":\"https:\/\/1001voyagesgourmands.com\/cs\/udoli-aston-pyreneje-jezera-fontargente\/#primaryimage\"},\"image\":{\"@id\":\"https:\/\/1001voyagesgourmands.com\/cs\/udoli-aston-pyreneje-jezera-fontargente\/#primaryimage\"},\"thumbnailUrl\":\"https:\/\/1001voyagesgourmands.com\/wp-content\/uploads\/2021\/05\/Hiking-Aston-Valley-Pyrenees-5.jpg\",\"datePublished\":\"2021-05-27T15:49:21+00:00\",\"dateModified\":\"2021-05-27T19:30:38+00:00\",\"author\":{\"@id\":\"https:\/\/1001voyagesgourmands.com\/cs\/#\/schema\/person\/62e0e7238fcf7482b23bf83e1b72ff1b\"},\"description\":\"Jak jsme si ud\u011blali v\u00fdlet do kr\u00e1sn\u00e9ho \u00fadol\u00ed Aston v Pyrenej\u00edch a str\u00e1vili tak bezva odpoledne v\u00fd\u0161lapem k jezer\u016fm Fontargente.\",\"breadcrumb\":{\"@id\":\"https:\/\/1001voyagesgourmands.com\/cs\/udoli-aston-pyreneje-jezera-fontargente\/#breadcrumb\"},\"inLanguage\":\"cs\",\"potentialAction\":[{\"@type\":\"ReadAction\",\"target\":[\"https:\/\/1001voyagesgourmands.com\/cs\/udoli-aston-pyreneje-jezera-fontargente\/\"]}]},{\"@type\":\"ImageObject\",\"inLanguage\":\"cs\",\"@id\":\"https:\/\/1001voyagesgourmands.com\/cs\/udoli-aston-pyreneje-jezera-fontargente\/#primaryimage\",\"url\":\"https:\/\/1001voyagesgourmands.com\/wp-content\/uploads\/2021\/05\/Hiking-Aston-Valley-Pyrenees-5.jpg\",\"contentUrl\":\"https:\/\/1001voyagesgourmands.com\/wp-content\/uploads\/2021\/05\/Hiking-Aston-Valley-Pyrenees-5.jpg\",\"width\":1170,\"height\":1755,\"caption\":\"Jak jsme si ud\u011blali v\u00fdlet do kr\u00e1sn\u00e9ho \u00fadol\u00ed Aston v Pyrenej\u00edch a str\u00e1vili tak bezva odpoledne v\u00fd\u0161lapem k jezer\u016fm Fontargente.\"},{\"@type\":\"BreadcrumbList\",\"@id\":\"https:\/\/1001voyagesgourmands.com\/cs\/udoli-aston-pyreneje-jezera-fontargente\/#breadcrumb\",\"itemListElement\":[{\"@type\":\"ListItem\",\"position\":1,\"name\":\"Dom\u016f\",\"item\":\"https:\/\/1001voyagesgourmands.com\/cs\/\"},{\"@type\":\"ListItem\",\"position\":2,\"name\":\"V\u00fdletov\u00e1n\u00ed v \u00fadol\u00ed Aston, Pyreneje: Jezera Fontargente\"}]},{\"@type\":\"WebSite\",\"@id\":\"https:\/\/1001voyagesgourmands.com\/cs\/#website\",\"url\":\"https:\/\/1001voyagesgourmands.com\/cs\/\",\"name\":\"1001 Voyages Gourmands\",\"description\":\"Food | Travel | Photography\",\"potentialAction\":[{\"@type\":\"SearchAction\",\"target\":{\"@type\":\"EntryPoint\",\"urlTemplate\":\"https:\/\/1001voyagesgourmands.com\/cs\/?s={search_term_string}\"},\"query-input\":{\"@type\":\"PropertyValueSpecification\",\"valueRequired\":true,\"valueName\":\"search_term_string\"}}],\"inLanguage\":\"cs\"},{\"@type\":\"Person\",\"@id\":\"https:\/\/1001voyagesgourmands.com\/cs\/#\/schema\/person\/62e0e7238fcf7482b23bf83e1b72ff1b\",\"name\":\"Michaela\",\"image\":{\"@type\":\"ImageObject\",\"inLanguage\":\"cs\",\"@id\":\"https:\/\/1001voyagesgourmands.com\/cs\/#\/schema\/person\/image\/\",\"url\":\"https:\/\/secure.gravatar.com\/avatar\/73fa562a5b0ce269ca480f67de504b8ecac054a121d170e226f1b79e02024cb8?s=96&d=mm&r=g\",\"contentUrl\":\"https:\/\/secure.gravatar.com\/avatar\/73fa562a5b0ce269ca480f67de504b8ecac054a121d170e226f1b79e02024cb8?s=96&d=mm&r=g\",\"caption\":\"Michaela\"},\"sameAs\":[\"http:\/\/1001voyagesgourmands.com\"]}]}<\/script>\n<!-- \/ Yoast SEO plugin. -->","yoast_head_json":{"title":"V\u00fdletov\u00e1n\u00ed v \u00fadol\u00ed Aston, Pyreneje: Jezera Fontargente - 1001 Voyages Gourmands","description":"Jak jsme si ud\u011blali v\u00fdlet do kr\u00e1sn\u00e9ho \u00fadol\u00ed Aston v Pyrenej\u00edch a str\u00e1vili tak bezva odpoledne v\u00fd\u0161lapem k jezer\u016fm Fontargente.","robots":{"index":"index","follow":"follow","max-snippet":"max-snippet:-1","max-image-preview":"max-image-preview:large","max-video-preview":"max-video-preview:-1"},"canonical":"https:\/\/1001voyagesgourmands.com\/cs\/udoli-aston-pyreneje-jezera-fontargente\/","og_locale":"cs_CZ","og_type":"article","og_title":"V\u00fdletov\u00e1n\u00ed v \u00fadol\u00ed Aston, Pyreneje: Jezera Fontargente - 1001 Voyages Gourmands","og_description":"Jak jsme si ud\u011blali v\u00fdlet do kr\u00e1sn\u00e9ho \u00fadol\u00ed Aston v Pyrenej\u00edch a str\u00e1vili tak bezva odpoledne v\u00fd\u0161lapem k jezer\u016fm Fontargente.","og_url":"https:\/\/1001voyagesgourmands.com\/cs\/udoli-aston-pyreneje-jezera-fontargente\/","og_site_name":"1001 Voyages Gourmands","article_publisher":"https:\/\/www.facebook.com\/1001voyagesgourmands","article_published_time":"2021-05-27T15:49:21+00:00","article_modified_time":"2021-05-27T19:30:38+00:00","og_image":[{"width":1170,"height":1755,"url":"https:\/\/1001voyagesgourmands.com\/wp-content\/uploads\/2021\/05\/Hiking-Aston-Valley-Pyrenees-5.jpg","type":"image\/jpeg"}],"author":"Michaela","twitter_card":"summary_large_image","twitter_creator":"@michaela_1001vg","twitter_site":"@michaela_1001vg","twitter_misc":{"Napsal(a)":"Michaela","Odhadovan\u00e1 doba \u010dten\u00ed":"10 minut"},"schema":{"@context":"https:\/\/schema.org","@graph":[{"@type":"WebPage","@id":"https:\/\/1001voyagesgourmands.com\/cs\/udoli-aston-pyreneje-jezera-fontargente\/","url":"https:\/\/1001voyagesgourmands.com\/cs\/udoli-aston-pyreneje-jezera-fontargente\/","name":"V\u00fdletov\u00e1n\u00ed v \u00fadol\u00ed Aston, Pyreneje: Jezera Fontargente - 1001 Voyages Gourmands","isPartOf":{"@id":"https:\/\/1001voyagesgourmands.com\/cs\/#website"},"primaryImageOfPage":{"@id":"https:\/\/1001voyagesgourmands.com\/cs\/udoli-aston-pyreneje-jezera-fontargente\/#primaryimage"},"image":{"@id":"https:\/\/1001voyagesgourmands.com\/cs\/udoli-aston-pyreneje-jezera-fontargente\/#primaryimage"},"thumbnailUrl":"https:\/\/1001voyagesgourmands.com\/wp-content\/uploads\/2021\/05\/Hiking-Aston-Valley-Pyrenees-5.jpg","datePublished":"2021-05-27T15:49:21+00:00","dateModified":"2021-05-27T19:30:38+00:00","author":{"@id":"https:\/\/1001voyagesgourmands.com\/cs\/#\/schema\/person\/62e0e7238fcf7482b23bf83e1b72ff1b"},"description":"Jak jsme si ud\u011blali v\u00fdlet do kr\u00e1sn\u00e9ho \u00fadol\u00ed Aston v Pyrenej\u00edch a str\u00e1vili tak bezva odpoledne v\u00fd\u0161lapem k jezer\u016fm Fontargente.","breadcrumb":{"@id":"https:\/\/1001voyagesgourmands.com\/cs\/udoli-aston-pyreneje-jezera-fontargente\/#breadcrumb"},"inLanguage":"cs","potentialAction":[{"@type":"ReadAction","target":["https:\/\/1001voyagesgourmands.com\/cs\/udoli-aston-pyreneje-jezera-fontargente\/"]}]},{"@type":"ImageObject","inLanguage":"cs","@id":"https:\/\/1001voyagesgourmands.com\/cs\/udoli-aston-pyreneje-jezera-fontargente\/#primaryimage","url":"https:\/\/1001voyagesgourmands.com\/wp-content\/uploads\/2021\/05\/Hiking-Aston-Valley-Pyrenees-5.jpg","contentUrl":"https:\/\/1001voyagesgourmands.com\/wp-content\/uploads\/2021\/05\/Hiking-Aston-Valley-Pyrenees-5.jpg","width":1170,"height":1755,"caption":"Jak jsme si ud\u011blali v\u00fdlet do kr\u00e1sn\u00e9ho \u00fadol\u00ed Aston v Pyrenej\u00edch a str\u00e1vili tak bezva odpoledne v\u00fd\u0161lapem k jezer\u016fm Fontargente."},{"@type":"BreadcrumbList","@id":"https:\/\/1001voyagesgourmands.com\/cs\/udoli-aston-pyreneje-jezera-fontargente\/#breadcrumb","itemListElement":[{"@type":"ListItem","position":1,"name":"Dom\u016f","item":"https:\/\/1001voyagesgourmands.com\/cs\/"},{"@type":"ListItem","position":2,"name":"V\u00fdletov\u00e1n\u00ed v \u00fadol\u00ed Aston, Pyreneje: Jezera Fontargente"}]},{"@type":"WebSite","@id":"https:\/\/1001voyagesgourmands.com\/cs\/#website","url":"https:\/\/1001voyagesgourmands.com\/cs\/","name":"1001 Voyages Gourmands","description":"Food | Travel | Photography","potentialAction":[{"@type":"SearchAction","target":{"@type":"EntryPoint","urlTemplate":"https:\/\/1001voyagesgourmands.com\/cs\/?s={search_term_string}"},"query-input":{"@type":"PropertyValueSpecification","valueRequired":true,"valueName":"search_term_string"}}],"inLanguage":"cs"},{"@type":"Person","@id":"https:\/\/1001voyagesgourmands.com\/cs\/#\/schema\/person\/62e0e7238fcf7482b23bf83e1b72ff1b","name":"Michaela","image":{"@type":"ImageObject","inLanguage":"cs","@id":"https:\/\/1001voyagesgourmands.com\/cs\/#\/schema\/person\/image\/","url":"https:\/\/secure.gravatar.com\/avatar\/73fa562a5b0ce269ca480f67de504b8ecac054a121d170e226f1b79e02024cb8?s=96&d=mm&r=g","contentUrl":"https:\/\/secure.gravatar.com\/avatar\/73fa562a5b0ce269ca480f67de504b8ecac054a121d170e226f1b79e02024cb8?s=96&d=mm&r=g","caption":"Michaela"},"sameAs":["http:\/\/1001voyagesgourmands.com"]}]}},"_links":{"self":[{"href":"https:\/\/1001voyagesgourmands.com\/cs\/wp-json\/wp\/v2\/posts\/28347","targetHints":{"allow":["GET"]}}],"collection":[{"href":"https:\/\/1001voyagesgourmands.com\/cs\/wp-json\/wp\/v2\/posts"}],"about":[{"href":"https:\/\/1001voyagesgourmands.com\/cs\/wp-json\/wp\/v2\/types\/post"}],"author":[{"embeddable":true,"href":"https:\/\/1001voyagesgourmands.com\/cs\/wp-json\/wp\/v2\/users\/1"}],"replies":[{"embeddable":true,"href":"https:\/\/1001voyagesgourmands.com\/cs\/wp-json\/wp\/v2\/comments?post=28347"}],"version-history":[{"count":12,"href":"https:\/\/1001voyagesgourmands.com\/cs\/wp-json\/wp\/v2\/posts\/28347\/revisions"}],"predecessor-version":[{"id":29082,"href":"https:\/\/1001voyagesgourmands.com\/cs\/wp-json\/wp\/v2\/posts\/28347\/revisions\/29082"}],"wp:featuredmedia":[{"embeddable":true,"href":"https:\/\/1001voyagesgourmands.com\/cs\/wp-json\/wp\/v2\/media\/29007"}],"wp:attachment":[{"href":"https:\/\/1001voyagesgourmands.com\/cs\/wp-json\/wp\/v2\/media?parent=28347"}],"wp:term":[{"taxonomy":"category","embeddable":true,"href":"https:\/\/1001voyagesgourmands.com\/cs\/wp-json\/wp\/v2\/categories?post=28347"},{"taxonomy":"post_tag","embeddable":true,"href":"https:\/\/1001voyagesgourmands.com\/cs\/wp-json\/wp\/v2\/tags?post=28347"}],"curies":[{"name":"wp","href":"https:\/\/api.w.org\/{rel}","templated":true}]}}