{"id":27610,"date":"2020-11-05T13:47:44","date_gmt":"2020-11-05T12:47:44","guid":{"rendered":"http:\/\/1001voyagesgourmands.com\/?p=27610"},"modified":"2022-10-25T21:17:22","modified_gmt":"2022-10-25T19:17:22","slug":"holandsky-jablecny-kolac","status":"publish","type":"post","link":"https:\/\/1001voyagesgourmands.com\/cs\/holandsky-jablecny-kolac\/","title":{"rendered":"Holandsk\u00fd jable\u010dn\u00fd kol\u00e1\u010d"},"content":{"rendered":"<p style=\"text-align: justify;\">Jakmile skon\u010d\u00ed l\u00e9to, t\u011b\u0161\u00edm se na prvn\u00ed podzimn\u00ed dny, kdy jsou v\u0161ude \u010derstv\u00e1 jablka. N\u011bjak\u00fdm z\u00e1hadn\u00fdm zp\u016fsobem mi to pom\u00e1h\u00e1 nepropadat panice, \u017ee se op\u011bt bl\u00ed\u017e\u00ed ty kr\u00e1tk\u00e9, tmav\u00e9 a studen\u00e9 dny. Krom\u011b samotn\u00e9 p\u0159\u00edm\u00e9 konzumace \u010derstv\u00fdch \u0161\u0165avnat\u00fdch jabl\u00ed\u010dek je tak\u00e9 velice r\u00e1da pou\u017e\u00edv\u00e1m do n\u011bjak\u00fdch t\u011bch pe\u010den\u00fdch dobrot. A proto\u017ee zat\u00edm na blogu t\u011bch jable\u010dn\u00fdch recept\u016f moc nem\u00e1m, je na \u010dase to spravit. Tady je recept na Holandsk\u00fd jable\u010dn\u00fd kol\u00e1\u010d a douf\u00e1m, \u017ee v\u00e1m zp\u0159\u00edjemn\u00ed tyhle kr\u00e1tk\u00e9 a studen\u00e9 podzimn\u00ed dny a ud\u011bl\u00e1 je v\u00edce &#8222;gezellig&#8220; (\u00fatuln\u00e9)!<\/p>\n<p><img loading=\"lazy\" decoding=\"async\" class=\"aligncenter wp-image-27696\" src=\"https:\/\/1001voyagesgourmands.com\/wp-content\/uploads\/2020\/10\/202010_Apple_Cake_final_blog-11-683x1024.jpg\" alt=\"Tady je recept na Holandsk\u00fd jable\u010dn\u00fd kol\u00e1\u010d a douf\u00e1m, \u017ee v\u00e1m zp\u0159\u00edjemn\u00ed tyhle kr\u00e1tk\u00e9 a studen\u00e9 podzimn\u00ed dny a ud\u011bl\u00e1 je v\u00edce &quot;gezellig&quot; (\u00fatuln\u00e9)!\" width=\"962\" height=\"1442\" srcset=\"https:\/\/1001voyagesgourmands.com\/wp-content\/uploads\/2020\/10\/202010_Apple_Cake_final_blog-11-683x1024.jpg 683w, https:\/\/1001voyagesgourmands.com\/wp-content\/uploads\/2020\/10\/202010_Apple_Cake_final_blog-11-200x300.jpg 200w, https:\/\/1001voyagesgourmands.com\/wp-content\/uploads\/2020\/10\/202010_Apple_Cake_final_blog-11-768x1152.jpg 768w, https:\/\/1001voyagesgourmands.com\/wp-content\/uploads\/2020\/10\/202010_Apple_Cake_final_blog-11-1024x1536.jpg 1024w, https:\/\/1001voyagesgourmands.com\/wp-content\/uploads\/2020\/10\/202010_Apple_Cake_final_blog-11-585x878.jpg 585w, https:\/\/1001voyagesgourmands.com\/wp-content\/uploads\/2020\/10\/202010_Apple_Cake_final_blog-11.jpg 1170w\" sizes=\"auto, (max-width: 962px) 100vw, 962px\" \/><\/p>\n<p style=\"text-align: justify;\">Doma jablka zbo\u017e\u0148ujeme a sna\u017e\u00edme se ka\u017ed\u00fd den sn\u00edst jedno. Adelince je strouh\u00e1m jen tak nebo do ka\u0161i\u010dky ke sn\u00eddani se sko\u0159ic\u00ed. Jako d\u00edt\u011b jsem m\u011bla jablka cel\u00fd podzim doma a\u017e a\u017e &#8211; na zahrad\u011b bylo plno jable\u010dn\u00fdch strom\u016f. Dnes se sna\u017e\u00edm je kupovat na trz\u00edch pokud m\u00e1m tu mo\u017enost. No a n\u011bkdy, kdy\u017e m\u00e1me \u0161t\u011bst\u00ed, dostaneme od zn\u00e1m\u00fdch ze zahr\u00e1dky, jako minul\u00fd t\u00fdden kdy jsme dostali z\u00e1silku \u010derstv\u00fdch jabl\u00ed\u010dek od rodinn\u00e9 p\u0159\u00edtelkyn\u011b, jej\u00ed\u017e kolega jich m\u011bl ze zahrady tolik, \u017ee nev\u011bd\u011bl, co s nima. Bylo jich plno, a tak jsem si \u0159ekla, \u017ee n\u011bco upe\u010du. A proto\u017ee <a href=\"http:\/\/1001voyagesgourmands.com\/cs\/jablecny-strudl\/\" target=\"_blank\" rel=\"noopener noreferrer\">\u0161tr\u00fadl<\/a> nebo <a href=\"http:\/\/1001voyagesgourmands.com\/cs\/skoricove-muffiny-jablky\/\" target=\"_blank\" rel=\"noopener noreferrer\">na\u0161e milovan\u00e9 jable\u010dn\u00e9 muffiny<\/a> pe\u010du \u010dasto, ud\u011bl\u00e1m pro zm\u011bnu Stevenovi Holandsk\u00fd jable\u010dn\u00fd kol\u00e1\u010d.<\/p>\n<p><img loading=\"lazy\" decoding=\"async\" class=\"aligncenter wp-image-27690\" src=\"https:\/\/1001voyagesgourmands.com\/wp-content\/uploads\/2020\/10\/202010_Apple_Cake_final_blog-3-2-683x1024.jpg\" alt=\"Tady je recept na Holandsk\u00fd jable\u010dn\u00fd kol\u00e1\u010d a douf\u00e1m, \u017ee v\u00e1m zp\u0159\u00edjemn\u00ed tyhle kr\u00e1tk\u00e9 a studen\u00e9 podzimn\u00ed dny a ud\u011bl\u00e1 je v\u00edce &quot;gezellig&quot; (\u00fatuln\u00e9)!\" width=\"921\" height=\"1381\" srcset=\"https:\/\/1001voyagesgourmands.com\/wp-content\/uploads\/2020\/10\/202010_Apple_Cake_final_blog-3-2-683x1024.jpg 683w, https:\/\/1001voyagesgourmands.com\/wp-content\/uploads\/2020\/10\/202010_Apple_Cake_final_blog-3-2-200x300.jpg 200w, https:\/\/1001voyagesgourmands.com\/wp-content\/uploads\/2020\/10\/202010_Apple_Cake_final_blog-3-2-768x1152.jpg 768w, https:\/\/1001voyagesgourmands.com\/wp-content\/uploads\/2020\/10\/202010_Apple_Cake_final_blog-3-2-1024x1536.jpg 1024w, https:\/\/1001voyagesgourmands.com\/wp-content\/uploads\/2020\/10\/202010_Apple_Cake_final_blog-3-2-585x878.jpg 585w, https:\/\/1001voyagesgourmands.com\/wp-content\/uploads\/2020\/10\/202010_Apple_Cake_final_blog-3-2.jpg 1170w\" sizes=\"auto, (max-width: 921px) 100vw, 921px\" \/><\/p>\n<p><img loading=\"lazy\" decoding=\"async\" class=\"aligncenter wp-image-27688\" src=\"https:\/\/1001voyagesgourmands.com\/wp-content\/uploads\/2020\/10\/202010_Apple_Cake_final_blog_collage-1-724x1024.jpg\" alt=\"Tady je recept na Holandsk\u00fd jable\u010dn\u00fd kol\u00e1\u010d a douf\u00e1m, \u017ee v\u00e1m zp\u0159\u00edjemn\u00ed tyhle kr\u00e1tk\u00e9 a studen\u00e9 podzimn\u00ed dny a ud\u011bl\u00e1 je v\u00edce &quot;gezellig&quot; (\u00fatuln\u00e9)!\" width=\"845\" height=\"1195\" srcset=\"https:\/\/1001voyagesgourmands.com\/wp-content\/uploads\/2020\/10\/202010_Apple_Cake_final_blog_collage-1-724x1024.jpg 724w, https:\/\/1001voyagesgourmands.com\/wp-content\/uploads\/2020\/10\/202010_Apple_Cake_final_blog_collage-1-212x300.jpg 212w, https:\/\/1001voyagesgourmands.com\/wp-content\/uploads\/2020\/10\/202010_Apple_Cake_final_blog_collage-1-768x1086.jpg 768w, https:\/\/1001voyagesgourmands.com\/wp-content\/uploads\/2020\/10\/202010_Apple_Cake_final_blog_collage-1-1086x1536.jpg 1086w, https:\/\/1001voyagesgourmands.com\/wp-content\/uploads\/2020\/10\/202010_Apple_Cake_final_blog_collage-1-585x828.jpg 585w, https:\/\/1001voyagesgourmands.com\/wp-content\/uploads\/2020\/10\/202010_Apple_Cake_final_blog_collage-1.jpg 1170w\" sizes=\"auto, (max-width: 845px) 100vw, 845px\" \/><\/p>\n<p><img loading=\"lazy\" decoding=\"async\" class=\"aligncenter wp-image-27692\" src=\"https:\/\/1001voyagesgourmands.com\/wp-content\/uploads\/2020\/10\/202010_Apple_Cake_final_blog-4-1-683x1024.jpg\" alt=\"Tady je recept na Holandsk\u00fd jable\u010dn\u00fd kol\u00e1\u010d a douf\u00e1m, \u017ee v\u00e1m zp\u0159\u00edjemn\u00ed tyhle kr\u00e1tk\u00e9 a studen\u00e9 podzimn\u00ed dny a ud\u011bl\u00e1 je v\u00edce &quot;gezellig&quot; (\u00fatuln\u00e9)!\" width=\"843\" height=\"1264\" srcset=\"https:\/\/1001voyagesgourmands.com\/wp-content\/uploads\/2020\/10\/202010_Apple_Cake_final_blog-4-1-683x1024.jpg 683w, https:\/\/1001voyagesgourmands.com\/wp-content\/uploads\/2020\/10\/202010_Apple_Cake_final_blog-4-1-200x300.jpg 200w, https:\/\/1001voyagesgourmands.com\/wp-content\/uploads\/2020\/10\/202010_Apple_Cake_final_blog-4-1-768x1152.jpg 768w, https:\/\/1001voyagesgourmands.com\/wp-content\/uploads\/2020\/10\/202010_Apple_Cake_final_blog-4-1-1024x1536.jpg 1024w, https:\/\/1001voyagesgourmands.com\/wp-content\/uploads\/2020\/10\/202010_Apple_Cake_final_blog-4-1-585x878.jpg 585w, https:\/\/1001voyagesgourmands.com\/wp-content\/uploads\/2020\/10\/202010_Apple_Cake_final_blog-4-1.jpg 1170w\" sizes=\"auto, (max-width: 843px) 100vw, 843px\" \/><\/p>\n<p style=\"text-align: justify;\">Kdy\u017e jsem hledala recepty na klasick\u00fd holandsk\u00fd jable\u010dn\u00fd kol\u00e1\u010d, na\u0161la jsem r\u016fzn\u00e9 verze. Tak jsem si vzala z ka\u017ed\u00e9ho n\u011bco a ud\u011blala to podle sv\u00fdch vzpom\u00ednek, kdykoliv jsem si tenhle jable\u010dn\u00fd kol\u00e1\u010d v Holandsku d\u00e1vala. A v\u011bt\u0161inou byl z dvojit\u00e9ho korpusu a s rozinkama. Ty jsem v\u0161ak vynechala, proto\u017ee jsme je doma nem\u011bli a kdybych pro n\u011b jela do obchodu, tak bych ho nestihla nafotit, dokud bylo sv\u011btlo (tak\u017ee sorry Steven, \u017ee je bez rozinek.). \ud83d\ude00 Vy tam v\u0161ak rozinky p\u0159idejte, pokud je m\u00e1te r\u00e1di! No a m\u016f\u017eete si ho ud\u011blat i z jednoduch\u00e9ho korpusu, tzn. jen spodn\u00ed korpus, na kter\u00fd nakladete n\u00e1pl\u0148 a pot\u00e9 posypete t\u0159eba drobenkou &#8211; to pak ud\u011blejte z receptu t\u011bsto jen z polovi\u010dn\u00ed d\u00e1vky surovin a nav\u00edc p\u0159id\u011blejte drobenku.<\/p>\n<p><img loading=\"lazy\" decoding=\"async\" class=\"aligncenter wp-image-27694\" src=\"https:\/\/1001voyagesgourmands.com\/wp-content\/uploads\/2020\/10\/202010_Apple_Cake_final_blog-10-1-683x1024.jpg\" alt=\"Tady je recept na Holandsk\u00fd jable\u010dn\u00fd kol\u00e1\u010d a douf\u00e1m, \u017ee v\u00e1m zp\u0159\u00edjemn\u00ed tyhle kr\u00e1tk\u00e9 a studen\u00e9 podzimn\u00ed dny a ud\u011bl\u00e1 je v\u00edce &quot;gezellig&quot; (\u00fatuln\u00e9)!\" width=\"862\" height=\"1292\" srcset=\"https:\/\/1001voyagesgourmands.com\/wp-content\/uploads\/2020\/10\/202010_Apple_Cake_final_blog-10-1-683x1024.jpg 683w, https:\/\/1001voyagesgourmands.com\/wp-content\/uploads\/2020\/10\/202010_Apple_Cake_final_blog-10-1-200x300.jpg 200w, https:\/\/1001voyagesgourmands.com\/wp-content\/uploads\/2020\/10\/202010_Apple_Cake_final_blog-10-1-768x1152.jpg 768w, https:\/\/1001voyagesgourmands.com\/wp-content\/uploads\/2020\/10\/202010_Apple_Cake_final_blog-10-1-1024x1536.jpg 1024w, https:\/\/1001voyagesgourmands.com\/wp-content\/uploads\/2020\/10\/202010_Apple_Cake_final_blog-10-1-585x878.jpg 585w, https:\/\/1001voyagesgourmands.com\/wp-content\/uploads\/2020\/10\/202010_Apple_Cake_final_blog-10-1.jpg 1170w\" sizes=\"auto, (max-width: 862px) 100vw, 862px\" \/><\/p>\n<p><img loading=\"lazy\" decoding=\"async\" class=\"aligncenter wp-image-27702\" src=\"https:\/\/1001voyagesgourmands.com\/wp-content\/uploads\/2020\/10\/202010_Apple_Cake_final_blog-16-683x1024.jpg\" alt=\"Tady je recept na Holandsk\u00fd jable\u010dn\u00fd kol\u00e1\u010d a douf\u00e1m, \u017ee v\u00e1m zp\u0159\u00edjemn\u00ed tyhle kr\u00e1tk\u00e9 a studen\u00e9 podzimn\u00ed dny a ud\u011bl\u00e1 je v\u00edce &quot;gezellig&quot; (\u00fatuln\u00e9)!\" width=\"1019\" height=\"1528\" srcset=\"https:\/\/1001voyagesgourmands.com\/wp-content\/uploads\/2020\/10\/202010_Apple_Cake_final_blog-16-683x1024.jpg 683w, https:\/\/1001voyagesgourmands.com\/wp-content\/uploads\/2020\/10\/202010_Apple_Cake_final_blog-16-200x300.jpg 200w, https:\/\/1001voyagesgourmands.com\/wp-content\/uploads\/2020\/10\/202010_Apple_Cake_final_blog-16-768x1152.jpg 768w, https:\/\/1001voyagesgourmands.com\/wp-content\/uploads\/2020\/10\/202010_Apple_Cake_final_blog-16-1024x1536.jpg 1024w, https:\/\/1001voyagesgourmands.com\/wp-content\/uploads\/2020\/10\/202010_Apple_Cake_final_blog-16-585x878.jpg 585w, https:\/\/1001voyagesgourmands.com\/wp-content\/uploads\/2020\/10\/202010_Apple_Cake_final_blog-16.jpg 1170w\" sizes=\"auto, (max-width: 1019px) 100vw, 1019px\" \/><\/p>\n<p><img loading=\"lazy\" decoding=\"async\" class=\"aligncenter wp-image-27704\" src=\"https:\/\/1001voyagesgourmands.com\/wp-content\/uploads\/2020\/10\/202010_Apple_Cake_final_blog-18-683x1024.jpg\" alt=\"Tady je recept na Holandsk\u00fd jable\u010dn\u00fd kol\u00e1\u010d a douf\u00e1m, \u017ee v\u00e1m zp\u0159\u00edjemn\u00ed tyhle kr\u00e1tk\u00e9 a studen\u00e9 podzimn\u00ed dny a ud\u011bl\u00e1 je v\u00edce &quot;gezellig&quot; (\u00fatuln\u00e9)!\" width=\"860\" height=\"1289\" srcset=\"https:\/\/1001voyagesgourmands.com\/wp-content\/uploads\/2020\/10\/202010_Apple_Cake_final_blog-18-683x1024.jpg 683w, https:\/\/1001voyagesgourmands.com\/wp-content\/uploads\/2020\/10\/202010_Apple_Cake_final_blog-18-200x300.jpg 200w, https:\/\/1001voyagesgourmands.com\/wp-content\/uploads\/2020\/10\/202010_Apple_Cake_final_blog-18-768x1152.jpg 768w, https:\/\/1001voyagesgourmands.com\/wp-content\/uploads\/2020\/10\/202010_Apple_Cake_final_blog-18-1024x1536.jpg 1024w, https:\/\/1001voyagesgourmands.com\/wp-content\/uploads\/2020\/10\/202010_Apple_Cake_final_blog-18-585x878.jpg 585w, https:\/\/1001voyagesgourmands.com\/wp-content\/uploads\/2020\/10\/202010_Apple_Cake_final_blog-18.jpg 1170w\" sizes=\"auto, (max-width: 860px) 100vw, 860px\" \/><\/p>\n<p><img loading=\"lazy\" decoding=\"async\" class=\"aligncenter wp-image-27700\" src=\"https:\/\/1001voyagesgourmands.com\/wp-content\/uploads\/2020\/10\/202010_Apple_Cake_final_blog-15-683x1024.jpg\" alt=\"Tady je recept na Holandsk\u00fd jable\u010dn\u00fd kol\u00e1\u010d a douf\u00e1m, \u017ee v\u00e1m zp\u0159\u00edjemn\u00ed tyhle kr\u00e1tk\u00e9 a studen\u00e9 podzimn\u00ed dny a ud\u011bl\u00e1 je v\u00edce &quot;gezellig&quot; (\u00fatuln\u00e9)!\" width=\"827\" height=\"1240\" srcset=\"https:\/\/1001voyagesgourmands.com\/wp-content\/uploads\/2020\/10\/202010_Apple_Cake_final_blog-15-683x1024.jpg 683w, https:\/\/1001voyagesgourmands.com\/wp-content\/uploads\/2020\/10\/202010_Apple_Cake_final_blog-15-200x300.jpg 200w, https:\/\/1001voyagesgourmands.com\/wp-content\/uploads\/2020\/10\/202010_Apple_Cake_final_blog-15-768x1152.jpg 768w, https:\/\/1001voyagesgourmands.com\/wp-content\/uploads\/2020\/10\/202010_Apple_Cake_final_blog-15-1024x1536.jpg 1024w, https:\/\/1001voyagesgourmands.com\/wp-content\/uploads\/2020\/10\/202010_Apple_Cake_final_blog-15-585x878.jpg 585w, https:\/\/1001voyagesgourmands.com\/wp-content\/uploads\/2020\/10\/202010_Apple_Cake_final_blog-15.jpg 1170w\" sizes=\"auto, (max-width: 827px) 100vw, 827px\" \/><\/p>\n<p style=\"text-align: justify;\">Tady je recept na Holandsk\u00fd jable\u010dn\u00fd kol\u00e1\u010d a pokud ho zkus\u00edte, dejte mi prost\u0159ednictv\u00edm koment\u00e1\u0159\u016f v\u011bd\u011bt, jak se povedl. A nezapome\u0148te se pochlubit fotkou na <a href=\"https:\/\/www.instagram.com\/1001voyagesgourmands\/\" target=\"_blank\" rel=\"noopener noreferrer\">Instagramu<\/a> \u010di <a href=\"https:\/\/facebook.com\/1001voyagesgourmands\/\" target=\"_blank\" rel=\"noopener noreferrer\">Facebooku<\/a>!<\/p>\n<p>Tip na serv\u00edrov\u00e1n\u00ed: kol\u00e1\u010d je lep\u0161\u00ed je\u0161t\u011b trochu tepl\u00fd a t\u0159eba s vanilkovou zmrzlinou nebo \u0161leha\u010dkou pokud ji m\u00e1te r\u00e1di.<\/p>\n    <div id=\"penci-recipe-card\"><\/div>\r\n    <div class=\"wrapper-penci-recipe\">\r\n        <div class=\"penci-recipe penci-recipe-novertitle precipe-style-1\">\r\n            <div class=\"penci-recipe-heading\">\r\n\r\n\t\t\t\t\t\t\t\t\t                    <div class=\"penci-recipe-thumb\">\r\n\t\t\t\t\t\t                        <img decoding=\"async\" src=\"https:\/\/1001voyagesgourmands.com\/wp-content\/uploads\/2020\/10\/202010_Apple_Cake_final_blog-10-1-585x585.jpg\"\r\n                             alt=\"Tady je recept na Holandsk\u00fd jable\u010dn\u00fd kol\u00e1\u010d a douf\u00e1m, \u017ee v\u00e1m zp\u0159\u00edjemn\u00ed tyhle kr\u00e1tk\u00e9 a studen\u00e9 podzimn\u00ed dny a ud\u011bl\u00e1 je v\u00edce &quot;gezellig&quot; (\u00fatuln\u00e9)!\" title=\"Holandsky_jablecny_kolac\" \/>\r\n\t\t\t\t\t\t\t\t\t\t\t\t\t\t\t\t\t\t\t\t\t\t\t\t                    <\/div>\r\n\t\t\t\t\r\n                <div class=\"penci-recipe-metades\">\r\n\t\t\t\t\t                        <h2 class=\"recipe-title-nooverlay\">Holandsk\u00fd jable\u010dn\u00fd kol\u00e1\u010d<\/h2>\r\n\t\t\t\t\t\r\n\t\t\t\t\t                        <a href=\"#\" class=\"penci-recipe-print-btn penci-recipe-print\"\r\n                           data-print=\"https:\/\/1001voyagesgourmands.com\/wp-content\/plugins\/penci-recipe\/inc\/print.css?ver=4.0\"><i class=\"penci-faicon fa fa-print\" ><\/i>Print<\/a>\r\n\t\t\t\t\t\r\n\t\t\t\t\t\r\n\t\t\t\t\t\r\n\t\t\t\t\t                        <div class=\"penci-recipe-rating penci-nutrition\">\r\n                            <i class=\"penci-ficon ficon-fire\"><\/i><span\r\n                                    class=\"nutrition-lable\">Nutrition facts:<\/span>\r\n                            <span class=\"nutrition-item\">200 calories<\/span>\r\n                            <span class=\"nutrition-item\">20 grams fat<\/span>\r\n                        <\/div>\r\n\t\t\t\t\t\r\n\t\t\t\t\t                        <div class=\"penci-recipe-rating penci-recipe-review\" data-recipe-id=\"27610\">\r\n\t\t\t\t\t\t\t<span class=\"penci-rate-text\">\r\n\t\t\t\t\t\t\t\tRating: \t\t\t\t\t\t\t\t<span class=\"penci-rate-number\">5.0<\/span>\/5\r\n\t\t\t\t\t\t\t<\/span>\r\n                            <div class=\"penci_rateyo\" id=\"penci_rateyo\" data-allow=\"1\"\r\n                                 data-rate=\"5.0\"\r\n                                 data-postid=\"27610\"\r\n                                 data-people=\"1\"\r\n                                 data-total=\"5\"><\/div>\r\n                            <span class=\"penci-numbers-rate\">( <span\r\n                                        class=\"penci-number-people\">1<\/span> voted )<\/span>\r\n                        <\/div>\r\n\t\t\t\t\t                <\/div>\r\n            <\/div>\r\n\r\n\t\t\t\r\n\t\t\t                <div class=\"penci-recipe-ingredients penci-recipe-ingre-visual\">\r\n                    <h3 class=\"penci-recipe-title\">Ingredients<\/h3>\r\n\t\t\t\t\t\t\t\t\t\t\t<p>NA KOL\u00c1\u010cOV\u00c9 T\u011aSTO:<br \/>\n300 g hladk\u00e9 mouky<br \/>\n\u00bc l\u017ei\u010dky soli<br \/>\n2 l\u017e\u00edce krystalov\u00e9ho cukru<br \/>\n200 g studen\u00e9ho m\u00e1sla, nakr\u00e1jen\u00e9ho na kostky<br \/>\n1 vejce<br \/>\n2-3 l\u017e\u00edce studen\u00e9 vody<br \/>\nNA N\u00c1PL\u0147:<br \/>\n1 kg jablek (typu Granny Smith \u010di Elstar)<br \/>\n1 l\u017e\u00edce \u010derstv\u011b vyma\u010dkan\u00e9 citronov\u00e9 \u0161\u0165\u00e1vy<br \/>\n70 g t\u0159tinov\u00e9ho cukru<br \/>\n3 l\u017e\u00edce mouky<br \/>\n2 l\u017ei\u010dky mlet\u00e9 sko\u0159ice<br \/>\n\u00bd l\u017ei\u010dky mlet\u00e9ho kardamomu<br \/>\nhrst rozinek<br \/>\n3 l\u017e\u00edce strouhanky<br \/>\n1 vejce roz\u0161lehan\u00e9 s 1 l\u017e\u00edc\u00ed vody a \u0161petkou soli na pot\u0159en\u00ed<br \/>\ncukr mou\u010dka, vanilkov\u00e1 zmrzlina \u010di \u0161leha\u010dka na pod\u00e1v\u00e1n\u00ed<\/p>\n\t\t\t\t\t                <\/div>\r\n\t\t\t\r\n\t\t\t                <div class=\"penci-recipe-method\">\r\n                    <h3 class=\"penci-recipe-title\">Instructions<\/h3>\r\n\t\t\t\t\t<p>KOL\u00c1\u010cOV\u00c9 T\u011aSTO<\/p>\n<p>Ve velk\u00e9 m\u00edse sm\u00edch\u00e1me mouku se sol\u00ed a cukrem. P\u0159id\u00e1me na kostky nakr\u00e1jen\u00e9 studen\u00e9 m\u00e1slo a rychle bu\u010f v robotu nebo prsty vypracujeme na homogenn\u00ed hrudkovitou sm\u011bs. Nakonec p\u0159id\u00e1me vejce a studenou vodu a propracujeme na hladk\u00e9 t\u011bsto, kter\u00e9 zabal\u00edme do potravinov\u00e9 f\u00f3lie a d\u00e1me vychladit do lednice.<\/p>\n<p>N\u00c1PL\u0147<\/p>\n<p>Jablka oloupeme, nakr\u00e1j\u00edme na \u010dtvrtky a ka\u017edou \u010dtvrtku pak na tenk\u00e9 pl\u00e1tky. Ty d\u00e1me do velk\u00e9 m\u00edsy a zalejeme je citronovou \u0161\u0165\u00e1vou. V men\u0161\u00ed misti\u010dce sm\u00edch\u00e1me cukr s moukou, sko\u0159ic\u00ed a kardamomem a posypeme sm\u011bs\u00ed jablka. Nakonec p\u0159id\u00e1me rozinky a v\u011be dob\u0159e prom\u00edch\u00e1me.&nbsp;<\/p>\n<p>KOL\u00c1\u010c<\/p>\n<p>Vynd\u00e1me kol\u00e1\u010dov\u00e9 t\u011bsto z lednice a nech\u00e1me chv\u00edli zm\u011bknout na pokojov\u00e9 teplot\u011b. Mezit\u00edm p\u0159edeh\u0159ejeme troubu na 180\u00b0C a vyma\u017eeme hlub\u0161\u00ed kulatou kol\u00e1\u010dovou formu a posypeme j\u00ed moukou nebo ji vylo\u017e\u00edme pe\u010d\u00edc\u00edm pap\u00edrem (resp. m\u016f\u017eeme pak t\u011bsto vyv\u00e1let na pap\u00edru a p\u0159en\u00e9st ho do formy ji\u017e s n\u00edm).<\/p>\n<p>T\u011bsto rozd\u011bl\u00edme na dv\u011b \u010d\u00e1sti (2:1) a tu v\u011bt\u0161\u00ed vyv\u00e1l\u00edme minim\u00e1ln\u011b na pr\u016fm\u011br kol\u00e1\u010dov\u00e9 formy v\u010detn\u011b okraj\u016f. Nabal\u00edme na v\u00e1le\u010dek a p\u0159eneseme nad formu, kterou vylo\u017e\u00edme vyv\u00e1len\u00fdm t\u011bstem a\u017e po okraje (mohou trochu p\u0159e\u010dn\u00edvat, ty pak odkroj\u00edme a spoj\u00edme se zbyl\u00fdm t\u011bstem).<\/p>\n<p>Dno posypeme strouhankou a pot\u00e9 poklademe jable\u010dnou n\u00e1pln\u00ed.<\/p>\n<p>Vyv\u00e1l\u00edme druhou \u010d\u00e1st t\u011bsta a vykr\u00e1j\u00edme z n\u011bj m\u0159\u00ed\u017eku, kterou poklademe na vrch aby p\u0159ekryla jable\u010dnou n\u00e1pl\u0148. Pot\u0159eme vaj\u00ed\u010dkem roz\u0161lehan\u00fdm s vodou a sol\u00ed.<\/p>\n<p>D\u00e1me p\u00e9ct do vyh\u0159\u00e1t\u00e9 trouby a pe\u010deme 60-80 minut nebo dokud kol\u00e1\u010d na povrchu nezezl\u00e1tne a jablka uvnit\u0159 nejsou m\u011bkk\u00e1.&nbsp;<\/p>\n<p>Po upe\u010den\u00ed nech\u00e1me p\u016fl hodiny vychladnout a pod\u00e1v\u00e1me posypan\u00fd mou\u010dkov\u00fdm cukrem, s kope\u010dkem vanilkov\u00e9 zmrzliny \u010di \u0161leha\u010dky.<\/p>\n                <\/div>\r\n\t\t\t\r\n\t\t\t                <div class=\"penci-recipe-notes penci-recipe-notes-novisual\">\r\n                    <h3 class=\"penci-recipe-title\">Notes<\/h3>\r\n\t\t\t\t\t                        <p>T\u011bsto si m\u016f\u017eete p\u0159ipravit den dop\u0159edu, nech\u00e1te ho v lednici a druh\u00fd den p\u0159iprav\u00edte n\u00e1pl\u0148 a ud\u011bl\u00e1te samotn\u00fd kol\u00e1\u010d.<\/p>\r\n\t\t\t\t\t                <\/div>\r\n\t\t\t        <\/div>\r\n    <\/div>\r\n\t\r\n\t\n","protected":false},"excerpt":{"rendered":"<p>Jakmile skon\u010d\u00ed l\u00e9to, t\u011b\u0161\u00edm se na prvn\u00ed podzimn\u00ed dny, kdy jsou v\u0161ude \u010derstv\u00e1 jablka. N\u011bjak\u00fdm z\u00e1hadn\u00fdm zp\u016fsobem mi to pom\u00e1h\u00e1 nepropadat panice, \u017ee se op\u011bt bl\u00ed\u017e\u00ed ty kr\u00e1tk\u00e9, tmav\u00e9 a studen\u00e9 dny. Krom\u011b samotn\u00e9 p\u0159\u00edm\u00e9 konzumace \u010derstv\u00fdch \u0161\u0165avnat\u00fdch jabl\u00ed\u010dek je tak\u00e9 velice r\u00e1da pou\u017e\u00edv\u00e1m do n\u011bjak\u00fdch t\u011bch pe\u010den\u00fdch dobrot. A&hellip;<\/p>\n","protected":false},"author":1,"featured_media":27694,"comment_status":"open","ping_status":"open","sticky":false,"template":"","format":"standard","meta":{"_exactmetrics_skip_tracking":false,"_exactmetrics_sitenote_active":false,"_exactmetrics_sitenote_note":"","_exactmetrics_sitenote_category":0,"_lmt_disableupdate":"","_lmt_disable":"","footnotes":""},"categories":[21,12],"tags":[],"class_list":["post-27610","post","type-post","status-publish","format-standard","has-post-thumbnail","hentry","category-kolace-dorty","category-recepty"],"yoast_head":"<!-- This site is optimized with the Yoast SEO plugin v26.1.1 - https:\/\/yoast.com\/wordpress\/plugins\/seo\/ -->\n<title>Holandsk\u00fd jable\u010dn\u00fd kol\u00e1\u010d - 1001 Voyages Gourmands<\/title>\n<meta name=\"description\" content=\"Tady je recept na Holandsk\u00fd jable\u010dn\u00fd kol\u00e1\u010d a douf\u00e1m, \u017ee v\u00e1m zp\u0159\u00edjemn\u00ed tyhle kr\u00e1tk\u00e9 a studen\u00e9 podzimn\u00ed dny a ud\u011bl\u00e1 je v\u00edce &quot;gezellig&quot; (\u00fatuln\u00e9)!\" \/>\n<meta name=\"robots\" content=\"index, follow, max-snippet:-1, max-image-preview:large, max-video-preview:-1\" \/>\n<link rel=\"canonical\" href=\"https:\/\/1001voyagesgourmands.com\/cs\/holandsky-jablecny-kolac\/\" \/>\n<meta property=\"og:locale\" content=\"cs_CZ\" \/>\n<meta property=\"og:type\" content=\"article\" \/>\n<meta property=\"og:title\" content=\"Holandsk\u00fd jable\u010dn\u00fd kol\u00e1\u010d - 1001 Voyages Gourmands\" \/>\n<meta property=\"og:description\" content=\"Tady je recept na Holandsk\u00fd jable\u010dn\u00fd kol\u00e1\u010d a douf\u00e1m, \u017ee v\u00e1m zp\u0159\u00edjemn\u00ed tyhle kr\u00e1tk\u00e9 a studen\u00e9 podzimn\u00ed dny a ud\u011bl\u00e1 je v\u00edce &quot;gezellig&quot; (\u00fatuln\u00e9)!\" \/>\n<meta property=\"og:url\" content=\"https:\/\/1001voyagesgourmands.com\/cs\/holandsky-jablecny-kolac\/\" \/>\n<meta property=\"og:site_name\" content=\"1001 Voyages Gourmands\" \/>\n<meta property=\"article:publisher\" content=\"https:\/\/www.facebook.com\/1001voyagesgourmands\" \/>\n<meta property=\"article:published_time\" content=\"2020-11-05T12:47:44+00:00\" \/>\n<meta property=\"article:modified_time\" content=\"2022-10-25T19:17:22+00:00\" \/>\n<meta property=\"og:image\" content=\"https:\/\/1001voyagesgourmands.com\/wp-content\/uploads\/2020\/10\/202010_Apple_Cake_final_blog-10-1.jpg\" \/>\n\t<meta property=\"og:image:width\" content=\"1170\" \/>\n\t<meta property=\"og:image:height\" content=\"1755\" \/>\n\t<meta property=\"og:image:type\" content=\"image\/jpeg\" \/>\n<meta name=\"author\" content=\"Michaela\" \/>\n<meta name=\"twitter:card\" content=\"summary_large_image\" \/>\n<meta name=\"twitter:creator\" content=\"@michaela_1001vg\" \/>\n<meta name=\"twitter:site\" content=\"@michaela_1001vg\" \/>\n<meta name=\"twitter:label1\" content=\"Napsal(a)\" \/>\n\t<meta name=\"twitter:data1\" content=\"Michaela\" \/>\n\t<meta name=\"twitter:label2\" content=\"Odhadovan\u00e1 doba \u010dten\u00ed\" \/>\n\t<meta name=\"twitter:data2\" content=\"3 minuty\" \/>\n<script type=\"application\/ld+json\" class=\"yoast-schema-graph\">{\"@context\":\"https:\/\/schema.org\",\"@graph\":[{\"@type\":\"WebPage\",\"@id\":\"https:\/\/1001voyagesgourmands.com\/cs\/holandsky-jablecny-kolac\/\",\"url\":\"https:\/\/1001voyagesgourmands.com\/cs\/holandsky-jablecny-kolac\/\",\"name\":\"Holandsk\u00fd jable\u010dn\u00fd kol\u00e1\u010d - 1001 Voyages Gourmands\",\"isPartOf\":{\"@id\":\"https:\/\/1001voyagesgourmands.com\/cs\/#website\"},\"primaryImageOfPage\":{\"@id\":\"https:\/\/1001voyagesgourmands.com\/cs\/holandsky-jablecny-kolac\/#primaryimage\"},\"image\":{\"@id\":\"https:\/\/1001voyagesgourmands.com\/cs\/holandsky-jablecny-kolac\/#primaryimage\"},\"thumbnailUrl\":\"https:\/\/1001voyagesgourmands.com\/wp-content\/uploads\/2020\/10\/202010_Apple_Cake_final_blog-10-1.jpg\",\"datePublished\":\"2020-11-05T12:47:44+00:00\",\"dateModified\":\"2022-10-25T19:17:22+00:00\",\"author\":{\"@id\":\"https:\/\/1001voyagesgourmands.com\/cs\/#\/schema\/person\/62e0e7238fcf7482b23bf83e1b72ff1b\"},\"description\":\"Tady je recept na Holandsk\u00fd jable\u010dn\u00fd kol\u00e1\u010d a douf\u00e1m, \u017ee v\u00e1m zp\u0159\u00edjemn\u00ed tyhle kr\u00e1tk\u00e9 a studen\u00e9 podzimn\u00ed dny a ud\u011bl\u00e1 je v\u00edce \\\"gezellig\\\" (\u00fatuln\u00e9)!\",\"breadcrumb\":{\"@id\":\"https:\/\/1001voyagesgourmands.com\/cs\/holandsky-jablecny-kolac\/#breadcrumb\"},\"inLanguage\":\"cs\",\"potentialAction\":[{\"@type\":\"ReadAction\",\"target\":[\"https:\/\/1001voyagesgourmands.com\/cs\/holandsky-jablecny-kolac\/\"]}]},{\"@type\":\"ImageObject\",\"inLanguage\":\"cs\",\"@id\":\"https:\/\/1001voyagesgourmands.com\/cs\/holandsky-jablecny-kolac\/#primaryimage\",\"url\":\"https:\/\/1001voyagesgourmands.com\/wp-content\/uploads\/2020\/10\/202010_Apple_Cake_final_blog-10-1.jpg\",\"contentUrl\":\"https:\/\/1001voyagesgourmands.com\/wp-content\/uploads\/2020\/10\/202010_Apple_Cake_final_blog-10-1.jpg\",\"width\":1170,\"height\":1755,\"caption\":\"Tady je recept na Holandsk\u00fd jable\u010dn\u00fd kol\u00e1\u010d a douf\u00e1m, \u017ee v\u00e1m zp\u0159\u00edjemn\u00ed tyhle kr\u00e1tk\u00e9 a studen\u00e9 podzimn\u00ed dny a ud\u011bl\u00e1 je v\u00edce \\\"gezellig\\\" (\u00fatuln\u00e9)!\"},{\"@type\":\"BreadcrumbList\",\"@id\":\"https:\/\/1001voyagesgourmands.com\/cs\/holandsky-jablecny-kolac\/#breadcrumb\",\"itemListElement\":[{\"@type\":\"ListItem\",\"position\":1,\"name\":\"Dom\u016f\",\"item\":\"https:\/\/1001voyagesgourmands.com\/cs\/\"},{\"@type\":\"ListItem\",\"position\":2,\"name\":\"Holandsk\u00fd jable\u010dn\u00fd kol\u00e1\u010d\"}]},{\"@type\":\"WebSite\",\"@id\":\"https:\/\/1001voyagesgourmands.com\/cs\/#website\",\"url\":\"https:\/\/1001voyagesgourmands.com\/cs\/\",\"name\":\"1001 Voyages Gourmands\",\"description\":\"Food | Travel | Photography\",\"potentialAction\":[{\"@type\":\"SearchAction\",\"target\":{\"@type\":\"EntryPoint\",\"urlTemplate\":\"https:\/\/1001voyagesgourmands.com\/cs\/?s={search_term_string}\"},\"query-input\":{\"@type\":\"PropertyValueSpecification\",\"valueRequired\":true,\"valueName\":\"search_term_string\"}}],\"inLanguage\":\"cs\"},{\"@type\":\"Person\",\"@id\":\"https:\/\/1001voyagesgourmands.com\/cs\/#\/schema\/person\/62e0e7238fcf7482b23bf83e1b72ff1b\",\"name\":\"Michaela\",\"image\":{\"@type\":\"ImageObject\",\"inLanguage\":\"cs\",\"@id\":\"https:\/\/1001voyagesgourmands.com\/cs\/#\/schema\/person\/image\/\",\"url\":\"https:\/\/secure.gravatar.com\/avatar\/73fa562a5b0ce269ca480f67de504b8ecac054a121d170e226f1b79e02024cb8?s=96&d=mm&r=g\",\"contentUrl\":\"https:\/\/secure.gravatar.com\/avatar\/73fa562a5b0ce269ca480f67de504b8ecac054a121d170e226f1b79e02024cb8?s=96&d=mm&r=g\",\"caption\":\"Michaela\"},\"sameAs\":[\"http:\/\/1001voyagesgourmands.com\"]}]}<\/script>\n<!-- \/ Yoast SEO plugin. -->","yoast_head_json":{"title":"Holandsk\u00fd jable\u010dn\u00fd kol\u00e1\u010d - 1001 Voyages Gourmands","description":"Tady je recept na Holandsk\u00fd jable\u010dn\u00fd kol\u00e1\u010d a douf\u00e1m, \u017ee v\u00e1m zp\u0159\u00edjemn\u00ed tyhle kr\u00e1tk\u00e9 a studen\u00e9 podzimn\u00ed dny a ud\u011bl\u00e1 je v\u00edce \"gezellig\" (\u00fatuln\u00e9)!","robots":{"index":"index","follow":"follow","max-snippet":"max-snippet:-1","max-image-preview":"max-image-preview:large","max-video-preview":"max-video-preview:-1"},"canonical":"https:\/\/1001voyagesgourmands.com\/cs\/holandsky-jablecny-kolac\/","og_locale":"cs_CZ","og_type":"article","og_title":"Holandsk\u00fd jable\u010dn\u00fd kol\u00e1\u010d - 1001 Voyages Gourmands","og_description":"Tady je recept na Holandsk\u00fd jable\u010dn\u00fd kol\u00e1\u010d a douf\u00e1m, \u017ee v\u00e1m zp\u0159\u00edjemn\u00ed tyhle kr\u00e1tk\u00e9 a studen\u00e9 podzimn\u00ed dny a ud\u011bl\u00e1 je v\u00edce \"gezellig\" (\u00fatuln\u00e9)!","og_url":"https:\/\/1001voyagesgourmands.com\/cs\/holandsky-jablecny-kolac\/","og_site_name":"1001 Voyages Gourmands","article_publisher":"https:\/\/www.facebook.com\/1001voyagesgourmands","article_published_time":"2020-11-05T12:47:44+00:00","article_modified_time":"2022-10-25T19:17:22+00:00","og_image":[{"width":1170,"height":1755,"url":"https:\/\/1001voyagesgourmands.com\/wp-content\/uploads\/2020\/10\/202010_Apple_Cake_final_blog-10-1.jpg","type":"image\/jpeg"}],"author":"Michaela","twitter_card":"summary_large_image","twitter_creator":"@michaela_1001vg","twitter_site":"@michaela_1001vg","twitter_misc":{"Napsal(a)":"Michaela","Odhadovan\u00e1 doba \u010dten\u00ed":"3 minuty"},"schema":{"@context":"https:\/\/schema.org","@graph":[{"@type":"WebPage","@id":"https:\/\/1001voyagesgourmands.com\/cs\/holandsky-jablecny-kolac\/","url":"https:\/\/1001voyagesgourmands.com\/cs\/holandsky-jablecny-kolac\/","name":"Holandsk\u00fd jable\u010dn\u00fd kol\u00e1\u010d - 1001 Voyages Gourmands","isPartOf":{"@id":"https:\/\/1001voyagesgourmands.com\/cs\/#website"},"primaryImageOfPage":{"@id":"https:\/\/1001voyagesgourmands.com\/cs\/holandsky-jablecny-kolac\/#primaryimage"},"image":{"@id":"https:\/\/1001voyagesgourmands.com\/cs\/holandsky-jablecny-kolac\/#primaryimage"},"thumbnailUrl":"https:\/\/1001voyagesgourmands.com\/wp-content\/uploads\/2020\/10\/202010_Apple_Cake_final_blog-10-1.jpg","datePublished":"2020-11-05T12:47:44+00:00","dateModified":"2022-10-25T19:17:22+00:00","author":{"@id":"https:\/\/1001voyagesgourmands.com\/cs\/#\/schema\/person\/62e0e7238fcf7482b23bf83e1b72ff1b"},"description":"Tady je recept na Holandsk\u00fd jable\u010dn\u00fd kol\u00e1\u010d a douf\u00e1m, \u017ee v\u00e1m zp\u0159\u00edjemn\u00ed tyhle kr\u00e1tk\u00e9 a studen\u00e9 podzimn\u00ed dny a ud\u011bl\u00e1 je v\u00edce \"gezellig\" (\u00fatuln\u00e9)!","breadcrumb":{"@id":"https:\/\/1001voyagesgourmands.com\/cs\/holandsky-jablecny-kolac\/#breadcrumb"},"inLanguage":"cs","potentialAction":[{"@type":"ReadAction","target":["https:\/\/1001voyagesgourmands.com\/cs\/holandsky-jablecny-kolac\/"]}]},{"@type":"ImageObject","inLanguage":"cs","@id":"https:\/\/1001voyagesgourmands.com\/cs\/holandsky-jablecny-kolac\/#primaryimage","url":"https:\/\/1001voyagesgourmands.com\/wp-content\/uploads\/2020\/10\/202010_Apple_Cake_final_blog-10-1.jpg","contentUrl":"https:\/\/1001voyagesgourmands.com\/wp-content\/uploads\/2020\/10\/202010_Apple_Cake_final_blog-10-1.jpg","width":1170,"height":1755,"caption":"Tady je recept na Holandsk\u00fd jable\u010dn\u00fd kol\u00e1\u010d a douf\u00e1m, \u017ee v\u00e1m zp\u0159\u00edjemn\u00ed tyhle kr\u00e1tk\u00e9 a studen\u00e9 podzimn\u00ed dny a ud\u011bl\u00e1 je v\u00edce \"gezellig\" (\u00fatuln\u00e9)!"},{"@type":"BreadcrumbList","@id":"https:\/\/1001voyagesgourmands.com\/cs\/holandsky-jablecny-kolac\/#breadcrumb","itemListElement":[{"@type":"ListItem","position":1,"name":"Dom\u016f","item":"https:\/\/1001voyagesgourmands.com\/cs\/"},{"@type":"ListItem","position":2,"name":"Holandsk\u00fd jable\u010dn\u00fd kol\u00e1\u010d"}]},{"@type":"WebSite","@id":"https:\/\/1001voyagesgourmands.com\/cs\/#website","url":"https:\/\/1001voyagesgourmands.com\/cs\/","name":"1001 Voyages Gourmands","description":"Food | Travel | Photography","potentialAction":[{"@type":"SearchAction","target":{"@type":"EntryPoint","urlTemplate":"https:\/\/1001voyagesgourmands.com\/cs\/?s={search_term_string}"},"query-input":{"@type":"PropertyValueSpecification","valueRequired":true,"valueName":"search_term_string"}}],"inLanguage":"cs"},{"@type":"Person","@id":"https:\/\/1001voyagesgourmands.com\/cs\/#\/schema\/person\/62e0e7238fcf7482b23bf83e1b72ff1b","name":"Michaela","image":{"@type":"ImageObject","inLanguage":"cs","@id":"https:\/\/1001voyagesgourmands.com\/cs\/#\/schema\/person\/image\/","url":"https:\/\/secure.gravatar.com\/avatar\/73fa562a5b0ce269ca480f67de504b8ecac054a121d170e226f1b79e02024cb8?s=96&d=mm&r=g","contentUrl":"https:\/\/secure.gravatar.com\/avatar\/73fa562a5b0ce269ca480f67de504b8ecac054a121d170e226f1b79e02024cb8?s=96&d=mm&r=g","caption":"Michaela"},"sameAs":["http:\/\/1001voyagesgourmands.com"]}]}},"_links":{"self":[{"href":"https:\/\/1001voyagesgourmands.com\/cs\/wp-json\/wp\/v2\/posts\/27610","targetHints":{"allow":["GET"]}}],"collection":[{"href":"https:\/\/1001voyagesgourmands.com\/cs\/wp-json\/wp\/v2\/posts"}],"about":[{"href":"https:\/\/1001voyagesgourmands.com\/cs\/wp-json\/wp\/v2\/types\/post"}],"author":[{"embeddable":true,"href":"https:\/\/1001voyagesgourmands.com\/cs\/wp-json\/wp\/v2\/users\/1"}],"replies":[{"embeddable":true,"href":"https:\/\/1001voyagesgourmands.com\/cs\/wp-json\/wp\/v2\/comments?post=27610"}],"version-history":[{"count":6,"href":"https:\/\/1001voyagesgourmands.com\/cs\/wp-json\/wp\/v2\/posts\/27610\/revisions"}],"predecessor-version":[{"id":30035,"href":"https:\/\/1001voyagesgourmands.com\/cs\/wp-json\/wp\/v2\/posts\/27610\/revisions\/30035"}],"wp:featuredmedia":[{"embeddable":true,"href":"https:\/\/1001voyagesgourmands.com\/cs\/wp-json\/wp\/v2\/media\/27694"}],"wp:attachment":[{"href":"https:\/\/1001voyagesgourmands.com\/cs\/wp-json\/wp\/v2\/media?parent=27610"}],"wp:term":[{"taxonomy":"category","embeddable":true,"href":"https:\/\/1001voyagesgourmands.com\/cs\/wp-json\/wp\/v2\/categories?post=27610"},{"taxonomy":"post_tag","embeddable":true,"href":"https:\/\/1001voyagesgourmands.com\/cs\/wp-json\/wp\/v2\/tags?post=27610"}],"curies":[{"name":"wp","href":"https:\/\/api.w.org\/{rel}","templated":true}]}}