{"id":26806,"date":"2020-08-12T14:54:45","date_gmt":"2020-08-12T12:54:45","guid":{"rendered":"http:\/\/1001voyagesgourmands.com\/?p=26806"},"modified":"2020-08-12T14:55:28","modified_gmt":"2020-08-12T12:55:28","slug":"vyletovani-v-udoli-cocora-kralovstvi-vysokych-palem-sahajicich-do-oblak","status":"publish","type":"post","link":"https:\/\/1001voyagesgourmands.com\/cs\/vyletovani-v-udoli-cocora-kralovstvi-vysokych-palem-sahajicich-do-oblak\/","title":{"rendered":"V\u00fdletov\u00e1n\u00ed v \u00fadol\u00ed Cocora, kr\u00e1lovstv\u00ed vysok\u00fdch palem sahaj\u00edc\u00edch do oblak"},"content":{"rendered":"<p style=\"text-align: justify;\">Minul\u00fd t\u00fdden jsem psala o <a href=\"http:\/\/1001voyagesgourmands.com\/cs\/zastavka-v-salentu-za-kolumbijskou-kavou-na-finca-el-ocaso\/\">zast\u00e1vce v Salentu a n\u00e1v\u0161t\u011bv\u011b k\u00e1vov\u00e9 farmy Finca El Ocaso<\/a>, a dnes p\u0159id\u00e1m n\u011bco o n\u00e1sledn\u00e9m v\u00fdletov\u00e1n\u00ed v \u00fadol\u00ed Cocora. Za n\u00e1s mohu \u0159\u00edct, \u017ee n\u00e1rodn\u00ed park Valle de Cocora je \u00fachvatn\u00e9 m\u00edsto na Zemi a v\u00fdletov\u00e1n\u00ed v \u00fadol\u00ed Cocora je aktivita, kterou byste ur\u010dit\u011b v Kolumbii nem\u011bli opomenout. Podobnou krajinu byste jen st\u011b\u017e\u00ed hledali jinde na sv\u011bt\u011b, je zkr\u00e1tka jedine\u010dn\u00e1! Cestou p\u0159es \u00fadol\u00ed s farmami v\u00e1s stoupaj\u00edc\u00ed stezka zavede do palmov\u00e9ho lesa, kde se ty\u010d\u00ed \u00fatl\u00e9 voskov\u00e9 palmy sahaj\u00edc\u00ed a\u017e do oblak. N\u011bkter\u00e9 rostou a\u017e do v\u00fd\u0161ky 60 metr\u016f a jde tak o nejvy\u0161\u0161\u00ed palmy na sv\u011bt\u011b. Voskov\u00e9 palmy jsou tak\u00e9 n\u00e1rodn\u00edm stromem a embl\u00e9mem Kolumbie.<\/p>\n<p style=\"text-align: justify;\">Dostanete se sem jednodu\u0161e za pouh\u00fdch 20 minut j\u00edzdy ikonick\u00fdm Willy jeepem ze Salenta. Pot\u00e9, co p\u0159ijedete do n\u00e1rodn\u00edho parku Valle de Cocora, si m\u016f\u017eete d\u00e1t bu\u010f 5-6 hodinovou t\u00faru p\u0159es palmov\u00fd les a\u017e do p\u0159\u00edrodn\u00ed rezervace Acaime pozorovat kolib\u0159\u00edky, nebo si d\u00e1t krat\u0161\u00ed trasu jen \u00fadol\u00edm a palmov\u00fdm lesem na vyhl\u00eddku. N\u00e1\u0161 p\u016fvodn\u00ed pl\u00e1n byl d\u00e1t cel\u00fd v\u00fdlet, ale to se n\u00e1m nepovedlo. Nejen, \u017ee jsme p\u0159ijeli celkem pozd\u011b (kolem ob\u011bda), ale tak\u00e9 jsme si d\u00e1vali na \u010das a kochali se panor\u00e1maty naho\u0159e v lese, kde se n\u00e1m palmy za\u010daly ztr\u00e1cet v mlze. Bylo to fascinuj\u00edc\u00ed vid\u011bt mlhu, jak se pohybuje a p\u0159\u00edmo \u017eere ty dlouh\u00e9 tenk\u00e9 kmeny! A samoz\u0159ejm\u011b jsme tu kr\u00e1su fotili o sto \u0161est s t\u00edm, \u017ee si pak n\u011bjakou vyda\u0159enou pov\u011bs\u00edme do koupelny&#8230;<\/p>\n<p style=\"text-align: justify;\">Ne\u017e jsme vy\u0161plhali k rozcestn\u00edku, z n\u011bj\u017e jedna cesta vedla k t\u00e9 rezervaci Acaime, v\u011bd\u011bli jsme, \u017ee odtud to je je\u0161t\u011b dal\u0161\u00edch 45 minut (one way) a do toho za\u010d\u00ednalo slu\u0161n\u011b pr\u0161et. A tak n\u00e1m bylo jasn\u00e9, \u017ee bychom to tam a zp\u011bt nestihli p\u0159ed setm\u011bn\u00edm a v jak\u017e tak\u017e nepromo\u010den\u00e9m stavu&#8230; a tak jsme ut\u00edkali zp\u011bt dol\u016f, kde n\u00e1s chytla obrovsk\u00e1 mlha, \u017ee \u010dlov\u011bk pomalu ani nevid\u011bl dal\u0161\u00ed palmu. Ke konci n\u00e1s chytl takov\u00fd slejv\u00e1k, \u017ee jsme do Willy jeepu zp\u011bt vlezli promo\u010den\u00ed jak slepice pomalu i pod pl\u00e1\u0161t\u011bnkou a boty obahn\u011bn\u00fdmi jak z br\u010d\u00e1lu.<\/p>\n<p style=\"text-align: justify;\">Na z\u00e1klad\u011b na\u0161\u00ed zku\u0161enosti v\u00e1m, kte\u0159\u00ed se sem chyst\u00e1te, tedy doporu\u010duji dv\u011b v\u011bci. Za prv\u00e9, pokud pl\u00e1nujete d\u00e1t pln\u00fd 5-6 hodinov\u00fd v\u00fdlet, bu\u010fte tu brzo, a\u0165 to (ohromeni kr\u00e1sou nebo nep\u0159\u00edzn\u00ed po\u010das\u00ed) stihnete proj\u00edt. A za druh\u00e9, volte den, kdy nem\u00e1 pr\u0161et. Cesty jsou po de\u0161ti dost rozbahn\u011bn\u00e9 a \u0161patn\u011b se po nich chod\u00ed, respektive se do nich dob\u0159e zapad\u00e1v\u00e1. \ud83d\ude00 A pokud nem\u00e1te na v\u00fdb\u011br den podle p\u0159edpov\u011bdi, m\u011bjte pro v\u0161echny p\u0159\u00edpady s sebou hol\u00ednky a pl\u00e1\u0161\u0165\u011bnku (necht\u011bli byste vid\u011bt m\u00e9 trekov\u00e9 boty po tom slejv\u00e1ku, kter\u00fd n\u00e1s tu chytl! :D).<\/p>\n<p><img loading=\"lazy\" decoding=\"async\" class=\"aligncenter size-large wp-image-27084\" src=\"http:\/\/1001voyagesgourmands.com\/wp-content\/uploads\/2020\/08\/Cocora_Valley_Colombia-1-1024x683.jpg\" alt=\"Hiking in the stunning Cocora Valley National Park among the tall wax palm trees reaching the clouds is a MUST DO activity when you are in Colombia! \" width=\"1024\" height=\"683\" srcset=\"https:\/\/1001voyagesgourmands.com\/wp-content\/uploads\/2020\/08\/Cocora_Valley_Colombia-1-1024x683.jpg 1024w, https:\/\/1001voyagesgourmands.com\/wp-content\/uploads\/2020\/08\/Cocora_Valley_Colombia-1-300x200.jpg 300w, https:\/\/1001voyagesgourmands.com\/wp-content\/uploads\/2020\/08\/Cocora_Valley_Colombia-1-768x512.jpg 768w, https:\/\/1001voyagesgourmands.com\/wp-content\/uploads\/2020\/08\/Cocora_Valley_Colombia-1-1170x780.jpg 1170w, https:\/\/1001voyagesgourmands.com\/wp-content\/uploads\/2020\/08\/Cocora_Valley_Colombia-1-1920x1280.jpg 1920w, https:\/\/1001voyagesgourmands.com\/wp-content\/uploads\/2020\/08\/Cocora_Valley_Colombia-1-585x390.jpg 585w, https:\/\/1001voyagesgourmands.com\/wp-content\/uploads\/2020\/08\/Cocora_Valley_Colombia-1-263x175.jpg 263w\" sizes=\"auto, (max-width: 1024px) 100vw, 1024px\" \/><\/p>\n<p><img loading=\"lazy\" decoding=\"async\" class=\"aligncenter size-large wp-image-27086\" src=\"http:\/\/1001voyagesgourmands.com\/wp-content\/uploads\/2020\/08\/Cocora_Valley_Colombia-2-1024x683.jpg\" alt=\"\" width=\"1024\" height=\"683\" srcset=\"https:\/\/1001voyagesgourmands.com\/wp-content\/uploads\/2020\/08\/Cocora_Valley_Colombia-2-1024x683.jpg 1024w, https:\/\/1001voyagesgourmands.com\/wp-content\/uploads\/2020\/08\/Cocora_Valley_Colombia-2-300x200.jpg 300w, https:\/\/1001voyagesgourmands.com\/wp-content\/uploads\/2020\/08\/Cocora_Valley_Colombia-2-768x512.jpg 768w, https:\/\/1001voyagesgourmands.com\/wp-content\/uploads\/2020\/08\/Cocora_Valley_Colombia-2-1170x780.jpg 1170w, https:\/\/1001voyagesgourmands.com\/wp-content\/uploads\/2020\/08\/Cocora_Valley_Colombia-2-1920x1280.jpg 1920w, https:\/\/1001voyagesgourmands.com\/wp-content\/uploads\/2020\/08\/Cocora_Valley_Colombia-2-585x390.jpg 585w, https:\/\/1001voyagesgourmands.com\/wp-content\/uploads\/2020\/08\/Cocora_Valley_Colombia-2-263x175.jpg 263w\" sizes=\"auto, (max-width: 1024px) 100vw, 1024px\" \/><\/p>\n<p><img loading=\"lazy\" decoding=\"async\" class=\"aligncenter wp-image-27090\" src=\"http:\/\/1001voyagesgourmands.com\/wp-content\/uploads\/2020\/08\/Cocora_Valley_Colombia-4-683x1024.jpg\" alt=\"Hiking in the stunning Cocora Valley National Park among the tall wax palm trees reaching the clouds is a MUST DO activity when you are in Colombia! \" width=\"768\" height=\"1151\" srcset=\"https:\/\/1001voyagesgourmands.com\/wp-content\/uploads\/2020\/08\/Cocora_Valley_Colombia-4-683x1024.jpg 683w, https:\/\/1001voyagesgourmands.com\/wp-content\/uploads\/2020\/08\/Cocora_Valley_Colombia-4-200x300.jpg 200w, https:\/\/1001voyagesgourmands.com\/wp-content\/uploads\/2020\/08\/Cocora_Valley_Colombia-4-768x1152.jpg 768w, https:\/\/1001voyagesgourmands.com\/wp-content\/uploads\/2020\/08\/Cocora_Valley_Colombia-4-1170x1755.jpg 1170w, https:\/\/1001voyagesgourmands.com\/wp-content\/uploads\/2020\/08\/Cocora_Valley_Colombia-4-1920x2880.jpg 1920w, https:\/\/1001voyagesgourmands.com\/wp-content\/uploads\/2020\/08\/Cocora_Valley_Colombia-4-585x878.jpg 585w, https:\/\/1001voyagesgourmands.com\/wp-content\/uploads\/2020\/08\/Cocora_Valley_Colombia-4.jpg 2000w\" sizes=\"auto, (max-width: 768px) 100vw, 768px\" \/><\/p>\n<p><img loading=\"lazy\" decoding=\"async\" class=\"aligncenter size-large wp-image-27094\" src=\"http:\/\/1001voyagesgourmands.com\/wp-content\/uploads\/2020\/08\/Cocora_Valley_Colombia-6-1024x683.jpg\" alt=\"N\u00e1rodn\u00ed park Valle de Cocora je \u00fachvatn\u00e9 m\u00edsto na Zemi a v\u00fdletov\u00e1n\u00ed v \u00fadol\u00ed Cocora je aktivita, kterou byste ur\u010dit\u011b v Kolumbii nem\u011bli opomenout!\" width=\"1024\" height=\"683\" srcset=\"https:\/\/1001voyagesgourmands.com\/wp-content\/uploads\/2020\/08\/Cocora_Valley_Colombia-6-1024x683.jpg 1024w, https:\/\/1001voyagesgourmands.com\/wp-content\/uploads\/2020\/08\/Cocora_Valley_Colombia-6-300x200.jpg 300w, https:\/\/1001voyagesgourmands.com\/wp-content\/uploads\/2020\/08\/Cocora_Valley_Colombia-6-768x512.jpg 768w, https:\/\/1001voyagesgourmands.com\/wp-content\/uploads\/2020\/08\/Cocora_Valley_Colombia-6-1170x780.jpg 1170w, https:\/\/1001voyagesgourmands.com\/wp-content\/uploads\/2020\/08\/Cocora_Valley_Colombia-6-1920x1280.jpg 1920w, https:\/\/1001voyagesgourmands.com\/wp-content\/uploads\/2020\/08\/Cocora_Valley_Colombia-6-585x390.jpg 585w, https:\/\/1001voyagesgourmands.com\/wp-content\/uploads\/2020\/08\/Cocora_Valley_Colombia-6-263x175.jpg 263w\" sizes=\"auto, (max-width: 1024px) 100vw, 1024px\" \/><\/p>\n<p><img loading=\"lazy\" decoding=\"async\" class=\"aligncenter size-large wp-image-27092\" src=\"http:\/\/1001voyagesgourmands.com\/wp-content\/uploads\/2020\/08\/Cocora_Valley_Colombia-5-1024x683.jpg\" alt=\"Hiking in the stunning Cocora Valley National Park among the tall wax palm trees reaching the clouds is a MUST DO activity when you are in Colombia! \" width=\"1024\" height=\"683\" srcset=\"https:\/\/1001voyagesgourmands.com\/wp-content\/uploads\/2020\/08\/Cocora_Valley_Colombia-5-1024x683.jpg 1024w, https:\/\/1001voyagesgourmands.com\/wp-content\/uploads\/2020\/08\/Cocora_Valley_Colombia-5-300x200.jpg 300w, https:\/\/1001voyagesgourmands.com\/wp-content\/uploads\/2020\/08\/Cocora_Valley_Colombia-5-768x512.jpg 768w, https:\/\/1001voyagesgourmands.com\/wp-content\/uploads\/2020\/08\/Cocora_Valley_Colombia-5-1170x780.jpg 1170w, https:\/\/1001voyagesgourmands.com\/wp-content\/uploads\/2020\/08\/Cocora_Valley_Colombia-5-1920x1280.jpg 1920w, https:\/\/1001voyagesgourmands.com\/wp-content\/uploads\/2020\/08\/Cocora_Valley_Colombia-5-585x390.jpg 585w, https:\/\/1001voyagesgourmands.com\/wp-content\/uploads\/2020\/08\/Cocora_Valley_Colombia-5-263x175.jpg 263w\" sizes=\"auto, (max-width: 1024px) 100vw, 1024px\" \/><\/p>\n<p><img loading=\"lazy\" decoding=\"async\" class=\"aligncenter wp-image-27096\" src=\"http:\/\/1001voyagesgourmands.com\/wp-content\/uploads\/2020\/08\/Cocora_Valley_Colombia-7-683x1024.jpg\" alt=\"Hiking in the stunning Cocora Valley National Park among the tall wax palm trees reaching the clouds is a MUST DO activity when you are in Colombia! \" width=\"825\" height=\"1237\" srcset=\"https:\/\/1001voyagesgourmands.com\/wp-content\/uploads\/2020\/08\/Cocora_Valley_Colombia-7-683x1024.jpg 683w, https:\/\/1001voyagesgourmands.com\/wp-content\/uploads\/2020\/08\/Cocora_Valley_Colombia-7-200x300.jpg 200w, https:\/\/1001voyagesgourmands.com\/wp-content\/uploads\/2020\/08\/Cocora_Valley_Colombia-7-768x1152.jpg 768w, https:\/\/1001voyagesgourmands.com\/wp-content\/uploads\/2020\/08\/Cocora_Valley_Colombia-7-1170x1755.jpg 1170w, https:\/\/1001voyagesgourmands.com\/wp-content\/uploads\/2020\/08\/Cocora_Valley_Colombia-7-1920x2880.jpg 1920w, https:\/\/1001voyagesgourmands.com\/wp-content\/uploads\/2020\/08\/Cocora_Valley_Colombia-7-585x878.jpg 585w, https:\/\/1001voyagesgourmands.com\/wp-content\/uploads\/2020\/08\/Cocora_Valley_Colombia-7.jpg 2000w\" sizes=\"auto, (max-width: 825px) 100vw, 825px\" \/><\/p>\n<p><img loading=\"lazy\" decoding=\"async\" class=\"aligncenter size-large wp-image-27154\" src=\"http:\/\/1001voyagesgourmands.com\/wp-content\/uploads\/2020\/08\/Cocora_Valley-1-1-1024x683.jpg\" alt=\"Hiking in the stunning Cocora Valley National Park among the tall wax palm trees reaching the clouds is a MUST DO activity when you are in Colombia!\" width=\"1024\" height=\"683\" srcset=\"https:\/\/1001voyagesgourmands.com\/wp-content\/uploads\/2020\/08\/Cocora_Valley-1-1-1024x683.jpg 1024w, https:\/\/1001voyagesgourmands.com\/wp-content\/uploads\/2020\/08\/Cocora_Valley-1-1-300x200.jpg 300w, https:\/\/1001voyagesgourmands.com\/wp-content\/uploads\/2020\/08\/Cocora_Valley-1-1-768x512.jpg 768w, https:\/\/1001voyagesgourmands.com\/wp-content\/uploads\/2020\/08\/Cocora_Valley-1-1-1170x780.jpg 1170w, https:\/\/1001voyagesgourmands.com\/wp-content\/uploads\/2020\/08\/Cocora_Valley-1-1-1920x1280.jpg 1920w, https:\/\/1001voyagesgourmands.com\/wp-content\/uploads\/2020\/08\/Cocora_Valley-1-1-585x390.jpg 585w, https:\/\/1001voyagesgourmands.com\/wp-content\/uploads\/2020\/08\/Cocora_Valley-1-1-263x175.jpg 263w\" sizes=\"auto, (max-width: 1024px) 100vw, 1024px\" \/><\/p>\n<p><img loading=\"lazy\" decoding=\"async\" class=\"aligncenter wp-image-27102\" src=\"http:\/\/1001voyagesgourmands.com\/wp-content\/uploads\/2020\/08\/Cocora_Valley_Colombia-10-683x1024.jpg\" alt=\"N\u00e1rodn\u00ed park Valle de Cocora je \u00fachvatn\u00e9 m\u00edsto na Zemi a v\u00fdletov\u00e1n\u00ed v \u00fadol\u00ed Cocora je aktivita, kterou byste ur\u010dit\u011b v Kolumbii nem\u011bli opomenout!\" width=\"795\" height=\"1192\" srcset=\"https:\/\/1001voyagesgourmands.com\/wp-content\/uploads\/2020\/08\/Cocora_Valley_Colombia-10-683x1024.jpg 683w, https:\/\/1001voyagesgourmands.com\/wp-content\/uploads\/2020\/08\/Cocora_Valley_Colombia-10-200x300.jpg 200w, https:\/\/1001voyagesgourmands.com\/wp-content\/uploads\/2020\/08\/Cocora_Valley_Colombia-10-768x1152.jpg 768w, https:\/\/1001voyagesgourmands.com\/wp-content\/uploads\/2020\/08\/Cocora_Valley_Colombia-10-1170x1755.jpg 1170w, https:\/\/1001voyagesgourmands.com\/wp-content\/uploads\/2020\/08\/Cocora_Valley_Colombia-10-1920x2880.jpg 1920w, https:\/\/1001voyagesgourmands.com\/wp-content\/uploads\/2020\/08\/Cocora_Valley_Colombia-10-585x878.jpg 585w, https:\/\/1001voyagesgourmands.com\/wp-content\/uploads\/2020\/08\/Cocora_Valley_Colombia-10.jpg 2000w\" sizes=\"auto, (max-width: 795px) 100vw, 795px\" \/><\/p>\n<p><img loading=\"lazy\" decoding=\"async\" class=\"aligncenter size-large wp-image-27100\" src=\"http:\/\/1001voyagesgourmands.com\/wp-content\/uploads\/2020\/08\/Cocora_Valley_Colombia-9-1024x683.jpg\" alt=\"N\u00e1rodn\u00ed park Valle de Cocora je \u00fachvatn\u00e9 m\u00edsto na Zemi a v\u00fdletov\u00e1n\u00ed v \u00fadol\u00ed Cocora je aktivita, kterou byste ur\u010dit\u011b v Kolumbii nem\u011bli opomenout!\" width=\"1024\" height=\"683\" srcset=\"https:\/\/1001voyagesgourmands.com\/wp-content\/uploads\/2020\/08\/Cocora_Valley_Colombia-9-1024x683.jpg 1024w, https:\/\/1001voyagesgourmands.com\/wp-content\/uploads\/2020\/08\/Cocora_Valley_Colombia-9-300x200.jpg 300w, https:\/\/1001voyagesgourmands.com\/wp-content\/uploads\/2020\/08\/Cocora_Valley_Colombia-9-768x512.jpg 768w, https:\/\/1001voyagesgourmands.com\/wp-content\/uploads\/2020\/08\/Cocora_Valley_Colombia-9-1170x780.jpg 1170w, https:\/\/1001voyagesgourmands.com\/wp-content\/uploads\/2020\/08\/Cocora_Valley_Colombia-9-1920x1280.jpg 1920w, https:\/\/1001voyagesgourmands.com\/wp-content\/uploads\/2020\/08\/Cocora_Valley_Colombia-9-585x390.jpg 585w, https:\/\/1001voyagesgourmands.com\/wp-content\/uploads\/2020\/08\/Cocora_Valley_Colombia-9-263x175.jpg 263w\" sizes=\"auto, (max-width: 1024px) 100vw, 1024px\" \/><\/p>\n<p><img loading=\"lazy\" decoding=\"async\" class=\"aligncenter size-large wp-image-27098\" src=\"http:\/\/1001voyagesgourmands.com\/wp-content\/uploads\/2020\/08\/Cocora_Valley_Colombia-8-1024x683.jpg\" alt=\"N\u00e1rodn\u00ed park Valle de Cocora je \u00fachvatn\u00e9 m\u00edsto na Zemi a v\u00fdletov\u00e1n\u00ed v \u00fadol\u00ed Cocora je aktivita, kterou byste ur\u010dit\u011b v Kolumbii nem\u011bli opomenout!\" width=\"1024\" height=\"683\" srcset=\"https:\/\/1001voyagesgourmands.com\/wp-content\/uploads\/2020\/08\/Cocora_Valley_Colombia-8-1024x683.jpg 1024w, https:\/\/1001voyagesgourmands.com\/wp-content\/uploads\/2020\/08\/Cocora_Valley_Colombia-8-300x200.jpg 300w, https:\/\/1001voyagesgourmands.com\/wp-content\/uploads\/2020\/08\/Cocora_Valley_Colombia-8-768x512.jpg 768w, https:\/\/1001voyagesgourmands.com\/wp-content\/uploads\/2020\/08\/Cocora_Valley_Colombia-8-1170x780.jpg 1170w, https:\/\/1001voyagesgourmands.com\/wp-content\/uploads\/2020\/08\/Cocora_Valley_Colombia-8-1920x1280.jpg 1920w, https:\/\/1001voyagesgourmands.com\/wp-content\/uploads\/2020\/08\/Cocora_Valley_Colombia-8-585x390.jpg 585w, https:\/\/1001voyagesgourmands.com\/wp-content\/uploads\/2020\/08\/Cocora_Valley_Colombia-8-263x175.jpg 263w\" sizes=\"auto, (max-width: 1024px) 100vw, 1024px\" \/><\/p>\n<p><img loading=\"lazy\" decoding=\"async\" class=\"aligncenter size-large wp-image-27104\" src=\"http:\/\/1001voyagesgourmands.com\/wp-content\/uploads\/2020\/08\/Cocora_Valley_Colombia-11-1024x683.jpg\" alt=\"N\u00e1rodn\u00ed park Valle de Cocora je \u00fachvatn\u00e9 m\u00edsto na Zemi a v\u00fdletov\u00e1n\u00ed v \u00fadol\u00ed Cocora je aktivita, kterou byste ur\u010dit\u011b v Kolumbii nem\u011bli opomenout!\" width=\"1024\" height=\"683\" srcset=\"https:\/\/1001voyagesgourmands.com\/wp-content\/uploads\/2020\/08\/Cocora_Valley_Colombia-11-1024x683.jpg 1024w, https:\/\/1001voyagesgourmands.com\/wp-content\/uploads\/2020\/08\/Cocora_Valley_Colombia-11-300x200.jpg 300w, https:\/\/1001voyagesgourmands.com\/wp-content\/uploads\/2020\/08\/Cocora_Valley_Colombia-11-768x512.jpg 768w, https:\/\/1001voyagesgourmands.com\/wp-content\/uploads\/2020\/08\/Cocora_Valley_Colombia-11-1170x780.jpg 1170w, https:\/\/1001voyagesgourmands.com\/wp-content\/uploads\/2020\/08\/Cocora_Valley_Colombia-11-1920x1280.jpg 1920w, https:\/\/1001voyagesgourmands.com\/wp-content\/uploads\/2020\/08\/Cocora_Valley_Colombia-11-585x390.jpg 585w, https:\/\/1001voyagesgourmands.com\/wp-content\/uploads\/2020\/08\/Cocora_Valley_Colombia-11-263x175.jpg 263w\" sizes=\"auto, (max-width: 1024px) 100vw, 1024px\" \/><\/p>\n<p><img loading=\"lazy\" decoding=\"async\" class=\"aligncenter size-large wp-image-27145\" src=\"http:\/\/1001voyagesgourmands.com\/wp-content\/uploads\/2020\/08\/Cocora_Valley_Colombia-41-1024x683.jpg\" alt=\"Hiking in the stunning Cocora Valley National Park among the tall wax palm trees reaching the clouds is a MUST DO activity when you are in Colombia!\" width=\"1024\" height=\"683\" srcset=\"https:\/\/1001voyagesgourmands.com\/wp-content\/uploads\/2020\/08\/Cocora_Valley_Colombia-41-1024x683.jpg 1024w, https:\/\/1001voyagesgourmands.com\/wp-content\/uploads\/2020\/08\/Cocora_Valley_Colombia-41-300x200.jpg 300w, https:\/\/1001voyagesgourmands.com\/wp-content\/uploads\/2020\/08\/Cocora_Valley_Colombia-41-768x512.jpg 768w, https:\/\/1001voyagesgourmands.com\/wp-content\/uploads\/2020\/08\/Cocora_Valley_Colombia-41-1170x780.jpg 1170w, https:\/\/1001voyagesgourmands.com\/wp-content\/uploads\/2020\/08\/Cocora_Valley_Colombia-41-1920x1280.jpg 1920w, https:\/\/1001voyagesgourmands.com\/wp-content\/uploads\/2020\/08\/Cocora_Valley_Colombia-41-585x390.jpg 585w, https:\/\/1001voyagesgourmands.com\/wp-content\/uploads\/2020\/08\/Cocora_Valley_Colombia-41-263x175.jpg 263w\" sizes=\"auto, (max-width: 1024px) 100vw, 1024px\" \/><\/p>\n<p><img loading=\"lazy\" decoding=\"async\" class=\"aligncenter wp-image-27106\" src=\"http:\/\/1001voyagesgourmands.com\/wp-content\/uploads\/2020\/08\/Cocora_Valley_Colombia-12-683x1024.jpg\" alt=\"N\u00e1rodn\u00ed park Valle de Cocora je \u00fachvatn\u00e9 m\u00edsto na Zemi a v\u00fdletov\u00e1n\u00ed v \u00fadol\u00ed Cocora je aktivita, kterou byste ur\u010dit\u011b v Kolumbii nem\u011bli opomenout!\" width=\"846\" height=\"1268\" srcset=\"https:\/\/1001voyagesgourmands.com\/wp-content\/uploads\/2020\/08\/Cocora_Valley_Colombia-12-683x1024.jpg 683w, https:\/\/1001voyagesgourmands.com\/wp-content\/uploads\/2020\/08\/Cocora_Valley_Colombia-12-200x300.jpg 200w, https:\/\/1001voyagesgourmands.com\/wp-content\/uploads\/2020\/08\/Cocora_Valley_Colombia-12-768x1152.jpg 768w, https:\/\/1001voyagesgourmands.com\/wp-content\/uploads\/2020\/08\/Cocora_Valley_Colombia-12-1170x1755.jpg 1170w, https:\/\/1001voyagesgourmands.com\/wp-content\/uploads\/2020\/08\/Cocora_Valley_Colombia-12-1920x2880.jpg 1920w, https:\/\/1001voyagesgourmands.com\/wp-content\/uploads\/2020\/08\/Cocora_Valley_Colombia-12-585x878.jpg 585w, https:\/\/1001voyagesgourmands.com\/wp-content\/uploads\/2020\/08\/Cocora_Valley_Colombia-12.jpg 2000w\" sizes=\"auto, (max-width: 846px) 100vw, 846px\" \/><\/p>\n<p><img loading=\"lazy\" decoding=\"async\" class=\"aligncenter size-large wp-image-27108\" src=\"http:\/\/1001voyagesgourmands.com\/wp-content\/uploads\/2020\/08\/Cocora_Valley_Colombia-13-1024x683.jpg\" alt=\"N\u00e1rodn\u00ed park Valle de Cocora je \u00fachvatn\u00e9 m\u00edsto na Zemi a v\u00fdletov\u00e1n\u00ed v \u00fadol\u00ed Cocora je aktivita, kterou byste ur\u010dit\u011b v Kolumbii nem\u011bli opomenout!\" width=\"1024\" height=\"683\" srcset=\"https:\/\/1001voyagesgourmands.com\/wp-content\/uploads\/2020\/08\/Cocora_Valley_Colombia-13-1024x683.jpg 1024w, https:\/\/1001voyagesgourmands.com\/wp-content\/uploads\/2020\/08\/Cocora_Valley_Colombia-13-300x200.jpg 300w, https:\/\/1001voyagesgourmands.com\/wp-content\/uploads\/2020\/08\/Cocora_Valley_Colombia-13-768x512.jpg 768w, https:\/\/1001voyagesgourmands.com\/wp-content\/uploads\/2020\/08\/Cocora_Valley_Colombia-13-1170x780.jpg 1170w, https:\/\/1001voyagesgourmands.com\/wp-content\/uploads\/2020\/08\/Cocora_Valley_Colombia-13-1920x1280.jpg 1920w, https:\/\/1001voyagesgourmands.com\/wp-content\/uploads\/2020\/08\/Cocora_Valley_Colombia-13-585x390.jpg 585w, https:\/\/1001voyagesgourmands.com\/wp-content\/uploads\/2020\/08\/Cocora_Valley_Colombia-13-263x175.jpg 263w\" sizes=\"auto, (max-width: 1024px) 100vw, 1024px\" \/><\/p>\n<p><img loading=\"lazy\" decoding=\"async\" class=\"aligncenter size-large wp-image-27110\" src=\"http:\/\/1001voyagesgourmands.com\/wp-content\/uploads\/2020\/08\/Cocora_Valley_Colombia-14-1024x683.jpg\" alt=\"N\u00e1rodn\u00ed park Valle de Cocora je \u00fachvatn\u00e9 m\u00edsto na Zemi a v\u00fdletov\u00e1n\u00ed v \u00fadol\u00ed Cocora je aktivita, kterou byste ur\u010dit\u011b v Kolumbii nem\u011bli opomenout!\" width=\"1024\" height=\"683\" srcset=\"https:\/\/1001voyagesgourmands.com\/wp-content\/uploads\/2020\/08\/Cocora_Valley_Colombia-14-1024x683.jpg 1024w, https:\/\/1001voyagesgourmands.com\/wp-content\/uploads\/2020\/08\/Cocora_Valley_Colombia-14-300x200.jpg 300w, https:\/\/1001voyagesgourmands.com\/wp-content\/uploads\/2020\/08\/Cocora_Valley_Colombia-14-768x512.jpg 768w, https:\/\/1001voyagesgourmands.com\/wp-content\/uploads\/2020\/08\/Cocora_Valley_Colombia-14-1170x780.jpg 1170w, https:\/\/1001voyagesgourmands.com\/wp-content\/uploads\/2020\/08\/Cocora_Valley_Colombia-14-1920x1280.jpg 1920w, https:\/\/1001voyagesgourmands.com\/wp-content\/uploads\/2020\/08\/Cocora_Valley_Colombia-14-585x390.jpg 585w, https:\/\/1001voyagesgourmands.com\/wp-content\/uploads\/2020\/08\/Cocora_Valley_Colombia-14-263x175.jpg 263w\" sizes=\"auto, (max-width: 1024px) 100vw, 1024px\" \/><\/p>\n<p><img loading=\"lazy\" decoding=\"async\" class=\"aligncenter wp-image-27112\" src=\"http:\/\/1001voyagesgourmands.com\/wp-content\/uploads\/2020\/08\/Cocora_Valley_Colombia-15-683x1024.jpg\" alt=\"N\u00e1rodn\u00ed park Valle de Cocora je \u00fachvatn\u00e9 m\u00edsto na Zemi a v\u00fdletov\u00e1n\u00ed v \u00fadol\u00ed Cocora je aktivita, kterou byste ur\u010dit\u011b v Kolumbii nem\u011bli opomenout!\" width=\"901\" height=\"1351\" srcset=\"https:\/\/1001voyagesgourmands.com\/wp-content\/uploads\/2020\/08\/Cocora_Valley_Colombia-15-683x1024.jpg 683w, https:\/\/1001voyagesgourmands.com\/wp-content\/uploads\/2020\/08\/Cocora_Valley_Colombia-15-200x300.jpg 200w, https:\/\/1001voyagesgourmands.com\/wp-content\/uploads\/2020\/08\/Cocora_Valley_Colombia-15-768x1152.jpg 768w, https:\/\/1001voyagesgourmands.com\/wp-content\/uploads\/2020\/08\/Cocora_Valley_Colombia-15-1170x1755.jpg 1170w, https:\/\/1001voyagesgourmands.com\/wp-content\/uploads\/2020\/08\/Cocora_Valley_Colombia-15-1920x2880.jpg 1920w, https:\/\/1001voyagesgourmands.com\/wp-content\/uploads\/2020\/08\/Cocora_Valley_Colombia-15-585x878.jpg 585w, https:\/\/1001voyagesgourmands.com\/wp-content\/uploads\/2020\/08\/Cocora_Valley_Colombia-15.jpg 2000w\" sizes=\"auto, (max-width: 901px) 100vw, 901px\" \/><\/p>\n<p><img loading=\"lazy\" decoding=\"async\" class=\"aligncenter size-large wp-image-27114\" src=\"http:\/\/1001voyagesgourmands.com\/wp-content\/uploads\/2020\/08\/Cocora_Valley_Colombia-16-1024x683.jpg\" alt=\"N\u00e1rodn\u00ed park Valle de Cocora je \u00fachvatn\u00e9 m\u00edsto na Zemi a v\u00fdletov\u00e1n\u00ed v \u00fadol\u00ed Cocora je aktivita, kterou byste ur\u010dit\u011b v Kolumbii nem\u011bli opomenout!\" width=\"1024\" height=\"683\" srcset=\"https:\/\/1001voyagesgourmands.com\/wp-content\/uploads\/2020\/08\/Cocora_Valley_Colombia-16-1024x683.jpg 1024w, https:\/\/1001voyagesgourmands.com\/wp-content\/uploads\/2020\/08\/Cocora_Valley_Colombia-16-300x200.jpg 300w, https:\/\/1001voyagesgourmands.com\/wp-content\/uploads\/2020\/08\/Cocora_Valley_Colombia-16-768x512.jpg 768w, https:\/\/1001voyagesgourmands.com\/wp-content\/uploads\/2020\/08\/Cocora_Valley_Colombia-16-1170x780.jpg 1170w, https:\/\/1001voyagesgourmands.com\/wp-content\/uploads\/2020\/08\/Cocora_Valley_Colombia-16-1920x1280.jpg 1920w, https:\/\/1001voyagesgourmands.com\/wp-content\/uploads\/2020\/08\/Cocora_Valley_Colombia-16-585x390.jpg 585w, https:\/\/1001voyagesgourmands.com\/wp-content\/uploads\/2020\/08\/Cocora_Valley_Colombia-16-263x175.jpg 263w\" sizes=\"auto, (max-width: 1024px) 100vw, 1024px\" \/><\/p>\n<p><img loading=\"lazy\" decoding=\"async\" class=\"aligncenter size-large wp-image-27116\" src=\"http:\/\/1001voyagesgourmands.com\/wp-content\/uploads\/2020\/08\/Cocora_Valley_Colombia-17-1024x683.jpg\" alt=\"\" width=\"1024\" height=\"683\" srcset=\"https:\/\/1001voyagesgourmands.com\/wp-content\/uploads\/2020\/08\/Cocora_Valley_Colombia-17-1024x683.jpg 1024w, https:\/\/1001voyagesgourmands.com\/wp-content\/uploads\/2020\/08\/Cocora_Valley_Colombia-17-300x200.jpg 300w, https:\/\/1001voyagesgourmands.com\/wp-content\/uploads\/2020\/08\/Cocora_Valley_Colombia-17-768x512.jpg 768w, https:\/\/1001voyagesgourmands.com\/wp-content\/uploads\/2020\/08\/Cocora_Valley_Colombia-17-1170x780.jpg 1170w, https:\/\/1001voyagesgourmands.com\/wp-content\/uploads\/2020\/08\/Cocora_Valley_Colombia-17-1920x1280.jpg 1920w, https:\/\/1001voyagesgourmands.com\/wp-content\/uploads\/2020\/08\/Cocora_Valley_Colombia-17-585x390.jpg 585w, https:\/\/1001voyagesgourmands.com\/wp-content\/uploads\/2020\/08\/Cocora_Valley_Colombia-17-263x175.jpg 263w\" sizes=\"auto, (max-width: 1024px) 100vw, 1024px\" \/><\/p>\n<p><img loading=\"lazy\" decoding=\"async\" class=\"aligncenter wp-image-27132\" src=\"http:\/\/1001voyagesgourmands.com\/wp-content\/uploads\/2020\/08\/Cocora_Valley_Colombia-25-683x1024.jpg\" alt=\"\" width=\"964\" height=\"1445\" srcset=\"https:\/\/1001voyagesgourmands.com\/wp-content\/uploads\/2020\/08\/Cocora_Valley_Colombia-25-683x1024.jpg 683w, https:\/\/1001voyagesgourmands.com\/wp-content\/uploads\/2020\/08\/Cocora_Valley_Colombia-25-200x300.jpg 200w, https:\/\/1001voyagesgourmands.com\/wp-content\/uploads\/2020\/08\/Cocora_Valley_Colombia-25-768x1152.jpg 768w, https:\/\/1001voyagesgourmands.com\/wp-content\/uploads\/2020\/08\/Cocora_Valley_Colombia-25-1170x1755.jpg 1170w, https:\/\/1001voyagesgourmands.com\/wp-content\/uploads\/2020\/08\/Cocora_Valley_Colombia-25-1920x2880.jpg 1920w, https:\/\/1001voyagesgourmands.com\/wp-content\/uploads\/2020\/08\/Cocora_Valley_Colombia-25-585x878.jpg 585w, https:\/\/1001voyagesgourmands.com\/wp-content\/uploads\/2020\/08\/Cocora_Valley_Colombia-25.jpg 2000w\" sizes=\"auto, (max-width: 964px) 100vw, 964px\" \/><\/p>\n<p><img loading=\"lazy\" decoding=\"async\" class=\"aligncenter size-large wp-image-27120\" src=\"http:\/\/1001voyagesgourmands.com\/wp-content\/uploads\/2020\/08\/Cocora_Valley_Colombia-19-1024x683.jpg\" alt=\"N\u00e1rodn\u00ed park Valle de Cocora je \u00fachvatn\u00e9 m\u00edsto na Zemi a v\u00fdletov\u00e1n\u00ed v \u00fadol\u00ed Cocora je aktivita, kterou byste ur\u010dit\u011b v Kolumbii nem\u011bli opomenout!\" width=\"1024\" height=\"683\" srcset=\"https:\/\/1001voyagesgourmands.com\/wp-content\/uploads\/2020\/08\/Cocora_Valley_Colombia-19-1024x683.jpg 1024w, https:\/\/1001voyagesgourmands.com\/wp-content\/uploads\/2020\/08\/Cocora_Valley_Colombia-19-300x200.jpg 300w, https:\/\/1001voyagesgourmands.com\/wp-content\/uploads\/2020\/08\/Cocora_Valley_Colombia-19-768x512.jpg 768w, https:\/\/1001voyagesgourmands.com\/wp-content\/uploads\/2020\/08\/Cocora_Valley_Colombia-19-1170x780.jpg 1170w, https:\/\/1001voyagesgourmands.com\/wp-content\/uploads\/2020\/08\/Cocora_Valley_Colombia-19-1920x1280.jpg 1920w, https:\/\/1001voyagesgourmands.com\/wp-content\/uploads\/2020\/08\/Cocora_Valley_Colombia-19-585x390.jpg 585w, https:\/\/1001voyagesgourmands.com\/wp-content\/uploads\/2020\/08\/Cocora_Valley_Colombia-19-263x175.jpg 263w\" sizes=\"auto, (max-width: 1024px) 100vw, 1024px\" \/><\/p>\n<p><img loading=\"lazy\" decoding=\"async\" class=\"aligncenter wp-image-27122\" src=\"http:\/\/1001voyagesgourmands.com\/wp-content\/uploads\/2020\/08\/Cocora_Valley_Colombia-20-683x1024.jpg\" alt=\"N\u00e1rodn\u00ed park Valle de Cocora je \u00fachvatn\u00e9 m\u00edsto na Zemi a v\u00fdletov\u00e1n\u00ed v \u00fadol\u00ed Cocora je aktivita, kterou byste ur\u010dit\u011b v Kolumbii nem\u011bli opomenout!\" width=\"1011\" height=\"1516\" srcset=\"https:\/\/1001voyagesgourmands.com\/wp-content\/uploads\/2020\/08\/Cocora_Valley_Colombia-20-683x1024.jpg 683w, https:\/\/1001voyagesgourmands.com\/wp-content\/uploads\/2020\/08\/Cocora_Valley_Colombia-20-200x300.jpg 200w, https:\/\/1001voyagesgourmands.com\/wp-content\/uploads\/2020\/08\/Cocora_Valley_Colombia-20-768x1152.jpg 768w, https:\/\/1001voyagesgourmands.com\/wp-content\/uploads\/2020\/08\/Cocora_Valley_Colombia-20-1170x1755.jpg 1170w, https:\/\/1001voyagesgourmands.com\/wp-content\/uploads\/2020\/08\/Cocora_Valley_Colombia-20-1920x2880.jpg 1920w, https:\/\/1001voyagesgourmands.com\/wp-content\/uploads\/2020\/08\/Cocora_Valley_Colombia-20-585x878.jpg 585w, https:\/\/1001voyagesgourmands.com\/wp-content\/uploads\/2020\/08\/Cocora_Valley_Colombia-20.jpg 2000w\" sizes=\"auto, (max-width: 1011px) 100vw, 1011px\" \/><\/p>\n<p><img loading=\"lazy\" decoding=\"async\" class=\"aligncenter size-large wp-image-27118\" src=\"http:\/\/1001voyagesgourmands.com\/wp-content\/uploads\/2020\/08\/Cocora_Valley_Colombia-18-1024x683.jpg\" alt=\"N\u00e1rodn\u00ed park Valle de Cocora je \u00fachvatn\u00e9 m\u00edsto na Zemi a v\u00fdletov\u00e1n\u00ed v \u00fadol\u00ed Cocora je aktivita, kterou byste ur\u010dit\u011b v Kolumbii nem\u011bli opomenout!\" width=\"1024\" height=\"683\" srcset=\"https:\/\/1001voyagesgourmands.com\/wp-content\/uploads\/2020\/08\/Cocora_Valley_Colombia-18-1024x683.jpg 1024w, https:\/\/1001voyagesgourmands.com\/wp-content\/uploads\/2020\/08\/Cocora_Valley_Colombia-18-300x200.jpg 300w, https:\/\/1001voyagesgourmands.com\/wp-content\/uploads\/2020\/08\/Cocora_Valley_Colombia-18-768x512.jpg 768w, https:\/\/1001voyagesgourmands.com\/wp-content\/uploads\/2020\/08\/Cocora_Valley_Colombia-18-1170x780.jpg 1170w, https:\/\/1001voyagesgourmands.com\/wp-content\/uploads\/2020\/08\/Cocora_Valley_Colombia-18-1920x1280.jpg 1920w, https:\/\/1001voyagesgourmands.com\/wp-content\/uploads\/2020\/08\/Cocora_Valley_Colombia-18-585x390.jpg 585w, https:\/\/1001voyagesgourmands.com\/wp-content\/uploads\/2020\/08\/Cocora_Valley_Colombia-18-263x175.jpg 263w\" sizes=\"auto, (max-width: 1024px) 100vw, 1024px\" \/><\/p>\n<p><img loading=\"lazy\" decoding=\"async\" class=\"aligncenter size-large wp-image-27124\" src=\"http:\/\/1001voyagesgourmands.com\/wp-content\/uploads\/2020\/08\/Cocora_Valley_Colombia-21-1024x683.jpg\" alt=\"N\u00e1rodn\u00ed park Valle de Cocora je \u00fachvatn\u00e9 m\u00edsto na Zemi a v\u00fdletov\u00e1n\u00ed v \u00fadol\u00ed Cocora je aktivita, kterou byste ur\u010dit\u011b v Kolumbii nem\u011bli opomenout!\" width=\"1024\" height=\"683\" srcset=\"https:\/\/1001voyagesgourmands.com\/wp-content\/uploads\/2020\/08\/Cocora_Valley_Colombia-21-1024x683.jpg 1024w, https:\/\/1001voyagesgourmands.com\/wp-content\/uploads\/2020\/08\/Cocora_Valley_Colombia-21-300x200.jpg 300w, https:\/\/1001voyagesgourmands.com\/wp-content\/uploads\/2020\/08\/Cocora_Valley_Colombia-21-768x512.jpg 768w, https:\/\/1001voyagesgourmands.com\/wp-content\/uploads\/2020\/08\/Cocora_Valley_Colombia-21-1170x780.jpg 1170w, https:\/\/1001voyagesgourmands.com\/wp-content\/uploads\/2020\/08\/Cocora_Valley_Colombia-21-1920x1280.jpg 1920w, https:\/\/1001voyagesgourmands.com\/wp-content\/uploads\/2020\/08\/Cocora_Valley_Colombia-21-585x390.jpg 585w, https:\/\/1001voyagesgourmands.com\/wp-content\/uploads\/2020\/08\/Cocora_Valley_Colombia-21-263x175.jpg 263w\" sizes=\"auto, (max-width: 1024px) 100vw, 1024px\" \/><\/p>\n<p><img loading=\"lazy\" decoding=\"async\" class=\"aligncenter wp-image-27126\" src=\"http:\/\/1001voyagesgourmands.com\/wp-content\/uploads\/2020\/08\/Cocora_Valley_Colombia-22-683x1024.jpg\" alt=\"N\u00e1rodn\u00ed park Valle de Cocora je \u00fachvatn\u00e9 m\u00edsto na Zemi a v\u00fdletov\u00e1n\u00ed v \u00fadol\u00ed Cocora je aktivita, kterou byste ur\u010dit\u011b v Kolumbii nem\u011bli opomenout!\" width=\"918\" height=\"1376\" srcset=\"https:\/\/1001voyagesgourmands.com\/wp-content\/uploads\/2020\/08\/Cocora_Valley_Colombia-22-683x1024.jpg 683w, https:\/\/1001voyagesgourmands.com\/wp-content\/uploads\/2020\/08\/Cocora_Valley_Colombia-22-200x300.jpg 200w, https:\/\/1001voyagesgourmands.com\/wp-content\/uploads\/2020\/08\/Cocora_Valley_Colombia-22-768x1152.jpg 768w, https:\/\/1001voyagesgourmands.com\/wp-content\/uploads\/2020\/08\/Cocora_Valley_Colombia-22-1170x1755.jpg 1170w, https:\/\/1001voyagesgourmands.com\/wp-content\/uploads\/2020\/08\/Cocora_Valley_Colombia-22-1920x2880.jpg 1920w, https:\/\/1001voyagesgourmands.com\/wp-content\/uploads\/2020\/08\/Cocora_Valley_Colombia-22-585x878.jpg 585w, https:\/\/1001voyagesgourmands.com\/wp-content\/uploads\/2020\/08\/Cocora_Valley_Colombia-22.jpg 2000w\" sizes=\"auto, (max-width: 918px) 100vw, 918px\" \/><\/p>\n<p><img loading=\"lazy\" decoding=\"async\" class=\"aligncenter size-large wp-image-27128\" src=\"http:\/\/1001voyagesgourmands.com\/wp-content\/uploads\/2020\/08\/Cocora_Valley_Colombia-23-1024x683.jpg\" alt=\"\" width=\"1024\" height=\"683\" srcset=\"https:\/\/1001voyagesgourmands.com\/wp-content\/uploads\/2020\/08\/Cocora_Valley_Colombia-23-1024x683.jpg 1024w, https:\/\/1001voyagesgourmands.com\/wp-content\/uploads\/2020\/08\/Cocora_Valley_Colombia-23-300x200.jpg 300w, https:\/\/1001voyagesgourmands.com\/wp-content\/uploads\/2020\/08\/Cocora_Valley_Colombia-23-768x512.jpg 768w, https:\/\/1001voyagesgourmands.com\/wp-content\/uploads\/2020\/08\/Cocora_Valley_Colombia-23-1170x780.jpg 1170w, https:\/\/1001voyagesgourmands.com\/wp-content\/uploads\/2020\/08\/Cocora_Valley_Colombia-23-1920x1280.jpg 1920w, https:\/\/1001voyagesgourmands.com\/wp-content\/uploads\/2020\/08\/Cocora_Valley_Colombia-23-585x390.jpg 585w, https:\/\/1001voyagesgourmands.com\/wp-content\/uploads\/2020\/08\/Cocora_Valley_Colombia-23-263x175.jpg 263w\" sizes=\"auto, (max-width: 1024px) 100vw, 1024px\" \/><\/p>\n<p><img loading=\"lazy\" decoding=\"async\" class=\"aligncenter size-large wp-image-27130\" src=\"http:\/\/1001voyagesgourmands.com\/wp-content\/uploads\/2020\/08\/Cocora_Valley_Colombia-24-1024x683.jpg\" alt=\"\" width=\"1024\" height=\"683\" srcset=\"https:\/\/1001voyagesgourmands.com\/wp-content\/uploads\/2020\/08\/Cocora_Valley_Colombia-24-1024x683.jpg 1024w, https:\/\/1001voyagesgourmands.com\/wp-content\/uploads\/2020\/08\/Cocora_Valley_Colombia-24-300x200.jpg 300w, https:\/\/1001voyagesgourmands.com\/wp-content\/uploads\/2020\/08\/Cocora_Valley_Colombia-24-768x512.jpg 768w, https:\/\/1001voyagesgourmands.com\/wp-content\/uploads\/2020\/08\/Cocora_Valley_Colombia-24-1170x780.jpg 1170w, https:\/\/1001voyagesgourmands.com\/wp-content\/uploads\/2020\/08\/Cocora_Valley_Colombia-24-1920x1280.jpg 1920w, https:\/\/1001voyagesgourmands.com\/wp-content\/uploads\/2020\/08\/Cocora_Valley_Colombia-24-585x390.jpg 585w, https:\/\/1001voyagesgourmands.com\/wp-content\/uploads\/2020\/08\/Cocora_Valley_Colombia-24-263x175.jpg 263w\" sizes=\"auto, (max-width: 1024px) 100vw, 1024px\" \/><\/p>\n<p><img loading=\"lazy\" decoding=\"async\" class=\"aligncenter wp-image-27134\" src=\"http:\/\/1001voyagesgourmands.com\/wp-content\/uploads\/2020\/08\/Cocora_Valley_Colombia-26-683x1024.jpg\" alt=\"\" width=\"906\" height=\"1358\" srcset=\"https:\/\/1001voyagesgourmands.com\/wp-content\/uploads\/2020\/08\/Cocora_Valley_Colombia-26-683x1024.jpg 683w, https:\/\/1001voyagesgourmands.com\/wp-content\/uploads\/2020\/08\/Cocora_Valley_Colombia-26-200x300.jpg 200w, https:\/\/1001voyagesgourmands.com\/wp-content\/uploads\/2020\/08\/Cocora_Valley_Colombia-26-768x1152.jpg 768w, https:\/\/1001voyagesgourmands.com\/wp-content\/uploads\/2020\/08\/Cocora_Valley_Colombia-26-1170x1755.jpg 1170w, https:\/\/1001voyagesgourmands.com\/wp-content\/uploads\/2020\/08\/Cocora_Valley_Colombia-26-1920x2880.jpg 1920w, https:\/\/1001voyagesgourmands.com\/wp-content\/uploads\/2020\/08\/Cocora_Valley_Colombia-26-585x878.jpg 585w, https:\/\/1001voyagesgourmands.com\/wp-content\/uploads\/2020\/08\/Cocora_Valley_Colombia-26.jpg 2000w\" sizes=\"auto, (max-width: 906px) 100vw, 906px\" \/><\/p>\n<p><img loading=\"lazy\" decoding=\"async\" class=\"aligncenter size-large wp-image-27143\" src=\"http:\/\/1001voyagesgourmands.com\/wp-content\/uploads\/2020\/08\/Cocora_Valley_Colombia-40-1024x683.jpg\" alt=\"\" width=\"1024\" height=\"683\" srcset=\"https:\/\/1001voyagesgourmands.com\/wp-content\/uploads\/2020\/08\/Cocora_Valley_Colombia-40-1024x683.jpg 1024w, https:\/\/1001voyagesgourmands.com\/wp-content\/uploads\/2020\/08\/Cocora_Valley_Colombia-40-300x200.jpg 300w, https:\/\/1001voyagesgourmands.com\/wp-content\/uploads\/2020\/08\/Cocora_Valley_Colombia-40-768x512.jpg 768w, https:\/\/1001voyagesgourmands.com\/wp-content\/uploads\/2020\/08\/Cocora_Valley_Colombia-40-1170x780.jpg 1170w, https:\/\/1001voyagesgourmands.com\/wp-content\/uploads\/2020\/08\/Cocora_Valley_Colombia-40-1920x1280.jpg 1920w, https:\/\/1001voyagesgourmands.com\/wp-content\/uploads\/2020\/08\/Cocora_Valley_Colombia-40-585x390.jpg 585w, https:\/\/1001voyagesgourmands.com\/wp-content\/uploads\/2020\/08\/Cocora_Valley_Colombia-40-263x175.jpg 263w\" sizes=\"auto, (max-width: 1024px) 100vw, 1024px\" \/><\/p>\n<p><img loading=\"lazy\" decoding=\"async\" class=\"aligncenter wp-image-27136\" src=\"http:\/\/1001voyagesgourmands.com\/wp-content\/uploads\/2020\/08\/Cocora_Valley_Colombia-27-683x1024.jpg\" alt=\"\" width=\"966\" height=\"1448\" srcset=\"https:\/\/1001voyagesgourmands.com\/wp-content\/uploads\/2020\/08\/Cocora_Valley_Colombia-27-683x1024.jpg 683w, https:\/\/1001voyagesgourmands.com\/wp-content\/uploads\/2020\/08\/Cocora_Valley_Colombia-27-200x300.jpg 200w, https:\/\/1001voyagesgourmands.com\/wp-content\/uploads\/2020\/08\/Cocora_Valley_Colombia-27-768x1152.jpg 768w, https:\/\/1001voyagesgourmands.com\/wp-content\/uploads\/2020\/08\/Cocora_Valley_Colombia-27-1170x1755.jpg 1170w, https:\/\/1001voyagesgourmands.com\/wp-content\/uploads\/2020\/08\/Cocora_Valley_Colombia-27-1920x2880.jpg 1920w, https:\/\/1001voyagesgourmands.com\/wp-content\/uploads\/2020\/08\/Cocora_Valley_Colombia-27-585x878.jpg 585w, https:\/\/1001voyagesgourmands.com\/wp-content\/uploads\/2020\/08\/Cocora_Valley_Colombia-27.jpg 2000w\" sizes=\"auto, (max-width: 966px) 100vw, 966px\" \/><\/p>\n<p><img loading=\"lazy\" decoding=\"async\" class=\"aligncenter size-large wp-image-27138\" src=\"http:\/\/1001voyagesgourmands.com\/wp-content\/uploads\/2020\/08\/Cocora_Valley_Colombia-28-1024x683.jpg\" alt=\"\" width=\"1024\" height=\"683\" srcset=\"https:\/\/1001voyagesgourmands.com\/wp-content\/uploads\/2020\/08\/Cocora_Valley_Colombia-28-1024x683.jpg 1024w, https:\/\/1001voyagesgourmands.com\/wp-content\/uploads\/2020\/08\/Cocora_Valley_Colombia-28-300x200.jpg 300w, https:\/\/1001voyagesgourmands.com\/wp-content\/uploads\/2020\/08\/Cocora_Valley_Colombia-28-768x512.jpg 768w, https:\/\/1001voyagesgourmands.com\/wp-content\/uploads\/2020\/08\/Cocora_Valley_Colombia-28-1170x780.jpg 1170w, https:\/\/1001voyagesgourmands.com\/wp-content\/uploads\/2020\/08\/Cocora_Valley_Colombia-28-1920x1280.jpg 1920w, https:\/\/1001voyagesgourmands.com\/wp-content\/uploads\/2020\/08\/Cocora_Valley_Colombia-28-585x390.jpg 585w, https:\/\/1001voyagesgourmands.com\/wp-content\/uploads\/2020\/08\/Cocora_Valley_Colombia-28-263x175.jpg 263w\" sizes=\"auto, (max-width: 1024px) 100vw, 1024px\" \/><\/p>\n<p><img loading=\"lazy\" decoding=\"async\" class=\"aligncenter size-large wp-image-27140\" src=\"http:\/\/1001voyagesgourmands.com\/wp-content\/uploads\/2020\/08\/Cocora_Valley_Colombia-29-1024x683.jpg\" alt=\"\" width=\"1024\" height=\"683\" srcset=\"https:\/\/1001voyagesgourmands.com\/wp-content\/uploads\/2020\/08\/Cocora_Valley_Colombia-29-1024x683.jpg 1024w, https:\/\/1001voyagesgourmands.com\/wp-content\/uploads\/2020\/08\/Cocora_Valley_Colombia-29-300x200.jpg 300w, https:\/\/1001voyagesgourmands.com\/wp-content\/uploads\/2020\/08\/Cocora_Valley_Colombia-29-768x512.jpg 768w, https:\/\/1001voyagesgourmands.com\/wp-content\/uploads\/2020\/08\/Cocora_Valley_Colombia-29-1170x780.jpg 1170w, https:\/\/1001voyagesgourmands.com\/wp-content\/uploads\/2020\/08\/Cocora_Valley_Colombia-29-1920x1280.jpg 1920w, https:\/\/1001voyagesgourmands.com\/wp-content\/uploads\/2020\/08\/Cocora_Valley_Colombia-29-585x390.jpg 585w, https:\/\/1001voyagesgourmands.com\/wp-content\/uploads\/2020\/08\/Cocora_Valley_Colombia-29-263x175.jpg 263w\" sizes=\"auto, (max-width: 1024px) 100vw, 1024px\" \/><\/p>\n","protected":false},"excerpt":{"rendered":"<p>Minul\u00fd t\u00fdden jsem psala o zast\u00e1vce v Salentu a n\u00e1v\u0161t\u011bv\u011b k\u00e1vov\u00e9 farmy Finca El Ocaso, a dnes p\u0159id\u00e1m n\u011bco o n\u00e1sledn\u00e9m v\u00fdletov\u00e1n\u00ed v \u00fadol\u00ed Cocora. Za n\u00e1s mohu \u0159\u00edct, \u017ee n\u00e1rodn\u00ed park Valle de Cocora je \u00fachvatn\u00e9 m\u00edsto na Zemi a v\u00fdletov\u00e1n\u00ed v \u00fadol\u00ed Cocora je aktivita, kterou byste ur\u010dit\u011b&hellip;<\/p>\n","protected":false},"author":1,"featured_media":27088,"comment_status":"open","ping_status":"open","sticky":false,"template":"","format":"standard","meta":{"_exactmetrics_skip_tracking":false,"_exactmetrics_sitenote_active":false,"_exactmetrics_sitenote_note":"","_exactmetrics_sitenote_category":0,"_lmt_disableupdate":"","_lmt_disable":"","footnotes":""},"categories":[4,554],"tags":[],"class_list":["post-26806","post","type-post","status-publish","format-standard","has-post-thumbnail","hentry","category-cestovani","category-kolumbie"],"yoast_head":"<!-- This site is optimized with the Yoast SEO plugin v26.1.1 - https:\/\/yoast.com\/wordpress\/plugins\/seo\/ -->\n<title>V\u00fdletov\u00e1n\u00ed v \u00fadol\u00ed Cocora, kr\u00e1lovstv\u00ed vysok\u00fdch palem sahaj\u00edc\u00edch do oblak - 1001 Voyages Gourmands<\/title>\n<meta name=\"description\" content=\"N\u00e1rodn\u00ed park Valle de Cocora je \u00fachvatn\u00e9 m\u00edsto na Zemi a v\u00fdletov\u00e1n\u00ed v \u00fadol\u00ed Cocora je aktivita, kterou byste ur\u010dit\u011b v Kolumbii nem\u011bli opomenout!\" \/>\n<meta name=\"robots\" content=\"index, follow, max-snippet:-1, max-image-preview:large, max-video-preview:-1\" \/>\n<link rel=\"canonical\" href=\"https:\/\/1001voyagesgourmands.com\/cs\/vyletovani-v-udoli-cocora-kralovstvi-vysokych-palem-sahajicich-do-oblak\/\" \/>\n<meta property=\"og:locale\" content=\"cs_CZ\" \/>\n<meta property=\"og:type\" content=\"article\" \/>\n<meta property=\"og:title\" content=\"V\u00fdletov\u00e1n\u00ed v \u00fadol\u00ed Cocora, kr\u00e1lovstv\u00ed vysok\u00fdch palem sahaj\u00edc\u00edch do oblak - 1001 Voyages Gourmands\" \/>\n<meta property=\"og:description\" content=\"N\u00e1rodn\u00ed park Valle de Cocora je \u00fachvatn\u00e9 m\u00edsto na Zemi a v\u00fdletov\u00e1n\u00ed v \u00fadol\u00ed Cocora je aktivita, kterou byste ur\u010dit\u011b v Kolumbii nem\u011bli opomenout!\" \/>\n<meta property=\"og:url\" content=\"https:\/\/1001voyagesgourmands.com\/cs\/vyletovani-v-udoli-cocora-kralovstvi-vysokych-palem-sahajicich-do-oblak\/\" \/>\n<meta property=\"og:site_name\" content=\"1001 Voyages Gourmands\" \/>\n<meta property=\"article:publisher\" content=\"https:\/\/www.facebook.com\/1001voyagesgourmands\" \/>\n<meta property=\"article:published_time\" content=\"2020-08-12T12:54:45+00:00\" \/>\n<meta property=\"article:modified_time\" content=\"2020-08-12T12:55:28+00:00\" \/>\n<meta property=\"og:image\" content=\"https:\/\/1001voyagesgourmands.com\/wp-content\/uploads\/2020\/08\/Cocora_Valley_Colombia-3.jpg\" \/>\n\t<meta property=\"og:image:width\" content=\"2000\" \/>\n\t<meta property=\"og:image:height\" content=\"3000\" \/>\n\t<meta property=\"og:image:type\" content=\"image\/jpeg\" \/>\n<meta name=\"author\" content=\"Michaela\" \/>\n<meta name=\"twitter:card\" content=\"summary_large_image\" \/>\n<meta name=\"twitter:creator\" content=\"@michaela_1001vg\" \/>\n<meta name=\"twitter:site\" content=\"@michaela_1001vg\" \/>\n<meta name=\"twitter:label1\" content=\"Napsal(a)\" \/>\n\t<meta name=\"twitter:data1\" content=\"Michaela\" \/>\n\t<meta name=\"twitter:label2\" content=\"Odhadovan\u00e1 doba \u010dten\u00ed\" \/>\n\t<meta name=\"twitter:data2\" content=\"3 minuty\" \/>\n<script type=\"application\/ld+json\" class=\"yoast-schema-graph\">{\"@context\":\"https:\/\/schema.org\",\"@graph\":[{\"@type\":\"WebPage\",\"@id\":\"https:\/\/1001voyagesgourmands.com\/cs\/vyletovani-v-udoli-cocora-kralovstvi-vysokych-palem-sahajicich-do-oblak\/\",\"url\":\"https:\/\/1001voyagesgourmands.com\/cs\/vyletovani-v-udoli-cocora-kralovstvi-vysokych-palem-sahajicich-do-oblak\/\",\"name\":\"V\u00fdletov\u00e1n\u00ed v \u00fadol\u00ed Cocora, kr\u00e1lovstv\u00ed vysok\u00fdch palem sahaj\u00edc\u00edch do oblak - 1001 Voyages Gourmands\",\"isPartOf\":{\"@id\":\"https:\/\/1001voyagesgourmands.com\/cs\/#website\"},\"primaryImageOfPage\":{\"@id\":\"https:\/\/1001voyagesgourmands.com\/cs\/vyletovani-v-udoli-cocora-kralovstvi-vysokych-palem-sahajicich-do-oblak\/#primaryimage\"},\"image\":{\"@id\":\"https:\/\/1001voyagesgourmands.com\/cs\/vyletovani-v-udoli-cocora-kralovstvi-vysokych-palem-sahajicich-do-oblak\/#primaryimage\"},\"thumbnailUrl\":\"https:\/\/1001voyagesgourmands.com\/wp-content\/uploads\/2020\/08\/Cocora_Valley_Colombia-3.jpg\",\"datePublished\":\"2020-08-12T12:54:45+00:00\",\"dateModified\":\"2020-08-12T12:55:28+00:00\",\"author\":{\"@id\":\"https:\/\/1001voyagesgourmands.com\/cs\/#\/schema\/person\/62e0e7238fcf7482b23bf83e1b72ff1b\"},\"description\":\"N\u00e1rodn\u00ed park Valle de Cocora je \u00fachvatn\u00e9 m\u00edsto na Zemi a v\u00fdletov\u00e1n\u00ed v \u00fadol\u00ed Cocora je aktivita, kterou byste ur\u010dit\u011b v Kolumbii nem\u011bli opomenout!\",\"breadcrumb\":{\"@id\":\"https:\/\/1001voyagesgourmands.com\/cs\/vyletovani-v-udoli-cocora-kralovstvi-vysokych-palem-sahajicich-do-oblak\/#breadcrumb\"},\"inLanguage\":\"cs\",\"potentialAction\":[{\"@type\":\"ReadAction\",\"target\":[\"https:\/\/1001voyagesgourmands.com\/cs\/vyletovani-v-udoli-cocora-kralovstvi-vysokych-palem-sahajicich-do-oblak\/\"]}]},{\"@type\":\"ImageObject\",\"inLanguage\":\"cs\",\"@id\":\"https:\/\/1001voyagesgourmands.com\/cs\/vyletovani-v-udoli-cocora-kralovstvi-vysokych-palem-sahajicich-do-oblak\/#primaryimage\",\"url\":\"https:\/\/1001voyagesgourmands.com\/wp-content\/uploads\/2020\/08\/Cocora_Valley_Colombia-3.jpg\",\"contentUrl\":\"https:\/\/1001voyagesgourmands.com\/wp-content\/uploads\/2020\/08\/Cocora_Valley_Colombia-3.jpg\",\"width\":2000,\"height\":3000,\"caption\":\"Hiking in the stunning Cocora Valley National Park among the tall wax palm trees reaching the clouds is a MUST DO activity when you are in Colombia!\"},{\"@type\":\"BreadcrumbList\",\"@id\":\"https:\/\/1001voyagesgourmands.com\/cs\/vyletovani-v-udoli-cocora-kralovstvi-vysokych-palem-sahajicich-do-oblak\/#breadcrumb\",\"itemListElement\":[{\"@type\":\"ListItem\",\"position\":1,\"name\":\"Dom\u016f\",\"item\":\"https:\/\/1001voyagesgourmands.com\/cs\/\"},{\"@type\":\"ListItem\",\"position\":2,\"name\":\"V\u00fdletov\u00e1n\u00ed v \u00fadol\u00ed Cocora, kr\u00e1lovstv\u00ed vysok\u00fdch palem sahaj\u00edc\u00edch do oblak\"}]},{\"@type\":\"WebSite\",\"@id\":\"https:\/\/1001voyagesgourmands.com\/cs\/#website\",\"url\":\"https:\/\/1001voyagesgourmands.com\/cs\/\",\"name\":\"1001 Voyages Gourmands\",\"description\":\"Food | Travel | Photography\",\"potentialAction\":[{\"@type\":\"SearchAction\",\"target\":{\"@type\":\"EntryPoint\",\"urlTemplate\":\"https:\/\/1001voyagesgourmands.com\/cs\/?s={search_term_string}\"},\"query-input\":{\"@type\":\"PropertyValueSpecification\",\"valueRequired\":true,\"valueName\":\"search_term_string\"}}],\"inLanguage\":\"cs\"},{\"@type\":\"Person\",\"@id\":\"https:\/\/1001voyagesgourmands.com\/cs\/#\/schema\/person\/62e0e7238fcf7482b23bf83e1b72ff1b\",\"name\":\"Michaela\",\"image\":{\"@type\":\"ImageObject\",\"inLanguage\":\"cs\",\"@id\":\"https:\/\/1001voyagesgourmands.com\/cs\/#\/schema\/person\/image\/\",\"url\":\"https:\/\/secure.gravatar.com\/avatar\/73fa562a5b0ce269ca480f67de504b8ecac054a121d170e226f1b79e02024cb8?s=96&d=mm&r=g\",\"contentUrl\":\"https:\/\/secure.gravatar.com\/avatar\/73fa562a5b0ce269ca480f67de504b8ecac054a121d170e226f1b79e02024cb8?s=96&d=mm&r=g\",\"caption\":\"Michaela\"},\"sameAs\":[\"http:\/\/1001voyagesgourmands.com\"]}]}<\/script>\n<!-- \/ Yoast SEO plugin. -->","yoast_head_json":{"title":"V\u00fdletov\u00e1n\u00ed v \u00fadol\u00ed Cocora, kr\u00e1lovstv\u00ed vysok\u00fdch palem sahaj\u00edc\u00edch do oblak - 1001 Voyages Gourmands","description":"N\u00e1rodn\u00ed park Valle de Cocora je \u00fachvatn\u00e9 m\u00edsto na Zemi a v\u00fdletov\u00e1n\u00ed v \u00fadol\u00ed Cocora je aktivita, kterou byste ur\u010dit\u011b v Kolumbii nem\u011bli opomenout!","robots":{"index":"index","follow":"follow","max-snippet":"max-snippet:-1","max-image-preview":"max-image-preview:large","max-video-preview":"max-video-preview:-1"},"canonical":"https:\/\/1001voyagesgourmands.com\/cs\/vyletovani-v-udoli-cocora-kralovstvi-vysokych-palem-sahajicich-do-oblak\/","og_locale":"cs_CZ","og_type":"article","og_title":"V\u00fdletov\u00e1n\u00ed v \u00fadol\u00ed Cocora, kr\u00e1lovstv\u00ed vysok\u00fdch palem sahaj\u00edc\u00edch do oblak - 1001 Voyages Gourmands","og_description":"N\u00e1rodn\u00ed park Valle de Cocora je \u00fachvatn\u00e9 m\u00edsto na Zemi a v\u00fdletov\u00e1n\u00ed v \u00fadol\u00ed Cocora je aktivita, kterou byste ur\u010dit\u011b v Kolumbii nem\u011bli opomenout!","og_url":"https:\/\/1001voyagesgourmands.com\/cs\/vyletovani-v-udoli-cocora-kralovstvi-vysokych-palem-sahajicich-do-oblak\/","og_site_name":"1001 Voyages Gourmands","article_publisher":"https:\/\/www.facebook.com\/1001voyagesgourmands","article_published_time":"2020-08-12T12:54:45+00:00","article_modified_time":"2020-08-12T12:55:28+00:00","og_image":[{"width":2000,"height":3000,"url":"https:\/\/1001voyagesgourmands.com\/wp-content\/uploads\/2020\/08\/Cocora_Valley_Colombia-3.jpg","type":"image\/jpeg"}],"author":"Michaela","twitter_card":"summary_large_image","twitter_creator":"@michaela_1001vg","twitter_site":"@michaela_1001vg","twitter_misc":{"Napsal(a)":"Michaela","Odhadovan\u00e1 doba \u010dten\u00ed":"3 minuty"},"schema":{"@context":"https:\/\/schema.org","@graph":[{"@type":"WebPage","@id":"https:\/\/1001voyagesgourmands.com\/cs\/vyletovani-v-udoli-cocora-kralovstvi-vysokych-palem-sahajicich-do-oblak\/","url":"https:\/\/1001voyagesgourmands.com\/cs\/vyletovani-v-udoli-cocora-kralovstvi-vysokych-palem-sahajicich-do-oblak\/","name":"V\u00fdletov\u00e1n\u00ed v \u00fadol\u00ed Cocora, kr\u00e1lovstv\u00ed vysok\u00fdch palem sahaj\u00edc\u00edch do oblak - 1001 Voyages Gourmands","isPartOf":{"@id":"https:\/\/1001voyagesgourmands.com\/cs\/#website"},"primaryImageOfPage":{"@id":"https:\/\/1001voyagesgourmands.com\/cs\/vyletovani-v-udoli-cocora-kralovstvi-vysokych-palem-sahajicich-do-oblak\/#primaryimage"},"image":{"@id":"https:\/\/1001voyagesgourmands.com\/cs\/vyletovani-v-udoli-cocora-kralovstvi-vysokych-palem-sahajicich-do-oblak\/#primaryimage"},"thumbnailUrl":"https:\/\/1001voyagesgourmands.com\/wp-content\/uploads\/2020\/08\/Cocora_Valley_Colombia-3.jpg","datePublished":"2020-08-12T12:54:45+00:00","dateModified":"2020-08-12T12:55:28+00:00","author":{"@id":"https:\/\/1001voyagesgourmands.com\/cs\/#\/schema\/person\/62e0e7238fcf7482b23bf83e1b72ff1b"},"description":"N\u00e1rodn\u00ed park Valle de Cocora je \u00fachvatn\u00e9 m\u00edsto na Zemi a v\u00fdletov\u00e1n\u00ed v \u00fadol\u00ed Cocora je aktivita, kterou byste ur\u010dit\u011b v Kolumbii nem\u011bli opomenout!","breadcrumb":{"@id":"https:\/\/1001voyagesgourmands.com\/cs\/vyletovani-v-udoli-cocora-kralovstvi-vysokych-palem-sahajicich-do-oblak\/#breadcrumb"},"inLanguage":"cs","potentialAction":[{"@type":"ReadAction","target":["https:\/\/1001voyagesgourmands.com\/cs\/vyletovani-v-udoli-cocora-kralovstvi-vysokych-palem-sahajicich-do-oblak\/"]}]},{"@type":"ImageObject","inLanguage":"cs","@id":"https:\/\/1001voyagesgourmands.com\/cs\/vyletovani-v-udoli-cocora-kralovstvi-vysokych-palem-sahajicich-do-oblak\/#primaryimage","url":"https:\/\/1001voyagesgourmands.com\/wp-content\/uploads\/2020\/08\/Cocora_Valley_Colombia-3.jpg","contentUrl":"https:\/\/1001voyagesgourmands.com\/wp-content\/uploads\/2020\/08\/Cocora_Valley_Colombia-3.jpg","width":2000,"height":3000,"caption":"Hiking in the stunning Cocora Valley National Park among the tall wax palm trees reaching the clouds is a MUST DO activity when you are in Colombia!"},{"@type":"BreadcrumbList","@id":"https:\/\/1001voyagesgourmands.com\/cs\/vyletovani-v-udoli-cocora-kralovstvi-vysokych-palem-sahajicich-do-oblak\/#breadcrumb","itemListElement":[{"@type":"ListItem","position":1,"name":"Dom\u016f","item":"https:\/\/1001voyagesgourmands.com\/cs\/"},{"@type":"ListItem","position":2,"name":"V\u00fdletov\u00e1n\u00ed v \u00fadol\u00ed Cocora, kr\u00e1lovstv\u00ed vysok\u00fdch palem sahaj\u00edc\u00edch do oblak"}]},{"@type":"WebSite","@id":"https:\/\/1001voyagesgourmands.com\/cs\/#website","url":"https:\/\/1001voyagesgourmands.com\/cs\/","name":"1001 Voyages Gourmands","description":"Food | Travel | Photography","potentialAction":[{"@type":"SearchAction","target":{"@type":"EntryPoint","urlTemplate":"https:\/\/1001voyagesgourmands.com\/cs\/?s={search_term_string}"},"query-input":{"@type":"PropertyValueSpecification","valueRequired":true,"valueName":"search_term_string"}}],"inLanguage":"cs"},{"@type":"Person","@id":"https:\/\/1001voyagesgourmands.com\/cs\/#\/schema\/person\/62e0e7238fcf7482b23bf83e1b72ff1b","name":"Michaela","image":{"@type":"ImageObject","inLanguage":"cs","@id":"https:\/\/1001voyagesgourmands.com\/cs\/#\/schema\/person\/image\/","url":"https:\/\/secure.gravatar.com\/avatar\/73fa562a5b0ce269ca480f67de504b8ecac054a121d170e226f1b79e02024cb8?s=96&d=mm&r=g","contentUrl":"https:\/\/secure.gravatar.com\/avatar\/73fa562a5b0ce269ca480f67de504b8ecac054a121d170e226f1b79e02024cb8?s=96&d=mm&r=g","caption":"Michaela"},"sameAs":["http:\/\/1001voyagesgourmands.com"]}]}},"_links":{"self":[{"href":"https:\/\/1001voyagesgourmands.com\/cs\/wp-json\/wp\/v2\/posts\/26806","targetHints":{"allow":["GET"]}}],"collection":[{"href":"https:\/\/1001voyagesgourmands.com\/cs\/wp-json\/wp\/v2\/posts"}],"about":[{"href":"https:\/\/1001voyagesgourmands.com\/cs\/wp-json\/wp\/v2\/types\/post"}],"author":[{"embeddable":true,"href":"https:\/\/1001voyagesgourmands.com\/cs\/wp-json\/wp\/v2\/users\/1"}],"replies":[{"embeddable":true,"href":"https:\/\/1001voyagesgourmands.com\/cs\/wp-json\/wp\/v2\/comments?post=26806"}],"version-history":[{"count":5,"href":"https:\/\/1001voyagesgourmands.com\/cs\/wp-json\/wp\/v2\/posts\/26806\/revisions"}],"predecessor-version":[{"id":27156,"href":"https:\/\/1001voyagesgourmands.com\/cs\/wp-json\/wp\/v2\/posts\/26806\/revisions\/27156"}],"wp:featuredmedia":[{"embeddable":true,"href":"https:\/\/1001voyagesgourmands.com\/cs\/wp-json\/wp\/v2\/media\/27088"}],"wp:attachment":[{"href":"https:\/\/1001voyagesgourmands.com\/cs\/wp-json\/wp\/v2\/media?parent=26806"}],"wp:term":[{"taxonomy":"category","embeddable":true,"href":"https:\/\/1001voyagesgourmands.com\/cs\/wp-json\/wp\/v2\/categories?post=26806"},{"taxonomy":"post_tag","embeddable":true,"href":"https:\/\/1001voyagesgourmands.com\/cs\/wp-json\/wp\/v2\/tags?post=26806"}],"curies":[{"name":"wp","href":"https:\/\/api.w.org\/{rel}","templated":true}]}}