{"id":2601,"date":"2015-04-21T21:31:37","date_gmt":"2015-04-21T19:31:37","guid":{"rendered":"http:\/\/1001voyagesgourmands.com\/?p=2601"},"modified":"2020-12-02T12:17:35","modified_gmt":"2020-12-02T11:17:35","slug":"floralia-brusel","status":"publish","type":"post","link":"https:\/\/1001voyagesgourmands.com\/cs\/floralia-brusel\/","title":{"rendered":"Floralia Brussels"},"content":{"rendered":"<p style=\"text-align: justify;\">Nejen Amsterdam se py\u0161n\u00ed tulip\u00e1novou zahradou. Belgick\u00fd Brusel m\u00e1 zas Floralii, kde uvid\u00edte nejen tulip\u00e1ny, ale i jin\u00e9 kv\u011btiny. Ka\u017ed\u00fdm rokem v dubnu se nedaleko Bruselu kon\u00e1 v\u00fdstava kv\u011btin <strong>Floralia Brussels<\/strong>. Na z\u00e1mku Groot-Bijgaarden, nebo sp\u00ed\u0161e v z\u00e1meck\u00e9m parku o rozloze 14 hektar\u016f v\u00e1m budou o\u010di p\u0159ech\u00e1zet z jedn\u00e9 barvy do druh\u00e9. Je tu toti\u017e k vid\u011bn\u00ed 400 druh\u016f tulip\u00e1n\u016f a 100 druh\u016f jin\u00fdch okrasn\u00fdch kv\u011btin.&nbsp;<\/p>\n<p style=\"text-align: justify;\">M\u016f\u017eete se proj\u00edt parkem navr\u017een\u00fdm p\u0159edn\u00edm zahradn\u00edm architektem 19. stolet\u00ed, vyblbnout v labyrintu z tulip\u00e1n\u016f, a prohl\u00e9dnout si i trendy kreace kv\u011btin\u00e1\u0159\u016f ve sklen\u00edku a mo\u017en\u00e1 naraz\u00edte i na labut\u011b kochaj\u00edc\u00ed se kv\u011btinami. \ud83d\ude42<\/p>\n<p style=\"text-align: justify;\">V\u00edce informac\u00ed najdete na <strong><a href=\"http:\/\/www.floralia-brussels.be\/en\" target=\"_blank\" rel=\"noopener noreferrer\">ofici\u00e1ln\u00edch str\u00e1nk\u00e1ch akce<\/a><\/strong>.<\/p>\n<p style=\"text-align: justify;\">V Belgii je v\u016fbec na ja\u0159e tolik kv\u011btinov\u00fdch akc\u00ed a v\u00fdstav, ale i p\u0159\u00edrodn\u00edch pod\u00edvan\u00fdch, jako t\u0159eba <strong><a href=\"http:\/\/1001voyagesgourmands.com\/2016\/04\/25\/mysticky-les-bois-de-hal\/\" target=\"_blank\" rel=\"noopener noreferrer\">mystick\u00fd &#8222;modr\u00fd les&#8220; Bois de Hal<\/a><\/strong>, kter\u00fd je koncem dubna pokryt\u00fd modr\u00fdm kobercem z rozkvetl\u00fdch zvone\u010dk\u016f.&nbsp;<\/p>\n","protected":false},"excerpt":{"rendered":"<p>Nejen Amsterdam se py\u0161n\u00ed tulip\u00e1novou zahradou. Belgick\u00fd Brusel m\u00e1 zas Floralii, kde uvid\u00edte nejen tulip\u00e1ny, ale i jin\u00e9 kv\u011btiny. Ka\u017ed\u00fdm rokem v dubnu se nedaleko Bruselu kon\u00e1 v\u00fdstava kv\u011btin Floralia Brussels. Na z\u00e1mku Groot-Bijgaarden, nebo sp\u00ed\u0161e v z\u00e1meck\u00e9m parku o rozloze 14 hektar\u016f v\u00e1m budou o\u010di p\u0159ech\u00e1zet z jedn\u00e9 barvy&hellip;<\/p>\n","protected":false},"author":1,"featured_media":2604,"comment_status":"open","ping_status":"open","sticky":false,"template":"","format":"gallery","meta":{"_exactmetrics_skip_tracking":false,"_exactmetrics_sitenote_active":false,"_exactmetrics_sitenote_note":"","_exactmetrics_sitenote_category":0,"_lmt_disableupdate":"","_lmt_disable":"","footnotes":""},"categories":[362,527,4],"tags":[309,30,372,368],"class_list":["post-2601","post","type-post","status-publish","format-gallery","has-post-thumbnail","hentry","category-belgie","category-brusel","category-cestovani","tag-belgie","tag-brusel","tag-vylety-do-prirody","tag-vylety-z-bruselu","post_format-post-format-gallery"],"yoast_head":"<!-- This site is optimized with the Yoast SEO plugin v26.1.1 - https:\/\/yoast.com\/wordpress\/plugins\/seo\/ -->\n<title>Floralia Brussels - 1001 Voyages Gourmands<\/title>\n<meta name=\"description\" content=\"Ka\u017ed\u00fdm rokem v dubnu se nedaleko Bruselu kon\u00e1 v\u00fdstava kv\u011btin Floralia Brussels.\" \/>\n<meta name=\"robots\" content=\"index, follow, max-snippet:-1, max-image-preview:large, max-video-preview:-1\" \/>\n<link rel=\"canonical\" href=\"https:\/\/1001voyagesgourmands.com\/cs\/floralia-brusel\/\" \/>\n<meta property=\"og:locale\" content=\"cs_CZ\" \/>\n<meta property=\"og:type\" content=\"article\" \/>\n<meta property=\"og:title\" content=\"Floralia Brussels - 1001 Voyages Gourmands\" \/>\n<meta property=\"og:description\" content=\"Ka\u017ed\u00fdm rokem v dubnu se nedaleko Bruselu kon\u00e1 v\u00fdstava kv\u011btin Floralia Brussels.\" \/>\n<meta property=\"og:url\" content=\"https:\/\/1001voyagesgourmands.com\/cs\/floralia-brusel\/\" \/>\n<meta property=\"og:site_name\" content=\"1001 Voyages Gourmands\" \/>\n<meta property=\"article:publisher\" content=\"https:\/\/www.facebook.com\/1001voyagesgourmands\" \/>\n<meta property=\"article:published_time\" content=\"2015-04-21T19:31:37+00:00\" \/>\n<meta property=\"article:modified_time\" content=\"2020-12-02T11:17:35+00:00\" \/>\n<meta property=\"og:image\" content=\"https:\/\/1001voyagesgourmands.com\/wp-content\/uploads\/2015\/04\/Floralia_DSC_0103-1024x678.jpg\" \/>\n\t<meta property=\"og:image:width\" content=\"1024\" \/>\n\t<meta property=\"og:image:height\" content=\"678\" \/>\n\t<meta property=\"og:image:type\" content=\"image\/jpeg\" \/>\n<meta name=\"author\" content=\"Michaela\" \/>\n<meta name=\"twitter:card\" content=\"summary_large_image\" \/>\n<meta name=\"twitter:creator\" content=\"@michaela_1001vg\" \/>\n<meta name=\"twitter:site\" content=\"@michaela_1001vg\" \/>\n<meta name=\"twitter:label1\" content=\"Napsal(a)\" \/>\n\t<meta name=\"twitter:data1\" content=\"Michaela\" \/>\n\t<meta name=\"twitter:label2\" content=\"Odhadovan\u00e1 doba \u010dten\u00ed\" \/>\n\t<meta name=\"twitter:data2\" content=\"1 minuta\" \/>\n<script type=\"application\/ld+json\" class=\"yoast-schema-graph\">{\"@context\":\"https:\/\/schema.org\",\"@graph\":[{\"@type\":\"WebPage\",\"@id\":\"https:\/\/1001voyagesgourmands.com\/cs\/floralia-brusel\/\",\"url\":\"https:\/\/1001voyagesgourmands.com\/cs\/floralia-brusel\/\",\"name\":\"Floralia Brussels - 1001 Voyages Gourmands\",\"isPartOf\":{\"@id\":\"https:\/\/1001voyagesgourmands.com\/cs\/#website\"},\"primaryImageOfPage\":{\"@id\":\"https:\/\/1001voyagesgourmands.com\/cs\/floralia-brusel\/#primaryimage\"},\"image\":{\"@id\":\"https:\/\/1001voyagesgourmands.com\/cs\/floralia-brusel\/#primaryimage\"},\"thumbnailUrl\":\"https:\/\/1001voyagesgourmands.com\/wp-content\/uploads\/2015\/04\/Floralia_DSC_0103.jpg\",\"datePublished\":\"2015-04-21T19:31:37+00:00\",\"dateModified\":\"2020-12-02T11:17:35+00:00\",\"author\":{\"@id\":\"https:\/\/1001voyagesgourmands.com\/cs\/#\/schema\/person\/62e0e7238fcf7482b23bf83e1b72ff1b\"},\"description\":\"Ka\u017ed\u00fdm rokem v dubnu se nedaleko Bruselu kon\u00e1 v\u00fdstava kv\u011btin Floralia Brussels.\",\"breadcrumb\":{\"@id\":\"https:\/\/1001voyagesgourmands.com\/cs\/floralia-brusel\/#breadcrumb\"},\"inLanguage\":\"cs\",\"potentialAction\":[{\"@type\":\"ReadAction\",\"target\":[\"https:\/\/1001voyagesgourmands.com\/cs\/floralia-brusel\/\"]}]},{\"@type\":\"ImageObject\",\"inLanguage\":\"cs\",\"@id\":\"https:\/\/1001voyagesgourmands.com\/cs\/floralia-brusel\/#primaryimage\",\"url\":\"https:\/\/1001voyagesgourmands.com\/wp-content\/uploads\/2015\/04\/Floralia_DSC_0103.jpg\",\"contentUrl\":\"https:\/\/1001voyagesgourmands.com\/wp-content\/uploads\/2015\/04\/Floralia_DSC_0103.jpg\",\"width\":3696,\"height\":2448},{\"@type\":\"BreadcrumbList\",\"@id\":\"https:\/\/1001voyagesgourmands.com\/cs\/floralia-brusel\/#breadcrumb\",\"itemListElement\":[{\"@type\":\"ListItem\",\"position\":1,\"name\":\"Dom\u016f\",\"item\":\"https:\/\/1001voyagesgourmands.com\/cs\/\"},{\"@type\":\"ListItem\",\"position\":2,\"name\":\"Floralia Brussels\"}]},{\"@type\":\"WebSite\",\"@id\":\"https:\/\/1001voyagesgourmands.com\/cs\/#website\",\"url\":\"https:\/\/1001voyagesgourmands.com\/cs\/\",\"name\":\"1001 Voyages Gourmands\",\"description\":\"Food | Travel | Photography\",\"potentialAction\":[{\"@type\":\"SearchAction\",\"target\":{\"@type\":\"EntryPoint\",\"urlTemplate\":\"https:\/\/1001voyagesgourmands.com\/cs\/?s={search_term_string}\"},\"query-input\":{\"@type\":\"PropertyValueSpecification\",\"valueRequired\":true,\"valueName\":\"search_term_string\"}}],\"inLanguage\":\"cs\"},{\"@type\":\"Person\",\"@id\":\"https:\/\/1001voyagesgourmands.com\/cs\/#\/schema\/person\/62e0e7238fcf7482b23bf83e1b72ff1b\",\"name\":\"Michaela\",\"image\":{\"@type\":\"ImageObject\",\"inLanguage\":\"cs\",\"@id\":\"https:\/\/1001voyagesgourmands.com\/cs\/#\/schema\/person\/image\/\",\"url\":\"https:\/\/secure.gravatar.com\/avatar\/73fa562a5b0ce269ca480f67de504b8ecac054a121d170e226f1b79e02024cb8?s=96&d=mm&r=g\",\"contentUrl\":\"https:\/\/secure.gravatar.com\/avatar\/73fa562a5b0ce269ca480f67de504b8ecac054a121d170e226f1b79e02024cb8?s=96&d=mm&r=g\",\"caption\":\"Michaela\"},\"sameAs\":[\"http:\/\/1001voyagesgourmands.com\"]}]}<\/script>\n<!-- \/ Yoast SEO plugin. -->","yoast_head_json":{"title":"Floralia Brussels - 1001 Voyages Gourmands","description":"Ka\u017ed\u00fdm rokem v dubnu se nedaleko Bruselu kon\u00e1 v\u00fdstava kv\u011btin Floralia Brussels.","robots":{"index":"index","follow":"follow","max-snippet":"max-snippet:-1","max-image-preview":"max-image-preview:large","max-video-preview":"max-video-preview:-1"},"canonical":"https:\/\/1001voyagesgourmands.com\/cs\/floralia-brusel\/","og_locale":"cs_CZ","og_type":"article","og_title":"Floralia Brussels - 1001 Voyages Gourmands","og_description":"Ka\u017ed\u00fdm rokem v dubnu se nedaleko Bruselu kon\u00e1 v\u00fdstava kv\u011btin Floralia Brussels.","og_url":"https:\/\/1001voyagesgourmands.com\/cs\/floralia-brusel\/","og_site_name":"1001 Voyages Gourmands","article_publisher":"https:\/\/www.facebook.com\/1001voyagesgourmands","article_published_time":"2015-04-21T19:31:37+00:00","article_modified_time":"2020-12-02T11:17:35+00:00","og_image":[{"width":1024,"height":678,"url":"https:\/\/1001voyagesgourmands.com\/wp-content\/uploads\/2015\/04\/Floralia_DSC_0103-1024x678.jpg","type":"image\/jpeg"}],"author":"Michaela","twitter_card":"summary_large_image","twitter_creator":"@michaela_1001vg","twitter_site":"@michaela_1001vg","twitter_misc":{"Napsal(a)":"Michaela","Odhadovan\u00e1 doba \u010dten\u00ed":"1 minuta"},"schema":{"@context":"https:\/\/schema.org","@graph":[{"@type":"WebPage","@id":"https:\/\/1001voyagesgourmands.com\/cs\/floralia-brusel\/","url":"https:\/\/1001voyagesgourmands.com\/cs\/floralia-brusel\/","name":"Floralia Brussels - 1001 Voyages Gourmands","isPartOf":{"@id":"https:\/\/1001voyagesgourmands.com\/cs\/#website"},"primaryImageOfPage":{"@id":"https:\/\/1001voyagesgourmands.com\/cs\/floralia-brusel\/#primaryimage"},"image":{"@id":"https:\/\/1001voyagesgourmands.com\/cs\/floralia-brusel\/#primaryimage"},"thumbnailUrl":"https:\/\/1001voyagesgourmands.com\/wp-content\/uploads\/2015\/04\/Floralia_DSC_0103.jpg","datePublished":"2015-04-21T19:31:37+00:00","dateModified":"2020-12-02T11:17:35+00:00","author":{"@id":"https:\/\/1001voyagesgourmands.com\/cs\/#\/schema\/person\/62e0e7238fcf7482b23bf83e1b72ff1b"},"description":"Ka\u017ed\u00fdm rokem v dubnu se nedaleko Bruselu kon\u00e1 v\u00fdstava kv\u011btin Floralia Brussels.","breadcrumb":{"@id":"https:\/\/1001voyagesgourmands.com\/cs\/floralia-brusel\/#breadcrumb"},"inLanguage":"cs","potentialAction":[{"@type":"ReadAction","target":["https:\/\/1001voyagesgourmands.com\/cs\/floralia-brusel\/"]}]},{"@type":"ImageObject","inLanguage":"cs","@id":"https:\/\/1001voyagesgourmands.com\/cs\/floralia-brusel\/#primaryimage","url":"https:\/\/1001voyagesgourmands.com\/wp-content\/uploads\/2015\/04\/Floralia_DSC_0103.jpg","contentUrl":"https:\/\/1001voyagesgourmands.com\/wp-content\/uploads\/2015\/04\/Floralia_DSC_0103.jpg","width":3696,"height":2448},{"@type":"BreadcrumbList","@id":"https:\/\/1001voyagesgourmands.com\/cs\/floralia-brusel\/#breadcrumb","itemListElement":[{"@type":"ListItem","position":1,"name":"Dom\u016f","item":"https:\/\/1001voyagesgourmands.com\/cs\/"},{"@type":"ListItem","position":2,"name":"Floralia Brussels"}]},{"@type":"WebSite","@id":"https:\/\/1001voyagesgourmands.com\/cs\/#website","url":"https:\/\/1001voyagesgourmands.com\/cs\/","name":"1001 Voyages Gourmands","description":"Food | Travel | Photography","potentialAction":[{"@type":"SearchAction","target":{"@type":"EntryPoint","urlTemplate":"https:\/\/1001voyagesgourmands.com\/cs\/?s={search_term_string}"},"query-input":{"@type":"PropertyValueSpecification","valueRequired":true,"valueName":"search_term_string"}}],"inLanguage":"cs"},{"@type":"Person","@id":"https:\/\/1001voyagesgourmands.com\/cs\/#\/schema\/person\/62e0e7238fcf7482b23bf83e1b72ff1b","name":"Michaela","image":{"@type":"ImageObject","inLanguage":"cs","@id":"https:\/\/1001voyagesgourmands.com\/cs\/#\/schema\/person\/image\/","url":"https:\/\/secure.gravatar.com\/avatar\/73fa562a5b0ce269ca480f67de504b8ecac054a121d170e226f1b79e02024cb8?s=96&d=mm&r=g","contentUrl":"https:\/\/secure.gravatar.com\/avatar\/73fa562a5b0ce269ca480f67de504b8ecac054a121d170e226f1b79e02024cb8?s=96&d=mm&r=g","caption":"Michaela"},"sameAs":["http:\/\/1001voyagesgourmands.com"]}]}},"_links":{"self":[{"href":"https:\/\/1001voyagesgourmands.com\/cs\/wp-json\/wp\/v2\/posts\/2601","targetHints":{"allow":["GET"]}}],"collection":[{"href":"https:\/\/1001voyagesgourmands.com\/cs\/wp-json\/wp\/v2\/posts"}],"about":[{"href":"https:\/\/1001voyagesgourmands.com\/cs\/wp-json\/wp\/v2\/types\/post"}],"author":[{"embeddable":true,"href":"https:\/\/1001voyagesgourmands.com\/cs\/wp-json\/wp\/v2\/users\/1"}],"replies":[{"embeddable":true,"href":"https:\/\/1001voyagesgourmands.com\/cs\/wp-json\/wp\/v2\/comments?post=2601"}],"version-history":[{"count":1,"href":"https:\/\/1001voyagesgourmands.com\/cs\/wp-json\/wp\/v2\/posts\/2601\/revisions"}],"predecessor-version":[{"id":28166,"href":"https:\/\/1001voyagesgourmands.com\/cs\/wp-json\/wp\/v2\/posts\/2601\/revisions\/28166"}],"wp:featuredmedia":[{"embeddable":true,"href":"https:\/\/1001voyagesgourmands.com\/cs\/wp-json\/wp\/v2\/media\/2604"}],"wp:attachment":[{"href":"https:\/\/1001voyagesgourmands.com\/cs\/wp-json\/wp\/v2\/media?parent=2601"}],"wp:term":[{"taxonomy":"category","embeddable":true,"href":"https:\/\/1001voyagesgourmands.com\/cs\/wp-json\/wp\/v2\/categories?post=2601"},{"taxonomy":"post_tag","embeddable":true,"href":"https:\/\/1001voyagesgourmands.com\/cs\/wp-json\/wp\/v2\/tags?post=2601"}],"curies":[{"name":"wp","href":"https:\/\/api.w.org\/{rel}","templated":true}]}}