{"id":25292,"date":"2019-09-20T00:32:26","date_gmt":"2019-09-19T22:32:26","guid":{"rendered":"http:\/\/1001voyagesgourmands.com\/?p=25292"},"modified":"2019-09-20T00:40:18","modified_gmt":"2019-09-19T22:40:18","slug":"vylet-do-opatstvi-villers","status":"publish","type":"post","link":"https:\/\/1001voyagesgourmands.com\/cs\/vylet-do-opatstvi-villers\/","title":{"rendered":"V\u00fdlet do Opatstv\u00ed Villers"},"content":{"rendered":"<p style=\"text-align: justify;\">Kdysi, kdy\u017e jsem byla <a href=\"http:\/\/1001voyagesgourmands.com\/erasmus-in-louvain-la-neuve-belgium\/\">v Louvain-la-Neuve na Erasmu<\/a> a jezdila vlakem na leti\u0161t\u011b v Charleroi, na p\u016fli cesty jsem v\u017edy vyhl\u00ed\u017eela kr\u00e1sn\u00e9 ruiny opatstv\u00ed ve Villers-la-Ville, jsou toti\u017e z vlaku kr\u00e1sn\u011b vid\u011bt a p\u016fsob\u00ed to magicky. Od t\u00e9 doby jsem vid\u011bla n\u00e1dhern\u00e9 fotky tohoto p\u0159ita\u017eliv\u00e9ho m\u00edsta a slibovala si, \u017ee se tam mus\u00edm n\u011bkdy zajet pod\u00edvat. Ale zn\u00e1te to, co m\u00e1te kousek za nosem, tak to n\u011bkdy&nbsp; m\u016f\u017ee \u010dekat t\u0159eba i p\u016flku \u017eivota proto\u017ee co nesp\u011bch\u00e1&#8230;. Loni v l\u00e9t\u011b jsem se sice do Villers-la-Ville dostala, ale nikoliv ne k n\u00e1v\u0161t\u011bv\u011b samotn\u00e9ho opatstv\u00ed &#8211; vyj\u00ed\u017ed\u011bli jsme odsud na v\u00fdlet na kolech po okoln\u00edch les\u00edch. A\u017e letos v srpnu se mi po\u0161t\u011bstilo se pod\u00edvat do opatstv\u00ed Villers.<\/p>\n<p style=\"text-align: justify;\">Jeho po\u010d\u00e1tky sahaj\u00ed do roku 1146, kdy sem p\u0159i\u0161lo 17 mnich\u016f z Francie, aby zde zalo\u017eili rom\u00e1nsk\u00e9 opatstv\u00ed. Koncem 12. stolet\u00ed zde postavili gotick\u00fd kl\u00e1\u0161ter a pozd\u011bji v 18. stolet\u00ed byly st\u0159edov\u011bk\u00e9 budovy p\u0159estav\u011bny v neoklasicistn\u00edm stylu. Sv\u00e9ho \u010dasu \u0161lo o jedno z nejd\u016fle\u017eit\u011bj\u0161\u00edch cisterci\u00e1ck\u00fdch opatstv\u00ed v Evrop\u011b. Fin\u00e1ln\u011b opu\u0161t\u011bno bylo v roce 1796, kdy odsud mnichy vyhnala francouzsk\u00e1 revoluce, a z opatstv\u00ed se staly ruiny. Ty jsou dnes p\u0159\u00edstupn\u00e9 ve\u0159ejnosti a jedn\u00e1 se o jeden z nejv\u011bt\u0161\u00edch archeologick\u00fdch komplex\u016f ve Valonsku (frankofonn\u00ed \u010d\u00e1sti Belgie).<\/p>\n<p style=\"text-align: justify;\">Co v\u00e1m budu pov\u00eddat, je to kr\u00e1sa a asi jedno z nejkr\u00e1sn\u011bj\u0161\u00edch m\u00edst, co jsem kdy ve Valonsku nav\u0161t\u00edvila. Panuje tu takov\u00fd klid a m\u00edr. V komplexu najdete 5 majest\u00e1tn\u00edch zahrad, ve kter\u00fdch m\u016f\u017eete proch\u00e1zet impozantn\u00ed ruiny kl\u00e1\u0161tera a p\u0159ilehl\u00fdch budov. Najdete tu m\u00edsta zalit\u00e1 sluncem i st\u00ednem. Uvnit\u0159 polorozpadl\u00e9ho kl\u00e1\u0161tera pak m\u016f\u017eete obdivovat hru sv\u011btla a st\u00edn\u016f, obzvl\u00e1\u0161\u0165 v rann\u00edch a ve\u010dern\u00edch hodin\u00e1ch. Je to v\u00fdborn\u00e9 m\u00edsto na meditaci \u010di piknik &#8211; je tu tolik z\u00e1kout\u00ed, kde se budete c\u00edtit v\u00fdjime\u010dn\u011b. Po\u0159\u00e1daj\u00ed se tu i r\u016fzn\u00e9 kulturn\u00ed akce, tak koukn\u011bte na <a href=\"https:\/\/www.villers.be\/fr\/agenda\" target=\"_blank\" rel=\"noopener noreferrer\">jejich web<\/a>, pokud budete v okol\u00ed nebo ne\u017e sem pojedete.<\/p>\n<p style=\"text-align: justify;\">Jak jste mo\u017en\u00e1 pochopili, opatstv\u00ed Villers najdete v m\u011bste\u010dku Villers-la-Ville ve Valonsku a je otev\u0159eno pro ve\u0159ejnost po cel\u00fd rok od 10 do 17ti hodin, v l\u00e9t\u011b pak o hodinu d\u00e9le. Vstupn\u00e9 je 9 euro pro dosp\u011bl\u00e9 a 4 eura pro d\u011bti od 6 do 12 let.* Z Bruselu se sem dostanete jednodu\u0161e autem a na m\u00edst\u011b je zdarma parkovi\u0161t\u011b. Jde to i vlakem sm\u011brem na Ottignies, ale pak budete muset p\u011b\u0161ky 2 km.&nbsp;<\/p>\n<p>*Aktu\u00e1ln\u00ed praktick\u00e9 informace najdete <a href=\"https:\/\/www.villers.be\/en\/visit\" target=\"_blank\" rel=\"noopener noreferrer\">zde<\/a>. A tady je p\u00e1r fotek z na\u0161eho v\u00fdletu do opatstv\u00ed Villers:<\/p>\n<p><img loading=\"lazy\" decoding=\"async\" class=\"aligncenter wp-image-25379\" src=\"http:\/\/1001voyagesgourmands.com\/wp-content\/uploads\/2019\/09\/20190824_Villers_la_Ville-5-1-683x1024.jpg\" alt=\"Kdy\u017e jsem byla v Louvain-la-Neuve na Erasmu a jezdila vlakem na leti\u0161t\u011b v Charleroi, vyhl\u00ed\u017eela jsem po cest\u011b kr\u00e1sn\u00e9 ruiny opatstv\u00ed ve Villers-la-Ville.\" width=\"895\" height=\"1342\" srcset=\"https:\/\/1001voyagesgourmands.com\/wp-content\/uploads\/2019\/09\/20190824_Villers_la_Ville-5-1-683x1024.jpg 683w, https:\/\/1001voyagesgourmands.com\/wp-content\/uploads\/2019\/09\/20190824_Villers_la_Ville-5-1-200x300.jpg 200w, https:\/\/1001voyagesgourmands.com\/wp-content\/uploads\/2019\/09\/20190824_Villers_la_Ville-5-1-768x1152.jpg 768w, https:\/\/1001voyagesgourmands.com\/wp-content\/uploads\/2019\/09\/20190824_Villers_la_Ville-5-1-1170x1755.jpg 1170w, https:\/\/1001voyagesgourmands.com\/wp-content\/uploads\/2019\/09\/20190824_Villers_la_Ville-5-1-1920x2880.jpg 1920w, https:\/\/1001voyagesgourmands.com\/wp-content\/uploads\/2019\/09\/20190824_Villers_la_Ville-5-1-585x878.jpg 585w, https:\/\/1001voyagesgourmands.com\/wp-content\/uploads\/2019\/09\/20190824_Villers_la_Ville-5-1.jpg 2000w\" sizes=\"auto, (max-width: 895px) 100vw, 895px\" \/><\/p>\n<p><img loading=\"lazy\" decoding=\"async\" class=\"aligncenter wp-image-25381\" src=\"http:\/\/1001voyagesgourmands.com\/wp-content\/uploads\/2019\/09\/20190824_Villers_la_Ville-6-1-683x1024.jpg\" alt=\"\" width=\"846\" height=\"1268\" srcset=\"https:\/\/1001voyagesgourmands.com\/wp-content\/uploads\/2019\/09\/20190824_Villers_la_Ville-6-1-683x1024.jpg 683w, https:\/\/1001voyagesgourmands.com\/wp-content\/uploads\/2019\/09\/20190824_Villers_la_Ville-6-1-200x300.jpg 200w, https:\/\/1001voyagesgourmands.com\/wp-content\/uploads\/2019\/09\/20190824_Villers_la_Ville-6-1-768x1152.jpg 768w, https:\/\/1001voyagesgourmands.com\/wp-content\/uploads\/2019\/09\/20190824_Villers_la_Ville-6-1-1170x1755.jpg 1170w, https:\/\/1001voyagesgourmands.com\/wp-content\/uploads\/2019\/09\/20190824_Villers_la_Ville-6-1-1920x2880.jpg 1920w, https:\/\/1001voyagesgourmands.com\/wp-content\/uploads\/2019\/09\/20190824_Villers_la_Ville-6-1-585x878.jpg 585w, https:\/\/1001voyagesgourmands.com\/wp-content\/uploads\/2019\/09\/20190824_Villers_la_Ville-6-1.jpg 2000w\" sizes=\"auto, (max-width: 846px) 100vw, 846px\" \/><\/p>\n<p><img loading=\"lazy\" decoding=\"async\" class=\"aligncenter wp-image-25383\" src=\"http:\/\/1001voyagesgourmands.com\/wp-content\/uploads\/2019\/09\/20190824_Villers_la_Ville-7-1-683x1024.jpg\" alt=\"Kdy\u017e jsem byla v Louvain-la-Neuve na Erasmu a jezdila vlakem na leti\u0161t\u011b v Charleroi, vyhl\u00ed\u017eela jsem po cest\u011b kr\u00e1sn\u00e9 ruiny opatstv\u00ed ve Villers-la-Ville.\" width=\"893\" height=\"1339\" srcset=\"https:\/\/1001voyagesgourmands.com\/wp-content\/uploads\/2019\/09\/20190824_Villers_la_Ville-7-1-683x1024.jpg 683w, https:\/\/1001voyagesgourmands.com\/wp-content\/uploads\/2019\/09\/20190824_Villers_la_Ville-7-1-200x300.jpg 200w, https:\/\/1001voyagesgourmands.com\/wp-content\/uploads\/2019\/09\/20190824_Villers_la_Ville-7-1-768x1152.jpg 768w, https:\/\/1001voyagesgourmands.com\/wp-content\/uploads\/2019\/09\/20190824_Villers_la_Ville-7-1-1170x1755.jpg 1170w, https:\/\/1001voyagesgourmands.com\/wp-content\/uploads\/2019\/09\/20190824_Villers_la_Ville-7-1-1920x2880.jpg 1920w, https:\/\/1001voyagesgourmands.com\/wp-content\/uploads\/2019\/09\/20190824_Villers_la_Ville-7-1-585x878.jpg 585w, https:\/\/1001voyagesgourmands.com\/wp-content\/uploads\/2019\/09\/20190824_Villers_la_Ville-7-1.jpg 2000w\" sizes=\"auto, (max-width: 893px) 100vw, 893px\" \/><\/p>\n<p><img loading=\"lazy\" decoding=\"async\" class=\"aligncenter wp-image-25385\" src=\"http:\/\/1001voyagesgourmands.com\/wp-content\/uploads\/2019\/09\/20190824_Villers_la_Ville-8-1-683x1024.jpg\" alt=\"\" width=\"865\" height=\"1297\" srcset=\"https:\/\/1001voyagesgourmands.com\/wp-content\/uploads\/2019\/09\/20190824_Villers_la_Ville-8-1-683x1024.jpg 683w, https:\/\/1001voyagesgourmands.com\/wp-content\/uploads\/2019\/09\/20190824_Villers_la_Ville-8-1-200x300.jpg 200w, https:\/\/1001voyagesgourmands.com\/wp-content\/uploads\/2019\/09\/20190824_Villers_la_Ville-8-1-768x1152.jpg 768w, https:\/\/1001voyagesgourmands.com\/wp-content\/uploads\/2019\/09\/20190824_Villers_la_Ville-8-1-1170x1755.jpg 1170w, https:\/\/1001voyagesgourmands.com\/wp-content\/uploads\/2019\/09\/20190824_Villers_la_Ville-8-1-1920x2880.jpg 1920w, https:\/\/1001voyagesgourmands.com\/wp-content\/uploads\/2019\/09\/20190824_Villers_la_Ville-8-1-585x878.jpg 585w, https:\/\/1001voyagesgourmands.com\/wp-content\/uploads\/2019\/09\/20190824_Villers_la_Ville-8-1.jpg 2000w\" sizes=\"auto, (max-width: 865px) 100vw, 865px\" \/><\/p>\n<p><img loading=\"lazy\" decoding=\"async\" class=\"aligncenter wp-image-25391\" src=\"http:\/\/1001voyagesgourmands.com\/wp-content\/uploads\/2019\/09\/20190824_Villers_la_Ville-11-1-683x1024.jpg\" alt=\"\" width=\"790\" height=\"1184\" srcset=\"https:\/\/1001voyagesgourmands.com\/wp-content\/uploads\/2019\/09\/20190824_Villers_la_Ville-11-1-683x1024.jpg 683w, https:\/\/1001voyagesgourmands.com\/wp-content\/uploads\/2019\/09\/20190824_Villers_la_Ville-11-1-200x300.jpg 200w, https:\/\/1001voyagesgourmands.com\/wp-content\/uploads\/2019\/09\/20190824_Villers_la_Ville-11-1-768x1152.jpg 768w, https:\/\/1001voyagesgourmands.com\/wp-content\/uploads\/2019\/09\/20190824_Villers_la_Ville-11-1-1170x1755.jpg 1170w, https:\/\/1001voyagesgourmands.com\/wp-content\/uploads\/2019\/09\/20190824_Villers_la_Ville-11-1-1920x2880.jpg 1920w, https:\/\/1001voyagesgourmands.com\/wp-content\/uploads\/2019\/09\/20190824_Villers_la_Ville-11-1-585x878.jpg 585w, https:\/\/1001voyagesgourmands.com\/wp-content\/uploads\/2019\/09\/20190824_Villers_la_Ville-11-1.jpg 2000w\" sizes=\"auto, (max-width: 790px) 100vw, 790px\" \/><\/p>\n<p><img loading=\"lazy\" decoding=\"async\" class=\"aligncenter wp-image-25393\" src=\"http:\/\/1001voyagesgourmands.com\/wp-content\/uploads\/2019\/09\/20190824_Villers_la_Ville-12-1-683x1024.jpg\" alt=\"\" width=\"878\" height=\"1316\" srcset=\"https:\/\/1001voyagesgourmands.com\/wp-content\/uploads\/2019\/09\/20190824_Villers_la_Ville-12-1-683x1024.jpg 683w, https:\/\/1001voyagesgourmands.com\/wp-content\/uploads\/2019\/09\/20190824_Villers_la_Ville-12-1-200x300.jpg 200w, https:\/\/1001voyagesgourmands.com\/wp-content\/uploads\/2019\/09\/20190824_Villers_la_Ville-12-1-768x1152.jpg 768w, https:\/\/1001voyagesgourmands.com\/wp-content\/uploads\/2019\/09\/20190824_Villers_la_Ville-12-1-1170x1755.jpg 1170w, https:\/\/1001voyagesgourmands.com\/wp-content\/uploads\/2019\/09\/20190824_Villers_la_Ville-12-1-1920x2880.jpg 1920w, https:\/\/1001voyagesgourmands.com\/wp-content\/uploads\/2019\/09\/20190824_Villers_la_Ville-12-1-585x878.jpg 585w, https:\/\/1001voyagesgourmands.com\/wp-content\/uploads\/2019\/09\/20190824_Villers_la_Ville-12-1.jpg 2000w\" sizes=\"auto, (max-width: 878px) 100vw, 878px\" \/><\/p>\n<p><img loading=\"lazy\" decoding=\"async\" class=\"aligncenter wp-image-25387\" src=\"http:\/\/1001voyagesgourmands.com\/wp-content\/uploads\/2019\/09\/20190824_Villers_la_Ville-9-2-683x1024.jpg\" alt=\"\" width=\"841\" height=\"1261\" srcset=\"https:\/\/1001voyagesgourmands.com\/wp-content\/uploads\/2019\/09\/20190824_Villers_la_Ville-9-2-683x1024.jpg 683w, https:\/\/1001voyagesgourmands.com\/wp-content\/uploads\/2019\/09\/20190824_Villers_la_Ville-9-2-200x300.jpg 200w, https:\/\/1001voyagesgourmands.com\/wp-content\/uploads\/2019\/09\/20190824_Villers_la_Ville-9-2-768x1152.jpg 768w, https:\/\/1001voyagesgourmands.com\/wp-content\/uploads\/2019\/09\/20190824_Villers_la_Ville-9-2-1170x1755.jpg 1170w, https:\/\/1001voyagesgourmands.com\/wp-content\/uploads\/2019\/09\/20190824_Villers_la_Ville-9-2-1920x2880.jpg 1920w, https:\/\/1001voyagesgourmands.com\/wp-content\/uploads\/2019\/09\/20190824_Villers_la_Ville-9-2-585x878.jpg 585w, https:\/\/1001voyagesgourmands.com\/wp-content\/uploads\/2019\/09\/20190824_Villers_la_Ville-9-2.jpg 2000w\" sizes=\"auto, (max-width: 841px) 100vw, 841px\" \/><\/p>\n<p><img loading=\"lazy\" decoding=\"async\" class=\"aligncenter wp-image-25399\" src=\"http:\/\/1001voyagesgourmands.com\/wp-content\/uploads\/2019\/09\/20190824_Villers_la_Ville-15-2-683x1024.jpg\" alt=\"\" width=\"797\" height=\"1195\" srcset=\"https:\/\/1001voyagesgourmands.com\/wp-content\/uploads\/2019\/09\/20190824_Villers_la_Ville-15-2-683x1024.jpg 683w, https:\/\/1001voyagesgourmands.com\/wp-content\/uploads\/2019\/09\/20190824_Villers_la_Ville-15-2-200x300.jpg 200w, https:\/\/1001voyagesgourmands.com\/wp-content\/uploads\/2019\/09\/20190824_Villers_la_Ville-15-2-768x1152.jpg 768w, https:\/\/1001voyagesgourmands.com\/wp-content\/uploads\/2019\/09\/20190824_Villers_la_Ville-15-2-1170x1755.jpg 1170w, https:\/\/1001voyagesgourmands.com\/wp-content\/uploads\/2019\/09\/20190824_Villers_la_Ville-15-2-1920x2880.jpg 1920w, https:\/\/1001voyagesgourmands.com\/wp-content\/uploads\/2019\/09\/20190824_Villers_la_Ville-15-2-585x878.jpg 585w, https:\/\/1001voyagesgourmands.com\/wp-content\/uploads\/2019\/09\/20190824_Villers_la_Ville-15-2.jpg 2000w\" sizes=\"auto, (max-width: 797px) 100vw, 797px\" \/><\/p>\n<p><img loading=\"lazy\" decoding=\"async\" class=\"aligncenter wp-image-25407\" src=\"http:\/\/1001voyagesgourmands.com\/wp-content\/uploads\/2019\/09\/20190824_Villers_la_Ville-19-1-683x1024.jpg\" alt=\"\" width=\"832\" height=\"1247\" srcset=\"https:\/\/1001voyagesgourmands.com\/wp-content\/uploads\/2019\/09\/20190824_Villers_la_Ville-19-1-683x1024.jpg 683w, https:\/\/1001voyagesgourmands.com\/wp-content\/uploads\/2019\/09\/20190824_Villers_la_Ville-19-1-200x300.jpg 200w, https:\/\/1001voyagesgourmands.com\/wp-content\/uploads\/2019\/09\/20190824_Villers_la_Ville-19-1-768x1152.jpg 768w, https:\/\/1001voyagesgourmands.com\/wp-content\/uploads\/2019\/09\/20190824_Villers_la_Ville-19-1-1170x1755.jpg 1170w, https:\/\/1001voyagesgourmands.com\/wp-content\/uploads\/2019\/09\/20190824_Villers_la_Ville-19-1-1920x2880.jpg 1920w, https:\/\/1001voyagesgourmands.com\/wp-content\/uploads\/2019\/09\/20190824_Villers_la_Ville-19-1-585x878.jpg 585w, https:\/\/1001voyagesgourmands.com\/wp-content\/uploads\/2019\/09\/20190824_Villers_la_Ville-19-1.jpg 2000w\" sizes=\"auto, (max-width: 832px) 100vw, 832px\" \/><\/p>\n<p><img loading=\"lazy\" decoding=\"async\" class=\"aligncenter wp-image-25409\" src=\"http:\/\/1001voyagesgourmands.com\/wp-content\/uploads\/2019\/09\/20190824_Villers_la_Ville-20-1-683x1024.jpg\" alt=\"\" width=\"839\" height=\"1258\" srcset=\"https:\/\/1001voyagesgourmands.com\/wp-content\/uploads\/2019\/09\/20190824_Villers_la_Ville-20-1-683x1024.jpg 683w, https:\/\/1001voyagesgourmands.com\/wp-content\/uploads\/2019\/09\/20190824_Villers_la_Ville-20-1-200x300.jpg 200w, https:\/\/1001voyagesgourmands.com\/wp-content\/uploads\/2019\/09\/20190824_Villers_la_Ville-20-1-768x1152.jpg 768w, https:\/\/1001voyagesgourmands.com\/wp-content\/uploads\/2019\/09\/20190824_Villers_la_Ville-20-1-1170x1755.jpg 1170w, https:\/\/1001voyagesgourmands.com\/wp-content\/uploads\/2019\/09\/20190824_Villers_la_Ville-20-1-1920x2880.jpg 1920w, https:\/\/1001voyagesgourmands.com\/wp-content\/uploads\/2019\/09\/20190824_Villers_la_Ville-20-1-585x878.jpg 585w, https:\/\/1001voyagesgourmands.com\/wp-content\/uploads\/2019\/09\/20190824_Villers_la_Ville-20-1.jpg 2000w\" sizes=\"auto, (max-width: 839px) 100vw, 839px\" \/><\/p>\n<p><img loading=\"lazy\" decoding=\"async\" class=\"aligncenter wp-image-25411\" src=\"http:\/\/1001voyagesgourmands.com\/wp-content\/uploads\/2019\/09\/20190824_Villers_la_Ville-21-1-683x1024.jpg\" alt=\"\" width=\"904\" height=\"1355\" srcset=\"https:\/\/1001voyagesgourmands.com\/wp-content\/uploads\/2019\/09\/20190824_Villers_la_Ville-21-1-683x1024.jpg 683w, https:\/\/1001voyagesgourmands.com\/wp-content\/uploads\/2019\/09\/20190824_Villers_la_Ville-21-1-200x300.jpg 200w, https:\/\/1001voyagesgourmands.com\/wp-content\/uploads\/2019\/09\/20190824_Villers_la_Ville-21-1-768x1152.jpg 768w, https:\/\/1001voyagesgourmands.com\/wp-content\/uploads\/2019\/09\/20190824_Villers_la_Ville-21-1-1170x1755.jpg 1170w, https:\/\/1001voyagesgourmands.com\/wp-content\/uploads\/2019\/09\/20190824_Villers_la_Ville-21-1-1920x2880.jpg 1920w, https:\/\/1001voyagesgourmands.com\/wp-content\/uploads\/2019\/09\/20190824_Villers_la_Ville-21-1-585x878.jpg 585w, https:\/\/1001voyagesgourmands.com\/wp-content\/uploads\/2019\/09\/20190824_Villers_la_Ville-21-1.jpg 2000w\" sizes=\"auto, (max-width: 904px) 100vw, 904px\" \/><\/p>\n<p><img loading=\"lazy\" decoding=\"async\" class=\"aligncenter wp-image-25413\" src=\"http:\/\/1001voyagesgourmands.com\/wp-content\/uploads\/2019\/09\/20190824_Villers_la_Ville-22-1-683x1024.jpg\" alt=\"\" width=\"798\" height=\"1196\" srcset=\"https:\/\/1001voyagesgourmands.com\/wp-content\/uploads\/2019\/09\/20190824_Villers_la_Ville-22-1-683x1024.jpg 683w, https:\/\/1001voyagesgourmands.com\/wp-content\/uploads\/2019\/09\/20190824_Villers_la_Ville-22-1-200x300.jpg 200w, https:\/\/1001voyagesgourmands.com\/wp-content\/uploads\/2019\/09\/20190824_Villers_la_Ville-22-1-768x1152.jpg 768w, https:\/\/1001voyagesgourmands.com\/wp-content\/uploads\/2019\/09\/20190824_Villers_la_Ville-22-1-1170x1755.jpg 1170w, https:\/\/1001voyagesgourmands.com\/wp-content\/uploads\/2019\/09\/20190824_Villers_la_Ville-22-1-1920x2880.jpg 1920w, https:\/\/1001voyagesgourmands.com\/wp-content\/uploads\/2019\/09\/20190824_Villers_la_Ville-22-1-585x878.jpg 585w, https:\/\/1001voyagesgourmands.com\/wp-content\/uploads\/2019\/09\/20190824_Villers_la_Ville-22-1.jpg 2000w\" sizes=\"auto, (max-width: 798px) 100vw, 798px\" \/><\/p>\n<p>&nbsp;<\/p>\n<p><img loading=\"lazy\" decoding=\"async\" class=\"aligncenter wp-image-25415\" src=\"http:\/\/1001voyagesgourmands.com\/wp-content\/uploads\/2019\/09\/20190824_Villers_la_Ville-23-1-683x1024.jpg\" alt=\"\" width=\"797\" height=\"1195\" srcset=\"https:\/\/1001voyagesgourmands.com\/wp-content\/uploads\/2019\/09\/20190824_Villers_la_Ville-23-1-683x1024.jpg 683w, https:\/\/1001voyagesgourmands.com\/wp-content\/uploads\/2019\/09\/20190824_Villers_la_Ville-23-1-200x300.jpg 200w, https:\/\/1001voyagesgourmands.com\/wp-content\/uploads\/2019\/09\/20190824_Villers_la_Ville-23-1-768x1152.jpg 768w, https:\/\/1001voyagesgourmands.com\/wp-content\/uploads\/2019\/09\/20190824_Villers_la_Ville-23-1-1170x1755.jpg 1170w, https:\/\/1001voyagesgourmands.com\/wp-content\/uploads\/2019\/09\/20190824_Villers_la_Ville-23-1-1920x2880.jpg 1920w, https:\/\/1001voyagesgourmands.com\/wp-content\/uploads\/2019\/09\/20190824_Villers_la_Ville-23-1-585x878.jpg 585w, https:\/\/1001voyagesgourmands.com\/wp-content\/uploads\/2019\/09\/20190824_Villers_la_Ville-23-1.jpg 2000w\" sizes=\"auto, (max-width: 797px) 100vw, 797px\" \/><\/p>\n<p><img loading=\"lazy\" decoding=\"async\" class=\"aligncenter wp-image-25417\" src=\"http:\/\/1001voyagesgourmands.com\/wp-content\/uploads\/2019\/09\/20190824_Villers_la_Ville-24-1-683x1024.jpg\" alt=\"\" width=\"896\" height=\"1343\" srcset=\"https:\/\/1001voyagesgourmands.com\/wp-content\/uploads\/2019\/09\/20190824_Villers_la_Ville-24-1-683x1024.jpg 683w, https:\/\/1001voyagesgourmands.com\/wp-content\/uploads\/2019\/09\/20190824_Villers_la_Ville-24-1-200x300.jpg 200w, https:\/\/1001voyagesgourmands.com\/wp-content\/uploads\/2019\/09\/20190824_Villers_la_Ville-24-1-768x1152.jpg 768w, https:\/\/1001voyagesgourmands.com\/wp-content\/uploads\/2019\/09\/20190824_Villers_la_Ville-24-1-1170x1755.jpg 1170w, https:\/\/1001voyagesgourmands.com\/wp-content\/uploads\/2019\/09\/20190824_Villers_la_Ville-24-1-1920x2880.jpg 1920w, https:\/\/1001voyagesgourmands.com\/wp-content\/uploads\/2019\/09\/20190824_Villers_la_Ville-24-1-585x878.jpg 585w, https:\/\/1001voyagesgourmands.com\/wp-content\/uploads\/2019\/09\/20190824_Villers_la_Ville-24-1.jpg 2000w\" sizes=\"auto, (max-width: 896px) 100vw, 896px\" \/><\/p>\n<p><img loading=\"lazy\" decoding=\"async\" class=\"aligncenter wp-image-25421\" src=\"http:\/\/1001voyagesgourmands.com\/wp-content\/uploads\/2019\/09\/20190824_Villers_la_Ville-26-1-683x1024.jpg\" alt=\"\" width=\"819\" height=\"1228\" srcset=\"https:\/\/1001voyagesgourmands.com\/wp-content\/uploads\/2019\/09\/20190824_Villers_la_Ville-26-1-683x1024.jpg 683w, https:\/\/1001voyagesgourmands.com\/wp-content\/uploads\/2019\/09\/20190824_Villers_la_Ville-26-1-200x300.jpg 200w, https:\/\/1001voyagesgourmands.com\/wp-content\/uploads\/2019\/09\/20190824_Villers_la_Ville-26-1-768x1152.jpg 768w, https:\/\/1001voyagesgourmands.com\/wp-content\/uploads\/2019\/09\/20190824_Villers_la_Ville-26-1-1170x1755.jpg 1170w, https:\/\/1001voyagesgourmands.com\/wp-content\/uploads\/2019\/09\/20190824_Villers_la_Ville-26-1-1920x2880.jpg 1920w, https:\/\/1001voyagesgourmands.com\/wp-content\/uploads\/2019\/09\/20190824_Villers_la_Ville-26-1-585x878.jpg 585w, https:\/\/1001voyagesgourmands.com\/wp-content\/uploads\/2019\/09\/20190824_Villers_la_Ville-26-1.jpg 2000w\" sizes=\"auto, (max-width: 819px) 100vw, 819px\" \/><\/p>\n<p><img loading=\"lazy\" decoding=\"async\" class=\"aligncenter wp-image-25419\" src=\"http:\/\/1001voyagesgourmands.com\/wp-content\/uploads\/2019\/09\/20190824_Villers_la_Ville-25-1-683x1024.jpg\" alt=\"\" width=\"873\" height=\"1309\" srcset=\"https:\/\/1001voyagesgourmands.com\/wp-content\/uploads\/2019\/09\/20190824_Villers_la_Ville-25-1-683x1024.jpg 683w, https:\/\/1001voyagesgourmands.com\/wp-content\/uploads\/2019\/09\/20190824_Villers_la_Ville-25-1-200x300.jpg 200w, https:\/\/1001voyagesgourmands.com\/wp-content\/uploads\/2019\/09\/20190824_Villers_la_Ville-25-1-768x1152.jpg 768w, https:\/\/1001voyagesgourmands.com\/wp-content\/uploads\/2019\/09\/20190824_Villers_la_Ville-25-1-1170x1755.jpg 1170w, https:\/\/1001voyagesgourmands.com\/wp-content\/uploads\/2019\/09\/20190824_Villers_la_Ville-25-1-1920x2880.jpg 1920w, https:\/\/1001voyagesgourmands.com\/wp-content\/uploads\/2019\/09\/20190824_Villers_la_Ville-25-1-585x878.jpg 585w, https:\/\/1001voyagesgourmands.com\/wp-content\/uploads\/2019\/09\/20190824_Villers_la_Ville-25-1.jpg 2000w\" sizes=\"auto, (max-width: 873px) 100vw, 873px\" \/><\/p>\n<p><img loading=\"lazy\" decoding=\"async\" class=\"aligncenter wp-image-25423\" src=\"http:\/\/1001voyagesgourmands.com\/wp-content\/uploads\/2019\/09\/20190824_Villers_la_Ville-27-1-683x1024.jpg\" alt=\"\" width=\"855\" height=\"1282\" srcset=\"https:\/\/1001voyagesgourmands.com\/wp-content\/uploads\/2019\/09\/20190824_Villers_la_Ville-27-1-683x1024.jpg 683w, https:\/\/1001voyagesgourmands.com\/wp-content\/uploads\/2019\/09\/20190824_Villers_la_Ville-27-1-200x300.jpg 200w, https:\/\/1001voyagesgourmands.com\/wp-content\/uploads\/2019\/09\/20190824_Villers_la_Ville-27-1-768x1152.jpg 768w, https:\/\/1001voyagesgourmands.com\/wp-content\/uploads\/2019\/09\/20190824_Villers_la_Ville-27-1-1170x1755.jpg 1170w, https:\/\/1001voyagesgourmands.com\/wp-content\/uploads\/2019\/09\/20190824_Villers_la_Ville-27-1-1920x2880.jpg 1920w, https:\/\/1001voyagesgourmands.com\/wp-content\/uploads\/2019\/09\/20190824_Villers_la_Ville-27-1-585x878.jpg 585w, https:\/\/1001voyagesgourmands.com\/wp-content\/uploads\/2019\/09\/20190824_Villers_la_Ville-27-1.jpg 2000w\" sizes=\"auto, (max-width: 855px) 100vw, 855px\" \/><\/p>\n<p><img loading=\"lazy\" decoding=\"async\" class=\"aligncenter wp-image-25429\" src=\"http:\/\/1001voyagesgourmands.com\/wp-content\/uploads\/2019\/09\/20190824_Villers_la_Ville-30-1-683x1024.jpg\" alt=\"\" width=\"798\" height=\"1196\" srcset=\"https:\/\/1001voyagesgourmands.com\/wp-content\/uploads\/2019\/09\/20190824_Villers_la_Ville-30-1-683x1024.jpg 683w, https:\/\/1001voyagesgourmands.com\/wp-content\/uploads\/2019\/09\/20190824_Villers_la_Ville-30-1-200x300.jpg 200w, https:\/\/1001voyagesgourmands.com\/wp-content\/uploads\/2019\/09\/20190824_Villers_la_Ville-30-1-768x1152.jpg 768w, https:\/\/1001voyagesgourmands.com\/wp-content\/uploads\/2019\/09\/20190824_Villers_la_Ville-30-1-1170x1755.jpg 1170w, https:\/\/1001voyagesgourmands.com\/wp-content\/uploads\/2019\/09\/20190824_Villers_la_Ville-30-1-1920x2880.jpg 1920w, https:\/\/1001voyagesgourmands.com\/wp-content\/uploads\/2019\/09\/20190824_Villers_la_Ville-30-1-585x878.jpg 585w, https:\/\/1001voyagesgourmands.com\/wp-content\/uploads\/2019\/09\/20190824_Villers_la_Ville-30-1.jpg 2000w\" sizes=\"auto, (max-width: 798px) 100vw, 798px\" \/><\/p>\n<p><img loading=\"lazy\" decoding=\"async\" class=\"aligncenter wp-image-25425\" src=\"http:\/\/1001voyagesgourmands.com\/wp-content\/uploads\/2019\/09\/20190824_Villers_la_Ville-28-1-683x1024.jpg\" alt=\"\" width=\"813\" height=\"1219\" srcset=\"https:\/\/1001voyagesgourmands.com\/wp-content\/uploads\/2019\/09\/20190824_Villers_la_Ville-28-1-683x1024.jpg 683w, https:\/\/1001voyagesgourmands.com\/wp-content\/uploads\/2019\/09\/20190824_Villers_la_Ville-28-1-200x300.jpg 200w, https:\/\/1001voyagesgourmands.com\/wp-content\/uploads\/2019\/09\/20190824_Villers_la_Ville-28-1-768x1152.jpg 768w, https:\/\/1001voyagesgourmands.com\/wp-content\/uploads\/2019\/09\/20190824_Villers_la_Ville-28-1-1170x1755.jpg 1170w, https:\/\/1001voyagesgourmands.com\/wp-content\/uploads\/2019\/09\/20190824_Villers_la_Ville-28-1-1920x2880.jpg 1920w, https:\/\/1001voyagesgourmands.com\/wp-content\/uploads\/2019\/09\/20190824_Villers_la_Ville-28-1-585x878.jpg 585w, https:\/\/1001voyagesgourmands.com\/wp-content\/uploads\/2019\/09\/20190824_Villers_la_Ville-28-1.jpg 2000w\" sizes=\"auto, (max-width: 813px) 100vw, 813px\" \/><\/p>\n<p><img loading=\"lazy\" decoding=\"async\" class=\"aligncenter wp-image-25431\" src=\"http:\/\/1001voyagesgourmands.com\/wp-content\/uploads\/2019\/09\/20190824_Villers_la_Ville-31-1-683x1024.jpg\" alt=\"\" width=\"873\" height=\"1309\" srcset=\"https:\/\/1001voyagesgourmands.com\/wp-content\/uploads\/2019\/09\/20190824_Villers_la_Ville-31-1-683x1024.jpg 683w, https:\/\/1001voyagesgourmands.com\/wp-content\/uploads\/2019\/09\/20190824_Villers_la_Ville-31-1-200x300.jpg 200w, https:\/\/1001voyagesgourmands.com\/wp-content\/uploads\/2019\/09\/20190824_Villers_la_Ville-31-1-768x1152.jpg 768w, https:\/\/1001voyagesgourmands.com\/wp-content\/uploads\/2019\/09\/20190824_Villers_la_Ville-31-1-1170x1755.jpg 1170w, https:\/\/1001voyagesgourmands.com\/wp-content\/uploads\/2019\/09\/20190824_Villers_la_Ville-31-1-1920x2880.jpg 1920w, https:\/\/1001voyagesgourmands.com\/wp-content\/uploads\/2019\/09\/20190824_Villers_la_Ville-31-1-585x878.jpg 585w, https:\/\/1001voyagesgourmands.com\/wp-content\/uploads\/2019\/09\/20190824_Villers_la_Ville-31-1.jpg 2000w\" sizes=\"auto, (max-width: 873px) 100vw, 873px\" \/><\/p>\n<p><img loading=\"lazy\" decoding=\"async\" class=\"aligncenter wp-image-25433\" src=\"http:\/\/1001voyagesgourmands.com\/wp-content\/uploads\/2019\/09\/20190824_Villers_la_Ville-32-1-683x1024.jpg\" alt=\"\" width=\"780\" height=\"1169\" srcset=\"https:\/\/1001voyagesgourmands.com\/wp-content\/uploads\/2019\/09\/20190824_Villers_la_Ville-32-1-683x1024.jpg 683w, https:\/\/1001voyagesgourmands.com\/wp-content\/uploads\/2019\/09\/20190824_Villers_la_Ville-32-1-200x300.jpg 200w, https:\/\/1001voyagesgourmands.com\/wp-content\/uploads\/2019\/09\/20190824_Villers_la_Ville-32-1-768x1152.jpg 768w, https:\/\/1001voyagesgourmands.com\/wp-content\/uploads\/2019\/09\/20190824_Villers_la_Ville-32-1-1170x1755.jpg 1170w, https:\/\/1001voyagesgourmands.com\/wp-content\/uploads\/2019\/09\/20190824_Villers_la_Ville-32-1-1920x2880.jpg 1920w, https:\/\/1001voyagesgourmands.com\/wp-content\/uploads\/2019\/09\/20190824_Villers_la_Ville-32-1-585x878.jpg 585w, https:\/\/1001voyagesgourmands.com\/wp-content\/uploads\/2019\/09\/20190824_Villers_la_Ville-32-1.jpg 2000w\" sizes=\"auto, (max-width: 780px) 100vw, 780px\" \/><\/p>\n<p><img loading=\"lazy\" decoding=\"async\" class=\"aligncenter wp-image-25435\" src=\"http:\/\/1001voyagesgourmands.com\/wp-content\/uploads\/2019\/09\/20190824_Villers_la_Ville-33-1-683x1024.jpg\" alt=\"\" width=\"791\" height=\"1186\" srcset=\"https:\/\/1001voyagesgourmands.com\/wp-content\/uploads\/2019\/09\/20190824_Villers_la_Ville-33-1-683x1024.jpg 683w, https:\/\/1001voyagesgourmands.com\/wp-content\/uploads\/2019\/09\/20190824_Villers_la_Ville-33-1-200x300.jpg 200w, https:\/\/1001voyagesgourmands.com\/wp-content\/uploads\/2019\/09\/20190824_Villers_la_Ville-33-1-768x1152.jpg 768w, https:\/\/1001voyagesgourmands.com\/wp-content\/uploads\/2019\/09\/20190824_Villers_la_Ville-33-1-1170x1755.jpg 1170w, https:\/\/1001voyagesgourmands.com\/wp-content\/uploads\/2019\/09\/20190824_Villers_la_Ville-33-1-1920x2880.jpg 1920w, https:\/\/1001voyagesgourmands.com\/wp-content\/uploads\/2019\/09\/20190824_Villers_la_Ville-33-1-585x878.jpg 585w, https:\/\/1001voyagesgourmands.com\/wp-content\/uploads\/2019\/09\/20190824_Villers_la_Ville-33-1.jpg 2000w\" sizes=\"auto, (max-width: 791px) 100vw, 791px\" \/><\/p>\n<p><img loading=\"lazy\" decoding=\"async\" class=\"aligncenter wp-image-25437\" src=\"http:\/\/1001voyagesgourmands.com\/wp-content\/uploads\/2019\/09\/20190824_Villers_la_Ville-34-1-683x1024.jpg\" alt=\"\" width=\"819\" height=\"1228\" srcset=\"https:\/\/1001voyagesgourmands.com\/wp-content\/uploads\/2019\/09\/20190824_Villers_la_Ville-34-1-683x1024.jpg 683w, https:\/\/1001voyagesgourmands.com\/wp-content\/uploads\/2019\/09\/20190824_Villers_la_Ville-34-1-200x300.jpg 200w, https:\/\/1001voyagesgourmands.com\/wp-content\/uploads\/2019\/09\/20190824_Villers_la_Ville-34-1-768x1152.jpg 768w, https:\/\/1001voyagesgourmands.com\/wp-content\/uploads\/2019\/09\/20190824_Villers_la_Ville-34-1-1170x1755.jpg 1170w, https:\/\/1001voyagesgourmands.com\/wp-content\/uploads\/2019\/09\/20190824_Villers_la_Ville-34-1-1920x2880.jpg 1920w, https:\/\/1001voyagesgourmands.com\/wp-content\/uploads\/2019\/09\/20190824_Villers_la_Ville-34-1-585x878.jpg 585w, https:\/\/1001voyagesgourmands.com\/wp-content\/uploads\/2019\/09\/20190824_Villers_la_Ville-34-1.jpg 2000w\" sizes=\"auto, (max-width: 819px) 100vw, 819px\" \/><\/p>\n<p><img loading=\"lazy\" decoding=\"async\" class=\"aligncenter wp-image-25439\" src=\"http:\/\/1001voyagesgourmands.com\/wp-content\/uploads\/2019\/09\/20190824_Villers_la_Ville-35-1-683x1024.jpg\" alt=\"\" width=\"835\" height=\"1252\" srcset=\"https:\/\/1001voyagesgourmands.com\/wp-content\/uploads\/2019\/09\/20190824_Villers_la_Ville-35-1-683x1024.jpg 683w, https:\/\/1001voyagesgourmands.com\/wp-content\/uploads\/2019\/09\/20190824_Villers_la_Ville-35-1-200x300.jpg 200w, https:\/\/1001voyagesgourmands.com\/wp-content\/uploads\/2019\/09\/20190824_Villers_la_Ville-35-1-768x1152.jpg 768w, https:\/\/1001voyagesgourmands.com\/wp-content\/uploads\/2019\/09\/20190824_Villers_la_Ville-35-1-1170x1755.jpg 1170w, https:\/\/1001voyagesgourmands.com\/wp-content\/uploads\/2019\/09\/20190824_Villers_la_Ville-35-1-1920x2880.jpg 1920w, https:\/\/1001voyagesgourmands.com\/wp-content\/uploads\/2019\/09\/20190824_Villers_la_Ville-35-1-585x878.jpg 585w, https:\/\/1001voyagesgourmands.com\/wp-content\/uploads\/2019\/09\/20190824_Villers_la_Ville-35-1.jpg 2000w\" sizes=\"auto, (max-width: 835px) 100vw, 835px\" \/><\/p>\n<p><img loading=\"lazy\" decoding=\"async\" class=\"aligncenter wp-image-25441\" src=\"http:\/\/1001voyagesgourmands.com\/wp-content\/uploads\/2019\/09\/20190824_Villers_la_Ville-36-683x1024.jpg\" alt=\"\" width=\"804\" height=\"1205\" srcset=\"https:\/\/1001voyagesgourmands.com\/wp-content\/uploads\/2019\/09\/20190824_Villers_la_Ville-36-683x1024.jpg 683w, https:\/\/1001voyagesgourmands.com\/wp-content\/uploads\/2019\/09\/20190824_Villers_la_Ville-36-200x300.jpg 200w, https:\/\/1001voyagesgourmands.com\/wp-content\/uploads\/2019\/09\/20190824_Villers_la_Ville-36-768x1152.jpg 768w, https:\/\/1001voyagesgourmands.com\/wp-content\/uploads\/2019\/09\/20190824_Villers_la_Ville-36-1170x1755.jpg 1170w, https:\/\/1001voyagesgourmands.com\/wp-content\/uploads\/2019\/09\/20190824_Villers_la_Ville-36-1920x2880.jpg 1920w, https:\/\/1001voyagesgourmands.com\/wp-content\/uploads\/2019\/09\/20190824_Villers_la_Ville-36-585x878.jpg 585w, https:\/\/1001voyagesgourmands.com\/wp-content\/uploads\/2019\/09\/20190824_Villers_la_Ville-36.jpg 2000w\" sizes=\"auto, (max-width: 804px) 100vw, 804px\" \/><\/p>\n<p><img loading=\"lazy\" decoding=\"async\" class=\"aligncenter wp-image-25443\" src=\"http:\/\/1001voyagesgourmands.com\/wp-content\/uploads\/2019\/09\/20190824_Villers_la_Ville-37-683x1024.jpg\" alt=\"\" width=\"795\" height=\"1192\" srcset=\"https:\/\/1001voyagesgourmands.com\/wp-content\/uploads\/2019\/09\/20190824_Villers_la_Ville-37-683x1024.jpg 683w, https:\/\/1001voyagesgourmands.com\/wp-content\/uploads\/2019\/09\/20190824_Villers_la_Ville-37-200x300.jpg 200w, https:\/\/1001voyagesgourmands.com\/wp-content\/uploads\/2019\/09\/20190824_Villers_la_Ville-37-768x1152.jpg 768w, https:\/\/1001voyagesgourmands.com\/wp-content\/uploads\/2019\/09\/20190824_Villers_la_Ville-37-1170x1755.jpg 1170w, https:\/\/1001voyagesgourmands.com\/wp-content\/uploads\/2019\/09\/20190824_Villers_la_Ville-37-1920x2880.jpg 1920w, https:\/\/1001voyagesgourmands.com\/wp-content\/uploads\/2019\/09\/20190824_Villers_la_Ville-37-585x878.jpg 585w, https:\/\/1001voyagesgourmands.com\/wp-content\/uploads\/2019\/09\/20190824_Villers_la_Ville-37.jpg 2000w\" sizes=\"auto, (max-width: 795px) 100vw, 795px\" \/><\/p>\n<p><img loading=\"lazy\" decoding=\"async\" class=\"aligncenter wp-image-25445\" src=\"http:\/\/1001voyagesgourmands.com\/wp-content\/uploads\/2019\/09\/20190824_Villers_la_Ville-38-683x1024.jpg\" alt=\"\" width=\"832\" height=\"1247\" srcset=\"https:\/\/1001voyagesgourmands.com\/wp-content\/uploads\/2019\/09\/20190824_Villers_la_Ville-38-683x1024.jpg 683w, https:\/\/1001voyagesgourmands.com\/wp-content\/uploads\/2019\/09\/20190824_Villers_la_Ville-38-200x300.jpg 200w, https:\/\/1001voyagesgourmands.com\/wp-content\/uploads\/2019\/09\/20190824_Villers_la_Ville-38-768x1152.jpg 768w, https:\/\/1001voyagesgourmands.com\/wp-content\/uploads\/2019\/09\/20190824_Villers_la_Ville-38-1170x1755.jpg 1170w, https:\/\/1001voyagesgourmands.com\/wp-content\/uploads\/2019\/09\/20190824_Villers_la_Ville-38-1920x2880.jpg 1920w, https:\/\/1001voyagesgourmands.com\/wp-content\/uploads\/2019\/09\/20190824_Villers_la_Ville-38-585x878.jpg 585w, https:\/\/1001voyagesgourmands.com\/wp-content\/uploads\/2019\/09\/20190824_Villers_la_Ville-38.jpg 2000w\" sizes=\"auto, (max-width: 832px) 100vw, 832px\" \/><\/p>\n<p><img loading=\"lazy\" decoding=\"async\" class=\"aligncenter wp-image-25447\" src=\"http:\/\/1001voyagesgourmands.com\/wp-content\/uploads\/2019\/09\/20190824_Villers_la_Ville-39-683x1024.jpg\" alt=\"\" width=\"859\" height=\"1288\" srcset=\"https:\/\/1001voyagesgourmands.com\/wp-content\/uploads\/2019\/09\/20190824_Villers_la_Ville-39-683x1024.jpg 683w, https:\/\/1001voyagesgourmands.com\/wp-content\/uploads\/2019\/09\/20190824_Villers_la_Ville-39-200x300.jpg 200w, https:\/\/1001voyagesgourmands.com\/wp-content\/uploads\/2019\/09\/20190824_Villers_la_Ville-39-768x1152.jpg 768w, https:\/\/1001voyagesgourmands.com\/wp-content\/uploads\/2019\/09\/20190824_Villers_la_Ville-39-1170x1755.jpg 1170w, https:\/\/1001voyagesgourmands.com\/wp-content\/uploads\/2019\/09\/20190824_Villers_la_Ville-39-1920x2880.jpg 1920w, https:\/\/1001voyagesgourmands.com\/wp-content\/uploads\/2019\/09\/20190824_Villers_la_Ville-39-585x878.jpg 585w, https:\/\/1001voyagesgourmands.com\/wp-content\/uploads\/2019\/09\/20190824_Villers_la_Ville-39.jpg 2000w\" sizes=\"auto, (max-width: 859px) 100vw, 859px\" \/><\/p>\n<p><img loading=\"lazy\" decoding=\"async\" class=\"aligncenter wp-image-25449\" src=\"http:\/\/1001voyagesgourmands.com\/wp-content\/uploads\/2019\/09\/20190824_Villers_la_Ville-40-683x1024.jpg\" alt=\"\" width=\"880\" height=\"1319\" srcset=\"https:\/\/1001voyagesgourmands.com\/wp-content\/uploads\/2019\/09\/20190824_Villers_la_Ville-40-683x1024.jpg 683w, https:\/\/1001voyagesgourmands.com\/wp-content\/uploads\/2019\/09\/20190824_Villers_la_Ville-40-200x300.jpg 200w, https:\/\/1001voyagesgourmands.com\/wp-content\/uploads\/2019\/09\/20190824_Villers_la_Ville-40-768x1152.jpg 768w, https:\/\/1001voyagesgourmands.com\/wp-content\/uploads\/2019\/09\/20190824_Villers_la_Ville-40-1170x1755.jpg 1170w, https:\/\/1001voyagesgourmands.com\/wp-content\/uploads\/2019\/09\/20190824_Villers_la_Ville-40-1920x2880.jpg 1920w, https:\/\/1001voyagesgourmands.com\/wp-content\/uploads\/2019\/09\/20190824_Villers_la_Ville-40-585x878.jpg 585w, https:\/\/1001voyagesgourmands.com\/wp-content\/uploads\/2019\/09\/20190824_Villers_la_Ville-40.jpg 2000w\" sizes=\"auto, (max-width: 880px) 100vw, 880px\" \/><\/p>\n<p><img loading=\"lazy\" decoding=\"async\" class=\"aligncenter size-large wp-image-25373\" src=\"http:\/\/1001voyagesgourmands.com\/wp-content\/uploads\/2019\/09\/20190824_Villers_la_Ville-2-1-1024x683.jpg\" alt=\"\" width=\"1024\" height=\"683\" srcset=\"https:\/\/1001voyagesgourmands.com\/wp-content\/uploads\/2019\/09\/20190824_Villers_la_Ville-2-1-1024x683.jpg 1024w, https:\/\/1001voyagesgourmands.com\/wp-content\/uploads\/2019\/09\/20190824_Villers_la_Ville-2-1-300x200.jpg 300w, https:\/\/1001voyagesgourmands.com\/wp-content\/uploads\/2019\/09\/20190824_Villers_la_Ville-2-1-768x512.jpg 768w, https:\/\/1001voyagesgourmands.com\/wp-content\/uploads\/2019\/09\/20190824_Villers_la_Ville-2-1-1170x780.jpg 1170w, https:\/\/1001voyagesgourmands.com\/wp-content\/uploads\/2019\/09\/20190824_Villers_la_Ville-2-1-1920x1280.jpg 1920w, https:\/\/1001voyagesgourmands.com\/wp-content\/uploads\/2019\/09\/20190824_Villers_la_Ville-2-1-585x390.jpg 585w, https:\/\/1001voyagesgourmands.com\/wp-content\/uploads\/2019\/09\/20190824_Villers_la_Ville-2-1-263x175.jpg 263w, https:\/\/1001voyagesgourmands.com\/wp-content\/uploads\/2019\/09\/20190824_Villers_la_Ville-2-1.jpg 1999w\" sizes=\"auto, (max-width: 1024px) 100vw, 1024px\" \/><\/p>\n","protected":false},"excerpt":{"rendered":"<p>Kdysi, kdy\u017e jsem byla v Louvain-la-Neuve na Erasmu a jezdila vlakem na leti\u0161t\u011b v Charleroi, na p\u016fli cesty jsem v\u017edy vyhl\u00ed\u017eela kr\u00e1sn\u00e9 ruiny opatstv\u00ed ve Villers-la-Ville, jsou toti\u017e z vlaku kr\u00e1sn\u011b vid\u011bt a p\u016fsob\u00ed to magicky. Od t\u00e9 doby jsem vid\u011bla n\u00e1dhern\u00e9 fotky tohoto p\u0159ita\u017eliv\u00e9ho m\u00edsta a slibovala si, \u017ee&hellip;<\/p>\n","protected":false},"author":1,"featured_media":25437,"comment_status":"open","ping_status":"open","sticky":false,"template":"","format":"standard","meta":{"_exactmetrics_skip_tracking":false,"_exactmetrics_sitenote_active":false,"_exactmetrics_sitenote_note":"","_exactmetrics_sitenote_category":0,"_lmt_disableupdate":"","_lmt_disable":"","footnotes":""},"categories":[362,4],"tags":[],"class_list":["post-25292","post","type-post","status-publish","format-standard","has-post-thumbnail","hentry","category-belgie","category-cestovani"],"yoast_head":"<!-- This site is optimized with the Yoast SEO plugin v26.1.1 - https:\/\/yoast.com\/wordpress\/plugins\/seo\/ -->\n<title>V\u00fdlet do Opatstv\u00ed Villers - 1001 Voyages Gourmands<\/title>\n<meta name=\"description\" content=\"Kdy\u017e jsem byla v Louvain-la-Neuve na Erasmu a jezdila vlakem na leti\u0161t\u011b v Charleroi, vyhl\u00ed\u017eela jsem po cest\u011b kr\u00e1sn\u00e9 ruiny opatstv\u00ed ve Villers-la-Ville.\" \/>\n<meta name=\"robots\" content=\"index, follow, max-snippet:-1, max-image-preview:large, max-video-preview:-1\" \/>\n<link rel=\"canonical\" href=\"https:\/\/1001voyagesgourmands.com\/cs\/vylet-do-opatstvi-villers\/\" \/>\n<meta property=\"og:locale\" content=\"cs_CZ\" \/>\n<meta property=\"og:type\" content=\"article\" \/>\n<meta property=\"og:title\" content=\"V\u00fdlet do Opatstv\u00ed Villers - 1001 Voyages Gourmands\" \/>\n<meta property=\"og:description\" content=\"Kdy\u017e jsem byla v Louvain-la-Neuve na Erasmu a jezdila vlakem na leti\u0161t\u011b v Charleroi, vyhl\u00ed\u017eela jsem po cest\u011b kr\u00e1sn\u00e9 ruiny opatstv\u00ed ve Villers-la-Ville.\" \/>\n<meta property=\"og:url\" content=\"https:\/\/1001voyagesgourmands.com\/cs\/vylet-do-opatstvi-villers\/\" \/>\n<meta property=\"og:site_name\" content=\"1001 Voyages Gourmands\" \/>\n<meta property=\"article:publisher\" content=\"https:\/\/www.facebook.com\/1001voyagesgourmands\" \/>\n<meta property=\"article:published_time\" content=\"2019-09-19T22:32:26+00:00\" \/>\n<meta property=\"article:modified_time\" content=\"2019-09-19T22:40:18+00:00\" \/>\n<meta property=\"og:image\" content=\"https:\/\/1001voyagesgourmands.com\/wp-content\/uploads\/2019\/09\/20190824_Villers_la_Ville-34-1.jpg\" \/>\n\t<meta property=\"og:image:width\" content=\"2000\" \/>\n\t<meta property=\"og:image:height\" content=\"3000\" \/>\n\t<meta property=\"og:image:type\" content=\"image\/jpeg\" \/>\n<meta name=\"author\" content=\"Michaela\" \/>\n<meta name=\"twitter:card\" content=\"summary_large_image\" \/>\n<meta name=\"twitter:creator\" content=\"@michaela_1001vg\" \/>\n<meta name=\"twitter:site\" content=\"@michaela_1001vg\" \/>\n<meta name=\"twitter:label1\" content=\"Napsal(a)\" \/>\n\t<meta name=\"twitter:data1\" content=\"Michaela\" \/>\n\t<meta name=\"twitter:label2\" content=\"Odhadovan\u00e1 doba \u010dten\u00ed\" \/>\n\t<meta name=\"twitter:data2\" content=\"3 minuty\" \/>\n<script type=\"application\/ld+json\" class=\"yoast-schema-graph\">{\"@context\":\"https:\/\/schema.org\",\"@graph\":[{\"@type\":\"WebPage\",\"@id\":\"https:\/\/1001voyagesgourmands.com\/cs\/vylet-do-opatstvi-villers\/\",\"url\":\"https:\/\/1001voyagesgourmands.com\/cs\/vylet-do-opatstvi-villers\/\",\"name\":\"V\u00fdlet do Opatstv\u00ed Villers - 1001 Voyages Gourmands\",\"isPartOf\":{\"@id\":\"https:\/\/1001voyagesgourmands.com\/cs\/#website\"},\"primaryImageOfPage\":{\"@id\":\"https:\/\/1001voyagesgourmands.com\/cs\/vylet-do-opatstvi-villers\/#primaryimage\"},\"image\":{\"@id\":\"https:\/\/1001voyagesgourmands.com\/cs\/vylet-do-opatstvi-villers\/#primaryimage\"},\"thumbnailUrl\":\"https:\/\/1001voyagesgourmands.com\/wp-content\/uploads\/2019\/09\/20190824_Villers_la_Ville-34-1.jpg\",\"datePublished\":\"2019-09-19T22:32:26+00:00\",\"dateModified\":\"2019-09-19T22:40:18+00:00\",\"author\":{\"@id\":\"https:\/\/1001voyagesgourmands.com\/cs\/#\/schema\/person\/62e0e7238fcf7482b23bf83e1b72ff1b\"},\"description\":\"Kdy\u017e jsem byla v Louvain-la-Neuve na Erasmu a jezdila vlakem na leti\u0161t\u011b v Charleroi, vyhl\u00ed\u017eela jsem po cest\u011b kr\u00e1sn\u00e9 ruiny opatstv\u00ed ve Villers-la-Ville.\",\"breadcrumb\":{\"@id\":\"https:\/\/1001voyagesgourmands.com\/cs\/vylet-do-opatstvi-villers\/#breadcrumb\"},\"inLanguage\":\"cs\",\"potentialAction\":[{\"@type\":\"ReadAction\",\"target\":[\"https:\/\/1001voyagesgourmands.com\/cs\/vylet-do-opatstvi-villers\/\"]}]},{\"@type\":\"ImageObject\",\"inLanguage\":\"cs\",\"@id\":\"https:\/\/1001voyagesgourmands.com\/cs\/vylet-do-opatstvi-villers\/#primaryimage\",\"url\":\"https:\/\/1001voyagesgourmands.com\/wp-content\/uploads\/2019\/09\/20190824_Villers_la_Ville-34-1.jpg\",\"contentUrl\":\"https:\/\/1001voyagesgourmands.com\/wp-content\/uploads\/2019\/09\/20190824_Villers_la_Ville-34-1.jpg\",\"width\":2000,\"height\":3000,\"caption\":\"Kdy\u017e jsem byla v Louvain-la-Neuve na Erasmu a jezdila vlakem na leti\u0161t\u011b v Charleroi, vyhl\u00ed\u017eela jsem po cest\u011b kr\u00e1sn\u00e9 ruiny opatstv\u00ed ve Villers-la-Ville.\"},{\"@type\":\"BreadcrumbList\",\"@id\":\"https:\/\/1001voyagesgourmands.com\/cs\/vylet-do-opatstvi-villers\/#breadcrumb\",\"itemListElement\":[{\"@type\":\"ListItem\",\"position\":1,\"name\":\"Dom\u016f\",\"item\":\"https:\/\/1001voyagesgourmands.com\/cs\/\"},{\"@type\":\"ListItem\",\"position\":2,\"name\":\"V\u00fdlet do Opatstv\u00ed Villers\"}]},{\"@type\":\"WebSite\",\"@id\":\"https:\/\/1001voyagesgourmands.com\/cs\/#website\",\"url\":\"https:\/\/1001voyagesgourmands.com\/cs\/\",\"name\":\"1001 Voyages Gourmands\",\"description\":\"Food | Travel | Photography\",\"potentialAction\":[{\"@type\":\"SearchAction\",\"target\":{\"@type\":\"EntryPoint\",\"urlTemplate\":\"https:\/\/1001voyagesgourmands.com\/cs\/?s={search_term_string}\"},\"query-input\":{\"@type\":\"PropertyValueSpecification\",\"valueRequired\":true,\"valueName\":\"search_term_string\"}}],\"inLanguage\":\"cs\"},{\"@type\":\"Person\",\"@id\":\"https:\/\/1001voyagesgourmands.com\/cs\/#\/schema\/person\/62e0e7238fcf7482b23bf83e1b72ff1b\",\"name\":\"Michaela\",\"image\":{\"@type\":\"ImageObject\",\"inLanguage\":\"cs\",\"@id\":\"https:\/\/1001voyagesgourmands.com\/cs\/#\/schema\/person\/image\/\",\"url\":\"https:\/\/secure.gravatar.com\/avatar\/73fa562a5b0ce269ca480f67de504b8ecac054a121d170e226f1b79e02024cb8?s=96&d=mm&r=g\",\"contentUrl\":\"https:\/\/secure.gravatar.com\/avatar\/73fa562a5b0ce269ca480f67de504b8ecac054a121d170e226f1b79e02024cb8?s=96&d=mm&r=g\",\"caption\":\"Michaela\"},\"sameAs\":[\"http:\/\/1001voyagesgourmands.com\"]}]}<\/script>\n<!-- \/ Yoast SEO plugin. -->","yoast_head_json":{"title":"V\u00fdlet do Opatstv\u00ed Villers - 1001 Voyages Gourmands","description":"Kdy\u017e jsem byla v Louvain-la-Neuve na Erasmu a jezdila vlakem na leti\u0161t\u011b v Charleroi, vyhl\u00ed\u017eela jsem po cest\u011b kr\u00e1sn\u00e9 ruiny opatstv\u00ed ve Villers-la-Ville.","robots":{"index":"index","follow":"follow","max-snippet":"max-snippet:-1","max-image-preview":"max-image-preview:large","max-video-preview":"max-video-preview:-1"},"canonical":"https:\/\/1001voyagesgourmands.com\/cs\/vylet-do-opatstvi-villers\/","og_locale":"cs_CZ","og_type":"article","og_title":"V\u00fdlet do Opatstv\u00ed Villers - 1001 Voyages Gourmands","og_description":"Kdy\u017e jsem byla v Louvain-la-Neuve na Erasmu a jezdila vlakem na leti\u0161t\u011b v Charleroi, vyhl\u00ed\u017eela jsem po cest\u011b kr\u00e1sn\u00e9 ruiny opatstv\u00ed ve Villers-la-Ville.","og_url":"https:\/\/1001voyagesgourmands.com\/cs\/vylet-do-opatstvi-villers\/","og_site_name":"1001 Voyages Gourmands","article_publisher":"https:\/\/www.facebook.com\/1001voyagesgourmands","article_published_time":"2019-09-19T22:32:26+00:00","article_modified_time":"2019-09-19T22:40:18+00:00","og_image":[{"width":2000,"height":3000,"url":"https:\/\/1001voyagesgourmands.com\/wp-content\/uploads\/2019\/09\/20190824_Villers_la_Ville-34-1.jpg","type":"image\/jpeg"}],"author":"Michaela","twitter_card":"summary_large_image","twitter_creator":"@michaela_1001vg","twitter_site":"@michaela_1001vg","twitter_misc":{"Napsal(a)":"Michaela","Odhadovan\u00e1 doba \u010dten\u00ed":"3 minuty"},"schema":{"@context":"https:\/\/schema.org","@graph":[{"@type":"WebPage","@id":"https:\/\/1001voyagesgourmands.com\/cs\/vylet-do-opatstvi-villers\/","url":"https:\/\/1001voyagesgourmands.com\/cs\/vylet-do-opatstvi-villers\/","name":"V\u00fdlet do Opatstv\u00ed Villers - 1001 Voyages Gourmands","isPartOf":{"@id":"https:\/\/1001voyagesgourmands.com\/cs\/#website"},"primaryImageOfPage":{"@id":"https:\/\/1001voyagesgourmands.com\/cs\/vylet-do-opatstvi-villers\/#primaryimage"},"image":{"@id":"https:\/\/1001voyagesgourmands.com\/cs\/vylet-do-opatstvi-villers\/#primaryimage"},"thumbnailUrl":"https:\/\/1001voyagesgourmands.com\/wp-content\/uploads\/2019\/09\/20190824_Villers_la_Ville-34-1.jpg","datePublished":"2019-09-19T22:32:26+00:00","dateModified":"2019-09-19T22:40:18+00:00","author":{"@id":"https:\/\/1001voyagesgourmands.com\/cs\/#\/schema\/person\/62e0e7238fcf7482b23bf83e1b72ff1b"},"description":"Kdy\u017e jsem byla v Louvain-la-Neuve na Erasmu a jezdila vlakem na leti\u0161t\u011b v Charleroi, vyhl\u00ed\u017eela jsem po cest\u011b kr\u00e1sn\u00e9 ruiny opatstv\u00ed ve Villers-la-Ville.","breadcrumb":{"@id":"https:\/\/1001voyagesgourmands.com\/cs\/vylet-do-opatstvi-villers\/#breadcrumb"},"inLanguage":"cs","potentialAction":[{"@type":"ReadAction","target":["https:\/\/1001voyagesgourmands.com\/cs\/vylet-do-opatstvi-villers\/"]}]},{"@type":"ImageObject","inLanguage":"cs","@id":"https:\/\/1001voyagesgourmands.com\/cs\/vylet-do-opatstvi-villers\/#primaryimage","url":"https:\/\/1001voyagesgourmands.com\/wp-content\/uploads\/2019\/09\/20190824_Villers_la_Ville-34-1.jpg","contentUrl":"https:\/\/1001voyagesgourmands.com\/wp-content\/uploads\/2019\/09\/20190824_Villers_la_Ville-34-1.jpg","width":2000,"height":3000,"caption":"Kdy\u017e jsem byla v Louvain-la-Neuve na Erasmu a jezdila vlakem na leti\u0161t\u011b v Charleroi, vyhl\u00ed\u017eela jsem po cest\u011b kr\u00e1sn\u00e9 ruiny opatstv\u00ed ve Villers-la-Ville."},{"@type":"BreadcrumbList","@id":"https:\/\/1001voyagesgourmands.com\/cs\/vylet-do-opatstvi-villers\/#breadcrumb","itemListElement":[{"@type":"ListItem","position":1,"name":"Dom\u016f","item":"https:\/\/1001voyagesgourmands.com\/cs\/"},{"@type":"ListItem","position":2,"name":"V\u00fdlet do Opatstv\u00ed Villers"}]},{"@type":"WebSite","@id":"https:\/\/1001voyagesgourmands.com\/cs\/#website","url":"https:\/\/1001voyagesgourmands.com\/cs\/","name":"1001 Voyages Gourmands","description":"Food | Travel | Photography","potentialAction":[{"@type":"SearchAction","target":{"@type":"EntryPoint","urlTemplate":"https:\/\/1001voyagesgourmands.com\/cs\/?s={search_term_string}"},"query-input":{"@type":"PropertyValueSpecification","valueRequired":true,"valueName":"search_term_string"}}],"inLanguage":"cs"},{"@type":"Person","@id":"https:\/\/1001voyagesgourmands.com\/cs\/#\/schema\/person\/62e0e7238fcf7482b23bf83e1b72ff1b","name":"Michaela","image":{"@type":"ImageObject","inLanguage":"cs","@id":"https:\/\/1001voyagesgourmands.com\/cs\/#\/schema\/person\/image\/","url":"https:\/\/secure.gravatar.com\/avatar\/73fa562a5b0ce269ca480f67de504b8ecac054a121d170e226f1b79e02024cb8?s=96&d=mm&r=g","contentUrl":"https:\/\/secure.gravatar.com\/avatar\/73fa562a5b0ce269ca480f67de504b8ecac054a121d170e226f1b79e02024cb8?s=96&d=mm&r=g","caption":"Michaela"},"sameAs":["http:\/\/1001voyagesgourmands.com"]}]}},"_links":{"self":[{"href":"https:\/\/1001voyagesgourmands.com\/cs\/wp-json\/wp\/v2\/posts\/25292","targetHints":{"allow":["GET"]}}],"collection":[{"href":"https:\/\/1001voyagesgourmands.com\/cs\/wp-json\/wp\/v2\/posts"}],"about":[{"href":"https:\/\/1001voyagesgourmands.com\/cs\/wp-json\/wp\/v2\/types\/post"}],"author":[{"embeddable":true,"href":"https:\/\/1001voyagesgourmands.com\/cs\/wp-json\/wp\/v2\/users\/1"}],"replies":[{"embeddable":true,"href":"https:\/\/1001voyagesgourmands.com\/cs\/wp-json\/wp\/v2\/comments?post=25292"}],"version-history":[{"count":5,"href":"https:\/\/1001voyagesgourmands.com\/cs\/wp-json\/wp\/v2\/posts\/25292\/revisions"}],"predecessor-version":[{"id":25459,"href":"https:\/\/1001voyagesgourmands.com\/cs\/wp-json\/wp\/v2\/posts\/25292\/revisions\/25459"}],"wp:featuredmedia":[{"embeddable":true,"href":"https:\/\/1001voyagesgourmands.com\/cs\/wp-json\/wp\/v2\/media\/25437"}],"wp:attachment":[{"href":"https:\/\/1001voyagesgourmands.com\/cs\/wp-json\/wp\/v2\/media?parent=25292"}],"wp:term":[{"taxonomy":"category","embeddable":true,"href":"https:\/\/1001voyagesgourmands.com\/cs\/wp-json\/wp\/v2\/categories?post=25292"},{"taxonomy":"post_tag","embeddable":true,"href":"https:\/\/1001voyagesgourmands.com\/cs\/wp-json\/wp\/v2\/tags?post=25292"}],"curies":[{"name":"wp","href":"https:\/\/api.w.org\/{rel}","templated":true}]}}