{"id":24797,"date":"2020-03-04T08:56:21","date_gmt":"2020-03-04T07:56:21","guid":{"rendered":"http:\/\/1001voyagesgourmands.com\/?p=24797"},"modified":"2020-03-05T16:06:13","modified_gmt":"2020-03-05T15:06:13","slug":"5-dni-na-malte-a-nas-itinerar","status":"publish","type":"post","link":"https:\/\/1001voyagesgourmands.com\/cs\/5-dni-na-malte-a-nas-itinerar\/","title":{"rendered":"5 dn\u00ed na Malt\u011b a n\u00e1\u0161 itiner\u00e1\u0159"},"content":{"rendered":"<p style=\"text-align: justify;\">Koncem listopadu 2018 jsme se cht\u011bli je\u0161t\u011b n\u011bkam pod\u00edvat ne\u017e budeme 3 a po dlouh\u00e9m rozhodov\u00e1n\u00ed mezi Marokem a Maltou, kr\u00e1sn\u00e1 Malta vyhr\u00e1la. Bylo to u\u017e mimo hlavn\u00ed sezonu, tak\u017ee daleko men\u0161\u00ed davovka ne\u017e p\u0159es l\u00e9to a skv\u011bl\u00e1 doba na to projet a poznat ostrov. Taky nebylo takov\u00e9 vedro, p\u0159i\u010dem\u017e st\u00e1le je\u0161t\u011b slune\u010dno, tak\u017ee jsme mohli p\u0159ed v\u00e1no\u010dn\u00edm shonem nachytat je\u0161t\u011b trochu vitam\u00ednu D. Po dlouh\u00e9 dob\u011b jsem se dokopala v\u0161e shrnout tady na blogu, tak\u017ee dne\u0161n\u00ed \u010dl\u00e1nek je o na\u0161em podzimn\u00edm v\u00fdletu na Maltu. Kde se ubytovat, jak se pohybovat po ostrovech, a co v\u0161e se d\u00e1 vid\u011bt za 5 dn\u00ed na Malt\u011b.<\/p>\n<p><img loading=\"lazy\" decoding=\"async\" class=\"aligncenter size-large wp-image-26420\" src=\"http:\/\/1001voyagesgourmands.com\/wp-content\/uploads\/2020\/02\/5_days_in_Malta-104-1024x682.jpg\" alt=\"\" width=\"1024\" height=\"682\" srcset=\"https:\/\/1001voyagesgourmands.com\/wp-content\/uploads\/2020\/02\/5_days_in_Malta-104-1024x682.jpg 1024w, https:\/\/1001voyagesgourmands.com\/wp-content\/uploads\/2020\/02\/5_days_in_Malta-104-300x200.jpg 300w, https:\/\/1001voyagesgourmands.com\/wp-content\/uploads\/2020\/02\/5_days_in_Malta-104-768x512.jpg 768w, https:\/\/1001voyagesgourmands.com\/wp-content\/uploads\/2020\/02\/5_days_in_Malta-104-1170x780.jpg 1170w, https:\/\/1001voyagesgourmands.com\/wp-content\/uploads\/2020\/02\/5_days_in_Malta-104-1920x1280.jpg 1920w, https:\/\/1001voyagesgourmands.com\/wp-content\/uploads\/2020\/02\/5_days_in_Malta-104-585x390.jpg 585w, https:\/\/1001voyagesgourmands.com\/wp-content\/uploads\/2020\/02\/5_days_in_Malta-104-263x175.jpg 263w, https:\/\/1001voyagesgourmands.com\/wp-content\/uploads\/2020\/02\/5_days_in_Malta-104.jpg 2000w\" sizes=\"auto, (max-width: 1024px) 100vw, 1024px\" \/><\/p>\n<p style=\"text-align: justify;\">&nbsp;<\/p>\n<h2 style=\"text-align: justify;\"><u>Kde jsme byli ubytovan\u00ed<\/u><\/h2>\n<p style=\"text-align: justify;\">Maltsk\u00e9 souostrov\u00ed sest\u00e1v\u00e1 z 3 ostrov\u016f: Malta, Gozo a Comino. N\u00e1m bylo od za\u010d\u00e1tku jasn\u00e9, \u017ee chceme bydlet na hlavn\u00edm ostrov\u011b a podnikat v\u00fdlety odtamtud. Hodn\u011b prvon\u00e1v\u0161t\u011bvn\u00edk\u016f vol\u00ed jako z\u00e1kladnu Sliemu u hlavn\u00edho m\u011bsta Valetty. Je to ru\u0161n\u00e9 business centrum s plno restauracemi, bary, obchody a ubytovac\u00edmi za\u0159\u00edzen\u00edmi, odkud jsou vynikaj\u00edc\u00ed spoje do ostatn\u00edch kout\u016f ostrova. Pro n\u00e1s tohle nebylo zrovna to, co jsme hledali, cht\u011bli jsme n\u011bco poklidn\u011bj\u0161\u00edho a autenti\u010dt\u011bj\u0161\u00edho, a tak jsme zvolili <a href=\"https:\/\/www.airbnb.cz\/rooms\/17414118?_set_bev_on_new_domain=1582802134_MzgwMTk3MTUyNzUy&amp;source_impression_id=p3_1582802210_j3G2KxwkwnG8N5Ww\" target=\"_blank\" rel=\"noopener noreferrer\">okouzluj\u00edc\u00ed apartm\u00e1n ve star\u00e9m dom\u011b v centru Rabatu<\/a>, jen 5 minut p\u011b\u0161ky od Tich\u00e9ho m\u011bsta M\u2019diny. Bydlen\u00ed v Rabatu se n\u00e1m pozd\u011bji uk\u00e1zalo jako perfektn\u00ed volba pro na\u0161ich 5 dn\u00ed na Malt\u011b.<\/p>\n<p style=\"text-align: justify;\"><a href=\"https:\/\/www.airbnb.cz\/rooms\/17414118?_set_bev_on_new_domain=1582802134_MzgwMTk3MTUyNzUy&amp;source_impression_id=p3_1582802210_j3G2KxwkwnG8N5Ww\" target=\"_blank\" rel=\"noopener noreferrer\">Etienn\u016fv d\u016fm<\/a> je 400 let star\u00fd a najdete ho v nejkr\u00e1sn\u011bj\u0161\u00ed ulici, jakou jsme na Malt\u011b vid\u011bli. Pronaj\u00edm\u00e1 zde jeden pln\u011b vybaven\u00fd a vkusn\u011b za\u0159\u00edzen\u00fd byt a dal\u0161\u00ed se p\u0159ipravuje. Na st\u0159e\u0161e domu je velk\u00e1 terasa, kterou jsme m\u011bli takt\u00e9\u017e k u\u017eitku a kde jsme si vychutnali ka\u017ed\u00e9 r\u00e1no sn\u00eddani za svitu slunce. Majitel je velice p\u0159\u00edjemn\u00fd mu\u017e st\u0159edn\u00edho v\u011bku, zcestoval\u00fd a moudr\u00fd \u010dlov\u011bk, povol\u00e1n\u00edm profesor, se kter\u00fdm je radost v\u00e9st rozhovor. P\u0159ed na\u0161\u00edm p\u0159\u00edjezdem n\u00e1m poskytl plno cenn\u00fdch informac\u00ed a dokonce vybavil lednici tak, abychom m\u011bli r\u00e1no co j\u00edst.&nbsp;<\/p>\n<p><img loading=\"lazy\" decoding=\"async\" class=\"aligncenter size-large wp-image-25938\" src=\"http:\/\/1001voyagesgourmands.com\/wp-content\/uploads\/2019\/10\/5_days_Malta_itinerary-75-1024x723.jpg\" alt=\"dne\u0161n\u00ed \u010dl\u00e1nek je o na\u0161em podzimn\u00edm v\u00fdletu na Maltu. Kde se ubytovat, jak se pohybovat po ostrovech, a co v\u0161e se d\u00e1 vid\u011bt za 5 dn\u00ed na Malt\u011b.\" width=\"1024\" height=\"723\" srcset=\"https:\/\/1001voyagesgourmands.com\/wp-content\/uploads\/2019\/10\/5_days_Malta_itinerary-75-1024x723.jpg 1024w, https:\/\/1001voyagesgourmands.com\/wp-content\/uploads\/2019\/10\/5_days_Malta_itinerary-75-300x212.jpg 300w, https:\/\/1001voyagesgourmands.com\/wp-content\/uploads\/2019\/10\/5_days_Malta_itinerary-75-768x543.jpg 768w, https:\/\/1001voyagesgourmands.com\/wp-content\/uploads\/2019\/10\/5_days_Malta_itinerary-75-1170x827.jpg 1170w, https:\/\/1001voyagesgourmands.com\/wp-content\/uploads\/2019\/10\/5_days_Malta_itinerary-75-1920x1356.jpg 1920w, https:\/\/1001voyagesgourmands.com\/wp-content\/uploads\/2019\/10\/5_days_Malta_itinerary-75-585x413.jpg 585w, https:\/\/1001voyagesgourmands.com\/wp-content\/uploads\/2019\/10\/5_days_Malta_itinerary-75.jpg 2000w\" sizes=\"auto, (max-width: 1024px) 100vw, 1024px\" \/> <img loading=\"lazy\" decoding=\"async\" class=\"aligncenter size-large wp-image-25940\" src=\"http:\/\/1001voyagesgourmands.com\/wp-content\/uploads\/2019\/10\/5_days_Malta_itinerary-76-1024x723.jpg\" alt=\"dne\u0161n\u00ed \u010dl\u00e1nek je o na\u0161em podzimn\u00edm v\u00fdletu na Maltu. Kde se ubytovat, jak se pohybovat po ostrovech, a co v\u0161e se d\u00e1 vid\u011bt za 5 dn\u00ed na Malt\u011b.\" width=\"1024\" height=\"723\" srcset=\"https:\/\/1001voyagesgourmands.com\/wp-content\/uploads\/2019\/10\/5_days_Malta_itinerary-76-1024x723.jpg 1024w, https:\/\/1001voyagesgourmands.com\/wp-content\/uploads\/2019\/10\/5_days_Malta_itinerary-76-300x212.jpg 300w, https:\/\/1001voyagesgourmands.com\/wp-content\/uploads\/2019\/10\/5_days_Malta_itinerary-76-768x543.jpg 768w, https:\/\/1001voyagesgourmands.com\/wp-content\/uploads\/2019\/10\/5_days_Malta_itinerary-76-1170x827.jpg 1170w, https:\/\/1001voyagesgourmands.com\/wp-content\/uploads\/2019\/10\/5_days_Malta_itinerary-76-1920x1356.jpg 1920w, https:\/\/1001voyagesgourmands.com\/wp-content\/uploads\/2019\/10\/5_days_Malta_itinerary-76-585x413.jpg 585w, https:\/\/1001voyagesgourmands.com\/wp-content\/uploads\/2019\/10\/5_days_Malta_itinerary-76.jpg 2000w\" sizes=\"auto, (max-width: 1024px) 100vw, 1024px\" \/> <img loading=\"lazy\" decoding=\"async\" class=\"aligncenter size-large wp-image-25942\" src=\"http:\/\/1001voyagesgourmands.com\/wp-content\/uploads\/2019\/10\/5_days_Malta_itinerary-77-1024x723.jpg\" alt=\"dne\u0161n\u00ed \u010dl\u00e1nek je o na\u0161em podzimn\u00edm v\u00fdletu na Maltu. Kde se ubytovat, jak se pohybovat po ostrovech, a co v\u0161e se d\u00e1 vid\u011bt za 5 dn\u00ed na Malt\u011b.\" width=\"1024\" height=\"723\" srcset=\"https:\/\/1001voyagesgourmands.com\/wp-content\/uploads\/2019\/10\/5_days_Malta_itinerary-77-1024x723.jpg 1024w, https:\/\/1001voyagesgourmands.com\/wp-content\/uploads\/2019\/10\/5_days_Malta_itinerary-77-300x212.jpg 300w, https:\/\/1001voyagesgourmands.com\/wp-content\/uploads\/2019\/10\/5_days_Malta_itinerary-77-768x543.jpg 768w, https:\/\/1001voyagesgourmands.com\/wp-content\/uploads\/2019\/10\/5_days_Malta_itinerary-77-1170x827.jpg 1170w, https:\/\/1001voyagesgourmands.com\/wp-content\/uploads\/2019\/10\/5_days_Malta_itinerary-77-1920x1356.jpg 1920w, https:\/\/1001voyagesgourmands.com\/wp-content\/uploads\/2019\/10\/5_days_Malta_itinerary-77-585x413.jpg 585w, https:\/\/1001voyagesgourmands.com\/wp-content\/uploads\/2019\/10\/5_days_Malta_itinerary-77.jpg 2000w\" sizes=\"auto, (max-width: 1024px) 100vw, 1024px\" \/> <img loading=\"lazy\" decoding=\"async\" class=\"aligncenter size-large wp-image-25956\" src=\"http:\/\/1001voyagesgourmands.com\/wp-content\/uploads\/2019\/10\/5_days_Malta_itinerary-84-1024x723.jpg\" alt=\"dne\u0161n\u00ed \u010dl\u00e1nek je o na\u0161em podzimn\u00edm v\u00fdletu na Maltu. Kde se ubytovat, jak se pohybovat po ostrovech, a co v\u0161e se d\u00e1 vid\u011bt za 5 dn\u00ed na Malt\u011b.\" width=\"1024\" height=\"723\" srcset=\"https:\/\/1001voyagesgourmands.com\/wp-content\/uploads\/2019\/10\/5_days_Malta_itinerary-84-1024x723.jpg 1024w, https:\/\/1001voyagesgourmands.com\/wp-content\/uploads\/2019\/10\/5_days_Malta_itinerary-84-300x212.jpg 300w, https:\/\/1001voyagesgourmands.com\/wp-content\/uploads\/2019\/10\/5_days_Malta_itinerary-84-768x543.jpg 768w, https:\/\/1001voyagesgourmands.com\/wp-content\/uploads\/2019\/10\/5_days_Malta_itinerary-84-1170x827.jpg 1170w, https:\/\/1001voyagesgourmands.com\/wp-content\/uploads\/2019\/10\/5_days_Malta_itinerary-84-1920x1356.jpg 1920w, https:\/\/1001voyagesgourmands.com\/wp-content\/uploads\/2019\/10\/5_days_Malta_itinerary-84-585x413.jpg 585w, https:\/\/1001voyagesgourmands.com\/wp-content\/uploads\/2019\/10\/5_days_Malta_itinerary-84.jpg 2000w\" sizes=\"auto, (max-width: 1024px) 100vw, 1024px\" \/><\/p>\n<p>&nbsp;<\/p>\n<h2 style=\"text-align: justify;\"><u>Jak se pohybovat po ostrov\u011b<\/u><\/h2>\n<p style=\"text-align: justify;\">Malta m\u00e1 po cel\u00e9m hlavn\u00edm ostrov\u011b dobr\u00e1 spojen\u00ed autobusem, a to zejm\u00e9na pokud z\u016fstanete ubytovan\u00ed bl\u00edzko hlavn\u00edho m\u011bsta. My pl\u00e1novali vyu\u017e\u00edt m\u00edstn\u00ed dopravy, ale pak n\u00e1m Etienne doporu\u010dil pronajmout auto alespo\u0148 na jednodenn\u00ed v\u00fdlet na ostrov Gozo, jeliko\u017e to d\u00e1 \u010dlov\u011bku p\u0159eci jen svobodu. A nakonec jsme autobusem dojeli jen do Valetty a auto p\u016fj\u010dili na 3 dal\u0161\u00ed dny, abychom projeli I odlehlej\u0161\u00ed oblasti. Pron\u00e1jem auta je na Malt\u011b jeden z nejlevn\u011bj\u0161\u00edch v Evrop\u011b, tak\u017ee n\u00e1m to nijak v\u00fdrazn\u011b nenav\u00fd\u0161ilo rozpo\u010det. Jen to chce opatrnost, jeliko\u017e se tam p\u0159eci jen jezd\u00ed vlevo a silnice nejsou v nejlep\u0161\u00edm stavu (\u010deho\u017e si jsou p\u016fj\u010dovny aut dob\u0159e v\u011bdomy).<\/p>\n<h2 style=\"text-align: justify;\">&nbsp;<\/h2>\n<h2 style=\"text-align: justify;\"><u>N\u00e1\u0161 5-denn\u00ed program na Malt\u011b<\/u><\/h2>\n<p>&nbsp;<\/p>\n<h3 style=\"text-align: justify;\"><strong>Den 1: Tich\u00e9 m\u011bsto M\u2019dina<\/strong><\/h3>\n<p style=\"text-align: justify;\">Prvn\u00ed den jsme str\u00e1vili v M\u2019din\u011b, kter\u00e1 se pozd\u011bji po tom, co jsme v\u0161e za t\u011bch 5 dn\u00ed na Malt\u011b vid\u011bli, uk\u00e1zala jako srdcovka. Jednodu\u0161e jsme se brouzdali star\u00fdmi a pr\u00e1zdn\u00fdmi uli\u010dkami, obdivovali zdej\u0161\u00ed domy a zdi, kochali se v\u00fdhledem z hradeb tohoto opevn\u011bn\u00e9ho m\u011bsta, nav\u0161t\u00edvili p\u00e1r obchod\u016f s \u0159emesln\u00fdmi v\u00fdrobky a ud\u011blali asi tunu fotek (\u010demu\u017e se tady teda rozhodn\u011b ne\u0161lo vyhnout!).<\/p>\n<p style=\"text-align: justify;\">Na v\u00e9\u010du jsme za\u0161li do restaurace <a href=\"http:\/\/www.coogis.co\/\" target=\"_blank\" rel=\"noopener noreferrer\">Cogi\u2019s restaurant<\/a>&nbsp;kde m\u011bli na v\u00fdb\u011br krom\u011b maltsk\u00fdch specialit plno vegetari\u00e1nsk\u00fdch a vegansk\u00fdch j\u00eddel. Po ve\u010de\u0159i jsme si je\u0161t\u011b pro\u0161li M\u2019dinu za tmy a to bylo n\u00e1dhern\u00e9, i kdy\u017e u\u017e byla trochu zima. V ten moment mi do\u0161lo, pro\u010d se j\u00ed p\u0159ezd\u00edv\u00e1 tich\u00e9 m\u011bsto. Nikde ani \u017eiv\u00e1\u010dek, v\u0161ude ticho a klid, jen p\u00e1r pouli\u010dn\u00edch lamp n\u00e1m sv\u00edtilo na cestu z hradeb ven\u2026<\/p>\n<p><img loading=\"lazy\" decoding=\"async\" class=\"aligncenter wp-image-25887\" src=\"http:\/\/1001voyagesgourmands.com\/wp-content\/uploads\/2019\/10\/5_days_Malta_itinerary-50-683x1024.jpg\" alt=\"Dne\u0161n\u00ed \u010dl\u00e1nek je o na\u0161em podzimn\u00edm v\u00fdletu na Maltu. Kde se ubytovat, jak se pohybovat po ostrovech, a co v\u0161e se d\u00e1 vid\u011bt za 5 dn\u00ed na Malt\u011b.\" width=\"815\" height=\"1222\" srcset=\"https:\/\/1001voyagesgourmands.com\/wp-content\/uploads\/2019\/10\/5_days_Malta_itinerary-50-683x1024.jpg 683w, https:\/\/1001voyagesgourmands.com\/wp-content\/uploads\/2019\/10\/5_days_Malta_itinerary-50-200x300.jpg 200w, https:\/\/1001voyagesgourmands.com\/wp-content\/uploads\/2019\/10\/5_days_Malta_itinerary-50-768x1152.jpg 768w, https:\/\/1001voyagesgourmands.com\/wp-content\/uploads\/2019\/10\/5_days_Malta_itinerary-50-1170x1755.jpg 1170w, https:\/\/1001voyagesgourmands.com\/wp-content\/uploads\/2019\/10\/5_days_Malta_itinerary-50-1920x2880.jpg 1920w, https:\/\/1001voyagesgourmands.com\/wp-content\/uploads\/2019\/10\/5_days_Malta_itinerary-50-585x878.jpg 585w, https:\/\/1001voyagesgourmands.com\/wp-content\/uploads\/2019\/10\/5_days_Malta_itinerary-50.jpg 2000w\" sizes=\"auto, (max-width: 815px) 100vw, 815px\" \/><\/p>\n<p><img loading=\"lazy\" decoding=\"async\" class=\"aligncenter wp-image-25797\" src=\"http:\/\/1001voyagesgourmands.com\/wp-content\/uploads\/2019\/10\/5_days_Malta_itinerary-5-683x1024.jpg\" alt=\"Dne\u0161n\u00ed \u010dl\u00e1nek je o na\u0161em podzimn\u00edm v\u00fdletu na Maltu. Kde se ubytovat, jak se pohybovat po ostrovech, a co v\u0161e se d\u00e1 vid\u011bt za 5 dn\u00ed na Malt\u011b.\" width=\"818\" height=\"1226\" srcset=\"https:\/\/1001voyagesgourmands.com\/wp-content\/uploads\/2019\/10\/5_days_Malta_itinerary-5-683x1024.jpg 683w, https:\/\/1001voyagesgourmands.com\/wp-content\/uploads\/2019\/10\/5_days_Malta_itinerary-5-200x300.jpg 200w, https:\/\/1001voyagesgourmands.com\/wp-content\/uploads\/2019\/10\/5_days_Malta_itinerary-5-768x1152.jpg 768w, https:\/\/1001voyagesgourmands.com\/wp-content\/uploads\/2019\/10\/5_days_Malta_itinerary-5-1170x1755.jpg 1170w, https:\/\/1001voyagesgourmands.com\/wp-content\/uploads\/2019\/10\/5_days_Malta_itinerary-5-1920x2880.jpg 1920w, https:\/\/1001voyagesgourmands.com\/wp-content\/uploads\/2019\/10\/5_days_Malta_itinerary-5-585x878.jpg 585w, https:\/\/1001voyagesgourmands.com\/wp-content\/uploads\/2019\/10\/5_days_Malta_itinerary-5.jpg 2000w\" sizes=\"auto, (max-width: 818px) 100vw, 818px\" \/><\/p>\n<p><img loading=\"lazy\" decoding=\"async\" class=\"aligncenter size-large wp-image-25958\" src=\"http:\/\/1001voyagesgourmands.com\/wp-content\/uploads\/2019\/10\/5_days_Malta_itinerary-85-1024x723.jpg\" alt=\"\" width=\"1024\" height=\"723\" srcset=\"https:\/\/1001voyagesgourmands.com\/wp-content\/uploads\/2019\/10\/5_days_Malta_itinerary-85-1024x723.jpg 1024w, https:\/\/1001voyagesgourmands.com\/wp-content\/uploads\/2019\/10\/5_days_Malta_itinerary-85-300x212.jpg 300w, https:\/\/1001voyagesgourmands.com\/wp-content\/uploads\/2019\/10\/5_days_Malta_itinerary-85-768x543.jpg 768w, https:\/\/1001voyagesgourmands.com\/wp-content\/uploads\/2019\/10\/5_days_Malta_itinerary-85-1170x827.jpg 1170w, https:\/\/1001voyagesgourmands.com\/wp-content\/uploads\/2019\/10\/5_days_Malta_itinerary-85-1920x1356.jpg 1920w, https:\/\/1001voyagesgourmands.com\/wp-content\/uploads\/2019\/10\/5_days_Malta_itinerary-85-585x413.jpg 585w, https:\/\/1001voyagesgourmands.com\/wp-content\/uploads\/2019\/10\/5_days_Malta_itinerary-85.jpg 2000w\" sizes=\"auto, (max-width: 1024px) 100vw, 1024px\" \/><\/p>\n<p><img loading=\"lazy\" decoding=\"async\" class=\"aligncenter wp-image-25801\" src=\"http:\/\/1001voyagesgourmands.com\/wp-content\/uploads\/2019\/10\/5_days_Malta_itinerary-7-683x1024.jpg\" alt=\"Our autumn visit to Malta was marvelous and here I\u2019m sharing our itinerary for 5 days in Malta with tips on what to see and do on the island in November.\" width=\"942\" height=\"1412\" srcset=\"https:\/\/1001voyagesgourmands.com\/wp-content\/uploads\/2019\/10\/5_days_Malta_itinerary-7-683x1024.jpg 683w, https:\/\/1001voyagesgourmands.com\/wp-content\/uploads\/2019\/10\/5_days_Malta_itinerary-7-200x300.jpg 200w, https:\/\/1001voyagesgourmands.com\/wp-content\/uploads\/2019\/10\/5_days_Malta_itinerary-7-768x1152.jpg 768w, https:\/\/1001voyagesgourmands.com\/wp-content\/uploads\/2019\/10\/5_days_Malta_itinerary-7-1170x1755.jpg 1170w, https:\/\/1001voyagesgourmands.com\/wp-content\/uploads\/2019\/10\/5_days_Malta_itinerary-7-1920x2880.jpg 1920w, https:\/\/1001voyagesgourmands.com\/wp-content\/uploads\/2019\/10\/5_days_Malta_itinerary-7-585x878.jpg 585w, https:\/\/1001voyagesgourmands.com\/wp-content\/uploads\/2019\/10\/5_days_Malta_itinerary-7.jpg 2000w\" sizes=\"auto, (max-width: 942px) 100vw, 942px\" \/><\/p>\n<p><img loading=\"lazy\" decoding=\"async\" class=\"aligncenter wp-image-25921\" src=\"http:\/\/1001voyagesgourmands.com\/wp-content\/uploads\/2019\/10\/5_days_Malta_itinerary-67-683x1024.jpg\" alt=\"Our autumn visit to Malta was marvelous and here I\u2019m sharing our itinerary for 5 days in Malta with tips on what to see and do on the island in November.\" width=\"800\" height=\"1199\" srcset=\"https:\/\/1001voyagesgourmands.com\/wp-content\/uploads\/2019\/10\/5_days_Malta_itinerary-67-683x1024.jpg 683w, https:\/\/1001voyagesgourmands.com\/wp-content\/uploads\/2019\/10\/5_days_Malta_itinerary-67-200x300.jpg 200w, https:\/\/1001voyagesgourmands.com\/wp-content\/uploads\/2019\/10\/5_days_Malta_itinerary-67-768x1152.jpg 768w, https:\/\/1001voyagesgourmands.com\/wp-content\/uploads\/2019\/10\/5_days_Malta_itinerary-67-1170x1755.jpg 1170w, https:\/\/1001voyagesgourmands.com\/wp-content\/uploads\/2019\/10\/5_days_Malta_itinerary-67-1920x2880.jpg 1920w, https:\/\/1001voyagesgourmands.com\/wp-content\/uploads\/2019\/10\/5_days_Malta_itinerary-67-585x878.jpg 585w, https:\/\/1001voyagesgourmands.com\/wp-content\/uploads\/2019\/10\/5_days_Malta_itinerary-67.jpg 2000w\" sizes=\"auto, (max-width: 800px) 100vw, 800px\" \/><\/p>\n<p><img loading=\"lazy\" decoding=\"async\" class=\"aligncenter size-large wp-image-25915\" src=\"http:\/\/1001voyagesgourmands.com\/wp-content\/uploads\/2019\/10\/5_days_Malta_itinerary-64-1024x683.jpg\" alt=\"Our autumn visit to Malta was marvelous and here I\u2019m sharing our itinerary for 5 days in Malta with tips on what to see and do on the island in November.\" width=\"1024\" height=\"683\" srcset=\"https:\/\/1001voyagesgourmands.com\/wp-content\/uploads\/2019\/10\/5_days_Malta_itinerary-64-1024x683.jpg 1024w, https:\/\/1001voyagesgourmands.com\/wp-content\/uploads\/2019\/10\/5_days_Malta_itinerary-64-300x200.jpg 300w, https:\/\/1001voyagesgourmands.com\/wp-content\/uploads\/2019\/10\/5_days_Malta_itinerary-64-768x512.jpg 768w, https:\/\/1001voyagesgourmands.com\/wp-content\/uploads\/2019\/10\/5_days_Malta_itinerary-64-1170x780.jpg 1170w, https:\/\/1001voyagesgourmands.com\/wp-content\/uploads\/2019\/10\/5_days_Malta_itinerary-64-1920x1280.jpg 1920w, https:\/\/1001voyagesgourmands.com\/wp-content\/uploads\/2019\/10\/5_days_Malta_itinerary-64-585x390.jpg 585w, https:\/\/1001voyagesgourmands.com\/wp-content\/uploads\/2019\/10\/5_days_Malta_itinerary-64-263x175.jpg 263w, https:\/\/1001voyagesgourmands.com\/wp-content\/uploads\/2019\/10\/5_days_Malta_itinerary-64.jpg 1999w\" sizes=\"auto, (max-width: 1024px) 100vw, 1024px\" \/><\/p>\n<p><img loading=\"lazy\" decoding=\"async\" class=\"aligncenter wp-image-25917\" src=\"http:\/\/1001voyagesgourmands.com\/wp-content\/uploads\/2019\/10\/5_days_Malta_itinerary-65-683x1024.jpg\" alt=\"Our autumn visit to Malta was marvelous and here I\u2019m sharing our itinerary for 5 days in Malta with tips on what to see and do on the island in November.\" width=\"897\" height=\"1345\" srcset=\"https:\/\/1001voyagesgourmands.com\/wp-content\/uploads\/2019\/10\/5_days_Malta_itinerary-65-683x1024.jpg 683w, https:\/\/1001voyagesgourmands.com\/wp-content\/uploads\/2019\/10\/5_days_Malta_itinerary-65-200x300.jpg 200w, https:\/\/1001voyagesgourmands.com\/wp-content\/uploads\/2019\/10\/5_days_Malta_itinerary-65-768x1152.jpg 768w, https:\/\/1001voyagesgourmands.com\/wp-content\/uploads\/2019\/10\/5_days_Malta_itinerary-65-1170x1755.jpg 1170w, https:\/\/1001voyagesgourmands.com\/wp-content\/uploads\/2019\/10\/5_days_Malta_itinerary-65-1920x2880.jpg 1920w, https:\/\/1001voyagesgourmands.com\/wp-content\/uploads\/2019\/10\/5_days_Malta_itinerary-65-585x878.jpg 585w, https:\/\/1001voyagesgourmands.com\/wp-content\/uploads\/2019\/10\/5_days_Malta_itinerary-65.jpg 2000w\" sizes=\"auto, (max-width: 897px) 100vw, 897px\" \/><\/p>\n<p><img loading=\"lazy\" decoding=\"async\" class=\"aligncenter size-large wp-image-25960\" src=\"http:\/\/1001voyagesgourmands.com\/wp-content\/uploads\/2019\/10\/5_days_Malta_itinerary-86-1024x723.jpg\" alt=\"\" width=\"1024\" height=\"723\" srcset=\"https:\/\/1001voyagesgourmands.com\/wp-content\/uploads\/2019\/10\/5_days_Malta_itinerary-86-1024x723.jpg 1024w, https:\/\/1001voyagesgourmands.com\/wp-content\/uploads\/2019\/10\/5_days_Malta_itinerary-86-300x212.jpg 300w, https:\/\/1001voyagesgourmands.com\/wp-content\/uploads\/2019\/10\/5_days_Malta_itinerary-86-768x543.jpg 768w, https:\/\/1001voyagesgourmands.com\/wp-content\/uploads\/2019\/10\/5_days_Malta_itinerary-86-1170x827.jpg 1170w, https:\/\/1001voyagesgourmands.com\/wp-content\/uploads\/2019\/10\/5_days_Malta_itinerary-86-1920x1356.jpg 1920w, https:\/\/1001voyagesgourmands.com\/wp-content\/uploads\/2019\/10\/5_days_Malta_itinerary-86-585x413.jpg 585w, https:\/\/1001voyagesgourmands.com\/wp-content\/uploads\/2019\/10\/5_days_Malta_itinerary-86.jpg 2000w\" sizes=\"auto, (max-width: 1024px) 100vw, 1024px\" \/><\/p>\n<p><img loading=\"lazy\" decoding=\"async\" class=\"aligncenter wp-image-25919\" src=\"http:\/\/1001voyagesgourmands.com\/wp-content\/uploads\/2019\/10\/5_days_Malta_itinerary-66-683x1024.jpg\" alt=\"Our autumn visit to Malta was marvelous and here I\u2019m sharing our itinerary for 5 days in Malta with tips on what to see and do on the island in November.\" width=\"932\" height=\"1397\" srcset=\"https:\/\/1001voyagesgourmands.com\/wp-content\/uploads\/2019\/10\/5_days_Malta_itinerary-66-683x1024.jpg 683w, https:\/\/1001voyagesgourmands.com\/wp-content\/uploads\/2019\/10\/5_days_Malta_itinerary-66-200x300.jpg 200w, https:\/\/1001voyagesgourmands.com\/wp-content\/uploads\/2019\/10\/5_days_Malta_itinerary-66-768x1152.jpg 768w, https:\/\/1001voyagesgourmands.com\/wp-content\/uploads\/2019\/10\/5_days_Malta_itinerary-66-1170x1755.jpg 1170w, https:\/\/1001voyagesgourmands.com\/wp-content\/uploads\/2019\/10\/5_days_Malta_itinerary-66-1920x2880.jpg 1920w, https:\/\/1001voyagesgourmands.com\/wp-content\/uploads\/2019\/10\/5_days_Malta_itinerary-66-585x878.jpg 585w, https:\/\/1001voyagesgourmands.com\/wp-content\/uploads\/2019\/10\/5_days_Malta_itinerary-66.jpg 2000w\" sizes=\"auto, (max-width: 932px) 100vw, 932px\" \/><\/p>\n<p><img loading=\"lazy\" decoding=\"async\" class=\"aligncenter size-large wp-image-25923\" src=\"http:\/\/1001voyagesgourmands.com\/wp-content\/uploads\/2019\/10\/5_days_Malta_itinerary-68-1024x682.jpg\" alt=\"\" width=\"1024\" height=\"682\" srcset=\"https:\/\/1001voyagesgourmands.com\/wp-content\/uploads\/2019\/10\/5_days_Malta_itinerary-68-1024x682.jpg 1024w, https:\/\/1001voyagesgourmands.com\/wp-content\/uploads\/2019\/10\/5_days_Malta_itinerary-68-300x200.jpg 300w, https:\/\/1001voyagesgourmands.com\/wp-content\/uploads\/2019\/10\/5_days_Malta_itinerary-68-768x512.jpg 768w, https:\/\/1001voyagesgourmands.com\/wp-content\/uploads\/2019\/10\/5_days_Malta_itinerary-68-1170x780.jpg 1170w, https:\/\/1001voyagesgourmands.com\/wp-content\/uploads\/2019\/10\/5_days_Malta_itinerary-68-1920x1280.jpg 1920w, https:\/\/1001voyagesgourmands.com\/wp-content\/uploads\/2019\/10\/5_days_Malta_itinerary-68-585x390.jpg 585w, https:\/\/1001voyagesgourmands.com\/wp-content\/uploads\/2019\/10\/5_days_Malta_itinerary-68-263x175.jpg 263w, https:\/\/1001voyagesgourmands.com\/wp-content\/uploads\/2019\/10\/5_days_Malta_itinerary-68.jpg 2000w\" sizes=\"auto, (max-width: 1024px) 100vw, 1024px\" \/><\/p>\n<p><img loading=\"lazy\" decoding=\"async\" class=\"aligncenter size-large wp-image-25944\" src=\"http:\/\/1001voyagesgourmands.com\/wp-content\/uploads\/2019\/10\/5_days_Malta_itinerary-78-1024x723.jpg\" alt=\"\" width=\"1024\" height=\"723\" srcset=\"https:\/\/1001voyagesgourmands.com\/wp-content\/uploads\/2019\/10\/5_days_Malta_itinerary-78-1024x723.jpg 1024w, https:\/\/1001voyagesgourmands.com\/wp-content\/uploads\/2019\/10\/5_days_Malta_itinerary-78-300x212.jpg 300w, https:\/\/1001voyagesgourmands.com\/wp-content\/uploads\/2019\/10\/5_days_Malta_itinerary-78-768x543.jpg 768w, https:\/\/1001voyagesgourmands.com\/wp-content\/uploads\/2019\/10\/5_days_Malta_itinerary-78-1170x827.jpg 1170w, https:\/\/1001voyagesgourmands.com\/wp-content\/uploads\/2019\/10\/5_days_Malta_itinerary-78-1920x1356.jpg 1920w, https:\/\/1001voyagesgourmands.com\/wp-content\/uploads\/2019\/10\/5_days_Malta_itinerary-78-585x413.jpg 585w, https:\/\/1001voyagesgourmands.com\/wp-content\/uploads\/2019\/10\/5_days_Malta_itinerary-78.jpg 2000w\" sizes=\"auto, (max-width: 1024px) 100vw, 1024px\" \/><\/p>\n<p><img loading=\"lazy\" decoding=\"async\" class=\"aligncenter wp-image-25805\" src=\"http:\/\/1001voyagesgourmands.com\/wp-content\/uploads\/2019\/10\/5_days_Malta_itinerary-9-683x1024.jpg\" alt=\"\" width=\"860\" height=\"1289\" srcset=\"https:\/\/1001voyagesgourmands.com\/wp-content\/uploads\/2019\/10\/5_days_Malta_itinerary-9-683x1024.jpg 683w, https:\/\/1001voyagesgourmands.com\/wp-content\/uploads\/2019\/10\/5_days_Malta_itinerary-9-200x300.jpg 200w, https:\/\/1001voyagesgourmands.com\/wp-content\/uploads\/2019\/10\/5_days_Malta_itinerary-9-768x1152.jpg 768w, https:\/\/1001voyagesgourmands.com\/wp-content\/uploads\/2019\/10\/5_days_Malta_itinerary-9-1170x1755.jpg 1170w, https:\/\/1001voyagesgourmands.com\/wp-content\/uploads\/2019\/10\/5_days_Malta_itinerary-9-1920x2880.jpg 1920w, https:\/\/1001voyagesgourmands.com\/wp-content\/uploads\/2019\/10\/5_days_Malta_itinerary-9-585x878.jpg 585w, https:\/\/1001voyagesgourmands.com\/wp-content\/uploads\/2019\/10\/5_days_Malta_itinerary-9.jpg 2000w\" sizes=\"auto, (max-width: 860px) 100vw, 860px\" \/><\/p>\n<p><img loading=\"lazy\" decoding=\"async\" class=\"aligncenter wp-image-25897\" src=\"http:\/\/1001voyagesgourmands.com\/wp-content\/uploads\/2019\/10\/5_days_Malta_itinerary-55-683x1024.jpg\" alt=\"\" width=\"919\" height=\"1378\" srcset=\"https:\/\/1001voyagesgourmands.com\/wp-content\/uploads\/2019\/10\/5_days_Malta_itinerary-55-683x1024.jpg 683w, https:\/\/1001voyagesgourmands.com\/wp-content\/uploads\/2019\/10\/5_days_Malta_itinerary-55-200x300.jpg 200w, https:\/\/1001voyagesgourmands.com\/wp-content\/uploads\/2019\/10\/5_days_Malta_itinerary-55-768x1152.jpg 768w, https:\/\/1001voyagesgourmands.com\/wp-content\/uploads\/2019\/10\/5_days_Malta_itinerary-55-1170x1755.jpg 1170w, https:\/\/1001voyagesgourmands.com\/wp-content\/uploads\/2019\/10\/5_days_Malta_itinerary-55-1920x2880.jpg 1920w, https:\/\/1001voyagesgourmands.com\/wp-content\/uploads\/2019\/10\/5_days_Malta_itinerary-55-585x878.jpg 585w, https:\/\/1001voyagesgourmands.com\/wp-content\/uploads\/2019\/10\/5_days_Malta_itinerary-55.jpg 2000w\" sizes=\"auto, (max-width: 919px) 100vw, 919px\" \/><\/p>\n<p><img loading=\"lazy\" decoding=\"async\" class=\"aligncenter size-large wp-image-25809\" src=\"http:\/\/1001voyagesgourmands.com\/wp-content\/uploads\/2019\/10\/5_days_Malta_itinerary-11-1024x682.jpg\" alt=\"\" width=\"1024\" height=\"682\" srcset=\"https:\/\/1001voyagesgourmands.com\/wp-content\/uploads\/2019\/10\/5_days_Malta_itinerary-11-1024x682.jpg 1024w, https:\/\/1001voyagesgourmands.com\/wp-content\/uploads\/2019\/10\/5_days_Malta_itinerary-11-300x200.jpg 300w, https:\/\/1001voyagesgourmands.com\/wp-content\/uploads\/2019\/10\/5_days_Malta_itinerary-11-768x512.jpg 768w, https:\/\/1001voyagesgourmands.com\/wp-content\/uploads\/2019\/10\/5_days_Malta_itinerary-11-1170x780.jpg 1170w, https:\/\/1001voyagesgourmands.com\/wp-content\/uploads\/2019\/10\/5_days_Malta_itinerary-11-1920x1280.jpg 1920w, https:\/\/1001voyagesgourmands.com\/wp-content\/uploads\/2019\/10\/5_days_Malta_itinerary-11-585x390.jpg 585w, https:\/\/1001voyagesgourmands.com\/wp-content\/uploads\/2019\/10\/5_days_Malta_itinerary-11-263x175.jpg 263w, https:\/\/1001voyagesgourmands.com\/wp-content\/uploads\/2019\/10\/5_days_Malta_itinerary-11.jpg 2000w\" sizes=\"auto, (max-width: 1024px) 100vw, 1024px\" \/><\/p>\n<p><img loading=\"lazy\" decoding=\"async\" class=\"aligncenter wp-image-25811\" src=\"http:\/\/1001voyagesgourmands.com\/wp-content\/uploads\/2019\/10\/5_days_Malta_itinerary-12-683x1024.jpg\" alt=\"\" width=\"775\" height=\"1162\" srcset=\"https:\/\/1001voyagesgourmands.com\/wp-content\/uploads\/2019\/10\/5_days_Malta_itinerary-12-683x1024.jpg 683w, https:\/\/1001voyagesgourmands.com\/wp-content\/uploads\/2019\/10\/5_days_Malta_itinerary-12-200x300.jpg 200w, https:\/\/1001voyagesgourmands.com\/wp-content\/uploads\/2019\/10\/5_days_Malta_itinerary-12-768x1152.jpg 768w, https:\/\/1001voyagesgourmands.com\/wp-content\/uploads\/2019\/10\/5_days_Malta_itinerary-12-1170x1755.jpg 1170w, https:\/\/1001voyagesgourmands.com\/wp-content\/uploads\/2019\/10\/5_days_Malta_itinerary-12-1920x2880.jpg 1920w, https:\/\/1001voyagesgourmands.com\/wp-content\/uploads\/2019\/10\/5_days_Malta_itinerary-12-585x878.jpg 585w, https:\/\/1001voyagesgourmands.com\/wp-content\/uploads\/2019\/10\/5_days_Malta_itinerary-12.jpg 2000w\" sizes=\"auto, (max-width: 775px) 100vw, 775px\" \/><\/p>\n<p><img loading=\"lazy\" decoding=\"async\" class=\"aligncenter wp-image-25813\" src=\"http:\/\/1001voyagesgourmands.com\/wp-content\/uploads\/2019\/10\/5_days_Malta_itinerary-13-683x1024.jpg\" alt=\"Dne\u0161n\u00ed \u010dl\u00e1nek je o na\u0161em podzimn\u00edm v\u00fdletu na Maltu. Kde se ubytovat, jak se pohybovat po ostrovech, a co v\u0161e se d\u00e1 vid\u011bt za 5 dn\u00ed na Malt\u011b.\" width=\"806\" height=\"1208\" srcset=\"https:\/\/1001voyagesgourmands.com\/wp-content\/uploads\/2019\/10\/5_days_Malta_itinerary-13-683x1024.jpg 683w, https:\/\/1001voyagesgourmands.com\/wp-content\/uploads\/2019\/10\/5_days_Malta_itinerary-13-200x300.jpg 200w, https:\/\/1001voyagesgourmands.com\/wp-content\/uploads\/2019\/10\/5_days_Malta_itinerary-13-768x1152.jpg 768w, https:\/\/1001voyagesgourmands.com\/wp-content\/uploads\/2019\/10\/5_days_Malta_itinerary-13-1170x1755.jpg 1170w, https:\/\/1001voyagesgourmands.com\/wp-content\/uploads\/2019\/10\/5_days_Malta_itinerary-13-1920x2880.jpg 1920w, https:\/\/1001voyagesgourmands.com\/wp-content\/uploads\/2019\/10\/5_days_Malta_itinerary-13-585x878.jpg 585w, https:\/\/1001voyagesgourmands.com\/wp-content\/uploads\/2019\/10\/5_days_Malta_itinerary-13.jpg 2000w\" sizes=\"auto, (max-width: 806px) 100vw, 806px\" \/><\/p>\n<p>&nbsp;<\/p>\n<h3 style=\"text-align: justify;\"><strong>Den 2: Hlavn\u00ed m\u011bsto Valletta<\/strong><\/h3>\n<p style=\"text-align: justify;\">R\u00e1no jsme nasedli v Rabatu na m\u00edstn\u00ed autobus, kter\u00fd n\u00e1s za poplatek 3 EUR po t\u0159iceti minut\u00e1ch j\u00edzdy pln\u00e9 men\u0161\u00edch zast\u00e1vek dovezl do hlavn\u00edho m\u011bsta Valetty. Jako prvn\u00ed jsme zde nav\u0161t\u00edvili <strong>katedr\u00e1lu Sv. Jana<\/strong>, jej\u00ed\u017e interi\u00e9r je bohat\u011b vyzdoben\u00fd zlatem a d\u00edly od italsk\u00e9ho um\u011blce Caravaggio. N\u00e1sledn\u011b jsme se vydali do zahrad <strong>Upper Barakka Gardens<\/strong>, odkud se nask\u00fdt\u00e1 p\u011bkn\u00fd <strong>v\u00fdhled na<\/strong> <strong>T\u0159i m\u011bsta<\/strong>, a sjeli v\u00fdtahem sjeli dolu do p\u0159\u00edstavu, kde bylo mimo sezonu dost pr\u00e1zdno. Ve Vallett\u011b se mi nejv\u00edce l\u00edbilo se jen tak courat ulicemi pln\u00fdmi barevn\u00fdch balkon\u016f, je\u017e vedly bu\u010f z kopce k vod\u011b, nebo zas do kopce k n\u00e1kupn\u00ed t\u0159\u00edd\u011b.<\/p>\n<p style=\"text-align: justify;\">Pozd\u011bji odpoledne jsme se rozhodli nasednout na trajekt a jet prozkoumat <strong>Sliemu<\/strong>, ale mus\u00edm \u0159\u00edct, \u017ee jedin\u00e9, co se n\u00e1m tam l\u00edbilo, byla fotka Valletty, kterou jsme z tamn\u00edho b\u0159ehu ud\u011blali. Je to opravdu modern\u00ed \u010dtvr\u0165 pln\u00e1 bar\u016f, restaurac\u00ed a obchod\u016f, dali jsme si tam vynikaj\u00edc\u00ed smoothie a jeli nazp\u011bt do star\u00e9 Valletty, kter\u00e1 m\u011bla pro n\u00e1s vet\u0161\u00ed kouzlo.<\/p>\n<p style=\"text-align: justify;\">Ve\u010der jsme za\u0161li do <a href=\"http:\/\/sottopizzeria.com\/\">Pizzerie Sotto<\/a>, kde pr\u00fd maj\u00ed jednu z nejlep\u0161\u00edch pizz na ostrov\u011b. Sice jsem na Malt\u011b neochutnala moc jin\u00fdch pro srovn\u00e1n\u00ed, ale byla fakt v\u00fdborn\u00e1 a servis byl tak\u00e9 moc mil\u00fd. Z Valletty jsme pak jeli autobusem na leti\u0161t\u011b, kde jsme pronajali auto na zbyl\u00e9 t\u0159i dny.<\/p>\n<p><img loading=\"lazy\" decoding=\"async\" class=\"aligncenter wp-image-25817\" src=\"http:\/\/1001voyagesgourmands.com\/wp-content\/uploads\/2019\/10\/5_days_Malta_itinerary-15-683x1024.jpg\" alt=\"Dne\u0161n\u00ed \u010dl\u00e1nek je o na\u0161em podzimn\u00edm v\u00fdletu na Maltu. Kde se ubytovat, jak se pohybovat po ostrovech, a co v\u0161e se d\u00e1 vid\u011bt za 5 dn\u00ed na Malt\u011b.\" width=\"848\" height=\"1271\" srcset=\"https:\/\/1001voyagesgourmands.com\/wp-content\/uploads\/2019\/10\/5_days_Malta_itinerary-15-683x1024.jpg 683w, https:\/\/1001voyagesgourmands.com\/wp-content\/uploads\/2019\/10\/5_days_Malta_itinerary-15-200x300.jpg 200w, https:\/\/1001voyagesgourmands.com\/wp-content\/uploads\/2019\/10\/5_days_Malta_itinerary-15-768x1152.jpg 768w, https:\/\/1001voyagesgourmands.com\/wp-content\/uploads\/2019\/10\/5_days_Malta_itinerary-15-1170x1755.jpg 1170w, https:\/\/1001voyagesgourmands.com\/wp-content\/uploads\/2019\/10\/5_days_Malta_itinerary-15-1920x2880.jpg 1920w, https:\/\/1001voyagesgourmands.com\/wp-content\/uploads\/2019\/10\/5_days_Malta_itinerary-15-585x878.jpg 585w, https:\/\/1001voyagesgourmands.com\/wp-content\/uploads\/2019\/10\/5_days_Malta_itinerary-15.jpg 2000w\" sizes=\"auto, (max-width: 848px) 100vw, 848px\" \/><\/p>\n<p><img loading=\"lazy\" decoding=\"async\" class=\"aligncenter size-large wp-image-25819\" src=\"http:\/\/1001voyagesgourmands.com\/wp-content\/uploads\/2019\/10\/5_days_Malta_itinerary-16-1024x683.jpg\" alt=\"Dne\u0161n\u00ed \u010dl\u00e1nek je o na\u0161em podzimn\u00edm v\u00fdletu na Maltu. Kde se ubytovat, jak se pohybovat po ostrovech, a co v\u0161e se d\u00e1 vid\u011bt za 5 dn\u00ed na Malt\u011b.\" width=\"1024\" height=\"683\" srcset=\"https:\/\/1001voyagesgourmands.com\/wp-content\/uploads\/2019\/10\/5_days_Malta_itinerary-16-1024x683.jpg 1024w, https:\/\/1001voyagesgourmands.com\/wp-content\/uploads\/2019\/10\/5_days_Malta_itinerary-16-300x200.jpg 300w, https:\/\/1001voyagesgourmands.com\/wp-content\/uploads\/2019\/10\/5_days_Malta_itinerary-16-768x512.jpg 768w, https:\/\/1001voyagesgourmands.com\/wp-content\/uploads\/2019\/10\/5_days_Malta_itinerary-16-1170x780.jpg 1170w, https:\/\/1001voyagesgourmands.com\/wp-content\/uploads\/2019\/10\/5_days_Malta_itinerary-16-1920x1280.jpg 1920w, https:\/\/1001voyagesgourmands.com\/wp-content\/uploads\/2019\/10\/5_days_Malta_itinerary-16-585x390.jpg 585w, https:\/\/1001voyagesgourmands.com\/wp-content\/uploads\/2019\/10\/5_days_Malta_itinerary-16-263x175.jpg 263w, https:\/\/1001voyagesgourmands.com\/wp-content\/uploads\/2019\/10\/5_days_Malta_itinerary-16.jpg 1999w\" sizes=\"auto, (max-width: 1024px) 100vw, 1024px\" \/><\/p>\n<p><img loading=\"lazy\" decoding=\"async\" class=\"aligncenter wp-image-25821\" src=\"http:\/\/1001voyagesgourmands.com\/wp-content\/uploads\/2019\/10\/5_days_Malta_itinerary-17-683x1024.jpg\" alt=\"\" width=\"820\" height=\"1229\" srcset=\"https:\/\/1001voyagesgourmands.com\/wp-content\/uploads\/2019\/10\/5_days_Malta_itinerary-17-683x1024.jpg 683w, https:\/\/1001voyagesgourmands.com\/wp-content\/uploads\/2019\/10\/5_days_Malta_itinerary-17-200x300.jpg 200w, https:\/\/1001voyagesgourmands.com\/wp-content\/uploads\/2019\/10\/5_days_Malta_itinerary-17-768x1152.jpg 768w, https:\/\/1001voyagesgourmands.com\/wp-content\/uploads\/2019\/10\/5_days_Malta_itinerary-17-1170x1755.jpg 1170w, https:\/\/1001voyagesgourmands.com\/wp-content\/uploads\/2019\/10\/5_days_Malta_itinerary-17-1920x2880.jpg 1920w, https:\/\/1001voyagesgourmands.com\/wp-content\/uploads\/2019\/10\/5_days_Malta_itinerary-17-585x878.jpg 585w, https:\/\/1001voyagesgourmands.com\/wp-content\/uploads\/2019\/10\/5_days_Malta_itinerary-17.jpg 2000w\" sizes=\"auto, (max-width: 820px) 100vw, 820px\" \/><\/p>\n<p><img loading=\"lazy\" decoding=\"async\" class=\"aligncenter size-large wp-image-25831\" src=\"http:\/\/1001voyagesgourmands.com\/wp-content\/uploads\/2019\/10\/5_days_Malta_itinerary-22-1024x682.jpg\" alt=\"\" width=\"1024\" height=\"682\" srcset=\"https:\/\/1001voyagesgourmands.com\/wp-content\/uploads\/2019\/10\/5_days_Malta_itinerary-22-1024x682.jpg 1024w, https:\/\/1001voyagesgourmands.com\/wp-content\/uploads\/2019\/10\/5_days_Malta_itinerary-22-300x200.jpg 300w, https:\/\/1001voyagesgourmands.com\/wp-content\/uploads\/2019\/10\/5_days_Malta_itinerary-22-768x512.jpg 768w, https:\/\/1001voyagesgourmands.com\/wp-content\/uploads\/2019\/10\/5_days_Malta_itinerary-22-1170x780.jpg 1170w, https:\/\/1001voyagesgourmands.com\/wp-content\/uploads\/2019\/10\/5_days_Malta_itinerary-22-1920x1280.jpg 1920w, https:\/\/1001voyagesgourmands.com\/wp-content\/uploads\/2019\/10\/5_days_Malta_itinerary-22-585x390.jpg 585w, https:\/\/1001voyagesgourmands.com\/wp-content\/uploads\/2019\/10\/5_days_Malta_itinerary-22-263x175.jpg 263w, https:\/\/1001voyagesgourmands.com\/wp-content\/uploads\/2019\/10\/5_days_Malta_itinerary-22.jpg 2000w\" sizes=\"auto, (max-width: 1024px) 100vw, 1024px\" \/><\/p>\n<p><img loading=\"lazy\" decoding=\"async\" class=\"aligncenter wp-image-25827\" src=\"http:\/\/1001voyagesgourmands.com\/wp-content\/uploads\/2019\/10\/5_days_Malta_itinerary-20-683x1024.jpg\" alt=\"Dne\u0161n\u00ed \u010dl\u00e1nek je o na\u0161em podzimn\u00edm v\u00fdletu na Maltu. Kde se ubytovat, jak se pohybovat po ostrovech, a co v\u0161e se d\u00e1 vid\u011bt za 5 dn\u00ed na Malt\u011b.\" width=\"901\" height=\"1351\" srcset=\"https:\/\/1001voyagesgourmands.com\/wp-content\/uploads\/2019\/10\/5_days_Malta_itinerary-20-683x1024.jpg 683w, https:\/\/1001voyagesgourmands.com\/wp-content\/uploads\/2019\/10\/5_days_Malta_itinerary-20-200x300.jpg 200w, https:\/\/1001voyagesgourmands.com\/wp-content\/uploads\/2019\/10\/5_days_Malta_itinerary-20-768x1152.jpg 768w, https:\/\/1001voyagesgourmands.com\/wp-content\/uploads\/2019\/10\/5_days_Malta_itinerary-20-1170x1755.jpg 1170w, https:\/\/1001voyagesgourmands.com\/wp-content\/uploads\/2019\/10\/5_days_Malta_itinerary-20-1920x2880.jpg 1920w, https:\/\/1001voyagesgourmands.com\/wp-content\/uploads\/2019\/10\/5_days_Malta_itinerary-20-585x878.jpg 585w, https:\/\/1001voyagesgourmands.com\/wp-content\/uploads\/2019\/10\/5_days_Malta_itinerary-20.jpg 2000w\" sizes=\"auto, (max-width: 901px) 100vw, 901px\" \/><\/p>\n<p><img loading=\"lazy\" decoding=\"async\" class=\"aligncenter size-large wp-image-25833\" src=\"http:\/\/1001voyagesgourmands.com\/wp-content\/uploads\/2019\/10\/5_days_Malta_itinerary-23-1024x682.jpg\" alt=\"Dne\u0161n\u00ed \u010dl\u00e1nek je o na\u0161em podzimn\u00edm v\u00fdletu na Maltu. Kde se ubytovat, jak se pohybovat po ostrovech, a co v\u0161e se d\u00e1 vid\u011bt za 5 dn\u00ed na Malt\u011b.\" width=\"1024\" height=\"682\" srcset=\"https:\/\/1001voyagesgourmands.com\/wp-content\/uploads\/2019\/10\/5_days_Malta_itinerary-23-1024x682.jpg 1024w, https:\/\/1001voyagesgourmands.com\/wp-content\/uploads\/2019\/10\/5_days_Malta_itinerary-23-300x200.jpg 300w, https:\/\/1001voyagesgourmands.com\/wp-content\/uploads\/2019\/10\/5_days_Malta_itinerary-23-768x512.jpg 768w, https:\/\/1001voyagesgourmands.com\/wp-content\/uploads\/2019\/10\/5_days_Malta_itinerary-23-1170x780.jpg 1170w, https:\/\/1001voyagesgourmands.com\/wp-content\/uploads\/2019\/10\/5_days_Malta_itinerary-23-1920x1280.jpg 1920w, https:\/\/1001voyagesgourmands.com\/wp-content\/uploads\/2019\/10\/5_days_Malta_itinerary-23-585x390.jpg 585w, https:\/\/1001voyagesgourmands.com\/wp-content\/uploads\/2019\/10\/5_days_Malta_itinerary-23-263x175.jpg 263w, https:\/\/1001voyagesgourmands.com\/wp-content\/uploads\/2019\/10\/5_days_Malta_itinerary-23.jpg 2000w\" sizes=\"auto, (max-width: 1024px) 100vw, 1024px\" \/><\/p>\n<p><img loading=\"lazy\" decoding=\"async\" class=\"aligncenter wp-image-25835\" src=\"http:\/\/1001voyagesgourmands.com\/wp-content\/uploads\/2019\/10\/5_days_Malta_itinerary-24-683x1024.jpg\" alt=\"\" width=\"1127\" height=\"1690\" srcset=\"https:\/\/1001voyagesgourmands.com\/wp-content\/uploads\/2019\/10\/5_days_Malta_itinerary-24-683x1024.jpg 683w, https:\/\/1001voyagesgourmands.com\/wp-content\/uploads\/2019\/10\/5_days_Malta_itinerary-24-200x300.jpg 200w, https:\/\/1001voyagesgourmands.com\/wp-content\/uploads\/2019\/10\/5_days_Malta_itinerary-24-768x1152.jpg 768w, https:\/\/1001voyagesgourmands.com\/wp-content\/uploads\/2019\/10\/5_days_Malta_itinerary-24-1170x1755.jpg 1170w, https:\/\/1001voyagesgourmands.com\/wp-content\/uploads\/2019\/10\/5_days_Malta_itinerary-24-1920x2880.jpg 1920w, https:\/\/1001voyagesgourmands.com\/wp-content\/uploads\/2019\/10\/5_days_Malta_itinerary-24-585x878.jpg 585w, https:\/\/1001voyagesgourmands.com\/wp-content\/uploads\/2019\/10\/5_days_Malta_itinerary-24.jpg 2000w\" sizes=\"auto, (max-width: 1127px) 100vw, 1127px\" \/><\/p>\n<p><img loading=\"lazy\" decoding=\"async\" class=\"aligncenter size-large wp-image-25954\" src=\"http:\/\/1001voyagesgourmands.com\/wp-content\/uploads\/2019\/10\/5_days_Malta_itinerary-83-1024x723.jpg\" alt=\"\" width=\"1024\" height=\"723\" srcset=\"https:\/\/1001voyagesgourmands.com\/wp-content\/uploads\/2019\/10\/5_days_Malta_itinerary-83-1024x723.jpg 1024w, https:\/\/1001voyagesgourmands.com\/wp-content\/uploads\/2019\/10\/5_days_Malta_itinerary-83-300x212.jpg 300w, https:\/\/1001voyagesgourmands.com\/wp-content\/uploads\/2019\/10\/5_days_Malta_itinerary-83-768x543.jpg 768w, https:\/\/1001voyagesgourmands.com\/wp-content\/uploads\/2019\/10\/5_days_Malta_itinerary-83-1170x827.jpg 1170w, https:\/\/1001voyagesgourmands.com\/wp-content\/uploads\/2019\/10\/5_days_Malta_itinerary-83-1920x1356.jpg 1920w, https:\/\/1001voyagesgourmands.com\/wp-content\/uploads\/2019\/10\/5_days_Malta_itinerary-83-585x413.jpg 585w, https:\/\/1001voyagesgourmands.com\/wp-content\/uploads\/2019\/10\/5_days_Malta_itinerary-83.jpg 2000w\" sizes=\"auto, (max-width: 1024px) 100vw, 1024px\" \/> <img loading=\"lazy\" decoding=\"async\" class=\"aligncenter size-large wp-image-25952\" src=\"http:\/\/1001voyagesgourmands.com\/wp-content\/uploads\/2019\/10\/5_days_Malta_itinerary-82-1024x723.jpg\" alt=\"\" width=\"1024\" height=\"723\" srcset=\"https:\/\/1001voyagesgourmands.com\/wp-content\/uploads\/2019\/10\/5_days_Malta_itinerary-82-1024x723.jpg 1024w, https:\/\/1001voyagesgourmands.com\/wp-content\/uploads\/2019\/10\/5_days_Malta_itinerary-82-300x212.jpg 300w, https:\/\/1001voyagesgourmands.com\/wp-content\/uploads\/2019\/10\/5_days_Malta_itinerary-82-768x543.jpg 768w, https:\/\/1001voyagesgourmands.com\/wp-content\/uploads\/2019\/10\/5_days_Malta_itinerary-82-1170x827.jpg 1170w, https:\/\/1001voyagesgourmands.com\/wp-content\/uploads\/2019\/10\/5_days_Malta_itinerary-82-1920x1356.jpg 1920w, https:\/\/1001voyagesgourmands.com\/wp-content\/uploads\/2019\/10\/5_days_Malta_itinerary-82-585x413.jpg 585w, https:\/\/1001voyagesgourmands.com\/wp-content\/uploads\/2019\/10\/5_days_Malta_itinerary-82.jpg 2000w\" sizes=\"auto, (max-width: 1024px) 100vw, 1024px\" \/><\/p>\n<p><img loading=\"lazy\" decoding=\"async\" class=\"aligncenter wp-image-25841\" src=\"http:\/\/1001voyagesgourmands.com\/wp-content\/uploads\/2019\/10\/5_days_Malta_itinerary-27-683x1024.jpg\" alt=\"\" width=\"799\" height=\"1198\" srcset=\"https:\/\/1001voyagesgourmands.com\/wp-content\/uploads\/2019\/10\/5_days_Malta_itinerary-27-683x1024.jpg 683w, https:\/\/1001voyagesgourmands.com\/wp-content\/uploads\/2019\/10\/5_days_Malta_itinerary-27-200x300.jpg 200w, https:\/\/1001voyagesgourmands.com\/wp-content\/uploads\/2019\/10\/5_days_Malta_itinerary-27-768x1152.jpg 768w, https:\/\/1001voyagesgourmands.com\/wp-content\/uploads\/2019\/10\/5_days_Malta_itinerary-27-1170x1755.jpg 1170w, https:\/\/1001voyagesgourmands.com\/wp-content\/uploads\/2019\/10\/5_days_Malta_itinerary-27-1920x2880.jpg 1920w, https:\/\/1001voyagesgourmands.com\/wp-content\/uploads\/2019\/10\/5_days_Malta_itinerary-27-585x878.jpg 585w, https:\/\/1001voyagesgourmands.com\/wp-content\/uploads\/2019\/10\/5_days_Malta_itinerary-27.jpg 2000w\" sizes=\"auto, (max-width: 799px) 100vw, 799px\" \/><\/p>\n<p><img loading=\"lazy\" decoding=\"async\" class=\"aligncenter size-large wp-image-25843\" src=\"http:\/\/1001voyagesgourmands.com\/wp-content\/uploads\/2019\/10\/5_days_Malta_itinerary-28-1024x682.jpg\" alt=\"\" width=\"1024\" height=\"682\" srcset=\"https:\/\/1001voyagesgourmands.com\/wp-content\/uploads\/2019\/10\/5_days_Malta_itinerary-28-1024x682.jpg 1024w, https:\/\/1001voyagesgourmands.com\/wp-content\/uploads\/2019\/10\/5_days_Malta_itinerary-28-300x200.jpg 300w, https:\/\/1001voyagesgourmands.com\/wp-content\/uploads\/2019\/10\/5_days_Malta_itinerary-28-768x512.jpg 768w, https:\/\/1001voyagesgourmands.com\/wp-content\/uploads\/2019\/10\/5_days_Malta_itinerary-28-1170x780.jpg 1170w, https:\/\/1001voyagesgourmands.com\/wp-content\/uploads\/2019\/10\/5_days_Malta_itinerary-28-1920x1280.jpg 1920w, https:\/\/1001voyagesgourmands.com\/wp-content\/uploads\/2019\/10\/5_days_Malta_itinerary-28-585x390.jpg 585w, https:\/\/1001voyagesgourmands.com\/wp-content\/uploads\/2019\/10\/5_days_Malta_itinerary-28-263x175.jpg 263w, https:\/\/1001voyagesgourmands.com\/wp-content\/uploads\/2019\/10\/5_days_Malta_itinerary-28.jpg 2000w\" sizes=\"auto, (max-width: 1024px) 100vw, 1024px\" \/><\/p>\n<p><img loading=\"lazy\" decoding=\"async\" class=\"aligncenter size-large wp-image-25845\" src=\"http:\/\/1001voyagesgourmands.com\/wp-content\/uploads\/2019\/10\/5_days_Malta_itinerary-29-1024x682.jpg\" alt=\"\" width=\"1024\" height=\"682\" srcset=\"https:\/\/1001voyagesgourmands.com\/wp-content\/uploads\/2019\/10\/5_days_Malta_itinerary-29-1024x682.jpg 1024w, https:\/\/1001voyagesgourmands.com\/wp-content\/uploads\/2019\/10\/5_days_Malta_itinerary-29-300x200.jpg 300w, https:\/\/1001voyagesgourmands.com\/wp-content\/uploads\/2019\/10\/5_days_Malta_itinerary-29-768x512.jpg 768w, https:\/\/1001voyagesgourmands.com\/wp-content\/uploads\/2019\/10\/5_days_Malta_itinerary-29-1170x780.jpg 1170w, https:\/\/1001voyagesgourmands.com\/wp-content\/uploads\/2019\/10\/5_days_Malta_itinerary-29-1920x1280.jpg 1920w, https:\/\/1001voyagesgourmands.com\/wp-content\/uploads\/2019\/10\/5_days_Malta_itinerary-29-585x390.jpg 585w, https:\/\/1001voyagesgourmands.com\/wp-content\/uploads\/2019\/10\/5_days_Malta_itinerary-29-263x175.jpg 263w, https:\/\/1001voyagesgourmands.com\/wp-content\/uploads\/2019\/10\/5_days_Malta_itinerary-29.jpg 2000w\" sizes=\"auto, (max-width: 1024px) 100vw, 1024px\" \/><\/p>\n<p><img loading=\"lazy\" decoding=\"async\" class=\"aligncenter size-large wp-image-25847\" src=\"http:\/\/1001voyagesgourmands.com\/wp-content\/uploads\/2019\/10\/5_days_Malta_itinerary-30-1024x682.jpg\" alt=\"\" width=\"1024\" height=\"682\" srcset=\"https:\/\/1001voyagesgourmands.com\/wp-content\/uploads\/2019\/10\/5_days_Malta_itinerary-30-1024x682.jpg 1024w, https:\/\/1001voyagesgourmands.com\/wp-content\/uploads\/2019\/10\/5_days_Malta_itinerary-30-300x200.jpg 300w, https:\/\/1001voyagesgourmands.com\/wp-content\/uploads\/2019\/10\/5_days_Malta_itinerary-30-768x512.jpg 768w, https:\/\/1001voyagesgourmands.com\/wp-content\/uploads\/2019\/10\/5_days_Malta_itinerary-30-1170x780.jpg 1170w, https:\/\/1001voyagesgourmands.com\/wp-content\/uploads\/2019\/10\/5_days_Malta_itinerary-30-1920x1280.jpg 1920w, https:\/\/1001voyagesgourmands.com\/wp-content\/uploads\/2019\/10\/5_days_Malta_itinerary-30-585x390.jpg 585w, https:\/\/1001voyagesgourmands.com\/wp-content\/uploads\/2019\/10\/5_days_Malta_itinerary-30-263x175.jpg 263w, https:\/\/1001voyagesgourmands.com\/wp-content\/uploads\/2019\/10\/5_days_Malta_itinerary-30.jpg 2000w\" sizes=\"auto, (max-width: 1024px) 100vw, 1024px\" \/><\/p>\n<p><img loading=\"lazy\" decoding=\"async\" class=\"aligncenter wp-image-25849\" src=\"http:\/\/1001voyagesgourmands.com\/wp-content\/uploads\/2019\/10\/5_days_Malta_itinerary-31-683x1024.jpg\" alt=\"\" width=\"1023\" height=\"1534\" srcset=\"https:\/\/1001voyagesgourmands.com\/wp-content\/uploads\/2019\/10\/5_days_Malta_itinerary-31-683x1024.jpg 683w, https:\/\/1001voyagesgourmands.com\/wp-content\/uploads\/2019\/10\/5_days_Malta_itinerary-31-200x300.jpg 200w, https:\/\/1001voyagesgourmands.com\/wp-content\/uploads\/2019\/10\/5_days_Malta_itinerary-31-768x1152.jpg 768w, https:\/\/1001voyagesgourmands.com\/wp-content\/uploads\/2019\/10\/5_days_Malta_itinerary-31-1170x1755.jpg 1170w, https:\/\/1001voyagesgourmands.com\/wp-content\/uploads\/2019\/10\/5_days_Malta_itinerary-31-1920x2880.jpg 1920w, https:\/\/1001voyagesgourmands.com\/wp-content\/uploads\/2019\/10\/5_days_Malta_itinerary-31-585x878.jpg 585w, https:\/\/1001voyagesgourmands.com\/wp-content\/uploads\/2019\/10\/5_days_Malta_itinerary-31.jpg 2000w\" sizes=\"auto, (max-width: 1023px) 100vw, 1023px\" \/><\/p>\n<p><img loading=\"lazy\" decoding=\"async\" class=\"aligncenter size-large wp-image-25851\" src=\"http:\/\/1001voyagesgourmands.com\/wp-content\/uploads\/2019\/10\/5_days_Malta_itinerary-32-1024x682.jpg\" alt=\"\" width=\"1024\" height=\"682\" srcset=\"https:\/\/1001voyagesgourmands.com\/wp-content\/uploads\/2019\/10\/5_days_Malta_itinerary-32-1024x682.jpg 1024w, https:\/\/1001voyagesgourmands.com\/wp-content\/uploads\/2019\/10\/5_days_Malta_itinerary-32-300x200.jpg 300w, https:\/\/1001voyagesgourmands.com\/wp-content\/uploads\/2019\/10\/5_days_Malta_itinerary-32-768x512.jpg 768w, https:\/\/1001voyagesgourmands.com\/wp-content\/uploads\/2019\/10\/5_days_Malta_itinerary-32-1170x780.jpg 1170w, https:\/\/1001voyagesgourmands.com\/wp-content\/uploads\/2019\/10\/5_days_Malta_itinerary-32-1920x1280.jpg 1920w, https:\/\/1001voyagesgourmands.com\/wp-content\/uploads\/2019\/10\/5_days_Malta_itinerary-32-585x390.jpg 585w, https:\/\/1001voyagesgourmands.com\/wp-content\/uploads\/2019\/10\/5_days_Malta_itinerary-32-263x175.jpg 263w, https:\/\/1001voyagesgourmands.com\/wp-content\/uploads\/2019\/10\/5_days_Malta_itinerary-32.jpg 2000w\" sizes=\"auto, (max-width: 1024px) 100vw, 1024px\" \/><\/p>\n<p><img loading=\"lazy\" decoding=\"async\" class=\"aligncenter wp-image-25853\" src=\"http:\/\/1001voyagesgourmands.com\/wp-content\/uploads\/2019\/10\/5_days_Malta_itinerary-33-683x1024.jpg\" alt=\"\" width=\"856\" height=\"1283\" srcset=\"https:\/\/1001voyagesgourmands.com\/wp-content\/uploads\/2019\/10\/5_days_Malta_itinerary-33-683x1024.jpg 683w, https:\/\/1001voyagesgourmands.com\/wp-content\/uploads\/2019\/10\/5_days_Malta_itinerary-33-200x300.jpg 200w, https:\/\/1001voyagesgourmands.com\/wp-content\/uploads\/2019\/10\/5_days_Malta_itinerary-33-768x1152.jpg 768w, https:\/\/1001voyagesgourmands.com\/wp-content\/uploads\/2019\/10\/5_days_Malta_itinerary-33-1170x1755.jpg 1170w, https:\/\/1001voyagesgourmands.com\/wp-content\/uploads\/2019\/10\/5_days_Malta_itinerary-33-1920x2880.jpg 1920w, https:\/\/1001voyagesgourmands.com\/wp-content\/uploads\/2019\/10\/5_days_Malta_itinerary-33-585x878.jpg 585w, https:\/\/1001voyagesgourmands.com\/wp-content\/uploads\/2019\/10\/5_days_Malta_itinerary-33.jpg 2000w\" sizes=\"auto, (max-width: 856px) 100vw, 856px\" \/><\/p>\n<p>&nbsp;<\/p>\n<h3 style=\"text-align: justify;\"><strong>Den 3: Ostrov Gozzo <\/strong><\/h3>\n<p style=\"text-align: justify;\">Prvn\u00ed den s pronajat\u00fdm autem jsme vyjeli brzo r\u00e1no sm\u011brem termin\u00e1l trajektu na ostrov Gozzo. Trajekt trv\u00e1 asi 30 minut (plus \u010dek\u00e1n\u00ed) a ostrov je celkem mal\u00fd, tak\u017ee den n\u00e1m vysloven\u011b sta\u010dil na to, abychom vid\u011bli m\u00edsta, kter\u00e1 jsme si p\u0159edem vyhledali. Na\u0161e prvn\u00ed zast\u00e1vka byla ve m\u011bst\u011b <strong>Victoria<\/strong>, ov\u0161em to na n\u00e1s nijak dob\u0159e nezap\u016fsobilo (krom\u011b Citadely a dobr\u00e9ho kol\u00e1\u010de v kav\u00e1rn\u011b na n\u00e1m\u011bst\u00ed jsme tam nic moc zaj\u00edmav\u00e9ho nena\u0161li), tak\u017ee jsme se dlouho nezdr\u017eeli.<\/p>\n<p style=\"text-align: justify;\">Odtud jsme pokra\u010dovali sm\u011brem k spektakul\u00e1rn\u00edmu m\u00edstu <strong>Wied il-Ghasri <\/strong>a na&nbsp;slan\u00e9 p\u00e1nve <strong>Xwejni Salt Pans<\/strong>, kde se n\u00edm dost l\u00edbilo. Po asi 40 minut\u00e1ch proch\u00e1zen\u00ed se po nich jsme objevili n\u00e1pis, \u017ee se na n\u011b nem\u00e1 vstupovat\u2026&nbsp;\ud83d\ude00 Dal\u0161\u00ed zast\u00e1vka byla kr\u00e1sn\u00e1 pl\u00e1\u017e s oran\u017eov\u00fdm p\u00edskem <strong>Ramla Bay<\/strong>. \u0160koda jen, \u017ee tu zrovna bylo dost v\u011btrno a vcelku kosa na to, abychom si tady ud\u011blali piknik (nebo je\u0161t\u011b l\u00e9pe, zaplavali si). Asi se budeme muset vr\u00e1tit v l\u00e9t\u011b! \ud83d\ude0a<\/p>\n<p style=\"text-align: justify;\">Pozd\u011bji odpoledne jsme se vydali na pr\u016fzkum <strong>ruin Azurov\u00e9ho okna<\/strong> a mus\u00edm \u0159\u00edct, \u017ee p\u0159esto\u017ee se mi tam necht\u011blo (co tam jako uvid\u00edme, kdy\u017e u\u017e ten oblouk nestoj\u00ed?), tak tam bylo n\u00e1dhern\u011b na t\u011bch okoln\u00edch \u00fatesech. Do\u0161lo i na kr\u00e1sn\u00fd z\u00e1pad slunce a trochu relaxu za poslechu rozbou\u0159en\u00fdch vln. Nedaleko odtamtud je jak\u00e9si jez\u00edrko, neboli <strong>vnitrozemn\u00ed mo\u0159e (Inland Sea)<\/strong>, jak mu tady p\u0159ezd\u00edvaj\u00ed. P\u0159es jeskyni se sem toti\u017e vl\u00e9v\u00e1 kus mo\u0159e, a kdo se pot\u00e1p\u00ed, tak v\u00e1s m\u016f\u017ee zaj\u00edmat, \u017ee se tam d\u00e1 naj\u00edt plno druh\u016f med\u00faz.<\/p>\n<p><img loading=\"lazy\" decoding=\"async\" class=\"aligncenter size-large wp-image-25855\" src=\"http:\/\/1001voyagesgourmands.com\/wp-content\/uploads\/2019\/10\/5_days_Malta_itinerary-34-1024x682.jpg\" alt=\"\" width=\"1024\" height=\"682\" srcset=\"https:\/\/1001voyagesgourmands.com\/wp-content\/uploads\/2019\/10\/5_days_Malta_itinerary-34-1024x682.jpg 1024w, https:\/\/1001voyagesgourmands.com\/wp-content\/uploads\/2019\/10\/5_days_Malta_itinerary-34-300x200.jpg 300w, https:\/\/1001voyagesgourmands.com\/wp-content\/uploads\/2019\/10\/5_days_Malta_itinerary-34-768x512.jpg 768w, https:\/\/1001voyagesgourmands.com\/wp-content\/uploads\/2019\/10\/5_days_Malta_itinerary-34-1170x780.jpg 1170w, https:\/\/1001voyagesgourmands.com\/wp-content\/uploads\/2019\/10\/5_days_Malta_itinerary-34-1920x1280.jpg 1920w, https:\/\/1001voyagesgourmands.com\/wp-content\/uploads\/2019\/10\/5_days_Malta_itinerary-34-585x390.jpg 585w, https:\/\/1001voyagesgourmands.com\/wp-content\/uploads\/2019\/10\/5_days_Malta_itinerary-34-263x175.jpg 263w, https:\/\/1001voyagesgourmands.com\/wp-content\/uploads\/2019\/10\/5_days_Malta_itinerary-34.jpg 2000w\" sizes=\"auto, (max-width: 1024px) 100vw, 1024px\" \/><\/p>\n<p><img loading=\"lazy\" decoding=\"async\" class=\"aligncenter wp-image-25857\" src=\"http:\/\/1001voyagesgourmands.com\/wp-content\/uploads\/2019\/10\/5_days_Malta_itinerary-35-683x1024.jpg\" alt=\"\" width=\"878\" height=\"1316\" srcset=\"https:\/\/1001voyagesgourmands.com\/wp-content\/uploads\/2019\/10\/5_days_Malta_itinerary-35-683x1024.jpg 683w, https:\/\/1001voyagesgourmands.com\/wp-content\/uploads\/2019\/10\/5_days_Malta_itinerary-35-200x300.jpg 200w, https:\/\/1001voyagesgourmands.com\/wp-content\/uploads\/2019\/10\/5_days_Malta_itinerary-35-768x1152.jpg 768w, https:\/\/1001voyagesgourmands.com\/wp-content\/uploads\/2019\/10\/5_days_Malta_itinerary-35-1170x1755.jpg 1170w, https:\/\/1001voyagesgourmands.com\/wp-content\/uploads\/2019\/10\/5_days_Malta_itinerary-35-1920x2880.jpg 1920w, https:\/\/1001voyagesgourmands.com\/wp-content\/uploads\/2019\/10\/5_days_Malta_itinerary-35-585x878.jpg 585w, https:\/\/1001voyagesgourmands.com\/wp-content\/uploads\/2019\/10\/5_days_Malta_itinerary-35.jpg 2000w\" sizes=\"auto, (max-width: 878px) 100vw, 878px\" \/><\/p>\n<p><img loading=\"lazy\" decoding=\"async\" class=\"aligncenter wp-image-25861\" src=\"http:\/\/1001voyagesgourmands.com\/wp-content\/uploads\/2019\/10\/5_days_Malta_itinerary-37-683x1024.jpg\" alt=\"\" width=\"980\" height=\"1469\" srcset=\"https:\/\/1001voyagesgourmands.com\/wp-content\/uploads\/2019\/10\/5_days_Malta_itinerary-37-683x1024.jpg 683w, https:\/\/1001voyagesgourmands.com\/wp-content\/uploads\/2019\/10\/5_days_Malta_itinerary-37-200x300.jpg 200w, https:\/\/1001voyagesgourmands.com\/wp-content\/uploads\/2019\/10\/5_days_Malta_itinerary-37-768x1152.jpg 768w, https:\/\/1001voyagesgourmands.com\/wp-content\/uploads\/2019\/10\/5_days_Malta_itinerary-37-1170x1755.jpg 1170w, https:\/\/1001voyagesgourmands.com\/wp-content\/uploads\/2019\/10\/5_days_Malta_itinerary-37-1920x2880.jpg 1920w, https:\/\/1001voyagesgourmands.com\/wp-content\/uploads\/2019\/10\/5_days_Malta_itinerary-37-585x878.jpg 585w, https:\/\/1001voyagesgourmands.com\/wp-content\/uploads\/2019\/10\/5_days_Malta_itinerary-37.jpg 2000w\" sizes=\"auto, (max-width: 980px) 100vw, 980px\" \/><\/p>\n<p><img loading=\"lazy\" decoding=\"async\" class=\"aligncenter wp-image-25863\" src=\"http:\/\/1001voyagesgourmands.com\/wp-content\/uploads\/2019\/10\/5_days_Malta_itinerary-38-683x1024.jpg\" alt=\"Dne\u0161n\u00ed \u010dl\u00e1nek je o na\u0161em podzimn\u00edm v\u00fdletu na Maltu. Kde se ubytovat, jak se pohybovat po ostrovech, a co v\u0161e se d\u00e1 vid\u011bt za 5 dn\u00ed na Malt\u011b.\" width=\"871\" height=\"1306\" srcset=\"https:\/\/1001voyagesgourmands.com\/wp-content\/uploads\/2019\/10\/5_days_Malta_itinerary-38-683x1024.jpg 683w, https:\/\/1001voyagesgourmands.com\/wp-content\/uploads\/2019\/10\/5_days_Malta_itinerary-38-200x300.jpg 200w, https:\/\/1001voyagesgourmands.com\/wp-content\/uploads\/2019\/10\/5_days_Malta_itinerary-38-768x1152.jpg 768w, https:\/\/1001voyagesgourmands.com\/wp-content\/uploads\/2019\/10\/5_days_Malta_itinerary-38-1170x1755.jpg 1170w, https:\/\/1001voyagesgourmands.com\/wp-content\/uploads\/2019\/10\/5_days_Malta_itinerary-38-1920x2880.jpg 1920w, https:\/\/1001voyagesgourmands.com\/wp-content\/uploads\/2019\/10\/5_days_Malta_itinerary-38-585x878.jpg 585w, https:\/\/1001voyagesgourmands.com\/wp-content\/uploads\/2019\/10\/5_days_Malta_itinerary-38.jpg 2000w\" sizes=\"auto, (max-width: 871px) 100vw, 871px\" \/><\/p>\n<p><img loading=\"lazy\" decoding=\"async\" class=\"aligncenter wp-image-25867\" src=\"http:\/\/1001voyagesgourmands.com\/wp-content\/uploads\/2019\/10\/5_days_Malta_itinerary-40-683x1024.jpg\" alt=\"\" width=\"892\" height=\"1337\" srcset=\"https:\/\/1001voyagesgourmands.com\/wp-content\/uploads\/2019\/10\/5_days_Malta_itinerary-40-683x1024.jpg 683w, https:\/\/1001voyagesgourmands.com\/wp-content\/uploads\/2019\/10\/5_days_Malta_itinerary-40-200x300.jpg 200w, https:\/\/1001voyagesgourmands.com\/wp-content\/uploads\/2019\/10\/5_days_Malta_itinerary-40-768x1152.jpg 768w, https:\/\/1001voyagesgourmands.com\/wp-content\/uploads\/2019\/10\/5_days_Malta_itinerary-40-1170x1755.jpg 1170w, https:\/\/1001voyagesgourmands.com\/wp-content\/uploads\/2019\/10\/5_days_Malta_itinerary-40-1920x2880.jpg 1920w, https:\/\/1001voyagesgourmands.com\/wp-content\/uploads\/2019\/10\/5_days_Malta_itinerary-40-585x878.jpg 585w, https:\/\/1001voyagesgourmands.com\/wp-content\/uploads\/2019\/10\/5_days_Malta_itinerary-40.jpg 2000w\" sizes=\"auto, (max-width: 892px) 100vw, 892px\" \/><\/p>\n<p><img loading=\"lazy\" decoding=\"async\" class=\"aligncenter wp-image-25865\" src=\"http:\/\/1001voyagesgourmands.com\/wp-content\/uploads\/2019\/10\/5_days_Malta_itinerary-39-683x1024.jpg\" alt=\"\" width=\"858\" height=\"1286\" srcset=\"https:\/\/1001voyagesgourmands.com\/wp-content\/uploads\/2019\/10\/5_days_Malta_itinerary-39-683x1024.jpg 683w, https:\/\/1001voyagesgourmands.com\/wp-content\/uploads\/2019\/10\/5_days_Malta_itinerary-39-200x300.jpg 200w, https:\/\/1001voyagesgourmands.com\/wp-content\/uploads\/2019\/10\/5_days_Malta_itinerary-39-768x1152.jpg 768w, https:\/\/1001voyagesgourmands.com\/wp-content\/uploads\/2019\/10\/5_days_Malta_itinerary-39-1170x1755.jpg 1170w, https:\/\/1001voyagesgourmands.com\/wp-content\/uploads\/2019\/10\/5_days_Malta_itinerary-39-1920x2880.jpg 1920w, https:\/\/1001voyagesgourmands.com\/wp-content\/uploads\/2019\/10\/5_days_Malta_itinerary-39-585x878.jpg 585w, https:\/\/1001voyagesgourmands.com\/wp-content\/uploads\/2019\/10\/5_days_Malta_itinerary-39.jpg 2000w\" sizes=\"auto, (max-width: 858px) 100vw, 858px\" \/><\/p>\n<p><img loading=\"lazy\" decoding=\"async\" class=\"aligncenter wp-image-25869\" src=\"http:\/\/1001voyagesgourmands.com\/wp-content\/uploads\/2019\/10\/5_days_Malta_itinerary-41-683x1024.jpg\" alt=\"Dne\u0161n\u00ed \u010dl\u00e1nek je o na\u0161em podzimn\u00edm v\u00fdletu na Maltu. Kde se ubytovat, jak se pohybovat po ostrovech, a co v\u0161e se d\u00e1 vid\u011bt za 5 dn\u00ed na Malt\u011b.\" width=\"899\" height=\"1348\" srcset=\"https:\/\/1001voyagesgourmands.com\/wp-content\/uploads\/2019\/10\/5_days_Malta_itinerary-41-683x1024.jpg 683w, https:\/\/1001voyagesgourmands.com\/wp-content\/uploads\/2019\/10\/5_days_Malta_itinerary-41-200x300.jpg 200w, https:\/\/1001voyagesgourmands.com\/wp-content\/uploads\/2019\/10\/5_days_Malta_itinerary-41-768x1152.jpg 768w, https:\/\/1001voyagesgourmands.com\/wp-content\/uploads\/2019\/10\/5_days_Malta_itinerary-41-1170x1755.jpg 1170w, https:\/\/1001voyagesgourmands.com\/wp-content\/uploads\/2019\/10\/5_days_Malta_itinerary-41-1920x2880.jpg 1920w, https:\/\/1001voyagesgourmands.com\/wp-content\/uploads\/2019\/10\/5_days_Malta_itinerary-41-585x878.jpg 585w, https:\/\/1001voyagesgourmands.com\/wp-content\/uploads\/2019\/10\/5_days_Malta_itinerary-41.jpg 2000w\" sizes=\"auto, (max-width: 899px) 100vw, 899px\" \/><\/p>\n<p><img loading=\"lazy\" decoding=\"async\" class=\"aligncenter wp-image-25871\" src=\"http:\/\/1001voyagesgourmands.com\/wp-content\/uploads\/2019\/10\/5_days_Malta_itinerary-42-683x1024.jpg\" alt=\"\" width=\"935\" height=\"1402\" srcset=\"https:\/\/1001voyagesgourmands.com\/wp-content\/uploads\/2019\/10\/5_days_Malta_itinerary-42-683x1024.jpg 683w, https:\/\/1001voyagesgourmands.com\/wp-content\/uploads\/2019\/10\/5_days_Malta_itinerary-42-200x300.jpg 200w, https:\/\/1001voyagesgourmands.com\/wp-content\/uploads\/2019\/10\/5_days_Malta_itinerary-42-768x1152.jpg 768w, https:\/\/1001voyagesgourmands.com\/wp-content\/uploads\/2019\/10\/5_days_Malta_itinerary-42-1170x1755.jpg 1170w, https:\/\/1001voyagesgourmands.com\/wp-content\/uploads\/2019\/10\/5_days_Malta_itinerary-42-1920x2880.jpg 1920w, https:\/\/1001voyagesgourmands.com\/wp-content\/uploads\/2019\/10\/5_days_Malta_itinerary-42-585x878.jpg 585w, https:\/\/1001voyagesgourmands.com\/wp-content\/uploads\/2019\/10\/5_days_Malta_itinerary-42.jpg 2000w\" sizes=\"auto, (max-width: 935px) 100vw, 935px\" \/><\/p>\n<p><img loading=\"lazy\" decoding=\"async\" class=\"aligncenter wp-image-25873\" src=\"http:\/\/1001voyagesgourmands.com\/wp-content\/uploads\/2019\/10\/5_days_Malta_itinerary-43-683x1024.jpg\" alt=\"Dne\u0161n\u00ed \u010dl\u00e1nek je o na\u0161em podzimn\u00edm v\u00fdletu na Maltu. Kde se ubytovat, jak se pohybovat po ostrovech, a co v\u0161e se d\u00e1 vid\u011bt za 5 dn\u00ed na Malt\u011b.\" width=\"863\" height=\"1294\" srcset=\"https:\/\/1001voyagesgourmands.com\/wp-content\/uploads\/2019\/10\/5_days_Malta_itinerary-43-683x1024.jpg 683w, https:\/\/1001voyagesgourmands.com\/wp-content\/uploads\/2019\/10\/5_days_Malta_itinerary-43-200x300.jpg 200w, https:\/\/1001voyagesgourmands.com\/wp-content\/uploads\/2019\/10\/5_days_Malta_itinerary-43-768x1152.jpg 768w, https:\/\/1001voyagesgourmands.com\/wp-content\/uploads\/2019\/10\/5_days_Malta_itinerary-43-1170x1755.jpg 1170w, https:\/\/1001voyagesgourmands.com\/wp-content\/uploads\/2019\/10\/5_days_Malta_itinerary-43-1920x2880.jpg 1920w, https:\/\/1001voyagesgourmands.com\/wp-content\/uploads\/2019\/10\/5_days_Malta_itinerary-43-585x878.jpg 585w, https:\/\/1001voyagesgourmands.com\/wp-content\/uploads\/2019\/10\/5_days_Malta_itinerary-43.jpg 2000w\" sizes=\"auto, (max-width: 863px) 100vw, 863px\" \/><\/p>\n<p><img loading=\"lazy\" decoding=\"async\" class=\"aligncenter size-large wp-image-25875\" src=\"http:\/\/1001voyagesgourmands.com\/wp-content\/uploads\/2019\/10\/5_days_Malta_itinerary-44-1024x682.jpg\" alt=\"\" width=\"1024\" height=\"682\" srcset=\"https:\/\/1001voyagesgourmands.com\/wp-content\/uploads\/2019\/10\/5_days_Malta_itinerary-44-1024x682.jpg 1024w, https:\/\/1001voyagesgourmands.com\/wp-content\/uploads\/2019\/10\/5_days_Malta_itinerary-44-300x200.jpg 300w, https:\/\/1001voyagesgourmands.com\/wp-content\/uploads\/2019\/10\/5_days_Malta_itinerary-44-768x512.jpg 768w, https:\/\/1001voyagesgourmands.com\/wp-content\/uploads\/2019\/10\/5_days_Malta_itinerary-44-1170x780.jpg 1170w, https:\/\/1001voyagesgourmands.com\/wp-content\/uploads\/2019\/10\/5_days_Malta_itinerary-44-1920x1280.jpg 1920w, https:\/\/1001voyagesgourmands.com\/wp-content\/uploads\/2019\/10\/5_days_Malta_itinerary-44-585x390.jpg 585w, https:\/\/1001voyagesgourmands.com\/wp-content\/uploads\/2019\/10\/5_days_Malta_itinerary-44-263x175.jpg 263w, https:\/\/1001voyagesgourmands.com\/wp-content\/uploads\/2019\/10\/5_days_Malta_itinerary-44.jpg 2000w\" sizes=\"auto, (max-width: 1024px) 100vw, 1024px\" \/><\/p>\n<p><img loading=\"lazy\" decoding=\"async\" class=\"aligncenter wp-image-26418\" src=\"http:\/\/1001voyagesgourmands.com\/wp-content\/uploads\/2020\/02\/5_days_in_Malta-103-683x1024.jpg\" alt=\"\" width=\"841\" height=\"1261\" srcset=\"https:\/\/1001voyagesgourmands.com\/wp-content\/uploads\/2020\/02\/5_days_in_Malta-103-683x1024.jpg 683w, https:\/\/1001voyagesgourmands.com\/wp-content\/uploads\/2020\/02\/5_days_in_Malta-103-200x300.jpg 200w, https:\/\/1001voyagesgourmands.com\/wp-content\/uploads\/2020\/02\/5_days_in_Malta-103-768x1152.jpg 768w, https:\/\/1001voyagesgourmands.com\/wp-content\/uploads\/2020\/02\/5_days_in_Malta-103-1170x1755.jpg 1170w, https:\/\/1001voyagesgourmands.com\/wp-content\/uploads\/2020\/02\/5_days_in_Malta-103-1920x2880.jpg 1920w, https:\/\/1001voyagesgourmands.com\/wp-content\/uploads\/2020\/02\/5_days_in_Malta-103-585x878.jpg 585w, https:\/\/1001voyagesgourmands.com\/wp-content\/uploads\/2020\/02\/5_days_in_Malta-103.jpg 2000w\" sizes=\"auto, (max-width: 841px) 100vw, 841px\" \/><\/p>\n<p><img loading=\"lazy\" decoding=\"async\" class=\"aligncenter size-large wp-image-25881\" src=\"http:\/\/1001voyagesgourmands.com\/wp-content\/uploads\/2019\/10\/5_days_Malta_itinerary-47-1024x683.jpg\" alt=\"\" width=\"1024\" height=\"683\" srcset=\"https:\/\/1001voyagesgourmands.com\/wp-content\/uploads\/2019\/10\/5_days_Malta_itinerary-47-1024x683.jpg 1024w, https:\/\/1001voyagesgourmands.com\/wp-content\/uploads\/2019\/10\/5_days_Malta_itinerary-47-300x200.jpg 300w, https:\/\/1001voyagesgourmands.com\/wp-content\/uploads\/2019\/10\/5_days_Malta_itinerary-47-768x512.jpg 768w, https:\/\/1001voyagesgourmands.com\/wp-content\/uploads\/2019\/10\/5_days_Malta_itinerary-47-1170x780.jpg 1170w, https:\/\/1001voyagesgourmands.com\/wp-content\/uploads\/2019\/10\/5_days_Malta_itinerary-47-1920x1280.jpg 1920w, https:\/\/1001voyagesgourmands.com\/wp-content\/uploads\/2019\/10\/5_days_Malta_itinerary-47-585x390.jpg 585w, https:\/\/1001voyagesgourmands.com\/wp-content\/uploads\/2019\/10\/5_days_Malta_itinerary-47-263x175.jpg 263w, https:\/\/1001voyagesgourmands.com\/wp-content\/uploads\/2019\/10\/5_days_Malta_itinerary-47.jpg 1999w\" sizes=\"auto, (max-width: 1024px) 100vw, 1024px\" \/><\/p>\n<p><img loading=\"lazy\" decoding=\"async\" class=\"aligncenter wp-image-25883\" src=\"http:\/\/1001voyagesgourmands.com\/wp-content\/uploads\/2019\/10\/5_days_Malta_itinerary-48-683x1024.jpg\" alt=\"Dne\u0161n\u00ed \u010dl\u00e1nek je o na\u0161em podzimn\u00edm v\u00fdletu na Maltu. Kde se ubytovat, jak se pohybovat po ostrovech, a co v\u0161e se d\u00e1 vid\u011bt za 5 dn\u00ed na Malt\u011b.\" width=\"932\" height=\"1397\" srcset=\"https:\/\/1001voyagesgourmands.com\/wp-content\/uploads\/2019\/10\/5_days_Malta_itinerary-48-683x1024.jpg 683w, https:\/\/1001voyagesgourmands.com\/wp-content\/uploads\/2019\/10\/5_days_Malta_itinerary-48-200x300.jpg 200w, https:\/\/1001voyagesgourmands.com\/wp-content\/uploads\/2019\/10\/5_days_Malta_itinerary-48-768x1152.jpg 768w, https:\/\/1001voyagesgourmands.com\/wp-content\/uploads\/2019\/10\/5_days_Malta_itinerary-48-1170x1755.jpg 1170w, https:\/\/1001voyagesgourmands.com\/wp-content\/uploads\/2019\/10\/5_days_Malta_itinerary-48-1920x2880.jpg 1920w, https:\/\/1001voyagesgourmands.com\/wp-content\/uploads\/2019\/10\/5_days_Malta_itinerary-48-585x878.jpg 585w, https:\/\/1001voyagesgourmands.com\/wp-content\/uploads\/2019\/10\/5_days_Malta_itinerary-48.jpg 2000w\" sizes=\"auto, (max-width: 932px) 100vw, 932px\" \/><\/p>\n<p>&nbsp;<\/p>\n<h3 style=\"text-align: justify;\"><strong>Den 4: Z\u00e1padn\u00ed pob\u0159e\u017e\u00ed<\/strong><\/h3>\n<p style=\"text-align: justify;\">B\u011bhem \u010dtvrt\u00e9ho dne jsme zav\u00edtali na z\u00e1padn\u00ed pob\u0159e\u017e\u00ed hlavn\u00edho ostrova. Nejprve jsme jeli sm\u011brem k <strong>Blue Grotto<\/strong>, co\u017e je zaj\u00edmav\u00e1 skaln\u00ed formace, kam se m\u016f\u017eete I dostat lo\u010fkou. Ty byly bohu\u017eel v ten den kv\u016fli siln\u00e9mu v\u011btru zru\u0161en\u00e9, ale mohli jsme se na n\u011bj pod\u00edvat alespo\u0148 z vyhl\u00eddky, kde bylo n\u00e1dhern\u011b.<\/p>\n<p style=\"text-align: justify;\">Pot\u00e9 jsme zam\u00ed\u0159ili k <strong>Dingli Cliffs <\/strong>s t\u00edm, \u017ee si ud\u011bl\u00e1me hezkou vych\u00e1zku po \u00fatesech. Jen\u017ee co \u010dert necht\u011bl, foukal tam tak siln\u00fd v\u00edtr a po chv\u00edli za\u010dalo i dost pr\u0161et, \u017ee jsme to obr\u00e1tili na chv\u00edli do M\u00b4diny, kde jsme si m\u00edsto ob\u011bda dali kafe a dort s \u00fa\u017easn\u00fdm v\u00fdhledem ve <a href=\"https:\/\/fontanellateagarden.com\/\" target=\"_blank\" rel=\"noopener noreferrer\">Fontanella Tea Garden<\/a>, ne\u017e p\u0159e\u0161el d\u00e9\u0161\u0165. Odtud jsme se rozhodli vydat do nedalek\u00e9ho m\u011bsta na obhl\u00eddku <strong>Rotondy Mosta<\/strong> s p\u0159\u00e1n\u00edm, aby se po\u010das\u00ed vylep\u0161ilo. To se nakonec stalo a p\u0159i cest\u011b k <strong>vesni\u010dce Popeye<\/strong> se za\u010daly mraky rozestupovat tak, \u017ee se n\u00e1m naskytl p\u0159ekr\u00e1sn\u00fd pohled na zdej\u0161\u00ed kr\u00e1snou barvu mo\u0159e a barevn\u00e9 dome\u010dky ve vesnici Pepka N\u00e1mo\u0159n\u00edka.<\/p>\n<p><img loading=\"lazy\" decoding=\"async\" class=\"aligncenter wp-image-25889\" src=\"http:\/\/1001voyagesgourmands.com\/wp-content\/uploads\/2019\/10\/5_days_Malta_itinerary-51-683x1024.jpg\" alt=\"Dne\u0161n\u00ed \u010dl\u00e1nek je o na\u0161em podzimn\u00edm v\u00fdletu na Maltu. Kde se ubytovat, jak se pohybovat po ostrovech, a co v\u0161e se d\u00e1 vid\u011bt za 5 dn\u00ed na Malt\u011b.\" width=\"854\" height=\"1280\" srcset=\"https:\/\/1001voyagesgourmands.com\/wp-content\/uploads\/2019\/10\/5_days_Malta_itinerary-51-683x1024.jpg 683w, https:\/\/1001voyagesgourmands.com\/wp-content\/uploads\/2019\/10\/5_days_Malta_itinerary-51-200x300.jpg 200w, https:\/\/1001voyagesgourmands.com\/wp-content\/uploads\/2019\/10\/5_days_Malta_itinerary-51-768x1152.jpg 768w, https:\/\/1001voyagesgourmands.com\/wp-content\/uploads\/2019\/10\/5_days_Malta_itinerary-51-1170x1755.jpg 1170w, https:\/\/1001voyagesgourmands.com\/wp-content\/uploads\/2019\/10\/5_days_Malta_itinerary-51-1920x2880.jpg 1920w, https:\/\/1001voyagesgourmands.com\/wp-content\/uploads\/2019\/10\/5_days_Malta_itinerary-51-585x878.jpg 585w, https:\/\/1001voyagesgourmands.com\/wp-content\/uploads\/2019\/10\/5_days_Malta_itinerary-51.jpg 2000w\" sizes=\"auto, (max-width: 854px) 100vw, 854px\" \/><\/p>\n<p><img loading=\"lazy\" decoding=\"async\" class=\"aligncenter size-large wp-image-26422\" src=\"http:\/\/1001voyagesgourmands.com\/wp-content\/uploads\/2020\/02\/5_days_in_Malta-105-1024x682.jpg\" alt=\"\" width=\"1024\" height=\"682\" srcset=\"https:\/\/1001voyagesgourmands.com\/wp-content\/uploads\/2020\/02\/5_days_in_Malta-105-1024x682.jpg 1024w, https:\/\/1001voyagesgourmands.com\/wp-content\/uploads\/2020\/02\/5_days_in_Malta-105-300x200.jpg 300w, https:\/\/1001voyagesgourmands.com\/wp-content\/uploads\/2020\/02\/5_days_in_Malta-105-768x512.jpg 768w, https:\/\/1001voyagesgourmands.com\/wp-content\/uploads\/2020\/02\/5_days_in_Malta-105-1170x780.jpg 1170w, https:\/\/1001voyagesgourmands.com\/wp-content\/uploads\/2020\/02\/5_days_in_Malta-105-1920x1280.jpg 1920w, https:\/\/1001voyagesgourmands.com\/wp-content\/uploads\/2020\/02\/5_days_in_Malta-105-585x390.jpg 585w, https:\/\/1001voyagesgourmands.com\/wp-content\/uploads\/2020\/02\/5_days_in_Malta-105-263x175.jpg 263w, https:\/\/1001voyagesgourmands.com\/wp-content\/uploads\/2020\/02\/5_days_in_Malta-105.jpg 2000w\" sizes=\"auto, (max-width: 1024px) 100vw, 1024px\" \/><\/p>\n<p><img loading=\"lazy\" decoding=\"async\" class=\"aligncenter size-large wp-image-25891\" src=\"http:\/\/1001voyagesgourmands.com\/wp-content\/uploads\/2019\/10\/5_days_Malta_itinerary-52-1024x682.jpg\" alt=\"\" width=\"1024\" height=\"682\" srcset=\"https:\/\/1001voyagesgourmands.com\/wp-content\/uploads\/2019\/10\/5_days_Malta_itinerary-52-1024x682.jpg 1024w, https:\/\/1001voyagesgourmands.com\/wp-content\/uploads\/2019\/10\/5_days_Malta_itinerary-52-300x200.jpg 300w, https:\/\/1001voyagesgourmands.com\/wp-content\/uploads\/2019\/10\/5_days_Malta_itinerary-52-768x512.jpg 768w, https:\/\/1001voyagesgourmands.com\/wp-content\/uploads\/2019\/10\/5_days_Malta_itinerary-52-1170x780.jpg 1170w, https:\/\/1001voyagesgourmands.com\/wp-content\/uploads\/2019\/10\/5_days_Malta_itinerary-52-1920x1280.jpg 1920w, https:\/\/1001voyagesgourmands.com\/wp-content\/uploads\/2019\/10\/5_days_Malta_itinerary-52-585x390.jpg 585w, https:\/\/1001voyagesgourmands.com\/wp-content\/uploads\/2019\/10\/5_days_Malta_itinerary-52-263x175.jpg 263w, https:\/\/1001voyagesgourmands.com\/wp-content\/uploads\/2019\/10\/5_days_Malta_itinerary-52.jpg 2000w\" sizes=\"auto, (max-width: 1024px) 100vw, 1024px\" \/><\/p>\n<p><img loading=\"lazy\" decoding=\"async\" class=\"aligncenter wp-image-25893\" src=\"http:\/\/1001voyagesgourmands.com\/wp-content\/uploads\/2019\/10\/5_days_Malta_itinerary-53-683x1024.jpg\" alt=\"\" width=\"873\" height=\"1309\" srcset=\"https:\/\/1001voyagesgourmands.com\/wp-content\/uploads\/2019\/10\/5_days_Malta_itinerary-53-683x1024.jpg 683w, https:\/\/1001voyagesgourmands.com\/wp-content\/uploads\/2019\/10\/5_days_Malta_itinerary-53-200x300.jpg 200w, https:\/\/1001voyagesgourmands.com\/wp-content\/uploads\/2019\/10\/5_days_Malta_itinerary-53-768x1152.jpg 768w, https:\/\/1001voyagesgourmands.com\/wp-content\/uploads\/2019\/10\/5_days_Malta_itinerary-53-1170x1755.jpg 1170w, https:\/\/1001voyagesgourmands.com\/wp-content\/uploads\/2019\/10\/5_days_Malta_itinerary-53-1920x2880.jpg 1920w, https:\/\/1001voyagesgourmands.com\/wp-content\/uploads\/2019\/10\/5_days_Malta_itinerary-53-585x878.jpg 585w, https:\/\/1001voyagesgourmands.com\/wp-content\/uploads\/2019\/10\/5_days_Malta_itinerary-53.jpg 2000w\" sizes=\"auto, (max-width: 873px) 100vw, 873px\" \/><\/p>\n<p><img loading=\"lazy\" decoding=\"async\" class=\"aligncenter size-large wp-image-25895\" src=\"http:\/\/1001voyagesgourmands.com\/wp-content\/uploads\/2019\/10\/5_days_Malta_itinerary-54-1024x682.jpg\" alt=\"\" width=\"1024\" height=\"682\" srcset=\"https:\/\/1001voyagesgourmands.com\/wp-content\/uploads\/2019\/10\/5_days_Malta_itinerary-54-1024x682.jpg 1024w, https:\/\/1001voyagesgourmands.com\/wp-content\/uploads\/2019\/10\/5_days_Malta_itinerary-54-300x200.jpg 300w, https:\/\/1001voyagesgourmands.com\/wp-content\/uploads\/2019\/10\/5_days_Malta_itinerary-54-768x512.jpg 768w, https:\/\/1001voyagesgourmands.com\/wp-content\/uploads\/2019\/10\/5_days_Malta_itinerary-54-1170x780.jpg 1170w, https:\/\/1001voyagesgourmands.com\/wp-content\/uploads\/2019\/10\/5_days_Malta_itinerary-54-1920x1280.jpg 1920w, https:\/\/1001voyagesgourmands.com\/wp-content\/uploads\/2019\/10\/5_days_Malta_itinerary-54-585x390.jpg 585w, https:\/\/1001voyagesgourmands.com\/wp-content\/uploads\/2019\/10\/5_days_Malta_itinerary-54-263x175.jpg 263w, https:\/\/1001voyagesgourmands.com\/wp-content\/uploads\/2019\/10\/5_days_Malta_itinerary-54.jpg 2000w\" sizes=\"auto, (max-width: 1024px) 100vw, 1024px\" \/><\/p>\n<p><img loading=\"lazy\" decoding=\"async\" class=\"aligncenter size-large wp-image-26424\" src=\"http:\/\/1001voyagesgourmands.com\/wp-content\/uploads\/2020\/02\/5_days_in_Malta-106-819x1024.jpg\" alt=\"\" width=\"819\" height=\"1024\" srcset=\"https:\/\/1001voyagesgourmands.com\/wp-content\/uploads\/2020\/02\/5_days_in_Malta-106-819x1024.jpg 819w, https:\/\/1001voyagesgourmands.com\/wp-content\/uploads\/2020\/02\/5_days_in_Malta-106-240x300.jpg 240w, https:\/\/1001voyagesgourmands.com\/wp-content\/uploads\/2020\/02\/5_days_in_Malta-106-768x960.jpg 768w, https:\/\/1001voyagesgourmands.com\/wp-content\/uploads\/2020\/02\/5_days_in_Malta-106-1170x1463.jpg 1170w, https:\/\/1001voyagesgourmands.com\/wp-content\/uploads\/2020\/02\/5_days_in_Malta-106-1920x2400.jpg 1920w, https:\/\/1001voyagesgourmands.com\/wp-content\/uploads\/2020\/02\/5_days_in_Malta-106-585x731.jpg 585w, https:\/\/1001voyagesgourmands.com\/wp-content\/uploads\/2020\/02\/5_days_in_Malta-106.jpg 2000w\" sizes=\"auto, (max-width: 819px) 100vw, 819px\" \/><\/p>\n<p><img loading=\"lazy\" decoding=\"async\" class=\"aligncenter size-large wp-image-26426\" src=\"http:\/\/1001voyagesgourmands.com\/wp-content\/uploads\/2020\/02\/5_days_in_Malta-107-1024x682.jpg\" alt=\"\" width=\"1024\" height=\"682\" srcset=\"https:\/\/1001voyagesgourmands.com\/wp-content\/uploads\/2020\/02\/5_days_in_Malta-107-1024x682.jpg 1024w, https:\/\/1001voyagesgourmands.com\/wp-content\/uploads\/2020\/02\/5_days_in_Malta-107-300x200.jpg 300w, https:\/\/1001voyagesgourmands.com\/wp-content\/uploads\/2020\/02\/5_days_in_Malta-107-768x512.jpg 768w, https:\/\/1001voyagesgourmands.com\/wp-content\/uploads\/2020\/02\/5_days_in_Malta-107-1170x780.jpg 1170w, https:\/\/1001voyagesgourmands.com\/wp-content\/uploads\/2020\/02\/5_days_in_Malta-107-1920x1280.jpg 1920w, https:\/\/1001voyagesgourmands.com\/wp-content\/uploads\/2020\/02\/5_days_in_Malta-107-585x390.jpg 585w, https:\/\/1001voyagesgourmands.com\/wp-content\/uploads\/2020\/02\/5_days_in_Malta-107-263x175.jpg 263w, https:\/\/1001voyagesgourmands.com\/wp-content\/uploads\/2020\/02\/5_days_in_Malta-107.jpg 2000w\" sizes=\"auto, (max-width: 1024px) 100vw, 1024px\" \/><\/p>\n<p><img loading=\"lazy\" decoding=\"async\" class=\"aligncenter size-large wp-image-25899\" src=\"http:\/\/1001voyagesgourmands.com\/wp-content\/uploads\/2019\/10\/5_days_Malta_itinerary-56-1024x682.jpg\" alt=\"\" width=\"1024\" height=\"682\" srcset=\"https:\/\/1001voyagesgourmands.com\/wp-content\/uploads\/2019\/10\/5_days_Malta_itinerary-56-1024x682.jpg 1024w, https:\/\/1001voyagesgourmands.com\/wp-content\/uploads\/2019\/10\/5_days_Malta_itinerary-56-300x200.jpg 300w, https:\/\/1001voyagesgourmands.com\/wp-content\/uploads\/2019\/10\/5_days_Malta_itinerary-56-768x512.jpg 768w, https:\/\/1001voyagesgourmands.com\/wp-content\/uploads\/2019\/10\/5_days_Malta_itinerary-56-1170x780.jpg 1170w, https:\/\/1001voyagesgourmands.com\/wp-content\/uploads\/2019\/10\/5_days_Malta_itinerary-56-1920x1280.jpg 1920w, https:\/\/1001voyagesgourmands.com\/wp-content\/uploads\/2019\/10\/5_days_Malta_itinerary-56-585x390.jpg 585w, https:\/\/1001voyagesgourmands.com\/wp-content\/uploads\/2019\/10\/5_days_Malta_itinerary-56-263x175.jpg 263w, https:\/\/1001voyagesgourmands.com\/wp-content\/uploads\/2019\/10\/5_days_Malta_itinerary-56.jpg 2000w\" sizes=\"auto, (max-width: 1024px) 100vw, 1024px\" \/><\/p>\n<p><img loading=\"lazy\" decoding=\"async\" class=\"aligncenter size-large wp-image-25901\" src=\"http:\/\/1001voyagesgourmands.com\/wp-content\/uploads\/2019\/10\/5_days_Malta_itinerary-57-1024x682.jpg\" alt=\"\" width=\"1024\" height=\"682\" srcset=\"https:\/\/1001voyagesgourmands.com\/wp-content\/uploads\/2019\/10\/5_days_Malta_itinerary-57-1024x682.jpg 1024w, https:\/\/1001voyagesgourmands.com\/wp-content\/uploads\/2019\/10\/5_days_Malta_itinerary-57-300x200.jpg 300w, https:\/\/1001voyagesgourmands.com\/wp-content\/uploads\/2019\/10\/5_days_Malta_itinerary-57-768x512.jpg 768w, https:\/\/1001voyagesgourmands.com\/wp-content\/uploads\/2019\/10\/5_days_Malta_itinerary-57-1170x780.jpg 1170w, https:\/\/1001voyagesgourmands.com\/wp-content\/uploads\/2019\/10\/5_days_Malta_itinerary-57-1920x1280.jpg 1920w, https:\/\/1001voyagesgourmands.com\/wp-content\/uploads\/2019\/10\/5_days_Malta_itinerary-57-585x390.jpg 585w, https:\/\/1001voyagesgourmands.com\/wp-content\/uploads\/2019\/10\/5_days_Malta_itinerary-57-263x175.jpg 263w, https:\/\/1001voyagesgourmands.com\/wp-content\/uploads\/2019\/10\/5_days_Malta_itinerary-57.jpg 2000w\" sizes=\"auto, (max-width: 1024px) 100vw, 1024px\" \/><\/p>\n<p><img loading=\"lazy\" decoding=\"async\" class=\"aligncenter size-large wp-image-25903\" src=\"http:\/\/1001voyagesgourmands.com\/wp-content\/uploads\/2019\/10\/5_days_Malta_itinerary-58-1024x682.jpg\" alt=\"\" width=\"1024\" height=\"682\" srcset=\"https:\/\/1001voyagesgourmands.com\/wp-content\/uploads\/2019\/10\/5_days_Malta_itinerary-58-1024x682.jpg 1024w, https:\/\/1001voyagesgourmands.com\/wp-content\/uploads\/2019\/10\/5_days_Malta_itinerary-58-300x200.jpg 300w, https:\/\/1001voyagesgourmands.com\/wp-content\/uploads\/2019\/10\/5_days_Malta_itinerary-58-768x512.jpg 768w, https:\/\/1001voyagesgourmands.com\/wp-content\/uploads\/2019\/10\/5_days_Malta_itinerary-58-1170x780.jpg 1170w, https:\/\/1001voyagesgourmands.com\/wp-content\/uploads\/2019\/10\/5_days_Malta_itinerary-58-1920x1280.jpg 1920w, https:\/\/1001voyagesgourmands.com\/wp-content\/uploads\/2019\/10\/5_days_Malta_itinerary-58-585x390.jpg 585w, https:\/\/1001voyagesgourmands.com\/wp-content\/uploads\/2019\/10\/5_days_Malta_itinerary-58-263x175.jpg 263w, https:\/\/1001voyagesgourmands.com\/wp-content\/uploads\/2019\/10\/5_days_Malta_itinerary-58.jpg 2000w\" sizes=\"auto, (max-width: 1024px) 100vw, 1024px\" \/><\/p>\n<p><img loading=\"lazy\" decoding=\"async\" class=\"aligncenter size-large wp-image-25905\" src=\"http:\/\/1001voyagesgourmands.com\/wp-content\/uploads\/2019\/10\/5_days_Malta_itinerary-59-1024x682.jpg\" alt=\"\" width=\"1024\" height=\"682\" srcset=\"https:\/\/1001voyagesgourmands.com\/wp-content\/uploads\/2019\/10\/5_days_Malta_itinerary-59-1024x682.jpg 1024w, https:\/\/1001voyagesgourmands.com\/wp-content\/uploads\/2019\/10\/5_days_Malta_itinerary-59-300x200.jpg 300w, https:\/\/1001voyagesgourmands.com\/wp-content\/uploads\/2019\/10\/5_days_Malta_itinerary-59-768x512.jpg 768w, https:\/\/1001voyagesgourmands.com\/wp-content\/uploads\/2019\/10\/5_days_Malta_itinerary-59-1170x780.jpg 1170w, https:\/\/1001voyagesgourmands.com\/wp-content\/uploads\/2019\/10\/5_days_Malta_itinerary-59-1920x1280.jpg 1920w, https:\/\/1001voyagesgourmands.com\/wp-content\/uploads\/2019\/10\/5_days_Malta_itinerary-59-585x390.jpg 585w, https:\/\/1001voyagesgourmands.com\/wp-content\/uploads\/2019\/10\/5_days_Malta_itinerary-59-263x175.jpg 263w, https:\/\/1001voyagesgourmands.com\/wp-content\/uploads\/2019\/10\/5_days_Malta_itinerary-59.jpg 2000w\" sizes=\"auto, (max-width: 1024px) 100vw, 1024px\" \/><\/p>\n<p><img loading=\"lazy\" decoding=\"async\" class=\"aligncenter size-large wp-image-25907\" src=\"http:\/\/1001voyagesgourmands.com\/wp-content\/uploads\/2019\/10\/5_days_Malta_itinerary-60-1024x682.jpg\" alt=\"\" width=\"1024\" height=\"682\" srcset=\"https:\/\/1001voyagesgourmands.com\/wp-content\/uploads\/2019\/10\/5_days_Malta_itinerary-60-1024x682.jpg 1024w, https:\/\/1001voyagesgourmands.com\/wp-content\/uploads\/2019\/10\/5_days_Malta_itinerary-60-300x200.jpg 300w, https:\/\/1001voyagesgourmands.com\/wp-content\/uploads\/2019\/10\/5_days_Malta_itinerary-60-768x512.jpg 768w, https:\/\/1001voyagesgourmands.com\/wp-content\/uploads\/2019\/10\/5_days_Malta_itinerary-60-1170x780.jpg 1170w, https:\/\/1001voyagesgourmands.com\/wp-content\/uploads\/2019\/10\/5_days_Malta_itinerary-60-1920x1280.jpg 1920w, https:\/\/1001voyagesgourmands.com\/wp-content\/uploads\/2019\/10\/5_days_Malta_itinerary-60-585x390.jpg 585w, https:\/\/1001voyagesgourmands.com\/wp-content\/uploads\/2019\/10\/5_days_Malta_itinerary-60-263x175.jpg 263w, https:\/\/1001voyagesgourmands.com\/wp-content\/uploads\/2019\/10\/5_days_Malta_itinerary-60.jpg 2000w\" sizes=\"auto, (max-width: 1024px) 100vw, 1024px\" \/><\/p>\n<p><img loading=\"lazy\" decoding=\"async\" class=\"aligncenter wp-image-25909\" src=\"http:\/\/1001voyagesgourmands.com\/wp-content\/uploads\/2019\/10\/5_days_Malta_itinerary-61-683x1024.jpg\" alt=\"\" width=\"966\" height=\"1448\" srcset=\"https:\/\/1001voyagesgourmands.com\/wp-content\/uploads\/2019\/10\/5_days_Malta_itinerary-61-683x1024.jpg 683w, https:\/\/1001voyagesgourmands.com\/wp-content\/uploads\/2019\/10\/5_days_Malta_itinerary-61-200x300.jpg 200w, https:\/\/1001voyagesgourmands.com\/wp-content\/uploads\/2019\/10\/5_days_Malta_itinerary-61-768x1152.jpg 768w, https:\/\/1001voyagesgourmands.com\/wp-content\/uploads\/2019\/10\/5_days_Malta_itinerary-61-1170x1755.jpg 1170w, https:\/\/1001voyagesgourmands.com\/wp-content\/uploads\/2019\/10\/5_days_Malta_itinerary-61-1920x2880.jpg 1920w, https:\/\/1001voyagesgourmands.com\/wp-content\/uploads\/2019\/10\/5_days_Malta_itinerary-61-585x878.jpg 585w, https:\/\/1001voyagesgourmands.com\/wp-content\/uploads\/2019\/10\/5_days_Malta_itinerary-61.jpg 2000w\" sizes=\"auto, (max-width: 966px) 100vw, 966px\" \/><\/p>\n<p><img loading=\"lazy\" decoding=\"async\" class=\"aligncenter size-large wp-image-25911\" src=\"http:\/\/1001voyagesgourmands.com\/wp-content\/uploads\/2019\/10\/5_days_Malta_itinerary-62-1024x683.jpg\" alt=\"Dne\u0161n\u00ed \u010dl\u00e1nek je o na\u0161em podzimn\u00edm v\u00fdletu na Maltu. Kde se ubytovat, jak se pohybovat po ostrovech, a co v\u0161e se d\u00e1 vid\u011bt za 5 dn\u00ed na Malt\u011b.\" width=\"1024\" height=\"683\" srcset=\"https:\/\/1001voyagesgourmands.com\/wp-content\/uploads\/2019\/10\/5_days_Malta_itinerary-62-1024x683.jpg 1024w, https:\/\/1001voyagesgourmands.com\/wp-content\/uploads\/2019\/10\/5_days_Malta_itinerary-62-300x200.jpg 300w, https:\/\/1001voyagesgourmands.com\/wp-content\/uploads\/2019\/10\/5_days_Malta_itinerary-62-768x512.jpg 768w, https:\/\/1001voyagesgourmands.com\/wp-content\/uploads\/2019\/10\/5_days_Malta_itinerary-62-1170x780.jpg 1170w, https:\/\/1001voyagesgourmands.com\/wp-content\/uploads\/2019\/10\/5_days_Malta_itinerary-62-1920x1280.jpg 1920w, https:\/\/1001voyagesgourmands.com\/wp-content\/uploads\/2019\/10\/5_days_Malta_itinerary-62-585x390.jpg 585w, https:\/\/1001voyagesgourmands.com\/wp-content\/uploads\/2019\/10\/5_days_Malta_itinerary-62-263x175.jpg 263w, https:\/\/1001voyagesgourmands.com\/wp-content\/uploads\/2019\/10\/5_days_Malta_itinerary-62.jpg 1999w\" sizes=\"auto, (max-width: 1024px) 100vw, 1024px\" \/><\/p>\n<p style=\"text-align: justify;\">&nbsp;<\/p>\n<h3 style=\"text-align: justify;\"><strong>Den 5: Marsaxlox <\/strong><\/h3>\n<p style=\"text-align: justify;\">Posledn\u00ed den jsme se vydali do ryb\u00e1\u0159sk\u00e9 vesnice <strong>Marsaxlox<\/strong>, vzd\u00e1len\u00e9 jen n\u011bkolik minut od leti\u0161t\u011b v Luqa. P\u0159i proch\u00e1zce pod\u00e9l promen\u00e1dy se nask\u00fdt\u00e1 pohled na kr\u00e1sn\u00e9 maltsk\u00e9 ryb\u00e1\u0159sk\u00e9 lo\u010fky, jedna hez\u010d\u00ed ne\u017e druh\u00e1. Kolem je tak\u00e9 plno restaurac\u00ed, kde si m\u016f\u017eete d\u00e1t \u010derstv\u00e9 ryby.<\/p>\n<p><img loading=\"lazy\" decoding=\"async\" class=\"aligncenter wp-image-25925\" src=\"http:\/\/1001voyagesgourmands.com\/wp-content\/uploads\/2019\/10\/5_days_Malta_itinerary-69-683x1024.jpg\" alt=\"\" width=\"868\" height=\"1301\" srcset=\"https:\/\/1001voyagesgourmands.com\/wp-content\/uploads\/2019\/10\/5_days_Malta_itinerary-69-683x1024.jpg 683w, https:\/\/1001voyagesgourmands.com\/wp-content\/uploads\/2019\/10\/5_days_Malta_itinerary-69-200x300.jpg 200w, https:\/\/1001voyagesgourmands.com\/wp-content\/uploads\/2019\/10\/5_days_Malta_itinerary-69-768x1152.jpg 768w, https:\/\/1001voyagesgourmands.com\/wp-content\/uploads\/2019\/10\/5_days_Malta_itinerary-69-1170x1755.jpg 1170w, https:\/\/1001voyagesgourmands.com\/wp-content\/uploads\/2019\/10\/5_days_Malta_itinerary-69-1920x2880.jpg 1920w, https:\/\/1001voyagesgourmands.com\/wp-content\/uploads\/2019\/10\/5_days_Malta_itinerary-69-585x878.jpg 585w, https:\/\/1001voyagesgourmands.com\/wp-content\/uploads\/2019\/10\/5_days_Malta_itinerary-69.jpg 2000w\" sizes=\"auto, (max-width: 868px) 100vw, 868px\" \/><\/p>\n<p><img loading=\"lazy\" decoding=\"async\" class=\"aligncenter size-large wp-image-25929\" src=\"http:\/\/1001voyagesgourmands.com\/wp-content\/uploads\/2019\/10\/5_days_Malta_itinerary-71-1024x683.jpg\" alt=\"Dne\u0161n\u00ed \u010dl\u00e1nek je o na\u0161em podzimn\u00edm v\u00fdletu na Maltu. Kde se ubytovat, jak se pohybovat po ostrovech, a co v\u0161e se d\u00e1 vid\u011bt za 5 dn\u00ed na Malt\u011b.\" width=\"1024\" height=\"683\" srcset=\"https:\/\/1001voyagesgourmands.com\/wp-content\/uploads\/2019\/10\/5_days_Malta_itinerary-71-1024x683.jpg 1024w, https:\/\/1001voyagesgourmands.com\/wp-content\/uploads\/2019\/10\/5_days_Malta_itinerary-71-300x200.jpg 300w, https:\/\/1001voyagesgourmands.com\/wp-content\/uploads\/2019\/10\/5_days_Malta_itinerary-71-768x512.jpg 768w, https:\/\/1001voyagesgourmands.com\/wp-content\/uploads\/2019\/10\/5_days_Malta_itinerary-71-1170x780.jpg 1170w, https:\/\/1001voyagesgourmands.com\/wp-content\/uploads\/2019\/10\/5_days_Malta_itinerary-71-1920x1280.jpg 1920w, https:\/\/1001voyagesgourmands.com\/wp-content\/uploads\/2019\/10\/5_days_Malta_itinerary-71-585x390.jpg 585w, https:\/\/1001voyagesgourmands.com\/wp-content\/uploads\/2019\/10\/5_days_Malta_itinerary-71-263x175.jpg 263w, https:\/\/1001voyagesgourmands.com\/wp-content\/uploads\/2019\/10\/5_days_Malta_itinerary-71.jpg 1999w\" sizes=\"auto, (max-width: 1024px) 100vw, 1024px\" \/><\/p>\n<p><img loading=\"lazy\" decoding=\"async\" class=\"aligncenter wp-image-25931\" src=\"http:\/\/1001voyagesgourmands.com\/wp-content\/uploads\/2019\/10\/5_days_Malta_itinerary-72-683x1024.jpg\" alt=\"\" width=\"885\" height=\"1327\" srcset=\"https:\/\/1001voyagesgourmands.com\/wp-content\/uploads\/2019\/10\/5_days_Malta_itinerary-72-683x1024.jpg 683w, https:\/\/1001voyagesgourmands.com\/wp-content\/uploads\/2019\/10\/5_days_Malta_itinerary-72-200x300.jpg 200w, https:\/\/1001voyagesgourmands.com\/wp-content\/uploads\/2019\/10\/5_days_Malta_itinerary-72-768x1152.jpg 768w, https:\/\/1001voyagesgourmands.com\/wp-content\/uploads\/2019\/10\/5_days_Malta_itinerary-72-1170x1755.jpg 1170w, https:\/\/1001voyagesgourmands.com\/wp-content\/uploads\/2019\/10\/5_days_Malta_itinerary-72-1920x2880.jpg 1920w, https:\/\/1001voyagesgourmands.com\/wp-content\/uploads\/2019\/10\/5_days_Malta_itinerary-72-585x878.jpg 585w, https:\/\/1001voyagesgourmands.com\/wp-content\/uploads\/2019\/10\/5_days_Malta_itinerary-72.jpg 2000w\" sizes=\"auto, (max-width: 885px) 100vw, 885px\" \/><\/p>\n<p><img loading=\"lazy\" decoding=\"async\" class=\"aligncenter wp-image-25933\" src=\"http:\/\/1001voyagesgourmands.com\/wp-content\/uploads\/2019\/10\/5_days_Malta_itinerary-73-683x1024.jpg\" alt=\"Dne\u0161n\u00ed \u010dl\u00e1nek je o na\u0161em podzimn\u00edm v\u00fdletu na Maltu. Kde se ubytovat, jak se pohybovat po ostrovech, a co v\u0161e se d\u00e1 vid\u011bt za 5 dn\u00ed na Malt\u011b.\" width=\"1015\" height=\"1522\" srcset=\"https:\/\/1001voyagesgourmands.com\/wp-content\/uploads\/2019\/10\/5_days_Malta_itinerary-73-683x1024.jpg 683w, https:\/\/1001voyagesgourmands.com\/wp-content\/uploads\/2019\/10\/5_days_Malta_itinerary-73-200x300.jpg 200w, https:\/\/1001voyagesgourmands.com\/wp-content\/uploads\/2019\/10\/5_days_Malta_itinerary-73-768x1152.jpg 768w, https:\/\/1001voyagesgourmands.com\/wp-content\/uploads\/2019\/10\/5_days_Malta_itinerary-73-1170x1755.jpg 1170w, https:\/\/1001voyagesgourmands.com\/wp-content\/uploads\/2019\/10\/5_days_Malta_itinerary-73-1920x2880.jpg 1920w, https:\/\/1001voyagesgourmands.com\/wp-content\/uploads\/2019\/10\/5_days_Malta_itinerary-73-585x878.jpg 585w, https:\/\/1001voyagesgourmands.com\/wp-content\/uploads\/2019\/10\/5_days_Malta_itinerary-73.jpg 2000w\" sizes=\"auto, (max-width: 1015px) 100vw, 1015px\" \/><\/p>\n<p><img loading=\"lazy\" decoding=\"async\" class=\"aligncenter size-large wp-image-26430\" src=\"http:\/\/1001voyagesgourmands.com\/wp-content\/uploads\/2020\/02\/5_days_in_Malta-109-1024x683.jpg\" alt=\"\" width=\"1024\" height=\"683\" srcset=\"https:\/\/1001voyagesgourmands.com\/wp-content\/uploads\/2020\/02\/5_days_in_Malta-109-1024x683.jpg 1024w, https:\/\/1001voyagesgourmands.com\/wp-content\/uploads\/2020\/02\/5_days_in_Malta-109-300x200.jpg 300w, https:\/\/1001voyagesgourmands.com\/wp-content\/uploads\/2020\/02\/5_days_in_Malta-109-768x512.jpg 768w, https:\/\/1001voyagesgourmands.com\/wp-content\/uploads\/2020\/02\/5_days_in_Malta-109-1170x780.jpg 1170w, https:\/\/1001voyagesgourmands.com\/wp-content\/uploads\/2020\/02\/5_days_in_Malta-109-1920x1280.jpg 1920w, https:\/\/1001voyagesgourmands.com\/wp-content\/uploads\/2020\/02\/5_days_in_Malta-109-585x390.jpg 585w, https:\/\/1001voyagesgourmands.com\/wp-content\/uploads\/2020\/02\/5_days_in_Malta-109-263x175.jpg 263w, https:\/\/1001voyagesgourmands.com\/wp-content\/uploads\/2020\/02\/5_days_in_Malta-109.jpg 1999w\" sizes=\"auto, (max-width: 1024px) 100vw, 1024px\" \/><\/p>\n<p><img loading=\"lazy\" decoding=\"async\" class=\"aligncenter size-large wp-image-26428\" src=\"http:\/\/1001voyagesgourmands.com\/wp-content\/uploads\/2020\/02\/5_days_in_Malta-108-1024x682.jpg\" alt=\"\" width=\"1024\" height=\"682\" srcset=\"https:\/\/1001voyagesgourmands.com\/wp-content\/uploads\/2020\/02\/5_days_in_Malta-108-1024x682.jpg 1024w, https:\/\/1001voyagesgourmands.com\/wp-content\/uploads\/2020\/02\/5_days_in_Malta-108-300x200.jpg 300w, https:\/\/1001voyagesgourmands.com\/wp-content\/uploads\/2020\/02\/5_days_in_Malta-108-768x512.jpg 768w, https:\/\/1001voyagesgourmands.com\/wp-content\/uploads\/2020\/02\/5_days_in_Malta-108-1170x780.jpg 1170w, https:\/\/1001voyagesgourmands.com\/wp-content\/uploads\/2020\/02\/5_days_in_Malta-108-1920x1280.jpg 1920w, https:\/\/1001voyagesgourmands.com\/wp-content\/uploads\/2020\/02\/5_days_in_Malta-108-585x390.jpg 585w, https:\/\/1001voyagesgourmands.com\/wp-content\/uploads\/2020\/02\/5_days_in_Malta-108-263x175.jpg 263w, https:\/\/1001voyagesgourmands.com\/wp-content\/uploads\/2020\/02\/5_days_in_Malta-108.jpg 2000w\" sizes=\"auto, (max-width: 1024px) 100vw, 1024px\" \/><\/p>\n<p><img loading=\"lazy\" decoding=\"async\" class=\"aligncenter wp-image-25935\" src=\"http:\/\/1001voyagesgourmands.com\/wp-content\/uploads\/2019\/10\/5_days_Malta_itinerary-74-683x1024.jpg\" alt=\"Dne\u0161n\u00ed \u010dl\u00e1nek je o na\u0161em podzimn\u00edm v\u00fdletu na Maltu. Kde se ubytovat, jak se pohybovat po ostrovech, a co v\u0161e se d\u00e1 vid\u011bt za 5 dn\u00ed na Malt\u011b.\" width=\"1056\" height=\"1583\" srcset=\"https:\/\/1001voyagesgourmands.com\/wp-content\/uploads\/2019\/10\/5_days_Malta_itinerary-74-683x1024.jpg 683w, https:\/\/1001voyagesgourmands.com\/wp-content\/uploads\/2019\/10\/5_days_Malta_itinerary-74-200x300.jpg 200w, https:\/\/1001voyagesgourmands.com\/wp-content\/uploads\/2019\/10\/5_days_Malta_itinerary-74-768x1152.jpg 768w, https:\/\/1001voyagesgourmands.com\/wp-content\/uploads\/2019\/10\/5_days_Malta_itinerary-74-1170x1755.jpg 1170w, https:\/\/1001voyagesgourmands.com\/wp-content\/uploads\/2019\/10\/5_days_Malta_itinerary-74-1920x2880.jpg 1920w, https:\/\/1001voyagesgourmands.com\/wp-content\/uploads\/2019\/10\/5_days_Malta_itinerary-74-585x878.jpg 585w, https:\/\/1001voyagesgourmands.com\/wp-content\/uploads\/2019\/10\/5_days_Malta_itinerary-74.jpg 2000w\" sizes=\"auto, (max-width: 1056px) 100vw, 1056px\" \/><\/p>\n<p>&nbsp;<\/p>\n<p>Tak to bylo na\u0161ich 5 dn\u00ed na Malt\u011b. Douf\u00e1m, \u017ee se v\u00e1m \u010dl\u00e1nek l\u00edbil a odnesli jste si n\u011bjakou inspiraci. Byli jste na Malt\u011b a m\u00e1te dal\u0161\u00ed tipy? Nechte mi tu koment\u00e1\u0159 pod textem!&nbsp;<\/p>\n","protected":false},"excerpt":{"rendered":"<p>Koncem listopadu 2018 jsme se cht\u011bli je\u0161t\u011b n\u011bkam pod\u00edvat ne\u017e budeme 3 a po dlouh\u00e9m rozhodov\u00e1n\u00ed mezi Marokem a Maltou, kr\u00e1sn\u00e1 Malta vyhr\u00e1la. Bylo to u\u017e mimo hlavn\u00ed sezonu, tak\u017ee daleko men\u0161\u00ed davovka ne\u017e p\u0159es l\u00e9to a skv\u011bl\u00e1 doba na to projet a poznat ostrov. Taky nebylo takov\u00e9 vedro, p\u0159i\u010dem\u017e&hellip;<\/p>\n","protected":false},"author":1,"featured_media":25885,"comment_status":"open","ping_status":"open","sticky":false,"template":"","format":"standard","meta":{"_exactmetrics_skip_tracking":false,"_exactmetrics_sitenote_active":false,"_exactmetrics_sitenote_note":"","_exactmetrics_sitenote_category":0,"_lmt_disableupdate":"","_lmt_disable":"","footnotes":""},"categories":[4,592],"tags":[],"class_list":["post-24797","post","type-post","status-publish","format-standard","has-post-thumbnail","hentry","category-cestovani","category-malta"],"yoast_head":"<!-- This site is optimized with the Yoast SEO plugin v26.1.1 - https:\/\/yoast.com\/wordpress\/plugins\/seo\/ -->\n<title>5 dn\u00ed na Malt\u011b a n\u00e1\u0161 itiner\u00e1\u0159 - 1001 Voyages Gourmands<\/title>\n<meta name=\"description\" content=\"Dne\u0161n\u00ed \u010dl\u00e1nek je o na\u0161em podzimn\u00edm v\u00fdletu na Maltu. Kde se ubytovat, jak se pohybovat po ostrovech, a co v\u0161e se d\u00e1 vid\u011bt za 5 dn\u00ed na Malt\u011b.\" \/>\n<meta name=\"robots\" content=\"index, follow, max-snippet:-1, max-image-preview:large, max-video-preview:-1\" \/>\n<link rel=\"canonical\" href=\"https:\/\/1001voyagesgourmands.com\/cs\/5-dni-na-malte-a-nas-itinerar\/\" \/>\n<meta property=\"og:locale\" content=\"cs_CZ\" \/>\n<meta property=\"og:type\" content=\"article\" \/>\n<meta property=\"og:title\" content=\"5 dn\u00ed na Malt\u011b a n\u00e1\u0161 itiner\u00e1\u0159 - 1001 Voyages Gourmands\" \/>\n<meta property=\"og:description\" content=\"Dne\u0161n\u00ed \u010dl\u00e1nek je o na\u0161em podzimn\u00edm v\u00fdletu na Maltu. Kde se ubytovat, jak se pohybovat po ostrovech, a co v\u0161e se d\u00e1 vid\u011bt za 5 dn\u00ed na Malt\u011b.\" \/>\n<meta property=\"og:url\" content=\"https:\/\/1001voyagesgourmands.com\/cs\/5-dni-na-malte-a-nas-itinerar\/\" \/>\n<meta property=\"og:site_name\" content=\"1001 Voyages Gourmands\" \/>\n<meta property=\"article:publisher\" content=\"https:\/\/www.facebook.com\/1001voyagesgourmands\" \/>\n<meta property=\"article:published_time\" content=\"2020-03-04T07:56:21+00:00\" \/>\n<meta property=\"article:modified_time\" content=\"2020-03-05T15:06:13+00:00\" \/>\n<meta property=\"og:image\" content=\"https:\/\/1001voyagesgourmands.com\/wp-content\/uploads\/2019\/10\/5_days_Malta_itinerary-49.jpg\" \/>\n\t<meta property=\"og:image:width\" content=\"2000\" \/>\n\t<meta property=\"og:image:height\" content=\"3000\" \/>\n\t<meta property=\"og:image:type\" content=\"image\/jpeg\" \/>\n<meta name=\"author\" content=\"Michaela\" \/>\n<meta name=\"twitter:card\" content=\"summary_large_image\" \/>\n<meta name=\"twitter:creator\" content=\"@michaela_1001vg\" \/>\n<meta name=\"twitter:site\" content=\"@michaela_1001vg\" \/>\n<meta name=\"twitter:label1\" content=\"Napsal(a)\" \/>\n\t<meta name=\"twitter:data1\" content=\"Michaela\" \/>\n\t<meta name=\"twitter:label2\" content=\"Odhadovan\u00e1 doba \u010dten\u00ed\" \/>\n\t<meta name=\"twitter:data2\" content=\"8 minut\" \/>\n<script type=\"application\/ld+json\" class=\"yoast-schema-graph\">{\"@context\":\"https:\/\/schema.org\",\"@graph\":[{\"@type\":\"WebPage\",\"@id\":\"https:\/\/1001voyagesgourmands.com\/cs\/5-dni-na-malte-a-nas-itinerar\/\",\"url\":\"https:\/\/1001voyagesgourmands.com\/cs\/5-dni-na-malte-a-nas-itinerar\/\",\"name\":\"5 dn\u00ed na Malt\u011b a n\u00e1\u0161 itiner\u00e1\u0159 - 1001 Voyages Gourmands\",\"isPartOf\":{\"@id\":\"https:\/\/1001voyagesgourmands.com\/cs\/#website\"},\"primaryImageOfPage\":{\"@id\":\"https:\/\/1001voyagesgourmands.com\/cs\/5-dni-na-malte-a-nas-itinerar\/#primaryimage\"},\"image\":{\"@id\":\"https:\/\/1001voyagesgourmands.com\/cs\/5-dni-na-malte-a-nas-itinerar\/#primaryimage\"},\"thumbnailUrl\":\"https:\/\/1001voyagesgourmands.com\/wp-content\/uploads\/2019\/10\/5_days_Malta_itinerary-49.jpg\",\"datePublished\":\"2020-03-04T07:56:21+00:00\",\"dateModified\":\"2020-03-05T15:06:13+00:00\",\"author\":{\"@id\":\"https:\/\/1001voyagesgourmands.com\/cs\/#\/schema\/person\/62e0e7238fcf7482b23bf83e1b72ff1b\"},\"description\":\"Dne\u0161n\u00ed \u010dl\u00e1nek je o na\u0161em podzimn\u00edm v\u00fdletu na Maltu. Kde se ubytovat, jak se pohybovat po ostrovech, a co v\u0161e se d\u00e1 vid\u011bt za 5 dn\u00ed na Malt\u011b.\",\"breadcrumb\":{\"@id\":\"https:\/\/1001voyagesgourmands.com\/cs\/5-dni-na-malte-a-nas-itinerar\/#breadcrumb\"},\"inLanguage\":\"cs\",\"potentialAction\":[{\"@type\":\"ReadAction\",\"target\":[\"https:\/\/1001voyagesgourmands.com\/cs\/5-dni-na-malte-a-nas-itinerar\/\"]}]},{\"@type\":\"ImageObject\",\"inLanguage\":\"cs\",\"@id\":\"https:\/\/1001voyagesgourmands.com\/cs\/5-dni-na-malte-a-nas-itinerar\/#primaryimage\",\"url\":\"https:\/\/1001voyagesgourmands.com\/wp-content\/uploads\/2019\/10\/5_days_Malta_itinerary-49.jpg\",\"contentUrl\":\"https:\/\/1001voyagesgourmands.com\/wp-content\/uploads\/2019\/10\/5_days_Malta_itinerary-49.jpg\",\"width\":2000,\"height\":3000},{\"@type\":\"BreadcrumbList\",\"@id\":\"https:\/\/1001voyagesgourmands.com\/cs\/5-dni-na-malte-a-nas-itinerar\/#breadcrumb\",\"itemListElement\":[{\"@type\":\"ListItem\",\"position\":1,\"name\":\"Dom\u016f\",\"item\":\"https:\/\/1001voyagesgourmands.com\/cs\/\"},{\"@type\":\"ListItem\",\"position\":2,\"name\":\"5 dn\u00ed na Malt\u011b a n\u00e1\u0161 itiner\u00e1\u0159\"}]},{\"@type\":\"WebSite\",\"@id\":\"https:\/\/1001voyagesgourmands.com\/cs\/#website\",\"url\":\"https:\/\/1001voyagesgourmands.com\/cs\/\",\"name\":\"1001 Voyages Gourmands\",\"description\":\"Food | Travel | Photography\",\"potentialAction\":[{\"@type\":\"SearchAction\",\"target\":{\"@type\":\"EntryPoint\",\"urlTemplate\":\"https:\/\/1001voyagesgourmands.com\/cs\/?s={search_term_string}\"},\"query-input\":{\"@type\":\"PropertyValueSpecification\",\"valueRequired\":true,\"valueName\":\"search_term_string\"}}],\"inLanguage\":\"cs\"},{\"@type\":\"Person\",\"@id\":\"https:\/\/1001voyagesgourmands.com\/cs\/#\/schema\/person\/62e0e7238fcf7482b23bf83e1b72ff1b\",\"name\":\"Michaela\",\"image\":{\"@type\":\"ImageObject\",\"inLanguage\":\"cs\",\"@id\":\"https:\/\/1001voyagesgourmands.com\/cs\/#\/schema\/person\/image\/\",\"url\":\"https:\/\/secure.gravatar.com\/avatar\/73fa562a5b0ce269ca480f67de504b8ecac054a121d170e226f1b79e02024cb8?s=96&d=mm&r=g\",\"contentUrl\":\"https:\/\/secure.gravatar.com\/avatar\/73fa562a5b0ce269ca480f67de504b8ecac054a121d170e226f1b79e02024cb8?s=96&d=mm&r=g\",\"caption\":\"Michaela\"},\"sameAs\":[\"http:\/\/1001voyagesgourmands.com\"]}]}<\/script>\n<!-- \/ Yoast SEO plugin. -->","yoast_head_json":{"title":"5 dn\u00ed na Malt\u011b a n\u00e1\u0161 itiner\u00e1\u0159 - 1001 Voyages Gourmands","description":"Dne\u0161n\u00ed \u010dl\u00e1nek je o na\u0161em podzimn\u00edm v\u00fdletu na Maltu. Kde se ubytovat, jak se pohybovat po ostrovech, a co v\u0161e se d\u00e1 vid\u011bt za 5 dn\u00ed na Malt\u011b.","robots":{"index":"index","follow":"follow","max-snippet":"max-snippet:-1","max-image-preview":"max-image-preview:large","max-video-preview":"max-video-preview:-1"},"canonical":"https:\/\/1001voyagesgourmands.com\/cs\/5-dni-na-malte-a-nas-itinerar\/","og_locale":"cs_CZ","og_type":"article","og_title":"5 dn\u00ed na Malt\u011b a n\u00e1\u0161 itiner\u00e1\u0159 - 1001 Voyages Gourmands","og_description":"Dne\u0161n\u00ed \u010dl\u00e1nek je o na\u0161em podzimn\u00edm v\u00fdletu na Maltu. Kde se ubytovat, jak se pohybovat po ostrovech, a co v\u0161e se d\u00e1 vid\u011bt za 5 dn\u00ed na Malt\u011b.","og_url":"https:\/\/1001voyagesgourmands.com\/cs\/5-dni-na-malte-a-nas-itinerar\/","og_site_name":"1001 Voyages Gourmands","article_publisher":"https:\/\/www.facebook.com\/1001voyagesgourmands","article_published_time":"2020-03-04T07:56:21+00:00","article_modified_time":"2020-03-05T15:06:13+00:00","og_image":[{"width":2000,"height":3000,"url":"https:\/\/1001voyagesgourmands.com\/wp-content\/uploads\/2019\/10\/5_days_Malta_itinerary-49.jpg","type":"image\/jpeg"}],"author":"Michaela","twitter_card":"summary_large_image","twitter_creator":"@michaela_1001vg","twitter_site":"@michaela_1001vg","twitter_misc":{"Napsal(a)":"Michaela","Odhadovan\u00e1 doba \u010dten\u00ed":"8 minut"},"schema":{"@context":"https:\/\/schema.org","@graph":[{"@type":"WebPage","@id":"https:\/\/1001voyagesgourmands.com\/cs\/5-dni-na-malte-a-nas-itinerar\/","url":"https:\/\/1001voyagesgourmands.com\/cs\/5-dni-na-malte-a-nas-itinerar\/","name":"5 dn\u00ed na Malt\u011b a n\u00e1\u0161 itiner\u00e1\u0159 - 1001 Voyages Gourmands","isPartOf":{"@id":"https:\/\/1001voyagesgourmands.com\/cs\/#website"},"primaryImageOfPage":{"@id":"https:\/\/1001voyagesgourmands.com\/cs\/5-dni-na-malte-a-nas-itinerar\/#primaryimage"},"image":{"@id":"https:\/\/1001voyagesgourmands.com\/cs\/5-dni-na-malte-a-nas-itinerar\/#primaryimage"},"thumbnailUrl":"https:\/\/1001voyagesgourmands.com\/wp-content\/uploads\/2019\/10\/5_days_Malta_itinerary-49.jpg","datePublished":"2020-03-04T07:56:21+00:00","dateModified":"2020-03-05T15:06:13+00:00","author":{"@id":"https:\/\/1001voyagesgourmands.com\/cs\/#\/schema\/person\/62e0e7238fcf7482b23bf83e1b72ff1b"},"description":"Dne\u0161n\u00ed \u010dl\u00e1nek je o na\u0161em podzimn\u00edm v\u00fdletu na Maltu. Kde se ubytovat, jak se pohybovat po ostrovech, a co v\u0161e se d\u00e1 vid\u011bt za 5 dn\u00ed na Malt\u011b.","breadcrumb":{"@id":"https:\/\/1001voyagesgourmands.com\/cs\/5-dni-na-malte-a-nas-itinerar\/#breadcrumb"},"inLanguage":"cs","potentialAction":[{"@type":"ReadAction","target":["https:\/\/1001voyagesgourmands.com\/cs\/5-dni-na-malte-a-nas-itinerar\/"]}]},{"@type":"ImageObject","inLanguage":"cs","@id":"https:\/\/1001voyagesgourmands.com\/cs\/5-dni-na-malte-a-nas-itinerar\/#primaryimage","url":"https:\/\/1001voyagesgourmands.com\/wp-content\/uploads\/2019\/10\/5_days_Malta_itinerary-49.jpg","contentUrl":"https:\/\/1001voyagesgourmands.com\/wp-content\/uploads\/2019\/10\/5_days_Malta_itinerary-49.jpg","width":2000,"height":3000},{"@type":"BreadcrumbList","@id":"https:\/\/1001voyagesgourmands.com\/cs\/5-dni-na-malte-a-nas-itinerar\/#breadcrumb","itemListElement":[{"@type":"ListItem","position":1,"name":"Dom\u016f","item":"https:\/\/1001voyagesgourmands.com\/cs\/"},{"@type":"ListItem","position":2,"name":"5 dn\u00ed na Malt\u011b a n\u00e1\u0161 itiner\u00e1\u0159"}]},{"@type":"WebSite","@id":"https:\/\/1001voyagesgourmands.com\/cs\/#website","url":"https:\/\/1001voyagesgourmands.com\/cs\/","name":"1001 Voyages Gourmands","description":"Food | Travel | Photography","potentialAction":[{"@type":"SearchAction","target":{"@type":"EntryPoint","urlTemplate":"https:\/\/1001voyagesgourmands.com\/cs\/?s={search_term_string}"},"query-input":{"@type":"PropertyValueSpecification","valueRequired":true,"valueName":"search_term_string"}}],"inLanguage":"cs"},{"@type":"Person","@id":"https:\/\/1001voyagesgourmands.com\/cs\/#\/schema\/person\/62e0e7238fcf7482b23bf83e1b72ff1b","name":"Michaela","image":{"@type":"ImageObject","inLanguage":"cs","@id":"https:\/\/1001voyagesgourmands.com\/cs\/#\/schema\/person\/image\/","url":"https:\/\/secure.gravatar.com\/avatar\/73fa562a5b0ce269ca480f67de504b8ecac054a121d170e226f1b79e02024cb8?s=96&d=mm&r=g","contentUrl":"https:\/\/secure.gravatar.com\/avatar\/73fa562a5b0ce269ca480f67de504b8ecac054a121d170e226f1b79e02024cb8?s=96&d=mm&r=g","caption":"Michaela"},"sameAs":["http:\/\/1001voyagesgourmands.com"]}]}},"_links":{"self":[{"href":"https:\/\/1001voyagesgourmands.com\/cs\/wp-json\/wp\/v2\/posts\/24797","targetHints":{"allow":["GET"]}}],"collection":[{"href":"https:\/\/1001voyagesgourmands.com\/cs\/wp-json\/wp\/v2\/posts"}],"about":[{"href":"https:\/\/1001voyagesgourmands.com\/cs\/wp-json\/wp\/v2\/types\/post"}],"author":[{"embeddable":true,"href":"https:\/\/1001voyagesgourmands.com\/cs\/wp-json\/wp\/v2\/users\/1"}],"replies":[{"embeddable":true,"href":"https:\/\/1001voyagesgourmands.com\/cs\/wp-json\/wp\/v2\/comments?post=24797"}],"version-history":[{"count":5,"href":"https:\/\/1001voyagesgourmands.com\/cs\/wp-json\/wp\/v2\/posts\/24797\/revisions"}],"predecessor-version":[{"id":26432,"href":"https:\/\/1001voyagesgourmands.com\/cs\/wp-json\/wp\/v2\/posts\/24797\/revisions\/26432"}],"wp:featuredmedia":[{"embeddable":true,"href":"https:\/\/1001voyagesgourmands.com\/cs\/wp-json\/wp\/v2\/media\/25885"}],"wp:attachment":[{"href":"https:\/\/1001voyagesgourmands.com\/cs\/wp-json\/wp\/v2\/media?parent=24797"}],"wp:term":[{"taxonomy":"category","embeddable":true,"href":"https:\/\/1001voyagesgourmands.com\/cs\/wp-json\/wp\/v2\/categories?post=24797"},{"taxonomy":"post_tag","embeddable":true,"href":"https:\/\/1001voyagesgourmands.com\/cs\/wp-json\/wp\/v2\/tags?post=24797"}],"curies":[{"name":"wp","href":"https:\/\/api.w.org\/{rel}","templated":true}]}}