{"id":22342,"date":"2018-11-28T23:50:28","date_gmt":"2018-11-28T22:50:28","guid":{"rendered":"http:\/\/1001voyagesgourmands.com\/?p=22342"},"modified":"2018-11-30T08:46:31","modified_gmt":"2018-11-30T07:46:31","slug":"cervene-dynove-kari-s-kvetakem-a-spenatem","status":"publish","type":"post","link":"https:\/\/1001voyagesgourmands.com\/cs\/cervene-dynove-kari-s-kvetakem-a-spenatem\/","title":{"rendered":"\u010cerven\u00e9 d\u00fd\u0148ov\u00e9 kari s kv\u011bt\u00e1kem a \u0161pen\u00e1tem"},"content":{"rendered":"<p style=\"text-align: justify;\">Na podzim a v zim\u011b m\u00e1m nejrad\u011bji takov\u00e1 j\u00eddla, kter\u00e1 zah\u0159ej\u00ed. Krom\u011b pol\u00e9vek je to t\u0159eba exotick\u00e9 kari, kter\u00e9 m\u011b dost\u00e1v\u00e1 svou kr\u00e9movou konzistenc\u00ed, barvou a ko\u0159en\u011bnou chut\u00ed. Bav\u00ed m\u011b, \u017ee tohle j\u00eddlo m\u016f\u017eu d\u011blat na tis\u00edc zp\u016fsob\u016f, ale zat\u00edm n\u00e1s je\u0161t\u011b neomrzelo! A jeliko\u017e se tohle \u010derven\u00e9 d\u00fd\u0148ov\u00e9 kari s kv\u011bt\u00e1kem a \u0161pen\u00e1tem te\u010f nov\u011b \u0159ad\u00ed mezi na\u0161e obl\u00edben\u00e9 (podzimn\u00ed) pokrmy, tak jsem si dovolila s v\u00e1mi sd\u00edlet recept a douf\u00e1m, \u017ee v\u00e1m bude chutnat tak jako n\u00e1m!<\/p>\n<p><img loading=\"lazy\" decoding=\"async\" class=\"aligncenter wp-image-22350\" src=\"http:\/\/1001voyagesgourmands.com\/wp-content\/uploads\/2018\/11\/Cervene_dynove_kari_s_kvetakem_a_spenatem-5-683x1024.jpg\" alt=\"\u010cerven\u00e9 d\u00fd\u0148ov\u00e9 kari s kv\u011bt\u00e1kem a \u0161pen\u00e1tem se te\u010f nov\u011b \u0159ad\u00ed mezi na\u0161e obl\u00edben\u00e9 (podzimn\u00ed) pokrmy. Tady je recept a douf\u00e1m, \u017ee v\u00e1m bude chutnat tak jako n\u00e1m!\" width=\"792\" height=\"1187\" srcset=\"https:\/\/1001voyagesgourmands.com\/wp-content\/uploads\/2018\/11\/Cervene_dynove_kari_s_kvetakem_a_spenatem-5-683x1024.jpg 683w, https:\/\/1001voyagesgourmands.com\/wp-content\/uploads\/2018\/11\/Cervene_dynove_kari_s_kvetakem_a_spenatem-5-200x300.jpg 200w, https:\/\/1001voyagesgourmands.com\/wp-content\/uploads\/2018\/11\/Cervene_dynove_kari_s_kvetakem_a_spenatem-5-768x1152.jpg 768w, https:\/\/1001voyagesgourmands.com\/wp-content\/uploads\/2018\/11\/Cervene_dynove_kari_s_kvetakem_a_spenatem-5-1170x1755.jpg 1170w, https:\/\/1001voyagesgourmands.com\/wp-content\/uploads\/2018\/11\/Cervene_dynove_kari_s_kvetakem_a_spenatem-5-585x878.jpg 585w, https:\/\/1001voyagesgourmands.com\/wp-content\/uploads\/2018\/11\/Cervene_dynove_kari_s_kvetakem_a_spenatem-5.jpg 1200w\" sizes=\"auto, (max-width: 792px) 100vw, 792px\" \/><\/p>\n<p style=\"text-align: justify;\">J\u00e1 jsem si te\u010f b\u011bhem \u00faprav fotek zavzpom\u00ednala na ty klidn\u00e9 podzimn\u00ed dny, kdy jsme si tohle j\u00eddlo doma nejednou p\u0159ipravovali (proto\u017ee ho zkr\u00e1tka milujeme!), a popravd\u011b jsem na n\u011bj op\u011bt dostala chu\u0165! Velk\u00e1 \u010d\u00e1st listopadov\u00fdch dn\u00ed byla toti\u017e ve znamen\u00ed rychl\u00fdch ve\u010de\u0159\u00ed, kdy jsme sp\u00ed\u0161e tr\u00e1vili \u010das ve\u010dern\u00edm studiem jazyk\u016f a p\u0159\u00edpravou dovolen\u00e9\u2026<\/p>\n<p><img loading=\"lazy\" decoding=\"async\" class=\"aligncenter wp-image-22354\" src=\"http:\/\/1001voyagesgourmands.com\/wp-content\/uploads\/2018\/11\/Cervene_dynove_kari_s_kvetakem_a_spenatem-7-683x1024.jpg\" alt=\"\u010cerven\u00e9 d\u00fd\u0148ov\u00e9 kari s kv\u011bt\u00e1kem a \u0161pen\u00e1tem se te\u010f nov\u011b \u0159ad\u00ed mezi na\u0161e obl\u00edben\u00e9 (podzimn\u00ed) pokrmy. Tady je recept a douf\u00e1m, \u017ee v\u00e1m bude chutnat tak jako n\u00e1m!\" width=\"797\" height=\"1195\" srcset=\"https:\/\/1001voyagesgourmands.com\/wp-content\/uploads\/2018\/11\/Cervene_dynove_kari_s_kvetakem_a_spenatem-7-683x1024.jpg 683w, https:\/\/1001voyagesgourmands.com\/wp-content\/uploads\/2018\/11\/Cervene_dynove_kari_s_kvetakem_a_spenatem-7-200x300.jpg 200w, https:\/\/1001voyagesgourmands.com\/wp-content\/uploads\/2018\/11\/Cervene_dynove_kari_s_kvetakem_a_spenatem-7-768x1152.jpg 768w, https:\/\/1001voyagesgourmands.com\/wp-content\/uploads\/2018\/11\/Cervene_dynove_kari_s_kvetakem_a_spenatem-7-1170x1755.jpg 1170w, https:\/\/1001voyagesgourmands.com\/wp-content\/uploads\/2018\/11\/Cervene_dynove_kari_s_kvetakem_a_spenatem-7-585x878.jpg 585w, https:\/\/1001voyagesgourmands.com\/wp-content\/uploads\/2018\/11\/Cervene_dynove_kari_s_kvetakem_a_spenatem-7.jpg 1200w\" sizes=\"auto, (max-width: 797px) 100vw, 797px\" \/><\/p>\n<p style=\"text-align: justify;\">Listopad n\u00e1m p\u0159iv\u00e1l mraziv\u00fd v\u00edtr a studen\u00e9 dny, tak to cht\u011blo je\u0161t\u011b n\u011bjak\u00fd \u00fanik a u\u017e\u00edt si posledn\u00ed dovolenou p\u0159ed V\u00e1noci, jeliko\u017e pak se zase dlouho nikam nechyst\u00e1me. Sice jsme v\u00e1hali, zda se je\u0161t\u011b letos n\u011bkam vydat, a pokud, tak kam. A kdy\u017e jsme na\u0161li v\u00fdhodn\u00e9 letenky na Maltu, kam se cht\u011bl Steven pod\u00edvat u\u017e del\u0161\u00ed dobu, tak nebylo co \u0159e\u0161it. A bylo to fantastick\u00e9, moc jsme si to u\u017eili! Malta je n\u00e1dhern\u00e1! V\u010dera jsme se vr\u00e1tili a u\u017e se nem\u016f\u017eu do\u010dkat, a\u017e v\u00e1m o n\u00ed pov\u00edm v\u00edce.<\/p>\n<p><img loading=\"lazy\" decoding=\"async\" class=\"aligncenter wp-image-22346\" src=\"http:\/\/1001voyagesgourmands.com\/wp-content\/uploads\/2018\/11\/Cervene_dynove_kari_s_kvetakem_a_spenatem-3-683x1024.jpg\" alt=\"\u010cerven\u00e9 d\u00fd\u0148ov\u00e9 kari s kv\u011bt\u00e1kem a \u0161pen\u00e1tem se te\u010f nov\u011b \u0159ad\u00ed mezi na\u0161e obl\u00edben\u00e9 (podzimn\u00ed) pokrmy. Tady je recept a douf\u00e1m, \u017ee v\u00e1m bude chutnat tak jako n\u00e1m!\" width=\"806\" height=\"1208\" srcset=\"https:\/\/1001voyagesgourmands.com\/wp-content\/uploads\/2018\/11\/Cervene_dynove_kari_s_kvetakem_a_spenatem-3-683x1024.jpg 683w, https:\/\/1001voyagesgourmands.com\/wp-content\/uploads\/2018\/11\/Cervene_dynove_kari_s_kvetakem_a_spenatem-3-200x300.jpg 200w, https:\/\/1001voyagesgourmands.com\/wp-content\/uploads\/2018\/11\/Cervene_dynove_kari_s_kvetakem_a_spenatem-3-768x1152.jpg 768w, https:\/\/1001voyagesgourmands.com\/wp-content\/uploads\/2018\/11\/Cervene_dynove_kari_s_kvetakem_a_spenatem-3-1170x1755.jpg 1170w, https:\/\/1001voyagesgourmands.com\/wp-content\/uploads\/2018\/11\/Cervene_dynove_kari_s_kvetakem_a_spenatem-3-585x878.jpg 585w, https:\/\/1001voyagesgourmands.com\/wp-content\/uploads\/2018\/11\/Cervene_dynove_kari_s_kvetakem_a_spenatem-3.jpg 1200w\" sizes=\"auto, (max-width: 806px) 100vw, 806px\" \/><\/p>\n<p style=\"text-align: justify;\">Pokud v\u0161ak zrovna nem\u00e1te mo\u017enost se zah\u0159\u00e1t odletem jinam, pak v\u00e1m tohle h\u0159ejiv\u00e9 \u010derven\u00e9 d\u00fd\u0148ov\u00e9 kari s kv\u011bt\u00e1kem a \u0161pen\u00e1tem jist\u011b p\u0159ijde vhod! A jestli recept vyzkou\u0161\u00edte, dejte mi v\u011bd\u011bt, jak v\u00e1m chutnalo, r\u00e1da od v\u00e1s usly\u0161\u00edm!<\/p>\n<p><span class=\"penci-recipe-shortcode\">    <div id=\"penci-recipe-card\"><\/div>\r\n    <div class=\"wrapper-penci-recipe\">\r\n        <div class=\"penci-recipe penci-recipe-novertitle precipe-style-1\">\r\n            <div class=\"penci-recipe-heading\">\r\n\r\n\t\t\t\t\t\t\t\t\t                    <div class=\"penci-recipe-thumb\">\r\n\t\t\t\t\t\t                        <img decoding=\"async\" src=\"https:\/\/1001voyagesgourmands.com\/wp-content\/uploads\/2018\/11\/Cervene_dynove_kari_s_kvetakem_a_spenatem-7-585x585.jpg\"\r\n                             alt=\"\u010cerven\u00e9 d\u00fd\u0148ov\u00e9 kari s kv\u011bt\u00e1kem a \u0161pen\u00e1tem se te\u010f nov\u011b \u0159ad\u00ed mezi na\u0161e obl\u00edben\u00e9 (podzimn\u00ed) pokrmy. Tady je recept a douf\u00e1m, \u017ee v\u00e1m bude chutnat tak jako n\u00e1m!\" title=\"Cervene_dynove_kari_s_kvetakem_a_spenatem-7\" \/>\r\n\t\t\t\t\t\t\t\t\t\t\t\t\t\t\t\t\t\t\t\t\t\t\t\t                    <\/div>\r\n\t\t\t\t\r\n                <div class=\"penci-recipe-metades\">\r\n\t\t\t\t\t                        <h2 class=\"recipe-title-nooverlay\">\u010cerven\u00e9 d\u00fd\u0148ov\u00e9 kari s kv\u011bt\u00e1kem a \u0161pen\u00e1tem<\/h2>\r\n\t\t\t\t\t\r\n\t\t\t\t\t                        <a href=\"#\" class=\"penci-recipe-print-btn penci-recipe-print\"\r\n                           data-print=\"https:\/\/1001voyagesgourmands.com\/wp-content\/plugins\/penci-recipe\/inc\/print.css?ver=4.0\"><i class=\"penci-faicon fa fa-print\" ><\/i>Print<\/a>\r\n\t\t\t\t\t\r\n\t\t\t\t\t\r\n\t\t\t\t\t                        <div class=\"penci-recipe-meta\">\r\n\t\t\t\t\t\t\t<span>\r\n                                <i class=\"penci-ficon ficon-hot-food\"><\/i> <span\r\n                                        class=\"remeta-item\">Serves:<\/span> <span class=\"servings\">4<\/span>\r\n                                <\/span>\r\n\t\t\t\t\t\t\t\t\t\t\t\t\t\t\t\t\t\t\t\t\t\t\t\t\t\t\t\t                        <\/div>\r\n\t\t\t\t\t\r\n\t\t\t\t\t                        <div class=\"penci-recipe-rating penci-nutrition\">\r\n                            <i class=\"penci-ficon ficon-fire\"><\/i><span\r\n                                    class=\"nutrition-lable\">Nutrition facts:<\/span>\r\n                            <span class=\"nutrition-item\">200 calories<\/span>\r\n                            <span class=\"nutrition-item\">20 grams fat<\/span>\r\n                        <\/div>\r\n\t\t\t\t\t\r\n\t\t\t\t\t                        <div class=\"penci-recipe-rating penci-recipe-review\" data-recipe-id=\"22342\">\r\n\t\t\t\t\t\t\t<span class=\"penci-rate-text\">\r\n\t\t\t\t\t\t\t\tRating: \t\t\t\t\t\t\t\t<span class=\"penci-rate-number\">4.0<\/span>\/5\r\n\t\t\t\t\t\t\t<\/span>\r\n                            <div class=\"penci_rateyo\" id=\"penci_rateyo\" data-allow=\"1\"\r\n                                 data-rate=\"4.0\"\r\n                                 data-postid=\"22342\"\r\n                                 data-people=\"2\"\r\n                                 data-total=\"8\"><\/div>\r\n                            <span class=\"penci-numbers-rate\">( <span\r\n                                        class=\"penci-number-people\">2<\/span> voted )<\/span>\r\n                        <\/div>\r\n\t\t\t\t\t                <\/div>\r\n            <\/div>\r\n\r\n\t\t\t\r\n\t\t\t                <div class=\"penci-recipe-ingredients penci-recipe-ingre-visual\">\r\n                    <h3 class=\"penci-recipe-title\">Ingredients<\/h3>\r\n\t\t\t\t\t\t\t\t\t\t\t<p>1 l\u017e\u00edce kokosov\u00e9ho oleje<br \/>\n1 \u017elut\u00e1 cibule<br \/>\n1 l\u017e\u00edce \u010derstv\u011b nastrouhan\u00e9ho z\u00e1zvoru<br \/>\n1\/2 m\u00e1slov\u00e9 d\u00fdn\u011b (asi 350 g)<br \/>\n1\/2 kv\u011bt\u00e1ku ( asi 320 g)<br \/>\n4 hrnky \u0161pen\u00e1tov\u00fdch list\u016f<br \/>\n2 l\u017e\u00edce \u010derven\u00e9 kari pasty<br \/>\n1\/2 l\u017ei\u010dky kurkumy<br \/>\n1 plechovka kokosov\u00e9ho ml\u00e9ka (400 ml)<br \/>\n1 l\u017ei\u010dka t\u0159tinov\u00e9ho cukru<br \/>\n180 ml zeleninov\u00e9ho v\u00fdvaru<br \/>\n250 g r\u00fd\u017ee basmati<br \/>\nhrst ke\u0161u o\u0159\u00ed\u0161k\u016f<br \/>\n2 l\u017e\u00edce \u010derstv\u011b nasekan\u00e9ho koriandru<\/p>\n\t\t\t\t\t                <\/div>\r\n\t\t\t\r\n\t\t\t                <div class=\"penci-recipe-method\">\r\n                    <h3 class=\"penci-recipe-title\">Instructions<\/h3>\r\n\t\t\t\t\t<p>D\u00fdni omyjeme a zbav\u00edme slupky, vydlabeme a nakr\u00e1j\u00edme na men\u0161\u00ed kostky. Kv\u011bt\u00e1k takt\u00e9\u017e omyjeme a rozd\u011bl\u00edme na men\u0161\u00ed r\u016f\u017ei\u010dky. \u0160pen\u00e1tov\u00e9 listy omyjeme. Cibuli nasek\u00e1me nadrobno.<\/p>\n<p>V hlubok\u00e9 p\u00e1nvi nebo hrnci na kokosov\u00e9m oleji osmahneme cibulku po dobu asi 6-8 minut do zesklovat\u011bn\u00ed. P\u0159id\u00e1me na kostky nasekanou m\u00e1slovou d\u00fdni a z\u00e1zvor a zhruba 5 minut op\u00e9k\u00e1me.<\/p>\n<p>P\u0159id\u00e1me kv\u011bt\u00e1k, kari pastu a kurkumu, v\u0161e dob\u0159e prom\u00edch\u00e1me a op\u00e9k\u00e1me asi 2-3 minuty ne\u017e se rozvine aroma. Zalijeme kokosov\u00fdm ml\u00e9kem, v\u00fdvarem a dochut\u00edme cukrem. P\u0159ivedeme k varu, sn\u00ed\u017e\u00edme teplotu, p\u0159ikryjeme a pova\u0159\u00edme po dobu 15-20 minut do m\u011bkka. Po dokon\u010den\u00ed do kari zam\u00edch\u00e1me \u0161pen\u00e1tov\u00e9 listy.<\/p>\n<p>Mezit\u00edm si p\u0159iprav\u00edme r\u00fd\u017ei basmati dle n\u00e1vodu na obalu.<\/p>\n<p>Serv\u00edrujeme posypan\u00e9 ke\u0161u o\u0159\u00ed\u0161ky a nasekan\u00fdm koriandrem.<\/p>\n                <\/div>\r\n\t\t\t\r\n\t\t\t        <\/div>\r\n    <\/div>\r\n\t\r\n\t<\/span><\/p>\n<p><img loading=\"lazy\" decoding=\"async\" class=\"aligncenter wp-image-22352\" src=\"http:\/\/1001voyagesgourmands.com\/wp-content\/uploads\/2018\/11\/Cervene_dynove_kari_s_kvetakem_a_spenatem-6-683x1024.jpg\" alt=\"\u010cerven\u00e9 d\u00fd\u0148ov\u00e9 kari s kv\u011bt\u00e1kem a \u0161pen\u00e1tem se te\u010f nov\u011b \u0159ad\u00ed mezi na\u0161e obl\u00edben\u00e9 (podzimn\u00ed) pokrmy. Tady je recept a douf\u00e1m, \u017ee v\u00e1m bude chutnat tak jako n\u00e1m!\" width=\"861\" height=\"1291\" srcset=\"https:\/\/1001voyagesgourmands.com\/wp-content\/uploads\/2018\/11\/Cervene_dynove_kari_s_kvetakem_a_spenatem-6-683x1024.jpg 683w, https:\/\/1001voyagesgourmands.com\/wp-content\/uploads\/2018\/11\/Cervene_dynove_kari_s_kvetakem_a_spenatem-6-200x300.jpg 200w, https:\/\/1001voyagesgourmands.com\/wp-content\/uploads\/2018\/11\/Cervene_dynove_kari_s_kvetakem_a_spenatem-6-768x1152.jpg 768w, https:\/\/1001voyagesgourmands.com\/wp-content\/uploads\/2018\/11\/Cervene_dynove_kari_s_kvetakem_a_spenatem-6-1170x1755.jpg 1170w, https:\/\/1001voyagesgourmands.com\/wp-content\/uploads\/2018\/11\/Cervene_dynove_kari_s_kvetakem_a_spenatem-6-585x878.jpg 585w, https:\/\/1001voyagesgourmands.com\/wp-content\/uploads\/2018\/11\/Cervene_dynove_kari_s_kvetakem_a_spenatem-6.jpg 1200w\" sizes=\"auto, (max-width: 861px) 100vw, 861px\" \/><\/p>\n","protected":false},"excerpt":{"rendered":"<p>Na podzim a v zim\u011b m\u00e1m nejrad\u011bji takov\u00e1 j\u00eddla, kter\u00e1 zah\u0159ej\u00ed. Krom\u011b pol\u00e9vek je to t\u0159eba exotick\u00e9 kari, kter\u00e9 m\u011b dost\u00e1v\u00e1 svou kr\u00e9movou konzistenc\u00ed, barvou a ko\u0159en\u011bnou chut\u00ed. Bav\u00ed m\u011b, \u017ee tohle j\u00eddlo m\u016f\u017eu d\u011blat na tis\u00edc zp\u016fsob\u016f, ale zat\u00edm n\u00e1s je\u0161t\u011b neomrzelo! A jeliko\u017e se tohle \u010derven\u00e9 d\u00fd\u0148ov\u00e9 kari&hellip;<\/p>\n","protected":false},"author":1,"featured_media":22354,"comment_status":"open","ping_status":"open","sticky":false,"template":"","format":"standard","meta":{"_exactmetrics_skip_tracking":false,"_exactmetrics_sitenote_active":false,"_exactmetrics_sitenote_note":"","_exactmetrics_sitenote_category":0,"_lmt_disableupdate":"","_lmt_disable":"","footnotes":""},"categories":[8,12],"tags":[33,200],"class_list":["post-22342","post","type-post","status-publish","format-standard","has-post-thumbnail","hentry","category-hlavni-jidla","category-recepty","tag-dyne","tag-kari"],"yoast_head":"<!-- This site is optimized with the Yoast SEO plugin v26.1.1 - https:\/\/yoast.com\/wordpress\/plugins\/seo\/ -->\n<title>\u010cerven\u00e9 d\u00fd\u0148ov\u00e9 kari s kv\u011bt\u00e1kem a \u0161pen\u00e1tem - 1001 Voyages Gourmands<\/title>\n<meta name=\"description\" content=\"\u010cerven\u00e9 d\u00fd\u0148ov\u00e9 kari s kv\u011bt\u00e1kem a \u0161pen\u00e1tem se te\u010f nov\u011b \u0159ad\u00ed mezi na\u0161e obl\u00edben\u00e9 (podzimn\u00ed) pokrmy. Tady je recept a douf\u00e1m, \u017ee v\u00e1m bude chutnat tak jako n\u00e1m!\" \/>\n<meta name=\"robots\" content=\"index, follow, max-snippet:-1, max-image-preview:large, max-video-preview:-1\" \/>\n<link rel=\"canonical\" href=\"https:\/\/1001voyagesgourmands.com\/cs\/cervene-dynove-kari-s-kvetakem-a-spenatem\/\" \/>\n<meta property=\"og:locale\" content=\"cs_CZ\" \/>\n<meta property=\"og:type\" content=\"article\" \/>\n<meta property=\"og:title\" content=\"\u010cerven\u00e9 d\u00fd\u0148ov\u00e9 kari s kv\u011bt\u00e1kem a \u0161pen\u00e1tem - 1001 Voyages Gourmands\" \/>\n<meta property=\"og:description\" content=\"\u010cerven\u00e9 d\u00fd\u0148ov\u00e9 kari s kv\u011bt\u00e1kem a \u0161pen\u00e1tem se te\u010f nov\u011b \u0159ad\u00ed mezi na\u0161e obl\u00edben\u00e9 (podzimn\u00ed) pokrmy. Tady je recept a douf\u00e1m, \u017ee v\u00e1m bude chutnat tak jako n\u00e1m!\" \/>\n<meta property=\"og:url\" content=\"https:\/\/1001voyagesgourmands.com\/cs\/cervene-dynove-kari-s-kvetakem-a-spenatem\/\" \/>\n<meta property=\"og:site_name\" content=\"1001 Voyages Gourmands\" \/>\n<meta property=\"article:publisher\" content=\"https:\/\/www.facebook.com\/1001voyagesgourmands\" \/>\n<meta property=\"article:published_time\" content=\"2018-11-28T22:50:28+00:00\" \/>\n<meta property=\"article:modified_time\" content=\"2018-11-30T07:46:31+00:00\" \/>\n<meta property=\"og:image\" content=\"https:\/\/1001voyagesgourmands.com\/wp-content\/uploads\/2018\/11\/Cervene_dynove_kari_s_kvetakem_a_spenatem-7.jpg\" \/>\n\t<meta property=\"og:image:width\" content=\"1200\" \/>\n\t<meta property=\"og:image:height\" content=\"1800\" \/>\n\t<meta property=\"og:image:type\" content=\"image\/jpeg\" \/>\n<meta name=\"author\" content=\"Michaela\" \/>\n<meta name=\"twitter:card\" content=\"summary_large_image\" \/>\n<meta name=\"twitter:creator\" content=\"@michaela_1001vg\" \/>\n<meta name=\"twitter:site\" content=\"@michaela_1001vg\" \/>\n<meta name=\"twitter:label1\" content=\"Napsal(a)\" \/>\n\t<meta name=\"twitter:data1\" content=\"Michaela\" \/>\n\t<meta name=\"twitter:label2\" content=\"Odhadovan\u00e1 doba \u010dten\u00ed\" \/>\n\t<meta name=\"twitter:data2\" content=\"2 minuty\" \/>\n<script type=\"application\/ld+json\" class=\"yoast-schema-graph\">{\"@context\":\"https:\/\/schema.org\",\"@graph\":[{\"@type\":\"WebPage\",\"@id\":\"https:\/\/1001voyagesgourmands.com\/cs\/cervene-dynove-kari-s-kvetakem-a-spenatem\/\",\"url\":\"https:\/\/1001voyagesgourmands.com\/cs\/cervene-dynove-kari-s-kvetakem-a-spenatem\/\",\"name\":\"\u010cerven\u00e9 d\u00fd\u0148ov\u00e9 kari s kv\u011bt\u00e1kem a \u0161pen\u00e1tem - 1001 Voyages Gourmands\",\"isPartOf\":{\"@id\":\"https:\/\/1001voyagesgourmands.com\/cs\/#website\"},\"primaryImageOfPage\":{\"@id\":\"https:\/\/1001voyagesgourmands.com\/cs\/cervene-dynove-kari-s-kvetakem-a-spenatem\/#primaryimage\"},\"image\":{\"@id\":\"https:\/\/1001voyagesgourmands.com\/cs\/cervene-dynove-kari-s-kvetakem-a-spenatem\/#primaryimage\"},\"thumbnailUrl\":\"https:\/\/1001voyagesgourmands.com\/wp-content\/uploads\/2018\/11\/Cervene_dynove_kari_s_kvetakem_a_spenatem-7.jpg\",\"datePublished\":\"2018-11-28T22:50:28+00:00\",\"dateModified\":\"2018-11-30T07:46:31+00:00\",\"author\":{\"@id\":\"https:\/\/1001voyagesgourmands.com\/cs\/#\/schema\/person\/62e0e7238fcf7482b23bf83e1b72ff1b\"},\"description\":\"\u010cerven\u00e9 d\u00fd\u0148ov\u00e9 kari s kv\u011bt\u00e1kem a \u0161pen\u00e1tem se te\u010f nov\u011b \u0159ad\u00ed mezi na\u0161e obl\u00edben\u00e9 (podzimn\u00ed) pokrmy. Tady je recept a douf\u00e1m, \u017ee v\u00e1m bude chutnat tak jako n\u00e1m!\",\"breadcrumb\":{\"@id\":\"https:\/\/1001voyagesgourmands.com\/cs\/cervene-dynove-kari-s-kvetakem-a-spenatem\/#breadcrumb\"},\"inLanguage\":\"cs\",\"potentialAction\":[{\"@type\":\"ReadAction\",\"target\":[\"https:\/\/1001voyagesgourmands.com\/cs\/cervene-dynove-kari-s-kvetakem-a-spenatem\/\"]}]},{\"@type\":\"ImageObject\",\"inLanguage\":\"cs\",\"@id\":\"https:\/\/1001voyagesgourmands.com\/cs\/cervene-dynove-kari-s-kvetakem-a-spenatem\/#primaryimage\",\"url\":\"https:\/\/1001voyagesgourmands.com\/wp-content\/uploads\/2018\/11\/Cervene_dynove_kari_s_kvetakem_a_spenatem-7.jpg\",\"contentUrl\":\"https:\/\/1001voyagesgourmands.com\/wp-content\/uploads\/2018\/11\/Cervene_dynove_kari_s_kvetakem_a_spenatem-7.jpg\",\"width\":1200,\"height\":1800,\"caption\":\"\u010cerven\u00e9 d\u00fd\u0148ov\u00e9 kari s kv\u011bt\u00e1kem a \u0161pen\u00e1tem se te\u010f nov\u011b \u0159ad\u00ed mezi na\u0161e obl\u00edben\u00e9 (podzimn\u00ed) pokrmy. Tady je recept a douf\u00e1m, \u017ee v\u00e1m bude chutnat tak jako n\u00e1m!\"},{\"@type\":\"BreadcrumbList\",\"@id\":\"https:\/\/1001voyagesgourmands.com\/cs\/cervene-dynove-kari-s-kvetakem-a-spenatem\/#breadcrumb\",\"itemListElement\":[{\"@type\":\"ListItem\",\"position\":1,\"name\":\"Dom\u016f\",\"item\":\"https:\/\/1001voyagesgourmands.com\/cs\/\"},{\"@type\":\"ListItem\",\"position\":2,\"name\":\"\u010cerven\u00e9 d\u00fd\u0148ov\u00e9 kari s kv\u011bt\u00e1kem a \u0161pen\u00e1tem\"}]},{\"@type\":\"WebSite\",\"@id\":\"https:\/\/1001voyagesgourmands.com\/cs\/#website\",\"url\":\"https:\/\/1001voyagesgourmands.com\/cs\/\",\"name\":\"1001 Voyages Gourmands\",\"description\":\"Food | Travel | Photography\",\"potentialAction\":[{\"@type\":\"SearchAction\",\"target\":{\"@type\":\"EntryPoint\",\"urlTemplate\":\"https:\/\/1001voyagesgourmands.com\/cs\/?s={search_term_string}\"},\"query-input\":{\"@type\":\"PropertyValueSpecification\",\"valueRequired\":true,\"valueName\":\"search_term_string\"}}],\"inLanguage\":\"cs\"},{\"@type\":\"Person\",\"@id\":\"https:\/\/1001voyagesgourmands.com\/cs\/#\/schema\/person\/62e0e7238fcf7482b23bf83e1b72ff1b\",\"name\":\"Michaela\",\"image\":{\"@type\":\"ImageObject\",\"inLanguage\":\"cs\",\"@id\":\"https:\/\/1001voyagesgourmands.com\/cs\/#\/schema\/person\/image\/\",\"url\":\"https:\/\/secure.gravatar.com\/avatar\/73fa562a5b0ce269ca480f67de504b8ecac054a121d170e226f1b79e02024cb8?s=96&d=mm&r=g\",\"contentUrl\":\"https:\/\/secure.gravatar.com\/avatar\/73fa562a5b0ce269ca480f67de504b8ecac054a121d170e226f1b79e02024cb8?s=96&d=mm&r=g\",\"caption\":\"Michaela\"},\"sameAs\":[\"http:\/\/1001voyagesgourmands.com\"]}]}<\/script>\n<!-- \/ Yoast SEO plugin. -->","yoast_head_json":{"title":"\u010cerven\u00e9 d\u00fd\u0148ov\u00e9 kari s kv\u011bt\u00e1kem a \u0161pen\u00e1tem - 1001 Voyages Gourmands","description":"\u010cerven\u00e9 d\u00fd\u0148ov\u00e9 kari s kv\u011bt\u00e1kem a \u0161pen\u00e1tem se te\u010f nov\u011b \u0159ad\u00ed mezi na\u0161e obl\u00edben\u00e9 (podzimn\u00ed) pokrmy. Tady je recept a douf\u00e1m, \u017ee v\u00e1m bude chutnat tak jako n\u00e1m!","robots":{"index":"index","follow":"follow","max-snippet":"max-snippet:-1","max-image-preview":"max-image-preview:large","max-video-preview":"max-video-preview:-1"},"canonical":"https:\/\/1001voyagesgourmands.com\/cs\/cervene-dynove-kari-s-kvetakem-a-spenatem\/","og_locale":"cs_CZ","og_type":"article","og_title":"\u010cerven\u00e9 d\u00fd\u0148ov\u00e9 kari s kv\u011bt\u00e1kem a \u0161pen\u00e1tem - 1001 Voyages Gourmands","og_description":"\u010cerven\u00e9 d\u00fd\u0148ov\u00e9 kari s kv\u011bt\u00e1kem a \u0161pen\u00e1tem se te\u010f nov\u011b \u0159ad\u00ed mezi na\u0161e obl\u00edben\u00e9 (podzimn\u00ed) pokrmy. Tady je recept a douf\u00e1m, \u017ee v\u00e1m bude chutnat tak jako n\u00e1m!","og_url":"https:\/\/1001voyagesgourmands.com\/cs\/cervene-dynove-kari-s-kvetakem-a-spenatem\/","og_site_name":"1001 Voyages Gourmands","article_publisher":"https:\/\/www.facebook.com\/1001voyagesgourmands","article_published_time":"2018-11-28T22:50:28+00:00","article_modified_time":"2018-11-30T07:46:31+00:00","og_image":[{"width":1200,"height":1800,"url":"https:\/\/1001voyagesgourmands.com\/wp-content\/uploads\/2018\/11\/Cervene_dynove_kari_s_kvetakem_a_spenatem-7.jpg","type":"image\/jpeg"}],"author":"Michaela","twitter_card":"summary_large_image","twitter_creator":"@michaela_1001vg","twitter_site":"@michaela_1001vg","twitter_misc":{"Napsal(a)":"Michaela","Odhadovan\u00e1 doba \u010dten\u00ed":"2 minuty"},"schema":{"@context":"https:\/\/schema.org","@graph":[{"@type":"WebPage","@id":"https:\/\/1001voyagesgourmands.com\/cs\/cervene-dynove-kari-s-kvetakem-a-spenatem\/","url":"https:\/\/1001voyagesgourmands.com\/cs\/cervene-dynove-kari-s-kvetakem-a-spenatem\/","name":"\u010cerven\u00e9 d\u00fd\u0148ov\u00e9 kari s kv\u011bt\u00e1kem a \u0161pen\u00e1tem - 1001 Voyages Gourmands","isPartOf":{"@id":"https:\/\/1001voyagesgourmands.com\/cs\/#website"},"primaryImageOfPage":{"@id":"https:\/\/1001voyagesgourmands.com\/cs\/cervene-dynove-kari-s-kvetakem-a-spenatem\/#primaryimage"},"image":{"@id":"https:\/\/1001voyagesgourmands.com\/cs\/cervene-dynove-kari-s-kvetakem-a-spenatem\/#primaryimage"},"thumbnailUrl":"https:\/\/1001voyagesgourmands.com\/wp-content\/uploads\/2018\/11\/Cervene_dynove_kari_s_kvetakem_a_spenatem-7.jpg","datePublished":"2018-11-28T22:50:28+00:00","dateModified":"2018-11-30T07:46:31+00:00","author":{"@id":"https:\/\/1001voyagesgourmands.com\/cs\/#\/schema\/person\/62e0e7238fcf7482b23bf83e1b72ff1b"},"description":"\u010cerven\u00e9 d\u00fd\u0148ov\u00e9 kari s kv\u011bt\u00e1kem a \u0161pen\u00e1tem se te\u010f nov\u011b \u0159ad\u00ed mezi na\u0161e obl\u00edben\u00e9 (podzimn\u00ed) pokrmy. Tady je recept a douf\u00e1m, \u017ee v\u00e1m bude chutnat tak jako n\u00e1m!","breadcrumb":{"@id":"https:\/\/1001voyagesgourmands.com\/cs\/cervene-dynove-kari-s-kvetakem-a-spenatem\/#breadcrumb"},"inLanguage":"cs","potentialAction":[{"@type":"ReadAction","target":["https:\/\/1001voyagesgourmands.com\/cs\/cervene-dynove-kari-s-kvetakem-a-spenatem\/"]}]},{"@type":"ImageObject","inLanguage":"cs","@id":"https:\/\/1001voyagesgourmands.com\/cs\/cervene-dynove-kari-s-kvetakem-a-spenatem\/#primaryimage","url":"https:\/\/1001voyagesgourmands.com\/wp-content\/uploads\/2018\/11\/Cervene_dynove_kari_s_kvetakem_a_spenatem-7.jpg","contentUrl":"https:\/\/1001voyagesgourmands.com\/wp-content\/uploads\/2018\/11\/Cervene_dynove_kari_s_kvetakem_a_spenatem-7.jpg","width":1200,"height":1800,"caption":"\u010cerven\u00e9 d\u00fd\u0148ov\u00e9 kari s kv\u011bt\u00e1kem a \u0161pen\u00e1tem se te\u010f nov\u011b \u0159ad\u00ed mezi na\u0161e obl\u00edben\u00e9 (podzimn\u00ed) pokrmy. Tady je recept a douf\u00e1m, \u017ee v\u00e1m bude chutnat tak jako n\u00e1m!"},{"@type":"BreadcrumbList","@id":"https:\/\/1001voyagesgourmands.com\/cs\/cervene-dynove-kari-s-kvetakem-a-spenatem\/#breadcrumb","itemListElement":[{"@type":"ListItem","position":1,"name":"Dom\u016f","item":"https:\/\/1001voyagesgourmands.com\/cs\/"},{"@type":"ListItem","position":2,"name":"\u010cerven\u00e9 d\u00fd\u0148ov\u00e9 kari s kv\u011bt\u00e1kem a \u0161pen\u00e1tem"}]},{"@type":"WebSite","@id":"https:\/\/1001voyagesgourmands.com\/cs\/#website","url":"https:\/\/1001voyagesgourmands.com\/cs\/","name":"1001 Voyages Gourmands","description":"Food | Travel | Photography","potentialAction":[{"@type":"SearchAction","target":{"@type":"EntryPoint","urlTemplate":"https:\/\/1001voyagesgourmands.com\/cs\/?s={search_term_string}"},"query-input":{"@type":"PropertyValueSpecification","valueRequired":true,"valueName":"search_term_string"}}],"inLanguage":"cs"},{"@type":"Person","@id":"https:\/\/1001voyagesgourmands.com\/cs\/#\/schema\/person\/62e0e7238fcf7482b23bf83e1b72ff1b","name":"Michaela","image":{"@type":"ImageObject","inLanguage":"cs","@id":"https:\/\/1001voyagesgourmands.com\/cs\/#\/schema\/person\/image\/","url":"https:\/\/secure.gravatar.com\/avatar\/73fa562a5b0ce269ca480f67de504b8ecac054a121d170e226f1b79e02024cb8?s=96&d=mm&r=g","contentUrl":"https:\/\/secure.gravatar.com\/avatar\/73fa562a5b0ce269ca480f67de504b8ecac054a121d170e226f1b79e02024cb8?s=96&d=mm&r=g","caption":"Michaela"},"sameAs":["http:\/\/1001voyagesgourmands.com"]}]}},"_links":{"self":[{"href":"https:\/\/1001voyagesgourmands.com\/cs\/wp-json\/wp\/v2\/posts\/22342","targetHints":{"allow":["GET"]}}],"collection":[{"href":"https:\/\/1001voyagesgourmands.com\/cs\/wp-json\/wp\/v2\/posts"}],"about":[{"href":"https:\/\/1001voyagesgourmands.com\/cs\/wp-json\/wp\/v2\/types\/post"}],"author":[{"embeddable":true,"href":"https:\/\/1001voyagesgourmands.com\/cs\/wp-json\/wp\/v2\/users\/1"}],"replies":[{"embeddable":true,"href":"https:\/\/1001voyagesgourmands.com\/cs\/wp-json\/wp\/v2\/comments?post=22342"}],"version-history":[{"count":5,"href":"https:\/\/1001voyagesgourmands.com\/cs\/wp-json\/wp\/v2\/posts\/22342\/revisions"}],"predecessor-version":[{"id":22370,"href":"https:\/\/1001voyagesgourmands.com\/cs\/wp-json\/wp\/v2\/posts\/22342\/revisions\/22370"}],"wp:featuredmedia":[{"embeddable":true,"href":"https:\/\/1001voyagesgourmands.com\/cs\/wp-json\/wp\/v2\/media\/22354"}],"wp:attachment":[{"href":"https:\/\/1001voyagesgourmands.com\/cs\/wp-json\/wp\/v2\/media?parent=22342"}],"wp:term":[{"taxonomy":"category","embeddable":true,"href":"https:\/\/1001voyagesgourmands.com\/cs\/wp-json\/wp\/v2\/categories?post=22342"},{"taxonomy":"post_tag","embeddable":true,"href":"https:\/\/1001voyagesgourmands.com\/cs\/wp-json\/wp\/v2\/tags?post=22342"}],"curies":[{"name":"wp","href":"https:\/\/api.w.org\/{rel}","templated":true}]}}