{"id":21770,"date":"2018-10-17T23:50:16","date_gmt":"2018-10-17T21:50:16","guid":{"rendered":"http:\/\/1001voyagesgourmands.com\/?p=21770"},"modified":"2018-10-18T23:12:01","modified_gmt":"2018-10-18T21:12:01","slug":"vikend-v-bordeaux-a-okoli","status":"publish","type":"post","link":"https:\/\/1001voyagesgourmands.com\/cs\/vikend-v-bordeaux-a-okoli\/","title":{"rendered":"V\u00edkend v Bordeaux a okol\u00ed"},"content":{"rendered":"<p style=\"text-align: justify;\">Koncem z\u00e1\u0159\u00ed jsme si daly s holkama sraz v Bordeaux a n\u00e1\u0161&nbsp;pl\u00e1n byl&nbsp;n\u00e1sleduj\u00edc\u00ed: u\u017e\u00edt si v\u00edkend ve m\u011bst\u011b a projet trochu okol\u00ed, samoz\u0159ejm\u011b s n\u011bjakou tou degustac\u00ed, kdy\u017e u\u017e jsme v hlavn\u00edm m\u011bst\u011b v\u00edna, \u017ee. Z p\u016fvodn\u00edch 4 n\u00e1s teda sice&nbsp;kv\u016fli z\u00e1ke\u0159n\u00e9mu nachlazen\u00ed byly jen&nbsp;3, z \u010deho\u017e jedna&nbsp; \u0159idi\u010dka a dal\u0161\u00ed (j\u00e1) trochu&nbsp;nastydl\u00e1, tak\u017ee s v\u00ednem jsme&nbsp;to teda dvakr\u00e1t nep\u0159eh\u00e1n\u011bly. \ud83d\ude00<\/p>\n<p style=\"text-align: justify;\">Samotn\u00e9 Bordeaux je&nbsp;n\u00e1dhern\u00e9 m\u011bsto s historick\u00fd centrem pln\u00fdm star\u00fdch budov a zapsan\u00fdm na seznamu pam\u00e1tek UNESCO. Av\u0161ak Bordeaux je tak\u00e9 p\u011bkn\u011b \u017eiv\u00e9 m\u011bsto, kde najdete i modern\u00ed architekturu, spoustu kultury, sportovn\u00edho vy\u017eit\u00ed, restaurac\u00ed a obchod\u016f. Jak kdysi \u0159ekl Victor Hugo:&nbsp;<em>&#8222;Vezm\u011bte Versailles, sm\u00edchejte ho s Antverpami a dostanete Bordeaux&#8220;<\/em>. A to plat\u00ed st\u00e1le.<\/p>\n<p style=\"text-align: justify;\">J\u00e1 p\u0159ilet\u011bla u\u017e v p\u00e1tek odpoledne a \u010dek\u00e1n\u00ed na holky jsem si zkr\u00e1tila krat\u0161\u00ed proch\u00e1zkou pod\u00e9l \u0159eky, kde&nbsp;vybudovali pro ob\u010dany skv\u011blou promen\u00e1du. Lid\u00e9 tu ven\u010d\u00ed pejsky a sportovci sem chod\u00ed b\u011bhat, jezdit na kole \u010di in-linech, a ob\u010das se tu po\u0159\u00e1daj\u00ed r\u016fzn\u00e9 akce. Touhle promen\u00e1dou jsem do\u0161la a\u017e ke slavn\u00e9mu <strong>vodn\u00edmu zrcadlu<\/strong> (<strong>mirroir d\u00b4eau<\/strong>), co\u017e je asi&nbsp;2-cm vodn\u00ed plocha, ve kter\u00e9 se za hezk\u00e9ho po\u010das\u00ed zrcadl\u00ed budovy n\u00e1m\u011bst\u00ed <strong>Place de la Bourse<\/strong>. Je to docela \u017eiv\u00e9 m\u00edsto, kde si hraj\u00ed d\u011bti a kolemjdouc\u00ed se sna\u017e\u00ed zachytit odrazy honosn\u00fdch budov z 18. stolet\u00ed na fotk\u00e1ch.&nbsp;<\/p>\n<p style=\"text-align: justify;\">Kdy\u017e pak ve\u010der dorazily holky, zmohly jsme se jen na ve\u010de\u0159i v restauraci nedaleko na\u0161eho pronajat\u00e9ho apartm\u00e1nu. <a href=\"https:\/\/restaurant-pastel.com\/\" target=\"_blank\" rel=\"noopener\"><strong>Restaurace Pastel<\/strong><\/a> n\u00e1s zaujala nejen svou bl\u00edzkost\u00ed, ale tak\u00e9 \u00fatuln\u00fdm interi\u00e9rem a mil\u00fdm person\u00e1lem. Nav\u00edc m\u011bli zrovna vegetari\u00e1nsk\u00e9 j\u00eddlo dne, co\u017e mi dost hr\u00e1lo do karet.<\/p>\n<p style=\"text-align: justify;\">V sobotu jsme s vydaly s pronajat\u00fdm autem do pitoreskn\u00edho vina\u0159sk\u00e9ho m\u011bste\u010dka <strong>Saint-\u00c9milion<\/strong>. A jak jinak, co se dalo \u010dekat, byly&nbsp;tu&nbsp;davy turist\u016f. &#8218;To n\u00e1m ale nebr\u00e1nilo v tom si tu alespo\u0148 ud\u011blat selfie a n\u00e1sledn\u011b se&nbsp;naj\u00edst v jednom&nbsp;z kr\u00e1sn\u011b turistick\u00fdch podnik\u016f na hlavn\u00edm n\u00e1m\u011bst\u00ed\u010dku. Ach, to si tak \u010dlov\u011bk moc dop\u0159edu nezjist\u00ed a pak se div\u00ed&#8230; \ud83d\ude00 no nic, ob\u011bd nebyl \u0161patn\u00fd a my p\u0159estaly m\u00edt hlad, co\u017e bylo hlavn\u00ed. Odpoledne n\u00e1s toti\u017e \u010dekala degustace v\u00edna.<\/p>\n<p style=\"text-align: justify;\">N\u00e1v\u0161t\u011bvu vina\u0159stv\u00ed <a href=\"https:\/\/www.vignobles-mouty.com\/en\/\" target=\"_blank\" rel=\"noopener\"><strong>Daniel Mouty<\/strong> <\/a>n\u00e1m p\u0159edem d\u00edky zn\u00e1mostem domluvila Jan\u010da. Jeliko\u017e jsem se degustace pln\u011b ne\u00fa\u010dastnila, moc si toho nepamatuju (ot\u00e1zka je, zda bych si v\u016fbec pamatovala, kdybych se j\u00ed pln\u011b z\u016f\u010dastnila :D). Jedin\u00fd, co v\u00e1m \u0159eknu je, \u017ee tu m\u011bli moc dobr\u00fd Ch\u00e2teau du Barry no a pak n\u00e1s nadchl z \u0159ady vy\u010dn\u00edvaj\u00edc\u00ed design bio v\u00edna Meteorit.<\/p>\n<p style=\"text-align: justify;\">Dostaly jsme tu tip na <a href=\"http:\/\/chateau-ladominique.com\/en\/\" target=\"_blank\" rel=\"noopener\"><strong>Ch\u00e2teau La Dominique<\/strong><\/a>, kam jsme posl\u00e9ze zajely a kde n\u00e1s dostaly krom\u011b v\u00edna jejich p\u0159\u00edv\u011bsky na kl\u00ed\u010de a taky&nbsp;dezert, kter\u00fd se tu prom\u00edtal na obrazovce, ale v kav\u00e1rn\u011b m\u011bli zrovna zav\u0159eno&#8230; Pak jsme se v odpoledn\u00edm slunci vyfotily ve vinic\u00edch&nbsp; a \u0161up teda ud\u011blat n\u011bjak\u00fd sightseeing zp\u00e1tky do Saint-\u00c9milion, kde u\u017e davy mezit\u00edm opadly. Kolem p\u00e1t\u00e9 n\u00e1s tam uv\u00edtaly polopr\u00e1zdn\u00e9 uli\u010dky s obch\u016fdky delikates, kde jsme nakoupily n\u011bjak\u00e9 s\u00fdry, bagetku, olivov\u00fd olej aj. na ve\u010dern\u00ed piknik na terase apartm\u00e1nu.&nbsp;<\/p>\n<p style=\"text-align: justify;\">V ned\u011bli r\u00e1no jsme se s holkama vydaly na pr\u016fzkum historick\u00e9ho centra Bordeaux. Vzaly jsme to op\u011bt kolem \u0159eky p\u0159es mirroir d\u00b4eau a\u017e k <strong>Porte Cailhau<\/strong>, a d\u00e1le pak mal\u00fdmi uli\u010dkami na trh <a href=\"http:\/\/www.bordeaux.fr\/pgFicheOrga.psml?_nfpb=true&amp;_pageLabel=pgFicheOrga&amp;classofcontent=organisme&amp;id=2326\" target=\"_blank\" rel=\"noopener\"><strong>March\u00e9 des Capucins<\/strong><\/a>, kde jsme si nakoupily s\u00fdry, pe\u010divo, ovoce a zeleninu na poledn\u00ed piknik u mo\u0159e.&nbsp;Odpoledne byl toti\u017e v pl\u00e1nu v\u00fdlet na <a href=\"https:\/\/www.dunedupilat.com\/en\/\" target=\"_blank\" rel=\"noopener\"><strong>dunu Pilat<\/strong><\/a>, co\u017e je nejvy\u0161\u0161\u00ed evrospk\u00e1 p\u00edse\u010dn\u00e1 duna, vlastn\u011b hora p\u00edsku, kter\u00e1 se rzprost\u00edr\u00e1 mezi Atlantick\u00fdm pob\u0159e\u017e\u00edm a borov\u00fdm lesem. Ka\u017ed\u00fdm rokem se zv\u011bt\u0161uje asi o 5 metr\u016f a polyk\u00e1 \u010d\u00e1st lesa. Docela smutn\u00e9, ale z\u00e1rove\u0148 fascinuj\u00edc\u00ed. Co by \u010dlov\u011bk ne\u010dekal, \u017ee i mimo sezonu tu bude takov\u00e9ho lidu.&nbsp; No nic, vylezly jsme na dunu, p\u0159ed davy kochaj\u00edc\u00edmi se v\u00fdhledem na svah duny sm\u011brem do mo\u0159e jsme rozprost\u0159ely prost\u011bradlo zap\u016fj\u010den\u00e9 z apartm\u00e1nu, daly jsme tu piknik a lahev v\u00edna od Moutyho s n\u00e1zvem La Nouvelle Terre (Nov\u00e1 zem) a obdivovaly dunu a pob\u0159e\u017e\u00ed Atlantiku. Po v\u00edn\u011b n\u00e1sledovala asi tak hodinov\u00e1 photo seance, ne\u017e n\u00e1s odsud vyhnal d\u00e9\u0161\u0165&#8230;&nbsp;<\/p>\n<p>V pond\u011bl\u00ed jsme se rozlou\u010dily v kav\u00e1rn\u011b u n\u00e1dra\u017e\u00ed, odkud j\u00e1 vzala autobus na leti\u0161t\u011b zp\u00e1tky do zem\u011b pralinek a piva, zat\u00edmco holky \u010dekal je\u0161t\u011b n\u00e1ro\u010dn\u00fd p\u016flden na n\u00e1kupech. Byl to moc fajn v\u00edkend pln\u00fd srandy, kdy\u017e u\u017e ne v\u00edna&#8230; \ud83d\ude00<\/p>\n<p style=\"text-align: justify;\">Pro p\u0159\u00ed\u0161t\u011b bych si ur\u010dit\u011b nenechala uj\u00edt <strong>La cit\u00e9 du vin<\/strong>, <strong>Mus\u00e9e de l\u00b4Aquitane<\/strong>, ned\u011bln\u00ed ble\u0161\u00e1k <strong>Les Puces de St. Michel<\/strong> a n\u00e1kupy. Kdo jste byl v Bordeaux? Jak\u00e9 byly va\u0161e dojmy?<\/p>\n<p><img loading=\"lazy\" decoding=\"async\" class=\"aligncenter size-large wp-image-21911\" src=\"http:\/\/1001voyagesgourmands.com\/wp-content\/uploads\/2018\/10\/Bordeaux-54-1024x683.jpg\" alt=\"Koncem z\u00e1\u0159\u00ed jsme si daly s holkama sraz v Bordeaux a poda\u0159ilo se n\u00e1m projet trochu i kr\u00e1sn\u00e9 okol\u00ed, samoz\u0159ejm\u011b s n\u011bjakou tou degustac\u00ed v\u00edna.\" width=\"1024\" height=\"683\" srcset=\"https:\/\/1001voyagesgourmands.com\/wp-content\/uploads\/2018\/10\/Bordeaux-54-1024x683.jpg 1024w, https:\/\/1001voyagesgourmands.com\/wp-content\/uploads\/2018\/10\/Bordeaux-54-300x200.jpg 300w, https:\/\/1001voyagesgourmands.com\/wp-content\/uploads\/2018\/10\/Bordeaux-54-768x512.jpg 768w, https:\/\/1001voyagesgourmands.com\/wp-content\/uploads\/2018\/10\/Bordeaux-54-1170x780.jpg 1170w, https:\/\/1001voyagesgourmands.com\/wp-content\/uploads\/2018\/10\/Bordeaux-54-585x390.jpg 585w, https:\/\/1001voyagesgourmands.com\/wp-content\/uploads\/2018\/10\/Bordeaux-54-263x175.jpg 263w, https:\/\/1001voyagesgourmands.com\/wp-content\/uploads\/2018\/10\/Bordeaux-54.jpg 1500w\" sizes=\"auto, (max-width: 1024px) 100vw, 1024px\" \/><\/p>\n<p><img loading=\"lazy\" decoding=\"async\" class=\"aligncenter wp-image-21806\" src=\"http:\/\/1001voyagesgourmands.com\/wp-content\/uploads\/2018\/10\/Bordeaux-2-1-683x1024.jpg\" alt=\"Koncem z\u00e1\u0159\u00ed jsme si daly s holkama sraz v Bordeaux a poda\u0159ilo se n\u00e1m projet trochu i kr\u00e1sn\u00e9 okol\u00ed, samoz\u0159ejm\u011b s n\u011bjakou tou degustac\u00ed v\u00edna.\" width=\"825\" height=\"1237\" srcset=\"https:\/\/1001voyagesgourmands.com\/wp-content\/uploads\/2018\/10\/Bordeaux-2-1-683x1024.jpg 683w, https:\/\/1001voyagesgourmands.com\/wp-content\/uploads\/2018\/10\/Bordeaux-2-1-200x300.jpg 200w, https:\/\/1001voyagesgourmands.com\/wp-content\/uploads\/2018\/10\/Bordeaux-2-1-768x1152.jpg 768w, https:\/\/1001voyagesgourmands.com\/wp-content\/uploads\/2018\/10\/Bordeaux-2-1-585x878.jpg 585w, https:\/\/1001voyagesgourmands.com\/wp-content\/uploads\/2018\/10\/Bordeaux-2-1.jpg 1000w\" sizes=\"auto, (max-width: 825px) 100vw, 825px\" \/><\/p>\n<p><img loading=\"lazy\" decoding=\"async\" class=\"aligncenter size-large wp-image-21913\" src=\"http:\/\/1001voyagesgourmands.com\/wp-content\/uploads\/2018\/10\/Bordeaux-55-1024x683.jpg\" alt=\"Koncem z\u00e1\u0159\u00ed jsme si daly s holkama sraz v Bordeaux a poda\u0159ilo se n\u00e1m projet trochu i kr\u00e1sn\u00e9 okol\u00ed, samoz\u0159ejm\u011b s n\u011bjakou tou degustac\u00ed v\u00edna.\" width=\"1024\" height=\"683\" srcset=\"https:\/\/1001voyagesgourmands.com\/wp-content\/uploads\/2018\/10\/Bordeaux-55-1024x683.jpg 1024w, https:\/\/1001voyagesgourmands.com\/wp-content\/uploads\/2018\/10\/Bordeaux-55-300x200.jpg 300w, https:\/\/1001voyagesgourmands.com\/wp-content\/uploads\/2018\/10\/Bordeaux-55-768x512.jpg 768w, https:\/\/1001voyagesgourmands.com\/wp-content\/uploads\/2018\/10\/Bordeaux-55-1170x780.jpg 1170w, https:\/\/1001voyagesgourmands.com\/wp-content\/uploads\/2018\/10\/Bordeaux-55-585x390.jpg 585w, https:\/\/1001voyagesgourmands.com\/wp-content\/uploads\/2018\/10\/Bordeaux-55-263x175.jpg 263w, https:\/\/1001voyagesgourmands.com\/wp-content\/uploads\/2018\/10\/Bordeaux-55.jpg 1500w\" sizes=\"auto, (max-width: 1024px) 100vw, 1024px\" \/><\/p>\n<p><img loading=\"lazy\" decoding=\"async\" class=\"aligncenter wp-image-21808\" src=\"http:\/\/1001voyagesgourmands.com\/wp-content\/uploads\/2018\/10\/Bordeaux-3-1-683x1024.jpg\" alt=\"Koncem z\u00e1\u0159\u00ed jsme si daly s holkama sraz v Bordeaux a poda\u0159ilo se n\u00e1m projet trochu i kr\u00e1sn\u00e9 okol\u00ed, samoz\u0159ejm\u011b s n\u011bjakou tou degustac\u00ed v\u00edna.\" width=\"859\" height=\"1288\" srcset=\"https:\/\/1001voyagesgourmands.com\/wp-content\/uploads\/2018\/10\/Bordeaux-3-1-683x1024.jpg 683w, https:\/\/1001voyagesgourmands.com\/wp-content\/uploads\/2018\/10\/Bordeaux-3-1-200x300.jpg 200w, https:\/\/1001voyagesgourmands.com\/wp-content\/uploads\/2018\/10\/Bordeaux-3-1-768x1152.jpg 768w, https:\/\/1001voyagesgourmands.com\/wp-content\/uploads\/2018\/10\/Bordeaux-3-1-585x878.jpg 585w, https:\/\/1001voyagesgourmands.com\/wp-content\/uploads\/2018\/10\/Bordeaux-3-1.jpg 1000w\" sizes=\"auto, (max-width: 859px) 100vw, 859px\" \/><\/p>\n<p><img loading=\"lazy\" decoding=\"async\" class=\"aligncenter wp-image-21810\" src=\"http:\/\/1001voyagesgourmands.com\/wp-content\/uploads\/2018\/10\/Bordeaux-4-1-683x1024.jpg\" alt=\"Koncem z\u00e1\u0159\u00ed jsme si daly s holkama sraz v Bordeaux a poda\u0159ilo se n\u00e1m projet trochu i kr\u00e1sn\u00e9 okol\u00ed, samoz\u0159ejm\u011b s n\u011bjakou tou degustac\u00ed v\u00edna.\" width=\"894\" height=\"1340\" srcset=\"https:\/\/1001voyagesgourmands.com\/wp-content\/uploads\/2018\/10\/Bordeaux-4-1-683x1024.jpg 683w, https:\/\/1001voyagesgourmands.com\/wp-content\/uploads\/2018\/10\/Bordeaux-4-1-200x300.jpg 200w, https:\/\/1001voyagesgourmands.com\/wp-content\/uploads\/2018\/10\/Bordeaux-4-1-768x1152.jpg 768w, https:\/\/1001voyagesgourmands.com\/wp-content\/uploads\/2018\/10\/Bordeaux-4-1-585x878.jpg 585w, https:\/\/1001voyagesgourmands.com\/wp-content\/uploads\/2018\/10\/Bordeaux-4-1.jpg 1000w\" sizes=\"auto, (max-width: 894px) 100vw, 894px\" \/><\/p>\n<p><img loading=\"lazy\" decoding=\"async\" class=\"aligncenter wp-image-21820\" src=\"http:\/\/1001voyagesgourmands.com\/wp-content\/uploads\/2018\/10\/Bordeaux-9-1-683x1024.jpg\" alt=\"Koncem z\u00e1\u0159\u00ed jsme si daly s holkama sraz v Bordeaux a poda\u0159ilo se n\u00e1m projet trochu i kr\u00e1sn\u00e9 okol\u00ed, samoz\u0159ejm\u011b s n\u011bjakou tou degustac\u00ed v\u00edna.\" width=\"886\" height=\"1328\" srcset=\"https:\/\/1001voyagesgourmands.com\/wp-content\/uploads\/2018\/10\/Bordeaux-9-1-683x1024.jpg 683w, https:\/\/1001voyagesgourmands.com\/wp-content\/uploads\/2018\/10\/Bordeaux-9-1-200x300.jpg 200w, https:\/\/1001voyagesgourmands.com\/wp-content\/uploads\/2018\/10\/Bordeaux-9-1-768x1152.jpg 768w, https:\/\/1001voyagesgourmands.com\/wp-content\/uploads\/2018\/10\/Bordeaux-9-1-585x878.jpg 585w, https:\/\/1001voyagesgourmands.com\/wp-content\/uploads\/2018\/10\/Bordeaux-9-1.jpg 1000w\" sizes=\"auto, (max-width: 886px) 100vw, 886px\" \/><\/p>\n<p><img loading=\"lazy\" decoding=\"async\" class=\"aligncenter size-large wp-image-21812\" src=\"http:\/\/1001voyagesgourmands.com\/wp-content\/uploads\/2018\/10\/Bordeaux-5-1-1024x683.jpg\" alt=\"Koncem z\u00e1\u0159\u00ed jsme si daly s holkama sraz v Bordeaux a poda\u0159ilo se n\u00e1m projet trochu i kr\u00e1sn\u00e9 okol\u00ed, samoz\u0159ejm\u011b s n\u011bjakou tou degustac\u00ed v\u00edna.\" width=\"1024\" height=\"683\" srcset=\"https:\/\/1001voyagesgourmands.com\/wp-content\/uploads\/2018\/10\/Bordeaux-5-1-1024x683.jpg 1024w, https:\/\/1001voyagesgourmands.com\/wp-content\/uploads\/2018\/10\/Bordeaux-5-1-300x200.jpg 300w, https:\/\/1001voyagesgourmands.com\/wp-content\/uploads\/2018\/10\/Bordeaux-5-1-768x512.jpg 768w, https:\/\/1001voyagesgourmands.com\/wp-content\/uploads\/2018\/10\/Bordeaux-5-1-1170x780.jpg 1170w, https:\/\/1001voyagesgourmands.com\/wp-content\/uploads\/2018\/10\/Bordeaux-5-1-585x390.jpg 585w, https:\/\/1001voyagesgourmands.com\/wp-content\/uploads\/2018\/10\/Bordeaux-5-1-263x175.jpg 263w, https:\/\/1001voyagesgourmands.com\/wp-content\/uploads\/2018\/10\/Bordeaux-5-1.jpg 1500w\" sizes=\"auto, (max-width: 1024px) 100vw, 1024px\" \/><\/p>\n<p><img loading=\"lazy\" decoding=\"async\" class=\"aligncenter wp-image-21814\" src=\"http:\/\/1001voyagesgourmands.com\/wp-content\/uploads\/2018\/10\/Bordeaux-6-1-683x1024.jpg\" alt=\"Koncem z\u00e1\u0159\u00ed jsme si daly s holkama sraz v Bordeaux a poda\u0159ilo se n\u00e1m projet trochu i kr\u00e1sn\u00e9 okol\u00ed, samoz\u0159ejm\u011b s n\u011bjakou tou degustac\u00ed v\u00edna.\" width=\"858\" height=\"1286\" srcset=\"https:\/\/1001voyagesgourmands.com\/wp-content\/uploads\/2018\/10\/Bordeaux-6-1-683x1024.jpg 683w, https:\/\/1001voyagesgourmands.com\/wp-content\/uploads\/2018\/10\/Bordeaux-6-1-200x300.jpg 200w, https:\/\/1001voyagesgourmands.com\/wp-content\/uploads\/2018\/10\/Bordeaux-6-1-768x1152.jpg 768w, https:\/\/1001voyagesgourmands.com\/wp-content\/uploads\/2018\/10\/Bordeaux-6-1-585x878.jpg 585w, https:\/\/1001voyagesgourmands.com\/wp-content\/uploads\/2018\/10\/Bordeaux-6-1.jpg 1000w\" sizes=\"auto, (max-width: 858px) 100vw, 858px\" \/><\/p>\n<p><img loading=\"lazy\" decoding=\"async\" class=\"aligncenter wp-image-21816\" src=\"http:\/\/1001voyagesgourmands.com\/wp-content\/uploads\/2018\/10\/Bordeaux-7-1-683x1024.jpg\" alt=\"Koncem z\u00e1\u0159\u00ed jsme si daly s holkama sraz v Bordeaux a poda\u0159ilo se n\u00e1m projet trochu i kr\u00e1sn\u00e9 okol\u00ed, samoz\u0159ejm\u011b s n\u011bjakou tou degustac\u00ed v\u00edna.\" width=\"865\" height=\"1297\" srcset=\"https:\/\/1001voyagesgourmands.com\/wp-content\/uploads\/2018\/10\/Bordeaux-7-1-683x1024.jpg 683w, https:\/\/1001voyagesgourmands.com\/wp-content\/uploads\/2018\/10\/Bordeaux-7-1-200x300.jpg 200w, https:\/\/1001voyagesgourmands.com\/wp-content\/uploads\/2018\/10\/Bordeaux-7-1-768x1152.jpg 768w, https:\/\/1001voyagesgourmands.com\/wp-content\/uploads\/2018\/10\/Bordeaux-7-1-585x878.jpg 585w, https:\/\/1001voyagesgourmands.com\/wp-content\/uploads\/2018\/10\/Bordeaux-7-1.jpg 1000w\" sizes=\"auto, (max-width: 865px) 100vw, 865px\" \/><\/p>\n<p><img loading=\"lazy\" decoding=\"async\" class=\"aligncenter wp-image-21818\" src=\"http:\/\/1001voyagesgourmands.com\/wp-content\/uploads\/2018\/10\/Bordeaux-8-1-683x1024.jpg\" alt=\"Koncem z\u00e1\u0159\u00ed jsme si daly s holkama sraz v Bordeaux a poda\u0159ilo se n\u00e1m projet trochu i kr\u00e1sn\u00e9 okol\u00ed, samoz\u0159ejm\u011b s n\u011bjakou tou degustac\u00ed v\u00edna.\" width=\"835\" height=\"1252\" srcset=\"https:\/\/1001voyagesgourmands.com\/wp-content\/uploads\/2018\/10\/Bordeaux-8-1-683x1024.jpg 683w, https:\/\/1001voyagesgourmands.com\/wp-content\/uploads\/2018\/10\/Bordeaux-8-1-200x300.jpg 200w, https:\/\/1001voyagesgourmands.com\/wp-content\/uploads\/2018\/10\/Bordeaux-8-1-768x1152.jpg 768w, https:\/\/1001voyagesgourmands.com\/wp-content\/uploads\/2018\/10\/Bordeaux-8-1-585x878.jpg 585w, https:\/\/1001voyagesgourmands.com\/wp-content\/uploads\/2018\/10\/Bordeaux-8-1.jpg 1000w\" sizes=\"auto, (max-width: 835px) 100vw, 835px\" \/><\/p>\n<p><img loading=\"lazy\" decoding=\"async\" class=\"aligncenter size-large wp-image-21824\" src=\"http:\/\/1001voyagesgourmands.com\/wp-content\/uploads\/2018\/10\/Bordeaux-11-1-1024x683.jpg\" alt=\"Koncem z\u00e1\u0159\u00ed jsme si daly s holkama sraz v Bordeaux a poda\u0159ilo se n\u00e1m projet trochu i kr\u00e1sn\u00e9 okol\u00ed, samoz\u0159ejm\u011b s n\u011bjakou tou degustac\u00ed v\u00edna.\" width=\"1024\" height=\"683\" srcset=\"https:\/\/1001voyagesgourmands.com\/wp-content\/uploads\/2018\/10\/Bordeaux-11-1-1024x683.jpg 1024w, https:\/\/1001voyagesgourmands.com\/wp-content\/uploads\/2018\/10\/Bordeaux-11-1-300x200.jpg 300w, https:\/\/1001voyagesgourmands.com\/wp-content\/uploads\/2018\/10\/Bordeaux-11-1-768x512.jpg 768w, https:\/\/1001voyagesgourmands.com\/wp-content\/uploads\/2018\/10\/Bordeaux-11-1-1170x780.jpg 1170w, https:\/\/1001voyagesgourmands.com\/wp-content\/uploads\/2018\/10\/Bordeaux-11-1-585x390.jpg 585w, https:\/\/1001voyagesgourmands.com\/wp-content\/uploads\/2018\/10\/Bordeaux-11-1-263x175.jpg 263w, https:\/\/1001voyagesgourmands.com\/wp-content\/uploads\/2018\/10\/Bordeaux-11-1.jpg 1500w\" sizes=\"auto, (max-width: 1024px) 100vw, 1024px\" \/><\/p>\n<p><img loading=\"lazy\" decoding=\"async\" class=\"aligncenter wp-image-21828\" src=\"http:\/\/1001voyagesgourmands.com\/wp-content\/uploads\/2018\/10\/Bordeaux-13-1-683x1024.jpg\" alt=\"Koncem z\u00e1\u0159\u00ed jsme si daly s holkama sraz v Bordeaux a poda\u0159ilo se n\u00e1m projet trochu i kr\u00e1sn\u00e9 okol\u00ed, samoz\u0159ejm\u011b s n\u011bjakou tou degustac\u00ed v\u00edna.\" width=\"884\" height=\"1325\" srcset=\"https:\/\/1001voyagesgourmands.com\/wp-content\/uploads\/2018\/10\/Bordeaux-13-1-683x1024.jpg 683w, https:\/\/1001voyagesgourmands.com\/wp-content\/uploads\/2018\/10\/Bordeaux-13-1-200x300.jpg 200w, https:\/\/1001voyagesgourmands.com\/wp-content\/uploads\/2018\/10\/Bordeaux-13-1-768x1152.jpg 768w, https:\/\/1001voyagesgourmands.com\/wp-content\/uploads\/2018\/10\/Bordeaux-13-1-585x878.jpg 585w, https:\/\/1001voyagesgourmands.com\/wp-content\/uploads\/2018\/10\/Bordeaux-13-1.jpg 1000w\" sizes=\"auto, (max-width: 884px) 100vw, 884px\" \/><\/p>\n<p><img loading=\"lazy\" decoding=\"async\" class=\"aligncenter size-large wp-image-21826\" src=\"http:\/\/1001voyagesgourmands.com\/wp-content\/uploads\/2018\/10\/Bordeaux-12-1-1024x683.jpg\" alt=\"Koncem z\u00e1\u0159\u00ed jsme si daly s holkama sraz v Bordeaux a poda\u0159ilo se n\u00e1m projet trochu i kr\u00e1sn\u00e9 okol\u00ed, samoz\u0159ejm\u011b s n\u011bjakou tou degustac\u00ed v\u00edna.\" width=\"1024\" height=\"683\" srcset=\"https:\/\/1001voyagesgourmands.com\/wp-content\/uploads\/2018\/10\/Bordeaux-12-1-1024x683.jpg 1024w, https:\/\/1001voyagesgourmands.com\/wp-content\/uploads\/2018\/10\/Bordeaux-12-1-300x200.jpg 300w, https:\/\/1001voyagesgourmands.com\/wp-content\/uploads\/2018\/10\/Bordeaux-12-1-768x512.jpg 768w, https:\/\/1001voyagesgourmands.com\/wp-content\/uploads\/2018\/10\/Bordeaux-12-1-1170x780.jpg 1170w, https:\/\/1001voyagesgourmands.com\/wp-content\/uploads\/2018\/10\/Bordeaux-12-1-585x390.jpg 585w, https:\/\/1001voyagesgourmands.com\/wp-content\/uploads\/2018\/10\/Bordeaux-12-1-263x175.jpg 263w, https:\/\/1001voyagesgourmands.com\/wp-content\/uploads\/2018\/10\/Bordeaux-12-1.jpg 1500w\" sizes=\"auto, (max-width: 1024px) 100vw, 1024px\" \/><\/p>\n<p><img loading=\"lazy\" decoding=\"async\" class=\"aligncenter wp-image-21830\" src=\"http:\/\/1001voyagesgourmands.com\/wp-content\/uploads\/2018\/10\/Bordeaux-14-1-683x1024.jpg\" alt=\"Koncem z\u00e1\u0159\u00ed jsme si daly s holkama sraz v Bordeaux a poda\u0159ilo se n\u00e1m projet trochu i kr\u00e1sn\u00e9 okol\u00ed, samoz\u0159ejm\u011b s n\u011bjakou tou degustac\u00ed v\u00edna.\" width=\"910\" height=\"1364\" srcset=\"https:\/\/1001voyagesgourmands.com\/wp-content\/uploads\/2018\/10\/Bordeaux-14-1-683x1024.jpg 683w, https:\/\/1001voyagesgourmands.com\/wp-content\/uploads\/2018\/10\/Bordeaux-14-1-200x300.jpg 200w, https:\/\/1001voyagesgourmands.com\/wp-content\/uploads\/2018\/10\/Bordeaux-14-1-768x1152.jpg 768w, https:\/\/1001voyagesgourmands.com\/wp-content\/uploads\/2018\/10\/Bordeaux-14-1-585x878.jpg 585w, https:\/\/1001voyagesgourmands.com\/wp-content\/uploads\/2018\/10\/Bordeaux-14-1.jpg 1000w\" sizes=\"auto, (max-width: 910px) 100vw, 910px\" \/><\/p>\n<p><img loading=\"lazy\" decoding=\"async\" class=\"aligncenter size-large wp-image-21832\" src=\"http:\/\/1001voyagesgourmands.com\/wp-content\/uploads\/2018\/10\/Bordeaux-15-1024x683.jpg\" alt=\"Koncem z\u00e1\u0159\u00ed jsme si daly s holkama sraz v Bordeaux a poda\u0159ilo se n\u00e1m projet trochu i kr\u00e1sn\u00e9 okol\u00ed, samoz\u0159ejm\u011b s n\u011bjakou tou degustac\u00ed v\u00edna.\" width=\"1024\" height=\"683\" srcset=\"https:\/\/1001voyagesgourmands.com\/wp-content\/uploads\/2018\/10\/Bordeaux-15-1024x683.jpg 1024w, https:\/\/1001voyagesgourmands.com\/wp-content\/uploads\/2018\/10\/Bordeaux-15-300x200.jpg 300w, https:\/\/1001voyagesgourmands.com\/wp-content\/uploads\/2018\/10\/Bordeaux-15-768x512.jpg 768w, https:\/\/1001voyagesgourmands.com\/wp-content\/uploads\/2018\/10\/Bordeaux-15-1170x780.jpg 1170w, https:\/\/1001voyagesgourmands.com\/wp-content\/uploads\/2018\/10\/Bordeaux-15-585x390.jpg 585w, https:\/\/1001voyagesgourmands.com\/wp-content\/uploads\/2018\/10\/Bordeaux-15-263x175.jpg 263w, https:\/\/1001voyagesgourmands.com\/wp-content\/uploads\/2018\/10\/Bordeaux-15.jpg 1500w\" sizes=\"auto, (max-width: 1024px) 100vw, 1024px\" \/><\/p>\n<p><img loading=\"lazy\" decoding=\"async\" class=\"aligncenter wp-image-21834\" src=\"http:\/\/1001voyagesgourmands.com\/wp-content\/uploads\/2018\/10\/Bordeaux-16-683x1024.jpg\" alt=\"Koncem z\u00e1\u0159\u00ed jsme si daly s holkama sraz v Bordeaux a poda\u0159ilo se n\u00e1m projet trochu i kr\u00e1sn\u00e9 okol\u00ed, samoz\u0159ejm\u011b s n\u011bjakou tou degustac\u00ed v\u00edna.\" width=\"784\" height=\"1175\" srcset=\"https:\/\/1001voyagesgourmands.com\/wp-content\/uploads\/2018\/10\/Bordeaux-16-683x1024.jpg 683w, https:\/\/1001voyagesgourmands.com\/wp-content\/uploads\/2018\/10\/Bordeaux-16-200x300.jpg 200w, https:\/\/1001voyagesgourmands.com\/wp-content\/uploads\/2018\/10\/Bordeaux-16-768x1152.jpg 768w, https:\/\/1001voyagesgourmands.com\/wp-content\/uploads\/2018\/10\/Bordeaux-16-585x878.jpg 585w, https:\/\/1001voyagesgourmands.com\/wp-content\/uploads\/2018\/10\/Bordeaux-16.jpg 1000w\" sizes=\"auto, (max-width: 784px) 100vw, 784px\" \/><\/p>\n<p><img loading=\"lazy\" decoding=\"async\" class=\"aligncenter size-large wp-image-21838\" src=\"http:\/\/1001voyagesgourmands.com\/wp-content\/uploads\/2018\/10\/Bordeaux-18-1024x683.jpg\" alt=\"Koncem z\u00e1\u0159\u00ed jsme si daly s holkama sraz v Bordeaux a poda\u0159ilo se n\u00e1m projet trochu i kr\u00e1sn\u00e9 okol\u00ed, samoz\u0159ejm\u011b s n\u011bjakou tou degustac\u00ed v\u00edna.\" width=\"1024\" height=\"683\" srcset=\"https:\/\/1001voyagesgourmands.com\/wp-content\/uploads\/2018\/10\/Bordeaux-18-1024x683.jpg 1024w, https:\/\/1001voyagesgourmands.com\/wp-content\/uploads\/2018\/10\/Bordeaux-18-300x200.jpg 300w, https:\/\/1001voyagesgourmands.com\/wp-content\/uploads\/2018\/10\/Bordeaux-18-768x512.jpg 768w, https:\/\/1001voyagesgourmands.com\/wp-content\/uploads\/2018\/10\/Bordeaux-18-1170x780.jpg 1170w, https:\/\/1001voyagesgourmands.com\/wp-content\/uploads\/2018\/10\/Bordeaux-18-585x390.jpg 585w, https:\/\/1001voyagesgourmands.com\/wp-content\/uploads\/2018\/10\/Bordeaux-18-263x175.jpg 263w, https:\/\/1001voyagesgourmands.com\/wp-content\/uploads\/2018\/10\/Bordeaux-18.jpg 1500w\" sizes=\"auto, (max-width: 1024px) 100vw, 1024px\" \/><\/p>\n<p><img loading=\"lazy\" decoding=\"async\" class=\"aligncenter size-large wp-image-21840\" src=\"http:\/\/1001voyagesgourmands.com\/wp-content\/uploads\/2018\/10\/Bordeaux-19-1024x683.jpg\" alt=\"Koncem z\u00e1\u0159\u00ed jsme si daly s holkama sraz v Bordeaux a poda\u0159ilo se n\u00e1m projet trochu i kr\u00e1sn\u00e9 okol\u00ed, samoz\u0159ejm\u011b s n\u011bjakou tou degustac\u00ed v\u00edna.\" width=\"1024\" height=\"683\" srcset=\"https:\/\/1001voyagesgourmands.com\/wp-content\/uploads\/2018\/10\/Bordeaux-19-1024x683.jpg 1024w, https:\/\/1001voyagesgourmands.com\/wp-content\/uploads\/2018\/10\/Bordeaux-19-300x200.jpg 300w, https:\/\/1001voyagesgourmands.com\/wp-content\/uploads\/2018\/10\/Bordeaux-19-768x512.jpg 768w, https:\/\/1001voyagesgourmands.com\/wp-content\/uploads\/2018\/10\/Bordeaux-19-1170x780.jpg 1170w, https:\/\/1001voyagesgourmands.com\/wp-content\/uploads\/2018\/10\/Bordeaux-19-585x390.jpg 585w, https:\/\/1001voyagesgourmands.com\/wp-content\/uploads\/2018\/10\/Bordeaux-19-263x175.jpg 263w, https:\/\/1001voyagesgourmands.com\/wp-content\/uploads\/2018\/10\/Bordeaux-19.jpg 1500w\" sizes=\"auto, (max-width: 1024px) 100vw, 1024px\" \/><\/p>\n<p><img loading=\"lazy\" decoding=\"async\" class=\"aligncenter size-large wp-image-21836\" src=\"http:\/\/1001voyagesgourmands.com\/wp-content\/uploads\/2018\/10\/Bordeaux-17-1024x683.jpg\" alt=\"Koncem z\u00e1\u0159\u00ed jsme si daly s holkama sraz v Bordeaux a poda\u0159ilo se n\u00e1m projet trochu i kr\u00e1sn\u00e9 okol\u00ed, samoz\u0159ejm\u011b s n\u011bjakou tou degustac\u00ed v\u00edna.\" width=\"1024\" height=\"683\" srcset=\"https:\/\/1001voyagesgourmands.com\/wp-content\/uploads\/2018\/10\/Bordeaux-17-1024x683.jpg 1024w, https:\/\/1001voyagesgourmands.com\/wp-content\/uploads\/2018\/10\/Bordeaux-17-300x200.jpg 300w, https:\/\/1001voyagesgourmands.com\/wp-content\/uploads\/2018\/10\/Bordeaux-17-768x512.jpg 768w, https:\/\/1001voyagesgourmands.com\/wp-content\/uploads\/2018\/10\/Bordeaux-17-1170x780.jpg 1170w, https:\/\/1001voyagesgourmands.com\/wp-content\/uploads\/2018\/10\/Bordeaux-17-585x390.jpg 585w, https:\/\/1001voyagesgourmands.com\/wp-content\/uploads\/2018\/10\/Bordeaux-17-263x175.jpg 263w, https:\/\/1001voyagesgourmands.com\/wp-content\/uploads\/2018\/10\/Bordeaux-17.jpg 1500w\" sizes=\"auto, (max-width: 1024px) 100vw, 1024px\" \/><\/p>\n<p><img loading=\"lazy\" decoding=\"async\" class=\"aligncenter wp-image-21904\" src=\"http:\/\/1001voyagesgourmands.com\/wp-content\/uploads\/2018\/10\/Bordeaux-20-683x1024.jpg\" alt=\"Koncem z\u00e1\u0159\u00ed jsme si daly s holkama sraz v Bordeaux a poda\u0159ilo se n\u00e1m projet trochu i kr\u00e1sn\u00e9 okol\u00ed, samoz\u0159ejm\u011b s n\u011bjakou tou degustac\u00ed v\u00edna.\" width=\"967\" height=\"1450\" srcset=\"https:\/\/1001voyagesgourmands.com\/wp-content\/uploads\/2018\/10\/Bordeaux-20-683x1024.jpg 683w, https:\/\/1001voyagesgourmands.com\/wp-content\/uploads\/2018\/10\/Bordeaux-20-200x300.jpg 200w, https:\/\/1001voyagesgourmands.com\/wp-content\/uploads\/2018\/10\/Bordeaux-20-768x1152.jpg 768w, https:\/\/1001voyagesgourmands.com\/wp-content\/uploads\/2018\/10\/Bordeaux-20-585x878.jpg 585w, https:\/\/1001voyagesgourmands.com\/wp-content\/uploads\/2018\/10\/Bordeaux-20.jpg 1000w\" sizes=\"auto, (max-width: 967px) 100vw, 967px\" \/><\/p>\n<p><img loading=\"lazy\" decoding=\"async\" class=\"aligncenter size-large wp-image-21842\" src=\"http:\/\/1001voyagesgourmands.com\/wp-content\/uploads\/2018\/10\/Bordeaux-21-1024x683.jpg\" alt=\"Koncem z\u00e1\u0159\u00ed jsme si daly s holkama sraz v Bordeaux a poda\u0159ilo se n\u00e1m projet trochu i kr\u00e1sn\u00e9 okol\u00ed, samoz\u0159ejm\u011b s n\u011bjakou tou degustac\u00ed v\u00edna.\" width=\"1024\" height=\"683\" srcset=\"https:\/\/1001voyagesgourmands.com\/wp-content\/uploads\/2018\/10\/Bordeaux-21-1024x683.jpg 1024w, https:\/\/1001voyagesgourmands.com\/wp-content\/uploads\/2018\/10\/Bordeaux-21-300x200.jpg 300w, https:\/\/1001voyagesgourmands.com\/wp-content\/uploads\/2018\/10\/Bordeaux-21-768x512.jpg 768w, https:\/\/1001voyagesgourmands.com\/wp-content\/uploads\/2018\/10\/Bordeaux-21-1170x780.jpg 1170w, https:\/\/1001voyagesgourmands.com\/wp-content\/uploads\/2018\/10\/Bordeaux-21-585x390.jpg 585w, https:\/\/1001voyagesgourmands.com\/wp-content\/uploads\/2018\/10\/Bordeaux-21-263x175.jpg 263w, https:\/\/1001voyagesgourmands.com\/wp-content\/uploads\/2018\/10\/Bordeaux-21.jpg 1500w\" sizes=\"auto, (max-width: 1024px) 100vw, 1024px\" \/><\/p>\n<p><img loading=\"lazy\" decoding=\"async\" class=\"aligncenter wp-image-21852\" src=\"http:\/\/1001voyagesgourmands.com\/wp-content\/uploads\/2018\/10\/Bordeaux-26-683x1024.jpg\" alt=\"Koncem z\u00e1\u0159\u00ed jsme si daly s holkama sraz v Bordeaux a poda\u0159ilo se n\u00e1m projet trochu i kr\u00e1sn\u00e9 okol\u00ed, samoz\u0159ejm\u011b s n\u011bjakou tou degustac\u00ed v\u00edna.\" width=\"829\" height=\"1243\" srcset=\"https:\/\/1001voyagesgourmands.com\/wp-content\/uploads\/2018\/10\/Bordeaux-26-683x1024.jpg 683w, https:\/\/1001voyagesgourmands.com\/wp-content\/uploads\/2018\/10\/Bordeaux-26-200x300.jpg 200w, https:\/\/1001voyagesgourmands.com\/wp-content\/uploads\/2018\/10\/Bordeaux-26-768x1152.jpg 768w, https:\/\/1001voyagesgourmands.com\/wp-content\/uploads\/2018\/10\/Bordeaux-26-585x878.jpg 585w, https:\/\/1001voyagesgourmands.com\/wp-content\/uploads\/2018\/10\/Bordeaux-26.jpg 1000w\" sizes=\"auto, (max-width: 829px) 100vw, 829px\" \/><\/p>\n<p><img loading=\"lazy\" decoding=\"async\" class=\"aligncenter wp-image-21848\" src=\"http:\/\/1001voyagesgourmands.com\/wp-content\/uploads\/2018\/10\/Bordeaux-24-683x1024.jpg\" alt=\"Koncem z\u00e1\u0159\u00ed jsme si daly s holkama sraz v Bordeaux a poda\u0159ilo se n\u00e1m projet trochu i kr\u00e1sn\u00e9 okol\u00ed, samoz\u0159ejm\u011b s n\u011bjakou tou degustac\u00ed v\u00edna.\" width=\"813\" height=\"1219\" srcset=\"https:\/\/1001voyagesgourmands.com\/wp-content\/uploads\/2018\/10\/Bordeaux-24-683x1024.jpg 683w, https:\/\/1001voyagesgourmands.com\/wp-content\/uploads\/2018\/10\/Bordeaux-24-200x300.jpg 200w, https:\/\/1001voyagesgourmands.com\/wp-content\/uploads\/2018\/10\/Bordeaux-24-768x1152.jpg 768w, https:\/\/1001voyagesgourmands.com\/wp-content\/uploads\/2018\/10\/Bordeaux-24-585x878.jpg 585w, https:\/\/1001voyagesgourmands.com\/wp-content\/uploads\/2018\/10\/Bordeaux-24.jpg 1000w\" sizes=\"auto, (max-width: 813px) 100vw, 813px\" \/><\/p>\n<p><img loading=\"lazy\" decoding=\"async\" class=\"aligncenter wp-image-21854\" src=\"http:\/\/1001voyagesgourmands.com\/wp-content\/uploads\/2018\/10\/Bordeaux-27-683x1024.jpg\" alt=\"Koncem z\u00e1\u0159\u00ed jsme si daly s holkama sraz v Bordeaux a poda\u0159ilo se n\u00e1m projet trochu i kr\u00e1sn\u00e9 okol\u00ed, samoz\u0159ejm\u011b s n\u011bjakou tou degustac\u00ed v\u00edna.\" width=\"808\" height=\"1211\" srcset=\"https:\/\/1001voyagesgourmands.com\/wp-content\/uploads\/2018\/10\/Bordeaux-27-683x1024.jpg 683w, https:\/\/1001voyagesgourmands.com\/wp-content\/uploads\/2018\/10\/Bordeaux-27-200x300.jpg 200w, https:\/\/1001voyagesgourmands.com\/wp-content\/uploads\/2018\/10\/Bordeaux-27-768x1152.jpg 768w, https:\/\/1001voyagesgourmands.com\/wp-content\/uploads\/2018\/10\/Bordeaux-27-585x878.jpg 585w, https:\/\/1001voyagesgourmands.com\/wp-content\/uploads\/2018\/10\/Bordeaux-27.jpg 1000w\" sizes=\"auto, (max-width: 808px) 100vw, 808px\" \/><\/p>\n<p><img loading=\"lazy\" decoding=\"async\" class=\"aligncenter wp-image-21856\" src=\"http:\/\/1001voyagesgourmands.com\/wp-content\/uploads\/2018\/10\/Bordeaux-28-683x1024.jpg\" alt=\"Koncem z\u00e1\u0159\u00ed jsme si daly s holkama sraz v Bordeaux a poda\u0159ilo se n\u00e1m projet trochu i kr\u00e1sn\u00e9 okol\u00ed, samoz\u0159ejm\u011b s n\u011bjakou tou degustac\u00ed v\u00edna.\" width=\"871\" height=\"1306\" srcset=\"https:\/\/1001voyagesgourmands.com\/wp-content\/uploads\/2018\/10\/Bordeaux-28-683x1024.jpg 683w, https:\/\/1001voyagesgourmands.com\/wp-content\/uploads\/2018\/10\/Bordeaux-28-200x300.jpg 200w, https:\/\/1001voyagesgourmands.com\/wp-content\/uploads\/2018\/10\/Bordeaux-28-768x1152.jpg 768w, https:\/\/1001voyagesgourmands.com\/wp-content\/uploads\/2018\/10\/Bordeaux-28-585x878.jpg 585w, https:\/\/1001voyagesgourmands.com\/wp-content\/uploads\/2018\/10\/Bordeaux-28.jpg 1000w\" sizes=\"auto, (max-width: 871px) 100vw, 871px\" \/><\/p>\n<p><img loading=\"lazy\" decoding=\"async\" class=\"aligncenter wp-image-21858\" src=\"http:\/\/1001voyagesgourmands.com\/wp-content\/uploads\/2018\/10\/Bordeaux-29-683x1024.jpg\" alt=\"Koncem z\u00e1\u0159\u00ed jsme si daly s holkama sraz v Bordeaux a poda\u0159ilo se n\u00e1m projet trochu i kr\u00e1sn\u00e9 okol\u00ed, samoz\u0159ejm\u011b s n\u011bjakou tou degustac\u00ed v\u00edna.\" width=\"883\" height=\"1324\" srcset=\"https:\/\/1001voyagesgourmands.com\/wp-content\/uploads\/2018\/10\/Bordeaux-29-683x1024.jpg 683w, https:\/\/1001voyagesgourmands.com\/wp-content\/uploads\/2018\/10\/Bordeaux-29-200x300.jpg 200w, https:\/\/1001voyagesgourmands.com\/wp-content\/uploads\/2018\/10\/Bordeaux-29-768x1152.jpg 768w, https:\/\/1001voyagesgourmands.com\/wp-content\/uploads\/2018\/10\/Bordeaux-29-585x878.jpg 585w, https:\/\/1001voyagesgourmands.com\/wp-content\/uploads\/2018\/10\/Bordeaux-29.jpg 1000w\" sizes=\"auto, (max-width: 883px) 100vw, 883px\" \/><\/p>\n<p><img loading=\"lazy\" decoding=\"async\" class=\"aligncenter size-large wp-image-21846\" src=\"http:\/\/1001voyagesgourmands.com\/wp-content\/uploads\/2018\/10\/Bordeaux-23-1024x683.jpg\" alt=\"Koncem z\u00e1\u0159\u00ed jsme si daly s holkama sraz v Bordeaux a poda\u0159ilo se n\u00e1m projet trochu i kr\u00e1sn\u00e9 okol\u00ed, samoz\u0159ejm\u011b s n\u011bjakou tou degustac\u00ed v\u00edna.\" width=\"1024\" height=\"683\" srcset=\"https:\/\/1001voyagesgourmands.com\/wp-content\/uploads\/2018\/10\/Bordeaux-23-1024x683.jpg 1024w, https:\/\/1001voyagesgourmands.com\/wp-content\/uploads\/2018\/10\/Bordeaux-23-300x200.jpg 300w, https:\/\/1001voyagesgourmands.com\/wp-content\/uploads\/2018\/10\/Bordeaux-23-768x512.jpg 768w, https:\/\/1001voyagesgourmands.com\/wp-content\/uploads\/2018\/10\/Bordeaux-23-1170x780.jpg 1170w, https:\/\/1001voyagesgourmands.com\/wp-content\/uploads\/2018\/10\/Bordeaux-23-585x390.jpg 585w, https:\/\/1001voyagesgourmands.com\/wp-content\/uploads\/2018\/10\/Bordeaux-23-263x175.jpg 263w, https:\/\/1001voyagesgourmands.com\/wp-content\/uploads\/2018\/10\/Bordeaux-23.jpg 1500w\" sizes=\"auto, (max-width: 1024px) 100vw, 1024px\" \/><\/p>\n<p><img loading=\"lazy\" decoding=\"async\" class=\"aligncenter wp-image-21860\" src=\"http:\/\/1001voyagesgourmands.com\/wp-content\/uploads\/2018\/10\/Bordeaux-30-683x1024.jpg\" alt=\"Koncem z\u00e1\u0159\u00ed jsme si daly s holkama sraz v Bordeaux a poda\u0159ilo se n\u00e1m projet trochu i kr\u00e1sn\u00e9 okol\u00ed, samoz\u0159ejm\u011b s n\u011bjakou tou degustac\u00ed v\u00edna.\" width=\"974\" height=\"1460\" srcset=\"https:\/\/1001voyagesgourmands.com\/wp-content\/uploads\/2018\/10\/Bordeaux-30-683x1024.jpg 683w, https:\/\/1001voyagesgourmands.com\/wp-content\/uploads\/2018\/10\/Bordeaux-30-200x300.jpg 200w, https:\/\/1001voyagesgourmands.com\/wp-content\/uploads\/2018\/10\/Bordeaux-30-768x1152.jpg 768w, https:\/\/1001voyagesgourmands.com\/wp-content\/uploads\/2018\/10\/Bordeaux-30-585x878.jpg 585w, https:\/\/1001voyagesgourmands.com\/wp-content\/uploads\/2018\/10\/Bordeaux-30.jpg 1000w\" sizes=\"auto, (max-width: 974px) 100vw, 974px\" \/><\/p>\n<p><img loading=\"lazy\" decoding=\"async\" class=\"aligncenter wp-image-21862\" src=\"http:\/\/1001voyagesgourmands.com\/wp-content\/uploads\/2018\/10\/Bordeaux-31-683x1024.jpg\" alt=\"Koncem z\u00e1\u0159\u00ed jsme si daly s holkama sraz v Bordeaux a poda\u0159ilo se n\u00e1m projet trochu i kr\u00e1sn\u00e9 okol\u00ed, samoz\u0159ejm\u011b s n\u011bjakou tou degustac\u00ed v\u00edna.\" width=\"853\" height=\"1279\" srcset=\"https:\/\/1001voyagesgourmands.com\/wp-content\/uploads\/2018\/10\/Bordeaux-31-683x1024.jpg 683w, https:\/\/1001voyagesgourmands.com\/wp-content\/uploads\/2018\/10\/Bordeaux-31-200x300.jpg 200w, https:\/\/1001voyagesgourmands.com\/wp-content\/uploads\/2018\/10\/Bordeaux-31-768x1152.jpg 768w, https:\/\/1001voyagesgourmands.com\/wp-content\/uploads\/2018\/10\/Bordeaux-31-585x878.jpg 585w, https:\/\/1001voyagesgourmands.com\/wp-content\/uploads\/2018\/10\/Bordeaux-31.jpg 1000w\" sizes=\"auto, (max-width: 853px) 100vw, 853px\" \/><\/p>\n<p><img loading=\"lazy\" decoding=\"async\" class=\"aligncenter wp-image-21864\" src=\"http:\/\/1001voyagesgourmands.com\/wp-content\/uploads\/2018\/10\/Bordeaux-32-683x1024.jpg\" alt=\"Koncem z\u00e1\u0159\u00ed jsme si daly s holkama sraz v Bordeaux a poda\u0159ilo se n\u00e1m projet trochu i kr\u00e1sn\u00e9 okol\u00ed, samoz\u0159ejm\u011b s n\u011bjakou tou degustac\u00ed v\u00edna.\" width=\"821\" height=\"1231\" srcset=\"https:\/\/1001voyagesgourmands.com\/wp-content\/uploads\/2018\/10\/Bordeaux-32-683x1024.jpg 683w, https:\/\/1001voyagesgourmands.com\/wp-content\/uploads\/2018\/10\/Bordeaux-32-200x300.jpg 200w, https:\/\/1001voyagesgourmands.com\/wp-content\/uploads\/2018\/10\/Bordeaux-32-768x1152.jpg 768w, https:\/\/1001voyagesgourmands.com\/wp-content\/uploads\/2018\/10\/Bordeaux-32-585x878.jpg 585w, https:\/\/1001voyagesgourmands.com\/wp-content\/uploads\/2018\/10\/Bordeaux-32.jpg 1000w\" sizes=\"auto, (max-width: 821px) 100vw, 821px\" \/><\/p>\n<p><img loading=\"lazy\" decoding=\"async\" class=\"aligncenter wp-image-21866\" src=\"http:\/\/1001voyagesgourmands.com\/wp-content\/uploads\/2018\/10\/Bordeaux-33-683x1024.jpg\" alt=\"Koncem z\u00e1\u0159\u00ed jsme si daly s holkama sraz v Bordeaux a poda\u0159ilo se n\u00e1m projet trochu i kr\u00e1sn\u00e9 okol\u00ed, samoz\u0159ejm\u011b s n\u011bjakou tou degustac\u00ed v\u00edna.\" width=\"873\" height=\"1309\" srcset=\"https:\/\/1001voyagesgourmands.com\/wp-content\/uploads\/2018\/10\/Bordeaux-33-683x1024.jpg 683w, https:\/\/1001voyagesgourmands.com\/wp-content\/uploads\/2018\/10\/Bordeaux-33-200x300.jpg 200w, https:\/\/1001voyagesgourmands.com\/wp-content\/uploads\/2018\/10\/Bordeaux-33-768x1152.jpg 768w, https:\/\/1001voyagesgourmands.com\/wp-content\/uploads\/2018\/10\/Bordeaux-33-585x878.jpg 585w, https:\/\/1001voyagesgourmands.com\/wp-content\/uploads\/2018\/10\/Bordeaux-33.jpg 1000w\" sizes=\"auto, (max-width: 873px) 100vw, 873px\" \/><\/p>\n<p><img loading=\"lazy\" decoding=\"async\" class=\"aligncenter wp-image-21868\" src=\"http:\/\/1001voyagesgourmands.com\/wp-content\/uploads\/2018\/10\/Bordeaux-34-683x1024.jpg\" alt=\"Koncem z\u00e1\u0159\u00ed jsme si daly s holkama sraz v Bordeaux a poda\u0159ilo se n\u00e1m projet trochu i kr\u00e1sn\u00e9 okol\u00ed, samoz\u0159ejm\u011b s n\u011bjakou tou degustac\u00ed v\u00edna.\" width=\"840\" height=\"1259\" srcset=\"https:\/\/1001voyagesgourmands.com\/wp-content\/uploads\/2018\/10\/Bordeaux-34-683x1024.jpg 683w, https:\/\/1001voyagesgourmands.com\/wp-content\/uploads\/2018\/10\/Bordeaux-34-200x300.jpg 200w, https:\/\/1001voyagesgourmands.com\/wp-content\/uploads\/2018\/10\/Bordeaux-34-768x1152.jpg 768w, https:\/\/1001voyagesgourmands.com\/wp-content\/uploads\/2018\/10\/Bordeaux-34-585x878.jpg 585w, https:\/\/1001voyagesgourmands.com\/wp-content\/uploads\/2018\/10\/Bordeaux-34.jpg 1000w\" sizes=\"auto, (max-width: 840px) 100vw, 840px\" \/><\/p>\n<p><img loading=\"lazy\" decoding=\"async\" class=\"aligncenter size-large wp-image-21870\" src=\"http:\/\/1001voyagesgourmands.com\/wp-content\/uploads\/2018\/10\/Bordeaux-35-1024x683.jpg\" alt=\"Koncem z\u00e1\u0159\u00ed jsme si daly s holkama sraz v Bordeaux a poda\u0159ilo se n\u00e1m projet trochu i kr\u00e1sn\u00e9 okol\u00ed, samoz\u0159ejm\u011b s n\u011bjakou tou degustac\u00ed v\u00edna.\" width=\"1024\" height=\"683\" srcset=\"https:\/\/1001voyagesgourmands.com\/wp-content\/uploads\/2018\/10\/Bordeaux-35-1024x683.jpg 1024w, https:\/\/1001voyagesgourmands.com\/wp-content\/uploads\/2018\/10\/Bordeaux-35-300x200.jpg 300w, https:\/\/1001voyagesgourmands.com\/wp-content\/uploads\/2018\/10\/Bordeaux-35-768x512.jpg 768w, https:\/\/1001voyagesgourmands.com\/wp-content\/uploads\/2018\/10\/Bordeaux-35-1170x780.jpg 1170w, https:\/\/1001voyagesgourmands.com\/wp-content\/uploads\/2018\/10\/Bordeaux-35-585x390.jpg 585w, https:\/\/1001voyagesgourmands.com\/wp-content\/uploads\/2018\/10\/Bordeaux-35-263x175.jpg 263w, https:\/\/1001voyagesgourmands.com\/wp-content\/uploads\/2018\/10\/Bordeaux-35.jpg 1500w\" sizes=\"auto, (max-width: 1024px) 100vw, 1024px\" \/><\/p>\n<p><img loading=\"lazy\" decoding=\"async\" class=\"aligncenter wp-image-21872\" src=\"http:\/\/1001voyagesgourmands.com\/wp-content\/uploads\/2018\/10\/Bordeaux-36-683x1024.jpg\" alt=\"Koncem z\u00e1\u0159\u00ed jsme si daly s holkama sraz v Bordeaux a poda\u0159ilo se n\u00e1m projet trochu i kr\u00e1sn\u00e9 okol\u00ed, samoz\u0159ejm\u011b s n\u011bjakou tou degustac\u00ed v\u00edna.\" width=\"897\" height=\"1345\" srcset=\"https:\/\/1001voyagesgourmands.com\/wp-content\/uploads\/2018\/10\/Bordeaux-36-683x1024.jpg 683w, https:\/\/1001voyagesgourmands.com\/wp-content\/uploads\/2018\/10\/Bordeaux-36-200x300.jpg 200w, https:\/\/1001voyagesgourmands.com\/wp-content\/uploads\/2018\/10\/Bordeaux-36-768x1152.jpg 768w, https:\/\/1001voyagesgourmands.com\/wp-content\/uploads\/2018\/10\/Bordeaux-36-585x878.jpg 585w, https:\/\/1001voyagesgourmands.com\/wp-content\/uploads\/2018\/10\/Bordeaux-36.jpg 1000w\" sizes=\"auto, (max-width: 897px) 100vw, 897px\" \/><\/p>\n<p><img loading=\"lazy\" decoding=\"async\" class=\"aligncenter wp-image-21876\" src=\"http:\/\/1001voyagesgourmands.com\/wp-content\/uploads\/2018\/10\/Bordeaux-38-683x1024.jpg\" alt=\"Koncem z\u00e1\u0159\u00ed jsme si daly s holkama sraz v Bordeaux a poda\u0159ilo se n\u00e1m projet trochu i kr\u00e1sn\u00e9 okol\u00ed, samoz\u0159ejm\u011b s n\u011bjakou tou degustac\u00ed v\u00edna.\" width=\"792\" height=\"1187\" srcset=\"https:\/\/1001voyagesgourmands.com\/wp-content\/uploads\/2018\/10\/Bordeaux-38-683x1024.jpg 683w, https:\/\/1001voyagesgourmands.com\/wp-content\/uploads\/2018\/10\/Bordeaux-38-200x300.jpg 200w, https:\/\/1001voyagesgourmands.com\/wp-content\/uploads\/2018\/10\/Bordeaux-38-768x1152.jpg 768w, https:\/\/1001voyagesgourmands.com\/wp-content\/uploads\/2018\/10\/Bordeaux-38-585x878.jpg 585w, https:\/\/1001voyagesgourmands.com\/wp-content\/uploads\/2018\/10\/Bordeaux-38.jpg 1000w\" sizes=\"auto, (max-width: 792px) 100vw, 792px\" \/><\/p>\n<p><img loading=\"lazy\" decoding=\"async\" class=\"aligncenter wp-image-21878\" src=\"http:\/\/1001voyagesgourmands.com\/wp-content\/uploads\/2018\/10\/Bordeaux-39-683x1024.jpg\" alt=\"Koncem z\u00e1\u0159\u00ed jsme si daly s holkama sraz v Bordeaux a poda\u0159ilo se n\u00e1m projet trochu i kr\u00e1sn\u00e9 okol\u00ed, samoz\u0159ejm\u011b s n\u011bjakou tou degustac\u00ed v\u00edna.\" width=\"849\" height=\"1273\" srcset=\"https:\/\/1001voyagesgourmands.com\/wp-content\/uploads\/2018\/10\/Bordeaux-39-683x1024.jpg 683w, https:\/\/1001voyagesgourmands.com\/wp-content\/uploads\/2018\/10\/Bordeaux-39-200x300.jpg 200w, https:\/\/1001voyagesgourmands.com\/wp-content\/uploads\/2018\/10\/Bordeaux-39-768x1152.jpg 768w, https:\/\/1001voyagesgourmands.com\/wp-content\/uploads\/2018\/10\/Bordeaux-39-585x878.jpg 585w, https:\/\/1001voyagesgourmands.com\/wp-content\/uploads\/2018\/10\/Bordeaux-39.jpg 1000w\" sizes=\"auto, (max-width: 849px) 100vw, 849px\" \/><\/p>\n<p><img loading=\"lazy\" decoding=\"async\" class=\"aligncenter wp-image-21915\" src=\"http:\/\/1001voyagesgourmands.com\/wp-content\/uploads\/2018\/10\/Bordeaux-56-683x1024.jpg\" alt=\"Koncem z\u00e1\u0159\u00ed jsme si daly s holkama sraz v Bordeaux a poda\u0159ilo se n\u00e1m projet trochu i kr\u00e1sn\u00e9 okol\u00ed, samoz\u0159ejm\u011b s n\u011bjakou tou degustac\u00ed v\u00edna.\" width=\"810\" height=\"1214\" srcset=\"https:\/\/1001voyagesgourmands.com\/wp-content\/uploads\/2018\/10\/Bordeaux-56-683x1024.jpg 683w, https:\/\/1001voyagesgourmands.com\/wp-content\/uploads\/2018\/10\/Bordeaux-56-200x300.jpg 200w, https:\/\/1001voyagesgourmands.com\/wp-content\/uploads\/2018\/10\/Bordeaux-56-768x1152.jpg 768w, https:\/\/1001voyagesgourmands.com\/wp-content\/uploads\/2018\/10\/Bordeaux-56-585x878.jpg 585w, https:\/\/1001voyagesgourmands.com\/wp-content\/uploads\/2018\/10\/Bordeaux-56.jpg 1000w\" sizes=\"auto, (max-width: 810px) 100vw, 810px\" \/><\/p>\n<p><img loading=\"lazy\" decoding=\"async\" class=\"aligncenter wp-image-21880\" src=\"http:\/\/1001voyagesgourmands.com\/wp-content\/uploads\/2018\/10\/Bordeaux-40-683x1024.jpg\" alt=\"Koncem z\u00e1\u0159\u00ed jsme si daly s holkama sraz v Bordeaux a poda\u0159ilo se n\u00e1m projet trochu i kr\u00e1sn\u00e9 okol\u00ed, samoz\u0159ejm\u011b s n\u011bjakou tou degustac\u00ed v\u00edna.\" width=\"900\" height=\"1349\" srcset=\"https:\/\/1001voyagesgourmands.com\/wp-content\/uploads\/2018\/10\/Bordeaux-40-683x1024.jpg 683w, https:\/\/1001voyagesgourmands.com\/wp-content\/uploads\/2018\/10\/Bordeaux-40-200x300.jpg 200w, https:\/\/1001voyagesgourmands.com\/wp-content\/uploads\/2018\/10\/Bordeaux-40-768x1152.jpg 768w, https:\/\/1001voyagesgourmands.com\/wp-content\/uploads\/2018\/10\/Bordeaux-40-585x878.jpg 585w, https:\/\/1001voyagesgourmands.com\/wp-content\/uploads\/2018\/10\/Bordeaux-40.jpg 1000w\" sizes=\"auto, (max-width: 900px) 100vw, 900px\" \/><\/p>\n<p><img loading=\"lazy\" decoding=\"async\" class=\"aligncenter size-large wp-image-21886\" src=\"http:\/\/1001voyagesgourmands.com\/wp-content\/uploads\/2018\/10\/Bordeaux-43-1024x683.jpg\" alt=\"Koncem z\u00e1\u0159\u00ed jsme si daly s holkama sraz v Bordeaux a poda\u0159ilo se n\u00e1m projet trochu i kr\u00e1sn\u00e9 okol\u00ed, samoz\u0159ejm\u011b s n\u011bjakou tou degustac\u00ed v\u00edna.\" width=\"1024\" height=\"683\" srcset=\"https:\/\/1001voyagesgourmands.com\/wp-content\/uploads\/2018\/10\/Bordeaux-43-1024x683.jpg 1024w, https:\/\/1001voyagesgourmands.com\/wp-content\/uploads\/2018\/10\/Bordeaux-43-300x200.jpg 300w, https:\/\/1001voyagesgourmands.com\/wp-content\/uploads\/2018\/10\/Bordeaux-43-768x512.jpg 768w, https:\/\/1001voyagesgourmands.com\/wp-content\/uploads\/2018\/10\/Bordeaux-43-1170x780.jpg 1170w, https:\/\/1001voyagesgourmands.com\/wp-content\/uploads\/2018\/10\/Bordeaux-43-585x390.jpg 585w, https:\/\/1001voyagesgourmands.com\/wp-content\/uploads\/2018\/10\/Bordeaux-43-263x175.jpg 263w, https:\/\/1001voyagesgourmands.com\/wp-content\/uploads\/2018\/10\/Bordeaux-43.jpg 1500w\" sizes=\"auto, (max-width: 1024px) 100vw, 1024px\" \/><\/p>\n<p><img loading=\"lazy\" decoding=\"async\" class=\"aligncenter wp-image-21884\" src=\"http:\/\/1001voyagesgourmands.com\/wp-content\/uploads\/2018\/10\/Bordeaux-42-683x1024.jpg\" alt=\"Koncem z\u00e1\u0159\u00ed jsme si daly s holkama sraz v Bordeaux a poda\u0159ilo se n\u00e1m projet trochu i kr\u00e1sn\u00e9 okol\u00ed, samoz\u0159ejm\u011b s n\u011bjakou tou degustac\u00ed v\u00edna.\" width=\"882\" height=\"1322\" srcset=\"https:\/\/1001voyagesgourmands.com\/wp-content\/uploads\/2018\/10\/Bordeaux-42-683x1024.jpg 683w, https:\/\/1001voyagesgourmands.com\/wp-content\/uploads\/2018\/10\/Bordeaux-42-200x300.jpg 200w, https:\/\/1001voyagesgourmands.com\/wp-content\/uploads\/2018\/10\/Bordeaux-42-768x1152.jpg 768w, https:\/\/1001voyagesgourmands.com\/wp-content\/uploads\/2018\/10\/Bordeaux-42-585x878.jpg 585w, https:\/\/1001voyagesgourmands.com\/wp-content\/uploads\/2018\/10\/Bordeaux-42.jpg 1000w\" sizes=\"auto, (max-width: 882px) 100vw, 882px\" \/><\/p>\n<p><img loading=\"lazy\" decoding=\"async\" class=\"aligncenter size-large wp-image-21882\" src=\"http:\/\/1001voyagesgourmands.com\/wp-content\/uploads\/2018\/10\/Bordeaux-41-1024x683.jpg\" alt=\"Koncem z\u00e1\u0159\u00ed jsme si daly s holkama sraz v Bordeaux a poda\u0159ilo se n\u00e1m projet trochu i kr\u00e1sn\u00e9 okol\u00ed, samoz\u0159ejm\u011b s n\u011bjakou tou degustac\u00ed v\u00edna.\" width=\"1024\" height=\"683\" srcset=\"https:\/\/1001voyagesgourmands.com\/wp-content\/uploads\/2018\/10\/Bordeaux-41-1024x683.jpg 1024w, https:\/\/1001voyagesgourmands.com\/wp-content\/uploads\/2018\/10\/Bordeaux-41-300x200.jpg 300w, https:\/\/1001voyagesgourmands.com\/wp-content\/uploads\/2018\/10\/Bordeaux-41-768x512.jpg 768w, https:\/\/1001voyagesgourmands.com\/wp-content\/uploads\/2018\/10\/Bordeaux-41-1170x780.jpg 1170w, https:\/\/1001voyagesgourmands.com\/wp-content\/uploads\/2018\/10\/Bordeaux-41-585x390.jpg 585w, https:\/\/1001voyagesgourmands.com\/wp-content\/uploads\/2018\/10\/Bordeaux-41-263x175.jpg 263w, https:\/\/1001voyagesgourmands.com\/wp-content\/uploads\/2018\/10\/Bordeaux-41.jpg 1500w\" sizes=\"auto, (max-width: 1024px) 100vw, 1024px\" \/><\/p>\n<p><img loading=\"lazy\" decoding=\"async\" class=\"aligncenter wp-image-21888\" src=\"http:\/\/1001voyagesgourmands.com\/wp-content\/uploads\/2018\/10\/Bordeaux-44-683x1024.jpg\" alt=\"Koncem z\u00e1\u0159\u00ed jsme si daly s holkama sraz v Bordeaux a poda\u0159ilo se n\u00e1m projet trochu i kr\u00e1sn\u00e9 okol\u00ed, samoz\u0159ejm\u011b s n\u011bjakou tou degustac\u00ed v\u00edna.\" width=\"914\" height=\"1370\" srcset=\"https:\/\/1001voyagesgourmands.com\/wp-content\/uploads\/2018\/10\/Bordeaux-44-683x1024.jpg 683w, https:\/\/1001voyagesgourmands.com\/wp-content\/uploads\/2018\/10\/Bordeaux-44-200x300.jpg 200w, https:\/\/1001voyagesgourmands.com\/wp-content\/uploads\/2018\/10\/Bordeaux-44-768x1152.jpg 768w, https:\/\/1001voyagesgourmands.com\/wp-content\/uploads\/2018\/10\/Bordeaux-44-585x878.jpg 585w, https:\/\/1001voyagesgourmands.com\/wp-content\/uploads\/2018\/10\/Bordeaux-44.jpg 1000w\" sizes=\"auto, (max-width: 914px) 100vw, 914px\" \/><\/p>\n<p><img loading=\"lazy\" decoding=\"async\" class=\"aligncenter wp-image-21892\" src=\"http:\/\/1001voyagesgourmands.com\/wp-content\/uploads\/2018\/10\/Bordeaux-46-683x1024.jpg\" alt=\"Koncem z\u00e1\u0159\u00ed jsme si daly s holkama sraz v Bordeaux a poda\u0159ilo se n\u00e1m projet trochu i kr\u00e1sn\u00e9 okol\u00ed, samoz\u0159ejm\u011b s n\u011bjakou tou degustac\u00ed v\u00edna.\" width=\"823\" height=\"1234\" srcset=\"https:\/\/1001voyagesgourmands.com\/wp-content\/uploads\/2018\/10\/Bordeaux-46-683x1024.jpg 683w, https:\/\/1001voyagesgourmands.com\/wp-content\/uploads\/2018\/10\/Bordeaux-46-200x300.jpg 200w, https:\/\/1001voyagesgourmands.com\/wp-content\/uploads\/2018\/10\/Bordeaux-46-768x1152.jpg 768w, https:\/\/1001voyagesgourmands.com\/wp-content\/uploads\/2018\/10\/Bordeaux-46-585x878.jpg 585w, https:\/\/1001voyagesgourmands.com\/wp-content\/uploads\/2018\/10\/Bordeaux-46.jpg 1000w\" sizes=\"auto, (max-width: 823px) 100vw, 823px\" \/><\/p>\n<p><img loading=\"lazy\" decoding=\"async\" class=\"aligncenter size-large wp-image-21896\" src=\"http:\/\/1001voyagesgourmands.com\/wp-content\/uploads\/2018\/10\/Bordeaux-48-1024x683.jpg\" alt=\"Koncem z\u00e1\u0159\u00ed jsme si daly s holkama sraz v Bordeaux a poda\u0159ilo se n\u00e1m projet trochu i kr\u00e1sn\u00e9 okol\u00ed, samoz\u0159ejm\u011b s n\u011bjakou tou degustac\u00ed v\u00edna.\" width=\"1024\" height=\"683\" srcset=\"https:\/\/1001voyagesgourmands.com\/wp-content\/uploads\/2018\/10\/Bordeaux-48-1024x683.jpg 1024w, https:\/\/1001voyagesgourmands.com\/wp-content\/uploads\/2018\/10\/Bordeaux-48-300x200.jpg 300w, https:\/\/1001voyagesgourmands.com\/wp-content\/uploads\/2018\/10\/Bordeaux-48-768x512.jpg 768w, https:\/\/1001voyagesgourmands.com\/wp-content\/uploads\/2018\/10\/Bordeaux-48-1170x780.jpg 1170w, https:\/\/1001voyagesgourmands.com\/wp-content\/uploads\/2018\/10\/Bordeaux-48-585x390.jpg 585w, https:\/\/1001voyagesgourmands.com\/wp-content\/uploads\/2018\/10\/Bordeaux-48-263x175.jpg 263w, https:\/\/1001voyagesgourmands.com\/wp-content\/uploads\/2018\/10\/Bordeaux-48.jpg 1500w\" sizes=\"auto, (max-width: 1024px) 100vw, 1024px\" \/><\/p>\n<p><img loading=\"lazy\" decoding=\"async\" class=\"aligncenter wp-image-21894\" src=\"http:\/\/1001voyagesgourmands.com\/wp-content\/uploads\/2018\/10\/Bordeaux-47-683x1024.jpg\" alt=\"Koncem z\u00e1\u0159\u00ed jsme si daly s holkama sraz v Bordeaux a poda\u0159ilo se n\u00e1m projet trochu i kr\u00e1sn\u00e9 okol\u00ed, samoz\u0159ejm\u011b s n\u011bjakou tou degustac\u00ed v\u00edna.\" width=\"793\" height=\"1189\" srcset=\"https:\/\/1001voyagesgourmands.com\/wp-content\/uploads\/2018\/10\/Bordeaux-47-683x1024.jpg 683w, https:\/\/1001voyagesgourmands.com\/wp-content\/uploads\/2018\/10\/Bordeaux-47-200x300.jpg 200w, https:\/\/1001voyagesgourmands.com\/wp-content\/uploads\/2018\/10\/Bordeaux-47-768x1152.jpg 768w, https:\/\/1001voyagesgourmands.com\/wp-content\/uploads\/2018\/10\/Bordeaux-47-585x878.jpg 585w, https:\/\/1001voyagesgourmands.com\/wp-content\/uploads\/2018\/10\/Bordeaux-47.jpg 1000w\" sizes=\"auto, (max-width: 793px) 100vw, 793px\" \/><\/p>\n<p><img loading=\"lazy\" decoding=\"async\" class=\"aligncenter size-large wp-image-21898\" src=\"http:\/\/1001voyagesgourmands.com\/wp-content\/uploads\/2018\/10\/Bordeaux-49-1024x683.jpg\" alt=\"Koncem z\u00e1\u0159\u00ed jsme si daly s holkama sraz v Bordeaux a poda\u0159ilo se n\u00e1m projet trochu i kr\u00e1sn\u00e9 okol\u00ed, samoz\u0159ejm\u011b s n\u011bjakou tou degustac\u00ed v\u00edna.\" width=\"1024\" height=\"683\" srcset=\"https:\/\/1001voyagesgourmands.com\/wp-content\/uploads\/2018\/10\/Bordeaux-49-1024x683.jpg 1024w, https:\/\/1001voyagesgourmands.com\/wp-content\/uploads\/2018\/10\/Bordeaux-49-300x200.jpg 300w, https:\/\/1001voyagesgourmands.com\/wp-content\/uploads\/2018\/10\/Bordeaux-49-768x512.jpg 768w, https:\/\/1001voyagesgourmands.com\/wp-content\/uploads\/2018\/10\/Bordeaux-49-1170x780.jpg 1170w, https:\/\/1001voyagesgourmands.com\/wp-content\/uploads\/2018\/10\/Bordeaux-49-585x390.jpg 585w, https:\/\/1001voyagesgourmands.com\/wp-content\/uploads\/2018\/10\/Bordeaux-49-263x175.jpg 263w, https:\/\/1001voyagesgourmands.com\/wp-content\/uploads\/2018\/10\/Bordeaux-49.jpg 1500w\" sizes=\"auto, (max-width: 1024px) 100vw, 1024px\" \/><\/p>\n<p><img loading=\"lazy\" decoding=\"async\" class=\"aligncenter size-large wp-image-21900\" src=\"http:\/\/1001voyagesgourmands.com\/wp-content\/uploads\/2018\/10\/Bordeaux-52-1024x683.jpg\" alt=\"Koncem z\u00e1\u0159\u00ed jsme si daly s holkama sraz v Bordeaux a poda\u0159ilo se n\u00e1m projet trochu i kr\u00e1sn\u00e9 okol\u00ed, samoz\u0159ejm\u011b s n\u011bjakou tou degustac\u00ed v\u00edna.\" width=\"1024\" height=\"683\" srcset=\"https:\/\/1001voyagesgourmands.com\/wp-content\/uploads\/2018\/10\/Bordeaux-52-1024x683.jpg 1024w, https:\/\/1001voyagesgourmands.com\/wp-content\/uploads\/2018\/10\/Bordeaux-52-300x200.jpg 300w, https:\/\/1001voyagesgourmands.com\/wp-content\/uploads\/2018\/10\/Bordeaux-52-768x512.jpg 768w, https:\/\/1001voyagesgourmands.com\/wp-content\/uploads\/2018\/10\/Bordeaux-52-1170x780.jpg 1170w, https:\/\/1001voyagesgourmands.com\/wp-content\/uploads\/2018\/10\/Bordeaux-52-585x390.jpg 585w, https:\/\/1001voyagesgourmands.com\/wp-content\/uploads\/2018\/10\/Bordeaux-52-263x175.jpg 263w, https:\/\/1001voyagesgourmands.com\/wp-content\/uploads\/2018\/10\/Bordeaux-52.jpg 1500w\" sizes=\"auto, (max-width: 1024px) 100vw, 1024px\" \/><\/p>\n<p><img loading=\"lazy\" decoding=\"async\" class=\"aligncenter size-large wp-image-21927\" src=\"http:\/\/1001voyagesgourmands.com\/wp-content\/uploads\/2018\/10\/Bordeaux-58-1024x683.jpg\" alt=\"Koncem z\u00e1\u0159\u00ed jsme si daly s holkama sraz v Bordeaux a poda\u0159ilo se n\u00e1m projet trochu i kr\u00e1sn\u00e9 okol\u00ed, samoz\u0159ejm\u011b s n\u011bjakou tou degustac\u00ed v\u00edna.\" width=\"1024\" height=\"683\" srcset=\"https:\/\/1001voyagesgourmands.com\/wp-content\/uploads\/2018\/10\/Bordeaux-58-1024x683.jpg 1024w, https:\/\/1001voyagesgourmands.com\/wp-content\/uploads\/2018\/10\/Bordeaux-58-300x200.jpg 300w, https:\/\/1001voyagesgourmands.com\/wp-content\/uploads\/2018\/10\/Bordeaux-58-768x512.jpg 768w, https:\/\/1001voyagesgourmands.com\/wp-content\/uploads\/2018\/10\/Bordeaux-58-1170x780.jpg 1170w, https:\/\/1001voyagesgourmands.com\/wp-content\/uploads\/2018\/10\/Bordeaux-58-585x390.jpg 585w, https:\/\/1001voyagesgourmands.com\/wp-content\/uploads\/2018\/10\/Bordeaux-58-263x175.jpg 263w, https:\/\/1001voyagesgourmands.com\/wp-content\/uploads\/2018\/10\/Bordeaux-58.jpg 1500w\" sizes=\"auto, (max-width: 1024px) 100vw, 1024px\" \/><\/p>\n<p><img loading=\"lazy\" decoding=\"async\" class=\"aligncenter wp-image-21902\" src=\"http:\/\/1001voyagesgourmands.com\/wp-content\/uploads\/2018\/10\/Bordeaux-53-683x1024.jpg\" alt=\"Koncem z\u00e1\u0159\u00ed jsme si daly s holkama sraz v Bordeaux a poda\u0159ilo se n\u00e1m projet trochu i kr\u00e1sn\u00e9 okol\u00ed, samoz\u0159ejm\u011b s n\u011bjakou tou degustac\u00ed v\u00edna.\" width=\"810\" height=\"1214\" srcset=\"https:\/\/1001voyagesgourmands.com\/wp-content\/uploads\/2018\/10\/Bordeaux-53-683x1024.jpg 683w, https:\/\/1001voyagesgourmands.com\/wp-content\/uploads\/2018\/10\/Bordeaux-53-200x300.jpg 200w, https:\/\/1001voyagesgourmands.com\/wp-content\/uploads\/2018\/10\/Bordeaux-53-768x1152.jpg 768w, https:\/\/1001voyagesgourmands.com\/wp-content\/uploads\/2018\/10\/Bordeaux-53-585x878.jpg 585w, https:\/\/1001voyagesgourmands.com\/wp-content\/uploads\/2018\/10\/Bordeaux-53.jpg 1000w\" sizes=\"auto, (max-width: 810px) 100vw, 810px\" \/><\/p>\n","protected":false},"excerpt":{"rendered":"<p>Koncem z\u00e1\u0159\u00ed jsme si daly s holkama sraz v Bordeaux a n\u00e1\u0161&nbsp;pl\u00e1n byl&nbsp;n\u00e1sleduj\u00edc\u00ed: u\u017e\u00edt si v\u00edkend ve m\u011bst\u011b a projet trochu okol\u00ed, samoz\u0159ejm\u011b s n\u011bjakou tou degustac\u00ed, kdy\u017e u\u017e jsme v hlavn\u00edm m\u011bst\u011b v\u00edna, \u017ee. Z p\u016fvodn\u00edch 4 n\u00e1s teda sice&nbsp;kv\u016fli z\u00e1ke\u0159n\u00e9mu nachlazen\u00ed byly jen&nbsp;3, z \u010deho\u017e jedna&nbsp; \u0159idi\u010dka a&hellip;<\/p>\n","protected":false},"author":1,"featured_media":21868,"comment_status":"open","ping_status":"open","sticky":false,"template":"","format":"standard","meta":{"_exactmetrics_skip_tracking":false,"_exactmetrics_sitenote_active":false,"_exactmetrics_sitenote_note":"","_exactmetrics_sitenote_category":0,"_lmt_disableupdate":"","_lmt_disable":"","footnotes":""},"categories":[4,7],"tags":[40,257,328,339],"class_list":["post-21770","post","type-post","status-publish","format-standard","has-post-thumbnail","hentry","category-cestovani","category-francie","tag-francie","tag-vikendove-vylety","tag-vylety-do-mesta","tag-vylety-za-vinem"],"yoast_head":"<!-- This site is optimized with the Yoast SEO plugin v26.1.1 - https:\/\/yoast.com\/wordpress\/plugins\/seo\/ -->\n<title>V\u00edkend v Bordeaux a okol\u00ed - 1001 Voyages Gourmands<\/title>\n<meta name=\"description\" content=\"Koncem z\u00e1\u0159\u00ed jsme si daly s holkama sraz v Bordeaux a poda\u0159ilo se n\u00e1m projet trochu i kr\u00e1sn\u00e9 okol\u00ed, samoz\u0159ejm\u011b s n\u011bjakou tou degustac\u00ed v\u00edna.\" \/>\n<meta name=\"robots\" content=\"index, follow, max-snippet:-1, max-image-preview:large, max-video-preview:-1\" \/>\n<link rel=\"canonical\" href=\"https:\/\/1001voyagesgourmands.com\/cs\/vikend-v-bordeaux-a-okoli\/\" \/>\n<meta property=\"og:locale\" content=\"cs_CZ\" \/>\n<meta property=\"og:type\" content=\"article\" \/>\n<meta property=\"og:title\" content=\"V\u00edkend v Bordeaux a okol\u00ed - 1001 Voyages Gourmands\" \/>\n<meta property=\"og:description\" content=\"Koncem z\u00e1\u0159\u00ed jsme si daly s holkama sraz v Bordeaux a poda\u0159ilo se n\u00e1m projet trochu i kr\u00e1sn\u00e9 okol\u00ed, samoz\u0159ejm\u011b s n\u011bjakou tou degustac\u00ed v\u00edna.\" \/>\n<meta property=\"og:url\" content=\"https:\/\/1001voyagesgourmands.com\/cs\/vikend-v-bordeaux-a-okoli\/\" \/>\n<meta property=\"og:site_name\" content=\"1001 Voyages Gourmands\" \/>\n<meta property=\"article:publisher\" content=\"https:\/\/www.facebook.com\/1001voyagesgourmands\" \/>\n<meta property=\"article:published_time\" content=\"2018-10-17T21:50:16+00:00\" \/>\n<meta property=\"article:modified_time\" content=\"2018-10-18T21:12:01+00:00\" \/>\n<meta property=\"og:image\" content=\"https:\/\/1001voyagesgourmands.com\/wp-content\/uploads\/2018\/10\/Bordeaux-34.jpg\" \/>\n\t<meta property=\"og:image:width\" content=\"1000\" \/>\n\t<meta property=\"og:image:height\" content=\"1500\" \/>\n\t<meta property=\"og:image:type\" content=\"image\/jpeg\" \/>\n<meta name=\"author\" content=\"Michaela\" \/>\n<meta name=\"twitter:card\" content=\"summary_large_image\" \/>\n<meta name=\"twitter:creator\" content=\"@michaela_1001vg\" \/>\n<meta name=\"twitter:site\" content=\"@michaela_1001vg\" \/>\n<meta name=\"twitter:label1\" content=\"Napsal(a)\" \/>\n\t<meta name=\"twitter:data1\" content=\"Michaela\" \/>\n\t<meta name=\"twitter:label2\" content=\"Odhadovan\u00e1 doba \u010dten\u00ed\" \/>\n\t<meta name=\"twitter:data2\" content=\"5 minut\" \/>\n<script type=\"application\/ld+json\" class=\"yoast-schema-graph\">{\"@context\":\"https:\/\/schema.org\",\"@graph\":[{\"@type\":\"WebPage\",\"@id\":\"https:\/\/1001voyagesgourmands.com\/cs\/vikend-v-bordeaux-a-okoli\/\",\"url\":\"https:\/\/1001voyagesgourmands.com\/cs\/vikend-v-bordeaux-a-okoli\/\",\"name\":\"V\u00edkend v Bordeaux a okol\u00ed - 1001 Voyages Gourmands\",\"isPartOf\":{\"@id\":\"https:\/\/1001voyagesgourmands.com\/cs\/#website\"},\"primaryImageOfPage\":{\"@id\":\"https:\/\/1001voyagesgourmands.com\/cs\/vikend-v-bordeaux-a-okoli\/#primaryimage\"},\"image\":{\"@id\":\"https:\/\/1001voyagesgourmands.com\/cs\/vikend-v-bordeaux-a-okoli\/#primaryimage\"},\"thumbnailUrl\":\"https:\/\/1001voyagesgourmands.com\/wp-content\/uploads\/2018\/10\/Bordeaux-34.jpg\",\"datePublished\":\"2018-10-17T21:50:16+00:00\",\"dateModified\":\"2018-10-18T21:12:01+00:00\",\"author\":{\"@id\":\"https:\/\/1001voyagesgourmands.com\/cs\/#\/schema\/person\/62e0e7238fcf7482b23bf83e1b72ff1b\"},\"description\":\"Koncem z\u00e1\u0159\u00ed jsme si daly s holkama sraz v Bordeaux a poda\u0159ilo se n\u00e1m projet trochu i kr\u00e1sn\u00e9 okol\u00ed, samoz\u0159ejm\u011b s n\u011bjakou tou degustac\u00ed v\u00edna.\",\"breadcrumb\":{\"@id\":\"https:\/\/1001voyagesgourmands.com\/cs\/vikend-v-bordeaux-a-okoli\/#breadcrumb\"},\"inLanguage\":\"cs\",\"potentialAction\":[{\"@type\":\"ReadAction\",\"target\":[\"https:\/\/1001voyagesgourmands.com\/cs\/vikend-v-bordeaux-a-okoli\/\"]}]},{\"@type\":\"ImageObject\",\"inLanguage\":\"cs\",\"@id\":\"https:\/\/1001voyagesgourmands.com\/cs\/vikend-v-bordeaux-a-okoli\/#primaryimage\",\"url\":\"https:\/\/1001voyagesgourmands.com\/wp-content\/uploads\/2018\/10\/Bordeaux-34.jpg\",\"contentUrl\":\"https:\/\/1001voyagesgourmands.com\/wp-content\/uploads\/2018\/10\/Bordeaux-34.jpg\",\"width\":1000,\"height\":1500,\"caption\":\"Koncem z\u00e1\u0159\u00ed jsme si daly s holkama sraz v Bordeaux a poda\u0159ilo se n\u00e1m projet trochu i kr\u00e1sn\u00e9 okol\u00ed, samoz\u0159ejm\u011b s n\u011bjakou tou degustac\u00ed v\u00edna.\"},{\"@type\":\"BreadcrumbList\",\"@id\":\"https:\/\/1001voyagesgourmands.com\/cs\/vikend-v-bordeaux-a-okoli\/#breadcrumb\",\"itemListElement\":[{\"@type\":\"ListItem\",\"position\":1,\"name\":\"Dom\u016f\",\"item\":\"https:\/\/1001voyagesgourmands.com\/cs\/\"},{\"@type\":\"ListItem\",\"position\":2,\"name\":\"V\u00edkend v Bordeaux a okol\u00ed\"}]},{\"@type\":\"WebSite\",\"@id\":\"https:\/\/1001voyagesgourmands.com\/cs\/#website\",\"url\":\"https:\/\/1001voyagesgourmands.com\/cs\/\",\"name\":\"1001 Voyages Gourmands\",\"description\":\"Food | Travel | Photography\",\"potentialAction\":[{\"@type\":\"SearchAction\",\"target\":{\"@type\":\"EntryPoint\",\"urlTemplate\":\"https:\/\/1001voyagesgourmands.com\/cs\/?s={search_term_string}\"},\"query-input\":{\"@type\":\"PropertyValueSpecification\",\"valueRequired\":true,\"valueName\":\"search_term_string\"}}],\"inLanguage\":\"cs\"},{\"@type\":\"Person\",\"@id\":\"https:\/\/1001voyagesgourmands.com\/cs\/#\/schema\/person\/62e0e7238fcf7482b23bf83e1b72ff1b\",\"name\":\"Michaela\",\"image\":{\"@type\":\"ImageObject\",\"inLanguage\":\"cs\",\"@id\":\"https:\/\/1001voyagesgourmands.com\/cs\/#\/schema\/person\/image\/\",\"url\":\"https:\/\/secure.gravatar.com\/avatar\/73fa562a5b0ce269ca480f67de504b8ecac054a121d170e226f1b79e02024cb8?s=96&d=mm&r=g\",\"contentUrl\":\"https:\/\/secure.gravatar.com\/avatar\/73fa562a5b0ce269ca480f67de504b8ecac054a121d170e226f1b79e02024cb8?s=96&d=mm&r=g\",\"caption\":\"Michaela\"},\"sameAs\":[\"http:\/\/1001voyagesgourmands.com\"]}]}<\/script>\n<!-- \/ Yoast SEO plugin. -->","yoast_head_json":{"title":"V\u00edkend v Bordeaux a okol\u00ed - 1001 Voyages Gourmands","description":"Koncem z\u00e1\u0159\u00ed jsme si daly s holkama sraz v Bordeaux a poda\u0159ilo se n\u00e1m projet trochu i kr\u00e1sn\u00e9 okol\u00ed, samoz\u0159ejm\u011b s n\u011bjakou tou degustac\u00ed v\u00edna.","robots":{"index":"index","follow":"follow","max-snippet":"max-snippet:-1","max-image-preview":"max-image-preview:large","max-video-preview":"max-video-preview:-1"},"canonical":"https:\/\/1001voyagesgourmands.com\/cs\/vikend-v-bordeaux-a-okoli\/","og_locale":"cs_CZ","og_type":"article","og_title":"V\u00edkend v Bordeaux a okol\u00ed - 1001 Voyages Gourmands","og_description":"Koncem z\u00e1\u0159\u00ed jsme si daly s holkama sraz v Bordeaux a poda\u0159ilo se n\u00e1m projet trochu i kr\u00e1sn\u00e9 okol\u00ed, samoz\u0159ejm\u011b s n\u011bjakou tou degustac\u00ed v\u00edna.","og_url":"https:\/\/1001voyagesgourmands.com\/cs\/vikend-v-bordeaux-a-okoli\/","og_site_name":"1001 Voyages Gourmands","article_publisher":"https:\/\/www.facebook.com\/1001voyagesgourmands","article_published_time":"2018-10-17T21:50:16+00:00","article_modified_time":"2018-10-18T21:12:01+00:00","og_image":[{"width":1000,"height":1500,"url":"https:\/\/1001voyagesgourmands.com\/wp-content\/uploads\/2018\/10\/Bordeaux-34.jpg","type":"image\/jpeg"}],"author":"Michaela","twitter_card":"summary_large_image","twitter_creator":"@michaela_1001vg","twitter_site":"@michaela_1001vg","twitter_misc":{"Napsal(a)":"Michaela","Odhadovan\u00e1 doba \u010dten\u00ed":"5 minut"},"schema":{"@context":"https:\/\/schema.org","@graph":[{"@type":"WebPage","@id":"https:\/\/1001voyagesgourmands.com\/cs\/vikend-v-bordeaux-a-okoli\/","url":"https:\/\/1001voyagesgourmands.com\/cs\/vikend-v-bordeaux-a-okoli\/","name":"V\u00edkend v Bordeaux a okol\u00ed - 1001 Voyages Gourmands","isPartOf":{"@id":"https:\/\/1001voyagesgourmands.com\/cs\/#website"},"primaryImageOfPage":{"@id":"https:\/\/1001voyagesgourmands.com\/cs\/vikend-v-bordeaux-a-okoli\/#primaryimage"},"image":{"@id":"https:\/\/1001voyagesgourmands.com\/cs\/vikend-v-bordeaux-a-okoli\/#primaryimage"},"thumbnailUrl":"https:\/\/1001voyagesgourmands.com\/wp-content\/uploads\/2018\/10\/Bordeaux-34.jpg","datePublished":"2018-10-17T21:50:16+00:00","dateModified":"2018-10-18T21:12:01+00:00","author":{"@id":"https:\/\/1001voyagesgourmands.com\/cs\/#\/schema\/person\/62e0e7238fcf7482b23bf83e1b72ff1b"},"description":"Koncem z\u00e1\u0159\u00ed jsme si daly s holkama sraz v Bordeaux a poda\u0159ilo se n\u00e1m projet trochu i kr\u00e1sn\u00e9 okol\u00ed, samoz\u0159ejm\u011b s n\u011bjakou tou degustac\u00ed v\u00edna.","breadcrumb":{"@id":"https:\/\/1001voyagesgourmands.com\/cs\/vikend-v-bordeaux-a-okoli\/#breadcrumb"},"inLanguage":"cs","potentialAction":[{"@type":"ReadAction","target":["https:\/\/1001voyagesgourmands.com\/cs\/vikend-v-bordeaux-a-okoli\/"]}]},{"@type":"ImageObject","inLanguage":"cs","@id":"https:\/\/1001voyagesgourmands.com\/cs\/vikend-v-bordeaux-a-okoli\/#primaryimage","url":"https:\/\/1001voyagesgourmands.com\/wp-content\/uploads\/2018\/10\/Bordeaux-34.jpg","contentUrl":"https:\/\/1001voyagesgourmands.com\/wp-content\/uploads\/2018\/10\/Bordeaux-34.jpg","width":1000,"height":1500,"caption":"Koncem z\u00e1\u0159\u00ed jsme si daly s holkama sraz v Bordeaux a poda\u0159ilo se n\u00e1m projet trochu i kr\u00e1sn\u00e9 okol\u00ed, samoz\u0159ejm\u011b s n\u011bjakou tou degustac\u00ed v\u00edna."},{"@type":"BreadcrumbList","@id":"https:\/\/1001voyagesgourmands.com\/cs\/vikend-v-bordeaux-a-okoli\/#breadcrumb","itemListElement":[{"@type":"ListItem","position":1,"name":"Dom\u016f","item":"https:\/\/1001voyagesgourmands.com\/cs\/"},{"@type":"ListItem","position":2,"name":"V\u00edkend v Bordeaux a okol\u00ed"}]},{"@type":"WebSite","@id":"https:\/\/1001voyagesgourmands.com\/cs\/#website","url":"https:\/\/1001voyagesgourmands.com\/cs\/","name":"1001 Voyages Gourmands","description":"Food | Travel | Photography","potentialAction":[{"@type":"SearchAction","target":{"@type":"EntryPoint","urlTemplate":"https:\/\/1001voyagesgourmands.com\/cs\/?s={search_term_string}"},"query-input":{"@type":"PropertyValueSpecification","valueRequired":true,"valueName":"search_term_string"}}],"inLanguage":"cs"},{"@type":"Person","@id":"https:\/\/1001voyagesgourmands.com\/cs\/#\/schema\/person\/62e0e7238fcf7482b23bf83e1b72ff1b","name":"Michaela","image":{"@type":"ImageObject","inLanguage":"cs","@id":"https:\/\/1001voyagesgourmands.com\/cs\/#\/schema\/person\/image\/","url":"https:\/\/secure.gravatar.com\/avatar\/73fa562a5b0ce269ca480f67de504b8ecac054a121d170e226f1b79e02024cb8?s=96&d=mm&r=g","contentUrl":"https:\/\/secure.gravatar.com\/avatar\/73fa562a5b0ce269ca480f67de504b8ecac054a121d170e226f1b79e02024cb8?s=96&d=mm&r=g","caption":"Michaela"},"sameAs":["http:\/\/1001voyagesgourmands.com"]}]}},"_links":{"self":[{"href":"https:\/\/1001voyagesgourmands.com\/cs\/wp-json\/wp\/v2\/posts\/21770","targetHints":{"allow":["GET"]}}],"collection":[{"href":"https:\/\/1001voyagesgourmands.com\/cs\/wp-json\/wp\/v2\/posts"}],"about":[{"href":"https:\/\/1001voyagesgourmands.com\/cs\/wp-json\/wp\/v2\/types\/post"}],"author":[{"embeddable":true,"href":"https:\/\/1001voyagesgourmands.com\/cs\/wp-json\/wp\/v2\/users\/1"}],"replies":[{"embeddable":true,"href":"https:\/\/1001voyagesgourmands.com\/cs\/wp-json\/wp\/v2\/comments?post=21770"}],"version-history":[{"count":0,"href":"https:\/\/1001voyagesgourmands.com\/cs\/wp-json\/wp\/v2\/posts\/21770\/revisions"}],"wp:featuredmedia":[{"embeddable":true,"href":"https:\/\/1001voyagesgourmands.com\/cs\/wp-json\/wp\/v2\/media\/21868"}],"wp:attachment":[{"href":"https:\/\/1001voyagesgourmands.com\/cs\/wp-json\/wp\/v2\/media?parent=21770"}],"wp:term":[{"taxonomy":"category","embeddable":true,"href":"https:\/\/1001voyagesgourmands.com\/cs\/wp-json\/wp\/v2\/categories?post=21770"},{"taxonomy":"post_tag","embeddable":true,"href":"https:\/\/1001voyagesgourmands.com\/cs\/wp-json\/wp\/v2\/tags?post=21770"}],"curies":[{"name":"wp","href":"https:\/\/api.w.org\/{rel}","templated":true}]}}