{"id":21764,"date":"2018-12-20T00:35:34","date_gmt":"2018-12-19T23:35:34","guid":{"rendered":"http:\/\/1001voyagesgourmands.com\/?p=21764"},"modified":"2019-01-17T22:48:06","modified_gmt":"2019-01-17T21:48:06","slug":"minca-kolumbie-jak-jsme-stravili-noc-na-coko-farme-s-tukanem","status":"publish","type":"post","link":"https:\/\/1001voyagesgourmands.com\/cs\/minca-kolumbie-jak-jsme-stravili-noc-na-coko-farme-s-tukanem\/","title":{"rendered":"Minca, Kolumbie &#8211; Jak jsme str\u00e1vili noc na \u010doko farm\u011b s Tukim, domestikovan\u00fdm tukanem"},"content":{"rendered":"<p style=\"text-align: justify;\">Kone\u010dn\u011b postupn\u011b zpracov\u00e1v\u00e1m \u010dl\u00e1nky z na\u0161eho dubnov\u00e9ho v\u00fdletu do Kolumbie. V prvn\u00edm jsem v\u00e1m dala <a href=\"http:\/\/1001voyagesgourmands.com\/cartagena-turisticka-brana-kolumbie-perla-karibiku\/\">p\u00e1r tip\u016f na Cartagenu a ostrovy Rosario<\/a>, kde jsme str\u00e1vili prvn\u00ed t\u0159i dny a v tom dne\u0161n\u00edm budeme pokra\u010dovat je\u0161t\u011b chv\u00edli po tropick\u00e9m severu zem\u011b.<\/p>\n<p style=\"text-align: justify;\">Z Cartageny jsme m\u011bli p\u016fvodn\u011b nam\u00ed\u0159eno do Santa Marty za \u00fa\u010delem explorace n\u00e1rodn\u00edho parku Tayrona. Jen\u017ee pak jsme n\u011bkde na\u0161li, \u017ee se nedaleko ve vesnici Minca nach\u00e1z\u00ed organick\u00e1 kakaov\u00e1 a k\u00e1vov\u00e1 farma z\u00e1rove\u0148 s ubytov\u00e1n\u00edm&nbsp;<a href=\"https:\/\/www.facebook.com\/lacandelariacoffee.farm\/\" target=\"_blank\" rel=\"noopener\">El Para\u00edso de Tuki<\/a>&nbsp;man\u017eel\u016f Any a Antonia, kde maj\u00ed ke v\u0161emu domestikovan\u00e9ho tukana, no a jeliko\u017e oba \u010dokol\u00e1du (a te\u010f u\u017e i tukany) milujem, pl\u00e1n zn\u011bl jasn\u011b. Minca je tak\u00e9 ide\u00e1ln\u00ed volba, pokud si chcete odpo\u010dinout od horka, kter\u00e9 panuje na pob\u0159e\u017e\u00ed, a na\u010derpat s\u00edly v p\u0159\u00edrod\u011b.<\/p>\n<h3 style=\"text-align: justify;\">Zapeklit\u00e1 cesta<\/h3>\n<p style=\"text-align: justify;\">Autobusem jsme dojeli do Santa Marty, co\u017e m\u011blo trvat asi jen 4 a p\u016fl hodiny, ale s incidentem se cesta prot\u00e1hla na p\u016flku dne. Jsem se toti\u017e p\u0159ed odjezdem autobusu ztratila, proto\u017ee jsem si musela vyfotit kr\u00e1sn\u00e9 grafiti v okol\u00ed, a Steven i \u0159idi\u010di m\u011b nasran\u011b hledali, p\u0159i\u010dem\u017e kdy\u017e m\u011b na\u0161li, tak jsme pak museli hledat druh\u00e9ho \u0159idi\u010de, kter\u00fd se mezit\u00edm bez mobilu ztratil, kdy\u017e m\u011b hledal\u2026 no co v\u00e1m budu pov\u00eddat, hlavn\u011b \u017e\u00e1dn\u00fd stres, \u017ee? \ud83d\ude00<\/p>\n<p style=\"text-align: justify;\">V Santa Mart\u011b jsme si jen nechali velkou bag\u00e1\u017e a vydali se usmlouvan\u00fdm tax\u00edkem do vesnice Minca, odkud jsme to m\u011bli dv\u011b hodiny p\u011b\u0161ky na farmu. Taxi n\u00e1s nechal u zast\u00e1vky taxi motorek. Tak tohle rozhodn\u011b nen\u00ed pro m\u011b, jsem si pomyslela. Nikdy bych na motorku toti\u017e nesedla. A rozhodn\u011b ne bez helmy. Jen\u017ee nikdy ne\u0159\u00edkej nikdy, \u017ee. <span style=\"text-decoration: line-through;\">Byli jsme l\u00edn\u00ed<\/span> bylo u\u017e pozd\u011bji odpoledne a soumrak za rohem, no a pak Steven ud\u011blal ps\u00ed o\u010di\u2026<\/p>\n<p style=\"text-align: justify;\">M\u00e1 prvn\u00ed j\u00edzda na motorce v \u017eivot\u011b se tedy konala na prapodivn\u00e9m star\u0161\u00edm stroji, bez helmy a stoup\u00e1n\u00edm lesn\u00edmi serpentinami. Zat\u00edmco jsem se k\u0159e\u010dovit\u011b dr\u017eela toho chl\u00e1pka, proto\u017ee motorka nadskakovala nad ka\u017ed\u00fdm hrbolem, ko\u0159enem, v\u011btv\u00ed \u010di \u0161utrem, p\u0159em\u00fd\u0161lela jsem nad p\u0159ehnan\u00fdmi bezpe\u010dnostn\u00edmi standardy v Evrop\u011b. Kdy\u017e se asi po 15 minut\u00e1ch k\u0159e\u010de uvolnily a j\u00e1 se kone\u010dn\u011b za\u010dala kochat krajinou a bo\u017esk\u00fdmi v\u00fdhledy, t\u00fdpci zastavili, \u017ee d\u00e1l u\u017e se nedostanou. Radostn\u011b jsem slezla z toho motokola a vydali jsme se \u010delit vedru a vlhkosti hezky p\u011b\u0161ky po lesn\u00ed stezce a nas\u00e1t trochu t\u00e9 energie z p\u0159\u00edrody. Za dvacet minut pochodu touhle rajskou d\u017eungl\u00ed jsme dorazili do c\u00edle.<\/p>\n<h3 style=\"text-align: justify;\">Den s \u010dokol\u00e1dou a Tukim na farm\u011b vysoko nad vesnic\u00ed Minca<\/h3>\n<p style=\"text-align: justify;\">Ana a Antonio, kte\u0159\u00ed vedou na farm\u011b tak\u00e9 Bed &amp; Brekfast El Para\u00edso de Tuki, jsou velice mil\u00ed lid\u00e9. Kdy\u017e jsme dorazili, Tuki u\u017e spal, ale \u010dekal na n\u00e1s alespo\u0148 poh\u00e1dkov\u00fd <strong>z\u00e1pad slunce<\/strong>. Ten jsme si vychutnali hezky z terasy, ov\u0161em kr\u00e1sn\u011b by se na n\u011bj koukalo i ze sprchy \u010di ze z\u00e1choda, kde byla otev\u0159en\u00e1 okna sm\u011brem do svahu d\u017eungle (vlastn\u011b tam okna v\u016fbec nebyla, jen d\u00edra ve zdi). Ana n\u00e1m mezit\u00edm p\u0159ipravila ve\u010de\u0159i \u2013 grilovan\u00e9 pl\u00e1tky lilku s r\u00fd\u017e\u00ed a sal\u00e1t ze zeleniny, co roste kolem farmy (chutn\u011bj\u0161\u00ed avok\u00e1do a raj\u010d\u00e1tka jsem nejedla!). Jako dezert jsme si dali ban\u00e1n ze \u0161tosu, kter\u00fd visel na terase. Pak za n\u00e1mi p\u0159i\u0161el jej\u00ed bratr a dali jsme se do \u0159e\u010di o d\u017eungli, kakau,&nbsp;tukanech, hadech atp. M\u00e9 doch\u00e1zen\u00ed do kurzu \u0161pan\u011bl\u0161tiny kone\u010dn\u011b dostalo smysl a j\u00e1 se c\u00edtila napln\u011bn\u00e1 jak\u00fdmsi bohatstv\u00edm, kter\u00e9 mi dovolilo proniknut bl\u00ed\u017ee k m\u00edstn\u00edm a hlavn\u011b z\u00edskat cenn\u00e9 informace uji\u0161\u0165uj\u00edc\u00ed m\u011b o tom, \u017ee zdej\u0161\u00ed hadi jsou vlastn\u011b vcelku hodn\u00ed (pokud na n\u011b ne\u0161l\u00e1pnete) :D.<\/p>\n<p style=\"text-align: justify;\">R\u00e1no jsme se probudili a dali si studenou sprchu s luxusn\u00edm v\u00fdhledem p\u0159es kopce d\u017eungle a\u017e k Santa Mart\u011b na pob\u0159e\u017e\u00ed. Pot\u00e9 jsme posn\u00eddali sal\u00e1t z ban\u00e1nu, pap\u00e1ji a ananasu, ne\u017e se kone\u010dn\u011b dostavil dlouho o\u010dek\u00e1van\u00fd <strong>tukan Tuki<\/strong>. \u017dije voln\u011b v d\u017eungli, jen sem ka\u017ed\u00fd den p\u0159il\u00e9t\u00e1 na n\u011bco k sn\u011bdku a nakrucuje se tu p\u0159ed n\u00e1v\u0161t\u011bvn\u00edky. Podle Stevena ho tu doj\u00ed jako ml\u00e9\u010dnou kr\u00e1vu, ale to mi nep\u0159i\u0161lo, proto\u017ee Tuki se na m\u011b tak p\u011bkn\u011b koukal\u2026 \ud83d\ude00 D\u00e1vali jsme mu pap\u00e1ju a on n\u00e1m sed\u011bl na pa\u017e\u00edch a prohl\u00ed\u017eel si n\u00e1s\u2026 co v\u00e1m budu pov\u00eddat, je\u0161t\u011b te\u010f se rozpl\u00fdv\u00e1m \u0161t\u011bst\u00edm! \ud83d\ude42<\/p>\n<p style=\"text-align: justify;\">Pozd\u011bji dopoledne n\u00e1s \u010dekala nau\u010dn\u00e1 <strong>kakao tour<\/strong>. Antonio n\u00e1m vysv\u011btlil v\u0161e od sb\u00edr\u00e1n\u00ed kakaov\u00fdch bob\u016f a\u017e po v\u00fdrobu samotn\u00e9ho kakaa. Zdej\u0161\u00ed produkce je mal\u00e1, kakao se odsud dostane pouze k n\u00e1v\u0161t\u011bvn\u00edk\u016fm farmy a obyvatel\u016fm vesni\u010dky Minca. Uk\u00e1zal n\u00e1m boby a jejich \u010d\u00e1sti v r\u016fzn\u00fdch st\u00e1di\u00edch a p\u0159\u00edstroje, kter\u00e9 zde pou\u017e\u00edvaj\u00ed pro ru\u010dn\u00ed v\u00fdrobu organick\u00e9ho kakaa. Na konci n\u00e1m ud\u011blal ka\u017ed\u00e9mu hrne\u010dek hork\u00e9 \u010dokol\u00e1dy a jeho \u017eena Ana n\u00e1m p\u0159ipravila \u010dokol\u00e1dovou masku na obli\u010dej pro hlad\u0161\u00ed a z\u00e1\u0159iv\u011bj\u0161\u00ed ple\u0165.<\/p>\n<p style=\"text-align: justify;\">Na farm\u011b jsme je\u0161t\u011b relaxovali tak ho\u010fku dv\u011b, i kdy\u017e na\u017eran\u00fd Tuki u\u017e byl kdesi v d\u017eungli. A tak jsme si smyli \u010dokol\u00e1du z obli\u010deje, rozlou\u010dili jsme se s Anou a Antoniem a vydali se k nedalek\u00e9mu hostelu <strong>Mundo Nuevo<\/strong>, setkat se s Belgi\u010dany, kte\u0159\u00ed ho vedou, a kde pracuje bratr Any, jen\u017e n\u00e1m o m\u00edstu pov\u011bd\u011bl. Tam jsme si dali s m\u00edstn\u00ed komunitou dobrovoln\u00edk\u016f ob\u011bd a kochali se dal\u0161\u00edmi \u00fa\u017easn\u00fdmi v\u00fdhledy do zalesn\u011bn\u00e9ho \u00fadol\u00ed. Bratr Any n\u00e1m pak je\u0161t\u011b p\u0159ed odchodem na fotce prop\u016fj\u010dil sv\u016fj dobrosrde\u010dn\u00fd \u00fasm\u011bv (p\u0159esto\u017ee ho \u010dekalo je\u0161t\u011b p\u00e1r hodin fyzick\u00e9 pr\u00e1ce!).<\/p>\n<p style=\"text-align: justify;\">Cestou do vesni\u010dky Minca jsme to vzali p\u0159es <strong>indi\u00e1nskou v\u00edsku kmene Kogi<\/strong>, kde st\u00e1ly asi 4 ch\u00fd\u0161e v zahr\u00e1dce pln\u00e9 kv\u011btin a ban\u00e1novn\u00edk\u016f. V jedn\u00e9 z t\u011bch ch\u00fd\u0161\u00ed le\u017eel Indi\u00e1n znud\u011bn\u011b na posteli a scroloval dotykovou obrazovku chytr\u00e9ho telefonu&#8230; Ano, magie modern\u00edch vymo\u017eenost\u00ed se tu bije s jejich rozhodnut\u00edm \u017e\u00edt st\u00e1le tradi\u010dn\u011b a v souladu s p\u0159\u00edrodou. \ud83d\ude00 No nic, d\u00e1l jsme si to \u0161tr\u00e1dovali lesem dol\u016f do Minky, pak jsme si vzali colectivo (hromadn\u00fd minibus) zp\u011bt do Santa Marty, odkud jsme pokra\u010dovali doslova do r\u00e1je v parku Tayrona, o kter\u00e9m to bude p\u0159\u00ed\u0161t\u011b&#8230; \ud83d\ude42&nbsp;<\/p>\n<p>A te\u010f u\u017e fotky!<\/p>\n<h3 style=\"text-align: justify;\"><img loading=\"lazy\" decoding=\"async\" class=\"aligncenter size-large wp-image-22440\" src=\"http:\/\/1001voyagesgourmands.com\/wp-content\/uploads\/2018\/12\/Minca_Colombia_Kolumbie-1-1024x683.jpg\" alt=\"Minca v Kolumbii ukr\u00fdv\u00e1 organickou kakaovou a k\u00e1vovou farmu s ubytov\u00e1n\u00edm, kde na v\u00e1s krom\u011b \u010dokol\u00e1dy a kakaa \u010dek\u00e1 i domestikovan\u00fd tukan! Jak\u00fd byl n\u00e1\u0161 pobyt?\" width=\"1024\" height=\"683\" srcset=\"https:\/\/1001voyagesgourmands.com\/wp-content\/uploads\/2018\/12\/Minca_Colombia_Kolumbie-1-1024x683.jpg 1024w, https:\/\/1001voyagesgourmands.com\/wp-content\/uploads\/2018\/12\/Minca_Colombia_Kolumbie-1-300x200.jpg 300w, https:\/\/1001voyagesgourmands.com\/wp-content\/uploads\/2018\/12\/Minca_Colombia_Kolumbie-1-768x512.jpg 768w, https:\/\/1001voyagesgourmands.com\/wp-content\/uploads\/2018\/12\/Minca_Colombia_Kolumbie-1-1170x780.jpg 1170w, https:\/\/1001voyagesgourmands.com\/wp-content\/uploads\/2018\/12\/Minca_Colombia_Kolumbie-1.jpg 1200w, https:\/\/1001voyagesgourmands.com\/wp-content\/uploads\/2018\/12\/Minca_Colombia_Kolumbie-1-585x390.jpg 585w, https:\/\/1001voyagesgourmands.com\/wp-content\/uploads\/2018\/12\/Minca_Colombia_Kolumbie-1-263x175.jpg 263w\" sizes=\"auto, (max-width: 1024px) 100vw, 1024px\" \/><\/h3>\n<h3 style=\"text-align: justify;\"><img loading=\"lazy\" decoding=\"async\" class=\"aligncenter size-large wp-image-22442\" src=\"http:\/\/1001voyagesgourmands.com\/wp-content\/uploads\/2018\/12\/Minca_Colombia_Kolumbie-2-1024x683.jpg\" alt=\"Minca v Kolumbii ukr\u00fdv\u00e1 organickou kakaovou a k\u00e1vovou farmu s ubytov\u00e1n\u00edm, kde na v\u00e1s krom\u011b \u010dokol\u00e1dy a kakaa \u010dek\u00e1 i domestikovan\u00fd tukan! Jak\u00fd byl n\u00e1\u0161 pobyt?\" width=\"1024\" height=\"683\" srcset=\"https:\/\/1001voyagesgourmands.com\/wp-content\/uploads\/2018\/12\/Minca_Colombia_Kolumbie-2-1024x683.jpg 1024w, https:\/\/1001voyagesgourmands.com\/wp-content\/uploads\/2018\/12\/Minca_Colombia_Kolumbie-2-300x200.jpg 300w, https:\/\/1001voyagesgourmands.com\/wp-content\/uploads\/2018\/12\/Minca_Colombia_Kolumbie-2-768x512.jpg 768w, https:\/\/1001voyagesgourmands.com\/wp-content\/uploads\/2018\/12\/Minca_Colombia_Kolumbie-2-1170x780.jpg 1170w, https:\/\/1001voyagesgourmands.com\/wp-content\/uploads\/2018\/12\/Minca_Colombia_Kolumbie-2.jpg 1200w, https:\/\/1001voyagesgourmands.com\/wp-content\/uploads\/2018\/12\/Minca_Colombia_Kolumbie-2-585x390.jpg 585w, https:\/\/1001voyagesgourmands.com\/wp-content\/uploads\/2018\/12\/Minca_Colombia_Kolumbie-2-263x175.jpg 263w\" sizes=\"auto, (max-width: 1024px) 100vw, 1024px\" \/><\/h3>\n<h3 style=\"text-align: justify;\"><img loading=\"lazy\" decoding=\"async\" class=\"aligncenter size-large wp-image-22444\" src=\"http:\/\/1001voyagesgourmands.com\/wp-content\/uploads\/2018\/12\/Minca_Colombia_Kolumbie-3-1024x683.jpg\" alt=\"Minca v Kolumbii ukr\u00fdv\u00e1 organickou kakaovou a k\u00e1vovou farmu s ubytov\u00e1n\u00edm, kde na v\u00e1s krom\u011b \u010dokol\u00e1dy a kakaa \u010dek\u00e1 i domestikovan\u00fd tukan! Jak\u00fd byl n\u00e1\u0161 pobyt?\" width=\"1024\" height=\"683\" srcset=\"https:\/\/1001voyagesgourmands.com\/wp-content\/uploads\/2018\/12\/Minca_Colombia_Kolumbie-3-1024x683.jpg 1024w, https:\/\/1001voyagesgourmands.com\/wp-content\/uploads\/2018\/12\/Minca_Colombia_Kolumbie-3-300x200.jpg 300w, https:\/\/1001voyagesgourmands.com\/wp-content\/uploads\/2018\/12\/Minca_Colombia_Kolumbie-3-768x512.jpg 768w, https:\/\/1001voyagesgourmands.com\/wp-content\/uploads\/2018\/12\/Minca_Colombia_Kolumbie-3-1170x780.jpg 1170w, https:\/\/1001voyagesgourmands.com\/wp-content\/uploads\/2018\/12\/Minca_Colombia_Kolumbie-3.jpg 1200w, https:\/\/1001voyagesgourmands.com\/wp-content\/uploads\/2018\/12\/Minca_Colombia_Kolumbie-3-585x390.jpg 585w, https:\/\/1001voyagesgourmands.com\/wp-content\/uploads\/2018\/12\/Minca_Colombia_Kolumbie-3-263x175.jpg 263w\" sizes=\"auto, (max-width: 1024px) 100vw, 1024px\" \/><\/h3>\n<h3 style=\"text-align: justify;\"><img loading=\"lazy\" decoding=\"async\" class=\"aligncenter size-large wp-image-22446\" src=\"http:\/\/1001voyagesgourmands.com\/wp-content\/uploads\/2018\/12\/Minca_Colombia_Kolumbie-4-1024x683.jpg\" alt=\"Minca v Kolumbii ukr\u00fdv\u00e1 organickou kakaovou a k\u00e1vovou farmu s ubytov\u00e1n\u00edm, kde na v\u00e1s krom\u011b \u010dokol\u00e1dy a kakaa \u010dek\u00e1 i domestikovan\u00fd tukan! Jak\u00fd byl n\u00e1\u0161 pobyt?\" width=\"1024\" height=\"683\" srcset=\"https:\/\/1001voyagesgourmands.com\/wp-content\/uploads\/2018\/12\/Minca_Colombia_Kolumbie-4-1024x683.jpg 1024w, https:\/\/1001voyagesgourmands.com\/wp-content\/uploads\/2018\/12\/Minca_Colombia_Kolumbie-4-300x200.jpg 300w, https:\/\/1001voyagesgourmands.com\/wp-content\/uploads\/2018\/12\/Minca_Colombia_Kolumbie-4-768x512.jpg 768w, https:\/\/1001voyagesgourmands.com\/wp-content\/uploads\/2018\/12\/Minca_Colombia_Kolumbie-4-1170x780.jpg 1170w, https:\/\/1001voyagesgourmands.com\/wp-content\/uploads\/2018\/12\/Minca_Colombia_Kolumbie-4.jpg 1200w, https:\/\/1001voyagesgourmands.com\/wp-content\/uploads\/2018\/12\/Minca_Colombia_Kolumbie-4-585x390.jpg 585w, https:\/\/1001voyagesgourmands.com\/wp-content\/uploads\/2018\/12\/Minca_Colombia_Kolumbie-4-263x175.jpg 263w\" sizes=\"auto, (max-width: 1024px) 100vw, 1024px\" \/><\/h3>\n<h3 style=\"text-align: justify;\"><img loading=\"lazy\" decoding=\"async\" class=\"aligncenter size-large wp-image-22448\" src=\"http:\/\/1001voyagesgourmands.com\/wp-content\/uploads\/2018\/12\/Minca_Colombia_Kolumbie-5-1024x683.jpg\" alt=\"Minca v Kolumbii ukr\u00fdv\u00e1 organickou kakaovou a k\u00e1vovou farmu s ubytov\u00e1n\u00edm, kde na v\u00e1s krom\u011b \u010dokol\u00e1dy a kakaa \u010dek\u00e1 i domestikovan\u00fd tukan! Jak\u00fd byl n\u00e1\u0161 pobyt?\" width=\"1024\" height=\"683\" srcset=\"https:\/\/1001voyagesgourmands.com\/wp-content\/uploads\/2018\/12\/Minca_Colombia_Kolumbie-5-1024x683.jpg 1024w, https:\/\/1001voyagesgourmands.com\/wp-content\/uploads\/2018\/12\/Minca_Colombia_Kolumbie-5-300x200.jpg 300w, https:\/\/1001voyagesgourmands.com\/wp-content\/uploads\/2018\/12\/Minca_Colombia_Kolumbie-5-768x512.jpg 768w, https:\/\/1001voyagesgourmands.com\/wp-content\/uploads\/2018\/12\/Minca_Colombia_Kolumbie-5-1170x780.jpg 1170w, https:\/\/1001voyagesgourmands.com\/wp-content\/uploads\/2018\/12\/Minca_Colombia_Kolumbie-5.jpg 1200w, https:\/\/1001voyagesgourmands.com\/wp-content\/uploads\/2018\/12\/Minca_Colombia_Kolumbie-5-585x390.jpg 585w, https:\/\/1001voyagesgourmands.com\/wp-content\/uploads\/2018\/12\/Minca_Colombia_Kolumbie-5-263x175.jpg 263w\" sizes=\"auto, (max-width: 1024px) 100vw, 1024px\" \/><\/h3>\n<h3 style=\"text-align: justify;\"><img loading=\"lazy\" decoding=\"async\" class=\"aligncenter wp-image-22474\" src=\"http:\/\/1001voyagesgourmands.com\/wp-content\/uploads\/2018\/12\/Minca_Colombia_Kolumbie-18-683x1024.jpg\" alt=\"Minca v Kolumbii ukr\u00fdv\u00e1 organickou kakaovou a k\u00e1vovou farmu s ubytov\u00e1n\u00edm, kde na v\u00e1s krom\u011b \u010dokol\u00e1dy a kakaa \u010dek\u00e1 i domestikovan\u00fd tukan! Jak\u00fd byl n\u00e1\u0161 pobyt?\" width=\"855\" height=\"1282\" srcset=\"https:\/\/1001voyagesgourmands.com\/wp-content\/uploads\/2018\/12\/Minca_Colombia_Kolumbie-18-683x1024.jpg 683w, https:\/\/1001voyagesgourmands.com\/wp-content\/uploads\/2018\/12\/Minca_Colombia_Kolumbie-18-200x300.jpg 200w, https:\/\/1001voyagesgourmands.com\/wp-content\/uploads\/2018\/12\/Minca_Colombia_Kolumbie-18-768x1152.jpg 768w, https:\/\/1001voyagesgourmands.com\/wp-content\/uploads\/2018\/12\/Minca_Colombia_Kolumbie-18-1170x1755.jpg 1170w, https:\/\/1001voyagesgourmands.com\/wp-content\/uploads\/2018\/12\/Minca_Colombia_Kolumbie-18-585x878.jpg 585w, https:\/\/1001voyagesgourmands.com\/wp-content\/uploads\/2018\/12\/Minca_Colombia_Kolumbie-18.jpg 1200w\" sizes=\"auto, (max-width: 855px) 100vw, 855px\" \/><\/h3>\n<h3 style=\"text-align: justify;\"><img loading=\"lazy\" decoding=\"async\" class=\"aligncenter size-large wp-image-22450\" src=\"http:\/\/1001voyagesgourmands.com\/wp-content\/uploads\/2018\/12\/Minca_Colombia_Kolumbie-6-1024x683.jpg\" alt=\"Minca v Kolumbii ukr\u00fdv\u00e1 organickou kakaovou a k\u00e1vovou farmu s ubytov\u00e1n\u00edm, kde na v\u00e1s krom\u011b \u010dokol\u00e1dy a kakaa \u010dek\u00e1 i domestikovan\u00fd tukan! Jak\u00fd byl n\u00e1\u0161 pobyt?\" width=\"1024\" height=\"683\" srcset=\"https:\/\/1001voyagesgourmands.com\/wp-content\/uploads\/2018\/12\/Minca_Colombia_Kolumbie-6-1024x683.jpg 1024w, https:\/\/1001voyagesgourmands.com\/wp-content\/uploads\/2018\/12\/Minca_Colombia_Kolumbie-6-300x200.jpg 300w, https:\/\/1001voyagesgourmands.com\/wp-content\/uploads\/2018\/12\/Minca_Colombia_Kolumbie-6-768x512.jpg 768w, https:\/\/1001voyagesgourmands.com\/wp-content\/uploads\/2018\/12\/Minca_Colombia_Kolumbie-6-1170x780.jpg 1170w, https:\/\/1001voyagesgourmands.com\/wp-content\/uploads\/2018\/12\/Minca_Colombia_Kolumbie-6.jpg 1200w, https:\/\/1001voyagesgourmands.com\/wp-content\/uploads\/2018\/12\/Minca_Colombia_Kolumbie-6-585x390.jpg 585w, https:\/\/1001voyagesgourmands.com\/wp-content\/uploads\/2018\/12\/Minca_Colombia_Kolumbie-6-263x175.jpg 263w\" sizes=\"auto, (max-width: 1024px) 100vw, 1024px\" \/><\/h3>\n<h3 style=\"text-align: justify;\"><img loading=\"lazy\" decoding=\"async\" class=\"aligncenter wp-image-22462\" src=\"http:\/\/1001voyagesgourmands.com\/wp-content\/uploads\/2018\/12\/Minca_Colombia_Kolumbie-12-683x1024.jpg\" alt=\"Minca v Kolumbii ukr\u00fdv\u00e1 organickou kakaovou a k\u00e1vovou farmu s ubytov\u00e1n\u00edm, kde na v\u00e1s krom\u011b \u010dokol\u00e1dy a kakaa \u010dek\u00e1 i domestikovan\u00fd tukan! Jak\u00fd byl n\u00e1\u0161 pobyt?\" width=\"808\" height=\"1211\" srcset=\"https:\/\/1001voyagesgourmands.com\/wp-content\/uploads\/2018\/12\/Minca_Colombia_Kolumbie-12-683x1024.jpg 683w, https:\/\/1001voyagesgourmands.com\/wp-content\/uploads\/2018\/12\/Minca_Colombia_Kolumbie-12-200x300.jpg 200w, https:\/\/1001voyagesgourmands.com\/wp-content\/uploads\/2018\/12\/Minca_Colombia_Kolumbie-12-768x1152.jpg 768w, https:\/\/1001voyagesgourmands.com\/wp-content\/uploads\/2018\/12\/Minca_Colombia_Kolumbie-12-1170x1755.jpg 1170w, https:\/\/1001voyagesgourmands.com\/wp-content\/uploads\/2018\/12\/Minca_Colombia_Kolumbie-12-585x878.jpg 585w, https:\/\/1001voyagesgourmands.com\/wp-content\/uploads\/2018\/12\/Minca_Colombia_Kolumbie-12.jpg 1200w\" sizes=\"auto, (max-width: 808px) 100vw, 808px\" \/><\/h3>\n<h3 style=\"text-align: justify;\"><img loading=\"lazy\" decoding=\"async\" class=\"aligncenter size-large wp-image-22452\" src=\"http:\/\/1001voyagesgourmands.com\/wp-content\/uploads\/2018\/12\/Minca_Colombia_Kolumbie-7-1024x683.jpg\" alt=\"Minca v Kolumbii ukr\u00fdv\u00e1 organickou kakaovou a k\u00e1vovou farmu s ubytov\u00e1n\u00edm, kde na v\u00e1s krom\u011b \u010dokol\u00e1dy a kakaa \u010dek\u00e1 i domestikovan\u00fd tukan! Jak\u00fd byl n\u00e1\u0161 pobyt?\" width=\"1024\" height=\"683\" srcset=\"https:\/\/1001voyagesgourmands.com\/wp-content\/uploads\/2018\/12\/Minca_Colombia_Kolumbie-7-1024x683.jpg 1024w, https:\/\/1001voyagesgourmands.com\/wp-content\/uploads\/2018\/12\/Minca_Colombia_Kolumbie-7-300x200.jpg 300w, https:\/\/1001voyagesgourmands.com\/wp-content\/uploads\/2018\/12\/Minca_Colombia_Kolumbie-7-768x512.jpg 768w, https:\/\/1001voyagesgourmands.com\/wp-content\/uploads\/2018\/12\/Minca_Colombia_Kolumbie-7-1170x780.jpg 1170w, https:\/\/1001voyagesgourmands.com\/wp-content\/uploads\/2018\/12\/Minca_Colombia_Kolumbie-7.jpg 1200w, https:\/\/1001voyagesgourmands.com\/wp-content\/uploads\/2018\/12\/Minca_Colombia_Kolumbie-7-585x390.jpg 585w, https:\/\/1001voyagesgourmands.com\/wp-content\/uploads\/2018\/12\/Minca_Colombia_Kolumbie-7-263x175.jpg 263w\" sizes=\"auto, (max-width: 1024px) 100vw, 1024px\" \/><\/h3>\n<h3 style=\"text-align: justify;\"><img loading=\"lazy\" decoding=\"async\" class=\"aligncenter size-large wp-image-22454\" src=\"http:\/\/1001voyagesgourmands.com\/wp-content\/uploads\/2018\/12\/Minca_Colombia_Kolumbie-8-1024x683.jpg\" alt=\"Minca v Kolumbii ukr\u00fdv\u00e1 organickou kakaovou a k\u00e1vovou farmu s ubytov\u00e1n\u00edm, kde na v\u00e1s krom\u011b \u010dokol\u00e1dy a kakaa \u010dek\u00e1 i domestikovan\u00fd tukan! Jak\u00fd byl n\u00e1\u0161 pobyt?\" width=\"1024\" height=\"683\" srcset=\"https:\/\/1001voyagesgourmands.com\/wp-content\/uploads\/2018\/12\/Minca_Colombia_Kolumbie-8-1024x683.jpg 1024w, https:\/\/1001voyagesgourmands.com\/wp-content\/uploads\/2018\/12\/Minca_Colombia_Kolumbie-8-300x200.jpg 300w, https:\/\/1001voyagesgourmands.com\/wp-content\/uploads\/2018\/12\/Minca_Colombia_Kolumbie-8-768x512.jpg 768w, https:\/\/1001voyagesgourmands.com\/wp-content\/uploads\/2018\/12\/Minca_Colombia_Kolumbie-8-1170x780.jpg 1170w, https:\/\/1001voyagesgourmands.com\/wp-content\/uploads\/2018\/12\/Minca_Colombia_Kolumbie-8.jpg 1200w, https:\/\/1001voyagesgourmands.com\/wp-content\/uploads\/2018\/12\/Minca_Colombia_Kolumbie-8-585x390.jpg 585w, https:\/\/1001voyagesgourmands.com\/wp-content\/uploads\/2018\/12\/Minca_Colombia_Kolumbie-8-263x175.jpg 263w\" sizes=\"auto, (max-width: 1024px) 100vw, 1024px\" \/><\/h3>\n<h3 style=\"text-align: justify;\"><img loading=\"lazy\" decoding=\"async\" class=\"aligncenter wp-image-22460\" src=\"http:\/\/1001voyagesgourmands.com\/wp-content\/uploads\/2018\/12\/Minca_Colombia_Kolumbie-11-683x1024.jpg\" alt=\"Minca v Kolumbii ukr\u00fdv\u00e1 organickou kakaovou a k\u00e1vovou farmu s ubytov\u00e1n\u00edm, kde na v\u00e1s krom\u011b \u010dokol\u00e1dy a kakaa \u010dek\u00e1 i domestikovan\u00fd tukan! Jak\u00fd byl n\u00e1\u0161 pobyt?\" width=\"974\" height=\"1460\" srcset=\"https:\/\/1001voyagesgourmands.com\/wp-content\/uploads\/2018\/12\/Minca_Colombia_Kolumbie-11-683x1024.jpg 683w, https:\/\/1001voyagesgourmands.com\/wp-content\/uploads\/2018\/12\/Minca_Colombia_Kolumbie-11-200x300.jpg 200w, https:\/\/1001voyagesgourmands.com\/wp-content\/uploads\/2018\/12\/Minca_Colombia_Kolumbie-11-768x1151.jpg 768w, https:\/\/1001voyagesgourmands.com\/wp-content\/uploads\/2018\/12\/Minca_Colombia_Kolumbie-11-1170x1753.jpg 1170w, https:\/\/1001voyagesgourmands.com\/wp-content\/uploads\/2018\/12\/Minca_Colombia_Kolumbie-11-585x877.jpg 585w, https:\/\/1001voyagesgourmands.com\/wp-content\/uploads\/2018\/12\/Minca_Colombia_Kolumbie-11.jpg 1200w\" sizes=\"auto, (max-width: 974px) 100vw, 974px\" \/><\/h3>\n<h3 style=\"text-align: justify;\"><img loading=\"lazy\" decoding=\"async\" width=\"1024\" height=\"684\" class=\"aligncenter size-large wp-image-22456\" src=\"http:\/\/1001voyagesgourmands.com\/wp-content\/uploads\/2018\/12\/Minca_Colombia_Kolumbie-9-1024x684.jpg\" alt=\"&quot;Minca\" srcset=\"https:\/\/1001voyagesgourmands.com\/wp-content\/uploads\/2018\/12\/Minca_Colombia_Kolumbie-9-1024x684.jpg 1024w, https:\/\/1001voyagesgourmands.com\/wp-content\/uploads\/2018\/12\/Minca_Colombia_Kolumbie-9-300x200.jpg 300w, https:\/\/1001voyagesgourmands.com\/wp-content\/uploads\/2018\/12\/Minca_Colombia_Kolumbie-9-768x513.jpg 768w, https:\/\/1001voyagesgourmands.com\/wp-content\/uploads\/2018\/12\/Minca_Colombia_Kolumbie-9-1170x781.jpg 1170w, https:\/\/1001voyagesgourmands.com\/wp-content\/uploads\/2018\/12\/Minca_Colombia_Kolumbie-9.jpg 1200w, https:\/\/1001voyagesgourmands.com\/wp-content\/uploads\/2018\/12\/Minca_Colombia_Kolumbie-9-585x390.jpg 585w, https:\/\/1001voyagesgourmands.com\/wp-content\/uploads\/2018\/12\/Minca_Colombia_Kolumbie-9-263x175.jpg 263w\" sizes=\"auto, (max-width: 1024px) 100vw, 1024px\" \/><\/h3>\n<p><img loading=\"lazy\" decoding=\"async\" class=\"aligncenter wp-image-22464\" src=\"http:\/\/1001voyagesgourmands.com\/wp-content\/uploads\/2018\/12\/Minca_Colombia_Kolumbie-13-683x1024.jpg\" alt=\"Minca v Kolumbii ukr\u00fdv\u00e1 organickou kakaovou a k\u00e1vovou farmu s ubytov\u00e1n\u00edm, kde na v\u00e1s krom\u011b \u010dokol\u00e1dy a kakaa \u010dek\u00e1 i domestikovan\u00fd tukan! Jak\u00fd byl n\u00e1\u0161 pobyt?\" width=\"842\" height=\"1262\" srcset=\"https:\/\/1001voyagesgourmands.com\/wp-content\/uploads\/2018\/12\/Minca_Colombia_Kolumbie-13-683x1024.jpg 683w, https:\/\/1001voyagesgourmands.com\/wp-content\/uploads\/2018\/12\/Minca_Colombia_Kolumbie-13-200x300.jpg 200w, https:\/\/1001voyagesgourmands.com\/wp-content\/uploads\/2018\/12\/Minca_Colombia_Kolumbie-13-768x1152.jpg 768w, https:\/\/1001voyagesgourmands.com\/wp-content\/uploads\/2018\/12\/Minca_Colombia_Kolumbie-13-1170x1755.jpg 1170w, https:\/\/1001voyagesgourmands.com\/wp-content\/uploads\/2018\/12\/Minca_Colombia_Kolumbie-13-585x878.jpg 585w, https:\/\/1001voyagesgourmands.com\/wp-content\/uploads\/2018\/12\/Minca_Colombia_Kolumbie-13.jpg 1200w\" sizes=\"auto, (max-width: 842px) 100vw, 842px\" \/><\/p>\n<p><img loading=\"lazy\" decoding=\"async\" class=\"aligncenter size-large wp-image-22466\" src=\"http:\/\/1001voyagesgourmands.com\/wp-content\/uploads\/2018\/12\/Minca_Colombia_Kolumbie-14-1024x683.jpg\" alt=\"Minca v Kolumbii ukr\u00fdv\u00e1 organickou kakaovou a k\u00e1vovou farmu s ubytov\u00e1n\u00edm, kde na v\u00e1s krom\u011b \u010dokol\u00e1dy a kakaa \u010dek\u00e1 i domestikovan\u00fd tukan! Jak\u00fd byl n\u00e1\u0161 pobyt?\" width=\"1024\" height=\"683\" srcset=\"https:\/\/1001voyagesgourmands.com\/wp-content\/uploads\/2018\/12\/Minca_Colombia_Kolumbie-14-1024x683.jpg 1024w, https:\/\/1001voyagesgourmands.com\/wp-content\/uploads\/2018\/12\/Minca_Colombia_Kolumbie-14-300x200.jpg 300w, https:\/\/1001voyagesgourmands.com\/wp-content\/uploads\/2018\/12\/Minca_Colombia_Kolumbie-14-768x512.jpg 768w, https:\/\/1001voyagesgourmands.com\/wp-content\/uploads\/2018\/12\/Minca_Colombia_Kolumbie-14-1170x780.jpg 1170w, https:\/\/1001voyagesgourmands.com\/wp-content\/uploads\/2018\/12\/Minca_Colombia_Kolumbie-14.jpg 1200w, https:\/\/1001voyagesgourmands.com\/wp-content\/uploads\/2018\/12\/Minca_Colombia_Kolumbie-14-585x390.jpg 585w, https:\/\/1001voyagesgourmands.com\/wp-content\/uploads\/2018\/12\/Minca_Colombia_Kolumbie-14-263x175.jpg 263w\" sizes=\"auto, (max-width: 1024px) 100vw, 1024px\" \/><\/p>\n<p><img loading=\"lazy\" decoding=\"async\" class=\"aligncenter wp-image-22468\" src=\"http:\/\/1001voyagesgourmands.com\/wp-content\/uploads\/2018\/12\/Minca_Colombia_Kolumbie-15-683x1024.jpg\" alt=\"Minca v Kolumbii ukr\u00fdv\u00e1 organickou kakaovou a k\u00e1vovou farmu s ubytov\u00e1n\u00edm, kde na v\u00e1s krom\u011b \u010dokol\u00e1dy a kakaa \u010dek\u00e1 i domestikovan\u00fd tukan! Jak\u00fd byl n\u00e1\u0161 pobyt?\" width=\"806\" height=\"1208\" srcset=\"https:\/\/1001voyagesgourmands.com\/wp-content\/uploads\/2018\/12\/Minca_Colombia_Kolumbie-15-683x1024.jpg 683w, https:\/\/1001voyagesgourmands.com\/wp-content\/uploads\/2018\/12\/Minca_Colombia_Kolumbie-15-200x300.jpg 200w, https:\/\/1001voyagesgourmands.com\/wp-content\/uploads\/2018\/12\/Minca_Colombia_Kolumbie-15-768x1152.jpg 768w, https:\/\/1001voyagesgourmands.com\/wp-content\/uploads\/2018\/12\/Minca_Colombia_Kolumbie-15-1170x1755.jpg 1170w, https:\/\/1001voyagesgourmands.com\/wp-content\/uploads\/2018\/12\/Minca_Colombia_Kolumbie-15-585x878.jpg 585w, https:\/\/1001voyagesgourmands.com\/wp-content\/uploads\/2018\/12\/Minca_Colombia_Kolumbie-15.jpg 1200w\" sizes=\"auto, (max-width: 806px) 100vw, 806px\" \/><\/p>\n<p><img loading=\"lazy\" decoding=\"async\" class=\"aligncenter size-large wp-image-22470\" src=\"http:\/\/1001voyagesgourmands.com\/wp-content\/uploads\/2018\/12\/Minca_Colombia_Kolumbie-16-1024x683.jpg\" alt=\"Minca v Kolumbii ukr\u00fdv\u00e1 organickou kakaovou a k\u00e1vovou farmu s ubytov\u00e1n\u00edm, kde na v\u00e1s krom\u011b \u010dokol\u00e1dy a kakaa \u010dek\u00e1 i domestikovan\u00fd tukan! Jak\u00fd byl n\u00e1\u0161 pobyt?\" width=\"1024\" height=\"683\" srcset=\"https:\/\/1001voyagesgourmands.com\/wp-content\/uploads\/2018\/12\/Minca_Colombia_Kolumbie-16-1024x683.jpg 1024w, https:\/\/1001voyagesgourmands.com\/wp-content\/uploads\/2018\/12\/Minca_Colombia_Kolumbie-16-300x200.jpg 300w, https:\/\/1001voyagesgourmands.com\/wp-content\/uploads\/2018\/12\/Minca_Colombia_Kolumbie-16-768x512.jpg 768w, https:\/\/1001voyagesgourmands.com\/wp-content\/uploads\/2018\/12\/Minca_Colombia_Kolumbie-16-1170x780.jpg 1170w, https:\/\/1001voyagesgourmands.com\/wp-content\/uploads\/2018\/12\/Minca_Colombia_Kolumbie-16.jpg 1200w, https:\/\/1001voyagesgourmands.com\/wp-content\/uploads\/2018\/12\/Minca_Colombia_Kolumbie-16-585x390.jpg 585w, https:\/\/1001voyagesgourmands.com\/wp-content\/uploads\/2018\/12\/Minca_Colombia_Kolumbie-16-263x175.jpg 263w\" sizes=\"auto, (max-width: 1024px) 100vw, 1024px\" \/><\/p>\n<p><img loading=\"lazy\" decoding=\"async\" class=\"aligncenter wp-image-22472\" src=\"http:\/\/1001voyagesgourmands.com\/wp-content\/uploads\/2018\/12\/Minca_Colombia_Kolumbie-17-683x1024.jpg\" alt=\"Minca v Kolumbii ukr\u00fdv\u00e1 organickou kakaovou a k\u00e1vovou farmu s ubytov\u00e1n\u00edm, kde na v\u00e1s krom\u011b \u010dokol\u00e1dy a kakaa \u010dek\u00e1 i domestikovan\u00fd tukan! Jak\u00fd byl n\u00e1\u0161 pobyt?\" width=\"857\" height=\"1285\" srcset=\"https:\/\/1001voyagesgourmands.com\/wp-content\/uploads\/2018\/12\/Minca_Colombia_Kolumbie-17-683x1024.jpg 683w, https:\/\/1001voyagesgourmands.com\/wp-content\/uploads\/2018\/12\/Minca_Colombia_Kolumbie-17-200x300.jpg 200w, https:\/\/1001voyagesgourmands.com\/wp-content\/uploads\/2018\/12\/Minca_Colombia_Kolumbie-17-768x1152.jpg 768w, https:\/\/1001voyagesgourmands.com\/wp-content\/uploads\/2018\/12\/Minca_Colombia_Kolumbie-17-1170x1755.jpg 1170w, https:\/\/1001voyagesgourmands.com\/wp-content\/uploads\/2018\/12\/Minca_Colombia_Kolumbie-17-585x878.jpg 585w, https:\/\/1001voyagesgourmands.com\/wp-content\/uploads\/2018\/12\/Minca_Colombia_Kolumbie-17.jpg 1200w\" sizes=\"auto, (max-width: 857px) 100vw, 857px\" \/><\/p>\n<p><img loading=\"lazy\" decoding=\"async\" class=\"aligncenter wp-image-22476\" src=\"http:\/\/1001voyagesgourmands.com\/wp-content\/uploads\/2018\/12\/Minca_Colombia_Kolumbie-19-683x1024.jpg\" alt=\"Minca v Kolumbii ukr\u00fdv\u00e1 organickou kakaovou a k\u00e1vovou farmu s ubytov\u00e1n\u00edm, kde na v\u00e1s krom\u011b \u010dokol\u00e1dy a kakaa \u010dek\u00e1 i domestikovan\u00fd tukan! Jak\u00fd byl n\u00e1\u0161 pobyt?\" width=\"841\" height=\"1261\" srcset=\"https:\/\/1001voyagesgourmands.com\/wp-content\/uploads\/2018\/12\/Minca_Colombia_Kolumbie-19-683x1024.jpg 683w, https:\/\/1001voyagesgourmands.com\/wp-content\/uploads\/2018\/12\/Minca_Colombia_Kolumbie-19-200x300.jpg 200w, https:\/\/1001voyagesgourmands.com\/wp-content\/uploads\/2018\/12\/Minca_Colombia_Kolumbie-19-768x1152.jpg 768w, https:\/\/1001voyagesgourmands.com\/wp-content\/uploads\/2018\/12\/Minca_Colombia_Kolumbie-19-1170x1755.jpg 1170w, https:\/\/1001voyagesgourmands.com\/wp-content\/uploads\/2018\/12\/Minca_Colombia_Kolumbie-19-585x878.jpg 585w, https:\/\/1001voyagesgourmands.com\/wp-content\/uploads\/2018\/12\/Minca_Colombia_Kolumbie-19.jpg 1200w\" sizes=\"auto, (max-width: 841px) 100vw, 841px\" \/><\/p>\n<p><img loading=\"lazy\" decoding=\"async\" class=\"aligncenter wp-image-22482\" src=\"http:\/\/1001voyagesgourmands.com\/wp-content\/uploads\/2018\/12\/Minca_Colombia_Kolumbie-22-683x1024.jpg\" alt=\"Minca v Kolumbii ukr\u00fdv\u00e1 organickou kakaovou a k\u00e1vovou farmu s ubytov\u00e1n\u00edm, kde na v\u00e1s krom\u011b \u010dokol\u00e1dy a kakaa \u010dek\u00e1 i domestikovan\u00fd tukan! Jak\u00fd byl n\u00e1\u0161 pobyt?\" width=\"790\" height=\"1184\" srcset=\"https:\/\/1001voyagesgourmands.com\/wp-content\/uploads\/2018\/12\/Minca_Colombia_Kolumbie-22-683x1024.jpg 683w, https:\/\/1001voyagesgourmands.com\/wp-content\/uploads\/2018\/12\/Minca_Colombia_Kolumbie-22-200x300.jpg 200w, https:\/\/1001voyagesgourmands.com\/wp-content\/uploads\/2018\/12\/Minca_Colombia_Kolumbie-22-768x1152.jpg 768w, https:\/\/1001voyagesgourmands.com\/wp-content\/uploads\/2018\/12\/Minca_Colombia_Kolumbie-22-1170x1755.jpg 1170w, https:\/\/1001voyagesgourmands.com\/wp-content\/uploads\/2018\/12\/Minca_Colombia_Kolumbie-22-585x878.jpg 585w, https:\/\/1001voyagesgourmands.com\/wp-content\/uploads\/2018\/12\/Minca_Colombia_Kolumbie-22.jpg 1200w\" sizes=\"auto, (max-width: 790px) 100vw, 790px\" \/><\/p>\n<p><img loading=\"lazy\" decoding=\"async\" class=\"aligncenter wp-image-22484\" src=\"http:\/\/1001voyagesgourmands.com\/wp-content\/uploads\/2018\/12\/Minca_Colombia_Kolumbie-23-683x1024.jpg\" alt=\"Minca v Kolumbii ukr\u00fdv\u00e1 organickou kakaovou a k\u00e1vovou farmu s ubytov\u00e1n\u00edm, kde na v\u00e1s krom\u011b \u010dokol\u00e1dy a kakaa \u010dek\u00e1 i domestikovan\u00fd tukan! Jak\u00fd byl n\u00e1\u0161 pobyt?\" width=\"788\" height=\"1181\" srcset=\"https:\/\/1001voyagesgourmands.com\/wp-content\/uploads\/2018\/12\/Minca_Colombia_Kolumbie-23-683x1024.jpg 683w, https:\/\/1001voyagesgourmands.com\/wp-content\/uploads\/2018\/12\/Minca_Colombia_Kolumbie-23-200x300.jpg 200w, https:\/\/1001voyagesgourmands.com\/wp-content\/uploads\/2018\/12\/Minca_Colombia_Kolumbie-23-768x1152.jpg 768w, https:\/\/1001voyagesgourmands.com\/wp-content\/uploads\/2018\/12\/Minca_Colombia_Kolumbie-23-1170x1755.jpg 1170w, https:\/\/1001voyagesgourmands.com\/wp-content\/uploads\/2018\/12\/Minca_Colombia_Kolumbie-23-585x878.jpg 585w, https:\/\/1001voyagesgourmands.com\/wp-content\/uploads\/2018\/12\/Minca_Colombia_Kolumbie-23.jpg 1200w\" sizes=\"auto, (max-width: 788px) 100vw, 788px\" \/><\/p>\n<p><img loading=\"lazy\" decoding=\"async\" class=\"aligncenter size-large wp-image-22488\" src=\"http:\/\/1001voyagesgourmands.com\/wp-content\/uploads\/2018\/12\/Minca_Colombia_Kolumbie-25-1024x683.jpg\" alt=\"Minca v Kolumbii ukr\u00fdv\u00e1 organickou kakaovou a k\u00e1vovou farmu s ubytov\u00e1n\u00edm, kde na v\u00e1s krom\u011b \u010dokol\u00e1dy a kakaa \u010dek\u00e1 i domestikovan\u00fd tukan! Jak\u00fd byl n\u00e1\u0161 pobyt?\" width=\"1024\" height=\"683\" srcset=\"https:\/\/1001voyagesgourmands.com\/wp-content\/uploads\/2018\/12\/Minca_Colombia_Kolumbie-25-1024x683.jpg 1024w, https:\/\/1001voyagesgourmands.com\/wp-content\/uploads\/2018\/12\/Minca_Colombia_Kolumbie-25-300x200.jpg 300w, https:\/\/1001voyagesgourmands.com\/wp-content\/uploads\/2018\/12\/Minca_Colombia_Kolumbie-25-768x512.jpg 768w, https:\/\/1001voyagesgourmands.com\/wp-content\/uploads\/2018\/12\/Minca_Colombia_Kolumbie-25-1170x780.jpg 1170w, https:\/\/1001voyagesgourmands.com\/wp-content\/uploads\/2018\/12\/Minca_Colombia_Kolumbie-25.jpg 1200w, https:\/\/1001voyagesgourmands.com\/wp-content\/uploads\/2018\/12\/Minca_Colombia_Kolumbie-25-585x390.jpg 585w, https:\/\/1001voyagesgourmands.com\/wp-content\/uploads\/2018\/12\/Minca_Colombia_Kolumbie-25-263x175.jpg 263w\" sizes=\"auto, (max-width: 1024px) 100vw, 1024px\" \/><\/p>\n<p><img loading=\"lazy\" decoding=\"async\" class=\"aligncenter size-large wp-image-22490\" src=\"http:\/\/1001voyagesgourmands.com\/wp-content\/uploads\/2018\/12\/Minca_Colombia_Kolumbie-26-1024x683.jpg\" alt=\"Minca v Kolumbii ukr\u00fdv\u00e1 organickou kakaovou a k\u00e1vovou farmu s ubytov\u00e1n\u00edm, kde na v\u00e1s krom\u011b \u010dokol\u00e1dy a kakaa \u010dek\u00e1 i domestikovan\u00fd tukan! Jak\u00fd byl n\u00e1\u0161 pobyt?\" width=\"1024\" height=\"683\" srcset=\"https:\/\/1001voyagesgourmands.com\/wp-content\/uploads\/2018\/12\/Minca_Colombia_Kolumbie-26-1024x683.jpg 1024w, https:\/\/1001voyagesgourmands.com\/wp-content\/uploads\/2018\/12\/Minca_Colombia_Kolumbie-26-300x200.jpg 300w, https:\/\/1001voyagesgourmands.com\/wp-content\/uploads\/2018\/12\/Minca_Colombia_Kolumbie-26-768x512.jpg 768w, https:\/\/1001voyagesgourmands.com\/wp-content\/uploads\/2018\/12\/Minca_Colombia_Kolumbie-26-1170x780.jpg 1170w, https:\/\/1001voyagesgourmands.com\/wp-content\/uploads\/2018\/12\/Minca_Colombia_Kolumbie-26.jpg 1200w, https:\/\/1001voyagesgourmands.com\/wp-content\/uploads\/2018\/12\/Minca_Colombia_Kolumbie-26-585x390.jpg 585w, https:\/\/1001voyagesgourmands.com\/wp-content\/uploads\/2018\/12\/Minca_Colombia_Kolumbie-26-263x175.jpg 263w\" sizes=\"auto, (max-width: 1024px) 100vw, 1024px\" \/><\/p>\n<p><img loading=\"lazy\" decoding=\"async\" class=\"aligncenter wp-image-22492\" src=\"http:\/\/1001voyagesgourmands.com\/wp-content\/uploads\/2018\/12\/Minca_Colombia_Kolumbie-27-683x1024.jpg\" alt=\"\" width=\"782\" height=\"1172\" srcset=\"https:\/\/1001voyagesgourmands.com\/wp-content\/uploads\/2018\/12\/Minca_Colombia_Kolumbie-27-683x1024.jpg 683w, https:\/\/1001voyagesgourmands.com\/wp-content\/uploads\/2018\/12\/Minca_Colombia_Kolumbie-27-200x300.jpg 200w, https:\/\/1001voyagesgourmands.com\/wp-content\/uploads\/2018\/12\/Minca_Colombia_Kolumbie-27-768x1152.jpg 768w, https:\/\/1001voyagesgourmands.com\/wp-content\/uploads\/2018\/12\/Minca_Colombia_Kolumbie-27-1170x1755.jpg 1170w, https:\/\/1001voyagesgourmands.com\/wp-content\/uploads\/2018\/12\/Minca_Colombia_Kolumbie-27-585x878.jpg 585w, https:\/\/1001voyagesgourmands.com\/wp-content\/uploads\/2018\/12\/Minca_Colombia_Kolumbie-27.jpg 1200w\" sizes=\"auto, (max-width: 782px) 100vw, 782px\" \/><\/p>\n<p><img loading=\"lazy\" decoding=\"async\" class=\"aligncenter wp-image-22496\" src=\"http:\/\/1001voyagesgourmands.com\/wp-content\/uploads\/2018\/12\/Minca_Colombia_Kolumbie-29-683x1024.jpg\" alt=\"Minca v Kolumbii ukr\u00fdv\u00e1 organickou kakaovou a k\u00e1vovou farmu s ubytov\u00e1n\u00edm, kde na v\u00e1s krom\u011b \u010dokol\u00e1dy a kakaa \u010dek\u00e1 i domestikovan\u00fd tukan! Jak\u00fd byl n\u00e1\u0161 pobyt?\" width=\"778\" height=\"1166\" srcset=\"https:\/\/1001voyagesgourmands.com\/wp-content\/uploads\/2018\/12\/Minca_Colombia_Kolumbie-29-683x1024.jpg 683w, https:\/\/1001voyagesgourmands.com\/wp-content\/uploads\/2018\/12\/Minca_Colombia_Kolumbie-29-200x300.jpg 200w, https:\/\/1001voyagesgourmands.com\/wp-content\/uploads\/2018\/12\/Minca_Colombia_Kolumbie-29-768x1152.jpg 768w, https:\/\/1001voyagesgourmands.com\/wp-content\/uploads\/2018\/12\/Minca_Colombia_Kolumbie-29-1170x1755.jpg 1170w, https:\/\/1001voyagesgourmands.com\/wp-content\/uploads\/2018\/12\/Minca_Colombia_Kolumbie-29-585x878.jpg 585w, https:\/\/1001voyagesgourmands.com\/wp-content\/uploads\/2018\/12\/Minca_Colombia_Kolumbie-29.jpg 1200w\" sizes=\"auto, (max-width: 778px) 100vw, 778px\" \/><\/p>\n<p><img loading=\"lazy\" decoding=\"async\" class=\"aligncenter size-large wp-image-22498\" src=\"http:\/\/1001voyagesgourmands.com\/wp-content\/uploads\/2018\/12\/Minca_Colombia_Kolumbie-30-1024x683.jpg\" alt=\"Minca v Kolumbii ukr\u00fdv\u00e1 organickou kakaovou a k\u00e1vovou farmu s ubytov\u00e1n\u00edm, kde na v\u00e1s krom\u011b \u010dokol\u00e1dy a kakaa \u010dek\u00e1 i domestikovan\u00fd tukan! Jak\u00fd byl n\u00e1\u0161 pobyt?\" width=\"1024\" height=\"683\" srcset=\"https:\/\/1001voyagesgourmands.com\/wp-content\/uploads\/2018\/12\/Minca_Colombia_Kolumbie-30-1024x683.jpg 1024w, https:\/\/1001voyagesgourmands.com\/wp-content\/uploads\/2018\/12\/Minca_Colombia_Kolumbie-30-300x200.jpg 300w, https:\/\/1001voyagesgourmands.com\/wp-content\/uploads\/2018\/12\/Minca_Colombia_Kolumbie-30-768x512.jpg 768w, https:\/\/1001voyagesgourmands.com\/wp-content\/uploads\/2018\/12\/Minca_Colombia_Kolumbie-30-1170x780.jpg 1170w, https:\/\/1001voyagesgourmands.com\/wp-content\/uploads\/2018\/12\/Minca_Colombia_Kolumbie-30.jpg 1200w, https:\/\/1001voyagesgourmands.com\/wp-content\/uploads\/2018\/12\/Minca_Colombia_Kolumbie-30-585x390.jpg 585w, https:\/\/1001voyagesgourmands.com\/wp-content\/uploads\/2018\/12\/Minca_Colombia_Kolumbie-30-263x175.jpg 263w\" sizes=\"auto, (max-width: 1024px) 100vw, 1024px\" \/><\/p>\n<p><img loading=\"lazy\" decoding=\"async\" class=\"aligncenter wp-image-22500\" src=\"http:\/\/1001voyagesgourmands.com\/wp-content\/uploads\/2018\/12\/Minca_Colombia_Kolumbie-31-683x1024.jpg\" alt=\"Minca v Kolumbii ukr\u00fdv\u00e1 organickou kakaovou a k\u00e1vovou farmu s ubytov\u00e1n\u00edm, kde na v\u00e1s krom\u011b \u010dokol\u00e1dy a kakaa \u010dek\u00e1 i domestikovan\u00fd tukan! Jak\u00fd byl n\u00e1\u0161 pobyt?\" width=\"826\" height=\"1238\" srcset=\"https:\/\/1001voyagesgourmands.com\/wp-content\/uploads\/2018\/12\/Minca_Colombia_Kolumbie-31-683x1024.jpg 683w, https:\/\/1001voyagesgourmands.com\/wp-content\/uploads\/2018\/12\/Minca_Colombia_Kolumbie-31-200x300.jpg 200w, https:\/\/1001voyagesgourmands.com\/wp-content\/uploads\/2018\/12\/Minca_Colombia_Kolumbie-31-768x1152.jpg 768w, https:\/\/1001voyagesgourmands.com\/wp-content\/uploads\/2018\/12\/Minca_Colombia_Kolumbie-31-1170x1755.jpg 1170w, https:\/\/1001voyagesgourmands.com\/wp-content\/uploads\/2018\/12\/Minca_Colombia_Kolumbie-31-585x878.jpg 585w, https:\/\/1001voyagesgourmands.com\/wp-content\/uploads\/2018\/12\/Minca_Colombia_Kolumbie-31.jpg 1200w\" sizes=\"auto, (max-width: 826px) 100vw, 826px\" \/><\/p>\n<p><img loading=\"lazy\" decoding=\"async\" class=\"aligncenter wp-image-22502\" src=\"http:\/\/1001voyagesgourmands.com\/wp-content\/uploads\/2018\/12\/Minca_Colombia_Kolumbie-32-683x1024.jpg\" alt=\"Minca v Kolumbii ukr\u00fdv\u00e1 organickou kakaovou a k\u00e1vovou farmu s ubytov\u00e1n\u00edm, kde na v\u00e1s krom\u011b \u010dokol\u00e1dy a kakaa \u010dek\u00e1 i domestikovan\u00fd tukan! Jak\u00fd byl n\u00e1\u0161 pobyt?\" width=\"779\" height=\"1168\" srcset=\"https:\/\/1001voyagesgourmands.com\/wp-content\/uploads\/2018\/12\/Minca_Colombia_Kolumbie-32-683x1024.jpg 683w, https:\/\/1001voyagesgourmands.com\/wp-content\/uploads\/2018\/12\/Minca_Colombia_Kolumbie-32-200x300.jpg 200w, https:\/\/1001voyagesgourmands.com\/wp-content\/uploads\/2018\/12\/Minca_Colombia_Kolumbie-32-768x1152.jpg 768w, https:\/\/1001voyagesgourmands.com\/wp-content\/uploads\/2018\/12\/Minca_Colombia_Kolumbie-32-1170x1755.jpg 1170w, https:\/\/1001voyagesgourmands.com\/wp-content\/uploads\/2018\/12\/Minca_Colombia_Kolumbie-32-585x878.jpg 585w, https:\/\/1001voyagesgourmands.com\/wp-content\/uploads\/2018\/12\/Minca_Colombia_Kolumbie-32.jpg 1200w\" sizes=\"auto, (max-width: 779px) 100vw, 779px\" \/><\/p>\n","protected":false},"excerpt":{"rendered":"<p>Kone\u010dn\u011b postupn\u011b zpracov\u00e1v\u00e1m \u010dl\u00e1nky z na\u0161eho dubnov\u00e9ho v\u00fdletu do Kolumbie. V prvn\u00edm jsem v\u00e1m dala p\u00e1r tip\u016f na Cartagenu a ostrovy Rosario, kde jsme str\u00e1vili prvn\u00ed t\u0159i dny a v tom dne\u0161n\u00edm budeme pokra\u010dovat je\u0161t\u011b chv\u00edli po tropick\u00e9m severu zem\u011b. Z Cartageny jsme m\u011bli p\u016fvodn\u011b nam\u00ed\u0159eno do Santa Marty za&hellip;<\/p>\n","protected":false},"author":1,"featured_media":22484,"comment_status":"closed","ping_status":"closed","sticky":false,"template":"","format":"standard","meta":{"_exactmetrics_skip_tracking":false,"_exactmetrics_sitenote_active":false,"_exactmetrics_sitenote_note":"","_exactmetrics_sitenote_category":0,"_lmt_disableupdate":"","_lmt_disable":"","footnotes":""},"categories":[4,554],"tags":[376,576],"class_list":["post-21764","post","type-post","status-publish","format-standard","has-post-thumbnail","hentry","category-cestovani","category-kolumbie","tag-jizni-amerika","tag-kolumbie"],"yoast_head":"<!-- This site is optimized with the Yoast SEO plugin v26.1.1 - https:\/\/yoast.com\/wordpress\/plugins\/seo\/ -->\n<title>Minca, Kolumbie - Jak jsme str\u00e1vili noc na \u010doko farm\u011b s Tukim, domestikovan\u00fdm tukanem - 1001 Voyages Gourmands<\/title>\n<meta name=\"description\" content=\"Minca v Kolumbii ukr\u00fdv\u00e1 organickou kakaovou a k\u00e1vovou farmu s ubytov\u00e1n\u00edm, kde na v\u00e1s krom\u011b \u010dokol\u00e1dy a kakaa \u010dek\u00e1 i domestikovan\u00fd tukan! Jak\u00fd byl n\u00e1\u0161 pobyt?\" \/>\n<meta name=\"robots\" content=\"index, follow, max-snippet:-1, max-image-preview:large, max-video-preview:-1\" \/>\n<link rel=\"canonical\" href=\"https:\/\/1001voyagesgourmands.com\/cs\/minca-kolumbie-jak-jsme-stravili-noc-na-coko-farme-s-tukanem\/\" \/>\n<meta property=\"og:locale\" content=\"cs_CZ\" \/>\n<meta property=\"og:type\" content=\"article\" \/>\n<meta property=\"og:title\" content=\"Minca, Kolumbie - Jak jsme str\u00e1vili noc na \u010doko farm\u011b s Tukim, domestikovan\u00fdm tukanem - 1001 Voyages Gourmands\" \/>\n<meta property=\"og:description\" content=\"Minca v Kolumbii ukr\u00fdv\u00e1 organickou kakaovou a k\u00e1vovou farmu s ubytov\u00e1n\u00edm, kde na v\u00e1s krom\u011b \u010dokol\u00e1dy a kakaa \u010dek\u00e1 i domestikovan\u00fd tukan! Jak\u00fd byl n\u00e1\u0161 pobyt?\" \/>\n<meta property=\"og:url\" content=\"https:\/\/1001voyagesgourmands.com\/cs\/minca-kolumbie-jak-jsme-stravili-noc-na-coko-farme-s-tukanem\/\" \/>\n<meta property=\"og:site_name\" content=\"1001 Voyages Gourmands\" \/>\n<meta property=\"article:publisher\" content=\"https:\/\/www.facebook.com\/1001voyagesgourmands\" \/>\n<meta property=\"article:published_time\" content=\"2018-12-19T23:35:34+00:00\" \/>\n<meta property=\"article:modified_time\" content=\"2019-01-17T21:48:06+00:00\" \/>\n<meta property=\"og:image\" content=\"https:\/\/1001voyagesgourmands.com\/wp-content\/uploads\/2018\/12\/Minca_Colombia_Kolumbie-23.jpg\" \/>\n\t<meta property=\"og:image:width\" content=\"1200\" \/>\n\t<meta property=\"og:image:height\" content=\"1800\" \/>\n\t<meta property=\"og:image:type\" content=\"image\/jpeg\" \/>\n<meta name=\"author\" content=\"Michaela\" \/>\n<meta name=\"twitter:card\" content=\"summary_large_image\" \/>\n<meta name=\"twitter:creator\" content=\"@michaela_1001vg\" \/>\n<meta name=\"twitter:site\" content=\"@michaela_1001vg\" \/>\n<meta name=\"twitter:label1\" content=\"Napsal(a)\" \/>\n\t<meta name=\"twitter:data1\" content=\"Michaela\" \/>\n\t<meta name=\"twitter:label2\" content=\"Odhadovan\u00e1 doba \u010dten\u00ed\" \/>\n\t<meta name=\"twitter:data2\" content=\"6 minut\" \/>\n<script type=\"application\/ld+json\" class=\"yoast-schema-graph\">{\"@context\":\"https:\/\/schema.org\",\"@graph\":[{\"@type\":\"WebPage\",\"@id\":\"https:\/\/1001voyagesgourmands.com\/cs\/minca-kolumbie-jak-jsme-stravili-noc-na-coko-farme-s-tukanem\/\",\"url\":\"https:\/\/1001voyagesgourmands.com\/cs\/minca-kolumbie-jak-jsme-stravili-noc-na-coko-farme-s-tukanem\/\",\"name\":\"Minca, Kolumbie - Jak jsme str\u00e1vili noc na \u010doko farm\u011b s Tukim, domestikovan\u00fdm tukanem - 1001 Voyages Gourmands\",\"isPartOf\":{\"@id\":\"https:\/\/1001voyagesgourmands.com\/cs\/#website\"},\"primaryImageOfPage\":{\"@id\":\"https:\/\/1001voyagesgourmands.com\/cs\/minca-kolumbie-jak-jsme-stravili-noc-na-coko-farme-s-tukanem\/#primaryimage\"},\"image\":{\"@id\":\"https:\/\/1001voyagesgourmands.com\/cs\/minca-kolumbie-jak-jsme-stravili-noc-na-coko-farme-s-tukanem\/#primaryimage\"},\"thumbnailUrl\":\"https:\/\/1001voyagesgourmands.com\/wp-content\/uploads\/2018\/12\/Minca_Colombia_Kolumbie-23.jpg\",\"datePublished\":\"2018-12-19T23:35:34+00:00\",\"dateModified\":\"2019-01-17T21:48:06+00:00\",\"author\":{\"@id\":\"https:\/\/1001voyagesgourmands.com\/cs\/#\/schema\/person\/62e0e7238fcf7482b23bf83e1b72ff1b\"},\"description\":\"Minca v Kolumbii ukr\u00fdv\u00e1 organickou kakaovou a k\u00e1vovou farmu s ubytov\u00e1n\u00edm, kde na v\u00e1s krom\u011b \u010dokol\u00e1dy a kakaa \u010dek\u00e1 i domestikovan\u00fd tukan! Jak\u00fd byl n\u00e1\u0161 pobyt?\",\"breadcrumb\":{\"@id\":\"https:\/\/1001voyagesgourmands.com\/cs\/minca-kolumbie-jak-jsme-stravili-noc-na-coko-farme-s-tukanem\/#breadcrumb\"},\"inLanguage\":\"cs\",\"potentialAction\":[{\"@type\":\"ReadAction\",\"target\":[\"https:\/\/1001voyagesgourmands.com\/cs\/minca-kolumbie-jak-jsme-stravili-noc-na-coko-farme-s-tukanem\/\"]}]},{\"@type\":\"ImageObject\",\"inLanguage\":\"cs\",\"@id\":\"https:\/\/1001voyagesgourmands.com\/cs\/minca-kolumbie-jak-jsme-stravili-noc-na-coko-farme-s-tukanem\/#primaryimage\",\"url\":\"https:\/\/1001voyagesgourmands.com\/wp-content\/uploads\/2018\/12\/Minca_Colombia_Kolumbie-23.jpg\",\"contentUrl\":\"https:\/\/1001voyagesgourmands.com\/wp-content\/uploads\/2018\/12\/Minca_Colombia_Kolumbie-23.jpg\",\"width\":1200,\"height\":1800,\"caption\":\"Minca v Kolumbii ukr\u00fdv\u00e1 organickou kakaovou a k\u00e1vovou farmu s ubytov\u00e1n\u00edm, kde na v\u00e1s krom\u011b \u010dokol\u00e1dy a kakaa \u010dek\u00e1 i domestikovan\u00fd tukan! Jak\u00fd byl n\u00e1\u0161 pobyt?\"},{\"@type\":\"BreadcrumbList\",\"@id\":\"https:\/\/1001voyagesgourmands.com\/cs\/minca-kolumbie-jak-jsme-stravili-noc-na-coko-farme-s-tukanem\/#breadcrumb\",\"itemListElement\":[{\"@type\":\"ListItem\",\"position\":1,\"name\":\"Dom\u016f\",\"item\":\"https:\/\/1001voyagesgourmands.com\/cs\/\"},{\"@type\":\"ListItem\",\"position\":2,\"name\":\"Minca, Kolumbie &#8211; Jak jsme str\u00e1vili noc na \u010doko farm\u011b s Tukim, domestikovan\u00fdm tukanem\"}]},{\"@type\":\"WebSite\",\"@id\":\"https:\/\/1001voyagesgourmands.com\/cs\/#website\",\"url\":\"https:\/\/1001voyagesgourmands.com\/cs\/\",\"name\":\"1001 Voyages Gourmands\",\"description\":\"Food | Travel | Photography\",\"potentialAction\":[{\"@type\":\"SearchAction\",\"target\":{\"@type\":\"EntryPoint\",\"urlTemplate\":\"https:\/\/1001voyagesgourmands.com\/cs\/?s={search_term_string}\"},\"query-input\":{\"@type\":\"PropertyValueSpecification\",\"valueRequired\":true,\"valueName\":\"search_term_string\"}}],\"inLanguage\":\"cs\"},{\"@type\":\"Person\",\"@id\":\"https:\/\/1001voyagesgourmands.com\/cs\/#\/schema\/person\/62e0e7238fcf7482b23bf83e1b72ff1b\",\"name\":\"Michaela\",\"image\":{\"@type\":\"ImageObject\",\"inLanguage\":\"cs\",\"@id\":\"https:\/\/1001voyagesgourmands.com\/cs\/#\/schema\/person\/image\/\",\"url\":\"https:\/\/secure.gravatar.com\/avatar\/73fa562a5b0ce269ca480f67de504b8ecac054a121d170e226f1b79e02024cb8?s=96&d=mm&r=g\",\"contentUrl\":\"https:\/\/secure.gravatar.com\/avatar\/73fa562a5b0ce269ca480f67de504b8ecac054a121d170e226f1b79e02024cb8?s=96&d=mm&r=g\",\"caption\":\"Michaela\"},\"sameAs\":[\"http:\/\/1001voyagesgourmands.com\"]}]}<\/script>\n<!-- \/ Yoast SEO plugin. -->","yoast_head_json":{"title":"Minca, Kolumbie - Jak jsme str\u00e1vili noc na \u010doko farm\u011b s Tukim, domestikovan\u00fdm tukanem - 1001 Voyages Gourmands","description":"Minca v Kolumbii ukr\u00fdv\u00e1 organickou kakaovou a k\u00e1vovou farmu s ubytov\u00e1n\u00edm, kde na v\u00e1s krom\u011b \u010dokol\u00e1dy a kakaa \u010dek\u00e1 i domestikovan\u00fd tukan! Jak\u00fd byl n\u00e1\u0161 pobyt?","robots":{"index":"index","follow":"follow","max-snippet":"max-snippet:-1","max-image-preview":"max-image-preview:large","max-video-preview":"max-video-preview:-1"},"canonical":"https:\/\/1001voyagesgourmands.com\/cs\/minca-kolumbie-jak-jsme-stravili-noc-na-coko-farme-s-tukanem\/","og_locale":"cs_CZ","og_type":"article","og_title":"Minca, Kolumbie - Jak jsme str\u00e1vili noc na \u010doko farm\u011b s Tukim, domestikovan\u00fdm tukanem - 1001 Voyages Gourmands","og_description":"Minca v Kolumbii ukr\u00fdv\u00e1 organickou kakaovou a k\u00e1vovou farmu s ubytov\u00e1n\u00edm, kde na v\u00e1s krom\u011b \u010dokol\u00e1dy a kakaa \u010dek\u00e1 i domestikovan\u00fd tukan! Jak\u00fd byl n\u00e1\u0161 pobyt?","og_url":"https:\/\/1001voyagesgourmands.com\/cs\/minca-kolumbie-jak-jsme-stravili-noc-na-coko-farme-s-tukanem\/","og_site_name":"1001 Voyages Gourmands","article_publisher":"https:\/\/www.facebook.com\/1001voyagesgourmands","article_published_time":"2018-12-19T23:35:34+00:00","article_modified_time":"2019-01-17T21:48:06+00:00","og_image":[{"width":1200,"height":1800,"url":"https:\/\/1001voyagesgourmands.com\/wp-content\/uploads\/2018\/12\/Minca_Colombia_Kolumbie-23.jpg","type":"image\/jpeg"}],"author":"Michaela","twitter_card":"summary_large_image","twitter_creator":"@michaela_1001vg","twitter_site":"@michaela_1001vg","twitter_misc":{"Napsal(a)":"Michaela","Odhadovan\u00e1 doba \u010dten\u00ed":"6 minut"},"schema":{"@context":"https:\/\/schema.org","@graph":[{"@type":"WebPage","@id":"https:\/\/1001voyagesgourmands.com\/cs\/minca-kolumbie-jak-jsme-stravili-noc-na-coko-farme-s-tukanem\/","url":"https:\/\/1001voyagesgourmands.com\/cs\/minca-kolumbie-jak-jsme-stravili-noc-na-coko-farme-s-tukanem\/","name":"Minca, Kolumbie - Jak jsme str\u00e1vili noc na \u010doko farm\u011b s Tukim, domestikovan\u00fdm tukanem - 1001 Voyages Gourmands","isPartOf":{"@id":"https:\/\/1001voyagesgourmands.com\/cs\/#website"},"primaryImageOfPage":{"@id":"https:\/\/1001voyagesgourmands.com\/cs\/minca-kolumbie-jak-jsme-stravili-noc-na-coko-farme-s-tukanem\/#primaryimage"},"image":{"@id":"https:\/\/1001voyagesgourmands.com\/cs\/minca-kolumbie-jak-jsme-stravili-noc-na-coko-farme-s-tukanem\/#primaryimage"},"thumbnailUrl":"https:\/\/1001voyagesgourmands.com\/wp-content\/uploads\/2018\/12\/Minca_Colombia_Kolumbie-23.jpg","datePublished":"2018-12-19T23:35:34+00:00","dateModified":"2019-01-17T21:48:06+00:00","author":{"@id":"https:\/\/1001voyagesgourmands.com\/cs\/#\/schema\/person\/62e0e7238fcf7482b23bf83e1b72ff1b"},"description":"Minca v Kolumbii ukr\u00fdv\u00e1 organickou kakaovou a k\u00e1vovou farmu s ubytov\u00e1n\u00edm, kde na v\u00e1s krom\u011b \u010dokol\u00e1dy a kakaa \u010dek\u00e1 i domestikovan\u00fd tukan! Jak\u00fd byl n\u00e1\u0161 pobyt?","breadcrumb":{"@id":"https:\/\/1001voyagesgourmands.com\/cs\/minca-kolumbie-jak-jsme-stravili-noc-na-coko-farme-s-tukanem\/#breadcrumb"},"inLanguage":"cs","potentialAction":[{"@type":"ReadAction","target":["https:\/\/1001voyagesgourmands.com\/cs\/minca-kolumbie-jak-jsme-stravili-noc-na-coko-farme-s-tukanem\/"]}]},{"@type":"ImageObject","inLanguage":"cs","@id":"https:\/\/1001voyagesgourmands.com\/cs\/minca-kolumbie-jak-jsme-stravili-noc-na-coko-farme-s-tukanem\/#primaryimage","url":"https:\/\/1001voyagesgourmands.com\/wp-content\/uploads\/2018\/12\/Minca_Colombia_Kolumbie-23.jpg","contentUrl":"https:\/\/1001voyagesgourmands.com\/wp-content\/uploads\/2018\/12\/Minca_Colombia_Kolumbie-23.jpg","width":1200,"height":1800,"caption":"Minca v Kolumbii ukr\u00fdv\u00e1 organickou kakaovou a k\u00e1vovou farmu s ubytov\u00e1n\u00edm, kde na v\u00e1s krom\u011b \u010dokol\u00e1dy a kakaa \u010dek\u00e1 i domestikovan\u00fd tukan! Jak\u00fd byl n\u00e1\u0161 pobyt?"},{"@type":"BreadcrumbList","@id":"https:\/\/1001voyagesgourmands.com\/cs\/minca-kolumbie-jak-jsme-stravili-noc-na-coko-farme-s-tukanem\/#breadcrumb","itemListElement":[{"@type":"ListItem","position":1,"name":"Dom\u016f","item":"https:\/\/1001voyagesgourmands.com\/cs\/"},{"@type":"ListItem","position":2,"name":"Minca, Kolumbie &#8211; Jak jsme str\u00e1vili noc na \u010doko farm\u011b s Tukim, domestikovan\u00fdm tukanem"}]},{"@type":"WebSite","@id":"https:\/\/1001voyagesgourmands.com\/cs\/#website","url":"https:\/\/1001voyagesgourmands.com\/cs\/","name":"1001 Voyages Gourmands","description":"Food | Travel | Photography","potentialAction":[{"@type":"SearchAction","target":{"@type":"EntryPoint","urlTemplate":"https:\/\/1001voyagesgourmands.com\/cs\/?s={search_term_string}"},"query-input":{"@type":"PropertyValueSpecification","valueRequired":true,"valueName":"search_term_string"}}],"inLanguage":"cs"},{"@type":"Person","@id":"https:\/\/1001voyagesgourmands.com\/cs\/#\/schema\/person\/62e0e7238fcf7482b23bf83e1b72ff1b","name":"Michaela","image":{"@type":"ImageObject","inLanguage":"cs","@id":"https:\/\/1001voyagesgourmands.com\/cs\/#\/schema\/person\/image\/","url":"https:\/\/secure.gravatar.com\/avatar\/73fa562a5b0ce269ca480f67de504b8ecac054a121d170e226f1b79e02024cb8?s=96&d=mm&r=g","contentUrl":"https:\/\/secure.gravatar.com\/avatar\/73fa562a5b0ce269ca480f67de504b8ecac054a121d170e226f1b79e02024cb8?s=96&d=mm&r=g","caption":"Michaela"},"sameAs":["http:\/\/1001voyagesgourmands.com"]}]}},"_links":{"self":[{"href":"https:\/\/1001voyagesgourmands.com\/cs\/wp-json\/wp\/v2\/posts\/21764","targetHints":{"allow":["GET"]}}],"collection":[{"href":"https:\/\/1001voyagesgourmands.com\/cs\/wp-json\/wp\/v2\/posts"}],"about":[{"href":"https:\/\/1001voyagesgourmands.com\/cs\/wp-json\/wp\/v2\/types\/post"}],"author":[{"embeddable":true,"href":"https:\/\/1001voyagesgourmands.com\/cs\/wp-json\/wp\/v2\/users\/1"}],"replies":[{"embeddable":true,"href":"https:\/\/1001voyagesgourmands.com\/cs\/wp-json\/wp\/v2\/comments?post=21764"}],"version-history":[{"count":5,"href":"https:\/\/1001voyagesgourmands.com\/cs\/wp-json\/wp\/v2\/posts\/21764\/revisions"}],"predecessor-version":[{"id":22517,"href":"https:\/\/1001voyagesgourmands.com\/cs\/wp-json\/wp\/v2\/posts\/21764\/revisions\/22517"}],"wp:featuredmedia":[{"embeddable":true,"href":"https:\/\/1001voyagesgourmands.com\/cs\/wp-json\/wp\/v2\/media\/22484"}],"wp:attachment":[{"href":"https:\/\/1001voyagesgourmands.com\/cs\/wp-json\/wp\/v2\/media?parent=21764"}],"wp:term":[{"taxonomy":"category","embeddable":true,"href":"https:\/\/1001voyagesgourmands.com\/cs\/wp-json\/wp\/v2\/categories?post=21764"},{"taxonomy":"post_tag","embeddable":true,"href":"https:\/\/1001voyagesgourmands.com\/cs\/wp-json\/wp\/v2\/tags?post=21764"}],"curies":[{"name":"wp","href":"https:\/\/api.w.org\/{rel}","templated":true}]}}