{"id":20929,"date":"2018-08-01T22:39:17","date_gmt":"2018-08-01T20:39:17","guid":{"rendered":"http:\/\/1001voyagesgourmands.com\/?p=20929"},"modified":"2020-12-02T12:40:31","modified_gmt":"2020-12-02T11:40:31","slug":"mych-top-15-tipu-co-videt-a-podniknout-v-bruselu","status":"publish","type":"post","link":"https:\/\/1001voyagesgourmands.com\/cs\/mych-top-15-tipu-co-videt-a-podniknout-v-bruselu\/","title":{"rendered":"M\u00fdch top 15 tip\u016f, co vid\u011bt a podniknout v Bruselu"},"content":{"rendered":"<p style=\"text-align: justify;\">Po osmi letech str\u00e1ven\u00fdch v hlavn\u00edm m\u011bst\u011b Evropy a t\u0159ech letech blogov\u00e1n\u00ed jsem si \u0159ekla, ze bych v\u00e1m sem mohla hodit p\u00e1r tip\u016f na to, co vid\u011bt a podniknout&nbsp; v Bruselu.&nbsp;P\u0159izn\u00e1m se, \u017ee tenhle \u010dl\u00e1nek m\u00e1m v hlav\u011b ji\u017e od sam\u00e9ho vzniku blogu, jen\u017ee jsem nebyla schopn\u00e1 ho publikovat d\u0159\u00edve&#8230; Klasika &#8211; \u010dasto si s t\u00edm, co m\u00e1me bl\u00edzko, d\u00e1v\u00e1me na \u010das (nebo alespo\u0148 j\u00e1). Nicm\u00e9n\u011b o to v\u00edce jsem si s t\u00edmto \u010dl\u00e1nkem dala z\u00e1le\u017eet a douf\u00e1m, \u017ee v\u00e1m p\u0159i va\u0161\u00ed n\u00e1v\u0161t\u011bv\u011b Bruselu pom\u016f\u017ee dob\u0159e str\u00e1vit v\u00e1\u0161 \u010das a u\u017e\u00edt si to tu naplno.<\/p>\n<p style=\"text-align: justify;\">V\u00edm, \u017ee v \u010desk\u00fdch vod\u00e1ch panuje tak trochu nepopul\u00e1rn\u00ed \u00fa\u0159edn\u00ed obraz Bruselu jako\u017eto nudn\u00e9ho a mo\u017en\u00e1 i \u0161pinav\u00e9ho m\u011bsta, kde je v\u011bt\u0161inu \u010dasu o\u0161klivo, a tak bych v\u00e1m cht\u011bla m\u011bsto p\u0159ibl\u00ed\u017eit z pohledu \u010ce\u0161ky adoptovan\u00e9 Belgi\u00ed, \u017eij\u00edc\u00ed v Bruselu norm\u00e1ln\u00edm \u017eivotem mimo EU instituce. Brusel n\u011bkter\u00e9 n\u00e1v\u0161t\u011bvn\u00edky snadno zklame, proto\u017ee v\u00e1s okam\u017eit\u011b neokouzl\u00ed jako Pa\u0159\u00ed\u017e nebo Ben\u00e1tky, a ani nen\u00ed tak kosmopolitn\u00ed jako t\u0159eba New York, p\u0159esto\u017ee tu \u017eije v\u00edce n\u00e1rodnost\u00ed. Zato m\u00e1 sv\u00e9 kouzlo. <strong>Nenaserv\u00edruje v\u00e1m hned \u0161ampa\u0148sk\u00e9 s&nbsp;jahodami, tady se kr\u00e1sa mus\u00ed hledat a m\u011bsto se mus\u00ed zkr\u00e1tka za\u017e\u00edt<\/strong>, co\u017e zn\u00ed na druhou stranu hned dobrodru\u017en\u011bji, \u017ee? Poj\u010fme tedy Brusel objevit spolu a j\u00e1 v\u00e1m garantuji, \u017ee a\u017e sem p\u0159ijedete, tak si to tu u\u017eijete a\u0165 je obloha zata\u017een\u00e1 nebo sv\u00edt\u00ed slun\u00ed\u010dko!<\/p>\n<p style=\"text-align: justify;\"><img loading=\"lazy\" decoding=\"async\" class=\"aligncenter size-full wp-image-21422\" src=\"http:\/\/1001voyagesgourmands.com\/wp-content\/uploads\/2018\/08\/Co_videt_podniknout_v_Bruselu-14.jpg\" alt=\"Pokud se vyd\u00e1te do evropsk\u00e9ho hlavn\u00edho m\u011bsta, pak se v\u00e1m jist\u011b bude hodit m\u00fdch 15 tip\u016f, co vid\u011bt a podniknout v&nbsp;Bruselu, abyste si v\u00fdlet \u0159\u00e1dn\u011b u\u017eili.\" width=\"1000\" height=\"667\" srcset=\"https:\/\/1001voyagesgourmands.com\/wp-content\/uploads\/2018\/08\/Co_videt_podniknout_v_Bruselu-14.jpg 1000w, https:\/\/1001voyagesgourmands.com\/wp-content\/uploads\/2018\/08\/Co_videt_podniknout_v_Bruselu-14-300x200.jpg 300w, https:\/\/1001voyagesgourmands.com\/wp-content\/uploads\/2018\/08\/Co_videt_podniknout_v_Bruselu-14-768x512.jpg 768w, https:\/\/1001voyagesgourmands.com\/wp-content\/uploads\/2018\/08\/Co_videt_podniknout_v_Bruselu-14-585x390.jpg 585w, https:\/\/1001voyagesgourmands.com\/wp-content\/uploads\/2018\/08\/Co_videt_podniknout_v_Bruselu-14-263x175.jpg 263w\" sizes=\"auto, (max-width: 1000px) 100vw, 1000px\" \/><\/p>\n<p>&nbsp;<\/p>\n<p>&nbsp;<\/p>\n<h2 style=\"text-align: justify;\"><u>M\u00fdch top 15 tip\u016f, co vid\u011bt a podniknout v Bruselu<\/u><\/h2>\n<p style=\"text-align: justify;\">&nbsp;<\/p>\n<h3 style=\"text-align: justify;\">#1 Za\u010dn\u011bte na Grand Place<\/h3>\n<p style=\"text-align: justify;\">To, co opravdu nem\u016f\u017eete v Bruselu minout, je bruselsk\u00e9 hlavn\u00ed n\u00e1m\u011bst\u00ed zvan\u00e9 Grand Place, je\u017e se pr\u00e1vem \u0159ad\u00ed mezi <strong>nejkr\u00e1sn\u011bj\u0161\u00ed n\u00e1m\u011bst\u00ed planety<\/strong>. Je lemov\u00e1no kr\u00e1sn\u00fdmi star\u00fdmi domky postaven\u00fdmi ve stylu vl\u00e1msk\u00e9ho baroka. Jako prvn\u00ed v\u00e1s nejsp\u00ed\u0161 uchv\u00e1t\u00ed n\u00e1dhern\u00e1 gotick\u00e1 budova <strong>radnice<\/strong>, jej\u00ed\u017e fas\u00e1da je dekorovan\u00e1 mal\u00fdmi so\u0161kami. Uvnit\u0159 najdete informa\u010dn\u00ed centrum, pokud byste cht\u011bli n\u011bjak\u00e9 rady \u010di mapy. P\u0159\u00edmo naproti stoj\u00ed takov\u00e1 za\u0161edl\u00e1 a\u017e z\u010dernal\u00e1, le\u010d dal\u0161\u00ed kr\u00e1sn\u00e1 majest\u00e1tn\u00ed budova, ve kter\u00e9 najdete <strong><a href=\"http:\/\/www.brusselscitymuseum.brussels\/en\" target=\"_blank\" rel=\"noopener noreferrer\">Muzeum Bruselu<\/a><\/strong> v\u011bnovan\u00e9 historii a folkloru m\u011bsta (v\u010detn\u011b oble\u010dk\u016f pro so\u0161ku \u010d\u016fraj\u00edc\u00edho chlape\u010dka).<\/p>\n<p style=\"text-align: justify;\">A je to tak\u00e9 na tomto n\u00e1m\u011bst\u00ed, kde ka\u017ed\u00e9 dva roky v&nbsp;polovin\u011b srpna najdete slavn\u00fd <strong><a href=\"http:\/\/www.flowercarpet.brussels\/en\" target=\"_blank\" rel=\"noopener noreferrer\">kv\u011btinov\u00fd koberec<\/a> <\/strong>(ten p\u0159\u00ed\u0161t\u00ed se tu objev\u00ed op\u011bt v srpnu 2018!).<\/p>\n<p><img loading=\"lazy\" decoding=\"async\" class=\"aligncenter size-full wp-image-21420\" src=\"http:\/\/1001voyagesgourmands.com\/wp-content\/uploads\/2018\/08\/Co_videt_podniknout_v_Bruselu-13.jpg\" alt=\"Pokud se vyd\u00e1te do evropsk\u00e9ho hlavn\u00edho m\u011bsta, pak se v\u00e1m jist\u011b bude hodit m\u00fdch 15 tip\u016f, co vid\u011bt a podniknout v&nbsp;Bruselu, abyste si v\u00fdlet \u0159\u00e1dn\u011b u\u017eili.\" width=\"1000\" height=\"667\" srcset=\"https:\/\/1001voyagesgourmands.com\/wp-content\/uploads\/2018\/08\/Co_videt_podniknout_v_Bruselu-13.jpg 1000w, https:\/\/1001voyagesgourmands.com\/wp-content\/uploads\/2018\/08\/Co_videt_podniknout_v_Bruselu-13-300x200.jpg 300w, https:\/\/1001voyagesgourmands.com\/wp-content\/uploads\/2018\/08\/Co_videt_podniknout_v_Bruselu-13-768x512.jpg 768w, https:\/\/1001voyagesgourmands.com\/wp-content\/uploads\/2018\/08\/Co_videt_podniknout_v_Bruselu-13-585x390.jpg 585w, https:\/\/1001voyagesgourmands.com\/wp-content\/uploads\/2018\/08\/Co_videt_podniknout_v_Bruselu-13-263x175.jpg 263w\" sizes=\"auto, (max-width: 1000px) 100vw, 1000px\" \/><\/p>\n<p>&nbsp;<\/p>\n<h3 style=\"text-align: justify;\">#2 Najd\u011bte nejv\u00fdznamn\u011bj\u0161\u00ed \u010d\u016fraj\u00edc\u00ed so\u0161ky<\/h3>\n<p style=\"text-align: justify;\">Pokud to vezmete od Grand Place uli\u010dkou <em>Rue Charles Buls<\/em> st\u00e1le rovn\u011b, v&nbsp;jist\u00e9m bod\u011b naraz\u00edte na hlou\u010dek turist\u016f s&nbsp;fo\u0165\u00e1ky, jen\u017e tu okukuj\u00ed slavn\u00e9ho <strong>Manneken Pis<\/strong>, aneb so\u0161ku \u010d\u016fraj\u00edc\u00edho chlape\u010dka. Mo\u017en\u00e1 v\u00e1s p\u0159ekvap\u00ed, \u017ee jde o dost mal\u00e9ho prcka \u2013 \u010dlov\u011bk by \u010dekal n\u011bco majest\u00e1tn\u011bj\u0161\u00edho, kdy\u017e u\u017e mluv\u00edme o jednom ze symbol\u016f Bruselu. Neptejte se m\u011b, jak je mo\u017en\u00e9, \u017ee n\u011bco takov\u00e9ho p\u0159itahuje tolik pozornosti, ale n\u011bco tu smrd\u00ed belgickou kulturou&#8230; \ud83d\ude42 Pokud budete m\u00edt \u0161t\u011bst\u00ed, uvid\u00edte ho v&nbsp;n\u011bjak\u00e9m z&nbsp;jeho stovky oble\u010dk\u016f (pr\u00fd jich m\u00e1 na 900, k&nbsp;r\u016fzn\u00fdm p\u0159\u00edle\u017eitostem jako n\u00e1rodn\u00ed sv\u00e1tky a mezin\u00e1rodn\u011b d\u016fle\u017eit\u00e9 dny \u2013 jak jsem ji\u017e zm\u00ednila d\u0159\u00edve, tyto oble\u010dky jsou k&nbsp;vid\u011bn\u00ed v&nbsp;Muzeu Bruselu).&nbsp;<\/p>\n<p>Av\u0161ak v Bruselu n\u00e1m ne\u010d\u016fr\u00e1 pouze chlape\u010dek, ale i hol\u010di\u010dka (<strong>Jeanneke Pis<\/strong>) \u010di pejsek (<strong>Zinneke Pis<\/strong>). Zkuste je naj\u00edt \ud83d\ude42&nbsp;<\/p>\n<blockquote class=\"instagram-media\" data-instgrm-captioned data-instgrm-permalink=\"https:\/\/www.instagram.com\/p\/BUe94EylhYR\/?utm_source=ig_embed&amp;utm_campaign=loading\" data-instgrm-version=\"13\" style=\" background:#FFF; border:0; border-radius:3px; box-shadow:0 0 1px 0 rgba(0,0,0,0.5),0 1px 10px 0 rgba(0,0,0,0.15); margin: 1px; max-width:658px; min-width:326px; padding:0; width:99.375%; width:-webkit-calc(100% - 2px); width:calc(100% - 2px);\">\n<div style=\"padding:16px;\"> <a href=\"https:\/\/www.instagram.com\/p\/BUe94EylhYR\/?utm_source=ig_embed&amp;utm_campaign=loading\" style=\" background:#FFFFFF; line-height:0; padding:0 0; text-align:center; text-decoration:none; width:100%;\" target=\"_blank\"> <\/p>\n<div style=\" display: flex; flex-direction: row; align-items: center;\">\n<div style=\"background-color: #F4F4F4; border-radius: 50%; flex-grow: 0; height: 40px; margin-right: 14px; width: 40px;\"><\/div>\n<div style=\"display: flex; flex-direction: column; flex-grow: 1; justify-content: center;\">\n<div style=\" background-color: #F4F4F4; border-radius: 4px; flex-grow: 0; height: 14px; margin-bottom: 6px; width: 100px;\"><\/div>\n<div style=\" background-color: #F4F4F4; border-radius: 4px; flex-grow: 0; height: 14px; width: 60px;\"><\/div>\n<\/div>\n<\/div>\n<div style=\"padding: 19% 0;\"><\/div>\n<div style=\"display:block; height:50px; margin:0 auto 12px; width:50px;\"><svg width=\"50px\" height=\"50px\" viewBox=\"0 0 60 60\" version=\"1.1\" xmlns=\"https:\/\/www.w3.org\/2000\/svg\" xmlns:xlink=\"https:\/\/www.w3.org\/1999\/xlink\"><g stroke=\"none\" stroke-width=\"1\" fill=\"none\" fill-rule=\"evenodd\"><g transform=\"translate(-511.000000, -20.000000)\" fill=\"#000000\"><g><path d=\"M556.869,30.41 C554.814,30.41 553.148,32.076 553.148,34.131 C553.148,36.186 554.814,37.852 556.869,37.852 C558.924,37.852 560.59,36.186 560.59,34.131 C560.59,32.076 558.924,30.41 556.869,30.41 M541,60.657 C535.114,60.657 530.342,55.887 530.342,50 C530.342,44.114 535.114,39.342 541,39.342 C546.887,39.342 551.658,44.114 551.658,50 C551.658,55.887 546.887,60.657 541,60.657 M541,33.886 C532.1,33.886 524.886,41.1 524.886,50 C524.886,58.899 532.1,66.113 541,66.113 C549.9,66.113 557.115,58.899 557.115,50 C557.115,41.1 549.9,33.886 541,33.886 M565.378,62.101 C565.244,65.022 564.756,66.606 564.346,67.663 C563.803,69.06 563.154,70.057 562.106,71.106 C561.058,72.155 560.06,72.803 558.662,73.347 C557.607,73.757 556.021,74.244 553.102,74.378 C549.944,74.521 548.997,74.552 541,74.552 C533.003,74.552 532.056,74.521 528.898,74.378 C525.979,74.244 524.393,73.757 523.338,73.347 C521.94,72.803 520.942,72.155 519.894,71.106 C518.846,70.057 518.197,69.06 517.654,67.663 C517.244,66.606 516.755,65.022 516.623,62.101 C516.479,58.943 516.448,57.996 516.448,50 C516.448,42.003 516.479,41.056 516.623,37.899 C516.755,34.978 517.244,33.391 517.654,32.338 C518.197,30.938 518.846,29.942 519.894,28.894 C520.942,27.846 521.94,27.196 523.338,26.654 C524.393,26.244 525.979,25.756 528.898,25.623 C532.057,25.479 533.004,25.448 541,25.448 C548.997,25.448 549.943,25.479 553.102,25.623 C556.021,25.756 557.607,26.244 558.662,26.654 C560.06,27.196 561.058,27.846 562.106,28.894 C563.154,29.942 563.803,30.938 564.346,32.338 C564.756,33.391 565.244,34.978 565.378,37.899 C565.522,41.056 565.552,42.003 565.552,50 C565.552,57.996 565.522,58.943 565.378,62.101 M570.82,37.631 C570.674,34.438 570.167,32.258 569.425,30.349 C568.659,28.377 567.633,26.702 565.965,25.035 C564.297,23.368 562.623,22.342 560.652,21.575 C558.743,20.834 556.562,20.326 553.369,20.18 C550.169,20.033 549.148,20 541,20 C532.853,20 531.831,20.033 528.631,20.18 C525.438,20.326 523.257,20.834 521.349,21.575 C519.376,22.342 517.703,23.368 516.035,25.035 C514.368,26.702 513.342,28.377 512.574,30.349 C511.834,32.258 511.326,34.438 511.181,37.631 C511.035,40.831 511,41.851 511,50 C511,58.147 511.035,59.17 511.181,62.369 C511.326,65.562 511.834,67.743 512.574,69.651 C513.342,71.625 514.368,73.296 516.035,74.965 C517.703,76.634 519.376,77.658 521.349,78.425 C523.257,79.167 525.438,79.673 528.631,79.82 C531.831,79.965 532.853,80.001 541,80.001 C549.148,80.001 550.169,79.965 553.369,79.82 C556.562,79.673 558.743,79.167 560.652,78.425 C562.623,77.658 564.297,76.634 565.965,74.965 C567.633,73.296 568.659,71.625 569.425,69.651 C570.167,67.743 570.674,65.562 570.82,62.369 C570.966,59.17 571,58.147 571,50 C571,41.851 570.966,40.831 570.82,37.631\"><\/path><\/g><\/g><\/g><\/svg><\/div>\n<div style=\"padding-top: 8px;\">\n<div style=\" color:#3897f0; font-family:Arial,sans-serif; font-size:14px; font-style:normal; font-weight:550; line-height:18px;\"> View this post on Instagram<\/div>\n<\/div>\n<div style=\"padding: 12.5% 0;\"><\/div>\n<div style=\"display: flex; flex-direction: row; margin-bottom: 14px; align-items: center;\">\n<div>\n<div style=\"background-color: #F4F4F4; border-radius: 50%; height: 12.5px; width: 12.5px; transform: translateX(0px) translateY(7px);\"><\/div>\n<div style=\"background-color: #F4F4F4; height: 12.5px; transform: rotate(-45deg) translateX(3px) translateY(1px); width: 12.5px; flex-grow: 0; margin-right: 14px; margin-left: 2px;\"><\/div>\n<div style=\"background-color: #F4F4F4; border-radius: 50%; height: 12.5px; width: 12.5px; transform: translateX(9px) translateY(-18px);\"><\/div>\n<\/div>\n<div style=\"margin-left: 8px;\">\n<div style=\" background-color: #F4F4F4; border-radius: 50%; flex-grow: 0; height: 20px; width: 20px;\"><\/div>\n<div style=\" width: 0; height: 0; border-top: 2px solid transparent; border-left: 6px solid #f4f4f4; border-bottom: 2px solid transparent; transform: translateX(16px) translateY(-4px) rotate(30deg)\"><\/div>\n<\/div>\n<div style=\"margin-left: auto;\">\n<div style=\" width: 0px; border-top: 8px solid #F4F4F4; border-right: 8px solid transparent; transform: translateY(16px);\"><\/div>\n<div style=\" background-color: #F4F4F4; flex-grow: 0; height: 12px; width: 16px; transform: translateY(-4px);\"><\/div>\n<div style=\" width: 0; height: 0; border-top: 8px solid #F4F4F4; border-left: 8px solid transparent; transform: translateY(-4px) translateX(8px);\"><\/div>\n<\/div>\n<\/div>\n<div style=\"display: flex; flex-direction: column; flex-grow: 1; justify-content: center; margin-bottom: 24px;\">\n<div style=\" background-color: #F4F4F4; border-radius: 4px; flex-grow: 0; height: 14px; margin-bottom: 6px; width: 224px;\"><\/div>\n<div style=\" background-color: #F4F4F4; border-radius: 4px; flex-grow: 0; height: 14px; width: 144px;\"><\/div>\n<\/div>\n<p><\/a><\/p>\n<p style=\" color:#c9c8cd; font-family:Arial,sans-serif; font-size:14px; line-height:17px; margin-bottom:0; margin-top:8px; overflow:hidden; padding:8px 0 7px; text-align:center; text-overflow:ellipsis; white-space:nowrap;\"><a href=\"https:\/\/www.instagram.com\/p\/BUe94EylhYR\/?utm_source=ig_embed&amp;utm_campaign=loading\" style=\" color:#c9c8cd; font-family:Arial,sans-serif; font-size:14px; font-style:normal; font-weight:normal; line-height:17px; text-decoration:none;\" target=\"_blank\">A post shared by Michaela (@1001voyagesgourmands)<\/a><\/p>\n<\/div>\n<\/blockquote>\n<p><script async src=\"\/\/platform.instagram.com\/en_US\/embeds.js\"><\/script><\/p>\n<p>&nbsp;<\/p>\n<h3 style=\"text-align: justify;\">#3 Projd\u011bte se kr\u00e1lovsk\u00fdmi galeriemi St. Hubert<\/h3>\n<p style=\"text-align: justify;\">Pokud se od Grand Place vyd\u00e1te sm\u011brem na <em>March\u00e9 aux herbes<\/em>, jist\u011b si v\u0161imnete <a href=\"http:\/\/www.grsh.be\/en\/\" target=\"_blank\" rel=\"noopener noreferrer\">Galleries Royales St. Hubert<\/a>, <strong>jednoho z&nbsp;nejstar\u0161\u00edch n\u00e1kupn\u00edch center na sv\u011bt\u011b<\/strong>. Po v\u00edce ne\u017e 150 let je p\u0159\u00edst\u0159e\u0161\u00edm pro luxusn\u00ed butiky, hodin\u00e1\u0159e, obch\u016fdky s&nbsp;pralinkama, ale tak\u00e9 restaurace \u010di kulturn\u00ed prostory. Najdete zde i nejstar\u0161\u00ed obchod Neuhaus, kde se v roce 1912 za\u010daly d\u011blat pralinky. I kdy\u017e nepl\u00e1nujete nakupovat, sta\u010d\u00ed si jen galerii proj\u00edt a obdivovat jej\u00ed skvostn\u00fd interi\u00e9r a prosklen\u00fd strop \u2013 je to n\u00e1dhera!&nbsp;<\/p>\n<p><img loading=\"lazy\" decoding=\"async\" class=\"aligncenter size-full wp-image-21426\" src=\"http:\/\/1001voyagesgourmands.com\/wp-content\/uploads\/2018\/08\/Co_videt_podniknout_v_Bruselu-16.jpg\" alt=\"Pokud se vyd\u00e1te do evropsk\u00e9ho hlavn\u00edho m\u011bsta, pak se v\u00e1m jist\u011b bude hodit m\u00fdch 15 tip\u016f, co vid\u011bt a podniknout v&nbsp;Bruselu, abyste si v\u00fdlet \u0159\u00e1dn\u011b u\u017eili.\" width=\"1000\" height=\"667\" srcset=\"https:\/\/1001voyagesgourmands.com\/wp-content\/uploads\/2018\/08\/Co_videt_podniknout_v_Bruselu-16.jpg 1000w, https:\/\/1001voyagesgourmands.com\/wp-content\/uploads\/2018\/08\/Co_videt_podniknout_v_Bruselu-16-300x200.jpg 300w, https:\/\/1001voyagesgourmands.com\/wp-content\/uploads\/2018\/08\/Co_videt_podniknout_v_Bruselu-16-768x512.jpg 768w, https:\/\/1001voyagesgourmands.com\/wp-content\/uploads\/2018\/08\/Co_videt_podniknout_v_Bruselu-16-585x390.jpg 585w, https:\/\/1001voyagesgourmands.com\/wp-content\/uploads\/2018\/08\/Co_videt_podniknout_v_Bruselu-16-263x175.jpg 263w\" sizes=\"auto, (max-width: 1000px) 100vw, 1000px\" \/><\/p>\n<h3>&nbsp;<\/h3>\n<h3 style=\"text-align: justify;\">#4 Vydejte se na komiksovou trasu<\/h3>\n<p style=\"text-align: justify;\">V\u011bd\u011bli jste, \u017ee <strong>Belgie vyprodukovala v\u00edce autor\u016f komiks\u016f na kilometr \u010dtvere\u010dn\u00ed ne\u017e jak\u00e1koliv jin\u00e1 zem\u011b na sv\u011bt\u011b<\/strong>? Nevzhledn\u00e9 fas\u00e1dy v&nbsp;centru Bruselu byly postupn\u011b pokryty n\u00e1st\u011bnn\u00fdmi malbami zobrazuj\u00edc\u00edmi sc\u00e9ny z r\u016fzn\u00fdch komiks\u016f a dnes je bruselsk\u00e1 komiksov\u00e1 trasa snadnou a z\u00e1bavnou cestou, jak se dozv\u011bd\u011bt n\u011bco o belgick\u00fdch komiksech a jejich hrdinech. A nav\u00edc jde tak\u00e9 o neobvyklou, le\u010d velmi zaj\u00edmavou cestu, jak prozkoumat centrum Bruselu. V\u00edce jsem o t\u00e9to origin\u00e1ln\u00ed proch\u00e1zce psala <a href=\"http:\/\/1001voyagesgourmands.com\/bruselska-komiksova-trasa\/\" target=\"_blank\" rel=\"noopener noreferrer\">zde<\/a>.<\/p>\n<p><img loading=\"lazy\" decoding=\"async\" class=\"aligncenter wp-image-21428\" src=\"http:\/\/1001voyagesgourmands.com\/wp-content\/uploads\/2018\/08\/Co_videt_podniknout_v_Bruselu-17-683x1024.jpg\" alt=\"Pokud se vyd\u00e1te do evropsk\u00e9ho hlavn\u00edho m\u011bsta, pak se v\u00e1m jist\u011b bude hodit m\u00fdch 15 tip\u016f, co vid\u011bt a podniknout v&nbsp;Bruselu, abyste si v\u00fdlet \u0159\u00e1dn\u011b u\u017eili.\" width=\"800\" height=\"1199\" srcset=\"https:\/\/1001voyagesgourmands.com\/wp-content\/uploads\/2018\/08\/Co_videt_podniknout_v_Bruselu-17-683x1024.jpg 683w, https:\/\/1001voyagesgourmands.com\/wp-content\/uploads\/2018\/08\/Co_videt_podniknout_v_Bruselu-17-200x300.jpg 200w, https:\/\/1001voyagesgourmands.com\/wp-content\/uploads\/2018\/08\/Co_videt_podniknout_v_Bruselu-17-768x1152.jpg 768w, https:\/\/1001voyagesgourmands.com\/wp-content\/uploads\/2018\/08\/Co_videt_podniknout_v_Bruselu-17-585x878.jpg 585w, https:\/\/1001voyagesgourmands.com\/wp-content\/uploads\/2018\/08\/Co_videt_podniknout_v_Bruselu-17.jpg 1000w\" sizes=\"auto, (max-width: 800px) 100vw, 800px\" \/><\/p>\n<p>&nbsp;<\/p>\n<h3 style=\"text-align: justify;\">#5 Nav\u0161tivte n\u011bjak\u00e9 z&nbsp;mnoha muze\u00ed<\/h3>\n<p style=\"text-align: justify;\">V&nbsp;Bruselu je v\u00fdb\u011br muze\u00ed dost rozmanit\u00fd a ka\u017ed\u00fd si jist\u011b najde to sv\u00e9. Milovn\u00edci kr\u00e1sn\u00e9ho um\u011bn\u00ed si nesm\u011bj\u00ed nechat uj\u00edt <strong><a href=\"https:\/\/www.fine-arts-museum.be\" target=\"_blank\" rel=\"noopener noreferrer\">Mus\u00e9es royaux de Beaux-Arts<\/a><\/strong>, milovn\u00edci aut zam\u00ed\u0159\u00ed do <strong><a href=\"http:\/\/www.autoworld.be\/home\" target=\"_blank\" rel=\"noopener noreferrer\">Autoworldu<\/a><\/strong> v parku Cinquentennaire, kde se nach\u00e1z\u00ed i <a href=\"http:\/\/www.kmkg-mrah.be\/cinquantenaire-museum\" target=\"_blank\" rel=\"noopener noreferrer\"><strong>Muzeum um\u011bn\u00ed a historie<\/strong><\/a>. Za m\u00f3dou a krajkou se vydejte do <strong><a href=\"http:\/\/www.costumeandlacemuseum.brussels\/en\" target=\"_blank\" rel=\"noopener noreferrer\">Muzea kost\u00fdmu a krajky<\/a><\/strong>, za hudbou pak do <strong><a href=\"http:\/\/www.mim.be\/\" target=\"_blank\" rel=\"noopener noreferrer\">Muzea hudebn\u00edch n\u00e1stroj\u016f<\/a><\/strong> a i pro milovn\u00edky \u010dokol\u00e1dy se tu tak\u00e9 najde jedno <strong><a href=\"http:\/\/choco-story-brussels.be\/en\/Homepage-en\" target=\"_blank\" rel=\"noopener noreferrer\">muzeum<\/a><\/strong>. A kdo m\u00e1te r\u00e1di komiks, pak se pod\u00edvejte do <strong><a href=\"https:\/\/www.comicscenter.net\/en\/home\" target=\"_blank\" rel=\"noopener noreferrer\">Centra Belgick\u00e9ho komiksu<\/a><\/strong>. Japonsk\u00e9 um\u011bn\u00ed \u010di sb\u00edrku \u010d\u00ednsk\u00e9ho porcel\u00e1nu uvid\u00edte v&nbsp;Laekenu v&nbsp;<strong><a href=\"http:\/\/www.kmkg-mrah.be\/museums-far-east\" target=\"_blank\" rel=\"noopener noreferrer\">Muzeu D\u00e1ln\u00e9ho v\u00fdchodu<\/a><\/strong>. A za zm\u00ednku stoj\u00ed i m\u00e9 obl\u00edben\u00e9 muzeum \u2013 <strong><a href=\"http:\/\/www.magrittemuseum.be\/\" target=\"_blank\" rel=\"noopener noreferrer\">Muzeum Ren\u00e9ho Magritta<\/a><\/strong> v\u011bnovan\u00e9 d\u00edlu slavn\u00e9ho belgick\u00e9ho surrealictick\u00e9ho mal\u00ed\u0159e, je\u017e je sou\u010d\u00e1st\u00ed Mus\u00e9es royaux des Beaux-Arts. Tak\u017ee pokud v\u00e1m tu bude zrovna pr\u0161et, v\u00edte kam zam\u00ed\u0159it!&nbsp;<\/p>\n<p><img loading=\"lazy\" decoding=\"async\" class=\"aligncenter size-full wp-image-21408\" src=\"http:\/\/1001voyagesgourmands.com\/wp-content\/uploads\/2018\/08\/Co_videt_podniknout_v_Bruselu-7.jpg\" alt=\"Pokud se vyd\u00e1te do evropsk\u00e9ho hlavn\u00edho m\u011bsta, pak se v\u00e1m jist\u011b bude hodit m\u00fdch 15 tip\u016f, co vid\u011bt a podniknout v&nbsp;Bruselu, abyste si v\u00fdlet \u0159\u00e1dn\u011b u\u017eili.\" width=\"1000\" height=\"667\" srcset=\"https:\/\/1001voyagesgourmands.com\/wp-content\/uploads\/2018\/08\/Co_videt_podniknout_v_Bruselu-7.jpg 1000w, https:\/\/1001voyagesgourmands.com\/wp-content\/uploads\/2018\/08\/Co_videt_podniknout_v_Bruselu-7-300x200.jpg 300w, https:\/\/1001voyagesgourmands.com\/wp-content\/uploads\/2018\/08\/Co_videt_podniknout_v_Bruselu-7-768x512.jpg 768w, https:\/\/1001voyagesgourmands.com\/wp-content\/uploads\/2018\/08\/Co_videt_podniknout_v_Bruselu-7-585x390.jpg 585w, https:\/\/1001voyagesgourmands.com\/wp-content\/uploads\/2018\/08\/Co_videt_podniknout_v_Bruselu-7-263x175.jpg 263w\" sizes=\"auto, (max-width: 1000px) 100vw, 1000px\" \/><\/p>\n<p>&nbsp;<\/p>\n<h3 style=\"text-align: justify;\">#6 Ochutnejte r\u016fzn\u00e1 piva<\/h3>\n<p style=\"text-align: justify;\">V&nbsp;Belgii najdete n\u011bco kolem 261 pivovar\u016f, kter\u00e9 produkuj\u00ed zhruba&nbsp;<strong>1,500 druh\u016f r\u016fzn\u00fdch piv<\/strong>. A je to pr\u00e1v\u011b diverzita, kterou jsou belgick\u00e1 piva vyhl\u00e1\u0161en\u00e1. Popravd\u011b m\u011b pivo za\u010dalo chutnat pr\u00e1v\u011b v&nbsp;Belgii. K&nbsp;m\u00fdm obl\u00edben\u00fdm pat\u0159\u00ed jednak \u201ehol\u010di\u010d\u00ed\u201c t\u0159e\u0161\u0148ov\u00e9 pivo Kriek, ale i siln\u011bj\u0161\u00ed Grimbergen, Trippel Karmeliet nebo Westmalle. Jen si dejte pozor na obsah alkoholu, u n\u011bkter\u00fdch (zvl\u00e1\u0161\u0165 u t\u011bch posledn\u011b jmenovan\u00fdch) je o dost vy\u0161\u0161\u00ed ne\u017eli v&nbsp;\u010desk\u00fdch pivech.<\/p>\n<p style=\"text-align: justify;\">A pokud jde o to, kam na pivo, pak doporu\u010duji m\u00e1 obl\u00edben\u00e1 m\u00edsta jako <a href=\"http:\/\/www.poechenellekelder.be\/\" target=\"_blank\" rel=\"noopener noreferrer\">Poechenellekelder<\/a>, <a href=\"https:\/\/www.alabecasse.com\/en\/\" target=\"_blank\" rel=\"noopener noreferrer\">A la B\u00e9casse<\/a>, <a href=\"http:\/\/www.moederlambic.com\/\" target=\"_blank\" rel=\"noopener noreferrer\">Moeder Lambic<\/a>, <a href=\"https:\/\/brewdog.be\/\" target=\"_blank\" rel=\"noopener noreferrer\">Brewdog<\/a>, <a href=\"http:\/\/www.bardesamis.be\/\" target=\"_blank\" rel=\"noopener noreferrer\">Bar des Amis<\/a>, <a href=\"http:\/\/www.monk.be\/\" target=\"_blank\" rel=\"noopener noreferrer\">Monk<\/a> a samoz\u0159ejm\u011b profl\u00e1kl\u00e9 <a href=\"http:\/\/www.deliriumcafe.be\/?___store=deliriumcafe_en&amp;___from_store=deliriumcafe_en\" target=\"_blank\" rel=\"noopener noreferrer\">Delirium Caf\u00e9<\/a>. A pokud tu budete za\u010d\u00e1tkem z\u00e1\u0159\u00ed, pak m\u016f\u017eete stihnout <a href=\"http:\/\/1001voyagesgourmands.com\/vikend-belgickeho-piva-v-bruselu\/\" target=\"_blank\" rel=\"noopener noreferrer\">V\u00edkend belgick\u00e9ho piva<\/a>. Miovn\u00edk\u016fm piva by se takt\u00e9\u017e mohl hodit <a href=\"https:\/\/belgium.beertourism.com\/\" target=\"_blank\" rel=\"noopener noreferrer\">pivn\u00ed pr\u016fvodce Bruselem<\/a>.<\/p>\n<p><img loading=\"lazy\" decoding=\"async\" class=\"aligncenter size-full wp-image-21402\" src=\"http:\/\/1001voyagesgourmands.com\/wp-content\/uploads\/2018\/08\/Co_videt_podniknout_v_Bruselu-4.jpg\" alt=\"Pokud se vyd\u00e1te do evropsk\u00e9ho hlavn\u00edho m\u011bsta, pak se v\u00e1m jist\u011b bude hodit m\u00fdch 15 tip\u016f, co vid\u011bt a podniknout v&nbsp;Bruselu, abyste si v\u00fdlet \u0159\u00e1dn\u011b u\u017eili.\" width=\"1000\" height=\"667\" srcset=\"https:\/\/1001voyagesgourmands.com\/wp-content\/uploads\/2018\/08\/Co_videt_podniknout_v_Bruselu-4.jpg 1000w, https:\/\/1001voyagesgourmands.com\/wp-content\/uploads\/2018\/08\/Co_videt_podniknout_v_Bruselu-4-300x200.jpg 300w, https:\/\/1001voyagesgourmands.com\/wp-content\/uploads\/2018\/08\/Co_videt_podniknout_v_Bruselu-4-768x512.jpg 768w, https:\/\/1001voyagesgourmands.com\/wp-content\/uploads\/2018\/08\/Co_videt_podniknout_v_Bruselu-4-585x390.jpg 585w, https:\/\/1001voyagesgourmands.com\/wp-content\/uploads\/2018\/08\/Co_videt_podniknout_v_Bruselu-4-263x175.jpg 263w\" sizes=\"auto, (max-width: 1000px) 100vw, 1000px\" \/><\/p>\n<h3>&nbsp;<\/h3>\n<h3 style=\"text-align: justify;\">#7 Zaje\u010fte si prohl\u00e9dnout Atomium<\/h3>\n<p style=\"text-align: justify;\">Dal\u0161\u00ed ze symbolu Bruselu je vlastn\u011b <strong>poz\u016fstatek Expo\u201958<\/strong> a rozhodn\u011b jedna z&nbsp;v\u011bc\u00ed, co pat\u0159\u00ed na m\u016fj seznam toho, co vid\u011bt a podniknout v Bruselu. P\u0159esto\u017ee se nach\u00e1z\u00ed mimo centrum ve \u010dtvrti <em>Laeken<\/em>, dostanete se sem m\u011bstskou hromadnou dopravou (metrem nebo tramaj\u00ed na zast\u00e1vku <em>Heysel<\/em>). Atomium je otev\u0159en\u00e9 365 dn\u00ed v&nbsp;roce a uvnit\u0159 m\u016f\u017eete nav\u0161t\u00edvit <strong>v\u00fdstavy<\/strong> a proj\u00ed\u017ed\u011bt se po eskal\u00e1torech v&nbsp;tub\u00e1ch spojuj\u00edc\u00edch jednotliv\u00e9 atomy, pokochat se <strong>v\u00fdhledem na m\u011bsto<\/strong> anebo si zajd\u011bte na romantickou ve\u010de\u0159i v<strong>&nbsp;<a href=\"http:\/\/www.atomiumrestaurant.be\/en\/the-restaurant\/\" target=\"_blank\" rel=\"noopener noreferrer\">panoramick\u00e9 restauraci<\/a><\/strong>&nbsp;(kde jsem v\u0161ak nebyla, tak\u017ee v\u00e1m nepov\u00edm, zda tam dob\u0159e va\u0159\u00ed). Pokud se sem chyst\u00e1te s&nbsp;d\u011btmi, bylo by fajn to spojit s&nbsp;n\u00e1vst\u011bvou parku <strong><a href=\"http:\/\/www.minieurope.com\/\" target=\"_blank\" rel=\"noopener noreferrer\">Mini-Evropy<\/a><\/strong>, kter\u00fd najdete jen p\u00e1r krok\u016f od Atomia.<\/p>\n<p><img loading=\"lazy\" decoding=\"async\" class=\"aligncenter wp-image-21400\" src=\"http:\/\/1001voyagesgourmands.com\/wp-content\/uploads\/2018\/08\/Co_videt_podniknout_v_Bruselu-3-683x1024.jpg\" alt=\"Pokud se vyd\u00e1te do evropsk\u00e9ho hlavn\u00edho m\u011bsta, pak se v\u00e1m jist\u011b bude hodit m\u00fdch 15 tip\u016f, co vid\u011bt a podniknout v&nbsp;Bruselu, abyste si v\u00fdlet \u0159\u00e1dn\u011b u\u017eili.\" width=\"825\" height=\"1237\" srcset=\"https:\/\/1001voyagesgourmands.com\/wp-content\/uploads\/2018\/08\/Co_videt_podniknout_v_Bruselu-3-683x1024.jpg 683w, https:\/\/1001voyagesgourmands.com\/wp-content\/uploads\/2018\/08\/Co_videt_podniknout_v_Bruselu-3-200x300.jpg 200w, https:\/\/1001voyagesgourmands.com\/wp-content\/uploads\/2018\/08\/Co_videt_podniknout_v_Bruselu-3-768x1152.jpg 768w, https:\/\/1001voyagesgourmands.com\/wp-content\/uploads\/2018\/08\/Co_videt_podniknout_v_Bruselu-3-585x878.jpg 585w, https:\/\/1001voyagesgourmands.com\/wp-content\/uploads\/2018\/08\/Co_videt_podniknout_v_Bruselu-3.jpg 1000w\" sizes=\"auto, (max-width: 825px) 100vw, 825px\" \/><\/p>\n<h3>&nbsp;<\/h3>\n<h3 style=\"text-align: justify;\">#8 Objevte kus Asie v Bruselu<\/h3>\n<p style=\"text-align: justify;\">A kdy\u017e u\u017e budete v&nbsp;Laekenu, zkuste naj\u00edt <strong>Japonskou ve\u017e<\/strong> <strong>a \u010c\u00ednsk\u00fd pavilon<\/strong>, kter\u00e9 zde byly postaveny na za\u010d\u00e1tku 20. stolet\u00ed na p\u0159\u00edkaz kr\u00e1le Leopolda II. Dnes slou\u017e\u00ed jako <strong><a href=\"http:\/\/www.kmkg-mrah.be\/museums-far-east\" target=\"_blank\" rel=\"noopener noreferrer\">Muzeum D\u00e1ln\u00e9ho v\u00fdchodu<\/a><\/strong>, kde m\u016f\u017eete vid\u011bt expozici \u010d\u00ednsk\u00e9ho exportn\u00edho porcel\u00e1nu a japonsk\u00e9ho exportn\u00edho um\u011bn\u00ed. P\u0159edt\u00edm, ne\u017e se tam vyd\u00e1te, si jen zkontrolujte, zda je ji\u017e muzeum otev\u0159en\u00e9, proto\u017ee te\u010f, kdy\u017e p\u00ed\u0161u \u010dl\u00e1nek, je zav\u0159en\u00e9 z&nbsp;d\u016fvodu rekontrukce.<\/p>\n<p><img loading=\"lazy\" decoding=\"async\" class=\"aligncenter size-full wp-image-21396\" src=\"http:\/\/1001voyagesgourmands.com\/wp-content\/uploads\/2018\/08\/Co_videt_podniknout_v_Bruselu-1-1.jpg\" alt=\"Pokud se vyd\u00e1te do evropsk\u00e9ho hlavn\u00edho m\u011bsta, pak se v\u00e1m jist\u011b bude hodit m\u00fdch 15 tip\u016f, co vid\u011bt a podniknout v&nbsp;Bruselu, abyste si v\u00fdlet \u0159\u00e1dn\u011b u\u017eili.\" width=\"1000\" height=\"714\" srcset=\"https:\/\/1001voyagesgourmands.com\/wp-content\/uploads\/2018\/08\/Co_videt_podniknout_v_Bruselu-1-1.jpg 1000w, https:\/\/1001voyagesgourmands.com\/wp-content\/uploads\/2018\/08\/Co_videt_podniknout_v_Bruselu-1-1-300x214.jpg 300w, https:\/\/1001voyagesgourmands.com\/wp-content\/uploads\/2018\/08\/Co_videt_podniknout_v_Bruselu-1-1-768x548.jpg 768w, https:\/\/1001voyagesgourmands.com\/wp-content\/uploads\/2018\/08\/Co_videt_podniknout_v_Bruselu-1-1-585x418.jpg 585w\" sizes=\"auto, (max-width: 1000px) 100vw, 1000px\" \/><\/p>\n<p>&nbsp;<\/p>\n<h3 style=\"text-align: justify;\">#9 Kochejte se kr\u00e1sou Art Nouveau<\/h3>\n<p style=\"text-align: justify;\">Brusel je <strong>hlavn\u00ed m\u011bsto Art Nouveau architektury<\/strong> a na skvostn\u00e9 vily \u010di domy v&nbsp;secesn\u00edm stylu p\u0159i proch\u00e1zce m\u011bstem naraz\u00edte zejm\u00e9na ve \u010dtvrt\u00edch <em>Saint-Gilles, Forest, Ixelles<\/em> a kolem <em>Avenue Louise<\/em>, d\u00e1le pak kolem parku <em>Cinquentennaire<\/em> a v&nbsp;n\u011bjak\u00fdch \u010d\u00e1stech \u010dtvrti <em>Scharbeek<\/em>. Nejzn\u00e1m\u011bj\u0161\u00ed z&nbsp;t\u011bchto budov, kter\u00e9 stoj\u00ed za n\u00e1v\u0161t\u011bvu, jsou nap\u0159\u00edklad <strong><a href=\"http:\/\/www.hortamuseum.be\/\" target=\"_blank\" rel=\"noopener noreferrer\">Hortovo muzeum<\/a><\/strong>,&nbsp;<strong><a href=\"http:\/\/www.mim.be\/\" target=\"_blank\" rel=\"noopener noreferrer\">Muzeum hudebn\u00edch n\u00e1stroj\u016f<\/a><\/strong>,&nbsp;<strong><a href=\"http:\/\/www.hotelsolvay.be\/\" target=\"_blank\" rel=\"noopener noreferrer\">Hotel Solvay<\/a><\/strong>,&nbsp;<strong><a href=\"http:\/\/www.cauchie.be\/\" target=\"_blank\" rel=\"noopener noreferrer\">D\u016fm Cauchie<\/a>&nbsp;<\/strong>nebo&nbsp;<strong><a href=\"https:\/\/www.comicscenter.net\/en\/\" target=\"_blank\" rel=\"noopener noreferrer\">Centrum belgick\u00e9ho komiksu<\/a><\/strong>.<\/p>\n<p><img loading=\"lazy\" decoding=\"async\" class=\"aligncenter wp-image-21406\" src=\"http:\/\/1001voyagesgourmands.com\/wp-content\/uploads\/2018\/08\/Co_videt_podniknout_v_Bruselu-6-683x1024.jpg\" alt=\"Pokud se vyd\u00e1te do evropsk\u00e9ho hlavn\u00edho m\u011bsta, pak se v\u00e1m jist\u011b bude hodit m\u00fdch 15 tip\u016f, co vid\u011bt a podniknout v&nbsp;Bruselu, abyste si v\u00fdlet \u0159\u00e1dn\u011b u\u017eili.\" width=\"913\" height=\"1369\" srcset=\"https:\/\/1001voyagesgourmands.com\/wp-content\/uploads\/2018\/08\/Co_videt_podniknout_v_Bruselu-6-683x1024.jpg 683w, https:\/\/1001voyagesgourmands.com\/wp-content\/uploads\/2018\/08\/Co_videt_podniknout_v_Bruselu-6-200x300.jpg 200w, https:\/\/1001voyagesgourmands.com\/wp-content\/uploads\/2018\/08\/Co_videt_podniknout_v_Bruselu-6-768x1152.jpg 768w, https:\/\/1001voyagesgourmands.com\/wp-content\/uploads\/2018\/08\/Co_videt_podniknout_v_Bruselu-6-585x878.jpg 585w, https:\/\/1001voyagesgourmands.com\/wp-content\/uploads\/2018\/08\/Co_videt_podniknout_v_Bruselu-6.jpg 1000w\" sizes=\"auto, (max-width: 913px) 100vw, 913px\" \/><\/p>\n<p>&nbsp;<\/p>\n<h3 style=\"text-align: justify;\">#10 Pokud jste zrovna na diet\u011b, pak se na ni v Bruselu vyka\u0161lete!<\/h3>\n<p style=\"text-align: justify;\">V Bruselu se koncentruje <strong>plno dobr\u00fdch restaurac\u00ed<\/strong> v\u0161emo\u017en\u00fdch sv\u011btov\u00fdch kuchyn\u00ed od \u0161pan\u011blsk\u00e9, libanonsk\u00e9, marock\u00e9, \u0159eck\u00e9 az po etiopskou \u010di peru\u00e1nskou, ale i tzv. <strong>Brasseries<\/strong>, n\u011bco jako na\u0161e hospody (v\u00fdb\u011br z m\u00fdch obl\u00edben\u00fdch najdete <a href=\"http:\/\/1001voyagesgourmands.com\/belgicke-restaurace-v-centru-bruselu\/\" target=\"_blank\" rel=\"noopener noreferrer\">zde<\/a>). <strong>Brunch<\/strong> s&nbsp;p\u0159\u00e1teli pat\u0159\u00ed k&nbsp;m\u00fdm nejmilovan\u011bj\u0161\u00edm aktivit\u00e1m a Brusel k&nbsp;takov\u00fdm jen vyz\u00fdv\u00e1! Jde o velice popul\u00e1rn\u00ed aktivitu na v\u00edkendov\u00e1 r\u00e1na velk\u00e9 \u010d\u00e1sti bruselsk\u00fdch ob\u010dan\u016f. A tak v\u011bzte, \u017ee n\u011bkde si mus\u00edte ud\u011blat rezervaci n\u011bkolik dn\u00ed dop\u0159edu, n\u011bkde mus\u00edte b\u00fdt je\u0161t\u011b p\u0159ed otev\u00edra\u010dkou na m\u00edst\u011b, abyste chytli st\u016fl. Mezi m\u00e1 nejobl\u00edben\u011bj\u0161\u00ed m\u00edsta pat\u0159\u00ed <a href=\"https:\/\/www.facebook.com\/peckbxl\/\" target=\"_blank\" rel=\"noopener noreferrer\">Peck47<\/a>, <a href=\"https:\/\/www.latelierenville.com\/\" target=\"_blank\" rel=\"noopener noreferrer\">L\u2019Atelier en Ville<\/a>, <a href=\"http:\/\/www.jat.cool\/\" target=\"_blank\" rel=\"noopener noreferrer\">JAT\u2018 Caf\u00e9<\/a>, <a href=\"http:\/\/www.lulu-store.eu\/cafe\" target=\"_blank\" rel=\"noopener noreferrer\">Caf\u00e9 Lulu<\/a>, <a href=\"http:\/\/www.lafabriqueresto.be\/\" target=\"_blank\" rel=\"noopener noreferrer\">La Fabrique<\/a> \u010di <a href=\"http:\/\/www.lepainquotidien.be\/en\/\" target=\"_blank\" rel=\"noopener noreferrer\">Le Pain Quotidien.<\/a><\/p>\n<p style=\"text-align: justify;\">O typick\u00fdch pokrmech belgick\u00e9 kuchyn\u011b jsem psala <a href=\"http:\/\/1001voyagesgourmands.com\/jidlo-v-belgii-15-tipu-co-tu-musite-ochutnat\/\" target=\"_blank\" rel=\"noopener noreferrer\">zde<\/a>. Co se t\u00fdk\u00e1 street food, takov\u00e9 <strong>hranolky<\/strong> \u010di <strong>vafle <\/strong>v\u00e1m tu neuniknou. Na ka\u017ed\u00e9m kroku v&nbsp;centru v\u00e1s bude prov\u00e1zet jejich v\u016fn\u011b a nakonec neodol\u00e1te! Vafle m\u016f\u017eete m\u00edt se \u0161leha\u010dkou, ovocem, \u010dokol\u00e1dou, karamelem \u010di zmrzlinou, ale j\u00e1 m\u00e1m nejrad\u011bji tepl\u00e9 luty\u0161sk\u00e9 vafle s&nbsp;vyt\u00e9kaj\u00edc\u00edm karamelizovan\u00fdm cukrem samotn\u00e9. Co se t\u00fdk\u00e1 hranolek, tak nejlep\u0161\u00ed maj\u00ed asi v <a href=\"http:\/\/www.maisonantoine.be\/\" target=\"_blank\" rel=\"noopener noreferrer\">Maison Antoine<\/a> na place Jourdan, kde m\u016f\u017eete potkat i takovou Angelu Merkelovou. \ud83d\ude42 Jen vegetari\u00e1ni pozor \u2013 klasick\u00e9 belgick\u00e9 hranolky jsou sma\u017een\u00e9 v&nbsp;hov\u011bz\u00edm a vep\u0159ov\u00e9m s\u00e1dle a to asi nechcete&#8230;<\/p>\n<p style=\"text-align: justify;\">No a pak je tu ta zatracen\u011b dobr\u00e1 <strong>\u010dokol\u00e1da<\/strong>, zejm\u00e9na pak <strong>pralinky<\/strong>, kter\u00e9 byly v&nbsp;Bruselu vynalezen\u00e9 panem Neuhausem v&nbsp;roce 1912. Kolem Grand Place najdete plno obch\u016fdk\u016f a o tom snad brzy nap\u00ed\u0161u samostatn\u00fd \u010dl\u00e1nek. \ud83d\ude42 Tady jen za zm\u00ednku p\u00e1r m\u00fdch obl\u00edben\u00fdch: Galler, Chocopolis, Bruy\u00e8re, Elisabeth, Laurent Gerbaud,&nbsp;Darcis \u010di Rendez-vous chocolat. A pochopiteln\u011b klasika Neuhaus&#8230;<\/p>\n<p style=\"text-align: justify;\"><img loading=\"lazy\" decoding=\"async\" class=\"aligncenter size-full wp-image-21418\" src=\"http:\/\/1001voyagesgourmands.com\/wp-content\/uploads\/2018\/08\/Co_videt_podniknout_v_Bruselu-12.jpg\" alt=\"Pokud se vyd\u00e1te do evropsk\u00e9ho hlavn\u00edho m\u011bsta, pak se v\u00e1m jist\u011b bude hodit m\u00fdch 15 tip\u016f, co vid\u011bt a podniknout v&nbsp;Bruselu, abyste si v\u00fdlet \u0159\u00e1dn\u011b u\u017eili.\" width=\"1000\" height=\"667\" srcset=\"https:\/\/1001voyagesgourmands.com\/wp-content\/uploads\/2018\/08\/Co_videt_podniknout_v_Bruselu-12.jpg 1000w, https:\/\/1001voyagesgourmands.com\/wp-content\/uploads\/2018\/08\/Co_videt_podniknout_v_Bruselu-12-300x200.jpg 300w, https:\/\/1001voyagesgourmands.com\/wp-content\/uploads\/2018\/08\/Co_videt_podniknout_v_Bruselu-12-768x512.jpg 768w, https:\/\/1001voyagesgourmands.com\/wp-content\/uploads\/2018\/08\/Co_videt_podniknout_v_Bruselu-12-585x390.jpg 585w, https:\/\/1001voyagesgourmands.com\/wp-content\/uploads\/2018\/08\/Co_videt_podniknout_v_Bruselu-12-263x175.jpg 263w\" sizes=\"auto, (max-width: 1000px) 100vw, 1000px\" \/><\/p>\n<p>&nbsp;<\/p>\n<h3 style=\"text-align: justify;\">#11 Prohl\u00e9dn\u011bte si Kr\u00e1lovsk\u00fd pal\u00e1c<\/h3>\n<p style=\"text-align: justify;\">Pokud chcete vid\u011bt, kde se konaj\u00ed kr\u00e1lovsk\u00e9 akce, pak se vydejte k <em>Palais royal<\/em>, kter\u00fd najdete hned vedle parku (zast\u00e1vka metro <em>Parc<\/em>) nebo p\u011b\u0161ky kousek od <em>Mont des Arts<\/em>. Asi pozn\u00e1te, \u017ee byl postaven\u00fd ve stejn\u00e9m stylu jako Buckinghamsk\u00fd pal\u00e1c, jen je o n\u011bco del\u0161\u00ed. B\u011bhem letn\u00edch m\u011bs\u00edc\u016f je kr\u00e1lovsk\u00fd pal\u00e1c otev\u0159en\u00fd ve\u0159ejnosti a vy se tak m\u016f\u017eete kochat jeho skvostn\u00fdm interi\u00e9rem. T\u0159e\u0161ni\u010dkou na dortu n\u00e1v\u0161t\u011bvy interi\u00e9ru je <strong>s\u00e1l se zelen\u00fdm stropem z&nbsp;thajsk\u00fdch scarabe\u016f<\/strong>. O Kr\u00e1lovsk\u00e9m pal\u00e1ci jsem psala <a href=\"http:\/\/1001voyagesgourmands.com\/kralovsky-palac-palais-royal\/\" target=\"_blank\" rel=\"noopener noreferrer\">zde<\/a>.<\/p>\n<p><img loading=\"lazy\" decoding=\"async\" class=\"aligncenter size-full wp-image-21404\" src=\"http:\/\/1001voyagesgourmands.com\/wp-content\/uploads\/2018\/08\/Co_videt_podniknout_v_Bruselu-5.jpg\" alt=\"Pokud se vyd\u00e1te do evropsk\u00e9ho hlavn\u00edho m\u011bsta, pak se v\u00e1m jist\u011b bude hodit m\u00fdch 15 tip\u016f, co vid\u011bt a podniknout v&nbsp;Bruselu, abyste si v\u00fdlet \u0159\u00e1dn\u011b u\u017eili.\" width=\"999\" height=\"662\" srcset=\"https:\/\/1001voyagesgourmands.com\/wp-content\/uploads\/2018\/08\/Co_videt_podniknout_v_Bruselu-5.jpg 999w, https:\/\/1001voyagesgourmands.com\/wp-content\/uploads\/2018\/08\/Co_videt_podniknout_v_Bruselu-5-800x530.jpg 800w, https:\/\/1001voyagesgourmands.com\/wp-content\/uploads\/2018\/08\/Co_videt_podniknout_v_Bruselu-5-300x199.jpg 300w, https:\/\/1001voyagesgourmands.com\/wp-content\/uploads\/2018\/08\/Co_videt_podniknout_v_Bruselu-5-768x509.jpg 768w, https:\/\/1001voyagesgourmands.com\/wp-content\/uploads\/2018\/08\/Co_videt_podniknout_v_Bruselu-5-780x516.jpg 780w, https:\/\/1001voyagesgourmands.com\/wp-content\/uploads\/2018\/08\/Co_videt_podniknout_v_Bruselu-5-585x388.jpg 585w, https:\/\/1001voyagesgourmands.com\/wp-content\/uploads\/2018\/08\/Co_videt_podniknout_v_Bruselu-5-263x175.jpg 263w\" sizes=\"auto, (max-width: 999px) 100vw, 999px\" \/><\/p>\n<p>&nbsp;<\/p>\n<h3 style=\"text-align: justify;\">#12 Objevte \u010dtv\u0159\u0165 Marolles a zaj\u00edmav\u00e9 staro\u017eitnosti<\/h3>\n<p style=\"text-align: justify;\">Projd\u011bte si mal\u00e9 uli\u010dky ve \u010dtvrti Marolles, kam se dostanete t\u0159eba v\u00fdtahem od Justi\u010dn\u00edho pal\u00e1ce. Najdete tu <strong>plno obch\u016fdk\u016f se zachoval\u00fdmi staro\u017eitnostmi<\/strong> nebo tak\u00e9 d\u016fm, kde bydlel mal\u00ed\u0159 Pieter Bruegel. Ka\u017ed\u00e9 r\u00e1no se na <em>Place du Jeux du Jeux de Balle<\/em> kon\u00e1 <strong><a href=\"https:\/\/theculturetrip.com\/europe\/belgium\/articles\/the-complete-guide-to-the-jeu-de-balle-flea-market-in-brussels\/\" target=\"_blank\" rel=\"noopener noreferrer\">velk\u00fd ble\u0161\u00ed trh<\/a><\/strong>, kde najdete poklady jako vintage n\u00e1dob\u00ed, africk\u00e9 d\u0159ev\u011bn\u00e9 so\u0161ky a talismany, kr\u00e1sn\u00fd star\u00fd n\u00e1bytek, knihy. Pokud se chcete vyhnout dav\u016fm, m\u011bjte na pam\u011bti, \u017ee ned\u011ble tu jsou nejhor\u0161\u00ed co se t\u00fdk\u00e1 n\u00e1v\u0161t\u011bvnosti.<\/p>\n<p><img loading=\"lazy\" decoding=\"async\" class=\"aligncenter wp-image-21414\" src=\"http:\/\/1001voyagesgourmands.com\/wp-content\/uploads\/2018\/08\/Co_videt_podniknout_v_Bruselu-10-683x1024.jpg\" alt=\"Pokud se vyd\u00e1te do evropsk\u00e9ho hlavn\u00edho m\u011bsta, pak se v\u00e1m jist\u011b bude hodit m\u00fdch 15 tip\u016f, co vid\u011bt a podniknout v&nbsp;Bruselu, abyste si v\u00fdlet \u0159\u00e1dn\u011b u\u017eili.\" width=\"836\" height=\"1253\" srcset=\"https:\/\/1001voyagesgourmands.com\/wp-content\/uploads\/2018\/08\/Co_videt_podniknout_v_Bruselu-10-683x1024.jpg 683w, https:\/\/1001voyagesgourmands.com\/wp-content\/uploads\/2018\/08\/Co_videt_podniknout_v_Bruselu-10-200x300.jpg 200w, https:\/\/1001voyagesgourmands.com\/wp-content\/uploads\/2018\/08\/Co_videt_podniknout_v_Bruselu-10-768x1152.jpg 768w, https:\/\/1001voyagesgourmands.com\/wp-content\/uploads\/2018\/08\/Co_videt_podniknout_v_Bruselu-10-585x878.jpg 585w, https:\/\/1001voyagesgourmands.com\/wp-content\/uploads\/2018\/08\/Co_videt_podniknout_v_Bruselu-10.jpg 1000w\" sizes=\"auto, (max-width: 836px) 100vw, 836px\" \/><\/p>\n<p>&nbsp;<\/p>\n<h3 style=\"text-align: justify;\">#13 Dejte si pauzu v&nbsp;jednom z&nbsp;kr\u00e1sn\u00fdch (leso)park\u016f<\/h3>\n<p style=\"text-align: justify;\">Po v\u0161em tom shonu s b\u011bh\u00e1n\u00edm po m\u011bst\u011b, n\u00e1v\u0161t\u011bv\u011b muze\u00ed, j\u00eddle, n\u00e1kupech a proch\u00e1zk\u00e1ch si zaslou\u017e\u00edte n\u011bjak\u00fd ten odpo\u010dinek v&nbsp;m\u011bstsk\u00e9 zeleni, zejm\u00e9na pokud je zrovna slunn\u00fd den! <strong>V&nbsp;Bruselu jako\u017eto nejzelen\u011bj\u0161\u00edm m\u011bst\u011b Evropy<\/strong> najdete n\u011bkolik \u00fa\u017easn\u00fdch park\u016f a lesopark\u016f, kter\u00e9 jsou krom\u011b odpo\u010dinku tak\u00e9 vhodn\u00e9 k&nbsp;b\u011bh\u00e1n\u00ed nebo skupinov\u00e9mu cvi\u010den\u00ed (<strong>z<\/strong>\u00e1le\u017e\u00ed na sezon\u011b). Pakli\u017ee budete m\u00edt \u0161t\u011bst\u00ed, chytnete tu i t\u0159eba n\u011bjak\u00fd koncert \u010di food festival.<\/p>\n<p style=\"text-align: justify;\">Z&nbsp;m\u00fdch obl\u00edben\u00fdch park\u016f mohu doporu\u010dit n\u00e1sleduj\u00edc\u00ed:&nbsp;<strong>Cinquentennaire<\/strong> je rozlehl\u00fd park s&nbsp;v\u00edt\u011bzn\u00fdm obloukem a p\u00e1r muzei uprost\u0159ed a najdete ho mezi zast\u00e1vky metra <em>Schuman<\/em> a <em>Merode<\/em>. D\u00e1le pak park <strong>Leopold<\/strong>, kter\u00fd se nach\u00e1z\u00ed hned u Evropsk\u00e9ho Parlamentu, nebo zahrady u opatstv\u00ed <strong>Abbaye de la Cambre<\/strong> mezi Flagey a Avenue Louise. O v\u00edkendech m\u00e1me r\u00e1di <strong>Bois de la Cambre<\/strong>, co\u017e je takov\u00fd rozlehl\u00fd lesopark s&nbsp;jez\u00edrkem a ostr\u016fvkem, kde se d\u00e1 jezdit na kole nebo na in-linech. A m\u016fj nejnov\u011bj\u0161\u00ed objev a nyn\u00ed m\u00e1 srdcovka je park <strong>Tenbosch<\/strong>, nen\u00e1padn\u011b schovan\u00fd v Ixelles, kde ob\u010das tr\u00e1v\u00edm poledn\u00ed pauzy. \ud83d\ude42<\/p>\n<p><img loading=\"lazy\" decoding=\"async\" class=\"aligncenter size-full wp-image-21410\" src=\"http:\/\/1001voyagesgourmands.com\/wp-content\/uploads\/2018\/08\/Co_videt_podniknout_v_Bruselu-8.jpg\" alt=\"Pokud se vyd\u00e1te do evropsk\u00e9ho hlavn\u00edho m\u011bsta, pak se v\u00e1m jist\u011b bude hodit m\u00fdch 15 tip\u016f, co vid\u011bt a podniknout v&nbsp;Bruselu, abyste si v\u00fdlet \u0159\u00e1dn\u011b u\u017eili.\" width=\"1000\" height=\"667\" srcset=\"https:\/\/1001voyagesgourmands.com\/wp-content\/uploads\/2018\/08\/Co_videt_podniknout_v_Bruselu-8.jpg 1000w, https:\/\/1001voyagesgourmands.com\/wp-content\/uploads\/2018\/08\/Co_videt_podniknout_v_Bruselu-8-300x200.jpg 300w, https:\/\/1001voyagesgourmands.com\/wp-content\/uploads\/2018\/08\/Co_videt_podniknout_v_Bruselu-8-768x512.jpg 768w, https:\/\/1001voyagesgourmands.com\/wp-content\/uploads\/2018\/08\/Co_videt_podniknout_v_Bruselu-8-585x390.jpg 585w, https:\/\/1001voyagesgourmands.com\/wp-content\/uploads\/2018\/08\/Co_videt_podniknout_v_Bruselu-8-263x175.jpg 263w\" sizes=\"auto, (max-width: 1000px) 100vw, 1000px\" \/><\/p>\n<p>&nbsp;<\/p>\n<h3 style=\"text-align: justify;\">#14 Socializujte se<\/h3>\n<p style=\"text-align: justify;\">V&nbsp;hlavn\u00edm m\u011bst\u011b Evropy je po pr\u00e1ci p\u011bkn\u011b ru\u0161no a v\u00edkend zde za\u010d\u00edn\u00e1 ji\u017e ve st\u0159edu! \ud83d\ude42 A te\u010f tedy k tomu, kam kdy zaj\u00edt. Jak\u00fdkoliv den v&nbsp;t\u00fddnu na n\u00e1m\u011bst\u00ed <strong>St. G\u00e9ry<\/strong> nedaleko Burzy nebo <strong>Flagey<\/strong> u jez\u00edrek v Ixelles. Ob\u011b n\u00e1m\u011bst\u00ed\u010dka jsou obklopen\u00e1 podniky se sezen\u00edm venku. Pokud tu budete ve st\u0159edu, pak b\u011b\u017ete na n\u00e1m\u011bst\u00ed <strong>Ch\u00e2telain<\/strong> v&nbsp;Ixelles, kde je do osmi ve\u010der trh a pot\u00e9 se hlou\u010dky lid\u00ed p\u0159esunuj\u00ed do okoln\u00edch bar\u016f a hospod. Ve \u010dtvrtek se naopak ve\u010dern\u00ed d\u011bj p\u0159esouv\u00e1 na popul\u00e1rn\u00ed n\u00e1m\u011bst\u00ed u Evropsk\u00e9ho Parlamentu Place du Luxembourg zn\u00e1m\u00e9ho jako <strong>Place Lux<\/strong> (dokonce se pro takov\u00fd \u010dtvrte\u010dn\u00ed ve\u010der pou\u017e\u00edv\u00e1 sloveso \u201apluxing\u2018). No a b\u011bhem jarn\u00edch a letn\u00edch m\u011bs\u00edc\u016f je plno dal\u0161\u00edch akc\u00ed venku, jako t\u0159eba popul\u00e1rn\u00ed letn\u00ed place-to-be&nbsp;<strong><a href=\"http:\/\/www.bruxelleslesbains.be\/\" target=\"_blank\" rel=\"noopener noreferrer\">Bruxelles les Bains<\/a><\/strong>. Ur\u010dit\u011b se ale inspirujte <a href=\"https:\/\/agenda.brussels\/en\" target=\"_blank\" rel=\"noopener noreferrer\">agendou m\u011bsta<\/a>, co se zrovna kde d\u011bje.<\/p>\n<p><img loading=\"lazy\" decoding=\"async\" class=\"aligncenter size-full wp-image-21398\" src=\"http:\/\/1001voyagesgourmands.com\/wp-content\/uploads\/2018\/08\/Co_videt_podniknout_v_Bruselu-2.jpg\" alt=\"Pokud se vyd\u00e1te do evropsk\u00e9ho hlavn\u00edho m\u011bsta, pak se v\u00e1m jist\u011b bude hodit m\u00fdch 15 tip\u016f, co vid\u011bt a podniknout v&nbsp;Bruselu, abyste si v\u00fdlet \u0159\u00e1dn\u011b u\u017eili.\" width=\"1000\" height=\"667\" srcset=\"https:\/\/1001voyagesgourmands.com\/wp-content\/uploads\/2018\/08\/Co_videt_podniknout_v_Bruselu-2.jpg 1000w, https:\/\/1001voyagesgourmands.com\/wp-content\/uploads\/2018\/08\/Co_videt_podniknout_v_Bruselu-2-300x200.jpg 300w, https:\/\/1001voyagesgourmands.com\/wp-content\/uploads\/2018\/08\/Co_videt_podniknout_v_Bruselu-2-768x512.jpg 768w, https:\/\/1001voyagesgourmands.com\/wp-content\/uploads\/2018\/08\/Co_videt_podniknout_v_Bruselu-2-585x390.jpg 585w, https:\/\/1001voyagesgourmands.com\/wp-content\/uploads\/2018\/08\/Co_videt_podniknout_v_Bruselu-2-263x175.jpg 263w\" sizes=\"auto, (max-width: 1000px) 100vw, 1000px\" \/><\/p>\n<p>&nbsp;<\/p>\n<h3 style=\"text-align: justify;\">#15 A na z\u00e1v\u011br trocha t\u00e9 evropsk\u00e9 byrokracie<\/h3>\n<p style=\"text-align: justify;\">A tady je posledn\u00ed z&nbsp;m\u00fdch 15 tip\u016f, co vid\u011bt a podniknout v&nbsp;Bruselu. N\u00e1v\u0161t\u011bva hlavn\u00edho m\u011bsta Evropy by se neobe\u0161la bez <strong>zast\u00e1vky u hlavn\u00edch budov Evropsk\u00e9 Unie<\/strong>, kter\u00e9 jsou zaj\u00edmav\u00e9 i po architektonick\u00e9 str\u00e1nce. M\u016f\u017eete si napl\u00e1novat&nbsp; t\u0159eba n\u00e1v\u0161t\u011bvu&nbsp;<strong><a href=\"http:\/\/www.europarl.europa.eu\/visiting\/en\/\" target=\"_blank\" rel=\"noopener noreferrer\">Evropsk\u00e9ho Parlamentu<\/a><\/strong>. Ov\u0161em co v\u00e1m ur\u010dit\u011b doporu\u010duji, je zaj\u00edt do <strong><a href=\"https:\/\/visit.brussels\/en\/place\/Parlamentarium\" target=\"_blank\" rel=\"noopener noreferrer\">Parlament\u00e1ria<\/a><\/strong>, kde se jednodu\u0161e, interaktivn\u011b, poutavou cestou a ve vlastn\u00edm jazyce dozv\u00edte v\u0161e o tom, jak to v&nbsp;Parlamentu funguje, jakou roli maj\u00ed tzv. MEPs a jak Evropsk\u00e1 Unie ovliv\u0148uje v\u00e1s ka\u017edodenn\u00ed \u017eivot. Tohle muzeum je zadarmo a je vhodn\u00e9 jak pro jednotlivce, tak i pro \u0161koly nebo rodiny.&nbsp;<\/p>\n<p><img loading=\"lazy\" decoding=\"async\" class=\"aligncenter size-full wp-image-21412\" src=\"http:\/\/1001voyagesgourmands.com\/wp-content\/uploads\/2018\/08\/Co_videt_podniknout_v_Bruselu-9.jpg\" alt=\"Pokud se vyd\u00e1te do evropsk\u00e9ho hlavn\u00edho m\u011bsta, pak se v\u00e1m jist\u011b bude hodit m\u00fdch 15 tip\u016f, co vid\u011bt a podniknout v&nbsp;Bruselu, abyste si v\u00fdlet \u0159\u00e1dn\u011b u\u017eili.\" width=\"1000\" height=\"667\" srcset=\"https:\/\/1001voyagesgourmands.com\/wp-content\/uploads\/2018\/08\/Co_videt_podniknout_v_Bruselu-9.jpg 1000w, https:\/\/1001voyagesgourmands.com\/wp-content\/uploads\/2018\/08\/Co_videt_podniknout_v_Bruselu-9-300x200.jpg 300w, https:\/\/1001voyagesgourmands.com\/wp-content\/uploads\/2018\/08\/Co_videt_podniknout_v_Bruselu-9-768x512.jpg 768w, https:\/\/1001voyagesgourmands.com\/wp-content\/uploads\/2018\/08\/Co_videt_podniknout_v_Bruselu-9-585x390.jpg 585w, https:\/\/1001voyagesgourmands.com\/wp-content\/uploads\/2018\/08\/Co_videt_podniknout_v_Bruselu-9-263x175.jpg 263w\" sizes=\"auto, (max-width: 1000px) 100vw, 1000px\" \/><\/p>\n<p>&nbsp;<\/p>\n<p>Tak to by bylo m\u00fdch 15 nej doporu\u010den\u00ed, co vid\u011bt a podniknout v Bruselu. Snad se v\u00e1m tu bude l\u00edbit a n\u00e1v\u0161t\u011bvu m\u011bsta si \u0159\u00e1dn\u011b u\u017eijete &#8211; ur\u010dit\u011b mi dejte v\u011bd\u011bt, jak to \u0161lo. \ud83d\ude42 A je\u0161t\u011b n\u011bco. Tady m\u00e1te <strong><a href=\"https:\/\/visit.brussels\/en\" target=\"_blank\" rel=\"noopener noreferrer\">ofici\u00e1ln\u00ed str\u00e1nku bruselsk\u00e9ho informa\u010dn\u00edho centra<\/a><\/strong> a <strong><a href=\"https:\/\/agenda.brussels\/en\">kalend\u00e1\u0159 kulturn\u00edch akc\u00ed<\/a><\/strong>.<\/p>\n<p style=\"text-align: justify;\">Kdo z&nbsp;v\u00e1s jste Brusel ji\u017e nav\u0161t\u00edvili? L\u00edbilo se v\u00e1m tu? Co v\u00e1s tu zaujalo a co naopak v\u016fbec? M\u00e1te n\u011bjak\u00fd jin\u00fd tip, jak\u00fdm byste doplnili m\u00fdch 15 tip\u016f, co vid\u011bt a podniknout v&nbsp;Bruselu? Dejte mi v\u011bd\u011bt v&nbsp;koment\u00e1\u0159\u00edch pod textem!<\/p>\n<p>A pokud se v\u00e1m \u010dl\u00e1nek l\u00edbil, budu r\u00e1da, kdy\u017e ho po\u0161lete d\u00e1l do sv\u011bta! \ud83d\ude42<\/p>\n<p>&nbsp;<\/p>\n<p style=\"text-align: center;\"><strong>PIN IT!<\/strong><\/p>\n<p><img loading=\"lazy\" decoding=\"async\" class=\"aligncenter wp-image-21379\" src=\"http:\/\/1001voyagesgourmands.com\/wp-content\/uploads\/2018\/08\/Co_vide_podniknout_v_Bruselu-pin-683x1024.jpg\" alt=\"Pokud se vyd\u00e1te do evropsk\u00e9ho hlavn\u00edho m\u011bsta, pak se v\u00e1m jist\u011b bude hodit m\u00fdch 15 tip\u016f, co vid\u011bt a podniknout v&nbsp;Bruselu, abyste si v\u00fdlet \u0159\u00e1dn\u011b u\u017eili.\" width=\"551\" height=\"826\"><\/p>\n","protected":false},"excerpt":{"rendered":"<p>Po osmi letech str\u00e1ven\u00fdch v hlavn\u00edm m\u011bst\u011b Evropy a t\u0159ech letech blogov\u00e1n\u00ed jsem si \u0159ekla, ze bych v\u00e1m sem mohla hodit p\u00e1r tip\u016f na to, co vid\u011bt a podniknout&nbsp; v Bruselu.&nbsp;P\u0159izn\u00e1m se, \u017ee tenhle \u010dl\u00e1nek m\u00e1m v hlav\u011b ji\u017e od sam\u00e9ho vzniku blogu, jen\u017ee jsem nebyla schopn\u00e1 ho publikovat d\u0159\u00edve&#8230;&hellip;<\/p>\n","protected":false},"author":1,"featured_media":21416,"comment_status":"open","ping_status":"open","sticky":false,"template":"","format":"standard","meta":{"_exactmetrics_skip_tracking":false,"_exactmetrics_sitenote_active":false,"_exactmetrics_sitenote_note":"","_exactmetrics_sitenote_category":0,"_lmt_disableupdate":"","_lmt_disable":"","footnotes":""},"categories":[362,527,4],"tags":[30,328,396],"class_list":["post-20929","post","type-post","status-publish","format-standard","has-post-thumbnail","hentry","category-belgie","category-brusel","category-cestovani","tag-brusel","tag-vylety-do-mesta","tag-zivot-v-belgii"],"yoast_head":"<!-- This site is optimized with the Yoast SEO plugin v26.1.1 - https:\/\/yoast.com\/wordpress\/plugins\/seo\/ -->\n<title>M\u00fdch top 15 tip\u016f, co vid\u011bt a podniknout v Bruselu - 1001 Voyages Gourmands<\/title>\n<meta name=\"description\" content=\"Pokud se vyd\u00e1te do evropsk\u00e9ho hlavn\u00edho m\u011bsta, pak se v\u00e1m jist\u011b bude hodit m\u00fdch 15 tip\u016f, co vid\u011bt a podniknout v\u00a0Bruselu, abyste si v\u00fdlet \u0159\u00e1dn\u011b u\u017eili.\" \/>\n<meta name=\"robots\" content=\"index, follow, max-snippet:-1, max-image-preview:large, max-video-preview:-1\" \/>\n<link rel=\"canonical\" href=\"https:\/\/1001voyagesgourmands.com\/cs\/mych-top-15-tipu-co-videt-a-podniknout-v-bruselu\/\" \/>\n<meta property=\"og:locale\" content=\"cs_CZ\" \/>\n<meta property=\"og:type\" content=\"article\" \/>\n<meta property=\"og:title\" content=\"M\u00fdch top 15 tip\u016f, co vid\u011bt a podniknout v Bruselu - 1001 Voyages Gourmands\" \/>\n<meta property=\"og:description\" content=\"Pokud se vyd\u00e1te do evropsk\u00e9ho hlavn\u00edho m\u011bsta, pak se v\u00e1m jist\u011b bude hodit m\u00fdch 15 tip\u016f, co vid\u011bt a podniknout v\u00a0Bruselu, abyste si v\u00fdlet \u0159\u00e1dn\u011b u\u017eili.\" \/>\n<meta property=\"og:url\" content=\"https:\/\/1001voyagesgourmands.com\/cs\/mych-top-15-tipu-co-videt-a-podniknout-v-bruselu\/\" \/>\n<meta property=\"og:site_name\" content=\"1001 Voyages Gourmands\" \/>\n<meta property=\"article:publisher\" content=\"https:\/\/www.facebook.com\/1001voyagesgourmands\" \/>\n<meta property=\"article:published_time\" content=\"2018-08-01T20:39:17+00:00\" \/>\n<meta property=\"article:modified_time\" content=\"2020-12-02T11:40:31+00:00\" \/>\n<meta property=\"og:image\" content=\"https:\/\/1001voyagesgourmands.com\/wp-content\/uploads\/2018\/08\/Co_videt_podniknout_v_Bruselu-11.jpg\" \/>\n\t<meta property=\"og:image:width\" content=\"1000\" \/>\n\t<meta property=\"og:image:height\" content=\"1500\" \/>\n\t<meta property=\"og:image:type\" content=\"image\/jpeg\" \/>\n<meta name=\"author\" content=\"Michaela\" \/>\n<meta name=\"twitter:card\" content=\"summary_large_image\" \/>\n<meta name=\"twitter:creator\" content=\"@michaela_1001vg\" \/>\n<meta name=\"twitter:site\" content=\"@michaela_1001vg\" \/>\n<meta name=\"twitter:label1\" content=\"Napsal(a)\" \/>\n\t<meta name=\"twitter:data1\" content=\"Michaela\" \/>\n\t<meta name=\"twitter:label2\" content=\"Odhadovan\u00e1 doba \u010dten\u00ed\" \/>\n\t<meta name=\"twitter:data2\" content=\"15 minut\" \/>\n<script type=\"application\/ld+json\" class=\"yoast-schema-graph\">{\"@context\":\"https:\/\/schema.org\",\"@graph\":[{\"@type\":\"WebPage\",\"@id\":\"https:\/\/1001voyagesgourmands.com\/cs\/mych-top-15-tipu-co-videt-a-podniknout-v-bruselu\/\",\"url\":\"https:\/\/1001voyagesgourmands.com\/cs\/mych-top-15-tipu-co-videt-a-podniknout-v-bruselu\/\",\"name\":\"M\u00fdch top 15 tip\u016f, co vid\u011bt a podniknout v Bruselu - 1001 Voyages Gourmands\",\"isPartOf\":{\"@id\":\"https:\/\/1001voyagesgourmands.com\/cs\/#website\"},\"primaryImageOfPage\":{\"@id\":\"https:\/\/1001voyagesgourmands.com\/cs\/mych-top-15-tipu-co-videt-a-podniknout-v-bruselu\/#primaryimage\"},\"image\":{\"@id\":\"https:\/\/1001voyagesgourmands.com\/cs\/mych-top-15-tipu-co-videt-a-podniknout-v-bruselu\/#primaryimage\"},\"thumbnailUrl\":\"https:\/\/1001voyagesgourmands.com\/wp-content\/uploads\/2018\/08\/Co_videt_podniknout_v_Bruselu-11.jpg\",\"datePublished\":\"2018-08-01T20:39:17+00:00\",\"dateModified\":\"2020-12-02T11:40:31+00:00\",\"author\":{\"@id\":\"https:\/\/1001voyagesgourmands.com\/cs\/#\/schema\/person\/62e0e7238fcf7482b23bf83e1b72ff1b\"},\"description\":\"Pokud se vyd\u00e1te do evropsk\u00e9ho hlavn\u00edho m\u011bsta, pak se v\u00e1m jist\u011b bude hodit m\u00fdch 15 tip\u016f, co vid\u011bt a podniknout v\u00a0Bruselu, abyste si v\u00fdlet \u0159\u00e1dn\u011b u\u017eili.\",\"breadcrumb\":{\"@id\":\"https:\/\/1001voyagesgourmands.com\/cs\/mych-top-15-tipu-co-videt-a-podniknout-v-bruselu\/#breadcrumb\"},\"inLanguage\":\"cs\",\"potentialAction\":[{\"@type\":\"ReadAction\",\"target\":[\"https:\/\/1001voyagesgourmands.com\/cs\/mych-top-15-tipu-co-videt-a-podniknout-v-bruselu\/\"]}]},{\"@type\":\"ImageObject\",\"inLanguage\":\"cs\",\"@id\":\"https:\/\/1001voyagesgourmands.com\/cs\/mych-top-15-tipu-co-videt-a-podniknout-v-bruselu\/#primaryimage\",\"url\":\"https:\/\/1001voyagesgourmands.com\/wp-content\/uploads\/2018\/08\/Co_videt_podniknout_v_Bruselu-11.jpg\",\"contentUrl\":\"https:\/\/1001voyagesgourmands.com\/wp-content\/uploads\/2018\/08\/Co_videt_podniknout_v_Bruselu-11.jpg\",\"width\":1000,\"height\":1500,\"caption\":\"Pokud se vyd\u00e1te do evropsk\u00e9ho hlavn\u00edho m\u011bsta, pak se v\u00e1m jist\u011b bude hodit m\u00fdch 15 tip\u016f, co vid\u011bt a podniknout v\u00a0Bruselu, abyste si v\u00fdlet \u0159\u00e1dn\u011b u\u017eili.\"},{\"@type\":\"BreadcrumbList\",\"@id\":\"https:\/\/1001voyagesgourmands.com\/cs\/mych-top-15-tipu-co-videt-a-podniknout-v-bruselu\/#breadcrumb\",\"itemListElement\":[{\"@type\":\"ListItem\",\"position\":1,\"name\":\"Dom\u016f\",\"item\":\"https:\/\/1001voyagesgourmands.com\/cs\/\"},{\"@type\":\"ListItem\",\"position\":2,\"name\":\"M\u00fdch top 15 tip\u016f, co vid\u011bt a podniknout v Bruselu\"}]},{\"@type\":\"WebSite\",\"@id\":\"https:\/\/1001voyagesgourmands.com\/cs\/#website\",\"url\":\"https:\/\/1001voyagesgourmands.com\/cs\/\",\"name\":\"1001 Voyages Gourmands\",\"description\":\"Food | Travel | Photography\",\"potentialAction\":[{\"@type\":\"SearchAction\",\"target\":{\"@type\":\"EntryPoint\",\"urlTemplate\":\"https:\/\/1001voyagesgourmands.com\/cs\/?s={search_term_string}\"},\"query-input\":{\"@type\":\"PropertyValueSpecification\",\"valueRequired\":true,\"valueName\":\"search_term_string\"}}],\"inLanguage\":\"cs\"},{\"@type\":\"Person\",\"@id\":\"https:\/\/1001voyagesgourmands.com\/cs\/#\/schema\/person\/62e0e7238fcf7482b23bf83e1b72ff1b\",\"name\":\"Michaela\",\"image\":{\"@type\":\"ImageObject\",\"inLanguage\":\"cs\",\"@id\":\"https:\/\/1001voyagesgourmands.com\/cs\/#\/schema\/person\/image\/\",\"url\":\"https:\/\/secure.gravatar.com\/avatar\/73fa562a5b0ce269ca480f67de504b8ecac054a121d170e226f1b79e02024cb8?s=96&d=mm&r=g\",\"contentUrl\":\"https:\/\/secure.gravatar.com\/avatar\/73fa562a5b0ce269ca480f67de504b8ecac054a121d170e226f1b79e02024cb8?s=96&d=mm&r=g\",\"caption\":\"Michaela\"},\"sameAs\":[\"http:\/\/1001voyagesgourmands.com\"]}]}<\/script>\n<!-- \/ Yoast SEO plugin. -->","yoast_head_json":{"title":"M\u00fdch top 15 tip\u016f, co vid\u011bt a podniknout v Bruselu - 1001 Voyages Gourmands","description":"Pokud se vyd\u00e1te do evropsk\u00e9ho hlavn\u00edho m\u011bsta, pak se v\u00e1m jist\u011b bude hodit m\u00fdch 15 tip\u016f, co vid\u011bt a podniknout v\u00a0Bruselu, abyste si v\u00fdlet \u0159\u00e1dn\u011b u\u017eili.","robots":{"index":"index","follow":"follow","max-snippet":"max-snippet:-1","max-image-preview":"max-image-preview:large","max-video-preview":"max-video-preview:-1"},"canonical":"https:\/\/1001voyagesgourmands.com\/cs\/mych-top-15-tipu-co-videt-a-podniknout-v-bruselu\/","og_locale":"cs_CZ","og_type":"article","og_title":"M\u00fdch top 15 tip\u016f, co vid\u011bt a podniknout v Bruselu - 1001 Voyages Gourmands","og_description":"Pokud se vyd\u00e1te do evropsk\u00e9ho hlavn\u00edho m\u011bsta, pak se v\u00e1m jist\u011b bude hodit m\u00fdch 15 tip\u016f, co vid\u011bt a podniknout v\u00a0Bruselu, abyste si v\u00fdlet \u0159\u00e1dn\u011b u\u017eili.","og_url":"https:\/\/1001voyagesgourmands.com\/cs\/mych-top-15-tipu-co-videt-a-podniknout-v-bruselu\/","og_site_name":"1001 Voyages Gourmands","article_publisher":"https:\/\/www.facebook.com\/1001voyagesgourmands","article_published_time":"2018-08-01T20:39:17+00:00","article_modified_time":"2020-12-02T11:40:31+00:00","og_image":[{"width":1000,"height":1500,"url":"https:\/\/1001voyagesgourmands.com\/wp-content\/uploads\/2018\/08\/Co_videt_podniknout_v_Bruselu-11.jpg","type":"image\/jpeg"}],"author":"Michaela","twitter_card":"summary_large_image","twitter_creator":"@michaela_1001vg","twitter_site":"@michaela_1001vg","twitter_misc":{"Napsal(a)":"Michaela","Odhadovan\u00e1 doba \u010dten\u00ed":"15 minut"},"schema":{"@context":"https:\/\/schema.org","@graph":[{"@type":"WebPage","@id":"https:\/\/1001voyagesgourmands.com\/cs\/mych-top-15-tipu-co-videt-a-podniknout-v-bruselu\/","url":"https:\/\/1001voyagesgourmands.com\/cs\/mych-top-15-tipu-co-videt-a-podniknout-v-bruselu\/","name":"M\u00fdch top 15 tip\u016f, co vid\u011bt a podniknout v Bruselu - 1001 Voyages Gourmands","isPartOf":{"@id":"https:\/\/1001voyagesgourmands.com\/cs\/#website"},"primaryImageOfPage":{"@id":"https:\/\/1001voyagesgourmands.com\/cs\/mych-top-15-tipu-co-videt-a-podniknout-v-bruselu\/#primaryimage"},"image":{"@id":"https:\/\/1001voyagesgourmands.com\/cs\/mych-top-15-tipu-co-videt-a-podniknout-v-bruselu\/#primaryimage"},"thumbnailUrl":"https:\/\/1001voyagesgourmands.com\/wp-content\/uploads\/2018\/08\/Co_videt_podniknout_v_Bruselu-11.jpg","datePublished":"2018-08-01T20:39:17+00:00","dateModified":"2020-12-02T11:40:31+00:00","author":{"@id":"https:\/\/1001voyagesgourmands.com\/cs\/#\/schema\/person\/62e0e7238fcf7482b23bf83e1b72ff1b"},"description":"Pokud se vyd\u00e1te do evropsk\u00e9ho hlavn\u00edho m\u011bsta, pak se v\u00e1m jist\u011b bude hodit m\u00fdch 15 tip\u016f, co vid\u011bt a podniknout v\u00a0Bruselu, abyste si v\u00fdlet \u0159\u00e1dn\u011b u\u017eili.","breadcrumb":{"@id":"https:\/\/1001voyagesgourmands.com\/cs\/mych-top-15-tipu-co-videt-a-podniknout-v-bruselu\/#breadcrumb"},"inLanguage":"cs","potentialAction":[{"@type":"ReadAction","target":["https:\/\/1001voyagesgourmands.com\/cs\/mych-top-15-tipu-co-videt-a-podniknout-v-bruselu\/"]}]},{"@type":"ImageObject","inLanguage":"cs","@id":"https:\/\/1001voyagesgourmands.com\/cs\/mych-top-15-tipu-co-videt-a-podniknout-v-bruselu\/#primaryimage","url":"https:\/\/1001voyagesgourmands.com\/wp-content\/uploads\/2018\/08\/Co_videt_podniknout_v_Bruselu-11.jpg","contentUrl":"https:\/\/1001voyagesgourmands.com\/wp-content\/uploads\/2018\/08\/Co_videt_podniknout_v_Bruselu-11.jpg","width":1000,"height":1500,"caption":"Pokud se vyd\u00e1te do evropsk\u00e9ho hlavn\u00edho m\u011bsta, pak se v\u00e1m jist\u011b bude hodit m\u00fdch 15 tip\u016f, co vid\u011bt a podniknout v\u00a0Bruselu, abyste si v\u00fdlet \u0159\u00e1dn\u011b u\u017eili."},{"@type":"BreadcrumbList","@id":"https:\/\/1001voyagesgourmands.com\/cs\/mych-top-15-tipu-co-videt-a-podniknout-v-bruselu\/#breadcrumb","itemListElement":[{"@type":"ListItem","position":1,"name":"Dom\u016f","item":"https:\/\/1001voyagesgourmands.com\/cs\/"},{"@type":"ListItem","position":2,"name":"M\u00fdch top 15 tip\u016f, co vid\u011bt a podniknout v Bruselu"}]},{"@type":"WebSite","@id":"https:\/\/1001voyagesgourmands.com\/cs\/#website","url":"https:\/\/1001voyagesgourmands.com\/cs\/","name":"1001 Voyages Gourmands","description":"Food | Travel | Photography","potentialAction":[{"@type":"SearchAction","target":{"@type":"EntryPoint","urlTemplate":"https:\/\/1001voyagesgourmands.com\/cs\/?s={search_term_string}"},"query-input":{"@type":"PropertyValueSpecification","valueRequired":true,"valueName":"search_term_string"}}],"inLanguage":"cs"},{"@type":"Person","@id":"https:\/\/1001voyagesgourmands.com\/cs\/#\/schema\/person\/62e0e7238fcf7482b23bf83e1b72ff1b","name":"Michaela","image":{"@type":"ImageObject","inLanguage":"cs","@id":"https:\/\/1001voyagesgourmands.com\/cs\/#\/schema\/person\/image\/","url":"https:\/\/secure.gravatar.com\/avatar\/73fa562a5b0ce269ca480f67de504b8ecac054a121d170e226f1b79e02024cb8?s=96&d=mm&r=g","contentUrl":"https:\/\/secure.gravatar.com\/avatar\/73fa562a5b0ce269ca480f67de504b8ecac054a121d170e226f1b79e02024cb8?s=96&d=mm&r=g","caption":"Michaela"},"sameAs":["http:\/\/1001voyagesgourmands.com"]}]}},"_links":{"self":[{"href":"https:\/\/1001voyagesgourmands.com\/cs\/wp-json\/wp\/v2\/posts\/20929","targetHints":{"allow":["GET"]}}],"collection":[{"href":"https:\/\/1001voyagesgourmands.com\/cs\/wp-json\/wp\/v2\/posts"}],"about":[{"href":"https:\/\/1001voyagesgourmands.com\/cs\/wp-json\/wp\/v2\/types\/post"}],"author":[{"embeddable":true,"href":"https:\/\/1001voyagesgourmands.com\/cs\/wp-json\/wp\/v2\/users\/1"}],"replies":[{"embeddable":true,"href":"https:\/\/1001voyagesgourmands.com\/cs\/wp-json\/wp\/v2\/comments?post=20929"}],"version-history":[{"count":4,"href":"https:\/\/1001voyagesgourmands.com\/cs\/wp-json\/wp\/v2\/posts\/20929\/revisions"}],"predecessor-version":[{"id":28157,"href":"https:\/\/1001voyagesgourmands.com\/cs\/wp-json\/wp\/v2\/posts\/20929\/revisions\/28157"}],"wp:featuredmedia":[{"embeddable":true,"href":"https:\/\/1001voyagesgourmands.com\/cs\/wp-json\/wp\/v2\/media\/21416"}],"wp:attachment":[{"href":"https:\/\/1001voyagesgourmands.com\/cs\/wp-json\/wp\/v2\/media?parent=20929"}],"wp:term":[{"taxonomy":"category","embeddable":true,"href":"https:\/\/1001voyagesgourmands.com\/cs\/wp-json\/wp\/v2\/categories?post=20929"},{"taxonomy":"post_tag","embeddable":true,"href":"https:\/\/1001voyagesgourmands.com\/cs\/wp-json\/wp\/v2\/tags?post=20929"}],"curies":[{"name":"wp","href":"https:\/\/api.w.org\/{rel}","templated":true}]}}