{"id":20336,"date":"2018-04-18T21:50:12","date_gmt":"2018-04-18T19:50:12","guid":{"rendered":"http:\/\/1001voyagesgourmands.com\/?p=20336"},"modified":"2020-12-02T12:40:45","modified_gmt":"2020-12-02T11:40:45","slug":"za-kvetoucimi-magnoliemi-do-arboretum-wespelaar","status":"publish","type":"post","link":"https:\/\/1001voyagesgourmands.com\/cs\/za-kvetoucimi-magnoliemi-do-arboretum-wespelaar\/","title":{"rendered":"Za kvetouc\u00edmi magnoliemi do Arboretum Wespelaar"},"content":{"rendered":"<p style=\"text-align: justify;\">Ka\u017ed\u00fdm rokem na za\u010d\u00e1tku dubna se&nbsp;Arboretum Wespelaar m\u011bn\u00ed v louku plnou rozkvetl\u00fdch magnoli\u00ed, kter\u00e1 pot\u011b\u0161\u00ed oko v\u0161ech milovn\u00edk\u016f t\u011bchto kr\u00e1sn\u00fdch strom\u016f. Kvetou tu magnolie s&nbsp;kv\u011bty v\u0161ech tvar\u016f v b\u00edl\u00e9, r\u016fzov\u00e9 i \u017elut\u00e9 barv\u011b. Vzhledem k&nbsp;jeho dostupnosti si sem m\u016f\u017eete napl\u00e1novat t\u0159eba jen kr\u00e1tk\u00fd odpoledn\u00ed v\u00fdlet z&nbsp;Bruselu, av\u0161ak m\u011bjte na pam\u011bti, \u017ee nejlep\u0161\u00ed dobou pro n\u00e1v\u0161t\u011bvu je pr\u00e1v\u011b zac\u00e1tek a polovina dubna, kdy jsou tyhle p\u0159ekr\u00e1sn\u00e9 stromy v&nbsp;pln\u00e9m kv\u011btu (pokud je ov\u0161em nezlom\u00ed n\u011bjak\u00fd jarn\u00ed mr\u00e1z).<\/p>\n<p style=\"text-align: justify;\">Arboretum Wespelaar bylo otev\u0159eno pro ve\u0159ejnost v&nbsp;roce 2001 a dnes tu na 20 hektarech najdete celkem na 2000 druh\u016f strom\u016f a ke\u0159\u016f ze v\u0161ech kout\u016f sv\u011bta, jen\u017e mohou p\u0159e\u017e\u00edt v&nbsp;belgick\u00e9m m\u00edrn\u00e9m podneb\u00ed. Nejv\u00edce jsou zde krom\u011b magnoli\u00ed zastoupeny tak\u00e9 javory, r\u016fzn\u00e9 druhy borovic, b\u0159\u00edzy, l\u00edpy, sekvoje, nebo nap\u0159\u00edklad kvetouc\u00ed rododendrony. Se svou sb\u00edrkou ohro\u017een\u00fdch i b\u011b\u017en\u00fdch strom\u016f a ke\u0159\u016f je Arboretum Wespelar \u010dlenem <em>Botanic Gardens Conservation International<\/em>, p\u0159isp\u00edvaj\u00edc\u00ed k&nbsp;zachov\u00e1n\u00ed ohro\u017een\u00fdch a vz\u00e1cn\u00fdch druh\u016f.<\/p>\n<p style=\"text-align: justify;\">Tohle m\u00edsto bylo sice u\u017e p\u00e1r let na m\u00e9m radaru, ale nikdy se mi nepoda\u0159ilo se sem vydat v&nbsp;dob\u011b, kdy tu zrovna kvetly magnolie. Bu\u010f nebylo p\u0159es v\u00edkend p\u011bkn\u00e9 po\u010das\u00ed, nebo jsem zrovna trajdala n\u011bkde mimo Belgii. Na\u0161t\u011bst\u00ed minul\u00fd v\u00edkend se n\u00e1m to kone\u010dn\u011b poda\u0159ilo a dokonce i po\u010das\u00ed n\u00e1m p\u0159\u00e1lo, a tak jsme tu str\u00e1vili asi dv\u011b ho\u010fky proch\u00e1zkou v&nbsp;t\u00e9hle poh\u00e1dkov\u00e9 zahrad\u011b. Moc se tu dnes d\u00e1l rozepisovat nebudu, jeliko\u017e fotografie hovo\u0159\u00ed za sebe, co mysl\u00edte? Tady je tedy p\u00e1r sn\u00edmk\u016f, kter\u00e9 jsme tu ud\u011blali, tak a\u0165 se v\u00e1m l\u00edb\u00ed a pokud se ocitnete v&nbsp;Bruselu n\u011bkdy v&nbsp;tuto dobu v&nbsp;budoucnu, pak v\u00e1m stejn\u011b doporu\u010duji se tam vydat osobn\u011b. ?<\/p>\n<p><img loading=\"lazy\" decoding=\"async\" class=\"aligncenter wp-image-23493\" src=\"http:\/\/1001voyagesgourmands.com\/wp-content\/uploads\/2018\/04\/Arboretum_Wespelaar-2-683x1024.jpg\" alt=\"Ka\u017ed\u00fdm rokem na za\u010d\u00e1tku dubna se&nbsp;Arboretum Wespelaar m\u011bn\u00ed v louku plnou rozkvetl\u00fdch magnoli\u00ed, kter\u00e1 pot\u011b\u0161\u00ed oko v\u0161ech milovn\u00edk\u016f t\u011bchto kr\u00e1sn\u00fdch strom\u016f. Kvetou tu magnolie s&nbsp;kv\u011bty v\u0161ech tvar\u016f v b\u00edl\u00e9, r\u016fzov\u00e9 i \u017elut\u00e9 barv\u011b. Vzhledem k&nbsp;jeho dostupnosti si sem m\u016f\u017eete napl\u00e1novat t\u0159eba jen kr\u00e1tk\u00fd odpoledn\u00ed v\u00fdlet z&nbsp;Bruselu.\" width=\"821\" height=\"1231\" srcset=\"https:\/\/1001voyagesgourmands.com\/wp-content\/uploads\/2018\/04\/Arboretum_Wespelaar-2-683x1024.jpg 683w, https:\/\/1001voyagesgourmands.com\/wp-content\/uploads\/2018\/04\/Arboretum_Wespelaar-2-200x300.jpg 200w, https:\/\/1001voyagesgourmands.com\/wp-content\/uploads\/2018\/04\/Arboretum_Wespelaar-2-768x1152.jpg 768w, https:\/\/1001voyagesgourmands.com\/wp-content\/uploads\/2018\/04\/Arboretum_Wespelaar-2-1170x1755.jpg 1170w, https:\/\/1001voyagesgourmands.com\/wp-content\/uploads\/2018\/04\/Arboretum_Wespelaar-2-585x878.jpg 585w, https:\/\/1001voyagesgourmands.com\/wp-content\/uploads\/2018\/04\/Arboretum_Wespelaar-2.jpg 1200w\" sizes=\"auto, (max-width: 821px) 100vw, 821px\" \/><\/p>\n<p><img loading=\"lazy\" decoding=\"async\" class=\"aligncenter size-large wp-image-23495\" src=\"http:\/\/1001voyagesgourmands.com\/wp-content\/uploads\/2018\/04\/Arboretum_Wespelaar-3-1024x683.jpg\" alt=\"Ka\u017ed\u00fdm rokem na za\u010d\u00e1tku dubna se&nbsp;Arboretum Wespelaar m\u011bn\u00ed v louku plnou rozkvetl\u00fdch magnoli\u00ed, kter\u00e1 pot\u011b\u0161\u00ed oko v\u0161ech milovn\u00edk\u016f t\u011bchto kr\u00e1sn\u00fdch strom\u016f. Kvetou tu magnolie s&nbsp;kv\u011bty v\u0161ech tvar\u016f v b\u00edl\u00e9, r\u016fzov\u00e9 i \u017elut\u00e9 barv\u011b. Vzhledem k&nbsp;jeho dostupnosti si sem m\u016f\u017eete napl\u00e1novat t\u0159eba jen kr\u00e1tk\u00fd odpoledn\u00ed v\u00fdlet z&nbsp;Bruselu.\" width=\"1024\" height=\"683\" srcset=\"https:\/\/1001voyagesgourmands.com\/wp-content\/uploads\/2018\/04\/Arboretum_Wespelaar-3-1024x683.jpg 1024w, https:\/\/1001voyagesgourmands.com\/wp-content\/uploads\/2018\/04\/Arboretum_Wespelaar-3-300x200.jpg 300w, https:\/\/1001voyagesgourmands.com\/wp-content\/uploads\/2018\/04\/Arboretum_Wespelaar-3-768x512.jpg 768w, https:\/\/1001voyagesgourmands.com\/wp-content\/uploads\/2018\/04\/Arboretum_Wespelaar-3-1170x780.jpg 1170w, https:\/\/1001voyagesgourmands.com\/wp-content\/uploads\/2018\/04\/Arboretum_Wespelaar-3-585x390.jpg 585w, https:\/\/1001voyagesgourmands.com\/wp-content\/uploads\/2018\/04\/Arboretum_Wespelaar-3-263x175.jpg 263w, https:\/\/1001voyagesgourmands.com\/wp-content\/uploads\/2018\/04\/Arboretum_Wespelaar-3.jpg 1800w\" sizes=\"auto, (max-width: 1024px) 100vw, 1024px\" \/><\/p>\n<p><img loading=\"lazy\" decoding=\"async\" class=\"aligncenter wp-image-23497\" src=\"http:\/\/1001voyagesgourmands.com\/wp-content\/uploads\/2018\/04\/Arboretum_Wespelaar-4-683x1024.jpg\" alt=\"Ka\u017ed\u00fdm rokem na za\u010d\u00e1tku dubna se&nbsp;Arboretum Wespelaar m\u011bn\u00ed v louku plnou rozkvetl\u00fdch magnoli\u00ed, kter\u00e1 pot\u011b\u0161\u00ed oko v\u0161ech milovn\u00edk\u016f t\u011bchto kr\u00e1sn\u00fdch strom\u016f. Kvetou tu magnolie s&nbsp;kv\u011bty v\u0161ech tvar\u016f v b\u00edl\u00e9, r\u016fzov\u00e9 i \u017elut\u00e9 barv\u011b. Vzhledem k&nbsp;jeho dostupnosti si sem m\u016f\u017eete napl\u00e1novat t\u0159eba jen kr\u00e1tk\u00fd odpoledn\u00ed v\u00fdlet z&nbsp;Bruselu.\" width=\"827\" height=\"1240\" srcset=\"https:\/\/1001voyagesgourmands.com\/wp-content\/uploads\/2018\/04\/Arboretum_Wespelaar-4-683x1024.jpg 683w, https:\/\/1001voyagesgourmands.com\/wp-content\/uploads\/2018\/04\/Arboretum_Wespelaar-4-200x300.jpg 200w, https:\/\/1001voyagesgourmands.com\/wp-content\/uploads\/2018\/04\/Arboretum_Wespelaar-4-768x1152.jpg 768w, https:\/\/1001voyagesgourmands.com\/wp-content\/uploads\/2018\/04\/Arboretum_Wespelaar-4-1170x1755.jpg 1170w, https:\/\/1001voyagesgourmands.com\/wp-content\/uploads\/2018\/04\/Arboretum_Wespelaar-4-585x878.jpg 585w, https:\/\/1001voyagesgourmands.com\/wp-content\/uploads\/2018\/04\/Arboretum_Wespelaar-4.jpg 1200w\" sizes=\"auto, (max-width: 827px) 100vw, 827px\" \/><\/p>\n<p><img loading=\"lazy\" decoding=\"async\" class=\"aligncenter size-large wp-image-23501\" src=\"http:\/\/1001voyagesgourmands.com\/wp-content\/uploads\/2018\/04\/Arboretum_Wespelaar-6-1024x683.jpg\" alt=\"Ka\u017ed\u00fdm rokem na za\u010d\u00e1tku dubna se&nbsp;Arboretum Wespelaar m\u011bn\u00ed v louku plnou rozkvetl\u00fdch magnoli\u00ed, kter\u00e1 pot\u011b\u0161\u00ed oko v\u0161ech milovn\u00edk\u016f t\u011bchto kr\u00e1sn\u00fdch strom\u016f. Kvetou tu magnolie s&nbsp;kv\u011bty v\u0161ech tvar\u016f v b\u00edl\u00e9, r\u016fzov\u00e9 i \u017elut\u00e9 barv\u011b. Vzhledem k&nbsp;jeho dostupnosti si sem m\u016f\u017eete napl\u00e1novat t\u0159eba jen kr\u00e1tk\u00fd odpoledn\u00ed v\u00fdlet z&nbsp;Bruselu.\" width=\"1024\" height=\"683\" srcset=\"https:\/\/1001voyagesgourmands.com\/wp-content\/uploads\/2018\/04\/Arboretum_Wespelaar-6-1024x683.jpg 1024w, https:\/\/1001voyagesgourmands.com\/wp-content\/uploads\/2018\/04\/Arboretum_Wespelaar-6-300x200.jpg 300w, https:\/\/1001voyagesgourmands.com\/wp-content\/uploads\/2018\/04\/Arboretum_Wespelaar-6-768x512.jpg 768w, https:\/\/1001voyagesgourmands.com\/wp-content\/uploads\/2018\/04\/Arboretum_Wespelaar-6-1170x780.jpg 1170w, https:\/\/1001voyagesgourmands.com\/wp-content\/uploads\/2018\/04\/Arboretum_Wespelaar-6-585x390.jpg 585w, https:\/\/1001voyagesgourmands.com\/wp-content\/uploads\/2018\/04\/Arboretum_Wespelaar-6-263x175.jpg 263w, https:\/\/1001voyagesgourmands.com\/wp-content\/uploads\/2018\/04\/Arboretum_Wespelaar-6.jpg 1800w\" sizes=\"auto, (max-width: 1024px) 100vw, 1024px\" \/><\/p>\n<p><img loading=\"lazy\" decoding=\"async\" class=\"aligncenter wp-image-23499\" src=\"http:\/\/1001voyagesgourmands.com\/wp-content\/uploads\/2018\/04\/Arboretum_Wespelaar-5-683x1024.jpg\" alt=\"Ka\u017ed\u00fdm rokem na za\u010d\u00e1tku dubna se&nbsp;Arboretum Wespelaar m\u011bn\u00ed v louku plnou rozkvetl\u00fdch magnoli\u00ed, kter\u00e1 pot\u011b\u0161\u00ed oko v\u0161ech milovn\u00edk\u016f t\u011bchto kr\u00e1sn\u00fdch strom\u016f. Kvetou tu magnolie s&nbsp;kv\u011bty v\u0161ech tvar\u016f v b\u00edl\u00e9, r\u016fzov\u00e9 i \u017elut\u00e9 barv\u011b. Vzhledem k&nbsp;jeho dostupnosti si sem m\u016f\u017eete napl\u00e1novat t\u0159eba jen kr\u00e1tk\u00fd odpoledn\u00ed v\u00fdlet z&nbsp;Bruselu.\" width=\"793\" height=\"1189\" srcset=\"https:\/\/1001voyagesgourmands.com\/wp-content\/uploads\/2018\/04\/Arboretum_Wespelaar-5-683x1024.jpg 683w, https:\/\/1001voyagesgourmands.com\/wp-content\/uploads\/2018\/04\/Arboretum_Wespelaar-5-200x300.jpg 200w, https:\/\/1001voyagesgourmands.com\/wp-content\/uploads\/2018\/04\/Arboretum_Wespelaar-5-768x1152.jpg 768w, https:\/\/1001voyagesgourmands.com\/wp-content\/uploads\/2018\/04\/Arboretum_Wespelaar-5-1170x1755.jpg 1170w, https:\/\/1001voyagesgourmands.com\/wp-content\/uploads\/2018\/04\/Arboretum_Wespelaar-5-585x878.jpg 585w, https:\/\/1001voyagesgourmands.com\/wp-content\/uploads\/2018\/04\/Arboretum_Wespelaar-5.jpg 1200w\" sizes=\"auto, (max-width: 793px) 100vw, 793px\" \/><\/p>\n<p><img loading=\"lazy\" decoding=\"async\" class=\"aligncenter wp-image-23505\" src=\"http:\/\/1001voyagesgourmands.com\/wp-content\/uploads\/2018\/04\/Arboretum_Wespelaar-8-683x1024.jpg\" alt=\"Ka\u017ed\u00fdm rokem na za\u010d\u00e1tku dubna se&nbsp;Arboretum Wespelaar m\u011bn\u00ed v louku plnou rozkvetl\u00fdch magnoli\u00ed, kter\u00e1 pot\u011b\u0161\u00ed oko v\u0161ech milovn\u00edk\u016f t\u011bchto kr\u00e1sn\u00fdch strom\u016f. Kvetou tu magnolie s&nbsp;kv\u011bty v\u0161ech tvar\u016f v b\u00edl\u00e9, r\u016fzov\u00e9 i \u017elut\u00e9 barv\u011b. Vzhledem k&nbsp;jeho dostupnosti si sem m\u016f\u017eete napl\u00e1novat t\u0159eba jen kr\u00e1tk\u00fd odpoledn\u00ed v\u00fdlet z&nbsp;Bruselu.\" width=\"792\" height=\"1187\" srcset=\"https:\/\/1001voyagesgourmands.com\/wp-content\/uploads\/2018\/04\/Arboretum_Wespelaar-8-683x1024.jpg 683w, https:\/\/1001voyagesgourmands.com\/wp-content\/uploads\/2018\/04\/Arboretum_Wespelaar-8-200x300.jpg 200w, https:\/\/1001voyagesgourmands.com\/wp-content\/uploads\/2018\/04\/Arboretum_Wespelaar-8-768x1152.jpg 768w, https:\/\/1001voyagesgourmands.com\/wp-content\/uploads\/2018\/04\/Arboretum_Wespelaar-8-1170x1755.jpg 1170w, https:\/\/1001voyagesgourmands.com\/wp-content\/uploads\/2018\/04\/Arboretum_Wespelaar-8-585x878.jpg 585w, https:\/\/1001voyagesgourmands.com\/wp-content\/uploads\/2018\/04\/Arboretum_Wespelaar-8.jpg 1200w\" sizes=\"auto, (max-width: 792px) 100vw, 792px\" \/><\/p>\n<p><img loading=\"lazy\" decoding=\"async\" class=\"aligncenter size-large wp-image-23509\" src=\"http:\/\/1001voyagesgourmands.com\/wp-content\/uploads\/2018\/04\/Arboretum_Wespelaar-10-1024x683.jpg\" alt=\"Ka\u017ed\u00fdm rokem na za\u010d\u00e1tku dubna se&nbsp;Arboretum Wespelaar m\u011bn\u00ed v louku plnou rozkvetl\u00fdch magnoli\u00ed, kter\u00e1 pot\u011b\u0161\u00ed oko v\u0161ech milovn\u00edk\u016f t\u011bchto kr\u00e1sn\u00fdch strom\u016f. Kvetou tu magnolie s&nbsp;kv\u011bty v\u0161ech tvar\u016f v b\u00edl\u00e9, r\u016fzov\u00e9 i \u017elut\u00e9 barv\u011b. Vzhledem k&nbsp;jeho dostupnosti si sem m\u016f\u017eete napl\u00e1novat t\u0159eba jen kr\u00e1tk\u00fd odpoledn\u00ed v\u00fdlet z&nbsp;Bruselu.\" width=\"1024\" height=\"683\" srcset=\"https:\/\/1001voyagesgourmands.com\/wp-content\/uploads\/2018\/04\/Arboretum_Wespelaar-10-1024x683.jpg 1024w, https:\/\/1001voyagesgourmands.com\/wp-content\/uploads\/2018\/04\/Arboretum_Wespelaar-10-300x200.jpg 300w, https:\/\/1001voyagesgourmands.com\/wp-content\/uploads\/2018\/04\/Arboretum_Wespelaar-10-768x512.jpg 768w, https:\/\/1001voyagesgourmands.com\/wp-content\/uploads\/2018\/04\/Arboretum_Wespelaar-10-1170x780.jpg 1170w, https:\/\/1001voyagesgourmands.com\/wp-content\/uploads\/2018\/04\/Arboretum_Wespelaar-10-585x390.jpg 585w, https:\/\/1001voyagesgourmands.com\/wp-content\/uploads\/2018\/04\/Arboretum_Wespelaar-10-263x175.jpg 263w, https:\/\/1001voyagesgourmands.com\/wp-content\/uploads\/2018\/04\/Arboretum_Wespelaar-10.jpg 1800w\" sizes=\"auto, (max-width: 1024px) 100vw, 1024px\" \/><\/p>\n<p><img loading=\"lazy\" decoding=\"async\" class=\"aligncenter wp-image-23511\" src=\"http:\/\/1001voyagesgourmands.com\/wp-content\/uploads\/2018\/04\/Arboretum_Wespelaar-11-683x1024.jpg\" alt=\"Ka\u017ed\u00fdm rokem na za\u010d\u00e1tku dubna se&nbsp;Arboretum Wespelaar m\u011bn\u00ed v louku plnou rozkvetl\u00fdch magnoli\u00ed, kter\u00e1 pot\u011b\u0161\u00ed oko v\u0161ech milovn\u00edk\u016f t\u011bchto kr\u00e1sn\u00fdch strom\u016f. Kvetou tu magnolie s&nbsp;kv\u011bty v\u0161ech tvar\u016f v b\u00edl\u00e9, r\u016fzov\u00e9 i \u017elut\u00e9 barv\u011b. Vzhledem k&nbsp;jeho dostupnosti si sem m\u016f\u017eete napl\u00e1novat t\u0159eba jen kr\u00e1tk\u00fd odpoledn\u00ed v\u00fdlet z&nbsp;Bruselu.\" width=\"806\" height=\"1208\" srcset=\"https:\/\/1001voyagesgourmands.com\/wp-content\/uploads\/2018\/04\/Arboretum_Wespelaar-11-683x1024.jpg 683w, https:\/\/1001voyagesgourmands.com\/wp-content\/uploads\/2018\/04\/Arboretum_Wespelaar-11-200x300.jpg 200w, https:\/\/1001voyagesgourmands.com\/wp-content\/uploads\/2018\/04\/Arboretum_Wespelaar-11-768x1152.jpg 768w, https:\/\/1001voyagesgourmands.com\/wp-content\/uploads\/2018\/04\/Arboretum_Wespelaar-11-1170x1755.jpg 1170w, https:\/\/1001voyagesgourmands.com\/wp-content\/uploads\/2018\/04\/Arboretum_Wespelaar-11-585x878.jpg 585w, https:\/\/1001voyagesgourmands.com\/wp-content\/uploads\/2018\/04\/Arboretum_Wespelaar-11.jpg 1200w\" sizes=\"auto, (max-width: 806px) 100vw, 806px\" \/><\/p>\n<p><img loading=\"lazy\" decoding=\"async\" class=\"aligncenter wp-image-23515\" src=\"http:\/\/1001voyagesgourmands.com\/wp-content\/uploads\/2018\/04\/Arboretum_Wespelaar-13-683x1024.jpg\" alt=\"Ka\u017ed\u00fdm rokem na za\u010d\u00e1tku dubna se&nbsp;Arboretum Wespelaar m\u011bn\u00ed v louku plnou rozkvetl\u00fdch magnoli\u00ed, kter\u00e1 pot\u011b\u0161\u00ed oko v\u0161ech milovn\u00edk\u016f t\u011bchto kr\u00e1sn\u00fdch strom\u016f. Kvetou tu magnolie s&nbsp;kv\u011bty v\u0161ech tvar\u016f v b\u00edl\u00e9, r\u016fzov\u00e9 i \u017elut\u00e9 barv\u011b. Vzhledem k&nbsp;jeho dostupnosti si sem m\u016f\u017eete napl\u00e1novat t\u0159eba jen kr\u00e1tk\u00fd odpoledn\u00ed v\u00fdlet z&nbsp;Bruselu.\" width=\"835\" height=\"1252\" srcset=\"https:\/\/1001voyagesgourmands.com\/wp-content\/uploads\/2018\/04\/Arboretum_Wespelaar-13-683x1024.jpg 683w, https:\/\/1001voyagesgourmands.com\/wp-content\/uploads\/2018\/04\/Arboretum_Wespelaar-13-200x300.jpg 200w, https:\/\/1001voyagesgourmands.com\/wp-content\/uploads\/2018\/04\/Arboretum_Wespelaar-13-768x1152.jpg 768w, https:\/\/1001voyagesgourmands.com\/wp-content\/uploads\/2018\/04\/Arboretum_Wespelaar-13-1170x1755.jpg 1170w, https:\/\/1001voyagesgourmands.com\/wp-content\/uploads\/2018\/04\/Arboretum_Wespelaar-13-585x878.jpg 585w, https:\/\/1001voyagesgourmands.com\/wp-content\/uploads\/2018\/04\/Arboretum_Wespelaar-13.jpg 1200w\" sizes=\"auto, (max-width: 835px) 100vw, 835px\" \/><\/p>\n<p><img loading=\"lazy\" decoding=\"async\" class=\"aligncenter wp-image-23517\" src=\"http:\/\/1001voyagesgourmands.com\/wp-content\/uploads\/2018\/04\/Arboretum_Wespelaar-14-683x1024.jpg\" alt=\"Ka\u017ed\u00fdm rokem na za\u010d\u00e1tku dubna se&nbsp;Arboretum Wespelaar m\u011bn\u00ed v louku plnou rozkvetl\u00fdch magnoli\u00ed, kter\u00e1 pot\u011b\u0161\u00ed oko v\u0161ech milovn\u00edk\u016f t\u011bchto kr\u00e1sn\u00fdch strom\u016f. Kvetou tu magnolie s&nbsp;kv\u011bty v\u0161ech tvar\u016f v b\u00edl\u00e9, r\u016fzov\u00e9 i \u017elut\u00e9 barv\u011b. Vzhledem k&nbsp;jeho dostupnosti si sem m\u016f\u017eete napl\u00e1novat t\u0159eba jen kr\u00e1tk\u00fd odpoledn\u00ed v\u00fdlet z&nbsp;Bruselu.\" width=\"836\" height=\"1253\" srcset=\"https:\/\/1001voyagesgourmands.com\/wp-content\/uploads\/2018\/04\/Arboretum_Wespelaar-14-683x1024.jpg 683w, https:\/\/1001voyagesgourmands.com\/wp-content\/uploads\/2018\/04\/Arboretum_Wespelaar-14-200x300.jpg 200w, https:\/\/1001voyagesgourmands.com\/wp-content\/uploads\/2018\/04\/Arboretum_Wespelaar-14-768x1152.jpg 768w, https:\/\/1001voyagesgourmands.com\/wp-content\/uploads\/2018\/04\/Arboretum_Wespelaar-14-1170x1755.jpg 1170w, https:\/\/1001voyagesgourmands.com\/wp-content\/uploads\/2018\/04\/Arboretum_Wespelaar-14-585x878.jpg 585w, https:\/\/1001voyagesgourmands.com\/wp-content\/uploads\/2018\/04\/Arboretum_Wespelaar-14.jpg 1200w\" sizes=\"auto, (max-width: 836px) 100vw, 836px\" \/><\/p>\n<p><img loading=\"lazy\" decoding=\"async\" class=\"aligncenter size-large wp-image-23523\" src=\"http:\/\/1001voyagesgourmands.com\/wp-content\/uploads\/2018\/04\/Arboretum_Wespelaar-17-1024x683.jpg\" alt=\"Ka\u017ed\u00fdm rokem na za\u010d\u00e1tku dubna se&nbsp;Arboretum Wespelaar m\u011bn\u00ed v louku plnou rozkvetl\u00fdch magnoli\u00ed, kter\u00e1 pot\u011b\u0161\u00ed oko v\u0161ech milovn\u00edk\u016f t\u011bchto kr\u00e1sn\u00fdch strom\u016f. Kvetou tu magnolie s&nbsp;kv\u011bty v\u0161ech tvar\u016f v b\u00edl\u00e9, r\u016fzov\u00e9 i \u017elut\u00e9 barv\u011b. Vzhledem k&nbsp;jeho dostupnosti si sem m\u016f\u017eete napl\u00e1novat t\u0159eba jen kr\u00e1tk\u00fd odpoledn\u00ed v\u00fdlet z&nbsp;Bruselu.\" width=\"1024\" height=\"683\" srcset=\"https:\/\/1001voyagesgourmands.com\/wp-content\/uploads\/2018\/04\/Arboretum_Wespelaar-17-1024x683.jpg 1024w, https:\/\/1001voyagesgourmands.com\/wp-content\/uploads\/2018\/04\/Arboretum_Wespelaar-17-300x200.jpg 300w, https:\/\/1001voyagesgourmands.com\/wp-content\/uploads\/2018\/04\/Arboretum_Wespelaar-17-768x512.jpg 768w, https:\/\/1001voyagesgourmands.com\/wp-content\/uploads\/2018\/04\/Arboretum_Wespelaar-17-1170x780.jpg 1170w, https:\/\/1001voyagesgourmands.com\/wp-content\/uploads\/2018\/04\/Arboretum_Wespelaar-17-585x390.jpg 585w, https:\/\/1001voyagesgourmands.com\/wp-content\/uploads\/2018\/04\/Arboretum_Wespelaar-17-263x175.jpg 263w, https:\/\/1001voyagesgourmands.com\/wp-content\/uploads\/2018\/04\/Arboretum_Wespelaar-17.jpg 1800w\" sizes=\"auto, (max-width: 1024px) 100vw, 1024px\" \/><\/p>\n<p><img loading=\"lazy\" decoding=\"async\" class=\"aligncenter size-large wp-image-23525\" src=\"http:\/\/1001voyagesgourmands.com\/wp-content\/uploads\/2018\/04\/Arboretum_Wespelaar-18-1024x683.jpg\" alt=\"\" width=\"1024\" height=\"683\" srcset=\"https:\/\/1001voyagesgourmands.com\/wp-content\/uploads\/2018\/04\/Arboretum_Wespelaar-18-1024x683.jpg 1024w, https:\/\/1001voyagesgourmands.com\/wp-content\/uploads\/2018\/04\/Arboretum_Wespelaar-18-300x200.jpg 300w, https:\/\/1001voyagesgourmands.com\/wp-content\/uploads\/2018\/04\/Arboretum_Wespelaar-18-768x512.jpg 768w, https:\/\/1001voyagesgourmands.com\/wp-content\/uploads\/2018\/04\/Arboretum_Wespelaar-18-1170x780.jpg 1170w, https:\/\/1001voyagesgourmands.com\/wp-content\/uploads\/2018\/04\/Arboretum_Wespelaar-18-585x390.jpg 585w, https:\/\/1001voyagesgourmands.com\/wp-content\/uploads\/2018\/04\/Arboretum_Wespelaar-18-263x175.jpg 263w, https:\/\/1001voyagesgourmands.com\/wp-content\/uploads\/2018\/04\/Arboretum_Wespelaar-18.jpg 1800w\" sizes=\"auto, (max-width: 1024px) 100vw, 1024px\" \/><\/p>\n<p><img loading=\"lazy\" decoding=\"async\" class=\"aligncenter size-large wp-image-23529\" src=\"http:\/\/1001voyagesgourmands.com\/wp-content\/uploads\/2018\/04\/Arboretum_Wespelaar-20-1024x683.jpg\" alt=\"\" width=\"1024\" height=\"683\" srcset=\"https:\/\/1001voyagesgourmands.com\/wp-content\/uploads\/2018\/04\/Arboretum_Wespelaar-20-1024x683.jpg 1024w, https:\/\/1001voyagesgourmands.com\/wp-content\/uploads\/2018\/04\/Arboretum_Wespelaar-20-300x200.jpg 300w, https:\/\/1001voyagesgourmands.com\/wp-content\/uploads\/2018\/04\/Arboretum_Wespelaar-20-768x512.jpg 768w, https:\/\/1001voyagesgourmands.com\/wp-content\/uploads\/2018\/04\/Arboretum_Wespelaar-20-1170x780.jpg 1170w, https:\/\/1001voyagesgourmands.com\/wp-content\/uploads\/2018\/04\/Arboretum_Wespelaar-20-585x390.jpg 585w, https:\/\/1001voyagesgourmands.com\/wp-content\/uploads\/2018\/04\/Arboretum_Wespelaar-20-263x175.jpg 263w, https:\/\/1001voyagesgourmands.com\/wp-content\/uploads\/2018\/04\/Arboretum_Wespelaar-20.jpg 1800w\" sizes=\"auto, (max-width: 1024px) 100vw, 1024px\" \/><\/p>\n<p><img loading=\"lazy\" decoding=\"async\" class=\"aligncenter size-large wp-image-23527\" src=\"http:\/\/1001voyagesgourmands.com\/wp-content\/uploads\/2018\/04\/Arboretum_Wespelaar-19-1024x683.jpg\" alt=\"\" width=\"1024\" height=\"683\" srcset=\"https:\/\/1001voyagesgourmands.com\/wp-content\/uploads\/2018\/04\/Arboretum_Wespelaar-19-1024x683.jpg 1024w, https:\/\/1001voyagesgourmands.com\/wp-content\/uploads\/2018\/04\/Arboretum_Wespelaar-19-300x200.jpg 300w, https:\/\/1001voyagesgourmands.com\/wp-content\/uploads\/2018\/04\/Arboretum_Wespelaar-19-768x512.jpg 768w, https:\/\/1001voyagesgourmands.com\/wp-content\/uploads\/2018\/04\/Arboretum_Wespelaar-19-1170x780.jpg 1170w, https:\/\/1001voyagesgourmands.com\/wp-content\/uploads\/2018\/04\/Arboretum_Wespelaar-19-585x390.jpg 585w, https:\/\/1001voyagesgourmands.com\/wp-content\/uploads\/2018\/04\/Arboretum_Wespelaar-19-263x175.jpg 263w, https:\/\/1001voyagesgourmands.com\/wp-content\/uploads\/2018\/04\/Arboretum_Wespelaar-19.jpg 1800w\" sizes=\"auto, (max-width: 1024px) 100vw, 1024px\" \/><\/p>\n<p><img loading=\"lazy\" decoding=\"async\" class=\"aligncenter wp-image-23531\" src=\"http:\/\/1001voyagesgourmands.com\/wp-content\/uploads\/2018\/04\/Arboretum_Wespelaar-21-683x1024.jpg\" alt=\"\" width=\"897\" height=\"1345\" srcset=\"https:\/\/1001voyagesgourmands.com\/wp-content\/uploads\/2018\/04\/Arboretum_Wespelaar-21-683x1024.jpg 683w, https:\/\/1001voyagesgourmands.com\/wp-content\/uploads\/2018\/04\/Arboretum_Wespelaar-21-200x300.jpg 200w, https:\/\/1001voyagesgourmands.com\/wp-content\/uploads\/2018\/04\/Arboretum_Wespelaar-21-768x1152.jpg 768w, https:\/\/1001voyagesgourmands.com\/wp-content\/uploads\/2018\/04\/Arboretum_Wespelaar-21-1170x1755.jpg 1170w, https:\/\/1001voyagesgourmands.com\/wp-content\/uploads\/2018\/04\/Arboretum_Wespelaar-21-585x878.jpg 585w, https:\/\/1001voyagesgourmands.com\/wp-content\/uploads\/2018\/04\/Arboretum_Wespelaar-21.jpg 1200w\" sizes=\"auto, (max-width: 897px) 100vw, 897px\" \/><\/p>\n<p><img loading=\"lazy\" decoding=\"async\" class=\"aligncenter wp-image-23533\" src=\"http:\/\/1001voyagesgourmands.com\/wp-content\/uploads\/2018\/04\/Arboretum_Wespelaar-22-683x1024.jpg\" alt=\"\" width=\"968\" height=\"1451\" srcset=\"https:\/\/1001voyagesgourmands.com\/wp-content\/uploads\/2018\/04\/Arboretum_Wespelaar-22-683x1024.jpg 683w, https:\/\/1001voyagesgourmands.com\/wp-content\/uploads\/2018\/04\/Arboretum_Wespelaar-22-200x300.jpg 200w, https:\/\/1001voyagesgourmands.com\/wp-content\/uploads\/2018\/04\/Arboretum_Wespelaar-22-768x1152.jpg 768w, https:\/\/1001voyagesgourmands.com\/wp-content\/uploads\/2018\/04\/Arboretum_Wespelaar-22-1170x1755.jpg 1170w, https:\/\/1001voyagesgourmands.com\/wp-content\/uploads\/2018\/04\/Arboretum_Wespelaar-22-585x878.jpg 585w, https:\/\/1001voyagesgourmands.com\/wp-content\/uploads\/2018\/04\/Arboretum_Wespelaar-22.jpg 1200w\" sizes=\"auto, (max-width: 968px) 100vw, 968px\" \/><\/p>\n<p><img loading=\"lazy\" decoding=\"async\" class=\"aligncenter wp-image-23535\" src=\"http:\/\/1001voyagesgourmands.com\/wp-content\/uploads\/2018\/04\/Arboretum_Wespelaar-23-683x1024.jpg\" alt=\"\" width=\"856\" height=\"1283\" srcset=\"https:\/\/1001voyagesgourmands.com\/wp-content\/uploads\/2018\/04\/Arboretum_Wespelaar-23-683x1024.jpg 683w, https:\/\/1001voyagesgourmands.com\/wp-content\/uploads\/2018\/04\/Arboretum_Wespelaar-23-200x300.jpg 200w, https:\/\/1001voyagesgourmands.com\/wp-content\/uploads\/2018\/04\/Arboretum_Wespelaar-23-768x1152.jpg 768w, https:\/\/1001voyagesgourmands.com\/wp-content\/uploads\/2018\/04\/Arboretum_Wespelaar-23-1170x1755.jpg 1170w, https:\/\/1001voyagesgourmands.com\/wp-content\/uploads\/2018\/04\/Arboretum_Wespelaar-23-585x878.jpg 585w, https:\/\/1001voyagesgourmands.com\/wp-content\/uploads\/2018\/04\/Arboretum_Wespelaar-23.jpg 1200w\" sizes=\"auto, (max-width: 856px) 100vw, 856px\" \/><\/p>\n<p><img loading=\"lazy\" decoding=\"async\" class=\"aligncenter size-large wp-image-23544\" src=\"http:\/\/1001voyagesgourmands.com\/wp-content\/uploads\/2018\/04\/Arboretum_Wespelaar-27-1024x683.jpg\" alt=\"\" width=\"1024\" height=\"683\" srcset=\"https:\/\/1001voyagesgourmands.com\/wp-content\/uploads\/2018\/04\/Arboretum_Wespelaar-27-1024x683.jpg 1024w, https:\/\/1001voyagesgourmands.com\/wp-content\/uploads\/2018\/04\/Arboretum_Wespelaar-27-300x200.jpg 300w, https:\/\/1001voyagesgourmands.com\/wp-content\/uploads\/2018\/04\/Arboretum_Wespelaar-27-768x512.jpg 768w, https:\/\/1001voyagesgourmands.com\/wp-content\/uploads\/2018\/04\/Arboretum_Wespelaar-27-1170x780.jpg 1170w, https:\/\/1001voyagesgourmands.com\/wp-content\/uploads\/2018\/04\/Arboretum_Wespelaar-27-585x390.jpg 585w, https:\/\/1001voyagesgourmands.com\/wp-content\/uploads\/2018\/04\/Arboretum_Wespelaar-27-263x175.jpg 263w, https:\/\/1001voyagesgourmands.com\/wp-content\/uploads\/2018\/04\/Arboretum_Wespelaar-27.jpg 1800w\" sizes=\"auto, (max-width: 1024px) 100vw, 1024px\" \/><\/p>\n<p>&nbsp;<\/p>\n<p style=\"text-align: justify;\">Arboretum Wespelaar le\u017e\u00ed nedaleko Bruselu a je dob\u0159e dostupn\u00e9 jak autem, tak i hromadnou dopravou. Nav\u0161t\u00edvit ho m\u016f\u017eete od jara do podzimu, obvykle ve st\u0159edu a v&nbsp;ned\u011bli mezi 10-17h. V\u00edce informac\u00ed v\u010detn\u011b aktu\u00e1ln\u00edch otev\u00edrac\u00edch hodin a dostupnosti najdete na jejich webov\u00fdch <a href=\"http:\/\/www.arboretumwespelaar.be\/EN\/\" target=\"_blank\" rel=\"noopener noreferrer\">str\u00e1nk\u00e1ch.<\/a>&nbsp;<\/p>\n<p style=\"text-align: justify;\"><em>Jak\u00e9 je va\u0161e obl\u00edben\u00e9 m\u00edsto, kde se \u010dlov\u011bk m\u016f\u017ee kochat kvetouc\u00edmi magnoliemi? Dejte mi a ostatn\u00edm o n\u011bm v\u011bd\u011bt do koment\u00e1\u0159\u016f pod textem! ?<\/em><\/p>\n","protected":false},"excerpt":{"rendered":"<p>Ka\u017ed\u00fdm rokem na za\u010d\u00e1tku dubna se&nbsp;Arboretum Wespelaar m\u011bn\u00ed v louku plnou rozkvetl\u00fdch magnoli\u00ed, kter\u00e1 pot\u011b\u0161\u00ed oko v\u0161ech milovn\u00edk\u016f t\u011bchto kr\u00e1sn\u00fdch strom\u016f. Kvetou tu magnolie s&nbsp;kv\u011bty v\u0161ech tvar\u016f v b\u00edl\u00e9, r\u016fzov\u00e9 i \u017elut\u00e9 barv\u011b. Vzhledem k&nbsp;jeho dostupnosti si sem m\u016f\u017eete napl\u00e1novat t\u0159eba jen kr\u00e1tk\u00fd odpoledn\u00ed v\u00fdlet z&nbsp;Bruselu, av\u0161ak m\u011bjte na pam\u011bti,&hellip;<\/p>\n","protected":false},"author":1,"featured_media":23531,"comment_status":"open","ping_status":"open","sticky":false,"template":"","format":"standard","meta":{"_exactmetrics_skip_tracking":false,"_exactmetrics_sitenote_active":false,"_exactmetrics_sitenote_note":"","_exactmetrics_sitenote_category":0,"_lmt_disableupdate":"","_lmt_disable":"","footnotes":""},"categories":[362,527,4],"tags":[309,30,368,396],"class_list":["post-20336","post","type-post","status-publish","format-standard","has-post-thumbnail","hentry","category-belgie","category-brusel","category-cestovani","tag-belgie","tag-brusel","tag-vylety-z-bruselu","tag-zivot-v-belgii"],"yoast_head":"<!-- This site is optimized with the Yoast SEO plugin v26.1.1 - https:\/\/yoast.com\/wordpress\/plugins\/seo\/ -->\n<title>Za kvetouc\u00edmi magnoliemi do Arboretum Wespelaar - 1001 Voyages Gourmands<\/title>\n<meta name=\"description\" content=\"Ka\u017ed\u00fdm rokem na za\u010d\u00e1tku dubna se\u00a0Arboretum Wespelaar m\u011bn\u00ed v louku plnou rozkvetl\u00fdch magnoli\u00ed, kter\u00e1 pot\u011b\u0161\u00ed oko v\u0161ech milovn\u00edk\u016f t\u011bchto kr\u00e1sn\u00fdch strom\u016f. Kvetou tu magnolie s\u00a0kv\u011bty v\u0161ech tvar\u016f v b\u00edl\u00e9, r\u016fzov\u00e9 i \u017elut\u00e9 barv\u011b. Vzhledem k\u00a0jeho dostupnosti si sem m\u016f\u017eete napl\u00e1novat t\u0159eba jen kr\u00e1tk\u00fd odpoledn\u00ed v\u00fdlet z\u00a0Bruselu.\" \/>\n<meta name=\"robots\" content=\"index, follow, max-snippet:-1, max-image-preview:large, max-video-preview:-1\" \/>\n<link rel=\"canonical\" href=\"https:\/\/1001voyagesgourmands.com\/cs\/za-kvetoucimi-magnoliemi-do-arboretum-wespelaar\/\" \/>\n<meta property=\"og:locale\" content=\"cs_CZ\" \/>\n<meta property=\"og:type\" content=\"article\" \/>\n<meta property=\"og:title\" content=\"Za kvetouc\u00edmi magnoliemi do Arboretum Wespelaar - 1001 Voyages Gourmands\" \/>\n<meta property=\"og:description\" content=\"Ka\u017ed\u00fdm rokem na za\u010d\u00e1tku dubna se\u00a0Arboretum Wespelaar m\u011bn\u00ed v louku plnou rozkvetl\u00fdch magnoli\u00ed, kter\u00e1 pot\u011b\u0161\u00ed oko v\u0161ech milovn\u00edk\u016f t\u011bchto kr\u00e1sn\u00fdch strom\u016f. Kvetou tu magnolie s\u00a0kv\u011bty v\u0161ech tvar\u016f v b\u00edl\u00e9, r\u016fzov\u00e9 i \u017elut\u00e9 barv\u011b. Vzhledem k\u00a0jeho dostupnosti si sem m\u016f\u017eete napl\u00e1novat t\u0159eba jen kr\u00e1tk\u00fd odpoledn\u00ed v\u00fdlet z\u00a0Bruselu.\" \/>\n<meta property=\"og:url\" content=\"https:\/\/1001voyagesgourmands.com\/cs\/za-kvetoucimi-magnoliemi-do-arboretum-wespelaar\/\" \/>\n<meta property=\"og:site_name\" content=\"1001 Voyages Gourmands\" \/>\n<meta property=\"article:publisher\" content=\"https:\/\/www.facebook.com\/1001voyagesgourmands\" \/>\n<meta property=\"article:published_time\" content=\"2018-04-18T19:50:12+00:00\" \/>\n<meta property=\"article:modified_time\" content=\"2020-12-02T11:40:45+00:00\" \/>\n<meta property=\"og:image\" content=\"https:\/\/1001voyagesgourmands.com\/wp-content\/uploads\/2018\/04\/Arboretum_Wespelaar-21.jpg\" \/>\n\t<meta property=\"og:image:width\" content=\"1200\" \/>\n\t<meta property=\"og:image:height\" content=\"1800\" \/>\n\t<meta property=\"og:image:type\" content=\"image\/jpeg\" \/>\n<meta name=\"author\" content=\"Michaela\" \/>\n<meta name=\"twitter:card\" content=\"summary_large_image\" \/>\n<meta name=\"twitter:creator\" content=\"@michaela_1001vg\" \/>\n<meta name=\"twitter:site\" content=\"@michaela_1001vg\" \/>\n<meta name=\"twitter:label1\" content=\"Napsal(a)\" \/>\n\t<meta name=\"twitter:data1\" content=\"Michaela\" \/>\n\t<meta name=\"twitter:label2\" content=\"Odhadovan\u00e1 doba \u010dten\u00ed\" \/>\n\t<meta name=\"twitter:data2\" content=\"2 minuty\" \/>\n<script type=\"application\/ld+json\" class=\"yoast-schema-graph\">{\"@context\":\"https:\/\/schema.org\",\"@graph\":[{\"@type\":\"WebPage\",\"@id\":\"https:\/\/1001voyagesgourmands.com\/cs\/za-kvetoucimi-magnoliemi-do-arboretum-wespelaar\/\",\"url\":\"https:\/\/1001voyagesgourmands.com\/cs\/za-kvetoucimi-magnoliemi-do-arboretum-wespelaar\/\",\"name\":\"Za kvetouc\u00edmi magnoliemi do Arboretum Wespelaar - 1001 Voyages Gourmands\",\"isPartOf\":{\"@id\":\"https:\/\/1001voyagesgourmands.com\/cs\/#website\"},\"primaryImageOfPage\":{\"@id\":\"https:\/\/1001voyagesgourmands.com\/cs\/za-kvetoucimi-magnoliemi-do-arboretum-wespelaar\/#primaryimage\"},\"image\":{\"@id\":\"https:\/\/1001voyagesgourmands.com\/cs\/za-kvetoucimi-magnoliemi-do-arboretum-wespelaar\/#primaryimage\"},\"thumbnailUrl\":\"https:\/\/1001voyagesgourmands.com\/wp-content\/uploads\/2018\/04\/Arboretum_Wespelaar-21.jpg\",\"datePublished\":\"2018-04-18T19:50:12+00:00\",\"dateModified\":\"2020-12-02T11:40:45+00:00\",\"author\":{\"@id\":\"https:\/\/1001voyagesgourmands.com\/cs\/#\/schema\/person\/62e0e7238fcf7482b23bf83e1b72ff1b\"},\"description\":\"Ka\u017ed\u00fdm rokem na za\u010d\u00e1tku dubna se\u00a0Arboretum Wespelaar m\u011bn\u00ed v louku plnou rozkvetl\u00fdch magnoli\u00ed, kter\u00e1 pot\u011b\u0161\u00ed oko v\u0161ech milovn\u00edk\u016f t\u011bchto kr\u00e1sn\u00fdch strom\u016f. Kvetou tu magnolie s\u00a0kv\u011bty v\u0161ech tvar\u016f v b\u00edl\u00e9, r\u016fzov\u00e9 i \u017elut\u00e9 barv\u011b. Vzhledem k\u00a0jeho dostupnosti si sem m\u016f\u017eete napl\u00e1novat t\u0159eba jen kr\u00e1tk\u00fd odpoledn\u00ed v\u00fdlet z\u00a0Bruselu.\",\"breadcrumb\":{\"@id\":\"https:\/\/1001voyagesgourmands.com\/cs\/za-kvetoucimi-magnoliemi-do-arboretum-wespelaar\/#breadcrumb\"},\"inLanguage\":\"cs\",\"potentialAction\":[{\"@type\":\"ReadAction\",\"target\":[\"https:\/\/1001voyagesgourmands.com\/cs\/za-kvetoucimi-magnoliemi-do-arboretum-wespelaar\/\"]}]},{\"@type\":\"ImageObject\",\"inLanguage\":\"cs\",\"@id\":\"https:\/\/1001voyagesgourmands.com\/cs\/za-kvetoucimi-magnoliemi-do-arboretum-wespelaar\/#primaryimage\",\"url\":\"https:\/\/1001voyagesgourmands.com\/wp-content\/uploads\/2018\/04\/Arboretum_Wespelaar-21.jpg\",\"contentUrl\":\"https:\/\/1001voyagesgourmands.com\/wp-content\/uploads\/2018\/04\/Arboretum_Wespelaar-21.jpg\",\"width\":1200,\"height\":1800},{\"@type\":\"BreadcrumbList\",\"@id\":\"https:\/\/1001voyagesgourmands.com\/cs\/za-kvetoucimi-magnoliemi-do-arboretum-wespelaar\/#breadcrumb\",\"itemListElement\":[{\"@type\":\"ListItem\",\"position\":1,\"name\":\"Dom\u016f\",\"item\":\"https:\/\/1001voyagesgourmands.com\/cs\/\"},{\"@type\":\"ListItem\",\"position\":2,\"name\":\"Za kvetouc\u00edmi magnoliemi do Arboretum Wespelaar\"}]},{\"@type\":\"WebSite\",\"@id\":\"https:\/\/1001voyagesgourmands.com\/cs\/#website\",\"url\":\"https:\/\/1001voyagesgourmands.com\/cs\/\",\"name\":\"1001 Voyages Gourmands\",\"description\":\"Food | Travel | Photography\",\"potentialAction\":[{\"@type\":\"SearchAction\",\"target\":{\"@type\":\"EntryPoint\",\"urlTemplate\":\"https:\/\/1001voyagesgourmands.com\/cs\/?s={search_term_string}\"},\"query-input\":{\"@type\":\"PropertyValueSpecification\",\"valueRequired\":true,\"valueName\":\"search_term_string\"}}],\"inLanguage\":\"cs\"},{\"@type\":\"Person\",\"@id\":\"https:\/\/1001voyagesgourmands.com\/cs\/#\/schema\/person\/62e0e7238fcf7482b23bf83e1b72ff1b\",\"name\":\"Michaela\",\"image\":{\"@type\":\"ImageObject\",\"inLanguage\":\"cs\",\"@id\":\"https:\/\/1001voyagesgourmands.com\/cs\/#\/schema\/person\/image\/\",\"url\":\"https:\/\/secure.gravatar.com\/avatar\/73fa562a5b0ce269ca480f67de504b8ecac054a121d170e226f1b79e02024cb8?s=96&d=mm&r=g\",\"contentUrl\":\"https:\/\/secure.gravatar.com\/avatar\/73fa562a5b0ce269ca480f67de504b8ecac054a121d170e226f1b79e02024cb8?s=96&d=mm&r=g\",\"caption\":\"Michaela\"},\"sameAs\":[\"http:\/\/1001voyagesgourmands.com\"]}]}<\/script>\n<!-- \/ Yoast SEO plugin. -->","yoast_head_json":{"title":"Za kvetouc\u00edmi magnoliemi do Arboretum Wespelaar - 1001 Voyages Gourmands","description":"Ka\u017ed\u00fdm rokem na za\u010d\u00e1tku dubna se\u00a0Arboretum Wespelaar m\u011bn\u00ed v louku plnou rozkvetl\u00fdch magnoli\u00ed, kter\u00e1 pot\u011b\u0161\u00ed oko v\u0161ech milovn\u00edk\u016f t\u011bchto kr\u00e1sn\u00fdch strom\u016f. Kvetou tu magnolie s\u00a0kv\u011bty v\u0161ech tvar\u016f v b\u00edl\u00e9, r\u016fzov\u00e9 i \u017elut\u00e9 barv\u011b. Vzhledem k\u00a0jeho dostupnosti si sem m\u016f\u017eete napl\u00e1novat t\u0159eba jen kr\u00e1tk\u00fd odpoledn\u00ed v\u00fdlet z\u00a0Bruselu.","robots":{"index":"index","follow":"follow","max-snippet":"max-snippet:-1","max-image-preview":"max-image-preview:large","max-video-preview":"max-video-preview:-1"},"canonical":"https:\/\/1001voyagesgourmands.com\/cs\/za-kvetoucimi-magnoliemi-do-arboretum-wespelaar\/","og_locale":"cs_CZ","og_type":"article","og_title":"Za kvetouc\u00edmi magnoliemi do Arboretum Wespelaar - 1001 Voyages Gourmands","og_description":"Ka\u017ed\u00fdm rokem na za\u010d\u00e1tku dubna se\u00a0Arboretum Wespelaar m\u011bn\u00ed v louku plnou rozkvetl\u00fdch magnoli\u00ed, kter\u00e1 pot\u011b\u0161\u00ed oko v\u0161ech milovn\u00edk\u016f t\u011bchto kr\u00e1sn\u00fdch strom\u016f. Kvetou tu magnolie s\u00a0kv\u011bty v\u0161ech tvar\u016f v b\u00edl\u00e9, r\u016fzov\u00e9 i \u017elut\u00e9 barv\u011b. Vzhledem k\u00a0jeho dostupnosti si sem m\u016f\u017eete napl\u00e1novat t\u0159eba jen kr\u00e1tk\u00fd odpoledn\u00ed v\u00fdlet z\u00a0Bruselu.","og_url":"https:\/\/1001voyagesgourmands.com\/cs\/za-kvetoucimi-magnoliemi-do-arboretum-wespelaar\/","og_site_name":"1001 Voyages Gourmands","article_publisher":"https:\/\/www.facebook.com\/1001voyagesgourmands","article_published_time":"2018-04-18T19:50:12+00:00","article_modified_time":"2020-12-02T11:40:45+00:00","og_image":[{"width":1200,"height":1800,"url":"https:\/\/1001voyagesgourmands.com\/wp-content\/uploads\/2018\/04\/Arboretum_Wespelaar-21.jpg","type":"image\/jpeg"}],"author":"Michaela","twitter_card":"summary_large_image","twitter_creator":"@michaela_1001vg","twitter_site":"@michaela_1001vg","twitter_misc":{"Napsal(a)":"Michaela","Odhadovan\u00e1 doba \u010dten\u00ed":"2 minuty"},"schema":{"@context":"https:\/\/schema.org","@graph":[{"@type":"WebPage","@id":"https:\/\/1001voyagesgourmands.com\/cs\/za-kvetoucimi-magnoliemi-do-arboretum-wespelaar\/","url":"https:\/\/1001voyagesgourmands.com\/cs\/za-kvetoucimi-magnoliemi-do-arboretum-wespelaar\/","name":"Za kvetouc\u00edmi magnoliemi do Arboretum Wespelaar - 1001 Voyages Gourmands","isPartOf":{"@id":"https:\/\/1001voyagesgourmands.com\/cs\/#website"},"primaryImageOfPage":{"@id":"https:\/\/1001voyagesgourmands.com\/cs\/za-kvetoucimi-magnoliemi-do-arboretum-wespelaar\/#primaryimage"},"image":{"@id":"https:\/\/1001voyagesgourmands.com\/cs\/za-kvetoucimi-magnoliemi-do-arboretum-wespelaar\/#primaryimage"},"thumbnailUrl":"https:\/\/1001voyagesgourmands.com\/wp-content\/uploads\/2018\/04\/Arboretum_Wespelaar-21.jpg","datePublished":"2018-04-18T19:50:12+00:00","dateModified":"2020-12-02T11:40:45+00:00","author":{"@id":"https:\/\/1001voyagesgourmands.com\/cs\/#\/schema\/person\/62e0e7238fcf7482b23bf83e1b72ff1b"},"description":"Ka\u017ed\u00fdm rokem na za\u010d\u00e1tku dubna se\u00a0Arboretum Wespelaar m\u011bn\u00ed v louku plnou rozkvetl\u00fdch magnoli\u00ed, kter\u00e1 pot\u011b\u0161\u00ed oko v\u0161ech milovn\u00edk\u016f t\u011bchto kr\u00e1sn\u00fdch strom\u016f. Kvetou tu magnolie s\u00a0kv\u011bty v\u0161ech tvar\u016f v b\u00edl\u00e9, r\u016fzov\u00e9 i \u017elut\u00e9 barv\u011b. Vzhledem k\u00a0jeho dostupnosti si sem m\u016f\u017eete napl\u00e1novat t\u0159eba jen kr\u00e1tk\u00fd odpoledn\u00ed v\u00fdlet z\u00a0Bruselu.","breadcrumb":{"@id":"https:\/\/1001voyagesgourmands.com\/cs\/za-kvetoucimi-magnoliemi-do-arboretum-wespelaar\/#breadcrumb"},"inLanguage":"cs","potentialAction":[{"@type":"ReadAction","target":["https:\/\/1001voyagesgourmands.com\/cs\/za-kvetoucimi-magnoliemi-do-arboretum-wespelaar\/"]}]},{"@type":"ImageObject","inLanguage":"cs","@id":"https:\/\/1001voyagesgourmands.com\/cs\/za-kvetoucimi-magnoliemi-do-arboretum-wespelaar\/#primaryimage","url":"https:\/\/1001voyagesgourmands.com\/wp-content\/uploads\/2018\/04\/Arboretum_Wespelaar-21.jpg","contentUrl":"https:\/\/1001voyagesgourmands.com\/wp-content\/uploads\/2018\/04\/Arboretum_Wespelaar-21.jpg","width":1200,"height":1800},{"@type":"BreadcrumbList","@id":"https:\/\/1001voyagesgourmands.com\/cs\/za-kvetoucimi-magnoliemi-do-arboretum-wespelaar\/#breadcrumb","itemListElement":[{"@type":"ListItem","position":1,"name":"Dom\u016f","item":"https:\/\/1001voyagesgourmands.com\/cs\/"},{"@type":"ListItem","position":2,"name":"Za kvetouc\u00edmi magnoliemi do Arboretum Wespelaar"}]},{"@type":"WebSite","@id":"https:\/\/1001voyagesgourmands.com\/cs\/#website","url":"https:\/\/1001voyagesgourmands.com\/cs\/","name":"1001 Voyages Gourmands","description":"Food | Travel | Photography","potentialAction":[{"@type":"SearchAction","target":{"@type":"EntryPoint","urlTemplate":"https:\/\/1001voyagesgourmands.com\/cs\/?s={search_term_string}"},"query-input":{"@type":"PropertyValueSpecification","valueRequired":true,"valueName":"search_term_string"}}],"inLanguage":"cs"},{"@type":"Person","@id":"https:\/\/1001voyagesgourmands.com\/cs\/#\/schema\/person\/62e0e7238fcf7482b23bf83e1b72ff1b","name":"Michaela","image":{"@type":"ImageObject","inLanguage":"cs","@id":"https:\/\/1001voyagesgourmands.com\/cs\/#\/schema\/person\/image\/","url":"https:\/\/secure.gravatar.com\/avatar\/73fa562a5b0ce269ca480f67de504b8ecac054a121d170e226f1b79e02024cb8?s=96&d=mm&r=g","contentUrl":"https:\/\/secure.gravatar.com\/avatar\/73fa562a5b0ce269ca480f67de504b8ecac054a121d170e226f1b79e02024cb8?s=96&d=mm&r=g","caption":"Michaela"},"sameAs":["http:\/\/1001voyagesgourmands.com"]}]}},"_links":{"self":[{"href":"https:\/\/1001voyagesgourmands.com\/cs\/wp-json\/wp\/v2\/posts\/20336","targetHints":{"allow":["GET"]}}],"collection":[{"href":"https:\/\/1001voyagesgourmands.com\/cs\/wp-json\/wp\/v2\/posts"}],"about":[{"href":"https:\/\/1001voyagesgourmands.com\/cs\/wp-json\/wp\/v2\/types\/post"}],"author":[{"embeddable":true,"href":"https:\/\/1001voyagesgourmands.com\/cs\/wp-json\/wp\/v2\/users\/1"}],"replies":[{"embeddable":true,"href":"https:\/\/1001voyagesgourmands.com\/cs\/wp-json\/wp\/v2\/comments?post=20336"}],"version-history":[{"count":4,"href":"https:\/\/1001voyagesgourmands.com\/cs\/wp-json\/wp\/v2\/posts\/20336\/revisions"}],"predecessor-version":[{"id":28169,"href":"https:\/\/1001voyagesgourmands.com\/cs\/wp-json\/wp\/v2\/posts\/20336\/revisions\/28169"}],"wp:featuredmedia":[{"embeddable":true,"href":"https:\/\/1001voyagesgourmands.com\/cs\/wp-json\/wp\/v2\/media\/23531"}],"wp:attachment":[{"href":"https:\/\/1001voyagesgourmands.com\/cs\/wp-json\/wp\/v2\/media?parent=20336"}],"wp:term":[{"taxonomy":"category","embeddable":true,"href":"https:\/\/1001voyagesgourmands.com\/cs\/wp-json\/wp\/v2\/categories?post=20336"},{"taxonomy":"post_tag","embeddable":true,"href":"https:\/\/1001voyagesgourmands.com\/cs\/wp-json\/wp\/v2\/tags?post=20336"}],"curies":[{"name":"wp","href":"https:\/\/api.w.org\/{rel}","templated":true}]}}