{"id":20052,"date":"2018-03-25T23:55:41","date_gmt":"2018-03-25T21:55:41","guid":{"rendered":"http:\/\/1001voyagesgourmands.com\/?p=20052"},"modified":"2018-03-27T08:52:36","modified_gmt":"2018-03-27T06:52:36","slug":"san-juan-barevna-smes-zivota-hudby-a-historie","status":"publish","type":"post","link":"https:\/\/1001voyagesgourmands.com\/cs\/san-juan-barevna-smes-zivota-hudby-a-historie\/","title":{"rendered":"San Juan: barevn\u00e1 sm\u011bs \u017eivota, hudby a historie"},"content":{"rendered":"<p style=\"text-align: justify;\">Hlavn\u00ed m\u011bsto Portorika bylo zalo\u017eeno v roce 1521 \u0161pan\u011blsk\u00fdmi dobyvateli. Jde tak o <strong>druh\u00e9 nejstar<\/strong><strong>\u0161\u00ed m<\/strong><strong>\u011bsto Karibiku<\/strong> (po Santu Domingu v Dominik\u00e1nsk\u00e9 republice) a v\u016fbec <strong>nejstar<\/strong><strong>\u0161\u00ed m<\/strong><strong>\u011bsto v Severn\u00ed Americe<\/strong>.&nbsp;Jeliko\u017e byl San Juan prvn\u00ed m\u011bsto, kter\u00e9 dobyvatelsk\u00e9 lod\u011b z Evropy potk\u00e1valy na sv\u00fdch cest\u00e1ch do Ameriky, a t\u00edm p\u00e1dem <strong>velice d<\/strong><strong>\u016fle<\/strong><strong>\u017eit\u00e9 vojensk\u00e9 m\u00edsto<\/strong>, v\u00e1\u017ee se k n\u011bmu bohat\u00e1 historie.&nbsp;<\/p>\n<p style=\"text-align: justify;\">Zaj\u00edmavost\u00ed je, \u017ee San Juan Bautista byl p\u016fvodn\u011b n\u00e1zev ostrova, kter\u00fd Kolumbus objevil p\u0159i sv\u00e9 druh\u00e9 v\u00fdprav\u011b do Ameriky v roce 1493, a jeho hlavn\u00ed m\u011bsto (dnes zn\u00e1m\u00e9 jako San Juan) dostalo tenkr\u00e1t n\u00e1zev Puerto Rico (co\u017e znamen\u00e1 doslova bohat\u00fd p\u0159\u00edstav), jen\u017ee v pr\u016fb\u011bhu let se jm\u00e9na vym\u011bnila a hlavn\u00edmu m\u011bstu p\u0159irostl n\u00e1zev San Juan, zat\u00edmco ostrov se prom\u011bnil v Puerto Rico (\u010desky Portoriko).<\/p>\n<p style=\"text-align: justify;\">V dne\u0161n\u00ed dob\u011b jde o <strong>nejd<\/strong><strong>\u016fle<\/strong><strong>\u017eit<\/strong><strong>\u011bjs\u00ed ekonomick\u00e9 a pr<\/strong><strong>\u016fmyslov\u00e9 centrum Portorika<\/strong> a t\u00e9\u017e nejkosmopolitn\u011bj\u0161\u00ed m\u011bsto Karibiku, a\u010dkoliv loni zem\u011b vyhl\u00e1sila bankrot a p\u00e1r m\u011bs\u00edc\u016f pot\u00e9 byla nav\u00edc zdevastovan\u00e1 ni\u010div\u00fdmi hurak\u00e1ny. A to je d\u016fvod, pro\u010d te\u010f Portoriko pot\u0159ebuje va\u0161i pomoc v\u00edce ne\u017e kdy jindy.<\/p>\n<p style=\"text-align: justify;\">Pokud se vyd\u00e1te do Portorika, pak s nejv\u011bt\u0161\u00ed p\u0159istanete pr\u00e1v\u011b v hlavn\u00edm m\u011bst\u011b. Ujist\u011bte se, \u017ee si zde vy\u010dlen\u00edte dost \u010dasu, i p\u0159esto\u017ee pl\u00e1nujete sp\u00ed\u0161e pl\u00e1\u017eovou dovolenou na ostrovech <a href=\"http:\/\/1001voyagesgourmands.com\/ostrov-culebra-plazovy-raj-portorika-a-jak-si-tu-nezkazit-dovolenou\/\">Culebra<\/a> \u010di <a href=\"http:\/\/1001voyagesgourmands.com\/ostrov-vieques-divoky-raj-portorika\/\">Vieques<\/a>. V dne\u0161n\u00edm \u010dl\u00e1nku v\u00e1m p\u0159in\u00e1\u0161\u00edm n\u011bjakou <strong>inspiraci, co vid\u011bt a d\u011blat v San Juanu<\/strong>. Douf\u00e1m, ze se v\u00e1m tahle fotoochutn\u00e1vka bude l\u00edbit a nal\u00e1k\u00e1m v\u00e1s tak na jeho brzkou n\u00e1v\u0161t\u011bvu.<\/p>\n<p style=\"text-align: justify;\"><img loading=\"lazy\" decoding=\"async\" class=\"aligncenter size-full wp-image-20132\" src=\"http:\/\/1001voyagesgourmands.com\/wp-content\/uploads\/2018\/03\/San_Juan-39.jpg\" alt=\"Pokud se vyd\u00e1te do Portorika, pak s nejv\u011bt\u0161\u00ed p\u0159istanete pr\u00e1v\u011b v hlavn\u00edm m\u011bst\u011b. Ujist\u011bte se, \u017ee si zde vy\u010dlen\u00edte dost \u010dasu, i p\u0159estoze m\u00ed\u0159\u00edte n\u011bkam na pl\u00e1\u017e. V dne\u0161n\u00edm \u010dl\u00e1nku v\u00e1m p\u0159in\u00e1\u0161\u00edm n\u011bjakou inspiraci, co vid\u011bt a d\u011blat v San Juanu.\" width=\"1000\" height=\"667\" srcset=\"https:\/\/1001voyagesgourmands.com\/wp-content\/uploads\/2018\/03\/San_Juan-39.jpg 1000w, https:\/\/1001voyagesgourmands.com\/wp-content\/uploads\/2018\/03\/San_Juan-39-300x200.jpg 300w, https:\/\/1001voyagesgourmands.com\/wp-content\/uploads\/2018\/03\/San_Juan-39-768x512.jpg 768w, https:\/\/1001voyagesgourmands.com\/wp-content\/uploads\/2018\/03\/San_Juan-39-585x390.jpg 585w, https:\/\/1001voyagesgourmands.com\/wp-content\/uploads\/2018\/03\/San_Juan-39-263x175.jpg 263w\" sizes=\"auto, (max-width: 1000px) 100vw, 1000px\" \/><\/p>\n<p>&nbsp;<\/p>\n<h4 style=\"text-align: justify;\">Proch\u00e1zka Star\u00fdm San Juanem<\/h4>\n<p style=\"text-align: justify;\">Star\u00fd San Juan je asi nejzaj\u00edmav\u011bj\u0161\u00ed \u010d\u00e1st m\u011bsta, takov\u00e1 <strong>barevn\u00e1 sm<\/strong><strong>\u011bs <\/strong><strong>\u017eivota, hudby a historie<\/strong>. P\u0159es den se courejte <strong>\u00fazk\u00fdmi uli<\/strong><strong>\u010dkami s p<\/strong><strong>\u016fvodn\u00ed modrou dla<\/strong><strong>\u017ebou<\/strong> a kochejte se <strong>pitoreskn\u00edmi koloni\u00e1ln\u00edmi budovami<\/strong>. Centrum je relativn\u011b mal\u00e9 a d\u00e1 se v pohod\u011b proj\u00edt p\u011b\u0161ky. Jedno z nejhez\u010d\u00edch m\u00edst, kter\u00e9 jsem v PR vid\u011bla! Na ka\u017ed\u00e9m rohu je co vid\u011bt, d\u011blat \u010di ochutnat\u2026<\/p>\n<p style=\"text-align: justify;\">Za zast\u00e1vku stoj\u00ed n\u00e1m\u011bst\u00ed&nbsp;<strong>Plaza de Armas<\/strong>, kde najdete radnici a kr\u00e1snou ka\u0161nu se \u010dty\u0159mi mramorov\u00fdmi sochami zn\u00e1zor\u0148uj\u00edc\u00ed \u010dty\u0159i ro\u010dn\u00ed obdob\u00ed. Projd\u011bte se <strong>Calle del Cristo<\/strong>, nejstar\u0161\u00ed dl\u00e1\u017ed\u011bnou ulic\u00ed v Americe, kter\u00e1 v\u00e1s zavede k <strong>parku Las Palomas<\/strong>, kam m\u00edstn\u00ed chod\u00ed krmit holuby. D\u00e1le v ulici Calle Tetuan najd\u011bte <strong>La Casa Estrecha<\/strong>, pravdepodobn\u011b neju\u017e\u0161\u00ed d\u016fm, kter\u00fd jste kdy vid\u011bli. Za kr\u00e1sn\u00fdmi v\u00fdhledy na p\u0159\u00edstav a z\u00e1toku San Juan se vydejte k <strong>Basti\u00f3n de la Derecha de San Justo y Pastor<\/strong> a d\u00e1le pak k <strong>Paseo de la Princesa,<\/strong> kde v\u00e1s \u010dek\u00e1 kr\u00e1sn\u00e1 promen\u00e1da vedouc\u00ed k vstupn\u00ed br\u00e1n\u011b, kterou se vr\u00e1t\u00edte do star\u00e9ho m\u011bsta.<\/p>\n<p><img loading=\"lazy\" decoding=\"async\" class=\"aligncenter size-full wp-image-20092\" src=\"http:\/\/1001voyagesgourmands.com\/wp-content\/uploads\/2018\/03\/San_Juan-19.jpg\" alt=\"Pokud se vyd\u00e1te do Portorika, pak s nejv\u011bt\u0161\u00ed p\u0159istanete pr\u00e1v\u011b v hlavn\u00edm m\u011bst\u011b. Ujist\u011bte se, \u017ee si zde vy\u010dlen\u00edte dost \u010dasu, i p\u0159estoze m\u00ed\u0159\u00edte n\u011bkam na pl\u00e1\u017e. V dne\u0161n\u00edm \u010dl\u00e1nku v\u00e1m p\u0159in\u00e1\u0161\u00edm n\u011bjakou inspiraci, co vid\u011bt a d\u011blat v San Juanu.\" width=\"1000\" height=\"667\" srcset=\"https:\/\/1001voyagesgourmands.com\/wp-content\/uploads\/2018\/03\/San_Juan-19.jpg 1000w, https:\/\/1001voyagesgourmands.com\/wp-content\/uploads\/2018\/03\/San_Juan-19-300x200.jpg 300w, https:\/\/1001voyagesgourmands.com\/wp-content\/uploads\/2018\/03\/San_Juan-19-768x512.jpg 768w, https:\/\/1001voyagesgourmands.com\/wp-content\/uploads\/2018\/03\/San_Juan-19-585x390.jpg 585w, https:\/\/1001voyagesgourmands.com\/wp-content\/uploads\/2018\/03\/San_Juan-19-263x175.jpg 263w\" sizes=\"auto, (max-width: 1000px) 100vw, 1000px\" \/><\/p>\n<p><img loading=\"lazy\" decoding=\"async\" class=\"aligncenter size-full wp-image-20118\" src=\"http:\/\/1001voyagesgourmands.com\/wp-content\/uploads\/2018\/03\/San_Juan-32.jpg\" alt=\"Pokud se vyd\u00e1te do Portorika, pak s nejv\u011bt\u0161\u00ed p\u0159istanete pr\u00e1v\u011b v hlavn\u00edm m\u011bst\u011b. Ujist\u011bte se, \u017ee si zde vy\u010dlen\u00edte dost \u010dasu, i p\u0159estoze m\u00ed\u0159\u00edte n\u011bkam na pl\u00e1\u017e. V dne\u0161n\u00edm \u010dl\u00e1nku v\u00e1m p\u0159in\u00e1\u0161\u00edm n\u011bjakou inspiraci, co vid\u011bt a d\u011blat v San Juanu.\" width=\"1000\" height=\"667\" srcset=\"https:\/\/1001voyagesgourmands.com\/wp-content\/uploads\/2018\/03\/San_Juan-32.jpg 1000w, https:\/\/1001voyagesgourmands.com\/wp-content\/uploads\/2018\/03\/San_Juan-32-300x200.jpg 300w, https:\/\/1001voyagesgourmands.com\/wp-content\/uploads\/2018\/03\/San_Juan-32-768x512.jpg 768w, https:\/\/1001voyagesgourmands.com\/wp-content\/uploads\/2018\/03\/San_Juan-32-585x390.jpg 585w, https:\/\/1001voyagesgourmands.com\/wp-content\/uploads\/2018\/03\/San_Juan-32-263x175.jpg 263w\" sizes=\"auto, (max-width: 1000px) 100vw, 1000px\" \/><\/p>\n<p><img loading=\"lazy\" decoding=\"async\" class=\"aligncenter size-full wp-image-20060\" src=\"http:\/\/1001voyagesgourmands.com\/wp-content\/uploads\/2018\/03\/San_Juan-3.jpg\" alt=\"Pokud se vyd\u00e1te do Portorika, pak s nejv\u011bt\u0161\u00ed p\u0159istanete pr\u00e1v\u011b v hlavn\u00edm m\u011bst\u011b. Ujist\u011bte se, \u017ee si zde vy\u010dlen\u00edte dost \u010dasu, i p\u0159estoze m\u00ed\u0159\u00edte n\u011bkam na pl\u00e1\u017e. V dne\u0161n\u00edm \u010dl\u00e1nku v\u00e1m p\u0159in\u00e1\u0161\u00edm n\u011bjakou inspiraci, co vid\u011bt a d\u011blat v San Juanu.\" width=\"1000\" height=\"707\" srcset=\"https:\/\/1001voyagesgourmands.com\/wp-content\/uploads\/2018\/03\/San_Juan-3.jpg 1000w, https:\/\/1001voyagesgourmands.com\/wp-content\/uploads\/2018\/03\/San_Juan-3-300x212.jpg 300w, https:\/\/1001voyagesgourmands.com\/wp-content\/uploads\/2018\/03\/San_Juan-3-768x543.jpg 768w, https:\/\/1001voyagesgourmands.com\/wp-content\/uploads\/2018\/03\/San_Juan-3-585x414.jpg 585w\" sizes=\"auto, (max-width: 1000px) 100vw, 1000px\" \/><\/p>\n<p><img loading=\"lazy\" decoding=\"async\" class=\"aligncenter size-full wp-image-20058\" src=\"http:\/\/1001voyagesgourmands.com\/wp-content\/uploads\/2018\/03\/San_Juan-2.jpg\" alt=\"Pokud se vyd\u00e1te do Portorika, pak s nejv\u011bt\u0161\u00ed p\u0159istanete pr\u00e1v\u011b v hlavn\u00edm m\u011bst\u011b. Ujist\u011bte se, \u017ee si zde vy\u010dlen\u00edte dost \u010dasu, i p\u0159estoze m\u00ed\u0159\u00edte n\u011bkam na pl\u00e1\u017e. V dne\u0161n\u00edm \u010dl\u00e1nku v\u00e1m p\u0159in\u00e1\u0161\u00edm n\u011bjakou inspiraci, co vid\u011bt a d\u011blat v San Juanu.\" width=\"1000\" height=\"707\" srcset=\"https:\/\/1001voyagesgourmands.com\/wp-content\/uploads\/2018\/03\/San_Juan-2.jpg 1000w, https:\/\/1001voyagesgourmands.com\/wp-content\/uploads\/2018\/03\/San_Juan-2-300x212.jpg 300w, https:\/\/1001voyagesgourmands.com\/wp-content\/uploads\/2018\/03\/San_Juan-2-768x543.jpg 768w, https:\/\/1001voyagesgourmands.com\/wp-content\/uploads\/2018\/03\/San_Juan-2-585x414.jpg 585w\" sizes=\"auto, (max-width: 1000px) 100vw, 1000px\" \/><\/p>\n<p><img loading=\"lazy\" decoding=\"async\" class=\"aligncenter size-full wp-image-20096\" src=\"http:\/\/1001voyagesgourmands.com\/wp-content\/uploads\/2018\/03\/San_Juan-21.jpg\" alt=\"Pokud se vyd\u00e1te do Portorika, pak s nejv\u011bt\u0161\u00ed p\u0159istanete pr\u00e1v\u011b v hlavn\u00edm m\u011bst\u011b. Ujist\u011bte se, \u017ee si zde vy\u010dlen\u00edte dost \u010dasu, i p\u0159estoze m\u00ed\u0159\u00edte n\u011bkam na pl\u00e1\u017e. V dne\u0161n\u00edm \u010dl\u00e1nku v\u00e1m p\u0159in\u00e1\u0161\u00edm n\u011bjakou inspiraci, co vid\u011bt a d\u011blat v San Juanu.\" width=\"1000\" height=\"667\" srcset=\"https:\/\/1001voyagesgourmands.com\/wp-content\/uploads\/2018\/03\/San_Juan-21.jpg 1000w, https:\/\/1001voyagesgourmands.com\/wp-content\/uploads\/2018\/03\/San_Juan-21-300x200.jpg 300w, https:\/\/1001voyagesgourmands.com\/wp-content\/uploads\/2018\/03\/San_Juan-21-768x512.jpg 768w, https:\/\/1001voyagesgourmands.com\/wp-content\/uploads\/2018\/03\/San_Juan-21-585x390.jpg 585w, https:\/\/1001voyagesgourmands.com\/wp-content\/uploads\/2018\/03\/San_Juan-21-263x175.jpg 263w\" sizes=\"auto, (max-width: 1000px) 100vw, 1000px\" \/><\/p>\n<p><img loading=\"lazy\" decoding=\"async\" class=\"aligncenter size-full wp-image-20066\" src=\"http:\/\/1001voyagesgourmands.com\/wp-content\/uploads\/2018\/03\/San_Juan-6.jpg\" alt=\"Pokud se vyd\u00e1te do Portorika, pak s nejv\u011bt\u0161\u00ed p\u0159istanete pr\u00e1v\u011b v hlavn\u00edm m\u011bst\u011b. Ujist\u011bte se, \u017ee si zde vy\u010dlen\u00edte dost \u010dasu, i p\u0159estoze m\u00ed\u0159\u00edte n\u011bkam na pl\u00e1\u017e. V dne\u0161n\u00edm \u010dl\u00e1nku v\u00e1m p\u0159in\u00e1\u0161\u00edm n\u011bjakou inspiraci, co vid\u011bt a d\u011blat v San Juanu.\" width=\"1000\" height=\"707\" srcset=\"https:\/\/1001voyagesgourmands.com\/wp-content\/uploads\/2018\/03\/San_Juan-6.jpg 1000w, https:\/\/1001voyagesgourmands.com\/wp-content\/uploads\/2018\/03\/San_Juan-6-300x212.jpg 300w, https:\/\/1001voyagesgourmands.com\/wp-content\/uploads\/2018\/03\/San_Juan-6-768x543.jpg 768w, https:\/\/1001voyagesgourmands.com\/wp-content\/uploads\/2018\/03\/San_Juan-6-585x414.jpg 585w\" sizes=\"auto, (max-width: 1000px) 100vw, 1000px\" \/><\/p>\n<p><img loading=\"lazy\" decoding=\"async\" class=\"aligncenter wp-image-20194\" src=\"http:\/\/1001voyagesgourmands.com\/wp-content\/uploads\/2018\/03\/San_Juan-48-of-1-683x1024.jpg\" alt=\"Pokud se vyd\u00e1te do Portorika, pak s nejv\u011bt\u0161\u00ed p\u0159istanete pr\u00e1v\u011b v hlavn\u00edm m\u011bst\u011b. Ujist\u011bte se, \u017ee si zde vy\u010dlen\u00edte dost \u010dasu, i p\u0159estoze m\u00ed\u0159\u00edte n\u011bkam na pl\u00e1\u017e. V dne\u0161n\u00edm \u010dl\u00e1nku v\u00e1m p\u0159in\u00e1\u0161\u00edm n\u011bjakou inspiraci, co vid\u011bt a d\u011blat v San Juanu.\" width=\"883\" height=\"1324\" srcset=\"https:\/\/1001voyagesgourmands.com\/wp-content\/uploads\/2018\/03\/San_Juan-48-of-1-683x1024.jpg 683w, https:\/\/1001voyagesgourmands.com\/wp-content\/uploads\/2018\/03\/San_Juan-48-of-1-200x300.jpg 200w, https:\/\/1001voyagesgourmands.com\/wp-content\/uploads\/2018\/03\/San_Juan-48-of-1-768x1152.jpg 768w, https:\/\/1001voyagesgourmands.com\/wp-content\/uploads\/2018\/03\/San_Juan-48-of-1-585x878.jpg 585w, https:\/\/1001voyagesgourmands.com\/wp-content\/uploads\/2018\/03\/San_Juan-48-of-1.jpg 1000w\" sizes=\"auto, (max-width: 883px) 100vw, 883px\" \/><\/p>\n<p><img loading=\"lazy\" decoding=\"async\" class=\"aligncenter size-full wp-image-20144\" src=\"http:\/\/1001voyagesgourmands.com\/wp-content\/uploads\/2018\/03\/San_Juan-45.jpg\" alt=\"\" width=\"1000\" height=\"667\" srcset=\"https:\/\/1001voyagesgourmands.com\/wp-content\/uploads\/2018\/03\/San_Juan-45.jpg 1000w, https:\/\/1001voyagesgourmands.com\/wp-content\/uploads\/2018\/03\/San_Juan-45-300x200.jpg 300w, https:\/\/1001voyagesgourmands.com\/wp-content\/uploads\/2018\/03\/San_Juan-45-768x512.jpg 768w, https:\/\/1001voyagesgourmands.com\/wp-content\/uploads\/2018\/03\/San_Juan-45-585x390.jpg 585w, https:\/\/1001voyagesgourmands.com\/wp-content\/uploads\/2018\/03\/San_Juan-45-263x175.jpg 263w\" sizes=\"auto, (max-width: 1000px) 100vw, 1000px\" \/><\/p>\n<p><img loading=\"lazy\" decoding=\"async\" class=\"aligncenter size-full wp-image-20134\" src=\"http:\/\/1001voyagesgourmands.com\/wp-content\/uploads\/2018\/03\/San_Juan-40.jpg\" alt=\"Pokud se vyd\u00e1te do Portorika, pak s nejv\u011bt\u0161\u00ed p\u0159istanete pr\u00e1v\u011b v hlavn\u00edm m\u011bst\u011b. Ujist\u011bte se, \u017ee si zde vy\u010dlen\u00edte dost \u010dasu, i p\u0159estoze m\u00ed\u0159\u00edte n\u011bkam na pl\u00e1\u017e. V dne\u0161n\u00edm \u010dl\u00e1nku v\u00e1m p\u0159in\u00e1\u0161\u00edm n\u011bjakou inspiraci, co vid\u011bt a d\u011blat v San Juanu.\" width=\"1000\" height=\"667\" srcset=\"https:\/\/1001voyagesgourmands.com\/wp-content\/uploads\/2018\/03\/San_Juan-40.jpg 1000w, https:\/\/1001voyagesgourmands.com\/wp-content\/uploads\/2018\/03\/San_Juan-40-300x200.jpg 300w, https:\/\/1001voyagesgourmands.com\/wp-content\/uploads\/2018\/03\/San_Juan-40-768x512.jpg 768w, https:\/\/1001voyagesgourmands.com\/wp-content\/uploads\/2018\/03\/San_Juan-40-585x390.jpg 585w, https:\/\/1001voyagesgourmands.com\/wp-content\/uploads\/2018\/03\/San_Juan-40-263x175.jpg 263w\" sizes=\"auto, (max-width: 1000px) 100vw, 1000px\" \/><\/p>\n<p><img loading=\"lazy\" decoding=\"async\" class=\"aligncenter size-full wp-image-20056\" src=\"http:\/\/1001voyagesgourmands.com\/wp-content\/uploads\/2018\/03\/San_Juan-1.jpg\" alt=\"Pokud se vyd\u00e1te do Portorika, pak s nejv\u011bt\u0161\u00ed p\u0159istanete pr\u00e1v\u011b v hlavn\u00edm m\u011bst\u011b. Ujist\u011bte se, \u017ee si zde vy\u010dlen\u00edte dost \u010dasu, i p\u0159estoze m\u00ed\u0159\u00edte n\u011bkam na pl\u00e1\u017e. V dne\u0161n\u00edm \u010dl\u00e1nku v\u00e1m p\u0159in\u00e1\u0161\u00edm n\u011bjakou inspiraci, co vid\u011bt a d\u011blat v San Juanu.\" width=\"1000\" height=\"707\" srcset=\"https:\/\/1001voyagesgourmands.com\/wp-content\/uploads\/2018\/03\/San_Juan-1.jpg 1000w, https:\/\/1001voyagesgourmands.com\/wp-content\/uploads\/2018\/03\/San_Juan-1-300x212.jpg 300w, https:\/\/1001voyagesgourmands.com\/wp-content\/uploads\/2018\/03\/San_Juan-1-768x543.jpg 768w, https:\/\/1001voyagesgourmands.com\/wp-content\/uploads\/2018\/03\/San_Juan-1-585x414.jpg 585w\" sizes=\"auto, (max-width: 1000px) 100vw, 1000px\" \/><\/p>\n<p><img loading=\"lazy\" decoding=\"async\" class=\"aligncenter size-full wp-image-20122\" src=\"http:\/\/1001voyagesgourmands.com\/wp-content\/uploads\/2018\/03\/San_Juan-34.jpg\" alt=\"Pokud se vyd\u00e1te do Portorika, pak s nejv\u011bt\u0161\u00ed p\u0159istanete pr\u00e1v\u011b v hlavn\u00edm m\u011bst\u011b. Ujist\u011bte se, \u017ee si zde vy\u010dlen\u00edte dost \u010dasu, i p\u0159estoze m\u00ed\u0159\u00edte n\u011bkam na pl\u00e1\u017e. V dne\u0161n\u00edm \u010dl\u00e1nku v\u00e1m p\u0159in\u00e1\u0161\u00edm n\u011bjakou inspiraci, co vid\u011bt a d\u011blat v San Juanu.\" width=\"1000\" height=\"667\" srcset=\"https:\/\/1001voyagesgourmands.com\/wp-content\/uploads\/2018\/03\/San_Juan-34.jpg 1000w, https:\/\/1001voyagesgourmands.com\/wp-content\/uploads\/2018\/03\/San_Juan-34-300x200.jpg 300w, https:\/\/1001voyagesgourmands.com\/wp-content\/uploads\/2018\/03\/San_Juan-34-768x512.jpg 768w, https:\/\/1001voyagesgourmands.com\/wp-content\/uploads\/2018\/03\/San_Juan-34-585x390.jpg 585w, https:\/\/1001voyagesgourmands.com\/wp-content\/uploads\/2018\/03\/San_Juan-34-263x175.jpg 263w\" sizes=\"auto, (max-width: 1000px) 100vw, 1000px\" \/><\/p>\n<p><img loading=\"lazy\" decoding=\"async\" class=\"aligncenter wp-image-20094\" src=\"http:\/\/1001voyagesgourmands.com\/wp-content\/uploads\/2018\/03\/San_Juan-20-683x1024.jpg\" alt=\"Pokud se vyd\u00e1te do Portorika, pak s nejv\u011bt\u0161\u00ed p\u0159istanete pr\u00e1v\u011b v hlavn\u00edm m\u011bst\u011b. Ujist\u011bte se, \u017ee si zde vy\u010dlen\u00edte dost \u010dasu, i p\u0159estoze m\u00ed\u0159\u00edte n\u011bkam na pl\u00e1\u017e. V dne\u0161n\u00edm \u010dl\u00e1nku v\u00e1m p\u0159in\u00e1\u0161\u00edm n\u011bjakou inspiraci, co vid\u011bt a d\u011blat v San Juanu.\" width=\"907\" height=\"1360\" srcset=\"https:\/\/1001voyagesgourmands.com\/wp-content\/uploads\/2018\/03\/San_Juan-20-683x1024.jpg 683w, https:\/\/1001voyagesgourmands.com\/wp-content\/uploads\/2018\/03\/San_Juan-20-200x300.jpg 200w, https:\/\/1001voyagesgourmands.com\/wp-content\/uploads\/2018\/03\/San_Juan-20-768x1151.jpg 768w, https:\/\/1001voyagesgourmands.com\/wp-content\/uploads\/2018\/03\/San_Juan-20-585x877.jpg 585w, https:\/\/1001voyagesgourmands.com\/wp-content\/uploads\/2018\/03\/San_Juan-20.jpg 1000w\" sizes=\"auto, (max-width: 907px) 100vw, 907px\" \/><\/p>\n<p><img loading=\"lazy\" decoding=\"async\" class=\"aligncenter size-full wp-image-20120\" src=\"http:\/\/1001voyagesgourmands.com\/wp-content\/uploads\/2018\/03\/San_Juan-33.jpg\" alt=\"Pokud se vyd\u00e1te do Portorika, pak s nejv\u011bt\u0161\u00ed p\u0159istanete pr\u00e1v\u011b v hlavn\u00edm m\u011bst\u011b. Ujist\u011bte se, \u017ee si zde vy\u010dlen\u00edte dost \u010dasu, i p\u0159estoze m\u00ed\u0159\u00edte n\u011bkam na pl\u00e1\u017e. V dne\u0161n\u00edm \u010dl\u00e1nku v\u00e1m p\u0159in\u00e1\u0161\u00edm n\u011bjakou inspiraci, co vid\u011bt a d\u011blat v San Juanu.\" width=\"1000\" height=\"667\" srcset=\"https:\/\/1001voyagesgourmands.com\/wp-content\/uploads\/2018\/03\/San_Juan-33.jpg 1000w, https:\/\/1001voyagesgourmands.com\/wp-content\/uploads\/2018\/03\/San_Juan-33-300x200.jpg 300w, https:\/\/1001voyagesgourmands.com\/wp-content\/uploads\/2018\/03\/San_Juan-33-768x512.jpg 768w, https:\/\/1001voyagesgourmands.com\/wp-content\/uploads\/2018\/03\/San_Juan-33-585x390.jpg 585w, https:\/\/1001voyagesgourmands.com\/wp-content\/uploads\/2018\/03\/San_Juan-33-263x175.jpg 263w\" sizes=\"auto, (max-width: 1000px) 100vw, 1000px\" \/><\/p>\n<p><img loading=\"lazy\" decoding=\"async\" class=\"aligncenter size-full wp-image-20106\" src=\"http:\/\/1001voyagesgourmands.com\/wp-content\/uploads\/2018\/03\/San_Juan-26.jpg\" alt=\"Pokud se vyd\u00e1te do Portorika, pak s nejv\u011bt\u0161\u00ed p\u0159istanete pr\u00e1v\u011b v hlavn\u00edm m\u011bst\u011b. Ujist\u011bte se, \u017ee si zde vy\u010dlen\u00edte dost \u010dasu, i p\u0159estoze m\u00ed\u0159\u00edte n\u011bkam na pl\u00e1\u017e. V dne\u0161n\u00edm \u010dl\u00e1nku v\u00e1m p\u0159in\u00e1\u0161\u00edm n\u011bjakou inspiraci, co vid\u011bt a d\u011blat v San Juanu.\" width=\"1000\" height=\"667\" srcset=\"https:\/\/1001voyagesgourmands.com\/wp-content\/uploads\/2018\/03\/San_Juan-26.jpg 1000w, https:\/\/1001voyagesgourmands.com\/wp-content\/uploads\/2018\/03\/San_Juan-26-300x200.jpg 300w, https:\/\/1001voyagesgourmands.com\/wp-content\/uploads\/2018\/03\/San_Juan-26-768x512.jpg 768w, https:\/\/1001voyagesgourmands.com\/wp-content\/uploads\/2018\/03\/San_Juan-26-585x390.jpg 585w, https:\/\/1001voyagesgourmands.com\/wp-content\/uploads\/2018\/03\/San_Juan-26-263x175.jpg 263w\" sizes=\"auto, (max-width: 1000px) 100vw, 1000px\" \/><\/p>\n<p><img loading=\"lazy\" decoding=\"async\" class=\"aligncenter size-full wp-image-20108\" src=\"http:\/\/1001voyagesgourmands.com\/wp-content\/uploads\/2018\/03\/San_Juan-27.jpg\" alt=\"Pokud se vyd\u00e1te do Portorika, pak s nejv\u011bt\u0161\u00ed p\u0159istanete pr\u00e1v\u011b v hlavn\u00edm m\u011bst\u011b. Ujist\u011bte se, \u017ee si zde vy\u010dlen\u00edte dost \u010dasu, i p\u0159estoze m\u00ed\u0159\u00edte n\u011bkam na pl\u00e1\u017e. V dne\u0161n\u00edm \u010dl\u00e1nku v\u00e1m p\u0159in\u00e1\u0161\u00edm n\u011bjakou inspiraci, co vid\u011bt a d\u011blat v San Juanu.\" width=\"1000\" height=\"667\" srcset=\"https:\/\/1001voyagesgourmands.com\/wp-content\/uploads\/2018\/03\/San_Juan-27.jpg 1000w, https:\/\/1001voyagesgourmands.com\/wp-content\/uploads\/2018\/03\/San_Juan-27-300x200.jpg 300w, https:\/\/1001voyagesgourmands.com\/wp-content\/uploads\/2018\/03\/San_Juan-27-768x512.jpg 768w, https:\/\/1001voyagesgourmands.com\/wp-content\/uploads\/2018\/03\/San_Juan-27-585x390.jpg 585w, https:\/\/1001voyagesgourmands.com\/wp-content\/uploads\/2018\/03\/San_Juan-27-263x175.jpg 263w\" sizes=\"auto, (max-width: 1000px) 100vw, 1000px\" \/><\/p>\n<p><img loading=\"lazy\" decoding=\"async\" class=\"aligncenter size-full wp-image-20126\" src=\"http:\/\/1001voyagesgourmands.com\/wp-content\/uploads\/2018\/03\/San_Juan-36.jpg\" alt=\"Pokud se vyd\u00e1te do Portorika, pak s nejv\u011bt\u0161\u00ed p\u0159istanete pr\u00e1v\u011b v hlavn\u00edm m\u011bst\u011b. Ujist\u011bte se, \u017ee si zde vy\u010dlen\u00edte dost \u010dasu, i p\u0159estoze m\u00ed\u0159\u00edte n\u011bkam na pl\u00e1\u017e. V dne\u0161n\u00edm \u010dl\u00e1nku v\u00e1m p\u0159in\u00e1\u0161\u00edm n\u011bjakou inspiraci, co vid\u011bt a d\u011blat v San Juanu.\" width=\"1000\" height=\"667\" srcset=\"https:\/\/1001voyagesgourmands.com\/wp-content\/uploads\/2018\/03\/San_Juan-36.jpg 1000w, https:\/\/1001voyagesgourmands.com\/wp-content\/uploads\/2018\/03\/San_Juan-36-300x200.jpg 300w, https:\/\/1001voyagesgourmands.com\/wp-content\/uploads\/2018\/03\/San_Juan-36-768x512.jpg 768w, https:\/\/1001voyagesgourmands.com\/wp-content\/uploads\/2018\/03\/San_Juan-36-585x390.jpg 585w, https:\/\/1001voyagesgourmands.com\/wp-content\/uploads\/2018\/03\/San_Juan-36-263x175.jpg 263w\" sizes=\"auto, (max-width: 1000px) 100vw, 1000px\" \/><\/p>\n<p><img loading=\"lazy\" decoding=\"async\" class=\"aligncenter size-full wp-image-20112\" src=\"http:\/\/1001voyagesgourmands.com\/wp-content\/uploads\/2018\/03\/San_Juan-29.jpg\" alt=\"Pokud se vyd\u00e1te do Portorika, pak s nejv\u011bt\u0161\u00ed p\u0159istanete pr\u00e1v\u011b v hlavn\u00edm m\u011bst\u011b. Ujist\u011bte se, \u017ee si zde vy\u010dlen\u00edte dost \u010dasu, i p\u0159estoze m\u00ed\u0159\u00edte n\u011bkam na pl\u00e1\u017e. V dne\u0161n\u00edm \u010dl\u00e1nku v\u00e1m p\u0159in\u00e1\u0161\u00edm n\u011bjakou inspiraci, co vid\u011bt a d\u011blat v San Juanu.\" width=\"1000\" height=\"667\" srcset=\"https:\/\/1001voyagesgourmands.com\/wp-content\/uploads\/2018\/03\/San_Juan-29.jpg 1000w, https:\/\/1001voyagesgourmands.com\/wp-content\/uploads\/2018\/03\/San_Juan-29-300x200.jpg 300w, https:\/\/1001voyagesgourmands.com\/wp-content\/uploads\/2018\/03\/San_Juan-29-768x512.jpg 768w, https:\/\/1001voyagesgourmands.com\/wp-content\/uploads\/2018\/03\/San_Juan-29-585x390.jpg 585w, https:\/\/1001voyagesgourmands.com\/wp-content\/uploads\/2018\/03\/San_Juan-29-263x175.jpg 263w\" sizes=\"auto, (max-width: 1000px) 100vw, 1000px\" \/><\/p>\n<p><img loading=\"lazy\" decoding=\"async\" class=\"aligncenter size-full wp-image-20062\" src=\"http:\/\/1001voyagesgourmands.com\/wp-content\/uploads\/2018\/03\/San_Juan-4.jpg\" alt=\"Pokud se vyd\u00e1te do Portorika, pak s nejv\u011bt\u0161\u00ed p\u0159istanete pr\u00e1v\u011b v hlavn\u00edm m\u011bst\u011b. Ujist\u011bte se, \u017ee si zde vy\u010dlen\u00edte dost \u010dasu, i p\u0159estoze m\u00ed\u0159\u00edte n\u011bkam na pl\u00e1\u017e. V dne\u0161n\u00edm \u010dl\u00e1nku v\u00e1m p\u0159in\u00e1\u0161\u00edm n\u011bjakou inspiraci, co vid\u011bt a d\u011blat v San Juanu.\" width=\"1000\" height=\"707\" srcset=\"https:\/\/1001voyagesgourmands.com\/wp-content\/uploads\/2018\/03\/San_Juan-4.jpg 1000w, https:\/\/1001voyagesgourmands.com\/wp-content\/uploads\/2018\/03\/San_Juan-4-300x212.jpg 300w, https:\/\/1001voyagesgourmands.com\/wp-content\/uploads\/2018\/03\/San_Juan-4-768x543.jpg 768w, https:\/\/1001voyagesgourmands.com\/wp-content\/uploads\/2018\/03\/San_Juan-4-585x414.jpg 585w\" sizes=\"auto, (max-width: 1000px) 100vw, 1000px\" \/><\/p>\n<p><img loading=\"lazy\" decoding=\"async\" class=\"aligncenter size-full wp-image-20124\" src=\"http:\/\/1001voyagesgourmands.com\/wp-content\/uploads\/2018\/03\/San_Juan-35.jpg\" alt=\"Pokud se vyd\u00e1te do Portorika, pak s nejv\u011bt\u0161\u00ed p\u0159istanete pr\u00e1v\u011b v hlavn\u00edm m\u011bst\u011b. Ujist\u011bte se, \u017ee si zde vy\u010dlen\u00edte dost \u010dasu, i p\u0159estoze m\u00ed\u0159\u00edte n\u011bkam na pl\u00e1\u017e. V dne\u0161n\u00edm \u010dl\u00e1nku v\u00e1m p\u0159in\u00e1\u0161\u00edm n\u011bjakou inspiraci, co vid\u011bt a d\u011blat v San Juanu.\" width=\"1000\" height=\"667\" srcset=\"https:\/\/1001voyagesgourmands.com\/wp-content\/uploads\/2018\/03\/San_Juan-35.jpg 1000w, https:\/\/1001voyagesgourmands.com\/wp-content\/uploads\/2018\/03\/San_Juan-35-300x200.jpg 300w, https:\/\/1001voyagesgourmands.com\/wp-content\/uploads\/2018\/03\/San_Juan-35-768x512.jpg 768w, https:\/\/1001voyagesgourmands.com\/wp-content\/uploads\/2018\/03\/San_Juan-35-585x390.jpg 585w, https:\/\/1001voyagesgourmands.com\/wp-content\/uploads\/2018\/03\/San_Juan-35-263x175.jpg 263w\" sizes=\"auto, (max-width: 1000px) 100vw, 1000px\" \/><\/p>\n<p>&nbsp;<\/p>\n<p>&nbsp;<\/p>\n<h4>Opevn\u011bn\u00e9 m\u011bsto<\/h4>\n<p style=\"text-align: justify;\">Co byste si tak\u00e9 rozhodn\u011b nem\u011bli nechat uj\u00edt, pokud m\u00e1te r\u00e1di historii, jsou <strong>t\u0159i pevnosti zahrnut\u00e9 na seznamu kulturn\u00edho a historick\u00e9ho d\u011bdictv\u00ed UNESCO<\/strong>, kter\u00e9 tu zbyly z doby, kdy byl San Juan nejd\u016fle\u017eit\u011bj\u0161\u00edm vojensk\u00fdm m\u00edstem v Americe.<\/p>\n<p style=\"text-align: justify;\">Emblematick\u00e1 pevnost <strong>San Felipe del Morro <\/strong>byla postavena \u0160pan\u011bly za \u00fa\u010delem obrany p\u0159ed dobyvatelsk\u00fdmi snahami Angli\u010dan\u016f a Holan\u010fan\u016f a tak\u00e9 jako ochrana n\u00e1mo\u0159n\u00ed dopravy mezi \u0160pan\u011blskem a zbytkem Karibiku a Ameriky. Dal\u0161\u00ed ohromnou pevnost\u00ed ve m\u011bst\u011b je <strong>San Crist\u00f3bal<\/strong>, jen\u017e byl postaven o stolet\u00ed pozd\u011bji za \u00fa\u010delem ochrany p\u0159ed \u00fatoky z vnitrozem\u00ed. Jde o nejv\u011bt\u0161\u00ed vojenskou pevnost postavenou \u0160pan\u011bly v Americe. A pak tu m\u00e1me pal\u00e1c<strong> Santa Catalina <\/strong>(takt\u00e9\u017e zn\u00e1m\u00fd jako La Fortaleza), jen\u017e je ofici\u00e1ln\u00edm s\u00eddlem guvern\u00e9ra Portorika a jde tak\u00e9 o nejstar\u0161\u00ed guvern\u00e9rskou rezidenci v Americe.<\/p>\n<p><img loading=\"lazy\" decoding=\"async\" class=\"aligncenter size-full wp-image-20128\" src=\"http:\/\/1001voyagesgourmands.com\/wp-content\/uploads\/2018\/03\/San_Juan-37.jpg\" alt=\"Pokud se vyd\u00e1te do Portorika, pak s nejv\u011bt\u0161\u00ed p\u0159istanete pr\u00e1v\u011b v hlavn\u00edm m\u011bst\u011b. Ujist\u011bte se, \u017ee si zde vy\u010dlen\u00edte dost \u010dasu, i p\u0159estoze m\u00ed\u0159\u00edte n\u011bkam na pl\u00e1\u017e. V dne\u0161n\u00edm \u010dl\u00e1nku v\u00e1m p\u0159in\u00e1\u0161\u00edm n\u011bjakou inspiraci, co vid\u011bt a d\u011blat v San Juanu.\" width=\"1000\" height=\"667\" srcset=\"https:\/\/1001voyagesgourmands.com\/wp-content\/uploads\/2018\/03\/San_Juan-37.jpg 1000w, https:\/\/1001voyagesgourmands.com\/wp-content\/uploads\/2018\/03\/San_Juan-37-300x200.jpg 300w, https:\/\/1001voyagesgourmands.com\/wp-content\/uploads\/2018\/03\/San_Juan-37-768x512.jpg 768w, https:\/\/1001voyagesgourmands.com\/wp-content\/uploads\/2018\/03\/San_Juan-37-585x390.jpg 585w, https:\/\/1001voyagesgourmands.com\/wp-content\/uploads\/2018\/03\/San_Juan-37-263x175.jpg 263w\" sizes=\"auto, (max-width: 1000px) 100vw, 1000px\" \/><\/p>\n<p><img loading=\"lazy\" decoding=\"async\" class=\"aligncenter size-full wp-image-20068\" src=\"http:\/\/1001voyagesgourmands.com\/wp-content\/uploads\/2018\/03\/San_Juan-7.jpg\" alt=\"Pokud se vyd\u00e1te do Portorika, pak s nejv\u011bt\u0161\u00ed p\u0159istanete pr\u00e1v\u011b v hlavn\u00edm m\u011bst\u011b. Ujist\u011bte se, \u017ee si zde vy\u010dlen\u00edte dost \u010dasu, i p\u0159estoze m\u00ed\u0159\u00edte n\u011bkam na pl\u00e1\u017e. V dne\u0161n\u00edm \u010dl\u00e1nku v\u00e1m p\u0159in\u00e1\u0161\u00edm n\u011bjakou inspiraci, co vid\u011bt a d\u011blat v San Juanu.\" width=\"1000\" height=\"707\" srcset=\"https:\/\/1001voyagesgourmands.com\/wp-content\/uploads\/2018\/03\/San_Juan-7.jpg 1000w, https:\/\/1001voyagesgourmands.com\/wp-content\/uploads\/2018\/03\/San_Juan-7-300x212.jpg 300w, https:\/\/1001voyagesgourmands.com\/wp-content\/uploads\/2018\/03\/San_Juan-7-768x543.jpg 768w, https:\/\/1001voyagesgourmands.com\/wp-content\/uploads\/2018\/03\/San_Juan-7-585x414.jpg 585w\" sizes=\"auto, (max-width: 1000px) 100vw, 1000px\" \/><\/p>\n<p><img loading=\"lazy\" decoding=\"async\" class=\"aligncenter size-full wp-image-20086\" src=\"http:\/\/1001voyagesgourmands.com\/wp-content\/uploads\/2018\/03\/San_Juan-16.jpg\" alt=\"Pokud se vyd\u00e1te do Portorika, pak s nejv\u011bt\u0161\u00ed p\u0159istanete pr\u00e1v\u011b v hlavn\u00edm m\u011bst\u011b. Ujist\u011bte se, \u017ee si zde vy\u010dlen\u00edte dost \u010dasu, i p\u0159estoze m\u00ed\u0159\u00edte n\u011bkam na pl\u00e1\u017e. V dne\u0161n\u00edm \u010dl\u00e1nku v\u00e1m p\u0159in\u00e1\u0161\u00edm n\u011bjakou inspiraci, co vid\u011bt a d\u011blat v San Juanu.\" width=\"1000\" height=\"667\" srcset=\"https:\/\/1001voyagesgourmands.com\/wp-content\/uploads\/2018\/03\/San_Juan-16.jpg 1000w, https:\/\/1001voyagesgourmands.com\/wp-content\/uploads\/2018\/03\/San_Juan-16-300x200.jpg 300w, https:\/\/1001voyagesgourmands.com\/wp-content\/uploads\/2018\/03\/San_Juan-16-768x512.jpg 768w, https:\/\/1001voyagesgourmands.com\/wp-content\/uploads\/2018\/03\/San_Juan-16-585x390.jpg 585w, https:\/\/1001voyagesgourmands.com\/wp-content\/uploads\/2018\/03\/San_Juan-16-263x175.jpg 263w\" sizes=\"auto, (max-width: 1000px) 100vw, 1000px\" \/><\/p>\n<p><img loading=\"lazy\" decoding=\"async\" class=\"aligncenter size-full wp-image-20090\" src=\"http:\/\/1001voyagesgourmands.com\/wp-content\/uploads\/2018\/03\/San_Juan-18.jpg\" alt=\"Pokud se vyd\u00e1te do Portorika, pak s nejv\u011bt\u0161\u00ed p\u0159istanete pr\u00e1v\u011b v hlavn\u00edm m\u011bst\u011b. Ujist\u011bte se, \u017ee si zde vy\u010dlen\u00edte dost \u010dasu, i p\u0159estoze m\u00ed\u0159\u00edte n\u011bkam na pl\u00e1\u017e. V dne\u0161n\u00edm \u010dl\u00e1nku v\u00e1m p\u0159in\u00e1\u0161\u00edm n\u011bjakou inspiraci, co vid\u011bt a d\u011blat v San Juanu.\" width=\"1000\" height=\"667\" srcset=\"https:\/\/1001voyagesgourmands.com\/wp-content\/uploads\/2018\/03\/San_Juan-18.jpg 1000w, https:\/\/1001voyagesgourmands.com\/wp-content\/uploads\/2018\/03\/San_Juan-18-300x200.jpg 300w, https:\/\/1001voyagesgourmands.com\/wp-content\/uploads\/2018\/03\/San_Juan-18-768x512.jpg 768w, https:\/\/1001voyagesgourmands.com\/wp-content\/uploads\/2018\/03\/San_Juan-18-585x390.jpg 585w, https:\/\/1001voyagesgourmands.com\/wp-content\/uploads\/2018\/03\/San_Juan-18-263x175.jpg 263w\" sizes=\"auto, (max-width: 1000px) 100vw, 1000px\" \/><\/p>\n<p><img loading=\"lazy\" decoding=\"async\" class=\"aligncenter size-full wp-image-20084\" src=\"http:\/\/1001voyagesgourmands.com\/wp-content\/uploads\/2018\/03\/San_Juan-15.jpg\" alt=\"Pokud se vyd\u00e1te do Portorika, pak s nejv\u011bt\u0161\u00ed p\u0159istanete pr\u00e1v\u011b v hlavn\u00edm m\u011bst\u011b. Ujist\u011bte se, \u017ee si zde vy\u010dlen\u00edte dost \u010dasu, i p\u0159estoze m\u00ed\u0159\u00edte n\u011bkam na pl\u00e1\u017e. V dne\u0161n\u00edm \u010dl\u00e1nku v\u00e1m p\u0159in\u00e1\u0161\u00edm n\u011bjakou inspiraci, co vid\u011bt a d\u011blat v San Juanu.\" width=\"1000\" height=\"667\" srcset=\"https:\/\/1001voyagesgourmands.com\/wp-content\/uploads\/2018\/03\/San_Juan-15.jpg 1000w, https:\/\/1001voyagesgourmands.com\/wp-content\/uploads\/2018\/03\/San_Juan-15-300x200.jpg 300w, https:\/\/1001voyagesgourmands.com\/wp-content\/uploads\/2018\/03\/San_Juan-15-768x512.jpg 768w, https:\/\/1001voyagesgourmands.com\/wp-content\/uploads\/2018\/03\/San_Juan-15-585x390.jpg 585w, https:\/\/1001voyagesgourmands.com\/wp-content\/uploads\/2018\/03\/San_Juan-15-263x175.jpg 263w\" sizes=\"auto, (max-width: 1000px) 100vw, 1000px\" \/><\/p>\n<p><img loading=\"lazy\" decoding=\"async\" class=\"aligncenter size-full wp-image-20130\" src=\"http:\/\/1001voyagesgourmands.com\/wp-content\/uploads\/2018\/03\/San_Juan-38.jpg\" alt=\"Pokud se vyd\u00e1te do Portorika, pak s nejv\u011bt\u0161\u00ed p\u0159istanete pr\u00e1v\u011b v hlavn\u00edm m\u011bst\u011b. Ujist\u011bte se, \u017ee si zde vy\u010dlen\u00edte dost \u010dasu, i p\u0159estoze m\u00ed\u0159\u00edte n\u011bkam na pl\u00e1\u017e. V dne\u0161n\u00edm \u010dl\u00e1nku v\u00e1m p\u0159in\u00e1\u0161\u00edm n\u011bjakou inspiraci, co vid\u011bt a d\u011blat v San Juanu.\" width=\"1000\" height=\"667\" srcset=\"https:\/\/1001voyagesgourmands.com\/wp-content\/uploads\/2018\/03\/San_Juan-38.jpg 1000w, https:\/\/1001voyagesgourmands.com\/wp-content\/uploads\/2018\/03\/San_Juan-38-300x200.jpg 300w, https:\/\/1001voyagesgourmands.com\/wp-content\/uploads\/2018\/03\/San_Juan-38-768x512.jpg 768w, https:\/\/1001voyagesgourmands.com\/wp-content\/uploads\/2018\/03\/San_Juan-38-585x390.jpg 585w, https:\/\/1001voyagesgourmands.com\/wp-content\/uploads\/2018\/03\/San_Juan-38-263x175.jpg 263w\" sizes=\"auto, (max-width: 1000px) 100vw, 1000px\" \/><\/p>\n<p><img loading=\"lazy\" decoding=\"async\" class=\"aligncenter size-full wp-image-20078\" src=\"http:\/\/1001voyagesgourmands.com\/wp-content\/uploads\/2018\/03\/San_Juan-12.jpg\" alt=\"Pokud se vyd\u00e1te do Portorika, pak s nejv\u011bt\u0161\u00ed p\u0159istanete pr\u00e1v\u011b v hlavn\u00edm m\u011bst\u011b. Ujist\u011bte se, \u017ee si zde vy\u010dlen\u00edte dost \u010dasu, i p\u0159estoze m\u00ed\u0159\u00edte n\u011bkam na pl\u00e1\u017e. V dne\u0161n\u00edm \u010dl\u00e1nku v\u00e1m p\u0159in\u00e1\u0161\u00edm n\u011bjakou inspiraci, co vid\u011bt a d\u011blat v San Juanu.\" width=\"1000\" height=\"667\" srcset=\"https:\/\/1001voyagesgourmands.com\/wp-content\/uploads\/2018\/03\/San_Juan-12.jpg 1000w, https:\/\/1001voyagesgourmands.com\/wp-content\/uploads\/2018\/03\/San_Juan-12-300x200.jpg 300w, https:\/\/1001voyagesgourmands.com\/wp-content\/uploads\/2018\/03\/San_Juan-12-768x512.jpg 768w, https:\/\/1001voyagesgourmands.com\/wp-content\/uploads\/2018\/03\/San_Juan-12-585x390.jpg 585w, https:\/\/1001voyagesgourmands.com\/wp-content\/uploads\/2018\/03\/San_Juan-12-263x175.jpg 263w\" sizes=\"auto, (max-width: 1000px) 100vw, 1000px\" \/><\/p>\n<p><img loading=\"lazy\" decoding=\"async\" class=\"aligncenter wp-image-20074\" src=\"http:\/\/1001voyagesgourmands.com\/wp-content\/uploads\/2018\/03\/San_Juan-10-683x1024.jpg\" alt=\"Pokud se vyd\u00e1te do Portorika, pak s nejv\u011bt\u0161\u00ed p\u0159istanete pr\u00e1v\u011b v hlavn\u00edm m\u011bst\u011b. Ujist\u011bte se, \u017ee si zde vy\u010dlen\u00edte dost \u010dasu, i p\u0159estoze m\u00ed\u0159\u00edte n\u011bkam na pl\u00e1\u017e. V dne\u0161n\u00edm \u010dl\u00e1nku v\u00e1m p\u0159in\u00e1\u0161\u00edm n\u011bjakou inspiraci, co vid\u011bt a d\u011blat v San Juanu.\" width=\"784\" height=\"1175\" srcset=\"https:\/\/1001voyagesgourmands.com\/wp-content\/uploads\/2018\/03\/San_Juan-10-683x1024.jpg 683w, https:\/\/1001voyagesgourmands.com\/wp-content\/uploads\/2018\/03\/San_Juan-10-200x300.jpg 200w, https:\/\/1001voyagesgourmands.com\/wp-content\/uploads\/2018\/03\/San_Juan-10-768x1151.jpg 768w, https:\/\/1001voyagesgourmands.com\/wp-content\/uploads\/2018\/03\/San_Juan-10-585x877.jpg 585w, https:\/\/1001voyagesgourmands.com\/wp-content\/uploads\/2018\/03\/San_Juan-10.jpg 1000w\" sizes=\"auto, (max-width: 784px) 100vw, 784px\" \/><\/p>\n<p><img loading=\"lazy\" decoding=\"async\" class=\"aligncenter size-full wp-image-20082\" src=\"http:\/\/1001voyagesgourmands.com\/wp-content\/uploads\/2018\/03\/San_Juan-14.jpg\" alt=\"Pokud se vyd\u00e1te do Portorika, pak s nejv\u011bt\u0161\u00ed p\u0159istanete pr\u00e1v\u011b v hlavn\u00edm m\u011bst\u011b. Ujist\u011bte se, \u017ee si zde vy\u010dlen\u00edte dost \u010dasu, i p\u0159estoze m\u00ed\u0159\u00edte n\u011bkam na pl\u00e1\u017e. V dne\u0161n\u00edm \u010dl\u00e1nku v\u00e1m p\u0159in\u00e1\u0161\u00edm n\u011bjakou inspiraci, co vid\u011bt a d\u011blat v San Juanu.\" width=\"1000\" height=\"667\" srcset=\"https:\/\/1001voyagesgourmands.com\/wp-content\/uploads\/2018\/03\/San_Juan-14.jpg 1000w, https:\/\/1001voyagesgourmands.com\/wp-content\/uploads\/2018\/03\/San_Juan-14-300x200.jpg 300w, https:\/\/1001voyagesgourmands.com\/wp-content\/uploads\/2018\/03\/San_Juan-14-768x512.jpg 768w, https:\/\/1001voyagesgourmands.com\/wp-content\/uploads\/2018\/03\/San_Juan-14-585x390.jpg 585w, https:\/\/1001voyagesgourmands.com\/wp-content\/uploads\/2018\/03\/San_Juan-14-263x175.jpg 263w\" sizes=\"auto, (max-width: 1000px) 100vw, 1000px\" \/><\/p>\n<p><img loading=\"lazy\" decoding=\"async\" class=\"aligncenter size-full wp-image-20076\" src=\"http:\/\/1001voyagesgourmands.com\/wp-content\/uploads\/2018\/03\/San_Juan-11.jpg\" alt=\"Pokud se vyd\u00e1te do Portorika, pak s nejv\u011bt\u0161\u00ed p\u0159istanete pr\u00e1v\u011b v hlavn\u00edm m\u011bst\u011b. Ujist\u011bte se, \u017ee si zde vy\u010dlen\u00edte dost \u010dasu, i p\u0159estoze m\u00ed\u0159\u00edte n\u011bkam na pl\u00e1\u017e. V dne\u0161n\u00edm \u010dl\u00e1nku v\u00e1m p\u0159in\u00e1\u0161\u00edm n\u011bjakou inspiraci, co vid\u011bt a d\u011blat v San Juanu.\" width=\"1000\" height=\"667\" srcset=\"https:\/\/1001voyagesgourmands.com\/wp-content\/uploads\/2018\/03\/San_Juan-11.jpg 1000w, https:\/\/1001voyagesgourmands.com\/wp-content\/uploads\/2018\/03\/San_Juan-11-300x200.jpg 300w, https:\/\/1001voyagesgourmands.com\/wp-content\/uploads\/2018\/03\/San_Juan-11-768x512.jpg 768w, https:\/\/1001voyagesgourmands.com\/wp-content\/uploads\/2018\/03\/San_Juan-11-585x390.jpg 585w, https:\/\/1001voyagesgourmands.com\/wp-content\/uploads\/2018\/03\/San_Juan-11-263x175.jpg 263w\" sizes=\"auto, (max-width: 1000px) 100vw, 1000px\" \/><\/p>\n<p><img loading=\"lazy\" decoding=\"async\" class=\"aligncenter size-full wp-image-20116\" src=\"http:\/\/1001voyagesgourmands.com\/wp-content\/uploads\/2018\/03\/San_Juan-31.jpg\" alt=\"Pokud se vyd\u00e1te do Portorika, pak s nejv\u011bt\u0161\u00ed p\u0159istanete pr\u00e1v\u011b v hlavn\u00edm m\u011bst\u011b. Ujist\u011bte se, \u017ee si zde vy\u010dlen\u00edte dost \u010dasu, i p\u0159estoze m\u00ed\u0159\u00edte n\u011bkam na pl\u00e1\u017e. V dne\u0161n\u00edm \u010dl\u00e1nku v\u00e1m p\u0159in\u00e1\u0161\u00edm n\u011bjakou inspiraci, co vid\u011bt a d\u011blat v San Juanu.\" width=\"1000\" height=\"667\" srcset=\"https:\/\/1001voyagesgourmands.com\/wp-content\/uploads\/2018\/03\/San_Juan-31.jpg 1000w, https:\/\/1001voyagesgourmands.com\/wp-content\/uploads\/2018\/03\/San_Juan-31-300x200.jpg 300w, https:\/\/1001voyagesgourmands.com\/wp-content\/uploads\/2018\/03\/San_Juan-31-768x512.jpg 768w, https:\/\/1001voyagesgourmands.com\/wp-content\/uploads\/2018\/03\/San_Juan-31-585x390.jpg 585w, https:\/\/1001voyagesgourmands.com\/wp-content\/uploads\/2018\/03\/San_Juan-31-263x175.jpg 263w\" sizes=\"auto, (max-width: 1000px) 100vw, 1000px\" \/><\/p>\n<p>&nbsp;<\/p>\n<h4>Po stop\u00e1ch Despacito<\/h4>\n<p style=\"text-align: justify;\">Mezi pevnostmi El Morro a San Crist\u00f3bal se n\u00ed\u017ee p\u0159\u00edmo u pob\u0159e\u017e\u00ed Atlantiku rozl\u00e9h\u00e1 chud\u00e1, le\u010d barevn\u00e1 \u010dtvrt s n\u00e1zvem&nbsp;<strong>La Perla<\/strong>. Do t\u00e9 doby, ne\u017e tu Luis Fonsi s Daddy Yankee nato\u010dili <a href=\"https:\/\/www.youtube.com\/watch?v=kJQP7kiw5Fk\" target=\"_blank\" rel=\"noopener\">videoklip k p\u00edsni Despacito<\/a>, \u0161lo o nejnebezpe\u010dn\u011bj\u0161\u00ed m\u00edsto v cel\u00e9m Portoriku, kam se turist\u00e9 jen tak neodv\u00e1\u017eili. Ale jak m\u00e1lo sta\u010d\u00ed\u2026 postavte do t\u011bch ulic ladn\u011b se nakrucuj\u00edc\u00ed b\u00fdvalou Miss sv\u011bta Zuleyku Riveru a Luise Fonsiho, a z La Perly se r\u00e1zem stala nov\u00e1 turistick\u00e1 atrakce, z \u010deho\u017e si m\u00edstn\u00ed podniky jen libuj\u00ed.<\/p>\n<p><img loading=\"lazy\" decoding=\"async\" class=\"aligncenter size-full wp-image-20100\" src=\"http:\/\/1001voyagesgourmands.com\/wp-content\/uploads\/2018\/03\/San_Juan-23.jpg\" alt=\"Pokud se vyd\u00e1te do Portorika, pak s nejv\u011bt\u0161\u00ed p\u0159istanete pr\u00e1v\u011b v hlavn\u00edm m\u011bst\u011b. Ujist\u011bte se, \u017ee si zde vy\u010dlen\u00edte dost \u010dasu, i p\u0159estoze m\u00ed\u0159\u00edte n\u011bkam na pl\u00e1\u017e. V dne\u0161n\u00edm \u010dl\u00e1nku v\u00e1m p\u0159in\u00e1\u0161\u00edm n\u011bjakou inspiraci, co vid\u011bt a d\u011blat v San Juanu.\" width=\"1000\" height=\"667\" srcset=\"https:\/\/1001voyagesgourmands.com\/wp-content\/uploads\/2018\/03\/San_Juan-23.jpg 1000w, https:\/\/1001voyagesgourmands.com\/wp-content\/uploads\/2018\/03\/San_Juan-23-300x200.jpg 300w, https:\/\/1001voyagesgourmands.com\/wp-content\/uploads\/2018\/03\/San_Juan-23-768x512.jpg 768w, https:\/\/1001voyagesgourmands.com\/wp-content\/uploads\/2018\/03\/San_Juan-23-585x390.jpg 585w, https:\/\/1001voyagesgourmands.com\/wp-content\/uploads\/2018\/03\/San_Juan-23-263x175.jpg 263w\" sizes=\"auto, (max-width: 1000px) 100vw, 1000px\" \/><\/p>\n<p><img loading=\"lazy\" decoding=\"async\" class=\"aligncenter size-full wp-image-20102\" src=\"http:\/\/1001voyagesgourmands.com\/wp-content\/uploads\/2018\/03\/San_Juan-24.jpg\" alt=\"Pokud se vyd\u00e1te do Portorika, pak s nejv\u011bt\u0161\u00ed p\u0159istanete pr\u00e1v\u011b v hlavn\u00edm m\u011bst\u011b. Ujist\u011bte se, \u017ee si zde vy\u010dlen\u00edte dost \u010dasu, i p\u0159estoze m\u00ed\u0159\u00edte n\u011bkam na pl\u00e1\u017e. V dne\u0161n\u00edm \u010dl\u00e1nku v\u00e1m p\u0159in\u00e1\u0161\u00edm n\u011bjakou inspiraci, co vid\u011bt a d\u011blat v San Juanu.\" width=\"1000\" height=\"667\" srcset=\"https:\/\/1001voyagesgourmands.com\/wp-content\/uploads\/2018\/03\/San_Juan-24.jpg 1000w, https:\/\/1001voyagesgourmands.com\/wp-content\/uploads\/2018\/03\/San_Juan-24-300x200.jpg 300w, https:\/\/1001voyagesgourmands.com\/wp-content\/uploads\/2018\/03\/San_Juan-24-768x512.jpg 768w, https:\/\/1001voyagesgourmands.com\/wp-content\/uploads\/2018\/03\/San_Juan-24-585x390.jpg 585w, https:\/\/1001voyagesgourmands.com\/wp-content\/uploads\/2018\/03\/San_Juan-24-263x175.jpg 263w\" sizes=\"auto, (max-width: 1000px) 100vw, 1000px\" \/><\/p>\n<p><img loading=\"lazy\" decoding=\"async\" class=\"aligncenter size-full wp-image-20098\" src=\"http:\/\/1001voyagesgourmands.com\/wp-content\/uploads\/2018\/03\/San_Juan-22.jpg\" alt=\"Pokud se vyd\u00e1te do Portorika, pak s nejv\u011bt\u0161\u00ed p\u0159istanete pr\u00e1v\u011b v hlavn\u00edm m\u011bst\u011b. Ujist\u011bte se, \u017ee si zde vy\u010dlen\u00edte dost \u010dasu, i p\u0159estoze m\u00ed\u0159\u00edte n\u011bkam na pl\u00e1\u017e. V dne\u0161n\u00edm \u010dl\u00e1nku v\u00e1m p\u0159in\u00e1\u0161\u00edm n\u011bjakou inspiraci, co vid\u011bt a d\u011blat v San Juanu.\" width=\"1000\" height=\"667\" srcset=\"https:\/\/1001voyagesgourmands.com\/wp-content\/uploads\/2018\/03\/San_Juan-22.jpg 1000w, https:\/\/1001voyagesgourmands.com\/wp-content\/uploads\/2018\/03\/San_Juan-22-300x200.jpg 300w, https:\/\/1001voyagesgourmands.com\/wp-content\/uploads\/2018\/03\/San_Juan-22-768x512.jpg 768w, https:\/\/1001voyagesgourmands.com\/wp-content\/uploads\/2018\/03\/San_Juan-22-585x390.jpg 585w, https:\/\/1001voyagesgourmands.com\/wp-content\/uploads\/2018\/03\/San_Juan-22-263x175.jpg 263w\" sizes=\"auto, (max-width: 1000px) 100vw, 1000px\" \/><\/p>\n<p>&nbsp;<\/p>\n<h4>J\u00eddlo a rum<\/h4>\n<p style=\"text-align: justify;\">San Juan je tak\u00e9 <strong>gastronomick\u00e9 centrum Portorika<\/strong>, kde najdete plno dobr\u00fdch restaurac\u00ed. Tipy na to, co zde ochutnat nebo kam zaj\u00edt na j\u00eddlo, najdete v <a href=\"http:\/\/1001voyagesgourmands.com\/gastro-prochazka-san-juan-jidlo-portoriko\/\">m\u00e9 recenzi skv\u011bl\u00e9 a nau\u010dn\u00e9 foodie tour ve Star\u00e9m San Juanu<\/a>. A pokud se na ten \u010dl\u00e1nek neprokliknete, pak zkuste minim\u00e1ln\u011b to <strong>mofongo<\/strong>!<\/p>\n<p style=\"text-align: justify;\">Dal\u0161\u00ed v\u011bc, co si mus\u00edte v San Juanu d\u00e1t je (jak s chut\u00ed \u0159\u00edkaj\u00ed hrd\u00ed m\u00edstn\u00ed) portorik\u00e1nsk\u00fd d\u00e1rek sv\u011btu &#8211; nejde o nic jin\u00e9ho ne\u017e koktejl&nbsp;<strong>Pi\u00f1a Colada<\/strong>! Poprv\u00e9 ho zde v roce 1963 v restauraci Barrachina nam\u00edchal zn\u00e1m\u00fd barman Don Ram\u00f3n Portas Mingot s pou\u017eit\u00edm portorik\u00e1nsk\u00e9ho rumu Don Q.<\/p>\n<p style=\"text-align: justify;\">Produkce rumu je dnes d\u016fle\u017eitou sou\u010d\u00e1st\u00ed portorik\u00e1nsk\u00e9 ekonomiky a v San Juanu najdete i nejv\u011bt\u0161\u00ed rumov\u00fd lihovar na sv\u011bt\u011b: <a href=\"https:\/\/www3.bacardi.com\/casa-bacardi\/\" target=\"_blank\" rel=\"noopener\"><strong>Casa Bacard\u00ed<\/strong><\/a>. Jde o velkou turistickou atrakci (i kdy\u017e je p\u016fvodem z Kuby a sem se dostal a\u017e kdy\u017e za\u010dal Fidel Castro zn\u00e1rod\u0148ovat podniky).<\/p>\n<p><img loading=\"lazy\" decoding=\"async\" class=\"aligncenter size-full wp-image-20114\" src=\"http:\/\/1001voyagesgourmands.com\/wp-content\/uploads\/2018\/03\/San_Juan-30.jpg\" alt=\"Pokud se vyd\u00e1te do Portorika, pak s nejv\u011bt\u0161\u00ed p\u0159istanete pr\u00e1v\u011b v hlavn\u00edm m\u011bst\u011b. Ujist\u011bte se, \u017ee si zde vy\u010dlen\u00edte dost \u010dasu, i p\u0159estoze m\u00ed\u0159\u00edte n\u011bkam na pl\u00e1\u017e. V dne\u0161n\u00edm \u010dl\u00e1nku v\u00e1m p\u0159in\u00e1\u0161\u00edm n\u011bjakou inspiraci, co vid\u011bt a d\u011blat v San Juanu.\" width=\"1000\" height=\"667\" srcset=\"https:\/\/1001voyagesgourmands.com\/wp-content\/uploads\/2018\/03\/San_Juan-30.jpg 1000w, https:\/\/1001voyagesgourmands.com\/wp-content\/uploads\/2018\/03\/San_Juan-30-300x200.jpg 300w, https:\/\/1001voyagesgourmands.com\/wp-content\/uploads\/2018\/03\/San_Juan-30-768x512.jpg 768w, https:\/\/1001voyagesgourmands.com\/wp-content\/uploads\/2018\/03\/San_Juan-30-585x390.jpg 585w, https:\/\/1001voyagesgourmands.com\/wp-content\/uploads\/2018\/03\/San_Juan-30-263x175.jpg 263w\" sizes=\"auto, (max-width: 1000px) 100vw, 1000px\" \/><\/p>\n<p><img loading=\"lazy\" decoding=\"async\" class=\"aligncenter size-full wp-image-20150\" src=\"http:\/\/1001voyagesgourmands.com\/wp-content\/uploads\/2018\/03\/San_Juan-pina_colada.jpg\" alt=\"\" width=\"1000\" height=\"707\" srcset=\"https:\/\/1001voyagesgourmands.com\/wp-content\/uploads\/2018\/03\/San_Juan-pina_colada.jpg 1000w, https:\/\/1001voyagesgourmands.com\/wp-content\/uploads\/2018\/03\/San_Juan-pina_colada-300x212.jpg 300w, https:\/\/1001voyagesgourmands.com\/wp-content\/uploads\/2018\/03\/San_Juan-pina_colada-768x543.jpg 768w, https:\/\/1001voyagesgourmands.com\/wp-content\/uploads\/2018\/03\/San_Juan-pina_colada-585x414.jpg 585w\" sizes=\"auto, (max-width: 1000px) 100vw, 1000px\" \/><\/p>\n<p><img loading=\"lazy\" decoding=\"async\" class=\"aligncenter size-full wp-image-20138\" src=\"http:\/\/1001voyagesgourmands.com\/wp-content\/uploads\/2018\/03\/San_Juan-42.jpg\" alt=\"\" width=\"1000\" height=\"667\" srcset=\"https:\/\/1001voyagesgourmands.com\/wp-content\/uploads\/2018\/03\/San_Juan-42.jpg 1000w, https:\/\/1001voyagesgourmands.com\/wp-content\/uploads\/2018\/03\/San_Juan-42-300x200.jpg 300w, https:\/\/1001voyagesgourmands.com\/wp-content\/uploads\/2018\/03\/San_Juan-42-768x512.jpg 768w, https:\/\/1001voyagesgourmands.com\/wp-content\/uploads\/2018\/03\/San_Juan-42-585x390.jpg 585w, https:\/\/1001voyagesgourmands.com\/wp-content\/uploads\/2018\/03\/San_Juan-42-263x175.jpg 263w\" sizes=\"auto, (max-width: 1000px) 100vw, 1000px\" \/><\/p>\n<p>&nbsp;<\/p>\n<h4>Za hudbou a salsou<\/h4>\n<p style=\"text-align: justify;\">A a\u017e budete v dobr\u00e9 n\u00e1lad\u011b, je \u010das na n\u011bjakou hudbu a tanec! Pokud r\u00e1di tancujete salsu, pak zami\u0159te do baru <a href=\"http:\/\/www.nuyoricancafepr.com\/\" target=\"_blank\" rel=\"noopener\"><strong>Nuyorican Caf\u00e9<\/strong><\/a>. Tam se mi hezky sed\u011blo, poslouchalo \u017eivou muziku a pozorovalo tan\u010d\u00edc\u00ed polo profi p\u00e1ry (j\u00e1 m\u011bla bohu\u017eel s tancem \u00fatrum po \u0161l\u00e1pnut\u00ed na mo\u0159sk\u00e9ho je\u017eka na Culeb\u0159e). Ve \u010dtvrti Santurce najdete krom\u011b muze\u00ed a divadel tak\u00e9 trh na&nbsp;<strong>Placita de Santurce<\/strong>, kter\u00fd se ve\u010der m\u011bn\u00ed na \u017eiv\u00e9 m\u00edsto, kam lid\u00e9 chod\u00ed na sklenku.<\/p>\n<p><iframe loading=\"lazy\" width=\"1170\" height=\"658\" src=\"https:\/\/www.youtube.com\/embed\/w84GVIQK4g4?feature=oembed\" frameborder=\"0\" allow=\"autoplay; encrypted-media\" allowfullscreen><\/iframe><\/p>\n<p>&nbsp;<\/p>\n<h4>Na pl\u00e1\u017e<\/h4>\n<p style=\"text-align: justify;\">Ve \u010dtvrt\u00edch jako <strong>Condado, Ocean Park<\/strong> nebo<strong> Isla Verde<\/strong>&nbsp;najdete v\u011bt\u0161inu pl\u00e1\u017e\u00ed vhodn\u00fdch k plav\u00e1n\u00ed a surfov\u00e1n\u00ed &#8211; ov\u0161em Karibik to tady nen\u00ed, je\u0161t\u011b po\u0159\u00e1d jsme na pob\u0159e\u017e\u00ed Atlantiku. \ud83d\ude42 Nach\u00e1z\u00ed se tu tak\u00e9 plno hotelov\u00fdch komplex\u016f a luxusn\u00edch butik\u016f. Ov\u0161em pokud hled\u00e1te kr\u00e1sn\u00e9 karibsk\u00e9 pl\u00e1\u017ee, zami\u0159te rad\u011bji rovnou na ostrov <a href=\"http:\/\/1001voyagesgourmands.com\/ostrov-culebra-plazovy-raj-portorika-a-jak-si-tu-nezkazit-dovolenou\/\">Culebra<\/a> nebo <a href=\"http:\/\/1001voyagesgourmands.com\/ostrov-vieques-divoky-raj-portorika\/\">Vieques<\/a>.<\/p>\n<p><img loading=\"lazy\" decoding=\"async\" class=\"aligncenter size-full wp-image-20072\" src=\"http:\/\/1001voyagesgourmands.com\/wp-content\/uploads\/2018\/03\/San_Juan-9.jpg\" alt=\"Pokud se vyd\u00e1te do Portorika, pak s nejv\u011bt\u0161\u00ed p\u0159istanete pr\u00e1v\u011b v hlavn\u00edm m\u011bst\u011b. Ujist\u011bte se, \u017ee si zde vy\u010dlen\u00edte dost \u010dasu, i p\u0159estoze m\u00ed\u0159\u00edte n\u011bkam na pl\u00e1\u017e. V dne\u0161n\u00edm \u010dl\u00e1nku v\u00e1m p\u0159in\u00e1\u0161\u00edm n\u011bjakou inspiraci, co vid\u011bt a d\u011blat v San Juanu.\" width=\"1000\" height=\"667\" srcset=\"https:\/\/1001voyagesgourmands.com\/wp-content\/uploads\/2018\/03\/San_Juan-9.jpg 1000w, https:\/\/1001voyagesgourmands.com\/wp-content\/uploads\/2018\/03\/San_Juan-9-300x200.jpg 300w, https:\/\/1001voyagesgourmands.com\/wp-content\/uploads\/2018\/03\/San_Juan-9-768x512.jpg 768w, https:\/\/1001voyagesgourmands.com\/wp-content\/uploads\/2018\/03\/San_Juan-9-585x390.jpg 585w, https:\/\/1001voyagesgourmands.com\/wp-content\/uploads\/2018\/03\/San_Juan-9-263x175.jpg 263w\" sizes=\"auto, (max-width: 1000px) 100vw, 1000px\" \/><\/p>\n<p><img loading=\"lazy\" decoding=\"async\" class=\"aligncenter size-full wp-image-20146\" src=\"http:\/\/1001voyagesgourmands.com\/wp-content\/uploads\/2018\/03\/San_Juan-46.jpg\" alt=\"\" width=\"1000\" height=\"667\" srcset=\"https:\/\/1001voyagesgourmands.com\/wp-content\/uploads\/2018\/03\/San_Juan-46.jpg 1000w, https:\/\/1001voyagesgourmands.com\/wp-content\/uploads\/2018\/03\/San_Juan-46-300x200.jpg 300w, https:\/\/1001voyagesgourmands.com\/wp-content\/uploads\/2018\/03\/San_Juan-46-768x512.jpg 768w, https:\/\/1001voyagesgourmands.com\/wp-content\/uploads\/2018\/03\/San_Juan-46-585x390.jpg 585w, https:\/\/1001voyagesgourmands.com\/wp-content\/uploads\/2018\/03\/San_Juan-46-263x175.jpg 263w\" sizes=\"auto, (max-width: 1000px) 100vw, 1000px\" \/><\/p>\n<p><img loading=\"lazy\" decoding=\"async\" class=\"aligncenter size-full wp-image-20070\" src=\"http:\/\/1001voyagesgourmands.com\/wp-content\/uploads\/2018\/03\/San_Juan-8.jpg\" alt=\"Pokud se vyd\u00e1te do Portorika, pak s nejv\u011bt\u0161\u00ed p\u0159istanete pr\u00e1v\u011b v hlavn\u00edm m\u011bst\u011b. Ujist\u011bte se, \u017ee si zde vy\u010dlen\u00edte dost \u010dasu, i p\u0159estoze m\u00ed\u0159\u00edte n\u011bkam na pl\u00e1\u017e. V dne\u0161n\u00edm \u010dl\u00e1nku v\u00e1m p\u0159in\u00e1\u0161\u00edm n\u011bjakou inspiraci, co vid\u011bt a d\u011blat v San Juanu.\" width=\"1000\" height=\"667\" srcset=\"https:\/\/1001voyagesgourmands.com\/wp-content\/uploads\/2018\/03\/San_Juan-8.jpg 1000w, https:\/\/1001voyagesgourmands.com\/wp-content\/uploads\/2018\/03\/San_Juan-8-300x200.jpg 300w, https:\/\/1001voyagesgourmands.com\/wp-content\/uploads\/2018\/03\/San_Juan-8-768x512.jpg 768w, https:\/\/1001voyagesgourmands.com\/wp-content\/uploads\/2018\/03\/San_Juan-8-585x390.jpg 585w, https:\/\/1001voyagesgourmands.com\/wp-content\/uploads\/2018\/03\/San_Juan-8-263x175.jpg 263w\" sizes=\"auto, (max-width: 1000px) 100vw, 1000px\" \/><\/p>\n<p>&nbsp;<\/p>\n<h4>Jednodenn\u00ed v\u00fdlet do pralesa<\/h4>\n<p style=\"text-align: justify;\">A\u017e budete m\u00edt m\u011bsto prozkouman\u00e9, m\u016f\u017eete si ud\u011blat jednodenn\u00ed v\u00fdlet do <strong>de\u0161tn\u00e9ho pralesa El Yunque<\/strong>, o kter\u00e9m jsem psala <a href=\"http:\/\/1001voyagesgourmands.com\/portoriko-plaze-luquillo-destny-prales-el-yunque\/\">zde<\/a>.<\/p>\n<p><img loading=\"lazy\" decoding=\"async\" class=\"aligncenter  wp-image-17091\" src=\"http:\/\/1001voyagesgourmands.com\/wp-content\/uploads\/2017\/06\/Luquillo_beaches_el_yunque_national_forest-9-683x1024.jpg\" alt=\"La Mina Falls, El Yunque\" width=\"835\" height=\"1252\" srcset=\"https:\/\/1001voyagesgourmands.com\/wp-content\/uploads\/2017\/06\/Luquillo_beaches_el_yunque_national_forest-9-683x1024.jpg 683w, https:\/\/1001voyagesgourmands.com\/wp-content\/uploads\/2017\/06\/Luquillo_beaches_el_yunque_national_forest-9-200x300.jpg 200w, https:\/\/1001voyagesgourmands.com\/wp-content\/uploads\/2017\/06\/Luquillo_beaches_el_yunque_national_forest-9-768x1152.jpg 768w, https:\/\/1001voyagesgourmands.com\/wp-content\/uploads\/2017\/06\/Luquillo_beaches_el_yunque_national_forest-9-585x878.jpg 585w, https:\/\/1001voyagesgourmands.com\/wp-content\/uploads\/2017\/06\/Luquillo_beaches_el_yunque_national_forest-9.jpg 1000w\" sizes=\"auto, (max-width: 835px) 100vw, 835px\" \/><\/p>\n<p>&nbsp;<\/p>\n<hr>\n<p>&nbsp;<\/p>\n<p style=\"text-align: justify;\">To by bylo k San Juanu v\u0161e. Douf\u00e1m, \u017ee se v\u00e1m fotky a \u010dl\u00e1nek l\u00edbily, a pokud ano, tak budu r\u00e1da za dal\u0161\u00ed sd\u00edlen\u00ed!<\/p>\n<p>V\u00edce informac\u00ed na str\u00e1nk\u00e1ch turistick\u00e9ho informa\u010dn\u00edho centra San Juanu: <strong><a href=\"https:\/\/sanjuanpuertorico.com\/\">sanjuanpuertorico.com<\/a><\/strong><\/p>\n<p style=\"text-align: justify;\">Kdo se do Portorika chyst\u00e1te, ostatn\u00ed \u010dl\u00e1nky z t\u00e9ty perly Karibiku najdete <strong><a href=\"http:\/\/1001voyagesgourmands.com\/category\/cestovani\/portoriko\/\">zde<\/a><\/strong>.<\/p>\n<p style=\"text-align: justify;\">Byli jste n\u011bkdo v San Juanu? Jak\u00e9 byly dojmy? M\u00e1te n\u011bjak\u00e9 obl\u00edben\u00e9 m\u011bsto v Karibiku? Pod\u011blte se o sv\u00e9 koment\u00e1\u0159e pod textem, r\u00e1da zodpov\u00edm i jak\u00e9koliv ot\u00e1zky, pokud to bude v m\u00fdch sil\u00e1ch. \ud83d\ude42&nbsp;<\/p>\n<p>&nbsp;<\/p>\n<p style=\"text-align: center;\"><strong>PIN IT!<\/strong><\/p>\n<p><img loading=\"lazy\" decoding=\"async\" class=\"aligncenter wp-image-20178\" src=\"http:\/\/1001voyagesgourmands.com\/wp-content\/uploads\/2018\/03\/San_Juan-PIN_cs-683x1024.jpg\" alt=\"Pokud se vyd\u00e1te do Portorika, pak s nejv\u011bt\u0161\u00ed p\u0159istanete pr\u00e1v\u011b v hlavn\u00edm m\u011bst\u011b. Ujist\u011bte se, \u017ee si zde vy\u010dlen\u00edte dost \u010dasu, i p\u0159estoze m\u00ed\u0159\u00edte n\u011bkam na pl\u00e1\u017e. V dne\u0161n\u00edm \u010dl\u00e1nku v\u00e1m p\u0159in\u00e1\u0161\u00edm n\u011bjakou inspiraci, co vid\u011bt a d\u011blat v San Juanu.\" width=\"502\" height=\"755\"><\/p>\n","protected":false},"excerpt":{"rendered":"<p>Hlavn\u00ed m\u011bsto Portorika bylo zalo\u017eeno v roce 1521 \u0161pan\u011blsk\u00fdmi dobyvateli. Jde tak o druh\u00e9 nejstar\u0161\u00ed m\u011bsto Karibiku (po Santu Domingu v Dominik\u00e1nsk\u00e9 republice) a v\u016fbec nejstar\u0161\u00ed m\u011bsto v Severn\u00ed Americe.&nbsp;Jeliko\u017e byl San Juan prvn\u00ed m\u011bsto, kter\u00e9 dobyvatelsk\u00e9 lod\u011b z Evropy potk\u00e1valy na sv\u00fdch cest\u00e1ch do Ameriky, a t\u00edm p\u00e1dem velice&hellip;<\/p>\n","protected":false},"author":1,"featured_media":20116,"comment_status":"open","ping_status":"open","sticky":false,"template":"","format":"standard","meta":{"_exactmetrics_skip_tracking":false,"_exactmetrics_sitenote_active":false,"_exactmetrics_sitenote_note":"","_exactmetrics_sitenote_category":0,"_lmt_disableupdate":"","_lmt_disable":"","footnotes":""},"categories":[4,517],"tags":[518,328],"class_list":["post-20052","post","type-post","status-publish","format-standard","has-post-thumbnail","hentry","category-cestovani","category-portoriko","tag-portoriko","tag-vylety-do-mesta"],"yoast_head":"<!-- This site is optimized with the Yoast SEO plugin v26.1.1 - https:\/\/yoast.com\/wordpress\/plugins\/seo\/ -->\n<title>San Juan: barevn\u00e1 sm\u011bs \u017eivota, hudby a historie - 1001 Voyages Gourmands<\/title>\n<meta name=\"description\" content=\"Pokud se vyd\u00e1te do Portorika, pak s nejv\u011bt\u0161\u00ed p\u0159istanete pr\u00e1v\u011b v hlavn\u00edm m\u011bst\u011b. Ujist\u011bte se, \u017ee si zde vy\u010dlen\u00edte dost \u010dasu, i p\u0159estoze m\u00ed\u0159\u00edte n\u011bkam na pl\u00e1\u017e. V dne\u0161n\u00edm \u010dl\u00e1nku v\u00e1m p\u0159in\u00e1\u0161\u00edm n\u011bjakou inspiraci, co vid\u011bt a d\u011blat v San Juanu.\" \/>\n<meta name=\"robots\" content=\"index, follow, max-snippet:-1, max-image-preview:large, max-video-preview:-1\" \/>\n<link rel=\"canonical\" href=\"https:\/\/1001voyagesgourmands.com\/cs\/san-juan-barevna-smes-zivota-hudby-a-historie\/\" \/>\n<meta property=\"og:locale\" content=\"cs_CZ\" \/>\n<meta property=\"og:type\" content=\"article\" \/>\n<meta property=\"og:title\" content=\"San Juan: barevn\u00e1 sm\u011bs \u017eivota, hudby a historie - 1001 Voyages Gourmands\" \/>\n<meta property=\"og:description\" content=\"Pokud se vyd\u00e1te do Portorika, pak s nejv\u011bt\u0161\u00ed p\u0159istanete pr\u00e1v\u011b v hlavn\u00edm m\u011bst\u011b. Ujist\u011bte se, \u017ee si zde vy\u010dlen\u00edte dost \u010dasu, i p\u0159estoze m\u00ed\u0159\u00edte n\u011bkam na pl\u00e1\u017e. V dne\u0161n\u00edm \u010dl\u00e1nku v\u00e1m p\u0159in\u00e1\u0161\u00edm n\u011bjakou inspiraci, co vid\u011bt a d\u011blat v San Juanu.\" \/>\n<meta property=\"og:url\" content=\"https:\/\/1001voyagesgourmands.com\/cs\/san-juan-barevna-smes-zivota-hudby-a-historie\/\" \/>\n<meta property=\"og:site_name\" content=\"1001 Voyages Gourmands\" \/>\n<meta property=\"article:publisher\" content=\"https:\/\/www.facebook.com\/1001voyagesgourmands\" \/>\n<meta property=\"article:published_time\" content=\"2018-03-25T21:55:41+00:00\" \/>\n<meta property=\"article:modified_time\" content=\"2018-03-27T06:52:36+00:00\" \/>\n<meta property=\"og:image\" content=\"https:\/\/1001voyagesgourmands.com\/wp-content\/uploads\/2018\/03\/San_Juan-31.jpg\" \/>\n\t<meta property=\"og:image:width\" content=\"1000\" \/>\n\t<meta property=\"og:image:height\" content=\"667\" \/>\n\t<meta property=\"og:image:type\" content=\"image\/jpeg\" \/>\n<meta name=\"author\" content=\"Michaela\" \/>\n<meta name=\"twitter:card\" content=\"summary_large_image\" \/>\n<meta name=\"twitter:creator\" content=\"@michaela_1001vg\" \/>\n<meta name=\"twitter:site\" content=\"@michaela_1001vg\" \/>\n<meta name=\"twitter:label1\" content=\"Napsal(a)\" \/>\n\t<meta name=\"twitter:data1\" content=\"Michaela\" \/>\n\t<meta name=\"twitter:label2\" content=\"Odhadovan\u00e1 doba \u010dten\u00ed\" \/>\n\t<meta name=\"twitter:data2\" content=\"7 minut\" \/>\n<script type=\"application\/ld+json\" class=\"yoast-schema-graph\">{\"@context\":\"https:\/\/schema.org\",\"@graph\":[{\"@type\":\"WebPage\",\"@id\":\"https:\/\/1001voyagesgourmands.com\/cs\/san-juan-barevna-smes-zivota-hudby-a-historie\/\",\"url\":\"https:\/\/1001voyagesgourmands.com\/cs\/san-juan-barevna-smes-zivota-hudby-a-historie\/\",\"name\":\"San Juan: barevn\u00e1 sm\u011bs \u017eivota, hudby a historie - 1001 Voyages Gourmands\",\"isPartOf\":{\"@id\":\"https:\/\/1001voyagesgourmands.com\/cs\/#website\"},\"primaryImageOfPage\":{\"@id\":\"https:\/\/1001voyagesgourmands.com\/cs\/san-juan-barevna-smes-zivota-hudby-a-historie\/#primaryimage\"},\"image\":{\"@id\":\"https:\/\/1001voyagesgourmands.com\/cs\/san-juan-barevna-smes-zivota-hudby-a-historie\/#primaryimage\"},\"thumbnailUrl\":\"https:\/\/1001voyagesgourmands.com\/wp-content\/uploads\/2018\/03\/San_Juan-31.jpg\",\"datePublished\":\"2018-03-25T21:55:41+00:00\",\"dateModified\":\"2018-03-27T06:52:36+00:00\",\"author\":{\"@id\":\"https:\/\/1001voyagesgourmands.com\/cs\/#\/schema\/person\/62e0e7238fcf7482b23bf83e1b72ff1b\"},\"description\":\"Pokud se vyd\u00e1te do Portorika, pak s nejv\u011bt\u0161\u00ed p\u0159istanete pr\u00e1v\u011b v hlavn\u00edm m\u011bst\u011b. Ujist\u011bte se, \u017ee si zde vy\u010dlen\u00edte dost \u010dasu, i p\u0159estoze m\u00ed\u0159\u00edte n\u011bkam na pl\u00e1\u017e. V dne\u0161n\u00edm \u010dl\u00e1nku v\u00e1m p\u0159in\u00e1\u0161\u00edm n\u011bjakou inspiraci, co vid\u011bt a d\u011blat v San Juanu.\",\"breadcrumb\":{\"@id\":\"https:\/\/1001voyagesgourmands.com\/cs\/san-juan-barevna-smes-zivota-hudby-a-historie\/#breadcrumb\"},\"inLanguage\":\"cs\",\"potentialAction\":[{\"@type\":\"ReadAction\",\"target\":[\"https:\/\/1001voyagesgourmands.com\/cs\/san-juan-barevna-smes-zivota-hudby-a-historie\/\"]}]},{\"@type\":\"ImageObject\",\"inLanguage\":\"cs\",\"@id\":\"https:\/\/1001voyagesgourmands.com\/cs\/san-juan-barevna-smes-zivota-hudby-a-historie\/#primaryimage\",\"url\":\"https:\/\/1001voyagesgourmands.com\/wp-content\/uploads\/2018\/03\/San_Juan-31.jpg\",\"contentUrl\":\"https:\/\/1001voyagesgourmands.com\/wp-content\/uploads\/2018\/03\/San_Juan-31.jpg\",\"width\":1000,\"height\":667,\"caption\":\"Pokud se vyd\u00e1te do Portorika, pak s nejv\u011bt\u0161\u00ed p\u0159istanete pr\u00e1v\u011b v hlavn\u00edm m\u011bst\u011b. Ujist\u011bte se, \u017ee si zde vy\u010dlen\u00edte dost \u010dasu, i p\u0159estoze m\u00ed\u0159\u00edte n\u011bkam na pl\u00e1\u017e. V dne\u0161n\u00edm \u010dl\u00e1nku v\u00e1m p\u0159in\u00e1\u0161\u00edm n\u011bjakou inspiraci, co vid\u011bt a d\u011blat v San Juanu.\"},{\"@type\":\"BreadcrumbList\",\"@id\":\"https:\/\/1001voyagesgourmands.com\/cs\/san-juan-barevna-smes-zivota-hudby-a-historie\/#breadcrumb\",\"itemListElement\":[{\"@type\":\"ListItem\",\"position\":1,\"name\":\"Dom\u016f\",\"item\":\"https:\/\/1001voyagesgourmands.com\/cs\/\"},{\"@type\":\"ListItem\",\"position\":2,\"name\":\"San Juan: barevn\u00e1 sm\u011bs \u017eivota, hudby a historie\"}]},{\"@type\":\"WebSite\",\"@id\":\"https:\/\/1001voyagesgourmands.com\/cs\/#website\",\"url\":\"https:\/\/1001voyagesgourmands.com\/cs\/\",\"name\":\"1001 Voyages Gourmands\",\"description\":\"Food | Travel | Photography\",\"potentialAction\":[{\"@type\":\"SearchAction\",\"target\":{\"@type\":\"EntryPoint\",\"urlTemplate\":\"https:\/\/1001voyagesgourmands.com\/cs\/?s={search_term_string}\"},\"query-input\":{\"@type\":\"PropertyValueSpecification\",\"valueRequired\":true,\"valueName\":\"search_term_string\"}}],\"inLanguage\":\"cs\"},{\"@type\":\"Person\",\"@id\":\"https:\/\/1001voyagesgourmands.com\/cs\/#\/schema\/person\/62e0e7238fcf7482b23bf83e1b72ff1b\",\"name\":\"Michaela\",\"image\":{\"@type\":\"ImageObject\",\"inLanguage\":\"cs\",\"@id\":\"https:\/\/1001voyagesgourmands.com\/cs\/#\/schema\/person\/image\/\",\"url\":\"https:\/\/secure.gravatar.com\/avatar\/73fa562a5b0ce269ca480f67de504b8ecac054a121d170e226f1b79e02024cb8?s=96&d=mm&r=g\",\"contentUrl\":\"https:\/\/secure.gravatar.com\/avatar\/73fa562a5b0ce269ca480f67de504b8ecac054a121d170e226f1b79e02024cb8?s=96&d=mm&r=g\",\"caption\":\"Michaela\"},\"sameAs\":[\"http:\/\/1001voyagesgourmands.com\"]}]}<\/script>\n<!-- \/ Yoast SEO plugin. -->","yoast_head_json":{"title":"San Juan: barevn\u00e1 sm\u011bs \u017eivota, hudby a historie - 1001 Voyages Gourmands","description":"Pokud se vyd\u00e1te do Portorika, pak s nejv\u011bt\u0161\u00ed p\u0159istanete pr\u00e1v\u011b v hlavn\u00edm m\u011bst\u011b. Ujist\u011bte se, \u017ee si zde vy\u010dlen\u00edte dost \u010dasu, i p\u0159estoze m\u00ed\u0159\u00edte n\u011bkam na pl\u00e1\u017e. V dne\u0161n\u00edm \u010dl\u00e1nku v\u00e1m p\u0159in\u00e1\u0161\u00edm n\u011bjakou inspiraci, co vid\u011bt a d\u011blat v San Juanu.","robots":{"index":"index","follow":"follow","max-snippet":"max-snippet:-1","max-image-preview":"max-image-preview:large","max-video-preview":"max-video-preview:-1"},"canonical":"https:\/\/1001voyagesgourmands.com\/cs\/san-juan-barevna-smes-zivota-hudby-a-historie\/","og_locale":"cs_CZ","og_type":"article","og_title":"San Juan: barevn\u00e1 sm\u011bs \u017eivota, hudby a historie - 1001 Voyages Gourmands","og_description":"Pokud se vyd\u00e1te do Portorika, pak s nejv\u011bt\u0161\u00ed p\u0159istanete pr\u00e1v\u011b v hlavn\u00edm m\u011bst\u011b. Ujist\u011bte se, \u017ee si zde vy\u010dlen\u00edte dost \u010dasu, i p\u0159estoze m\u00ed\u0159\u00edte n\u011bkam na pl\u00e1\u017e. V dne\u0161n\u00edm \u010dl\u00e1nku v\u00e1m p\u0159in\u00e1\u0161\u00edm n\u011bjakou inspiraci, co vid\u011bt a d\u011blat v San Juanu.","og_url":"https:\/\/1001voyagesgourmands.com\/cs\/san-juan-barevna-smes-zivota-hudby-a-historie\/","og_site_name":"1001 Voyages Gourmands","article_publisher":"https:\/\/www.facebook.com\/1001voyagesgourmands","article_published_time":"2018-03-25T21:55:41+00:00","article_modified_time":"2018-03-27T06:52:36+00:00","og_image":[{"width":1000,"height":667,"url":"https:\/\/1001voyagesgourmands.com\/wp-content\/uploads\/2018\/03\/San_Juan-31.jpg","type":"image\/jpeg"}],"author":"Michaela","twitter_card":"summary_large_image","twitter_creator":"@michaela_1001vg","twitter_site":"@michaela_1001vg","twitter_misc":{"Napsal(a)":"Michaela","Odhadovan\u00e1 doba \u010dten\u00ed":"7 minut"},"schema":{"@context":"https:\/\/schema.org","@graph":[{"@type":"WebPage","@id":"https:\/\/1001voyagesgourmands.com\/cs\/san-juan-barevna-smes-zivota-hudby-a-historie\/","url":"https:\/\/1001voyagesgourmands.com\/cs\/san-juan-barevna-smes-zivota-hudby-a-historie\/","name":"San Juan: barevn\u00e1 sm\u011bs \u017eivota, hudby a historie - 1001 Voyages Gourmands","isPartOf":{"@id":"https:\/\/1001voyagesgourmands.com\/cs\/#website"},"primaryImageOfPage":{"@id":"https:\/\/1001voyagesgourmands.com\/cs\/san-juan-barevna-smes-zivota-hudby-a-historie\/#primaryimage"},"image":{"@id":"https:\/\/1001voyagesgourmands.com\/cs\/san-juan-barevna-smes-zivota-hudby-a-historie\/#primaryimage"},"thumbnailUrl":"https:\/\/1001voyagesgourmands.com\/wp-content\/uploads\/2018\/03\/San_Juan-31.jpg","datePublished":"2018-03-25T21:55:41+00:00","dateModified":"2018-03-27T06:52:36+00:00","author":{"@id":"https:\/\/1001voyagesgourmands.com\/cs\/#\/schema\/person\/62e0e7238fcf7482b23bf83e1b72ff1b"},"description":"Pokud se vyd\u00e1te do Portorika, pak s nejv\u011bt\u0161\u00ed p\u0159istanete pr\u00e1v\u011b v hlavn\u00edm m\u011bst\u011b. Ujist\u011bte se, \u017ee si zde vy\u010dlen\u00edte dost \u010dasu, i p\u0159estoze m\u00ed\u0159\u00edte n\u011bkam na pl\u00e1\u017e. V dne\u0161n\u00edm \u010dl\u00e1nku v\u00e1m p\u0159in\u00e1\u0161\u00edm n\u011bjakou inspiraci, co vid\u011bt a d\u011blat v San Juanu.","breadcrumb":{"@id":"https:\/\/1001voyagesgourmands.com\/cs\/san-juan-barevna-smes-zivota-hudby-a-historie\/#breadcrumb"},"inLanguage":"cs","potentialAction":[{"@type":"ReadAction","target":["https:\/\/1001voyagesgourmands.com\/cs\/san-juan-barevna-smes-zivota-hudby-a-historie\/"]}]},{"@type":"ImageObject","inLanguage":"cs","@id":"https:\/\/1001voyagesgourmands.com\/cs\/san-juan-barevna-smes-zivota-hudby-a-historie\/#primaryimage","url":"https:\/\/1001voyagesgourmands.com\/wp-content\/uploads\/2018\/03\/San_Juan-31.jpg","contentUrl":"https:\/\/1001voyagesgourmands.com\/wp-content\/uploads\/2018\/03\/San_Juan-31.jpg","width":1000,"height":667,"caption":"Pokud se vyd\u00e1te do Portorika, pak s nejv\u011bt\u0161\u00ed p\u0159istanete pr\u00e1v\u011b v hlavn\u00edm m\u011bst\u011b. Ujist\u011bte se, \u017ee si zde vy\u010dlen\u00edte dost \u010dasu, i p\u0159estoze m\u00ed\u0159\u00edte n\u011bkam na pl\u00e1\u017e. V dne\u0161n\u00edm \u010dl\u00e1nku v\u00e1m p\u0159in\u00e1\u0161\u00edm n\u011bjakou inspiraci, co vid\u011bt a d\u011blat v San Juanu."},{"@type":"BreadcrumbList","@id":"https:\/\/1001voyagesgourmands.com\/cs\/san-juan-barevna-smes-zivota-hudby-a-historie\/#breadcrumb","itemListElement":[{"@type":"ListItem","position":1,"name":"Dom\u016f","item":"https:\/\/1001voyagesgourmands.com\/cs\/"},{"@type":"ListItem","position":2,"name":"San Juan: barevn\u00e1 sm\u011bs \u017eivota, hudby a historie"}]},{"@type":"WebSite","@id":"https:\/\/1001voyagesgourmands.com\/cs\/#website","url":"https:\/\/1001voyagesgourmands.com\/cs\/","name":"1001 Voyages Gourmands","description":"Food | Travel | Photography","potentialAction":[{"@type":"SearchAction","target":{"@type":"EntryPoint","urlTemplate":"https:\/\/1001voyagesgourmands.com\/cs\/?s={search_term_string}"},"query-input":{"@type":"PropertyValueSpecification","valueRequired":true,"valueName":"search_term_string"}}],"inLanguage":"cs"},{"@type":"Person","@id":"https:\/\/1001voyagesgourmands.com\/cs\/#\/schema\/person\/62e0e7238fcf7482b23bf83e1b72ff1b","name":"Michaela","image":{"@type":"ImageObject","inLanguage":"cs","@id":"https:\/\/1001voyagesgourmands.com\/cs\/#\/schema\/person\/image\/","url":"https:\/\/secure.gravatar.com\/avatar\/73fa562a5b0ce269ca480f67de504b8ecac054a121d170e226f1b79e02024cb8?s=96&d=mm&r=g","contentUrl":"https:\/\/secure.gravatar.com\/avatar\/73fa562a5b0ce269ca480f67de504b8ecac054a121d170e226f1b79e02024cb8?s=96&d=mm&r=g","caption":"Michaela"},"sameAs":["http:\/\/1001voyagesgourmands.com"]}]}},"_links":{"self":[{"href":"https:\/\/1001voyagesgourmands.com\/cs\/wp-json\/wp\/v2\/posts\/20052","targetHints":{"allow":["GET"]}}],"collection":[{"href":"https:\/\/1001voyagesgourmands.com\/cs\/wp-json\/wp\/v2\/posts"}],"about":[{"href":"https:\/\/1001voyagesgourmands.com\/cs\/wp-json\/wp\/v2\/types\/post"}],"author":[{"embeddable":true,"href":"https:\/\/1001voyagesgourmands.com\/cs\/wp-json\/wp\/v2\/users\/1"}],"replies":[{"embeddable":true,"href":"https:\/\/1001voyagesgourmands.com\/cs\/wp-json\/wp\/v2\/comments?post=20052"}],"version-history":[{"count":0,"href":"https:\/\/1001voyagesgourmands.com\/cs\/wp-json\/wp\/v2\/posts\/20052\/revisions"}],"wp:featuredmedia":[{"embeddable":true,"href":"https:\/\/1001voyagesgourmands.com\/cs\/wp-json\/wp\/v2\/media\/20116"}],"wp:attachment":[{"href":"https:\/\/1001voyagesgourmands.com\/cs\/wp-json\/wp\/v2\/media?parent=20052"}],"wp:term":[{"taxonomy":"category","embeddable":true,"href":"https:\/\/1001voyagesgourmands.com\/cs\/wp-json\/wp\/v2\/categories?post=20052"},{"taxonomy":"post_tag","embeddable":true,"href":"https:\/\/1001voyagesgourmands.com\/cs\/wp-json\/wp\/v2\/tags?post=20052"}],"curies":[{"name":"wp","href":"https:\/\/api.w.org\/{rel}","templated":true}]}}