{"id":19840,"date":"2018-03-16T08:58:16","date_gmt":"2018-03-16T07:58:16","guid":{"rendered":"http:\/\/1001voyagesgourmands.com\/?p=19840"},"modified":"2020-12-02T12:18:52","modified_gmt":"2020-12-02T11:18:52","slug":"salon-cokolady-v-bruselu","status":"publish","type":"post","link":"https:\/\/1001voyagesgourmands.com\/cs\/salon-cokolady-v-bruselu\/","title":{"rendered":"Salon \u010dokol\u00e1dy v Bruselu"},"content":{"rendered":"<p style=\"text-align: justify;\">Ve dnech 2.-4. b\u0159ezna 2018 se bruselsk\u00e9 v\u00fdstavn\u00ed prostory<strong> Tour&nbsp;&amp; Taxis<\/strong> doslova prom\u011bnily v \u010dokol\u00e1dov\u00fd r\u00e1j &#8211; konal se tu toti\u017e p\u00e1t\u00fd ro\u010dn\u00edk veletrhu \u010dokol\u00e1dy <strong>Salon du Chocolat<\/strong>. Na plo\u0161e o zhruba 8000 m<sup>2<\/sup> se tak 25 tis\u00edc\u016fm n\u00e1v\u0161t\u011bvn\u00edk\u016f p\u0159edstavilo v\u00edce jak 130 zn\u00e1m\u00fdch i m\u00e9n\u011b zn\u00e1m\u00fdch tv\u016frc\u016f \u010dokol\u00e1dov\u00fdch pralinek, cukr\u00e1\u0159\u016f a v\u00fdrobc\u016f \u010dokol\u00e1dy a pochutin zhn\u011bd\u00e9ho zlata ve v\u0161ech form\u00e1ch. Nechyb\u011bli zde ani producenti kakaov\u00fdch bob\u016f z Peru, Bol\u00edvie, nebo t\u0159eba Vietnamu. N\u00e1v\u0161t\u011bvn\u00edci se mohli z\u00fa\u010dastnit nejen ochutn\u00e1vek, ale i r\u016fzn\u00fdch doprovodn\u00fdch animac\u00ed, konferenc\u00ed \u010di \u0159emesln\u00fdch d\u00edlen v\u011bnovan\u00fdch \u010dokol\u00e1d\u011b a kakau. T\u00e9ma leto\u0161n\u00edho ro\u010dn\u00edku bylo <em>&#8222;\u010cokol\u00e1da a kakao: Jedno velk\u00e9 dobrodru\u017estv\u00ed&#8220;<\/em>.<\/p>\n<p><img loading=\"lazy\" decoding=\"async\" class=\"aligncenter size-full wp-image-19873\" src=\"http:\/\/1001voyagesgourmands.com\/wp-content\/uploads\/2018\/03\/Salon_du_chocolat-12.jpg\" alt=\"Salon du Chocolat neboli Salon \u010dokol\u00e1dy v Bruselu je t\u0159\u00eddenn\u00ed veletrh v\u011bnovan\u00fd \u010dokol\u00e1d\u011b. Krom\u011b ochutn\u00e1vek, demonstrac\u00ed, d\u00edlen a vzd\u011bl\u00e1vac\u00edch aktivit v\u00e1s tu \u010dek\u00e1 tak\u00e9 m\u00f3dn\u00ed p\u0159ehl\u00eddka \u0161at\u016f z \u010dokol\u00e1dy! V tomto \u010dl\u00e1nku v\u00e1m pov\u00edm v\u00edce o tom, jak\u00fd byl leto\u0161n\u00ed ro\u010dn\u00edk.\" width=\"1000\" height=\"667\" srcset=\"https:\/\/1001voyagesgourmands.com\/wp-content\/uploads\/2018\/03\/Salon_du_chocolat-12.jpg 1000w, https:\/\/1001voyagesgourmands.com\/wp-content\/uploads\/2018\/03\/Salon_du_chocolat-12-300x200.jpg 300w, https:\/\/1001voyagesgourmands.com\/wp-content\/uploads\/2018\/03\/Salon_du_chocolat-12-768x512.jpg 768w, https:\/\/1001voyagesgourmands.com\/wp-content\/uploads\/2018\/03\/Salon_du_chocolat-12-585x390.jpg 585w, https:\/\/1001voyagesgourmands.com\/wp-content\/uploads\/2018\/03\/Salon_du_chocolat-12-263x175.jpg 263w\" sizes=\"auto, (max-width: 1000px) 100vw, 1000px\" \/><\/p>\n<p>&nbsp;<\/p>\n<p style=\"text-align: justify;\">Jinak tenhle bruselsk\u00fd salon \u010dokol\u00e1dy je men\u0161\u00ed obdobou <strong>Salon du Chocolat v Pa\u0159\u00ed\u017ei<\/strong>, o kter\u00e9m jsem psala <strong><a href=\"http:\/\/1001voyagesgourmands.com\/salon-cokolady-parizi\/\" target=\"_blank\" rel=\"noopener noreferrer\">zde<\/a><\/strong>.<\/p>\n<p>&nbsp;<\/p>\n<h3>Peru &#8211; Pays d\u00b4honneur leto\u0161n\u00edho salonu \u010dokol\u00e1dy v Bruselu<\/h3>\n<p style=\"text-align: justify;\">Hostitelskou zem\u00ed leto\u0161n\u00edho salonu bylo Peru, jen\u017e se posledn\u00ed dobou \u00faspe\u0161n\u011b transformuje z&nbsp;kokov\u00e9 kultury na tu kakaovou. Peru\u00e1nci z&nbsp;Cuzca zde prezentovali sv\u00e9 pestrobarevn\u011b zabalen\u00e9 tabulkov\u00e9 \u010dokol\u00e1dy, kakaov\u00e9 boby r\u016fzn\u00fdch aroma, ale zaj\u00edmav\u00e9 byly tak\u00e9 \u010dokol\u00e1dov\u00e9 podobizny ikonick\u00fdch peru\u00e1nsk\u00fdch keramick\u00fdch so\u0161ek, Machu Picchu, nebo peru\u00e1nsk\u00fd \u010d\u016fraj\u00edc\u00ed pan\u00e1\u010dek od <strong>Kontiti<\/strong>.<\/p>\n<p><img loading=\"lazy\" decoding=\"async\" class=\"aligncenter size-full wp-image-19842\" src=\"http:\/\/1001voyagesgourmands.com\/wp-content\/uploads\/2018\/03\/Salon_du_chocolat-1.jpg\" alt=\"Salon du Chocolat neboli Salon \u010dokol\u00e1dy v Bruselu je t\u0159\u00eddenn\u00ed veletrh v\u011bnovan\u00fd \u010dokol\u00e1d\u011b. Krom\u011b ochutn\u00e1vek, demonstrac\u00ed, d\u00edlen a vzd\u011bl\u00e1vac\u00edch aktivit v\u00e1s tu \u010dek\u00e1 tak\u00e9 m\u00f3dn\u00ed p\u0159ehl\u00eddka \u0161at\u016f z \u010dokol\u00e1dy! V tomto \u010dl\u00e1nku v\u00e1m pov\u00edm v\u00edce o tom, jak\u00fd byl leto\u0161n\u00ed ro\u010dn\u00edk.\" width=\"1000\" height=\"667\" srcset=\"https:\/\/1001voyagesgourmands.com\/wp-content\/uploads\/2018\/03\/Salon_du_chocolat-1.jpg 1000w, https:\/\/1001voyagesgourmands.com\/wp-content\/uploads\/2018\/03\/Salon_du_chocolat-1-300x200.jpg 300w, https:\/\/1001voyagesgourmands.com\/wp-content\/uploads\/2018\/03\/Salon_du_chocolat-1-768x512.jpg 768w, https:\/\/1001voyagesgourmands.com\/wp-content\/uploads\/2018\/03\/Salon_du_chocolat-1-585x390.jpg 585w, https:\/\/1001voyagesgourmands.com\/wp-content\/uploads\/2018\/03\/Salon_du_chocolat-1-263x175.jpg 263w\" sizes=\"auto, (max-width: 1000px) 100vw, 1000px\" \/><\/p>\n<p><img loading=\"lazy\" decoding=\"async\" class=\"aligncenter size-large wp-image-19948\" src=\"http:\/\/1001voyagesgourmands.com\/wp-content\/uploads\/2018\/03\/Salon_du_chocolat-45-1024x724.jpg\" alt=\"Salon du Chocolat neboli Salon \u010dokol\u00e1dy v Bruselu je t\u0159\u00eddenn\u00ed veletrh v\u011bnovan\u00fd \u010dokol\u00e1d\u011b. Krom\u011b ochutn\u00e1vek, demonstrac\u00ed, d\u00edlen a vzd\u011bl\u00e1vac\u00edch aktivit v\u00e1s tu \u010dek\u00e1 tak\u00e9 m\u00f3dn\u00ed p\u0159ehl\u00eddka \u0161at\u016f z \u010dokol\u00e1dy! V tomto \u010dl\u00e1nku v\u00e1m pov\u00edm v\u00edce o tom, jak\u00fd byl leto\u0161n\u00ed ro\u010dn\u00edk.\" width=\"1024\" height=\"724\" srcset=\"https:\/\/1001voyagesgourmands.com\/wp-content\/uploads\/2018\/03\/Salon_du_chocolat-45-1024x724.jpg 1024w, https:\/\/1001voyagesgourmands.com\/wp-content\/uploads\/2018\/03\/Salon_du_chocolat-45-1920x1357.jpg 1920w, https:\/\/1001voyagesgourmands.com\/wp-content\/uploads\/2018\/03\/Salon_du_chocolat-45-300x212.jpg 300w, https:\/\/1001voyagesgourmands.com\/wp-content\/uploads\/2018\/03\/Salon_du_chocolat-45-768x543.jpg 768w, https:\/\/1001voyagesgourmands.com\/wp-content\/uploads\/2018\/03\/Salon_du_chocolat-45-1170x827.jpg 1170w, https:\/\/1001voyagesgourmands.com\/wp-content\/uploads\/2018\/03\/Salon_du_chocolat-45-585x413.jpg 585w\" sizes=\"auto, (max-width: 1024px) 100vw, 1024px\" \/><\/p>\n<p><img loading=\"lazy\" decoding=\"async\" class=\"aligncenter size-full wp-image-19844\" src=\"http:\/\/1001voyagesgourmands.com\/wp-content\/uploads\/2018\/03\/Salon_du_chocolat-2.jpg\" alt=\"Salon du Chocolat neboli Salon \u010dokol\u00e1dy v Bruselu je t\u0159\u00eddenn\u00ed veletrh v\u011bnovan\u00fd \u010dokol\u00e1d\u011b. Krom\u011b ochutn\u00e1vek, demonstrac\u00ed, d\u00edlen a vzd\u011bl\u00e1vac\u00edch aktivit v\u00e1s tu \u010dek\u00e1 tak\u00e9 m\u00f3dn\u00ed p\u0159ehl\u00eddka \u0161at\u016f z \u010dokol\u00e1dy! V tomto \u010dl\u00e1nku v\u00e1m pov\u00edm v\u00edce o tom, jak\u00fd byl leto\u0161n\u00ed ro\u010dn\u00edk.\" width=\"1000\" height=\"667\" srcset=\"https:\/\/1001voyagesgourmands.com\/wp-content\/uploads\/2018\/03\/Salon_du_chocolat-2.jpg 1000w, https:\/\/1001voyagesgourmands.com\/wp-content\/uploads\/2018\/03\/Salon_du_chocolat-2-300x200.jpg 300w, https:\/\/1001voyagesgourmands.com\/wp-content\/uploads\/2018\/03\/Salon_du_chocolat-2-768x512.jpg 768w, https:\/\/1001voyagesgourmands.com\/wp-content\/uploads\/2018\/03\/Salon_du_chocolat-2-585x390.jpg 585w, https:\/\/1001voyagesgourmands.com\/wp-content\/uploads\/2018\/03\/Salon_du_chocolat-2-263x175.jpg 263w\" sizes=\"auto, (max-width: 1000px) 100vw, 1000px\" \/><\/p>\n<p>&nbsp;<\/p>\n<h3>Belgick\u00e1 klasika<\/h3>\n<p style=\"text-align: justify;\">Samoz\u0159ejmost\u00ed byla \u00fa\u010dast nejzn\u00e1m\u011bj\u0161\u00edch belgick\u00fdch v\u00fdrobc\u016f pralinek jako <strong>Neuhaus, Leonidas, Valentino, Pralibel<\/strong>, jen\u017e vyu\u017eili salonu \u010dokol\u00e1dy k&nbsp;p\u0159edstaven\u00ed nov\u00fdch kousk\u016f. Leonidas z\u00e1\u0159il barevnou p\u0159ehl\u00eddkou velikono\u010dn\u00edch vaj\u00ed\u010dek, Neuhaus l\u00e1kal davy lid\u00ed na ochutn\u00e1vku sv\u00fdch ikonick\u00fdch pralinek <strong>Irr\u00e9sistibles<\/strong>, jej\u00ed\u017e ru\u010dn\u00ed v\u00fdrobu zde p\u0159ed o\u010dima div\u00e1k\u016f tak\u00e9 n\u00e1zorn\u011b p\u0159edvedl.<\/p>\n<p><img loading=\"lazy\" decoding=\"async\" class=\"aligncenter size-full wp-image-19861\" src=\"http:\/\/1001voyagesgourmands.com\/wp-content\/uploads\/2018\/03\/Salon_du_chocolat-6.jpg\" alt=\"Salon du Chocolat neboli Salon \u010dokol\u00e1dy v Bruselu je t\u0159\u00eddenn\u00ed veletrh v\u011bnovan\u00fd \u010dokol\u00e1d\u011b. Krom\u011b ochutn\u00e1vek, demonstrac\u00ed, d\u00edlen a vzd\u011bl\u00e1vac\u00edch aktivit v\u00e1s tu \u010dek\u00e1 tak\u00e9 m\u00f3dn\u00ed p\u0159ehl\u00eddka \u0161at\u016f z \u010dokol\u00e1dy! V tomto \u010dl\u00e1nku v\u00e1m pov\u00edm v\u00edce o tom, jak\u00fd byl leto\u0161n\u00ed ro\u010dn\u00edk.\" width=\"1000\" height=\"667\" srcset=\"https:\/\/1001voyagesgourmands.com\/wp-content\/uploads\/2018\/03\/Salon_du_chocolat-6.jpg 1000w, https:\/\/1001voyagesgourmands.com\/wp-content\/uploads\/2018\/03\/Salon_du_chocolat-6-300x200.jpg 300w, https:\/\/1001voyagesgourmands.com\/wp-content\/uploads\/2018\/03\/Salon_du_chocolat-6-768x512.jpg 768w, https:\/\/1001voyagesgourmands.com\/wp-content\/uploads\/2018\/03\/Salon_du_chocolat-6-585x390.jpg 585w, https:\/\/1001voyagesgourmands.com\/wp-content\/uploads\/2018\/03\/Salon_du_chocolat-6-263x175.jpg 263w\" sizes=\"auto, (max-width: 1000px) 100vw, 1000px\" \/><\/p>\n<p><img loading=\"lazy\" decoding=\"async\" class=\"aligncenter size-full wp-image-19865\" src=\"http:\/\/1001voyagesgourmands.com\/wp-content\/uploads\/2018\/03\/Salon_du_chocolat-8.jpg\" alt=\"Salon du Chocolat neboli Salon \u010dokol\u00e1dy v Bruselu je t\u0159\u00eddenn\u00ed veletrh v\u011bnovan\u00fd \u010dokol\u00e1d\u011b. Krom\u011b ochutn\u00e1vek, demonstrac\u00ed, d\u00edlen a vzd\u011bl\u00e1vac\u00edch aktivit v\u00e1s tu \u010dek\u00e1 tak\u00e9 m\u00f3dn\u00ed p\u0159ehl\u00eddka \u0161at\u016f z \u010dokol\u00e1dy! V tomto \u010dl\u00e1nku v\u00e1m pov\u00edm v\u00edce o tom, jak\u00fd byl leto\u0161n\u00ed ro\u010dn\u00edk.\" width=\"1000\" height=\"667\" srcset=\"https:\/\/1001voyagesgourmands.com\/wp-content\/uploads\/2018\/03\/Salon_du_chocolat-8.jpg 1000w, https:\/\/1001voyagesgourmands.com\/wp-content\/uploads\/2018\/03\/Salon_du_chocolat-8-300x200.jpg 300w, https:\/\/1001voyagesgourmands.com\/wp-content\/uploads\/2018\/03\/Salon_du_chocolat-8-768x512.jpg 768w, https:\/\/1001voyagesgourmands.com\/wp-content\/uploads\/2018\/03\/Salon_du_chocolat-8-585x390.jpg 585w, https:\/\/1001voyagesgourmands.com\/wp-content\/uploads\/2018\/03\/Salon_du_chocolat-8-263x175.jpg 263w\" sizes=\"auto, (max-width: 1000px) 100vw, 1000px\" \/><\/p>\n<p><img loading=\"lazy\" decoding=\"async\" class=\"aligncenter size-full wp-image-19867\" src=\"http:\/\/1001voyagesgourmands.com\/wp-content\/uploads\/2018\/03\/Salon_du_chocolat-9.jpg\" alt=\"Salon du Chocolat neboli Salon \u010dokol\u00e1dy v Bruselu je t\u0159\u00eddenn\u00ed veletrh v\u011bnovan\u00fd \u010dokol\u00e1d\u011b. Krom\u011b ochutn\u00e1vek, demonstrac\u00ed, d\u00edlen a vzd\u011bl\u00e1vac\u00edch aktivit v\u00e1s tu \u010dek\u00e1 tak\u00e9 m\u00f3dn\u00ed p\u0159ehl\u00eddka \u0161at\u016f z \u010dokol\u00e1dy! V tomto \u010dl\u00e1nku v\u00e1m pov\u00edm v\u00edce o tom, jak\u00fd byl leto\u0161n\u00ed ro\u010dn\u00edk.\" width=\"1000\" height=\"667\" srcset=\"https:\/\/1001voyagesgourmands.com\/wp-content\/uploads\/2018\/03\/Salon_du_chocolat-9.jpg 1000w, https:\/\/1001voyagesgourmands.com\/wp-content\/uploads\/2018\/03\/Salon_du_chocolat-9-300x200.jpg 300w, https:\/\/1001voyagesgourmands.com\/wp-content\/uploads\/2018\/03\/Salon_du_chocolat-9-768x512.jpg 768w, https:\/\/1001voyagesgourmands.com\/wp-content\/uploads\/2018\/03\/Salon_du_chocolat-9-585x390.jpg 585w, https:\/\/1001voyagesgourmands.com\/wp-content\/uploads\/2018\/03\/Salon_du_chocolat-9-263x175.jpg 263w\" sizes=\"auto, (max-width: 1000px) 100vw, 1000px\" \/><\/p>\n<p><img loading=\"lazy\" decoding=\"async\" class=\"aligncenter size-full wp-image-19869\" src=\"http:\/\/1001voyagesgourmands.com\/wp-content\/uploads\/2018\/03\/Salon_du_chocolat-10.jpg\" alt=\"Salon du Chocolat neboli Salon \u010dokol\u00e1dy v Bruselu je t\u0159\u00eddenn\u00ed veletrh v\u011bnovan\u00fd \u010dokol\u00e1d\u011b. Krom\u011b ochutn\u00e1vek, demonstrac\u00ed, d\u00edlen a vzd\u011bl\u00e1vac\u00edch aktivit v\u00e1s tu \u010dek\u00e1 tak\u00e9 m\u00f3dn\u00ed p\u0159ehl\u00eddka \u0161at\u016f z \u010dokol\u00e1dy! V tomto \u010dl\u00e1nku v\u00e1m pov\u00edm v\u00edce o tom, jak\u00fd byl leto\u0161n\u00ed ro\u010dn\u00edk.\" width=\"1000\" height=\"667\" srcset=\"https:\/\/1001voyagesgourmands.com\/wp-content\/uploads\/2018\/03\/Salon_du_chocolat-10.jpg 1000w, https:\/\/1001voyagesgourmands.com\/wp-content\/uploads\/2018\/03\/Salon_du_chocolat-10-300x200.jpg 300w, https:\/\/1001voyagesgourmands.com\/wp-content\/uploads\/2018\/03\/Salon_du_chocolat-10-768x512.jpg 768w, https:\/\/1001voyagesgourmands.com\/wp-content\/uploads\/2018\/03\/Salon_du_chocolat-10-585x390.jpg 585w, https:\/\/1001voyagesgourmands.com\/wp-content\/uploads\/2018\/03\/Salon_du_chocolat-10-263x175.jpg 263w\" sizes=\"auto, (max-width: 1000px) 100vw, 1000px\" \/><\/p>\n<p><img loading=\"lazy\" decoding=\"async\" class=\"aligncenter size-full wp-image-19871\" src=\"http:\/\/1001voyagesgourmands.com\/wp-content\/uploads\/2018\/03\/Salon_du_chocolat-11.jpg\" alt=\"Salon du Chocolat neboli Salon \u010dokol\u00e1dy v Bruselu je t\u0159\u00eddenn\u00ed veletrh v\u011bnovan\u00fd \u010dokol\u00e1d\u011b. Krom\u011b ochutn\u00e1vek, demonstrac\u00ed, d\u00edlen a vzd\u011bl\u00e1vac\u00edch aktivit v\u00e1s tu \u010dek\u00e1 tak\u00e9 m\u00f3dn\u00ed p\u0159ehl\u00eddka \u0161at\u016f z \u010dokol\u00e1dy! V tomto \u010dl\u00e1nku v\u00e1m pov\u00edm v\u00edce o tom, jak\u00fd byl leto\u0161n\u00ed ro\u010dn\u00edk.\" width=\"1000\" height=\"667\" srcset=\"https:\/\/1001voyagesgourmands.com\/wp-content\/uploads\/2018\/03\/Salon_du_chocolat-11.jpg 1000w, https:\/\/1001voyagesgourmands.com\/wp-content\/uploads\/2018\/03\/Salon_du_chocolat-11-300x200.jpg 300w, https:\/\/1001voyagesgourmands.com\/wp-content\/uploads\/2018\/03\/Salon_du_chocolat-11-768x512.jpg 768w, https:\/\/1001voyagesgourmands.com\/wp-content\/uploads\/2018\/03\/Salon_du_chocolat-11-585x390.jpg 585w, https:\/\/1001voyagesgourmands.com\/wp-content\/uploads\/2018\/03\/Salon_du_chocolat-11-263x175.jpg 263w\" sizes=\"auto, (max-width: 1000px) 100vw, 1000px\" \/><\/p>\n<p><img loading=\"lazy\" decoding=\"async\" class=\"aligncenter wp-image-19875\" src=\"http:\/\/1001voyagesgourmands.com\/wp-content\/uploads\/2018\/03\/Salon_du_chocolat-13-683x1024.jpg\" alt=\"\" width=\"822\" height=\"1232\" srcset=\"https:\/\/1001voyagesgourmands.com\/wp-content\/uploads\/2018\/03\/Salon_du_chocolat-13-683x1024.jpg 683w, https:\/\/1001voyagesgourmands.com\/wp-content\/uploads\/2018\/03\/Salon_du_chocolat-13-200x300.jpg 200w, https:\/\/1001voyagesgourmands.com\/wp-content\/uploads\/2018\/03\/Salon_du_chocolat-13-768x1152.jpg 768w, https:\/\/1001voyagesgourmands.com\/wp-content\/uploads\/2018\/03\/Salon_du_chocolat-13-585x878.jpg 585w, https:\/\/1001voyagesgourmands.com\/wp-content\/uploads\/2018\/03\/Salon_du_chocolat-13.jpg 1000w\" sizes=\"auto, (max-width: 822px) 100vw, 822px\" \/><\/p>\n<p>&nbsp;<\/p>\n<p style=\"text-align: justify;\">Ti kdo m\u011bli \u017e\u00edze\u0148, mohli zav\u00edtat do <strong>baru Duvel<\/strong>, kde se ko\u0161tovala speci\u00e1ln\u00ed piva spolu s&nbsp;pralinkami <strong>Jitsk Chocolates<\/strong>. O kus d\u00e1le naopak <strong>Masalto<\/strong> p\u0159edv\u00e1d\u011blo spojen\u00ed k\u00e1vy s&nbsp;\u010dokol\u00e1dou.<\/p>\n<h3>&nbsp;<\/h3>\n<h3>A mnoho dal\u0161\u00edch&#8230;<\/h3>\n<p><img loading=\"lazy\" decoding=\"async\" class=\"aligncenter size-full wp-image-19923\" src=\"http:\/\/1001voyagesgourmands.com\/wp-content\/uploads\/2018\/03\/Salon_du_chocolat-37.jpg\" alt=\"\" width=\"1000\" height=\"667\" srcset=\"https:\/\/1001voyagesgourmands.com\/wp-content\/uploads\/2018\/03\/Salon_du_chocolat-37.jpg 1000w, https:\/\/1001voyagesgourmands.com\/wp-content\/uploads\/2018\/03\/Salon_du_chocolat-37-300x200.jpg 300w, https:\/\/1001voyagesgourmands.com\/wp-content\/uploads\/2018\/03\/Salon_du_chocolat-37-768x512.jpg 768w, https:\/\/1001voyagesgourmands.com\/wp-content\/uploads\/2018\/03\/Salon_du_chocolat-37-585x390.jpg 585w, https:\/\/1001voyagesgourmands.com\/wp-content\/uploads\/2018\/03\/Salon_du_chocolat-37-263x175.jpg 263w\" sizes=\"auto, (max-width: 1000px) 100vw, 1000px\" \/><\/p>\n<p><img loading=\"lazy\" decoding=\"async\" class=\"aligncenter wp-image-19927\" src=\"http:\/\/1001voyagesgourmands.com\/wp-content\/uploads\/2018\/03\/Salon_du_chocolat-39-683x1024.jpg\" alt=\"\" width=\"804\" height=\"1205\" srcset=\"https:\/\/1001voyagesgourmands.com\/wp-content\/uploads\/2018\/03\/Salon_du_chocolat-39-683x1024.jpg 683w, https:\/\/1001voyagesgourmands.com\/wp-content\/uploads\/2018\/03\/Salon_du_chocolat-39-200x300.jpg 200w, https:\/\/1001voyagesgourmands.com\/wp-content\/uploads\/2018\/03\/Salon_du_chocolat-39-768x1152.jpg 768w, https:\/\/1001voyagesgourmands.com\/wp-content\/uploads\/2018\/03\/Salon_du_chocolat-39-585x878.jpg 585w, https:\/\/1001voyagesgourmands.com\/wp-content\/uploads\/2018\/03\/Salon_du_chocolat-39.jpg 1000w\" sizes=\"auto, (max-width: 804px) 100vw, 804px\" \/><\/p>\n<p><img loading=\"lazy\" decoding=\"async\" class=\"aligncenter size-full wp-image-19931\" src=\"http:\/\/1001voyagesgourmands.com\/wp-content\/uploads\/2018\/03\/Salon_du_chocolat-41.jpg\" alt=\"\" width=\"1000\" height=\"667\" srcset=\"https:\/\/1001voyagesgourmands.com\/wp-content\/uploads\/2018\/03\/Salon_du_chocolat-41.jpg 1000w, https:\/\/1001voyagesgourmands.com\/wp-content\/uploads\/2018\/03\/Salon_du_chocolat-41-300x200.jpg 300w, https:\/\/1001voyagesgourmands.com\/wp-content\/uploads\/2018\/03\/Salon_du_chocolat-41-768x512.jpg 768w, https:\/\/1001voyagesgourmands.com\/wp-content\/uploads\/2018\/03\/Salon_du_chocolat-41-585x390.jpg 585w, https:\/\/1001voyagesgourmands.com\/wp-content\/uploads\/2018\/03\/Salon_du_chocolat-41-263x175.jpg 263w\" sizes=\"auto, (max-width: 1000px) 100vw, 1000px\" \/><\/p>\n<p><img loading=\"lazy\" decoding=\"async\" class=\"aligncenter size-full wp-image-19925\" src=\"http:\/\/1001voyagesgourmands.com\/wp-content\/uploads\/2018\/03\/Salon_du_chocolat-38.jpg\" alt=\"\" width=\"1000\" height=\"667\" srcset=\"https:\/\/1001voyagesgourmands.com\/wp-content\/uploads\/2018\/03\/Salon_du_chocolat-38.jpg 1000w, https:\/\/1001voyagesgourmands.com\/wp-content\/uploads\/2018\/03\/Salon_du_chocolat-38-300x200.jpg 300w, https:\/\/1001voyagesgourmands.com\/wp-content\/uploads\/2018\/03\/Salon_du_chocolat-38-768x512.jpg 768w, https:\/\/1001voyagesgourmands.com\/wp-content\/uploads\/2018\/03\/Salon_du_chocolat-38-585x390.jpg 585w, https:\/\/1001voyagesgourmands.com\/wp-content\/uploads\/2018\/03\/Salon_du_chocolat-38-263x175.jpg 263w\" sizes=\"auto, (max-width: 1000px) 100vw, 1000px\" \/><\/p>\n<p><img loading=\"lazy\" decoding=\"async\" class=\"aligncenter size-full wp-image-19929\" src=\"http:\/\/1001voyagesgourmands.com\/wp-content\/uploads\/2018\/03\/Salon_du_chocolat-40.jpg\" alt=\"\" width=\"1000\" height=\"667\" srcset=\"https:\/\/1001voyagesgourmands.com\/wp-content\/uploads\/2018\/03\/Salon_du_chocolat-40.jpg 1000w, https:\/\/1001voyagesgourmands.com\/wp-content\/uploads\/2018\/03\/Salon_du_chocolat-40-300x200.jpg 300w, https:\/\/1001voyagesgourmands.com\/wp-content\/uploads\/2018\/03\/Salon_du_chocolat-40-768x512.jpg 768w, https:\/\/1001voyagesgourmands.com\/wp-content\/uploads\/2018\/03\/Salon_du_chocolat-40-585x390.jpg 585w, https:\/\/1001voyagesgourmands.com\/wp-content\/uploads\/2018\/03\/Salon_du_chocolat-40-263x175.jpg 263w\" sizes=\"auto, (max-width: 1000px) 100vw, 1000px\" \/><\/p>\n<p>&nbsp;<\/p>\n<p>&nbsp;<\/p>\n<h3 style=\"text-align: justify;\">Nov\u00e9 objevy<\/h3>\n<p style=\"text-align: justify;\">Nov\u011b jsem zde objevila \u010dokol\u00e1du <strong>Darcis<\/strong>, jej\u00ed\u017e kr\u00e1mek b\u011b\u017en\u011b m\u00edj\u00edm na n\u00e1m\u011bst\u00ed Sablon v&nbsp;Bruselu a pot\u00e9, co jsem m\u011bla mo\u017enost ochutnat n\u011bkolik z jejich vynikaj\u00edc\u00edch pralinek jako nap\u0159\u00edklad ty s ara\u0161\u00eddov\u00fdm m\u00e1slem nebo m\u00e1tou, tahle adresa jistojist\u011b poputuje na m\u016fj list m\u00fdch obl\u00edben\u00fdch bruselsk\u00fdch podnik\u016f (o kter\u00fdch snad n\u011bkdy brzy nap\u00ed\u0161u n\u011bco tady).<\/p>\n<p><img loading=\"lazy\" decoding=\"async\" class=\"aligncenter size-full wp-image-19935\" src=\"http:\/\/1001voyagesgourmands.com\/wp-content\/uploads\/2018\/03\/Salon_du_chocolat-44.jpg\" alt=\"Salon du Chocolat neboli Salon \u010dokol\u00e1dy v Bruselu je t\u0159\u00eddenn\u00ed veletrh v\u011bnovan\u00fd \u010dokol\u00e1d\u011b. Krom\u011b ochutn\u00e1vek, demonstrac\u00ed, d\u00edlen a vzd\u011bl\u00e1vac\u00edch aktivit v\u00e1s tu \u010dek\u00e1 tak\u00e9 m\u00f3dn\u00ed p\u0159ehl\u00eddka \u0161at\u016f z \u010dokol\u00e1dy! V tomto \u010dl\u00e1nku v\u00e1m pov\u00edm v\u00edce o tom, jak\u00fd byl leto\u0161n\u00ed ro\u010dn\u00edk.\" width=\"1000\" height=\"667\" srcset=\"https:\/\/1001voyagesgourmands.com\/wp-content\/uploads\/2018\/03\/Salon_du_chocolat-44.jpg 1000w, https:\/\/1001voyagesgourmands.com\/wp-content\/uploads\/2018\/03\/Salon_du_chocolat-44-300x200.jpg 300w, https:\/\/1001voyagesgourmands.com\/wp-content\/uploads\/2018\/03\/Salon_du_chocolat-44-768x512.jpg 768w, https:\/\/1001voyagesgourmands.com\/wp-content\/uploads\/2018\/03\/Salon_du_chocolat-44-585x390.jpg 585w, https:\/\/1001voyagesgourmands.com\/wp-content\/uploads\/2018\/03\/Salon_du_chocolat-44-263x175.jpg 263w\" sizes=\"auto, (max-width: 1000px) 100vw, 1000px\" \/><\/p>\n<p>&nbsp;<\/p>\n<p style=\"text-align: justify;\">Za zaj\u00edmav\u00fd objev bych r\u00e1da zm\u00ednila <strong>Chocolate in a bottle<\/strong>, \u0161umiv\u00e9 v\u00edno s&nbsp;chut\u00ed \u010dokol\u00e1dy a o\u0159\u00ed\u0161k\u016f, kter\u00e9 sem p\u0159ijelo z&nbsp;belgick\u00e9ho Namuru. P\u00e1n ho doporu\u010duje ko\u0161tovat jedin\u011b s&nbsp;belgick\u00fdmi jahodami.<\/p>\n<p><img loading=\"lazy\" decoding=\"async\" class=\"aligncenter size-full wp-image-19933\" src=\"http:\/\/1001voyagesgourmands.com\/wp-content\/uploads\/2018\/03\/Salon_du_chocolat-42.jpg\" alt=\"Salon du Chocolat neboli Salon \u010dokol\u00e1dy v Bruselu je t\u0159\u00eddenn\u00ed veletrh v\u011bnovan\u00fd \u010dokol\u00e1d\u011b. Krom\u011b ochutn\u00e1vek, demonstrac\u00ed, d\u00edlen a vzd\u011bl\u00e1vac\u00edch aktivit v\u00e1s tu \u010dek\u00e1 tak\u00e9 m\u00f3dn\u00ed p\u0159ehl\u00eddka \u0161at\u016f z \u010dokol\u00e1dy! V tomto \u010dl\u00e1nku v\u00e1m pov\u00edm v\u00edce o tom, jak\u00fd byl leto\u0161n\u00ed ro\u010dn\u00edk.\" width=\"1000\" height=\"667\" srcset=\"https:\/\/1001voyagesgourmands.com\/wp-content\/uploads\/2018\/03\/Salon_du_chocolat-42.jpg 1000w, https:\/\/1001voyagesgourmands.com\/wp-content\/uploads\/2018\/03\/Salon_du_chocolat-42-300x200.jpg 300w, https:\/\/1001voyagesgourmands.com\/wp-content\/uploads\/2018\/03\/Salon_du_chocolat-42-768x512.jpg 768w, https:\/\/1001voyagesgourmands.com\/wp-content\/uploads\/2018\/03\/Salon_du_chocolat-42-585x390.jpg 585w, https:\/\/1001voyagesgourmands.com\/wp-content\/uploads\/2018\/03\/Salon_du_chocolat-42-263x175.jpg 263w\" sizes=\"auto, (max-width: 1000px) 100vw, 1000px\" \/><\/p>\n<p>&nbsp;<\/p>\n<p style=\"text-align: justify;\">&nbsp;<\/p>\n<h3>M\u00f3dn\u00ed p\u0159ehl\u00eddka \u010dokol\u00e1dov\u00fdch \u0161at\u016f<\/h3>\n<p style=\"text-align: justify;\">Sou\u010d\u00e1st\u00ed salonu \u010dokol\u00e1dy je ka\u017edoro\u010dn\u011b p\u0159ehl\u00eddka \u00fachvatn\u00fdch <strong>\u0161at\u016f z \u010dokol\u00e1dy<\/strong> od dvojic n\u00e1vrh\u00e1\u0159\u016f a \u010dokol\u00e1dov\u00fdch um\u011blc\u016f jako nap\u0159\u00edklad <em>Choco-Story Brussels &amp; Bodart,&nbsp;Valentino Chocolatier &amp; Sixtine Anne de Molina<\/em> nebo<em> Jean-Philippe Darcis &amp; Debora Velasquez.<\/em><\/p>\n<p><img loading=\"lazy\" decoding=\"async\" class=\"aligncenter size-full wp-image-19877\" src=\"http:\/\/1001voyagesgourmands.com\/wp-content\/uploads\/2018\/03\/Salon_du_chocolat-14.jpg\" alt=\"Salon du Chocolat neboli Salon \u010dokol\u00e1dy v Bruselu je t\u0159\u00eddenn\u00ed veletrh v\u011bnovan\u00fd \u010dokol\u00e1d\u011b. Krom\u011b ochutn\u00e1vek, demonstrac\u00ed, d\u00edlen a vzd\u011bl\u00e1vac\u00edch aktivit v\u00e1s tu \u010dek\u00e1 tak\u00e9 m\u00f3dn\u00ed p\u0159ehl\u00eddka \u0161at\u016f z \u010dokol\u00e1dy! V tomto \u010dl\u00e1nku v\u00e1m pov\u00edm v\u00edce o tom, jak\u00fd byl leto\u0161n\u00ed ro\u010dn\u00edk.\" width=\"1000\" height=\"667\" srcset=\"https:\/\/1001voyagesgourmands.com\/wp-content\/uploads\/2018\/03\/Salon_du_chocolat-14.jpg 1000w, https:\/\/1001voyagesgourmands.com\/wp-content\/uploads\/2018\/03\/Salon_du_chocolat-14-300x200.jpg 300w, https:\/\/1001voyagesgourmands.com\/wp-content\/uploads\/2018\/03\/Salon_du_chocolat-14-768x512.jpg 768w, https:\/\/1001voyagesgourmands.com\/wp-content\/uploads\/2018\/03\/Salon_du_chocolat-14-585x390.jpg 585w, https:\/\/1001voyagesgourmands.com\/wp-content\/uploads\/2018\/03\/Salon_du_chocolat-14-263x175.jpg 263w\" sizes=\"auto, (max-width: 1000px) 100vw, 1000px\" \/><\/p>\n<p><img loading=\"lazy\" decoding=\"async\" class=\"aligncenter size-full wp-image-19879\" src=\"http:\/\/1001voyagesgourmands.com\/wp-content\/uploads\/2018\/03\/Salon_du_chocolat-15.jpg\" alt=\"Salon du Chocolat neboli Salon \u010dokol\u00e1dy v Bruselu je t\u0159\u00eddenn\u00ed veletrh v\u011bnovan\u00fd \u010dokol\u00e1d\u011b. Krom\u011b ochutn\u00e1vek, demonstrac\u00ed, d\u00edlen a vzd\u011bl\u00e1vac\u00edch aktivit v\u00e1s tu \u010dek\u00e1 tak\u00e9 m\u00f3dn\u00ed p\u0159ehl\u00eddka \u0161at\u016f z \u010dokol\u00e1dy! V tomto \u010dl\u00e1nku v\u00e1m pov\u00edm v\u00edce o tom, jak\u00fd byl leto\u0161n\u00ed ro\u010dn\u00edk.\" width=\"1000\" height=\"667\" srcset=\"https:\/\/1001voyagesgourmands.com\/wp-content\/uploads\/2018\/03\/Salon_du_chocolat-15.jpg 1000w, https:\/\/1001voyagesgourmands.com\/wp-content\/uploads\/2018\/03\/Salon_du_chocolat-15-300x200.jpg 300w, https:\/\/1001voyagesgourmands.com\/wp-content\/uploads\/2018\/03\/Salon_du_chocolat-15-768x512.jpg 768w, https:\/\/1001voyagesgourmands.com\/wp-content\/uploads\/2018\/03\/Salon_du_chocolat-15-585x390.jpg 585w, https:\/\/1001voyagesgourmands.com\/wp-content\/uploads\/2018\/03\/Salon_du_chocolat-15-263x175.jpg 263w\" sizes=\"auto, (max-width: 1000px) 100vw, 1000px\" \/><\/p>\n<p><img loading=\"lazy\" decoding=\"async\" class=\"aligncenter size-full wp-image-19881\" src=\"http:\/\/1001voyagesgourmands.com\/wp-content\/uploads\/2018\/03\/Salon_du_chocolat-16.jpg\" alt=\"Salon du Chocolat neboli Salon \u010dokol\u00e1dy v Bruselu je t\u0159\u00eddenn\u00ed veletrh v\u011bnovan\u00fd \u010dokol\u00e1d\u011b. Krom\u011b ochutn\u00e1vek, demonstrac\u00ed, d\u00edlen a vzd\u011bl\u00e1vac\u00edch aktivit v\u00e1s tu \u010dek\u00e1 tak\u00e9 m\u00f3dn\u00ed p\u0159ehl\u00eddka \u0161at\u016f z \u010dokol\u00e1dy! V tomto \u010dl\u00e1nku v\u00e1m pov\u00edm v\u00edce o tom, jak\u00fd byl leto\u0161n\u00ed ro\u010dn\u00edk.\" width=\"1000\" height=\"667\" srcset=\"https:\/\/1001voyagesgourmands.com\/wp-content\/uploads\/2018\/03\/Salon_du_chocolat-16.jpg 1000w, https:\/\/1001voyagesgourmands.com\/wp-content\/uploads\/2018\/03\/Salon_du_chocolat-16-300x200.jpg 300w, https:\/\/1001voyagesgourmands.com\/wp-content\/uploads\/2018\/03\/Salon_du_chocolat-16-768x512.jpg 768w, https:\/\/1001voyagesgourmands.com\/wp-content\/uploads\/2018\/03\/Salon_du_chocolat-16-585x390.jpg 585w, https:\/\/1001voyagesgourmands.com\/wp-content\/uploads\/2018\/03\/Salon_du_chocolat-16-263x175.jpg 263w\" sizes=\"auto, (max-width: 1000px) 100vw, 1000px\" \/><\/p>\n<p><img loading=\"lazy\" decoding=\"async\" class=\"aligncenter size-full wp-image-19885\" src=\"http:\/\/1001voyagesgourmands.com\/wp-content\/uploads\/2018\/03\/Salon_du_chocolat-18.jpg\" alt=\"Salon du Chocolat neboli Salon \u010dokol\u00e1dy v Bruselu je t\u0159\u00eddenn\u00ed veletrh v\u011bnovan\u00fd \u010dokol\u00e1d\u011b. Krom\u011b ochutn\u00e1vek, demonstrac\u00ed, d\u00edlen a vzd\u011bl\u00e1vac\u00edch aktivit v\u00e1s tu \u010dek\u00e1 tak\u00e9 m\u00f3dn\u00ed p\u0159ehl\u00eddka \u0161at\u016f z \u010dokol\u00e1dy! V tomto \u010dl\u00e1nku v\u00e1m pov\u00edm v\u00edce o tom, jak\u00fd byl leto\u0161n\u00ed ro\u010dn\u00edk.\" width=\"1000\" height=\"667\" srcset=\"https:\/\/1001voyagesgourmands.com\/wp-content\/uploads\/2018\/03\/Salon_du_chocolat-18.jpg 1000w, https:\/\/1001voyagesgourmands.com\/wp-content\/uploads\/2018\/03\/Salon_du_chocolat-18-300x200.jpg 300w, https:\/\/1001voyagesgourmands.com\/wp-content\/uploads\/2018\/03\/Salon_du_chocolat-18-768x512.jpg 768w, https:\/\/1001voyagesgourmands.com\/wp-content\/uploads\/2018\/03\/Salon_du_chocolat-18-585x390.jpg 585w, https:\/\/1001voyagesgourmands.com\/wp-content\/uploads\/2018\/03\/Salon_du_chocolat-18-263x175.jpg 263w\" sizes=\"auto, (max-width: 1000px) 100vw, 1000px\" \/><\/p>\n<p><img loading=\"lazy\" decoding=\"async\" class=\"aligncenter size-full wp-image-19887\" src=\"http:\/\/1001voyagesgourmands.com\/wp-content\/uploads\/2018\/03\/Salon_du_chocolat-19.jpg\" alt=\"Salon du Chocolat neboli Salon \u010dokol\u00e1dy v Bruselu je t\u0159\u00eddenn\u00ed veletrh v\u011bnovan\u00fd \u010dokol\u00e1d\u011b. Krom\u011b ochutn\u00e1vek, demonstrac\u00ed, d\u00edlen a vzd\u011bl\u00e1vac\u00edch aktivit v\u00e1s tu \u010dek\u00e1 tak\u00e9 m\u00f3dn\u00ed p\u0159ehl\u00eddka \u0161at\u016f z \u010dokol\u00e1dy! V tomto \u010dl\u00e1nku v\u00e1m pov\u00edm v\u00edce o tom, jak\u00fd byl leto\u0161n\u00ed ro\u010dn\u00edk.\" width=\"1000\" height=\"667\" srcset=\"https:\/\/1001voyagesgourmands.com\/wp-content\/uploads\/2018\/03\/Salon_du_chocolat-19.jpg 1000w, https:\/\/1001voyagesgourmands.com\/wp-content\/uploads\/2018\/03\/Salon_du_chocolat-19-300x200.jpg 300w, https:\/\/1001voyagesgourmands.com\/wp-content\/uploads\/2018\/03\/Salon_du_chocolat-19-768x512.jpg 768w, https:\/\/1001voyagesgourmands.com\/wp-content\/uploads\/2018\/03\/Salon_du_chocolat-19-585x390.jpg 585w, https:\/\/1001voyagesgourmands.com\/wp-content\/uploads\/2018\/03\/Salon_du_chocolat-19-263x175.jpg 263w\" sizes=\"auto, (max-width: 1000px) 100vw, 1000px\" \/><\/p>\n<p><img loading=\"lazy\" decoding=\"async\" class=\"aligncenter size-full wp-image-19889\" src=\"http:\/\/1001voyagesgourmands.com\/wp-content\/uploads\/2018\/03\/Salon_du_chocolat-20.jpg\" alt=\"Salon du Chocolat neboli Salon \u010dokol\u00e1dy v Bruselu je t\u0159\u00eddenn\u00ed veletrh v\u011bnovan\u00fd \u010dokol\u00e1d\u011b. Krom\u011b ochutn\u00e1vek, demonstrac\u00ed, d\u00edlen a vzd\u011bl\u00e1vac\u00edch aktivit v\u00e1s tu \u010dek\u00e1 tak\u00e9 m\u00f3dn\u00ed p\u0159ehl\u00eddka \u0161at\u016f z \u010dokol\u00e1dy! V tomto \u010dl\u00e1nku v\u00e1m pov\u00edm v\u00edce o tom, jak\u00fd byl leto\u0161n\u00ed ro\u010dn\u00edk.\" width=\"1000\" height=\"667\" srcset=\"https:\/\/1001voyagesgourmands.com\/wp-content\/uploads\/2018\/03\/Salon_du_chocolat-20.jpg 1000w, https:\/\/1001voyagesgourmands.com\/wp-content\/uploads\/2018\/03\/Salon_du_chocolat-20-300x200.jpg 300w, https:\/\/1001voyagesgourmands.com\/wp-content\/uploads\/2018\/03\/Salon_du_chocolat-20-768x512.jpg 768w, https:\/\/1001voyagesgourmands.com\/wp-content\/uploads\/2018\/03\/Salon_du_chocolat-20-585x390.jpg 585w, https:\/\/1001voyagesgourmands.com\/wp-content\/uploads\/2018\/03\/Salon_du_chocolat-20-263x175.jpg 263w\" sizes=\"auto, (max-width: 1000px) 100vw, 1000px\" \/><\/p>\n<p><img loading=\"lazy\" decoding=\"async\" class=\"aligncenter size-full wp-image-19891\" src=\"http:\/\/1001voyagesgourmands.com\/wp-content\/uploads\/2018\/03\/Salon_du_chocolat-21.jpg\" alt=\"Salon du Chocolat neboli Salon \u010dokol\u00e1dy v Bruselu je t\u0159\u00eddenn\u00ed veletrh v\u011bnovan\u00fd \u010dokol\u00e1d\u011b. Krom\u011b ochutn\u00e1vek, demonstrac\u00ed, d\u00edlen a vzd\u011bl\u00e1vac\u00edch aktivit v\u00e1s tu \u010dek\u00e1 tak\u00e9 m\u00f3dn\u00ed p\u0159ehl\u00eddka \u0161at\u016f z \u010dokol\u00e1dy! V tomto \u010dl\u00e1nku v\u00e1m pov\u00edm v\u00edce o tom, jak\u00fd byl leto\u0161n\u00ed ro\u010dn\u00edk.\" width=\"1000\" height=\"667\" srcset=\"https:\/\/1001voyagesgourmands.com\/wp-content\/uploads\/2018\/03\/Salon_du_chocolat-21.jpg 1000w, https:\/\/1001voyagesgourmands.com\/wp-content\/uploads\/2018\/03\/Salon_du_chocolat-21-300x200.jpg 300w, https:\/\/1001voyagesgourmands.com\/wp-content\/uploads\/2018\/03\/Salon_du_chocolat-21-768x512.jpg 768w, https:\/\/1001voyagesgourmands.com\/wp-content\/uploads\/2018\/03\/Salon_du_chocolat-21-585x390.jpg 585w, https:\/\/1001voyagesgourmands.com\/wp-content\/uploads\/2018\/03\/Salon_du_chocolat-21-263x175.jpg 263w\" sizes=\"auto, (max-width: 1000px) 100vw, 1000px\" \/><\/p>\n<p><img loading=\"lazy\" decoding=\"async\" class=\"aligncenter size-full wp-image-19893\" src=\"http:\/\/1001voyagesgourmands.com\/wp-content\/uploads\/2018\/03\/Salon_du_chocolat-22.jpg\" alt=\"Salon du Chocolat neboli Salon \u010dokol\u00e1dy v Bruselu je t\u0159\u00eddenn\u00ed veletrh v\u011bnovan\u00fd \u010dokol\u00e1d\u011b. Krom\u011b ochutn\u00e1vek, demonstrac\u00ed, d\u00edlen a vzd\u011bl\u00e1vac\u00edch aktivit v\u00e1s tu \u010dek\u00e1 tak\u00e9 m\u00f3dn\u00ed p\u0159ehl\u00eddka \u0161at\u016f z \u010dokol\u00e1dy! V tomto \u010dl\u00e1nku v\u00e1m pov\u00edm v\u00edce o tom, jak\u00fd byl leto\u0161n\u00ed ro\u010dn\u00edk.\" width=\"1000\" height=\"667\" srcset=\"https:\/\/1001voyagesgourmands.com\/wp-content\/uploads\/2018\/03\/Salon_du_chocolat-22.jpg 1000w, https:\/\/1001voyagesgourmands.com\/wp-content\/uploads\/2018\/03\/Salon_du_chocolat-22-300x200.jpg 300w, https:\/\/1001voyagesgourmands.com\/wp-content\/uploads\/2018\/03\/Salon_du_chocolat-22-768x512.jpg 768w, https:\/\/1001voyagesgourmands.com\/wp-content\/uploads\/2018\/03\/Salon_du_chocolat-22-585x390.jpg 585w, https:\/\/1001voyagesgourmands.com\/wp-content\/uploads\/2018\/03\/Salon_du_chocolat-22-263x175.jpg 263w\" sizes=\"auto, (max-width: 1000px) 100vw, 1000px\" \/><\/p>\n<p><img loading=\"lazy\" decoding=\"async\" class=\"aligncenter size-full wp-image-19895\" src=\"http:\/\/1001voyagesgourmands.com\/wp-content\/uploads\/2018\/03\/Salon_du_chocolat-23.jpg\" alt=\"Salon du Chocolat neboli Salon \u010dokol\u00e1dy v Bruselu je t\u0159\u00eddenn\u00ed veletrh v\u011bnovan\u00fd \u010dokol\u00e1d\u011b. Krom\u011b ochutn\u00e1vek, demonstrac\u00ed, d\u00edlen a vzd\u011bl\u00e1vac\u00edch aktivit v\u00e1s tu \u010dek\u00e1 tak\u00e9 m\u00f3dn\u00ed p\u0159ehl\u00eddka \u0161at\u016f z \u010dokol\u00e1dy! V tomto \u010dl\u00e1nku v\u00e1m pov\u00edm v\u00edce o tom, jak\u00fd byl leto\u0161n\u00ed ro\u010dn\u00edk.\" width=\"1000\" height=\"667\" srcset=\"https:\/\/1001voyagesgourmands.com\/wp-content\/uploads\/2018\/03\/Salon_du_chocolat-23.jpg 1000w, https:\/\/1001voyagesgourmands.com\/wp-content\/uploads\/2018\/03\/Salon_du_chocolat-23-300x200.jpg 300w, https:\/\/1001voyagesgourmands.com\/wp-content\/uploads\/2018\/03\/Salon_du_chocolat-23-768x512.jpg 768w, https:\/\/1001voyagesgourmands.com\/wp-content\/uploads\/2018\/03\/Salon_du_chocolat-23-585x390.jpg 585w, https:\/\/1001voyagesgourmands.com\/wp-content\/uploads\/2018\/03\/Salon_du_chocolat-23-263x175.jpg 263w\" sizes=\"auto, (max-width: 1000px) 100vw, 1000px\" \/><\/p>\n<p><img loading=\"lazy\" decoding=\"async\" class=\"aligncenter size-full wp-image-19897\" src=\"http:\/\/1001voyagesgourmands.com\/wp-content\/uploads\/2018\/03\/Salon_du_chocolat-24.jpg\" alt=\"Salon du Chocolat neboli Salon \u010dokol\u00e1dy v Bruselu je t\u0159\u00eddenn\u00ed veletrh v\u011bnovan\u00fd \u010dokol\u00e1d\u011b. Krom\u011b ochutn\u00e1vek, demonstrac\u00ed, d\u00edlen a vzd\u011bl\u00e1vac\u00edch aktivit v\u00e1s tu \u010dek\u00e1 tak\u00e9 m\u00f3dn\u00ed p\u0159ehl\u00eddka \u0161at\u016f z \u010dokol\u00e1dy! V tomto \u010dl\u00e1nku v\u00e1m pov\u00edm v\u00edce o tom, jak\u00fd byl leto\u0161n\u00ed ro\u010dn\u00edk.\" width=\"1000\" height=\"667\" srcset=\"https:\/\/1001voyagesgourmands.com\/wp-content\/uploads\/2018\/03\/Salon_du_chocolat-24.jpg 1000w, https:\/\/1001voyagesgourmands.com\/wp-content\/uploads\/2018\/03\/Salon_du_chocolat-24-300x200.jpg 300w, https:\/\/1001voyagesgourmands.com\/wp-content\/uploads\/2018\/03\/Salon_du_chocolat-24-768x512.jpg 768w, https:\/\/1001voyagesgourmands.com\/wp-content\/uploads\/2018\/03\/Salon_du_chocolat-24-585x390.jpg 585w, https:\/\/1001voyagesgourmands.com\/wp-content\/uploads\/2018\/03\/Salon_du_chocolat-24-263x175.jpg 263w\" sizes=\"auto, (max-width: 1000px) 100vw, 1000px\" \/><\/p>\n<p><img loading=\"lazy\" decoding=\"async\" class=\"aligncenter size-full wp-image-19899\" src=\"http:\/\/1001voyagesgourmands.com\/wp-content\/uploads\/2018\/03\/Salon_du_chocolat-25.jpg\" alt=\"Salon du Chocolat neboli Salon \u010dokol\u00e1dy v Bruselu je t\u0159\u00eddenn\u00ed veletrh v\u011bnovan\u00fd \u010dokol\u00e1d\u011b. Krom\u011b ochutn\u00e1vek, demonstrac\u00ed, d\u00edlen a vzd\u011bl\u00e1vac\u00edch aktivit v\u00e1s tu \u010dek\u00e1 tak\u00e9 m\u00f3dn\u00ed p\u0159ehl\u00eddka \u0161at\u016f z \u010dokol\u00e1dy! V tomto \u010dl\u00e1nku v\u00e1m pov\u00edm v\u00edce o tom, jak\u00fd byl leto\u0161n\u00ed ro\u010dn\u00edk.\" width=\"1000\" height=\"667\" srcset=\"https:\/\/1001voyagesgourmands.com\/wp-content\/uploads\/2018\/03\/Salon_du_chocolat-25.jpg 1000w, https:\/\/1001voyagesgourmands.com\/wp-content\/uploads\/2018\/03\/Salon_du_chocolat-25-300x200.jpg 300w, https:\/\/1001voyagesgourmands.com\/wp-content\/uploads\/2018\/03\/Salon_du_chocolat-25-768x512.jpg 768w, https:\/\/1001voyagesgourmands.com\/wp-content\/uploads\/2018\/03\/Salon_du_chocolat-25-585x390.jpg 585w, https:\/\/1001voyagesgourmands.com\/wp-content\/uploads\/2018\/03\/Salon_du_chocolat-25-263x175.jpg 263w\" sizes=\"auto, (max-width: 1000px) 100vw, 1000px\" \/><\/p>\n<p>&nbsp;<\/p>\n<h3>RUBY RB1<\/h3>\n<p style=\"text-align: justify;\">Na leto\u0161n\u00edm veletrhu \u010dokol\u00e1dy m\u011bla tak\u00e9 svou sv\u011btovou premi\u00e9ru<strong> \u010dtvrt\u00e1 \u010dokol\u00e1da RUBY RB1 od firmy Callebaut<\/strong>, je\u017e byla lidem p\u0159edstavena choreografi\u00ed evokuj\u00edc\u00ed barvu a chu\u0165 t\u00e9to nov\u00e9 \u010dokol\u00e1dy a n\u00e1slednou degustac\u00ed kulin\u00e1rn\u00edch kreac\u00ed od p\u0159\u00edtomn\u00fdch mistr\u016f. Tahle r\u016f\u017eov\u00e1 \u010dokol\u00e1da je ur\u010dena \u010dokol\u00e1dovn\u00edk\u016fm a v Belgii bude dostupn\u00e1 od dubna.<\/p>\n<p><img loading=\"lazy\" decoding=\"async\" class=\"aligncenter size-full wp-image-19901\" src=\"http:\/\/1001voyagesgourmands.com\/wp-content\/uploads\/2018\/03\/Salon_du_chocolat-26.jpg\" alt=\"Salon du Chocolat neboli Salon \u010dokol\u00e1dy v Bruselu je t\u0159\u00eddenn\u00ed veletrh v\u011bnovan\u00fd \u010dokol\u00e1d\u011b. Krom\u011b ochutn\u00e1vek, demonstrac\u00ed, d\u00edlen a vzd\u011bl\u00e1vac\u00edch aktivit v\u00e1s tu \u010dek\u00e1 tak\u00e9 m\u00f3dn\u00ed p\u0159ehl\u00eddka \u0161at\u016f z \u010dokol\u00e1dy! V tomto \u010dl\u00e1nku v\u00e1m pov\u00edm v\u00edce o tom, jak\u00fd byl leto\u0161n\u00ed ro\u010dn\u00edk.\" width=\"1000\" height=\"667\" srcset=\"https:\/\/1001voyagesgourmands.com\/wp-content\/uploads\/2018\/03\/Salon_du_chocolat-26.jpg 1000w, https:\/\/1001voyagesgourmands.com\/wp-content\/uploads\/2018\/03\/Salon_du_chocolat-26-300x200.jpg 300w, https:\/\/1001voyagesgourmands.com\/wp-content\/uploads\/2018\/03\/Salon_du_chocolat-26-768x512.jpg 768w, https:\/\/1001voyagesgourmands.com\/wp-content\/uploads\/2018\/03\/Salon_du_chocolat-26-585x390.jpg 585w, https:\/\/1001voyagesgourmands.com\/wp-content\/uploads\/2018\/03\/Salon_du_chocolat-26-263x175.jpg 263w\" sizes=\"auto, (max-width: 1000px) 100vw, 1000px\" \/><\/p>\n<p><img loading=\"lazy\" decoding=\"async\" class=\"aligncenter size-full wp-image-19903\" src=\"http:\/\/1001voyagesgourmands.com\/wp-content\/uploads\/2018\/03\/Salon_du_chocolat-27.jpg\" alt=\"Salon du Chocolat neboli Salon \u010dokol\u00e1dy v Bruselu je t\u0159\u00eddenn\u00ed veletrh v\u011bnovan\u00fd \u010dokol\u00e1d\u011b. Krom\u011b ochutn\u00e1vek, demonstrac\u00ed, d\u00edlen a vzd\u011bl\u00e1vac\u00edch aktivit v\u00e1s tu \u010dek\u00e1 tak\u00e9 m\u00f3dn\u00ed p\u0159ehl\u00eddka \u0161at\u016f z \u010dokol\u00e1dy! V tomto \u010dl\u00e1nku v\u00e1m pov\u00edm v\u00edce o tom, jak\u00fd byl leto\u0161n\u00ed ro\u010dn\u00edk.\" width=\"1000\" height=\"667\" srcset=\"https:\/\/1001voyagesgourmands.com\/wp-content\/uploads\/2018\/03\/Salon_du_chocolat-27.jpg 1000w, https:\/\/1001voyagesgourmands.com\/wp-content\/uploads\/2018\/03\/Salon_du_chocolat-27-300x200.jpg 300w, https:\/\/1001voyagesgourmands.com\/wp-content\/uploads\/2018\/03\/Salon_du_chocolat-27-768x512.jpg 768w, https:\/\/1001voyagesgourmands.com\/wp-content\/uploads\/2018\/03\/Salon_du_chocolat-27-585x390.jpg 585w, https:\/\/1001voyagesgourmands.com\/wp-content\/uploads\/2018\/03\/Salon_du_chocolat-27-263x175.jpg 263w\" sizes=\"auto, (max-width: 1000px) 100vw, 1000px\" \/><\/p>\n<p><img loading=\"lazy\" decoding=\"async\" class=\"aligncenter size-full wp-image-19905\" src=\"http:\/\/1001voyagesgourmands.com\/wp-content\/uploads\/2018\/03\/Salon_du_chocolat-28.jpg\" alt=\"Salon du Chocolat neboli Salon \u010dokol\u00e1dy v Bruselu je t\u0159\u00eddenn\u00ed veletrh v\u011bnovan\u00fd \u010dokol\u00e1d\u011b. Krom\u011b ochutn\u00e1vek, demonstrac\u00ed, d\u00edlen a vzd\u011bl\u00e1vac\u00edch aktivit v\u00e1s tu \u010dek\u00e1 tak\u00e9 m\u00f3dn\u00ed p\u0159ehl\u00eddka \u0161at\u016f z \u010dokol\u00e1dy! V tomto \u010dl\u00e1nku v\u00e1m pov\u00edm v\u00edce o tom, jak\u00fd byl leto\u0161n\u00ed ro\u010dn\u00edk.\" width=\"1000\" height=\"667\" srcset=\"https:\/\/1001voyagesgourmands.com\/wp-content\/uploads\/2018\/03\/Salon_du_chocolat-28.jpg 1000w, https:\/\/1001voyagesgourmands.com\/wp-content\/uploads\/2018\/03\/Salon_du_chocolat-28-300x200.jpg 300w, https:\/\/1001voyagesgourmands.com\/wp-content\/uploads\/2018\/03\/Salon_du_chocolat-28-768x512.jpg 768w, https:\/\/1001voyagesgourmands.com\/wp-content\/uploads\/2018\/03\/Salon_du_chocolat-28-585x390.jpg 585w, https:\/\/1001voyagesgourmands.com\/wp-content\/uploads\/2018\/03\/Salon_du_chocolat-28-263x175.jpg 263w\" sizes=\"auto, (max-width: 1000px) 100vw, 1000px\" \/><\/p>\n<p><img loading=\"lazy\" decoding=\"async\" class=\"aligncenter wp-image-19909\" src=\"http:\/\/1001voyagesgourmands.com\/wp-content\/uploads\/2018\/03\/Salon_du_chocolat-30-683x1024.jpg\" alt=\"\" width=\"849\" height=\"1273\" srcset=\"https:\/\/1001voyagesgourmands.com\/wp-content\/uploads\/2018\/03\/Salon_du_chocolat-30-683x1024.jpg 683w, https:\/\/1001voyagesgourmands.com\/wp-content\/uploads\/2018\/03\/Salon_du_chocolat-30-200x300.jpg 200w, https:\/\/1001voyagesgourmands.com\/wp-content\/uploads\/2018\/03\/Salon_du_chocolat-30-768x1152.jpg 768w, https:\/\/1001voyagesgourmands.com\/wp-content\/uploads\/2018\/03\/Salon_du_chocolat-30-585x878.jpg 585w, https:\/\/1001voyagesgourmands.com\/wp-content\/uploads\/2018\/03\/Salon_du_chocolat-30.jpg 1000w\" sizes=\"auto, (max-width: 849px) 100vw, 849px\" \/><\/p>\n<p><img loading=\"lazy\" decoding=\"async\" class=\"aligncenter size-full wp-image-19913\" src=\"http:\/\/1001voyagesgourmands.com\/wp-content\/uploads\/2018\/03\/Salon_du_chocolat-32.jpg\" alt=\"\" width=\"1000\" height=\"667\" srcset=\"https:\/\/1001voyagesgourmands.com\/wp-content\/uploads\/2018\/03\/Salon_du_chocolat-32.jpg 1000w, https:\/\/1001voyagesgourmands.com\/wp-content\/uploads\/2018\/03\/Salon_du_chocolat-32-300x200.jpg 300w, https:\/\/1001voyagesgourmands.com\/wp-content\/uploads\/2018\/03\/Salon_du_chocolat-32-768x512.jpg 768w, https:\/\/1001voyagesgourmands.com\/wp-content\/uploads\/2018\/03\/Salon_du_chocolat-32-585x390.jpg 585w, https:\/\/1001voyagesgourmands.com\/wp-content\/uploads\/2018\/03\/Salon_du_chocolat-32-263x175.jpg 263w\" sizes=\"auto, (max-width: 1000px) 100vw, 1000px\" \/><\/p>\n<p><img loading=\"lazy\" decoding=\"async\" class=\"aligncenter size-full wp-image-19915\" src=\"http:\/\/1001voyagesgourmands.com\/wp-content\/uploads\/2018\/03\/Salon_du_chocolat-33.jpg\" alt=\"\" width=\"1000\" height=\"667\" srcset=\"https:\/\/1001voyagesgourmands.com\/wp-content\/uploads\/2018\/03\/Salon_du_chocolat-33.jpg 1000w, https:\/\/1001voyagesgourmands.com\/wp-content\/uploads\/2018\/03\/Salon_du_chocolat-33-300x200.jpg 300w, https:\/\/1001voyagesgourmands.com\/wp-content\/uploads\/2018\/03\/Salon_du_chocolat-33-768x512.jpg 768w, https:\/\/1001voyagesgourmands.com\/wp-content\/uploads\/2018\/03\/Salon_du_chocolat-33-585x390.jpg 585w, https:\/\/1001voyagesgourmands.com\/wp-content\/uploads\/2018\/03\/Salon_du_chocolat-33-263x175.jpg 263w\" sizes=\"auto, (max-width: 1000px) 100vw, 1000px\" \/><\/p>\n<p><img loading=\"lazy\" decoding=\"async\" class=\"aligncenter size-full wp-image-19917\" src=\"http:\/\/1001voyagesgourmands.com\/wp-content\/uploads\/2018\/03\/Salon_du_chocolat-34.jpg\" alt=\"\" width=\"1000\" height=\"667\" srcset=\"https:\/\/1001voyagesgourmands.com\/wp-content\/uploads\/2018\/03\/Salon_du_chocolat-34.jpg 1000w, https:\/\/1001voyagesgourmands.com\/wp-content\/uploads\/2018\/03\/Salon_du_chocolat-34-300x200.jpg 300w, https:\/\/1001voyagesgourmands.com\/wp-content\/uploads\/2018\/03\/Salon_du_chocolat-34-768x512.jpg 768w, https:\/\/1001voyagesgourmands.com\/wp-content\/uploads\/2018\/03\/Salon_du_chocolat-34-585x390.jpg 585w, https:\/\/1001voyagesgourmands.com\/wp-content\/uploads\/2018\/03\/Salon_du_chocolat-34-263x175.jpg 263w\" sizes=\"auto, (max-width: 1000px) 100vw, 1000px\" \/><\/p>\n<p><img loading=\"lazy\" decoding=\"async\" class=\"aligncenter size-full wp-image-19919\" src=\"http:\/\/1001voyagesgourmands.com\/wp-content\/uploads\/2018\/03\/Salon_du_chocolat-35.jpg\" alt=\"\" width=\"1000\" height=\"667\" srcset=\"https:\/\/1001voyagesgourmands.com\/wp-content\/uploads\/2018\/03\/Salon_du_chocolat-35.jpg 1000w, https:\/\/1001voyagesgourmands.com\/wp-content\/uploads\/2018\/03\/Salon_du_chocolat-35-300x200.jpg 300w, https:\/\/1001voyagesgourmands.com\/wp-content\/uploads\/2018\/03\/Salon_du_chocolat-35-768x512.jpg 768w, https:\/\/1001voyagesgourmands.com\/wp-content\/uploads\/2018\/03\/Salon_du_chocolat-35-585x390.jpg 585w, https:\/\/1001voyagesgourmands.com\/wp-content\/uploads\/2018\/03\/Salon_du_chocolat-35-263x175.jpg 263w\" sizes=\"auto, (max-width: 1000px) 100vw, 1000px\" \/><\/p>\n<h3>&nbsp;<\/h3>\n<h3>Praktick\u00e9 informace<\/h3>\n<p>V\u00edce informac\u00ed a data pro p\u0159\u00ed\u0161t\u00ed ro\u010dn\u00edky najdete na <a href=\"http:\/\/brussels.salon-du-chocolat.com\/\" target=\"_blank\" rel=\"noopener noreferrer\">ofici\u00e1ln\u00edch str\u00e1nk\u00e1ch veletrhu Salon du Chodolat<\/a>.<\/p>\n","protected":false},"excerpt":{"rendered":"<p>Ve dnech 2.-4. b\u0159ezna 2018 se bruselsk\u00e9 v\u00fdstavn\u00ed prostory Tour&nbsp;&amp; Taxis doslova prom\u011bnily v \u010dokol\u00e1dov\u00fd r\u00e1j &#8211; konal se tu toti\u017e p\u00e1t\u00fd ro\u010dn\u00edk veletrhu \u010dokol\u00e1dy Salon du Chocolat. Na plo\u0161e o zhruba 8000 m2 se tak 25 tis\u00edc\u016fm n\u00e1v\u0161t\u011bvn\u00edk\u016f p\u0159edstavilo v\u00edce jak 130 zn\u00e1m\u00fdch i m\u00e9n\u011b zn\u00e1m\u00fdch tv\u016frc\u016f \u010dokol\u00e1dov\u00fdch pralinek,&hellip;<\/p>\n","protected":false},"author":1,"featured_media":19861,"comment_status":"open","ping_status":"open","sticky":false,"template":"","format":"standard","meta":{"_exactmetrics_skip_tracking":false,"_exactmetrics_sitenote_active":false,"_exactmetrics_sitenote_note":"","_exactmetrics_sitenote_category":0,"_lmt_disableupdate":"","_lmt_disable":"","footnotes":""},"categories":[362,527,4],"tags":[309,30,396],"class_list":["post-19840","post","type-post","status-publish","format-standard","has-post-thumbnail","hentry","category-belgie","category-brusel","category-cestovani","tag-belgie","tag-brusel","tag-zivot-v-belgii"],"yoast_head":"<!-- This site is optimized with the Yoast SEO plugin v26.1.1 - https:\/\/yoast.com\/wordpress\/plugins\/seo\/ -->\n<title>Salon \u010dokol\u00e1dy v Bruselu - 1001 Voyages Gourmands<\/title>\n<meta name=\"description\" content=\"Salon du Chocolat neboli Salon \u010dokol\u00e1dy v Bruselu je t\u0159\u00eddenn\u00ed veletrh v\u011bnovan\u00fd \u010dokol\u00e1d\u011b. Krom\u011b ochutn\u00e1vek, demonstrac\u00ed, d\u00edlen a vzd\u011bl\u00e1vac\u00edch aktivit v\u00e1s tu \u010dek\u00e1 tak\u00e9 m\u00f3dn\u00ed p\u0159ehl\u00eddka \u0161at\u016f z \u010dokol\u00e1dy! V tomto \u010dl\u00e1nku v\u00e1m pov\u00edm v\u00edce o tom, jak\u00fd byl leto\u0161n\u00ed ro\u010dn\u00edk.\" \/>\n<meta name=\"robots\" content=\"index, follow, max-snippet:-1, max-image-preview:large, max-video-preview:-1\" \/>\n<link rel=\"canonical\" href=\"https:\/\/1001voyagesgourmands.com\/cs\/salon-cokolady-v-bruselu\/\" \/>\n<meta property=\"og:locale\" content=\"cs_CZ\" \/>\n<meta property=\"og:type\" content=\"article\" \/>\n<meta property=\"og:title\" content=\"Salon \u010dokol\u00e1dy v Bruselu - 1001 Voyages Gourmands\" \/>\n<meta property=\"og:description\" content=\"Salon du Chocolat neboli Salon \u010dokol\u00e1dy v Bruselu je t\u0159\u00eddenn\u00ed veletrh v\u011bnovan\u00fd \u010dokol\u00e1d\u011b. Krom\u011b ochutn\u00e1vek, demonstrac\u00ed, d\u00edlen a vzd\u011bl\u00e1vac\u00edch aktivit v\u00e1s tu \u010dek\u00e1 tak\u00e9 m\u00f3dn\u00ed p\u0159ehl\u00eddka \u0161at\u016f z \u010dokol\u00e1dy! V tomto \u010dl\u00e1nku v\u00e1m pov\u00edm v\u00edce o tom, jak\u00fd byl leto\u0161n\u00ed ro\u010dn\u00edk.\" \/>\n<meta property=\"og:url\" content=\"https:\/\/1001voyagesgourmands.com\/cs\/salon-cokolady-v-bruselu\/\" \/>\n<meta property=\"og:site_name\" content=\"1001 Voyages Gourmands\" \/>\n<meta property=\"article:publisher\" content=\"https:\/\/www.facebook.com\/1001voyagesgourmands\" \/>\n<meta property=\"article:published_time\" content=\"2018-03-16T07:58:16+00:00\" \/>\n<meta property=\"article:modified_time\" content=\"2020-12-02T11:18:52+00:00\" \/>\n<meta property=\"og:image\" content=\"https:\/\/1001voyagesgourmands.com\/wp-content\/uploads\/2018\/03\/Salon_du_chocolat-6.jpg\" \/>\n\t<meta property=\"og:image:width\" content=\"1000\" \/>\n\t<meta property=\"og:image:height\" content=\"667\" \/>\n\t<meta property=\"og:image:type\" content=\"image\/jpeg\" \/>\n<meta name=\"author\" content=\"Michaela\" \/>\n<meta name=\"twitter:card\" content=\"summary_large_image\" \/>\n<meta name=\"twitter:creator\" content=\"@michaela_1001vg\" \/>\n<meta name=\"twitter:site\" content=\"@michaela_1001vg\" \/>\n<meta name=\"twitter:label1\" content=\"Napsal(a)\" \/>\n\t<meta name=\"twitter:data1\" content=\"Michaela\" \/>\n\t<meta name=\"twitter:label2\" content=\"Odhadovan\u00e1 doba \u010dten\u00ed\" \/>\n\t<meta name=\"twitter:data2\" content=\"3 minuty\" \/>\n<script type=\"application\/ld+json\" class=\"yoast-schema-graph\">{\"@context\":\"https:\/\/schema.org\",\"@graph\":[{\"@type\":\"WebPage\",\"@id\":\"https:\/\/1001voyagesgourmands.com\/cs\/salon-cokolady-v-bruselu\/\",\"url\":\"https:\/\/1001voyagesgourmands.com\/cs\/salon-cokolady-v-bruselu\/\",\"name\":\"Salon \u010dokol\u00e1dy v Bruselu - 1001 Voyages Gourmands\",\"isPartOf\":{\"@id\":\"https:\/\/1001voyagesgourmands.com\/cs\/#website\"},\"primaryImageOfPage\":{\"@id\":\"https:\/\/1001voyagesgourmands.com\/cs\/salon-cokolady-v-bruselu\/#primaryimage\"},\"image\":{\"@id\":\"https:\/\/1001voyagesgourmands.com\/cs\/salon-cokolady-v-bruselu\/#primaryimage\"},\"thumbnailUrl\":\"https:\/\/1001voyagesgourmands.com\/wp-content\/uploads\/2018\/03\/Salon_du_chocolat-6.jpg\",\"datePublished\":\"2018-03-16T07:58:16+00:00\",\"dateModified\":\"2020-12-02T11:18:52+00:00\",\"author\":{\"@id\":\"https:\/\/1001voyagesgourmands.com\/cs\/#\/schema\/person\/62e0e7238fcf7482b23bf83e1b72ff1b\"},\"description\":\"Salon du Chocolat neboli Salon \u010dokol\u00e1dy v Bruselu je t\u0159\u00eddenn\u00ed veletrh v\u011bnovan\u00fd \u010dokol\u00e1d\u011b. Krom\u011b ochutn\u00e1vek, demonstrac\u00ed, d\u00edlen a vzd\u011bl\u00e1vac\u00edch aktivit v\u00e1s tu \u010dek\u00e1 tak\u00e9 m\u00f3dn\u00ed p\u0159ehl\u00eddka \u0161at\u016f z \u010dokol\u00e1dy! V tomto \u010dl\u00e1nku v\u00e1m pov\u00edm v\u00edce o tom, jak\u00fd byl leto\u0161n\u00ed ro\u010dn\u00edk.\",\"breadcrumb\":{\"@id\":\"https:\/\/1001voyagesgourmands.com\/cs\/salon-cokolady-v-bruselu\/#breadcrumb\"},\"inLanguage\":\"cs\",\"potentialAction\":[{\"@type\":\"ReadAction\",\"target\":[\"https:\/\/1001voyagesgourmands.com\/cs\/salon-cokolady-v-bruselu\/\"]}]},{\"@type\":\"ImageObject\",\"inLanguage\":\"cs\",\"@id\":\"https:\/\/1001voyagesgourmands.com\/cs\/salon-cokolady-v-bruselu\/#primaryimage\",\"url\":\"https:\/\/1001voyagesgourmands.com\/wp-content\/uploads\/2018\/03\/Salon_du_chocolat-6.jpg\",\"contentUrl\":\"https:\/\/1001voyagesgourmands.com\/wp-content\/uploads\/2018\/03\/Salon_du_chocolat-6.jpg\",\"width\":1000,\"height\":667,\"caption\":\"Salon du Chocolat neboli Salon \u010dokol\u00e1dy v Bruselu je t\u0159\u00eddenn\u00ed veletrh v\u011bnovan\u00fd \u010dokol\u00e1d\u011b. Krom\u011b ochutn\u00e1vek, demonstrac\u00ed, d\u00edlen a vzd\u011bl\u00e1vac\u00edch aktivit v\u00e1s tu \u010dek\u00e1 tak\u00e9 m\u00f3dn\u00ed p\u0159ehl\u00eddka \u0161at\u016f z \u010dokol\u00e1dy! V tomto \u010dl\u00e1nku v\u00e1m pov\u00edm v\u00edce o tom, jak\u00fd byl leto\u0161n\u00ed ro\u010dn\u00edk.\"},{\"@type\":\"BreadcrumbList\",\"@id\":\"https:\/\/1001voyagesgourmands.com\/cs\/salon-cokolady-v-bruselu\/#breadcrumb\",\"itemListElement\":[{\"@type\":\"ListItem\",\"position\":1,\"name\":\"Dom\u016f\",\"item\":\"https:\/\/1001voyagesgourmands.com\/cs\/\"},{\"@type\":\"ListItem\",\"position\":2,\"name\":\"Salon \u010dokol\u00e1dy v Bruselu\"}]},{\"@type\":\"WebSite\",\"@id\":\"https:\/\/1001voyagesgourmands.com\/cs\/#website\",\"url\":\"https:\/\/1001voyagesgourmands.com\/cs\/\",\"name\":\"1001 Voyages Gourmands\",\"description\":\"Food | Travel | Photography\",\"potentialAction\":[{\"@type\":\"SearchAction\",\"target\":{\"@type\":\"EntryPoint\",\"urlTemplate\":\"https:\/\/1001voyagesgourmands.com\/cs\/?s={search_term_string}\"},\"query-input\":{\"@type\":\"PropertyValueSpecification\",\"valueRequired\":true,\"valueName\":\"search_term_string\"}}],\"inLanguage\":\"cs\"},{\"@type\":\"Person\",\"@id\":\"https:\/\/1001voyagesgourmands.com\/cs\/#\/schema\/person\/62e0e7238fcf7482b23bf83e1b72ff1b\",\"name\":\"Michaela\",\"image\":{\"@type\":\"ImageObject\",\"inLanguage\":\"cs\",\"@id\":\"https:\/\/1001voyagesgourmands.com\/cs\/#\/schema\/person\/image\/\",\"url\":\"https:\/\/secure.gravatar.com\/avatar\/73fa562a5b0ce269ca480f67de504b8ecac054a121d170e226f1b79e02024cb8?s=96&d=mm&r=g\",\"contentUrl\":\"https:\/\/secure.gravatar.com\/avatar\/73fa562a5b0ce269ca480f67de504b8ecac054a121d170e226f1b79e02024cb8?s=96&d=mm&r=g\",\"caption\":\"Michaela\"},\"sameAs\":[\"http:\/\/1001voyagesgourmands.com\"]}]}<\/script>\n<!-- \/ Yoast SEO plugin. -->","yoast_head_json":{"title":"Salon \u010dokol\u00e1dy v Bruselu - 1001 Voyages Gourmands","description":"Salon du Chocolat neboli Salon \u010dokol\u00e1dy v Bruselu je t\u0159\u00eddenn\u00ed veletrh v\u011bnovan\u00fd \u010dokol\u00e1d\u011b. Krom\u011b ochutn\u00e1vek, demonstrac\u00ed, d\u00edlen a vzd\u011bl\u00e1vac\u00edch aktivit v\u00e1s tu \u010dek\u00e1 tak\u00e9 m\u00f3dn\u00ed p\u0159ehl\u00eddka \u0161at\u016f z \u010dokol\u00e1dy! V tomto \u010dl\u00e1nku v\u00e1m pov\u00edm v\u00edce o tom, jak\u00fd byl leto\u0161n\u00ed ro\u010dn\u00edk.","robots":{"index":"index","follow":"follow","max-snippet":"max-snippet:-1","max-image-preview":"max-image-preview:large","max-video-preview":"max-video-preview:-1"},"canonical":"https:\/\/1001voyagesgourmands.com\/cs\/salon-cokolady-v-bruselu\/","og_locale":"cs_CZ","og_type":"article","og_title":"Salon \u010dokol\u00e1dy v Bruselu - 1001 Voyages Gourmands","og_description":"Salon du Chocolat neboli Salon \u010dokol\u00e1dy v Bruselu je t\u0159\u00eddenn\u00ed veletrh v\u011bnovan\u00fd \u010dokol\u00e1d\u011b. Krom\u011b ochutn\u00e1vek, demonstrac\u00ed, d\u00edlen a vzd\u011bl\u00e1vac\u00edch aktivit v\u00e1s tu \u010dek\u00e1 tak\u00e9 m\u00f3dn\u00ed p\u0159ehl\u00eddka \u0161at\u016f z \u010dokol\u00e1dy! V tomto \u010dl\u00e1nku v\u00e1m pov\u00edm v\u00edce o tom, jak\u00fd byl leto\u0161n\u00ed ro\u010dn\u00edk.","og_url":"https:\/\/1001voyagesgourmands.com\/cs\/salon-cokolady-v-bruselu\/","og_site_name":"1001 Voyages Gourmands","article_publisher":"https:\/\/www.facebook.com\/1001voyagesgourmands","article_published_time":"2018-03-16T07:58:16+00:00","article_modified_time":"2020-12-02T11:18:52+00:00","og_image":[{"width":1000,"height":667,"url":"https:\/\/1001voyagesgourmands.com\/wp-content\/uploads\/2018\/03\/Salon_du_chocolat-6.jpg","type":"image\/jpeg"}],"author":"Michaela","twitter_card":"summary_large_image","twitter_creator":"@michaela_1001vg","twitter_site":"@michaela_1001vg","twitter_misc":{"Napsal(a)":"Michaela","Odhadovan\u00e1 doba \u010dten\u00ed":"3 minuty"},"schema":{"@context":"https:\/\/schema.org","@graph":[{"@type":"WebPage","@id":"https:\/\/1001voyagesgourmands.com\/cs\/salon-cokolady-v-bruselu\/","url":"https:\/\/1001voyagesgourmands.com\/cs\/salon-cokolady-v-bruselu\/","name":"Salon \u010dokol\u00e1dy v Bruselu - 1001 Voyages Gourmands","isPartOf":{"@id":"https:\/\/1001voyagesgourmands.com\/cs\/#website"},"primaryImageOfPage":{"@id":"https:\/\/1001voyagesgourmands.com\/cs\/salon-cokolady-v-bruselu\/#primaryimage"},"image":{"@id":"https:\/\/1001voyagesgourmands.com\/cs\/salon-cokolady-v-bruselu\/#primaryimage"},"thumbnailUrl":"https:\/\/1001voyagesgourmands.com\/wp-content\/uploads\/2018\/03\/Salon_du_chocolat-6.jpg","datePublished":"2018-03-16T07:58:16+00:00","dateModified":"2020-12-02T11:18:52+00:00","author":{"@id":"https:\/\/1001voyagesgourmands.com\/cs\/#\/schema\/person\/62e0e7238fcf7482b23bf83e1b72ff1b"},"description":"Salon du Chocolat neboli Salon \u010dokol\u00e1dy v Bruselu je t\u0159\u00eddenn\u00ed veletrh v\u011bnovan\u00fd \u010dokol\u00e1d\u011b. Krom\u011b ochutn\u00e1vek, demonstrac\u00ed, d\u00edlen a vzd\u011bl\u00e1vac\u00edch aktivit v\u00e1s tu \u010dek\u00e1 tak\u00e9 m\u00f3dn\u00ed p\u0159ehl\u00eddka \u0161at\u016f z \u010dokol\u00e1dy! V tomto \u010dl\u00e1nku v\u00e1m pov\u00edm v\u00edce o tom, jak\u00fd byl leto\u0161n\u00ed ro\u010dn\u00edk.","breadcrumb":{"@id":"https:\/\/1001voyagesgourmands.com\/cs\/salon-cokolady-v-bruselu\/#breadcrumb"},"inLanguage":"cs","potentialAction":[{"@type":"ReadAction","target":["https:\/\/1001voyagesgourmands.com\/cs\/salon-cokolady-v-bruselu\/"]}]},{"@type":"ImageObject","inLanguage":"cs","@id":"https:\/\/1001voyagesgourmands.com\/cs\/salon-cokolady-v-bruselu\/#primaryimage","url":"https:\/\/1001voyagesgourmands.com\/wp-content\/uploads\/2018\/03\/Salon_du_chocolat-6.jpg","contentUrl":"https:\/\/1001voyagesgourmands.com\/wp-content\/uploads\/2018\/03\/Salon_du_chocolat-6.jpg","width":1000,"height":667,"caption":"Salon du Chocolat neboli Salon \u010dokol\u00e1dy v Bruselu je t\u0159\u00eddenn\u00ed veletrh v\u011bnovan\u00fd \u010dokol\u00e1d\u011b. Krom\u011b ochutn\u00e1vek, demonstrac\u00ed, d\u00edlen a vzd\u011bl\u00e1vac\u00edch aktivit v\u00e1s tu \u010dek\u00e1 tak\u00e9 m\u00f3dn\u00ed p\u0159ehl\u00eddka \u0161at\u016f z \u010dokol\u00e1dy! V tomto \u010dl\u00e1nku v\u00e1m pov\u00edm v\u00edce o tom, jak\u00fd byl leto\u0161n\u00ed ro\u010dn\u00edk."},{"@type":"BreadcrumbList","@id":"https:\/\/1001voyagesgourmands.com\/cs\/salon-cokolady-v-bruselu\/#breadcrumb","itemListElement":[{"@type":"ListItem","position":1,"name":"Dom\u016f","item":"https:\/\/1001voyagesgourmands.com\/cs\/"},{"@type":"ListItem","position":2,"name":"Salon \u010dokol\u00e1dy v Bruselu"}]},{"@type":"WebSite","@id":"https:\/\/1001voyagesgourmands.com\/cs\/#website","url":"https:\/\/1001voyagesgourmands.com\/cs\/","name":"1001 Voyages Gourmands","description":"Food | Travel | Photography","potentialAction":[{"@type":"SearchAction","target":{"@type":"EntryPoint","urlTemplate":"https:\/\/1001voyagesgourmands.com\/cs\/?s={search_term_string}"},"query-input":{"@type":"PropertyValueSpecification","valueRequired":true,"valueName":"search_term_string"}}],"inLanguage":"cs"},{"@type":"Person","@id":"https:\/\/1001voyagesgourmands.com\/cs\/#\/schema\/person\/62e0e7238fcf7482b23bf83e1b72ff1b","name":"Michaela","image":{"@type":"ImageObject","inLanguage":"cs","@id":"https:\/\/1001voyagesgourmands.com\/cs\/#\/schema\/person\/image\/","url":"https:\/\/secure.gravatar.com\/avatar\/73fa562a5b0ce269ca480f67de504b8ecac054a121d170e226f1b79e02024cb8?s=96&d=mm&r=g","contentUrl":"https:\/\/secure.gravatar.com\/avatar\/73fa562a5b0ce269ca480f67de504b8ecac054a121d170e226f1b79e02024cb8?s=96&d=mm&r=g","caption":"Michaela"},"sameAs":["http:\/\/1001voyagesgourmands.com"]}]}},"_links":{"self":[{"href":"https:\/\/1001voyagesgourmands.com\/cs\/wp-json\/wp\/v2\/posts\/19840","targetHints":{"allow":["GET"]}}],"collection":[{"href":"https:\/\/1001voyagesgourmands.com\/cs\/wp-json\/wp\/v2\/posts"}],"about":[{"href":"https:\/\/1001voyagesgourmands.com\/cs\/wp-json\/wp\/v2\/types\/post"}],"author":[{"embeddable":true,"href":"https:\/\/1001voyagesgourmands.com\/cs\/wp-json\/wp\/v2\/users\/1"}],"replies":[{"embeddable":true,"href":"https:\/\/1001voyagesgourmands.com\/cs\/wp-json\/wp\/v2\/comments?post=19840"}],"version-history":[{"count":1,"href":"https:\/\/1001voyagesgourmands.com\/cs\/wp-json\/wp\/v2\/posts\/19840\/revisions"}],"predecessor-version":[{"id":28170,"href":"https:\/\/1001voyagesgourmands.com\/cs\/wp-json\/wp\/v2\/posts\/19840\/revisions\/28170"}],"wp:featuredmedia":[{"embeddable":true,"href":"https:\/\/1001voyagesgourmands.com\/cs\/wp-json\/wp\/v2\/media\/19861"}],"wp:attachment":[{"href":"https:\/\/1001voyagesgourmands.com\/cs\/wp-json\/wp\/v2\/media?parent=19840"}],"wp:term":[{"taxonomy":"category","embeddable":true,"href":"https:\/\/1001voyagesgourmands.com\/cs\/wp-json\/wp\/v2\/categories?post=19840"},{"taxonomy":"post_tag","embeddable":true,"href":"https:\/\/1001voyagesgourmands.com\/cs\/wp-json\/wp\/v2\/tags?post=19840"}],"curies":[{"name":"wp","href":"https:\/\/api.w.org\/{rel}","templated":true}]}}