{"id":19683,"date":"2018-02-28T23:17:22","date_gmt":"2018-02-28T22:17:22","guid":{"rendered":"http:\/\/1001voyagesgourmands.com\/?p=19683"},"modified":"2018-03-01T11:11:30","modified_gmt":"2018-03-01T10:11:30","slug":"ostrov-vieques-divoky-raj-portorika","status":"publish","type":"post","link":"https:\/\/1001voyagesgourmands.com\/cs\/ostrov-vieques-divoky-raj-portorika\/","title":{"rendered":"Ostrov Vieques: Divok\u00fd r\u00e1j Portorika"},"content":{"rendered":"<p style=\"text-align: justify;\">Po p\u00e1r dnech str\u00e1ven\u00fdch na <a href=\"http:\/\/1001voyagesgourmands.com\/ponce-perla-jizniho-portorika\/\">jihu<\/a> a <a href=\"http:\/\/1001voyagesgourmands.com\/portoriko-plaze-luquillo-destny-prales-el-yunque\/\">v\u00fdchod\u011b<\/a> Portorika jsme se rozhodli nav\u0161t\u00edvit tak\u00e9 jeden z p\u0159ilehl\u00fdch ostrov\u016f Culebra \u010di Vieques. No a proto\u017ee jsme se nemohli rozhodnout kter\u00fd a byli jsme v Portoriku celkem 3 t\u00fddny, tak jsme dali rovnou oba. O Culeb\u0159e byl <a href=\"http:\/\/1001voyagesgourmands.com\/ostrov-culebra-plazovy-raj-portorika-a-jak-si-tu-nezkazit-dovolenou\/\">p\u0159edchoz\u00ed \u010dl\u00e1nek<\/a> a dnes v\u00e1m pov\u00edm n\u011bco o sousedn\u00edm ostrov\u011b Vieques, kam jsme se z Culebry vydali posl\u00e9ze je\u0161t\u011b na p\u00e1r dn\u00ed u\u017e\u00edt pl\u00e1\u017e\u00ed a slun\u00ed\u010dka.<\/p>\n<p><img loading=\"lazy\" decoding=\"async\" class=\"aligncenter size-full wp-image-19743\" src=\"http:\/\/1001voyagesgourmands.com\/wp-content\/uploads\/2018\/02\/Vieques-27.jpg\" alt=\"Pokud si chcete v Portoriku u\u017e\u00edt klidn\u00e9ho r\u00e1je, kr\u00e1sn\u00fdch a divok\u00fdch pl\u00e1\u017e\u00ed, kde budete daleko od hlu\u010d\u00edc\u00edho davu, potk\u00e1vat divok\u00e9 kon\u011b voln\u011b se pohybuj\u00edc\u00ed kolem, nebo se t\u0159eba projet v kajaku v bioluminescen\u010dn\u00ed z\u00e1toce, pak je ostrov Vieques ta prav\u00e1 volba. Tady je to nezbytn\u00e9, co pot\u0159ebujete v\u011bd\u011bt, ne\u017e se tam vyd\u00e1te.\" width=\"1000\" height=\"667\" srcset=\"https:\/\/1001voyagesgourmands.com\/wp-content\/uploads\/2018\/02\/Vieques-27.jpg 1000w, https:\/\/1001voyagesgourmands.com\/wp-content\/uploads\/2018\/02\/Vieques-27-300x200.jpg 300w, https:\/\/1001voyagesgourmands.com\/wp-content\/uploads\/2018\/02\/Vieques-27-768x512.jpg 768w, https:\/\/1001voyagesgourmands.com\/wp-content\/uploads\/2018\/02\/Vieques-27-585x390.jpg 585w, https:\/\/1001voyagesgourmands.com\/wp-content\/uploads\/2018\/02\/Vieques-27-263x175.jpg 263w\" sizes=\"auto, (max-width: 1000px) 100vw, 1000px\" \/><\/p>\n<p>&nbsp;<\/p>\n<h3 style=\"text-align: justify;\">Pro\u010d se vydat na ostrov Vieques<\/h3>\n<p style=\"text-align: justify;\">Pokud chcete z hlavn\u00edho ostrova Portorika ut\u00e9ct na chv\u00edli n\u011bkam do klidn\u00e9ho r\u00e1je a u\u017e\u00edt si <strong>kr\u00e1sn\u00e9 a p\u0159itom je\u0161t\u011b trochu divok\u00e9 pl\u00e1\u017ee<\/strong> daleko od hlu\u010d\u00edc\u00edho davu, potk\u00e1vat <strong>divok\u00e9 kon\u011b<\/strong> nebo se projet v <strong>kajaku v bioluminescen\u010dn\u00ed z\u00e1toce<\/strong>, pak je ostrov Vieques ta prav\u00e1 volba. Ty z v\u00e1s, kdo nemus\u00ed davy turist\u016f, jist\u011b bude p\u0159itahovat fakt, \u017ee zde stejn\u011b tak jako na Culeb\u0159e nenajdete velk\u00e9 hotelov\u00e9 komplexy, zat\u00edmco tenhle ostrov z\u016fst\u00e1v\u00e1 o n\u011bco m\u00e9n\u011b popul\u00e1rn\u00ed ne\u017e jeho soused se slavnou Flamenco pl\u00e1\u017e\u00ed.&nbsp;?<\/p>\n<p><img loading=\"lazy\" decoding=\"async\" class=\"aligncenter size-full wp-image-19735\" src=\"http:\/\/1001voyagesgourmands.com\/wp-content\/uploads\/2018\/02\/Vieques-23.jpg\" alt=\"Pokud si chcete v Portoriku u\u017e\u00edt klidn\u00e9ho r\u00e1je, kr\u00e1sn\u00fdch a divok\u00fdch pl\u00e1\u017e\u00ed, kde budete daleko od hlu\u010d\u00edc\u00edho davu, potk\u00e1vat divok\u00e9 kon\u011b voln\u011b se pohybuj\u00edc\u00ed kolem, nebo se t\u0159eba projet v kajaku v bioluminescen\u010dn\u00ed z\u00e1toce, pak je ostrov Vieques ta prav\u00e1 volba. Tady je to nezbytn\u00e9, co pot\u0159ebujete v\u011bd\u011bt, ne\u017e se tam vyd\u00e1te.\" width=\"1000\" height=\"667\" srcset=\"https:\/\/1001voyagesgourmands.com\/wp-content\/uploads\/2018\/02\/Vieques-23.jpg 1000w, https:\/\/1001voyagesgourmands.com\/wp-content\/uploads\/2018\/02\/Vieques-23-300x200.jpg 300w, https:\/\/1001voyagesgourmands.com\/wp-content\/uploads\/2018\/02\/Vieques-23-768x512.jpg 768w, https:\/\/1001voyagesgourmands.com\/wp-content\/uploads\/2018\/02\/Vieques-23-585x390.jpg 585w, https:\/\/1001voyagesgourmands.com\/wp-content\/uploads\/2018\/02\/Vieques-23-263x175.jpg 263w\" sizes=\"auto, (max-width: 1000px) 100vw, 1000px\" \/><\/p>\n<p><img loading=\"lazy\" decoding=\"async\" class=\"aligncenter size-full wp-image-19719\" src=\"http:\/\/1001voyagesgourmands.com\/wp-content\/uploads\/2018\/02\/Vieques-15.jpg\" alt=\"Pokud si chcete v Portoriku u\u017e\u00edt klidn\u00e9ho r\u00e1je, kr\u00e1sn\u00fdch a divok\u00fdch pl\u00e1\u017e\u00ed, kde budete daleko od hlu\u010d\u00edc\u00edho davu, potk\u00e1vat divok\u00e9 kon\u011b voln\u011b se pohybuj\u00edc\u00ed kolem, nebo se t\u0159eba projet v kajaku v bioluminescen\u010dn\u00ed z\u00e1toce, pak je ostrov Vieques ta prav\u00e1 volba. Tady je to nezbytn\u00e9, co pot\u0159ebujete v\u011bd\u011bt, ne\u017e se tam vyd\u00e1te.\" width=\"1000\" height=\"667\" srcset=\"https:\/\/1001voyagesgourmands.com\/wp-content\/uploads\/2018\/02\/Vieques-15.jpg 1000w, https:\/\/1001voyagesgourmands.com\/wp-content\/uploads\/2018\/02\/Vieques-15-300x200.jpg 300w, https:\/\/1001voyagesgourmands.com\/wp-content\/uploads\/2018\/02\/Vieques-15-768x512.jpg 768w, https:\/\/1001voyagesgourmands.com\/wp-content\/uploads\/2018\/02\/Vieques-15-585x390.jpg 585w, https:\/\/1001voyagesgourmands.com\/wp-content\/uploads\/2018\/02\/Vieques-15-263x175.jpg 263w\" sizes=\"auto, (max-width: 1000px) 100vw, 1000px\" \/><\/p>\n<p>&nbsp;<\/p>\n<h3 style=\"text-align: justify;\">Jak se tam dostat<\/h3>\n<p style=\"text-align: justify;\">Podobn\u011b jako Culebra je ostrov Vieques dostupn\u00fd jak trajektem, tak letadlem. V\u011bt\u0161ina lid\u00ed bere <strong>trajekt<\/strong>, proto\u017ee jde o dost levnou z\u00e1le\u017eitost a cesta z Fajarda sem trv\u00e1 asi jen 1,5 hodiny. Denn\u011b jezd\u00ed asi 3-4 trajekty tam i zp\u011bt a j\u00edzdn\u00ed \u0159\u00e1d a n\u011bjak\u00e9 slab\u00e9 info najdete&nbsp;<a href=\"http:\/\/www.vieques-island.com\/viequesferry.shtml\" target=\"_blank\" rel=\"noopener\">tady<\/a>. Na trajekt na Vieques se stoj\u00ed i men\u0161\u00ed fronty ne\u017e na Culebru, co\u017e je vcelku p\u0159\u00edjemn\u00e9.<\/p>\n<p style=\"text-align: justify;\">Pokud si v\u0161ak chcete vychutnat kr\u00e1sn\u00fd pohled na ostrovy z pta\u010d\u00ed perspektivy, pak volte <strong>letadlo<\/strong>. Za asi 40 dolar\u016f se\u017eenete jednu cestu ze San Juanu nebo Ceiby s&nbsp;<a href=\"http:\/\/www.viequesairlink.com\/\" target=\"_blank\" rel=\"noopener\">Vieques Airlink<\/a> a let trv\u00e1 asi 30 minut. V\u00fdhoda letu je, \u017ee si ho m\u016f\u017eete rezervovat v klidu p\u0159edem online, co\u017e v p\u0159\u00edpad\u011b trajektu nefunguje. V\u011bzte v\u0161ak, \u017ee jde o mal\u00e1 letad\u00fdlka pro 7-10 lid\u00ed a i v\u00e1ha zavazadel je dost limitov\u00e1na.<\/p>\n<p style=\"text-align: justify;\">My jsme sem p\u0159ilet\u011bli s <a href=\"https:\/\/airflamenco.net\/\" target=\"_blank\" rel=\"noopener\">Air Flamenco<\/a> z Culebry a v\u0161e \u0161lo hladce, jen jsme m\u011bli v\u011bt\u0161\u00ed v\u00e1hu zavazadel ne\u017e tolerovan\u00fdch 11 kg na osobu, a tak jsme museli doplatit sm\u011b\u0161nou \u010d\u00e1stku za nadv\u00e1hu. Let trval 15 minut a byl to z\u00e1\u017eitek!<\/p>\n<p><img loading=\"lazy\" decoding=\"async\" class=\"aligncenter size-full wp-image-19699\" src=\"http:\/\/1001voyagesgourmands.com\/wp-content\/uploads\/2018\/02\/Vieques-5.jpg\" alt=\"Pokud si chcete v Portoriku u\u017e\u00edt klidn\u00e9ho r\u00e1je, kr\u00e1sn\u00fdch a divok\u00fdch pl\u00e1\u017e\u00ed, kde budete daleko od hlu\u010d\u00edc\u00edho davu, potk\u00e1vat divok\u00e9 kon\u011b voln\u011b se pohybuj\u00edc\u00ed kolem, nebo se t\u0159eba projet v kajaku v bioluminescen\u010dn\u00ed z\u00e1toce, pak je ostrov Vieques ta prav\u00e1 volba. Tady je to nezbytn\u00e9, co pot\u0159ebujete v\u011bd\u011bt, ne\u017e se tam vyd\u00e1te.\" width=\"1000\" height=\"667\" srcset=\"https:\/\/1001voyagesgourmands.com\/wp-content\/uploads\/2018\/02\/Vieques-5.jpg 1000w, https:\/\/1001voyagesgourmands.com\/wp-content\/uploads\/2018\/02\/Vieques-5-300x200.jpg 300w, https:\/\/1001voyagesgourmands.com\/wp-content\/uploads\/2018\/02\/Vieques-5-768x512.jpg 768w, https:\/\/1001voyagesgourmands.com\/wp-content\/uploads\/2018\/02\/Vieques-5-585x390.jpg 585w, https:\/\/1001voyagesgourmands.com\/wp-content\/uploads\/2018\/02\/Vieques-5-263x175.jpg 263w\" sizes=\"auto, (max-width: 1000px) 100vw, 1000px\" \/><\/p>\n<p><img loading=\"lazy\" decoding=\"async\" class=\"aligncenter size-full wp-image-19697\" src=\"http:\/\/1001voyagesgourmands.com\/wp-content\/uploads\/2018\/02\/Vieques-4.jpg\" alt=\"Pokud si chcete v Portoriku u\u017e\u00edt klidn\u00e9ho r\u00e1je, kr\u00e1sn\u00fdch a divok\u00fdch pl\u00e1\u017e\u00ed, kde budete daleko od hlu\u010d\u00edc\u00edho davu, potk\u00e1vat divok\u00e9 kon\u011b voln\u011b se pohybuj\u00edc\u00ed kolem, nebo se t\u0159eba projet v kajaku v bioluminescen\u010dn\u00ed z\u00e1toce, pak je ostrov Vieques ta prav\u00e1 volba. Tady je to nezbytn\u00e9, co pot\u0159ebujete v\u011bd\u011bt, ne\u017e se tam vyd\u00e1te.\" width=\"1000\" height=\"667\" srcset=\"https:\/\/1001voyagesgourmands.com\/wp-content\/uploads\/2018\/02\/Vieques-4.jpg 1000w, https:\/\/1001voyagesgourmands.com\/wp-content\/uploads\/2018\/02\/Vieques-4-300x200.jpg 300w, https:\/\/1001voyagesgourmands.com\/wp-content\/uploads\/2018\/02\/Vieques-4-768x512.jpg 768w, https:\/\/1001voyagesgourmands.com\/wp-content\/uploads\/2018\/02\/Vieques-4-585x390.jpg 585w, https:\/\/1001voyagesgourmands.com\/wp-content\/uploads\/2018\/02\/Vieques-4-263x175.jpg 263w\" sizes=\"auto, (max-width: 1000px) 100vw, 1000px\" \/><\/p>\n<p><img loading=\"lazy\" decoding=\"async\" class=\"aligncenter size-full wp-image-19695\" src=\"http:\/\/1001voyagesgourmands.com\/wp-content\/uploads\/2018\/02\/Vieques-3.jpg\" alt=\"Pokud si chcete v Portoriku u\u017e\u00edt klidn\u00e9ho r\u00e1je, kr\u00e1sn\u00fdch a divok\u00fdch pl\u00e1\u017e\u00ed, kde budete daleko od hlu\u010d\u00edc\u00edho davu, potk\u00e1vat divok\u00e9 kon\u011b voln\u011b se pohybuj\u00edc\u00ed kolem, nebo se t\u0159eba projet v kajaku v bioluminescen\u010dn\u00ed z\u00e1toce, pak je ostrov Vieques ta prav\u00e1 volba. Tady je to nezbytn\u00e9, co pot\u0159ebujete v\u011bd\u011bt, ne\u017e se tam vyd\u00e1te.\" width=\"1000\" height=\"667\" srcset=\"https:\/\/1001voyagesgourmands.com\/wp-content\/uploads\/2018\/02\/Vieques-3.jpg 1000w, https:\/\/1001voyagesgourmands.com\/wp-content\/uploads\/2018\/02\/Vieques-3-300x200.jpg 300w, https:\/\/1001voyagesgourmands.com\/wp-content\/uploads\/2018\/02\/Vieques-3-768x512.jpg 768w, https:\/\/1001voyagesgourmands.com\/wp-content\/uploads\/2018\/02\/Vieques-3-585x390.jpg 585w, https:\/\/1001voyagesgourmands.com\/wp-content\/uploads\/2018\/02\/Vieques-3-263x175.jpg 263w\" sizes=\"auto, (max-width: 1000px) 100vw, 1000px\" \/><\/p>\n<p><img loading=\"lazy\" decoding=\"async\" class=\"aligncenter size-full wp-image-19691\" src=\"http:\/\/1001voyagesgourmands.com\/wp-content\/uploads\/2018\/02\/Vieques-1.jpg\" alt=\"Pokud si chcete v Portoriku u\u017e\u00edt klidn\u00e9ho r\u00e1je, kr\u00e1sn\u00fdch a divok\u00fdch pl\u00e1\u017e\u00ed, kde budete daleko od hlu\u010d\u00edc\u00edho davu, potk\u00e1vat divok\u00e9 kon\u011b voln\u011b se pohybuj\u00edc\u00ed kolem, nebo se t\u0159eba projet v kajaku v bioluminescen\u010dn\u00ed z\u00e1toce, pak je ostrov Vieques ta prav\u00e1 volba. Tady je to nezbytn\u00e9, co pot\u0159ebujete v\u011bd\u011bt, ne\u017e se tam vyd\u00e1te.\" width=\"1000\" height=\"667\" srcset=\"https:\/\/1001voyagesgourmands.com\/wp-content\/uploads\/2018\/02\/Vieques-1.jpg 1000w, https:\/\/1001voyagesgourmands.com\/wp-content\/uploads\/2018\/02\/Vieques-1-300x200.jpg 300w, https:\/\/1001voyagesgourmands.com\/wp-content\/uploads\/2018\/02\/Vieques-1-768x512.jpg 768w, https:\/\/1001voyagesgourmands.com\/wp-content\/uploads\/2018\/02\/Vieques-1-585x390.jpg 585w, https:\/\/1001voyagesgourmands.com\/wp-content\/uploads\/2018\/02\/Vieques-1-263x175.jpg 263w\" sizes=\"auto, (max-width: 1000px) 100vw, 1000px\" \/><\/p>\n<p><img loading=\"lazy\" decoding=\"async\" class=\"aligncenter size-full wp-image-19693\" src=\"http:\/\/1001voyagesgourmands.com\/wp-content\/uploads\/2018\/02\/Vieques-2.jpg\" alt=\"Pokud si chcete v Portoriku u\u017e\u00edt klidn\u00e9ho r\u00e1je, kr\u00e1sn\u00fdch a divok\u00fdch pl\u00e1\u017e\u00ed, kde budete daleko od hlu\u010d\u00edc\u00edho davu, potk\u00e1vat divok\u00e9 kon\u011b voln\u011b se pohybuj\u00edc\u00ed kolem, nebo se t\u0159eba projet v kajaku v bioluminescen\u010dn\u00ed z\u00e1toce, pak je ostrov Vieques ta prav\u00e1 volba. Tady je to nezbytn\u00e9, co pot\u0159ebujete v\u011bd\u011bt, ne\u017e se tam vyd\u00e1te.\" width=\"1000\" height=\"667\" srcset=\"https:\/\/1001voyagesgourmands.com\/wp-content\/uploads\/2018\/02\/Vieques-2.jpg 1000w, https:\/\/1001voyagesgourmands.com\/wp-content\/uploads\/2018\/02\/Vieques-2-300x200.jpg 300w, https:\/\/1001voyagesgourmands.com\/wp-content\/uploads\/2018\/02\/Vieques-2-768x512.jpg 768w, https:\/\/1001voyagesgourmands.com\/wp-content\/uploads\/2018\/02\/Vieques-2-585x390.jpg 585w, https:\/\/1001voyagesgourmands.com\/wp-content\/uploads\/2018\/02\/Vieques-2-263x175.jpg 263w\" sizes=\"auto, (max-width: 1000px) 100vw, 1000px\" \/><\/p>\n<p>&nbsp;<\/p>\n<h3 style=\"text-align: justify;\">Jak se pohybovat po ostrov\u011b<\/h3>\n<p style=\"text-align: justify;\">Leti\u0161t\u011b i p\u0159\u00edstav se nach\u00e1z\u00ed na severu ostrova, hlavn\u00ed centrum Esperanza, kolem kter\u00e9ho se soust\u0159ed\u00ed guest housy pak na jihu. Na ostrov\u011b nefunguje ve\u0159ejn\u00e1 doprava a n\u011bkter\u00e9 pl\u00e1\u017ee jsou dost odlehl\u00e9. M\u016f\u017eete si tu hezky v\u00fdletovat po p\u011b\u0161\u00edch, ale pokud m\u00e1te nohu rozbodanou od z\u00e1ke\u0159n\u00e9ho je\u017eka tak, jako se to stalo m\u011b na Culeb\u0159e, pak tohle opravdu nechcete, \u017ee. \ud83d\ude00<\/p>\n<p style=\"text-align: justify;\">Na\u0161t\u011bst\u00ed se na v\u011bt\u0161inu m\u00edst i pl\u00e1\u017e\u00ed dostanete <strong>tax\u00edkem<\/strong> (Vieques Taxi Service) a cena jedn\u00e9 cesty tam je asi 5 dolar\u016f. Jinak v Esperanze je tak\u00e9 <strong>p\u016fj\u010dovna aut<\/strong>, ale t\u0159eba na velikono\u010dn\u00ed t\u00fdden u\u017e pro n\u00e1s nic nem\u011bli bez p\u0159edchoz\u00edho zabookov\u00e1n\u00ed, tak\u017ee pokud pojedete v sezon\u011b \u010di b\u011bhem pr\u00e1zdnin, myslete na pron\u00e1jem auta dop\u0159edu.<\/p>\n<p><img loading=\"lazy\" decoding=\"async\" class=\"aligncenter size-full wp-image-19705\" src=\"http:\/\/1001voyagesgourmands.com\/wp-content\/uploads\/2018\/02\/Vieques-8.jpg\" alt=\"Pokud si chcete v Portoriku u\u017e\u00edt klidn\u00e9ho r\u00e1je, kr\u00e1sn\u00fdch a divok\u00fdch pl\u00e1\u017e\u00ed, kde budete daleko od hlu\u010d\u00edc\u00edho davu, potk\u00e1vat divok\u00e9 kon\u011b voln\u011b se pohybuj\u00edc\u00ed kolem, nebo se t\u0159eba projet v kajaku v bioluminescen\u010dn\u00ed z\u00e1toce, pak je ostrov Vieques ta prav\u00e1 volba. Tady je to nezbytn\u00e9, co pot\u0159ebujete v\u011bd\u011bt, ne\u017e se tam vyd\u00e1te.\" width=\"1000\" height=\"667\" srcset=\"https:\/\/1001voyagesgourmands.com\/wp-content\/uploads\/2018\/02\/Vieques-8.jpg 1000w, https:\/\/1001voyagesgourmands.com\/wp-content\/uploads\/2018\/02\/Vieques-8-300x200.jpg 300w, https:\/\/1001voyagesgourmands.com\/wp-content\/uploads\/2018\/02\/Vieques-8-768x512.jpg 768w, https:\/\/1001voyagesgourmands.com\/wp-content\/uploads\/2018\/02\/Vieques-8-585x390.jpg 585w, https:\/\/1001voyagesgourmands.com\/wp-content\/uploads\/2018\/02\/Vieques-8-263x175.jpg 263w\" sizes=\"auto, (max-width: 1000px) 100vw, 1000px\" \/><\/p>\n<p>&nbsp;<\/p>\n<h3 style=\"text-align: justify;\">Pl\u00e1\u017ee a aktivity<\/h3>\n<p style=\"text-align: justify;\">Jeliko\u017e jsme m\u011bli 3 ze 4 dn\u016f tady str\u00e1ven\u00fdch lehce zamra\u010den\u00fdch (ne-li de\u0161tiv\u00fdch), tak jsme z rajsk\u00e9ho pl\u00e1\u017eov\u00e1n\u00ed moc nem\u011bli. Nicm\u00e9n\u011b dv\u011b pl\u00e1\u017ee, na kter\u00fdch jsme str\u00e1vili hodn\u011b \u010dasu i pod mrakem, jsou podle m\u00edstn\u00edch jedny z nejhez\u010d\u00edch. No a pak je tu ta bioluminescen\u010dn\u00ed z\u00e1toka\u2026<\/p>\n<p style=\"text-align: justify;\"><strong>Pl\u00e1\u017e Sun Bay<\/strong>&nbsp;je kr\u00e1sn\u00e1 dlouhat\u00e1nsk\u00e1 pl\u00e1\u017e le\u017e\u00edc\u00ed velice p\u00e1r krok\u016f od Esperanzy, tud\u00ed\u017e snadno p\u0159\u00edstupn\u00e1. Za kr\u00e1sn\u00e9ho po\u010das\u00ed je tu ale pr\u00fd dost lid\u00ed, ov\u0161em my ji pod mrakem m\u011bli t\u00e9m\u011b\u0159 pro sebe. \u010c\u00e1st pl\u00e1\u017ee je divo\u010dina porostl\u00e1 lesem, ale v\u011bt\u0161\u00ed \u010d\u00e1st je lemovan\u00e1 \u0159\u00eddk\u00fdm palmov\u00fdm h\u00e1jem, kde se voln\u011b pasou divoc\u00ed kon\u011b a ka\u017ed\u00fd si tu najde trochu toho st\u00ednu.<\/p>\n<p><img loading=\"lazy\" decoding=\"async\" class=\"aligncenter size-full wp-image-19717\" src=\"http:\/\/1001voyagesgourmands.com\/wp-content\/uploads\/2018\/02\/Vieques-14.jpg\" alt=\"Pokud si chcete v Portoriku u\u017e\u00edt klidn\u00e9ho r\u00e1je, kr\u00e1sn\u00fdch a divok\u00fdch pl\u00e1\u017e\u00ed, kde budete daleko od hlu\u010d\u00edc\u00edho davu, potk\u00e1vat divok\u00e9 kon\u011b voln\u011b se pohybuj\u00edc\u00ed kolem, nebo se t\u0159eba projet v kajaku v bioluminescen\u010dn\u00ed z\u00e1toce, pak je ostrov Vieques ta prav\u00e1 volba. Tady je to nezbytn\u00e9, co pot\u0159ebujete v\u011bd\u011bt, ne\u017e se tam vyd\u00e1te.\" width=\"1000\" height=\"667\" srcset=\"https:\/\/1001voyagesgourmands.com\/wp-content\/uploads\/2018\/02\/Vieques-14.jpg 1000w, https:\/\/1001voyagesgourmands.com\/wp-content\/uploads\/2018\/02\/Vieques-14-300x200.jpg 300w, https:\/\/1001voyagesgourmands.com\/wp-content\/uploads\/2018\/02\/Vieques-14-768x512.jpg 768w, https:\/\/1001voyagesgourmands.com\/wp-content\/uploads\/2018\/02\/Vieques-14-585x390.jpg 585w, https:\/\/1001voyagesgourmands.com\/wp-content\/uploads\/2018\/02\/Vieques-14-263x175.jpg 263w\" sizes=\"auto, (max-width: 1000px) 100vw, 1000px\" \/><\/p>\n<p style=\"text-align: justify;\"><img loading=\"lazy\" decoding=\"async\" class=\"aligncenter size-full wp-image-19721\" src=\"http:\/\/1001voyagesgourmands.com\/wp-content\/uploads\/2018\/02\/Vieques-16.jpg\" alt=\"Pokud si chcete v Portoriku u\u017e\u00edt klidn\u00e9ho r\u00e1je, kr\u00e1sn\u00fdch a divok\u00fdch pl\u00e1\u017e\u00ed, kde budete daleko od hlu\u010d\u00edc\u00edho davu, potk\u00e1vat divok\u00e9 kon\u011b voln\u011b se pohybuj\u00edc\u00ed kolem, nebo se t\u0159eba projet v kajaku v bioluminescen\u010dn\u00ed z\u00e1toce, pak je ostrov Vieques ta prav\u00e1 volba. Tady je to nezbytn\u00e9, co pot\u0159ebujete v\u011bd\u011bt, ne\u017e se tam vyd\u00e1te.\" width=\"1000\" height=\"667\" srcset=\"https:\/\/1001voyagesgourmands.com\/wp-content\/uploads\/2018\/02\/Vieques-16.jpg 1000w, https:\/\/1001voyagesgourmands.com\/wp-content\/uploads\/2018\/02\/Vieques-16-300x200.jpg 300w, https:\/\/1001voyagesgourmands.com\/wp-content\/uploads\/2018\/02\/Vieques-16-768x512.jpg 768w, https:\/\/1001voyagesgourmands.com\/wp-content\/uploads\/2018\/02\/Vieques-16-585x390.jpg 585w, https:\/\/1001voyagesgourmands.com\/wp-content\/uploads\/2018\/02\/Vieques-16-263x175.jpg 263w\" sizes=\"auto, (max-width: 1000px) 100vw, 1000px\" \/><\/p>\n<p style=\"text-align: justify;\"><img loading=\"lazy\" decoding=\"async\" class=\"aligncenter size-full wp-image-19723\" src=\"http:\/\/1001voyagesgourmands.com\/wp-content\/uploads\/2018\/02\/Vieques-17.jpg\" alt=\"Pokud si chcete v Portoriku u\u017e\u00edt klidn\u00e9ho r\u00e1je, kr\u00e1sn\u00fdch a divok\u00fdch pl\u00e1\u017e\u00ed, kde budete daleko od hlu\u010d\u00edc\u00edho davu, potk\u00e1vat divok\u00e9 kon\u011b voln\u011b se pohybuj\u00edc\u00ed kolem, nebo se t\u0159eba projet v kajaku v bioluminescen\u010dn\u00ed z\u00e1toce, pak je ostrov Vieques ta prav\u00e1 volba. Tady je to nezbytn\u00e9, co pot\u0159ebujete v\u011bd\u011bt, ne\u017e se tam vyd\u00e1te.\" width=\"1000\" height=\"667\" srcset=\"https:\/\/1001voyagesgourmands.com\/wp-content\/uploads\/2018\/02\/Vieques-17.jpg 1000w, https:\/\/1001voyagesgourmands.com\/wp-content\/uploads\/2018\/02\/Vieques-17-300x200.jpg 300w, https:\/\/1001voyagesgourmands.com\/wp-content\/uploads\/2018\/02\/Vieques-17-768x512.jpg 768w, https:\/\/1001voyagesgourmands.com\/wp-content\/uploads\/2018\/02\/Vieques-17-585x390.jpg 585w, https:\/\/1001voyagesgourmands.com\/wp-content\/uploads\/2018\/02\/Vieques-17-263x175.jpg 263w\" sizes=\"auto, (max-width: 1000px) 100vw, 1000px\" \/><\/p>\n<p style=\"text-align: justify;\"><img loading=\"lazy\" decoding=\"async\" class=\"aligncenter size-full wp-image-19727\" src=\"http:\/\/1001voyagesgourmands.com\/wp-content\/uploads\/2018\/02\/Vieques-19.jpg\" alt=\"Pokud si chcete v Portoriku u\u017e\u00edt klidn\u00e9ho r\u00e1je, kr\u00e1sn\u00fdch a divok\u00fdch pl\u00e1\u017e\u00ed, kde budete daleko od hlu\u010d\u00edc\u00edho davu, potk\u00e1vat divok\u00e9 kon\u011b voln\u011b se pohybuj\u00edc\u00ed kolem, nebo se t\u0159eba projet v kajaku v bioluminescen\u010dn\u00ed z\u00e1toce, pak je ostrov Vieques ta prav\u00e1 volba. Tady je to nezbytn\u00e9, co pot\u0159ebujete v\u011bd\u011bt, ne\u017e se tam vyd\u00e1te.\" width=\"1000\" height=\"667\" srcset=\"https:\/\/1001voyagesgourmands.com\/wp-content\/uploads\/2018\/02\/Vieques-19.jpg 1000w, https:\/\/1001voyagesgourmands.com\/wp-content\/uploads\/2018\/02\/Vieques-19-300x200.jpg 300w, https:\/\/1001voyagesgourmands.com\/wp-content\/uploads\/2018\/02\/Vieques-19-768x512.jpg 768w, https:\/\/1001voyagesgourmands.com\/wp-content\/uploads\/2018\/02\/Vieques-19-585x390.jpg 585w, https:\/\/1001voyagesgourmands.com\/wp-content\/uploads\/2018\/02\/Vieques-19-263x175.jpg 263w\" sizes=\"auto, (max-width: 1000px) 100vw, 1000px\" \/><\/p>\n<p style=\"text-align: justify;\"><img loading=\"lazy\" decoding=\"async\" class=\"aligncenter size-full wp-image-19729\" src=\"http:\/\/1001voyagesgourmands.com\/wp-content\/uploads\/2018\/02\/Vieques-20.jpg\" alt=\"Pokud si chcete v Portoriku u\u017e\u00edt klidn\u00e9ho r\u00e1je, kr\u00e1sn\u00fdch a divok\u00fdch pl\u00e1\u017e\u00ed, kde budete daleko od hlu\u010d\u00edc\u00edho davu, potk\u00e1vat divok\u00e9 kon\u011b voln\u011b se pohybuj\u00edc\u00ed kolem, nebo se t\u0159eba projet v kajaku v bioluminescen\u010dn\u00ed z\u00e1toce, pak je ostrov Vieques ta prav\u00e1 volba. Tady je to nezbytn\u00e9, co pot\u0159ebujete v\u011bd\u011bt, ne\u017e se tam vyd\u00e1te.\" width=\"1000\" height=\"667\" srcset=\"https:\/\/1001voyagesgourmands.com\/wp-content\/uploads\/2018\/02\/Vieques-20.jpg 1000w, https:\/\/1001voyagesgourmands.com\/wp-content\/uploads\/2018\/02\/Vieques-20-300x200.jpg 300w, https:\/\/1001voyagesgourmands.com\/wp-content\/uploads\/2018\/02\/Vieques-20-768x512.jpg 768w, https:\/\/1001voyagesgourmands.com\/wp-content\/uploads\/2018\/02\/Vieques-20-585x390.jpg 585w, https:\/\/1001voyagesgourmands.com\/wp-content\/uploads\/2018\/02\/Vieques-20-263x175.jpg 263w\" sizes=\"auto, (max-width: 1000px) 100vw, 1000px\" \/><\/p>\n<p style=\"text-align: justify;\"><img loading=\"lazy\" decoding=\"async\" class=\"aligncenter size-full wp-image-19731\" src=\"http:\/\/1001voyagesgourmands.com\/wp-content\/uploads\/2018\/02\/Vieques-21.jpg\" alt=\"Pokud si chcete v Portoriku u\u017e\u00edt klidn\u00e9ho r\u00e1je, kr\u00e1sn\u00fdch a divok\u00fdch pl\u00e1\u017e\u00ed, kde budete daleko od hlu\u010d\u00edc\u00edho davu, potk\u00e1vat divok\u00e9 kon\u011b voln\u011b se pohybuj\u00edc\u00ed kolem, nebo se t\u0159eba projet v kajaku v bioluminescen\u010dn\u00ed z\u00e1toce, pak je ostrov Vieques ta prav\u00e1 volba. Tady je to nezbytn\u00e9, co pot\u0159ebujete v\u011bd\u011bt, ne\u017e se tam vyd\u00e1te.\" width=\"1000\" height=\"667\" srcset=\"https:\/\/1001voyagesgourmands.com\/wp-content\/uploads\/2018\/02\/Vieques-21.jpg 1000w, https:\/\/1001voyagesgourmands.com\/wp-content\/uploads\/2018\/02\/Vieques-21-300x200.jpg 300w, https:\/\/1001voyagesgourmands.com\/wp-content\/uploads\/2018\/02\/Vieques-21-768x512.jpg 768w, https:\/\/1001voyagesgourmands.com\/wp-content\/uploads\/2018\/02\/Vieques-21-585x390.jpg 585w, https:\/\/1001voyagesgourmands.com\/wp-content\/uploads\/2018\/02\/Vieques-21-263x175.jpg 263w\" sizes=\"auto, (max-width: 1000px) 100vw, 1000px\" \/><\/p>\n<p style=\"text-align: justify;\"><img loading=\"lazy\" decoding=\"async\" class=\"aligncenter size-full wp-image-19733\" src=\"http:\/\/1001voyagesgourmands.com\/wp-content\/uploads\/2018\/02\/Vieques-22.jpg\" alt=\"Pokud si chcete v Portoriku u\u017e\u00edt klidn\u00e9ho r\u00e1je, kr\u00e1sn\u00fdch a divok\u00fdch pl\u00e1\u017e\u00ed, kde budete daleko od hlu\u010d\u00edc\u00edho davu, potk\u00e1vat divok\u00e9 kon\u011b voln\u011b se pohybuj\u00edc\u00ed kolem, nebo se t\u0159eba projet v kajaku v bioluminescen\u010dn\u00ed z\u00e1toce, pak je ostrov Vieques ta prav\u00e1 volba. Tady je to nezbytn\u00e9, co pot\u0159ebujete v\u011bd\u011bt, ne\u017e se tam vyd\u00e1te.\" width=\"1000\" height=\"667\" srcset=\"https:\/\/1001voyagesgourmands.com\/wp-content\/uploads\/2018\/02\/Vieques-22.jpg 1000w, https:\/\/1001voyagesgourmands.com\/wp-content\/uploads\/2018\/02\/Vieques-22-300x200.jpg 300w, https:\/\/1001voyagesgourmands.com\/wp-content\/uploads\/2018\/02\/Vieques-22-768x512.jpg 768w, https:\/\/1001voyagesgourmands.com\/wp-content\/uploads\/2018\/02\/Vieques-22-585x390.jpg 585w, https:\/\/1001voyagesgourmands.com\/wp-content\/uploads\/2018\/02\/Vieques-22-263x175.jpg 263w\" sizes=\"auto, (max-width: 1000px) 100vw, 1000px\" \/><\/p>\n<p><img loading=\"lazy\" decoding=\"async\" class=\"aligncenter wp-image-19739\" src=\"http:\/\/1001voyagesgourmands.com\/wp-content\/uploads\/2018\/02\/Vieques-25-683x1024.jpg\" alt=\"Pokud si chcete v Portoriku u\u017e\u00edt klidn\u00e9ho r\u00e1je, kr\u00e1sn\u00fdch a divok\u00fdch pl\u00e1\u017e\u00ed, kde budete daleko od hlu\u010d\u00edc\u00edho davu, potk\u00e1vat divok\u00e9 kon\u011b voln\u011b se pohybuj\u00edc\u00ed kolem, nebo se t\u0159eba projet v kajaku v bioluminescen\u010dn\u00ed z\u00e1toce, pak je ostrov Vieques ta prav\u00e1 volba. Tady je to nezbytn\u00e9, co pot\u0159ebujete v\u011bd\u011bt, ne\u017e se tam vyd\u00e1te.\" width=\"841\" height=\"1261\" srcset=\"https:\/\/1001voyagesgourmands.com\/wp-content\/uploads\/2018\/02\/Vieques-25-683x1024.jpg 683w, https:\/\/1001voyagesgourmands.com\/wp-content\/uploads\/2018\/02\/Vieques-25-200x300.jpg 200w, https:\/\/1001voyagesgourmands.com\/wp-content\/uploads\/2018\/02\/Vieques-25-768x1152.jpg 768w, https:\/\/1001voyagesgourmands.com\/wp-content\/uploads\/2018\/02\/Vieques-25-585x878.jpg 585w, https:\/\/1001voyagesgourmands.com\/wp-content\/uploads\/2018\/02\/Vieques-25.jpg 1000w\" sizes=\"auto, (max-width: 841px) 100vw, 841px\" \/><\/p>\n<p>&nbsp;<\/p>\n<p style=\"text-align: justify;\"><strong>Pl\u00e1\u017e Caracas <\/strong>je n\u00e1dhern\u00e1 pl\u00e1\u017e s b\u00edl\u00fdm p\u00edskem, ale u\u017e trochu vzd\u00e1len\u011bj\u0161\u00ed a nach\u00e1z\u00ed se ji\u017e v p\u0159\u00edrodn\u00ed rezervaci, kam se dostanete jedin\u011b autem nebo tax\u00edkem. Bylo tu n\u00e1dhern\u011b i pod mrakem, ale dok\u00e1zali bychom si to tu p\u0159edstavit i za slune\u010dn\u00e9ho dne, kdy kr\u00e1sn\u011b vynikneou zdej\u0161\u00ed odst\u00edny tyrkysov\u00e9\u2026 no, n\u011bkdy jindy tedy. ?<\/p>\n<p><img loading=\"lazy\" decoding=\"async\" class=\"aligncenter size-full wp-image-19811\" src=\"http:\/\/1001voyagesgourmands.com\/wp-content\/uploads\/2018\/02\/Vieques-30-1.jpg\" alt=\"Pokud si chcete v Portoriku u\u017e\u00edt klidn\u00e9ho r\u00e1je, kr\u00e1sn\u00fdch a divok\u00fdch pl\u00e1\u017e\u00ed, kde budete daleko od hlu\u010d\u00edc\u00edho davu, potk\u00e1vat divok\u00e9 kon\u011b voln\u011b se pohybuj\u00edc\u00ed kolem, nebo se t\u0159eba projet v kajaku v bioluminescen\u010dn\u00ed z\u00e1toce, pak je ostrov Vieques ta prav\u00e1 volba. Tady je to nezbytn\u00e9, co pot\u0159ebujete v\u011bd\u011bt, ne\u017e se tam vyd\u00e1te.\" width=\"1000\" height=\"667\" srcset=\"https:\/\/1001voyagesgourmands.com\/wp-content\/uploads\/2018\/02\/Vieques-30-1.jpg 1000w, https:\/\/1001voyagesgourmands.com\/wp-content\/uploads\/2018\/02\/Vieques-30-1-300x200.jpg 300w, https:\/\/1001voyagesgourmands.com\/wp-content\/uploads\/2018\/02\/Vieques-30-1-768x512.jpg 768w, https:\/\/1001voyagesgourmands.com\/wp-content\/uploads\/2018\/02\/Vieques-30-1-585x390.jpg 585w, https:\/\/1001voyagesgourmands.com\/wp-content\/uploads\/2018\/02\/Vieques-30-1-263x175.jpg 263w\" sizes=\"auto, (max-width: 1000px) 100vw, 1000px\" \/><\/p>\n<p><img loading=\"lazy\" decoding=\"async\" class=\"aligncenter size-full wp-image-19703\" src=\"http:\/\/1001voyagesgourmands.com\/wp-content\/uploads\/2018\/02\/Vieques-7.jpg\" alt=\"Pokud si chcete v Portoriku u\u017e\u00edt klidn\u00e9ho r\u00e1je, kr\u00e1sn\u00fdch a divok\u00fdch pl\u00e1\u017e\u00ed, kde budete daleko od hlu\u010d\u00edc\u00edho davu, potk\u00e1vat divok\u00e9 kon\u011b voln\u011b se pohybuj\u00edc\u00ed kolem, nebo se t\u0159eba projet v kajaku v bioluminescen\u010dn\u00ed z\u00e1toce, pak je ostrov Vieques ta prav\u00e1 volba. Tady je to nezbytn\u00e9, co pot\u0159ebujete v\u011bd\u011bt, ne\u017e se tam vyd\u00e1te.\" width=\"1000\" height=\"667\" srcset=\"https:\/\/1001voyagesgourmands.com\/wp-content\/uploads\/2018\/02\/Vieques-7.jpg 1000w, https:\/\/1001voyagesgourmands.com\/wp-content\/uploads\/2018\/02\/Vieques-7-300x200.jpg 300w, https:\/\/1001voyagesgourmands.com\/wp-content\/uploads\/2018\/02\/Vieques-7-768x512.jpg 768w, https:\/\/1001voyagesgourmands.com\/wp-content\/uploads\/2018\/02\/Vieques-7-585x390.jpg 585w, https:\/\/1001voyagesgourmands.com\/wp-content\/uploads\/2018\/02\/Vieques-7-263x175.jpg 263w\" sizes=\"auto, (max-width: 1000px) 100vw, 1000px\" \/><\/p>\n<p><img loading=\"lazy\" decoding=\"async\" class=\"aligncenter size-full wp-image-19809\" src=\"http:\/\/1001voyagesgourmands.com\/wp-content\/uploads\/2018\/02\/Vieques-29-1.jpg\" alt=\"Pokud si chcete v Portoriku u\u017e\u00edt klidn\u00e9ho r\u00e1je, kr\u00e1sn\u00fdch a divok\u00fdch pl\u00e1\u017e\u00ed, kde budete daleko od hlu\u010d\u00edc\u00edho davu, potk\u00e1vat divok\u00e9 kon\u011b voln\u011b se pohybuj\u00edc\u00ed kolem, nebo se t\u0159eba projet v kajaku v bioluminescen\u010dn\u00ed z\u00e1toce, pak je ostrov Vieques ta prav\u00e1 volba. Tady je to nezbytn\u00e9, co pot\u0159ebujete v\u011bd\u011bt, ne\u017e se tam vyd\u00e1te.\" width=\"1000\" height=\"667\" srcset=\"https:\/\/1001voyagesgourmands.com\/wp-content\/uploads\/2018\/02\/Vieques-29-1.jpg 1000w, https:\/\/1001voyagesgourmands.com\/wp-content\/uploads\/2018\/02\/Vieques-29-1-300x200.jpg 300w, https:\/\/1001voyagesgourmands.com\/wp-content\/uploads\/2018\/02\/Vieques-29-1-768x512.jpg 768w, https:\/\/1001voyagesgourmands.com\/wp-content\/uploads\/2018\/02\/Vieques-29-1-585x390.jpg 585w, https:\/\/1001voyagesgourmands.com\/wp-content\/uploads\/2018\/02\/Vieques-29-1-263x175.jpg 263w\" sizes=\"auto, (max-width: 1000px) 100vw, 1000px\" \/><\/p>\n<p>&nbsp;<\/p>\n<h4 style=\"text-align: justify;\">Bioluminescen\u010dn\u00ed z\u00e1toka<\/h4>\n<p style=\"text-align: justify;\"><strong>Mosquito Bay<\/strong> je vyhl\u00e1\u0161en\u00e1 bioluminescen\u010dn\u00ed z\u00e1toka, je\u017e inspirovala tv\u016frce filmu <em>\u017divot Pi<\/em>. Je zde nejv\u011bt\u0161\u00ed koncentrace mikroskopick\u00fdch mo\u0159sk\u00fdch organism\u016f, kter\u00e9 se p\u0159i z\u010de\u0159en\u00ed vody rozsv\u00edt\u00ed, co\u017e d\u011bl\u00e1 z Mosquito Bay nejjasn\u011bj\u0161\u00ed bioluminescen\u010dn\u00ed z\u00e1toku na sv\u011bt\u011b. Nejl\u00e9pe ji prozkoum\u00e1te na kajaku (plavat je zde zak\u00e1z\u00e1no proto\u017ee chemie, co m\u00e1me na k\u016f\u017ei z deodorant\u016f, opalovac\u00edch kr\u00e9m\u016f nebo DEETu, by t\u011bmto organism\u016fm mohla dost ubl\u00ed\u017eit). Tak\u00e9 je dobr\u00e9, aby byl m\u011bs\u00edc ve f\u00e1zi novu, kdy je jeho svit nejslab\u0161\u00ed. No a jinak takhle v\u00e1m to v\u0161ude prezentuj\u00ed:<\/p>\n<blockquote class=\"instagram-media\" data-instgrm-captioned data-instgrm-permalink=\"https:\/\/www.instagram.com\/p\/BWIW4QqgO2n\/\" data-instgrm-version=\"8\" style=\" background:#FFF; border:0; border-radius:3px; box-shadow:0 0 1px 0 rgba(0,0,0,0.5),0 1px 10px 0 rgba(0,0,0,0.15); margin: 1px; max-width:658px; padding:0; width:99.375%; width:-webkit-calc(100% - 2px); width:calc(100% - 2px);\">\n<div style=\"padding:8px;\">\n<div style=\" background:#F8F8F8; line-height:0; margin-top:40px; padding:50.0% 0; text-align:center; width:100%;\">\n<div style=\" background:url(data:image\/png;base64,iVBORw0KGgoAAAANSUhEUgAAACwAAAAsCAMAAAApWqozAAAABGdBTUEAALGPC\/xhBQAAAAFzUkdCAK7OHOkAAAAMUExURczMzPf399fX1+bm5mzY9AMAAADiSURBVDjLvZXbEsMgCES5\/P8\/t9FuRVCRmU73JWlzosgSIIZURCjo\/ad+EQJJB4Hv8BFt+IDpQoCx1wjOSBFhh2XssxEIYn3ulI\/6MNReE07UIWJEv8UEOWDS88LY97kqyTliJKKtuYBbruAyVh5wOHiXmpi5we58Ek028czwyuQdLKPG1Bkb4NnM+VeAnfHqn1k4+GPT6uGQcvu2h2OVuIf\/gWUFyy8OWEpdyZSa3aVCqpVoVvzZZ2VTnn2wU8qzVjDDetO90GSy9mVLqtgYSy231MxrY6I2gGqjrTY0L8fxCxfCBbhWrsYYAAAAAElFTkSuQmCC); display:block; height:44px; margin:0 auto -44px; position:relative; top:-22px; width:44px;\"><\/div>\n<\/div>\n<p style=\" margin:8px 0 0 0; padding:0 4px;\"> <a href=\"https:\/\/www.instagram.com\/p\/BWIW4QqgO2n\/\" style=\" color:#000; font-family:Arial,sans-serif; font-size:14px; font-style:normal; font-weight:normal; line-height:17px; text-decoration:none; word-wrap:break-word;\" target=\"_blank\">I felt in love with this magic place \u2764\ufe0f #puertorico #mosquitobay #bioiluminicencia #godscreation  #lovelovelove #puertoricoholic #estaesmiisla<\/a><\/p>\n<p style=\" color:#c9c8cd; font-family:Arial,sans-serif; font-size:14px; line-height:17px; margin-bottom:0; margin-top:8px; overflow:hidden; padding:8px 0 7px; text-align:center; text-overflow:ellipsis; white-space:nowrap;\">A post shared by <a href=\"https:\/\/www.instagram.com\/paolaa_delvalle\/\" style=\" color:#c9c8cd; font-family:Arial,sans-serif; font-size:14px; font-style:normal; font-weight:normal; line-height:17px;\" target=\"_blank\"> Ni\u00f1a Verde ?<\/a> (@paolaa_delvalle) on <time style=\" font-family:Arial,sans-serif; font-size:14px; line-height:17px;\" datetime=\"2017-07-04T16:00:46+00:00\">Jul 4, 2017 at 9:00am PDT<\/time><\/p>\n<\/div>\n<\/blockquote>\n<p><script async defer src=\"\/\/www.instagram.com\/embed.js\"><\/script><\/p>\n<blockquote class=\"instagram-media\" data-instgrm-captioned data-instgrm-permalink=\"https:\/\/www.instagram.com\/p\/BeWtFilgEUE\/\" data-instgrm-version=\"8\" style=\" background:#FFF; border:0; border-radius:3px; box-shadow:0 0 1px 0 rgba(0,0,0,0.5),0 1px 10px 0 rgba(0,0,0,0.15); margin: 1px; max-width:658px; padding:0; width:99.375%; width:-webkit-calc(100% - 2px); width:calc(100% - 2px);\">\n<div style=\"padding:8px;\">\n<div style=\" background:#F8F8F8; line-height:0; margin-top:40px; padding:50.0% 0; text-align:center; width:100%;\">\n<div style=\" background:url(data:image\/png;base64,iVBORw0KGgoAAAANSUhEUgAAACwAAAAsCAMAAAApWqozAAAABGdBTUEAALGPC\/xhBQAAAAFzUkdCAK7OHOkAAAAMUExURczMzPf399fX1+bm5mzY9AMAAADiSURBVDjLvZXbEsMgCES5\/P8\/t9FuRVCRmU73JWlzosgSIIZURCjo\/ad+EQJJB4Hv8BFt+IDpQoCx1wjOSBFhh2XssxEIYn3ulI\/6MNReE07UIWJEv8UEOWDS88LY97kqyTliJKKtuYBbruAyVh5wOHiXmpi5we58Ek028czwyuQdLKPG1Bkb4NnM+VeAnfHqn1k4+GPT6uGQcvu2h2OVuIf\/gWUFyy8OWEpdyZSa3aVCqpVoVvzZZ2VTnn2wU8qzVjDDetO90GSy9mVLqtgYSy231MxrY6I2gGqjrTY0L8fxCxfCBbhWrsYYAAAAAElFTkSuQmCC); display:block; height:44px; margin:0 auto -44px; position:relative; top:-22px; width:44px;\"><\/div>\n<\/div>\n<p style=\" margin:8px 0 0 0; padding:0 4px;\"> <a href=\"https:\/\/www.instagram.com\/p\/BeWtFilgEUE\/\" style=\" color:#000; font-family:Arial,sans-serif; font-size:14px; font-style:normal; font-weight:normal; line-height:17px; text-decoration:none; word-wrap:break-word;\" target=\"_blank\">Are you ready to explore Puerto Rico during #CHTAMarketplace18 #repost from @seepuertorico &#8211; *V* is for Vieques. This stunning island off the east coast of #PuertoRico is a hot spot during the longest holiday season in the world and home to our magical #biobay. \u2728\u2708\ufe0f?? &#8211; #regrann<\/a><\/p>\n<p style=\" color:#c9c8cd; font-family:Arial,sans-serif; font-size:14px; line-height:17px; margin-bottom:0; margin-top:8px; overflow:hidden; padding:8px 0 7px; text-align:center; text-overflow:ellipsis; white-space:nowrap;\">A post shared by <a href=\"https:\/\/www.instagram.com\/chtafeeds\/\" style=\" color:#c9c8cd; font-family:Arial,sans-serif; font-size:14px; font-style:normal; font-weight:normal; line-height:17px;\" target=\"_blank\"> CaribbeanHotel&amp;TourismAssoc.<\/a> (@chtafeeds) on <time style=\" font-family:Arial,sans-serif; font-size:14px; line-height:17px;\" datetime=\"2018-01-25T01:55:20+00:00\">Jan 24, 2018 at 5:55pm PST<\/time><\/p>\n<\/div>\n<\/blockquote>\n<p><script async defer src=\"\/\/www.instagram.com\/embed.js\"><\/script><\/p>\n<blockquote class=\"instagram-media\" data-instgrm-captioned data-instgrm-permalink=\"https:\/\/www.instagram.com\/p\/1x9uuDuZbC\/\" data-instgrm-version=\"8\" style=\" background:#FFF; border:0; border-radius:3px; box-shadow:0 0 1px 0 rgba(0,0,0,0.5),0 1px 10px 0 rgba(0,0,0,0.15); margin: 1px; max-width:658px; padding:0; width:99.375%; width:-webkit-calc(100% - 2px); width:calc(100% - 2px);\">\n<div style=\"padding:8px;\">\n<div style=\" background:#F8F8F8; line-height:0; margin-top:40px; padding:50% 0; text-align:center; width:100%;\">\n<div style=\" background:url(data:image\/png;base64,iVBORw0KGgoAAAANSUhEUgAAACwAAAAsCAMAAAApWqozAAAABGdBTUEAALGPC\/xhBQAAAAFzUkdCAK7OHOkAAAAMUExURczMzPf399fX1+bm5mzY9AMAAADiSURBVDjLvZXbEsMgCES5\/P8\/t9FuRVCRmU73JWlzosgSIIZURCjo\/ad+EQJJB4Hv8BFt+IDpQoCx1wjOSBFhh2XssxEIYn3ulI\/6MNReE07UIWJEv8UEOWDS88LY97kqyTliJKKtuYBbruAyVh5wOHiXmpi5we58Ek028czwyuQdLKPG1Bkb4NnM+VeAnfHqn1k4+GPT6uGQcvu2h2OVuIf\/gWUFyy8OWEpdyZSa3aVCqpVoVvzZZ2VTnn2wU8qzVjDDetO90GSy9mVLqtgYSy231MxrY6I2gGqjrTY0L8fxCxfCBbhWrsYYAAAAAElFTkSuQmCC); display:block; height:44px; margin:0 auto -44px; position:relative; top:-22px; width:44px;\"><\/div>\n<\/div>\n<p style=\" margin:8px 0 0 0; padding:0 4px;\"> <a href=\"https:\/\/www.instagram.com\/p\/1x9uuDuZbC\/\" style=\" color:#000; font-family:Arial,sans-serif; font-size:14px; font-style:normal; font-weight:normal; line-height:17px; text-decoration:none; word-wrap:break-word;\" target=\"_blank\">Vieques, Puerto Rico Bioluminescent Bay,  Mosquito Bay is located on the southern shore of Vieques Island. This magical bioluminescent bay (bio bay)has been officially declared the brightest recorded in the world by Guinness Book of World Records 2008. #vieques #viequesbiobay #viequesisland #puertorico #paradise #perfectview #travel #turismo #caribe #caribbean #caribbeandestinations #caribbean_destinations #mosquitobay #bioluminescent #bioluminescence #bioluminescentbay<\/a><\/p>\n<p style=\" color:#c9c8cd; font-family:Arial,sans-serif; font-size:14px; line-height:17px; margin-bottom:0; margin-top:8px; overflow:hidden; padding:8px 0 7px; text-align:center; text-overflow:ellipsis; white-space:nowrap;\">A post shared by <a href=\"https:\/\/www.instagram.com\/caribbean_destinations\/\" style=\" color:#c9c8cd; font-family:Arial,sans-serif; font-size:14px; font-style:normal; font-weight:normal; line-height:17px;\" target=\"_blank\"> Caribbean Destinations<\/a> (@caribbean_destinations) on <time style=\" font-family:Arial,sans-serif; font-size:14px; line-height:17px;\" datetime=\"2015-04-22T14:33:06+00:00\">Apr 22, 2015 at 7:33am PDT<\/time><\/p>\n<\/div>\n<\/blockquote>\n<p><script async defer src=\"\/\/www.instagram.com\/embed.js\"><\/script><\/p>\n<p style=\"text-align: justify;\">&#8230;Pro n\u00e1s teda m\u011bl b\u00fdt tenhle z\u00e1\u017eitek jeden z n\u011bj v cel\u00e9m Portoriku, ale trochu n\u00e1s zklamal. Kdy\u017e jsme vodu z\u010de\u0159ili p\u00e1dlem nebo prsty, tak se sice za\u010dala t\u0159pytit, ale rozhodn\u011b to nebylo tak moc v\u00fdrazn\u00e9 a ani \u017e\u00e1dn\u00e9 modr\u00e9 sv\u011btlo jako vid\u00edte v\u0161ude na fotk\u00e1ch na internetu. Platili jsme asi 50 dolar\u016f za 45 minut na kajaku a fakt v\u00e1m nev\u00edm, zda to stoj\u00ed za tu cenu. Nicm\u00e9n\u011b pokud se rozhodnete se do Mosquito Bay vydat, v\u00edce info najdete&nbsp;<a href=\"https:\/\/vieques.com\/island-bioluminescent-bay\/\" target=\"_blank\" rel=\"noopener\">zde<\/a>.<\/p>\n<p>&nbsp;<\/p>\n<h3 style=\"text-align: justify;\"><strong>J\u00eddlo<\/strong><\/h3>\n<p style=\"text-align: justify;\">Vzhledem k tomu, \u017ee na ostrov\u011b Vieques najdete p\u0159ev\u00e1\u017en\u011b poklidn\u00e9 a trochu divok\u00e9 pl\u00e1\u017ee, \u010dasto od\u0159\u00edznut\u00e9 od civilizace, neo\u010dek\u00e1vejte na nich st\u00e1nky s ob\u010derstven\u00edm. V Esperanze je n\u011bkolik restaurac\u00ed, ale jsou dost drah\u00e9 a poamerikanizovan\u00e9. Jedin\u00e9 m\u00edsto, co fakt r\u00e1da doporu\u010d\u00edm, je <strong>Rancho Choli<\/strong>, kde jsme dostali vynikaj\u00edc\u00ed j\u00eddlo, kter\u00e9 n\u00e1m p\u0159ipravila rodina, co tenhle podnik vede. Posezen\u00ed na zahr\u00e1dce obklopen\u00e9 ban\u00e1novn\u00edky bylo p\u0159\u00edjemn\u00e9, kolem b\u011bhaly jejich d\u011bti a usm\u00edvaly se na n\u00e1s.<\/p>\n<p style=\"text-align: justify;\">V bl\u00edzkosti Esperanzy najdete tak\u00e9 <strong>dva obchody<\/strong>, kde se d\u00e1 nakoupit, pokud byste si cht\u011bli j\u00eddlo p\u0159ipravit sami.<\/p>\n<p>&nbsp;<\/p>\n<h3 style=\"text-align: justify;\"><strong>Kde jsme byli ubytovan\u00ed<\/strong><\/h3>\n<p style=\"text-align: justify;\">T\u011bch p\u00e1r dn\u00ed na ostrov\u011b jsme spali v guesthousu <a href=\"https:\/\/www.booking.com\/hotel\/pr\/villa-coral-guesthouse.cs.html?aid=356988;label=gog235jc-hotel-XX-pr-villaNcoralNguesthouse-unspec-be-com-L%3Acs-O%3AwindowsS10-B%3Achrome-N%3AXX-S%3Abo-U%3AXX-H%3As;sid=69fb1c8aa6ef877520946c02998ed489;dist=0&amp;sb_price_type=total&amp;type=total&amp;\" target=\"_blank\" rel=\"noopener\"><strong>Villa Coral<\/strong><\/a>. Maj\u00ed tu p\u00e1r pokoj\u016f, v\u0161echny maj\u00ed svoji koupelnu a n\u011bkter\u00e9 i kuchy\u0148ku. Jinak je k dispozici terasa, kde je mikrovlnka a d\u0159ez, p\u00e1r stol\u016f a \u017eidl\u00ed. Tak\u00e9 se tam d\u00e1 chytit wi-fi. Villa je asi 20 minut p\u011b\u0161ky od Esperanzy a obchod je vzd\u00e1len\u00fd asi 10-15 minut. Na nejbli\u017e\u0161\u00ed pl\u00e1\u017e je to tak 30 minut.<\/p>\n<p><img loading=\"lazy\" decoding=\"async\" class=\"aligncenter size-full wp-image-19707\" src=\"http:\/\/1001voyagesgourmands.com\/wp-content\/uploads\/2018\/02\/Vieques-9.jpg\" alt=\"Pokud si chcete v Portoriku u\u017e\u00edt klidn\u00e9ho r\u00e1je, kr\u00e1sn\u00fdch a divok\u00fdch pl\u00e1\u017e\u00ed, kde budete daleko od hlu\u010d\u00edc\u00edho davu, potk\u00e1vat divok\u00e9 kon\u011b voln\u011b se pohybuj\u00edc\u00ed kolem, nebo se t\u0159eba projet v kajaku v bioluminescen\u010dn\u00ed z\u00e1toce, pak je ostrov Vieques ta prav\u00e1 volba. Tady je to nezbytn\u00e9, co pot\u0159ebujete v\u011bd\u011bt, ne\u017e se tam vyd\u00e1te.\" width=\"1000\" height=\"667\" srcset=\"https:\/\/1001voyagesgourmands.com\/wp-content\/uploads\/2018\/02\/Vieques-9.jpg 1000w, https:\/\/1001voyagesgourmands.com\/wp-content\/uploads\/2018\/02\/Vieques-9-300x200.jpg 300w, https:\/\/1001voyagesgourmands.com\/wp-content\/uploads\/2018\/02\/Vieques-9-768x512.jpg 768w, https:\/\/1001voyagesgourmands.com\/wp-content\/uploads\/2018\/02\/Vieques-9-585x390.jpg 585w, https:\/\/1001voyagesgourmands.com\/wp-content\/uploads\/2018\/02\/Vieques-9-263x175.jpg 263w\" sizes=\"auto, (max-width: 1000px) 100vw, 1000px\" \/><\/p>\n<p><img loading=\"lazy\" decoding=\"async\" class=\"aligncenter wp-image-19769\" src=\"http:\/\/1001voyagesgourmands.com\/wp-content\/uploads\/2018\/02\/Vieques-10-1-683x1024.jpg\" alt=\"If you want to escape the mainland of Puerto Rico and enjoy some rest on calm and wild beaches, meet wild horses, do kayaking in the brightest bioluminescent bay in the world, then you may find your happiness on Vieques Island! Here are some practical and beach tips.\" width=\"861\" height=\"1291\" srcset=\"https:\/\/1001voyagesgourmands.com\/wp-content\/uploads\/2018\/02\/Vieques-10-1-683x1024.jpg 683w, https:\/\/1001voyagesgourmands.com\/wp-content\/uploads\/2018\/02\/Vieques-10-1-200x300.jpg 200w, https:\/\/1001voyagesgourmands.com\/wp-content\/uploads\/2018\/02\/Vieques-10-1-768x1152.jpg 768w, https:\/\/1001voyagesgourmands.com\/wp-content\/uploads\/2018\/02\/Vieques-10-1-585x878.jpg 585w, https:\/\/1001voyagesgourmands.com\/wp-content\/uploads\/2018\/02\/Vieques-10-1.jpg 1000w\" sizes=\"auto, (max-width: 861px) 100vw, 861px\" \/><\/p>\n<p><img loading=\"lazy\" decoding=\"async\" class=\"aligncenter size-full wp-image-19771\" src=\"http:\/\/1001voyagesgourmands.com\/wp-content\/uploads\/2018\/02\/Vieques-11-1.jpg\" alt=\"If you want to escape the mainland of Puerto Rico and enjoy some rest on calm and wild beaches, meet wild horses, do kayaking in the brightest bioluminescent bay in the world, then you may find your happiness on Vieques Island! Here are some practical and beach tips.\" width=\"1000\" height=\"667\" srcset=\"https:\/\/1001voyagesgourmands.com\/wp-content\/uploads\/2018\/02\/Vieques-11-1.jpg 1000w, https:\/\/1001voyagesgourmands.com\/wp-content\/uploads\/2018\/02\/Vieques-11-1-300x200.jpg 300w, https:\/\/1001voyagesgourmands.com\/wp-content\/uploads\/2018\/02\/Vieques-11-1-768x512.jpg 768w, https:\/\/1001voyagesgourmands.com\/wp-content\/uploads\/2018\/02\/Vieques-11-1-585x390.jpg 585w, https:\/\/1001voyagesgourmands.com\/wp-content\/uploads\/2018\/02\/Vieques-11-1-263x175.jpg 263w\" sizes=\"auto, (max-width: 1000px) 100vw, 1000px\" \/><\/p>\n<p>&nbsp;<\/p>\n<p style=\"text-align: justify;\"><em>Tak to je ode mne v<\/em>\u0161<em>e k tomuto kr\u00e1sn\u00e9mu ostr<\/em>\u016f<em>vku. Sly<\/em>\u0161<em>eli jste n\u011bkdy o ostrov\u011b Vieques nebo o bioluminiscen\u010dn\u00ed z\u00e1toce? Byli jste n\u011bkdo v n<\/em>\u011b<em>jak\u00e9 takov\u00e9 bioluminiscen\u010dn\u00ed z\u00e1toce v Karibiku nebo jinde? T\u011b\u0161\u00edm se na va\u0161e koment\u00e1\u0159e! \ud83d\ude42<\/em><\/p>\n<p><em>Pokud se v\u00e1m \u010dl\u00e1nek l\u00edbil, nev\u00e1hejte ho sd\u00edlet d\u00e1le!<\/em><\/p>\n<p style=\"text-align: center;\"><strong>PIN IT!<\/strong><\/p>\n<p><img loading=\"lazy\" decoding=\"async\" class=\"aligncenter wp-image-19822\" src=\"http:\/\/1001voyagesgourmands.com\/wp-content\/uploads\/2018\/02\/Ostrov_Vieques-PIN-683x1024.jpg\" alt=\"Pokud si chcete v Portoriku u\u017e\u00edt klidn\u00e9ho r\u00e1je, kr\u00e1sn\u00fdch a divok\u00fdch pl\u00e1\u017e\u00ed, kde budete daleko od hlu\u010d\u00edc\u00edho davu, potk\u00e1vat divok\u00e9 kon\u011b voln\u011b se pohybuj\u00edc\u00ed kolem, nebo se t\u0159eba projet v kajaku v bioluminescen\u010dn\u00ed z\u00e1toce, pak je ostrov Vieques ta prav\u00e1 volba. Tady je to nezbytn\u00e9, co pot\u0159ebujete v\u011bd\u011bt, ne\u017e se tam vyd\u00e1te.\" width=\"563\" height=\"845\" srcset=\"https:\/\/1001voyagesgourmands.com\/wp-content\/uploads\/2018\/02\/Ostrov_Vieques-PIN-683x1024.jpg 683w, https:\/\/1001voyagesgourmands.com\/wp-content\/uploads\/2018\/02\/Ostrov_Vieques-PIN-200x300.jpg 200w, https:\/\/1001voyagesgourmands.com\/wp-content\/uploads\/2018\/02\/Ostrov_Vieques-PIN-585x877.jpg 585w, https:\/\/1001voyagesgourmands.com\/wp-content\/uploads\/2018\/02\/Ostrov_Vieques-PIN.jpg 735w\" sizes=\"auto, (max-width: 563px) 100vw, 563px\" \/><\/p>\n","protected":false},"excerpt":{"rendered":"<p>Po p\u00e1r dnech str\u00e1ven\u00fdch na jihu a v\u00fdchod\u011b Portorika jsme se rozhodli nav\u0161t\u00edvit tak\u00e9 jeden z p\u0159ilehl\u00fdch ostrov\u016f Culebra \u010di Vieques. No a proto\u017ee jsme se nemohli rozhodnout kter\u00fd a byli jsme v Portoriku celkem 3 t\u00fddny, tak jsme dali rovnou oba. O Culeb\u0159e byl p\u0159edchoz\u00ed \u010dl\u00e1nek a dnes v\u00e1m&hellip;<\/p>\n","protected":false},"author":1,"featured_media":19735,"comment_status":"open","ping_status":"open","sticky":false,"template":"","format":"standard","meta":{"_exactmetrics_skip_tracking":false,"_exactmetrics_sitenote_active":false,"_exactmetrics_sitenote_note":"","_exactmetrics_sitenote_category":0,"_lmt_disableupdate":"","_lmt_disable":"","footnotes":""},"categories":[4,517],"tags":[518],"class_list":["post-19683","post","type-post","status-publish","format-standard","has-post-thumbnail","hentry","category-cestovani","category-portoriko","tag-portoriko"],"yoast_head":"<!-- This site is optimized with the Yoast SEO plugin v26.1.1 - https:\/\/yoast.com\/wordpress\/plugins\/seo\/ -->\n<title>Ostrov Vieques: Divok\u00fd r\u00e1j Portorika - 1001 Voyages Gourmands<\/title>\n<meta name=\"description\" content=\"Pokud si chcete v Portoriku u\u017e\u00edt klidn\u00e9ho r\u00e1je, kr\u00e1sn\u00fdch a divok\u00fdch pl\u00e1\u017e\u00ed, kde budete daleko od hlu\u010d\u00edc\u00edho davu, potk\u00e1vat divok\u00e9 kon\u011b voln\u011b se pohybuj\u00edc\u00ed kolem, nebo se t\u0159eba projet v kajaku v bioluminescen\u010dn\u00ed z\u00e1toce, pak je ostrov Vieques ta prav\u00e1 volba. Tady je to nezbytn\u00e9, co pot\u0159ebujete v\u011bd\u011bt, ne\u017e se tam vyd\u00e1te.\" \/>\n<meta name=\"robots\" content=\"index, follow, max-snippet:-1, max-image-preview:large, max-video-preview:-1\" \/>\n<link rel=\"canonical\" href=\"https:\/\/1001voyagesgourmands.com\/cs\/ostrov-vieques-divoky-raj-portorika\/\" \/>\n<meta property=\"og:locale\" content=\"cs_CZ\" \/>\n<meta property=\"og:type\" content=\"article\" \/>\n<meta property=\"og:title\" content=\"Ostrov Vieques: Divok\u00fd r\u00e1j Portorika - 1001 Voyages Gourmands\" \/>\n<meta property=\"og:description\" content=\"Pokud si chcete v Portoriku u\u017e\u00edt klidn\u00e9ho r\u00e1je, kr\u00e1sn\u00fdch a divok\u00fdch pl\u00e1\u017e\u00ed, kde budete daleko od hlu\u010d\u00edc\u00edho davu, potk\u00e1vat divok\u00e9 kon\u011b voln\u011b se pohybuj\u00edc\u00ed kolem, nebo se t\u0159eba projet v kajaku v bioluminescen\u010dn\u00ed z\u00e1toce, pak je ostrov Vieques ta prav\u00e1 volba. Tady je to nezbytn\u00e9, co pot\u0159ebujete v\u011bd\u011bt, ne\u017e se tam vyd\u00e1te.\" \/>\n<meta property=\"og:url\" content=\"https:\/\/1001voyagesgourmands.com\/cs\/ostrov-vieques-divoky-raj-portorika\/\" \/>\n<meta property=\"og:site_name\" content=\"1001 Voyages Gourmands\" \/>\n<meta property=\"article:publisher\" content=\"https:\/\/www.facebook.com\/1001voyagesgourmands\" \/>\n<meta property=\"article:published_time\" content=\"2018-02-28T22:17:22+00:00\" \/>\n<meta property=\"article:modified_time\" content=\"2018-03-01T10:11:30+00:00\" \/>\n<meta property=\"og:image\" content=\"https:\/\/1001voyagesgourmands.com\/wp-content\/uploads\/2018\/02\/Vieques-23.jpg\" \/>\n\t<meta property=\"og:image:width\" content=\"1000\" \/>\n\t<meta property=\"og:image:height\" content=\"667\" \/>\n\t<meta property=\"og:image:type\" content=\"image\/jpeg\" \/>\n<meta name=\"author\" content=\"Michaela\" \/>\n<meta name=\"twitter:card\" content=\"summary_large_image\" \/>\n<meta name=\"twitter:creator\" content=\"@michaela_1001vg\" \/>\n<meta name=\"twitter:site\" content=\"@michaela_1001vg\" \/>\n<meta name=\"twitter:label1\" content=\"Napsal(a)\" \/>\n\t<meta name=\"twitter:data1\" content=\"Michaela\" \/>\n\t<meta name=\"twitter:label2\" content=\"Odhadovan\u00e1 doba \u010dten\u00ed\" \/>\n\t<meta name=\"twitter:data2\" content=\"7 minut\" \/>\n<script type=\"application\/ld+json\" class=\"yoast-schema-graph\">{\"@context\":\"https:\/\/schema.org\",\"@graph\":[{\"@type\":\"WebPage\",\"@id\":\"https:\/\/1001voyagesgourmands.com\/cs\/ostrov-vieques-divoky-raj-portorika\/\",\"url\":\"https:\/\/1001voyagesgourmands.com\/cs\/ostrov-vieques-divoky-raj-portorika\/\",\"name\":\"Ostrov Vieques: Divok\u00fd r\u00e1j Portorika - 1001 Voyages Gourmands\",\"isPartOf\":{\"@id\":\"https:\/\/1001voyagesgourmands.com\/cs\/#website\"},\"primaryImageOfPage\":{\"@id\":\"https:\/\/1001voyagesgourmands.com\/cs\/ostrov-vieques-divoky-raj-portorika\/#primaryimage\"},\"image\":{\"@id\":\"https:\/\/1001voyagesgourmands.com\/cs\/ostrov-vieques-divoky-raj-portorika\/#primaryimage\"},\"thumbnailUrl\":\"https:\/\/1001voyagesgourmands.com\/wp-content\/uploads\/2018\/02\/Vieques-23.jpg\",\"datePublished\":\"2018-02-28T22:17:22+00:00\",\"dateModified\":\"2018-03-01T10:11:30+00:00\",\"author\":{\"@id\":\"https:\/\/1001voyagesgourmands.com\/cs\/#\/schema\/person\/62e0e7238fcf7482b23bf83e1b72ff1b\"},\"description\":\"Pokud si chcete v Portoriku u\u017e\u00edt klidn\u00e9ho r\u00e1je, kr\u00e1sn\u00fdch a divok\u00fdch pl\u00e1\u017e\u00ed, kde budete daleko od hlu\u010d\u00edc\u00edho davu, potk\u00e1vat divok\u00e9 kon\u011b voln\u011b se pohybuj\u00edc\u00ed kolem, nebo se t\u0159eba projet v kajaku v bioluminescen\u010dn\u00ed z\u00e1toce, pak je ostrov Vieques ta prav\u00e1 volba. Tady je to nezbytn\u00e9, co pot\u0159ebujete v\u011bd\u011bt, ne\u017e se tam vyd\u00e1te.\",\"breadcrumb\":{\"@id\":\"https:\/\/1001voyagesgourmands.com\/cs\/ostrov-vieques-divoky-raj-portorika\/#breadcrumb\"},\"inLanguage\":\"cs\",\"potentialAction\":[{\"@type\":\"ReadAction\",\"target\":[\"https:\/\/1001voyagesgourmands.com\/cs\/ostrov-vieques-divoky-raj-portorika\/\"]}]},{\"@type\":\"ImageObject\",\"inLanguage\":\"cs\",\"@id\":\"https:\/\/1001voyagesgourmands.com\/cs\/ostrov-vieques-divoky-raj-portorika\/#primaryimage\",\"url\":\"https:\/\/1001voyagesgourmands.com\/wp-content\/uploads\/2018\/02\/Vieques-23.jpg\",\"contentUrl\":\"https:\/\/1001voyagesgourmands.com\/wp-content\/uploads\/2018\/02\/Vieques-23.jpg\",\"width\":1000,\"height\":667,\"caption\":\"Pokud si chcete v Portoriku u\u017e\u00edt klidn\u00e9ho r\u00e1je, kr\u00e1sn\u00fdch a divok\u00fdch pl\u00e1\u017e\u00ed, kde budete daleko od hlu\u010d\u00edc\u00edho davu, potk\u00e1vat divok\u00e9 kon\u011b voln\u011b se pohybuj\u00edc\u00ed kolem, nebo se t\u0159eba projet v kajaku v bioluminescen\u010dn\u00ed z\u00e1toce, pak je ostrov Vieques ta prav\u00e1 volba. Tady je to nezbytn\u00e9, co pot\u0159ebujete v\u011bd\u011bt, ne\u017e se tam vyd\u00e1te.\"},{\"@type\":\"BreadcrumbList\",\"@id\":\"https:\/\/1001voyagesgourmands.com\/cs\/ostrov-vieques-divoky-raj-portorika\/#breadcrumb\",\"itemListElement\":[{\"@type\":\"ListItem\",\"position\":1,\"name\":\"Dom\u016f\",\"item\":\"https:\/\/1001voyagesgourmands.com\/cs\/\"},{\"@type\":\"ListItem\",\"position\":2,\"name\":\"Ostrov Vieques: Divok\u00fd r\u00e1j Portorika\"}]},{\"@type\":\"WebSite\",\"@id\":\"https:\/\/1001voyagesgourmands.com\/cs\/#website\",\"url\":\"https:\/\/1001voyagesgourmands.com\/cs\/\",\"name\":\"1001 Voyages Gourmands\",\"description\":\"Food | Travel | Photography\",\"potentialAction\":[{\"@type\":\"SearchAction\",\"target\":{\"@type\":\"EntryPoint\",\"urlTemplate\":\"https:\/\/1001voyagesgourmands.com\/cs\/?s={search_term_string}\"},\"query-input\":{\"@type\":\"PropertyValueSpecification\",\"valueRequired\":true,\"valueName\":\"search_term_string\"}}],\"inLanguage\":\"cs\"},{\"@type\":\"Person\",\"@id\":\"https:\/\/1001voyagesgourmands.com\/cs\/#\/schema\/person\/62e0e7238fcf7482b23bf83e1b72ff1b\",\"name\":\"Michaela\",\"image\":{\"@type\":\"ImageObject\",\"inLanguage\":\"cs\",\"@id\":\"https:\/\/1001voyagesgourmands.com\/cs\/#\/schema\/person\/image\/\",\"url\":\"https:\/\/secure.gravatar.com\/avatar\/73fa562a5b0ce269ca480f67de504b8ecac054a121d170e226f1b79e02024cb8?s=96&d=mm&r=g\",\"contentUrl\":\"https:\/\/secure.gravatar.com\/avatar\/73fa562a5b0ce269ca480f67de504b8ecac054a121d170e226f1b79e02024cb8?s=96&d=mm&r=g\",\"caption\":\"Michaela\"},\"sameAs\":[\"http:\/\/1001voyagesgourmands.com\"]}]}<\/script>\n<!-- \/ Yoast SEO plugin. -->","yoast_head_json":{"title":"Ostrov Vieques: Divok\u00fd r\u00e1j Portorika - 1001 Voyages Gourmands","description":"Pokud si chcete v Portoriku u\u017e\u00edt klidn\u00e9ho r\u00e1je, kr\u00e1sn\u00fdch a divok\u00fdch pl\u00e1\u017e\u00ed, kde budete daleko od hlu\u010d\u00edc\u00edho davu, potk\u00e1vat divok\u00e9 kon\u011b voln\u011b se pohybuj\u00edc\u00ed kolem, nebo se t\u0159eba projet v kajaku v bioluminescen\u010dn\u00ed z\u00e1toce, pak je ostrov Vieques ta prav\u00e1 volba. Tady je to nezbytn\u00e9, co pot\u0159ebujete v\u011bd\u011bt, ne\u017e se tam vyd\u00e1te.","robots":{"index":"index","follow":"follow","max-snippet":"max-snippet:-1","max-image-preview":"max-image-preview:large","max-video-preview":"max-video-preview:-1"},"canonical":"https:\/\/1001voyagesgourmands.com\/cs\/ostrov-vieques-divoky-raj-portorika\/","og_locale":"cs_CZ","og_type":"article","og_title":"Ostrov Vieques: Divok\u00fd r\u00e1j Portorika - 1001 Voyages Gourmands","og_description":"Pokud si chcete v Portoriku u\u017e\u00edt klidn\u00e9ho r\u00e1je, kr\u00e1sn\u00fdch a divok\u00fdch pl\u00e1\u017e\u00ed, kde budete daleko od hlu\u010d\u00edc\u00edho davu, potk\u00e1vat divok\u00e9 kon\u011b voln\u011b se pohybuj\u00edc\u00ed kolem, nebo se t\u0159eba projet v kajaku v bioluminescen\u010dn\u00ed z\u00e1toce, pak je ostrov Vieques ta prav\u00e1 volba. Tady je to nezbytn\u00e9, co pot\u0159ebujete v\u011bd\u011bt, ne\u017e se tam vyd\u00e1te.","og_url":"https:\/\/1001voyagesgourmands.com\/cs\/ostrov-vieques-divoky-raj-portorika\/","og_site_name":"1001 Voyages Gourmands","article_publisher":"https:\/\/www.facebook.com\/1001voyagesgourmands","article_published_time":"2018-02-28T22:17:22+00:00","article_modified_time":"2018-03-01T10:11:30+00:00","og_image":[{"width":1000,"height":667,"url":"https:\/\/1001voyagesgourmands.com\/wp-content\/uploads\/2018\/02\/Vieques-23.jpg","type":"image\/jpeg"}],"author":"Michaela","twitter_card":"summary_large_image","twitter_creator":"@michaela_1001vg","twitter_site":"@michaela_1001vg","twitter_misc":{"Napsal(a)":"Michaela","Odhadovan\u00e1 doba \u010dten\u00ed":"7 minut"},"schema":{"@context":"https:\/\/schema.org","@graph":[{"@type":"WebPage","@id":"https:\/\/1001voyagesgourmands.com\/cs\/ostrov-vieques-divoky-raj-portorika\/","url":"https:\/\/1001voyagesgourmands.com\/cs\/ostrov-vieques-divoky-raj-portorika\/","name":"Ostrov Vieques: Divok\u00fd r\u00e1j Portorika - 1001 Voyages Gourmands","isPartOf":{"@id":"https:\/\/1001voyagesgourmands.com\/cs\/#website"},"primaryImageOfPage":{"@id":"https:\/\/1001voyagesgourmands.com\/cs\/ostrov-vieques-divoky-raj-portorika\/#primaryimage"},"image":{"@id":"https:\/\/1001voyagesgourmands.com\/cs\/ostrov-vieques-divoky-raj-portorika\/#primaryimage"},"thumbnailUrl":"https:\/\/1001voyagesgourmands.com\/wp-content\/uploads\/2018\/02\/Vieques-23.jpg","datePublished":"2018-02-28T22:17:22+00:00","dateModified":"2018-03-01T10:11:30+00:00","author":{"@id":"https:\/\/1001voyagesgourmands.com\/cs\/#\/schema\/person\/62e0e7238fcf7482b23bf83e1b72ff1b"},"description":"Pokud si chcete v Portoriku u\u017e\u00edt klidn\u00e9ho r\u00e1je, kr\u00e1sn\u00fdch a divok\u00fdch pl\u00e1\u017e\u00ed, kde budete daleko od hlu\u010d\u00edc\u00edho davu, potk\u00e1vat divok\u00e9 kon\u011b voln\u011b se pohybuj\u00edc\u00ed kolem, nebo se t\u0159eba projet v kajaku v bioluminescen\u010dn\u00ed z\u00e1toce, pak je ostrov Vieques ta prav\u00e1 volba. Tady je to nezbytn\u00e9, co pot\u0159ebujete v\u011bd\u011bt, ne\u017e se tam vyd\u00e1te.","breadcrumb":{"@id":"https:\/\/1001voyagesgourmands.com\/cs\/ostrov-vieques-divoky-raj-portorika\/#breadcrumb"},"inLanguage":"cs","potentialAction":[{"@type":"ReadAction","target":["https:\/\/1001voyagesgourmands.com\/cs\/ostrov-vieques-divoky-raj-portorika\/"]}]},{"@type":"ImageObject","inLanguage":"cs","@id":"https:\/\/1001voyagesgourmands.com\/cs\/ostrov-vieques-divoky-raj-portorika\/#primaryimage","url":"https:\/\/1001voyagesgourmands.com\/wp-content\/uploads\/2018\/02\/Vieques-23.jpg","contentUrl":"https:\/\/1001voyagesgourmands.com\/wp-content\/uploads\/2018\/02\/Vieques-23.jpg","width":1000,"height":667,"caption":"Pokud si chcete v Portoriku u\u017e\u00edt klidn\u00e9ho r\u00e1je, kr\u00e1sn\u00fdch a divok\u00fdch pl\u00e1\u017e\u00ed, kde budete daleko od hlu\u010d\u00edc\u00edho davu, potk\u00e1vat divok\u00e9 kon\u011b voln\u011b se pohybuj\u00edc\u00ed kolem, nebo se t\u0159eba projet v kajaku v bioluminescen\u010dn\u00ed z\u00e1toce, pak je ostrov Vieques ta prav\u00e1 volba. Tady je to nezbytn\u00e9, co pot\u0159ebujete v\u011bd\u011bt, ne\u017e se tam vyd\u00e1te."},{"@type":"BreadcrumbList","@id":"https:\/\/1001voyagesgourmands.com\/cs\/ostrov-vieques-divoky-raj-portorika\/#breadcrumb","itemListElement":[{"@type":"ListItem","position":1,"name":"Dom\u016f","item":"https:\/\/1001voyagesgourmands.com\/cs\/"},{"@type":"ListItem","position":2,"name":"Ostrov Vieques: Divok\u00fd r\u00e1j Portorika"}]},{"@type":"WebSite","@id":"https:\/\/1001voyagesgourmands.com\/cs\/#website","url":"https:\/\/1001voyagesgourmands.com\/cs\/","name":"1001 Voyages Gourmands","description":"Food | Travel | Photography","potentialAction":[{"@type":"SearchAction","target":{"@type":"EntryPoint","urlTemplate":"https:\/\/1001voyagesgourmands.com\/cs\/?s={search_term_string}"},"query-input":{"@type":"PropertyValueSpecification","valueRequired":true,"valueName":"search_term_string"}}],"inLanguage":"cs"},{"@type":"Person","@id":"https:\/\/1001voyagesgourmands.com\/cs\/#\/schema\/person\/62e0e7238fcf7482b23bf83e1b72ff1b","name":"Michaela","image":{"@type":"ImageObject","inLanguage":"cs","@id":"https:\/\/1001voyagesgourmands.com\/cs\/#\/schema\/person\/image\/","url":"https:\/\/secure.gravatar.com\/avatar\/73fa562a5b0ce269ca480f67de504b8ecac054a121d170e226f1b79e02024cb8?s=96&d=mm&r=g","contentUrl":"https:\/\/secure.gravatar.com\/avatar\/73fa562a5b0ce269ca480f67de504b8ecac054a121d170e226f1b79e02024cb8?s=96&d=mm&r=g","caption":"Michaela"},"sameAs":["http:\/\/1001voyagesgourmands.com"]}]}},"_links":{"self":[{"href":"https:\/\/1001voyagesgourmands.com\/cs\/wp-json\/wp\/v2\/posts\/19683","targetHints":{"allow":["GET"]}}],"collection":[{"href":"https:\/\/1001voyagesgourmands.com\/cs\/wp-json\/wp\/v2\/posts"}],"about":[{"href":"https:\/\/1001voyagesgourmands.com\/cs\/wp-json\/wp\/v2\/types\/post"}],"author":[{"embeddable":true,"href":"https:\/\/1001voyagesgourmands.com\/cs\/wp-json\/wp\/v2\/users\/1"}],"replies":[{"embeddable":true,"href":"https:\/\/1001voyagesgourmands.com\/cs\/wp-json\/wp\/v2\/comments?post=19683"}],"version-history":[{"count":0,"href":"https:\/\/1001voyagesgourmands.com\/cs\/wp-json\/wp\/v2\/posts\/19683\/revisions"}],"wp:featuredmedia":[{"embeddable":true,"href":"https:\/\/1001voyagesgourmands.com\/cs\/wp-json\/wp\/v2\/media\/19735"}],"wp:attachment":[{"href":"https:\/\/1001voyagesgourmands.com\/cs\/wp-json\/wp\/v2\/media?parent=19683"}],"wp:term":[{"taxonomy":"category","embeddable":true,"href":"https:\/\/1001voyagesgourmands.com\/cs\/wp-json\/wp\/v2\/categories?post=19683"},{"taxonomy":"post_tag","embeddable":true,"href":"https:\/\/1001voyagesgourmands.com\/cs\/wp-json\/wp\/v2\/tags?post=19683"}],"curies":[{"name":"wp","href":"https:\/\/api.w.org\/{rel}","templated":true}]}}