{"id":19655,"date":"2018-02-06T23:04:52","date_gmt":"2018-02-06T22:04:52","guid":{"rendered":"http:\/\/1001voyagesgourmands.com\/?p=19655"},"modified":"2018-02-09T09:00:38","modified_gmt":"2018-02-09T08:00:38","slug":"obraceny-kolac-s-ananasem-a-zazvorem","status":"publish","type":"post","link":"https:\/\/1001voyagesgourmands.com\/cs\/obraceny-kolac-s-ananasem-a-zazvorem\/","title":{"rendered":"Obr\u00e1cen\u00fd kol\u00e1\u010d s ananasem a z\u00e1zvorem"},"content":{"rendered":"<p style=\"text-align: justify;\">S p\u0159\u00edchodem \u00fanora n\u00e1m v Bruselu p\u0159ituhlo, zima n\u00e1m po kr\u00e1tk\u00e9m oteplen\u00ed s de\u0161t\u011bm je\u0161t\u011b d\u00e1v\u00e1 v\u011bd\u011bt, \u017ee se jen tak nechyst\u00e1 n\u00e1s opustit. Posledn\u00ed dny jsou dost krut\u00e9, mrzne a ta vlhk\u00e1 zima zal\u00e9z\u00e1 v\u0161ude. Osobn\u011b nejsem moc zimn\u00ed typ, ale neostudn\u011b se p\u0159izn\u00e1m, \u017ee sv\u00fdm zp\u016fsobem m\u00e1m takovou krutou zimu z ur\u010dit\u00e9ho d\u016fvodu celkem r\u00e1da. T\u00edm d\u016fvodem jsou ve\u010dery doma, kdy si zap\u00e1l\u00edm sv\u00ed\u010dky, ud\u011bl\u00e1m dobr\u00fd tepl\u00fd \u010daj, nasad\u00edm sv\u00e9 obl\u00edben\u00e9 tlust\u00e9 pono\u017eky s bambul\u00ed a zahalen\u00e1 do deky se za\u010dtu do kn\u00ed\u017eky nebo si jen tak leniv\u011b pust\u00edm n\u011bjak\u00fd p\u011bkn\u00fd film. Te\u010f tedy na \u00fakor p\u011bkn\u00e9ho filmu pro v\u00e1s s \u010daj\u00edkem v ruce p\u00ed\u0161u recept na v\u00fdborn\u00fd obr\u00e1cen\u00fd kol\u00e1\u010d s ananasem a z\u00e1zvorem, kter\u00fd v\u00e1s tak\u00e9 trochu zah\u0159eje, minim\u00e1ln\u011b u\u017e jen tou svou slun\u00ed\u010dkovou barvu. \ud83d\ude42<\/p>\n<p style=\"text-align: justify;\">Miluju obr\u00e1cen\u00e9 kol\u00e1\u010de a je\u0161t\u011b v\u00edce miluji ko\u0159en\u011bn\u00e9 kol\u00e1\u010de! A tenhle obr\u00e1cen\u00fd kol\u00e1\u010d s ananasem a z\u00e1zvorem m\u00e1 oboj\u00ed, tak\u017ee bingo! Taky kr\u00e1sn\u011b von\u00ed a je d\u00edky p\u0159idan\u00e9 smetan\u011b dob\u0159e vl\u00e1\u010dn\u00fd. Nejlep\u0161\u00ed je serv\u00edrovan\u00fd je\u0161t\u011b tepl\u00fd, proto ho d\u011bl\u00e1m do men\u0161\u00ed formy &#8211; bude v\u00e1m sta\u010dit forma na brownies. A pokud ji nem\u00e1te, pak jak\u00e1koliv men\u0161\u00ed kruhov\u00e1 forma na dort. Ananas beru v\u017edy \u010derstv\u00fd, ale m\u016f\u017eete pou\u017e\u00edt i pl\u00e1tky z plechovky, v tom p\u0159\u00edpad\u011b m\u00e1te v receptu uvedenou v\u00e1hu.<\/p>\n<p><img loading=\"lazy\" decoding=\"async\" class=\"aligncenter wp-image-19643\" src=\"http:\/\/1001voyagesgourmands.com\/wp-content\/uploads\/2018\/02\/Obraceny_kolac_s_ananasem_a_zazvorem-8-683x1024.jpg\" alt=\"Kr\u00e1sn\u011b vl\u00e1\u010dn\u00fd a ko\u0159en\u011bn\u00fd kol\u00e1\u010d zdoben\u00fd karamelizovan\u00fdm ananasem se z\u00e1zvorem, kter\u00fd nejl\u00e9pe chutn\u00e1 je\u0161t\u011b tepl\u00fd. Obr\u00e1cen\u00fd kol\u00e1\u010d s ananasem a z\u00e1zvorem v\u00e1s nav\u00edc v zim\u011b kr\u00e1sn\u011b zah\u0159eje svou slune\u010dnou barvou.\" width=\"878\" height=\"1316\" srcset=\"https:\/\/1001voyagesgourmands.com\/wp-content\/uploads\/2018\/02\/Obraceny_kolac_s_ananasem_a_zazvorem-8-683x1024.jpg 683w, https:\/\/1001voyagesgourmands.com\/wp-content\/uploads\/2018\/02\/Obraceny_kolac_s_ananasem_a_zazvorem-8-200x300.jpg 200w, https:\/\/1001voyagesgourmands.com\/wp-content\/uploads\/2018\/02\/Obraceny_kolac_s_ananasem_a_zazvorem-8-768x1152.jpg 768w, https:\/\/1001voyagesgourmands.com\/wp-content\/uploads\/2018\/02\/Obraceny_kolac_s_ananasem_a_zazvorem-8-585x878.jpg 585w, https:\/\/1001voyagesgourmands.com\/wp-content\/uploads\/2018\/02\/Obraceny_kolac_s_ananasem_a_zazvorem-8.jpg 1000w\" sizes=\"auto, (max-width: 878px) 100vw, 878px\" \/><\/p>\n<p><img loading=\"lazy\" decoding=\"async\" class=\"aligncenter wp-image-19639\" src=\"http:\/\/1001voyagesgourmands.com\/wp-content\/uploads\/2018\/02\/Obraceny_kolac_s_ananasem_a_zazvorem-6-683x1024.jpg\" alt=\"Kr\u00e1sn\u011b vl\u00e1\u010dn\u00fd a ko\u0159en\u011bn\u00fd kol\u00e1\u010d zdoben\u00fd karamelizovan\u00fdm ananasem se z\u00e1zvorem, kter\u00fd nejl\u00e9pe chutn\u00e1 je\u0161t\u011b tepl\u00fd. Obr\u00e1cen\u00fd kol\u00e1\u010d s ananasem a z\u00e1zvorem v\u00e1s nav\u00edc v zim\u011b kr\u00e1sn\u011b zah\u0159eje svou slune\u010dnou barvou.\" width=\"869\" height=\"1303\" srcset=\"https:\/\/1001voyagesgourmands.com\/wp-content\/uploads\/2018\/02\/Obraceny_kolac_s_ananasem_a_zazvorem-6-683x1024.jpg 683w, https:\/\/1001voyagesgourmands.com\/wp-content\/uploads\/2018\/02\/Obraceny_kolac_s_ananasem_a_zazvorem-6-200x300.jpg 200w, https:\/\/1001voyagesgourmands.com\/wp-content\/uploads\/2018\/02\/Obraceny_kolac_s_ananasem_a_zazvorem-6-768x1152.jpg 768w, https:\/\/1001voyagesgourmands.com\/wp-content\/uploads\/2018\/02\/Obraceny_kolac_s_ananasem_a_zazvorem-6-585x878.jpg 585w, https:\/\/1001voyagesgourmands.com\/wp-content\/uploads\/2018\/02\/Obraceny_kolac_s_ananasem_a_zazvorem-6.jpg 1000w\" sizes=\"auto, (max-width: 869px) 100vw, 869px\" \/><\/p>\n<p><img loading=\"lazy\" decoding=\"async\" class=\"aligncenter wp-image-19641\" src=\"http:\/\/1001voyagesgourmands.com\/wp-content\/uploads\/2018\/02\/Obraceny_kolac_s_ananasem_a_zazvorem-7-683x1024.jpg\" alt=\"Kr\u00e1sn\u011b vl\u00e1\u010dn\u00fd a ko\u0159en\u011bn\u00fd kol\u00e1\u010d zdoben\u00fd karamelizovan\u00fdm ananasem se z\u00e1zvorem, kter\u00fd nejl\u00e9pe chutn\u00e1 je\u0161t\u011b tepl\u00fd. Obr\u00e1cen\u00fd kol\u00e1\u010d s ananasem a z\u00e1zvorem v\u00e1s nav\u00edc v zim\u011b kr\u00e1sn\u011b zah\u0159eje svou slune\u010dnou barvou.\" width=\"866\" height=\"1298\" srcset=\"https:\/\/1001voyagesgourmands.com\/wp-content\/uploads\/2018\/02\/Obraceny_kolac_s_ananasem_a_zazvorem-7-683x1024.jpg 683w, https:\/\/1001voyagesgourmands.com\/wp-content\/uploads\/2018\/02\/Obraceny_kolac_s_ananasem_a_zazvorem-7-200x300.jpg 200w, https:\/\/1001voyagesgourmands.com\/wp-content\/uploads\/2018\/02\/Obraceny_kolac_s_ananasem_a_zazvorem-7-768x1152.jpg 768w, https:\/\/1001voyagesgourmands.com\/wp-content\/uploads\/2018\/02\/Obraceny_kolac_s_ananasem_a_zazvorem-7-585x878.jpg 585w, https:\/\/1001voyagesgourmands.com\/wp-content\/uploads\/2018\/02\/Obraceny_kolac_s_ananasem_a_zazvorem-7.jpg 1000w\" sizes=\"auto, (max-width: 866px) 100vw, 866px\" \/><\/p>\n<p><img loading=\"lazy\" decoding=\"async\" class=\"aligncenter size-full wp-image-19649\" src=\"http:\/\/1001voyagesgourmands.com\/wp-content\/uploads\/2018\/02\/Obraceny_kolac_s_ananasem_a_zazvorem-11.jpg\" alt=\"Kr\u00e1sn\u011b vl\u00e1\u010dn\u00fd a ko\u0159en\u011bn\u00fd kol\u00e1\u010d zdoben\u00fd karamelizovan\u00fdm ananasem se z\u00e1zvorem, kter\u00fd nejl\u00e9pe chutn\u00e1 je\u0161t\u011b tepl\u00fd. Obr\u00e1cen\u00fd kol\u00e1\u010d s ananasem a z\u00e1zvorem v\u00e1s nav\u00edc v zim\u011b kr\u00e1sn\u011b zah\u0159eje svou slune\u010dnou barvou.\" width=\"1000\" height=\"667\" srcset=\"https:\/\/1001voyagesgourmands.com\/wp-content\/uploads\/2018\/02\/Obraceny_kolac_s_ananasem_a_zazvorem-11.jpg 1000w, https:\/\/1001voyagesgourmands.com\/wp-content\/uploads\/2018\/02\/Obraceny_kolac_s_ananasem_a_zazvorem-11-300x200.jpg 300w, https:\/\/1001voyagesgourmands.com\/wp-content\/uploads\/2018\/02\/Obraceny_kolac_s_ananasem_a_zazvorem-11-768x512.jpg 768w, https:\/\/1001voyagesgourmands.com\/wp-content\/uploads\/2018\/02\/Obraceny_kolac_s_ananasem_a_zazvorem-11-585x390.jpg 585w, https:\/\/1001voyagesgourmands.com\/wp-content\/uploads\/2018\/02\/Obraceny_kolac_s_ananasem_a_zazvorem-11-263x175.jpg 263w\" sizes=\"auto, (max-width: 1000px) 100vw, 1000px\" \/><\/p>\n<p>&nbsp;<\/p>\n<p style=\"text-align: justify;\">Tady m\u00e1te recept a a\u0165 chutn\u00e1! Pokud ho vyzkou\u0161\u00edte, ur\u010dit\u011b mi dejte zp\u011btnou vazbu, jak se v\u00e1m obr\u00e1cen\u00fd kol\u00e1\u010d s ananasem a z\u00e1zvorem povedl.<\/p>\n<p>    <div class=\"blog-yumprint-recipe blog-yumprint-standard   blog-yumprint-numbered-methods \" yumprintrecipe=\"GTNz\" itemscope itemtype=\"http:\/\/schema.org\/Recipe\">    <img decoding=\"async\" class=\"blog-yumprint-google-image\" src=\"http:\/\/1001voyagesgourmands.com\/wp-content\/uploads\/2018\/02\/Obraceny_kolac_s_ananasem_a_zazvorem-7-1.jpg\" style=\"display:block;position:absolute;left:-10000px;top:-10000px;\" itemprop=\"image\" \/>\t\t<div class=\"blog-yumprint-photo-top\" style=\"background-image: url(http:\/\/1001voyagesgourmands.com\/wp-content\/uploads\/2018\/02\/Obraceny_kolac_s_ananasem_a_zazvorem-7-1.jpg)\"><\/div>\t<div class=\"blog-yumprint-recipe-title\" itemprop=\"name\">Obr\u00e1cen\u00fd kol\u00e1\u010d s ananasem a z\u00e1zvorem<\/div>\t<div class=\"blog-yumprint-recipe-published\" itemprop=\"datePublished\">2018-02-06 19:45:31<\/div>\t\t<img decoding=\"async\" class=\"blog-yumprint-photo-top-large\" src=\"http:\/\/1001voyagesgourmands.com\/wp-content\/uploads\/2018\/02\/Obraceny_kolac_s_ananasem_a_zazvorem-7-1.jpg\" \/>    <div class=\"blog-yumprint-recipe-summary\" itemprop=\"description\">Kr\u00e1sn\u011b vl\u00e1\u010dn\u00fd a ko\u0159en\u011bn\u00fd kol\u00e1\u010d zdoben\u00fd karamelizovan\u00fdm ananasem se z\u00e1zvorem, kter\u00fd nejl\u00e9pe chutn\u00e1 je\u0161t\u011b tepl\u00fd.<\/div>\t<div class=\"blog-yumprint-header\">\t\t<div class='blog-yumprint-stars-reviews' itemprop=\"aggregateRating\" itemscope itemtype=\"http:\/\/schema.org\/AggregateRating\" color=\"#D6D2D3\" highlightcolor=\"#b0acad\" emptycolor=\"#D6D2D3\" rating=\"0\" count=\"0\">\r\n\t\t\t<div class='blog-yumprint-star-wrapper'>\r\n\t\t\t\t<div class='blog-yumprint-star-container'><\/div>\r\n\t\t\t\t<meta itemprop=\"ratingValue\" content=\"0\" \/>\r\n\t\t\t\t<meta itemprop=\"bestRating\" content=\"4\" \/>\r\n\t\t\t\t<div class=\"blog-yumprint-review-count\" itemprop=\"reviewCount\" content=\"0\"><\/div>\r\n\t\t\t<\/div>\r\n\t\t\t<div class='blog-yumprint-write-review'>Ohodno\u0165te<\/div>\r\n\t\t<\/div>\t\t<div class=\"blog-yumprint-save blog-yumprint-action\"><a href=\"http:\/\/yumprint.com\/app\/object\/GTNz\">Ulo\u017eit recept<\/a><\/div>\t\t<div class=\"blog-yumprint-print blog-yumprint-action\">Vytisknout<\/div>\t<\/div>\t<div class=\"blog-yumprint-spacer\"><\/div>\t<div class=\"blog-yumprint-recipe-contents\">\t\t<div class=\"blog-yumprint-photo-middle\" style=\"background-image: url(http:\/\/1001voyagesgourmands.com\/wp-content\/uploads\/2018\/02\/Obraceny_kolac_s_ananasem_a_zazvorem-7-1.jpg)\"><\/div>\t\t<div class=\"blog-yumprint-ingredient-section\" yumprintsection=\"0\">                <div class=\"blog-yumprint-subheader\">Suroviny<\/div>\t\t\t<ol class='blog-yumprint-ingredients'>\t\t\t\t<li class=\"blog-yumprint-ingredient-item\" yumprintitem=\"0\" itemprop=\"ingredients\">\u00bd v\u011bt\u0161\u00edho ananasu (cca 350 g)<\/li>\t\t\t\t<li class=\"blog-yumprint-ingredient-item\" yumprintitem=\"1\" itemprop=\"ingredients\">60 g m\u00e1sla<\/li>\t\t\t\t<li class=\"blog-yumprint-ingredient-item\" yumprintitem=\"2\" itemprop=\"ingredients\">115 g t\u0159tinov\u00e9ho cukru<\/li>\t\t\t\t<li class=\"blog-yumprint-ingredient-item\" yumprintitem=\"3\" itemprop=\"ingredients\">15 g nastrouhan\u00e9ho nebo na drobno pokr\u00e1jen\u00e9ho \u010derstv\u00e9ho z\u00e1zvoru<\/li>\t\t\t\t<li class=\"blog-yumprint-ingredient-item\" yumprintitem=\"4\" itemprop=\"ingredients\">80 g zm\u011bkl\u00e9ho m\u00e1sla<\/li>\t\t\t\t<li class=\"blog-yumprint-ingredient-item\" yumprintitem=\"5\" itemprop=\"ingredients\">160 g t\u0159tinov\u00e9ho cukru<\/li>\t\t\t\t<li class=\"blog-yumprint-ingredient-item\" yumprintitem=\"6\" itemprop=\"ingredients\">3 vejce<\/li>\t\t\t\t<li class=\"blog-yumprint-ingredient-item\" yumprintitem=\"7\" itemprop=\"ingredients\">120 ml smetany ke \u0161leh\u00e1n\u00ed<\/li>\t\t\t\t<li class=\"blog-yumprint-ingredient-item\" yumprintitem=\"8\" itemprop=\"ingredients\">210 g hladk\u00e9 mouky<\/li>\t\t\t\t<li class=\"blog-yumprint-ingredient-item\" yumprintitem=\"9\" itemprop=\"ingredients\">1 l\u017ei\u010dka pr\u00e1\u0161ku do pe\u010diva<\/li>\t\t\t\t<li class=\"blog-yumprint-ingredient-item\" yumprintitem=\"10\" itemprop=\"ingredients\">1\/4 l\u017ei\u010dky soli<\/li>\t\t\t\t<li class=\"blog-yumprint-ingredient-item\" yumprintitem=\"11\" itemprop=\"ingredients\">1 l\u017ei\u010dka mlet\u00e9 sko\u0159ice<\/li>\t\t\t\t<li class=\"blog-yumprint-ingredient-item\" yumprintitem=\"12\" itemprop=\"ingredients\">\u00bd l\u017ei\u010dky mlet\u00e9ho z\u00e1zvoru<\/li>\t\t\t\t<li class=\"blog-yumprint-ingredient-item\" yumprintitem=\"13\" itemprop=\"ingredients\">\u00bc l\u017ei\u010dky mlet\u00e9ho h\u0159eb\u00ed\u010dku<\/li>\t\t\t<\/ol>\r\n\t\t<\/div>\t\t<div class=\"blog-yumprint-method-section\" yumprintsection=\"1\">\t\t\t<div class=\"blog-yumprint-subheader\">Postup p\u0159\u00edpravy<\/div>\t\t\t<ol class=\"blog-yumprint-methods\" itemprop=\"recipeInstructions\">\t\t\t\t<li class=\"blog-yumprint-method-item\" yumprintitem=\"0\">Nejprve si p\u0159iprav\u00edme ananas \u2013 budeme pot\u0159ebovat polovinu cel\u00e9ho ananasu nakr\u00e1jenou na obd\u00e9ln\u00edkov\u00e9 pl\u00e1tky, kter\u00e9 p\u0159iprav\u00edme n\u00e1sledovn\u011b. Od\u0159\u00edzneme konce a zbav\u00edme se slupky tak, \u017ee ho postav\u00edme na v\u00fd\u0161ku a no\u017eem odkrajujeme pruhy slupky od shora dol\u016f. Ananas pod\u00e9ln\u011b roz\u010dtvrt\u00edme - dv\u011b \u010dtvrtky si schov\u00e1me na jin\u00e9 vyu\u017eit\u00ed \u010di na j\u00eddlo a z t\u011bch dal\u0161\u00edch dvou pod\u00e9ln\u011b od\u0159\u00edzneme tvrd\u00fd st\u0159ed. Tyto dv\u011b \u010dtvrtky pak nakr\u00e1j\u00edme na 12 pl\u00e1tk\u016f o tlou\u0161\u0165ce cca 1-1,5 cm, t\u00edm p\u00e1dem pak budeme m\u00edt celkem 24 pl\u00e1tk\u016f.<\/li>\t\t\t\t<li class=\"blog-yumprint-method-item\" yumprintitem=\"1\">V p\u00e1nvi na st\u0159edn\u00ed teplot\u011b rozeh\u0159ejeme 60 g m\u00e1sla se 115 g cukru. A\u017e se cukr rozpust\u00ed, p\u0159ivedeme k varu, p\u0159id\u00e1me polovinu ananasov\u00fdch pl\u00e1tk\u016f a \u010derstv\u00e9ho z\u00e1zvoru, sn\u00ed\u017e\u00edme teplotu a nech\u00e1me 3 minuty pova\u0159it, v polovin\u011b pl\u00e1tky oto\u010d\u00edme pomoc\u00ed vidli\u010dky. Pova\u0159en\u00e9 ananasov\u00e9 pl\u00e1tky nech\u00e1me okapat na m\u0159\u00ed\u017ece a zopakujeme postup se zbyl\u00fdmi pl\u00e1tky. Zbyl\u00fd sirup nevyl\u00e9v\u00e1me a nech\u00e1me ho v p\u00e1nvi na pozd\u011bj\u0161\u00ed vyu\u017eit\u00ed.<\/li>\t\t\t\t<li class=\"blog-yumprint-method-item\" yumprintitem=\"2\">Troubu p\u0159edeh\u0159ejeme na 180\u00b0C. Formu na brownies vyma\u017eeme m\u00e1slem a vylo\u017e\u00edme ji prvn\u00edm pruhem pe\u010d\u00edc\u00edho pap\u00edru tak, aby dva okraje naproti sob\u011b p\u0159esahoval o 5 cm, pot\u00e9 dno s pap\u00edrem op\u011bt vyma\u017eeme m\u00e1slem a p\u0159ilep\u00edme druh\u00fd pruh pe\u010d\u00edc\u00edho pap\u00edru tak, aby p\u0159ekryl opa\u010dn\u00e9 dv\u011b strany a p\u0159esahoval je tak\u00e9 o 5 cm. Do formy takto vylo\u017een\u00e9 pe\u010d\u00edc\u00edm pap\u00edrem nand\u00e1me vedle sebe pl\u00e1tky ananasu, t\u011bsn\u011b jeden vedle druh\u00e9ho. Polijeme je dv\u011bmi l\u017e\u00edcemi sirupu, a zbytek nech\u00e1me na pozd\u011bj\u0161\u00ed pou\u017eit\u00ed.<\/li>\t\t\t\t<li class=\"blog-yumprint-method-item\" yumprintitem=\"3\">Ve velk\u00e9 m\u00edse u\u0161leh\u00e1me 160 g cukru s 80 g rozpu\u0161t\u011bn\u00e9ho m\u00e1sla, p\u0159id\u00e1me vejce jedno po druh\u00e9m a nakonec p\u0159im\u00edch\u00e1me smetanu. V men\u0161\u00ed m\u00edse sm\u00edch\u00e1me mouku s pr\u00e1\u0161kem do pe\u010diva a sol\u00ed, p\u0159id\u00e1me mletou sko\u0159ici, z\u00e1zvor a h\u0159eb\u00ed\u010dek. Such\u00e9 ingredience p\u0159im\u00edch\u00e1me do tekut\u00fdch a dob\u0159e prom\u00edch\u00e1me. T\u011bsto nalijeme na ananas a d\u00e1me p\u00e9ct do p\u0159edeh\u0159\u00e1t\u00e9 trouby na cca 45 minut  a\u017e  1 hodinu, nebo ne\u017e vyjde testovac\u00ed \u0161pejle such\u00e1.<\/li>\t\t\t\t<li class=\"blog-yumprint-method-item\" yumprintitem=\"4\">T\u011bsn\u011b p\u0159ed koncem pe\u010den\u00ed p\u0159ivedeme zbyl\u00fd sirupu na p\u00e1nvi k varu, sn\u00ed\u017e\u00edme teplotu a pova\u0159\u00edme 5 minut, ne\u017e trochu zhoustne.<\/li>\t\t\t\t<li class=\"blog-yumprint-method-item\" yumprintitem=\"5\">Kol\u00e1\u010d po upe\u010den\u00ed nech\u00e1me 5 minut vychladnout ve form\u011b a pot\u00e9 ho opatrn\u011b vyklop\u00edme na tal\u00ed\u0159. Pot\u0159eme ho \u010di ho pokapeme sirupem a serv\u00edrujeme je\u0161t\u011b tepl\u00fd.<\/li>\t\t\t<\/ol>\r\n\t\t<\/div>    <div class=\"blog-yumprint-recipe-source\">1001 Voyages Gourmands https:\/\/1001voyagesgourmands.com\/<\/div>\t\t<\/div>\r\n\t<\/div><img loading=\"lazy\" decoding=\"async\" class=\"aligncenter wp-image-19647\" src=\"http:\/\/1001voyagesgourmands.com\/wp-content\/uploads\/2018\/02\/Obraceny_kolac_s_ananasem_a_zazvorem-10-683x1024.jpg\" alt=\"Kr\u00e1sn\u011b vl\u00e1\u010dn\u00fd a ko\u0159en\u011bn\u00fd kol\u00e1\u010d zdoben\u00fd karamelizovan\u00fdm ananasem se z\u00e1zvorem, kter\u00fd nejl\u00e9pe chutn\u00e1 je\u0161t\u011b tepl\u00fd. Obr\u00e1cen\u00fd kol\u00e1\u010d s ananasem a z\u00e1zvorem v\u00e1s nav\u00edc v zim\u011b kr\u00e1sn\u011b zah\u0159eje svou slune\u010dnou barvou.\" width=\"874\" height=\"1310\" srcset=\"https:\/\/1001voyagesgourmands.com\/wp-content\/uploads\/2018\/02\/Obraceny_kolac_s_ananasem_a_zazvorem-10-683x1024.jpg 683w, https:\/\/1001voyagesgourmands.com\/wp-content\/uploads\/2018\/02\/Obraceny_kolac_s_ananasem_a_zazvorem-10-200x300.jpg 200w, https:\/\/1001voyagesgourmands.com\/wp-content\/uploads\/2018\/02\/Obraceny_kolac_s_ananasem_a_zazvorem-10-768x1152.jpg 768w, https:\/\/1001voyagesgourmands.com\/wp-content\/uploads\/2018\/02\/Obraceny_kolac_s_ananasem_a_zazvorem-10-585x878.jpg 585w, https:\/\/1001voyagesgourmands.com\/wp-content\/uploads\/2018\/02\/Obraceny_kolac_s_ananasem_a_zazvorem-10.jpg 1000w\" sizes=\"auto, (max-width: 874px) 100vw, 874px\" \/><\/p>\n","protected":false},"excerpt":{"rendered":"<p>S p\u0159\u00edchodem \u00fanora n\u00e1m v Bruselu p\u0159ituhlo, zima n\u00e1m po kr\u00e1tk\u00e9m oteplen\u00ed s de\u0161t\u011bm je\u0161t\u011b d\u00e1v\u00e1 v\u011bd\u011bt, \u017ee se jen tak nechyst\u00e1 n\u00e1s opustit. Posledn\u00ed dny jsou dost krut\u00e9, mrzne a ta vlhk\u00e1 zima zal\u00e9z\u00e1 v\u0161ude. Osobn\u011b nejsem moc zimn\u00ed typ, ale neostudn\u011b se p\u0159izn\u00e1m, \u017ee sv\u00fdm zp\u016fsobem m\u00e1m takovou&hellip;<\/p>\n","protected":false},"author":1,"featured_media":19675,"comment_status":"open","ping_status":"open","sticky":false,"template":"","format":"standard","meta":{"_exactmetrics_skip_tracking":false,"_exactmetrics_sitenote_active":false,"_exactmetrics_sitenote_note":"","_exactmetrics_sitenote_category":0,"_lmt_disableupdate":"","_lmt_disable":"","footnotes":""},"categories":[21,12],"tags":[393,218,414],"class_list":["post-19655","post","type-post","status-publish","format-standard","has-post-thumbnail","hentry","category-kolace-dorty","category-recepty","tag-ke-kave-a-caji","tag-kolace","tag-obraceny-kolac"],"yoast_head":"<!-- This site is optimized with the Yoast SEO plugin v26.1.1 - https:\/\/yoast.com\/wordpress\/plugins\/seo\/ -->\n<title>Obr\u00e1cen\u00fd kol\u00e1\u010d s ananasem a z\u00e1zvorem - 1001 Voyages Gourmands<\/title>\n<meta name=\"description\" content=\"Kr\u00e1sn\u011b vl\u00e1\u010dn\u00fd a ko\u0159en\u011bn\u00fd kol\u00e1\u010d zdoben\u00fd karamelizovan\u00fdm ananasem se z\u00e1zvorem, kter\u00fd nejl\u00e9pe chutn\u00e1 je\u0161t\u011b tepl\u00fd. Obr\u00e1cen\u00fd kol\u00e1\u010d s ananasem a z\u00e1zvorem v\u00e1s nav\u00edc v zim\u011b kr\u00e1sn\u011b zah\u0159eje svou slune\u010dnou barvou.\" \/>\n<meta name=\"robots\" content=\"index, follow, max-snippet:-1, max-image-preview:large, max-video-preview:-1\" \/>\n<link rel=\"canonical\" href=\"https:\/\/1001voyagesgourmands.com\/cs\/obraceny-kolac-s-ananasem-a-zazvorem\/\" \/>\n<meta property=\"og:locale\" content=\"cs_CZ\" \/>\n<meta property=\"og:type\" content=\"article\" \/>\n<meta property=\"og:title\" content=\"Obr\u00e1cen\u00fd kol\u00e1\u010d s ananasem a z\u00e1zvorem - 1001 Voyages Gourmands\" \/>\n<meta property=\"og:description\" content=\"Kr\u00e1sn\u011b vl\u00e1\u010dn\u00fd a ko\u0159en\u011bn\u00fd kol\u00e1\u010d zdoben\u00fd karamelizovan\u00fdm ananasem se z\u00e1zvorem, kter\u00fd nejl\u00e9pe chutn\u00e1 je\u0161t\u011b tepl\u00fd. Obr\u00e1cen\u00fd kol\u00e1\u010d s ananasem a z\u00e1zvorem v\u00e1s nav\u00edc v zim\u011b kr\u00e1sn\u011b zah\u0159eje svou slune\u010dnou barvou.\" \/>\n<meta property=\"og:url\" content=\"https:\/\/1001voyagesgourmands.com\/cs\/obraceny-kolac-s-ananasem-a-zazvorem\/\" \/>\n<meta property=\"og:site_name\" content=\"1001 Voyages Gourmands\" \/>\n<meta property=\"article:publisher\" content=\"https:\/\/www.facebook.com\/1001voyagesgourmands\" \/>\n<meta property=\"article:published_time\" content=\"2018-02-06T22:04:52+00:00\" \/>\n<meta property=\"article:modified_time\" content=\"2018-02-09T08:00:38+00:00\" \/>\n<meta property=\"og:image\" content=\"https:\/\/1001voyagesgourmands.com\/wp-content\/uploads\/2018\/02\/Pineapple_ginger_upside_down_cake-12.jpg\" \/>\n\t<meta property=\"og:image:width\" content=\"1000\" \/>\n\t<meta property=\"og:image:height\" content=\"1500\" \/>\n\t<meta property=\"og:image:type\" content=\"image\/jpeg\" \/>\n<meta name=\"author\" content=\"Michaela\" \/>\n<meta name=\"twitter:card\" content=\"summary_large_image\" \/>\n<meta name=\"twitter:creator\" content=\"@michaela_1001vg\" \/>\n<meta name=\"twitter:site\" content=\"@michaela_1001vg\" \/>\n<meta name=\"twitter:label1\" content=\"Napsal(a)\" \/>\n\t<meta name=\"twitter:data1\" content=\"Michaela\" \/>\n\t<meta name=\"twitter:label2\" content=\"Odhadovan\u00e1 doba \u010dten\u00ed\" \/>\n\t<meta name=\"twitter:data2\" content=\"2 minuty\" \/>\n<script type=\"application\/ld+json\" class=\"yoast-schema-graph\">{\"@context\":\"https:\/\/schema.org\",\"@graph\":[{\"@type\":\"WebPage\",\"@id\":\"https:\/\/1001voyagesgourmands.com\/cs\/obraceny-kolac-s-ananasem-a-zazvorem\/\",\"url\":\"https:\/\/1001voyagesgourmands.com\/cs\/obraceny-kolac-s-ananasem-a-zazvorem\/\",\"name\":\"Obr\u00e1cen\u00fd kol\u00e1\u010d s ananasem a z\u00e1zvorem - 1001 Voyages Gourmands\",\"isPartOf\":{\"@id\":\"https:\/\/1001voyagesgourmands.com\/cs\/#website\"},\"primaryImageOfPage\":{\"@id\":\"https:\/\/1001voyagesgourmands.com\/cs\/obraceny-kolac-s-ananasem-a-zazvorem\/#primaryimage\"},\"image\":{\"@id\":\"https:\/\/1001voyagesgourmands.com\/cs\/obraceny-kolac-s-ananasem-a-zazvorem\/#primaryimage\"},\"thumbnailUrl\":\"https:\/\/1001voyagesgourmands.com\/wp-content\/uploads\/2018\/02\/Pineapple_ginger_upside_down_cake-12.jpg\",\"datePublished\":\"2018-02-06T22:04:52+00:00\",\"dateModified\":\"2018-02-09T08:00:38+00:00\",\"author\":{\"@id\":\"https:\/\/1001voyagesgourmands.com\/cs\/#\/schema\/person\/62e0e7238fcf7482b23bf83e1b72ff1b\"},\"description\":\"Kr\u00e1sn\u011b vl\u00e1\u010dn\u00fd a ko\u0159en\u011bn\u00fd kol\u00e1\u010d zdoben\u00fd karamelizovan\u00fdm ananasem se z\u00e1zvorem, kter\u00fd nejl\u00e9pe chutn\u00e1 je\u0161t\u011b tepl\u00fd. Obr\u00e1cen\u00fd kol\u00e1\u010d s ananasem a z\u00e1zvorem v\u00e1s nav\u00edc v zim\u011b kr\u00e1sn\u011b zah\u0159eje svou slune\u010dnou barvou.\",\"breadcrumb\":{\"@id\":\"https:\/\/1001voyagesgourmands.com\/cs\/obraceny-kolac-s-ananasem-a-zazvorem\/#breadcrumb\"},\"inLanguage\":\"cs\",\"potentialAction\":[{\"@type\":\"ReadAction\",\"target\":[\"https:\/\/1001voyagesgourmands.com\/cs\/obraceny-kolac-s-ananasem-a-zazvorem\/\"]}]},{\"@type\":\"ImageObject\",\"inLanguage\":\"cs\",\"@id\":\"https:\/\/1001voyagesgourmands.com\/cs\/obraceny-kolac-s-ananasem-a-zazvorem\/#primaryimage\",\"url\":\"https:\/\/1001voyagesgourmands.com\/wp-content\/uploads\/2018\/02\/Pineapple_ginger_upside_down_cake-12.jpg\",\"contentUrl\":\"https:\/\/1001voyagesgourmands.com\/wp-content\/uploads\/2018\/02\/Pineapple_ginger_upside_down_cake-12.jpg\",\"width\":1000,\"height\":1500,\"caption\":\"Delicious moist spicy cake with caramelized pineapple and ginger warms you up during the cold winter afternoon! It tastes the best when served warm.\"},{\"@type\":\"BreadcrumbList\",\"@id\":\"https:\/\/1001voyagesgourmands.com\/cs\/obraceny-kolac-s-ananasem-a-zazvorem\/#breadcrumb\",\"itemListElement\":[{\"@type\":\"ListItem\",\"position\":1,\"name\":\"Dom\u016f\",\"item\":\"https:\/\/1001voyagesgourmands.com\/cs\/\"},{\"@type\":\"ListItem\",\"position\":2,\"name\":\"Obr\u00e1cen\u00fd kol\u00e1\u010d s ananasem a z\u00e1zvorem\"}]},{\"@type\":\"WebSite\",\"@id\":\"https:\/\/1001voyagesgourmands.com\/cs\/#website\",\"url\":\"https:\/\/1001voyagesgourmands.com\/cs\/\",\"name\":\"1001 Voyages Gourmands\",\"description\":\"Food | Travel | Photography\",\"potentialAction\":[{\"@type\":\"SearchAction\",\"target\":{\"@type\":\"EntryPoint\",\"urlTemplate\":\"https:\/\/1001voyagesgourmands.com\/cs\/?s={search_term_string}\"},\"query-input\":{\"@type\":\"PropertyValueSpecification\",\"valueRequired\":true,\"valueName\":\"search_term_string\"}}],\"inLanguage\":\"cs\"},{\"@type\":\"Person\",\"@id\":\"https:\/\/1001voyagesgourmands.com\/cs\/#\/schema\/person\/62e0e7238fcf7482b23bf83e1b72ff1b\",\"name\":\"Michaela\",\"image\":{\"@type\":\"ImageObject\",\"inLanguage\":\"cs\",\"@id\":\"https:\/\/1001voyagesgourmands.com\/cs\/#\/schema\/person\/image\/\",\"url\":\"https:\/\/secure.gravatar.com\/avatar\/73fa562a5b0ce269ca480f67de504b8ecac054a121d170e226f1b79e02024cb8?s=96&d=mm&r=g\",\"contentUrl\":\"https:\/\/secure.gravatar.com\/avatar\/73fa562a5b0ce269ca480f67de504b8ecac054a121d170e226f1b79e02024cb8?s=96&d=mm&r=g\",\"caption\":\"Michaela\"},\"sameAs\":[\"http:\/\/1001voyagesgourmands.com\"]}]}<\/script>\n<!-- \/ Yoast SEO plugin. -->","yoast_head_json":{"title":"Obr\u00e1cen\u00fd kol\u00e1\u010d s ananasem a z\u00e1zvorem - 1001 Voyages Gourmands","description":"Kr\u00e1sn\u011b vl\u00e1\u010dn\u00fd a ko\u0159en\u011bn\u00fd kol\u00e1\u010d zdoben\u00fd karamelizovan\u00fdm ananasem se z\u00e1zvorem, kter\u00fd nejl\u00e9pe chutn\u00e1 je\u0161t\u011b tepl\u00fd. Obr\u00e1cen\u00fd kol\u00e1\u010d s ananasem a z\u00e1zvorem v\u00e1s nav\u00edc v zim\u011b kr\u00e1sn\u011b zah\u0159eje svou slune\u010dnou barvou.","robots":{"index":"index","follow":"follow","max-snippet":"max-snippet:-1","max-image-preview":"max-image-preview:large","max-video-preview":"max-video-preview:-1"},"canonical":"https:\/\/1001voyagesgourmands.com\/cs\/obraceny-kolac-s-ananasem-a-zazvorem\/","og_locale":"cs_CZ","og_type":"article","og_title":"Obr\u00e1cen\u00fd kol\u00e1\u010d s ananasem a z\u00e1zvorem - 1001 Voyages Gourmands","og_description":"Kr\u00e1sn\u011b vl\u00e1\u010dn\u00fd a ko\u0159en\u011bn\u00fd kol\u00e1\u010d zdoben\u00fd karamelizovan\u00fdm ananasem se z\u00e1zvorem, kter\u00fd nejl\u00e9pe chutn\u00e1 je\u0161t\u011b tepl\u00fd. Obr\u00e1cen\u00fd kol\u00e1\u010d s ananasem a z\u00e1zvorem v\u00e1s nav\u00edc v zim\u011b kr\u00e1sn\u011b zah\u0159eje svou slune\u010dnou barvou.","og_url":"https:\/\/1001voyagesgourmands.com\/cs\/obraceny-kolac-s-ananasem-a-zazvorem\/","og_site_name":"1001 Voyages Gourmands","article_publisher":"https:\/\/www.facebook.com\/1001voyagesgourmands","article_published_time":"2018-02-06T22:04:52+00:00","article_modified_time":"2018-02-09T08:00:38+00:00","og_image":[{"width":1000,"height":1500,"url":"https:\/\/1001voyagesgourmands.com\/wp-content\/uploads\/2018\/02\/Pineapple_ginger_upside_down_cake-12.jpg","type":"image\/jpeg"}],"author":"Michaela","twitter_card":"summary_large_image","twitter_creator":"@michaela_1001vg","twitter_site":"@michaela_1001vg","twitter_misc":{"Napsal(a)":"Michaela","Odhadovan\u00e1 doba \u010dten\u00ed":"2 minuty"},"schema":{"@context":"https:\/\/schema.org","@graph":[{"@type":"WebPage","@id":"https:\/\/1001voyagesgourmands.com\/cs\/obraceny-kolac-s-ananasem-a-zazvorem\/","url":"https:\/\/1001voyagesgourmands.com\/cs\/obraceny-kolac-s-ananasem-a-zazvorem\/","name":"Obr\u00e1cen\u00fd kol\u00e1\u010d s ananasem a z\u00e1zvorem - 1001 Voyages Gourmands","isPartOf":{"@id":"https:\/\/1001voyagesgourmands.com\/cs\/#website"},"primaryImageOfPage":{"@id":"https:\/\/1001voyagesgourmands.com\/cs\/obraceny-kolac-s-ananasem-a-zazvorem\/#primaryimage"},"image":{"@id":"https:\/\/1001voyagesgourmands.com\/cs\/obraceny-kolac-s-ananasem-a-zazvorem\/#primaryimage"},"thumbnailUrl":"https:\/\/1001voyagesgourmands.com\/wp-content\/uploads\/2018\/02\/Pineapple_ginger_upside_down_cake-12.jpg","datePublished":"2018-02-06T22:04:52+00:00","dateModified":"2018-02-09T08:00:38+00:00","author":{"@id":"https:\/\/1001voyagesgourmands.com\/cs\/#\/schema\/person\/62e0e7238fcf7482b23bf83e1b72ff1b"},"description":"Kr\u00e1sn\u011b vl\u00e1\u010dn\u00fd a ko\u0159en\u011bn\u00fd kol\u00e1\u010d zdoben\u00fd karamelizovan\u00fdm ananasem se z\u00e1zvorem, kter\u00fd nejl\u00e9pe chutn\u00e1 je\u0161t\u011b tepl\u00fd. Obr\u00e1cen\u00fd kol\u00e1\u010d s ananasem a z\u00e1zvorem v\u00e1s nav\u00edc v zim\u011b kr\u00e1sn\u011b zah\u0159eje svou slune\u010dnou barvou.","breadcrumb":{"@id":"https:\/\/1001voyagesgourmands.com\/cs\/obraceny-kolac-s-ananasem-a-zazvorem\/#breadcrumb"},"inLanguage":"cs","potentialAction":[{"@type":"ReadAction","target":["https:\/\/1001voyagesgourmands.com\/cs\/obraceny-kolac-s-ananasem-a-zazvorem\/"]}]},{"@type":"ImageObject","inLanguage":"cs","@id":"https:\/\/1001voyagesgourmands.com\/cs\/obraceny-kolac-s-ananasem-a-zazvorem\/#primaryimage","url":"https:\/\/1001voyagesgourmands.com\/wp-content\/uploads\/2018\/02\/Pineapple_ginger_upside_down_cake-12.jpg","contentUrl":"https:\/\/1001voyagesgourmands.com\/wp-content\/uploads\/2018\/02\/Pineapple_ginger_upside_down_cake-12.jpg","width":1000,"height":1500,"caption":"Delicious moist spicy cake with caramelized pineapple and ginger warms you up during the cold winter afternoon! It tastes the best when served warm."},{"@type":"BreadcrumbList","@id":"https:\/\/1001voyagesgourmands.com\/cs\/obraceny-kolac-s-ananasem-a-zazvorem\/#breadcrumb","itemListElement":[{"@type":"ListItem","position":1,"name":"Dom\u016f","item":"https:\/\/1001voyagesgourmands.com\/cs\/"},{"@type":"ListItem","position":2,"name":"Obr\u00e1cen\u00fd kol\u00e1\u010d s ananasem a z\u00e1zvorem"}]},{"@type":"WebSite","@id":"https:\/\/1001voyagesgourmands.com\/cs\/#website","url":"https:\/\/1001voyagesgourmands.com\/cs\/","name":"1001 Voyages Gourmands","description":"Food | Travel | Photography","potentialAction":[{"@type":"SearchAction","target":{"@type":"EntryPoint","urlTemplate":"https:\/\/1001voyagesgourmands.com\/cs\/?s={search_term_string}"},"query-input":{"@type":"PropertyValueSpecification","valueRequired":true,"valueName":"search_term_string"}}],"inLanguage":"cs"},{"@type":"Person","@id":"https:\/\/1001voyagesgourmands.com\/cs\/#\/schema\/person\/62e0e7238fcf7482b23bf83e1b72ff1b","name":"Michaela","image":{"@type":"ImageObject","inLanguage":"cs","@id":"https:\/\/1001voyagesgourmands.com\/cs\/#\/schema\/person\/image\/","url":"https:\/\/secure.gravatar.com\/avatar\/73fa562a5b0ce269ca480f67de504b8ecac054a121d170e226f1b79e02024cb8?s=96&d=mm&r=g","contentUrl":"https:\/\/secure.gravatar.com\/avatar\/73fa562a5b0ce269ca480f67de504b8ecac054a121d170e226f1b79e02024cb8?s=96&d=mm&r=g","caption":"Michaela"},"sameAs":["http:\/\/1001voyagesgourmands.com"]}]}},"_links":{"self":[{"href":"https:\/\/1001voyagesgourmands.com\/cs\/wp-json\/wp\/v2\/posts\/19655","targetHints":{"allow":["GET"]}}],"collection":[{"href":"https:\/\/1001voyagesgourmands.com\/cs\/wp-json\/wp\/v2\/posts"}],"about":[{"href":"https:\/\/1001voyagesgourmands.com\/cs\/wp-json\/wp\/v2\/types\/post"}],"author":[{"embeddable":true,"href":"https:\/\/1001voyagesgourmands.com\/cs\/wp-json\/wp\/v2\/users\/1"}],"replies":[{"embeddable":true,"href":"https:\/\/1001voyagesgourmands.com\/cs\/wp-json\/wp\/v2\/comments?post=19655"}],"version-history":[{"count":0,"href":"https:\/\/1001voyagesgourmands.com\/cs\/wp-json\/wp\/v2\/posts\/19655\/revisions"}],"wp:featuredmedia":[{"embeddable":true,"href":"https:\/\/1001voyagesgourmands.com\/cs\/wp-json\/wp\/v2\/media\/19675"}],"wp:attachment":[{"href":"https:\/\/1001voyagesgourmands.com\/cs\/wp-json\/wp\/v2\/media?parent=19655"}],"wp:term":[{"taxonomy":"category","embeddable":true,"href":"https:\/\/1001voyagesgourmands.com\/cs\/wp-json\/wp\/v2\/categories?post=19655"},{"taxonomy":"post_tag","embeddable":true,"href":"https:\/\/1001voyagesgourmands.com\/cs\/wp-json\/wp\/v2\/tags?post=19655"}],"curies":[{"name":"wp","href":"https:\/\/api.w.org\/{rel}","templated":true}]}}