{"id":19153,"date":"2018-01-02T23:39:51","date_gmt":"2018-01-02T22:39:51","guid":{"rendered":"http:\/\/1001voyagesgourmands.com\/?p=19153"},"modified":"2018-01-02T23:39:51","modified_gmt":"2018-01-02T22:39:51","slug":"vanocni-drazdany","status":"publish","type":"post","link":"https:\/\/1001voyagesgourmands.com\/cs\/vanocni-drazdany\/","title":{"rendered":"V\u00e1no\u010dn\u00ed Dr\u00e1\u017e\u010fany"},"content":{"rendered":"<p style=\"text-align: justify;\">Kr\u00e1sn\u00fd nov\u00fd rok v\u0161em kdo pravideln\u011b \u010dtete m\u016fj blog a i t\u011bm, kdo ho je\u0161t\u011b ne\u010dtete! \ud83d\ude42 Tak\u00e9 v\u00e1m ten prosinec (a vlastn\u011b cel\u00fd rok) tak utekl? I kdy\u017e n\u00e1m v\u00e1no\u010dn\u00ed trhy v cel\u00e9 Evrop\u011b pomalu kon\u010d\u00ed (ne-li skon\u010dily) a jsme ji\u017e nohama v lednu, m\u00e1m tu pro v\u00e1s je\u0161t\u011b ohl\u00e9dnut\u00ed za v\u00e1no\u010dn\u00edmi trhy v Dr\u00e1\u017e\u010fanech, kde jsme byli loni a vlastn\u011b i p\u0159edloni. Douf\u00e1m, \u017ee ti z v\u00e1s, kdo je\u0161t\u011b Dr\u00e1\u017e\u010fany nenav\u0161t\u00edvili, tohle nal\u00e1k\u00e1 na v\u00fdlet b\u011bhem p\u0159\u00ed\u0161t\u00edho Adventu.&nbsp;<\/p>\n<p style=\"text-align: justify;\">R\u00e1da toti\u017e brouzd\u00e1m po n\u011bmeck\u00fdch v\u00e1no\u010dn\u00edch trz\u00edch, jsou kr\u00e1sn\u011b vyzdoben\u00e9 a pln\u00e9 dobr\u00e9ho j\u00eddla. \ud83d\ude42 No a do v\u00e1no\u010dn\u00edch Dr\u00e1\u017e\u010fan jsem letos i loni vyt\u00e1hla d\u00e1mskou \u010d\u00e1st na\u0161\u00ed rodiny s t\u00edm, abychom se trochu zrelaxovaly v tom p\u0159edv\u00e1no\u010dn\u00edm shonu (i kdy\u017e to asi sv\u016fj \u00fa\u010del moc nesplnilo, proto\u017ee vz\u00edt n\u011bkomu den volna z v\u00e1no\u010dn\u00edch p\u0159\u00edprav jsem pak klasifikovala jako nebezpe\u010dn\u00e9). \ud83d\ude00<\/p>\n<p style=\"text-align: justify;\">Pro n\u00e1s \u010cechy jsou v\u00e1no\u010dn\u00ed Dr\u00e1\u017e\u010fany nejbli\u017e\u0161\u00edmi v\u00e1no\u010dn\u00edmi trhy v N\u011bmecku (o \u010dem\u017e sv\u011bd\u010d\u00ed i frekvence, s jakou jsme kolem sebe sly\u0161ely \u010de\u0161tinu) a jak zn\u00e1mo, trhy v N\u011bmecku stoj\u00ed za to! P\u0159edstavujete si tu v\u016fni gluhwein, pern\u00ed\u010dk\u016f, sko\u0159icov\u00fdch hv\u011bzdi\u010dek, jo? \ud83d\ude42 Tak\u017ee p\u0159edpokl\u00e1d\u00e1m, \u017ee do Dr\u00e1\u017e\u010fan u\u017e v\u011bt\u0161ina z v\u00e1s zav\u00edtala a tud\u00ed\u017e se tu nebudu n\u011bjak slo\u017eit\u011b vypisovat, praktick\u00e9 informace najdete <a href=\"http:\/\/www.dresden-weihnachten.info\/en\/start.html\" target=\"_blank\" rel=\"noopener\">tady<\/a> a sem jen hod\u00edm p\u00e1r fotek, kter\u00e9 mi le\u017e\u00ed ji\u017e rok ladem a p\u0159eji p\u0159\u00edjemn\u00e9 koch\u00e1n\u00ed se v\u00e1no\u010dn\u00ed atmosf\u00e9rou z fotek. \ud83d\ude42<\/p>\n<p><img loading=\"lazy\" decoding=\"async\" class=\"aligncenter wp-image-19205\" src=\"http:\/\/1001voyagesgourmands.com\/wp-content\/uploads\/2018\/01\/Vanocni_Drazdany-26-678x1024.jpg\" alt=\"I kdy\u017e jsme ji\u017e vkro\u010dili do ledna, m\u00e1m pro v\u00e1s takov\u00e9 mal\u00e9 ohl\u00e9dnut\u00ed do prosince, kdy jsme nav\u0161t\u00edvili v\u00e1no\u010dn\u00ed Dr\u00e1\u017e\u010fany, tady je p\u00e1r fotek.\" width=\"826\" height=\"1248\" srcset=\"https:\/\/1001voyagesgourmands.com\/wp-content\/uploads\/2018\/01\/Vanocni_Drazdany-26-678x1024.jpg 678w, https:\/\/1001voyagesgourmands.com\/wp-content\/uploads\/2018\/01\/Vanocni_Drazdany-26-199x300.jpg 199w, https:\/\/1001voyagesgourmands.com\/wp-content\/uploads\/2018\/01\/Vanocni_Drazdany-26-768x1160.jpg 768w, https:\/\/1001voyagesgourmands.com\/wp-content\/uploads\/2018\/01\/Vanocni_Drazdany-26-585x883.jpg 585w, https:\/\/1001voyagesgourmands.com\/wp-content\/uploads\/2018\/01\/Vanocni_Drazdany-26.jpg 1000w\" sizes=\"auto, (max-width: 826px) 100vw, 826px\" \/><\/p>\n<p><img loading=\"lazy\" decoding=\"async\" class=\"aligncenter size-full wp-image-19155\" src=\"http:\/\/1001voyagesgourmands.com\/wp-content\/uploads\/2018\/01\/Vanocni_Drazdany-1.jpg\" alt=\"I kdy\u017e jsme ji\u017e vkro\u010dili do ledna, m\u00e1m pro v\u00e1s takov\u00e9 mal\u00e9 ohl\u00e9dnut\u00ed do prosince, kdy jsme nav\u0161t\u00edvili v\u00e1no\u010dn\u00ed Dr\u00e1\u017e\u010fany, tady je p\u00e1r fotek.\" width=\"999\" height=\"662\" srcset=\"https:\/\/1001voyagesgourmands.com\/wp-content\/uploads\/2018\/01\/Vanocni_Drazdany-1.jpg 999w, https:\/\/1001voyagesgourmands.com\/wp-content\/uploads\/2018\/01\/Vanocni_Drazdany-1-800x530.jpg 800w, https:\/\/1001voyagesgourmands.com\/wp-content\/uploads\/2018\/01\/Vanocni_Drazdany-1-300x199.jpg 300w, https:\/\/1001voyagesgourmands.com\/wp-content\/uploads\/2018\/01\/Vanocni_Drazdany-1-768x509.jpg 768w, https:\/\/1001voyagesgourmands.com\/wp-content\/uploads\/2018\/01\/Vanocni_Drazdany-1-780x516.jpg 780w, https:\/\/1001voyagesgourmands.com\/wp-content\/uploads\/2018\/01\/Vanocni_Drazdany-1-585x388.jpg 585w\" sizes=\"auto, (max-width: 999px) 100vw, 999px\" \/><\/p>\n<p><img loading=\"lazy\" decoding=\"async\" class=\"aligncenter wp-image-19157\" src=\"http:\/\/1001voyagesgourmands.com\/wp-content\/uploads\/2018\/01\/Vanocni_Drazdany-2-678x1024.jpg\" alt=\"I kdy\u017e jsme ji\u017e vkro\u010dili do ledna, m\u00e1m pro v\u00e1s takov\u00e9 mal\u00e9 ohl\u00e9dnut\u00ed do prosince, kdy jsme nav\u0161t\u00edvili v\u00e1no\u010dn\u00ed Dr\u00e1\u017e\u010fany, tady je p\u00e1r fotek.\" width=\"821\" height=\"1240\" srcset=\"https:\/\/1001voyagesgourmands.com\/wp-content\/uploads\/2018\/01\/Vanocni_Drazdany-2-678x1024.jpg 678w, https:\/\/1001voyagesgourmands.com\/wp-content\/uploads\/2018\/01\/Vanocni_Drazdany-2-199x300.jpg 199w, https:\/\/1001voyagesgourmands.com\/wp-content\/uploads\/2018\/01\/Vanocni_Drazdany-2-768x1160.jpg 768w, https:\/\/1001voyagesgourmands.com\/wp-content\/uploads\/2018\/01\/Vanocni_Drazdany-2-585x883.jpg 585w, https:\/\/1001voyagesgourmands.com\/wp-content\/uploads\/2018\/01\/Vanocni_Drazdany-2.jpg 1000w\" sizes=\"auto, (max-width: 821px) 100vw, 821px\" \/><\/p>\n<p><img loading=\"lazy\" decoding=\"async\" class=\"aligncenter size-full wp-image-19159\" src=\"http:\/\/1001voyagesgourmands.com\/wp-content\/uploads\/2018\/01\/Vanocni_Drazdany-3.jpg\" alt=\"I kdy\u017e jsme ji\u017e vkro\u010dili do ledna, m\u00e1m pro v\u00e1s takov\u00e9 mal\u00e9 ohl\u00e9dnut\u00ed do prosince, kdy jsme nav\u0161t\u00edvili v\u00e1no\u010dn\u00ed Dr\u00e1\u017e\u010fany, tady je p\u00e1r fotek.\" width=\"999\" height=\"662\" srcset=\"https:\/\/1001voyagesgourmands.com\/wp-content\/uploads\/2018\/01\/Vanocni_Drazdany-3.jpg 999w, https:\/\/1001voyagesgourmands.com\/wp-content\/uploads\/2018\/01\/Vanocni_Drazdany-3-800x530.jpg 800w, https:\/\/1001voyagesgourmands.com\/wp-content\/uploads\/2018\/01\/Vanocni_Drazdany-3-300x199.jpg 300w, https:\/\/1001voyagesgourmands.com\/wp-content\/uploads\/2018\/01\/Vanocni_Drazdany-3-768x509.jpg 768w, https:\/\/1001voyagesgourmands.com\/wp-content\/uploads\/2018\/01\/Vanocni_Drazdany-3-780x516.jpg 780w, https:\/\/1001voyagesgourmands.com\/wp-content\/uploads\/2018\/01\/Vanocni_Drazdany-3-585x388.jpg 585w\" sizes=\"auto, (max-width: 999px) 100vw, 999px\" \/><\/p>\n<p><img loading=\"lazy\" decoding=\"async\" class=\"aligncenter wp-image-19161\" src=\"http:\/\/1001voyagesgourmands.com\/wp-content\/uploads\/2018\/01\/Vanocni_Drazdany-4-678x1024.jpg\" alt=\"I kdy\u017e jsme ji\u017e vkro\u010dili do ledna, m\u00e1m pro v\u00e1s takov\u00e9 mal\u00e9 ohl\u00e9dnut\u00ed do prosince, kdy jsme nav\u0161t\u00edvili v\u00e1no\u010dn\u00ed Dr\u00e1\u017e\u010fany, tady je p\u00e1r fotek.\" width=\"838\" height=\"1266\" srcset=\"https:\/\/1001voyagesgourmands.com\/wp-content\/uploads\/2018\/01\/Vanocni_Drazdany-4-678x1024.jpg 678w, https:\/\/1001voyagesgourmands.com\/wp-content\/uploads\/2018\/01\/Vanocni_Drazdany-4-199x300.jpg 199w, https:\/\/1001voyagesgourmands.com\/wp-content\/uploads\/2018\/01\/Vanocni_Drazdany-4-768x1160.jpg 768w, https:\/\/1001voyagesgourmands.com\/wp-content\/uploads\/2018\/01\/Vanocni_Drazdany-4-585x883.jpg 585w, https:\/\/1001voyagesgourmands.com\/wp-content\/uploads\/2018\/01\/Vanocni_Drazdany-4.jpg 1000w\" sizes=\"auto, (max-width: 838px) 100vw, 838px\" \/><\/p>\n<p><img loading=\"lazy\" decoding=\"async\" class=\"aligncenter size-full wp-image-19163\" src=\"http:\/\/1001voyagesgourmands.com\/wp-content\/uploads\/2018\/01\/Vanocni_Drazdany-5.jpg\" alt=\"I kdy\u017e jsme ji\u017e vkro\u010dili do ledna, m\u00e1m pro v\u00e1s takov\u00e9 mal\u00e9 ohl\u00e9dnut\u00ed do prosince, kdy jsme nav\u0161t\u00edvili v\u00e1no\u010dn\u00ed Dr\u00e1\u017e\u010fany, tady je p\u00e1r fotek.\" width=\"999\" height=\"662\" srcset=\"https:\/\/1001voyagesgourmands.com\/wp-content\/uploads\/2018\/01\/Vanocni_Drazdany-5.jpg 999w, https:\/\/1001voyagesgourmands.com\/wp-content\/uploads\/2018\/01\/Vanocni_Drazdany-5-800x530.jpg 800w, https:\/\/1001voyagesgourmands.com\/wp-content\/uploads\/2018\/01\/Vanocni_Drazdany-5-300x199.jpg 300w, https:\/\/1001voyagesgourmands.com\/wp-content\/uploads\/2018\/01\/Vanocni_Drazdany-5-768x509.jpg 768w, https:\/\/1001voyagesgourmands.com\/wp-content\/uploads\/2018\/01\/Vanocni_Drazdany-5-780x516.jpg 780w, https:\/\/1001voyagesgourmands.com\/wp-content\/uploads\/2018\/01\/Vanocni_Drazdany-5-585x388.jpg 585w\" sizes=\"auto, (max-width: 999px) 100vw, 999px\" \/><\/p>\n<p><img loading=\"lazy\" decoding=\"async\" class=\"aligncenter size-full wp-image-19165\" src=\"http:\/\/1001voyagesgourmands.com\/wp-content\/uploads\/2018\/01\/Vanocni_Drazdany-6.jpg\" alt=\"I kdy\u017e jsme ji\u017e vkro\u010dili do ledna, m\u00e1m pro v\u00e1s takov\u00e9 mal\u00e9 ohl\u00e9dnut\u00ed do prosince, kdy jsme nav\u0161t\u00edvili v\u00e1no\u010dn\u00ed Dr\u00e1\u017e\u010fany, tady je p\u00e1r fotek.\" width=\"999\" height=\"662\" srcset=\"https:\/\/1001voyagesgourmands.com\/wp-content\/uploads\/2018\/01\/Vanocni_Drazdany-6.jpg 999w, https:\/\/1001voyagesgourmands.com\/wp-content\/uploads\/2018\/01\/Vanocni_Drazdany-6-800x530.jpg 800w, https:\/\/1001voyagesgourmands.com\/wp-content\/uploads\/2018\/01\/Vanocni_Drazdany-6-300x199.jpg 300w, https:\/\/1001voyagesgourmands.com\/wp-content\/uploads\/2018\/01\/Vanocni_Drazdany-6-768x509.jpg 768w, https:\/\/1001voyagesgourmands.com\/wp-content\/uploads\/2018\/01\/Vanocni_Drazdany-6-780x516.jpg 780w, https:\/\/1001voyagesgourmands.com\/wp-content\/uploads\/2018\/01\/Vanocni_Drazdany-6-585x388.jpg 585w\" sizes=\"auto, (max-width: 999px) 100vw, 999px\" \/><\/p>\n<p><img loading=\"lazy\" decoding=\"async\" class=\"aligncenter wp-image-19167\" src=\"http:\/\/1001voyagesgourmands.com\/wp-content\/uploads\/2018\/01\/Vanocni_Drazdany-7-678x1024.jpg\" alt=\"I kdy\u017e jsme ji\u017e vkro\u010dili do ledna, m\u00e1m pro v\u00e1s takov\u00e9 mal\u00e9 ohl\u00e9dnut\u00ed do prosince, kdy jsme nav\u0161t\u00edvili v\u00e1no\u010dn\u00ed Dr\u00e1\u017e\u010fany, tady je p\u00e1r fotek.\" width=\"803\" height=\"1213\" srcset=\"https:\/\/1001voyagesgourmands.com\/wp-content\/uploads\/2018\/01\/Vanocni_Drazdany-7-678x1024.jpg 678w, https:\/\/1001voyagesgourmands.com\/wp-content\/uploads\/2018\/01\/Vanocni_Drazdany-7-199x300.jpg 199w, https:\/\/1001voyagesgourmands.com\/wp-content\/uploads\/2018\/01\/Vanocni_Drazdany-7-768x1160.jpg 768w, https:\/\/1001voyagesgourmands.com\/wp-content\/uploads\/2018\/01\/Vanocni_Drazdany-7-585x883.jpg 585w, https:\/\/1001voyagesgourmands.com\/wp-content\/uploads\/2018\/01\/Vanocni_Drazdany-7.jpg 1000w\" sizes=\"auto, (max-width: 803px) 100vw, 803px\" \/><\/p>\n<p><img loading=\"lazy\" decoding=\"async\" class=\"aligncenter size-full wp-image-19169\" src=\"http:\/\/1001voyagesgourmands.com\/wp-content\/uploads\/2018\/01\/Vanocni_Drazdany-8.jpg\" alt=\"I kdy\u017e jsme ji\u017e vkro\u010dili do ledna, m\u00e1m pro v\u00e1s takov\u00e9 mal\u00e9 ohl\u00e9dnut\u00ed do prosince, kdy jsme nav\u0161t\u00edvili v\u00e1no\u010dn\u00ed Dr\u00e1\u017e\u010fany, tady je p\u00e1r fotek.\" width=\"999\" height=\"662\" srcset=\"https:\/\/1001voyagesgourmands.com\/wp-content\/uploads\/2018\/01\/Vanocni_Drazdany-8.jpg 999w, https:\/\/1001voyagesgourmands.com\/wp-content\/uploads\/2018\/01\/Vanocni_Drazdany-8-800x530.jpg 800w, https:\/\/1001voyagesgourmands.com\/wp-content\/uploads\/2018\/01\/Vanocni_Drazdany-8-300x199.jpg 300w, https:\/\/1001voyagesgourmands.com\/wp-content\/uploads\/2018\/01\/Vanocni_Drazdany-8-768x509.jpg 768w, https:\/\/1001voyagesgourmands.com\/wp-content\/uploads\/2018\/01\/Vanocni_Drazdany-8-780x516.jpg 780w, https:\/\/1001voyagesgourmands.com\/wp-content\/uploads\/2018\/01\/Vanocni_Drazdany-8-585x388.jpg 585w\" sizes=\"auto, (max-width: 999px) 100vw, 999px\" \/><\/p>\n<p><img loading=\"lazy\" decoding=\"async\" class=\"aligncenter wp-image-19173\" src=\"http:\/\/1001voyagesgourmands.com\/wp-content\/uploads\/2018\/01\/Vanocni_Drazdany-10-678x1024.jpg\" alt=\"I kdy\u017e jsme ji\u017e vkro\u010dili do ledna, m\u00e1m pro v\u00e1s takov\u00e9 mal\u00e9 ohl\u00e9dnut\u00ed do prosince, kdy jsme nav\u0161t\u00edvili v\u00e1no\u010dn\u00ed Dr\u00e1\u017e\u010fany, tady je p\u00e1r fotek.\" width=\"798\" height=\"1205\" srcset=\"https:\/\/1001voyagesgourmands.com\/wp-content\/uploads\/2018\/01\/Vanocni_Drazdany-10-678x1024.jpg 678w, https:\/\/1001voyagesgourmands.com\/wp-content\/uploads\/2018\/01\/Vanocni_Drazdany-10-199x300.jpg 199w, https:\/\/1001voyagesgourmands.com\/wp-content\/uploads\/2018\/01\/Vanocni_Drazdany-10-768x1160.jpg 768w, https:\/\/1001voyagesgourmands.com\/wp-content\/uploads\/2018\/01\/Vanocni_Drazdany-10-585x883.jpg 585w, https:\/\/1001voyagesgourmands.com\/wp-content\/uploads\/2018\/01\/Vanocni_Drazdany-10.jpg 1000w\" sizes=\"auto, (max-width: 798px) 100vw, 798px\" \/><\/p>\n<p><img loading=\"lazy\" decoding=\"async\" class=\"aligncenter wp-image-19175\" src=\"http:\/\/1001voyagesgourmands.com\/wp-content\/uploads\/2018\/01\/Vanocni_Drazdany-11-678x1024.jpg\" alt=\"I kdy\u017e jsme ji\u017e vkro\u010dili do ledna, m\u00e1m pro v\u00e1s takov\u00e9 mal\u00e9 ohl\u00e9dnut\u00ed do prosince, kdy jsme nav\u0161t\u00edvili v\u00e1no\u010dn\u00ed Dr\u00e1\u017e\u010fany, tady je p\u00e1r fotek.\" width=\"832\" height=\"1257\" srcset=\"https:\/\/1001voyagesgourmands.com\/wp-content\/uploads\/2018\/01\/Vanocni_Drazdany-11-678x1024.jpg 678w, https:\/\/1001voyagesgourmands.com\/wp-content\/uploads\/2018\/01\/Vanocni_Drazdany-11-199x300.jpg 199w, https:\/\/1001voyagesgourmands.com\/wp-content\/uploads\/2018\/01\/Vanocni_Drazdany-11-768x1160.jpg 768w, https:\/\/1001voyagesgourmands.com\/wp-content\/uploads\/2018\/01\/Vanocni_Drazdany-11-585x883.jpg 585w, https:\/\/1001voyagesgourmands.com\/wp-content\/uploads\/2018\/01\/Vanocni_Drazdany-11.jpg 1000w\" sizes=\"auto, (max-width: 832px) 100vw, 832px\" \/><\/p>\n<p><img loading=\"lazy\" decoding=\"async\" class=\"aligncenter wp-image-19177\" src=\"http:\/\/1001voyagesgourmands.com\/wp-content\/uploads\/2018\/01\/Vanocni_Drazdany-12-678x1024.jpg\" alt=\"I kdy\u017e jsme ji\u017e vkro\u010dili do ledna, m\u00e1m pro v\u00e1s takov\u00e9 mal\u00e9 ohl\u00e9dnut\u00ed do prosince, kdy jsme nav\u0161t\u00edvili v\u00e1no\u010dn\u00ed Dr\u00e1\u017e\u010fany, tady je p\u00e1r fotek.\" width=\"812\" height=\"1226\" srcset=\"https:\/\/1001voyagesgourmands.com\/wp-content\/uploads\/2018\/01\/Vanocni_Drazdany-12-678x1024.jpg 678w, https:\/\/1001voyagesgourmands.com\/wp-content\/uploads\/2018\/01\/Vanocni_Drazdany-12-199x300.jpg 199w, https:\/\/1001voyagesgourmands.com\/wp-content\/uploads\/2018\/01\/Vanocni_Drazdany-12-768x1160.jpg 768w, https:\/\/1001voyagesgourmands.com\/wp-content\/uploads\/2018\/01\/Vanocni_Drazdany-12-585x883.jpg 585w, https:\/\/1001voyagesgourmands.com\/wp-content\/uploads\/2018\/01\/Vanocni_Drazdany-12.jpg 1000w\" sizes=\"auto, (max-width: 812px) 100vw, 812px\" \/><\/p>\n<p><img loading=\"lazy\" decoding=\"async\" class=\"aligncenter size-full wp-image-19179\" src=\"http:\/\/1001voyagesgourmands.com\/wp-content\/uploads\/2018\/01\/Vanocni_Drazdany-13.jpg\" alt=\"I kdy\u017e jsme ji\u017e vkro\u010dili do ledna, m\u00e1m pro v\u00e1s takov\u00e9 mal\u00e9 ohl\u00e9dnut\u00ed do prosince, kdy jsme nav\u0161t\u00edvili v\u00e1no\u010dn\u00ed Dr\u00e1\u017e\u010fany, tady je p\u00e1r fotek.\" width=\"999\" height=\"662\" srcset=\"https:\/\/1001voyagesgourmands.com\/wp-content\/uploads\/2018\/01\/Vanocni_Drazdany-13.jpg 999w, https:\/\/1001voyagesgourmands.com\/wp-content\/uploads\/2018\/01\/Vanocni_Drazdany-13-800x530.jpg 800w, https:\/\/1001voyagesgourmands.com\/wp-content\/uploads\/2018\/01\/Vanocni_Drazdany-13-300x199.jpg 300w, https:\/\/1001voyagesgourmands.com\/wp-content\/uploads\/2018\/01\/Vanocni_Drazdany-13-768x509.jpg 768w, https:\/\/1001voyagesgourmands.com\/wp-content\/uploads\/2018\/01\/Vanocni_Drazdany-13-780x516.jpg 780w, https:\/\/1001voyagesgourmands.com\/wp-content\/uploads\/2018\/01\/Vanocni_Drazdany-13-585x388.jpg 585w\" sizes=\"auto, (max-width: 999px) 100vw, 999px\" \/><\/p>\n<p><img loading=\"lazy\" decoding=\"async\" class=\"aligncenter wp-image-19183\" src=\"http:\/\/1001voyagesgourmands.com\/wp-content\/uploads\/2018\/01\/Vanocni_Drazdany-15-678x1024.jpg\" alt=\"I kdy\u017e jsme ji\u017e vkro\u010dili do ledna, m\u00e1m pro v\u00e1s takov\u00e9 mal\u00e9 ohl\u00e9dnut\u00ed do prosince, kdy jsme nav\u0161t\u00edvili v\u00e1no\u010dn\u00ed Dr\u00e1\u017e\u010fany, tady je p\u00e1r fotek.\" width=\"796\" height=\"1202\" srcset=\"https:\/\/1001voyagesgourmands.com\/wp-content\/uploads\/2018\/01\/Vanocni_Drazdany-15-678x1024.jpg 678w, https:\/\/1001voyagesgourmands.com\/wp-content\/uploads\/2018\/01\/Vanocni_Drazdany-15-199x300.jpg 199w, https:\/\/1001voyagesgourmands.com\/wp-content\/uploads\/2018\/01\/Vanocni_Drazdany-15-768x1160.jpg 768w, https:\/\/1001voyagesgourmands.com\/wp-content\/uploads\/2018\/01\/Vanocni_Drazdany-15-585x883.jpg 585w, https:\/\/1001voyagesgourmands.com\/wp-content\/uploads\/2018\/01\/Vanocni_Drazdany-15.jpg 1000w\" sizes=\"auto, (max-width: 796px) 100vw, 796px\" \/><\/p>\n<p><img loading=\"lazy\" decoding=\"async\" class=\"aligncenter wp-image-19181\" src=\"http:\/\/1001voyagesgourmands.com\/wp-content\/uploads\/2018\/01\/Vanocni_Drazdany-14-678x1024.jpg\" alt=\"I kdy\u017e jsme ji\u017e vkro\u010dili do ledna, m\u00e1m pro v\u00e1s takov\u00e9 mal\u00e9 ohl\u00e9dnut\u00ed do prosince, kdy jsme nav\u0161t\u00edvili v\u00e1no\u010dn\u00ed Dr\u00e1\u017e\u010fany, tady je p\u00e1r fotek.\" width=\"811\" height=\"1225\" srcset=\"https:\/\/1001voyagesgourmands.com\/wp-content\/uploads\/2018\/01\/Vanocni_Drazdany-14-678x1024.jpg 678w, https:\/\/1001voyagesgourmands.com\/wp-content\/uploads\/2018\/01\/Vanocni_Drazdany-14-199x300.jpg 199w, https:\/\/1001voyagesgourmands.com\/wp-content\/uploads\/2018\/01\/Vanocni_Drazdany-14-768x1160.jpg 768w, https:\/\/1001voyagesgourmands.com\/wp-content\/uploads\/2018\/01\/Vanocni_Drazdany-14-585x883.jpg 585w, https:\/\/1001voyagesgourmands.com\/wp-content\/uploads\/2018\/01\/Vanocni_Drazdany-14.jpg 1000w\" sizes=\"auto, (max-width: 811px) 100vw, 811px\" \/><\/p>\n<p><img loading=\"lazy\" decoding=\"async\" class=\"aligncenter size-full wp-image-19185\" src=\"http:\/\/1001voyagesgourmands.com\/wp-content\/uploads\/2018\/01\/Vanocni_Drazdany-16.jpg\" alt=\"I kdy\u017e jsme ji\u017e vkro\u010dili do ledna, m\u00e1m pro v\u00e1s takov\u00e9 mal\u00e9 ohl\u00e9dnut\u00ed do prosince, kdy jsme nav\u0161t\u00edvili v\u00e1no\u010dn\u00ed Dr\u00e1\u017e\u010fany, tady je p\u00e1r fotek.\" width=\"999\" height=\"662\" srcset=\"https:\/\/1001voyagesgourmands.com\/wp-content\/uploads\/2018\/01\/Vanocni_Drazdany-16.jpg 999w, https:\/\/1001voyagesgourmands.com\/wp-content\/uploads\/2018\/01\/Vanocni_Drazdany-16-800x530.jpg 800w, https:\/\/1001voyagesgourmands.com\/wp-content\/uploads\/2018\/01\/Vanocni_Drazdany-16-300x199.jpg 300w, https:\/\/1001voyagesgourmands.com\/wp-content\/uploads\/2018\/01\/Vanocni_Drazdany-16-768x509.jpg 768w, https:\/\/1001voyagesgourmands.com\/wp-content\/uploads\/2018\/01\/Vanocni_Drazdany-16-780x516.jpg 780w, https:\/\/1001voyagesgourmands.com\/wp-content\/uploads\/2018\/01\/Vanocni_Drazdany-16-585x388.jpg 585w\" sizes=\"auto, (max-width: 999px) 100vw, 999px\" \/><\/p>\n<p><img loading=\"lazy\" decoding=\"async\" class=\"aligncenter size-full wp-image-19187\" src=\"http:\/\/1001voyagesgourmands.com\/wp-content\/uploads\/2018\/01\/Vanocni_Drazdany-17.jpg\" alt=\"I kdy\u017e jsme ji\u017e vkro\u010dili do ledna, m\u00e1m pro v\u00e1s takov\u00e9 mal\u00e9 ohl\u00e9dnut\u00ed do prosince, kdy jsme nav\u0161t\u00edvili v\u00e1no\u010dn\u00ed Dr\u00e1\u017e\u010fany, tady je p\u00e1r fotek.\" width=\"999\" height=\"662\" srcset=\"https:\/\/1001voyagesgourmands.com\/wp-content\/uploads\/2018\/01\/Vanocni_Drazdany-17.jpg 999w, https:\/\/1001voyagesgourmands.com\/wp-content\/uploads\/2018\/01\/Vanocni_Drazdany-17-800x530.jpg 800w, https:\/\/1001voyagesgourmands.com\/wp-content\/uploads\/2018\/01\/Vanocni_Drazdany-17-300x199.jpg 300w, https:\/\/1001voyagesgourmands.com\/wp-content\/uploads\/2018\/01\/Vanocni_Drazdany-17-768x509.jpg 768w, https:\/\/1001voyagesgourmands.com\/wp-content\/uploads\/2018\/01\/Vanocni_Drazdany-17-780x516.jpg 780w, https:\/\/1001voyagesgourmands.com\/wp-content\/uploads\/2018\/01\/Vanocni_Drazdany-17-585x388.jpg 585w\" sizes=\"auto, (max-width: 999px) 100vw, 999px\" \/><\/p>\n<p><img loading=\"lazy\" decoding=\"async\" class=\"aligncenter size-full wp-image-19189\" src=\"http:\/\/1001voyagesgourmands.com\/wp-content\/uploads\/2018\/01\/Vanocni_Drazdany-18.jpg\" alt=\"I kdy\u017e jsme ji\u017e vkro\u010dili do ledna, m\u00e1m pro v\u00e1s takov\u00e9 mal\u00e9 ohl\u00e9dnut\u00ed do prosince, kdy jsme nav\u0161t\u00edvili v\u00e1no\u010dn\u00ed Dr\u00e1\u017e\u010fany, tady je p\u00e1r fotek.\" width=\"999\" height=\"662\" srcset=\"https:\/\/1001voyagesgourmands.com\/wp-content\/uploads\/2018\/01\/Vanocni_Drazdany-18.jpg 999w, https:\/\/1001voyagesgourmands.com\/wp-content\/uploads\/2018\/01\/Vanocni_Drazdany-18-800x530.jpg 800w, https:\/\/1001voyagesgourmands.com\/wp-content\/uploads\/2018\/01\/Vanocni_Drazdany-18-300x199.jpg 300w, https:\/\/1001voyagesgourmands.com\/wp-content\/uploads\/2018\/01\/Vanocni_Drazdany-18-768x509.jpg 768w, https:\/\/1001voyagesgourmands.com\/wp-content\/uploads\/2018\/01\/Vanocni_Drazdany-18-780x516.jpg 780w, https:\/\/1001voyagesgourmands.com\/wp-content\/uploads\/2018\/01\/Vanocni_Drazdany-18-585x388.jpg 585w\" sizes=\"auto, (max-width: 999px) 100vw, 999px\" \/><\/p>\n<p><img loading=\"lazy\" decoding=\"async\" class=\"aligncenter size-full wp-image-19191\" src=\"http:\/\/1001voyagesgourmands.com\/wp-content\/uploads\/2018\/01\/Vanocni_Drazdany-19.jpg\" alt=\"I kdy\u017e jsme ji\u017e vkro\u010dili do ledna, m\u00e1m pro v\u00e1s takov\u00e9 mal\u00e9 ohl\u00e9dnut\u00ed do prosince, kdy jsme nav\u0161t\u00edvili v\u00e1no\u010dn\u00ed Dr\u00e1\u017e\u010fany, tady je p\u00e1r fotek.\" width=\"999\" height=\"662\" srcset=\"https:\/\/1001voyagesgourmands.com\/wp-content\/uploads\/2018\/01\/Vanocni_Drazdany-19.jpg 999w, https:\/\/1001voyagesgourmands.com\/wp-content\/uploads\/2018\/01\/Vanocni_Drazdany-19-800x530.jpg 800w, https:\/\/1001voyagesgourmands.com\/wp-content\/uploads\/2018\/01\/Vanocni_Drazdany-19-300x199.jpg 300w, https:\/\/1001voyagesgourmands.com\/wp-content\/uploads\/2018\/01\/Vanocni_Drazdany-19-768x509.jpg 768w, https:\/\/1001voyagesgourmands.com\/wp-content\/uploads\/2018\/01\/Vanocni_Drazdany-19-780x516.jpg 780w, https:\/\/1001voyagesgourmands.com\/wp-content\/uploads\/2018\/01\/Vanocni_Drazdany-19-585x388.jpg 585w\" sizes=\"auto, (max-width: 999px) 100vw, 999px\" \/><\/p>\n<p><img loading=\"lazy\" decoding=\"async\" class=\"aligncenter wp-image-19195\" src=\"http:\/\/1001voyagesgourmands.com\/wp-content\/uploads\/2018\/01\/Vanocni_Drazdany-21-678x1024.jpg\" alt=\"I kdy\u017e jsme ji\u017e vkro\u010dili do ledna, m\u00e1m pro v\u00e1s takov\u00e9 mal\u00e9 ohl\u00e9dnut\u00ed do prosince, kdy jsme nav\u0161t\u00edvili v\u00e1no\u010dn\u00ed Dr\u00e1\u017e\u010fany, tady je p\u00e1r fotek.\" width=\"832\" height=\"1257\" srcset=\"https:\/\/1001voyagesgourmands.com\/wp-content\/uploads\/2018\/01\/Vanocni_Drazdany-21-678x1024.jpg 678w, https:\/\/1001voyagesgourmands.com\/wp-content\/uploads\/2018\/01\/Vanocni_Drazdany-21-199x300.jpg 199w, https:\/\/1001voyagesgourmands.com\/wp-content\/uploads\/2018\/01\/Vanocni_Drazdany-21-768x1160.jpg 768w, https:\/\/1001voyagesgourmands.com\/wp-content\/uploads\/2018\/01\/Vanocni_Drazdany-21-585x883.jpg 585w, https:\/\/1001voyagesgourmands.com\/wp-content\/uploads\/2018\/01\/Vanocni_Drazdany-21.jpg 1000w\" sizes=\"auto, (max-width: 832px) 100vw, 832px\" \/><\/p>\n<p><img loading=\"lazy\" decoding=\"async\" class=\"aligncenter size-full wp-image-19197\" src=\"http:\/\/1001voyagesgourmands.com\/wp-content\/uploads\/2018\/01\/Vanocni_Drazdany-22.jpg\" alt=\"I kdy\u017e jsme ji\u017e vkro\u010dili do ledna, m\u00e1m pro v\u00e1s takov\u00e9 mal\u00e9 ohl\u00e9dnut\u00ed do prosince, kdy jsme nav\u0161t\u00edvili v\u00e1no\u010dn\u00ed Dr\u00e1\u017e\u010fany, tady je p\u00e1r fotek.\" width=\"999\" height=\"662\" srcset=\"https:\/\/1001voyagesgourmands.com\/wp-content\/uploads\/2018\/01\/Vanocni_Drazdany-22.jpg 999w, https:\/\/1001voyagesgourmands.com\/wp-content\/uploads\/2018\/01\/Vanocni_Drazdany-22-800x530.jpg 800w, https:\/\/1001voyagesgourmands.com\/wp-content\/uploads\/2018\/01\/Vanocni_Drazdany-22-300x199.jpg 300w, https:\/\/1001voyagesgourmands.com\/wp-content\/uploads\/2018\/01\/Vanocni_Drazdany-22-768x509.jpg 768w, https:\/\/1001voyagesgourmands.com\/wp-content\/uploads\/2018\/01\/Vanocni_Drazdany-22-780x516.jpg 780w, https:\/\/1001voyagesgourmands.com\/wp-content\/uploads\/2018\/01\/Vanocni_Drazdany-22-585x388.jpg 585w\" sizes=\"auto, (max-width: 999px) 100vw, 999px\" \/><\/p>\n<p><img loading=\"lazy\" decoding=\"async\" class=\"aligncenter wp-image-19199\" src=\"http:\/\/1001voyagesgourmands.com\/wp-content\/uploads\/2018\/01\/Vanocni_Drazdany-23-678x1024.jpg\" alt=\"I kdy\u017e jsme ji\u017e vkro\u010dili do ledna, m\u00e1m pro v\u00e1s takov\u00e9 mal\u00e9 ohl\u00e9dnut\u00ed do prosince, kdy jsme nav\u0161t\u00edvili v\u00e1no\u010dn\u00ed Dr\u00e1\u017e\u010fany, tady je p\u00e1r fotek.\" width=\"770\" height=\"1163\" srcset=\"https:\/\/1001voyagesgourmands.com\/wp-content\/uploads\/2018\/01\/Vanocni_Drazdany-23-678x1024.jpg 678w, https:\/\/1001voyagesgourmands.com\/wp-content\/uploads\/2018\/01\/Vanocni_Drazdany-23-199x300.jpg 199w, https:\/\/1001voyagesgourmands.com\/wp-content\/uploads\/2018\/01\/Vanocni_Drazdany-23-768x1160.jpg 768w, https:\/\/1001voyagesgourmands.com\/wp-content\/uploads\/2018\/01\/Vanocni_Drazdany-23-585x883.jpg 585w, https:\/\/1001voyagesgourmands.com\/wp-content\/uploads\/2018\/01\/Vanocni_Drazdany-23.jpg 1000w\" sizes=\"auto, (max-width: 770px) 100vw, 770px\" \/><\/p>\n<p><img loading=\"lazy\" decoding=\"async\" class=\"aligncenter size-full wp-image-19201\" src=\"http:\/\/1001voyagesgourmands.com\/wp-content\/uploads\/2018\/01\/Vanocni_Drazdany-24.jpg\" alt=\"I kdy\u017e jsme ji\u017e vkro\u010dili do ledna, m\u00e1m pro v\u00e1s takov\u00e9 mal\u00e9 ohl\u00e9dnut\u00ed do prosince, kdy jsme nav\u0161t\u00edvili v\u00e1no\u010dn\u00ed Dr\u00e1\u017e\u010fany, tady je p\u00e1r fotek.\" width=\"999\" height=\"662\" srcset=\"https:\/\/1001voyagesgourmands.com\/wp-content\/uploads\/2018\/01\/Vanocni_Drazdany-24.jpg 999w, https:\/\/1001voyagesgourmands.com\/wp-content\/uploads\/2018\/01\/Vanocni_Drazdany-24-800x530.jpg 800w, https:\/\/1001voyagesgourmands.com\/wp-content\/uploads\/2018\/01\/Vanocni_Drazdany-24-300x199.jpg 300w, https:\/\/1001voyagesgourmands.com\/wp-content\/uploads\/2018\/01\/Vanocni_Drazdany-24-768x509.jpg 768w, https:\/\/1001voyagesgourmands.com\/wp-content\/uploads\/2018\/01\/Vanocni_Drazdany-24-780x516.jpg 780w, https:\/\/1001voyagesgourmands.com\/wp-content\/uploads\/2018\/01\/Vanocni_Drazdany-24-585x388.jpg 585w\" sizes=\"auto, (max-width: 999px) 100vw, 999px\" \/><\/p>\n<p><img loading=\"lazy\" decoding=\"async\" class=\"aligncenter size-full wp-image-19203\" src=\"http:\/\/1001voyagesgourmands.com\/wp-content\/uploads\/2018\/01\/Vanocni_Drazdany-25.jpg\" alt=\"I kdy\u017e jsme ji\u017e vkro\u010dili do ledna, m\u00e1m pro v\u00e1s takov\u00e9 mal\u00e9 ohl\u00e9dnut\u00ed do prosince, kdy jsme nav\u0161t\u00edvili v\u00e1no\u010dn\u00ed Dr\u00e1\u017e\u010fany, tady je p\u00e1r fotek.\" width=\"999\" height=\"662\" srcset=\"https:\/\/1001voyagesgourmands.com\/wp-content\/uploads\/2018\/01\/Vanocni_Drazdany-25.jpg 999w, https:\/\/1001voyagesgourmands.com\/wp-content\/uploads\/2018\/01\/Vanocni_Drazdany-25-800x530.jpg 800w, https:\/\/1001voyagesgourmands.com\/wp-content\/uploads\/2018\/01\/Vanocni_Drazdany-25-300x199.jpg 300w, https:\/\/1001voyagesgourmands.com\/wp-content\/uploads\/2018\/01\/Vanocni_Drazdany-25-768x509.jpg 768w, https:\/\/1001voyagesgourmands.com\/wp-content\/uploads\/2018\/01\/Vanocni_Drazdany-25-780x516.jpg 780w, https:\/\/1001voyagesgourmands.com\/wp-content\/uploads\/2018\/01\/Vanocni_Drazdany-25-585x388.jpg 585w\" sizes=\"auto, (max-width: 999px) 100vw, 999px\" \/><\/p>\n<p><img loading=\"lazy\" decoding=\"async\" class=\"aligncenter wp-image-19211\" src=\"http:\/\/1001voyagesgourmands.com\/wp-content\/uploads\/2018\/01\/Vanocni_Drazdany-29-678x1024.jpg\" alt=\"I kdy\u017e jsme ji\u017e vkro\u010dili do ledna, m\u00e1m pro v\u00e1s takov\u00e9 mal\u00e9 ohl\u00e9dnut\u00ed do prosince, kdy jsme nav\u0161t\u00edvili v\u00e1no\u010dn\u00ed Dr\u00e1\u017e\u010fany, tady je p\u00e1r fotek.\" width=\"836\" height=\"1263\" srcset=\"https:\/\/1001voyagesgourmands.com\/wp-content\/uploads\/2018\/01\/Vanocni_Drazdany-29-678x1024.jpg 678w, https:\/\/1001voyagesgourmands.com\/wp-content\/uploads\/2018\/01\/Vanocni_Drazdany-29-199x300.jpg 199w, https:\/\/1001voyagesgourmands.com\/wp-content\/uploads\/2018\/01\/Vanocni_Drazdany-29-768x1160.jpg 768w, https:\/\/1001voyagesgourmands.com\/wp-content\/uploads\/2018\/01\/Vanocni_Drazdany-29-585x883.jpg 585w, https:\/\/1001voyagesgourmands.com\/wp-content\/uploads\/2018\/01\/Vanocni_Drazdany-29.jpg 1000w\" sizes=\"auto, (max-width: 836px) 100vw, 836px\" \/><\/p>\n<p><img loading=\"lazy\" decoding=\"async\" class=\"aligncenter size-full wp-image-19213\" src=\"http:\/\/1001voyagesgourmands.com\/wp-content\/uploads\/2018\/01\/Vanocni_Drazdany-30.jpg\" alt=\"I kdy\u017e jsme ji\u017e vkro\u010dili do ledna, m\u00e1m pro v\u00e1s takov\u00e9 mal\u00e9 ohl\u00e9dnut\u00ed do prosince, kdy jsme nav\u0161t\u00edvili v\u00e1no\u010dn\u00ed Dr\u00e1\u017e\u010fany, tady je p\u00e1r fotek.\" width=\"999\" height=\"662\" srcset=\"https:\/\/1001voyagesgourmands.com\/wp-content\/uploads\/2018\/01\/Vanocni_Drazdany-30.jpg 999w, https:\/\/1001voyagesgourmands.com\/wp-content\/uploads\/2018\/01\/Vanocni_Drazdany-30-800x530.jpg 800w, https:\/\/1001voyagesgourmands.com\/wp-content\/uploads\/2018\/01\/Vanocni_Drazdany-30-300x199.jpg 300w, https:\/\/1001voyagesgourmands.com\/wp-content\/uploads\/2018\/01\/Vanocni_Drazdany-30-768x509.jpg 768w, https:\/\/1001voyagesgourmands.com\/wp-content\/uploads\/2018\/01\/Vanocni_Drazdany-30-780x516.jpg 780w, https:\/\/1001voyagesgourmands.com\/wp-content\/uploads\/2018\/01\/Vanocni_Drazdany-30-585x388.jpg 585w\" sizes=\"auto, (max-width: 999px) 100vw, 999px\" \/><\/p>\n<p><img loading=\"lazy\" decoding=\"async\" class=\"aligncenter wp-image-19171\" src=\"http:\/\/1001voyagesgourmands.com\/wp-content\/uploads\/2018\/01\/Vanocni_Drazdany-9-678x1024.jpg\" alt=\"I kdy\u017e jsme ji\u017e vkro\u010dili do ledna, m\u00e1m pro v\u00e1s takov\u00e9 mal\u00e9 ohl\u00e9dnut\u00ed do prosince, kdy jsme nav\u0161t\u00edvili v\u00e1no\u010dn\u00ed Dr\u00e1\u017e\u010fany, tady je p\u00e1r fotek.\" width=\"807\" height=\"1219\" srcset=\"https:\/\/1001voyagesgourmands.com\/wp-content\/uploads\/2018\/01\/Vanocni_Drazdany-9-678x1024.jpg 678w, https:\/\/1001voyagesgourmands.com\/wp-content\/uploads\/2018\/01\/Vanocni_Drazdany-9-199x300.jpg 199w, https:\/\/1001voyagesgourmands.com\/wp-content\/uploads\/2018\/01\/Vanocni_Drazdany-9-768x1160.jpg 768w, https:\/\/1001voyagesgourmands.com\/wp-content\/uploads\/2018\/01\/Vanocni_Drazdany-9-585x883.jpg 585w, https:\/\/1001voyagesgourmands.com\/wp-content\/uploads\/2018\/01\/Vanocni_Drazdany-9.jpg 1000w\" sizes=\"auto, (max-width: 807px) 100vw, 807px\" \/><\/p>\n<p><img loading=\"lazy\" decoding=\"async\" class=\"aligncenter size-full wp-image-19219\" src=\"http:\/\/1001voyagesgourmands.com\/wp-content\/uploads\/2018\/01\/Vanocni_Drazdany-33.jpg\" alt=\"I kdy\u017e jsme ji\u017e vkro\u010dili do ledna, m\u00e1m pro v\u00e1s takov\u00e9 mal\u00e9 ohl\u00e9dnut\u00ed do prosince, kdy jsme nav\u0161t\u00edvili v\u00e1no\u010dn\u00ed Dr\u00e1\u017e\u010fany, tady je p\u00e1r fotek.\" width=\"999\" height=\"662\" srcset=\"https:\/\/1001voyagesgourmands.com\/wp-content\/uploads\/2018\/01\/Vanocni_Drazdany-33.jpg 999w, https:\/\/1001voyagesgourmands.com\/wp-content\/uploads\/2018\/01\/Vanocni_Drazdany-33-800x530.jpg 800w, https:\/\/1001voyagesgourmands.com\/wp-content\/uploads\/2018\/01\/Vanocni_Drazdany-33-300x199.jpg 300w, https:\/\/1001voyagesgourmands.com\/wp-content\/uploads\/2018\/01\/Vanocni_Drazdany-33-768x509.jpg 768w, https:\/\/1001voyagesgourmands.com\/wp-content\/uploads\/2018\/01\/Vanocni_Drazdany-33-780x516.jpg 780w, https:\/\/1001voyagesgourmands.com\/wp-content\/uploads\/2018\/01\/Vanocni_Drazdany-33-585x388.jpg 585w\" sizes=\"auto, (max-width: 999px) 100vw, 999px\" \/><\/p>\n<p><img loading=\"lazy\" decoding=\"async\" class=\"aligncenter wp-image-19223\" src=\"http:\/\/1001voyagesgourmands.com\/wp-content\/uploads\/2018\/01\/Vanocni_Drazdany-35-678x1024.jpg\" alt=\"I kdy\u017e jsme ji\u017e vkro\u010dili do ledna, m\u00e1m pro v\u00e1s takov\u00e9 mal\u00e9 ohl\u00e9dnut\u00ed do prosince, kdy jsme nav\u0161t\u00edvili v\u00e1no\u010dn\u00ed Dr\u00e1\u017e\u010fany, tady je p\u00e1r fotek.\" width=\"774\" height=\"1169\" srcset=\"https:\/\/1001voyagesgourmands.com\/wp-content\/uploads\/2018\/01\/Vanocni_Drazdany-35-678x1024.jpg 678w, https:\/\/1001voyagesgourmands.com\/wp-content\/uploads\/2018\/01\/Vanocni_Drazdany-35-199x300.jpg 199w, https:\/\/1001voyagesgourmands.com\/wp-content\/uploads\/2018\/01\/Vanocni_Drazdany-35-768x1160.jpg 768w, https:\/\/1001voyagesgourmands.com\/wp-content\/uploads\/2018\/01\/Vanocni_Drazdany-35-585x883.jpg 585w, https:\/\/1001voyagesgourmands.com\/wp-content\/uploads\/2018\/01\/Vanocni_Drazdany-35.jpg 1000w\" sizes=\"auto, (max-width: 774px) 100vw, 774px\" \/><\/p>\n<p><img loading=\"lazy\" decoding=\"async\" class=\"aligncenter size-full wp-image-19221\" src=\"http:\/\/1001voyagesgourmands.com\/wp-content\/uploads\/2018\/01\/Vanocni_Drazdany-34.jpg\" alt=\"I kdy\u017e jsme ji\u017e vkro\u010dili do ledna, m\u00e1m pro v\u00e1s takov\u00e9 mal\u00e9 ohl\u00e9dnut\u00ed do prosince, kdy jsme nav\u0161t\u00edvili v\u00e1no\u010dn\u00ed Dr\u00e1\u017e\u010fany, tady je p\u00e1r fotek.\" width=\"999\" height=\"662\" srcset=\"https:\/\/1001voyagesgourmands.com\/wp-content\/uploads\/2018\/01\/Vanocni_Drazdany-34.jpg 999w, https:\/\/1001voyagesgourmands.com\/wp-content\/uploads\/2018\/01\/Vanocni_Drazdany-34-800x530.jpg 800w, https:\/\/1001voyagesgourmands.com\/wp-content\/uploads\/2018\/01\/Vanocni_Drazdany-34-300x199.jpg 300w, https:\/\/1001voyagesgourmands.com\/wp-content\/uploads\/2018\/01\/Vanocni_Drazdany-34-768x509.jpg 768w, https:\/\/1001voyagesgourmands.com\/wp-content\/uploads\/2018\/01\/Vanocni_Drazdany-34-780x516.jpg 780w, https:\/\/1001voyagesgourmands.com\/wp-content\/uploads\/2018\/01\/Vanocni_Drazdany-34-585x388.jpg 585w\" sizes=\"auto, (max-width: 999px) 100vw, 999px\" \/><\/p>\n<p><img loading=\"lazy\" decoding=\"async\" class=\"aligncenter size-full wp-image-19225\" src=\"http:\/\/1001voyagesgourmands.com\/wp-content\/uploads\/2018\/01\/Vanocni_Drazdany-36.jpg\" alt=\"I kdy\u017e jsme ji\u017e vkro\u010dili do ledna, m\u00e1m pro v\u00e1s takov\u00e9 mal\u00e9 ohl\u00e9dnut\u00ed do prosince, kdy jsme nav\u0161t\u00edvili v\u00e1no\u010dn\u00ed Dr\u00e1\u017e\u010fany, tady je p\u00e1r fotek.\" width=\"999\" height=\"662\" srcset=\"https:\/\/1001voyagesgourmands.com\/wp-content\/uploads\/2018\/01\/Vanocni_Drazdany-36.jpg 999w, https:\/\/1001voyagesgourmands.com\/wp-content\/uploads\/2018\/01\/Vanocni_Drazdany-36-800x530.jpg 800w, https:\/\/1001voyagesgourmands.com\/wp-content\/uploads\/2018\/01\/Vanocni_Drazdany-36-300x199.jpg 300w, https:\/\/1001voyagesgourmands.com\/wp-content\/uploads\/2018\/01\/Vanocni_Drazdany-36-768x509.jpg 768w, https:\/\/1001voyagesgourmands.com\/wp-content\/uploads\/2018\/01\/Vanocni_Drazdany-36-780x516.jpg 780w, https:\/\/1001voyagesgourmands.com\/wp-content\/uploads\/2018\/01\/Vanocni_Drazdany-36-585x388.jpg 585w\" sizes=\"auto, (max-width: 999px) 100vw, 999px\" \/><\/p>\n<p style=\"text-align: justify;\">Jen co se t\u00fdk\u00e1 j\u00eddla, tak bohu\u017eel nem\u00e1m \u017e\u00e1dn\u00fd tip na restauraci, bohu\u017eel se n\u00e1m ani jednou nepo\u0161t\u011bstilo j\u00edst n\u011bkde, kde by to fakt st\u00e1lo za n\u00e1vrat. Za to m\u00e1m ale pro v\u00e1s tip na dobr\u00e9 dorty. \ud83d\ude00 U hlavn\u00edho n\u00e1m\u011bst\u00ed Altmarkt v rohu uvnit\u0159 n\u00e1kupn\u00ed galerie najdete stylovou kav\u00e1rnu <strong>Kreutzkamm<\/strong>, kde maj\u00ed na v\u00fdb\u011br tolik druh\u016f, \u017ee jsme si vybraly jak m\u00e1ma, tak i s\u00e9gra, tak i j\u00e1.&nbsp;<\/p>\n<p><img loading=\"lazy\" decoding=\"async\" class=\"aligncenter size-full wp-image-19227\" src=\"http:\/\/1001voyagesgourmands.com\/wp-content\/uploads\/2018\/01\/Vanocni_Drazdany-37.jpg\" alt=\"I kdy\u017e jsme ji\u017e vkro\u010dili do ledna, m\u00e1m pro v\u00e1s takov\u00e9 mal\u00e9 ohl\u00e9dnut\u00ed do prosince, kdy jsme nav\u0161t\u00edvili v\u00e1no\u010dn\u00ed Dr\u00e1\u017e\u010fany, tady je p\u00e1r fotek.\" width=\"999\" height=\"662\" srcset=\"https:\/\/1001voyagesgourmands.com\/wp-content\/uploads\/2018\/01\/Vanocni_Drazdany-37.jpg 999w, https:\/\/1001voyagesgourmands.com\/wp-content\/uploads\/2018\/01\/Vanocni_Drazdany-37-800x530.jpg 800w, https:\/\/1001voyagesgourmands.com\/wp-content\/uploads\/2018\/01\/Vanocni_Drazdany-37-300x199.jpg 300w, https:\/\/1001voyagesgourmands.com\/wp-content\/uploads\/2018\/01\/Vanocni_Drazdany-37-768x509.jpg 768w, https:\/\/1001voyagesgourmands.com\/wp-content\/uploads\/2018\/01\/Vanocni_Drazdany-37-780x516.jpg 780w, https:\/\/1001voyagesgourmands.com\/wp-content\/uploads\/2018\/01\/Vanocni_Drazdany-37-585x388.jpg 585w\" sizes=\"auto, (max-width: 999px) 100vw, 999px\" \/><\/p>\n<p>&nbsp;<\/p>\n<hr>\n<p style=\"text-align: justify;\">Tak to by bylo. Kdo jste zav\u00edtal do v\u00e1no\u010dn\u00edch Dr\u00e1\u017e\u010fan? Do jak\u00fdch m\u011bst jezd\u00edte r\u00e1di p\u0159ed V\u00e1noci? Pod\u011blte se o sv\u00e9 dojmy a tipy v koment\u00e1\u0159\u00edch pod textem!<\/p>\n<p style=\"text-align: center;\"><strong>PIN IT!<\/strong><\/p>\n<p><img loading=\"lazy\" decoding=\"async\" class=\"aligncenter wp-image-19315\" src=\"http:\/\/1001voyagesgourmands.com\/wp-content\/uploads\/2018\/01\/Vanocni_Drazdany-PIN-683x1024.jpg\" alt=\"I kdy\u017e jsme ji\u017e vkro\u010dili do ledna, m\u00e1m pro v\u00e1s takov\u00e9 mal\u00e9 ohl\u00e9dnut\u00ed do prosince, kdy jsme nav\u0161t\u00edvili v\u00e1no\u010dn\u00ed Dr\u00e1\u017e\u010fany, tady je p\u00e1r fotek.\" width=\"551\" height=\"826\" srcset=\"https:\/\/1001voyagesgourmands.com\/wp-content\/uploads\/2018\/01\/Vanocni_Drazdany-PIN-683x1024.jpg 683w, https:\/\/1001voyagesgourmands.com\/wp-content\/uploads\/2018\/01\/Vanocni_Drazdany-PIN-200x300.jpg 200w, https:\/\/1001voyagesgourmands.com\/wp-content\/uploads\/2018\/01\/Vanocni_Drazdany-PIN-585x877.jpg 585w, https:\/\/1001voyagesgourmands.com\/wp-content\/uploads\/2018\/01\/Vanocni_Drazdany-PIN.jpg 735w\" sizes=\"auto, (max-width: 551px) 100vw, 551px\" \/><\/p>\n","protected":false},"excerpt":{"rendered":"<p>Kr\u00e1sn\u00fd nov\u00fd rok v\u0161em kdo pravideln\u011b \u010dtete m\u016fj blog a i t\u011bm, kdo ho je\u0161t\u011b ne\u010dtete! \ud83d\ude42 Tak\u00e9 v\u00e1m ten prosinec (a vlastn\u011b cel\u00fd rok) tak utekl? I kdy\u017e n\u00e1m v\u00e1no\u010dn\u00ed trhy v cel\u00e9 Evrop\u011b pomalu kon\u010d\u00ed (ne-li skon\u010dily) a jsme ji\u017e nohama v lednu, m\u00e1m tu pro v\u00e1s je\u0161t\u011b&hellip;<\/p>\n","protected":false},"author":1,"featured_media":19206,"comment_status":"open","ping_status":"open","sticky":false,"template":"","format":"standard","meta":{"_exactmetrics_skip_tracking":false,"_exactmetrics_sitenote_active":false,"_exactmetrics_sitenote_note":"","_exactmetrics_sitenote_category":0,"_lmt_disableupdate":"","_lmt_disable":"","footnotes":""},"categories":[4,366],"tags":[367,493],"class_list":["post-19153","post","type-post","status-publish","format-standard","has-post-thumbnail","hentry","category-cestovani","category-nemecko","tag-nemecko","tag-vanoce"],"yoast_head":"<!-- This site is optimized with the Yoast SEO plugin v26.1.1 - https:\/\/yoast.com\/wordpress\/plugins\/seo\/ -->\n<title>V\u00e1no\u010dn\u00ed Dr\u00e1\u017e\u010fany - 1001 Voyages Gourmands<\/title>\n<meta name=\"description\" content=\"I kdy\u017e jsme ji\u017e vkro\u010dili do ledna, m\u00e1m pro v\u00e1s takov\u00e9 mal\u00e9 ohl\u00e9dnut\u00ed do prosince, kdy jsme nav\u0161t\u00edvili v\u00e1no\u010dn\u00ed Dr\u00e1\u017e\u010fany, tady je p\u00e1r fotek.\" \/>\n<meta name=\"robots\" content=\"index, follow, max-snippet:-1, max-image-preview:large, max-video-preview:-1\" \/>\n<link rel=\"canonical\" href=\"https:\/\/1001voyagesgourmands.com\/cs\/vanocni-drazdany\/\" \/>\n<meta property=\"og:locale\" content=\"cs_CZ\" \/>\n<meta property=\"og:type\" content=\"article\" \/>\n<meta property=\"og:title\" content=\"V\u00e1no\u010dn\u00ed Dr\u00e1\u017e\u010fany - 1001 Voyages Gourmands\" \/>\n<meta property=\"og:description\" content=\"I kdy\u017e jsme ji\u017e vkro\u010dili do ledna, m\u00e1m pro v\u00e1s takov\u00e9 mal\u00e9 ohl\u00e9dnut\u00ed do prosince, kdy jsme nav\u0161t\u00edvili v\u00e1no\u010dn\u00ed Dr\u00e1\u017e\u010fany, tady je p\u00e1r fotek.\" \/>\n<meta property=\"og:url\" content=\"https:\/\/1001voyagesgourmands.com\/cs\/vanocni-drazdany\/\" \/>\n<meta property=\"og:site_name\" content=\"1001 Voyages Gourmands\" \/>\n<meta property=\"article:publisher\" content=\"https:\/\/www.facebook.com\/1001voyagesgourmands\" \/>\n<meta property=\"article:published_time\" content=\"2018-01-02T22:39:51+00:00\" \/>\n<meta property=\"og:image\" content=\"https:\/\/1001voyagesgourmands.com\/wp-content\/uploads\/2018\/01\/Vanocni_Drazdany-26.jpg\" \/>\n\t<meta property=\"og:image:width\" content=\"1000\" \/>\n\t<meta property=\"og:image:height\" content=\"1510\" \/>\n\t<meta property=\"og:image:type\" content=\"image\/jpeg\" \/>\n<meta name=\"author\" content=\"Michaela\" \/>\n<meta name=\"twitter:card\" content=\"summary_large_image\" \/>\n<meta name=\"twitter:creator\" content=\"@michaela_1001vg\" \/>\n<meta name=\"twitter:site\" content=\"@michaela_1001vg\" \/>\n<meta name=\"twitter:label1\" content=\"Napsal(a)\" \/>\n\t<meta name=\"twitter:data1\" content=\"Michaela\" \/>\n\t<meta name=\"twitter:label2\" content=\"Odhadovan\u00e1 doba \u010dten\u00ed\" \/>\n\t<meta name=\"twitter:data2\" content=\"2 minuty\" \/>\n<script type=\"application\/ld+json\" class=\"yoast-schema-graph\">{\"@context\":\"https:\/\/schema.org\",\"@graph\":[{\"@type\":\"WebPage\",\"@id\":\"https:\/\/1001voyagesgourmands.com\/cs\/vanocni-drazdany\/\",\"url\":\"https:\/\/1001voyagesgourmands.com\/cs\/vanocni-drazdany\/\",\"name\":\"V\u00e1no\u010dn\u00ed Dr\u00e1\u017e\u010fany - 1001 Voyages Gourmands\",\"isPartOf\":{\"@id\":\"https:\/\/1001voyagesgourmands.com\/cs\/#website\"},\"primaryImageOfPage\":{\"@id\":\"https:\/\/1001voyagesgourmands.com\/cs\/vanocni-drazdany\/#primaryimage\"},\"image\":{\"@id\":\"https:\/\/1001voyagesgourmands.com\/cs\/vanocni-drazdany\/#primaryimage\"},\"thumbnailUrl\":\"https:\/\/1001voyagesgourmands.com\/wp-content\/uploads\/2018\/01\/Vanocni_Drazdany-26.jpg\",\"datePublished\":\"2018-01-02T22:39:51+00:00\",\"author\":{\"@id\":\"https:\/\/1001voyagesgourmands.com\/cs\/#\/schema\/person\/62e0e7238fcf7482b23bf83e1b72ff1b\"},\"description\":\"I kdy\u017e jsme ji\u017e vkro\u010dili do ledna, m\u00e1m pro v\u00e1s takov\u00e9 mal\u00e9 ohl\u00e9dnut\u00ed do prosince, kdy jsme nav\u0161t\u00edvili v\u00e1no\u010dn\u00ed Dr\u00e1\u017e\u010fany, tady je p\u00e1r fotek.\",\"breadcrumb\":{\"@id\":\"https:\/\/1001voyagesgourmands.com\/cs\/vanocni-drazdany\/#breadcrumb\"},\"inLanguage\":\"cs\",\"potentialAction\":[{\"@type\":\"ReadAction\",\"target\":[\"https:\/\/1001voyagesgourmands.com\/cs\/vanocni-drazdany\/\"]}]},{\"@type\":\"ImageObject\",\"inLanguage\":\"cs\",\"@id\":\"https:\/\/1001voyagesgourmands.com\/cs\/vanocni-drazdany\/#primaryimage\",\"url\":\"https:\/\/1001voyagesgourmands.com\/wp-content\/uploads\/2018\/01\/Vanocni_Drazdany-26.jpg\",\"contentUrl\":\"https:\/\/1001voyagesgourmands.com\/wp-content\/uploads\/2018\/01\/Vanocni_Drazdany-26.jpg\",\"width\":1000,\"height\":1510},{\"@type\":\"BreadcrumbList\",\"@id\":\"https:\/\/1001voyagesgourmands.com\/cs\/vanocni-drazdany\/#breadcrumb\",\"itemListElement\":[{\"@type\":\"ListItem\",\"position\":1,\"name\":\"Dom\u016f\",\"item\":\"https:\/\/1001voyagesgourmands.com\/cs\/\"},{\"@type\":\"ListItem\",\"position\":2,\"name\":\"V\u00e1no\u010dn\u00ed Dr\u00e1\u017e\u010fany\"}]},{\"@type\":\"WebSite\",\"@id\":\"https:\/\/1001voyagesgourmands.com\/cs\/#website\",\"url\":\"https:\/\/1001voyagesgourmands.com\/cs\/\",\"name\":\"1001 Voyages Gourmands\",\"description\":\"Food | Travel | Photography\",\"potentialAction\":[{\"@type\":\"SearchAction\",\"target\":{\"@type\":\"EntryPoint\",\"urlTemplate\":\"https:\/\/1001voyagesgourmands.com\/cs\/?s={search_term_string}\"},\"query-input\":{\"@type\":\"PropertyValueSpecification\",\"valueRequired\":true,\"valueName\":\"search_term_string\"}}],\"inLanguage\":\"cs\"},{\"@type\":\"Person\",\"@id\":\"https:\/\/1001voyagesgourmands.com\/cs\/#\/schema\/person\/62e0e7238fcf7482b23bf83e1b72ff1b\",\"name\":\"Michaela\",\"image\":{\"@type\":\"ImageObject\",\"inLanguage\":\"cs\",\"@id\":\"https:\/\/1001voyagesgourmands.com\/cs\/#\/schema\/person\/image\/\",\"url\":\"https:\/\/secure.gravatar.com\/avatar\/73fa562a5b0ce269ca480f67de504b8ecac054a121d170e226f1b79e02024cb8?s=96&d=mm&r=g\",\"contentUrl\":\"https:\/\/secure.gravatar.com\/avatar\/73fa562a5b0ce269ca480f67de504b8ecac054a121d170e226f1b79e02024cb8?s=96&d=mm&r=g\",\"caption\":\"Michaela\"},\"sameAs\":[\"http:\/\/1001voyagesgourmands.com\"]}]}<\/script>\n<!-- \/ Yoast SEO plugin. -->","yoast_head_json":{"title":"V\u00e1no\u010dn\u00ed Dr\u00e1\u017e\u010fany - 1001 Voyages Gourmands","description":"I kdy\u017e jsme ji\u017e vkro\u010dili do ledna, m\u00e1m pro v\u00e1s takov\u00e9 mal\u00e9 ohl\u00e9dnut\u00ed do prosince, kdy jsme nav\u0161t\u00edvili v\u00e1no\u010dn\u00ed Dr\u00e1\u017e\u010fany, tady je p\u00e1r fotek.","robots":{"index":"index","follow":"follow","max-snippet":"max-snippet:-1","max-image-preview":"max-image-preview:large","max-video-preview":"max-video-preview:-1"},"canonical":"https:\/\/1001voyagesgourmands.com\/cs\/vanocni-drazdany\/","og_locale":"cs_CZ","og_type":"article","og_title":"V\u00e1no\u010dn\u00ed Dr\u00e1\u017e\u010fany - 1001 Voyages Gourmands","og_description":"I kdy\u017e jsme ji\u017e vkro\u010dili do ledna, m\u00e1m pro v\u00e1s takov\u00e9 mal\u00e9 ohl\u00e9dnut\u00ed do prosince, kdy jsme nav\u0161t\u00edvili v\u00e1no\u010dn\u00ed Dr\u00e1\u017e\u010fany, tady je p\u00e1r fotek.","og_url":"https:\/\/1001voyagesgourmands.com\/cs\/vanocni-drazdany\/","og_site_name":"1001 Voyages Gourmands","article_publisher":"https:\/\/www.facebook.com\/1001voyagesgourmands","article_published_time":"2018-01-02T22:39:51+00:00","og_image":[{"width":1000,"height":1510,"url":"https:\/\/1001voyagesgourmands.com\/wp-content\/uploads\/2018\/01\/Vanocni_Drazdany-26.jpg","type":"image\/jpeg"}],"author":"Michaela","twitter_card":"summary_large_image","twitter_creator":"@michaela_1001vg","twitter_site":"@michaela_1001vg","twitter_misc":{"Napsal(a)":"Michaela","Odhadovan\u00e1 doba \u010dten\u00ed":"2 minuty"},"schema":{"@context":"https:\/\/schema.org","@graph":[{"@type":"WebPage","@id":"https:\/\/1001voyagesgourmands.com\/cs\/vanocni-drazdany\/","url":"https:\/\/1001voyagesgourmands.com\/cs\/vanocni-drazdany\/","name":"V\u00e1no\u010dn\u00ed Dr\u00e1\u017e\u010fany - 1001 Voyages Gourmands","isPartOf":{"@id":"https:\/\/1001voyagesgourmands.com\/cs\/#website"},"primaryImageOfPage":{"@id":"https:\/\/1001voyagesgourmands.com\/cs\/vanocni-drazdany\/#primaryimage"},"image":{"@id":"https:\/\/1001voyagesgourmands.com\/cs\/vanocni-drazdany\/#primaryimage"},"thumbnailUrl":"https:\/\/1001voyagesgourmands.com\/wp-content\/uploads\/2018\/01\/Vanocni_Drazdany-26.jpg","datePublished":"2018-01-02T22:39:51+00:00","author":{"@id":"https:\/\/1001voyagesgourmands.com\/cs\/#\/schema\/person\/62e0e7238fcf7482b23bf83e1b72ff1b"},"description":"I kdy\u017e jsme ji\u017e vkro\u010dili do ledna, m\u00e1m pro v\u00e1s takov\u00e9 mal\u00e9 ohl\u00e9dnut\u00ed do prosince, kdy jsme nav\u0161t\u00edvili v\u00e1no\u010dn\u00ed Dr\u00e1\u017e\u010fany, tady je p\u00e1r fotek.","breadcrumb":{"@id":"https:\/\/1001voyagesgourmands.com\/cs\/vanocni-drazdany\/#breadcrumb"},"inLanguage":"cs","potentialAction":[{"@type":"ReadAction","target":["https:\/\/1001voyagesgourmands.com\/cs\/vanocni-drazdany\/"]}]},{"@type":"ImageObject","inLanguage":"cs","@id":"https:\/\/1001voyagesgourmands.com\/cs\/vanocni-drazdany\/#primaryimage","url":"https:\/\/1001voyagesgourmands.com\/wp-content\/uploads\/2018\/01\/Vanocni_Drazdany-26.jpg","contentUrl":"https:\/\/1001voyagesgourmands.com\/wp-content\/uploads\/2018\/01\/Vanocni_Drazdany-26.jpg","width":1000,"height":1510},{"@type":"BreadcrumbList","@id":"https:\/\/1001voyagesgourmands.com\/cs\/vanocni-drazdany\/#breadcrumb","itemListElement":[{"@type":"ListItem","position":1,"name":"Dom\u016f","item":"https:\/\/1001voyagesgourmands.com\/cs\/"},{"@type":"ListItem","position":2,"name":"V\u00e1no\u010dn\u00ed Dr\u00e1\u017e\u010fany"}]},{"@type":"WebSite","@id":"https:\/\/1001voyagesgourmands.com\/cs\/#website","url":"https:\/\/1001voyagesgourmands.com\/cs\/","name":"1001 Voyages Gourmands","description":"Food | Travel | Photography","potentialAction":[{"@type":"SearchAction","target":{"@type":"EntryPoint","urlTemplate":"https:\/\/1001voyagesgourmands.com\/cs\/?s={search_term_string}"},"query-input":{"@type":"PropertyValueSpecification","valueRequired":true,"valueName":"search_term_string"}}],"inLanguage":"cs"},{"@type":"Person","@id":"https:\/\/1001voyagesgourmands.com\/cs\/#\/schema\/person\/62e0e7238fcf7482b23bf83e1b72ff1b","name":"Michaela","image":{"@type":"ImageObject","inLanguage":"cs","@id":"https:\/\/1001voyagesgourmands.com\/cs\/#\/schema\/person\/image\/","url":"https:\/\/secure.gravatar.com\/avatar\/73fa562a5b0ce269ca480f67de504b8ecac054a121d170e226f1b79e02024cb8?s=96&d=mm&r=g","contentUrl":"https:\/\/secure.gravatar.com\/avatar\/73fa562a5b0ce269ca480f67de504b8ecac054a121d170e226f1b79e02024cb8?s=96&d=mm&r=g","caption":"Michaela"},"sameAs":["http:\/\/1001voyagesgourmands.com"]}]}},"_links":{"self":[{"href":"https:\/\/1001voyagesgourmands.com\/cs\/wp-json\/wp\/v2\/posts\/19153","targetHints":{"allow":["GET"]}}],"collection":[{"href":"https:\/\/1001voyagesgourmands.com\/cs\/wp-json\/wp\/v2\/posts"}],"about":[{"href":"https:\/\/1001voyagesgourmands.com\/cs\/wp-json\/wp\/v2\/types\/post"}],"author":[{"embeddable":true,"href":"https:\/\/1001voyagesgourmands.com\/cs\/wp-json\/wp\/v2\/users\/1"}],"replies":[{"embeddable":true,"href":"https:\/\/1001voyagesgourmands.com\/cs\/wp-json\/wp\/v2\/comments?post=19153"}],"version-history":[{"count":0,"href":"https:\/\/1001voyagesgourmands.com\/cs\/wp-json\/wp\/v2\/posts\/19153\/revisions"}],"wp:featuredmedia":[{"embeddable":true,"href":"https:\/\/1001voyagesgourmands.com\/cs\/wp-json\/wp\/v2\/media\/19206"}],"wp:attachment":[{"href":"https:\/\/1001voyagesgourmands.com\/cs\/wp-json\/wp\/v2\/media?parent=19153"}],"wp:term":[{"taxonomy":"category","embeddable":true,"href":"https:\/\/1001voyagesgourmands.com\/cs\/wp-json\/wp\/v2\/categories?post=19153"},{"taxonomy":"post_tag","embeddable":true,"href":"https:\/\/1001voyagesgourmands.com\/cs\/wp-json\/wp\/v2\/tags?post=19153"}],"curies":[{"name":"wp","href":"https:\/\/api.w.org\/{rel}","templated":true}]}}