{"id":17836,"date":"2017-08-17T21:44:24","date_gmt":"2017-08-17T19:44:24","guid":{"rendered":"http:\/\/1001voyagesgourmands.com\/?p=17836\/"},"modified":"2018-11-04T22:14:35","modified_gmt":"2018-11-04T21:14:35","slug":"cuketova-polevka-s-matou-a-fetou","status":"publish","type":"post","link":"https:\/\/1001voyagesgourmands.com\/cs\/cuketova-polevka-s-matou-a-fetou\/","title":{"rendered":"Letn\u00ed cuketov\u00e1 pol\u00e9vka s m\u00e1tou a fetou"},"content":{"rendered":"<p style=\"text-align: justify;\">Kr\u00e1sn\u00fd dobr\u00fd den p\u0159\u00e1tel\u00e9. Dnes m\u00e1m pro v\u00e1s recept na moc dobrou letn\u00ed pol\u00e9vku, kter\u00e1 v\u00e1s mile p\u0159ekvap\u00ed! Cuketov\u00e1 pol\u00e9vka s m\u00e1tou a fetou chutn\u00e1 v\u00fdborn\u011b jak tepl\u00e1, tak i kr\u00e1sn\u011b osv\u011b\u017e\u00ed, pokud je pod\u00e1van\u00e1 vychlazen\u00e1. Kr\u00e1sn\u011b br\u010d\u00e1lov\u011b zelen\u00e1 barva a sv\u011b\u017e\u00ed chu\u0165 t\u00e9to pol\u00e9vky m\u011b dostala ji\u017e minul\u00fd rok, kdy n\u00e1m ji p\u0159ipravila m\u00e1 b\u00fdval\u00e1 pan\u00ed dom\u00e1c\u00ed u n\u00ed na ob\u011bd\u011b a od t\u00e9 doby jsem ji m\u011bla v hlav\u011b. Samoz\u0159ejm\u011b jsem si ne\u0159ekla o recept, a tak jsem pak asi rok t\u00e1pala, jak\u00fd pom\u011br surovin pou\u017e\u00edt, aby pol\u00e9vka chutnala tak, jako tenkr\u00e1t. Po t\u0159ech pokusech jsem kone\u010dn\u011b p\u0159i\u0161la na spr\u00e1vn\u00fd pom\u011br ingredienc\u00ed a v\u0161e si pe\u010dliv\u011b zapsala, abych se tu o tuhle dobrotu s v\u00e1mi pod\u011blila! &nbsp;(Jo, mohla jsem se j\u00ed prost\u011b jednodu\u0161e zeptat na recept, ale to by nebyla takov\u00e1 challenge.) \ud83d\ude42<\/p>\n<p><img loading=\"lazy\" decoding=\"async\" class=\"aligncenter wp-image-17879\" src=\"http:\/\/1001voyagesgourmands.com\/wp-content\/uploads\/2017\/08\/Cuketova_polevka_s_matou_a_fetou-4-2-683x1024.jpg\" alt=\"Letn\u00ed cuketov\u00e1 pol\u00e9vka s m\u00e1tou a fetou v\u00e1s mile p\u0159ekvap\u00ed! Nav\u00edc chutn\u00e1 v\u00fdborn\u011b jak tepl\u00e1, tak i kr\u00e1sn\u011b osv\u011b\u017e\u00ed, pokud je pod\u00e1van\u00e1 vychlazen\u00e1.\" width=\"862\" height=\"1292\" srcset=\"https:\/\/1001voyagesgourmands.com\/wp-content\/uploads\/2017\/08\/Cuketova_polevka_s_matou_a_fetou-4-2-683x1024.jpg 683w, https:\/\/1001voyagesgourmands.com\/wp-content\/uploads\/2017\/08\/Cuketova_polevka_s_matou_a_fetou-4-2-200x300.jpg 200w, https:\/\/1001voyagesgourmands.com\/wp-content\/uploads\/2017\/08\/Cuketova_polevka_s_matou_a_fetou-4-2-768x1152.jpg 768w, https:\/\/1001voyagesgourmands.com\/wp-content\/uploads\/2017\/08\/Cuketova_polevka_s_matou_a_fetou-4-2-585x878.jpg 585w, https:\/\/1001voyagesgourmands.com\/wp-content\/uploads\/2017\/08\/Cuketova_polevka_s_matou_a_fetou-4-2.jpg 1000w\" sizes=\"auto, (max-width: 862px) 100vw, 862px\" \/><\/p>\n<p style=\"text-align: justify;\">Tahle letn\u00ed cuketov\u00e1 pol\u00e9vka s m\u00e1tou a fetou je chu\u0165ov\u011b dost zaj\u00edmav\u00e1. Vcelku nev\u00fdrazn\u00e1 chu\u0165 cukety ve spojen\u00ed se sv\u011b\u017e\u00ed m\u00e1tou a slanou fetou nab\u00fdv\u00e1 \u00fapln\u011b jin\u00e9 dimenze. Pol\u00e9vku moc nesolte, doporu\u010duji po\u0159\u00e1dn\u011b dosolit a\u017e nakonec, kdy v n\u00ed bude zam\u00edchan\u00e1 feta.&nbsp;<\/p>\n<p><img loading=\"lazy\" decoding=\"async\" class=\"aligncenter wp-image-17880\" src=\"http:\/\/1001voyagesgourmands.com\/wp-content\/uploads\/2017\/08\/Cuketova_polevka_s_matou_a_fetou-5-2-683x1024.jpg\" alt=\"Letn\u00ed cuketov\u00e1 pol\u00e9vka s m\u00e1tou a fetou v\u00e1s mile p\u0159ekvap\u00ed! Nav\u00edc chutn\u00e1 v\u00fdborn\u011b jak tepl\u00e1, tak i kr\u00e1sn\u011b osv\u011b\u017e\u00ed, pokud je pod\u00e1van\u00e1 vychlazen\u00e1.\" width=\"872\" height=\"1307\" srcset=\"https:\/\/1001voyagesgourmands.com\/wp-content\/uploads\/2017\/08\/Cuketova_polevka_s_matou_a_fetou-5-2-683x1024.jpg 683w, https:\/\/1001voyagesgourmands.com\/wp-content\/uploads\/2017\/08\/Cuketova_polevka_s_matou_a_fetou-5-2-200x300.jpg 200w, https:\/\/1001voyagesgourmands.com\/wp-content\/uploads\/2017\/08\/Cuketova_polevka_s_matou_a_fetou-5-2-768x1152.jpg 768w, https:\/\/1001voyagesgourmands.com\/wp-content\/uploads\/2017\/08\/Cuketova_polevka_s_matou_a_fetou-5-2-585x878.jpg 585w, https:\/\/1001voyagesgourmands.com\/wp-content\/uploads\/2017\/08\/Cuketova_polevka_s_matou_a_fetou-5-2.jpg 1000w\" sizes=\"auto, (max-width: 872px) 100vw, 872px\" \/><\/p>\n<p><img loading=\"lazy\" decoding=\"async\" class=\"aligncenter size-full wp-image-17881\" src=\"http:\/\/1001voyagesgourmands.com\/wp-content\/uploads\/2017\/08\/Cuketova_polevka_s_matou_a_fetou-6-2.jpg\" alt=\"Letn\u00ed cuketov\u00e1 pol\u00e9vka s m\u00e1tou a fetou v\u00e1s mile p\u0159ekvap\u00ed! Nav\u00edc chutn\u00e1 v\u00fdborn\u011b jak tepl\u00e1, tak i kr\u00e1sn\u011b osv\u011b\u017e\u00ed, pokud je pod\u00e1van\u00e1 vychlazen\u00e1.\" width=\"1000\" height=\"667\" srcset=\"https:\/\/1001voyagesgourmands.com\/wp-content\/uploads\/2017\/08\/Cuketova_polevka_s_matou_a_fetou-6-2.jpg 1000w, https:\/\/1001voyagesgourmands.com\/wp-content\/uploads\/2017\/08\/Cuketova_polevka_s_matou_a_fetou-6-2-300x200.jpg 300w, https:\/\/1001voyagesgourmands.com\/wp-content\/uploads\/2017\/08\/Cuketova_polevka_s_matou_a_fetou-6-2-768x512.jpg 768w, https:\/\/1001voyagesgourmands.com\/wp-content\/uploads\/2017\/08\/Cuketova_polevka_s_matou_a_fetou-6-2-585x390.jpg 585w, https:\/\/1001voyagesgourmands.com\/wp-content\/uploads\/2017\/08\/Cuketova_polevka_s_matou_a_fetou-6-2-263x175.jpg 263w\" sizes=\"auto, (max-width: 1000px) 100vw, 1000px\" \/><\/p>\n<p style=\"text-align: justify;\">Jinak j\u00e1 se p\u0159\u00ed\u0161t\u00ed t\u00fdden se chyst\u00e1m do \u010cech, kde si u\u017eiju puppy, nov\u00e9ho \u0161t\u011b\u0148\u00e1tka, co maj\u00ed na\u0161i (ano, puppy toti\u017e je\u0161t\u011b podle posledn\u00edch zpr\u00e1v nem\u00e1 jm\u00e9no chudinka :-)), a snad i n\u011bjak\u00e9 to slunce. A hlavn\u011b by to cht\u011blo trochu vypnout, mo\u017en\u00e1 i n\u011bjak\u00fd v\u00fd\u0161lap do p\u0159\u00edrody. Po <a href=\"http:\/\/1001voyagesgourmands.com\/vylet-za-vinem-na-jizni-moravu\/\">lo\u0148sk\u00e9m v\u00fdletu na Moravu<\/a> jsme letos m\u011bli jet objevovat dal\u0161\u00ed kout p\u0159ekr\u00e1sn\u00e9 \u010cesk\u00e9 kotliny, a sice v\u00fdletovat v \u010cesk\u00e9m r\u00e1ji \u010di tak n\u011bco, ale pl\u00e1ny se trochu zm\u011bnily, tak te\u010f narychlo vym\u00fd\u0161l\u00edm, coby kdeby. Nem\u00e1te n\u011bjak\u00e9 tipy v okol\u00ed Prahy?&nbsp;<\/p>\n<p><img loading=\"lazy\" decoding=\"async\" class=\"aligncenter wp-image-17877\" src=\"http:\/\/1001voyagesgourmands.com\/wp-content\/uploads\/2017\/08\/Cuketova_polevka_s_matou_a_fetou-2-2-683x1024.jpg\" alt=\"Letn\u00ed cuketov\u00e1 pol\u00e9vka s m\u00e1tou a fetou v\u00e1s mile p\u0159ekvap\u00ed! Nav\u00edc chutn\u00e1 v\u00fdborn\u011b jak tepl\u00e1, tak i kr\u00e1sn\u011b osv\u011b\u017e\u00ed, pokud je pod\u00e1van\u00e1 vychlazen\u00e1.\" width=\"842\" height=\"1262\" srcset=\"https:\/\/1001voyagesgourmands.com\/wp-content\/uploads\/2017\/08\/Cuketova_polevka_s_matou_a_fetou-2-2-683x1024.jpg 683w, https:\/\/1001voyagesgourmands.com\/wp-content\/uploads\/2017\/08\/Cuketova_polevka_s_matou_a_fetou-2-2-200x300.jpg 200w, https:\/\/1001voyagesgourmands.com\/wp-content\/uploads\/2017\/08\/Cuketova_polevka_s_matou_a_fetou-2-2-768x1152.jpg 768w, https:\/\/1001voyagesgourmands.com\/wp-content\/uploads\/2017\/08\/Cuketova_polevka_s_matou_a_fetou-2-2-585x878.jpg 585w, https:\/\/1001voyagesgourmands.com\/wp-content\/uploads\/2017\/08\/Cuketova_polevka_s_matou_a_fetou-2-2.jpg 1000w\" sizes=\"auto, (max-width: 842px) 100vw, 842px\" \/><\/p>\n<p style=\"text-align: justify;\">Tady m\u00e1te recept na slibovanou cuketovou pol\u00e9vku s m\u00e1tou a fetou a j\u00e1 se jdu balit. P\u0159eji v\u00e1m v\u0161em kr\u00e1sn\u00fd zbytek pr\u00e1zdnin! \ud83d\ude42 A pokud pol\u00e9vku vyzkou\u0161\u00edte, ur\u010dit\u011b mi dejte v\u011bd\u011bt, jak se pol\u00e9vka povedla a chutnala &#8211; budu moc r\u00e1da za ka\u017edou reakci! M\u016f\u017eete ps\u00e1t do koment\u00e1\u0159\u016f nebo se t\u0159eba pochlubte fotkou na Instagramu! \ud83d\ude42<\/p>\n<p>    <div class=\"blog-yumprint-recipe blog-yumprint-standard   blog-yumprint-numbered-methods \" yumprintrecipe=\"FjUJ\" itemscope itemtype=\"http:\/\/schema.org\/Recipe\">    <img decoding=\"async\" class=\"blog-yumprint-google-image\" src=\"http:\/\/1001voyagesgourmands.com\/wp-content\/uploads\/2017\/08\/Cuketova_polevka_s_matou_a_fetou-3-2.jpg\" style=\"display:block;position:absolute;left:-10000px;top:-10000px;\" itemprop=\"image\" \/>\t\t<div class=\"blog-yumprint-photo-top\" style=\"background-image: url(http:\/\/1001voyagesgourmands.com\/wp-content\/uploads\/2017\/08\/Cuketova_polevka_s_matou_a_fetou-3-2.jpg)\"><\/div>\t<div class=\"blog-yumprint-recipe-title\" itemprop=\"name\">Letn\u00ed cuketov\u00e1 pol\u00e9vka s m\u00e1tou a fetou<\/div>\t<div class=\"blog-yumprint-recipe-published\" itemprop=\"datePublished\">2017-08-17 21:06:19<\/div>\t\t<img decoding=\"async\" class=\"blog-yumprint-photo-top-large\" src=\"http:\/\/1001voyagesgourmands.com\/wp-content\/uploads\/2017\/08\/Cuketova_polevka_s_matou_a_fetou-3-2.jpg\" \/>    <div class=\"blog-yumprint-serves\">Porc\u00ed 4<\/div>    <div class=\"blog-yumprint-recipe-summary\" itemprop=\"description\">Letn\u00ed cuketov\u00e1 pol\u00e9vka s m\u00e1tou a fetou v\u00e1s mile p\u0159ekvap\u00ed! Chutn\u00e1 toti\u017e v\u00fdborn\u011b jak tepl\u00e1, tak vychlazen\u00e1.<\/div>\t<div class=\"blog-yumprint-header\">\t\t<div class='blog-yumprint-stars-reviews' itemprop=\"aggregateRating\" itemscope itemtype=\"http:\/\/schema.org\/AggregateRating\" color=\"#D6D2D3\" highlightcolor=\"#b0acad\" emptycolor=\"#D6D2D3\" rating=\"0\" count=\"0\">\r\n\t\t\t<div class='blog-yumprint-star-wrapper'>\r\n\t\t\t\t<div class='blog-yumprint-star-container'><\/div>\r\n\t\t\t\t<meta itemprop=\"ratingValue\" content=\"0\" \/>\r\n\t\t\t\t<meta itemprop=\"bestRating\" content=\"4\" \/>\r\n\t\t\t\t<div class=\"blog-yumprint-review-count\" itemprop=\"reviewCount\" content=\"0\"><\/div>\r\n\t\t\t<\/div>\r\n\t\t\t<div class='blog-yumprint-write-review'>Ohodno\u0165te<\/div>\r\n\t\t<\/div>\t\t<div class=\"blog-yumprint-save blog-yumprint-action\"><a href=\"http:\/\/yumprint.com\/app\/object\/FjUJ\">Ulo\u017eit recept<\/a><\/div>\t\t<div class=\"blog-yumprint-print blog-yumprint-action\">Vytisknout<\/div>\t<\/div>\t<div class=\"blog-yumprint-spacer\"><\/div>\t<div class=\"blog-yumprint-info-bar\">\t\t<div class=\"blog-yumprint-infobar-section\">\r\n\t\t\t<div class=\"blog-yumprint-infobar-section-title\">Doba p\u0159\u00edpravy<\/div>\r\n\t\t\t<div class=\"blog-yumprint-infobar-section-data\" itemprop=\"prepTime\" datetime=\"PT5M\">5 min <span class=\"value-title\" title=\"PT5M\"><\/span><\/div>\r\n\t\t<\/div>\t\t<div class=\"blog-yumprint-infobar-section\">\r\n\t\t\t<div class=\"blog-yumprint-infobar-section-title\">Doba va\u0159en\u00ed<\/div>\r\n\t\t\t<div class=\"blog-yumprint-infobar-section-data\" itemprop=\"cookTime\" datetime=\"PT25M\">25 min <span class=\"value-title\" title=\"PT25M\"><\/span><\/div>\r\n\t\t<\/div>\t\t<div class=\"blog-yumprint-infobar-section\">\r\n\t\t\t<div class=\"blog-yumprint-infobar-section-title\">Celkov\u00e1 doba<\/div>\r\n\t\t\t<div class=\"blog-yumprint-infobar-section-data\" itemprop=\"totalTime\" datetime=\"PT30M\">30 min <span class=\"value-title\" title=\"PT30M\"><\/span><\/div>\r\n\t\t<\/div>\t<\/div>\t<div class=\"blog-yumprint-recipe-contents\">\t\t<div class=\"blog-yumprint-photo-middle\" style=\"background-image: url(http:\/\/1001voyagesgourmands.com\/wp-content\/uploads\/2017\/08\/Cuketova_polevka_s_matou_a_fetou-3-2.jpg)\"><\/div>\t\t<div class=\"blog-yumprint-info-box\">\t\t<div class=\"blog-yumprint-infobox-section\">\r\n\t\t\t<div class=\"blog-yumprint-infobox-section-title\">Doba p\u0159\u00edpravy<\/div>\r\n\t\t\t<div class=\"duration blog-yumprint-infobox-section-data\" itemprop=\"prepTime\" dateTime=\"PT5M\">5 min <span class=\"value-title\" title=\"PT5M\"><\/span><\/div>\r\n\t\t<\/div>\t\t<div class=\"blog-yumprint-infobox-section\">\r\n\t\t\t<div class=\"blog-yumprint-infobox-section-title\">Doba va\u0159en\u00ed<\/div>\r\n\t\t\t<div class=\"duration blog-yumprint-infobox-section-data\" itemprop=\"cookTime\" dateTime=\"PT25M\">25 min <span class=\"value-title\" title=\"PT25M\"><\/span><\/div>\r\n\t\t<\/div>\t\t<div class=\"blog-yumprint-infobox-section\">\r\n\t\t\t<div class=\"blog-yumprint-infobox-section-title\">Celkov\u00e1 doba<\/div>\r\n\t\t\t<div class=\"duration blog-yumprint-infobox-section-data\" itemprop=\"totalTime\" datetime=\"PT30M\">30 min <span class=\"value-title\" title=\"PT30M\"><\/span><\/div>\r\n\t\t<\/div>\t<\/div>\t\t<div class=\"blog-yumprint-ingredient-section\" yumprintsection=\"0\">                <div class=\"blog-yumprint-subheader\">Suroviny<\/div>\t\t\t<ol class='blog-yumprint-ingredients'>\t\t\t\t<li class=\"blog-yumprint-ingredient-item\" yumprintitem=\"0\" itemprop=\"ingredients\">2 st\u0159edn\u011b velk\u00e9 cukety<\/li>\t\t\t\t<li class=\"blog-yumprint-ingredient-item\" yumprintitem=\"1\" itemprop=\"ingredients\">1 brambora<\/li>\t\t\t\t<li class=\"blog-yumprint-ingredient-item\" yumprintitem=\"2\" itemprop=\"ingredients\">1 \u017elut\u00e1 cibule<\/li>\t\t\t\t<li class=\"blog-yumprint-ingredient-item\" yumprintitem=\"3\" itemprop=\"ingredients\">1 strou\u017eek \u010desneku<\/li>\t\t\t\t<li class=\"blog-yumprint-ingredient-item\" yumprintitem=\"4\" itemprop=\"ingredients\">1 l\u017e\u00edce olivov\u00e9ho oleje<\/li>\t\t\t\t<li class=\"blog-yumprint-ingredient-item\" yumprintitem=\"5\" itemprop=\"ingredients\">800 ml zeleninov\u00e9ho v\u00fdvaru<\/li>\t\t\t\t<li class=\"blog-yumprint-ingredient-item\" yumprintitem=\"6\" itemprop=\"ingredients\">150 g fety<\/li>\t\t\t\t<li class=\"blog-yumprint-ingredient-item\" yumprintitem=\"7\" itemprop=\"ingredients\">20 list\u016f m\u00e1ty<\/li>\t\t\t\t<li class=\"blog-yumprint-ingredient-item\" yumprintitem=\"8\" itemprop=\"ingredients\">s\u016fl, pep\u0159<\/li>\t\t\t<\/ol>\r\n\t\t<\/div>\t\t<div class=\"blog-yumprint-method-section\" yumprintsection=\"1\">\t\t\t<div class=\"blog-yumprint-subheader\">Postup p\u0159\u00edpravy<\/div>\t\t\t<ol class=\"blog-yumprint-methods\" itemprop=\"recipeInstructions\">\t\t\t\t<li class=\"blog-yumprint-method-item\" yumprintitem=\"0\">Cukety o\u010dist\u00edme, odkroj\u00edme konce, pod\u00e9ln\u011b rozkroj\u00edme a nakr\u00e1j\u00edme na p\u016flkole\u010dka. Bramboru oloupeme a pokr\u00e1j\u00edme na men\u0161\u00ed kusy. Oloupeme a nadrobno pokr\u00e1j\u00edme cibuli a \u010desnek.<\/li>\t\t\t\t<li class=\"blog-yumprint-method-item\" yumprintitem=\"1\">V hrnci rozeh\u0159ejeme olivov\u00fd olej a do zlata na n\u011bm ope\u010deme cibulku a \u010desnek. P\u0159id\u00e1me kousky cuket a brambor, zalijeme v\u00fdvarem, jemn\u011b osol\u00edme a opep\u0159\u00edme a pova\u0159\u00edme asi 25 minut. Nakonec p\u0159id\u00e1me tak 3\/4 m\u00e1ty a nadroben\u00e9 fety a v\u0161e rozmixujeme do hladka ty\u010dov\u00fdm mix\u00e9rem (nebo nalijeme do mix\u00e9ru a v\u0161e rozmixujeme).<\/li>\t\t\t\t<li class=\"blog-yumprint-method-item\" yumprintitem=\"2\">Pol\u00e9vku nalijeme do misek a ozdob\u00edme zbylou nadrobenou fetou a l\u00edstky m\u00e1ty.<\/li>\t\t\t<\/ol>\r\n\t\t<\/div>    <div class=\"blog-yumprint-recipe-source\">1001 Voyages Gourmands https:\/\/1001voyagesgourmands.com\/<\/div>\t\t<\/div>\r\n\t<\/div><img loading=\"lazy\" decoding=\"async\" class=\"aligncenter wp-image-17876\" src=\"http:\/\/1001voyagesgourmands.com\/wp-content\/uploads\/2017\/08\/Cuketova_polevka_s_matou_a_fetou-1-2-683x1024.jpg\" alt=\"Letn\u00ed cuketov\u00e1 pol\u00e9vka s m\u00e1tou a fetou v\u00e1s mile p\u0159ekvap\u00ed! Nav\u00edc chutn\u00e1 v\u00fdborn\u011b jak tepl\u00e1, tak i kr\u00e1sn\u011b osv\u011b\u017e\u00ed, pokud je pod\u00e1van\u00e1 vychlazen\u00e1.\" width=\"884\" height=\"1325\" srcset=\"https:\/\/1001voyagesgourmands.com\/wp-content\/uploads\/2017\/08\/Cuketova_polevka_s_matou_a_fetou-1-2-683x1024.jpg 683w, https:\/\/1001voyagesgourmands.com\/wp-content\/uploads\/2017\/08\/Cuketova_polevka_s_matou_a_fetou-1-2-200x300.jpg 200w, https:\/\/1001voyagesgourmands.com\/wp-content\/uploads\/2017\/08\/Cuketova_polevka_s_matou_a_fetou-1-2-768x1152.jpg 768w, https:\/\/1001voyagesgourmands.com\/wp-content\/uploads\/2017\/08\/Cuketova_polevka_s_matou_a_fetou-1-2-585x878.jpg 585w, https:\/\/1001voyagesgourmands.com\/wp-content\/uploads\/2017\/08\/Cuketova_polevka_s_matou_a_fetou-1-2.jpg 1000w\" sizes=\"auto, (max-width: 884px) 100vw, 884px\" \/><\/p>\n","protected":false},"excerpt":{"rendered":"<p>Kr\u00e1sn\u00fd dobr\u00fd den p\u0159\u00e1tel\u00e9. Dnes m\u00e1m pro v\u00e1s recept na moc dobrou letn\u00ed pol\u00e9vku, kter\u00e1 v\u00e1s mile p\u0159ekvap\u00ed! Cuketov\u00e1 pol\u00e9vka s m\u00e1tou a fetou chutn\u00e1 v\u00fdborn\u011b jak tepl\u00e1, tak i kr\u00e1sn\u011b osv\u011b\u017e\u00ed, pokud je pod\u00e1van\u00e1 vychlazen\u00e1. Kr\u00e1sn\u011b br\u010d\u00e1lov\u011b zelen\u00e1 barva a sv\u011b\u017e\u00ed chu\u0165 t\u00e9to pol\u00e9vky m\u011b dostala ji\u017e minul\u00fd rok,&hellip;<\/p>\n","protected":false},"author":1,"featured_media":17879,"comment_status":"open","ping_status":"open","sticky":false,"template":"","format":"standard","meta":{"_exactmetrics_skip_tracking":false,"_exactmetrics_sitenote_active":false,"_exactmetrics_sitenote_note":"","_exactmetrics_sitenote_category":0,"_lmt_disableupdate":"","_lmt_disable":"","footnotes":""},"categories":[11,12],"tags":[245,66,347],"class_list":["post-17836","post","type-post","status-publish","format-standard","has-post-thumbnail","hentry","category-polevky","category-recepty","tag-cuketa","tag-polevky-2","tag-vegetarianske-recepty"],"yoast_head":"<!-- This site is optimized with the Yoast SEO plugin v26.1.1 - https:\/\/yoast.com\/wordpress\/plugins\/seo\/ -->\n<title>Letn\u00ed cuketov\u00e1 pol\u00e9vka s m\u00e1tou a fetou - 1001 Voyages Gourmands<\/title>\n<meta name=\"description\" content=\"Letn\u00ed cuketov\u00e1 pol\u00e9vka s m\u00e1tou a fetou v\u00e1s mile p\u0159ekvap\u00ed! Nav\u00edc chutn\u00e1 v\u00fdborn\u011b jak tepl\u00e1, tak i kr\u00e1sn\u011b osv\u011b\u017e\u00ed, pokud je pod\u00e1van\u00e1 vychlazen\u00e1.\" \/>\n<meta name=\"robots\" content=\"index, follow, max-snippet:-1, max-image-preview:large, max-video-preview:-1\" \/>\n<link rel=\"canonical\" href=\"https:\/\/1001voyagesgourmands.com\/cs\/cuketova-polevka-s-matou-a-fetou\/\" \/>\n<meta property=\"og:locale\" content=\"cs_CZ\" \/>\n<meta property=\"og:type\" content=\"article\" \/>\n<meta property=\"og:title\" content=\"Letn\u00ed cuketov\u00e1 pol\u00e9vka s m\u00e1tou a fetou - 1001 Voyages Gourmands\" \/>\n<meta property=\"og:description\" content=\"Letn\u00ed cuketov\u00e1 pol\u00e9vka s m\u00e1tou a fetou v\u00e1s mile p\u0159ekvap\u00ed! Nav\u00edc chutn\u00e1 v\u00fdborn\u011b jak tepl\u00e1, tak i kr\u00e1sn\u011b osv\u011b\u017e\u00ed, pokud je pod\u00e1van\u00e1 vychlazen\u00e1.\" \/>\n<meta property=\"og:url\" content=\"https:\/\/1001voyagesgourmands.com\/cs\/cuketova-polevka-s-matou-a-fetou\/\" \/>\n<meta property=\"og:site_name\" content=\"1001 Voyages Gourmands\" \/>\n<meta property=\"article:publisher\" content=\"https:\/\/www.facebook.com\/1001voyagesgourmands\" \/>\n<meta property=\"article:published_time\" content=\"2017-08-17T19:44:24+00:00\" \/>\n<meta property=\"article:modified_time\" content=\"2018-11-04T21:14:35+00:00\" \/>\n<meta property=\"og:image\" content=\"https:\/\/1001voyagesgourmands.com\/wp-content\/uploads\/2017\/08\/Cuketova_polevka_s_matou_a_fetou-4-2.jpg\" \/>\n\t<meta property=\"og:image:width\" content=\"1000\" \/>\n\t<meta property=\"og:image:height\" content=\"1500\" \/>\n\t<meta property=\"og:image:type\" content=\"image\/jpeg\" \/>\n<meta name=\"author\" content=\"Michaela\" \/>\n<meta name=\"twitter:card\" content=\"summary_large_image\" \/>\n<meta name=\"twitter:creator\" content=\"@michaela_1001vg\" \/>\n<meta name=\"twitter:site\" content=\"@michaela_1001vg\" \/>\n<meta name=\"twitter:label1\" content=\"Napsal(a)\" \/>\n\t<meta name=\"twitter:data1\" content=\"Michaela\" \/>\n\t<meta name=\"twitter:label2\" content=\"Odhadovan\u00e1 doba \u010dten\u00ed\" \/>\n\t<meta name=\"twitter:data2\" content=\"2 minuty\" \/>\n<script type=\"application\/ld+json\" class=\"yoast-schema-graph\">{\"@context\":\"https:\/\/schema.org\",\"@graph\":[{\"@type\":\"WebPage\",\"@id\":\"https:\/\/1001voyagesgourmands.com\/cs\/cuketova-polevka-s-matou-a-fetou\/\",\"url\":\"https:\/\/1001voyagesgourmands.com\/cs\/cuketova-polevka-s-matou-a-fetou\/\",\"name\":\"Letn\u00ed cuketov\u00e1 pol\u00e9vka s m\u00e1tou a fetou - 1001 Voyages Gourmands\",\"isPartOf\":{\"@id\":\"https:\/\/1001voyagesgourmands.com\/cs\/#website\"},\"primaryImageOfPage\":{\"@id\":\"https:\/\/1001voyagesgourmands.com\/cs\/cuketova-polevka-s-matou-a-fetou\/#primaryimage\"},\"image\":{\"@id\":\"https:\/\/1001voyagesgourmands.com\/cs\/cuketova-polevka-s-matou-a-fetou\/#primaryimage\"},\"thumbnailUrl\":\"https:\/\/1001voyagesgourmands.com\/wp-content\/uploads\/2017\/08\/Cuketova_polevka_s_matou_a_fetou-4-2.jpg\",\"datePublished\":\"2017-08-17T19:44:24+00:00\",\"dateModified\":\"2018-11-04T21:14:35+00:00\",\"author\":{\"@id\":\"https:\/\/1001voyagesgourmands.com\/cs\/#\/schema\/person\/62e0e7238fcf7482b23bf83e1b72ff1b\"},\"description\":\"Letn\u00ed cuketov\u00e1 pol\u00e9vka s m\u00e1tou a fetou v\u00e1s mile p\u0159ekvap\u00ed! Nav\u00edc chutn\u00e1 v\u00fdborn\u011b jak tepl\u00e1, tak i kr\u00e1sn\u011b osv\u011b\u017e\u00ed, pokud je pod\u00e1van\u00e1 vychlazen\u00e1.\",\"breadcrumb\":{\"@id\":\"https:\/\/1001voyagesgourmands.com\/cs\/cuketova-polevka-s-matou-a-fetou\/#breadcrumb\"},\"inLanguage\":\"cs\",\"potentialAction\":[{\"@type\":\"ReadAction\",\"target\":[\"https:\/\/1001voyagesgourmands.com\/cs\/cuketova-polevka-s-matou-a-fetou\/\"]}]},{\"@type\":\"ImageObject\",\"inLanguage\":\"cs\",\"@id\":\"https:\/\/1001voyagesgourmands.com\/cs\/cuketova-polevka-s-matou-a-fetou\/#primaryimage\",\"url\":\"https:\/\/1001voyagesgourmands.com\/wp-content\/uploads\/2017\/08\/Cuketova_polevka_s_matou_a_fetou-4-2.jpg\",\"contentUrl\":\"https:\/\/1001voyagesgourmands.com\/wp-content\/uploads\/2017\/08\/Cuketova_polevka_s_matou_a_fetou-4-2.jpg\",\"width\":1000,\"height\":1500,\"caption\":\"Letn\u00ed cuketov\u00e1 pol\u00e9vka s m\u00e1tou a fetou v\u00e1s mile p\u0159ekvap\u00ed! Nav\u00edc chutn\u00e1 v\u00fdborn\u011b jak tepl\u00e1, tak i kr\u00e1sn\u011b osv\u011b\u017e\u00ed, pokud je pod\u00e1van\u00e1 vychlazen\u00e1.\"},{\"@type\":\"BreadcrumbList\",\"@id\":\"https:\/\/1001voyagesgourmands.com\/cs\/cuketova-polevka-s-matou-a-fetou\/#breadcrumb\",\"itemListElement\":[{\"@type\":\"ListItem\",\"position\":1,\"name\":\"Dom\u016f\",\"item\":\"https:\/\/1001voyagesgourmands.com\/cs\/\"},{\"@type\":\"ListItem\",\"position\":2,\"name\":\"Letn\u00ed cuketov\u00e1 pol\u00e9vka s m\u00e1tou a fetou\"}]},{\"@type\":\"WebSite\",\"@id\":\"https:\/\/1001voyagesgourmands.com\/cs\/#website\",\"url\":\"https:\/\/1001voyagesgourmands.com\/cs\/\",\"name\":\"1001 Voyages Gourmands\",\"description\":\"Food | Travel | Photography\",\"potentialAction\":[{\"@type\":\"SearchAction\",\"target\":{\"@type\":\"EntryPoint\",\"urlTemplate\":\"https:\/\/1001voyagesgourmands.com\/cs\/?s={search_term_string}\"},\"query-input\":{\"@type\":\"PropertyValueSpecification\",\"valueRequired\":true,\"valueName\":\"search_term_string\"}}],\"inLanguage\":\"cs\"},{\"@type\":\"Person\",\"@id\":\"https:\/\/1001voyagesgourmands.com\/cs\/#\/schema\/person\/62e0e7238fcf7482b23bf83e1b72ff1b\",\"name\":\"Michaela\",\"image\":{\"@type\":\"ImageObject\",\"inLanguage\":\"cs\",\"@id\":\"https:\/\/1001voyagesgourmands.com\/cs\/#\/schema\/person\/image\/\",\"url\":\"https:\/\/secure.gravatar.com\/avatar\/73fa562a5b0ce269ca480f67de504b8ecac054a121d170e226f1b79e02024cb8?s=96&d=mm&r=g\",\"contentUrl\":\"https:\/\/secure.gravatar.com\/avatar\/73fa562a5b0ce269ca480f67de504b8ecac054a121d170e226f1b79e02024cb8?s=96&d=mm&r=g\",\"caption\":\"Michaela\"},\"sameAs\":[\"http:\/\/1001voyagesgourmands.com\"]}]}<\/script>\n<!-- \/ Yoast SEO plugin. -->","yoast_head_json":{"title":"Letn\u00ed cuketov\u00e1 pol\u00e9vka s m\u00e1tou a fetou - 1001 Voyages Gourmands","description":"Letn\u00ed cuketov\u00e1 pol\u00e9vka s m\u00e1tou a fetou v\u00e1s mile p\u0159ekvap\u00ed! Nav\u00edc chutn\u00e1 v\u00fdborn\u011b jak tepl\u00e1, tak i kr\u00e1sn\u011b osv\u011b\u017e\u00ed, pokud je pod\u00e1van\u00e1 vychlazen\u00e1.","robots":{"index":"index","follow":"follow","max-snippet":"max-snippet:-1","max-image-preview":"max-image-preview:large","max-video-preview":"max-video-preview:-1"},"canonical":"https:\/\/1001voyagesgourmands.com\/cs\/cuketova-polevka-s-matou-a-fetou\/","og_locale":"cs_CZ","og_type":"article","og_title":"Letn\u00ed cuketov\u00e1 pol\u00e9vka s m\u00e1tou a fetou - 1001 Voyages Gourmands","og_description":"Letn\u00ed cuketov\u00e1 pol\u00e9vka s m\u00e1tou a fetou v\u00e1s mile p\u0159ekvap\u00ed! Nav\u00edc chutn\u00e1 v\u00fdborn\u011b jak tepl\u00e1, tak i kr\u00e1sn\u011b osv\u011b\u017e\u00ed, pokud je pod\u00e1van\u00e1 vychlazen\u00e1.","og_url":"https:\/\/1001voyagesgourmands.com\/cs\/cuketova-polevka-s-matou-a-fetou\/","og_site_name":"1001 Voyages Gourmands","article_publisher":"https:\/\/www.facebook.com\/1001voyagesgourmands","article_published_time":"2017-08-17T19:44:24+00:00","article_modified_time":"2018-11-04T21:14:35+00:00","og_image":[{"width":1000,"height":1500,"url":"https:\/\/1001voyagesgourmands.com\/wp-content\/uploads\/2017\/08\/Cuketova_polevka_s_matou_a_fetou-4-2.jpg","type":"image\/jpeg"}],"author":"Michaela","twitter_card":"summary_large_image","twitter_creator":"@michaela_1001vg","twitter_site":"@michaela_1001vg","twitter_misc":{"Napsal(a)":"Michaela","Odhadovan\u00e1 doba \u010dten\u00ed":"2 minuty"},"schema":{"@context":"https:\/\/schema.org","@graph":[{"@type":"WebPage","@id":"https:\/\/1001voyagesgourmands.com\/cs\/cuketova-polevka-s-matou-a-fetou\/","url":"https:\/\/1001voyagesgourmands.com\/cs\/cuketova-polevka-s-matou-a-fetou\/","name":"Letn\u00ed cuketov\u00e1 pol\u00e9vka s m\u00e1tou a fetou - 1001 Voyages Gourmands","isPartOf":{"@id":"https:\/\/1001voyagesgourmands.com\/cs\/#website"},"primaryImageOfPage":{"@id":"https:\/\/1001voyagesgourmands.com\/cs\/cuketova-polevka-s-matou-a-fetou\/#primaryimage"},"image":{"@id":"https:\/\/1001voyagesgourmands.com\/cs\/cuketova-polevka-s-matou-a-fetou\/#primaryimage"},"thumbnailUrl":"https:\/\/1001voyagesgourmands.com\/wp-content\/uploads\/2017\/08\/Cuketova_polevka_s_matou_a_fetou-4-2.jpg","datePublished":"2017-08-17T19:44:24+00:00","dateModified":"2018-11-04T21:14:35+00:00","author":{"@id":"https:\/\/1001voyagesgourmands.com\/cs\/#\/schema\/person\/62e0e7238fcf7482b23bf83e1b72ff1b"},"description":"Letn\u00ed cuketov\u00e1 pol\u00e9vka s m\u00e1tou a fetou v\u00e1s mile p\u0159ekvap\u00ed! Nav\u00edc chutn\u00e1 v\u00fdborn\u011b jak tepl\u00e1, tak i kr\u00e1sn\u011b osv\u011b\u017e\u00ed, pokud je pod\u00e1van\u00e1 vychlazen\u00e1.","breadcrumb":{"@id":"https:\/\/1001voyagesgourmands.com\/cs\/cuketova-polevka-s-matou-a-fetou\/#breadcrumb"},"inLanguage":"cs","potentialAction":[{"@type":"ReadAction","target":["https:\/\/1001voyagesgourmands.com\/cs\/cuketova-polevka-s-matou-a-fetou\/"]}]},{"@type":"ImageObject","inLanguage":"cs","@id":"https:\/\/1001voyagesgourmands.com\/cs\/cuketova-polevka-s-matou-a-fetou\/#primaryimage","url":"https:\/\/1001voyagesgourmands.com\/wp-content\/uploads\/2017\/08\/Cuketova_polevka_s_matou_a_fetou-4-2.jpg","contentUrl":"https:\/\/1001voyagesgourmands.com\/wp-content\/uploads\/2017\/08\/Cuketova_polevka_s_matou_a_fetou-4-2.jpg","width":1000,"height":1500,"caption":"Letn\u00ed cuketov\u00e1 pol\u00e9vka s m\u00e1tou a fetou v\u00e1s mile p\u0159ekvap\u00ed! Nav\u00edc chutn\u00e1 v\u00fdborn\u011b jak tepl\u00e1, tak i kr\u00e1sn\u011b osv\u011b\u017e\u00ed, pokud je pod\u00e1van\u00e1 vychlazen\u00e1."},{"@type":"BreadcrumbList","@id":"https:\/\/1001voyagesgourmands.com\/cs\/cuketova-polevka-s-matou-a-fetou\/#breadcrumb","itemListElement":[{"@type":"ListItem","position":1,"name":"Dom\u016f","item":"https:\/\/1001voyagesgourmands.com\/cs\/"},{"@type":"ListItem","position":2,"name":"Letn\u00ed cuketov\u00e1 pol\u00e9vka s m\u00e1tou a fetou"}]},{"@type":"WebSite","@id":"https:\/\/1001voyagesgourmands.com\/cs\/#website","url":"https:\/\/1001voyagesgourmands.com\/cs\/","name":"1001 Voyages Gourmands","description":"Food | Travel | Photography","potentialAction":[{"@type":"SearchAction","target":{"@type":"EntryPoint","urlTemplate":"https:\/\/1001voyagesgourmands.com\/cs\/?s={search_term_string}"},"query-input":{"@type":"PropertyValueSpecification","valueRequired":true,"valueName":"search_term_string"}}],"inLanguage":"cs"},{"@type":"Person","@id":"https:\/\/1001voyagesgourmands.com\/cs\/#\/schema\/person\/62e0e7238fcf7482b23bf83e1b72ff1b","name":"Michaela","image":{"@type":"ImageObject","inLanguage":"cs","@id":"https:\/\/1001voyagesgourmands.com\/cs\/#\/schema\/person\/image\/","url":"https:\/\/secure.gravatar.com\/avatar\/73fa562a5b0ce269ca480f67de504b8ecac054a121d170e226f1b79e02024cb8?s=96&d=mm&r=g","contentUrl":"https:\/\/secure.gravatar.com\/avatar\/73fa562a5b0ce269ca480f67de504b8ecac054a121d170e226f1b79e02024cb8?s=96&d=mm&r=g","caption":"Michaela"},"sameAs":["http:\/\/1001voyagesgourmands.com"]}]}},"_links":{"self":[{"href":"https:\/\/1001voyagesgourmands.com\/cs\/wp-json\/wp\/v2\/posts\/17836","targetHints":{"allow":["GET"]}}],"collection":[{"href":"https:\/\/1001voyagesgourmands.com\/cs\/wp-json\/wp\/v2\/posts"}],"about":[{"href":"https:\/\/1001voyagesgourmands.com\/cs\/wp-json\/wp\/v2\/types\/post"}],"author":[{"embeddable":true,"href":"https:\/\/1001voyagesgourmands.com\/cs\/wp-json\/wp\/v2\/users\/1"}],"replies":[{"embeddable":true,"href":"https:\/\/1001voyagesgourmands.com\/cs\/wp-json\/wp\/v2\/comments?post=17836"}],"version-history":[{"count":1,"href":"https:\/\/1001voyagesgourmands.com\/cs\/wp-json\/wp\/v2\/posts\/17836\/revisions"}],"predecessor-version":[{"id":22184,"href":"https:\/\/1001voyagesgourmands.com\/cs\/wp-json\/wp\/v2\/posts\/17836\/revisions\/22184"}],"wp:featuredmedia":[{"embeddable":true,"href":"https:\/\/1001voyagesgourmands.com\/cs\/wp-json\/wp\/v2\/media\/17879"}],"wp:attachment":[{"href":"https:\/\/1001voyagesgourmands.com\/cs\/wp-json\/wp\/v2\/media?parent=17836"}],"wp:term":[{"taxonomy":"category","embeddable":true,"href":"https:\/\/1001voyagesgourmands.com\/cs\/wp-json\/wp\/v2\/categories?post=17836"},{"taxonomy":"post_tag","embeddable":true,"href":"https:\/\/1001voyagesgourmands.com\/cs\/wp-json\/wp\/v2\/tags?post=17836"}],"curies":[{"name":"wp","href":"https:\/\/api.w.org\/{rel}","templated":true}]}}