{"id":17259,"date":"2017-08-28T08:00:11","date_gmt":"2017-08-28T06:00:11","guid":{"rendered":"http:\/\/1001voyagesgourmands.com\/?p=17259\/"},"modified":"2020-12-02T12:38:44","modified_gmt":"2020-12-02T11:38:44","slug":"25-zajimavosti-o-belgii","status":"publish","type":"post","link":"https:\/\/1001voyagesgourmands.com\/cs\/25-zajimavosti-o-belgii\/","title":{"rendered":"25 Zaj\u00edmavost\u00ed o Belgii"},"content":{"rendered":"<p style=\"text-align: justify;\">Te\u010f v l\u00e9t\u011b tomu bylo 7 let, co jsem po promoci p\u0159ilet\u011bla do Belgie &#8211; p\u016fvodn\u011b tedy na pr\u00e1zdniny, le\u010d bez zp\u00e1te\u010dn\u00ed letenky. Z pr\u00e1zdnin se stal rok, z roku dva a tak d\u00e1le&#8230; Kdo trochu \u010dtete m\u016fj blog, tak v\u00edte, jak to dopadlo: tahle zem\u011b \u010dokol\u00e1dov\u00fdch pralinek a hranolek a tis\u00edce druh\u016f piv&nbsp;Belgie m\u011b adoptovala. Na po\u010dest tohoto v\u00fdro\u010d\u00ed bych v\u00e1m ji tady na blogu zas r\u00e1da n\u011bjak p\u0159ibl\u00ed\u017eila, a tak m\u011b napadlo v\u00e1m sem d\u00e1t 25 zaj\u00edmavost\u00ed o Belgii, z nich\u017e n\u011bkter\u00e9 mo\u017en\u00e1 v\u00edte, ale jin\u00e9 jste t\u0159eba ani netu\u0161ili. Tak schv\u00e1ln\u011b. Jste p\u0159ipraveni?<\/p>\n<p>&nbsp;<\/p>\n<h2><span style=\"text-decoration: underline;\">Tady je 25 zaj\u00edmavost\u00ed o Belgii<\/span><\/h2>\n<p style=\"text-align: justify;\">1. Belgie je <strong>jedna z nejliber\u00e1ln\u011bj\u0161\u00edch zem\u00ed<\/strong> na sv\u011bt\u011b. Tak nap\u0159\u00edklad v roce 1990 tu byl p\u0159ijat z\u00e1kon povoluj\u00edc\u00ed potraty, v roce 2002 se zde zlegalizovala eutan\u00e1zie a o rok pozd\u011bji se Belgie stala druhou zem\u00ed na sv\u011bt\u011b, kter\u00e1 povoluje svatbu mezi dv\u011bma osobami stejn\u00e9ho pohlav\u00ed.<\/p>\n<p style=\"text-align: justify;\">2.&nbsp;Hustota osv\u011btlen\u00ed belgick\u00fdch silnic a d\u00e1lnic je tak siln\u00e1, \u017ee je no\u010dn\u00ed Belgie <strong>jednou z nejosv\u00edcen\u011bj\u0161\u00edch zem\u00ed<\/strong> p\u0159i pohledu z M\u011bs\u00edce.<\/p>\n<p style=\"text-align: justify;\">3.&nbsp;Belgie vyprodukovala <strong>v\u00edce autor\u016f komiksu<\/strong> <strong>na km2 ne\u017eli jak\u00e1koliv jin\u00e1 zem\u011b<\/strong> na sv\u011bt\u011b (v\u010detn\u011b Japonska). Mezi nejzn\u00e1m\u011bj\u0161\u00ed komiksov\u00e9 hrdiny belgick\u00fdch autor\u016f pat\u0159\u00ed p\u0159edev\u0161\u00edm Tintin nebo \u0160moulov\u00e9. <em>(Pokud m\u00e1te r\u00e1di komiks, nenechte si v Bruselu uj\u00edt jednu milou atrakci &#8211; a sice <a href=\"http:\/\/1001voyagesgourmands.com\/bruselska-komiksova-trasa\/\">proch\u00e1zku po stop\u00e1ch komiksov\u00fdch hrdin\u016f<\/a>.)<\/em><\/p>\n<p><img loading=\"lazy\" decoding=\"async\" class=\"aligncenter wp-image-17284 size-full\" src=\"http:\/\/1001voyagesgourmands.com\/wp-content\/uploads\/2017\/07\/25_zajimavosti_o_Belgii-9.jpg\" alt=\"Tady je 25 zaj\u00edmavost\u00ed o Belgii, z nich\u017e o n\u011bkter\u00fdch mo\u017en\u00e1 v\u00edte, ale jin\u00e9 v\u00e1s p\u0159ekvap\u00ed. A ne, nen\u00ed to jen o \u010dokol\u00e1d\u011b \u010di pivu.\" width=\"1000\" height=\"1000\" srcset=\"https:\/\/1001voyagesgourmands.com\/wp-content\/uploads\/2017\/07\/25_zajimavosti_o_Belgii-9.jpg 1000w, https:\/\/1001voyagesgourmands.com\/wp-content\/uploads\/2017\/07\/25_zajimavosti_o_Belgii-9-585x585.jpg 585w, https:\/\/1001voyagesgourmands.com\/wp-content\/uploads\/2017\/07\/25_zajimavosti_o_Belgii-9-300x300.jpg 300w, https:\/\/1001voyagesgourmands.com\/wp-content\/uploads\/2017\/07\/25_zajimavosti_o_Belgii-9-768x768.jpg 768w, https:\/\/1001voyagesgourmands.com\/wp-content\/uploads\/2017\/07\/25_zajimavosti_o_Belgii-9-640x640.jpg 640w\" sizes=\"auto, (max-width: 1000px) 100vw, 1000px\" \/><\/p>\n<p style=\"text-align: justify;\">4.&nbsp;Slovo <strong><em>spa<\/em> <\/strong>(l\u00e1zn\u011b) poch\u00e1z\u00ed z belgick\u00e9ho m\u011bsta jm\u00e9nem Spa, kde byl v 18. stolet\u00ed otev\u0159en prvn\u00ed l\u00e1ze\u0148sk\u00fd rezort.&nbsp;<\/p>\n<p style=\"text-align: justify;\">5.&nbsp;Belgie produkuje na <strong>800 r\u016fzn\u00fdch druh\u016f piv<\/strong> a n\u011bkte\u0159\u00ed tvrd\u00ed, \u017ee toto je pouze odhad a celkov\u00e9 \u010d\u00edslo je o dost vy\u0161\u0161\u00ed.<\/p>\n<p>6.&nbsp;<strong>Saxofon<\/strong> byl vynalezen Adolphem Saxem v belgick\u00e9m m\u011bst\u011b Dinant ve 40. letech 19. stolet\u00ed.<\/p>\n<p><img loading=\"lazy\" decoding=\"async\" class=\"aligncenter wp-image-17277 size-full\" src=\"http:\/\/1001voyagesgourmands.com\/wp-content\/uploads\/2017\/07\/25_zajimavosti_o_Belgii-1.jpg\" alt=\"Tady je 25 zaj\u00edmavost\u00ed o Belgii, z nich\u017e o n\u011bkter\u00fdch mo\u017en\u00e1 v\u00edte, ale jin\u00e9 v\u00e1s p\u0159ekvap\u00ed. A ne, nen\u00ed to jen o \u010dokol\u00e1d\u011b \u010di pivu.\" width=\"1000\" height=\"667\" srcset=\"https:\/\/1001voyagesgourmands.com\/wp-content\/uploads\/2017\/07\/25_zajimavosti_o_Belgii-1.jpg 1000w, https:\/\/1001voyagesgourmands.com\/wp-content\/uploads\/2017\/07\/25_zajimavosti_o_Belgii-1-300x200.jpg 300w, https:\/\/1001voyagesgourmands.com\/wp-content\/uploads\/2017\/07\/25_zajimavosti_o_Belgii-1-768x512.jpg 768w, https:\/\/1001voyagesgourmands.com\/wp-content\/uploads\/2017\/07\/25_zajimavosti_o_Belgii-1-585x390.jpg 585w, https:\/\/1001voyagesgourmands.com\/wp-content\/uploads\/2017\/07\/25_zajimavosti_o_Belgii-1-263x175.jpg 263w\" sizes=\"auto, (max-width: 1000px) 100vw, 1000px\" \/><\/p>\n<p style=\"text-align: justify;\">7. V letech 2010-2011 Belgie prolomila sv\u011btov\u00fd <strong>rekord v d\u00e9lce fungov\u00e1n\u00ed demokracie bez ofici\u00e1ln\u00ed vl\u00e1dy<\/strong> \u2013 cel\u00fdch 541 dn\u00ed. D\u016fvod byl ten, \u017ee se Vl\u00e1mov\u00e9 a Valoni nedok\u00e1zali domluvit na n\u011bjak\u00fdch bodech a zformovat tak vl\u00e1dnouc\u00ed koalici. Bezvl\u00e1dn\u00ed obdob\u00ed skon\u010dilo zvolen\u00edm nov\u00e9ho p\u0159edsedy vl\u00e1dy samotn\u00fdm kr\u00e1lem.<\/p>\n<p style=\"text-align: justify;\">8. V prosinci 2011 se tak Elio Di Rupo stal prvn\u00edm belgick\u00fdm p\u0159edsedou vl\u00e1dy, kter\u00fd nebyl synem belgick\u00fdch rod\u00e1k\u016f, ale tak\u00e9 <strong>prvn\u00edm evropsk\u00fdm p\u0159edsedou vl\u00e1dy, jen\u017e byl otev\u0159en\u011b gay<\/strong>.<\/p>\n<p style=\"text-align: justify;\">9. Belgick\u00e9 Antverpy jsou sv\u011btov\u00e9 <strong>centrum diamantov\u00e9ho prumyslu<\/strong>. N\u011bco kolem 90% v\u0161ech hrub\u00fdch diamant\u016f proch\u00e1z\u00ed antverpskou diamantovou \u010dtvrt\u00ed, kde se s diamanty obchoduje ji\u017e od 15. stolet\u00ed. <em>(Kr\u00e1sn\u00e9 m\u011bsto Antverpy jsem v\u00e1m jinak p\u0159edstavila <a href=\"http:\/\/1001voyagesgourmands.com\/co-videt-podniknout-v-antverpach\/\">v jednom z minul\u00fdch \u010dl\u00e1nk\u016f<\/a>.)<\/em><\/p>\n<p style=\"text-align: justify;\"><img loading=\"lazy\" decoding=\"async\" class=\"aligncenter size-full wp-image-17281\" src=\"http:\/\/1001voyagesgourmands.com\/wp-content\/uploads\/2017\/07\/25_zajimavosti_o_Belgii-6.jpg\" alt=\"Tady je p\u00e1r zaj\u00edmav\u00fdch fakt\u016f o Belgii, z nich\u017e o n\u011bkter\u00fdch mo\u017en\u00e1 v\u00edte, ale jin\u00e9 v\u00e1s p\u0159ekvap\u00ed. A ne, nen\u00ed to jen o \u010dokol\u00e1d\u011b \u010di pivu.\" width=\"1000\" height=\"663\" srcset=\"https:\/\/1001voyagesgourmands.com\/wp-content\/uploads\/2017\/07\/25_zajimavosti_o_Belgii-6.jpg 1000w, https:\/\/1001voyagesgourmands.com\/wp-content\/uploads\/2017\/07\/25_zajimavosti_o_Belgii-6-263x175.jpg 263w, https:\/\/1001voyagesgourmands.com\/wp-content\/uploads\/2017\/07\/25_zajimavosti_o_Belgii-6-800x530.jpg 800w, https:\/\/1001voyagesgourmands.com\/wp-content\/uploads\/2017\/07\/25_zajimavosti_o_Belgii-6-300x199.jpg 300w, https:\/\/1001voyagesgourmands.com\/wp-content\/uploads\/2017\/07\/25_zajimavosti_o_Belgii-6-768x509.jpg 768w, https:\/\/1001voyagesgourmands.com\/wp-content\/uploads\/2017\/07\/25_zajimavosti_o_Belgii-6-780x516.jpg 780w, https:\/\/1001voyagesgourmands.com\/wp-content\/uploads\/2017\/07\/25_zajimavosti_o_Belgii-6-585x388.jpg 585w\" sizes=\"auto, (max-width: 1000px) 100vw, 1000px\" \/><\/p>\n<p style=\"text-align: justify;\">10. <strong>Dan\u011b z p\u0159\u00edjmu jsou zde jedny z nejvy\u0161\u0161\u00edch<\/strong> v Evrop\u011b \u2013 pr\u016fm\u011brn\u00e9 zdan\u011bn\u00ed pro lidi s d\u011btmi je 40% hrub\u00e9ho p\u0159\u00edjmu a pro bezd\u011btn\u00e9 je to 55%. Pod\u00edl dan\u00ed na HDP zem\u011b tvo\u0159\u00ed 45%, co\u017e je jeden z nejvy\u0161\u0161\u00edch v EU.<\/p>\n<p style=\"text-align: justify;\">11. Belgick\u00e1 pob\u0159e\u017en\u00ed tramvaj (Kusttram) je <strong>nejdel\u0161\u00ed tramvajov\u00e1 linka na sv\u011bt\u011b<\/strong>. Operuje mezi De Panne (u hranic s Franci\u00ed) a Knokke-Heist (u hranic s Holandskem), m\u00e1 68 zast\u00e1vek a m\u011b\u0159\u00ed 68 km. (<em>O belgick\u00e9m pob\u0159e\u017e\u00ed se do\u010dtete v\u00edce <a href=\"http:\/\/1001voyagesgourmands.com\/belgicke-pobrezi\/\">zde<\/a>.)<\/em><\/p>\n<p style=\"text-align: justify;\">12. V Belgii najdeme na <strong>3000 hrad\u016f<\/strong> \u2013 od st\u0159edov\u011bkk\u00fdch pevnost\u00ed po residen\u010dn\u00ed z\u00e1mky. Co se t\u00fdk\u00e1 hustoty hrad\u016f na kilometr \u010dtvere\u010dn\u00ed, Belgie m\u00e1 jednu z nejvy\u0161\u0161\u00edch na sv\u011bt\u011b. Nutno dodat, ze hodn\u011b jich je v soukrom\u00e9m vlastnictv\u00ed.<\/p>\n<p style=\"text-align: justify;\"><img loading=\"lazy\" decoding=\"async\" class=\"aligncenter size-full wp-image-17282\" src=\"http:\/\/1001voyagesgourmands.com\/wp-content\/uploads\/2017\/07\/25_zajimavosti_o_Belgii-7.jpg\" alt=\"Tady je p\u00e1r zaj\u00edmav\u00fdch fakt\u016f o Belgii, z nich\u017e o n\u011bkter\u00fdch mo\u017en\u00e1 v\u00edte, ale jin\u00e9 v\u00e1s p\u0159ekvap\u00ed. A ne, nen\u00ed to jen o \u010dokol\u00e1d\u011b \u010di pivu.\" width=\"1000\" height=\"662\" srcset=\"https:\/\/1001voyagesgourmands.com\/wp-content\/uploads\/2017\/07\/25_zajimavosti_o_Belgii-7.jpg 1000w, https:\/\/1001voyagesgourmands.com\/wp-content\/uploads\/2017\/07\/25_zajimavosti_o_Belgii-7-263x175.jpg 263w, https:\/\/1001voyagesgourmands.com\/wp-content\/uploads\/2017\/07\/25_zajimavosti_o_Belgii-7-800x530.jpg 800w, https:\/\/1001voyagesgourmands.com\/wp-content\/uploads\/2017\/07\/25_zajimavosti_o_Belgii-7-300x199.jpg 300w, https:\/\/1001voyagesgourmands.com\/wp-content\/uploads\/2017\/07\/25_zajimavosti_o_Belgii-7-768x508.jpg 768w, https:\/\/1001voyagesgourmands.com\/wp-content\/uploads\/2017\/07\/25_zajimavosti_o_Belgii-7-780x516.jpg 780w, https:\/\/1001voyagesgourmands.com\/wp-content\/uploads\/2017\/07\/25_zajimavosti_o_Belgii-7-585x387.jpg 585w\" sizes=\"auto, (max-width: 1000px) 100vw, 1000px\" \/><\/p>\n<p style=\"text-align: justify;\">13. V Belgii se ka\u017ed\u00fdm rokem po\u0159\u00e1d\u00e1 <strong>nejv\u00edce hudebn\u00edch a pouli\u010dn\u00edch festival\u016f<\/strong> v cel\u00e9 Evrop\u011b, v\u010detn\u011b sv\u011btov\u011b proslul\u00e9ho Tomorrowland.<\/p>\n<p style=\"text-align: justify;\">14.&nbsp;<strong>Procento m\u011bstsk\u00e9 populace<\/strong> dosahuje v&nbsp;Belgii 97%, co\u017e je nejv\u00edce z&nbsp;cel\u00e9 Evropy hned po Monaku. Je to d\u00e1no t\u00edm, \u017ee m\u011bsta jsou zde hodn\u011b bl\u00edzko sebe.<\/p>\n<p style=\"text-align: justify;\">15.&nbsp;Jm\u00e9no pro spole\u010dnou evropskou m\u011bnu, <strong>Euro<\/strong>, bylo navr\u017eeno Evropsk\u00e9 komisi Belgi\u00ed a byl to tak\u00e9 Belgi\u010dan (Alain Billiet), kdo navrhl jej\u00ed symbol. A jako by to je\u0161t\u011b nesta\u010dilo, byl to op\u011bt Belgi\u010dan (Luc Luycx), kdo navrhl spole\u010dnou stranu Euro minc\u00ed zn\u00e1zor\u0148uj\u00edc\u00ed Evropskou Unii a symbolizuj\u00edc\u00ed Evropskou jednotu.&nbsp; &nbsp;<\/p>\n<p style=\"text-align: justify;\"><img loading=\"lazy\" decoding=\"async\" class=\"aligncenter size-full wp-image-17283\" src=\"http:\/\/1001voyagesgourmands.com\/wp-content\/uploads\/2017\/07\/25_zajimavosti_o_Belgii-8.jpg\" alt=\"Tady je p\u00e1r zaj\u00edmav\u00fdch fakt\u016f o Belgii, z nich\u017e o n\u011bkter\u00fdch mo\u017en\u00e1 v\u00edte, ale jin\u00e9 v\u00e1s p\u0159ekvap\u00ed. A ne, nen\u00ed to jen o \u010dokol\u00e1d\u011b \u010di pivu.\" width=\"1000\" height=\"1000\" srcset=\"https:\/\/1001voyagesgourmands.com\/wp-content\/uploads\/2017\/07\/25_zajimavosti_o_Belgii-8.jpg 1000w, https:\/\/1001voyagesgourmands.com\/wp-content\/uploads\/2017\/07\/25_zajimavosti_o_Belgii-8-585x585.jpg 585w, https:\/\/1001voyagesgourmands.com\/wp-content\/uploads\/2017\/07\/25_zajimavosti_o_Belgii-8-300x300.jpg 300w, https:\/\/1001voyagesgourmands.com\/wp-content\/uploads\/2017\/07\/25_zajimavosti_o_Belgii-8-768x768.jpg 768w, https:\/\/1001voyagesgourmands.com\/wp-content\/uploads\/2017\/07\/25_zajimavosti_o_Belgii-8-640x640.jpg 640w\" sizes=\"auto, (max-width: 1000px) 100vw, 1000px\" \/><\/p>\n<p style=\"text-align: justify;\">16. <strong>Volit<\/strong> je pro belgick\u00e9 ob\u010dany povinnost a obdobn\u011b je tomu tak pouze v p\u00e1r dal\u0161\u00edch zem\u00edch na sv\u011bt\u011b.<\/p>\n<p style=\"text-align: justify;\">17. Historie v\u00fdroby belgick\u00e9 \u010dokol\u00e1dy sah\u00e1 a\u017e do roku 1635. Dnes zem\u011b produkuje <strong>220 tis. tun \u010dokol\u00e1dy<\/strong> ro\u010dn\u011b.<\/p>\n<p style=\"text-align: justify;\">18. Na\u0161t\u011bst\u00ed to Belgi\u010dan\u00e9 v\u0161e nesn\u00ed &#8211; \u010dokol\u00e1da je odsud vyv\u00e1\u017een\u00e1 jako typick\u00fd suven\u00fdr a bruselsk\u00e9 leti\u0161t\u011b je <strong>nejv\u011bt\u0161\u00edm prodejn\u00edm m\u00edstem \u010dokol\u00e1dy na sv\u011bt\u011b<\/strong>!<\/p>\n<p style=\"text-align: justify;\">19. Ale sp\u00ed\u0161e ne\u017e \u010dokol\u00e1da proslavily Belgii <strong>pralinky<\/strong>, vynalezen\u00e9 v Bruselu v roce 1912 g\u00e9niem nesouc\u00edm jm\u00e9no Jean Neuhaus. Firma Neuhaus vyr\u00e1b\u00ed i dnes jedny z nejlep\u0161\u00edch pralinek na sv\u011bt\u011b.<br \/>\n&nbsp;<br \/>\n<img loading=\"lazy\" decoding=\"async\" class=\"aligncenter size-full wp-image-17371\" src=\"http:\/\/1001voyagesgourmands.com\/wp-content\/uploads\/2017\/07\/25_zajimavosti_o_Belgii-10.jpg\" alt=\"Tady je p\u00e1r zaj\u00edmav\u00fdch fakt\u016f o Belgii, z nich\u017e o n\u011bkter\u00fdch mo\u017en\u00e1 v\u00edte, ale jin\u00e9 v\u00e1s p\u0159ekvap\u00ed. A ne, nen\u00ed to jen o \u010dokol\u00e1d\u011b \u010di pivu.\" width=\"1000\" height=\"667\" srcset=\"https:\/\/1001voyagesgourmands.com\/wp-content\/uploads\/2017\/07\/25_zajimavosti_o_Belgii-10.jpg 1000w, https:\/\/1001voyagesgourmands.com\/wp-content\/uploads\/2017\/07\/25_zajimavosti_o_Belgii-10-263x175.jpg 263w, https:\/\/1001voyagesgourmands.com\/wp-content\/uploads\/2017\/07\/25_zajimavosti_o_Belgii-10-300x200.jpg 300w, https:\/\/1001voyagesgourmands.com\/wp-content\/uploads\/2017\/07\/25_zajimavosti_o_Belgii-10-768x512.jpg 768w, https:\/\/1001voyagesgourmands.com\/wp-content\/uploads\/2017\/07\/25_zajimavosti_o_Belgii-10-585x390.jpg 585w\" sizes=\"auto, (max-width: 1000px) 100vw, 1000px\" \/><\/p>\n<p style=\"text-align: justify;\">20. <strong>Nejvy\u0161\u0161\u00ed bod<\/strong> v Belgii je Signal de Botrange, je\u017e le\u017e\u00ed 694 metr\u016f nad mo\u0159em.&nbsp;<\/p>\n<p style=\"text-align: justify;\">21. Belgi\u010dana si nechcete vz\u00edt! <strong>M\u00edra rozvodu<\/strong> je v Belgii jedna z nejvy\u0161\u0161\u00edch v z\u00e1padn\u00ed Evrop\u011b. Belgie to dokonce co se t\u00fdk\u00e1 rozvod\u016f dot\u00e1hla do prvn\u00ed 10tky celosv\u011btov\u011b nejv\u00edce rozveden\u00fdch n\u00e1rod\u016f. Ka\u017ed\u00fdm rokem tu rozvodov\u00e9 pap\u00edry podep\u00ed\u0161e na 30 tis\u00edc lid\u00ed. Dokonce se te\u010f diskutuje o zru\u0161en\u00ed p\u0159\u00edprav na sv\u00e1tek matek a otc\u016f ve \u0161kol\u00e1ch.<\/p>\n<p style=\"text-align: justify;\">22. <strong>Nejmen\u0161\u00ed m\u011bsto na sv\u011bt\u011b<\/strong> najdeme kde? H\u00e1d\u00e1te spr\u00e1vn\u011b, v Belgii! \ud83d\ude42 Jmenuje se Durbuy a m\u00e1 n\u011bco kolem 500 obyvatel. Status m\u011bsta mu byl ud\u011blen ve stredov\u011bku a od t\u00e9 doby ho neztratil, zat\u00edmco po\u010det obyvatel ano.<\/p>\n<p style=\"text-align: justify;\"><img loading=\"lazy\" decoding=\"async\" class=\"aligncenter size-full wp-image-17279\" src=\"http:\/\/1001voyagesgourmands.com\/wp-content\/uploads\/2017\/07\/25_zajimavosti_o_Belgii-3.jpg\" alt=\"Tady je p\u00e1r zaj\u00edmav\u00fdch fakt\u016f o Belgii, z nich\u017e o n\u011bkter\u00fdch mo\u017en\u00e1 v\u00edte, ale jin\u00e9 v\u00e1s p\u0159ekvap\u00ed. A ne, nen\u00ed to jen o \u010dokol\u00e1d\u011b \u010di pivu.\" width=\"999\" height=\"662\" srcset=\"https:\/\/1001voyagesgourmands.com\/wp-content\/uploads\/2017\/07\/25_zajimavosti_o_Belgii-3.jpg 999w, https:\/\/1001voyagesgourmands.com\/wp-content\/uploads\/2017\/07\/25_zajimavosti_o_Belgii-3-263x175.jpg 263w, https:\/\/1001voyagesgourmands.com\/wp-content\/uploads\/2017\/07\/25_zajimavosti_o_Belgii-3-800x530.jpg 800w, https:\/\/1001voyagesgourmands.com\/wp-content\/uploads\/2017\/07\/25_zajimavosti_o_Belgii-3-300x199.jpg 300w, https:\/\/1001voyagesgourmands.com\/wp-content\/uploads\/2017\/07\/25_zajimavosti_o_Belgii-3-768x509.jpg 768w, https:\/\/1001voyagesgourmands.com\/wp-content\/uploads\/2017\/07\/25_zajimavosti_o_Belgii-3-780x516.jpg 780w, https:\/\/1001voyagesgourmands.com\/wp-content\/uploads\/2017\/07\/25_zajimavosti_o_Belgii-3-585x388.jpg 585w\" sizes=\"auto, (max-width: 999px) 100vw, 999px\" \/><\/p>\n<p style=\"text-align: justify;\">23. Pokud hrajete kule\u010dn\u00edk, m\u011bli byste v\u011bd\u011bt, \u017ee<strong> 80% aramitov\u00fdch koul\u00ed je vyr\u00e1b\u011bno v Belgii<\/strong>.<\/p>\n<p style=\"text-align: justify;\">24. <strong>BMI (Body Mass Index)<\/strong> byl vynalezen v roce 1832 belgick\u00fdm statistikem jm\u00e9nem Adolphe Quetelet, jako\u017eto Quetelet Index. V roce 1995 ho Sv\u011btov\u00e1 zdravotnick\u00e1 organizace p\u0159ijala jako index relativn\u00ed v\u00e1hy a p\u0159ejmenovala ho na Body Mass Index, \u010dili BMI, za \u00fa\u010delem stanoven\u00ed m\u00edry obezity.<\/p>\n<p style=\"text-align: justify;\">25. A posledn\u00ed zaj\u00edmavost, na kterou Belgi\u010dan\u00e9 py\u0161n\u00ed nejsou, je fakt, ze Belgie poskytla <strong>uran na v\u00fdrobu A-Bomby<\/strong>, kterou Ameri\u010dan\u00e9 svrhli na Hiro\u0161imu. Uran poch\u00e1zel z Konga, b\u00fdval\u00e9 belgick\u00e9 kolonie.<\/p>\n<p>&nbsp;<\/p>\n<hr>\n<p style=\"text-align: justify;\"><em>Tak to by byl m\u016fj v\u00fdb\u011br 25 zaj\u00edmavost\u00ed o Belgii. Douf\u00e1m, \u017ee jste v&nbsp;\u010dl\u00e1nku na\u0161li n\u011bco, co jste dosud nev\u011bd\u011bli a n\u011bjak v\u00e1s p\u0159e\u010dten\u00ed obohatilo. P\u0159ekvapilo v\u00e1s n\u011bco z toho v\u00fd\u010dtu? P\u0159i psan\u00ed \u010dl\u00e1nku jsem sice d\u011blala men\u0161\u00ed pr\u016fzkum, ale je mo\u017en\u00e9, \u017ee mi n\u011bco uniklo. Pokud chcete n\u011bco dodat nebo v\u00edte o jin\u00fdch zaj\u00edmavostech o Belgii, sem s&nbsp;koment\u00e1\u0159i &#8211; t\u011b\u0161\u00edm se na ka\u017edou va\u0161\u00ed reakci! \ud83d\ude42&nbsp;<\/em><\/p>\n<p><em>Pokud se v\u00e1m \u010dl\u00e1nek l\u00edbil, nev\u00e1hejte ho sd\u00edlet d\u00e1le, budu moc r\u00e1da!&nbsp;<\/em><\/p>\n<p style=\"text-align: center;\"><strong>PIN ME!<\/strong><\/p>\n<p><img loading=\"lazy\" decoding=\"async\" class=\"aligncenter wp-image-17911\" src=\"http:\/\/1001voyagesgourmands.com\/wp-content\/uploads\/2017\/08\/25_zajimavosti_o_Belgii-PIN-1-683x1024.jpg\" alt=\"Tady je 25 zaj\u00edmavost\u00ed o Belgii, z nich\u017e o n\u011bkter\u00fdch mo\u017en\u00e1 v\u00edte, ale jin\u00e9 v\u00e1s p\u0159ekvap\u00ed. A ne, nen\u00ed to jen o \u010dokol\u00e1d\u011b \u010di pivu.\" width=\"501\" height=\"751\" srcset=\"https:\/\/1001voyagesgourmands.com\/wp-content\/uploads\/2017\/08\/25_zajimavosti_o_Belgii-PIN-1-683x1024.jpg 683w, https:\/\/1001voyagesgourmands.com\/wp-content\/uploads\/2017\/08\/25_zajimavosti_o_Belgii-PIN-1-200x300.jpg 200w, https:\/\/1001voyagesgourmands.com\/wp-content\/uploads\/2017\/08\/25_zajimavosti_o_Belgii-PIN-1-585x877.jpg 585w, https:\/\/1001voyagesgourmands.com\/wp-content\/uploads\/2017\/08\/25_zajimavosti_o_Belgii-PIN-1.jpg 735w\" sizes=\"auto, (max-width: 501px) 100vw, 501px\" \/><\/p>\n","protected":false},"excerpt":{"rendered":"<p>Te\u010f v l\u00e9t\u011b tomu bylo 7 let, co jsem po promoci p\u0159ilet\u011bla do Belgie &#8211; p\u016fvodn\u011b tedy na pr\u00e1zdniny, le\u010d bez zp\u00e1te\u010dn\u00ed letenky. Z pr\u00e1zdnin se stal rok, z roku dva a tak d\u00e1le&#8230; Kdo trochu \u010dtete m\u016fj blog, tak v\u00edte, jak to dopadlo: tahle zem\u011b \u010dokol\u00e1dov\u00fdch pralinek a hranolek&hellip;<\/p>\n","protected":false},"author":1,"featured_media":17911,"comment_status":"open","ping_status":"open","sticky":false,"template":"","format":"standard","meta":{"_exactmetrics_skip_tracking":false,"_exactmetrics_sitenote_active":false,"_exactmetrics_sitenote_note":"","_exactmetrics_sitenote_category":0,"_lmt_disableupdate":"","_lmt_disable":"","footnotes":""},"categories":[362,4,641,19],"tags":[],"class_list":["post-17259","post","type-post","status-publish","format-standard","has-post-thumbnail","hentry","category-belgie","category-cestovani","category-journal-cz","category-zivot-v-belgii"],"yoast_head":"<!-- This site is optimized with the Yoast SEO plugin v26.1.1 - https:\/\/yoast.com\/wordpress\/plugins\/seo\/ -->\n<title>25 Zaj\u00edmavost\u00ed o Belgii - 1001 Voyages Gourmands<\/title>\n<meta name=\"description\" content=\"Tady je 25 zaj\u00edmavost\u00ed o Belgii, z nich\u017e o n\u011bkter\u00fdch mo\u017en\u00e1 v\u00edte, ale jin\u00e9 v\u00e1s p\u0159ekvap\u00ed. A ne, nen\u00ed to jen o \u010dokol\u00e1d\u011b \u010di pivu.\" \/>\n<meta name=\"robots\" content=\"index, follow, max-snippet:-1, max-image-preview:large, max-video-preview:-1\" \/>\n<link rel=\"canonical\" href=\"https:\/\/1001voyagesgourmands.com\/cs\/25-zajimavosti-o-belgii\/\" \/>\n<meta property=\"og:locale\" content=\"cs_CZ\" \/>\n<meta property=\"og:type\" content=\"article\" \/>\n<meta property=\"og:title\" content=\"25 Zaj\u00edmavost\u00ed o Belgii - 1001 Voyages Gourmands\" \/>\n<meta property=\"og:description\" content=\"Tady je 25 zaj\u00edmavost\u00ed o Belgii, z nich\u017e o n\u011bkter\u00fdch mo\u017en\u00e1 v\u00edte, ale jin\u00e9 v\u00e1s p\u0159ekvap\u00ed. A ne, nen\u00ed to jen o \u010dokol\u00e1d\u011b \u010di pivu.\" \/>\n<meta property=\"og:url\" content=\"https:\/\/1001voyagesgourmands.com\/cs\/25-zajimavosti-o-belgii\/\" \/>\n<meta property=\"og:site_name\" content=\"1001 Voyages Gourmands\" \/>\n<meta property=\"article:publisher\" content=\"https:\/\/www.facebook.com\/1001voyagesgourmands\" \/>\n<meta property=\"article:published_time\" content=\"2017-08-28T06:00:11+00:00\" \/>\n<meta property=\"article:modified_time\" content=\"2020-12-02T11:38:44+00:00\" \/>\n<meta property=\"og:image\" content=\"https:\/\/1001voyagesgourmands.com\/wp-content\/uploads\/2017\/08\/25_zajimavosti_o_Belgii-PIN-1.jpg\" \/>\n\t<meta property=\"og:image:width\" content=\"735\" \/>\n\t<meta property=\"og:image:height\" content=\"1102\" \/>\n\t<meta property=\"og:image:type\" content=\"image\/jpeg\" \/>\n<meta name=\"author\" content=\"Michaela\" \/>\n<meta name=\"twitter:card\" content=\"summary_large_image\" \/>\n<meta name=\"twitter:creator\" content=\"@michaela_1001vg\" \/>\n<meta name=\"twitter:site\" content=\"@michaela_1001vg\" \/>\n<meta name=\"twitter:label1\" content=\"Napsal(a)\" \/>\n\t<meta name=\"twitter:data1\" content=\"Michaela\" \/>\n\t<meta name=\"twitter:label2\" content=\"Odhadovan\u00e1 doba \u010dten\u00ed\" \/>\n\t<meta name=\"twitter:data2\" content=\"6 minut\" \/>\n<script type=\"application\/ld+json\" class=\"yoast-schema-graph\">{\"@context\":\"https:\/\/schema.org\",\"@graph\":[{\"@type\":\"WebPage\",\"@id\":\"https:\/\/1001voyagesgourmands.com\/cs\/25-zajimavosti-o-belgii\/\",\"url\":\"https:\/\/1001voyagesgourmands.com\/cs\/25-zajimavosti-o-belgii\/\",\"name\":\"25 Zaj\u00edmavost\u00ed o Belgii - 1001 Voyages Gourmands\",\"isPartOf\":{\"@id\":\"https:\/\/1001voyagesgourmands.com\/cs\/#website\"},\"primaryImageOfPage\":{\"@id\":\"https:\/\/1001voyagesgourmands.com\/cs\/25-zajimavosti-o-belgii\/#primaryimage\"},\"image\":{\"@id\":\"https:\/\/1001voyagesgourmands.com\/cs\/25-zajimavosti-o-belgii\/#primaryimage\"},\"thumbnailUrl\":\"https:\/\/1001voyagesgourmands.com\/wp-content\/uploads\/2017\/08\/25_zajimavosti_o_Belgii-PIN-1.jpg\",\"datePublished\":\"2017-08-28T06:00:11+00:00\",\"dateModified\":\"2020-12-02T11:38:44+00:00\",\"author\":{\"@id\":\"https:\/\/1001voyagesgourmands.com\/cs\/#\/schema\/person\/62e0e7238fcf7482b23bf83e1b72ff1b\"},\"description\":\"Tady je 25 zaj\u00edmavost\u00ed o Belgii, z nich\u017e o n\u011bkter\u00fdch mo\u017en\u00e1 v\u00edte, ale jin\u00e9 v\u00e1s p\u0159ekvap\u00ed. A ne, nen\u00ed to jen o \u010dokol\u00e1d\u011b \u010di pivu.\",\"breadcrumb\":{\"@id\":\"https:\/\/1001voyagesgourmands.com\/cs\/25-zajimavosti-o-belgii\/#breadcrumb\"},\"inLanguage\":\"cs\",\"potentialAction\":[{\"@type\":\"ReadAction\",\"target\":[\"https:\/\/1001voyagesgourmands.com\/cs\/25-zajimavosti-o-belgii\/\"]}]},{\"@type\":\"ImageObject\",\"inLanguage\":\"cs\",\"@id\":\"https:\/\/1001voyagesgourmands.com\/cs\/25-zajimavosti-o-belgii\/#primaryimage\",\"url\":\"https:\/\/1001voyagesgourmands.com\/wp-content\/uploads\/2017\/08\/25_zajimavosti_o_Belgii-PIN-1.jpg\",\"contentUrl\":\"https:\/\/1001voyagesgourmands.com\/wp-content\/uploads\/2017\/08\/25_zajimavosti_o_Belgii-PIN-1.jpg\",\"width\":735,\"height\":1102,\"caption\":\"Tady je 25 zaj\u00edmavost\u00ed o Belgii, z nich\u017e o n\u011bkter\u00fdch mo\u017en\u00e1 v\u00edte, ale jin\u00e9 v\u00e1s p\u0159ekvap\u00ed. A ne, nen\u00ed to jen o \u010dokol\u00e1d\u011b \u010di pivu.\"},{\"@type\":\"BreadcrumbList\",\"@id\":\"https:\/\/1001voyagesgourmands.com\/cs\/25-zajimavosti-o-belgii\/#breadcrumb\",\"itemListElement\":[{\"@type\":\"ListItem\",\"position\":1,\"name\":\"Dom\u016f\",\"item\":\"https:\/\/1001voyagesgourmands.com\/cs\/\"},{\"@type\":\"ListItem\",\"position\":2,\"name\":\"25 Zaj\u00edmavost\u00ed o Belgii\"}]},{\"@type\":\"WebSite\",\"@id\":\"https:\/\/1001voyagesgourmands.com\/cs\/#website\",\"url\":\"https:\/\/1001voyagesgourmands.com\/cs\/\",\"name\":\"1001 Voyages Gourmands\",\"description\":\"Food | Travel | Photography\",\"potentialAction\":[{\"@type\":\"SearchAction\",\"target\":{\"@type\":\"EntryPoint\",\"urlTemplate\":\"https:\/\/1001voyagesgourmands.com\/cs\/?s={search_term_string}\"},\"query-input\":{\"@type\":\"PropertyValueSpecification\",\"valueRequired\":true,\"valueName\":\"search_term_string\"}}],\"inLanguage\":\"cs\"},{\"@type\":\"Person\",\"@id\":\"https:\/\/1001voyagesgourmands.com\/cs\/#\/schema\/person\/62e0e7238fcf7482b23bf83e1b72ff1b\",\"name\":\"Michaela\",\"image\":{\"@type\":\"ImageObject\",\"inLanguage\":\"cs\",\"@id\":\"https:\/\/1001voyagesgourmands.com\/cs\/#\/schema\/person\/image\/\",\"url\":\"https:\/\/secure.gravatar.com\/avatar\/73fa562a5b0ce269ca480f67de504b8ecac054a121d170e226f1b79e02024cb8?s=96&d=mm&r=g\",\"contentUrl\":\"https:\/\/secure.gravatar.com\/avatar\/73fa562a5b0ce269ca480f67de504b8ecac054a121d170e226f1b79e02024cb8?s=96&d=mm&r=g\",\"caption\":\"Michaela\"},\"sameAs\":[\"http:\/\/1001voyagesgourmands.com\"]}]}<\/script>\n<!-- \/ Yoast SEO plugin. -->","yoast_head_json":{"title":"25 Zaj\u00edmavost\u00ed o Belgii - 1001 Voyages Gourmands","description":"Tady je 25 zaj\u00edmavost\u00ed o Belgii, z nich\u017e o n\u011bkter\u00fdch mo\u017en\u00e1 v\u00edte, ale jin\u00e9 v\u00e1s p\u0159ekvap\u00ed. A ne, nen\u00ed to jen o \u010dokol\u00e1d\u011b \u010di pivu.","robots":{"index":"index","follow":"follow","max-snippet":"max-snippet:-1","max-image-preview":"max-image-preview:large","max-video-preview":"max-video-preview:-1"},"canonical":"https:\/\/1001voyagesgourmands.com\/cs\/25-zajimavosti-o-belgii\/","og_locale":"cs_CZ","og_type":"article","og_title":"25 Zaj\u00edmavost\u00ed o Belgii - 1001 Voyages Gourmands","og_description":"Tady je 25 zaj\u00edmavost\u00ed o Belgii, z nich\u017e o n\u011bkter\u00fdch mo\u017en\u00e1 v\u00edte, ale jin\u00e9 v\u00e1s p\u0159ekvap\u00ed. A ne, nen\u00ed to jen o \u010dokol\u00e1d\u011b \u010di pivu.","og_url":"https:\/\/1001voyagesgourmands.com\/cs\/25-zajimavosti-o-belgii\/","og_site_name":"1001 Voyages Gourmands","article_publisher":"https:\/\/www.facebook.com\/1001voyagesgourmands","article_published_time":"2017-08-28T06:00:11+00:00","article_modified_time":"2020-12-02T11:38:44+00:00","og_image":[{"width":735,"height":1102,"url":"https:\/\/1001voyagesgourmands.com\/wp-content\/uploads\/2017\/08\/25_zajimavosti_o_Belgii-PIN-1.jpg","type":"image\/jpeg"}],"author":"Michaela","twitter_card":"summary_large_image","twitter_creator":"@michaela_1001vg","twitter_site":"@michaela_1001vg","twitter_misc":{"Napsal(a)":"Michaela","Odhadovan\u00e1 doba \u010dten\u00ed":"6 minut"},"schema":{"@context":"https:\/\/schema.org","@graph":[{"@type":"WebPage","@id":"https:\/\/1001voyagesgourmands.com\/cs\/25-zajimavosti-o-belgii\/","url":"https:\/\/1001voyagesgourmands.com\/cs\/25-zajimavosti-o-belgii\/","name":"25 Zaj\u00edmavost\u00ed o Belgii - 1001 Voyages Gourmands","isPartOf":{"@id":"https:\/\/1001voyagesgourmands.com\/cs\/#website"},"primaryImageOfPage":{"@id":"https:\/\/1001voyagesgourmands.com\/cs\/25-zajimavosti-o-belgii\/#primaryimage"},"image":{"@id":"https:\/\/1001voyagesgourmands.com\/cs\/25-zajimavosti-o-belgii\/#primaryimage"},"thumbnailUrl":"https:\/\/1001voyagesgourmands.com\/wp-content\/uploads\/2017\/08\/25_zajimavosti_o_Belgii-PIN-1.jpg","datePublished":"2017-08-28T06:00:11+00:00","dateModified":"2020-12-02T11:38:44+00:00","author":{"@id":"https:\/\/1001voyagesgourmands.com\/cs\/#\/schema\/person\/62e0e7238fcf7482b23bf83e1b72ff1b"},"description":"Tady je 25 zaj\u00edmavost\u00ed o Belgii, z nich\u017e o n\u011bkter\u00fdch mo\u017en\u00e1 v\u00edte, ale jin\u00e9 v\u00e1s p\u0159ekvap\u00ed. A ne, nen\u00ed to jen o \u010dokol\u00e1d\u011b \u010di pivu.","breadcrumb":{"@id":"https:\/\/1001voyagesgourmands.com\/cs\/25-zajimavosti-o-belgii\/#breadcrumb"},"inLanguage":"cs","potentialAction":[{"@type":"ReadAction","target":["https:\/\/1001voyagesgourmands.com\/cs\/25-zajimavosti-o-belgii\/"]}]},{"@type":"ImageObject","inLanguage":"cs","@id":"https:\/\/1001voyagesgourmands.com\/cs\/25-zajimavosti-o-belgii\/#primaryimage","url":"https:\/\/1001voyagesgourmands.com\/wp-content\/uploads\/2017\/08\/25_zajimavosti_o_Belgii-PIN-1.jpg","contentUrl":"https:\/\/1001voyagesgourmands.com\/wp-content\/uploads\/2017\/08\/25_zajimavosti_o_Belgii-PIN-1.jpg","width":735,"height":1102,"caption":"Tady je 25 zaj\u00edmavost\u00ed o Belgii, z nich\u017e o n\u011bkter\u00fdch mo\u017en\u00e1 v\u00edte, ale jin\u00e9 v\u00e1s p\u0159ekvap\u00ed. A ne, nen\u00ed to jen o \u010dokol\u00e1d\u011b \u010di pivu."},{"@type":"BreadcrumbList","@id":"https:\/\/1001voyagesgourmands.com\/cs\/25-zajimavosti-o-belgii\/#breadcrumb","itemListElement":[{"@type":"ListItem","position":1,"name":"Dom\u016f","item":"https:\/\/1001voyagesgourmands.com\/cs\/"},{"@type":"ListItem","position":2,"name":"25 Zaj\u00edmavost\u00ed o Belgii"}]},{"@type":"WebSite","@id":"https:\/\/1001voyagesgourmands.com\/cs\/#website","url":"https:\/\/1001voyagesgourmands.com\/cs\/","name":"1001 Voyages Gourmands","description":"Food | Travel | Photography","potentialAction":[{"@type":"SearchAction","target":{"@type":"EntryPoint","urlTemplate":"https:\/\/1001voyagesgourmands.com\/cs\/?s={search_term_string}"},"query-input":{"@type":"PropertyValueSpecification","valueRequired":true,"valueName":"search_term_string"}}],"inLanguage":"cs"},{"@type":"Person","@id":"https:\/\/1001voyagesgourmands.com\/cs\/#\/schema\/person\/62e0e7238fcf7482b23bf83e1b72ff1b","name":"Michaela","image":{"@type":"ImageObject","inLanguage":"cs","@id":"https:\/\/1001voyagesgourmands.com\/cs\/#\/schema\/person\/image\/","url":"https:\/\/secure.gravatar.com\/avatar\/73fa562a5b0ce269ca480f67de504b8ecac054a121d170e226f1b79e02024cb8?s=96&d=mm&r=g","contentUrl":"https:\/\/secure.gravatar.com\/avatar\/73fa562a5b0ce269ca480f67de504b8ecac054a121d170e226f1b79e02024cb8?s=96&d=mm&r=g","caption":"Michaela"},"sameAs":["http:\/\/1001voyagesgourmands.com"]}]}},"_links":{"self":[{"href":"https:\/\/1001voyagesgourmands.com\/cs\/wp-json\/wp\/v2\/posts\/17259","targetHints":{"allow":["GET"]}}],"collection":[{"href":"https:\/\/1001voyagesgourmands.com\/cs\/wp-json\/wp\/v2\/posts"}],"about":[{"href":"https:\/\/1001voyagesgourmands.com\/cs\/wp-json\/wp\/v2\/types\/post"}],"author":[{"embeddable":true,"href":"https:\/\/1001voyagesgourmands.com\/cs\/wp-json\/wp\/v2\/users\/1"}],"replies":[{"embeddable":true,"href":"https:\/\/1001voyagesgourmands.com\/cs\/wp-json\/wp\/v2\/comments?post=17259"}],"version-history":[{"count":1,"href":"https:\/\/1001voyagesgourmands.com\/cs\/wp-json\/wp\/v2\/posts\/17259\/revisions"}],"predecessor-version":[{"id":22238,"href":"https:\/\/1001voyagesgourmands.com\/cs\/wp-json\/wp\/v2\/posts\/17259\/revisions\/22238"}],"wp:featuredmedia":[{"embeddable":true,"href":"https:\/\/1001voyagesgourmands.com\/cs\/wp-json\/wp\/v2\/media\/17911"}],"wp:attachment":[{"href":"https:\/\/1001voyagesgourmands.com\/cs\/wp-json\/wp\/v2\/media?parent=17259"}],"wp:term":[{"taxonomy":"category","embeddable":true,"href":"https:\/\/1001voyagesgourmands.com\/cs\/wp-json\/wp\/v2\/categories?post=17259"},{"taxonomy":"post_tag","embeddable":true,"href":"https:\/\/1001voyagesgourmands.com\/cs\/wp-json\/wp\/v2\/tags?post=17259"}],"curies":[{"name":"wp","href":"https:\/\/api.w.org\/{rel}","templated":true}]}}