{"id":17034,"date":"2017-06-19T22:43:59","date_gmt":"2017-06-19T20:43:59","guid":{"rendered":"http:\/\/1001voyagesgourmands.com\/?p=17034\/"},"modified":"2017-06-20T14:28:12","modified_gmt":"2017-06-20T12:28:12","slug":"portoriko-plaze-luquillo-destny-prales-el-yunque","status":"publish","type":"post","link":"https:\/\/1001voyagesgourmands.com\/cs\/portoriko-plaze-luquillo-destny-prales-el-yunque\/","title":{"rendered":"Portoriko: Pl\u00e1\u017ee v Luquillo a de\u0161tn\u00fd prales El Yunque"},"content":{"rendered":"<p style=\"text-align: justify;\">Dnes se s v\u00e1mi pod\u011bl\u00edm o dal\u0161\u00ed \u010d\u00e1st na\u0161\u00ed cesty do Portorika. Po p\u00e1r kr\u00e1sn\u00fdch dnech str\u00e1ven\u00fdch na jihu objevov\u00e1n\u00edm&nbsp;<a href=\"http:\/\/1001voyagesgourmands.com\/ponce-perla-jizniho-portorika\/\">koloni\u00e1ln\u00edho m\u011bsta Ponce, k\u00e1vov\u00fdch plant\u00e1\u017e\u00ed a such\u00e9ho lesa<\/a>, jsme se vydali na v\u00fdchodn\u00ed pob\u0159e\u017e\u00ed do <strong>Luquillo<\/strong>, kde jsme ochutnali trochu z m\u00edstn\u00edch pl\u00e1\u017e\u00ed, tropick\u00e9ho pralesa El Yunque, ale tak\u00e9 p\u011bkn\u00e9 tropick\u00e9 bou\u0159ky. \ud83d\ude42<\/p>\n<p><img loading=\"lazy\" decoding=\"async\" class=\"aligncenter size-full wp-image-17049\" src=\"http:\/\/1001voyagesgourmands.com\/wp-content\/uploads\/2017\/06\/Plaze_Luquillo_destny_prales_el_yunque-23.jpg\" alt=\"La Pared beach, Luquillo\" width=\"1000\" height=\"667\" srcset=\"https:\/\/1001voyagesgourmands.com\/wp-content\/uploads\/2017\/06\/Plaze_Luquillo_destny_prales_el_yunque-23.jpg 1000w, https:\/\/1001voyagesgourmands.com\/wp-content\/uploads\/2017\/06\/Plaze_Luquillo_destny_prales_el_yunque-23-263x175.jpg 263w, https:\/\/1001voyagesgourmands.com\/wp-content\/uploads\/2017\/06\/Plaze_Luquillo_destny_prales_el_yunque-23-300x200.jpg 300w, https:\/\/1001voyagesgourmands.com\/wp-content\/uploads\/2017\/06\/Plaze_Luquillo_destny_prales_el_yunque-23-768x512.jpg 768w, https:\/\/1001voyagesgourmands.com\/wp-content\/uploads\/2017\/06\/Plaze_Luquillo_destny_prales_el_yunque-23-585x390.jpg 585w\" sizes=\"auto, (max-width: 1000px) 100vw, 1000px\" \/><\/p>\n<p style=\"text-align: justify;\">Co se t\u00fdk\u00e1 ubytov\u00e1n\u00ed, p\u0159es booking.com jsme tu na\u0161li <strong>Casa Luquillo Beach<\/strong>, mal\u00fd domek hned p\u0159es ulici od pl\u00e1\u017ee La Pared. P\u0159iv\u00edtala n\u00e1s tu Veronica, nap\u016fl N\u011bmka a nap\u016fl Portori\u010danka s mal\u00fdm mim\u010dem a n\u011bmeck\u00fdm man\u017eelem. V\u0161ichni t\u0159i byli moc sympa\u0165\u00e1ci a dob\u0159e vysm\u00e1t\u00ed. Kr\u00e1tce jsme si popov\u00eddali o \u017eivot\u011b v Portoriku a dostali jednak p\u00e1r tip\u016f k pobytu, ale tak\u00e9 listy aloe vera na sp\u00e1leniny. Nejlep\u0161\u00ed na tomhle ubytov\u00e1n\u00ed byla ta r\u00e1na a ve\u010dery, kdy jsme na ter\u00e1sce sed\u011bli p\u0159i sn\u00eddani \u010di ve\u010de\u0159i a za zvuku t\u011bch velk\u00fdch vln, kter\u00e9 se valily ke b\u0159ehu, si u\u017e\u00edvali kr\u00e1sn\u00fd pohled na nekon\u010d\u00edc\u00ed mo\u0159e a surfa\u0159e, kte\u0159\u00ed se jen tak nevzd\u00e1vali.<\/p>\n<p><img loading=\"lazy\" decoding=\"async\" class=\"aligncenter size-full wp-image-17066\" src=\"http:\/\/1001voyagesgourmands.com\/wp-content\/uploads\/2017\/06\/Plaze_Luquillo_destny_prales_el_yunque-41.jpg\" alt=\"Casa Luquillo Beach\" width=\"1000\" height=\"667\" srcset=\"https:\/\/1001voyagesgourmands.com\/wp-content\/uploads\/2017\/06\/Plaze_Luquillo_destny_prales_el_yunque-41.jpg 1000w, https:\/\/1001voyagesgourmands.com\/wp-content\/uploads\/2017\/06\/Plaze_Luquillo_destny_prales_el_yunque-41-263x175.jpg 263w, https:\/\/1001voyagesgourmands.com\/wp-content\/uploads\/2017\/06\/Plaze_Luquillo_destny_prales_el_yunque-41-300x200.jpg 300w, https:\/\/1001voyagesgourmands.com\/wp-content\/uploads\/2017\/06\/Plaze_Luquillo_destny_prales_el_yunque-41-768x512.jpg 768w, https:\/\/1001voyagesgourmands.com\/wp-content\/uploads\/2017\/06\/Plaze_Luquillo_destny_prales_el_yunque-41-585x390.jpg 585w\" sizes=\"auto, (max-width: 1000px) 100vw, 1000px\" \/><img loading=\"lazy\" decoding=\"async\" class=\"aligncenter size-full wp-image-17123\" src=\"http:\/\/1001voyagesgourmands.com\/wp-content\/uploads\/2017\/06\/Plaze_Luquillo_destny_prales_el_yunque-45.jpg\" alt=\"La Pared, Luquillo\" width=\"1000\" height=\"667\" srcset=\"https:\/\/1001voyagesgourmands.com\/wp-content\/uploads\/2017\/06\/Plaze_Luquillo_destny_prales_el_yunque-45.jpg 1000w, https:\/\/1001voyagesgourmands.com\/wp-content\/uploads\/2017\/06\/Plaze_Luquillo_destny_prales_el_yunque-45-263x175.jpg 263w, https:\/\/1001voyagesgourmands.com\/wp-content\/uploads\/2017\/06\/Plaze_Luquillo_destny_prales_el_yunque-45-300x200.jpg 300w, https:\/\/1001voyagesgourmands.com\/wp-content\/uploads\/2017\/06\/Plaze_Luquillo_destny_prales_el_yunque-45-768x512.jpg 768w, https:\/\/1001voyagesgourmands.com\/wp-content\/uploads\/2017\/06\/Plaze_Luquillo_destny_prales_el_yunque-45-585x390.jpg 585w\" sizes=\"auto, (max-width: 1000px) 100vw, 1000px\" \/> <img loading=\"lazy\" decoding=\"async\" class=\"aligncenter size-full wp-image-17124\" src=\"http:\/\/1001voyagesgourmands.com\/wp-content\/uploads\/2017\/06\/Plaze_Luquillo_destny_prales_el_yunque-46.jpg\" alt=\"La Pared, Luquillo\" width=\"1000\" height=\"667\" srcset=\"https:\/\/1001voyagesgourmands.com\/wp-content\/uploads\/2017\/06\/Plaze_Luquillo_destny_prales_el_yunque-46.jpg 1000w, https:\/\/1001voyagesgourmands.com\/wp-content\/uploads\/2017\/06\/Plaze_Luquillo_destny_prales_el_yunque-46-263x175.jpg 263w, https:\/\/1001voyagesgourmands.com\/wp-content\/uploads\/2017\/06\/Plaze_Luquillo_destny_prales_el_yunque-46-300x200.jpg 300w, https:\/\/1001voyagesgourmands.com\/wp-content\/uploads\/2017\/06\/Plaze_Luquillo_destny_prales_el_yunque-46-768x512.jpg 768w, https:\/\/1001voyagesgourmands.com\/wp-content\/uploads\/2017\/06\/Plaze_Luquillo_destny_prales_el_yunque-46-585x390.jpg 585w\" sizes=\"auto, (max-width: 1000px) 100vw, 1000px\" \/><\/p>\n<p>&nbsp;<\/p>\n<p>&nbsp;<\/p>\n<h2>Relax na pl\u00e1\u017ei La Pared<\/h2>\n<p style=\"text-align: justify;\">Prvn\u00ed dva dny jsme str\u00e1vili pouze relaxov\u00e1n\u00edm na pl\u00e1\u017ei, kterou jsme m\u011bli hned p\u0159es silnici od domu.<strong> La Pared<\/strong> je kr\u00e1sn\u00e1 \u017eluto p\u00edse\u010dn\u00e1 pl\u00e1\u017e, jej\u00ed\u017e jedna \u010d\u00e1st je od silnice odd\u011blen\u00e1 zd\u00ed (od toho to jm\u00e9no) a druh\u00e1 \u010d\u00e1st je poset\u00e1 tr\u00e1vou a men\u0161\u00edm palmov\u00fdm h\u00e1jem. Vlny tu jsou n\u011bkdy dost velik\u00e9 a siln\u00e9, tak\u017ee ne v\u017edy se tu d\u00e1 plavat. M\u011b se to poda\u0159ilo asi jen jednou z cel\u00fdch 3 dn\u016f, a i tak mi dalo pr\u00e1ci dostat se d\u00e1le od b\u0159ehu, kde jsou vody klidn\u011bj\u0161\u00ed. Nicm\u00e9n\u011b i chvilka str\u00e1ven\u00e1 zde na pl\u00e1\u017ei ve st\u00ednu palem je velice p\u0159\u00edjemn\u00e1. Je tu toti\u017e velk\u00fd klid a dost m\u00e1lo lid\u00ed (i o v\u00edkendu). Nutno tak\u00e9 dodat, \u017ee La Pared je vhodnou pl\u00e1\u017e\u00ed p\u0159edev\u0161\u00edm pro surfa\u0159e. A po\u0159\u00e1daj\u00ed tu tak\u00e9 kurzy surfov\u00e1n\u00ed, ov\u0161em za dost vysok\u00e9 ceny &#8211; od n\u00e1s cht\u011bli 60 dolaru\/os. za hodinu ve skupin\u011b, co\u017e mi p\u0159i\u0161lo neopodstatn\u011bn\u00e9 za jakousi neform\u00e1ln\u00ed v\u00fduku.<\/p>\n<p><img loading=\"lazy\" decoding=\"async\" class=\"aligncenter size-full wp-image-17037\" src=\"http:\/\/1001voyagesgourmands.com\/wp-content\/uploads\/2017\/06\/Plaze_Luquillo_destny_prales_el_yunque-1.jpg\" alt=\"\" width=\"1000\" height=\"667\" srcset=\"https:\/\/1001voyagesgourmands.com\/wp-content\/uploads\/2017\/06\/Plaze_Luquillo_destny_prales_el_yunque-1.jpg 1000w, https:\/\/1001voyagesgourmands.com\/wp-content\/uploads\/2017\/06\/Plaze_Luquillo_destny_prales_el_yunque-1-263x175.jpg 263w, https:\/\/1001voyagesgourmands.com\/wp-content\/uploads\/2017\/06\/Plaze_Luquillo_destny_prales_el_yunque-1-300x200.jpg 300w, https:\/\/1001voyagesgourmands.com\/wp-content\/uploads\/2017\/06\/Plaze_Luquillo_destny_prales_el_yunque-1-768x512.jpg 768w, https:\/\/1001voyagesgourmands.com\/wp-content\/uploads\/2017\/06\/Plaze_Luquillo_destny_prales_el_yunque-1-585x390.jpg 585w\" sizes=\"auto, (max-width: 1000px) 100vw, 1000px\" \/> <img loading=\"lazy\" decoding=\"async\" class=\"aligncenter size-full wp-image-17038\" src=\"http:\/\/1001voyagesgourmands.com\/wp-content\/uploads\/2017\/06\/Plaze_Luquillo_destny_prales_el_yunque-2.jpg\" alt=\"\" width=\"1000\" height=\"667\" srcset=\"https:\/\/1001voyagesgourmands.com\/wp-content\/uploads\/2017\/06\/Plaze_Luquillo_destny_prales_el_yunque-2.jpg 1000w, https:\/\/1001voyagesgourmands.com\/wp-content\/uploads\/2017\/06\/Plaze_Luquillo_destny_prales_el_yunque-2-263x175.jpg 263w, https:\/\/1001voyagesgourmands.com\/wp-content\/uploads\/2017\/06\/Plaze_Luquillo_destny_prales_el_yunque-2-300x200.jpg 300w, https:\/\/1001voyagesgourmands.com\/wp-content\/uploads\/2017\/06\/Plaze_Luquillo_destny_prales_el_yunque-2-768x512.jpg 768w, https:\/\/1001voyagesgourmands.com\/wp-content\/uploads\/2017\/06\/Plaze_Luquillo_destny_prales_el_yunque-2-585x390.jpg 585w\" sizes=\"auto, (max-width: 1000px) 100vw, 1000px\" \/> <img loading=\"lazy\" decoding=\"async\" class=\"aligncenter size-full wp-image-17039\" src=\"http:\/\/1001voyagesgourmands.com\/wp-content\/uploads\/2017\/06\/Plaze_Luquillo_destny_prales_el_yunque-4.jpg\" alt=\"\" width=\"1000\" height=\"667\" srcset=\"https:\/\/1001voyagesgourmands.com\/wp-content\/uploads\/2017\/06\/Plaze_Luquillo_destny_prales_el_yunque-4.jpg 1000w, https:\/\/1001voyagesgourmands.com\/wp-content\/uploads\/2017\/06\/Plaze_Luquillo_destny_prales_el_yunque-4-263x175.jpg 263w, https:\/\/1001voyagesgourmands.com\/wp-content\/uploads\/2017\/06\/Plaze_Luquillo_destny_prales_el_yunque-4-300x200.jpg 300w, https:\/\/1001voyagesgourmands.com\/wp-content\/uploads\/2017\/06\/Plaze_Luquillo_destny_prales_el_yunque-4-768x512.jpg 768w, https:\/\/1001voyagesgourmands.com\/wp-content\/uploads\/2017\/06\/Plaze_Luquillo_destny_prales_el_yunque-4-585x390.jpg 585w\" sizes=\"auto, (max-width: 1000px) 100vw, 1000px\" \/><\/p>\n<p>&nbsp;<\/p>\n<p>&nbsp;<\/p>\n<h2>V\u00fdlet do de\u0161tn\u00e9ho pralesa El Yunque<\/h2>\n<p style=\"text-align: justify;\">Do Luquillo jsme v\u0161ak p\u0159ijeli p\u0159edev\u0161\u00edm proto, \u017ee se nach\u00e1z\u00ed asi jen 20 km od <strong>El Yunque<\/strong>, co\u017e je nejv\u011bt\u0161\u00ed de\u0161tn\u00fd prales v Karibiku a tak\u00e9 jedin\u00fd de\u0161tn\u00fd prales v cel\u00e9m USA. Pro milovn\u00edky p\u0159\u00edrody je to n\u011bco, co byste si p\u0159i n\u00e1v\u0161t\u011bv\u011b Portorika rozhodn\u011b nem\u011bli nechat uj\u00edt. Bohu\u017eel jsme tu narazili na slabou str\u00e1nku jejich cestovn\u00edho ruchu. Jak se tam dostat? P\u016fj\u010dovna aut u\u017e \u017e\u00e1dn\u00e1 voln\u00e1 auta nem\u011bla. Ze San Juanu se po\u0159\u00e1daj\u00ed n\u011bjak\u00e9 denn\u00ed z\u00e1jezdy, ale z Luquillo, kter\u00e9 je je\u0161t\u011b bl\u00ed\u017e, jsme zat\u00edm nic nena\u0161li. Taxi nab\u00edzej\u00ed slu\u017ebu za 50 dolar\u016f na osobu s t\u00edm, \u017ee v\u00e1s nechaj\u00ed p\u0159ed hlavn\u00edm vjezdem, proto\u017ee d\u00e1l u\u017e se nedostanou, jen\u017ee ten prales je obrovsk\u00fd a v\u011bt\u0161ina p\u011bkn\u00fdch m\u00edst se nach\u00e1z\u00ed dost daleko od hlavn\u00edho vjezdu. Ale kdo se nevzd\u00e1v\u00e1\u2026<\/p>\n<p style=\"text-align: justify;\">A pak mi n\u011bkdo n\u00e1hodou dal do ruky vizitku <a href=\"https:\/\/www.facebook.com\/islandvacationsconcierge\/\" target=\"_blank\" rel=\"noopener\">Island Vacations Conscierge<\/a>, a tak jsem zavolala. Odpov\u011bd\u011bl Hector, kter\u00fd mi sd\u011blil, \u017ee za p\u011bt minut p\u0159ijede p\u0159ed bar\u00e1k a domluv\u00edme se osobn\u011b. Mlad\u00fd vlastenec n\u00e1le\u017eit\u011b hrd\u00fd na svou zemi n\u00e1m nejprve sd\u011blil, \u017ee sice nen\u00ed \u017e\u00e1dn\u00e1 agentura a nem\u00e1 ani licenci, nicm\u00e9n\u011b je v\u017edy r\u00e1d, kdy\u017e m\u016f\u017ee turist\u016fm pomoci a p\u0159edstavit \u010d\u00e1st sv\u00e9 zem\u011b v dobr\u00e9m sv\u011btle. Dohodli jsme se na \u010dase a cen\u011b v\u00fdletu, a tak\u00e9, \u017ee n\u00e1s odveze nejen do pralesa, ale i s n\u00e1mi tu trasu projde, ne\u017e aby sed\u011bl v aut\u011b a \u010dekal na n\u00e1s, co\u017e n\u00e1m p\u0159i\u0161lo fajn, proto\u017ee r\u00e1di pozn\u00e1v\u00e1me m\u00edstn\u00ed lidi, kdy\u017e n\u011bkam jedeme. A co se t\u00fdk\u00e1 ceny, Hector cht\u011bl zaplatit jen benz\u00edn a pak, co pr\u00fd uzn\u00e1me za vhodn\u00e9 (tak\u017ee dostal to, co bychom jinak dali agentu\u0159e s t\u00edm, \u017ee jemu jsme za tuhle moc fajn slu\u017ebu velice r\u00e1di zaplatili).<\/p>\n<p style=\"text-align: justify;\">Druh\u00fd den r\u00e1no p\u0159ijel Hector na p\u016fl dev\u00e1tou, jak jsme se dohodli, nalo\u017eil n\u00e1s a vyjeli jsme sm\u011brem El Yunque. Vzal n\u00e1s nejprve k vyhl\u00eddkov\u00e9 v\u011b\u017ei, ze kter\u00e9 se n\u00e1m naskytl kr\u00e1sn\u00fd pohled na rozs\u00e1hl\u00fd de\u0161tn\u00fd prales a okoln\u00ed kopce pokryt\u00e9 tropick\u00fdmi stromy. Vzduch se najednou zd\u00e1l b\u00fdt tak \u010dist\u00fd a sv\u011b\u017e\u00ed jako zat\u00edm nikde jinde v Portoriku.&nbsp;<\/p>\n<p><img loading=\"lazy\" decoding=\"async\" class=\"aligncenter size-full wp-image-17041\" src=\"http:\/\/1001voyagesgourmands.com\/wp-content\/uploads\/2017\/06\/Plaze_Luquillo_destny_prales_el_yunque-8.jpg\" alt=\"de\u0161tn\u00fd prales El Yunque, Puerto Rico\" width=\"1000\" height=\"667\" srcset=\"https:\/\/1001voyagesgourmands.com\/wp-content\/uploads\/2017\/06\/Plaze_Luquillo_destny_prales_el_yunque-8.jpg 1000w, https:\/\/1001voyagesgourmands.com\/wp-content\/uploads\/2017\/06\/Plaze_Luquillo_destny_prales_el_yunque-8-263x175.jpg 263w, https:\/\/1001voyagesgourmands.com\/wp-content\/uploads\/2017\/06\/Plaze_Luquillo_destny_prales_el_yunque-8-300x200.jpg 300w, https:\/\/1001voyagesgourmands.com\/wp-content\/uploads\/2017\/06\/Plaze_Luquillo_destny_prales_el_yunque-8-768x512.jpg 768w, https:\/\/1001voyagesgourmands.com\/wp-content\/uploads\/2017\/06\/Plaze_Luquillo_destny_prales_el_yunque-8-585x390.jpg 585w\" sizes=\"auto, (max-width: 1000px) 100vw, 1000px\" \/> <img loading=\"lazy\" decoding=\"async\" class=\"aligncenter size-full wp-image-17071\" src=\"http:\/\/1001voyagesgourmands.com\/wp-content\/uploads\/2017\/06\/Plaze_Luquillo_destny_prales_el_yunque-43.jpg\" alt=\"de\u0161tn\u00fd prales El Yunque, Puerto Rico\" width=\"1000\" height=\"667\" srcset=\"https:\/\/1001voyagesgourmands.com\/wp-content\/uploads\/2017\/06\/Plaze_Luquillo_destny_prales_el_yunque-43.jpg 1000w, https:\/\/1001voyagesgourmands.com\/wp-content\/uploads\/2017\/06\/Plaze_Luquillo_destny_prales_el_yunque-43-263x175.jpg 263w, https:\/\/1001voyagesgourmands.com\/wp-content\/uploads\/2017\/06\/Plaze_Luquillo_destny_prales_el_yunque-43-300x200.jpg 300w, https:\/\/1001voyagesgourmands.com\/wp-content\/uploads\/2017\/06\/Plaze_Luquillo_destny_prales_el_yunque-43-768x512.jpg 768w, https:\/\/1001voyagesgourmands.com\/wp-content\/uploads\/2017\/06\/Plaze_Luquillo_destny_prales_el_yunque-43-585x390.jpg 585w\" sizes=\"auto, (max-width: 1000px) 100vw, 1000px\" \/><\/p>\n<p style=\"text-align: justify;\">S\u00e9bastien si p\u0159i cest\u011b pov\u00eddal se Hectorem o PR kultu\u0159e, historii, hudb\u011b a o lidech, a j\u00e1 se sna\u017eila ob\u010das vyplodit ot\u00e1zku ve \u0161pan\u011bl\u0161tin\u011b a m\u011bla jsem n\u00e1ramnou radost, kdy\u017e jsem i rozum\u011bla odpov\u011bdi \u2013 kone\u010dn\u011b se m\u00e9 studium z\u00faro\u010duje! \ud83d\ude42 &nbsp;Ne\u017e jsme se dostali na na\u0161\u00ed zvolenou trasu, minuli jsme je\u0161t\u011b <strong>vodop\u00e1dy Coca Falls<\/strong>.&nbsp;<\/p>\n<p><img loading=\"lazy\" decoding=\"async\" class=\"aligncenter wp-image-17040\" src=\"http:\/\/1001voyagesgourmands.com\/wp-content\/uploads\/2017\/06\/Plaze_Luquillo_destny_prales_el_yunque-6-683x1024.jpg\" alt=\"La Coca Falls, El Yunque\" width=\"780\" height=\"1170\" srcset=\"https:\/\/1001voyagesgourmands.com\/wp-content\/uploads\/2017\/06\/Plaze_Luquillo_destny_prales_el_yunque-6-683x1024.jpg 683w, https:\/\/1001voyagesgourmands.com\/wp-content\/uploads\/2017\/06\/Plaze_Luquillo_destny_prales_el_yunque-6-200x300.jpg 200w, https:\/\/1001voyagesgourmands.com\/wp-content\/uploads\/2017\/06\/Plaze_Luquillo_destny_prales_el_yunque-6-768x1151.jpg 768w, https:\/\/1001voyagesgourmands.com\/wp-content\/uploads\/2017\/06\/Plaze_Luquillo_destny_prales_el_yunque-6-585x877.jpg 585w, https:\/\/1001voyagesgourmands.com\/wp-content\/uploads\/2017\/06\/Plaze_Luquillo_destny_prales_el_yunque-6.jpg 1000w\" sizes=\"auto, (max-width: 780px) 100vw, 780px\" \/><\/p>\n<p style=\"text-align: justify;\">Z n\u011bkolika dostupn\u00fdch tras pro n\u00e1v\u0161t\u011bvn\u00edky pralesa jsme si vybrali trasu <strong>La Mina Trail<\/strong>, co\u017e byl takov\u00fd n\u00e1\u0161 kompromis. Jm\u00e9no nese podle vodop\u00e1d\u016f<strong> La Mina Falls<\/strong>, kter\u00e9 jsou takovou highlight tohoto okruhu. No jo, highlight, tak to taky ale znamenalo, \u017ee se tam nevykoupeme, proto\u017ee podobn\u00fd n\u00e1pad m\u011bly p\u0159ed n\u00e1mi des\u00edtky jin\u00fdch. Ani mi to u\u017e pak p\u0159i pohledu na vodop\u00e1d, kter\u00fd asi figuruje na hodn\u011b selfies, a hromadn\u00e9 koupali\u0161t\u011b v\u016fbec nevadilo. No tak jsme se alespo\u0148 p\u0159i zp\u00e1te\u010dn\u00ed cest\u011b po\u0159\u00e1dn\u011b vykoupali v tropick\u00e9m lij\u00e1ku, a to bylo taky fajn. \ud83d\ude00&nbsp;<\/p>\n<p><img loading=\"lazy\" decoding=\"async\" class=\"aligncenter size-large wp-image-17067\" src=\"http:\/\/1001voyagesgourmands.com\/wp-content\/uploads\/2017\/06\/Plaze_Luquillo_destny_prales_el_yunque-kolaz-1-1024x724.jpg\" alt=\"de\u0161tn\u00fd prales El Yunque, Puerto Rico\" width=\"1024\" height=\"724\" srcset=\"https:\/\/1001voyagesgourmands.com\/wp-content\/uploads\/2017\/06\/Plaze_Luquillo_destny_prales_el_yunque-kolaz-1-1024x724.jpg 1024w, https:\/\/1001voyagesgourmands.com\/wp-content\/uploads\/2017\/06\/Plaze_Luquillo_destny_prales_el_yunque-kolaz-1-1920x1357.jpg 1920w, https:\/\/1001voyagesgourmands.com\/wp-content\/uploads\/2017\/06\/Plaze_Luquillo_destny_prales_el_yunque-kolaz-1-300x212.jpg 300w, https:\/\/1001voyagesgourmands.com\/wp-content\/uploads\/2017\/06\/Plaze_Luquillo_destny_prales_el_yunque-kolaz-1-768x543.jpg 768w, https:\/\/1001voyagesgourmands.com\/wp-content\/uploads\/2017\/06\/Plaze_Luquillo_destny_prales_el_yunque-kolaz-1-1170x827.jpg 1170w, https:\/\/1001voyagesgourmands.com\/wp-content\/uploads\/2017\/06\/Plaze_Luquillo_destny_prales_el_yunque-kolaz-1-585x413.jpg 585w\" sizes=\"auto, (max-width: 1024px) 100vw, 1024px\" \/><img loading=\"lazy\" decoding=\"async\" class=\"aligncenter wp-image-17043\" src=\"http:\/\/1001voyagesgourmands.com\/wp-content\/uploads\/2017\/06\/Plaze_Luquillo_destny_prales_el_yunque-12-683x1024.jpg\" alt=\"de\u0161tn\u00fd prales El Yunque, Puerto Rico\" width=\"802\" height=\"1202\" srcset=\"https:\/\/1001voyagesgourmands.com\/wp-content\/uploads\/2017\/06\/Plaze_Luquillo_destny_prales_el_yunque-12-683x1024.jpg 683w, https:\/\/1001voyagesgourmands.com\/wp-content\/uploads\/2017\/06\/Plaze_Luquillo_destny_prales_el_yunque-12-200x300.jpg 200w, https:\/\/1001voyagesgourmands.com\/wp-content\/uploads\/2017\/06\/Plaze_Luquillo_destny_prales_el_yunque-12-768x1152.jpg 768w, https:\/\/1001voyagesgourmands.com\/wp-content\/uploads\/2017\/06\/Plaze_Luquillo_destny_prales_el_yunque-12-585x878.jpg 585w, https:\/\/1001voyagesgourmands.com\/wp-content\/uploads\/2017\/06\/Plaze_Luquillo_destny_prales_el_yunque-12.jpg 1000w\" sizes=\"auto, (max-width: 802px) 100vw, 802px\" \/> <img loading=\"lazy\" decoding=\"async\" class=\"aligncenter size-large wp-image-17069\" src=\"http:\/\/1001voyagesgourmands.com\/wp-content\/uploads\/2017\/06\/Plaze_Luquillo_destny_prales_el_yunque-kolaz-3-1024x724.jpg\" alt=\"de\u0161tn\u00fd prales El Yunque, Puerto Rico\" width=\"1024\" height=\"724\" srcset=\"https:\/\/1001voyagesgourmands.com\/wp-content\/uploads\/2017\/06\/Plaze_Luquillo_destny_prales_el_yunque-kolaz-3-1024x724.jpg 1024w, https:\/\/1001voyagesgourmands.com\/wp-content\/uploads\/2017\/06\/Plaze_Luquillo_destny_prales_el_yunque-kolaz-3-1920x1357.jpg 1920w, https:\/\/1001voyagesgourmands.com\/wp-content\/uploads\/2017\/06\/Plaze_Luquillo_destny_prales_el_yunque-kolaz-3-300x212.jpg 300w, https:\/\/1001voyagesgourmands.com\/wp-content\/uploads\/2017\/06\/Plaze_Luquillo_destny_prales_el_yunque-kolaz-3-768x543.jpg 768w, https:\/\/1001voyagesgourmands.com\/wp-content\/uploads\/2017\/06\/Plaze_Luquillo_destny_prales_el_yunque-kolaz-3-1170x827.jpg 1170w, https:\/\/1001voyagesgourmands.com\/wp-content\/uploads\/2017\/06\/Plaze_Luquillo_destny_prales_el_yunque-kolaz-3-585x413.jpg 585w\" sizes=\"auto, (max-width: 1024px) 100vw, 1024px\" \/><img loading=\"lazy\" decoding=\"async\" class=\"aligncenter wp-image-17044\" src=\"http:\/\/1001voyagesgourmands.com\/wp-content\/uploads\/2017\/06\/Plaze_Luquillo_destny_prales_el_yunque-14-683x1024.jpg\" alt=\"La Mina Falls, El Yunque\" width=\"791\" height=\"1186\" srcset=\"https:\/\/1001voyagesgourmands.com\/wp-content\/uploads\/2017\/06\/Plaze_Luquillo_destny_prales_el_yunque-14-683x1024.jpg 683w, https:\/\/1001voyagesgourmands.com\/wp-content\/uploads\/2017\/06\/Plaze_Luquillo_destny_prales_el_yunque-14-200x300.jpg 200w, https:\/\/1001voyagesgourmands.com\/wp-content\/uploads\/2017\/06\/Plaze_Luquillo_destny_prales_el_yunque-14-768x1152.jpg 768w, https:\/\/1001voyagesgourmands.com\/wp-content\/uploads\/2017\/06\/Plaze_Luquillo_destny_prales_el_yunque-14-585x878.jpg 585w, https:\/\/1001voyagesgourmands.com\/wp-content\/uploads\/2017\/06\/Plaze_Luquillo_destny_prales_el_yunque-14.jpg 1000w\" sizes=\"auto, (max-width: 791px) 100vw, 791px\" \/> <img loading=\"lazy\" decoding=\"async\" class=\"aligncenter size-full wp-image-17137\" src=\"http:\/\/1001voyagesgourmands.com\/wp-content\/uploads\/2017\/06\/Plaze_Luquillo_destny_prales_el_yunque-47.jpg\" alt=\"de\u0161tn\u00fd prales El Yunque, Puerto Rico\" width=\"1000\" height=\"667\" srcset=\"https:\/\/1001voyagesgourmands.com\/wp-content\/uploads\/2017\/06\/Plaze_Luquillo_destny_prales_el_yunque-47.jpg 1000w, https:\/\/1001voyagesgourmands.com\/wp-content\/uploads\/2017\/06\/Plaze_Luquillo_destny_prales_el_yunque-47-263x175.jpg 263w, https:\/\/1001voyagesgourmands.com\/wp-content\/uploads\/2017\/06\/Plaze_Luquillo_destny_prales_el_yunque-47-300x200.jpg 300w, https:\/\/1001voyagesgourmands.com\/wp-content\/uploads\/2017\/06\/Plaze_Luquillo_destny_prales_el_yunque-47-768x512.jpg 768w, https:\/\/1001voyagesgourmands.com\/wp-content\/uploads\/2017\/06\/Plaze_Luquillo_destny_prales_el_yunque-47-585x390.jpg 585w\" sizes=\"auto, (max-width: 1000px) 100vw, 1000px\" \/><img loading=\"lazy\" decoding=\"async\" class=\"aligncenter size-large wp-image-17068\" src=\"http:\/\/1001voyagesgourmands.com\/wp-content\/uploads\/2017\/06\/Plaze_Luquillo_destny_prales_el_yunque-kolaz-2-1024x724.jpg\" alt=\"de\u0161tn\u00fd prales El Yunque, Puerto Rico\" width=\"1024\" height=\"724\" srcset=\"https:\/\/1001voyagesgourmands.com\/wp-content\/uploads\/2017\/06\/Plaze_Luquillo_destny_prales_el_yunque-kolaz-2-1024x724.jpg 1024w, https:\/\/1001voyagesgourmands.com\/wp-content\/uploads\/2017\/06\/Plaze_Luquillo_destny_prales_el_yunque-kolaz-2-1920x1357.jpg 1920w, https:\/\/1001voyagesgourmands.com\/wp-content\/uploads\/2017\/06\/Plaze_Luquillo_destny_prales_el_yunque-kolaz-2-300x212.jpg 300w, https:\/\/1001voyagesgourmands.com\/wp-content\/uploads\/2017\/06\/Plaze_Luquillo_destny_prales_el_yunque-kolaz-2-768x543.jpg 768w, https:\/\/1001voyagesgourmands.com\/wp-content\/uploads\/2017\/06\/Plaze_Luquillo_destny_prales_el_yunque-kolaz-2-1170x827.jpg 1170w, https:\/\/1001voyagesgourmands.com\/wp-content\/uploads\/2017\/06\/Plaze_Luquillo_destny_prales_el_yunque-kolaz-2-585x413.jpg 585w\" sizes=\"auto, (max-width: 1024px) 100vw, 1024px\" \/> <img loading=\"lazy\" decoding=\"async\" class=\"aligncenter wp-image-17046\" src=\"http:\/\/1001voyagesgourmands.com\/wp-content\/uploads\/2017\/06\/Plaze_Luquillo_destny_prales_el_yunque-19-683x1024.jpg\" alt=\"de\u0161tn\u00fd prales El Yunque, Puerto Rico\" width=\"833\" height=\"1249\" srcset=\"https:\/\/1001voyagesgourmands.com\/wp-content\/uploads\/2017\/06\/Plaze_Luquillo_destny_prales_el_yunque-19-683x1024.jpg 683w, https:\/\/1001voyagesgourmands.com\/wp-content\/uploads\/2017\/06\/Plaze_Luquillo_destny_prales_el_yunque-19-200x300.jpg 200w, https:\/\/1001voyagesgourmands.com\/wp-content\/uploads\/2017\/06\/Plaze_Luquillo_destny_prales_el_yunque-19-768x1152.jpg 768w, https:\/\/1001voyagesgourmands.com\/wp-content\/uploads\/2017\/06\/Plaze_Luquillo_destny_prales_el_yunque-19-585x878.jpg 585w, https:\/\/1001voyagesgourmands.com\/wp-content\/uploads\/2017\/06\/Plaze_Luquillo_destny_prales_el_yunque-19.jpg 1000w\" sizes=\"auto, (max-width: 833px) 100vw, 833px\" \/><\/p>\n<p style=\"text-align: justify;\">T\u00edm, \u017ee je El Yunque (a cel\u00e9 Portoriko) pod spr\u00e1vou Ameri\u010dan\u016f, jsou zdej\u0161\u00ed trasy velice dob\u0159e uzp\u016fsoben\u00e9 pro lidi jak\u00e9koliv fyzick\u00e9 zdatnosti a pod\u00e9l t\u011bchto tras najdeme informa\u010dn\u00ed panely v obou jazyc\u00edch (anglicky i \u0161pan\u011blsky). A pro stra\u0161pytly, jako jsem j\u00e1, je dobr\u00e9 v\u011bd\u011bt, \u017ee zde ne\u017eije <strong>\u017e\u00e1dn\u00fd nebezpe\u010dn\u00fd had<\/strong> ani jin\u00e1 zv\u00ed\u0159ena, kter\u00e9 by se n\u00e1v\u0161t\u011bvn\u00edk musel ob\u00e1vat! \ud83d\ude42 Ale \u017eije tu n\u011bkolik druh\u016f unik\u00e1tn\u00edch rostlinn\u00fdch a zv\u00ed\u0159ec\u00edch druh\u016f jako t\u0159eba <strong>ohro\u017een\u00fd portorik\u00e1nsk\u00fd papou\u0161ek<\/strong> nebo <strong>mal\u00e9 \u017eabky coqu\u00ed<\/strong>, kter\u00e9 se staly symbolem Portorika.<\/p>\n<p><img loading=\"lazy\" decoding=\"async\" class=\"aligncenter size-full wp-image-17045\" src=\"http:\/\/1001voyagesgourmands.com\/wp-content\/uploads\/2017\/06\/Plaze_Luquillo_destny_prales_el_yunque-18.jpg\" alt=\"de\u0161tn\u00fd prales El Yunque, Puerto Rico\" width=\"1000\" height=\"667\" srcset=\"https:\/\/1001voyagesgourmands.com\/wp-content\/uploads\/2017\/06\/Plaze_Luquillo_destny_prales_el_yunque-18.jpg 1000w, https:\/\/1001voyagesgourmands.com\/wp-content\/uploads\/2017\/06\/Plaze_Luquillo_destny_prales_el_yunque-18-263x175.jpg 263w, https:\/\/1001voyagesgourmands.com\/wp-content\/uploads\/2017\/06\/Plaze_Luquillo_destny_prales_el_yunque-18-300x200.jpg 300w, https:\/\/1001voyagesgourmands.com\/wp-content\/uploads\/2017\/06\/Plaze_Luquillo_destny_prales_el_yunque-18-768x512.jpg 768w, https:\/\/1001voyagesgourmands.com\/wp-content\/uploads\/2017\/06\/Plaze_Luquillo_destny_prales_el_yunque-18-585x390.jpg 585w\" sizes=\"auto, (max-width: 1000px) 100vw, 1000px\" \/> <img loading=\"lazy\" decoding=\"async\" class=\"aligncenter wp-image-17047\" src=\"http:\/\/1001voyagesgourmands.com\/wp-content\/uploads\/2017\/06\/Plaze_Luquillo_destny_prales_el_yunque-20-683x1024.jpg\" alt=\"de\u0161tn\u00fd prales El Yunque, Puerto Rico\" width=\"823\" height=\"1234\" srcset=\"https:\/\/1001voyagesgourmands.com\/wp-content\/uploads\/2017\/06\/Plaze_Luquillo_destny_prales_el_yunque-20-683x1024.jpg 683w, https:\/\/1001voyagesgourmands.com\/wp-content\/uploads\/2017\/06\/Plaze_Luquillo_destny_prales_el_yunque-20-200x300.jpg 200w, https:\/\/1001voyagesgourmands.com\/wp-content\/uploads\/2017\/06\/Plaze_Luquillo_destny_prales_el_yunque-20-768x1151.jpg 768w, https:\/\/1001voyagesgourmands.com\/wp-content\/uploads\/2017\/06\/Plaze_Luquillo_destny_prales_el_yunque-20-585x877.jpg 585w, https:\/\/1001voyagesgourmands.com\/wp-content\/uploads\/2017\/06\/Plaze_Luquillo_destny_prales_el_yunque-20.jpg 1000w\" sizes=\"auto, (max-width: 823px) 100vw, 823px\" \/><\/p>\n<p style=\"text-align: justify;\">Z Hectora se b\u011bhem v\u00fdletu vyklubal p\u016fvodem u\u010ditel historie a hudebn\u00edk v kapele <strong>Orchestra Macabeo<\/strong>. Doma jsme si n\u011bjak\u00e9 jejich p\u00edsni\u010dky zamilovali \u2013 pokud m\u00e1te r\u00e1di salsu a podobn\u00e9 styly, koukn\u011bte na n\u011bkter\u00e1 <a href=\"https:\/\/www.youtube.com\/channel\/UCIdS2QrEbqTVxCp-WMGpN2w\" target=\"_blank\" rel=\"noopener\">jejich videa<\/a>.<\/p>\n<p><iframe loading=\"lazy\" width=\"1170\" height=\"878\" src=\"https:\/\/www.youtube.com\/embed\/6-VM3il1VgA?feature=oembed\" frameborder=\"0\" allowfullscreen><\/iframe><\/p>\n<p style=\"text-align: justify;\">Po n\u00e1vratu jsme se najedli v restauraci <a href=\"https:\/\/www.tripadvisor.com\/Restaurant_Review-g635965-d1604658-Reviews-Ernestina_s-Luquillo_Puerto_Rico.html\" target=\"_blank\" rel=\"noopener\">Ernestina\u2019s<\/a>, kde n\u00e1m dali n\u011bjakou rybu s tostones (ope\u010den\u00e9 placky z plantejnu). Samoz\u0159ejm\u011b nechyb\u011bla po\u0159\u00e1dn\u00e1 d\u00e1vka \u010desneku, bylo to moc dobr\u00fd, a\u017e na tu zeleninu, kter\u00e1 byla jaksi vybledl\u00e1 a bez chuti.&nbsp;<\/p>\n<p style=\"text-align: justify;\"><img loading=\"lazy\" decoding=\"async\" class=\"aligncenter size-full wp-image-17072\" src=\"http:\/\/1001voyagesgourmands.com\/wp-content\/uploads\/2017\/06\/Plaze_Luquillo_destny_prales_el_yunque-10-1.jpg\" alt=\"Lunch at Ernestina\u00b4s\" width=\"1000\" height=\"667\" srcset=\"https:\/\/1001voyagesgourmands.com\/wp-content\/uploads\/2017\/06\/Plaze_Luquillo_destny_prales_el_yunque-10-1.jpg 1000w, https:\/\/1001voyagesgourmands.com\/wp-content\/uploads\/2017\/06\/Plaze_Luquillo_destny_prales_el_yunque-10-1-263x175.jpg 263w, https:\/\/1001voyagesgourmands.com\/wp-content\/uploads\/2017\/06\/Plaze_Luquillo_destny_prales_el_yunque-10-1-300x200.jpg 300w, https:\/\/1001voyagesgourmands.com\/wp-content\/uploads\/2017\/06\/Plaze_Luquillo_destny_prales_el_yunque-10-1-768x512.jpg 768w, https:\/\/1001voyagesgourmands.com\/wp-content\/uploads\/2017\/06\/Plaze_Luquillo_destny_prales_el_yunque-10-1-585x390.jpg 585w\" sizes=\"auto, (max-width: 1000px) 100vw, 1000px\" \/><\/p>\n<p style=\"text-align: justify;\">Na\u0161t\u011bst\u00ed zat\u00edm p\u0159estalo pr\u0161et, tak\u017ee jsme se cestou dom\u016f trochu courli m\u011bstem, kde jsme si v\u0161imli n\u011bkolika kr\u00e1sn\u011b barevn\u00fdch zd\u00ed, a pak tak\u00e9 kolem pl\u00e1\u017ee, kde &nbsp;ji\u017e bylo v mo\u0159i op\u011bt p\u00e1r surfa\u0159\u016f&#8230; vyu\u017e\u00edt t\u011bch p\u00e1r minut, ne\u017e p\u0159i\u0161la dal\u0161\u00ed bou\u0159ka. \ud83d\ude42<\/p>\n<p><img loading=\"lazy\" decoding=\"async\" class=\"aligncenter size-full wp-image-17051\" src=\"http:\/\/1001voyagesgourmands.com\/wp-content\/uploads\/2017\/06\/Plaze_Luquillo_destny_prales_el_yunque-25.jpg\" alt=\"Dal\u0161\u00ed \u010dl\u00e1nek ze s\u00e9rie Portoriko je o pl\u00e1\u017e\u00edch v\u00fdchodn\u00edho pob\u0159e\u017e\u00ed a o tom, jak jsme v\u00fdletovali v de\u0161tn\u00e9m pralese El Yunque s portorik\u00e1nsk\u00fdm hudebn\u00edkem.\" width=\"1000\" height=\"667\" srcset=\"https:\/\/1001voyagesgourmands.com\/wp-content\/uploads\/2017\/06\/Plaze_Luquillo_destny_prales_el_yunque-25.jpg 1000w, https:\/\/1001voyagesgourmands.com\/wp-content\/uploads\/2017\/06\/Plaze_Luquillo_destny_prales_el_yunque-25-263x175.jpg 263w, https:\/\/1001voyagesgourmands.com\/wp-content\/uploads\/2017\/06\/Plaze_Luquillo_destny_prales_el_yunque-25-300x200.jpg 300w, https:\/\/1001voyagesgourmands.com\/wp-content\/uploads\/2017\/06\/Plaze_Luquillo_destny_prales_el_yunque-25-768x512.jpg 768w, https:\/\/1001voyagesgourmands.com\/wp-content\/uploads\/2017\/06\/Plaze_Luquillo_destny_prales_el_yunque-25-585x390.jpg 585w\" sizes=\"auto, (max-width: 1000px) 100vw, 1000px\" \/><img loading=\"lazy\" decoding=\"async\" class=\"aligncenter size-full wp-image-17059\" src=\"http:\/\/1001voyagesgourmands.com\/wp-content\/uploads\/2017\/06\/Plaze_Luquillo_destny_prales_el_yunque-33.jpg\" alt=\"Dal\u0161\u00ed \u010dl\u00e1nek ze s\u00e9rie Portoriko je o pl\u00e1\u017e\u00edch v\u00fdchodn\u00edho pob\u0159e\u017e\u00ed a o tom, jak jsme v\u00fdletovali v de\u0161tn\u00e9m pralese El Yunque s portorik\u00e1nsk\u00fdm hudebn\u00edkem.\" width=\"1000\" height=\"667\" srcset=\"https:\/\/1001voyagesgourmands.com\/wp-content\/uploads\/2017\/06\/Plaze_Luquillo_destny_prales_el_yunque-33.jpg 1000w, https:\/\/1001voyagesgourmands.com\/wp-content\/uploads\/2017\/06\/Plaze_Luquillo_destny_prales_el_yunque-33-263x175.jpg 263w, https:\/\/1001voyagesgourmands.com\/wp-content\/uploads\/2017\/06\/Plaze_Luquillo_destny_prales_el_yunque-33-300x200.jpg 300w, https:\/\/1001voyagesgourmands.com\/wp-content\/uploads\/2017\/06\/Plaze_Luquillo_destny_prales_el_yunque-33-768x512.jpg 768w, https:\/\/1001voyagesgourmands.com\/wp-content\/uploads\/2017\/06\/Plaze_Luquillo_destny_prales_el_yunque-33-585x390.jpg 585w\" sizes=\"auto, (max-width: 1000px) 100vw, 1000px\" \/><img loading=\"lazy\" decoding=\"async\" class=\"aligncenter size-full wp-image-17052\" src=\"http:\/\/1001voyagesgourmands.com\/wp-content\/uploads\/2017\/06\/Plaze_Luquillo_destny_prales_el_yunque-26.jpg\" alt=\"Dal\u0161\u00ed \u010dl\u00e1nek ze s\u00e9rie Portoriko je o pl\u00e1\u017e\u00edch v\u00fdchodn\u00edho pob\u0159e\u017e\u00ed a o tom, jak jsme v\u00fdletovali v de\u0161tn\u00e9m pralese El Yunque s portorik\u00e1nsk\u00fdm hudebn\u00edkem.\" width=\"1000\" height=\"667\" srcset=\"https:\/\/1001voyagesgourmands.com\/wp-content\/uploads\/2017\/06\/Plaze_Luquillo_destny_prales_el_yunque-26.jpg 1000w, https:\/\/1001voyagesgourmands.com\/wp-content\/uploads\/2017\/06\/Plaze_Luquillo_destny_prales_el_yunque-26-263x175.jpg 263w, https:\/\/1001voyagesgourmands.com\/wp-content\/uploads\/2017\/06\/Plaze_Luquillo_destny_prales_el_yunque-26-300x200.jpg 300w, https:\/\/1001voyagesgourmands.com\/wp-content\/uploads\/2017\/06\/Plaze_Luquillo_destny_prales_el_yunque-26-768x512.jpg 768w, https:\/\/1001voyagesgourmands.com\/wp-content\/uploads\/2017\/06\/Plaze_Luquillo_destny_prales_el_yunque-26-585x390.jpg 585w\" sizes=\"auto, (max-width: 1000px) 100vw, 1000px\" \/><img loading=\"lazy\" decoding=\"async\" class=\"aligncenter size-full wp-image-17048\" src=\"http:\/\/1001voyagesgourmands.com\/wp-content\/uploads\/2017\/06\/Plaze_Luquillo_destny_prales_el_yunque-22.jpg\" alt=\"Dal\u0161\u00ed \u010dl\u00e1nek ze s\u00e9rie Portoriko je o pl\u00e1\u017e\u00edch v\u00fdchodn\u00edho pob\u0159e\u017e\u00ed a o tom, jak jsme v\u00fdletovali v de\u0161tn\u00e9m pralese El Yunque s portorik\u00e1nsk\u00fdm hudebn\u00edkem.\" width=\"1000\" height=\"667\" srcset=\"https:\/\/1001voyagesgourmands.com\/wp-content\/uploads\/2017\/06\/Plaze_Luquillo_destny_prales_el_yunque-22.jpg 1000w, https:\/\/1001voyagesgourmands.com\/wp-content\/uploads\/2017\/06\/Plaze_Luquillo_destny_prales_el_yunque-22-263x175.jpg 263w, https:\/\/1001voyagesgourmands.com\/wp-content\/uploads\/2017\/06\/Plaze_Luquillo_destny_prales_el_yunque-22-300x200.jpg 300w, https:\/\/1001voyagesgourmands.com\/wp-content\/uploads\/2017\/06\/Plaze_Luquillo_destny_prales_el_yunque-22-768x512.jpg 768w, https:\/\/1001voyagesgourmands.com\/wp-content\/uploads\/2017\/06\/Plaze_Luquillo_destny_prales_el_yunque-22-585x390.jpg 585w\" sizes=\"auto, (max-width: 1000px) 100vw, 1000px\" \/><\/p>\n<p style=\"text-align: justify;\">No a pak zas p\u0159i\u0161el d\u00e9\u0161\u0165, \u00fapln\u011b jako v Belgii&#8230; tak\u017ee jsme p\u0159e\u010dkali to nejhor\u0161\u00ed i s bou\u0159kou doma na ter\u00e1sce. Pohled na rozbou\u0159en\u00e9 mo\u0159e m\u011b dost fascinoval.<\/p>\n<p>&nbsp;<\/p>\n<h2>&#8222;Pode\u0161\u0165ov\u00e1&#8220; proch\u00e1zka k pl\u00e1\u017ei Monserrate<\/h2>\n<p style=\"text-align: justify;\">Kdy\u017e p\u0159e\u0161el d\u00e9\u0161\u0165, vydali jsme se na proch\u00e1zku po pl\u00e1\u017ei sm\u011brem na z\u00e1pad k <strong>Balneario Monserrate<\/strong>, asi nejvyhl\u00e1\u0161en\u011bj\u0161\u00ed pl\u00e1\u017e, co tu v Luquillo najdete. P\u0159e\u0161li jsme Playa Azul, Punta Embarcadero a Punta Bandera, a kdy\u017e jsme asi po 40ti minut\u00e1ch dorazili na Monserrate, obloha byla st\u00e1le pokryt\u00e1 \u0161ed\u00fdmi mraky a v mo\u0159i p\u00e1r zoufalc\u016f, co si sem z\u0159ejm\u011b ud\u011blali jednodenn\u00ed v\u00fdlet ze San Juanu. Tak\u017ee v\u00e1m nemohu objektivn\u011b \u0159\u00edct, zda jde o hezkou pl\u00e1\u017e nebo ne. Ale mohu v\u00e1m \u0159\u00edct, \u017ee zde najdete jednak ob\u0159\u00ed parkovi\u0161t\u011b, toalety a sprchy, tak i st\u00e1nky s ob\u010derstven\u00edm. Za slunka to tu mu\u017ee b\u00fdt fajn.<\/p>\n<p><img loading=\"lazy\" decoding=\"async\" class=\"aligncenter size-full wp-image-17055\" src=\"http:\/\/1001voyagesgourmands.com\/wp-content\/uploads\/2017\/06\/Plaze_Luquillo_destny_prales_el_yunque-29.jpg\" alt=\"Dal\u0161\u00ed \u010dl\u00e1nek ze s\u00e9rie Portoriko je o pl\u00e1\u017e\u00edch v\u00fdchodn\u00edho pob\u0159e\u017e\u00ed a o tom, jak jsme v\u00fdletovali v de\u0161tn\u00e9m pralese El Yunque s portorik\u00e1nsk\u00fdm hudebn\u00edkem.\" width=\"1000\" height=\"667\" srcset=\"https:\/\/1001voyagesgourmands.com\/wp-content\/uploads\/2017\/06\/Plaze_Luquillo_destny_prales_el_yunque-29.jpg 1000w, https:\/\/1001voyagesgourmands.com\/wp-content\/uploads\/2017\/06\/Plaze_Luquillo_destny_prales_el_yunque-29-263x175.jpg 263w, https:\/\/1001voyagesgourmands.com\/wp-content\/uploads\/2017\/06\/Plaze_Luquillo_destny_prales_el_yunque-29-300x200.jpg 300w, https:\/\/1001voyagesgourmands.com\/wp-content\/uploads\/2017\/06\/Plaze_Luquillo_destny_prales_el_yunque-29-768x512.jpg 768w, https:\/\/1001voyagesgourmands.com\/wp-content\/uploads\/2017\/06\/Plaze_Luquillo_destny_prales_el_yunque-29-585x390.jpg 585w\" sizes=\"auto, (max-width: 1000px) 100vw, 1000px\" \/> <img loading=\"lazy\" decoding=\"async\" class=\"aligncenter size-full wp-image-17056\" src=\"http:\/\/1001voyagesgourmands.com\/wp-content\/uploads\/2017\/06\/Plaze_Luquillo_destny_prales_el_yunque-30.jpg\" alt=\"Dal\u0161\u00ed \u010dl\u00e1nek ze s\u00e9rie Portoriko je o pl\u00e1\u017e\u00edch v\u00fdchodn\u00edho pob\u0159e\u017e\u00ed a o tom, jak jsme v\u00fdletovali v de\u0161tn\u00e9m pralese El Yunque s portorik\u00e1nsk\u00fdm hudebn\u00edkem.\" width=\"1000\" height=\"667\" srcset=\"https:\/\/1001voyagesgourmands.com\/wp-content\/uploads\/2017\/06\/Plaze_Luquillo_destny_prales_el_yunque-30.jpg 1000w, https:\/\/1001voyagesgourmands.com\/wp-content\/uploads\/2017\/06\/Plaze_Luquillo_destny_prales_el_yunque-30-263x175.jpg 263w, https:\/\/1001voyagesgourmands.com\/wp-content\/uploads\/2017\/06\/Plaze_Luquillo_destny_prales_el_yunque-30-300x200.jpg 300w, https:\/\/1001voyagesgourmands.com\/wp-content\/uploads\/2017\/06\/Plaze_Luquillo_destny_prales_el_yunque-30-768x512.jpg 768w, https:\/\/1001voyagesgourmands.com\/wp-content\/uploads\/2017\/06\/Plaze_Luquillo_destny_prales_el_yunque-30-585x390.jpg 585w\" sizes=\"auto, (max-width: 1000px) 100vw, 1000px\" \/> <img loading=\"lazy\" decoding=\"async\" class=\"aligncenter size-full wp-image-17058\" src=\"http:\/\/1001voyagesgourmands.com\/wp-content\/uploads\/2017\/06\/Plaze_Luquillo_destny_prales_el_yunque-32.jpg\" alt=\"Balneario Montserrate, Luquillo\" width=\"1000\" height=\"667\" srcset=\"https:\/\/1001voyagesgourmands.com\/wp-content\/uploads\/2017\/06\/Plaze_Luquillo_destny_prales_el_yunque-32.jpg 1000w, https:\/\/1001voyagesgourmands.com\/wp-content\/uploads\/2017\/06\/Plaze_Luquillo_destny_prales_el_yunque-32-263x175.jpg 263w, https:\/\/1001voyagesgourmands.com\/wp-content\/uploads\/2017\/06\/Plaze_Luquillo_destny_prales_el_yunque-32-300x200.jpg 300w, https:\/\/1001voyagesgourmands.com\/wp-content\/uploads\/2017\/06\/Plaze_Luquillo_destny_prales_el_yunque-32-768x512.jpg 768w, https:\/\/1001voyagesgourmands.com\/wp-content\/uploads\/2017\/06\/Plaze_Luquillo_destny_prales_el_yunque-32-585x390.jpg 585w\" sizes=\"auto, (max-width: 1000px) 100vw, 1000px\" \/><\/p>\n<p>&nbsp;<\/p>\n<h2>Rann\u00ed proch\u00e1zka po divok\u00e9 pl\u00e1\u017ei La Selva<\/h2>\n<p style=\"text-align: justify;\">Posledn\u00ed den r\u00e1no jsem se vzbudila dost brzo a vydala se na pr\u016fzkum divo\u010dej\u0161\u00edch kout\u016f na v\u00fdchod od na\u0161\u00ed pl\u00e1\u017ee. Tam se nach\u00e1z\u00ed obrovsk\u00e1 <strong>pl\u00e1\u017e La Selva<\/strong>, kter\u00e1 spad\u00e1 pod p\u0159\u00edrodn\u00ed rezervaci. Jedin\u00fdmi n\u00e1v\u0161t\u011bvn\u00edky jsou zde mo\u0159sk\u00e9 \u017eelvy, kter\u00e9 sem chod\u00ed kl\u00e1st vejce, a pak ob\u010das pr\u00fd i surfa\u0159i (a podle stop v p\u00edsku bych h\u00e1dala tak\u00e9 psy). Jeliko\u017e celou noc pr\u0161elo, to r\u00e1no bylo n\u00e1dhern\u00e9 \u2013 byl c\u00edtit sv\u011b\u017e\u00ed vzduch, za mraky sem tam stydliv\u011b vykukovalo slunce a z p\u0159ilehl\u00e9ho lesa stoupal ml\u017en\u00fd opar. Nikde nikdo, jen stopy v p\u00edsku, pol\u00e1man\u00e9 v\u011btve palem a d\u011brav\u00e9 sko\u0159\u00e1pky od kokosu, kter\u00e9 om\u00fdvaly vlny. Str\u00e1vila jsem tou proch\u00e1zkou dv\u011b hodiny a bylo mi tu nepopsateln\u011b n\u00e1dhern\u011b, n\u011bco jako, \u017ee v\u0161echno je tak, jak m\u00e1 b\u00fdt, a net\u0159eba jet jinam\u2026 jen\u017ee pak jsem si vzpomn\u011bla, \u017ee tam nejsem sama a nakonec jsme teda jinam odjeli. \ud83d\ude00<\/p>\n<p><img loading=\"lazy\" decoding=\"async\" class=\"aligncenter size-full wp-image-17060\" src=\"http:\/\/1001voyagesgourmands.com\/wp-content\/uploads\/2017\/06\/Plaze_Luquillo_destny_prales_el_yunque-34.jpg\" alt=\"La Selva, Luquillo\" width=\"1000\" height=\"667\" srcset=\"https:\/\/1001voyagesgourmands.com\/wp-content\/uploads\/2017\/06\/Plaze_Luquillo_destny_prales_el_yunque-34.jpg 1000w, https:\/\/1001voyagesgourmands.com\/wp-content\/uploads\/2017\/06\/Plaze_Luquillo_destny_prales_el_yunque-34-263x175.jpg 263w, https:\/\/1001voyagesgourmands.com\/wp-content\/uploads\/2017\/06\/Plaze_Luquillo_destny_prales_el_yunque-34-300x200.jpg 300w, https:\/\/1001voyagesgourmands.com\/wp-content\/uploads\/2017\/06\/Plaze_Luquillo_destny_prales_el_yunque-34-768x512.jpg 768w, https:\/\/1001voyagesgourmands.com\/wp-content\/uploads\/2017\/06\/Plaze_Luquillo_destny_prales_el_yunque-34-585x390.jpg 585w\" sizes=\"auto, (max-width: 1000px) 100vw, 1000px\" \/> <img loading=\"lazy\" decoding=\"async\" class=\"aligncenter size-full wp-image-17061\" src=\"http:\/\/1001voyagesgourmands.com\/wp-content\/uploads\/2017\/06\/Plaze_Luquillo_destny_prales_el_yunque-35.jpg\" alt=\"La Selva, Luquillo\" width=\"1000\" height=\"667\" srcset=\"https:\/\/1001voyagesgourmands.com\/wp-content\/uploads\/2017\/06\/Plaze_Luquillo_destny_prales_el_yunque-35.jpg 1000w, https:\/\/1001voyagesgourmands.com\/wp-content\/uploads\/2017\/06\/Plaze_Luquillo_destny_prales_el_yunque-35-263x175.jpg 263w, https:\/\/1001voyagesgourmands.com\/wp-content\/uploads\/2017\/06\/Plaze_Luquillo_destny_prales_el_yunque-35-300x200.jpg 300w, https:\/\/1001voyagesgourmands.com\/wp-content\/uploads\/2017\/06\/Plaze_Luquillo_destny_prales_el_yunque-35-768x512.jpg 768w, https:\/\/1001voyagesgourmands.com\/wp-content\/uploads\/2017\/06\/Plaze_Luquillo_destny_prales_el_yunque-35-585x390.jpg 585w\" sizes=\"auto, (max-width: 1000px) 100vw, 1000px\" \/> <img loading=\"lazy\" decoding=\"async\" class=\"aligncenter size-full wp-image-17062\" src=\"http:\/\/1001voyagesgourmands.com\/wp-content\/uploads\/2017\/06\/Plaze_Luquillo_destny_prales_el_yunque-36.jpg\" alt=\"La Selva, Luquillo\" width=\"1000\" height=\"667\" srcset=\"https:\/\/1001voyagesgourmands.com\/wp-content\/uploads\/2017\/06\/Plaze_Luquillo_destny_prales_el_yunque-36.jpg 1000w, https:\/\/1001voyagesgourmands.com\/wp-content\/uploads\/2017\/06\/Plaze_Luquillo_destny_prales_el_yunque-36-263x175.jpg 263w, https:\/\/1001voyagesgourmands.com\/wp-content\/uploads\/2017\/06\/Plaze_Luquillo_destny_prales_el_yunque-36-300x200.jpg 300w, https:\/\/1001voyagesgourmands.com\/wp-content\/uploads\/2017\/06\/Plaze_Luquillo_destny_prales_el_yunque-36-768x512.jpg 768w, https:\/\/1001voyagesgourmands.com\/wp-content\/uploads\/2017\/06\/Plaze_Luquillo_destny_prales_el_yunque-36-585x390.jpg 585w\" sizes=\"auto, (max-width: 1000px) 100vw, 1000px\" \/> <img loading=\"lazy\" decoding=\"async\" class=\"aligncenter size-full wp-image-17063\" src=\"http:\/\/1001voyagesgourmands.com\/wp-content\/uploads\/2017\/06\/Plaze_Luquillo_destny_prales_el_yunque-37.jpg\" alt=\"La Selva, Luquillo\" width=\"1000\" height=\"667\" srcset=\"https:\/\/1001voyagesgourmands.com\/wp-content\/uploads\/2017\/06\/Plaze_Luquillo_destny_prales_el_yunque-37.jpg 1000w, https:\/\/1001voyagesgourmands.com\/wp-content\/uploads\/2017\/06\/Plaze_Luquillo_destny_prales_el_yunque-37-300x200.jpg 300w, https:\/\/1001voyagesgourmands.com\/wp-content\/uploads\/2017\/06\/Plaze_Luquillo_destny_prales_el_yunque-37-768x512.jpg 768w, https:\/\/1001voyagesgourmands.com\/wp-content\/uploads\/2017\/06\/Plaze_Luquillo_destny_prales_el_yunque-37-585x390.jpg 585w, https:\/\/1001voyagesgourmands.com\/wp-content\/uploads\/2017\/06\/Plaze_Luquillo_destny_prales_el_yunque-37-263x175.jpg 263w\" sizes=\"auto, (max-width: 1000px) 100vw, 1000px\" \/> <img loading=\"lazy\" decoding=\"async\" class=\"aligncenter size-full wp-image-17065\" src=\"http:\/\/1001voyagesgourmands.com\/wp-content\/uploads\/2017\/06\/Plaze_Luquillo_destny_prales_el_yunque-39.jpg\" alt=\"La Selva, Luquillo\" width=\"1000\" height=\"667\" srcset=\"https:\/\/1001voyagesgourmands.com\/wp-content\/uploads\/2017\/06\/Plaze_Luquillo_destny_prales_el_yunque-39.jpg 1000w, https:\/\/1001voyagesgourmands.com\/wp-content\/uploads\/2017\/06\/Plaze_Luquillo_destny_prales_el_yunque-39-263x175.jpg 263w, https:\/\/1001voyagesgourmands.com\/wp-content\/uploads\/2017\/06\/Plaze_Luquillo_destny_prales_el_yunque-39-300x200.jpg 300w, https:\/\/1001voyagesgourmands.com\/wp-content\/uploads\/2017\/06\/Plaze_Luquillo_destny_prales_el_yunque-39-768x512.jpg 768w, https:\/\/1001voyagesgourmands.com\/wp-content\/uploads\/2017\/06\/Plaze_Luquillo_destny_prales_el_yunque-39-585x390.jpg 585w\" sizes=\"auto, (max-width: 1000px) 100vw, 1000px\" \/><\/p>\n<p>&nbsp;<\/p>\n<p style=\"text-align: justify;\">D\u011bkuju Ti Luquillo za klid, kter\u00fd jsi n\u00e1m na chvilku prop\u016fj\u010dilo!&nbsp;<\/p>\n<hr>\n<p>&nbsp;<\/p>\n<p><em>Byli jste n\u011bkdo v Portoriku a na t\u011bchto m\u00edstech? Kde jinde jste na\u0161t\u00edvili tropick\u00fd prales a pak by m\u011b zaj\u00edmalo, zda jste se tam t\u0159eba n\u011bkdo setkal s n\u011bjak\u00fdm hadem nebo si mysl\u00edte, \u017ee jsem fakt zoufal\u00fd srab? \ud83d\ude42&nbsp;<\/em><\/p>\n<p>&nbsp;<\/p>\n<p><strong>Pokud se v\u00e1m \u010dl\u00e1nek l\u00edbil, sd\u00edlejte ho d\u00e1le!&nbsp;<\/strong><\/p>\n<p style=\"text-align: center;\"><strong>PIN IT!<\/strong><\/p>\n<p><img loading=\"lazy\" decoding=\"async\" class=\"aligncenter wp-image-17133\" src=\"http:\/\/1001voyagesgourmands.com\/wp-content\/uploads\/2017\/06\/Plaze_Luquillo_destny_prales_el_yunque-PIN-683x1024.jpg\" alt=\"Dal\u0161\u00ed \u010dl\u00e1nek ze s\u00e9rie Portoriko je o pl\u00e1\u017e\u00edch v\u00fdchodn\u00edho pob\u0159e\u017e\u00ed a o tom, jak jsme v\u00fdletovali v de\u0161tn\u00e9m pralese El Yunque s portorik\u00e1nsk\u00fdm hudebn\u00edkem.\" width=\"501\" height=\"751\" srcset=\"https:\/\/1001voyagesgourmands.com\/wp-content\/uploads\/2017\/06\/Plaze_Luquillo_destny_prales_el_yunque-PIN-683x1024.jpg 683w, https:\/\/1001voyagesgourmands.com\/wp-content\/uploads\/2017\/06\/Plaze_Luquillo_destny_prales_el_yunque-PIN-200x300.jpg 200w, https:\/\/1001voyagesgourmands.com\/wp-content\/uploads\/2017\/06\/Plaze_Luquillo_destny_prales_el_yunque-PIN-585x877.jpg 585w, https:\/\/1001voyagesgourmands.com\/wp-content\/uploads\/2017\/06\/Plaze_Luquillo_destny_prales_el_yunque-PIN.jpg 735w\" sizes=\"auto, (max-width: 501px) 100vw, 501px\" \/><\/p>\n","protected":false},"excerpt":{"rendered":"<p>Dnes se s v\u00e1mi pod\u011bl\u00edm o dal\u0161\u00ed \u010d\u00e1st na\u0161\u00ed cesty do Portorika. Po p\u00e1r kr\u00e1sn\u00fdch dnech str\u00e1ven\u00fdch na jihu objevov\u00e1n\u00edm&nbsp;koloni\u00e1ln\u00edho m\u011bsta Ponce, k\u00e1vov\u00fdch plant\u00e1\u017e\u00ed a such\u00e9ho lesa, jsme se vydali na v\u00fdchodn\u00ed pob\u0159e\u017e\u00ed do Luquillo, kde jsme ochutnali trochu z m\u00edstn\u00edch pl\u00e1\u017e\u00ed, tropick\u00e9ho pralesa El Yunque, ale tak\u00e9 p\u011bkn\u00e9 tropick\u00e9&hellip;<\/p>\n","protected":false},"author":1,"featured_media":17063,"comment_status":"open","ping_status":"open","sticky":false,"template":"","format":"standard","meta":{"_exactmetrics_skip_tracking":false,"_exactmetrics_sitenote_active":false,"_exactmetrics_sitenote_note":"","_exactmetrics_sitenote_category":0,"_lmt_disableupdate":"","_lmt_disable":"","footnotes":""},"categories":[4,517],"tags":[518],"class_list":["post-17034","post","type-post","status-publish","format-standard","has-post-thumbnail","hentry","category-cestovani","category-portoriko","tag-portoriko"],"yoast_head":"<!-- This site is optimized with the Yoast SEO plugin v26.1.1 - https:\/\/yoast.com\/wordpress\/plugins\/seo\/ -->\n<title>Portoriko: Pl\u00e1\u017ee v Luquillo a de\u0161tn\u00fd prales El Yunque - 1001 Voyages Gourmands<\/title>\n<meta name=\"description\" content=\"Dal\u0161\u00ed \u010dl\u00e1nek ze s\u00e9rie Portoriko je o pl\u00e1\u017e\u00edch v\u00fdchodn\u00edho pob\u0159e\u017e\u00ed a o tom, jak jsme v\u00fdletovali v de\u0161tn\u00e9m pralese El Yunque s portorik\u00e1nsk\u00fdm hudebn\u00edkem.\" \/>\n<meta name=\"robots\" content=\"index, follow, max-snippet:-1, max-image-preview:large, max-video-preview:-1\" \/>\n<link rel=\"canonical\" href=\"https:\/\/1001voyagesgourmands.com\/cs\/portoriko-plaze-luquillo-destny-prales-el-yunque\/\" \/>\n<meta property=\"og:locale\" content=\"cs_CZ\" \/>\n<meta property=\"og:type\" content=\"article\" \/>\n<meta property=\"og:title\" content=\"Portoriko: Pl\u00e1\u017ee v Luquillo a de\u0161tn\u00fd prales El Yunque - 1001 Voyages Gourmands\" \/>\n<meta property=\"og:description\" content=\"Dal\u0161\u00ed \u010dl\u00e1nek ze s\u00e9rie Portoriko je o pl\u00e1\u017e\u00edch v\u00fdchodn\u00edho pob\u0159e\u017e\u00ed a o tom, jak jsme v\u00fdletovali v de\u0161tn\u00e9m pralese El Yunque s portorik\u00e1nsk\u00fdm hudebn\u00edkem.\" \/>\n<meta property=\"og:url\" content=\"https:\/\/1001voyagesgourmands.com\/cs\/portoriko-plaze-luquillo-destny-prales-el-yunque\/\" \/>\n<meta property=\"og:site_name\" content=\"1001 Voyages Gourmands\" \/>\n<meta property=\"article:publisher\" content=\"https:\/\/www.facebook.com\/1001voyagesgourmands\" \/>\n<meta property=\"article:published_time\" content=\"2017-06-19T20:43:59+00:00\" \/>\n<meta property=\"article:modified_time\" content=\"2017-06-20T12:28:12+00:00\" \/>\n<meta property=\"og:image\" content=\"https:\/\/1001voyagesgourmands.com\/wp-content\/uploads\/2017\/06\/Plaze_Luquillo_destny_prales_el_yunque-37.jpg\" \/>\n\t<meta property=\"og:image:width\" content=\"1000\" \/>\n\t<meta property=\"og:image:height\" content=\"667\" \/>\n\t<meta property=\"og:image:type\" content=\"image\/jpeg\" \/>\n<meta name=\"author\" content=\"Michaela\" \/>\n<meta name=\"twitter:card\" content=\"summary_large_image\" \/>\n<meta name=\"twitter:creator\" content=\"@michaela_1001vg\" \/>\n<meta name=\"twitter:site\" content=\"@michaela_1001vg\" \/>\n<meta name=\"twitter:label1\" content=\"Napsal(a)\" \/>\n\t<meta name=\"twitter:data1\" content=\"Michaela\" \/>\n\t<meta name=\"twitter:label2\" content=\"Odhadovan\u00e1 doba \u010dten\u00ed\" \/>\n\t<meta name=\"twitter:data2\" content=\"9 minut\" \/>\n<script type=\"application\/ld+json\" class=\"yoast-schema-graph\">{\"@context\":\"https:\/\/schema.org\",\"@graph\":[{\"@type\":\"WebPage\",\"@id\":\"https:\/\/1001voyagesgourmands.com\/cs\/portoriko-plaze-luquillo-destny-prales-el-yunque\/\",\"url\":\"https:\/\/1001voyagesgourmands.com\/cs\/portoriko-plaze-luquillo-destny-prales-el-yunque\/\",\"name\":\"Portoriko: Pl\u00e1\u017ee v Luquillo a de\u0161tn\u00fd prales El Yunque - 1001 Voyages Gourmands\",\"isPartOf\":{\"@id\":\"https:\/\/1001voyagesgourmands.com\/cs\/#website\"},\"primaryImageOfPage\":{\"@id\":\"https:\/\/1001voyagesgourmands.com\/cs\/portoriko-plaze-luquillo-destny-prales-el-yunque\/#primaryimage\"},\"image\":{\"@id\":\"https:\/\/1001voyagesgourmands.com\/cs\/portoriko-plaze-luquillo-destny-prales-el-yunque\/#primaryimage\"},\"thumbnailUrl\":\"https:\/\/1001voyagesgourmands.com\/wp-content\/uploads\/2017\/06\/Plaze_Luquillo_destny_prales_el_yunque-37.jpg\",\"datePublished\":\"2017-06-19T20:43:59+00:00\",\"dateModified\":\"2017-06-20T12:28:12+00:00\",\"author\":{\"@id\":\"https:\/\/1001voyagesgourmands.com\/cs\/#\/schema\/person\/62e0e7238fcf7482b23bf83e1b72ff1b\"},\"description\":\"Dal\u0161\u00ed \u010dl\u00e1nek ze s\u00e9rie Portoriko je o pl\u00e1\u017e\u00edch v\u00fdchodn\u00edho pob\u0159e\u017e\u00ed a o tom, jak jsme v\u00fdletovali v de\u0161tn\u00e9m pralese El Yunque s portorik\u00e1nsk\u00fdm hudebn\u00edkem.\",\"breadcrumb\":{\"@id\":\"https:\/\/1001voyagesgourmands.com\/cs\/portoriko-plaze-luquillo-destny-prales-el-yunque\/#breadcrumb\"},\"inLanguage\":\"cs\",\"potentialAction\":[{\"@type\":\"ReadAction\",\"target\":[\"https:\/\/1001voyagesgourmands.com\/cs\/portoriko-plaze-luquillo-destny-prales-el-yunque\/\"]}]},{\"@type\":\"ImageObject\",\"inLanguage\":\"cs\",\"@id\":\"https:\/\/1001voyagesgourmands.com\/cs\/portoriko-plaze-luquillo-destny-prales-el-yunque\/#primaryimage\",\"url\":\"https:\/\/1001voyagesgourmands.com\/wp-content\/uploads\/2017\/06\/Plaze_Luquillo_destny_prales_el_yunque-37.jpg\",\"contentUrl\":\"https:\/\/1001voyagesgourmands.com\/wp-content\/uploads\/2017\/06\/Plaze_Luquillo_destny_prales_el_yunque-37.jpg\",\"width\":1000,\"height\":667,\"caption\":\"La Selva, Luquillo\"},{\"@type\":\"BreadcrumbList\",\"@id\":\"https:\/\/1001voyagesgourmands.com\/cs\/portoriko-plaze-luquillo-destny-prales-el-yunque\/#breadcrumb\",\"itemListElement\":[{\"@type\":\"ListItem\",\"position\":1,\"name\":\"Dom\u016f\",\"item\":\"https:\/\/1001voyagesgourmands.com\/cs\/\"},{\"@type\":\"ListItem\",\"position\":2,\"name\":\"Portoriko: Pl\u00e1\u017ee v Luquillo a de\u0161tn\u00fd prales El Yunque\"}]},{\"@type\":\"WebSite\",\"@id\":\"https:\/\/1001voyagesgourmands.com\/cs\/#website\",\"url\":\"https:\/\/1001voyagesgourmands.com\/cs\/\",\"name\":\"1001 Voyages Gourmands\",\"description\":\"Food | Travel | Photography\",\"potentialAction\":[{\"@type\":\"SearchAction\",\"target\":{\"@type\":\"EntryPoint\",\"urlTemplate\":\"https:\/\/1001voyagesgourmands.com\/cs\/?s={search_term_string}\"},\"query-input\":{\"@type\":\"PropertyValueSpecification\",\"valueRequired\":true,\"valueName\":\"search_term_string\"}}],\"inLanguage\":\"cs\"},{\"@type\":\"Person\",\"@id\":\"https:\/\/1001voyagesgourmands.com\/cs\/#\/schema\/person\/62e0e7238fcf7482b23bf83e1b72ff1b\",\"name\":\"Michaela\",\"image\":{\"@type\":\"ImageObject\",\"inLanguage\":\"cs\",\"@id\":\"https:\/\/1001voyagesgourmands.com\/cs\/#\/schema\/person\/image\/\",\"url\":\"https:\/\/secure.gravatar.com\/avatar\/73fa562a5b0ce269ca480f67de504b8ecac054a121d170e226f1b79e02024cb8?s=96&d=mm&r=g\",\"contentUrl\":\"https:\/\/secure.gravatar.com\/avatar\/73fa562a5b0ce269ca480f67de504b8ecac054a121d170e226f1b79e02024cb8?s=96&d=mm&r=g\",\"caption\":\"Michaela\"},\"sameAs\":[\"http:\/\/1001voyagesgourmands.com\"]}]}<\/script>\n<!-- \/ Yoast SEO plugin. -->","yoast_head_json":{"title":"Portoriko: Pl\u00e1\u017ee v Luquillo a de\u0161tn\u00fd prales El Yunque - 1001 Voyages Gourmands","description":"Dal\u0161\u00ed \u010dl\u00e1nek ze s\u00e9rie Portoriko je o pl\u00e1\u017e\u00edch v\u00fdchodn\u00edho pob\u0159e\u017e\u00ed a o tom, jak jsme v\u00fdletovali v de\u0161tn\u00e9m pralese El Yunque s portorik\u00e1nsk\u00fdm hudebn\u00edkem.","robots":{"index":"index","follow":"follow","max-snippet":"max-snippet:-1","max-image-preview":"max-image-preview:large","max-video-preview":"max-video-preview:-1"},"canonical":"https:\/\/1001voyagesgourmands.com\/cs\/portoriko-plaze-luquillo-destny-prales-el-yunque\/","og_locale":"cs_CZ","og_type":"article","og_title":"Portoriko: Pl\u00e1\u017ee v Luquillo a de\u0161tn\u00fd prales El Yunque - 1001 Voyages Gourmands","og_description":"Dal\u0161\u00ed \u010dl\u00e1nek ze s\u00e9rie Portoriko je o pl\u00e1\u017e\u00edch v\u00fdchodn\u00edho pob\u0159e\u017e\u00ed a o tom, jak jsme v\u00fdletovali v de\u0161tn\u00e9m pralese El Yunque s portorik\u00e1nsk\u00fdm hudebn\u00edkem.","og_url":"https:\/\/1001voyagesgourmands.com\/cs\/portoriko-plaze-luquillo-destny-prales-el-yunque\/","og_site_name":"1001 Voyages Gourmands","article_publisher":"https:\/\/www.facebook.com\/1001voyagesgourmands","article_published_time":"2017-06-19T20:43:59+00:00","article_modified_time":"2017-06-20T12:28:12+00:00","og_image":[{"width":1000,"height":667,"url":"https:\/\/1001voyagesgourmands.com\/wp-content\/uploads\/2017\/06\/Plaze_Luquillo_destny_prales_el_yunque-37.jpg","type":"image\/jpeg"}],"author":"Michaela","twitter_card":"summary_large_image","twitter_creator":"@michaela_1001vg","twitter_site":"@michaela_1001vg","twitter_misc":{"Napsal(a)":"Michaela","Odhadovan\u00e1 doba \u010dten\u00ed":"9 minut"},"schema":{"@context":"https:\/\/schema.org","@graph":[{"@type":"WebPage","@id":"https:\/\/1001voyagesgourmands.com\/cs\/portoriko-plaze-luquillo-destny-prales-el-yunque\/","url":"https:\/\/1001voyagesgourmands.com\/cs\/portoriko-plaze-luquillo-destny-prales-el-yunque\/","name":"Portoriko: Pl\u00e1\u017ee v Luquillo a de\u0161tn\u00fd prales El Yunque - 1001 Voyages Gourmands","isPartOf":{"@id":"https:\/\/1001voyagesgourmands.com\/cs\/#website"},"primaryImageOfPage":{"@id":"https:\/\/1001voyagesgourmands.com\/cs\/portoriko-plaze-luquillo-destny-prales-el-yunque\/#primaryimage"},"image":{"@id":"https:\/\/1001voyagesgourmands.com\/cs\/portoriko-plaze-luquillo-destny-prales-el-yunque\/#primaryimage"},"thumbnailUrl":"https:\/\/1001voyagesgourmands.com\/wp-content\/uploads\/2017\/06\/Plaze_Luquillo_destny_prales_el_yunque-37.jpg","datePublished":"2017-06-19T20:43:59+00:00","dateModified":"2017-06-20T12:28:12+00:00","author":{"@id":"https:\/\/1001voyagesgourmands.com\/cs\/#\/schema\/person\/62e0e7238fcf7482b23bf83e1b72ff1b"},"description":"Dal\u0161\u00ed \u010dl\u00e1nek ze s\u00e9rie Portoriko je o pl\u00e1\u017e\u00edch v\u00fdchodn\u00edho pob\u0159e\u017e\u00ed a o tom, jak jsme v\u00fdletovali v de\u0161tn\u00e9m pralese El Yunque s portorik\u00e1nsk\u00fdm hudebn\u00edkem.","breadcrumb":{"@id":"https:\/\/1001voyagesgourmands.com\/cs\/portoriko-plaze-luquillo-destny-prales-el-yunque\/#breadcrumb"},"inLanguage":"cs","potentialAction":[{"@type":"ReadAction","target":["https:\/\/1001voyagesgourmands.com\/cs\/portoriko-plaze-luquillo-destny-prales-el-yunque\/"]}]},{"@type":"ImageObject","inLanguage":"cs","@id":"https:\/\/1001voyagesgourmands.com\/cs\/portoriko-plaze-luquillo-destny-prales-el-yunque\/#primaryimage","url":"https:\/\/1001voyagesgourmands.com\/wp-content\/uploads\/2017\/06\/Plaze_Luquillo_destny_prales_el_yunque-37.jpg","contentUrl":"https:\/\/1001voyagesgourmands.com\/wp-content\/uploads\/2017\/06\/Plaze_Luquillo_destny_prales_el_yunque-37.jpg","width":1000,"height":667,"caption":"La Selva, Luquillo"},{"@type":"BreadcrumbList","@id":"https:\/\/1001voyagesgourmands.com\/cs\/portoriko-plaze-luquillo-destny-prales-el-yunque\/#breadcrumb","itemListElement":[{"@type":"ListItem","position":1,"name":"Dom\u016f","item":"https:\/\/1001voyagesgourmands.com\/cs\/"},{"@type":"ListItem","position":2,"name":"Portoriko: Pl\u00e1\u017ee v Luquillo a de\u0161tn\u00fd prales El Yunque"}]},{"@type":"WebSite","@id":"https:\/\/1001voyagesgourmands.com\/cs\/#website","url":"https:\/\/1001voyagesgourmands.com\/cs\/","name":"1001 Voyages Gourmands","description":"Food | Travel | Photography","potentialAction":[{"@type":"SearchAction","target":{"@type":"EntryPoint","urlTemplate":"https:\/\/1001voyagesgourmands.com\/cs\/?s={search_term_string}"},"query-input":{"@type":"PropertyValueSpecification","valueRequired":true,"valueName":"search_term_string"}}],"inLanguage":"cs"},{"@type":"Person","@id":"https:\/\/1001voyagesgourmands.com\/cs\/#\/schema\/person\/62e0e7238fcf7482b23bf83e1b72ff1b","name":"Michaela","image":{"@type":"ImageObject","inLanguage":"cs","@id":"https:\/\/1001voyagesgourmands.com\/cs\/#\/schema\/person\/image\/","url":"https:\/\/secure.gravatar.com\/avatar\/73fa562a5b0ce269ca480f67de504b8ecac054a121d170e226f1b79e02024cb8?s=96&d=mm&r=g","contentUrl":"https:\/\/secure.gravatar.com\/avatar\/73fa562a5b0ce269ca480f67de504b8ecac054a121d170e226f1b79e02024cb8?s=96&d=mm&r=g","caption":"Michaela"},"sameAs":["http:\/\/1001voyagesgourmands.com"]}]}},"_links":{"self":[{"href":"https:\/\/1001voyagesgourmands.com\/cs\/wp-json\/wp\/v2\/posts\/17034","targetHints":{"allow":["GET"]}}],"collection":[{"href":"https:\/\/1001voyagesgourmands.com\/cs\/wp-json\/wp\/v2\/posts"}],"about":[{"href":"https:\/\/1001voyagesgourmands.com\/cs\/wp-json\/wp\/v2\/types\/post"}],"author":[{"embeddable":true,"href":"https:\/\/1001voyagesgourmands.com\/cs\/wp-json\/wp\/v2\/users\/1"}],"replies":[{"embeddable":true,"href":"https:\/\/1001voyagesgourmands.com\/cs\/wp-json\/wp\/v2\/comments?post=17034"}],"version-history":[{"count":0,"href":"https:\/\/1001voyagesgourmands.com\/cs\/wp-json\/wp\/v2\/posts\/17034\/revisions"}],"wp:featuredmedia":[{"embeddable":true,"href":"https:\/\/1001voyagesgourmands.com\/cs\/wp-json\/wp\/v2\/media\/17063"}],"wp:attachment":[{"href":"https:\/\/1001voyagesgourmands.com\/cs\/wp-json\/wp\/v2\/media?parent=17034"}],"wp:term":[{"taxonomy":"category","embeddable":true,"href":"https:\/\/1001voyagesgourmands.com\/cs\/wp-json\/wp\/v2\/categories?post=17034"},{"taxonomy":"post_tag","embeddable":true,"href":"https:\/\/1001voyagesgourmands.com\/cs\/wp-json\/wp\/v2\/tags?post=17034"}],"curies":[{"name":"wp","href":"https:\/\/api.w.org\/{rel}","templated":true}]}}