{"id":16578,"date":"2017-05-15T08:00:55","date_gmt":"2017-05-15T06:00:55","guid":{"rendered":"http:\/\/1001voyagesgourmands.com\/?p=16578\/"},"modified":"2020-12-02T12:37:56","modified_gmt":"2020-12-02T11:37:56","slug":"food-truck-festival-brusel","status":"publish","type":"post","link":"https:\/\/1001voyagesgourmands.com\/cs\/food-truck-festival-brusel\/","title":{"rendered":"Food Truck Festival v Bruselu"},"content":{"rendered":"<p style=\"text-align: justify;\">Minul\u00fd v\u00edkend Brusel hostil ji\u017e \u010dtvrt\u00fd ro\u010dn\u00edk nejv\u011bt\u0161\u00edho food truck festivalu na sv\u011bt\u011b. Ka\u017ed\u00fd rok b\u011bhem t\u0159\u00ed dn\u016f v prvn\u00ed polovin\u011b kv\u011btna tak&nbsp;maj\u00ed m\u00edstn\u00ed jedine\u010dnou mo\u017enost si p\u0159ij\u00edt prohl\u00e9dnout rozmanit\u00e9 food trucks koncentrovan\u00e9 na jednom m\u00edst\u011b v Bruselu a ochutnat tak jejich speciality.<\/p>\n<p style=\"text-align: justify;\">Letos se bruselsk\u00fd Food Truck Festival konal v otev\u0159en\u00e9m are\u00e1lu Tour &amp; Taxis, kam se sjelo rovn\u00fdch 101 food trucks. Nechyb\u011bla tu belgick\u00e1, breta\u0148sk\u00e1, alsask\u00e1, italsk\u00e1, mexick\u00e1, jihoamerick\u00e1, kreolsk\u00e1, thajsk\u00e1, vietnamsk\u00e1, japonsk\u00e1, marock\u00e1, libanonsk\u00e1, arm\u00e9nsk\u00e1, ani africk\u00e1 kuchyn\u011b a mnoho dal\u0161\u00edch. Nav\u00edc dost food trucks nab\u00edzelo i vegetari\u00e1nsk\u00e9 a vegansk\u00e9 varianty. Mezi j\u00eddly, kter\u00e9 tu n\u00e1v\u0161t\u011bvn\u00edci mohli ochutnat, byly nap\u0159\u00edklad gurmet burgery, pln\u011bn\u00e9 brambory, tacos, kuskus, empan\u00e1dy, hranolky, grilovan\u00e9 maso, \u0161p\u00edzy, ryby a mo\u0159sk\u00e9 plody, \u0161neci, t\u011bstoviny, sma\u017een\u00e1 r\u00fd\u017ee, nudle, ale i sladkosti jako vafle, pala\u010dinky, zmrzlina, dort\u00edky a mnoho dal\u0161\u00edho. Byly tu i food trucks specializuj\u00edc\u00ed se vysloven\u011b na drinky jako koktejly, bublinky \u010di belgick\u00e1 piva.<\/p>\n<p style=\"text-align: justify;\">My jsme&nbsp;na akci p\u0159i\u0161li posledn\u00ed den v ned\u011bli a navzdory zata\u017een\u00e9 obloze a v\u011btru tu i tak bylo&nbsp;narv\u00e1no. P\u0159i \u010dek\u00e1n\u00ed na kamar\u00e1dy jsme si to tu nejprve&nbsp;n\u011bkolikr\u00e1t pro\u0161li a vytipovali&nbsp;j\u00eddla, co n\u00e1s zaj\u00edmala. Tolik rozmanit\u00fdch food trucks na jednom m\u00edst\u011b a tolik exotick\u00fdch chut\u00ed, v\u016fn\u00ed, kter\u00e9 l\u00e1kaly k zastaven\u00ed! Nakonec jsme neodolali a dali jsme si pro za\u010d\u00e1tek hranolky ze sladk\u00fdch brambor s m\u00e1tovo-jogurtovou om\u00e1\u010dkou u <strong>Bou-Bou Truck<\/strong>, jen\u017e sem p\u0159ijel z francouzsk\u00e9ho Lille. V\u0161e bylo \u010derstv\u00e9 p\u0159ipraven\u00e9 p\u0159\u00edmo p\u0159ed na\u0161ema o\u010dima a byla to lahoda! Kdy\u017e dorazili kamar\u00e1di, vybrali jsme mexickou kuchyni &#8211; j\u00e1 si dala quesadillu s koz\u00edm s\u00fdrem a pur\u00e9 ze sladk\u00fdch brambor u <strong>The Vexican<\/strong> a ostatn\u00ed si dali tortillu \u010di mlet\u00e9 maso s tacos a guacamole u <strong>Tacos Amigos<\/strong>. &nbsp;<\/p>\n<p style=\"text-align: justify;\">Co se mi l\u00edb\u00ed na konceptu bruselsk\u00e9ho Food Truck Festivalu, je hlavn\u011b pestrost co se t\u00fdk\u00e1 street food a \u017ee i vegetari\u00e1ni a vegani si tu maj\u00ed z \u010deho vybrat a pak kreativita majitel\u016f food trucks &#8211; n\u011bkter\u00e9 jsou hezky t\u00e9maticky dekorovan\u00e9 a obsluha je stylov\u011b oble\u010den\u00e1, tak\u017ee je to pod\u00edvan\u00e1 pro o\u010di.&nbsp;Nav\u00edc se zde pou\u017e\u00edv\u00e1 ekologicky \u0161etrn\u00e9 n\u00e1dob\u00ed. A co se n\u00e1m naopak nel\u00edbilo v\u0161em, byly ceny &#8211; n\u011bkde dost vysok\u00e9 na to, co \u010dlov\u011bk dostane, hlavn\u011b co se t\u00fdk\u00e1 velikosti porc\u00ed.<\/p>\n<p style=\"text-align: justify;\">&nbsp;<\/p>\n<p style=\"text-align: justify;\"><img loading=\"lazy\" decoding=\"async\" class=\"aligncenter size-full wp-image-16593\" src=\"http:\/\/1001voyagesgourmands.com\/wp-content\/uploads\/2017\/05\/Food_Truck_Festival-11.jpg\" alt=\"Minul\u00fd v\u00edkend se ji\u017e \u010dtvrt\u00fdm rokem v Bruselu konal nejv\u011bt\u0161\u00ed food truck festival na sv\u011bt\u011b, kam p\u0159ijelo rovn\u00fdch 101 food trucks s rozmanitou nab\u00eddkou.\" width=\"1000\" height=\"667\" srcset=\"https:\/\/1001voyagesgourmands.com\/wp-content\/uploads\/2017\/05\/Food_Truck_Festival-11.jpg 1000w, https:\/\/1001voyagesgourmands.com\/wp-content\/uploads\/2017\/05\/Food_Truck_Festival-11-263x175.jpg 263w, https:\/\/1001voyagesgourmands.com\/wp-content\/uploads\/2017\/05\/Food_Truck_Festival-11-300x200.jpg 300w, https:\/\/1001voyagesgourmands.com\/wp-content\/uploads\/2017\/05\/Food_Truck_Festival-11-768x512.jpg 768w, https:\/\/1001voyagesgourmands.com\/wp-content\/uploads\/2017\/05\/Food_Truck_Festival-11-585x390.jpg 585w\" sizes=\"auto, (max-width: 1000px) 100vw, 1000px\" \/><\/p>\n<p style=\"text-align: justify;\"><img loading=\"lazy\" decoding=\"async\" class=\"aligncenter size-full wp-image-16583\" src=\"http:\/\/1001voyagesgourmands.com\/wp-content\/uploads\/2017\/05\/Food_Truck_Festival-1.jpg\" alt=\"Minul\u00fd v\u00edkend se ji\u017e \u010dtvrt\u00fdm rokem v Bruselu konal nejv\u011bt\u0161\u00ed food truck festival na sv\u011bt\u011b, kam p\u0159ijelo rovn\u00fdch 101 food trucks s rozmanitou nab\u00eddkou.\" width=\"1000\" height=\"667\" srcset=\"https:\/\/1001voyagesgourmands.com\/wp-content\/uploads\/2017\/05\/Food_Truck_Festival-1.jpg 1000w, https:\/\/1001voyagesgourmands.com\/wp-content\/uploads\/2017\/05\/Food_Truck_Festival-1-263x175.jpg 263w, https:\/\/1001voyagesgourmands.com\/wp-content\/uploads\/2017\/05\/Food_Truck_Festival-1-300x200.jpg 300w, https:\/\/1001voyagesgourmands.com\/wp-content\/uploads\/2017\/05\/Food_Truck_Festival-1-768x512.jpg 768w, https:\/\/1001voyagesgourmands.com\/wp-content\/uploads\/2017\/05\/Food_Truck_Festival-1-585x390.jpg 585w\" sizes=\"auto, (max-width: 1000px) 100vw, 1000px\" \/><\/p>\n<p style=\"text-align: justify;\"><img loading=\"lazy\" decoding=\"async\" class=\"aligncenter size-full wp-image-16596\" src=\"http:\/\/1001voyagesgourmands.com\/wp-content\/uploads\/2017\/05\/Food_Truck_Festival-14.jpg\" alt=\"Minul\u00fd v\u00edkend se ji\u017e \u010dtvrt\u00fdm rokem v Bruselu konal nejv\u011bt\u0161\u00ed food truck festival na sv\u011bt\u011b, kam p\u0159ijelo rovn\u00fdch 101 food trucks s rozmanitou nab\u00eddkou.\" width=\"1000\" height=\"667\" srcset=\"https:\/\/1001voyagesgourmands.com\/wp-content\/uploads\/2017\/05\/Food_Truck_Festival-14.jpg 1000w, https:\/\/1001voyagesgourmands.com\/wp-content\/uploads\/2017\/05\/Food_Truck_Festival-14-263x175.jpg 263w, https:\/\/1001voyagesgourmands.com\/wp-content\/uploads\/2017\/05\/Food_Truck_Festival-14-300x200.jpg 300w, https:\/\/1001voyagesgourmands.com\/wp-content\/uploads\/2017\/05\/Food_Truck_Festival-14-768x512.jpg 768w, https:\/\/1001voyagesgourmands.com\/wp-content\/uploads\/2017\/05\/Food_Truck_Festival-14-585x390.jpg 585w\" sizes=\"auto, (max-width: 1000px) 100vw, 1000px\" \/><\/p>\n<p style=\"text-align: justify;\"><img loading=\"lazy\" decoding=\"async\" class=\"aligncenter wp-image-16600\" src=\"http:\/\/1001voyagesgourmands.com\/wp-content\/uploads\/2017\/05\/Food_Truck_Festival-18-683x1024.jpg\" alt=\"Minul\u00fd v\u00edkend se ji\u017e \u010dtvrt\u00fdm rokem v Bruselu konal nejv\u011bt\u0161\u00ed food truck festival na sv\u011bt\u011b, kam p\u0159ijelo rovn\u00fdch 101 food trucks s rozmanitou nab\u00eddkou.\" width=\"859\" height=\"1288\" srcset=\"https:\/\/1001voyagesgourmands.com\/wp-content\/uploads\/2017\/05\/Food_Truck_Festival-18-683x1024.jpg 683w, https:\/\/1001voyagesgourmands.com\/wp-content\/uploads\/2017\/05\/Food_Truck_Festival-18-200x300.jpg 200w, https:\/\/1001voyagesgourmands.com\/wp-content\/uploads\/2017\/05\/Food_Truck_Festival-18-768x1152.jpg 768w, https:\/\/1001voyagesgourmands.com\/wp-content\/uploads\/2017\/05\/Food_Truck_Festival-18-585x878.jpg 585w, https:\/\/1001voyagesgourmands.com\/wp-content\/uploads\/2017\/05\/Food_Truck_Festival-18.jpg 1000w\" sizes=\"auto, (max-width: 859px) 100vw, 859px\" \/><\/p>\n<p style=\"text-align: justify;\"><img loading=\"lazy\" decoding=\"async\" class=\"aligncenter size-full wp-image-16591\" src=\"http:\/\/1001voyagesgourmands.com\/wp-content\/uploads\/2017\/05\/Food_Truck_Festival-9.jpg\" alt=\"Minul\u00fd v\u00edkend se ji\u017e \u010dtvrt\u00fdm rokem v Bruselu konal nejv\u011bt\u0161\u00ed food truck festival na sv\u011bt\u011b, kam p\u0159ijelo rovn\u00fdch 101 food trucks s rozmanitou nab\u00eddkou.\" width=\"1000\" height=\"667\" srcset=\"https:\/\/1001voyagesgourmands.com\/wp-content\/uploads\/2017\/05\/Food_Truck_Festival-9.jpg 1000w, https:\/\/1001voyagesgourmands.com\/wp-content\/uploads\/2017\/05\/Food_Truck_Festival-9-263x175.jpg 263w, https:\/\/1001voyagesgourmands.com\/wp-content\/uploads\/2017\/05\/Food_Truck_Festival-9-300x200.jpg 300w, https:\/\/1001voyagesgourmands.com\/wp-content\/uploads\/2017\/05\/Food_Truck_Festival-9-768x512.jpg 768w, https:\/\/1001voyagesgourmands.com\/wp-content\/uploads\/2017\/05\/Food_Truck_Festival-9-585x390.jpg 585w\" sizes=\"auto, (max-width: 1000px) 100vw, 1000px\" \/><\/p>\n<p style=\"text-align: justify;\"><img loading=\"lazy\" decoding=\"async\" class=\"aligncenter size-full wp-image-16592\" src=\"http:\/\/1001voyagesgourmands.com\/wp-content\/uploads\/2017\/05\/Food_Truck_Festival-10.jpg\" alt=\"Minul\u00fd v\u00edkend se ji\u017e \u010dtvrt\u00fdm rokem v Bruselu konal nejv\u011bt\u0161\u00ed food truck festival na sv\u011bt\u011b, kam p\u0159ijelo rovn\u00fdch 101 food trucks s rozmanitou nab\u00eddkou.\" width=\"1000\" height=\"667\" srcset=\"https:\/\/1001voyagesgourmands.com\/wp-content\/uploads\/2017\/05\/Food_Truck_Festival-10.jpg 1000w, https:\/\/1001voyagesgourmands.com\/wp-content\/uploads\/2017\/05\/Food_Truck_Festival-10-263x175.jpg 263w, https:\/\/1001voyagesgourmands.com\/wp-content\/uploads\/2017\/05\/Food_Truck_Festival-10-300x200.jpg 300w, https:\/\/1001voyagesgourmands.com\/wp-content\/uploads\/2017\/05\/Food_Truck_Festival-10-768x512.jpg 768w, https:\/\/1001voyagesgourmands.com\/wp-content\/uploads\/2017\/05\/Food_Truck_Festival-10-585x390.jpg 585w\" sizes=\"auto, (max-width: 1000px) 100vw, 1000px\" \/><\/p>\n<p style=\"text-align: justify;\"><img loading=\"lazy\" decoding=\"async\" class=\"aligncenter size-full wp-image-16584\" src=\"http:\/\/1001voyagesgourmands.com\/wp-content\/uploads\/2017\/05\/Food_Truck_Festival-2.jpg\" alt=\"Minul\u00fd v\u00edkend se ji\u017e \u010dtvrt\u00fdm rokem v Bruselu konal nejv\u011bt\u0161\u00ed food truck festival na sv\u011bt\u011b, kam p\u0159ijelo rovn\u00fdch 101 food trucks s rozmanitou nab\u00eddkou.\" width=\"1000\" height=\"667\" srcset=\"https:\/\/1001voyagesgourmands.com\/wp-content\/uploads\/2017\/05\/Food_Truck_Festival-2.jpg 1000w, https:\/\/1001voyagesgourmands.com\/wp-content\/uploads\/2017\/05\/Food_Truck_Festival-2-263x175.jpg 263w, https:\/\/1001voyagesgourmands.com\/wp-content\/uploads\/2017\/05\/Food_Truck_Festival-2-300x200.jpg 300w, https:\/\/1001voyagesgourmands.com\/wp-content\/uploads\/2017\/05\/Food_Truck_Festival-2-768x512.jpg 768w, https:\/\/1001voyagesgourmands.com\/wp-content\/uploads\/2017\/05\/Food_Truck_Festival-2-585x390.jpg 585w\" sizes=\"auto, (max-width: 1000px) 100vw, 1000px\" \/><\/p>\n<p style=\"text-align: justify;\"><img loading=\"lazy\" decoding=\"async\" class=\"aligncenter size-full wp-image-16598\" src=\"http:\/\/1001voyagesgourmands.com\/wp-content\/uploads\/2017\/05\/Food_Truck_Festival-16.jpg\" alt=\"Minul\u00fd v\u00edkend se ji\u017e \u010dtvrt\u00fdm rokem v Bruselu konal nejv\u011bt\u0161\u00ed food truck festival na sv\u011bt\u011b, kam p\u0159ijelo rovn\u00fdch 101 food trucks s rozmanitou nab\u00eddkou.\" width=\"1000\" height=\"667\" srcset=\"https:\/\/1001voyagesgourmands.com\/wp-content\/uploads\/2017\/05\/Food_Truck_Festival-16.jpg 1000w, https:\/\/1001voyagesgourmands.com\/wp-content\/uploads\/2017\/05\/Food_Truck_Festival-16-263x175.jpg 263w, https:\/\/1001voyagesgourmands.com\/wp-content\/uploads\/2017\/05\/Food_Truck_Festival-16-300x200.jpg 300w, https:\/\/1001voyagesgourmands.com\/wp-content\/uploads\/2017\/05\/Food_Truck_Festival-16-768x512.jpg 768w, https:\/\/1001voyagesgourmands.com\/wp-content\/uploads\/2017\/05\/Food_Truck_Festival-16-585x390.jpg 585w\" sizes=\"auto, (max-width: 1000px) 100vw, 1000px\" \/><\/p>\n<p style=\"text-align: justify;\"><img loading=\"lazy\" decoding=\"async\" class=\"aligncenter size-full wp-image-16588\" src=\"http:\/\/1001voyagesgourmands.com\/wp-content\/uploads\/2017\/05\/Food_Truck_Festival-6.jpg\" alt=\"Minul\u00fd v\u00edkend se ji\u017e \u010dtvrt\u00fdm rokem v Bruselu konal nejv\u011bt\u0161\u00ed food truck festival na sv\u011bt\u011b, kam p\u0159ijelo rovn\u00fdch 101 food trucks s rozmanitou nab\u00eddkou.\" width=\"1000\" height=\"667\" srcset=\"https:\/\/1001voyagesgourmands.com\/wp-content\/uploads\/2017\/05\/Food_Truck_Festival-6.jpg 1000w, https:\/\/1001voyagesgourmands.com\/wp-content\/uploads\/2017\/05\/Food_Truck_Festival-6-263x175.jpg 263w, https:\/\/1001voyagesgourmands.com\/wp-content\/uploads\/2017\/05\/Food_Truck_Festival-6-300x200.jpg 300w, https:\/\/1001voyagesgourmands.com\/wp-content\/uploads\/2017\/05\/Food_Truck_Festival-6-768x512.jpg 768w, https:\/\/1001voyagesgourmands.com\/wp-content\/uploads\/2017\/05\/Food_Truck_Festival-6-585x390.jpg 585w\" sizes=\"auto, (max-width: 1000px) 100vw, 1000px\" \/><\/p>\n<p style=\"text-align: justify;\"><img loading=\"lazy\" decoding=\"async\" class=\"aligncenter wp-image-16603\" src=\"http:\/\/1001voyagesgourmands.com\/wp-content\/uploads\/2017\/05\/Food_Truck_Festival-21-683x1024.jpg\" alt=\"Minul\u00fd v\u00edkend se ji\u017e \u010dtvrt\u00fdm rokem v Bruselu konal nejv\u011bt\u0161\u00ed food truck festival na sv\u011bt\u011b, kam p\u0159ijelo rovn\u00fdch 101 food trucks s rozmanitou nab\u00eddkou.\" width=\"893\" height=\"1339\" srcset=\"https:\/\/1001voyagesgourmands.com\/wp-content\/uploads\/2017\/05\/Food_Truck_Festival-21-683x1024.jpg 683w, https:\/\/1001voyagesgourmands.com\/wp-content\/uploads\/2017\/05\/Food_Truck_Festival-21-200x300.jpg 200w, https:\/\/1001voyagesgourmands.com\/wp-content\/uploads\/2017\/05\/Food_Truck_Festival-21-768x1152.jpg 768w, https:\/\/1001voyagesgourmands.com\/wp-content\/uploads\/2017\/05\/Food_Truck_Festival-21-585x878.jpg 585w, https:\/\/1001voyagesgourmands.com\/wp-content\/uploads\/2017\/05\/Food_Truck_Festival-21.jpg 1000w\" sizes=\"auto, (max-width: 893px) 100vw, 893px\" \/><\/p>\n<p style=\"text-align: justify;\"><img loading=\"lazy\" decoding=\"async\" class=\"aligncenter size-full wp-image-16604\" src=\"http:\/\/1001voyagesgourmands.com\/wp-content\/uploads\/2017\/05\/Food_Truck_Festival-22.jpg\" alt=\"Minul\u00fd v\u00edkend se ji\u017e \u010dtvrt\u00fdm rokem v Bruselu konal nejv\u011bt\u0161\u00ed food truck festival na sv\u011bt\u011b, kam p\u0159ijelo rovn\u00fdch 101 food trucks s rozmanitou nab\u00eddkou.\" width=\"1000\" height=\"667\" srcset=\"https:\/\/1001voyagesgourmands.com\/wp-content\/uploads\/2017\/05\/Food_Truck_Festival-22.jpg 1000w, https:\/\/1001voyagesgourmands.com\/wp-content\/uploads\/2017\/05\/Food_Truck_Festival-22-263x175.jpg 263w, https:\/\/1001voyagesgourmands.com\/wp-content\/uploads\/2017\/05\/Food_Truck_Festival-22-300x200.jpg 300w, https:\/\/1001voyagesgourmands.com\/wp-content\/uploads\/2017\/05\/Food_Truck_Festival-22-768x512.jpg 768w, https:\/\/1001voyagesgourmands.com\/wp-content\/uploads\/2017\/05\/Food_Truck_Festival-22-585x390.jpg 585w\" sizes=\"auto, (max-width: 1000px) 100vw, 1000px\" \/><\/p>\n<p style=\"text-align: justify;\"><img loading=\"lazy\" decoding=\"async\" class=\"aligncenter size-full wp-image-16605\" src=\"http:\/\/1001voyagesgourmands.com\/wp-content\/uploads\/2017\/05\/Food_Truck_Festival-23.jpg\" alt=\"Minul\u00fd v\u00edkend se ji\u017e \u010dtvrt\u00fdm rokem v Bruselu konal nejv\u011bt\u0161\u00ed food truck festival na sv\u011bt\u011b, kam p\u0159ijelo rovn\u00fdch 101 food trucks s rozmanitou nab\u00eddkou.\" width=\"1000\" height=\"667\" srcset=\"https:\/\/1001voyagesgourmands.com\/wp-content\/uploads\/2017\/05\/Food_Truck_Festival-23.jpg 1000w, https:\/\/1001voyagesgourmands.com\/wp-content\/uploads\/2017\/05\/Food_Truck_Festival-23-263x175.jpg 263w, https:\/\/1001voyagesgourmands.com\/wp-content\/uploads\/2017\/05\/Food_Truck_Festival-23-300x200.jpg 300w, https:\/\/1001voyagesgourmands.com\/wp-content\/uploads\/2017\/05\/Food_Truck_Festival-23-768x512.jpg 768w, https:\/\/1001voyagesgourmands.com\/wp-content\/uploads\/2017\/05\/Food_Truck_Festival-23-585x390.jpg 585w\" sizes=\"auto, (max-width: 1000px) 100vw, 1000px\" \/><\/p>\n<p style=\"text-align: justify;\"><img loading=\"lazy\" decoding=\"async\" class=\"aligncenter size-full wp-image-16602\" src=\"http:\/\/1001voyagesgourmands.com\/wp-content\/uploads\/2017\/05\/Food_Truck_Festival-20.jpg\" alt=\"Minul\u00fd v\u00edkend se ji\u017e \u010dtvrt\u00fdm rokem v Bruselu konal nejv\u011bt\u0161\u00ed food truck festival na sv\u011bt\u011b, kam p\u0159ijelo rovn\u00fdch 101 food trucks s rozmanitou nab\u00eddkou.\" width=\"1000\" height=\"667\" srcset=\"https:\/\/1001voyagesgourmands.com\/wp-content\/uploads\/2017\/05\/Food_Truck_Festival-20.jpg 1000w, https:\/\/1001voyagesgourmands.com\/wp-content\/uploads\/2017\/05\/Food_Truck_Festival-20-263x175.jpg 263w, https:\/\/1001voyagesgourmands.com\/wp-content\/uploads\/2017\/05\/Food_Truck_Festival-20-300x200.jpg 300w, https:\/\/1001voyagesgourmands.com\/wp-content\/uploads\/2017\/05\/Food_Truck_Festival-20-768x512.jpg 768w, https:\/\/1001voyagesgourmands.com\/wp-content\/uploads\/2017\/05\/Food_Truck_Festival-20-585x390.jpg 585w\" sizes=\"auto, (max-width: 1000px) 100vw, 1000px\" \/><\/p>\n<p style=\"text-align: justify;\"><img loading=\"lazy\" decoding=\"async\" class=\"aligncenter wp-image-16599\" src=\"http:\/\/1001voyagesgourmands.com\/wp-content\/uploads\/2017\/05\/Food_Truck_Festival-17-683x1024.jpg\" alt=\"Minul\u00fd v\u00edkend se ji\u017e \u010dtvrt\u00fdm rokem v Bruselu konal nejv\u011bt\u0161\u00ed food truck festival na sv\u011bt\u011b, kam p\u0159ijelo rovn\u00fdch 101 food trucks s rozmanitou nab\u00eddkou.\" width=\"839\" height=\"1258\" srcset=\"https:\/\/1001voyagesgourmands.com\/wp-content\/uploads\/2017\/05\/Food_Truck_Festival-17-683x1024.jpg 683w, https:\/\/1001voyagesgourmands.com\/wp-content\/uploads\/2017\/05\/Food_Truck_Festival-17-200x300.jpg 200w, https:\/\/1001voyagesgourmands.com\/wp-content\/uploads\/2017\/05\/Food_Truck_Festival-17-768x1152.jpg 768w, https:\/\/1001voyagesgourmands.com\/wp-content\/uploads\/2017\/05\/Food_Truck_Festival-17-585x878.jpg 585w, https:\/\/1001voyagesgourmands.com\/wp-content\/uploads\/2017\/05\/Food_Truck_Festival-17.jpg 1000w\" sizes=\"auto, (max-width: 839px) 100vw, 839px\" \/><\/p>\n<p style=\"text-align: justify;\"><img loading=\"lazy\" decoding=\"async\" class=\"aligncenter size-full wp-image-16590\" src=\"http:\/\/1001voyagesgourmands.com\/wp-content\/uploads\/2017\/05\/Food_Truck_Festival-8.jpg\" alt=\"Minul\u00fd v\u00edkend se ji\u017e \u010dtvrt\u00fdm rokem v Bruselu konal nejv\u011bt\u0161\u00ed food truck festival na sv\u011bt\u011b, kam p\u0159ijelo rovn\u00fdch 101 food trucks s rozmanitou nab\u00eddkou.\" width=\"1000\" height=\"667\" srcset=\"https:\/\/1001voyagesgourmands.com\/wp-content\/uploads\/2017\/05\/Food_Truck_Festival-8.jpg 1000w, https:\/\/1001voyagesgourmands.com\/wp-content\/uploads\/2017\/05\/Food_Truck_Festival-8-263x175.jpg 263w, https:\/\/1001voyagesgourmands.com\/wp-content\/uploads\/2017\/05\/Food_Truck_Festival-8-300x200.jpg 300w, https:\/\/1001voyagesgourmands.com\/wp-content\/uploads\/2017\/05\/Food_Truck_Festival-8-768x512.jpg 768w, https:\/\/1001voyagesgourmands.com\/wp-content\/uploads\/2017\/05\/Food_Truck_Festival-8-585x390.jpg 585w\" sizes=\"auto, (max-width: 1000px) 100vw, 1000px\" \/><\/p>\n<p style=\"text-align: justify;\"><img loading=\"lazy\" decoding=\"async\" class=\"aligncenter size-full wp-image-16589\" src=\"http:\/\/1001voyagesgourmands.com\/wp-content\/uploads\/2017\/05\/Food_Truck_Festival-7.jpg\" alt=\"Minul\u00fd v\u00edkend se ji\u017e \u010dtvrt\u00fdm rokem v Bruselu konal nejv\u011bt\u0161\u00ed food truck festival na sv\u011bt\u011b, kam p\u0159ijelo rovn\u00fdch 101 food trucks s rozmanitou nab\u00eddkou.\" width=\"1000\" height=\"667\" srcset=\"https:\/\/1001voyagesgourmands.com\/wp-content\/uploads\/2017\/05\/Food_Truck_Festival-7.jpg 1000w, https:\/\/1001voyagesgourmands.com\/wp-content\/uploads\/2017\/05\/Food_Truck_Festival-7-263x175.jpg 263w, https:\/\/1001voyagesgourmands.com\/wp-content\/uploads\/2017\/05\/Food_Truck_Festival-7-300x200.jpg 300w, https:\/\/1001voyagesgourmands.com\/wp-content\/uploads\/2017\/05\/Food_Truck_Festival-7-768x512.jpg 768w, https:\/\/1001voyagesgourmands.com\/wp-content\/uploads\/2017\/05\/Food_Truck_Festival-7-585x390.jpg 585w\" sizes=\"auto, (max-width: 1000px) 100vw, 1000px\" \/><\/p>\n<p style=\"text-align: justify;\"><img loading=\"lazy\" decoding=\"async\" class=\"aligncenter size-full wp-image-16585\" src=\"http:\/\/1001voyagesgourmands.com\/wp-content\/uploads\/2017\/05\/Food_Truck_Festival-3.jpg\" alt=\"Minul\u00fd v\u00edkend se ji\u017e \u010dtvrt\u00fdm rokem v Bruselu konal nejv\u011bt\u0161\u00ed food truck festival na sv\u011bt\u011b, kam p\u0159ijelo rovn\u00fdch 101 food trucks s rozmanitou nab\u00eddkou.\" width=\"1000\" height=\"667\" srcset=\"https:\/\/1001voyagesgourmands.com\/wp-content\/uploads\/2017\/05\/Food_Truck_Festival-3.jpg 1000w, https:\/\/1001voyagesgourmands.com\/wp-content\/uploads\/2017\/05\/Food_Truck_Festival-3-263x175.jpg 263w, https:\/\/1001voyagesgourmands.com\/wp-content\/uploads\/2017\/05\/Food_Truck_Festival-3-300x200.jpg 300w, https:\/\/1001voyagesgourmands.com\/wp-content\/uploads\/2017\/05\/Food_Truck_Festival-3-768x512.jpg 768w, https:\/\/1001voyagesgourmands.com\/wp-content\/uploads\/2017\/05\/Food_Truck_Festival-3-585x390.jpg 585w\" sizes=\"auto, (max-width: 1000px) 100vw, 1000px\" \/><\/p>\n<p style=\"text-align: justify;\"><img loading=\"lazy\" decoding=\"async\" class=\"aligncenter size-full wp-image-16606\" src=\"http:\/\/1001voyagesgourmands.com\/wp-content\/uploads\/2017\/05\/Food_Truck_Festival-24.jpg\" alt=\"Minul\u00fd v\u00edkend se ji\u017e \u010dtvrt\u00fdm rokem v Bruselu konal nejv\u011bt\u0161\u00ed food truck festival na sv\u011bt\u011b, kam p\u0159ijelo rovn\u00fdch 101 food trucks s rozmanitou nab\u00eddkou.\" width=\"1000\" height=\"667\" srcset=\"https:\/\/1001voyagesgourmands.com\/wp-content\/uploads\/2017\/05\/Food_Truck_Festival-24.jpg 1000w, https:\/\/1001voyagesgourmands.com\/wp-content\/uploads\/2017\/05\/Food_Truck_Festival-24-263x175.jpg 263w, https:\/\/1001voyagesgourmands.com\/wp-content\/uploads\/2017\/05\/Food_Truck_Festival-24-300x200.jpg 300w, https:\/\/1001voyagesgourmands.com\/wp-content\/uploads\/2017\/05\/Food_Truck_Festival-24-768x512.jpg 768w, https:\/\/1001voyagesgourmands.com\/wp-content\/uploads\/2017\/05\/Food_Truck_Festival-24-585x390.jpg 585w\" sizes=\"auto, (max-width: 1000px) 100vw, 1000px\" \/><\/p>\n<p style=\"text-align: justify;\"><img loading=\"lazy\" decoding=\"async\" class=\"aligncenter size-full wp-image-16587\" src=\"http:\/\/1001voyagesgourmands.com\/wp-content\/uploads\/2017\/05\/Food_Truck_Festival-5.jpg\" alt=\"Minul\u00fd v\u00edkend se ji\u017e \u010dtvrt\u00fdm rokem v Bruselu konal nejv\u011bt\u0161\u00ed food truck festival na sv\u011bt\u011b, kam p\u0159ijelo rovn\u00fdch 101 food trucks s rozmanitou nab\u00eddkou.\" width=\"1000\" height=\"667\" srcset=\"https:\/\/1001voyagesgourmands.com\/wp-content\/uploads\/2017\/05\/Food_Truck_Festival-5.jpg 1000w, https:\/\/1001voyagesgourmands.com\/wp-content\/uploads\/2017\/05\/Food_Truck_Festival-5-263x175.jpg 263w, https:\/\/1001voyagesgourmands.com\/wp-content\/uploads\/2017\/05\/Food_Truck_Festival-5-300x200.jpg 300w, https:\/\/1001voyagesgourmands.com\/wp-content\/uploads\/2017\/05\/Food_Truck_Festival-5-768x512.jpg 768w, https:\/\/1001voyagesgourmands.com\/wp-content\/uploads\/2017\/05\/Food_Truck_Festival-5-585x390.jpg 585w\" sizes=\"auto, (max-width: 1000px) 100vw, 1000px\" \/><\/p>\n<p style=\"text-align: justify;\"><img loading=\"lazy\" decoding=\"async\" class=\"aligncenter size-full wp-image-16607\" src=\"http:\/\/1001voyagesgourmands.com\/wp-content\/uploads\/2017\/05\/Food_Truck_Festival-25.jpg\" alt=\"Minul\u00fd v\u00edkend se ji\u017e \u010dtvrt\u00fdm rokem v Bruselu konal nejv\u011bt\u0161\u00ed food truck festival na sv\u011bt\u011b, kam p\u0159ijelo rovn\u00fdch 101 food trucks s rozmanitou nab\u00eddkou.\" width=\"1000\" height=\"667\" srcset=\"https:\/\/1001voyagesgourmands.com\/wp-content\/uploads\/2017\/05\/Food_Truck_Festival-25.jpg 1000w, https:\/\/1001voyagesgourmands.com\/wp-content\/uploads\/2017\/05\/Food_Truck_Festival-25-263x175.jpg 263w, https:\/\/1001voyagesgourmands.com\/wp-content\/uploads\/2017\/05\/Food_Truck_Festival-25-300x200.jpg 300w, https:\/\/1001voyagesgourmands.com\/wp-content\/uploads\/2017\/05\/Food_Truck_Festival-25-768x512.jpg 768w, https:\/\/1001voyagesgourmands.com\/wp-content\/uploads\/2017\/05\/Food_Truck_Festival-25-585x390.jpg 585w\" sizes=\"auto, (max-width: 1000px) 100vw, 1000px\" \/><\/p>\n<p style=\"text-align: justify;\"><img loading=\"lazy\" decoding=\"async\" class=\"aligncenter size-full wp-image-16595\" src=\"http:\/\/1001voyagesgourmands.com\/wp-content\/uploads\/2017\/05\/Food_Truck_Festival-13.jpg\" alt=\"Minul\u00fd v\u00edkend se ji\u017e \u010dtvrt\u00fdm rokem v Bruselu konal nejv\u011bt\u0161\u00ed food truck festival na sv\u011bt\u011b, kam p\u0159ijelo rovn\u00fdch 101 food trucks s rozmanitou nab\u00eddkou.\" width=\"1000\" height=\"667\" srcset=\"https:\/\/1001voyagesgourmands.com\/wp-content\/uploads\/2017\/05\/Food_Truck_Festival-13.jpg 1000w, https:\/\/1001voyagesgourmands.com\/wp-content\/uploads\/2017\/05\/Food_Truck_Festival-13-263x175.jpg 263w, https:\/\/1001voyagesgourmands.com\/wp-content\/uploads\/2017\/05\/Food_Truck_Festival-13-300x200.jpg 300w, https:\/\/1001voyagesgourmands.com\/wp-content\/uploads\/2017\/05\/Food_Truck_Festival-13-768x512.jpg 768w, https:\/\/1001voyagesgourmands.com\/wp-content\/uploads\/2017\/05\/Food_Truck_Festival-13-585x390.jpg 585w\" sizes=\"auto, (max-width: 1000px) 100vw, 1000px\" \/><\/p>\n<p style=\"text-align: justify;\">&nbsp;<\/p>\n<p style=\"text-align: justify;\"><span style=\"text-decoration: underline;\">V\u00edce informac\u00ed<\/span>: <strong><a href=\"http:\/\/www.europeanfoodtruckfestival.org\/fr\/event\/1705bxl\" target=\"_blank\" rel=\"noopener noreferrer\">www.europeanfoodtruckfestival.org<\/a><\/strong><\/p>\n<p style=\"text-align: justify;\"><em><strong>Pozn.<\/strong>: Food Truck Festival se&nbsp;kon\u00e1 ka\u017ed\u00fd rok stejn\u00fd v\u00edkend jako bruselsk\u00fd Iris Festival, tak\u017ee pokud zrovna touto dobou budete v Bruselu, rozhodn\u011b se tu ve m\u011bst\u011b nebudete nudit!<\/em><\/p>\n<p style=\"text-align: justify;\"><em>\u0158ekn\u011bte mi, byli jsme na podobn\u00e9m food truck festivalu n\u011bkde jinde? Jak\u00e9 to bylo?<\/em><\/p>\n","protected":false},"excerpt":{"rendered":"<p>Minul\u00fd v\u00edkend Brusel hostil ji\u017e \u010dtvrt\u00fd ro\u010dn\u00edk nejv\u011bt\u0161\u00edho food truck festivalu na sv\u011bt\u011b. Ka\u017ed\u00fd rok b\u011bhem t\u0159\u00ed dn\u016f v prvn\u00ed polovin\u011b kv\u011btna tak&nbsp;maj\u00ed m\u00edstn\u00ed jedine\u010dnou mo\u017enost si p\u0159ij\u00edt prohl\u00e9dnout rozmanit\u00e9 food trucks koncentrovan\u00e9 na jednom m\u00edst\u011b v Bruselu a ochutnat tak jejich speciality. Letos se bruselsk\u00fd Food Truck Festival konal&hellip;<\/p>\n","protected":false},"author":1,"featured_media":16600,"comment_status":"open","ping_status":"open","sticky":false,"template":"","format":"standard","meta":{"_exactmetrics_skip_tracking":false,"_exactmetrics_sitenote_active":false,"_exactmetrics_sitenote_note":"","_exactmetrics_sitenote_category":0,"_lmt_disableupdate":"","_lmt_disable":"","footnotes":""},"categories":[362,527,4],"tags":[30,524,396],"class_list":["post-16578","post","type-post","status-publish","format-standard","has-post-thumbnail","hentry","category-belgie","category-brusel","category-cestovani","tag-brusel","tag-food-akce","tag-zivot-v-belgii"],"yoast_head":"<!-- This site is optimized with the Yoast SEO plugin v26.1.1 - https:\/\/yoast.com\/wordpress\/plugins\/seo\/ -->\n<title>Food Truck Festival v Bruselu - 1001 Voyages Gourmands<\/title>\n<meta name=\"description\" content=\"Minul\u00fd v\u00edkend se ji\u017e \u010dtvrt\u00fdm rokem v Bruselu konal nejv\u011bt\u0161\u00ed food truck festival na sv\u011bt\u011b, kam p\u0159ijelo rovn\u00fdch 101 food trucks s rozmanitou nab\u00eddkou.\" \/>\n<meta name=\"robots\" content=\"index, follow, max-snippet:-1, max-image-preview:large, max-video-preview:-1\" \/>\n<link rel=\"canonical\" href=\"https:\/\/1001voyagesgourmands.com\/cs\/food-truck-festival-brusel\/\" \/>\n<meta property=\"og:locale\" content=\"cs_CZ\" \/>\n<meta property=\"og:type\" content=\"article\" \/>\n<meta property=\"og:title\" content=\"Food Truck Festival v Bruselu - 1001 Voyages Gourmands\" \/>\n<meta property=\"og:description\" content=\"Minul\u00fd v\u00edkend se ji\u017e \u010dtvrt\u00fdm rokem v Bruselu konal nejv\u011bt\u0161\u00ed food truck festival na sv\u011bt\u011b, kam p\u0159ijelo rovn\u00fdch 101 food trucks s rozmanitou nab\u00eddkou.\" \/>\n<meta property=\"og:url\" content=\"https:\/\/1001voyagesgourmands.com\/cs\/food-truck-festival-brusel\/\" \/>\n<meta property=\"og:site_name\" content=\"1001 Voyages Gourmands\" \/>\n<meta property=\"article:publisher\" content=\"https:\/\/www.facebook.com\/1001voyagesgourmands\" \/>\n<meta property=\"article:published_time\" content=\"2017-05-15T06:00:55+00:00\" \/>\n<meta property=\"article:modified_time\" content=\"2020-12-02T11:37:56+00:00\" \/>\n<meta property=\"og:image\" content=\"https:\/\/1001voyagesgourmands.com\/wp-content\/uploads\/2017\/05\/Food_Truck_Festival-18.jpg\" \/>\n\t<meta property=\"og:image:width\" content=\"1000\" \/>\n\t<meta property=\"og:image:height\" content=\"1500\" \/>\n\t<meta property=\"og:image:type\" content=\"image\/jpeg\" \/>\n<meta name=\"author\" content=\"Michaela\" \/>\n<meta name=\"twitter:card\" content=\"summary_large_image\" \/>\n<meta name=\"twitter:creator\" content=\"@michaela_1001vg\" \/>\n<meta name=\"twitter:site\" content=\"@michaela_1001vg\" \/>\n<meta name=\"twitter:label1\" content=\"Napsal(a)\" \/>\n\t<meta name=\"twitter:data1\" content=\"Michaela\" \/>\n\t<meta name=\"twitter:label2\" content=\"Odhadovan\u00e1 doba \u010dten\u00ed\" \/>\n\t<meta name=\"twitter:data2\" content=\"3 minuty\" \/>\n<script type=\"application\/ld+json\" class=\"yoast-schema-graph\">{\"@context\":\"https:\/\/schema.org\",\"@graph\":[{\"@type\":\"WebPage\",\"@id\":\"https:\/\/1001voyagesgourmands.com\/cs\/food-truck-festival-brusel\/\",\"url\":\"https:\/\/1001voyagesgourmands.com\/cs\/food-truck-festival-brusel\/\",\"name\":\"Food Truck Festival v Bruselu - 1001 Voyages Gourmands\",\"isPartOf\":{\"@id\":\"https:\/\/1001voyagesgourmands.com\/cs\/#website\"},\"primaryImageOfPage\":{\"@id\":\"https:\/\/1001voyagesgourmands.com\/cs\/food-truck-festival-brusel\/#primaryimage\"},\"image\":{\"@id\":\"https:\/\/1001voyagesgourmands.com\/cs\/food-truck-festival-brusel\/#primaryimage\"},\"thumbnailUrl\":\"https:\/\/1001voyagesgourmands.com\/wp-content\/uploads\/2017\/05\/Food_Truck_Festival-18.jpg\",\"datePublished\":\"2017-05-15T06:00:55+00:00\",\"dateModified\":\"2020-12-02T11:37:56+00:00\",\"author\":{\"@id\":\"https:\/\/1001voyagesgourmands.com\/cs\/#\/schema\/person\/62e0e7238fcf7482b23bf83e1b72ff1b\"},\"description\":\"Minul\u00fd v\u00edkend se ji\u017e \u010dtvrt\u00fdm rokem v Bruselu konal nejv\u011bt\u0161\u00ed food truck festival na sv\u011bt\u011b, kam p\u0159ijelo rovn\u00fdch 101 food trucks s rozmanitou nab\u00eddkou.\",\"breadcrumb\":{\"@id\":\"https:\/\/1001voyagesgourmands.com\/cs\/food-truck-festival-brusel\/#breadcrumb\"},\"inLanguage\":\"cs\",\"potentialAction\":[{\"@type\":\"ReadAction\",\"target\":[\"https:\/\/1001voyagesgourmands.com\/cs\/food-truck-festival-brusel\/\"]}]},{\"@type\":\"ImageObject\",\"inLanguage\":\"cs\",\"@id\":\"https:\/\/1001voyagesgourmands.com\/cs\/food-truck-festival-brusel\/#primaryimage\",\"url\":\"https:\/\/1001voyagesgourmands.com\/wp-content\/uploads\/2017\/05\/Food_Truck_Festival-18.jpg\",\"contentUrl\":\"https:\/\/1001voyagesgourmands.com\/wp-content\/uploads\/2017\/05\/Food_Truck_Festival-18.jpg\",\"width\":1000,\"height\":1500,\"caption\":\"Minul\u00fd v\u00edkend se ji\u017e \u010dtvrt\u00fdm rokem v Bruselu konal nejv\u011bt\u0161\u00ed food truck festival na sv\u011bt\u011b, kam p\u0159ijelo rovn\u00fdch 101 food trucks s rozmanitou nab\u00eddkou.\"},{\"@type\":\"BreadcrumbList\",\"@id\":\"https:\/\/1001voyagesgourmands.com\/cs\/food-truck-festival-brusel\/#breadcrumb\",\"itemListElement\":[{\"@type\":\"ListItem\",\"position\":1,\"name\":\"Dom\u016f\",\"item\":\"https:\/\/1001voyagesgourmands.com\/cs\/\"},{\"@type\":\"ListItem\",\"position\":2,\"name\":\"Food Truck Festival v Bruselu\"}]},{\"@type\":\"WebSite\",\"@id\":\"https:\/\/1001voyagesgourmands.com\/cs\/#website\",\"url\":\"https:\/\/1001voyagesgourmands.com\/cs\/\",\"name\":\"1001 Voyages Gourmands\",\"description\":\"Food | Travel | Photography\",\"potentialAction\":[{\"@type\":\"SearchAction\",\"target\":{\"@type\":\"EntryPoint\",\"urlTemplate\":\"https:\/\/1001voyagesgourmands.com\/cs\/?s={search_term_string}\"},\"query-input\":{\"@type\":\"PropertyValueSpecification\",\"valueRequired\":true,\"valueName\":\"search_term_string\"}}],\"inLanguage\":\"cs\"},{\"@type\":\"Person\",\"@id\":\"https:\/\/1001voyagesgourmands.com\/cs\/#\/schema\/person\/62e0e7238fcf7482b23bf83e1b72ff1b\",\"name\":\"Michaela\",\"image\":{\"@type\":\"ImageObject\",\"inLanguage\":\"cs\",\"@id\":\"https:\/\/1001voyagesgourmands.com\/cs\/#\/schema\/person\/image\/\",\"url\":\"https:\/\/secure.gravatar.com\/avatar\/73fa562a5b0ce269ca480f67de504b8ecac054a121d170e226f1b79e02024cb8?s=96&d=mm&r=g\",\"contentUrl\":\"https:\/\/secure.gravatar.com\/avatar\/73fa562a5b0ce269ca480f67de504b8ecac054a121d170e226f1b79e02024cb8?s=96&d=mm&r=g\",\"caption\":\"Michaela\"},\"sameAs\":[\"http:\/\/1001voyagesgourmands.com\"]}]}<\/script>\n<!-- \/ Yoast SEO plugin. -->","yoast_head_json":{"title":"Food Truck Festival v Bruselu - 1001 Voyages Gourmands","description":"Minul\u00fd v\u00edkend se ji\u017e \u010dtvrt\u00fdm rokem v Bruselu konal nejv\u011bt\u0161\u00ed food truck festival na sv\u011bt\u011b, kam p\u0159ijelo rovn\u00fdch 101 food trucks s rozmanitou nab\u00eddkou.","robots":{"index":"index","follow":"follow","max-snippet":"max-snippet:-1","max-image-preview":"max-image-preview:large","max-video-preview":"max-video-preview:-1"},"canonical":"https:\/\/1001voyagesgourmands.com\/cs\/food-truck-festival-brusel\/","og_locale":"cs_CZ","og_type":"article","og_title":"Food Truck Festival v Bruselu - 1001 Voyages Gourmands","og_description":"Minul\u00fd v\u00edkend se ji\u017e \u010dtvrt\u00fdm rokem v Bruselu konal nejv\u011bt\u0161\u00ed food truck festival na sv\u011bt\u011b, kam p\u0159ijelo rovn\u00fdch 101 food trucks s rozmanitou nab\u00eddkou.","og_url":"https:\/\/1001voyagesgourmands.com\/cs\/food-truck-festival-brusel\/","og_site_name":"1001 Voyages Gourmands","article_publisher":"https:\/\/www.facebook.com\/1001voyagesgourmands","article_published_time":"2017-05-15T06:00:55+00:00","article_modified_time":"2020-12-02T11:37:56+00:00","og_image":[{"width":1000,"height":1500,"url":"https:\/\/1001voyagesgourmands.com\/wp-content\/uploads\/2017\/05\/Food_Truck_Festival-18.jpg","type":"image\/jpeg"}],"author":"Michaela","twitter_card":"summary_large_image","twitter_creator":"@michaela_1001vg","twitter_site":"@michaela_1001vg","twitter_misc":{"Napsal(a)":"Michaela","Odhadovan\u00e1 doba \u010dten\u00ed":"3 minuty"},"schema":{"@context":"https:\/\/schema.org","@graph":[{"@type":"WebPage","@id":"https:\/\/1001voyagesgourmands.com\/cs\/food-truck-festival-brusel\/","url":"https:\/\/1001voyagesgourmands.com\/cs\/food-truck-festival-brusel\/","name":"Food Truck Festival v Bruselu - 1001 Voyages Gourmands","isPartOf":{"@id":"https:\/\/1001voyagesgourmands.com\/cs\/#website"},"primaryImageOfPage":{"@id":"https:\/\/1001voyagesgourmands.com\/cs\/food-truck-festival-brusel\/#primaryimage"},"image":{"@id":"https:\/\/1001voyagesgourmands.com\/cs\/food-truck-festival-brusel\/#primaryimage"},"thumbnailUrl":"https:\/\/1001voyagesgourmands.com\/wp-content\/uploads\/2017\/05\/Food_Truck_Festival-18.jpg","datePublished":"2017-05-15T06:00:55+00:00","dateModified":"2020-12-02T11:37:56+00:00","author":{"@id":"https:\/\/1001voyagesgourmands.com\/cs\/#\/schema\/person\/62e0e7238fcf7482b23bf83e1b72ff1b"},"description":"Minul\u00fd v\u00edkend se ji\u017e \u010dtvrt\u00fdm rokem v Bruselu konal nejv\u011bt\u0161\u00ed food truck festival na sv\u011bt\u011b, kam p\u0159ijelo rovn\u00fdch 101 food trucks s rozmanitou nab\u00eddkou.","breadcrumb":{"@id":"https:\/\/1001voyagesgourmands.com\/cs\/food-truck-festival-brusel\/#breadcrumb"},"inLanguage":"cs","potentialAction":[{"@type":"ReadAction","target":["https:\/\/1001voyagesgourmands.com\/cs\/food-truck-festival-brusel\/"]}]},{"@type":"ImageObject","inLanguage":"cs","@id":"https:\/\/1001voyagesgourmands.com\/cs\/food-truck-festival-brusel\/#primaryimage","url":"https:\/\/1001voyagesgourmands.com\/wp-content\/uploads\/2017\/05\/Food_Truck_Festival-18.jpg","contentUrl":"https:\/\/1001voyagesgourmands.com\/wp-content\/uploads\/2017\/05\/Food_Truck_Festival-18.jpg","width":1000,"height":1500,"caption":"Minul\u00fd v\u00edkend se ji\u017e \u010dtvrt\u00fdm rokem v Bruselu konal nejv\u011bt\u0161\u00ed food truck festival na sv\u011bt\u011b, kam p\u0159ijelo rovn\u00fdch 101 food trucks s rozmanitou nab\u00eddkou."},{"@type":"BreadcrumbList","@id":"https:\/\/1001voyagesgourmands.com\/cs\/food-truck-festival-brusel\/#breadcrumb","itemListElement":[{"@type":"ListItem","position":1,"name":"Dom\u016f","item":"https:\/\/1001voyagesgourmands.com\/cs\/"},{"@type":"ListItem","position":2,"name":"Food Truck Festival v Bruselu"}]},{"@type":"WebSite","@id":"https:\/\/1001voyagesgourmands.com\/cs\/#website","url":"https:\/\/1001voyagesgourmands.com\/cs\/","name":"1001 Voyages Gourmands","description":"Food | Travel | Photography","potentialAction":[{"@type":"SearchAction","target":{"@type":"EntryPoint","urlTemplate":"https:\/\/1001voyagesgourmands.com\/cs\/?s={search_term_string}"},"query-input":{"@type":"PropertyValueSpecification","valueRequired":true,"valueName":"search_term_string"}}],"inLanguage":"cs"},{"@type":"Person","@id":"https:\/\/1001voyagesgourmands.com\/cs\/#\/schema\/person\/62e0e7238fcf7482b23bf83e1b72ff1b","name":"Michaela","image":{"@type":"ImageObject","inLanguage":"cs","@id":"https:\/\/1001voyagesgourmands.com\/cs\/#\/schema\/person\/image\/","url":"https:\/\/secure.gravatar.com\/avatar\/73fa562a5b0ce269ca480f67de504b8ecac054a121d170e226f1b79e02024cb8?s=96&d=mm&r=g","contentUrl":"https:\/\/secure.gravatar.com\/avatar\/73fa562a5b0ce269ca480f67de504b8ecac054a121d170e226f1b79e02024cb8?s=96&d=mm&r=g","caption":"Michaela"},"sameAs":["http:\/\/1001voyagesgourmands.com"]}]}},"_links":{"self":[{"href":"https:\/\/1001voyagesgourmands.com\/cs\/wp-json\/wp\/v2\/posts\/16578","targetHints":{"allow":["GET"]}}],"collection":[{"href":"https:\/\/1001voyagesgourmands.com\/cs\/wp-json\/wp\/v2\/posts"}],"about":[{"href":"https:\/\/1001voyagesgourmands.com\/cs\/wp-json\/wp\/v2\/types\/post"}],"author":[{"embeddable":true,"href":"https:\/\/1001voyagesgourmands.com\/cs\/wp-json\/wp\/v2\/users\/1"}],"replies":[{"embeddable":true,"href":"https:\/\/1001voyagesgourmands.com\/cs\/wp-json\/wp\/v2\/comments?post=16578"}],"version-history":[{"count":1,"href":"https:\/\/1001voyagesgourmands.com\/cs\/wp-json\/wp\/v2\/posts\/16578\/revisions"}],"predecessor-version":[{"id":28174,"href":"https:\/\/1001voyagesgourmands.com\/cs\/wp-json\/wp\/v2\/posts\/16578\/revisions\/28174"}],"wp:featuredmedia":[{"embeddable":true,"href":"https:\/\/1001voyagesgourmands.com\/cs\/wp-json\/wp\/v2\/media\/16600"}],"wp:attachment":[{"href":"https:\/\/1001voyagesgourmands.com\/cs\/wp-json\/wp\/v2\/media?parent=16578"}],"wp:term":[{"taxonomy":"category","embeddable":true,"href":"https:\/\/1001voyagesgourmands.com\/cs\/wp-json\/wp\/v2\/categories?post=16578"},{"taxonomy":"post_tag","embeddable":true,"href":"https:\/\/1001voyagesgourmands.com\/cs\/wp-json\/wp\/v2\/tags?post=16578"}],"curies":[{"name":"wp","href":"https:\/\/api.w.org\/{rel}","templated":true}]}}