{"id":16374,"date":"2017-05-10T08:44:23","date_gmt":"2017-05-10T06:44:23","guid":{"rendered":"http:\/\/1001voyagesgourmands.com\/?p=16374\/"},"modified":"2018-11-04T23:59:36","modified_gmt":"2018-11-04T22:59:36","slug":"ponce-perla-jizniho-portorika","status":"publish","type":"post","link":"https:\/\/1001voyagesgourmands.com\/cs\/ponce-perla-jizniho-portorika\/","title":{"rendered":"Ponce: perla ji\u017en\u00edho Portorika"},"content":{"rendered":"<p style=\"text-align: justify;\">Dnes v\u00e1m uk\u00e1\u017eu dal\u0161\u00ed kus Portorika a sice m\u011bsto Ponce a jeho okol\u00ed. Nejsem schopn\u00e1 v\u0161echny fotky a z\u00e1\u017eitky vt\u011bsnat do jednoho \u010dl\u00e1nku, a tak pl\u00e1nuji je\u0161t\u011b 2-3 dal\u0161\u00ed, ale ty budou sp\u00ed\u0161e pl\u00e1\u017eov\u011b zam\u011b\u0159en\u00e9. \ud83d\ude42 Snad v\u00e1s to neotr\u00e1v\u00ed a douf\u00e1m, \u017ee n\u011bkter\u00e9 z v\u00e1s t\u00edmto na tento p\u0159ekr\u00e1sn\u00fd karibsk\u00fd ostrov nal\u00e1k\u00e1m.<\/p>\n<p style=\"text-align: justify;\">Kr\u00e1sn\u00e9 koloni\u00e1ln\u00ed m\u011bste\u010dko Ponce, \u010dasto ozna\u010dov\u00e1no za perlu Jihu, je druh\u00e9 nejv\u011bt\u0161\u00ed a nejd\u016fle\u017eit\u011bj\u0161\u00ed m\u011bsto Portorika.&nbsp;Jm\u00e9no nese po jist\u00e9m Juan Ponce de Le\u00f3n y Loayza, co\u017e byl vnuk \u0161pan\u011blsk\u00e9ho conquistadora Juan Ponce de Le\u00f3n. My jsme si sem ud\u011blali v\u00fdlet ze San Juanu a z\u016fstali jsme zde t\u0159i dny. V tomhle \u010dl\u00e1nku v\u00e1m pov\u00edm, co je zde k vid\u011bn\u00ed &#8211; vydejte se se mnou na n\u00e1v\u0161t\u011bvu ji\u017en\u00edho Portorika!<\/p>\n<p style=\"text-align: justify;\"><img loading=\"lazy\" decoding=\"async\" class=\"aligncenter size-full wp-image-16491\" src=\"http:\/\/1001voyagesgourmands.com\/wp-content\/uploads\/2017\/05\/Ponce-23-1.jpg\" alt=\"V Ponce jsme z\u016fstali t\u0159i dny a v tomhle \u010dl\u00e1nku v\u00e1m pov\u00edm, co je zde k vid\u011bn\u00ed - vydejte se se mnou na n\u00e1v\u0161t\u011bvu ji\u017en\u00edho Portorika!\" width=\"1000\" height=\"667\" srcset=\"https:\/\/1001voyagesgourmands.com\/wp-content\/uploads\/2017\/05\/Ponce-23-1.jpg 1000w, https:\/\/1001voyagesgourmands.com\/wp-content\/uploads\/2017\/05\/Ponce-23-1-263x175.jpg 263w, https:\/\/1001voyagesgourmands.com\/wp-content\/uploads\/2017\/05\/Ponce-23-1-300x200.jpg 300w, https:\/\/1001voyagesgourmands.com\/wp-content\/uploads\/2017\/05\/Ponce-23-1-768x512.jpg 768w, https:\/\/1001voyagesgourmands.com\/wp-content\/uploads\/2017\/05\/Ponce-23-1-585x390.jpg 585w\" sizes=\"auto, (max-width: 1000px) 100vw, 1000px\" \/><\/p>\n<h2 style=\"text-align: justify;\">&nbsp;<\/h2>\n<h2><span style=\"text-decoration: underline;\">Jak se tam dostat<\/span><\/h2>\n<p style=\"text-align: justify;\">Pokud chcete Portoriko procestovat, mus\u00edte si pronajmout auto. Ve\u0159ejn\u00e1 doprava je toti\u017e dost \u0161patn\u00e1, respektive nen\u00ed v\u016fbec. Tak\u017ee i my jsme s\u00e1hli do kapsy a vyklopili nemalou \u010d\u00e1stku za pron\u00e1jem auta na p\u00e1r dn\u00ed. Cena, za kterou jsme si auto &#8222;pronajali&#8220; p\u0159es internet se tak na m\u00edst\u011b v agentu\u0159e nav\u00fd\u0161ila pro non-USA ob\u010dany o jejich speci\u00e1ln\u00ed poji\u0161t\u011bn\u00ed, plus d\u00e1lni\u010dn\u00ed poplatek a&nbsp;da\u0148. Cesta z hlavn\u00edho m\u011bsta San Juan sem po d\u00e1lnici trv\u00e1 n\u011bco kolem 1,5 hodiny a byl to teda ob\u010das adrenalin. M\u00edstn\u00ed \u0159idi\u010di r\u00e1di slalomuj\u00ed a p\u0159es d\u00e1lnici pob\u00edhaj\u00ed legu\u00e1ni, jeden n\u00e1m zahu\u010del pod autem &#8211; mysl\u00edm ty legu\u00e1ny (R.I.P.).&nbsp;<\/p>\n<p><img loading=\"lazy\" decoding=\"async\" class=\"aligncenter size-full wp-image-16487\" src=\"http:\/\/1001voyagesgourmands.com\/wp-content\/uploads\/2017\/05\/Ponce-12-1.jpg\" alt=\"V Ponce jsme z\u016fstali t\u0159i dny a v tomhle \u010dl\u00e1nku v\u00e1m pov\u00edm, co je zde k vid\u011bn\u00ed - vydejte se se mnou na n\u00e1v\u0161t\u011bvu ji\u017en\u00edho Portorika!\" width=\"1000\" height=\"625\" srcset=\"https:\/\/1001voyagesgourmands.com\/wp-content\/uploads\/2017\/05\/Ponce-12-1.jpg 1000w, https:\/\/1001voyagesgourmands.com\/wp-content\/uploads\/2017\/05\/Ponce-12-1-300x188.jpg 300w, https:\/\/1001voyagesgourmands.com\/wp-content\/uploads\/2017\/05\/Ponce-12-1-768x480.jpg 768w, https:\/\/1001voyagesgourmands.com\/wp-content\/uploads\/2017\/05\/Ponce-12-1-585x366.jpg 585w\" sizes=\"auto, (max-width: 1000px) 100vw, 1000px\" \/><\/p>\n<h2 style=\"text-align: justify;\">&nbsp;<\/h2>\n<h2 style=\"text-align: justify;\"><span style=\"text-decoration: underline;\">Ponce a okol\u00ed &#8211; Co tu vid\u011bt a d\u011blat<\/span><\/h2>\n<h3 style=\"text-align: justify;\">Proch\u00e1zka centrem Ponce<\/h3>\n<p style=\"text-align: justify;\">Prvn\u00ed den jsme se jen tak poflakovali po m\u011bst\u011b, shl\u00e9dli v\u0161e podstatn\u00e9, pro\u0161li uli\u010dky pln\u00e9 kr\u00e1sn\u00fdch pastelov\u00fdch domk\u016f. K hlavn\u00edm pam\u00e1tk\u00e1m v centru Ponce pat\u0159\u00ed hlavn\u00ed n\u00e1m\u011bst\u00ed&nbsp;<strong>Plaza Las Delicias<\/strong> se lv\u00ed font\u00e1nou, katedr\u00e1la a historick\u00e1 po\u017e\u00e1rn\u00ed stanice slou\u017e\u00edc\u00ed dnes jako muzeum pod jm\u00e9nem <strong>Parque de Bombas<\/strong>. Cht\u011bli jsme se tu p\u016fvodn\u011b stavit v<strong> Muzeu Portorik\u00e1nsk\u00e9 hudby<\/strong>, ale bylo moment\u00e1ln\u011b zav\u0159en\u00e9. \ud83d\ude41&nbsp;<\/p>\n<p style=\"text-align: justify;\"><img loading=\"lazy\" decoding=\"async\" class=\"aligncenter size-full wp-image-16483\" src=\"http:\/\/1001voyagesgourmands.com\/wp-content\/uploads\/2017\/05\/Ponce-4-1.jpg\" alt=\"V Ponce jsme z\u016fstali t\u0159i dny a v tomhle \u010dl\u00e1nku v\u00e1m pov\u00edm, co je zde k vid\u011bn\u00ed - vydejte se se mnou na n\u00e1v\u0161t\u011bvu ji\u017en\u00edho Portorika!\" width=\"1000\" height=\"667\" srcset=\"https:\/\/1001voyagesgourmands.com\/wp-content\/uploads\/2017\/05\/Ponce-4-1.jpg 1000w, https:\/\/1001voyagesgourmands.com\/wp-content\/uploads\/2017\/05\/Ponce-4-1-263x175.jpg 263w, https:\/\/1001voyagesgourmands.com\/wp-content\/uploads\/2017\/05\/Ponce-4-1-300x200.jpg 300w, https:\/\/1001voyagesgourmands.com\/wp-content\/uploads\/2017\/05\/Ponce-4-1-768x512.jpg 768w, https:\/\/1001voyagesgourmands.com\/wp-content\/uploads\/2017\/05\/Ponce-4-1-585x390.jpg 585w\" sizes=\"auto, (max-width: 1000px) 100vw, 1000px\" \/><\/p>\n<p style=\"text-align: justify;\"><img loading=\"lazy\" decoding=\"async\" class=\"aligncenter size-full wp-image-16489\" src=\"http:\/\/1001voyagesgourmands.com\/wp-content\/uploads\/2017\/05\/Ponce-21-1.jpg\" alt=\"V Ponce jsme z\u016fstali t\u0159i dny a v tomhle \u010dl\u00e1nku v\u00e1m pov\u00edm, co je zde k vid\u011bn\u00ed - vydejte se se mnou na n\u00e1v\u0161t\u011bvu ji\u017en\u00edho Portorika!\" width=\"1000\" height=\"667\" srcset=\"https:\/\/1001voyagesgourmands.com\/wp-content\/uploads\/2017\/05\/Ponce-21-1.jpg 1000w, https:\/\/1001voyagesgourmands.com\/wp-content\/uploads\/2017\/05\/Ponce-21-1-263x175.jpg 263w, https:\/\/1001voyagesgourmands.com\/wp-content\/uploads\/2017\/05\/Ponce-21-1-300x200.jpg 300w, https:\/\/1001voyagesgourmands.com\/wp-content\/uploads\/2017\/05\/Ponce-21-1-768x512.jpg 768w, https:\/\/1001voyagesgourmands.com\/wp-content\/uploads\/2017\/05\/Ponce-21-1-585x390.jpg 585w\" sizes=\"auto, (max-width: 1000px) 100vw, 1000px\" \/><\/p>\n<p style=\"text-align: justify;\"><img loading=\"lazy\" decoding=\"async\" class=\"aligncenter size-full wp-image-16481\" src=\"http:\/\/1001voyagesgourmands.com\/wp-content\/uploads\/2017\/05\/Ponce_collage-5-1.jpg\" alt=\"V Ponce jsme z\u016fstali t\u0159i dny a v tomhle \u010dl\u00e1nku v\u00e1m pov\u00edm, co je zde k vid\u011bn\u00ed - vydejte se se mnou na n\u00e1v\u0161t\u011bvu ji\u017en\u00edho Portorika!\" width=\"1000\" height=\"707\" srcset=\"https:\/\/1001voyagesgourmands.com\/wp-content\/uploads\/2017\/05\/Ponce_collage-5-1.jpg 1000w, https:\/\/1001voyagesgourmands.com\/wp-content\/uploads\/2017\/05\/Ponce_collage-5-1-300x212.jpg 300w, https:\/\/1001voyagesgourmands.com\/wp-content\/uploads\/2017\/05\/Ponce_collage-5-1-768x543.jpg 768w, https:\/\/1001voyagesgourmands.com\/wp-content\/uploads\/2017\/05\/Ponce_collage-5-1-585x414.jpg 585w\" sizes=\"auto, (max-width: 1000px) 100vw, 1000px\" \/><\/p>\n<p style=\"text-align: justify;\"><img loading=\"lazy\" decoding=\"async\" class=\"aligncenter size-full wp-image-16490\" src=\"http:\/\/1001voyagesgourmands.com\/wp-content\/uploads\/2017\/05\/Ponce-22-1.jpg\" alt=\"V Ponce jsme z\u016fstali t\u0159i dny a v tomhle \u010dl\u00e1nku v\u00e1m pov\u00edm, co je zde k vid\u011bn\u00ed - vydejte se se mnou na n\u00e1v\u0161t\u011bvu ji\u017en\u00edho Portorika!\" width=\"1000\" height=\"667\" srcset=\"https:\/\/1001voyagesgourmands.com\/wp-content\/uploads\/2017\/05\/Ponce-22-1.jpg 1000w, https:\/\/1001voyagesgourmands.com\/wp-content\/uploads\/2017\/05\/Ponce-22-1-263x175.jpg 263w, https:\/\/1001voyagesgourmands.com\/wp-content\/uploads\/2017\/05\/Ponce-22-1-300x200.jpg 300w, https:\/\/1001voyagesgourmands.com\/wp-content\/uploads\/2017\/05\/Ponce-22-1-768x512.jpg 768w, https:\/\/1001voyagesgourmands.com\/wp-content\/uploads\/2017\/05\/Ponce-22-1-585x390.jpg 585w\" sizes=\"auto, (max-width: 1000px) 100vw, 1000px\" \/><\/p>\n<p style=\"text-align: justify;\"><img loading=\"lazy\" decoding=\"async\" class=\"aligncenter size-full wp-image-16484\" src=\"http:\/\/1001voyagesgourmands.com\/wp-content\/uploads\/2017\/05\/Ponce-5-1.jpg\" alt=\"V Ponce jsme z\u016fstali t\u0159i dny a v tomhle \u010dl\u00e1nku v\u00e1m pov\u00edm, co je zde k vid\u011bn\u00ed - vydejte se se mnou na n\u00e1v\u0161t\u011bvu ji\u017en\u00edho Portorika!\" width=\"1000\" height=\"667\" srcset=\"https:\/\/1001voyagesgourmands.com\/wp-content\/uploads\/2017\/05\/Ponce-5-1.jpg 1000w, https:\/\/1001voyagesgourmands.com\/wp-content\/uploads\/2017\/05\/Ponce-5-1-263x175.jpg 263w, https:\/\/1001voyagesgourmands.com\/wp-content\/uploads\/2017\/05\/Ponce-5-1-300x200.jpg 300w, https:\/\/1001voyagesgourmands.com\/wp-content\/uploads\/2017\/05\/Ponce-5-1-768x512.jpg 768w, https:\/\/1001voyagesgourmands.com\/wp-content\/uploads\/2017\/05\/Ponce-5-1-585x390.jpg 585w\" sizes=\"auto, (max-width: 1000px) 100vw, 1000px\" \/><\/p>\n<p style=\"text-align: justify;\"><img loading=\"lazy\" decoding=\"async\" class=\"aligncenter size-full wp-image-16485\" src=\"http:\/\/1001voyagesgourmands.com\/wp-content\/uploads\/2017\/05\/Ponce-7-1.jpg\" alt=\"V Ponce jsme z\u016fstali t\u0159i dny a v tomhle \u010dl\u00e1nku v\u00e1m pov\u00edm, co je zde k vid\u011bn\u00ed - vydejte se se mnou na n\u00e1v\u0161t\u011bvu ji\u017en\u00edho Portorika!V Ponce jsme z\u016fstali t\u0159i dny a v tomhle \u010dl\u00e1nku v\u00e1m pov\u00edm, co je zde k vid\u011bn\u00ed - vydejte se se mnou na n\u00e1v\u0161t\u011bvu ji\u017en\u00edho Portorika!\" width=\"1000\" height=\"667\" srcset=\"https:\/\/1001voyagesgourmands.com\/wp-content\/uploads\/2017\/05\/Ponce-7-1.jpg 1000w, https:\/\/1001voyagesgourmands.com\/wp-content\/uploads\/2017\/05\/Ponce-7-1-263x175.jpg 263w, https:\/\/1001voyagesgourmands.com\/wp-content\/uploads\/2017\/05\/Ponce-7-1-300x200.jpg 300w, https:\/\/1001voyagesgourmands.com\/wp-content\/uploads\/2017\/05\/Ponce-7-1-768x512.jpg 768w, https:\/\/1001voyagesgourmands.com\/wp-content\/uploads\/2017\/05\/Ponce-7-1-585x390.jpg 585w\" sizes=\"auto, (max-width: 1000px) 100vw, 1000px\" \/><\/p>\n<p style=\"text-align: justify;\"><img loading=\"lazy\" decoding=\"async\" class=\"aligncenter size-full wp-image-16492\" src=\"http:\/\/1001voyagesgourmands.com\/wp-content\/uploads\/2017\/05\/Ponce-24-1.jpg\" alt=\"V Ponce jsme z\u016fstali t\u0159i dny a v tomhle \u010dl\u00e1nku v\u00e1m pov\u00edm, co je zde k vid\u011bn\u00ed - vydejte se se mnou na n\u00e1v\u0161t\u011bvu ji\u017en\u00edho Portorika!\" width=\"1000\" height=\"667\" srcset=\"https:\/\/1001voyagesgourmands.com\/wp-content\/uploads\/2017\/05\/Ponce-24-1.jpg 1000w, https:\/\/1001voyagesgourmands.com\/wp-content\/uploads\/2017\/05\/Ponce-24-1-263x175.jpg 263w, https:\/\/1001voyagesgourmands.com\/wp-content\/uploads\/2017\/05\/Ponce-24-1-300x200.jpg 300w, https:\/\/1001voyagesgourmands.com\/wp-content\/uploads\/2017\/05\/Ponce-24-1-768x512.jpg 768w, https:\/\/1001voyagesgourmands.com\/wp-content\/uploads\/2017\/05\/Ponce-24-1-585x390.jpg 585w\" sizes=\"auto, (max-width: 1000px) 100vw, 1000px\" \/><\/p>\n<p style=\"text-align: justify;\"><img loading=\"lazy\" decoding=\"async\" class=\"aligncenter size-full wp-image-16486\" src=\"http:\/\/1001voyagesgourmands.com\/wp-content\/uploads\/2017\/05\/Ponce-9-1.jpg\" alt=\"V Ponce jsme z\u016fstali t\u0159i dny a v tomhle \u010dl\u00e1nku v\u00e1m pov\u00edm, co je zde k vid\u011bn\u00ed - vydejte se se mnou na n\u00e1v\u0161t\u011bvu ji\u017en\u00edho Portorika!\" width=\"1000\" height=\"667\" srcset=\"https:\/\/1001voyagesgourmands.com\/wp-content\/uploads\/2017\/05\/Ponce-9-1.jpg 1000w, https:\/\/1001voyagesgourmands.com\/wp-content\/uploads\/2017\/05\/Ponce-9-1-263x175.jpg 263w, https:\/\/1001voyagesgourmands.com\/wp-content\/uploads\/2017\/05\/Ponce-9-1-300x200.jpg 300w, https:\/\/1001voyagesgourmands.com\/wp-content\/uploads\/2017\/05\/Ponce-9-1-768x512.jpg 768w, https:\/\/1001voyagesgourmands.com\/wp-content\/uploads\/2017\/05\/Ponce-9-1-585x390.jpg 585w\" sizes=\"auto, (max-width: 1000px) 100vw, 1000px\" \/><\/p>\n<p style=\"text-align: justify;\"><img loading=\"lazy\" decoding=\"async\" class=\"aligncenter size-full wp-image-16493\" src=\"http:\/\/1001voyagesgourmands.com\/wp-content\/uploads\/2017\/05\/Ponce-25-1.jpg\" alt=\"V Ponce jsme z\u016fstali t\u0159i dny a v tomhle \u010dl\u00e1nku v\u00e1m pov\u00edm, co je zde k vid\u011bn\u00ed - vydejte se se mnou na n\u00e1v\u0161t\u011bvu ji\u017en\u00edho Portorika!\" width=\"1000\" height=\"667\" srcset=\"https:\/\/1001voyagesgourmands.com\/wp-content\/uploads\/2017\/05\/Ponce-25-1.jpg 1000w, https:\/\/1001voyagesgourmands.com\/wp-content\/uploads\/2017\/05\/Ponce-25-1-263x175.jpg 263w, https:\/\/1001voyagesgourmands.com\/wp-content\/uploads\/2017\/05\/Ponce-25-1-300x200.jpg 300w, https:\/\/1001voyagesgourmands.com\/wp-content\/uploads\/2017\/05\/Ponce-25-1-768x512.jpg 768w, https:\/\/1001voyagesgourmands.com\/wp-content\/uploads\/2017\/05\/Ponce-25-1-585x390.jpg 585w\" sizes=\"auto, (max-width: 1000px) 100vw, 1000px\" \/><\/p>\n<p style=\"text-align: justify;\"><img loading=\"lazy\" decoding=\"async\" class=\"aligncenter size-full wp-image-16494\" src=\"http:\/\/1001voyagesgourmands.com\/wp-content\/uploads\/2017\/05\/Ponce-27-1.jpg\" alt=\"V Ponce jsme z\u016fstali t\u0159i dny a v tomhle \u010dl\u00e1nku v\u00e1m pov\u00edm, co je zde k vid\u011bn\u00ed - vydejte se se mnou na n\u00e1v\u0161t\u011bvu ji\u017en\u00edho Portorika!\" width=\"1000\" height=\"667\" srcset=\"https:\/\/1001voyagesgourmands.com\/wp-content\/uploads\/2017\/05\/Ponce-27-1.jpg 1000w, https:\/\/1001voyagesgourmands.com\/wp-content\/uploads\/2017\/05\/Ponce-27-1-263x175.jpg 263w, https:\/\/1001voyagesgourmands.com\/wp-content\/uploads\/2017\/05\/Ponce-27-1-300x200.jpg 300w, https:\/\/1001voyagesgourmands.com\/wp-content\/uploads\/2017\/05\/Ponce-27-1-768x512.jpg 768w, https:\/\/1001voyagesgourmands.com\/wp-content\/uploads\/2017\/05\/Ponce-27-1-585x390.jpg 585w\" sizes=\"auto, (max-width: 1000px) 100vw, 1000px\" \/><\/p>\n<p style=\"text-align: justify;\"><img loading=\"lazy\" decoding=\"async\" class=\"aligncenter size-full wp-image-16499\" src=\"http:\/\/1001voyagesgourmands.com\/wp-content\/uploads\/2017\/05\/Ponce-65-1.jpg\" alt=\"V Ponce jsme z\u016fstali t\u0159i dny a v tomhle \u010dl\u00e1nku v\u00e1m pov\u00edm, co je zde k vid\u011bn\u00ed - vydejte se se mnou na n\u00e1v\u0161t\u011bvu ji\u017en\u00edho Portorika!\" width=\"1000\" height=\"667\" srcset=\"https:\/\/1001voyagesgourmands.com\/wp-content\/uploads\/2017\/05\/Ponce-65-1.jpg 1000w, https:\/\/1001voyagesgourmands.com\/wp-content\/uploads\/2017\/05\/Ponce-65-1-263x175.jpg 263w, https:\/\/1001voyagesgourmands.com\/wp-content\/uploads\/2017\/05\/Ponce-65-1-300x200.jpg 300w, https:\/\/1001voyagesgourmands.com\/wp-content\/uploads\/2017\/05\/Ponce-65-1-768x512.jpg 768w, https:\/\/1001voyagesgourmands.com\/wp-content\/uploads\/2017\/05\/Ponce-65-1-585x390.jpg 585w\" sizes=\"auto, (max-width: 1000px) 100vw, 1000px\" \/><\/p>\n<p style=\"text-align: justify;\"><img loading=\"lazy\" decoding=\"async\" class=\"aligncenter wp-image-16488\" src=\"http:\/\/1001voyagesgourmands.com\/wp-content\/uploads\/2017\/05\/Ponce-20-1-683x1024.jpg\" alt=\"V Ponce jsme z\u016fstali t\u0159i dny a v tomhle \u010dl\u00e1nku v\u00e1m pov\u00edm, co je zde k vid\u011bn\u00ed - vydejte se se mnou na n\u00e1v\u0161t\u011bvu ji\u017en\u00edho Portorika!\" width=\"860\" height=\"1289\" srcset=\"https:\/\/1001voyagesgourmands.com\/wp-content\/uploads\/2017\/05\/Ponce-20-1-683x1024.jpg 683w, https:\/\/1001voyagesgourmands.com\/wp-content\/uploads\/2017\/05\/Ponce-20-1-200x300.jpg 200w, https:\/\/1001voyagesgourmands.com\/wp-content\/uploads\/2017\/05\/Ponce-20-1-768x1152.jpg 768w, https:\/\/1001voyagesgourmands.com\/wp-content\/uploads\/2017\/05\/Ponce-20-1-585x878.jpg 585w, https:\/\/1001voyagesgourmands.com\/wp-content\/uploads\/2017\/05\/Ponce-20-1.jpg 1000w\" sizes=\"auto, (max-width: 860px) 100vw, 860px\" \/><\/p>\n<p style=\"text-align: justify;\"><img loading=\"lazy\" decoding=\"async\" class=\"aligncenter size-full wp-image-16495\" src=\"http:\/\/1001voyagesgourmands.com\/wp-content\/uploads\/2017\/05\/Ponce-28-1.jpg\" alt=\"V Ponce jsme z\u016fstali t\u0159i dny a v tomhle \u010dl\u00e1nku v\u00e1m pov\u00edm, co je zde k vid\u011bn\u00ed - vydejte se se mnou na n\u00e1v\u0161t\u011bvu ji\u017en\u00edho Portorika!\" width=\"1000\" height=\"667\" srcset=\"https:\/\/1001voyagesgourmands.com\/wp-content\/uploads\/2017\/05\/Ponce-28-1.jpg 1000w, https:\/\/1001voyagesgourmands.com\/wp-content\/uploads\/2017\/05\/Ponce-28-1-263x175.jpg 263w, https:\/\/1001voyagesgourmands.com\/wp-content\/uploads\/2017\/05\/Ponce-28-1-300x200.jpg 300w, https:\/\/1001voyagesgourmands.com\/wp-content\/uploads\/2017\/05\/Ponce-28-1-768x512.jpg 768w, https:\/\/1001voyagesgourmands.com\/wp-content\/uploads\/2017\/05\/Ponce-28-1-585x390.jpg 585w\" sizes=\"auto, (max-width: 1000px) 100vw, 1000px\" \/><\/p>\n<p style=\"text-align: justify;\"><img loading=\"lazy\" decoding=\"async\" class=\"aligncenter wp-image-16501\" src=\"http:\/\/1001voyagesgourmands.com\/wp-content\/uploads\/2017\/05\/Ponce-8-2-683x1024.jpg\" alt=\"V Ponce jsme z\u016fstali t\u0159i dny a v tomhle \u010dl\u00e1nku v\u00e1m pov\u00edm, co je zde k vid\u011bn\u00ed - vydejte se se mnou na n\u00e1v\u0161t\u011bvu ji\u017en\u00edho Portorika!\" width=\"883\" height=\"1324\" srcset=\"https:\/\/1001voyagesgourmands.com\/wp-content\/uploads\/2017\/05\/Ponce-8-2-683x1024.jpg 683w, https:\/\/1001voyagesgourmands.com\/wp-content\/uploads\/2017\/05\/Ponce-8-2-200x300.jpg 200w, https:\/\/1001voyagesgourmands.com\/wp-content\/uploads\/2017\/05\/Ponce-8-2-768x1151.jpg 768w, https:\/\/1001voyagesgourmands.com\/wp-content\/uploads\/2017\/05\/Ponce-8-2-585x877.jpg 585w, https:\/\/1001voyagesgourmands.com\/wp-content\/uploads\/2017\/05\/Ponce-8-2.jpg 1000w\" sizes=\"auto, (max-width: 883px) 100vw, 883px\" \/><\/p>\n<p style=\"text-align: justify;\"><img loading=\"lazy\" decoding=\"async\" class=\"aligncenter size-full wp-image-16496\" src=\"http:\/\/1001voyagesgourmands.com\/wp-content\/uploads\/2017\/05\/Ponce-30-1.jpg\" alt=\"V Ponce jsme z\u016fstali t\u0159i dny a v tomhle \u010dl\u00e1nku v\u00e1m pov\u00edm, co je zde k vid\u011bn\u00ed - vydejte se se mnou na n\u00e1v\u0161t\u011bvu ji\u017en\u00edho Portorika!\" width=\"1000\" height=\"667\" srcset=\"https:\/\/1001voyagesgourmands.com\/wp-content\/uploads\/2017\/05\/Ponce-30-1.jpg 1000w, https:\/\/1001voyagesgourmands.com\/wp-content\/uploads\/2017\/05\/Ponce-30-1-263x175.jpg 263w, https:\/\/1001voyagesgourmands.com\/wp-content\/uploads\/2017\/05\/Ponce-30-1-300x200.jpg 300w, https:\/\/1001voyagesgourmands.com\/wp-content\/uploads\/2017\/05\/Ponce-30-1-768x512.jpg 768w, https:\/\/1001voyagesgourmands.com\/wp-content\/uploads\/2017\/05\/Ponce-30-1-585x390.jpg 585w\" sizes=\"auto, (max-width: 1000px) 100vw, 1000px\" \/><\/p>\n<p style=\"text-align: justify;\">&nbsp;<\/p>\n<h3 style=\"text-align: justify;\">Z\u00e1pad slunce, hudba a koktejl na Paseo Tablado La Guancha<\/h3>\n<p style=\"text-align: justify;\">Kdy\u017e jsme m\u00edstn\u00edm v San Juanu \u0159\u00edkali, \u017ee se chyst\u00e1me do Ponce, v\u0161ichni mluvili o &nbsp;La Guancha<strong>,<\/strong>&nbsp;moc fajn promen\u00e1d\u011b lemovan\u00e9 palmami, odkud je kr\u00e1sn\u00fd pohled na Karibsk\u00e9 mo\u0159e. A tak jsme tam pochopiteln\u011b zam\u00ed\u0159ili hned prvn\u00ed ve\u010der. \ud83d\ude42 Je tu plno bar\u016f, kde si \u010dlov\u011bk m\u016f\u017ee d\u00e1t koktejl a pozorovat t\u0159eba p\u00e1dluj\u00edc\u00ed surfa\u0159e nebo&nbsp;z\u00e1pad slunce.&nbsp;La Guancha je tak\u00e9 skv\u011bl\u00e9 m\u00edsto, pokud chcete splynout s m\u00edstn\u00edmi, na turisty jsme tu t\u00e9m\u011b\u0159 nenarazili. Nedaleko je i pl\u00e1\u017e a park, kde ve\u010der po setm\u011bn\u00ed tr\u00e9nuj\u00ed hudebn\u00edci. Tady jsme tr\u00e1vili hned dva ve\u010dery, tak se n\u00e1m tu l\u00edbilo. M\u00e1 to tu neskute\u010dnou atmosf\u00e9ru, nato\u017e ty z\u00e1pady slunce!&nbsp;<\/p>\n<p style=\"text-align: justify;\"><img loading=\"lazy\" decoding=\"async\" class=\"aligncenter size-full wp-image-16505\" src=\"http:\/\/1001voyagesgourmands.com\/wp-content\/uploads\/2017\/05\/Ponce-17-1.jpg\" alt=\"V Ponce jsme z\u016fstali t\u0159i dny a v tomhle \u010dl\u00e1nku v\u00e1m pov\u00edm, co je zde k vid\u011bn\u00ed - vydejte se se mnou na n\u00e1v\u0161t\u011bvu ji\u017en\u00edho Portorika!\" width=\"1000\" height=\"667\" srcset=\"https:\/\/1001voyagesgourmands.com\/wp-content\/uploads\/2017\/05\/Ponce-17-1.jpg 1000w, https:\/\/1001voyagesgourmands.com\/wp-content\/uploads\/2017\/05\/Ponce-17-1-263x175.jpg 263w, https:\/\/1001voyagesgourmands.com\/wp-content\/uploads\/2017\/05\/Ponce-17-1-300x200.jpg 300w, https:\/\/1001voyagesgourmands.com\/wp-content\/uploads\/2017\/05\/Ponce-17-1-768x512.jpg 768w, https:\/\/1001voyagesgourmands.com\/wp-content\/uploads\/2017\/05\/Ponce-17-1-585x390.jpg 585w\" sizes=\"auto, (max-width: 1000px) 100vw, 1000px\" \/><\/p>\n<p style=\"text-align: justify;\"><img loading=\"lazy\" decoding=\"async\" class=\"aligncenter size-full wp-image-16504\" src=\"http:\/\/1001voyagesgourmands.com\/wp-content\/uploads\/2017\/05\/Ponce-15-1.jpg\" alt=\"V Ponce jsme z\u016fstali t\u0159i dny a v tomhle \u010dl\u00e1nku v\u00e1m pov\u00edm, co je zde k vid\u011bn\u00ed - vydejte se se mnou na n\u00e1v\u0161t\u011bvu ji\u017en\u00edho Portorika!\" width=\"1000\" height=\"667\" srcset=\"https:\/\/1001voyagesgourmands.com\/wp-content\/uploads\/2017\/05\/Ponce-15-1.jpg 1000w, https:\/\/1001voyagesgourmands.com\/wp-content\/uploads\/2017\/05\/Ponce-15-1-263x175.jpg 263w, https:\/\/1001voyagesgourmands.com\/wp-content\/uploads\/2017\/05\/Ponce-15-1-300x200.jpg 300w, https:\/\/1001voyagesgourmands.com\/wp-content\/uploads\/2017\/05\/Ponce-15-1-768x512.jpg 768w, https:\/\/1001voyagesgourmands.com\/wp-content\/uploads\/2017\/05\/Ponce-15-1-585x390.jpg 585w\" sizes=\"auto, (max-width: 1000px) 100vw, 1000px\" \/><\/p>\n<p style=\"text-align: justify;\"><img loading=\"lazy\" decoding=\"async\" class=\"aligncenter wp-image-16503\" src=\"http:\/\/1001voyagesgourmands.com\/wp-content\/uploads\/2017\/05\/Ponce-13-1-683x1024.jpg\" alt=\"V Ponce jsme z\u016fstali t\u0159i dny a v tomhle \u010dl\u00e1nku v\u00e1m pov\u00edm, co je zde k vid\u011bn\u00ed - vydejte se se mnou na n\u00e1v\u0161t\u011bvu ji\u017en\u00edho Portorika!\" width=\"819\" height=\"1228\" srcset=\"https:\/\/1001voyagesgourmands.com\/wp-content\/uploads\/2017\/05\/Ponce-13-1-683x1024.jpg 683w, https:\/\/1001voyagesgourmands.com\/wp-content\/uploads\/2017\/05\/Ponce-13-1-200x300.jpg 200w, https:\/\/1001voyagesgourmands.com\/wp-content\/uploads\/2017\/05\/Ponce-13-1-768x1152.jpg 768w, https:\/\/1001voyagesgourmands.com\/wp-content\/uploads\/2017\/05\/Ponce-13-1-585x878.jpg 585w, https:\/\/1001voyagesgourmands.com\/wp-content\/uploads\/2017\/05\/Ponce-13-1.jpg 1000w\" sizes=\"auto, (max-width: 819px) 100vw, 819px\" \/><\/p>\n<p style=\"text-align: justify;\"><img loading=\"lazy\" decoding=\"async\" class=\"aligncenter size-full wp-image-16507\" src=\"http:\/\/1001voyagesgourmands.com\/wp-content\/uploads\/2017\/05\/Ponce-52-1.jpg\" alt=\"V Ponce jsme z\u016fstali t\u0159i dny a v tomhle \u010dl\u00e1nku v\u00e1m pov\u00edm, co je zde k vid\u011bn\u00ed - vydejte se se mnou na n\u00e1v\u0161t\u011bvu ji\u017en\u00edho Portorika!\" width=\"1000\" height=\"667\" srcset=\"https:\/\/1001voyagesgourmands.com\/wp-content\/uploads\/2017\/05\/Ponce-52-1.jpg 1000w, https:\/\/1001voyagesgourmands.com\/wp-content\/uploads\/2017\/05\/Ponce-52-1-263x175.jpg 263w, https:\/\/1001voyagesgourmands.com\/wp-content\/uploads\/2017\/05\/Ponce-52-1-300x200.jpg 300w, https:\/\/1001voyagesgourmands.com\/wp-content\/uploads\/2017\/05\/Ponce-52-1-768x512.jpg 768w, https:\/\/1001voyagesgourmands.com\/wp-content\/uploads\/2017\/05\/Ponce-52-1-585x390.jpg 585w\" sizes=\"auto, (max-width: 1000px) 100vw, 1000px\" \/><\/p>\n<p style=\"text-align: justify;\">U pl\u00e1\u017ee jsem na\u0161la i tento osamn\u011bl\u00fd mangrovn\u00edk&#8230;<\/p>\n<p style=\"text-align: justify;\"><img loading=\"lazy\" decoding=\"async\" class=\"aligncenter size-full wp-image-16506\" src=\"http:\/\/1001voyagesgourmands.com\/wp-content\/uploads\/2017\/05\/Ponce-50-1.jpg\" alt=\"V Ponce jsme z\u016fstali t\u0159i dny a v tomhle \u010dl\u00e1nku v\u00e1m pov\u00edm, co je zde k vid\u011bn\u00ed - vydejte se se mnou na n\u00e1v\u0161t\u011bvu ji\u017en\u00edho Portorika!\" width=\"1000\" height=\"667\" srcset=\"https:\/\/1001voyagesgourmands.com\/wp-content\/uploads\/2017\/05\/Ponce-50-1.jpg 1000w, https:\/\/1001voyagesgourmands.com\/wp-content\/uploads\/2017\/05\/Ponce-50-1-263x175.jpg 263w, https:\/\/1001voyagesgourmands.com\/wp-content\/uploads\/2017\/05\/Ponce-50-1-300x200.jpg 300w, https:\/\/1001voyagesgourmands.com\/wp-content\/uploads\/2017\/05\/Ponce-50-1-768x512.jpg 768w, https:\/\/1001voyagesgourmands.com\/wp-content\/uploads\/2017\/05\/Ponce-50-1-585x390.jpg 585w\" sizes=\"auto, (max-width: 1000px) 100vw, 1000px\" \/><\/p>\n<p style=\"text-align: justify;\">&nbsp;<\/p>\n<h3 style=\"text-align: justify;\">N\u00e1v\u0161t\u011bva k\u00e1vov\u00fdch plant\u00e1\u017e\u00ed<\/h3>\n<p style=\"text-align: justify;\">Na dal\u0161\u00ed den jsme m\u011bli napl\u00e1novan\u00fd v\u00fdlet do hor s n\u00e1v\u0161t\u011bvou k\u00e1vov\u00fdch plant\u00e1\u017e\u00ed. K\u00e1va vyv\u00e1\u017een\u00e1 z Portorika v 19. stolet\u00ed byla ve sv\u011bt\u011b pova\u017eov\u00e1na za jednu z nejlep\u0161\u00edch. Bohu\u017eel zlat\u00e9 \u010dasy pro v\u00fdvoz portorik\u00e1nsk\u00e9 k\u00e1vy netrvaly d\u00e9le ne\u017e jedno stolet\u00ed, jeliko\u017e produkce po n\u011bkolika p\u0159\u00edrodn\u00edch a ekonomicko-politick\u00fdch katastrof\u00e1ch zna\u010dn\u011b klesla.&nbsp;<\/p>\n<p style=\"text-align: justify;\"><img loading=\"lazy\" decoding=\"async\" class=\"aligncenter size-full wp-image-16509\" src=\"http:\/\/1001voyagesgourmands.com\/wp-content\/uploads\/2017\/05\/Ponce-32-1.jpg\" alt=\"V Ponce jsme z\u016fstali t\u0159i dny a v tomhle \u010dl\u00e1nku v\u00e1m pov\u00edm, co je zde k vid\u011bn\u00ed - vydejte se se mnou na n\u00e1v\u0161t\u011bvu ji\u017en\u00edho Portorika!\" width=\"1000\" height=\"667\" srcset=\"https:\/\/1001voyagesgourmands.com\/wp-content\/uploads\/2017\/05\/Ponce-32-1.jpg 1000w, https:\/\/1001voyagesgourmands.com\/wp-content\/uploads\/2017\/05\/Ponce-32-1-263x175.jpg 263w, https:\/\/1001voyagesgourmands.com\/wp-content\/uploads\/2017\/05\/Ponce-32-1-300x200.jpg 300w, https:\/\/1001voyagesgourmands.com\/wp-content\/uploads\/2017\/05\/Ponce-32-1-768x512.jpg 768w, https:\/\/1001voyagesgourmands.com\/wp-content\/uploads\/2017\/05\/Ponce-32-1-585x390.jpg 585w\" sizes=\"auto, (max-width: 1000px) 100vw, 1000px\" \/><\/p>\n<p style=\"text-align: justify;\">R\u00e1no jsme si domluvili n\u00e1v\u0161t\u011bvu <strong>Hacienda Buena Vista<\/strong>, co\u017e je k\u00e1vov\u00e1 plant\u00e1\u017e zalo\u017een\u00e1&nbsp;v prvn\u00ed polovin\u011b 19. stolet\u00ed jist\u00fdm Donem Salvadorem de Vives, pova\u017eov\u00e1na za jeden z nejlep\u0161\u00edch p\u0159\u00edklad\u016f portorik\u00e1nsk\u00e9 k\u00e1vov\u00e9 plant\u00e1\u017ee. Dnes je plant\u00e1\u017en\u00ed staven\u00ed obklopen\u00e9 subtropick\u00fdm lesem ve vlastnictv\u00ed konzerva\u010dn\u00edho fondu Portorika, kter\u00e9 ho provozuje jako muzeum. N\u00e1\u0161 pr\u016fvodce \u00c1ngel n\u00e1s vzal nejprve dovnit\u0159 plant\u00e1\u017en\u00edho domu, kde je k vid\u011bn\u00ed dobov\u00fd n\u00e1bytek, pot\u00e9 jsme se vydali lesem k vodop\u00e1d\u016fm, pro\u0161li si m\u00edstnost, kde se su\u0161ila k\u00e1vov\u00e1 zrna, vid\u011bli jsme jak fungoval ml\u00fdn na kuku\u0159ici poh\u00e1n\u011bn\u00fd vodou, kter\u00fd je st\u00e1le funk\u010dn\u00ed a je to jedin\u00fd zn\u00e1m\u00fd prototyp Barker turn\u00edny (pokud to n\u011bkomu z v\u00e1s n\u011bco \u0159\u00edk\u00e1).<\/p>\n<p style=\"text-align: justify;\"><img loading=\"lazy\" decoding=\"async\" class=\"aligncenter size-full wp-image-16517\" src=\"http:\/\/1001voyagesgourmands.com\/wp-content\/uploads\/2017\/05\/Ponce-41-1.jpg\" alt=\"V Ponce jsme z\u016fstali t\u0159i dny a v tomhle \u010dl\u00e1nku v\u00e1m pov\u00edm, co je zde k vid\u011bn\u00ed - vydejte se se mnou na n\u00e1v\u0161t\u011bvu ji\u017en\u00edho Portorika!\" width=\"1000\" height=\"667\" srcset=\"https:\/\/1001voyagesgourmands.com\/wp-content\/uploads\/2017\/05\/Ponce-41-1.jpg 1000w, https:\/\/1001voyagesgourmands.com\/wp-content\/uploads\/2017\/05\/Ponce-41-1-263x175.jpg 263w, https:\/\/1001voyagesgourmands.com\/wp-content\/uploads\/2017\/05\/Ponce-41-1-300x200.jpg 300w, https:\/\/1001voyagesgourmands.com\/wp-content\/uploads\/2017\/05\/Ponce-41-1-768x512.jpg 768w, https:\/\/1001voyagesgourmands.com\/wp-content\/uploads\/2017\/05\/Ponce-41-1-585x390.jpg 585w\" sizes=\"auto, (max-width: 1000px) 100vw, 1000px\" \/><\/p>\n<p style=\"text-align: justify;\"><img loading=\"lazy\" decoding=\"async\" class=\"aligncenter size-full wp-image-16510\" src=\"http:\/\/1001voyagesgourmands.com\/wp-content\/uploads\/2017\/05\/Ponce-33-1.jpg\" alt=\"V Ponce jsme z\u016fstali t\u0159i dny a v tomhle \u010dl\u00e1nku v\u00e1m pov\u00edm, co je zde k vid\u011bn\u00ed - vydejte se se mnou na n\u00e1v\u0161t\u011bvu ji\u017en\u00edho Portorika!\" width=\"1000\" height=\"667\" srcset=\"https:\/\/1001voyagesgourmands.com\/wp-content\/uploads\/2017\/05\/Ponce-33-1.jpg 1000w, https:\/\/1001voyagesgourmands.com\/wp-content\/uploads\/2017\/05\/Ponce-33-1-263x175.jpg 263w, https:\/\/1001voyagesgourmands.com\/wp-content\/uploads\/2017\/05\/Ponce-33-1-300x200.jpg 300w, https:\/\/1001voyagesgourmands.com\/wp-content\/uploads\/2017\/05\/Ponce-33-1-768x512.jpg 768w, https:\/\/1001voyagesgourmands.com\/wp-content\/uploads\/2017\/05\/Ponce-33-1-585x390.jpg 585w\" sizes=\"auto, (max-width: 1000px) 100vw, 1000px\" \/><\/p>\n<p style=\"text-align: justify;\"><img loading=\"lazy\" decoding=\"async\" class=\"aligncenter size-full wp-image-16524\" src=\"http:\/\/1001voyagesgourmands.com\/wp-content\/uploads\/2017\/05\/Ponce_collage-1-2.jpg\" alt=\"V Ponce jsme z\u016fstali t\u0159i dny a v tomhle \u010dl\u00e1nku v\u00e1m pov\u00edm, co je zde k vid\u011bn\u00ed - vydejte se se mnou na n\u00e1v\u0161t\u011bvu ji\u017en\u00edho Portorika!\" width=\"1000\" height=\"707\" srcset=\"https:\/\/1001voyagesgourmands.com\/wp-content\/uploads\/2017\/05\/Ponce_collage-1-2.jpg 1000w, https:\/\/1001voyagesgourmands.com\/wp-content\/uploads\/2017\/05\/Ponce_collage-1-2-300x212.jpg 300w, https:\/\/1001voyagesgourmands.com\/wp-content\/uploads\/2017\/05\/Ponce_collage-1-2-768x543.jpg 768w, https:\/\/1001voyagesgourmands.com\/wp-content\/uploads\/2017\/05\/Ponce_collage-1-2-585x414.jpg 585w\" sizes=\"auto, (max-width: 1000px) 100vw, 1000px\" \/><\/p>\n<p style=\"text-align: justify;\"><img loading=\"lazy\" decoding=\"async\" class=\"aligncenter size-full wp-image-16511\" src=\"http:\/\/1001voyagesgourmands.com\/wp-content\/uploads\/2017\/05\/Ponce-34-1.jpg\" alt=\"V Ponce jsme z\u016fstali t\u0159i dny a v tomhle \u010dl\u00e1nku v\u00e1m pov\u00edm, co je zde k vid\u011bn\u00ed - vydejte se se mnou na n\u00e1v\u0161t\u011bvu ji\u017en\u00edho Portorika!\" width=\"1000\" height=\"667\" srcset=\"https:\/\/1001voyagesgourmands.com\/wp-content\/uploads\/2017\/05\/Ponce-34-1.jpg 1000w, https:\/\/1001voyagesgourmands.com\/wp-content\/uploads\/2017\/05\/Ponce-34-1-263x175.jpg 263w, https:\/\/1001voyagesgourmands.com\/wp-content\/uploads\/2017\/05\/Ponce-34-1-300x200.jpg 300w, https:\/\/1001voyagesgourmands.com\/wp-content\/uploads\/2017\/05\/Ponce-34-1-768x512.jpg 768w, https:\/\/1001voyagesgourmands.com\/wp-content\/uploads\/2017\/05\/Ponce-34-1-585x390.jpg 585w\" sizes=\"auto, (max-width: 1000px) 100vw, 1000px\" \/><\/p>\n<p style=\"text-align: justify;\"><img loading=\"lazy\" decoding=\"async\" class=\"aligncenter size-full wp-image-16513\" src=\"http:\/\/1001voyagesgourmands.com\/wp-content\/uploads\/2017\/05\/Ponce-36-1.jpg\" alt=\"V Ponce jsme z\u016fstali t\u0159i dny a v tomhle \u010dl\u00e1nku v\u00e1m pov\u00edm, co je zde k vid\u011bn\u00ed - vydejte se se mnou na n\u00e1v\u0161t\u011bvu ji\u017en\u00edho Portorika!\" width=\"1000\" height=\"667\" srcset=\"https:\/\/1001voyagesgourmands.com\/wp-content\/uploads\/2017\/05\/Ponce-36-1.jpg 1000w, https:\/\/1001voyagesgourmands.com\/wp-content\/uploads\/2017\/05\/Ponce-36-1-263x175.jpg 263w, https:\/\/1001voyagesgourmands.com\/wp-content\/uploads\/2017\/05\/Ponce-36-1-300x200.jpg 300w, https:\/\/1001voyagesgourmands.com\/wp-content\/uploads\/2017\/05\/Ponce-36-1-768x512.jpg 768w, https:\/\/1001voyagesgourmands.com\/wp-content\/uploads\/2017\/05\/Ponce-36-1-585x390.jpg 585w\" sizes=\"auto, (max-width: 1000px) 100vw, 1000px\" \/><\/p>\n<p style=\"text-align: justify;\"><img loading=\"lazy\" decoding=\"async\" class=\"aligncenter wp-image-16512\" src=\"http:\/\/1001voyagesgourmands.com\/wp-content\/uploads\/2017\/05\/Ponce-35-1-683x1024.jpg\" alt=\"V Ponce jsme z\u016fstali t\u0159i dny a v tomhle \u010dl\u00e1nku v\u00e1m pov\u00edm, co je zde k vid\u011bn\u00ed - vydejte se se mnou na n\u00e1v\u0161t\u011bvu ji\u017en\u00edho Portorika!\" width=\"837\" height=\"1255\" srcset=\"https:\/\/1001voyagesgourmands.com\/wp-content\/uploads\/2017\/05\/Ponce-35-1-683x1024.jpg 683w, https:\/\/1001voyagesgourmands.com\/wp-content\/uploads\/2017\/05\/Ponce-35-1-200x300.jpg 200w, https:\/\/1001voyagesgourmands.com\/wp-content\/uploads\/2017\/05\/Ponce-35-1-768x1152.jpg 768w, https:\/\/1001voyagesgourmands.com\/wp-content\/uploads\/2017\/05\/Ponce-35-1-585x878.jpg 585w, https:\/\/1001voyagesgourmands.com\/wp-content\/uploads\/2017\/05\/Ponce-35-1.jpg 1000w\" sizes=\"auto, (max-width: 837px) 100vw, 837px\" \/><\/p>\n<p style=\"text-align: justify;\"><img loading=\"lazy\" decoding=\"async\" class=\"aligncenter size-full wp-image-16508\" src=\"http:\/\/1001voyagesgourmands.com\/wp-content\/uploads\/2017\/05\/Ponce_collage-2a-1.jpg\" alt=\"V Ponce jsme z\u016fstali t\u0159i dny a v tomhle \u010dl\u00e1nku v\u00e1m pov\u00edm, co je zde k vid\u011bn\u00ed - vydejte se se mnou na n\u00e1v\u0161t\u011bvu ji\u017en\u00edho Portorika!\" width=\"1000\" height=\"707\" srcset=\"https:\/\/1001voyagesgourmands.com\/wp-content\/uploads\/2017\/05\/Ponce_collage-2a-1.jpg 1000w, https:\/\/1001voyagesgourmands.com\/wp-content\/uploads\/2017\/05\/Ponce_collage-2a-1-300x212.jpg 300w, https:\/\/1001voyagesgourmands.com\/wp-content\/uploads\/2017\/05\/Ponce_collage-2a-1-768x543.jpg 768w, https:\/\/1001voyagesgourmands.com\/wp-content\/uploads\/2017\/05\/Ponce_collage-2a-1-585x414.jpg 585w\" sizes=\"auto, (max-width: 1000px) 100vw, 1000px\" \/><\/p>\n<p style=\"text-align: justify;\"><img loading=\"lazy\" decoding=\"async\" class=\"aligncenter size-full wp-image-16514\" src=\"http:\/\/1001voyagesgourmands.com\/wp-content\/uploads\/2017\/05\/Ponce-37-1.jpg\" alt=\"V Ponce jsme z\u016fstali t\u0159i dny a v tomhle \u010dl\u00e1nku v\u00e1m pov\u00edm, co je zde k vid\u011bn\u00ed - vydejte se se mnou na n\u00e1v\u0161t\u011bvu ji\u017en\u00edho Portorika!\" width=\"1000\" height=\"667\" srcset=\"https:\/\/1001voyagesgourmands.com\/wp-content\/uploads\/2017\/05\/Ponce-37-1.jpg 1000w, https:\/\/1001voyagesgourmands.com\/wp-content\/uploads\/2017\/05\/Ponce-37-1-263x175.jpg 263w, https:\/\/1001voyagesgourmands.com\/wp-content\/uploads\/2017\/05\/Ponce-37-1-300x200.jpg 300w, https:\/\/1001voyagesgourmands.com\/wp-content\/uploads\/2017\/05\/Ponce-37-1-768x512.jpg 768w, https:\/\/1001voyagesgourmands.com\/wp-content\/uploads\/2017\/05\/Ponce-37-1-585x390.jpg 585w\" sizes=\"auto, (max-width: 1000px) 100vw, 1000px\" \/><\/p>\n<p style=\"text-align: justify;\"><img loading=\"lazy\" decoding=\"async\" class=\"aligncenter size-full wp-image-16516\" src=\"http:\/\/1001voyagesgourmands.com\/wp-content\/uploads\/2017\/05\/Ponce-39-1.jpg\" alt=\"V Ponce jsme z\u016fstali t\u0159i dny a v tomhle \u010dl\u00e1nku v\u00e1m pov\u00edm, co je zde k vid\u011bn\u00ed - vydejte se se mnou na n\u00e1v\u0161t\u011bvu ji\u017en\u00edho Portorika!\" width=\"1000\" height=\"667\" srcset=\"https:\/\/1001voyagesgourmands.com\/wp-content\/uploads\/2017\/05\/Ponce-39-1.jpg 1000w, https:\/\/1001voyagesgourmands.com\/wp-content\/uploads\/2017\/05\/Ponce-39-1-263x175.jpg 263w, https:\/\/1001voyagesgourmands.com\/wp-content\/uploads\/2017\/05\/Ponce-39-1-300x200.jpg 300w, https:\/\/1001voyagesgourmands.com\/wp-content\/uploads\/2017\/05\/Ponce-39-1-768x512.jpg 768w, https:\/\/1001voyagesgourmands.com\/wp-content\/uploads\/2017\/05\/Ponce-39-1-585x390.jpg 585w\" sizes=\"auto, (max-width: 1000px) 100vw, 1000px\" \/><\/p>\n<p style=\"text-align: justify;\"><img loading=\"lazy\" decoding=\"async\" class=\"aligncenter size-full wp-image-16515\" src=\"http:\/\/1001voyagesgourmands.com\/wp-content\/uploads\/2017\/05\/Ponce-38-1.jpg\" alt=\"V Ponce jsme z\u016fstali t\u0159i dny a v tomhle \u010dl\u00e1nku v\u00e1m pov\u00edm, co je zde k vid\u011bn\u00ed - vydejte se se mnou na n\u00e1v\u0161t\u011bvu ji\u017en\u00edho Portorika!\" width=\"1000\" height=\"667\" srcset=\"https:\/\/1001voyagesgourmands.com\/wp-content\/uploads\/2017\/05\/Ponce-38-1.jpg 1000w, https:\/\/1001voyagesgourmands.com\/wp-content\/uploads\/2017\/05\/Ponce-38-1-263x175.jpg 263w, https:\/\/1001voyagesgourmands.com\/wp-content\/uploads\/2017\/05\/Ponce-38-1-300x200.jpg 300w, https:\/\/1001voyagesgourmands.com\/wp-content\/uploads\/2017\/05\/Ponce-38-1-768x512.jpg 768w, https:\/\/1001voyagesgourmands.com\/wp-content\/uploads\/2017\/05\/Ponce-38-1-585x390.jpg 585w\" sizes=\"auto, (max-width: 1000px) 100vw, 1000px\" \/><\/p>\n<p style=\"text-align: justify;\">&nbsp;<\/p>\n<h3 style=\"text-align: justify;\">Panoramick\u00e1 cesta<\/h3>\n<p style=\"text-align: justify;\">Pot\u00e9 jsme se vydali sm\u011brem na Ruta Panor\u00e1mica, asi 270 km dlouh\u00e1 s\u00ed\u0165 sekund\u00e1rn\u00edch silnic&nbsp;t\u00e1hnouc\u00edch se poho\u0159\u00edm Cordillera Central. Cesta n\u00e1s vedla mal\u00fdma vesni\u010dkama a sem tam se naskytl p\u011bkn\u00fd pohled na okol\u00ed, sem tam n\u011bjak\u00fd ten vrak.<\/p>\n<p style=\"text-align: justify;\"><img loading=\"lazy\" decoding=\"async\" class=\"aligncenter size-full wp-image-16518\" src=\"http:\/\/1001voyagesgourmands.com\/wp-content\/uploads\/2017\/05\/Ponce-44-1.jpg\" alt=\"V Ponce jsme z\u016fstali t\u0159i dny a v tomhle \u010dl\u00e1nku v\u00e1m pov\u00edm, co je zde k vid\u011bn\u00ed - vydejte se se mnou na n\u00e1v\u0161t\u011bvu ji\u017en\u00edho Portorika!\" width=\"1000\" height=\"667\" srcset=\"https:\/\/1001voyagesgourmands.com\/wp-content\/uploads\/2017\/05\/Ponce-44-1.jpg 1000w, https:\/\/1001voyagesgourmands.com\/wp-content\/uploads\/2017\/05\/Ponce-44-1-263x175.jpg 263w, https:\/\/1001voyagesgourmands.com\/wp-content\/uploads\/2017\/05\/Ponce-44-1-300x200.jpg 300w, https:\/\/1001voyagesgourmands.com\/wp-content\/uploads\/2017\/05\/Ponce-44-1-768x512.jpg 768w, https:\/\/1001voyagesgourmands.com\/wp-content\/uploads\/2017\/05\/Ponce-44-1-585x390.jpg 585w\" sizes=\"auto, (max-width: 1000px) 100vw, 1000px\" \/><\/p>\n<p style=\"text-align: justify;\"><img loading=\"lazy\" decoding=\"async\" class=\"aligncenter size-full wp-image-16523\" src=\"http:\/\/1001voyagesgourmands.com\/wp-content\/uploads\/2017\/05\/Ponce-64.jpg\" alt=\"V Ponce jsme z\u016fstali t\u0159i dny a v tomhle \u010dl\u00e1nku v\u00e1m pov\u00edm, co je zde k vid\u011bn\u00ed - vydejte se se mnou na n\u00e1v\u0161t\u011bvu ji\u017en\u00edho Portorika!\" width=\"1000\" height=\"667\" srcset=\"https:\/\/1001voyagesgourmands.com\/wp-content\/uploads\/2017\/05\/Ponce-64.jpg 1000w, https:\/\/1001voyagesgourmands.com\/wp-content\/uploads\/2017\/05\/Ponce-64-263x175.jpg 263w, https:\/\/1001voyagesgourmands.com\/wp-content\/uploads\/2017\/05\/Ponce-64-300x200.jpg 300w, https:\/\/1001voyagesgourmands.com\/wp-content\/uploads\/2017\/05\/Ponce-64-768x512.jpg 768w, https:\/\/1001voyagesgourmands.com\/wp-content\/uploads\/2017\/05\/Ponce-64-585x390.jpg 585w\" sizes=\"auto, (max-width: 1000px) 100vw, 1000px\" \/><\/p>\n<p style=\"text-align: justify;\"><img loading=\"lazy\" decoding=\"async\" class=\"aligncenter size-full wp-image-16519\" src=\"http:\/\/1001voyagesgourmands.com\/wp-content\/uploads\/2017\/05\/Ponce-45-1.jpg\" alt=\"V Ponce jsme z\u016fstali t\u0159i dny a v tomhle \u010dl\u00e1nku v\u00e1m pov\u00edm, co je zde k vid\u011bn\u00ed - vydejte se se mnou na n\u00e1v\u0161t\u011bvu ji\u017en\u00edho Portorika!\" width=\"1000\" height=\"667\" srcset=\"https:\/\/1001voyagesgourmands.com\/wp-content\/uploads\/2017\/05\/Ponce-45-1.jpg 1000w, https:\/\/1001voyagesgourmands.com\/wp-content\/uploads\/2017\/05\/Ponce-45-1-263x175.jpg 263w, https:\/\/1001voyagesgourmands.com\/wp-content\/uploads\/2017\/05\/Ponce-45-1-300x200.jpg 300w, https:\/\/1001voyagesgourmands.com\/wp-content\/uploads\/2017\/05\/Ponce-45-1-768x512.jpg 768w, https:\/\/1001voyagesgourmands.com\/wp-content\/uploads\/2017\/05\/Ponce-45-1-585x390.jpg 585w\" sizes=\"auto, (max-width: 1000px) 100vw, 1000px\" \/><\/p>\n<p style=\"text-align: justify;\"><img loading=\"lazy\" decoding=\"async\" class=\"aligncenter size-full wp-image-16520\" src=\"http:\/\/1001voyagesgourmands.com\/wp-content\/uploads\/2017\/05\/Ponce-47-1.jpg\" alt=\"V Ponce jsme z\u016fstali t\u0159i dny a v tomhle \u010dl\u00e1nku v\u00e1m pov\u00edm, co je zde k vid\u011bn\u00ed - vydejte se se mnou na n\u00e1v\u0161t\u011bvu ji\u017en\u00edho Portorika!\" width=\"1000\" height=\"667\" srcset=\"https:\/\/1001voyagesgourmands.com\/wp-content\/uploads\/2017\/05\/Ponce-47-1.jpg 1000w, https:\/\/1001voyagesgourmands.com\/wp-content\/uploads\/2017\/05\/Ponce-47-1-263x175.jpg 263w, https:\/\/1001voyagesgourmands.com\/wp-content\/uploads\/2017\/05\/Ponce-47-1-300x200.jpg 300w, https:\/\/1001voyagesgourmands.com\/wp-content\/uploads\/2017\/05\/Ponce-47-1-768x512.jpg 768w, https:\/\/1001voyagesgourmands.com\/wp-content\/uploads\/2017\/05\/Ponce-47-1-585x390.jpg 585w\" sizes=\"auto, (max-width: 1000px) 100vw, 1000px\" \/><\/p>\n<p style=\"text-align: justify;\"><img loading=\"lazy\" decoding=\"async\" class=\"aligncenter size-full wp-image-16521\" src=\"http:\/\/1001voyagesgourmands.com\/wp-content\/uploads\/2017\/05\/Ponce-48-1.jpg\" alt=\"V Ponce jsme z\u016fstali t\u0159i dny a v tomhle \u010dl\u00e1nku v\u00e1m pov\u00edm, co je zde k vid\u011bn\u00ed - vydejte se se mnou na n\u00e1v\u0161t\u011bvu ji\u017en\u00edho Portorika!\" width=\"1000\" height=\"667\" srcset=\"https:\/\/1001voyagesgourmands.com\/wp-content\/uploads\/2017\/05\/Ponce-48-1.jpg 1000w, https:\/\/1001voyagesgourmands.com\/wp-content\/uploads\/2017\/05\/Ponce-48-1-263x175.jpg 263w, https:\/\/1001voyagesgourmands.com\/wp-content\/uploads\/2017\/05\/Ponce-48-1-300x200.jpg 300w, https:\/\/1001voyagesgourmands.com\/wp-content\/uploads\/2017\/05\/Ponce-48-1-768x512.jpg 768w, https:\/\/1001voyagesgourmands.com\/wp-content\/uploads\/2017\/05\/Ponce-48-1-585x390.jpg 585w\" sizes=\"auto, (max-width: 1000px) 100vw, 1000px\" \/><\/p>\n<p style=\"text-align: justify;\"><img loading=\"lazy\" decoding=\"async\" class=\"aligncenter size-full wp-image-16522\" src=\"http:\/\/1001voyagesgourmands.com\/wp-content\/uploads\/2017\/05\/Ponce-49-1.jpg\" alt=\"V Ponce jsme z\u016fstali t\u0159i dny a v tomhle \u010dl\u00e1nku v\u00e1m pov\u00edm, co je zde k vid\u011bn\u00ed - vydejte se se mnou na n\u00e1v\u0161t\u011bvu ji\u017en\u00edho Portorika!\" width=\"1000\" height=\"667\" srcset=\"https:\/\/1001voyagesgourmands.com\/wp-content\/uploads\/2017\/05\/Ponce-49-1.jpg 1000w, https:\/\/1001voyagesgourmands.com\/wp-content\/uploads\/2017\/05\/Ponce-49-1-263x175.jpg 263w, https:\/\/1001voyagesgourmands.com\/wp-content\/uploads\/2017\/05\/Ponce-49-1-300x200.jpg 300w, https:\/\/1001voyagesgourmands.com\/wp-content\/uploads\/2017\/05\/Ponce-49-1-768x512.jpg 768w, https:\/\/1001voyagesgourmands.com\/wp-content\/uploads\/2017\/05\/Ponce-49-1-585x390.jpg 585w\" sizes=\"auto, (max-width: 1000px) 100vw, 1000px\" \/><\/p>\n<p style=\"text-align: justify;\">&nbsp;<\/p>\n<h3 style=\"text-align: justify;\">V\u00fdlet do such\u00e9ho lesa v Gu\u00e1nice<\/h3>\n<p style=\"text-align: justify;\">Posledn\u00ed den v Ponce jsme str\u00e1vili v okol\u00ed such\u00e9ho lesa Gu\u00e1nica, co\u017e je prav\u00fd opak krajiny na severov\u00fdchod\u011b Portorika, kde pro zm\u011bnu najdeme tropick\u00fd de\u0161tn\u00fd les. Krajina v Gu\u00e1nice je d\u00edky nedostatku sr\u00e1\u017eek dost vysu\u0161en\u00e1 a tak tu najdeme r\u016fzn\u00e9 k\u0159ov\u00ed, kaktusy a mrtv\u00e9 stromy. Nach\u00e1z\u00ed se zde n\u011bkolik tras rozd\u00edln\u00fdch tras a n\u00e1ro\u010dnost\u00ed, my se vydali k jednomu z nejvy\u0161\u0161\u00edch bod\u016f, odkud n\u00e1m slibovali p\u011bkn\u00fd v\u00fdhled na okol\u00ed a pob\u0159e\u017e\u00ed. B\u011bhem poch\u00e1zky to kolem neust\u00e1le n\u011bkde \u0161ustilo, p\u0159es cestu n\u00e1m p\u0159eb\u00edhaly je\u0161t\u011brky a z korun strom\u016f a kaktus\u016f hv\u00edzdali r\u016fzn\u00ed pt\u00e1ci.<\/p>\n<p style=\"text-align: justify;\"><img loading=\"lazy\" decoding=\"async\" class=\"aligncenter size-full wp-image-16527\" src=\"http:\/\/1001voyagesgourmands.com\/wp-content\/uploads\/2017\/05\/Ponce-53-1.jpg\" alt=\"V Ponce jsme z\u016fstali t\u0159i dny a v tomhle \u010dl\u00e1nku v\u00e1m pov\u00edm, co je zde k vid\u011bn\u00ed - vydejte se se mnou na n\u00e1v\u0161t\u011bvu ji\u017en\u00edho Portorika!\" width=\"1000\" height=\"667\" srcset=\"https:\/\/1001voyagesgourmands.com\/wp-content\/uploads\/2017\/05\/Ponce-53-1.jpg 1000w, https:\/\/1001voyagesgourmands.com\/wp-content\/uploads\/2017\/05\/Ponce-53-1-263x175.jpg 263w, https:\/\/1001voyagesgourmands.com\/wp-content\/uploads\/2017\/05\/Ponce-53-1-300x200.jpg 300w, https:\/\/1001voyagesgourmands.com\/wp-content\/uploads\/2017\/05\/Ponce-53-1-768x512.jpg 768w, https:\/\/1001voyagesgourmands.com\/wp-content\/uploads\/2017\/05\/Ponce-53-1-585x390.jpg 585w\" sizes=\"auto, (max-width: 1000px) 100vw, 1000px\" \/><\/p>\n<p style=\"text-align: justify;\"><img loading=\"lazy\" decoding=\"async\" class=\"aligncenter size-full wp-image-16528\" src=\"http:\/\/1001voyagesgourmands.com\/wp-content\/uploads\/2017\/05\/Ponce-54-1.jpg\" alt=\"V Ponce jsme z\u016fstali t\u0159i dny a v tomhle \u010dl\u00e1nku v\u00e1m pov\u00edm, co je zde k vid\u011bn\u00ed - vydejte se se mnou na n\u00e1v\u0161t\u011bvu ji\u017en\u00edho Portorika!\" width=\"1000\" height=\"667\" srcset=\"https:\/\/1001voyagesgourmands.com\/wp-content\/uploads\/2017\/05\/Ponce-54-1.jpg 1000w, https:\/\/1001voyagesgourmands.com\/wp-content\/uploads\/2017\/05\/Ponce-54-1-263x175.jpg 263w, https:\/\/1001voyagesgourmands.com\/wp-content\/uploads\/2017\/05\/Ponce-54-1-300x200.jpg 300w, https:\/\/1001voyagesgourmands.com\/wp-content\/uploads\/2017\/05\/Ponce-54-1-768x512.jpg 768w, https:\/\/1001voyagesgourmands.com\/wp-content\/uploads\/2017\/05\/Ponce-54-1-585x390.jpg 585w\" sizes=\"auto, (max-width: 1000px) 100vw, 1000px\" \/><\/p>\n<p style=\"text-align: justify;\"><img loading=\"lazy\" decoding=\"async\" class=\"aligncenter size-full wp-image-16529\" src=\"http:\/\/1001voyagesgourmands.com\/wp-content\/uploads\/2017\/05\/Ponce-56-1.jpg\" alt=\"V Ponce jsme z\u016fstali t\u0159i dny a v tomhle \u010dl\u00e1nku v\u00e1m pov\u00edm, co je zde k vid\u011bn\u00ed - vydejte se se mnou na n\u00e1v\u0161t\u011bvu ji\u017en\u00edho Portorika!\" width=\"1000\" height=\"667\" srcset=\"https:\/\/1001voyagesgourmands.com\/wp-content\/uploads\/2017\/05\/Ponce-56-1.jpg 1000w, https:\/\/1001voyagesgourmands.com\/wp-content\/uploads\/2017\/05\/Ponce-56-1-263x175.jpg 263w, https:\/\/1001voyagesgourmands.com\/wp-content\/uploads\/2017\/05\/Ponce-56-1-300x200.jpg 300w, https:\/\/1001voyagesgourmands.com\/wp-content\/uploads\/2017\/05\/Ponce-56-1-768x512.jpg 768w, https:\/\/1001voyagesgourmands.com\/wp-content\/uploads\/2017\/05\/Ponce-56-1-585x390.jpg 585w\" sizes=\"auto, (max-width: 1000px) 100vw, 1000px\" \/><\/p>\n<p style=\"text-align: justify;\"><img loading=\"lazy\" decoding=\"async\" class=\"aligncenter size-full wp-image-16526\" src=\"http:\/\/1001voyagesgourmands.com\/wp-content\/uploads\/2017\/05\/Ponce_collage-4-2.jpg\" alt=\"V Ponce jsme z\u016fstali t\u0159i dny a v tomhle \u010dl\u00e1nku v\u00e1m pov\u00edm, co je zde k vid\u011bn\u00ed - vydejte se se mnou na n\u00e1v\u0161t\u011bvu ji\u017en\u00edho Portorika!\" width=\"1000\" height=\"707\" srcset=\"https:\/\/1001voyagesgourmands.com\/wp-content\/uploads\/2017\/05\/Ponce_collage-4-2.jpg 1000w, https:\/\/1001voyagesgourmands.com\/wp-content\/uploads\/2017\/05\/Ponce_collage-4-2-300x212.jpg 300w, https:\/\/1001voyagesgourmands.com\/wp-content\/uploads\/2017\/05\/Ponce_collage-4-2-768x543.jpg 768w, https:\/\/1001voyagesgourmands.com\/wp-content\/uploads\/2017\/05\/Ponce_collage-4-2-585x414.jpg 585w\" sizes=\"auto, (max-width: 1000px) 100vw, 1000px\" \/><\/p>\n<p style=\"text-align: justify;\"><img loading=\"lazy\" decoding=\"async\" class=\"aligncenter size-full wp-image-16462\" src=\"http:\/\/1001voyagesgourmands.com\/wp-content\/uploads\/2017\/05\/Ponce-57.jpg\" alt=\"From San Juan, we headed to the South of Puerto Rico in order to visit Ponce and its surroundings and this post is about what we did and saw there.\" width=\"1000\" height=\"667\" srcset=\"https:\/\/1001voyagesgourmands.com\/wp-content\/uploads\/2017\/05\/Ponce-57.jpg 1000w, https:\/\/1001voyagesgourmands.com\/wp-content\/uploads\/2017\/05\/Ponce-57-263x175.jpg 263w, https:\/\/1001voyagesgourmands.com\/wp-content\/uploads\/2017\/05\/Ponce-57-300x200.jpg 300w, https:\/\/1001voyagesgourmands.com\/wp-content\/uploads\/2017\/05\/Ponce-57-768x512.jpg 768w, https:\/\/1001voyagesgourmands.com\/wp-content\/uploads\/2017\/05\/Ponce-57-585x390.jpg 585w\" sizes=\"auto, (max-width: 1000px) 100vw, 1000px\" \/><\/p>\n<p style=\"text-align: justify;\"><img loading=\"lazy\" decoding=\"async\" class=\"aligncenter size-full wp-image-16530\" src=\"http:\/\/1001voyagesgourmands.com\/wp-content\/uploads\/2017\/05\/Ponce-58-1.jpg\" alt=\"V Ponce jsme z\u016fstali t\u0159i dny a v tomhle \u010dl\u00e1nku v\u00e1m pov\u00edm, co je zde k vid\u011bn\u00ed - vydejte se se mnou na n\u00e1v\u0161t\u011bvu ji\u017en\u00edho Portorika!\" width=\"1000\" height=\"667\" srcset=\"https:\/\/1001voyagesgourmands.com\/wp-content\/uploads\/2017\/05\/Ponce-58-1.jpg 1000w, https:\/\/1001voyagesgourmands.com\/wp-content\/uploads\/2017\/05\/Ponce-58-1-263x175.jpg 263w, https:\/\/1001voyagesgourmands.com\/wp-content\/uploads\/2017\/05\/Ponce-58-1-300x200.jpg 300w, https:\/\/1001voyagesgourmands.com\/wp-content\/uploads\/2017\/05\/Ponce-58-1-768x512.jpg 768w, https:\/\/1001voyagesgourmands.com\/wp-content\/uploads\/2017\/05\/Ponce-58-1-585x390.jpg 585w\" sizes=\"auto, (max-width: 1000px) 100vw, 1000px\" \/><\/p>\n<p style=\"text-align: justify;\">&nbsp;<\/p>\n<h3 style=\"text-align: justify;\">Pl\u00e1\u017e Tamarindo<\/h3>\n<p style=\"text-align: justify;\">Po dvou hodin\u00e1ch v such\u00e9 lese a na p\u0159\u00edm\u00e9m poledn\u00edm slunci p\u0159i\u0161lo vhod odpoledne na pl\u00e1\u017ei. Str\u00e1\u017ece v lese n\u00e1m poradil pl\u00e1\u017e Tamarindo, kde jsme si pak kr\u00e1sn\u011b zaplavali &#8211; voda byla klidn\u00e1 a bez vln. O pod\u00edvanou se n\u00e1m tady postarali pelik\u00e1ni, kte\u0159\u00ed se po zob\u00e1ku vrhali st\u0159emhlav do vody, takov\u00e9 kamikadze n\u00e1lety. \ud83d\ude42 Nav\u00edc na pl\u00e1\u017ei krom p\u00e1r m\u00edstn\u00edch skoro nikdo nebyl, tak\u017ee jsme si u\u017eili p\u011bkn\u00e9ho klidu p\u0159edt\u00edm, ne\u017e jsme zam\u00ed\u0159ili na ru\u0161n\u011bj\u0161\u00ed v\u00fdchodn\u00ed surfa\u0159sk\u00e9 pob\u0159e\u017e\u00ed.<\/p>\n<p style=\"text-align: justify;\"><img loading=\"lazy\" decoding=\"async\" class=\"aligncenter size-full wp-image-16540\" src=\"http:\/\/1001voyagesgourmands.com\/wp-content\/uploads\/2017\/05\/Ponce-67.jpg\" alt=\"V Ponce jsme z\u016fstali t\u0159i dny a v tomhle \u010dl\u00e1nku v\u00e1m pov\u00edm, co je zde k vid\u011bn\u00ed - vydejte se se mnou na n\u00e1v\u0161t\u011bvu ji\u017en\u00edho Portorika!\" width=\"1000\" height=\"667\" srcset=\"https:\/\/1001voyagesgourmands.com\/wp-content\/uploads\/2017\/05\/Ponce-67.jpg 1000w, https:\/\/1001voyagesgourmands.com\/wp-content\/uploads\/2017\/05\/Ponce-67-263x175.jpg 263w, https:\/\/1001voyagesgourmands.com\/wp-content\/uploads\/2017\/05\/Ponce-67-300x200.jpg 300w, https:\/\/1001voyagesgourmands.com\/wp-content\/uploads\/2017\/05\/Ponce-67-768x512.jpg 768w, https:\/\/1001voyagesgourmands.com\/wp-content\/uploads\/2017\/05\/Ponce-67-585x390.jpg 585w\" sizes=\"auto, (max-width: 1000px) 100vw, 1000px\" \/><\/p>\n<p style=\"text-align: justify;\">&nbsp;<\/p>\n<h2 style=\"text-align: justify;\"><span style=\"text-decoration: underline;\">Kde a co jsme jedli<\/span><\/h2>\n<h3 style=\"text-align: justify;\">El Negozio de Panchi<\/h3>\n<p style=\"text-align: justify;\">Na prvn\u00ed ve\u010de\u0159i n\u00e1m m\u00edstn\u00ed doporu\u010dili tuhle restauraci nach\u00e1zej\u00edc\u00ed se 10 minut&nbsp;autem od centra. Chlap\u00edk na parkovi\u0161ti n\u00e1m sd\u011blil, \u017ee maj\u00ed plno, ale n\u00e1m to nedalo&nbsp; a \u0159ekli jsme mu, \u017ee jsme kv\u016fli t\u00e9hle restauraci p\u0159ijeli a\u017e z Belgie &#8211; a to byla mocn\u00e1 v\u011bta. \ud83d\ude42 Hned zavolal \u0161\u00e9fa, kter\u00fd n\u00e1s p\u0159iv\u00edtal s t\u00edm, \u017ee Belgii m\u00e1 moc r\u00e1d, \u017ee jezd\u00ed \u010dasto do Evropy. Chv\u00edli jsme se bavili a pak n\u00e1m improvizovan\u011b p\u0159ipravil st\u016fl na terase, kde jsme sed\u011bi o samotce. Bavil se s n\u00e1ma i d\u00e1l, ne\u017e n\u00e1m p\u0159inesli j\u00eddlo.&nbsp;Byl to velice kultivovan\u00fd \u010dlov\u011bk, milovn\u00edk Evropy a rozumn\u011bl evropsk\u00fdm v\u00edn\u016fm. Na jeho doporu\u010den\u00ed jsme si dali dv\u011b sklenky Ribera del Duero co m\u011bl v nab\u00eddce, a dost n\u00e1m chutnalo. Pak p\u0159inesli j\u00eddlo &#8211; m\u011b lososa ve sladkokysel\u00e9 om\u00e1\u010dce s pyr\u00e9 z juky, Sebovi n\u011bjakou m\u00edstn\u00ed rybu a pyr\u00e9 s n\u011bjak\u00fdm latinskoamerick\u00fdm bramborem a ovocem, ale jm\u00e9na v\u00e1m ne\u0159eknu. \u0160\u00e9f\u00edk se stavil je\u0161t\u011b p\u00e1rkr\u00e1t b\u011bhem j\u00eddla se zeptat, jak chutn\u00e1 a zase jsme se zakecali. Bylo to moc mil\u00e9 a j\u00eddlo vynikaj\u00edc\u00ed &#8211; takov\u00e9hle momenty pat\u0159\u00ed k t\u011bm nejhez\u010d\u00edm, co m\u00e1me se Sebem na cestov\u00e1n\u00ed r\u00e1di.&nbsp;<\/p>\n<p style=\"text-align: justify;\"><img loading=\"lazy\" decoding=\"async\" class=\"aligncenter size-full wp-image-16532\" src=\"http:\/\/1001voyagesgourmands.com\/wp-content\/uploads\/2017\/05\/Ponce-18-1.jpg\" alt=\"V Ponce jsme z\u016fstali t\u0159i dny a v tomhle \u010dl\u00e1nku v\u00e1m pov\u00edm, co je zde k vid\u011bn\u00ed - vydejte se se mnou na n\u00e1v\u0161t\u011bvu ji\u017en\u00edho Portorika!\" width=\"1000\" height=\"667\" srcset=\"https:\/\/1001voyagesgourmands.com\/wp-content\/uploads\/2017\/05\/Ponce-18-1.jpg 1000w, https:\/\/1001voyagesgourmands.com\/wp-content\/uploads\/2017\/05\/Ponce-18-1-263x175.jpg 263w, https:\/\/1001voyagesgourmands.com\/wp-content\/uploads\/2017\/05\/Ponce-18-1-300x200.jpg 300w, https:\/\/1001voyagesgourmands.com\/wp-content\/uploads\/2017\/05\/Ponce-18-1-768x512.jpg 768w, https:\/\/1001voyagesgourmands.com\/wp-content\/uploads\/2017\/05\/Ponce-18-1-585x390.jpg 585w\" sizes=\"auto, (max-width: 1000px) 100vw, 1000px\" \/><\/p>\n<p style=\"text-align: justify;\"><img loading=\"lazy\" decoding=\"async\" class=\"aligncenter size-full wp-image-16533\" src=\"http:\/\/1001voyagesgourmands.com\/wp-content\/uploads\/2017\/05\/Ponce-19-1.jpg\" alt=\"V Ponce jsme z\u016fstali t\u0159i dny a v tomhle \u010dl\u00e1nku v\u00e1m pov\u00edm, co je zde k vid\u011bn\u00ed - vydejte se se mnou na n\u00e1v\u0161t\u011bvu ji\u017en\u00edho Portorika!\" width=\"1000\" height=\"667\" srcset=\"https:\/\/1001voyagesgourmands.com\/wp-content\/uploads\/2017\/05\/Ponce-19-1.jpg 1000w, https:\/\/1001voyagesgourmands.com\/wp-content\/uploads\/2017\/05\/Ponce-19-1-263x175.jpg 263w, https:\/\/1001voyagesgourmands.com\/wp-content\/uploads\/2017\/05\/Ponce-19-1-300x200.jpg 300w, https:\/\/1001voyagesgourmands.com\/wp-content\/uploads\/2017\/05\/Ponce-19-1-768x512.jpg 768w, https:\/\/1001voyagesgourmands.com\/wp-content\/uploads\/2017\/05\/Ponce-19-1-585x390.jpg 585w\" sizes=\"auto, (max-width: 1000px) 100vw, 1000px\" \/><\/p>\n<p style=\"text-align: justify;\">&nbsp;<\/p>\n<h3 style=\"text-align: justify;\">Street Food<\/h3>\n<p style=\"text-align: justify;\">Na hlavn\u00edm n\u00e1m\u011bst\u00ed Plaza Las Delicias jsou n\u011bjak\u00e9 poj\u00edzdn\u00e9 st\u00e1nky a v jednom n\u00e1s zaujala organizovanost a plno \u010derstv\u00e9 zeleniny, tak jsme si tam dali k ob\u011bdu jakousi tortillu pln\u011bnou t\u00edm, co si z\u00e1kazn\u00edk naporou\u010del. \u0158ekla jsem si o jednu pr\u00e1v\u011b s tou zeleninou a s\u00fdrem. Sn\u011bdli jsme si to v parku a zbyl\u00fdm chlebem krmili holuby. \ud83d\ude42&nbsp;<\/p>\n<p style=\"text-align: justify;\"><img loading=\"lazy\" decoding=\"async\" class=\"aligncenter size-full wp-image-16482\" src=\"http:\/\/1001voyagesgourmands.com\/wp-content\/uploads\/2017\/05\/Ponce-3-1.jpg\" alt=\"V Ponce jsme z\u016fstali t\u0159i dny a v tomhle \u010dl\u00e1nku v\u00e1m pov\u00edm, co je zde k vid\u011bn\u00ed - vydejte se se mnou na n\u00e1v\u0161t\u011bvu ji\u017en\u00edho Portorika!\" width=\"1000\" height=\"667\" srcset=\"https:\/\/1001voyagesgourmands.com\/wp-content\/uploads\/2017\/05\/Ponce-3-1.jpg 1000w, https:\/\/1001voyagesgourmands.com\/wp-content\/uploads\/2017\/05\/Ponce-3-1-263x175.jpg 263w, https:\/\/1001voyagesgourmands.com\/wp-content\/uploads\/2017\/05\/Ponce-3-1-300x200.jpg 300w, https:\/\/1001voyagesgourmands.com\/wp-content\/uploads\/2017\/05\/Ponce-3-1-768x512.jpg 768w, https:\/\/1001voyagesgourmands.com\/wp-content\/uploads\/2017\/05\/Ponce-3-1-585x390.jpg 585w\" sizes=\"auto, (max-width: 1000px) 100vw, 1000px\" \/><\/p>\n<p style=\"text-align: justify;\">&nbsp;<\/p>\n<h3 style=\"text-align: justify;\">Sabor y Rumba<\/h3>\n<p style=\"text-align: justify;\">Na posledn\u00ed ve\u010de\u0159i v Ponce jsme za\u0161li do t\u00e9to restaurace situovan\u00e9 v mal\u00e9m patiu, kde byl zrovna koncert n\u011bjak\u00e9 kytaristky. Bohu\u017eel tu op\u011bt nem\u011bli nic \u010dist\u011b vegetari\u00e1nsk\u00e9ho, a tak jsem si dala krokety s treskou a zeleninou. Seb neodolal a \u0161el do hamburgeru s plantejnov\u00fdmi chipsy. J\u00eddlo tu nebylo \u0161patn\u00e9 a obsluha velice pozorn\u00e1. Bylo to fajn poklidn\u00fd ve\u010der.<\/p>\n<p style=\"text-align: justify;\"><img loading=\"lazy\" decoding=\"async\" class=\"aligncenter size-full wp-image-16535\" src=\"http:\/\/1001voyagesgourmands.com\/wp-content\/uploads\/2017\/05\/Ponce-62-1.jpg\" alt=\"V Ponce jsme z\u016fstali t\u0159i dny a v tomhle \u010dl\u00e1nku v\u00e1m pov\u00edm, co je zde k vid\u011bn\u00ed - vydejte se se mnou na n\u00e1v\u0161t\u011bvu ji\u017en\u00edho Portorika!\" width=\"1000\" height=\"667\" srcset=\"https:\/\/1001voyagesgourmands.com\/wp-content\/uploads\/2017\/05\/Ponce-62-1.jpg 1000w, https:\/\/1001voyagesgourmands.com\/wp-content\/uploads\/2017\/05\/Ponce-62-1-263x175.jpg 263w, https:\/\/1001voyagesgourmands.com\/wp-content\/uploads\/2017\/05\/Ponce-62-1-300x200.jpg 300w, https:\/\/1001voyagesgourmands.com\/wp-content\/uploads\/2017\/05\/Ponce-62-1-768x512.jpg 768w, https:\/\/1001voyagesgourmands.com\/wp-content\/uploads\/2017\/05\/Ponce-62-1-585x390.jpg 585w\" sizes=\"auto, (max-width: 1000px) 100vw, 1000px\" \/><\/p>\n<p style=\"text-align: justify;\"><img loading=\"lazy\" decoding=\"async\" class=\"aligncenter size-full wp-image-16534\" src=\"http:\/\/1001voyagesgourmands.com\/wp-content\/uploads\/2017\/05\/Ponce-61-1.jpg\" alt=\"V Ponce jsme z\u016fstali t\u0159i dny a v tomhle \u010dl\u00e1nku v\u00e1m pov\u00edm, co je zde k vid\u011bn\u00ed - vydejte se se mnou na n\u00e1v\u0161t\u011bvu ji\u017en\u00edho Portorika!\" width=\"1000\" height=\"667\" srcset=\"https:\/\/1001voyagesgourmands.com\/wp-content\/uploads\/2017\/05\/Ponce-61-1.jpg 1000w, https:\/\/1001voyagesgourmands.com\/wp-content\/uploads\/2017\/05\/Ponce-61-1-263x175.jpg 263w, https:\/\/1001voyagesgourmands.com\/wp-content\/uploads\/2017\/05\/Ponce-61-1-300x200.jpg 300w, https:\/\/1001voyagesgourmands.com\/wp-content\/uploads\/2017\/05\/Ponce-61-1-768x512.jpg 768w, https:\/\/1001voyagesgourmands.com\/wp-content\/uploads\/2017\/05\/Ponce-61-1-585x390.jpg 585w\" sizes=\"auto, (max-width: 1000px) 100vw, 1000px\" \/><\/p>\n<p style=\"text-align: justify;\">&nbsp;<\/p>\n<h2>&nbsp;<\/h2>\n<h2><span style=\"text-decoration: underline;\">Kde jsme byli ubytovan\u00ed<\/span><\/h2>\n<p style=\"text-align: justify;\">V Ponce jsme m\u011bli zabookovan\u00e9 ubytov\u00e1n\u00ed v <strong>hotelu Belgica<\/strong> (jak jinak) :-)) situovan\u00e9ho hned u hlavn\u00edho n\u00e1m\u011bst\u00ed Las Delicias. Je to kr\u00e1sn\u00fd hot\u00fdlek a person\u00e1l byl stra\u0161n\u011b moc mil\u00fd. Jedin\u00e9, co mi vadilo, tak bylo plastov\u00e9 n\u00e1dob\u00ed u sn\u00eddan\u011b.<\/p>\n<p><img loading=\"lazy\" decoding=\"async\" class=\"aligncenter size-full wp-image-16498\" src=\"http:\/\/1001voyagesgourmands.com\/wp-content\/uploads\/2017\/05\/Ponce-63-1.jpg\" alt=\"V Ponce jsme z\u016fstali t\u0159i dny a v tomhle \u010dl\u00e1nku v\u00e1m pov\u00edm, co je zde k vid\u011bn\u00ed - vydejte se se mnou na n\u00e1v\u0161t\u011bvu ji\u017en\u00edho Portorika!\" width=\"1000\" height=\"667\" srcset=\"https:\/\/1001voyagesgourmands.com\/wp-content\/uploads\/2017\/05\/Ponce-63-1.jpg 1000w, https:\/\/1001voyagesgourmands.com\/wp-content\/uploads\/2017\/05\/Ponce-63-1-263x175.jpg 263w, https:\/\/1001voyagesgourmands.com\/wp-content\/uploads\/2017\/05\/Ponce-63-1-300x200.jpg 300w, https:\/\/1001voyagesgourmands.com\/wp-content\/uploads\/2017\/05\/Ponce-63-1-768x512.jpg 768w, https:\/\/1001voyagesgourmands.com\/wp-content\/uploads\/2017\/05\/Ponce-63-1-585x390.jpg 585w\" sizes=\"auto, (max-width: 1000px) 100vw, 1000px\" \/><\/p>\n<p><img loading=\"lazy\" decoding=\"async\" class=\"aligncenter size-full wp-image-16497\" src=\"http:\/\/1001voyagesgourmands.com\/wp-content\/uploads\/2017\/05\/Ponce-31-1.jpg\" alt=\"V Ponce jsme z\u016fstali t\u0159i dny a v tomhle \u010dl\u00e1nku v\u00e1m pov\u00edm, co je zde k vid\u011bn\u00ed - vydejte se se mnou na n\u00e1v\u0161t\u011bvu ji\u017en\u00edho Portorika!\" width=\"1000\" height=\"667\" srcset=\"https:\/\/1001voyagesgourmands.com\/wp-content\/uploads\/2017\/05\/Ponce-31-1.jpg 1000w, https:\/\/1001voyagesgourmands.com\/wp-content\/uploads\/2017\/05\/Ponce-31-1-263x175.jpg 263w, https:\/\/1001voyagesgourmands.com\/wp-content\/uploads\/2017\/05\/Ponce-31-1-300x200.jpg 300w, https:\/\/1001voyagesgourmands.com\/wp-content\/uploads\/2017\/05\/Ponce-31-1-768x512.jpg 768w, https:\/\/1001voyagesgourmands.com\/wp-content\/uploads\/2017\/05\/Ponce-31-1-585x390.jpg 585w\" sizes=\"auto, (max-width: 1000px) 100vw, 1000px\" \/><\/p>\n<p>&nbsp;<\/p>\n<p style=\"text-align: justify;\">Tak to by bylo v\u0161echno o jihu Portorika tak, jak jsme ho stihli za\u017eili my. Dal\u0161\u00ed den n\u00e1s \u010dekal p\u0159esun do Luquillo, ale o tom a\u017e v n\u011bjak\u00e9m dal\u0161\u00edm \u010dl\u00e1nku.<\/p>\n<p style=\"text-align: justify;\"><em>Byli jste n\u011bkdo v Portoriku nebo m\u011bli jste n\u011bkdo podobn\u00e9 z\u00e1\u017eitky jinde? Dejte mi v\u011bd\u011bt v koment\u00e1\u0159\u00edch pod textem! \ud83d\ude42<\/em><\/p>\n","protected":false},"excerpt":{"rendered":"<p>Dnes v\u00e1m uk\u00e1\u017eu dal\u0161\u00ed kus Portorika a sice m\u011bsto Ponce a jeho okol\u00ed. Nejsem schopn\u00e1 v\u0161echny fotky a z\u00e1\u017eitky vt\u011bsnat do jednoho \u010dl\u00e1nku, a tak pl\u00e1nuji je\u0161t\u011b 2-3 dal\u0161\u00ed, ale ty budou sp\u00ed\u0161e pl\u00e1\u017eov\u011b zam\u011b\u0159en\u00e9. \ud83d\ude42 Snad v\u00e1s to neotr\u00e1v\u00ed a douf\u00e1m, \u017ee n\u011bkter\u00e9 z v\u00e1s t\u00edmto na tento p\u0159ekr\u00e1sn\u00fd&hellip;<\/p>\n","protected":false},"author":1,"featured_media":16488,"comment_status":"open","ping_status":"open","sticky":false,"template":"","format":"standard","meta":{"_exactmetrics_skip_tracking":false,"_exactmetrics_sitenote_active":false,"_exactmetrics_sitenote_note":"","_exactmetrics_sitenote_category":0,"_lmt_disableupdate":"","_lmt_disable":"","footnotes":""},"categories":[4,517],"tags":[518],"class_list":["post-16374","post","type-post","status-publish","format-standard","has-post-thumbnail","hentry","category-cestovani","category-portoriko","tag-portoriko"],"yoast_head":"<!-- This site is optimized with the Yoast SEO plugin v26.1.1 - https:\/\/yoast.com\/wordpress\/plugins\/seo\/ -->\n<title>Ponce: perla ji\u017en\u00edho Portorika - 1001 Voyages Gourmands<\/title>\n<meta name=\"description\" content=\"V Ponce jsme z\u016fstali t\u0159i dny a v tomhle \u010dl\u00e1nku v\u00e1m pov\u00edm, co je zde k vid\u011bn\u00ed - vydejte se se mnou na n\u00e1v\u0161t\u011bvu ji\u017en\u00edho Portorika!\" \/>\n<meta name=\"robots\" content=\"index, follow, max-snippet:-1, max-image-preview:large, max-video-preview:-1\" \/>\n<link rel=\"canonical\" href=\"https:\/\/1001voyagesgourmands.com\/cs\/ponce-perla-jizniho-portorika\/\" \/>\n<meta property=\"og:locale\" content=\"cs_CZ\" \/>\n<meta property=\"og:type\" content=\"article\" \/>\n<meta property=\"og:title\" content=\"Ponce: perla ji\u017en\u00edho Portorika - 1001 Voyages Gourmands\" \/>\n<meta property=\"og:description\" content=\"V Ponce jsme z\u016fstali t\u0159i dny a v tomhle \u010dl\u00e1nku v\u00e1m pov\u00edm, co je zde k vid\u011bn\u00ed - vydejte se se mnou na n\u00e1v\u0161t\u011bvu ji\u017en\u00edho Portorika!\" \/>\n<meta property=\"og:url\" content=\"https:\/\/1001voyagesgourmands.com\/cs\/ponce-perla-jizniho-portorika\/\" \/>\n<meta property=\"og:site_name\" content=\"1001 Voyages Gourmands\" \/>\n<meta property=\"article:publisher\" content=\"https:\/\/www.facebook.com\/1001voyagesgourmands\" \/>\n<meta property=\"article:published_time\" content=\"2017-05-10T06:44:23+00:00\" \/>\n<meta property=\"article:modified_time\" content=\"2018-11-04T22:59:36+00:00\" \/>\n<meta property=\"og:image\" content=\"https:\/\/1001voyagesgourmands.com\/wp-content\/uploads\/2017\/05\/Ponce-20-1.jpg\" \/>\n\t<meta property=\"og:image:width\" content=\"1000\" \/>\n\t<meta property=\"og:image:height\" content=\"1500\" \/>\n\t<meta property=\"og:image:type\" content=\"image\/jpeg\" \/>\n<meta name=\"author\" content=\"Michaela\" \/>\n<meta name=\"twitter:card\" content=\"summary_large_image\" \/>\n<meta name=\"twitter:creator\" content=\"@michaela_1001vg\" \/>\n<meta name=\"twitter:site\" content=\"@michaela_1001vg\" \/>\n<meta name=\"twitter:label1\" content=\"Napsal(a)\" \/>\n\t<meta name=\"twitter:data1\" content=\"Michaela\" \/>\n\t<meta name=\"twitter:label2\" content=\"Odhadovan\u00e1 doba \u010dten\u00ed\" \/>\n\t<meta name=\"twitter:data2\" content=\"8 minut\" \/>\n<script type=\"application\/ld+json\" class=\"yoast-schema-graph\">{\"@context\":\"https:\/\/schema.org\",\"@graph\":[{\"@type\":\"WebPage\",\"@id\":\"https:\/\/1001voyagesgourmands.com\/cs\/ponce-perla-jizniho-portorika\/\",\"url\":\"https:\/\/1001voyagesgourmands.com\/cs\/ponce-perla-jizniho-portorika\/\",\"name\":\"Ponce: perla ji\u017en\u00edho Portorika - 1001 Voyages Gourmands\",\"isPartOf\":{\"@id\":\"https:\/\/1001voyagesgourmands.com\/cs\/#website\"},\"primaryImageOfPage\":{\"@id\":\"https:\/\/1001voyagesgourmands.com\/cs\/ponce-perla-jizniho-portorika\/#primaryimage\"},\"image\":{\"@id\":\"https:\/\/1001voyagesgourmands.com\/cs\/ponce-perla-jizniho-portorika\/#primaryimage\"},\"thumbnailUrl\":\"https:\/\/1001voyagesgourmands.com\/wp-content\/uploads\/2017\/05\/Ponce-20-1.jpg\",\"datePublished\":\"2017-05-10T06:44:23+00:00\",\"dateModified\":\"2018-11-04T22:59:36+00:00\",\"author\":{\"@id\":\"https:\/\/1001voyagesgourmands.com\/cs\/#\/schema\/person\/62e0e7238fcf7482b23bf83e1b72ff1b\"},\"description\":\"V Ponce jsme z\u016fstali t\u0159i dny a v tomhle \u010dl\u00e1nku v\u00e1m pov\u00edm, co je zde k vid\u011bn\u00ed - vydejte se se mnou na n\u00e1v\u0161t\u011bvu ji\u017en\u00edho Portorika!\",\"breadcrumb\":{\"@id\":\"https:\/\/1001voyagesgourmands.com\/cs\/ponce-perla-jizniho-portorika\/#breadcrumb\"},\"inLanguage\":\"cs\",\"potentialAction\":[{\"@type\":\"ReadAction\",\"target\":[\"https:\/\/1001voyagesgourmands.com\/cs\/ponce-perla-jizniho-portorika\/\"]}]},{\"@type\":\"ImageObject\",\"inLanguage\":\"cs\",\"@id\":\"https:\/\/1001voyagesgourmands.com\/cs\/ponce-perla-jizniho-portorika\/#primaryimage\",\"url\":\"https:\/\/1001voyagesgourmands.com\/wp-content\/uploads\/2017\/05\/Ponce-20-1.jpg\",\"contentUrl\":\"https:\/\/1001voyagesgourmands.com\/wp-content\/uploads\/2017\/05\/Ponce-20-1.jpg\",\"width\":1000,\"height\":1500,\"caption\":\"V Ponce jsme z\u016fstali t\u0159i dny a v tomhle \u010dl\u00e1nku v\u00e1m pov\u00edm, co je zde k vid\u011bn\u00ed - vydejte se se mnou na n\u00e1v\u0161t\u011bvu ji\u017en\u00edho Portorika!\"},{\"@type\":\"BreadcrumbList\",\"@id\":\"https:\/\/1001voyagesgourmands.com\/cs\/ponce-perla-jizniho-portorika\/#breadcrumb\",\"itemListElement\":[{\"@type\":\"ListItem\",\"position\":1,\"name\":\"Dom\u016f\",\"item\":\"https:\/\/1001voyagesgourmands.com\/cs\/\"},{\"@type\":\"ListItem\",\"position\":2,\"name\":\"Ponce: perla ji\u017en\u00edho Portorika\"}]},{\"@type\":\"WebSite\",\"@id\":\"https:\/\/1001voyagesgourmands.com\/cs\/#website\",\"url\":\"https:\/\/1001voyagesgourmands.com\/cs\/\",\"name\":\"1001 Voyages Gourmands\",\"description\":\"Food | Travel | Photography\",\"potentialAction\":[{\"@type\":\"SearchAction\",\"target\":{\"@type\":\"EntryPoint\",\"urlTemplate\":\"https:\/\/1001voyagesgourmands.com\/cs\/?s={search_term_string}\"},\"query-input\":{\"@type\":\"PropertyValueSpecification\",\"valueRequired\":true,\"valueName\":\"search_term_string\"}}],\"inLanguage\":\"cs\"},{\"@type\":\"Person\",\"@id\":\"https:\/\/1001voyagesgourmands.com\/cs\/#\/schema\/person\/62e0e7238fcf7482b23bf83e1b72ff1b\",\"name\":\"Michaela\",\"image\":{\"@type\":\"ImageObject\",\"inLanguage\":\"cs\",\"@id\":\"https:\/\/1001voyagesgourmands.com\/cs\/#\/schema\/person\/image\/\",\"url\":\"https:\/\/secure.gravatar.com\/avatar\/73fa562a5b0ce269ca480f67de504b8ecac054a121d170e226f1b79e02024cb8?s=96&d=mm&r=g\",\"contentUrl\":\"https:\/\/secure.gravatar.com\/avatar\/73fa562a5b0ce269ca480f67de504b8ecac054a121d170e226f1b79e02024cb8?s=96&d=mm&r=g\",\"caption\":\"Michaela\"},\"sameAs\":[\"http:\/\/1001voyagesgourmands.com\"]}]}<\/script>\n<!-- \/ Yoast SEO plugin. -->","yoast_head_json":{"title":"Ponce: perla ji\u017en\u00edho Portorika - 1001 Voyages Gourmands","description":"V Ponce jsme z\u016fstali t\u0159i dny a v tomhle \u010dl\u00e1nku v\u00e1m pov\u00edm, co je zde k vid\u011bn\u00ed - vydejte se se mnou na n\u00e1v\u0161t\u011bvu ji\u017en\u00edho Portorika!","robots":{"index":"index","follow":"follow","max-snippet":"max-snippet:-1","max-image-preview":"max-image-preview:large","max-video-preview":"max-video-preview:-1"},"canonical":"https:\/\/1001voyagesgourmands.com\/cs\/ponce-perla-jizniho-portorika\/","og_locale":"cs_CZ","og_type":"article","og_title":"Ponce: perla ji\u017en\u00edho Portorika - 1001 Voyages Gourmands","og_description":"V Ponce jsme z\u016fstali t\u0159i dny a v tomhle \u010dl\u00e1nku v\u00e1m pov\u00edm, co je zde k vid\u011bn\u00ed - vydejte se se mnou na n\u00e1v\u0161t\u011bvu ji\u017en\u00edho Portorika!","og_url":"https:\/\/1001voyagesgourmands.com\/cs\/ponce-perla-jizniho-portorika\/","og_site_name":"1001 Voyages Gourmands","article_publisher":"https:\/\/www.facebook.com\/1001voyagesgourmands","article_published_time":"2017-05-10T06:44:23+00:00","article_modified_time":"2018-11-04T22:59:36+00:00","og_image":[{"width":1000,"height":1500,"url":"https:\/\/1001voyagesgourmands.com\/wp-content\/uploads\/2017\/05\/Ponce-20-1.jpg","type":"image\/jpeg"}],"author":"Michaela","twitter_card":"summary_large_image","twitter_creator":"@michaela_1001vg","twitter_site":"@michaela_1001vg","twitter_misc":{"Napsal(a)":"Michaela","Odhadovan\u00e1 doba \u010dten\u00ed":"8 minut"},"schema":{"@context":"https:\/\/schema.org","@graph":[{"@type":"WebPage","@id":"https:\/\/1001voyagesgourmands.com\/cs\/ponce-perla-jizniho-portorika\/","url":"https:\/\/1001voyagesgourmands.com\/cs\/ponce-perla-jizniho-portorika\/","name":"Ponce: perla ji\u017en\u00edho Portorika - 1001 Voyages Gourmands","isPartOf":{"@id":"https:\/\/1001voyagesgourmands.com\/cs\/#website"},"primaryImageOfPage":{"@id":"https:\/\/1001voyagesgourmands.com\/cs\/ponce-perla-jizniho-portorika\/#primaryimage"},"image":{"@id":"https:\/\/1001voyagesgourmands.com\/cs\/ponce-perla-jizniho-portorika\/#primaryimage"},"thumbnailUrl":"https:\/\/1001voyagesgourmands.com\/wp-content\/uploads\/2017\/05\/Ponce-20-1.jpg","datePublished":"2017-05-10T06:44:23+00:00","dateModified":"2018-11-04T22:59:36+00:00","author":{"@id":"https:\/\/1001voyagesgourmands.com\/cs\/#\/schema\/person\/62e0e7238fcf7482b23bf83e1b72ff1b"},"description":"V Ponce jsme z\u016fstali t\u0159i dny a v tomhle \u010dl\u00e1nku v\u00e1m pov\u00edm, co je zde k vid\u011bn\u00ed - vydejte se se mnou na n\u00e1v\u0161t\u011bvu ji\u017en\u00edho Portorika!","breadcrumb":{"@id":"https:\/\/1001voyagesgourmands.com\/cs\/ponce-perla-jizniho-portorika\/#breadcrumb"},"inLanguage":"cs","potentialAction":[{"@type":"ReadAction","target":["https:\/\/1001voyagesgourmands.com\/cs\/ponce-perla-jizniho-portorika\/"]}]},{"@type":"ImageObject","inLanguage":"cs","@id":"https:\/\/1001voyagesgourmands.com\/cs\/ponce-perla-jizniho-portorika\/#primaryimage","url":"https:\/\/1001voyagesgourmands.com\/wp-content\/uploads\/2017\/05\/Ponce-20-1.jpg","contentUrl":"https:\/\/1001voyagesgourmands.com\/wp-content\/uploads\/2017\/05\/Ponce-20-1.jpg","width":1000,"height":1500,"caption":"V Ponce jsme z\u016fstali t\u0159i dny a v tomhle \u010dl\u00e1nku v\u00e1m pov\u00edm, co je zde k vid\u011bn\u00ed - vydejte se se mnou na n\u00e1v\u0161t\u011bvu ji\u017en\u00edho Portorika!"},{"@type":"BreadcrumbList","@id":"https:\/\/1001voyagesgourmands.com\/cs\/ponce-perla-jizniho-portorika\/#breadcrumb","itemListElement":[{"@type":"ListItem","position":1,"name":"Dom\u016f","item":"https:\/\/1001voyagesgourmands.com\/cs\/"},{"@type":"ListItem","position":2,"name":"Ponce: perla ji\u017en\u00edho Portorika"}]},{"@type":"WebSite","@id":"https:\/\/1001voyagesgourmands.com\/cs\/#website","url":"https:\/\/1001voyagesgourmands.com\/cs\/","name":"1001 Voyages Gourmands","description":"Food | Travel | Photography","potentialAction":[{"@type":"SearchAction","target":{"@type":"EntryPoint","urlTemplate":"https:\/\/1001voyagesgourmands.com\/cs\/?s={search_term_string}"},"query-input":{"@type":"PropertyValueSpecification","valueRequired":true,"valueName":"search_term_string"}}],"inLanguage":"cs"},{"@type":"Person","@id":"https:\/\/1001voyagesgourmands.com\/cs\/#\/schema\/person\/62e0e7238fcf7482b23bf83e1b72ff1b","name":"Michaela","image":{"@type":"ImageObject","inLanguage":"cs","@id":"https:\/\/1001voyagesgourmands.com\/cs\/#\/schema\/person\/image\/","url":"https:\/\/secure.gravatar.com\/avatar\/73fa562a5b0ce269ca480f67de504b8ecac054a121d170e226f1b79e02024cb8?s=96&d=mm&r=g","contentUrl":"https:\/\/secure.gravatar.com\/avatar\/73fa562a5b0ce269ca480f67de504b8ecac054a121d170e226f1b79e02024cb8?s=96&d=mm&r=g","caption":"Michaela"},"sameAs":["http:\/\/1001voyagesgourmands.com"]}]}},"_links":{"self":[{"href":"https:\/\/1001voyagesgourmands.com\/cs\/wp-json\/wp\/v2\/posts\/16374","targetHints":{"allow":["GET"]}}],"collection":[{"href":"https:\/\/1001voyagesgourmands.com\/cs\/wp-json\/wp\/v2\/posts"}],"about":[{"href":"https:\/\/1001voyagesgourmands.com\/cs\/wp-json\/wp\/v2\/types\/post"}],"author":[{"embeddable":true,"href":"https:\/\/1001voyagesgourmands.com\/cs\/wp-json\/wp\/v2\/users\/1"}],"replies":[{"embeddable":true,"href":"https:\/\/1001voyagesgourmands.com\/cs\/wp-json\/wp\/v2\/comments?post=16374"}],"version-history":[{"count":1,"href":"https:\/\/1001voyagesgourmands.com\/cs\/wp-json\/wp\/v2\/posts\/16374\/revisions"}],"predecessor-version":[{"id":22242,"href":"https:\/\/1001voyagesgourmands.com\/cs\/wp-json\/wp\/v2\/posts\/16374\/revisions\/22242"}],"wp:featuredmedia":[{"embeddable":true,"href":"https:\/\/1001voyagesgourmands.com\/cs\/wp-json\/wp\/v2\/media\/16488"}],"wp:attachment":[{"href":"https:\/\/1001voyagesgourmands.com\/cs\/wp-json\/wp\/v2\/media?parent=16374"}],"wp:term":[{"taxonomy":"category","embeddable":true,"href":"https:\/\/1001voyagesgourmands.com\/cs\/wp-json\/wp\/v2\/categories?post=16374"},{"taxonomy":"post_tag","embeddable":true,"href":"https:\/\/1001voyagesgourmands.com\/cs\/wp-json\/wp\/v2\/tags?post=16374"}],"curies":[{"name":"wp","href":"https:\/\/api.w.org\/{rel}","templated":true}]}}