{"id":16306,"date":"2017-05-05T08:00:58","date_gmt":"2017-05-05T06:00:58","guid":{"rendered":"http:\/\/1001voyagesgourmands.com\/?p=16306\/"},"modified":"2020-12-02T12:37:48","modified_gmt":"2020-12-02T11:37:48","slug":"indonesian-fest-praha-sasazu","status":"publish","type":"post","link":"https:\/\/1001voyagesgourmands.com\/cs\/indonesian-fest-praha-sasazu\/","title":{"rendered":"Indonesian Fest v pra\u017esk\u00e9m SaSaZu"},"content":{"rendered":"<p style=\"text-align: justify;\">Dnes bych v\u00e1m r\u00e1da \u0159ekla o jedn\u00e9 food akci po\u0159\u00e1dan\u00e9 mimo jin\u00e9 v Praze, o kter\u00e9 jsem se dozv\u011bd\u011bla tady v Bruselu. Mysl\u00edm, \u017ee by si ji ti z v\u00e1s, kdo miluj\u00ed asijskou&nbsp;kuchyni, rozhodn\u011b nem\u011bli nechat&nbsp;uj\u00edt! <strong>Od 9. do 11. kv\u011btna 2017<\/strong> budete m\u00edt jedine\u010dnou p\u0159\u00edle\u017eitost nav\u0161t\u00edvit <strong>Indonesian Fest<\/strong> v pra\u017esk\u00e9m <strong>SaSaZu<\/strong>&nbsp;a ochutnat tak menu p\u0159ipraven\u00e9 dv\u011bma mlad\u00fdmi a talentovan\u00fdmi indon\u00e9sk\u00fdmi \u0161\u00e9fkucha\u0159i, kte\u0159\u00ed p\u0159ijeli v r\u00e1mci&nbsp;<strong>Indonesian Food Tour &#8222;The Rites of our Ancestors&#8220;<\/strong>. Dva \u0161\u00e9fkucha\u0159i (jeden mu\u017e a jedna \u017eena) nav\u0161t\u00edv\u00ed b\u011bhem t\u00e9to tour celkem 5 evropsk\u00fdch m\u011bst a to Barcelonu, Bratislavu, Prahu, Brusel a Rotterdam. Jejich c\u00edlem je p\u0159edstavit v Evrop\u011b nov\u00fd p\u0159\u00edstup k sou\u010dasn\u00e9 indon\u00e9sk\u00e9 kuchyni a vyslou\u017eit si uzn\u00e1n\u00ed na mezin\u00e1rodn\u00ed \u00farovni.&nbsp;Tito dva \u0161\u00e9fkucha\u0159i jsou p\u0159ipraveni kombinovat sv\u00e9 n\u00e1pady, znalosti a techniky, aby v\u00e1m p\u0159ipravili jedine\u010dn\u00e9 menu zalo\u017een\u00e9 na tradi\u010dn\u00edch indon\u00e9sk\u00fdch receptech s pou\u017eit\u00edm surovin dostupn\u00fdch v dan\u00fdch evropsk\u00fdch zem\u00ed.<\/p>\n<p style=\"text-align: justify;\">M\u011bla jsem to pot\u011b\u0161en\u00ed se s ob\u011bma \u0161\u00e9fkucha\u0159i setkat minul\u00fd t\u00fdden na p\u0159ed-premi\u00e9\u0159e a informa\u010dn\u00ed akci v Bruselu a \u0161lo o moc fajn ve\u010der str\u00e1ven\u00fd v dobr\u00e9 spole\u010dnosti a pln\u00fd kulin\u00e1\u0159sk\u00fdch a chu\u0165ov\u00fdch objev\u016f. Nejen, \u017ee serv\u00edrovali jednohubky p\u0159ipraven\u00e9 podle tradi\u010dn\u00edch indon\u00e9skk\u00fdch recept\u016f, ale tak\u00e9 jsme m\u011bli mo\u017enost nahl\u00e9dnout pod pokli\u010dku toho, co \u0161\u00e9fov\u00e9 zrovna p\u0159ipravovali. P\u0159itom n\u00e1m ukazovali a popisovali, co do toho d\u00e1vaj\u00ed (to ko\u0159en\u00ed a bylinky bylo tak\u00e9 kr\u00e1sn\u011b vystaven\u00e9 na stole pro sna\u017e\u0161\u00ed p\u0159edstavu).<\/p>\n<p style=\"text-align: justify;\">Bylo stra\u0161n\u011b nab\u00edjej\u00edc\u00ed vid\u011bt oba \u0161\u00e9fkucha\u0159e tak v\u00e1\u0161niv\u011b mluvit o va\u0159en\u00ed a o j\u00eddle. Podle \u0161armantn\u00ed \u0161\u00e9fkucha\u0159ky <strong>Renatty Moeloek<\/strong> je p\u0159\u00edprava dobr\u00e9ho j\u00eddla um\u011bn\u00ed a dobr\u00fd kucha\u0159 je pak um\u011blcem. V\u011b\u0159\u00ed, \u017ee&nbsp;funkce j\u00eddla nen\u00ed n\u00e1s pouze nasytit, n\u00fdbr\u017e pot\u011b\u0161it, proto\u017ee jinak bychom nem\u011bli r\u016fzn\u00e9 chu\u0165ov\u00e9 bu\u0148ky &#8211; v tom bych s n\u00ed naprosto souhlasila. \ud83d\ude42 \u0160\u00e9f kucha\u0159 <strong>Maxie Millian<\/strong> je moc vesel\u00fd \u010dlov\u011bk, kter\u00fd se do p\u0159\u00edpravy j\u00eddel d\u00e1v\u00e1 \u0161t\u011bst\u00ed a dobr\u00e9 vzpom\u00ednky z d\u011btstv\u00ed. \u0158ekl mi, \u017ee jeho nejlep\u0161\u00edm u\u010ditelem co se t\u00fdk\u00e1 va\u0159en\u00ed byla v\u017edy jeho maminka.&nbsp;<\/p>\n<p>Tady je p\u00e1r fote\u010dek z t\u00e9to info akce a dole m\u00e1te pak ofici\u00e1ln\u00ed let\u00e1k Indonesian Festu:<\/p>\n<p><img loading=\"lazy\" decoding=\"async\" class=\"aligncenter size-full wp-image-16366\" src=\"http:\/\/1001voyagesgourmands.com\/wp-content\/uploads\/2017\/05\/Indonesian_Food_Tour-14-4.jpg\" alt=\"Mezi dny 9.-11. kv\u011btna budete m\u00edt v r\u00e1mci Indonesian Fest v pra\u017esk\u00e9m SaSaZu p\u0159\u00edle\u017eitost ochutnat menu p\u0159ipraven\u00e9 dv\u011bma talentovan\u00fdmi indon\u00e9sk\u00fdmi \u0161\u00e9fkucha\u0159i.\" width=\"1000\" height=\"667\" srcset=\"https:\/\/1001voyagesgourmands.com\/wp-content\/uploads\/2017\/05\/Indonesian_Food_Tour-14-4.jpg 1000w, https:\/\/1001voyagesgourmands.com\/wp-content\/uploads\/2017\/05\/Indonesian_Food_Tour-14-4-263x175.jpg 263w, https:\/\/1001voyagesgourmands.com\/wp-content\/uploads\/2017\/05\/Indonesian_Food_Tour-14-4-300x200.jpg 300w, https:\/\/1001voyagesgourmands.com\/wp-content\/uploads\/2017\/05\/Indonesian_Food_Tour-14-4-768x512.jpg 768w, https:\/\/1001voyagesgourmands.com\/wp-content\/uploads\/2017\/05\/Indonesian_Food_Tour-14-4-585x390.jpg 585w\" sizes=\"auto, (max-width: 1000px) 100vw, 1000px\" \/><img loading=\"lazy\" decoding=\"async\" class=\"aligncenter size-full wp-image-16335\" src=\"http:\/\/1001voyagesgourmands.com\/wp-content\/uploads\/2017\/05\/Indonesian_Food_Tour-5-1.jpg\" alt=\"Mezi dny 9.-11. kv\u011btna budete m\u00edt v r\u00e1mci Indonesian Fest v pra\u017esk\u00e9m SaSaZu p\u0159\u00edle\u017eitost ochutnat menu p\u0159ipraven\u00e9 dv\u011bma talentovan\u00fdmi indon\u00e9sk\u00fdmi \u0161\u00e9fkucha\u0159i.\" width=\"1000\" height=\"667\" srcset=\"https:\/\/1001voyagesgourmands.com\/wp-content\/uploads\/2017\/05\/Indonesian_Food_Tour-5-1.jpg 1000w, https:\/\/1001voyagesgourmands.com\/wp-content\/uploads\/2017\/05\/Indonesian_Food_Tour-5-1-263x175.jpg 263w, https:\/\/1001voyagesgourmands.com\/wp-content\/uploads\/2017\/05\/Indonesian_Food_Tour-5-1-300x200.jpg 300w, https:\/\/1001voyagesgourmands.com\/wp-content\/uploads\/2017\/05\/Indonesian_Food_Tour-5-1-768x512.jpg 768w, https:\/\/1001voyagesgourmands.com\/wp-content\/uploads\/2017\/05\/Indonesian_Food_Tour-5-1-585x390.jpg 585w\" sizes=\"auto, (max-width: 1000px) 100vw, 1000px\" \/> <img loading=\"lazy\" decoding=\"async\" class=\"aligncenter size-full wp-image-16336\" src=\"http:\/\/1001voyagesgourmands.com\/wp-content\/uploads\/2017\/05\/Indonesian_Food_Tour-7-1.jpg\" alt=\"Mezi dny 9.-11. kv\u011btna budete m\u00edt v r\u00e1mci Indonesian Fest v pra\u017esk\u00e9m SaSaZu p\u0159\u00edle\u017eitost ochutnat menu p\u0159ipraven\u00e9 dv\u011bma talentovan\u00fdmi indon\u00e9sk\u00fdmi \u0161\u00e9fkucha\u0159i.\" width=\"1000\" height=\"667\" srcset=\"https:\/\/1001voyagesgourmands.com\/wp-content\/uploads\/2017\/05\/Indonesian_Food_Tour-7-1.jpg 1000w, https:\/\/1001voyagesgourmands.com\/wp-content\/uploads\/2017\/05\/Indonesian_Food_Tour-7-1-263x175.jpg 263w, https:\/\/1001voyagesgourmands.com\/wp-content\/uploads\/2017\/05\/Indonesian_Food_Tour-7-1-300x200.jpg 300w, https:\/\/1001voyagesgourmands.com\/wp-content\/uploads\/2017\/05\/Indonesian_Food_Tour-7-1-768x512.jpg 768w, https:\/\/1001voyagesgourmands.com\/wp-content\/uploads\/2017\/05\/Indonesian_Food_Tour-7-1-585x390.jpg 585w\" sizes=\"auto, (max-width: 1000px) 100vw, 1000px\" \/> <img loading=\"lazy\" decoding=\"async\" class=\"aligncenter size-full wp-image-16334\" src=\"http:\/\/1001voyagesgourmands.com\/wp-content\/uploads\/2017\/05\/Indonesian_Food_Tour-3-1.jpg\" alt=\"Mezi dny 9.-11. kv\u011btna budete m\u00edt v r\u00e1mci Indonesian Fest v pra\u017esk\u00e9m SaSaZu p\u0159\u00edle\u017eitost ochutnat menu p\u0159ipraven\u00e9 dv\u011bma talentovan\u00fdmi indon\u00e9sk\u00fdmi \u0161\u00e9fkucha\u0159i.\" width=\"1000\" height=\"667\" srcset=\"https:\/\/1001voyagesgourmands.com\/wp-content\/uploads\/2017\/05\/Indonesian_Food_Tour-3-1.jpg 1000w, https:\/\/1001voyagesgourmands.com\/wp-content\/uploads\/2017\/05\/Indonesian_Food_Tour-3-1-263x175.jpg 263w, https:\/\/1001voyagesgourmands.com\/wp-content\/uploads\/2017\/05\/Indonesian_Food_Tour-3-1-300x200.jpg 300w, https:\/\/1001voyagesgourmands.com\/wp-content\/uploads\/2017\/05\/Indonesian_Food_Tour-3-1-768x512.jpg 768w, https:\/\/1001voyagesgourmands.com\/wp-content\/uploads\/2017\/05\/Indonesian_Food_Tour-3-1-585x390.jpg 585w\" sizes=\"auto, (max-width: 1000px) 100vw, 1000px\" \/> <img loading=\"lazy\" decoding=\"async\" class=\"aligncenter size-full wp-image-16337\" src=\"http:\/\/1001voyagesgourmands.com\/wp-content\/uploads\/2017\/05\/Indonesian_Food_Tour-11-1.jpg\" alt=\"Mezi dny 9.-11. kv\u011btna budete m\u00edt v r\u00e1mci Indonesian Fest v pra\u017esk\u00e9m SaSaZu p\u0159\u00edle\u017eitost ochutnat menu p\u0159ipraven\u00e9 dv\u011bma talentovan\u00fdmi indon\u00e9sk\u00fdmi \u0161\u00e9fkucha\u0159i.\" width=\"1000\" height=\"667\" srcset=\"https:\/\/1001voyagesgourmands.com\/wp-content\/uploads\/2017\/05\/Indonesian_Food_Tour-11-1.jpg 1000w, https:\/\/1001voyagesgourmands.com\/wp-content\/uploads\/2017\/05\/Indonesian_Food_Tour-11-1-263x175.jpg 263w, https:\/\/1001voyagesgourmands.com\/wp-content\/uploads\/2017\/05\/Indonesian_Food_Tour-11-1-300x200.jpg 300w, https:\/\/1001voyagesgourmands.com\/wp-content\/uploads\/2017\/05\/Indonesian_Food_Tour-11-1-768x512.jpg 768w, https:\/\/1001voyagesgourmands.com\/wp-content\/uploads\/2017\/05\/Indonesian_Food_Tour-11-1-585x390.jpg 585w\" sizes=\"auto, (max-width: 1000px) 100vw, 1000px\" \/> <img loading=\"lazy\" decoding=\"async\" class=\"aligncenter size-full wp-image-16338\" src=\"http:\/\/1001voyagesgourmands.com\/wp-content\/uploads\/2017\/05\/Indonesian_Food_Tour-12-1.jpg\" alt=\"Mezi dny 9.-11. kv\u011btna budete m\u00edt v r\u00e1mci Indonesian Fest v pra\u017esk\u00e9m SaSaZu p\u0159\u00edle\u017eitost ochutnat menu p\u0159ipraven\u00e9 dv\u011bma talentovan\u00fdmi indon\u00e9sk\u00fdmi \u0161\u00e9fkucha\u0159i.\" width=\"1000\" height=\"667\" srcset=\"https:\/\/1001voyagesgourmands.com\/wp-content\/uploads\/2017\/05\/Indonesian_Food_Tour-12-1.jpg 1000w, https:\/\/1001voyagesgourmands.com\/wp-content\/uploads\/2017\/05\/Indonesian_Food_Tour-12-1-263x175.jpg 263w, https:\/\/1001voyagesgourmands.com\/wp-content\/uploads\/2017\/05\/Indonesian_Food_Tour-12-1-300x200.jpg 300w, https:\/\/1001voyagesgourmands.com\/wp-content\/uploads\/2017\/05\/Indonesian_Food_Tour-12-1-768x512.jpg 768w, https:\/\/1001voyagesgourmands.com\/wp-content\/uploads\/2017\/05\/Indonesian_Food_Tour-12-1-585x390.jpg 585w\" sizes=\"auto, (max-width: 1000px) 100vw, 1000px\" \/> <img loading=\"lazy\" decoding=\"async\" class=\"aligncenter size-full wp-image-16339\" src=\"http:\/\/1001voyagesgourmands.com\/wp-content\/uploads\/2017\/05\/Indonesian_Food_Tour-13-1.jpg\" alt=\"Mezi dny 9.-11. kv\u011btna budete m\u00edt v r\u00e1mci Indonesian Fest v pra\u017esk\u00e9m SaSaZu p\u0159\u00edle\u017eitost ochutnat menu p\u0159ipraven\u00e9 dv\u011bma talentovan\u00fdmi indon\u00e9sk\u00fdmi \u0161\u00e9fkucha\u0159i.\" width=\"1000\" height=\"667\" srcset=\"https:\/\/1001voyagesgourmands.com\/wp-content\/uploads\/2017\/05\/Indonesian_Food_Tour-13-1.jpg 1000w, https:\/\/1001voyagesgourmands.com\/wp-content\/uploads\/2017\/05\/Indonesian_Food_Tour-13-1-263x175.jpg 263w, https:\/\/1001voyagesgourmands.com\/wp-content\/uploads\/2017\/05\/Indonesian_Food_Tour-13-1-300x200.jpg 300w, https:\/\/1001voyagesgourmands.com\/wp-content\/uploads\/2017\/05\/Indonesian_Food_Tour-13-1-768x512.jpg 768w, https:\/\/1001voyagesgourmands.com\/wp-content\/uploads\/2017\/05\/Indonesian_Food_Tour-13-1-585x390.jpg 585w\" sizes=\"auto, (max-width: 1000px) 100vw, 1000px\" \/><\/p>\n<p style=\"text-align: justify;\">&nbsp;<\/p>\n<h2 style=\"text-align: justify;\">Indonesian Fest Praha<\/h2>\n<p style=\"text-align: justify;\">V Praze se <strong>Indonesian Food Fest<\/strong> kon\u00e1 ve dnech <strong>9. &#8211; 11. kv\u011btna&nbsp;2017<\/strong> ve vyhl\u00e1\u0161en\u00e9 restauraci <strong>SaSaZu<\/strong> ve spolupr\u00e1ci s v\u00fdkonn\u00fdmi \u0161\u00e9fkucha\u0159i&nbsp;<strong>Andy Tan<\/strong> a&nbsp;<strong>Ari Munandar<\/strong>. Menu najdete <strong><a href=\"https:\/\/www.sasazu.com\/cs\/indonesian-fest\">zde<\/a><\/strong>.<\/p>\n<p style=\"text-align: justify;\"><img loading=\"lazy\" decoding=\"async\" class=\"aligncenter wp-image-16331\" src=\"http:\/\/1001voyagesgourmands.com\/wp-content\/uploads\/2017\/05\/Flyer_Prague-724x1024-724x1024.jpg\" alt=\"Mezi dny 9.-11. kv\u011btna budete m\u00edt v r\u00e1mci Indonesian Fest v pra\u017esk\u00e9m SaSaZu p\u0159\u00edle\u017eitost ochutnat menu p\u0159ipraven\u00e9 dv\u011bma talentovan\u00fdmi indon\u00e9sk\u00fdmi \u0161\u00e9fkucha\u0159i.\" width=\"857\" height=\"1212\" srcset=\"https:\/\/1001voyagesgourmands.com\/wp-content\/uploads\/2017\/05\/Flyer_Prague-724x1024.jpg 724w, https:\/\/1001voyagesgourmands.com\/wp-content\/uploads\/2017\/05\/Flyer_Prague-724x1024-212x300.jpg 212w, https:\/\/1001voyagesgourmands.com\/wp-content\/uploads\/2017\/05\/Flyer_Prague-724x1024-585x827.jpg 585w\" sizes=\"auto, (max-width: 857px) 100vw, 857px\" \/><\/p>\n<p style=\"text-align: justify;\">&nbsp;<\/p>\n<p style=\"text-align: justify;\"><em><strong>Sd\u00edlejte, \u0161i\u0159te, a\u0165 se informace o akci dostanou k \u0161ir\u0161\u00edmu publiku!<\/strong><\/em><\/p>\n<hr>\n<p style=\"text-align: justify;\"><em>Pozn.: Na tuto info akci a \u00favod do indon\u00e9sk\u00e9 kuchyn\u011b jsem byla pozv\u00e1na spole\u010dnost\u00ed <strong><a href=\"https:\/\/www.facebook.com\/designandevent\">design and event<\/a><\/strong>, kter\u00e9 t\u00edmto d\u011bkuji za pozv\u00e1n\u00ed.&nbsp;<\/em><\/p>\n","protected":false},"excerpt":{"rendered":"<p>Dnes bych v\u00e1m r\u00e1da \u0159ekla o jedn\u00e9 food akci po\u0159\u00e1dan\u00e9 mimo jin\u00e9 v Praze, o kter\u00e9 jsem se dozv\u011bd\u011bla tady v Bruselu. Mysl\u00edm, \u017ee by si ji ti z v\u00e1s, kdo miluj\u00ed asijskou&nbsp;kuchyni, rozhodn\u011b nem\u011bli nechat&nbsp;uj\u00edt! Od 9. do 11. kv\u011btna 2017 budete m\u00edt jedine\u010dnou p\u0159\u00edle\u017eitost nav\u0161t\u00edvit Indonesian Fest v&hellip;<\/p>\n","protected":false},"author":1,"featured_media":16351,"comment_status":"open","ping_status":"open","sticky":false,"template":"","format":"standard","meta":{"_exactmetrics_skip_tracking":false,"_exactmetrics_sitenote_active":false,"_exactmetrics_sitenote_note":"","_exactmetrics_sitenote_category":0,"_lmt_disableupdate":"","_lmt_disable":"","footnotes":""},"categories":[422,4],"tags":[423,524],"class_list":["post-16306","post","type-post","status-publish","format-standard","has-post-thumbnail","hentry","category-cechy-2","category-cestovani","tag-cechy","tag-food-akce"],"yoast_head":"<!-- This site is optimized with the Yoast SEO plugin v26.1.1 - https:\/\/yoast.com\/wordpress\/plugins\/seo\/ -->\n<title>Indonesian Fest v pra\u017esk\u00e9m SaSaZu - 1001 Voyages Gourmands<\/title>\n<meta name=\"description\" content=\"Mezi dny 9.-11. kv\u011btna budete m\u00edt v r\u00e1mci Indonesian Fest v pra\u017esk\u00e9m SaSaZu p\u0159\u00edle\u017eitost ochutnat menu p\u0159ipraven\u00e9 dv\u011bma talentovan\u00fdmi indon\u00e9sk\u00fdmi \u0161\u00e9fkucha\u0159i.\" \/>\n<meta name=\"robots\" content=\"index, follow, max-snippet:-1, max-image-preview:large, max-video-preview:-1\" \/>\n<link rel=\"canonical\" href=\"https:\/\/1001voyagesgourmands.com\/cs\/indonesian-fest-praha-sasazu\/\" \/>\n<meta property=\"og:locale\" content=\"cs_CZ\" \/>\n<meta property=\"og:type\" content=\"article\" \/>\n<meta property=\"og:title\" content=\"Indonesian Fest v pra\u017esk\u00e9m SaSaZu - 1001 Voyages Gourmands\" \/>\n<meta property=\"og:description\" content=\"Mezi dny 9.-11. kv\u011btna budete m\u00edt v r\u00e1mci Indonesian Fest v pra\u017esk\u00e9m SaSaZu p\u0159\u00edle\u017eitost ochutnat menu p\u0159ipraven\u00e9 dv\u011bma talentovan\u00fdmi indon\u00e9sk\u00fdmi \u0161\u00e9fkucha\u0159i.\" \/>\n<meta property=\"og:url\" content=\"https:\/\/1001voyagesgourmands.com\/cs\/indonesian-fest-praha-sasazu\/\" \/>\n<meta property=\"og:site_name\" content=\"1001 Voyages Gourmands\" \/>\n<meta property=\"article:publisher\" content=\"https:\/\/www.facebook.com\/1001voyagesgourmands\" \/>\n<meta property=\"article:published_time\" content=\"2017-05-05T06:00:58+00:00\" \/>\n<meta property=\"article:modified_time\" content=\"2020-12-02T11:37:48+00:00\" \/>\n<meta property=\"og:image\" content=\"https:\/\/1001voyagesgourmands.com\/wp-content\/uploads\/2017\/05\/Indonesian_Food_Tour-cover.jpg\" \/>\n\t<meta property=\"og:image:width\" content=\"724\" \/>\n\t<meta property=\"og:image:height\" content=\"483\" \/>\n\t<meta property=\"og:image:type\" content=\"image\/jpeg\" \/>\n<meta name=\"author\" content=\"Michaela\" \/>\n<meta name=\"twitter:card\" content=\"summary_large_image\" \/>\n<meta name=\"twitter:creator\" content=\"@michaela_1001vg\" \/>\n<meta name=\"twitter:site\" content=\"@michaela_1001vg\" \/>\n<meta name=\"twitter:label1\" content=\"Napsal(a)\" \/>\n\t<meta name=\"twitter:data1\" content=\"Michaela\" \/>\n\t<meta name=\"twitter:label2\" content=\"Odhadovan\u00e1 doba \u010dten\u00ed\" \/>\n\t<meta name=\"twitter:data2\" content=\"3 minuty\" \/>\n<script type=\"application\/ld+json\" class=\"yoast-schema-graph\">{\"@context\":\"https:\/\/schema.org\",\"@graph\":[{\"@type\":\"WebPage\",\"@id\":\"https:\/\/1001voyagesgourmands.com\/cs\/indonesian-fest-praha-sasazu\/\",\"url\":\"https:\/\/1001voyagesgourmands.com\/cs\/indonesian-fest-praha-sasazu\/\",\"name\":\"Indonesian Fest v pra\u017esk\u00e9m SaSaZu - 1001 Voyages Gourmands\",\"isPartOf\":{\"@id\":\"https:\/\/1001voyagesgourmands.com\/cs\/#website\"},\"primaryImageOfPage\":{\"@id\":\"https:\/\/1001voyagesgourmands.com\/cs\/indonesian-fest-praha-sasazu\/#primaryimage\"},\"image\":{\"@id\":\"https:\/\/1001voyagesgourmands.com\/cs\/indonesian-fest-praha-sasazu\/#primaryimage\"},\"thumbnailUrl\":\"https:\/\/1001voyagesgourmands.com\/wp-content\/uploads\/2017\/05\/Indonesian_Food_Tour-cover.jpg\",\"datePublished\":\"2017-05-05T06:00:58+00:00\",\"dateModified\":\"2020-12-02T11:37:48+00:00\",\"author\":{\"@id\":\"https:\/\/1001voyagesgourmands.com\/cs\/#\/schema\/person\/62e0e7238fcf7482b23bf83e1b72ff1b\"},\"description\":\"Mezi dny 9.-11. kv\u011btna budete m\u00edt v r\u00e1mci Indonesian Fest v pra\u017esk\u00e9m SaSaZu p\u0159\u00edle\u017eitost ochutnat menu p\u0159ipraven\u00e9 dv\u011bma talentovan\u00fdmi indon\u00e9sk\u00fdmi \u0161\u00e9fkucha\u0159i.\",\"breadcrumb\":{\"@id\":\"https:\/\/1001voyagesgourmands.com\/cs\/indonesian-fest-praha-sasazu\/#breadcrumb\"},\"inLanguage\":\"cs\",\"potentialAction\":[{\"@type\":\"ReadAction\",\"target\":[\"https:\/\/1001voyagesgourmands.com\/cs\/indonesian-fest-praha-sasazu\/\"]}]},{\"@type\":\"ImageObject\",\"inLanguage\":\"cs\",\"@id\":\"https:\/\/1001voyagesgourmands.com\/cs\/indonesian-fest-praha-sasazu\/#primaryimage\",\"url\":\"https:\/\/1001voyagesgourmands.com\/wp-content\/uploads\/2017\/05\/Indonesian_Food_Tour-cover.jpg\",\"contentUrl\":\"https:\/\/1001voyagesgourmands.com\/wp-content\/uploads\/2017\/05\/Indonesian_Food_Tour-cover.jpg\",\"width\":724,\"height\":483,\"caption\":\"Mezi dny 9.-11. kv\u011btna budete m\u00edt v r\u00e1mci Indonesian Fest v pra\u017esk\u00e9m SaSaZu p\u0159\u00edle\u017eitost ochutnat menu p\u0159ipraven\u00e9 dv\u011bma talentovan\u00fdmi indon\u00e9sk\u00fdmi \u0161\u00e9fkucha\u0159i.\"},{\"@type\":\"BreadcrumbList\",\"@id\":\"https:\/\/1001voyagesgourmands.com\/cs\/indonesian-fest-praha-sasazu\/#breadcrumb\",\"itemListElement\":[{\"@type\":\"ListItem\",\"position\":1,\"name\":\"Dom\u016f\",\"item\":\"https:\/\/1001voyagesgourmands.com\/cs\/\"},{\"@type\":\"ListItem\",\"position\":2,\"name\":\"Indonesian Fest v pra\u017esk\u00e9m SaSaZu\"}]},{\"@type\":\"WebSite\",\"@id\":\"https:\/\/1001voyagesgourmands.com\/cs\/#website\",\"url\":\"https:\/\/1001voyagesgourmands.com\/cs\/\",\"name\":\"1001 Voyages Gourmands\",\"description\":\"Food | Travel | Photography\",\"potentialAction\":[{\"@type\":\"SearchAction\",\"target\":{\"@type\":\"EntryPoint\",\"urlTemplate\":\"https:\/\/1001voyagesgourmands.com\/cs\/?s={search_term_string}\"},\"query-input\":{\"@type\":\"PropertyValueSpecification\",\"valueRequired\":true,\"valueName\":\"search_term_string\"}}],\"inLanguage\":\"cs\"},{\"@type\":\"Person\",\"@id\":\"https:\/\/1001voyagesgourmands.com\/cs\/#\/schema\/person\/62e0e7238fcf7482b23bf83e1b72ff1b\",\"name\":\"Michaela\",\"image\":{\"@type\":\"ImageObject\",\"inLanguage\":\"cs\",\"@id\":\"https:\/\/1001voyagesgourmands.com\/cs\/#\/schema\/person\/image\/\",\"url\":\"https:\/\/secure.gravatar.com\/avatar\/73fa562a5b0ce269ca480f67de504b8ecac054a121d170e226f1b79e02024cb8?s=96&d=mm&r=g\",\"contentUrl\":\"https:\/\/secure.gravatar.com\/avatar\/73fa562a5b0ce269ca480f67de504b8ecac054a121d170e226f1b79e02024cb8?s=96&d=mm&r=g\",\"caption\":\"Michaela\"},\"sameAs\":[\"http:\/\/1001voyagesgourmands.com\"]}]}<\/script>\n<!-- \/ Yoast SEO plugin. -->","yoast_head_json":{"title":"Indonesian Fest v pra\u017esk\u00e9m SaSaZu - 1001 Voyages Gourmands","description":"Mezi dny 9.-11. kv\u011btna budete m\u00edt v r\u00e1mci Indonesian Fest v pra\u017esk\u00e9m SaSaZu p\u0159\u00edle\u017eitost ochutnat menu p\u0159ipraven\u00e9 dv\u011bma talentovan\u00fdmi indon\u00e9sk\u00fdmi \u0161\u00e9fkucha\u0159i.","robots":{"index":"index","follow":"follow","max-snippet":"max-snippet:-1","max-image-preview":"max-image-preview:large","max-video-preview":"max-video-preview:-1"},"canonical":"https:\/\/1001voyagesgourmands.com\/cs\/indonesian-fest-praha-sasazu\/","og_locale":"cs_CZ","og_type":"article","og_title":"Indonesian Fest v pra\u017esk\u00e9m SaSaZu - 1001 Voyages Gourmands","og_description":"Mezi dny 9.-11. kv\u011btna budete m\u00edt v r\u00e1mci Indonesian Fest v pra\u017esk\u00e9m SaSaZu p\u0159\u00edle\u017eitost ochutnat menu p\u0159ipraven\u00e9 dv\u011bma talentovan\u00fdmi indon\u00e9sk\u00fdmi \u0161\u00e9fkucha\u0159i.","og_url":"https:\/\/1001voyagesgourmands.com\/cs\/indonesian-fest-praha-sasazu\/","og_site_name":"1001 Voyages Gourmands","article_publisher":"https:\/\/www.facebook.com\/1001voyagesgourmands","article_published_time":"2017-05-05T06:00:58+00:00","article_modified_time":"2020-12-02T11:37:48+00:00","og_image":[{"width":724,"height":483,"url":"https:\/\/1001voyagesgourmands.com\/wp-content\/uploads\/2017\/05\/Indonesian_Food_Tour-cover.jpg","type":"image\/jpeg"}],"author":"Michaela","twitter_card":"summary_large_image","twitter_creator":"@michaela_1001vg","twitter_site":"@michaela_1001vg","twitter_misc":{"Napsal(a)":"Michaela","Odhadovan\u00e1 doba \u010dten\u00ed":"3 minuty"},"schema":{"@context":"https:\/\/schema.org","@graph":[{"@type":"WebPage","@id":"https:\/\/1001voyagesgourmands.com\/cs\/indonesian-fest-praha-sasazu\/","url":"https:\/\/1001voyagesgourmands.com\/cs\/indonesian-fest-praha-sasazu\/","name":"Indonesian Fest v pra\u017esk\u00e9m SaSaZu - 1001 Voyages Gourmands","isPartOf":{"@id":"https:\/\/1001voyagesgourmands.com\/cs\/#website"},"primaryImageOfPage":{"@id":"https:\/\/1001voyagesgourmands.com\/cs\/indonesian-fest-praha-sasazu\/#primaryimage"},"image":{"@id":"https:\/\/1001voyagesgourmands.com\/cs\/indonesian-fest-praha-sasazu\/#primaryimage"},"thumbnailUrl":"https:\/\/1001voyagesgourmands.com\/wp-content\/uploads\/2017\/05\/Indonesian_Food_Tour-cover.jpg","datePublished":"2017-05-05T06:00:58+00:00","dateModified":"2020-12-02T11:37:48+00:00","author":{"@id":"https:\/\/1001voyagesgourmands.com\/cs\/#\/schema\/person\/62e0e7238fcf7482b23bf83e1b72ff1b"},"description":"Mezi dny 9.-11. kv\u011btna budete m\u00edt v r\u00e1mci Indonesian Fest v pra\u017esk\u00e9m SaSaZu p\u0159\u00edle\u017eitost ochutnat menu p\u0159ipraven\u00e9 dv\u011bma talentovan\u00fdmi indon\u00e9sk\u00fdmi \u0161\u00e9fkucha\u0159i.","breadcrumb":{"@id":"https:\/\/1001voyagesgourmands.com\/cs\/indonesian-fest-praha-sasazu\/#breadcrumb"},"inLanguage":"cs","potentialAction":[{"@type":"ReadAction","target":["https:\/\/1001voyagesgourmands.com\/cs\/indonesian-fest-praha-sasazu\/"]}]},{"@type":"ImageObject","inLanguage":"cs","@id":"https:\/\/1001voyagesgourmands.com\/cs\/indonesian-fest-praha-sasazu\/#primaryimage","url":"https:\/\/1001voyagesgourmands.com\/wp-content\/uploads\/2017\/05\/Indonesian_Food_Tour-cover.jpg","contentUrl":"https:\/\/1001voyagesgourmands.com\/wp-content\/uploads\/2017\/05\/Indonesian_Food_Tour-cover.jpg","width":724,"height":483,"caption":"Mezi dny 9.-11. kv\u011btna budete m\u00edt v r\u00e1mci Indonesian Fest v pra\u017esk\u00e9m SaSaZu p\u0159\u00edle\u017eitost ochutnat menu p\u0159ipraven\u00e9 dv\u011bma talentovan\u00fdmi indon\u00e9sk\u00fdmi \u0161\u00e9fkucha\u0159i."},{"@type":"BreadcrumbList","@id":"https:\/\/1001voyagesgourmands.com\/cs\/indonesian-fest-praha-sasazu\/#breadcrumb","itemListElement":[{"@type":"ListItem","position":1,"name":"Dom\u016f","item":"https:\/\/1001voyagesgourmands.com\/cs\/"},{"@type":"ListItem","position":2,"name":"Indonesian Fest v pra\u017esk\u00e9m SaSaZu"}]},{"@type":"WebSite","@id":"https:\/\/1001voyagesgourmands.com\/cs\/#website","url":"https:\/\/1001voyagesgourmands.com\/cs\/","name":"1001 Voyages Gourmands","description":"Food | Travel | Photography","potentialAction":[{"@type":"SearchAction","target":{"@type":"EntryPoint","urlTemplate":"https:\/\/1001voyagesgourmands.com\/cs\/?s={search_term_string}"},"query-input":{"@type":"PropertyValueSpecification","valueRequired":true,"valueName":"search_term_string"}}],"inLanguage":"cs"},{"@type":"Person","@id":"https:\/\/1001voyagesgourmands.com\/cs\/#\/schema\/person\/62e0e7238fcf7482b23bf83e1b72ff1b","name":"Michaela","image":{"@type":"ImageObject","inLanguage":"cs","@id":"https:\/\/1001voyagesgourmands.com\/cs\/#\/schema\/person\/image\/","url":"https:\/\/secure.gravatar.com\/avatar\/73fa562a5b0ce269ca480f67de504b8ecac054a121d170e226f1b79e02024cb8?s=96&d=mm&r=g","contentUrl":"https:\/\/secure.gravatar.com\/avatar\/73fa562a5b0ce269ca480f67de504b8ecac054a121d170e226f1b79e02024cb8?s=96&d=mm&r=g","caption":"Michaela"},"sameAs":["http:\/\/1001voyagesgourmands.com"]}]}},"_links":{"self":[{"href":"https:\/\/1001voyagesgourmands.com\/cs\/wp-json\/wp\/v2\/posts\/16306","targetHints":{"allow":["GET"]}}],"collection":[{"href":"https:\/\/1001voyagesgourmands.com\/cs\/wp-json\/wp\/v2\/posts"}],"about":[{"href":"https:\/\/1001voyagesgourmands.com\/cs\/wp-json\/wp\/v2\/types\/post"}],"author":[{"embeddable":true,"href":"https:\/\/1001voyagesgourmands.com\/cs\/wp-json\/wp\/v2\/users\/1"}],"replies":[{"embeddable":true,"href":"https:\/\/1001voyagesgourmands.com\/cs\/wp-json\/wp\/v2\/comments?post=16306"}],"version-history":[{"count":1,"href":"https:\/\/1001voyagesgourmands.com\/cs\/wp-json\/wp\/v2\/posts\/16306\/revisions"}],"predecessor-version":[{"id":28158,"href":"https:\/\/1001voyagesgourmands.com\/cs\/wp-json\/wp\/v2\/posts\/16306\/revisions\/28158"}],"wp:featuredmedia":[{"embeddable":true,"href":"https:\/\/1001voyagesgourmands.com\/cs\/wp-json\/wp\/v2\/media\/16351"}],"wp:attachment":[{"href":"https:\/\/1001voyagesgourmands.com\/cs\/wp-json\/wp\/v2\/media?parent=16306"}],"wp:term":[{"taxonomy":"category","embeddable":true,"href":"https:\/\/1001voyagesgourmands.com\/cs\/wp-json\/wp\/v2\/categories?post=16306"},{"taxonomy":"post_tag","embeddable":true,"href":"https:\/\/1001voyagesgourmands.com\/cs\/wp-json\/wp\/v2\/tags?post=16306"}],"curies":[{"name":"wp","href":"https:\/\/api.w.org\/{rel}","templated":true}]}}