{"id":161,"date":"2015-03-06T21:25:53","date_gmt":"2015-03-06T21:25:53","guid":{"rendered":"http:\/\/voyagegourmand.org\/?p=161"},"modified":"2016-04-26T23:20:59","modified_gmt":"2016-04-26T21:20:59","slug":"valentynska-pariz","status":"publish","type":"post","link":"https:\/\/1001voyagesgourmands.com\/cs\/valentynska-pariz\/","title":{"rendered":"Valent\u00fdnsk\u00e1 Pa\u0159\u00ed\u017e"},"content":{"rendered":"<p style=\"text-align: justify;\">Ok, docela k\u00fd\u010d, jet na americk\u00fd komer\u010dn\u00ed sv\u00e1tek Sv. Valent\u00fdna do jednoho z nejromanti\u010dt\u011bj\u0161\u00edch m\u011bst na sv\u011bt\u011b\u2026 pomyslela jsem si, kdy\u017e mi p\u0159\u00edtel ozn\u00e1mil p\u00e1r dn\u00ed p\u0159edem, a\u0165 si na v\u00edkend nic nechyst\u00e1m, \u017ee jedeme na v\u00edkend do Pa\u0159\u00ed\u017ee\u2026 a nav\u00edc \u00fanor, kdy mrzne a chodit venku v zim\u011b nen\u00ed m\u00e1 nejobl\u00edben\u011bj\u0161\u00ed aktivita. No, budi\u017e tedy, jde jen o dva dny a bude to fajn.<\/p>\n<p style=\"text-align: justify;\"><a href=\"http:\/\/1001voyagesgourmands.com\/2015\/03\/06\/valentynska-pariz\/\"><img loading=\"lazy\" decoding=\"async\" class=\"aligncenter wp-image-1927 \" src=\"http:\/\/1001voyagesgourmands.com\/wp-content\/uploads\/2015\/03\/blog13-1024x684.jpg\" alt=\"Valent\u00fdnsk\u00e1 Pa\u0159\u00ed\u017e\" width=\"914\" height=\"611\" srcset=\"https:\/\/1001voyagesgourmands.com\/wp-content\/uploads\/2015\/03\/blog13-1024x684.jpg 1024w, https:\/\/1001voyagesgourmands.com\/wp-content\/uploads\/2015\/03\/blog13-300x200.jpg 300w, https:\/\/1001voyagesgourmands.com\/wp-content\/uploads\/2015\/03\/blog13-768x513.jpg 768w, https:\/\/1001voyagesgourmands.com\/wp-content\/uploads\/2015\/03\/blog13-1170x782.jpg 1170w, https:\/\/1001voyagesgourmands.com\/wp-content\/uploads\/2015\/03\/blog13-585x391.jpg 585w, https:\/\/1001voyagesgourmands.com\/wp-content\/uploads\/2015\/03\/blog13-263x175.jpg 263w, https:\/\/1001voyagesgourmands.com\/wp-content\/uploads\/2015\/03\/blog13.jpg 1500w\" sizes=\"auto, (max-width: 914px) 100vw, 914px\" \/><\/a><\/p>\n<p style=\"text-align: justify;\">A taky \u017ee bylo! Tohle m\u011bsto p\u0159\u00edmo vibruje a \u00fapln\u011b sta\u010d\u00ed d\u00fdchat atmosf\u00e9ru. Ta fotogenick\u00e1 z\u00e1kout\u00ed, vybavuj\u00edc\u00ed se sc\u00e9ny z film\u016f, kav\u00e1rni\u010dky pln\u00e9 lid\u00ed, antikvari\u00e1ty pod\u00e9l Seiny, mu\u0161\u00ed lod\u011b. Napoleonovy zn\u00e1mky na proslul\u00fdch stavb\u00e1ch, je\u017e dod\u00e1vaj\u00ed m\u011bstu majest\u00e1tnost. M\u00e9 milovan\u00e9 muzeum Orsay. Brusl\u00edc\u00ed promen\u00e1dy pod\u00e9l Seiny, kde si hraj\u00ed d\u011bti, proch\u00e1z\u00ed se p\u00e1ry a sportuj\u00ed mlad\u00ed. Fronty asijsk\u00fdch turist\u016f p\u0159ed butiky Louis Vuitton a La Dur\u00e9e na Champs-Elys\u00e9es. \u010cerven\u00fd ml\u00fdn Moulin Rouge, \u201eAm\u00e9liin kopec\u201c a ta slavn\u00e1 ocelov\u00e1 v\u011b\u017e, kam denn\u011b vylezou davy turist\u016f. No a jako gurm\u00e1nku mne pochopiteln\u011b zaujaly prav\u00e9 francouzsk\u00e9 pek\u00e1rny na ka\u017ed\u00e9m rohu s v\u00fdborn\u011b vyhl\u00ed\u017eej\u00edc\u00edma bagetama \u2013 takov\u00e9 poctiv\u00e9 pe\u010divo, a\u0165 ho koup\u00edte v Pa\u0159\u00ed\u017ei kdekoliv, v\u017edy je to z\u00e1ruka kvality (co\u017e se ned\u00e1 \u0159\u00edct o Bruselu) a o v\u016fni pala\u010dinek s ka\u0161tanov\u00fdm kr\u00e9mem, je\u017e v\u00e1m nakonec ned\u00e1 odolat i kdy\u017e jste na diet\u011b, ani nemluv\u011b.<\/p>\n<p style=\"text-align: justify;\"><img loading=\"lazy\" decoding=\"async\" class=\"aligncenter  wp-image-1929\" src=\"http:\/\/1001voyagesgourmands.com\/wp-content\/uploads\/2015\/03\/blog141-1024x655.jpg\" alt=\"\" width=\"938\" height=\"600\" srcset=\"https:\/\/1001voyagesgourmands.com\/wp-content\/uploads\/2015\/03\/blog141-1024x655.jpg 1024w, https:\/\/1001voyagesgourmands.com\/wp-content\/uploads\/2015\/03\/blog141-300x192.jpg 300w, https:\/\/1001voyagesgourmands.com\/wp-content\/uploads\/2015\/03\/blog141-768x492.jpg 768w, https:\/\/1001voyagesgourmands.com\/wp-content\/uploads\/2015\/03\/blog141-1170x749.jpg 1170w, https:\/\/1001voyagesgourmands.com\/wp-content\/uploads\/2015\/03\/blog141-585x374.jpg 585w, https:\/\/1001voyagesgourmands.com\/wp-content\/uploads\/2015\/03\/blog141.jpg 1500w\" sizes=\"auto, (max-width: 938px) 100vw, 938px\" \/><\/p>\n<p style=\"text-align: justify;\">Proch\u00e1zku jsme zapo\u010dali u V\u00edt\u011bzn\u00e9ho oblouku, kde jsme si p\u0159ipomenuli 30 kl\u00ed\u010dov\u00fdch bitevn\u00edch m\u00edst, kde Napoleon vyhr\u00e1l &#8211; jm\u00e9na bitev jsou vyryt\u00e1 na \u0161t\u00edtech atiky. Napoleon III. zanechal v Pa\u0159\u00ed\u017ei nem\u00e1lo pam\u011btihodnost\u00ed, kdy\u017e byl ve druh\u00e9 polovin\u011b 19. stolet\u00ed pov\u011b\u0159en p\u0159estavbou m\u011bsta.<\/p>\n<p style=\"text-align: justify;\"><img loading=\"lazy\" decoding=\"async\" class=\"aligncenter  wp-image-1911\" src=\"http:\/\/1001voyagesgourmands.com\/wp-content\/uploads\/2015\/03\/blog3-\u2013-kopie-1024x687.jpg\" alt=\"\" width=\"1044\" height=\"701\" srcset=\"https:\/\/1001voyagesgourmands.com\/wp-content\/uploads\/2015\/03\/blog3-\u2013-kopie-1024x687.jpg 1024w, https:\/\/1001voyagesgourmands.com\/wp-content\/uploads\/2015\/03\/blog3-\u2013-kopie-300x201.jpg 300w, https:\/\/1001voyagesgourmands.com\/wp-content\/uploads\/2015\/03\/blog3-\u2013-kopie-768x515.jpg 768w, https:\/\/1001voyagesgourmands.com\/wp-content\/uploads\/2015\/03\/blog3-\u2013-kopie-1170x785.jpg 1170w, https:\/\/1001voyagesgourmands.com\/wp-content\/uploads\/2015\/03\/blog3-\u2013-kopie-1920x1288.jpg 1920w, https:\/\/1001voyagesgourmands.com\/wp-content\/uploads\/2015\/03\/blog3-\u2013-kopie-585x393.jpg 585w, https:\/\/1001voyagesgourmands.com\/wp-content\/uploads\/2015\/03\/blog3-\u2013-kopie.jpg 2000w\" sizes=\"auto, (max-width: 1044px) 100vw, 1044px\" \/><\/p>\n<p style=\"text-align: justify;\">Sch\u00e1zeli jsme dol\u016f po Champs-Elys\u00e9es kolem slavn\u00e9ho \u201emakar\u00f3nstv\u00ed\u201c \u201eLa Dur\u00e9e\u201c, kam jsme ani nenakoukli, jeliko\u017e mi to p\u0159ipom\u00ednalo frontu na ban\u00e1ny, kdy\u017e mi byly 4 roky. M\u00e1me obchod v Bruselu, u\u017e se tam dlouhou dobu chyst\u00e1m na pr\u016fzkum, ale zn\u00e1te to, co je bl\u00edzko, to m\u00e1 \u010das\u2026<\/p>\n<p style=\"text-align: justify;\"><img loading=\"lazy\" decoding=\"async\" class=\"aligncenter  wp-image-1931\" src=\"http:\/\/1001voyagesgourmands.com\/wp-content\/uploads\/2015\/03\/blog61-1024x679.jpg\" alt=\"blog6\" width=\"999\" height=\"663\" srcset=\"https:\/\/1001voyagesgourmands.com\/wp-content\/uploads\/2015\/03\/blog61-1024x679.jpg 1024w, https:\/\/1001voyagesgourmands.com\/wp-content\/uploads\/2015\/03\/blog61-800x530.jpg 800w, https:\/\/1001voyagesgourmands.com\/wp-content\/uploads\/2015\/03\/blog61-300x199.jpg 300w, https:\/\/1001voyagesgourmands.com\/wp-content\/uploads\/2015\/03\/blog61-768x509.jpg 768w, https:\/\/1001voyagesgourmands.com\/wp-content\/uploads\/2015\/03\/blog61-1170x775.jpg 1170w, https:\/\/1001voyagesgourmands.com\/wp-content\/uploads\/2015\/03\/blog61-585x388.jpg 585w, https:\/\/1001voyagesgourmands.com\/wp-content\/uploads\/2015\/03\/blog61-263x175.jpg 263w, https:\/\/1001voyagesgourmands.com\/wp-content\/uploads\/2015\/03\/blog61.jpg 1500w\" sizes=\"auto, (max-width: 999px) 100vw, 999px\" \/><\/p>\n<p style=\"text-align: justify;\">A kdy\u017e u\u017e jsme u t\u011bch makar\u00f3n\u016f, ty barvi\u010dky jsou fam\u00f3zn\u00ed v\u0161ude, ne jen v La Durr\u00e9e.<\/p>\n<p style=\"text-align: justify;\"><img loading=\"lazy\" decoding=\"async\" class=\"aligncenter wp-image-1919 \" src=\"http:\/\/1001voyagesgourmands.com\/wp-content\/uploads\/2015\/03\/blog9-\u2013-kopie-300x300.jpg\" alt=\"\" width=\"487\" height=\"487\" srcset=\"https:\/\/1001voyagesgourmands.com\/wp-content\/uploads\/2015\/03\/blog9-\u2013-kopie-300x300.jpg 300w, https:\/\/1001voyagesgourmands.com\/wp-content\/uploads\/2015\/03\/blog9-\u2013-kopie-768x768.jpg 768w, https:\/\/1001voyagesgourmands.com\/wp-content\/uploads\/2015\/03\/blog9-\u2013-kopie-585x585.jpg 585w, https:\/\/1001voyagesgourmands.com\/wp-content\/uploads\/2015\/03\/blog9-\u2013-kopie-640x640.jpg 640w, https:\/\/1001voyagesgourmands.com\/wp-content\/uploads\/2015\/03\/blog9-\u2013-kopie.jpg 1000w\" sizes=\"auto, (max-width: 487px) 100vw, 487px\" \/><\/p>\n<p style=\"text-align: justify;\">Pokra\u010dovali jsme sm\u011brem k Louvru a proch\u00e1zeli parky, p\u0159\u00edroda v\u0161ak st\u00e1le je\u0161t\u011b spala.<\/p>\n<p style=\"text-align: justify;\"><img loading=\"lazy\" decoding=\"async\" class=\"aligncenter wp-image-1947 \" src=\"http:\/\/1001voyagesgourmands.com\/wp-content\/uploads\/2015\/03\/DSC_1007-1024x678.jpg\" alt=\"\" width=\"896\" height=\"593\" srcset=\"https:\/\/1001voyagesgourmands.com\/wp-content\/uploads\/2015\/03\/DSC_1007-1024x678.jpg 1024w, https:\/\/1001voyagesgourmands.com\/wp-content\/uploads\/2015\/03\/DSC_1007-800x530.jpg 800w, https:\/\/1001voyagesgourmands.com\/wp-content\/uploads\/2015\/03\/DSC_1007-300x199.jpg 300w, https:\/\/1001voyagesgourmands.com\/wp-content\/uploads\/2015\/03\/DSC_1007-768x509.jpg 768w, https:\/\/1001voyagesgourmands.com\/wp-content\/uploads\/2015\/03\/DSC_1007-1170x775.jpg 1170w, https:\/\/1001voyagesgourmands.com\/wp-content\/uploads\/2015\/03\/DSC_1007-780x516.jpg 780w, https:\/\/1001voyagesgourmands.com\/wp-content\/uploads\/2015\/03\/DSC_1007-1920x1272.jpg 1920w, https:\/\/1001voyagesgourmands.com\/wp-content\/uploads\/2015\/03\/DSC_1007-585x387.jpg 585w, https:\/\/1001voyagesgourmands.com\/wp-content\/uploads\/2015\/03\/DSC_1007-263x175.jpg 263w\" sizes=\"auto, (max-width: 896px) 100vw, 896px\" \/><\/p>\n<p style=\"text-align: justify;\">Zbytek odpoledne jsme tr\u00e1vili kolem Notre Damme, \u010dtvrti Marolles a pak Rue Rivoli sm\u011brem k italsk\u00e9 restauraci, kde jsme m\u011bli rezervaci na ve\u010de\u0159i.<\/p>\n<p style=\"text-align: justify;\">No\u010dn\u00ed proch\u00e1zkou jsme vychodili romantickou ve\u010de\u0159i v italsk\u00e9 restauraci, kde byla sice v\u00fdborn\u00e1 a vtipn\u00e1 obsluha, zato jejich t\u011bstoviny s arty\u010dokem obsahovali jeden arty\u010dok rozkr\u00e1jen\u00fd na 1000 kousk\u016f, tak\u017ee jsme p\u0159i sv\u00ed\u010dk\u00e1ch hr\u00e1li hru \u201enajdi kus arty\u010doku\u201c.<\/p>\n<p style=\"text-align: justify;\"><img loading=\"lazy\" decoding=\"async\" class=\"aligncenter  wp-image-1907\" src=\"http:\/\/1001voyagesgourmands.com\/wp-content\/uploads\/2015\/03\/Blog-\u2013-kopie-1024x626.jpg\" alt=\"Blog \u2013 kopie\" width=\"963\" height=\"589\" srcset=\"https:\/\/1001voyagesgourmands.com\/wp-content\/uploads\/2015\/03\/Blog-\u2013-kopie-1024x626.jpg 1024w, https:\/\/1001voyagesgourmands.com\/wp-content\/uploads\/2015\/03\/Blog-\u2013-kopie-300x183.jpg 300w, https:\/\/1001voyagesgourmands.com\/wp-content\/uploads\/2015\/03\/Blog-\u2013-kopie-768x470.jpg 768w, https:\/\/1001voyagesgourmands.com\/wp-content\/uploads\/2015\/03\/Blog-\u2013-kopie-1170x715.jpg 1170w, https:\/\/1001voyagesgourmands.com\/wp-content\/uploads\/2015\/03\/Blog-\u2013-kopie-1920x1174.jpg 1920w, https:\/\/1001voyagesgourmands.com\/wp-content\/uploads\/2015\/03\/Blog-\u2013-kopie-585x358.jpg 585w, https:\/\/1001voyagesgourmands.com\/wp-content\/uploads\/2015\/03\/Blog-\u2013-kopie.jpg 2000w\" sizes=\"auto, (max-width: 963px) 100vw, 963px\" \/><\/p>\n<p style=\"text-align: justify;\">O p\u016flnoci jsme se nach\u00e1zeli pod touto v\u011b\u017e\u00ed, co to je, to netu\u0161\u00edm, ale hezky sv\u00edtila \ud83d\ude42 Mus\u00edm p\u0159iznat, \u017ee takovou koncentraci zamilovan\u00fdch p\u00e1r\u016f jsem je\u0161t\u011b za sv\u016fj, celkem dlouh\u00fd, \u017eivot nevid\u011bla.<\/p>\n<p style=\"text-align: justify;\"><img loading=\"lazy\" decoding=\"async\" class=\"aligncenter wp-image-1913 \" src=\"http:\/\/1001voyagesgourmands.com\/wp-content\/uploads\/2015\/03\/blog5-\u2013-kopie-678x1024.jpg\" alt=\"\" width=\"910\" height=\"1374\" srcset=\"https:\/\/1001voyagesgourmands.com\/wp-content\/uploads\/2015\/03\/blog5-\u2013-kopie-678x1024.jpg 678w, https:\/\/1001voyagesgourmands.com\/wp-content\/uploads\/2015\/03\/blog5-\u2013-kopie-199x300.jpg 199w, https:\/\/1001voyagesgourmands.com\/wp-content\/uploads\/2015\/03\/blog5-\u2013-kopie-768x1160.jpg 768w, https:\/\/1001voyagesgourmands.com\/wp-content\/uploads\/2015\/03\/blog5-\u2013-kopie-1170x1767.jpg 1170w, https:\/\/1001voyagesgourmands.com\/wp-content\/uploads\/2015\/03\/blog5-\u2013-kopie-585x883.jpg 585w, https:\/\/1001voyagesgourmands.com\/wp-content\/uploads\/2015\/03\/blog5-\u2013-kopie.jpg 1500w\" sizes=\"auto, (max-width: 910px) 100vw, 910px\" \/><\/p>\n<p style=\"text-align: justify;\">Druh\u00fd den r\u00e1no jsme na sn\u00eddani tam, kde jsme byli den p\u0159edt\u00edm na ob\u011bd\u011b &#8211;&nbsp;vynikaj\u00edc\u00ed caf\u00e9, kde jsem m\u011bla nejlep\u0161\u00ed sal\u00e1t s koz\u00edm s\u00fdrem odjak\u017eiva! Caf\u00e9 Lacombe (rue des Acacias), kter\u00e9 mohu doporu\u010dit jednak na perfektn\u00ed m\u00edsto pro brunch, lehkou sn\u00eddani na baru, nebo i na ob\u011bd, stejn\u011b tak jako na ve\u010dern\u00ed koktejl. V\u0161imla jsem si, \u017ee Pa\u0159\u00ed\u017ean\u00e9 si \u010dasto d\u00e1vaj\u00ed k\u00e1vu na baru &#8211; je to rychl\u00e9 a levn\u00e9.<\/p>\n<p style=\"text-align: justify;\">Na ned\u011bli jsme si napl\u00e1novali Mont Martre a latinskou \u010dtvr\u0165, a pak pozdn\u00ed odpoledne odjezd.<\/p>\n<p style=\"text-align: justify;\">\u201eAm\u00e9liin kopec\u201c, neboli Mont Martre (\u010desky \u201ehora mu\u010dedn\u00edk\u016f\u201c), jako v\u017edy pln\u00fd turist\u016f. Bylo to opravdu mu\u010den\u00ed prod\u00edrat se davy lid\u00ed, tak\u017ee jsme rad\u0161i hned slezli postrann\u00edmi uli\u010dkami dol\u016f. Tam si naopak \u010dlov\u011bk p\u0159ipad\u00e1, jako by byl v n\u011bjak\u00e9 mal\u00e9 vesni\u010dce.<\/p>\n<p style=\"text-align: justify;\"><img loading=\"lazy\" decoding=\"async\" class=\"aligncenter  wp-image-1909\" src=\"http:\/\/1001voyagesgourmands.com\/wp-content\/uploads\/2015\/03\/blog2-\u2013-kopie-1024x678.jpg\" alt=\"blog2 \u2013 kopie\" width=\"868\" height=\"574\" srcset=\"https:\/\/1001voyagesgourmands.com\/wp-content\/uploads\/2015\/03\/blog2-\u2013-kopie-1024x678.jpg 1024w, https:\/\/1001voyagesgourmands.com\/wp-content\/uploads\/2015\/03\/blog2-\u2013-kopie-800x530.jpg 800w, https:\/\/1001voyagesgourmands.com\/wp-content\/uploads\/2015\/03\/blog2-\u2013-kopie-300x199.jpg 300w, https:\/\/1001voyagesgourmands.com\/wp-content\/uploads\/2015\/03\/blog2-\u2013-kopie-768x509.jpg 768w, https:\/\/1001voyagesgourmands.com\/wp-content\/uploads\/2015\/03\/blog2-\u2013-kopie-1170x775.jpg 1170w, https:\/\/1001voyagesgourmands.com\/wp-content\/uploads\/2015\/03\/blog2-\u2013-kopie-780x516.jpg 780w, https:\/\/1001voyagesgourmands.com\/wp-content\/uploads\/2015\/03\/blog2-\u2013-kopie-1920x1272.jpg 1920w, https:\/\/1001voyagesgourmands.com\/wp-content\/uploads\/2015\/03\/blog2-\u2013-kopie-585x388.jpg 585w, https:\/\/1001voyagesgourmands.com\/wp-content\/uploads\/2015\/03\/blog2-\u2013-kopie-263x175.jpg 263w, https:\/\/1001voyagesgourmands.com\/wp-content\/uploads\/2015\/03\/blog2-\u2013-kopie.jpg 2000w\" sizes=\"auto, (max-width: 868px) 100vw, 868px\" \/><\/p>\n<p style=\"text-align: justify;\"><img loading=\"lazy\" decoding=\"async\" class=\"aligncenter wp-image-1939 \" src=\"http:\/\/1001voyagesgourmands.com\/wp-content\/uploads\/2015\/03\/DSC_1092-1024x678.jpg\" alt=\"\" width=\"948\" height=\"627\" srcset=\"https:\/\/1001voyagesgourmands.com\/wp-content\/uploads\/2015\/03\/DSC_1092-1024x678.jpg 1024w, https:\/\/1001voyagesgourmands.com\/wp-content\/uploads\/2015\/03\/DSC_1092-800x530.jpg 800w, https:\/\/1001voyagesgourmands.com\/wp-content\/uploads\/2015\/03\/DSC_1092-300x199.jpg 300w, https:\/\/1001voyagesgourmands.com\/wp-content\/uploads\/2015\/03\/DSC_1092-768x509.jpg 768w, https:\/\/1001voyagesgourmands.com\/wp-content\/uploads\/2015\/03\/DSC_1092-1170x775.jpg 1170w, https:\/\/1001voyagesgourmands.com\/wp-content\/uploads\/2015\/03\/DSC_1092-780x516.jpg 780w, https:\/\/1001voyagesgourmands.com\/wp-content\/uploads\/2015\/03\/DSC_1092-1920x1272.jpg 1920w, https:\/\/1001voyagesgourmands.com\/wp-content\/uploads\/2015\/03\/DSC_1092-585x387.jpg 585w, https:\/\/1001voyagesgourmands.com\/wp-content\/uploads\/2015\/03\/DSC_1092-263x175.jpg 263w\" sizes=\"auto, (max-width: 948px) 100vw, 948px\" \/><\/p>\n<p style=\"text-align: justify;\">P\u0159i\u0161li jsme na toto mal\u00e9 n\u00e1m\u011bst\u00ed na Mont Martre, kde spousta mal\u00ed\u0159\u016f nab\u00edz\u00ed portr\u00e9ty \u010di obrazy Pa\u0159\u00ed\u017ee.<\/p>\n<p style=\"text-align: justify;\"><img loading=\"lazy\" decoding=\"async\" class=\"aligncenter  wp-image-1923\" src=\"http:\/\/1001voyagesgourmands.com\/wp-content\/uploads\/2015\/03\/blog111-1024x1024.jpg\" alt=\"blog11\" width=\"600\" height=\"600\" srcset=\"https:\/\/1001voyagesgourmands.com\/wp-content\/uploads\/2015\/03\/blog111-1024x1024.jpg 1024w, https:\/\/1001voyagesgourmands.com\/wp-content\/uploads\/2015\/03\/blog111-300x300.jpg 300w, https:\/\/1001voyagesgourmands.com\/wp-content\/uploads\/2015\/03\/blog111-768x768.jpg 768w, https:\/\/1001voyagesgourmands.com\/wp-content\/uploads\/2015\/03\/blog111-1170x1170.jpg 1170w, https:\/\/1001voyagesgourmands.com\/wp-content\/uploads\/2015\/03\/blog111-585x585.jpg 585w, https:\/\/1001voyagesgourmands.com\/wp-content\/uploads\/2015\/03\/blog111-640x640.jpg 640w, https:\/\/1001voyagesgourmands.com\/wp-content\/uploads\/2015\/03\/blog111.jpg 1500w\" sizes=\"auto, (max-width: 600px) 100vw, 600px\" \/><\/p>\n<p style=\"text-align: justify;\">Pr\u00fd je to tam takhle zapln\u011bno turisty i v t\u00fddnu, \u0159\u00edkal m\u00edstn\u00ed p\u00e1n, kter\u00fd n\u00e1s potkal, kdy\u017e jsme hledali jm\u00e9no ulice a moc se cht\u011bl s n\u00e1mi cht\u011bl bavit a p\u0159edstavit n\u00e1m \u010dtvr\u0165, ve kter\u00e9 \u017eije od narozen\u00ed. Ten p\u00e1n byl sice divn\u00fd, ale uk\u00e1zal n\u00e1m tuhle sochu, kter\u00e1 zn\u00e1zor\u0148uje mu\u017ee, kter\u00fd proch\u00e1z\u00ed zd\u00ed, z rom\u00e1nu od Marcel Aim\u00e9. P\u00e1n mi ze zdi vyt\u00e1hnout ne\u0161el, tak\u017ee tam z\u016fstal.<\/p>\n<p style=\"text-align: justify;\"><img loading=\"lazy\" decoding=\"async\" class=\"aligncenter  wp-image-1933\" src=\"http:\/\/1001voyagesgourmands.com\/wp-content\/uploads\/2015\/03\/DSC_1071-719x1024.jpg\" alt=\"\" width=\"877\" height=\"1249\" srcset=\"https:\/\/1001voyagesgourmands.com\/wp-content\/uploads\/2015\/03\/DSC_1071-719x1024.jpg 719w, https:\/\/1001voyagesgourmands.com\/wp-content\/uploads\/2015\/03\/DSC_1071-211x300.jpg 211w, https:\/\/1001voyagesgourmands.com\/wp-content\/uploads\/2015\/03\/DSC_1071-768x1094.jpg 768w, https:\/\/1001voyagesgourmands.com\/wp-content\/uploads\/2015\/03\/DSC_1071-1170x1666.jpg 1170w, https:\/\/1001voyagesgourmands.com\/wp-content\/uploads\/2015\/03\/DSC_1071-1920x2734.jpg 1920w, https:\/\/1001voyagesgourmands.com\/wp-content\/uploads\/2015\/03\/DSC_1071-585x833.jpg 585w\" sizes=\"auto, (max-width: 877px) 100vw, 877px\" \/><\/p>\n<p style=\"text-align: justify;\">Pak jsem na dal\u0161\u00ed zdi objevila toto. Nev\u00edm, kdo to psal a co to m\u00e1 spole\u010dn\u00e9ho se slovn\u00edkem 14-let\u00e9ho puber\u0165\u00e1ka, ale p\u0159i\u0161lo mi fajn vid\u011bt n\u011bco, co se podob\u00e1 mate\u0159\u0161tin\u011b (to nic, jde jen o expat\u016fv syndrom).<\/p>\n<p style=\"text-align: justify;\"><img loading=\"lazy\" decoding=\"async\" class=\"aligncenter wp-image-1917 \" src=\"http:\/\/1001voyagesgourmands.com\/wp-content\/uploads\/2015\/03\/blog8-\u2013-kopie-300x199.jpg\" alt=\"blog8 \u2013 kopie\" width=\"1077\" height=\"714\" srcset=\"https:\/\/1001voyagesgourmands.com\/wp-content\/uploads\/2015\/03\/blog8-\u2013-kopie-300x199.jpg 300w, https:\/\/1001voyagesgourmands.com\/wp-content\/uploads\/2015\/03\/blog8-\u2013-kopie-800x530.jpg 800w, https:\/\/1001voyagesgourmands.com\/wp-content\/uploads\/2015\/03\/blog8-\u2013-kopie-768x508.jpg 768w, https:\/\/1001voyagesgourmands.com\/wp-content\/uploads\/2015\/03\/blog8-\u2013-kopie-780x516.jpg 780w, https:\/\/1001voyagesgourmands.com\/wp-content\/uploads\/2015\/03\/blog8-\u2013-kopie-585x387.jpg 585w, https:\/\/1001voyagesgourmands.com\/wp-content\/uploads\/2015\/03\/blog8-\u2013-kopie-263x175.jpg 263w, https:\/\/1001voyagesgourmands.com\/wp-content\/uploads\/2015\/03\/blog8-\u2013-kopie.jpg 1000w\" sizes=\"auto, (max-width: 1077px) 100vw, 1077px\" \/><\/p>\n<p style=\"text-align: justify;\">Kv\u016fli \u0161patn\u00e9mu po\u010das\u00ed jsme se rozhodli str\u00e1vit odpoledne na \u201ebateau mouche\u201c a vid\u011bt tak Pa\u0159\u00ed\u017e jinak. Zast\u0159e\u0161en\u00fd parn\u00edk, neboli bateau mouche (lo\u010f moucha), v\u00e1s povoz\u00ed po Sein\u011b a stav\u00ed na r\u016fzn\u00fdch m\u00edstech. M\u016f\u017eete kdekoliv nastoupit \u010di vystoupit a vzhledem k tomu, ze l\u00edstek plat\u00ed cel\u00fd den, je to skv\u011bl\u00fd dopravn\u00ed prost\u0159edek!<\/p>\n<p style=\"text-align: justify;\"><img loading=\"lazy\" decoding=\"async\" class=\"aligncenter wp-image-1941 \" src=\"http:\/\/1001voyagesgourmands.com\/wp-content\/uploads\/2015\/03\/DSC_1146-1024x682.jpg\" alt=\"\" width=\"993\" height=\"662\" srcset=\"https:\/\/1001voyagesgourmands.com\/wp-content\/uploads\/2015\/03\/DSC_1146-1024x682.jpg 1024w, https:\/\/1001voyagesgourmands.com\/wp-content\/uploads\/2015\/03\/DSC_1146-300x200.jpg 300w, https:\/\/1001voyagesgourmands.com\/wp-content\/uploads\/2015\/03\/DSC_1146-768x512.jpg 768w, https:\/\/1001voyagesgourmands.com\/wp-content\/uploads\/2015\/03\/DSC_1146-1170x779.jpg 1170w, https:\/\/1001voyagesgourmands.com\/wp-content\/uploads\/2015\/03\/DSC_1146-1920x1279.jpg 1920w, https:\/\/1001voyagesgourmands.com\/wp-content\/uploads\/2015\/03\/DSC_1146-585x390.jpg 585w, https:\/\/1001voyagesgourmands.com\/wp-content\/uploads\/2015\/03\/DSC_1146-263x175.jpg 263w\" sizes=\"auto, (max-width: 993px) 100vw, 993px\" \/><\/p>\n<p style=\"text-align: justify;\"><img loading=\"lazy\" decoding=\"async\" class=\"aligncenter  wp-image-1943\" src=\"http:\/\/1001voyagesgourmands.com\/wp-content\/uploads\/2015\/03\/DSC_1153-711x1024.jpg\" alt=\"\" width=\"971\" height=\"1398\" srcset=\"https:\/\/1001voyagesgourmands.com\/wp-content\/uploads\/2015\/03\/DSC_1153-711x1024.jpg 711w, https:\/\/1001voyagesgourmands.com\/wp-content\/uploads\/2015\/03\/DSC_1153-208x300.jpg 208w, https:\/\/1001voyagesgourmands.com\/wp-content\/uploads\/2015\/03\/DSC_1153-768x1106.jpg 768w, https:\/\/1001voyagesgourmands.com\/wp-content\/uploads\/2015\/03\/DSC_1153-1170x1684.jpg 1170w, https:\/\/1001voyagesgourmands.com\/wp-content\/uploads\/2015\/03\/DSC_1153-1920x2764.jpg 1920w, https:\/\/1001voyagesgourmands.com\/wp-content\/uploads\/2015\/03\/DSC_1153-585x842.jpg 585w\" sizes=\"auto, (max-width: 971px) 100vw, 971px\" \/><\/p>\n<p style=\"text-align: justify;\">&nbsp;<\/p>\n<p style=\"text-align: justify;\">Po tom v\u00edkendu jsem se asi stala romanti\u010dkou\u2026 to m\u011bsto prost\u011b miluji (p\u0159ejde m\u011b to jen na 5 minut p\u0159i pr\u016fjezdu n\u011bjakou odpadlickou soci\u00e1ln\u00ed \u010dtvrt\u00ed), ale jinak v\u017edy, kdy\u017e se vr\u00e1t\u00edm, m\u00e1m touhu se tam p\u0159est\u011bhovat. No, uvid\u00edme, co \u017eivot je\u0161t\u011b nab\u00eddne.<\/p>\n<p style=\"text-align: justify;\">A co vy, jak\u00e9 m\u011bsto jste na Valent\u00fdna nav\u0161t\u00edvili a jak\u00e9 byly dojmy?<\/p>\n","protected":false},"excerpt":{"rendered":"<p>Ok, docela k\u00fd\u010d, jet na americk\u00fd komer\u010dn\u00ed sv\u00e1tek Sv. Valent\u00fdna do jednoho z nejromanti\u010dt\u011bj\u0161\u00edch m\u011bst na sv\u011bt\u011b\u2026 pomyslela jsem si, kdy\u017e mi p\u0159\u00edtel ozn\u00e1mil p\u00e1r dn\u00ed p\u0159edem, a\u0165 si na v\u00edkend nic nechyst\u00e1m, \u017ee jedeme na v\u00edkend do Pa\u0159\u00ed\u017ee\u2026 a nav\u00edc \u00fanor, kdy mrzne a chodit venku v zim\u011b nen\u00ed&hellip;<\/p>\n","protected":false},"author":1,"featured_media":1927,"comment_status":"open","ping_status":"open","sticky":false,"template":"","format":"standard","meta":{"_exactmetrics_skip_tracking":false,"_exactmetrics_sitenote_active":false,"_exactmetrics_sitenote_note":"","_exactmetrics_sitenote_category":0,"_lmt_disableupdate":"","_lmt_disable":"","footnotes":""},"categories":[4,7],"tags":[40,257,328,368],"class_list":["post-161","post","type-post","status-publish","format-standard","has-post-thumbnail","hentry","category-cestovani","category-francie","tag-francie","tag-vikendove-vylety","tag-vylety-do-mesta","tag-vylety-z-bruselu"],"yoast_head":"<!-- This site is optimized with the Yoast SEO plugin v26.1.1 - https:\/\/yoast.com\/wordpress\/plugins\/seo\/ -->\n<title>Valent\u00fdnsk\u00e1 Pa\u0159\u00ed\u017e - 1001 Voyages Gourmands<\/title>\n<meta name=\"robots\" content=\"index, follow, max-snippet:-1, max-image-preview:large, max-video-preview:-1\" \/>\n<link rel=\"canonical\" href=\"https:\/\/1001voyagesgourmands.com\/cs\/valentynska-pariz\/\" \/>\n<meta property=\"og:locale\" content=\"cs_CZ\" \/>\n<meta property=\"og:type\" content=\"article\" \/>\n<meta property=\"og:title\" content=\"Valent\u00fdnsk\u00e1 Pa\u0159\u00ed\u017e - 1001 Voyages Gourmands\" \/>\n<meta property=\"og:description\" content=\"Ok, docela k\u00fd\u010d, jet na americk\u00fd komer\u010dn\u00ed sv\u00e1tek Sv. Valent\u00fdna do jednoho z nejromanti\u010dt\u011bj\u0161\u00edch m\u011bst na sv\u011bt\u011b\u2026 pomyslela jsem si, kdy\u017e mi p\u0159\u00edtel ozn\u00e1mil p\u00e1r dn\u00ed p\u0159edem, a\u0165 si na v\u00edkend nic nechyst\u00e1m, \u017ee jedeme na v\u00edkend do Pa\u0159\u00ed\u017ee\u2026 a nav\u00edc \u00fanor, kdy mrzne a chodit venku v zim\u011b nen\u00ed&hellip;\" \/>\n<meta property=\"og:url\" content=\"https:\/\/1001voyagesgourmands.com\/cs\/valentynska-pariz\/\" \/>\n<meta property=\"og:site_name\" content=\"1001 Voyages Gourmands\" \/>\n<meta property=\"article:publisher\" content=\"https:\/\/www.facebook.com\/1001voyagesgourmands\" \/>\n<meta property=\"article:published_time\" content=\"2015-03-06T21:25:53+00:00\" \/>\n<meta property=\"article:modified_time\" content=\"2016-04-26T21:20:59+00:00\" \/>\n<meta property=\"og:image\" content=\"https:\/\/1001voyagesgourmands.com\/wp-content\/uploads\/2015\/03\/blog13.jpg\" \/>\n\t<meta property=\"og:image:width\" content=\"1500\" \/>\n\t<meta property=\"og:image:height\" content=\"1002\" \/>\n\t<meta property=\"og:image:type\" content=\"image\/jpeg\" \/>\n<meta name=\"author\" content=\"Michaela\" \/>\n<meta name=\"twitter:card\" content=\"summary_large_image\" \/>\n<meta name=\"twitter:creator\" content=\"@michaela_1001vg\" \/>\n<meta name=\"twitter:site\" content=\"@michaela_1001vg\" \/>\n<meta name=\"twitter:label1\" content=\"Napsal(a)\" \/>\n\t<meta name=\"twitter:data1\" content=\"Michaela\" \/>\n\t<meta name=\"twitter:label2\" content=\"Odhadovan\u00e1 doba \u010dten\u00ed\" \/>\n\t<meta name=\"twitter:data2\" content=\"5 minut\" \/>\n<script type=\"application\/ld+json\" class=\"yoast-schema-graph\">{\"@context\":\"https:\/\/schema.org\",\"@graph\":[{\"@type\":\"WebPage\",\"@id\":\"https:\/\/1001voyagesgourmands.com\/cs\/valentynska-pariz\/\",\"url\":\"https:\/\/1001voyagesgourmands.com\/cs\/valentynska-pariz\/\",\"name\":\"Valent\u00fdnsk\u00e1 Pa\u0159\u00ed\u017e - 1001 Voyages Gourmands\",\"isPartOf\":{\"@id\":\"https:\/\/1001voyagesgourmands.com\/cs\/#website\"},\"primaryImageOfPage\":{\"@id\":\"https:\/\/1001voyagesgourmands.com\/cs\/valentynska-pariz\/#primaryimage\"},\"image\":{\"@id\":\"https:\/\/1001voyagesgourmands.com\/cs\/valentynska-pariz\/#primaryimage\"},\"thumbnailUrl\":\"https:\/\/1001voyagesgourmands.com\/wp-content\/uploads\/2015\/03\/blog13.jpg\",\"datePublished\":\"2015-03-06T21:25:53+00:00\",\"dateModified\":\"2016-04-26T21:20:59+00:00\",\"author\":{\"@id\":\"https:\/\/1001voyagesgourmands.com\/cs\/#\/schema\/person\/62e0e7238fcf7482b23bf83e1b72ff1b\"},\"breadcrumb\":{\"@id\":\"https:\/\/1001voyagesgourmands.com\/cs\/valentynska-pariz\/#breadcrumb\"},\"inLanguage\":\"cs\",\"potentialAction\":[{\"@type\":\"ReadAction\",\"target\":[\"https:\/\/1001voyagesgourmands.com\/cs\/valentynska-pariz\/\"]}]},{\"@type\":\"ImageObject\",\"inLanguage\":\"cs\",\"@id\":\"https:\/\/1001voyagesgourmands.com\/cs\/valentynska-pariz\/#primaryimage\",\"url\":\"https:\/\/1001voyagesgourmands.com\/wp-content\/uploads\/2015\/03\/blog13.jpg\",\"contentUrl\":\"https:\/\/1001voyagesgourmands.com\/wp-content\/uploads\/2015\/03\/blog13.jpg\",\"width\":1500,\"height\":1002},{\"@type\":\"BreadcrumbList\",\"@id\":\"https:\/\/1001voyagesgourmands.com\/cs\/valentynska-pariz\/#breadcrumb\",\"itemListElement\":[{\"@type\":\"ListItem\",\"position\":1,\"name\":\"Dom\u016f\",\"item\":\"https:\/\/1001voyagesgourmands.com\/cs\/\"},{\"@type\":\"ListItem\",\"position\":2,\"name\":\"Valent\u00fdnsk\u00e1 Pa\u0159\u00ed\u017e\"}]},{\"@type\":\"WebSite\",\"@id\":\"https:\/\/1001voyagesgourmands.com\/cs\/#website\",\"url\":\"https:\/\/1001voyagesgourmands.com\/cs\/\",\"name\":\"1001 Voyages Gourmands\",\"description\":\"Food | Travel | Photography\",\"potentialAction\":[{\"@type\":\"SearchAction\",\"target\":{\"@type\":\"EntryPoint\",\"urlTemplate\":\"https:\/\/1001voyagesgourmands.com\/cs\/?s={search_term_string}\"},\"query-input\":{\"@type\":\"PropertyValueSpecification\",\"valueRequired\":true,\"valueName\":\"search_term_string\"}}],\"inLanguage\":\"cs\"},{\"@type\":\"Person\",\"@id\":\"https:\/\/1001voyagesgourmands.com\/cs\/#\/schema\/person\/62e0e7238fcf7482b23bf83e1b72ff1b\",\"name\":\"Michaela\",\"image\":{\"@type\":\"ImageObject\",\"inLanguage\":\"cs\",\"@id\":\"https:\/\/1001voyagesgourmands.com\/cs\/#\/schema\/person\/image\/\",\"url\":\"https:\/\/secure.gravatar.com\/avatar\/73fa562a5b0ce269ca480f67de504b8ecac054a121d170e226f1b79e02024cb8?s=96&d=mm&r=g\",\"contentUrl\":\"https:\/\/secure.gravatar.com\/avatar\/73fa562a5b0ce269ca480f67de504b8ecac054a121d170e226f1b79e02024cb8?s=96&d=mm&r=g\",\"caption\":\"Michaela\"},\"sameAs\":[\"http:\/\/1001voyagesgourmands.com\"]}]}<\/script>\n<!-- \/ Yoast SEO plugin. -->","yoast_head_json":{"title":"Valent\u00fdnsk\u00e1 Pa\u0159\u00ed\u017e - 1001 Voyages Gourmands","robots":{"index":"index","follow":"follow","max-snippet":"max-snippet:-1","max-image-preview":"max-image-preview:large","max-video-preview":"max-video-preview:-1"},"canonical":"https:\/\/1001voyagesgourmands.com\/cs\/valentynska-pariz\/","og_locale":"cs_CZ","og_type":"article","og_title":"Valent\u00fdnsk\u00e1 Pa\u0159\u00ed\u017e - 1001 Voyages Gourmands","og_description":"Ok, docela k\u00fd\u010d, jet na americk\u00fd komer\u010dn\u00ed sv\u00e1tek Sv. Valent\u00fdna do jednoho z nejromanti\u010dt\u011bj\u0161\u00edch m\u011bst na sv\u011bt\u011b\u2026 pomyslela jsem si, kdy\u017e mi p\u0159\u00edtel ozn\u00e1mil p\u00e1r dn\u00ed p\u0159edem, a\u0165 si na v\u00edkend nic nechyst\u00e1m, \u017ee jedeme na v\u00edkend do Pa\u0159\u00ed\u017ee\u2026 a nav\u00edc \u00fanor, kdy mrzne a chodit venku v zim\u011b nen\u00ed&hellip;","og_url":"https:\/\/1001voyagesgourmands.com\/cs\/valentynska-pariz\/","og_site_name":"1001 Voyages Gourmands","article_publisher":"https:\/\/www.facebook.com\/1001voyagesgourmands","article_published_time":"2015-03-06T21:25:53+00:00","article_modified_time":"2016-04-26T21:20:59+00:00","og_image":[{"width":1500,"height":1002,"url":"https:\/\/1001voyagesgourmands.com\/wp-content\/uploads\/2015\/03\/blog13.jpg","type":"image\/jpeg"}],"author":"Michaela","twitter_card":"summary_large_image","twitter_creator":"@michaela_1001vg","twitter_site":"@michaela_1001vg","twitter_misc":{"Napsal(a)":"Michaela","Odhadovan\u00e1 doba \u010dten\u00ed":"5 minut"},"schema":{"@context":"https:\/\/schema.org","@graph":[{"@type":"WebPage","@id":"https:\/\/1001voyagesgourmands.com\/cs\/valentynska-pariz\/","url":"https:\/\/1001voyagesgourmands.com\/cs\/valentynska-pariz\/","name":"Valent\u00fdnsk\u00e1 Pa\u0159\u00ed\u017e - 1001 Voyages Gourmands","isPartOf":{"@id":"https:\/\/1001voyagesgourmands.com\/cs\/#website"},"primaryImageOfPage":{"@id":"https:\/\/1001voyagesgourmands.com\/cs\/valentynska-pariz\/#primaryimage"},"image":{"@id":"https:\/\/1001voyagesgourmands.com\/cs\/valentynska-pariz\/#primaryimage"},"thumbnailUrl":"https:\/\/1001voyagesgourmands.com\/wp-content\/uploads\/2015\/03\/blog13.jpg","datePublished":"2015-03-06T21:25:53+00:00","dateModified":"2016-04-26T21:20:59+00:00","author":{"@id":"https:\/\/1001voyagesgourmands.com\/cs\/#\/schema\/person\/62e0e7238fcf7482b23bf83e1b72ff1b"},"breadcrumb":{"@id":"https:\/\/1001voyagesgourmands.com\/cs\/valentynska-pariz\/#breadcrumb"},"inLanguage":"cs","potentialAction":[{"@type":"ReadAction","target":["https:\/\/1001voyagesgourmands.com\/cs\/valentynska-pariz\/"]}]},{"@type":"ImageObject","inLanguage":"cs","@id":"https:\/\/1001voyagesgourmands.com\/cs\/valentynska-pariz\/#primaryimage","url":"https:\/\/1001voyagesgourmands.com\/wp-content\/uploads\/2015\/03\/blog13.jpg","contentUrl":"https:\/\/1001voyagesgourmands.com\/wp-content\/uploads\/2015\/03\/blog13.jpg","width":1500,"height":1002},{"@type":"BreadcrumbList","@id":"https:\/\/1001voyagesgourmands.com\/cs\/valentynska-pariz\/#breadcrumb","itemListElement":[{"@type":"ListItem","position":1,"name":"Dom\u016f","item":"https:\/\/1001voyagesgourmands.com\/cs\/"},{"@type":"ListItem","position":2,"name":"Valent\u00fdnsk\u00e1 Pa\u0159\u00ed\u017e"}]},{"@type":"WebSite","@id":"https:\/\/1001voyagesgourmands.com\/cs\/#website","url":"https:\/\/1001voyagesgourmands.com\/cs\/","name":"1001 Voyages Gourmands","description":"Food | Travel | Photography","potentialAction":[{"@type":"SearchAction","target":{"@type":"EntryPoint","urlTemplate":"https:\/\/1001voyagesgourmands.com\/cs\/?s={search_term_string}"},"query-input":{"@type":"PropertyValueSpecification","valueRequired":true,"valueName":"search_term_string"}}],"inLanguage":"cs"},{"@type":"Person","@id":"https:\/\/1001voyagesgourmands.com\/cs\/#\/schema\/person\/62e0e7238fcf7482b23bf83e1b72ff1b","name":"Michaela","image":{"@type":"ImageObject","inLanguage":"cs","@id":"https:\/\/1001voyagesgourmands.com\/cs\/#\/schema\/person\/image\/","url":"https:\/\/secure.gravatar.com\/avatar\/73fa562a5b0ce269ca480f67de504b8ecac054a121d170e226f1b79e02024cb8?s=96&d=mm&r=g","contentUrl":"https:\/\/secure.gravatar.com\/avatar\/73fa562a5b0ce269ca480f67de504b8ecac054a121d170e226f1b79e02024cb8?s=96&d=mm&r=g","caption":"Michaela"},"sameAs":["http:\/\/1001voyagesgourmands.com"]}]}},"_links":{"self":[{"href":"https:\/\/1001voyagesgourmands.com\/cs\/wp-json\/wp\/v2\/posts\/161","targetHints":{"allow":["GET"]}}],"collection":[{"href":"https:\/\/1001voyagesgourmands.com\/cs\/wp-json\/wp\/v2\/posts"}],"about":[{"href":"https:\/\/1001voyagesgourmands.com\/cs\/wp-json\/wp\/v2\/types\/post"}],"author":[{"embeddable":true,"href":"https:\/\/1001voyagesgourmands.com\/cs\/wp-json\/wp\/v2\/users\/1"}],"replies":[{"embeddable":true,"href":"https:\/\/1001voyagesgourmands.com\/cs\/wp-json\/wp\/v2\/comments?post=161"}],"version-history":[{"count":0,"href":"https:\/\/1001voyagesgourmands.com\/cs\/wp-json\/wp\/v2\/posts\/161\/revisions"}],"wp:featuredmedia":[{"embeddable":true,"href":"https:\/\/1001voyagesgourmands.com\/cs\/wp-json\/wp\/v2\/media\/1927"}],"wp:attachment":[{"href":"https:\/\/1001voyagesgourmands.com\/cs\/wp-json\/wp\/v2\/media?parent=161"}],"wp:term":[{"taxonomy":"category","embeddable":true,"href":"https:\/\/1001voyagesgourmands.com\/cs\/wp-json\/wp\/v2\/categories?post=161"},{"taxonomy":"post_tag","embeddable":true,"href":"https:\/\/1001voyagesgourmands.com\/cs\/wp-json\/wp\/v2\/tags?post=161"}],"curies":[{"name":"wp","href":"https:\/\/api.w.org\/{rel}","templated":true}]}}