{"id":15908,"date":"2017-03-27T08:00:38","date_gmt":"2017-03-27T06:00:38","guid":{"rendered":"http:\/\/1001voyagesgourmands.com\/?p=15908\/"},"modified":"2017-06-10T21:12:53","modified_gmt":"2017-06-10T19:12:53","slug":"alfama-foto-brouzdani-starym-lisabonem","status":"publish","type":"post","link":"https:\/\/1001voyagesgourmands.com\/cs\/alfama-foto-brouzdani-starym-lisabonem\/","title":{"rendered":"Rann\u00ed Alfama aneb foto-brouzd\u00e1n\u00ed star\u00fdm Lisabonem"},"content":{"rendered":"<p style=\"text-align: justify;\">Jedna z nejlep\u0161\u00edch zku\u0161enost\u00ed, kterou jsem v Lisabonu m\u011bla, bylo brouzd\u00e1n\u00ed se Alfamou s profesion\u00e1ln\u00edm foto-pr\u016fvodcem Miguelem z <a href=\"http:\/\/www.lisbonphoto.com\/\"><strong>Lisbon Photo<\/strong><\/a>. Potkali jsme se brzy r\u00e1no dole u \u0159eky, odkud jsme se vydali na 4-hodinovou kulturn\u011b-fotografickou proch\u00e1zku. Miguel jako\u017eto m\u00edstn\u00ed a profesion\u00e1ln\u00ed fotograf zn\u00e1 Lisabon a jeho kr\u00e1sn\u00e1 z\u00e1kout\u00ed velice dob\u0159e, a tak jsem se s n\u00edm dostala na m\u00edsta, kter\u00e1 bych asi nikdy za svou kr\u00e1tkou dobu pobytu neobjevila.<\/p>\n<p style=\"text-align: justify;\">Vydali jsme se p\u0159es Baixu sm\u011brem ke katedr\u00e1le, odkud jsme pokra\u010dovali k p\u0159en\u00e1dhern\u00fdm vyhl\u00eddk\u00e1m a d\u00e1le pak dol\u016f do Alfamy. Cestou mi Miguel krom\u011b tip\u016f t\u00fdkaj\u00edc\u00edch se tajn\u00fdch z\u00e1kout\u00ed, m\u00edst k pov\u0161imnut\u00ed a \u00fahl\u016f pohledu, vypr\u00e1v\u011bl historky o m\u011bst\u011b a m\u00edstn\u00ed kultu\u0159e, ale tak\u00e9 o ka\u017edodenn\u00edm \u017eivot\u011b v t\u00e9to \u010d\u00e1sti m\u011bsta. Jeho nad\u0161en\u00ed pro svou pr\u00e1ci a m\u00edsto, kde \u017eije, bylo a\u017e nebezpe\u010dn\u011b naka\u017eliv\u00e9. A tady je v\u00fdsledek na\u0161\u00ed pr\u00e1ce a n\u011bco m\u00e1lo o Alfam\u011b\u2026<\/p>\n<p style=\"text-align: justify;\"><img loading=\"lazy\" decoding=\"async\" class=\"aligncenter wp-image-15919 size-large\" src=\"http:\/\/1001voyagesgourmands.com\/wp-content\/uploads\/2017\/03\/Alfama-10-768x1024.jpg\" alt=\"Alfama je sple\u0165 \u00fazk\u00fdch uli\u010dek a star\u00fdch dom\u016f, kde lid\u00e9 dodnes \u017eij\u00ed tradi\u010dn\u00edm zp\u016fsobem. Vydejte se se mnou na rann\u00ed proch\u00e1zku po nejstar\u0161\u00ed \u010d\u00e1sti Lisabonu.\" width=\"768\" height=\"1024\" srcset=\"https:\/\/1001voyagesgourmands.com\/wp-content\/uploads\/2017\/03\/Alfama-10-768x1024.jpg 768w, https:\/\/1001voyagesgourmands.com\/wp-content\/uploads\/2017\/03\/Alfama-10-225x300.jpg 225w, https:\/\/1001voyagesgourmands.com\/wp-content\/uploads\/2017\/03\/Alfama-10-1170x1560.jpg 1170w, https:\/\/1001voyagesgourmands.com\/wp-content\/uploads\/2017\/03\/Alfama-10-585x780.jpg 585w, https:\/\/1001voyagesgourmands.com\/wp-content\/uploads\/2017\/03\/Alfama-10.jpg 1600w\" sizes=\"auto, (max-width: 768px) 100vw, 768px\" \/><\/p>\n<p style=\"text-align: justify;\">Lisabonsk\u00e1 katedr\u00e1la&nbsp;(na dolej\u0161\u00ed fotce) je nejstar\u0161\u00ed c\u00edrkevn\u00ed budovou v Lisabonu. Byla postavena prvn\u00edm portugalsk\u00fdm kr\u00e1lem na z\u00e1kladech b\u00fdval\u00e9 me\u0161ity ve 12. stolet\u00ed.<strong>&nbsp;<\/strong>Pat\u0159\u00ed k nejd\u016fle\u017eit\u011bj\u0161\u00edm pam\u00e1tk\u00e1m jak Alfamy, tak Lisabonu.<\/p>\n<p style=\"text-align: justify;\"><img loading=\"lazy\" decoding=\"async\" class=\"aligncenter wp-image-15959\" src=\"http:\/\/1001voyagesgourmands.com\/wp-content\/uploads\/2017\/03\/Alfama-49-683x1024.jpg\" alt=\"Alfama je sple\u0165 \u00fazk\u00fdch uli\u010dek a star\u00fdch dom\u016f, kde lid\u00e9 dodnes \u017eij\u00ed tradi\u010dn\u00edm zp\u016fsobem. Vydejte se se mnou na rann\u00ed proch\u00e1zku po nejstar\u0161\u00ed \u010d\u00e1sti Lisabonu.\" width=\"794\" height=\"1190\" srcset=\"https:\/\/1001voyagesgourmands.com\/wp-content\/uploads\/2017\/03\/Alfama-49-683x1024.jpg 683w, https:\/\/1001voyagesgourmands.com\/wp-content\/uploads\/2017\/03\/Alfama-49-200x300.jpg 200w, https:\/\/1001voyagesgourmands.com\/wp-content\/uploads\/2017\/03\/Alfama-49-768x1152.jpg 768w, https:\/\/1001voyagesgourmands.com\/wp-content\/uploads\/2017\/03\/Alfama-49-1170x1755.jpg 1170w, https:\/\/1001voyagesgourmands.com\/wp-content\/uploads\/2017\/03\/Alfama-49-585x878.jpg 585w, https:\/\/1001voyagesgourmands.com\/wp-content\/uploads\/2017\/03\/Alfama-49.jpg 1600w\" sizes=\"auto, (max-width: 794px) 100vw, 794px\" \/><\/p>\n<p style=\"text-align: justify;\">Najdete tu tak\u00e9 t\u0159eba vyhl\u00eddku <strong>Miradouro de Santa Luzia<\/strong>, odkud se nask\u00fdt\u00e1 kr\u00e1sn\u00fd pohled na Alfamu a kde kr\u00e1sn\u00e1 b\u00edl\u00e1 kupole <strong>Pantheonu<\/strong>&nbsp;lad\u00ed s pastelov\u00fdmi fas\u00e1dami dom\u016f. R\u00e1no je tu kr\u00e1sn\u00fd klid a celkem pr\u00e1zdno, nicm\u00e9n\u011b pro hezk\u00e9 fotky je lep\u0161\u00ed se zde stavit v pozdn\u00edm odpoledni &#8211; i kdy\u017e to u\u017e tu naraz\u00edte na davy lid\u00ed. Z pozdn\u00edho odpoledne je tak\u00e9 dolej\u0161\u00ed fotka.<\/p>\n<p style=\"text-align: justify;\"><img loading=\"lazy\" decoding=\"async\" class=\"aligncenter wp-image-15957\" src=\"http:\/\/1001voyagesgourmands.com\/wp-content\/uploads\/2017\/03\/Alfama-47-683x1024.jpg\" alt=\"Alfama je sple\u0165 \u00fazk\u00fdch uli\u010dek a star\u00fdch dom\u016f, kde lid\u00e9 dodnes \u017eij\u00ed tradi\u010dn\u00edm zp\u016fsobem. Vydejte se se mnou na rann\u00ed proch\u00e1zku po nejstar\u0161\u00ed \u010d\u00e1sti Lisabonu. \" width=\"779\" height=\"1168\" srcset=\"https:\/\/1001voyagesgourmands.com\/wp-content\/uploads\/2017\/03\/Alfama-47-683x1024.jpg 683w, https:\/\/1001voyagesgourmands.com\/wp-content\/uploads\/2017\/03\/Alfama-47-200x300.jpg 200w, https:\/\/1001voyagesgourmands.com\/wp-content\/uploads\/2017\/03\/Alfama-47-768x1152.jpg 768w, https:\/\/1001voyagesgourmands.com\/wp-content\/uploads\/2017\/03\/Alfama-47-1170x1755.jpg 1170w, https:\/\/1001voyagesgourmands.com\/wp-content\/uploads\/2017\/03\/Alfama-47-585x878.jpg 585w, https:\/\/1001voyagesgourmands.com\/wp-content\/uploads\/2017\/03\/Alfama-47.jpg 1600w\" sizes=\"auto, (max-width: 779px) 100vw, 779px\" \/><\/p>\n<p style=\"text-align: justify;\">Naproti vyhl\u00eddce je kr\u00e1sn\u00fd blok bar\u00e1k\u016f, kter\u00fd se zrcadlil v jez\u00edrku u vyhl\u00eddky. To se prost\u011b nedalo nevyfotit&#8230;<\/p>\n<p style=\"text-align: justify;\"><img loading=\"lazy\" decoding=\"async\" class=\"aligncenter wp-image-15920\" src=\"http:\/\/1001voyagesgourmands.com\/wp-content\/uploads\/2017\/03\/Alfama-11-683x1024.jpg\" alt=\"Alfama je sple\u0165 \u00fazk\u00fdch uli\u010dek a star\u00fdch dom\u016f, kde lid\u00e9 dodnes \u017eij\u00ed tradi\u010dn\u00edm zp\u016fsobem. Vydejte se se mnou na rann\u00ed proch\u00e1zku po nejstar\u0161\u00ed \u010d\u00e1sti Lisabonu.\" width=\"819\" height=\"1228\" srcset=\"https:\/\/1001voyagesgourmands.com\/wp-content\/uploads\/2017\/03\/Alfama-11-683x1024.jpg 683w, https:\/\/1001voyagesgourmands.com\/wp-content\/uploads\/2017\/03\/Alfama-11-200x300.jpg 200w, https:\/\/1001voyagesgourmands.com\/wp-content\/uploads\/2017\/03\/Alfama-11-768x1152.jpg 768w, https:\/\/1001voyagesgourmands.com\/wp-content\/uploads\/2017\/03\/Alfama-11-1170x1755.jpg 1170w, https:\/\/1001voyagesgourmands.com\/wp-content\/uploads\/2017\/03\/Alfama-11-585x878.jpg 585w, https:\/\/1001voyagesgourmands.com\/wp-content\/uploads\/2017\/03\/Alfama-11.jpg 1600w\" sizes=\"auto, (max-width: 819px) 100vw, 819px\" \/><\/p>\n<p style=\"text-align: justify;\">Celou cestu od La S\u00e9 a\u017e k vyhl\u00eddce <strong>Portas do Sol<\/strong> jsme se sna\u017eili vyfotit slavnou <strong>\u017elutou tramvaj 28<\/strong>, embl\u00e9m Lisabonu, co\u017e byl probl\u00e9m jednak proto, \u017ee hodn\u011b tramvaj\u00ed jezd\u00ed polepen\u00fdch reklamou, ale tak\u00e9 proto, \u017ee kolem p\u016fl dev\u00e1t\u00e9 ji\u017e rann\u00ed sv\u011btlo vrhalo ostr\u00e9 st\u00edny. Ale kdo si po\u010dk\u00e1, ten se do\u010dk\u00e1&#8230; \ud83d\ude42 Lisabon je tak\u00e9 pln\u00fd street art a na jedn\u00e9 zdi jsme na\u0161li mozaikov\u00fd portr\u00e9t <strong>Am\u00e1lie Rodrigues<\/strong> &#8211; slavn\u00e9 portgalsk\u00e9 fadistky. Pot\u00e9 jsme zahnuli dol\u016f z kopce, abychom se pono\u0159ili do t\u00e9 spleti klidn\u00fdch, uzounk\u00fdch a star\u00fdch uli\u010dek pozorovat zdej\u0161\u00ed \u017eivot.<\/p>\n<p style=\"text-align: justify;\"><img loading=\"lazy\" decoding=\"async\" class=\"aligncenter wp-image-15918\" src=\"http:\/\/1001voyagesgourmands.com\/wp-content\/uploads\/2017\/03\/Alfama-9-683x1024.jpg\" alt=\"Alfama je sple\u0165 \u00fazk\u00fdch uli\u010dek a star\u00fdch dom\u016f, kde lid\u00e9 dodnes \u017eij\u00ed tradi\u010dn\u00edm zp\u016fsobem. Vydejte se se mnou na rann\u00ed proch\u00e1zku po nejstar\u0161\u00ed \u010d\u00e1sti Lisabonu.\" width=\"848\" height=\"1271\" srcset=\"https:\/\/1001voyagesgourmands.com\/wp-content\/uploads\/2017\/03\/Alfama-9-683x1024.jpg 683w, https:\/\/1001voyagesgourmands.com\/wp-content\/uploads\/2017\/03\/Alfama-9-200x300.jpg 200w, https:\/\/1001voyagesgourmands.com\/wp-content\/uploads\/2017\/03\/Alfama-9-768x1152.jpg 768w, https:\/\/1001voyagesgourmands.com\/wp-content\/uploads\/2017\/03\/Alfama-9-1170x1755.jpg 1170w, https:\/\/1001voyagesgourmands.com\/wp-content\/uploads\/2017\/03\/Alfama-9-585x878.jpg 585w, https:\/\/1001voyagesgourmands.com\/wp-content\/uploads\/2017\/03\/Alfama-9.jpg 1600w\" sizes=\"auto, (max-width: 848px) 100vw, 848px\" \/><img loading=\"lazy\" decoding=\"async\" class=\"aligncenter wp-image-15952 size-large\" src=\"http:\/\/1001voyagesgourmands.com\/wp-content\/uploads\/2017\/03\/Alfama-4-1024x724.jpg\" alt=\"Alfama je sple\u0165 \u00fazk\u00fdch uli\u010dek a star\u00fdch dom\u016f, kde lid\u00e9 dodnes \u017eij\u00ed tradi\u010dn\u00edm zp\u016fsobem. Vydejte se se mnou na rann\u00ed proch\u00e1zku po nejstar\u0161\u00ed \u010d\u00e1sti Lisabonu.\" width=\"1024\" height=\"724\" srcset=\"https:\/\/1001voyagesgourmands.com\/wp-content\/uploads\/2017\/03\/Alfama-4-1024x724.jpg 1024w, https:\/\/1001voyagesgourmands.com\/wp-content\/uploads\/2017\/03\/Alfama-4-300x212.jpg 300w, https:\/\/1001voyagesgourmands.com\/wp-content\/uploads\/2017\/03\/Alfama-4-768x543.jpg 768w, https:\/\/1001voyagesgourmands.com\/wp-content\/uploads\/2017\/03\/Alfama-4-1170x827.jpg 1170w, https:\/\/1001voyagesgourmands.com\/wp-content\/uploads\/2017\/03\/Alfama-4-585x414.jpg 585w, https:\/\/1001voyagesgourmands.com\/wp-content\/uploads\/2017\/03\/Alfama-4.jpg 1600w\" sizes=\"auto, (max-width: 1024px) 100vw, 1024px\" \/> <img loading=\"lazy\" decoding=\"async\" class=\"aligncenter wp-image-15953 size-large\" src=\"http:\/\/1001voyagesgourmands.com\/wp-content\/uploads\/2017\/03\/Alfama-5-1024x724.jpg\" alt=\"Alfama je sple\u0165 \u00fazk\u00fdch uli\u010dek a star\u00fdch dom\u016f, kde lid\u00e9 dodnes \u017eij\u00ed tradi\u010dn\u00edm zp\u016fsobem. Vydejte se se mnou na rann\u00ed proch\u00e1zku po nejstar\u0161\u00ed \u010d\u00e1sti Lisabonu.\" width=\"1024\" height=\"724\" srcset=\"https:\/\/1001voyagesgourmands.com\/wp-content\/uploads\/2017\/03\/Alfama-5-1024x724.jpg 1024w, https:\/\/1001voyagesgourmands.com\/wp-content\/uploads\/2017\/03\/Alfama-5-300x212.jpg 300w, https:\/\/1001voyagesgourmands.com\/wp-content\/uploads\/2017\/03\/Alfama-5-768x543.jpg 768w, https:\/\/1001voyagesgourmands.com\/wp-content\/uploads\/2017\/03\/Alfama-5-1170x827.jpg 1170w, https:\/\/1001voyagesgourmands.com\/wp-content\/uploads\/2017\/03\/Alfama-5-585x414.jpg 585w, https:\/\/1001voyagesgourmands.com\/wp-content\/uploads\/2017\/03\/Alfama-5.jpg 1600w\" sizes=\"auto, (max-width: 1024px) 100vw, 1024px\" \/><img loading=\"lazy\" decoding=\"async\" class=\"aligncenter size-large wp-image-15921\" src=\"http:\/\/1001voyagesgourmands.com\/wp-content\/uploads\/2017\/03\/Alfama-12-1024x683.jpg\" alt=\"Vydejte se se mnou do spleti mal\u00fdch uli\u010dek nejstar\u0161\u00ed \u010d\u00e1sti Lisabonu zvan\u00e9 Alfama, je\u017e odolala zem\u011bt\u0159esen\u00ed v roce 1755 a zachovala si tak svou d\u0159\u00edv\u011bj\u0161\u00ed tv\u00e1\u0159.\" width=\"1024\" height=\"683\" srcset=\"https:\/\/1001voyagesgourmands.com\/wp-content\/uploads\/2017\/03\/Alfama-12-1024x683.jpg 1024w, https:\/\/1001voyagesgourmands.com\/wp-content\/uploads\/2017\/03\/Alfama-12-263x175.jpg 263w, https:\/\/1001voyagesgourmands.com\/wp-content\/uploads\/2017\/03\/Alfama-12-300x200.jpg 300w, https:\/\/1001voyagesgourmands.com\/wp-content\/uploads\/2017\/03\/Alfama-12-768x512.jpg 768w, https:\/\/1001voyagesgourmands.com\/wp-content\/uploads\/2017\/03\/Alfama-12-1170x780.jpg 1170w, https:\/\/1001voyagesgourmands.com\/wp-content\/uploads\/2017\/03\/Alfama-12-585x390.jpg 585w, https:\/\/1001voyagesgourmands.com\/wp-content\/uploads\/2017\/03\/Alfama-12.jpg 1600w\" sizes=\"auto, (max-width: 1024px) 100vw, 1024px\" \/><\/p>\n<p style=\"text-align: justify;\">Alfama je nejstar\u0161\u00ed \u010dtvrt Lisabonu. Je to sple\u0165 \u00fazk\u00fdch dl\u00e1\u017ed\u011bn\u00fdch uli\u010dek, je\u017e se t\u00e1hne od hradu Castelo de S\u00e3o Jorge a\u017e k \u0159ece Tejo. Mezi 8. a 12. stolet\u00edm tu s\u00eddlili Maurov\u00e9 a \u0161lo o chudinskou \u010dtvrt, kter\u00e1 se nach\u00e1zela za zd\u00ed m\u011bsta. Ti dali t\u00e9to \u010dtvrti nejen jm\u00e9no (jm\u00e9na Alfama poch\u00e1z\u00ed z Arab\u0161tiny &#8211; p\u016fvodn\u00ed jm\u00e9no bylo t\u00e9to \u010dtvrti bylo \u201c<em>Alhama\u201d,&nbsp;<\/em>co\u017e doslova znamen\u00e1 pramen, kter\u00fd byl zde objeven), ale i tvar a strukturu. Alfama jako jedna z m\u00e1la \u010d\u00e1st\u00ed Lisabonu odolala siln\u00e9mu zem\u011bt\u0159esen\u00ed v roce 1755, a tak si dodnes z \u010d\u00e1sti zachovala svoji tehdej\u0161\u00ed tv\u00e1\u0159.<\/p>\n<p style=\"text-align: justify;\">To, co je na Alfam\u011b nejhez\u010d\u00ed, je fakt, \u017ee je to m\u00edsto, kde se jakoby zastavil \u010das a kde lid\u00e9 st\u00e1le \u017eij\u00ed tradi\u010dn\u00edm zp\u016fsobem \u017eivota. N\u011bkte\u0159\u00ed tu \u017eij\u00ed dokonce cel\u00fd sv\u016fj \u017eivot, a tak se zde vytvo\u0159ilo jak\u00e9si spole\u010denstv\u00ed, lid\u00e9 se spolu na ulic\u00edch bav\u00ed, vysed\u00e1vaj\u00ed v otev\u0159en\u00fdch oknech, ru\u010dn\u011b perou pr\u00e1dlo ve spole\u010dn\u00fdch pr\u00e1deln\u00e1ch, jeliko\u017e i to je pro n\u011b zp\u016fsob socializace. No a pak tu v\u0161ude vis\u00ed su\u0161\u00edc\u00ed se oble\u010den\u00ed z oken a balkon\u016f. Miguel mi \u0159\u00edkal, \u017ee se mu tady i p\u00e1rkr\u00e1t stalo, \u017ee ho m\u00edstn\u00ed pozvali i s ostatn\u00edmi fotografy k nim dom\u016f na j\u00eddlo\u2026 tohle je prost\u011b Alfama. My jsme tu byli r\u00e1no, tak\u017ee n\u00e1s nikdo na j\u00eddlo nepozval, ale za to jsme se naba\u017eili pr\u00e1zdn\u00fdch uli\u010dek a fotek bez necht\u011bn\u00fdch chodc\u016f.<\/p>\n<p style=\"text-align: justify;\"><img loading=\"lazy\" decoding=\"async\" class=\"aligncenter wp-image-15923 size-large\" src=\"http:\/\/1001voyagesgourmands.com\/wp-content\/uploads\/2017\/03\/Alfama-19-1024x683.jpg\" alt=\"Alfama je sple\u0165 \u00fazk\u00fdch uli\u010dek a star\u00fdch dom\u016f, kde lid\u00e9 dodnes \u017eij\u00ed tradi\u010dn\u00edm zp\u016fsobem. Vydejte se se mnou na rann\u00ed proch\u00e1zku po nejstar\u0161\u00ed \u010d\u00e1sti Lisabonu.\" width=\"1024\" height=\"683\" srcset=\"https:\/\/1001voyagesgourmands.com\/wp-content\/uploads\/2017\/03\/Alfama-19-1024x683.jpg 1024w, https:\/\/1001voyagesgourmands.com\/wp-content\/uploads\/2017\/03\/Alfama-19-263x175.jpg 263w, https:\/\/1001voyagesgourmands.com\/wp-content\/uploads\/2017\/03\/Alfama-19-300x200.jpg 300w, https:\/\/1001voyagesgourmands.com\/wp-content\/uploads\/2017\/03\/Alfama-19-768x512.jpg 768w, https:\/\/1001voyagesgourmands.com\/wp-content\/uploads\/2017\/03\/Alfama-19-1170x780.jpg 1170w, https:\/\/1001voyagesgourmands.com\/wp-content\/uploads\/2017\/03\/Alfama-19-585x390.jpg 585w, https:\/\/1001voyagesgourmands.com\/wp-content\/uploads\/2017\/03\/Alfama-19.jpg 1600w\" sizes=\"auto, (max-width: 1024px) 100vw, 1024px\" \/> <img loading=\"lazy\" decoding=\"async\" class=\"aligncenter wp-image-15956 size-large\" src=\"http:\/\/1001voyagesgourmands.com\/wp-content\/uploads\/2017\/03\/Alfama-45-1024x724.jpg\" alt=\"Alfama je sple\u0165 \u00fazk\u00fdch uli\u010dek a star\u00fdch dom\u016f, kde lid\u00e9 dodnes \u017eij\u00ed tradi\u010dn\u00edm zp\u016fsobem. Vydejte se se mnou na rann\u00ed proch\u00e1zku po nejstar\u0161\u00ed \u010d\u00e1sti Lisabonu.\" width=\"1024\" height=\"724\" srcset=\"https:\/\/1001voyagesgourmands.com\/wp-content\/uploads\/2017\/03\/Alfama-45-1024x724.jpg 1024w, https:\/\/1001voyagesgourmands.com\/wp-content\/uploads\/2017\/03\/Alfama-45-300x212.jpg 300w, https:\/\/1001voyagesgourmands.com\/wp-content\/uploads\/2017\/03\/Alfama-45-768x543.jpg 768w, https:\/\/1001voyagesgourmands.com\/wp-content\/uploads\/2017\/03\/Alfama-45-1170x827.jpg 1170w, https:\/\/1001voyagesgourmands.com\/wp-content\/uploads\/2017\/03\/Alfama-45-585x414.jpg 585w, https:\/\/1001voyagesgourmands.com\/wp-content\/uploads\/2017\/03\/Alfama-45.jpg 1600w\" sizes=\"auto, (max-width: 1024px) 100vw, 1024px\" \/> <img loading=\"lazy\" decoding=\"async\" class=\"aligncenter wp-image-15925\" src=\"http:\/\/1001voyagesgourmands.com\/wp-content\/uploads\/2017\/03\/Alfama-22-683x1024.jpg\" alt=\"Alfama je sple\u0165 \u00fazk\u00fdch uli\u010dek a star\u00fdch dom\u016f, kde lid\u00e9 dodnes \u017eij\u00ed tradi\u010dn\u00edm zp\u016fsobem. Vydejte se se mnou na rann\u00ed proch\u00e1zku po nejstar\u0161\u00ed \u010d\u00e1sti Lisabonu.\" width=\"908\" height=\"1361\" srcset=\"https:\/\/1001voyagesgourmands.com\/wp-content\/uploads\/2017\/03\/Alfama-22-683x1024.jpg 683w, https:\/\/1001voyagesgourmands.com\/wp-content\/uploads\/2017\/03\/Alfama-22-200x300.jpg 200w, https:\/\/1001voyagesgourmands.com\/wp-content\/uploads\/2017\/03\/Alfama-22-768x1152.jpg 768w, https:\/\/1001voyagesgourmands.com\/wp-content\/uploads\/2017\/03\/Alfama-22-1170x1755.jpg 1170w, https:\/\/1001voyagesgourmands.com\/wp-content\/uploads\/2017\/03\/Alfama-22-585x878.jpg 585w, https:\/\/1001voyagesgourmands.com\/wp-content\/uploads\/2017\/03\/Alfama-22.jpg 1600w\" sizes=\"auto, (max-width: 908px) 100vw, 908px\" \/><img loading=\"lazy\" decoding=\"async\" class=\"aligncenter wp-image-15955 size-large\" src=\"http:\/\/1001voyagesgourmands.com\/wp-content\/uploads\/2017\/03\/Alfama-7-1024x724.jpg\" alt=\"Alfama je sple\u0165 \u00fazk\u00fdch uli\u010dek a star\u00fdch dom\u016f, kde lid\u00e9 dodnes \u017eij\u00ed tradi\u010dn\u00edm zp\u016fsobem. Vydejte se se mnou na rann\u00ed proch\u00e1zku po nejstar\u0161\u00ed \u010d\u00e1sti Lisabonu.\" width=\"1024\" height=\"724\" srcset=\"https:\/\/1001voyagesgourmands.com\/wp-content\/uploads\/2017\/03\/Alfama-7-1024x724.jpg 1024w, https:\/\/1001voyagesgourmands.com\/wp-content\/uploads\/2017\/03\/Alfama-7-300x212.jpg 300w, https:\/\/1001voyagesgourmands.com\/wp-content\/uploads\/2017\/03\/Alfama-7-768x543.jpg 768w, https:\/\/1001voyagesgourmands.com\/wp-content\/uploads\/2017\/03\/Alfama-7-1170x827.jpg 1170w, https:\/\/1001voyagesgourmands.com\/wp-content\/uploads\/2017\/03\/Alfama-7-585x414.jpg 585w, https:\/\/1001voyagesgourmands.com\/wp-content\/uploads\/2017\/03\/Alfama-7.jpg 1600w\" sizes=\"auto, (max-width: 1024px) 100vw, 1024px\" \/><img loading=\"lazy\" decoding=\"async\" class=\"aligncenter wp-image-15954 size-large\" src=\"http:\/\/1001voyagesgourmands.com\/wp-content\/uploads\/2017\/03\/Alfama-6-1024x724.jpg\" alt=\"Vydejte se se mnou do spleti mal\u00fdch uli\u010dek nejstar\u0161\u00ed \u010d\u00e1sti Lisabonu zvan\u00e9 Alfama, je\u017e odolala zem\u011bt\u0159esen\u00ed v roce 1755 a zachovala si tak svou d\u0159\u00edv\u011bj\u0161\u00ed tv\u00e1\u0159.\" width=\"1024\" height=\"724\" srcset=\"https:\/\/1001voyagesgourmands.com\/wp-content\/uploads\/2017\/03\/Alfama-6-1024x724.jpg 1024w, https:\/\/1001voyagesgourmands.com\/wp-content\/uploads\/2017\/03\/Alfama-6-300x212.jpg 300w, https:\/\/1001voyagesgourmands.com\/wp-content\/uploads\/2017\/03\/Alfama-6-768x543.jpg 768w, https:\/\/1001voyagesgourmands.com\/wp-content\/uploads\/2017\/03\/Alfama-6-1170x827.jpg 1170w, https:\/\/1001voyagesgourmands.com\/wp-content\/uploads\/2017\/03\/Alfama-6-585x414.jpg 585w, https:\/\/1001voyagesgourmands.com\/wp-content\/uploads\/2017\/03\/Alfama-6.jpg 1600w\" sizes=\"auto, (max-width: 1024px) 100vw, 1024px\" \/><\/p>\n<p style=\"text-align: justify;\">Uzounk\u00e9 dl\u00e1\u017ed\u011bn\u00e9 uli\u010dky, schody nahor\u016f a dol\u016f, lampi\u010dky, pastelov\u011b barevn\u00e9 fas\u00e1dy zdej\u0161\u00edch domk\u016f, stromy, schnouc\u00ed pr\u00e1dlo vis\u00edc\u00ed z oken a balkon\u016f, sem tam n\u011bjak\u00e1 &#8222;keli\u0161ov\u00e1&#8220;&#8230; To je Alfama v pln\u00e9 sv\u00e9 kr\u00e1se.&nbsp;<\/p>\n<p style=\"text-align: justify;\"><img loading=\"lazy\" decoding=\"async\" class=\"aligncenter wp-image-15926\" src=\"http:\/\/1001voyagesgourmands.com\/wp-content\/uploads\/2017\/03\/Alfama-25-683x1024.jpg\" alt=\"Alfama je sple\u0165 \u00fazk\u00fdch uli\u010dek a star\u00fdch dom\u016f, kde lid\u00e9 dodnes \u017eij\u00ed tradi\u010dn\u00edm zp\u016fsobem. Vydejte se se mnou na rann\u00ed proch\u00e1zku po nejstar\u0161\u00ed \u010d\u00e1sti Lisabonu.\" width=\"859\" height=\"1288\" srcset=\"https:\/\/1001voyagesgourmands.com\/wp-content\/uploads\/2017\/03\/Alfama-25-683x1024.jpg 683w, https:\/\/1001voyagesgourmands.com\/wp-content\/uploads\/2017\/03\/Alfama-25-200x300.jpg 200w, https:\/\/1001voyagesgourmands.com\/wp-content\/uploads\/2017\/03\/Alfama-25-768x1152.jpg 768w, https:\/\/1001voyagesgourmands.com\/wp-content\/uploads\/2017\/03\/Alfama-25-1170x1755.jpg 1170w, https:\/\/1001voyagesgourmands.com\/wp-content\/uploads\/2017\/03\/Alfama-25-585x878.jpg 585w, https:\/\/1001voyagesgourmands.com\/wp-content\/uploads\/2017\/03\/Alfama-25.jpg 1600w\" sizes=\"auto, (max-width: 859px) 100vw, 859px\" \/><img loading=\"lazy\" decoding=\"async\" class=\"aligncenter wp-image-15928 size-large\" src=\"http:\/\/1001voyagesgourmands.com\/wp-content\/uploads\/2017\/03\/Alfama-27-1024x683.jpg\" alt=\"Alfama je sple\u0165 \u00fazk\u00fdch uli\u010dek a star\u00fdch dom\u016f, kde lid\u00e9 dodnes \u017eij\u00ed tradi\u010dn\u00edm zp\u016fsobem. Vydejte se se mnou na rann\u00ed proch\u00e1zku po nejstar\u0161\u00ed \u010d\u00e1sti Lisabonu.\" width=\"1024\" height=\"683\" srcset=\"https:\/\/1001voyagesgourmands.com\/wp-content\/uploads\/2017\/03\/Alfama-27-1024x683.jpg 1024w, https:\/\/1001voyagesgourmands.com\/wp-content\/uploads\/2017\/03\/Alfama-27-263x175.jpg 263w, https:\/\/1001voyagesgourmands.com\/wp-content\/uploads\/2017\/03\/Alfama-27-300x200.jpg 300w, https:\/\/1001voyagesgourmands.com\/wp-content\/uploads\/2017\/03\/Alfama-27-768x512.jpg 768w, https:\/\/1001voyagesgourmands.com\/wp-content\/uploads\/2017\/03\/Alfama-27-1170x780.jpg 1170w, https:\/\/1001voyagesgourmands.com\/wp-content\/uploads\/2017\/03\/Alfama-27-585x390.jpg 585w, https:\/\/1001voyagesgourmands.com\/wp-content\/uploads\/2017\/03\/Alfama-27.jpg 1600w\" sizes=\"auto, (max-width: 1024px) 100vw, 1024px\" \/> <img loading=\"lazy\" decoding=\"async\" class=\"aligncenter wp-image-15927\" src=\"http:\/\/1001voyagesgourmands.com\/wp-content\/uploads\/2017\/03\/Alfama-26-683x1024.jpg\" alt=\"Alfama je sple\u0165 \u00fazk\u00fdch uli\u010dek a star\u00fdch dom\u016f, kde lid\u00e9 dodnes \u017eij\u00ed tradi\u010dn\u00edm zp\u016fsobem. Vydejte se se mnou na rann\u00ed proch\u00e1zku po nejstar\u0161\u00ed \u010d\u00e1sti Lisabonu.\" width=\"835\" height=\"1252\" srcset=\"https:\/\/1001voyagesgourmands.com\/wp-content\/uploads\/2017\/03\/Alfama-26-683x1024.jpg 683w, https:\/\/1001voyagesgourmands.com\/wp-content\/uploads\/2017\/03\/Alfama-26-200x300.jpg 200w, https:\/\/1001voyagesgourmands.com\/wp-content\/uploads\/2017\/03\/Alfama-26-768x1152.jpg 768w, https:\/\/1001voyagesgourmands.com\/wp-content\/uploads\/2017\/03\/Alfama-26-1170x1755.jpg 1170w, https:\/\/1001voyagesgourmands.com\/wp-content\/uploads\/2017\/03\/Alfama-26-585x878.jpg 585w, https:\/\/1001voyagesgourmands.com\/wp-content\/uploads\/2017\/03\/Alfama-26.jpg 1600w\" sizes=\"auto, (max-width: 835px) 100vw, 835px\" \/><\/p>\n<p style=\"text-align: justify;\">Na dolej\u0161\u00edm dome\u010dku si m\u016f\u017eeme pov\u0161imnout krabicov\u00fdch oken, kter\u00e9 mohou p\u0159ipom\u00ednat okna dom\u016f v severoafrick\u00fdch zem\u00edch. Nen\u00ed se \u010demu divit, jsou poz\u016fstatkem maursk\u00e9 architektury z d\u0159\u00edv\u011bj\u0161\u00ed doby. \u010cast\u00fdm prvkem je zde tak\u00e9 roz\u0161\u00ed\u0159en\u00ed budov prvn\u00edho patra, tak jak vid\u00edme na t\u00e9to fotce, a to proto, aby se zv\u011bt\u0161il prostor mal\u00fdch uli\u010dek.<\/p>\n<p style=\"text-align: justify;\"><img loading=\"lazy\" decoding=\"async\" class=\"aligncenter wp-image-15929\" src=\"http:\/\/1001voyagesgourmands.com\/wp-content\/uploads\/2017\/03\/Alfama-28-683x1024.jpg\" alt=\"Alfama je sple\u0165 \u00fazk\u00fdch uli\u010dek a star\u00fdch dom\u016f, kde lid\u00e9 dodnes \u017eij\u00ed tradi\u010dn\u00edm zp\u016fsobem. Vydejte se se mnou na rann\u00ed proch\u00e1zku po nejstar\u0161\u00ed \u010d\u00e1sti Lisabonu.\" width=\"802\" height=\"1202\" srcset=\"https:\/\/1001voyagesgourmands.com\/wp-content\/uploads\/2017\/03\/Alfama-28-683x1024.jpg 683w, https:\/\/1001voyagesgourmands.com\/wp-content\/uploads\/2017\/03\/Alfama-28-200x300.jpg 200w, https:\/\/1001voyagesgourmands.com\/wp-content\/uploads\/2017\/03\/Alfama-28-768x1152.jpg 768w, https:\/\/1001voyagesgourmands.com\/wp-content\/uploads\/2017\/03\/Alfama-28-1170x1755.jpg 1170w, https:\/\/1001voyagesgourmands.com\/wp-content\/uploads\/2017\/03\/Alfama-28-585x878.jpg 585w, https:\/\/1001voyagesgourmands.com\/wp-content\/uploads\/2017\/03\/Alfama-28.jpg 1600w\" sizes=\"auto, (max-width: 802px) 100vw, 802px\" \/><\/p>\n<p style=\"text-align: justify;\">Miluji, kdy\u017e zjist\u00edm, \u017ee je fotografie n\u011b\u010d\u00edm zaj\u00edmav\u00e1, a\u017e kdy\u017e ji vezmu. T\u0159eba tenhle p\u00e1r na dolej\u0161\u00ed fotografii mi tady prob\u011bhl, kdy\u017e jsem \u010dekala na&nbsp;to, a\u017e p\u016fjdou n\u011bjac\u00ed m\u00edstn\u00ed. Jen jsem zku\u0161ebn\u011b cvakla, a to, \u017ee m\u011bli oba slad\u011bn\u00e9 boty, jsem si v\u0161imla a\u017e p\u0159i prohl\u00ed\u017een\u00ed fotek na po\u010d\u00edta\u010di. \ud83d\ude42<\/p>\n<p><img loading=\"lazy\" decoding=\"async\" class=\"aligncenter wp-image-15931\" src=\"http:\/\/1001voyagesgourmands.com\/wp-content\/uploads\/2017\/03\/Alfama-30-683x1024.jpg\" alt=\"Alfama je sple\u0165 \u00fazk\u00fdch uli\u010dek a star\u00fdch dom\u016f, kde lid\u00e9 dodnes \u017eij\u00ed tradi\u010dn\u00edm zp\u016fsobem. Vydejte se se mnou na rann\u00ed proch\u00e1zku po nejstar\u0161\u00ed \u010d\u00e1sti Lisabonu.\" width=\"823\" height=\"1234\" srcset=\"https:\/\/1001voyagesgourmands.com\/wp-content\/uploads\/2017\/03\/Alfama-30-683x1024.jpg 683w, https:\/\/1001voyagesgourmands.com\/wp-content\/uploads\/2017\/03\/Alfama-30-200x300.jpg 200w, https:\/\/1001voyagesgourmands.com\/wp-content\/uploads\/2017\/03\/Alfama-30-768x1152.jpg 768w, https:\/\/1001voyagesgourmands.com\/wp-content\/uploads\/2017\/03\/Alfama-30-1170x1755.jpg 1170w, https:\/\/1001voyagesgourmands.com\/wp-content\/uploads\/2017\/03\/Alfama-30-585x878.jpg 585w, https:\/\/1001voyagesgourmands.com\/wp-content\/uploads\/2017\/03\/Alfama-30.jpg 1600w\" sizes=\"auto, (max-width: 823px) 100vw, 823px\" \/><\/p>\n<p style=\"text-align: justify;\">V dolej\u0161\u00ed \u010d\u00e1sti Alfamy jsem si v\u0161imla n\u011bjak v\u00edce postar\u0161\u00edch \u017een. Miguel m\u011bl na to teorii, \u017ee ty \u017eeny z\u016fst\u00e1vaj\u00ed samy do vysok\u00e9ho v\u011bku, proto\u017ee ty mu\u017esk\u00e9 ut\u00fdraj\u00ed&#8230; no, ne \u017ee bych s t\u00edm souhlasila \ud83d\ude42 ale je fajn, \u017ee tu maj\u00ed takov\u00e9 spole\u010denstv\u00ed kamar\u00e1dek a nemus\u00ed sed\u011bt doma samy a \u010dekat jen z v\u00edkendu na v\u00edkend, a\u017e se dostav\u00ed vnou\u010data.&nbsp;<\/p>\n<p><img loading=\"lazy\" decoding=\"async\" class=\"aligncenter wp-image-15930\" src=\"http:\/\/1001voyagesgourmands.com\/wp-content\/uploads\/2017\/03\/Alfama-29-683x1024.jpg\" alt=\"Alfama je sple\u0165 \u00fazk\u00fdch uli\u010dek a star\u00fdch dom\u016f, kde lid\u00e9 dodnes \u017eij\u00ed tradi\u010dn\u00edm zp\u016fsobem. Vydejte se se mnou na rann\u00ed proch\u00e1zku po nejstar\u0161\u00ed \u010d\u00e1sti Lisabonu.\" width=\"865\" height=\"1297\" srcset=\"https:\/\/1001voyagesgourmands.com\/wp-content\/uploads\/2017\/03\/Alfama-29-683x1024.jpg 683w, https:\/\/1001voyagesgourmands.com\/wp-content\/uploads\/2017\/03\/Alfama-29-200x300.jpg 200w, https:\/\/1001voyagesgourmands.com\/wp-content\/uploads\/2017\/03\/Alfama-29-768x1152.jpg 768w, https:\/\/1001voyagesgourmands.com\/wp-content\/uploads\/2017\/03\/Alfama-29-1170x1755.jpg 1170w, https:\/\/1001voyagesgourmands.com\/wp-content\/uploads\/2017\/03\/Alfama-29-585x878.jpg 585w, https:\/\/1001voyagesgourmands.com\/wp-content\/uploads\/2017\/03\/Alfama-29.jpg 1600w\" sizes=\"auto, (max-width: 865px) 100vw, 865px\" \/><img loading=\"lazy\" decoding=\"async\" class=\"aligncenter wp-image-15951 size-large\" src=\"http:\/\/1001voyagesgourmands.com\/wp-content\/uploads\/2017\/03\/Alfama-3-1024x724.jpg\" alt=\"Alfama je sple\u0165 \u00fazk\u00fdch uli\u010dek a star\u00fdch dom\u016f, kde lid\u00e9 dodnes \u017eij\u00ed tradi\u010dn\u00edm zp\u016fsobem. Vydejte se se mnou na rann\u00ed proch\u00e1zku po nejstar\u0161\u00ed \u010d\u00e1sti Lisabonu.\" width=\"1024\" height=\"724\" srcset=\"https:\/\/1001voyagesgourmands.com\/wp-content\/uploads\/2017\/03\/Alfama-3-1024x724.jpg 1024w, https:\/\/1001voyagesgourmands.com\/wp-content\/uploads\/2017\/03\/Alfama-3-300x212.jpg 300w, https:\/\/1001voyagesgourmands.com\/wp-content\/uploads\/2017\/03\/Alfama-3-768x543.jpg 768w, https:\/\/1001voyagesgourmands.com\/wp-content\/uploads\/2017\/03\/Alfama-3-1170x827.jpg 1170w, https:\/\/1001voyagesgourmands.com\/wp-content\/uploads\/2017\/03\/Alfama-3-585x414.jpg 585w, https:\/\/1001voyagesgourmands.com\/wp-content\/uploads\/2017\/03\/Alfama-3.jpg 1600w\" sizes=\"auto, (max-width: 1024px) 100vw, 1024px\" \/><img loading=\"lazy\" decoding=\"async\" class=\"aligncenter wp-image-15932\" src=\"http:\/\/1001voyagesgourmands.com\/wp-content\/uploads\/2017\/03\/Alfama-31-683x1024.jpg\" alt=\"Alfama je sple\u0165 \u00fazk\u00fdch uli\u010dek a star\u00fdch dom\u016f, kde lid\u00e9 dodnes \u017eij\u00ed tradi\u010dn\u00edm zp\u016fsobem. Vydejte se se mnou na rann\u00ed proch\u00e1zku po nejstar\u0161\u00ed \u010d\u00e1sti Lisabonu.\" width=\"835\" height=\"1252\" srcset=\"https:\/\/1001voyagesgourmands.com\/wp-content\/uploads\/2017\/03\/Alfama-31-683x1024.jpg 683w, https:\/\/1001voyagesgourmands.com\/wp-content\/uploads\/2017\/03\/Alfama-31-200x300.jpg 200w, https:\/\/1001voyagesgourmands.com\/wp-content\/uploads\/2017\/03\/Alfama-31-768x1152.jpg 768w, https:\/\/1001voyagesgourmands.com\/wp-content\/uploads\/2017\/03\/Alfama-31-1170x1755.jpg 1170w, https:\/\/1001voyagesgourmands.com\/wp-content\/uploads\/2017\/03\/Alfama-31-585x878.jpg 585w, https:\/\/1001voyagesgourmands.com\/wp-content\/uploads\/2017\/03\/Alfama-31.jpg 1600w\" sizes=\"auto, (max-width: 835px) 100vw, 835px\" \/><img loading=\"lazy\" decoding=\"async\" class=\"aligncenter wp-image-15949 size-large\" src=\"http:\/\/1001voyagesgourmands.com\/wp-content\/uploads\/2017\/03\/Alfama-1-1024x724.jpg\" alt=\"Alfama je sple\u0165 \u00fazk\u00fdch uli\u010dek a star\u00fdch dom\u016f, kde lid\u00e9 dodnes \u017eij\u00ed tradi\u010dn\u00edm zp\u016fsobem. Vydejte se se mnou na rann\u00ed proch\u00e1zku po nejstar\u0161\u00ed \u010d\u00e1sti Lisabonu.\" width=\"1024\" height=\"724\" srcset=\"https:\/\/1001voyagesgourmands.com\/wp-content\/uploads\/2017\/03\/Alfama-1-1024x724.jpg 1024w, https:\/\/1001voyagesgourmands.com\/wp-content\/uploads\/2017\/03\/Alfama-1-300x212.jpg 300w, https:\/\/1001voyagesgourmands.com\/wp-content\/uploads\/2017\/03\/Alfama-1-768x543.jpg 768w, https:\/\/1001voyagesgourmands.com\/wp-content\/uploads\/2017\/03\/Alfama-1-1170x827.jpg 1170w, https:\/\/1001voyagesgourmands.com\/wp-content\/uploads\/2017\/03\/Alfama-1-585x414.jpg 585w, https:\/\/1001voyagesgourmands.com\/wp-content\/uploads\/2017\/03\/Alfama-1.jpg 1600w\" sizes=\"auto, (max-width: 1024px) 100vw, 1024px\" \/><img loading=\"lazy\" decoding=\"async\" class=\"aligncenter wp-image-15933\" src=\"http:\/\/1001voyagesgourmands.com\/wp-content\/uploads\/2017\/03\/Alfama-34-683x1024.jpg\" alt=\"Alfama je sple\u0165 \u00fazk\u00fdch uli\u010dek a star\u00fdch dom\u016f, kde lid\u00e9 dodnes \u017eij\u00ed tradi\u010dn\u00edm zp\u016fsobem. Vydejte se se mnou na rann\u00ed proch\u00e1zku po nejstar\u0161\u00ed \u010d\u00e1sti Lisabonu.\" width=\"878\" height=\"1316\" srcset=\"https:\/\/1001voyagesgourmands.com\/wp-content\/uploads\/2017\/03\/Alfama-34-683x1024.jpg 683w, https:\/\/1001voyagesgourmands.com\/wp-content\/uploads\/2017\/03\/Alfama-34-200x300.jpg 200w, https:\/\/1001voyagesgourmands.com\/wp-content\/uploads\/2017\/03\/Alfama-34-768x1152.jpg 768w, https:\/\/1001voyagesgourmands.com\/wp-content\/uploads\/2017\/03\/Alfama-34-1170x1755.jpg 1170w, https:\/\/1001voyagesgourmands.com\/wp-content\/uploads\/2017\/03\/Alfama-34-585x878.jpg 585w, https:\/\/1001voyagesgourmands.com\/wp-content\/uploads\/2017\/03\/Alfama-34.jpg 1600w\" sizes=\"auto, (max-width: 878px) 100vw, 878px\" \/> <img loading=\"lazy\" decoding=\"async\" class=\"aligncenter wp-image-15934 size-large\" src=\"http:\/\/1001voyagesgourmands.com\/wp-content\/uploads\/2017\/03\/Alfama-38-1024x683.jpg\" alt=\"Alfama je sple\u0165 \u00fazk\u00fdch uli\u010dek a star\u00fdch dom\u016f, kde lid\u00e9 dodnes \u017eij\u00ed tradi\u010dn\u00edm zp\u016fsobem. Vydejte se se mnou na rann\u00ed proch\u00e1zku po nejstar\u0161\u00ed \u010d\u00e1sti Lisabonu.\" width=\"1024\" height=\"683\" srcset=\"https:\/\/1001voyagesgourmands.com\/wp-content\/uploads\/2017\/03\/Alfama-38-1024x683.jpg 1024w, https:\/\/1001voyagesgourmands.com\/wp-content\/uploads\/2017\/03\/Alfama-38-263x175.jpg 263w, https:\/\/1001voyagesgourmands.com\/wp-content\/uploads\/2017\/03\/Alfama-38-300x200.jpg 300w, https:\/\/1001voyagesgourmands.com\/wp-content\/uploads\/2017\/03\/Alfama-38-768x512.jpg 768w, https:\/\/1001voyagesgourmands.com\/wp-content\/uploads\/2017\/03\/Alfama-38-1170x780.jpg 1170w, https:\/\/1001voyagesgourmands.com\/wp-content\/uploads\/2017\/03\/Alfama-38-585x390.jpg 585w, https:\/\/1001voyagesgourmands.com\/wp-content\/uploads\/2017\/03\/Alfama-38.jpg 1600w\" sizes=\"auto, (max-width: 1024px) 100vw, 1024px\" \/><img loading=\"lazy\" decoding=\"async\" class=\"aligncenter wp-image-15950 size-large\" src=\"http:\/\/1001voyagesgourmands.com\/wp-content\/uploads\/2017\/03\/Alfama-2-1024x724.jpg\" alt=\"Alfama je sple\u0165 \u00fazk\u00fdch uli\u010dek a star\u00fdch dom\u016f, kde lid\u00e9 dodnes \u017eij\u00ed tradi\u010dn\u00edm zp\u016fsobem. Vydejte se se mnou na rann\u00ed proch\u00e1zku po nejstar\u0161\u00ed \u010d\u00e1sti Lisabonu.\" width=\"1024\" height=\"724\" srcset=\"https:\/\/1001voyagesgourmands.com\/wp-content\/uploads\/2017\/03\/Alfama-2-1024x724.jpg 1024w, https:\/\/1001voyagesgourmands.com\/wp-content\/uploads\/2017\/03\/Alfama-2-300x212.jpg 300w, https:\/\/1001voyagesgourmands.com\/wp-content\/uploads\/2017\/03\/Alfama-2-768x543.jpg 768w, https:\/\/1001voyagesgourmands.com\/wp-content\/uploads\/2017\/03\/Alfama-2-1170x827.jpg 1170w, https:\/\/1001voyagesgourmands.com\/wp-content\/uploads\/2017\/03\/Alfama-2-585x414.jpg 585w, https:\/\/1001voyagesgourmands.com\/wp-content\/uploads\/2017\/03\/Alfama-2.jpg 1600w\" sizes=\"auto, (max-width: 1024px) 100vw, 1024px\" \/><\/p>\n<p style=\"text-align: justify;\">Bohu\u017eel mnoho z&nbsp;m\u00edstn\u00edch um\u00edr\u00e1 a mlad\u00e9 l\u00e1k\u00e1 vidina zisku p\u0159estavbou zdej\u0161\u00edch domk\u016f na ubytovac\u00ed za\u0159\u00edzen\u00ed, \u010d\u00edm\u017e by se v budoucnu v\u00fdrazn\u011b zm\u011bnil charakter cel\u00e9 \u010dtvrti. Zat\u00edm pr\u00fd \u00fa\u0159ady reguluj\u00ed po\u010det hotel\u016f a ubytovac\u00edch za\u0159\u00edzen\u00ed na km \u010dtvere\u010dn\u00ed, ale kdo v\u00ed, co bude v budoucnu.&nbsp;<\/p>\n<p style=\"text-align: justify;\">T\u00e9m\u011b\u0159 ka\u017ed\u00fd, koho jsem v Lisabonu potkala, mi v\u00e1\u0161niv\u011b pov\u00eddal o \u010dervnov\u00fdch slavnostech Sv. Anton\u00edna (<strong>Santo Ant\u00f3nio<\/strong>), kdy se Alfama m\u011bn\u00ed v barevn\u011b vyzdoben\u00e9 a \u017eiv\u00e9 m\u00edsto s festivalovou atmosf\u00e9rou, kde to von\u00ed grilovan\u00fdmi sardinkami. M\u00edstn\u00ed si tu v uli\u010dk\u00e1ch postav\u00ed grily, na kter\u00fdch p\u0159ipravuj\u00ed \u010derstv\u00e9 sardinky, je\u017e se tu pak jed\u00ed s&nbsp;chlebem a pivem. Lid\u00e9 z cel\u00e9ho m\u011bsta sem pak po ve\u010derech m\u00ed\u0159\u00ed za touto dobrotou a hudebn\u00ed z\u00e1bavou. Pr\u00fd to tu m\u00e1 nezapomenutelnou atmosf\u00e9ru! Tak\u017ee pokud m\u00e1te r\u00e1di sardinky nebo podobn\u00e9 akce, napl\u00e1nujte si v\u00fdlet do Lisabonu na \u010derven!&nbsp;\ud83d\ude09<\/p>\n<hr>\n<p style=\"text-align: justify;\">Na z\u00e1v\u011br bych r\u00e1da dodala, \u017ee nejde o jakkoli sponzorovan\u00fd \u010dl\u00e1nek, jen bych r\u00e1da doporu\u010dila Lisbon Photo v\u0161em, kdo r\u00e1di fot\u00ed a chystaj\u00ed se do Lisabonu. Miguel je profesion\u00e1l, kter\u00fd um\u00ed sv\u00e9 nad\u0161en\u00ed a zku\u0161enosti p\u0159edat ostatn\u00edm a takov\u00e9 lidi r\u00e1da doporu\u010d\u00edm. J\u00e1 si tuhle foto proch\u00e1zku dala hned na druh\u00fd den v Lisabonu, a tak se mi hodilo trochu m\u011bsto poznat s n\u011bk\u00fdm m\u00edstn\u00edm. Str\u00e1vili jsme spolu cel\u00e9 4 hodiny ve velice p\u0159\u00e1telsk\u00e9m duchu. Nav\u00edc mi Miguel dal tipy na dal\u0161\u00ed dny, co\u017e se celkem hodilo.<\/p>\n<p style=\"text-align: justify;\">V\u00edce informac\u00ed najdete na <a href=\"http:\/\/www.lisbonphoto.com\/\"><strong>webu Lisbon Photo<\/strong><\/a>.<\/p>\n<p style=\"text-align: justify;\"><img loading=\"lazy\" decoding=\"async\" class=\"aligncenter size-large wp-image-15981\" src=\"http:\/\/1001voyagesgourmands.com\/wp-content\/uploads\/2017\/03\/Alfama-53-1024x576.jpg\" alt=\"\" width=\"1024\" height=\"576\" srcset=\"https:\/\/1001voyagesgourmands.com\/wp-content\/uploads\/2017\/03\/Alfama-53-1024x576.jpg 1024w, https:\/\/1001voyagesgourmands.com\/wp-content\/uploads\/2017\/03\/Alfama-53-300x169.jpg 300w, https:\/\/1001voyagesgourmands.com\/wp-content\/uploads\/2017\/03\/Alfama-53-768x432.jpg 768w, https:\/\/1001voyagesgourmands.com\/wp-content\/uploads\/2017\/03\/Alfama-53-1170x658.jpg 1170w, https:\/\/1001voyagesgourmands.com\/wp-content\/uploads\/2017\/03\/Alfama-53-585x329.jpg 585w, https:\/\/1001voyagesgourmands.com\/wp-content\/uploads\/2017\/03\/Alfama-53.jpg 1600w\" sizes=\"auto, (max-width: 1024px) 100vw, 1024px\" \/><\/p>\n<p style=\"text-align: center;\"><em>&nbsp;(Photo by Miguel Helfrich)<\/em><\/p>\n<p>&nbsp;<\/p>\n<p style=\"text-align: justify;\"><em>\u0158ekn\u011bte mi, podnikli jste n\u011bkdy n\u011bkde podobn\u00e9 foto proch\u00e1zky? V jak\u00e9m m\u011bst\u011b se v\u00e1m nejl\u00e9pe fotilo a pro\u010d?<\/em><\/p>\n<p style=\"text-align: justify;\"><em>Pokud se v\u00e1m \u010dl\u00e1nek l\u00edbil, sd\u00edlejte ho pros\u00edm na soci\u00e1ln\u00edch s\u00edt\u00edch!<\/em><\/p>\n<p style=\"text-align: justify;\"><img loading=\"lazy\" decoding=\"async\" class=\"aligncenter wp-image-16019\" src=\"http:\/\/1001voyagesgourmands.com\/wp-content\/uploads\/2017\/03\/Alfama_brouzdani_starym_Lisabonem-PIN3-683x1024.jpg\" alt=\"Vydejte se se mnou do spleti mal\u00fdch uli\u010dek nejstar\u0161\u00ed \u010d\u00e1sti Lisabonu zvan\u00e9 Alfama, je\u017e odolala zem\u011bt\u0159esen\u00ed v roce 1755 a zachovala si tak svou d\u0159\u00edv\u011bj\u0161\u00ed tv\u00e1\u0159.\" width=\"599\" height=\"898\" srcset=\"https:\/\/1001voyagesgourmands.com\/wp-content\/uploads\/2017\/03\/Alfama_brouzdani_starym_Lisabonem-PIN3-683x1024.jpg 683w, https:\/\/1001voyagesgourmands.com\/wp-content\/uploads\/2017\/03\/Alfama_brouzdani_starym_Lisabonem-PIN3-200x300.jpg 200w, https:\/\/1001voyagesgourmands.com\/wp-content\/uploads\/2017\/03\/Alfama_brouzdani_starym_Lisabonem-PIN3-585x877.jpg 585w, https:\/\/1001voyagesgourmands.com\/wp-content\/uploads\/2017\/03\/Alfama_brouzdani_starym_Lisabonem-PIN3.jpg 735w\" sizes=\"auto, (max-width: 599px) 100vw, 599px\" \/><\/p>\n","protected":false},"excerpt":{"rendered":"<p>Jedna z nejlep\u0161\u00edch zku\u0161enost\u00ed, kterou jsem v Lisabonu m\u011bla, bylo brouzd\u00e1n\u00ed se Alfamou s profesion\u00e1ln\u00edm foto-pr\u016fvodcem Miguelem z Lisbon Photo. Potkali jsme se brzy r\u00e1no dole u \u0159eky, odkud jsme se vydali na 4-hodinovou kulturn\u011b-fotografickou proch\u00e1zku. Miguel jako\u017eto m\u00edstn\u00ed a profesion\u00e1ln\u00ed fotograf zn\u00e1 Lisabon a jeho kr\u00e1sn\u00e1 z\u00e1kout\u00ed velice dob\u0159e,&hellip;<\/p>\n","protected":false},"author":1,"featured_media":16020,"comment_status":"open","ping_status":"open","sticky":false,"template":"","format":"standard","meta":{"_exactmetrics_skip_tracking":false,"_exactmetrics_sitenote_active":false,"_exactmetrics_sitenote_note":"","_exactmetrics_sitenote_category":0,"_lmt_disableupdate":"","_lmt_disable":"","footnotes":""},"categories":[4,513],"tags":[510,257,328],"class_list":["post-15908","post","type-post","status-publish","format-standard","has-post-thumbnail","hentry","category-cestovani","category-portugalsko","tag-portugalsko","tag-vikendove-vylety","tag-vylety-do-mesta"],"yoast_head":"<!-- This site is optimized with the Yoast SEO plugin v26.1.1 - https:\/\/yoast.com\/wordpress\/plugins\/seo\/ -->\n<title>Rann\u00ed Alfama aneb foto-brouzd\u00e1n\u00ed star\u00fdm Lisabonem - 1001 Voyages Gourmands<\/title>\n<meta name=\"description\" content=\"Alfama je sple\u0165 \u00fazk\u00fdch uli\u010dek a star\u00fdch dom\u016f, kde lid\u00e9 dodnes \u017eij\u00ed tradi\u010dn\u00edm zp\u016fsobem. Vydejte se se mnou na rann\u00ed proch\u00e1zku po nejstar\u0161\u00ed \u010d\u00e1sti Lisabonu.\" \/>\n<meta name=\"robots\" content=\"index, follow, max-snippet:-1, max-image-preview:large, max-video-preview:-1\" \/>\n<link rel=\"canonical\" href=\"https:\/\/1001voyagesgourmands.com\/cs\/alfama-foto-brouzdani-starym-lisabonem\/\" \/>\n<meta property=\"og:locale\" content=\"cs_CZ\" \/>\n<meta property=\"og:type\" content=\"article\" \/>\n<meta property=\"og:title\" content=\"Rann\u00ed Alfama aneb foto-brouzd\u00e1n\u00ed star\u00fdm Lisabonem - 1001 Voyages Gourmands\" \/>\n<meta property=\"og:description\" content=\"Alfama je sple\u0165 \u00fazk\u00fdch uli\u010dek a star\u00fdch dom\u016f, kde lid\u00e9 dodnes \u017eij\u00ed tradi\u010dn\u00edm zp\u016fsobem. Vydejte se se mnou na rann\u00ed proch\u00e1zku po nejstar\u0161\u00ed \u010d\u00e1sti Lisabonu.\" \/>\n<meta property=\"og:url\" content=\"https:\/\/1001voyagesgourmands.com\/cs\/alfama-foto-brouzdani-starym-lisabonem\/\" \/>\n<meta property=\"og:site_name\" content=\"1001 Voyages Gourmands\" \/>\n<meta property=\"article:publisher\" content=\"https:\/\/www.facebook.com\/1001voyagesgourmands\" \/>\n<meta property=\"article:published_time\" content=\"2017-03-27T06:00:38+00:00\" \/>\n<meta property=\"article:modified_time\" content=\"2017-06-10T19:12:53+00:00\" \/>\n<meta property=\"og:image\" content=\"https:\/\/1001voyagesgourmands.com\/wp-content\/uploads\/2017\/03\/Alfama-23.jpg\" \/>\n\t<meta property=\"og:image:width\" content=\"1600\" \/>\n\t<meta property=\"og:image:height\" content=\"2400\" \/>\n\t<meta property=\"og:image:type\" content=\"image\/jpeg\" \/>\n<meta name=\"author\" content=\"Michaela\" \/>\n<meta name=\"twitter:card\" content=\"summary_large_image\" \/>\n<meta name=\"twitter:creator\" content=\"@michaela_1001vg\" \/>\n<meta name=\"twitter:site\" content=\"@michaela_1001vg\" \/>\n<meta name=\"twitter:label1\" content=\"Napsal(a)\" \/>\n\t<meta name=\"twitter:data1\" content=\"Michaela\" \/>\n\t<meta name=\"twitter:label2\" content=\"Odhadovan\u00e1 doba \u010dten\u00ed\" \/>\n\t<meta name=\"twitter:data2\" content=\"7 minut\" \/>\n<script type=\"application\/ld+json\" class=\"yoast-schema-graph\">{\"@context\":\"https:\/\/schema.org\",\"@graph\":[{\"@type\":\"WebPage\",\"@id\":\"https:\/\/1001voyagesgourmands.com\/cs\/alfama-foto-brouzdani-starym-lisabonem\/\",\"url\":\"https:\/\/1001voyagesgourmands.com\/cs\/alfama-foto-brouzdani-starym-lisabonem\/\",\"name\":\"Rann\u00ed Alfama aneb foto-brouzd\u00e1n\u00ed star\u00fdm Lisabonem - 1001 Voyages Gourmands\",\"isPartOf\":{\"@id\":\"https:\/\/1001voyagesgourmands.com\/cs\/#website\"},\"primaryImageOfPage\":{\"@id\":\"https:\/\/1001voyagesgourmands.com\/cs\/alfama-foto-brouzdani-starym-lisabonem\/#primaryimage\"},\"image\":{\"@id\":\"https:\/\/1001voyagesgourmands.com\/cs\/alfama-foto-brouzdani-starym-lisabonem\/#primaryimage\"},\"thumbnailUrl\":\"https:\/\/1001voyagesgourmands.com\/wp-content\/uploads\/2017\/03\/Alfama-23.jpg\",\"datePublished\":\"2017-03-27T06:00:38+00:00\",\"dateModified\":\"2017-06-10T19:12:53+00:00\",\"author\":{\"@id\":\"https:\/\/1001voyagesgourmands.com\/cs\/#\/schema\/person\/62e0e7238fcf7482b23bf83e1b72ff1b\"},\"description\":\"Alfama je sple\u0165 \u00fazk\u00fdch uli\u010dek a star\u00fdch dom\u016f, kde lid\u00e9 dodnes \u017eij\u00ed tradi\u010dn\u00edm zp\u016fsobem. Vydejte se se mnou na rann\u00ed proch\u00e1zku po nejstar\u0161\u00ed \u010d\u00e1sti Lisabonu.\",\"breadcrumb\":{\"@id\":\"https:\/\/1001voyagesgourmands.com\/cs\/alfama-foto-brouzdani-starym-lisabonem\/#breadcrumb\"},\"inLanguage\":\"cs\",\"potentialAction\":[{\"@type\":\"ReadAction\",\"target\":[\"https:\/\/1001voyagesgourmands.com\/cs\/alfama-foto-brouzdani-starym-lisabonem\/\"]}]},{\"@type\":\"ImageObject\",\"inLanguage\":\"cs\",\"@id\":\"https:\/\/1001voyagesgourmands.com\/cs\/alfama-foto-brouzdani-starym-lisabonem\/#primaryimage\",\"url\":\"https:\/\/1001voyagesgourmands.com\/wp-content\/uploads\/2017\/03\/Alfama-23.jpg\",\"contentUrl\":\"https:\/\/1001voyagesgourmands.com\/wp-content\/uploads\/2017\/03\/Alfama-23.jpg\",\"width\":1600,\"height\":2400},{\"@type\":\"BreadcrumbList\",\"@id\":\"https:\/\/1001voyagesgourmands.com\/cs\/alfama-foto-brouzdani-starym-lisabonem\/#breadcrumb\",\"itemListElement\":[{\"@type\":\"ListItem\",\"position\":1,\"name\":\"Dom\u016f\",\"item\":\"https:\/\/1001voyagesgourmands.com\/cs\/\"},{\"@type\":\"ListItem\",\"position\":2,\"name\":\"Rann\u00ed Alfama aneb foto-brouzd\u00e1n\u00ed star\u00fdm Lisabonem\"}]},{\"@type\":\"WebSite\",\"@id\":\"https:\/\/1001voyagesgourmands.com\/cs\/#website\",\"url\":\"https:\/\/1001voyagesgourmands.com\/cs\/\",\"name\":\"1001 Voyages Gourmands\",\"description\":\"Food | Travel | Photography\",\"potentialAction\":[{\"@type\":\"SearchAction\",\"target\":{\"@type\":\"EntryPoint\",\"urlTemplate\":\"https:\/\/1001voyagesgourmands.com\/cs\/?s={search_term_string}\"},\"query-input\":{\"@type\":\"PropertyValueSpecification\",\"valueRequired\":true,\"valueName\":\"search_term_string\"}}],\"inLanguage\":\"cs\"},{\"@type\":\"Person\",\"@id\":\"https:\/\/1001voyagesgourmands.com\/cs\/#\/schema\/person\/62e0e7238fcf7482b23bf83e1b72ff1b\",\"name\":\"Michaela\",\"image\":{\"@type\":\"ImageObject\",\"inLanguage\":\"cs\",\"@id\":\"https:\/\/1001voyagesgourmands.com\/cs\/#\/schema\/person\/image\/\",\"url\":\"https:\/\/secure.gravatar.com\/avatar\/73fa562a5b0ce269ca480f67de504b8ecac054a121d170e226f1b79e02024cb8?s=96&d=mm&r=g\",\"contentUrl\":\"https:\/\/secure.gravatar.com\/avatar\/73fa562a5b0ce269ca480f67de504b8ecac054a121d170e226f1b79e02024cb8?s=96&d=mm&r=g\",\"caption\":\"Michaela\"},\"sameAs\":[\"http:\/\/1001voyagesgourmands.com\"]}]}<\/script>\n<!-- \/ Yoast SEO plugin. -->","yoast_head_json":{"title":"Rann\u00ed Alfama aneb foto-brouzd\u00e1n\u00ed star\u00fdm Lisabonem - 1001 Voyages Gourmands","description":"Alfama je sple\u0165 \u00fazk\u00fdch uli\u010dek a star\u00fdch dom\u016f, kde lid\u00e9 dodnes \u017eij\u00ed tradi\u010dn\u00edm zp\u016fsobem. Vydejte se se mnou na rann\u00ed proch\u00e1zku po nejstar\u0161\u00ed \u010d\u00e1sti Lisabonu.","robots":{"index":"index","follow":"follow","max-snippet":"max-snippet:-1","max-image-preview":"max-image-preview:large","max-video-preview":"max-video-preview:-1"},"canonical":"https:\/\/1001voyagesgourmands.com\/cs\/alfama-foto-brouzdani-starym-lisabonem\/","og_locale":"cs_CZ","og_type":"article","og_title":"Rann\u00ed Alfama aneb foto-brouzd\u00e1n\u00ed star\u00fdm Lisabonem - 1001 Voyages Gourmands","og_description":"Alfama je sple\u0165 \u00fazk\u00fdch uli\u010dek a star\u00fdch dom\u016f, kde lid\u00e9 dodnes \u017eij\u00ed tradi\u010dn\u00edm zp\u016fsobem. Vydejte se se mnou na rann\u00ed proch\u00e1zku po nejstar\u0161\u00ed \u010d\u00e1sti Lisabonu.","og_url":"https:\/\/1001voyagesgourmands.com\/cs\/alfama-foto-brouzdani-starym-lisabonem\/","og_site_name":"1001 Voyages Gourmands","article_publisher":"https:\/\/www.facebook.com\/1001voyagesgourmands","article_published_time":"2017-03-27T06:00:38+00:00","article_modified_time":"2017-06-10T19:12:53+00:00","og_image":[{"width":1600,"height":2400,"url":"https:\/\/1001voyagesgourmands.com\/wp-content\/uploads\/2017\/03\/Alfama-23.jpg","type":"image\/jpeg"}],"author":"Michaela","twitter_card":"summary_large_image","twitter_creator":"@michaela_1001vg","twitter_site":"@michaela_1001vg","twitter_misc":{"Napsal(a)":"Michaela","Odhadovan\u00e1 doba \u010dten\u00ed":"7 minut"},"schema":{"@context":"https:\/\/schema.org","@graph":[{"@type":"WebPage","@id":"https:\/\/1001voyagesgourmands.com\/cs\/alfama-foto-brouzdani-starym-lisabonem\/","url":"https:\/\/1001voyagesgourmands.com\/cs\/alfama-foto-brouzdani-starym-lisabonem\/","name":"Rann\u00ed Alfama aneb foto-brouzd\u00e1n\u00ed star\u00fdm Lisabonem - 1001 Voyages Gourmands","isPartOf":{"@id":"https:\/\/1001voyagesgourmands.com\/cs\/#website"},"primaryImageOfPage":{"@id":"https:\/\/1001voyagesgourmands.com\/cs\/alfama-foto-brouzdani-starym-lisabonem\/#primaryimage"},"image":{"@id":"https:\/\/1001voyagesgourmands.com\/cs\/alfama-foto-brouzdani-starym-lisabonem\/#primaryimage"},"thumbnailUrl":"https:\/\/1001voyagesgourmands.com\/wp-content\/uploads\/2017\/03\/Alfama-23.jpg","datePublished":"2017-03-27T06:00:38+00:00","dateModified":"2017-06-10T19:12:53+00:00","author":{"@id":"https:\/\/1001voyagesgourmands.com\/cs\/#\/schema\/person\/62e0e7238fcf7482b23bf83e1b72ff1b"},"description":"Alfama je sple\u0165 \u00fazk\u00fdch uli\u010dek a star\u00fdch dom\u016f, kde lid\u00e9 dodnes \u017eij\u00ed tradi\u010dn\u00edm zp\u016fsobem. Vydejte se se mnou na rann\u00ed proch\u00e1zku po nejstar\u0161\u00ed \u010d\u00e1sti Lisabonu.","breadcrumb":{"@id":"https:\/\/1001voyagesgourmands.com\/cs\/alfama-foto-brouzdani-starym-lisabonem\/#breadcrumb"},"inLanguage":"cs","potentialAction":[{"@type":"ReadAction","target":["https:\/\/1001voyagesgourmands.com\/cs\/alfama-foto-brouzdani-starym-lisabonem\/"]}]},{"@type":"ImageObject","inLanguage":"cs","@id":"https:\/\/1001voyagesgourmands.com\/cs\/alfama-foto-brouzdani-starym-lisabonem\/#primaryimage","url":"https:\/\/1001voyagesgourmands.com\/wp-content\/uploads\/2017\/03\/Alfama-23.jpg","contentUrl":"https:\/\/1001voyagesgourmands.com\/wp-content\/uploads\/2017\/03\/Alfama-23.jpg","width":1600,"height":2400},{"@type":"BreadcrumbList","@id":"https:\/\/1001voyagesgourmands.com\/cs\/alfama-foto-brouzdani-starym-lisabonem\/#breadcrumb","itemListElement":[{"@type":"ListItem","position":1,"name":"Dom\u016f","item":"https:\/\/1001voyagesgourmands.com\/cs\/"},{"@type":"ListItem","position":2,"name":"Rann\u00ed Alfama aneb foto-brouzd\u00e1n\u00ed star\u00fdm Lisabonem"}]},{"@type":"WebSite","@id":"https:\/\/1001voyagesgourmands.com\/cs\/#website","url":"https:\/\/1001voyagesgourmands.com\/cs\/","name":"1001 Voyages Gourmands","description":"Food | Travel | Photography","potentialAction":[{"@type":"SearchAction","target":{"@type":"EntryPoint","urlTemplate":"https:\/\/1001voyagesgourmands.com\/cs\/?s={search_term_string}"},"query-input":{"@type":"PropertyValueSpecification","valueRequired":true,"valueName":"search_term_string"}}],"inLanguage":"cs"},{"@type":"Person","@id":"https:\/\/1001voyagesgourmands.com\/cs\/#\/schema\/person\/62e0e7238fcf7482b23bf83e1b72ff1b","name":"Michaela","image":{"@type":"ImageObject","inLanguage":"cs","@id":"https:\/\/1001voyagesgourmands.com\/cs\/#\/schema\/person\/image\/","url":"https:\/\/secure.gravatar.com\/avatar\/73fa562a5b0ce269ca480f67de504b8ecac054a121d170e226f1b79e02024cb8?s=96&d=mm&r=g","contentUrl":"https:\/\/secure.gravatar.com\/avatar\/73fa562a5b0ce269ca480f67de504b8ecac054a121d170e226f1b79e02024cb8?s=96&d=mm&r=g","caption":"Michaela"},"sameAs":["http:\/\/1001voyagesgourmands.com"]}]}},"_links":{"self":[{"href":"https:\/\/1001voyagesgourmands.com\/cs\/wp-json\/wp\/v2\/posts\/15908","targetHints":{"allow":["GET"]}}],"collection":[{"href":"https:\/\/1001voyagesgourmands.com\/cs\/wp-json\/wp\/v2\/posts"}],"about":[{"href":"https:\/\/1001voyagesgourmands.com\/cs\/wp-json\/wp\/v2\/types\/post"}],"author":[{"embeddable":true,"href":"https:\/\/1001voyagesgourmands.com\/cs\/wp-json\/wp\/v2\/users\/1"}],"replies":[{"embeddable":true,"href":"https:\/\/1001voyagesgourmands.com\/cs\/wp-json\/wp\/v2\/comments?post=15908"}],"version-history":[{"count":0,"href":"https:\/\/1001voyagesgourmands.com\/cs\/wp-json\/wp\/v2\/posts\/15908\/revisions"}],"wp:featuredmedia":[{"embeddable":true,"href":"https:\/\/1001voyagesgourmands.com\/cs\/wp-json\/wp\/v2\/media\/16020"}],"wp:attachment":[{"href":"https:\/\/1001voyagesgourmands.com\/cs\/wp-json\/wp\/v2\/media?parent=15908"}],"wp:term":[{"taxonomy":"category","embeddable":true,"href":"https:\/\/1001voyagesgourmands.com\/cs\/wp-json\/wp\/v2\/categories?post=15908"},{"taxonomy":"post_tag","embeddable":true,"href":"https:\/\/1001voyagesgourmands.com\/cs\/wp-json\/wp\/v2\/tags?post=15908"}],"curies":[{"name":"wp","href":"https:\/\/api.w.org\/{rel}","templated":true}]}}