{"id":14610,"date":"2017-01-16T08:00:41","date_gmt":"2017-01-16T07:00:41","guid":{"rendered":"http:\/\/1001voyagesgourmands.com\/?p=14610\/"},"modified":"2017-01-17T21:38:50","modified_gmt":"2017-01-17T20:38:50","slug":"lyzovani-ve-trech-udolich-francie","status":"publish","type":"post","link":"https:\/\/1001voyagesgourmands.com\/cs\/lyzovani-ve-trech-udolich-francie\/","title":{"rendered":"Ly\u017eov\u00e1n\u00ed ve T\u0159ech \u00fadol\u00edch (Les 3 Vall\u00e9es) ve Francii"},"content":{"rendered":"<p style=\"text-align: justify;\">Pokud jste si je\u0161t\u011b nezarezervovali zimn\u00ed pr\u00e1zdniny a rozhodujete se kam, pak tu m\u00e1m pro v\u00e1s aktu\u00e1ln\u00ed t\u00e9ma. Dnes v\u00e1m toti\u017e pov\u00edm o ly\u017ea\u0159sk\u00e9 oblasti Les 3 Vall\u00e9es neboli \u010desky T\u0159i \u00fadol\u00ed, le\u017e\u00edc\u00ed v departmentu Savoie ve Francii. Jak ji\u017e n\u00e1zev nab\u00e1d\u00e1, jedn\u00e1 se o seskupen\u00ed t\u0159\u00ed \u00fadol\u00ed, kter\u00fdmi jsou&nbsp;Saint-Bon, Allues a Belleville.&nbsp;<\/p>\n<p style=\"text-align: justify;\"><img loading=\"lazy\" decoding=\"async\" class=\"aligncenter size-full wp-image-14642\" src=\"http:\/\/1001voyagesgourmands.com\/wp-content\/uploads\/2017\/01\/Lyzovani_ve_trech_udolich_francie-13.jpg\" alt=\"Zaj\u00edm\u00e1 v\u00e1s, pro\u010d je ly\u017eov\u00e1n\u00ed ve T\u0159ech \u00fadol\u00edch tak fantastick\u00e9? Tady m\u00e1m pro v\u00e1s 5 d\u016fvod\u016f, pro\u010d jet ly\u017eovat do francouzsk\u00e9 oblasti Les 3 Vall\u00e9es.\" width=\"800\" height=\"533\" srcset=\"https:\/\/1001voyagesgourmands.com\/wp-content\/uploads\/2017\/01\/Lyzovani_ve_trech_udolich_francie-13.jpg 800w, https:\/\/1001voyagesgourmands.com\/wp-content\/uploads\/2017\/01\/Lyzovani_ve_trech_udolich_francie-13-263x175.jpg 263w, https:\/\/1001voyagesgourmands.com\/wp-content\/uploads\/2017\/01\/Lyzovani_ve_trech_udolich_francie-13-300x200.jpg 300w, https:\/\/1001voyagesgourmands.com\/wp-content\/uploads\/2017\/01\/Lyzovani_ve_trech_udolich_francie-13-768x512.jpg 768w, https:\/\/1001voyagesgourmands.com\/wp-content\/uploads\/2017\/01\/Lyzovani_ve_trech_udolich_francie-13-585x390.jpg 585w\" sizes=\"auto, (max-width: 800px) 100vw, 800px\" \/><\/p>\n<p style=\"text-align: justify;\">Loni v \u00fanoru jsme se sem s kamar\u00e1dy vydali na t\u00fdden. Ubytovan\u00ed jsme byli v Les Meuniers, kde zrovna ten t\u00fdden bylo 5 ze 6 dn\u016f p\u011bkn\u011b hnusn\u011b. Nejsem \u017e\u00e1dn\u00fd profi ly\u017ea\u0159 ani machr, a tak jsem dost trp\u011bla &#8211; neust\u00e1le sn\u011b\u017eilo a viditelnost nulov\u00e1, naho\u0159e siln\u00fd v\u00edtr a p\u011bkn\u00e1 kosa, \u017ee mi mrzly i vlasy, prost\u011b nic pro&nbsp;<del>princeznu<\/del>&nbsp;ty, co jsou za b\u011b\u017en\u00fdch podm\u00ednek za siln\u00fdch mraz\u016f a sn\u011bhov\u00e9 v\u00e1nice rad\u0161i zalezl\u00ed v teple. A i p\u0159esto m\u011b to tu n\u00e1ramn\u011b bavilo (velk\u00e9 d\u00edky pat\u0159\u00ed m\u00e9mu mil\u00e9mu, kter\u00fd je prav\u00fd and\u011bl a sna\u017eil se, aby se mi to l\u00edbilo v ka\u017ed\u00e9 situaci) a je jist\u00e9, \u017ee jsem tu nebyla naposled. Zaj\u00edm\u00e1 v\u00e1s, pro\u010d je ly\u017eov\u00e1n\u00ed ve T\u0159ech \u00fadol\u00edch tak fantastick\u00e9? Pak \u010dt\u011bte d\u00e1le!&nbsp;<\/p>\n<p style=\"text-align: justify;\">&nbsp;<\/p>\n<h2 style=\"text-align: justify;\">5 d\u016fvod\u016f, pro\u010d jet ly\u017eovat do francouzsk\u00e9 oblasti T\u0159i \u00fadol\u00ed (Les 3 Vall\u00e9es)&nbsp;<\/h2>\n<p style=\"text-align: justify;\">&nbsp;<\/p>\n<h3 style=\"text-align: justify;\">1. Velikost ly\u017ea\u0159sk\u00e9 oblasti<\/h3>\n<p style=\"text-align: justify;\">T\u0159i \u00fadol\u00ed jsou nejv\u011bt\u0161\u00ed ly\u017ea\u0159skou oblast\u00ed na sv\u011bt\u011b, kde si na 1 ski pass m\u016f\u017eete zaly\u017eovat na 600 km sjezdovek navz\u00e1jem propojen\u00fdch lanovkami (pokud zrovna nejsou n\u011bjak\u00e1 spojen\u00ed mezi jednotliv\u00fdmi rezorty zav\u0159en\u00e1 pro \u0161patn\u00e9 po\u010das\u00ed). Pro zaj\u00edmavost, nejdel\u0161\u00ed sjezdovka m\u011b\u0159\u00ed 12 km a jmenuje se C\u00eeme de Caron. V minulosti byly sjezdovky v provozu nez\u00e1visle a to a\u017e do za\u010d\u00e1tku 70. let, kdy se sjednotily v jednotnou ly\u017ea\u0159skou oblast nazvanou Les 3 Vall\u00e9es.<\/p>\n<p style=\"text-align: justify;\"><img loading=\"lazy\" decoding=\"async\" class=\"aligncenter size-full wp-image-14624\" src=\"http:\/\/1001voyagesgourmands.com\/wp-content\/uploads\/2017\/01\/Lyzovani_ve_trech_udolich_francie-2.jpg\" alt=\"Zaj\u00edm\u00e1 v\u00e1s, pro\u010d je ly\u017eov\u00e1n\u00ed ve T\u0159ech \u00fadol\u00edch tak fantastick\u00e9? Tady m\u00e1m pro v\u00e1s 5 d\u016fvod\u016f, pro\u010d jet ly\u017eovat do francouzsk\u00e9 oblasti Les 3 Vall\u00e9es.\" width=\"800\" height=\"533\" srcset=\"https:\/\/1001voyagesgourmands.com\/wp-content\/uploads\/2017\/01\/Lyzovani_ve_trech_udolich_francie-2.jpg 800w, https:\/\/1001voyagesgourmands.com\/wp-content\/uploads\/2017\/01\/Lyzovani_ve_trech_udolich_francie-2-263x175.jpg 263w, https:\/\/1001voyagesgourmands.com\/wp-content\/uploads\/2017\/01\/Lyzovani_ve_trech_udolich_francie-2-300x200.jpg 300w, https:\/\/1001voyagesgourmands.com\/wp-content\/uploads\/2017\/01\/Lyzovani_ve_trech_udolich_francie-2-768x512.jpg 768w, https:\/\/1001voyagesgourmands.com\/wp-content\/uploads\/2017\/01\/Lyzovani_ve_trech_udolich_francie-2-585x390.jpg 585w\" sizes=\"auto, (max-width: 800px) 100vw, 800px\" \/><\/p>\n<p style=\"text-align: justify;\">Dnes najdete v oblasti osm ly\u017ea\u0159sk\u00fdch st\u0159edisek disponuj\u00edc\u00edch vysokou ubytovac\u00ed kapacitou, z nich\u017e nejzn\u00e1m\u011bj\u0161\u00ed jsou&nbsp;Val Thorens, Les Menuires, Courchevel, a M\u00e9ribel. N\u011bkter\u00e1 st\u0159ediska jsou vyhl\u00e1\u0161en\u00e1 pro sv\u00e9 ve\u010d\u00edrky a tak jsou pln\u00e1 mlad\u00fdch, kte\u0159\u00ed propa\u0159\u00ed celou noc, n\u011bkter\u00e9 jsou hodn\u011b \u0161ik a dost drah\u00e9, jin\u00e9 jsou zas vhodn\u00e9 pro rodiny s d\u011btmi a cenov\u011b dostupn\u011bj\u0161\u00ed. My jsme byli ubytovan\u00ed v Les Meuniers s naprostou spokojenost\u00ed. Na jednu stranu sm\u011br Val Thorens, na druhou pak M\u00e9ribel a Courchevel. \ud83d\ude42<\/p>\n<div id=\"attachment_14646\" style=\"width: 810px\" class=\"wp-caption aligncenter\"><img loading=\"lazy\" decoding=\"async\" aria-describedby=\"caption-attachment-14646\" class=\"wp-image-14646 size-full\" src=\"http:\/\/1001voyagesgourmands.com\/wp-content\/uploads\/2017\/01\/Lyzovani_ve_trech_udolich_francie-6.jpg\" alt=\"Zaj\u00edm\u00e1 v\u00e1s, pro\u010d je ly\u017eov\u00e1n\u00ed ve T\u0159ech \u00fadol\u00edch tak fantastick\u00e9? Tady m\u00e1m pro v\u00e1s 5 d\u016fvod\u016f, pro\u010d jet ly\u017eovat do francouzsk\u00e9 oblasti Les 3 Vall\u00e9es.\" width=\"800\" height=\"530\" srcset=\"https:\/\/1001voyagesgourmands.com\/wp-content\/uploads\/2017\/01\/Lyzovani_ve_trech_udolich_francie-6.jpg 800w, https:\/\/1001voyagesgourmands.com\/wp-content\/uploads\/2017\/01\/Lyzovani_ve_trech_udolich_francie-6-263x175.jpg 263w, https:\/\/1001voyagesgourmands.com\/wp-content\/uploads\/2017\/01\/Lyzovani_ve_trech_udolich_francie-6-300x199.jpg 300w, https:\/\/1001voyagesgourmands.com\/wp-content\/uploads\/2017\/01\/Lyzovani_ve_trech_udolich_francie-6-768x509.jpg 768w, https:\/\/1001voyagesgourmands.com\/wp-content\/uploads\/2017\/01\/Lyzovani_ve_trech_udolich_francie-6-780x516.jpg 780w, https:\/\/1001voyagesgourmands.com\/wp-content\/uploads\/2017\/01\/Lyzovani_ve_trech_udolich_francie-6-585x388.jpg 585w\" sizes=\"auto, (max-width: 800px) 100vw, 800px\" \/><p id=\"caption-attachment-14646\" class=\"wp-caption-text\">Les Meuniers<\/p><\/div>\n<div id=\"attachment_14626\" style=\"width: 810px\" class=\"wp-caption aligncenter\"><img loading=\"lazy\" decoding=\"async\" aria-describedby=\"caption-attachment-14626\" class=\"wp-image-14626 size-full\" src=\"http:\/\/1001voyagesgourmands.com\/wp-content\/uploads\/2017\/01\/Lyzovani_ve_trech_udolich_francie-10.jpg\" alt=\"Zaj\u00edm\u00e1 v\u00e1s, pro\u010d je ly\u017eov\u00e1n\u00ed ve T\u0159ech \u00fadol\u00edch tak fantastick\u00e9? Tady m\u00e1m pro v\u00e1s 5 d\u016fvod\u016f, pro\u010d jet ly\u017eovat do francouzsk\u00e9 oblasti Les 3 Vall\u00e9es.\" width=\"800\" height=\"533\" srcset=\"https:\/\/1001voyagesgourmands.com\/wp-content\/uploads\/2017\/01\/Lyzovani_ve_trech_udolich_francie-10.jpg 800w, https:\/\/1001voyagesgourmands.com\/wp-content\/uploads\/2017\/01\/Lyzovani_ve_trech_udolich_francie-10-263x175.jpg 263w, https:\/\/1001voyagesgourmands.com\/wp-content\/uploads\/2017\/01\/Lyzovani_ve_trech_udolich_francie-10-300x200.jpg 300w, https:\/\/1001voyagesgourmands.com\/wp-content\/uploads\/2017\/01\/Lyzovani_ve_trech_udolich_francie-10-768x512.jpg 768w, https:\/\/1001voyagesgourmands.com\/wp-content\/uploads\/2017\/01\/Lyzovani_ve_trech_udolich_francie-10-585x390.jpg 585w\" sizes=\"auto, (max-width: 800px) 100vw, 800px\" \/><p id=\"caption-attachment-14626\" class=\"wp-caption-text\">Val Thorens<\/p><\/div>\n<p style=\"text-align: justify;\">&nbsp;<\/p>\n<h3 style=\"text-align: justify;\">2. Sn\u00edh a \u00fadr\u017eba<\/h3>\n<p style=\"text-align: justify;\">Nadmo\u0159sk\u00e1 v\u00fd\u0161ka cel\u00e9 ly\u017ea\u0159sk\u00e9 oblasti pohybuj\u00edc\u00ed se od 1100 m do 3230 m (p\u0159i\u010dem\u017e cel\u00fdch 85 % le\u017e\u00ed nad 1800 m), 2000 sn\u011bhov\u00fdch d\u011bl pokr\u00fdvaj\u00edc\u00edch polovinu are\u00e1lu a 70 udr\u017eovac\u00edch ma\u0161in pracuj\u00edc\u00edch p\u0159es noc zaru\u010duj\u00ed dostatek sn\u011bhu po celou sez\u00f3nu. Na 160 no\u010dn\u00edch \u00fadr\u017eb\u00e1\u0159\u016f se star\u00e1 o to, aby zde v\u00e1\u0161 ly\u017ea\u0159sk\u00fd po\u017eitek byl co nejlep\u0161\u00ed.<\/p>\n<p style=\"text-align: justify;\"><img loading=\"lazy\" decoding=\"async\" class=\"aligncenter size-full wp-image-14630\" src=\"http:\/\/1001voyagesgourmands.com\/wp-content\/uploads\/2017\/01\/Lyzovani_ve_trech_udolich_francie-9.jpg\" alt=\"Zaj\u00edm\u00e1 v\u00e1s, pro\u010d je ly\u017eov\u00e1n\u00ed ve T\u0159ech \u00fadol\u00edch tak fantastick\u00e9? Tady m\u00e1m pro v\u00e1s 5 d\u016fvod\u016f, pro\u010d jet ly\u017eovat do francouzsk\u00e9 oblasti Les 3 Vall\u00e9es.\" width=\"800\" height=\"533\" srcset=\"https:\/\/1001voyagesgourmands.com\/wp-content\/uploads\/2017\/01\/Lyzovani_ve_trech_udolich_francie-9.jpg 800w, https:\/\/1001voyagesgourmands.com\/wp-content\/uploads\/2017\/01\/Lyzovani_ve_trech_udolich_francie-9-263x175.jpg 263w, https:\/\/1001voyagesgourmands.com\/wp-content\/uploads\/2017\/01\/Lyzovani_ve_trech_udolich_francie-9-300x200.jpg 300w, https:\/\/1001voyagesgourmands.com\/wp-content\/uploads\/2017\/01\/Lyzovani_ve_trech_udolich_francie-9-768x512.jpg 768w, https:\/\/1001voyagesgourmands.com\/wp-content\/uploads\/2017\/01\/Lyzovani_ve_trech_udolich_francie-9-585x390.jpg 585w\" sizes=\"auto, (max-width: 800px) 100vw, 800px\" \/><\/p>\n<p style=\"text-align: justify;\">&nbsp;<\/p>\n<h3 style=\"text-align: justify;\">3.&nbsp;Rozmanitost ter\u00e9nu<\/h3>\n<p style=\"text-align: justify;\">Co je d\u011bsn\u011b fajn na ly\u017eov\u00e1n\u00ed ve T\u0159ech \u00fadol\u00edch je rozmanit\u00fd ter\u00e9n, a tak si tu ka\u017ed\u00fd p\u0159ijde na sv\u00e9 &#8211; a kdy\u017e \u0159\u00edk\u00e1m ka\u017ed\u00fd, m\u00e1m t\u00edm na mysli jedince od \u00fapln\u00fdch za\u010d\u00e1te\u010dn\u00edk\u016f a\u017e po milovn\u00edky adrenalinu, ly\u017ea\u0159e, snowboardisty, s\u00e1\u0148ka\u0159e i b\u011b\u017eka\u0159e. Zat\u00edmco zelen\u00e9, modr\u00e9 a \u010derven\u00e9 sjezdovky jsou dob\u0159e udr\u017eovan\u00e9 ka\u017ed\u00fd den i noc, \u010dern\u00e9 sjezdovky \u010dasto z\u016fst\u00e1vaj\u00ed neupraven\u00e9, aby tak umocnily pro\u017eitek jedinc\u016f prahnouc\u00edch po adrenalinu. Na druhou stranu je tu i dost m\u00edst vhodn\u00fdch pro \u00fapln\u00e9 za\u010d\u00e1te\u010dn\u00edky a to jak na ly\u017e\u00edch, tak i snowboardu. Ti se mohou vydat na m\u00edsta ozna\u010den\u00e1 jako &#8222;Easy Rider&#8220; z\u00f3ny. B\u011b\u017eka\u0159i zas ocen\u00ed 120 km b\u011b\u017eeck\u00fdch drah.<\/p>\n<p style=\"text-align: justify;\"><img loading=\"lazy\" decoding=\"async\" class=\"aligncenter size-full wp-image-14654\" src=\"http:\/\/1001voyagesgourmands.com\/wp-content\/uploads\/2017\/01\/lyzovani_ve_3_udolich_francie-18.jpg\" alt=\"Zaj\u00edm\u00e1 v\u00e1s, pro\u010d je ly\u017eov\u00e1n\u00ed ve T\u0159ech \u00fadol\u00edch tak fantastick\u00e9? Tady m\u00e1m pro v\u00e1s 5 d\u016fvod\u016f, pro\u010d jet ly\u017eovat do francouzsk\u00e9 oblasti Les 3 Vall\u00e9es.\" width=\"800\" height=\"533\" srcset=\"https:\/\/1001voyagesgourmands.com\/wp-content\/uploads\/2017\/01\/lyzovani_ve_3_udolich_francie-18.jpg 800w, https:\/\/1001voyagesgourmands.com\/wp-content\/uploads\/2017\/01\/lyzovani_ve_3_udolich_francie-18-263x175.jpg 263w, https:\/\/1001voyagesgourmands.com\/wp-content\/uploads\/2017\/01\/lyzovani_ve_3_udolich_francie-18-300x200.jpg 300w, https:\/\/1001voyagesgourmands.com\/wp-content\/uploads\/2017\/01\/lyzovani_ve_3_udolich_francie-18-768x512.jpg 768w, https:\/\/1001voyagesgourmands.com\/wp-content\/uploads\/2017\/01\/lyzovani_ve_3_udolich_francie-18-585x390.jpg 585w\" sizes=\"auto, (max-width: 800px) 100vw, 800px\" \/><\/p>\n<p style=\"text-align: justify;\">&nbsp;<\/p>\n<h3 style=\"text-align: justify;\">4.&nbsp;Lanovky<\/h3>\n<p style=\"text-align: justify;\">Ve T\u0159ech \u00fadol\u00edch funguje v\u00edce jak 160 lanovek a p\u00e1r jich tu tak\u00e9 bylo vynalezeno, jako nap\u0159\u00edklad Funitel, jeho\u017e technologie je dnes exportov\u00e1na i do jin\u00fdch zem\u00ed. Lanovky jsou zde velice efektivn\u00ed a zaru\u010duj\u00ed n\u00edzk\u00e9 \u010dekac\u00ed doby ve srovn\u00e1n\u00ed s podobn\u00fdmi stanicemi (v pr\u016fm\u011bru 2 hodiny \u010dek\u00e1n\u00ed ze 7-hodinov\u00e9ho ly\u017ea\u0159sk\u00e9ho dne v porovn\u00e1n\u00ed s 3-4 hodinami \u010dek\u00e1n\u00ed jinde).<\/p>\n<p style=\"text-align: justify;\"><img loading=\"lazy\" decoding=\"async\" class=\"aligncenter size-full wp-image-14649\" src=\"http:\/\/1001voyagesgourmands.com\/wp-content\/uploads\/2017\/01\/Lyzovani_ve_trech_udolich_francie-16.jpg\" alt=\"Zaj\u00edm\u00e1 v\u00e1s, pro\u010d je ly\u017eov\u00e1n\u00ed ve T\u0159ech \u00fadol\u00edch tak fantastick\u00e9? Tady m\u00e1m pro v\u00e1s 5 d\u016fvod\u016f, pro\u010d jet ly\u017eovat do francouzsk\u00e9 oblasti Les 3 Vall\u00e9es.\" width=\"799\" height=\"533\" srcset=\"https:\/\/1001voyagesgourmands.com\/wp-content\/uploads\/2017\/01\/Lyzovani_ve_trech_udolich_francie-16.jpg 799w, https:\/\/1001voyagesgourmands.com\/wp-content\/uploads\/2017\/01\/Lyzovani_ve_trech_udolich_francie-16-263x175.jpg 263w, https:\/\/1001voyagesgourmands.com\/wp-content\/uploads\/2017\/01\/Lyzovani_ve_trech_udolich_francie-16-300x200.jpg 300w, https:\/\/1001voyagesgourmands.com\/wp-content\/uploads\/2017\/01\/Lyzovani_ve_trech_udolich_francie-16-768x512.jpg 768w, https:\/\/1001voyagesgourmands.com\/wp-content\/uploads\/2017\/01\/Lyzovani_ve_trech_udolich_francie-16-585x390.jpg 585w\" sizes=\"auto, (max-width: 799px) 100vw, 799px\" \/><\/p>\n<p style=\"text-align: center;\"><em>Photo by 123_456 &#8211; via Flickr<\/em><\/p>\n<p style=\"text-align: justify;\">&nbsp;<\/p>\n<h3 style=\"text-align: justify;\">5. J\u00eddlo a ve\u010den\u00ed \u017eivot<\/h3>\n<p style=\"text-align: justify;\">Po n\u00e1ro\u010dn\u00e9m sportovn\u00edm a chladn\u00e9m dni je pot\u0159eba se po\u0159\u00e1dn\u011b zah\u0159\u00e1t. A to jak alkoholem, tak dobr\u00fdm tepl\u00fdm j\u00eddlem. \ud83d\ude42 Kulturn\u00ed program je ve T\u0159ech \u00fadol\u00edch bohat\u00fd, najdete tu i plno bar\u016f a klub\u016f. A j\u00eddlo tu maj\u00ed moc dobr\u00fd! Jist\u011b v\u00e1s v Savojsku nemine s\u00fdrov\u00e9 fondue \u010di raclette. A co je super je, \u017ee nemus\u00edte m\u00edt \u017e\u00e1dn\u00e9 v\u00fd\u010ditky, proto\u017ee cel\u00fd den sportujete! \ud83d\ude09 Ve T\u0159ech \u00fadol\u00edch najdete spoustu dobr\u00fdch restaurac\u00ed serv\u00edruj\u00edc\u00edch jak savojsk\u00e9 speciality, tak modern\u00ed gastronomii. Je tu &#8222;pouh\u00fdch&#8220; 18 Michelinsk\u00fdch restaurac\u00ed, kde va\u0159\u00ed opravdu \u0161pi\u010dkov\u00ed kucha\u0159i, jako t\u0159eba sv\u011btov\u011b zn\u00e1m\u00fd Yannick Alleno. Je ov\u0161em nutn\u00e9 dodat, \u017ee v\u011bt\u0161ina se nach\u00e1z\u00ed v nejpresti\u017en\u011bj\u0161\u00edm st\u0159edisku Courchevel. No a pro ty z v\u00e1s, kdo si sp\u00ed\u0161e potrp\u00ed na ve\u010de\u0159i p\u0159ipravenou doma, tak si m\u016f\u017eete vychutnat n\u011bco dobr\u00e9ho alespo\u0148 p\u0159es&nbsp;den na sjezdovk\u00e1ch, kde se nach\u00e1z\u00ed chatky se sva\u0159\u00e1ky, pivkem i n\u011b\u010d\u00edm k sn\u011bdku. Nen\u00ed nad francouzsk\u00e9 crepes s dom\u00e1c\u00ed \u010dokol\u00e1dou!<\/p>\n<div id=\"attachment_14628\" style=\"width: 810px\" class=\"wp-caption aligncenter\"><img loading=\"lazy\" decoding=\"async\" aria-describedby=\"caption-attachment-14628\" class=\"wp-image-14628 size-full\" src=\"http:\/\/1001voyagesgourmands.com\/wp-content\/uploads\/2017\/01\/Lyzovani_ve_trech_udolich_francie-15.jpg\" alt=\"Zaj\u00edm\u00e1 v\u00e1s, pro\u010d je ly\u017eov\u00e1n\u00ed ve T\u0159ech \u00fadol\u00edch tak fantastick\u00e9? Tady m\u00e1m pro v\u00e1s 5 d\u016fvod\u016f, pro\u010d jet ly\u017eovat do francouzsk\u00e9 oblasti Les 3 Vall\u00e9es.\" width=\"800\" height=\"533\" srcset=\"https:\/\/1001voyagesgourmands.com\/wp-content\/uploads\/2017\/01\/Lyzovani_ve_trech_udolich_francie-15.jpg 800w, https:\/\/1001voyagesgourmands.com\/wp-content\/uploads\/2017\/01\/Lyzovani_ve_trech_udolich_francie-15-263x175.jpg 263w, https:\/\/1001voyagesgourmands.com\/wp-content\/uploads\/2017\/01\/Lyzovani_ve_trech_udolich_francie-15-300x200.jpg 300w, https:\/\/1001voyagesgourmands.com\/wp-content\/uploads\/2017\/01\/Lyzovani_ve_trech_udolich_francie-15-768x512.jpg 768w, https:\/\/1001voyagesgourmands.com\/wp-content\/uploads\/2017\/01\/Lyzovani_ve_trech_udolich_francie-15-585x390.jpg 585w\" sizes=\"auto, (max-width: 800px) 100vw, 800px\" \/><p id=\"caption-attachment-14628\" class=\"wp-caption-text\">Savojsk\u00e9 s\u00fdrov\u00e9 fondue &#8211; pro m\u011b jeden z nejlep\u0161\u00edch moment\u016f ve T\u0159ech \u00fadol\u00edch \ud83d\ude42<\/p><\/div>\n<p style=\"text-align: justify;\">&nbsp;<\/p>\n<h3 style=\"text-align: justify;\">Praktick\u00e9 informace<\/h3>\n<p style=\"text-align: justify;\">Sez\u00f3na je zde od prosince do dubna (pokud mo\u017eno, vyhn\u011bte se t\u00fddn\u016fm, kdy maj\u00ed Francouzsk\u00e9 \u0161koly pr\u00e1zdniny).<\/p>\n<p style=\"text-align: justify;\">Denn\u00ed ski pass v\u00e1s vyjde na 60 Eur (d\u011bti 48), 6-denn\u00ed pak 294 Eur (aktu\u00e1ln\u00ed &nbsp;ceny &#8211; leden 2017)<\/p>\n<p style=\"text-align: justify;\">V\u00edce informac\u00ed najdete na str\u00e1nk\u00e1ch <a href=\"http:\/\/www.les3vallees.com\" target=\"_blank\">T\u0159\u00ed \u00fadol\u00ed<\/a>.<\/p>\n<p style=\"text-align: justify;\"><img loading=\"lazy\" decoding=\"async\" class=\"aligncenter size-full wp-image-14640\" src=\"http:\/\/1001voyagesgourmands.com\/wp-content\/uploads\/2017\/01\/Lyzovani_ve_trech_udolich_francie-11.jpg\" alt=\"Zaj\u00edm\u00e1 v\u00e1s, pro\u010d je ly\u017eov\u00e1n\u00ed ve T\u0159ech \u00fadol\u00edch tak fantastick\u00e9? Tady m\u00e1m pro v\u00e1s 5 d\u016fvod\u016f, pro\u010d jet ly\u017eovat do francouzsk\u00e9 oblasti Les 3 Vall\u00e9es.\" width=\"800\" height=\"533\" srcset=\"https:\/\/1001voyagesgourmands.com\/wp-content\/uploads\/2017\/01\/Lyzovani_ve_trech_udolich_francie-11.jpg 800w, https:\/\/1001voyagesgourmands.com\/wp-content\/uploads\/2017\/01\/Lyzovani_ve_trech_udolich_francie-11-300x200.jpg 300w, https:\/\/1001voyagesgourmands.com\/wp-content\/uploads\/2017\/01\/Lyzovani_ve_trech_udolich_francie-11-768x512.jpg 768w, https:\/\/1001voyagesgourmands.com\/wp-content\/uploads\/2017\/01\/Lyzovani_ve_trech_udolich_francie-11-585x390.jpg 585w, https:\/\/1001voyagesgourmands.com\/wp-content\/uploads\/2017\/01\/Lyzovani_ve_trech_udolich_francie-11-263x175.jpg 263w\" sizes=\"auto, (max-width: 800px) 100vw, 800px\" \/><\/p>\n<p style=\"text-align: justify;\">&nbsp;<\/p>\n<p style=\"text-align: justify;\"><em>Jak tak kouk\u00e1m a soud\u00edm dle velikosti ka\u017ed\u00e9ho odstavce, je to se mnou fakt \u0161patn\u00fd.&nbsp;Vypad\u00e1 to, \u017ee m\u011b sp\u00ed\u0161 na T\u0159ech \u00fadol\u00edch zaujalo j\u00eddlo. \ud83d\ude00 No lep\u0161\u00ed u\u017e to nebude&#8230; Kam jezd\u00edte nejrad\u011bji ly\u017eovat vy a pro\u010d? Zaj\u00edmalo by m\u011b, zda preferujete \u010cesko, Slovensko, nebo zahrani\u010d\u00ed? A jezd\u00edte n\u011bkdo do Francie pravideln\u011b?<\/em><\/p>\n<p style=\"text-align: justify;\"><em>Pokud se v\u00e1m \u010dl\u00e1nek l\u00edbil, sd\u00edlejte ho na soci\u00e1ln\u00edch s\u00edt\u00edch, nebo si ho ulo\u017ete na Pinterest pro pozd\u011bj\u0161\u00ed vyu\u017eit\u00ed.<\/em><\/p>\n<p style=\"text-align: justify;\"><img loading=\"lazy\" decoding=\"async\" class=\"aligncenter wp-image-14688\" src=\"http:\/\/1001voyagesgourmands.com\/wp-content\/uploads\/2017\/01\/Lyzovani_ve_trech_udolich_francie-PIN-683x1024.jpg\" alt=\"Zaj\u00edm\u00e1 v\u00e1s, pro\u010d je ly\u017eov\u00e1n\u00ed ve T\u0159ech \u00fadol\u00edch tak fantastick\u00e9? Tady m\u00e1m pro v\u00e1s 5 d\u016fvod\u016f, pro\u010d jet ly\u017eovat do francouzsk\u00e9 oblasti Les 3 Vall\u00e9es.\" width=\"501\" height=\"751\" srcset=\"https:\/\/1001voyagesgourmands.com\/wp-content\/uploads\/2017\/01\/Lyzovani_ve_trech_udolich_francie-PIN-683x1024.jpg 683w, https:\/\/1001voyagesgourmands.com\/wp-content\/uploads\/2017\/01\/Lyzovani_ve_trech_udolich_francie-PIN-200x300.jpg 200w, https:\/\/1001voyagesgourmands.com\/wp-content\/uploads\/2017\/01\/Lyzovani_ve_trech_udolich_francie-PIN-585x877.jpg 585w, https:\/\/1001voyagesgourmands.com\/wp-content\/uploads\/2017\/01\/Lyzovani_ve_trech_udolich_francie-PIN.jpg 735w\" sizes=\"auto, (max-width: 501px) 100vw, 501px\" \/><\/p>\n","protected":false},"excerpt":{"rendered":"<p>Pokud jste si je\u0161t\u011b nezarezervovali zimn\u00ed pr\u00e1zdniny a rozhodujete se kam, pak tu m\u00e1m pro v\u00e1s aktu\u00e1ln\u00ed t\u00e9ma. Dnes v\u00e1m toti\u017e pov\u00edm o ly\u017ea\u0159sk\u00e9 oblasti Les 3 Vall\u00e9es neboli \u010desky T\u0159i \u00fadol\u00ed, le\u017e\u00edc\u00ed v departmentu Savoie ve Francii. Jak ji\u017e n\u00e1zev nab\u00e1d\u00e1, jedn\u00e1 se o seskupen\u00ed t\u0159\u00ed \u00fadol\u00ed, kter\u00fdmi jsou&nbsp;Saint-Bon,&hellip;<\/p>\n","protected":false},"author":1,"featured_media":14640,"comment_status":"open","ping_status":"open","sticky":false,"template":"","format":"standard","meta":{"_exactmetrics_skip_tracking":false,"_exactmetrics_sitenote_active":false,"_exactmetrics_sitenote_note":"","_exactmetrics_sitenote_category":0,"_lmt_disableupdate":"","_lmt_disable":"","footnotes":""},"categories":[4,7],"tags":[40],"class_list":["post-14610","post","type-post","status-publish","format-standard","has-post-thumbnail","hentry","category-cestovani","category-francie","tag-francie"],"yoast_head":"<!-- This site is optimized with the Yoast SEO plugin v26.1.1 - https:\/\/yoast.com\/wordpress\/plugins\/seo\/ -->\n<title>Ly\u017eov\u00e1n\u00ed ve T\u0159ech \u00fadol\u00edch (Les 3 Vall\u00e9es) ve Francii - 1001 Voyages Gourmands<\/title>\n<meta name=\"description\" content=\"Zaj\u00edm\u00e1 v\u00e1s, pro\u010d je ly\u017eov\u00e1n\u00ed ve T\u0159ech \u00fadol\u00edch tak fantastick\u00e9? Tady m\u00e1m pro v\u00e1s 5 d\u016fvod\u016f, pro\u010d jet ly\u017eovat do francouzsk\u00e9 oblasti Les 3 Vall\u00e9es.\" \/>\n<meta name=\"robots\" content=\"index, follow, max-snippet:-1, max-image-preview:large, max-video-preview:-1\" \/>\n<link rel=\"canonical\" href=\"https:\/\/1001voyagesgourmands.com\/cs\/lyzovani-ve-trech-udolich-francie\/\" \/>\n<meta property=\"og:locale\" content=\"cs_CZ\" \/>\n<meta property=\"og:type\" content=\"article\" \/>\n<meta property=\"og:title\" content=\"Ly\u017eov\u00e1n\u00ed ve T\u0159ech \u00fadol\u00edch (Les 3 Vall\u00e9es) ve Francii - 1001 Voyages Gourmands\" \/>\n<meta property=\"og:description\" content=\"Zaj\u00edm\u00e1 v\u00e1s, pro\u010d je ly\u017eov\u00e1n\u00ed ve T\u0159ech \u00fadol\u00edch tak fantastick\u00e9? Tady m\u00e1m pro v\u00e1s 5 d\u016fvod\u016f, pro\u010d jet ly\u017eovat do francouzsk\u00e9 oblasti Les 3 Vall\u00e9es.\" \/>\n<meta property=\"og:url\" content=\"https:\/\/1001voyagesgourmands.com\/cs\/lyzovani-ve-trech-udolich-francie\/\" \/>\n<meta property=\"og:site_name\" content=\"1001 Voyages Gourmands\" \/>\n<meta property=\"article:publisher\" content=\"https:\/\/www.facebook.com\/1001voyagesgourmands\" \/>\n<meta property=\"article:published_time\" content=\"2017-01-16T07:00:41+00:00\" \/>\n<meta property=\"article:modified_time\" content=\"2017-01-17T20:38:50+00:00\" \/>\n<meta property=\"og:image\" content=\"https:\/\/1001voyagesgourmands.com\/wp-content\/uploads\/2017\/01\/Lyzovani_ve_trech_udolich_francie-11.jpg\" \/>\n\t<meta property=\"og:image:width\" content=\"800\" \/>\n\t<meta property=\"og:image:height\" content=\"533\" \/>\n\t<meta property=\"og:image:type\" content=\"image\/jpeg\" \/>\n<meta name=\"author\" content=\"Michaela\" \/>\n<meta name=\"twitter:card\" content=\"summary_large_image\" \/>\n<meta name=\"twitter:creator\" content=\"@michaela_1001vg\" \/>\n<meta name=\"twitter:site\" content=\"@michaela_1001vg\" \/>\n<meta name=\"twitter:label1\" content=\"Napsal(a)\" \/>\n\t<meta name=\"twitter:data1\" content=\"Michaela\" \/>\n\t<meta name=\"twitter:label2\" content=\"Odhadovan\u00e1 doba \u010dten\u00ed\" \/>\n\t<meta name=\"twitter:data2\" content=\"6 minut\" \/>\n<script type=\"application\/ld+json\" class=\"yoast-schema-graph\">{\"@context\":\"https:\/\/schema.org\",\"@graph\":[{\"@type\":\"WebPage\",\"@id\":\"https:\/\/1001voyagesgourmands.com\/cs\/lyzovani-ve-trech-udolich-francie\/\",\"url\":\"https:\/\/1001voyagesgourmands.com\/cs\/lyzovani-ve-trech-udolich-francie\/\",\"name\":\"Ly\u017eov\u00e1n\u00ed ve T\u0159ech \u00fadol\u00edch (Les 3 Vall\u00e9es) ve Francii - 1001 Voyages Gourmands\",\"isPartOf\":{\"@id\":\"https:\/\/1001voyagesgourmands.com\/cs\/#website\"},\"primaryImageOfPage\":{\"@id\":\"https:\/\/1001voyagesgourmands.com\/cs\/lyzovani-ve-trech-udolich-francie\/#primaryimage\"},\"image\":{\"@id\":\"https:\/\/1001voyagesgourmands.com\/cs\/lyzovani-ve-trech-udolich-francie\/#primaryimage\"},\"thumbnailUrl\":\"https:\/\/1001voyagesgourmands.com\/wp-content\/uploads\/2017\/01\/Lyzovani_ve_trech_udolich_francie-11.jpg\",\"datePublished\":\"2017-01-16T07:00:41+00:00\",\"dateModified\":\"2017-01-17T20:38:50+00:00\",\"author\":{\"@id\":\"https:\/\/1001voyagesgourmands.com\/cs\/#\/schema\/person\/62e0e7238fcf7482b23bf83e1b72ff1b\"},\"description\":\"Zaj\u00edm\u00e1 v\u00e1s, pro\u010d je ly\u017eov\u00e1n\u00ed ve T\u0159ech \u00fadol\u00edch tak fantastick\u00e9? Tady m\u00e1m pro v\u00e1s 5 d\u016fvod\u016f, pro\u010d jet ly\u017eovat do francouzsk\u00e9 oblasti Les 3 Vall\u00e9es.\",\"breadcrumb\":{\"@id\":\"https:\/\/1001voyagesgourmands.com\/cs\/lyzovani-ve-trech-udolich-francie\/#breadcrumb\"},\"inLanguage\":\"cs\",\"potentialAction\":[{\"@type\":\"ReadAction\",\"target\":[\"https:\/\/1001voyagesgourmands.com\/cs\/lyzovani-ve-trech-udolich-francie\/\"]}]},{\"@type\":\"ImageObject\",\"inLanguage\":\"cs\",\"@id\":\"https:\/\/1001voyagesgourmands.com\/cs\/lyzovani-ve-trech-udolich-francie\/#primaryimage\",\"url\":\"https:\/\/1001voyagesgourmands.com\/wp-content\/uploads\/2017\/01\/Lyzovani_ve_trech_udolich_francie-11.jpg\",\"contentUrl\":\"https:\/\/1001voyagesgourmands.com\/wp-content\/uploads\/2017\/01\/Lyzovani_ve_trech_udolich_francie-11.jpg\",\"width\":800,\"height\":533,\"caption\":\"Zaj\u00edm\u00e1 v\u00e1s, pro\u010d je ly\u017eov\u00e1n\u00ed ve T\u0159ech \u00fadol\u00edch tak fantastick\u00e9? Tady m\u00e1m pro v\u00e1s 5 d\u016fvod\u016f, pro\u010d jet ly\u017eovat do francouzsk\u00e9 oblasti Les 3 Vall\u00e9es.\"},{\"@type\":\"BreadcrumbList\",\"@id\":\"https:\/\/1001voyagesgourmands.com\/cs\/lyzovani-ve-trech-udolich-francie\/#breadcrumb\",\"itemListElement\":[{\"@type\":\"ListItem\",\"position\":1,\"name\":\"Dom\u016f\",\"item\":\"https:\/\/1001voyagesgourmands.com\/cs\/\"},{\"@type\":\"ListItem\",\"position\":2,\"name\":\"Ly\u017eov\u00e1n\u00ed ve T\u0159ech \u00fadol\u00edch (Les 3 Vall\u00e9es) ve Francii\"}]},{\"@type\":\"WebSite\",\"@id\":\"https:\/\/1001voyagesgourmands.com\/cs\/#website\",\"url\":\"https:\/\/1001voyagesgourmands.com\/cs\/\",\"name\":\"1001 Voyages Gourmands\",\"description\":\"Food | Travel | Photography\",\"potentialAction\":[{\"@type\":\"SearchAction\",\"target\":{\"@type\":\"EntryPoint\",\"urlTemplate\":\"https:\/\/1001voyagesgourmands.com\/cs\/?s={search_term_string}\"},\"query-input\":{\"@type\":\"PropertyValueSpecification\",\"valueRequired\":true,\"valueName\":\"search_term_string\"}}],\"inLanguage\":\"cs\"},{\"@type\":\"Person\",\"@id\":\"https:\/\/1001voyagesgourmands.com\/cs\/#\/schema\/person\/62e0e7238fcf7482b23bf83e1b72ff1b\",\"name\":\"Michaela\",\"image\":{\"@type\":\"ImageObject\",\"inLanguage\":\"cs\",\"@id\":\"https:\/\/1001voyagesgourmands.com\/cs\/#\/schema\/person\/image\/\",\"url\":\"https:\/\/secure.gravatar.com\/avatar\/73fa562a5b0ce269ca480f67de504b8ecac054a121d170e226f1b79e02024cb8?s=96&d=mm&r=g\",\"contentUrl\":\"https:\/\/secure.gravatar.com\/avatar\/73fa562a5b0ce269ca480f67de504b8ecac054a121d170e226f1b79e02024cb8?s=96&d=mm&r=g\",\"caption\":\"Michaela\"},\"sameAs\":[\"http:\/\/1001voyagesgourmands.com\"]}]}<\/script>\n<!-- \/ Yoast SEO plugin. -->","yoast_head_json":{"title":"Ly\u017eov\u00e1n\u00ed ve T\u0159ech \u00fadol\u00edch (Les 3 Vall\u00e9es) ve Francii - 1001 Voyages Gourmands","description":"Zaj\u00edm\u00e1 v\u00e1s, pro\u010d je ly\u017eov\u00e1n\u00ed ve T\u0159ech \u00fadol\u00edch tak fantastick\u00e9? Tady m\u00e1m pro v\u00e1s 5 d\u016fvod\u016f, pro\u010d jet ly\u017eovat do francouzsk\u00e9 oblasti Les 3 Vall\u00e9es.","robots":{"index":"index","follow":"follow","max-snippet":"max-snippet:-1","max-image-preview":"max-image-preview:large","max-video-preview":"max-video-preview:-1"},"canonical":"https:\/\/1001voyagesgourmands.com\/cs\/lyzovani-ve-trech-udolich-francie\/","og_locale":"cs_CZ","og_type":"article","og_title":"Ly\u017eov\u00e1n\u00ed ve T\u0159ech \u00fadol\u00edch (Les 3 Vall\u00e9es) ve Francii - 1001 Voyages Gourmands","og_description":"Zaj\u00edm\u00e1 v\u00e1s, pro\u010d je ly\u017eov\u00e1n\u00ed ve T\u0159ech \u00fadol\u00edch tak fantastick\u00e9? Tady m\u00e1m pro v\u00e1s 5 d\u016fvod\u016f, pro\u010d jet ly\u017eovat do francouzsk\u00e9 oblasti Les 3 Vall\u00e9es.","og_url":"https:\/\/1001voyagesgourmands.com\/cs\/lyzovani-ve-trech-udolich-francie\/","og_site_name":"1001 Voyages Gourmands","article_publisher":"https:\/\/www.facebook.com\/1001voyagesgourmands","article_published_time":"2017-01-16T07:00:41+00:00","article_modified_time":"2017-01-17T20:38:50+00:00","og_image":[{"width":800,"height":533,"url":"https:\/\/1001voyagesgourmands.com\/wp-content\/uploads\/2017\/01\/Lyzovani_ve_trech_udolich_francie-11.jpg","type":"image\/jpeg"}],"author":"Michaela","twitter_card":"summary_large_image","twitter_creator":"@michaela_1001vg","twitter_site":"@michaela_1001vg","twitter_misc":{"Napsal(a)":"Michaela","Odhadovan\u00e1 doba \u010dten\u00ed":"6 minut"},"schema":{"@context":"https:\/\/schema.org","@graph":[{"@type":"WebPage","@id":"https:\/\/1001voyagesgourmands.com\/cs\/lyzovani-ve-trech-udolich-francie\/","url":"https:\/\/1001voyagesgourmands.com\/cs\/lyzovani-ve-trech-udolich-francie\/","name":"Ly\u017eov\u00e1n\u00ed ve T\u0159ech \u00fadol\u00edch (Les 3 Vall\u00e9es) ve Francii - 1001 Voyages Gourmands","isPartOf":{"@id":"https:\/\/1001voyagesgourmands.com\/cs\/#website"},"primaryImageOfPage":{"@id":"https:\/\/1001voyagesgourmands.com\/cs\/lyzovani-ve-trech-udolich-francie\/#primaryimage"},"image":{"@id":"https:\/\/1001voyagesgourmands.com\/cs\/lyzovani-ve-trech-udolich-francie\/#primaryimage"},"thumbnailUrl":"https:\/\/1001voyagesgourmands.com\/wp-content\/uploads\/2017\/01\/Lyzovani_ve_trech_udolich_francie-11.jpg","datePublished":"2017-01-16T07:00:41+00:00","dateModified":"2017-01-17T20:38:50+00:00","author":{"@id":"https:\/\/1001voyagesgourmands.com\/cs\/#\/schema\/person\/62e0e7238fcf7482b23bf83e1b72ff1b"},"description":"Zaj\u00edm\u00e1 v\u00e1s, pro\u010d je ly\u017eov\u00e1n\u00ed ve T\u0159ech \u00fadol\u00edch tak fantastick\u00e9? Tady m\u00e1m pro v\u00e1s 5 d\u016fvod\u016f, pro\u010d jet ly\u017eovat do francouzsk\u00e9 oblasti Les 3 Vall\u00e9es.","breadcrumb":{"@id":"https:\/\/1001voyagesgourmands.com\/cs\/lyzovani-ve-trech-udolich-francie\/#breadcrumb"},"inLanguage":"cs","potentialAction":[{"@type":"ReadAction","target":["https:\/\/1001voyagesgourmands.com\/cs\/lyzovani-ve-trech-udolich-francie\/"]}]},{"@type":"ImageObject","inLanguage":"cs","@id":"https:\/\/1001voyagesgourmands.com\/cs\/lyzovani-ve-trech-udolich-francie\/#primaryimage","url":"https:\/\/1001voyagesgourmands.com\/wp-content\/uploads\/2017\/01\/Lyzovani_ve_trech_udolich_francie-11.jpg","contentUrl":"https:\/\/1001voyagesgourmands.com\/wp-content\/uploads\/2017\/01\/Lyzovani_ve_trech_udolich_francie-11.jpg","width":800,"height":533,"caption":"Zaj\u00edm\u00e1 v\u00e1s, pro\u010d je ly\u017eov\u00e1n\u00ed ve T\u0159ech \u00fadol\u00edch tak fantastick\u00e9? Tady m\u00e1m pro v\u00e1s 5 d\u016fvod\u016f, pro\u010d jet ly\u017eovat do francouzsk\u00e9 oblasti Les 3 Vall\u00e9es."},{"@type":"BreadcrumbList","@id":"https:\/\/1001voyagesgourmands.com\/cs\/lyzovani-ve-trech-udolich-francie\/#breadcrumb","itemListElement":[{"@type":"ListItem","position":1,"name":"Dom\u016f","item":"https:\/\/1001voyagesgourmands.com\/cs\/"},{"@type":"ListItem","position":2,"name":"Ly\u017eov\u00e1n\u00ed ve T\u0159ech \u00fadol\u00edch (Les 3 Vall\u00e9es) ve Francii"}]},{"@type":"WebSite","@id":"https:\/\/1001voyagesgourmands.com\/cs\/#website","url":"https:\/\/1001voyagesgourmands.com\/cs\/","name":"1001 Voyages Gourmands","description":"Food | Travel | Photography","potentialAction":[{"@type":"SearchAction","target":{"@type":"EntryPoint","urlTemplate":"https:\/\/1001voyagesgourmands.com\/cs\/?s={search_term_string}"},"query-input":{"@type":"PropertyValueSpecification","valueRequired":true,"valueName":"search_term_string"}}],"inLanguage":"cs"},{"@type":"Person","@id":"https:\/\/1001voyagesgourmands.com\/cs\/#\/schema\/person\/62e0e7238fcf7482b23bf83e1b72ff1b","name":"Michaela","image":{"@type":"ImageObject","inLanguage":"cs","@id":"https:\/\/1001voyagesgourmands.com\/cs\/#\/schema\/person\/image\/","url":"https:\/\/secure.gravatar.com\/avatar\/73fa562a5b0ce269ca480f67de504b8ecac054a121d170e226f1b79e02024cb8?s=96&d=mm&r=g","contentUrl":"https:\/\/secure.gravatar.com\/avatar\/73fa562a5b0ce269ca480f67de504b8ecac054a121d170e226f1b79e02024cb8?s=96&d=mm&r=g","caption":"Michaela"},"sameAs":["http:\/\/1001voyagesgourmands.com"]}]}},"_links":{"self":[{"href":"https:\/\/1001voyagesgourmands.com\/cs\/wp-json\/wp\/v2\/posts\/14610","targetHints":{"allow":["GET"]}}],"collection":[{"href":"https:\/\/1001voyagesgourmands.com\/cs\/wp-json\/wp\/v2\/posts"}],"about":[{"href":"https:\/\/1001voyagesgourmands.com\/cs\/wp-json\/wp\/v2\/types\/post"}],"author":[{"embeddable":true,"href":"https:\/\/1001voyagesgourmands.com\/cs\/wp-json\/wp\/v2\/users\/1"}],"replies":[{"embeddable":true,"href":"https:\/\/1001voyagesgourmands.com\/cs\/wp-json\/wp\/v2\/comments?post=14610"}],"version-history":[{"count":0,"href":"https:\/\/1001voyagesgourmands.com\/cs\/wp-json\/wp\/v2\/posts\/14610\/revisions"}],"wp:featuredmedia":[{"embeddable":true,"href":"https:\/\/1001voyagesgourmands.com\/cs\/wp-json\/wp\/v2\/media\/14640"}],"wp:attachment":[{"href":"https:\/\/1001voyagesgourmands.com\/cs\/wp-json\/wp\/v2\/media?parent=14610"}],"wp:term":[{"taxonomy":"category","embeddable":true,"href":"https:\/\/1001voyagesgourmands.com\/cs\/wp-json\/wp\/v2\/categories?post=14610"},{"taxonomy":"post_tag","embeddable":true,"href":"https:\/\/1001voyagesgourmands.com\/cs\/wp-json\/wp\/v2\/tags?post=14610"}],"curies":[{"name":"wp","href":"https:\/\/api.w.org\/{rel}","templated":true}]}}